{"id":2317,"date":"2018-06-09T09:33:42","date_gmt":"2018-06-09T09:33:42","guid":{"rendered":"https:\/\/www.dublineventguide.com\/blog\/?p=2317"},"modified":"2018-06-09T09:42:56","modified_gmt":"2018-06-09T09:42:56","slug":"dublin-event-guide-573-ucd-festival-la-na-mban-dublin-kite-festival-fusion-sunday-bike-week-bloomsday","status":"publish","type":"post","link":"https:\/\/www.dublineventguide.com\/blog\/index.php\/allgemein\/dublin-event-guide-573-ucd-festival-la-na-mban-dublin-kite-festival-fusion-sunday-bike-week-bloomsday\/","title":{"rendered":"Dublin Event Guide 573: UCD Festival, La na mBan, Dublin Kite Festival, Fusion Sunday, Bike Week, Bloomsday"},"content":{"rendered":"<table width=\"817\" cellpadding=\"0\" cellspacing=\"0\" style=\"background-color:#f4f4f4;font-family:Arial\">\n<tr>\n<td>\n<table width=\"100%\" cellpadding=\"0\" cellspacing=\"0\" style=\"background-color:#d7006b\">\n<tr height=\"24\">\n<td width=\"30\"><a name=\"dff_top\"><\/a><\/td>\n<td width=\"105\"><\/td>\n<td width=\"480\"><\/td>\n<td width=\"175\"><\/td>\n<td width=\"30\"><\/td>\n<\/tr>\n<tr>\n<td><\/td>\n<td><img loading=\"lazy\" decoding=\"async\" src=\"http:\/\/dublineventguide.com\/dff\/admin\/images\/logo_email.png\" width=\"89\" height=\"88\" alt=\"DEG\" \/><\/td>\n<td><img loading=\"lazy\" decoding=\"async\" src=\"http:\/\/dublineventguide.com\/dff\/admin\/images\/dublinguide_energia.png\" alt=\"Dublin Event Guide (for Free Events)\" width=\"445\" height=\"60\" \/><\/p>\n<p style=\"font-family:arial;font-size:14px;color:#74073d;padding: 5px;margin:0;\">No. <strong>573<\/strong> | 08 June 2018<\/p>\n<\/td>\n<td>\n<div style=\"background-color:#8d034a;border-radius:5px;width:160px;height:75px;margin-left:8px\">\n<p style=\"font-family:arial;font-size:15px;color:#fff;margin:0;padding:10px 0;text-align:center;\">Subscribers: 24,150\t\t\t\t\t\t\t<br \/><a href=\"http:\/\/www.facebook.com\/DublinEventGuide\"><img loading=\"lazy\" decoding=\"async\" src=\"http:\/\/dublineventguide.com\/dff\/admin\/images\/like.png\" width=\"58\" height=\"22\" style=\"padding-top:10px;\" \/><\/a><\/p>\n<\/div>\n<\/td>\n<td><\/td>\n<\/tr>\n<tr height=\"24\">\n<td colspan=\"5\"><\/td>\n<\/tr>\n<tr style=\"line-height: 1px; font-size: 1px; overflow: hidden; height: 4px;\">\n<td colspan=\"5\" style=\"font-size: 1px; line-height: 1px; height: 4px; overflow: hidden;\"><img loading=\"lazy\" decoding=\"async\" src=\"http:\/\/dublineventguide.com\/dff\/admin\/images\/divider.png\" width=\"817\" height=\"4\" \/><\/td>\n<\/tr>\n<\/table>\n<table width=\"100%\" cellpadding=\"0\" cellspacing=\"0\" style=\"background-color:#8d034a\">\n<tr>\n<td>\n<p style=\"color:#fff;font-family:arial;font-size:13px;text-align:center;padding:0;line-height:24px\"><a href=\"#news\" style=\"color:#fff;text-decoration:none\">Dublin News<\/a> &#8211; <a href=\"#competitions\" style=\"color:#fff;text-decoration:none\">Competitions<\/a> &#8211; <a href=\"#support\" style=\"color:#fff;text-decoration:none\">Support the Guide<\/a> &#8211;  <a href=\"#picks\" style=\"color:#fff;text-decoration:none\">Joerg&#8217;s Picks<\/a> &#8211; <a href=\"#feel\" style=\"color:#fff;text-decoration:none\">Feel Good<\/a> &#8211; <a href=\"#odd\" style=\"color:#fff;text-decoration:none\">This is Odd<\/a><br \/><a href=\"#day_1528498800\" style=\"color:#fff;text-decoration:none\">Sat<\/a> &#8211; <a href=\"#day_1528585200\" style=\"color:#fff;text-decoration:none\">Sun<\/a> &#8211; <a href=\"#day_1528671600\" style=\"color:#fff;text-decoration:none\">Mon<\/a> &#8211; <a href=\"#day_1528758000\" style=\"color:#fff;text-decoration:none\">Tue<\/a> &#8211; <a href=\"#day_1528844400\" style=\"color:#fff;text-decoration:none\">Wed<\/a> &#8211; <a href=\"#day_1528930800\" style=\"color:#fff;text-decoration:none\">Thu<\/a> &#8211; <a href=\"#day_1529017200\" style=\"color:#fff;text-decoration:none\">Fri<\/a> &#8211; <a href=\"#coming\" style=\"color:#fff;text-decoration:none\">Events Coming Up<\/a> &#8211; <a href=\"#exhibitions\" style=\"color:#fff;text-decoration:none\">Exhibitions<\/a><\/p>\n<\/td>\n<\/tr>\n<\/table>\n<table width=\"100%\" cellpadding=\"0\" cellspacing=\"0\">\n<tr>\n<td style=\"padding:15px 30px\">\n<div style=\"font-size:13px;color:#534438;line-height:20px;\">\n<p style=\"margin:10px 0;\">Hi all!<\/a><\/p>\n<p style=\"margin:10px 0;\">It is a busy weekend again. June is high season for events and this week we have nearly 210 events to go to! Luckily I got the Dublin Event Guide finished a little sooner than usually! So, enjoy and make the most of the weekend!<\/a><\/p>\n<p>[quads id=1]<\/p>\n<p style=\"margin:10px 0;\">Luckily there were some wonderful helpers sending donations again last week, cause it looked bad! The bill is now down by EUR 90 to EUR 225 that we need to find in June! I really really need your help! If you could support the Dublin Event Guide, I am suggesting a very fair EUR 12 for the year, that&#8217;s just 23 cent per Dublin Event Guide Edition or less than 3 pints for the whole year! That&#8217;s not much if you think about how much value the Dublin Event Guide brings you every week! ;-) Higher and lower donations are also appreciated! Every Euro counts!<\/a><\/p>\n<p>If you are a great and helpful person, you can help via <a href=\"https:\/\/www.paypal.me\/DublinEventGuide\" target=\"_blank\" style=\"color:#cc2979;text-decoration:none;\">PayPal here<\/a> or if you don&#8217;t like PayPal too much and prefer to use your credit card go to <a href=\"http:\/\/www.gofundme.com\/DublinEventGuide\" target=\"_blank\" style=\"color:#cc2979;text-decoration:none;\">GoFundMe here<\/a>. THANK YOU!!<\/p>\n<p>And don&#8217;t forget that you can also help without spending a cent of your own money, if you buy through the advertisement links that are in the Dublin Event Guide or that are on the Dublin Event Guide Shopping Page at <a href=\"http:\/\/www.DublinEventGuide.com\/shop\" target=\"_blank\" style=\"color:#cc2979;text-decoration:none;\">http:\/\/www.DublinEventGuide.com\/shop<\/a> If you want to buy from Groupon or LivingSocial or Amazon or Bookdepository or eBay or Asos or PrettyLittleThing or SportsDirect, just go to that website and click on the relevant link and it will bring you to the right place. The company you buy from will take 5-8% out of their profit (depending on the company) and will reward the Dublin Event Guide for promoting that company. But importantly you don&#8217;t pay more! Here are the links: <a href=\"http:\/\/www.dublineventguide.com\/shop\" target=\"_blank\" style=\"color:#cc2979;text-decoration:none;\">www.dublineventguide.com\/shop<\/a> Thanks for using this page!<\/p>\n<p style=\"margin:10px 0;\">++++++++<\/a><\/p>\n<p>The Dublin Event Guide needs your continued help in two areas: Your <a href=\"https:\/\/www.paypal.me\/DublinEventGuide\" target=\"_blank\" style=\"color:#cc2979;text-decoration:none;\">donations<\/a> help paying the bills. Just 1 Euro per month (12 Euro per year) would be great, more would be even better. Not many subscribers are prepared (or able) to help, so please don&#8217;t rely on others! Your money will be used to pay the monthly EUR 240 bill for sending the newsletter using <a href=\"http:\/\/www.eepurl.com\/q2OyT\" target=\"_blank\" style=\"color:#cc2979;text-decoration:none;\">MailChimp<\/a>, for web hosting and domain names. I am happy to work 35 hours on the Dublin Event Guide every week without making anything from it, but for the bills I need your help.<\/p>\n<p>You can make your donation at <a href=\"http:\/\/www.perfectresults.info\/donate.htm\" style=\"color:#cc2979;text-decoration:none;\">http:\/\/www.perfectresults.info\/donate.htm<\/a> using Paypal or CreditCard or send me a mail at <a href=\"mailto:dublineventguide@gmail.com\" style=\"color:#cc2979;text-decoration:none;\">dublineventguide@gmail.com<\/a> if you prefer to pay by bank transfer. Corporate or enterprise sponsors are very welcome too and will get a bundle of benefits as a thank you for their donation, contact me on sponsorship@dublineventguide.com to discuss the details.<\/p>\n<p>And here is the second area where you can help: Without you spreading the word we would have never reached 24,000 subscribers and 75,000 Facebook Likes. Send your friends to <a href=\"http:\/\/www.dublineventguide.com\" target=\"_blank\" style=\"color:#cc2979;text-decoration:none;\">http:\/\/www.dublineventguide.com<\/a> where they can subscribe as well.<\/p>\n<p style=\"margin:10px 0;\">+++++++++++<\/a><\/p>\n<p style=\"margin:10px 0;\">And here is a great opportunity to help the Dublin Event Guide for absolutely no cost to you:<\/a><\/p>\n<p>Without putting your hand in your pocket at all you can help the Dublin Event Guide! Just use the ad links in the Dublin News Section and the banner ads in other sections as often as possible when you buy\/order goods. If you buy goods immediately (in the same session) after clicking on a link\/ad that you find in this publication (for example for <a href=\"https:\/\/clk.tradedoubler.com\/click?p=264874&#038;a=1719778&#038;g=22827784\" target=\"_blank\" style=\"color:#cc2979;text-decoration:none;\">Groupon<\/a>, <a href=\"http:\/\/www.awin1.com\/awclick.php?mid=4319&#038;id=140544\" target=\"_blank\" style=\"color:#cc2979;text-decoration:none;\">LivingSocial<\/a>, <a href=\"http:\/\/www.amazon.co.uk\/?_encoding=UTF8&#038;camp=1634&#038;creative=6738&#038;linkCode=ur2&#038;tag=dubeveguiforf-21\" target=\"_blank\" style=\"color:#cc2979;text-decoration:none;\">Amazon<\/a>, <a href=\"http:\/\/www.bookdepository.com?a_aid=dubevg\" target=\"_blank\" style=\"color:#cc2979;text-decoration:none;\">Book Depository<\/a>, <a href=\"http:\/\/www.awin1.com\/cread.php?s=308748&#038;v=4363&#038;q=145658&#038;r=140544\" target=\"_blank\" style=\"color:#cc2979;text-decoration:none;\">LastMinute<\/a> etc), then you help the Dublin Event Guide everytime.<br \/>This is how it works: The company you buy from will give a small commission (5-8%) to the Dublin Event Guide as a thanks for pointing you in their direction. This might only be 30 cent a go, but if many of you did it every time you buy something online, then it could make a big dent into the EUR 240 needed. Importantly, you do not pay more, but the merchant accepts a slightly smaller profit. So clicking on these ads is helping everybody! Thanks!<\/p>\n<p style=\"margin:10px 0;\">Have an event-full weekend and week,<\/a><\/p>\n<p style=\"margin:10px 0;\">&#8211;Joerg<\/a><\/p>\n<p style=\"margin:10px 0;\">Find the Dublin Event Guide (for Free Events) online presence here:<\/a><\/p>\n<p>Website: <a href=\"http:\/\/www.DublinEventGuide.com\" target=\"_blank\" style=\"color:#cc2979;text-decoration:none;\">http:\/\/www.DublinEventGuide.com<\/a><br \/> Facebook: <a href=\"http:\/\/www.facebook.com\/DublinEventGuide\" target=\"_blank\" style=\"color:#cc2979;text-decoration:none;\">http:\/\/www.facebook.com\/DublinEventGuide<\/a><br \/> Mobile App: <a href=\"http:\/\/m.dublineventguide.com\" target=\"_blank\" style=\"color:#cc2979;text-decoration:none;\">http:\/\/m.dublineventguide.com<\/a><br \/> Twitter: <a href=\"http:\/\/www.twitter.com\/DublinEventG\" target=\"_blank\" style=\"color:#cc2979;text-decoration:none;\">http:\/\/www.twitter.com\/DublinEventG<\/a><\/p>\n<\/div>\n<p><a href=\"http:\/\/www.facebook.com\/DublinEventGuide\"><img loading=\"lazy\" decoding=\"async\" src=\"http:\/\/dublineventguide.com\/dff\/admin\/images\/like.png\" width=\"58\" height=\"22\" style=\"padding-top:10px;\" \/><\/a><\/p>\n<div style=\"font-size:13px;color:#534438;line-height:20px;\">\n<p>We are more than 75,000 people on the Dublin Event Guide &#8211; Facebook Page at <a href=\"http:\/\/www.facebook.com\/DublinEventGuide\" target=\"_blank\" style=\"color:#cc2979;text-decoration:none;\">http:\/\/www.facebook.com\/DublinEventGuide<\/a> and are growing every week. Join in and click LIKE on the Facebook page and tell your friends! You will get last minute updates and event reminders through the Facebook Page and you can share your free events directly there with the other people in the Dublin Event Guide Community.<\/p>\n<\/div>\n<p style=\"font-size:13px;color:#534438;line-height:20px;margin:10px 0\">&#8211;Advertisement&#8212;&#8212;&#8212;&#8212;&#8212;&#8212;&#8212;&#8212;&#8212;&#8212;&#8212;&#8212;<\/p>\n<p style=\"font-size:13px;color:#534438;line-height:20px;margin:10px 0\"><\/a><a href=\"https:\/\/www.energia.ie\"><img decoding=\"async\" src=\"http:\/\/www.dublineventguide.com\/energia\/Energia_728x90_5166.jpg\" alt=\"Energia\" align=\"left\" \/><\/a><\/p>\n<\/td>\n<\/tr>\n<\/table>\n<table width=\"100%\" cellpadding=\"0\" cellspacing=\"0\" id=\"feel\">\n<tr>\n<td><a name=\"feel\"><\/a><a href=\"#dff_top\" style=\"text-decoration:none\"><img decoding=\"async\" src=\"http:\/\/dublineventguide.com\/dff\/admin\/images\/dividers\/feelgood.png\" alt=\"Feel good slot\" border=\"0\" \/><\/a><\/td>\n<\/tr>\n<\/table>\n<table width=\"100%\" cellpadding=\"0\" cellspacing=\"0\">\n<tr>\n<td style=\"padding: 0 30px 15px\">\n<div style=\"font-size:13px;color:#534438;line-height:20px;\">\n<p style=\"margin:10px 0;\">The &#8220;Feel Good Slot&#8221; at this place in the Dublin Event Guide is to share some inspirational, motivational or thought provoking quotes, stories or video clips. You wonder why I added this section to this e-mail magazine? If your week was great, you might not need it, but most of us had some challenging moments in the last week and there could be more in the coming week and this section is for the people that want to overcome the hurdles, achieve more and remember that despite all, life is great!<\/a><\/p>\n<p style=\"margin:10px 0;\">This week&#8217;s Feel Good Slot is <\/a><\/p>\n<p><strong>&#8220;We met for a reason! Either you are a blessing or a lesson.&#8221; &#8211; Unknown<\/strong><\/p>\n<p style=\"margin:10px 0;\">We don&#8217;t know who said it, but it is some interesting\/wise way of looking at all the encounters with others we have throughout life.<\/a><\/div>\n<p style=\"font-size:13px;color:#534438;line-height:20px;margin:10px 0\">&#8211;Advertisement&#8212;&#8212;&#8212;&#8212;&#8212;&#8212;&#8212;&#8212;&#8212;&#8212;&#8212;&#8212;<\/p>\n<p style=\"font-size:13px;color:#534438;line-height:20px;margin:10px 0\">\n<table style=\"width:100%\">\n<tr>\n<td><a href=\"http:\/\/www.bookdepository.com?a_aid=dubevg&#038;a_bid=fdd322a7\" target=\"_blank\"><img loading=\"lazy\" decoding=\"async\" src=\"http:\/\/banners1.bookdepository.com\/accounts\/default1\/banners\/P_Generic_300x250.jpg\" alt=\"Free Delivery on all Books at the Book Depository\" title=\"Free Delivery on all Books at the Book Depository\" width=\"300\" height=\"250\" border=\"1\" \/><\/a><img loading=\"lazy\" decoding=\"async\" style=\"border:0\" src=\"https:\/\/affiliates.bookdepository.com\/scripts\/imp.php?a_aid=dubevg&#038;a_bid=fdd322a7\" width=\"1\" height=\"1\" alt=\"\" \/><\/td>\n<td><a href=\"https:\/\/www.awin1.com\/cread.php?s=550739&#038;v=6518&#038;q=267837&#038;r=140544\"><img decoding=\"async\" src=\"https:\/\/www.awin1.com\/cshow.php?s=550739&#038;v=6518&#038;q=267837&#038;r=140544\" border=\"0\"><\/a><\/td>\n<\/tr>\n<tr>\n<td>\nBOOK DEPOSITORY &#8211; BEST BOOKSELLER <br \/>\nBooks for lowest prices, sent to you with free <br \/>\nworldwide delivery. And with every book you <br \/>\nbuy, you directly help the Dublin Event Guide. <br \/>\n&#8230;IF you click on the link below! <br \/><a href=\"http:\/\/www.bookdepository.com?a_aid=dubevg\"  style=\"color:#cc2979;text-decoration:none;\">www.bookdepository.com<\/a><\/td>\n<td>PRETTYLITTLETHING &#8211; Fashion at Affor dable Prices<br \/>\nPrettyLittleThing is the place for the fashion savvy girl<br \/>\nto get all she needs for aff ordable prices. <br \/>\nDelivery is free on orders over EUR 30. <br \/><a href=\"https:\/\/www.awin1.com\/cread.php?s=550739&#038;v=6518&#038;q=267837&#038;r=140544\" style=\"color:#cc2979;text-decoration:none;\">www.prettylittlething.com <\/a><\/td>\n<\/tr>\n<\/table>\n<p><a href=\"https:\/\/www.awin1.com\/cread.php?s=541087&#038;v=6285&#038;q=262893&#038;r=140544\"><img decoding=\"async\" src=\"https:\/\/www.awin1.com\/cshow.php?s=541087&#038;v=6285&#038;q=262893&#038;r=140544\" border=\"0\"><\/a><\/p>\n<\/td>\n<\/tr>\n<\/table>\n<table width=\"100%\" cellpadding=\"0\" cellspacing=\"0\" id=\"support\">\n<tr>\n<td><a name=\"support\"><\/a><a href=\"#dff_top\" style=\"text-decoration:none\"><img decoding=\"async\" src=\"http:\/\/dublineventguide.com\/dff\/admin\/images\/dividers\/support.png\" alt=\"Support\" border=\"0\" \/><\/a><\/td>\n<\/tr>\n<\/table>\n<table width=\"100%\" cellpadding=\"0\" cellspacing=\"0\">\n<tr>\n<td style=\"padding: 0 30px 15px\">\n<div style=\"font-size:13px;color:#534438;line-height:20px;\">\n<p style=\"margin:10px 0;\">This part is important to &#8220;keep the show on the road&#8221;:<\/a><\/p>\n<p>To cover the cost for the Dublin Event Guide I need your help and every week generous and nice Dublin Event Guide readers <a href=\"http:\/\/www.perfectresults.info\/donation.htm\" target=\"_blank\" style=\"color:#cc2979;text-decoration:none;\">help with a donation<\/a>.<\/p>\n<p style=\"margin:10px 0;\">Last week Clodagh O&#8217;C, Grace L, Peter D, Mona O&#8217;R, Maria J, Ryan M, Sharon B helped with a MUCH needed donation. Phew!! Without donations, the Dublin Event Guide will not survive, for that reason I thank you very much!! Unfortunately I need even more people to help like the wonderful people that helped last week!<\/a><\/p>\n<p>The cost for sending the weekly newsletter is EUR 240 per month and a donation from you of just EUR 12 per year will ensure that I will be able to pay the bills. <br \/>Has the Dublin Event Guide helped you to find events that you otherwise wouldn&#8217;t have known about, or have you saved money by finding great free events? Then please go to <a href=\"http:\/\/www.perfectresults.info\/donate.htm\" target=\"_blank\" style=\"color:#cc2979;text-decoration:none;\">here<\/a> and give something back if you can!<\/p>\n<p style=\"margin:10px 0;\">I appreciate ANY help: EUR 12 would be great (that&#8217;s just 25 cent per week!), but even if it is just the price of 2 pints it will help.<\/a><\/p>\n<p>You can donate online by following this link to the PayPal&#038;CreditCard <a href=\"http:\/\/www.perfectresults.info\/donation.htm\" target=\"_blank\" style=\"color:#cc2979;text-decoration:none;\">donation page<\/a>. If you want to transfer your donation directly to my account, just send a mail to dublineventguide@gmail.com and I will send you the details.<\/p>\n<p>In the last 12 months the following wonderful people have sponsored this Dublin Event Guide:<br \/> Deirdre M, Howard L, Paul R, Linda McD, Isidro G, Gemma O&#8217;N, Aoife M, Anita W, Mark R, Clodagh O&#8217;C, Niamh D, Odhran K, Belinda B, Eimear L, Brian R, Andrew G, Marta T, Linda C, Grainne F, Rita B, Rosemary K, Mary McK, Ger O&#8217;B, Alison J, Sinead L, Lesley C, Noel N, Majella M, Mona O&#8217;R, Leigh P, Eric C, Anette K D, Aoife G, Aidan C, George K, Rita B, Thomas G, Roy C, Jutta B-S, Lorna O&#8217;C, Aisling McK, Miriam L, Fergus O&#8217;T, Julia Sch, Helen B, Susan H, Paula R, Justin M, Tony B, Ross M, Daniel L, Susan F, Joan S, Rachel McG, John F, Ann Marie S, Melanie B, Magdalena H, Leigh Ph, Mark G, Joanne M, Louise F, Kathryn H, Ornaigh G, Eamonn U, Gerard Ph, Fiona F, Gabriel K, Laura C, Aislinn T, Barry M, Joan S, Nicole W, Tara R, Denise G, Ann M, Mairin M, Daire O&#8217;C, Anne H, Anne H, Comet Records, John F, Nora O&#8217;K, David O&#8217;K, Karen+Brian F, Estelle K, Ann McP, Noelle H, Pat M, Meav Ni M, Jutta B-S, Jamie C, Leigh Ph, Irene D M, Michael D, Joan S, Melanie B, Anita W, Maria F, Moira dF, Arthur D, Catherine G, Clodagh C, Elaine K, Majella M, Ann M, Clodagh O&#8217;C, Claire R, Leigh Ph, Sarah L, Mark G, Erzsebet H, Isidro G, Karen A, Sean S, Melanie M, Zelie McG, Lindsay R, Thibaut D, Pia O, James B, Marguerite D, Shai C, Susan K, Agnieszka S-S, Alice K, Ieva B, Ruth L, Ana RT, Rita B, Sueanne O&#8217;H, Rosemary M, Darragh D, Lorraine S, Helena S, Carija I, Pat McK, Jennifer R, Sophie P-L, Jenny B, Catherine F, Stephen S, Juliana A Y, Caoimhe NiM, Damien B, Shane O&#8217;B, Melanie S, Audrey H, Catherine E, Michele McN, Susan B, Sharon K, Bill G, Malachy B, Catherine O&#8217;S, Paula R, Pamela A, Eleonora P, Thomas B, Karen K, Brendan M, Eric O&#8217;F, Gale G, Daniel LG, Mark G, Margo C, Joan S, Debbie C, Karen McG, Eric C, Irish Family Names, Tom McM, Aishling B, Ana RT, Eamonn McG, Silja P, Nicola R, Jacinta O&#8217;B, Siobhan B, Orla P, Sharon G, Isidro G, Carmel C, Roisin R, Mona R, Suzanne D, Tracey O&#8217;C, Jessica G, Barbara L, Frances D, Emmet R, Irene C, Eugene McG, Stuart N, Laurie F, Joan S, Mark C, Clodagh O&#8217;C, Grace L, Peter D, Mona O&#8217;R, Maria J, Ryan M, Sharon B and Travel Agency &#8220;Project Travel&#8221; (<a href=\"http:\/\/www.project-travel.ie\" target=\"_blank\" style=\"color:#cc2979;text-decoration:none;\">www.project-travel.ie<\/a> Ireland&#8217;s only Norway and Northern Lights Travel Experts), Arthur&#8217;s Pub (<a href=\"http:\/\/www.arthurspub.ie\" target=\"_blank\" style=\"color:#cc2979;text-decoration:none;\">www.arthurspub.ie<\/a> A classic Dublin old-style pub in 28 Thomas Street with a new and buzzing music venue that runs lots of events), the Speedfriending Ireland Meet-up Group (<a href=\"http:\/\/www.meetup.com\/Events-Drinks-Talks-Dublin\/\" style=\"color:#cc2979;text-decoration:none;\">www.meetup.com\/Events-Drinks-Talks-Dublin\/<\/a>) (Where you can meet lots of new people and make friends), Cycling Campaign (<a href=\"http:\/\/www.dublincycling.ie\" target=\"_blank\" style=\"color:#cc2979;text-decoration:none;\">www.dublincycling.ie<\/a>), <a href=\"http:\/\/www.oliviercornetgallery.com\" target=\"_blank\" style=\"color:#cc2979;text-decoration:none;\">www.oliviercornetgallery.com<\/a> (An Art Gallery in 5 Cavendish Row), <a href=\"http:\/\/www.thepaulkanegallery.com\" target=\"_blank\" style=\"color:#cc2979;text-decoration:none;\">www.thepaulkanegallery.com<\/a> (A great Art Gallery, on the search for a new venue), <a href=\"http:\/\/www.cfcp.ie\" target=\"_blank\" style=\"color:#cc2979;text-decoration:none;\">www.cfcp.ie<\/a> (The Centre for Creative Practices is the the only arts centre in Ireland dedicated to connecting, integrating and promoting immigrant, experimental and emerging artists among the local arts scene and audiences).<\/p>\n<p><a href=\"https:\/\/www.energia.ie\"><img decoding=\"async\" src=\"http:\/\/www.dublineventguide.com\/gif\/Energia_Logo_sm.jpg\" alt=\"Energia\" align=\"left\" \/><\/a>The main sponsor is <a href=\"https:\/\/www.energia.ie\" target=\"_blank\" style=\"color:#cc2979;text-decoration:none;\">Energia<\/a> and their support is hugely appreciated! <strong>Energia<\/strong> provides cost efficient electricity and gas to Irish homes and businesses. The company is committed to developing renewable energy sources in Ireland and over 25% of the country&#8217;s wind power is supplied through <strong>Energia<\/strong>. <strong>Energia<\/strong>&#8216;s power plants in North Dublin are capable of providing enough energy to power 1.2 million homes.<\/p>\n<p style=\"margin:10px 0;\">All events listed in this Event Guide are free of any admission charges (or at least appear to be free) unless otherwise stated. I try to find confirmation in all cases and do my best to double-check the information. However errors can happen and therefore no guarantee for correctness can be given.<\/a><\/div>\n<p style=\"font-size:13px;color:#534438;line-height:20px;margin:10px 0\">&#8211;Advertisement&#8212;&#8212;&#8212;&#8212;&#8212;&#8212;&#8212;&#8212;&#8212;&#8212;&#8212;&#8212;<\/p>\n<p style=\"font-size:13px;color:#534438;line-height:20px;margin:10px 0\"><a href=\"https:\/\/clk.tradedoubler.com\/click?p=264874&#038;a=1719778&#038;g=22827784\"><img decoding=\"async\" src=\"http:\/\/www.dublineventguide.com\/gif\/Groupon728.jpg\" border=\"0\"><\/a><\/p>\n<\/td>\n<\/tr>\n<\/table>\n<table width=\"100%\" cellpadding=\"0\" cellspacing=\"0\" id=\"picks\">\n<tr>\n<td><a name=\"picks\"><\/a><a href=\"#dff_top\" style=\"text-decoration:none\"><img decoding=\"async\" src=\"http:\/\/dublineventguide.com\/dff\/admin\/images\/dividers\/joergspicks.png\" alt=\"Joergs Picks\" border=\"0\" \/><\/a><\/td>\n<\/tr>\n<\/table>\n<table width=\"100%\" cellpadding=\"0\" cellspacing=\"0\">\n<tr>\n<td style=\"padding: 0 30px 15px\">\n<div style=\"font-size:13px;color:#534438;line-height:20px;\">\n<p><em>This section is intended to provide some help in picking and choosing from the huge number of events by sharing with you what I will\/might or would do. This is not a &#8220;best of&#8230;&#8221; list and if an event is not listed here, it by no means implies that the event is not interesting. Instead my &#8220;picks&#8221; are just based on my personal preferences. All events mentioned here are described in detail further down.<\/em><\/p>\n<p style=\"margin:10px 0;\">This weekend the UCD Festival on Saturday, Ruaille Buaille also on Saturday and then the Fusion Sunday&#8217;s World Culture Market and the Dublin Kite Festival are on my list. Also check out the large amount of free Bike Week events!<\/a><\/div>\n<p style=\"font-size:13px;color:#534438;line-height:20px;margin:10px 0\">&#8211;Advertisement&#8212;&#8212;&#8212;&#8212;&#8212;&#8212;&#8212;&#8212;&#8212;&#8212;&#8212;&#8212;<\/p>\n<p style=\"font-size:13px;color:#534438;line-height:20px;margin:10px 0\"><a href='https:\/\/www.amazon.co.uk\/b?node=560798&#038;tag=dubeveguiforf-21&#038;camp=3294&#038;creative=22050&#038;linkCode=ur1&#038;adid=1BJB8D9XAB6M7P72RJX8&#038;' target='_blank'><img src='http:\/\/www.dublineventguide.com\/gif\/amazonelec.jpg' width='728' height='90'><\/a><br \/>\nBUY FROM AMAZON VIA THIS LINK TO HELP THE DUBLIN EVENT GUIDE<br \/>\nPostage to Ireland is free for most orders if you buy for more than GBP 25! And with every order via this link, the Dublin Event Guide (for Free Events) gets a small commission: <a href='https:\/\/www.amazon.co.uk\/b?node=560798&#038;tag=dubeveguiforf-21' target='_blank' style=\"color:#cc2979;text-decoration:none;\"> HERE<\/a> It doesn&#8217;t cost you anything more, but you help the Dublin Event Guide. Use the link as often as possible! <\/p>\n<\/td>\n<\/tr>\n<\/table>\n<table width=\"100%\" cellpadding=\"0\" cellspacing=\"0\" id=\"competitions\">\n<tr>\n<td><a name=\"competitions\"><\/a><a href=\"#dff_top\" style=\"text-decoration:none\"><img decoding=\"async\" src=\"http:\/\/dublineventguide.com\/dff\/admin\/images\/dividers\/competitions.png\" alt=\"Competitions\" border=\"0\" \/><\/a><\/td>\n<\/tr>\n<\/table>\n<table width=\"100%\" cellpadding=\"0\" cellspacing=\"0\">\n<tr>\n<td style=\"padding: 0 30px; margin-bottom: 15px;\">\n<h2 style=\"font-size:16px;color:#534438;margin:0 0 5px;font-weight:normal; margin-top: 15px;\">Cincinnati Youth Wind Orchestra &#038; Dublin Concert Band &#8211; Concert<\/h2>\n<h3 style=\"font-size:13px;margin:0;padding:0;line-height:16px;color:#534438;\"><\/h3>\n<div style=\"font-size:13px;color:#534438;line-height:20px;margin:0;padding-top:0;\">\n<p>Sunday 17 June &#8211; 20:00<br \/>Mahony Hall, The Helix, Collins Ave, DCU, Glasnevin Campus, Dublin 9<\/p>\n<p style=\"margin:10px 0;\">The 50 student strong Cincinnati Youth Wind Orchestra (from Ohio, USA) will perform alongside the Dublin Concert Band at this concert on Sunday 17 June in The Helix. They will perform works from Karrick, Ticheli, Fillmore, Bernstein and more.<\/a><\/p>\n<p>Tickets are EUR 5 and can be <a href=\"http:\/\/thehelix.ie\/what-s-on\/all-events\/cincinatti-youth-wind-ensemble-dublin-concert-ba\/\" target=\"_blank\" style=\"color:#cc2979;text-decoration:none;\">bought here<\/a>.<\/p>\n<p style=\"margin:10px 0;\">For the Dublin Event Guide Readers, the organisers have made 10  pairs of tickets available and if you want to win a pair, send a mail to dublineventguide@gmail.com with CINCINNATI in the subject line and with your name and mobile phone number in the body of the mail. Your mail has to be with my by 14:00 on Thursday 14 June.<\/a><\/p>\n<p style=\"margin:10px 0;\">And here is a special offer, but no guarantee: If you want to go with your family, let me know how many tickets you need and I will see if I can get more than a pair for you!<\/a><\/div>\n<\/td>\n<\/tr>\n<tr>\n<td style=\"padding: 0 30px; margin-bottom: 15px;\">\n<h2 style=\"font-size:16px;color:#534438;margin:0 0 5px;font-weight:normal; margin-top: 15px;\">Lica B Browne&#8217;s Energy Healing and Spirit Travel<\/h2>\n<h3 style=\"font-size:13px;margin:0;padding:0;line-height:16px;color:#534438;\"><\/h3>\n<div style=\"font-size:13px;color:#534438;line-height:20px;margin:0;padding-top:0;\">\n<p style=\"margin:10px 0;\">This is not really a competition, instead it is an offer by Lica B Brown for all interested Dublin Event Guide readers. So maybe I should call it a &#8220;competition with a success guarantee&#8221;?! ;-)<\/a><\/p>\n<p style=\"margin:10px 0;\">Lica B Brown is an Energy Healer, Spirit Guide, Artist and Entrepreneur and she provides Energy Healing and Spirit Travel sessions. She is offering a free sessions to all interested Dublin Event Guide readers. You should definitely read the description on the website below, before you book a session so that you understand what is offered and can decide if this is for you. Then you can book via meetingbbrowne@gmail.com<\/a><\/p>\n<p>In Lica&#8217;s words, this is what she is offering<br \/>&#8220;If you have tried many things and they help a bit, or not at all. You are unsure what to do, but now your mind-heart is open to something new. A healing some call illusionary \u2013 is it an illusion that we are more than the sum of our parts? Is it an illusion that we do not know what keeps us alive \u2013 it is not physical for sure, but subtle, like subtle energy. My Energy Healing and Spirit Travel can help you with many soul, emotional, intellect and physical ailments. Witness my clients\u2019 testimonies.&#8221;<\/p>\n<p>Find all details via this link <a href=\"https:\/\/gturl.eu\/LicaBBrowne\" style=\"color:#cc2979;text-decoration:none;\">https:\/\/gturl.eu\/LicaBBrowne<\/a><\/p>\n<\/div>\n<\/td>\n<\/tr>\n<tr>\n<td style=\"padding: 0 30px; margin-bottom: 15px;\">\n<h2 style=\"font-size:16px;color:#534438;margin:0 0 5px;font-weight:normal; margin-top: 15px;\">More competitions to come soon!<\/h2>\n<h3 style=\"font-size:13px;margin:0;padding:0;line-height:16px;color:#534438;\"><\/h3>\n<div style=\"font-size:13px;color:#534438;line-height:20px;margin:0;padding-top:0;\"><\/div>\n<\/td>\n<\/tr>\n<tr>\n<td style=\"padding: 0 30px 15px\">\n<p style=\"font-size:13px;color:#534438;line-height:20px;margin:10px 0\">&#8211;Advertisement&#8212;&#8212;&#8212;&#8212;&#8212;&#8212;&#8212;&#8212;&#8212;&#8212;&#8212;&#8212;<\/p>\n<p style=\"font-size:13px;color:#534438;line-height:20px;margin:10px 0\"><a href=\"http:\/\/appsumo.pxf.io\/c\/1202393\/418034\/7443\"><img loading=\"lazy\" decoding=\"async\" src=\"http:\/\/a.impactradius-go.com\/display-ad\/7443-418034\" border=\"0\" alt=\"\" width=\"425\" height=\"155\"\/><\/a><img loading=\"lazy\" decoding=\"async\" height=\"0\" width=\"0\" src=\"http:\/\/appsumo.pxf.io\/i\/1202393\/418034\/7443\" style=\"position:absolute;visibility:hidden;\" border=\"0\" \/><\/p>\n<p>AppSumo is the Groupon or LivingSocial for Business Software! A Discount platform for applications that you need to run your business. Check it out at <a href=\"http:\/\/appsumo.pxf.io\/c\/1202393\/418034\/7443\" target=\"_blank\" style=\"color:#cc2979;text-decoration:none;\"> AppSumo <\/a><\/p>\n<\/p>\n<\/td>\n<\/tr>\n<\/table>\n<table width=\"100%\" cellpadding=\"0\" cellspacing=\"0\" id=\"news\" style=\"margin-top: 10px;\">\n<tr>\n<td><a name=\"news\"><\/a><a href=\"#dff_top\" style=\"text-decoration:none\"><img decoding=\"async\" src=\"http:\/\/dublineventguide.com\/dff\/admin\/images\/dividers\/news.png\" alt=\"Dublin news\" border=\"0\" \/><\/a><\/td>\n<\/tr>\n<\/table>\n<table width=\"100%\" cellpadding=\"0\" cellspacing=\"0\">\n<tr>\n<td style=\"padding: 0 30px; margin-bottom: 15px;\">\n<h2 style=\"font-size:16px;color:#534438;margin:0 0 5px;font-weight:normal; margin-top: 15px;\">Help the Dublin Event Guide! It won&#8217;t cost you a cent!<\/h2>\n<div style=\"font-size:13px;color:#534438;line-height:20px;margin:0;padding-top:0;\">\n<p style=\"margin:10px 0;\">Do you enjoy free events? Does it help you to find out about all these free events simply in one e-mail magazine or on one website? Does the Dublin Event Guide (for Free Events) deliver all this for you and maybe even more? In that case, you probably also would want it to continue forever, right?<\/a><\/p>\n<p style=\"margin:10px 0;\">To achieve that some money is needed. Donations are a great help, but not everyone feels they can donate at the moment. So here is the solution: If you could help with a donation without having to pay a cent from your own money wouldn&#8217;t that be cool? You can!!<\/a><\/p>\n<p style=\"margin:10px 0;\">When you buy books online, buy them from Book Depository or from Amazon and use these links to go to the website:<\/a><\/p>\n<p><a href=\"http:\/\/www.bookdepository.com?a_aid=dubevg\" target=\"_blank\" style=\"color:#cc2979;text-decoration:none;\">Book Depository<\/a><br \/><a href=\"http:\/\/www.amazon.co.uk\/?tag=dubevg-21\" target=\"_blank\" style=\"color:#cc2979;text-decoration:none;\">Amazon<\/a><\/p>\n<p style=\"margin:10px 0;\">And when you buy from Living Social or Groupon use these links:<\/a><\/p>\n<p><a href=\"https:\/\/clk.tradedoubler.com\/click?p=264874&#038;a=1719778&#038;g=22827784\" target=\"_blank\" style=\"color:#cc2979;text-decoration:none;\">Groupon <\/a><br \/><a href=\"http:\/\/www.awin1.com\/awclick.php?mid=4319&#038;id=140544\" target=\"_blank\" style=\"color:#cc2979;text-decoration:none;\">LivingSocial <\/a><\/p>\n<p style=\"margin:10px 0;\">Or when you buy from eBay or you want to buy holidays or clothes or anything else, check first<\/a><\/p>\n<p><a href=\"http:\/\/www.dublineventguide.com\/shop\" style=\"color:#cc2979;text-decoration:none;\">www.dublineventguide.com\/shop<\/a><\/p>\n<p style=\"margin:10px 0;\">When you click on the link and then buy, your books\/products\/holidays etc cost exactly the same as if you went to the website directly. But if you go via the links above, the Dublin Event Guide (for Free Events) will get 5-8% of what you spend as a commission. That&#8217;s not a lot, but if you and lots of other people used that link every time, it would amount to a fair amount of crucially important money. Use the links often, actually EVERY time you buy from the relevant site, not just once!<\/a><\/p>\n<p>Giving money for free! That&#8217;s how easy it is. ;-)<strong> THANK YOU!!!<\/strong><\/p>\n<p>And if you want to donate money directly, then you can do that here: <a href=\"http:\/\/www.perfectresults.info\/donation.htm\" style=\"color:#cc2979;text-decoration:none;\">http:\/\/www.perfectresults.info\/donation.htm<\/a> or <a href=\"http:\/\/www.GoFundMe.com\/DublinEventGuide\" style=\"color:#cc2979;text-decoration:none;\">http:\/\/www.GoFundMe.com\/DublinEventGuide<\/a><\/p>\n<h2 style=\"font-size: 16px; color: #534438; margin: 0 0 5px; font-weight: normal; margin-top: 15px;\">Dublin Event Guide Smartphone App &#8220;Dublin For Free&#8221;<\/h2>\n<p>Find all details on how to use the Dublin Event Guide Smartphone web app at <a href=\"http:\/\/www.dublineventguide.com\/mobile.html\" target=\"_blank\" style=\"color:#cc2979;text-decoration:none;\">http:\/\/www.dublineventguide.com\/mobile.html<\/a><\/p>\n<p style=\"margin:10px 0;\">*****************************************************************************<\/a><\/div>\n<\/td>\n<\/tr>\n<tr>\n<td style=\"padding: 0 30px; margin-bottom: 15px;\">\n<h2 style=\"font-size:16px;color:#534438;margin:0 0 5px;font-weight:normal; margin-top: 15px;\">Ireland&#8217;s Top 20 free attractions<\/h2>\n<div style=\"font-size:13px;color:#534438;line-height:20px;margin:0;padding-top:0;\">\n<p style=\"margin:10px 0;\">Failte Ireland has released a list of Ireland\u2019s Top 20 free attractions for 2017 and the list with visitor numbers and changes from the previous year for the Top 5 is here.<\/a><\/p>\n<ol>\n<li>The National Gallery of Ireland \u2013 1,065,929 (+41%)<\/li>\n<li>Castletown House Parklands \u2013 666,541<\/li>\n<li>Glendalough Site \u2013 639,826<\/li>\n<li>National Botanic Gardens \u2013 569,652 (-2%)<\/li>\n<li>DLR LexIcon (Dun Laoighaire Rathdown) \u2013 525,708 (+12%)<\/li>\n<li>Irish Museum of Modern Art  &#8211;  489,295<\/li>\n<li>Doneraile Wildlife Park  &#8211; 480,000<\/li>\n<li>National Museum of Ireland \u2013 Archaeology, Kildare St  &#8211; 474,564<\/li>\n<li>Science Gallery at Trinity College Dublin  &#8211; 407,529<\/li>\n<li>Farmleigh  &#8211; 359,432<\/li>\n<li>Kilkenny Castle Parklands  &#8211; 336,315<\/li>\n<li>Newbridge Silverware Museum of Style Icons  &#8211; 350,000<\/li>\n<li>National Museum of Ireland \u2013 Natural History, Merrion St &#8211; 336,412<\/li>\n<li>Chester Beatty Library  &#8211; 335,875<\/li>\n<li>National Museum of Ireland \u2013 Decorative Arts &#038; History, Collins Barracks  &#8211; 234,336<\/li>\n<li>Connemara National Park &#8211; 221,713<\/li>\n<li>The National Library of Ireland  &#8211; 197,245<\/li>\n<li>Crawford Art  Gallery  &#8211; 188,814<\/li>\n<li>Malin Head Viewing Point  &#8211; 172,329<\/li>\n<li>Dublin City Gallery The Hugh Lane  &#8211; 167,410<\/li>\n<\/ol>\n<p style=\"margin:10px 0;\">I am surprised that the National Museums are below DLR Lexicon and the Irish Museum of Modern Art!<\/a><\/p>\n<p style=\"margin:10px 0;\">The Top 20 non-free attractions are also listed in the Failte Ireland press release and the first five are<\/a><\/p>\n<p>1. Guinness Storehouse &#8211; 1,711,281 (+4%)<br \/> 2. Cliffs of Moher Visitor Experience \u2013 1,527,000 (+7%)<br \/> 3. Dublin Zoo \u2013 1,264,300 (+10%)<br \/> 4. National Aquatic Centre \u2013 1,099,756 (+6%)<br \/> 5. Book of Kells &#8211; 983,410 (+10%)<\/p>\n<p style=\"margin:10px 0;\">Surprising is that Dublin Castle only made it to the 16th place, well below St. Patricks Cathedral on on place 7.<\/a><\/p>\n<p>The <a href=\"http:\/\/www.failteireland.ie\/Utility\/News-Library\/Ireland%E2%80%99s-Top-Visitor-Attractions-Revealed.aspx\" target=\"_blank\" style=\"color:#cc2979;text-decoration:none;\">full article is here<\/a>.<\/p>\n<\/div>\n<\/td>\n<\/tr>\n<tr>\n<td style=\"padding: 0 30px; margin-bottom: 15px;\">\n<h2 style=\"font-size:16px;color:#534438;margin:0 0 5px;font-weight:normal; margin-top: 15px;\">Help the Dublin Event Guide by buying via these links:<\/h2>\n<div style=\"font-size:13px;color:#534438;line-height:20px;margin:0;padding-top:0;\">\n<p> <a href=\"https:\/\/www.awin1.com\/cread.php?s=517089&#038;v=4319&#038;q=252125&#038;r=140544\"><img decoding=\"async\" src=\"https:\/\/www.awin1.com\/cshow.php?s=517089&#038;v=4319&#038;q=252125&#038;r=140544\" alt=\"\" border=\"0\" \/><\/a><\/p>\n<p><a href=\"https:\/\/www.awin1.com\/cread.php?s=517093&#038;v=4319&#038;q=252125&#038;r=140544\"><img decoding=\"async\" src=\"https:\/\/www.awin1.com\/cshow.php?s=517093&#038;v=4319&#038;q=252125&#038;r=140544\" alt=\"\" border=\"0\" \/><\/a><\/p>\n<p><a href=\"https:\/\/www.awin1.com\/cread.php?s=517095&#038;v=4319&#038;q=252125&#038;r=140544\"><img decoding=\"async\" src=\"https:\/\/www.awin1.com\/cshow.php?s=517095&#038;v=4319&#038;q=252125&#038;r=140544\" alt=\"\" border=\"0\" \/><\/a><\/p>\n<p style=\"margin:10px 0;\">THANKS!!!<\/a><\/div>\n<\/td>\n<\/tr>\n<\/table>\n<table width=\"100%\" cellpadding=\"0\" cellspacing=\"0\">\n<tr>\n<td style=\"padding: 0 30px 15px\">\n<p style=\"font-size:13px;color:#534438;line-height:20px;margin:10px 0\"><a href='https:\/\/www.amazon.co.uk\/b?node=266239&#038;tag=dubeveguiforf-21&#038;camp=3290&#038;creative=21954&#038;linkCode=ur1&#038;adid=07CA4B2Q4TCZZXWXN1W4&#038;' target='_blank'><img src='http:\/\/www.dublineventguide.com\/gif\/amazonbooks.jpg' width='728' height='90'><\/a><\/p>\n<\/td>\n<\/tr>\n<\/table>\n<table width=\"100%\" cellpadding=\"0\" cellspacing=\"0\">\n<tr>\n<td><a href=\"#dff_top\" style=\"text-decoration:none\"><img decoding=\"async\" src=\"http:\/\/dublineventguide.com\/dff\/admin\/images\/dividers\/opportunities.png\" alt=\"Opportunities\" border=\"0\" \/><\/a><\/td>\n<\/tr>\n<\/table>\n<table width=\"100%\" cellpadding=\"0\" cellspacing=\"0\">\n<tr>\n<td style=\"padding: 0 30px 15px\">\n<div style=\"font-size:13px;color:#534438;line-height:20px;\">\n<p>The former &#8220;Opportunities&#8221; section is now the place where the weekly nationwide clever event map from our sponsor Energia will be featured. Full details about the events on the map are on the Energia blog: <a href=\"https:\/\/gturl.eu\/Energia18_wk24\" target=\"_blank\" style=\"color:#cc2979;text-decoration:none;\">https:\/\/gturl.eu\/Energia18_wk24<\/a><\/p>\n<p><a href=\"https:\/\/gturl.eu\/Energia18_wk24\" target=\"_blank\"><img loading=\"lazy\" decoding=\"async\" src=\"http:\/\/www.dublineventguide.com\/energia\/Map18_wk24_sm.jpg\" alt=\"\" width=\"495\" height=\"495\" \/><\/a><\/p>\n<\/div>\n<\/td>\n<\/tr>\n<\/table>\n<table width=\"100%\" cellpadding=\"0\" cellspacing=\"0\" id=\"exhibitions\" style=\"margin-top: 10px;\">\n<tr>\n<td><a name=\"exhibitions\"><\/a><a href=\"#dff_top\" style=\"text-decoration:none\"><img decoding=\"async\" src=\"http:\/\/dublineventguide.com\/dff\/admin\/images\/dividers\/exhibitions.png\" alt=\"Exhibitions\" border=\"0\" \/><\/a><\/td>\n<\/tr>\n<\/table>\n<table width=\"100%\" cellpadding=\"0\" cellspacing=\"0\" style=\"margin-bottom: 20px;\">\n<tr>\n<td style=\"padding: 0 30px; margin-bottom: 15px;\">\n<div style=\"font-size:13px;color:#534438;line-height:20px;\">\n<p>Based on your feedback, I have decided to do the following with the Exhibition section in this newsletter from now on: I will provide you with a link to a near-comprehensive listing of exhibitions provided by <a href=\"http:\/\/www.visualartists.ie\" style=\"color:#cc2979;text-decoration:none;\">www.visualartists.ie<\/a> . For me to list all exhibitions would only be doubling their good work and would be an inefficient use of my resources. The link is <a href=\"http:\/\/www.visualartists.ie\/category\/listings\/dublin\/\" style=\"color:#cc2979;text-decoration:none;\">http:\/\/www.visualartists.ie\/category\/listings\/dublin\/<\/a><\/p>\n<p style=\"margin:10px 0;\">On top of that I will every now and then include here a small selection of exhibitions that either are not mentioned in the Visual Artist listing or are note-worthy to be mentioned separately.<\/a><\/p>\n<div class=\"pasteIcon paste0\"> <\/div>\n<div class=\"notifyIcon\" style=\"display: none;\"> <\/div>\n<\/div>\n<\/td>\n<\/tr>\n<\/table>\n<table width=\"100%\" cellpadding=\"0\" cellspacing=\"0\">\n<tr>\n<td style=\"padding:10px 30px\">\n<table width=\"100%\" cellpadding=\"0\" cellspacing=\"0\">\n<tr>\n<td width=\"52\" valign=\"top\"><img loading=\"lazy\" decoding=\"async\" src=\"http:\/\/dublineventguide.com\/dff\/admin\/images\/exhibition.png\" width=\"40\" height=\"41\" \/><\/td>\n<td>\n<h2 style=\"font-size:16px;color:#534438;margin:0;font-weight:normal\">Art &#038; The Great Hunger<\/h2>\n<h3 style=\"font-size:13px;margin:0;padding:0;line-height:16px;color:#534438;\">08 March-30 June (Daily: 10:00-17:00)<\/h3>\n<p style=\"font-size:13px;color:#534438;line-height:20px;margin:0;padding-top:0;\">The Coach House, Dublin Castle Gardens, Dublin 2 <\/p>\n<div style=\"font-size:13px;color:#534438;line-height:20px;margin:0;padding-top:0;\">\n<p style=\"margin:10px 0;\">&#8220;Ireland\u2019s Great Hunger Museum&#8221; at Quinnipiac University in Hamden, Connecticut, is sending its art collection to Ireland for the first time. The exhibition documents the scale of the famine, the horror of it, how it permeated and changed Ireland and the people that escaped it forever. The museum\u2019s collection, the only one of its kind in the world, constitutes an incomparable direct link to the past of almost 6.5 million Irish and 40 million Irish-American people.<\/a><\/p>\n<p style=\"margin:10px 0;\">Admission is free.<\/a><\/div>\n<\/td>\n<\/tr>\n<tr>\n<td width=\"52\" valign=\"top\"><img loading=\"lazy\" decoding=\"async\" src=\"http:\/\/dublineventguide.com\/dff\/admin\/images\/exhibition.png\" width=\"40\" height=\"41\" \/><\/td>\n<td>\n<h2 style=\"font-size:16px;color:#534438;margin:0;font-weight:normal\">NCAD Graduate Exhibition 2018<\/h2>\n<h3 style=\"font-size:13px;margin:0;padding:0;line-height:16px;color:#534438;\">09-17 June <\/h3>\n<p style=\"font-size:13px;color:#534438;line-height:20px;margin:0;padding-top:0;\">NCAD, 100 Thomas Street, Dublin 8<\/p>\n<div style=\"font-size:13px;color:#534438;line-height:20px;margin:0;padding-top:0;\">\n<p style=\"margin:10px 0;\">The NCAD Graduate Exhibition will be on show for the next week and details, opening hours and programme of public events can be found on the website below.<\/a><\/p>\n<p><a href=\"http:\/\/www.ncad.ie\/news\/view\/ncad-graduate-exhibition-2018\" style=\"color:#cc2979;text-decoration:none;\">http:\/\/www.ncad.ie\/news\/view\/ncad-graduate-exhibition-2018<\/a><\/p>\n<p style=\"margin:10px 0;\">Admission is free.<\/a><\/div>\n<\/td>\n<\/tr>\n<tr>\n<td width=\"52\" valign=\"top\"><img loading=\"lazy\" decoding=\"async\" src=\"http:\/\/dublineventguide.com\/dff\/admin\/images\/exhibition.png\" width=\"40\" height=\"41\" \/><\/td>\n<td>\n<h2 style=\"font-size:16px;color:#534438;margin:0;font-weight:normal\">Face to Face: Anthony Palliser\u2019s Irish Portraits<\/h2>\n<h3 style=\"font-size:13px;margin:0;padding:0;line-height:16px;color:#534438;\">01 June &#8211; 02 Sept (Tue-Sun 10:00-13:00+14:00-17:00)<\/h3>\n<p style=\"font-size:13px;color:#534438;line-height:20px;margin:0;padding-top:0;\">Farmleigh House, Phoenix Park, Dublin 15<\/p>\n<div style=\"font-size:13px;color:#534438;line-height:20px;margin:0;padding-top:0;\">\n<p style=\"margin:10px 0;\">Over eighty portraits of more than thirty renowned Irish cultural figures, completed over a sixteen-year period by the Anglo-Belgian painter Anthony Palliser, will be on display at Farmleigh Gallery.<\/a><\/p>\n<p style=\"margin:10px 0;\">The &#8220;models&#8221; include Seamus Heaney, Derek Mahon, Paddy Moloney, Siobh\u00e1n Armstrong, Thomas Kinsella, Edna O\u2019Brien, John Boorman, Colm T\u00f3ib\u00edn, Nuala N\u00ed Dhomhnaill, Brian Friel, Bill Whelan, John Banville, Sin\u00e9ad Cusack, John Montague, Paul Muldoon, John Hurt and Garech Browne.<\/a><\/p>\n<p>Admission is free. Find <a href=\"http:\/\/farmleigh.ie\/event\/face-to-face-anthony-pallisers-irish-portraits\/?instance_id=125\" target=\"_blank\" style=\"color:#cc2979;text-decoration:none;\">more information here<\/a>.<\/p>\n<\/div>\n<\/td>\n<\/tr>\n<\/table>\n<\/td>\n<\/tr>\n<\/table>\n<table width=\"100%\" cellpadding=\"0\" cellspacing=\"0\">\n<tr>\n<td style=\"padding: 0 30px 15px\">\n<p style=\"font-size:13px;color:#534438;line-height:20px;margin:10px 0\"><!--START MERCHANT:merchant name LateRooms.com from affiliatewindow.com.--><a href=\"https:\/\/www.awin1.com\/cread.php?s=306764&#038;v=3615&#038;q=144590&#038;r=140544\"><img decoding=\"async\" src=\"https:\/\/www.awin1.com\/cshow.php?s=306764&#038;v=3615&#038;q=144590&#038;r=140544\" \n                        border=\"0\"><\/a><!--END MERCHANT:merchant name LateRooms.com from affiliatewindow.com--><\/p>\n<\/td>\n<\/tr>\n<\/table>\n<table width=\"100%\" cellpadding=\"0\" cellspacing=\"0\" id=\"day_1528498800\" style=\"margin-top: 10px;\">\n<tr height=\"34\" style=\"background-color:#c20162;color:#fff\">\n<td style=\"padding: 0; line-height: 1; height: 34px; overflow: hidden;\">\n<p style=\"width:630px;padding-left:30px;margin: 0; height: 34px; overflow: hidden; line-height: 34px;\"><a name=\"day_1528498800\"><\/a><strong>Saturday  <\/strong> 09 Jun\t\t\t\t\t\t<\/p>\n<\/td>\n<td>\n<p style=\"margin:0;line-height:34px;padding:0;font-size:13px;\"><a href=\"#dff_top\" style=\"color:#fff;text-decoration:none\">back to top<\/a><\/p>\n<\/td>\n<td>\n<p style=\"margin:0;padding:0;font-size:13px;\"><a href=\"#dff_top\" style=\"color:#fff;text-decoration:none\"><img loading=\"lazy\" decoding=\"async\" src=\"http:\/\/dublineventguide.com\/dff\/admin\/images\/dividers\/date_toplink.png\" width=\"38\" height=\"34\" alt=\"Back to top\" \/><\/a><\/p>\n<\/td>\n<td width=\"50\">\n<\/td>\n<\/tr>\n<\/table>\n<table width=\"100%\" cellpadding=\"0\" cellspacing=\"0\">\n<tr>\n<td style=\"padding:10px 30px\">\n<table width=\"100%\" cellpadding=\"0\" cellspacing=\"0\">\n<tr>\n<td width=\"52\" valign=\"top\"><img loading=\"lazy\" decoding=\"async\" src=\"http:\/\/dublineventguide.com\/dff\/admin\/images\/categories\/MARKETS.png\" width=\"32\" height=\"32\" \/><\/td>\n<td>\n<h2 style=\"font-size:16px;color:#534438;margin:0 0 5px;font-weight:normal\">Car Boot Sales &#8211; Tallaght<\/h2>\n<h3 style=\"font-size:13px;margin:0;padding:0;line-height:16px;color:#534438;\"><img loading=\"lazy\" decoding=\"async\" src=\"http:\/\/dublineventguide.com\/dff\/admin\/images\/weekly.png\" width=\"69\" height=\"16\" style=\"display:inline;float:left;\" \/> 08:00 &#8211; 12:00, Sat 09 Jun<\/h3>\n<p style=\"font-size:13px;color:#534438;line-height:20px;margin:0;padding-top:0;\">Tallaght Stadium, Whitestown Way, Tallaght, Co. Dublin<\/p>\n<table width=\"100%\" cellspacing=\"0\" cellpadding=\"0\">\n<tr>\n<td valign=\"top\">\n<div style=\"font-size:13px;color:#534438;line-height:20px;\">\n<p style=\"margin:10px 0;\">A weekly car boot sale, one of less than a handful that is still reliably taking place, has up to 200 cars\/sellers. The stadium is just a few minutes walk from the Red LUAS line stop and numerous bus stops. For traders the Car Boot Sale opens at 06:30 for buyers from 08:00. If you are interested in selling, check the details and register on their website.<\/a><\/div>\n<div style=\"font-size:13px;color:#534438;line-height:20px;\"><\/div>\n<p style=\"font-size:13px;color:#534438;line-height:20px;\"><a style=\"color:#cc2979;text-decoration:none\" href=\"http:\/\/www.irishcarboot.ie\/\">http:\/\/www.irishcarboot.ie\/<\/a><\/p>\n<\/td>\n<td valign=\"top\"><\/td>\n<\/tr>\n<\/table>\n<\/td>\n<\/tr>\n<\/table>\n<\/td>\n<\/tr>\n<\/table>\n<table width=\"100%\" cellpadding=\"0\" cellspacing=\"0\">\n<tr>\n<td style=\"padding:10px 30px\">\n<table width=\"100%\" cellpadding=\"0\" cellspacing=\"0\">\n<tr>\n<td width=\"52\" valign=\"top\"><img loading=\"lazy\" decoding=\"async\" src=\"http:\/\/dublineventguide.com\/dff\/admin\/images\/categories\/ACTIVITY.png\" width=\"32\" height=\"32\" \/><\/td>\n<td>\n<h2 style=\"font-size:16px;color:#534438;margin:0 0 5px;font-weight:normal\">Bike Week 2018<\/h2>\n<h3 style=\"font-size:13px;margin:0;padding:0;line-height:16px;color:#534438;\">09:00, Sat 09 Jun<\/h3>\n<p style=\"font-size:13px;color:#534438;line-height:20px;margin:0;padding-top:0;\">Various locations in Dublin and Dun Laoghaire<\/p>\n<table width=\"100%\" cellspacing=\"0\" cellpadding=\"0\">\n<tr>\n<td valign=\"top\">\n<div style=\"font-size:13px;color:#534438;line-height:20px;\">\n<p style=\"margin:10px 0;\">Bike Week 2018 will take place from Sat 09 &#8211; Sun 17 June. There will be Bike Tours, Bike Maintenance Clinics, a Street Velodrome event, a Bike Fest and a Cycling Photo Exhibition.<\/a><\/p>\n<p>A lot of events are listed separately in this Dublin Event Guide, but to find out about the free Bike Maintenance Clinics, please check the website at <a>http:\/\/www.bikeweek.ie\/events<\/a><\/p>\n<p style=\"margin:10px 0;\">The &#8220;Everyday Cycling Photo Exhibition&#8221;, a collection current and historical images depicting the role of the bicycle in everyday and sometimes strange, situations, will be on show from 09-29 June in the offices of Dublin City Council on Wood Quay from Monday to Friday (09:00-17:00). Admission is free.<\/a><\/p>\n<p style=\"margin:10px 0;\">All Bike Week events are free.<\/a><\/div>\n<div style=\"font-size:13px;color:#534438;line-height:20px;\"><\/div>\n<p style=\"font-size:13px;color:#534438;line-height:20px;\"><a style=\"color:#cc2979;text-decoration:none\" href=\"http:\/\/www.bikeweek.ie\">http:\/\/www.bikeweek.ie<\/a><\/p>\n<\/td>\n<td valign=\"top\"><\/td>\n<\/tr>\n<\/table>\n<\/td>\n<\/tr>\n<\/table>\n<\/td>\n<\/tr>\n<\/table>\n<table width=\"100%\" cellpadding=\"0\" cellspacing=\"0\">\n<tr>\n<td style=\"padding:10px 30px\">\n<table width=\"100%\" cellpadding=\"0\" cellspacing=\"0\">\n<tr>\n<td width=\"52\" valign=\"top\"><img loading=\"lazy\" decoding=\"async\" src=\"http:\/\/dublineventguide.com\/dff\/admin\/images\/categories\/MARKETS.png\" width=\"32\" height=\"32\" \/><\/td>\n<td>\n<h2 style=\"font-size:16px;color:#534438;margin:0 0 5px;font-weight:normal\">Honest2Goodness Food Market<\/h2>\n<h3 style=\"font-size:13px;margin:0;padding:0;line-height:16px;color:#534438;\"><img loading=\"lazy\" decoding=\"async\" src=\"http:\/\/dublineventguide.com\/dff\/admin\/images\/weekly.png\" width=\"69\" height=\"16\" style=\"display:inline;float:left;\" \/> 09:30 &#8211; 16:00, Sat 09 Jun<\/h3>\n<p style=\"font-size:13px;color:#534438;line-height:20px;margin:0;padding-top:0;\">Honest2goodness, 136 Slaney Close, Dublin Industrial Estate, Glasnevin, Dublin 11<\/p>\n<table width=\"100%\" cellspacing=\"0\" cellpadding=\"0\">\n<tr>\n<td valign=\"top\">\n<div style=\"font-size:13px;color:#534438;line-height:20px;\">\n<p style=\"margin:10px 0;\">The weekly Honest2goodness food market in Glasnevin has fresh meat, vegetables, fish, baked goods, and wines. It is open from 09:30-16:00. It is behind Lidl in the Industrial Estate just after the Glasnevin Cemetary coming from the City Centre.<\/a><\/div>\n<div style=\"font-size:13px;color:#534438;line-height:20px;\"><\/div>\n<p style=\"font-size:13px;color:#534438;line-height:20px;\"><a style=\"color:#cc2979;text-decoration:none\" href=\"http:\/\/www.honest2goodness.ie\">http:\/\/www.honest2goodness.ie<\/a><\/p>\n<\/td>\n<td valign=\"top\"><\/td>\n<\/tr>\n<\/table>\n<\/td>\n<\/tr>\n<\/table>\n<\/td>\n<\/tr>\n<\/table>\n<table width=\"100%\" cellpadding=\"0\" cellspacing=\"0\">\n<tr>\n<td style=\"padding:10px 30px\">\n<table width=\"100%\" cellpadding=\"0\" cellspacing=\"0\">\n<tr>\n<td width=\"52\" valign=\"top\"><img loading=\"lazy\" decoding=\"async\" src=\"http:\/\/dublineventguide.com\/dff\/admin\/images\/categories\/ACTIVITY.png\" width=\"32\" height=\"32\" \/><\/td>\n<td>\n<h2 style=\"font-size:16px;color:#534438;margin:0 0 5px;font-weight:normal\">Park Runs: Malahide, Cabinteely, Shanganah, Marlay, Raheny<\/h2>\n<h3 style=\"font-size:13px;margin:0;padding:0;line-height:16px;color:#534438;\"><img loading=\"lazy\" decoding=\"async\" src=\"http:\/\/dublineventguide.com\/dff\/admin\/images\/weekly.png\" width=\"69\" height=\"16\" style=\"display:inline;float:left;\" \/> 09:30 &#8211; 13:00, Sat 09 Jun<\/h3>\n<p style=\"font-size:13px;color:#534438;line-height:20px;margin:0;padding-top:0;\">Malahide Park, Dublin Road, Malahide, Co. Dublin<\/p>\n<table width=\"100%\" cellspacing=\"0\" cellpadding=\"0\">\n<tr>\n<td valign=\"top\">\n<div style=\"font-size:13px;color:#534438;line-height:20px;\">\n<p style=\"margin:10px 0;\">Parkrun Ireland is organising free weekly runs in parks. It is a timed run over 5km and participation is completely free, but registration before your first parkrun is required.<\/a><\/p>\n<p>A whole range of Parkruns take place every week: <br \/>+ Malahide Park, Dublin Road, Malahide, Co. Dublin<br \/>+ Cabinteely Park, Old Bray Road, Cabinteely, Dublin 18<br \/>+ Shanganagh Park, Shankill, Co. Dublin<br \/>+ Marlay Park, Grange Road, Rathfarnham, Dublin, Co. Dublin<br \/>+ St. Anne&#8217;s Park, Raheny, Dublin 5<br \/>+ Father Collins Park, Donaghmeade\/Clongriffin, Dublin 13<br \/>+ Tymon Park, Tallaght, Dublin 24<br \/>+ Bushy Park, Terenure, Dublin 6<br \/>+ Corcagh Park, Clondalkin, Dublin 22<br \/>+ Tolka Valley Park, Finglas South, Dublin 11<br \/>+ Porterstown Park, Castleknock, Dublin 15<br \/>+ Bricksfield Park, Crumlin Road, Dublin 12<\/p>\n<\/div>\n<div style=\"font-size:13px;color:#534438;line-height:20px;\"><\/div>\n<p style=\"font-size:13px;color:#534438;line-height:20px;\"><a style=\"color:#cc2979;text-decoration:none\" href=\"http:\/\/www.parkrun.ie\/\">http:\/\/www.parkrun.ie\/<\/a><\/p>\n<\/td>\n<td valign=\"top\"><\/td>\n<\/tr>\n<\/table>\n<\/td>\n<\/tr>\n<\/table>\n<\/td>\n<\/tr>\n<\/table>\n<table width=\"100%\" cellpadding=\"0\" cellspacing=\"0\">\n<tr>\n<td style=\"padding:10px 30px\">\n<table width=\"100%\" cellpadding=\"0\" cellspacing=\"0\">\n<tr>\n<td width=\"52\" valign=\"top\"><img loading=\"lazy\" decoding=\"async\" src=\"http:\/\/dublineventguide.com\/dff\/admin\/images\/categories\/MARKETS.png\" width=\"32\" height=\"32\" \/><\/td>\n<td>\n<h2 style=\"font-size:16px;color:#534438;margin:0 0 5px;font-weight:normal\">SuperNatural Food Market<\/h2>\n<h3 style=\"font-size:13px;margin:0;padding:0;line-height:16px;color:#534438;\"><img loading=\"lazy\" decoding=\"async\" src=\"http:\/\/dublineventguide.com\/dff\/admin\/images\/weekly.png\" width=\"69\" height=\"16\" style=\"display:inline;float:left;\" \/> 09:30 &#8211; 15:30, Sat 09 Jun<\/h3>\n<p style=\"font-size:13px;color:#534438;line-height:20px;margin:0;padding-top:0;\">St. Andrews Resource Centre, 114 Pearse Street, Dublin 2<\/p>\n<table width=\"100%\" cellspacing=\"0\" cellpadding=\"0\">\n<tr>\n<td valign=\"top\">\n<div style=\"font-size:13px;color:#534438;line-height:20px;\">\n<p style=\"margin:10px 0;\">The SuperNatural Food Market is taking place every Saturday from 09:30-15:30 in St. Andrews Resource Centre in Pearse Street, Dublin 2.<\/a><\/div>\n<div style=\"font-size:13px;color:#534438;line-height:20px;\"><\/div>\n<p style=\"font-size:13px;color:#534438;line-height:20px;\"><a style=\"color:#cc2979;text-decoration:none\" href=\"http:\/\/www.supernatural.ie\">http:\/\/www.supernatural.ie<\/a><\/p>\n<\/td>\n<td valign=\"top\"><\/td>\n<\/tr>\n<\/table>\n<\/td>\n<\/tr>\n<\/table>\n<\/td>\n<\/tr>\n<\/table>\n<table width=\"100%\" cellpadding=\"0\" cellspacing=\"0\">\n<tr>\n<td style=\"padding:10px 30px\">\n<table width=\"100%\" cellpadding=\"0\" cellspacing=\"0\">\n<tr>\n<td width=\"52\" valign=\"top\"><img loading=\"lazy\" decoding=\"async\" src=\"http:\/\/dublineventguide.com\/dff\/admin\/images\/categories\/MARKETS.png\" width=\"32\" height=\"32\" \/><\/td>\n<td>\n<h2 style=\"font-size:16px;color:#534438;margin:0 0 5px;font-weight:normal\">The Green Door Market<\/h2>\n<h3 style=\"font-size:13px;margin:0;padding:0;line-height:16px;color:#534438;\"><img loading=\"lazy\" decoding=\"async\" src=\"http:\/\/dublineventguide.com\/dff\/admin\/images\/weekly.png\" width=\"69\" height=\"16\" style=\"display:inline;float:left;\" \/> 09:30 &#8211; 16:00, Sat 09 Jun<\/h3>\n<p style=\"font-size:13px;color:#534438;line-height:20px;margin:0;padding-top:0;\">18 Newmarket, Dublin 8<\/p>\n<table width=\"100%\" cellspacing=\"0\" cellpadding=\"0\">\n<tr>\n<td valign=\"top\">\n<div style=\"font-size:13px;color:#534438;line-height:20px;\">\n<p style=\"margin:10px 0;\">The Green Door Market is a new indoor food\/Farmer&#8217;s Market that takes place just a few doors down from the Dublin Food Co-op at Newmarket in Dublin 8. Admission is free.<\/a><\/p>\n<p style=\"margin:10px 0;\">Opening hours are Thu-Fri 12:00-19:00 and Sat 09:30-16:00.<\/a><\/div>\n<div style=\"font-size:13px;color:#534438;line-height:20px;\"><\/div>\n<p style=\"font-size:13px;color:#534438;line-height:20px;\"><a style=\"color:#cc2979;text-decoration:none\" href=\"https:\/\/www.facebook.com\/thegreendoordublin\">https:\/\/www.facebook.com\/thegreendoordublin<\/a><\/p>\n<\/td>\n<td valign=\"top\"><\/td>\n<\/tr>\n<\/table>\n<\/td>\n<\/tr>\n<\/table>\n<\/td>\n<\/tr>\n<\/table>\n<table width=\"100%\" cellpadding=\"0\" cellspacing=\"0\">\n<tr>\n<td style=\"padding:10px 30px\">\n<table width=\"100%\" cellpadding=\"0\" cellspacing=\"0\">\n<tr>\n<td width=\"52\" valign=\"top\"><img loading=\"lazy\" decoding=\"async\" src=\"http:\/\/dublineventguide.com\/dff\/admin\/images\/categories\/MARKETS.png\" width=\"32\" height=\"32\" \/><\/td>\n<td>\n<h2 style=\"font-size:16px;color:#534438;margin:0 0 5px;font-weight:normal\">Belgard Weekend Market<\/h2>\n<h3 style=\"font-size:13px;margin:0;padding:0;line-height:16px;color:#534438;\"><img loading=\"lazy\" decoding=\"async\" src=\"http:\/\/dublineventguide.com\/dff\/admin\/images\/weekly.png\" width=\"69\" height=\"16\" style=\"display:inline;float:left;\" \/> 10:00 &#8211; 17:00, Sat 09 Jun<\/h3>\n<p style=\"font-size:13px;color:#534438;line-height:20px;margin:0;padding-top:0;\">Belgard Road, Dublin 24<\/p>\n<table width=\"100%\" cellspacing=\"0\" cellpadding=\"0\">\n<tr>\n<td valign=\"top\">\n<div style=\"font-size:13px;color:#534438;line-height:20px;\">\n<p style=\"margin:10px 0;\">The Belgard Weekend Market is an indoor market with stalls with handcraft (incl. designer jewellery, aran jumpers and wool, christening robes and shawls, cards and cross stitch), household items, bric and brac, furniture, flowers, make-up, clothes, shoes, showers, upholstery, toys, kitchens, cafe, army memorabilia, collectors items, sweets, handbags books, blinds, party shop, tools and more. <\/a><\/p>\n<p style=\"margin:10px 0;\">It is open every Saturday and Sunday and is located in the Glen Abbey complex (opposite Jacobs) on Belgard Road.<\/a><\/div>\n<div style=\"font-size:13px;color:#534438;line-height:20px;\"><\/div>\n<p style=\"font-size:13px;color:#534438;line-height:20px;\"><a style=\"color:#cc2979;text-decoration:none\" href=\"https:\/\/www.facebook.com\/belgardmarket\">https:\/\/www.facebook.com\/belgardmarket<\/a><\/p>\n<\/td>\n<td valign=\"top\"><\/td>\n<\/tr>\n<\/table>\n<\/td>\n<\/tr>\n<\/table>\n<\/td>\n<\/tr>\n<\/table>\n<table width=\"100%\" cellpadding=\"0\" cellspacing=\"0\">\n<tr>\n<td style=\"padding:10px 30px\">\n<table width=\"100%\" cellpadding=\"0\" cellspacing=\"0\">\n<tr>\n<td width=\"52\" valign=\"top\"><img loading=\"lazy\" decoding=\"async\" src=\"http:\/\/dublineventguide.com\/dff\/admin\/images\/categories\/MARKETS.png\" width=\"32\" height=\"32\" \/><\/td>\n<td>\n<h2 style=\"font-size:16px;color:#534438;margin:0 0 5px;font-weight:normal\">Jamestown Market<\/h2>\n<h3 style=\"font-size:13px;margin:0;padding:0;line-height:16px;color:#534438;\"><img loading=\"lazy\" decoding=\"async\" src=\"http:\/\/dublineventguide.com\/dff\/admin\/images\/weekly.png\" width=\"69\" height=\"16\" style=\"display:inline;float:left;\" \/> 10:00 &#8211; 17:00, Sat 09 Jun<\/h3>\n<p style=\"font-size:13px;color:#534438;line-height:20px;margin:0;padding-top:0;\">Jamestown Market, 90 Jamestown Road, Inchicore, Dublin 8<\/p>\n<table width=\"100%\" cellspacing=\"0\" cellpadding=\"0\">\n<tr>\n<td valign=\"top\">\n<div style=\"font-size:13px;color:#534438;line-height:20px;\">\n<p style=\"margin:10px 0;\">Jamestown Flea Market + Car Boot Sale takes place every Sat+Sun from 10:00-17:00. You can reach it from Tyrconnell Road and from Kylemore Road and it is within 3 min from Black Horse stop on the red Luas line. There is free parking.<\/a><\/div>\n<div style=\"font-size:13px;color:#534438;line-height:20px;\"><\/div>\n<p style=\"font-size:13px;color:#534438;line-height:20px;\"><a style=\"color:#cc2979;text-decoration:none\" href=\"http:\/\/www.jamestownmarket.com\/\">http:\/\/www.jamestownmarket.com\/<\/a><\/p>\n<\/td>\n<td valign=\"top\"><\/td>\n<\/tr>\n<\/table>\n<\/td>\n<\/tr>\n<\/table>\n<\/td>\n<\/tr>\n<\/table>\n<table width=\"100%\" cellpadding=\"0\" cellspacing=\"0\">\n<tr>\n<td style=\"padding:10px 30px\">\n<table width=\"100%\" cellpadding=\"0\" cellspacing=\"0\">\n<tr>\n<td width=\"52\" valign=\"top\"><img loading=\"lazy\" decoding=\"async\" src=\"http:\/\/dublineventguide.com\/dff\/admin\/images\/categories\/MARKETS.png\" width=\"32\" height=\"32\" \/><\/td>\n<td>\n<h2 style=\"font-size:16px;color:#534438;margin:0 0 5px;font-weight:normal\">Marlay Park Market<\/h2>\n<h3 style=\"font-size:13px;margin:0;padding:0;line-height:16px;color:#534438;\"><img loading=\"lazy\" decoding=\"async\" src=\"http:\/\/dublineventguide.com\/dff\/admin\/images\/weekly.png\" width=\"69\" height=\"16\" style=\"display:inline;float:left;\" \/> 10:00 &#8211; 16:00, Sat 09 Jun<\/h3>\n<p style=\"font-size:13px;color:#534438;line-height:20px;margin:0;padding-top:0;\">Marlay Park, Rathfarnham, Dublin 16<\/p>\n<table width=\"100%\" cellspacing=\"0\" cellpadding=\"0\">\n<tr>\n<td valign=\"top\">\n<div style=\"font-size:13px;color:#534438;line-height:20px;\">\n<p style=\"margin:10px 0;\">The County Council Market (CoCo) in Marlay Park is taking place every Saturday and Sunday. You will find a wide range of products. There will be food to eat there and food to cook at home but also crafts and arts and books and lots more.<\/a><\/div>\n<div style=\"font-size:13px;color:#534438;line-height:20px;\"><\/div>\n<p style=\"font-size:13px;color:#534438;line-height:20px;\"><a style=\"color:#cc2979;text-decoration:none\" href=\"http:\/\/www.dlrcoco.ie\/en\/parks-outdoors\/markets\">http:\/\/www.dlrcoco.ie\/en\/parks-outdoors\/markets<\/a><\/p>\n<\/td>\n<td valign=\"top\"><\/td>\n<\/tr>\n<\/table>\n<\/td>\n<\/tr>\n<\/table>\n<\/td>\n<\/tr>\n<\/table>\n<table width=\"100%\" cellpadding=\"0\" cellspacing=\"0\">\n<tr>\n<td style=\"padding:10px 30px\">\n<table width=\"100%\" cellpadding=\"0\" cellspacing=\"0\">\n<tr>\n<td width=\"52\" valign=\"top\"><img loading=\"lazy\" decoding=\"async\" src=\"http:\/\/dublineventguide.com\/dff\/admin\/images\/categories\/KIDS.png\" width=\"32\" height=\"32\" \/><\/td>\n<td>\n<h2 style=\"font-size:16px;color:#534438;margin:0 0 5px;font-weight:normal\">Ruaille Buaille in the Park &#8211; Children&#8217;s Music Festival<\/h2>\n<h3 style=\"font-size:13px;margin:0;padding:0;line-height:16px;color:#534438;\">10:00 &#8211; 18:30, Sat 09 Jun<\/h3>\n<p style=\"font-size:13px;color:#534438;line-height:20px;margin:0;padding-top:0;\">Greffeen Park, Griffeen Road, Lucan, Co. Dublin<\/p>\n<table width=\"100%\" cellspacing=\"0\" cellpadding=\"0\">\n<tr>\n<td valign=\"top\">\n<div style=\"font-size:13px;color:#534438;line-height:20px;\">\n<p style=\"margin:10px 0;\">The last day of the Ruaille Buaille Children&#8217;s Music Festival will take place in Griffeen Park and the weather will be perfect for it!<\/a><\/p>\n<p style=\"margin:10px 0;\">There is a Main stage\/Big Tent with with lots of events throughout the day and a Mini-Muisc Marquee, a Percussion &#038; Arts Tent and a Music Generation Creative Tent will be not less busy.<\/a><\/p>\n<p style=\"margin:10px 0;\">There are more than 30 events (workshops and performances) and it looks as if all of them are free. However, it will be a busy day and there are limited spaces for the different events.<\/a><\/p>\n<p style=\"margin:10px 0;\">The full schedule can be found on the website below.<\/a><\/div>\n<div style=\"font-size:13px;color:#534438;line-height:20px;\"><\/div>\n<p style=\"font-size:13px;color:#534438;line-height:20px;\"><a style=\"color:#cc2979;text-decoration:none\" href=\"http:\/\/www.ruaillebuaille.ie\/saturday-events\/\">http:\/\/www.ruaillebuaille.ie\/saturday-events\/<\/a><\/p>\n<\/td>\n<td valign=\"top\"><\/td>\n<\/tr>\n<\/table>\n<\/td>\n<\/tr>\n<\/table>\n<\/td>\n<\/tr>\n<\/table>\n<table width=\"100%\" cellpadding=\"0\" cellspacing=\"0\">\n<tr>\n<td style=\"padding:10px 30px\">\n<table width=\"100%\" cellpadding=\"0\" cellspacing=\"0\">\n<tr>\n<td width=\"52\" valign=\"top\"><img loading=\"lazy\" decoding=\"async\" src=\"http:\/\/dublineventguide.com\/dff\/admin\/images\/categories\/MARKETS.png\" width=\"32\" height=\"32\" \/><\/td>\n<td>\n<h2 style=\"font-size:16px;color:#534438;margin:0 0 5px;font-weight:normal\">Temple Bar Markets<\/h2>\n<h3 style=\"font-size:13px;margin:0;padding:0;line-height:16px;color:#534438;\"><img loading=\"lazy\" decoding=\"async\" src=\"http:\/\/dublineventguide.com\/dff\/admin\/images\/weekly.png\" width=\"69\" height=\"16\" style=\"display:inline;float:left;\" \/> 10:00 &#8211; 16:30, Sat 09 Jun<\/h3>\n<p style=\"font-size:13px;color:#534438;line-height:20px;margin:0;padding-top:0;\">Meeting House Square, Temple Bar, Dublin 2<\/p>\n<table width=\"100%\" cellspacing=\"0\" cellpadding=\"0\">\n<tr>\n<td valign=\"top\">\n<div style=\"font-size:13px;color:#534438;line-height:20px;\">\n<p style=\"margin:10px 0;\">The Temple Bar Markets (Food Market on Meeting House Square, Book Market on Temple Bar Square and the Designer Mart near Cow&#8217;s Lane) are taking place every Saturday from 10:00-16:30.<\/a><\/div>\n<div style=\"font-size:13px;color:#534438;line-height:20px;\"><\/div>\n<p style=\"font-size:13px;color:#534438;line-height:20px;\"><a style=\"color:#cc2979;text-decoration:none\" href=\"http:\/\/www.templebar.ie\">http:\/\/www.templebar.ie<\/a><\/p>\n<\/td>\n<td valign=\"top\"><\/td>\n<\/tr>\n<\/table>\n<\/td>\n<\/tr>\n<\/table>\n<\/td>\n<\/tr>\n<\/table>\n<table width=\"100%\" cellpadding=\"0\" cellspacing=\"0\">\n<tr>\n<td style=\"padding:10px 30px\">\n<table width=\"100%\" cellpadding=\"0\" cellspacing=\"0\">\n<tr>\n<td width=\"52\" valign=\"top\"><img loading=\"lazy\" decoding=\"async\" src=\"http:\/\/dublineventguide.com\/dff\/admin\/images\/categories\/MARKETS.png\" width=\"32\" height=\"32\" \/><\/td>\n<td>\n<h2 style=\"font-size:16px;color:#534438;margin:0 0 5px;font-weight:normal\">Terenure Bushy Park Market<\/h2>\n<h3 style=\"font-size:13px;margin:0;padding:0;line-height:16px;color:#534438;\"><img loading=\"lazy\" decoding=\"async\" src=\"http:\/\/dublineventguide.com\/dff\/admin\/images\/weekly.png\" width=\"69\" height=\"16\" style=\"display:inline;float:left;\" \/> 10:00 &#8211; 16:00, Sat 09 Jun<\/h3>\n<p style=\"font-size:13px;color:#534438;line-height:20px;margin:0;padding-top:0;\">Bushy Park, Tempelogue Road, Terenure, Dublin 6W<\/p>\n<table width=\"100%\" cellspacing=\"0\" cellpadding=\"0\">\n<tr>\n<td valign=\"top\">\n<div style=\"font-size:13px;color:#534438;line-height:20px;\">\n<p style=\"margin:10px 0;\">The Terenure Bushy Park Market is taking place every weekk. The market has more than 30 stalls, offering a whole variety of foods and crafts.<\/a><\/p>\n<p style=\"margin:10px 0;\">Admission is free.<\/a><\/div>\n<div style=\"font-size:13px;color:#534438;line-height:20px;\"><\/div>\n<p style=\"font-size:13px;color:#534438;line-height:20px;\"><a style=\"color:#cc2979;text-decoration:none\" href=\"https:\/\/www.facebook.com\/bushyparkmarket\">https:\/\/www.facebook.com\/bushyparkmarket<\/a><\/p>\n<\/td>\n<td valign=\"top\"><\/td>\n<\/tr>\n<\/table>\n<\/td>\n<\/tr>\n<\/table>\n<\/td>\n<\/tr>\n<\/table>\n<table width=\"100%\" cellpadding=\"0\" cellspacing=\"0\">\n<tr>\n<td style=\"padding:10px 30px\">\n<table width=\"100%\" cellpadding=\"0\" cellspacing=\"0\">\n<tr>\n<td width=\"52\" valign=\"top\"><img loading=\"lazy\" decoding=\"async\" src=\"http:\/\/dublineventguide.com\/dff\/admin\/images\/categories\/ACTIVITY.png\" width=\"32\" height=\"32\" \/><\/td>\n<td>\n<h2 style=\"font-size:16px;color:#534438;margin:0 0 5px;font-weight:normal\">The Story of the Capital &#8211; Exhibition in Dublin City Hall<\/h2>\n<h3 style=\"font-size:13px;margin:0;padding:0;line-height:16px;color:#534438;\"><img loading=\"lazy\" decoding=\"async\" src=\"http:\/\/dublineventguide.com\/dff\/admin\/images\/weekly.png\" width=\"69\" height=\"16\" style=\"display:inline;float:left;\" \/> 10:00 &#8211; 17:15, Sat 09 Jun<\/h3>\n<p style=\"font-size:13px;color:#534438;line-height:20px;margin:0;padding-top:0;\">City Hall, Dame Street, Dublin 2<\/p>\n<table width=\"100%\" cellspacing=\"0\" cellpadding=\"0\">\n<tr>\n<td valign=\"top\">\n<div style=\"font-size:13px;color:#534438;line-height:20px;\">\n<p style=\"margin:10px 0;\">Dublin City Hall has a museum\/exhibition in the basement, called &#8220;The Story of the Capital&#8221;, it is an exhibition that you should definitely check out at some stage.<\/a><\/p>\n<p style=\"margin:10px 0;\">To celebrate the Easter Rising Anniversary, admission to that exhibititon was free in 2016, but lucky for us, Dublin City decided to also waive the admission charge for 2018.<\/a><\/p>\n<p style=\"margin:10px 0;\">Opening hours are Monday-Saturday 10:00-17:15.<\/a><\/div>\n<div style=\"font-size:13px;color:#534438;line-height:20px;\"><\/div>\n<p style=\"font-size:13px;color:#534438;line-height:20px;\"><a style=\"color:#cc2979;text-decoration:none\" href=\"http:\/\/www.dublincity.ie\/main-menu-services-recreation-culture-cityhall\/exhibition\">http:\/\/www.dublincity.ie\/main-menu-services-recreation-culture-cityhall\/exhibition<\/a><\/p>\n<\/td>\n<td valign=\"top\"><\/td>\n<\/tr>\n<\/table>\n<\/td>\n<\/tr>\n<\/table>\n<\/td>\n<\/tr>\n<\/table>\n<table width=\"100%\" cellpadding=\"0\" cellspacing=\"0\">\n<tr>\n<td style=\"padding:10px 30px\">\n<table width=\"100%\" cellpadding=\"0\" cellspacing=\"0\">\n<tr>\n<td width=\"52\" valign=\"top\"><img loading=\"lazy\" decoding=\"async\" src=\"http:\/\/dublineventguide.com\/dff\/admin\/images\/categories\/ACTIVITY.png\" width=\"32\" height=\"32\" \/><\/td>\n<td>\n<h2 style=\"font-size:16px;color:#534438;margin:0 0 5px;font-weight:normal\">\u00c1ras an Uachtar\u00e1in &#8211; Tour<\/h2>\n<h3 style=\"font-size:13px;margin:0;padding:0;line-height:16px;color:#534438;\"><img loading=\"lazy\" decoding=\"async\" src=\"http:\/\/dublineventguide.com\/dff\/admin\/images\/weekly.png\" width=\"69\" height=\"16\" style=\"display:inline;float:left;\" \/> 10:15, Sat 09 Jun<\/h3>\n<p style=\"font-size:13px;color:#534438;line-height:20px;margin:0;padding-top:0;\">Phoenix Park Visitor Centre, Phoenix Park, Dublin 8<\/p>\n<table width=\"100%\" cellspacing=\"0\" cellpadding=\"0\">\n<tr>\n<td valign=\"top\">\n<div style=\"font-size:13px;color:#534438;line-height:20px;\">\n<p style=\"margin:10px 0;\">\u00c1ras an Uachtar\u00e1in is the residence of the President of Ireland in the middle of Phoenix Park. It started as a modest brick house for the Phoenix Park Chief Ranger in 1751, was then turned into th \u2018occasional residence\u2019 for the Lords-Lieutenant and gradually evolved into a huge mansion. After Ireland gained independence it was turned after 1937 into the residence of the Irish president.<\/a><\/p>\n<p style=\"margin:10px 0;\">Every Saturday a number of public tours take place and admission is free. Tickets will be issued at the Phoenix Park Visitor Centre on the day, on a first come, first served basis. Group and\/or advance booking is not possible.<\/a><\/p>\n<p style=\"margin:10px 0;\">The tours will be at 10:15, 11:30, 12:45, 14:00 and 15:15 and take approx. 1 hour. <\/a><\/div>\n<div style=\"font-size:13px;color:#534438;line-height:20px;\"><\/div>\n<p style=\"font-size:13px;color:#534438;line-height:20px;\"><a style=\"color:#cc2979;text-decoration:none\" href=\"http:\/\/phoenixpark.ie\/tours\/\">http:\/\/phoenixpark.ie\/tours\/<\/a><\/p>\n<\/td>\n<td valign=\"top\"><\/td>\n<\/tr>\n<\/table>\n<\/td>\n<\/tr>\n<\/table>\n<\/td>\n<\/tr>\n<\/table>\n<table width=\"100%\" cellpadding=\"0\" cellspacing=\"0\">\n<tr>\n<td style=\"padding:10px 30px\">\n<table width=\"100%\" cellpadding=\"0\" cellspacing=\"0\">\n<tr>\n<td width=\"52\" valign=\"top\"><img loading=\"lazy\" decoding=\"async\" src=\"http:\/\/dublineventguide.com\/dff\/admin\/images\/categories\/MARKETS.png\" width=\"32\" height=\"32\" \/><\/td>\n<td>\n<h2 style=\"font-size:16px;color:#534438;margin:0 0 5px;font-weight:normal\">Art, Bites, Crafts &#8211; Drumcondra Market<\/h2>\n<h3 style=\"font-size:13px;margin:0;padding:0;line-height:16px;color:#534438;\"><img loading=\"lazy\" decoding=\"async\" src=\"http:\/\/dublineventguide.com\/dff\/admin\/images\/weekly.png\" width=\"69\" height=\"16\" style=\"display:inline;float:left;\" \/> 10:30 &#8211; 15:30, Sat 09 Jun<\/h3>\n<p style=\"font-size:13px;color:#534438;line-height:20px;margin:0;padding-top:0;\">Arts and Business Campus, 40 Drumcondra Road Lower<\/p>\n<table width=\"100%\" cellspacing=\"0\" cellpadding=\"0\">\n<tr>\n<td valign=\"top\">\n<div style=\"font-size:13px;color:#534438;line-height:20px;\">\n<p style=\"margin:10px 0;\">The Drumcondra Village Market is now the &#8220;Art, Bites, Crafts Drumcondra Market&#8221;. And as you guessed it, it is an arts and crafts fair in the centre of Drumcondra. :-) There will also be some food and music. <\/a><\/p>\n<p style=\"margin:10px 0;\">The market is open on Saturday and Sunday from 10:30-15:30.<\/a><\/p>\n<p style=\"margin:10px 0;\">Admission is free.<\/a><\/div>\n<div style=\"font-size:13px;color:#534438;line-height:20px;\"><\/div>\n<p style=\"font-size:13px;color:#534438;line-height:20px;\"><a style=\"color:#cc2979;text-decoration:none\" href=\"https:\/\/www.facebook.com\/abcdrumcondramarket\">https:\/\/www.facebook.com\/abcdrumcondramarket<\/a><\/p>\n<\/td>\n<td valign=\"top\"><\/td>\n<\/tr>\n<\/table>\n<\/td>\n<\/tr>\n<\/table>\n<\/td>\n<\/tr>\n<\/table>\n<table width=\"100%\" cellpadding=\"0\" cellspacing=\"0\">\n<tr>\n<td style=\"padding:10px 30px\">\n<table width=\"100%\" cellpadding=\"0\" cellspacing=\"0\">\n<tr>\n<td width=\"52\" valign=\"top\"><img loading=\"lazy\" decoding=\"async\" src=\"http:\/\/dublineventguide.com\/dff\/admin\/images\/categories\/ACTIVITY.png\" width=\"32\" height=\"32\" \/><\/td>\n<td>\n<h2 style=\"font-size:16px;color:#534438;margin:0 0 5px;font-weight:normal\">Dublin Community Gardens Cycle &#8211; Bike Week<\/h2>\n<h3 style=\"font-size:13px;margin:0;padding:0;line-height:16px;color:#534438;\">10:30 &#8211; 15:30, Sat 09 Jun<\/h3>\n<p style=\"font-size:13px;color:#534438;line-height:20px;margin:0;padding-top:0;\">Dublin (various locations) <\/p>\n<table width=\"100%\" cellspacing=\"0\" cellpadding=\"0\">\n<tr>\n<td valign=\"top\">\n<div style=\"font-size:13px;color:#534438;line-height:20px;\">\n<p style=\"margin:10px 0;\">On Saturday, two cycle trips will bring you to some of Dublin&#8217;s Community Gardens.<\/a><\/p>\n<p style=\"margin:10px 0;\">Southside Tour: Meet at Cycle Velodrome (Ceannt Stadium in Sundrive Park, Crumlin) at 10:45 for a trip to 3 local community gardens. Meet the growers and find out what motivates them and what they grow. The cycle will finish with a picnic at Drimnagh Castle Community Garden, Long Mile Road.<\/a><\/p>\n<p style=\"margin:10px 0;\">Northside Tour: Meet at Mud Island Community Garden at Clinchs Court, just off North Strand Road at 10:30 for a trip to 3 northside community gardens before heading southside to join the Southside Cycle group for a picnic Drimnagh Castle Community Garden.<\/a><\/p>\n<p style=\"margin:10px 0;\">Admission is free.<\/a><\/div>\n<div style=\"font-size:13px;color:#534438;line-height:20px;\"><\/div>\n<p style=\"font-size:13px;color:#534438;line-height:20px;\"><a style=\"color:#cc2979;text-decoration:none\" href=\"http:\/\/www.bikeweek.ie\/events\/dublin\/dublin-community-gardens-cycle\">http:\/\/www.bikeweek.ie\/events\/dublin\/dublin-community-gardens-cycle<\/a><\/p>\n<\/td>\n<td valign=\"top\"><\/td>\n<\/tr>\n<\/table>\n<\/td>\n<\/tr>\n<\/table>\n<\/td>\n<\/tr>\n<\/table>\n<table width=\"100%\" cellpadding=\"0\" cellspacing=\"0\">\n<tr>\n<td style=\"padding:10px 30px\">\n<table width=\"100%\" cellpadding=\"0\" cellspacing=\"0\">\n<tr>\n<td width=\"52\" valign=\"top\"><img loading=\"lazy\" decoding=\"async\" src=\"http:\/\/dublineventguide.com\/dff\/admin\/images\/categories\/MARKETS.png\" width=\"32\" height=\"32\" \/><\/td>\n<td>\n<h2 style=\"font-size:16px;color:#534438;margin:0 0 5px;font-weight:normal\">Blackrock Market<\/h2>\n<h3 style=\"font-size:13px;margin:0;padding:0;line-height:16px;color:#534438;\"><img loading=\"lazy\" decoding=\"async\" src=\"http:\/\/dublineventguide.com\/dff\/admin\/images\/weekly.png\" width=\"69\" height=\"16\" style=\"display:inline;float:left;\" \/> 11:00 &#8211; 17:30, Sat 09 Jun<\/h3>\n<p style=\"font-size:13px;color:#534438;line-height:20px;margin:0;padding-top:0;\">Blackrock Market, 19 Main Street, Blackrock, Co. Dublin<\/p>\n<table width=\"100%\" cellspacing=\"0\" cellpadding=\"0\">\n<tr>\n<td valign=\"top\">\n<div style=\"font-size:13px;color:#534438;line-height:20px;\">\n<p>At the Blackrock Market in the centre of Blackrock, you&#8217;ll find 50 stalls selling collectibles, antiques, handmade goods, books, food &#038; there&#8217;s free popcorn, ballons &#038; facepainting for the kids. <br \/>Open on Saturdays and Bank Holidays: 11:00-17:30, and Sundays: 12:00-17:30.<\/p>\n<\/div>\n<div style=\"font-size:13px;color:#534438;line-height:20px;\"><\/div>\n<p style=\"font-size:13px;color:#534438;line-height:20px;\"><a style=\"color:#cc2979;text-decoration:none\" href=\"http:\/\/www.blackrockmarket.com\/\">http:\/\/www.blackrockmarket.com\/<\/a><\/p>\n<\/td>\n<td valign=\"top\"><\/td>\n<\/tr>\n<\/table>\n<\/td>\n<\/tr>\n<\/table>\n<\/td>\n<\/tr>\n<\/table>\n<table width=\"100%\" cellpadding=\"0\" cellspacing=\"0\">\n<tr>\n<td style=\"padding:10px 30px\">\n<table width=\"100%\" cellpadding=\"0\" cellspacing=\"0\">\n<tr>\n<td width=\"52\" valign=\"top\"><img loading=\"lazy\" decoding=\"async\" src=\"http:\/\/dublineventguide.com\/dff\/admin\/images\/categories\/ACTIVITY.png\" width=\"32\" height=\"32\" \/><\/td>\n<td>\n<h2 style=\"font-size:16px;color:#534438;margin:0 0 5px;font-weight:normal\">North Bull Island Nature Tour<\/h2>\n<h3 style=\"font-size:13px;margin:0;padding:0;line-height:16px;color:#534438;\">11:00 &#8211; 12:00, Sat 09 Jun<\/h3>\n<p style=\"font-size:13px;color:#534438;line-height:20px;margin:0;padding-top:0;\">Dollymount Strand, Clontarf, Dublin 3<\/p>\n<table width=\"100%\" cellspacing=\"0\" cellpadding=\"0\">\n<tr>\n<td valign=\"top\">\n<div style=\"font-size:13px;color:#534438;line-height:20px;\">\n<p style=\"margin:10px 0;\">Organised by Clean Coasts, this is a Nature Tour of North Bull Island\/Dollymount Strand. Meeting point is next to the Happy Out Cafe, a cafe in a shipping container on Dollymount Strand.<\/a><\/p>\n<p style=\"margin:10px 0;\">Admission is free. <\/a><\/div>\n<div style=\"font-size:13px;color:#534438;line-height:20px;\"><\/div>\n<p style=\"font-size:13px;color:#534438;line-height:20px;\"><a style=\"color:#cc2979;text-decoration:none\" href=\"https:\/\/www.facebook.com\/events\/2092960627629875\/\">https:\/\/www.facebook.com\/events\/2092960627629875\/<\/a><\/p>\n<\/td>\n<td valign=\"top\"><\/td>\n<\/tr>\n<\/table>\n<\/td>\n<\/tr>\n<\/table>\n<\/td>\n<\/tr>\n<\/table>\n<table width=\"100%\" cellpadding=\"0\" cellspacing=\"0\">\n<tr>\n<td style=\"padding:10px 30px\">\n<table width=\"100%\" cellpadding=\"0\" cellspacing=\"0\">\n<tr>\n<td width=\"52\" valign=\"top\"><img loading=\"lazy\" decoding=\"async\" src=\"http:\/\/dublineventguide.com\/dff\/admin\/images\/categories\/KIDS.png\" width=\"32\" height=\"32\" \/><\/td>\n<td>\n<h2 style=\"font-size:16px;color:#534438;margin:0 0 5px;font-weight:normal\">Pond Dipping &#8211; Children&#8217;s Event<\/h2>\n<h3 style=\"font-size:13px;margin:0;padding:0;line-height:16px;color:#534438;\">11:00, Sat 09 Jun<\/h3>\n<p style=\"font-size:13px;color:#534438;line-height:20px;margin:0;padding-top:0;\">National Botanic Gardens, Botanic Road, Glasnevin, Dublin 9<\/p>\n<table width=\"100%\" cellspacing=\"0\" cellpadding=\"0\">\n<tr>\n<td valign=\"top\">\n<div style=\"font-size:13px;color:#534438;line-height:20px;\">\n<p style=\"margin:10px 0;\">Pond Dipping is an event in the National Botanic Garden for children aged 8+. Admission is free, but booking is required via 01-8040319<\/a><\/p>\n<p style=\"margin:10px 0;\">&#8220;Explore the weird and wonderful world of insects and mini-beasts living in and around the pond at the National Botanic Gardens. Perfect your technique with guidance from the experts and learn how to identify the amazing creatures you have captured. Once you have discovered the hidden pond life you will never look at ponds the same way again.&#8221;<\/a><\/div>\n<div style=\"font-size:13px;color:#534438;line-height:20px;\"><\/div>\n<p style=\"font-size:13px;color:#534438;line-height:20px;\"><a style=\"color:#cc2979;text-decoration:none\" href=\"https:\/\/www.facebook.com\/events\/239721823436533\">https:\/\/www.facebook.com\/events\/239721823436533<\/a><\/p>\n<\/td>\n<td valign=\"top\"><\/td>\n<\/tr>\n<\/table>\n<\/td>\n<\/tr>\n<\/table>\n<\/td>\n<\/tr>\n<\/table>\n<table width=\"100%\" cellpadding=\"0\" cellspacing=\"0\">\n<tr>\n<td style=\"padding:10px 30px\">\n<table width=\"100%\" cellpadding=\"0\" cellspacing=\"0\">\n<tr>\n<td width=\"52\" valign=\"top\"><img loading=\"lazy\" decoding=\"async\" src=\"http:\/\/dublineventguide.com\/dff\/admin\/images\/categories\/ACTIVITY.png\" width=\"32\" height=\"32\" \/><\/td>\n<td>\n<h2 style=\"font-size:16px;color:#534438;margin:0 0 5px;font-weight:normal\">Yoga Class &#8211; Sandymount Strand<\/h2>\n<h3 style=\"font-size:13px;margin:0;padding:0;line-height:16px;color:#534438;\">11:00 &#8211; 13:00, Sat 09 Jun<\/h3>\n<p style=\"font-size:13px;color:#534438;line-height:20px;margin:0;padding-top:0;\">Beach Road, Sandymount, Dublin 4<\/p>\n<table width=\"100%\" cellspacing=\"0\" cellpadding=\"0\">\n<tr>\n<td valign=\"top\">\n<div style=\"font-size:13px;color:#534438;line-height:20px;\">\n<p style=\"margin:10px 0;\">A free Yoga Class on Sandymount Strand will take place on Saturday and it will be followed by a short beach clean.<\/a><\/p>\n<p style=\"margin:10px 0;\">Meeting Point is at the Marine Road entrance to Sandymount Strand and Irishtown Park. The class will be run by Jutta Kleinfeld. Suitable for all levels.<\/a><\/p>\n<p style=\"margin:10px 0;\">Admission is free. <\/a><\/div>\n<div style=\"font-size:13px;color:#534438;line-height:20px;\"><\/div>\n<p style=\"font-size:13px;color:#534438;line-height:20px;\"><a style=\"color:#cc2979;text-decoration:none\" href=\"https:\/\/www.facebook.com\/events\/236713403579721\/\">https:\/\/www.facebook.com\/events\/236713403579721\/<\/a><\/p>\n<\/td>\n<td valign=\"top\"><\/td>\n<\/tr>\n<\/table>\n<\/td>\n<\/tr>\n<\/table>\n<\/td>\n<\/tr>\n<\/table>\n<table width=\"100%\" cellpadding=\"0\" cellspacing=\"0\">\n<tr>\n<td style=\"padding:10px 30px\">\n<table width=\"100%\" cellpadding=\"0\" cellspacing=\"0\">\n<tr>\n<td width=\"52\" valign=\"top\"><img loading=\"lazy\" decoding=\"async\" src=\"http:\/\/dublineventguide.com\/dff\/admin\/images\/categories\/KIDS.png\" width=\"32\" height=\"32\" \/><\/td>\n<td>\n<h2 style=\"font-size:16px;color:#534438;margin:0 0 5px;font-weight:normal\">Children Story Time: Animals &#038; Creatures<\/h2>\n<h3 style=\"font-size:13px;margin:0;padding:0;line-height:16px;color:#534438;\">11:30 &#8211; 12:30, Sat 09 Jun<\/h3>\n<p style=\"font-size:13px;color:#534438;line-height:20px;margin:0;padding-top:0;\">National Gallery, Merrion Square West, Dublin 2 <\/p>\n<table width=\"100%\" cellspacing=\"0\" cellpadding=\"0\">\n<tr>\n<td valign=\"top\">\n<div style=\"font-size:13px;color:#534438;line-height:20px;\">\n<p style=\"margin:10px 0;\">The Gallery Shop of the National Gallery will run a Childrens&#8217; Story Time themed &#8220;Animals &#038; Creatures&#8221; and it is for children aged 5+. Story teller Ruth Concannon will share tales on theme of Animal and Creatures, followed by some colouring-in time.<\/a><\/p>\n<p style=\"margin:10px 0;\">Admission is free. <\/a><\/div>\n<div style=\"font-size:13px;color:#534438;line-height:20px;\"><\/div>\n<p style=\"font-size:13px;color:#534438;line-height:20px;\"><a style=\"color:#cc2979;text-decoration:none\" href=\"https:\/\/www.nationalgallery.ie\/story-time-animals-creatures\">https:\/\/www.nationalgallery.ie\/story-time-animals-creatures<\/a><\/p>\n<\/td>\n<td valign=\"top\"><\/td>\n<\/tr>\n<\/table>\n<\/td>\n<\/tr>\n<\/table>\n<\/td>\n<\/tr>\n<\/table>\n<table width=\"100%\" cellpadding=\"0\" cellspacing=\"0\">\n<tr>\n<td style=\"padding:10px 30px\">\n<table width=\"100%\" cellpadding=\"0\" cellspacing=\"0\">\n<tr>\n<td width=\"52\" valign=\"top\"><img loading=\"lazy\" decoding=\"async\" src=\"http:\/\/dublineventguide.com\/dff\/admin\/images\/categories\/ACTIVITY.png\" width=\"32\" height=\"32\" \/><\/td>\n<td>\n<h2 style=\"font-size:16px;color:#534438;margin:0 0 5px;font-weight:normal\">National Gallery Talks &#038; Tour<\/h2>\n<h3 style=\"font-size:13px;margin:0;padding:0;line-height:16px;color:#534438;\"><img loading=\"lazy\" decoding=\"async\" src=\"http:\/\/dublineventguide.com\/dff\/admin\/images\/weekly.png\" width=\"69\" height=\"16\" style=\"display:inline;float:left;\" \/> 11:30 &#8211; 16:50, Sat 09 Jun<\/h3>\n<p style=\"font-size:13px;color:#534438;line-height:20px;margin:0;padding-top:0;\">National Gallery, Merrion Square West, Dublin 2 <\/p>\n<table width=\"100%\" cellspacing=\"0\" cellpadding=\"0\">\n<tr>\n<td valign=\"top\">\n<div style=\"font-size:13px;color:#534438;line-height:20px;\">\n<p style=\"margin:10px 0;\">The National Gallery has an extensive programme of free talks, public tours and Art Documentary screenings every day of the week. Currently there is at least one free tour every day. Check their website for details. Some special events will be listed separately.<\/a><\/p>\n<p style=\"margin:10px 0;\">Admission to the gallery and to most events is free.<\/a><\/div>\n<div style=\"font-size:13px;color:#534438;line-height:20px;\"><\/div>\n<p style=\"font-size:13px;color:#534438;line-height:20px;\"><a style=\"color:#cc2979;text-decoration:none\" href=\"https:\/\/www.nationalgallery.ie\/whats-on\">https:\/\/www.nationalgallery.ie\/whats-on<\/a><\/p>\n<\/td>\n<td valign=\"top\"><\/td>\n<\/tr>\n<\/table>\n<\/td>\n<\/tr>\n<\/table>\n<\/td>\n<\/tr>\n<\/table>\n<table width=\"100%\" cellpadding=\"0\" cellspacing=\"0\">\n<tr>\n<td style=\"padding:10px 30px\">\n<table width=\"100%\" cellpadding=\"0\" cellspacing=\"0\">\n<tr>\n<td width=\"52\" valign=\"top\"><img loading=\"lazy\" decoding=\"async\" src=\"http:\/\/dublineventguide.com\/dff\/admin\/images\/categories\/ACTIVITY.png\" width=\"32\" height=\"32\" \/><\/td>\n<td>\n<h2 style=\"font-size:16px;color:#534438;margin:0 0 5px;font-weight:normal\">Animal Lottery &#8211; Family Tour<\/h2>\n<h3 style=\"font-size:13px;margin:0;padding:0;line-height:16px;color:#534438;\">12:00 &#8211; 15:00, Sat 09 Jun<\/h3>\n<p style=\"font-size:13px;color:#534438;line-height:20px;margin:0;padding-top:0;\">National Museum, Merrion Street (Natural History), Dublin 2<\/p>\n<table width=\"100%\" cellspacing=\"0\" cellpadding=\"0\">\n<tr>\n<td valign=\"top\">\n<div style=\"font-size:13px;color:#534438;line-height:20px;\">\n<p style=\"margin:10px 0;\">The Family Tour &#8220;Animal Lottery&#8221; with Catherine McGuinness will take place on Saturday at 12:00 and again at 14:00.<\/a><\/p>\n<p style=\"margin:10px 0;\">You decide the route of the tour by having an animal lottery. Be prepared for a lot of walking.<\/a><\/p>\n<p style=\"margin:10px 0;\">Admission is free and no booking required, places are limited and allocated on a first-come first served basis 15 minutes before the tour starts. Suitable for all ages. <\/a><\/div>\n<div style=\"font-size:13px;color:#534438;line-height:20px;\"><\/div>\n<p style=\"font-size:13px;color:#534438;line-height:20px;\"><a style=\"color:#cc2979;text-decoration:none\" href=\"https:\/\/www.museum.ie\/Visit-Us\/Events?id=3648\">https:\/\/www.museum.ie\/Visit-Us\/Events?id=3648<\/a><\/p>\n<\/td>\n<td valign=\"top\"><\/td>\n<\/tr>\n<\/table>\n<\/td>\n<\/tr>\n<\/table>\n<\/td>\n<\/tr>\n<\/table>\n<table width=\"100%\" cellpadding=\"0\" cellspacing=\"0\">\n<tr>\n<td style=\"padding:10px 30px\">\n<table width=\"100%\" cellpadding=\"0\" cellspacing=\"0\">\n<tr>\n<td width=\"52\" valign=\"top\"><img loading=\"lazy\" decoding=\"async\" src=\"http:\/\/dublineventguide.com\/dff\/admin\/images\/categories\/ACTIVITY.png\" width=\"32\" height=\"32\" \/><\/td>\n<td>\n<h2 style=\"font-size:16px;color:#534438;margin:0 0 5px;font-weight:normal\">Cactus &#038; Succulent Show<\/h2>\n<h3 style=\"font-size:13px;margin:0;padding:0;line-height:16px;color:#534438;\">12:00 &#8211; 18:00, Sat 09 Jun<\/h3>\n<p style=\"font-size:13px;color:#534438;line-height:20px;margin:0;padding-top:0;\">National Botanic Gardens, Botanic Road, Glasnevin, Dublin 9<\/p>\n<table width=\"100%\" cellspacing=\"0\" cellpadding=\"0\">\n<tr>\n<td valign=\"top\">\n<div style=\"font-size:13px;color:#534438;line-height:20px;\">\n<p style=\"margin:10px 0;\">The &#8220;Cactus and Succulent Show&#8221; will be a showcase for amateur growers. Prizes are awarded in over forty classes and it is an opportunity to see the variety of plants grown by enthusiasts in the challenging Irish climate.<\/a><\/p>\n<p style=\"margin:10px 0;\">Admission is free. The Show will take place in the Teak House.<\/a><\/div>\n<div style=\"font-size:13px;color:#534438;line-height:20px;\"><\/div>\n<p style=\"font-size:13px;color:#534438;line-height:20px;\"><a style=\"color:#cc2979;text-decoration:none\" href=\"https:\/\/www.facebook.com\/events\/243131766432014\/\">https:\/\/www.facebook.com\/events\/243131766432014\/<\/a><\/p>\n<\/td>\n<td valign=\"top\"><\/td>\n<\/tr>\n<\/table>\n<\/td>\n<\/tr>\n<\/table>\n<\/td>\n<\/tr>\n<\/table>\n<table width=\"100%\" cellpadding=\"0\" cellspacing=\"0\">\n<tr>\n<td style=\"padding:10px 30px\">\n<table width=\"100%\" cellpadding=\"0\" cellspacing=\"0\">\n<tr>\n<td width=\"52\" valign=\"top\"><img loading=\"lazy\" decoding=\"async\" src=\"http:\/\/dublineventguide.com\/dff\/admin\/images\/categories\/ACTIVITY.png\" width=\"32\" height=\"32\" \/><\/td>\n<td>\n<h2 style=\"font-size:16px;color:#534438;margin:0 0 5px;font-weight:normal\">Equipet Pet Photography and Vet Checkups<\/h2>\n<h3 style=\"font-size:13px;margin:0;padding:0;line-height:16px;color:#534438;\">12:00 &#8211; 15:00, Sat 09 Jun<\/h3>\n<p style=\"font-size:13px;color:#534438;line-height:20px;margin:0;padding-top:0;\">Equipet Store, Unit 6, Coolock Retail Park, Coolock, Dublin 17<\/p>\n<table width=\"100%\" cellspacing=\"0\" cellpadding=\"0\">\n<tr>\n<td valign=\"top\">\n<div style=\"font-size:13px;color:#534438;line-height:20px;\">\n<p style=\"margin:10px 0;\">The Equipet Store in Coolock is inviting to a Pet Fun Day with a free Pet Health Checkup and free pet photography.<\/a><\/p>\n<p style=\"margin:10px 0;\">Find all details on the Facebook Page below.<\/a><\/div>\n<div style=\"font-size:13px;color:#534438;line-height:20px;\"><\/div>\n<p style=\"font-size:13px;color:#534438;line-height:20px;\"><a style=\"color:#cc2979;text-decoration:none\" href=\"https:\/\/www.facebook.com\/events\/198515074300429\/\">https:\/\/www.facebook.com\/events\/198515074300429\/<\/a><\/p>\n<\/td>\n<td valign=\"top\"><\/td>\n<\/tr>\n<\/table>\n<\/td>\n<\/tr>\n<\/table>\n<\/td>\n<\/tr>\n<\/table>\n<table width=\"100%\" cellpadding=\"0\" cellspacing=\"0\">\n<tr>\n<td style=\"padding:10px 30px\">\n<table width=\"100%\" cellpadding=\"0\" cellspacing=\"0\">\n<tr>\n<td width=\"52\" valign=\"top\"><img loading=\"lazy\" decoding=\"async\" src=\"http:\/\/dublineventguide.com\/dff\/admin\/images\/categories\/MARKETS.png\" width=\"32\" height=\"32\" \/><\/td>\n<td>\n<h2 style=\"font-size:16px;color:#534438;margin:0 0 5px;font-weight:normal\">Ha&#8217;penny Flea Market<\/h2>\n<h3 style=\"font-size:13px;margin:0;padding:0;line-height:16px;color:#534438;\"><img loading=\"lazy\" decoding=\"async\" src=\"http:\/\/dublineventguide.com\/dff\/admin\/images\/weekly.png\" width=\"69\" height=\"16\" style=\"display:inline;float:left;\" \/> 12:00 &#8211; 17:00, Sat 09 Jun<\/h3>\n<p style=\"font-size:13px;color:#534438;line-height:20px;margin:0;padding-top:0;\">Grand Social, 35 Lower Liffey Street (near Ha&#8217;Penny Bridge), Dublin 1<\/p>\n<table width=\"100%\" cellspacing=\"0\" cellpadding=\"0\">\n<tr>\n<td valign=\"top\">\n<div style=\"font-size:13px;color:#534438;line-height:20px;\">\n<p style=\"margin:10px 0;\">The weekly Ha&#8217;penny Flea Market is an indoor market in the Grand Social Pub, which offers vintage Men and Women&#8217;s clothing, contemporary crafts, books, DVDs, vinyl records, vintage and handmade jewellery, vintage hair styles, art, photography and much more. Grand Social&#8217;s Bar and Gourmet Coffee options are available.<\/a><\/div>\n<div style=\"font-size:13px;color:#534438;line-height:20px;\"><\/div>\n<p style=\"font-size:13px;color:#534438;line-height:20px;\"><a style=\"color:#cc2979;text-decoration:none\" href=\"http:\/\/www.thegrandsocial.ie\/\">http:\/\/www.thegrandsocial.ie\/<\/a><\/p>\n<\/td>\n<td valign=\"top\"><\/td>\n<\/tr>\n<\/table>\n<\/td>\n<\/tr>\n<\/table>\n<\/td>\n<\/tr>\n<\/table>\n<table width=\"100%\" cellpadding=\"0\" cellspacing=\"0\">\n<tr>\n<td style=\"padding:10px 30px\">\n<table width=\"100%\" cellpadding=\"0\" cellspacing=\"0\">\n<tr>\n<td width=\"52\" valign=\"top\"><img loading=\"lazy\" decoding=\"async\" src=\"http:\/\/dublineventguide.com\/dff\/admin\/images\/categories\/ACTIVITY.png\" width=\"32\" height=\"32\" \/><\/td>\n<td>\n<h2 style=\"font-size:16px;color:#534438;margin:0 0 5px;font-weight:normal\">Qi Gong &#8211; Drop-in class &#8211; Chester Beatty Library<\/h2>\n<h3 style=\"font-size:13px;margin:0;padding:0;line-height:16px;color:#534438;\">12:00, Sat 09 Jun<\/h3>\n<p style=\"font-size:13px;color:#534438;line-height:20px;margin:0;padding-top:0;\">Chester Beatty Library, Gardens of Dublin Castle, Dublin 2<\/p>\n<table width=\"100%\" cellspacing=\"0\" cellpadding=\"0\">\n<tr>\n<td valign=\"top\">\n<div style=\"font-size:13px;color:#534438;line-height:20px;\">\n<p style=\"margin:10px 0;\">Qi gong is a traditional Chinese form of meditation coordinating slow flowing movement, deep rhythmic breathing, and a calm state of mind.<\/a><\/p>\n<p style=\"margin:10px 0;\">Come to this gentle Qi gong practice outdoors on the Roof Top Garden of the Library (weather permitting) or indoors with a view of the roof garden. Suitable for all ages.<\/a><\/p>\n<p style=\"margin:10px 0;\">Admission is free and no booking required, but numbers are limited. Meeting point is in the Atrium.<\/a><\/div>\n<div style=\"font-size:13px;color:#534438;line-height:20px;\"><\/div>\n<p style=\"font-size:13px;color:#534438;line-height:20px;\"><a style=\"color:#cc2979;text-decoration:none\" href=\"https:\/\/cbl.ticketsolve.com\/shows\/1173587950\">https:\/\/cbl.ticketsolve.com\/shows\/1173587950<\/a><\/p>\n<\/td>\n<td valign=\"top\"><\/td>\n<\/tr>\n<\/table>\n<\/td>\n<\/tr>\n<\/table>\n<\/td>\n<\/tr>\n<\/table>\n<table width=\"100%\" cellpadding=\"0\" cellspacing=\"0\">\n<tr>\n<td style=\"padding:10px 30px\">\n<table width=\"100%\" cellpadding=\"0\" cellspacing=\"0\">\n<tr>\n<td width=\"52\" valign=\"top\"><img loading=\"lazy\" decoding=\"async\" src=\"http:\/\/dublineventguide.com\/dff\/admin\/images\/categories\/ACTIVITY.png\" width=\"32\" height=\"32\" \/><\/td>\n<td>\n<h2 style=\"font-size:16px;color:#534438;margin:0 0 5px;font-weight:normal\">Skerries Midsummer Festival<\/h2>\n<h3 style=\"font-size:13px;margin:0;padding:0;line-height:16px;color:#534438;\">12:00, Sat 09 Jun<\/h3>\n<p style=\"font-size:13px;color:#534438;line-height:20px;margin:0;padding-top:0;\">Skerries Village, Co. Dublin<\/p>\n<table width=\"100%\" cellspacing=\"0\" cellpadding=\"0\">\n<tr>\n<td valign=\"top\">\n<div style=\"font-size:13px;color:#534438;line-height:20px;\">\n<p style=\"margin:10px 0;\">The &#8220;Skerries Midsummer Festival&#8221; will take place this weeken (Fri-Sun)<\/a><\/p>\n<p style=\"margin:10px 0;\">The good people from Skerries are not overly generous with information about the festival (No idea at what time it starts or what happens when.) and they are a little confused about the calendar (Midsummer is on 15 July.) but they do provide a short list of some events during the festival and that might help:<\/a><\/p>\n<p style=\"margin:10px 0;\">For Saturday they list:<\/a><\/p>\n<p>&#8220;Swimrace &#8211; Sports on the Beach &#8211; Sandcastle Competition from noon<br \/>Festival Village &#8211; Bumpr Cars &#8211; Carousels &#8211; Candyfloss &#8211; Treats<br \/>MainStage: Adam McEvoy Unplugged &#8211; Fancy Dress 80s Disco (18+)&#8221;<\/p>\n<p style=\"margin:10px 0;\">and on Sunday this information is provided:<\/a><\/p>\n<p>&#8221; Skerries Triathlon &#8211; Sports on the Beach &#8211; Sandcastle Competition from noon<br \/>Festival Village &#8211; Bumper Cars &#8211; Carousels &#8211; Candyfloss &#8211; Treats<br \/>Main Stage: Live Afternoon Trad&#8221;<\/p>\n<p style=\"margin:10px 0;\">Admission seems to be free for all events (free admission for the main stage events is confirmed).<\/a><\/div>\n<div style=\"font-size:13px;color:#534438;line-height:20px;\"><\/div>\n<p style=\"font-size:13px;color:#534438;line-height:20px;\"><a style=\"color:#cc2979;text-decoration:none\" href=\"http:\/\/www.visitskerries.ie\/whatson\/skerries-midsummer-festival\/\">http:\/\/www.visitskerries.ie\/whatson\/skerries-midsummer-festival\/<\/a><\/p>\n<\/td>\n<td valign=\"top\"><\/td>\n<\/tr>\n<\/table>\n<\/td>\n<\/tr>\n<\/table>\n<\/td>\n<\/tr>\n<\/table>\n<table width=\"100%\" cellpadding=\"0\" cellspacing=\"0\">\n<tr>\n<td style=\"padding:10px 30px\">\n<table width=\"100%\" cellpadding=\"0\" cellspacing=\"0\">\n<tr>\n<td width=\"52\" valign=\"top\"><img loading=\"lazy\" decoding=\"async\" src=\"http:\/\/dublineventguide.com\/dff\/admin\/images\/categories\/ACTIVITY.png\" width=\"32\" height=\"32\" \/><\/td>\n<td>\n<h2 style=\"font-size:16px;color:#534438;margin:0 0 5px;font-weight:normal\">Terenure Dog Show<\/h2>\n<h3 style=\"font-size:13px;margin:0;padding:0;line-height:16px;color:#534438;\">12:00 &#8211; 14:00, Sat 09 Jun<\/h3>\n<p style=\"font-size:13px;color:#534438;line-height:20px;margin:0;padding-top:0;\">Bushy Park, Tempelogue Road, Terenure, Dublin 6W<\/p>\n<table width=\"100%\" cellspacing=\"0\" cellpadding=\"0\">\n<tr>\n<td valign=\"top\">\n<div style=\"font-size:13px;color:#534438;line-height:20px;\">\n<p style=\"margin:10px 0;\">Organised by pet shop &#8220;The Pet Parlour&#8221;, a dog show will take place in Terenure. Registration starts at 10:00 and the show takes place from 12:00-14:00. The event is in conjunction with the weekly Bushy Park Market in Terenure. <\/a><\/p>\n<p style=\"margin:10px 0;\">Admission is free. <\/a><\/div>\n<div style=\"font-size:13px;color:#534438;line-height:20px;\"><\/div>\n<p style=\"font-size:13px;color:#534438;line-height:20px;\"><a style=\"color:#cc2979;text-decoration:none\" href=\"https:\/\/www.facebook.com\/ThePetParlourIreland\/\">https:\/\/www.facebook.com\/ThePetParlourIreland\/<\/a><\/p>\n<\/td>\n<td valign=\"top\"><\/td>\n<\/tr>\n<\/table>\n<\/td>\n<\/tr>\n<\/table>\n<\/td>\n<\/tr>\n<\/table>\n<table width=\"100%\" cellpadding=\"0\" cellspacing=\"0\">\n<tr>\n<td style=\"padding:10px 30px\">\n<table width=\"100%\" cellpadding=\"0\" cellspacing=\"0\">\n<tr>\n<td width=\"52\" valign=\"top\"><img loading=\"lazy\" decoding=\"async\" src=\"http:\/\/dublineventguide.com\/dff\/admin\/images\/categories\/MARKETS.png\" width=\"32\" height=\"32\" \/><\/td>\n<td>\n<h2 style=\"font-size:16px;color:#534438;margin:0 0 5px;font-weight:normal\">The Bernard Shaw Flea Market<\/h2>\n<h3 style=\"font-size:13px;margin:0;padding:0;line-height:16px;color:#534438;\">12:00 &#8211; 17:00, Sat 09 Jun<\/h3>\n<p style=\"font-size:13px;color:#534438;line-height:20px;margin:0;padding-top:0;\">The Bernard Shaw, 12 Richmond Street South, Dublin 8<\/p>\n<table width=\"100%\" cellspacing=\"0\" cellpadding=\"0\">\n<tr>\n<td valign=\"top\">\n<div style=\"font-size:13px;color:#534438;line-height:20px;\">\n<p style=\"margin:10px 0;\">The June edition of the Bernard Shaw Flea Market will happen this Saturday. There will be approx 16 stalls, music, pizzas from the Big Blue Bus and the Bernard Shaw Garden Bar. Expect vintage clothes, shoes, jewellery, art, records, bric-a-brac and more and DJs will provide the entertainment.<\/a><\/p>\n<p style=\"margin:10px 0;\">Admission is free.<\/a><\/div>\n<div style=\"font-size:13px;color:#534438;line-height:20px;\"><\/div>\n<p style=\"font-size:13px;color:#534438;line-height:20px;\"><a style=\"color:#cc2979;text-decoration:none\" href=\"https:\/\/www.facebook.com\/events\/435366806889832\/\">https:\/\/www.facebook.com\/events\/435366806889832\/<\/a><\/p>\n<\/td>\n<td valign=\"top\"><\/td>\n<\/tr>\n<\/table>\n<\/td>\n<\/tr>\n<\/table>\n<\/td>\n<\/tr>\n<\/table>\n<table width=\"100%\" cellpadding=\"0\" cellspacing=\"0\">\n<tr>\n<td style=\"padding:10px 30px\">\n<table width=\"100%\" cellpadding=\"0\" cellspacing=\"0\">\n<tr>\n<td width=\"52\" valign=\"top\"><img loading=\"lazy\" decoding=\"async\" src=\"http:\/\/dublineventguide.com\/dff\/admin\/images\/categories\/ACTIVITY.png\" width=\"32\" height=\"32\" \/><\/td>\n<td>\n<h2 style=\"font-size:16px;color:#534438;margin:0 0 5px;font-weight:normal\">UCD Festival<\/h2>\n<h3 style=\"font-size:13px;margin:0;padding:0;line-height:16px;color:#534438;\">12:00 &#8211; 18:00, Sat 09 Jun<\/h3>\n<p style=\"font-size:13px;color:#534438;line-height:20px;margin:0;padding-top:0;\">UCD Campus, Belfield, Dublin 4<\/p>\n<table width=\"100%\" cellspacing=\"0\" cellpadding=\"0\">\n<tr>\n<td valign=\"top\">\n<div style=\"font-size:13px;color:#534438;line-height:20px;\">\n<p style=\"margin:10px 0;\">The UCD Festival, organised by UCD Alumni takes place on Saturday. Over 65 events will take place across the UCD Campus. There will be talks. interactive exhibits, workshops, live performances, family fun, a Mind&#038;Body zone, campus tours and an International Food Fair.<\/a><\/p>\n<p style=\"margin:10px 0;\">Admission is free, but booking is required<\/a><\/p>\n<p>Find all details, including a full schedule\/timetable where you can and should register for many of the events at <a href=\"http:\/\/festival.ucd.ie\/\" style=\"color:#cc2979;text-decoration:none;\">http:\/\/festival.ucd.ie\/<\/a><\/p>\n<p style=\"margin:10px 0;\"> <\/a><\/div>\n<div style=\"font-size:13px;color:#534438;line-height:20px;\"><\/div>\n<p style=\"font-size:13px;color:#534438;line-height:20px;\"><a style=\"color:#cc2979;text-decoration:none\" href=\"http:\/\/festival.ucd.ie\/\">http:\/\/festival.ucd.ie\/<\/a><\/p>\n<\/td>\n<td valign=\"top\"><\/td>\n<\/tr>\n<\/table>\n<\/td>\n<\/tr>\n<\/table>\n<\/td>\n<\/tr>\n<\/table>\n<table width=\"100%\" cellpadding=\"0\" cellspacing=\"0\">\n<tr>\n<td style=\"padding:10px 30px\">\n<table width=\"100%\" cellpadding=\"0\" cellspacing=\"0\">\n<tr>\n<td width=\"52\" valign=\"top\"><img loading=\"lazy\" decoding=\"async\" src=\"http:\/\/dublineventguide.com\/dff\/admin\/images\/categories\/FILM.png\" width=\"32\" height=\"32\" \/><\/td>\n<td>\n<h2 style=\"font-size:16px;color:#534438;margin:0 0 5px;font-weight:normal\">Archive at Lunchtime &#8211; IFI<\/h2>\n<h3 style=\"font-size:13px;margin:0;padding:0;line-height:16px;color:#534438;\"><img loading=\"lazy\" decoding=\"async\" src=\"http:\/\/dublineventguide.com\/dff\/admin\/images\/weekly.png\" width=\"69\" height=\"16\" style=\"display:inline;float:left;\" \/> 13:00, Sat 09 Jun<\/h3>\n<p style=\"font-size:13px;color:#534438;line-height:20px;margin:0;padding-top:0;\">Irish Film Institute, 6 Eustace Street, Temple Bar, Dublin 2<\/p>\n<table width=\"100%\" cellspacing=\"0\" cellpadding=\"0\">\n<tr>\n<td valign=\"top\">\n<div style=\"font-size:13px;color:#534438;line-height:20px;\">\n<p>Archive at Lunchtime screenings take place Saturdays (Double Bill), Mondays and Wednesdays. The programme is changing weekly now (instead of monthly as in the past). To find out what film(s) will be screened go to <a href=\"http:\/\/www.ifi.ie\/whatson\/now-showing-coming-soon\/\" style=\"color:#cc2979;text-decoration:none;\">http:\/\/www.ifi.ie\/whatson\/now-showing-coming-soon\/<\/a> and look for &#8220;Archive at Lunchtime&#8221; on the right. Admission is free.<\/p>\n<\/div>\n<div style=\"font-size:13px;color:#534438;line-height:20px;\"><\/div>\n<p style=\"font-size:13px;color:#534438;line-height:20px;\"><a style=\"color:#cc2979;text-decoration:none\" href=\"http:\/\/www.ifi.ie\/\">http:\/\/www.ifi.ie\/<\/a><\/p>\n<\/td>\n<td valign=\"top\"><\/td>\n<\/tr>\n<\/table>\n<\/td>\n<\/tr>\n<\/table>\n<\/td>\n<\/tr>\n<\/table>\n<table width=\"100%\" cellpadding=\"0\" cellspacing=\"0\">\n<tr>\n<td style=\"padding:10px 30px\">\n<table width=\"100%\" cellpadding=\"0\" cellspacing=\"0\">\n<tr>\n<td width=\"52\" valign=\"top\"><img loading=\"lazy\" decoding=\"async\" src=\"http:\/\/dublineventguide.com\/dff\/admin\/images\/categories\/ACTIVITY.png\" width=\"32\" height=\"32\" \/><\/td>\n<td>\n<h2 style=\"font-size:16px;color:#534438;margin:0 0 5px;font-weight:normal\">The National Library&#8217;s History &#038; Heritage &#8211; Tour<\/h2>\n<h3 style=\"font-size:13px;margin:0;padding:0;line-height:16px;color:#534438;\">13:00, Sat 09 Jun<\/h3>\n<p style=\"font-size:13px;color:#534438;line-height:20px;margin:0;padding-top:0;\">National Library, Kildare Street, Dublin 2<\/p>\n<table width=\"100%\" cellspacing=\"0\" cellpadding=\"0\">\n<tr>\n<td valign=\"top\">\n<div style=\"font-size:13px;color:#534438;line-height:20px;\">\n<p style=\"margin:10px 0;\">The National Library&#8217;s History &#038; Heritage Guided Tour willl give you chance to explore the Library&#8217;s rich architectural history and heritage. The tour begins in the main hall of the Library and includes a visit to the Library&#8217;s iconic reading room.<\/a><\/p>\n<p style=\"margin:10px 0;\">Admission is free. <\/a><\/div>\n<div style=\"font-size:13px;color:#534438;line-height:20px;\"><\/div>\n<p style=\"font-size:13px;color:#534438;line-height:20px;\"><a style=\"color:#cc2979;text-decoration:none\" href=\"http:\/\/www.nli.ie\/en\/list\/current-events.aspx\">http:\/\/www.nli.ie\/en\/list\/current-events.aspx<\/a><\/p>\n<\/td>\n<td valign=\"top\"><\/td>\n<\/tr>\n<\/table>\n<\/td>\n<\/tr>\n<\/table>\n<\/td>\n<\/tr>\n<\/table>\n<table width=\"100%\" cellpadding=\"0\" cellspacing=\"0\">\n<tr>\n<td style=\"padding:10px 30px\">\n<table width=\"100%\" cellpadding=\"0\" cellspacing=\"0\">\n<tr>\n<td width=\"52\" valign=\"top\"><img loading=\"lazy\" decoding=\"async\" src=\"http:\/\/dublineventguide.com\/dff\/admin\/images\/categories\/ACTIVITY.png\" width=\"32\" height=\"32\" \/><\/td>\n<td>\n<h2 style=\"font-size:16px;color:#534438;margin:0 0 5px;font-weight:normal\">National Gallery: Mindfulness Tour<\/h2>\n<h3 style=\"font-size:13px;margin:0;padding:0;line-height:16px;color:#534438;\">13:30 &#8211; 14:15, Sat 09 Jun<\/h3>\n<p style=\"font-size:13px;color:#534438;line-height:20px;margin:0;padding-top:0;\">National Gallery, Merrion Square West, Dublin 2 <\/p>\n<table width=\"100%\" cellspacing=\"0\" cellpadding=\"0\">\n<tr>\n<td valign=\"top\">\n<div style=\"font-size:13px;color:#534438;line-height:20px;\">\n<p style=\"margin:10px 0;\">Enjoy some time out and come to this guided tour in the National Gallery at a slower pace. Looking closely, and moving quietly and mindfully through the Gallery spaces, you  will encounter each work with curiosity, allowing you to connect deeply with it. The tour will end with quiet reflection in silence and stillness.<\/a><\/p>\n<p style=\"margin:10px 0;\">Admission is free. <\/a><\/div>\n<div style=\"font-size:13px;color:#534438;line-height:20px;\"><\/div>\n<p style=\"font-size:13px;color:#534438;line-height:20px;\"><a style=\"color:#cc2979;text-decoration:none\" href=\"https:\/\/www.nationalgallery.ie\/mindfulness-tour-0\">https:\/\/www.nationalgallery.ie\/mindfulness-tour-0<\/a><\/p>\n<\/td>\n<td valign=\"top\"><\/td>\n<\/tr>\n<\/table>\n<\/td>\n<\/tr>\n<\/table>\n<\/td>\n<\/tr>\n<\/table>\n<table width=\"100%\" cellpadding=\"0\" cellspacing=\"0\">\n<tr>\n<td style=\"padding:10px 30px\">\n<table width=\"100%\" cellpadding=\"0\" cellspacing=\"0\">\n<tr>\n<td width=\"52\" valign=\"top\"><img loading=\"lazy\" decoding=\"async\" src=\"http:\/\/dublineventguide.com\/dff\/admin\/images\/categories\/LITERATURE.png\" width=\"32\" height=\"32\" \/><\/td>\n<td>\n<h2 style=\"font-size:16px;color:#534438;margin:0 0 5px;font-weight:normal\">Bloomsday Events at James Joyce Tower and Museum<\/h2>\n<h3 style=\"font-size:13px;margin:0;padding:0;line-height:16px;color:#534438;\">14:00, Sat 09 Jun<\/h3>\n<p style=\"font-size:13px;color:#534438;line-height:20px;margin:0;padding-top:0;\">James Joyce Museum, Joyce Tower, Sandycove , Co. Dublin<\/p>\n<table width=\"100%\" cellspacing=\"0\" cellpadding=\"0\">\n<tr>\n<td valign=\"top\">\n<div style=\"font-size:13px;color:#534438;line-height:20px;\">\n<p style=\"margin:10px 0;\">Bloomsday is around the corner again. The James Joyce inspired day that causes major palpitations for Joyce fans and doesn&#8217;t move the rest in the slightest. The festival runs from Monday 11 June &#8211; Saturday 16 June with the main Bloomsday on Saturday 16 June.<\/a><\/p>\n<p style=\"margin:10px 0;\">There are plenty of events happening during the week, but nearly all of them are not free, some even quite pricey. Maybe that is an indication about the affluence of the audience that is Bloomsday mad?<\/a><\/p>\n<p style=\"margin:10px 0;\">Luckily there is one glorious exception! The James Joyce Museum in the James Joyce Tower in Sandycove will have a whole range events that are all free of charge.<\/a><\/p>\n<p style=\"margin:10px 0;\">The events are listed here:<\/a><\/p>\n<p>Sat 09 Jun: Actress Caitriona Ni Threasaigh presents her own performance of Molly Bloom at 14:00 and 16:00.<br \/>Sun 10 Jun: Performance at 15:00 by Irish tenor and Joycean music specialist Noel O\u2019Grady. <br \/>Mon 11 Jun: Hourly guided tours of the museum by volunteers (10:00-18:00)<br \/>Tue 12 Jun: Hourly guided tours of the museum by volunteers (10:00-18:00)<br \/>Wed 13 Jun: Hourly guided tours of the museum by volunteers (10:00-18:00)<br \/>Thu 14 Jun: Aidan Coleman presents his musical odyssey through Joyce\u2019s life and works at 12:00 and 15: 00<br \/>Fri 15 Jun: Darina Gallagher and Sinead Murphy will perform Joycean songs from 14:00<br \/>sat 16 Jun: The Tower opens at 08:00 for a day of Bloomsday festivities. Actor Bryan Murray reads excerpts from Ulysses at intervals over the morning and early afternoon, with occasional performances by Caitriona Ni Threaisaigh and Mary Pat Moloney and traditional contributions by Joycean pilgrims and the visiting public throughout the day.<\/p>\n<p style=\"margin:10px 0;\">&#8212;&#8212;<\/a><\/p>\n<p style=\"margin:10px 0;\">Admission to all events is free!<\/a><\/p>\n<p style=\"margin:10px 0;\"> <\/a><\/p>\n<p style=\"margin:10px 0;\"> <\/a><\/div>\n<div style=\"font-size:13px;color:#534438;line-height:20px;\"><\/div>\n<p style=\"font-size:13px;color:#534438;line-height:20px;\"><a style=\"color:#cc2979;text-decoration:none\" href=\"http:\/\/www.bloomsdayfestival.ie\/bloomsday-2018-programme\/2018\/6\/16\/bloomsday-at-the-james-joyce-tower-and-museum-sandycove\">http:\/\/www.bloomsdayfestival.ie\/bloomsday-2018-programme\/2018\/6\/16\/bloomsday-at-the-james-joyce-tower-and-museum-sandycove<\/a><\/p>\n<\/td>\n<td valign=\"top\"><\/td>\n<\/tr>\n<\/table>\n<\/td>\n<\/tr>\n<\/table>\n<\/td>\n<\/tr>\n<\/table>\n<table width=\"100%\" cellpadding=\"0\" cellspacing=\"0\">\n<tr>\n<td style=\"padding:10px 30px\">\n<table width=\"100%\" cellpadding=\"0\" cellspacing=\"0\">\n<tr>\n<td width=\"52\" valign=\"top\"><img loading=\"lazy\" decoding=\"async\" src=\"http:\/\/dublineventguide.com\/dff\/admin\/images\/categories\/ACTIVITY.png\" width=\"32\" height=\"32\" \/><\/td>\n<td>\n<h2 style=\"font-size:16px;color:#534438;margin:0 0 5px;font-weight:normal\">Chester Beatty Library &#8211; Guided Tour<\/h2>\n<h3 style=\"font-size:13px;margin:0;padding:0;line-height:16px;color:#534438;\"><img loading=\"lazy\" decoding=\"async\" src=\"http:\/\/dublineventguide.com\/dff\/admin\/images\/weekly.png\" width=\"69\" height=\"16\" style=\"display:inline;float:left;\" \/> 14:00, Sat 09 Jun<\/h3>\n<p style=\"font-size:13px;color:#534438;line-height:20px;margin:0;padding-top:0;\">Chester Beatty Library, Gardens of Dublin Castle, Dublin 2<\/p>\n<table width=\"100%\" cellspacing=\"0\" cellpadding=\"0\">\n<tr>\n<td valign=\"top\">\n<div style=\"font-size:13px;color:#534438;line-height:20px;\">\n<p style=\"margin:10px 0;\">Every Saturday a free guided tour will take place in the Chester Betty Library. The tour starts at 14:00.<\/a><\/p>\n<p style=\"margin:10px 0;\">In addition there is another free tour every Wednesday at 13:00 and one on Sundays at 15:00<\/a><\/div>\n<div style=\"font-size:13px;color:#534438;line-height:20px;\"><\/div>\n<p style=\"font-size:13px;color:#534438;line-height:20px;\"><a style=\"color:#cc2979;text-decoration:none\" href=\"http:\/\/www.cbl.ie\/Plan-A-Visit\/What-s-On.aspx\">http:\/\/www.cbl.ie\/Plan-A-Visit\/What-s-On.aspx<\/a><\/p>\n<\/td>\n<td valign=\"top\"><\/td>\n<\/tr>\n<\/table>\n<\/td>\n<\/tr>\n<\/table>\n<\/td>\n<\/tr>\n<\/table>\n<table width=\"100%\" cellpadding=\"0\" cellspacing=\"0\">\n<tr>\n<td style=\"padding:10px 30px\">\n<table width=\"100%\" cellpadding=\"0\" cellspacing=\"0\">\n<tr>\n<td width=\"52\" valign=\"top\"><img loading=\"lazy\" decoding=\"async\" src=\"http:\/\/dublineventguide.com\/dff\/admin\/images\/categories\/ACTIVITY.png\" width=\"32\" height=\"32\" \/><\/td>\n<td>\n<h2 style=\"font-size:16px;color:#534438;margin:0 0 5px;font-weight:normal\">Chester Beatty\u2019s Gift to the Nation &#8211; Tour<\/h2>\n<h3 style=\"font-size:13px;margin:0;padding:0;line-height:16px;color:#534438;\">14:00, Sat 09 Jun<\/h3>\n<p style=\"font-size:13px;color:#534438;line-height:20px;margin:0;padding-top:0;\">Chester Beatty Library, Gardens of Dublin Castle, Dublin 2<\/p>\n<table width=\"100%\" cellspacing=\"0\" cellpadding=\"0\">\n<tr>\n<td valign=\"top\">\n<div style=\"font-size:13px;color:#534438;line-height:20px;\">\n<p style=\"margin:10px 0;\">The In Focus Tour &#8220;Chester Beatty\u2019s Gift to the Nation&#8221; with Orla Ryan, Guide will take place. <\/a><\/p>\n<p style=\"margin:10px 0;\">Admission is free. Meeting point is in the atrium of the Library.<\/a><\/div>\n<div style=\"font-size:13px;color:#534438;line-height:20px;\"><\/div>\n<p style=\"font-size:13px;color:#534438;line-height:20px;\"><a style=\"color:#cc2979;text-decoration:none\" href=\"https:\/\/cbl.ticketsolve.com\/shows\/1173587951\">https:\/\/cbl.ticketsolve.com\/shows\/1173587951<\/a><\/p>\n<\/td>\n<td valign=\"top\"><\/td>\n<\/tr>\n<\/table>\n<\/td>\n<\/tr>\n<\/table>\n<\/td>\n<\/tr>\n<\/table>\n<table width=\"100%\" cellpadding=\"0\" cellspacing=\"0\">\n<tr>\n<td style=\"padding:10px 30px\">\n<table width=\"100%\" cellpadding=\"0\" cellspacing=\"0\">\n<tr>\n<td width=\"52\" valign=\"top\"><img loading=\"lazy\" decoding=\"async\" src=\"http:\/\/dublineventguide.com\/dff\/admin\/images\/categories\/FILM.png\" width=\"32\" height=\"32\" \/><\/td>\n<td>\n<h2 style=\"font-size:16px;color:#534438;margin:0 0 5px;font-weight:normal\">Spanish Film Screening: Preso<\/h2>\n<h3 style=\"font-size:13px;margin:0;padding:0;line-height:16px;color:#534438;\">14:00, Sat 09 Jun<\/h3>\n<p style=\"font-size:13px;color:#534438;line-height:20px;margin:0;padding-top:0;\">Pearse Street Library, 138-144 Pearse Street, Dublin 2<\/p>\n<table width=\"100%\" cellspacing=\"0\" cellpadding=\"0\">\n<tr>\n<td valign=\"top\">\n<div style=\"font-size:13px;color:#534438;line-height:20px;\">\n<p style=\"margin:10px 0;\">The DocSpot Documentary Film Club is inviting to this screening of the Spanish-language documentary &#8220;Preso&#8221; (2017, 91 min, Dir: Ana Tipa). The film is in Spanish with English subtitles. <\/a><\/p>\n<p style=\"margin:10px 0;\">Miguel works building the biggest prison in Uruguay, while participating in the project he lives a double life. He has a family in Uruguay and crosses the border to Brazil regularly to spend the weekend with his other family.<\/a><\/p>\n<p style=\"margin:10px 0;\">Admission is free.<\/a><\/div>\n<div style=\"font-size:13px;color:#534438;line-height:20px;\"><\/div>\n<p style=\"font-size:13px;color:#534438;line-height:20px;\"><a style=\"color:#cc2979;text-decoration:none\" href=\"http:\/\/www.dublincity.ie\/main-menu-services-culture-and-amenities-dublin-city-public-libraries-and-archive-events\/docspot\">http:\/\/www.dublincity.ie\/main-menu-services-culture-and-amenities-dublin-city-public-libraries-and-archive-events\/docspot<\/a><\/p>\n<\/td>\n<td valign=\"top\"><\/td>\n<\/tr>\n<\/table>\n<\/td>\n<\/tr>\n<\/table>\n<\/td>\n<\/tr>\n<\/table>\n<table width=\"100%\" cellpadding=\"0\" cellspacing=\"0\">\n<tr>\n<td style=\"padding:10px 30px\">\n<table width=\"100%\" cellpadding=\"0\" cellspacing=\"0\">\n<tr>\n<td width=\"52\" valign=\"top\"><img loading=\"lazy\" decoding=\"async\" src=\"http:\/\/dublineventguide.com\/dff\/admin\/images\/categories\/ACTIVITY.png\" width=\"32\" height=\"32\" \/><\/td>\n<td>\n<h2 style=\"font-size:16px;color:#534438;margin:0 0 5px;font-weight:normal\">L\u00e1 na mBan 1918 Remembered &#8211; Commemoration<\/h2>\n<h3 style=\"font-size:13px;margin:0;padding:0;line-height:16px;color:#534438;\">14:30 &#8211; 16:00, Sat 09 Jun<\/h3>\n<p style=\"font-size:13px;color:#534438;line-height:20px;margin:0;padding-top:0;\">National Library, Kildare Street, Dublin 2<\/p>\n<table width=\"100%\" cellspacing=\"0\" cellpadding=\"0\">\n<tr>\n<td valign=\"top\">\n<div style=\"font-size:13px;color:#534438;line-height:20px;\">\n<p style=\"margin:10px 0;\">100 years ago on 09 June 1918, thousands of women marched to Dublin City Hall and other important buildings throughout Ireland to sign a pledge condemning conscription. The day was called L\u00e1 na mBan (Woman&#8217;s Day). <\/a><\/p>\n<p style=\"margin:10px 0;\">On Saturday, the National Library commemorates this day from 14:30-16:00. The iconic Reading Room will be open where we will have digitized photographs, posters and much more on display.<\/a><\/p>\n<p style=\"margin:10px 0;\">At 15:00 historian Maeve Casserly will give a short talk in the Mezzanine Room on the importance of L\u00e1 na mBan in the campaign for women\u2019s suffrage in Ireland.<\/a><\/p>\n<p style=\"margin:10px 0;\">Admission is free.<\/a><\/div>\n<div style=\"font-size:13px;color:#534438;line-height:20px;\"><\/div>\n<p style=\"font-size:13px;color:#534438;line-height:20px;\"><a style=\"color:#cc2979;text-decoration:none\" href=\"http:\/\/www.nli.ie\/en\/list\/current-events.aspx\">http:\/\/www.nli.ie\/en\/list\/current-events.aspx<\/a><\/p>\n<\/td>\n<td valign=\"top\"><\/td>\n<\/tr>\n<\/table>\n<\/td>\n<\/tr>\n<\/table>\n<\/td>\n<\/tr>\n<\/table>\n<table width=\"100%\" cellpadding=\"0\" cellspacing=\"0\">\n<tr>\n<td style=\"padding:10px 30px\">\n<table width=\"100%\" cellpadding=\"0\" cellspacing=\"0\">\n<tr>\n<td width=\"52\" valign=\"top\"><img loading=\"lazy\" decoding=\"async\" src=\"http:\/\/dublineventguide.com\/dff\/admin\/images\/categories\/TALKS.png\" width=\"32\" height=\"32\" \/><\/td>\n<td>\n<h2 style=\"font-size:16px;color:#534438;margin:0 0 5px;font-weight:normal\">The Art of Portraiture &#8211; Talk<\/h2>\n<h3 style=\"font-size:13px;margin:0;padding:0;line-height:16px;color:#534438;\">15:00 &#8211; 16:00, Sat 09 Jun<\/h3>\n<p style=\"font-size:13px;color:#534438;line-height:20px;margin:0;padding-top:0;\">Farmleigh House, Castleknock end of Phoenix Park, Dublin 15<\/p>\n<table width=\"100%\" cellspacing=\"0\" cellpadding=\"0\">\n<tr>\n<td valign=\"top\">\n<div style=\"font-size:13px;color:#534438;line-height:20px;\">\n<p style=\"margin:10px 0;\">&#8220;The Art of Portraiture&#8221; is a talk by artist James Hanley, RHA, in conjunction with the \u2018Face to Face\u2019 exhibition.<\/a><\/p>\n<p style=\"margin:10px 0;\">Admission is free, but booking is required via farmleighevents@opw.ie<\/a><\/div>\n<div style=\"font-size:13px;color:#534438;line-height:20px;\"><\/div>\n<p style=\"font-size:13px;color:#534438;line-height:20px;\"><a style=\"color:#cc2979;text-decoration:none\" href=\"http:\/\/farmleigh.ie\/event\/the-art-of-portraiture\/?instance_id=104\">http:\/\/farmleigh.ie\/event\/the-art-of-portraiture\/?instance_id=104<\/a><\/p>\n<\/td>\n<td valign=\"top\"><\/td>\n<\/tr>\n<\/table>\n<\/td>\n<\/tr>\n<\/table>\n<\/td>\n<\/tr>\n<\/table>\n<table width=\"100%\" cellpadding=\"0\" cellspacing=\"0\">\n<tr>\n<td style=\"padding:10px 30px\">\n<table width=\"100%\" cellpadding=\"0\" cellspacing=\"0\">\n<tr>\n<td width=\"52\" valign=\"top\"><img loading=\"lazy\" decoding=\"async\" src=\"http:\/\/dublineventguide.com\/dff\/admin\/images\/categories\/MUSIC.png\" width=\"32\" height=\"32\" \/><\/td>\n<td>\n<h2 style=\"font-size:16px;color:#534438;margin:0 0 5px;font-weight:normal\">Live Music &#8211; Stillorgan Orchard<\/h2>\n<h3 style=\"font-size:13px;margin:0;padding:0;line-height:16px;color:#534438;\"><img loading=\"lazy\" decoding=\"async\" src=\"http:\/\/dublineventguide.com\/dff\/admin\/images\/weekly.png\" width=\"69\" height=\"16\" style=\"display:inline;float:left;\" \/> 21:00, Sat 09 Jun<\/h3>\n<p style=\"font-size:13px;color:#534438;line-height:20px;margin:0;padding-top:0;\">Stillorgan Orchard, The Hill, Stillorgan, Co. Dublin<\/p>\n<table width=\"100%\" cellspacing=\"0\" cellpadding=\"0\">\n<tr>\n<td valign=\"top\">\n<div style=\"font-size:13px;color:#534438;line-height:20px;\">\n<p style=\"margin:10px 0;\">The Stillorgan Orchard has live music every Friday and Saturday. Many of the performers are established and very good bands. The upcoming gigs are detailed on the website below. Admission is always free.<\/a><\/div>\n<div style=\"font-size:13px;color:#534438;line-height:20px;\"><\/div>\n<p style=\"font-size:13px;color:#534438;line-height:20px;\"><a style=\"color:#cc2979;text-decoration:none\" href=\"http:\/\/www.stillorganorchard.com\/specials\/\">http:\/\/www.stillorganorchard.com\/specials\/<\/a><\/p>\n<\/td>\n<td valign=\"top\"><\/td>\n<\/tr>\n<\/table>\n<\/td>\n<\/tr>\n<\/table>\n<\/td>\n<\/tr>\n<\/table>\n<table width=\"100%\" cellpadding=\"0\" cellspacing=\"0\">\n<tr>\n<td style=\"padding:10px 30px\">\n<table width=\"100%\" cellpadding=\"0\" cellspacing=\"0\">\n<tr>\n<td width=\"52\" valign=\"top\"><img loading=\"lazy\" decoding=\"async\" src=\"http:\/\/dublineventguide.com\/dff\/admin\/images\/categories\/MUSIC.png\" width=\"32\" height=\"32\" \/><\/td>\n<td>\n<h2 style=\"font-size:16px;color:#534438;margin:0 0 5px;font-weight:normal\">The Stonecutters &#8211; Gig<\/h2>\n<h3 style=\"font-size:13px;margin:0;padding:0;line-height:16px;color:#534438;\">21:00, Sat 09 Jun<\/h3>\n<p style=\"font-size:13px;color:#534438;line-height:20px;margin:0;padding-top:0;\">Harbour Bar, 1 Strand Road, Bray, Co. Wicklow<\/p>\n<table width=\"100%\" cellspacing=\"0\" cellpadding=\"0\">\n<tr>\n<td valign=\"top\">\n<div style=\"font-size:13px;color:#534438;line-height:20px;\">\n<p style=\"margin:10px 0;\">The Stonecutters will play Rock-Pop-Reggae &#038; Everything in between at this gig.<\/a><\/p>\n<p style=\"margin:10px 0;\">Admission is free. <\/a><\/div>\n<div style=\"font-size:13px;color:#534438;line-height:20px;\"><\/div>\n<p style=\"font-size:13px;color:#534438;line-height:20px;\"><a style=\"color:#cc2979;text-decoration:none\" href=\"http:\/\/www.theharbourbar.ie\/whats-on\/event\/the-stonecutters1\">http:\/\/www.theharbourbar.ie\/whats-on\/event\/the-stonecutters1<\/a><\/p>\n<\/td>\n<td valign=\"top\"><\/td>\n<\/tr>\n<\/table>\n<\/td>\n<\/tr>\n<\/table>\n<\/td>\n<\/tr>\n<\/table>\n<table width=\"100%\" cellpadding=\"0\" cellspacing=\"0\">\n<tr>\n<td style=\"padding:10px 30px\">\n<table width=\"100%\" cellpadding=\"0\" cellspacing=\"0\">\n<tr>\n<td width=\"52\" valign=\"top\"><img loading=\"lazy\" decoding=\"async\" src=\"http:\/\/dublineventguide.com\/dff\/admin\/images\/categories\/MUSIC.png\" width=\"32\" height=\"32\" \/><\/td>\n<td>\n<h2 style=\"font-size:16px;color:#534438;margin:0 0 5px;font-weight:normal\">Toshin &#8211; Gig<\/h2>\n<h3 style=\"font-size:13px;margin:0;padding:0;line-height:16px;color:#534438;\">21:00, Sat 09 Jun<\/h3>\n<p style=\"font-size:13px;color:#534438;line-height:20px;margin:0;padding-top:0;\">Sin \u00c9, 14 Ormond Quay, Dublin 1<\/p>\n<table width=\"100%\" cellspacing=\"0\" cellpadding=\"0\">\n<tr>\n<td valign=\"top\">\n<div style=\"font-size:13px;color:#534438;line-height:20px;\">\n<p style=\"margin:10px 0;\">Toshin is a funk &#038; soul band from Dublin.<\/a><\/p>\n<p style=\"margin:10px 0;\">Admission is free to their gig in Sin E.<\/a><\/div>\n<div style=\"font-size:13px;color:#534438;line-height:20px;\"><\/div>\n<p style=\"font-size:13px;color:#534438;line-height:20px;\"><a style=\"color:#cc2979;text-decoration:none\" href=\"http:\/\/sin-e.ie\/events\/toshin\/\">http:\/\/sin-e.ie\/events\/toshin\/<\/a><\/p>\n<\/td>\n<td valign=\"top\"><\/td>\n<\/tr>\n<\/table>\n<\/td>\n<\/tr>\n<\/table>\n<\/td>\n<\/tr>\n<\/table>\n<table width=\"100%\" cellpadding=\"0\" cellspacing=\"0\">\n<tr>\n<td style=\"padding:10px 30px\">\n<table width=\"100%\" cellpadding=\"0\" cellspacing=\"0\">\n<tr>\n<td width=\"52\" valign=\"top\"><img loading=\"lazy\" decoding=\"async\" src=\"http:\/\/dublineventguide.com\/dff\/admin\/images\/categories\/MUSIC.png\" width=\"32\" height=\"32\" \/><\/td>\n<td>\n<h2 style=\"font-size:16px;color:#534438;margin:0 0 5px;font-weight:normal\">Contemplenta &#8211; Gig<\/h2>\n<h3 style=\"font-size:13px;margin:0;padding:0;line-height:16px;color:#534438;\">22:30, Sat 09 Jun<\/h3>\n<p style=\"font-size:13px;color:#534438;line-height:20px;margin:0;padding-top:0;\">Whelan&#8217;s, 25 Wexford Street, Dublin 2 <\/p>\n<table width=\"100%\" cellspacing=\"0\" cellpadding=\"0\">\n<tr>\n<td valign=\"top\">\n<div style=\"font-size:13px;color:#534438;line-height:20px;\">\n<p style=\"margin:10px 0;\">Contemplenta are an indie-electro duo from Dublin and they will play a gig from midnight in Whelan&#8217;s.<\/a><\/p>\n<p style=\"margin:10px 0;\">Admission is free before 22:30<\/a><\/div>\n<div style=\"font-size:13px;color:#534438;line-height:20px;\"><\/div>\n<p style=\"font-size:13px;color:#534438;line-height:20px;\"><a style=\"color:#cc2979;text-decoration:none\" href=\"http:\/\/www.whelanslive.com\/index.php\/midnight-hour-w-contemplenta\/\">http:\/\/www.whelanslive.com\/index.php\/midnight-hour-w-contemplenta\/<\/a><\/p>\n<\/td>\n<td valign=\"top\"><\/td>\n<\/tr>\n<\/table>\n<\/td>\n<\/tr>\n<\/table>\n<\/td>\n<\/tr>\n<\/table>\n<table width=\"100%\" cellpadding=\"0\" cellspacing=\"0\">\n<tr>\n<td style=\"padding:10px 30px\">\n<table width=\"100%\" cellpadding=\"0\" cellspacing=\"0\">\n<tr>\n<td width=\"52\" valign=\"top\"><img loading=\"lazy\" decoding=\"async\" src=\"http:\/\/dublineventguide.com\/dff\/admin\/images\/categories\/MUSIC.png\" width=\"32\" height=\"32\" \/><\/td>\n<td>\n<h2 style=\"font-size:16px;color:#534438;margin:0 0 5px;font-weight:normal\">Buffalo Soul  &#8211; Bob Marley Tribute Gig<\/h2>\n<h3 style=\"font-size:13px;margin:0;padding:0;line-height:16px;color:#534438;\">23:30, Sat 09 Jun<\/h3>\n<p style=\"font-size:13px;color:#534438;line-height:20px;margin:0;padding-top:0;\">Grand Social, 35 Lower Liffey Street (near Ha&#8217;Penny Bridge), Dublin 1<\/p>\n<table width=\"100%\" cellspacing=\"0\" cellpadding=\"0\">\n<tr>\n<td valign=\"top\">\n<div style=\"font-size:13px;color:#534438;line-height:20px;\">\n<p style=\"margin:10px 0;\">The Bob Marley Tribute Band &#8220;Buffalo Soul&#8221; will be in the Grand Social for a gig and admission is free.<\/a><\/div>\n<div style=\"font-size:13px;color:#534438;line-height:20px;\"><\/div>\n<p style=\"font-size:13px;color:#534438;line-height:20px;\"><a style=\"color:#cc2979;text-decoration:none\" href=\"http:\/\/www.thegrandsocial.ie\/event\/buffalo-soul\/\">http:\/\/www.thegrandsocial.ie\/event\/buffalo-soul\/<\/a><\/p>\n<\/td>\n<td valign=\"top\"><\/td>\n<\/tr>\n<\/table>\n<\/td>\n<\/tr>\n<\/table>\n<\/td>\n<\/tr>\n<\/table>\n<table width=\"100%\" cellpadding=\"0\" cellspacing=\"0\" id=\"day_1528585200\" style=\"margin-top: 10px;\">\n<tr height=\"34\" style=\"background-color:#c20162;color:#fff\">\n<td style=\"padding: 0; line-height: 1; height: 34px; overflow: hidden;\">\n<p style=\"width:630px;padding-left:30px;margin: 0; height: 34px; overflow: hidden; line-height: 34px;\"><a name=\"day_1528585200\"><\/a><strong>Sunday  <\/strong> 10 Jun\t\t\t\t\t\t<\/p>\n<\/td>\n<td>\n<p style=\"margin:0;line-height:34px;padding:0;font-size:13px;\"><a href=\"#dff_top\" style=\"color:#fff;text-decoration:none\">back to top<\/a><\/p>\n<\/td>\n<td>\n<p style=\"margin:0;padding:0;font-size:13px;\"><a href=\"#dff_top\" style=\"color:#fff;text-decoration:none\"><img loading=\"lazy\" decoding=\"async\" src=\"http:\/\/dublineventguide.com\/dff\/admin\/images\/dividers\/date_toplink.png\" width=\"38\" height=\"34\" alt=\"Back to top\" \/><\/a><\/p>\n<\/td>\n<td width=\"50\">\n<\/td>\n<\/tr>\n<\/table>\n<table width=\"100%\" cellpadding=\"0\" cellspacing=\"0\">\n<tr>\n<td style=\"padding:10px 30px\">\n<table width=\"100%\" cellpadding=\"0\" cellspacing=\"0\">\n<tr>\n<td width=\"52\" valign=\"top\"><img loading=\"lazy\" decoding=\"async\" src=\"http:\/\/dublineventguide.com\/dff\/admin\/images\/categories\/MARKETS.png\" width=\"32\" height=\"32\" \/><\/td>\n<td>\n<h2 style=\"font-size:16px;color:#534438;margin:0 0 5px;font-weight:normal\">Car Boot Sales &#8211; Ballymun<\/h2>\n<h3 style=\"font-size:13px;margin:0;padding:0;line-height:16px;color:#534438;\"><img loading=\"lazy\" decoding=\"async\" src=\"http:\/\/dublineventguide.com\/dff\/admin\/images\/weekly.png\" width=\"69\" height=\"16\" style=\"display:inline;float:left;\" \/> 08:00 &#8211; 13:00, Sun 10 Jun<\/h3>\n<p style=\"font-size:13px;color:#534438;line-height:20px;margin:0;padding-top:0;\">Trinity Comprehensive Secondary School, Ballymun Road, Ballymun, Dublin 9<\/p>\n<table width=\"100%\" cellspacing=\"0\" cellpadding=\"0\">\n<tr>\n<td valign=\"top\">\n<div style=\"font-size:13px;color:#534438;line-height:20px;\">\n<p style=\"margin:10px 0;\">In addition to the Saturday Car Boot Sale in Tallaght, Irish Car Boot Sales run a weekly Sunday Car Boot Sales in Ballymun.<\/a><\/p>\n<p style=\"margin:10px 0;\">Admission for buyers is free.<\/a><\/div>\n<div style=\"font-size:13px;color:#534438;line-height:20px;\"><\/div>\n<p style=\"font-size:13px;color:#534438;line-height:20px;\"><a style=\"color:#cc2979;text-decoration:none\" href=\"https:\/\/www.facebook.com\/irishcarboot\">https:\/\/www.facebook.com\/irishcarboot<\/a><\/p>\n<\/td>\n<td valign=\"top\"><\/td>\n<\/tr>\n<\/table>\n<\/td>\n<\/tr>\n<\/table>\n<\/td>\n<\/tr>\n<\/table>\n<table width=\"100%\" cellpadding=\"0\" cellspacing=\"0\">\n<tr>\n<td style=\"padding:10px 30px\">\n<table width=\"100%\" cellpadding=\"0\" cellspacing=\"0\">\n<tr>\n<td width=\"52\" valign=\"top\"><img loading=\"lazy\" decoding=\"async\" src=\"http:\/\/dublineventguide.com\/dff\/admin\/images\/categories\/ACTIVITY.png\" width=\"32\" height=\"32\" \/><\/td>\n<td>\n<h2 style=\"font-size:16px;color:#534438;margin:0 0 5px;font-weight:normal\">Bike Week 2018<\/h2>\n<h3 style=\"font-size:13px;margin:0;padding:0;line-height:16px;color:#534438;\">09:00, Sun 10 Jun<\/h3>\n<p style=\"font-size:13px;color:#534438;line-height:20px;margin:0;padding-top:0;\">Various locations in Dublin and Dun Laoghaire<\/p>\n<table width=\"100%\" cellspacing=\"0\" cellpadding=\"0\">\n<tr>\n<td valign=\"top\">\n<div style=\"font-size:13px;color:#534438;line-height:20px;\">\n<p style=\"margin:10px 0;\">Bike Week 2018 will take place from Sat 09 &#8211; Sun 17 June. There will be Bike Tours, Bike Maintenance Clinics, a Street Velodrome event, a Bike Fest and a Cycling Photo Exhibition.<\/a><\/p>\n<p>A lot of events are listed separately in this Dublin Event Guide, but to find out about the free Bike Maintenance Clinics, please check the website at <a>http:\/\/www.bikeweek.ie\/events<\/a><\/p>\n<p style=\"margin:10px 0;\">The &#8220;Everyday Cycling Photo Exhibition&#8221;, a collection current and historical images depicting the role of the bicycle in everyday and sometimes strange, situations, will be on show from 09-29 June in the offices of Dublin City Council on Wood Quay from Monday to Friday (09:00-17:00). Admission is free.<\/a><\/p>\n<p style=\"margin:10px 0;\">All Bike Week events are free.<\/a><\/div>\n<div style=\"font-size:13px;color:#534438;line-height:20px;\"><\/div>\n<p style=\"font-size:13px;color:#534438;line-height:20px;\"><a style=\"color:#cc2979;text-decoration:none\" href=\"http:\/\/www.bikeweek.ie\">http:\/\/www.bikeweek.ie<\/a><\/p>\n<\/td>\n<td valign=\"top\"><\/td>\n<\/tr>\n<\/table>\n<\/td>\n<\/tr>\n<\/table>\n<\/td>\n<\/tr>\n<\/table>\n<table width=\"100%\" cellpadding=\"0\" cellspacing=\"0\">\n<tr>\n<td style=\"padding:10px 30px\">\n<table width=\"100%\" cellpadding=\"0\" cellspacing=\"0\">\n<tr>\n<td width=\"52\" valign=\"top\"><img loading=\"lazy\" decoding=\"async\" src=\"http:\/\/dublineventguide.com\/dff\/admin\/images\/categories\/MARKETS.png\" width=\"32\" height=\"32\" \/><\/td>\n<td>\n<h2 style=\"font-size:16px;color:#534438;margin:0 0 5px;font-weight:normal\">Belgard Weekend Market<\/h2>\n<h3 style=\"font-size:13px;margin:0;padding:0;line-height:16px;color:#534438;\"><img loading=\"lazy\" decoding=\"async\" src=\"http:\/\/dublineventguide.com\/dff\/admin\/images\/weekly.png\" width=\"69\" height=\"16\" style=\"display:inline;float:left;\" \/> 10:00 &#8211; 17:00, Sun 10 Jun<\/h3>\n<p style=\"font-size:13px;color:#534438;line-height:20px;margin:0;padding-top:0;\">Belgard Road, Dublin 24<\/p>\n<table width=\"100%\" cellspacing=\"0\" cellpadding=\"0\">\n<tr>\n<td valign=\"top\">\n<div style=\"font-size:13px;color:#534438;line-height:20px;\">\n<p style=\"margin:10px 0;\">The Belgard Weekend Market is an indoor market with stalls with handcraft (incl. designer jewellery, aran jumpers and wool, christening robes and shawls, cards and cross stitch), household items, bric and brac, furniture, flowers, make-up, clothes, shoes, showers, upholstery, toys, kitchens, cafe, army memorabilia, collectors items, sweets, handbags books, blinds, party shop, tools and more.<\/a><\/p>\n<p style=\"margin:10px 0;\">It is open every Saturday and Sunday and is located in the Glen Abbey complex (opposite Jacobs) on Belgard Road.<\/a><\/div>\n<div style=\"font-size:13px;color:#534438;line-height:20px;\"><\/div>\n<p style=\"font-size:13px;color:#534438;line-height:20px;\"><a style=\"color:#cc2979;text-decoration:none\" href=\"https:\/\/www.facebook.com\/belgardmarket\">https:\/\/www.facebook.com\/belgardmarket<\/a><\/p>\n<\/td>\n<td valign=\"top\"><\/td>\n<\/tr>\n<\/table>\n<\/td>\n<\/tr>\n<\/table>\n<\/td>\n<\/tr>\n<\/table>\n<table width=\"100%\" cellpadding=\"0\" cellspacing=\"0\">\n<tr>\n<td style=\"padding:10px 30px\">\n<table width=\"100%\" cellpadding=\"0\" cellspacing=\"0\">\n<tr>\n<td width=\"52\" valign=\"top\"><img loading=\"lazy\" decoding=\"async\" src=\"http:\/\/dublineventguide.com\/dff\/admin\/images\/categories\/MARKETS.png\" width=\"32\" height=\"32\" \/><\/td>\n<td>\n<h2 style=\"font-size:16px;color:#534438;margin:0 0 5px;font-weight:normal\">Jamestown Market<\/h2>\n<h3 style=\"font-size:13px;margin:0;padding:0;line-height:16px;color:#534438;\"><img loading=\"lazy\" decoding=\"async\" src=\"http:\/\/dublineventguide.com\/dff\/admin\/images\/weekly.png\" width=\"69\" height=\"16\" style=\"display:inline;float:left;\" \/> 10:00 &#8211; 17:00, Sun 10 Jun<\/h3>\n<p style=\"font-size:13px;color:#534438;line-height:20px;margin:0;padding-top:0;\">Jamestown Market, 90 Jamestown Road, Inchicore, Dublin 8<\/p>\n<table width=\"100%\" cellspacing=\"0\" cellpadding=\"0\">\n<tr>\n<td valign=\"top\">\n<div style=\"font-size:13px;color:#534438;line-height:20px;\">\n<p style=\"margin:10px 0;\">Jamestown Flea Market + Car Boot Sale takes place every Sat+Sun from 10:00-17:00. You can reach it from Tyrconnell Road and from Kylemore Road and it is within 3 min from Black Horse stop on the red Luas line. There is free parking.<\/a><\/div>\n<div style=\"font-size:13px;color:#534438;line-height:20px;\"><\/div>\n<p style=\"font-size:13px;color:#534438;line-height:20px;\"><a style=\"color:#cc2979;text-decoration:none\" href=\"http:\/\/www.jamestownmarket.com\">http:\/\/www.jamestownmarket.com<\/a><\/p>\n<\/td>\n<td valign=\"top\"><\/td>\n<\/tr>\n<\/table>\n<\/td>\n<\/tr>\n<\/table>\n<\/td>\n<\/tr>\n<\/table>\n<table width=\"100%\" cellpadding=\"0\" cellspacing=\"0\">\n<tr>\n<td style=\"padding:10px 30px\">\n<table width=\"100%\" cellpadding=\"0\" cellspacing=\"0\">\n<tr>\n<td width=\"52\" valign=\"top\"><img loading=\"lazy\" decoding=\"async\" src=\"http:\/\/dublineventguide.com\/dff\/admin\/images\/categories\/ACTIVITY.png\" width=\"32\" height=\"32\" \/><\/td>\n<td>\n<h2 style=\"font-size:16px;color:#534438;margin:0 0 5px;font-weight:normal\">La na mBan Centenary Commemoration<\/h2>\n<h3 style=\"font-size:13px;margin:0;padding:0;line-height:16px;color:#534438;\">10:00 &#8211; 16:00, Sun 10 Jun<\/h3>\n<p style=\"font-size:13px;color:#534438;line-height:20px;margin:0;padding-top:0;\">City Hall, Dame Street, Dublin 2<\/p>\n<table width=\"100%\" cellspacing=\"0\" cellpadding=\"0\">\n<tr>\n<td valign=\"top\">\n<div style=\"font-size:13px;color:#534438;line-height:20px;\">\n<p style=\"margin:10px 0;\">On Sunday the La na mBan (Women&#8217;s Day) from 100 years ago will be commemorated in Dublin. There will be a series of talks, re-enactments, Memorabilia Display, Book stalls etc.<\/a><\/p>\n<p style=\"margin:10px 0;\">On 09 June 2018 almost 3\/4 of the women in Ireland signed an anti-conscription pledge and in Dublin they walked in their thousands to City Hall to sign the pledge.<\/a><\/p>\n<p style=\"margin:10px 0;\">Speakers will be Maeve Mullin and Ailbhe Rogers.<\/a><\/p>\n<p style=\"margin:10px 0;\">Admission is free.<\/a><\/div>\n<div style=\"font-size:13px;color:#534438;line-height:20px;\"><\/div>\n<p style=\"font-size:13px;color:#534438;line-height:20px;\"><a style=\"color:#cc2979;text-decoration:none\" href=\"https:\/\/twitter.com\/lizgillis191623\/status\/1005116580743798784\">https:\/\/twitter.com\/lizgillis191623\/status\/1005116580743798784<\/a><\/p>\n<\/td>\n<td valign=\"top\"><\/td>\n<\/tr>\n<\/table>\n<\/td>\n<\/tr>\n<\/table>\n<\/td>\n<\/tr>\n<\/table>\n<table width=\"100%\" cellpadding=\"0\" cellspacing=\"0\">\n<tr>\n<td style=\"padding:10px 30px\">\n<table width=\"100%\" cellpadding=\"0\" cellspacing=\"0\">\n<tr>\n<td width=\"52\" valign=\"top\"><img loading=\"lazy\" decoding=\"async\" src=\"http:\/\/dublineventguide.com\/dff\/admin\/images\/categories\/ACTIVITY.png\" width=\"32\" height=\"32\" \/><\/td>\n<td>\n<h2 style=\"font-size:16px;color:#534438;margin:0 0 5px;font-weight:normal\">Magazine Fort &#8211; Guided Tour<\/h2>\n<h3 style=\"font-size:13px;margin:0;padding:0;line-height:16px;color:#534438;\"><img loading=\"lazy\" decoding=\"async\" src=\"http:\/\/dublineventguide.com\/dff\/admin\/images\/weekly.png\" width=\"69\" height=\"16\" style=\"display:inline;float:left;\" \/> 10:00, Sun 10 Jun<\/h3>\n<p style=\"font-size:13px;color:#534438;line-height:20px;margin:0;padding-top:0;\">Magazine Fort, Phoenix Park, Dublin 8<\/p>\n<table width=\"100%\" cellspacing=\"0\" cellpadding=\"0\">\n<tr>\n<td valign=\"top\">\n<div style=\"font-size:13px;color:#534438;line-height:20px;\">\n<p style=\"margin:10px 0;\">The Magazine Fort in Phoenix Park was for a long time completely neglected, but it is hugely rich in history. Many have seen it as a barred off concrete fortress in a corner of Phoenix Park and even more don&#8217;t even know or have forgotten that it exists. The old Phoenix House, the home of the British Viceroy, was on the site where the fort was built from the early 17th century and then in 1734 the Fort was built and extended in 1801.<\/a><\/p>\n<p style=\"margin:10px 0;\">In 1916 the Fort was raided by the rebels who expected to find a lot of explosives there, but found the Fort nearly empty. In 1939 the IRA raided the Fort and stole more than a million rounds of ammunition, but most of it was recovered over the following weeks.<\/a><\/p>\n<p style=\"margin:10px 0;\">Since 1988, the Irish Army doesn&#8217;t use the Fort anymore and gave it back to the Office of Public Works (OPW), but not much good has happened to the Fort in the last 30 years (!!) and there were numerous speculations about the reasons for that.<\/a><\/p>\n<p style=\"margin:10px 0;\">Finally since 2016, guided tours are provided and this year from April until end of October there will be three tours every Sunday at 10:00, 12:00 and 14:00. Only 20 places are available on each tour and if there is a big event in Phoenix Park the tour will be cancelled.<\/a><\/p>\n<p style=\"margin:10px 0;\">Tickets are available at the Phoenix Park Visitor Centre on a first come, first served basis and can not be pre-booked. A shuttle bus will bring the ticket holders to the Fort.<\/a><\/div>\n<div style=\"font-size:13px;color:#534438;line-height:20px;\"><\/div>\n<p style=\"font-size:13px;color:#534438;line-height:20px;\"><a style=\"color:#cc2979;text-decoration:none\" href=\"http:\/\/phoenixpark.ie\/tours\/\">http:\/\/phoenixpark.ie\/tours\/<\/a><\/p>\n<\/td>\n<td valign=\"top\"><\/td>\n<\/tr>\n<\/table>\n<\/td>\n<\/tr>\n<\/table>\n<\/td>\n<\/tr>\n<\/table>\n<table width=\"100%\" cellpadding=\"0\" cellspacing=\"0\">\n<tr>\n<td style=\"padding:10px 30px\">\n<table width=\"100%\" cellpadding=\"0\" cellspacing=\"0\">\n<tr>\n<td width=\"52\" valign=\"top\"><img loading=\"lazy\" decoding=\"async\" src=\"http:\/\/dublineventguide.com\/dff\/admin\/images\/categories\/MARKETS.png\" width=\"32\" height=\"32\" \/><\/td>\n<td>\n<h2 style=\"font-size:16px;color:#534438;margin:0 0 5px;font-weight:normal\">Marlay Park Market<\/h2>\n<h3 style=\"font-size:13px;margin:0;padding:0;line-height:16px;color:#534438;\"><img loading=\"lazy\" decoding=\"async\" src=\"http:\/\/dublineventguide.com\/dff\/admin\/images\/weekly.png\" width=\"69\" height=\"16\" style=\"display:inline;float:left;\" \/> 10:00 &#8211; 16:00, Sun 10 Jun<\/h3>\n<p style=\"font-size:13px;color:#534438;line-height:20px;margin:0;padding-top:0;\">Marlay Park, Rathfarnham, Dublin 16<\/p>\n<table width=\"100%\" cellspacing=\"0\" cellpadding=\"0\">\n<tr>\n<td valign=\"top\">\n<div style=\"font-size:13px;color:#534438;line-height:20px;\">\n<p style=\"margin:10px 0;\">The County Council Market (CoCo) in Marlay Park is taking place every Saturday and Sunday. You will find a wide range of products. There will be food to eat there and food to cook at home but also crafts and arts and books and lots more.<\/a><\/div>\n<div style=\"font-size:13px;color:#534438;line-height:20px;\"><\/div>\n<p style=\"font-size:13px;color:#534438;line-height:20px;\"><a style=\"color:#cc2979;text-decoration:none\" href=\"http:\/\/www.dlrcoco.ie\/en\/parks-outdoors\/markets\">http:\/\/www.dlrcoco.ie\/en\/parks-outdoors\/markets<\/a><\/p>\n<\/td>\n<td valign=\"top\"><\/td>\n<\/tr>\n<\/table>\n<\/td>\n<\/tr>\n<\/table>\n<\/td>\n<\/tr>\n<\/table>\n<table width=\"100%\" cellpadding=\"0\" cellspacing=\"0\">\n<tr>\n<td style=\"padding:10px 30px\">\n<table width=\"100%\" cellpadding=\"0\" cellspacing=\"0\">\n<tr>\n<td width=\"52\" valign=\"top\"><img loading=\"lazy\" decoding=\"async\" src=\"http:\/\/dublineventguide.com\/dff\/admin\/images\/categories\/ART.png\" width=\"32\" height=\"32\" \/><\/td>\n<td>\n<h2 style=\"font-size:16px;color:#534438;margin:0 0 5px;font-weight:normal\">Merrion Square Open Air Gallery<\/h2>\n<h3 style=\"font-size:13px;margin:0;padding:0;line-height:16px;color:#534438;\"><img loading=\"lazy\" decoding=\"async\" src=\"http:\/\/dublineventguide.com\/dff\/admin\/images\/weekly.png\" width=\"69\" height=\"16\" style=\"display:inline;float:left;\" \/> 10:00 &#8211; 18:30, Sun 10 Jun<\/h3>\n<p style=\"font-size:13px;color:#534438;line-height:20px;margin:0;padding-top:0;\">Merrion Square, Dublin 2<\/p>\n<table width=\"100%\" cellspacing=\"0\" cellpadding=\"0\">\n<tr>\n<td valign=\"top\">\n<div style=\"font-size:13px;color:#534438;line-height:20px;\">\n<p style=\"margin:10px 0;\">Every Sunday, the Merrion Square Open Air Art Gallery takes place. Up to 200 artists exhibit their paintings on the railings on three sides (West, North and East) of Merrion Square and you can just enjoy the exhibition or even buy. <\/a><\/div>\n<div style=\"font-size:13px;color:#534438;line-height:20px;\"><\/div>\n<p style=\"font-size:13px;color:#534438;line-height:20px;\"><a style=\"color:#cc2979;text-decoration:none\" href=\"http:\/\/www.merrionsquareart.com\/\">http:\/\/www.merrionsquareart.com\/<\/a><\/p>\n<\/td>\n<td valign=\"top\"><\/td>\n<\/tr>\n<\/table>\n<\/td>\n<\/tr>\n<\/table>\n<\/td>\n<\/tr>\n<\/table>\n<table width=\"100%\" cellpadding=\"0\" cellspacing=\"0\">\n<tr>\n<td style=\"padding:10px 30px\">\n<table width=\"100%\" cellpadding=\"0\" cellspacing=\"0\">\n<tr>\n<td width=\"52\" valign=\"top\"><img loading=\"lazy\" decoding=\"async\" src=\"http:\/\/dublineventguide.com\/dff\/admin\/images\/categories\/ACTIVITY.png\" width=\"32\" height=\"32\" \/><\/td>\n<td>\n<h2 style=\"font-size:16px;color:#534438;margin:0 0 5px;font-weight:normal\">Street Feast 2018<\/h2>\n<h3 style=\"font-size:13px;margin:0;padding:0;line-height:16px;color:#534438;\">10:00 &#8211; 18:00, Sun 10 Jun<\/h3>\n<p style=\"font-size:13px;color:#534438;line-height:20px;margin:0;padding-top:0;\">Dublin (various locations) <\/p>\n<table width=\"100%\" cellspacing=\"0\" cellpadding=\"0\">\n<tr>\n<td valign=\"top\">\n<div style=\"font-size:13px;color:#534438;line-height:20px;\">\n<p style=\"margin:10px 0;\">It got a lot quieter around Street Feast than in previous years, but it is happening again in 2018! And the website claims that in the Greater Dublin area there will be 414 events. That is a LOT! :-O<\/a><\/p>\n<p style=\"margin:10px 0;\">Street Feast is a neighbourhood festival organised by YOU and your neighbours. The idea is that you meet up with friends and neighbours and organise a lunch\/feast\/event on Sunday in your local street, in a garden or a park.<\/a><\/p>\n<p style=\"margin:10px 0;\">You don&#8217;t need to tell anyone, but if you are neighbourly and are happy for other people to come to your event, you can post it on the Street Feast website. And if you are at a loose end and would like to join another feast, you can find some via the &#8220;Go To One&#8221; link on the website. It is not too certain, though if all these promised 414 street feasts will really happen. Some have very little information.<\/a><\/p>\n<p style=\"margin:10px 0;\">Admission is free, but you need to organise the food yourself.<\/a><\/div>\n<div style=\"font-size:13px;color:#534438;line-height:20px;\"><\/div>\n<p style=\"font-size:13px;color:#534438;line-height:20px;\"><a style=\"color:#cc2979;text-decoration:none\" href=\"http:\/\/streetfeast.ie\">http:\/\/streetfeast.ie<\/a><\/p>\n<\/td>\n<td valign=\"top\"><\/td>\n<\/tr>\n<\/table>\n<\/td>\n<\/tr>\n<\/table>\n<\/td>\n<\/tr>\n<\/table>\n<table width=\"100%\" cellpadding=\"0\" cellspacing=\"0\">\n<tr>\n<td style=\"padding:10px 30px\">\n<table width=\"100%\" cellpadding=\"0\" cellspacing=\"0\">\n<tr>\n<td width=\"52\" valign=\"top\"><img loading=\"lazy\" decoding=\"async\" src=\"http:\/\/dublineventguide.com\/dff\/admin\/images\/categories\/MARKETS.png\" width=\"32\" height=\"32\" \/><\/td>\n<td>\n<h2 style=\"font-size:16px;color:#534438;margin:0 0 5px;font-weight:normal\">Art, Bites, Crafts &#8211; Drumcondra Market<\/h2>\n<h3 style=\"font-size:13px;margin:0;padding:0;line-height:16px;color:#534438;\"><img loading=\"lazy\" decoding=\"async\" src=\"http:\/\/dublineventguide.com\/dff\/admin\/images\/weekly.png\" width=\"69\" height=\"16\" style=\"display:inline;float:left;\" \/> 10:30 &#8211; 15:30, Sun 10 Jun<\/h3>\n<p style=\"font-size:13px;color:#534438;line-height:20px;margin:0;padding-top:0;\">Arts and Business Campus, 40 Drumcondra Road Lower<\/p>\n<table width=\"100%\" cellspacing=\"0\" cellpadding=\"0\">\n<tr>\n<td valign=\"top\">\n<div style=\"font-size:13px;color:#534438;line-height:20px;\">\n<p style=\"margin:10px 0;\">The Drumcondra Village Market is now the &#8220;Art, Bites, Crafts Drumcondra Market&#8221;. And as you guessed it, it is an arts and crafts fair in the centre of Drumcondra. :-) There will also be some food and music.<\/a><\/p>\n<p style=\"margin:10px 0;\">The market is open on Saturday and Sunday from 10:30-15:30.<\/a><\/p>\n<p style=\"margin:10px 0;\">Admission is free.<\/a><\/div>\n<div style=\"font-size:13px;color:#534438;line-height:20px;\"><\/div>\n<p style=\"font-size:13px;color:#534438;line-height:20px;\"><a style=\"color:#cc2979;text-decoration:none\" href=\"https:\/\/www.facebook.com\/abcdrumcondramarket\">https:\/\/www.facebook.com\/abcdrumcondramarket<\/a><\/p>\n<\/td>\n<td valign=\"top\"><\/td>\n<\/tr>\n<\/table>\n<\/td>\n<\/tr>\n<\/table>\n<\/td>\n<\/tr>\n<\/table>\n<table width=\"100%\" cellpadding=\"0\" cellspacing=\"0\">\n<tr>\n<td style=\"padding:10px 30px\">\n<table width=\"100%\" cellpadding=\"0\" cellspacing=\"0\">\n<tr>\n<td width=\"52\" valign=\"top\"><img loading=\"lazy\" decoding=\"async\" src=\"http:\/\/dublineventguide.com\/dff\/admin\/images\/categories\/KIDS.png\" width=\"32\" height=\"32\" \/><\/td>\n<td>\n<h2 style=\"font-size:16px;color:#534438;margin:0 0 5px;font-weight:normal\">ADHD Family Social<\/h2>\n<h3 style=\"font-size:13px;margin:0;padding:0;line-height:16px;color:#534438;\">11:00 &#8211; 13:00, Sun 10 Jun<\/h3>\n<p style=\"font-size:13px;color:#534438;line-height:20px;margin:0;padding-top:0;\">Phoenix Park Visitor Centre, Phoenix Park, Dublin 8<\/p>\n<table width=\"100%\" cellspacing=\"0\" cellpadding=\"0\">\n<tr>\n<td valign=\"top\">\n<div style=\"font-size:13px;color:#534438;line-height:20px;\">\n<p style=\"margin:10px 0;\">Organised by HADD-ADHD, this is a play session especially for kids with ADHD and their siblings, to allow their parents to chat about their experiences with ADHD. You can book\/contact HADD via 01-8748349 or info@hadd.ie<\/a><\/p>\n<p style=\"margin:10px 0;\">Bring teddies and a picnic! Meeting point is the playground next to the Visitor Centre. <\/a><\/p>\n<p style=\"margin:10px 0;\">Admission is free.<\/a><\/p>\n<p style=\"margin:10px 0;\"> <\/a><\/div>\n<div style=\"font-size:13px;color:#534438;line-height:20px;\"><\/div>\n<p style=\"font-size:13px;color:#534438;line-height:20px;\"><a style=\"color:#cc2979;text-decoration:none\" href=\"http:\/\/hadd.ie\/\">http:\/\/hadd.ie\/<\/a><\/p>\n<\/td>\n<td valign=\"top\"><\/td>\n<\/tr>\n<\/table>\n<\/td>\n<\/tr>\n<\/table>\n<\/td>\n<\/tr>\n<\/table>\n<table width=\"100%\" cellpadding=\"0\" cellspacing=\"0\">\n<tr>\n<td style=\"padding:10px 30px\">\n<table width=\"100%\" cellpadding=\"0\" cellspacing=\"0\">\n<tr>\n<td width=\"52\" valign=\"top\"><img loading=\"lazy\" decoding=\"async\" src=\"http:\/\/dublineventguide.com\/dff\/admin\/images\/categories\/KIDS.png\" width=\"32\" height=\"32\" \/><\/td>\n<td>\n<h2 style=\"font-size:16px;color:#534438;margin:0 0 5px;font-weight:normal\">Botanic Gardens Drop-in Activities for Children<\/h2>\n<h3 style=\"font-size:13px;margin:0;padding:0;line-height:16px;color:#534438;\">11:00, Sun 10 Jun<\/h3>\n<p style=\"font-size:13px;color:#534438;line-height:20px;margin:0;padding-top:0;\">National Botanic Gardens, Botanic Road, Glasnevin, Dublin 9<\/p>\n<table width=\"100%\" cellspacing=\"0\" cellpadding=\"0\">\n<tr>\n<td valign=\"top\">\n<div style=\"font-size:13px;color:#534438;line-height:20px;\">\n<p style=\"margin:10px 0;\">The National Botanic Gardens run &#8220;Kids Drop by Activities&#8221; on Sunday.<\/a><\/p>\n<p style=\"margin:10px 0;\">There will be fun activities in the dedicated Children\u2019s Garden. Sow seeds, make seed bombs, design bug hotels and re-use everyday items to create your own piece of eco art. Suitable from age 4. All children must bring their own grown up.<\/a><\/p>\n<p>The event times are 11:00, 11:30, 15:00, 15:30<\/p>\n<p>Admission is free.<\/p>\n<\/div>\n<div style=\"font-size:13px;color:#534438;line-height:20px;\"><\/div>\n<p style=\"font-size:13px;color:#534438;line-height:20px;\"><a style=\"color:#cc2979;text-decoration:none\" href=\"https:\/\/www.facebook.com\/events\/441493812948854\">https:\/\/www.facebook.com\/events\/441493812948854<\/a><\/p>\n<\/td>\n<td valign=\"top\"><\/td>\n<\/tr>\n<\/table>\n<\/td>\n<\/tr>\n<\/table>\n<\/td>\n<\/tr>\n<\/table>\n<table width=\"100%\" cellpadding=\"0\" cellspacing=\"0\">\n<tr>\n<td style=\"padding:10px 30px\">\n<table width=\"100%\" cellpadding=\"0\" cellspacing=\"0\">\n<tr>\n<td width=\"52\" valign=\"top\"><img loading=\"lazy\" decoding=\"async\" src=\"http:\/\/dublineventguide.com\/dff\/admin\/images\/categories\/KIDS.png\" width=\"32\" height=\"32\" \/><\/td>\n<td>\n<h2 style=\"font-size:16px;color:#534438;margin:0 0 5px;font-weight:normal\">Children&#8217;s Art Cart &#8211; Workshop &#8211; Phoenix Park<\/h2>\n<h3 style=\"font-size:13px;margin:0;padding:0;line-height:16px;color:#534438;\">11:00 &#8211; 12:30, Sun 10 Jun<\/h3>\n<p style=\"font-size:13px;color:#534438;line-height:20px;margin:0;padding-top:0;\">Phoenix Park Visitor Centre, Phoenix Park, Dublin 8<\/p>\n<table width=\"100%\" cellspacing=\"0\" cellpadding=\"0\">\n<tr>\n<td valign=\"top\">\n<div style=\"font-size:13px;color:#534438;line-height:20px;\">\n<p style=\"margin:10px 0;\">Every Sunday (with a few exceptions) an art workshop takes place for children from 6-11 years of age. Admission is free and children must be accompanied by an adult.<\/a><\/p>\n<p style=\"margin:10px 0;\">The themes for the workshopthis week is &#8220;Trees of the Phoenix Park&#8221;.<\/a><\/p>\n<p>The full <a href=\"http:\/\/phoenixpark.ie\/wp-content\/uploads\/2018\/04\/OPW-F-A-2018_9xWEB.pdf\" target=\"_blank\" style=\"color:#cc2979;text-decoration:none;\">programme brochure is here<\/a>.<\/p>\n<\/div>\n<div style=\"font-size:13px;color:#534438;line-height:20px;\"><\/div>\n<\/td>\n<td valign=\"top\"><\/td>\n<\/tr>\n<\/table>\n<\/td>\n<\/tr>\n<\/table>\n<\/td>\n<\/tr>\n<\/table>\n<table width=\"100%\" cellpadding=\"0\" cellspacing=\"0\">\n<tr>\n<td style=\"padding:10px 30px\">\n<table width=\"100%\" cellpadding=\"0\" cellspacing=\"0\">\n<tr>\n<td width=\"52\" valign=\"top\"><img loading=\"lazy\" decoding=\"async\" src=\"http:\/\/dublineventguide.com\/dff\/admin\/images\/categories\/ACTIVITY.png\" width=\"32\" height=\"32\" \/><\/td>\n<td>\n<h2 style=\"font-size:16px;color:#534438;margin:0 0 5px;font-weight:normal\">Dublin Kite Festival 2018<\/h2>\n<h3 style=\"font-size:13px;margin:0;padding:0;line-height:16px;color:#534438;\">11:00 &#8211; 17:00, Sun 10 Jun<\/h3>\n<p style=\"font-size:13px;color:#534438;line-height:20px;margin:0;padding-top:0;\">Dollymount Strand, Clontarf, Dublin 3<\/p>\n<table width=\"100%\" cellspacing=\"0\" cellpadding=\"0\">\n<tr>\n<td valign=\"top\">\n<div style=\"font-size:13px;color:#534438;line-height:20px;\">\n<p style=\"margin:10px 0;\">The Dublin Kite Festival 2018 will take place this weekend on North Bull Island\/Dollymount Strand off Clontarf.<\/a><\/p>\n<p style=\"margin:10px 0;\">There will be Kite Making workshops, Kite flying demonstrations, an introduction to Powerkites, Buggy and land.kiting demonstrations and a kite maker competition. There is also a food village.<\/a><\/p>\n<p style=\"margin:10px 0;\">You don&#8217;t need a kite to go to the festival. There is plenty to see, but if you have a kite, bring it and let it fly!<\/a><\/p>\n<p style=\"margin:10px 0;\">Admission is free. The schedule can be found on the website below. There will be a free Shuttle Bus service to the festival from Clontarf Road junction with Causeway Road. Don&#8217;t use the Wooden Bridge to get there if you want to go by car, instead use the next road (Causeway Road) to Dollymount Strand. <\/a><\/div>\n<div style=\"font-size:13px;color:#534438;line-height:20px;\"><\/div>\n<p style=\"font-size:13px;color:#534438;line-height:20px;\"><a style=\"color:#cc2979;text-decoration:none\" href=\"http:\/\/www.dublinkitefestival.ie\/\">http:\/\/www.dublinkitefestival.ie\/<\/a><\/p>\n<\/td>\n<td valign=\"top\"><\/td>\n<\/tr>\n<\/table>\n<\/td>\n<\/tr>\n<\/table>\n<\/td>\n<\/tr>\n<\/table>\n<table width=\"100%\" cellpadding=\"0\" cellspacing=\"0\">\n<tr>\n<td style=\"padding:10px 30px\">\n<table width=\"100%\" cellpadding=\"0\" cellspacing=\"0\">\n<tr>\n<td width=\"52\" valign=\"top\"><img loading=\"lazy\" decoding=\"async\" src=\"http:\/\/dublineventguide.com\/dff\/admin\/images\/categories\/MARKETS.png\" width=\"32\" height=\"32\" \/><\/td>\n<td>\n<h2 style=\"font-size:16px;color:#534438;margin:0 0 5px;font-weight:normal\">Dun Laoghaire Market<\/h2>\n<h3 style=\"font-size:13px;margin:0;padding:0;line-height:16px;color:#534438;\"><img loading=\"lazy\" decoding=\"async\" src=\"http:\/\/dublineventguide.com\/dff\/admin\/images\/weekly.png\" width=\"69\" height=\"16\" style=\"display:inline;float:left;\" \/> 11:00 &#8211; 16:00, Sun 10 Jun<\/h3>\n<p style=\"font-size:13px;color:#534438;line-height:20px;margin:0;padding-top:0;\">People&#8217;s Park, Dun Laoghaire, Co. Dublin<\/p>\n<table width=\"100%\" cellspacing=\"0\" cellpadding=\"0\">\n<tr>\n<td valign=\"top\">\n<div style=\"font-size:13px;color:#534438;line-height:20px;\">\n<p style=\"margin:10px 0;\">A weekly market with lots of food, but also many other products (art &#038; crafts, books, etc) takes place every Sunday in the beautiful People&#8217;s Park in Dun Laoghaire. It is a very popular market and with around 50 vendors also one of the bigger markets.<\/a><\/div>\n<div style=\"font-size:13px;color:#534438;line-height:20px;\"><\/div>\n<p style=\"font-size:13px;color:#534438;line-height:20px;\"><a style=\"color:#cc2979;text-decoration:none\" href=\"http:\/\/www.dlrcoco.ie\/en\/parks-outdoors\/markets\">http:\/\/www.dlrcoco.ie\/en\/parks-outdoors\/markets<\/a><\/p>\n<\/td>\n<td valign=\"top\"><\/td>\n<\/tr>\n<\/table>\n<\/td>\n<\/tr>\n<\/table>\n<\/td>\n<\/tr>\n<\/table>\n<table width=\"100%\" cellpadding=\"0\" cellspacing=\"0\">\n<tr>\n<td style=\"padding:10px 30px\">\n<table width=\"100%\" cellpadding=\"0\" cellspacing=\"0\">\n<tr>\n<td width=\"52\" valign=\"top\"><img loading=\"lazy\" decoding=\"async\" src=\"http:\/\/dublineventguide.com\/dff\/admin\/images\/categories\/MARKETS.png\" width=\"32\" height=\"32\" \/><\/td>\n<td>\n<h2 style=\"font-size:16px;color:#534438;margin:0 0 5px;font-weight:normal\">Fusion Sunday World Culture Market &#8211; Food Co-Op<\/h2>\n<h3 style=\"font-size:13px;margin:0;padding:0;line-height:16px;color:#534438;\">11:00 &#8211; 17:00, Sun 10 Jun<\/h3>\n<p style=\"font-size:13px;color:#534438;line-height:20px;margin:0;padding-top:0;\">Green Door Market, 18 Newmarket, Dublin 8<\/p>\n<table width=\"100%\" cellspacing=\"0\" cellpadding=\"0\">\n<tr>\n<td valign=\"top\">\n<div style=\"font-size:13px;color:#534438;line-height:20px;\">\n<p style=\"margin:10px 0;\">I had already in May expected that back then it was the last Fusion Sundays Market at the &#8220;old&#8221; location in Newmarket Square, but they managed to squeeze one more in. Sadly this is really now the very last Fusion Sundays Market at this location. <\/a><\/p>\n<p style=\"margin:10px 0;\">The Fusion Sundays Market is a world culture market, an ethnic Bazaar, that focuses on the diverse ethnic culture present in Ireland today. The Market features a huge array of International stalls, ethnic food, live music and entertainment for kids. You can buy handmade goods, arts and crafts, recycled products, jewellery, clothes and food. The market is held every second Sunday of the month.<\/a><\/p>\n<p style=\"margin:10px 0;\">There is always a great atmosphere and I definitely recommend this monthly market.<\/a><\/p>\n<p style=\"margin:10px 0;\">Admission is free.<\/a><\/div>\n<div style=\"font-size:13px;color:#534438;line-height:20px;\"><\/div>\n<p style=\"font-size:13px;color:#534438;line-height:20px;\"><a style=\"color:#cc2979;text-decoration:none\" href=\"http:\/\/www.facebook.com\/fusionsundaysmarket \">http:\/\/www.facebook.com\/fusionsundaysmarket <\/a><\/p>\n<\/td>\n<td valign=\"top\"><\/td>\n<\/tr>\n<\/table>\n<\/td>\n<\/tr>\n<\/table>\n<\/td>\n<\/tr>\n<\/table>\n<table width=\"100%\" cellpadding=\"0\" cellspacing=\"0\">\n<tr>\n<td style=\"padding:10px 30px\">\n<table width=\"100%\" cellpadding=\"0\" cellspacing=\"0\">\n<tr>\n<td width=\"52\" valign=\"top\"><img loading=\"lazy\" decoding=\"async\" src=\"http:\/\/dublineventguide.com\/dff\/admin\/images\/categories\/MUSIC.png\" width=\"32\" height=\"32\" \/><\/td>\n<td>\n<h2 style=\"font-size:16px;color:#534438;margin:0 0 5px;font-weight:normal\">Jazz + Bluegrass for Brunch on Sundays<\/h2>\n<h3 style=\"font-size:13px;margin:0;padding:0;line-height:16px;color:#534438;\">11:00 &#8211; 16:30, Sun 10 Jun<\/h3>\n<p style=\"font-size:13px;color:#534438;line-height:20px;margin:0;padding-top:0;\">Kilkenny Shop, Nassau Street, Dublin 2 <\/p>\n<table width=\"100%\" cellspacing=\"0\" cellpadding=\"0\">\n<tr>\n<td valign=\"top\">\n<div style=\"font-size:13px;color:#534438;line-height:20px;\">\n<p style=\"margin:10px 0;\">The Kilkenny Shop Cafe is inviting to a Jazz Brunch Sunday every Sunday from 11:00-14:00 and from 14:30-16:30 a Bluegrass Band is taking over. Unfortuantely they don&#8217;t specify who the bands are.<\/a><\/p>\n<p style=\"margin:10px 0;\">Admission is free.<\/a><\/div>\n<div style=\"font-size:13px;color:#534438;line-height:20px;\"><\/div>\n<p style=\"font-size:13px;color:#534438;line-height:20px;\"><a style=\"color:#cc2979;text-decoration:none\" href=\"https:\/\/www.kilkennyshop.com\/restaurant-jazzsundays\">https:\/\/www.kilkennyshop.com\/restaurant-jazzsundays<\/a><\/p>\n<\/td>\n<td valign=\"top\"><\/td>\n<\/tr>\n<\/table>\n<\/td>\n<\/tr>\n<\/table>\n<\/td>\n<\/tr>\n<\/table>\n<table width=\"100%\" cellpadding=\"0\" cellspacing=\"0\">\n<tr>\n<td style=\"padding:10px 30px\">\n<table width=\"100%\" cellpadding=\"0\" cellspacing=\"0\">\n<tr>\n<td width=\"52\" valign=\"top\"><img loading=\"lazy\" decoding=\"async\" src=\"http:\/\/dublineventguide.com\/dff\/admin\/images\/categories\/ACTIVITY.png\" width=\"32\" height=\"32\" \/><\/td>\n<td>\n<h2 style=\"font-size:16px;color:#534438;margin:0 0 5px;font-weight:normal\">Liffey Cycle &#8211; Bike Week<\/h2>\n<h3 style=\"font-size:13px;margin:0;padding:0;line-height:16px;color:#534438;\">11:00, Sun 10 Jun<\/h3>\n<p style=\"font-size:13px;color:#534438;line-height:20px;margin:0;padding-top:0;\">Phoenix Park, Dublin 8<\/p>\n<table width=\"100%\" cellspacing=\"0\" cellpadding=\"0\">\n<tr>\n<td valign=\"top\">\n<div style=\"font-size:13px;color:#534438;line-height:20px;\">\n<p style=\"margin:10px 0;\">One of the first events in Bike Week 2018 (from 09-17 June) is the Liffey Cycle.<\/a><\/p>\n<p style=\"margin:10px 0;\">It is a Mass cycle event along the Liffey Quays to demonstrate support for the Liffey Cycle Route.<\/a><\/p>\n<p style=\"margin:10px 0;\">Assemble at the Wellington Monument in the Phoenix Park at 10:45 as the cycle departs at 11:00 sharp.<\/a><\/p>\n<p style=\"margin:10px 0;\">The Liffey Cycle Route is a segregated cycle track, linking the Phoenix Park to the Point Village. Your participation in the Liffey Cycle will show your support for this cycling route. The cycle will go from Phoenix park to the Convention Centre.<\/a><\/p>\n<p style=\"margin:10px 0;\">Admission is free. <\/a><\/div>\n<div style=\"font-size:13px;color:#534438;line-height:20px;\"><\/div>\n<p style=\"font-size:13px;color:#534438;line-height:20px;\"><a style=\"color:#cc2979;text-decoration:none\" href=\"https:\/\/www.facebook.com\/events\/603502596683839\/\">https:\/\/www.facebook.com\/events\/603502596683839\/<\/a><\/p>\n<\/td>\n<td valign=\"top\"><\/td>\n<\/tr>\n<\/table>\n<\/td>\n<\/tr>\n<\/table>\n<\/td>\n<\/tr>\n<\/table>\n<table width=\"100%\" cellpadding=\"0\" cellspacing=\"0\">\n<tr>\n<td style=\"padding:10px 30px\">\n<table width=\"100%\" cellpadding=\"0\" cellspacing=\"0\">\n<tr>\n<td width=\"52\" valign=\"top\"><img loading=\"lazy\" decoding=\"async\" src=\"http:\/\/dublineventguide.com\/dff\/admin\/images\/categories\/MUSIC.png\" width=\"32\" height=\"32\" \/><\/td>\n<td>\n<h2 style=\"font-size:16px;color:#534438;margin:0 0 5px;font-weight:normal\">Palestrina Choir<\/h2>\n<h3 style=\"font-size:13px;margin:0;padding:0;line-height:16px;color:#534438;\"><img loading=\"lazy\" decoding=\"async\" src=\"http:\/\/dublineventguide.com\/dff\/admin\/images\/weekly.png\" width=\"69\" height=\"16\" style=\"display:inline;float:left;\" \/> 11:00, Sun 10 Jun<\/h3>\n<p style=\"font-size:13px;color:#534438;line-height:20px;margin:0;padding-top:0;\">St. Mary&#8217;s Pro-Cathedral, 83 Marlborough Street, Dublin 1<\/p>\n<table width=\"100%\" cellspacing=\"0\" cellpadding=\"0\">\n<tr>\n<td valign=\"top\">\n<div style=\"font-size:13px;color:#534438;line-height:20px;\">\n<p style=\"margin:10px 0;\">The well known Palestrina Choir sing every Sunday at the mass in St Mary&#8217;s Pro-Cathedral. They sing complete masterworks by Mozart, Haydn, Dvorak, Palestrina, de Victoria, usually accompanied by Prof. Gerard Gillen on the organ, who often also plays a solo piece.<\/a><\/div>\n<div style=\"font-size:13px;color:#534438;line-height:20px;\"><\/div>\n<p style=\"font-size:13px;color:#534438;line-height:20px;\"><a style=\"color:#cc2979;text-decoration:none\" href=\"http:\/\/www.procathedral.ie\/music\/this-week\">http:\/\/www.procathedral.ie\/music\/this-week<\/a><\/p>\n<\/td>\n<td valign=\"top\"><\/td>\n<\/tr>\n<\/table>\n<\/td>\n<\/tr>\n<\/table>\n<\/td>\n<\/tr>\n<\/table>\n<table width=\"100%\" cellpadding=\"0\" cellspacing=\"0\">\n<tr>\n<td style=\"padding:10px 30px\">\n<table width=\"100%\" cellpadding=\"0\" cellspacing=\"0\">\n<tr>\n<td width=\"52\" valign=\"top\"><img loading=\"lazy\" decoding=\"async\" src=\"http:\/\/dublineventguide.com\/dff\/admin\/images\/categories\/KIDS.png\" width=\"32\" height=\"32\" \/><\/td>\n<td>\n<h2 style=\"font-size:16px;color:#534438;margin:0 0 5px;font-weight:normal\">Drop-in family session &#8211; National Gallery<\/h2>\n<h3 style=\"font-size:13px;margin:0;padding:0;line-height:16px;color:#534438;\">11:30 &#8211; 13:30, Sun 10 Jun<\/h3>\n<p style=\"font-size:13px;color:#534438;line-height:20px;margin:0;padding-top:0;\">National Gallery, Merrion Square West, Dublin 2 <\/p>\n<table width=\"100%\" cellspacing=\"0\" cellpadding=\"0\">\n<tr>\n<td valign=\"top\">\n<div style=\"font-size:13px;color:#534438;line-height:20px;\">\n<p style=\"margin:10px 0;\">A Drop-in family session entitled &#8220;Exotic Objects and Colourful Blooms&#8221; will take place in the National Gallery. <\/a><\/p>\n<p style=\"margin:10px 0;\">Come for a free art-making workshop where children and their parents\/guardians\/carers are encouraged to work together on creative projects. This week&#8217;s workshop will be led by artist Kate Dick, and will take the works of Emil Nolde as inspiration.<\/a><\/p>\n<p style=\"margin:10px 0;\">Drop-in and stay for as long (or as little!) as you wish! These workshops are suitable for children of all ages, and take place in the Maples and Calder Creative Space in our Atrium.<\/a><\/p>\n<p style=\"margin:10px 0;\">Admission is free.<\/a><\/div>\n<div style=\"font-size:13px;color:#534438;line-height:20px;\"><\/div>\n<p style=\"font-size:13px;color:#534438;line-height:20px;\"><a style=\"color:#cc2979;text-decoration:none\" href=\"https:\/\/www.nationalgallery.ie\/drop-family-session-exotic-objects-and-colourful-blooms\">https:\/\/www.nationalgallery.ie\/drop-family-session-exotic-objects-and-colourful-blooms<\/a><\/p>\n<\/td>\n<td valign=\"top\"><\/td>\n<\/tr>\n<\/table>\n<\/td>\n<\/tr>\n<\/table>\n<\/td>\n<\/tr>\n<\/table>\n<table width=\"100%\" cellpadding=\"0\" cellspacing=\"0\">\n<tr>\n<td style=\"padding:10px 30px\">\n<table width=\"100%\" cellpadding=\"0\" cellspacing=\"0\">\n<tr>\n<td width=\"52\" valign=\"top\"><img loading=\"lazy\" decoding=\"async\" src=\"http:\/\/dublineventguide.com\/dff\/admin\/images\/categories\/ACTIVITY.png\" width=\"32\" height=\"32\" \/><\/td>\n<td>\n<h2 style=\"font-size:16px;color:#534438;margin:0 0 5px;font-weight:normal\">National Gallery Talks &#038; Tour<\/h2>\n<h3 style=\"font-size:13px;margin:0;padding:0;line-height:16px;color:#534438;\"><img loading=\"lazy\" decoding=\"async\" src=\"http:\/\/dublineventguide.com\/dff\/admin\/images\/weekly.png\" width=\"69\" height=\"16\" style=\"display:inline;float:left;\" \/> 11:30 &#8211; 16:50, Sun 10 Jun<\/h3>\n<p style=\"font-size:13px;color:#534438;line-height:20px;margin:0;padding-top:0;\">National Gallery, Merrion Square West, Dublin 2 <\/p>\n<table width=\"100%\" cellspacing=\"0\" cellpadding=\"0\">\n<tr>\n<td valign=\"top\">\n<div style=\"font-size:13px;color:#534438;line-height:20px;\">\n<p style=\"margin:10px 0;\">The National Gallery has an extensive programme of free talks, public tours and Art Documentary screenings every day of the week. Currently there is at least one free tour every day. Check their website for details. Some special events will be listed separately.<\/a><\/p>\n<p style=\"margin:10px 0;\">Admission to the gallery and to most events is free.<\/a><\/div>\n<div style=\"font-size:13px;color:#534438;line-height:20px;\"><\/div>\n<p style=\"font-size:13px;color:#534438;line-height:20px;\"><a style=\"color:#cc2979;text-decoration:none\" href=\"https:\/\/www.nationalgallery.ie\/whats-on\">https:\/\/www.nationalgallery.ie\/whats-on<\/a><\/p>\n<\/td>\n<td valign=\"top\"><\/td>\n<\/tr>\n<\/table>\n<\/td>\n<\/tr>\n<\/table>\n<\/td>\n<\/tr>\n<\/table>\n<table width=\"100%\" cellpadding=\"0\" cellspacing=\"0\">\n<tr>\n<td style=\"padding:10px 30px\">\n<table width=\"100%\" cellpadding=\"0\" cellspacing=\"0\">\n<tr>\n<td width=\"52\" valign=\"top\"><img loading=\"lazy\" decoding=\"async\" src=\"http:\/\/dublineventguide.com\/dff\/admin\/images\/categories\/MARKETS.png\" width=\"32\" height=\"32\" \/><\/td>\n<td>\n<h2 style=\"font-size:16px;color:#534438;margin:0 0 5px;font-weight:normal\">Blackrock Market<\/h2>\n<h3 style=\"font-size:13px;margin:0;padding:0;line-height:16px;color:#534438;\"><img loading=\"lazy\" decoding=\"async\" src=\"http:\/\/dublineventguide.com\/dff\/admin\/images\/weekly.png\" width=\"69\" height=\"16\" style=\"display:inline;float:left;\" \/> 12:00 &#8211; 17:30, Sun 10 Jun<\/h3>\n<p style=\"font-size:13px;color:#534438;line-height:20px;margin:0;padding-top:0;\">Blackrock Market, 19 Main Street, Blackrock, Co. Dublin<\/p>\n<table width=\"100%\" cellspacing=\"0\" cellpadding=\"0\">\n<tr>\n<td valign=\"top\">\n<div style=\"font-size:13px;color:#534438;line-height:20px;\">\n<p>At the Blackrock Market in the centre of Blackrock, you&#8217;ll find 50 stalls selling collectibles, antiques, handmade goods, books, food &#038; there&#8217;s free popcorn, ballons &#038; facepainting for the kids.<br \/>Open on Sundays: 12:00-17:30. Open on Saturdays and Bank Holidays: 11:00-17:30.<\/p>\n<\/div>\n<div style=\"font-size:13px;color:#534438;line-height:20px;\"><\/div>\n<p style=\"font-size:13px;color:#534438;line-height:20px;\"><a style=\"color:#cc2979;text-decoration:none\" href=\"http:\/\/www.blackrockmarket.com\/\">http:\/\/www.blackrockmarket.com\/<\/a><\/p>\n<\/td>\n<td valign=\"top\"><\/td>\n<\/tr>\n<\/table>\n<\/td>\n<\/tr>\n<\/table>\n<\/td>\n<\/tr>\n<\/table>\n<table width=\"100%\" cellpadding=\"0\" cellspacing=\"0\">\n<tr>\n<td style=\"padding:10px 30px\">\n<table width=\"100%\" cellpadding=\"0\" cellspacing=\"0\">\n<tr>\n<td width=\"52\" valign=\"top\"><img loading=\"lazy\" decoding=\"async\" src=\"http:\/\/dublineventguide.com\/dff\/admin\/images\/categories\/ACTIVITY.png\" width=\"32\" height=\"32\" \/><\/td>\n<td>\n<h2 style=\"font-size:16px;color:#534438;margin:0 0 5px;font-weight:normal\">Guided Walks &#8211; Botanic Gardens<\/h2>\n<h3 style=\"font-size:13px;margin:0;padding:0;line-height:16px;color:#534438;\"><img loading=\"lazy\" decoding=\"async\" src=\"http:\/\/dublineventguide.com\/dff\/admin\/images\/weekly.png\" width=\"69\" height=\"16\" style=\"display:inline;float:left;\" \/> 12:00 &#8211; 15:30, Sun 10 Jun<\/h3>\n<p style=\"font-size:13px;color:#534438;line-height:20px;margin:0;padding-top:0;\">National Botanic Gardens, Botanic Road, Glasnevin, Dublin 9<\/p>\n<table width=\"100%\" cellspacing=\"0\" cellpadding=\"0\">\n<tr>\n<td valign=\"top\">\n<div style=\"font-size:13px;color:#534438;line-height:20px;\">\n<p style=\"margin:10px 0;\">Every Sunday, the National Botanic Gardens invite to two guided walks. The first one is at 12:00 and the second one at 14:30.<\/a><\/p>\n<p style=\"margin:10px 0;\">Admission is free. <\/a><\/div>\n<div style=\"font-size:13px;color:#534438;line-height:20px;\"><\/div>\n<p style=\"font-size:13px;color:#534438;line-height:20px;\"><a style=\"color:#cc2979;text-decoration:none\" href=\"http:\/\/www.botanicgardens.ie\/educ\/info.htm\">http:\/\/www.botanicgardens.ie\/educ\/info.htm<\/a><\/p>\n<\/td>\n<td valign=\"top\"><\/td>\n<\/tr>\n<\/table>\n<\/td>\n<\/tr>\n<\/table>\n<\/td>\n<\/tr>\n<\/table>\n<table width=\"100%\" cellpadding=\"0\" cellspacing=\"0\">\n<tr>\n<td style=\"padding:10px 30px\">\n<table width=\"100%\" cellpadding=\"0\" cellspacing=\"0\">\n<tr>\n<td width=\"52\" valign=\"top\"><img loading=\"lazy\" decoding=\"async\" src=\"http:\/\/dublineventguide.com\/dff\/admin\/images\/categories\/ACTIVITY.png\" width=\"32\" height=\"32\" \/><\/td>\n<td>\n<h2 style=\"font-size:16px;color:#534438;margin:0 0 5px;font-weight:normal\">Skerries Midsummer Festival<\/h2>\n<h3 style=\"font-size:13px;margin:0;padding:0;line-height:16px;color:#534438;\">12:00, Sun 10 Jun<\/h3>\n<p style=\"font-size:13px;color:#534438;line-height:20px;margin:0;padding-top:0;\">Skerries Village, Co. Dublin<\/p>\n<table width=\"100%\" cellspacing=\"0\" cellpadding=\"0\">\n<tr>\n<td valign=\"top\">\n<div style=\"font-size:13px;color:#534438;line-height:20px;\">\n<p style=\"margin:10px 0;\">The &#8220;Skerries Midsummer Festival&#8221; will take place this weeken (Fri-Sun)<\/a><\/p>\n<p style=\"margin:10px 0;\">The good people from Skerries are not overly generous with information about the festival (No idea at what time it starts or what happens when.) and they are a little confused about the calendar (Midsummer is on 15 July.) but they do provide a short list of some events during the festival and that might help:<\/a><\/p>\n<p style=\"margin:10px 0;\">For Saturday they list:<\/a><\/p>\n<p>&#8220;Swimrace &#8211; Sports on the Beach &#8211; Sandcastle Competition from noon<br \/>Festival Village &#8211; Bumpr Cars &#8211; Carousels &#8211; Candyfloss &#8211; Treats<br \/>MainStage: Adam McEvoy Unplugged &#8211; Fancy Dress 80s Disco (18+)&#8221;<\/p>\n<p style=\"margin:10px 0;\">and on Sunday this information is provided:<\/a><\/p>\n<p>&#8221; Skerries Triathlon &#8211; Sports on the Beach &#8211; Sandcastle Competition from noon<br \/>Festival Village &#8211; Bumper Cars &#8211; Carousels &#8211; Candyfloss &#8211; Treats<br \/>Main Stage: Live Afternoon Trad&#8221;<\/p>\n<p style=\"margin:10px 0;\">Admission seems to be free for all events (free admission for the main stage events is confirmed).<\/a><\/div>\n<div style=\"font-size:13px;color:#534438;line-height:20px;\"><\/div>\n<p style=\"font-size:13px;color:#534438;line-height:20px;\"><a style=\"color:#cc2979;text-decoration:none\" href=\"http:\/\/www.visitskerries.ie\/whatson\/skerries-midsummer-festival\/\">http:\/\/www.visitskerries.ie\/whatson\/skerries-midsummer-festival\/<\/a><\/p>\n<\/td>\n<td valign=\"top\"><\/td>\n<\/tr>\n<\/table>\n<\/td>\n<\/tr>\n<\/table>\n<\/td>\n<\/tr>\n<\/table>\n<table width=\"100%\" cellpadding=\"0\" cellspacing=\"0\">\n<tr>\n<td style=\"padding:10px 30px\">\n<table width=\"100%\" cellpadding=\"0\" cellspacing=\"0\">\n<tr>\n<td width=\"52\" valign=\"top\"><img loading=\"lazy\" decoding=\"async\" src=\"http:\/\/dublineventguide.com\/dff\/admin\/images\/categories\/MUSIC.png\" width=\"32\" height=\"32\" \/><\/td>\n<td>\n<h2 style=\"font-size:16px;color:#534438;margin:0 0 5px;font-weight:normal\">Sunday at Noon &#8211; Classical Concerts<\/h2>\n<h3 style=\"font-size:13px;margin:0;padding:0;line-height:16px;color:#534438;\"><img loading=\"lazy\" decoding=\"async\" src=\"http:\/\/dublineventguide.com\/dff\/admin\/images\/weekly.png\" width=\"69\" height=\"16\" style=\"display:inline;float:left;\" \/> 12:00 &#8211; 13:00, Sun 10 Jun<\/h3>\n<p style=\"font-size:13px;color:#534438;line-height:20px;margin:0;padding-top:0;\">Hugh Lane Gallery, Parnell Square North, Dublin 1 <\/p>\n<table width=\"100%\" cellspacing=\"0\" cellpadding=\"0\">\n<tr>\n<td valign=\"top\">\n<div style=\"font-size:13px;color:#534438;line-height:20px;\">\n<p style=\"margin:10px 0;\">The Sundays at Noon Concert Series continues in the Sculpture Gallery at the Hugh Lane Gallery. This series of free (mainly classical) concerts continues to present the best of Irish and International music and musicians. Concerts run from September to June.<\/a><\/p>\n<p style=\"margin:10px 0;\">The next concert will feature Chamber Choir Ireland performing <\/a><\/p>\n<p>Josef Rheinberger Drei Ges\u00e4nge op 69<br \/>Max Reger Ach Herr, strafe mich nicht<br \/>Frank Martin Mass for Double Choir<\/p>\n<\/div>\n<div style=\"font-size:13px;color:#534438;line-height:20px;\"><\/div>\n<p style=\"font-size:13px;color:#534438;line-height:20px;\"><a style=\"color:#cc2979;text-decoration:none\" href=\"http:\/\/www.hughlane.ie\/past-sunday-concerts\/2176-sundaysnoonchamber-choir-ireland\">http:\/\/www.hughlane.ie\/past-sunday-concerts\/2176-sundaysnoonchamber-choir-ireland<\/a><\/p>\n<\/td>\n<td valign=\"top\"><\/td>\n<\/tr>\n<\/table>\n<\/td>\n<\/tr>\n<\/table>\n<\/td>\n<\/tr>\n<\/table>\n<table width=\"100%\" cellpadding=\"0\" cellspacing=\"0\">\n<tr>\n<td style=\"padding:10px 30px\">\n<table width=\"100%\" cellpadding=\"0\" cellspacing=\"0\">\n<tr>\n<td width=\"52\" valign=\"top\"><img loading=\"lazy\" decoding=\"async\" src=\"http:\/\/dublineventguide.com\/dff\/admin\/images\/categories\/ACTIVITY.png\" width=\"32\" height=\"32\" \/><\/td>\n<td>\n<h2 style=\"font-size:16px;color:#534438;margin:0 0 5px;font-weight:normal\">Family Tour &#8211; National Gallery<\/h2>\n<h3 style=\"font-size:13px;margin:0;padding:0;line-height:16px;color:#534438;\">12:30 &#8211; 13:15, Sun 10 Jun<\/h3>\n<p style=\"font-size:13px;color:#534438;line-height:20px;margin:0;padding-top:0;\">National Gallery, Merrion Square West, Dublin 2 <\/p>\n<table width=\"100%\" cellspacing=\"0\" cellpadding=\"0\">\n<tr>\n<td valign=\"top\">\n<div style=\"font-size:13px;color:#534438;line-height:20px;\">\n<p style=\"margin:10px 0;\">This Family Tour is specially designed for children and their guardians, parents and carers to make the works on display in the National Gallery fun and engaging for kids.<\/a><\/p>\n<p style=\"margin:10px 0;\">Admission is free. Meet at the Merrion Square information desk.<\/a><\/div>\n<div style=\"font-size:13px;color:#534438;line-height:20px;\"><\/div>\n<p style=\"font-size:13px;color:#534438;line-height:20px;\"><a style=\"color:#cc2979;text-decoration:none\" href=\"https:\/\/www.nationalgallery.ie\/family-friendly-tour-12\">https:\/\/www.nationalgallery.ie\/family-friendly-tour-12<\/a><\/p>\n<\/td>\n<td valign=\"top\"><\/td>\n<\/tr>\n<\/table>\n<\/td>\n<\/tr>\n<\/table>\n<\/td>\n<\/tr>\n<\/table>\n<table width=\"100%\" cellpadding=\"0\" cellspacing=\"0\">\n<tr>\n<td style=\"padding:10px 30px\">\n<table width=\"100%\" cellpadding=\"0\" cellspacing=\"0\">\n<tr>\n<td width=\"52\" valign=\"top\"><img loading=\"lazy\" decoding=\"async\" src=\"http:\/\/dublineventguide.com\/dff\/admin\/images\/categories\/MUSIC.png\" width=\"32\" height=\"32\" \/><\/td>\n<td>\n<h2 style=\"font-size:16px;color:#534438;margin:0 0 5px;font-weight:normal\">Sunday Songbrunch<\/h2>\n<h3 style=\"font-size:13px;margin:0;padding:0;line-height:16px;color:#534438;\">12:30 &#8211; 16:30, Sun 10 Jun<\/h3>\n<p style=\"font-size:13px;color:#534438;line-height:20px;margin:0;padding-top:0;\">Bagots Hutton Bar &#038; Restaurant, 6 Upper Ormond Quay, Dublin 7<\/p>\n<table width=\"100%\" cellspacing=\"0\" cellpadding=\"0\">\n<tr>\n<td valign=\"top\">\n<div style=\"font-size:13px;color:#534438;line-height:20px;\">\n<p style=\"margin:10px 0;\">Niamh Dooley and ELKIN will perform at the Sunday Songbrunch. There will also be an Open Mic and Closing Jam.<\/a><\/p>\n<p style=\"margin:10px 0;\">Admission is free.<\/a><\/div>\n<div style=\"font-size:13px;color:#534438;line-height:20px;\"><\/div>\n<p style=\"font-size:13px;color:#534438;line-height:20px;\"><a style=\"color:#cc2979;text-decoration:none\" href=\"https:\/\/www.facebook.com\/events\/650685688613170\/\">https:\/\/www.facebook.com\/events\/650685688613170\/<\/a><\/p>\n<\/td>\n<td valign=\"top\"><\/td>\n<\/tr>\n<\/table>\n<\/td>\n<\/tr>\n<\/table>\n<\/td>\n<\/tr>\n<\/table>\n<table width=\"100%\" cellpadding=\"0\" cellspacing=\"0\">\n<tr>\n<td style=\"padding:10px 30px\">\n<table width=\"100%\" cellpadding=\"0\" cellspacing=\"0\">\n<tr>\n<td width=\"52\" valign=\"top\"><img loading=\"lazy\" decoding=\"async\" src=\"http:\/\/dublineventguide.com\/dff\/admin\/images\/categories\/ACTIVITY.png\" width=\"32\" height=\"32\" \/><\/td>\n<td>\n<h2 style=\"font-size:16px;color:#534438;margin:0 0 5px;font-weight:normal\">Asian &#8211; Irish Cultural Festival &#8211; Bray<\/h2>\n<h3 style=\"font-size:13px;margin:0;padding:0;line-height:16px;color:#534438;\">13:00 &#8211; 18:00, Sun 10 Jun<\/h3>\n<p style=\"font-size:13px;color:#534438;line-height:20px;margin:0;padding-top:0;\">Harbour Bar, 1 Strand Road, Bray, Co. Wicklow<\/p>\n<table width=\"100%\" cellspacing=\"0\" cellpadding=\"0\">\n<tr>\n<td valign=\"top\">\n<div style=\"font-size:13px;color:#534438;line-height:20px;\">\n<p>The Asian &#8211; Irish Culture Festival will happen for the fourth year and this year some of the events will be<br \/>+ Rapper Ois\u00edn Mac performing in Irish<br \/>+ Traditional Japanese dancing from Odorikko, <br \/>+ Sean-N\u00f3s Dancing<br \/>+ Bellydancing<br \/>+ Aikido and Katori-Shinto-Ryu demonstrations <br \/>+ St. Brigid&#8217;s Cross making workshop<br \/>+ Traditional dress show from China, the Phillipines and Japan<br \/>+ Demonstration on how to wear a Yukata (a Japanese casual kimono-like garment worn during the summer)<br \/>+ Gl\u00f3r na nGael will promote and teach Irish<br \/>+ Traditional Irish Music<br \/>And there will be Asian and Irish food stalls.<\/p>\n<p style=\"margin:10px 0;\">Admission is free.<\/a><\/div>\n<div style=\"font-size:13px;color:#534438;line-height:20px;\"><\/div>\n<p style=\"font-size:13px;color:#534438;line-height:20px;\"><a style=\"color:#cc2979;text-decoration:none\" href=\"https:\/\/www.facebook.com\/events\/985372088311194\/\">https:\/\/www.facebook.com\/events\/985372088311194\/<\/a><\/p>\n<\/td>\n<td valign=\"top\"><\/td>\n<\/tr>\n<\/table>\n<\/td>\n<\/tr>\n<\/table>\n<\/td>\n<\/tr>\n<\/table>\n<table width=\"100%\" cellpadding=\"0\" cellspacing=\"0\">\n<tr>\n<td style=\"padding:10px 30px\">\n<table width=\"100%\" cellpadding=\"0\" cellspacing=\"0\">\n<tr>\n<td width=\"52\" valign=\"top\"><img loading=\"lazy\" decoding=\"async\" src=\"http:\/\/dublineventguide.com\/dff\/admin\/images\/categories\/ACTIVITY.png\" width=\"32\" height=\"32\" \/><\/td>\n<td>\n<h2 style=\"font-size:16px;color:#534438;margin:0 0 5px;font-weight:normal\">Kes\u00e4rieha &#8211; Summer Party<\/h2>\n<h3 style=\"font-size:13px;margin:0;padding:0;line-height:16px;color:#534438;\">13:00 &#8211; 17:00, Sun 10 Jun<\/h3>\n<p style=\"font-size:13px;color:#534438;line-height:20px;margin:0;padding-top:0;\">Herbert Park, Ballsbridge, Dublin 4<\/p>\n<table width=\"100%\" cellspacing=\"0\" cellpadding=\"0\">\n<tr>\n<td valign=\"top\">\n<div style=\"font-size:13px;color:#534438;line-height:20px;\">\n<p style=\"margin:10px 0;\">The yearly Irish Finnish Society &#8220;Kes\u00e4rieha &#8211; Summer Party&#8221; will happen this Sunday.<\/a><\/p>\n<p style=\"margin:10px 0;\">&#8220;It&#8217;ll be a relaxed fun-filled day for all the family. Bring a picnic and any lawn games you may have and join us for a hopefully sunny afternoon in Herbert Park.&#8221;<\/a><\/p>\n<p style=\"margin:10px 0;\">Admission is free. The location in the park is just behind Lolly and Cooks.<\/a><\/div>\n<div style=\"font-size:13px;color:#534438;line-height:20px;\"><\/div>\n<p style=\"font-size:13px;color:#534438;line-height:20px;\"><a style=\"color:#cc2979;text-decoration:none\" href=\"https:\/\/www.facebook.com\/events\/371492716676554\/\">https:\/\/www.facebook.com\/events\/371492716676554\/<\/a><\/p>\n<\/td>\n<td valign=\"top\"><\/td>\n<\/tr>\n<\/table>\n<\/td>\n<\/tr>\n<\/table>\n<\/td>\n<\/tr>\n<\/table>\n<table width=\"100%\" cellpadding=\"0\" cellspacing=\"0\">\n<tr>\n<td style=\"padding:10px 30px\">\n<table width=\"100%\" cellpadding=\"0\" cellspacing=\"0\">\n<tr>\n<td width=\"52\" valign=\"top\"><img loading=\"lazy\" decoding=\"async\" src=\"http:\/\/dublineventguide.com\/dff\/admin\/images\/categories\/ACTIVITY.png\" width=\"32\" height=\"32\" \/><\/td>\n<td>\n<h2 style=\"font-size:16px;color:#534438;margin:0 0 5px;font-weight:normal\">Secrets of the master painters &#8211; Tour<\/h2>\n<h3 style=\"font-size:13px;margin:0;padding:0;line-height:16px;color:#534438;\">13:30 &#8211; 14:15, Sun 10 Jun<\/h3>\n<p style=\"font-size:13px;color:#534438;line-height:20px;margin:0;padding-top:0;\">National Gallery, Merrion Square West, Dublin 2 <\/p>\n<table width=\"100%\" cellspacing=\"0\" cellpadding=\"0\">\n<tr>\n<td valign=\"top\">\n<div style=\"font-size:13px;color:#534438;line-height:20px;\">\n<p style=\"margin:10px 0;\">The Tour &#8220;Secrets of the master painters&#8221; will take place in the National Gallery.<\/a><\/p>\n<p style=\"margin:10px 0;\">Have you ever wondered how artists solve the problem of creating a three-dimensional world on a flat surface? Join art historian Valerie Moffat for this tour exploring selected artworks in the collection and revealing the secrets of the masters.<\/a><\/p>\n<p style=\"margin:10px 0;\">Admission is free. <\/a><\/div>\n<div style=\"font-size:13px;color:#534438;line-height:20px;\"><\/div>\n<p style=\"font-size:13px;color:#534438;line-height:20px;\"><a style=\"color:#cc2979;text-decoration:none\" href=\"https:\/\/www.nationalgallery.ie\/secrets-master-painters\">https:\/\/www.nationalgallery.ie\/secrets-master-painters<\/a><\/p>\n<\/td>\n<td valign=\"top\"><\/td>\n<\/tr>\n<\/table>\n<\/td>\n<\/tr>\n<\/table>\n<\/td>\n<\/tr>\n<\/table>\n<table width=\"100%\" cellpadding=\"0\" cellspacing=\"0\">\n<tr>\n<td style=\"padding:10px 30px\">\n<table width=\"100%\" cellpadding=\"0\" cellspacing=\"0\">\n<tr>\n<td width=\"52\" valign=\"top\"><img loading=\"lazy\" decoding=\"async\" src=\"http:\/\/dublineventguide.com\/dff\/admin\/images\/categories\/MUSIC.png\" width=\"32\" height=\"32\" \/><\/td>\n<td>\n<h2 style=\"font-size:16px;color:#534438;margin:0 0 5px;font-weight:normal\">Soul &#038; Jazz With Raimonda<\/h2>\n<h3 style=\"font-size:13px;margin:0;padding:0;line-height:16px;color:#534438;\">13:30 &#8211; 16:00, Sun 10 Jun<\/h3>\n<p style=\"font-size:13px;color:#534438;line-height:20px;margin:0;padding-top:0;\">Oscar&#8217;s Cafe Bar, Smithfield Square, Dublin 7<\/p>\n<table width=\"100%\" cellspacing=\"0\" cellpadding=\"0\">\n<tr>\n<td valign=\"top\">\n<div style=\"font-size:13px;color:#534438;line-height:20px;\">\n<p style=\"margin:10px 0;\">Raimonda Masiulyte will sing Soul and Jazz at this weekly gig. She will be backed by Eamonn Moran on guitar.<\/a><\/p>\n<p style=\"margin:10px 0;\">Admission is free.<\/a><\/p>\n<p style=\"margin:10px 0;\"> <\/a><\/div>\n<div style=\"font-size:13px;color:#534438;line-height:20px;\"><\/div>\n<p style=\"font-size:13px;color:#534438;line-height:20px;\"><a style=\"color:#cc2979;text-decoration:none\" href=\"https:\/\/www.jazzireland.ie\/jazz-events\/gig\/1787-soul-jazz-with-raimonda.html\">https:\/\/www.jazzireland.ie\/jazz-events\/gig\/1787-soul-jazz-with-raimonda.html<\/a><\/p>\n<\/td>\n<td valign=\"top\"><\/td>\n<\/tr>\n<\/table>\n<\/td>\n<\/tr>\n<\/table>\n<\/td>\n<\/tr>\n<\/table>\n<table width=\"100%\" cellpadding=\"0\" cellspacing=\"0\">\n<tr>\n<td style=\"padding:10px 30px\">\n<table width=\"100%\" cellpadding=\"0\" cellspacing=\"0\">\n<tr>\n<td width=\"52\" valign=\"top\"><img loading=\"lazy\" decoding=\"async\" src=\"http:\/\/dublineventguide.com\/dff\/admin\/images\/categories\/FILM.png\" width=\"32\" height=\"32\" \/><\/td>\n<td>\n<h2 style=\"font-size:16px;color:#534438;margin:0 0 5px;font-weight:normal\">The Peace People &#8211; Film Screening<\/h2>\n<h3 style=\"font-size:13px;margin:0;padding:0;line-height:16px;color:#534438;\">13:30, Sun 10 Jun<\/h3>\n<p style=\"font-size:13px;color:#534438;line-height:20px;margin:0;padding-top:0;\">Hugh Lane Gallery, Parnell Square North, Dublin 1 <\/p>\n<table width=\"100%\" cellspacing=\"0\" cellpadding=\"0\">\n<tr>\n<td valign=\"top\">\n<div style=\"font-size:13px;color:#534438;line-height:20px;\">\n<p style=\"margin:10px 0;\">The screening of the film &#8220;The Peace People&#8221; (Dir. Trevor Birney, 2017) will take place in the Hugh Lane Gallery. <\/a><\/p>\n<p style=\"margin:10px 0;\">This film explores the role of the community grassroots initiative for peace led by Mairead Corrigan Maguire, Betty Williams and Ciaran McKeown. The screening will include an introduction by the film\u2019s producer Stephen Douds and followed by Q&#038;A.<\/a><\/p>\n<p style=\"margin:10px 0;\">Admission is free. <\/a><\/div>\n<div style=\"font-size:13px;color:#534438;line-height:20px;\"><\/div>\n<p style=\"font-size:13px;color:#534438;line-height:20px;\"><a style=\"color:#cc2979;text-decoration:none\" href=\"http:\/\/www.hughlane.ie\/lectures\/lectures-past\/2102-film-screening-the-peace-people\">http:\/\/www.hughlane.ie\/lectures\/lectures-past\/2102-film-screening-the-peace-people<\/a><\/p>\n<\/td>\n<td valign=\"top\"><\/td>\n<\/tr>\n<\/table>\n<\/td>\n<\/tr>\n<\/table>\n<\/td>\n<\/tr>\n<\/table>\n<table width=\"100%\" cellpadding=\"0\" cellspacing=\"0\">\n<tr>\n<td style=\"padding:10px 30px\">\n<table width=\"100%\" cellpadding=\"0\" cellspacing=\"0\">\n<tr>\n<td width=\"52\" valign=\"top\"><img loading=\"lazy\" decoding=\"async\" src=\"http:\/\/dublineventguide.com\/dff\/admin\/images\/categories\/ART.png\" width=\"32\" height=\"32\" \/><\/td>\n<td>\n<h2 style=\"font-size:16px;color:#534438;margin:0 0 5px;font-weight:normal\">Dublin Sketchers &#8211; Sunday Meet-up<\/h2>\n<h3 style=\"font-size:13px;margin:0;padding:0;line-height:16px;color:#534438;\"><img loading=\"lazy\" decoding=\"async\" src=\"http:\/\/dublineventguide.com\/dff\/admin\/images\/weekly.png\" width=\"69\" height=\"16\" style=\"display:inline;float:left;\" \/> 14:00, Sun 10 Jun<\/h3>\n<p style=\"font-size:13px;color:#534438;line-height:20px;margin:0;padding-top:0;\">Dublin (various locations) <\/p>\n<table width=\"100%\" cellspacing=\"0\" cellpadding=\"0\">\n<tr>\n<td valign=\"top\">\n<div style=\"font-size:13px;color:#534438;line-height:20px;\">\n<p style=\"margin:10px 0;\">The &#8220;Dublin Sketchers&#8221; is an informal group of (hobby) artists who go somewhere different in Dublin every Sunday (e.g. National Museum, Maritime Museum, Dublin Flea Market, Farmleigh, Botanic Gardens, Dublin Castle, Science Gallery, &#8230;), sketch for one to two hours and then meet up for coffee afterwards and discuss their sketches.<\/a><\/p>\n<p>There are some hugely talented people among them and it is a great idea to meet up with others who have the same hobby. Find out on their website below or on their <a href=\"https:\/\/www.facebook.com\/dublin.sketchers\" target=\"_blank\" style=\"color:#cc2979;text-decoration:none;\">Facebook Page<\/a> where they will meet and join them if you do some sketching\/drawing yourself. I know that the Dublin Sketchers often use the Dublin Event Guide to find interesting free events and I am delighted to be able to help!<\/p>\n<\/div>\n<div style=\"font-size:13px;color:#534438;line-height:20px;\"><\/div>\n<p style=\"font-size:13px;color:#534438;line-height:20px;\"><a style=\"color:#cc2979;text-decoration:none\" href=\"http:\/\/www.dublinsketchers.blogspot.com\/\">http:\/\/www.dublinsketchers.blogspot.com\/<\/a><\/p>\n<\/td>\n<td valign=\"top\"><\/td>\n<\/tr>\n<\/table>\n<\/td>\n<\/tr>\n<\/table>\n<\/td>\n<\/tr>\n<\/table>\n<table width=\"100%\" cellpadding=\"0\" cellspacing=\"0\">\n<tr>\n<td style=\"padding:10px 30px\">\n<table width=\"100%\" cellpadding=\"0\" cellspacing=\"0\">\n<tr>\n<td width=\"52\" valign=\"top\"><img loading=\"lazy\" decoding=\"async\" src=\"http:\/\/dublineventguide.com\/dff\/admin\/images\/categories\/ACTIVITY.png\" width=\"32\" height=\"32\" \/><\/td>\n<td>\n<h2 style=\"font-size:16px;color:#534438;margin:0 0 5px;font-weight:normal\">Hugh Lane Gallery &#8211; Guided Tour <\/h2>\n<h3 style=\"font-size:13px;margin:0;padding:0;line-height:16px;color:#534438;\"><img loading=\"lazy\" decoding=\"async\" src=\"http:\/\/dublineventguide.com\/dff\/admin\/images\/weekly.png\" width=\"69\" height=\"16\" style=\"display:inline;float:left;\" \/> 14:00, Sun 10 Jun<\/h3>\n<p style=\"font-size:13px;color:#534438;line-height:20px;margin:0;padding-top:0;\">Hugh Lane Gallery, Parnell Square North, Dublin 1 <\/p>\n<table width=\"100%\" cellspacing=\"0\" cellpadding=\"0\">\n<tr>\n<td valign=\"top\">\n<div style=\"font-size:13px;color:#534438;line-height:20px;\">\n<p style=\"margin:10px 0;\">Every Sunday a free tour takes place in the Hugh Lane Gallery.<\/a><\/p>\n<p style=\"margin:10px 0;\">Admission is free and booking is not required, but places are limited, so early arrival is recommended.<\/a><\/div>\n<div style=\"font-size:13px;color:#534438;line-height:20px;\"><\/div>\n<p style=\"font-size:13px;color:#534438;line-height:20px;\"><a style=\"color:#cc2979;text-decoration:none\" href=\"http:\/\/www.hughlane.ie\/lectures\/current\/1431-free-sunday-tours-at-2pm-2016\">http:\/\/www.hughlane.ie\/lectures\/current\/1431-free-sunday-tours-at-2pm-2016<\/a><\/p>\n<\/td>\n<td valign=\"top\"><\/td>\n<\/tr>\n<\/table>\n<\/td>\n<\/tr>\n<\/table>\n<\/td>\n<\/tr>\n<\/table>\n<table width=\"100%\" cellpadding=\"0\" cellspacing=\"0\">\n<tr>\n<td style=\"padding:10px 30px\">\n<table width=\"100%\" cellpadding=\"0\" cellspacing=\"0\">\n<tr>\n<td width=\"52\" valign=\"top\"><img loading=\"lazy\" decoding=\"async\" src=\"http:\/\/dublineventguide.com\/dff\/admin\/images\/categories\/MUSIC.png\" width=\"32\" height=\"32\" \/><\/td>\n<td>\n<h2 style=\"font-size:16px;color:#534438;margin:0 0 5px;font-weight:normal\">Stella Bass Jazz Trio<\/h2>\n<h3 style=\"font-size:13px;margin:0;padding:0;line-height:16px;color:#534438;\"><img loading=\"lazy\" decoding=\"async\" src=\"http:\/\/dublineventguide.com\/dff\/admin\/images\/weekly.png\" width=\"69\" height=\"16\" style=\"display:inline;float:left;\" \/> 14:00 &#8211; 16:00, Sun 10 Jun<\/h3>\n<p style=\"font-size:13px;color:#534438;line-height:20px;margin:0;padding-top:0;\">Caf\u00e9 en Seine, Dawson Street, Dublin 2<\/p>\n<table width=\"100%\" cellspacing=\"0\" cellpadding=\"0\">\n<tr>\n<td valign=\"top\">\n<div style=\"font-size:13px;color:#534438;line-height:20px;\">\n<p>Afternoon Jazz in Caf\u00e9 en Seine. The Stella Bass Jazz Trio play every Sunday from 14:00-16:00 in Caf\u00e9 en Seine in Dawson Street. Admission is free. A video is here <a href=\"http:\/\/www.youtube.com\/watch?v=l8aKqtOB5S8\" style=\"color:#cc2979;text-decoration:none;\">http:\/\/www.youtube.com\/watch?v=l8aKqtOB5S8<\/a> <\/p>\n<\/div>\n<div style=\"font-size:13px;color:#534438;line-height:20px;\"><\/div>\n<p style=\"font-size:13px;color:#534438;line-height:20px;\"><a style=\"color:#cc2979;text-decoration:none\" href=\"http:\/\/www.stellabass.com\">http:\/\/www.stellabass.com<\/a><\/p>\n<\/td>\n<td valign=\"top\"><\/td>\n<\/tr>\n<\/table>\n<\/td>\n<\/tr>\n<\/table>\n<\/td>\n<\/tr>\n<\/table>\n<table width=\"100%\" cellpadding=\"0\" cellspacing=\"0\">\n<tr>\n<td style=\"padding:10px 30px\">\n<table width=\"100%\" cellpadding=\"0\" cellspacing=\"0\">\n<tr>\n<td width=\"52\" valign=\"top\"><img loading=\"lazy\" decoding=\"async\" src=\"http:\/\/dublineventguide.com\/dff\/admin\/images\/categories\/ACTIVITY.png\" width=\"32\" height=\"32\" \/><\/td>\n<td>\n<h2 style=\"font-size:16px;color:#534438;margin:0 0 5px;font-weight:normal\">Thai Cultural Day &#8211; Chester Beatty Library<\/h2>\n<h3 style=\"font-size:13px;margin:0;padding:0;line-height:16px;color:#534438;\">14:00, Sun 10 Jun<\/h3>\n<p style=\"font-size:13px;color:#534438;line-height:20px;margin:0;padding-top:0;\">Chester Beatty Library, Gardens of Dublin Castle, Dublin 2<\/p>\n<table width=\"100%\" cellspacing=\"0\" cellpadding=\"0\">\n<tr>\n<td valign=\"top\">\n<div style=\"font-size:13px;color:#534438;line-height:20px;\">\n<p style=\"margin:10px 0;\">A Thai Cultural Day is taking place in the Chester Beatty Library on Sunday.<\/a><\/p>\n<p style=\"margin:10px 0;\">Hear some stories inspired by the Jataka tales found in the Library\u2019s Thai collection, take a copy of a gallery trail or partake in the drop-in family workshop. Complementary copies of Temyia the Mute Prince story for children will be available for visitors.<\/a><\/p>\n<p style=\"margin:10px 0;\">Admission is free. <\/a><\/div>\n<div style=\"font-size:13px;color:#534438;line-height:20px;\"><\/div>\n<p style=\"font-size:13px;color:#534438;line-height:20px;\"><a style=\"color:#cc2979;text-decoration:none\" href=\"https:\/\/cbl.ticketsolve.com\/shows\/1173587952\">https:\/\/cbl.ticketsolve.com\/shows\/1173587952<\/a><\/p>\n<\/td>\n<td valign=\"top\"><\/td>\n<\/tr>\n<\/table>\n<\/td>\n<\/tr>\n<\/table>\n<\/td>\n<\/tr>\n<\/table>\n<table width=\"100%\" cellpadding=\"0\" cellspacing=\"0\">\n<tr>\n<td style=\"padding:10px 30px\">\n<table width=\"100%\" cellpadding=\"0\" cellspacing=\"0\">\n<tr>\n<td width=\"52\" valign=\"top\"><img loading=\"lazy\" decoding=\"async\" src=\"http:\/\/dublineventguide.com\/dff\/admin\/images\/categories\/DANCE.png\" width=\"32\" height=\"32\" \/><\/td>\n<td>\n<h2 style=\"font-size:16px;color:#534438;margin:0 0 5px;font-weight:normal\">Bal Folk &#8211; European Folk Dance Session<\/h2>\n<h3 style=\"font-size:13px;margin:0;padding:0;line-height:16px;color:#534438;\">15:00 &#8211; 18:00, Sun 10 Jun<\/h3>\n<p style=\"font-size:13px;color:#534438;line-height:20px;margin:0;padding-top:0;\">Bandstand (behind the Tea Room, near the Zoo), Phoenix Park, Dublin 8<\/p>\n<table width=\"100%\" cellspacing=\"0\" cellpadding=\"0\">\n<tr>\n<td valign=\"top\">\n<div style=\"font-size:13px;color:#534438;line-height:20px;\">\n<p style=\"margin:10px 0;\">Balfold Dublin will migrate to Phoenix Park on this sunny weekend. You will find them at the bandstand near the tea rooms. <\/a><\/p>\n<p style=\"margin:10px 0;\">Travel around European traditional dancing culture without a ticket at the weekly Bal Folk Dance Sessions.<\/a><\/p>\n<p style=\"margin:10px 0;\">And if you don&#8217;t know how to dance, don&#8217;t worry! Workshops are provided and admission is free. Donations are appreciated.<\/a><\/p>\n<p style=\"margin:10px 0;\">The event takes place every Sunday.<\/a><\/div>\n<div style=\"font-size:13px;color:#534438;line-height:20px;\"><\/div>\n<p style=\"font-size:13px;color:#534438;line-height:20px;\"><a style=\"color:#cc2979;text-decoration:none\" href=\"https:\/\/www.facebook.com\/events\/1854343454861059\/\">https:\/\/www.facebook.com\/events\/1854343454861059\/<\/a><\/p>\n<\/td>\n<td valign=\"top\"><\/td>\n<\/tr>\n<\/table>\n<\/td>\n<\/tr>\n<\/table>\n<\/td>\n<\/tr>\n<\/table>\n<table width=\"100%\" cellpadding=\"0\" cellspacing=\"0\">\n<tr>\n<td style=\"padding:10px 30px\">\n<table width=\"100%\" cellpadding=\"0\" cellspacing=\"0\">\n<tr>\n<td width=\"52\" valign=\"top\"><img loading=\"lazy\" decoding=\"async\" src=\"http:\/\/dublineventguide.com\/dff\/admin\/images\/categories\/LITERATURE.png\" width=\"32\" height=\"32\" \/><\/td>\n<td>\n<h2 style=\"font-size:16px;color:#534438;margin:0 0 5px;font-weight:normal\">Bloomsday Events at James Joyce Tower and Museum<\/h2>\n<h3 style=\"font-size:13px;margin:0;padding:0;line-height:16px;color:#534438;\">15:00, Sun 10 Jun<\/h3>\n<p style=\"font-size:13px;color:#534438;line-height:20px;margin:0;padding-top:0;\">James Joyce Museum, Joyce Tower, Sandycove , Co. Dublin<\/p>\n<table width=\"100%\" cellspacing=\"0\" cellpadding=\"0\">\n<tr>\n<td valign=\"top\">\n<div style=\"font-size:13px;color:#534438;line-height:20px;\">\n<p style=\"margin:10px 0;\">Bloomsday is around the corner again. The James Joyce inspired day that causes major palpitations for Joyce fans and doesn&#8217;t move the rest in the slightest. The festival runs from Monday 11 June &#8211; Saturday 16 June with the main Bloomsday on Saturday 16 June.<\/a><\/p>\n<p style=\"margin:10px 0;\">There are plenty of events happening during the week, but nearly all of them are not free, some even quite pricey. Maybe that is an indication about the affluence of the audience that is Bloomsday mad?<\/a><\/p>\n<p style=\"margin:10px 0;\">Luckily there is one glorious exception! The James Joyce Museum in the James Joyce Tower in Sandycove will have a whole range events that are all free of charge.<\/a><\/p>\n<p style=\"margin:10px 0;\">The events are listed here:<\/a><\/p>\n<p>Sat 09 Jun: Actress Caitriona Ni Threasaigh presents her own performance of Molly Bloom at 14:00 and 16:00.<br \/>Sun 10 Jun: Performance at 15:00 by Irish tenor and Joycean music specialist Noel O\u2019Grady. <br \/>Mon 11 Jun: Hourly guided tours of the museum by volunteers (10:00-18:00)<br \/>Tue 12 Jun: Hourly guided tours of the museum by volunteers (10:00-18:00)<br \/>Wed 13 Jun: Hourly guided tours of the museum by volunteers (10:00-18:00)<br \/>Thu 14 Jun: Aidan Coleman presents his musical odyssey through Joyce\u2019s life and works at 12:00 and 15: 00<br \/>Fri 15 Jun: Darina Gallagher and Sinead Murphy will perform Joycean songs from 14:00<br \/>sat 16 Jun: The Tower opens at 08:00 for a day of Bloomsday festivities. Actor Bryan Murray reads excerpts from Ulysses at intervals over the morning and early afternoon, with occasional performances by Caitriona Ni Threaisaigh and Mary Pat Moloney and traditional contributions by Joycean pilgrims and the visiting public throughout the day.<\/p>\n<p style=\"margin:10px 0;\">&#8212;&#8212;<\/a><\/p>\n<p style=\"margin:10px 0;\">Admission to all events is free!<\/a><\/p>\n<p style=\"margin:10px 0;\"> <\/a><\/p>\n<p style=\"margin:10px 0;\"> <\/a><\/div>\n<div style=\"font-size:13px;color:#534438;line-height:20px;\"><\/div>\n<p style=\"font-size:13px;color:#534438;line-height:20px;\"><a style=\"color:#cc2979;text-decoration:none\" href=\"http:\/\/www.bloomsdayfestival.ie\/bloomsday-2018-programme\/2018\/6\/16\/bloomsday-at-the-james-joyce-tower-and-museum-sandycove\">http:\/\/www.bloomsdayfestival.ie\/bloomsday-2018-programme\/2018\/6\/16\/bloomsday-at-the-james-joyce-tower-and-museum-sandycove<\/a><\/p>\n<\/td>\n<td valign=\"top\"><\/td>\n<\/tr>\n<\/table>\n<\/td>\n<\/tr>\n<\/table>\n<\/td>\n<\/tr>\n<\/table>\n<table width=\"100%\" cellpadding=\"0\" cellspacing=\"0\">\n<tr>\n<td style=\"padding:10px 30px\">\n<table width=\"100%\" cellpadding=\"0\" cellspacing=\"0\">\n<tr>\n<td width=\"52\" valign=\"top\"><img loading=\"lazy\" decoding=\"async\" src=\"http:\/\/dublineventguide.com\/dff\/admin\/images\/categories\/MUSIC.png\" width=\"32\" height=\"32\" \/><\/td>\n<td>\n<h2 style=\"font-size:16px;color:#534438;margin:0 0 5px;font-weight:normal\">Cantairi Oga Atha Cliath &#8211; Summer Choral Concert<\/h2>\n<h3 style=\"font-size:13px;margin:0;padding:0;line-height:16px;color:#534438;\">15:00 &#8211; 16:00, Sun 10 Jun<\/h3>\n<p style=\"font-size:13px;color:#534438;line-height:20px;margin:0;padding-top:0;\">Rathmines Church, 52 Lower Rathmines Road, Rathmines, Dublin 6<\/p>\n<table width=\"100%\" cellspacing=\"0\" cellpadding=\"0\">\n<tr>\n<td valign=\"top\">\n<div style=\"font-size:13px;color:#534438;line-height:20px;\">\n<p style=\"margin:10px 0;\">This is an afternoon of choral music by the choirs of Cantairi Oga Atha Cliath in Rathmines Church.<\/a><\/p>\n<p style=\"margin:10px 0;\">Admission is free and donations will be appreciated. <\/a><\/div>\n<div style=\"font-size:13px;color:#534438;line-height:20px;\"><\/div>\n<p style=\"font-size:13px;color:#534438;line-height:20px;\"><a style=\"color:#cc2979;text-decoration:none\" href=\"https:\/\/www.facebook.com\/events\/1758493207576574\/\">https:\/\/www.facebook.com\/events\/1758493207576574\/<\/a><\/p>\n<\/td>\n<td valign=\"top\"><\/td>\n<\/tr>\n<\/table>\n<\/td>\n<\/tr>\n<\/table>\n<\/td>\n<\/tr>\n<\/table>\n<table width=\"100%\" cellpadding=\"0\" cellspacing=\"0\">\n<tr>\n<td style=\"padding:10px 30px\">\n<table width=\"100%\" cellpadding=\"0\" cellspacing=\"0\">\n<tr>\n<td width=\"52\" valign=\"top\"><img loading=\"lazy\" decoding=\"async\" src=\"http:\/\/dublineventguide.com\/dff\/admin\/images\/categories\/ACTIVITY.png\" width=\"32\" height=\"32\" \/><\/td>\n<td>\n<h2 style=\"font-size:16px;color:#534438;margin:0 0 5px;font-weight:normal\">Chester Beatty Library &#8211; Guided Tour<\/h2>\n<h3 style=\"font-size:13px;margin:0;padding:0;line-height:16px;color:#534438;\"><img loading=\"lazy\" decoding=\"async\" src=\"http:\/\/dublineventguide.com\/dff\/admin\/images\/weekly.png\" width=\"69\" height=\"16\" style=\"display:inline;float:left;\" \/> 15:00, Sun 10 Jun<\/h3>\n<p style=\"font-size:13px;color:#534438;line-height:20px;margin:0;padding-top:0;\">Chester Beatty Library, Gardens of Dublin Castle, Dublin 2<\/p>\n<table width=\"100%\" cellspacing=\"0\" cellpadding=\"0\">\n<tr>\n<td valign=\"top\">\n<div style=\"font-size:13px;color:#534438;line-height:20px;\">\n<p style=\"margin:10px 0;\">Every Sunday a free guided tour will take place in the Chester Betty Library. The tour starts at 15:00.<\/a><\/p>\n<p style=\"margin:10px 0;\">In addition there is another free tour every Wednesday at 13:00 and one on Saturdays at 14:00<\/a><\/div>\n<div style=\"font-size:13px;color:#534438;line-height:20px;\"><\/div>\n<p style=\"font-size:13px;color:#534438;line-height:20px;\"><a style=\"color:#cc2979;text-decoration:none\" href=\"http:\/\/www.cbl.ie\/Plan-A-Visit\/What-s-On.aspx\">http:\/\/www.cbl.ie\/Plan-A-Visit\/What-s-On.aspx<\/a><\/p>\n<\/td>\n<td valign=\"top\"><\/td>\n<\/tr>\n<\/table>\n<\/td>\n<\/tr>\n<\/table>\n<\/td>\n<\/tr>\n<\/table>\n<table width=\"100%\" cellpadding=\"0\" cellspacing=\"0\">\n<tr>\n<td style=\"padding:10px 30px\">\n<table width=\"100%\" cellpadding=\"0\" cellspacing=\"0\">\n<tr>\n<td width=\"52\" valign=\"top\"><img loading=\"lazy\" decoding=\"async\" src=\"http:\/\/dublineventguide.com\/dff\/admin\/images\/categories\/ACTIVITY.png\" width=\"32\" height=\"32\" \/><\/td>\n<td>\n<h2 style=\"font-size:16px;color:#534438;margin:0 0 5px;font-weight:normal\">Life in Victorian Ireland &#8211; Hands on History activity<\/h2>\n<h3 style=\"font-size:13px;margin:0;padding:0;line-height:16px;color:#534438;\">15:00 &#8211; 16:00, Sun 10 Jun<\/h3>\n<p style=\"font-size:13px;color:#534438;line-height:20px;margin:0;padding-top:0;\">National Museum, Collins Barracks (Decorative Arts &#038; History), 7 Benburb Street, Dublin 7<\/p>\n<table width=\"100%\" cellspacing=\"0\" cellpadding=\"0\">\n<tr>\n<td valign=\"top\">\n<div style=\"font-size:13px;color:#534438;line-height:20px;\">\n<p style=\"margin:10px 0;\">At this Hands on History Drop-in event &#8220;Life in Victorian Ireland&#8221;, find answers to these questions: What did women wear when visiting friends for tea 150 years ago? How did we make tea before the invention of the tea bag? What were soldiers&#8217; uniforms like to wear, and why did some soldiers&#8217; helmets have a spike?<\/a><\/p>\n<p style=\"margin:10px 0;\">Drop in and explore the fascinating objects from the Museum\u2019s collection for handling relating to life in 19th century Ireland.<\/a><\/p>\n<p style=\"margin:10px 0;\">Admission is free. Suitable for all ages. <\/a><\/div>\n<div style=\"font-size:13px;color:#534438;line-height:20px;\"><\/div>\n<p style=\"font-size:13px;color:#534438;line-height:20px;\"><a style=\"color:#cc2979;text-decoration:none\" href=\"https:\/\/www.museum.ie\/Visit-Us\/Events?id=3669\">https:\/\/www.museum.ie\/Visit-Us\/Events?id=3669<\/a><\/p>\n<\/td>\n<td valign=\"top\"><\/td>\n<\/tr>\n<\/table>\n<\/td>\n<\/tr>\n<\/table>\n<\/td>\n<\/tr>\n<\/table>\n<table width=\"100%\" cellpadding=\"0\" cellspacing=\"0\">\n<tr>\n<td style=\"padding:10px 30px\">\n<table width=\"100%\" cellpadding=\"0\" cellspacing=\"0\">\n<tr>\n<td width=\"52\" valign=\"top\"><img loading=\"lazy\" decoding=\"async\" src=\"http:\/\/dublineventguide.com\/dff\/admin\/images\/categories\/ACTIVITY.png\" width=\"32\" height=\"32\" \/><\/td>\n<td>\n<h2 style=\"font-size:16px;color:#534438;margin:0 0 5px;font-weight:normal\">Museum Tour &#8211; National Print Museum<\/h2>\n<h3 style=\"font-size:13px;margin:0;padding:0;line-height:16px;color:#534438;\"><img loading=\"lazy\" decoding=\"async\" src=\"http:\/\/dublineventguide.com\/dff\/admin\/images\/weekly.png\" width=\"69\" height=\"16\" style=\"display:inline;float:left;\" \/> 15:00 &#8211; 16:30, Sun 10 Jun<\/h3>\n<p style=\"font-size:13px;color:#534438;line-height:20px;margin:0;padding-top:0;\">National Print Museum, Beggars Bush, Haddington Road, Dublin 4 <\/p>\n<table width=\"100%\" cellspacing=\"0\" cellpadding=\"0\">\n<tr>\n<td valign=\"top\">\n<div style=\"font-size:13px;color:#534438;line-height:20px;\">\n<p style=\"margin:10px 0;\">Unlike the three branches of the National Museum, the National Print Museum is normally not free, but every Sunday there is a free public tour for the next few weeks. Every visit begins with a short audio-visual presentation where the audience can observe active retired printers providing practical demonstrations of machines from the Museum\u2019s collection.<\/a><\/div>\n<div style=\"font-size:13px;color:#534438;line-height:20px;\"><\/div>\n<p style=\"font-size:13px;color:#534438;line-height:20px;\"><a style=\"color:#cc2979;text-decoration:none\" href=\"http:\/\/www.nationalprintmuseum.ie\/guided-tours.html\">http:\/\/www.nationalprintmuseum.ie\/guided-tours.html<\/a><\/p>\n<\/td>\n<td valign=\"top\"><\/td>\n<\/tr>\n<\/table>\n<\/td>\n<\/tr>\n<\/table>\n<\/td>\n<\/tr>\n<\/table>\n<table width=\"100%\" cellpadding=\"0\" cellspacing=\"0\">\n<tr>\n<td style=\"padding:10px 30px\">\n<table width=\"100%\" cellpadding=\"0\" cellspacing=\"0\">\n<tr>\n<td width=\"52\" valign=\"top\"><img loading=\"lazy\" decoding=\"async\" src=\"http:\/\/dublineventguide.com\/dff\/admin\/images\/categories\/KIDS.png\" width=\"32\" height=\"32\" \/><\/td>\n<td>\n<h2 style=\"font-size:16px;color:#534438;margin:0 0 5px;font-weight:normal\">Sunday Family Sketching &#8211; Hugh Lane Gallery<\/h2>\n<h3 style=\"font-size:13px;margin:0;padding:0;line-height:16px;color:#534438;\">15:00 &#8211; 16:00, Sun 10 Jun<\/h3>\n<p style=\"font-size:13px;color:#534438;line-height:20px;margin:0;padding-top:0;\">Hugh Lane Gallery, Parnell Square North, Dublin 1 <\/p>\n<table width=\"100%\" cellspacing=\"0\" cellpadding=\"0\">\n<tr>\n<td valign=\"top\">\n<div style=\"font-size:13px;color:#534438;line-height:20px;\">\n<p style=\"margin:10px 0;\">Sunday Sketching for the whole family takes place every Sunday in the Hugh Lane Gallery and admission is free.<\/a><\/p>\n<p style=\"margin:10px 0;\">Families are invited to explore and respond together the gallery&#8217;s collection and temporary exhibitions through discussion and drawing. Bring your own sketchbook along or use the drawing materials provided.<\/a><\/p>\n<p style=\"margin:10px 0;\">Admission is free and no booking required, although numbers may be limited. Suited for ages 6+.<\/a><\/p>\n<p style=\"margin:10px 0;\"> <\/a><\/div>\n<div style=\"font-size:13px;color:#534438;line-height:20px;\"><\/div>\n<p style=\"font-size:13px;color:#534438;line-height:20px;\"><a style=\"color:#cc2979;text-decoration:none\" href=\"http:\/\/www.hughlane.ie\/childrens-workshops\/forthcoming\/2068-sunday-sketching-townscapes-and-landscapes\">http:\/\/www.hughlane.ie\/childrens-workshops\/forthcoming\/2068-sunday-sketching-townscapes-and-landscapes<\/a><\/p>\n<\/td>\n<td valign=\"top\"><\/td>\n<\/tr>\n<\/table>\n<\/td>\n<\/tr>\n<\/table>\n<\/td>\n<\/tr>\n<\/table>\n<table width=\"100%\" cellpadding=\"0\" cellspacing=\"0\">\n<tr>\n<td style=\"padding:10px 30px\">\n<table width=\"100%\" cellpadding=\"0\" cellspacing=\"0\">\n<tr>\n<td width=\"52\" valign=\"top\"><img loading=\"lazy\" decoding=\"async\" src=\"http:\/\/dublineventguide.com\/dff\/admin\/images\/categories\/ACTIVITY.png\" width=\"32\" height=\"32\" \/><\/td>\n<td>\n<h2 style=\"font-size:16px;color:#534438;margin:0 0 5px;font-weight:normal\">The Bog Bodies &#8211; Tour<\/h2>\n<h3 style=\"font-size:13px;margin:0;padding:0;line-height:16px;color:#534438;\">15:00 &#8211; 15:45, Sun 10 Jun<\/h3>\n<p style=\"font-size:13px;color:#534438;line-height:20px;margin:0;padding-top:0;\">National Museum, Kildare Street (Archaeology), Dublin 2 <\/p>\n<table width=\"100%\" cellspacing=\"0\" cellpadding=\"0\">\n<tr>\n<td valign=\"top\">\n<div style=\"font-size:13px;color:#534438;line-height:20px;\">\n<p style=\"margin:10px 0;\">During the tour &#8220;The Bog Bodies&#8221; you will examine Iron Age finds from Ireland\u2019s wetlands including bog butter and the mysterious 2,000 year-old bog bodies.<\/a><\/p>\n<p style=\"margin:10px 0;\">Admission is free. Places are allocated on a first come first served basis, meet at the reception. Suitable for adults and children age 12+.<\/a><\/div>\n<div style=\"font-size:13px;color:#534438;line-height:20px;\"><\/div>\n<p style=\"font-size:13px;color:#534438;line-height:20px;\"><a style=\"color:#cc2979;text-decoration:none\" href=\"https:\/\/www.museum.ie\/Visit-Us\/Events?id=3656\">https:\/\/www.museum.ie\/Visit-Us\/Events?id=3656<\/a><\/p>\n<\/td>\n<td valign=\"top\"><\/td>\n<\/tr>\n<\/table>\n<\/td>\n<\/tr>\n<\/table>\n<\/td>\n<\/tr>\n<\/table>\n<table width=\"100%\" cellpadding=\"0\" cellspacing=\"0\">\n<tr>\n<td style=\"padding:10px 30px\">\n<table width=\"100%\" cellpadding=\"0\" cellspacing=\"0\">\n<tr>\n<td width=\"52\" valign=\"top\"><img loading=\"lazy\" decoding=\"async\" src=\"http:\/\/dublineventguide.com\/dff\/admin\/images\/categories\/TALKS.png\" width=\"32\" height=\"32\" \/><\/td>\n<td>\n<h2 style=\"font-size:16px;color:#534438;margin:0 0 5px;font-weight:normal\">The Celts and Trees &#8211; Talk<\/h2>\n<h3 style=\"font-size:13px;margin:0;padding:0;line-height:16px;color:#534438;\">15:00, Sun 10 Jun<\/h3>\n<p style=\"font-size:13px;color:#534438;line-height:20px;margin:0;padding-top:0;\">Phoenix Park Visitor Centre, Phoenix Park, Dublin 8<\/p>\n<table width=\"100%\" cellspacing=\"0\" cellpadding=\"0\">\n<tr>\n<td valign=\"top\">\n<div style=\"font-size:13px;color:#534438;line-height:20px;\">\n<p style=\"margin:10px 0;\">&#8220;The Celts and Trees&#8221; is the topic of a talk (and maybe walk?). It will look at the conection between humans and trees including folklore, medicinal and Brehon law. <\/a><\/p>\n<p style=\"margin:10px 0;\">Admission is free. For bookings, call 01-6770095<\/a><\/div>\n<div style=\"font-size:13px;color:#534438;line-height:20px;\"><\/div>\n<\/td>\n<td valign=\"top\"><\/td>\n<\/tr>\n<\/table>\n<\/td>\n<\/tr>\n<\/table>\n<\/td>\n<\/tr>\n<\/table>\n<table width=\"100%\" cellpadding=\"0\" cellspacing=\"0\">\n<tr>\n<td style=\"padding:10px 30px\">\n<table width=\"100%\" cellpadding=\"0\" cellspacing=\"0\">\n<tr>\n<td width=\"52\" valign=\"top\"><img loading=\"lazy\" decoding=\"async\" src=\"http:\/\/dublineventguide.com\/dff\/admin\/images\/categories\/TALKS.png\" width=\"32\" height=\"32\" \/><\/td>\n<td>\n<h2 style=\"font-size:16px;color:#534438;margin:0 0 5px;font-weight:normal\">A Short History of Mount Joy &#8211; Talk<\/h2>\n<h3 style=\"font-size:13px;margin:0;padding:0;line-height:16px;color:#534438;\">16:00, Sun 10 Jun<\/h3>\n<p style=\"font-size:13px;color:#534438;line-height:20px;margin:0;padding-top:0;\">Ashling Hotel, 8 Parkgate St, Dublin 8<\/p>\n<table width=\"100%\" cellspacing=\"0\" cellpadding=\"0\">\n<tr>\n<td valign=\"top\">\n<div style=\"font-size:13px;color:#534438;line-height:20px;\">\n<p style=\"margin:10px 0;\">The Humanist Association of Ireland is inviting to a the talk &#8220;A short history of Mountjoy Prison &#8211; Ireland&#8217;s cracked mirror&#8221; by Tim Carey (historian and writer).<\/a><\/p>\n<p style=\"margin:10px 0;\">The talk will explore the history of Mountjoy Prison and its role in the history of the British and Irish penal system, intertwining the story of this city of cells with historical issues and events that set it in a broader context; the invention of prisons, their purpose, and how they were viewed by society.<\/a><\/div>\n<div style=\"font-size:13px;color:#534438;line-height:20px;\"><\/div>\n<p style=\"font-size:13px;color:#534438;line-height:20px;\"><a style=\"color:#cc2979;text-decoration:none\" href=\"https:\/\/www.facebook.com\/events\/251130358963652\/\">https:\/\/www.facebook.com\/events\/251130358963652\/<\/a><\/p>\n<\/td>\n<td valign=\"top\"><\/td>\n<\/tr>\n<\/table>\n<\/td>\n<\/tr>\n<\/table>\n<\/td>\n<\/tr>\n<\/table>\n<table width=\"100%\" cellpadding=\"0\" cellspacing=\"0\">\n<tr>\n<td style=\"padding:10px 30px\">\n<table width=\"100%\" cellpadding=\"0\" cellspacing=\"0\">\n<tr>\n<td width=\"52\" valign=\"top\"><img loading=\"lazy\" decoding=\"async\" src=\"http:\/\/dublineventguide.com\/dff\/admin\/images\/categories\/MUSIC.png\" width=\"32\" height=\"32\" \/><\/td>\n<td>\n<h2 style=\"font-size:16px;color:#534438;margin:0 0 5px;font-weight:normal\">The High Leeson &#8211; Bluegrass Gig<\/h2>\n<h3 style=\"font-size:13px;margin:0;padding:0;line-height:16px;color:#534438;\"><img loading=\"lazy\" decoding=\"async\" src=\"http:\/\/dublineventguide.com\/dff\/admin\/images\/weekly.png\" width=\"69\" height=\"16\" style=\"display:inline;float:left;\" \/> 18:00, Sun 10 Jun<\/h3>\n<p style=\"font-size:13px;color:#534438;line-height:20px;margin:0;padding-top:0;\">Leeson Lounge, 148 Upper Leeson Street, Dublin 4<\/p>\n<table width=\"100%\" cellspacing=\"0\" cellpadding=\"0\">\n<tr>\n<td valign=\"top\">\n<div style=\"font-size:13px;color:#534438;line-height:20px;\">\n<p style=\"margin:10px 0;\">The High Leeson is a Bluegrass band that plays every Sunday in the Leeson Longe.<\/a><\/p>\n<p style=\"margin:10px 0;\">Admission is free, donations are appreciated.<\/a><\/div>\n<div style=\"font-size:13px;color:#534438;line-height:20px;\"><\/div>\n<p style=\"font-size:13px;color:#534438;line-height:20px;\"><a style=\"color:#cc2979;text-decoration:none\" href=\"https:\/\/www.facebook.com\/The-Leeson-Lounge-114810058553792\">https:\/\/www.facebook.com\/The-Leeson-Lounge-114810058553792<\/a><\/p>\n<\/td>\n<td valign=\"top\"><\/td>\n<\/tr>\n<\/table>\n<\/td>\n<\/tr>\n<\/table>\n<\/td>\n<\/tr>\n<\/table>\n<table width=\"100%\" cellpadding=\"0\" cellspacing=\"0\">\n<tr>\n<td style=\"padding:10px 30px\">\n<table width=\"100%\" cellpadding=\"0\" cellspacing=\"0\">\n<tr>\n<td width=\"52\" valign=\"top\"><img loading=\"lazy\" decoding=\"async\" src=\"http:\/\/dublineventguide.com\/dff\/admin\/images\/categories\/MUSIC.png\" width=\"32\" height=\"32\" \/><\/td>\n<td>\n<h2 style=\"font-size:16px;color:#534438;margin:0 0 5px;font-weight:normal\">Dixieland Jazzmen &#8211; Gig<\/h2>\n<h3 style=\"font-size:13px;margin:0;padding:0;line-height:16px;color:#534438;\"><img loading=\"lazy\" decoding=\"async\" src=\"http:\/\/dublineventguide.com\/dff\/admin\/images\/weekly.png\" width=\"69\" height=\"16\" style=\"display:inline;float:left;\" \/> 18:30 &#8211; 20:30, Sun 10 Jun<\/h3>\n<p style=\"font-size:13px;color:#534438;line-height:20px;margin:0;padding-top:0;\">Sin \u00c9, 14 Ormond Quay, Dublin 1<\/p>\n<table width=\"100%\" cellspacing=\"0\" cellpadding=\"0\">\n<tr>\n<td valign=\"top\">\n<div style=\"font-size:13px;color:#534438;line-height:20px;\">\n<p style=\"margin:10px 0;\">The Dixeland Jazzmen play a weekly gig in Sin E. Admission is free.<\/a><\/div>\n<div style=\"font-size:13px;color:#534438;line-height:20px;\"><\/div>\n<p style=\"font-size:13px;color:#534438;line-height:20px;\"><a style=\"color:#cc2979;text-decoration:none\" href=\"https:\/\/www.facebook.com\/Sin.E.Pub\/\">https:\/\/www.facebook.com\/Sin.E.Pub\/<\/a><\/p>\n<\/td>\n<td valign=\"top\"><\/td>\n<\/tr>\n<\/table>\n<\/td>\n<\/tr>\n<\/table>\n<\/td>\n<\/tr>\n<\/table>\n<table width=\"100%\" cellpadding=\"0\" cellspacing=\"0\">\n<tr>\n<td style=\"padding:10px 30px\">\n<table width=\"100%\" cellpadding=\"0\" cellspacing=\"0\">\n<tr>\n<td width=\"52\" valign=\"top\"><img loading=\"lazy\" decoding=\"async\" src=\"http:\/\/dublineventguide.com\/dff\/admin\/images\/categories\/MUSIC.png\" width=\"32\" height=\"32\" \/><\/td>\n<td>\n<h2 style=\"font-size:16px;color:#534438;margin:0 0 5px;font-weight:normal\">Jawbone &#8211; Acoustic Folk &#038; Blues Night<\/h2>\n<h3 style=\"font-size:13px;margin:0;padding:0;line-height:16px;color:#534438;\"><img loading=\"lazy\" decoding=\"async\" src=\"http:\/\/dublineventguide.com\/dff\/admin\/images\/weekly.png\" width=\"69\" height=\"16\" style=\"display:inline;float:left;\" \/> 19:00 &#8211; 21:00, Sun 10 Jun<\/h3>\n<p style=\"font-size:13px;color:#534438;line-height:20px;margin:0;padding-top:0;\">Arthur&#8217;s Pub, 28 Thomas Street, Dublin 8<\/p>\n<table width=\"100%\" cellspacing=\"0\" cellpadding=\"0\">\n<tr>\n<td valign=\"top\">\n<div style=\"font-size:13px;color:#534438;line-height:20px;\">\n<p style=\"margin:10px 0;\">At the Jawbone Gig night in Arthur&#8217;s Pub, Acoustic Folk &#038; Blues will be performed every Sunday. Admission is free. <\/a><\/p>\n<p><a href=\"https:\/\/www.facebook.com\/pages\/Jawbone-Dublin-Acoustic-Folk-Blues-Commune\/724102984268967\" style=\"color:#cc2979;text-decoration:none;\">https:\/\/www.facebook.com\/pages\/Jawbone-Dublin-Acoustic-Folk-Blues-Commune\/724102984268967<\/a><\/p>\n<\/div>\n<div style=\"font-size:13px;color:#534438;line-height:20px;\"><\/div>\n<p style=\"font-size:13px;color:#534438;line-height:20px;\"><a style=\"color:#cc2979;text-decoration:none\" href=\"https:\/\/www.facebook.com\/ArthursPub\">https:\/\/www.facebook.com\/ArthursPub<\/a><\/p>\n<\/td>\n<td valign=\"top\"><\/td>\n<\/tr>\n<\/table>\n<\/td>\n<\/tr>\n<\/table>\n<\/td>\n<\/tr>\n<\/table>\n<table width=\"100%\" cellpadding=\"0\" cellspacing=\"0\">\n<tr>\n<td style=\"padding:10px 30px\">\n<table width=\"100%\" cellpadding=\"0\" cellspacing=\"0\">\n<tr>\n<td width=\"52\" valign=\"top\"><img loading=\"lazy\" decoding=\"async\" src=\"http:\/\/dublineventguide.com\/dff\/admin\/images\/categories\/TALKS.png\" width=\"32\" height=\"32\" \/><\/td>\n<td>\n<h2 style=\"font-size:16px;color:#534438;margin:0 0 5px;font-weight:normal\">Conversation with Marathon Runner Jerzy Skarzynski<\/h2>\n<h3 style=\"font-size:13px;margin:0;padding:0;line-height:16px;color:#534438;\">20:00 &#8211; 22:00, Sun 10 Jun<\/h3>\n<p style=\"font-size:13px;color:#534438;line-height:20px;margin:0;padding-top:0;\">St. Saviours Priory, 9-11 Upper Dorset Street, Dublin 1<\/p>\n<table width=\"100%\" cellspacing=\"0\" cellpadding=\"0\">\n<tr>\n<td valign=\"top\">\n<div style=\"font-size:13px;color:#534438;line-height:20px;\">\n<p style=\"margin:10px 0;\">As part of the PolskaEire Festival, Polish Marathon Runner Jerzy Skarzynski will be in Dublin and will talk about the history of Polish athletics and about his passion for running.<\/a><\/p>\n<p style=\"margin:10px 0;\">Admission is free. (I would expect that this event might be in Polish language!)<\/a><\/div>\n<div style=\"font-size:13px;color:#534438;line-height:20px;\"><\/div>\n<p style=\"font-size:13px;color:#534438;line-height:20px;\"><a style=\"color:#cc2979;text-decoration:none\" href=\"https:\/\/www.facebook.com\/events\/1846490578987555\/\">https:\/\/www.facebook.com\/events\/1846490578987555\/<\/a><\/p>\n<\/td>\n<td valign=\"top\"><\/td>\n<\/tr>\n<\/table>\n<\/td>\n<\/tr>\n<\/table>\n<\/td>\n<\/tr>\n<\/table>\n<table width=\"100%\" cellpadding=\"0\" cellspacing=\"0\">\n<tr>\n<td style=\"padding:10px 30px\">\n<table width=\"100%\" cellpadding=\"0\" cellspacing=\"0\">\n<tr>\n<td width=\"52\" valign=\"top\"><img loading=\"lazy\" decoding=\"async\" src=\"http:\/\/dublineventguide.com\/dff\/admin\/images\/categories\/COMEDY.png\" width=\"32\" height=\"32\" \/><\/td>\n<td>\n<h2 style=\"font-size:16px;color:#534438;margin:0 0 5px;font-weight:normal\">Comedy Crunch<\/h2>\n<h3 style=\"font-size:13px;margin:0;padding:0;line-height:16px;color:#534438;\"><img loading=\"lazy\" decoding=\"async\" src=\"http:\/\/dublineventguide.com\/dff\/admin\/images\/weekly.png\" width=\"69\" height=\"16\" style=\"display:inline;float:left;\" \/> 21:00 &#8211; 00:00, Sun 10 Jun<\/h3>\n<p style=\"font-size:13px;color:#534438;line-height:20px;margin:0;padding-top:0;\">Stag&#8217;s Head (downstairs), Dame Lane, Dublin 2 <\/p>\n<table width=\"100%\" cellspacing=\"0\" cellpadding=\"0\">\n<tr>\n<td valign=\"top\">\n<div style=\"font-size:13px;color:#534438;line-height:20px;\">\n<p style=\"margin:10px 0;\">The Comedy Crunch is a free Stand Up comedy downstairs in Stag&#8217;s Head, Dame Lane from 21:00 every week on Sunday, Monday and Tuesday. Every week different comedians entertain and on top of that there is some free ice cream. The line-up can be found via the Comedy Crunch Facebook Page (see link below).<\/a><\/div>\n<div style=\"font-size:13px;color:#534438;line-height:20px;\"><\/div>\n<p style=\"font-size:13px;color:#534438;line-height:20px;\"><a style=\"color:#cc2979;text-decoration:none\" href=\"http:\/\/www.facebook.com\/pages\/The-Comedy-Crunch\/83791357330\">http:\/\/www.facebook.com\/pages\/The-Comedy-Crunch\/83791357330<\/a><\/p>\n<\/td>\n<td valign=\"top\"><\/td>\n<\/tr>\n<\/table>\n<\/td>\n<\/tr>\n<\/table>\n<\/td>\n<\/tr>\n<\/table>\n<table width=\"100%\" cellpadding=\"0\" cellspacing=\"0\">\n<tr>\n<td style=\"padding:10px 30px\">\n<table width=\"100%\" cellpadding=\"0\" cellspacing=\"0\">\n<tr>\n<td width=\"52\" valign=\"top\"><img loading=\"lazy\" decoding=\"async\" src=\"http:\/\/dublineventguide.com\/dff\/admin\/images\/categories\/MUSIC.png\" width=\"32\" height=\"32\" \/><\/td>\n<td>\n<h2 style=\"font-size:16px;color:#534438;margin:0 0 5px;font-weight:normal\">Katie Gallagher &#8211; Gig<\/h2>\n<h3 style=\"font-size:13px;margin:0;padding:0;line-height:16px;color:#534438;\">21:00, Sun 10 Jun<\/h3>\n<p style=\"font-size:13px;color:#534438;line-height:20px;margin:0;padding-top:0;\">Harbour Bar, 1 Strand Road, Bray, Co. Wicklow<\/p>\n<table width=\"100%\" cellspacing=\"0\" cellpadding=\"0\">\n<tr>\n<td valign=\"top\">\n<div style=\"font-size:13px;color:#534438;line-height:20px;\">\n<p style=\"margin:10px 0;\">Katie Gallagher will play a Folk \/ Pop gig in the Harbour Bar.<\/a><\/p>\n<p style=\"margin:10px 0;\">Admission is free. <\/a><\/div>\n<div style=\"font-size:13px;color:#534438;line-height:20px;\"><\/div>\n<p style=\"font-size:13px;color:#534438;line-height:20px;\"><a style=\"color:#cc2979;text-decoration:none\" href=\"http:\/\/www.theharbourbar.ie\/whats-on\/event\/katie-gallagher\">http:\/\/www.theharbourbar.ie\/whats-on\/event\/katie-gallagher<\/a><\/p>\n<\/td>\n<td valign=\"top\"><\/td>\n<\/tr>\n<\/table>\n<\/td>\n<\/tr>\n<\/table>\n<\/td>\n<\/tr>\n<\/table>\n<table width=\"100%\" cellpadding=\"0\" cellspacing=\"0\">\n<tr>\n<td style=\"padding:10px 30px\">\n<table width=\"100%\" cellpadding=\"0\" cellspacing=\"0\">\n<tr>\n<td width=\"52\" valign=\"top\"><img loading=\"lazy\" decoding=\"async\" src=\"http:\/\/dublineventguide.com\/dff\/admin\/images\/categories\/MUSIC.png\" width=\"32\" height=\"32\" \/><\/td>\n<td>\n<h2 style=\"font-size:16px;color:#534438;margin:0 0 5px;font-weight:normal\">The Dublin Blues Cartel &#8211; Gig<\/h2>\n<h3 style=\"font-size:13px;margin:0;padding:0;line-height:16px;color:#534438;\">22:30, Sun 10 Jun<\/h3>\n<p style=\"font-size:13px;color:#534438;line-height:20px;margin:0;padding-top:0;\">Whelan&#8217;s, 25 Wexford Street, Dublin 2 <\/p>\n<table width=\"100%\" cellspacing=\"0\" cellpadding=\"0\">\n<tr>\n<td valign=\"top\">\n<div style=\"font-size:13px;color:#534438;line-height:20px;\">\n<p style=\"margin:10px 0;\">The Dublin Blues Cartel will be in Whelan&#8217;s again and will perform mostly a version of New Orleans R\u2019n&#8217;B with a classic Rock twist, sandwiched with Swing, Rock\u2019n\u2019Roll, Soul, Funk, Blues and Rap of all eras.<\/a><\/p>\n<p style=\"margin:10px 0;\">Admission is free.<\/a><\/div>\n<div style=\"font-size:13px;color:#534438;line-height:20px;\"><\/div>\n<p style=\"font-size:13px;color:#534438;line-height:20px;\"><a style=\"color:#cc2979;text-decoration:none\" href=\"http:\/\/www.whelanslive.com\/index.php\/live-from-the-window-w-the-dublin-blues-cartel-7\/\">http:\/\/www.whelanslive.com\/index.php\/live-from-the-window-w-the-dublin-blues-cartel-7\/<\/a><\/p>\n<\/td>\n<td valign=\"top\"><\/td>\n<\/tr>\n<\/table>\n<\/td>\n<\/tr>\n<\/table>\n<\/td>\n<\/tr>\n<\/table>\n<table width=\"100%\" cellpadding=\"0\" cellspacing=\"0\" id=\"day_1528671600\" style=\"margin-top: 10px;\">\n<tr height=\"34\" style=\"background-color:#c20162;color:#fff\">\n<td style=\"padding: 0; line-height: 1; height: 34px; overflow: hidden;\">\n<p style=\"width:630px;padding-left:30px;margin: 0; height: 34px; overflow: hidden; line-height: 34px;\"><a name=\"day_1528671600\"><\/a><strong>Monday  <\/strong> 11 Jun\t\t\t\t\t\t<\/p>\n<\/td>\n<td>\n<p style=\"margin:0;line-height:34px;padding:0;font-size:13px;\"><a href=\"#dff_top\" style=\"color:#fff;text-decoration:none\">back to top<\/a><\/p>\n<\/td>\n<td>\n<p style=\"margin:0;padding:0;font-size:13px;\"><a href=\"#dff_top\" style=\"color:#fff;text-decoration:none\"><img loading=\"lazy\" decoding=\"async\" src=\"http:\/\/dublineventguide.com\/dff\/admin\/images\/dividers\/date_toplink.png\" width=\"38\" height=\"34\" alt=\"Back to top\" \/><\/a><\/p>\n<\/td>\n<td width=\"50\">\n<\/td>\n<\/tr>\n<\/table>\n<table width=\"100%\" cellpadding=\"0\" cellspacing=\"0\">\n<tr>\n<td style=\"padding:10px 30px\">\n<table width=\"100%\" cellpadding=\"0\" cellspacing=\"0\">\n<tr>\n<td width=\"52\" valign=\"top\"><img loading=\"lazy\" decoding=\"async\" src=\"http:\/\/dublineventguide.com\/dff\/admin\/images\/categories\/ACTIVITY.png\" width=\"32\" height=\"32\" \/><\/td>\n<td>\n<h2 style=\"font-size:16px;color:#534438;margin:0 0 5px;font-weight:normal\">Bike Week 2018<\/h2>\n<h3 style=\"font-size:13px;margin:0;padding:0;line-height:16px;color:#534438;\">09:00, Mon 11 Jun<\/h3>\n<p style=\"font-size:13px;color:#534438;line-height:20px;margin:0;padding-top:0;\">Various locations in Dublin and Dun Laoghaire<\/p>\n<table width=\"100%\" cellspacing=\"0\" cellpadding=\"0\">\n<tr>\n<td valign=\"top\">\n<div style=\"font-size:13px;color:#534438;line-height:20px;\">\n<p style=\"margin:10px 0;\">Bike Week 2018 will take place from Sat 09 &#8211; Sun 17 June. There will be Bike Tours, Bike Maintenance Clinics, a Street Velodrome event, a Bike Fest and a Cycling Photo Exhibition.<\/a><\/p>\n<p>A lot of events are listed separately in this Dublin Event Guide, but to find out about the free Bike Maintenance Clinics, please check the website at <a>http:\/\/www.bikeweek.ie\/events<\/a><\/p>\n<p style=\"margin:10px 0;\">The &#8220;Everyday Cycling Photo Exhibition&#8221;, a collection current and historical images depicting the role of the bicycle in everyday and sometimes strange, situations, will be on show from 09-29 June in the offices of Dublin City Council on Wood Quay from Monday to Friday (09:00-17:00). Admission is free.<\/a><\/p>\n<p style=\"margin:10px 0;\">All Bike Week events are free.<\/a><\/div>\n<div style=\"font-size:13px;color:#534438;line-height:20px;\"><\/div>\n<p style=\"font-size:13px;color:#534438;line-height:20px;\"><a style=\"color:#cc2979;text-decoration:none\" href=\"http:\/\/www.bikeweek.ie\">http:\/\/www.bikeweek.ie<\/a><\/p>\n<\/td>\n<td valign=\"top\"><\/td>\n<\/tr>\n<\/table>\n<\/td>\n<\/tr>\n<\/table>\n<\/td>\n<\/tr>\n<\/table>\n<table width=\"100%\" cellpadding=\"0\" cellspacing=\"0\">\n<tr>\n<td style=\"padding:10px 30px\">\n<table width=\"100%\" cellpadding=\"0\" cellspacing=\"0\">\n<tr>\n<td width=\"52\" valign=\"top\"><img loading=\"lazy\" decoding=\"async\" src=\"http:\/\/dublineventguide.com\/dff\/admin\/images\/categories\/LITERATURE.png\" width=\"32\" height=\"32\" \/><\/td>\n<td>\n<h2 style=\"font-size:16px;color:#534438;margin:0 0 5px;font-weight:normal\">Bloomsday Events at James Joyce Tower and Museum<\/h2>\n<h3 style=\"font-size:13px;margin:0;padding:0;line-height:16px;color:#534438;\">10:00, Mon 11 Jun<\/h3>\n<p style=\"font-size:13px;color:#534438;line-height:20px;margin:0;padding-top:0;\">James Joyce Museum, Joyce Tower, Sandycove , Co. Dublin<\/p>\n<table width=\"100%\" cellspacing=\"0\" cellpadding=\"0\">\n<tr>\n<td valign=\"top\">\n<div style=\"font-size:13px;color:#534438;line-height:20px;\">\n<p style=\"margin:10px 0;\">Bloomsday is around the corner again. The James Joyce inspired day that causes major palpitations for Joyce fans and doesn&#8217;t move the rest in the slightest. The festival runs from Monday 11 June &#8211; Saturday 16 June with the main Bloomsday on Saturday 16 June.<\/a><\/p>\n<p style=\"margin:10px 0;\">There are plenty of events happening during the week, but nearly all of them are not free, some even quite pricey. Maybe that is an indication about the affluence of the audience that is Bloomsday mad?<\/a><\/p>\n<p style=\"margin:10px 0;\">Luckily there is one glorious exception! The James Joyce Museum in the James Joyce Tower in Sandycove will have a whole range events that are all free of charge.<\/a><\/p>\n<p style=\"margin:10px 0;\">The events are listed here:<\/a><\/p>\n<p>Sat 09 Jun: Actress Caitriona Ni Threasaigh presents her own performance of Molly Bloom at 14:00 and 16:00.<br \/>Sun 10 Jun: Performance at 15:00 by Irish tenor and Joycean music specialist Noel O\u2019Grady. <br \/>Mon 11 Jun: Hourly guided tours of the museum by volunteers (10:00-18:00)<br \/>Tue 12 Jun: Hourly guided tours of the museum by volunteers (10:00-18:00)<br \/>Wed 13 Jun: Hourly guided tours of the museum by volunteers (10:00-18:00)<br \/>Thu 14 Jun: Aidan Coleman presents his musical odyssey through Joyce\u2019s life and works at 12:00 and 15: 00<br \/>Fri 15 Jun: Darina Gallagher and Sinead Murphy will perform Joycean songs from 14:00<br \/>sat 16 Jun: The Tower opens at 08:00 for a day of Bloomsday festivities. Actor Bryan Murray reads excerpts from Ulysses at intervals over the morning and early afternoon, with occasional performances by Caitriona Ni Threaisaigh and Mary Pat Moloney and traditional contributions by Joycean pilgrims and the visiting public throughout the day.<\/p>\n<p style=\"margin:10px 0;\">&#8212;&#8212;<\/a><\/p>\n<p style=\"margin:10px 0;\">Admission to all events is free!<\/a><\/p>\n<p style=\"margin:10px 0;\"> <\/a><\/p>\n<p style=\"margin:10px 0;\"> <\/a><\/div>\n<div style=\"font-size:13px;color:#534438;line-height:20px;\"><\/div>\n<p style=\"font-size:13px;color:#534438;line-height:20px;\"><a style=\"color:#cc2979;text-decoration:none\" href=\"http:\/\/www.bloomsdayfestival.ie\/bloomsday-2018-programme\/2018\/6\/16\/bloomsday-at-the-james-joyce-tower-and-museum-sandycove\">http:\/\/www.bloomsdayfestival.ie\/bloomsday-2018-programme\/2018\/6\/16\/bloomsday-at-the-james-joyce-tower-and-museum-sandycove<\/a><\/p>\n<\/td>\n<td valign=\"top\"><\/td>\n<\/tr>\n<\/table>\n<\/td>\n<\/tr>\n<\/table>\n<\/td>\n<\/tr>\n<\/table>\n<table width=\"100%\" cellpadding=\"0\" cellspacing=\"0\">\n<tr>\n<td style=\"padding:10px 30px\">\n<table width=\"100%\" cellpadding=\"0\" cellspacing=\"0\">\n<tr>\n<td width=\"52\" valign=\"top\"><img loading=\"lazy\" decoding=\"async\" src=\"http:\/\/dublineventguide.com\/dff\/admin\/images\/categories\/ACTIVITY.png\" width=\"32\" height=\"32\" \/><\/td>\n<td>\n<h2 style=\"font-size:16px;color:#534438;margin:0 0 5px;font-weight:normal\">National Gallery Talks &#038; Tour<\/h2>\n<h3 style=\"font-size:13px;margin:0;padding:0;line-height:16px;color:#534438;\"><img loading=\"lazy\" decoding=\"async\" src=\"http:\/\/dublineventguide.com\/dff\/admin\/images\/weekly.png\" width=\"69\" height=\"16\" style=\"display:inline;float:left;\" \/> 11:30 &#8211; 16:50, Mon 11 Jun<\/h3>\n<p style=\"font-size:13px;color:#534438;line-height:20px;margin:0;padding-top:0;\">National Gallery, Merrion Square West, Dublin 2 <\/p>\n<table width=\"100%\" cellspacing=\"0\" cellpadding=\"0\">\n<tr>\n<td valign=\"top\">\n<div style=\"font-size:13px;color:#534438;line-height:20px;\">\n<p style=\"margin:10px 0;\">The National Gallery has an extensive programme of free talks, public tours and Art Documentary screenings every day of the week. Currently there is at least one free tour every day. Check their website for details. Some special events will be listed separately.<\/a><\/p>\n<p style=\"margin:10px 0;\">Admission to the gallery and to most events is free.<\/a><\/div>\n<div style=\"font-size:13px;color:#534438;line-height:20px;\"><\/div>\n<p style=\"font-size:13px;color:#534438;line-height:20px;\"><a style=\"color:#cc2979;text-decoration:none\" href=\"https:\/\/www.nationalgallery.ie\/whats-on\">https:\/\/www.nationalgallery.ie\/whats-on<\/a><\/p>\n<\/td>\n<td valign=\"top\"><\/td>\n<\/tr>\n<\/table>\n<\/td>\n<\/tr>\n<\/table>\n<\/td>\n<\/tr>\n<\/table>\n<table width=\"100%\" cellpadding=\"0\" cellspacing=\"0\">\n<tr>\n<td style=\"padding:10px 30px\">\n<table width=\"100%\" cellpadding=\"0\" cellspacing=\"0\">\n<tr>\n<td width=\"52\" valign=\"top\"><img loading=\"lazy\" decoding=\"async\" src=\"http:\/\/dublineventguide.com\/dff\/admin\/images\/categories\/FILM.png\" width=\"32\" height=\"32\" \/><\/td>\n<td>\n<h2 style=\"font-size:16px;color:#534438;margin:0 0 5px;font-weight:normal\">Archive at Lunchtime &#8211; IFI<\/h2>\n<h3 style=\"font-size:13px;margin:0;padding:0;line-height:16px;color:#534438;\"><img loading=\"lazy\" decoding=\"async\" src=\"http:\/\/dublineventguide.com\/dff\/admin\/images\/weekly.png\" width=\"69\" height=\"16\" style=\"display:inline;float:left;\" \/> 13:00, Mon 11 Jun<\/h3>\n<p style=\"font-size:13px;color:#534438;line-height:20px;margin:0;padding-top:0;\">Irish Film Institute, 6 Eustace Street, Temple Bar, Dublin 2<\/p>\n<table width=\"100%\" cellspacing=\"0\" cellpadding=\"0\">\n<tr>\n<td valign=\"top\">\n<div style=\"font-size:13px;color:#534438;line-height:20px;\">\n<p>Archive at Lunchtime screenings take place Saturdays (Double Bill), Mondays and Wednesdays. The programme is changing weekly now (instead of monthly as in the past). To find out what film(s) will be screened go to <a href=\"http:\/\/www.ifi.ie\/whatson\/now-showing-coming-soon\/\" style=\"color:#cc2979;text-decoration:none;\">http:\/\/www.ifi.ie\/whatson\/now-showing-coming-soon\/<\/a> and look for &#8220;Archive at Lunchtime&#8221; on the right. Admission is free.<\/p>\n<\/div>\n<div style=\"font-size:13px;color:#534438;line-height:20px;\"><\/div>\n<p style=\"font-size:13px;color:#534438;line-height:20px;\"><a style=\"color:#cc2979;text-decoration:none\" href=\"http:\/\/www.ifi.ie\/\">http:\/\/www.ifi.ie\/<\/a><\/p>\n<\/td>\n<td valign=\"top\"><\/td>\n<\/tr>\n<\/table>\n<\/td>\n<\/tr>\n<\/table>\n<\/td>\n<\/tr>\n<\/table>\n<table width=\"100%\" cellpadding=\"0\" cellspacing=\"0\">\n<tr>\n<td style=\"padding:10px 30px\">\n<table width=\"100%\" cellpadding=\"0\" cellspacing=\"0\">\n<tr>\n<td width=\"52\" valign=\"top\"><img loading=\"lazy\" decoding=\"async\" src=\"http:\/\/dublineventguide.com\/dff\/admin\/images\/categories\/ACTIVITY.png\" width=\"32\" height=\"32\" \/><\/td>\n<td>\n<h2 style=\"font-size:16px;color:#534438;margin:0 0 5px;font-weight:normal\">New Parents&#8217; Tour &#8211; National Gallery<\/h2>\n<h3 style=\"font-size:13px;margin:0;padding:0;line-height:16px;color:#534438;\">14:00 &#8211; 14:45, Mon 11 Jun<\/h3>\n<p style=\"font-size:13px;color:#534438;line-height:20px;margin:0;padding-top:0;\">National Gallery, Merrion Square West, Dublin 2 <\/p>\n<table width=\"100%\" cellspacing=\"0\" cellpadding=\"0\">\n<tr>\n<td valign=\"top\">\n<div style=\"font-size:13px;color:#534438;line-height:20px;\">\n<p style=\"margin:10px 0;\">The next &#8220;New parents&#8217; tour&#8221; will be on Monday in tne National Gallery. <\/a><\/p>\n<p style=\"margin:10px 0;\">These tours are for parents, guardians, and carers of young children and will focus on a selection of highlights in the permanent collection. The aim is to welcome families and visitors of all ages and encourage them to feel comfortable in the Gallery rooms. The route is suitable for prams and strollers, and all are welcome.<\/a><\/p>\n<p style=\"margin:10px 0;\">Admission is free. Meet at the Merrion Square information desk.<\/a><\/div>\n<div style=\"font-size:13px;color:#534438;line-height:20px;\"><\/div>\n<p style=\"font-size:13px;color:#534438;line-height:20px;\"><a style=\"color:#cc2979;text-decoration:none\" href=\"https:\/\/www.nationalgallery.ie\/new-parents-tour-8\">https:\/\/www.nationalgallery.ie\/new-parents-tour-8<\/a><\/p>\n<\/td>\n<td valign=\"top\"><\/td>\n<\/tr>\n<\/table>\n<\/td>\n<\/tr>\n<\/table>\n<\/td>\n<\/tr>\n<\/table>\n<table width=\"100%\" cellpadding=\"0\" cellspacing=\"0\">\n<tr>\n<td style=\"padding:10px 30px\">\n<table width=\"100%\" cellpadding=\"0\" cellspacing=\"0\">\n<tr>\n<td width=\"52\" valign=\"top\"><img loading=\"lazy\" decoding=\"async\" src=\"http:\/\/dublineventguide.com\/dff\/admin\/images\/categories\/LITERATURE.png\" width=\"32\" height=\"32\" \/><\/td>\n<td>\n<h2 style=\"font-size:16px;color:#534438;margin:0 0 5px;font-weight:normal\">Poetry Reading: Paul Muldoon<\/h2>\n<h3 style=\"font-size:13px;margin:0;padding:0;line-height:16px;color:#534438;\">18:00, Mon 11 Jun<\/h3>\n<p style=\"font-size:13px;color:#534438;line-height:20px;margin:0;padding-top:0;\">Royal Irish Academy, 19 Dawson Street, Dublin 2<\/p>\n<table width=\"100%\" cellspacing=\"0\" cellpadding=\"0\">\n<tr>\n<td valign=\"top\">\n<div style=\"font-size:13px;color:#534438;line-height:20px;\">\n<p style=\"margin:10px 0;\">The Keogh-Naughton Institute for Irish Studies is inviting to a Poetry Reading by Paul Muldoon on Monday.<\/a><\/p>\n<p style=\"margin:10px 0;\">Admission is free and a reception will follow the reading. Registration is required via irishseminar@nd.edu<\/a><\/div>\n<div style=\"font-size:13px;color:#534438;line-height:20px;\"><\/div>\n<p style=\"font-size:13px;color:#534438;line-height:20px;\"><a style=\"color:#cc2979;text-decoration:none\" href=\"http:\/\/dublin.nd.edu\/\">http:\/\/dublin.nd.edu\/<\/a><\/p>\n<\/td>\n<td valign=\"top\"><\/td>\n<\/tr>\n<\/table>\n<\/td>\n<\/tr>\n<\/table>\n<\/td>\n<\/tr>\n<\/table>\n<table width=\"100%\" cellpadding=\"0\" cellspacing=\"0\">\n<tr>\n<td style=\"padding:10px 30px\">\n<table width=\"100%\" cellpadding=\"0\" cellspacing=\"0\">\n<tr>\n<td width=\"52\" valign=\"top\"><img loading=\"lazy\" decoding=\"async\" src=\"http:\/\/dublineventguide.com\/dff\/admin\/images\/categories\/LITERATURE.png\" width=\"32\" height=\"32\" \/><\/td>\n<td>\n<h2 style=\"font-size:16px;color:#534438;margin:0 0 5px;font-weight:normal\">Ulysses &#8211; Free First Preview &#8211; Abbey Theatre<\/h2>\n<h3 style=\"font-size:13px;margin:0;padding:0;line-height:16px;color:#534438;\">18:30, Mon 11 Jun<\/h3>\n<p style=\"font-size:13px;color:#534438;line-height:20px;margin:0;padding-top:0;\">Abbey Theatre, 26 Lower Abbey Street, Dublin 1 <\/p>\n<table width=\"100%\" cellspacing=\"0\" cellpadding=\"0\">\n<tr>\n<td valign=\"top\">\n<div style=\"font-size:13px;color:#534438;line-height:20px;\">\n<p style=\"margin:10px 0;\">Ulysses will be performed in the Abbey Theatre from 11 June until 21 June and the first show on Monday will be free, if you can get a ticket!<\/a><\/p>\n<p style=\"margin:10px 0;\">The play will start at 19:30, but free tickets (only one per person!) will be given out on a first come first served basis from 18:30 and experience from previous &#8220;First Previews&#8221; suggests that you should be there WELL in advance of the 18:30 time. There will be queues! Tickets can not be booked in advance.<\/a><\/p>\n<p style=\"margin:10px 0;\">So, get there early and you will hopefully get to see Ulysses in the Abbey Theatre for free!<\/a><\/div>\n<div style=\"font-size:13px;color:#534438;line-height:20px;\"><\/div>\n<p style=\"font-size:13px;color:#534438;line-height:20px;\"><a style=\"color:#cc2979;text-decoration:none\" href=\"https:\/\/www.abbeytheatre.ie\/free-first-previews\/\">https:\/\/www.abbeytheatre.ie\/free-first-previews\/<\/a><\/p>\n<\/td>\n<td valign=\"top\"><\/td>\n<\/tr>\n<\/table>\n<\/td>\n<\/tr>\n<\/table>\n<\/td>\n<\/tr>\n<\/table>\n<table width=\"100%\" cellpadding=\"0\" cellspacing=\"0\">\n<tr>\n<td style=\"padding:10px 30px\">\n<table width=\"100%\" cellpadding=\"0\" cellspacing=\"0\">\n<tr>\n<td width=\"52\" valign=\"top\"><img loading=\"lazy\" decoding=\"async\" src=\"http:\/\/dublineventguide.com\/dff\/admin\/images\/categories\/FILM.png\" width=\"32\" height=\"32\" \/><\/td>\n<td>\n<h2 style=\"font-size:16px;color:#534438;margin:0 0 5px;font-weight:normal\">Why We Cycle &#8211; Film Screening &#8211; Bike Week<\/h2>\n<h3 style=\"font-size:13px;margin:0;padding:0;line-height:16px;color:#534438;\">19:00, Mon 11 Jun<\/h3>\n<p style=\"font-size:13px;color:#534438;line-height:20px;margin:0;padding-top:0;\">Wood Quay Venue, Civic Offices, Wood Quay, Dublin 8<\/p>\n<table width=\"100%\" cellspacing=\"0\" cellpadding=\"0\">\n<tr>\n<td valign=\"top\">\n<div style=\"font-size:13px;color:#534438;line-height:20px;\">\n<p style=\"margin:10px 0;\">&#8220;Why We Cycle&#8221; is a one hour long inspirational film that explores the Dutch cycling culture. The film makers take a ride with ordinary cyclists and specialists from a variety of disciplines. The conversations uncover some obvious, but even more hidden effects of cycling on people, on societies, and on the organization of cities. <\/a><\/p>\n<p style=\"margin:10px 0;\">The screening will be followed by a discussion about how to make Dublin a great cycling city.<\/a><\/p>\n<p>Admission is free, but booking is required via the website below. A trailer can be seen at  <a href=\"http:\/\/whywecycle.eu\/\" target=\"_blank\" style=\"color:#cc2979;text-decoration:none;\">http:\/\/whywecycle.eu\/<\/a><\/p>\n<p style=\"margin:10px 0;\"> <\/a><\/div>\n<div style=\"font-size:13px;color:#534438;line-height:20px;\"><\/div>\n<p style=\"font-size:13px;color:#534438;line-height:20px;\"><a style=\"color:#cc2979;text-decoration:none\" href=\"https:\/\/www.eventbrite.ie\/e\/why-we-cycle-tickets-46798526653\">https:\/\/www.eventbrite.ie\/e\/why-we-cycle-tickets-46798526653<\/a><\/p>\n<\/td>\n<td valign=\"top\"><\/td>\n<\/tr>\n<\/table>\n<\/td>\n<\/tr>\n<\/table>\n<\/td>\n<\/tr>\n<\/table>\n<table width=\"100%\" cellpadding=\"0\" cellspacing=\"0\">\n<tr>\n<td style=\"padding:10px 30px\">\n<table width=\"100%\" cellpadding=\"0\" cellspacing=\"0\">\n<tr>\n<td width=\"52\" valign=\"top\"><img loading=\"lazy\" decoding=\"async\" src=\"http:\/\/dublineventguide.com\/dff\/admin\/images\/categories\/MUSIC.png\" width=\"32\" height=\"32\" \/><\/td>\n<td>\n<h2 style=\"font-size:16px;color:#534438;margin:0 0 5px;font-weight:normal\">Song Cycle &#8211; Singer\/Songwriter Showcase<\/h2>\n<h3 style=\"font-size:13px;margin:0;padding:0;line-height:16px;color:#534438;\"><img loading=\"lazy\" decoding=\"async\" src=\"http:\/\/dublineventguide.com\/dff\/admin\/images\/weekly.png\" width=\"69\" height=\"16\" style=\"display:inline;float:left;\" \/> 20:00, Mon 11 Jun<\/h3>\n<p style=\"font-size:13px;color:#534438;line-height:20px;margin:0;padding-top:0;\">Whelan&#8217;s, 25 Wexford Street, Dublin 2 <\/p>\n<table width=\"100%\" cellspacing=\"0\" cellpadding=\"0\">\n<tr>\n<td valign=\"top\">\n<div style=\"font-size:13px;color:#534438;line-height:20px;\">\n<p style=\"margin:10px 0;\">Song Cycle is a weekly Singer\/Songriter showcase in Wheelan&#8217;s.<\/a><\/p>\n<p style=\"margin:10px 0;\">Admission is free.<\/a><\/div>\n<div style=\"font-size:13px;color:#534438;line-height:20px;\"><\/div>\n<p style=\"font-size:13px;color:#534438;line-height:20px;\"><a style=\"color:#cc2979;text-decoration:none\" href=\"http:\/\/www.whelanslive.com\">http:\/\/www.whelanslive.com<\/a><\/p>\n<\/td>\n<td valign=\"top\"><\/td>\n<\/tr>\n<\/table>\n<\/td>\n<\/tr>\n<\/table>\n<\/td>\n<\/tr>\n<\/table>\n<table width=\"100%\" cellpadding=\"0\" cellspacing=\"0\">\n<tr>\n<td style=\"padding:10px 30px\">\n<table width=\"100%\" cellpadding=\"0\" cellspacing=\"0\">\n<tr>\n<td width=\"52\" valign=\"top\"><img loading=\"lazy\" decoding=\"async\" src=\"http:\/\/dublineventguide.com\/dff\/admin\/images\/categories\/ACTIVITY.png\" width=\"32\" height=\"32\" \/><\/td>\n<td>\n<h2 style=\"font-size:16px;color:#534438;margin:0 0 5px;font-weight:normal\">The Circle Sessions &#8211; Open Mic<\/h2>\n<h3 style=\"font-size:13px;margin:0;padding:0;line-height:16px;color:#534438;\"><img loading=\"lazy\" decoding=\"async\" src=\"http:\/\/dublineventguide.com\/dff\/admin\/images\/weekly.png\" width=\"69\" height=\"16\" style=\"display:inline;float:left;\" \/> 20:00 &#8211; 23:30, Mon 11 Jun<\/h3>\n<p style=\"font-size:13px;color:#534438;line-height:20px;margin:0;padding-top:0;\">The International Bar, 23 Wicklow Street, Dublin 2<\/p>\n<table width=\"100%\" cellspacing=\"0\" cellpadding=\"0\">\n<tr>\n<td valign=\"top\">\n<div style=\"font-size:13px;color:#534438;line-height:20px;\">\n<p style=\"margin:10px 0;\">The Circle Sessions is an &#8220;Open Mic&#8221; that provides an opportunity for up and coming musicians, spoken word artists, poets and comedians to perform.<\/a><\/p>\n<p style=\"margin:10px 0;\">Come to this weekly show to perform or to simply watch a great mix of music, poetry, spoken word and comedy.<\/a><\/p>\n<p style=\"margin:10px 0;\">Admission is free.<\/a><\/div>\n<div style=\"font-size:13px;color:#534438;line-height:20px;\"><\/div>\n<p style=\"font-size:13px;color:#534438;line-height:20px;\"><a style=\"color:#cc2979;text-decoration:none\" href=\"https:\/\/www.facebook.com\/thecirclesessions\/\">https:\/\/www.facebook.com\/thecirclesessions\/<\/a><\/p>\n<\/td>\n<td valign=\"top\"><\/td>\n<\/tr>\n<\/table>\n<\/td>\n<\/tr>\n<\/table>\n<\/td>\n<\/tr>\n<\/table>\n<table width=\"100%\" cellpadding=\"0\" cellspacing=\"0\">\n<tr>\n<td style=\"padding:10px 30px\">\n<table width=\"100%\" cellpadding=\"0\" cellspacing=\"0\">\n<tr>\n<td width=\"52\" valign=\"top\"><img loading=\"lazy\" decoding=\"async\" src=\"http:\/\/dublineventguide.com\/dff\/admin\/images\/categories\/MUSIC.png\" width=\"32\" height=\"32\" \/><\/td>\n<td>\n<h2 style=\"font-size:16px;color:#534438;margin:0 0 5px;font-weight:normal\">Jazz Jam Session &#8211; Grand Social<\/h2>\n<h3 style=\"font-size:13px;margin:0;padding:0;line-height:16px;color:#534438;\"><img loading=\"lazy\" decoding=\"async\" src=\"http:\/\/dublineventguide.com\/dff\/admin\/images\/weekly.png\" width=\"69\" height=\"16\" style=\"display:inline;float:left;\" \/> 20:30, Mon 11 Jun<\/h3>\n<p style=\"font-size:13px;color:#534438;line-height:20px;margin:0;padding-top:0;\">Grand Social, 35 Lower Liffey Street (near Ha&#8217;Penny Bridge), Dublin 1<\/p>\n<table width=\"100%\" cellspacing=\"0\" cellpadding=\"0\">\n<tr>\n<td valign=\"top\">\n<div style=\"font-size:13px;color:#534438;line-height:20px;\">\n<p style=\"margin:10px 0;\">Every Monday a Jazz Jam Session will take place in the Grand Social and you are invited to listen or even to participate. Admission is free for musicians and audience.<\/a><\/p>\n<p style=\"margin:10px 0;\">Instruments are supplied (drums (no cymbals), double bass, guitar amp, bass amp, PA system) and ideas and themes will be proposed prior to the session to the musicians who join the event on Facebook (see Facebook Page below).<\/a><\/div>\n<div style=\"font-size:13px;color:#534438;line-height:20px;\"><\/div>\n<p style=\"font-size:13px;color:#534438;line-height:20px;\"><a style=\"color:#cc2979;text-decoration:none\" href=\"https:\/\/www.facebook.com\/pages\/Jazz-Jam-Session-at-The-Grand-Social\/224553674385198\">https:\/\/www.facebook.com\/pages\/Jazz-Jam-Session-at-The-Grand-Social\/224553674385198<\/a><\/p>\n<\/td>\n<td valign=\"top\"><\/td>\n<\/tr>\n<\/table>\n<\/td>\n<\/tr>\n<\/table>\n<\/td>\n<\/tr>\n<\/table>\n<table width=\"100%\" cellpadding=\"0\" cellspacing=\"0\">\n<tr>\n<td style=\"padding:10px 30px\">\n<table width=\"100%\" cellpadding=\"0\" cellspacing=\"0\">\n<tr>\n<td width=\"52\" valign=\"top\"><img loading=\"lazy\" decoding=\"async\" src=\"http:\/\/dublineventguide.com\/dff\/admin\/images\/categories\/COMEDY.png\" width=\"32\" height=\"32\" \/><\/td>\n<td>\n<h2 style=\"font-size:16px;color:#534438;margin:0 0 5px;font-weight:normal\">The Comedy Shed<\/h2>\n<h3 style=\"font-size:13px;margin:0;padding:0;line-height:16px;color:#534438;\"><img loading=\"lazy\" decoding=\"async\" src=\"http:\/\/dublineventguide.com\/dff\/admin\/images\/weekly.png\" width=\"69\" height=\"16\" style=\"display:inline;float:left;\" \/> 20:30, Mon 11 Jun<\/h3>\n<p style=\"font-size:13px;color:#534438;line-height:20px;margin:0;padding-top:0;\">Woolshed Bar &#038; Grill, Parnell Street, Dublin 1<\/p>\n<table width=\"100%\" cellspacing=\"0\" cellpadding=\"0\">\n<tr>\n<td valign=\"top\">\n<div style=\"font-size:13px;color:#534438;line-height:20px;\">\n<p style=\"margin:10px 0;\">Every Monday the Woolshed Bar hosts &#8220;The Comedy Shed&#8221;, usually with 3 headline acts.<\/a><\/p>\n<p style=\"margin:10px 0;\">Admission is free.<\/a><\/div>\n<div style=\"font-size:13px;color:#534438;line-height:20px;\"><\/div>\n<p style=\"font-size:13px;color:#534438;line-height:20px;\"><a style=\"color:#cc2979;text-decoration:none\" href=\"http:\/\/www.woolshedbaa.com\/dublin\/\">http:\/\/www.woolshedbaa.com\/dublin\/<\/a><\/p>\n<\/td>\n<td valign=\"top\"><\/td>\n<\/tr>\n<\/table>\n<\/td>\n<\/tr>\n<\/table>\n<\/td>\n<\/tr>\n<\/table>\n<table width=\"100%\" cellpadding=\"0\" cellspacing=\"0\">\n<tr>\n<td style=\"padding:10px 30px\">\n<table width=\"100%\" cellpadding=\"0\" cellspacing=\"0\">\n<tr>\n<td width=\"52\" valign=\"top\"><img loading=\"lazy\" decoding=\"async\" src=\"http:\/\/dublineventguide.com\/dff\/admin\/images\/categories\/COMEDY.png\" width=\"32\" height=\"32\" \/><\/td>\n<td>\n<h2 style=\"font-size:16px;color:#534438;margin:0 0 5px;font-weight:normal\">Comedy Crunch<\/h2>\n<h3 style=\"font-size:13px;margin:0;padding:0;line-height:16px;color:#534438;\"><img loading=\"lazy\" decoding=\"async\" src=\"http:\/\/dublineventguide.com\/dff\/admin\/images\/weekly.png\" width=\"69\" height=\"16\" style=\"display:inline;float:left;\" \/> 21:00 &#8211; 23:00, Mon 11 Jun<\/h3>\n<p style=\"font-size:13px;color:#534438;line-height:20px;margin:0;padding-top:0;\">Stag&#8217;s Head (downstairs), Dame Lane, Dublin 2 <\/p>\n<table width=\"100%\" cellspacing=\"0\" cellpadding=\"0\">\n<tr>\n<td valign=\"top\">\n<div style=\"font-size:13px;color:#534438;line-height:20px;\">\n<p style=\"margin:10px 0;\">The Comedy Crunch is a free Stand Up comedy event every Sunday, Monday and Tuesday. Every week different comedians entertain and on top of good comedy you will get free ice cream. Admission is free. The line-up can be found via the Comedy Crunch Facebook Page (see link below).<\/a><\/div>\n<div style=\"font-size:13px;color:#534438;line-height:20px;\"><\/div>\n<p style=\"font-size:13px;color:#534438;line-height:20px;\"><a style=\"color:#cc2979;text-decoration:none\" href=\"http:\/\/www.facebook.com\/pages\/The-Comedy-Crunch\/83791357330\">http:\/\/www.facebook.com\/pages\/The-Comedy-Crunch\/83791357330<\/a><\/p>\n<\/td>\n<td valign=\"top\"><\/td>\n<\/tr>\n<\/table>\n<\/td>\n<\/tr>\n<\/table>\n<\/td>\n<\/tr>\n<\/table>\n<table width=\"100%\" cellpadding=\"0\" cellspacing=\"0\">\n<tr>\n<td style=\"padding:10px 30px\">\n<table width=\"100%\" cellpadding=\"0\" cellspacing=\"0\">\n<tr>\n<td width=\"52\" valign=\"top\"><img loading=\"lazy\" decoding=\"async\" src=\"http:\/\/dublineventguide.com\/dff\/admin\/images\/categories\/MUSIC.png\" width=\"32\" height=\"32\" \/><\/td>\n<td>\n<h2 style=\"font-size:16px;color:#534438;margin:0 0 5px;font-weight:normal\">The Urban Mojo Blues Band &#8211; Gig<\/h2>\n<h3 style=\"font-size:13px;margin:0;padding:0;line-height:16px;color:#534438;\">21:00, Mon 11 Jun<\/h3>\n<p style=\"font-size:13px;color:#534438;line-height:20px;margin:0;padding-top:0;\">Leeson Lounge, 148 Upper Leeson Street, Dublin 4<\/p>\n<table width=\"100%\" cellspacing=\"0\" cellpadding=\"0\">\n<tr>\n<td valign=\"top\">\n<div style=\"font-size:13px;color:#534438;line-height:20px;\">\n<p style=\"margin:10px 0;\">The Urban Mojo Blues Band will play a gig in the Leeson Lounge.<\/a><\/p>\n<p style=\"margin:10px 0;\">Admission is free. <\/a><\/div>\n<div style=\"font-size:13px;color:#534438;line-height:20px;\"><\/div>\n<p style=\"font-size:13px;color:#534438;line-height:20px;\"><a style=\"color:#cc2979;text-decoration:none\" href=\"https:\/\/www.facebook.com\/The-Leeson-Lounge-114810058553792\/\">https:\/\/www.facebook.com\/The-Leeson-Lounge-114810058553792\/<\/a><\/p>\n<\/td>\n<td valign=\"top\"><\/td>\n<\/tr>\n<\/table>\n<\/td>\n<\/tr>\n<\/table>\n<\/td>\n<\/tr>\n<\/table>\n<table width=\"100%\" cellpadding=\"0\" cellspacing=\"0\">\n<tr>\n<td style=\"padding:10px 30px\">\n<table width=\"100%\" cellpadding=\"0\" cellspacing=\"0\">\n<tr>\n<td width=\"52\" valign=\"top\"><img loading=\"lazy\" decoding=\"async\" src=\"http:\/\/dublineventguide.com\/dff\/admin\/images\/categories\/MUSIC.png\" width=\"32\" height=\"32\" \/><\/td>\n<td>\n<h2 style=\"font-size:16px;color:#534438;margin:0 0 5px;font-weight:normal\">Trad Sessions<\/h2>\n<h3 style=\"font-size:13px;margin:0;padding:0;line-height:16px;color:#534438;\"><img loading=\"lazy\" decoding=\"async\" src=\"http:\/\/dublineventguide.com\/dff\/admin\/images\/weekly.png\" width=\"69\" height=\"16\" style=\"display:inline;float:left;\" \/> 21:00 &#8211; 23:30, Mon 11 Jun<\/h3>\n<p style=\"font-size:13px;color:#534438;line-height:20px;margin:0;padding-top:0;\">Mother Reillys, 26\/28 Upper Rathmines Road, Rathmines, Dublin 6 <\/p>\n<table width=\"100%\" cellspacing=\"0\" cellpadding=\"0\">\n<tr>\n<td valign=\"top\">\n<div style=\"font-size:13px;color:#534438;line-height:20px;\">\n<p style=\"margin:10px 0;\">An Open Trad Music Session is taking place every Monday in Mother Reilly&#8217;s. Admission is free.<\/a><\/div>\n<div style=\"font-size:13px;color:#534438;line-height:20px;\"><\/div>\n<p style=\"font-size:13px;color:#534438;line-height:20px;\"><a style=\"color:#cc2979;text-decoration:none\" href=\"http:\/\/dublinsessions.ie\/mother-reillys\/\">http:\/\/dublinsessions.ie\/mother-reillys\/<\/a><\/p>\n<\/td>\n<td valign=\"top\"><\/td>\n<\/tr>\n<\/table>\n<\/td>\n<\/tr>\n<\/table>\n<\/td>\n<\/tr>\n<\/table>\n<table width=\"100%\" cellpadding=\"0\" cellspacing=\"0\">\n<tr>\n<td style=\"padding:10px 30px\">\n<table width=\"100%\" cellpadding=\"0\" cellspacing=\"0\">\n<tr>\n<td width=\"52\" valign=\"top\"><img loading=\"lazy\" decoding=\"async\" src=\"http:\/\/dublineventguide.com\/dff\/admin\/images\/categories\/MUSIC.png\" width=\"32\" height=\"32\" \/><\/td>\n<td>\n<h2 style=\"font-size:16px;color:#534438;margin:0 0 5px;font-weight:normal\">That&#8217;s It Recordings &#8211; Open Mic<\/h2>\n<h3 style=\"font-size:13px;margin:0;padding:0;line-height:16px;color:#534438;\"><img loading=\"lazy\" decoding=\"async\" src=\"http:\/\/dublineventguide.com\/dff\/admin\/images\/weekly.png\" width=\"69\" height=\"16\" style=\"display:inline;float:left;\" \/> 22:00, Mon 11 Jun<\/h3>\n<p style=\"font-size:13px;color:#534438;line-height:20px;margin:0;padding-top:0;\">Sin \u00c9, 14 Ormond Quay, Dublin 1<\/p>\n<table width=\"100%\" cellspacing=\"0\" cellpadding=\"0\">\n<tr>\n<td valign=\"top\">\n<div style=\"font-size:13px;color:#534438;line-height:20px;\">\n<p style=\"margin:10px 0;\">That&#8217;s It Recordings is an open mic every Monday at Sin E. Just turn up and play. Sign up before 22:00 to ensure you get a slot. Bring a USB stick along and you will get a recording of your music to take home.<\/a><\/p>\n<p style=\"margin:10px 0;\">Admission is free.<\/a><\/div>\n<div style=\"font-size:13px;color:#534438;line-height:20px;\"><\/div>\n<p style=\"font-size:13px;color:#534438;line-height:20px;\"><a style=\"color:#cc2979;text-decoration:none\" href=\"http:\/\/sin-e.ie\/events\/\">http:\/\/sin-e.ie\/events\/<\/a><\/p>\n<\/td>\n<td valign=\"top\"><\/td>\n<\/tr>\n<\/table>\n<\/td>\n<\/tr>\n<\/table>\n<\/td>\n<\/tr>\n<\/table>\n<table width=\"100%\" cellpadding=\"0\" cellspacing=\"0\" id=\"day_1528758000\" style=\"margin-top: 10px;\">\n<tr height=\"34\" style=\"background-color:#c20162;color:#fff\">\n<td style=\"padding: 0; line-height: 1; height: 34px; overflow: hidden;\">\n<p style=\"width:630px;padding-left:30px;margin: 0; height: 34px; overflow: hidden; line-height: 34px;\"><a name=\"day_1528758000\"><\/a><strong>Tuesday  <\/strong> 12 Jun\t\t\t\t\t\t<\/p>\n<\/td>\n<td>\n<p style=\"margin:0;line-height:34px;padding:0;font-size:13px;\"><a href=\"#dff_top\" style=\"color:#fff;text-decoration:none\">back to top<\/a><\/p>\n<\/td>\n<td>\n<p style=\"margin:0;padding:0;font-size:13px;\"><a href=\"#dff_top\" style=\"color:#fff;text-decoration:none\"><img loading=\"lazy\" decoding=\"async\" src=\"http:\/\/dublineventguide.com\/dff\/admin\/images\/dividers\/date_toplink.png\" width=\"38\" height=\"34\" alt=\"Back to top\" \/><\/a><\/p>\n<\/td>\n<td width=\"50\">\n<\/td>\n<\/tr>\n<\/table>\n<table width=\"100%\" cellpadding=\"0\" cellspacing=\"0\">\n<tr>\n<td style=\"padding:10px 30px\">\n<table width=\"100%\" cellpadding=\"0\" cellspacing=\"0\">\n<tr>\n<td width=\"52\" valign=\"top\"><img loading=\"lazy\" decoding=\"async\" src=\"http:\/\/dublineventguide.com\/dff\/admin\/images\/categories\/ACTIVITY.png\" width=\"32\" height=\"32\" \/><\/td>\n<td>\n<h2 style=\"font-size:16px;color:#534438;margin:0 0 5px;font-weight:normal\">Bike Week 2018<\/h2>\n<h3 style=\"font-size:13px;margin:0;padding:0;line-height:16px;color:#534438;\">09:00, Tue 12 Jun<\/h3>\n<p style=\"font-size:13px;color:#534438;line-height:20px;margin:0;padding-top:0;\">Various locations in Dublin and Dun Laoghaire<\/p>\n<table width=\"100%\" cellspacing=\"0\" cellpadding=\"0\">\n<tr>\n<td valign=\"top\">\n<div style=\"font-size:13px;color:#534438;line-height:20px;\">\n<p style=\"margin:10px 0;\">Bike Week 2018 will take place from Sat 09 &#8211; Sun 17 June. There will be Bike Tours, Bike Maintenance Clinics, a Street Velodrome event, a Bike Fest and a Cycling Photo Exhibition.<\/a><\/p>\n<p>A lot of events are listed separately in this Dublin Event Guide, but to find out about the free Bike Maintenance Clinics, please check the website at <a>http:\/\/www.bikeweek.ie\/events<\/a><\/p>\n<p style=\"margin:10px 0;\">The &#8220;Everyday Cycling Photo Exhibition&#8221;, a collection current and historical images depicting the role of the bicycle in everyday and sometimes strange, situations, will be on show from 09-29 June in the offices of Dublin City Council on Wood Quay from Monday to Friday (09:00-17:00). Admission is free.<\/a><\/p>\n<p style=\"margin:10px 0;\">All Bike Week events are free.<\/a><\/div>\n<div style=\"font-size:13px;color:#534438;line-height:20px;\"><\/div>\n<p style=\"font-size:13px;color:#534438;line-height:20px;\"><a style=\"color:#cc2979;text-decoration:none\" href=\"http:\/\/www.bikeweek.ie\">http:\/\/www.bikeweek.ie<\/a><\/p>\n<\/td>\n<td valign=\"top\"><\/td>\n<\/tr>\n<\/table>\n<\/td>\n<\/tr>\n<\/table>\n<\/td>\n<\/tr>\n<\/table>\n<table width=\"100%\" cellpadding=\"0\" cellspacing=\"0\">\n<tr>\n<td style=\"padding:10px 30px\">\n<table width=\"100%\" cellpadding=\"0\" cellspacing=\"0\">\n<tr>\n<td width=\"52\" valign=\"top\"><img loading=\"lazy\" decoding=\"async\" src=\"http:\/\/dublineventguide.com\/dff\/admin\/images\/categories\/LITERATURE.png\" width=\"32\" height=\"32\" \/><\/td>\n<td>\n<h2 style=\"font-size:16px;color:#534438;margin:0 0 5px;font-weight:normal\">Bloomsday Events at James Joyce Tower and Museum<\/h2>\n<h3 style=\"font-size:13px;margin:0;padding:0;line-height:16px;color:#534438;\">10:00, Tue 12 Jun<\/h3>\n<p style=\"font-size:13px;color:#534438;line-height:20px;margin:0;padding-top:0;\">James Joyce Museum, Joyce Tower, Sandycove , Co. Dublin<\/p>\n<table width=\"100%\" cellspacing=\"0\" cellpadding=\"0\">\n<tr>\n<td valign=\"top\">\n<div style=\"font-size:13px;color:#534438;line-height:20px;\">\n<p style=\"margin:10px 0;\">Bloomsday is around the corner again. The James Joyce inspired day that causes major palpitations for Joyce fans and doesn&#8217;t move the rest in the slightest. The festival runs from Monday 11 June &#8211; Saturday 16 June with the main Bloomsday on Saturday 16 June.<\/a><\/p>\n<p style=\"margin:10px 0;\">There are plenty of events happening during the week, but nearly all of them are not free, some even quite pricey. Maybe that is an indication about the affluence of the audience that is Bloomsday mad?<\/a><\/p>\n<p style=\"margin:10px 0;\">Luckily there is one glorious exception! The James Joyce Museum in the James Joyce Tower in Sandycove will have a whole range events that are all free of charge.<\/a><\/p>\n<p style=\"margin:10px 0;\">The events are listed here:<\/a><\/p>\n<p>Sat 09 Jun: Actress Caitriona Ni Threasaigh presents her own performance of Molly Bloom at 14:00 and 16:00.<br \/>Sun 10 Jun: Performance at 15:00 by Irish tenor and Joycean music specialist Noel O\u2019Grady. <br \/>Mon 11 Jun: Hourly guided tours of the museum by volunteers (10:00-18:00)<br \/>Tue 12 Jun: Hourly guided tours of the museum by volunteers (10:00-18:00)<br \/>Wed 13 Jun: Hourly guided tours of the museum by volunteers (10:00-18:00)<br \/>Thu 14 Jun: Aidan Coleman presents his musical odyssey through Joyce\u2019s life and works at 12:00 and 15: 00<br \/>Fri 15 Jun: Darina Gallagher and Sinead Murphy will perform Joycean songs from 14:00<br \/>sat 16 Jun: The Tower opens at 08:00 for a day of Bloomsday festivities. Actor Bryan Murray reads excerpts from Ulysses at intervals over the morning and early afternoon, with occasional performances by Caitriona Ni Threaisaigh and Mary Pat Moloney and traditional contributions by Joycean pilgrims and the visiting public throughout the day.<\/p>\n<p style=\"margin:10px 0;\">&#8212;&#8212;<\/a><\/p>\n<p style=\"margin:10px 0;\">Admission to all events is free!<\/a><\/p>\n<p style=\"margin:10px 0;\"> <\/a><\/p>\n<p style=\"margin:10px 0;\"> <\/a><\/div>\n<div style=\"font-size:13px;color:#534438;line-height:20px;\"><\/div>\n<p style=\"font-size:13px;color:#534438;line-height:20px;\"><a style=\"color:#cc2979;text-decoration:none\" href=\"http:\/\/www.bloomsdayfestival.ie\/bloomsday-2018-programme\/2018\/6\/16\/bloomsday-at-the-james-joyce-tower-and-museum-sandycove\">http:\/\/www.bloomsdayfestival.ie\/bloomsday-2018-programme\/2018\/6\/16\/bloomsday-at-the-james-joyce-tower-and-museum-sandycove<\/a><\/p>\n<\/td>\n<td valign=\"top\"><\/td>\n<\/tr>\n<\/table>\n<\/td>\n<\/tr>\n<\/table>\n<\/td>\n<\/tr>\n<\/table>\n<table width=\"100%\" cellpadding=\"0\" cellspacing=\"0\">\n<tr>\n<td style=\"padding:10px 30px\">\n<table width=\"100%\" cellpadding=\"0\" cellspacing=\"0\">\n<tr>\n<td width=\"52\" valign=\"top\"><img loading=\"lazy\" decoding=\"async\" src=\"http:\/\/dublineventguide.com\/dff\/admin\/images\/categories\/ACTIVITY.png\" width=\"32\" height=\"32\" \/><\/td>\n<td>\n<h2 style=\"font-size:16px;color:#534438;margin:0 0 5px;font-weight:normal\">Street Velodrome &#8211; Dundrum &#8211; Bike Week<\/h2>\n<h3 style=\"font-size:13px;margin:0;padding:0;line-height:16px;color:#534438;\">10:00 &#8211; 18:00, Tue 12 Jun<\/h3>\n<p style=\"font-size:13px;color:#534438;line-height:20px;margin:0;padding-top:0;\">Dublin (various locations) <\/p>\n<table width=\"100%\" cellspacing=\"0\" cellpadding=\"0\">\n<tr>\n<td valign=\"top\">\n<div style=\"font-size:13px;color:#534438;line-height:20px;\">\n<p style=\"margin:10px 0;\">Street Velodrome is a pop-up cycling track that will give you an opportunity to try cycling like a professional cyclist. All equipment (bikes and helmet) will be provided and Pro Riders coaches will explain everything to you before you get racing.<\/a><\/p>\n<p style=\"margin:10px 0;\">The pop-up Street Velodrome will be in different locations in Dublin during Bike Week:<\/a><\/p>\n<p>+ Tue 12 June: Dundrum Town Centre. Register <a href=\"https:\/\/www.eventbrite.co.uk\/e\/access-streetvelodrome-dundrum-registration-44711637712\" target=\"_blank\" style=\"color:#cc2979;text-decoration:none;\">here<\/a>.<br \/>+ Wed 13 June: Blanchardstown Millennium Park. Register <a href=\"https:\/\/www.eventbrite.co.uk\/e\/access-streetvelodrome-blanchardstown-registration-44711600601\" target=\"_blank\" style=\"color:#cc2979;text-decoration:none;\">here<\/a>.<br \/>+ Thu 14 June: Smithfield Plaza. Register <a href=\"https:\/\/www.eventbrite.co.uk\/e\/access-streetvelodrome-dublin-registration-44709546457\" target=\"_blank\" style=\"color:#cc2979;text-decoration:none;\">here<\/a>.<br \/>+ Fri 15 June: Smithfield Plaza. Register <a href=\"https:\/\/www.eventbrite.co.uk\/e\/access-streetvelodrome-dublin-registration-46690411277\" target=\"_blank\" style=\"color:#cc2979;text-decoration:none;\">here<\/a>. <br \/>+ Sat 16 June: Smithield Plaza &#8211; Viking Pro Series for Pro\/Elit Riders. Register <a href=\"https:\/\/www.eventbrite.co.uk\/e\/viking-pro-series-dublin-registration-44633803909\" target=\"_blank\" style=\"color:#cc2979;text-decoration:none;\">here<\/a>.<\/p>\n<\/div>\n<div style=\"font-size:13px;color:#534438;line-height:20px;\"><\/div>\n<p style=\"font-size:13px;color:#534438;line-height:20px;\"><a style=\"color:#cc2979;text-decoration:none\" href=\"http:\/\/www.bikeweek.ie\/events\/dublin\/street-veldrome-event\">http:\/\/www.bikeweek.ie\/events\/dublin\/street-veldrome-event<\/a><\/p>\n<\/td>\n<td valign=\"top\"><\/td>\n<\/tr>\n<\/table>\n<\/td>\n<\/tr>\n<\/table>\n<\/td>\n<\/tr>\n<\/table>\n<table width=\"100%\" cellpadding=\"0\" cellspacing=\"0\">\n<tr>\n<td style=\"padding:10px 30px\">\n<table width=\"100%\" cellpadding=\"0\" cellspacing=\"0\">\n<tr>\n<td width=\"52\" valign=\"top\"><img loading=\"lazy\" decoding=\"async\" src=\"http:\/\/dublineventguide.com\/dff\/admin\/images\/categories\/ACTIVITY.png\" width=\"32\" height=\"32\" \/><\/td>\n<td>\n<h2 style=\"font-size:16px;color:#534438;margin:0 0 5px;font-weight:normal\">National Gallery Talks &#038; Tour<\/h2>\n<h3 style=\"font-size:13px;margin:0;padding:0;line-height:16px;color:#534438;\"><img loading=\"lazy\" decoding=\"async\" src=\"http:\/\/dublineventguide.com\/dff\/admin\/images\/weekly.png\" width=\"69\" height=\"16\" style=\"display:inline;float:left;\" \/> 11:30 &#8211; 16:50, Tue 12 Jun<\/h3>\n<p style=\"font-size:13px;color:#534438;line-height:20px;margin:0;padding-top:0;\">National Gallery, Merrion Square West, Dublin 2 <\/p>\n<table width=\"100%\" cellspacing=\"0\" cellpadding=\"0\">\n<tr>\n<td valign=\"top\">\n<div style=\"font-size:13px;color:#534438;line-height:20px;\">\n<p style=\"margin:10px 0;\">The National Gallery has an extensive programme of free talks, public tours and Art Documentary screenings every day of the week. Currently there is at least one free tour every day. Check their website for details. Some special events will be listed separately.<\/a><\/p>\n<p style=\"margin:10px 0;\">Admission to the gallery and to most events is free.<\/a><\/div>\n<div style=\"font-size:13px;color:#534438;line-height:20px;\"><\/div>\n<p style=\"font-size:13px;color:#534438;line-height:20px;\"><a style=\"color:#cc2979;text-decoration:none\" href=\"https:\/\/www.nationalgallery.ie\/whats-on\">https:\/\/www.nationalgallery.ie\/whats-on<\/a><\/p>\n<\/td>\n<td valign=\"top\"><\/td>\n<\/tr>\n<\/table>\n<\/td>\n<\/tr>\n<\/table>\n<\/td>\n<\/tr>\n<\/table>\n<table width=\"100%\" cellpadding=\"0\" cellspacing=\"0\">\n<tr>\n<td style=\"padding:10px 30px\">\n<table width=\"100%\" cellpadding=\"0\" cellspacing=\"0\">\n<tr>\n<td width=\"52\" valign=\"top\"><img loading=\"lazy\" decoding=\"async\" src=\"http:\/\/dublineventguide.com\/dff\/admin\/images\/categories\/MUSIC.png\" width=\"32\" height=\"32\" \/><\/td>\n<td>\n<h2 style=\"font-size:16px;color:#534438;margin:0 0 5px;font-weight:normal\">Bloomsday &#8211; Lunchtime Recital<\/h2>\n<h3 style=\"font-size:13px;margin:0;padding:0;line-height:16px;color:#534438;\">13:00, Tue 12 Jun<\/h3>\n<p style=\"font-size:13px;color:#534438;line-height:20px;margin:0;padding-top:0;\">Central Library, Ilac Shopping Centre, Henry Street, Dublin 1<\/p>\n<table width=\"100%\" cellspacing=\"0\" cellpadding=\"0\">\n<tr>\n<td valign=\"top\">\n<div style=\"font-size:13px;color:#534438;line-height:20px;\">\n<p>&#8220;Bloomsday: Lunchtime Recital&#8221; is a musical celebration of the songs which appear in and are referred to in the works of James Joyce. including <em>Down by the Sally Gardens<\/em>, <em>Love&#8217;s Old Sweet Song<\/em> and <em>Bid Adieu.<\/em> Performed by James Barry (baritone) with Margot Doherty on piano.<\/p>\n<p style=\"margin:10px 0;\">Admission is free, but booking is required via musiclibrary@dublincity.ie or 01 8734333<\/a><\/div>\n<div style=\"font-size:13px;color:#534438;line-height:20px;\"><\/div>\n<p style=\"font-size:13px;color:#534438;line-height:20px;\"><a style=\"color:#cc2979;text-decoration:none\" href=\"http:\/\/www.dublincity.ie\/main-menu-services-culture-and-amenities-dublin-city-public-libraries-and-archive-events\/june-music\">http:\/\/www.dublincity.ie\/main-menu-services-culture-and-amenities-dublin-city-public-libraries-and-archive-events\/june-music<\/a><\/p>\n<\/td>\n<td valign=\"top\"><\/td>\n<\/tr>\n<\/table>\n<\/td>\n<\/tr>\n<\/table>\n<\/td>\n<\/tr>\n<\/table>\n<table width=\"100%\" cellpadding=\"0\" cellspacing=\"0\">\n<tr>\n<td style=\"padding:10px 30px\">\n<table width=\"100%\" cellpadding=\"0\" cellspacing=\"0\">\n<tr>\n<td width=\"52\" valign=\"top\"><img loading=\"lazy\" decoding=\"async\" src=\"http:\/\/dublineventguide.com\/dff\/admin\/images\/categories\/ACTIVITY.png\" width=\"32\" height=\"32\" \/><\/td>\n<td>\n<h2 style=\"font-size:16px;color:#534438;margin:0 0 5px;font-weight:normal\">Low priced books with free delivery!<\/h2>\n<h3 style=\"font-size:13px;margin:0;padding:0;line-height:16px;color:#534438;\">13:00, Tue 12 Jun<\/h3>\n<p style=\"font-size:13px;color:#534438;line-height:20px;margin:0;padding-top:0;\">Dublin (various locations) <\/p>\n<table width=\"100%\" cellspacing=\"0\" cellpadding=\"0\">\n<tr>\n<td valign=\"top\">\n<div style=\"font-size:13px;color:#534438;line-height:20px;\">\n<p style=\"text-align: justify;\"><a href=\"http:\/\/www.bookdepository.com?a_aid=dubevg&#038;a_bid=ba35a05b\" target=\"_blank\"><img loading=\"lazy\" decoding=\"async\" style=\"float: left; margin: 4px;\" title=\"Free Delivery on all Books at the Book Depository\" src=\"http:\/\/banners1.bookdepository.com\/accounts\/default1\/banners\/P_Generic_125x125.gif\" alt=\"Free Delivery on all Books at the Book Depository\" width=\"125\" height=\"125\" \/><\/a><img loading=\"lazy\" decoding=\"async\" style=\"border: 0;\" src=\"https:\/\/affiliates.bookdepository.com\/scripts\/imp.php?a_aid=dubevg&#038;a_bid=ba35a05b\" alt=\"\" width=\"1\" height=\"1\" \/><\/p>\n<p style=\"text-align: left;\">If you regularly or occasionally buy books online, you can help the Dublin Event Guide hugely even without having to pay cent directly. In fact you even save money this way:<\/p>\n<p style=\"margin:10px 0;\">Buy your books from The Book Depository and get better prices and free (!!) delivery for all orders independent from the volume and when you click on the picture here before you buy, then 5% of what normally The Book Depository would get, they give back to the Dublin Event Guide. Everybody wins!<\/a><\/p>\n<p><a href=\"http:\/\/www.bookdepository.com?a_aid=dubevg\" style=\"color:#cc2979;text-decoration:none;\">http:\/\/www.bookdepository.com?a_aid=dubevg<\/a><\/p>\n<p>If you prefer Amazon to buy your books (for free postage you need to order a minimum of GBP 25), then use this <a href=\"http:\/\/www.amazon.co.uk\/?tag=dubevg-21\" target=\"_blank\" style=\"color:#cc2979;text-decoration:none;\">Amazon link<\/a> to help the Dublin Event Guide. Thanks!<\/p>\n<\/div>\n<div style=\"font-size:13px;color:#534438;line-height:20px;\"><\/div>\n<\/td>\n<td valign=\"top\"><\/td>\n<\/tr>\n<\/table>\n<\/td>\n<\/tr>\n<\/table>\n<\/td>\n<\/tr>\n<\/table>\n<table width=\"100%\" cellpadding=\"0\" cellspacing=\"0\">\n<tr>\n<td style=\"padding:10px 30px\">\n<table width=\"100%\" cellpadding=\"0\" cellspacing=\"0\">\n<tr>\n<td width=\"52\" valign=\"top\"><img loading=\"lazy\" decoding=\"async\" src=\"http:\/\/dublineventguide.com\/dff\/admin\/images\/categories\/TALKS.png\" width=\"32\" height=\"32\" \/><\/td>\n<td>\n<h2 style=\"font-size:16px;color:#534438;margin:0 0 5px;font-weight:normal\">Portrait of Bono &#8211; Pop-up Art Talk<\/h2>\n<h3 style=\"font-size:13px;margin:0;padding:0;line-height:16px;color:#534438;\">13:15 &#8211; 13:45, Tue 12 Jun<\/h3>\n<p style=\"font-size:13px;color:#534438;line-height:20px;margin:0;padding-top:0;\">National Gallery, Merrion Square West, Dublin 2 <\/p>\n<table width=\"100%\" cellspacing=\"0\" cellpadding=\"0\">\n<tr>\n<td valign=\"top\">\n<div style=\"font-size:13px;color:#534438;line-height:20px;\">\n<p style=\"margin:10px 0;\">The Pop-up talk &#8220;Portrait of Bono&#8221; will take place in Room 23. Join Mags Harnett for an informal talk in front of Louis Le Brocquy&#8217;s portrait of Bono.<\/a><\/p>\n<p style=\"margin:10px 0;\">Admission is free. <\/a><\/div>\n<div style=\"font-size:13px;color:#534438;line-height:20px;\"><\/div>\n<p style=\"font-size:13px;color:#534438;line-height:20px;\"><a style=\"color:#cc2979;text-decoration:none\" href=\"https:\/\/www.nationalgallery.ie\/portrait-bono\">https:\/\/www.nationalgallery.ie\/portrait-bono<\/a><\/p>\n<\/td>\n<td valign=\"top\"><\/td>\n<\/tr>\n<\/table>\n<\/td>\n<\/tr>\n<\/table>\n<\/td>\n<\/tr>\n<\/table>\n<table width=\"100%\" cellpadding=\"0\" cellspacing=\"0\">\n<tr>\n<td style=\"padding:10px 30px\">\n<table width=\"100%\" cellpadding=\"0\" cellspacing=\"0\">\n<tr>\n<td width=\"52\" valign=\"top\"><img loading=\"lazy\" decoding=\"async\" src=\"http:\/\/dublineventguide.com\/dff\/admin\/images\/categories\/ACTIVITY.png\" width=\"32\" height=\"32\" \/><\/td>\n<td>\n<h2 style=\"font-size:16px;color:#534438;margin:0 0 5px;font-weight:normal\">Document Conservation Demonstration &#8211; Chester Beatty Library<\/h2>\n<h3 style=\"font-size:13px;margin:0;padding:0;line-height:16px;color:#534438;\">14:00, Tue 12 Jun<\/h3>\n<p style=\"font-size:13px;color:#534438;line-height:20px;margin:0;padding-top:0;\">Chester Beatty Library, Gardens of Dublin Castle, Dublin 2<\/p>\n<table width=\"100%\" cellspacing=\"0\" cellpadding=\"0\">\n<tr>\n<td valign=\"top\">\n<div style=\"font-size:13px;color:#534438;line-height:20px;\">\n<p style=\"margin:10px 0;\">At the &#8220;Ask a Conservator&#8221; event in the Chester Beatty Library, the Conservation team will present practical tips on how best to care for your collections at home.<\/a><\/p>\n<p style=\"margin:10px 0;\">During the session there will be time to quiz the conservators on any questions you might have concerning safe storage and display, but please do not bring in your treasures on the day.<\/a><\/p>\n<p style=\"margin:10px 0;\">Admission is free. <\/a><\/div>\n<div style=\"font-size:13px;color:#534438;line-height:20px;\"><\/div>\n<p style=\"font-size:13px;color:#534438;line-height:20px;\"><a style=\"color:#cc2979;text-decoration:none\" href=\"https:\/\/cbl.ticketsolve.com\/shows\/1173587953\">https:\/\/cbl.ticketsolve.com\/shows\/1173587953<\/a><\/p>\n<\/td>\n<td valign=\"top\"><\/td>\n<\/tr>\n<\/table>\n<\/td>\n<\/tr>\n<\/table>\n<\/td>\n<\/tr>\n<\/table>\n<table width=\"100%\" cellpadding=\"0\" cellspacing=\"0\">\n<tr>\n<td style=\"padding:10px 30px\">\n<table width=\"100%\" cellpadding=\"0\" cellspacing=\"0\">\n<tr>\n<td width=\"52\" valign=\"top\"><img loading=\"lazy\" decoding=\"async\" src=\"http:\/\/dublineventguide.com\/dff\/admin\/images\/categories\/ACTIVITY.png\" width=\"32\" height=\"32\" \/><\/td>\n<td>\n<h2 style=\"font-size:16px;color:#534438;margin:0 0 5px;font-weight:normal\">Phoenix Park Biodiversity Bike Tour &#8211; Bike Week<\/h2>\n<h3 style=\"font-size:13px;margin:0;padding:0;line-height:16px;color:#534438;\">18:30 &#8211; 20:30, Tue 12 Jun<\/h3>\n<p style=\"font-size:13px;color:#534438;line-height:20px;margin:0;padding-top:0;\">Phoenix Park Visitor Centre, Phoenix Park, Dublin 8<\/p>\n<table width=\"100%\" cellspacing=\"0\" cellpadding=\"0\">\n<tr>\n<td valign=\"top\">\n<div style=\"font-size:13px;color:#534438;line-height:20px;\">\n<p style=\"margin:10px 0;\">Leif Barry, Phoenix Park Biodiversity guide, will lead this Bike Week bike tour to explore the range of natural biodiversity in Phoenix Park. Marvel at the range of wildlife and plantlife that exists in the park. This is a family-friendly gentle tour with plenty of time for questions and chats.<\/a><\/p>\n<p style=\"margin:10px 0;\">Admission is free. Meet at the Visitor Centre in Phoenix Park.<\/a><\/div>\n<div style=\"font-size:13px;color:#534438;line-height:20px;\"><\/div>\n<p style=\"font-size:13px;color:#534438;line-height:20px;\"><a style=\"color:#cc2979;text-decoration:none\" href=\"http:\/\/www.bikeweek.ie\/events\/dublin\/phoenix-park-biodiversity-bike-tour\">http:\/\/www.bikeweek.ie\/events\/dublin\/phoenix-park-biodiversity-bike-tour<\/a><\/p>\n<\/td>\n<td valign=\"top\"><\/td>\n<\/tr>\n<\/table>\n<\/td>\n<\/tr>\n<\/table>\n<\/td>\n<\/tr>\n<\/table>\n<table width=\"100%\" cellpadding=\"0\" cellspacing=\"0\">\n<tr>\n<td style=\"padding:10px 30px\">\n<table width=\"100%\" cellpadding=\"0\" cellspacing=\"0\">\n<tr>\n<td width=\"52\" valign=\"top\"><img loading=\"lazy\" decoding=\"async\" src=\"http:\/\/dublineventguide.com\/dff\/admin\/images\/categories\/LITERATURE.png\" width=\"32\" height=\"32\" \/><\/td>\n<td>\n<h2 style=\"font-size:16px;color:#534438;margin:0 0 5px;font-weight:normal\">Reading Dante &#8211; in Italian<\/h2>\n<h3 style=\"font-size:13px;margin:0;padding:0;line-height:16px;color:#534438;\">18:30 &#8211; 20:00, Tue 12 Jun<\/h3>\n<p style=\"font-size:13px;color:#534438;line-height:20px;margin:0;padding-top:0;\">Italian Institute of Culture, 11 Fitzwilliam Square East, Dublin 2<\/p>\n<table width=\"100%\" cellspacing=\"0\" cellpadding=\"0\">\n<tr>\n<td valign=\"top\">\n<div style=\"font-size:13px;color:#534438;line-height:20px;\">\n<p style=\"margin:10px 0;\">The readings of Dante&#8217;s Purgatorio will continue in the Italian Institute of Culture. The readers will be Corinna Salvadori Lonergan and, for the third session, Daragh O\u2019Connell.<\/a><\/p>\n<p style=\"margin:10px 0;\">The next reading is &#8220;Purgatorio: Friendship, Poetry and Poets (XXIII-XXVI)&#8221;<\/a><\/p>\n<p style=\"margin:10px 0;\">Admission is free. <\/a><\/div>\n<div style=\"font-size:13px;color:#534438;line-height:20px;\"><\/div>\n<p style=\"font-size:13px;color:#534438;line-height:20px;\"><a style=\"color:#cc2979;text-decoration:none\" href=\"https:\/\/iicdublino.esteri.it\/iic_dublino\/en\/gli_eventi\/calendario\/2018\/05\/reading-dante-at-the-iic_2.html\">https:\/\/iicdublino.esteri.it\/iic_dublino\/en\/gli_eventi\/calendario\/2018\/05\/reading-dante-at-the-iic_2.html<\/a><\/p>\n<\/td>\n<td valign=\"top\"><\/td>\n<\/tr>\n<\/table>\n<\/td>\n<\/tr>\n<\/table>\n<\/td>\n<\/tr>\n<\/table>\n<table width=\"100%\" cellpadding=\"0\" cellspacing=\"0\">\n<tr>\n<td style=\"padding:10px 30px\">\n<table width=\"100%\" cellpadding=\"0\" cellspacing=\"0\">\n<tr>\n<td width=\"52\" valign=\"top\"><img loading=\"lazy\" decoding=\"async\" src=\"http:\/\/dublineventguide.com\/dff\/admin\/images\/categories\/ACTIVITY.png\" width=\"32\" height=\"32\" \/><\/td>\n<td>\n<h2 style=\"font-size:16px;color:#534438;margin:0 0 5px;font-weight:normal\">The Dublin Language Exchange &#8211; Meetup<\/h2>\n<h3 style=\"font-size:13px;margin:0;padding:0;line-height:16px;color:#534438;\"><img loading=\"lazy\" decoding=\"async\" src=\"http:\/\/dublineventguide.com\/dff\/admin\/images\/weekly.png\" width=\"69\" height=\"16\" style=\"display:inline;float:left;\" \/> 19:00, Tue 12 Jun<\/h3>\n<p style=\"font-size:13px;color:#534438;line-height:20px;margin:0;padding-top:0;\">Czech Inn, Essex Gate, Temple Bar, Dublin 2<\/p>\n<table width=\"100%\" cellspacing=\"0\" cellpadding=\"0\">\n<tr>\n<td valign=\"top\">\n<div style=\"font-size:13px;color:#534438;line-height:20px;\">\n<p style=\"margin:10px 0;\">EveryTuesday at 19:00, The Dublin Language Exchange takes place in the Czech Inn. It is the biggest free meeting of people from all around Dublin that are interested in learning languages and communicate with speakers of other languages.<\/a><\/p>\n<p style=\"margin:10px 0;\">Admission is free and the meetup is completely informal. No booking required.<\/a><\/div>\n<div style=\"font-size:13px;color:#534438;line-height:20px;\"><\/div>\n<p style=\"font-size:13px;color:#534438;line-height:20px;\"><a style=\"color:#cc2979;text-decoration:none\" href=\"https:\/\/www.facebook.com\/Dublin-Language-Exchange-131803433533696\/\">https:\/\/www.facebook.com\/Dublin-Language-Exchange-131803433533696\/<\/a><\/p>\n<\/td>\n<td valign=\"top\"><\/td>\n<\/tr>\n<\/table>\n<\/td>\n<\/tr>\n<\/table>\n<\/td>\n<\/tr>\n<\/table>\n<table width=\"100%\" cellpadding=\"0\" cellspacing=\"0\">\n<tr>\n<td style=\"padding:10px 30px\">\n<table width=\"100%\" cellpadding=\"0\" cellspacing=\"0\">\n<tr>\n<td width=\"52\" valign=\"top\"><img loading=\"lazy\" decoding=\"async\" src=\"http:\/\/dublineventguide.com\/dff\/admin\/images\/categories\/MUSIC.png\" width=\"32\" height=\"32\" \/><\/td>\n<td>\n<h2 style=\"font-size:16px;color:#534438;margin:0 0 5px;font-weight:normal\">Ben Prevo &#8211; Gig<\/h2>\n<h3 style=\"font-size:13px;margin:0;padding:0;line-height:16px;color:#534438;\">20:00, Tue 12 Jun<\/h3>\n<p style=\"font-size:13px;color:#534438;line-height:20px;margin:0;padding-top:0;\">The Bowery, 196 Rathmines Road Lower, Rathmines, Dublin 6<\/p>\n<table width=\"100%\" cellspacing=\"0\" cellpadding=\"0\">\n<tr>\n<td valign=\"top\">\n<div style=\"font-size:13px;color:#534438;line-height:20px;\">\n<p style=\"margin:10px 0;\">Ben Prevo will be for his weekly gig in the Bowery. Expect Blues, Funk, Jazz and even Country.<\/a><\/p>\n<p style=\"margin:10px 0;\">Admission is free.<\/a><\/div>\n<div style=\"font-size:13px;color:#534438;line-height:20px;\"><\/div>\n<p style=\"font-size:13px;color:#534438;line-height:20px;\"><a style=\"color:#cc2979;text-decoration:none\" href=\"http:\/\/thebowery.ie\/calander\/\">http:\/\/thebowery.ie\/calander\/<\/a><\/p>\n<\/td>\n<td valign=\"top\"><\/td>\n<\/tr>\n<\/table>\n<\/td>\n<\/tr>\n<\/table>\n<\/td>\n<\/tr>\n<\/table>\n<table width=\"100%\" cellpadding=\"0\" cellspacing=\"0\">\n<tr>\n<td style=\"padding:10px 30px\">\n<table width=\"100%\" cellpadding=\"0\" cellspacing=\"0\">\n<tr>\n<td width=\"52\" valign=\"top\"><img loading=\"lazy\" decoding=\"async\" src=\"http:\/\/dublineventguide.com\/dff\/admin\/images\/categories\/COMEDY.png\" width=\"32\" height=\"32\" \/><\/td>\n<td>\n<h2 style=\"font-size:16px;color:#534438;margin:0 0 5px;font-weight:normal\">Camden Comedy<\/h2>\n<h3 style=\"font-size:13px;margin:0;padding:0;line-height:16px;color:#534438;\">20:00 &#8211; 22:30, Tue 12 Jun<\/h3>\n<p style=\"font-size:13px;color:#534438;line-height:20px;margin:0;padding-top:0;\">Anseo, 18 Camden Street Lower, Dublin 2 <\/p>\n<table width=\"100%\" cellspacing=\"0\" cellpadding=\"0\">\n<tr>\n<td valign=\"top\">\n<div style=\"font-size:13px;color:#534438;line-height:20px;\">\n<p style=\"margin:10px 0;\">Camden Comedy is a weekly comedy night on a Tuesday that I only found recently.<\/a><\/p>\n<p style=\"margin:10px 0;\">Every Tuesday they have a whole range of comedians and admission is free.<\/a><\/div>\n<div style=\"font-size:13px;color:#534438;line-height:20px;\"><\/div>\n<p style=\"font-size:13px;color:#534438;line-height:20px;\"><a style=\"color:#cc2979;text-decoration:none\" href=\"https:\/\/www.facebook.com\/CamdenComedyDublin\/\">https:\/\/www.facebook.com\/CamdenComedyDublin\/<\/a><\/p>\n<\/td>\n<td valign=\"top\"><\/td>\n<\/tr>\n<\/table>\n<\/td>\n<\/tr>\n<\/table>\n<\/td>\n<\/tr>\n<\/table>\n<table width=\"100%\" cellpadding=\"0\" cellspacing=\"0\">\n<tr>\n<td style=\"padding:10px 30px\">\n<table width=\"100%\" cellpadding=\"0\" cellspacing=\"0\">\n<tr>\n<td width=\"52\" valign=\"top\"><img loading=\"lazy\" decoding=\"async\" src=\"http:\/\/dublineventguide.com\/dff\/admin\/images\/categories\/MUSIC.png\" width=\"32\" height=\"32\" \/><\/td>\n<td>\n<h2 style=\"font-size:16px;color:#534438;margin:0 0 5px;font-weight:normal\">Dublin Bluegrass Collective &#8211; Gig<\/h2>\n<h3 style=\"font-size:13px;margin:0;padding:0;line-height:16px;color:#534438;\"><img loading=\"lazy\" decoding=\"async\" src=\"http:\/\/dublineventguide.com\/dff\/admin\/images\/weekly.png\" width=\"69\" height=\"16\" style=\"display:inline;float:left;\" \/> 20:00, Tue 12 Jun<\/h3>\n<p style=\"font-size:13px;color:#534438;line-height:20px;margin:0;padding-top:0;\">Sin \u00c9, 14 Ormond Quay, Dublin 1<\/p>\n<table width=\"100%\" cellspacing=\"0\" cellpadding=\"0\">\n<tr>\n<td valign=\"top\">\n<div style=\"font-size:13px;color:#534438;line-height:20px;\">\n<p style=\"margin:10px 0;\">Rumours have it that the Bluegrass Collective will perform in Sin \u00c9 on Tuesday and there might even be an open Bluegrass Jam! Admission is free.<\/a><\/div>\n<div style=\"font-size:13px;color:#534438;line-height:20px;\"><\/div>\n<p style=\"font-size:13px;color:#534438;line-height:20px;\"><a style=\"color:#cc2979;text-decoration:none\" href=\"https:\/\/www.facebook.com\/Sin.E.Pub\">https:\/\/www.facebook.com\/Sin.E.Pub<\/a><\/p>\n<\/td>\n<td valign=\"top\"><\/td>\n<\/tr>\n<\/table>\n<\/td>\n<\/tr>\n<\/table>\n<\/td>\n<\/tr>\n<\/table>\n<table width=\"100%\" cellpadding=\"0\" cellspacing=\"0\">\n<tr>\n<td style=\"padding:10px 30px\">\n<table width=\"100%\" cellpadding=\"0\" cellspacing=\"0\">\n<tr>\n<td width=\"52\" valign=\"top\"><img loading=\"lazy\" decoding=\"async\" src=\"http:\/\/dublineventguide.com\/dff\/admin\/images\/categories\/COMEDY.png\" width=\"32\" height=\"32\" \/><\/td>\n<td>\n<h2 style=\"font-size:16px;color:#534438;margin:0 0 5px;font-weight:normal\">Jesters Open Mic Comedy Night<\/h2>\n<h3 style=\"font-size:13px;margin:0;padding:0;line-height:16px;color:#534438;\">20:00 &#8211; 22:00, Tue 12 Jun<\/h3>\n<p style=\"font-size:13px;color:#534438;line-height:20px;margin:0;padding-top:0;\">Sin \u00c9, 14 Ormond Quay, Dublin 1<\/p>\n<table width=\"100%\" cellspacing=\"0\" cellpadding=\"0\">\n<tr>\n<td valign=\"top\">\n<div style=\"font-size:13px;color:#534438;line-height:20px;\">\n<p style=\"margin:10px 0;\">Jesters is a weekly open mic comedy event where a lot of comedians do 5 minutes of material.<\/a><\/p>\n<p style=\"margin:10px 0;\">Admission is free. If you would like to perform then send a message to the Jesters Facebook Page via the link below.<\/a><\/div>\n<div style=\"font-size:13px;color:#534438;line-height:20px;\"><\/div>\n<p style=\"font-size:13px;color:#534438;line-height:20px;\"><a style=\"color:#cc2979;text-decoration:none\" href=\"https:\/\/www.facebook.com\/jesterscomedy\/\">https:\/\/www.facebook.com\/jesterscomedy\/<\/a><\/p>\n<\/td>\n<td valign=\"top\"><\/td>\n<\/tr>\n<\/table>\n<\/td>\n<\/tr>\n<\/table>\n<\/td>\n<\/tr>\n<\/table>\n<table width=\"100%\" cellpadding=\"0\" cellspacing=\"0\">\n<tr>\n<td style=\"padding:10px 30px\">\n<table width=\"100%\" cellpadding=\"0\" cellspacing=\"0\">\n<tr>\n<td width=\"52\" valign=\"top\"><img loading=\"lazy\" decoding=\"async\" src=\"http:\/\/dublineventguide.com\/dff\/admin\/images\/categories\/MUSIC.png\" width=\"32\" height=\"32\" \/><\/td>\n<td>\n<h2 style=\"font-size:16px;color:#534438;margin:0 0 5px;font-weight:normal\">Ukulele Tuesday &#8211; Jam&#038;Gig<\/h2>\n<h3 style=\"font-size:13px;margin:0;padding:0;line-height:16px;color:#534438;\"><img loading=\"lazy\" decoding=\"async\" src=\"http:\/\/dublineventguide.com\/dff\/admin\/images\/weekly.png\" width=\"69\" height=\"16\" style=\"display:inline;float:left;\" \/> 20:00 &#8211; 23:30, Tue 12 Jun<\/h3>\n<p style=\"font-size:13px;color:#534438;line-height:20px;margin:0;padding-top:0;\">Stag&#8217;s Head, Dame Lane, Dublin 2 <\/p>\n<table width=\"100%\" cellspacing=\"0\" cellpadding=\"0\">\n<tr>\n<td valign=\"top\">\n<div style=\"font-size:13px;color:#534438;line-height:20px;\">\n<p style=\"margin:10px 0;\">Every Tuesday an informal sing along with Ukulele and Toy Musical Instruments takes place in the Stag&#8217;s Head. Just bring your instrument and come along. Beginners are welcome. Admission is free and further details (and a big book of songs) are available on the Facebook Page below.<\/a><\/div>\n<div style=\"font-size:13px;color:#534438;line-height:20px;\"><\/div>\n<p style=\"font-size:13px;color:#534438;line-height:20px;\"><a style=\"color:#cc2979;text-decoration:none\" href=\"https:\/\/www.facebook.com\/UkuleleTuesday\">https:\/\/www.facebook.com\/UkuleleTuesday<\/a><\/p>\n<\/td>\n<td valign=\"top\"><\/td>\n<\/tr>\n<\/table>\n<\/td>\n<\/tr>\n<\/table>\n<\/td>\n<\/tr>\n<\/table>\n<table width=\"100%\" cellpadding=\"0\" cellspacing=\"0\">\n<tr>\n<td style=\"padding:10px 30px\">\n<table width=\"100%\" cellpadding=\"0\" cellspacing=\"0\">\n<tr>\n<td width=\"52\" valign=\"top\"><img loading=\"lazy\" decoding=\"async\" src=\"http:\/\/dublineventguide.com\/dff\/admin\/images\/categories\/COMEDY.png\" width=\"32\" height=\"32\" \/><\/td>\n<td>\n<h2 style=\"font-size:16px;color:#534438;margin:0 0 5px;font-weight:normal\">Comedy Crunch<\/h2>\n<h3 style=\"font-size:13px;margin:0;padding:0;line-height:16px;color:#534438;\"><img loading=\"lazy\" decoding=\"async\" src=\"http:\/\/dublineventguide.com\/dff\/admin\/images\/weekly.png\" width=\"69\" height=\"16\" style=\"display:inline;float:left;\" \/> 21:00 &#8211; 23:00, Tue 12 Jun<\/h3>\n<p style=\"font-size:13px;color:#534438;line-height:20px;margin:0;padding-top:0;\">Stag&#8217;s Head (downstairs), Dame Lane, Dublin 2 <\/p>\n<table width=\"100%\" cellspacing=\"0\" cellpadding=\"0\">\n<tr>\n<td valign=\"top\">\n<div style=\"font-size:13px;color:#534438;line-height:20px;\">\n<p style=\"margin:10px 0;\">The Comedy Crunch is a free Stand Up comedy event every Sunday, Monday and Tuesday. Every week different comedians entertain and on top of good comedy you will get free ice cream. Admission is free. The line-up can be found via the Comedy Crunch Facebook Page (see link below).<\/a><\/div>\n<div style=\"font-size:13px;color:#534438;line-height:20px;\"><\/div>\n<p style=\"font-size:13px;color:#534438;line-height:20px;\"><a style=\"color:#cc2979;text-decoration:none\" href=\"http:\/\/www.facebook.com\/pages\/The-Comedy-Crunch\/83791357330\">http:\/\/www.facebook.com\/pages\/The-Comedy-Crunch\/83791357330<\/a><\/p>\n<\/td>\n<td valign=\"top\"><\/td>\n<\/tr>\n<\/table>\n<\/td>\n<\/tr>\n<\/table>\n<\/td>\n<\/tr>\n<\/table>\n<table width=\"100%\" cellpadding=\"0\" cellspacing=\"0\">\n<tr>\n<td style=\"padding:10px 30px\">\n<table width=\"100%\" cellpadding=\"0\" cellspacing=\"0\">\n<tr>\n<td width=\"52\" valign=\"top\"><img loading=\"lazy\" decoding=\"async\" src=\"http:\/\/dublineventguide.com\/dff\/admin\/images\/categories\/MUSIC.png\" width=\"32\" height=\"32\" \/><\/td>\n<td>\n<h2 style=\"font-size:16px;color:#534438;margin:0 0 5px;font-weight:normal\">The Lounge Quintet &#8211; Jazz Gig<\/h2>\n<h3 style=\"font-size:13px;margin:0;padding:0;line-height:16px;color:#534438;\"><img loading=\"lazy\" decoding=\"async\" src=\"http:\/\/dublineventguide.com\/dff\/admin\/images\/weekly.png\" width=\"69\" height=\"16\" style=\"display:inline;float:left;\" \/> 21:00, Tue 12 Jun<\/h3>\n<p style=\"font-size:13px;color:#534438;line-height:20px;margin:0;padding-top:0;\">Leeson Lounge, 148 Upper Leeson Street, Dublin 4<\/p>\n<table width=\"100%\" cellspacing=\"0\" cellpadding=\"0\">\n<tr>\n<td valign=\"top\">\n<div style=\"font-size:13px;color:#534438;line-height:20px;\">\n<p style=\"margin:10px 0;\">The Lounge Quintet plays this gig every Tuesday: Jazz Standards, Latin and Bebop. Often guest musicians and singers join them. Admission is free, donations are welcome.<\/a><\/div>\n<div style=\"font-size:13px;color:#534438;line-height:20px;\"><\/div>\n<p style=\"font-size:13px;color:#534438;line-height:20px;\"><a style=\"color:#cc2979;text-decoration:none\" href=\"https:\/\/www.facebook.com\/pages\/The-Leeson-Lounge\/114810058553792\">https:\/\/www.facebook.com\/pages\/The-Leeson-Lounge\/114810058553792<\/a><\/p>\n<\/td>\n<td valign=\"top\"><\/td>\n<\/tr>\n<\/table>\n<\/td>\n<\/tr>\n<\/table>\n<\/td>\n<\/tr>\n<\/table>\n<table width=\"100%\" cellpadding=\"0\" cellspacing=\"0\">\n<tr>\n<td style=\"padding:10px 30px\">\n<table width=\"100%\" cellpadding=\"0\" cellspacing=\"0\">\n<tr>\n<td width=\"52\" valign=\"top\"><img loading=\"lazy\" decoding=\"async\" src=\"http:\/\/dublineventguide.com\/dff\/admin\/images\/categories\/MUSIC.png\" width=\"32\" height=\"32\" \/><\/td>\n<td>\n<h2 style=\"font-size:16px;color:#534438;margin:0 0 5px;font-weight:normal\">International Bar Jazz Night<\/h2>\n<h3 style=\"font-size:13px;margin:0;padding:0;line-height:16px;color:#534438;\"><img loading=\"lazy\" decoding=\"async\" src=\"http:\/\/dublineventguide.com\/dff\/admin\/images\/weekly.png\" width=\"69\" height=\"16\" style=\"display:inline;float:left;\" \/> 21:30, Tue 12 Jun<\/h3>\n<p style=\"font-size:13px;color:#534438;line-height:20px;margin:0;padding-top:0;\">The International Bar, 23 Wicklow Street, Dublin 2<\/p>\n<table width=\"100%\" cellspacing=\"0\" cellpadding=\"0\">\n<tr>\n<td valign=\"top\">\n<div style=\"font-size:13px;color:#534438;line-height:20px;\">\n<p style=\"margin:10px 0;\">Every Tuesday and Thursday the International Bar invites to a Jazz night in the Lounge.<\/a><\/p>\n<p style=\"margin:10px 0;\">Groups led by Cote Calmet, Sean Maynard Smith, Dominic Mullan, Paddy Groenland, Georgia Cusack &#038; Alex Mathias are performing regularly with occasional guest players, but there are also other bands from all over.<\/a><\/p>\n<p style=\"margin:10px 0;\">Admission is free, with a suggested donation of EUR 5. The website clearly says that there is no entry fee, but &#8211; and that makes a lot of sense &#8211; that your donations are very much appreciated (Musicians need to pay for rent and food too!) Be generous after the gig if you liked it, but if someone wants to charge an admission charge, please point out that the &#8220;rules&#8221; as described on their website are like I have explained.<\/a><\/div>\n<div style=\"font-size:13px;color:#534438;line-height:20px;\"><\/div>\n<p style=\"font-size:13px;color:#534438;line-height:20px;\"><a style=\"color:#cc2979;text-decoration:none\" href=\"http:\/\/www.international-bar.com\/jazz\/\">http:\/\/www.international-bar.com\/jazz\/<\/a><\/p>\n<\/td>\n<td valign=\"top\"><\/td>\n<\/tr>\n<\/table>\n<\/td>\n<\/tr>\n<\/table>\n<\/td>\n<\/tr>\n<\/table>\n<table width=\"100%\" cellpadding=\"0\" cellspacing=\"0\">\n<tr>\n<td style=\"padding:10px 30px\">\n<table width=\"100%\" cellpadding=\"0\" cellspacing=\"0\">\n<tr>\n<td width=\"52\" valign=\"top\"><img loading=\"lazy\" decoding=\"async\" src=\"http:\/\/dublineventguide.com\/dff\/admin\/images\/categories\/ACTIVITY.png\" width=\"32\" height=\"32\" \/><\/td>\n<td>\n<h2 style=\"font-size:16px;color:#534438;margin:0 0 5px;font-weight:normal\">Woolshed Pub Quiz<\/h2>\n<h3 style=\"font-size:13px;margin:0;padding:0;line-height:16px;color:#534438;\"><img loading=\"lazy\" decoding=\"async\" src=\"http:\/\/dublineventguide.com\/dff\/admin\/images\/weekly.png\" width=\"69\" height=\"16\" style=\"display:inline;float:left;\" \/> 21:30, Tue 12 Jun<\/h3>\n<p style=\"font-size:13px;color:#534438;line-height:20px;margin:0;padding-top:0;\">Woolshed Bar &#038; Grill, Parnell Street, Dublin 1<\/p>\n<table width=\"100%\" cellspacing=\"0\" cellpadding=\"0\">\n<tr>\n<td valign=\"top\">\n<div style=\"font-size:13px;color:#534438;line-height:20px;\">\n<p style=\"margin:10px 0;\">Every Tuesday, a pub quiz is taking place in the Woolshed.<\/a><\/p>\n<p style=\"margin:10px 0;\">Admission is free. Max team size is 6 people.<\/a><\/div>\n<div style=\"font-size:13px;color:#534438;line-height:20px;\"><\/div>\n<p style=\"font-size:13px;color:#534438;line-height:20px;\"><a style=\"color:#cc2979;text-decoration:none\" href=\"http:\/\/www.woolshedbaa.com\">http:\/\/www.woolshedbaa.com<\/a><\/p>\n<\/td>\n<td valign=\"top\"><\/td>\n<\/tr>\n<\/table>\n<\/td>\n<\/tr>\n<\/table>\n<\/td>\n<\/tr>\n<\/table>\n<table width=\"100%\" cellpadding=\"0\" cellspacing=\"0\" id=\"day_1528844400\" style=\"margin-top: 10px;\">\n<tr height=\"34\" style=\"background-color:#c20162;color:#fff\">\n<td style=\"padding: 0; line-height: 1; height: 34px; overflow: hidden;\">\n<p style=\"width:630px;padding-left:30px;margin: 0; height: 34px; overflow: hidden; line-height: 34px;\"><a name=\"day_1528844400\"><\/a><strong>Wednesday  <\/strong> 13 Jun\t\t\t\t\t\t<\/p>\n<\/td>\n<td>\n<p style=\"margin:0;line-height:34px;padding:0;font-size:13px;\"><a href=\"#dff_top\" style=\"color:#fff;text-decoration:none\">back to top<\/a><\/p>\n<\/td>\n<td>\n<p style=\"margin:0;padding:0;font-size:13px;\"><a href=\"#dff_top\" style=\"color:#fff;text-decoration:none\"><img loading=\"lazy\" decoding=\"async\" src=\"http:\/\/dublineventguide.com\/dff\/admin\/images\/dividers\/date_toplink.png\" width=\"38\" height=\"34\" alt=\"Back to top\" \/><\/a><\/p>\n<\/td>\n<td width=\"50\">\n<\/td>\n<\/tr>\n<\/table>\n<table width=\"100%\" cellpadding=\"0\" cellspacing=\"0\">\n<tr>\n<td style=\"padding:10px 30px\">\n<table width=\"100%\" cellpadding=\"0\" cellspacing=\"0\">\n<tr>\n<td width=\"52\" valign=\"top\"><img loading=\"lazy\" decoding=\"async\" src=\"http:\/\/dublineventguide.com\/dff\/admin\/images\/categories\/ACTIVITY.png\" width=\"32\" height=\"32\" \/><\/td>\n<td>\n<h2 style=\"font-size:16px;color:#534438;margin:0 0 5px;font-weight:normal\">Bike Week 2018<\/h2>\n<h3 style=\"font-size:13px;margin:0;padding:0;line-height:16px;color:#534438;\">09:00, Wed 13 Jun<\/h3>\n<p style=\"font-size:13px;color:#534438;line-height:20px;margin:0;padding-top:0;\">Various locations in Dublin and Dun Laoghaire<\/p>\n<table width=\"100%\" cellspacing=\"0\" cellpadding=\"0\">\n<tr>\n<td valign=\"top\">\n<div style=\"font-size:13px;color:#534438;line-height:20px;\">\n<p style=\"margin:10px 0;\">Bike Week 2018 will take place from Sat 09 &#8211; Sun 17 June. There will be Bike Tours, Bike Maintenance Clinics, a Street Velodrome event, a Bike Fest and a Cycling Photo Exhibition.<\/a><\/p>\n<p>A lot of events are listed separately in this Dublin Event Guide, but to find out about the free Bike Maintenance Clinics, please check the website at <a>http:\/\/www.bikeweek.ie\/events<\/a><\/p>\n<p style=\"margin:10px 0;\">The &#8220;Everyday Cycling Photo Exhibition&#8221;, a collection current and historical images depicting the role of the bicycle in everyday and sometimes strange, situations, will be on show from 09-29 June in the offices of Dublin City Council on Wood Quay from Monday to Friday (09:00-17:00). Admission is free.<\/a><\/p>\n<p style=\"margin:10px 0;\">All Bike Week events are free.<\/a><\/div>\n<div style=\"font-size:13px;color:#534438;line-height:20px;\"><\/div>\n<p style=\"font-size:13px;color:#534438;line-height:20px;\"><a style=\"color:#cc2979;text-decoration:none\" href=\"http:\/\/www.bikeweek.ie\">http:\/\/www.bikeweek.ie<\/a><\/p>\n<\/td>\n<td valign=\"top\"><\/td>\n<\/tr>\n<\/table>\n<\/td>\n<\/tr>\n<\/table>\n<\/td>\n<\/tr>\n<\/table>\n<table width=\"100%\" cellpadding=\"0\" cellspacing=\"0\">\n<tr>\n<td style=\"padding:10px 30px\">\n<table width=\"100%\" cellpadding=\"0\" cellspacing=\"0\">\n<tr>\n<td width=\"52\" valign=\"top\"><img loading=\"lazy\" decoding=\"async\" src=\"http:\/\/dublineventguide.com\/dff\/admin\/images\/categories\/LITERATURE.png\" width=\"32\" height=\"32\" \/><\/td>\n<td>\n<h2 style=\"font-size:16px;color:#534438;margin:0 0 5px;font-weight:normal\">Bloomsday Events at James Joyce Tower and Museum<\/h2>\n<h3 style=\"font-size:13px;margin:0;padding:0;line-height:16px;color:#534438;\">10:00, Wed 13 Jun<\/h3>\n<p style=\"font-size:13px;color:#534438;line-height:20px;margin:0;padding-top:0;\">James Joyce Museum, Joyce Tower, Sandycove , Co. Dublin<\/p>\n<table width=\"100%\" cellspacing=\"0\" cellpadding=\"0\">\n<tr>\n<td valign=\"top\">\n<div style=\"font-size:13px;color:#534438;line-height:20px;\">\n<p style=\"margin:10px 0;\">Bloomsday is around the corner again. The James Joyce inspired day that causes major palpitations for Joyce fans and doesn&#8217;t move the rest in the slightest. The festival runs from Monday 11 June &#8211; Saturday 16 June with the main Bloomsday on Saturday 16 June.<\/a><\/p>\n<p style=\"margin:10px 0;\">There are plenty of events happening during the week, but nearly all of them are not free, some even quite pricey. Maybe that is an indication about the affluence of the audience that is Bloomsday mad?<\/a><\/p>\n<p style=\"margin:10px 0;\">Luckily there is one glorious exception! The James Joyce Museum in the James Joyce Tower in Sandycove will have a whole range events that are all free of charge.<\/a><\/p>\n<p style=\"margin:10px 0;\">The events are listed here:<\/a><\/p>\n<p>Sat 09 Jun: Actress Caitriona Ni Threasaigh presents her own performance of Molly Bloom at 14:00 and 16:00.<br \/>Sun 10 Jun: Performance at 15:00 by Irish tenor and Joycean music specialist Noel O\u2019Grady. <br \/>Mon 11 Jun: Hourly guided tours of the museum by volunteers (10:00-18:00)<br \/>Tue 12 Jun: Hourly guided tours of the museum by volunteers (10:00-18:00)<br \/>Wed 13 Jun: Hourly guided tours of the museum by volunteers (10:00-18:00)<br \/>Thu 14 Jun: Aidan Coleman presents his musical odyssey through Joyce\u2019s life and works at 12:00 and 15: 00<br \/>Fri 15 Jun: Darina Gallagher and Sinead Murphy will perform Joycean songs from 14:00<br \/>sat 16 Jun: The Tower opens at 08:00 for a day of Bloomsday festivities. Actor Bryan Murray reads excerpts from Ulysses at intervals over the morning and early afternoon, with occasional performances by Caitriona Ni Threaisaigh and Mary Pat Moloney and traditional contributions by Joycean pilgrims and the visiting public throughout the day.<\/p>\n<p style=\"margin:10px 0;\">&#8212;&#8212;<\/a><\/p>\n<p style=\"margin:10px 0;\">Admission to all events is free!<\/a><\/p>\n<p style=\"margin:10px 0;\"> <\/a><\/p>\n<p style=\"margin:10px 0;\"> <\/a><\/div>\n<div style=\"font-size:13px;color:#534438;line-height:20px;\"><\/div>\n<p style=\"font-size:13px;color:#534438;line-height:20px;\"><a style=\"color:#cc2979;text-decoration:none\" href=\"http:\/\/www.bloomsdayfestival.ie\/bloomsday-2018-programme\/2018\/6\/16\/bloomsday-at-the-james-joyce-tower-and-museum-sandycove\">http:\/\/www.bloomsdayfestival.ie\/bloomsday-2018-programme\/2018\/6\/16\/bloomsday-at-the-james-joyce-tower-and-museum-sandycove<\/a><\/p>\n<\/td>\n<td valign=\"top\"><\/td>\n<\/tr>\n<\/table>\n<\/td>\n<\/tr>\n<\/table>\n<\/td>\n<\/tr>\n<\/table>\n<table width=\"100%\" cellpadding=\"0\" cellspacing=\"0\">\n<tr>\n<td style=\"padding:10px 30px\">\n<table width=\"100%\" cellpadding=\"0\" cellspacing=\"0\">\n<tr>\n<td width=\"52\" valign=\"top\"><img loading=\"lazy\" decoding=\"async\" src=\"http:\/\/dublineventguide.com\/dff\/admin\/images\/categories\/ACTIVITY.png\" width=\"32\" height=\"32\" \/><\/td>\n<td>\n<h2 style=\"font-size:16px;color:#534438;margin:0 0 5px;font-weight:normal\">Street Velodrome &#8211; Blanchardstown &#8211; Bike Week<\/h2>\n<h3 style=\"font-size:13px;margin:0;padding:0;line-height:16px;color:#534438;\">10:00 &#8211; 18:00, Wed 13 Jun<\/h3>\n<p style=\"font-size:13px;color:#534438;line-height:20px;margin:0;padding-top:0;\">Dublin (various locations) <\/p>\n<table width=\"100%\" cellspacing=\"0\" cellpadding=\"0\">\n<tr>\n<td valign=\"top\">\n<div style=\"font-size:13px;color:#534438;line-height:20px;\">\n<p style=\"margin:10px 0;\">Street Velodrome is a pop-up cycling track that will give you an opportunity to try cycling like a professional cyclist. All equipment (bikes and helmet) will be provided and Pro Riders coaches will explain everything to you before you get racing.<\/a><\/p>\n<p style=\"margin:10px 0;\">The pop-up Street Velodrome will be in different locations in Dublin during Bike Week:<\/a><\/p>\n<p>+ Tue 12 June: Dundrum Town Centre. Register <a href=\"https:\/\/www.eventbrite.co.uk\/e\/access-streetvelodrome-dundrum-registration-44711637712\" target=\"_blank\" style=\"color:#cc2979;text-decoration:none;\">here<\/a>.<br \/>+ Wed 13 June: Blanchardstown Millennium Park. Register <a href=\"https:\/\/www.eventbrite.co.uk\/e\/access-streetvelodrome-blanchardstown-registration-44711600601\" target=\"_blank\" style=\"color:#cc2979;text-decoration:none;\">here<\/a>.<br \/>+ Thu 14 June: Smithfield Plaza. Register <a href=\"https:\/\/www.eventbrite.co.uk\/e\/access-streetvelodrome-dublin-registration-44709546457\" target=\"_blank\" style=\"color:#cc2979;text-decoration:none;\">here<\/a>.<br \/>+ Fri 15 June: Smithfield Plaza. Register <a href=\"https:\/\/www.eventbrite.co.uk\/e\/access-streetvelodrome-dublin-registration-46690411277\" target=\"_blank\" style=\"color:#cc2979;text-decoration:none;\">here<\/a>. <br \/>+ Sat 16 June: Smithield Plaza &#8211; Viking Pro Series for Pro\/Elit Riders. Register <a href=\"https:\/\/www.eventbrite.co.uk\/e\/viking-pro-series-dublin-registration-44633803909\" target=\"_blank\" style=\"color:#cc2979;text-decoration:none;\">here<\/a>.<\/p>\n<\/div>\n<div style=\"font-size:13px;color:#534438;line-height:20px;\"><\/div>\n<p style=\"font-size:13px;color:#534438;line-height:20px;\"><a style=\"color:#cc2979;text-decoration:none\" href=\"http:\/\/www.bikeweek.ie\/events\/dublin\/street-veldrome-event\">http:\/\/www.bikeweek.ie\/events\/dublin\/street-veldrome-event<\/a><\/p>\n<\/td>\n<td valign=\"top\"><\/td>\n<\/tr>\n<\/table>\n<\/td>\n<\/tr>\n<\/table>\n<\/td>\n<\/tr>\n<\/table>\n<table width=\"100%\" cellpadding=\"0\" cellspacing=\"0\">\n<tr>\n<td style=\"padding:10px 30px\">\n<table width=\"100%\" cellpadding=\"0\" cellspacing=\"0\">\n<tr>\n<td width=\"52\" valign=\"top\"><img loading=\"lazy\" decoding=\"async\" src=\"http:\/\/dublineventguide.com\/dff\/admin\/images\/categories\/ART.png\" width=\"32\" height=\"32\" \/><\/td>\n<td>\n<h2 style=\"font-size:16px;color:#534438;margin:0 0 5px;font-weight:normal\">Drawing Group for Adults &#8211; Rua Red<\/h2>\n<h3 style=\"font-size:13px;margin:0;padding:0;line-height:16px;color:#534438;\"><img loading=\"lazy\" decoding=\"async\" src=\"http:\/\/dublineventguide.com\/dff\/admin\/images\/weekly.png\" width=\"69\" height=\"16\" style=\"display:inline;float:left;\" \/> 11:00, Wed 13 Jun<\/h3>\n<p style=\"font-size:13px;color:#534438;line-height:20px;margin:0;padding-top:0;\">Rua Red, South Dublin Arts Centre, Tallaght, D24<\/p>\n<table width=\"100%\" cellspacing=\"0\" cellpadding=\"0\">\n<tr>\n<td valign=\"top\">\n<div style=\"font-size:13px;color:#534438;line-height:20px;\">\n<p style=\"margin:10px 0;\">Did you ever want to give drawing a go? Or maybe you are a budding artist looking for like-minded people to draw with? The Drawing Group for Adults in Rua Red runs free weekly drawing sessions on Wednesdays from 11:00-12:00. Materials are provided.<\/a><\/div>\n<div style=\"font-size:13px;color:#534438;line-height:20px;\"><\/div>\n<p style=\"font-size:13px;color:#534438;line-height:20px;\"><a style=\"color:#cc2979;text-decoration:none\" href=\"http:\/\/www.ruared.ie\/whats-on\/event\/drawing-group-for-adults\">http:\/\/www.ruared.ie\/whats-on\/event\/drawing-group-for-adults<\/a><\/p>\n<\/td>\n<td valign=\"top\"><\/td>\n<\/tr>\n<\/table>\n<\/td>\n<\/tr>\n<\/table>\n<\/td>\n<\/tr>\n<\/table>\n<table width=\"100%\" cellpadding=\"0\" cellspacing=\"0\">\n<tr>\n<td style=\"padding:10px 30px\">\n<table width=\"100%\" cellpadding=\"0\" cellspacing=\"0\">\n<tr>\n<td width=\"52\" valign=\"top\"><img loading=\"lazy\" decoding=\"async\" src=\"http:\/\/dublineventguide.com\/dff\/admin\/images\/categories\/ACTIVITY.png\" width=\"32\" height=\"32\" \/><\/td>\n<td>\n<h2 style=\"font-size:16px;color:#534438;margin:0 0 5px;font-weight:normal\">National Gallery Talks &#038; Tour<\/h2>\n<h3 style=\"font-size:13px;margin:0;padding:0;line-height:16px;color:#534438;\"><img loading=\"lazy\" decoding=\"async\" src=\"http:\/\/dublineventguide.com\/dff\/admin\/images\/weekly.png\" width=\"69\" height=\"16\" style=\"display:inline;float:left;\" \/> 11:30 &#8211; 16:50, Wed 13 Jun<\/h3>\n<p style=\"font-size:13px;color:#534438;line-height:20px;margin:0;padding-top:0;\">National Gallery, Merrion Square West, Dublin 2 <\/p>\n<table width=\"100%\" cellspacing=\"0\" cellpadding=\"0\">\n<tr>\n<td valign=\"top\">\n<div style=\"font-size:13px;color:#534438;line-height:20px;\">\n<p style=\"margin:10px 0;\">The National Gallery has an extensive programme of free talks, public tours and Art Documentary screenings every day of the week. Currently there is at least one free tour every day. Check their website for details. Some special events will be listed separately.<\/a><\/p>\n<p style=\"margin:10px 0;\">Admission to the gallery and to most events is free.<\/a><\/div>\n<div style=\"font-size:13px;color:#534438;line-height:20px;\"><\/div>\n<p style=\"font-size:13px;color:#534438;line-height:20px;\"><a style=\"color:#cc2979;text-decoration:none\" href=\"https:\/\/www.nationalgallery.ie\/whats-on\">https:\/\/www.nationalgallery.ie\/whats-on<\/a><\/p>\n<\/td>\n<td valign=\"top\"><\/td>\n<\/tr>\n<\/table>\n<\/td>\n<\/tr>\n<\/table>\n<\/td>\n<\/tr>\n<\/table>\n<table width=\"100%\" cellpadding=\"0\" cellspacing=\"0\">\n<tr>\n<td style=\"padding:10px 30px\">\n<table width=\"100%\" cellpadding=\"0\" cellspacing=\"0\">\n<tr>\n<td width=\"52\" valign=\"top\"><img loading=\"lazy\" decoding=\"async\" src=\"http:\/\/dublineventguide.com\/dff\/admin\/images\/categories\/FILM.png\" width=\"32\" height=\"32\" \/><\/td>\n<td>\n<h2 style=\"font-size:16px;color:#534438;margin:0 0 5px;font-weight:normal\">Archive at Lunchtime &#8211; IFI<\/h2>\n<h3 style=\"font-size:13px;margin:0;padding:0;line-height:16px;color:#534438;\"><img loading=\"lazy\" decoding=\"async\" src=\"http:\/\/dublineventguide.com\/dff\/admin\/images\/weekly.png\" width=\"69\" height=\"16\" style=\"display:inline;float:left;\" \/> 13:00, Wed 13 Jun<\/h3>\n<p style=\"font-size:13px;color:#534438;line-height:20px;margin:0;padding-top:0;\">Irish Film Institute, 6 Eustace Street, Temple Bar, Dublin 2<\/p>\n<table width=\"100%\" cellspacing=\"0\" cellpadding=\"0\">\n<tr>\n<td valign=\"top\">\n<div style=\"font-size:13px;color:#534438;line-height:20px;\">\n<p>Archive at Lunchtime screenings take place Saturdays (Double Bill), Mondays and Wednesdays. The programme is changing weekly now (instead of monthly as in the past). To find out what film(s) will be screened go to <a href=\"http:\/\/www.ifi.ie\/whatson\/now-showing-coming-soon\/\" style=\"color:#cc2979;text-decoration:none;\">http:\/\/www.ifi.ie\/whatson\/now-showing-coming-soon\/<\/a> and look for &#8220;Archive at Lunchtime&#8221; on the right. Admission is free.<\/p>\n<\/div>\n<div style=\"font-size:13px;color:#534438;line-height:20px;\"><\/div>\n<p style=\"font-size:13px;color:#534438;line-height:20px;\"><a style=\"color:#cc2979;text-decoration:none\" href=\"http:\/\/www.ifi.ie\/\">http:\/\/www.ifi.ie\/<\/a><\/p>\n<\/td>\n<td valign=\"top\"><\/td>\n<\/tr>\n<\/table>\n<\/td>\n<\/tr>\n<\/table>\n<\/td>\n<\/tr>\n<\/table>\n<table width=\"100%\" cellpadding=\"0\" cellspacing=\"0\">\n<tr>\n<td style=\"padding:10px 30px\">\n<table width=\"100%\" cellpadding=\"0\" cellspacing=\"0\">\n<tr>\n<td width=\"52\" valign=\"top\"><img loading=\"lazy\" decoding=\"async\" src=\"http:\/\/dublineventguide.com\/dff\/admin\/images\/categories\/TALKS.png\" width=\"32\" height=\"32\" \/><\/td>\n<td>\n<h2 style=\"font-size:16px;color:#534438;margin:0 0 5px;font-weight:normal\">Celebrating Arnott&#8217;s 175 Anniversary &#8211; Talk<\/h2>\n<h3 style=\"font-size:13px;margin:0;padding:0;line-height:16px;color:#534438;\">13:00, Wed 13 Jun<\/h3>\n<p style=\"font-size:13px;color:#534438;line-height:20px;margin:0;padding-top:0;\">Central Library, Ilac Shopping Centre, Henry Street, Dublin 1<\/p>\n<table width=\"100%\" cellspacing=\"0\" cellpadding=\"0\">\n<tr>\n<td valign=\"top\">\n<div style=\"font-size:13px;color:#534438;line-height:20px;\">\n<p style=\"margin:10px 0;\">Dr Mary Muldowney, Historian in Residence for Dublin City&#8217;s Central Area, will talk about &#8220;Arnott&#8217;s &#8211; 175 years of shopping on Henry Street&#8221;.<\/a><\/p>\n<p style=\"margin:10px 0;\">Admission is free, but booking is required via 01-8734333<\/a><\/div>\n<div style=\"font-size:13px;color:#534438;line-height:20px;\"><\/div>\n<p style=\"font-size:13px;color:#534438;line-height:20px;\"><a style=\"color:#cc2979;text-decoration:none\" href=\"http:\/\/www.dublincity.ie\/main-menu-services-culture-and-amenities-dublin-city-public-libraries-and-archive-events\/celebrating\">http:\/\/www.dublincity.ie\/main-menu-services-culture-and-amenities-dublin-city-public-libraries-and-archive-events\/celebrating<\/a><\/p>\n<\/td>\n<td valign=\"top\"><\/td>\n<\/tr>\n<\/table>\n<\/td>\n<\/tr>\n<\/table>\n<\/td>\n<\/tr>\n<\/table>\n<table width=\"100%\" cellpadding=\"0\" cellspacing=\"0\">\n<tr>\n<td style=\"padding:10px 30px\">\n<table width=\"100%\" cellpadding=\"0\" cellspacing=\"0\">\n<tr>\n<td width=\"52\" valign=\"top\"><img loading=\"lazy\" decoding=\"async\" src=\"http:\/\/dublineventguide.com\/dff\/admin\/images\/categories\/ACTIVITY.png\" width=\"32\" height=\"32\" \/><\/td>\n<td>\n<h2 style=\"font-size:16px;color:#534438;margin:0 0 5px;font-weight:normal\">Yeats 2018: Public Tour of the Yeats Exhibition &#8211; in Irish<\/h2>\n<h3 style=\"font-size:13px;margin:0;padding:0;line-height:16px;color:#534438;\">13:00, Wed 13 Jun<\/h3>\n<p style=\"font-size:13px;color:#534438;line-height:20px;margin:0;padding-top:0;\">National Library, Kildare Street, Dublin 2<\/p>\n<table width=\"100%\" cellspacing=\"0\" cellpadding=\"0\">\n<tr>\n<td valign=\"top\">\n<div style=\"font-size:13px;color:#534438;line-height:20px;\">\n<p style=\"margin:10px 0;\">If I interpret the Irish language description correctly, then this is a tour of the exhibition &#8220;Yeats: The Life &#038; Works of William Butler Yeats&#8221; in Irish.<\/a><\/p>\n<p style=\"margin:10px 0;\">Find all details via the NLI website. <\/a><\/div>\n<div style=\"font-size:13px;color:#534438;line-height:20px;\"><\/div>\n<p style=\"font-size:13px;color:#534438;line-height:20px;\"><a style=\"color:#cc2979;text-decoration:none\" href=\"http:\/\/www.nli.ie\/en\/list\/current-events.aspx\">http:\/\/www.nli.ie\/en\/list\/current-events.aspx<\/a><\/p>\n<\/td>\n<td valign=\"top\"><\/td>\n<\/tr>\n<\/table>\n<\/td>\n<\/tr>\n<\/table>\n<\/td>\n<\/tr>\n<\/table>\n<table width=\"100%\" cellpadding=\"0\" cellspacing=\"0\">\n<tr>\n<td style=\"padding:10px 30px\">\n<table width=\"100%\" cellpadding=\"0\" cellspacing=\"0\">\n<tr>\n<td width=\"52\" valign=\"top\"><img loading=\"lazy\" decoding=\"async\" src=\"http:\/\/dublineventguide.com\/dff\/admin\/images\/categories\/ACTIVITY.png\" width=\"32\" height=\"32\" \/><\/td>\n<td>\n<h2 style=\"font-size:16px;color:#534438;margin:0 0 5px;font-weight:normal\">Irish National War Memorial Gardens &#8211; Guided Tour<\/h2>\n<h3 style=\"font-size:13px;margin:0;padding:0;line-height:16px;color:#534438;\"><img loading=\"lazy\" decoding=\"async\" src=\"http:\/\/dublineventguide.com\/dff\/admin\/images\/weekly.png\" width=\"69\" height=\"16\" style=\"display:inline;float:left;\" \/> 14:00, Wed 13 Jun<\/h3>\n<p style=\"font-size:13px;color:#534438;line-height:20px;margin:0;padding-top:0;\">Irish National War Memorial Gardens, off South Circular Road, Dublin, Islandbridge, Dublin 8<\/p>\n<table width=\"100%\" cellspacing=\"0\" cellpadding=\"0\">\n<tr>\n<td valign=\"top\">\n<div style=\"font-size:13px;color:#534438;line-height:20px;\">\n<p style=\"margin:10px 0;\">A free guided tour will take place at the National War Memorial at Islandbridge every Wednesday at 14:00 from March until the end of October.<\/a><\/p>\n<p style=\"margin:10px 0;\">The tour will focus on World War I, in which nearly 50,000 Irish soldiers died. You will also hear about the main features of the gardens at this tour.<\/a><\/p>\n<p style=\"margin:10px 0;\">Meeting point is the car park at 14:00 (next to the Trinity College Boat Club). For further information and to check that it is taking place, contact 01-6770095 (Phoenix Park Visitor Centre).<\/a><\/div>\n<div style=\"font-size:13px;color:#534438;line-height:20px;\"><\/div>\n<p style=\"font-size:13px;color:#534438;line-height:20px;\"><a style=\"color:#cc2979;text-decoration:none\" href=\"http:\/\/opwdublincommemorative.ie\/war-memorial\/plan-a-visit\/\">http:\/\/opwdublincommemorative.ie\/war-memorial\/plan-a-visit\/<\/a><\/p>\n<\/td>\n<td valign=\"top\"><\/td>\n<\/tr>\n<\/table>\n<\/td>\n<\/tr>\n<\/table>\n<\/td>\n<\/tr>\n<\/table>\n<table width=\"100%\" cellpadding=\"0\" cellspacing=\"0\">\n<tr>\n<td style=\"padding:10px 30px\">\n<table width=\"100%\" cellpadding=\"0\" cellspacing=\"0\">\n<tr>\n<td width=\"52\" valign=\"top\"><img loading=\"lazy\" decoding=\"async\" src=\"http:\/\/dublineventguide.com\/dff\/admin\/images\/categories\/TALKS.png\" width=\"32\" height=\"32\" \/><\/td>\n<td>\n<h2 style=\"font-size:16px;color:#534438;margin:0 0 5px;font-weight:normal\">Free choice and quantum mechanics &#8211; Lecture<\/h2>\n<h3 style=\"font-size:13px;margin:0;padding:0;line-height:16px;color:#534438;\">18:00, Wed 13 Jun<\/h3>\n<p style=\"font-size:13px;color:#534438;line-height:20px;margin:0;padding-top:0;\">Royal Irish Academy, 19 Dawson Street, Dublin 2<\/p>\n<table width=\"100%\" cellspacing=\"0\" cellpadding=\"0\">\n<tr>\n<td valign=\"top\">\n<div style=\"font-size:13px;color:#534438;line-height:20px;\">\n<p style=\"margin:10px 0;\">To commemorate the 75th anniversary of Prof Ernst Schr\u00f6dinger&#8217;s &#8220;What is Life? Lecture series, the Dublin Institute for Advanced Studies (DIAS) will hold a free public lecture delivered by Prof. Schr\u00f6dinger\u2019s grandson Prof. Terence Rudolph (Imperial College London). The title of the lecture will be &#8216;Free choice and quantum mechanics&#8217;.<\/a><\/p>\n<p style=\"margin:10px 0;\">Admission is free, but booking is required via the link below.<\/a><\/div>\n<div style=\"font-size:13px;color:#534438;line-height:20px;\"><\/div>\n<p style=\"font-size:13px;color:#534438;line-height:20px;\"><a style=\"color:#cc2979;text-decoration:none\" href=\"https:\/\/www.eventbrite.ie\/e\/public-lecture-free-choice-and-quantum-mechanics-tickets-46648479859\">https:\/\/www.eventbrite.ie\/e\/public-lecture-free-choice-and-quantum-mechanics-tickets-46648479859<\/a><\/p>\n<\/td>\n<td valign=\"top\"><\/td>\n<\/tr>\n<\/table>\n<\/td>\n<\/tr>\n<\/table>\n<\/td>\n<\/tr>\n<\/table>\n<table width=\"100%\" cellpadding=\"0\" cellspacing=\"0\">\n<tr>\n<td style=\"padding:10px 30px\">\n<table width=\"100%\" cellpadding=\"0\" cellspacing=\"0\">\n<tr>\n<td width=\"52\" valign=\"top\"><img loading=\"lazy\" decoding=\"async\" src=\"http:\/\/dublineventguide.com\/dff\/admin\/images\/categories\/ACTIVITY.png\" width=\"32\" height=\"32\" \/><\/td>\n<td>\n<h2 style=\"font-size:16px;color:#534438;margin:0 0 5px;font-weight:normal\">Meet the Deers &#8211; Phoenix Park Bike Tour &#8211; Bike Week<\/h2>\n<h3 style=\"font-size:13px;margin:0;padding:0;line-height:16px;color:#534438;\">18:30 &#8211; 20:30, Wed 13 Jun<\/h3>\n<p style=\"font-size:13px;color:#534438;line-height:20px;margin:0;padding-top:0;\">Phoenix Park Visitor Centre, Phoenix Park, Dublin 8<\/p>\n<table width=\"100%\" cellspacing=\"0\" cellpadding=\"0\">\n<tr>\n<td valign=\"top\">\n<div style=\"font-size:13px;color:#534438;line-height:20px;\">\n<p style=\"margin:10px 0;\">Paddy Crowe, Phoenix Park Deer Ranger, will birng you on a bike tour to visit the deer herd in Phoenix Park. See the young recently born fawns and learn about the management of the deer and their regular habits. This is a family-friendly gentle tour with plenty of time for questions and chats.<\/a><\/p>\n<p style=\"margin:10px 0;\">Admission is free. Meet at the Phoenix Park Visitor Centre. <\/a><\/div>\n<div style=\"font-size:13px;color:#534438;line-height:20px;\"><\/div>\n<p style=\"font-size:13px;color:#534438;line-height:20px;\"><a style=\"color:#cc2979;text-decoration:none\" href=\"http:\/\/www.bikeweek.ie\/events\/dublin\/phoenix-park-meet-deers-bike-tour\">http:\/\/www.bikeweek.ie\/events\/dublin\/phoenix-park-meet-deers-bike-tour<\/a><\/p>\n<\/td>\n<td valign=\"top\"><\/td>\n<\/tr>\n<\/table>\n<\/td>\n<\/tr>\n<\/table>\n<\/td>\n<\/tr>\n<\/table>\n<table width=\"100%\" cellpadding=\"0\" cellspacing=\"0\">\n<tr>\n<td style=\"padding:10px 30px\">\n<table width=\"100%\" cellpadding=\"0\" cellspacing=\"0\">\n<tr>\n<td width=\"52\" valign=\"top\"><img loading=\"lazy\" decoding=\"async\" src=\"http:\/\/dublineventguide.com\/dff\/admin\/images\/categories\/TALKS.png\" width=\"32\" height=\"32\" \/><\/td>\n<td>\n<h2 style=\"font-size:16px;color:#534438;margin:0 0 5px;font-weight:normal\">Yeats Among Europeans &#8211; Talk<\/h2>\n<h3 style=\"font-size:13px;margin:0;padding:0;line-height:16px;color:#534438;\">19:00, Wed 13 Jun<\/h3>\n<p style=\"font-size:13px;color:#534438;line-height:20px;margin:0;padding-top:0;\">National Library, Kildare Street, Dublin 2<\/p>\n<table width=\"100%\" cellspacing=\"0\" cellpadding=\"0\">\n<tr>\n<td valign=\"top\">\n<div style=\"font-size:13px;color:#534438;line-height:20px;\">\n<p style=\"margin:10px 0;\">The Joseph Hassett Yeats Lecture 2018 entitled &#8220;Yeats Among Europeans&#8221; will mark the birth of William Butler Yeats on 13 June 1865, when Dr Lauren Arrington (Senior Lecturer, Institute of Irish Studies, University of Liverpool) will be in the National Library to deliver this lecture.<\/a><\/p>\n<p style=\"margin:10px 0;\">&#8220;W.B. Yeats\u2019s importance to European literature is unquestionable, but how important was Europe to Yeats? In this lecture, Lauren Arrington will focus on Yeats\u2019s interests in European culture and politics in the dynamic and divisive 1920s and 1930s.&#8221;<\/a><\/p>\n<p style=\"margin:10px 0;\">Admission is free, but booking is required via learning@nli.ie with the subject line &#8220;Yeats lecture&#8221;.<\/a><\/div>\n<div style=\"font-size:13px;color:#534438;line-height:20px;\"><\/div>\n<p style=\"font-size:13px;color:#534438;line-height:20px;\"><a style=\"color:#cc2979;text-decoration:none\" href=\"http:\/\/www.nli.ie\/en\/list\/current-events.aspx\">http:\/\/www.nli.ie\/en\/list\/current-events.aspx<\/a><\/p>\n<\/td>\n<td valign=\"top\"><\/td>\n<\/tr>\n<\/table>\n<\/td>\n<\/tr>\n<\/table>\n<\/td>\n<\/tr>\n<\/table>\n<table width=\"100%\" cellpadding=\"0\" cellspacing=\"0\">\n<tr>\n<td style=\"padding:10px 30px\">\n<table width=\"100%\" cellpadding=\"0\" cellspacing=\"0\">\n<tr>\n<td width=\"52\" valign=\"top\"><img loading=\"lazy\" decoding=\"async\" src=\"http:\/\/dublineventguide.com\/dff\/admin\/images\/categories\/MUSIC.png\" width=\"32\" height=\"32\" \/><\/td>\n<td>\n<h2 style=\"font-size:16px;color:#534438;margin:0 0 5px;font-weight:normal\">Dwarf Jar Wednesday Jazz<\/h2>\n<h3 style=\"font-size:13px;margin:0;padding:0;line-height:16px;color:#534438;\">19:30 &#8211; 22:00, Wed 13 Jun<\/h3>\n<p style=\"font-size:13px;color:#534438;line-height:20px;margin:0;padding-top:0;\">The Dwarf Jar Cafe, 1 Wellington Quay, Dublin 2<\/p>\n<table width=\"100%\" cellspacing=\"0\" cellpadding=\"0\">\n<tr>\n<td valign=\"top\">\n<div style=\"font-size:13px;color:#534438;line-height:20px;\">\n<p style=\"margin:10px 0;\">The Dwarf Jar House Trio (Daniel Rorke (sax), Cormac O&#8217;Brien (bass) and Matthew Jacobson(drums)) will play a weekly Jazz gig every Wednesday in Dwarf Jar Cafe and they usually have one or more guest musicians or singers supporting them.<\/a><\/p>\n<p style=\"margin:10px 0;\">Admission is free.<\/a><\/div>\n<div style=\"font-size:13px;color:#534438;line-height:20px;\"><\/div>\n<p style=\"font-size:13px;color:#534438;line-height:20px;\"><a style=\"color:#cc2979;text-decoration:none\" href=\"https:\/\/www.facebook.com\/satumusikk\/\">https:\/\/www.facebook.com\/satumusikk\/<\/a><\/p>\n<\/td>\n<td valign=\"top\"><\/td>\n<\/tr>\n<\/table>\n<\/td>\n<\/tr>\n<\/table>\n<\/td>\n<\/tr>\n<\/table>\n<table width=\"100%\" cellpadding=\"0\" cellspacing=\"0\">\n<tr>\n<td style=\"padding:10px 30px\">\n<table width=\"100%\" cellpadding=\"0\" cellspacing=\"0\">\n<tr>\n<td width=\"52\" valign=\"top\"><img loading=\"lazy\" decoding=\"async\" src=\"http:\/\/dublineventguide.com\/dff\/admin\/images\/categories\/MUSIC.png\" width=\"32\" height=\"32\" \/><\/td>\n<td>\n<h2 style=\"font-size:16px;color:#534438;margin:0 0 5px;font-weight:normal\">Ulysses Extended: A Musical Score<\/h2>\n<h3 style=\"font-size:13px;margin:0;padding:0;line-height:16px;color:#534438;\">19:30, Wed 13 Jun<\/h3>\n<p style=\"font-size:13px;color:#534438;line-height:20px;margin:0;padding-top:0;\">James Joyce Centre, 35 North Great George&#8217;s Street, Dublin 1<\/p>\n<table width=\"100%\" cellspacing=\"0\" cellpadding=\"0\">\n<tr>\n<td valign=\"top\">\n<div style=\"font-size:13px;color:#534438;line-height:20px;\">\n<p style=\"margin:10px 0;\">The James Joyce Centre is inviting to the last of three performances of composer Stephen Gardner\u2019s Ulysses Extended on Wednesday 13 June.<\/a><\/p>\n<p style=\"margin:10px 0;\">In this musical work, certain passages from James Joyce\u2019s Ulysses are interpreted by a trio of Ellen Demos on vocals, Paul Roe on bass clarinet\/clarinet and Shane O\u2019Donovan on percussion.<\/a><\/p>\n<p style=\"margin:10px 0;\">Admission is free, but booking is required via the link below,<\/a><\/div>\n<div style=\"font-size:13px;color:#534438;line-height:20px;\"><\/div>\n<p style=\"font-size:13px;color:#534438;line-height:20px;\"><a style=\"color:#cc2979;text-decoration:none\" href=\"http:\/\/www.bloomsdayfestival.ie\/bloomsday-2018-programme\/2018\/6\/13\/ulysses-extended-a-musical-score-by-stephen-gardner\">http:\/\/www.bloomsdayfestival.ie\/bloomsday-2018-programme\/2018\/6\/13\/ulysses-extended-a-musical-score-by-stephen-gardner<\/a><\/p>\n<\/td>\n<td valign=\"top\"><\/td>\n<\/tr>\n<\/table>\n<\/td>\n<\/tr>\n<\/table>\n<\/td>\n<\/tr>\n<\/table>\n<table width=\"100%\" cellpadding=\"0\" cellspacing=\"0\">\n<tr>\n<td style=\"padding:10px 30px\">\n<table width=\"100%\" cellpadding=\"0\" cellspacing=\"0\">\n<tr>\n<td width=\"52\" valign=\"top\"><img loading=\"lazy\" decoding=\"async\" src=\"http:\/\/dublineventguide.com\/dff\/admin\/images\/categories\/COMEDY.png\" width=\"32\" height=\"32\" \/><\/td>\n<td>\n<h2 style=\"font-size:16px;color:#534438;margin:0 0 5px;font-weight:normal\">Jesters Open Mic Comedy Night<\/h2>\n<h3 style=\"font-size:13px;margin:0;padding:0;line-height:16px;color:#534438;\">19:45 &#8211; 22:00, Wed 13 Jun<\/h3>\n<p style=\"font-size:13px;color:#534438;line-height:20px;margin:0;padding-top:0;\">Sin \u00c9, 14 Ormond Quay, Dublin 1<\/p>\n<table width=\"100%\" cellspacing=\"0\" cellpadding=\"0\">\n<tr>\n<td valign=\"top\">\n<div style=\"font-size:13px;color:#534438;line-height:20px;\">\n<p style=\"margin:10px 0;\">Jesters is a weekly open mic comedy event where a lot of comedians do 5 minutes of material.<\/a><\/p>\n<p style=\"margin:10px 0;\">Admission is free. If you would like to perform then send a message to the Jesters Facebook Page via the link below.<\/a><\/div>\n<div style=\"font-size:13px;color:#534438;line-height:20px;\"><\/div>\n<p style=\"font-size:13px;color:#534438;line-height:20px;\"><a style=\"color:#cc2979;text-decoration:none\" href=\"https:\/\/www.facebook.com\/jesterscomedy\/\">https:\/\/www.facebook.com\/jesterscomedy\/<\/a><\/p>\n<\/td>\n<td valign=\"top\"><\/td>\n<\/tr>\n<\/table>\n<\/td>\n<\/tr>\n<\/table>\n<\/td>\n<\/tr>\n<\/table>\n<table width=\"100%\" cellpadding=\"0\" cellspacing=\"0\">\n<tr>\n<td style=\"padding:10px 30px\">\n<table width=\"100%\" cellpadding=\"0\" cellspacing=\"0\">\n<tr>\n<td width=\"52\" valign=\"top\"><img loading=\"lazy\" decoding=\"async\" src=\"http:\/\/dublineventguide.com\/dff\/admin\/images\/categories\/MUSIC.png\" width=\"32\" height=\"32\" \/><\/td>\n<td>\n<h2 style=\"font-size:16px;color:#534438;margin:0 0 5px;font-weight:normal\">Brand New Switcharoo &#8211; Roots Gig<\/h2>\n<h3 style=\"font-size:13px;margin:0;padding:0;line-height:16px;color:#534438;\">20:00, Wed 13 Jun<\/h3>\n<p style=\"font-size:13px;color:#534438;line-height:20px;margin:0;padding-top:0;\">Harbour Bar, 1 Strand Road, Bray, Co. Wicklow<\/p>\n<table width=\"100%\" cellspacing=\"0\" cellpadding=\"0\">\n<tr>\n<td valign=\"top\">\n<div style=\"font-size:13px;color:#534438;line-height:20px;\">\n<p style=\"margin:10px 0;\">The Roots Band &#8220;Brand New Switcharoo&#8221; will perform in the Harbour Bar. Admission is free.<\/a><\/div>\n<div style=\"font-size:13px;color:#534438;line-height:20px;\"><\/div>\n<p style=\"font-size:13px;color:#534438;line-height:20px;\"><a style=\"color:#cc2979;text-decoration:none\" href=\"http:\/\/www.theharbourbar.ie\/whats-on\/event\/\">http:\/\/www.theharbourbar.ie\/whats-on\/event\/<\/a><\/p>\n<\/td>\n<td valign=\"top\"><\/td>\n<\/tr>\n<\/table>\n<\/td>\n<\/tr>\n<\/table>\n<\/td>\n<\/tr>\n<\/table>\n<table width=\"100%\" cellpadding=\"0\" cellspacing=\"0\">\n<tr>\n<td style=\"padding:10px 30px\">\n<table width=\"100%\" cellpadding=\"0\" cellspacing=\"0\">\n<tr>\n<td width=\"52\" valign=\"top\"><img loading=\"lazy\" decoding=\"async\" src=\"http:\/\/dublineventguide.com\/dff\/admin\/images\/categories\/MUSIC.png\" width=\"32\" height=\"32\" \/><\/td>\n<td>\n<h2 style=\"font-size:16px;color:#534438;margin:0 0 5px;font-weight:normal\">Dublin Jam Session &#8211; Open Jam<\/h2>\n<h3 style=\"font-size:13px;margin:0;padding:0;line-height:16px;color:#534438;\"><img loading=\"lazy\" decoding=\"async\" src=\"http:\/\/dublineventguide.com\/dff\/admin\/images\/weekly.png\" width=\"69\" height=\"16\" style=\"display:inline;float:left;\" \/> 20:00 &#8211; 23:00, Wed 13 Jun<\/h3>\n<p style=\"font-size:13px;color:#534438;line-height:20px;margin:0;padding-top:0;\">Drop Dead Twice, 18\/19 Francis Street, Dublin 8<\/p>\n<table width=\"100%\" cellspacing=\"0\" cellpadding=\"0\">\n<tr>\n<td valign=\"top\">\n<div style=\"font-size:13px;color:#534438;line-height:20px;\">\n<p style=\"margin:10px 0;\">The Dublin Jam Session is an open Jam with full back line. It is open to all levels of musicians and singers and all genres of music and the only rule is that you must jam with others (not all your own band).<\/a><\/p>\n<p style=\"margin:10px 0;\">It takes place every Wednesday and admission is free.<\/a><\/div>\n<div style=\"font-size:13px;color:#534438;line-height:20px;\"><\/div>\n<p style=\"font-size:13px;color:#534438;line-height:20px;\"><a style=\"color:#cc2979;text-decoration:none\" href=\"https:\/\/www.facebook.com\/DublinJamSessions\/\">https:\/\/www.facebook.com\/DublinJamSessions\/<\/a><\/p>\n<\/td>\n<td valign=\"top\"><\/td>\n<\/tr>\n<\/table>\n<\/td>\n<\/tr>\n<\/table>\n<\/td>\n<\/tr>\n<\/table>\n<table width=\"100%\" cellpadding=\"0\" cellspacing=\"0\">\n<tr>\n<td style=\"padding:10px 30px\">\n<table width=\"100%\" cellpadding=\"0\" cellspacing=\"0\">\n<tr>\n<td width=\"52\" valign=\"top\"><img loading=\"lazy\" decoding=\"async\" src=\"http:\/\/dublineventguide.com\/dff\/admin\/images\/categories\/MUSIC.png\" width=\"32\" height=\"32\" \/><\/td>\n<td>\n<h2 style=\"font-size:16px;color:#534438;margin:0 0 5px;font-weight:normal\">The Wow Signal Sessions<\/h2>\n<h3 style=\"font-size:13px;margin:0;padding:0;line-height:16px;color:#534438;\">20:00, Wed 13 Jun<\/h3>\n<p style=\"font-size:13px;color:#534438;line-height:20px;margin:0;padding-top:0;\">Bagots Hutton Bar &#038; Restaurant, 6 Upper Ormond Quay, Dublin 7<\/p>\n<table width=\"100%\" cellspacing=\"0\" cellpadding=\"0\">\n<tr>\n<td valign=\"top\">\n<div style=\"font-size:13px;color:#534438;line-height:20px;\">\n<p style=\"margin:10px 0;\">The Wow Wignal Sessions is a weekly gig night in Bagots Hutton. The line up is usually announced just a few days before on the Facebook Page below.<\/a><\/p>\n<p style=\"margin:10px 0;\">Admission is free.<\/a><\/div>\n<div style=\"font-size:13px;color:#534438;line-height:20px;\"><\/div>\n<p style=\"font-size:13px;color:#534438;line-height:20px;\"><a style=\"color:#cc2979;text-decoration:none\" href=\"https:\/\/www.facebook.com\/wowsignalsessions\">https:\/\/www.facebook.com\/wowsignalsessions<\/a><\/p>\n<\/td>\n<td valign=\"top\"><\/td>\n<\/tr>\n<\/table>\n<\/td>\n<\/tr>\n<\/table>\n<\/td>\n<\/tr>\n<\/table>\n<table width=\"100%\" cellpadding=\"0\" cellspacing=\"0\">\n<tr>\n<td style=\"padding:10px 30px\">\n<table width=\"100%\" cellpadding=\"0\" cellspacing=\"0\">\n<tr>\n<td width=\"52\" valign=\"top\"><img loading=\"lazy\" decoding=\"async\" src=\"http:\/\/dublineventguide.com\/dff\/admin\/images\/categories\/COMEDY.png\" width=\"32\" height=\"32\" \/><\/td>\n<td>\n<h2 style=\"font-size:16px;color:#534438;margin:0 0 5px;font-weight:normal\">Anseo Comedy Club<\/h2>\n<h3 style=\"font-size:13px;margin:0;padding:0;line-height:16px;color:#534438;\"><img loading=\"lazy\" decoding=\"async\" src=\"http:\/\/dublineventguide.com\/dff\/admin\/images\/weekly.png\" width=\"69\" height=\"16\" style=\"display:inline;float:left;\" \/> 20:30, Wed 13 Jun<\/h3>\n<p style=\"font-size:13px;color:#534438;line-height:20px;margin:0;padding-top:0;\">Anseo, 18 Camden Street Lower, Dublin 2 <\/p>\n<table width=\"100%\" cellspacing=\"0\" cellpadding=\"0\">\n<tr>\n<td valign=\"top\">\n<div style=\"font-size:13px;color:#534438;line-height:20px;\">\n<p style=\"margin:10px 0;\">The Anseo Comedy Club takes place every Wednesday in Anseo (upstairs).<\/a><\/p>\n<p style=\"margin:10px 0;\">Admission is free, donations are welcome.<\/a><\/div>\n<div style=\"font-size:13px;color:#534438;line-height:20px;\"><\/div>\n<p style=\"font-size:13px;color:#534438;line-height:20px;\"><a style=\"color:#cc2979;text-decoration:none\" href=\"https:\/\/www.facebook.com\/StandUpComedyClub\">https:\/\/www.facebook.com\/StandUpComedyClub<\/a><\/p>\n<\/td>\n<td valign=\"top\"><\/td>\n<\/tr>\n<\/table>\n<\/td>\n<\/tr>\n<\/table>\n<\/td>\n<\/tr>\n<\/table>\n<table width=\"100%\" cellpadding=\"0\" cellspacing=\"0\">\n<tr>\n<td style=\"padding:10px 30px\">\n<table width=\"100%\" cellpadding=\"0\" cellspacing=\"0\">\n<tr>\n<td width=\"52\" valign=\"top\"><img loading=\"lazy\" decoding=\"async\" src=\"http:\/\/dublineventguide.com\/dff\/admin\/images\/categories\/MUSIC.png\" width=\"32\" height=\"32\" \/><\/td>\n<td>\n<h2 style=\"font-size:16px;color:#534438;margin:0 0 5px;font-weight:normal\">The Zodiac Sessions &#8211; Open Mic\/Gig<\/h2>\n<h3 style=\"font-size:13px;margin:0;padding:0;line-height:16px;color:#534438;\"><img loading=\"lazy\" decoding=\"async\" src=\"http:\/\/dublineventguide.com\/dff\/admin\/images\/weekly.png\" width=\"69\" height=\"16\" style=\"display:inline;float:left;\" \/> 20:30, Wed 13 Jun<\/h3>\n<p style=\"font-size:13px;color:#534438;line-height:20px;margin:0;padding-top:0;\">Bruxelles, Harry Street, Dublin 2<\/p>\n<table width=\"100%\" cellspacing=\"0\" cellpadding=\"0\">\n<tr>\n<td valign=\"top\">\n<div style=\"font-size:13px;color:#534438;line-height:20px;\">\n<p style=\"margin:10px 0;\">&#8220;The Zodiac Sessions&#8221; is a regular open mic event from 20:30 in Bruxelles (between Grafton Street and Westbury Hotel) for unsigned musicians. Admission is free and there is a different line-up every week. <\/a><\/div>\n<div style=\"font-size:13px;color:#534438;line-height:20px;\"><\/div>\n<p style=\"font-size:13px;color:#534438;line-height:20px;\"><a style=\"color:#cc2979;text-decoration:none\" href=\"https:\/\/www.facebook.com\/zodiacsessions\">https:\/\/www.facebook.com\/zodiacsessions<\/a><\/p>\n<\/td>\n<td valign=\"top\"><\/td>\n<\/tr>\n<\/table>\n<\/td>\n<\/tr>\n<\/table>\n<\/td>\n<\/tr>\n<\/table>\n<table width=\"100%\" cellpadding=\"0\" cellspacing=\"0\">\n<tr>\n<td style=\"padding:10px 30px\">\n<table width=\"100%\" cellpadding=\"0\" cellspacing=\"0\">\n<tr>\n<td width=\"52\" valign=\"top\"><img loading=\"lazy\" decoding=\"async\" src=\"http:\/\/dublineventguide.com\/dff\/admin\/images\/categories\/DANCE.png\" width=\"32\" height=\"32\" \/><\/td>\n<td>\n<h2 style=\"font-size:16px;color:#534438;margin:0 0 5px;font-weight:normal\">Forro Wednesday<\/h2>\n<h3 style=\"font-size:13px;margin:0;padding:0;line-height:16px;color:#534438;\">21:00, Wed 13 Jun<\/h3>\n<p style=\"font-size:13px;color:#534438;line-height:20px;margin:0;padding-top:0;\">Woolshed Bar &#038; Grill, Parnell Street, Dublin 1<\/p>\n<table width=\"100%\" cellspacing=\"0\" cellpadding=\"0\">\n<tr>\n<td valign=\"top\">\n<div style=\"font-size:13px;color:#534438;line-height:20px;\">\n<p style=\"margin:10px 0;\">Dance Forro every week at this &#8220;Forro Wednesday&#8221; in the Woolshed for free.<\/a><\/div>\n<div style=\"font-size:13px;color:#534438;line-height:20px;\"><\/div>\n<p style=\"font-size:13px;color:#534438;line-height:20px;\"><a style=\"color:#cc2979;text-decoration:none\" href=\"https:\/\/www.facebook.com\/events\/137957730197202\/\">https:\/\/www.facebook.com\/events\/137957730197202\/<\/a><\/p>\n<\/td>\n<td valign=\"top\"><\/td>\n<\/tr>\n<\/table>\n<\/td>\n<\/tr>\n<\/table>\n<\/td>\n<\/tr>\n<\/table>\n<table width=\"100%\" cellpadding=\"0\" cellspacing=\"0\">\n<tr>\n<td style=\"padding:10px 30px\">\n<table width=\"100%\" cellpadding=\"0\" cellspacing=\"0\">\n<tr>\n<td width=\"52\" valign=\"top\"><img loading=\"lazy\" decoding=\"async\" src=\"http:\/\/dublineventguide.com\/dff\/admin\/images\/categories\/MUSIC.png\" width=\"32\" height=\"32\" \/><\/td>\n<td>\n<h2 style=\"font-size:16px;color:#534438;margin:0 0 5px;font-weight:normal\">Los Paradiso &#8211; Gig<\/h2>\n<h3 style=\"font-size:13px;margin:0;padding:0;line-height:16px;color:#534438;\"><img loading=\"lazy\" decoding=\"async\" src=\"http:\/\/dublineventguide.com\/dff\/admin\/images\/weekly.png\" width=\"69\" height=\"16\" style=\"display:inline;float:left;\" \/> 21:00, Wed 13 Jun<\/h3>\n<p style=\"font-size:13px;color:#534438;line-height:20px;margin:0;padding-top:0;\">Leeson Lounge, 148 Upper Leeson Street, Dublin 4<\/p>\n<table width=\"100%\" cellspacing=\"0\" cellpadding=\"0\">\n<tr>\n<td valign=\"top\">\n<div style=\"font-size:13px;color:#534438;line-height:20px;\">\n<p style=\"margin:10px 0;\">Los Paradiso are playing Rockabilly, Tex Mex, Western Swing, Surf in the Leeson Lounge. Admission is free, but donations are appreciated.<\/a><\/div>\n<div style=\"font-size:13px;color:#534438;line-height:20px;\"><\/div>\n<p style=\"font-size:13px;color:#534438;line-height:20px;\"><a style=\"color:#cc2979;text-decoration:none\" href=\"https:\/\/www.facebook.com\/pages\/The-Leeson-Lounge\/114810058553792\">https:\/\/www.facebook.com\/pages\/The-Leeson-Lounge\/114810058553792<\/a><\/p>\n<\/td>\n<td valign=\"top\"><\/td>\n<\/tr>\n<\/table>\n<\/td>\n<\/tr>\n<\/table>\n<\/td>\n<\/tr>\n<\/table>\n<table width=\"100%\" cellpadding=\"0\" cellspacing=\"0\">\n<tr>\n<td style=\"padding:10px 30px\">\n<table width=\"100%\" cellpadding=\"0\" cellspacing=\"0\">\n<tr>\n<td width=\"52\" valign=\"top\"><img loading=\"lazy\" decoding=\"async\" src=\"http:\/\/dublineventguide.com\/dff\/admin\/images\/categories\/MUSIC.png\" width=\"32\" height=\"32\" \/><\/td>\n<td>\n<h2 style=\"font-size:16px;color:#534438;margin:0 0 5px;font-weight:normal\">Shipwrecked &#8211; Open Mic Night<\/h2>\n<h3 style=\"font-size:13px;margin:0;padding:0;line-height:16px;color:#534438;\">21:30, Wed 13 Jun<\/h3>\n<p style=\"font-size:13px;color:#534438;line-height:20px;margin:0;padding-top:0;\">The Bowery, 196 Rathmines Road Lower, Rathmines, Dublin 6<\/p>\n<table width=\"100%\" cellspacing=\"0\" cellpadding=\"0\">\n<tr>\n<td valign=\"top\">\n<div style=\"font-size:13px;color:#534438;line-height:20px;\">\n<p style=\"margin:10px 0;\">&#8220;Shipwrecked&#8221; is the name of the Bowery&#8217;s Open Mic on Wednesdays.<\/a><\/p>\n<p style=\"margin:10px 0;\">Each week there will be an array of music, comedy, spoken word and all things in between.<\/a><\/p>\n<p style=\"margin:10px 0;\">Admission is free.<\/a><\/div>\n<div style=\"font-size:13px;color:#534438;line-height:20px;\"><\/div>\n<p style=\"font-size:13px;color:#534438;line-height:20px;\"><a style=\"color:#cc2979;text-decoration:none\" href=\"http:\/\/thebowery.ie\/calander\/\">http:\/\/thebowery.ie\/calander\/<\/a><\/p>\n<\/td>\n<td valign=\"top\"><\/td>\n<\/tr>\n<\/table>\n<\/td>\n<\/tr>\n<\/table>\n<\/td>\n<\/tr>\n<\/table>\n<table width=\"100%\" cellpadding=\"0\" cellspacing=\"0\">\n<tr>\n<td style=\"padding:10px 30px\">\n<table width=\"100%\" cellpadding=\"0\" cellspacing=\"0\">\n<tr>\n<td width=\"52\" valign=\"top\"><img loading=\"lazy\" decoding=\"async\" src=\"http:\/\/dublineventguide.com\/dff\/admin\/images\/categories\/MUSIC.png\" width=\"32\" height=\"32\" \/><\/td>\n<td>\n<h2 style=\"font-size:16px;color:#534438;margin:0 0 5px;font-weight:normal\">Trad Session<\/h2>\n<h3 style=\"font-size:13px;margin:0;padding:0;line-height:16px;color:#534438;\"><img loading=\"lazy\" decoding=\"async\" src=\"http:\/\/dublineventguide.com\/dff\/admin\/images\/weekly.png\" width=\"69\" height=\"16\" style=\"display:inline;float:left;\" \/> 21:30, Wed 13 Jun<\/h3>\n<p style=\"font-size:13px;color:#534438;line-height:20px;margin:0;padding-top:0;\">Hedigan&#8217;s (The Brian Boru), 4 Prospect Road, Phibsborough, Dublin 11<\/p>\n<table width=\"100%\" cellspacing=\"0\" cellpadding=\"0\">\n<tr>\n<td valign=\"top\">\n<div style=\"font-size:13px;color:#534438;line-height:20px;\">\n<p style=\"margin:10px 0;\">Traditional Irish Music Session in Hedigan&#8217;s (The Brian Boru) in Phibsborough from 21:30 every Wednesday. If you play an instrument you are especially welcome (all levels are welcome). <\/a><\/div>\n<div style=\"font-size:13px;color:#534438;line-height:20px;\"><\/div>\n<\/td>\n<td valign=\"top\"><\/td>\n<\/tr>\n<\/table>\n<\/td>\n<\/tr>\n<\/table>\n<\/td>\n<\/tr>\n<\/table>\n<table width=\"100%\" cellpadding=\"0\" cellspacing=\"0\" id=\"day_1528930800\" style=\"margin-top: 10px;\">\n<tr height=\"34\" style=\"background-color:#c20162;color:#fff\">\n<td style=\"padding: 0; line-height: 1; height: 34px; overflow: hidden;\">\n<p style=\"width:630px;padding-left:30px;margin: 0; height: 34px; overflow: hidden; line-height: 34px;\"><a name=\"day_1528930800\"><\/a><strong>Thursday  <\/strong> 14 Jun\t\t\t\t\t\t<\/p>\n<\/td>\n<td>\n<p style=\"margin:0;line-height:34px;padding:0;font-size:13px;\"><a href=\"#dff_top\" style=\"color:#fff;text-decoration:none\">back to top<\/a><\/p>\n<\/td>\n<td>\n<p style=\"margin:0;padding:0;font-size:13px;\"><a href=\"#dff_top\" style=\"color:#fff;text-decoration:none\"><img loading=\"lazy\" decoding=\"async\" src=\"http:\/\/dublineventguide.com\/dff\/admin\/images\/dividers\/date_toplink.png\" width=\"38\" height=\"34\" alt=\"Back to top\" \/><\/a><\/p>\n<\/td>\n<td width=\"50\">\n<\/td>\n<\/tr>\n<\/table>\n<table width=\"100%\" cellpadding=\"0\" cellspacing=\"0\">\n<tr>\n<td style=\"padding:10px 30px\">\n<table width=\"100%\" cellpadding=\"0\" cellspacing=\"0\">\n<tr>\n<td width=\"52\" valign=\"top\"><img loading=\"lazy\" decoding=\"async\" src=\"http:\/\/dublineventguide.com\/dff\/admin\/images\/categories\/ACTIVITY.png\" width=\"32\" height=\"32\" \/><\/td>\n<td>\n<h2 style=\"font-size:16px;color:#534438;margin:0 0 5px;font-weight:normal\">Bike Week 2018<\/h2>\n<h3 style=\"font-size:13px;margin:0;padding:0;line-height:16px;color:#534438;\">09:00, Thu 14 Jun<\/h3>\n<p style=\"font-size:13px;color:#534438;line-height:20px;margin:0;padding-top:0;\">Various locations in Dublin and Dun Laoghaire<\/p>\n<table width=\"100%\" cellspacing=\"0\" cellpadding=\"0\">\n<tr>\n<td valign=\"top\">\n<div style=\"font-size:13px;color:#534438;line-height:20px;\">\n<p style=\"margin:10px 0;\">Bike Week 2018 will take place from Sat 09 &#8211; Sun 17 June. There will be Bike Tours, Bike Maintenance Clinics, a Street Velodrome event, a Bike Fest and a Cycling Photo Exhibition.<\/a><\/p>\n<p>A lot of events are listed separately in this Dublin Event Guide, but to find out about the free Bike Maintenance Clinics, please check the website at <a>http:\/\/www.bikeweek.ie\/events<\/a><\/p>\n<p style=\"margin:10px 0;\">The &#8220;Everyday Cycling Photo Exhibition&#8221;, a collection current and historical images depicting the role of the bicycle in everyday and sometimes strange, situations, will be on show from 09-29 June in the offices of Dublin City Council on Wood Quay from Monday to Friday (09:00-17:00). Admission is free.<\/a><\/p>\n<p style=\"margin:10px 0;\">All Bike Week events are free.<\/a><\/div>\n<div style=\"font-size:13px;color:#534438;line-height:20px;\"><\/div>\n<p style=\"font-size:13px;color:#534438;line-height:20px;\"><a style=\"color:#cc2979;text-decoration:none\" href=\"http:\/\/www.bikeweek.ie\">http:\/\/www.bikeweek.ie<\/a><\/p>\n<\/td>\n<td valign=\"top\"><\/td>\n<\/tr>\n<\/table>\n<\/td>\n<\/tr>\n<\/table>\n<\/td>\n<\/tr>\n<\/table>\n<table width=\"100%\" cellpadding=\"0\" cellspacing=\"0\">\n<tr>\n<td style=\"padding:10px 30px\">\n<table width=\"100%\" cellpadding=\"0\" cellspacing=\"0\">\n<tr>\n<td width=\"52\" valign=\"top\"><img loading=\"lazy\" decoding=\"async\" src=\"http:\/\/dublineventguide.com\/dff\/admin\/images\/categories\/ACTIVITY.png\" width=\"32\" height=\"32\" \/><\/td>\n<td>\n<h2 style=\"font-size:16px;color:#534438;margin:0 0 5px;font-weight:normal\">Street Velodrome &#8211; Smithfield &#8211; Bike Week<\/h2>\n<h3 style=\"font-size:13px;margin:0;padding:0;line-height:16px;color:#534438;\">10:00 &#8211; 18:00, Thu 14 Jun<\/h3>\n<p style=\"font-size:13px;color:#534438;line-height:20px;margin:0;padding-top:0;\">Dublin (various locations) <\/p>\n<table width=\"100%\" cellspacing=\"0\" cellpadding=\"0\">\n<tr>\n<td valign=\"top\">\n<div style=\"font-size:13px;color:#534438;line-height:20px;\">\n<p style=\"margin:10px 0;\">Street Velodrome is a pop-up cycling track that will give you an opportunity to try cycling like a professional cyclist. All equipment (bikes and helmet) will be provided and Pro Riders coaches will explain everything to you before you get racing.<\/a><\/p>\n<p style=\"margin:10px 0;\">The pop-up Street Velodrome will be in different locations in Dublin during Bike Week:<\/a><\/p>\n<p>+ Tue 12 June: Dundrum Town Centre. Register <a href=\"https:\/\/www.eventbrite.co.uk\/e\/access-streetvelodrome-dundrum-registration-44711637712\" target=\"_blank\" style=\"color:#cc2979;text-decoration:none;\">here<\/a>.<br \/>+ Wed 13 June: Blanchardstown Millennium Park. Register <a href=\"https:\/\/www.eventbrite.co.uk\/e\/access-streetvelodrome-blanchardstown-registration-44711600601\" target=\"_blank\" style=\"color:#cc2979;text-decoration:none;\">here<\/a>.<br \/>+ Thu 14 June: Smithfield Plaza. Register <a href=\"https:\/\/www.eventbrite.co.uk\/e\/access-streetvelodrome-dublin-registration-44709546457\" target=\"_blank\" style=\"color:#cc2979;text-decoration:none;\">here<\/a>.<br \/>+ Fri 15 June: Smithfield Plaza. Register <a href=\"https:\/\/www.eventbrite.co.uk\/e\/access-streetvelodrome-dublin-registration-46690411277\" target=\"_blank\" style=\"color:#cc2979;text-decoration:none;\">here<\/a>. <br \/>+ Sat 16 June: Smithield Plaza &#8211; Viking Pro Series for Pro\/Elit Riders. Register <a href=\"https:\/\/www.eventbrite.co.uk\/e\/viking-pro-series-dublin-registration-44633803909\" target=\"_blank\" style=\"color:#cc2979;text-decoration:none;\">here<\/a>.<\/p>\n<\/div>\n<div style=\"font-size:13px;color:#534438;line-height:20px;\"><\/div>\n<p style=\"font-size:13px;color:#534438;line-height:20px;\"><a style=\"color:#cc2979;text-decoration:none\" href=\"http:\/\/www.bikeweek.ie\/events\/dublin\/street-veldrome-event\">http:\/\/www.bikeweek.ie\/events\/dublin\/street-veldrome-event<\/a><\/p>\n<\/td>\n<td valign=\"top\"><\/td>\n<\/tr>\n<\/table>\n<\/td>\n<\/tr>\n<\/table>\n<\/td>\n<\/tr>\n<\/table>\n<table width=\"100%\" cellpadding=\"0\" cellspacing=\"0\">\n<tr>\n<td style=\"padding:10px 30px\">\n<table width=\"100%\" cellpadding=\"0\" cellspacing=\"0\">\n<tr>\n<td width=\"52\" valign=\"top\"><img loading=\"lazy\" decoding=\"async\" src=\"http:\/\/dublineventguide.com\/dff\/admin\/images\/categories\/ACTIVITY.png\" width=\"32\" height=\"32\" \/><\/td>\n<td>\n<h2 style=\"font-size:16px;color:#534438;margin:0 0 5px;font-weight:normal\">Grangegorman Military Cemetery &#8211; Tour<\/h2>\n<h3 style=\"font-size:13px;margin:0;padding:0;line-height:16px;color:#534438;\"><img loading=\"lazy\" decoding=\"async\" src=\"http:\/\/dublineventguide.com\/dff\/admin\/images\/weekly.png\" width=\"69\" height=\"16\" style=\"display:inline;float:left;\" \/> 11:00, Thu 14 Jun<\/h3>\n<p style=\"font-size:13px;color:#534438;line-height:20px;margin:0;padding-top:0;\">Grangegorman Cemetery, Blackhorse Avenue, Dublin 7<\/p>\n<table width=\"100%\" cellspacing=\"0\" cellpadding=\"0\">\n<tr>\n<td valign=\"top\">\n<div style=\"font-size:13px;color:#534438;line-height:20px;\">\n<p style=\"margin:10px 0;\">Every Thursday a free tour of Grangegorman Military Cemetery on Blackhorse Avenue takes place. Meet inside the cemetery gates.<\/a><\/p>\n<p style=\"margin:10px 0;\">Admission is free and everybody is welcome. Ring 01-6770095 for more information.<\/a><\/p>\n<p style=\"margin:10px 0;\">Grangegorman Military Cemetery is in Blackhorse Avenue just outside Phoenix Park. It is the largest military cemetery in Ireland. It was first opened in 1876 to serve as a graveyard for the soldiers of what was then Marlborough Barracks, now McKee Barracks, and their families. Specific zones were laid out for English, Canadian, New Zealand, and Australian service men. The cemetery\u2019s pedestrian gate is open from 10:00-16:00 seven days a week.<\/a><\/div>\n<div style=\"font-size:13px;color:#534438;line-height:20px;\"><\/div>\n<p style=\"font-size:13px;color:#534438;line-height:20px;\"><a style=\"color:#cc2979;text-decoration:none\" href=\"http:\/\/phoenixpark.ie\/tours\/\">http:\/\/phoenixpark.ie\/tours\/<\/a><\/p>\n<\/td>\n<td valign=\"top\"><\/td>\n<\/tr>\n<\/table>\n<\/td>\n<\/tr>\n<\/table>\n<\/td>\n<\/tr>\n<\/table>\n<table width=\"100%\" cellpadding=\"0\" cellspacing=\"0\">\n<tr>\n<td style=\"padding:10px 30px\">\n<table width=\"100%\" cellpadding=\"0\" cellspacing=\"0\">\n<tr>\n<td width=\"52\" valign=\"top\"><img loading=\"lazy\" decoding=\"async\" src=\"http:\/\/dublineventguide.com\/dff\/admin\/images\/categories\/ACTIVITY.png\" width=\"32\" height=\"32\" \/><\/td>\n<td>\n<h2 style=\"font-size:16px;color:#534438;margin:0 0 5px;font-weight:normal\">National Gallery Talks &#038; Tour<\/h2>\n<h3 style=\"font-size:13px;margin:0;padding:0;line-height:16px;color:#534438;\"><img loading=\"lazy\" decoding=\"async\" src=\"http:\/\/dublineventguide.com\/dff\/admin\/images\/weekly.png\" width=\"69\" height=\"16\" style=\"display:inline;float:left;\" \/> 11:30 &#8211; 16:50, Thu 14 Jun<\/h3>\n<p style=\"font-size:13px;color:#534438;line-height:20px;margin:0;padding-top:0;\">National Gallery, Merrion Square West, Dublin 2 <\/p>\n<table width=\"100%\" cellspacing=\"0\" cellpadding=\"0\">\n<tr>\n<td valign=\"top\">\n<div style=\"font-size:13px;color:#534438;line-height:20px;\">\n<p style=\"margin:10px 0;\">The National Gallery has an extensive programme of free talks, public tours and Art Documentary screenings every day of the week. Currently there is at least one free tour every day. Check their website for details. Some special events will be listed separately.<\/a><\/p>\n<p style=\"margin:10px 0;\">Admission to the gallery and to most events is free.<\/a><\/div>\n<div style=\"font-size:13px;color:#534438;line-height:20px;\"><\/div>\n<p style=\"font-size:13px;color:#534438;line-height:20px;\"><a style=\"color:#cc2979;text-decoration:none\" href=\"https:\/\/www.nationalgallery.ie\/whats-on\">https:\/\/www.nationalgallery.ie\/whats-on<\/a><\/p>\n<\/td>\n<td valign=\"top\"><\/td>\n<\/tr>\n<\/table>\n<\/td>\n<\/tr>\n<\/table>\n<\/td>\n<\/tr>\n<\/table>\n<table width=\"100%\" cellpadding=\"0\" cellspacing=\"0\">\n<tr>\n<td style=\"padding:10px 30px\">\n<table width=\"100%\" cellpadding=\"0\" cellspacing=\"0\">\n<tr>\n<td width=\"52\" valign=\"top\"><img loading=\"lazy\" decoding=\"async\" src=\"http:\/\/dublineventguide.com\/dff\/admin\/images\/categories\/LITERATURE.png\" width=\"32\" height=\"32\" \/><\/td>\n<td>\n<h2 style=\"font-size:16px;color:#534438;margin:0 0 5px;font-weight:normal\">Bloomsday Events at James Joyce Tower and Museum<\/h2>\n<h3 style=\"font-size:13px;margin:0;padding:0;line-height:16px;color:#534438;\">12:00, Thu 14 Jun<\/h3>\n<p style=\"font-size:13px;color:#534438;line-height:20px;margin:0;padding-top:0;\">James Joyce Museum, Joyce Tower, Sandycove , Co. Dublin<\/p>\n<table width=\"100%\" cellspacing=\"0\" cellpadding=\"0\">\n<tr>\n<td valign=\"top\">\n<div style=\"font-size:13px;color:#534438;line-height:20px;\">\n<p style=\"margin:10px 0;\">Bloomsday is around the corner again. The James Joyce inspired day that causes major palpitations for Joyce fans and doesn&#8217;t move the rest in the slightest. The festival runs from Monday 11 June &#8211; Saturday 16 June with the main Bloomsday on Saturday 16 June.<\/a><\/p>\n<p style=\"margin:10px 0;\">There are plenty of events happening during the week, but nearly all of them are not free, some even quite pricey. Maybe that is an indication about the affluence of the audience that is Bloomsday mad?<\/a><\/p>\n<p style=\"margin:10px 0;\">Luckily there is one glorious exception! The James Joyce Museum in the James Joyce Tower in Sandycove will have a whole range events that are all free of charge.<\/a><\/p>\n<p style=\"margin:10px 0;\">The events are listed here:<\/a><\/p>\n<p>Sat 09 Jun: Actress Caitriona Ni Threasaigh presents her own performance of Molly Bloom at 14:00 and 16:00.<br \/>Sun 10 Jun: Performance at 15:00 by Irish tenor and Joycean music specialist Noel O\u2019Grady. <br \/>Mon 11 Jun: Hourly guided tours of the museum by volunteers (10:00-18:00)<br \/>Tue 12 Jun: Hourly guided tours of the museum by volunteers (10:00-18:00)<br \/>Wed 13 Jun: Hourly guided tours of the museum by volunteers (10:00-18:00)<br \/>Thu 14 Jun: Aidan Coleman presents his musical odyssey through Joyce\u2019s life and works at 12:00 and 15: 00<br \/>Fri 15 Jun: Darina Gallagher and Sinead Murphy will perform Joycean songs from 14:00<br \/>sat 16 Jun: The Tower opens at 08:00 for a day of Bloomsday festivities. Actor Bryan Murray reads excerpts from Ulysses at intervals over the morning and early afternoon, with occasional performances by Caitriona Ni Threaisaigh and Mary Pat Moloney and traditional contributions by Joycean pilgrims and the visiting public throughout the day.<\/p>\n<p style=\"margin:10px 0;\">&#8212;&#8212;<\/a><\/p>\n<p style=\"margin:10px 0;\">Admission to all events is free!<\/a><\/p>\n<p style=\"margin:10px 0;\"> <\/a><\/p>\n<p style=\"margin:10px 0;\"> <\/a><\/div>\n<div style=\"font-size:13px;color:#534438;line-height:20px;\"><\/div>\n<p style=\"font-size:13px;color:#534438;line-height:20px;\"><a style=\"color:#cc2979;text-decoration:none\" href=\"http:\/\/www.bloomsdayfestival.ie\/bloomsday-2018-programme\/2018\/6\/16\/bloomsday-at-the-james-joyce-tower-and-museum-sandycove\">http:\/\/www.bloomsdayfestival.ie\/bloomsday-2018-programme\/2018\/6\/16\/bloomsday-at-the-james-joyce-tower-and-museum-sandycove<\/a><\/p>\n<\/td>\n<td valign=\"top\"><\/td>\n<\/tr>\n<\/table>\n<\/td>\n<\/tr>\n<\/table>\n<\/td>\n<\/tr>\n<\/table>\n<table width=\"100%\" cellpadding=\"0\" cellspacing=\"0\">\n<tr>\n<td style=\"padding:10px 30px\">\n<table width=\"100%\" cellpadding=\"0\" cellspacing=\"0\">\n<tr>\n<td width=\"52\" valign=\"top\"><img loading=\"lazy\" decoding=\"async\" src=\"http:\/\/dublineventguide.com\/dff\/admin\/images\/categories\/ACTIVITY.png\" width=\"32\" height=\"32\" \/><\/td>\n<td>\n<h2 style=\"font-size:16px;color:#534438;margin:0 0 5px;font-weight:normal\">ProductCamp Dublin<\/h2>\n<h3 style=\"font-size:13px;margin:0;padding:0;line-height:16px;color:#534438;\">12:00 &#8211; 17:30, Thu 14 Jun<\/h3>\n<p style=\"font-size:13px;color:#534438;line-height:20px;margin:0;padding-top:0;\">DIT, Bishop Street, Dublin 8<\/p>\n<table width=\"100%\" cellspacing=\"0\" cellpadding=\"0\">\n<tr>\n<td valign=\"top\">\n<div style=\"font-size:13px;color:#534438;line-height:20px;\">\n<p style=\"margin:10px 0;\">ProductCamp Dublin is for Technology Product Management Professional, Marketers and Development Professionals. <\/a><\/p>\n<p style=\"margin:10px 0;\">It is a collaborative, user-organized &#8216;un-conference&#8217; focused on product management and marketing topics.<\/a><\/p>\n<p style=\"margin:10px 0;\">Learn from, teach to and network with professionals involved in the product management, marketing and development process! The overriding goal is &#8216;building products that scale&#8217;.<\/a><\/p>\n<p style=\"margin:10px 0;\">At the event everyone learns and explores topics of interest to you, the participants. Everyone takes part in some way, so you can present a topic, lead a roundtable discussion, share your experiences by attending a session of interest to you, help out with logistics, help secure sponsorships, or volunteer.<\/a><\/p>\n<p style=\"margin:10px 0;\">The final sessions, topics and discussion themes are decided on the day by your votes.<\/a><\/p>\n<p style=\"margin:10px 0;\">Admission is free, but boking is required via the link below.<\/a><\/div>\n<div style=\"font-size:13px;color:#534438;line-height:20px;\"><\/div>\n<p style=\"font-size:13px;color:#534438;line-height:20px;\"><a style=\"color:#cc2979;text-decoration:none\" href=\"https:\/\/www.eventbrite.ie\/e\/productcamp-dublin-2018-tickets-43992199854\">https:\/\/www.eventbrite.ie\/e\/productcamp-dublin-2018-tickets-43992199854<\/a><\/p>\n<\/td>\n<td valign=\"top\"><\/td>\n<\/tr>\n<\/table>\n<\/td>\n<\/tr>\n<\/table>\n<\/td>\n<\/tr>\n<\/table>\n<table width=\"100%\" cellpadding=\"0\" cellspacing=\"0\">\n<tr>\n<td style=\"padding:10px 30px\">\n<table width=\"100%\" cellpadding=\"0\" cellspacing=\"0\">\n<tr>\n<td width=\"52\" valign=\"top\"><img loading=\"lazy\" decoding=\"async\" src=\"http:\/\/dublineventguide.com\/dff\/admin\/images\/categories\/MARKETS.png\" width=\"32\" height=\"32\" \/><\/td>\n<td>\n<h2 style=\"font-size:16px;color:#534438;margin:0 0 5px;font-weight:normal\">The Green Door Market<\/h2>\n<h3 style=\"font-size:13px;margin:0;padding:0;line-height:16px;color:#534438;\"><img loading=\"lazy\" decoding=\"async\" src=\"http:\/\/dublineventguide.com\/dff\/admin\/images\/weekly.png\" width=\"69\" height=\"16\" style=\"display:inline;float:left;\" \/> 12:00 &#8211; 19:00, Thu 14 Jun<\/h3>\n<p style=\"font-size:13px;color:#534438;line-height:20px;margin:0;padding-top:0;\">18 Newmarket, Dublin 8<\/p>\n<table width=\"100%\" cellspacing=\"0\" cellpadding=\"0\">\n<tr>\n<td valign=\"top\">\n<div style=\"font-size:13px;color:#534438;line-height:20px;\">\n<p style=\"margin:10px 0;\">The Green Door Market is a new indoor food\/Farmer&#8217;s Market that takes place just a few doors down from the Dublin Food Co-op at Newmarket in Dublin 8. Admission is free.<\/a><\/p>\n<p style=\"margin:10px 0;\">Opening hours are Thu-Fri 12:00-19:00 and Sat 09:30-16:00.<\/a><\/div>\n<div style=\"font-size:13px;color:#534438;line-height:20px;\"><\/div>\n<p style=\"font-size:13px;color:#534438;line-height:20px;\"><a style=\"color:#cc2979;text-decoration:none\" href=\"https:\/\/www.facebook.com\/thegreendoordublin\">https:\/\/www.facebook.com\/thegreendoordublin<\/a><\/p>\n<\/td>\n<td valign=\"top\"><\/td>\n<\/tr>\n<\/table>\n<\/td>\n<\/tr>\n<\/table>\n<\/td>\n<\/tr>\n<\/table>\n<table width=\"100%\" cellpadding=\"0\" cellspacing=\"0\">\n<tr>\n<td style=\"padding:10px 30px\">\n<table width=\"100%\" cellpadding=\"0\" cellspacing=\"0\">\n<tr>\n<td width=\"52\" valign=\"top\"><img loading=\"lazy\" decoding=\"async\" src=\"http:\/\/dublineventguide.com\/dff\/admin\/images\/categories\/ACTIVITY.png\" width=\"32\" height=\"32\" \/><\/td>\n<td>\n<h2 style=\"font-size:16px;color:#534438;margin:0 0 5px;font-weight:normal\">Lunchtime Cycle &#8211; Tallaght &#8211; Bike Week<\/h2>\n<h3 style=\"font-size:13px;margin:0;padding:0;line-height:16px;color:#534438;\">12:45 &#8211; 14:00, Thu 14 Jun<\/h3>\n<p style=\"font-size:13px;color:#534438;line-height:20px;margin:0;padding-top:0;\">Tallaght Library, Library Square, Tallaght, Dublin 24<\/p>\n<table width=\"100%\" cellspacing=\"0\" cellpadding=\"0\">\n<tr>\n<td valign=\"top\">\n<div style=\"font-size:13px;color:#534438;line-height:20px;\">\n<p style=\"margin:10px 0;\">A lunchtime cycle from Tallaght&#8217;s Library Square to Tymon park and back will take place.<\/a><\/p>\n<p style=\"margin:10px 0;\">Admission is free.<\/a><\/div>\n<div style=\"font-size:13px;color:#534438;line-height:20px;\"><\/div>\n<p style=\"font-size:13px;color:#534438;line-height:20px;\"><a style=\"color:#cc2979;text-decoration:none\" href=\"http:\/\/www.bikeweek.ie\/events\/dublin\/lunchtime-cycle-all\">http:\/\/www.bikeweek.ie\/events\/dublin\/lunchtime-cycle-all<\/a><\/p>\n<\/td>\n<td valign=\"top\"><\/td>\n<\/tr>\n<\/table>\n<\/td>\n<\/tr>\n<\/table>\n<\/td>\n<\/tr>\n<\/table>\n<table width=\"100%\" cellpadding=\"0\" cellspacing=\"0\">\n<tr>\n<td style=\"padding:10px 30px\">\n<table width=\"100%\" cellpadding=\"0\" cellspacing=\"0\">\n<tr>\n<td width=\"52\" valign=\"top\"><img loading=\"lazy\" decoding=\"async\" src=\"http:\/\/dublineventguide.com\/dff\/admin\/images\/categories\/TALKS.png\" width=\"32\" height=\"32\" \/><\/td>\n<td>\n<h2 style=\"font-size:16px;color:#534438;margin:0 0 5px;font-weight:normal\">Seen and Heard &#8211; Ivana Bacik<\/h2>\n<h3 style=\"font-size:13px;margin:0;padding:0;line-height:16px;color:#534438;\">13:00 &#8211; 14:30, Thu 14 Jun<\/h3>\n<p style=\"font-size:13px;color:#534438;line-height:20px;margin:0;padding-top:0;\">Trinity Long Room Hub, Fellows&#8217; Square, Trinity College, Dublin 2<\/p>\n<table width=\"100%\" cellspacing=\"0\" cellpadding=\"0\">\n<tr>\n<td valign=\"top\">\n<div style=\"font-size:13px;color:#534438;line-height:20px;\">\n<p style=\"margin:10px 0;\">This is a public seminar with Senator Ivana Bacik about &#8220;Legislating for Women\u2019s Rights: Gender Pay Gap and Other Issue&#8221; as part of a series entitled &#8220;Seen and Heard.&#8221;<\/a><\/p>\n<p style=\"margin:10px 0;\">Senator Bacik will discuss her career in politics and her role in Irish society. She will describe her work as a student in 1983 to repeal the 8th amendment and its implications, as well as her current work to eliminate the gender pay gap in Ireland.<\/a><\/p>\n<p style=\"margin:10px 0;\">Admission is free, but registration is required via the website below.<\/a><\/div>\n<div style=\"font-size:13px;color:#534438;line-height:20px;\"><\/div>\n<p style=\"font-size:13px;color:#534438;line-height:20px;\"><a style=\"color:#cc2979;text-decoration:none\" href=\"https:\/\/www.eventbrite.ie\/e\/seen-and-heard-with-ivana-bacik-tickets-46519256348\">https:\/\/www.eventbrite.ie\/e\/seen-and-heard-with-ivana-bacik-tickets-46519256348<\/a><\/p>\n<\/td>\n<td valign=\"top\"><\/td>\n<\/tr>\n<\/table>\n<\/td>\n<\/tr>\n<\/table>\n<\/td>\n<\/tr>\n<\/table>\n<table width=\"100%\" cellpadding=\"0\" cellspacing=\"0\">\n<tr>\n<td style=\"padding:10px 30px\">\n<table width=\"100%\" cellpadding=\"0\" cellspacing=\"0\">\n<tr>\n<td width=\"52\" valign=\"top\"><img loading=\"lazy\" decoding=\"async\" src=\"http:\/\/dublineventguide.com\/dff\/admin\/images\/categories\/ACTIVITY.png\" width=\"32\" height=\"32\" \/><\/td>\n<td>\n<h2 style=\"font-size:16px;color:#534438;margin:0 0 5px;font-weight:normal\">Support the Dublin Event Guide &#8211; Buy your books here!<\/h2>\n<h3 style=\"font-size:13px;margin:0;padding:0;line-height:16px;color:#534438;\">13:00, Thu 14 Jun<\/h3>\n<p style=\"font-size:13px;color:#534438;line-height:20px;margin:0;padding-top:0;\">Dublin (various locations) <\/p>\n<table width=\"100%\" cellspacing=\"0\" cellpadding=\"0\">\n<tr>\n<td valign=\"top\">\n<div style=\"font-size:13px;color:#534438;line-height:20px;\">\n<p style=\"text-align: justify;\"><a href=\"http:\/\/www.bookdepository.com?a_aid=dubevg&#038;a_bid=ba35a05b\" target=\"_blank\"><img loading=\"lazy\" decoding=\"async\" style=\"float: left; margin: 4px;\" title=\"Free Delivery on all Books at the Book Depository\" src=\"http:\/\/banners1.bookdepository.com\/accounts\/default1\/banners\/P_Generic_125x125.gif\" alt=\"Free Delivery on all Books at the Book Depository\" width=\"125\" height=\"125\" \/><\/a><img loading=\"lazy\" decoding=\"async\" style=\"border: 0;\" src=\"https:\/\/affiliates.bookdepository.com\/scripts\/imp.php?a_aid=dubevg&#038;a_bid=ba35a05b\" alt=\"\" width=\"1\" height=\"1\" \/><\/p>\n<p style=\"text-align: left;\">If you regularly or occasionally buy books online, you can help the Dublin Event Guide hugely even without having to pay cent directly. In fact you even save money this way:<\/p>\n<p style=\"margin:10px 0;\">Buy your books from The Book Depository and get better prices and free (!!) delivery for all orders independent from the volume and when you click on the picture here before you buy, then 5% of what normally The Book Depository would get, they give back to the Dublin Event Guide. Everybody wins!<\/a><\/p>\n<p><a href=\"http:\/\/www.bookdepository.com?a_aid=dubevg\" style=\"color:#cc2979;text-decoration:none;\">http:\/\/www.bookdepository.com?a_aid=dubevg<\/a><\/p>\n<p>If you prefer Amazon to buy your books (for free postage you need to order a minimum of GBP 25), then use this <a href=\"http:\/\/www.amazon.co.uk\/?tag=dubevg-21\" target=\"_blank\" style=\"color:#cc2979;text-decoration:none;\">Amazon link<\/a> to help the Dublin Event Guide. Thanks!<\/p>\n<\/div>\n<div style=\"font-size:13px;color:#534438;line-height:20px;\"><\/div>\n<\/td>\n<td valign=\"top\"><\/td>\n<\/tr>\n<\/table>\n<\/td>\n<\/tr>\n<\/table>\n<\/td>\n<\/tr>\n<\/table>\n<table width=\"100%\" cellpadding=\"0\" cellspacing=\"0\">\n<tr>\n<td style=\"padding:10px 30px\">\n<table width=\"100%\" cellpadding=\"0\" cellspacing=\"0\">\n<tr>\n<td width=\"52\" valign=\"top\"><img loading=\"lazy\" decoding=\"async\" src=\"http:\/\/dublineventguide.com\/dff\/admin\/images\/categories\/ACTIVITY.png\" width=\"32\" height=\"32\" \/><\/td>\n<td>\n<h2 style=\"font-size:16px;color:#534438;margin:0 0 5px;font-weight:normal\">Exploring the materials of the Coetivy Hours &#8211; Tour<\/h2>\n<h3 style=\"font-size:13px;margin:0;padding:0;line-height:16px;color:#534438;\">13:10, Thu 14 Jun<\/h3>\n<p style=\"font-size:13px;color:#534438;line-height:20px;margin:0;padding-top:0;\">Chester Beatty Library, Gardens of Dublin Castle, Dublin 2<\/p>\n<table width=\"100%\" cellspacing=\"0\" cellpadding=\"0\">\n<tr>\n<td valign=\"top\">\n<div style=\"font-size:13px;color:#534438;line-height:20px;\">\n<p style=\"margin:10px 0;\">Come to the In Focus Tour &#8220;Exploring the materials of the Coetivy Hours&#8221; with Kristine Rose Beers, Senior Conservator, Chester Beatty Library.<\/a><\/p>\n<p style=\"margin:10px 0;\">Admission is free. Meeting point is in the atrium of the Library.<\/a><\/div>\n<div style=\"font-size:13px;color:#534438;line-height:20px;\"><\/div>\n<p style=\"font-size:13px;color:#534438;line-height:20px;\"><a style=\"color:#cc2979;text-decoration:none\" href=\"https:\/\/cbl.ticketsolve.com\/shows\/1173587954\">https:\/\/cbl.ticketsolve.com\/shows\/1173587954<\/a><\/p>\n<\/td>\n<td valign=\"top\"><\/td>\n<\/tr>\n<\/table>\n<\/td>\n<\/tr>\n<\/table>\n<\/td>\n<\/tr>\n<\/table>\n<table width=\"100%\" cellpadding=\"0\" cellspacing=\"0\">\n<tr>\n<td style=\"padding:10px 30px\">\n<table width=\"100%\" cellpadding=\"0\" cellspacing=\"0\">\n<tr>\n<td width=\"52\" valign=\"top\"><img loading=\"lazy\" decoding=\"async\" src=\"http:\/\/dublineventguide.com\/dff\/admin\/images\/categories\/TALKS.png\" width=\"32\" height=\"32\" \/><\/td>\n<td>\n<h2 style=\"font-size:16px;color:#534438;margin:0 0 5px;font-weight:normal\">How to Write a Winning CV and Ace the Interview &#8211; Talk<\/h2>\n<h3 style=\"font-size:13px;margin:0;padding:0;line-height:16px;color:#534438;\">13:30, Thu 14 Jun<\/h3>\n<p style=\"font-size:13px;color:#534438;line-height:20px;margin:0;padding-top:0;\">Central Library, Ilac Shopping Centre, Henry Street, Dublin 1<\/p>\n<table width=\"100%\" cellspacing=\"0\" cellpadding=\"0\">\n<tr>\n<td valign=\"top\">\n<div style=\"font-size:13px;color:#534438;line-height:20px;\">\n<p>&#8220;How to Write a Winning CV and Ace the Interview&#8221; is a talk by Orla Donagher (Career Coach at <a href=\"http:\/\/www.interviewtutor.ie\" style=\"color:#cc2979;text-decoration:none;\">www.interviewtutor.ie<\/a>). <\/p>\n<p style=\"margin:10px 0;\">Admission is free. <\/a><\/div>\n<div style=\"font-size:13px;color:#534438;line-height:20px;\"><\/div>\n<p style=\"font-size:13px;color:#534438;line-height:20px;\"><a style=\"color:#cc2979;text-decoration:none\" href=\"http:\/\/www.dublincity.ie\/main-menu-services-culture-and-amenities-dublin-city-public-libraries-and-archive-events\/june\">http:\/\/www.dublincity.ie\/main-menu-services-culture-and-amenities-dublin-city-public-libraries-and-archive-events\/june<\/a><\/p>\n<\/td>\n<td valign=\"top\"><\/td>\n<\/tr>\n<\/table>\n<\/td>\n<\/tr>\n<\/table>\n<\/td>\n<\/tr>\n<\/table>\n<table width=\"100%\" cellpadding=\"0\" cellspacing=\"0\">\n<tr>\n<td style=\"padding:10px 30px\">\n<table width=\"100%\" cellpadding=\"0\" cellspacing=\"0\">\n<tr>\n<td width=\"52\" valign=\"top\"><img loading=\"lazy\" decoding=\"async\" src=\"http:\/\/dublineventguide.com\/dff\/admin\/images\/categories\/TALKS.png\" width=\"32\" height=\"32\" \/><\/td>\n<td>\n<h2 style=\"font-size:16px;color:#534438;margin:0 0 5px;font-weight:normal\">Introduction to Search Engine Optimisation &#8211; Talk<\/h2>\n<h3 style=\"font-size:13px;margin:0;padding:0;line-height:16px;color:#534438;\">14:00 &#8211; 17:00, Thu 14 Jun<\/h3>\n<p style=\"font-size:13px;color:#534438;line-height:20px;margin:0;padding-top:0;\">DCU Business School, DCU Campus, Glasnevin Road, Glasnevin, Dublin 9<\/p>\n<table width=\"100%\" cellspacing=\"0\" cellpadding=\"0\">\n<tr>\n<td valign=\"top\">\n<div style=\"font-size:13px;color:#534438;line-height:20px;\">\n<p style=\"margin:10px 0;\">&#8220;Introduction to Search Engine Optimisation&#8221; is a seminar in room Q303\/4 of the DCU Business School and it is organised by the Irish Centre for Cloud Computing and Commerce.<\/a><\/p>\n<p style=\"margin:10px 0;\">Search engine optimisation (SEO) is the process of affecting the visibility of a website or a webpage in a search engine\u2019s unpaid results. This seminar will explain how search engines work, what the future will bring for search, the relationship between page quality and search engine rankings, common SEO tactics, getting ready for Mobile First, bad practices to correct and avoid and there will be an opportunity to get your questions answered. <\/a><\/p>\n<p style=\"margin:10px 0;\">This seminar will be presented by Professor Theo Lynn (Professor of Digital Business at DCU Business School and Principal Investigator of the Irish Centre for Cloud Computing and Commerce).<\/a><\/p>\n<p style=\"margin:10px 0;\">Admission is free, but booking is required via the website below.<\/a><\/div>\n<div style=\"font-size:13px;color:#534438;line-height:20px;\"><\/div>\n<p style=\"font-size:13px;color:#534438;line-height:20px;\"><a style=\"color:#cc2979;text-decoration:none\" href=\"https:\/\/www.eventbrite.ie\/e\/introduction-to-search-engine-optimisation-tickets-46657414583\">https:\/\/www.eventbrite.ie\/e\/introduction-to-search-engine-optimisation-tickets-46657414583<\/a><\/p>\n<\/td>\n<td valign=\"top\"><\/td>\n<\/tr>\n<\/table>\n<\/td>\n<\/tr>\n<\/table>\n<\/td>\n<\/tr>\n<\/table>\n<table width=\"100%\" cellpadding=\"0\" cellspacing=\"0\">\n<tr>\n<td style=\"padding:10px 30px\">\n<table width=\"100%\" cellpadding=\"0\" cellspacing=\"0\">\n<tr>\n<td width=\"52\" valign=\"top\"><img loading=\"lazy\" decoding=\"async\" src=\"http:\/\/dublineventguide.com\/dff\/admin\/images\/categories\/MARKETS.png\" width=\"32\" height=\"32\" \/><\/td>\n<td>\n<h2 style=\"font-size:16px;color:#534438;margin:0 0 5px;font-weight:normal\">Temple Bar Craft Market<\/h2>\n<h3 style=\"font-size:13px;margin:0;padding:0;line-height:16px;color:#534438;\"><img loading=\"lazy\" decoding=\"async\" src=\"http:\/\/dublineventguide.com\/dff\/admin\/images\/weekly.png\" width=\"69\" height=\"16\" style=\"display:inline;float:left;\" \/> 14:00 &#8211; 20:00, Thu 14 Jun<\/h3>\n<p style=\"font-size:13px;color:#534438;line-height:20px;margin:0;padding-top:0;\">Temple Bar, Dublin 2<\/p>\n<table width=\"100%\" cellspacing=\"0\" cellpadding=\"0\">\n<tr>\n<td valign=\"top\">\n<div style=\"font-size:13px;color:#534438;line-height:20px;\">\n<p style=\"margin:10px 0;\">The Temple Bar Craft Market during the week is back and it has moved to Thursdays in 2018. Organised by the Temple Bar Company the market will bring handcrafted jewellery, wood design, handmade soaps, original art, photography, fashion, specialised cards and stained-glass crafts.<\/a><\/p>\n<p style=\"margin:10px 0;\">The market starts at 14:00 and finishes at 20:00, but is still carrying the totally nonsensical and completely misleading name &#8220;Temple Bar NIGHT Market&#8221;. I will just ignore this unsuitable and incorrect name and will rename it to &#8220;Temple Bar Craft Market&#8221;. ;-)<\/a><\/div>\n<div style=\"font-size:13px;color:#534438;line-height:20px;\"><\/div>\n<p style=\"font-size:13px;color:#534438;line-height:20px;\"><a style=\"color:#cc2979;text-decoration:none\" href=\"https:\/\/templebarnightmarket.com\/\">https:\/\/templebarnightmarket.com\/<\/a><\/p>\n<\/td>\n<td valign=\"top\"><\/td>\n<\/tr>\n<\/table>\n<\/td>\n<\/tr>\n<\/table>\n<\/td>\n<\/tr>\n<\/table>\n<table width=\"100%\" cellpadding=\"0\" cellspacing=\"0\">\n<tr>\n<td style=\"padding:10px 30px\">\n<table width=\"100%\" cellpadding=\"0\" cellspacing=\"0\">\n<tr>\n<td width=\"52\" valign=\"top\"><img loading=\"lazy\" decoding=\"async\" src=\"http:\/\/dublineventguide.com\/dff\/admin\/images\/categories\/ACTIVITY.png\" width=\"32\" height=\"32\" \/><\/td>\n<td>\n<h2 style=\"font-size:16px;color:#534438;margin:0 0 5px;font-weight:normal\">WWI Ireland: Public Tour<\/h2>\n<h3 style=\"font-size:13px;margin:0;padding:0;line-height:16px;color:#534438;\">14:00, Thu 14 Jun<\/h3>\n<p style=\"font-size:13px;color:#534438;line-height:20px;margin:0;padding-top:0;\">National Library, Kildare Street, Dublin 2<\/p>\n<table width=\"100%\" cellspacing=\"0\" cellpadding=\"0\">\n<tr>\n<td valign=\"top\">\n<div style=\"font-size:13px;color:#534438;line-height:20px;\">\n<p style=\"margin:10px 0;\">This is a tour of the exhibition &#8220;World War Ireland: Exploring the Irish Experience&#8221;. Find out about the Irish experience &#8216;over there&#8217; and on the home front during WWI through our collections of letters, diaries, recruiting posters, newspaper reports, cartoons, and leaflets.<\/a><\/p>\n<p style=\"margin:10px 0;\">Admission is free. WWIreland is at 2\/3 Kildare Street. <\/a><\/div>\n<div style=\"font-size:13px;color:#534438;line-height:20px;\"><\/div>\n<p style=\"font-size:13px;color:#534438;line-height:20px;\"><a style=\"color:#cc2979;text-decoration:none\" href=\"http:\/\/www.nli.ie\/en\/list\/current-events.aspx\">http:\/\/www.nli.ie\/en\/list\/current-events.aspx<\/a><\/p>\n<\/td>\n<td valign=\"top\"><\/td>\n<\/tr>\n<\/table>\n<\/td>\n<\/tr>\n<\/table>\n<\/td>\n<\/tr>\n<\/table>\n<table width=\"100%\" cellpadding=\"0\" cellspacing=\"0\">\n<tr>\n<td style=\"padding:10px 30px\">\n<table width=\"100%\" cellpadding=\"0\" cellspacing=\"0\">\n<tr>\n<td width=\"52\" valign=\"top\"><img loading=\"lazy\" decoding=\"async\" src=\"http:\/\/dublineventguide.com\/dff\/admin\/images\/categories\/TALKS.png\" width=\"32\" height=\"32\" \/><\/td>\n<td>\n<h2 style=\"font-size:16px;color:#534438;margin:0 0 5px;font-weight:normal\">&#8220;Prison 50 Years on&#8221; with John Lonergan &#8211; Talk<\/h2>\n<h3 style=\"font-size:13px;margin:0;padding:0;line-height:16px;color:#534438;\">17:00, Thu 14 Jun<\/h3>\n<p style=\"font-size:13px;color:#534438;line-height:20px;margin:0;padding-top:0;\">Hugh Lane Gallery, Parnell Square North, Dublin 1 <\/p>\n<table width=\"100%\" cellspacing=\"0\" cellpadding=\"0\">\n<tr>\n<td valign=\"top\">\n<div style=\"font-size:13px;color:#534438;line-height:20px;\">\n<p style=\"margin:10px 0;\">In tandem with Amanda Dunsmore&#8217;s exhibition Keeper, this special talk &#8220;A Reflection on the reality of prison 50 years on&#8221; draws on the immense experience and insights of guest speaker John Lonergan, former Governor of Mountjoy Prison.<\/a><\/p>\n<p style=\"margin:10px 0;\">Admission is free. <\/a><\/div>\n<div style=\"font-size:13px;color:#534438;line-height:20px;\"><\/div>\n<p style=\"font-size:13px;color:#534438;line-height:20px;\"><a style=\"color:#cc2979;text-decoration:none\" href=\"http:\/\/www.hughlane.ie\/lectures\/lectures-past\/2109-evening-lecture-john-lonergan\">http:\/\/www.hughlane.ie\/lectures\/lectures-past\/2109-evening-lecture-john-lonergan<\/a><\/p>\n<\/td>\n<td valign=\"top\"><\/td>\n<\/tr>\n<\/table>\n<\/td>\n<\/tr>\n<\/table>\n<\/td>\n<\/tr>\n<\/table>\n<table width=\"100%\" cellpadding=\"0\" cellspacing=\"0\">\n<tr>\n<td style=\"padding:10px 30px\">\n<table width=\"100%\" cellpadding=\"0\" cellspacing=\"0\">\n<tr>\n<td width=\"52\" valign=\"top\"><img loading=\"lazy\" decoding=\"async\" src=\"http:\/\/dublineventguide.com\/dff\/admin\/images\/categories\/MUSIC.png\" width=\"32\" height=\"32\" \/><\/td>\n<td>\n<h2 style=\"font-size:16px;color:#534438;margin:0 0 5px;font-weight:normal\">Jazz Club at Sweetman&#8217;s &#8211; Gig<\/h2>\n<h3 style=\"font-size:13px;margin:0;padding:0;line-height:16px;color:#534438;\"><img loading=\"lazy\" decoding=\"async\" src=\"http:\/\/dublineventguide.com\/dff\/admin\/images\/weekly.png\" width=\"69\" height=\"16\" style=\"display:inline;float:left;\" \/> 18:00 &#8211; 20:00, Thu 14 Jun<\/h3>\n<p style=\"font-size:13px;color:#534438;line-height:20px;margin:0;padding-top:0;\">J.W. Sweetman&#8217;s, 2 Burgh Quay, Dublin 2<\/p>\n<table width=\"100%\" cellspacing=\"0\" cellpadding=\"0\">\n<tr>\n<td valign=\"top\">\n<div style=\"font-size:13px;color:#534438;line-height:20px;\">\n<p style=\"margin:10px 0;\">A weekly Jazz Club event with live band is taking place at J.W. Sweetman&#8217;s.<\/a><\/p>\n<p style=\"margin:10px 0;\">Admission is free.<\/a><\/div>\n<div style=\"font-size:13px;color:#534438;line-height:20px;\"><\/div>\n<p style=\"font-size:13px;color:#534438;line-height:20px;\"><a style=\"color:#cc2979;text-decoration:none\" href=\"https:\/\/www.facebook.com\/jwsweetman\/\">https:\/\/www.facebook.com\/jwsweetman\/<\/a><\/p>\n<\/td>\n<td valign=\"top\"><\/td>\n<\/tr>\n<\/table>\n<\/td>\n<\/tr>\n<\/table>\n<\/td>\n<\/tr>\n<\/table>\n<table width=\"100%\" cellpadding=\"0\" cellspacing=\"0\">\n<tr>\n<td style=\"padding:10px 30px\">\n<table width=\"100%\" cellpadding=\"0\" cellspacing=\"0\">\n<tr>\n<td width=\"52\" valign=\"top\"><img loading=\"lazy\" decoding=\"async\" src=\"http:\/\/dublineventguide.com\/dff\/admin\/images\/categories\/ACTIVITY.png\" width=\"32\" height=\"32\" \/><\/td>\n<td>\n<h2 style=\"font-size:16px;color:#534438;margin:0 0 5px;font-weight:normal\">Little Museum of Dublin &#8211; Free Admission<\/h2>\n<h3 style=\"font-size:13px;margin:0;padding:0;line-height:16px;color:#534438;\">18:00 &#8211; 20:00, Thu 14 Jun<\/h3>\n<p style=\"font-size:13px;color:#534438;line-height:20px;margin:0;padding-top:0;\">Little Museum of Dublin, 15 St Stephen&#8217;s Green, Dublin 2<\/p>\n<table width=\"100%\" cellspacing=\"0\" cellpadding=\"0\">\n<tr>\n<td valign=\"top\">\n<div style=\"font-size:13px;color:#534438;line-height:20px;\">\n<p style=\"margin:10px 0;\">Every Thursday the Little Museum of Dublin waives their admission charges for two guided tours thanks to sponsorship from Guinness. The first tour is at 18:00 and the second tour is at 19:00. Make sure that you are there at least 10 minutes before the start of the tour to get one of the limited places.<\/a><\/p>\n<p style=\"margin:10px 0;\">The Little Museum of Dublin has a fascinating collection of artefacts from the last 100 years Dublin&#8217;s history.<\/a><\/p>\n<p style=\"margin:10px 0;\">On other days and other times, admission is EUR 10 for adults and admission is by guided tour only.<\/a><\/div>\n<div style=\"font-size:13px;color:#534438;line-height:20px;\"><\/div>\n<p style=\"font-size:13px;color:#534438;line-height:20px;\"><a style=\"color:#cc2979;text-decoration:none\" href=\"http:\/\/www.littlemuseum.ie\/\">http:\/\/www.littlemuseum.ie\/<\/a><\/p>\n<\/td>\n<td valign=\"top\"><\/td>\n<\/tr>\n<\/table>\n<\/td>\n<\/tr>\n<\/table>\n<\/td>\n<\/tr>\n<\/table>\n<table width=\"100%\" cellpadding=\"0\" cellspacing=\"0\">\n<tr>\n<td style=\"padding:10px 30px\">\n<table width=\"100%\" cellpadding=\"0\" cellspacing=\"0\">\n<tr>\n<td width=\"52\" valign=\"top\"><img loading=\"lazy\" decoding=\"async\" src=\"http:\/\/dublineventguide.com\/dff\/admin\/images\/categories\/ACTIVITY.png\" width=\"32\" height=\"32\" \/><\/td>\n<td>\n<h2 style=\"font-size:16px;color:#534438;margin:0 0 5px;font-weight:normal\">Evening Tour &#8211; National Gallery<\/h2>\n<h3 style=\"font-size:13px;margin:0;padding:0;line-height:16px;color:#534438;\">18:30 &#8211; 19:15, Thu 14 Jun<\/h3>\n<p style=\"font-size:13px;color:#534438;line-height:20px;margin:0;padding-top:0;\">National Gallery, Merrion Square West, Dublin 2 <\/p>\n<table width=\"100%\" cellspacing=\"0\" cellpadding=\"0\">\n<tr>\n<td valign=\"top\">\n<div style=\"font-size:13px;color:#534438;line-height:20px;\">\n<p style=\"margin:10px 0;\">Explore some of the highlights of the National Gallery exhibitons at this evening tour.<\/a><\/p>\n<p style=\"margin:10px 0;\">Admission is free. Meet at the Merrion Square information desk.<\/a><\/div>\n<div style=\"font-size:13px;color:#534438;line-height:20px;\"><\/div>\n<p style=\"font-size:13px;color:#534438;line-height:20px;\"><a style=\"color:#cc2979;text-decoration:none\" href=\"https:\/\/www.nationalgallery.ie\/evening-tour-32\">https:\/\/www.nationalgallery.ie\/evening-tour-32<\/a><\/p>\n<\/td>\n<td valign=\"top\"><\/td>\n<\/tr>\n<\/table>\n<\/td>\n<\/tr>\n<\/table>\n<\/td>\n<\/tr>\n<\/table>\n<table width=\"100%\" cellpadding=\"0\" cellspacing=\"0\">\n<tr>\n<td style=\"padding:10px 30px\">\n<table width=\"100%\" cellpadding=\"0\" cellspacing=\"0\">\n<tr>\n<td width=\"52\" valign=\"top\"><img loading=\"lazy\" decoding=\"async\" src=\"http:\/\/dublineventguide.com\/dff\/admin\/images\/categories\/TALKS.png\" width=\"32\" height=\"32\" \/><\/td>\n<td>\n<h2 style=\"font-size:16px;color:#534438;margin:0 0 5px;font-weight:normal\">Grand Canal at Gallonstown, Ballyfermot and Rathmines &#8211; Talk<\/h2>\n<h3 style=\"font-size:13px;margin:0;padding:0;line-height:16px;color:#534438;\">18:30, Thu 14 Jun<\/h3>\n<p style=\"font-size:13px;color:#534438;line-height:20px;margin:0;padding-top:0;\">Ballyfermot Library, Ballyfermot Road, Dublin 10<\/p>\n<table width=\"100%\" cellspacing=\"0\" cellpadding=\"0\">\n<tr>\n<td valign=\"top\">\n<div style=\"font-size:13px;color:#534438;line-height:20px;\">\n<p style=\"margin:10px 0;\">&#8220;Water Water Everywhere, The Grand Canal at Gallonstown, Ballyfermot and Rathmines Townships&#8221; is the title of this history talk with Historian Cathy Scuffil in Ballyfermot.<\/a><\/p>\n<p style=\"margin:10px 0;\">Admission is free.<\/a><\/div>\n<div style=\"font-size:13px;color:#534438;line-height:20px;\"><\/div>\n<p style=\"font-size:13px;color:#534438;line-height:20px;\"><a style=\"color:#cc2979;text-decoration:none\" href=\"http:\/\/www.dublincity.ie\/main-menu-services-culture-and-amenities-dublin-city-public-libraries-and-archive-events\/history\">http:\/\/www.dublincity.ie\/main-menu-services-culture-and-amenities-dublin-city-public-libraries-and-archive-events\/history<\/a><\/p>\n<\/td>\n<td valign=\"top\"><\/td>\n<\/tr>\n<\/table>\n<\/td>\n<\/tr>\n<\/table>\n<\/td>\n<\/tr>\n<\/table>\n<table width=\"100%\" cellpadding=\"0\" cellspacing=\"0\">\n<tr>\n<td style=\"padding:10px 30px\">\n<table width=\"100%\" cellpadding=\"0\" cellspacing=\"0\">\n<tr>\n<td width=\"52\" valign=\"top\"><img loading=\"lazy\" decoding=\"async\" src=\"http:\/\/dublineventguide.com\/dff\/admin\/images\/categories\/ACTIVITY.png\" width=\"32\" height=\"32\" \/><\/td>\n<td>\n<h2 style=\"font-size:16px;color:#534438;margin:0 0 5px;font-weight:normal\">Heritage Bike Tour in Phoenix Park &#8211; Bike Week<\/h2>\n<h3 style=\"font-size:13px;margin:0;padding:0;line-height:16px;color:#534438;\">18:30 &#8211; 20:30, Thu 14 Jun<\/h3>\n<p style=\"font-size:13px;color:#534438;line-height:20px;margin:0;padding-top:0;\">Phoenix Park Visitor Centre, Phoenix Park, Dublin 8<\/p>\n<table width=\"100%\" cellspacing=\"0\" cellpadding=\"0\">\n<tr>\n<td valign=\"top\">\n<div style=\"font-size:13px;color:#534438;line-height:20px;\">\n<p style=\"margin:10px 0;\">Bernie Cleary, Heritage guide, will bring you on a bike tour to explore the wealth of history and heritage in Phoenix Park. Get to understand the central part that Phoenix Park has played in the history of Ireland. This is a family-friendly gentle tour with plenty of time for questions and chats.<\/a><\/p>\n<p style=\"margin:10px 0;\">Admission is free. Meet at the Phoenix Park Visitor Centre.<\/a><\/div>\n<div style=\"font-size:13px;color:#534438;line-height:20px;\"><\/div>\n<p style=\"font-size:13px;color:#534438;line-height:20px;\"><a style=\"color:#cc2979;text-decoration:none\" href=\"http:\/\/www.bikeweek.ie\/events\/dublin\/phoenix-park-heritage-bike-tour\">http:\/\/www.bikeweek.ie\/events\/dublin\/phoenix-park-heritage-bike-tour<\/a><\/p>\n<\/td>\n<td valign=\"top\"><\/td>\n<\/tr>\n<\/table>\n<\/td>\n<\/tr>\n<\/table>\n<\/td>\n<\/tr>\n<\/table>\n<table width=\"100%\" cellpadding=\"0\" cellspacing=\"0\">\n<tr>\n<td style=\"padding:10px 30px\">\n<table width=\"100%\" cellpadding=\"0\" cellspacing=\"0\">\n<tr>\n<td width=\"52\" valign=\"top\"><img loading=\"lazy\" decoding=\"async\" src=\"http:\/\/dublineventguide.com\/dff\/admin\/images\/categories\/ACTIVITY.png\" width=\"32\" height=\"32\" \/><\/td>\n<td>\n<h2 style=\"font-size:16px;color:#534438;margin:0 0 5px;font-weight:normal\">New to Dublin? Dublin Expats Meeting<\/h2>\n<h3 style=\"font-size:13px;margin:0;padding:0;line-height:16px;color:#534438;\"><img loading=\"lazy\" decoding=\"async\" src=\"http:\/\/dublineventguide.com\/dff\/admin\/images\/weekly.png\" width=\"69\" height=\"16\" style=\"display:inline;float:left;\" \/> 19:00, Thu 14 Jun<\/h3>\n<p style=\"font-size:13px;color:#534438;line-height:20px;margin:0;padding-top:0;\">Living Room Pub, Cathal Brugha Street (off O&#8217;Connell Street), Dublin 1<\/p>\n<table width=\"100%\" cellspacing=\"0\" cellpadding=\"0\">\n<tr>\n<td valign=\"top\">\n<div style=\"font-size:13px;color:#534438;line-height:20px;\">\n<p style=\"margin:10px 0;\">An expatriate or expat is a person temporarily or permanently residing in a country other than that of their citizenship.<\/a><\/p>\n<p style=\"margin:10px 0;\">And this is a weekly meeting for all Expats in Dublin (new and old!). If you are new to the city, this is an excellent way to meet people.<\/a><\/p>\n<p style=\"margin:10px 0;\">Admission is free (no booking required!), but you are asked to give the same kind of welcoming to new members as is given to you.<\/a><\/div>\n<div style=\"font-size:13px;color:#534438;line-height:20px;\"><\/div>\n<p style=\"font-size:13px;color:#534438;line-height:20px;\"><a style=\"color:#cc2979;text-decoration:none\" href=\"https:\/\/www.eventbrite.com\/e\/dublin-expats-thursday-7pm-tickets-24745493437?ref=devg\">https:\/\/www.eventbrite.com\/e\/dublin-expats-thursday-7pm-tickets-24745493437?ref=devg<\/a><\/p>\n<\/td>\n<td valign=\"top\"><\/td>\n<\/tr>\n<\/table>\n<\/td>\n<\/tr>\n<\/table>\n<\/td>\n<\/tr>\n<\/table>\n<table width=\"100%\" cellpadding=\"0\" cellspacing=\"0\">\n<tr>\n<td style=\"padding:10px 30px\">\n<table width=\"100%\" cellpadding=\"0\" cellspacing=\"0\">\n<tr>\n<td width=\"52\" valign=\"top\"><img loading=\"lazy\" decoding=\"async\" src=\"http:\/\/dublineventguide.com\/dff\/admin\/images\/categories\/TALKS.png\" width=\"32\" height=\"32\" \/><\/td>\n<td>\n<h2 style=\"font-size:16px;color:#534438;margin:0 0 5px;font-weight:normal\">Rise of European Monarchy &#8211; Talk<\/h2>\n<h3 style=\"font-size:13px;margin:0;padding:0;line-height:16px;color:#534438;\">19:00 &#8211; 21:00, Thu 14 Jun<\/h3>\n<p style=\"font-size:13px;color:#534438;line-height:20px;margin:0;padding-top:0;\">Trinity Long Room Hub, Fellows&#8217; Square, Trinity College, Dublin 2<\/p>\n<table width=\"100%\" cellspacing=\"0\" cellpadding=\"0\">\n<tr>\n<td valign=\"top\">\n<div style=\"font-size:13px;color:#534438;line-height:20px;\">\n<p style=\"margin:10px 0;\">The talk &#8220;The Decline of Regicide and the Rise of European Monarchy &#8211; From the Carolingian Age to the Early Modern Period&#8221; by Professor Sverre Hakon Bagge (University of Bergen) will discuss the decline of regicide in Western Christendom from the Carolingian Period onwards, seeking the main explanation of this in the introduction of hereditary succession, legitimate birth and primogeniture, combined with a relatively weak monarchy, dependent on support from the aristocracy.<\/a><\/p>\n<p style=\"margin:10px 0;\">Admission is free but booking is requried via the website below.<\/a><\/div>\n<div style=\"font-size:13px;color:#534438;line-height:20px;\"><\/div>\n<p style=\"font-size:13px;color:#534438;line-height:20px;\"><a style=\"color:#cc2979;text-decoration:none\" href=\"https:\/\/www.eventbrite.ie\/e\/the-decline-of-regicide-and-the-rise-of-european-monarchy-tickets-46437151771\">https:\/\/www.eventbrite.ie\/e\/the-decline-of-regicide-and-the-rise-of-european-monarchy-tickets-46437151771<\/a><\/p>\n<\/td>\n<td valign=\"top\"><\/td>\n<\/tr>\n<\/table>\n<\/td>\n<\/tr>\n<\/table>\n<\/td>\n<\/tr>\n<\/table>\n<table width=\"100%\" cellpadding=\"0\" cellspacing=\"0\">\n<tr>\n<td style=\"padding:10px 30px\">\n<table width=\"100%\" cellpadding=\"0\" cellspacing=\"0\">\n<tr>\n<td width=\"52\" valign=\"top\"><img loading=\"lazy\" decoding=\"async\" src=\"http:\/\/dublineventguide.com\/dff\/admin\/images\/categories\/ACTIVITY.png\" width=\"32\" height=\"32\" \/><\/td>\n<td>\n<h2 style=\"font-size:16px;color:#534438;margin:0 0 5px;font-weight:normal\">Thursday Night Board Gaming<\/h2>\n<h3 style=\"font-size:13px;margin:0;padding:0;line-height:16px;color:#534438;\"><img loading=\"lazy\" decoding=\"async\" src=\"http:\/\/dublineventguide.com\/dff\/admin\/images\/weekly.png\" width=\"69\" height=\"16\" style=\"display:inline;float:left;\" \/> 19:00, Thu 14 Jun<\/h3>\n<p style=\"font-size:13px;color:#534438;line-height:20px;margin:0;padding-top:0;\">Ryan&#8217;s, 19 Store Street, Dublin 1<\/p>\n<table width=\"100%\" cellspacing=\"0\" cellpadding=\"0\">\n<tr>\n<td valign=\"top\">\n<div style=\"font-size:13px;color:#534438;line-height:20px;\">\n<p>The Thursday Night Board Gaming event is running for more than 10 years already and it is a weekly event for all Board Game enthusiasts. But even if you are a Board Game newbie, you are welcome. Just come along! More information can be found here: <a href=\"https:\/\/www.meetup.com\/IrishGamesAssociation\/\" style=\"color:#cc2979;text-decoration:none;\">https:\/\/www.meetup.com\/IrishGamesAssociation\/<\/a><\/p>\n<p style=\"margin:10px 0;\">Admission is free.<\/a><\/p>\n<p style=\"margin:10px 0;\"> <\/a><\/div>\n<div style=\"font-size:13px;color:#534438;line-height:20px;\"><\/div>\n<p style=\"font-size:13px;color:#534438;line-height:20px;\"><a style=\"color:#cc2979;text-decoration:none\" href=\"https:\/\/www.facebook.com\/IGAGamesNights\/\">https:\/\/www.facebook.com\/IGAGamesNights\/<\/a><\/p>\n<\/td>\n<td valign=\"top\"><\/td>\n<\/tr>\n<\/table>\n<\/td>\n<\/tr>\n<\/table>\n<\/td>\n<\/tr>\n<\/table>\n<table width=\"100%\" cellpadding=\"0\" cellspacing=\"0\">\n<tr>\n<td style=\"padding:10px 30px\">\n<table width=\"100%\" cellpadding=\"0\" cellspacing=\"0\">\n<tr>\n<td width=\"52\" valign=\"top\"><img loading=\"lazy\" decoding=\"async\" src=\"http:\/\/dublineventguide.com\/dff\/admin\/images\/categories\/MUSIC.png\" width=\"32\" height=\"32\" \/><\/td>\n<td>\n<h2 style=\"font-size:16px;color:#534438;margin:0 0 5px;font-weight:normal\">Rye River Band &#8211; Gig<\/h2>\n<h3 style=\"font-size:13px;margin:0;padding:0;line-height:16px;color:#534438;\">21:00, Thu 14 Jun<\/h3>\n<p style=\"font-size:13px;color:#534438;line-height:20px;margin:0;padding-top:0;\">Harbour Bar, 1 Strand Road, Bray, Co. Wicklow<\/p>\n<table width=\"100%\" cellspacing=\"0\" cellpadding=\"0\">\n<tr>\n<td valign=\"top\">\n<div style=\"font-size:13px;color:#534438;line-height:20px;\">\n<p style=\"margin:10px 0;\">The Rye River Band will play American Country, Folk and Blues at this gig.<\/a><\/p>\n<p style=\"margin:10px 0;\">Admission is free. <\/a><\/div>\n<div style=\"font-size:13px;color:#534438;line-height:20px;\"><\/div>\n<p style=\"font-size:13px;color:#534438;line-height:20px;\"><a style=\"color:#cc2979;text-decoration:none\" href=\"http:\/\/www.theharbourbar.ie\/whats-on\/event\/rye-river-band1\">http:\/\/www.theharbourbar.ie\/whats-on\/event\/rye-river-band1<\/a><\/p>\n<\/td>\n<td valign=\"top\"><\/td>\n<\/tr>\n<\/table>\n<\/td>\n<\/tr>\n<\/table>\n<\/td>\n<\/tr>\n<\/table>\n<table width=\"100%\" cellpadding=\"0\" cellspacing=\"0\">\n<tr>\n<td style=\"padding:10px 30px\">\n<table width=\"100%\" cellpadding=\"0\" cellspacing=\"0\">\n<tr>\n<td width=\"52\" valign=\"top\"><img loading=\"lazy\" decoding=\"async\" src=\"http:\/\/dublineventguide.com\/dff\/admin\/images\/categories\/MUSIC.png\" width=\"32\" height=\"32\" \/><\/td>\n<td>\n<h2 style=\"font-size:16px;color:#534438;margin:0 0 5px;font-weight:normal\">Singer Songwriter Night &#8211; Mother Reilly&#8217;s<\/h2>\n<h3 style=\"font-size:13px;margin:0;padding:0;line-height:16px;color:#534438;\"><img loading=\"lazy\" decoding=\"async\" src=\"http:\/\/dublineventguide.com\/dff\/admin\/images\/weekly.png\" width=\"69\" height=\"16\" style=\"display:inline;float:left;\" \/> 21:00, Thu 14 Jun<\/h3>\n<p style=\"font-size:13px;color:#534438;line-height:20px;margin:0;padding-top:0;\">Mother Reillys, 26\/28 Upper Rathmines Road, Rathmines, Dublin 6 <\/p>\n<table width=\"100%\" cellspacing=\"0\" cellpadding=\"0\">\n<tr>\n<td valign=\"top\">\n<div style=\"font-size:13px;color:#534438;line-height:20px;\">\n<p style=\"margin:10px 0;\">Every Thursday a Singer Songwriter Night will take place in Mother Reilly&#8217;s in Rathmines. This is YOUR chance to show everyone what you can do, alternatively you can just listen to the talented Singer\/Songwriters. Admission is free.<\/a><\/div>\n<div style=\"font-size:13px;color:#534438;line-height:20px;\"><\/div>\n<p style=\"font-size:13px;color:#534438;line-height:20px;\"><a style=\"color:#cc2979;text-decoration:none\" href=\"https:\/\/www.facebook.com\/motherreillysADMIN\">https:\/\/www.facebook.com\/motherreillysADMIN<\/a><\/p>\n<\/td>\n<td valign=\"top\"><\/td>\n<\/tr>\n<\/table>\n<\/td>\n<\/tr>\n<\/table>\n<\/td>\n<\/tr>\n<\/table>\n<table width=\"100%\" cellpadding=\"0\" cellspacing=\"0\">\n<tr>\n<td style=\"padding:10px 30px\">\n<table width=\"100%\" cellpadding=\"0\" cellspacing=\"0\">\n<tr>\n<td width=\"52\" valign=\"top\"><img loading=\"lazy\" decoding=\"async\" src=\"http:\/\/dublineventguide.com\/dff\/admin\/images\/categories\/ACTIVITY.png\" width=\"32\" height=\"32\" \/><\/td>\n<td>\n<h2 style=\"font-size:16px;color:#534438;margin:0 0 5px;font-weight:normal\">Brady&#8217;s Fun Pub Quiz<\/h2>\n<h3 style=\"font-size:13px;margin:0;padding:0;line-height:16px;color:#534438;\"><img loading=\"lazy\" decoding=\"async\" src=\"http:\/\/dublineventguide.com\/dff\/admin\/images\/weekly.png\" width=\"69\" height=\"16\" style=\"display:inline;float:left;\" \/> 21:30, Thu 14 Jun<\/h3>\n<p style=\"font-size:13px;color:#534438;line-height:20px;margin:0;padding-top:0;\">Brady&#8217;s Pub, 5 Terenure Place, Terenure, Dublin 6<\/p>\n<table width=\"100%\" cellspacing=\"0\" cellpadding=\"0\">\n<tr>\n<td valign=\"top\">\n<div style=\"font-size:13px;color:#534438;line-height:20px;\">\n<p style=\"margin:10px 0;\">A Fun Pub Quiz takes place in Brady&#8217;s in Terenure on Thurs. The quiz will be on every Thursday night in the Lounge at Brady&#8217;s. Keith McLoughlin is the Quiz Master.<\/a><\/p>\n<p style=\"margin:10px 0;\">There will be six rounds of the quiz with picture questions, audio questions and general knowledge questions. Admission to the quiz is free and therr will be free drink vouchers for the winning and runner up teams. (No phones to get answers allowed.)<\/a><\/div>\n<div style=\"font-size:13px;color:#534438;line-height:20px;\"><\/div>\n<p style=\"font-size:13px;color:#534438;line-height:20px;\"><a style=\"color:#cc2979;text-decoration:none\" href=\"https:\/\/www.facebook.com\/pages\/Bradys-Pub-Terenure\/138965189474826\">https:\/\/www.facebook.com\/pages\/Bradys-Pub-Terenure\/138965189474826<\/a><\/p>\n<\/td>\n<td valign=\"top\"><\/td>\n<\/tr>\n<\/table>\n<\/td>\n<\/tr>\n<\/table>\n<\/td>\n<\/tr>\n<\/table>\n<table width=\"100%\" cellpadding=\"0\" cellspacing=\"0\">\n<tr>\n<td style=\"padding:10px 30px\">\n<table width=\"100%\" cellpadding=\"0\" cellspacing=\"0\">\n<tr>\n<td width=\"52\" valign=\"top\"><img loading=\"lazy\" decoding=\"async\" src=\"http:\/\/dublineventguide.com\/dff\/admin\/images\/categories\/MUSIC.png\" width=\"32\" height=\"32\" \/><\/td>\n<td>\n<h2 style=\"font-size:16px;color:#534438;margin:0 0 5px;font-weight:normal\">International Bar Jazz Night<\/h2>\n<h3 style=\"font-size:13px;margin:0;padding:0;line-height:16px;color:#534438;\"><img loading=\"lazy\" decoding=\"async\" src=\"http:\/\/dublineventguide.com\/dff\/admin\/images\/weekly.png\" width=\"69\" height=\"16\" style=\"display:inline;float:left;\" \/> 21:30, Thu 14 Jun<\/h3>\n<p style=\"font-size:13px;color:#534438;line-height:20px;margin:0;padding-top:0;\">The International Bar, 23 Wicklow Street, Dublin 2<\/p>\n<table width=\"100%\" cellspacing=\"0\" cellpadding=\"0\">\n<tr>\n<td valign=\"top\">\n<div style=\"font-size:13px;color:#534438;line-height:20px;\">\n<p style=\"margin:10px 0;\">Every Tuesday and Thursday the International Bar invites to a Jazz night in the Lounge.<\/a><\/p>\n<p style=\"margin:10px 0;\">Groups led by Cote Calmet, Sean Maynard Smith, Dominic Mullan, Paddy Groenland, Georgia Cusack &#038; Alex Mathias are performing regularly with occasional guest players, but there are also other bands from all over.<\/a><\/p>\n<p style=\"margin:10px 0;\">Admission is free, with a suggested donation of EUR 5. The website clearly says that there is no entry fee, but &#8211; and that makes a lot of sense &#8211; that your donations are very much appreciated (Musicians need to pay for rent and food too!) Be generous after the gig if you liked it, but if someone wants to charge an admission charge, please point out that the &#8220;rules&#8221; as described on their website are like I have explained.<\/a><\/div>\n<div style=\"font-size:13px;color:#534438;line-height:20px;\"><\/div>\n<p style=\"font-size:13px;color:#534438;line-height:20px;\"><a style=\"color:#cc2979;text-decoration:none\" href=\"http:\/\/www.international-bar.com\/jazz\/\">http:\/\/www.international-bar.com\/jazz\/<\/a><\/p>\n<\/td>\n<td valign=\"top\"><\/td>\n<\/tr>\n<\/table>\n<\/td>\n<\/tr>\n<\/table>\n<\/td>\n<\/tr>\n<\/table>\n<table width=\"100%\" cellpadding=\"0\" cellspacing=\"0\">\n<tr>\n<td style=\"padding:10px 30px\">\n<table width=\"100%\" cellpadding=\"0\" cellspacing=\"0\">\n<tr>\n<td width=\"52\" valign=\"top\"><img loading=\"lazy\" decoding=\"async\" src=\"http:\/\/dublineventguide.com\/dff\/admin\/images\/categories\/MUSIC.png\" width=\"32\" height=\"32\" \/><\/td>\n<td>\n<h2 style=\"font-size:16px;color:#534438;margin:0 0 5px;font-weight:normal\">McLoughlin&#8217;s Trad Night<\/h2>\n<h3 style=\"font-size:13px;margin:0;padding:0;line-height:16px;color:#534438;\"><img loading=\"lazy\" decoding=\"async\" src=\"http:\/\/dublineventguide.com\/dff\/admin\/images\/weekly.png\" width=\"69\" height=\"16\" style=\"display:inline;float:left;\" \/> 21:30, Thu 14 Jun<\/h3>\n<p style=\"font-size:13px;color:#534438;line-height:20px;margin:0;padding-top:0;\">McLoughlin&#8217;s Bar, 73 Upper George&#8217;s Street, Dun Laoghaire<\/p>\n<table width=\"100%\" cellspacing=\"0\" cellpadding=\"0\">\n<tr>\n<td valign=\"top\">\n<div style=\"font-size:13px;color:#534438;line-height:20px;\">\n<p style=\"margin:10px 0;\">A weekly Trad Music Night is taking place in McLoughlin&#8217;s in Dun Laoghaire. It is an acoustic night and all musicians are welcome. Admission is free.<\/a><\/div>\n<div style=\"font-size:13px;color:#534438;line-height:20px;\"><\/div>\n<p style=\"font-size:13px;color:#534438;line-height:20px;\"><a style=\"color:#cc2979;text-decoration:none\" href=\"http:\/\/www.mcloughlinsbar.ie\">http:\/\/www.mcloughlinsbar.ie<\/a><\/p>\n<\/td>\n<td valign=\"top\"><\/td>\n<\/tr>\n<\/table>\n<\/td>\n<\/tr>\n<\/table>\n<\/td>\n<\/tr>\n<\/table>\n<table width=\"100%\" cellpadding=\"0\" cellspacing=\"0\">\n<tr>\n<td style=\"padding:10px 30px\">\n<table width=\"100%\" cellpadding=\"0\" cellspacing=\"0\">\n<tr>\n<td width=\"52\" valign=\"top\"><img loading=\"lazy\" decoding=\"async\" src=\"http:\/\/dublineventguide.com\/dff\/admin\/images\/categories\/MUSIC.png\" width=\"32\" height=\"32\" \/><\/td>\n<td>\n<h2 style=\"font-size:16px;color:#534438;margin:0 0 5px;font-weight:normal\">McNeills Trad Music Pub Sessions<\/h2>\n<h3 style=\"font-size:13px;margin:0;padding:0;line-height:16px;color:#534438;\"><img loading=\"lazy\" decoding=\"async\" src=\"http:\/\/dublineventguide.com\/dff\/admin\/images\/weekly.png\" width=\"69\" height=\"16\" style=\"display:inline;float:left;\" \/> 21:30, Thu 14 Jun<\/h3>\n<p style=\"font-size:13px;color:#534438;line-height:20px;margin:0;padding-top:0;\">J. McNeills, 140 Capel Street, Dublin 7<\/p>\n<table width=\"100%\" cellspacing=\"0\" cellpadding=\"0\">\n<tr>\n<td valign=\"top\">\n<div style=\"font-size:13px;color:#534438;line-height:20px;\">\n<p style=\"margin:10px 0;\">Every Thursday a free Trad Session takes place in McNeills and often there are high profile Trad musicians performing.<\/a><\/div>\n<div style=\"font-size:13px;color:#534438;line-height:20px;\"><\/div>\n<p style=\"font-size:13px;color:#534438;line-height:20px;\"><a style=\"color:#cc2979;text-decoration:none\" href=\"https:\/\/www.facebook.com\/McNeillsPubSessions\">https:\/\/www.facebook.com\/McNeillsPubSessions<\/a><\/p>\n<\/td>\n<td valign=\"top\"><\/td>\n<\/tr>\n<\/table>\n<\/td>\n<\/tr>\n<\/table>\n<\/td>\n<\/tr>\n<\/table>\n<table width=\"100%\" cellpadding=\"0\" cellspacing=\"0\">\n<tr>\n<td style=\"padding:10px 30px\">\n<table width=\"100%\" cellpadding=\"0\" cellspacing=\"0\">\n<tr>\n<td width=\"52\" valign=\"top\"><img loading=\"lazy\" decoding=\"async\" src=\"http:\/\/dublineventguide.com\/dff\/admin\/images\/categories\/MUSIC.png\" width=\"32\" height=\"32\" \/><\/td>\n<td>\n<h2 style=\"font-size:16px;color:#534438;margin:0 0 5px;font-weight:normal\">Woolshed Karaoke<\/h2>\n<h3 style=\"font-size:13px;margin:0;padding:0;line-height:16px;color:#534438;\"><img loading=\"lazy\" decoding=\"async\" src=\"http:\/\/dublineventguide.com\/dff\/admin\/images\/weekly.png\" width=\"69\" height=\"16\" style=\"display:inline;float:left;\" \/> 21:30, Thu 14 Jun<\/h3>\n<p style=\"font-size:13px;color:#534438;line-height:20px;margin:0;padding-top:0;\">Woolshed Bar &#038; Grill, Parnell Street, Dublin 1<\/p>\n<table width=\"100%\" cellspacing=\"0\" cellpadding=\"0\">\n<tr>\n<td valign=\"top\">\n<div style=\"font-size:13px;color:#534438;line-height:20px;\">\n<p style=\"margin:10px 0;\">The Woolshed Karaoke is happening every Thursday from 21:30. Anyone can participate! Admission is free.<\/a><\/div>\n<div style=\"font-size:13px;color:#534438;line-height:20px;\"><\/div>\n<p style=\"font-size:13px;color:#534438;line-height:20px;\"><a style=\"color:#cc2979;text-decoration:none\" href=\"http:\/\/www.woolshedbaa.com\/dublin\/\">http:\/\/www.woolshedbaa.com\/dublin\/<\/a><\/p>\n<\/td>\n<td valign=\"top\"><\/td>\n<\/tr>\n<\/table>\n<\/td>\n<\/tr>\n<\/table>\n<\/td>\n<\/tr>\n<\/table>\n<table width=\"100%\" cellpadding=\"0\" cellspacing=\"0\">\n<tr>\n<td style=\"padding:10px 30px\">\n<table width=\"100%\" cellpadding=\"0\" cellspacing=\"0\">\n<tr>\n<td width=\"52\" valign=\"top\"><img loading=\"lazy\" decoding=\"async\" src=\"http:\/\/dublineventguide.com\/dff\/admin\/images\/categories\/MUSIC.png\" width=\"32\" height=\"32\" \/><\/td>\n<td>\n<h2 style=\"font-size:16px;color:#534438;margin:0 0 5px;font-weight:normal\">BIMM Dublin Midnight Hour &#8211; Gig<\/h2>\n<h3 style=\"font-size:13px;margin:0;padding:0;line-height:16px;color:#534438;\">23:30, Thu 14 Jun<\/h3>\n<p style=\"font-size:13px;color:#534438;line-height:20px;margin:0;padding-top:0;\">Whelan&#8217;s, 25 Wexford Street, Dublin 2 <\/p>\n<table width=\"100%\" cellspacing=\"0\" cellpadding=\"0\">\n<tr>\n<td valign=\"top\">\n<div style=\"font-size:13px;color:#534438;line-height:20px;\">\n<p style=\"margin:10px 0;\">The BIMM Music College is organising the Midnight Hour on Thursdays in Whelan&#8217;s. The line-up has not yet been announced.<\/a><\/p>\n<p style=\"margin:10px 0;\">Admission is free.<\/a><\/div>\n<div style=\"font-size:13px;color:#534438;line-height:20px;\"><\/div>\n<p style=\"font-size:13px;color:#534438;line-height:20px;\"><a style=\"color:#cc2979;text-decoration:none\" href=\"http:\/\/www.whelanslive.com\/index.php\/bimm-dublin-midnight-hour-20\/\">http:\/\/www.whelanslive.com\/index.php\/bimm-dublin-midnight-hour-20\/<\/a><\/p>\n<\/td>\n<td valign=\"top\"><\/td>\n<\/tr>\n<\/table>\n<\/td>\n<\/tr>\n<\/table>\n<\/td>\n<\/tr>\n<\/table>\n<table width=\"100%\" cellpadding=\"0\" cellspacing=\"0\" id=\"day_1529017200\" style=\"margin-top: 10px;\">\n<tr height=\"34\" style=\"background-color:#c20162;color:#fff\">\n<td style=\"padding: 0; line-height: 1; height: 34px; overflow: hidden;\">\n<p style=\"width:630px;padding-left:30px;margin: 0; height: 34px; overflow: hidden; line-height: 34px;\"><a name=\"day_1529017200\"><\/a><strong>Friday  <\/strong> 15 Jun\t\t\t\t\t\t<\/p>\n<\/td>\n<td>\n<p style=\"margin:0;line-height:34px;padding:0;font-size:13px;\"><a href=\"#dff_top\" style=\"color:#fff;text-decoration:none\">back to top<\/a><\/p>\n<\/td>\n<td>\n<p style=\"margin:0;padding:0;font-size:13px;\"><a href=\"#dff_top\" style=\"color:#fff;text-decoration:none\"><img loading=\"lazy\" decoding=\"async\" src=\"http:\/\/dublineventguide.com\/dff\/admin\/images\/dividers\/date_toplink.png\" width=\"38\" height=\"34\" alt=\"Back to top\" \/><\/a><\/p>\n<\/td>\n<td width=\"50\">\n<\/td>\n<\/tr>\n<\/table>\n<table width=\"100%\" cellpadding=\"0\" cellspacing=\"0\">\n<tr>\n<td style=\"padding:10px 30px\">\n<table width=\"100%\" cellpadding=\"0\" cellspacing=\"0\">\n<tr>\n<td width=\"52\" valign=\"top\"><img loading=\"lazy\" decoding=\"async\" src=\"http:\/\/dublineventguide.com\/dff\/admin\/images\/categories\/ACTIVITY.png\" width=\"32\" height=\"32\" \/><\/td>\n<td>\n<h2 style=\"font-size:16px;color:#534438;margin:0 0 5px;font-weight:normal\">Bike Week 2018<\/h2>\n<h3 style=\"font-size:13px;margin:0;padding:0;line-height:16px;color:#534438;\">09:00, Fri 15 Jun<\/h3>\n<p style=\"font-size:13px;color:#534438;line-height:20px;margin:0;padding-top:0;\">Various locations in Dublin and Dun Laoghaire<\/p>\n<table width=\"100%\" cellspacing=\"0\" cellpadding=\"0\">\n<tr>\n<td valign=\"top\">\n<div style=\"font-size:13px;color:#534438;line-height:20px;\">\n<p style=\"margin:10px 0;\">Bike Week 2018 will take place from Sat 09 &#8211; Sun 17 June. There will be Bike Tours, Bike Maintenance Clinics, a Street Velodrome event, a Bike Fest and a Cycling Photo Exhibition.<\/a><\/p>\n<p>A lot of events are listed separately in this Dublin Event Guide, but to find out about the free Bike Maintenance Clinics, please check the website at <a>http:\/\/www.bikeweek.ie\/events<\/a><\/p>\n<p style=\"margin:10px 0;\">The &#8220;Everyday Cycling Photo Exhibition&#8221;, a collection current and historical images depicting the role of the bicycle in everyday and sometimes strange, situations, will be on show from 09-29 June in the offices of Dublin City Council on Wood Quay from Monday to Friday (09:00-17:00). Admission is free.<\/a><\/p>\n<p style=\"margin:10px 0;\">All Bike Week events are free.<\/a><\/div>\n<div style=\"font-size:13px;color:#534438;line-height:20px;\"><\/div>\n<p style=\"font-size:13px;color:#534438;line-height:20px;\"><a style=\"color:#cc2979;text-decoration:none\" href=\"http:\/\/www.bikeweek.ie\">http:\/\/www.bikeweek.ie<\/a><\/p>\n<\/td>\n<td valign=\"top\"><\/td>\n<\/tr>\n<\/table>\n<\/td>\n<\/tr>\n<\/table>\n<\/td>\n<\/tr>\n<\/table>\n<table width=\"100%\" cellpadding=\"0\" cellspacing=\"0\">\n<tr>\n<td style=\"padding:10px 30px\">\n<table width=\"100%\" cellpadding=\"0\" cellspacing=\"0\">\n<tr>\n<td width=\"52\" valign=\"top\"><img loading=\"lazy\" decoding=\"async\" src=\"http:\/\/dublineventguide.com\/dff\/admin\/images\/categories\/ACTIVITY.png\" width=\"32\" height=\"32\" \/><\/td>\n<td>\n<h2 style=\"font-size:16px;color:#534438;margin:0 0 5px;font-weight:normal\">Rethinking Dementia through Theatre and Drama &#8211; Workshop<\/h2>\n<h3 style=\"font-size:13px;margin:0;padding:0;line-height:16px;color:#534438;\">09:00 &#8211; 16:00, Fri 15 Jun<\/h3>\n<p style=\"font-size:13px;color:#534438;line-height:20px;margin:0;padding-top:0;\">Trinity Long Room Hub, Fellows&#8217; Square, Trinity College, Dublin 2<\/p>\n<table width=\"100%\" cellspacing=\"0\" cellpadding=\"0\">\n<tr>\n<td valign=\"top\">\n<div style=\"font-size:13px;color:#534438;line-height:20px;\">\n<p style=\"margin:10px 0;\">Dementia, of which the most common form is Alzheimer&#8217;s disease, has moved increasingly to centre stage in public discourse.<\/a><\/p>\n<p style=\"margin:10px 0;\">This workshop aims to guide theatre and arts practitioners in how to unlock the multiple narratives of dementia, and to find means of empowering those living with dementia to find expression of their creativity, experiences, and relationships.<\/a><\/p>\n<p style=\"margin:10px 0;\">It is a full day workshop and all details can be found on the website below.<\/a><\/p>\n<p style=\"margin:10px 0;\">Admission is free, but booking is required on the same website. <\/a><\/div>\n<div style=\"font-size:13px;color:#534438;line-height:20px;\"><\/div>\n<p style=\"font-size:13px;color:#534438;line-height:20px;\"><a style=\"color:#cc2979;text-decoration:none\" href=\"https:\/\/www.eventbrite.ie\/e\/rethinking-dementia-through-theatre-and-drama-tickets-46795021168\">https:\/\/www.eventbrite.ie\/e\/rethinking-dementia-through-theatre-and-drama-tickets-46795021168<\/a><\/p>\n<\/td>\n<td valign=\"top\"><\/td>\n<\/tr>\n<\/table>\n<\/td>\n<\/tr>\n<\/table>\n<\/td>\n<\/tr>\n<\/table>\n<table width=\"100%\" cellpadding=\"0\" cellspacing=\"0\">\n<tr>\n<td style=\"padding:10px 30px\">\n<table width=\"100%\" cellpadding=\"0\" cellspacing=\"0\">\n<tr>\n<td width=\"52\" valign=\"top\"><img loading=\"lazy\" decoding=\"async\" src=\"http:\/\/dublineventguide.com\/dff\/admin\/images\/categories\/ACTIVITY.png\" width=\"32\" height=\"32\" \/><\/td>\n<td>\n<h2 style=\"font-size:16px;color:#534438;margin:0 0 5px;font-weight:normal\">Street Velodrome &#8211; Smithfield &#8211; Bike Week<\/h2>\n<h3 style=\"font-size:13px;margin:0;padding:0;line-height:16px;color:#534438;\">10:00 &#8211; 18:00, Fri 15 Jun<\/h3>\n<p style=\"font-size:13px;color:#534438;line-height:20px;margin:0;padding-top:0;\">Dublin (various locations) <\/p>\n<table width=\"100%\" cellspacing=\"0\" cellpadding=\"0\">\n<tr>\n<td valign=\"top\">\n<div style=\"font-size:13px;color:#534438;line-height:20px;\">\n<p style=\"margin:10px 0;\">Street Velodrome is a pop-up cycling track that will give you an opportunity to try cycling like a professional cyclist. All equipment (bikes and helmet) will be provided and Pro Riders coaches will explain everything to you before you get racing.<\/a><\/p>\n<p style=\"margin:10px 0;\">The pop-up Street Velodrome will be in different locations in Dublin during Bike Week:<\/a><\/p>\n<p>+ Tue 12 June: Dundrum Town Centre. Register <a href=\"https:\/\/www.eventbrite.co.uk\/e\/access-streetvelodrome-dundrum-registration-44711637712\" target=\"_blank\" style=\"color:#cc2979;text-decoration:none;\">here<\/a>.<br \/>+ Wed 13 June: Blanchardstown Millennium Park. Register <a href=\"https:\/\/www.eventbrite.co.uk\/e\/access-streetvelodrome-blanchardstown-registration-44711600601\" target=\"_blank\" style=\"color:#cc2979;text-decoration:none;\">here<\/a>.<br \/>+ Thu 14 June: Smithfield Plaza. Register <a href=\"https:\/\/www.eventbrite.co.uk\/e\/access-streetvelodrome-dublin-registration-44709546457\" target=\"_blank\" style=\"color:#cc2979;text-decoration:none;\">here<\/a>.<br \/>+ Fri 15 June: Smithfield Plaza. Register <a href=\"https:\/\/www.eventbrite.co.uk\/e\/access-streetvelodrome-dublin-registration-46690411277\" target=\"_blank\" style=\"color:#cc2979;text-decoration:none;\">here<\/a>. <br \/>+ Sat 16 June: Smithield Plaza &#8211; Viking Pro Series for Pro\/Elit Riders. Register <a href=\"https:\/\/www.eventbrite.co.uk\/e\/viking-pro-series-dublin-registration-44633803909\" target=\"_blank\" style=\"color:#cc2979;text-decoration:none;\">here<\/a>.<\/p>\n<\/div>\n<div style=\"font-size:13px;color:#534438;line-height:20px;\"><\/div>\n<p style=\"font-size:13px;color:#534438;line-height:20px;\"><a style=\"color:#cc2979;text-decoration:none\" href=\"http:\/\/www.bikeweek.ie\/events\/dublin\/street-veldrome-event\">http:\/\/www.bikeweek.ie\/events\/dublin\/street-veldrome-event<\/a><\/p>\n<\/td>\n<td valign=\"top\"><\/td>\n<\/tr>\n<\/table>\n<\/td>\n<\/tr>\n<\/table>\n<\/td>\n<\/tr>\n<\/table>\n<table width=\"100%\" cellpadding=\"0\" cellspacing=\"0\">\n<tr>\n<td style=\"padding:10px 30px\">\n<table width=\"100%\" cellpadding=\"0\" cellspacing=\"0\">\n<tr>\n<td width=\"52\" valign=\"top\"><img loading=\"lazy\" decoding=\"async\" src=\"http:\/\/dublineventguide.com\/dff\/admin\/images\/categories\/ACTIVITY.png\" width=\"32\" height=\"32\" \/><\/td>\n<td>\n<h2 style=\"font-size:16px;color:#534438;margin:0 0 5px;font-weight:normal\">The Story of the Capital &#8211; Exhibition in Dublin City Hall<\/h2>\n<h3 style=\"font-size:13px;margin:0;padding:0;line-height:16px;color:#534438;\"><img loading=\"lazy\" decoding=\"async\" src=\"http:\/\/dublineventguide.com\/dff\/admin\/images\/weekly.png\" width=\"69\" height=\"16\" style=\"display:inline;float:left;\" \/> 10:00 &#8211; 17:15, Fri 15 Jun<\/h3>\n<p style=\"font-size:13px;color:#534438;line-height:20px;margin:0;padding-top:0;\">City Hall, Dame Street, Dublin 2<\/p>\n<table width=\"100%\" cellspacing=\"0\" cellpadding=\"0\">\n<tr>\n<td valign=\"top\">\n<div style=\"font-size:13px;color:#534438;line-height:20px;\">\n<p style=\"margin:10px 0;\">Dublin City Hall has a museum\/exhibition in the basement, called &#8220;The Story of the Capital&#8221;, it is an exhibition about Dublin&#8217;s History and you should definitely check it out at some stage.<\/a><\/p>\n<p style=\"margin:10px 0;\">To celebrate the Easter Rising Anniversary, admission to that exhibititon was free in 2016, but lucky for us, Dublin City decided to also waive the admission charge for 2018.<\/a><\/p>\n<p style=\"margin:10px 0;\">Opening hours are Monday-Saturday 10:00-17:15.<\/a><\/div>\n<div style=\"font-size:13px;color:#534438;line-height:20px;\"><\/div>\n<p style=\"font-size:13px;color:#534438;line-height:20px;\"><a style=\"color:#cc2979;text-decoration:none\" href=\"http:\/\/www.dublincity.ie\/main-menu-services-recreation-culture-cityhall\/exhibition\">http:\/\/www.dublincity.ie\/main-menu-services-recreation-culture-cityhall\/exhibition<\/a><\/p>\n<\/td>\n<td valign=\"top\"><\/td>\n<\/tr>\n<\/table>\n<\/td>\n<\/tr>\n<\/table>\n<\/td>\n<\/tr>\n<\/table>\n<table width=\"100%\" cellpadding=\"0\" cellspacing=\"0\">\n<tr>\n<td style=\"padding:10px 30px\">\n<table width=\"100%\" cellpadding=\"0\" cellspacing=\"0\">\n<tr>\n<td width=\"52\" valign=\"top\"><img loading=\"lazy\" decoding=\"async\" src=\"http:\/\/dublineventguide.com\/dff\/admin\/images\/categories\/ACTIVITY.png\" width=\"32\" height=\"32\" \/><\/td>\n<td>\n<h2 style=\"font-size:16px;color:#534438;margin:0 0 5px;font-weight:normal\">National Gallery Talks &#038; Tour<\/h2>\n<h3 style=\"font-size:13px;margin:0;padding:0;line-height:16px;color:#534438;\"><img loading=\"lazy\" decoding=\"async\" src=\"http:\/\/dublineventguide.com\/dff\/admin\/images\/weekly.png\" width=\"69\" height=\"16\" style=\"display:inline;float:left;\" \/> 11:30 &#8211; 16:50, Fri 15 Jun<\/h3>\n<p style=\"font-size:13px;color:#534438;line-height:20px;margin:0;padding-top:0;\">National Gallery, Merrion Square West, Dublin 2 <\/p>\n<table width=\"100%\" cellspacing=\"0\" cellpadding=\"0\">\n<tr>\n<td valign=\"top\">\n<div style=\"font-size:13px;color:#534438;line-height:20px;\">\n<p style=\"margin:10px 0;\">The National Gallery has an extensive programme of free talks, public tours and Art Documentary screenings every day of the week. Currently there is at least one free tour every day. Check their website for details. Some special events will be listed separately.<\/a><\/p>\n<p style=\"margin:10px 0;\">Admission to the gallery and to most events is free.<\/a><\/div>\n<div style=\"font-size:13px;color:#534438;line-height:20px;\"><\/div>\n<p style=\"font-size:13px;color:#534438;line-height:20px;\"><a style=\"color:#cc2979;text-decoration:none\" href=\"https:\/\/www.nationalgallery.ie\/whats-on\">https:\/\/www.nationalgallery.ie\/whats-on<\/a><\/p>\n<\/td>\n<td valign=\"top\"><\/td>\n<\/tr>\n<\/table>\n<\/td>\n<\/tr>\n<\/table>\n<\/td>\n<\/tr>\n<\/table>\n<table width=\"100%\" cellpadding=\"0\" cellspacing=\"0\">\n<tr>\n<td style=\"padding:10px 30px\">\n<table width=\"100%\" cellpadding=\"0\" cellspacing=\"0\">\n<tr>\n<td width=\"52\" valign=\"top\"><img loading=\"lazy\" decoding=\"async\" src=\"http:\/\/dublineventguide.com\/dff\/admin\/images\/categories\/MARKETS.png\" width=\"32\" height=\"32\" \/><\/td>\n<td>\n<h2 style=\"font-size:16px;color:#534438;margin:0 0 5px;font-weight:normal\">The Green Door Market<\/h2>\n<h3 style=\"font-size:13px;margin:0;padding:0;line-height:16px;color:#534438;\"><img loading=\"lazy\" decoding=\"async\" src=\"http:\/\/dublineventguide.com\/dff\/admin\/images\/weekly.png\" width=\"69\" height=\"16\" style=\"display:inline;float:left;\" \/> 12:00 &#8211; 19:00, Fri 15 Jun<\/h3>\n<p style=\"font-size:13px;color:#534438;line-height:20px;margin:0;padding-top:0;\">18 Newmarket, Dublin 8<\/p>\n<table width=\"100%\" cellspacing=\"0\" cellpadding=\"0\">\n<tr>\n<td valign=\"top\">\n<div style=\"font-size:13px;color:#534438;line-height:20px;\">\n<p style=\"margin:10px 0;\">The Green Door Market is a new indoor food\/Farmer&#8217;s Market that takes place just a few doors down from the Dublin Food Co-op at Newmarket in Dublin 8. Admission is free.<\/a><\/p>\n<p style=\"margin:10px 0;\">Opening hours are Thu-Fri 12:00-19:00 and Sat 09:30-16:00.<\/a><\/div>\n<div style=\"font-size:13px;color:#534438;line-height:20px;\"><\/div>\n<p style=\"font-size:13px;color:#534438;line-height:20px;\"><a style=\"color:#cc2979;text-decoration:none\" href=\"https:\/\/www.facebook.com\/thegreendoordublin\">https:\/\/www.facebook.com\/thegreendoordublin<\/a><\/p>\n<\/td>\n<td valign=\"top\"><\/td>\n<\/tr>\n<\/table>\n<\/td>\n<\/tr>\n<\/table>\n<\/td>\n<\/tr>\n<\/table>\n<table width=\"100%\" cellpadding=\"0\" cellspacing=\"0\">\n<tr>\n<td style=\"padding:10px 30px\">\n<table width=\"100%\" cellpadding=\"0\" cellspacing=\"0\">\n<tr>\n<td width=\"52\" valign=\"top\"><img loading=\"lazy\" decoding=\"async\" src=\"http:\/\/dublineventguide.com\/dff\/admin\/images\/categories\/MUSIC.png\" width=\"32\" height=\"32\" \/><\/td>\n<td>\n<h2 style=\"font-size:16px;color:#534438;margin:0 0 5px;font-weight:normal\">Meet the New Musician in Residence<\/h2>\n<h3 style=\"font-size:13px;margin:0;padding:0;line-height:16px;color:#534438;\">13:00, Fri 15 Jun<\/h3>\n<p style=\"font-size:13px;color:#534438;line-height:20px;margin:0;padding-top:0;\">Central Library, Ilac Shopping Centre, Henry Street, Dublin 1<\/p>\n<table width=\"100%\" cellspacing=\"0\" cellpadding=\"0\">\n<tr>\n<td valign=\"top\">\n<div style=\"font-size:13px;color:#534438;line-height:20px;\">\n<p style=\"margin:10px 0;\">Meet Dublin City Council&#8217;s new Musician in Residence R\u00edona Sally Hartman at this Lunchtime Concert and Talk in the Music Library at the Central Library. R\u00edona will play a selection of her music and talk about the inspiration behind it.<\/a><\/p>\n<p style=\"margin:10px 0;\">Admission is free, but booking is required via 01-8734333<\/a><\/div>\n<div style=\"font-size:13px;color:#534438;line-height:20px;\"><\/div>\n<p style=\"font-size:13px;color:#534438;line-height:20px;\"><a style=\"color:#cc2979;text-decoration:none\" href=\"http:\/\/www.dublincity.ie\/main-menu-services-culture-and-amenities-dublin-city-public-libraries-and-archive-events\/meet-new\">http:\/\/www.dublincity.ie\/main-menu-services-culture-and-amenities-dublin-city-public-libraries-and-archive-events\/meet-new<\/a><\/p>\n<\/td>\n<td valign=\"top\"><\/td>\n<\/tr>\n<\/table>\n<\/td>\n<\/tr>\n<\/table>\n<\/td>\n<\/tr>\n<\/table>\n<table width=\"100%\" cellpadding=\"0\" cellspacing=\"0\">\n<tr>\n<td style=\"padding:10px 30px\">\n<table width=\"100%\" cellpadding=\"0\" cellspacing=\"0\">\n<tr>\n<td width=\"52\" valign=\"top\"><img loading=\"lazy\" decoding=\"async\" src=\"http:\/\/dublineventguide.com\/dff\/admin\/images\/categories\/TALKS.png\" width=\"32\" height=\"32\" \/><\/td>\n<td>\n<h2 style=\"font-size:16px;color:#534438;margin:0 0 5px;font-weight:normal\">Thatched Cottage, Ramparts, Dolphin&#8217;s Barn<\/h2>\n<h3 style=\"font-size:13px;margin:0;padding:0;line-height:16px;color:#534438;\">13:15 &#8211; 13:45, Fri 15 Jun<\/h3>\n<p style=\"font-size:13px;color:#534438;line-height:20px;margin:0;padding-top:0;\">National Gallery, Merrion Square West, Dublin 2 <\/p>\n<table width=\"100%\" cellspacing=\"0\" cellpadding=\"0\">\n<tr>\n<td valign=\"top\">\n<div style=\"font-size:13px;color:#534438;line-height:20px;\">\n<p style=\"margin:10px 0;\">The Pop-up talk &#8220;Thatched Cottage, Ramparts, Dolphin&#8217;s Barn&#8221; will take place in the Print Gallery. Join Tom Hodson for an informal talk about Harry Kernoff&#8217;s drawing of a thatched cottage in Dolphin&#8217;s Barn. This work is currently on view in the exhibition Drawing Dublin.<\/a><\/p>\n<p style=\"margin:10px 0;\">Admission is free. <\/a><\/div>\n<div style=\"font-size:13px;color:#534438;line-height:20px;\"><\/div>\n<p style=\"font-size:13px;color:#534438;line-height:20px;\"><a style=\"color:#cc2979;text-decoration:none\" href=\"https:\/\/www.nationalgallery.ie\/thatched-cottage-ramparts-dolphins-barn\">https:\/\/www.nationalgallery.ie\/thatched-cottage-ramparts-dolphins-barn<\/a><\/p>\n<\/td>\n<td valign=\"top\"><\/td>\n<\/tr>\n<\/table>\n<\/td>\n<\/tr>\n<\/table>\n<\/td>\n<\/tr>\n<\/table>\n<table width=\"100%\" cellpadding=\"0\" cellspacing=\"0\">\n<tr>\n<td style=\"padding:10px 30px\">\n<table width=\"100%\" cellpadding=\"0\" cellspacing=\"0\">\n<tr>\n<td width=\"52\" valign=\"top\"><img loading=\"lazy\" decoding=\"async\" src=\"http:\/\/dublineventguide.com\/dff\/admin\/images\/categories\/ACTIVITY.png\" width=\"32\" height=\"32\" \/><\/td>\n<td>\n<h2 style=\"font-size:16px;color:#534438;margin:0 0 5px;font-weight:normal\">Arbour Hill Cemetery Tour<\/h2>\n<h3 style=\"font-size:13px;margin:0;padding:0;line-height:16px;color:#534438;\"><img loading=\"lazy\" decoding=\"async\" src=\"http:\/\/dublineventguide.com\/dff\/admin\/images\/weekly.png\" width=\"69\" height=\"16\" style=\"display:inline;float:left;\" \/> 14:00, Fri 15 Jun<\/h3>\n<p style=\"font-size:13px;color:#534438;line-height:20px;margin:0;padding-top:0;\">Arbour Hill Cemetery, Arbour Hill, Dublin 7<\/p>\n<table width=\"100%\" cellspacing=\"0\" cellpadding=\"0\">\n<tr>\n<td valign=\"top\">\n<div style=\"font-size:13px;color:#534438;line-height:20px;\">\n<p style=\"margin:10px 0;\">The Cemetery at Arbour Hill is the last resting place of 14 of the leaders of the 1916 Rising. Among those buried there are P\u00e1draig Pearse, James Connolly and Thomas Clarke. This tour every Friday introduce the Cemetery and will also explain the background and the event of the Easter Rising.<\/a><\/p>\n<p style=\"margin:10px 0;\">Admission is free and no booking necessary. The meeting point is inside the cemetery gates.<\/a><\/div>\n<div style=\"font-size:13px;color:#534438;line-height:20px;\"><\/div>\n<p style=\"font-size:13px;color:#534438;line-height:20px;\"><a style=\"color:#cc2979;text-decoration:none\" href=\"http:\/\/phoenixpark.ie\/tours\/\">http:\/\/phoenixpark.ie\/tours\/<\/a><\/p>\n<\/td>\n<td valign=\"top\"><\/td>\n<\/tr>\n<\/table>\n<\/td>\n<\/tr>\n<\/table>\n<\/td>\n<\/tr>\n<\/table>\n<table width=\"100%\" cellpadding=\"0\" cellspacing=\"0\">\n<tr>\n<td style=\"padding:10px 30px\">\n<table width=\"100%\" cellpadding=\"0\" cellspacing=\"0\">\n<tr>\n<td width=\"52\" valign=\"top\"><img loading=\"lazy\" decoding=\"async\" src=\"http:\/\/dublineventguide.com\/dff\/admin\/images\/categories\/LITERATURE.png\" width=\"32\" height=\"32\" \/><\/td>\n<td>\n<h2 style=\"font-size:16px;color:#534438;margin:0 0 5px;font-weight:normal\">Bloomsday Events at James Joyce Tower and Museum<\/h2>\n<h3 style=\"font-size:13px;margin:0;padding:0;line-height:16px;color:#534438;\">14:00, Fri 15 Jun<\/h3>\n<p style=\"font-size:13px;color:#534438;line-height:20px;margin:0;padding-top:0;\">James Joyce Museum, Joyce Tower, Sandycove , Co. Dublin<\/p>\n<table width=\"100%\" cellspacing=\"0\" cellpadding=\"0\">\n<tr>\n<td valign=\"top\">\n<div style=\"font-size:13px;color:#534438;line-height:20px;\">\n<p style=\"margin:10px 0;\">Bloomsday is around the corner again. The James Joyce inspired day that causes major palpitations for Joyce fans and doesn&#8217;t move the rest in the slightest. The festival runs from Monday 11 June &#8211; Saturday 16 June with the main Bloomsday on Saturday 16 June.<\/a><\/p>\n<p style=\"margin:10px 0;\">There are plenty of events happening during the week, but nearly all of them are not free, some even quite pricey. Maybe that is an indication about the affluence of the audience that is Bloomsday mad?<\/a><\/p>\n<p style=\"margin:10px 0;\">Luckily there is one glorious exception! The James Joyce Museum in the James Joyce Tower in Sandycove will have a whole range events that are all free of charge.<\/a><\/p>\n<p style=\"margin:10px 0;\">The events are listed here:<\/a><\/p>\n<p>Sat 09 Jun: Actress Caitriona Ni Threasaigh presents her own performance of Molly Bloom at 14:00 and 16:00.<br \/>Sun 10 Jun: Performance at 15:00 by Irish tenor and Joycean music specialist Noel O\u2019Grady. <br \/>Mon 11 Jun: Hourly guided tours of the museum by volunteers (10:00-18:00)<br \/>Tue 12 Jun: Hourly guided tours of the museum by volunteers (10:00-18:00)<br \/>Wed 13 Jun: Hourly guided tours of the museum by volunteers (10:00-18:00)<br \/>Thu 14 Jun: Aidan Coleman presents his musical odyssey through Joyce\u2019s life and works at 12:00 and 15: 00<br \/>Fri 15 Jun: Darina Gallagher and Sinead Murphy will perform Joycean songs from 14:00<br \/>Sat 16 Jun: The Tower opens at 08:00 for a day of Bloomsday festivities. Actor Bryan Murray reads excerpts from Ulysses at intervals over the morning and early afternoon, with occasional performances by Caitriona Ni Threaisaigh and Mary Pat Moloney and traditional contributions by Joycean pilgrims and the visiting public throughout the day.<\/p>\n<p style=\"margin:10px 0;\">&#8212;&#8212;<\/a><\/p>\n<p style=\"margin:10px 0;\">Admission to all events is free!<\/a><\/p>\n<p style=\"margin:10px 0;\"> <\/a><\/p>\n<p style=\"margin:10px 0;\"> <\/a><\/div>\n<div style=\"font-size:13px;color:#534438;line-height:20px;\"><\/div>\n<p style=\"font-size:13px;color:#534438;line-height:20px;\"><a style=\"color:#cc2979;text-decoration:none\" href=\"http:\/\/www.bloomsdayfestival.ie\/bloomsday-2018-programme\/2018\/6\/16\/bloomsday-at-the-james-joyce-tower-and-museum-sandycove\">http:\/\/www.bloomsdayfestival.ie\/bloomsday-2018-programme\/2018\/6\/16\/bloomsday-at-the-james-joyce-tower-and-museum-sandycove<\/a><\/p>\n<\/td>\n<td valign=\"top\"><\/td>\n<\/tr>\n<\/table>\n<\/td>\n<\/tr>\n<\/table>\n<\/td>\n<\/tr>\n<\/table>\n<table width=\"100%\" cellpadding=\"0\" cellspacing=\"0\">\n<tr>\n<td style=\"padding:10px 30px\">\n<table width=\"100%\" cellpadding=\"0\" cellspacing=\"0\">\n<tr>\n<td width=\"52\" valign=\"top\"><img loading=\"lazy\" decoding=\"async\" src=\"http:\/\/dublineventguide.com\/dff\/admin\/images\/categories\/ACTIVITY.png\" width=\"32\" height=\"32\" \/><\/td>\n<td>\n<h2 style=\"font-size:16px;color:#534438;margin:0 0 5px;font-weight:normal\">Meet the Fawns &#8211; Phoenix Park Bike Tour &#8211; Bike Week<\/h2>\n<h3 style=\"font-size:13px;margin:0;padding:0;line-height:16px;color:#534438;\">18:30 &#8211; 20:30, Fri 15 Jun<\/h3>\n<p style=\"font-size:13px;color:#534438;line-height:20px;margin:0;padding-top:0;\">Phoenix Park Visitor Centre, Phoenix Park, Dublin 8<\/p>\n<table width=\"100%\" cellspacing=\"0\" cellpadding=\"0\">\n<tr>\n<td valign=\"top\">\n<div style=\"font-size:13px;color:#534438;line-height:20px;\">\n<p style=\"margin:10px 0;\">Terry Moore, Phoenix Park Deer Ranger, will bring you on this bike tour to visit the deer herd in Phoenix Park. Get to see the young recently born fawns, and learn about the management of the deer and their regular habits. This is a family-friendly gentle tour with plenty of time for questions and chats.<\/a><\/p>\n<p style=\"margin:10px 0;\">Admission is free. Meet at the Phoenix Park Visitor Centre.<\/a><\/div>\n<div style=\"font-size:13px;color:#534438;line-height:20px;\"><\/div>\n<p style=\"font-size:13px;color:#534438;line-height:20px;\"><a style=\"color:#cc2979;text-decoration:none\" href=\"http:\/\/www.bikeweek.ie\/events\/dublin\/meet-fawns-phoenix-park-bike-tour\">http:\/\/www.bikeweek.ie\/events\/dublin\/meet-fawns-phoenix-park-bike-tour<\/a><\/p>\n<\/td>\n<td valign=\"top\"><\/td>\n<\/tr>\n<\/table>\n<\/td>\n<\/tr>\n<\/table>\n<\/td>\n<\/tr>\n<\/table>\n<table width=\"100%\" cellpadding=\"0\" cellspacing=\"0\">\n<tr>\n<td style=\"padding:10px 30px\">\n<table width=\"100%\" cellpadding=\"0\" cellspacing=\"0\">\n<tr>\n<td width=\"52\" valign=\"top\"><img loading=\"lazy\" decoding=\"async\" src=\"http:\/\/dublineventguide.com\/dff\/admin\/images\/categories\/TALKS.png\" width=\"32\" height=\"32\" \/><\/td>\n<td>\n<h2 style=\"font-size:16px;color:#534438;margin:0 0 5px;font-weight:normal\">The \u201cUntranslatable\u201d Finnegans Wake &#8211; Talk<\/h2>\n<h3 style=\"font-size:13px;margin:0;padding:0;line-height:16px;color:#534438;\">18:30, Fri 15 Jun<\/h3>\n<p style=\"font-size:13px;color:#534438;line-height:20px;margin:0;padding-top:0;\">National Library, Kildare Street, Dublin 2<\/p>\n<table width=\"100%\" cellspacing=\"0\" cellpadding=\"0\">\n<tr>\n<td valign=\"top\">\n<div style=\"font-size:13px;color:#534438;line-height:20px;\">\n<p style=\"margin:10px 0;\">The \u201cUntranslatable\u201d Finnegans Wake finds plenty of Italian voices: from translators to actors, from passionate readers to singers and performers.<\/a><\/p>\n<p style=\"margin:10px 0;\">Join translators Fabio Pedone and Enrico Terrinoni as they discuss with journalist Edoardo Camurri the joys and sorrows of translating Finnegans Wake into Italian and having plenty of fun in the process. Following this, Edoardo Camurri will interview Alessandro Bergonzoni, one of Italy\u2019s most remarkable, visionary and adventurous actors.<\/a><\/p>\n<p style=\"margin:10px 0;\">The event is organised in partnership with the Italian Cultural Institute<\/a><\/p>\n<p>Admission is free, but booking is required. Book <a href=\"https:\/\/iicdublino.esteri.it\/iic_dublino\/en\/gli_eventi\/calendario\/2018\/06\/an-italian-bloomsday-at-the-national.html\" target=\"_blank\" style=\"color:#cc2979;text-decoration:none;\">here to reserve your place<\/a>.<\/p>\n<\/div>\n<div style=\"font-size:13px;color:#534438;line-height:20px;\"><\/div>\n<p style=\"font-size:13px;color:#534438;line-height:20px;\"><a style=\"color:#cc2979;text-decoration:none\" href=\"http:\/\/www.nli.ie\/en\/list\/current-events.aspx\">http:\/\/www.nli.ie\/en\/list\/current-events.aspx<\/a><\/p>\n<\/td>\n<td valign=\"top\"><\/td>\n<\/tr>\n<\/table>\n<\/td>\n<\/tr>\n<\/table>\n<\/td>\n<\/tr>\n<\/table>\n<table width=\"100%\" cellpadding=\"0\" cellspacing=\"0\">\n<tr>\n<td style=\"padding:10px 30px\">\n<table width=\"100%\" cellpadding=\"0\" cellspacing=\"0\">\n<tr>\n<td width=\"52\" valign=\"top\"><img loading=\"lazy\" decoding=\"async\" src=\"http:\/\/dublineventguide.com\/dff\/admin\/images\/categories\/MUSIC.png\" width=\"32\" height=\"32\" \/><\/td>\n<td>\n<h2 style=\"font-size:16px;color:#534438;margin:0 0 5px;font-weight:normal\">Cornucopia &#8211; Live Music<\/h2>\n<h3 style=\"font-size:13px;margin:0;padding:0;line-height:16px;color:#534438;\"><img loading=\"lazy\" decoding=\"async\" src=\"http:\/\/dublineventguide.com\/dff\/admin\/images\/weekly.png\" width=\"69\" height=\"16\" style=\"display:inline;float:left;\" \/> 19:30 &#8211; 21:30, Fri 15 Jun<\/h3>\n<p style=\"font-size:13px;color:#534438;line-height:20px;margin:0;padding-top:0;\">Cornucopia Caf\u00e9 &#038; Restaurant, 19\/20 Wicklow Street, Dublin 2<\/p>\n<table width=\"100%\" cellspacing=\"0\" cellpadding=\"0\">\n<tr>\n<td valign=\"top\">\n<div style=\"font-size:13px;color:#534438;line-height:20px;\">\n<p>Cornucopia Caf\u00e9 &#038; Restaurant host live music three evenings a week (Thurs, Fri and Sat). The restaurant is a Wholefood &#038; Vegetarian Restaurant and is open until 22:15.<br \/>+ Every second Thursday N.C Lawlor, a songwriter, session player and troubadour plays a mix of country, bluegrass &#038; blues from 19:30-21:30.<br \/>+ Every Friday (19:30-21:30) Junshi Murakami plays Irish Harp.<br \/>+ Every Saturday (19:30-21:30) Nollaig Mann plays a collection of popular and jazz classics.<\/p>\n<\/div>\n<div style=\"font-size:13px;color:#534438;line-height:20px;\"><\/div>\n<p style=\"font-size:13px;color:#534438;line-height:20px;\"><a style=\"color:#cc2979;text-decoration:none\" href=\"http:\/\/www.cornucopia.ie\">http:\/\/www.cornucopia.ie<\/a><\/p>\n<\/td>\n<td valign=\"top\"><\/td>\n<\/tr>\n<\/table>\n<\/td>\n<\/tr>\n<\/table>\n<\/td>\n<\/tr>\n<\/table>\n<table width=\"100%\" cellpadding=\"0\" cellspacing=\"0\">\n<tr>\n<td style=\"padding:10px 30px\">\n<table width=\"100%\" cellpadding=\"0\" cellspacing=\"0\">\n<tr>\n<td width=\"52\" valign=\"top\"><img loading=\"lazy\" decoding=\"async\" src=\"http:\/\/dublineventguide.com\/dff\/admin\/images\/categories\/ACTIVITY.png\" width=\"32\" height=\"32\" \/><\/td>\n<td>\n<h2 style=\"font-size:16px;color:#534438;margin:0 0 5px;font-weight:normal\">Solarfest 2018 &#8211; Dunsink Observatory<\/h2>\n<h3 style=\"font-size:13px;margin:0;padding:0;line-height:16px;color:#534438;\">19:30, Fri 15 Jun<\/h3>\n<p style=\"font-size:13px;color:#534438;line-height:20px;margin:0;padding-top:0;\">Dunsink Observatory, Dunsink Lane, Castleknock, Dublin 15<\/p>\n<table width=\"100%\" cellspacing=\"0\" cellpadding=\"0\">\n<tr>\n<td valign=\"top\">\n<div style=\"font-size:13px;color:#534438;line-height:20px;\">\n<p>Solarfest 2018 will take place in Dunsink Observatory from Friday until Sunday. Usually tickets for it go like hot cakes and I can&#8217;t make out if there are still tickets available or not. But it seems that you can still book the Friday evening talk and the whole day event on Saturday, so <a href=\"https:\/\/payments.dias.ie\/index.php?main_page=index&#038;cPath=44\" target=\"_blank\" style=\"color:#cc2979;text-decoration:none;\">check it out here<\/a> but be quick!!<\/p>\n<p style=\"margin:10px 0;\">The Family afternoon on Sunday seems to be booked out.<\/a><\/p>\n<p style=\"margin:10px 0;\">Admission is free to all events. <\/a><\/p>\n<p style=\"margin:10px 0;\"> <\/a><\/div>\n<div style=\"font-size:13px;color:#534438;line-height:20px;\"><\/div>\n<\/td>\n<td valign=\"top\"><\/td>\n<\/tr>\n<\/table>\n<\/td>\n<\/tr>\n<\/table>\n<\/td>\n<\/tr>\n<\/table>\n<table width=\"100%\" cellpadding=\"0\" cellspacing=\"0\">\n<tr>\n<td style=\"padding:10px 30px\">\n<table width=\"100%\" cellpadding=\"0\" cellspacing=\"0\">\n<tr>\n<td width=\"52\" valign=\"top\"><img loading=\"lazy\" decoding=\"async\" src=\"http:\/\/dublineventguide.com\/dff\/admin\/images\/categories\/MUSIC.png\" width=\"32\" height=\"32\" \/><\/td>\n<td>\n<h2 style=\"font-size:16px;color:#534438;margin:0 0 5px;font-weight:normal\">Live Music &#8211; Stillorgan Orchard<\/h2>\n<h3 style=\"font-size:13px;margin:0;padding:0;line-height:16px;color:#534438;\"><img loading=\"lazy\" decoding=\"async\" src=\"http:\/\/dublineventguide.com\/dff\/admin\/images\/weekly.png\" width=\"69\" height=\"16\" style=\"display:inline;float:left;\" \/> 21:00, Fri 15 Jun<\/h3>\n<p style=\"font-size:13px;color:#534438;line-height:20px;margin:0;padding-top:0;\">Stillorgan Orchard, The Hill, Stillorgan, Co. Dublin<\/p>\n<table width=\"100%\" cellspacing=\"0\" cellpadding=\"0\">\n<tr>\n<td valign=\"top\">\n<div style=\"font-size:13px;color:#534438;line-height:20px;\">\n<p style=\"margin:10px 0;\">The Stillorgan Orchard has live music every Friday and Saturday. Many of the performers are established and very good bands. The upcoming gigs are detailed on the website below. Admission is always free.<\/a><\/div>\n<div style=\"font-size:13px;color:#534438;line-height:20px;\"><\/div>\n<p style=\"font-size:13px;color:#534438;line-height:20px;\"><a style=\"color:#cc2979;text-decoration:none\" href=\"http:\/\/www.stillorganorchard.com\/specials\/\">http:\/\/www.stillorganorchard.com\/specials\/<\/a><\/p>\n<\/td>\n<td valign=\"top\"><\/td>\n<\/tr>\n<\/table>\n<\/td>\n<\/tr>\n<\/table>\n<\/td>\n<\/tr>\n<\/table>\n<table width=\"100%\" cellpadding=\"0\" cellspacing=\"0\">\n<tr>\n<td style=\"padding:10px 30px\">\n<table width=\"100%\" cellpadding=\"0\" cellspacing=\"0\">\n<tr>\n<td width=\"52\" valign=\"top\"><img loading=\"lazy\" decoding=\"async\" src=\"http:\/\/dublineventguide.com\/dff\/admin\/images\/categories\/MUSIC.png\" width=\"32\" height=\"32\" \/><\/td>\n<td>\n<h2 style=\"font-size:16px;color:#534438;margin:0 0 5px;font-weight:normal\">Rob Walsh &#038; The Panic Attacks &#8211; Gig<\/h2>\n<h3 style=\"font-size:13px;margin:0;padding:0;line-height:16px;color:#534438;\">21:00, Fri 15 Jun<\/h3>\n<p style=\"font-size:13px;color:#534438;line-height:20px;margin:0;padding-top:0;\">Sin \u00c9, 14 Ormond Quay, Dublin 1<\/p>\n<table width=\"100%\" cellspacing=\"0\" cellpadding=\"0\">\n<tr>\n<td valign=\"top\">\n<div style=\"font-size:13px;color:#534438;line-height:20px;\">\n<p style=\"margin:10px 0;\">Rob Walsh &#038; The Panic Attacks will play a gig in Sin E on Friday.<\/a><\/p>\n<p style=\"margin:10px 0;\">Admission is free. <\/a><\/div>\n<div style=\"font-size:13px;color:#534438;line-height:20px;\"><\/div>\n<p style=\"font-size:13px;color:#534438;line-height:20px;\"><a style=\"color:#cc2979;text-decoration:none\" href=\"http:\/\/sin-e.ie\/events\/rob-walsh-the-panik-attacks\/\">http:\/\/sin-e.ie\/events\/rob-walsh-the-panik-attacks\/<\/a><\/p>\n<\/td>\n<td valign=\"top\"><\/td>\n<\/tr>\n<\/table>\n<\/td>\n<\/tr>\n<\/table>\n<\/td>\n<\/tr>\n<\/table>\n<table width=\"100%\" cellpadding=\"0\" cellspacing=\"0\">\n<tr>\n<td style=\"padding:10px 30px\">\n<table width=\"100%\" cellpadding=\"0\" cellspacing=\"0\">\n<tr>\n<td width=\"52\" valign=\"top\"><img loading=\"lazy\" decoding=\"async\" src=\"http:\/\/dublineventguide.com\/dff\/admin\/images\/categories\/MUSIC.png\" width=\"32\" height=\"32\" \/><\/td>\n<td>\n<h2 style=\"font-size:16px;color:#534438;margin:0 0 5px;font-weight:normal\">The Catfish Blues Orchestra &#8211; Gig<\/h2>\n<h3 style=\"font-size:13px;margin:0;padding:0;line-height:16px;color:#534438;\">21:00, Fri 15 Jun<\/h3>\n<p style=\"font-size:13px;color:#534438;line-height:20px;margin:0;padding-top:0;\">Harbour Bar, 1 Strand Road, Bray, Co. Wicklow<\/p>\n<table width=\"100%\" cellspacing=\"0\" cellpadding=\"0\">\n<tr>\n<td valign=\"top\">\n<div style=\"font-size:13px;color:#534438;line-height:20px;\">\n<p style=\"margin:10px 0;\">The Catfish Blues Orchestra will play a gig with Blues \/ Hard Blues \/ Blues-Rock in the Harbour Bar.<\/a><\/p>\n<p style=\"margin:10px 0;\">Admission is free. <\/a><\/div>\n<div style=\"font-size:13px;color:#534438;line-height:20px;\"><\/div>\n<p style=\"font-size:13px;color:#534438;line-height:20px;\"><a style=\"color:#cc2979;text-decoration:none\" href=\"http:\/\/www.theharbourbar.ie\/whats-on\/event\/catfish-blues-orchestra\">http:\/\/www.theharbourbar.ie\/whats-on\/event\/catfish-blues-orchestra<\/a><\/p>\n<\/td>\n<td valign=\"top\"><\/td>\n<\/tr>\n<\/table>\n<\/td>\n<\/tr>\n<\/table>\n<\/td>\n<\/tr>\n<\/table>\n<table width=\"100%\" cellpadding=\"0\" cellspacing=\"0\">\n<tr>\n<td style=\"padding:10px 30px\">\n<table width=\"100%\" cellpadding=\"0\" cellspacing=\"0\">\n<tr>\n<td width=\"52\" valign=\"top\"><img loading=\"lazy\" decoding=\"async\" src=\"http:\/\/dublineventguide.com\/dff\/admin\/images\/categories\/MUSIC.png\" width=\"32\" height=\"32\" \/><\/td>\n<td>\n<h2 style=\"font-size:16px;color:#534438;margin:0 0 5px;font-weight:normal\">Catch 22 &#8211; Gig<\/h2>\n<h3 style=\"font-size:13px;margin:0;padding:0;line-height:16px;color:#534438;\">22:00, Fri 15 Jun<\/h3>\n<p style=\"font-size:13px;color:#534438;line-height:20px;margin:0;padding-top:0;\">The Bowery, 196 Rathmines Road Lower, Rathmines, Dublin 6<\/p>\n<table width=\"100%\" cellspacing=\"0\" cellpadding=\"0\">\n<tr>\n<td valign=\"top\">\n<div style=\"font-size:13px;color:#534438;line-height:20px;\">\n<p style=\"margin:10px 0;\">Catch 22 play your favourite Rock\/Pop\/Funk coversat this gig.<\/a><\/p>\n<p style=\"margin:10px 0;\">Admission is free before 22:00. The gig will start at midnight.<\/a><\/div>\n<div style=\"font-size:13px;color:#534438;line-height:20px;\"><\/div>\n<p style=\"font-size:13px;color:#534438;line-height:20px;\"><a style=\"color:#cc2979;text-decoration:none\" href=\"http:\/\/thebowery.ie\/calander\/\">http:\/\/thebowery.ie\/calander\/<\/a><\/p>\n<\/td>\n<td valign=\"top\"><\/td>\n<\/tr>\n<\/table>\n<\/td>\n<\/tr>\n<\/table>\n<\/td>\n<\/tr>\n<\/table>\n<table width=\"100%\" cellpadding=\"0\" cellspacing=\"0\">\n<tr>\n<td style=\"padding:10px 30px\">\n<table width=\"100%\" cellpadding=\"0\" cellspacing=\"0\">\n<tr>\n<td width=\"52\" valign=\"top\"><img loading=\"lazy\" decoding=\"async\" src=\"http:\/\/dublineventguide.com\/dff\/admin\/images\/categories\/MUSIC.png\" width=\"32\" height=\"32\" \/><\/td>\n<td>\n<h2 style=\"font-size:16px;color:#534438;margin:0 0 5px;font-weight:normal\">Gavin Povey and the Fabulous Oke She Moke She Pops<\/h2>\n<h3 style=\"font-size:13px;margin:0;padding:0;line-height:16px;color:#534438;\">22:00, Fri 15 Jun<\/h3>\n<p style=\"font-size:13px;color:#534438;line-height:20px;margin:0;padding-top:0;\">Leeson Lounge, 148 Upper Leeson Street, Dublin 4<\/p>\n<table width=\"100%\" cellspacing=\"0\" cellpadding=\"0\">\n<tr>\n<td valign=\"top\">\n<div style=\"font-size:13px;color:#534438;line-height:20px;\">\n<p style=\"margin:10px 0;\">Gavin Povey and The Fabulous Oke She Moke She Pops&#8221; will play New Orleans style Piano Rhythm &#038; Blues, Boogie Woogie and Rock&#8217;n&#8217; Roll. Gavin Povey has played piano with Van Morrison, Finbar Wright, Kirsty MacColl, Steve Cropper, Shakin\u2019 Stevens and many more.<\/a><\/p>\n<p style=\"margin:10px 0;\">Admission is free.<\/a><\/p>\n<p style=\"margin:10px 0;\"> <\/a><\/div>\n<div style=\"font-size:13px;color:#534438;line-height:20px;\"><\/div>\n<p style=\"font-size:13px;color:#534438;line-height:20px;\"><a style=\"color:#cc2979;text-decoration:none\" href=\"https:\/\/www.facebook.com\/pages\/The-Leeson-Lounge\/114810058553792\">https:\/\/www.facebook.com\/pages\/The-Leeson-Lounge\/114810058553792<\/a><\/p>\n<\/td>\n<td valign=\"top\"><\/td>\n<\/tr>\n<\/table>\n<\/td>\n<\/tr>\n<\/table>\n<\/td>\n<\/tr>\n<\/table>\n<table width=\"100%\" cellpadding=\"0\" cellspacing=\"0\" style=\"height:40px;\">\n<tr>\n<td> <\/td>\n<\/tr>\n<\/table>\n<table width=\"100%\" cellpadding=\"0\" cellspacing=\"0\" id=\"coming\">\n<tr>\n<td><a name=\"coming\"><\/a><a href=\"#dff_top\" style=\"text-decoration:none\"><img decoding=\"async\" src=\"http:\/\/dublineventguide.com\/dff\/admin\/images\/dividers\/coming.png\" alt=\"Events Coming Up\" border=\"0\" \/><\/a><\/td>\n<\/tr>\n<\/table>\n<table width=\"100%\" cellpadding=\"0\" cellspacing=\"0\">\n<tr>\n<td style=\"padding:10px 30px\">\n<table width=\"100%\" cellpadding=\"0\" cellspacing=\"0\">\n<tr>\n<td width=\"52\" valign=\"top\"><img loading=\"lazy\" decoding=\"async\" src=\"http:\/\/dublineventguide.com\/dff\/admin\/images\/upcoming_events.png\" width=\"38\" height=\"39\" \/><\/td>\n<td>\n<h2 style=\"font-size:16px;color:#534438;margin:0 0 5px;font-weight:normal\">Dublin Mountains Partnership &#8211; Guided Walks<\/h2>\n<h3 style=\"font-size:13px;margin:0;padding:0;line-height:16px;color:#534438;\">04+09+10 June<\/h3>\n<div style=\"font-size:13px;color:#534438;line-height:20px;margin:0;padding-top:0;\">\n<p>Every month the Dublin Mountain Partnership runs free guided walks in the Dublin Mountains often on some Saturdays or Sundays, but also on other days during the month. The walks have varying difficulty and duration and the details can be found on the Dublin Mountain Partnership website: <a href=\"http:\/\/www.dublinmountains.ie\/news\/upcoming_events\/?no_cache=1\" style=\"color:#cc2979;text-decoration:none;\">http:\/\/www.dublinmountains.ie\/news\/upcoming_events\/?no_cache=1<\/a><\/p>\n<p style=\"margin:10px 0;\">The walks in June will happen on 04+09+10 June.<\/a><\/p>\n<p>All walks are free, but pre-registration is required (details are on the website) and it sometimes is also worth checking the <a href=\"https:\/\/www.facebook.com\/dmpvr\/\" target=\"_blank\" style=\"color:#cc2979;text-decoration:none;\">Facebook Page<\/a> for even more timely updates.<\/p>\n<\/div>\n<\/td>\n<\/tr>\n<\/table>\n<\/td>\n<\/tr>\n<tr>\n<td style=\"padding:10px 30px\">\n<table width=\"100%\" cellpadding=\"0\" cellspacing=\"0\">\n<tr>\n<td width=\"52\" valign=\"top\"><img loading=\"lazy\" decoding=\"async\" src=\"http:\/\/dublineventguide.com\/dff\/admin\/images\/upcoming_events.png\" width=\"38\" height=\"39\" \/><\/td>\n<td>\n<h2 style=\"font-size:16px;color:#534438;margin:0 0 5px;font-weight:normal\">Not free, but interesting nevertheless:<\/h2>\n<h3 style=\"font-size:13px;margin:0;padding:0;line-height:16px;color:#534438;\"><\/h3>\n<div style=\"font-size:13px;color:#534438;line-height:20px;margin:0;padding-top:0;\">\n<p style=\"margin:10px 0;\">Great Music in Irish Houses: 12-17 June<\/a><\/p>\n<p style=\"margin:10px 0;\">Pipeworks Festival: 13-17 June<\/a><\/p>\n<p style=\"margin:10px 0;\">Taste of Dublin: 14-17 June<\/a><\/p>\n<p style=\"margin:10px 0;\">Dalkey Book Festival: 14-17 June<\/a><\/p>\n<p style=\"margin:10px 0;\"> <\/a><\/div>\n<\/td>\n<\/tr>\n<\/table>\n<\/td>\n<\/tr>\n<tr>\n<td style=\"padding: 0 30px 15px\" colspan=\"2\">\n<p style=\"font-size:13px;color:#534438;line-height:20px;\">&#8211;Advertisement&#8212;&#8212;&#8212;&#8212;&#8212;&#8212;&#8212;&#8212;&#8212;&#8212;&#8212;&#8212;<\/p>\n<p style=\"font-size:13px;color:#534438;line-height:20px;\"><a href=\"http:\/\/www.bookdepository.com?a_aid=dubevg&#038;a_bid=c655baac\" target=\"_blank\"><img loading=\"lazy\" decoding=\"async\" src=\"http:\/\/banners1.bookdepository.com\/accounts\/default1\/banners\/P_Generic_468x60.jpg\" alt=\"Free Delivery on all Books at the Book Depository\" title=\"Free Delivery on all Books at the Book Depository\" width=\"468\" height=\"60\" \/><\/a><img loading=\"lazy\" decoding=\"async\" style=\"border:0\" src=\"https:\/\/affiliates.bookdepository.com\/scripts\/imp.php?a_aid=dubevg&#038;a_bid=c655baac\" width=\"1\" height=\"1\" alt=\"\" \/><\/p>\n<p>BOOK DEPOSITORY &#8211; BETTER THAN ANYBODY ELSE<br \/>\nBooks for lowest prices, sent to you with free worldwide delivery within 48 hours. And with every book you buy, you directly help the Dublin Event Guide (for Free Events) &#8230; if you click on the link below! <a href=\"http:\/\/www.bookdepository.com?a_aid=dubevg\"  style=\"color:#cc2979;text-decoration:none;\">www.bookdepository.com<\/a><\/p>\n<\/td>\n<\/tr>\n<\/table>\n<table width=\"100%\" cellpadding=\"0\" cellspacing=\"0\" id=\"odd\">\n<tr>\n<td><a name=\"odd\"><\/a><a href=\"#dff_top\" style=\"text-decoration:none\"><img decoding=\"async\" src=\"http:\/\/dublineventguide.com\/dff\/admin\/images\/dividers\/odd.png\" alt=\"This is odd\" border=\"0\" \/><\/a><\/td>\n<\/tr>\n<\/table>\n<table width=\"100%\" cellpadding=\"0\" cellspacing=\"0\">\n<tr>\n<td style=\"padding: 0 30px 15px\">\n<div style=\"font-size:13px;color:#534438;line-height:20px;\">\n<p style=\"margin:10px 0;\">Please note: This section contains observations taken from the world I live in that strike me as odd. I express my personal opinion and you might not share it. ;-) If you are easily offended by opinions that are not identical with your own, please don&#8217;t read this section and I am VERY serious about that!<\/a><\/p>\n<p><strong>Enda Kenny to be named &#8220;European of the Year&#8221; &#8211; Ohh!?<\/strong><\/p>\n<p>The<a href=\"http:\/\/www.thejournal.ie\/enda-kenny-european-of-the-year-2-4058700-Jun2018\/\" target=\"_blank\" style=\"color:#cc2979;text-decoration:none;\"> Journal.ie reported on Thursday<\/a> that Enda Kenny will receive the &#8220;European Movement Ireland\u2019s European of the Year Award&#8221; and he is getting that prize &#8220;for his work in building Ireland\u2019s relationship with Europe throughout some of the most challenging circumstances in our recent history&#8221;.<\/p>\n<p style=\"margin:10px 0;\">The Journal.ie allows people to comment on news and while it was a big mistake to remove the thumbs down option on these comments, the commenting sometimes gives an interesting insight in people&#8217;s thoughts AND there are some hilarious (and some stupid) commenters active on the platform so that it is often worth a read.<\/a><\/p>\n<p style=\"margin:10px 0;\">The comments to this message were mainly surprise, incredulity and ridicule for Enda Kenny and the prize givers, but most commenters missed the main point&#8230;or where somewhat mislead by TheJournal.ie.<\/a><\/p>\n<p style=\"margin:10px 0;\">Since the headline read &#8220;European of the Year&#8221;, most would initially think that he was voted the most European person from all over Europe of the Year, but that is not the case. The &#8220;European Movement Ireland&#8221; only looked at Irish people (or people in Ireland) and that means the list would be VERY short, so it is really the &#8220;Irish European of the Year&#8221; award. Now suddenly we are not surprised anymore that Kenny got the prize. If you can only choose between a couple of people, then EVEN an Enda Kenny can win a prize! :-O<\/a><\/p>\n<p style=\"margin:10px 0;\"> <\/a><\/p>\n<p style=\"margin:10px 0;\"> <\/a><\/div>\n<p style=\"font-size:13px;color:#534438;line-height:20px;margin:10px 0\">&#8211;Advertisement&#8212;&#8212;&#8212;&#8212;&#8212;&#8212;&#8212;&#8212;&#8212;&#8212;&#8212;&#8212;<\/p>\n<p style=\"font-size:13px;color:#534438;line-height:20px;margin:10px 0\"><a href=\"https:\/\/clk.tradedoubler.com\/click?p=83237&#038;a=1719778&#038;g=20747184\" target=\"_BLANK\"><img decoding=\"async\" src=\"https:\/\/impie.tradedoubler.com\/imp?type(img)g(20747184)a(1719778)\" border=0><\/a><\/p>\n<\/td>\n<\/tr>\n<\/table>\n<table width=\"100%\" cellpadding=\"0\" cellspacing=\"0\">\n<tr>\n<td style=\"padding: 0 30px 15px\">\n<div style=\"font-size:13px;color:#534438;line-height:20px;\">\n<p style=\"margin:10px 0;\">Have an event-full weekend and week,<\/a><\/p>\n<p style=\"margin:10px 0;\">&#8211;Joerg<\/a><\/p>\n<p><a href=\"mailto:dublineventguide@gmail.com\" style=\"color:#cc2979;text-decoration:none;\">dublineventguide@gmail.com<\/a> | <a href=\"www.dublineventguide.com\" style=\"color:#cc2979;text-decoration:none;\">www.dublineventguide.com<\/a> | <a href=\"http:\/\/www.facebook.com\/DublinEventGuide\" style=\"color:#cc2979;text-decoration:none;\">www.facebook.com\/DublinEventGuide<\/a> | <a href=\"http:\/\/m.dublineventguide.com\" style=\"color:#cc2979;text-decoration:none;\">m.dublineventguide.com<\/a><\/p>\n<p>For much needed donations please go to <a>http:\/\/www.perfectresults.info\/donation.htm<\/a><br \/>or <a href=\"http:\/\/www.paypal.me\/DublinEventGuide\" style=\"color:#cc2979;text-decoration:none;\">http:\/\/www.paypal.me\/DublinEventGuide<\/a><br \/>or <a href=\"http:\/\/www.gofundme.com\/DublinEventGuide\" style=\"color:#cc2979;text-decoration:none;\">http:\/\/www.gofundme.com\/DublinEventGuide<\/a><\/p>\n<p>+++++++++++++++++++++++++++++++++++++++++++<br \/><strong>You are receiving this newsletter because you have subscribed to it!!<\/strong><\/p>\n<p>If you don&#8217;t want to receive this mail anymore, just click on the link at the bottom of this mail. It would help me if you told me in an e-mail why you decided to unsubscribe, but that is not a &#8220;Must&#8221;. If you only want to stop receiving the newsletter temporarily, you can &#8211; if you wish &#8211; discuss this with me by e-mail so that we find a solution that makes sense to you. If you unsubscribe using the link at the bottom of the mail and there is a chance that you &#8211; at some stage &#8211; want to re-subscribe, please make sure that you keep a mail with the &#8220;unsubscribe link&#8221; because I will not be able to add you anymore to the list once you have unsubscribed using this link. The only way you can re-subscribe is to follow that specific link and change the settings yourself.<br \/> This Event Guide (the &#8220;Dublin Event Guide (for Free Events)&#8221;) is an Event Guide with a difference. It covers mostly free events based on the thinking that free events deserve additional support and that non-free events have the money to pay for advertisement. The Guide is a _Guide_ and not just a listing and is therefore at times quite extensive. It is sent for free to anybody who is interested and if you want to be added to the mailing list or know somebody who would like to receive this guide, just send them to <a href=\"http:\/\/www.dublineventguide.com\" style=\"color:#cc2979;text-decoration:none;\">http:\/\/www.dublineventguide.com<\/a>, where they can subscribe. If you have feedback &#8211; good or bad &#8211; PLEASE tell me via dublineventguide@gmail.com.<br \/>BTW: I am not paid or otherwise rewarded for compiling and distributing this Event Guide it is purely a hobby so your donations are needed: <a href=\"http:\/\/www.perfectresults.info\/donation.htm\" style=\"color:#cc2979;text-decoration:none;\">http:\/\/www.perfectresults.info\/donation.htm<\/a> . Advertisement in or sponsorship of the Dublin Event Guide (for Free Events) is possible and very welcome, please contact me for more information.<br \/>Please note: The Dublin Event Guide (for Free Event) is not related or connected to the long gone fortnightly printed publication &#8220;the event guide&#8221; that you found until December 2008 in pubs and other venues. <br \/>Copyright 2018 by Joerg Steegmueller.<br \/>***********************************************<\/p>\n<\/div>\n<\/td>\n<\/tr>\n<\/table>\n<\/td>\n<\/tr>\n<\/table>\n","protected":false},"excerpt":{"rendered":"<p>No. 573 | 08 June 2018 Subscribers: 24,150 Dublin News &#8211; Competitions &#8211; Support the Guide &#8211; Joerg&#8217;s Picks &#8211; Feel Good &#8211; This is OddSat &#8211; Sun &#8211; Mon &#8211; Tue &#8211; Wed &#8211; Thu &#8211; Fri &#8211; Events Coming Up &#8211; Exhibitions Hi all! It is a busy weekend again. June is high [&hellip;]<\/p>\n","protected":false},"author":4,"featured_media":0,"comment_status":"open","ping_status":"closed","sticky":false,"template":"","format":"standard","meta":{"footnotes":""},"categories":[1],"tags":[],"class_list":["post-2317","post","type-post","status-publish","format-standard","hentry","category-allgemein"],"_links":{"self":[{"href":"https:\/\/www.dublineventguide.com\/blog\/index.php\/wp-json\/wp\/v2\/posts\/2317","targetHints":{"allow":["GET"]}}],"collection":[{"href":"https:\/\/www.dublineventguide.com\/blog\/index.php\/wp-json\/wp\/v2\/posts"}],"about":[{"href":"https:\/\/www.dublineventguide.com\/blog\/index.php\/wp-json\/wp\/v2\/types\/post"}],"author":[{"embeddable":true,"href":"https:\/\/www.dublineventguide.com\/blog\/index.php\/wp-json\/wp\/v2\/users\/4"}],"replies":[{"embeddable":true,"href":"https:\/\/www.dublineventguide.com\/blog\/index.php\/wp-json\/wp\/v2\/comments?post=2317"}],"version-history":[{"count":0,"href":"https:\/\/www.dublineventguide.com\/blog\/index.php\/wp-json\/wp\/v2\/posts\/2317\/revisions"}],"wp:attachment":[{"href":"https:\/\/www.dublineventguide.com\/blog\/index.php\/wp-json\/wp\/v2\/media?parent=2317"}],"wp:term":[{"taxonomy":"category","embeddable":true,"href":"https:\/\/www.dublineventguide.com\/blog\/index.php\/wp-json\/wp\/v2\/categories?post=2317"},{"taxonomy":"post_tag","embeddable":true,"href":"https:\/\/www.dublineventguide.com\/blog\/index.php\/wp-json\/wp\/v2\/tags?post=2317"}],"curies":[{"name":"wp","href":"https:\/\/api.w.org\/{rel}","templated":true}]}}