{"id":2310,"date":"2018-05-26T12:18:09","date_gmt":"2018-05-26T12:18:09","guid":{"rendered":"https:\/\/www.dublineventguide.com\/blog\/?p=2310"},"modified":"2018-05-26T12:18:49","modified_gmt":"2018-05-26T12:18:49","slug":"dublin-event-guide-571-battle-for-the-bay-last-dublin-flea-market-africa-day-alternative-flea-market","status":"publish","type":"post","link":"https:\/\/www.dublineventguide.com\/blog\/index.php\/allgemein\/dublin-event-guide-571-battle-for-the-bay-last-dublin-flea-market-africa-day-alternative-flea-market\/","title":{"rendered":"Dublin Event Guide 571: Battle for the Bay, Last Dublin Flea Market, Africa Day, Alternative Flea Market"},"content":{"rendered":"<table width=\"817\" cellpadding=\"0\" cellspacing=\"0\" style=\"background-color:#f4f4f4;font-family:Arial\">\n<tr>\n<td>\n<table width=\"100%\" cellpadding=\"0\" cellspacing=\"0\" style=\"background-color:#d7006b\">\n<tr height=\"24\">\n<td width=\"30\"><a name=\"dff_top\"><\/a><\/td>\n<td width=\"105\"><\/td>\n<td width=\"480\"><\/td>\n<td width=\"175\"><\/td>\n<td width=\"30\"><\/td>\n<\/tr>\n<tr>\n<td><\/td>\n<td><img loading=\"lazy\" decoding=\"async\" src=\"http:\/\/dublineventguide.com\/dff\/admin\/images\/logo_email.png\" width=\"89\" height=\"88\" alt=\"DEG\" \/><\/td>\n<td><img loading=\"lazy\" decoding=\"async\" src=\"http:\/\/dublineventguide.com\/dff\/admin\/images\/dublinguide_energia.png\" alt=\"Dublin Event Guide (for Free Events)\" width=\"445\" height=\"60\" \/><\/p>\n<p style=\"font-family:arial;font-size:14px;color:#74073d;padding: 5px;margin:0;\">No. <strong>571<\/strong> | 25 May 2018<\/p>\n<\/td>\n<td>\n<div style=\"background-color:#8d034a;border-radius:5px;width:160px;height:75px;margin-left:8px\">\n<p style=\"font-family:arial;font-size:15px;color:#fff;margin:0;padding:10px 0;text-align:center;\">Subscribers: 24,150\t\t\t\t\t\t\t<br \/><a href=\"http:\/\/www.facebook.com\/DublinEventGuide\"><img loading=\"lazy\" decoding=\"async\" src=\"http:\/\/dublineventguide.com\/dff\/admin\/images\/like.png\" width=\"58\" height=\"22\" style=\"padding-top:10px;\" \/><\/a><\/p>\n<\/div>\n<\/td>\n<td><\/td>\n<\/tr>\n<tr height=\"24\">\n<td colspan=\"5\"><\/td>\n<\/tr>\n<tr style=\"line-height: 1px; font-size: 1px; overflow: hidden; height: 4px;\">\n<td colspan=\"5\" style=\"font-size: 1px; line-height: 1px; height: 4px; overflow: hidden;\"><img loading=\"lazy\" decoding=\"async\" src=\"http:\/\/dublineventguide.com\/dff\/admin\/images\/divider.png\" width=\"817\" height=\"4\" \/><\/td>\n<\/tr>\n<\/table>\n<table width=\"100%\" cellpadding=\"0\" cellspacing=\"0\" style=\"background-color:#8d034a\">\n<tr>\n<td>\n<p style=\"color:#fff;font-family:arial;font-size:13px;text-align:center;padding:0;line-height:24px\"><a href=\"#news\" style=\"color:#fff;text-decoration:none\">Dublin News<\/a> &#8211; <a href=\"#competitions\" style=\"color:#fff;text-decoration:none\">Competitions<\/a> &#8211; <a href=\"#support\" style=\"color:#fff;text-decoration:none\">Support the Guide<\/a> &#8211;  <a href=\"#picks\" style=\"color:#fff;text-decoration:none\">Joerg&#8217;s Picks<\/a> &#8211; <a href=\"#feel\" style=\"color:#fff;text-decoration:none\">Feel Good<\/a> &#8211; <a href=\"#odd\" style=\"color:#fff;text-decoration:none\">This is Odd<\/a><br \/><a href=\"#day_1527289200\" style=\"color:#fff;text-decoration:none\">Sat<\/a> &#8211; <a href=\"#day_1527375600\" style=\"color:#fff;text-decoration:none\">Sun<\/a> &#8211; <a href=\"#day_1527462000\" style=\"color:#fff;text-decoration:none\">Mon<\/a> &#8211; <a href=\"#day_1527548400\" style=\"color:#fff;text-decoration:none\">Tue<\/a> &#8211; <a href=\"#day_1527634800\" style=\"color:#fff;text-decoration:none\">Wed<\/a> &#8211; <a href=\"#day_1527721200\" style=\"color:#fff;text-decoration:none\">Thu<\/a> &#8211; <a href=\"#day_1527807600\" style=\"color:#fff;text-decoration:none\">Fri<\/a> &#8211; <a href=\"#coming\" style=\"color:#fff;text-decoration:none\">Events Coming Up<\/a> &#8211; <a href=\"#exhibitions\" style=\"color:#fff;text-decoration:none\">Exhibitions<\/a><\/p>\n<\/td>\n<\/tr>\n<\/table>\n<table width=\"100%\" cellpadding=\"0\" cellspacing=\"0\">\n<tr>\n<td style=\"padding:15px 30px\">\n<div style=\"font-size:13px;color:#534438;line-height:20px;\">\n<p style=\"margin:10px 0;\">Hi all!<\/a><\/p>\n<p>My e-mail Inbox was overflowing on Wednesday and Thursday. All GDPR-caused e-mails with people (some of them ill-advised) asking for me to tell them AGAIN that I want information from them. I didn&#8217;t hassle you, because you already confirmed TWICE when you subscribed that you want this weekly newsletter. So all is good! :-) But it ain&#8217;t good for many companies, find out why in the &#8220;This is Odd!&#8221; section!<br \/>By the way, if you ever wanted or needed to end the delivery of these free e-mails full of free events. then you will find the unsubscribe link at the very end of this mail. Easy to find, just scroll down.<\/p>\n<p>[quads id=1]<\/p>\n<p style=\"margin:10px 0;\">And here is me begging again, because there are only a few more days left in May and we still need to find EUR 75 before the end of the month. I need your help! If you could support the Dublin Event Guide, I am suggesting a very fair EUR 12 for the year, that&#8217;s just 23 cent per Dublin Event Guide Edition or less than 3 pints for the whole year! That&#8217;s not much if you think about how much value the Dublin Event Guide brings you every week! ;-) Higher and lower donations are also appreciated! Every Euro counts!<\/a><\/p>\n<p>If you are a great and helpful person, you can help via <a href=\"https:\/\/www.paypal.me\/DublinEventGuide\" target=\"_blank\" style=\"color:#cc2979;text-decoration:none;\">PayPal here<\/a> or if you don&#8217;t like PayPal too much and prefer to use your credit card go to <a href=\"http:\/\/www.gofundme.com\/DublinEventGuide\" target=\"_blank\" style=\"color:#cc2979;text-decoration:none;\">GoFundMe here<\/a>. THANK YOU!!<\/p>\n<p>And don&#8217;t forget that you can also help without spending a cent of your own money, if you buy through the advertisement links that are in the Dublin Event Guide or that are on the Dublin Event Guide Shopping Page at <a href=\"http:\/\/www.DublinEventGuide.com\/shop\" target=\"_blank\" style=\"color:#cc2979;text-decoration:none;\">http:\/\/www.DublinEventGuide.com\/shop<\/a> If you want to buy from Groupon or LivingSocial or Amazon or Bookdepository or eBay or Asos or PrettyLittleThing or SportsDirect, just go to that website and click on the relevant link and it will bring you to the right place. The company you buy from will take 5-8% out of their profit (depending on the company) and will reward the Dublin Event Guide for promoting that company. But importantly you don&#8217;t pay more! Here are the links: <a href=\"http:\/\/www.dublineventguide.com\/shop\" target=\"_blank\" style=\"color:#cc2979;text-decoration:none;\">www.dublineventguide.com\/shop<\/a> Thanks for using this page!<\/p>\n<p style=\"margin:10px 0;\">++++++++<\/a><\/p>\n<p>The Dublin Event Guide needs your continued help in two areas: Your <a href=\"https:\/\/www.paypal.me\/DublinEventGuide\" target=\"_blank\" style=\"color:#cc2979;text-decoration:none;\">donations<\/a> help paying the bills. Just 1 Euro per month (12 Euro per year) would be great, more would be even better. Not many subscribers are prepared (or able) to help, so please don&#8217;t rely on others! Your money will be used to pay the monthly EUR 240 bill for sending the newsletter using <a href=\"http:\/\/www.eepurl.com\/q2OyT\" target=\"_blank\" style=\"color:#cc2979;text-decoration:none;\">MailChimp<\/a>, for web hosting and domain names. I am happy to work 35 hours on the Dublin Event Guide every week without making anything from it, but for the bills I need your help.<\/p>\n<p>You can make your donation at <a href=\"http:\/\/www.perfectresults.info\/donate.htm\" style=\"color:#cc2979;text-decoration:none;\">http:\/\/www.perfectresults.info\/donate.htm<\/a> using Paypal or CreditCard or send me a mail at <a href=\"mailto:dublineventguide@gmail.com\" style=\"color:#cc2979;text-decoration:none;\">dublineventguide@gmail.com<\/a> if you prefer to pay by bank transfer. Corporate or enterprise sponsors are very welcome too and will get a bundle of benefits as a thank you for their donation, contact me on sponsorship@dublineventguide.com to discuss the details.<\/p>\n<p>And here is the second area where you can help: Without you spreading the word we would have never reached 24,000 subscribers and 75,000 Facebook Likes. Send your friends to <a href=\"http:\/\/www.dublineventguide.com\" target=\"_blank\" style=\"color:#cc2979;text-decoration:none;\">http:\/\/www.dublineventguide.com<\/a> where they can subscribe as well.<\/p>\n<p style=\"margin:10px 0;\">+++++++++++<\/a><\/p>\n<p style=\"margin:10px 0;\">And here is a great opportunity to help the Dublin Event Guide for absolutely no cost to you:<\/a><\/p>\n<p>Without putting your hand in your pocket at all you can help the Dublin Event Guide! Just use the ad links in the Dublin News Section and the banner ads in other sections as often as possible when you buy\/order goods. If you buy goods immediately (in the same session) after clicking on a link\/ad that you find in this publication (for example for <a href=\"https:\/\/clk.tradedoubler.com\/click?p=264874&#038;a=1719778&#038;g=22827784\" target=\"_blank\" style=\"color:#cc2979;text-decoration:none;\">Groupon<\/a>, <a href=\"http:\/\/www.awin1.com\/awclick.php?mid=4319&#038;id=140544\" target=\"_blank\" style=\"color:#cc2979;text-decoration:none;\">LivingSocial<\/a>, <a href=\"http:\/\/www.amazon.co.uk\/?_encoding=UTF8&#038;camp=1634&#038;creative=6738&#038;linkCode=ur2&#038;tag=dubeveguiforf-21\" target=\"_blank\" style=\"color:#cc2979;text-decoration:none;\">Amazon<\/a>, <a href=\"http:\/\/www.bookdepository.com?a_aid=dubevg\" target=\"_blank\" style=\"color:#cc2979;text-decoration:none;\">Book Depository<\/a>, <a href=\"http:\/\/www.awin1.com\/cread.php?s=308748&#038;v=4363&#038;q=145658&#038;r=140544\" target=\"_blank\" style=\"color:#cc2979;text-decoration:none;\">LastMinute<\/a> etc), then you help the Dublin Event Guide everytime.<br \/>This is how it works: The company you buy from will give a small commission (5-8%) to the Dublin Event Guide as a thanks for pointing you in their direction. This might only be 30 cent a go, but if many of you did it every time you buy something online, then it could make a big dent into the EUR 240 needed. Importantly, you do not pay more, but the merchant accepts a slightly smaller profit. So clicking on these ads is helping everybody! Thanks!<\/p>\n<p style=\"margin:10px 0;\">Have an event-full weekend and week,<\/a><\/p>\n<p style=\"margin:10px 0;\">&#8211;Joerg<\/a><\/p>\n<p style=\"margin:10px 0;\">Find the Dublin Event Guide (for Free Events) online presence here:<\/a><\/p>\n<p>Website: <a href=\"http:\/\/www.DublinEventGuide.com\" target=\"_blank\" style=\"color:#cc2979;text-decoration:none;\">http:\/\/www.DublinEventGuide.com<\/a><br \/> Facebook: <a href=\"http:\/\/www.facebook.com\/DublinEventGuide\" target=\"_blank\" style=\"color:#cc2979;text-decoration:none;\">http:\/\/www.facebook.com\/DublinEventGuide<\/a><br \/> Mobile App: <a href=\"http:\/\/m.dublineventguide.com\" target=\"_blank\" style=\"color:#cc2979;text-decoration:none;\">http:\/\/m.dublineventguide.com<\/a><br \/> Twitter: <a href=\"http:\/\/www.twitter.com\/DublinEventG\" target=\"_blank\" style=\"color:#cc2979;text-decoration:none;\">http:\/\/www.twitter.com\/DublinEventG<\/a><\/p>\n<\/div>\n<p><a href=\"http:\/\/www.facebook.com\/DublinEventGuide\"><img loading=\"lazy\" decoding=\"async\" src=\"http:\/\/dublineventguide.com\/dff\/admin\/images\/like.png\" width=\"58\" height=\"22\" style=\"padding-top:10px;\" \/><\/a><\/p>\n<div style=\"font-size:13px;color:#534438;line-height:20px;\">\n<p>We are more than 75,000 people on the Dublin Event Guide &#8211; Facebook Page at <a href=\"http:\/\/www.facebook.com\/DublinEventGuide\" target=\"_blank\" style=\"color:#cc2979;text-decoration:none;\">http:\/\/www.facebook.com\/DublinEventGuide<\/a> and are growing every week. Join in and click LIKE on the Facebook page and tell your friends! You will get last minute updates and event reminders through the Facebook Page and you can share your free events directly there with the other people in the Dublin Event Guide Community.<\/p>\n<\/div>\n<p style=\"font-size:13px;color:#534438;line-height:20px;margin:10px 0\">&#8211;Advertisement&#8212;&#8212;&#8212;&#8212;&#8212;&#8212;&#8212;&#8212;&#8212;&#8212;&#8212;&#8212;<\/p>\n<p style=\"font-size:13px;color:#534438;line-height:20px;margin:10px 0\"><\/a><a href=\"https:\/\/www.energia.ie\"><img decoding=\"async\" src=\"http:\/\/www.dublineventguide.com\/energia\/Energia_728x90_5166.jpg\" alt=\"Energia\" align=\"left\" \/><\/a><\/p>\n<\/td>\n<\/tr>\n<\/table>\n<table width=\"100%\" cellpadding=\"0\" cellspacing=\"0\" id=\"feel\">\n<tr>\n<td><a name=\"feel\"><\/a><a href=\"#dff_top\" style=\"text-decoration:none\"><img decoding=\"async\" src=\"http:\/\/dublineventguide.com\/dff\/admin\/images\/dividers\/feelgood.png\" alt=\"Feel good slot\" border=\"0\" \/><\/a><\/td>\n<\/tr>\n<\/table>\n<table width=\"100%\" cellpadding=\"0\" cellspacing=\"0\">\n<tr>\n<td style=\"padding: 0 30px 15px\">\n<div style=\"font-size:13px;color:#534438;line-height:20px;\">\n<p style=\"margin:10px 0;\">The &#8220;Feel Good Slot&#8221; at this place in the Dublin Event Guide is to share some inspirational, motivational or thought provoking quotes, stories or video clips. You wonder why I added this section to this e-mail magazine? If your week was great, you might not need it, but most of us had some challenging moments in the last week and there could be more in the coming week and this section is for the people that want to overcome the hurdles, achieve more and remember that despite all, life is great!<\/a><\/p>\n<p style=\"margin:10px 0;\">This week&#8217;s Feel Good Slot is a quote by Charles Baudelaire, a French poet who lived from 1821-1867. He said <\/a><\/p>\n<p><strong>Nothing can be done except little by little.&#8221; &#8211; Charles Baudelaire<\/strong><\/p>\n<p>You probably all have heard the question &#8220;How do you eat an elephant? &#8211; One bite at a time.&#8221; and this quote from Baudelaire, expresses the same. Don&#8217;t expect impossible things and then be disappointed, just keep moving in small steps and as long as you keep moving you make progress.<strong><br \/><\/strong><\/p>\n<\/div>\n<p style=\"font-size:13px;color:#534438;line-height:20px;margin:10px 0\">&#8211;Advertisement&#8212;&#8212;&#8212;&#8212;&#8212;&#8212;&#8212;&#8212;&#8212;&#8212;&#8212;&#8212;<\/p>\n<p style=\"font-size:13px;color:#534438;line-height:20px;margin:10px 0\">\n<table style=\"width:100%\">\n<tr>\n<td><a href=\"http:\/\/www.bookdepository.com?a_aid=dubevg&#038;a_bid=fdd322a7\" target=\"_blank\"><img loading=\"lazy\" decoding=\"async\" src=\"http:\/\/banners1.bookdepository.com\/accounts\/default1\/banners\/P_Generic_300x250.jpg\" alt=\"Free Delivery on all Books at the Book Depository\" title=\"Free Delivery on all Books at the Book Depository\" width=\"300\" height=\"250\" border=\"1\" \/><\/a><img loading=\"lazy\" decoding=\"async\" style=\"border:0\" src=\"https:\/\/affiliates.bookdepository.com\/scripts\/imp.php?a_aid=dubevg&#038;a_bid=fdd322a7\" width=\"1\" height=\"1\" alt=\"\" \/><\/td>\n<td><a href=\"https:\/\/www.awin1.com\/cread.php?s=550739&#038;v=6518&#038;q=267837&#038;r=140544\"><img decoding=\"async\" src=\"https:\/\/www.awin1.com\/cshow.php?s=550739&#038;v=6518&#038;q=267837&#038;r=140544\" border=\"0\"><\/a><\/td>\n<\/tr>\n<tr>\n<td>\nBOOK DEPOSITORY &#8211; BEST BOOKSELLER <br \/>\nBooks for lowest prices, sent to you with free <br \/>\nworldwide delivery. And with every book you <br \/>\nbuy, you directly help the Dublin Event Guide. <br \/>\n&#8230;IF you click on the link below! <br \/><a href=\"http:\/\/www.bookdepository.com?a_aid=dubevg\"  style=\"color:#cc2979;text-decoration:none;\">www.bookdepository.com<\/a><\/td>\n<td>PRETTYLITTLETHING &#8211; Fashion at Affor dable Prices<br \/>\nPrettyLittleThing is the place for the fashion savvy girl<br \/>\nto get all she needs for aff ordable prices. <br \/>\nDelivery is free on orders over EUR 30. <br \/><a href=\"https:\/\/www.awin1.com\/cread.php?s=550739&#038;v=6518&#038;q=267837&#038;r=140544\" style=\"color:#cc2979;text-decoration:none;\">www.prettylittlething.com <\/a><\/td>\n<\/tr>\n<\/table>\n<p><a href=\"https:\/\/www.awin1.com\/cread.php?s=541087&#038;v=6285&#038;q=262893&#038;r=140544\"><img decoding=\"async\" src=\"https:\/\/www.awin1.com\/cshow.php?s=541087&#038;v=6285&#038;q=262893&#038;r=140544\" border=\"0\"><\/a><\/p>\n<\/td>\n<\/tr>\n<\/table>\n<table width=\"100%\" cellpadding=\"0\" cellspacing=\"0\" id=\"support\">\n<tr>\n<td><a name=\"support\"><\/a><a href=\"#dff_top\" style=\"text-decoration:none\"><img decoding=\"async\" src=\"http:\/\/dublineventguide.com\/dff\/admin\/images\/dividers\/support.png\" alt=\"Support\" border=\"0\" \/><\/a><\/td>\n<\/tr>\n<\/table>\n<table width=\"100%\" cellpadding=\"0\" cellspacing=\"0\">\n<tr>\n<td style=\"padding: 0 30px 15px\">\n<div style=\"font-size:13px;color:#534438;line-height:20px;\">\n<p style=\"margin:10px 0;\">This part is important to &#8220;keep the show on the road&#8221;:<\/a><\/p>\n<p>To cover the cost for the Dublin Event Guide I need your help and every week generous and nice Dublin Event Guide readers <a href=\"http:\/\/www.perfectresults.info\/donation.htm\" target=\"_blank\" style=\"color:#cc2979;text-decoration:none;\">help with a donation<\/a>.<\/p>\n<p style=\"margin:10px 0;\">Last week Laurie F, Joan S and Mark C were so great to help with a much needed donation. Thank you very much! You and all the other donors throughout the year are keeping the Dublin Event Guide alive! Without you, there would be no Dublin Event Guide!!<\/a><\/p>\n<p>The cost for sending the weekly newsletter is EUR 240 per month and a donation from you of just EUR 12 per year will ensure that I will be able to pay the bills. <br \/>Has the Dublin Event Guide helped you to find events that you otherwise wouldn&#8217;t have known about, or have you saved money by finding great free events? Then please go to <a href=\"http:\/\/www.perfectresults.info\/donate.htm\" target=\"_blank\" style=\"color:#cc2979;text-decoration:none;\">here<\/a> and give something back if you can!<\/p>\n<p style=\"margin:10px 0;\">I appreciate ANY help: EUR 12 would be great (that&#8217;s just 25 cent per week!), but even if it is just the price of 2 pints it will help.<\/a><\/p>\n<p>You can donate online by following this link to the PayPal&#038;CreditCard <a href=\"http:\/\/www.perfectresults.info\/donation.htm\" target=\"_blank\" style=\"color:#cc2979;text-decoration:none;\">donation page<\/a>. If you want to transfer your donation directly to my account, just send a mail to dublineventguide@gmail.com and I will send you the details.<\/p>\n<p>In the last 12 months the following wonderful people have sponsored this Dublin Event Guide:<br \/> Deirdre M, Howard L, Paul R, Linda McD, Isidro G, Gemma O&#8217;N, Aoife M, Anita W, Mark R, Clodagh O&#8217;C, Niamh D, Odhran K, Belinda B, Eimear L, Brian R, Andrew G, Marta T, Linda C, Grainne F, Rita B, Rosemary K, Mary McK, Ger O&#8217;B, Alison J, Sinead L, Lesley C, Noel N, Majella M, Mona O&#8217;R, Leigh P, Eric C, Anette K D, Aoife G, Aidan C, George K, Rita B, Thomas G, Roy C, Jutta B-S, Lorna O&#8217;C, Aisling McK, Miriam L, Fergus O&#8217;T, Julia Sch, Helen B, Susan H, Paula R, Justin M, Tony B, Ross M, Daniel L, Susan F, Joan S, Rachel McG, John F, Ann Marie S, Melanie B, Magdalena H, Leigh Ph, Mark G, Joanne M, Louise F, Kathryn H, Ornaigh G, Eamonn U, Gerard Ph, Fiona F, Gabriel K, Laura C, Aislinn T, Barry M, Joan S, Nicole W, Tara R, Denise G, Ann M, Mairin M, Daire O&#8217;C, Anne H, Anne H, Comet Records, John F, Nora O&#8217;K, David O&#8217;K, Karen+Brian F, Estelle K, Ann McP, Noelle H, Pat M, Meav Ni M, Jutta B-S, Jamie C, Leigh Ph, Irene D M, Michael D, Joan S, Melanie B, Anita W, Maria F, Moira dF, Arthur D, Catherine G, Clodagh C, Elaine K, Majella M, Ann M, Clodagh O&#8217;C, Claire R, Leigh Ph, Sarah L, Mark G, Erzsebet H, Isidro G, Karen A, Sean S, Melanie M, Zelie McG, Lindsay R, Thibaut D, Pia O, James B, Marguerite D, Shai C, Susan K, Agnieszka S-S, Alice K, Ieva B, Ruth L, Ana RT, Rita B, Sueanne O&#8217;H, Rosemary M, Darragh D, Lorraine S, Helena S, Carija I, Pat McK, Jennifer R, Sophie P-L, Jenny B, Catherine F, Stephen S, Juliana A Y, Caoimhe NiM, Damien B, Shane O&#8217;B, Melanie S, Audrey H, Catherine E, Michele McN, Susan B, Sharon K, Bill G, Malachy B, Catherine O&#8217;S, Paula R, Pamela A, Eleonora P, Thomas B, Karen K, Brendan M, Eric O&#8217;F, Gale G, Daniel LG, Mark G, Margo C, Joan S, Debbie C, Karen McG, Eric C, Irish Family Names, Tom McM, Aishling B, Ana RT, Eamonn McG, Silja P, Nicola R, Jacinta O&#8217;B, Siobhan B, Orla P, Sharon G, Isidro G, Carmel C, Roisin R, Mona R, Suzanne D, Tracey O&#8217;C, Jessica G, Barbara L, Frances D, Emmet R, Irene C, Eugene McG, Stuart N, Laurie F, Joan S, Mark C and Travel Agency &#8220;Project Travel&#8221; (<a href=\"http:\/\/www.project-travel.ie\" target=\"_blank\" style=\"color:#cc2979;text-decoration:none;\">www.project-travel.ie<\/a> Ireland&#8217;s only Norway and Northern Lights Travel Experts), Arthur&#8217;s Pub (<a href=\"http:\/\/www.arthurspub.ie\" target=\"_blank\" style=\"color:#cc2979;text-decoration:none;\">www.arthurspub.ie<\/a> A classic Dublin old-style pub in 28 Thomas Street with a new and buzzing music venue that runs lots of events), the Speedfriending Ireland Meet-up Group (<a href=\"http:\/\/www.meetup.com\/Events-Drinks-Talks-Dublin\/\" style=\"color:#cc2979;text-decoration:none;\">www.meetup.com\/Events-Drinks-Talks-Dublin\/<\/a>) (Where you can meet lots of new people and make friends), Cycling Campaign (<a href=\"http:\/\/www.dublincycling.ie\" target=\"_blank\" style=\"color:#cc2979;text-decoration:none;\">www.dublincycling.ie<\/a>), <a href=\"http:\/\/www.oliviercornetgallery.com\" target=\"_blank\" style=\"color:#cc2979;text-decoration:none;\">www.oliviercornetgallery.com<\/a> (An Art Gallery in 5 Cavendish Row), <a href=\"http:\/\/www.thepaulkanegallery.com\" target=\"_blank\" style=\"color:#cc2979;text-decoration:none;\">www.thepaulkanegallery.com<\/a> (A great Art Gallery, on the search for a new venue), <a href=\"http:\/\/www.cfcp.ie\" target=\"_blank\" style=\"color:#cc2979;text-decoration:none;\">www.cfcp.ie<\/a> (The Centre for Creative Practices is the the only arts centre in Ireland dedicated to connecting, integrating and promoting immigrant, experimental and emerging artists among the local arts scene and audiences).<\/p>\n<p><a href=\"https:\/\/www.energia.ie\"><img decoding=\"async\" src=\"http:\/\/www.dublineventguide.com\/gif\/Energia_Logo_sm.jpg\" alt=\"Energia\" align=\"left\" \/><\/a>The main sponsor is <a href=\"https:\/\/www.energia.ie\" target=\"_blank\" style=\"color:#cc2979;text-decoration:none;\">Energia<\/a> and their support is hugely appreciated! <strong>Energia<\/strong> provides cost efficient electricity and gas to Irish homes and businesses. The company is committed to developing renewable energy sources in Ireland and over 25% of the country&#8217;s wind power is supplied through <strong>Energia<\/strong>. <strong>Energia<\/strong>&#8216;s power plants in North Dublin are capable of providing enough energy to power 1.2 million homes.<\/p>\n<p style=\"margin:10px 0;\">All events listed in this Event Guide are free of any admission charges (or at least appear to be free) unless otherwise stated. I try to find confirmation in all cases and do my best to double-check the information. However errors can happen and therefore no guarantee for correctness can be given.<\/a><\/div>\n<p style=\"font-size:13px;color:#534438;line-height:20px;margin:10px 0\">&#8211;Advertisement&#8212;&#8212;&#8212;&#8212;&#8212;&#8212;&#8212;&#8212;&#8212;&#8212;&#8212;&#8212;<\/p>\n<p style=\"font-size:13px;color:#534438;line-height:20px;margin:10px 0\"><a href=\"https:\/\/clk.tradedoubler.com\/click?p=264874&#038;a=1719778&#038;g=22827784\"><img decoding=\"async\" src=\"http:\/\/www.dublineventguide.com\/gif\/Groupon728.jpg\" border=\"0\"><\/a><\/p>\n<\/td>\n<\/tr>\n<\/table>\n<table width=\"100%\" cellpadding=\"0\" cellspacing=\"0\" id=\"picks\">\n<tr>\n<td><a name=\"picks\"><\/a><a href=\"#dff_top\" style=\"text-decoration:none\"><img decoding=\"async\" src=\"http:\/\/dublineventguide.com\/dff\/admin\/images\/dividers\/joergspicks.png\" alt=\"Joergs Picks\" border=\"0\" \/><\/a><\/td>\n<\/tr>\n<\/table>\n<table width=\"100%\" cellpadding=\"0\" cellspacing=\"0\">\n<tr>\n<td style=\"padding: 0 30px 15px\">\n<div style=\"font-size:13px;color:#534438;line-height:20px;\">\n<p><em>This section is intended to provide some help in picking and choosing from the huge number of events by sharing with you what I will\/might or would do. This is not a &#8220;best of&#8230;&#8221; list and if an event is not listed here, it by no means implies that the event is not interesting. Instead my &#8220;picks&#8221; are just based on my personal preferences. All events mentioned here are described in detail further down.<\/em><\/p>\n<p style=\"margin:10px 0;\">This weekend he Battle for the Bay, the last Dublin Flea Market in Newmarket and Africa Day get my vote!<\/a><\/p>\n<p style=\"margin:10px 0;\">But I won&#8217;t be here to enjoy any of these events. Instead I will be in Germany, so have a good time in Dublin without me! :-)<\/a><\/div>\n<p style=\"font-size:13px;color:#534438;line-height:20px;margin:10px 0\">&#8211;Advertisement&#8212;&#8212;&#8212;&#8212;&#8212;&#8212;&#8212;&#8212;&#8212;&#8212;&#8212;&#8212;<\/p>\n<p style=\"font-size:13px;color:#534438;line-height:20px;margin:10px 0\"><a href='https:\/\/www.amazon.co.uk\/b?node=560798&#038;tag=dubeveguiforf-21&#038;camp=3294&#038;creative=22050&#038;linkCode=ur1&#038;adid=1BJB8D9XAB6M7P72RJX8&#038;' target='_blank'><img src='http:\/\/www.dublineventguide.com\/gif\/amazonelec.jpg' width='728' height='90'><\/a><br \/>\nBUY FROM AMAZON VIA THIS LINK TO HELP THE DUBLIN EVENT GUIDE<br \/>\nPostage to Ireland is free for most orders if you buy for more than GBP 25! And with every order via this link, the Dublin Event Guide (for Free Events) gets a small commission: <a href='https:\/\/www.amazon.co.uk\/b?node=560798&#038;tag=dubeveguiforf-21' target='_blank' style=\"color:#cc2979;text-decoration:none;\"> HERE<\/a> It doesn&#8217;t cost you anything more, but you help the Dublin Event Guide. Use the link as often as possible! <\/p>\n<\/td>\n<\/tr>\n<\/table>\n<table width=\"100%\" cellpadding=\"0\" cellspacing=\"0\" id=\"competitions\">\n<tr>\n<td><a name=\"competitions\"><\/a><a href=\"#dff_top\" style=\"text-decoration:none\"><img decoding=\"async\" src=\"http:\/\/dublineventguide.com\/dff\/admin\/images\/dividers\/competitions.png\" alt=\"Competitions\" border=\"0\" \/><\/a><\/td>\n<\/tr>\n<\/table>\n<table width=\"100%\" cellpadding=\"0\" cellspacing=\"0\">\n<tr>\n<td style=\"padding: 0 30px; margin-bottom: 15px;\">\n<h2 style=\"font-size:16px;color:#534438;margin:0 0 5px;font-weight:normal; margin-top: 15px;\">More competitions to come soon!<\/h2>\n<h3 style=\"font-size:13px;margin:0;padding:0;line-height:16px;color:#534438;\"><\/h3>\n<div style=\"font-size:13px;color:#534438;line-height:20px;margin:0;padding-top:0;\"><\/div>\n<\/td>\n<\/tr>\n<tr>\n<td style=\"padding: 0 30px 15px\">\n<p style=\"font-size:13px;color:#534438;line-height:20px;margin:10px 0\">&#8211;Advertisement&#8212;&#8212;&#8212;&#8212;&#8212;&#8212;&#8212;&#8212;&#8212;&#8212;&#8212;&#8212;<\/p>\n<p style=\"font-size:13px;color:#534438;line-height:20px;margin:10px 0\"><a href=\"http:\/\/appsumo.pxf.io\/c\/1202393\/418034\/7443\"><img loading=\"lazy\" decoding=\"async\" src=\"http:\/\/a.impactradius-go.com\/display-ad\/7443-418034\" border=\"0\" alt=\"\" width=\"425\" height=\"155\"\/><\/a><img loading=\"lazy\" decoding=\"async\" height=\"0\" width=\"0\" src=\"http:\/\/appsumo.pxf.io\/i\/1202393\/418034\/7443\" style=\"position:absolute;visibility:hidden;\" border=\"0\" \/><\/p>\n<p>AppSumo is the Groupon or LivingSocial for Business Software! A Discount platform for applications that you need to run your business. Check it out at <a href=\"http:\/\/appsumo.pxf.io\/c\/1202393\/418034\/7443\" target=\"_blank\" style=\"color:#cc2979;text-decoration:none;\"> AppSumo <\/a><\/p>\n<\/p>\n<\/td>\n<\/tr>\n<\/table>\n<table width=\"100%\" cellpadding=\"0\" cellspacing=\"0\" id=\"news\" style=\"margin-top: 10px;\">\n<tr>\n<td><a name=\"news\"><\/a><a href=\"#dff_top\" style=\"text-decoration:none\"><img decoding=\"async\" src=\"http:\/\/dublineventguide.com\/dff\/admin\/images\/dividers\/news.png\" alt=\"Dublin news\" border=\"0\" \/><\/a><\/td>\n<\/tr>\n<\/table>\n<table width=\"100%\" cellpadding=\"0\" cellspacing=\"0\">\n<tr>\n<td style=\"padding: 0 30px; margin-bottom: 15px;\">\n<h2 style=\"font-size:16px;color:#534438;margin:0 0 5px;font-weight:normal; margin-top: 15px;\">Help the Dublin Event Guide! It won&#8217;t cost you a cent!<\/h2>\n<div style=\"font-size:13px;color:#534438;line-height:20px;margin:0;padding-top:0;\">\n<p style=\"margin:10px 0;\">Do you enjoy free events? Does it help you to find out about all these free events simply in one e-mail magazine or on one website? Does the Dublin Event Guide (for Free Events) deliver all this for you and maybe even more? In that case, you probably also would want it to continue forever, right?<\/a><\/p>\n<p style=\"margin:10px 0;\">To achieve that some money is needed. Donations are a great help, but not everyone feels they can donate at the moment. So here is the solution: If you could help with a donation without having to pay a cent from your own money wouldn&#8217;t that be cool? You can!!<\/a><\/p>\n<p style=\"margin:10px 0;\">When you buy books online, buy them from Book Depository or from Amazon and use these links to go to the website:<\/a><\/p>\n<p><a href=\"http:\/\/www.bookdepository.com?a_aid=dubevg\" target=\"_blank\" style=\"color:#cc2979;text-decoration:none;\">Book Depository<\/a><br \/><a href=\"http:\/\/www.amazon.co.uk\/?tag=dubevg-21\" target=\"_blank\" style=\"color:#cc2979;text-decoration:none;\">Amazon<\/a><\/p>\n<p style=\"margin:10px 0;\">And when you buy from Living Social or Groupon use these links:<\/a><\/p>\n<p><a href=\"https:\/\/clk.tradedoubler.com\/click?p=264874&#038;a=1719778&#038;g=22827784\" target=\"_blank\" style=\"color:#cc2979;text-decoration:none;\">Groupon <\/a><br \/><a href=\"http:\/\/www.awin1.com\/awclick.php?mid=4319&#038;id=140544\" target=\"_blank\" style=\"color:#cc2979;text-decoration:none;\">LivingSocial <\/a><\/p>\n<p style=\"margin:10px 0;\">Or when you buy from eBay or you want to buy holidays or clothes or anything else, check first<\/a><\/p>\n<p><a href=\"http:\/\/www.dublineventguide.com\/shop\" style=\"color:#cc2979;text-decoration:none;\">www.dublineventguide.com\/shop<\/a><\/p>\n<p style=\"margin:10px 0;\">When you click on the link and then buy, your books\/products\/holidays etc cost exactly the same as if you went to the website directly. But if you go via the links above, the Dublin Event Guide (for Free Events) will get 5-8% of what you spend as a commission. That&#8217;s not a lot, but if you and lots of other people used that link every time, it would amount to a fair amount of crucially important money. Use the links often, actually EVERY time you buy from the relevant site, not just once!<\/a><\/p>\n<p>Giving money for free! That&#8217;s how easy it is. ;-)<strong> THANK YOU!!!<\/strong><\/p>\n<p>And if you want to donate money directly, then you can do that here: <a href=\"http:\/\/www.perfectresults.info\/donation.htm\" style=\"color:#cc2979;text-decoration:none;\">http:\/\/www.perfectresults.info\/donation.htm<\/a> or <a href=\"http:\/\/www.GoFundMe.com\/DublinEventGuide\" style=\"color:#cc2979;text-decoration:none;\">http:\/\/www.GoFundMe.com\/DublinEventGuide<\/a><\/p>\n<h2 style=\"font-size: 16px; color: #534438; margin: 0 0 5px; font-weight: normal; margin-top: 15px;\">Dublin Event Guide Smartphone App &#8220;Dublin For Free&#8221;<\/h2>\n<p>Find all details on how to use the Dublin Event Guide Smartphone web app at <a href=\"http:\/\/www.dublineventguide.com\/mobile.html\" target=\"_blank\" style=\"color:#cc2979;text-decoration:none;\">http:\/\/www.dublineventguide.com\/mobile.html<\/a><\/p>\n<p style=\"margin:10px 0;\">*****************************************************************************<\/a><\/div>\n<\/td>\n<\/tr>\n<tr>\n<td style=\"padding: 0 30px; margin-bottom: 15px;\">\n<h2 style=\"font-size:16px;color:#534438;margin:0 0 5px;font-weight:normal; margin-top: 15px;\">Dublin Port River Fest 2018 cancelled<\/h2>\n<div style=\"font-size:13px;color:#534438;line-height:20px;margin:0;padding-top:0;\">\n<p style=\"margin:10px 0;\">The Dublin Port River Fest was once a BIG and very popular festival along the Liffey on the Northside from the CHQ building nearly to the Point Depot \/ 3 Arena. That was when the Dublin Dockland&#8217;s Authority still existed. When the DDA disappeared and was taken back by Dublin City, the festival shrunk to a fraction from the Convention Centre to half-way to the Point Depot \/ Arena. It was a poor cousin of the previous event and this was reflected in the visitor numbers.<\/a><\/p>\n<p style=\"margin:10px 0;\">This year, the news is even worse: The Dublin Port River Fest has been cancelled completely! Yes there will be a &#8220;mini-&#8221; Tall Ship event, but the focus is on the boats, the crews that come with the boats and the people in Dublin won&#8217;t get much more than a pretty view and maybe a visit on some of the ships.<\/a><\/p>\n<p style=\"margin:10px 0;\">The financial and economic crisis was in 2008, a full 10 years ago, but it seems that Dublin City has singificantly decreased their event programme just in the last 2-3 years. Not a good development! :-(<\/a><\/p>\n<p style=\"margin:10px 0;\"> <\/a><\/div>\n<\/td>\n<\/tr>\n<tr>\n<td style=\"padding: 0 30px; margin-bottom: 15px;\">\n<h2 style=\"font-size:16px;color:#534438;margin:0 0 5px;font-weight:normal; margin-top: 15px;\">National Museum at Collins Barracks hikes up Parking Fees<\/h2>\n<div style=\"font-size:13px;color:#534438;line-height:20px;margin:0;padding-top:0;\">\n<p style=\"margin:10px 0;\">We have something great in Ireland! All our four National Museums do not charge any admission charge. That&#8217;s the National Museum at Collins Barracks, in Kildare Street, in Merrion Street and in Turlough, Co. Mayo. This is a bit of a luxury that not many countries have. Sure, it is not really free because in the end we all pay for it through our taxes, but at least you can go there without paying as often as you want.<\/a><\/p>\n<p style=\"margin:10px 0;\">Collins Barracks is a huge site with only half of it open as a museum and the other half is storage for a huge amount of additional exhibits. Collins Barracks also has is &#8211; as a former barracks &#8211; on a huge site that has its own car park.<\/a><\/p>\n<p>Until 2013 parking was free there, but due to budget cuts in 2013 it was announced that they would have to charge for parking and the fees were a very moderate <br \/>+ EUR 2 for 0-3 hours<br \/>+ EUR 4 for all day parking. <br \/>That was still a good price and you could go to the museum for up to three hours for a low cost.<\/p>\n<p>But last week on 19 May this substantially changed. The new charges are now <br \/>+ EUR 2 for just 1 hour<br \/>+ EUR 5 for up to 4 hours<br \/>+ EUR 12 for all day<\/p>\n<p style=\"margin:10px 0;\">That is a HUGE increase! If you assume maybe 2.5 hours for an extensive visit it will cost you EUR 5 instead of EUR 2 before. That&#8217;s 150% of an increase!! :-O<\/a><\/p>\n<p style=\"margin:10px 0;\">And no! Your taxes didn&#8217;t go down!<\/a><\/div>\n<\/td>\n<\/tr>\n<\/table>\n<table width=\"100%\" cellpadding=\"0\" cellspacing=\"0\">\n<tr>\n<td style=\"padding: 0 30px 15px\">\n<p style=\"font-size:13px;color:#534438;line-height:20px;margin:10px 0\"><a href='https:\/\/www.amazon.co.uk\/b?node=266239&#038;tag=dubeveguiforf-21&#038;camp=3290&#038;creative=21954&#038;linkCode=ur1&#038;adid=07CA4B2Q4TCZZXWXN1W4&#038;' target='_blank'><img src='http:\/\/www.dublineventguide.com\/gif\/amazonbooks.jpg' width='728' height='90'><\/a><\/p>\n<\/td>\n<\/tr>\n<\/table>\n<table width=\"100%\" cellpadding=\"0\" cellspacing=\"0\">\n<tr>\n<td><a href=\"#dff_top\" style=\"text-decoration:none\"><img decoding=\"async\" src=\"http:\/\/dublineventguide.com\/dff\/admin\/images\/dividers\/opportunities.png\" alt=\"Opportunities\" border=\"0\" \/><\/a><\/td>\n<\/tr>\n<\/table>\n<table width=\"100%\" cellpadding=\"0\" cellspacing=\"0\">\n<tr>\n<td style=\"padding: 0 30px 15px\">\n<div style=\"font-size:13px;color:#534438;line-height:20px;\">\n<p>The former &#8220;Opportunities&#8221; section is now the place where the weekly nationwide clever event map from our sponsor Energia will be featured. Full details about the events on the map are on the Energia blog: <a href=\"https:\/\/gturl.eu\/Energia18_wk22\" target=\"_blank\" style=\"color:#cc2979;text-decoration:none;\">https:\/\/gturl.eu\/Energia18_wk22<\/a><\/p>\n<p><a href=\"https:\/\/gturl.eu\/Energia18_wk22\" target=\"_blank\"><img loading=\"lazy\" decoding=\"async\" src=\"http:\/\/www.dublineventguide.com\/energia\/Map18_wk22_sm.jpg\" alt=\"\" width=\"495\" height=\"495\" \/><\/a><\/p>\n<\/div>\n<\/td>\n<\/tr>\n<\/table>\n<table width=\"100%\" cellpadding=\"0\" cellspacing=\"0\" id=\"exhibitions\" style=\"margin-top: 10px;\">\n<tr>\n<td><a name=\"exhibitions\"><\/a><a href=\"#dff_top\" style=\"text-decoration:none\"><img decoding=\"async\" src=\"http:\/\/dublineventguide.com\/dff\/admin\/images\/dividers\/exhibitions.png\" alt=\"Exhibitions\" border=\"0\" \/><\/a><\/td>\n<\/tr>\n<\/table>\n<table width=\"100%\" cellpadding=\"0\" cellspacing=\"0\" style=\"margin-bottom: 20px;\">\n<tr>\n<td style=\"padding: 0 30px; margin-bottom: 15px;\">\n<div style=\"font-size:13px;color:#534438;line-height:20px;\">\n<p>Based on your feedback, I have decided to do the following with the Exhibition section in this newsletter from now on: I will provide you with a link to a near-comprehensive listing of exhibitions provided by <a href=\"http:\/\/www.visualartists.ie\" style=\"color:#cc2979;text-decoration:none;\">www.visualartists.ie<\/a> . For me to list all exhibitions would only be doubling their good work and would be an inefficient use of my resources. The link is <a href=\"http:\/\/www.visualartists.ie\/category\/listings\/dublin\/\" style=\"color:#cc2979;text-decoration:none;\">http:\/\/www.visualartists.ie\/category\/listings\/dublin\/<\/a><\/p>\n<p style=\"margin:10px 0;\">On top of that I will every now and then include here a small selection of exhibitions that either are not mentioned in the Visual Artist listing or are note-worthy to be mentioned separately.<\/a><\/p>\n<div class=\"pasteIcon paste0\"> <\/div>\n<div class=\"notifyIcon\" style=\"display: none;\"> <\/div>\n<\/div>\n<\/td>\n<\/tr>\n<\/table>\n<table width=\"100%\" cellpadding=\"0\" cellspacing=\"0\">\n<tr>\n<td style=\"padding:10px 30px\">\n<table width=\"100%\" cellpadding=\"0\" cellspacing=\"0\">\n<tr>\n<td width=\"52\" valign=\"top\"><img loading=\"lazy\" decoding=\"async\" src=\"http:\/\/dublineventguide.com\/dff\/admin\/images\/exhibition.png\" width=\"40\" height=\"41\" \/><\/td>\n<td>\n<h2 style=\"font-size:16px;color:#534438;margin:0;font-weight:normal\">Art &#038; The Great Hunger<\/h2>\n<h3 style=\"font-size:13px;margin:0;padding:0;line-height:16px;color:#534438;\">08 March-30 June (Daily: 10:00-17:00)<\/h3>\n<p style=\"font-size:13px;color:#534438;line-height:20px;margin:0;padding-top:0;\">The Coach House, Dublin Castle Gardens, Dublin 2 <\/p>\n<div style=\"font-size:13px;color:#534438;line-height:20px;margin:0;padding-top:0;\">\n<p style=\"margin:10px 0;\">&#8220;Ireland\u2019s Great Hunger Museum&#8221; at Quinnipiac University in Hamden, Connecticut, is sending its art collection to Ireland for the first time. The exhibition documents the scale of the famine, the horror of it, how it permeated and changed Ireland and the people that escaped it forever. The museum\u2019s collection, the only one of its kind in the world, constitutes an incomparable direct link to the past of almost 6.5 million Irish and 40 million Irish-American people.<\/a><\/p>\n<p style=\"margin:10px 0;\">Admission is free.<\/a><\/div>\n<\/td>\n<\/tr>\n<tr>\n<td width=\"52\" valign=\"top\"><img loading=\"lazy\" decoding=\"async\" src=\"http:\/\/dublineventguide.com\/dff\/admin\/images\/exhibition.png\" width=\"40\" height=\"41\" \/><\/td>\n<td>\n<h2 style=\"font-size:16px;color:#534438;margin:0;font-weight:normal\">\u00c9ireannach &#8211; A Worldwide Exhibition linking people with plants through Botanical art<\/h2>\n<h3 style=\"font-size:13px;margin:0;padding:0;line-height:16px;color:#534438;\">05-27 May<\/h3>\n<p style=\"font-size:13px;color:#534438;line-height:20px;margin:0;padding-top:0;\">National Botanic Gardens, Botanic Road, Glasnevin, Dublin 9<\/p>\n<div style=\"font-size:13px;color:#534438;line-height:20px;margin:0;padding-top:0;\">\n<p style=\"margin:10px 0;\">&#8220;\u00c9ireannach &#8211; A Worldwide Exhibition linking people with plants through Botanical art&#8221; is a new exhibition in the National Botanic Gardens.<\/a><\/p>\n<p style=\"margin:10px 0;\">Botanical Art Worldwide is a collaboration between botanical artists, organizations and institutions worldwide. Twenty-three artists are creating and exhibiting botanical artworks of native plants found in each of their countries to create a record of today\u2019s botanical diversity. Digital slide shows of up to forty works, with all other countries\u2019 images will be shown at each venue during the run of each exhibition. The Irish Society of Botanical Artists will be hosting an open day on the 18th of May which will include a tour of the exhibition, demonstrations and a chance to meet the artists involved.<\/a><\/p>\n<p style=\"margin:10px 0;\">The exhibition will be on show daily in the Gallery Space in the Visitor Centr.<\/a><\/p>\n<p><a href=\"http:\/\/www.botanicgardens.ie\/news\/events.htm\" style=\"color:#cc2979;text-decoration:none;\">http:\/\/www.botanicgardens.ie\/news\/events.htm<\/a><\/p>\n<\/div>\n<\/td>\n<\/tr>\n<\/table>\n<\/td>\n<\/tr>\n<\/table>\n<table width=\"100%\" cellpadding=\"0\" cellspacing=\"0\">\n<tr>\n<td style=\"padding: 0 30px 15px\">\n<p style=\"font-size:13px;color:#534438;line-height:20px;margin:10px 0\"><!--START MERCHANT:merchant name LateRooms.com from affiliatewindow.com.--><a href=\"https:\/\/www.awin1.com\/cread.php?s=306764&#038;v=3615&#038;q=144590&#038;r=140544\"><img decoding=\"async\" src=\"https:\/\/www.awin1.com\/cshow.php?s=306764&#038;v=3615&#038;q=144590&#038;r=140544\" \n                        border=\"0\"><\/a><!--END MERCHANT:merchant name LateRooms.com from affiliatewindow.com--><\/p>\n<\/td>\n<\/tr>\n<\/table>\n<table width=\"100%\" cellpadding=\"0\" cellspacing=\"0\" id=\"day_1527289200\" style=\"margin-top: 10px;\">\n<tr height=\"34\" style=\"background-color:#c20162;color:#fff\">\n<td style=\"padding: 0; line-height: 1; height: 34px; overflow: hidden;\">\n<p style=\"width:630px;padding-left:30px;margin: 0; height: 34px; overflow: hidden; line-height: 34px;\"><a name=\"day_1527289200\"><\/a><strong>Saturday  <\/strong> 26 May\t\t\t\t\t\t<\/p>\n<\/td>\n<td>\n<p style=\"margin:0;line-height:34px;padding:0;font-size:13px;\"><a href=\"#dff_top\" style=\"color:#fff;text-decoration:none\">back to top<\/a><\/p>\n<\/td>\n<td>\n<p style=\"margin:0;padding:0;font-size:13px;\"><a href=\"#dff_top\" style=\"color:#fff;text-decoration:none\"><img loading=\"lazy\" decoding=\"async\" src=\"http:\/\/dublineventguide.com\/dff\/admin\/images\/dividers\/date_toplink.png\" width=\"38\" height=\"34\" alt=\"Back to top\" \/><\/a><\/p>\n<\/td>\n<td width=\"50\">\n<\/td>\n<\/tr>\n<\/table>\n<table width=\"100%\" cellpadding=\"0\" cellspacing=\"0\">\n<tr>\n<td style=\"padding:10px 30px\">\n<table width=\"100%\" cellpadding=\"0\" cellspacing=\"0\">\n<tr>\n<td width=\"52\" valign=\"top\"><img loading=\"lazy\" decoding=\"async\" src=\"http:\/\/dublineventguide.com\/dff\/admin\/images\/categories\/MARKETS.png\" width=\"32\" height=\"32\" \/><\/td>\n<td>\n<h2 style=\"font-size:16px;color:#534438;margin:0 0 5px;font-weight:normal\">Car Boot Sales &#8211; Tallaght<\/h2>\n<h3 style=\"font-size:13px;margin:0;padding:0;line-height:16px;color:#534438;\"><img loading=\"lazy\" decoding=\"async\" src=\"http:\/\/dublineventguide.com\/dff\/admin\/images\/weekly.png\" width=\"69\" height=\"16\" style=\"display:inline;float:left;\" \/> 08:00 &#8211; 12:00, Sat 26 May<\/h3>\n<p style=\"font-size:13px;color:#534438;line-height:20px;margin:0;padding-top:0;\">Tallaght Stadium, Whitestown Way, Tallaght, Co. Dublin<\/p>\n<table width=\"100%\" cellspacing=\"0\" cellpadding=\"0\">\n<tr>\n<td valign=\"top\">\n<div style=\"font-size:13px;color:#534438;line-height:20px;\">\n<p style=\"margin:10px 0;\">A weekly car boot sale, one of less than a handful that is still reliably taking place, has up to 200 cars\/sellers. The stadium is just a few minutes walk from the Red LUAS line stop and numerous bus stops. For traders the Car Boot Sale opens at 06:30 for buyers from 08:00. If you are interested in selling, check the details and register on their website.<\/a><\/div>\n<div style=\"font-size:13px;color:#534438;line-height:20px;\"><\/div>\n<p style=\"font-size:13px;color:#534438;line-height:20px;\"><a style=\"color:#cc2979;text-decoration:none\" href=\"http:\/\/www.irishcarboot.ie\/\">http:\/\/www.irishcarboot.ie\/<\/a><\/p>\n<\/td>\n<td valign=\"top\"><\/td>\n<\/tr>\n<\/table>\n<\/td>\n<\/tr>\n<\/table>\n<\/td>\n<\/tr>\n<\/table>\n<table width=\"100%\" cellpadding=\"0\" cellspacing=\"0\">\n<tr>\n<td style=\"padding:10px 30px\">\n<table width=\"100%\" cellpadding=\"0\" cellspacing=\"0\">\n<tr>\n<td width=\"52\" valign=\"top\"><img loading=\"lazy\" decoding=\"async\" src=\"http:\/\/dublineventguide.com\/dff\/admin\/images\/categories\/ACTIVITY.png\" width=\"32\" height=\"32\" \/><\/td>\n<td>\n<h2 style=\"font-size:16px;color:#534438;margin:0 0 5px;font-weight:normal\">Battle for the Bay 2018<\/h2>\n<h3 style=\"font-size:13px;margin:0;padding:0;line-height:16px;color:#534438;\">09:30 &#8211; 17:00, Sat 26 May<\/h3>\n<p style=\"font-size:13px;color:#534438;line-height:20px;margin:0;padding-top:0;\">Dollymount Strand, Clontarf, Dublin 3<\/p>\n<table width=\"100%\" cellspacing=\"0\" cellpadding=\"0\">\n<tr>\n<td valign=\"top\">\n<div style=\"font-size:13px;color:#534438;line-height:20px;\">\n<p style=\"margin:10px 0;\">Battle for the Bay, Dublin&#8217;s yearly watersport event, is back this weekend on Saturday and Sunday.<\/a><\/p>\n<p style=\"margin:10px 0;\">The best kite surfers from Ireland and the world will show their skills and Stand Up Paddle board races will take place. And on land, there will be live music all day from DJs and bands, a beach market (with vintage clothes, vinyl records, Arts &#038; Crafts, jewellery) a Farmers Market Food Village, Kids Zone with fairground rides, Beach Volleyball and a Biodiversity Village where you can explore the wildlife of Dublin Bay. And at a Global City Balance Challenge you can balance on a slackline for 10 seconds. This global challenge will pit city against city to see which one gather the highest number of people who can manage 10 seconds on the slackline without falling off. <\/a><\/p>\n<p style=\"margin:10px 0;\">On Saturday at 16:00 a Stand Up Paddle board world record of the Most SUP on the ferry wave will take place. <\/a><\/p>\n<p style=\"margin:10px 0;\">Don&#8217;t forget the sun tan lotion!<\/a><\/p>\n<p>Admission is free. You will find the event schedule via the links on this page: <a href=\"http:\/\/www.battleforthebay.com\/#whats-on\" style=\"color:#cc2979;text-decoration:none;\">http:\/\/www.battleforthebay.com\/#whats-on<\/a>  <\/p>\n<\/div>\n<div style=\"font-size:13px;color:#534438;line-height:20px;\"><\/div>\n<p style=\"font-size:13px;color:#534438;line-height:20px;\"><a style=\"color:#cc2979;text-decoration:none\" href=\"https:\/\/www.facebook.com\/events\/1007054972775813\/\">https:\/\/www.facebook.com\/events\/1007054972775813\/<\/a><\/p>\n<\/td>\n<td valign=\"top\"><\/td>\n<\/tr>\n<\/table>\n<\/td>\n<\/tr>\n<\/table>\n<\/td>\n<\/tr>\n<\/table>\n<table width=\"100%\" cellpadding=\"0\" cellspacing=\"0\">\n<tr>\n<td style=\"padding:10px 30px\">\n<table width=\"100%\" cellpadding=\"0\" cellspacing=\"0\">\n<tr>\n<td width=\"52\" valign=\"top\"><img loading=\"lazy\" decoding=\"async\" src=\"http:\/\/dublineventguide.com\/dff\/admin\/images\/categories\/MARKETS.png\" width=\"32\" height=\"32\" \/><\/td>\n<td>\n<h2 style=\"font-size:16px;color:#534438;margin:0 0 5px;font-weight:normal\">Honest2Goodness Food Market<\/h2>\n<h3 style=\"font-size:13px;margin:0;padding:0;line-height:16px;color:#534438;\"><img loading=\"lazy\" decoding=\"async\" src=\"http:\/\/dublineventguide.com\/dff\/admin\/images\/weekly.png\" width=\"69\" height=\"16\" style=\"display:inline;float:left;\" \/> 09:30 &#8211; 16:00, Sat 26 May<\/h3>\n<p style=\"font-size:13px;color:#534438;line-height:20px;margin:0;padding-top:0;\">Honest2goodness, 136 Slaney Close, Dublin Industrial Estate, Glasnevin, Dublin 11<\/p>\n<table width=\"100%\" cellspacing=\"0\" cellpadding=\"0\">\n<tr>\n<td valign=\"top\">\n<div style=\"font-size:13px;color:#534438;line-height:20px;\">\n<p style=\"margin:10px 0;\">The weekly Honest2goodness food market in Glasnevin has fresh meat, vegetables, fish, baked goods, and wines. It is open from 09:30-16:00. It is behind Lidl in the Industrial Estate just after the Glasnevin Cemetary coming from the City Centre.<\/a><\/div>\n<div style=\"font-size:13px;color:#534438;line-height:20px;\"><\/div>\n<p style=\"font-size:13px;color:#534438;line-height:20px;\"><a style=\"color:#cc2979;text-decoration:none\" href=\"http:\/\/www.honest2goodness.ie\">http:\/\/www.honest2goodness.ie<\/a><\/p>\n<\/td>\n<td valign=\"top\"><\/td>\n<\/tr>\n<\/table>\n<\/td>\n<\/tr>\n<\/table>\n<\/td>\n<\/tr>\n<\/table>\n<table width=\"100%\" cellpadding=\"0\" cellspacing=\"0\">\n<tr>\n<td style=\"padding:10px 30px\">\n<table width=\"100%\" cellpadding=\"0\" cellspacing=\"0\">\n<tr>\n<td width=\"52\" valign=\"top\"><img loading=\"lazy\" decoding=\"async\" src=\"http:\/\/dublineventguide.com\/dff\/admin\/images\/categories\/ACTIVITY.png\" width=\"32\" height=\"32\" \/><\/td>\n<td>\n<h2 style=\"font-size:16px;color:#534438;margin:0 0 5px;font-weight:normal\">Park Runs: Malahide, Cabinteely, Shanganah, Marlay, Raheny<\/h2>\n<h3 style=\"font-size:13px;margin:0;padding:0;line-height:16px;color:#534438;\"><img loading=\"lazy\" decoding=\"async\" src=\"http:\/\/dublineventguide.com\/dff\/admin\/images\/weekly.png\" width=\"69\" height=\"16\" style=\"display:inline;float:left;\" \/> 09:30 &#8211; 13:00, Sat 26 May<\/h3>\n<p style=\"font-size:13px;color:#534438;line-height:20px;margin:0;padding-top:0;\">Malahide Park, Dublin Road, Malahide, Co. Dublin<\/p>\n<table width=\"100%\" cellspacing=\"0\" cellpadding=\"0\">\n<tr>\n<td valign=\"top\">\n<div style=\"font-size:13px;color:#534438;line-height:20px;\">\n<p style=\"margin:10px 0;\">Parkrun Ireland is organising free weekly runs in parks. It is a timed run over 5km and participation is completely free, but registration before your first parkrun is required.<\/a><\/p>\n<p>A whole range of Parkruns take place every week (and if you know some more, please tell me): <br \/>+ Malahide Park, Dublin Road, Malahide, Co. Dublin<br \/>+ Cabinteely Park, Old Bray Road, Cabinteely, Dublin 18<br \/>+ Shanganagh Park, Shankill, Co. Dublin<br \/>+ Marlay Park, Grange Road, Rathfarnham, Dublin, Co. Dublin<br \/>+ St. Anne&#8217;s Park, Raheny, Dublin 5<br \/>+ Father Collins Park, Donaghmeade\/Clongriffin, Dublin 13<br \/>+ Tymon Park, Tallaght, Dublin 24<br \/>+ Bushy Park, Terenure, Dublin 6<br \/>+ Corcagh Park, Clondalkin, Dublin 22<br \/>+ Tolka Valley Park, Finglas South, Dublin 11<br \/>+ Porterstown Park, Castleknock, Dublin 15<\/p>\n<\/div>\n<div style=\"font-size:13px;color:#534438;line-height:20px;\"><\/div>\n<p style=\"font-size:13px;color:#534438;line-height:20px;\"><a style=\"color:#cc2979;text-decoration:none\" href=\"http:\/\/www.parkrun.ie\/\">http:\/\/www.parkrun.ie\/<\/a><\/p>\n<\/td>\n<td valign=\"top\"><\/td>\n<\/tr>\n<\/table>\n<\/td>\n<\/tr>\n<\/table>\n<\/td>\n<\/tr>\n<\/table>\n<table width=\"100%\" cellpadding=\"0\" cellspacing=\"0\">\n<tr>\n<td style=\"padding:10px 30px\">\n<table width=\"100%\" cellpadding=\"0\" cellspacing=\"0\">\n<tr>\n<td width=\"52\" valign=\"top\"><img loading=\"lazy\" decoding=\"async\" src=\"http:\/\/dublineventguide.com\/dff\/admin\/images\/categories\/MARKETS.png\" width=\"32\" height=\"32\" \/><\/td>\n<td>\n<h2 style=\"font-size:16px;color:#534438;margin:0 0 5px;font-weight:normal\">SuperNatural Food Market<\/h2>\n<h3 style=\"font-size:13px;margin:0;padding:0;line-height:16px;color:#534438;\"><img loading=\"lazy\" decoding=\"async\" src=\"http:\/\/dublineventguide.com\/dff\/admin\/images\/weekly.png\" width=\"69\" height=\"16\" style=\"display:inline;float:left;\" \/> 09:30 &#8211; 15:30, Sat 26 May<\/h3>\n<p style=\"font-size:13px;color:#534438;line-height:20px;margin:0;padding-top:0;\">St. Andrews Resource Centre, 114 Pearse Street, Dublin 2<\/p>\n<table width=\"100%\" cellspacing=\"0\" cellpadding=\"0\">\n<tr>\n<td valign=\"top\">\n<div style=\"font-size:13px;color:#534438;line-height:20px;\">\n<p style=\"margin:10px 0;\">The SuperNatural Food Market is taking place every Saturday from 09:30-15:30 in St. Andrews Resource Centre in Pearse Street, Dublin 2.<\/a><\/div>\n<div style=\"font-size:13px;color:#534438;line-height:20px;\"><\/div>\n<p style=\"font-size:13px;color:#534438;line-height:20px;\"><a style=\"color:#cc2979;text-decoration:none\" href=\"http:\/\/www.supernatural.ie\">http:\/\/www.supernatural.ie<\/a><\/p>\n<\/td>\n<td valign=\"top\"><\/td>\n<\/tr>\n<\/table>\n<\/td>\n<\/tr>\n<\/table>\n<\/td>\n<\/tr>\n<\/table>\n<table width=\"100%\" cellpadding=\"0\" cellspacing=\"0\">\n<tr>\n<td style=\"padding:10px 30px\">\n<table width=\"100%\" cellpadding=\"0\" cellspacing=\"0\">\n<tr>\n<td width=\"52\" valign=\"top\"><img loading=\"lazy\" decoding=\"async\" src=\"http:\/\/dublineventguide.com\/dff\/admin\/images\/categories\/MARKETS.png\" width=\"32\" height=\"32\" \/><\/td>\n<td>\n<h2 style=\"font-size:16px;color:#534438;margin:0 0 5px;font-weight:normal\">The Green Door Market<\/h2>\n<h3 style=\"font-size:13px;margin:0;padding:0;line-height:16px;color:#534438;\"><img loading=\"lazy\" decoding=\"async\" src=\"http:\/\/dublineventguide.com\/dff\/admin\/images\/weekly.png\" width=\"69\" height=\"16\" style=\"display:inline;float:left;\" \/> 09:30 &#8211; 16:00, Sat 26 May<\/h3>\n<p style=\"font-size:13px;color:#534438;line-height:20px;margin:0;padding-top:0;\">18 Newmarket, Dublin 8<\/p>\n<table width=\"100%\" cellspacing=\"0\" cellpadding=\"0\">\n<tr>\n<td valign=\"top\">\n<div style=\"font-size:13px;color:#534438;line-height:20px;\">\n<p style=\"margin:10px 0;\">The Green Door Market is a new indoor food\/Farmer&#8217;s Market that takes place just a few doors down from the Dublin Food Co-op at Newmarket in Dublin 8. Admission is free.<\/a><\/p>\n<p style=\"margin:10px 0;\">Opening hours are Thu-Fri 12:00-19:00 and Sat 09:30-16:00.<\/a><\/div>\n<div style=\"font-size:13px;color:#534438;line-height:20px;\"><\/div>\n<p style=\"font-size:13px;color:#534438;line-height:20px;\"><a style=\"color:#cc2979;text-decoration:none\" href=\"https:\/\/www.facebook.com\/thegreendoordublin\">https:\/\/www.facebook.com\/thegreendoordublin<\/a><\/p>\n<\/td>\n<td valign=\"top\"><\/td>\n<\/tr>\n<\/table>\n<\/td>\n<\/tr>\n<\/table>\n<\/td>\n<\/tr>\n<\/table>\n<table width=\"100%\" cellpadding=\"0\" cellspacing=\"0\">\n<tr>\n<td style=\"padding:10px 30px\">\n<table width=\"100%\" cellpadding=\"0\" cellspacing=\"0\">\n<tr>\n<td width=\"52\" valign=\"top\"><img loading=\"lazy\" decoding=\"async\" src=\"http:\/\/dublineventguide.com\/dff\/admin\/images\/categories\/MARKETS.png\" width=\"32\" height=\"32\" \/><\/td>\n<td>\n<h2 style=\"font-size:16px;color:#534438;margin:0 0 5px;font-weight:normal\">Belgard Weekend Market<\/h2>\n<h3 style=\"font-size:13px;margin:0;padding:0;line-height:16px;color:#534438;\"><img loading=\"lazy\" decoding=\"async\" src=\"http:\/\/dublineventguide.com\/dff\/admin\/images\/weekly.png\" width=\"69\" height=\"16\" style=\"display:inline;float:left;\" \/> 10:00 &#8211; 17:00, Sat 26 May<\/h3>\n<p style=\"font-size:13px;color:#534438;line-height:20px;margin:0;padding-top:0;\">Belgard Road, Dublin 24<\/p>\n<table width=\"100%\" cellspacing=\"0\" cellpadding=\"0\">\n<tr>\n<td valign=\"top\">\n<div style=\"font-size:13px;color:#534438;line-height:20px;\">\n<p style=\"margin:10px 0;\">The Belgard Weekend Market is an indoor market with stalls with handcraft (incl. designer jewellery, aran jumpers and wool, christening robes and shawls, cards and cross stitch), household items, bric and brac, furniture, flowers, make-up, clothes, shoes, showers, upholstery, toys, kitchens, cafe, army memorabilia, collectors items, sweets, handbags books, blinds, party shop, tools and more. <\/a><\/p>\n<p style=\"margin:10px 0;\">It is open every Saturday and Sunday and is located in the Glen Abbey complex (opposite Jacobs) on Belgard Road.<\/a><\/div>\n<div style=\"font-size:13px;color:#534438;line-height:20px;\"><\/div>\n<p style=\"font-size:13px;color:#534438;line-height:20px;\"><a style=\"color:#cc2979;text-decoration:none\" href=\"https:\/\/www.facebook.com\/belgardmarket\">https:\/\/www.facebook.com\/belgardmarket<\/a><\/p>\n<\/td>\n<td valign=\"top\"><\/td>\n<\/tr>\n<\/table>\n<\/td>\n<\/tr>\n<\/table>\n<\/td>\n<\/tr>\n<\/table>\n<table width=\"100%\" cellpadding=\"0\" cellspacing=\"0\">\n<tr>\n<td style=\"padding:10px 30px\">\n<table width=\"100%\" cellpadding=\"0\" cellspacing=\"0\">\n<tr>\n<td width=\"52\" valign=\"top\"><img loading=\"lazy\" decoding=\"async\" src=\"http:\/\/dublineventguide.com\/dff\/admin\/images\/categories\/ACTIVITY.png\" width=\"32\" height=\"32\" \/><\/td>\n<td>\n<h2 style=\"font-size:16px;color:#534438;margin:0 0 5px;font-weight:normal\">Coderdojo Coolest Projects International<\/h2>\n<h3 style=\"font-size:13px;margin:0;padding:0;line-height:16px;color:#534438;\">10:00 &#8211; 18:00, Sat 26 May<\/h3>\n<p style=\"font-size:13px;color:#534438;line-height:20px;margin:0;padding-top:0;\">RDS, Simmonscourt Complex, Simmonscourt Road, Ballsbridge, Dublin 4<\/p>\n<table width=\"100%\" cellspacing=\"0\" cellpadding=\"0\">\n<tr>\n<td valign=\"top\">\n<div style=\"font-size:13px;color:#534438;line-height:20px;\">\n<p style=\"margin:10px 0;\">Over 1000 young people from 15 countries will come together in the RDS to demonstrate their apps, websites, games and hardware projects. There will be a number of talks and opportunities to try out the newest tech innovations.<\/a><\/p>\n<p style=\"margin:10px 0;\">Admission is free for everybody under 18. (The rest of us have to pay 15 Euro at the door.)<\/a><\/div>\n<div style=\"font-size:13px;color:#534438;line-height:20px;\"><\/div>\n<p style=\"font-size:13px;color:#534438;line-height:20px;\"><a style=\"color:#cc2979;text-decoration:none\" href=\"https:\/\/www.universe.com\/events\/coolest-projects-international-2018-tickets-JVCBH7\">https:\/\/www.universe.com\/events\/coolest-projects-international-2018-tickets-JVCBH7<\/a><\/p>\n<\/td>\n<td valign=\"top\"><\/td>\n<\/tr>\n<\/table>\n<\/td>\n<\/tr>\n<\/table>\n<\/td>\n<\/tr>\n<\/table>\n<table width=\"100%\" cellpadding=\"0\" cellspacing=\"0\">\n<tr>\n<td style=\"padding:10px 30px\">\n<table width=\"100%\" cellpadding=\"0\" cellspacing=\"0\">\n<tr>\n<td width=\"52\" valign=\"top\"><img loading=\"lazy\" decoding=\"async\" src=\"http:\/\/dublineventguide.com\/dff\/admin\/images\/categories\/MARKETS.png\" width=\"32\" height=\"32\" \/><\/td>\n<td>\n<h2 style=\"font-size:16px;color:#534438;margin:0 0 5px;font-weight:normal\">Jamestown Market<\/h2>\n<h3 style=\"font-size:13px;margin:0;padding:0;line-height:16px;color:#534438;\"><img loading=\"lazy\" decoding=\"async\" src=\"http:\/\/dublineventguide.com\/dff\/admin\/images\/weekly.png\" width=\"69\" height=\"16\" style=\"display:inline;float:left;\" \/> 10:00 &#8211; 17:00, Sat 26 May<\/h3>\n<p style=\"font-size:13px;color:#534438;line-height:20px;margin:0;padding-top:0;\">Jamestown Market, 90 Jamestown Road, Inchicore, Dublin 8<\/p>\n<table width=\"100%\" cellspacing=\"0\" cellpadding=\"0\">\n<tr>\n<td valign=\"top\">\n<div style=\"font-size:13px;color:#534438;line-height:20px;\">\n<p style=\"margin:10px 0;\">Jamestown Flea Market + Car Boot Sale takes place every Sat+Sun from 10:00-17:00. You can reach it from Tyrconnell Road and from Kylemore Road and it is within 3 min from Black Horse stop on the red Luas line. There is free parking.<\/a><\/div>\n<div style=\"font-size:13px;color:#534438;line-height:20px;\"><\/div>\n<p style=\"font-size:13px;color:#534438;line-height:20px;\"><a style=\"color:#cc2979;text-decoration:none\" href=\"http:\/\/www.jamestownmarket.com\/\">http:\/\/www.jamestownmarket.com\/<\/a><\/p>\n<\/td>\n<td valign=\"top\"><\/td>\n<\/tr>\n<\/table>\n<\/td>\n<\/tr>\n<\/table>\n<\/td>\n<\/tr>\n<\/table>\n<table width=\"100%\" cellpadding=\"0\" cellspacing=\"0\">\n<tr>\n<td style=\"padding:10px 30px\">\n<table width=\"100%\" cellpadding=\"0\" cellspacing=\"0\">\n<tr>\n<td width=\"52\" valign=\"top\"><img loading=\"lazy\" decoding=\"async\" src=\"http:\/\/dublineventguide.com\/dff\/admin\/images\/categories\/MARKETS.png\" width=\"32\" height=\"32\" \/><\/td>\n<td>\n<h2 style=\"font-size:16px;color:#534438;margin:0 0 5px;font-weight:normal\">Marlay Park Market<\/h2>\n<h3 style=\"font-size:13px;margin:0;padding:0;line-height:16px;color:#534438;\"><img loading=\"lazy\" decoding=\"async\" src=\"http:\/\/dublineventguide.com\/dff\/admin\/images\/weekly.png\" width=\"69\" height=\"16\" style=\"display:inline;float:left;\" \/> 10:00 &#8211; 16:00, Sat 26 May<\/h3>\n<p style=\"font-size:13px;color:#534438;line-height:20px;margin:0;padding-top:0;\">Marlay Park, Rathfarnham, Dublin 16<\/p>\n<table width=\"100%\" cellspacing=\"0\" cellpadding=\"0\">\n<tr>\n<td valign=\"top\">\n<div style=\"font-size:13px;color:#534438;line-height:20px;\">\n<p style=\"margin:10px 0;\">The County Council Market (CoCo) in Marlay Park is taking place every Saturday and Sunday. You will find a wide range of products. There will be food to eat there and food to cook at home but also crafts and arts and books and lots more.<\/a><\/div>\n<div style=\"font-size:13px;color:#534438;line-height:20px;\"><\/div>\n<p style=\"font-size:13px;color:#534438;line-height:20px;\"><a style=\"color:#cc2979;text-decoration:none\" href=\"http:\/\/www.dlrcoco.ie\/en\/parks-outdoors\/markets\">http:\/\/www.dlrcoco.ie\/en\/parks-outdoors\/markets<\/a><\/p>\n<\/td>\n<td valign=\"top\"><\/td>\n<\/tr>\n<\/table>\n<\/td>\n<\/tr>\n<\/table>\n<\/td>\n<\/tr>\n<\/table>\n<table width=\"100%\" cellpadding=\"0\" cellspacing=\"0\">\n<tr>\n<td style=\"padding:10px 30px\">\n<table width=\"100%\" cellpadding=\"0\" cellspacing=\"0\">\n<tr>\n<td width=\"52\" valign=\"top\"><img loading=\"lazy\" decoding=\"async\" src=\"http:\/\/dublineventguide.com\/dff\/admin\/images\/categories\/MARKETS.png\" width=\"32\" height=\"32\" \/><\/td>\n<td>\n<h2 style=\"font-size:16px;color:#534438;margin:0 0 5px;font-weight:normal\">Temple Bar Markets<\/h2>\n<h3 style=\"font-size:13px;margin:0;padding:0;line-height:16px;color:#534438;\"><img loading=\"lazy\" decoding=\"async\" src=\"http:\/\/dublineventguide.com\/dff\/admin\/images\/weekly.png\" width=\"69\" height=\"16\" style=\"display:inline;float:left;\" \/> 10:00 &#8211; 16:30, Sat 26 May<\/h3>\n<p style=\"font-size:13px;color:#534438;line-height:20px;margin:0;padding-top:0;\">Meeting House Square, Temple Bar, Dublin 2<\/p>\n<table width=\"100%\" cellspacing=\"0\" cellpadding=\"0\">\n<tr>\n<td valign=\"top\">\n<div style=\"font-size:13px;color:#534438;line-height:20px;\">\n<p style=\"margin:10px 0;\">The Temple Bar Markets (Food Market on Meeting House Square, Book Market on Temple Bar Square and the Designer Mart near Cow&#8217;s Lane) are taking place every Saturday from 10:00-16:30.<\/a><\/div>\n<div style=\"font-size:13px;color:#534438;line-height:20px;\"><\/div>\n<p style=\"font-size:13px;color:#534438;line-height:20px;\"><a style=\"color:#cc2979;text-decoration:none\" href=\"http:\/\/www.templebar.ie\">http:\/\/www.templebar.ie<\/a><\/p>\n<\/td>\n<td valign=\"top\"><\/td>\n<\/tr>\n<\/table>\n<\/td>\n<\/tr>\n<\/table>\n<\/td>\n<\/tr>\n<\/table>\n<table width=\"100%\" cellpadding=\"0\" cellspacing=\"0\">\n<tr>\n<td style=\"padding:10px 30px\">\n<table width=\"100%\" cellpadding=\"0\" cellspacing=\"0\">\n<tr>\n<td width=\"52\" valign=\"top\"><img loading=\"lazy\" decoding=\"async\" src=\"http:\/\/dublineventguide.com\/dff\/admin\/images\/categories\/MARKETS.png\" width=\"32\" height=\"32\" \/><\/td>\n<td>\n<h2 style=\"font-size:16px;color:#534438;margin:0 0 5px;font-weight:normal\">Terenure Bushy Park Market<\/h2>\n<h3 style=\"font-size:13px;margin:0;padding:0;line-height:16px;color:#534438;\"><img loading=\"lazy\" decoding=\"async\" src=\"http:\/\/dublineventguide.com\/dff\/admin\/images\/weekly.png\" width=\"69\" height=\"16\" style=\"display:inline;float:left;\" \/> 10:00 &#8211; 16:00, Sat 26 May<\/h3>\n<p style=\"font-size:13px;color:#534438;line-height:20px;margin:0;padding-top:0;\">Bushy Park, Tempelogue Road, Terenure, Dublin 6W<\/p>\n<table width=\"100%\" cellspacing=\"0\" cellpadding=\"0\">\n<tr>\n<td valign=\"top\">\n<div style=\"font-size:13px;color:#534438;line-height:20px;\">\n<p style=\"margin:10px 0;\">The Terenure Bushy Park Market is taking place every weekk. The market has more than 30 stalls, offering a whole variety of foods and crafts.<\/a><\/p>\n<p style=\"margin:10px 0;\">Admission is free.<\/a><\/div>\n<div style=\"font-size:13px;color:#534438;line-height:20px;\"><\/div>\n<p style=\"font-size:13px;color:#534438;line-height:20px;\"><a style=\"color:#cc2979;text-decoration:none\" href=\"https:\/\/www.facebook.com\/bushyparkmarket\">https:\/\/www.facebook.com\/bushyparkmarket<\/a><\/p>\n<\/td>\n<td valign=\"top\"><\/td>\n<\/tr>\n<\/table>\n<\/td>\n<\/tr>\n<\/table>\n<\/td>\n<\/tr>\n<\/table>\n<table width=\"100%\" cellpadding=\"0\" cellspacing=\"0\">\n<tr>\n<td style=\"padding:10px 30px\">\n<table width=\"100%\" cellpadding=\"0\" cellspacing=\"0\">\n<tr>\n<td width=\"52\" valign=\"top\"><img loading=\"lazy\" decoding=\"async\" src=\"http:\/\/dublineventguide.com\/dff\/admin\/images\/categories\/ACTIVITY.png\" width=\"32\" height=\"32\" \/><\/td>\n<td>\n<h2 style=\"font-size:16px;color:#534438;margin:0 0 5px;font-weight:normal\">The Story of the Capital &#8211; Exhibition in Dublin City Hall<\/h2>\n<h3 style=\"font-size:13px;margin:0;padding:0;line-height:16px;color:#534438;\"><img loading=\"lazy\" decoding=\"async\" src=\"http:\/\/dublineventguide.com\/dff\/admin\/images\/weekly.png\" width=\"69\" height=\"16\" style=\"display:inline;float:left;\" \/> 10:00 &#8211; 17:15, Sat 26 May<\/h3>\n<p style=\"font-size:13px;color:#534438;line-height:20px;margin:0;padding-top:0;\">City Hall, Dame Street, Dublin 2<\/p>\n<table width=\"100%\" cellspacing=\"0\" cellpadding=\"0\">\n<tr>\n<td valign=\"top\">\n<div style=\"font-size:13px;color:#534438;line-height:20px;\">\n<p style=\"margin:10px 0;\">Dublin City Hall has a museum\/exhibition in the basement, called &#8220;The Story of the Capital&#8221;, it is an exhibition that you should definitely check out at some stage.<\/a><\/p>\n<p style=\"margin:10px 0;\">To celebrate the Easter Rising Anniversary, admission to that exhibititon was free in 2016, but lucky for us, Dublin City decided to also waive the admission charge for 2018.<\/a><\/p>\n<p style=\"margin:10px 0;\">Opening hours are Monday-Saturday 10:00-17:15.<\/a><\/div>\n<div style=\"font-size:13px;color:#534438;line-height:20px;\"><\/div>\n<p style=\"font-size:13px;color:#534438;line-height:20px;\"><a style=\"color:#cc2979;text-decoration:none\" href=\"http:\/\/www.dublincity.ie\/main-menu-services-recreation-culture-cityhall\/exhibition\">http:\/\/www.dublincity.ie\/main-menu-services-recreation-culture-cityhall\/exhibition<\/a><\/p>\n<\/td>\n<td valign=\"top\"><\/td>\n<\/tr>\n<\/table>\n<\/td>\n<\/tr>\n<\/table>\n<\/td>\n<\/tr>\n<\/table>\n<table width=\"100%\" cellpadding=\"0\" cellspacing=\"0\">\n<tr>\n<td style=\"padding:10px 30px\">\n<table width=\"100%\" cellpadding=\"0\" cellspacing=\"0\">\n<tr>\n<td width=\"52\" valign=\"top\"><img loading=\"lazy\" decoding=\"async\" src=\"http:\/\/dublineventguide.com\/dff\/admin\/images\/categories\/ACTIVITY.png\" width=\"32\" height=\"32\" \/><\/td>\n<td>\n<h2 style=\"font-size:16px;color:#534438;margin:0 0 5px;font-weight:normal\">\u00c1ras an Uachtar\u00e1in &#8211; Tour<\/h2>\n<h3 style=\"font-size:13px;margin:0;padding:0;line-height:16px;color:#534438;\"><img loading=\"lazy\" decoding=\"async\" src=\"http:\/\/dublineventguide.com\/dff\/admin\/images\/weekly.png\" width=\"69\" height=\"16\" style=\"display:inline;float:left;\" \/> 10:15, Sat 26 May<\/h3>\n<p style=\"font-size:13px;color:#534438;line-height:20px;margin:0;padding-top:0;\">Phoenix Park Visitor Centre, Phoenix Park, Dublin 8<\/p>\n<table width=\"100%\" cellspacing=\"0\" cellpadding=\"0\">\n<tr>\n<td valign=\"top\">\n<div style=\"font-size:13px;color:#534438;line-height:20px;\">\n<p style=\"margin:10px 0;\">\u00c1ras an Uachtar\u00e1in is the residence of the President of Ireland in the middle of Phoenix Park. It started as a modest brick house for the Phoenix Park Chief Ranger in 1751, was then turned into th \u2018occasional residence\u2019 for the Lords-Lieutenant and gradually evolved into a huge mansion. After Ireland gained independence it was turned after 1937 into the residence of the Irish president.<\/a><\/p>\n<p style=\"margin:10px 0;\">Every Saturday a number of public tours take place and admission is free. Tickets will be issued at the Phoenix Park Visitor Centre on the day, on a first come, first served basis. Group and\/or advance booking is not possible.<\/a><\/p>\n<p style=\"margin:10px 0;\">The tours will be at 10:15, 11:30, 12:45, 14:00 and 15:15 and take approx. 1 hour. <\/a><\/div>\n<div style=\"font-size:13px;color:#534438;line-height:20px;\"><\/div>\n<p style=\"font-size:13px;color:#534438;line-height:20px;\"><a style=\"color:#cc2979;text-decoration:none\" href=\"http:\/\/phoenixpark.ie\/tours\/\">http:\/\/phoenixpark.ie\/tours\/<\/a><\/p>\n<\/td>\n<td valign=\"top\"><\/td>\n<\/tr>\n<\/table>\n<\/td>\n<\/tr>\n<\/table>\n<\/td>\n<\/tr>\n<\/table>\n<table width=\"100%\" cellpadding=\"0\" cellspacing=\"0\">\n<tr>\n<td style=\"padding:10px 30px\">\n<table width=\"100%\" cellpadding=\"0\" cellspacing=\"0\">\n<tr>\n<td width=\"52\" valign=\"top\"><img loading=\"lazy\" decoding=\"async\" src=\"http:\/\/dublineventguide.com\/dff\/admin\/images\/categories\/MARKETS.png\" width=\"32\" height=\"32\" \/><\/td>\n<td>\n<h2 style=\"font-size:16px;color:#534438;margin:0 0 5px;font-weight:normal\">Art, Bites, Crafts &#8211; Drumcondra Market<\/h2>\n<h3 style=\"font-size:13px;margin:0;padding:0;line-height:16px;color:#534438;\"><img loading=\"lazy\" decoding=\"async\" src=\"http:\/\/dublineventguide.com\/dff\/admin\/images\/weekly.png\" width=\"69\" height=\"16\" style=\"display:inline;float:left;\" \/> 10:30 &#8211; 15:30, Sat 26 May<\/h3>\n<p style=\"font-size:13px;color:#534438;line-height:20px;margin:0;padding-top:0;\">Arts and Business Campus, 40 Drumcondra Road Lower<\/p>\n<table width=\"100%\" cellspacing=\"0\" cellpadding=\"0\">\n<tr>\n<td valign=\"top\">\n<div style=\"font-size:13px;color:#534438;line-height:20px;\">\n<p style=\"margin:10px 0;\">The Drumcondra Village Market is now the &#8220;Art, Bites, Crafts Drumcondra Market&#8221;. And as you guessed it, it is an arts and crafts fair in the centre of Drumcondra. :-) There will also be some food and music. <\/a><\/p>\n<p style=\"margin:10px 0;\">The market is open on Saturday and Sunday from 10:30-15:30.<\/a><\/p>\n<p style=\"margin:10px 0;\">Admission is free.<\/a><\/div>\n<div style=\"font-size:13px;color:#534438;line-height:20px;\"><\/div>\n<p style=\"font-size:13px;color:#534438;line-height:20px;\"><a style=\"color:#cc2979;text-decoration:none\" href=\"https:\/\/www.facebook.com\/abcdrumcondramarket\">https:\/\/www.facebook.com\/abcdrumcondramarket<\/a><\/p>\n<\/td>\n<td valign=\"top\"><\/td>\n<\/tr>\n<\/table>\n<\/td>\n<\/tr>\n<\/table>\n<\/td>\n<\/tr>\n<\/table>\n<table width=\"100%\" cellpadding=\"0\" cellspacing=\"0\">\n<tr>\n<td style=\"padding:10px 30px\">\n<table width=\"100%\" cellpadding=\"0\" cellspacing=\"0\">\n<tr>\n<td width=\"52\" valign=\"top\"><img loading=\"lazy\" decoding=\"async\" src=\"http:\/\/dublineventguide.com\/dff\/admin\/images\/categories\/ACTIVITY.png\" width=\"32\" height=\"32\" \/><\/td>\n<td>\n<h2 style=\"font-size:16px;color:#534438;margin:0 0 5px;font-weight:normal\">Biodiversity Week with the Herpetological Society &#8211; Drop-in<\/h2>\n<h3 style=\"font-size:13px;margin:0;padding:0;line-height:16px;color:#534438;\">11:00 &#8211; 13:00, Sat 26 May<\/h3>\n<p style=\"font-size:13px;color:#534438;line-height:20px;margin:0;padding-top:0;\">National Museum, Merrion Street (Natural History), Dublin 2<\/p>\n<table width=\"100%\" cellspacing=\"0\" cellpadding=\"0\">\n<tr>\n<td valign=\"top\">\n<div style=\"font-size:13px;color:#534438;line-height:20px;\">\n<p style=\"margin:10px 0;\">During this Biodiversity Week event with the Herpetological Society of Ireland, Rob Gandola and Collie Ennis will run a hands-on session to learn about biodiversity in Ireland including the secret lives of our native reptiles and amphibians.<\/a><\/p>\n<p style=\"margin:10px 0;\">Admission to this Drop-in Activity is free and the event is suitable for all ages. <\/a><\/div>\n<div style=\"font-size:13px;color:#534438;line-height:20px;\"><\/div>\n<p style=\"font-size:13px;color:#534438;line-height:20px;\"><a style=\"color:#cc2979;text-decoration:none\" href=\"https:\/\/www.museum.ie\/Visit-Us\/Events?id=3646\">https:\/\/www.museum.ie\/Visit-Us\/Events?id=3646<\/a><\/p>\n<\/td>\n<td valign=\"top\"><\/td>\n<\/tr>\n<\/table>\n<\/td>\n<\/tr>\n<\/table>\n<\/td>\n<\/tr>\n<\/table>\n<table width=\"100%\" cellpadding=\"0\" cellspacing=\"0\">\n<tr>\n<td style=\"padding:10px 30px\">\n<table width=\"100%\" cellpadding=\"0\" cellspacing=\"0\">\n<tr>\n<td width=\"52\" valign=\"top\"><img loading=\"lazy\" decoding=\"async\" src=\"http:\/\/dublineventguide.com\/dff\/admin\/images\/categories\/MARKETS.png\" width=\"32\" height=\"32\" \/><\/td>\n<td>\n<h2 style=\"font-size:16px;color:#534438;margin:0 0 5px;font-weight:normal\">Blackrock Market<\/h2>\n<h3 style=\"font-size:13px;margin:0;padding:0;line-height:16px;color:#534438;\"><img loading=\"lazy\" decoding=\"async\" src=\"http:\/\/dublineventguide.com\/dff\/admin\/images\/weekly.png\" width=\"69\" height=\"16\" style=\"display:inline;float:left;\" \/> 11:00 &#8211; 17:30, Sat 26 May<\/h3>\n<p style=\"font-size:13px;color:#534438;line-height:20px;margin:0;padding-top:0;\">Blackrock Market, 19 Main Street, Blackrock, Co. Dublin<\/p>\n<table width=\"100%\" cellspacing=\"0\" cellpadding=\"0\">\n<tr>\n<td valign=\"top\">\n<div style=\"font-size:13px;color:#534438;line-height:20px;\">\n<p>At the Blackrock Market in the centre of Blackrock, you&#8217;ll find 50 stalls selling collectibles, antiques, handmade goods, books, food &#038; there&#8217;s free popcorn, ballons &#038; facepainting for the kids. <br \/>Open on Saturdays and Bank Holidays: 11:00-17:30, and Sundays: 12:00-17:30.<\/p>\n<\/div>\n<div style=\"font-size:13px;color:#534438;line-height:20px;\"><\/div>\n<p style=\"font-size:13px;color:#534438;line-height:20px;\"><a style=\"color:#cc2979;text-decoration:none\" href=\"http:\/\/www.blackrockmarket.com\/\">http:\/\/www.blackrockmarket.com\/<\/a><\/p>\n<\/td>\n<td valign=\"top\"><\/td>\n<\/tr>\n<\/table>\n<\/td>\n<\/tr>\n<\/table>\n<\/td>\n<\/tr>\n<\/table>\n<table width=\"100%\" cellpadding=\"0\" cellspacing=\"0\">\n<tr>\n<td style=\"padding:10px 30px\">\n<table width=\"100%\" cellpadding=\"0\" cellspacing=\"0\">\n<tr>\n<td width=\"52\" valign=\"top\"><img loading=\"lazy\" decoding=\"async\" src=\"http:\/\/dublineventguide.com\/dff\/admin\/images\/categories\/ACTIVITY.png\" width=\"32\" height=\"32\" \/><\/td>\n<td>\n<h2 style=\"font-size:16px;color:#534438;margin:0 0 5px;font-weight:normal\">Calcutta Run<\/h2>\n<h3 style=\"font-size:13px;margin:0;padding:0;line-height:16px;color:#534438;\">11:00, Sat 26 May<\/h3>\n<p style=\"font-size:13px;color:#534438;line-height:20px;margin:0;padding-top:0;\">Law Society, Blackhall Place, Dublin 9<\/p>\n<table width=\"100%\" cellspacing=\"0\" cellpadding=\"0\">\n<tr>\n<td valign=\"top\">\n<div style=\"font-size:13px;color:#534438;line-height:20px;\">\n<p style=\"margin:10px 0;\">The yearly Calcutta Run takes place on Saturday. It is a 5 and 10km run from Blackhall Place to Phoenix Park and back. The run is a fundraiser by the members of the Law profession of Ireland. Participants are expected to raise funds, but after the run there is a Festival at the finish line in the grounds of the law society with BBQ and bar, live music, tennis, kids activities and family fun.<\/a><\/p>\n<p style=\"margin:10px 0;\">Admission to that event is free.<\/a><\/div>\n<div style=\"font-size:13px;color:#534438;line-height:20px;\"><\/div>\n<p style=\"font-size:13px;color:#534438;line-height:20px;\"><a style=\"color:#cc2979;text-decoration:none\" href=\"http:\/\/www.calcuttarun.com\/the-run\/\">http:\/\/www.calcuttarun.com\/the-run\/<\/a><\/p>\n<\/td>\n<td valign=\"top\"><\/td>\n<\/tr>\n<\/table>\n<\/td>\n<\/tr>\n<\/table>\n<\/td>\n<\/tr>\n<\/table>\n<table width=\"100%\" cellpadding=\"0\" cellspacing=\"0\">\n<tr>\n<td style=\"padding:10px 30px\">\n<table width=\"100%\" cellpadding=\"0\" cellspacing=\"0\">\n<tr>\n<td width=\"52\" valign=\"top\"><img loading=\"lazy\" decoding=\"async\" src=\"http:\/\/dublineventguide.com\/dff\/admin\/images\/categories\/ACTIVITY.png\" width=\"32\" height=\"32\" \/><\/td>\n<td>\n<h2 style=\"font-size:16px;color:#534438;margin:0 0 5px;font-weight:normal\">National Gallery Talks &#038; Tour<\/h2>\n<h3 style=\"font-size:13px;margin:0;padding:0;line-height:16px;color:#534438;\"><img loading=\"lazy\" decoding=\"async\" src=\"http:\/\/dublineventguide.com\/dff\/admin\/images\/weekly.png\" width=\"69\" height=\"16\" style=\"display:inline;float:left;\" \/> 11:30 &#8211; 16:50, Sat 26 May<\/h3>\n<p style=\"font-size:13px;color:#534438;line-height:20px;margin:0;padding-top:0;\">National Gallery, Merrion Square West, Dublin 2 <\/p>\n<table width=\"100%\" cellspacing=\"0\" cellpadding=\"0\">\n<tr>\n<td valign=\"top\">\n<div style=\"font-size:13px;color:#534438;line-height:20px;\">\n<p style=\"margin:10px 0;\">The National Gallery has an extensive programme of free talks, public tours and Art Documentary screenings every day of the week. Currently there is at least one free tour every day. Check their website for details. Some special events will be listed separately.<\/a><\/p>\n<p style=\"margin:10px 0;\">Admission to the gallery and to most events is free.<\/a><\/div>\n<div style=\"font-size:13px;color:#534438;line-height:20px;\"><\/div>\n<p style=\"font-size:13px;color:#534438;line-height:20px;\"><a style=\"color:#cc2979;text-decoration:none\" href=\"https:\/\/www.nationalgallery.ie\/whats-on\">https:\/\/www.nationalgallery.ie\/whats-on<\/a><\/p>\n<\/td>\n<td valign=\"top\"><\/td>\n<\/tr>\n<\/table>\n<\/td>\n<\/tr>\n<\/table>\n<\/td>\n<\/tr>\n<\/table>\n<table width=\"100%\" cellpadding=\"0\" cellspacing=\"0\">\n<tr>\n<td style=\"padding:10px 30px\">\n<table width=\"100%\" cellpadding=\"0\" cellspacing=\"0\">\n<tr>\n<td width=\"52\" valign=\"top\"><img loading=\"lazy\" decoding=\"async\" src=\"http:\/\/dublineventguide.com\/dff\/admin\/images\/categories\/ACTIVITY.png\" width=\"32\" height=\"32\" \/><\/td>\n<td>\n<h2 style=\"font-size:16px;color:#534438;margin:0 0 5px;font-weight:normal\">FAKE &#8211; Science Gallery Exhibition<\/h2>\n<h3 style=\"font-size:13px;margin:0;padding:0;line-height:16px;color:#534438;\">12:00 &#8211; 18:00, Sat 26 May<\/h3>\n<p style=\"font-size:13px;color:#534438;line-height:20px;margin:0;padding-top:0;\">Science Gallery, Pearse Street, TCD, Dublin 2<\/p>\n<table width=\"100%\" cellspacing=\"0\" cellpadding=\"0\">\n<tr>\n<td valign=\"top\">\n<div style=\"font-size:13px;color:#534438;line-height:20px;\">\n<p style=\"margin:10px 0;\">The current exhibition in the Science Gallery is called &#8220;FAKE&#8221; and it will run from 08 March until 03 June.<\/a><\/p>\n<p style=\"margin:10px 0;\">The exhibition is looking at everything Fake from fake meat and fake cheese to fake emotions. In both the natural world and human society, faking, mimicking and copying can be a reliable strategy for success, a fake may be just as valuable as the real thing. But what about replicating taste, emotions, chemical signatures, facts and trademarks? When is authenticity essential and when is copying cool?<\/a><\/p>\n<p style=\"margin:10px 0;\">Some of the most interesting exhibits are:<\/a><\/p>\n<p>+ synthHAsizer will let you record your own fake laugh and use sonic filters to remix it from fake to real.<br \/>+ Mississippi Swan: Daybew! will create fake music: A new album of songs every fifteen minutes or around 700 unique songs every day. You can trigger the creation of a unique album at any time.<br \/>+ Altered historic figures from the Daily Herald show the beginning of fake news <br \/>+ There is even a deli where you can buy fake food samples for EUR 2. For example they have fake cheese, fake meat or &#8220;Dubliner Red Cheddar&#8221; cheese that is neither manufactured in Dublin nor is it Red Cheddar, it is coloured white cheddar manufactured in Cork.<\/p>\n<p style=\"margin:10px 0;\">The website below lists all exhibits and provides some explanation so that you can either before or after your visit check further details.<\/a><\/p>\n<p style=\"margin:10px 0;\">All Science Gallery exhibitions are suitable for ALL ages, even younger children will be able to take part\/follow. Some of the exhibits need a bit more of an age-appropriate explanation for younger kids than others, but nearly everything can be simplified for kids.<\/a><\/p>\n<p style=\"margin:10px 0;\">I strongly suggest to use the help of the amazing mediators, who can explain everything you see, especially if you don&#8217;t want to read all the explanations that are next to every exhibit.<\/a><\/p>\n<p style=\"margin:10px 0;\">The Science Gallery has very visitor friendly opening hours of Tue-Fri 12:00-20:00 and Sat+Sun 12:00-18:00.<\/a><\/p>\n<p style=\"margin:10px 0;\">Admission is free.<\/a><\/div>\n<div style=\"font-size:13px;color:#534438;line-height:20px;\"><\/div>\n<p style=\"font-size:13px;color:#534438;line-height:20px;\"><a style=\"color:#cc2979;text-decoration:none\" href=\"https:\/\/dublin.sciencegallery.com\/fake\">https:\/\/dublin.sciencegallery.com\/fake<\/a><\/p>\n<\/td>\n<td valign=\"top\"><\/td>\n<\/tr>\n<\/table>\n<\/td>\n<\/tr>\n<\/table>\n<\/td>\n<\/tr>\n<\/table>\n<table width=\"100%\" cellpadding=\"0\" cellspacing=\"0\">\n<tr>\n<td style=\"padding:10px 30px\">\n<table width=\"100%\" cellpadding=\"0\" cellspacing=\"0\">\n<tr>\n<td width=\"52\" valign=\"top\"><img loading=\"lazy\" decoding=\"async\" src=\"http:\/\/dublineventguide.com\/dff\/admin\/images\/categories\/MARKETS.png\" width=\"32\" height=\"32\" \/><\/td>\n<td>\n<h2 style=\"font-size:16px;color:#534438;margin:0 0 5px;font-weight:normal\">Ha&#8217;penny Flea Market<\/h2>\n<h3 style=\"font-size:13px;margin:0;padding:0;line-height:16px;color:#534438;\"><img loading=\"lazy\" decoding=\"async\" src=\"http:\/\/dublineventguide.com\/dff\/admin\/images\/weekly.png\" width=\"69\" height=\"16\" style=\"display:inline;float:left;\" \/> 12:00 &#8211; 17:00, Sat 26 May<\/h3>\n<p style=\"font-size:13px;color:#534438;line-height:20px;margin:0;padding-top:0;\">Grand Social, 35 Lower Liffey Street (near Ha&#8217;Penny Bridge), Dublin 1<\/p>\n<table width=\"100%\" cellspacing=\"0\" cellpadding=\"0\">\n<tr>\n<td valign=\"top\">\n<div style=\"font-size:13px;color:#534438;line-height:20px;\">\n<p style=\"margin:10px 0;\">The weekly Ha&#8217;penny Flea Market is an indoor market in the Grand Social Pub, which offers vintage Men and Women&#8217;s clothing, contemporary crafts, books, DVDs, vinyl records, vintage and handmade jewellery, vintage hair styles, art, photography and much more. Grand Social&#8217;s Bar and Gourmet Coffee options are available.<\/a><\/div>\n<div style=\"font-size:13px;color:#534438;line-height:20px;\"><\/div>\n<p style=\"font-size:13px;color:#534438;line-height:20px;\"><a style=\"color:#cc2979;text-decoration:none\" href=\"http:\/\/www.thegrandsocial.ie\/\">http:\/\/www.thegrandsocial.ie\/<\/a><\/p>\n<\/td>\n<td valign=\"top\"><\/td>\n<\/tr>\n<\/table>\n<\/td>\n<\/tr>\n<\/table>\n<\/td>\n<\/tr>\n<\/table>\n<table width=\"100%\" cellpadding=\"0\" cellspacing=\"0\">\n<tr>\n<td style=\"padding:10px 30px\">\n<table width=\"100%\" cellpadding=\"0\" cellspacing=\"0\">\n<tr>\n<td width=\"52\" valign=\"top\"><img loading=\"lazy\" decoding=\"async\" src=\"http:\/\/dublineventguide.com\/dff\/admin\/images\/categories\/ACTIVITY.png\" width=\"32\" height=\"32\" \/><\/td>\n<td>\n<h2 style=\"font-size:16px;color:#534438;margin:0 0 5px;font-weight:normal\">Qigong &#8211; Drop-in class &#8211; Chester Beatty Library<\/h2>\n<h3 style=\"font-size:13px;margin:0;padding:0;line-height:16px;color:#534438;\">12:00, Sat 26 May<\/h3>\n<p style=\"font-size:13px;color:#534438;line-height:20px;margin:0;padding-top:0;\">Chester Beatty Library, Gardens of Dublin Castle, Dublin 2<\/p>\n<table width=\"100%\" cellspacing=\"0\" cellpadding=\"0\">\n<tr>\n<td valign=\"top\">\n<div style=\"font-size:13px;color:#534438;line-height:20px;\">\n<p style=\"margin:10px 0;\">Qigong is a traditional Chinese form of meditation coordinating slow flowing movement, deep rhythmic breathing, and a calm state of mind.<\/a><\/p>\n<p style=\"margin:10px 0;\">Come to this gentle Qigong practice outdoors on the Roof Top Garden of the Library (weather permitting) or indoors with a view of the roof garden. Suitable for all ages.<\/a><\/p>\n<p style=\"margin:10px 0;\">Admission is free and no booking required, but numbers are limited.<\/a><\/div>\n<div style=\"font-size:13px;color:#534438;line-height:20px;\"><\/div>\n<p style=\"font-size:13px;color:#534438;line-height:20px;\"><a style=\"color:#cc2979;text-decoration:none\" href=\"https:\/\/cbl.ticketsolve.com\/shows\/1173587947\">https:\/\/cbl.ticketsolve.com\/shows\/1173587947<\/a><\/p>\n<\/td>\n<td valign=\"top\"><\/td>\n<\/tr>\n<\/table>\n<\/td>\n<\/tr>\n<\/table>\n<\/td>\n<\/tr>\n<\/table>\n<table width=\"100%\" cellpadding=\"0\" cellspacing=\"0\">\n<tr>\n<td style=\"padding:10px 30px\">\n<table width=\"100%\" cellpadding=\"0\" cellspacing=\"0\">\n<tr>\n<td width=\"52\" valign=\"top\"><img loading=\"lazy\" decoding=\"async\" src=\"http:\/\/dublineventguide.com\/dff\/admin\/images\/categories\/FILM.png\" width=\"32\" height=\"32\" \/><\/td>\n<td>\n<h2 style=\"font-size:16px;color:#534438;margin:0 0 5px;font-weight:normal\">Archive at Lunchtime &#8211; IFI<\/h2>\n<h3 style=\"font-size:13px;margin:0;padding:0;line-height:16px;color:#534438;\"><img loading=\"lazy\" decoding=\"async\" src=\"http:\/\/dublineventguide.com\/dff\/admin\/images\/weekly.png\" width=\"69\" height=\"16\" style=\"display:inline;float:left;\" \/> 13:00, Sat 26 May<\/h3>\n<p style=\"font-size:13px;color:#534438;line-height:20px;margin:0;padding-top:0;\">Irish Film Institute, 6 Eustace Street, Temple Bar, Dublin 2<\/p>\n<table width=\"100%\" cellspacing=\"0\" cellpadding=\"0\">\n<tr>\n<td valign=\"top\">\n<div style=\"font-size:13px;color:#534438;line-height:20px;\">\n<p>Archive at Lunchtime screenings take place Saturdays (Double Bill), Mondays and Wednesdays. The programme is changing weekly now (instead of monthly as in the past). To find out what film(s) will be screened go to <a href=\"http:\/\/www.ifi.ie\/whatson\/now-showing-coming-soon\/\" style=\"color:#cc2979;text-decoration:none;\">http:\/\/www.ifi.ie\/whatson\/now-showing-coming-soon\/<\/a> and look for &#8220;Archive at Lunchtime&#8221; on the right. Admission is free.<\/p>\n<\/div>\n<div style=\"font-size:13px;color:#534438;line-height:20px;\"><\/div>\n<p style=\"font-size:13px;color:#534438;line-height:20px;\"><a style=\"color:#cc2979;text-decoration:none\" href=\"http:\/\/www.ifi.ie\/\">http:\/\/www.ifi.ie\/<\/a><\/p>\n<\/td>\n<td valign=\"top\"><\/td>\n<\/tr>\n<\/table>\n<\/td>\n<\/tr>\n<\/table>\n<\/td>\n<\/tr>\n<\/table>\n<table width=\"100%\" cellpadding=\"0\" cellspacing=\"0\">\n<tr>\n<td style=\"padding:10px 30px\">\n<table width=\"100%\" cellpadding=\"0\" cellspacing=\"0\">\n<tr>\n<td width=\"52\" valign=\"top\"><img loading=\"lazy\" decoding=\"async\" src=\"http:\/\/dublineventguide.com\/dff\/admin\/images\/categories\/ACTIVITY.png\" width=\"32\" height=\"32\" \/><\/td>\n<td>\n<h2 style=\"font-size:16px;color:#534438;margin:0 0 5px;font-weight:normal\">National Gallery: Mindfulness Tour<\/h2>\n<h3 style=\"font-size:13px;margin:0;padding:0;line-height:16px;color:#534438;\">13:30 &#8211; 14:15, Sat 26 May<\/h3>\n<p style=\"font-size:13px;color:#534438;line-height:20px;margin:0;padding-top:0;\">National Gallery, Merrion Square West, Dublin 2 <\/p>\n<table width=\"100%\" cellspacing=\"0\" cellpadding=\"0\">\n<tr>\n<td valign=\"top\">\n<div style=\"font-size:13px;color:#534438;line-height:20px;\">\n<p style=\"margin:10px 0;\">A Mindfulness tour is taking place in the National Gallery. This is a guided tour at a slower pace. Looking closely and moving quietly and mindfully through the Gallery spaces, you encounter each work with curiosity, allowing you to connect deeply with it. The tour will end with quiet reflection in silence and stillness.<\/a><\/p>\n<p style=\"margin:10px 0;\">Admission is free.<\/a><\/div>\n<div style=\"font-size:13px;color:#534438;line-height:20px;\"><\/div>\n<p style=\"font-size:13px;color:#534438;line-height:20px;\"><a style=\"color:#cc2979;text-decoration:none\" href=\"https:\/\/www.nationalgallery.ie\/mindfulness-tour\">https:\/\/www.nationalgallery.ie\/mindfulness-tour<\/a><\/p>\n<\/td>\n<td valign=\"top\"><\/td>\n<\/tr>\n<\/table>\n<\/td>\n<\/tr>\n<\/table>\n<\/td>\n<\/tr>\n<\/table>\n<table width=\"100%\" cellpadding=\"0\" cellspacing=\"0\">\n<tr>\n<td style=\"padding:10px 30px\">\n<table width=\"100%\" cellpadding=\"0\" cellspacing=\"0\">\n<tr>\n<td width=\"52\" valign=\"top\"><img loading=\"lazy\" decoding=\"async\" src=\"http:\/\/dublineventguide.com\/dff\/admin\/images\/categories\/ACTIVITY.png\" width=\"32\" height=\"32\" \/><\/td>\n<td>\n<h2 style=\"font-size:16px;color:#534438;margin:0 0 5px;font-weight:normal\">Chester Beatty Library &#8211; Guided Tour<\/h2>\n<h3 style=\"font-size:13px;margin:0;padding:0;line-height:16px;color:#534438;\"><img loading=\"lazy\" decoding=\"async\" src=\"http:\/\/dublineventguide.com\/dff\/admin\/images\/weekly.png\" width=\"69\" height=\"16\" style=\"display:inline;float:left;\" \/> 14:00, Sat 26 May<\/h3>\n<p style=\"font-size:13px;color:#534438;line-height:20px;margin:0;padding-top:0;\">Chester Beatty Library, Gardens of Dublin Castle, Dublin 2<\/p>\n<table width=\"100%\" cellspacing=\"0\" cellpadding=\"0\">\n<tr>\n<td valign=\"top\">\n<div style=\"font-size:13px;color:#534438;line-height:20px;\">\n<p style=\"margin:10px 0;\">Every Saturday a free guided tour will take place in the Chester Betty Library. The tour starts at 14:00.<\/a><\/p>\n<p style=\"margin:10px 0;\">In addition there is another free tour every Wednesday at 13:00 and one on Sundays at 15:00<\/a><\/div>\n<div style=\"font-size:13px;color:#534438;line-height:20px;\"><\/div>\n<p style=\"font-size:13px;color:#534438;line-height:20px;\"><a style=\"color:#cc2979;text-decoration:none\" href=\"http:\/\/www.cbl.ie\/Plan-A-Visit\/What-s-On.aspx\">http:\/\/www.cbl.ie\/Plan-A-Visit\/What-s-On.aspx<\/a><\/p>\n<\/td>\n<td valign=\"top\"><\/td>\n<\/tr>\n<\/table>\n<\/td>\n<\/tr>\n<\/table>\n<\/td>\n<\/tr>\n<\/table>\n<table width=\"100%\" cellpadding=\"0\" cellspacing=\"0\">\n<tr>\n<td style=\"padding:10px 30px\">\n<table width=\"100%\" cellpadding=\"0\" cellspacing=\"0\">\n<tr>\n<td width=\"52\" valign=\"top\"><img loading=\"lazy\" decoding=\"async\" src=\"http:\/\/dublineventguide.com\/dff\/admin\/images\/categories\/ACTIVITY.png\" width=\"32\" height=\"32\" \/><\/td>\n<td>\n<h2 style=\"font-size:16px;color:#534438;margin:0 0 5px;font-weight:normal\">Gold, Amber and Bronze &#8211; Discovering Bronze Age Ireland &#8211; Tour<\/h2>\n<h3 style=\"font-size:13px;margin:0;padding:0;line-height:16px;color:#534438;\">14:30 &#8211; 15:15, Sat 26 May<\/h3>\n<p style=\"font-size:13px;color:#534438;line-height:20px;margin:0;padding-top:0;\">National Museum, Kildare Street (Archaeology), Dublin 2 <\/p>\n<table width=\"100%\" cellspacing=\"0\" cellpadding=\"0\">\n<tr>\n<td valign=\"top\">\n<div style=\"font-size:13px;color:#534438;line-height:20px;\">\n<p style=\"margin:10px 0;\">&#8220;Gold, Amber and Bronze &#8211; Discovering Bronze Age Ireland&#8221; is an event with Museum educator Trisha Ryan Take a look at the newly refurbished \u00d3r &#8211; Ireland\u2019s Gold Exhibition. Learn about the raw materials used by the Bronze Age people of Ireland and how objects, such as the Lunula, Sun Discs and Gorgets, were made and the special meanings and properties they held for people.<\/a><\/p>\n<p style=\"margin:10px 0;\">Admission is free and places are allocated on a first come first served basis. Meet at reception. Suitable from ages 12+. <\/a><\/div>\n<div style=\"font-size:13px;color:#534438;line-height:20px;\"><\/div>\n<p style=\"font-size:13px;color:#534438;line-height:20px;\"><a style=\"color:#cc2979;text-decoration:none\" href=\"https:\/\/www.museum.ie\/Visit-Us\/Events?id=3654\">https:\/\/www.museum.ie\/Visit-Us\/Events?id=3654<\/a><\/p>\n<\/td>\n<td valign=\"top\"><\/td>\n<\/tr>\n<\/table>\n<\/td>\n<\/tr>\n<\/table>\n<\/td>\n<\/tr>\n<\/table>\n<table width=\"100%\" cellpadding=\"0\" cellspacing=\"0\">\n<tr>\n<td style=\"padding:10px 30px\">\n<table width=\"100%\" cellpadding=\"0\" cellspacing=\"0\">\n<tr>\n<td width=\"52\" valign=\"top\"><img loading=\"lazy\" decoding=\"async\" src=\"http:\/\/dublineventguide.com\/dff\/admin\/images\/categories\/KIDS.png\" width=\"32\" height=\"32\" \/><\/td>\n<td>\n<h2 style=\"font-size:16px;color:#534438;margin:0 0 5px;font-weight:normal\">Origami &#8211; Children&#8217;s Workshop<\/h2>\n<h3 style=\"font-size:13px;margin:0;padding:0;line-height:16px;color:#534438;\">14:30, Sat 26 May<\/h3>\n<p style=\"font-size:13px;color:#534438;line-height:20px;margin:0;padding-top:0;\">National Botanic Gardens, Botanic Road, Glasnevin, Dublin 9<\/p>\n<table width=\"100%\" cellspacing=\"0\" cellpadding=\"0\">\n<tr>\n<td valign=\"top\">\n<div style=\"font-size:13px;color:#534438;line-height:20px;\">\n<p style=\"margin:10px 0;\">The Children\u2019s Workshop &#8220;Origami&#8221; will take place on Saturday.<\/a><\/p>\n<p style=\"margin:10px 0;\">Come and get creative with paper and learn about the ancient Japanese art of paper folding. Did you know \u2018Ori\u2019 means fold and \u2018Kami\u2019 means paper? Having mastered the basics of this elegant art, you can then transform a sheet of paper into something exciting like an animal, tree or flower. Materials supplied. Meet at the Visitor Centre<\/a><\/p>\n<p style=\"margin:10px 0;\">Admission is free, but booking is required via 01-8040319. Suitable for ages 8 to 12.<\/a><\/div>\n<div style=\"font-size:13px;color:#534438;line-height:20px;\"><\/div>\n<p style=\"font-size:13px;color:#534438;line-height:20px;\"><a style=\"color:#cc2979;text-decoration:none\" href=\"http:\/\/www.botanicgardens.ie\/news\/events.htm#26May\">http:\/\/www.botanicgardens.ie\/news\/events.htm#26May<\/a><\/p>\n<\/td>\n<td valign=\"top\"><\/td>\n<\/tr>\n<\/table>\n<\/td>\n<\/tr>\n<\/table>\n<\/td>\n<\/tr>\n<\/table>\n<table width=\"100%\" cellpadding=\"0\" cellspacing=\"0\">\n<tr>\n<td style=\"padding:10px 30px\">\n<table width=\"100%\" cellpadding=\"0\" cellspacing=\"0\">\n<tr>\n<td width=\"52\" valign=\"top\"><img loading=\"lazy\" decoding=\"async\" src=\"http:\/\/dublineventguide.com\/dff\/admin\/images\/categories\/ACTIVITY.png\" width=\"32\" height=\"32\" \/><\/td>\n<td>\n<h2 style=\"font-size:16px;color:#534438;margin:0 0 5px;font-weight:normal\">The Silk Road &#8211; Guided Tour<\/h2>\n<h3 style=\"font-size:13px;margin:0;padding:0;line-height:16px;color:#534438;\">14:30, Sat 26 May<\/h3>\n<p style=\"font-size:13px;color:#534438;line-height:20px;margin:0;padding-top:0;\">National Botanic Gardens, Botanic Road, Glasnevin, Dublin 9<\/p>\n<table width=\"100%\" cellspacing=\"0\" cellpadding=\"0\">\n<tr>\n<td valign=\"top\">\n<div style=\"font-size:13px;color:#534438;line-height:20px;\">\n<p style=\"margin:10px 0;\">The Silk Road was an ancient network of trade routes that wound through China to the Mediterranean Sea. Though silk was the major trade item, many other plant-derived goods were exported along this route, such as cotton and wine. Hear the fascinating tales surrounding the uses and folklore of these plants while also catching some of our most beautiful Chinese plants at their best.<\/a><\/p>\n<p style=\"margin:10px 0;\">Admission is free. Meet in the Visitor Centre.<\/a><\/div>\n<div style=\"font-size:13px;color:#534438;line-height:20px;\"><\/div>\n<p style=\"font-size:13px;color:#534438;line-height:20px;\"><a style=\"color:#cc2979;text-decoration:none\" href=\"http:\/\/www.botanicgardens.ie\/news\/events.htm#26May\">http:\/\/www.botanicgardens.ie\/news\/events.htm#26May<\/a><\/p>\n<\/td>\n<td valign=\"top\"><\/td>\n<\/tr>\n<\/table>\n<\/td>\n<\/tr>\n<\/table>\n<\/td>\n<\/tr>\n<\/table>\n<table width=\"100%\" cellpadding=\"0\" cellspacing=\"0\">\n<tr>\n<td style=\"padding:10px 30px\">\n<table width=\"100%\" cellpadding=\"0\" cellspacing=\"0\">\n<tr>\n<td width=\"52\" valign=\"top\"><img loading=\"lazy\" decoding=\"async\" src=\"http:\/\/dublineventguide.com\/dff\/admin\/images\/categories\/DANCE.png\" width=\"32\" height=\"32\" \/><\/td>\n<td>\n<h2 style=\"font-size:16px;color:#534438;margin:0 0 5px;font-weight:normal\">Cuban Salsa &#038; Bachata &#8211; Beginners Class &#038; Social Dancing<\/h2>\n<h3 style=\"font-size:13px;margin:0;padding:0;line-height:16px;color:#534438;\">15:00 &#8211; 17:00, Sat 26 May<\/h3>\n<p style=\"font-size:13px;color:#534438;line-height:20px;margin:0;padding-top:0;\">St. Stephen&#8217;s Green, Dublin 2<\/p>\n<table width=\"100%\" cellspacing=\"0\" cellpadding=\"0\">\n<tr>\n<td valign=\"top\">\n<div style=\"font-size:13px;color:#534438;line-height:20px;\">\n<p style=\"margin:10px 0;\">An outdoor dancing event with Cuban Salsa &#038; Bachata will happen on the (round) bandstand in St. Stephen&#8217;s Green. From 15:0-15:30 there will be a Cuban Salsa Class for beginners and this will be followed by social dancing and Ruedas.<\/a><\/p>\n<p style=\"margin:10px 0;\">Admission is free.<\/a><\/div>\n<div style=\"font-size:13px;color:#534438;line-height:20px;\"><\/div>\n<p style=\"font-size:13px;color:#534438;line-height:20px;\"><a style=\"color:#cc2979;text-decoration:none\" href=\"https:\/\/www.facebook.com\/events\/582362208805056\/\">https:\/\/www.facebook.com\/events\/582362208805056\/<\/a><\/p>\n<\/td>\n<td valign=\"top\"><\/td>\n<\/tr>\n<\/table>\n<\/td>\n<\/tr>\n<\/table>\n<\/td>\n<\/tr>\n<\/table>\n<table width=\"100%\" cellpadding=\"0\" cellspacing=\"0\">\n<tr>\n<td style=\"padding:10px 30px\">\n<table width=\"100%\" cellpadding=\"0\" cellspacing=\"0\">\n<tr>\n<td width=\"52\" valign=\"top\"><img loading=\"lazy\" decoding=\"async\" src=\"http:\/\/dublineventguide.com\/dff\/admin\/images\/categories\/ACTIVITY.png\" width=\"32\" height=\"32\" \/><\/td>\n<td>\n<h2 style=\"font-size:16px;color:#534438;margin:0 0 5px;font-weight:normal\">Irish Sign Language Tour of the Gardens<\/h2>\n<h3 style=\"font-size:13px;margin:0;padding:0;line-height:16px;color:#534438;\">15:30, Sat 26 May<\/h3>\n<p style=\"font-size:13px;color:#534438;line-height:20px;margin:0;padding-top:0;\">National Botanic Gardens, Botanic Road, Glasnevin, Dublin 9<\/p>\n<table width=\"100%\" cellspacing=\"0\" cellpadding=\"0\">\n<tr>\n<td valign=\"top\">\n<div style=\"font-size:13px;color:#534438;line-height:20px;\">\n<p style=\"margin:10px 0;\">Come this Irish Sign Language Tour of the Botanic Gardens. Find out more about our fascinating plant collections &#8211; from Wild Ireland, to the African desert to the tropical rainforest.<\/a><\/p>\n<p style=\"margin:10px 0;\">Admission is free. Meet at the Visitor Centre<\/a><\/div>\n<div style=\"font-size:13px;color:#534438;line-height:20px;\"><\/div>\n<p style=\"font-size:13px;color:#534438;line-height:20px;\"><a style=\"color:#cc2979;text-decoration:none\" href=\"http:\/\/www.botanicgardens.ie\/news\/events.htm#26May\">http:\/\/www.botanicgardens.ie\/news\/events.htm#26May<\/a><\/p>\n<\/td>\n<td valign=\"top\"><\/td>\n<\/tr>\n<\/table>\n<\/td>\n<\/tr>\n<\/table>\n<\/td>\n<\/tr>\n<\/table>\n<table width=\"100%\" cellpadding=\"0\" cellspacing=\"0\">\n<tr>\n<td style=\"padding:10px 30px\">\n<table width=\"100%\" cellpadding=\"0\" cellspacing=\"0\">\n<tr>\n<td width=\"52\" valign=\"top\"><img loading=\"lazy\" decoding=\"async\" src=\"http:\/\/dublineventguide.com\/dff\/admin\/images\/categories\/MUSIC.png\" width=\"32\" height=\"32\" \/><\/td>\n<td>\n<h2 style=\"font-size:16px;color:#534438;margin:0 0 5px;font-weight:normal\">Chancer \/ Stevie Darragh \/ StitchJones &#8211; Gig<\/h2>\n<h3 style=\"font-size:13px;margin:0;padding:0;line-height:16px;color:#534438;\">21:00, Sat 26 May<\/h3>\n<p style=\"font-size:13px;color:#534438;line-height:20px;margin:0;padding-top:0;\">Sin \u00c9, 14 Ormond Quay, Dublin 1<\/p>\n<table width=\"100%\" cellspacing=\"0\" cellpadding=\"0\">\n<tr>\n<td valign=\"top\">\n<div style=\"font-size:13px;color:#534438;line-height:20px;\">\n<p style=\"margin:10px 0;\">The band Chancer willplay a gig and will be supported by Stevie Darragh and StitchJones.<\/a><\/p>\n<p style=\"margin:10px 0;\">Admission is free.<\/a><\/div>\n<div style=\"font-size:13px;color:#534438;line-height:20px;\"><\/div>\n<p style=\"font-size:13px;color:#534438;line-height:20px;\"><a style=\"color:#cc2979;text-decoration:none\" href=\"http:\/\/sin-e.ie\/events\/chancer-with-guests-stevie-darragh-stitch-jones\/\">http:\/\/sin-e.ie\/events\/chancer-with-guests-stevie-darragh-stitch-jones\/<\/a><\/p>\n<\/td>\n<td valign=\"top\"><\/td>\n<\/tr>\n<\/table>\n<\/td>\n<\/tr>\n<\/table>\n<\/td>\n<\/tr>\n<\/table>\n<table width=\"100%\" cellpadding=\"0\" cellspacing=\"0\">\n<tr>\n<td style=\"padding:10px 30px\">\n<table width=\"100%\" cellpadding=\"0\" cellspacing=\"0\">\n<tr>\n<td width=\"52\" valign=\"top\"><img loading=\"lazy\" decoding=\"async\" src=\"http:\/\/dublineventguide.com\/dff\/admin\/images\/categories\/MUSIC.png\" width=\"32\" height=\"32\" \/><\/td>\n<td>\n<h2 style=\"font-size:16px;color:#534438;margin:0 0 5px;font-weight:normal\">Live Music &#8211; Stillorgan Orchard<\/h2>\n<h3 style=\"font-size:13px;margin:0;padding:0;line-height:16px;color:#534438;\"><img loading=\"lazy\" decoding=\"async\" src=\"http:\/\/dublineventguide.com\/dff\/admin\/images\/weekly.png\" width=\"69\" height=\"16\" style=\"display:inline;float:left;\" \/> 21:00, Sat 26 May<\/h3>\n<p style=\"font-size:13px;color:#534438;line-height:20px;margin:0;padding-top:0;\">Stillorgan Orchard, The Hill, Stillorgan, Co. Dublin<\/p>\n<table width=\"100%\" cellspacing=\"0\" cellpadding=\"0\">\n<tr>\n<td valign=\"top\">\n<div style=\"font-size:13px;color:#534438;line-height:20px;\">\n<p style=\"margin:10px 0;\">The Stillorgan Orchard has live music every Friday and Saturday. Many of the performers are established and very good bands. The upcoming gigs are detailed on the website below. Admission is always free.<\/a><\/div>\n<div style=\"font-size:13px;color:#534438;line-height:20px;\"><\/div>\n<p style=\"font-size:13px;color:#534438;line-height:20px;\"><a style=\"color:#cc2979;text-decoration:none\" href=\"http:\/\/www.stillorganorchard.com\/specials\/\">http:\/\/www.stillorganorchard.com\/specials\/<\/a><\/p>\n<\/td>\n<td valign=\"top\"><\/td>\n<\/tr>\n<\/table>\n<\/td>\n<\/tr>\n<\/table>\n<\/td>\n<\/tr>\n<\/table>\n<table width=\"100%\" cellpadding=\"0\" cellspacing=\"0\">\n<tr>\n<td style=\"padding:10px 30px\">\n<table width=\"100%\" cellpadding=\"0\" cellspacing=\"0\">\n<tr>\n<td width=\"52\" valign=\"top\"><img loading=\"lazy\" decoding=\"async\" src=\"http:\/\/dublineventguide.com\/dff\/admin\/images\/categories\/MUSIC.png\" width=\"32\" height=\"32\" \/><\/td>\n<td>\n<h2 style=\"font-size:16px;color:#534438;margin:0 0 5px;font-weight:normal\">Tadgh \/ Sylk<\/h2>\n<h3 style=\"font-size:13px;margin:0;padding:0;line-height:16px;color:#534438;\">21:00, Sat 26 May<\/h3>\n<p style=\"font-size:13px;color:#534438;line-height:20px;margin:0;padding-top:0;\">Harbour Bar, 1 Strand Road, Bray, Co. Wicklow<\/p>\n<table width=\"100%\" cellspacing=\"0\" cellpadding=\"0\">\n<tr>\n<td valign=\"top\">\n<div style=\"font-size:13px;color:#534438;line-height:20px;\">\n<p style=\"margin:10px 0;\">Shane Tadgh Nolan is a producer\/songwriter who will perform hip-hop and R&#038;B at this gig. He is joined by electronic duo SYLK.<\/a><\/p>\n<p style=\"margin:10px 0;\">Admission is free.<\/a><\/div>\n<div style=\"font-size:13px;color:#534438;line-height:20px;\"><\/div>\n<p style=\"font-size:13px;color:#534438;line-height:20px;\"><a style=\"color:#cc2979;text-decoration:none\" href=\"http:\/\/www.theharbourbar.ie\/whats-on\/event\/tadhg\">http:\/\/www.theharbourbar.ie\/whats-on\/event\/tadhg<\/a><\/p>\n<\/td>\n<td valign=\"top\"><\/td>\n<\/tr>\n<\/table>\n<\/td>\n<\/tr>\n<\/table>\n<\/td>\n<\/tr>\n<\/table>\n<table width=\"100%\" cellpadding=\"0\" cellspacing=\"0\">\n<tr>\n<td style=\"padding:10px 30px\">\n<table width=\"100%\" cellpadding=\"0\" cellspacing=\"0\">\n<tr>\n<td width=\"52\" valign=\"top\"><img loading=\"lazy\" decoding=\"async\" src=\"http:\/\/dublineventguide.com\/dff\/admin\/images\/categories\/MUSIC.png\" width=\"32\" height=\"32\" \/><\/td>\n<td>\n<h2 style=\"font-size:16px;color:#534438;margin:0 0 5px;font-weight:normal\">Absolutely Yo &#8211; Gig<\/h2>\n<h3 style=\"font-size:13px;margin:0;padding:0;line-height:16px;color:#534438;\">22:00, Sat 26 May<\/h3>\n<p style=\"font-size:13px;color:#534438;line-height:20px;margin:0;padding-top:0;\">Leeson Lounge, 148 Upper Leeson Street, Dublin 4<\/p>\n<table width=\"100%\" cellspacing=\"0\" cellpadding=\"0\">\n<tr>\n<td valign=\"top\">\n<div style=\"font-size:13px;color:#534438;line-height:20px;\">\n<p style=\"margin:10px 0;\">Absolutely Yo will play Rockabilly, Alternative Roc and Country in the Leeson Lounge.<\/a><\/p>\n<p style=\"margin:10px 0;\">Admission is free.<\/a><\/div>\n<div style=\"font-size:13px;color:#534438;line-height:20px;\"><\/div>\n<p style=\"font-size:13px;color:#534438;line-height:20px;\"><a style=\"color:#cc2979;text-decoration:none\" href=\"https:\/\/www.facebook.com\/events\/430437760695153\/\">https:\/\/www.facebook.com\/events\/430437760695153\/<\/a><\/p>\n<\/td>\n<td valign=\"top\"><\/td>\n<\/tr>\n<\/table>\n<\/td>\n<\/tr>\n<\/table>\n<\/td>\n<\/tr>\n<\/table>\n<table width=\"100%\" cellpadding=\"0\" cellspacing=\"0\">\n<tr>\n<td style=\"padding:10px 30px\">\n<table width=\"100%\" cellpadding=\"0\" cellspacing=\"0\">\n<tr>\n<td width=\"52\" valign=\"top\"><img loading=\"lazy\" decoding=\"async\" src=\"http:\/\/dublineventguide.com\/dff\/admin\/images\/categories\/MUSIC.png\" width=\"32\" height=\"32\" \/><\/td>\n<td>\n<h2 style=\"font-size:16px;color:#534438;margin:0 0 5px;font-weight:normal\">Bunoscionn &#8211; Trad &#038; Folk Gig<\/h2>\n<h3 style=\"font-size:13px;margin:0;padding:0;line-height:16px;color:#534438;\">22:00, Sat 26 May<\/h3>\n<p style=\"font-size:13px;color:#534438;line-height:20px;margin:0;padding-top:0;\">The Bowery, 196 Rathmines Road Lower, Rathmines, Dublin 6<\/p>\n<table width=\"100%\" cellspacing=\"0\" cellpadding=\"0\">\n<tr>\n<td valign=\"top\">\n<div style=\"font-size:13px;color:#534438;line-height:20px;\">\n<p style=\"margin:10px 0;\">Bunoscionn will play a gig in the Bowery from midnight and there is an admission charge of EUR 5. But I would hope\/expect that you arrive there a good bit earlier you would get in for free.<\/a><\/div>\n<div style=\"font-size:13px;color:#534438;line-height:20px;\"><\/div>\n<p style=\"font-size:13px;color:#534438;line-height:20px;\"><a style=\"color:#cc2979;text-decoration:none\" href=\"http:\/\/thebowery.ie\/calander\/\">http:\/\/thebowery.ie\/calander\/<\/a><\/p>\n<\/td>\n<td valign=\"top\"><\/td>\n<\/tr>\n<\/table>\n<\/td>\n<\/tr>\n<\/table>\n<\/td>\n<\/tr>\n<\/table>\n<table width=\"100%\" cellpadding=\"0\" cellspacing=\"0\">\n<tr>\n<td style=\"padding:10px 30px\">\n<table width=\"100%\" cellpadding=\"0\" cellspacing=\"0\">\n<tr>\n<td width=\"52\" valign=\"top\"><img loading=\"lazy\" decoding=\"async\" src=\"http:\/\/dublineventguide.com\/dff\/admin\/images\/categories\/MUSIC.png\" width=\"32\" height=\"32\" \/><\/td>\n<td>\n<h2 style=\"font-size:16px;color:#534438;margin:0 0 5px;font-weight:normal\">Orwells 84 \/ Kelso &#8211; Gig<\/h2>\n<h3 style=\"font-size:13px;margin:0;padding:0;line-height:16px;color:#534438;\">22:30, Sat 26 May<\/h3>\n<p style=\"font-size:13px;color:#534438;line-height:20px;margin:0;padding-top:0;\">Whelan&#8217;s, 25 Wexford Street, Dublin 2 <\/p>\n<table width=\"100%\" cellspacing=\"0\" cellpadding=\"0\">\n<tr>\n<td valign=\"top\">\n<div style=\"font-size:13px;color:#534438;line-height:20px;\">\n<p style=\"margin:10px 0;\">Dundalk bands Orwells&#8217;84 and Kelso will play a gig in Whelan&#8217;s.<\/a><\/p>\n<p style=\"margin:10px 0;\">Admission is free before 22:30<\/a><\/div>\n<div style=\"font-size:13px;color:#534438;line-height:20px;\"><\/div>\n<p style=\"font-size:13px;color:#534438;line-height:20px;\"><a style=\"color:#cc2979;text-decoration:none\" href=\"http:\/\/www.whelanslive.com\/index.php\/midnight-hour-w-orwells-84\/\">http:\/\/www.whelanslive.com\/index.php\/midnight-hour-w-orwells-84\/<\/a><\/p>\n<\/td>\n<td valign=\"top\"><\/td>\n<\/tr>\n<\/table>\n<\/td>\n<\/tr>\n<\/table>\n<\/td>\n<\/tr>\n<\/table>\n<table width=\"100%\" cellpadding=\"0\" cellspacing=\"0\">\n<tr>\n<td style=\"padding:10px 30px\">\n<table width=\"100%\" cellpadding=\"0\" cellspacing=\"0\">\n<tr>\n<td width=\"52\" valign=\"top\"><img loading=\"lazy\" decoding=\"async\" src=\"http:\/\/dublineventguide.com\/dff\/admin\/images\/categories\/MUSIC.png\" width=\"32\" height=\"32\" \/><\/td>\n<td>\n<h2 style=\"font-size:16px;color:#534438;margin:0 0 5px;font-weight:normal\">Revolver &#8211; Gig<\/h2>\n<h3 style=\"font-size:13px;margin:0;padding:0;line-height:16px;color:#534438;\">23:30, Sat 26 May<\/h3>\n<p style=\"font-size:13px;color:#534438;line-height:20px;margin:0;padding-top:0;\">Porterhouse Temple Bar, 16-18 Parliament Street, Dublin 2<\/p>\n<table width=\"100%\" cellspacing=\"0\" cellpadding=\"0\">\n<tr>\n<td valign=\"top\">\n<div style=\"font-size:13px;color:#534438;line-height:20px;\">\n<p style=\"margin:10px 0;\">Revolver will be in the Porterhouse again for a late night gig on Saturday.<\/a><\/p>\n<p style=\"margin:10px 0;\">Admission is free.<\/a><\/div>\n<div style=\"font-size:13px;color:#534438;line-height:20px;\"><\/div>\n<p style=\"font-size:13px;color:#534438;line-height:20px;\"><a style=\"color:#cc2979;text-decoration:none\" href=\"http:\/\/www.theporterhouse.ie\/bars-dublin-temple.php\">http:\/\/www.theporterhouse.ie\/bars-dublin-temple.php<\/a><\/p>\n<\/td>\n<td valign=\"top\"><\/td>\n<\/tr>\n<\/table>\n<\/td>\n<\/tr>\n<\/table>\n<\/td>\n<\/tr>\n<\/table>\n<table width=\"100%\" cellpadding=\"0\" cellspacing=\"0\">\n<tr>\n<td style=\"padding:10px 30px\">\n<table width=\"100%\" cellpadding=\"0\" cellspacing=\"0\">\n<tr>\n<td width=\"52\" valign=\"top\"><img loading=\"lazy\" decoding=\"async\" src=\"http:\/\/dublineventguide.com\/dff\/admin\/images\/categories\/MUSIC.png\" width=\"32\" height=\"32\" \/><\/td>\n<td>\n<h2 style=\"font-size:16px;color:#534438;margin:0 0 5px;font-weight:normal\">Vernon Jane\u2019s Paradise Party &#8211; Gig<\/h2>\n<h3 style=\"font-size:13px;margin:0;padding:0;line-height:16px;color:#534438;\">23:30, Sat 26 May<\/h3>\n<p style=\"font-size:13px;color:#534438;line-height:20px;margin:0;padding-top:0;\">Grand Social, 35 Lower Liffey Street (near Ha&#8217;Penny Bridge), Dublin 1<\/p>\n<table width=\"100%\" cellspacing=\"0\" cellpadding=\"0\">\n<tr>\n<td valign=\"top\">\n<div style=\"font-size:13px;color:#534438;line-height:20px;\">\n<p style=\"margin:10px 0;\">Jazz Punk Band Vernon James will be in the Grand Social for this gig.<\/a><\/p>\n<p style=\"margin:10px 0;\">Admission is free.<\/a><\/div>\n<div style=\"font-size:13px;color:#534438;line-height:20px;\"><\/div>\n<p style=\"font-size:13px;color:#534438;line-height:20px;\"><a style=\"color:#cc2979;text-decoration:none\" href=\"http:\/\/www.thegrandsocial.ie\/event\/vernon-janes-paradise-party\/\">http:\/\/www.thegrandsocial.ie\/event\/vernon-janes-paradise-party\/<\/a><\/p>\n<\/td>\n<td valign=\"top\"><\/td>\n<\/tr>\n<\/table>\n<\/td>\n<\/tr>\n<\/table>\n<\/td>\n<\/tr>\n<\/table>\n<table width=\"100%\" cellpadding=\"0\" cellspacing=\"0\" id=\"day_1527375600\" style=\"margin-top: 10px;\">\n<tr height=\"34\" style=\"background-color:#c20162;color:#fff\">\n<td style=\"padding: 0; line-height: 1; height: 34px; overflow: hidden;\">\n<p style=\"width:630px;padding-left:30px;margin: 0; height: 34px; overflow: hidden; line-height: 34px;\"><a name=\"day_1527375600\"><\/a><strong>Sunday  <\/strong> 27 May\t\t\t\t\t\t<\/p>\n<\/td>\n<td>\n<p style=\"margin:0;line-height:34px;padding:0;font-size:13px;\"><a href=\"#dff_top\" style=\"color:#fff;text-decoration:none\">back to top<\/a><\/p>\n<\/td>\n<td>\n<p style=\"margin:0;padding:0;font-size:13px;\"><a href=\"#dff_top\" style=\"color:#fff;text-decoration:none\"><img loading=\"lazy\" decoding=\"async\" src=\"http:\/\/dublineventguide.com\/dff\/admin\/images\/dividers\/date_toplink.png\" width=\"38\" height=\"34\" alt=\"Back to top\" \/><\/a><\/p>\n<\/td>\n<td width=\"50\">\n<\/td>\n<\/tr>\n<\/table>\n<table width=\"100%\" cellpadding=\"0\" cellspacing=\"0\">\n<tr>\n<td style=\"padding:10px 30px\">\n<table width=\"100%\" cellpadding=\"0\" cellspacing=\"0\">\n<tr>\n<td width=\"52\" valign=\"top\"><img loading=\"lazy\" decoding=\"async\" src=\"http:\/\/dublineventguide.com\/dff\/admin\/images\/categories\/MARKETS.png\" width=\"32\" height=\"32\" \/><\/td>\n<td>\n<h2 style=\"font-size:16px;color:#534438;margin:0 0 5px;font-weight:normal\">Car Boot Sales &#8211; Ballymun<\/h2>\n<h3 style=\"font-size:13px;margin:0;padding:0;line-height:16px;color:#534438;\"><img loading=\"lazy\" decoding=\"async\" src=\"http:\/\/dublineventguide.com\/dff\/admin\/images\/weekly.png\" width=\"69\" height=\"16\" style=\"display:inline;float:left;\" \/> 08:00 &#8211; 13:00, Sun 27 May<\/h3>\n<p style=\"font-size:13px;color:#534438;line-height:20px;margin:0;padding-top:0;\">Trinity Comprehensive Secondary School, Ballymun Road, Ballymun, Dublin 9<\/p>\n<table width=\"100%\" cellspacing=\"0\" cellpadding=\"0\">\n<tr>\n<td valign=\"top\">\n<div style=\"font-size:13px;color:#534438;line-height:20px;\">\n<p style=\"margin:10px 0;\">In addition to the Saturday Car Boot Sale in Tallaght, Irish Car Boot Sales run a weekly Sunday Car Boot Sales in Ballymun.<\/a><\/p>\n<p style=\"margin:10px 0;\">Admission for buyers is free.<\/a><\/div>\n<div style=\"font-size:13px;color:#534438;line-height:20px;\"><\/div>\n<p style=\"font-size:13px;color:#534438;line-height:20px;\"><a style=\"color:#cc2979;text-decoration:none\" href=\"https:\/\/www.facebook.com\/irishcarboot\">https:\/\/www.facebook.com\/irishcarboot<\/a><\/p>\n<\/td>\n<td valign=\"top\"><\/td>\n<\/tr>\n<\/table>\n<\/td>\n<\/tr>\n<\/table>\n<\/td>\n<\/tr>\n<\/table>\n<table width=\"100%\" cellpadding=\"0\" cellspacing=\"0\">\n<tr>\n<td style=\"padding:10px 30px\">\n<table width=\"100%\" cellpadding=\"0\" cellspacing=\"0\">\n<tr>\n<td width=\"52\" valign=\"top\"><img loading=\"lazy\" decoding=\"async\" src=\"http:\/\/dublineventguide.com\/dff\/admin\/images\/categories\/ACTIVITY.png\" width=\"32\" height=\"32\" \/><\/td>\n<td>\n<h2 style=\"font-size:16px;color:#534438;margin:0 0 5px;font-weight:normal\">Battle for the Bay 2018<\/h2>\n<h3 style=\"font-size:13px;margin:0;padding:0;line-height:16px;color:#534438;\">09:30 &#8211; 17:00, Sun 27 May<\/h3>\n<p style=\"font-size:13px;color:#534438;line-height:20px;margin:0;padding-top:0;\">Dollymount Strand, Clontarf, Dublin 3<\/p>\n<table width=\"100%\" cellspacing=\"0\" cellpadding=\"0\">\n<tr>\n<td valign=\"top\">\n<div style=\"font-size:13px;color:#534438;line-height:20px;\">\n<p style=\"margin:10px 0;\">Battle for the Bay, Dublin&#8217;s yearly watersport event, is back this weekend on Saturday and Sunday.<\/a><\/p>\n<p style=\"margin:10px 0;\">The best kite surfers from Ireland and the world will show their skills and Stand Up Paddle board races will take place. And on land, there will be live music all day from DJs and bands, a beach market (with vintage clothes, vinyl records, Arts &#038; Crafts, jewellery) a Farmers Market Food Village, Kids Zone with fairground rides, Beach Volleyball and a Biodiversity Village where you can explore the wildlife of Dublin Bay. And at a Global City Balance Challenge you can balance on a slackline for 10 seconds. This global challenge will pit city against city to see which one gather the highest number of people who can manage 10 seconds on the slackline without falling off.<\/a><\/p>\n<p style=\"margin:10px 0;\">On Saturday at 16:00 a Stand Up Paddle board world record of the Most SUP on the ferry wave will take place.<\/a><\/p>\n<p style=\"margin:10px 0;\">Don&#8217;t forget the sun tan lotion!<\/a><\/p>\n<p>Admission is free. You will find the event schedule via the links on this page: <a href=\"http:\/\/www.battleforthebay.com\/#whats-on\" style=\"color:#cc2979;text-decoration:none;\">http:\/\/www.battleforthebay.com\/#whats-on<\/a> <\/p>\n<\/div>\n<div style=\"font-size:13px;color:#534438;line-height:20px;\"><\/div>\n<p style=\"font-size:13px;color:#534438;line-height:20px;\"><a style=\"color:#cc2979;text-decoration:none\" href=\"https:\/\/www.facebook.com\/events\/1007054972775813\/\">https:\/\/www.facebook.com\/events\/1007054972775813\/<\/a><\/p>\n<\/td>\n<td valign=\"top\"><\/td>\n<\/tr>\n<\/table>\n<\/td>\n<\/tr>\n<\/table>\n<\/td>\n<\/tr>\n<\/table>\n<table width=\"100%\" cellpadding=\"0\" cellspacing=\"0\">\n<tr>\n<td style=\"padding:10px 30px\">\n<table width=\"100%\" cellpadding=\"0\" cellspacing=\"0\">\n<tr>\n<td width=\"52\" valign=\"top\"><img loading=\"lazy\" decoding=\"async\" src=\"http:\/\/dublineventguide.com\/dff\/admin\/images\/categories\/MARKETS.png\" width=\"32\" height=\"32\" \/><\/td>\n<td>\n<h2 style=\"font-size:16px;color:#534438;margin:0 0 5px;font-weight:normal\">Belgard Weekend Market<\/h2>\n<h3 style=\"font-size:13px;margin:0;padding:0;line-height:16px;color:#534438;\"><img loading=\"lazy\" decoding=\"async\" src=\"http:\/\/dublineventguide.com\/dff\/admin\/images\/weekly.png\" width=\"69\" height=\"16\" style=\"display:inline;float:left;\" \/> 10:00 &#8211; 17:00, Sun 27 May<\/h3>\n<p style=\"font-size:13px;color:#534438;line-height:20px;margin:0;padding-top:0;\">Belgard Road, Dublin 24<\/p>\n<table width=\"100%\" cellspacing=\"0\" cellpadding=\"0\">\n<tr>\n<td valign=\"top\">\n<div style=\"font-size:13px;color:#534438;line-height:20px;\">\n<p style=\"margin:10px 0;\">The Belgard Weekend Market is an indoor market with stalls with handcraft (incl. designer jewellery, aran jumpers and wool, christening robes and shawls, cards and cross stitch), household items, bric and brac, furniture, flowers, make-up, clothes, shoes, showers, upholstery, toys, kitchens, cafe, army memorabilia, collectors items, sweets, handbags books, blinds, party shop, tools and more.<\/a><\/p>\n<p style=\"margin:10px 0;\">It is open every Saturday and Sunday and is located in the Glen Abbey complex (opposite Jacobs) on Belgard Road.<\/a><\/div>\n<div style=\"font-size:13px;color:#534438;line-height:20px;\"><\/div>\n<p style=\"font-size:13px;color:#534438;line-height:20px;\"><a style=\"color:#cc2979;text-decoration:none\" href=\"https:\/\/www.facebook.com\/belgardmarket\">https:\/\/www.facebook.com\/belgardmarket<\/a><\/p>\n<\/td>\n<td valign=\"top\"><\/td>\n<\/tr>\n<\/table>\n<\/td>\n<\/tr>\n<\/table>\n<\/td>\n<\/tr>\n<\/table>\n<table width=\"100%\" cellpadding=\"0\" cellspacing=\"0\">\n<tr>\n<td style=\"padding:10px 30px\">\n<table width=\"100%\" cellpadding=\"0\" cellspacing=\"0\">\n<tr>\n<td width=\"52\" valign=\"top\"><img loading=\"lazy\" decoding=\"async\" src=\"http:\/\/dublineventguide.com\/dff\/admin\/images\/categories\/MARKETS.png\" width=\"32\" height=\"32\" \/><\/td>\n<td>\n<h2 style=\"font-size:16px;color:#534438;margin:0 0 5px;font-weight:normal\">Jamestown Market<\/h2>\n<h3 style=\"font-size:13px;margin:0;padding:0;line-height:16px;color:#534438;\"><img loading=\"lazy\" decoding=\"async\" src=\"http:\/\/dublineventguide.com\/dff\/admin\/images\/weekly.png\" width=\"69\" height=\"16\" style=\"display:inline;float:left;\" \/> 10:00 &#8211; 17:00, Sun 27 May<\/h3>\n<p style=\"font-size:13px;color:#534438;line-height:20px;margin:0;padding-top:0;\">Jamestown Market, 90 Jamestown Road, Inchicore, Dublin 8<\/p>\n<table width=\"100%\" cellspacing=\"0\" cellpadding=\"0\">\n<tr>\n<td valign=\"top\">\n<div style=\"font-size:13px;color:#534438;line-height:20px;\">\n<p style=\"margin:10px 0;\">Jamestown Flea Market + Car Boot Sale takes place every Sat+Sun from 10:00-17:00. You can reach it from Tyrconnell Road and from Kylemore Road and it is within 3 min from Black Horse stop on the red Luas line. There is free parking.<\/a><\/div>\n<div style=\"font-size:13px;color:#534438;line-height:20px;\"><\/div>\n<p style=\"font-size:13px;color:#534438;line-height:20px;\"><a style=\"color:#cc2979;text-decoration:none\" href=\"http:\/\/www.jamestownmarket.com\">http:\/\/www.jamestownmarket.com<\/a><\/p>\n<\/td>\n<td valign=\"top\"><\/td>\n<\/tr>\n<\/table>\n<\/td>\n<\/tr>\n<\/table>\n<\/td>\n<\/tr>\n<\/table>\n<table width=\"100%\" cellpadding=\"0\" cellspacing=\"0\">\n<tr>\n<td style=\"padding:10px 30px\">\n<table width=\"100%\" cellpadding=\"0\" cellspacing=\"0\">\n<tr>\n<td width=\"52\" valign=\"top\"><img loading=\"lazy\" decoding=\"async\" src=\"http:\/\/dublineventguide.com\/dff\/admin\/images\/categories\/ACTIVITY.png\" width=\"32\" height=\"32\" \/><\/td>\n<td>\n<h2 style=\"font-size:16px;color:#534438;margin:0 0 5px;font-weight:normal\">Magazine Fort &#8211; Guided Tour<\/h2>\n<h3 style=\"font-size:13px;margin:0;padding:0;line-height:16px;color:#534438;\"><img loading=\"lazy\" decoding=\"async\" src=\"http:\/\/dublineventguide.com\/dff\/admin\/images\/weekly.png\" width=\"69\" height=\"16\" style=\"display:inline;float:left;\" \/> 10:00, Sun 27 May<\/h3>\n<p style=\"font-size:13px;color:#534438;line-height:20px;margin:0;padding-top:0;\">Magazine Fort, Phoenix Park, Dublin 8<\/p>\n<table width=\"100%\" cellspacing=\"0\" cellpadding=\"0\">\n<tr>\n<td valign=\"top\">\n<div style=\"font-size:13px;color:#534438;line-height:20px;\">\n<p style=\"margin:10px 0;\">The Magazine Fort in Phoenix Park was for a long time completely neglected, but it is hugely rich in history. Many have seen it as a barred off concrete fortress in a corner of Phoenix Park and even more don&#8217;t even know or have forgotten that it exists. The old Phoenix House, the home of the British Viceroy, was on the site where the fort was built from the early 17th century and then in 1734 the Fort was built and extended in 1801.<\/a><\/p>\n<p style=\"margin:10px 0;\">In 1916 the Fort was raided by the rebels who expected to find a lot of explosives there, but found the Fort nearly empty. In 1939 the IRA raided the Fort and stole more than a million rounds of ammunition, but most of it was recovered over the following weeks.<\/a><\/p>\n<p style=\"margin:10px 0;\">Since 1988, the Irish Army doesn&#8217;t use the Fort anymore and gave it back to the Office of Public Works (OPW), but not much good has happened to the Fort in the last 30 years (!!) and there were numerous speculations about the reasons for that.<\/a><\/p>\n<p style=\"margin:10px 0;\">Finally since 2016, guided tours are provided and this year from April until end of October there will be three tours every Sunday at 10:00, 12:00 and 14:00. Only 20 places are available on each tour and if there is a big event in Phoenix Park the tour will be cancelled.<\/a><\/p>\n<p style=\"margin:10px 0;\">Tickets are available at the Phoenix Park Visitor Centre on a first come, first served basis and can not be pre-booked. A shuttle bus will bring the ticket holders to the Fort.<\/a><\/div>\n<div style=\"font-size:13px;color:#534438;line-height:20px;\"><\/div>\n<p style=\"font-size:13px;color:#534438;line-height:20px;\"><a style=\"color:#cc2979;text-decoration:none\" href=\"http:\/\/phoenixpark.ie\/tours\/\">http:\/\/phoenixpark.ie\/tours\/<\/a><\/p>\n<\/td>\n<td valign=\"top\"><\/td>\n<\/tr>\n<\/table>\n<\/td>\n<\/tr>\n<\/table>\n<\/td>\n<\/tr>\n<\/table>\n<table width=\"100%\" cellpadding=\"0\" cellspacing=\"0\">\n<tr>\n<td style=\"padding:10px 30px\">\n<table width=\"100%\" cellpadding=\"0\" cellspacing=\"0\">\n<tr>\n<td width=\"52\" valign=\"top\"><img loading=\"lazy\" decoding=\"async\" src=\"http:\/\/dublineventguide.com\/dff\/admin\/images\/categories\/MARKETS.png\" width=\"32\" height=\"32\" \/><\/td>\n<td>\n<h2 style=\"font-size:16px;color:#534438;margin:0 0 5px;font-weight:normal\">Marlay Park Market<\/h2>\n<h3 style=\"font-size:13px;margin:0;padding:0;line-height:16px;color:#534438;\"><img loading=\"lazy\" decoding=\"async\" src=\"http:\/\/dublineventguide.com\/dff\/admin\/images\/weekly.png\" width=\"69\" height=\"16\" style=\"display:inline;float:left;\" \/> 10:00 &#8211; 16:00, Sun 27 May<\/h3>\n<p style=\"font-size:13px;color:#534438;line-height:20px;margin:0;padding-top:0;\">Marlay Park, Rathfarnham, Dublin 16<\/p>\n<table width=\"100%\" cellspacing=\"0\" cellpadding=\"0\">\n<tr>\n<td valign=\"top\">\n<div style=\"font-size:13px;color:#534438;line-height:20px;\">\n<p style=\"margin:10px 0;\">The County Council Market (CoCo) in Marlay Park is taking place every Saturday and Sunday. You will find a wide range of products. There will be food to eat there and food to cook at home but also crafts and arts and books and lots more.<\/a><\/div>\n<div style=\"font-size:13px;color:#534438;line-height:20px;\"><\/div>\n<p style=\"font-size:13px;color:#534438;line-height:20px;\"><a style=\"color:#cc2979;text-decoration:none\" href=\"http:\/\/www.dlrcoco.ie\/en\/parks-outdoors\/markets\">http:\/\/www.dlrcoco.ie\/en\/parks-outdoors\/markets<\/a><\/p>\n<\/td>\n<td valign=\"top\"><\/td>\n<\/tr>\n<\/table>\n<\/td>\n<\/tr>\n<\/table>\n<\/td>\n<\/tr>\n<\/table>\n<table width=\"100%\" cellpadding=\"0\" cellspacing=\"0\">\n<tr>\n<td style=\"padding:10px 30px\">\n<table width=\"100%\" cellpadding=\"0\" cellspacing=\"0\">\n<tr>\n<td width=\"52\" valign=\"top\"><img loading=\"lazy\" decoding=\"async\" src=\"http:\/\/dublineventguide.com\/dff\/admin\/images\/categories\/ART.png\" width=\"32\" height=\"32\" \/><\/td>\n<td>\n<h2 style=\"font-size:16px;color:#534438;margin:0 0 5px;font-weight:normal\">Merrion Square Open Air Gallery<\/h2>\n<h3 style=\"font-size:13px;margin:0;padding:0;line-height:16px;color:#534438;\"><img loading=\"lazy\" decoding=\"async\" src=\"http:\/\/dublineventguide.com\/dff\/admin\/images\/weekly.png\" width=\"69\" height=\"16\" style=\"display:inline;float:left;\" \/> 10:00 &#8211; 18:30, Sun 27 May<\/h3>\n<p style=\"font-size:13px;color:#534438;line-height:20px;margin:0;padding-top:0;\">Merrion Square, Dublin 2<\/p>\n<table width=\"100%\" cellspacing=\"0\" cellpadding=\"0\">\n<tr>\n<td valign=\"top\">\n<div style=\"font-size:13px;color:#534438;line-height:20px;\">\n<p style=\"margin:10px 0;\">Every Sunday, the Merrion Square Open Air Art Gallery takes place. Up to 200 artists exhibit their paintings on the railings on three sides (West, North and East) of Merrion Square and you can just enjoy the exhibition or even buy. <\/a><\/div>\n<div style=\"font-size:13px;color:#534438;line-height:20px;\"><\/div>\n<p style=\"font-size:13px;color:#534438;line-height:20px;\"><a style=\"color:#cc2979;text-decoration:none\" href=\"http:\/\/www.merrionsquareart.com\/\">http:\/\/www.merrionsquareart.com\/<\/a><\/p>\n<\/td>\n<td valign=\"top\"><\/td>\n<\/tr>\n<\/table>\n<\/td>\n<\/tr>\n<\/table>\n<\/td>\n<\/tr>\n<\/table>\n<table width=\"100%\" cellpadding=\"0\" cellspacing=\"0\">\n<tr>\n<td style=\"padding:10px 30px\">\n<table width=\"100%\" cellpadding=\"0\" cellspacing=\"0\">\n<tr>\n<td width=\"52\" valign=\"top\"><img loading=\"lazy\" decoding=\"async\" src=\"http:\/\/dublineventguide.com\/dff\/admin\/images\/categories\/MARKETS.png\" width=\"32\" height=\"32\" \/><\/td>\n<td>\n<h2 style=\"font-size:16px;color:#534438;margin:0 0 5px;font-weight:normal\">Art, Bites, Crafts &#8211; Drumcondra Market<\/h2>\n<h3 style=\"font-size:13px;margin:0;padding:0;line-height:16px;color:#534438;\"><img loading=\"lazy\" decoding=\"async\" src=\"http:\/\/dublineventguide.com\/dff\/admin\/images\/weekly.png\" width=\"69\" height=\"16\" style=\"display:inline;float:left;\" \/> 10:30 &#8211; 15:30, Sun 27 May<\/h3>\n<p style=\"font-size:13px;color:#534438;line-height:20px;margin:0;padding-top:0;\">Arts and Business Campus, 40 Drumcondra Road Lower<\/p>\n<table width=\"100%\" cellspacing=\"0\" cellpadding=\"0\">\n<tr>\n<td valign=\"top\">\n<div style=\"font-size:13px;color:#534438;line-height:20px;\">\n<p style=\"margin:10px 0;\">The Drumcondra Village Market is now the &#8220;Art, Bites, Crafts Drumcondra Market&#8221;. And as you guessed it, it is an arts and crafts fair in the centre of Drumcondra. :-) There will also be some food and music.<\/a><\/p>\n<p style=\"margin:10px 0;\">The market is open on Saturday and Sunday from 10:30-15:30.<\/a><\/p>\n<p style=\"margin:10px 0;\">Admission is free.<\/a><\/div>\n<div style=\"font-size:13px;color:#534438;line-height:20px;\"><\/div>\n<p style=\"font-size:13px;color:#534438;line-height:20px;\"><a style=\"color:#cc2979;text-decoration:none\" href=\"https:\/\/www.facebook.com\/abcdrumcondramarket\">https:\/\/www.facebook.com\/abcdrumcondramarket<\/a><\/p>\n<\/td>\n<td valign=\"top\"><\/td>\n<\/tr>\n<\/table>\n<\/td>\n<\/tr>\n<\/table>\n<\/td>\n<\/tr>\n<\/table>\n<table width=\"100%\" cellpadding=\"0\" cellspacing=\"0\">\n<tr>\n<td style=\"padding:10px 30px\">\n<table width=\"100%\" cellpadding=\"0\" cellspacing=\"0\">\n<tr>\n<td width=\"52\" valign=\"top\"><img loading=\"lazy\" decoding=\"async\" src=\"http:\/\/dublineventguide.com\/dff\/admin\/images\/categories\/ACTIVITY.png\" width=\"32\" height=\"32\" \/><\/td>\n<td>\n<h2 style=\"font-size:16px;color:#534438;margin:0 0 5px;font-weight:normal\">Africa Day 2018<\/h2>\n<h3 style=\"font-size:13px;margin:0;padding:0;line-height:16px;color:#534438;\">11:00 &#8211; 18:00, Sun 27 May<\/h3>\n<p style=\"font-size:13px;color:#534438;line-height:20px;margin:0;padding-top:0;\">Farmleigh House, Castleknock end of Phoenix Park, Dublin 15<\/p>\n<table width=\"100%\" cellspacing=\"0\" cellpadding=\"0\">\n<tr>\n<td valign=\"top\">\n<div style=\"font-size:13px;color:#534438;line-height:20px;\">\n<p style=\"margin:10px 0;\">Africa Day 2018 will take place in Farmleigh House to celebrate African culture in all its variety. It is a family-friendly event with music and dance on three stages, children entertainment, workshops, crafts and food at an African Bazaar and a fashion show.<\/a><\/p>\n<p style=\"margin:10px 0;\">Headline acts on the music stage are Irish band Kila (15:30-16:40) and AfroSoul band Fedah (17:00-18:00), but there will be many talented other performers as well.<\/a><\/p>\n<p>In an unusal and surprising move, this year&#8217;s event requires you to have a ticket for admission. Tickets are free and can be obtained via the Eventbrite site below. But I wouldn&#8217;t be surprised if the ticket requirement will negatively impact the event. Free events need to be hugely oversubscribed (i.e. a lot more tickets need to be issued than there is capacity) because many ticket holders don&#8217;t turn up. If the organisers got the numbers wrong, the event will be empty. We will see! <br \/>Get your <a href=\"https:\/\/www.eventbrite.ie\/e\/2018-africa-day-dublin-flagship-event-tickets-45554266036\" target=\"_blank\" style=\"color:#cc2979;text-decoration:none;\">tickets via this link<\/a>. At the time of writing this, there were only 2700 tickets left.<\/p>\n<p>Also a first: This year there will be no parking at Farmleigh House at all! For a venue that is quite far away from public transport, that is not great news. Luckily though Dublin Bus will provide a free shuttle bus from Parkgate Street.<br \/>Find out all details about <a href=\"http:\/\/africaday.ie\/transport-information-for-travelling-to-africa-day\/\" target=\"_blank\" style=\"color:#cc2979;text-decoration:none;\">how to get to Farmleigh House here<\/a>. <br \/>&#8212;&#8212;&#8212;&#8211;<br \/>A schedule of all performances and <a href=\"http:\/\/www.africaday.ie\/dublin\/\" style=\"color:#cc2979;text-decoration:none;\">list of all events is available here<\/a>.<\/p>\n<\/div>\n<div style=\"font-size:13px;color:#534438;line-height:20px;\"><\/div>\n<p style=\"font-size:13px;color:#534438;line-height:20px;\"><a style=\"color:#cc2979;text-decoration:none\" href=\"https:\/\/www.facebook.com\/events\/215879449005281\/\">https:\/\/www.facebook.com\/events\/215879449005281\/<\/a><\/p>\n<\/td>\n<td valign=\"top\"><\/td>\n<\/tr>\n<\/table>\n<\/td>\n<\/tr>\n<\/table>\n<\/td>\n<\/tr>\n<\/table>\n<table width=\"100%\" cellpadding=\"0\" cellspacing=\"0\">\n<tr>\n<td style=\"padding:10px 30px\">\n<table width=\"100%\" cellpadding=\"0\" cellspacing=\"0\">\n<tr>\n<td width=\"52\" valign=\"top\"><img loading=\"lazy\" decoding=\"async\" src=\"http:\/\/dublineventguide.com\/dff\/admin\/images\/categories\/MARKETS.png\" width=\"32\" height=\"32\" \/><\/td>\n<td>\n<h2 style=\"font-size:16px;color:#534438;margin:0 0 5px;font-weight:normal\">Dublin Flea Market<\/h2>\n<h3 style=\"font-size:13px;margin:0;padding:0;line-height:16px;color:#534438;\">11:00 &#8211; 17:00, Sun 27 May<\/h3>\n<p style=\"font-size:13px;color:#534438;line-height:20px;margin:0;padding-top:0;\">Dublin Food Co-op, 12 Newmarket Square, Dublin 8<\/p>\n<table width=\"100%\" cellspacing=\"0\" cellpadding=\"0\">\n<tr>\n<td valign=\"top\">\n<div style=\"font-size:13px;color:#534438;line-height:20px;\">\n<p style=\"margin:10px 0;\">This will be most likely the last Dublin Flea Market EVER at Newmarket Square!!! So if you want to have a last chance to experience this great event in its home location, then Sunday is the day!!<\/a><\/p>\n<p>The next Dublin Flea Market is taking place in the Food Co-op, 12 Newmarket, just off Cork Street, Dublin 8 on Sun from 11:00-17:00. The flea market takes place every last Sunday of the month and admission is free. For more information or if you want to sell your own stuff, check out <a href=\"http:\/\/www.dublinflea.ie\" target=\"_blank\" style=\"color:#cc2979;text-decoration:none;\">http:\/\/www.dublinflea.ie<\/a><\/p>\n<p style=\"margin:10px 0;\">&#8220;A bizarre bazaar of vintage clothing, bric-a-brac and what nots, old and new. Stalls include hand-made goods, art, jewelry, furniture, records and lots more unwanted items that may just be your treasure!&#8221;<\/a><\/p>\n<p style=\"margin:10px 0;\">Admission is free.<\/a><\/div>\n<div style=\"font-size:13px;color:#534438;line-height:20px;\"><\/div>\n<p style=\"font-size:13px;color:#534438;line-height:20px;\"><a style=\"color:#cc2979;text-decoration:none\" href=\"https:\/\/www.facebook.com\/pages\/The-Dublin-Flea-Market\/144081015625205\">https:\/\/www.facebook.com\/pages\/The-Dublin-Flea-Market\/144081015625205<\/a><\/p>\n<\/td>\n<td valign=\"top\"><\/td>\n<\/tr>\n<\/table>\n<\/td>\n<\/tr>\n<\/table>\n<\/td>\n<\/tr>\n<\/table>\n<table width=\"100%\" cellpadding=\"0\" cellspacing=\"0\">\n<tr>\n<td style=\"padding:10px 30px\">\n<table width=\"100%\" cellpadding=\"0\" cellspacing=\"0\">\n<tr>\n<td width=\"52\" valign=\"top\"><img loading=\"lazy\" decoding=\"async\" src=\"http:\/\/dublineventguide.com\/dff\/admin\/images\/categories\/MARKETS.png\" width=\"32\" height=\"32\" \/><\/td>\n<td>\n<h2 style=\"font-size:16px;color:#534438;margin:0 0 5px;font-weight:normal\">Dun Laoghaire Market<\/h2>\n<h3 style=\"font-size:13px;margin:0;padding:0;line-height:16px;color:#534438;\"><img loading=\"lazy\" decoding=\"async\" src=\"http:\/\/dublineventguide.com\/dff\/admin\/images\/weekly.png\" width=\"69\" height=\"16\" style=\"display:inline;float:left;\" \/> 11:00 &#8211; 16:00, Sun 27 May<\/h3>\n<p style=\"font-size:13px;color:#534438;line-height:20px;margin:0;padding-top:0;\">People&#8217;s Park, Dun Laoghaire, Co. Dublin<\/p>\n<table width=\"100%\" cellspacing=\"0\" cellpadding=\"0\">\n<tr>\n<td valign=\"top\">\n<div style=\"font-size:13px;color:#534438;line-height:20px;\">\n<p style=\"margin:10px 0;\">A weekly market with lots of food, but also many other products (art &#038; crafts, books, etc) takes place every Sunday in the beautiful People&#8217;s Park in Dun Laoghaire. It is a very popular market and with around 50 vendors also one of the bigger markets.<\/a><\/div>\n<div style=\"font-size:13px;color:#534438;line-height:20px;\"><\/div>\n<p style=\"font-size:13px;color:#534438;line-height:20px;\"><a style=\"color:#cc2979;text-decoration:none\" href=\"http:\/\/www.dlrcoco.ie\/en\/parks-outdoors\/markets\">http:\/\/www.dlrcoco.ie\/en\/parks-outdoors\/markets<\/a><\/p>\n<\/td>\n<td valign=\"top\"><\/td>\n<\/tr>\n<\/table>\n<\/td>\n<\/tr>\n<\/table>\n<\/td>\n<\/tr>\n<\/table>\n<table width=\"100%\" cellpadding=\"0\" cellspacing=\"0\">\n<tr>\n<td style=\"padding:10px 30px\">\n<table width=\"100%\" cellpadding=\"0\" cellspacing=\"0\">\n<tr>\n<td width=\"52\" valign=\"top\"><img loading=\"lazy\" decoding=\"async\" src=\"http:\/\/dublineventguide.com\/dff\/admin\/images\/categories\/MUSIC.png\" width=\"32\" height=\"32\" \/><\/td>\n<td>\n<h2 style=\"font-size:16px;color:#534438;margin:0 0 5px;font-weight:normal\">Palestrina Choir<\/h2>\n<h3 style=\"font-size:13px;margin:0;padding:0;line-height:16px;color:#534438;\"><img loading=\"lazy\" decoding=\"async\" src=\"http:\/\/dublineventguide.com\/dff\/admin\/images\/weekly.png\" width=\"69\" height=\"16\" style=\"display:inline;float:left;\" \/> 11:00, Sun 27 May<\/h3>\n<p style=\"font-size:13px;color:#534438;line-height:20px;margin:0;padding-top:0;\">St. Mary&#8217;s Pro-Cathedral, 83 Marlborough Street, Dublin 1<\/p>\n<table width=\"100%\" cellspacing=\"0\" cellpadding=\"0\">\n<tr>\n<td valign=\"top\">\n<div style=\"font-size:13px;color:#534438;line-height:20px;\">\n<p style=\"margin:10px 0;\">The well known Palestrina Choir sing every Sunday at the mass in St Mary&#8217;s Pro-Cathedral. They sing complete masterworks by Mozart, Haydn, Dvorak, Palestrina, de Victoria, usually accompanied by Prof. Gerard Gillen on the organ, who often also plays a solo piece.<\/a><\/div>\n<div style=\"font-size:13px;color:#534438;line-height:20px;\"><\/div>\n<p style=\"font-size:13px;color:#534438;line-height:20px;\"><a style=\"color:#cc2979;text-decoration:none\" href=\"http:\/\/www.procathedral.ie\/music\/this-week\">http:\/\/www.procathedral.ie\/music\/this-week<\/a><\/p>\n<\/td>\n<td valign=\"top\"><\/td>\n<\/tr>\n<\/table>\n<\/td>\n<\/tr>\n<\/table>\n<\/td>\n<\/tr>\n<\/table>\n<table width=\"100%\" cellpadding=\"0\" cellspacing=\"0\">\n<tr>\n<td style=\"padding:10px 30px\">\n<table width=\"100%\" cellpadding=\"0\" cellspacing=\"0\">\n<tr>\n<td width=\"52\" valign=\"top\"><img loading=\"lazy\" decoding=\"async\" src=\"http:\/\/dublineventguide.com\/dff\/admin\/images\/categories\/ACTIVITY.png\" width=\"32\" height=\"32\" \/><\/td>\n<td>\n<h2 style=\"font-size:16px;color:#534438;margin:0 0 5px;font-weight:normal\">Baroque Art and Guercino &#8211; Tour<\/h2>\n<h3 style=\"font-size:13px;margin:0;padding:0;line-height:16px;color:#534438;\">11:30 &#8211; 12:15, Sun 27 May<\/h3>\n<p style=\"font-size:13px;color:#534438;line-height:20px;margin:0;padding-top:0;\">National Gallery, Merrion Square West, Dublin 2 <\/p>\n<table width=\"100%\" cellspacing=\"0\" cellpadding=\"0\">\n<tr>\n<td valign=\"top\">\n<div style=\"font-size:13px;color:#534438;line-height:20px;\">\n<p style=\"margin:10px 0;\">The tour &#8220;Baroque art and Guercino&#8221; will take place. Explore baroque art in the collection, including the work of Italian artist Guercino.<\/a><\/p>\n<p style=\"margin:10px 0;\">Admission is free.<\/a><\/div>\n<div style=\"font-size:13px;color:#534438;line-height:20px;\"><\/div>\n<p style=\"font-size:13px;color:#534438;line-height:20px;\"><a style=\"color:#cc2979;text-decoration:none\" href=\"https:\/\/www.nationalgallery.ie\/baroque-art-and-guercino-1\">https:\/\/www.nationalgallery.ie\/baroque-art-and-guercino-1<\/a><\/p>\n<\/td>\n<td valign=\"top\"><\/td>\n<\/tr>\n<\/table>\n<\/td>\n<\/tr>\n<\/table>\n<\/td>\n<\/tr>\n<\/table>\n<table width=\"100%\" cellpadding=\"0\" cellspacing=\"0\">\n<tr>\n<td style=\"padding:10px 30px\">\n<table width=\"100%\" cellpadding=\"0\" cellspacing=\"0\">\n<tr>\n<td width=\"52\" valign=\"top\"><img loading=\"lazy\" decoding=\"async\" src=\"http:\/\/dublineventguide.com\/dff\/admin\/images\/categories\/KIDS.png\" width=\"32\" height=\"32\" \/><\/td>\n<td>\n<h2 style=\"font-size:16px;color:#534438;margin:0 0 5px;font-weight:normal\">Drop-in family session &#8211; National Gallery<\/h2>\n<h3 style=\"font-size:13px;margin:0;padding:0;line-height:16px;color:#534438;\">11:30 &#8211; 13:30, Sun 27 May<\/h3>\n<p style=\"font-size:13px;color:#534438;line-height:20px;margin:0;padding-top:0;\">National Gallery, Merrion Square West, Dublin 2 <\/p>\n<table width=\"100%\" cellspacing=\"0\" cellpadding=\"0\">\n<tr>\n<td valign=\"top\">\n<div style=\"font-size:13px;color:#534438;line-height:20px;\">\n<p style=\"margin:10px 0;\">A Drop-in family session will take place on Sunday. It is a art-making workshop where children and their parents\/guardians\/carers are encouraged to work together on creative projects.<\/a><\/p>\n<p style=\"margin:10px 0;\">Drop-in and stay for as long (or as little!) as you wish! Suitable for children of all ages.<\/a><\/p>\n<p style=\"margin:10px 0;\">Admission is free.<\/a><\/div>\n<div style=\"font-size:13px;color:#534438;line-height:20px;\"><\/div>\n<p style=\"font-size:13px;color:#534438;line-height:20px;\"><a style=\"color:#cc2979;text-decoration:none\" href=\"https:\/\/www.nationalgallery.ie\/drop-family-session-5\">https:\/\/www.nationalgallery.ie\/drop-family-session-5<\/a><\/p>\n<\/td>\n<td valign=\"top\"><\/td>\n<\/tr>\n<\/table>\n<\/td>\n<\/tr>\n<\/table>\n<\/td>\n<\/tr>\n<\/table>\n<table width=\"100%\" cellpadding=\"0\" cellspacing=\"0\">\n<tr>\n<td style=\"padding:10px 30px\">\n<table width=\"100%\" cellpadding=\"0\" cellspacing=\"0\">\n<tr>\n<td width=\"52\" valign=\"top\"><img loading=\"lazy\" decoding=\"async\" src=\"http:\/\/dublineventguide.com\/dff\/admin\/images\/categories\/ACTIVITY.png\" width=\"32\" height=\"32\" \/><\/td>\n<td>\n<h2 style=\"font-size:16px;color:#534438;margin:0 0 5px;font-weight:normal\">National Gallery Talks &#038; Tour<\/h2>\n<h3 style=\"font-size:13px;margin:0;padding:0;line-height:16px;color:#534438;\"><img loading=\"lazy\" decoding=\"async\" src=\"http:\/\/dublineventguide.com\/dff\/admin\/images\/weekly.png\" width=\"69\" height=\"16\" style=\"display:inline;float:left;\" \/> 11:30 &#8211; 16:50, Sun 27 May<\/h3>\n<p style=\"font-size:13px;color:#534438;line-height:20px;margin:0;padding-top:0;\">National Gallery, Merrion Square West, Dublin 2 <\/p>\n<table width=\"100%\" cellspacing=\"0\" cellpadding=\"0\">\n<tr>\n<td valign=\"top\">\n<div style=\"font-size:13px;color:#534438;line-height:20px;\">\n<p style=\"margin:10px 0;\">The National Gallery has an extensive programme of free talks, public tours and Art Documentary screenings every day of the week. Currently there is at least one free tour every day. Check their website for details. Some special events will be listed separately.<\/a><\/p>\n<p style=\"margin:10px 0;\">Admission to the gallery and to most events is free.<\/a><\/div>\n<div style=\"font-size:13px;color:#534438;line-height:20px;\"><\/div>\n<p style=\"font-size:13px;color:#534438;line-height:20px;\"><a style=\"color:#cc2979;text-decoration:none\" href=\"https:\/\/www.nationalgallery.ie\/whats-on\">https:\/\/www.nationalgallery.ie\/whats-on<\/a><\/p>\n<\/td>\n<td valign=\"top\"><\/td>\n<\/tr>\n<\/table>\n<\/td>\n<\/tr>\n<\/table>\n<\/td>\n<\/tr>\n<\/table>\n<table width=\"100%\" cellpadding=\"0\" cellspacing=\"0\">\n<tr>\n<td style=\"padding:10px 30px\">\n<table width=\"100%\" cellpadding=\"0\" cellspacing=\"0\">\n<tr>\n<td width=\"52\" valign=\"top\"><img loading=\"lazy\" decoding=\"async\" src=\"http:\/\/dublineventguide.com\/dff\/admin\/images\/categories\/MARKETS.png\" width=\"32\" height=\"32\" \/><\/td>\n<td>\n<h2 style=\"font-size:16px;color:#534438;margin:0 0 5px;font-weight:normal\">Blackrock Market<\/h2>\n<h3 style=\"font-size:13px;margin:0;padding:0;line-height:16px;color:#534438;\"><img loading=\"lazy\" decoding=\"async\" src=\"http:\/\/dublineventguide.com\/dff\/admin\/images\/weekly.png\" width=\"69\" height=\"16\" style=\"display:inline;float:left;\" \/> 12:00 &#8211; 17:30, Sun 27 May<\/h3>\n<p style=\"font-size:13px;color:#534438;line-height:20px;margin:0;padding-top:0;\">Blackrock Market, 19 Main Street, Blackrock, Co. Dublin<\/p>\n<table width=\"100%\" cellspacing=\"0\" cellpadding=\"0\">\n<tr>\n<td valign=\"top\">\n<div style=\"font-size:13px;color:#534438;line-height:20px;\">\n<p>At the Blackrock Market in the centre of Blackrock, you&#8217;ll find 50 stalls selling collectibles, antiques, handmade goods, books, food &#038; there&#8217;s free popcorn, ballons &#038; facepainting for the kids.<br \/>Open on Sundays: 12:00-17:30. Open on Saturdays and Bank Holidays: 11:00-17:30.<\/p>\n<\/div>\n<div style=\"font-size:13px;color:#534438;line-height:20px;\"><\/div>\n<p style=\"font-size:13px;color:#534438;line-height:20px;\"><a style=\"color:#cc2979;text-decoration:none\" href=\"http:\/\/www.blackrockmarket.com\/\">http:\/\/www.blackrockmarket.com\/<\/a><\/p>\n<\/td>\n<td valign=\"top\"><\/td>\n<\/tr>\n<\/table>\n<\/td>\n<\/tr>\n<\/table>\n<\/td>\n<\/tr>\n<\/table>\n<table width=\"100%\" cellpadding=\"0\" cellspacing=\"0\">\n<tr>\n<td style=\"padding:10px 30px\">\n<table width=\"100%\" cellpadding=\"0\" cellspacing=\"0\">\n<tr>\n<td width=\"52\" valign=\"top\"><img loading=\"lazy\" decoding=\"async\" src=\"http:\/\/dublineventguide.com\/dff\/admin\/images\/categories\/ACTIVITY.png\" width=\"32\" height=\"32\" \/><\/td>\n<td>\n<h2 style=\"font-size:16px;color:#534438;margin:0 0 5px;font-weight:normal\">FAKE &#8211; Science Gallery Exhibition<\/h2>\n<h3 style=\"font-size:13px;margin:0;padding:0;line-height:16px;color:#534438;\">12:00 &#8211; 18:00, Sun 27 May<\/h3>\n<p style=\"font-size:13px;color:#534438;line-height:20px;margin:0;padding-top:0;\">Science Gallery, Pearse Street, TCD, Dublin 2<\/p>\n<table width=\"100%\" cellspacing=\"0\" cellpadding=\"0\">\n<tr>\n<td valign=\"top\">\n<div style=\"font-size:13px;color:#534438;line-height:20px;\">\n<p style=\"margin:10px 0;\">The current exhibition in the Science Gallery is called &#8220;FAKE&#8221; and it will run from 08 March until 03 June.<\/a><\/p>\n<p style=\"margin:10px 0;\">The exhibition is looking at everything Fake from fake meat and fake cheese to fake emotions. In both the natural world and human society, faking, mimicking and copying can be a reliable strategy for success, a fake may be just as valuable as the real thing. But what about replicating taste, emotions, chemical signatures, facts and trademarks? When is authenticity essential and when is copying cool?<\/a><\/p>\n<p style=\"margin:10px 0;\">Some of the most interesting exhibits are:<\/a><\/p>\n<p>+ synthHAsizer will let you record your own fake laugh and use sonic filters to remix it from fake to real.<br \/>+ Mississippi Swan: Daybew! will create fake music: A new album of songs every fifteen minutes or around 700 unique songs every day. You can trigger the creation of a unique album at any time.<br \/>+ Altered historic figures from the Daily Herald show the beginning of fake news <br \/>+ There is even a deli where you can buy fake food samples for EUR 2. For example they have fake cheese, fake meat or &#8220;Dubliner Red Cheddar&#8221; cheese that is neither manufactured in Dublin nor is it Red Cheddar, it is coloured white cheddar manufactured in Cork.<\/p>\n<p style=\"margin:10px 0;\">The website below lists all exhibits and provides some explanation so that you can either before or after your visit check further details.<\/a><\/p>\n<p style=\"margin:10px 0;\">All Science Gallery exhibitions are suitable for ALL ages, even younger children will be able to take part\/follow. Some of the exhibits need a bit more of an age-appropriate explanation for younger kids than others, but nearly everything can be simplified for kids.<\/a><\/p>\n<p style=\"margin:10px 0;\">I strongly suggest to use the help of the amazing mediators, who can explain everything you see, especially if you don&#8217;t want to read all the explanations that are next to every exhibit.<\/a><\/p>\n<p style=\"margin:10px 0;\">The Science Gallery has very visitor friendly opening hours of Tue-Fri 12:00-20:00 and Sat+Sun 12:00-18:00.<\/a><\/p>\n<p style=\"margin:10px 0;\">Admission is free.<\/a><\/div>\n<div style=\"font-size:13px;color:#534438;line-height:20px;\"><\/div>\n<p style=\"font-size:13px;color:#534438;line-height:20px;\"><a style=\"color:#cc2979;text-decoration:none\" href=\"https:\/\/dublin.sciencegallery.com\/fake\">https:\/\/dublin.sciencegallery.com\/fake<\/a><\/p>\n<\/td>\n<td valign=\"top\"><\/td>\n<\/tr>\n<\/table>\n<\/td>\n<\/tr>\n<\/table>\n<\/td>\n<\/tr>\n<\/table>\n<table width=\"100%\" cellpadding=\"0\" cellspacing=\"0\">\n<tr>\n<td style=\"padding:10px 30px\">\n<table width=\"100%\" cellpadding=\"0\" cellspacing=\"0\">\n<tr>\n<td width=\"52\" valign=\"top\"><img loading=\"lazy\" decoding=\"async\" src=\"http:\/\/dublineventguide.com\/dff\/admin\/images\/categories\/ACTIVITY.png\" width=\"32\" height=\"32\" \/><\/td>\n<td>\n<h2 style=\"font-size:16px;color:#534438;margin:0 0 5px;font-weight:normal\">Guided Walks &#8211; Botanic Gardens<\/h2>\n<h3 style=\"font-size:13px;margin:0;padding:0;line-height:16px;color:#534438;\"><img loading=\"lazy\" decoding=\"async\" src=\"http:\/\/dublineventguide.com\/dff\/admin\/images\/weekly.png\" width=\"69\" height=\"16\" style=\"display:inline;float:left;\" \/> 12:00 &#8211; 15:30, Sun 27 May<\/h3>\n<p style=\"font-size:13px;color:#534438;line-height:20px;margin:0;padding-top:0;\">National Botanic Gardens, Botanic Road, Glasnevin, Dublin 9<\/p>\n<table width=\"100%\" cellspacing=\"0\" cellpadding=\"0\">\n<tr>\n<td valign=\"top\">\n<div style=\"font-size:13px;color:#534438;line-height:20px;\">\n<p style=\"margin:10px 0;\">Every Sunday, the National Botanic Gardens invite to two guided walks. The first one is at 12:00 and the second one at 14:30.<\/a><\/p>\n<p style=\"margin:10px 0;\">Admission is free. <\/a><\/div>\n<div style=\"font-size:13px;color:#534438;line-height:20px;\"><\/div>\n<p style=\"font-size:13px;color:#534438;line-height:20px;\"><a style=\"color:#cc2979;text-decoration:none\" href=\"http:\/\/www.botanicgardens.ie\/educ\/info.htm\">http:\/\/www.botanicgardens.ie\/educ\/info.htm<\/a><\/p>\n<\/td>\n<td valign=\"top\"><\/td>\n<\/tr>\n<\/table>\n<\/td>\n<\/tr>\n<\/table>\n<\/td>\n<\/tr>\n<\/table>\n<table width=\"100%\" cellpadding=\"0\" cellspacing=\"0\">\n<tr>\n<td style=\"padding:10px 30px\">\n<table width=\"100%\" cellpadding=\"0\" cellspacing=\"0\">\n<tr>\n<td width=\"52\" valign=\"top\"><img loading=\"lazy\" decoding=\"async\" src=\"http:\/\/dublineventguide.com\/dff\/admin\/images\/categories\/MUSIC.png\" width=\"32\" height=\"32\" \/><\/td>\n<td>\n<h2 style=\"font-size:16px;color:#534438;margin:0 0 5px;font-weight:normal\">Sunday at Noon &#8211; Classical Concerts<\/h2>\n<h3 style=\"font-size:13px;margin:0;padding:0;line-height:16px;color:#534438;\"><img loading=\"lazy\" decoding=\"async\" src=\"http:\/\/dublineventguide.com\/dff\/admin\/images\/weekly.png\" width=\"69\" height=\"16\" style=\"display:inline;float:left;\" \/> 12:00 &#8211; 13:00, Sun 27 May<\/h3>\n<p style=\"font-size:13px;color:#534438;line-height:20px;margin:0;padding-top:0;\">Hugh Lane Gallery, Parnell Square North, Dublin 1 <\/p>\n<table width=\"100%\" cellspacing=\"0\" cellpadding=\"0\">\n<tr>\n<td valign=\"top\">\n<div style=\"font-size:13px;color:#534438;line-height:20px;\">\n<p style=\"margin:10px 0;\">The Sundays at Noon Concert Series continues in the Sculpture Gallery at the Hugh Lane Gallery. This series of free (mainly classical) concerts continues to present the best of Irish and International music and musicians. Concerts run from September to June.<\/a><\/p>\n<p style=\"margin:10px 0;\">The next concert will feature<\/a><\/p>\n<p>Colman Pearce Piano<br \/>Stuart O&#8217;Sullivan piano<br \/>Gillian Williams violin<br \/>Arun Rao cello<\/p>\n<p style=\"margin:10px 0;\">And they will play works for Cello and Piano.<\/a><\/div>\n<div style=\"font-size:13px;color:#534438;line-height:20px;\"><\/div>\n<p style=\"font-size:13px;color:#534438;line-height:20px;\"><a style=\"color:#cc2979;text-decoration:none\" href=\"http:\/\/www.hughlane.ie\">http:\/\/www.hughlane.ie<\/a><\/p>\n<\/td>\n<td valign=\"top\"><\/td>\n<\/tr>\n<\/table>\n<\/td>\n<\/tr>\n<\/table>\n<\/td>\n<\/tr>\n<\/table>\n<table width=\"100%\" cellpadding=\"0\" cellspacing=\"0\">\n<tr>\n<td style=\"padding:10px 30px\">\n<table width=\"100%\" cellpadding=\"0\" cellspacing=\"0\">\n<tr>\n<td width=\"52\" valign=\"top\"><img loading=\"lazy\" decoding=\"async\" src=\"http:\/\/dublineventguide.com\/dff\/admin\/images\/categories\/MARKETS.png\" width=\"32\" height=\"32\" \/><\/td>\n<td>\n<h2 style=\"font-size:16px;color:#534438;margin:0 0 5px;font-weight:normal\">The Dublin Alternative Flea Market<\/h2>\n<h3 style=\"font-size:13px;margin:0;padding:0;line-height:16px;color:#534438;\">12:00 &#8211; 18:00, Sun 27 May<\/h3>\n<p style=\"font-size:13px;color:#534438;line-height:20px;margin:0;padding-top:0;\">Vodoo Lounge, 39 Arran Quay, Dublin 1<\/p>\n<table width=\"100%\" cellspacing=\"0\" cellpadding=\"0\">\n<tr>\n<td valign=\"top\">\n<div style=\"font-size:13px;color:#534438;line-height:20px;\">\n<p style=\"margin:10px 0;\">The Dublin Alternative Flea Market in the Vodoo Lounge will be an opportunity to find lots of preloved alternative treasure. Admission is free.<\/a><\/div>\n<div style=\"font-size:13px;color:#534438;line-height:20px;\"><\/div>\n<p style=\"font-size:13px;color:#534438;line-height:20px;\"><a style=\"color:#cc2979;text-decoration:none\" href=\"https:\/\/www.facebook.com\/events\/171280943684811\/\">https:\/\/www.facebook.com\/events\/171280943684811\/<\/a><\/p>\n<\/td>\n<td valign=\"top\"><\/td>\n<\/tr>\n<\/table>\n<\/td>\n<\/tr>\n<\/table>\n<\/td>\n<\/tr>\n<\/table>\n<table width=\"100%\" cellpadding=\"0\" cellspacing=\"0\">\n<tr>\n<td style=\"padding:10px 30px\">\n<table width=\"100%\" cellpadding=\"0\" cellspacing=\"0\">\n<tr>\n<td width=\"52\" valign=\"top\"><img loading=\"lazy\" decoding=\"async\" src=\"http:\/\/dublineventguide.com\/dff\/admin\/images\/categories\/ACTIVITY.png\" width=\"32\" height=\"32\" \/><\/td>\n<td>\n<h2 style=\"font-size:16px;color:#534438;margin:0 0 5px;font-weight:normal\">Family Tour &#8211; National Gallery<\/h2>\n<h3 style=\"font-size:13px;margin:0;padding:0;line-height:16px;color:#534438;\">12:30 &#8211; 13:15, Sun 27 May<\/h3>\n<p style=\"font-size:13px;color:#534438;line-height:20px;margin:0;padding-top:0;\">National Gallery, Merrion Square West, Dublin 2 <\/p>\n<table width=\"100%\" cellspacing=\"0\" cellpadding=\"0\">\n<tr>\n<td valign=\"top\">\n<div style=\"font-size:13px;color:#534438;line-height:20px;\">\n<p style=\"margin:10px 0;\">This Family Tour is specially designed for children and their guardians, parents and carers to make the works on display in the National Gallery fun and engaging for kids.<\/a><\/p>\n<p style=\"margin:10px 0;\">Admission is free. Meet at the Merrion Square information desk.<\/a><\/div>\n<div style=\"font-size:13px;color:#534438;line-height:20px;\"><\/div>\n<p style=\"font-size:13px;color:#534438;line-height:20px;\"><a style=\"color:#cc2979;text-decoration:none\" href=\"https:\/\/www.nationalgallery.ie\/family-friendly-tour-8\">https:\/\/www.nationalgallery.ie\/family-friendly-tour-8<\/a><\/p>\n<\/td>\n<td valign=\"top\"><\/td>\n<\/tr>\n<\/table>\n<\/td>\n<\/tr>\n<\/table>\n<\/td>\n<\/tr>\n<\/table>\n<table width=\"100%\" cellpadding=\"0\" cellspacing=\"0\">\n<tr>\n<td style=\"padding:10px 30px\">\n<table width=\"100%\" cellpadding=\"0\" cellspacing=\"0\">\n<tr>\n<td width=\"52\" valign=\"top\"><img loading=\"lazy\" decoding=\"async\" src=\"http:\/\/dublineventguide.com\/dff\/admin\/images\/categories\/MUSIC.png\" width=\"32\" height=\"32\" \/><\/td>\n<td>\n<h2 style=\"font-size:16px;color:#534438;margin:0 0 5px;font-weight:normal\">Sunday Songbrunch<\/h2>\n<h3 style=\"font-size:13px;margin:0;padding:0;line-height:16px;color:#534438;\">12:30 &#8211; 16:30, Sun 27 May<\/h3>\n<p style=\"font-size:13px;color:#534438;line-height:20px;margin:0;padding-top:0;\">Bagots Hutton Bar &#038; Restaurant, 6 Upper Ormond Quay, Dublin 7<\/p>\n<table width=\"100%\" cellspacing=\"0\" cellpadding=\"0\">\n<tr>\n<td valign=\"top\">\n<div style=\"font-size:13px;color:#534438;line-height:20px;\">\n<p style=\"margin:10px 0;\">Barry Jay Hughes and Padraig McMahon will perform at the Sunday Songbrunch. There will also be an Open Mic and Closing Jam.<\/a><\/p>\n<p style=\"margin:10px 0;\">Admission is free.<\/a><\/div>\n<div style=\"font-size:13px;color:#534438;line-height:20px;\"><\/div>\n<p style=\"font-size:13px;color:#534438;line-height:20px;\"><a style=\"color:#cc2979;text-decoration:none\" href=\"https:\/\/www.facebook.com\/events\/198016474336889\/\">https:\/\/www.facebook.com\/events\/198016474336889\/<\/a><\/p>\n<\/td>\n<td valign=\"top\"><\/td>\n<\/tr>\n<\/table>\n<\/td>\n<\/tr>\n<\/table>\n<\/td>\n<\/tr>\n<\/table>\n<table width=\"100%\" cellpadding=\"0\" cellspacing=\"0\">\n<tr>\n<td style=\"padding:10px 30px\">\n<table width=\"100%\" cellpadding=\"0\" cellspacing=\"0\">\n<tr>\n<td width=\"52\" valign=\"top\"><img loading=\"lazy\" decoding=\"async\" src=\"http:\/\/dublineventguide.com\/dff\/admin\/images\/categories\/ACTIVITY.png\" width=\"32\" height=\"32\" \/><\/td>\n<td>\n<h2 style=\"font-size:16px;color:#534438;margin:0 0 5px;font-weight:normal\">Baroque Art and Guercino &#8211; Tour<\/h2>\n<h3 style=\"font-size:13px;margin:0;padding:0;line-height:16px;color:#534438;\">13:30 &#8211; 14:15, Sun 27 May<\/h3>\n<p style=\"font-size:13px;color:#534438;line-height:20px;margin:0;padding-top:0;\">National Gallery, Merrion Square West, Dublin 2 <\/p>\n<table width=\"100%\" cellspacing=\"0\" cellpadding=\"0\">\n<tr>\n<td valign=\"top\">\n<div style=\"font-size:13px;color:#534438;line-height:20px;\">\n<p style=\"margin:10px 0;\">The tour &#8220;Baroque art and Guercino&#8221; will take place. Explore baroque art in the collection, including the work of Italian artist Guercino.<\/a><\/p>\n<p style=\"margin:10px 0;\">Admission is free.<\/a><\/div>\n<div style=\"font-size:13px;color:#534438;line-height:20px;\"><\/div>\n<p style=\"font-size:13px;color:#534438;line-height:20px;\"><a style=\"color:#cc2979;text-decoration:none\" href=\"https:\/\/www.nationalgallery.ie\/baroque-art-and-guercino-2\">https:\/\/www.nationalgallery.ie\/baroque-art-and-guercino-2<\/a><\/p>\n<\/td>\n<td valign=\"top\"><\/td>\n<\/tr>\n<\/table>\n<\/td>\n<\/tr>\n<\/table>\n<\/td>\n<\/tr>\n<\/table>\n<table width=\"100%\" cellpadding=\"0\" cellspacing=\"0\">\n<tr>\n<td style=\"padding:10px 30px\">\n<table width=\"100%\" cellpadding=\"0\" cellspacing=\"0\">\n<tr>\n<td width=\"52\" valign=\"top\"><img loading=\"lazy\" decoding=\"async\" src=\"http:\/\/dublineventguide.com\/dff\/admin\/images\/categories\/MUSIC.png\" width=\"32\" height=\"32\" \/><\/td>\n<td>\n<h2 style=\"font-size:16px;color:#534438;margin:0 0 5px;font-weight:normal\">Soul &#038; Jazz With Raimonda<\/h2>\n<h3 style=\"font-size:13px;margin:0;padding:0;line-height:16px;color:#534438;\">13:30 &#8211; 16:00, Sun 27 May<\/h3>\n<p style=\"font-size:13px;color:#534438;line-height:20px;margin:0;padding-top:0;\">Oscar&#8217;s Cafe Bar, Smithfield Square, Dublin 7<\/p>\n<table width=\"100%\" cellspacing=\"0\" cellpadding=\"0\">\n<tr>\n<td valign=\"top\">\n<div style=\"font-size:13px;color:#534438;line-height:20px;\">\n<p style=\"margin:10px 0;\">Raimonda Masiulyte will sing Soul and Jazz at this weekly gig. She will be backed by Eamonn Moran on guitar.<\/a><\/p>\n<p style=\"margin:10px 0;\">Admission is free.<\/a><\/p>\n<p style=\"margin:10px 0;\"> <\/a><\/div>\n<div style=\"font-size:13px;color:#534438;line-height:20px;\"><\/div>\n<p style=\"font-size:13px;color:#534438;line-height:20px;\"><a style=\"color:#cc2979;text-decoration:none\" href=\"https:\/\/www.jazzireland.ie\/jazz-events\/gig\/1787-soul-jazz-with-raimonda.html\">https:\/\/www.jazzireland.ie\/jazz-events\/gig\/1787-soul-jazz-with-raimonda.html<\/a><\/p>\n<\/td>\n<td valign=\"top\"><\/td>\n<\/tr>\n<\/table>\n<\/td>\n<\/tr>\n<\/table>\n<\/td>\n<\/tr>\n<\/table>\n<table width=\"100%\" cellpadding=\"0\" cellspacing=\"0\">\n<tr>\n<td style=\"padding:10px 30px\">\n<table width=\"100%\" cellpadding=\"0\" cellspacing=\"0\">\n<tr>\n<td width=\"52\" valign=\"top\"><img loading=\"lazy\" decoding=\"async\" src=\"http:\/\/dublineventguide.com\/dff\/admin\/images\/categories\/ACTIVITY.png\" width=\"32\" height=\"32\" \/><\/td>\n<td>\n<h2 style=\"font-size:16px;color:#534438;margin:0 0 5px;font-weight:normal\">Bark in the Park &#8211; Dog Event<\/h2>\n<h3 style=\"font-size:13px;margin:0;padding:0;line-height:16px;color:#534438;\">14:00, Sun 27 May<\/h3>\n<p style=\"font-size:13px;color:#534438;line-height:20px;margin:0;padding-top:0;\">St. Anne\u2019s Park, Raheny, Dublin 5<\/p>\n<table width=\"100%\" cellspacing=\"0\" cellpadding=\"0\">\n<tr>\n<td valign=\"top\">\n<div style=\"font-size:13px;color:#534438;line-height:20px;\">\n<p style=\"margin:10px 0;\">Bark in the Park will take place in St. Anne&#8217;s Park. It is a sponsored walk at 15:00 to raise funds for the Irish Blue Cross, a animal charits and veterinary care provider. Before the walk, there will be classes and demos from 14:00.<\/a><\/p>\n<p style=\"margin:10px 0;\">It is not completely clear what\/is some elements of the event are free, but I guess that if you can&#8217;t afford to donate or if you don&#8217;t want to take part in the walk OR if you don&#8217;t have a dog, the event won&#8217;t cost you anything.<\/a><\/div>\n<div style=\"font-size:13px;color:#534438;line-height:20px;\"><\/div>\n<p style=\"font-size:13px;color:#534438;line-height:20px;\"><a style=\"color:#cc2979;text-decoration:none\" href=\"http:\/\/www.barkinthepark.ie\/\">http:\/\/www.barkinthepark.ie\/<\/a><\/p>\n<\/td>\n<td valign=\"top\"><\/td>\n<\/tr>\n<\/table>\n<\/td>\n<\/tr>\n<\/table>\n<\/td>\n<\/tr>\n<\/table>\n<table width=\"100%\" cellpadding=\"0\" cellspacing=\"0\">\n<tr>\n<td style=\"padding:10px 30px\">\n<table width=\"100%\" cellpadding=\"0\" cellspacing=\"0\">\n<tr>\n<td width=\"52\" valign=\"top\"><img loading=\"lazy\" decoding=\"async\" src=\"http:\/\/dublineventguide.com\/dff\/admin\/images\/categories\/ART.png\" width=\"32\" height=\"32\" \/><\/td>\n<td>\n<h2 style=\"font-size:16px;color:#534438;margin:0 0 5px;font-weight:normal\">Dublin Sketchers &#8211; Sunday Meet-up<\/h2>\n<h3 style=\"font-size:13px;margin:0;padding:0;line-height:16px;color:#534438;\"><img loading=\"lazy\" decoding=\"async\" src=\"http:\/\/dublineventguide.com\/dff\/admin\/images\/weekly.png\" width=\"69\" height=\"16\" style=\"display:inline;float:left;\" \/> 14:00, Sun 27 May<\/h3>\n<p style=\"font-size:13px;color:#534438;line-height:20px;margin:0;padding-top:0;\">Dublin (various locations) <\/p>\n<table width=\"100%\" cellspacing=\"0\" cellpadding=\"0\">\n<tr>\n<td valign=\"top\">\n<div style=\"font-size:13px;color:#534438;line-height:20px;\">\n<p style=\"margin:10px 0;\">The &#8220;Dublin Sketchers&#8221; is an informal group of (hobby) artists who go somewhere different in Dublin every Sunday (e.g. National Museum, Maritime Museum, Dublin Flea Market, Farmleigh, Botanic Gardens, Dublin Castle, Science Gallery, &#8230;), sketch for one to two hours and then meet up for coffee afterwards and discuss their sketches.<\/a><\/p>\n<p>There are some hugely talented people among them and it is a great idea to meet up with others who have the same hobby. Find out on their website below or on their <a href=\"https:\/\/www.facebook.com\/dublin.sketchers\" target=\"_blank\" style=\"color:#cc2979;text-decoration:none;\">Facebook Page<\/a> where they will meet and join them if you do some sketching\/drawing yourself. I know that the Dublin Sketchers often use the Dublin Event Guide to find interesting free events and I am delighted to be able to help!<\/p>\n<\/div>\n<div style=\"font-size:13px;color:#534438;line-height:20px;\"><\/div>\n<p style=\"font-size:13px;color:#534438;line-height:20px;\"><a style=\"color:#cc2979;text-decoration:none\" href=\"http:\/\/www.dublinsketchers.blogspot.com\/\">http:\/\/www.dublinsketchers.blogspot.com\/<\/a><\/p>\n<\/td>\n<td valign=\"top\"><\/td>\n<\/tr>\n<\/table>\n<\/td>\n<\/tr>\n<\/table>\n<\/td>\n<\/tr>\n<\/table>\n<table width=\"100%\" cellpadding=\"0\" cellspacing=\"0\">\n<tr>\n<td style=\"padding:10px 30px\">\n<table width=\"100%\" cellpadding=\"0\" cellspacing=\"0\">\n<tr>\n<td width=\"52\" valign=\"top\"><img loading=\"lazy\" decoding=\"async\" src=\"http:\/\/dublineventguide.com\/dff\/admin\/images\/categories\/ACTIVITY.png\" width=\"32\" height=\"32\" \/><\/td>\n<td>\n<h2 style=\"font-size:16px;color:#534438;margin:0 0 5px;font-weight:normal\">Hugh Lane Gallery &#8211; Guided Tour <\/h2>\n<h3 style=\"font-size:13px;margin:0;padding:0;line-height:16px;color:#534438;\"><img loading=\"lazy\" decoding=\"async\" src=\"http:\/\/dublineventguide.com\/dff\/admin\/images\/weekly.png\" width=\"69\" height=\"16\" style=\"display:inline;float:left;\" \/> 14:00, Sun 27 May<\/h3>\n<p style=\"font-size:13px;color:#534438;line-height:20px;margin:0;padding-top:0;\">Hugh Lane Gallery, Parnell Square North, Dublin 1 <\/p>\n<table width=\"100%\" cellspacing=\"0\" cellpadding=\"0\">\n<tr>\n<td valign=\"top\">\n<div style=\"font-size:13px;color:#534438;line-height:20px;\">\n<p style=\"margin:10px 0;\">Every Sunday a free tour takes place in the Hugh Lane Gallery.<\/a><\/p>\n<p style=\"margin:10px 0;\">Admission is free and booking is not required, but places are limited, so early arrival is recommended.<\/a><\/div>\n<div style=\"font-size:13px;color:#534438;line-height:20px;\"><\/div>\n<p style=\"font-size:13px;color:#534438;line-height:20px;\"><a style=\"color:#cc2979;text-decoration:none\" href=\"http:\/\/www.hughlane.ie\/lectures\/current\/1431-free-sunday-tours-at-2pm-2016\">http:\/\/www.hughlane.ie\/lectures\/current\/1431-free-sunday-tours-at-2pm-2016<\/a><\/p>\n<\/td>\n<td valign=\"top\"><\/td>\n<\/tr>\n<\/table>\n<\/td>\n<\/tr>\n<\/table>\n<\/td>\n<\/tr>\n<\/table>\n<table width=\"100%\" cellpadding=\"0\" cellspacing=\"0\">\n<tr>\n<td style=\"padding:10px 30px\">\n<table width=\"100%\" cellpadding=\"0\" cellspacing=\"0\">\n<tr>\n<td width=\"52\" valign=\"top\"><img loading=\"lazy\" decoding=\"async\" src=\"http:\/\/dublineventguide.com\/dff\/admin\/images\/categories\/MUSIC.png\" width=\"32\" height=\"32\" \/><\/td>\n<td>\n<h2 style=\"font-size:16px;color:#534438;margin:0 0 5px;font-weight:normal\">Stella Bass Jazz Trio<\/h2>\n<h3 style=\"font-size:13px;margin:0;padding:0;line-height:16px;color:#534438;\"><img loading=\"lazy\" decoding=\"async\" src=\"http:\/\/dublineventguide.com\/dff\/admin\/images\/weekly.png\" width=\"69\" height=\"16\" style=\"display:inline;float:left;\" \/> 14:00 &#8211; 16:00, Sun 27 May<\/h3>\n<p style=\"font-size:13px;color:#534438;line-height:20px;margin:0;padding-top:0;\">Caf\u00e9 en Seine, Dawson Street, Dublin 2<\/p>\n<table width=\"100%\" cellspacing=\"0\" cellpadding=\"0\">\n<tr>\n<td valign=\"top\">\n<div style=\"font-size:13px;color:#534438;line-height:20px;\">\n<p>Afternoon Jazz in Caf\u00e9 en Seine. The Stella Bass Jazz Trio play every Sunday from 14:00-16:00 in Caf\u00e9 en Seine in Dawson Street. Admission is free. A video is here <a href=\"http:\/\/www.youtube.com\/watch?v=l8aKqtOB5S8\" style=\"color:#cc2979;text-decoration:none;\">http:\/\/www.youtube.com\/watch?v=l8aKqtOB5S8<\/a> <\/p>\n<\/div>\n<div style=\"font-size:13px;color:#534438;line-height:20px;\"><\/div>\n<p style=\"font-size:13px;color:#534438;line-height:20px;\"><a style=\"color:#cc2979;text-decoration:none\" href=\"http:\/\/www.stellabass.com\">http:\/\/www.stellabass.com<\/a><\/p>\n<\/td>\n<td valign=\"top\"><\/td>\n<\/tr>\n<\/table>\n<\/td>\n<\/tr>\n<\/table>\n<\/td>\n<\/tr>\n<\/table>\n<table width=\"100%\" cellpadding=\"0\" cellspacing=\"0\">\n<tr>\n<td style=\"padding:10px 30px\">\n<table width=\"100%\" cellpadding=\"0\" cellspacing=\"0\">\n<tr>\n<td width=\"52\" valign=\"top\"><img loading=\"lazy\" decoding=\"async\" src=\"http:\/\/dublineventguide.com\/dff\/admin\/images\/categories\/LITERATURE.png\" width=\"32\" height=\"32\" \/><\/td>\n<td>\n<h2 style=\"font-size:16px;color:#534438;margin:0 0 5px;font-weight:normal\">Bring Your Limericks to Books Upstairs<\/h2>\n<h3 style=\"font-size:13px;margin:0;padding:0;line-height:16px;color:#534438;\">14:30 &#8211; 16:00, Sun 27 May<\/h3>\n<p style=\"font-size:13px;color:#534438;line-height:20px;margin:0;padding-top:0;\">Books Upstairs, 17 D&#8217;Olier Street, Dublin 2<\/p>\n<table width=\"100%\" cellspacing=\"0\" cellpadding=\"0\">\n<tr>\n<td valign=\"top\">\n<div style=\"font-size:13px;color:#534438;line-height:20px;\">\n<p>The Dublin heats of the annual &#8220;Bring Your Limericks to Limerick&#8221; competition will be held Books Upstairs, where poets will be invited to read their limericks aloud. All participants will be entered into the main competition to be in with a chance of winning the grand prize in the festival final in August&#8230; More details can be found on the festival website, <a href=\"https:\/\/limericksfest.wixsite.com\/limerickliteraryfest\" style=\"color:#cc2979;text-decoration:none;\">https:\/\/limericksfest.wixsite.com\/limerickliteraryfest<\/a><\/p>\n<p style=\"margin:10px 0;\">Admission is free, <\/a><\/div>\n<div style=\"font-size:13px;color:#534438;line-height:20px;\"><\/div>\n<p style=\"font-size:13px;color:#534438;line-height:20px;\"><a style=\"color:#cc2979;text-decoration:none\" href=\"https:\/\/www.facebook.com\/events\/255272211709682\/\">https:\/\/www.facebook.com\/events\/255272211709682\/<\/a><\/p>\n<\/td>\n<td valign=\"top\"><\/td>\n<\/tr>\n<\/table>\n<\/td>\n<\/tr>\n<\/table>\n<\/td>\n<\/tr>\n<\/table>\n<table width=\"100%\" cellpadding=\"0\" cellspacing=\"0\">\n<tr>\n<td style=\"padding:10px 30px\">\n<table width=\"100%\" cellpadding=\"0\" cellspacing=\"0\">\n<tr>\n<td width=\"52\" valign=\"top\"><img loading=\"lazy\" decoding=\"async\" src=\"http:\/\/dublineventguide.com\/dff\/admin\/images\/categories\/ACTIVITY.png\" width=\"32\" height=\"32\" \/><\/td>\n<td>\n<h2 style=\"font-size:16px;color:#534438;margin:0 0 5px;font-weight:normal\">Chester Beatty Library &#8211; Guided Tour<\/h2>\n<h3 style=\"font-size:13px;margin:0;padding:0;line-height:16px;color:#534438;\"><img loading=\"lazy\" decoding=\"async\" src=\"http:\/\/dublineventguide.com\/dff\/admin\/images\/weekly.png\" width=\"69\" height=\"16\" style=\"display:inline;float:left;\" \/> 15:00, Sun 27 May<\/h3>\n<p style=\"font-size:13px;color:#534438;line-height:20px;margin:0;padding-top:0;\">Chester Beatty Library, Gardens of Dublin Castle, Dublin 2<\/p>\n<table width=\"100%\" cellspacing=\"0\" cellpadding=\"0\">\n<tr>\n<td valign=\"top\">\n<div style=\"font-size:13px;color:#534438;line-height:20px;\">\n<p style=\"margin:10px 0;\">Every Sunday a free guided tour will take place in the Chester Betty Library. The tour starts at 15:00.<\/a><\/p>\n<p style=\"margin:10px 0;\">In addition there is another free tour every Wednesday at 13:00 and one on Saturdays at 14:00<\/a><\/div>\n<div style=\"font-size:13px;color:#534438;line-height:20px;\"><\/div>\n<p style=\"font-size:13px;color:#534438;line-height:20px;\"><a style=\"color:#cc2979;text-decoration:none\" href=\"http:\/\/www.cbl.ie\/Plan-A-Visit\/What-s-On.aspx\">http:\/\/www.cbl.ie\/Plan-A-Visit\/What-s-On.aspx<\/a><\/p>\n<\/td>\n<td valign=\"top\"><\/td>\n<\/tr>\n<\/table>\n<\/td>\n<\/tr>\n<\/table>\n<\/td>\n<\/tr>\n<\/table>\n<table width=\"100%\" cellpadding=\"0\" cellspacing=\"0\">\n<tr>\n<td style=\"padding:10px 30px\">\n<table width=\"100%\" cellpadding=\"0\" cellspacing=\"0\">\n<tr>\n<td width=\"52\" valign=\"top\"><img loading=\"lazy\" decoding=\"async\" src=\"http:\/\/dublineventguide.com\/dff\/admin\/images\/categories\/TALKS.png\" width=\"32\" height=\"32\" \/><\/td>\n<td>\n<h2 style=\"font-size:16px;color:#534438;margin:0 0 5px;font-weight:normal\">Dublin 1850-1920: Full of animated picures &#8211; Talk<\/h2>\n<h3 style=\"font-size:13px;margin:0;padding:0;line-height:16px;color:#534438;\">15:00 &#8211; 16:00, Sun 27 May<\/h3>\n<p style=\"font-size:13px;color:#534438;line-height:20px;margin:0;padding-top:0;\">National Gallery, Merrion Square West, Dublin 2 <\/p>\n<table width=\"100%\" cellspacing=\"0\" cellpadding=\"0\">\n<tr>\n<td valign=\"top\">\n<div style=\"font-size:13px;color:#534438;line-height:20px;\">\n<p style=\"margin:10px 0;\">The talk &#8220;Full of animated and interesting pictures: Dublin, 1850-1920&#8221; with Dr Kathryn Milligan, UCD will look at depictions of Dublin in art, 1850 to 1920.<\/a><\/p>\n<p style=\"margin:10px 0;\">Admission is free.<\/a><\/div>\n<div style=\"font-size:13px;color:#534438;line-height:20px;\"><\/div>\n<p style=\"font-size:13px;color:#534438;line-height:20px;\"><a style=\"color:#cc2979;text-decoration:none\" href=\"https:\/\/www.nationalgallery.ie\/full-animated-and-interesting-pictures-dublin-1850-1920\">https:\/\/www.nationalgallery.ie\/full-animated-and-interesting-pictures-dublin-1850-1920<\/a><\/p>\n<\/td>\n<td valign=\"top\"><\/td>\n<\/tr>\n<\/table>\n<\/td>\n<\/tr>\n<\/table>\n<\/td>\n<\/tr>\n<\/table>\n<table width=\"100%\" cellpadding=\"0\" cellspacing=\"0\">\n<tr>\n<td style=\"padding:10px 30px\">\n<table width=\"100%\" cellpadding=\"0\" cellspacing=\"0\">\n<tr>\n<td width=\"52\" valign=\"top\"><img loading=\"lazy\" decoding=\"async\" src=\"http:\/\/dublineventguide.com\/dff\/admin\/images\/categories\/ACTIVITY.png\" width=\"32\" height=\"32\" \/><\/td>\n<td>\n<h2 style=\"font-size:16px;color:#534438;margin:0 0 5px;font-weight:normal\">Museum Tour &#8211; National Print Museum<\/h2>\n<h3 style=\"font-size:13px;margin:0;padding:0;line-height:16px;color:#534438;\"><img loading=\"lazy\" decoding=\"async\" src=\"http:\/\/dublineventguide.com\/dff\/admin\/images\/weekly.png\" width=\"69\" height=\"16\" style=\"display:inline;float:left;\" \/> 15:00 &#8211; 16:30, Sun 27 May<\/h3>\n<p style=\"font-size:13px;color:#534438;line-height:20px;margin:0;padding-top:0;\">National Print Museum, Beggars Bush, Haddington Road, Dublin 4 <\/p>\n<table width=\"100%\" cellspacing=\"0\" cellpadding=\"0\">\n<tr>\n<td valign=\"top\">\n<div style=\"font-size:13px;color:#534438;line-height:20px;\">\n<p style=\"margin:10px 0;\">Unlike the three branches of the National Museum, the National Print Museum is normally not free, but every Sunday there is a free public tour for the next few weeks. Every visit begins with a short audio-visual presentation where the audience can observe active retired printers providing practical demonstrations of machines from the Museum\u2019s collection.<\/a><\/div>\n<div style=\"font-size:13px;color:#534438;line-height:20px;\"><\/div>\n<p style=\"font-size:13px;color:#534438;line-height:20px;\"><a style=\"color:#cc2979;text-decoration:none\" href=\"http:\/\/www.nationalprintmuseum.ie\/guided-tours.html\">http:\/\/www.nationalprintmuseum.ie\/guided-tours.html<\/a><\/p>\n<\/td>\n<td valign=\"top\"><\/td>\n<\/tr>\n<\/table>\n<\/td>\n<\/tr>\n<\/table>\n<\/td>\n<\/tr>\n<\/table>\n<table width=\"100%\" cellpadding=\"0\" cellspacing=\"0\">\n<tr>\n<td style=\"padding:10px 30px\">\n<table width=\"100%\" cellpadding=\"0\" cellspacing=\"0\">\n<tr>\n<td width=\"52\" valign=\"top\"><img loading=\"lazy\" decoding=\"async\" src=\"http:\/\/dublineventguide.com\/dff\/admin\/images\/categories\/ACTIVITY.png\" width=\"32\" height=\"32\" \/><\/td>\n<td>\n<h2 style=\"font-size:16px;color:#534438;margin:0 0 5px;font-weight:normal\">Proclaiming a Republic: The 1916 Rising &#8211; Tour<\/h2>\n<h3 style=\"font-size:13px;margin:0;padding:0;line-height:16px;color:#534438;\">15:00, Sun 27 May<\/h3>\n<p style=\"font-size:13px;color:#534438;line-height:20px;margin:0;padding-top:0;\">National Museum, Collins Barracks (Decorative Arts &#038; History), 7 Benburb Street, Dublin 7<\/p>\n<table width=\"100%\" cellspacing=\"0\" cellpadding=\"0\">\n<tr>\n<td valign=\"top\">\n<div style=\"font-size:13px;color:#534438;line-height:20px;\">\n<p style=\"margin:10px 0;\">The Public Tour at the &#8220;Proclaiming a Republic: The 1916 Rising&#8221; exhibition will give you a chance to explore some of the highlights of the Museum&#8217;s extensive Easter Week collection.<\/a><\/p>\n<p style=\"margin:10px 0;\">Admission is free and places are allocated on a first-come basis first-served basis 15 minutes before the tour starts. Suitable for Adults &#038; Children 12+<\/a><\/div>\n<div style=\"font-size:13px;color:#534438;line-height:20px;\"><\/div>\n<p style=\"font-size:13px;color:#534438;line-height:20px;\"><a style=\"color:#cc2979;text-decoration:none\" href=\"https:\/\/www.museum.ie\/Visit-Us\/Events?id=3671\">https:\/\/www.museum.ie\/Visit-Us\/Events?id=3671<\/a><\/p>\n<\/td>\n<td valign=\"top\"><\/td>\n<\/tr>\n<\/table>\n<\/td>\n<\/tr>\n<\/table>\n<\/td>\n<\/tr>\n<\/table>\n<table width=\"100%\" cellpadding=\"0\" cellspacing=\"0\">\n<tr>\n<td style=\"padding:10px 30px\">\n<table width=\"100%\" cellpadding=\"0\" cellspacing=\"0\">\n<tr>\n<td width=\"52\" valign=\"top\"><img loading=\"lazy\" decoding=\"async\" src=\"http:\/\/dublineventguide.com\/dff\/admin\/images\/categories\/KIDS.png\" width=\"32\" height=\"32\" \/><\/td>\n<td>\n<h2 style=\"font-size:16px;color:#534438;margin:0 0 5px;font-weight:normal\">Sunday Family Sketching &#8211; Hugh Lane Gallery<\/h2>\n<h3 style=\"font-size:13px;margin:0;padding:0;line-height:16px;color:#534438;\">15:00 &#8211; 16:00, Sun 27 May<\/h3>\n<p style=\"font-size:13px;color:#534438;line-height:20px;margin:0;padding-top:0;\">Hugh Lane Gallery, Parnell Square North, Dublin 1 <\/p>\n<table width=\"100%\" cellspacing=\"0\" cellpadding=\"0\">\n<tr>\n<td valign=\"top\">\n<div style=\"font-size:13px;color:#534438;line-height:20px;\">\n<p style=\"margin:10px 0;\">Sunday Sketching for the whole family takes place every Sunday in the Hugh Lane Gallery and admission is free.<\/a><\/p>\n<p style=\"margin:10px 0;\">Families are invited to explore and respond together the gallery&#8217;s collection and temporary exhibitions through discussion and drawing. Bring your own sketchbook along or use the drawing materials provided. <\/a><\/p>\n<p style=\"margin:10px 0;\">Admission is free and no booking required, although numbers may be limited. Suited for ages 6+.<\/a><\/p>\n<p style=\"margin:10px 0;\"> <\/a><\/div>\n<div style=\"font-size:13px;color:#534438;line-height:20px;\"><\/div>\n<p style=\"font-size:13px;color:#534438;line-height:20px;\"><a style=\"color:#cc2979;text-decoration:none\" href=\"http:\/\/www.hughlane.ie\/childrens-workshops\/forthcoming\/2012-sunday-sketching-tall-small-minuscule\">http:\/\/www.hughlane.ie\/childrens-workshops\/forthcoming\/2012-sunday-sketching-tall-small-minuscule<\/a><\/p>\n<\/td>\n<td valign=\"top\"><\/td>\n<\/tr>\n<\/table>\n<\/td>\n<\/tr>\n<\/table>\n<\/td>\n<\/tr>\n<\/table>\n<table width=\"100%\" cellpadding=\"0\" cellspacing=\"0\">\n<tr>\n<td style=\"padding:10px 30px\">\n<table width=\"100%\" cellpadding=\"0\" cellspacing=\"0\">\n<tr>\n<td width=\"52\" valign=\"top\"><img loading=\"lazy\" decoding=\"async\" src=\"http:\/\/dublineventguide.com\/dff\/admin\/images\/categories\/MUSIC.png\" width=\"32\" height=\"32\" \/><\/td>\n<td>\n<h2 style=\"font-size:16px;color:#534438;margin:0 0 5px;font-weight:normal\">The High Leeson &#8211; Bluegrass Gig<\/h2>\n<h3 style=\"font-size:13px;margin:0;padding:0;line-height:16px;color:#534438;\"><img loading=\"lazy\" decoding=\"async\" src=\"http:\/\/dublineventguide.com\/dff\/admin\/images\/weekly.png\" width=\"69\" height=\"16\" style=\"display:inline;float:left;\" \/> 18:00, Sun 27 May<\/h3>\n<p style=\"font-size:13px;color:#534438;line-height:20px;margin:0;padding-top:0;\">Leeson Lounge, 148 Upper Leeson Street, Dublin 4<\/p>\n<table width=\"100%\" cellspacing=\"0\" cellpadding=\"0\">\n<tr>\n<td valign=\"top\">\n<div style=\"font-size:13px;color:#534438;line-height:20px;\">\n<p style=\"margin:10px 0;\">The High Leeson is a Bluegrass band that plays every Sunday in the Leeson Longe.<\/a><\/p>\n<p style=\"margin:10px 0;\">Admission is free, donations are appreciated.<\/a><\/div>\n<div style=\"font-size:13px;color:#534438;line-height:20px;\"><\/div>\n<p style=\"font-size:13px;color:#534438;line-height:20px;\"><a style=\"color:#cc2979;text-decoration:none\" href=\"https:\/\/www.facebook.com\/The-Leeson-Lounge-114810058553792\">https:\/\/www.facebook.com\/The-Leeson-Lounge-114810058553792<\/a><\/p>\n<\/td>\n<td valign=\"top\"><\/td>\n<\/tr>\n<\/table>\n<\/td>\n<\/tr>\n<\/table>\n<\/td>\n<\/tr>\n<\/table>\n<table width=\"100%\" cellpadding=\"0\" cellspacing=\"0\">\n<tr>\n<td style=\"padding:10px 30px\">\n<table width=\"100%\" cellpadding=\"0\" cellspacing=\"0\">\n<tr>\n<td width=\"52\" valign=\"top\"><img loading=\"lazy\" decoding=\"async\" src=\"http:\/\/dublineventguide.com\/dff\/admin\/images\/categories\/MUSIC.png\" width=\"32\" height=\"32\" \/><\/td>\n<td>\n<h2 style=\"font-size:16px;color:#534438;margin:0 0 5px;font-weight:normal\">Dixieland Jazzmen &#8211; Gig<\/h2>\n<h3 style=\"font-size:13px;margin:0;padding:0;line-height:16px;color:#534438;\"><img loading=\"lazy\" decoding=\"async\" src=\"http:\/\/dublineventguide.com\/dff\/admin\/images\/weekly.png\" width=\"69\" height=\"16\" style=\"display:inline;float:left;\" \/> 18:30 &#8211; 20:30, Sun 27 May<\/h3>\n<p style=\"font-size:13px;color:#534438;line-height:20px;margin:0;padding-top:0;\">Sin \u00c9, 14 Ormond Quay, Dublin 1<\/p>\n<table width=\"100%\" cellspacing=\"0\" cellpadding=\"0\">\n<tr>\n<td valign=\"top\">\n<div style=\"font-size:13px;color:#534438;line-height:20px;\">\n<p style=\"margin:10px 0;\">The Dixeland Jazzmen play a weekly gig in Sin E. Admission is free.<\/a><\/div>\n<div style=\"font-size:13px;color:#534438;line-height:20px;\"><\/div>\n<p style=\"font-size:13px;color:#534438;line-height:20px;\"><a style=\"color:#cc2979;text-decoration:none\" href=\"https:\/\/www.facebook.com\/Sin.E.Pub\/\">https:\/\/www.facebook.com\/Sin.E.Pub\/<\/a><\/p>\n<\/td>\n<td valign=\"top\"><\/td>\n<\/tr>\n<\/table>\n<\/td>\n<\/tr>\n<\/table>\n<\/td>\n<\/tr>\n<\/table>\n<table width=\"100%\" cellpadding=\"0\" cellspacing=\"0\">\n<tr>\n<td style=\"padding:10px 30px\">\n<table width=\"100%\" cellpadding=\"0\" cellspacing=\"0\">\n<tr>\n<td width=\"52\" valign=\"top\"><img loading=\"lazy\" decoding=\"async\" src=\"http:\/\/dublineventguide.com\/dff\/admin\/images\/categories\/MUSIC.png\" width=\"32\" height=\"32\" \/><\/td>\n<td>\n<h2 style=\"font-size:16px;color:#534438;margin:0 0 5px;font-weight:normal\">Jawbone &#8211; Acoustic Folk &#038; Blues Night<\/h2>\n<h3 style=\"font-size:13px;margin:0;padding:0;line-height:16px;color:#534438;\"><img loading=\"lazy\" decoding=\"async\" src=\"http:\/\/dublineventguide.com\/dff\/admin\/images\/weekly.png\" width=\"69\" height=\"16\" style=\"display:inline;float:left;\" \/> 19:00 &#8211; 21:00, Sun 27 May<\/h3>\n<p style=\"font-size:13px;color:#534438;line-height:20px;margin:0;padding-top:0;\">Arthur&#8217;s Pub, 28 Thomas Street, Dublin 8<\/p>\n<table width=\"100%\" cellspacing=\"0\" cellpadding=\"0\">\n<tr>\n<td valign=\"top\">\n<div style=\"font-size:13px;color:#534438;line-height:20px;\">\n<p style=\"margin:10px 0;\">At the Jawbone Gig night in Arthur&#8217;s Pub, Acoustic Folk &#038; Blues will be performed every Sunday. Admission is free. <\/a><\/p>\n<p><a href=\"https:\/\/www.facebook.com\/pages\/Jawbone-Dublin-Acoustic-Folk-Blues-Commune\/724102984268967\" style=\"color:#cc2979;text-decoration:none;\">https:\/\/www.facebook.com\/pages\/Jawbone-Dublin-Acoustic-Folk-Blues-Commune\/724102984268967<\/a><\/p>\n<\/div>\n<div style=\"font-size:13px;color:#534438;line-height:20px;\"><\/div>\n<p style=\"font-size:13px;color:#534438;line-height:20px;\"><a style=\"color:#cc2979;text-decoration:none\" href=\"https:\/\/www.facebook.com\/ArthursPub\">https:\/\/www.facebook.com\/ArthursPub<\/a><\/p>\n<\/td>\n<td valign=\"top\"><\/td>\n<\/tr>\n<\/table>\n<\/td>\n<\/tr>\n<\/table>\n<\/td>\n<\/tr>\n<\/table>\n<table width=\"100%\" cellpadding=\"0\" cellspacing=\"0\">\n<tr>\n<td style=\"padding:10px 30px\">\n<table width=\"100%\" cellpadding=\"0\" cellspacing=\"0\">\n<tr>\n<td width=\"52\" valign=\"top\"><img loading=\"lazy\" decoding=\"async\" src=\"http:\/\/dublineventguide.com\/dff\/admin\/images\/categories\/MUSIC.png\" width=\"32\" height=\"32\" \/><\/td>\n<td>\n<h2 style=\"font-size:16px;color:#534438;margin:0 0 5px;font-weight:normal\">Gardiner Street Gospel Choir Mass<\/h2>\n<h3 style=\"font-size:13px;margin:0;padding:0;line-height:16px;color:#534438;\"><img loading=\"lazy\" decoding=\"async\" src=\"http:\/\/dublineventguide.com\/dff\/admin\/images\/weekly.png\" width=\"69\" height=\"16\" style=\"display:inline;float:left;\" \/> 19:30 &#8211; 20:30, Sun 27 May<\/h3>\n<p style=\"font-size:13px;color:#534438;line-height:20px;margin:0;padding-top:0;\">St. Francis Xavier Church at the top of Gardiner Street, Dublin 1<\/p>\n<table width=\"100%\" cellspacing=\"0\" cellpadding=\"0\">\n<tr>\n<td valign=\"top\">\n<div style=\"font-size:13px;color:#534438;line-height:20px;\">\n<p style=\"margin:10px 0;\">The Gardiner Street Gospel Choir sings every Sunday from September to June at their &#8220;Gig in God&#8217;s Gaff&#8221;, a Mass in St. Francis Xavier Church at the top of Gardiner Street near the junction with Dorset Street.<\/a><\/p>\n<p style=\"margin:10px 0;\">The Gardiner Street Gospel Choir, one of the best known gospel choirs in Ireland will give you a chance to experience a mass with a difference. It is uplifting and inspiring and everybody is welcome independent from your level of religiousness or your relationship with the Catholic Church in other contexts.<\/a><\/p>\n<p style=\"margin:10px 0;\">Disclaimer: I am involved with the Gardiner Street Gospel Choir, so the description above MIGHT not be totally unbiased. But just take it from me, they are brilliant! ;-)<\/a><\/div>\n<div style=\"font-size:13px;color:#534438;line-height:20px;\"><\/div>\n<p style=\"font-size:13px;color:#534438;line-height:20px;\"><a style=\"color:#cc2979;text-decoration:none\" href=\"http:\/\/www.gardinerstreetgospelchoir.com\">http:\/\/www.gardinerstreetgospelchoir.com<\/a><\/p>\n<\/td>\n<td valign=\"top\"><\/td>\n<\/tr>\n<\/table>\n<\/td>\n<\/tr>\n<\/table>\n<\/td>\n<\/tr>\n<\/table>\n<table width=\"100%\" cellpadding=\"0\" cellspacing=\"0\">\n<tr>\n<td style=\"padding:10px 30px\">\n<table width=\"100%\" cellpadding=\"0\" cellspacing=\"0\">\n<tr>\n<td width=\"52\" valign=\"top\"><img loading=\"lazy\" decoding=\"async\" src=\"http:\/\/dublineventguide.com\/dff\/admin\/images\/categories\/MUSIC.png\" width=\"32\" height=\"32\" \/><\/td>\n<td>\n<h2 style=\"font-size:16px;color:#534438;margin:0 0 5px;font-weight:normal\">Pete Cummins &#8211; Gig<\/h2>\n<h3 style=\"font-size:13px;margin:0;padding:0;line-height:16px;color:#534438;\">20:30, Sun 27 May<\/h3>\n<p style=\"font-size:13px;color:#534438;line-height:20px;margin:0;padding-top:0;\">Leeson Lounge, 148 Upper Leeson Street, Dublin 4<\/p>\n<table width=\"100%\" cellspacing=\"0\" cellpadding=\"0\">\n<tr>\n<td valign=\"top\">\n<div style=\"font-size:13px;color:#534438;line-height:20px;\">\n<p style=\"margin:10px 0;\">Pete Cummins, Grammy award winning songwriter will play a gig in the Leeson Lounge.<\/a><\/p>\n<p style=\"margin:10px 0;\">Admission is free.<\/a><\/div>\n<div style=\"font-size:13px;color:#534438;line-height:20px;\"><\/div>\n<p style=\"font-size:13px;color:#534438;line-height:20px;\"><a style=\"color:#cc2979;text-decoration:none\" href=\"https:\/\/www.facebook.com\/pages\/The-Leeson-Lounge\/114810058553792\">https:\/\/www.facebook.com\/pages\/The-Leeson-Lounge\/114810058553792<\/a><\/p>\n<\/td>\n<td valign=\"top\"><\/td>\n<\/tr>\n<\/table>\n<\/td>\n<\/tr>\n<\/table>\n<\/td>\n<\/tr>\n<\/table>\n<table width=\"100%\" cellpadding=\"0\" cellspacing=\"0\">\n<tr>\n<td style=\"padding:10px 30px\">\n<table width=\"100%\" cellpadding=\"0\" cellspacing=\"0\">\n<tr>\n<td width=\"52\" valign=\"top\"><img loading=\"lazy\" decoding=\"async\" src=\"http:\/\/dublineventguide.com\/dff\/admin\/images\/categories\/ACTIVITY.png\" width=\"32\" height=\"32\" \/><\/td>\n<td>\n<h2 style=\"font-size:16px;color:#534438;margin:0 0 5px;font-weight:normal\">Bat Walk in Dublin<\/h2>\n<h3 style=\"font-size:13px;margin:0;padding:0;line-height:16px;color:#534438;\">21:00 &#8211; 22:30, Sun 27 May<\/h3>\n<p style=\"font-size:13px;color:#534438;line-height:20px;margin:0;padding-top:0;\">Dropping Well Bar, Milltown Road, Dublin 6<\/p>\n<table width=\"100%\" cellspacing=\"0\" cellpadding=\"0\">\n<tr>\n<td valign=\"top\">\n<div style=\"font-size:13px;color:#534438;line-height:20px;\">\n<p style=\"margin:10px 0;\">The Dublin Bat Group is inviting to a Bat Walk in Dublin on Sunday. Meeting point is the Dropping Well Bar Car Park.<\/a><\/p>\n<p style=\"margin:10px 0;\">Wear sturdy comfortable walking shoes, a good jacket and bring a torch and children must be accompanied by a parent. <\/a><\/p>\n<p style=\"margin:10px 0;\">Admission is free, but booking is required via dublinbatgroup@gmail.com as places are limited.<\/a><\/div>\n<div style=\"font-size:13px;color:#534438;line-height:20px;\"><\/div>\n<p style=\"font-size:13px;color:#534438;line-height:20px;\"><a style=\"color:#cc2979;text-decoration:none\" href=\"https:\/\/www.facebook.com\/events\/190155745133379\/\">https:\/\/www.facebook.com\/events\/190155745133379\/<\/a><\/p>\n<\/td>\n<td valign=\"top\"><\/td>\n<\/tr>\n<\/table>\n<\/td>\n<\/tr>\n<\/table>\n<\/td>\n<\/tr>\n<\/table>\n<table width=\"100%\" cellpadding=\"0\" cellspacing=\"0\">\n<tr>\n<td style=\"padding:10px 30px\">\n<table width=\"100%\" cellpadding=\"0\" cellspacing=\"0\">\n<tr>\n<td width=\"52\" valign=\"top\"><img loading=\"lazy\" decoding=\"async\" src=\"http:\/\/dublineventguide.com\/dff\/admin\/images\/categories\/COMEDY.png\" width=\"32\" height=\"32\" \/><\/td>\n<td>\n<h2 style=\"font-size:16px;color:#534438;margin:0 0 5px;font-weight:normal\">Comedy Crunch<\/h2>\n<h3 style=\"font-size:13px;margin:0;padding:0;line-height:16px;color:#534438;\"><img loading=\"lazy\" decoding=\"async\" src=\"http:\/\/dublineventguide.com\/dff\/admin\/images\/weekly.png\" width=\"69\" height=\"16\" style=\"display:inline;float:left;\" \/> 21:00 &#8211; 00:00, Sun 27 May<\/h3>\n<p style=\"font-size:13px;color:#534438;line-height:20px;margin:0;padding-top:0;\">Stag&#8217;s Head (downstairs), Dame Lane, Dublin 2 <\/p>\n<table width=\"100%\" cellspacing=\"0\" cellpadding=\"0\">\n<tr>\n<td valign=\"top\">\n<div style=\"font-size:13px;color:#534438;line-height:20px;\">\n<p style=\"margin:10px 0;\">The Comedy Crunch is a free Stand Up comedy downstairs in Stag&#8217;s Head, Dame Lane from 21:00 every week on Sunday, Monday and Tuesday. Every week different comedians entertain and on top of that there is some free ice cream. The line-up can be found via the Comedy Crunch Facebook Page (see link below).<\/a><\/div>\n<div style=\"font-size:13px;color:#534438;line-height:20px;\"><\/div>\n<p style=\"font-size:13px;color:#534438;line-height:20px;\"><a style=\"color:#cc2979;text-decoration:none\" href=\"http:\/\/www.facebook.com\/pages\/The-Comedy-Crunch\/83791357330\">http:\/\/www.facebook.com\/pages\/The-Comedy-Crunch\/83791357330<\/a><\/p>\n<\/td>\n<td valign=\"top\"><\/td>\n<\/tr>\n<\/table>\n<\/td>\n<\/tr>\n<\/table>\n<\/td>\n<\/tr>\n<\/table>\n<table width=\"100%\" cellpadding=\"0\" cellspacing=\"0\">\n<tr>\n<td style=\"padding:10px 30px\">\n<table width=\"100%\" cellpadding=\"0\" cellspacing=\"0\">\n<tr>\n<td width=\"52\" valign=\"top\"><img loading=\"lazy\" decoding=\"async\" src=\"http:\/\/dublineventguide.com\/dff\/admin\/images\/categories\/MUSIC.png\" width=\"32\" height=\"32\" \/><\/td>\n<td>\n<h2 style=\"font-size:16px;color:#534438;margin:0 0 5px;font-weight:normal\">John Dee Graham &#038; Sid Griffin &#8211; Gig<\/h2>\n<h3 style=\"font-size:13px;margin:0;padding:0;line-height:16px;color:#534438;\">21:00, Sun 27 May<\/h3>\n<p style=\"font-size:13px;color:#534438;line-height:20px;margin:0;padding-top:0;\">Harbour Bar, 1 Strand Road, Bray, Co. Wicklow<\/p>\n<table width=\"100%\" cellspacing=\"0\" cellpadding=\"0\">\n<tr>\n<td valign=\"top\">\n<div style=\"font-size:13px;color:#534438;line-height:20px;\">\n<p style=\"margin:10px 0;\">John Dee Graham &#038; Sid Griffin will play a gig in the Harbour Bar.<\/a><\/p>\n<p style=\"margin:10px 0;\">Admission is free. <\/a><\/div>\n<div style=\"font-size:13px;color:#534438;line-height:20px;\"><\/div>\n<p style=\"font-size:13px;color:#534438;line-height:20px;\"><a style=\"color:#cc2979;text-decoration:none\" href=\"http:\/\/www.theharbourbar.ie\/whats-on\/event\/john-dee-graham-sid-griffin-the-long-ryders\">http:\/\/www.theharbourbar.ie\/whats-on\/event\/john-dee-graham-sid-griffin-the-long-ryders<\/a><\/p>\n<\/td>\n<td valign=\"top\"><\/td>\n<\/tr>\n<\/table>\n<\/td>\n<\/tr>\n<\/table>\n<\/td>\n<\/tr>\n<\/table>\n<table width=\"100%\" cellpadding=\"0\" cellspacing=\"0\">\n<tr>\n<td style=\"padding:10px 30px\">\n<table width=\"100%\" cellpadding=\"0\" cellspacing=\"0\">\n<tr>\n<td width=\"52\" valign=\"top\"><img loading=\"lazy\" decoding=\"async\" src=\"http:\/\/dublineventguide.com\/dff\/admin\/images\/categories\/MUSIC.png\" width=\"32\" height=\"32\" \/><\/td>\n<td>\n<h2 style=\"font-size:16px;color:#534438;margin:0 0 5px;font-weight:normal\">The Dublin Blues Cartel &#8211; Gig<\/h2>\n<h3 style=\"font-size:13px;margin:0;padding:0;line-height:16px;color:#534438;\">22:30, Sun 27 May<\/h3>\n<p style=\"font-size:13px;color:#534438;line-height:20px;margin:0;padding-top:0;\">Whelan&#8217;s, 25 Wexford Street, Dublin 2 <\/p>\n<table width=\"100%\" cellspacing=\"0\" cellpadding=\"0\">\n<tr>\n<td valign=\"top\">\n<div style=\"font-size:13px;color:#534438;line-height:20px;\">\n<p style=\"margin:10px 0;\">The Dublin Blues Cartel will be in Whelan&#8217;s again and will perform mostly a version of New Orleans R\u2019n&#8217;B with a classic Rock twist, sandwiched with Swing, Rock\u2019n\u2019Roll, Soul, Funk, Blues and Rap of all eras.<\/a><\/p>\n<p style=\"margin:10px 0;\">Admission is free.<\/a><\/div>\n<div style=\"font-size:13px;color:#534438;line-height:20px;\"><\/div>\n<p style=\"font-size:13px;color:#534438;line-height:20px;\"><a style=\"color:#cc2979;text-decoration:none\" href=\"http:\/\/www.whelanslive.com\/\">http:\/\/www.whelanslive.com\/<\/a><\/p>\n<\/td>\n<td valign=\"top\"><\/td>\n<\/tr>\n<\/table>\n<\/td>\n<\/tr>\n<\/table>\n<\/td>\n<\/tr>\n<\/table>\n<table width=\"100%\" cellpadding=\"0\" cellspacing=\"0\" id=\"day_1527462000\" style=\"margin-top: 10px;\">\n<tr height=\"34\" style=\"background-color:#c20162;color:#fff\">\n<td style=\"padding: 0; line-height: 1; height: 34px; overflow: hidden;\">\n<p style=\"width:630px;padding-left:30px;margin: 0; height: 34px; overflow: hidden; line-height: 34px;\"><a name=\"day_1527462000\"><\/a><strong>Monday  <\/strong> 28 May\t\t\t\t\t\t<\/p>\n<\/td>\n<td>\n<p style=\"margin:0;line-height:34px;padding:0;font-size:13px;\"><a href=\"#dff_top\" style=\"color:#fff;text-decoration:none\">back to top<\/a><\/p>\n<\/td>\n<td>\n<p style=\"margin:0;padding:0;font-size:13px;\"><a href=\"#dff_top\" style=\"color:#fff;text-decoration:none\"><img loading=\"lazy\" decoding=\"async\" src=\"http:\/\/dublineventguide.com\/dff\/admin\/images\/dividers\/date_toplink.png\" width=\"38\" height=\"34\" alt=\"Back to top\" \/><\/a><\/p>\n<\/td>\n<td width=\"50\">\n<\/td>\n<\/tr>\n<\/table>\n<table width=\"100%\" cellpadding=\"0\" cellspacing=\"0\">\n<tr>\n<td style=\"padding:10px 30px\">\n<table width=\"100%\" cellpadding=\"0\" cellspacing=\"0\">\n<tr>\n<td width=\"52\" valign=\"top\"><img loading=\"lazy\" decoding=\"async\" src=\"http:\/\/dublineventguide.com\/dff\/admin\/images\/categories\/ACTIVITY.png\" width=\"32\" height=\"32\" \/><\/td>\n<td>\n<h2 style=\"font-size:16px;color:#534438;margin:0 0 5px;font-weight:normal\">Bealtaine Festival &#8220;for older people&#8221;<\/h2>\n<h3 style=\"font-size:13px;margin:0;padding:0;line-height:16px;color:#534438;\">09:00, Mon 28 May<\/h3>\n<p style=\"font-size:13px;color:#534438;line-height:20px;margin:0;padding-top:0;\">Dublin (various locations) <\/p>\n<table width=\"100%\" cellspacing=\"0\" cellpadding=\"0\">\n<tr>\n<td valign=\"top\">\n<div style=\"font-size:13px;color:#534438;line-height:20px;\">\n<p style=\"margin:10px 0;\">Every May the Bealtaine Festival takes place all over Ireland and it &#8220;Celebrates arts and creativity as we age&#8221;.<\/a><\/p>\n<p style=\"margin:10px 0;\">This is a difficult description as everybody ages and therefore the tagline doesn&#8217;t make THAT much sense. In essence, the organisers &#8220;Age &#038; Opportunity&#8221; actually want to address the &#8220;older age&#8221;. Ok, that helps a little, but not too much either as nobody still really knows what the target age is. In previous years, a guidance of 55+ was given but that has disappeared and in all honesty most 55-60 year olds wouldn&#8217;t be close to insulted if they were classified as &#8220;older age&#8221;. ;-)<\/a><\/p>\n<p style=\"margin:10px 0;\">So where does that leave us? We don&#8217;t know really know!! So I guess if you feel older, this festival is for you and if you don&#8217;t, then the festival is not for you. ;-) I hope that explanation helps a little.<\/a><\/p>\n<p>There will be many events throughout May and a good few of them are free. The website has a good enough search facility, although I never understand why event organisers subdivide Dublin into four or five &#8220;territories&#8221;. You can also <a href=\"https:\/\/www.issuu.com\/ageopportunity\/docs\/bealtaine_a5_booklet_2018_final\" target=\"_blank\" style=\"color:#cc2979;text-decoration:none;\">download the brochure via this page<\/a> (look for the Download link at the bottom &#8211; it is currently disabled, but I will try to get them to enable it next week).<\/p>\n<p style=\"margin:10px 0;\">To find events go to the WHAT&#8217;S ON page<\/a><\/p>\n<p style=\"margin:10px 0;\">In &#8220;Dublin City&#8221; there are approx. 72 events, but as I said, not all are free. Oddly, the events are sorted in reverse order, starting with the 30 May. Talk about confusing &#8220;older&#8221; users!?<\/a><\/p>\n<p>Over the coming 4 weeks, I will include a number of free Bealtaine events in the Dublin Event Guide for Free Events, but I won&#8217;t be able to include all events, so please check the Bealtaine website here: <a href=\"http:\/\/www.bealtaine.ie\" style=\"color:#cc2979;text-decoration:none;\">http:\/\/www.bealtaine.ie<\/a><\/p>\n<\/div>\n<div style=\"font-size:13px;color:#534438;line-height:20px;\"><\/div>\n<p style=\"font-size:13px;color:#534438;line-height:20px;\"><a style=\"color:#cc2979;text-decoration:none\" href=\"http:\/\/bealtaine.ie\/\">http:\/\/bealtaine.ie\/<\/a><\/p>\n<\/td>\n<td valign=\"top\"><\/td>\n<\/tr>\n<\/table>\n<\/td>\n<\/tr>\n<\/table>\n<\/td>\n<\/tr>\n<\/table>\n<table width=\"100%\" cellpadding=\"0\" cellspacing=\"0\">\n<tr>\n<td style=\"padding:10px 30px\">\n<table width=\"100%\" cellpadding=\"0\" cellspacing=\"0\">\n<tr>\n<td width=\"52\" valign=\"top\"><img loading=\"lazy\" decoding=\"async\" src=\"http:\/\/dublineventguide.com\/dff\/admin\/images\/categories\/TALKS.png\" width=\"32\" height=\"32\" \/><\/td>\n<td>\n<h2 style=\"font-size:16px;color:#534438;margin:0 0 5px;font-weight:normal\">Female enfranchisement and its limitations, 1918-2018<\/h2>\n<h3 style=\"font-size:13px;margin:0;padding:0;line-height:16px;color:#534438;\">09:00 &#8211; 16:30, Mon 28 May<\/h3>\n<p style=\"font-size:13px;color:#534438;line-height:20px;margin:0;padding-top:0;\">Trinity Long Room Hub, Fellows&#8217; Square, Trinity College, Dublin 2<\/p>\n<table width=\"100%\" cellspacing=\"0\" cellpadding=\"0\">\n<tr>\n<td valign=\"top\">\n<div style=\"font-size:13px;color:#534438;line-height:20px;\">\n<p style=\"margin:10px 0;\">&#8220;Female enfranchisement and its limitations, 1918-2018: Gender, politics, class and caste in Ireland&#8221; is a symposium at the Long Room Hub to commemorate 100 years of Suffrage in Ireland. It draws together established and early-career scholars in the fields of history, politics, art history and gender studies. The papers focus on the modern world and the invited participants have been asked to consider suffrage, gender, class, caste, colonialism, post-colonialism in Ireland, Europe and India.<\/a><\/p>\n<p style=\"margin:10px 0;\">Admission is free, but booking is required via the website below.<\/a><\/div>\n<div style=\"font-size:13px;color:#534438;line-height:20px;\"><\/div>\n<p style=\"font-size:13px;color:#534438;line-height:20px;\"><a style=\"color:#cc2979;text-decoration:none\" href=\"https:\/\/www.eventbrite.ie\/e\/46100075567\">https:\/\/www.eventbrite.ie\/e\/46100075567<\/a><\/p>\n<\/td>\n<td valign=\"top\"><\/td>\n<\/tr>\n<\/table>\n<\/td>\n<\/tr>\n<\/table>\n<\/td>\n<\/tr>\n<\/table>\n<table width=\"100%\" cellpadding=\"0\" cellspacing=\"0\">\n<tr>\n<td style=\"padding:10px 30px\">\n<table width=\"100%\" cellpadding=\"0\" cellspacing=\"0\">\n<tr>\n<td width=\"52\" valign=\"top\"><img loading=\"lazy\" decoding=\"async\" src=\"http:\/\/dublineventguide.com\/dff\/admin\/images\/categories\/KIDS.png\" width=\"32\" height=\"32\" \/><\/td>\n<td>\n<h2 style=\"font-size:16px;color:#534438;margin:0 0 5px;font-weight:normal\">Nanas, Papas and Babas &#8211; Bealtaine<\/h2>\n<h3 style=\"font-size:13px;margin:0;padding:0;line-height:16px;color:#534438;\">11:00, Mon 28 May<\/h3>\n<p style=\"font-size:13px;color:#534438;line-height:20px;margin:0;padding-top:0;\">Chester Beatty Library, Gardens of Dublin Castle, Dublin 2<\/p>\n<table width=\"100%\" cellspacing=\"0\" cellpadding=\"0\">\n<tr>\n<td valign=\"top\">\n<div style=\"font-size:13px;color:#534438;line-height:20px;\">\n<p style=\"margin:10px 0;\">This is an event for pre-schoolers (the Babas) and their grandparents (the Nanas and Papas): Have fun and enjoy some special time with your grandchild. Taking inspiration from the Chester Beatty Library collections, this event will encourage interaction between nanas, papas and babas through storytelling and gentle movement.<\/a><\/p>\n<p style=\"margin:10px 0;\">Admission is free, but booking is required via the website below.<\/a><\/div>\n<div style=\"font-size:13px;color:#534438;line-height:20px;\"><\/div>\n<p style=\"font-size:13px;color:#534438;line-height:20px;\"><a style=\"color:#cc2979;text-decoration:none\" href=\"https:\/\/cbl.ticketsolve.com\/shows\/1173587521\">https:\/\/cbl.ticketsolve.com\/shows\/1173587521<\/a><\/p>\n<\/td>\n<td valign=\"top\"><\/td>\n<\/tr>\n<\/table>\n<\/td>\n<\/tr>\n<\/table>\n<\/td>\n<\/tr>\n<\/table>\n<table width=\"100%\" cellpadding=\"0\" cellspacing=\"0\">\n<tr>\n<td style=\"padding:10px 30px\">\n<table width=\"100%\" cellpadding=\"0\" cellspacing=\"0\">\n<tr>\n<td width=\"52\" valign=\"top\"><img loading=\"lazy\" decoding=\"async\" src=\"http:\/\/dublineventguide.com\/dff\/admin\/images\/categories\/ACTIVITY.png\" width=\"32\" height=\"32\" \/><\/td>\n<td>\n<h2 style=\"font-size:16px;color:#534438;margin:0 0 5px;font-weight:normal\">National Gallery Talks &#038; Tour<\/h2>\n<h3 style=\"font-size:13px;margin:0;padding:0;line-height:16px;color:#534438;\"><img loading=\"lazy\" decoding=\"async\" src=\"http:\/\/dublineventguide.com\/dff\/admin\/images\/weekly.png\" width=\"69\" height=\"16\" style=\"display:inline;float:left;\" \/> 11:30 &#8211; 16:50, Mon 28 May<\/h3>\n<p style=\"font-size:13px;color:#534438;line-height:20px;margin:0;padding-top:0;\">National Gallery, Merrion Square West, Dublin 2 <\/p>\n<table width=\"100%\" cellspacing=\"0\" cellpadding=\"0\">\n<tr>\n<td valign=\"top\">\n<div style=\"font-size:13px;color:#534438;line-height:20px;\">\n<p style=\"margin:10px 0;\">The National Gallery has an extensive programme of free talks, public tours and Art Documentary screenings every day of the week. Currently there is at least one free tour every day. Check their website for details. Some special events will be listed separately.<\/a><\/p>\n<p style=\"margin:10px 0;\">Admission to the gallery and to most events is free.<\/a><\/div>\n<div style=\"font-size:13px;color:#534438;line-height:20px;\"><\/div>\n<p style=\"font-size:13px;color:#534438;line-height:20px;\"><a style=\"color:#cc2979;text-decoration:none\" href=\"https:\/\/www.nationalgallery.ie\/whats-on\">https:\/\/www.nationalgallery.ie\/whats-on<\/a><\/p>\n<\/td>\n<td valign=\"top\"><\/td>\n<\/tr>\n<\/table>\n<\/td>\n<\/tr>\n<\/table>\n<\/td>\n<\/tr>\n<\/table>\n<table width=\"100%\" cellpadding=\"0\" cellspacing=\"0\">\n<tr>\n<td style=\"padding:10px 30px\">\n<table width=\"100%\" cellpadding=\"0\" cellspacing=\"0\">\n<tr>\n<td width=\"52\" valign=\"top\"><img loading=\"lazy\" decoding=\"async\" src=\"http:\/\/dublineventguide.com\/dff\/admin\/images\/categories\/FILM.png\" width=\"32\" height=\"32\" \/><\/td>\n<td>\n<h2 style=\"font-size:16px;color:#534438;margin:0 0 5px;font-weight:normal\">Archive at Lunchtime &#8211; IFI<\/h2>\n<h3 style=\"font-size:13px;margin:0;padding:0;line-height:16px;color:#534438;\"><img loading=\"lazy\" decoding=\"async\" src=\"http:\/\/dublineventguide.com\/dff\/admin\/images\/weekly.png\" width=\"69\" height=\"16\" style=\"display:inline;float:left;\" \/> 13:00, Mon 28 May<\/h3>\n<p style=\"font-size:13px;color:#534438;line-height:20px;margin:0;padding-top:0;\">Irish Film Institute, 6 Eustace Street, Temple Bar, Dublin 2<\/p>\n<table width=\"100%\" cellspacing=\"0\" cellpadding=\"0\">\n<tr>\n<td valign=\"top\">\n<div style=\"font-size:13px;color:#534438;line-height:20px;\">\n<p>Archive at Lunchtime screenings take place Saturdays (Double Bill), Mondays and Wednesdays. The programme is changing weekly now (instead of monthly as in the past). To find out what film(s) will be screened go to <a href=\"http:\/\/www.ifi.ie\/whatson\/now-showing-coming-soon\/\" style=\"color:#cc2979;text-decoration:none;\">http:\/\/www.ifi.ie\/whatson\/now-showing-coming-soon\/<\/a> and look for &#8220;Archive at Lunchtime&#8221; on the right. Admission is free.<\/p>\n<\/div>\n<div style=\"font-size:13px;color:#534438;line-height:20px;\"><\/div>\n<p style=\"font-size:13px;color:#534438;line-height:20px;\"><a style=\"color:#cc2979;text-decoration:none\" href=\"http:\/\/www.ifi.ie\/\">http:\/\/www.ifi.ie\/<\/a><\/p>\n<\/td>\n<td valign=\"top\"><\/td>\n<\/tr>\n<\/table>\n<\/td>\n<\/tr>\n<\/table>\n<\/td>\n<\/tr>\n<\/table>\n<table width=\"100%\" cellpadding=\"0\" cellspacing=\"0\">\n<tr>\n<td style=\"padding:10px 30px\">\n<table width=\"100%\" cellpadding=\"0\" cellspacing=\"0\">\n<tr>\n<td width=\"52\" valign=\"top\"><img loading=\"lazy\" decoding=\"async\" src=\"http:\/\/dublineventguide.com\/dff\/admin\/images\/categories\/ACTIVITY.png\" width=\"32\" height=\"32\" \/><\/td>\n<td>\n<h2 style=\"font-size:16px;color:#534438;margin:0 0 5px;font-weight:normal\">Support the Dublin Event Guide &#8211; Buy your books here!<\/h2>\n<h3 style=\"font-size:13px;margin:0;padding:0;line-height:16px;color:#534438;\">13:00, Mon 28 May<\/h3>\n<p style=\"font-size:13px;color:#534438;line-height:20px;margin:0;padding-top:0;\">Dublin (various locations) <\/p>\n<table width=\"100%\" cellspacing=\"0\" cellpadding=\"0\">\n<tr>\n<td valign=\"top\">\n<div style=\"font-size:13px;color:#534438;line-height:20px;\">\n<p style=\"text-align: justify;\"><a href=\"http:\/\/www.bookdepository.com?a_aid=dubevg&#038;a_bid=ba35a05b\" target=\"_blank\"><img loading=\"lazy\" decoding=\"async\" style=\"float: left; margin: 4px;\" title=\"Free Delivery on all Books at the Book Depository\" src=\"http:\/\/banners1.bookdepository.com\/accounts\/default1\/banners\/P_Generic_125x125.gif\" alt=\"Free Delivery on all Books at the Book Depository\" width=\"125\" height=\"125\" \/><\/a><img loading=\"lazy\" decoding=\"async\" style=\"border: 0;\" src=\"https:\/\/affiliates.bookdepository.com\/scripts\/imp.php?a_aid=dubevg&#038;a_bid=ba35a05b\" alt=\"\" width=\"1\" height=\"1\" \/><\/p>\n<p style=\"text-align: left;\">If you regularly or occasionally buy books online, you can help the Dublin Event Guide hugely even without having to pay cent directly. In fact you even save money this way:<\/p>\n<p style=\"margin:10px 0;\">Buy your books from The Book Depository and get better prices and free (!!) delivery for all orders independent from the volume and when you click on the picture here before you buy, then 5% of what normally The Book Depository would get, they give back to the Dublin Event Guide. Everybody wins!<\/a><\/p>\n<p><a href=\"http:\/\/www.bookdepository.com?a_aid=dubevg\" style=\"color:#cc2979;text-decoration:none;\">http:\/\/www.bookdepository.com?a_aid=dubevg<\/a><\/p>\n<p>If you prefer Amazon to buy your books (for free postage you need to order a minimum of GBP 25), then use this <a href=\"http:\/\/www.amazon.co.uk\/?tag=dubevg-21\" target=\"_blank\" style=\"color:#cc2979;text-decoration:none;\">Amazon link<\/a> to help the Dublin Event Guide. Thanks!<\/p>\n<\/div>\n<div style=\"font-size:13px;color:#534438;line-height:20px;\"><\/div>\n<\/td>\n<td valign=\"top\"><\/td>\n<\/tr>\n<\/table>\n<\/td>\n<\/tr>\n<\/table>\n<\/td>\n<\/tr>\n<\/table>\n<table width=\"100%\" cellpadding=\"0\" cellspacing=\"0\">\n<tr>\n<td style=\"padding:10px 30px\">\n<table width=\"100%\" cellpadding=\"0\" cellspacing=\"0\">\n<tr>\n<td width=\"52\" valign=\"top\"><img loading=\"lazy\" decoding=\"async\" src=\"http:\/\/dublineventguide.com\/dff\/admin\/images\/categories\/TALKS.png\" width=\"32\" height=\"32\" \/><\/td>\n<td>\n<h2 style=\"font-size:16px;color:#534438;margin:0 0 5px;font-weight:normal\">When Music and Painting Meet &#8211; Pop-up Art Talk<\/h2>\n<h3 style=\"font-size:13px;margin:0;padding:0;line-height:16px;color:#534438;\">13:15 &#8211; 13:45, Mon 28 May<\/h3>\n<p style=\"font-size:13px;color:#534438;line-height:20px;margin:0;padding-top:0;\">National Gallery, Merrion Square West, Dublin 2 <\/p>\n<table width=\"100%\" cellspacing=\"0\" cellpadding=\"0\">\n<tr>\n<td valign=\"top\">\n<div style=\"font-size:13px;color:#534438;line-height:20px;\">\n<p style=\"margin:10px 0;\">The Pop-up talk &#8220;Per Cantar Sonecti: When Music and Painting Meet&#8221; with Simone Sorini Syrenarum will look at the Italian Renaissance arias of Tromboncino, Virchi and Bossinensis \u2013 with lyrics by Michelangelo, Raffaello, Leonardo and others. The event is in Room 41.<\/a><\/p>\n<p style=\"margin:10px 0;\">Admission is free.<\/a><\/div>\n<div style=\"font-size:13px;color:#534438;line-height:20px;\"><\/div>\n<p style=\"font-size:13px;color:#534438;line-height:20px;\"><a style=\"color:#cc2979;text-decoration:none\" href=\"https:\/\/www.nationalgallery.ie\/cantar-sonecti-when-music-and-painting-meet\">https:\/\/www.nationalgallery.ie\/cantar-sonecti-when-music-and-painting-meet<\/a><\/p>\n<\/td>\n<td valign=\"top\"><\/td>\n<\/tr>\n<\/table>\n<\/td>\n<\/tr>\n<\/table>\n<\/td>\n<\/tr>\n<\/table>\n<table width=\"100%\" cellpadding=\"0\" cellspacing=\"0\">\n<tr>\n<td style=\"padding:10px 30px\">\n<table width=\"100%\" cellpadding=\"0\" cellspacing=\"0\">\n<tr>\n<td width=\"52\" valign=\"top\"><img loading=\"lazy\" decoding=\"async\" src=\"http:\/\/dublineventguide.com\/dff\/admin\/images\/categories\/TALKS.png\" width=\"32\" height=\"32\" \/><\/td>\n<td>\n<h2 style=\"font-size:16px;color:#534438;margin:0 0 5px;font-weight:normal\">Guidebooks to Dublin\u2019s Fair City &#8211; Bealtine Talk<\/h2>\n<h3 style=\"font-size:13px;margin:0;padding:0;line-height:16px;color:#534438;\">15:00 &#8211; 16:00, Mon 28 May<\/h3>\n<p style=\"font-size:13px;color:#534438;line-height:20px;margin:0;padding-top:0;\">National Library, Kildare Street, Dublin 2<\/p>\n<table width=\"100%\" cellspacing=\"0\" cellpadding=\"0\">\n<tr>\n<td valign=\"top\">\n<div style=\"font-size:13px;color:#534438;line-height:20px;\">\n<p style=\"margin:10px 0;\">The Bealtaine Talk &#8220;C\u00e9ad M\u00edle F\u00e1ilte: Guidebooks to Dublin\u2019s Fair City&#8221; with Maeve Casserly, NLI invites you take a trip back in time to see an array of guidebooks for Dublin. What kind of sites and scenes appealed to visitors from the 1890s? Where they different in the 1910s and 1960s? Using Dublin as a case study, you\u2019ll see how the tourism industry has changed in Ireland since the 1890s through guidebooks, pamphlets, advertisements, and posters in the National Library collections. <\/a><\/p>\n<p style=\"margin:10px 0;\">Admission is free, but booking is required via learning@nli.ie<\/a><\/div>\n<div style=\"font-size:13px;color:#534438;line-height:20px;\"><\/div>\n<p style=\"font-size:13px;color:#534438;line-height:20px;\"><a style=\"color:#cc2979;text-decoration:none\" href=\"http:\/\/www.nli.ie\/en\/list\/current-events.aspx\">http:\/\/www.nli.ie\/en\/list\/current-events.aspx<\/a><\/p>\n<\/td>\n<td valign=\"top\"><\/td>\n<\/tr>\n<\/table>\n<\/td>\n<\/tr>\n<\/table>\n<\/td>\n<\/tr>\n<\/table>\n<table width=\"100%\" cellpadding=\"0\" cellspacing=\"0\">\n<tr>\n<td style=\"padding:10px 30px\">\n<table width=\"100%\" cellpadding=\"0\" cellspacing=\"0\">\n<tr>\n<td width=\"52\" valign=\"top\"><img loading=\"lazy\" decoding=\"async\" src=\"http:\/\/dublineventguide.com\/dff\/admin\/images\/categories\/TALKS.png\" width=\"32\" height=\"32\" \/><\/td>\n<td>\n<h2 style=\"font-size:16px;color:#534438;margin:0 0 5px;font-weight:normal\">Remembering the Camac: Rive, Mills and Laundries &#8211; Talk<\/h2>\n<h3 style=\"font-size:13px;margin:0;padding:0;line-height:16px;color:#534438;\">18:30, Mon 28 May<\/h3>\n<p style=\"font-size:13px;color:#534438;line-height:20px;margin:0;padding-top:0;\">Inchicore Library, 34 Emmet Road, Dublin 8<\/p>\n<table width=\"100%\" cellspacing=\"0\" cellpadding=\"0\">\n<tr>\n<td valign=\"top\">\n<div style=\"font-size:13px;color:#534438;line-height:20px;\">\n<p style=\"margin:10px 0;\">&#8220;Connected by Water through the Ages: Remembering the mighty Camac of old. Bring your old images of the river and its mills, laundries and millraces and sharing our stories to help us to remember&#8221;<\/a><\/p>\n<p style=\"margin:10px 0;\">The Camac is an historical river that shaped the city. It facilitated and influenced the course of industry in the South West of the City and County. Over 100 years ago, sawmills, papermills, woollen mills, grain mills, gun powder mills and several other industry-types lined its banks: many were so dependent on the Camac they constructed millraces to harness its power.<\/a><\/p>\n<p style=\"margin:10px 0;\">Dublin City Council and LAWCO (The Local Authority Waters and Communities Office) are hosting this largely social event where local residents, many natural historians among them, will come together to celebrate the river\u2019s past and share personal stories and images of the hardworking river of yesteryear.<\/a><\/p>\n<p style=\"margin:10px 0;\">Admission is free.<\/a><\/div>\n<div style=\"font-size:13px;color:#534438;line-height:20px;\"><\/div>\n<p style=\"font-size:13px;color:#534438;line-height:20px;\"><a style=\"color:#cc2979;text-decoration:none\" href=\"http:\/\/www.dublincity.ie\/main-menu-services-culture-and-amenities-dublin-city-public-libraries-and-archive-events\/connected\">http:\/\/www.dublincity.ie\/main-menu-services-culture-and-amenities-dublin-city-public-libraries-and-archive-events\/connected<\/a><\/p>\n<\/td>\n<td valign=\"top\"><\/td>\n<\/tr>\n<\/table>\n<\/td>\n<\/tr>\n<\/table>\n<\/td>\n<\/tr>\n<\/table>\n<table width=\"100%\" cellpadding=\"0\" cellspacing=\"0\">\n<tr>\n<td style=\"padding:10px 30px\">\n<table width=\"100%\" cellpadding=\"0\" cellspacing=\"0\">\n<tr>\n<td width=\"52\" valign=\"top\"><img loading=\"lazy\" decoding=\"async\" src=\"http:\/\/dublineventguide.com\/dff\/admin\/images\/categories\/MUSIC.png\" width=\"32\" height=\"32\" \/><\/td>\n<td>\n<h2 style=\"font-size:16px;color:#534438;margin:0 0 5px;font-weight:normal\">Song Cycle &#8211; Singer\/Songwriter Showcase<\/h2>\n<h3 style=\"font-size:13px;margin:0;padding:0;line-height:16px;color:#534438;\"><img loading=\"lazy\" decoding=\"async\" src=\"http:\/\/dublineventguide.com\/dff\/admin\/images\/weekly.png\" width=\"69\" height=\"16\" style=\"display:inline;float:left;\" \/> 20:00, Mon 28 May<\/h3>\n<p style=\"font-size:13px;color:#534438;line-height:20px;margin:0;padding-top:0;\">Whelan&#8217;s, 25 Wexford Street, Dublin 2 <\/p>\n<table width=\"100%\" cellspacing=\"0\" cellpadding=\"0\">\n<tr>\n<td valign=\"top\">\n<div style=\"font-size:13px;color:#534438;line-height:20px;\">\n<p style=\"margin:10px 0;\">Song Cycle is a weekly Singer\/Songriter showcase in Wheelan&#8217;s.<\/a><\/p>\n<p style=\"margin:10px 0;\">Admission is free.<\/a><\/div>\n<div style=\"font-size:13px;color:#534438;line-height:20px;\"><\/div>\n<p style=\"font-size:13px;color:#534438;line-height:20px;\"><a style=\"color:#cc2979;text-decoration:none\" href=\"http:\/\/www.whelanslive.com\">http:\/\/www.whelanslive.com<\/a><\/p>\n<\/td>\n<td valign=\"top\"><\/td>\n<\/tr>\n<\/table>\n<\/td>\n<\/tr>\n<\/table>\n<\/td>\n<\/tr>\n<\/table>\n<table width=\"100%\" cellpadding=\"0\" cellspacing=\"0\">\n<tr>\n<td style=\"padding:10px 30px\">\n<table width=\"100%\" cellpadding=\"0\" cellspacing=\"0\">\n<tr>\n<td width=\"52\" valign=\"top\"><img loading=\"lazy\" decoding=\"async\" src=\"http:\/\/dublineventguide.com\/dff\/admin\/images\/categories\/ACTIVITY.png\" width=\"32\" height=\"32\" \/><\/td>\n<td>\n<h2 style=\"font-size:16px;color:#534438;margin:0 0 5px;font-weight:normal\">The Circle Sessions &#8211; Open Mic<\/h2>\n<h3 style=\"font-size:13px;margin:0;padding:0;line-height:16px;color:#534438;\"><img loading=\"lazy\" decoding=\"async\" src=\"http:\/\/dublineventguide.com\/dff\/admin\/images\/weekly.png\" width=\"69\" height=\"16\" style=\"display:inline;float:left;\" \/> 20:00 &#8211; 23:30, Mon 28 May<\/h3>\n<p style=\"font-size:13px;color:#534438;line-height:20px;margin:0;padding-top:0;\">The International Bar, 23 Wicklow Street, Dublin 2<\/p>\n<table width=\"100%\" cellspacing=\"0\" cellpadding=\"0\">\n<tr>\n<td valign=\"top\">\n<div style=\"font-size:13px;color:#534438;line-height:20px;\">\n<p style=\"margin:10px 0;\">The Circle Sessions is an &#8220;Open Mic&#8221; that provides an opportunity for up and coming musicians, spoken word artists, poets and comedians to perform.<\/a><\/p>\n<p style=\"margin:10px 0;\">Come to this weekly show to perform or to simply watch a great mix of music, poetry, spoken word and comedy.<\/a><\/p>\n<p style=\"margin:10px 0;\">Admission is free.<\/a><\/div>\n<div style=\"font-size:13px;color:#534438;line-height:20px;\"><\/div>\n<p style=\"font-size:13px;color:#534438;line-height:20px;\"><a style=\"color:#cc2979;text-decoration:none\" href=\"https:\/\/www.facebook.com\/thecirclesessions\/\">https:\/\/www.facebook.com\/thecirclesessions\/<\/a><\/p>\n<\/td>\n<td valign=\"top\"><\/td>\n<\/tr>\n<\/table>\n<\/td>\n<\/tr>\n<\/table>\n<\/td>\n<\/tr>\n<\/table>\n<table width=\"100%\" cellpadding=\"0\" cellspacing=\"0\">\n<tr>\n<td style=\"padding:10px 30px\">\n<table width=\"100%\" cellpadding=\"0\" cellspacing=\"0\">\n<tr>\n<td width=\"52\" valign=\"top\"><img loading=\"lazy\" decoding=\"async\" src=\"http:\/\/dublineventguide.com\/dff\/admin\/images\/categories\/MUSIC.png\" width=\"32\" height=\"32\" \/><\/td>\n<td>\n<h2 style=\"font-size:16px;color:#534438;margin:0 0 5px;font-weight:normal\">Jazz Jam Session &#8211; Grand Social<\/h2>\n<h3 style=\"font-size:13px;margin:0;padding:0;line-height:16px;color:#534438;\"><img loading=\"lazy\" decoding=\"async\" src=\"http:\/\/dublineventguide.com\/dff\/admin\/images\/weekly.png\" width=\"69\" height=\"16\" style=\"display:inline;float:left;\" \/> 20:30, Mon 28 May<\/h3>\n<p style=\"font-size:13px;color:#534438;line-height:20px;margin:0;padding-top:0;\">Grand Social, 35 Lower Liffey Street (near Ha&#8217;Penny Bridge), Dublin 1<\/p>\n<table width=\"100%\" cellspacing=\"0\" cellpadding=\"0\">\n<tr>\n<td valign=\"top\">\n<div style=\"font-size:13px;color:#534438;line-height:20px;\">\n<p style=\"margin:10px 0;\">Every Monday a Jazz Jam Session will take place in the Grand Social and you are invited to listen or even to participate. Admission is free for musicians and audience.<\/a><\/p>\n<p style=\"margin:10px 0;\">Instruments are supplied (drums (no cymbals), double bass, guitar amp, bass amp, PA system) and ideas and themes will be proposed prior to the session to the musicians who join the event on Facebook (see Facebook Page below).<\/a><\/div>\n<div style=\"font-size:13px;color:#534438;line-height:20px;\"><\/div>\n<p style=\"font-size:13px;color:#534438;line-height:20px;\"><a style=\"color:#cc2979;text-decoration:none\" href=\"https:\/\/www.facebook.com\/pages\/Jazz-Jam-Session-at-The-Grand-Social\/224553674385198\">https:\/\/www.facebook.com\/pages\/Jazz-Jam-Session-at-The-Grand-Social\/224553674385198<\/a><\/p>\n<\/td>\n<td valign=\"top\"><\/td>\n<\/tr>\n<\/table>\n<\/td>\n<\/tr>\n<\/table>\n<\/td>\n<\/tr>\n<\/table>\n<table width=\"100%\" cellpadding=\"0\" cellspacing=\"0\">\n<tr>\n<td style=\"padding:10px 30px\">\n<table width=\"100%\" cellpadding=\"0\" cellspacing=\"0\">\n<tr>\n<td width=\"52\" valign=\"top\"><img loading=\"lazy\" decoding=\"async\" src=\"http:\/\/dublineventguide.com\/dff\/admin\/images\/categories\/COMEDY.png\" width=\"32\" height=\"32\" \/><\/td>\n<td>\n<h2 style=\"font-size:16px;color:#534438;margin:0 0 5px;font-weight:normal\">The Comedy Shed<\/h2>\n<h3 style=\"font-size:13px;margin:0;padding:0;line-height:16px;color:#534438;\"><img loading=\"lazy\" decoding=\"async\" src=\"http:\/\/dublineventguide.com\/dff\/admin\/images\/weekly.png\" width=\"69\" height=\"16\" style=\"display:inline;float:left;\" \/> 20:30, Mon 28 May<\/h3>\n<p style=\"font-size:13px;color:#534438;line-height:20px;margin:0;padding-top:0;\">Woolshed Bar &#038; Grill, Parnell Street, Dublin 1<\/p>\n<table width=\"100%\" cellspacing=\"0\" cellpadding=\"0\">\n<tr>\n<td valign=\"top\">\n<div style=\"font-size:13px;color:#534438;line-height:20px;\">\n<p style=\"margin:10px 0;\">Every Monday the Woolshed Bar hosts &#8220;The Comedy Shed&#8221;, usually with 3 headline acts.<\/a><\/p>\n<p style=\"margin:10px 0;\">Admission is free.<\/a><\/div>\n<div style=\"font-size:13px;color:#534438;line-height:20px;\"><\/div>\n<p style=\"font-size:13px;color:#534438;line-height:20px;\"><a style=\"color:#cc2979;text-decoration:none\" href=\"http:\/\/www.woolshedbaa.com\/dublin\/\">http:\/\/www.woolshedbaa.com\/dublin\/<\/a><\/p>\n<\/td>\n<td valign=\"top\"><\/td>\n<\/tr>\n<\/table>\n<\/td>\n<\/tr>\n<\/table>\n<\/td>\n<\/tr>\n<\/table>\n<table width=\"100%\" cellpadding=\"0\" cellspacing=\"0\">\n<tr>\n<td style=\"padding:10px 30px\">\n<table width=\"100%\" cellpadding=\"0\" cellspacing=\"0\">\n<tr>\n<td width=\"52\" valign=\"top\"><img loading=\"lazy\" decoding=\"async\" src=\"http:\/\/dublineventguide.com\/dff\/admin\/images\/categories\/COMEDY.png\" width=\"32\" height=\"32\" \/><\/td>\n<td>\n<h2 style=\"font-size:16px;color:#534438;margin:0 0 5px;font-weight:normal\">Comedy Crunch<\/h2>\n<h3 style=\"font-size:13px;margin:0;padding:0;line-height:16px;color:#534438;\"><img loading=\"lazy\" decoding=\"async\" src=\"http:\/\/dublineventguide.com\/dff\/admin\/images\/weekly.png\" width=\"69\" height=\"16\" style=\"display:inline;float:left;\" \/> 21:00 &#8211; 23:00, Mon 28 May<\/h3>\n<p style=\"font-size:13px;color:#534438;line-height:20px;margin:0;padding-top:0;\">Stag&#8217;s Head (downstairs), Dame Lane, Dublin 2 <\/p>\n<table width=\"100%\" cellspacing=\"0\" cellpadding=\"0\">\n<tr>\n<td valign=\"top\">\n<div style=\"font-size:13px;color:#534438;line-height:20px;\">\n<p style=\"margin:10px 0;\">The Comedy Crunch is a free Stand Up comedy event every Sunday, Monday and Tuesday. Every week different comedians entertain and on top of good comedy you will get free ice cream. Admission is free. The line-up can be found via the Comedy Crunch Facebook Page (see link below).<\/a><\/div>\n<div style=\"font-size:13px;color:#534438;line-height:20px;\"><\/div>\n<p style=\"font-size:13px;color:#534438;line-height:20px;\"><a style=\"color:#cc2979;text-decoration:none\" href=\"http:\/\/www.facebook.com\/pages\/The-Comedy-Crunch\/83791357330\">http:\/\/www.facebook.com\/pages\/The-Comedy-Crunch\/83791357330<\/a><\/p>\n<\/td>\n<td valign=\"top\"><\/td>\n<\/tr>\n<\/table>\n<\/td>\n<\/tr>\n<\/table>\n<\/td>\n<\/tr>\n<\/table>\n<table width=\"100%\" cellpadding=\"0\" cellspacing=\"0\">\n<tr>\n<td style=\"padding:10px 30px\">\n<table width=\"100%\" cellpadding=\"0\" cellspacing=\"0\">\n<tr>\n<td width=\"52\" valign=\"top\"><img loading=\"lazy\" decoding=\"async\" src=\"http:\/\/dublineventguide.com\/dff\/admin\/images\/categories\/MUSIC.png\" width=\"32\" height=\"32\" \/><\/td>\n<td>\n<h2 style=\"font-size:16px;color:#534438;margin:0 0 5px;font-weight:normal\">Trad Sessions<\/h2>\n<h3 style=\"font-size:13px;margin:0;padding:0;line-height:16px;color:#534438;\"><img loading=\"lazy\" decoding=\"async\" src=\"http:\/\/dublineventguide.com\/dff\/admin\/images\/weekly.png\" width=\"69\" height=\"16\" style=\"display:inline;float:left;\" \/> 21:00 &#8211; 23:30, Mon 28 May<\/h3>\n<p style=\"font-size:13px;color:#534438;line-height:20px;margin:0;padding-top:0;\">Mother Reillys, 26\/28 Upper Rathmines Road, Rathmines, Dublin 6 <\/p>\n<table width=\"100%\" cellspacing=\"0\" cellpadding=\"0\">\n<tr>\n<td valign=\"top\">\n<div style=\"font-size:13px;color:#534438;line-height:20px;\">\n<p style=\"margin:10px 0;\">An Open Trad Music Session is taking place every Monday in Mother Reilly&#8217;s. Admission is free.<\/a><\/div>\n<div style=\"font-size:13px;color:#534438;line-height:20px;\"><\/div>\n<p style=\"font-size:13px;color:#534438;line-height:20px;\"><a style=\"color:#cc2979;text-decoration:none\" href=\"http:\/\/dublinsessions.ie\/mother-reillys\/\">http:\/\/dublinsessions.ie\/mother-reillys\/<\/a><\/p>\n<\/td>\n<td valign=\"top\"><\/td>\n<\/tr>\n<\/table>\n<\/td>\n<\/tr>\n<\/table>\n<\/td>\n<\/tr>\n<\/table>\n<table width=\"100%\" cellpadding=\"0\" cellspacing=\"0\">\n<tr>\n<td style=\"padding:10px 30px\">\n<table width=\"100%\" cellpadding=\"0\" cellspacing=\"0\">\n<tr>\n<td width=\"52\" valign=\"top\"><img loading=\"lazy\" decoding=\"async\" src=\"http:\/\/dublineventguide.com\/dff\/admin\/images\/categories\/MUSIC.png\" width=\"32\" height=\"32\" \/><\/td>\n<td>\n<h2 style=\"font-size:16px;color:#534438;margin:0 0 5px;font-weight:normal\">That&#8217;s It Recordings &#8211; Open Mic<\/h2>\n<h3 style=\"font-size:13px;margin:0;padding:0;line-height:16px;color:#534438;\"><img loading=\"lazy\" decoding=\"async\" src=\"http:\/\/dublineventguide.com\/dff\/admin\/images\/weekly.png\" width=\"69\" height=\"16\" style=\"display:inline;float:left;\" \/> 22:00, Mon 28 May<\/h3>\n<p style=\"font-size:13px;color:#534438;line-height:20px;margin:0;padding-top:0;\">Sin \u00c9, 14 Ormond Quay, Dublin 1<\/p>\n<table width=\"100%\" cellspacing=\"0\" cellpadding=\"0\">\n<tr>\n<td valign=\"top\">\n<div style=\"font-size:13px;color:#534438;line-height:20px;\">\n<p style=\"margin:10px 0;\">That&#8217;s It Recordings is an open mic every Monday at Sin E. Just turn up and play. Sign up before 22:00 to ensure you get a slot. Bring a USB stick along and you will get a recording of your music to take home.<\/a><\/p>\n<p style=\"margin:10px 0;\">Admission is free.<\/a><\/div>\n<div style=\"font-size:13px;color:#534438;line-height:20px;\"><\/div>\n<p style=\"font-size:13px;color:#534438;line-height:20px;\"><a style=\"color:#cc2979;text-decoration:none\" href=\"http:\/\/sin-e.ie\/events\/\">http:\/\/sin-e.ie\/events\/<\/a><\/p>\n<\/td>\n<td valign=\"top\"><\/td>\n<\/tr>\n<\/table>\n<\/td>\n<\/tr>\n<\/table>\n<\/td>\n<\/tr>\n<\/table>\n<table width=\"100%\" cellpadding=\"0\" cellspacing=\"0\" id=\"day_1527548400\" style=\"margin-top: 10px;\">\n<tr height=\"34\" style=\"background-color:#c20162;color:#fff\">\n<td style=\"padding: 0; line-height: 1; height: 34px; overflow: hidden;\">\n<p style=\"width:630px;padding-left:30px;margin: 0; height: 34px; overflow: hidden; line-height: 34px;\"><a name=\"day_1527548400\"><\/a><strong>Tuesday  <\/strong> 29 May\t\t\t\t\t\t<\/p>\n<\/td>\n<td>\n<p style=\"margin:0;line-height:34px;padding:0;font-size:13px;\"><a href=\"#dff_top\" style=\"color:#fff;text-decoration:none\">back to top<\/a><\/p>\n<\/td>\n<td>\n<p style=\"margin:0;padding:0;font-size:13px;\"><a href=\"#dff_top\" style=\"color:#fff;text-decoration:none\"><img loading=\"lazy\" decoding=\"async\" src=\"http:\/\/dublineventguide.com\/dff\/admin\/images\/dividers\/date_toplink.png\" width=\"38\" height=\"34\" alt=\"Back to top\" \/><\/a><\/p>\n<\/td>\n<td width=\"50\">\n<\/td>\n<\/tr>\n<\/table>\n<table width=\"100%\" cellpadding=\"0\" cellspacing=\"0\">\n<tr>\n<td style=\"padding:10px 30px\">\n<table width=\"100%\" cellpadding=\"0\" cellspacing=\"0\">\n<tr>\n<td width=\"52\" valign=\"top\"><img loading=\"lazy\" decoding=\"async\" src=\"http:\/\/dublineventguide.com\/dff\/admin\/images\/categories\/ACTIVITY.png\" width=\"32\" height=\"32\" \/><\/td>\n<td>\n<h2 style=\"font-size:16px;color:#534438;margin:0 0 5px;font-weight:normal\">Bealtaine Festival &#8220;for older people&#8221;<\/h2>\n<h3 style=\"font-size:13px;margin:0;padding:0;line-height:16px;color:#534438;\">09:00, Tue 29 May<\/h3>\n<p style=\"font-size:13px;color:#534438;line-height:20px;margin:0;padding-top:0;\">Dublin (various locations) <\/p>\n<table width=\"100%\" cellspacing=\"0\" cellpadding=\"0\">\n<tr>\n<td valign=\"top\">\n<div style=\"font-size:13px;color:#534438;line-height:20px;\">\n<p style=\"margin:10px 0;\">Every May the Bealtaine Festival takes place all over Ireland and it &#8220;Celebrates arts and creativity as we age&#8221;.<\/a><\/p>\n<p style=\"margin:10px 0;\">This is a difficult description as everybody ages and therefore the tagline doesn&#8217;t make THAT much sense. In essence, the organisers &#8220;Age &#038; Opportunity&#8221; actually want to address the &#8220;older age&#8221;. Ok, that helps a little, but not too much either as nobody still really knows what the target age is. In previous years, a guidance of 55+ was given but that has disappeared and in all honesty most 55-60 year olds wouldn&#8217;t be close to insulted if they were classified as &#8220;older age&#8221;. ;-)<\/a><\/p>\n<p style=\"margin:10px 0;\">So where does that leave us? We don&#8217;t know really know!! So I guess if you feel older, this festival is for you and if you don&#8217;t, then the festival is not for you. ;-) I hope that explanation helps a little.<\/a><\/p>\n<p>There will be many events throughout May and a good few of them are free. The website has a good enough search facility, although I never understand why event organisers subdivide Dublin into four or five &#8220;territories&#8221;. You can also <a href=\"https:\/\/www.issuu.com\/ageopportunity\/docs\/bealtaine_a5_booklet_2018_final\" target=\"_blank\" style=\"color:#cc2979;text-decoration:none;\">download the brochure via this page<\/a> (look for the Download link at the bottom &#8211; it is currently disabled, but I will try to get them to enable it next week).<\/p>\n<p style=\"margin:10px 0;\">To find events go to the WHAT&#8217;S ON page<\/a><\/p>\n<p style=\"margin:10px 0;\">In &#8220;Dublin City&#8221; there are approx. 72 events, but as I said, not all are free. Oddly, the events are sorted in reverse order, starting with the 30 May. Talk about confusing &#8220;older&#8221; users!?<\/a><\/p>\n<p>Over the coming 4 weeks, I will include a number of free Bealtaine events in the Dublin Event Guide for Free Events, but I won&#8217;t be able to include all events, so please check the Bealtaine website here: <a href=\"http:\/\/www.bealtaine.ie\" style=\"color:#cc2979;text-decoration:none;\">http:\/\/www.bealtaine.ie<\/a><\/p>\n<\/div>\n<div style=\"font-size:13px;color:#534438;line-height:20px;\"><\/div>\n<p style=\"font-size:13px;color:#534438;line-height:20px;\"><a style=\"color:#cc2979;text-decoration:none\" href=\"http:\/\/bealtaine.ie\/\">http:\/\/bealtaine.ie\/<\/a><\/p>\n<\/td>\n<td valign=\"top\"><\/td>\n<\/tr>\n<\/table>\n<\/td>\n<\/tr>\n<\/table>\n<\/td>\n<\/tr>\n<\/table>\n<table width=\"100%\" cellpadding=\"0\" cellspacing=\"0\">\n<tr>\n<td style=\"padding:10px 30px\">\n<table width=\"100%\" cellpadding=\"0\" cellspacing=\"0\">\n<tr>\n<td width=\"52\" valign=\"top\"><img loading=\"lazy\" decoding=\"async\" src=\"http:\/\/dublineventguide.com\/dff\/admin\/images\/categories\/ACTIVITY.png\" width=\"32\" height=\"32\" \/><\/td>\n<td>\n<h2 style=\"font-size:16px;color:#534438;margin:0 0 5px;font-weight:normal\">National Gallery Talks &#038; Tour<\/h2>\n<h3 style=\"font-size:13px;margin:0;padding:0;line-height:16px;color:#534438;\"><img loading=\"lazy\" decoding=\"async\" src=\"http:\/\/dublineventguide.com\/dff\/admin\/images\/weekly.png\" width=\"69\" height=\"16\" style=\"display:inline;float:left;\" \/> 11:30 &#8211; 16:50, Tue 29 May<\/h3>\n<p style=\"font-size:13px;color:#534438;line-height:20px;margin:0;padding-top:0;\">National Gallery, Merrion Square West, Dublin 2 <\/p>\n<table width=\"100%\" cellspacing=\"0\" cellpadding=\"0\">\n<tr>\n<td valign=\"top\">\n<div style=\"font-size:13px;color:#534438;line-height:20px;\">\n<p style=\"margin:10px 0;\">The National Gallery has an extensive programme of free talks, public tours and Art Documentary screenings every day of the week. Currently there is at least one free tour every day. Check their website for details. Some special events will be listed separately.<\/a><\/p>\n<p style=\"margin:10px 0;\">Admission to the gallery and to most events is free.<\/a><\/div>\n<div style=\"font-size:13px;color:#534438;line-height:20px;\"><\/div>\n<p style=\"font-size:13px;color:#534438;line-height:20px;\"><a style=\"color:#cc2979;text-decoration:none\" href=\"https:\/\/www.nationalgallery.ie\/whats-on\">https:\/\/www.nationalgallery.ie\/whats-on<\/a><\/p>\n<\/td>\n<td valign=\"top\"><\/td>\n<\/tr>\n<\/table>\n<\/td>\n<\/tr>\n<\/table>\n<\/td>\n<\/tr>\n<\/table>\n<table width=\"100%\" cellpadding=\"0\" cellspacing=\"0\">\n<tr>\n<td style=\"padding:10px 30px\">\n<table width=\"100%\" cellpadding=\"0\" cellspacing=\"0\">\n<tr>\n<td width=\"52\" valign=\"top\"><img loading=\"lazy\" decoding=\"async\" src=\"http:\/\/dublineventguide.com\/dff\/admin\/images\/categories\/TALKS.png\" width=\"32\" height=\"32\" \/><\/td>\n<td>\n<h2 style=\"font-size:16px;color:#534438;margin:0 0 5px;font-weight:normal\">Saint Francis Receiving the Stigmata<\/h2>\n<h3 style=\"font-size:13px;margin:0;padding:0;line-height:16px;color:#534438;\">13:15 &#8211; 13:45, Tue 29 May<\/h3>\n<p style=\"font-size:13px;color:#534438;line-height:20px;margin:0;padding-top:0;\">National Gallery, Merrion Square West, Dublin 2 <\/p>\n<table width=\"100%\" cellspacing=\"0\" cellpadding=\"0\">\n<tr>\n<td valign=\"top\">\n<div style=\"font-size:13px;color:#534438;line-height:20px;\">\n<p style=\"margin:10px 0;\">The Pop-up talk &#8220;Saint Francis Receiving the Stigmata&#8221; is taking place in room 27.<\/a><\/p>\n<p style=\"margin:10px 0;\">Join Dara McElligott for a pop-up talk in front of El Greco&#8217;s painting of Saint Francis receiving the stigmata.<\/a><\/p>\n<p style=\"margin:10px 0;\">Admission is free.<\/a><\/div>\n<div style=\"font-size:13px;color:#534438;line-height:20px;\"><\/div>\n<p style=\"font-size:13px;color:#534438;line-height:20px;\"><a style=\"color:#cc2979;text-decoration:none\" href=\"https:\/\/www.nationalgallery.ie\/saint-francis-receiving-stigmata\">https:\/\/www.nationalgallery.ie\/saint-francis-receiving-stigmata<\/a><\/p>\n<\/td>\n<td valign=\"top\"><\/td>\n<\/tr>\n<\/table>\n<\/td>\n<\/tr>\n<\/table>\n<\/td>\n<\/tr>\n<\/table>\n<table width=\"100%\" cellpadding=\"0\" cellspacing=\"0\">\n<tr>\n<td style=\"padding:10px 30px\">\n<table width=\"100%\" cellpadding=\"0\" cellspacing=\"0\">\n<tr>\n<td width=\"52\" valign=\"top\"><img loading=\"lazy\" decoding=\"async\" src=\"http:\/\/dublineventguide.com\/dff\/admin\/images\/categories\/TALKS.png\" width=\"32\" height=\"32\" \/><\/td>\n<td>\n<h2 style=\"font-size:16px;color:#534438;margin:0 0 5px;font-weight:normal\">Coup in Brazil and Lula&#8217;s imprisonment<\/h2>\n<h3 style=\"font-size:13px;margin:0;padding:0;line-height:16px;color:#534438;\">18:30, Tue 29 May<\/h3>\n<p style=\"font-size:13px;color:#534438;line-height:20px;margin:0;padding-top:0;\">Comhlamh, 12 Parliament Street, Dublin 2<\/p>\n<table width=\"100%\" cellspacing=\"0\" cellpadding=\"0\">\n<tr>\n<td valign=\"top\">\n<div style=\"font-size:13px;color:#534438;line-height:20px;\">\n<p style=\"margin:10px 0;\">This is an event to discuss with the Brazilian community and everyone else interested the coup situation in Brazil, the meaning of Lula&#8217;s imprisonment, the importance of fighting for their freedom and prospects of anti-coup struggle in the country.<\/a><\/p>\n<p style=\"margin:10px 0;\">The debate will start with a lecture by Rui Costa Pimenta and a discussion will follow.<\/a><\/p>\n<p style=\"margin:10px 0;\">Admission is free.<\/a><\/div>\n<div style=\"font-size:13px;color:#534438;line-height:20px;\"><\/div>\n<p style=\"font-size:13px;color:#534438;line-height:20px;\"><a style=\"color:#cc2979;text-decoration:none\" href=\"https:\/\/www.facebook.com\/events\/368414933562297\/\">https:\/\/www.facebook.com\/events\/368414933562297\/<\/a><\/p>\n<\/td>\n<td valign=\"top\"><\/td>\n<\/tr>\n<\/table>\n<\/td>\n<\/tr>\n<\/table>\n<\/td>\n<\/tr>\n<\/table>\n<table width=\"100%\" cellpadding=\"0\" cellspacing=\"0\">\n<tr>\n<td style=\"padding:10px 30px\">\n<table width=\"100%\" cellpadding=\"0\" cellspacing=\"0\">\n<tr>\n<td width=\"52\" valign=\"top\"><img loading=\"lazy\" decoding=\"async\" src=\"http:\/\/dublineventguide.com\/dff\/admin\/images\/categories\/ACTIVITY.png\" width=\"32\" height=\"32\" \/><\/td>\n<td>\n<h2 style=\"font-size:16px;color:#534438;margin:0 0 5px;font-weight:normal\">The Dublin Language Exchange &#8211; Meetup<\/h2>\n<h3 style=\"font-size:13px;margin:0;padding:0;line-height:16px;color:#534438;\"><img loading=\"lazy\" decoding=\"async\" src=\"http:\/\/dublineventguide.com\/dff\/admin\/images\/weekly.png\" width=\"69\" height=\"16\" style=\"display:inline;float:left;\" \/> 19:00, Tue 29 May<\/h3>\n<p style=\"font-size:13px;color:#534438;line-height:20px;margin:0;padding-top:0;\">Czech Inn, Essex Gate, Temple Bar, Dublin 2<\/p>\n<table width=\"100%\" cellspacing=\"0\" cellpadding=\"0\">\n<tr>\n<td valign=\"top\">\n<div style=\"font-size:13px;color:#534438;line-height:20px;\">\n<p style=\"margin:10px 0;\">EveryTuesday at 19:00, The Dublin Language Exchange takes place in the Czech Inn. It is the biggest free meeting of people from all around Dublin that are interested in learning languages and communicate with speakers of other languages.<\/a><\/p>\n<p style=\"margin:10px 0;\">Admission is free and the meetup is completely informal. No booking required.<\/a><\/div>\n<div style=\"font-size:13px;color:#534438;line-height:20px;\"><\/div>\n<p style=\"font-size:13px;color:#534438;line-height:20px;\"><a style=\"color:#cc2979;text-decoration:none\" href=\"https:\/\/www.facebook.com\/Dublin-Language-Exchange-131803433533696\/\">https:\/\/www.facebook.com\/Dublin-Language-Exchange-131803433533696\/<\/a><\/p>\n<\/td>\n<td valign=\"top\"><\/td>\n<\/tr>\n<\/table>\n<\/td>\n<\/tr>\n<\/table>\n<\/td>\n<\/tr>\n<\/table>\n<table width=\"100%\" cellpadding=\"0\" cellspacing=\"0\">\n<tr>\n<td style=\"padding:10px 30px\">\n<table width=\"100%\" cellpadding=\"0\" cellspacing=\"0\">\n<tr>\n<td width=\"52\" valign=\"top\"><img loading=\"lazy\" decoding=\"async\" src=\"http:\/\/dublineventguide.com\/dff\/admin\/images\/categories\/COMEDY.png\" width=\"32\" height=\"32\" \/><\/td>\n<td>\n<h2 style=\"font-size:16px;color:#534438;margin:0 0 5px;font-weight:normal\">Camden Comedy<\/h2>\n<h3 style=\"font-size:13px;margin:0;padding:0;line-height:16px;color:#534438;\">20:00 &#8211; 22:30, Tue 29 May<\/h3>\n<p style=\"font-size:13px;color:#534438;line-height:20px;margin:0;padding-top:0;\">Anseo, 18 Camden Street Lower, Dublin 2 <\/p>\n<table width=\"100%\" cellspacing=\"0\" cellpadding=\"0\">\n<tr>\n<td valign=\"top\">\n<div style=\"font-size:13px;color:#534438;line-height:20px;\">\n<p style=\"margin:10px 0;\">Camden Comedy is a weekly comedy night on a Tuesday that I only found recently.<\/a><\/p>\n<p style=\"margin:10px 0;\">Every Tuesday they have a whole range of comedians and admission is free.<\/a><\/div>\n<div style=\"font-size:13px;color:#534438;line-height:20px;\"><\/div>\n<p style=\"font-size:13px;color:#534438;line-height:20px;\"><a style=\"color:#cc2979;text-decoration:none\" href=\"https:\/\/www.facebook.com\/CamdenComedyDublin\/\">https:\/\/www.facebook.com\/CamdenComedyDublin\/<\/a><\/p>\n<\/td>\n<td valign=\"top\"><\/td>\n<\/tr>\n<\/table>\n<\/td>\n<\/tr>\n<\/table>\n<\/td>\n<\/tr>\n<\/table>\n<table width=\"100%\" cellpadding=\"0\" cellspacing=\"0\">\n<tr>\n<td style=\"padding:10px 30px\">\n<table width=\"100%\" cellpadding=\"0\" cellspacing=\"0\">\n<tr>\n<td width=\"52\" valign=\"top\"><img loading=\"lazy\" decoding=\"async\" src=\"http:\/\/dublineventguide.com\/dff\/admin\/images\/categories\/MUSIC.png\" width=\"32\" height=\"32\" \/><\/td>\n<td>\n<h2 style=\"font-size:16px;color:#534438;margin:0 0 5px;font-weight:normal\">Dublin Bluegrass Collective &#8211; Gig<\/h2>\n<h3 style=\"font-size:13px;margin:0;padding:0;line-height:16px;color:#534438;\"><img loading=\"lazy\" decoding=\"async\" src=\"http:\/\/dublineventguide.com\/dff\/admin\/images\/weekly.png\" width=\"69\" height=\"16\" style=\"display:inline;float:left;\" \/> 20:00, Tue 29 May<\/h3>\n<p style=\"font-size:13px;color:#534438;line-height:20px;margin:0;padding-top:0;\">Sin \u00c9, 14 Ormond Quay, Dublin 1<\/p>\n<table width=\"100%\" cellspacing=\"0\" cellpadding=\"0\">\n<tr>\n<td valign=\"top\">\n<div style=\"font-size:13px;color:#534438;line-height:20px;\">\n<p style=\"margin:10px 0;\">Rumours have it that the Bluegrass Collective will perform in Sin \u00c9 on Tuesday and there might even be an open Bluegrass Jam! Admission is free.<\/a><\/div>\n<div style=\"font-size:13px;color:#534438;line-height:20px;\"><\/div>\n<p style=\"font-size:13px;color:#534438;line-height:20px;\"><a style=\"color:#cc2979;text-decoration:none\" href=\"https:\/\/www.facebook.com\/Sin.E.Pub\">https:\/\/www.facebook.com\/Sin.E.Pub<\/a><\/p>\n<\/td>\n<td valign=\"top\"><\/td>\n<\/tr>\n<\/table>\n<\/td>\n<\/tr>\n<\/table>\n<\/td>\n<\/tr>\n<\/table>\n<table width=\"100%\" cellpadding=\"0\" cellspacing=\"0\">\n<tr>\n<td style=\"padding:10px 30px\">\n<table width=\"100%\" cellpadding=\"0\" cellspacing=\"0\">\n<tr>\n<td width=\"52\" valign=\"top\"><img loading=\"lazy\" decoding=\"async\" src=\"http:\/\/dublineventguide.com\/dff\/admin\/images\/categories\/COMEDY.png\" width=\"32\" height=\"32\" \/><\/td>\n<td>\n<h2 style=\"font-size:16px;color:#534438;margin:0 0 5px;font-weight:normal\">Jesters Open Mic Comedy Night<\/h2>\n<h3 style=\"font-size:13px;margin:0;padding:0;line-height:16px;color:#534438;\">20:00 &#8211; 22:00, Tue 29 May<\/h3>\n<p style=\"font-size:13px;color:#534438;line-height:20px;margin:0;padding-top:0;\">Sin \u00c9, 14 Ormond Quay, Dublin 1<\/p>\n<table width=\"100%\" cellspacing=\"0\" cellpadding=\"0\">\n<tr>\n<td valign=\"top\">\n<div style=\"font-size:13px;color:#534438;line-height:20px;\">\n<p style=\"margin:10px 0;\">Jesters is a weekly open mic comedy event where a lot of comedians do 5 minutes of material.<\/a><\/p>\n<p style=\"margin:10px 0;\">Admission is free. If you would like to perform then send a message to the Jesters Facebook Page via the link below.<\/a><\/div>\n<div style=\"font-size:13px;color:#534438;line-height:20px;\"><\/div>\n<p style=\"font-size:13px;color:#534438;line-height:20px;\"><a style=\"color:#cc2979;text-decoration:none\" href=\"https:\/\/www.facebook.com\/jesterscomedy\/\">https:\/\/www.facebook.com\/jesterscomedy\/<\/a><\/p>\n<\/td>\n<td valign=\"top\"><\/td>\n<\/tr>\n<\/table>\n<\/td>\n<\/tr>\n<\/table>\n<\/td>\n<\/tr>\n<\/table>\n<table width=\"100%\" cellpadding=\"0\" cellspacing=\"0\">\n<tr>\n<td style=\"padding:10px 30px\">\n<table width=\"100%\" cellpadding=\"0\" cellspacing=\"0\">\n<tr>\n<td width=\"52\" valign=\"top\"><img loading=\"lazy\" decoding=\"async\" src=\"http:\/\/dublineventguide.com\/dff\/admin\/images\/categories\/MUSIC.png\" width=\"32\" height=\"32\" \/><\/td>\n<td>\n<h2 style=\"font-size:16px;color:#534438;margin:0 0 5px;font-weight:normal\">Ukulele Tuesday &#8211; Jam&#038;Gig<\/h2>\n<h3 style=\"font-size:13px;margin:0;padding:0;line-height:16px;color:#534438;\"><img loading=\"lazy\" decoding=\"async\" src=\"http:\/\/dublineventguide.com\/dff\/admin\/images\/weekly.png\" width=\"69\" height=\"16\" style=\"display:inline;float:left;\" \/> 20:00 &#8211; 23:30, Tue 29 May<\/h3>\n<p style=\"font-size:13px;color:#534438;line-height:20px;margin:0;padding-top:0;\">Stag&#8217;s Head, Dame Lane, Dublin 2 <\/p>\n<table width=\"100%\" cellspacing=\"0\" cellpadding=\"0\">\n<tr>\n<td valign=\"top\">\n<div style=\"font-size:13px;color:#534438;line-height:20px;\">\n<p style=\"margin:10px 0;\">Every Tuesday an informal sing along with Ukulele and Toy Musical Instruments takes place in the Stag&#8217;s Head. Just bring your instrument and come along. Beginners are welcome. Admission is free and further details (and a big book of songs) are available on the Facebook Page below.<\/a><\/div>\n<div style=\"font-size:13px;color:#534438;line-height:20px;\"><\/div>\n<p style=\"font-size:13px;color:#534438;line-height:20px;\"><a style=\"color:#cc2979;text-decoration:none\" href=\"https:\/\/www.facebook.com\/UkuleleTuesday\">https:\/\/www.facebook.com\/UkuleleTuesday<\/a><\/p>\n<\/td>\n<td valign=\"top\"><\/td>\n<\/tr>\n<\/table>\n<\/td>\n<\/tr>\n<\/table>\n<\/td>\n<\/tr>\n<\/table>\n<table width=\"100%\" cellpadding=\"0\" cellspacing=\"0\">\n<tr>\n<td style=\"padding:10px 30px\">\n<table width=\"100%\" cellpadding=\"0\" cellspacing=\"0\">\n<tr>\n<td width=\"52\" valign=\"top\"><img loading=\"lazy\" decoding=\"async\" src=\"http:\/\/dublineventguide.com\/dff\/admin\/images\/categories\/MUSIC.png\" width=\"32\" height=\"32\" \/><\/td>\n<td>\n<h2 style=\"font-size:16px;color:#534438;margin:0 0 5px;font-weight:normal\">Ben Prevo &#8211; Gig<\/h2>\n<h3 style=\"font-size:13px;margin:0;padding:0;line-height:16px;color:#534438;\">21:00, Tue 29 May<\/h3>\n<p style=\"font-size:13px;color:#534438;line-height:20px;margin:0;padding-top:0;\">The Bowery, 196 Rathmines Road Lower, Rathmines, Dublin 6<\/p>\n<table width=\"100%\" cellspacing=\"0\" cellpadding=\"0\">\n<tr>\n<td valign=\"top\">\n<div style=\"font-size:13px;color:#534438;line-height:20px;\">\n<p style=\"margin:10px 0;\">Ben Prevo will be for his weekly gig in the Bowery. Expect Blues, Funk, Jazz and even Country.<\/a><\/p>\n<p style=\"margin:10px 0;\">Admission is free.<\/a><\/div>\n<div style=\"font-size:13px;color:#534438;line-height:20px;\"><\/div>\n<p style=\"font-size:13px;color:#534438;line-height:20px;\"><a style=\"color:#cc2979;text-decoration:none\" href=\"http:\/\/thebowery.ie\/calander\/\">http:\/\/thebowery.ie\/calander\/<\/a><\/p>\n<\/td>\n<td valign=\"top\"><\/td>\n<\/tr>\n<\/table>\n<\/td>\n<\/tr>\n<\/table>\n<\/td>\n<\/tr>\n<\/table>\n<table width=\"100%\" cellpadding=\"0\" cellspacing=\"0\">\n<tr>\n<td style=\"padding:10px 30px\">\n<table width=\"100%\" cellpadding=\"0\" cellspacing=\"0\">\n<tr>\n<td width=\"52\" valign=\"top\"><img loading=\"lazy\" decoding=\"async\" src=\"http:\/\/dublineventguide.com\/dff\/admin\/images\/categories\/COMEDY.png\" width=\"32\" height=\"32\" \/><\/td>\n<td>\n<h2 style=\"font-size:16px;color:#534438;margin:0 0 5px;font-weight:normal\">Comedy Crunch<\/h2>\n<h3 style=\"font-size:13px;margin:0;padding:0;line-height:16px;color:#534438;\"><img loading=\"lazy\" decoding=\"async\" src=\"http:\/\/dublineventguide.com\/dff\/admin\/images\/weekly.png\" width=\"69\" height=\"16\" style=\"display:inline;float:left;\" \/> 21:00 &#8211; 23:00, Tue 29 May<\/h3>\n<p style=\"font-size:13px;color:#534438;line-height:20px;margin:0;padding-top:0;\">Stag&#8217;s Head (downstairs), Dame Lane, Dublin 2 <\/p>\n<table width=\"100%\" cellspacing=\"0\" cellpadding=\"0\">\n<tr>\n<td valign=\"top\">\n<div style=\"font-size:13px;color:#534438;line-height:20px;\">\n<p style=\"margin:10px 0;\">The Comedy Crunch is a free Stand Up comedy event every Sunday, Monday and Tuesday. Every week different comedians entertain and on top of good comedy you will get free ice cream. Admission is free. The line-up can be found via the Comedy Crunch Facebook Page (see link below).<\/a><\/div>\n<div style=\"font-size:13px;color:#534438;line-height:20px;\"><\/div>\n<p style=\"font-size:13px;color:#534438;line-height:20px;\"><a style=\"color:#cc2979;text-decoration:none\" href=\"http:\/\/www.facebook.com\/pages\/The-Comedy-Crunch\/83791357330\">http:\/\/www.facebook.com\/pages\/The-Comedy-Crunch\/83791357330<\/a><\/p>\n<\/td>\n<td valign=\"top\"><\/td>\n<\/tr>\n<\/table>\n<\/td>\n<\/tr>\n<\/table>\n<\/td>\n<\/tr>\n<\/table>\n<table width=\"100%\" cellpadding=\"0\" cellspacing=\"0\">\n<tr>\n<td style=\"padding:10px 30px\">\n<table width=\"100%\" cellpadding=\"0\" cellspacing=\"0\">\n<tr>\n<td width=\"52\" valign=\"top\"><img loading=\"lazy\" decoding=\"async\" src=\"http:\/\/dublineventguide.com\/dff\/admin\/images\/categories\/MUSIC.png\" width=\"32\" height=\"32\" \/><\/td>\n<td>\n<h2 style=\"font-size:16px;color:#534438;margin:0 0 5px;font-weight:normal\">The Lounge Quintet &#8211; Jazz Gig<\/h2>\n<h3 style=\"font-size:13px;margin:0;padding:0;line-height:16px;color:#534438;\"><img loading=\"lazy\" decoding=\"async\" src=\"http:\/\/dublineventguide.com\/dff\/admin\/images\/weekly.png\" width=\"69\" height=\"16\" style=\"display:inline;float:left;\" \/> 21:00, Tue 29 May<\/h3>\n<p style=\"font-size:13px;color:#534438;line-height:20px;margin:0;padding-top:0;\">Leeson Lounge, 148 Upper Leeson Street, Dublin 4<\/p>\n<table width=\"100%\" cellspacing=\"0\" cellpadding=\"0\">\n<tr>\n<td valign=\"top\">\n<div style=\"font-size:13px;color:#534438;line-height:20px;\">\n<p style=\"margin:10px 0;\">The Lounge Quintet plays this gig every Tuesday: Jazz Standards, Latin and Bebop. Often guest musicians and singers join them. Admission is free, donations are welcome.<\/a><\/div>\n<div style=\"font-size:13px;color:#534438;line-height:20px;\"><\/div>\n<p style=\"font-size:13px;color:#534438;line-height:20px;\"><a style=\"color:#cc2979;text-decoration:none\" href=\"https:\/\/www.facebook.com\/pages\/The-Leeson-Lounge\/114810058553792\">https:\/\/www.facebook.com\/pages\/The-Leeson-Lounge\/114810058553792<\/a><\/p>\n<\/td>\n<td valign=\"top\"><\/td>\n<\/tr>\n<\/table>\n<\/td>\n<\/tr>\n<\/table>\n<\/td>\n<\/tr>\n<\/table>\n<table width=\"100%\" cellpadding=\"0\" cellspacing=\"0\">\n<tr>\n<td style=\"padding:10px 30px\">\n<table width=\"100%\" cellpadding=\"0\" cellspacing=\"0\">\n<tr>\n<td width=\"52\" valign=\"top\"><img loading=\"lazy\" decoding=\"async\" src=\"http:\/\/dublineventguide.com\/dff\/admin\/images\/categories\/MUSIC.png\" width=\"32\" height=\"32\" \/><\/td>\n<td>\n<h2 style=\"font-size:16px;color:#534438;margin:0 0 5px;font-weight:normal\">International Bar Jazz Night<\/h2>\n<h3 style=\"font-size:13px;margin:0;padding:0;line-height:16px;color:#534438;\"><img loading=\"lazy\" decoding=\"async\" src=\"http:\/\/dublineventguide.com\/dff\/admin\/images\/weekly.png\" width=\"69\" height=\"16\" style=\"display:inline;float:left;\" \/> 21:30, Tue 29 May<\/h3>\n<p style=\"font-size:13px;color:#534438;line-height:20px;margin:0;padding-top:0;\">The International Bar, 23 Wicklow Street, Dublin 2<\/p>\n<table width=\"100%\" cellspacing=\"0\" cellpadding=\"0\">\n<tr>\n<td valign=\"top\">\n<div style=\"font-size:13px;color:#534438;line-height:20px;\">\n<p style=\"margin:10px 0;\">Every Tuesday and Thursday the International Bar invites to a Jazz night in the Lounge.<\/a><\/p>\n<p style=\"margin:10px 0;\">Groups led by Cote Calmet, Sean Maynard Smith, Dominic Mullan, Paddy Groenland, Georgia Cusack &#038; Alex Mathias are performing regularly with occasional guest players, but there are also other bands from all over.<\/a><\/p>\n<p style=\"margin:10px 0;\">Admission is free, with a suggested donation of EUR 5. The website clearly says that there is no entry fee, but &#8211; and that makes a lot of sense &#8211; that your donations are very much appreciated (Musicians need to pay for rent and food too!) Be generous after the gig if you liked it, but if someone wants to charge an admission charge, please point out that the &#8220;rules&#8221; as described on their website are like I have explained.<\/a><\/div>\n<div style=\"font-size:13px;color:#534438;line-height:20px;\"><\/div>\n<p style=\"font-size:13px;color:#534438;line-height:20px;\"><a style=\"color:#cc2979;text-decoration:none\" href=\"http:\/\/www.international-bar.com\/jazz\/\">http:\/\/www.international-bar.com\/jazz\/<\/a><\/p>\n<\/td>\n<td valign=\"top\"><\/td>\n<\/tr>\n<\/table>\n<\/td>\n<\/tr>\n<\/table>\n<\/td>\n<\/tr>\n<\/table>\n<table width=\"100%\" cellpadding=\"0\" cellspacing=\"0\">\n<tr>\n<td style=\"padding:10px 30px\">\n<table width=\"100%\" cellpadding=\"0\" cellspacing=\"0\">\n<tr>\n<td width=\"52\" valign=\"top\"><img loading=\"lazy\" decoding=\"async\" src=\"http:\/\/dublineventguide.com\/dff\/admin\/images\/categories\/ACTIVITY.png\" width=\"32\" height=\"32\" \/><\/td>\n<td>\n<h2 style=\"font-size:16px;color:#534438;margin:0 0 5px;font-weight:normal\">Woolshed Pub Quiz<\/h2>\n<h3 style=\"font-size:13px;margin:0;padding:0;line-height:16px;color:#534438;\"><img loading=\"lazy\" decoding=\"async\" src=\"http:\/\/dublineventguide.com\/dff\/admin\/images\/weekly.png\" width=\"69\" height=\"16\" style=\"display:inline;float:left;\" \/> 21:30, Tue 29 May<\/h3>\n<p style=\"font-size:13px;color:#534438;line-height:20px;margin:0;padding-top:0;\">Woolshed Bar &#038; Grill, Parnell Street, Dublin 1<\/p>\n<table width=\"100%\" cellspacing=\"0\" cellpadding=\"0\">\n<tr>\n<td valign=\"top\">\n<div style=\"font-size:13px;color:#534438;line-height:20px;\">\n<p style=\"margin:10px 0;\">Every Tuesday, a pub quiz is taking place in the Woolshed.<\/a><\/p>\n<p style=\"margin:10px 0;\">Admission is free. Max team size is 6 people.<\/a><\/div>\n<div style=\"font-size:13px;color:#534438;line-height:20px;\"><\/div>\n<p style=\"font-size:13px;color:#534438;line-height:20px;\"><a style=\"color:#cc2979;text-decoration:none\" href=\"http:\/\/www.woolshedbaa.com\">http:\/\/www.woolshedbaa.com<\/a><\/p>\n<\/td>\n<td valign=\"top\"><\/td>\n<\/tr>\n<\/table>\n<\/td>\n<\/tr>\n<\/table>\n<\/td>\n<\/tr>\n<\/table>\n<table width=\"100%\" cellpadding=\"0\" cellspacing=\"0\" id=\"day_1527634800\" style=\"margin-top: 10px;\">\n<tr height=\"34\" style=\"background-color:#c20162;color:#fff\">\n<td style=\"padding: 0; line-height: 1; height: 34px; overflow: hidden;\">\n<p style=\"width:630px;padding-left:30px;margin: 0; height: 34px; overflow: hidden; line-height: 34px;\"><a name=\"day_1527634800\"><\/a><strong>Wednesday  <\/strong> 30 May\t\t\t\t\t\t<\/p>\n<\/td>\n<td>\n<p style=\"margin:0;line-height:34px;padding:0;font-size:13px;\"><a href=\"#dff_top\" style=\"color:#fff;text-decoration:none\">back to top<\/a><\/p>\n<\/td>\n<td>\n<p style=\"margin:0;padding:0;font-size:13px;\"><a href=\"#dff_top\" style=\"color:#fff;text-decoration:none\"><img loading=\"lazy\" decoding=\"async\" src=\"http:\/\/dublineventguide.com\/dff\/admin\/images\/dividers\/date_toplink.png\" width=\"38\" height=\"34\" alt=\"Back to top\" \/><\/a><\/p>\n<\/td>\n<td width=\"50\">\n<\/td>\n<\/tr>\n<\/table>\n<table width=\"100%\" cellpadding=\"0\" cellspacing=\"0\">\n<tr>\n<td style=\"padding:10px 30px\">\n<table width=\"100%\" cellpadding=\"0\" cellspacing=\"0\">\n<tr>\n<td width=\"52\" valign=\"top\"><img loading=\"lazy\" decoding=\"async\" src=\"http:\/\/dublineventguide.com\/dff\/admin\/images\/categories\/ACTIVITY.png\" width=\"32\" height=\"32\" \/><\/td>\n<td>\n<h2 style=\"font-size:16px;color:#534438;margin:0 0 5px;font-weight:normal\">Bealtaine Festival &#8220;for older people&#8221;<\/h2>\n<h3 style=\"font-size:13px;margin:0;padding:0;line-height:16px;color:#534438;\">09:00, Wed 30 May<\/h3>\n<p style=\"font-size:13px;color:#534438;line-height:20px;margin:0;padding-top:0;\">Dublin (various locations) <\/p>\n<table width=\"100%\" cellspacing=\"0\" cellpadding=\"0\">\n<tr>\n<td valign=\"top\">\n<div style=\"font-size:13px;color:#534438;line-height:20px;\">\n<p style=\"margin:10px 0;\">Every May the Bealtaine Festival takes place all over Ireland and it &#8220;Celebrates arts and creativity as we age&#8221;.<\/a><\/p>\n<p style=\"margin:10px 0;\">This is a difficult description as everybody ages and therefore the tagline doesn&#8217;t make THAT much sense. In essence, the organisers &#8220;Age &#038; Opportunity&#8221; actually want to address the &#8220;older age&#8221;. Ok, that helps a little, but not too much either as nobody still really knows what the target age is. In previous years, a guidance of 55+ was given but that has disappeared and in all honesty most 55-60 year olds wouldn&#8217;t be close to insulted if they were classified as &#8220;older age&#8221;. ;-)<\/a><\/p>\n<p style=\"margin:10px 0;\">So where does that leave us? We don&#8217;t know really know!! So I guess if you feel older, this festival is for you and if you don&#8217;t, then the festival is not for you. ;-) I hope that explanation helps a little.<\/a><\/p>\n<p>There will be many events throughout May and a good few of them are free. The website has a good enough search facility, although I never understand why event organisers subdivide Dublin into four or five &#8220;territories&#8221;. You can also <a href=\"https:\/\/www.issuu.com\/ageopportunity\/docs\/bealtaine_a5_booklet_2018_final\" target=\"_blank\" style=\"color:#cc2979;text-decoration:none;\">download the brochure via this page<\/a> (look for the Download link at the bottom &#8211; it is currently disabled, but I will try to get them to enable it next week).<\/p>\n<p style=\"margin:10px 0;\">To find events go to the WHAT&#8217;S ON page<\/a><\/p>\n<p style=\"margin:10px 0;\">In &#8220;Dublin City&#8221; there are approx. 72 events, but as I said, not all are free. Oddly, the events are sorted in reverse order, starting with the 30 May. Talk about confusing &#8220;older&#8221; users!?<\/a><\/p>\n<p>Over the coming 4 weeks, I will include a number of free Bealtaine events in the Dublin Event Guide for Free Events, but I won&#8217;t be able to include all events, so please check the Bealtaine website here: <a href=\"http:\/\/www.bealtaine.ie\" style=\"color:#cc2979;text-decoration:none;\">http:\/\/www.bealtaine.ie<\/a><\/p>\n<\/div>\n<div style=\"font-size:13px;color:#534438;line-height:20px;\"><\/div>\n<p style=\"font-size:13px;color:#534438;line-height:20px;\"><a style=\"color:#cc2979;text-decoration:none\" href=\"http:\/\/bealtaine.ie\/\">http:\/\/bealtaine.ie\/<\/a><\/p>\n<\/td>\n<td valign=\"top\"><\/td>\n<\/tr>\n<\/table>\n<\/td>\n<\/tr>\n<\/table>\n<\/td>\n<\/tr>\n<\/table>\n<table width=\"100%\" cellpadding=\"0\" cellspacing=\"0\">\n<tr>\n<td style=\"padding:10px 30px\">\n<table width=\"100%\" cellpadding=\"0\" cellspacing=\"0\">\n<tr>\n<td width=\"52\" valign=\"top\"><img loading=\"lazy\" decoding=\"async\" src=\"http:\/\/dublineventguide.com\/dff\/admin\/images\/categories\/ACTIVITY.png\" width=\"32\" height=\"32\" \/><\/td>\n<td>\n<h2 style=\"font-size:16px;color:#534438;margin:0 0 5px;font-weight:normal\">Techconnect Trade Fair<\/h2>\n<h3 style=\"font-size:13px;margin:0;padding:0;line-height:16px;color:#534438;\">09:00 &#8211; 17:00, Wed 30 May<\/h3>\n<p style=\"font-size:13px;color:#534438;line-height:20px;margin:0;padding-top:0;\">RDS, Merrion Road, Ballsbridge, Dublin 4 <\/p>\n<table width=\"100%\" cellspacing=\"0\" cellpadding=\"0\">\n<tr>\n<td valign=\"top\">\n<div style=\"font-size:13px;color:#534438;line-height:20px;\">\n<p style=\"margin:10px 0;\">A somewhat odd trade fair exhibition is taking place on Wednesday in the RDS. Usually trade fairs or exhibitions focus on a single topic\/theme, but if the purpose of the event is not to promote the theme but is driven by the commercial goals of the organiser, then you bundle as many different themes in the same event, market them all as separate events to their respective target groups and maximise the sale of exhibition stalls. Slightly cynical view? Well, if you look at the list of separate trade fairs that all happen in the same hall, you get the idea;<\/a><\/p>\n<p>Tech Connect Live<br \/>The National Sales and Marketing Summit<br \/>Grow Your Business Online Expo<br \/>IT, Software, Data Summit<br \/>Grow SME<br \/>The CXO Summit<br \/>The Office Expo<br \/>The Mobile Tech Summit<br \/>The IOT and Industry 4.0 Expo<br \/>The Blockchain Summit<br \/>The GDPR Summit<br \/>The National Finance Summit<\/p>\n<p style=\"margin:10px 0;\">Admission to the event is free and &#8220;Delegates are free to move between events&#8221;..because they are in exactly the same exhibition hall! :-O<\/a><\/p>\n<p style=\"margin:10px 0;\">And there are LOTS of seminars as well, but a &#8220;seminar&#8221; might have 20 attendees only and is in the middle of the exhibition hall.<\/a><\/p>\n<p style=\"margin:10px 0;\">Admission is free and you can book your ticket via the link below.<\/a><\/div>\n<div style=\"font-size:13px;color:#534438;line-height:20px;\"><\/div>\n<p style=\"font-size:13px;color:#534438;line-height:20px;\"><a style=\"color:#cc2979;text-decoration:none\" href=\"http:\/\/techconnect-live.com\/\">http:\/\/techconnect-live.com\/<\/a><\/p>\n<\/td>\n<td valign=\"top\"><\/td>\n<\/tr>\n<\/table>\n<\/td>\n<\/tr>\n<\/table>\n<\/td>\n<\/tr>\n<\/table>\n<table width=\"100%\" cellpadding=\"0\" cellspacing=\"0\">\n<tr>\n<td style=\"padding:10px 30px\">\n<table width=\"100%\" cellpadding=\"0\" cellspacing=\"0\">\n<tr>\n<td width=\"52\" valign=\"top\"><img loading=\"lazy\" decoding=\"async\" src=\"http:\/\/dublineventguide.com\/dff\/admin\/images\/categories\/ART.png\" width=\"32\" height=\"32\" \/><\/td>\n<td>\n<h2 style=\"font-size:16px;color:#534438;margin:0 0 5px;font-weight:normal\">Drawing Group for Adults &#8211; Rua Red<\/h2>\n<h3 style=\"font-size:13px;margin:0;padding:0;line-height:16px;color:#534438;\"><img loading=\"lazy\" decoding=\"async\" src=\"http:\/\/dublineventguide.com\/dff\/admin\/images\/weekly.png\" width=\"69\" height=\"16\" style=\"display:inline;float:left;\" \/> 11:00, Wed 30 May<\/h3>\n<p style=\"font-size:13px;color:#534438;line-height:20px;margin:0;padding-top:0;\">Rua Red, South Dublin Arts Centre, Tallaght, D24<\/p>\n<table width=\"100%\" cellspacing=\"0\" cellpadding=\"0\">\n<tr>\n<td valign=\"top\">\n<div style=\"font-size:13px;color:#534438;line-height:20px;\">\n<p style=\"margin:10px 0;\">Did you ever want to give drawing a go? Or maybe you are a budding artist looking for like-minded people to draw with? The Drawing Group for Adults in Rua Red runs free weekly drawing sessions on Wednesdays from 11:00-12:00. Materials are provided.<\/a><\/div>\n<div style=\"font-size:13px;color:#534438;line-height:20px;\"><\/div>\n<p style=\"font-size:13px;color:#534438;line-height:20px;\"><a style=\"color:#cc2979;text-decoration:none\" href=\"http:\/\/www.ruared.ie\/whats-on\/event\/drawing-group-for-adults\">http:\/\/www.ruared.ie\/whats-on\/event\/drawing-group-for-adults<\/a><\/p>\n<\/td>\n<td valign=\"top\"><\/td>\n<\/tr>\n<\/table>\n<\/td>\n<\/tr>\n<\/table>\n<\/td>\n<\/tr>\n<\/table>\n<table width=\"100%\" cellpadding=\"0\" cellspacing=\"0\">\n<tr>\n<td style=\"padding:10px 30px\">\n<table width=\"100%\" cellpadding=\"0\" cellspacing=\"0\">\n<tr>\n<td width=\"52\" valign=\"top\"><img loading=\"lazy\" decoding=\"async\" src=\"http:\/\/dublineventguide.com\/dff\/admin\/images\/categories\/ACTIVITY.png\" width=\"32\" height=\"32\" \/><\/td>\n<td>\n<h2 style=\"font-size:16px;color:#534438;margin:0 0 5px;font-weight:normal\">National Gallery Talks &#038; Tour<\/h2>\n<h3 style=\"font-size:13px;margin:0;padding:0;line-height:16px;color:#534438;\"><img loading=\"lazy\" decoding=\"async\" src=\"http:\/\/dublineventguide.com\/dff\/admin\/images\/weekly.png\" width=\"69\" height=\"16\" style=\"display:inline;float:left;\" \/> 11:30 &#8211; 16:50, Wed 30 May<\/h3>\n<p style=\"font-size:13px;color:#534438;line-height:20px;margin:0;padding-top:0;\">National Gallery, Merrion Square West, Dublin 2 <\/p>\n<table width=\"100%\" cellspacing=\"0\" cellpadding=\"0\">\n<tr>\n<td valign=\"top\">\n<div style=\"font-size:13px;color:#534438;line-height:20px;\">\n<p style=\"margin:10px 0;\">The National Gallery has an extensive programme of free talks, public tours and Art Documentary screenings every day of the week. Currently there is at least one free tour every day. Check their website for details. Some special events will be listed separately.<\/a><\/p>\n<p style=\"margin:10px 0;\">Admission to the gallery and to most events is free.<\/a><\/div>\n<div style=\"font-size:13px;color:#534438;line-height:20px;\"><\/div>\n<p style=\"font-size:13px;color:#534438;line-height:20px;\"><a style=\"color:#cc2979;text-decoration:none\" href=\"https:\/\/www.nationalgallery.ie\/whats-on\">https:\/\/www.nationalgallery.ie\/whats-on<\/a><\/p>\n<\/td>\n<td valign=\"top\"><\/td>\n<\/tr>\n<\/table>\n<\/td>\n<\/tr>\n<\/table>\n<\/td>\n<\/tr>\n<\/table>\n<table width=\"100%\" cellpadding=\"0\" cellspacing=\"0\">\n<tr>\n<td style=\"padding:10px 30px\">\n<table width=\"100%\" cellpadding=\"0\" cellspacing=\"0\">\n<tr>\n<td width=\"52\" valign=\"top\"><img loading=\"lazy\" decoding=\"async\" src=\"http:\/\/dublineventguide.com\/dff\/admin\/images\/categories\/FILM.png\" width=\"32\" height=\"32\" \/><\/td>\n<td>\n<h2 style=\"font-size:16px;color:#534438;margin:0 0 5px;font-weight:normal\">Archive at Lunchtime &#8211; IFI<\/h2>\n<h3 style=\"font-size:13px;margin:0;padding:0;line-height:16px;color:#534438;\"><img loading=\"lazy\" decoding=\"async\" src=\"http:\/\/dublineventguide.com\/dff\/admin\/images\/weekly.png\" width=\"69\" height=\"16\" style=\"display:inline;float:left;\" \/> 13:00, Wed 30 May<\/h3>\n<p style=\"font-size:13px;color:#534438;line-height:20px;margin:0;padding-top:0;\">Irish Film Institute, 6 Eustace Street, Temple Bar, Dublin 2<\/p>\n<table width=\"100%\" cellspacing=\"0\" cellpadding=\"0\">\n<tr>\n<td valign=\"top\">\n<div style=\"font-size:13px;color:#534438;line-height:20px;\">\n<p>Archive at Lunchtime screenings take place Saturdays (Double Bill), Mondays and Wednesdays. The programme is changing weekly now (instead of monthly as in the past). To find out what film(s) will be screened go to <a href=\"http:\/\/www.ifi.ie\/whatson\/now-showing-coming-soon\/\" style=\"color:#cc2979;text-decoration:none;\">http:\/\/www.ifi.ie\/whatson\/now-showing-coming-soon\/<\/a> and look for &#8220;Archive at Lunchtime&#8221; on the right. Admission is free.<\/p>\n<\/div>\n<div style=\"font-size:13px;color:#534438;line-height:20px;\"><\/div>\n<p style=\"font-size:13px;color:#534438;line-height:20px;\"><a style=\"color:#cc2979;text-decoration:none\" href=\"http:\/\/www.ifi.ie\/\">http:\/\/www.ifi.ie\/<\/a><\/p>\n<\/td>\n<td valign=\"top\"><\/td>\n<\/tr>\n<\/table>\n<\/td>\n<\/tr>\n<\/table>\n<\/td>\n<\/tr>\n<\/table>\n<table width=\"100%\" cellpadding=\"0\" cellspacing=\"0\">\n<tr>\n<td style=\"padding:10px 30px\">\n<table width=\"100%\" cellpadding=\"0\" cellspacing=\"0\">\n<tr>\n<td width=\"52\" valign=\"top\"><img loading=\"lazy\" decoding=\"async\" src=\"http:\/\/dublineventguide.com\/dff\/admin\/images\/categories\/ACTIVITY.png\" width=\"32\" height=\"32\" \/><\/td>\n<td>\n<h2 style=\"font-size:16px;color:#534438;margin:0 0 5px;font-weight:normal\">Photo Detectives &#8211; Guided tour<\/h2>\n<h3 style=\"font-size:13px;margin:0;padding:0;line-height:16px;color:#534438;\">13:00, Wed 30 May<\/h3>\n<p style=\"font-size:13px;color:#534438;line-height:20px;margin:0;padding-top:0;\">National Photographic Archive, Meeting House Square, Temple Bar, Dublin 2<\/p>\n<table width=\"100%\" cellspacing=\"0\" cellpadding=\"0\">\n<tr>\n<td valign=\"top\">\n<div style=\"font-size:13px;color:#534438;line-height:20px;\">\n<p style=\"margin:10px 0;\">Photo Detectives is a guided tour in the Photographic Archive. Delve into this exhibition that celebrates the work and play of the lively, online community who investigate the NLI&#8217;s photographs on Flickr. Who are the Photo Detectives? What do they find out? How does it all work? Join Se\u00e1n Mulligan, one of the Flickr experts for this tour as he reveals the stories behind the images.<\/a><\/p>\n<p style=\"margin:10px 0;\">Admission is free. <\/a><\/div>\n<div style=\"font-size:13px;color:#534438;line-height:20px;\"><\/div>\n<p style=\"font-size:13px;color:#534438;line-height:20px;\"><a style=\"color:#cc2979;text-decoration:none\" href=\"http:\/\/www.nli.ie\/en\/list\/current-events.aspx\">http:\/\/www.nli.ie\/en\/list\/current-events.aspx<\/a><\/p>\n<\/td>\n<td valign=\"top\"><\/td>\n<\/tr>\n<\/table>\n<\/td>\n<\/tr>\n<\/table>\n<\/td>\n<\/tr>\n<\/table>\n<table width=\"100%\" cellpadding=\"0\" cellspacing=\"0\">\n<tr>\n<td style=\"padding:10px 30px\">\n<table width=\"100%\" cellpadding=\"0\" cellspacing=\"0\">\n<tr>\n<td width=\"52\" valign=\"top\"><img loading=\"lazy\" decoding=\"async\" src=\"http:\/\/dublineventguide.com\/dff\/admin\/images\/categories\/ACTIVITY.png\" width=\"32\" height=\"32\" \/><\/td>\n<td>\n<h2 style=\"font-size:16px;color:#534438;margin:0 0 5px;font-weight:normal\">Irish National War Memorial Gardens &#8211; Guided Tour<\/h2>\n<h3 style=\"font-size:13px;margin:0;padding:0;line-height:16px;color:#534438;\"><img loading=\"lazy\" decoding=\"async\" src=\"http:\/\/dublineventguide.com\/dff\/admin\/images\/weekly.png\" width=\"69\" height=\"16\" style=\"display:inline;float:left;\" \/> 14:00, Wed 30 May<\/h3>\n<p style=\"font-size:13px;color:#534438;line-height:20px;margin:0;padding-top:0;\">Irish National War Memorial Gardens, off South Circular Road, Dublin, Islandbridge, Dublin 8<\/p>\n<table width=\"100%\" cellspacing=\"0\" cellpadding=\"0\">\n<tr>\n<td valign=\"top\">\n<div style=\"font-size:13px;color:#534438;line-height:20px;\">\n<p style=\"margin:10px 0;\">A free guided tour will take place at the National War Memorial at Islandbridge every Wednesday at 14:00 from March until the end of October.<\/a><\/p>\n<p style=\"margin:10px 0;\">The tour will focus on World War I, in which nearly 50,000 Irish soldiers died. You will also hear about the main features of the gardens at this tour.<\/a><\/p>\n<p style=\"margin:10px 0;\">Meeting point is the car park at 14:00 (next to the Trinity College Boat Club). For further information and to check that it is taking place, contact 01-6770095 (Phoenix Park Visitor Centre).<\/a><\/div>\n<div style=\"font-size:13px;color:#534438;line-height:20px;\"><\/div>\n<p style=\"font-size:13px;color:#534438;line-height:20px;\"><a style=\"color:#cc2979;text-decoration:none\" href=\"http:\/\/opwdublincommemorative.ie\/war-memorial\/plan-a-visit\/\">http:\/\/opwdublincommemorative.ie\/war-memorial\/plan-a-visit\/<\/a><\/p>\n<\/td>\n<td valign=\"top\"><\/td>\n<\/tr>\n<\/table>\n<\/td>\n<\/tr>\n<\/table>\n<\/td>\n<\/tr>\n<\/table>\n<table width=\"100%\" cellpadding=\"0\" cellspacing=\"0\">\n<tr>\n<td style=\"padding:10px 30px\">\n<table width=\"100%\" cellpadding=\"0\" cellspacing=\"0\">\n<tr>\n<td width=\"52\" valign=\"top\"><img loading=\"lazy\" decoding=\"async\" src=\"http:\/\/dublineventguide.com\/dff\/admin\/images\/categories\/MUSIC.png\" width=\"32\" height=\"32\" \/><\/td>\n<td>\n<h2 style=\"font-size:16px;color:#534438;margin:0 0 5px;font-weight:normal\">Suffragist City Women in Traditional Irish Music<\/h2>\n<h3 style=\"font-size:13px;margin:0;padding:0;line-height:16px;color:#534438;\">17:30 &#8211; 18:30, Wed 30 May<\/h3>\n<p style=\"font-size:13px;color:#534438;line-height:20px;margin:0;padding-top:0;\">Inchicore Library, 34 Emmet Road, Dublin 8<\/p>\n<table width=\"100%\" cellspacing=\"0\" cellpadding=\"0\">\n<tr>\n<td valign=\"top\">\n<div style=\"font-size:13px;color:#534438;line-height:20px;\">\n<p style=\"margin:10px 0;\">&#8220;Suffragist City Women in Traditional Irish Music&#8221; is an hour of songs and tunes based on Suffragist City, the exhibition currently on display in the library. With musicians Mair\u00e9ad O\u2019 Donnell (Fiddle &#038; vocals) Aisling Keogh (Fiddle) &#038; Derek Copley (Banjo, Bouzouki &#038; vocals).<\/a><\/p>\n<p style=\"margin:10px 0;\">Admission is free. <\/a><\/div>\n<div style=\"font-size:13px;color:#534438;line-height:20px;\"><\/div>\n<p style=\"font-size:13px;color:#534438;line-height:20px;\"><a style=\"color:#cc2979;text-decoration:none\" href=\"http:\/\/www.dublincity.ie\/main-menu-services-culture-and-amenities-dublin-city-public-libraries-and-archive-events-2\">http:\/\/www.dublincity.ie\/main-menu-services-culture-and-amenities-dublin-city-public-libraries-and-archive-events-2<\/a><\/p>\n<\/td>\n<td valign=\"top\"><\/td>\n<\/tr>\n<\/table>\n<\/td>\n<\/tr>\n<\/table>\n<\/td>\n<\/tr>\n<\/table>\n<table width=\"100%\" cellpadding=\"0\" cellspacing=\"0\">\n<tr>\n<td style=\"padding:10px 30px\">\n<table width=\"100%\" cellpadding=\"0\" cellspacing=\"0\">\n<tr>\n<td width=\"52\" valign=\"top\"><img loading=\"lazy\" decoding=\"async\" src=\"http:\/\/dublineventguide.com\/dff\/admin\/images\/categories\/TALKS.png\" width=\"32\" height=\"32\" \/><\/td>\n<td>\n<h2 style=\"font-size:16px;color:#534438;margin:0 0 5px;font-weight:normal\">In Conversation: Rachel Maclean and Jesse Jones<\/h2>\n<h3 style=\"font-size:13px;margin:0;padding:0;line-height:16px;color:#534438;\">18:00, Wed 30 May<\/h3>\n<p style=\"font-size:13px;color:#534438;line-height:20px;margin:0;padding-top:0;\">Hugh Lane Gallery, Parnell Square North, Dublin 1 <\/p>\n<table width=\"100%\" cellspacing=\"0\" cellpadding=\"0\">\n<tr>\n<td valign=\"top\">\n<div style=\"font-size:13px;color:#534438;line-height:20px;\">\n<p style=\"margin:10px 0;\">To celebrate Rachel Maclean&#8217;s exhibition &#8220;Just be yourself!&#8221; at the Hugh Lane Gallery come to this Conversation between artists Rachel Maclean and Jesse Jones.<\/a><\/p>\n<p style=\"margin:10px 0;\">Admission is free. <\/a><\/div>\n<div style=\"font-size:13px;color:#534438;line-height:20px;\"><\/div>\n<p style=\"font-size:13px;color:#534438;line-height:20px;\"><a style=\"color:#cc2979;text-decoration:none\" href=\"http:\/\/www.hughlane.ie\/lectures\/lectures-past\/2064-rachelmaclean\">http:\/\/www.hughlane.ie\/lectures\/lectures-past\/2064-rachelmaclean<\/a><\/p>\n<\/td>\n<td valign=\"top\"><\/td>\n<\/tr>\n<\/table>\n<\/td>\n<\/tr>\n<\/table>\n<\/td>\n<\/tr>\n<\/table>\n<table width=\"100%\" cellpadding=\"0\" cellspacing=\"0\">\n<tr>\n<td style=\"padding:10px 30px\">\n<table width=\"100%\" cellpadding=\"0\" cellspacing=\"0\">\n<tr>\n<td width=\"52\" valign=\"top\"><img loading=\"lazy\" decoding=\"async\" src=\"http:\/\/dublineventguide.com\/dff\/admin\/images\/categories\/MUSIC.png\" width=\"32\" height=\"32\" \/><\/td>\n<td>\n<h2 style=\"font-size:16px;color:#534438;margin:0 0 5px;font-weight:normal\">Fuss on the Bus &#8211; Musical Play &#8211; Bealtaine<\/h2>\n<h3 style=\"font-size:13px;margin:0;padding:0;line-height:16px;color:#534438;\">18:30, Wed 30 May<\/h3>\n<p style=\"font-size:13px;color:#534438;line-height:20px;margin:0;padding-top:0;\">Walkinstown Library, Percy French Road, Walkinstown, Dublin 12<\/p>\n<table width=\"100%\" cellspacing=\"0\" cellpadding=\"0\">\n<tr>\n<td valign=\"top\">\n<div style=\"font-size:13px;color:#534438;line-height:20px;\">\n<p style=\"margin:10px 0;\">The Carnation Theatre\u2019s new musical play tells the story of life by way of a bus journey. Nell and her best friend, Rita take the 33 bus each year to Balbriggan. A whole life will be lived and loved from school days to free travel. This is an invitation to remember shops, pubs, characters and local history along the journey.<\/a><\/p>\n<p style=\"margin:10px 0;\">Admission is free, but booking is required via 01-4558159<\/a><\/div>\n<div style=\"font-size:13px;color:#534438;line-height:20px;\"><\/div>\n<p style=\"font-size:13px;color:#534438;line-height:20px;\"><a style=\"color:#cc2979;text-decoration:none\" href=\"http:\/\/www.dublincity.ie\/main-menu-services-culture-and-amenities-dublin-city-public-libraries-and-archive-events\/fuss-bus\">http:\/\/www.dublincity.ie\/main-menu-services-culture-and-amenities-dublin-city-public-libraries-and-archive-events\/fuss-bus<\/a><\/p>\n<\/td>\n<td valign=\"top\"><\/td>\n<\/tr>\n<\/table>\n<\/td>\n<\/tr>\n<\/table>\n<\/td>\n<\/tr>\n<\/table>\n<table width=\"100%\" cellpadding=\"0\" cellspacing=\"0\">\n<tr>\n<td style=\"padding:10px 30px\">\n<table width=\"100%\" cellpadding=\"0\" cellspacing=\"0\">\n<tr>\n<td width=\"52\" valign=\"top\"><img loading=\"lazy\" decoding=\"async\" src=\"http:\/\/dublineventguide.com\/dff\/admin\/images\/categories\/LITERATURE.png\" width=\"32\" height=\"32\" \/><\/td>\n<td>\n<h2 style=\"font-size:16px;color:#534438;margin:0 0 5px;font-weight:normal\">\u00d3 Dire\u00e1in i mBaile \u00c1tha Cliath &#8211; Poetry<\/h2>\n<h3 style=\"font-size:13px;margin:0;padding:0;line-height:16px;color:#534438;\">18:30, Wed 30 May<\/h3>\n<p style=\"font-size:13px;color:#534438;line-height:20px;margin:0;padding-top:0;\">Pearse Street Library, 138-144 Pearse Street, Dublin 2<\/p>\n<table width=\"100%\" cellspacing=\"0\" cellpadding=\"0\">\n<tr>\n<td valign=\"top\">\n<div style=\"font-size:13px;color:#534438;line-height:20px;\">\n<p style=\"margin:10px 0;\">This is a bilingual poetry event in Pearse Street Library:<\/a><\/p>\n<p style=\"margin:10px 0;\">Ceili\u00faradh ar shaol agus ar shaothar and fhile M\u00e1irt\u00edn \u00d3 Dire\u00e1in.The former Saoi of Aosd\u00e1na and father of modern Irish-language poetry, M\u00e1irt\u00edn \u00d3 Dire\u00e1in spent most of his life in Dublin and had a complicated relationship with the city. Macdara \u00d3 Fatharta agus Cathal Quinn &#8211; Aisteoir\u00ed \/ Enda Rilly &#8211; Ceol \/ Tristan Rosenstock &#8211; Fear an t\u00ed.<\/a><\/p>\n<p style=\"margin:10px 0;\">Admission is free.<\/a><\/div>\n<div style=\"font-size:13px;color:#534438;line-height:20px;\"><\/div>\n<p style=\"font-size:13px;color:#534438;line-height:20px;\"><a style=\"color:#cc2979;text-decoration:none\" href=\"http:\/\/www.dublincity.ie\/main-menu-services-culture-and-amenities-dublin-city-public-libraries-and-archive-events\/%C3%B3-dire%C3%A1in-i\">http:\/\/www.dublincity.ie\/main-menu-services-culture-and-amenities-dublin-city-public-libraries-and-archive-events\/%C3%B3-dire%C3%A1in-i<\/a><\/p>\n<\/td>\n<td valign=\"top\"><\/td>\n<\/tr>\n<\/table>\n<\/td>\n<\/tr>\n<\/table>\n<\/td>\n<\/tr>\n<\/table>\n<table width=\"100%\" cellpadding=\"0\" cellspacing=\"0\">\n<tr>\n<td style=\"padding:10px 30px\">\n<table width=\"100%\" cellpadding=\"0\" cellspacing=\"0\">\n<tr>\n<td width=\"52\" valign=\"top\"><img loading=\"lazy\" decoding=\"async\" src=\"http:\/\/dublineventguide.com\/dff\/admin\/images\/categories\/TALKS.png\" width=\"32\" height=\"32\" \/><\/td>\n<td>\n<h2 style=\"font-size:16px;color:#534438;margin:0 0 5px;font-weight:normal\">Renting and Sharing Space &#8211; Talk<\/h2>\n<h3 style=\"font-size:13px;margin:0;padding:0;line-height:16px;color:#534438;\">18:30, Wed 30 May<\/h3>\n<p style=\"font-size:13px;color:#534438;line-height:20px;margin:0;padding-top:0;\">Rathmines Library, 157 Lower Rathmines Road, Dublin 6<\/p>\n<table width=\"100%\" cellspacing=\"0\" cellpadding=\"0\">\n<tr>\n<td valign=\"top\">\n<div style=\"font-size:13px;color:#534438;line-height:20px;\">\n<p style=\"margin:10px 0;\">Andrew Guy of Threshold looks at how to cope with sharing your domestic space with others. Suitable for all ages.<\/a><\/p>\n<p style=\"margin:10px 0;\">Admission is free, but booking is required via 01-4973539<\/a><\/div>\n<div style=\"font-size:13px;color:#534438;line-height:20px;\"><\/div>\n<p style=\"font-size:13px;color:#534438;line-height:20px;\"><a style=\"color:#cc2979;text-decoration:none\" href=\"http:\/\/www.dublincity.ie\/main-menu-services-culture-and-amenities-dublin-city-public-libraries-and-archive-events\/house-and\">http:\/\/www.dublincity.ie\/main-menu-services-culture-and-amenities-dublin-city-public-libraries-and-archive-events\/house-and<\/a><\/p>\n<\/td>\n<td valign=\"top\"><\/td>\n<\/tr>\n<\/table>\n<\/td>\n<\/tr>\n<\/table>\n<\/td>\n<\/tr>\n<\/table>\n<table width=\"100%\" cellpadding=\"0\" cellspacing=\"0\">\n<tr>\n<td style=\"padding:10px 30px\">\n<table width=\"100%\" cellpadding=\"0\" cellspacing=\"0\">\n<tr>\n<td width=\"52\" valign=\"top\"><img loading=\"lazy\" decoding=\"async\" src=\"http:\/\/dublineventguide.com\/dff\/admin\/images\/categories\/TALKS.png\" width=\"32\" height=\"32\" \/><\/td>\n<td>\n<h2 style=\"font-size:16px;color:#534438;margin:0 0 5px;font-weight:normal\">1918-19 Influenza pandemic in Ireland &#8211; Talk<\/h2>\n<h3 style=\"font-size:13px;margin:0;padding:0;line-height:16px;color:#534438;\">19:00, Wed 30 May<\/h3>\n<p style=\"font-size:13px;color:#534438;line-height:20px;margin:0;padding-top:0;\">National Library, Kildare Street, Dublin 2<\/p>\n<table width=\"100%\" cellspacing=\"0\" cellpadding=\"0\">\n<tr>\n<td valign=\"top\">\n<div style=\"font-size:13px;color:#534438;line-height:20px;\">\n<p style=\"margin:10px 0;\">The talk &#8220;The 1918-19 influenza pandemic in Ireland: medicine, politics and people&#8221; with Dr Ida Milne will look at how the 1918-19 influenza pandemic inserted itself into all aspects of Irish society, from politics to family life.<\/a><\/p>\n<p style=\"margin:10px 0;\">Admission is free. <\/a><\/div>\n<div style=\"font-size:13px;color:#534438;line-height:20px;\"><\/div>\n<p style=\"font-size:13px;color:#534438;line-height:20px;\"><a style=\"color:#cc2979;text-decoration:none\" href=\"http:\/\/www.nli.ie\/en\/list\/current-events.aspx\">http:\/\/www.nli.ie\/en\/list\/current-events.aspx<\/a><\/p>\n<\/td>\n<td valign=\"top\"><\/td>\n<\/tr>\n<\/table>\n<\/td>\n<\/tr>\n<\/table>\n<\/td>\n<\/tr>\n<\/table>\n<table width=\"100%\" cellpadding=\"0\" cellspacing=\"0\">\n<tr>\n<td style=\"padding:10px 30px\">\n<table width=\"100%\" cellpadding=\"0\" cellspacing=\"0\">\n<tr>\n<td width=\"52\" valign=\"top\"><img loading=\"lazy\" decoding=\"async\" src=\"http:\/\/dublineventguide.com\/dff\/admin\/images\/categories\/FILM.png\" width=\"32\" height=\"32\" \/><\/td>\n<td>\n<h2 style=\"font-size:16px;color:#534438;margin:0 0 5px;font-weight:normal\">Documentary Screening &#8220;Stories of Water&#8221;<\/h2>\n<h3 style=\"font-size:13px;margin:0;padding:0;line-height:16px;color:#534438;\">19:00, Wed 30 May<\/h3>\n<p style=\"font-size:13px;color:#534438;line-height:20px;margin:0;padding-top:0;\">Comhlamh, 12 Parliament Street, Dublin 2<\/p>\n<table width=\"100%\" cellspacing=\"0\" cellpadding=\"0\">\n<tr>\n<td valign=\"top\">\n<div style=\"font-size:13px;color:#534438;line-height:20px;\">\n<p style=\"margin:10px 0;\">&#8220;Peru is a country with huge mineral deposits that has based its economic model primarily around the extraction of those minerals. As a result, it is home to some of the largest transnational mining companies in the world. Peru is also one of the most vulnerable countries in the world to the effects of climate change, and has been suffering from an acute water crisis for years. Of the 31 million people living in Peru today, over 3 million lack access to safe water. This documentary produced by the environmental network Red Muqui brings to the fore the human stories at the centre of this fateful paradox. The film provides evidence of the extreme vulnerability of water sources and ecosystems in Peru, showing how the pollution produced by mining impacts not only on the environment but on the lives who live in this \u2018mining country\u2019. The screening will be followed by a Q&#038;A session.&#8221;<\/a><\/p>\n<p style=\"margin:10px 0;\">Admission is free.<\/a><\/div>\n<div style=\"font-size:13px;color:#534438;line-height:20px;\"><\/div>\n<p style=\"font-size:13px;color:#534438;line-height:20px;\"><a style=\"color:#cc2979;text-decoration:none\" href=\"https:\/\/www.facebook.com\/events\/439517206491526\/\">https:\/\/www.facebook.com\/events\/439517206491526\/<\/a><\/p>\n<\/td>\n<td valign=\"top\"><\/td>\n<\/tr>\n<\/table>\n<\/td>\n<\/tr>\n<\/table>\n<\/td>\n<\/tr>\n<\/table>\n<table width=\"100%\" cellpadding=\"0\" cellspacing=\"0\">\n<tr>\n<td style=\"padding:10px 30px\">\n<table width=\"100%\" cellpadding=\"0\" cellspacing=\"0\">\n<tr>\n<td width=\"52\" valign=\"top\"><img loading=\"lazy\" decoding=\"async\" src=\"http:\/\/dublineventguide.com\/dff\/admin\/images\/categories\/MUSIC.png\" width=\"32\" height=\"32\" \/><\/td>\n<td>\n<h2 style=\"font-size:16px;color:#534438;margin:0 0 5px;font-weight:normal\">Dwarf Jar Wednesday Jazz<\/h2>\n<h3 style=\"font-size:13px;margin:0;padding:0;line-height:16px;color:#534438;\">19:30 &#8211; 22:00, Wed 30 May<\/h3>\n<p style=\"font-size:13px;color:#534438;line-height:20px;margin:0;padding-top:0;\">The Dwarf Jar Cafe, 1 Wellington Quay, Dublin 2<\/p>\n<table width=\"100%\" cellspacing=\"0\" cellpadding=\"0\">\n<tr>\n<td valign=\"top\">\n<div style=\"font-size:13px;color:#534438;line-height:20px;\">\n<p style=\"margin:10px 0;\">The Dwarf Jar House Trio (Daniel Rorke (sax), Cormac O&#8217;Brien (bass) and Matthew Jacobson(drums)) will play a weekly Jazz gig every Wednesday in Dwarf Jar Cafe and they usually have one or more guest musicians or singers supporting them.<\/a><\/p>\n<p style=\"margin:10px 0;\">Admission is free.<\/a><\/div>\n<div style=\"font-size:13px;color:#534438;line-height:20px;\"><\/div>\n<p style=\"font-size:13px;color:#534438;line-height:20px;\"><a style=\"color:#cc2979;text-decoration:none\" href=\"https:\/\/www.facebook.com\/satumusikk\/\">https:\/\/www.facebook.com\/satumusikk\/<\/a><\/p>\n<\/td>\n<td valign=\"top\"><\/td>\n<\/tr>\n<\/table>\n<\/td>\n<\/tr>\n<\/table>\n<\/td>\n<\/tr>\n<\/table>\n<table width=\"100%\" cellpadding=\"0\" cellspacing=\"0\">\n<tr>\n<td style=\"padding:10px 30px\">\n<table width=\"100%\" cellpadding=\"0\" cellspacing=\"0\">\n<tr>\n<td width=\"52\" valign=\"top\"><img loading=\"lazy\" decoding=\"async\" src=\"http:\/\/dublineventguide.com\/dff\/admin\/images\/categories\/COMEDY.png\" width=\"32\" height=\"32\" \/><\/td>\n<td>\n<h2 style=\"font-size:16px;color:#534438;margin:0 0 5px;font-weight:normal\">Jesters Open Mic Comedy Night<\/h2>\n<h3 style=\"font-size:13px;margin:0;padding:0;line-height:16px;color:#534438;\">19:45 &#8211; 22:00, Wed 30 May<\/h3>\n<p style=\"font-size:13px;color:#534438;line-height:20px;margin:0;padding-top:0;\">Sin \u00c9, 14 Ormond Quay, Dublin 1<\/p>\n<table width=\"100%\" cellspacing=\"0\" cellpadding=\"0\">\n<tr>\n<td valign=\"top\">\n<div style=\"font-size:13px;color:#534438;line-height:20px;\">\n<p style=\"margin:10px 0;\">Jesters is a weekly open mic comedy event where a lot of comedians do 5 minutes of material.<\/a><\/p>\n<p style=\"margin:10px 0;\">Admission is free. If you would like to perform then send a message to the Jesters Facebook Page via the link below.<\/a><\/div>\n<div style=\"font-size:13px;color:#534438;line-height:20px;\"><\/div>\n<p style=\"font-size:13px;color:#534438;line-height:20px;\"><a style=\"color:#cc2979;text-decoration:none\" href=\"https:\/\/www.facebook.com\/jesterscomedy\/\">https:\/\/www.facebook.com\/jesterscomedy\/<\/a><\/p>\n<\/td>\n<td valign=\"top\"><\/td>\n<\/tr>\n<\/table>\n<\/td>\n<\/tr>\n<\/table>\n<\/td>\n<\/tr>\n<\/table>\n<table width=\"100%\" cellpadding=\"0\" cellspacing=\"0\">\n<tr>\n<td style=\"padding:10px 30px\">\n<table width=\"100%\" cellpadding=\"0\" cellspacing=\"0\">\n<tr>\n<td width=\"52\" valign=\"top\"><img loading=\"lazy\" decoding=\"async\" src=\"http:\/\/dublineventguide.com\/dff\/admin\/images\/categories\/MUSIC.png\" width=\"32\" height=\"32\" \/><\/td>\n<td>\n<h2 style=\"font-size:16px;color:#534438;margin:0 0 5px;font-weight:normal\">Brand New Switcharoo &#8211; Roots Gig<\/h2>\n<h3 style=\"font-size:13px;margin:0;padding:0;line-height:16px;color:#534438;\">20:00, Wed 30 May<\/h3>\n<p style=\"font-size:13px;color:#534438;line-height:20px;margin:0;padding-top:0;\">Harbour Bar, 1 Strand Road, Bray, Co. Wicklow<\/p>\n<table width=\"100%\" cellspacing=\"0\" cellpadding=\"0\">\n<tr>\n<td valign=\"top\">\n<div style=\"font-size:13px;color:#534438;line-height:20px;\">\n<p style=\"margin:10px 0;\">The Roots Band &#8220;Brand New Switcharoo&#8221; will perform in the Harbour Bar. Admission is free.<\/a><\/div>\n<div style=\"font-size:13px;color:#534438;line-height:20px;\"><\/div>\n<p style=\"font-size:13px;color:#534438;line-height:20px;\"><a style=\"color:#cc2979;text-decoration:none\" href=\"http:\/\/www.theharbourbar.ie\/whats-on\/event\/\">http:\/\/www.theharbourbar.ie\/whats-on\/event\/<\/a><\/p>\n<\/td>\n<td valign=\"top\"><\/td>\n<\/tr>\n<\/table>\n<\/td>\n<\/tr>\n<\/table>\n<\/td>\n<\/tr>\n<\/table>\n<table width=\"100%\" cellpadding=\"0\" cellspacing=\"0\">\n<tr>\n<td style=\"padding:10px 30px\">\n<table width=\"100%\" cellpadding=\"0\" cellspacing=\"0\">\n<tr>\n<td width=\"52\" valign=\"top\"><img loading=\"lazy\" decoding=\"async\" src=\"http:\/\/dublineventguide.com\/dff\/admin\/images\/categories\/MUSIC.png\" width=\"32\" height=\"32\" \/><\/td>\n<td>\n<h2 style=\"font-size:16px;color:#534438;margin:0 0 5px;font-weight:normal\">Dublin Jam Session &#8211; Open Jam<\/h2>\n<h3 style=\"font-size:13px;margin:0;padding:0;line-height:16px;color:#534438;\"><img loading=\"lazy\" decoding=\"async\" src=\"http:\/\/dublineventguide.com\/dff\/admin\/images\/weekly.png\" width=\"69\" height=\"16\" style=\"display:inline;float:left;\" \/> 20:00 &#8211; 23:00, Wed 30 May<\/h3>\n<p style=\"font-size:13px;color:#534438;line-height:20px;margin:0;padding-top:0;\">Drop Dead Twice, 18\/19 Francis Street, Dublin 8<\/p>\n<table width=\"100%\" cellspacing=\"0\" cellpadding=\"0\">\n<tr>\n<td valign=\"top\">\n<div style=\"font-size:13px;color:#534438;line-height:20px;\">\n<p style=\"margin:10px 0;\">The Dublin Jam Session is an open Jam with full back line. It is open to all levels of musicians and singers and all genres of music and the only rule is that you must jam with others (not all your own band).<\/a><\/p>\n<p style=\"margin:10px 0;\">It takes place every Wednesday and admission is free.<\/a><\/div>\n<div style=\"font-size:13px;color:#534438;line-height:20px;\"><\/div>\n<p style=\"font-size:13px;color:#534438;line-height:20px;\"><a style=\"color:#cc2979;text-decoration:none\" href=\"https:\/\/www.facebook.com\/DublinJamSessions\/\">https:\/\/www.facebook.com\/DublinJamSessions\/<\/a><\/p>\n<\/td>\n<td valign=\"top\"><\/td>\n<\/tr>\n<\/table>\n<\/td>\n<\/tr>\n<\/table>\n<\/td>\n<\/tr>\n<\/table>\n<table width=\"100%\" cellpadding=\"0\" cellspacing=\"0\">\n<tr>\n<td style=\"padding:10px 30px\">\n<table width=\"100%\" cellpadding=\"0\" cellspacing=\"0\">\n<tr>\n<td width=\"52\" valign=\"top\"><img loading=\"lazy\" decoding=\"async\" src=\"http:\/\/dublineventguide.com\/dff\/admin\/images\/categories\/MUSIC.png\" width=\"32\" height=\"32\" \/><\/td>\n<td>\n<h2 style=\"font-size:16px;color:#534438;margin:0 0 5px;font-weight:normal\">The Wow Signal Sessions<\/h2>\n<h3 style=\"font-size:13px;margin:0;padding:0;line-height:16px;color:#534438;\">20:00, Wed 30 May<\/h3>\n<p style=\"font-size:13px;color:#534438;line-height:20px;margin:0;padding-top:0;\">Bagots Hutton Bar &#038; Restaurant, 6 Upper Ormond Quay, Dublin 7<\/p>\n<table width=\"100%\" cellspacing=\"0\" cellpadding=\"0\">\n<tr>\n<td valign=\"top\">\n<div style=\"font-size:13px;color:#534438;line-height:20px;\">\n<p style=\"margin:10px 0;\">The Wow Wignal Sessions is a weekly gig night in Bagots Hutton. The line up is usually announced just a few days before on the Facebook Page below.<\/a><\/p>\n<p style=\"margin:10px 0;\">Admission is free.<\/a><\/div>\n<div style=\"font-size:13px;color:#534438;line-height:20px;\"><\/div>\n<p style=\"font-size:13px;color:#534438;line-height:20px;\"><a style=\"color:#cc2979;text-decoration:none\" href=\"https:\/\/www.facebook.com\/wowsignalsessions\">https:\/\/www.facebook.com\/wowsignalsessions<\/a><\/p>\n<\/td>\n<td valign=\"top\"><\/td>\n<\/tr>\n<\/table>\n<\/td>\n<\/tr>\n<\/table>\n<\/td>\n<\/tr>\n<\/table>\n<table width=\"100%\" cellpadding=\"0\" cellspacing=\"0\">\n<tr>\n<td style=\"padding:10px 30px\">\n<table width=\"100%\" cellpadding=\"0\" cellspacing=\"0\">\n<tr>\n<td width=\"52\" valign=\"top\"><img loading=\"lazy\" decoding=\"async\" src=\"http:\/\/dublineventguide.com\/dff\/admin\/images\/categories\/COMEDY.png\" width=\"32\" height=\"32\" \/><\/td>\n<td>\n<h2 style=\"font-size:16px;color:#534438;margin:0 0 5px;font-weight:normal\">Anseo Comedy Club<\/h2>\n<h3 style=\"font-size:13px;margin:0;padding:0;line-height:16px;color:#534438;\"><img loading=\"lazy\" decoding=\"async\" src=\"http:\/\/dublineventguide.com\/dff\/admin\/images\/weekly.png\" width=\"69\" height=\"16\" style=\"display:inline;float:left;\" \/> 20:30, Wed 30 May<\/h3>\n<p style=\"font-size:13px;color:#534438;line-height:20px;margin:0;padding-top:0;\">Anseo, 18 Camden Street Lower, Dublin 2 <\/p>\n<table width=\"100%\" cellspacing=\"0\" cellpadding=\"0\">\n<tr>\n<td valign=\"top\">\n<div style=\"font-size:13px;color:#534438;line-height:20px;\">\n<p style=\"margin:10px 0;\">The Anseo Comedy Club takes place every Wednesday in Anseo (upstairs).<\/a><\/p>\n<p style=\"margin:10px 0;\">Admission is free, donations are welcome.<\/a><\/div>\n<div style=\"font-size:13px;color:#534438;line-height:20px;\"><\/div>\n<p style=\"font-size:13px;color:#534438;line-height:20px;\"><a style=\"color:#cc2979;text-decoration:none\" href=\"https:\/\/www.facebook.com\/StandUpComedyClub\">https:\/\/www.facebook.com\/StandUpComedyClub<\/a><\/p>\n<\/td>\n<td valign=\"top\"><\/td>\n<\/tr>\n<\/table>\n<\/td>\n<\/tr>\n<\/table>\n<\/td>\n<\/tr>\n<\/table>\n<table width=\"100%\" cellpadding=\"0\" cellspacing=\"0\">\n<tr>\n<td style=\"padding:10px 30px\">\n<table width=\"100%\" cellpadding=\"0\" cellspacing=\"0\">\n<tr>\n<td width=\"52\" valign=\"top\"><img loading=\"lazy\" decoding=\"async\" src=\"http:\/\/dublineventguide.com\/dff\/admin\/images\/categories\/MUSIC.png\" width=\"32\" height=\"32\" \/><\/td>\n<td>\n<h2 style=\"font-size:16px;color:#534438;margin:0 0 5px;font-weight:normal\">The Zodiac Sessions &#8211; Open Mic\/Gig<\/h2>\n<h3 style=\"font-size:13px;margin:0;padding:0;line-height:16px;color:#534438;\"><img loading=\"lazy\" decoding=\"async\" src=\"http:\/\/dublineventguide.com\/dff\/admin\/images\/weekly.png\" width=\"69\" height=\"16\" style=\"display:inline;float:left;\" \/> 20:30, Wed 30 May<\/h3>\n<p style=\"font-size:13px;color:#534438;line-height:20px;margin:0;padding-top:0;\">Bruxelles, Harry Street, Dublin 2<\/p>\n<table width=\"100%\" cellspacing=\"0\" cellpadding=\"0\">\n<tr>\n<td valign=\"top\">\n<div style=\"font-size:13px;color:#534438;line-height:20px;\">\n<p style=\"margin:10px 0;\">&#8220;The Zodiac Sessions&#8221; is a regular open mic event from 20:30 in Bruxelles (between Grafton Street and Westbury Hotel) for unsigned musicians. Admission is free and there is a different line-up every week. <\/a><\/div>\n<div style=\"font-size:13px;color:#534438;line-height:20px;\"><\/div>\n<p style=\"font-size:13px;color:#534438;line-height:20px;\"><a style=\"color:#cc2979;text-decoration:none\" href=\"https:\/\/www.facebook.com\/zodiacsessions\">https:\/\/www.facebook.com\/zodiacsessions<\/a><\/p>\n<\/td>\n<td valign=\"top\"><\/td>\n<\/tr>\n<\/table>\n<\/td>\n<\/tr>\n<\/table>\n<\/td>\n<\/tr>\n<\/table>\n<table width=\"100%\" cellpadding=\"0\" cellspacing=\"0\">\n<tr>\n<td style=\"padding:10px 30px\">\n<table width=\"100%\" cellpadding=\"0\" cellspacing=\"0\">\n<tr>\n<td width=\"52\" valign=\"top\"><img loading=\"lazy\" decoding=\"async\" src=\"http:\/\/dublineventguide.com\/dff\/admin\/images\/categories\/DANCE.png\" width=\"32\" height=\"32\" \/><\/td>\n<td>\n<h2 style=\"font-size:16px;color:#534438;margin:0 0 5px;font-weight:normal\">Forro Wednesday<\/h2>\n<h3 style=\"font-size:13px;margin:0;padding:0;line-height:16px;color:#534438;\">21:00, Wed 30 May<\/h3>\n<p style=\"font-size:13px;color:#534438;line-height:20px;margin:0;padding-top:0;\">Woolshed Bar &#038; Grill, Parnell Street, Dublin 1<\/p>\n<table width=\"100%\" cellspacing=\"0\" cellpadding=\"0\">\n<tr>\n<td valign=\"top\">\n<div style=\"font-size:13px;color:#534438;line-height:20px;\">\n<p style=\"margin:10px 0;\">Dance Forro every week at this &#8220;Forro Wednesday&#8221; in the Woolshed for free.<\/a><\/div>\n<div style=\"font-size:13px;color:#534438;line-height:20px;\"><\/div>\n<p style=\"font-size:13px;color:#534438;line-height:20px;\"><a style=\"color:#cc2979;text-decoration:none\" href=\"https:\/\/www.facebook.com\/events\/137957730197202\/\">https:\/\/www.facebook.com\/events\/137957730197202\/<\/a><\/p>\n<\/td>\n<td valign=\"top\"><\/td>\n<\/tr>\n<\/table>\n<\/td>\n<\/tr>\n<\/table>\n<\/td>\n<\/tr>\n<\/table>\n<table width=\"100%\" cellpadding=\"0\" cellspacing=\"0\">\n<tr>\n<td style=\"padding:10px 30px\">\n<table width=\"100%\" cellpadding=\"0\" cellspacing=\"0\">\n<tr>\n<td width=\"52\" valign=\"top\"><img loading=\"lazy\" decoding=\"async\" src=\"http:\/\/dublineventguide.com\/dff\/admin\/images\/categories\/MUSIC.png\" width=\"32\" height=\"32\" \/><\/td>\n<td>\n<h2 style=\"font-size:16px;color:#534438;margin:0 0 5px;font-weight:normal\">Los Paradiso &#8211; Gig<\/h2>\n<h3 style=\"font-size:13px;margin:0;padding:0;line-height:16px;color:#534438;\"><img loading=\"lazy\" decoding=\"async\" src=\"http:\/\/dublineventguide.com\/dff\/admin\/images\/weekly.png\" width=\"69\" height=\"16\" style=\"display:inline;float:left;\" \/> 21:00, Wed 30 May<\/h3>\n<p style=\"font-size:13px;color:#534438;line-height:20px;margin:0;padding-top:0;\">Leeson Lounge, 148 Upper Leeson Street, Dublin 4<\/p>\n<table width=\"100%\" cellspacing=\"0\" cellpadding=\"0\">\n<tr>\n<td valign=\"top\">\n<div style=\"font-size:13px;color:#534438;line-height:20px;\">\n<p style=\"margin:10px 0;\">Los Paradiso are playing Rockabilly, Tex Mex, Western Swing, Surf in the Leeson Lounge. Admission is free, but donations are appreciated.<\/a><\/div>\n<div style=\"font-size:13px;color:#534438;line-height:20px;\"><\/div>\n<p style=\"font-size:13px;color:#534438;line-height:20px;\"><a style=\"color:#cc2979;text-decoration:none\" href=\"https:\/\/www.facebook.com\/pages\/The-Leeson-Lounge\/114810058553792\">https:\/\/www.facebook.com\/pages\/The-Leeson-Lounge\/114810058553792<\/a><\/p>\n<\/td>\n<td valign=\"top\"><\/td>\n<\/tr>\n<\/table>\n<\/td>\n<\/tr>\n<\/table>\n<\/td>\n<\/tr>\n<\/table>\n<table width=\"100%\" cellpadding=\"0\" cellspacing=\"0\">\n<tr>\n<td style=\"padding:10px 30px\">\n<table width=\"100%\" cellpadding=\"0\" cellspacing=\"0\">\n<tr>\n<td width=\"52\" valign=\"top\"><img loading=\"lazy\" decoding=\"async\" src=\"http:\/\/dublineventguide.com\/dff\/admin\/images\/categories\/MUSIC.png\" width=\"32\" height=\"32\" \/><\/td>\n<td>\n<h2 style=\"font-size:16px;color:#534438;margin:0 0 5px;font-weight:normal\">Shipwrecked &#8211; Open Mic Night<\/h2>\n<h3 style=\"font-size:13px;margin:0;padding:0;line-height:16px;color:#534438;\">21:30, Wed 30 May<\/h3>\n<p style=\"font-size:13px;color:#534438;line-height:20px;margin:0;padding-top:0;\">The Bowery, 196 Rathmines Road Lower, Rathmines, Dublin 6<\/p>\n<table width=\"100%\" cellspacing=\"0\" cellpadding=\"0\">\n<tr>\n<td valign=\"top\">\n<div style=\"font-size:13px;color:#534438;line-height:20px;\">\n<p style=\"margin:10px 0;\">&#8220;Shipwrecked&#8221; is the name of the Bowery&#8217;s Open Mic on Wednesdays.<\/a><\/p>\n<p style=\"margin:10px 0;\">Each week there will be an array of music, comedy, spoken word and all things in between.<\/a><\/p>\n<p style=\"margin:10px 0;\">Admission is free.<\/a><\/div>\n<div style=\"font-size:13px;color:#534438;line-height:20px;\"><\/div>\n<p style=\"font-size:13px;color:#534438;line-height:20px;\"><a style=\"color:#cc2979;text-decoration:none\" href=\"http:\/\/thebowery.ie\/calander\/\">http:\/\/thebowery.ie\/calander\/<\/a><\/p>\n<\/td>\n<td valign=\"top\"><\/td>\n<\/tr>\n<\/table>\n<\/td>\n<\/tr>\n<\/table>\n<\/td>\n<\/tr>\n<\/table>\n<table width=\"100%\" cellpadding=\"0\" cellspacing=\"0\">\n<tr>\n<td style=\"padding:10px 30px\">\n<table width=\"100%\" cellpadding=\"0\" cellspacing=\"0\">\n<tr>\n<td width=\"52\" valign=\"top\"><img loading=\"lazy\" decoding=\"async\" src=\"http:\/\/dublineventguide.com\/dff\/admin\/images\/categories\/MUSIC.png\" width=\"32\" height=\"32\" \/><\/td>\n<td>\n<h2 style=\"font-size:16px;color:#534438;margin:0 0 5px;font-weight:normal\">Trad Session<\/h2>\n<h3 style=\"font-size:13px;margin:0;padding:0;line-height:16px;color:#534438;\"><img loading=\"lazy\" decoding=\"async\" src=\"http:\/\/dublineventguide.com\/dff\/admin\/images\/weekly.png\" width=\"69\" height=\"16\" style=\"display:inline;float:left;\" \/> 21:30, Wed 30 May<\/h3>\n<p style=\"font-size:13px;color:#534438;line-height:20px;margin:0;padding-top:0;\">Hedigan&#8217;s (The Brian Boru), 4 Prospect Road, Phibsborough, Dublin 11<\/p>\n<table width=\"100%\" cellspacing=\"0\" cellpadding=\"0\">\n<tr>\n<td valign=\"top\">\n<div style=\"font-size:13px;color:#534438;line-height:20px;\">\n<p style=\"margin:10px 0;\">Traditional Irish Music Session in Hedigan&#8217;s (The Brian Boru) in Phibsborough from 21:30 every Wednesday. If you play an instrument you are especially welcome (all levels are welcome). <\/a><\/div>\n<div style=\"font-size:13px;color:#534438;line-height:20px;\"><\/div>\n<\/td>\n<td valign=\"top\"><\/td>\n<\/tr>\n<\/table>\n<\/td>\n<\/tr>\n<\/table>\n<\/td>\n<\/tr>\n<\/table>\n<table width=\"100%\" cellpadding=\"0\" cellspacing=\"0\" id=\"day_1527721200\" style=\"margin-top: 10px;\">\n<tr height=\"34\" style=\"background-color:#c20162;color:#fff\">\n<td style=\"padding: 0; line-height: 1; height: 34px; overflow: hidden;\">\n<p style=\"width:630px;padding-left:30px;margin: 0; height: 34px; overflow: hidden; line-height: 34px;\"><a name=\"day_1527721200\"><\/a><strong>Thursday  <\/strong> 31 May\t\t\t\t\t\t<\/p>\n<\/td>\n<td>\n<p style=\"margin:0;line-height:34px;padding:0;font-size:13px;\"><a href=\"#dff_top\" style=\"color:#fff;text-decoration:none\">back to top<\/a><\/p>\n<\/td>\n<td>\n<p style=\"margin:0;padding:0;font-size:13px;\"><a href=\"#dff_top\" style=\"color:#fff;text-decoration:none\"><img loading=\"lazy\" decoding=\"async\" src=\"http:\/\/dublineventguide.com\/dff\/admin\/images\/dividers\/date_toplink.png\" width=\"38\" height=\"34\" alt=\"Back to top\" \/><\/a><\/p>\n<\/td>\n<td width=\"50\">\n<\/td>\n<\/tr>\n<\/table>\n<table width=\"100%\" cellpadding=\"0\" cellspacing=\"0\">\n<tr>\n<td style=\"padding:10px 30px\">\n<table width=\"100%\" cellpadding=\"0\" cellspacing=\"0\">\n<tr>\n<td width=\"52\" valign=\"top\"><img loading=\"lazy\" decoding=\"async\" src=\"http:\/\/dublineventguide.com\/dff\/admin\/images\/categories\/ACTIVITY.png\" width=\"32\" height=\"32\" \/><\/td>\n<td>\n<h2 style=\"font-size:16px;color:#534438;margin:0 0 5px;font-weight:normal\">Bealtaine Festival &#8220;for older people&#8221;<\/h2>\n<h3 style=\"font-size:13px;margin:0;padding:0;line-height:16px;color:#534438;\">09:00, Thu 31 May<\/h3>\n<p style=\"font-size:13px;color:#534438;line-height:20px;margin:0;padding-top:0;\">Dublin (various locations) <\/p>\n<table width=\"100%\" cellspacing=\"0\" cellpadding=\"0\">\n<tr>\n<td valign=\"top\">\n<div style=\"font-size:13px;color:#534438;line-height:20px;\">\n<p style=\"margin:10px 0;\">Every May the Bealtaine Festival takes place all over Ireland and it &#8220;Celebrates arts and creativity as we age&#8221;.<\/a><\/p>\n<p style=\"margin:10px 0;\">This is a difficult description as everybody ages and therefore the tagline doesn&#8217;t make THAT much sense. In essence, the organisers &#8220;Age &#038; Opportunity&#8221; actually want to address the &#8220;older age&#8221;. Ok, that helps a little, but not too much either as nobody still really knows what the target age is. In previous years, a guidance of 55+ was given but that has disappeared and in all honesty most 55-60 year olds wouldn&#8217;t be close to insulted if they were classified as &#8220;older age&#8221;. ;-)<\/a><\/p>\n<p style=\"margin:10px 0;\">So where does that leave us? We don&#8217;t know really know!! So I guess if you feel older, this festival is for you and if you don&#8217;t, then the festival is not for you. ;-) I hope that explanation helps a little.<\/a><\/p>\n<p>There will be many events throughout May and a good few of them are free. The website has a good enough search facility, although I never understand why event organisers subdivide Dublin into four or five &#8220;territories&#8221;. You can also <a href=\"https:\/\/www.issuu.com\/ageopportunity\/docs\/bealtaine_a5_booklet_2018_final\" target=\"_blank\" style=\"color:#cc2979;text-decoration:none;\">download the brochure via this page<\/a> (look for the Download link at the bottom &#8211; it is currently disabled, but I will try to get them to enable it next week).<\/p>\n<p style=\"margin:10px 0;\">To find events go to the WHAT&#8217;S ON page<\/a><\/p>\n<p style=\"margin:10px 0;\">In &#8220;Dublin City&#8221; there are approx. 72 events, but as I said, not all are free. Oddly, the events are sorted in reverse order, starting with the 30 May. Talk about confusing &#8220;older&#8221; users!?<\/a><\/p>\n<p>Over the coming 4 weeks, I will include a number of free Bealtaine events in the Dublin Event Guide for Free Events, but I won&#8217;t be able to include all events, so please check the Bealtaine website here: <a href=\"http:\/\/www.bealtaine.ie\" style=\"color:#cc2979;text-decoration:none;\">http:\/\/www.bealtaine.ie<\/a><\/p>\n<\/div>\n<div style=\"font-size:13px;color:#534438;line-height:20px;\"><\/div>\n<p style=\"font-size:13px;color:#534438;line-height:20px;\"><a style=\"color:#cc2979;text-decoration:none\" href=\"http:\/\/bealtaine.ie\/\">http:\/\/bealtaine.ie\/<\/a><\/p>\n<\/td>\n<td valign=\"top\"><\/td>\n<\/tr>\n<\/table>\n<\/td>\n<\/tr>\n<\/table>\n<\/td>\n<\/tr>\n<\/table>\n<table width=\"100%\" cellpadding=\"0\" cellspacing=\"0\">\n<tr>\n<td style=\"padding:10px 30px\">\n<table width=\"100%\" cellpadding=\"0\" cellspacing=\"0\">\n<tr>\n<td width=\"52\" valign=\"top\"><img loading=\"lazy\" decoding=\"async\" src=\"http:\/\/dublineventguide.com\/dff\/admin\/images\/categories\/ACTIVITY.png\" width=\"32\" height=\"32\" \/><\/td>\n<td>\n<h2 style=\"font-size:16px;color:#534438;margin:0 0 5px;font-weight:normal\">Grangegorman Military Cemetery &#8211; Tour<\/h2>\n<h3 style=\"font-size:13px;margin:0;padding:0;line-height:16px;color:#534438;\"><img loading=\"lazy\" decoding=\"async\" src=\"http:\/\/dublineventguide.com\/dff\/admin\/images\/weekly.png\" width=\"69\" height=\"16\" style=\"display:inline;float:left;\" \/> 11:00, Thu 31 May<\/h3>\n<p style=\"font-size:13px;color:#534438;line-height:20px;margin:0;padding-top:0;\">Grangegorman Cemetery, Blackhorse Avenue, Dublin 7<\/p>\n<table width=\"100%\" cellspacing=\"0\" cellpadding=\"0\">\n<tr>\n<td valign=\"top\">\n<div style=\"font-size:13px;color:#534438;line-height:20px;\">\n<p style=\"margin:10px 0;\">Every Thursday a free tour of Grangegorman Military Cemetery on Blackhorse Avenue takes place. Meet inside the cemetery gates.<\/a><\/p>\n<p style=\"margin:10px 0;\">Admission is free and everybody is welcome. Ring 01-6770095 for more information.<\/a><\/p>\n<p style=\"margin:10px 0;\">Grangegorman Military Cemetery is in Blackhorse Avenue just outside Phoenix Park. It is the largest military cemetery in Ireland. It was first opened in 1876 to serve as a graveyard for the soldiers of what was then Marlborough Barracks, now McKee Barracks, and their families. Specific zones were laid out for English, Canadian, New Zealand, and Australian service men. The cemetery\u2019s pedestrian gate is open from 10:00-16:00 seven days a week.<\/a><\/div>\n<div style=\"font-size:13px;color:#534438;line-height:20px;\"><\/div>\n<p style=\"font-size:13px;color:#534438;line-height:20px;\"><a style=\"color:#cc2979;text-decoration:none\" href=\"http:\/\/phoenixpark.ie\/tours\/\">http:\/\/phoenixpark.ie\/tours\/<\/a><\/p>\n<\/td>\n<td valign=\"top\"><\/td>\n<\/tr>\n<\/table>\n<\/td>\n<\/tr>\n<\/table>\n<\/td>\n<\/tr>\n<\/table>\n<table width=\"100%\" cellpadding=\"0\" cellspacing=\"0\">\n<tr>\n<td style=\"padding:10px 30px\">\n<table width=\"100%\" cellpadding=\"0\" cellspacing=\"0\">\n<tr>\n<td width=\"52\" valign=\"top\"><img loading=\"lazy\" decoding=\"async\" src=\"http:\/\/dublineventguide.com\/dff\/admin\/images\/categories\/ACTIVITY.png\" width=\"32\" height=\"32\" \/><\/td>\n<td>\n<h2 style=\"font-size:16px;color:#534438;margin:0 0 5px;font-weight:normal\">National Gallery Talks &#038; Tour<\/h2>\n<h3 style=\"font-size:13px;margin:0;padding:0;line-height:16px;color:#534438;\"><img loading=\"lazy\" decoding=\"async\" src=\"http:\/\/dublineventguide.com\/dff\/admin\/images\/weekly.png\" width=\"69\" height=\"16\" style=\"display:inline;float:left;\" \/> 11:30 &#8211; 16:50, Thu 31 May<\/h3>\n<p style=\"font-size:13px;color:#534438;line-height:20px;margin:0;padding-top:0;\">National Gallery, Merrion Square West, Dublin 2 <\/p>\n<table width=\"100%\" cellspacing=\"0\" cellpadding=\"0\">\n<tr>\n<td valign=\"top\">\n<div style=\"font-size:13px;color:#534438;line-height:20px;\">\n<p style=\"margin:10px 0;\">The National Gallery has an extensive programme of free talks, public tours and Art Documentary screenings every day of the week. Currently there is at least one free tour every day. Check their website for details. Some special events will be listed separately.<\/a><\/p>\n<p style=\"margin:10px 0;\">Admission to the gallery and to most events is free.<\/a><\/div>\n<div style=\"font-size:13px;color:#534438;line-height:20px;\"><\/div>\n<p style=\"font-size:13px;color:#534438;line-height:20px;\"><a style=\"color:#cc2979;text-decoration:none\" href=\"https:\/\/www.nationalgallery.ie\/whats-on\">https:\/\/www.nationalgallery.ie\/whats-on<\/a><\/p>\n<\/td>\n<td valign=\"top\"><\/td>\n<\/tr>\n<\/table>\n<\/td>\n<\/tr>\n<\/table>\n<\/td>\n<\/tr>\n<\/table>\n<table width=\"100%\" cellpadding=\"0\" cellspacing=\"0\">\n<tr>\n<td style=\"padding:10px 30px\">\n<table width=\"100%\" cellpadding=\"0\" cellspacing=\"0\">\n<tr>\n<td width=\"52\" valign=\"top\"><img loading=\"lazy\" decoding=\"async\" src=\"http:\/\/dublineventguide.com\/dff\/admin\/images\/categories\/MARKETS.png\" width=\"32\" height=\"32\" \/><\/td>\n<td>\n<h2 style=\"font-size:16px;color:#534438;margin:0 0 5px;font-weight:normal\">The Green Door Market<\/h2>\n<h3 style=\"font-size:13px;margin:0;padding:0;line-height:16px;color:#534438;\"><img loading=\"lazy\" decoding=\"async\" src=\"http:\/\/dublineventguide.com\/dff\/admin\/images\/weekly.png\" width=\"69\" height=\"16\" style=\"display:inline;float:left;\" \/> 12:00 &#8211; 19:00, Thu 31 May<\/h3>\n<p style=\"font-size:13px;color:#534438;line-height:20px;margin:0;padding-top:0;\">18 Newmarket, Dublin 8<\/p>\n<table width=\"100%\" cellspacing=\"0\" cellpadding=\"0\">\n<tr>\n<td valign=\"top\">\n<div style=\"font-size:13px;color:#534438;line-height:20px;\">\n<p style=\"margin:10px 0;\">The Green Door Market is a new indoor food\/Farmer&#8217;s Market that takes place just a few doors down from the Dublin Food Co-op at Newmarket in Dublin 8. Admission is free.<\/a><\/p>\n<p style=\"margin:10px 0;\">Opening hours are Thu-Fri 12:00-19:00 and Sat 09:30-16:00.<\/a><\/div>\n<div style=\"font-size:13px;color:#534438;line-height:20px;\"><\/div>\n<p style=\"font-size:13px;color:#534438;line-height:20px;\"><a style=\"color:#cc2979;text-decoration:none\" href=\"https:\/\/www.facebook.com\/thegreendoordublin\">https:\/\/www.facebook.com\/thegreendoordublin<\/a><\/p>\n<\/td>\n<td valign=\"top\"><\/td>\n<\/tr>\n<\/table>\n<\/td>\n<\/tr>\n<\/table>\n<\/td>\n<\/tr>\n<\/table>\n<table width=\"100%\" cellpadding=\"0\" cellspacing=\"0\">\n<tr>\n<td style=\"padding:10px 30px\">\n<table width=\"100%\" cellpadding=\"0\" cellspacing=\"0\">\n<tr>\n<td width=\"52\" valign=\"top\"><img loading=\"lazy\" decoding=\"async\" src=\"http:\/\/dublineventguide.com\/dff\/admin\/images\/categories\/TALKS.png\" width=\"32\" height=\"32\" \/><\/td>\n<td>\n<h2 style=\"font-size:16px;color:#534438;margin:0 0 5px;font-weight:normal\">Let&#8217;s get Talking Mental Health &#8211; Talk<\/h2>\n<h3 style=\"font-size:13px;margin:0;padding:0;line-height:16px;color:#534438;\">13:00, Thu 31 May<\/h3>\n<p style=\"font-size:13px;color:#534438;line-height:20px;margin:0;padding-top:0;\">Walkinstown Library, Percy French Road, Walkinstown, Dublin 12<\/p>\n<table width=\"100%\" cellspacing=\"0\" cellpadding=\"0\">\n<tr>\n<td valign=\"top\">\n<div style=\"font-size:13px;color:#534438;line-height:20px;\">\n<p style=\"margin:10px 0;\">At this Mental Health talk, Angela Amirault (Psychologist and Counsellor) will discuss \u201cYou can be happier in your life once you realise the only person you can change is yourself. If you are ready to react differently, you are ready for your life to be different\u201d<\/a><\/p>\n<p style=\"margin:10px 0;\">Admission is free, but booking is required via 01-4558159<\/a><\/div>\n<div style=\"font-size:13px;color:#534438;line-height:20px;\"><\/div>\n<p style=\"font-size:13px;color:#534438;line-height:20px;\"><a style=\"color:#cc2979;text-decoration:none\" href=\"http:\/\/www.dublincity.ie\/main-menu-services-culture-and-amenities-dublin-city-public-libraries-and-archive-events\/lets-get\">http:\/\/www.dublincity.ie\/main-menu-services-culture-and-amenities-dublin-city-public-libraries-and-archive-events\/lets-get<\/a><\/p>\n<\/td>\n<td valign=\"top\"><\/td>\n<\/tr>\n<\/table>\n<\/td>\n<\/tr>\n<\/table>\n<\/td>\n<\/tr>\n<\/table>\n<table width=\"100%\" cellpadding=\"0\" cellspacing=\"0\">\n<tr>\n<td style=\"padding:10px 30px\">\n<table width=\"100%\" cellpadding=\"0\" cellspacing=\"0\">\n<tr>\n<td width=\"52\" valign=\"top\"><img loading=\"lazy\" decoding=\"async\" src=\"http:\/\/dublineventguide.com\/dff\/admin\/images\/categories\/ACTIVITY.png\" width=\"32\" height=\"32\" \/><\/td>\n<td>\n<h2 style=\"font-size:16px;color:#534438;margin:0 0 5px;font-weight:normal\">Low priced books with free delivery!<\/h2>\n<h3 style=\"font-size:13px;margin:0;padding:0;line-height:16px;color:#534438;\">13:00, Thu 31 May<\/h3>\n<p style=\"font-size:13px;color:#534438;line-height:20px;margin:0;padding-top:0;\">Dublin (various locations) <\/p>\n<table width=\"100%\" cellspacing=\"0\" cellpadding=\"0\">\n<tr>\n<td valign=\"top\">\n<div style=\"font-size:13px;color:#534438;line-height:20px;\">\n<p style=\"text-align: justify;\"><a href=\"http:\/\/www.bookdepository.com?a_aid=dubevg&#038;a_bid=ba35a05b\" target=\"_blank\"><img loading=\"lazy\" decoding=\"async\" style=\"float: left; margin: 4px;\" title=\"Free Delivery on all Books at the Book Depository\" src=\"http:\/\/banners1.bookdepository.com\/accounts\/default1\/banners\/P_Generic_125x125.gif\" alt=\"Free Delivery on all Books at the Book Depository\" width=\"125\" height=\"125\" \/><\/a><img loading=\"lazy\" decoding=\"async\" style=\"border: 0;\" src=\"https:\/\/affiliates.bookdepository.com\/scripts\/imp.php?a_aid=dubevg&#038;a_bid=ba35a05b\" alt=\"\" width=\"1\" height=\"1\" \/><\/p>\n<p style=\"text-align: left;\">If you regularly or occasionally buy books online, you can help the Dublin Event Guide hugely even without having to pay cent directly. In fact you even save money this way:<\/p>\n<p style=\"margin:10px 0;\">Buy your books from The Book Depository and get better prices and free (!!) delivery for all orders independent from the volume and when you click on the picture here before you buy, then 5% of what normally The Book Depository would get, they give back to the Dublin Event Guide. Everybody wins!<\/a><\/p>\n<p><a href=\"http:\/\/www.bookdepository.com?a_aid=dubevg\" style=\"color:#cc2979;text-decoration:none;\">http:\/\/www.bookdepository.com?a_aid=dubevg<\/a><\/p>\n<p>If you prefer Amazon to buy your books (for free postage you need to order a minimum of GBP 25), then use this <a href=\"http:\/\/www.amazon.co.uk\/?tag=dubevg-21\" target=\"_blank\" style=\"color:#cc2979;text-decoration:none;\">Amazon link<\/a> to help the Dublin Event Guide. Thanks!<\/p>\n<\/div>\n<div style=\"font-size:13px;color:#534438;line-height:20px;\"><\/div>\n<\/td>\n<td valign=\"top\"><\/td>\n<\/tr>\n<\/table>\n<\/td>\n<\/tr>\n<\/table>\n<\/td>\n<\/tr>\n<\/table>\n<table width=\"100%\" cellpadding=\"0\" cellspacing=\"0\">\n<tr>\n<td style=\"padding:10px 30px\">\n<table width=\"100%\" cellpadding=\"0\" cellspacing=\"0\">\n<tr>\n<td width=\"52\" valign=\"top\"><img loading=\"lazy\" decoding=\"async\" src=\"http:\/\/dublineventguide.com\/dff\/admin\/images\/categories\/MARKETS.png\" width=\"32\" height=\"32\" \/><\/td>\n<td>\n<h2 style=\"font-size:16px;color:#534438;margin:0 0 5px;font-weight:normal\">Temple Bar Craft Market<\/h2>\n<h3 style=\"font-size:13px;margin:0;padding:0;line-height:16px;color:#534438;\"><img loading=\"lazy\" decoding=\"async\" src=\"http:\/\/dublineventguide.com\/dff\/admin\/images\/weekly.png\" width=\"69\" height=\"16\" style=\"display:inline;float:left;\" \/> 14:00 &#8211; 20:00, Thu 31 May<\/h3>\n<p style=\"font-size:13px;color:#534438;line-height:20px;margin:0;padding-top:0;\">Temple Bar, Dublin 2<\/p>\n<table width=\"100%\" cellspacing=\"0\" cellpadding=\"0\">\n<tr>\n<td valign=\"top\">\n<div style=\"font-size:13px;color:#534438;line-height:20px;\">\n<p style=\"margin:10px 0;\">The Temple Bar Craft Market during the week is back and it has moved to Thursdays in 2018. Organised by the Temple Bar Company the market will bring handcrafted jewellery, wood design, handmade soaps, original art, photography, fashion, specialised cards and stained-glass crafts.<\/a><\/p>\n<p style=\"margin:10px 0;\">The market starts at 14:00 and finishes at 20:00, but is still carrying the totally nonsensical and completely misleading name &#8220;Temple Bar NIGHT Market&#8221;. I will just ignore this unsuitable and incorrect name and will rename it to &#8220;Temple Bar Craft Market&#8221;. ;-)<\/a><\/div>\n<div style=\"font-size:13px;color:#534438;line-height:20px;\"><\/div>\n<p style=\"font-size:13px;color:#534438;line-height:20px;\"><a style=\"color:#cc2979;text-decoration:none\" href=\"https:\/\/templebarnightmarket.com\/\">https:\/\/templebarnightmarket.com\/<\/a><\/p>\n<\/td>\n<td valign=\"top\"><\/td>\n<\/tr>\n<\/table>\n<\/td>\n<\/tr>\n<\/table>\n<\/td>\n<\/tr>\n<\/table>\n<table width=\"100%\" cellpadding=\"0\" cellspacing=\"0\">\n<tr>\n<td style=\"padding:10px 30px\">\n<table width=\"100%\" cellpadding=\"0\" cellspacing=\"0\">\n<tr>\n<td width=\"52\" valign=\"top\"><img loading=\"lazy\" decoding=\"async\" src=\"http:\/\/dublineventguide.com\/dff\/admin\/images\/categories\/FOOD_DRINK.png\" width=\"32\" height=\"32\" \/><\/td>\n<td>\n<h2 style=\"font-size:16px;color:#534438;margin:0 0 5px;font-weight:normal\">Gin Fusion &#8211; Gin Festival<\/h2>\n<h3 style=\"font-size:13px;margin:0;padding:0;line-height:16px;color:#534438;\">16:00 &#8211; 22:00, Thu 31 May<\/h3>\n<p style=\"font-size:13px;color:#534438;line-height:20px;margin:0;padding-top:0;\">The Bernard Shaw, 12 Richmond Street South, Dublin 8<\/p>\n<table width=\"100%\" cellspacing=\"0\" cellpadding=\"0\">\n<tr>\n<td valign=\"top\">\n<div style=\"font-size:13px;color:#534438;line-height:20px;\">\n<p style=\"margin:10px 0;\">From Thursday until Sunday of the bank holiday weekend (31 May &#8211; 03 June) the Gin Festival &#8220;Gin Fusion&#8221; will take place in the Bernard Shaw Pub and the Eatyard. There will be tastings, workshops, pop-up markets, classes, cocktail bars, pairings, food, DJs, live music, and more.<\/a><\/p>\n<p style=\"margin:10px 0;\">Admission is free, but you can pre-buy 10 Euro Eatyard vouchers via the website below.<\/a><\/div>\n<div style=\"font-size:13px;color:#534438;line-height:20px;\"><\/div>\n<p style=\"font-size:13px;color:#534438;line-height:20px;\"><a style=\"color:#cc2979;text-decoration:none\" href=\"http:\/\/brew-tonic.com\/gin-fusion-june-bank-holiday-2018-may-31-june-3\/\">http:\/\/brew-tonic.com\/gin-fusion-june-bank-holiday-2018-may-31-june-3\/<\/a><\/p>\n<\/td>\n<td valign=\"top\"><\/td>\n<\/tr>\n<\/table>\n<\/td>\n<\/tr>\n<\/table>\n<\/td>\n<\/tr>\n<\/table>\n<table width=\"100%\" cellpadding=\"0\" cellspacing=\"0\">\n<tr>\n<td style=\"padding:10px 30px\">\n<table width=\"100%\" cellpadding=\"0\" cellspacing=\"0\">\n<tr>\n<td width=\"52\" valign=\"top\"><img loading=\"lazy\" decoding=\"async\" src=\"http:\/\/dublineventguide.com\/dff\/admin\/images\/categories\/MUSIC.png\" width=\"32\" height=\"32\" \/><\/td>\n<td>\n<h2 style=\"font-size:16px;color:#534438;margin:0 0 5px;font-weight:normal\">Jazz Club at Sweetman&#8217;s &#8211; Gig<\/h2>\n<h3 style=\"font-size:13px;margin:0;padding:0;line-height:16px;color:#534438;\"><img loading=\"lazy\" decoding=\"async\" src=\"http:\/\/dublineventguide.com\/dff\/admin\/images\/weekly.png\" width=\"69\" height=\"16\" style=\"display:inline;float:left;\" \/> 18:00 &#8211; 20:00, Thu 31 May<\/h3>\n<p style=\"font-size:13px;color:#534438;line-height:20px;margin:0;padding-top:0;\">J.W. Sweetman&#8217;s, 2 Burgh Quay, Dublin 2<\/p>\n<table width=\"100%\" cellspacing=\"0\" cellpadding=\"0\">\n<tr>\n<td valign=\"top\">\n<div style=\"font-size:13px;color:#534438;line-height:20px;\">\n<p style=\"margin:10px 0;\">A weekly Jazz Club event with live band is taking place at J.W. Sweetman&#8217;s.<\/a><\/p>\n<p style=\"margin:10px 0;\">Admission is free.<\/a><\/div>\n<div style=\"font-size:13px;color:#534438;line-height:20px;\"><\/div>\n<p style=\"font-size:13px;color:#534438;line-height:20px;\"><a style=\"color:#cc2979;text-decoration:none\" href=\"https:\/\/www.facebook.com\/jwsweetman\/\">https:\/\/www.facebook.com\/jwsweetman\/<\/a><\/p>\n<\/td>\n<td valign=\"top\"><\/td>\n<\/tr>\n<\/table>\n<\/td>\n<\/tr>\n<\/table>\n<\/td>\n<\/tr>\n<\/table>\n<table width=\"100%\" cellpadding=\"0\" cellspacing=\"0\">\n<tr>\n<td style=\"padding:10px 30px\">\n<table width=\"100%\" cellpadding=\"0\" cellspacing=\"0\">\n<tr>\n<td width=\"52\" valign=\"top\"><img loading=\"lazy\" decoding=\"async\" src=\"http:\/\/dublineventguide.com\/dff\/admin\/images\/categories\/ACTIVITY.png\" width=\"32\" height=\"32\" \/><\/td>\n<td>\n<h2 style=\"font-size:16px;color:#534438;margin:0 0 5px;font-weight:normal\">Little Museum of Dublin &#8211; Free Admission<\/h2>\n<h3 style=\"font-size:13px;margin:0;padding:0;line-height:16px;color:#534438;\">18:00 &#8211; 20:00, Thu 31 May<\/h3>\n<p style=\"font-size:13px;color:#534438;line-height:20px;margin:0;padding-top:0;\">Little Museum of Dublin, 15 St Stephen&#8217;s Green, Dublin 2<\/p>\n<table width=\"100%\" cellspacing=\"0\" cellpadding=\"0\">\n<tr>\n<td valign=\"top\">\n<div style=\"font-size:13px;color:#534438;line-height:20px;\">\n<p style=\"margin:10px 0;\">Every Thursday the Little Museum of Dublin waives their admission charges for two guided tours thanks to sponsorship from Guinness. The first tour is at 18:00 and the second tour is at 19:00. Make sure that you are there at least 10 minutes before the start of the tour to get one of the limited places.<\/a><\/p>\n<p style=\"margin:10px 0;\">The Little Museum of Dublin has a fascinating collection of artefacts from the last 100 years Dublin&#8217;s history.<\/a><\/p>\n<p style=\"margin:10px 0;\">On other days and other times, admission is EUR 10 for adults and admission is by guided tour only.<\/a><\/div>\n<div style=\"font-size:13px;color:#534438;line-height:20px;\"><\/div>\n<p style=\"font-size:13px;color:#534438;line-height:20px;\"><a style=\"color:#cc2979;text-decoration:none\" href=\"http:\/\/www.littlemuseum.ie\/\">http:\/\/www.littlemuseum.ie\/<\/a><\/p>\n<\/td>\n<td valign=\"top\"><\/td>\n<\/tr>\n<\/table>\n<\/td>\n<\/tr>\n<\/table>\n<\/td>\n<\/tr>\n<\/table>\n<table width=\"100%\" cellpadding=\"0\" cellspacing=\"0\">\n<tr>\n<td style=\"padding:10px 30px\">\n<table width=\"100%\" cellpadding=\"0\" cellspacing=\"0\">\n<tr>\n<td width=\"52\" valign=\"top\"><img loading=\"lazy\" decoding=\"async\" src=\"http:\/\/dublineventguide.com\/dff\/admin\/images\/categories\/ACTIVITY.png\" width=\"32\" height=\"32\" \/><\/td>\n<td>\n<h2 style=\"font-size:16px;color:#534438;margin:0 0 5px;font-weight:normal\">Evening Tour &#8211; National Gallery<\/h2>\n<h3 style=\"font-size:13px;margin:0;padding:0;line-height:16px;color:#534438;\">18:30 &#8211; 19:15, Thu 31 May<\/h3>\n<p style=\"font-size:13px;color:#534438;line-height:20px;margin:0;padding-top:0;\">National Gallery, Merrion Square West, Dublin 2 <\/p>\n<table width=\"100%\" cellspacing=\"0\" cellpadding=\"0\">\n<tr>\n<td valign=\"top\">\n<div style=\"font-size:13px;color:#534438;line-height:20px;\">\n<p style=\"margin:10px 0;\">Explore some of the highlights of the National Gallery exhibitons at this evening tour.<\/a><\/p>\n<p style=\"margin:10px 0;\">Admission is free. Meet at the Merrion Square information desk.<\/a><\/div>\n<div style=\"font-size:13px;color:#534438;line-height:20px;\"><\/div>\n<p style=\"font-size:13px;color:#534438;line-height:20px;\"><a style=\"color:#cc2979;text-decoration:none\" href=\"https:\/\/www.nationalgallery.ie\/evening-tour-31\">https:\/\/www.nationalgallery.ie\/evening-tour-31<\/a><\/p>\n<\/td>\n<td valign=\"top\"><\/td>\n<\/tr>\n<\/table>\n<\/td>\n<\/tr>\n<\/table>\n<\/td>\n<\/tr>\n<\/table>\n<table width=\"100%\" cellpadding=\"0\" cellspacing=\"0\">\n<tr>\n<td style=\"padding:10px 30px\">\n<table width=\"100%\" cellpadding=\"0\" cellspacing=\"0\">\n<tr>\n<td width=\"52\" valign=\"top\"><img loading=\"lazy\" decoding=\"async\" src=\"http:\/\/dublineventguide.com\/dff\/admin\/images\/categories\/TALKS.png\" width=\"32\" height=\"32\" \/><\/td>\n<td>\n<h2 style=\"font-size:16px;color:#534438;margin:0 0 5px;font-weight:normal\">Glug Dublin &#8211; Meet-up<\/h2>\n<h3 style=\"font-size:13px;margin:0;padding:0;line-height:16px;color:#534438;\">18:30, Thu 31 May<\/h3>\n<p style=\"font-size:13px;color:#534438;line-height:20px;margin:0;padding-top:0;\">Generator Hostel, Smithfield Square, Dublin 7<\/p>\n<table width=\"100%\" cellspacing=\"0\" cellpadding=\"0\">\n<tr>\n<td valign=\"top\">\n<div style=\"font-size:13px;color:#534438;line-height:20px;\">\n<p style=\"margin:10px 0;\">Glug is a Meet-up event for photographers, editors, publishers and image experts. The next one takes place on Thursday.<\/a><\/p>\n<p style=\"margin:10px 0;\">Admission is free, but booking is required via the link below.<\/a><\/div>\n<div style=\"font-size:13px;color:#534438;line-height:20px;\"><\/div>\n<p style=\"font-size:13px;color:#534438;line-height:20px;\"><a style=\"color:#cc2979;text-decoration:none\" href=\"https:\/\/www.facebook.com\/events\/175279896465702\/\">https:\/\/www.facebook.com\/events\/175279896465702\/<\/a><\/p>\n<\/td>\n<td valign=\"top\"><\/td>\n<\/tr>\n<\/table>\n<\/td>\n<\/tr>\n<\/table>\n<\/td>\n<\/tr>\n<\/table>\n<table width=\"100%\" cellpadding=\"0\" cellspacing=\"0\">\n<tr>\n<td style=\"padding:10px 30px\">\n<table width=\"100%\" cellpadding=\"0\" cellspacing=\"0\">\n<tr>\n<td width=\"52\" valign=\"top\"><img loading=\"lazy\" decoding=\"async\" src=\"http:\/\/dublineventguide.com\/dff\/admin\/images\/categories\/TALKS.png\" width=\"32\" height=\"32\" \/><\/td>\n<td>\n<h2 style=\"font-size:16px;color:#534438;margin:0 0 5px;font-weight:normal\">Writing and publishing your first book &#8211; Talk<\/h2>\n<h3 style=\"font-size:13px;margin:0;padding:0;line-height:16px;color:#534438;\">18:30, Thu 31 May<\/h3>\n<p style=\"font-size:13px;color:#534438;line-height:20px;margin:0;padding-top:0;\">Raheny Library, Howth Road, Dublin 5<\/p>\n<table width=\"100%\" cellspacing=\"0\" cellpadding=\"0\">\n<tr>\n<td valign=\"top\">\n<div style=\"font-size:13px;color:#534438;line-height:20px;\">\n<p style=\"margin:10px 0;\">Do you have a story a tell? Would you like to see your own book for sale? Whether your interests are in fiction, natural history or fantasy, learn what is involved in publishing a book from writing the story to seeing the finished book on the shelf. Everything from writing style to financial costs is covered in this talk by Irish author Declan Murphy.<\/a><\/p>\n<p style=\"margin:10px 0;\">Admission is free, but booking is required via 01-8315521<\/a><\/div>\n<div style=\"font-size:13px;color:#534438;line-height:20px;\"><\/div>\n<p style=\"font-size:13px;color:#534438;line-height:20px;\"><a style=\"color:#cc2979;text-decoration:none\" href=\"http:\/\/www.dublincity.ie\/main-menu-services-culture-and-amenities-dublin-city-public-libraries-and-archive-events\/writing-and\">http:\/\/www.dublincity.ie\/main-menu-services-culture-and-amenities-dublin-city-public-libraries-and-archive-events\/writing-and<\/a><\/p>\n<\/td>\n<td valign=\"top\"><\/td>\n<\/tr>\n<\/table>\n<\/td>\n<\/tr>\n<\/table>\n<\/td>\n<\/tr>\n<\/table>\n<table width=\"100%\" cellpadding=\"0\" cellspacing=\"0\">\n<tr>\n<td style=\"padding:10px 30px\">\n<table width=\"100%\" cellpadding=\"0\" cellspacing=\"0\">\n<tr>\n<td width=\"52\" valign=\"top\"><img loading=\"lazy\" decoding=\"async\" src=\"http:\/\/dublineventguide.com\/dff\/admin\/images\/categories\/ACTIVITY.png\" width=\"32\" height=\"32\" \/><\/td>\n<td>\n<h2 style=\"font-size:16px;color:#534438;margin:0 0 5px;font-weight:normal\">New to Dublin? Dublin Expats Meeting<\/h2>\n<h3 style=\"font-size:13px;margin:0;padding:0;line-height:16px;color:#534438;\"><img loading=\"lazy\" decoding=\"async\" src=\"http:\/\/dublineventguide.com\/dff\/admin\/images\/weekly.png\" width=\"69\" height=\"16\" style=\"display:inline;float:left;\" \/> 19:00, Thu 31 May<\/h3>\n<p style=\"font-size:13px;color:#534438;line-height:20px;margin:0;padding-top:0;\">Living Room Pub, Cathal Brugha Street (off O&#8217;Connell Street), Dublin 1<\/p>\n<table width=\"100%\" cellspacing=\"0\" cellpadding=\"0\">\n<tr>\n<td valign=\"top\">\n<div style=\"font-size:13px;color:#534438;line-height:20px;\">\n<p style=\"margin:10px 0;\">An expatriate or expat is a person temporarily or permanently residing in a country other than that of their citizenship.<\/a><\/p>\n<p style=\"margin:10px 0;\">And this is a weekly meeting for all Expats in Dublin (new and old!). If you are new to the city, this is an excellent way to meet people.<\/a><\/p>\n<p style=\"margin:10px 0;\">Admission is free (no booking required!), but you are asked to give the same kind of welcoming to new members as is given to you.<\/a><\/div>\n<div style=\"font-size:13px;color:#534438;line-height:20px;\"><\/div>\n<p style=\"font-size:13px;color:#534438;line-height:20px;\"><a style=\"color:#cc2979;text-decoration:none\" href=\"https:\/\/www.eventbrite.com\/e\/dublin-expats-thursday-7pm-tickets-24745493437?ref=devg\">https:\/\/www.eventbrite.com\/e\/dublin-expats-thursday-7pm-tickets-24745493437?ref=devg<\/a><\/p>\n<\/td>\n<td valign=\"top\"><\/td>\n<\/tr>\n<\/table>\n<\/td>\n<\/tr>\n<\/table>\n<\/td>\n<\/tr>\n<\/table>\n<table width=\"100%\" cellpadding=\"0\" cellspacing=\"0\">\n<tr>\n<td style=\"padding:10px 30px\">\n<table width=\"100%\" cellpadding=\"0\" cellspacing=\"0\">\n<tr>\n<td width=\"52\" valign=\"top\"><img loading=\"lazy\" decoding=\"async\" src=\"http:\/\/dublineventguide.com\/dff\/admin\/images\/categories\/ACTIVITY.png\" width=\"32\" height=\"32\" \/><\/td>\n<td>\n<h2 style=\"font-size:16px;color:#534438;margin:0 0 5px;font-weight:normal\">Thursday Night Board Gaming<\/h2>\n<h3 style=\"font-size:13px;margin:0;padding:0;line-height:16px;color:#534438;\"><img loading=\"lazy\" decoding=\"async\" src=\"http:\/\/dublineventguide.com\/dff\/admin\/images\/weekly.png\" width=\"69\" height=\"16\" style=\"display:inline;float:left;\" \/> 19:00, Thu 31 May<\/h3>\n<p style=\"font-size:13px;color:#534438;line-height:20px;margin:0;padding-top:0;\">Ryan&#8217;s, 19 Store Street, Dublin 1<\/p>\n<table width=\"100%\" cellspacing=\"0\" cellpadding=\"0\">\n<tr>\n<td valign=\"top\">\n<div style=\"font-size:13px;color:#534438;line-height:20px;\">\n<p>The Thursday Night Board Gaming event is running for more than 10 years already and it is a weekly event for all Board Game enthusiasts. But even if you are a Board Game newbie, you are welcome. Just come along! More information can be found here: <a href=\"https:\/\/www.meetup.com\/IrishGamesAssociation\/\" style=\"color:#cc2979;text-decoration:none;\">https:\/\/www.meetup.com\/IrishGamesAssociation\/<\/a><\/p>\n<p style=\"margin:10px 0;\">Admission is free.<\/a><\/p>\n<p style=\"margin:10px 0;\"> <\/a><\/div>\n<div style=\"font-size:13px;color:#534438;line-height:20px;\"><\/div>\n<p style=\"font-size:13px;color:#534438;line-height:20px;\"><a style=\"color:#cc2979;text-decoration:none\" href=\"https:\/\/www.facebook.com\/IGAGamesNights\/\">https:\/\/www.facebook.com\/IGAGamesNights\/<\/a><\/p>\n<\/td>\n<td valign=\"top\"><\/td>\n<\/tr>\n<\/table>\n<\/td>\n<\/tr>\n<\/table>\n<\/td>\n<\/tr>\n<\/table>\n<table width=\"100%\" cellpadding=\"0\" cellspacing=\"0\">\n<tr>\n<td style=\"padding:10px 30px\">\n<table width=\"100%\" cellpadding=\"0\" cellspacing=\"0\">\n<tr>\n<td width=\"52\" valign=\"top\"><img loading=\"lazy\" decoding=\"async\" src=\"http:\/\/dublineventguide.com\/dff\/admin\/images\/categories\/ACTIVITY.png\" width=\"32\" height=\"32\" \/><\/td>\n<td>\n<h2 style=\"font-size:16px;color:#534438;margin:0 0 5px;font-weight:normal\">Table Quiz Thursday &#8211; Grand Social<\/h2>\n<h3 style=\"font-size:13px;margin:0;padding:0;line-height:16px;color:#534438;\">20:00 &#8211; 23:00, Thu 31 May<\/h3>\n<p style=\"font-size:13px;color:#534438;line-height:20px;margin:0;padding-top:0;\">Grand Social, 35 Lower Liffey Street (near Ha&#8217;Penny Bridge), Dublin 1<\/p>\n<table width=\"100%\" cellspacing=\"0\" cellpadding=\"0\">\n<tr>\n<td valign=\"top\">\n<div style=\"font-size:13px;color:#534438;line-height:20px;\">\n<p style=\"margin:10px 0;\">A Table Quiz takes place in the Grand Social. On Thursdays teams of 4 people (or at least 2 people) will compete against each other over questions from the areas of General Knowledge, Music, Film, Sports &#038; Entertainment.<\/a><\/p>\n<p style=\"margin:10px 0;\">Admission is free.<\/a><\/div>\n<div style=\"font-size:13px;color:#534438;line-height:20px;\"><\/div>\n<p style=\"font-size:13px;color:#534438;line-height:20px;\"><a style=\"color:#cc2979;text-decoration:none\" href=\"http:\/\/www.thegrandsocial.ie\/events\/table-quiz-thursdays-7\/2017-05-11\/\">http:\/\/www.thegrandsocial.ie\/events\/table-quiz-thursdays-7\/2017-05-11\/<\/a><\/p>\n<\/td>\n<td valign=\"top\"><\/td>\n<\/tr>\n<\/table>\n<\/td>\n<\/tr>\n<\/table>\n<\/td>\n<\/tr>\n<\/table>\n<table width=\"100%\" cellpadding=\"0\" cellspacing=\"0\">\n<tr>\n<td style=\"padding:10px 30px\">\n<table width=\"100%\" cellpadding=\"0\" cellspacing=\"0\">\n<tr>\n<td width=\"52\" valign=\"top\"><img loading=\"lazy\" decoding=\"async\" src=\"http:\/\/dublineventguide.com\/dff\/admin\/images\/categories\/MUSIC.png\" width=\"32\" height=\"32\" \/><\/td>\n<td>\n<h2 style=\"font-size:16px;color:#534438;margin:0 0 5px;font-weight:normal\">Blues HQ &#8211; Gig<\/h2>\n<h3 style=\"font-size:13px;margin:0;padding:0;line-height:16px;color:#534438;\">21:00, Thu 31 May<\/h3>\n<p style=\"font-size:13px;color:#534438;line-height:20px;margin:0;padding-top:0;\">Harbour Bar, 1 Strand Road, Bray, Co. Wicklow<\/p>\n<table width=\"100%\" cellspacing=\"0\" cellpadding=\"0\">\n<tr>\n<td valign=\"top\">\n<div style=\"font-size:13px;color:#534438;line-height:20px;\">\n<p style=\"margin:10px 0;\">Blues HQ will play a blues gig in Bray.<\/a><\/p>\n<p style=\"margin:10px 0;\">Admission is free.<\/a><\/div>\n<div style=\"font-size:13px;color:#534438;line-height:20px;\"><\/div>\n<p style=\"font-size:13px;color:#534438;line-height:20px;\"><a style=\"color:#cc2979;text-decoration:none\" href=\"http:\/\/www.theharbourbar.ie\/whats-on\/event\/blues-hq\">http:\/\/www.theharbourbar.ie\/whats-on\/event\/blues-hq<\/a><\/p>\n<\/td>\n<td valign=\"top\"><\/td>\n<\/tr>\n<\/table>\n<\/td>\n<\/tr>\n<\/table>\n<\/td>\n<\/tr>\n<\/table>\n<table width=\"100%\" cellpadding=\"0\" cellspacing=\"0\">\n<tr>\n<td style=\"padding:10px 30px\">\n<table width=\"100%\" cellpadding=\"0\" cellspacing=\"0\">\n<tr>\n<td width=\"52\" valign=\"top\"><img loading=\"lazy\" decoding=\"async\" src=\"http:\/\/dublineventguide.com\/dff\/admin\/images\/categories\/MUSIC.png\" width=\"32\" height=\"32\" \/><\/td>\n<td>\n<h2 style=\"font-size:16px;color:#534438;margin:0 0 5px;font-weight:normal\">Singer Songwriter Night &#8211; Mother Reilly&#8217;s<\/h2>\n<h3 style=\"font-size:13px;margin:0;padding:0;line-height:16px;color:#534438;\"><img loading=\"lazy\" decoding=\"async\" src=\"http:\/\/dublineventguide.com\/dff\/admin\/images\/weekly.png\" width=\"69\" height=\"16\" style=\"display:inline;float:left;\" \/> 21:00, Thu 31 May<\/h3>\n<p style=\"font-size:13px;color:#534438;line-height:20px;margin:0;padding-top:0;\">Mother Reillys, 26\/28 Upper Rathmines Road, Rathmines, Dublin 6 <\/p>\n<table width=\"100%\" cellspacing=\"0\" cellpadding=\"0\">\n<tr>\n<td valign=\"top\">\n<div style=\"font-size:13px;color:#534438;line-height:20px;\">\n<p style=\"margin:10px 0;\">Every Thursday a Singer Songwriter Night will take place in Mother Reilly&#8217;s in Rathmines. This is YOUR chance to show everyone what you can do, alternatively you can just listen to the talented Singer\/Songwriters. Admission is free.<\/a><\/div>\n<div style=\"font-size:13px;color:#534438;line-height:20px;\"><\/div>\n<p style=\"font-size:13px;color:#534438;line-height:20px;\"><a style=\"color:#cc2979;text-decoration:none\" href=\"https:\/\/www.facebook.com\/motherreillysADMIN\">https:\/\/www.facebook.com\/motherreillysADMIN<\/a><\/p>\n<\/td>\n<td valign=\"top\"><\/td>\n<\/tr>\n<\/table>\n<\/td>\n<\/tr>\n<\/table>\n<\/td>\n<\/tr>\n<\/table>\n<table width=\"100%\" cellpadding=\"0\" cellspacing=\"0\">\n<tr>\n<td style=\"padding:10px 30px\">\n<table width=\"100%\" cellpadding=\"0\" cellspacing=\"0\">\n<tr>\n<td width=\"52\" valign=\"top\"><img loading=\"lazy\" decoding=\"async\" src=\"http:\/\/dublineventguide.com\/dff\/admin\/images\/categories\/ACTIVITY.png\" width=\"32\" height=\"32\" \/><\/td>\n<td>\n<h2 style=\"font-size:16px;color:#534438;margin:0 0 5px;font-weight:normal\">Brady&#8217;s Fun Pub Quiz<\/h2>\n<h3 style=\"font-size:13px;margin:0;padding:0;line-height:16px;color:#534438;\"><img loading=\"lazy\" decoding=\"async\" src=\"http:\/\/dublineventguide.com\/dff\/admin\/images\/weekly.png\" width=\"69\" height=\"16\" style=\"display:inline;float:left;\" \/> 21:30, Thu 31 May<\/h3>\n<p style=\"font-size:13px;color:#534438;line-height:20px;margin:0;padding-top:0;\">Brady&#8217;s Pub, 5 Terenure Place, Terenure, Dublin 6<\/p>\n<table width=\"100%\" cellspacing=\"0\" cellpadding=\"0\">\n<tr>\n<td valign=\"top\">\n<div style=\"font-size:13px;color:#534438;line-height:20px;\">\n<p style=\"margin:10px 0;\">A Fun Pub Quiz takes place in Brady&#8217;s in Terenure on Thurs. The quiz will be on every Thursday night in the Lounge at Brady&#8217;s. Keith McLoughlin is the Quiz Master.<\/a><\/p>\n<p style=\"margin:10px 0;\">There will be six rounds of the quiz with picture questions, audio questions and general knowledge questions. Admission to the quiz is free and therr will be free drink vouchers for the winning and runner up teams. (No phones to get answers allowed.)<\/a><\/div>\n<div style=\"font-size:13px;color:#534438;line-height:20px;\"><\/div>\n<p style=\"font-size:13px;color:#534438;line-height:20px;\"><a style=\"color:#cc2979;text-decoration:none\" href=\"https:\/\/www.facebook.com\/pages\/Bradys-Pub-Terenure\/138965189474826\">https:\/\/www.facebook.com\/pages\/Bradys-Pub-Terenure\/138965189474826<\/a><\/p>\n<\/td>\n<td valign=\"top\"><\/td>\n<\/tr>\n<\/table>\n<\/td>\n<\/tr>\n<\/table>\n<\/td>\n<\/tr>\n<\/table>\n<table width=\"100%\" cellpadding=\"0\" cellspacing=\"0\">\n<tr>\n<td style=\"padding:10px 30px\">\n<table width=\"100%\" cellpadding=\"0\" cellspacing=\"0\">\n<tr>\n<td width=\"52\" valign=\"top\"><img loading=\"lazy\" decoding=\"async\" src=\"http:\/\/dublineventguide.com\/dff\/admin\/images\/categories\/MUSIC.png\" width=\"32\" height=\"32\" \/><\/td>\n<td>\n<h2 style=\"font-size:16px;color:#534438;margin:0 0 5px;font-weight:normal\">International Bar Jazz Night<\/h2>\n<h3 style=\"font-size:13px;margin:0;padding:0;line-height:16px;color:#534438;\"><img loading=\"lazy\" decoding=\"async\" src=\"http:\/\/dublineventguide.com\/dff\/admin\/images\/weekly.png\" width=\"69\" height=\"16\" style=\"display:inline;float:left;\" \/> 21:30, Thu 31 May<\/h3>\n<p style=\"font-size:13px;color:#534438;line-height:20px;margin:0;padding-top:0;\">The International Bar, 23 Wicklow Street, Dublin 2<\/p>\n<table width=\"100%\" cellspacing=\"0\" cellpadding=\"0\">\n<tr>\n<td valign=\"top\">\n<div style=\"font-size:13px;color:#534438;line-height:20px;\">\n<p style=\"margin:10px 0;\">Every Tuesday and Thursday the International Bar invites to a Jazz night in the Lounge.<\/a><\/p>\n<p style=\"margin:10px 0;\">Groups led by Cote Calmet, Sean Maynard Smith, Dominic Mullan, Paddy Groenland, Georgia Cusack &#038; Alex Mathias are performing regularly with occasional guest players, but there are also other bands from all over.<\/a><\/p>\n<p style=\"margin:10px 0;\">Admission is free, with a suggested donation of EUR 5. The website clearly says that there is no entry fee, but &#8211; and that makes a lot of sense &#8211; that your donations are very much appreciated (Musicians need to pay for rent and food too!) Be generous after the gig if you liked it, but if someone wants to charge an admission charge, please point out that the &#8220;rules&#8221; as described on their website are like I have explained.<\/a><\/div>\n<div style=\"font-size:13px;color:#534438;line-height:20px;\"><\/div>\n<p style=\"font-size:13px;color:#534438;line-height:20px;\"><a style=\"color:#cc2979;text-decoration:none\" href=\"http:\/\/www.international-bar.com\/jazz\/\">http:\/\/www.international-bar.com\/jazz\/<\/a><\/p>\n<\/td>\n<td valign=\"top\"><\/td>\n<\/tr>\n<\/table>\n<\/td>\n<\/tr>\n<\/table>\n<\/td>\n<\/tr>\n<\/table>\n<table width=\"100%\" cellpadding=\"0\" cellspacing=\"0\">\n<tr>\n<td style=\"padding:10px 30px\">\n<table width=\"100%\" cellpadding=\"0\" cellspacing=\"0\">\n<tr>\n<td width=\"52\" valign=\"top\"><img loading=\"lazy\" decoding=\"async\" src=\"http:\/\/dublineventguide.com\/dff\/admin\/images\/categories\/MUSIC.png\" width=\"32\" height=\"32\" \/><\/td>\n<td>\n<h2 style=\"font-size:16px;color:#534438;margin:0 0 5px;font-weight:normal\">McLoughlin&#8217;s Trad Night<\/h2>\n<h3 style=\"font-size:13px;margin:0;padding:0;line-height:16px;color:#534438;\"><img loading=\"lazy\" decoding=\"async\" src=\"http:\/\/dublineventguide.com\/dff\/admin\/images\/weekly.png\" width=\"69\" height=\"16\" style=\"display:inline;float:left;\" \/> 21:30, Thu 31 May<\/h3>\n<p style=\"font-size:13px;color:#534438;line-height:20px;margin:0;padding-top:0;\">McLoughlin&#8217;s Bar, 73 Upper George&#8217;s Street, Dun Laoghaire<\/p>\n<table width=\"100%\" cellspacing=\"0\" cellpadding=\"0\">\n<tr>\n<td valign=\"top\">\n<div style=\"font-size:13px;color:#534438;line-height:20px;\">\n<p style=\"margin:10px 0;\">A weekly Trad Music Night is taking place in McLoughlin&#8217;s in Dun Laoghaire. It is an acoustic night and all musicians are welcome. Admission is free.<\/a><\/div>\n<div style=\"font-size:13px;color:#534438;line-height:20px;\"><\/div>\n<p style=\"font-size:13px;color:#534438;line-height:20px;\"><a style=\"color:#cc2979;text-decoration:none\" href=\"http:\/\/www.mcloughlinsbar.ie\">http:\/\/www.mcloughlinsbar.ie<\/a><\/p>\n<\/td>\n<td valign=\"top\"><\/td>\n<\/tr>\n<\/table>\n<\/td>\n<\/tr>\n<\/table>\n<\/td>\n<\/tr>\n<\/table>\n<table width=\"100%\" cellpadding=\"0\" cellspacing=\"0\">\n<tr>\n<td style=\"padding:10px 30px\">\n<table width=\"100%\" cellpadding=\"0\" cellspacing=\"0\">\n<tr>\n<td width=\"52\" valign=\"top\"><img loading=\"lazy\" decoding=\"async\" src=\"http:\/\/dublineventguide.com\/dff\/admin\/images\/categories\/MUSIC.png\" width=\"32\" height=\"32\" \/><\/td>\n<td>\n<h2 style=\"font-size:16px;color:#534438;margin:0 0 5px;font-weight:normal\">McNeills Trad Music Pub Sessions<\/h2>\n<h3 style=\"font-size:13px;margin:0;padding:0;line-height:16px;color:#534438;\"><img loading=\"lazy\" decoding=\"async\" src=\"http:\/\/dublineventguide.com\/dff\/admin\/images\/weekly.png\" width=\"69\" height=\"16\" style=\"display:inline;float:left;\" \/> 21:30, Thu 31 May<\/h3>\n<p style=\"font-size:13px;color:#534438;line-height:20px;margin:0;padding-top:0;\">J. McNeills, 140 Capel Street, Dublin 7<\/p>\n<table width=\"100%\" cellspacing=\"0\" cellpadding=\"0\">\n<tr>\n<td valign=\"top\">\n<div style=\"font-size:13px;color:#534438;line-height:20px;\">\n<p style=\"margin:10px 0;\">Every Thursday a free Trad Session takes place in McNeills and often there are high profile Trad musicians performing.<\/a><\/div>\n<div style=\"font-size:13px;color:#534438;line-height:20px;\"><\/div>\n<p style=\"font-size:13px;color:#534438;line-height:20px;\"><a style=\"color:#cc2979;text-decoration:none\" href=\"https:\/\/www.facebook.com\/McNeillsPubSessions\">https:\/\/www.facebook.com\/McNeillsPubSessions<\/a><\/p>\n<\/td>\n<td valign=\"top\"><\/td>\n<\/tr>\n<\/table>\n<\/td>\n<\/tr>\n<\/table>\n<\/td>\n<\/tr>\n<\/table>\n<table width=\"100%\" cellpadding=\"0\" cellspacing=\"0\">\n<tr>\n<td style=\"padding:10px 30px\">\n<table width=\"100%\" cellpadding=\"0\" cellspacing=\"0\">\n<tr>\n<td width=\"52\" valign=\"top\"><img loading=\"lazy\" decoding=\"async\" src=\"http:\/\/dublineventguide.com\/dff\/admin\/images\/categories\/MUSIC.png\" width=\"32\" height=\"32\" \/><\/td>\n<td>\n<h2 style=\"font-size:16px;color:#534438;margin:0 0 5px;font-weight:normal\">Woolshed Karaoke<\/h2>\n<h3 style=\"font-size:13px;margin:0;padding:0;line-height:16px;color:#534438;\"><img loading=\"lazy\" decoding=\"async\" src=\"http:\/\/dublineventguide.com\/dff\/admin\/images\/weekly.png\" width=\"69\" height=\"16\" style=\"display:inline;float:left;\" \/> 21:30, Thu 31 May<\/h3>\n<p style=\"font-size:13px;color:#534438;line-height:20px;margin:0;padding-top:0;\">Woolshed Bar &#038; Grill, Parnell Street, Dublin 1<\/p>\n<table width=\"100%\" cellspacing=\"0\" cellpadding=\"0\">\n<tr>\n<td valign=\"top\">\n<div style=\"font-size:13px;color:#534438;line-height:20px;\">\n<p style=\"margin:10px 0;\">The Woolshed Karaoke is happening every Thursday from 21:30. Anyone can participate! Admission is free.<\/a><\/div>\n<div style=\"font-size:13px;color:#534438;line-height:20px;\"><\/div>\n<p style=\"font-size:13px;color:#534438;line-height:20px;\"><a style=\"color:#cc2979;text-decoration:none\" href=\"http:\/\/www.woolshedbaa.com\/dublin\/\">http:\/\/www.woolshedbaa.com\/dublin\/<\/a><\/p>\n<\/td>\n<td valign=\"top\"><\/td>\n<\/tr>\n<\/table>\n<\/td>\n<\/tr>\n<\/table>\n<\/td>\n<\/tr>\n<\/table>\n<table width=\"100%\" cellpadding=\"0\" cellspacing=\"0\">\n<tr>\n<td style=\"padding:10px 30px\">\n<table width=\"100%\" cellpadding=\"0\" cellspacing=\"0\">\n<tr>\n<td width=\"52\" valign=\"top\"><img loading=\"lazy\" decoding=\"async\" src=\"http:\/\/dublineventguide.com\/dff\/admin\/images\/categories\/MUSIC.png\" width=\"32\" height=\"32\" \/><\/td>\n<td>\n<h2 style=\"font-size:16px;color:#534438;margin:0 0 5px;font-weight:normal\">BIMM Dublin Midnight Hour &#8211; Gig<\/h2>\n<h3 style=\"font-size:13px;margin:0;padding:0;line-height:16px;color:#534438;\">23:30, Thu 31 May<\/h3>\n<p style=\"font-size:13px;color:#534438;line-height:20px;margin:0;padding-top:0;\">Whelan&#8217;s, 25 Wexford Street, Dublin 2 <\/p>\n<table width=\"100%\" cellspacing=\"0\" cellpadding=\"0\">\n<tr>\n<td valign=\"top\">\n<div style=\"font-size:13px;color:#534438;line-height:20px;\">\n<p style=\"margin:10px 0;\">The BIMM Music College is organising the Midnight Hour on Thursdays in Whelan&#8217;s. The line-up has not yet been announced.<\/a><\/p>\n<p style=\"margin:10px 0;\">Admission is free.<\/a><\/div>\n<div style=\"font-size:13px;color:#534438;line-height:20px;\"><\/div>\n<p style=\"font-size:13px;color:#534438;line-height:20px;\"><a style=\"color:#cc2979;text-decoration:none\" href=\"http:\/\/www.whelanslive.com\/index.php\/bimm-dublin-midnight-hour-18\/\">http:\/\/www.whelanslive.com\/index.php\/bimm-dublin-midnight-hour-18\/<\/a><\/p>\n<\/td>\n<td valign=\"top\"><\/td>\n<\/tr>\n<\/table>\n<\/td>\n<\/tr>\n<\/table>\n<\/td>\n<\/tr>\n<\/table>\n<table width=\"100%\" cellpadding=\"0\" cellspacing=\"0\" id=\"day_1527807600\" style=\"margin-top: 10px;\">\n<tr height=\"34\" style=\"background-color:#c20162;color:#fff\">\n<td style=\"padding: 0; line-height: 1; height: 34px; overflow: hidden;\">\n<p style=\"width:630px;padding-left:30px;margin: 0; height: 34px; overflow: hidden; line-height: 34px;\"><a name=\"day_1527807600\"><\/a><strong>Friday  <\/strong> 01 Jun\t\t\t\t\t\t<\/p>\n<\/td>\n<td>\n<p style=\"margin:0;line-height:34px;padding:0;font-size:13px;\"><a href=\"#dff_top\" style=\"color:#fff;text-decoration:none\">back to top<\/a><\/p>\n<\/td>\n<td>\n<p style=\"margin:0;padding:0;font-size:13px;\"><a href=\"#dff_top\" style=\"color:#fff;text-decoration:none\"><img loading=\"lazy\" decoding=\"async\" src=\"http:\/\/dublineventguide.com\/dff\/admin\/images\/dividers\/date_toplink.png\" width=\"38\" height=\"34\" alt=\"Back to top\" \/><\/a><\/p>\n<\/td>\n<td width=\"50\">\n<\/td>\n<\/tr>\n<\/table>\n<table width=\"100%\" cellpadding=\"0\" cellspacing=\"0\">\n<tr>\n<td style=\"padding:10px 30px\">\n<table width=\"100%\" cellpadding=\"0\" cellspacing=\"0\">\n<tr>\n<td width=\"52\" valign=\"top\"><img loading=\"lazy\" decoding=\"async\" src=\"http:\/\/dublineventguide.com\/dff\/admin\/images\/categories\/ACTIVITY.png\" width=\"32\" height=\"32\" \/><\/td>\n<td>\n<h2 style=\"font-size:16px;color:#534438;margin:0 0 5px;font-weight:normal\">Tall Ships Regatta 2018<\/h2>\n<h3 style=\"font-size:13px;margin:0;padding:0;line-height:16px;color:#534438;\">09:00, Fri 01 Jun<\/h3>\n<p style=\"font-size:13px;color:#534438;line-height:20px;margin:0;padding-top:0;\">Sir John Rogerson&#8217;s Quay, Dublin 2<\/p>\n<table width=\"100%\" cellspacing=\"0\" cellpadding=\"0\">\n<tr>\n<td valign=\"top\">\n<div style=\"font-size:13px;color:#534438;line-height:20px;\">\n<p style=\"margin:10px 0;\">At some stage on Friday 17 sailing ships (Tall Ships) who all participate in the Tall Ships Regatta 2018 will arrive in Dublin. The Tall Ships Regatta will be in Dublin from Friday until Monday, but don&#8217;t expect anything like the huge and wonderful event that we had here in 2012. Also, and VERY regrettably, the Dublin Port River Fest that was on the bank holiday weekend for years is NOT taking place this year.<\/a><\/p>\n<p style=\"margin:10px 0;\">You will be able to visit SOME of the 17 ships on Saturday and Sunday, but there is no land-based festival. The smaller ships will be in the Grand Canal Dock and the larger ones are on Sir Rogerson&#8217;s Quay. <\/a><\/p>\n<p style=\"margin:10px 0;\">The ships will be arriving from Liverpool and will leave on Monday at 12:30 to sail to the Golf of Biscay.<\/a><\/p>\n<p style=\"margin:10px 0;\">If you like looking at Tall Ships, this event has something for you. But I have to be honest and admit that I am a bit disappointed that Dublin City did cancel the Riverfest in 2018. <\/a><\/div>\n<div style=\"font-size:13px;color:#534438;line-height:20px;\"><\/div>\n<p style=\"font-size:13px;color:#534438;line-height:20px;\"><a style=\"color:#cc2979;text-decoration:none\" href=\"http:\/\/www.dublincity.ie\/TallShipsRegatta2018\">http:\/\/www.dublincity.ie\/TallShipsRegatta2018<\/a><\/p>\n<\/td>\n<td valign=\"top\"><\/td>\n<\/tr>\n<\/table>\n<\/td>\n<\/tr>\n<\/table>\n<\/td>\n<\/tr>\n<\/table>\n<table width=\"100%\" cellpadding=\"0\" cellspacing=\"0\">\n<tr>\n<td style=\"padding:10px 30px\">\n<table width=\"100%\" cellpadding=\"0\" cellspacing=\"0\">\n<tr>\n<td width=\"52\" valign=\"top\"><img loading=\"lazy\" decoding=\"async\" src=\"http:\/\/dublineventguide.com\/dff\/admin\/images\/categories\/ACTIVITY.png\" width=\"32\" height=\"32\" \/><\/td>\n<td>\n<h2 style=\"font-size:16px;color:#534438;margin:0 0 5px;font-weight:normal\">The Story of the Capital &#8211; Exhibition in Dublin City Hall<\/h2>\n<h3 style=\"font-size:13px;margin:0;padding:0;line-height:16px;color:#534438;\"><img loading=\"lazy\" decoding=\"async\" src=\"http:\/\/dublineventguide.com\/dff\/admin\/images\/weekly.png\" width=\"69\" height=\"16\" style=\"display:inline;float:left;\" \/> 10:00 &#8211; 17:15, Fri 01 Jun<\/h3>\n<p style=\"font-size:13px;color:#534438;line-height:20px;margin:0;padding-top:0;\">City Hall, Dame Street, Dublin 2<\/p>\n<table width=\"100%\" cellspacing=\"0\" cellpadding=\"0\">\n<tr>\n<td valign=\"top\">\n<div style=\"font-size:13px;color:#534438;line-height:20px;\">\n<p style=\"margin:10px 0;\">Dublin City Hall has a museum\/exhibition in the basement, called &#8220;The Story of the Capital&#8221;, it is an exhibition about Dublin&#8217;s History and you should definitely check it out at some stage.<\/a><\/p>\n<p style=\"margin:10px 0;\">To celebrate the Easter Rising Anniversary, admission to that exhibititon was free in 2016, but lucky for us, Dublin City decided to also waive the admission charge for 2018.<\/a><\/p>\n<p style=\"margin:10px 0;\">Opening hours are Monday-Saturday 10:00-17:15.<\/a><\/div>\n<div style=\"font-size:13px;color:#534438;line-height:20px;\"><\/div>\n<p style=\"font-size:13px;color:#534438;line-height:20px;\"><a style=\"color:#cc2979;text-decoration:none\" href=\"http:\/\/www.dublincity.ie\/main-menu-services-recreation-culture-cityhall\/exhibition\">http:\/\/www.dublincity.ie\/main-menu-services-recreation-culture-cityhall\/exhibition<\/a><\/p>\n<\/td>\n<td valign=\"top\"><\/td>\n<\/tr>\n<\/table>\n<\/td>\n<\/tr>\n<\/table>\n<\/td>\n<\/tr>\n<\/table>\n<table width=\"100%\" cellpadding=\"0\" cellspacing=\"0\">\n<tr>\n<td style=\"padding:10px 30px\">\n<table width=\"100%\" cellpadding=\"0\" cellspacing=\"0\">\n<tr>\n<td width=\"52\" valign=\"top\"><img loading=\"lazy\" decoding=\"async\" src=\"http:\/\/dublineventguide.com\/dff\/admin\/images\/categories\/ACTIVITY.png\" width=\"32\" height=\"32\" \/><\/td>\n<td>\n<h2 style=\"font-size:16px;color:#534438;margin:0 0 5px;font-weight:normal\">National Gallery Talks &#038; Tour<\/h2>\n<h3 style=\"font-size:13px;margin:0;padding:0;line-height:16px;color:#534438;\"><img loading=\"lazy\" decoding=\"async\" src=\"http:\/\/dublineventguide.com\/dff\/admin\/images\/weekly.png\" width=\"69\" height=\"16\" style=\"display:inline;float:left;\" \/> 11:30 &#8211; 16:50, Fri 01 Jun<\/h3>\n<p style=\"font-size:13px;color:#534438;line-height:20px;margin:0;padding-top:0;\">National Gallery, Merrion Square West, Dublin 2 <\/p>\n<table width=\"100%\" cellspacing=\"0\" cellpadding=\"0\">\n<tr>\n<td valign=\"top\">\n<div style=\"font-size:13px;color:#534438;line-height:20px;\">\n<p style=\"margin:10px 0;\">The National Gallery has an extensive programme of free talks, public tours and Art Documentary screenings every day of the week. Currently there is at least one free tour every day. Check their website for details. Some special events will be listed separately.<\/a><\/p>\n<p style=\"margin:10px 0;\">Admission to the gallery and to most events is free.<\/a><\/div>\n<div style=\"font-size:13px;color:#534438;line-height:20px;\"><\/div>\n<p style=\"font-size:13px;color:#534438;line-height:20px;\"><a style=\"color:#cc2979;text-decoration:none\" href=\"https:\/\/www.nationalgallery.ie\/whats-on\">https:\/\/www.nationalgallery.ie\/whats-on<\/a><\/p>\n<\/td>\n<td valign=\"top\"><\/td>\n<\/tr>\n<\/table>\n<\/td>\n<\/tr>\n<\/table>\n<\/td>\n<\/tr>\n<\/table>\n<table width=\"100%\" cellpadding=\"0\" cellspacing=\"0\">\n<tr>\n<td style=\"padding:10px 30px\">\n<table width=\"100%\" cellpadding=\"0\" cellspacing=\"0\">\n<tr>\n<td width=\"52\" valign=\"top\"><img loading=\"lazy\" decoding=\"async\" src=\"http:\/\/dublineventguide.com\/dff\/admin\/images\/categories\/MARKETS.png\" width=\"32\" height=\"32\" \/><\/td>\n<td>\n<h2 style=\"font-size:16px;color:#534438;margin:0 0 5px;font-weight:normal\">The Green Door Market<\/h2>\n<h3 style=\"font-size:13px;margin:0;padding:0;line-height:16px;color:#534438;\"><img loading=\"lazy\" decoding=\"async\" src=\"http:\/\/dublineventguide.com\/dff\/admin\/images\/weekly.png\" width=\"69\" height=\"16\" style=\"display:inline;float:left;\" \/> 12:00 &#8211; 19:00, Fri 01 Jun<\/h3>\n<p style=\"font-size:13px;color:#534438;line-height:20px;margin:0;padding-top:0;\">18 Newmarket, Dublin 8<\/p>\n<table width=\"100%\" cellspacing=\"0\" cellpadding=\"0\">\n<tr>\n<td valign=\"top\">\n<div style=\"font-size:13px;color:#534438;line-height:20px;\">\n<p style=\"margin:10px 0;\">The Green Door Market is a new indoor food\/Farmer&#8217;s Market that takes place just a few doors down from the Dublin Food Co-op at Newmarket in Dublin 8. Admission is free.<\/a><\/p>\n<p style=\"margin:10px 0;\">Opening hours are Thu-Fri 12:00-19:00 and Sat 09:30-16:00.<\/a><\/div>\n<div style=\"font-size:13px;color:#534438;line-height:20px;\"><\/div>\n<p style=\"font-size:13px;color:#534438;line-height:20px;\"><a style=\"color:#cc2979;text-decoration:none\" href=\"https:\/\/www.facebook.com\/thegreendoordublin\">https:\/\/www.facebook.com\/thegreendoordublin<\/a><\/p>\n<\/td>\n<td valign=\"top\"><\/td>\n<\/tr>\n<\/table>\n<\/td>\n<\/tr>\n<\/table>\n<\/td>\n<\/tr>\n<\/table>\n<table width=\"100%\" cellpadding=\"0\" cellspacing=\"0\">\n<tr>\n<td style=\"padding:10px 30px\">\n<table width=\"100%\" cellpadding=\"0\" cellspacing=\"0\">\n<tr>\n<td width=\"52\" valign=\"top\"><img loading=\"lazy\" decoding=\"async\" src=\"http:\/\/dublineventguide.com\/dff\/admin\/images\/categories\/TALKS.png\" width=\"32\" height=\"32\" \/><\/td>\n<td>\n<h2 style=\"font-size:16px;color:#534438;margin:0 0 5px;font-weight:normal\">New Voices of Ireland &#8211; Meeting Point<\/h2>\n<h3 style=\"font-size:13px;margin:0;padding:0;line-height:16px;color:#534438;\">12:30 &#8211; 20:00, Fri 01 Jun<\/h3>\n<p style=\"font-size:13px;color:#534438;line-height:20px;margin:0;padding-top:0;\">Wood Quay Venue, Civic Offices, Wood Quay, Dublin 8<\/p>\n<table width=\"100%\" cellspacing=\"0\" cellpadding=\"0\">\n<tr>\n<td valign=\"top\">\n<div style=\"font-size:13px;color:#534438;line-height:20px;\">\n<p style=\"margin:10px 0;\">The Centre for Creative Practices is inviting to &#8220;New Voices of Ireland &#8211; Meeting Point&#8221;.<\/a><\/p>\n<p style=\"margin:10px 0;\">&#8220;On this Get-Together day for Migrant and Culturally Diverse Artists, you will be able to find out about available funding opportunities, explore the benefits of professional mentoring, and learn all the dos and don&#8217;ts of running sustainable creative projects and business.&#8221;<\/a><\/p>\n<p style=\"margin:10px 0;\">Admission is free, but there are only 50 places, For booking and for more information, check the Facebook Page below.<\/a><\/div>\n<div style=\"font-size:13px;color:#534438;line-height:20px;\"><\/div>\n<p style=\"font-size:13px;color:#534438;line-height:20px;\"><a style=\"color:#cc2979;text-decoration:none\" href=\"https:\/\/www.facebook.com\/events\/596308780725374\/\">https:\/\/www.facebook.com\/events\/596308780725374\/<\/a><\/p>\n<\/td>\n<td valign=\"top\"><\/td>\n<\/tr>\n<\/table>\n<\/td>\n<\/tr>\n<\/table>\n<\/td>\n<\/tr>\n<\/table>\n<table width=\"100%\" cellpadding=\"0\" cellspacing=\"0\">\n<tr>\n<td style=\"padding:10px 30px\">\n<table width=\"100%\" cellpadding=\"0\" cellspacing=\"0\">\n<tr>\n<td width=\"52\" valign=\"top\"><img loading=\"lazy\" decoding=\"async\" src=\"http:\/\/dublineventguide.com\/dff\/admin\/images\/categories\/ACTIVITY.png\" width=\"32\" height=\"32\" \/><\/td>\n<td>\n<h2 style=\"font-size:16px;color:#534438;margin:0 0 5px;font-weight:normal\">Arbour Hill Cemetery Tour<\/h2>\n<h3 style=\"font-size:13px;margin:0;padding:0;line-height:16px;color:#534438;\"><img loading=\"lazy\" decoding=\"async\" src=\"http:\/\/dublineventguide.com\/dff\/admin\/images\/weekly.png\" width=\"69\" height=\"16\" style=\"display:inline;float:left;\" \/> 14:00, Fri 01 Jun<\/h3>\n<p style=\"font-size:13px;color:#534438;line-height:20px;margin:0;padding-top:0;\">Arbour Hill Cemetery, Arbour Hill, Dublin 7<\/p>\n<table width=\"100%\" cellspacing=\"0\" cellpadding=\"0\">\n<tr>\n<td valign=\"top\">\n<div style=\"font-size:13px;color:#534438;line-height:20px;\">\n<p style=\"margin:10px 0;\">The Cemetery at Arbour Hill is the last resting place of 14 of the leaders of the 1916 Rising. Among those buried there are P\u00e1draig Pearse, James Connolly and Thomas Clarke. This tour every Friday introduce the Cemetery and will also explain the background and the event of the Easter Rising.<\/a><\/p>\n<p style=\"margin:10px 0;\">Admission is free and no booking necessary. The meeting point is inside the cemetery gates.<\/a><\/div>\n<div style=\"font-size:13px;color:#534438;line-height:20px;\"><\/div>\n<p style=\"font-size:13px;color:#534438;line-height:20px;\"><a style=\"color:#cc2979;text-decoration:none\" href=\"http:\/\/phoenixpark.ie\/tours\/\">http:\/\/phoenixpark.ie\/tours\/<\/a><\/p>\n<\/td>\n<td valign=\"top\"><\/td>\n<\/tr>\n<\/table>\n<\/td>\n<\/tr>\n<\/table>\n<\/td>\n<\/tr>\n<\/table>\n<table width=\"100%\" cellpadding=\"0\" cellspacing=\"0\">\n<tr>\n<td style=\"padding:10px 30px\">\n<table width=\"100%\" cellpadding=\"0\" cellspacing=\"0\">\n<tr>\n<td width=\"52\" valign=\"top\"><img loading=\"lazy\" decoding=\"async\" src=\"http:\/\/dublineventguide.com\/dff\/admin\/images\/categories\/FOOD_DRINK.png\" width=\"32\" height=\"32\" \/><\/td>\n<td>\n<h2 style=\"font-size:16px;color:#534438;margin:0 0 5px;font-weight:normal\">Gin Fusion &#8211; Gin Festival<\/h2>\n<h3 style=\"font-size:13px;margin:0;padding:0;line-height:16px;color:#534438;\">16:00 &#8211; 22:00, Fri 01 Jun<\/h3>\n<p style=\"font-size:13px;color:#534438;line-height:20px;margin:0;padding-top:0;\">The Bernard Shaw, 12 Richmond Street South, Dublin 8<\/p>\n<table width=\"100%\" cellspacing=\"0\" cellpadding=\"0\">\n<tr>\n<td valign=\"top\">\n<div style=\"font-size:13px;color:#534438;line-height:20px;\">\n<p style=\"margin:10px 0;\">From Thursday until Sunday of the bank holiday weekend (31 May &#8211; 03 June) the Gin Festival &#8220;Gin Fusion&#8221; will take place in the Bernard Shaw Pub and the Eatyard. There will be tastings, workshops, pop-up markets, classes, cocktail bars, pairings, food, DJs, live music, and more.<\/a><\/p>\n<p style=\"margin:10px 0;\">Admission is free, but you can pre-buy 10 Euro Eatyard vouchers via the website below.<\/a><\/div>\n<div style=\"font-size:13px;color:#534438;line-height:20px;\"><\/div>\n<p style=\"font-size:13px;color:#534438;line-height:20px;\"><a style=\"color:#cc2979;text-decoration:none\" href=\"http:\/\/brew-tonic.com\/gin-fusion-june-bank-holiday-2018-may-31-june-3\/\">http:\/\/brew-tonic.com\/gin-fusion-june-bank-holiday-2018-may-31-june-3\/<\/a><\/p>\n<\/td>\n<td valign=\"top\"><\/td>\n<\/tr>\n<\/table>\n<\/td>\n<\/tr>\n<\/table>\n<\/td>\n<\/tr>\n<\/table>\n<table width=\"100%\" cellpadding=\"0\" cellspacing=\"0\">\n<tr>\n<td style=\"padding:10px 30px\">\n<table width=\"100%\" cellpadding=\"0\" cellspacing=\"0\">\n<tr>\n<td width=\"52\" valign=\"top\"><img loading=\"lazy\" decoding=\"async\" src=\"http:\/\/dublineventguide.com\/dff\/admin\/images\/categories\/TALKS.png\" width=\"32\" height=\"32\" \/><\/td>\n<td>\n<h2 style=\"font-size:16px;color:#534438;margin:0 0 5px;font-weight:normal\">The Future of Bionics and the Ethical Issues &#8211; Talk<\/h2>\n<h3 style=\"font-size:13px;margin:0;padding:0;line-height:16px;color:#534438;\">17:00 &#8211; 19:00, Fri 01 Jun<\/h3>\n<p style=\"font-size:13px;color:#534438;line-height:20px;margin:0;padding-top:0;\">Science Gallery, Pearse Street, TCD, Dublin 2<\/p>\n<table width=\"100%\" cellspacing=\"0\" cellpadding=\"0\">\n<tr>\n<td valign=\"top\">\n<div style=\"font-size:13px;color:#534438;line-height:20px;\">\n<p style=\"margin:10px 0;\">The Science Gallery will present a talk exploring the ethical issues relating to bionics and stem cell research around the world. Researcher Gordon Wallace will speak about his work in the area of nanotechnology and the promise of new medical solutions using stem cells and 3D bioprinting; Susan Dodds (University of New South Wales, Sydney) and David Hoey (Trinity College Dublin) will explore the ethical ramification. The event will be introduced by Simon Mamouney, Deputy Ambassador of the Australian Embassy in Dublin.<\/a><\/p>\n<p style=\"margin:10px 0;\">Admission is free, but booking is required via the website below.<\/a><\/div>\n<div style=\"font-size:13px;color:#534438;line-height:20px;\"><\/div>\n<p style=\"font-size:13px;color:#534438;line-height:20px;\"><a style=\"color:#cc2979;text-decoration:none\" href=\"https:\/\/dublin.sciencegallery.com\/events\/2018\/05\/futurebionicsandethicalissues\">https:\/\/dublin.sciencegallery.com\/events\/2018\/05\/futurebionicsandethicalissues<\/a><\/p>\n<\/td>\n<td valign=\"top\"><\/td>\n<\/tr>\n<\/table>\n<\/td>\n<\/tr>\n<\/table>\n<\/td>\n<\/tr>\n<\/table>\n<table width=\"100%\" cellpadding=\"0\" cellspacing=\"0\">\n<tr>\n<td style=\"padding:10px 30px\">\n<table width=\"100%\" cellpadding=\"0\" cellspacing=\"0\">\n<tr>\n<td width=\"52\" valign=\"top\"><img loading=\"lazy\" decoding=\"async\" src=\"http:\/\/dublineventguide.com\/dff\/admin\/images\/categories\/MUSIC.png\" width=\"32\" height=\"32\" \/><\/td>\n<td>\n<h2 style=\"font-size:16px;color:#534438;margin:0 0 5px;font-weight:normal\">Howth Tradfest 2018<\/h2>\n<h3 style=\"font-size:13px;margin:0;padding:0;line-height:16px;color:#534438;\">18:00, Fri 01 Jun<\/h3>\n<p style=\"font-size:13px;color:#534438;line-height:20px;margin:0;padding-top:0;\">Howth (various locations)<\/p>\n<table width=\"100%\" cellspacing=\"0\" cellpadding=\"0\">\n<tr>\n<td valign=\"top\">\n<div style=\"font-size:13px;color:#534438;line-height:20px;\">\n<p style=\"margin:10px 0;\">The Howth Tradfest 2018 is happening over the bank holiday weekend and will start on Friday 01 June and continue until Monday 04 June.  There will be 20 events in 9 venues in Howth and many gigs are free.<\/a><\/p>\n<p style=\"margin:10px 0;\">Line-up and schedule can be found on the Facebook Page of the Tradfest and the link is below.<\/a><\/div>\n<div style=\"font-size:13px;color:#534438;line-height:20px;\"><\/div>\n<p style=\"font-size:13px;color:#534438;line-height:20px;\"><a style=\"color:#cc2979;text-decoration:none\" href=\"https:\/\/www.facebook.com\/HowthTradFest2018\/\">https:\/\/www.facebook.com\/HowthTradFest2018\/<\/a><\/p>\n<\/td>\n<td valign=\"top\"><\/td>\n<\/tr>\n<\/table>\n<\/td>\n<\/tr>\n<\/table>\n<\/td>\n<\/tr>\n<\/table>\n<table width=\"100%\" cellpadding=\"0\" cellspacing=\"0\">\n<tr>\n<td style=\"padding:10px 30px\">\n<table width=\"100%\" cellpadding=\"0\" cellspacing=\"0\">\n<tr>\n<td width=\"52\" valign=\"top\"><img loading=\"lazy\" decoding=\"async\" src=\"http:\/\/dublineventguide.com\/dff\/admin\/images\/categories\/MUSIC.png\" width=\"32\" height=\"32\" \/><\/td>\n<td>\n<h2 style=\"font-size:16px;color:#534438;margin:0 0 5px;font-weight:normal\">YouBloom Music Festival Gigs<\/h2>\n<h3 style=\"font-size:13px;margin:0;padding:0;line-height:16px;color:#534438;\">18:00, Fri 01 Jun<\/h3>\n<p style=\"font-size:13px;color:#534438;line-height:20px;margin:0;padding-top:0;\">Dublin (various locations) <\/p>\n<table width=\"100%\" cellspacing=\"0\" cellpadding=\"0\">\n<tr>\n<td valign=\"top\">\n<div style=\"font-size:13px;color:#534438;line-height:20px;\">\n<p style=\"margin:10px 0;\">YouBloom is a music festival in Dublin with seminars and talks for people in the music business. It is not free and it looks sold out.<\/a><\/p>\n<p style=\"margin:10px 0;\">In parallel to the music summit, there is a gig schedule that includes gigs at the Bloom festival in Phoenix Park, but also in four venues in the city centre. The venues are<\/a><\/p>\n<p>J.T. Pim\u2019s, 4 South Great George\u2019s St., Dublin 2<br \/>Mercantile, 28 Dame Street, Dublin 2<br \/>Berlin D2, Dame Lane, Dublin 2<br \/>Underground, 64 Dame Street, Dublin 2<\/p>\n<p style=\"margin:10px 0;\">and the schedule for Friday is<\/a><\/p>\n<p>BERLIN D2:<br \/>18:45-19:30 Chasing Felix (IRL)<br \/>19:45-20:30 Makings (IRL)<br \/>20:45-21:30 Danu5ik (UK)<br \/>&#8212;&#8212;-<br \/>THE UNDERGROUND<br \/>20:00-20:30 Birdwoman<br \/>20:40-21:15 Thomas Harvey<br \/>21:30-22:05 Hello Casanova<br \/>22:20-23:00 Heavy Soda<br \/>&#8212;&#8211;<br \/>MERCANTILE MAIN STAGE<br \/>19:00-19:45 Where\u2019s Luke?<br \/>20:00-20:45 Lutenants<br \/>21:00-21:45 Claire Z<br \/>22:00-23:00 Carito Plaza<br \/>&#8212;-<br \/>MERCANTILE OUTDOOR STAGE<br \/>18:00-18:50 Katie Gallagher<br \/>19:05-19:55 Carito Plaza<br \/>&#8212;-<br \/>JT PIM&#8217;S<br \/>19:00-19:30 Tia Burke<br \/>19:40-20:10 Preetam Sengupta<br \/>20:20-20:50 Rachel Greene<br \/>21:00-21:30 Nick Aslam<br \/>21:40-22:20 Keith Plunkett<br \/>22:20-23:00 Katie Gallagher<\/p>\n<p style=\"margin:10px 0;\">Admission to all gigs is free.<\/a><\/div>\n<div style=\"font-size:13px;color:#534438;line-height:20px;\"><\/div>\n<p style=\"font-size:13px;color:#534438;line-height:20px;\"><a style=\"color:#cc2979;text-decoration:none\" href=\"http:\/\/www.youbloom.com\/gig-schedule\/\">http:\/\/www.youbloom.com\/gig-schedule\/<\/a><\/p>\n<\/td>\n<td valign=\"top\"><\/td>\n<\/tr>\n<\/table>\n<\/td>\n<\/tr>\n<\/table>\n<\/td>\n<\/tr>\n<\/table>\n<table width=\"100%\" cellpadding=\"0\" cellspacing=\"0\">\n<tr>\n<td style=\"padding:10px 30px\">\n<table width=\"100%\" cellpadding=\"0\" cellspacing=\"0\">\n<tr>\n<td width=\"52\" valign=\"top\"><img loading=\"lazy\" decoding=\"async\" src=\"http:\/\/dublineventguide.com\/dff\/admin\/images\/categories\/MUSIC.png\" width=\"32\" height=\"32\" \/><\/td>\n<td>\n<h2 style=\"font-size:16px;color:#534438;margin:0 0 5px;font-weight:normal\">Cornucopia &#8211; Live Music<\/h2>\n<h3 style=\"font-size:13px;margin:0;padding:0;line-height:16px;color:#534438;\"><img loading=\"lazy\" decoding=\"async\" src=\"http:\/\/dublineventguide.com\/dff\/admin\/images\/weekly.png\" width=\"69\" height=\"16\" style=\"display:inline;float:left;\" \/> 19:30 &#8211; 21:30, Fri 01 Jun<\/h3>\n<p style=\"font-size:13px;color:#534438;line-height:20px;margin:0;padding-top:0;\">Cornucopia Caf\u00e9 &#038; Restaurant, 19\/20 Wicklow Street, Dublin 2<\/p>\n<table width=\"100%\" cellspacing=\"0\" cellpadding=\"0\">\n<tr>\n<td valign=\"top\">\n<div style=\"font-size:13px;color:#534438;line-height:20px;\">\n<p>Cornucopia Caf\u00e9 &#038; Restaurant host live music three evenings a week (Thurs, Fri and Sat). The restaurant is a Wholefood &#038; Vegetarian Restaurant and is open until 22:15.<br \/>+ Every second Thursday N.C Lawlor, a songwriter, session player and troubadour plays a mix of country, bluegrass &#038; blues from 19:30-21:30.<br \/>+ Every Friday (19:30-21:30) Junshi Murakami plays Irish Harp.<br \/>+ Every Saturday (19:30-21:30) Nollaig Mann plays a collection of popular and jazz classics.<\/p>\n<\/div>\n<div style=\"font-size:13px;color:#534438;line-height:20px;\"><\/div>\n<p style=\"font-size:13px;color:#534438;line-height:20px;\"><a style=\"color:#cc2979;text-decoration:none\" href=\"http:\/\/www.cornucopia.ie\">http:\/\/www.cornucopia.ie<\/a><\/p>\n<\/td>\n<td valign=\"top\"><\/td>\n<\/tr>\n<\/table>\n<\/td>\n<\/tr>\n<\/table>\n<\/td>\n<\/tr>\n<\/table>\n<table width=\"100%\" cellpadding=\"0\" cellspacing=\"0\">\n<tr>\n<td style=\"padding:10px 30px\">\n<table width=\"100%\" cellpadding=\"0\" cellspacing=\"0\">\n<tr>\n<td width=\"52\" valign=\"top\"><img loading=\"lazy\" decoding=\"async\" src=\"http:\/\/dublineventguide.com\/dff\/admin\/images\/categories\/MUSIC.png\" width=\"32\" height=\"32\" \/><\/td>\n<td>\n<h2 style=\"font-size:16px;color:#534438;margin:0 0 5px;font-weight:normal\">Live Music &#8211; Stillorgan Orchard<\/h2>\n<h3 style=\"font-size:13px;margin:0;padding:0;line-height:16px;color:#534438;\"><img loading=\"lazy\" decoding=\"async\" src=\"http:\/\/dublineventguide.com\/dff\/admin\/images\/weekly.png\" width=\"69\" height=\"16\" style=\"display:inline;float:left;\" \/> 21:00, Fri 01 Jun<\/h3>\n<p style=\"font-size:13px;color:#534438;line-height:20px;margin:0;padding-top:0;\">Stillorgan Orchard, The Hill, Stillorgan, Co. Dublin<\/p>\n<table width=\"100%\" cellspacing=\"0\" cellpadding=\"0\">\n<tr>\n<td valign=\"top\">\n<div style=\"font-size:13px;color:#534438;line-height:20px;\">\n<p style=\"margin:10px 0;\">The Stillorgan Orchard has live music every Friday and Saturday. Many of the performers are established and very good bands. The upcoming gigs are detailed on the website below. Admission is always free.<\/a><\/div>\n<div style=\"font-size:13px;color:#534438;line-height:20px;\"><\/div>\n<p style=\"font-size:13px;color:#534438;line-height:20px;\"><a style=\"color:#cc2979;text-decoration:none\" href=\"http:\/\/www.stillorganorchard.com\/specials\/\">http:\/\/www.stillorganorchard.com\/specials\/<\/a><\/p>\n<\/td>\n<td valign=\"top\"><\/td>\n<\/tr>\n<\/table>\n<\/td>\n<\/tr>\n<\/table>\n<\/td>\n<\/tr>\n<\/table>\n<table width=\"100%\" cellpadding=\"0\" cellspacing=\"0\">\n<tr>\n<td style=\"padding:10px 30px\">\n<table width=\"100%\" cellpadding=\"0\" cellspacing=\"0\">\n<tr>\n<td width=\"52\" valign=\"top\"><img loading=\"lazy\" decoding=\"async\" src=\"http:\/\/dublineventguide.com\/dff\/admin\/images\/categories\/MUSIC.png\" width=\"32\" height=\"32\" \/><\/td>\n<td>\n<h2 style=\"font-size:16px;color:#534438;margin:0 0 5px;font-weight:normal\">Stone Sea \/ Run in Red &#8211; Gig<\/h2>\n<h3 style=\"font-size:13px;margin:0;padding:0;line-height:16px;color:#534438;\">21:00, Fri 01 Jun<\/h3>\n<p style=\"font-size:13px;color:#534438;line-height:20px;margin:0;padding-top:0;\">Sin \u00c9, 14 Ormond Quay, Dublin 1<\/p>\n<table width=\"100%\" cellspacing=\"0\" cellpadding=\"0\">\n<tr>\n<td valign=\"top\">\n<div style=\"font-size:13px;color:#534438;line-height:20px;\">\n<p style=\"margin:10px 0;\">This is a gig by Stone Sea with support from Run in Red.<\/a><\/p>\n<p style=\"margin:10px 0;\">Admission is free.<\/a><\/div>\n<div style=\"font-size:13px;color:#534438;line-height:20px;\"><\/div>\n<p style=\"font-size:13px;color:#534438;line-height:20px;\"><a style=\"color:#cc2979;text-decoration:none\" href=\"http:\/\/sin-e.ie\/events\/stone-sea-jet-fuel-chemistry\/\">http:\/\/sin-e.ie\/events\/stone-sea-jet-fuel-chemistry\/<\/a><\/p>\n<\/td>\n<td valign=\"top\"><\/td>\n<\/tr>\n<\/table>\n<\/td>\n<\/tr>\n<\/table>\n<\/td>\n<\/tr>\n<\/table>\n<table width=\"100%\" cellpadding=\"0\" cellspacing=\"0\">\n<tr>\n<td style=\"padding:10px 30px\">\n<table width=\"100%\" cellpadding=\"0\" cellspacing=\"0\">\n<tr>\n<td width=\"52\" valign=\"top\"><img loading=\"lazy\" decoding=\"async\" src=\"http:\/\/dublineventguide.com\/dff\/admin\/images\/categories\/MUSIC.png\" width=\"32\" height=\"32\" \/><\/td>\n<td>\n<h2 style=\"font-size:16px;color:#534438;margin:0 0 5px;font-weight:normal\">Gavin Povey and the Fabulous Oke She Moke She Pops<\/h2>\n<h3 style=\"font-size:13px;margin:0;padding:0;line-height:16px;color:#534438;\">22:00, Fri 01 Jun<\/h3>\n<p style=\"font-size:13px;color:#534438;line-height:20px;margin:0;padding-top:0;\">Leeson Lounge, 148 Upper Leeson Street, Dublin 4<\/p>\n<table width=\"100%\" cellspacing=\"0\" cellpadding=\"0\">\n<tr>\n<td valign=\"top\">\n<div style=\"font-size:13px;color:#534438;line-height:20px;\">\n<p style=\"margin:10px 0;\">Gavin Povey and The Fabulous Oke She Moke She Pops&#8221; will play New Orleans style Piano Rhythm &#038; Blues, Boogie Woogie and Rock&#8217;n&#8217; Roll. Gavin Povey has played piano with Van Morrison, Finbar Wright, Kirsty MacColl, Steve Cropper, Shakin\u2019 Stevens and many more.<\/a><\/p>\n<p style=\"margin:10px 0;\">Admission is free.<\/a><\/p>\n<p style=\"margin:10px 0;\"> <\/a><\/div>\n<div style=\"font-size:13px;color:#534438;line-height:20px;\"><\/div>\n<p style=\"font-size:13px;color:#534438;line-height:20px;\"><a style=\"color:#cc2979;text-decoration:none\" href=\"https:\/\/www.facebook.com\/pages\/The-Leeson-Lounge\/114810058553792\">https:\/\/www.facebook.com\/pages\/The-Leeson-Lounge\/114810058553792<\/a><\/p>\n<\/td>\n<td valign=\"top\"><\/td>\n<\/tr>\n<\/table>\n<\/td>\n<\/tr>\n<\/table>\n<\/td>\n<\/tr>\n<\/table>\n<table width=\"100%\" cellpadding=\"0\" cellspacing=\"0\">\n<tr>\n<td style=\"padding:10px 30px\">\n<table width=\"100%\" cellpadding=\"0\" cellspacing=\"0\">\n<tr>\n<td width=\"52\" valign=\"top\"><img loading=\"lazy\" decoding=\"async\" src=\"http:\/\/dublineventguide.com\/dff\/admin\/images\/categories\/ACTIVITY.png\" width=\"32\" height=\"32\" \/><\/td>\n<td>\n<h2 style=\"font-size:16px;color:#534438;margin:0 0 5px;font-weight:normal\">McGowans Single Night<\/h2>\n<h3 style=\"font-size:13px;margin:0;padding:0;line-height:16px;color:#534438;\">22:00, Fri 01 Jun<\/h3>\n<p style=\"font-size:13px;color:#534438;line-height:20px;margin:0;padding-top:0;\">McGowan&#8217;s, 17 Phibsborough Road, Dublin 7<\/p>\n<table width=\"100%\" cellspacing=\"0\" cellpadding=\"0\">\n<tr>\n<td valign=\"top\">\n<div style=\"font-size:13px;color:#534438;line-height:20px;\">\n<p style=\"margin:10px 0;\">McGowans in Phibsborough run a monthly Singles Night. There will be music, games and ice breakers.<\/a><\/p>\n<p style=\"margin:10px 0;\">Admission is free, but booking is required via the Eventbrite link below.<\/a><\/div>\n<div style=\"font-size:13px;color:#534438;line-height:20px;\"><\/div>\n<p style=\"font-size:13px;color:#534438;line-height:20px;\"><a style=\"color:#cc2979;text-decoration:none\" href=\"https:\/\/www.eventbrite.ie\/e\/mcgowans-singles-night-tickets-46141665965\">https:\/\/www.eventbrite.ie\/e\/mcgowans-singles-night-tickets-46141665965<\/a><\/p>\n<\/td>\n<td valign=\"top\"><\/td>\n<\/tr>\n<\/table>\n<\/td>\n<\/tr>\n<\/table>\n<\/td>\n<\/tr>\n<\/table>\n<table width=\"100%\" cellpadding=\"0\" cellspacing=\"0\">\n<tr>\n<td style=\"padding:10px 30px\">\n<table width=\"100%\" cellpadding=\"0\" cellspacing=\"0\">\n<tr>\n<td width=\"52\" valign=\"top\"><img loading=\"lazy\" decoding=\"async\" src=\"http:\/\/dublineventguide.com\/dff\/admin\/images\/categories\/MUSIC.png\" width=\"32\" height=\"32\" \/><\/td>\n<td>\n<h2 style=\"font-size:16px;color:#534438;margin:0 0 5px;font-weight:normal\">The Bionic Rats &#8211; Gig<\/h2>\n<h3 style=\"font-size:13px;margin:0;padding:0;line-height:16px;color:#534438;\">23:30, Fri 01 Jun<\/h3>\n<p style=\"font-size:13px;color:#534438;line-height:20px;margin:0;padding-top:0;\">Grand Social, 35 Lower Liffey Street (near Ha&#8217;Penny Bridge), Dublin 1<\/p>\n<table width=\"100%\" cellspacing=\"0\" cellpadding=\"0\">\n<tr>\n<td valign=\"top\">\n<div style=\"font-size:13px;color:#534438;line-height:20px;\">\n<p style=\"margin:10px 0;\">The Bionic Rats are playing Ska, Reggae and Rocksteady at this gig.<\/a><\/p>\n<p style=\"margin:10px 0;\">Admission is free.<\/a><\/div>\n<div style=\"font-size:13px;color:#534438;line-height:20px;\"><\/div>\n<p style=\"font-size:13px;color:#534438;line-height:20px;\"><a style=\"color:#cc2979;text-decoration:none\" href=\"http:\/\/www.thegrandsocial.ie\/event\/bionic-rats\/\">http:\/\/www.thegrandsocial.ie\/event\/bionic-rats\/<\/a><\/p>\n<\/td>\n<td valign=\"top\"><\/td>\n<\/tr>\n<\/table>\n<\/td>\n<\/tr>\n<\/table>\n<\/td>\n<\/tr>\n<\/table>\n<table width=\"100%\" cellpadding=\"0\" cellspacing=\"0\" style=\"height:40px;\">\n<tr>\n<td> <\/td>\n<\/tr>\n<\/table>\n<table width=\"100%\" cellpadding=\"0\" cellspacing=\"0\" id=\"coming\">\n<tr>\n<td><a name=\"coming\"><\/a><a href=\"#dff_top\" style=\"text-decoration:none\"><img decoding=\"async\" src=\"http:\/\/dublineventguide.com\/dff\/admin\/images\/dividers\/coming.png\" alt=\"Events Coming Up\" border=\"0\" \/><\/a><\/td>\n<\/tr>\n<\/table>\n<table width=\"100%\" cellpadding=\"0\" cellspacing=\"0\">\n<tr>\n<td style=\"padding:10px 30px\">\n<table width=\"100%\" cellpadding=\"0\" cellspacing=\"0\">\n<tr>\n<td width=\"52\" valign=\"top\"><img loading=\"lazy\" decoding=\"async\" src=\"http:\/\/dublineventguide.com\/dff\/admin\/images\/upcoming_events.png\" width=\"38\" height=\"39\" \/><\/td>\n<td>\n<h2 style=\"font-size:16px;color:#534438;margin:0 0 5px;font-weight:normal\">Dublin Mountains Partnership &#8211; Guided Walks<\/h2>\n<h3 style=\"font-size:13px;margin:0;padding:0;line-height:16px;color:#534438;\">07+10+12+13+26+27 May<\/h3>\n<div style=\"font-size:13px;color:#534438;line-height:20px;margin:0;padding-top:0;\">\n<p>Every month the Dublin Mountain Partnership runs free guided walks in the Dublin Mountains often on some Saturdays or Sundays, but also on other days during the month. The walks have varying difficulty and duration and the details can be found on the Dublin Mountain Partnership website: <a href=\"http:\/\/www.dublinmountains.ie\/news\/upcoming_events\/?no_cache=1\" style=\"color:#cc2979;text-decoration:none;\">http:\/\/www.dublinmountains.ie\/news\/upcoming_events\/?no_cache=1<\/a><\/p>\n<p style=\"margin:10px 0;\">The walks in May will happen on 07+10+12+13+26+27 May.<\/a><\/p>\n<p style=\"margin:10px 0;\">All walks are free, but pre-registration is required (details are on the website).<\/a><\/div>\n<\/td>\n<\/tr>\n<\/table>\n<\/td>\n<\/tr>\n<tr>\n<td style=\"padding:10px 30px\">\n<table width=\"100%\" cellpadding=\"0\" cellspacing=\"0\">\n<tr>\n<td width=\"52\" valign=\"top\"><img loading=\"lazy\" decoding=\"async\" src=\"http:\/\/dublineventguide.com\/dff\/admin\/images\/upcoming_events.png\" width=\"38\" height=\"39\" \/><\/td>\n<td>\n<h2 style=\"font-size:16px;color:#534438;margin:0 0 5px;font-weight:normal\">Not free, but interesting nevertheless:<\/h2>\n<h3 style=\"font-size:13px;margin:0;padding:0;line-height:16px;color:#534438;\"><\/h3>\n<div style=\"font-size:13px;color:#534438;line-height:20px;margin:0;padding-top:0;\">\n<p style=\"margin:10px 0;\">International Literature Festival Dublin: 19-27 May<\/a><\/div>\n<\/td>\n<\/tr>\n<\/table>\n<\/td>\n<\/tr>\n<tr>\n<td style=\"padding: 0 30px 15px\" colspan=\"2\">\n<p style=\"font-size:13px;color:#534438;line-height:20px;\">&#8211;Advertisement&#8212;&#8212;&#8212;&#8212;&#8212;&#8212;&#8212;&#8212;&#8212;&#8212;&#8212;&#8212;<\/p>\n<p style=\"font-size:13px;color:#534438;line-height:20px;\"><a href=\"http:\/\/www.bookdepository.com?a_aid=dubevg&#038;a_bid=c655baac\" target=\"_blank\"><img loading=\"lazy\" decoding=\"async\" src=\"http:\/\/banners1.bookdepository.com\/accounts\/default1\/banners\/P_Generic_468x60.jpg\" alt=\"Free Delivery on all Books at the Book Depository\" title=\"Free Delivery on all Books at the Book Depository\" width=\"468\" height=\"60\" \/><\/a><img loading=\"lazy\" decoding=\"async\" style=\"border:0\" src=\"https:\/\/affiliates.bookdepository.com\/scripts\/imp.php?a_aid=dubevg&#038;a_bid=c655baac\" width=\"1\" height=\"1\" alt=\"\" \/><\/p>\n<p>BOOK DEPOSITORY &#8211; BETTER THAN ANYBODY ELSE<br \/>\nBooks for lowest prices, sent to you with free worldwide delivery within 48 hours. And with every book you buy, you directly help the Dublin Event Guide (for Free Events) &#8230; if you click on the link below! <a href=\"http:\/\/www.bookdepository.com?a_aid=dubevg\"  style=\"color:#cc2979;text-decoration:none;\">www.bookdepository.com<\/a><\/p>\n<\/td>\n<\/tr>\n<\/table>\n<table width=\"100%\" cellpadding=\"0\" cellspacing=\"0\" id=\"odd\">\n<tr>\n<td><a name=\"odd\"><\/a><a href=\"#dff_top\" style=\"text-decoration:none\"><img decoding=\"async\" src=\"http:\/\/dublineventguide.com\/dff\/admin\/images\/dividers\/odd.png\" alt=\"This is odd\" border=\"0\" \/><\/a><\/td>\n<\/tr>\n<\/table>\n<table width=\"100%\" cellpadding=\"0\" cellspacing=\"0\">\n<tr>\n<td style=\"padding: 0 30px 15px\">\n<div style=\"font-size:13px;color:#534438;line-height:20px;\">\n<p style=\"margin:10px 0;\">Please note: This section contains observations taken from the world I live in that strike me as odd. I express my personal opinion and you might not share it. ;-) If you are easily offended by opinions that are not identical with your own, please don&#8217;t read this section and I am VERY serious about that!<\/a><\/p>\n<p style=\"margin:10px 0;\">The GDPR Bloodbath &#8211; Companies will die!<\/a><\/p>\n<p style=\"margin:10px 0;\">If you still don&#8217;t know that something Happened on 25 May that affected electronic communications then you you don&#8217;t use e-mail or the Internet (and then you won&#8217;t get to read this anyway ;-) ) or maybe you have never bought anything on the Internet and have not subscribed to any newsletters (apart from the Dublin Event Guide :-) ).<\/a><\/p>\n<p style=\"margin:10px 0;\">In an over-hyped panic state many companies and organisations who dod have clear permissions from their customers\/subscribers asked ALL their subscribers to re-subscribe. Others who had mailing lists that were decades old and that were populated in ways that would not be compatible with the new GDPR rules had no choice. I got hundreds if e-mails! Initially senders asked me to re-subscribe but then it all changed and they mails were a mere notification of the new GDPR rules.<\/a><\/p>\n<p style=\"margin:10px 0;\">I had looked into the new regulations well in advance and since everyone who gets the Dublin Event Guide had to request to get added and then had to confirm that they REALLY want to get added, I have clear documentation of the request so I didn&#8217;t have to bother you again. But imagine this:<\/a><\/p>\n<p style=\"margin:10px 0;\">A typical mailing list has an opening rate of 10-40%. That means 10-40% of the recipients open a mail. The rest is too busy right now and plans to open at a later stage (but might never get to it) OR they have lost interest in the information OR they are not actively using that mail account anymore. So if a company has 10,000 subscribers and they did send the GDPR mail &#8220;Please confirm your details, otherwise we will have to delete you.&#8221; They already lost 6000 &#8211; 9000 subscribers the moment they hit the SEND button. Let&#8217;s be generous and say they ONLY lost 7000. Now the 3000 remaining people would have confirm that they still want to receive the newsletter. But since all mails arrived on one day and people got annoyed with so many re-subscribe mails. many decided to take the opportunity to get rid of some unwanted newsletters. So where normally maybe 40-50% would have confirmed, I wouldn&#8217;t be surprised if on Wednesday and Thursday of this week only about 20-30% actually did subscribe (and that number could still be too optimistic.) Let&#8217;s continue with 25%.<\/a><\/p>\n<p style=\"margin:10px 0;\">So after one e-mail and the introduction of GDPR the company has just 750 people left on their list! From 10,000 to 750 with one e-mail! That is an absolute disaster for a company that depends on online sales or on online promotions to achieve online or offline sales.<\/a><\/p>\n<p style=\"margin:10px 0;\">The result will be a highly probably loss in sales and revenue and because the company might have lost the &#8220;innovateability&#8221; that they had when they started originally and also runs on higher costs in comparison to the start-up days, I wouldn&#8217;t be surprised if companies will have to close! :-O<\/a><\/p>\n<p style=\"margin:10px 0;\"> An odd and difficult situation. But it is too late now. :-O<\/a><\/div>\n<p style=\"font-size:13px;color:#534438;line-height:20px;margin:10px 0\">&#8211;Advertisement&#8212;&#8212;&#8212;&#8212;&#8212;&#8212;&#8212;&#8212;&#8212;&#8212;&#8212;&#8212;<\/p>\n<p style=\"font-size:13px;color:#534438;line-height:20px;margin:10px 0\"><a href=\"https:\/\/clk.tradedoubler.com\/click?p=83237&#038;a=1719778&#038;g=20747184\" target=\"_BLANK\"><img decoding=\"async\" src=\"https:\/\/impie.tradedoubler.com\/imp?type(img)g(20747184)a(1719778)\" border=0><\/a><\/p>\n<\/td>\n<\/tr>\n<\/table>\n<table width=\"100%\" cellpadding=\"0\" cellspacing=\"0\">\n<tr>\n<td style=\"padding: 0 30px 15px\">\n<div style=\"font-size:13px;color:#534438;line-height:20px;\">\n<p style=\"margin:10px 0;\">Have an event-full weekend and week,<\/a><\/p>\n<p style=\"margin:10px 0;\">&#8211;Joerg<\/a><\/p>\n<p><a href=\"mailto:dublineventguide@gmail.com\" style=\"color:#cc2979;text-decoration:none;\">dublineventguide@gmail.com<\/a> | <a href=\"www.dublineventguide.com\" style=\"color:#cc2979;text-decoration:none;\">www.dublineventguide.com<\/a> | <a href=\"http:\/\/www.facebook.com\/DublinEventGuide\" style=\"color:#cc2979;text-decoration:none;\">www.facebook.com\/DublinEventGuide<\/a> | <a href=\"http:\/\/m.dublineventguide.com\" style=\"color:#cc2979;text-decoration:none;\">m.dublineventguide.com<\/a><\/p>\n<p>For much needed donations please go to <a>http:\/\/www.perfectresults.info\/donation.htm<\/a><br \/>or <a href=\"http:\/\/www.paypal.me\/DublinEventGuide\" style=\"color:#cc2979;text-decoration:none;\">http:\/\/www.paypal.me\/DublinEventGuide<\/a><br \/>or <a href=\"http:\/\/www.gofundme.com\/DublinEventGuide\" style=\"color:#cc2979;text-decoration:none;\">http:\/\/www.gofundme.com\/DublinEventGuide<\/a><\/p>\n<p>+++++++++++++++++++++++++++++++++++++++++++<br \/><strong>You are receiving this newsletter because you have subscribed to it!!<\/strong><\/p>\n<p>If you don&#8217;t want to receive this mail anymore, just click on the link at the bottom of this mail. It would help me if you told me in an e-mail why you decided to unsubscribe, but that is not a &#8220;Must&#8221;. If you only want to stop receiving the newsletter temporarily, you can &#8211; if you wish &#8211; discuss this with me by e-mail so that we find a solution that makes sense to you. If you unsubscribe using the link at the bottom of the mail and there is a chance that you &#8211; at some stage &#8211; want to re-subscribe, please make sure that you keep a mail with the &#8220;unsubscribe link&#8221; because I will not be able to add you anymore to the list once you have unsubscribed using this link. The only way you can re-subscribe is to follow that specific link and change the settings yourself.<br \/> This Event Guide (the &#8220;Dublin Event Guide (for Free Events)&#8221;) is an Event Guide with a difference. It covers mostly free events based on the thinking that free events deserve additional support and that non-free events have the money to pay for advertisement. The Guide is a _Guide_ and not just a listing and is therefore at times quite extensive. It is sent for free to anybody who is interested and if you want to be added to the mailing list or know somebody who would like to receive this guide, just send them to <a href=\"http:\/\/www.dublineventguide.com\" style=\"color:#cc2979;text-decoration:none;\">http:\/\/www.dublineventguide.com<\/a>, where they can subscribe. If you have feedback &#8211; good or bad &#8211; PLEASE tell me via dublineventguide@gmail.com.<br \/>BTW: I am not paid or otherwise rewarded for compiling and distributing this Event Guide it is purely a hobby so your donations are needed: <a href=\"http:\/\/www.perfectresults.info\/donation.htm\" style=\"color:#cc2979;text-decoration:none;\">http:\/\/www.perfectresults.info\/donation.htm<\/a> . Advertisement in or sponsorship of the Dublin Event Guide (for Free Events) is possible and very welcome, please contact me for more information.<br \/>Please note: The Dublin Event Guide (for Free Event) is not related or connected to the long gone fortnightly printed publication &#8220;the event guide&#8221; that you found until December 2008 in pubs and other venues. <br \/>Copyright 2018 by Joerg Steegmueller.<br \/>***********************************************<\/p>\n<\/div>\n<\/td>\n<\/tr>\n<\/table>\n<\/td>\n<\/tr>\n<\/table>\n","protected":false},"excerpt":{"rendered":"<p>No. 571 | 25 May 2018 Subscribers: 24,150 Dublin News &#8211; Competitions &#8211; Support the Guide &#8211; Joerg&#8217;s Picks &#8211; Feel Good &#8211; This is OddSat &#8211; Sun &#8211; Mon &#8211; Tue &#8211; Wed &#8211; Thu &#8211; Fri &#8211; Events Coming Up &#8211; Exhibitions Hi all! My e-mail Inbox was overflowing on Wednesday and Thursday. [&hellip;]<\/p>\n","protected":false},"author":4,"featured_media":0,"comment_status":"open","ping_status":"closed","sticky":false,"template":"","format":"standard","meta":{"footnotes":""},"categories":[1],"tags":[],"class_list":["post-2310","post","type-post","status-publish","format-standard","hentry","category-allgemein"],"_links":{"self":[{"href":"https:\/\/www.dublineventguide.com\/blog\/index.php\/wp-json\/wp\/v2\/posts\/2310","targetHints":{"allow":["GET"]}}],"collection":[{"href":"https:\/\/www.dublineventguide.com\/blog\/index.php\/wp-json\/wp\/v2\/posts"}],"about":[{"href":"https:\/\/www.dublineventguide.com\/blog\/index.php\/wp-json\/wp\/v2\/types\/post"}],"author":[{"embeddable":true,"href":"https:\/\/www.dublineventguide.com\/blog\/index.php\/wp-json\/wp\/v2\/users\/4"}],"replies":[{"embeddable":true,"href":"https:\/\/www.dublineventguide.com\/blog\/index.php\/wp-json\/wp\/v2\/comments?post=2310"}],"version-history":[{"count":0,"href":"https:\/\/www.dublineventguide.com\/blog\/index.php\/wp-json\/wp\/v2\/posts\/2310\/revisions"}],"wp:attachment":[{"href":"https:\/\/www.dublineventguide.com\/blog\/index.php\/wp-json\/wp\/v2\/media?parent=2310"}],"wp:term":[{"taxonomy":"category","embeddable":true,"href":"https:\/\/www.dublineventguide.com\/blog\/index.php\/wp-json\/wp\/v2\/categories?post=2310"},{"taxonomy":"post_tag","embeddable":true,"href":"https:\/\/www.dublineventguide.com\/blog\/index.php\/wp-json\/wp\/v2\/tags?post=2310"}],"curies":[{"name":"wp","href":"https:\/\/api.w.org\/{rel}","templated":true}]}}