{"id":1568,"date":"2015-07-18T09:33:33","date_gmt":"2015-07-18T09:33:33","guid":{"rendered":"https:\/\/www.dublineventguide.com\/blog\/?p=1568"},"modified":"2015-07-18T09:33:33","modified_gmt":"2015-07-18T09:33:33","slug":"dublin-event-guide-422-rose-festival-bray-air-display-hotter-than-july-teddy-bears-picnic","status":"publish","type":"post","link":"https:\/\/www.dublineventguide.com\/blog\/index.php\/allgemein\/dublin-event-guide-422-rose-festival-bray-air-display-hotter-than-july-teddy-bears-picnic\/","title":{"rendered":"Dublin Event Guide 422: Rose Festival, Bray Air Display, Hotter Than July, Teddy Bears Picnic"},"content":{"rendered":"<table style=\"background-color: #f4f4f4; font-family: Arial;\" width=\"817\" cellspacing=\"0\" cellpadding=\"0\">\n<tbody>\n<tr>\n<td>\n<table style=\"background-color: #d7006b;\" width=\"100%\" cellspacing=\"0\" cellpadding=\"0\">\n<tbody>\n<tr>\n<td width=\"30\"><a name=\"dff_top\"><\/a><\/td>\n<td width=\"105\"><\/td>\n<td width=\"480\"><\/td>\n<td width=\"175\"><\/td>\n<td width=\"30\"><\/td>\n<\/tr>\n<tr>\n<td><\/td>\n<td><img loading=\"lazy\" decoding=\"async\" src=\"http:\/\/dublineventguide.com\/dff\/admin\/images\/logo_email.png\" alt=\"DEG\" width=\"89\" height=\"88\" \/><\/td>\n<td><img loading=\"lazy\" decoding=\"async\" src=\"http:\/\/dublineventguide.com\/dff\/admin\/images\/dublinguide_eventbrite.png\" alt=\"Dublin Event Guide (for free events)\" width=\"445\" height=\"60\" \/><\/p>\n<p style=\"font-family: arial; font-size: 14px; color: #74073d; padding: 5px; margin: 0;\">No. <strong>422<\/strong> | 17 July 2015<\/p>\n<\/td>\n<td>\n<div style=\"background-color: #8d034a; border-radius: 5px; width: 160px; height: 75px; margin-left: 8px;\">\n<p style=\"font-family: arial; font-size: 15px; color: #fff; margin: 0; padding: 10px 0; text-align: center;\">Subscribers: 23,770<br \/>\n<a href=\"http:\/\/www.facebook.com\/DublinEventGuide\"><img loading=\"lazy\" decoding=\"async\" style=\"padding-top: 10px;\" src=\"http:\/\/dublineventguide.com\/dff\/admin\/images\/like.png\" alt=\"\" width=\"58\" height=\"22\" \/><\/a><\/p>\n<\/div>\n<\/td>\n<td><\/td>\n<\/tr>\n<tr>\n<td colspan=\"5\"><\/td>\n<\/tr>\n<tr style=\"line-height: 1px; font-size: 1px; overflow: hidden; height: 4px;\">\n<td style=\"font-size: 1px; line-height: 1px; height: 4px; overflow: hidden;\" colspan=\"5\"><img loading=\"lazy\" decoding=\"async\" src=\"http:\/\/dublineventguide.com\/dff\/admin\/images\/divider.png\" alt=\"\" width=\"817\" height=\"4\" \/><\/td>\n<\/tr>\n<\/tbody>\n<\/table>\n<table style=\"background-color: #8d034a;\" width=\"100%\" cellspacing=\"0\" cellpadding=\"0\">\n<tbody>\n<tr>\n<td>\n<p style=\"color: #fff; font-family: arial; font-size: 13px; text-align: center; padding: 0; line-height: 24px;\"><a style=\"color: #fff; text-decoration: none;\" href=\"#news\">Dublin News<\/a> &#8211; <a style=\"color: #fff; text-decoration: none;\" href=\"#competitions\">Competitions<\/a> &#8211; <a style=\"color: #fff; text-decoration: none;\" href=\"#support\">Support the Guide<\/a> &#8211; <a style=\"color: #fff; text-decoration: none;\" href=\"#picks\">Joerg&#8217;s Picks<\/a> &#8211; <a style=\"color: #fff; text-decoration: none;\" href=\"#feel\">Feel Good<\/a> &#8211; <a style=\"color: #fff; text-decoration: none;\" href=\"#odd\">This is Odd<\/a><br \/>\n<a style=\"color: #fff; text-decoration: none;\" href=\"#day_1437174000\">Sat<\/a> &#8211; <a style=\"color: #fff; text-decoration: none;\" href=\"#day_1437260400\">Sun<\/a> &#8211; <a style=\"color: #fff; text-decoration: none;\" href=\"#day_1437346800\">Mon<\/a> &#8211; <a style=\"color: #fff; text-decoration: none;\" href=\"#day_1437433200\">Tue<\/a> &#8211; <a style=\"color: #fff; text-decoration: none;\" href=\"#day_1437519600\">Wed<\/a> &#8211; <a style=\"color: #fff; text-decoration: none;\" href=\"#day_1437606000\">Thu<\/a> &#8211; <a style=\"color: #fff; text-decoration: none;\" href=\"#day_1437692400\">Fri<\/a> &#8211; <a style=\"color: #fff; text-decoration: none;\" href=\"#coming\">Events Coming Up<\/a> &#8211; <a style=\"color: #fff; text-decoration: none;\" href=\"#exhibitions\">Exhibitions<\/a><\/p>\n<\/td>\n<\/tr>\n<\/tbody>\n<\/table>\n<table width=\"100%\" cellspacing=\"0\" cellpadding=\"0\">\n<tbody>\n<tr>\n<td style=\"padding: 15px 30px;\">\n<div style=\"font-size: 13px; color: #534438; line-height: 20px;\">\n<p style=\"margin: 10px 0;\">Hi all!<\/p>\n<p style=\"margin: 10px 0;\">After a great City Spectacular last weekend, we have another super-busy weekend ahead of us with lots of big events in Raheny, Bray, Swords, Finglas, Meeting House Square, the Liberties, Blackrock. All free!<\/p>\n<p>[ad]<\/p>\n<p style=\"margin: 10px 0;\">Hopefully you will get a chance to get out and enjoy some of these all-ages events. Looking at my event list for the year, this could be the busiest weekend of the year!<\/p>\n<p style=\"margin: 10px 0;\">The year is racing away from us and we are well in the second half of July already, which means that next weekend we are just 5 months away from Christmas! Wow, that is unreal! :-O<\/p>\n<p>Every week I remind you to spread the word about the Dublin Event Guide (for Free Events) and I also ask you to consider donating some money to keep the Dublin Event Guide on the road. Last week the donation side wasn&#8217;t successful and nobody donated, which means that we are still EUR 100 away from the monthly requirement of EUR 190 to pay for hosting, domain names and for the sending of the Dublin Event Guide every week. I hate begging, but if you can, please help with a <a style=\"color: #cc2979; text-decoration: none;\" href=\"http:\/\/www.perfectresults.info\/donate.htm\" target=\"_blank\">donation<\/a>. EUR 12 would be great (that&#8217;s just EUR 1 per month), but more or less than that is also helpful. Every cent counts! Thanks!!<\/p>\n<p>This is my normal weekly appeal and I will just repeat it once again: These are two areas the Dublin Event Guide needs your continued help with: Your <a style=\"color: #cc2979; text-decoration: none;\" href=\"http:\/\/www.perfectresults.info\/donate.htm\" target=\"_blank\">donations<\/a> help paying the bills for sending the Dublin Event Guide every week, so please help if you can. Just 1 Euro per month (12 Euro per year) would be great. Not very many subscribers are prepared to or able to help, so please don&#8217;t rely on others!<\/p>\n<p style=\"margin: 10px 0;\">And without you spreading the word we would have never reached 23,000 subscribers and 59,000 Facebook Likes. But it is just the start!! The goal is 50,000 subscribers and 100,000 Facebook Likes! Big goals, I know, but I believe we can achieve it! Imagine if everyone just got ONE additional person to subscribe to the Dublin Event Guide (for Free Events). That would be an immediate increase by a few thousand subscribers. Would be super!!!! Can you help?<\/p>\n<p>For donations go to http:\/\/www.perfectresults.info\/donate.htm and the link to subscribe is here: <a style=\"color: #cc2979; text-decoration: none;\" href=\"http:\/\/www.dublineventguide.com\" target=\"_blank\">http:\/\/www.dublineventguide.com<\/a>.<\/p>\n<p style=\"margin: 10px 0;\">&#8212;-<\/p>\n<p>Here is the explanation regarding donations: To send the Dublin Event Guide and for domain names and for web hosting, I have a monthly bill of EUR 190 to cover. This is not for me, but all that money goes directly to external service providers. I am working approx. 35 hours on the Dublin Event Guide every week and don&#8217;t make any cent, that&#8217;s why I ask you to help with the cost if you can. If you can spare EUR 1 per month (that&#8217;s just 25 cent per edition!!) please donate EUR 12 for the year (or more if you can &#8230;or even less if you can&#8217;t). You can make your donation at <a style=\"color: #cc2979; text-decoration: none;\" href=\"http:\/\/www.perfectresults.info\/donate.htm\">http:\/\/www.perfectresults.info\/donate.htm<\/a> using Paypal or CreditCard or send me a mail <a style=\"color: #cc2979; text-decoration: none;\" href=\"mailto:dublineventguide@gmail.com\">dublineventguide@gmail.com<\/a> and I can suggest other ways. I am also looking for some corporate sponsors as well, if you know someone, send them my way. :-)<\/p>\n<p>And please help spreading the word about the Dublin Event Guide (for Free Events). Your friends can easily subscribe at <a style=\"color: #cc2979; text-decoration: none;\" href=\"http:\/\/www.dublineventguide.com\" target=\"_blank\">http:\/\/www.dublineventguide.com<\/a> and they will get a weekly e-mail magazine with all the free events in Dublin if they subscribe. They don&#8217;t have to pay a cent (but donations are very welcome!) for that and their e-mail address is completely safe with me! More than 23,000 people receive the Dublin Event Guide every week and we are more than 58,000 people at the Dublin Event Guide Facebook Page at <a style=\"color: #cc2979; text-decoration: none;\" href=\"http:\/\/www.facebook.com\/DublinEventGuide\" target=\"_blank\">www.facebook.com\/DublinEventGuide<\/a> Check it out and click on LIKE when you are there.<\/p>\n<p style=\"margin: 10px 0;\">And this is a great opportunity to help the Dublin Event Guide for absolutely no cost to you:<\/p>\n<p>Without putting your hand in your pocket (for the Dublin Event Guide) at all you can help by ALWAYS using the ad links in the Dublin News Section and the ads in the Dublin Event Guides when you buy\/order goods. If you buy goods immediately (in the same session) after clicking on a link\/ad that you find in this e-zine\/newsletter (<a style=\"color: #cc2979; text-decoration: none;\" href=\"http:\/\/www.awin1.com\/cread.php?s=344250&amp;v=4345&amp;q=162396&amp;r=140544\" target=\"_blank\">Groupon<\/a>, <a style=\"color: #cc2979; text-decoration: none;\" href=\"http:\/\/www.awin1.com\/awclick.php?mid=4319&amp;id=140544\" target=\"_blank\">LivingSocial<\/a>, <a style=\"color: #cc2979; text-decoration: none;\" href=\"http:\/\/www.amazon.co.uk\/?_encoding=UTF8&amp;camp=1634&amp;creative=6738&amp;linkCode=ur2&amp;tag=dubeveguiforf-21\" target=\"_blank\">Amazon<\/a>, <a style=\"color: #cc2979; text-decoration: none;\" href=\"http:\/\/www.bookdepository.com?a_aid=dubevg\" target=\"_blank\">Book Depository<\/a>, <a style=\"color: #cc2979; text-decoration: none;\" href=\"http:\/\/www.awin1.com\/cread.php?s=308748&amp;v=4363&amp;q=145658&amp;r=140544\" target=\"_blank\">LastMinute<\/a> etc), you help the Dublin Event Guide everytime. This is how it works: The company you buy from (Groupon, Amazon, LivingSocial, Book Depository etc) registers that you came to them via a link from the Dublin Event Guide and they show their appreciation by giving a small commission (5-8%) to the Dublin Event Guide. This might only be 30 cent a go, but if you did that for all online purchases and if lots of people used it, then it could make a big dent into the EUR 190 needed. Use these links as often as possible it doesn&#8217;t cost you a cent and you help big time!<\/p>\n<p style=\"margin: 10px 0;\">Have an event-full weekend and week,<\/p>\n<p style=\"margin: 10px 0;\">&#8211;Joerg<\/p>\n<p style=\"margin: 10px 0;\">Find the Dublin Event Guide (for Free Events) online presence here:<\/p>\n<p>Website: <a style=\"color: #cc2979; text-decoration: none;\" href=\"http:\/\/www.DublinEventGuide.com\" target=\"_blank\">http:\/\/www.DublinEventGuide.com<\/a><br \/>\nFacebook: <a style=\"color: #cc2979; text-decoration: none;\" href=\"http:\/\/www.facebook.com\/DublinEventGuide\" target=\"_blank\">http:\/\/www.facebook.com\/DublinEventGuide<\/a><br \/>\nMobile App: <a style=\"color: #cc2979; text-decoration: none;\" href=\"http:\/\/m.dublineventguide.com\" target=\"_blank\">http:\/\/m.dublineventguide.com<\/a><br \/>\nTwitter: <a style=\"color: #cc2979; text-decoration: none;\" href=\"http:\/\/www.twitter.com\/DublinEventG\" target=\"_blank\">http:\/\/www.twitter.com\/DublinEventG<\/a><\/p>\n<\/div>\n<p><a href=\"http:\/\/www.facebook.com\/DublinEventGuide\"><img loading=\"lazy\" decoding=\"async\" style=\"padding-top: 10px;\" src=\"http:\/\/dublineventguide.com\/dff\/admin\/images\/like.png\" alt=\"\" width=\"58\" height=\"22\" \/><\/a><\/p>\n<div style=\"font-size: 13px; color: #534438; line-height: 20px;\">\n<p>We are more than 59,000 people on the Dublin Event Guide &#8211; Facebook Page at <a style=\"color: #cc2979; text-decoration: none;\" href=\"http:\/\/www.facebook.com\/DublinEventGuide\" target=\"_blank\">http:\/\/www.facebook.com\/DublinEventGuide<\/a> and are growing every week. Join in and click LIKE on the Facebook page and tell your friends! You will get last minute updates and event reminders through the Facebook Page and you can share your free events directly there with the other people in the Dublin Event Guide Community.<\/p>\n<\/div>\n<p style=\"font-size: 13px; color: #534438; line-height: 20px; margin: 10px 0;\">&#8211;Advertisement&#8212;&#8212;&#8212;&#8212;&#8212;&#8212;&#8212;&#8212;&#8212;&#8212;&#8212;&#8212;<\/p>\n<p style=\"font-size: 13px; color: #534438; line-height: 20px; margin: 10px 0;\"><a href=\"http:\/\/ad.doubleclick.net\/jump\/N8755.1915945DUBLINEVENTGUIDE.CO\/B7608377.111885103;sz=728x90;ord=[timestamp]?\"><img decoding=\"async\" src=\"http:\/\/ad.doubleclick.net\/ad\/N8755.1915945DUBLINEVENTGUIDE.CO\/B7608377.111885103;sz=728x90;ord=[timestamp]?\" alt=\"\" \/><\/a><\/p>\n<\/td>\n<\/tr>\n<\/tbody>\n<\/table>\n<table id=\"feel\" width=\"100%\" cellspacing=\"0\" cellpadding=\"0\">\n<tbody>\n<tr>\n<td><a name=\"feel\"><\/a><a style=\"text-decoration: none;\" href=\"#dff_top\"><img decoding=\"async\" src=\"http:\/\/dublineventguide.com\/dff\/admin\/images\/dividers\/feelgood.png\" alt=\"Feel good slot\" border=\"0\" \/><\/a><\/td>\n<\/tr>\n<\/tbody>\n<\/table>\n<table width=\"100%\" cellspacing=\"0\" cellpadding=\"0\">\n<tbody>\n<tr>\n<td style=\"padding: 0 30px 15px;\">\n<div style=\"font-size: 13px; color: #534438; line-height: 20px;\">\n<p style=\"margin: 10px 0;\">The &#8220;Feel Good Slot&#8221; at this place in the Dublin Event Guide is to share some inspirational, motivational or thought provoking quotes, stories or video clips. You wonder why I added this section to this e-mail magazine? If your week was great, you might not need it, but most of us had some challenging moments in the last week and there could be more in the coming week and this section is for the people that want to overcome the hurdles, achieve more and remember that despite all, life is great!<\/p>\n<p style=\"margin: 10px 0;\">Today&#8217;s feel good slot is a video clip of Bruiser the Bear! It is a proper Brown Bear who has fun jumping into a swimming pool to cool down. Unfortunately the weather in Dublin is does not require us to follow Bruiser, but it just made me smile seeing how much fun this bear has:<\/p>\n<p><a style=\"color: #cc2979; text-decoration: none;\" href=\"https:\/\/www.youtube.com\/watch?v=I-yqvT8vKZc\">https:\/\/www.youtube.com\/watch?v=I-yqvT8vKZc<\/a><strong><br \/>\n<\/strong><\/p>\n<\/div>\n<p style=\"font-size: 13px; color: #534438; line-height: 20px; margin: 10px 0;\">&#8211;Advertisement&#8212;&#8212;&#8212;&#8212;&#8212;&#8212;&#8212;&#8212;&#8212;&#8212;&#8212;&#8212;<\/p>\n<p style=\"font-size: 13px; color: #534438; line-height: 20px; margin: 10px 0;\"><a href=\"http:\/\/www.bookdepository.com?a_aid=dubevg&amp;a_bid=fdd322a7\" target=\"_blank\"><img loading=\"lazy\" decoding=\"async\" title=\"Free Delivery on all Books at the Book Depository\" src=\"http:\/\/banners1.bookdepository.com\/accounts\/default1\/banners\/P_Generic_300x250.jpg\" alt=\"Free Delivery on all Books at the Book Depository\" width=\"300\" height=\"250\" \/><\/a><img loading=\"lazy\" decoding=\"async\" style=\"border: 0;\" src=\"https:\/\/affiliates.bookdepository.com\/scripts\/imp.php?a_aid=dubevg&amp;a_bid=fdd322a7\" alt=\"\" width=\"1\" height=\"1\" \/><\/p>\n<p>BOOK DEPOSITORY &#8211; BETTER THAN ANYBODY ELSE<\/p>\n<p>Books for lowest prices, sent to you with free worldwide delivery. And with every book you buy, you directly help the Dublin Event Guide (for Free Events) &#8230; IF you click on the link below! <a style=\"color: #cc2979; text-decoration: none;\" href=\"http:\/\/www.bookdepository.com?a_aid=dubevg\">www.bookdepository.com<\/a><\/p>\n<\/td>\n<\/tr>\n<\/tbody>\n<\/table>\n<table id=\"support\" width=\"100%\" cellspacing=\"0\" cellpadding=\"0\">\n<tbody>\n<tr>\n<td><a name=\"support\"><\/a><a style=\"text-decoration: none;\" href=\"#dff_top\"><img decoding=\"async\" src=\"http:\/\/dublineventguide.com\/dff\/admin\/images\/dividers\/support.png\" alt=\"Support\" border=\"0\" \/><\/a><\/td>\n<\/tr>\n<\/tbody>\n<\/table>\n<table width=\"100%\" cellspacing=\"0\" cellpadding=\"0\">\n<tbody>\n<tr>\n<td style=\"padding: 0 30px 15px;\">\n<div style=\"font-size: 13px; color: #534438; line-height: 20px;\">\n<p style=\"margin: 10px 0;\">This part is important to &#8220;keep the show on the road&#8221;:<\/p>\n<p>To cover the cost for the Dublin Event Guide I need your help and every week generous and nice Dublin Event Guide readers <a style=\"color: #cc2979; text-decoration: none;\" href=\"http:\/\/www.perfectresults.info\/donation.htm\" target=\"_blank\">help with a donation<\/a>.<\/p>\n<p style=\"margin: 10px 0;\">Last week nobody did support the Dublin Event Guide with a donation. :-( Please keep in mind that without donations there won&#8217;t be a Dublin Event Guide (for Free Events): Your donation will ensure that the Dublin Event Guide will continue arriving in your Inbox every week and every donation will benefit EVERY Dublin Event Guide reader!<\/p>\n<p>The cost for sending the weekly newsletter is approx. EUR 190 per month and a donation from you of just EUR 12 per year will ensure that I will be able to pay the bills.<br \/>\nHas the Dublin Event Guide helped you to find events that you otherwise wouldn&#8217;t have known about, or have you saved money by finding great free events? Then go to <a style=\"color: #cc2979; text-decoration: none;\" href=\"http:\/\/www.perfectresults.info\/donate.htm\" target=\"_blank\">here<\/a> and give something back!<\/p>\n<p style=\"margin: 10px 0;\">I appreciate ANY help: EUR 12 would be great (that&#8217;s just 25 cent per week!), but even if it is just the price of 2 pints it will help.<\/p>\n<p>You can donate online by following this link to the PayPal&amp;CreditCard <a style=\"color: #cc2979; text-decoration: none;\" href=\"http:\/\/www.perfectresults.info\/donation.htm\" target=\"_blank\">donation page<\/a>. If you want to transfer your donation directly to my account, just send a mail to dublineventguide@gmail.com and I will send you the details.<\/p>\n<p>In the last 12 months the following wonderful people have sponsored this Dublin Event Guide:<br \/>\nNicola S, Cathal L, Regina O&#8217;C, Justin M, Jaime M, Jef B,Susan F, Aine G, Deirdre G, John F, Mark G, Deborah B, Jane O&#8217;H, Fiona W, Pauline R, Stephen G, Morgan R, Genadil N, Esme E, Tim O&#8217;N, Natalie B, Eamonn U, Natalija B, Gerard P, Anabel PM, Fiona F, Eric C, Timothy McA, Gabriel K, Aoife M, Tara R, Aislinn T, Jennifer G, Claire D, Patricia O&#8217;D, Barry M, Sharon C, Sillybilly.ie, Emma G, Gerry T, Rebecca T, Comet Records, John F, Brian L, Joan S, Michael C, Aine Ni L, Fiona O&#8217;R, Noelle H, Paul M, Sarah S, Meav Ni M, Sin\u00e9ad J, GiveAffirmations.com, Sandra McD, Jutta B-S, Melanie B, Gwen M, Brian H.P., Anita W, Bairbre E, Carija I, Katarzyna C, Elaine K, Adriano G, Majella M, Eoin P, Catherine P, Arthur D, Elizabeth F, Mary C, Philippa F, Artem K, A C, Ann M, Brian R, Jake M, Mark G, Mark R, Shanel W, Luna B, Fiona D, Sean S, Zelie McG, Shona F, Serena F, Ann M, Nikki D, Christian K, Catherine E, Bridget W, Tania Z, Barbara Q-B, Tony B, Tom O&#8217;D, Sueanne O&#8217;H, Kay G, Laura S, Brian R, Sophie P-L, Eamonn H, Clarisa Sch, Clodagh O&#8217;C, Milena V, Lizzie B, Siobhan P, Susan B, Michelle M, Sharon K, Michele M, Bill G, Catherine O&#8217;S, Lisa O&#8217;B, Ivan S, Donald M, Martina D, Pascale M, Aishling B, Brendan M, Marta E, Rose P, Fiona D, Mark G, Majella M, Jennyfer P, Emeline J, Pauline R, Joe O&#8217;D, Clodagh C, Ellen B, Marsha L S, Geraldine C, Marta C L, Ana L, Tim O&#8217;N, Stephen McE, Aishling B, Ana R T, Clarissa de M A, Gordon S, Martin O&#8217;S, Keith O&#8217;B, Aaron D, Siobhan B, Vincent P, Carol McN, Nicola R, Marion K, Bernadette L, Stephen S, Joseph O&#8217;L, Roisin R, Maeve O&#8217;N, Jessica G, Monika K, Deirdre I, David S, Jurgen B, Claire D, Jenny H, John O&#8217;S, Caitriona L, Isidro G, David F, Filippo G, Amanda L, Jacinta O&#8217;B, Mark C, Phillipa C, Ryan M, Deirdre NiD, Elizabeth N, Helen L, Marcus H, Signe Kristina K, Gerard B, Niamh D, Miguel N, Mieke H, Michael McS, Renee S, Julia C, Belinda B, Michelle McC, Marta T, Rita B, Johan S and Arthur&#8217;s Pub (<a style=\"color: #cc2979; text-decoration: none;\" href=\"http:\/\/www.arthurspub.ie\" target=\"_blank\">http:\/\/www.arthurspub.ie<\/a> A classic Dublin old-style pub in 28 Thomas Street with a new and buzzing music venue that runs lots of events), the Birdcage Bakery &amp; Cafe (<a style=\"color: #cc2979; text-decoration: none;\" href=\"https:\/\/www.facebook.com\/BirdcageBakery\" target=\"_blank\">https:\/\/www.facebook.com\/BirdcageBakery<\/a> An independent cafe and bakery in 23 Harcourt Road, Dublin 2), Cycling Campaign (<a style=\"color: #cc2979; text-decoration: none;\" href=\"http:\/\/www.dublincycling.ie\" target=\"_blank\">http:\/\/www.dublincycling.ie<\/a>), <a style=\"color: #cc2979; text-decoration: none;\" href=\"http:\/\/www.FlamencoIndalo.com\" target=\"_blank\">http:\/\/www.FlamencoIndalo.com<\/a> (A group that supports and promotes the art of Flamenco in Ireland), <a style=\"color: #cc2979; text-decoration: none;\" href=\"http:\/\/www.oliviercornetgallery.com\" target=\"_blank\">http:\/\/www.oliviercornetgallery.com<\/a> (An Art Gallery in 5 Cavendish Row), <a style=\"color: #cc2979; text-decoration: none;\" href=\"http:\/\/www.thepaulkanegallery.com\" target=\"_blank\">http:\/\/www.thepaulkanegallery.com<\/a> (A great Art Gallery, on the search for a new venue), <a style=\"color: #cc2979; text-decoration: none;\" href=\"http:\/\/www.cfcp.ie\" target=\"_blank\">http:\/\/www.cfcp.ie<\/a> (The Centre for Creative Practices is the the only arts centre in Ireland dedicated to connecting, integrating and promoting immigrant, experimental and emerging artists among the local arts scene and audiences) and <a style=\"color: #cc2979; text-decoration: none;\" href=\"http:\/\/www.KravMagaIreland.com\" target=\"_blank\">http:\/\/www.KravMagaIreland.com<\/a>, the self-defence training centre for everyone, which provides regular 12-week or 2-day self-defence training courses for beginners.<\/p>\n<p><a href=\"https:\/\/www.eventbrite.ie\/how-it-works\/\"><img decoding=\"async\" src=\"http:\/\/www.dublineventguide.com\/gif\/Eventbrite_Logo_Small.png\" alt=\"Eventbrite\" align=\"left\" \/><\/a>The main sponsor is <a style=\"color: #cc2979; text-decoration: none;\" href=\"https:\/\/www.eventbrite.ie\/how-it-works\/\" target=\"_blank\">Eventbrite<\/a> and their support is hugely appreciated! <strong>Eventbrite<\/strong> enables people all over the world to plan, promote, and sell out any event, and has sold over 200 million tickets and registrations worldwide, totalling more than $3 billion in gross ticket sales. <strong>Eventbrite<\/strong> is free for free events. The online event registration service makes it easy for everyone to discover events, and to share the events they are attending with the people they know. In this way, <strong>Eventbrite<\/strong> brings communities together by encouraging people to connect through live experiences.<\/p>\n<p style=\"margin: 10px 0;\">All events listed in this Event Guide are free of any admission charges (or at least appear to be free) unless otherwise stated. I try to find confirmation in all cases and do my best to double-check the information. However errors can happen and therefore no promise for correctness can be given.<\/p>\n<\/div>\n<p style=\"font-size: 13px; color: #534438; line-height: 20px; margin: 10px 0;\">&#8211;Advertisement&#8212;&#8212;&#8212;&#8212;&#8212;&#8212;&#8212;&#8212;&#8212;&#8212;&#8212;&#8212;<\/p>\n<p style=\"font-size: 13px; color: #534438; line-height: 20px; margin: 10px 0;\"><!--Groupon Ireland --><a href=\"http:\/\/www.awin1.com\/cread.php?s=344250&amp;v=4345&amp;q=162396&amp;r=140544\"><img decoding=\"async\" src=\"http:\/\/www.awin1.com\/cshow.php?s=344250&amp;v=4345&amp;q=162396&amp;r=140544\" alt=\"\" border=\"0\" \/><\/a><\/p>\n<\/td>\n<\/tr>\n<\/tbody>\n<\/table>\n<table id=\"picks\" width=\"100%\" cellspacing=\"0\" cellpadding=\"0\">\n<tbody>\n<tr>\n<td><a name=\"picks\"><\/a><a style=\"text-decoration: none;\" href=\"#dff_top\"><img decoding=\"async\" src=\"http:\/\/dublineventguide.com\/dff\/admin\/images\/dividers\/joergspicks.png\" alt=\"Joergs Picks\" border=\"0\" \/><\/a><\/td>\n<\/tr>\n<\/tbody>\n<\/table>\n<table width=\"100%\" cellspacing=\"0\" cellpadding=\"0\">\n<tbody>\n<tr>\n<td style=\"padding: 0 30px 15px;\">\n<div style=\"font-size: 13px; color: #534438; line-height: 20px;\">\n<p><em>This section is intended to provide some help in picking and choosing from the huge number of events by sharing with you what I will\/might or would do. This is not a &#8220;best of&#8230;&#8221; list and if an event is not listed here, it by no means implies that the event is not interesting. Instead my &#8220;picks&#8221; are just based on my personal preferences. All events mentioned here are described in detail further down.<\/em><\/p>\n<p style=\"margin: 10px 0;\">This weekend is a busy one with the Rose Festival on both days and the Bray Air Display, Hotter than July (music event), Teddy Bears Picnic and the Great Dublin Swim all on Sunday.<\/p>\n<p style=\"margin: 10px 0;\">I will be at the Rose Festival and at Hotter Than July. I love air shows, but have never been for it on Bray and will probably miss it again this year. One year it will happen! :-)<\/p>\n<\/div>\n<p style=\"font-size: 13px; color: #534438; line-height: 20px; margin: 10px 0;\">&#8211;Advertisement&#8212;&#8212;&#8212;&#8212;&#8212;&#8212;&#8212;&#8212;&#8212;&#8212;&#8212;&#8212;<\/p>\n<p style=\"font-size: 13px; color: #534438; line-height: 20px; margin: 10px 0;\"><a href=\"https:\/\/www.amazon.co.uk\/b?node=560798&amp;tag=dubeveguiforf-21&amp;camp=3294&amp;creative=22050&amp;linkCode=ur1&amp;adid=1BJB8D9XAB6M7P72RJX8&amp;\" target=\"_blank\"><img loading=\"lazy\" decoding=\"async\" src=\"http:\/\/www.dublineventguide.com\/gif\/amazonelec.jpg\" alt=\"\" width=\"728\" height=\"90\" \/><\/a><br \/>\nBUY FROM AMAZON VIA THIS LINK TO HELP THE DUBLIN EVENT GUIDE<\/p>\n<p>Postage to Ireland is free for most orders if you buy for more than GBP 25! And with every order via this link, the Dublin Event Guide (for Free Events) gets a small commission:<\/p>\n<\/td>\n<\/tr>\n<\/tbody>\n<\/table>\n<table id=\"competitions\" width=\"100%\" cellspacing=\"0\" cellpadding=\"0\">\n<tbody>\n<tr>\n<td><a name=\"competitions\"><\/a><a style=\"text-decoration: none;\" href=\"#dff_top\"><img decoding=\"async\" src=\"http:\/\/dublineventguide.com\/dff\/admin\/images\/dividers\/competitions.png\" alt=\"Competitions\" border=\"0\" \/><\/a><\/td>\n<\/tr>\n<\/tbody>\n<\/table>\n<table width=\"100%\" cellspacing=\"0\" cellpadding=\"0\">\n<tbody>\n<tr>\n<td style=\"padding: 0 30px; margin-bottom: 15px;\">\n<h2 style=\"font-size: 16px; color: #534438; margin: 0 0 5px; font-weight: normal; margin-top: 15px;\">SpeedFriending &#8211; Ticket Competition<\/h2>\n<h3 style=\"font-size: 13px; margin: 0; padding: 0; line-height: 16px; color: #534438;\"><\/h3>\n<div style=\"font-size: 13px; color: #534438; line-height: 20px; margin: 0; padding-top: 0;\">\n<p>Fri 24 July &#8211; 19:00<br \/>\nThe Mercantile, 28 Dame Street, Dublin 2<\/p>\n<p>SpeedFriending is a new way to meet new people and to make long-lasting friendships and connections. It works like this: You get 4 minutes with each participant to see if you like them and if they are someone you would like to hang out with.<br \/>\nMake new friends, expand your social circle and have an entertaining evening at SpeedFriending.<\/p>\n<p style=\"margin: 10px 0;\">Admission is EUR 10 (includes finger food half way through the evening) and you can get your ticket at the door. Please RSVP on the website below.<\/p>\n<p style=\"margin: 10px 0;\">Dereck, the organiser of the meet-ups, has made 5 tickets available for Dublin Event Guide readers and if you would like to win a ticket, you just have to send a mail to dublineventguide@gmail.com with FRIENDS24 in the subject of the mail and with your full name and mobile phone number in the body of the mail. Your entry has to be with me by 15:00 on Tues 21 July.<\/p>\n<p><a style=\"color: #cc2979; text-decoration: none;\" href=\"http:\/\/www.meetup.com\/Speedfriending-Ireland\/events\/222957497\/\">http:\/\/www.meetup.com\/Speedfriending-Ireland\/events\/222957497\/<\/a><\/p>\n<\/div>\n<\/td>\n<\/tr>\n<tr>\n<td style=\"padding: 0 30px; margin-bottom: 15px;\">\n<h2 style=\"font-size: 16px; color: #534438; margin: 0 0 5px; font-weight: normal; margin-top: 15px;\">Promote your product or event through a competition!<\/h2>\n<h3 style=\"font-size: 13px; margin: 0; padding: 0; line-height: 16px; color: #534438;\"><\/h3>\n<div style=\"font-size: 13px; color: #534438; line-height: 20px; margin: 0; padding-top: 0;\">\n<p style=\"margin: 10px 0;\">If you want to reach more than 23,000 people with a product promotion or an event promotion for a non-free event, contact me on dublineventguide@gmail.com and we can discuss the options. You provide the prize for the competition and the Dublin Event Guide (for Free Events) runs the competition for you. It couldn&#8217;t be simpler.<\/p>\n<p style=\"margin: 10px 0;\">And if you want me to use\/test a product you are selling and then share my assessment here in the Dublin Event Guide, we can talk about that too. I like testing out gear. ;-) [Currently I am looking to buy a high spec Android mobile phone and an action camera and would happily &#8220;test drive&#8221; some candidates.]<\/p>\n<\/div>\n<\/td>\n<\/tr>\n<tr>\n<td style=\"padding: 0 30px 15px;\">\n<p style=\"font-size: 13px; color: #534438; line-height: 20px; margin: 10px 0;\">&#8211;Advertisement&#8212;&#8212;&#8212;&#8212;&#8212;&#8212;&#8212;&#8212;&#8212;&#8212;&#8212;&#8212;<\/p>\n<p style=\"font-size: 13px; color: #534438; line-height: 20px; margin: 10px 0;\"><a href=\"http:\/\/www.awin1.com\/cread.php?s=517099&amp;v=4319&amp;q=252127&amp;r=140544\"><img decoding=\"async\" src=\"http:\/\/www.awin1.com\/cshow.php?s=517099&amp;v=4319&amp;q=252127&amp;r=140544\" alt=\"\" border=\"0\" \/><\/a><\/p>\n<\/td>\n<\/tr>\n<\/tbody>\n<\/table>\n<table id=\"news\" style=\"margin-top: 10px;\" width=\"100%\" cellspacing=\"0\" cellpadding=\"0\">\n<tbody>\n<tr>\n<td><a name=\"news\"><\/a><a style=\"text-decoration: none;\" href=\"#dff_top\"><img decoding=\"async\" src=\"http:\/\/dublineventguide.com\/dff\/admin\/images\/dividers\/news.png\" alt=\"Dublin news\" border=\"0\" \/><\/a><\/td>\n<\/tr>\n<\/tbody>\n<\/table>\n<table width=\"100%\" cellspacing=\"0\" cellpadding=\"0\">\n<tbody>\n<tr>\n<td style=\"padding: 0 30px; margin-bottom: 15px;\">\n<h2 style=\"font-size: 16px; color: #534438; margin: 0 0 5px; font-weight: normal; margin-top: 15px;\">Help the Dublin Event Guide! It won&#8217;t cost you a cent!<\/h2>\n<div style=\"font-size: 13px; color: #534438; line-height: 20px; margin: 0; padding-top: 0;\">\n<p style=\"margin: 10px 0;\">Do you enjoy free events? Does it help you to find out about all these free events simply in one e-mail magazine or on one website? Does the Dublin Event Guide (for Free Events) deliver all this for you and maybe even more? In that case, you probably also would want it to continue forever, right?<\/p>\n<p style=\"margin: 10px 0;\">To achieve that some money is needed. Donations are a great help, but not everyone feels they can donate at the moment. So here is the solution: If you could help with a donation without having to pay a cent from your own money wouldn&#8217;t that be cool? You can!!<\/p>\n<p style=\"margin: 10px 0;\">When you buy books online, buy them from Book Depository or from Amazon and use these links to go to the website:<\/p>\n<p><a style=\"color: #cc2979; text-decoration: none;\" href=\"http:\/\/www.bookdepository.com?a_aid=dubevg\" target=\"_blank\">Book Depository<\/a><br \/>\n<a style=\"color: #cc2979; text-decoration: none;\" href=\"http:\/\/www.amazon.co.uk\/?tag=dubevg-21\" target=\"_blank\">Amazon<\/a><\/p>\n<p style=\"margin: 10px 0;\">And when you buy from Living Social or Groupon use these links:<\/p>\n<p><a style=\"color: #cc2979; text-decoration: none;\" href=\"http:\/\/www.awin1.com\/cread.php?s=344250&amp;v=4345&amp;q=162396&amp;r=140544\" target=\"_blank\">Groupon <\/a><br \/>\n<a style=\"color: #cc2979; text-decoration: none;\" href=\"http:\/\/www.awin1.com\/awclick.php?mid=4319&amp;id=140544\" target=\"_blank\">LivingSocial <\/a><\/p>\n<p style=\"margin: 10px 0;\">When you buy holidays (from Lastminute.com, Expedia or Hotels.com) or other products buy them via clicking on the links below:<\/p>\n<p><a style=\"color: #cc2979; text-decoration: none;\" href=\"http:\/\/www.awin1.com\/awclick.php?mid=5963&amp;id=140544\" target=\"_blank\">HMV<\/a> | | <a style=\"color: #cc2979; text-decoration: none;\" href=\"http:\/\/clk.tradedoubler.com\/click?p=72121&amp;a=1719778&amp;g=19980094\">Vodafone<\/a> | <a style=\"color: #cc2979; text-decoration: none;\" href=\"http:\/\/clk.tradedoubler.com\/click?p=80221&amp;a=1719778&amp;g=18250508\">Pixmania<\/a><a href=\"http:\/\/clk.tradedoubler.com\/click?p=74700&amp;a=1719778&amp;g=18027174\"><br \/>\nExpedia<\/a> | <a style=\"color: #cc2979; text-decoration: none;\" href=\"http:\/\/www.awin1.com\/cread.php?s=308748&amp;v=4363&amp;q=145658&amp;r=140544\">Lastminute.com<\/a> | <a style=\"color: #cc2979; text-decoration: none;\" href=\"http:\/\/clk.tradedoubler.com\/click?p=24526&amp;a=1719778&amp;g=17946642\">Hotels.com<\/a><\/p>\n<p style=\"margin: 10px 0;\">When you click on the link and then buy, your books\/products\/holidays etc cost exactly the same as if you went to the website directly. But if you go via the links above, the Dublin Event Guide (for Free Events) will get 5-8% of what you spend as a commission. That&#8217;s not a lot, but if you and lots of other people used that link every time, it would amount to a fair amount of crucially important money. Use the links often, actually EVERY time you buy from the relevant site, not just once!<\/p>\n<p>Giving money for free! That&#8217;s how easy it is. ;-)<strong> THANK YOU!!!<\/strong><\/p>\n<p>And if you want to donate money directly, then you can do that here: <a style=\"color: #cc2979; text-decoration: none;\" href=\"http:\/\/www.perfectresults.info\/donation.htm\">http:\/\/www.perfectresults.info\/donation.htm<\/a><\/p>\n<h2 style=\"font-size: 16px; color: #534438; margin: 0 0 5px; font-weight: normal; margin-top: 15px;\">Dublin Event Guide Smartphone App &#8220;Dublin For Free&#8221;<\/h2>\n<p>Find all details on where to get and how to install the app at <a style=\"color: #cc2979; text-decoration: none;\" href=\"http:\/\/www.dublineventguide.com\/mobile.html\" target=\"_blank\">http:\/\/www.dublineventguide.com\/mobile.html<\/a><\/p>\n<p style=\"margin: 10px 0;\">*****************************************************************************<\/p>\n<\/div>\n<\/td>\n<\/tr>\n<tr>\n<td style=\"padding: 0 30px; margin-bottom: 15px;\">\n<h2 style=\"font-size: 16px; color: #534438; margin: 0 0 5px; font-weight: normal; margin-top: 15px;\">Time-Lapse Dublin Video<\/h2>\n<div style=\"font-size: 13px; color: #534438; line-height: 20px; margin: 0; padding-top: 0;\">\n<p>Philip Mulhall made a video of Dublin by assembling more than 10,000 photos and connecting them together in a 5 min time-lapse video. If you like Dublin City, it will disappoint you a little, but if you like clouds and water and the outskirts of Dublin, this video is for you. <a style=\"color: #cc2979; text-decoration: none;\" href=\"https:\/\/www.youtube.com\/watch?v=3IlAD7QO9hw\">https:\/\/www.youtube.com\/watch?v=3IlAD7QO9hw<\/a><\/p>\n<\/div>\n<\/td>\n<\/tr>\n<tr>\n<td style=\"padding: 0 30px; margin-bottom: 15px;\">\n<h2 style=\"font-size: 16px; color: #534438; margin: 0 0 5px; font-weight: normal; margin-top: 15px;\">Free Transport for children<\/h2>\n<div style=\"font-size: 13px; color: #534438; line-height: 20px; margin: 0; padding-top: 0;\">\n<p style=\"margin: 10px 0;\">Last weekend for free transport:<\/p>\n<p style=\"margin: 10px 0;\">Transport Minister Paschal Donohoe has announced that from Monday 06 July &#8211; Sun 19 July all Child Leap Card holders aged between 4-18 years) can travel free.<\/p>\n<p>This applies to services provided by Dublin Bus, Luas, Dart, Commuter Rail and Bus Eireann in Dublin. The following posting contains all the details of where the free travel is valid: <a style=\"color: #cc2979; text-decoration: none;\" href=\"http:\/\/www.transportforireland.ie\/free-travel-child-leap-cards-july-6-19\/\">http:\/\/www.transportforireland.ie\/free-travel-child-leap-cards-july-6-19\/<\/a><\/p>\n<\/div>\n<\/td>\n<\/tr>\n<tr>\n<td style=\"padding: 0 30px; margin-bottom: 15px;\">\n<h2 style=\"font-size: 16px; color: #534438; margin: 0 0 5px; font-weight: normal; margin-top: 15px;\">Dublin City Summer Arts Programme for children<\/h2>\n<div style=\"font-size: 13px; color: #534438; line-height: 20px; margin: 0; padding-top: 0;\">\n<p>The Dublin City Council Arts Office and The Dublin City Libraries have put together a Summer Arts Programme for children. The Children&#8217;s Art in Libraries (CAL) Programmes are all free and take place in July and August. The full brochure can be downloaded <a style=\"color: #cc2979; text-decoration: none;\" href=\"http:\/\/dublincity.ie\/sites\/default\/files\/content\/RecreationandCulture\/Documents\/Summerprogramme.pdf\" target=\"_blank\">here<\/a>.<\/p>\n<\/div>\n<\/td>\n<\/tr>\n<tr>\n<td style=\"padding: 0 30px; margin-bottom: 15px;\">\n<h2 style=\"font-size: 16px; color: #534438; margin: 0 0 5px; font-weight: normal; margin-top: 15px;\"><\/h2>\n<div style=\"font-size: 13px; color: #534438; line-height: 20px; margin: 0; padding-top: 0;\">\n<p><a href=\"http:\/\/www.awin1.com\/cread.php?s=517089&amp;v=4319&amp;q=252125&amp;r=140544\"><img decoding=\"async\" src=\"http:\/\/www.awin1.com\/cshow.php?s=517089&amp;v=4319&amp;q=252125&amp;r=140544\" alt=\"\" border=\"0\" \/><\/a><\/p>\n<p><a href=\"http:\/\/www.awin1.com\/cread.php?s=517093&amp;v=4319&amp;q=252125&amp;r=140544\"><img decoding=\"async\" src=\"http:\/\/www.awin1.com\/cshow.php?s=517093&amp;v=4319&amp;q=252125&amp;r=140544\" alt=\"\" border=\"0\" \/><\/a><\/p>\n<p><a href=\"http:\/\/www.awin1.com\/cread.php?s=517095&amp;v=4319&amp;q=252125&amp;r=140544\"><img decoding=\"async\" src=\"http:\/\/www.awin1.com\/cshow.php?s=517095&amp;v=4319&amp;q=252125&amp;r=140544\" alt=\"\" border=\"0\" \/><\/a><\/p>\n<p style=\"margin: 10px 0;\">\n<\/div>\n<\/td>\n<\/tr>\n<tr>\n<td style=\"padding: 0 30px; margin-bottom: 15px;\">\n<h2 style=\"font-size: 16px; color: #534438; margin: 0 0 5px; font-weight: normal; margin-top: 15px;\">Summer of Heritage &#8211; Dun Laoghaire-Rathdown<\/h2>\n<div style=\"font-size: 13px; color: #534438; line-height: 20px; margin: 0; padding-top: 0;\">\n<p style=\"margin: 10px 0;\">Dun Laoghaire-Rathdown is running their Summer of Heritage programme again and this year it will be from 29 June &#8211; 06 September.<\/p>\n<p style=\"margin: 10px 0;\">The programme is full of guided tours and other events and everything is free. 25 different venues\/locations take part and tours take place throughout the week (Not every day in evenry location, but if you are flexible, you will be able to find a tour somewhere from Monday-Sunday).<\/p>\n<p style=\"margin: 10px 0;\">Some of the locations are: Deansgrange Cemetery, Historic Milltown, Historic Blackrock, James Joyve Tower, Seapoint Martello Tower, Cabinteely House, The Metals, Historic Dun Laoghaire, Historic Dundrum, Foxrock Beckett Country Walk, Dublin Mountains Walk, Monkstown Castle and more.<\/p>\n<p>You can download the full brochure with all the details <a style=\"color: #cc2979; text-decoration: none;\" href=\"http:\/\/www.dlrevents.ie\/_events%202015\/Summer%20of%20Heritage\/pdf\/Summer%20of%20Heritage%202015%20Brochure.pdf\" target=\"_blank\">here<\/a>.<\/p>\n<p style=\"margin: 10px 0;\">It is a really great programme that will give you the opportuniuty to learn more about some of the sights and venues that we often see from the outside, but never got in. I definitely plan to do the Martello Tower Tour before September!<\/p>\n<\/div>\n<\/td>\n<\/tr>\n<\/tbody>\n<\/table>\n<table width=\"100%\" cellspacing=\"0\" cellpadding=\"0\">\n<tbody>\n<tr>\n<td style=\"padding: 0 30px 15px;\">\n<p style=\"font-size: 13px; color: #534438; line-height: 20px; margin: 10px 0;\"><a href=\"https:\/\/www.amazon.co.uk\/b?node=266239&amp;tag=dubeveguiforf-21&amp;camp=3290&amp;creative=21954&amp;linkCode=ur1&amp;adid=07CA4B2Q4TCZZXWXN1W4&amp;\" target=\"_blank\"><img loading=\"lazy\" decoding=\"async\" src=\"http:\/\/www.dublineventguide.com\/gif\/amazonbooks.jpg\" alt=\"\" width=\"728\" height=\"90\" \/><\/a><\/p>\n<\/td>\n<\/tr>\n<\/tbody>\n<\/table>\n<table width=\"100%\" cellspacing=\"0\" cellpadding=\"0\">\n<tbody>\n<tr>\n<td><a style=\"text-decoration: none;\" href=\"#dff_top\"><img decoding=\"async\" src=\"http:\/\/dublineventguide.com\/dff\/admin\/images\/dividers\/opportunities.png\" alt=\"Opportunities\" border=\"0\" \/><\/a><\/td>\n<\/tr>\n<\/tbody>\n<\/table>\n<table width=\"100%\" cellspacing=\"0\" cellpadding=\"0\">\n<tbody>\n<tr>\n<td style=\"padding: 0 30px 15px;\">\n<div style=\"font-size: 13px; color: #534438; line-height: 20px;\">\n<p style=\"margin: 10px 0;\">The former &#8220;Opportunities&#8221; section is now Eventbrite&#8217;s section to highlight some of the events they &#8211; as the main sponsor of the Dublin Event Guide (for Free Events) &#8211; would particularly like to bring to your attention. Many events listed here will be free, but there will be a non-free event in the list as well and they will be marked as non-free. All information is supplied by Eventbrite.<\/p>\n<p style=\"margin: 10px 0;\">== EVENTBRITE PICKS ==<\/p>\n<p>MISS BURLESQUE IRELAND 2015 &#8211; THIS SATURDAY<br \/>\nThe best Burlesque performers will be in the Button Factory on Saturday to compete for the title of Miss Burlesque Ireland in a variety of different categories. Drag duo Bunny and Phil T will be hosts. Doors open at 18:30.<br \/>\n<a style=\"color: #cc2979; text-decoration: none;\" href=\"http:\/\/www.eventbrite.ie\/e\/miss-burlesque-ireland-2015-tickets-17222258238?aff=ebritedub15jul\" target=\"_blank\">Get your EUR 20 tickets here<\/a><\/p>\n<p>PACE PILATES INVITES YOU TO FREE PILATES &#8211; THIS SATURDAY<br \/>\nDo you want to try Pilates for free? And enjoy a talk by a Life Coach afterwards? Come to the Millennium Park in Coolmine. Pace Pilates are offering free classes from 11:00.<br \/>\n<a style=\"color: #cc2979; text-decoration: none;\" href=\"http:\/\/www.eventbrite.com\/e\/100-free-pilates-classes-in-summer-tickets-17566979308?aff=es2\" target=\"_blank\">Get your free ticket here<\/a><\/p>\n<p>THE BUILDING SOCIETY PRESENTS: EJECA &amp; CHAMBRAY &#8211; THIS SATURDAY<br \/>\nSaturday in Hangar is fast approaching and the biggest gig of the summer is going to tear your brains apart!<br \/>\nEjeca in the blue corner representing the North of Ireland and Chambray of Berlin fame fighting out of the red corner in a mid July sloberknocker! Listen to the biggest dance acts from Europe in the last decade, all in one venue.<br \/>\n<a style=\"color: #cc2979; text-decoration: none;\" href=\"http:\/\/www.eventbrite.ie\/e\/the-building-society-presents-ejeca-chambray-tickets-17339349461?aff=es2\" target=\"_blank\">Tickets are EUR 10 here<\/a><\/p>\n<p>And you can find more events at <a style=\"color: #cc2979; text-decoration: none;\" href=\"http:\/\/www.eventbrite.ie\">www.eventbrite.ie<\/a> or <a style=\"color: #cc2979; text-decoration: none;\" href=\"https:\/\/www.eventbrite.ie\/eventbriteapp\/\" target=\"_blank\">download the Eventbrite app<\/a> to find events around you.<\/p>\n<\/div>\n<\/td>\n<\/tr>\n<\/tbody>\n<\/table>\n<table id=\"exhibitions\" style=\"margin-top: 10px;\" width=\"100%\" cellspacing=\"0\" cellpadding=\"0\">\n<tbody>\n<tr>\n<td><a name=\"exhibitions\"><\/a><a style=\"text-decoration: none;\" href=\"#dff_top\"><img decoding=\"async\" src=\"http:\/\/dublineventguide.com\/dff\/admin\/images\/dividers\/exhibitions.png\" alt=\"Exhibitions\" border=\"0\" \/><\/a><\/td>\n<\/tr>\n<\/tbody>\n<\/table>\n<table style=\"margin-bottom: 20px;\" width=\"100%\" cellspacing=\"0\" cellpadding=\"0\">\n<tbody>\n<tr>\n<td style=\"padding: 0 30px; margin-bottom: 15px;\">\n<div style=\"font-size: 13px; color: #534438; line-height: 20px;\">\n<p>Based on your feedback, I have decided to do the following with the Exhibition section in this newsletter from now on: I will provide you with a link to a near-comprehensive listing of exhibitions provided by <a style=\"color: #cc2979; text-decoration: none;\" href=\"http:\/\/www.visualartists.ie\">www.visualartists.ie<\/a> . For me to list all exhibitions would only be doubling their good work and would be an inefficient use of my resources. The link is <a style=\"color: #cc2979; text-decoration: none;\" href=\"http:\/\/www.visualartists.ie\/category\/listings\/dublin\/\">http:\/\/www.visualartists.ie\/category\/listings\/dublin\/<\/a><\/p>\n<p style=\"margin: 10px 0;\">On top of that I will every now and then include here a small selection of exhibitions that either are not mentioned in the Visual Artist listing or are note-worthy to be mentioned separately.<\/p>\n<div class=\"copyIcon copy0\"><\/div>\n<\/div>\n<\/td>\n<\/tr>\n<\/tbody>\n<\/table>\n<table width=\"100%\" cellspacing=\"0\" cellpadding=\"0\">\n<tbody>\n<tr>\n<td style=\"padding: 10px 30px;\">\n<table width=\"100%\" cellspacing=\"0\" cellpadding=\"0\">\n<tbody>\n<tr>\n<td valign=\"top\" width=\"52\"><img loading=\"lazy\" decoding=\"async\" src=\"http:\/\/dublineventguide.com\/dff\/admin\/images\/exhibition.png\" alt=\"\" width=\"40\" height=\"41\" \/><\/td>\n<td>\n<h2 style=\"font-size: 16px; color: #534438; margin: 0; font-weight: normal;\">PhotoIreland Festival<\/h2>\n<h3 style=\"font-size: 13px; margin: 0; padding: 0; line-height: 16px; color: #534438;\">01-31 July<\/h3>\n<p style=\"font-size: 13px; color: #534438; line-height: 20px; margin: 0; padding-top: 0;\">various locations<\/p>\n<div style=\"font-size: 13px; color: #534438; line-height: 20px; margin: 0; padding-top: 0;\">\n<p>PhotoIreland Festival is an international festival of Photography and Image Culture in Ireland. It celebrates Ireland\u2019s photographic talents, as well as bringing international practitioners and artists to Ireland. The festival highlights, promotes and elevates Photography in Ireland. The festival happens every year in July and consists of a vast amount of exhibitions and some other events. The full ist can be found here: <a style=\"color: #cc2979; text-decoration: none;\" href=\"http:\/\/www.photoireland.org\/news\/2015-exhibitions\/\">http:\/\/www.photoireland.org\/news\/2015-exhibitions\/<\/a><\/p>\n<\/div>\n<\/td>\n<\/tr>\n<tr>\n<td valign=\"top\" width=\"52\"><img loading=\"lazy\" decoding=\"async\" src=\"http:\/\/dublineventguide.com\/dff\/admin\/images\/exhibition.png\" alt=\"\" width=\"40\" height=\"41\" \/><\/td>\n<td>\n<h2 style=\"font-size: 16px; color: #534438; margin: 0; font-weight: normal;\">Riddle of the Burial Grounds<\/h2>\n<h3 style=\"font-size: 13px; margin: 0; padding: 0; line-height: 16px; color: #534438;\">11 June &#8211; 01 Aug &#8211; 11:00-18:00 (Closed on Sundays and Bank Holidays)<\/h3>\n<p style=\"font-size: 13px; color: #534438; line-height: 20px; margin: 0; padding-top: 0;\">Project Arts Centre, 39 East Essex Street Temple Bar, Dublin 2<\/p>\n<div style=\"font-size: 13px; color: #534438; line-height: 20px; margin: 0; padding-top: 0;\">\n<p style=\"margin: 10px 0;\">Nuclear burial grounds (salt mines and other underground spaces that contain nuclear waste) are marked with signs today to warn about the dangers coming from them. But Plutonium, one of the nuclear waste products has a half-life of 24,000 years and maybe we can assume that it is gone after 10 half-times, which is 240,000 years!!<\/p>\n<p style=\"margin: 10px 0;\">Now compare the wall paintings we find in caves or hieroglyphics with our ways of express information today. How can we ensure that even in 240,000 years the people living then will understand our warning signs and continue to protect and look after these nuclear burial grounds?<\/p>\n<p style=\"margin: 10px 0;\">&#8220;Riddle of the Burial Ground&#8221; attempts to imagine a time in which language, signs and forms will be beyond our current comprehension and the 16 artists involved in this exhibition expressed this through sculpture, film, photography, documentary, fiction, science-fiction, history, landscapes and imagined futures.<\/p>\n<p style=\"margin: 10px 0;\">Admission is free.<\/p>\n<p><a style=\"color: #cc2979; text-decoration: none;\" href=\"http:\/\/projectartscentre.ie\/event\/riddle-burial-grounds\/\">http:\/\/projectartscentre.ie\/event\/riddle-burial-grounds\/<\/a><\/p>\n<\/div>\n<\/td>\n<\/tr>\n<tr>\n<td valign=\"top\" width=\"52\"><img loading=\"lazy\" decoding=\"async\" src=\"http:\/\/dublineventguide.com\/dff\/admin\/images\/exhibition.png\" alt=\"\" width=\"40\" height=\"41\" \/><\/td>\n<td>\n<h2 style=\"font-size: 16px; color: #534438; margin: 0; font-weight: normal;\">Modern Wife, Modern Life<\/h2>\n<h3 style=\"font-size: 13px; margin: 0; padding: 0; line-height: 16px; color: #534438;\">July + August<\/h3>\n<p style=\"font-size: 13px; color: #534438; line-height: 20px; margin: 0; padding-top: 0;\">National Print Museum, Beggars Bush, Haddington Road, Dublin 4<\/p>\n<div style=\"font-size: 13px; color: #534438; line-height: 20px; margin: 0; padding-top: 0;\">\n<p style=\"margin: 10px 0;\">Modern Wife, Modern Life is an exhibition exploring the \u2018ideal wife\u2019 turned \u2018modern wife\u2019 in 1960s Ireland as seen through the pages of women\u2019s magazines.<\/p>\n<p style=\"margin: 10px 0;\">Manuals on how to be a good wife had been widely available in Ireland at the start of the twentieth century, but with the emergence of new technologies, the advice extended to newly married women and housewives began to change in the 1960s. The concept of being an \u2018ideal wife\u2019 became closely bound up with being a \u2018modern wife\u2019. This is best identified in the pages of women\u2019s magazines, which came to replace the traditional manual as a source for guidance. The message, driven by the advertisers, was clear: a \u2018good wife\u2019 was not just beautifully presented, but also used all the latest \u2018modern\u2019 devices. Her home &#8211; especially the kitchen &#8211; was an extension of her appearance and reputation.<\/p>\n<p style=\"margin: 10px 0;\">Admission is free and the opening hours are Mon-Fri 09:00-17:00 and Sat-Sun 14:00-17:00<\/p>\n<p><a style=\"color: #cc2979; text-decoration: none;\" href=\"http:\/\/www.nationalprintmuseum.ie\/\">http:\/\/www.nationalprintmuseum.ie\/<\/a><\/p>\n<\/div>\n<\/td>\n<\/tr>\n<\/tbody>\n<\/table>\n<\/td>\n<\/tr>\n<\/tbody>\n<\/table>\n<table width=\"100%\" cellspacing=\"0\" cellpadding=\"0\">\n<tbody>\n<tr>\n<td style=\"padding: 0 30px 15px;\">\n<p style=\"font-size: 13px; color: #534438; line-height: 20px; margin: 10px 0;\"><!--START MERCHANT:merchant name Lastminute Ireland from affiliatewindow.com.--><a href=\"http:\/\/www.awin1.com\/cread.php?s=308748&amp;v=4363&amp;q=145658&amp;r=140544\"><img decoding=\"async\" src=\"http:\/\/www.awin1.com\/cshow.php?s=308748&amp;v=4363&amp;q=145658&amp;r=140544\" alt=\"\" border=\"0\" \/><\/a><!--END MERCHANT:merchant name Lastminute Ireland from affiliatewindow.com--><\/p>\n<\/td>\n<\/tr>\n<\/tbody>\n<\/table>\n<table id=\"day_1437174000\" style=\"margin-top: 10px;\" width=\"100%\" cellspacing=\"0\" cellpadding=\"0\">\n<tbody>\n<tr style=\"background-color: #c20162; color: #fff;\">\n<td style=\"padding: 0; line-height: 1; height: 34px; overflow: hidden;\">\n<p style=\"width: 630px; padding-left: 30px; margin: 0; height: 34px; overflow: hidden; line-height: 34px;\"><a name=\"day_1437174000\"><\/a><strong>Saturday <\/strong> 18 Jul<\/p>\n<\/td>\n<td>\n<p style=\"margin: 0; line-height: 34px; padding: 0; font-size: 13px;\"><a style=\"color: #fff; text-decoration: none;\" href=\"#dff_top\">back to top<\/a><\/p>\n<\/td>\n<td>\n<p style=\"margin: 0; padding: 0; font-size: 13px;\"><a style=\"color: #fff; text-decoration: none;\" href=\"#dff_top\"><img loading=\"lazy\" decoding=\"async\" src=\"http:\/\/dublineventguide.com\/dff\/admin\/images\/dividers\/date_toplink.png\" alt=\"Back to top\" width=\"38\" height=\"34\" \/><\/a><\/p>\n<\/td>\n<td width=\"50\"><\/td>\n<\/tr>\n<\/tbody>\n<\/table>\n<table width=\"100%\" cellspacing=\"0\" cellpadding=\"0\">\n<tbody>\n<tr>\n<td style=\"padding: 10px 30px;\">\n<table width=\"100%\" cellspacing=\"0\" cellpadding=\"0\">\n<tbody>\n<tr>\n<td valign=\"top\" width=\"52\"><img loading=\"lazy\" decoding=\"async\" src=\"http:\/\/dublineventguide.com\/dff\/admin\/images\/categories\/MARKETS.png\" alt=\"\" width=\"32\" height=\"32\" \/><\/td>\n<td>\n<h2 style=\"font-size: 16px; color: #534438; margin: 0 0 5px; font-weight: normal;\">Car Boot Sales &#8211; Tallaght<\/h2>\n<h3 style=\"font-size: 13px; margin: 0; padding: 0; line-height: 16px; color: #534438;\"><img loading=\"lazy\" decoding=\"async\" style=\"display: inline; float: left;\" src=\"http:\/\/dublineventguide.com\/dff\/admin\/images\/weekly.png\" alt=\"\" width=\"69\" height=\"16\" \/> 08:00 &#8211; 12:00, Sat 18 Jul<\/h3>\n<p style=\"font-size: 13px; color: #534438; line-height: 20px; margin: 0; padding-top: 0;\">Tallaght Stadium, Whitestown Way, Tallaght, Co. Dublin<\/p>\n<table width=\"100%\" cellspacing=\"0\" cellpadding=\"0\">\n<tbody>\n<tr>\n<td valign=\"top\">\n<div style=\"font-size: 13px; color: #534438; line-height: 20px;\">\n<p style=\"margin: 10px 0;\">A weekly car boot sale, one of less than a handful that is still reliably taking place, has up to 200 cars\/sellers. The stadium is just a few minutes walk from the Red LUAS line stop and numerous bus stops. For traders the Car Boot Sale opens at 06:30 for buyers from 08:00. If you are interested in selling, check the details and register on their website.<\/p>\n<\/div>\n<div style=\"font-size: 13px; color: #534438; line-height: 20px;\"><\/div>\n<p style=\"font-size: 13px; color: #534438; line-height: 20px;\"><a style=\"color: #cc2979; text-decoration: none;\" href=\"http:\/\/www.irishcarboot.ie\/\">http:\/\/www.irishcarboot.ie\/<\/a><\/p>\n<\/td>\n<td valign=\"top\"><\/td>\n<\/tr>\n<\/tbody>\n<\/table>\n<\/td>\n<\/tr>\n<\/tbody>\n<\/table>\n<\/td>\n<\/tr>\n<\/tbody>\n<\/table>\n<table width=\"100%\" cellspacing=\"0\" cellpadding=\"0\">\n<tbody>\n<tr>\n<td style=\"padding: 10px 30px;\">\n<table width=\"100%\" cellspacing=\"0\" cellpadding=\"0\">\n<tbody>\n<tr>\n<td valign=\"top\" width=\"52\"><img loading=\"lazy\" decoding=\"async\" src=\"http:\/\/dublineventguide.com\/dff\/admin\/images\/categories\/ACTIVITY.png\" alt=\"\" width=\"32\" height=\"32\" \/><\/td>\n<td>\n<h2 style=\"font-size: 16px; color: #534438; margin: 0 0 5px; font-weight: normal;\">Football Charity Tournament &#8211; helping the homeless<\/h2>\n<h3 style=\"font-size: 13px; margin: 0; padding: 0; line-height: 16px; color: #534438;\">09:00, Sat 18 Jul<\/h3>\n<p style=\"font-size: 13px; color: #534438; line-height: 20px; margin: 0; padding-top: 0;\">Fairview Park, Fairview, Dublin 3<\/p>\n<table width=\"100%\" cellspacing=\"0\" cellpadding=\"0\">\n<tbody>\n<tr>\n<td valign=\"top\">\n<div style=\"font-size: 13px; color: #534438; line-height: 20px;\">\n<p style=\"margin: 10px 0;\">The ICHH (Inner City Helping Homeless) Cup is a 1-day football tournament with 32 teams of 7 players representing companies from all over Ireland. The companies raised funds for the homeless and will battle it out on the football field.<\/p>\n<p style=\"margin: 10px 0;\">In addition to the football tournament there will be a Family Fun Day with music, kids activities and mini football challenges.<\/p>\n<p style=\"margin: 10px 0;\">Admission is free for spectators and for the Family Fun Day.<\/p>\n<\/div>\n<div style=\"font-size: 13px; color: #534438; line-height: 20px;\"><\/div>\n<p style=\"font-size: 13px; color: #534438; line-height: 20px;\"><a style=\"color: #cc2979; text-decoration: none;\" href=\"https:\/\/www.facebook.com\/events\/1391534401177459\/\">https:\/\/www.facebook.com\/events\/1391534401177459\/<\/a><\/p>\n<\/td>\n<td valign=\"top\"><\/td>\n<\/tr>\n<\/tbody>\n<\/table>\n<\/td>\n<\/tr>\n<\/tbody>\n<\/table>\n<\/td>\n<\/tr>\n<\/tbody>\n<\/table>\n<table width=\"100%\" cellspacing=\"0\" cellpadding=\"0\">\n<tbody>\n<tr>\n<td style=\"padding: 10px 30px;\">\n<table width=\"100%\" cellspacing=\"0\" cellpadding=\"0\">\n<tbody>\n<tr>\n<td valign=\"top\" width=\"52\"><img loading=\"lazy\" decoding=\"async\" src=\"http:\/\/dublineventguide.com\/dff\/admin\/images\/categories\/MARKETS.png\" alt=\"\" width=\"32\" height=\"32\" \/><\/td>\n<td>\n<h2 style=\"font-size: 16px; color: #534438; margin: 0 0 5px; font-weight: normal;\">Honest2Goodness Food Market<\/h2>\n<h3 style=\"font-size: 13px; margin: 0; padding: 0; line-height: 16px; color: #534438;\"><img loading=\"lazy\" decoding=\"async\" style=\"display: inline; float: left;\" src=\"http:\/\/dublineventguide.com\/dff\/admin\/images\/weekly.png\" alt=\"\" width=\"69\" height=\"16\" \/> 09:30 &#8211; 16:00, Sat 18 Jul<\/h3>\n<p style=\"font-size: 13px; color: #534438; line-height: 20px; margin: 0; padding-top: 0;\">Honest2goodness, 136 Slaney Close, Dublin Industrial Estate, Glasnevin, Dublin 11<\/p>\n<table width=\"100%\" cellspacing=\"0\" cellpadding=\"0\">\n<tbody>\n<tr>\n<td valign=\"top\">\n<div style=\"font-size: 13px; color: #534438; line-height: 20px;\">\n<p style=\"margin: 10px 0;\">The weekly Honest2goodness food market in Glasnevin has fresh meat, vegetables, fish, baked goods, and wines. It is open from 09:30-16:00. It is behind Lidl in the Industrial Estate just after the Glasnevin Cemetary coming from the City Centre.<\/p>\n<\/div>\n<div style=\"font-size: 13px; color: #534438; line-height: 20px;\"><\/div>\n<p style=\"font-size: 13px; color: #534438; line-height: 20px;\"><a style=\"color: #cc2979; text-decoration: none;\" href=\"http:\/\/www.honest2goodness.ie\">http:\/\/www.honest2goodness.ie<\/a><\/p>\n<\/td>\n<td valign=\"top\"><\/td>\n<\/tr>\n<\/tbody>\n<\/table>\n<\/td>\n<\/tr>\n<\/tbody>\n<\/table>\n<\/td>\n<\/tr>\n<\/tbody>\n<\/table>\n<table width=\"100%\" cellspacing=\"0\" cellpadding=\"0\">\n<tbody>\n<tr>\n<td style=\"padding: 10px 30px;\">\n<table width=\"100%\" cellspacing=\"0\" cellpadding=\"0\">\n<tbody>\n<tr>\n<td valign=\"top\" width=\"52\"><img loading=\"lazy\" decoding=\"async\" src=\"http:\/\/dublineventguide.com\/dff\/admin\/images\/categories\/ACTIVITY.png\" alt=\"\" width=\"32\" height=\"32\" \/><\/td>\n<td>\n<h2 style=\"font-size: 16px; color: #534438; margin: 0 0 5px; font-weight: normal;\">Malahide Park Run (free)<\/h2>\n<h3 style=\"font-size: 13px; margin: 0; padding: 0; line-height: 16px; color: #534438;\"><img loading=\"lazy\" decoding=\"async\" style=\"display: inline; float: left;\" src=\"http:\/\/dublineventguide.com\/dff\/admin\/images\/weekly.png\" alt=\"\" width=\"69\" height=\"16\" \/> 09:30, Sat 18 Jul<\/h3>\n<p style=\"font-size: 13px; color: #534438; line-height: 20px; margin: 0; padding-top: 0;\">Malahide Park, Dublin Road, Malahide, Co. Dublin<\/p>\n<table width=\"100%\" cellspacing=\"0\" cellpadding=\"0\">\n<tbody>\n<tr>\n<td valign=\"top\">\n<div style=\"font-size: 13px; color: #534438; line-height: 20px;\">\n<p style=\"margin: 10px 0;\">Parkrun Ireland is organising free weekly runs in parks. It is a timed run over 5km and participation is completely free, but registration before your first parkrun is required.<\/p>\n<\/div>\n<div style=\"font-size: 13px; color: #534438; line-height: 20px;\"><\/div>\n<p style=\"font-size: 13px; color: #534438; line-height: 20px;\"><a style=\"color: #cc2979; text-decoration: none;\" href=\"http:\/\/www.parkrun.ie\/malahide\/\">http:\/\/www.parkrun.ie\/malahide\/<\/a><\/p>\n<\/td>\n<td valign=\"top\"><\/td>\n<\/tr>\n<\/tbody>\n<\/table>\n<\/td>\n<\/tr>\n<\/tbody>\n<\/table>\n<\/td>\n<\/tr>\n<\/tbody>\n<\/table>\n<table width=\"100%\" cellspacing=\"0\" cellpadding=\"0\">\n<tbody>\n<tr>\n<td style=\"padding: 10px 30px;\">\n<table width=\"100%\" cellspacing=\"0\" cellpadding=\"0\">\n<tbody>\n<tr>\n<td valign=\"top\" width=\"52\"><img loading=\"lazy\" decoding=\"async\" src=\"http:\/\/dublineventguide.com\/dff\/admin\/images\/categories\/MARKETS.png\" alt=\"\" width=\"32\" height=\"32\" \/><\/td>\n<td>\n<h2 style=\"font-size: 16px; color: #534438; margin: 0 0 5px; font-weight: normal;\">SuperNatural Food Market<\/h2>\n<h3 style=\"font-size: 13px; margin: 0; padding: 0; line-height: 16px; color: #534438;\"><img loading=\"lazy\" decoding=\"async\" style=\"display: inline; float: left;\" src=\"http:\/\/dublineventguide.com\/dff\/admin\/images\/weekly.png\" alt=\"\" width=\"69\" height=\"16\" \/> 09:30 &#8211; 15:30, Sat 18 Jul<\/h3>\n<p style=\"font-size: 13px; color: #534438; line-height: 20px; margin: 0; padding-top: 0;\">St. Andrews Resource Centre, 114 Pearse Street, Dublin 2<\/p>\n<table width=\"100%\" cellspacing=\"0\" cellpadding=\"0\">\n<tbody>\n<tr>\n<td valign=\"top\">\n<div style=\"font-size: 13px; color: #534438; line-height: 20px;\">\n<p style=\"margin: 10px 0;\">The SuperNatural Food Market is taking place every Saturday from 09:30-15:30 in St. Andrews Resource Centre in Pearse Street, Dublin 2.<\/p>\n<\/div>\n<div style=\"font-size: 13px; color: #534438; line-height: 20px;\"><\/div>\n<p style=\"font-size: 13px; color: #534438; line-height: 20px;\"><a style=\"color: #cc2979; text-decoration: none;\" href=\"http:\/\/www.supernatural.ie\">http:\/\/www.supernatural.ie<\/a><\/p>\n<\/td>\n<td valign=\"top\"><\/td>\n<\/tr>\n<\/tbody>\n<\/table>\n<\/td>\n<\/tr>\n<\/tbody>\n<\/table>\n<\/td>\n<\/tr>\n<\/tbody>\n<\/table>\n<table width=\"100%\" cellspacing=\"0\" cellpadding=\"0\">\n<tbody>\n<tr>\n<td style=\"padding: 10px 30px;\">\n<table width=\"100%\" cellspacing=\"0\" cellpadding=\"0\">\n<tbody>\n<tr>\n<td valign=\"top\" width=\"52\"><img loading=\"lazy\" decoding=\"async\" src=\"http:\/\/dublineventguide.com\/dff\/admin\/images\/categories\/MARKETS.png\" alt=\"\" width=\"32\" height=\"32\" \/><\/td>\n<td>\n<h2 style=\"font-size: 16px; color: #534438; margin: 0 0 5px; font-weight: normal;\">The Green Door Market<\/h2>\n<h3 style=\"font-size: 13px; margin: 0; padding: 0; line-height: 16px; color: #534438;\"><img loading=\"lazy\" decoding=\"async\" style=\"display: inline; float: left;\" src=\"http:\/\/dublineventguide.com\/dff\/admin\/images\/weekly.png\" alt=\"\" width=\"69\" height=\"16\" \/> 09:30 &#8211; 16:00, Sat 18 Jul<\/h3>\n<p style=\"font-size: 13px; color: #534438; line-height: 20px; margin: 0; padding-top: 0;\">18 Newmarket, Dublin 8<\/p>\n<table width=\"100%\" cellspacing=\"0\" cellpadding=\"0\">\n<tbody>\n<tr>\n<td valign=\"top\">\n<div style=\"font-size: 13px; color: #534438; line-height: 20px;\">\n<p style=\"margin: 10px 0;\">The Green Door Market is a new indoor food\/Farmer&#8217;s Market that takes place just a few doors down from the Dublin Food Co-op at Newmarket in Dublin 8. Admission is free.<\/p>\n<p style=\"margin: 10px 0;\">Opening hours are Thu-Fri 12:00-19:00 and Sat 09:30-16:00.<\/p>\n<\/div>\n<div style=\"font-size: 13px; color: #534438; line-height: 20px;\"><\/div>\n<p style=\"font-size: 13px; color: #534438; line-height: 20px;\"><a style=\"color: #cc2979; text-decoration: none;\" href=\"https:\/\/www.facebook.com\/thegreendoordublin\">https:\/\/www.facebook.com\/thegreendoordublin<\/a><\/p>\n<\/td>\n<td valign=\"top\"><\/td>\n<\/tr>\n<\/tbody>\n<\/table>\n<\/td>\n<\/tr>\n<\/tbody>\n<\/table>\n<\/td>\n<\/tr>\n<\/tbody>\n<\/table>\n<table width=\"100%\" cellspacing=\"0\" cellpadding=\"0\">\n<tbody>\n<tr>\n<td style=\"padding: 10px 30px;\">\n<table width=\"100%\" cellspacing=\"0\" cellpadding=\"0\">\n<tbody>\n<tr>\n<td valign=\"top\" width=\"52\"><img loading=\"lazy\" decoding=\"async\" src=\"http:\/\/dublineventguide.com\/dff\/admin\/images\/categories\/MARKETS.png\" alt=\"\" width=\"32\" height=\"32\" \/><\/td>\n<td>\n<h2 style=\"font-size: 16px; color: #534438; margin: 0 0 5px; font-weight: normal;\">Belgard Weekend Market<\/h2>\n<h3 style=\"font-size: 13px; margin: 0; padding: 0; line-height: 16px; color: #534438;\"><img loading=\"lazy\" decoding=\"async\" style=\"display: inline; float: left;\" src=\"http:\/\/dublineventguide.com\/dff\/admin\/images\/weekly.png\" alt=\"\" width=\"69\" height=\"16\" \/> 10:00 &#8211; 17:00, Sat 18 Jul<\/h3>\n<p style=\"font-size: 13px; color: #534438; line-height: 20px; margin: 0; padding-top: 0;\">Belgard Road, Dublin 24<\/p>\n<table width=\"100%\" cellspacing=\"0\" cellpadding=\"0\">\n<tbody>\n<tr>\n<td valign=\"top\">\n<div style=\"font-size: 13px; color: #534438; line-height: 20px;\">\n<p style=\"margin: 10px 0;\">The Belgard Weekend Market is an indoor market with stalls with handcraft (incl. designer jewellery, aran jumpers and wool, christening robes and shawls, cards and cross stitch), household items, bric and brac, furniture, flowers, make-up, clothes, shoes, showers, upholstery, toys, kitchens, cafe, army memorabilia, collectors items, sweets, handbags books, blinds, party shop, tools and more.<\/p>\n<p style=\"margin: 10px 0;\">It is open every Saturday and Sunday and is located in the Glen Abbey complex (opposite Jacobs) on Belgard Road.<\/p>\n<\/div>\n<div style=\"font-size: 13px; color: #534438; line-height: 20px;\"><\/div>\n<p style=\"font-size: 13px; color: #534438; line-height: 20px;\"><a style=\"color: #cc2979; text-decoration: none;\" href=\"https:\/\/www.facebook.com\/belgardmarket\">https:\/\/www.facebook.com\/belgardmarket<\/a><\/p>\n<\/td>\n<td valign=\"top\"><\/td>\n<\/tr>\n<\/tbody>\n<\/table>\n<\/td>\n<\/tr>\n<\/tbody>\n<\/table>\n<\/td>\n<\/tr>\n<\/tbody>\n<\/table>\n<table width=\"100%\" cellspacing=\"0\" cellpadding=\"0\">\n<tbody>\n<tr>\n<td style=\"padding: 10px 30px;\">\n<table width=\"100%\" cellspacing=\"0\" cellpadding=\"0\">\n<tbody>\n<tr>\n<td valign=\"top\" width=\"52\"><img loading=\"lazy\" decoding=\"async\" src=\"http:\/\/dublineventguide.com\/dff\/admin\/images\/categories\/MARKETS.png\" alt=\"\" width=\"32\" height=\"32\" \/><\/td>\n<td>\n<h2 style=\"font-size: 16px; color: #534438; margin: 0 0 5px; font-weight: normal;\">Drumcondra Village Market<\/h2>\n<h3 style=\"font-size: 13px; margin: 0; padding: 0; line-height: 16px; color: #534438;\"><img loading=\"lazy\" decoding=\"async\" style=\"display: inline; float: left;\" src=\"http:\/\/dublineventguide.com\/dff\/admin\/images\/weekly.png\" alt=\"\" width=\"69\" height=\"16\" \/> 10:00 &#8211; 17:00, Sat 18 Jul<\/h3>\n<p style=\"font-size: 13px; color: #534438; line-height: 20px; margin: 0; padding-top: 0;\">Arts and Business Campus, 40 Drumcondra Road Lower<\/p>\n<table width=\"100%\" cellspacing=\"0\" cellpadding=\"0\">\n<tbody>\n<tr>\n<td valign=\"top\">\n<div style=\"font-size: 13px; color: #534438; line-height: 20px;\">\n<p style=\"margin: 10px 0;\">The Drumcondra Village Market is an arts and crafts fair in the centre of Drumcondra. Admission is free.<\/p>\n<\/div>\n<div style=\"font-size: 13px; color: #534438; line-height: 20px;\"><\/div>\n<p style=\"font-size: 13px; color: #534438; line-height: 20px;\"><a style=\"color: #cc2979; text-decoration: none;\" href=\"https:\/\/www.facebook.com\/DrumcondraVillageMarket\">https:\/\/www.facebook.com\/DrumcondraVillageMarket<\/a><\/p>\n<\/td>\n<td valign=\"top\"><\/td>\n<\/tr>\n<\/tbody>\n<\/table>\n<\/td>\n<\/tr>\n<\/tbody>\n<\/table>\n<\/td>\n<\/tr>\n<\/tbody>\n<\/table>\n<table width=\"100%\" cellspacing=\"0\" cellpadding=\"0\">\n<tbody>\n<tr>\n<td style=\"padding: 10px 30px;\">\n<table width=\"100%\" cellspacing=\"0\" cellpadding=\"0\">\n<tbody>\n<tr>\n<td valign=\"top\" width=\"52\"><img loading=\"lazy\" decoding=\"async\" src=\"http:\/\/dublineventguide.com\/dff\/admin\/images\/categories\/MARKETS.png\" alt=\"\" width=\"32\" height=\"32\" \/><\/td>\n<td>\n<h2 style=\"font-size: 16px; color: #534438; margin: 0 0 5px; font-weight: normal;\">Jamestown Market<\/h2>\n<h3 style=\"font-size: 13px; margin: 0; padding: 0; line-height: 16px; color: #534438;\"><img loading=\"lazy\" decoding=\"async\" style=\"display: inline; float: left;\" src=\"http:\/\/dublineventguide.com\/dff\/admin\/images\/weekly.png\" alt=\"\" width=\"69\" height=\"16\" \/> 10:00 &#8211; 17:00, Sat 18 Jul<\/h3>\n<p style=\"font-size: 13px; color: #534438; line-height: 20px; margin: 0; padding-top: 0;\">Jamestown Market, 90 Jamestown Road, Inchicore, Dublin 8<\/p>\n<table width=\"100%\" cellspacing=\"0\" cellpadding=\"0\">\n<tbody>\n<tr>\n<td valign=\"top\">\n<div style=\"font-size: 13px; color: #534438; line-height: 20px;\">\n<p style=\"margin: 10px 0;\">Jamestown Flea Market + Car Boot Sale takes place every Sat+Sun from 10:00-17:00. You can reach it from Tyrconnell Road and from Kylemore Road and it is within 3 min from Black Horse stop on the red Luas line. There is free parking.<\/p>\n<\/div>\n<div style=\"font-size: 13px; color: #534438; line-height: 20px;\"><\/div>\n<p style=\"font-size: 13px; color: #534438; line-height: 20px;\"><a style=\"color: #cc2979; text-decoration: none;\" href=\"http:\/\/www.jamestownmarket.com\/\">http:\/\/www.jamestownmarket.com\/<\/a><\/p>\n<\/td>\n<td valign=\"top\"><\/td>\n<\/tr>\n<\/tbody>\n<\/table>\n<\/td>\n<\/tr>\n<\/tbody>\n<\/table>\n<\/td>\n<\/tr>\n<\/tbody>\n<\/table>\n<table width=\"100%\" cellspacing=\"0\" cellpadding=\"0\">\n<tbody>\n<tr>\n<td style=\"padding: 10px 30px;\">\n<table width=\"100%\" cellspacing=\"0\" cellpadding=\"0\">\n<tbody>\n<tr>\n<td valign=\"top\" width=\"52\"><img loading=\"lazy\" decoding=\"async\" src=\"http:\/\/dublineventguide.com\/dff\/admin\/images\/categories\/ACTIVITY.png\" alt=\"\" width=\"32\" height=\"32\" \/><\/td>\n<td>\n<h2 style=\"font-size: 16px; color: #534438; margin: 0 0 5px; font-weight: normal;\">Rose Festival &#8211; St. Anne&#8217;s Park<\/h2>\n<h3 style=\"font-size: 13px; margin: 0; padding: 0; line-height: 16px; color: #534438;\">10:00 &#8211; 18:00, Sat 18 Jul<\/h3>\n<p style=\"font-size: 13px; color: #534438; line-height: 20px; margin: 0; padding-top: 0;\">St. Anne\u2019s Park, Raheny, Dublin 5<\/p>\n<table width=\"100%\" cellspacing=\"0\" cellpadding=\"0\">\n<tbody>\n<tr>\n<td valign=\"top\">\n<div style=\"font-size: 13px; color: #534438; line-height: 20px;\">\n<p style=\"margin: 10px 0;\">The Rose Festival is happening this weekend on Saturday and Sunday (18+19 July) in St. Anne&#8217;s Park in Raheny. I am not sure what the state the rose garden is in after the very mixed weather with heavy rain in recent days, but roses are only one reason to come to St. Anne&#8217;s Park.<\/p>\n<p style=\"margin: 10px 0;\">There will be a mix of food, arts&amp;crafts, music and family fun. Wolly Wards Farm will be there with all their cute animals, Silly Billy will entertain kids, A Biodiversity Village and the Big Dig Archaeology workshop will educate. Free horse and carriage rides, a Falconry Exhibition, flower growers and bee keepers will also help to make your afternoon special.<\/p>\n<p style=\"margin: 10px 0;\">The music programme is<\/p>\n<p>Saturday<br \/>\n12:00-14:00 Traditional Music<br \/>\n14:30-15:15 Ballet Fusion<br \/>\n16:00-18:00 Prairie Dawgs Sunday<br \/>\n&#8212;&#8212;&#8212;&#8212;-<br \/>\nSunday<br \/>\n12:00-13:00 Traditional Music<br \/>\n13:30-14:15 Ballet Fusion<br \/>\n15:00-16:30 The Army No.1 Band<br \/>\n16:30-18:00 Prairie Dawgs<\/p>\n<p style=\"margin: 10px 0;\">Admission is free.<\/p>\n<\/div>\n<div style=\"font-size: 13px; color: #534438; line-height: 20px;\"><\/div>\n<p style=\"font-size: 13px; color: #534438; line-height: 20px;\"><a style=\"color: #cc2979; text-decoration: none;\" href=\"http:\/\/www.dublincity.ie\/main-menu-services-culture-events-dublin-city-upcoming-events\/rose-festival\">http:\/\/www.dublincity.ie\/main-menu-services-culture-events-dublin-city-upcoming-events\/rose-festival<\/a><\/p>\n<\/td>\n<td style=\"padding: 16px 0 0 0;\" valign=\"top\" width=\"132\"><!-- EVENT PHOTO --><img decoding=\"async\" style=\"margin: 0 10px 0 0;\" src=\"http:\/\/dublineventguide.com\/dff\/admin\/api\/show\/29334\" alt=\"\" width=\"120\" \/><\/td>\n<\/tr>\n<\/tbody>\n<\/table>\n<\/td>\n<\/tr>\n<\/tbody>\n<\/table>\n<\/td>\n<\/tr>\n<\/tbody>\n<\/table>\n<table width=\"100%\" cellspacing=\"0\" cellpadding=\"0\">\n<tbody>\n<tr>\n<td style=\"padding: 10px 30px;\">\n<table width=\"100%\" cellspacing=\"0\" cellpadding=\"0\">\n<tbody>\n<tr>\n<td valign=\"top\" width=\"52\"><img loading=\"lazy\" decoding=\"async\" src=\"http:\/\/dublineventguide.com\/dff\/admin\/images\/categories\/ACTIVITY.png\" alt=\"\" width=\"32\" height=\"32\" \/><\/td>\n<td>\n<h2 style=\"font-size: 16px; color: #534438; margin: 0 0 5px; font-weight: normal;\">Swords Summer Festival<\/h2>\n<h3 style=\"font-size: 13px; margin: 0; padding: 0; line-height: 16px; color: #534438;\">10:00 &#8211; 17:00, Sat 18 Jul<\/h3>\n<p style=\"font-size: 13px; color: #534438; line-height: 20px; margin: 0; padding-top: 0;\">Swords (Various)<\/p>\n<table width=\"100%\" cellspacing=\"0\" cellpadding=\"0\">\n<tbody>\n<tr>\n<td valign=\"top\">\n<div style=\"font-size: 13px; color: #534438; line-height: 20px;\">\n<p style=\"margin: 10px 0;\">The first Swords Summer Festical is taking place this Saturday and Sunday.<\/p>\n<p style=\"margin: 10px 0;\">On Saturday there will be a Main Stage in Swords with gigs from 13:00-22:00. The headliners are Ska-Band &#8220;Interskalactic&#8221; at 19:30 and wedding and party band &#8220;Bentley Boys&#8221; at 21:00.<\/p>\n<p style=\"margin: 10px 0;\">In Swords&#8217; Main Street the free family fun from 13:00-17:00 is: Swords Theatre Group, Face Painting, Bouncy Castles, Super Slides, Jugglers, Unicyclists, Stilt Walkers, Balloon Makers. A Fun Fair will be all day in Swords Town Park<\/p>\n<p style=\"margin: 10px 0;\">In Swords Castle the Swords Archaeofest, a Theatre &amp; Play Zone and more activities will entertain you.<\/p>\n<p style=\"margin: 10px 0;\">On Sunday a 10km run will take place, but the other events will be finished apart from a World War I exhibition that runs on Saturday and Sunday in the Swords Castle Chapel (Sat 11:00 &#8211; 18:00, Sunday 10:00 &#8211; 14:00)<\/p>\n<p style=\"margin: 10px 0;\">Admission is free. Check the details on the website below.<\/p>\n<\/div>\n<div style=\"font-size: 13px; color: #534438; line-height: 20px;\"><\/div>\n<p style=\"font-size: 13px; color: #534438; line-height: 20px;\"><a style=\"color: #cc2979; text-decoration: none;\" href=\"http:\/\/www.fingalcoco.ie\/news-and-events\/events\/swordssummerfestival2015\/\">http:\/\/www.fingalcoco.ie\/news-and-events\/events\/swordssummerfestival2015\/<\/a><\/p>\n<\/td>\n<td valign=\"top\"><\/td>\n<\/tr>\n<\/tbody>\n<\/table>\n<\/td>\n<\/tr>\n<\/tbody>\n<\/table>\n<\/td>\n<\/tr>\n<\/tbody>\n<\/table>\n<table width=\"100%\" cellspacing=\"0\" cellpadding=\"0\">\n<tbody>\n<tr>\n<td style=\"padding: 10px 30px;\">\n<table width=\"100%\" cellspacing=\"0\" cellpadding=\"0\">\n<tbody>\n<tr>\n<td valign=\"top\" width=\"52\"><img loading=\"lazy\" decoding=\"async\" src=\"http:\/\/dublineventguide.com\/dff\/admin\/images\/categories\/MARKETS.png\" alt=\"\" width=\"32\" height=\"32\" \/><\/td>\n<td>\n<h2 style=\"font-size: 16px; color: #534438; margin: 0 0 5px; font-weight: normal;\">Temple Bar Markets<\/h2>\n<h3 style=\"font-size: 13px; margin: 0; padding: 0; line-height: 16px; color: #534438;\"><img loading=\"lazy\" decoding=\"async\" style=\"display: inline; float: left;\" src=\"http:\/\/dublineventguide.com\/dff\/admin\/images\/weekly.png\" alt=\"\" width=\"69\" height=\"16\" \/> 10:00 &#8211; 16:30, Sat 18 Jul<\/h3>\n<p style=\"font-size: 13px; color: #534438; line-height: 20px; margin: 0; padding-top: 0;\">Meeting House Square, Temple Bar, Dublin 2<\/p>\n<table width=\"100%\" cellspacing=\"0\" cellpadding=\"0\">\n<tbody>\n<tr>\n<td valign=\"top\">\n<div style=\"font-size: 13px; color: #534438; line-height: 20px;\">\n<p style=\"margin: 10px 0;\">The Temple Bar Markets (Food Market on Meeting House Square, Book Market on Temple Bar Square and the Designer Mart near Cow&#8217;s Lane) are taking place every Saturday from 10:00-16:30.<\/p>\n<\/div>\n<div style=\"font-size: 13px; color: #534438; line-height: 20px;\"><\/div>\n<p style=\"font-size: 13px; color: #534438; line-height: 20px;\"><a style=\"color: #cc2979; text-decoration: none;\" href=\"http:\/\/www.templebar.ie\">http:\/\/www.templebar.ie<\/a><\/p>\n<\/td>\n<td valign=\"top\"><\/td>\n<\/tr>\n<\/tbody>\n<\/table>\n<\/td>\n<\/tr>\n<\/tbody>\n<\/table>\n<\/td>\n<\/tr>\n<\/tbody>\n<\/table>\n<table width=\"100%\" cellspacing=\"0\" cellpadding=\"0\">\n<tbody>\n<tr>\n<td style=\"padding: 10px 30px;\">\n<table width=\"100%\" cellspacing=\"0\" cellpadding=\"0\">\n<tbody>\n<tr>\n<td valign=\"top\" width=\"52\"><img loading=\"lazy\" decoding=\"async\" src=\"http:\/\/dublineventguide.com\/dff\/admin\/images\/categories\/ACTIVITY.png\" alt=\"\" width=\"32\" height=\"32\" \/><\/td>\n<td>\n<h2 style=\"font-size: 16px; color: #534438; margin: 0 0 5px; font-weight: normal;\">&#8220;Fairies in the Park&#8221; &#8211; Family Fun Day &#8211; Farmleigh House<\/h2>\n<h3 style=\"font-size: 13px; margin: 0; padding: 0; line-height: 16px; color: #534438;\">11:00, Sat 18 Jul<\/h3>\n<p style=\"font-size: 13px; color: #534438; line-height: 20px; margin: 0; padding-top: 0;\">Farmleigh House, Castleknock end of Phoenix Park, Dublin 15<\/p>\n<table width=\"100%\" cellspacing=\"0\" cellpadding=\"0\">\n<tbody>\n<tr>\n<td valign=\"top\">\n<div style=\"font-size: 13px; color: #534438; line-height: 20px;\">\n<p style=\"margin: 10px 0;\">Farmleigh House invites to their Summer Programme from 12 July where on all Sundays and some Saturdays in July &#8220;Fairies in the Park&#8221; feature through Storytelling and Workshops. Kids and parents are invited to hear the stories and to create magical fairy tools that can be brought home.<\/p>\n<p style=\"margin: 10px 0;\">This week the event takes place on Saturday AND Sunday. The Storytelling and Workshops alternate in one-hour slots from 11:00-17:00.<\/p>\n<p style=\"margin: 10px 0;\">Check the website below for all details. Admission is free.<\/p>\n<\/div>\n<div style=\"font-size: 13px; color: #534438; line-height: 20px;\"><\/div>\n<p style=\"font-size: 13px; color: #534438; line-height: 20px;\"><a style=\"color: #cc2979; text-decoration: none;\" href=\"http:\/\/www.farmleigh.ie\/events\/Title,34467,en.html\">http:\/\/www.farmleigh.ie\/events\/Title,34467,en.html<\/a><\/p>\n<\/td>\n<td valign=\"top\"><\/td>\n<\/tr>\n<\/tbody>\n<\/table>\n<\/td>\n<\/tr>\n<\/tbody>\n<\/table>\n<\/td>\n<\/tr>\n<\/tbody>\n<\/table>\n<table width=\"100%\" cellspacing=\"0\" cellpadding=\"0\">\n<tbody>\n<tr>\n<td style=\"padding: 10px 30px;\">\n<table width=\"100%\" cellspacing=\"0\" cellpadding=\"0\">\n<tbody>\n<tr>\n<td valign=\"top\" width=\"52\"><img loading=\"lazy\" decoding=\"async\" src=\"http:\/\/dublineventguide.com\/dff\/admin\/images\/categories\/MARKETS.png\" alt=\"\" width=\"32\" height=\"32\" \/><\/td>\n<td>\n<h2 style=\"font-size: 16px; color: #534438; margin: 0 0 5px; font-weight: normal;\">Blackrock Market<\/h2>\n<h3 style=\"font-size: 13px; margin: 0; padding: 0; line-height: 16px; color: #534438;\"><img loading=\"lazy\" decoding=\"async\" style=\"display: inline; float: left;\" src=\"http:\/\/dublineventguide.com\/dff\/admin\/images\/weekly.png\" alt=\"\" width=\"69\" height=\"16\" \/> 11:00 &#8211; 17:30, Sat 18 Jul<\/h3>\n<p style=\"font-size: 13px; color: #534438; line-height: 20px; margin: 0; padding-top: 0;\">Blackrock Market, 19 Main Street, Blackrock, Co. Dublin<\/p>\n<table width=\"100%\" cellspacing=\"0\" cellpadding=\"0\">\n<tbody>\n<tr>\n<td valign=\"top\">\n<div style=\"font-size: 13px; color: #534438; line-height: 20px;\">\n<p>At the Blackrock Market in the centre of Blackrock, you&#8217;ll find 50 stalls selling collectibles, antiques, handmade goods, books, food &amp; there&#8217;s free popcorn, ballons &amp; facepainting for the kids.<br \/>\nOpen on Saturdays and Bank Holidays: 11:00-17:30, and Sundays: 12:00-17:30.<\/p>\n<\/div>\n<div style=\"font-size: 13px; color: #534438; line-height: 20px;\"><\/div>\n<p style=\"font-size: 13px; color: #534438; line-height: 20px;\"><a style=\"color: #cc2979; text-decoration: none;\" href=\"http:\/\/www.blackrockmarket.com\/\">http:\/\/www.blackrockmarket.com\/<\/a><\/p>\n<\/td>\n<td valign=\"top\"><\/td>\n<\/tr>\n<\/tbody>\n<\/table>\n<\/td>\n<\/tr>\n<\/tbody>\n<\/table>\n<\/td>\n<\/tr>\n<\/tbody>\n<\/table>\n<table width=\"100%\" cellspacing=\"0\" cellpadding=\"0\">\n<tbody>\n<tr>\n<td style=\"padding: 10px 30px;\">\n<table width=\"100%\" cellspacing=\"0\" cellpadding=\"0\">\n<tbody>\n<tr>\n<td valign=\"top\" width=\"52\"><img loading=\"lazy\" decoding=\"async\" src=\"http:\/\/dublineventguide.com\/dff\/admin\/images\/categories\/KIDS.png\" alt=\"\" width=\"32\" height=\"32\" \/><\/td>\n<td>\n<h2 style=\"font-size: 16px; color: #534438; margin: 0 0 5px; font-weight: normal;\">Children\u2019s Event &#8211; Pond dipping<\/h2>\n<h3 style=\"font-size: 13px; margin: 0; padding: 0; line-height: 16px; color: #534438;\">11:00, Sat 18 Jul<\/h3>\n<p style=\"font-size: 13px; color: #534438; line-height: 20px; margin: 0; padding-top: 0;\">National Botanic Gardens, Botanic Road, Glasnevin, Dublin 9<\/p>\n<table width=\"100%\" cellspacing=\"0\" cellpadding=\"0\">\n<tbody>\n<tr>\n<td valign=\"top\">\n<div style=\"font-size: 13px; color: #534438; line-height: 20px;\">\n<p style=\"margin: 10px 0;\">Explore the weird and wonderful diversity of insects and mini beasts living in and around the pond at the Botanic Gardens. This workshop is suitable for children age 8 upwards.<\/p>\n<p style=\"margin: 10px 0;\">Admission is free, but booking is required. Ring 01-8570909 to check if this event is booked out or not.<\/p>\n<\/div>\n<div style=\"font-size: 13px; color: #534438; line-height: 20px;\"><\/div>\n<p style=\"font-size: 13px; color: #534438; line-height: 20px;\"><a style=\"color: #cc2979; text-decoration: none;\" href=\"http:\/\/www.botanicgardens.ie\/news\/events.htm\">http:\/\/www.botanicgardens.ie\/news\/events.htm<\/a><\/p>\n<\/td>\n<td valign=\"top\"><\/td>\n<\/tr>\n<\/tbody>\n<\/table>\n<\/td>\n<\/tr>\n<\/tbody>\n<\/table>\n<\/td>\n<\/tr>\n<\/tbody>\n<\/table>\n<table width=\"100%\" cellspacing=\"0\" cellpadding=\"0\">\n<tbody>\n<tr>\n<td style=\"padding: 10px 30px;\">\n<table width=\"100%\" cellspacing=\"0\" cellpadding=\"0\">\n<tbody>\n<tr>\n<td valign=\"top\" width=\"52\"><img loading=\"lazy\" decoding=\"async\" src=\"http:\/\/dublineventguide.com\/dff\/admin\/images\/categories\/KIDS.png\" alt=\"\" width=\"32\" height=\"32\" \/><\/td>\n<td>\n<h2 style=\"font-size: 16px; color: #534438; margin: 0 0 5px; font-weight: normal;\">Family Workshop &#8211; National Gallery<\/h2>\n<h3 style=\"font-size: 13px; margin: 0; padding: 0; line-height: 16px; color: #534438;\">11:00 &#8211; 12:00, Sat 18 Jul<\/h3>\n<p style=\"font-size: 13px; color: #534438; line-height: 20px; margin: 0; padding-top: 0;\">National Gallery, Clare Street, Dublin 2<\/p>\n<table width=\"100%\" cellspacing=\"0\" cellpadding=\"0\">\n<tbody>\n<tr>\n<td valign=\"top\">\n<div style=\"font-size: 13px; color: #534438; line-height: 20px;\">\n<p style=\"margin: 10px 0;\">A free art-making workshop for families with children aged 4-10, entitled &#8220;Inspited by Impressionism&#8221; will take place. Admission is free and no booking required, but places are limited. Read all details on the site below.<\/p>\n<\/div>\n<div style=\"font-size: 13px; color: #534438; line-height: 20px;\"><\/div>\n<p style=\"font-size: 13px; color: #534438; line-height: 20px;\"><a style=\"color: #cc2979; text-decoration: none;\" href=\"http:\/\/nationalgallery.ie\/en\/whatson\/Summer_2015\/Family_workshop\/July18_Family.aspx\">http:\/\/nationalgallery.ie\/en\/whatson\/Summer_2015\/Family_workshop\/July18_Family.aspx<\/a><\/p>\n<\/td>\n<td valign=\"top\"><\/td>\n<\/tr>\n<\/tbody>\n<\/table>\n<\/td>\n<\/tr>\n<\/tbody>\n<\/table>\n<\/td>\n<\/tr>\n<\/tbody>\n<\/table>\n<table width=\"100%\" cellspacing=\"0\" cellpadding=\"0\">\n<tbody>\n<tr>\n<td style=\"padding: 10px 30px;\">\n<table width=\"100%\" cellspacing=\"0\" cellpadding=\"0\">\n<tbody>\n<tr>\n<td valign=\"top\" width=\"52\"><img loading=\"lazy\" decoding=\"async\" src=\"http:\/\/dublineventguide.com\/dff\/admin\/images\/categories\/ACTIVITY.png\" alt=\"\" width=\"32\" height=\"32\" \/><\/td>\n<td>\n<h2 style=\"font-size: 16px; color: #534438; margin: 0 0 5px; font-weight: normal;\">Liberties Festival &#8211; Family Fun Day<\/h2>\n<h3 style=\"font-size: 13px; margin: 0; padding: 0; line-height: 16px; color: #534438;\">11:00 &#8211; 17:30, Sat 18 Jul<\/h3>\n<p style=\"font-size: 13px; color: #534438; line-height: 20px; margin: 0; padding-top: 0;\">Liberties area, Dublin 8<\/p>\n<table width=\"100%\" cellspacing=\"0\" cellpadding=\"0\">\n<tbody>\n<tr>\n<td valign=\"top\">\n<div style=\"font-size: 13px; color: #534438; line-height: 20px;\">\n<p style=\"margin: 10px 0;\">The Liberties Festival in Dublin 8 is taking place from Mon 13 &#8211; Sat 18 July and the vast majority of the events is free.<\/p>\n<p style=\"margin: 10px 0;\">The final day on Saturday will be a Family Fun Day in Bridgefoot Street<\/p>\n<p>Barren Carrousel, a circus troupe performing a show including acrobatics, comedy, aerial silks, Spanish web and juggling.<br \/>\nThere will also be face-painting, bouncy stuff, art workshops, retro street games, bubble trouble and samba group Masamba and more. Bring along kids old and young. There will be fun for everybody.<\/p>\n<\/div>\n<div style=\"font-size: 13px; color: #534438; line-height: 20px;\"><\/div>\n<p style=\"font-size: 13px; color: #534438; line-height: 20px;\"><a style=\"color: #cc2979; text-decoration: none;\" href=\"http:\/\/www.libertiesfestivaldublin.com\/\">http:\/\/www.libertiesfestivaldublin.com\/<\/a><\/p>\n<\/td>\n<td valign=\"top\"><\/td>\n<\/tr>\n<\/tbody>\n<\/table>\n<\/td>\n<\/tr>\n<\/tbody>\n<\/table>\n<\/td>\n<\/tr>\n<\/tbody>\n<\/table>\n<table width=\"100%\" cellspacing=\"0\" cellpadding=\"0\">\n<tbody>\n<tr>\n<td style=\"padding: 10px 30px;\">\n<table width=\"100%\" cellspacing=\"0\" cellpadding=\"0\">\n<tbody>\n<tr>\n<td valign=\"top\" width=\"52\"><img loading=\"lazy\" decoding=\"async\" src=\"http:\/\/dublineventguide.com\/dff\/admin\/images\/categories\/ACTIVITY.png\" alt=\"\" width=\"32\" height=\"32\" \/><\/td>\n<td>\n<h2 style=\"font-size: 16px; color: #534438; margin: 0 0 5px; font-weight: normal;\">Open Air Pilates + Life Coaching<\/h2>\n<h3 style=\"font-size: 13px; margin: 0; padding: 0; line-height: 16px; color: #534438;\">11:00, Sat 18 Jul<\/h3>\n<p style=\"font-size: 13px; color: #534438; line-height: 20px; margin: 0; padding-top: 0;\">Millenium Park, Blanchardstown, Dublin 15<\/p>\n<table width=\"100%\" cellspacing=\"0\" cellpadding=\"0\">\n<tbody>\n<tr>\n<td valign=\"top\">\n<div style=\"font-size: 13px; color: #534438; line-height: 20px;\">\n<p style=\"margin: 10px 0;\">Every Saturday at 11:00 until 29 August an Open Air Pilates class, followed by a Coaching session with a Life Coach takes place in Blanchardstown. Organised by Pace Pilates and supported by Fingal County Council. Find all details on the Facebook page below. Admission is free.<\/p>\n<\/div>\n<div style=\"font-size: 13px; color: #534438; line-height: 20px;\"><\/div>\n<p style=\"font-size: 13px; color: #534438; line-height: 20px;\"><a style=\"color: #cc2979; text-decoration: none;\" href=\"https:\/\/www.facebook.com\/events\/682996365157044\/\">https:\/\/www.facebook.com\/events\/682996365157044\/<\/a><\/p>\n<\/td>\n<td valign=\"top\"><\/td>\n<\/tr>\n<\/tbody>\n<\/table>\n<\/td>\n<\/tr>\n<\/tbody>\n<\/table>\n<\/td>\n<\/tr>\n<\/tbody>\n<\/table>\n<table width=\"100%\" cellspacing=\"0\" cellpadding=\"0\">\n<tbody>\n<tr>\n<td style=\"padding: 10px 30px;\">\n<table width=\"100%\" cellspacing=\"0\" cellpadding=\"0\">\n<tbody>\n<tr>\n<td valign=\"top\" width=\"52\"><img loading=\"lazy\" decoding=\"async\" src=\"http:\/\/dublineventguide.com\/dff\/admin\/images\/categories\/ACTIVITY.png\" alt=\"\" width=\"32\" height=\"32\" \/><\/td>\n<td>\n<h2 style=\"font-size: 16px; color: #534438; margin: 0 0 5px; font-weight: normal;\">Outdoor Yoga Class &#8211; Stephen&#8217;s Green<\/h2>\n<h3 style=\"font-size: 13px; margin: 0; padding: 0; line-height: 16px; color: #534438;\">11:00, Sat 18 Jul<\/h3>\n<p style=\"font-size: 13px; color: #534438; line-height: 20px; margin: 0; padding-top: 0;\">St. Stephen&#8217;s Green, Dublin 2<\/p>\n<table width=\"100%\" cellspacing=\"0\" cellpadding=\"0\">\n<tbody>\n<tr>\n<td valign=\"top\">\n<div style=\"font-size: 13px; color: #534438; line-height: 20px;\">\n<p style=\"margin: 10px 0;\">Every Saturday (until 28 August) the Yoga Hub will run an Outdoor Yoga Class in St. Stephen&#8217;s Green near the bandstand.<\/p>\n<p style=\"margin: 10px 0;\">Each class is donation based and the money you donate (each and every Euro!) will go directly to a different charity every week.<\/p>\n<p style=\"margin: 10px 0;\">No booking required. Bring your own matt or towel. (If it rains, the bandstand will be used.)<\/p>\n<p style=\"margin: 10px 0;\">\n<\/div>\n<div style=\"font-size: 13px; color: #534438; line-height: 20px;\"><\/div>\n<p style=\"font-size: 13px; color: #534438; line-height: 20px;\"><a style=\"color: #cc2979; text-decoration: none;\" href=\"https:\/\/www.facebook.com\/events\/1570921946506107\/\">https:\/\/www.facebook.com\/events\/1570921946506107\/<\/a><\/p>\n<\/td>\n<td valign=\"top\"><\/td>\n<\/tr>\n<\/tbody>\n<\/table>\n<\/td>\n<\/tr>\n<\/tbody>\n<\/table>\n<\/td>\n<\/tr>\n<\/tbody>\n<\/table>\n<table width=\"100%\" cellspacing=\"0\" cellpadding=\"0\">\n<tbody>\n<tr>\n<td style=\"padding: 10px 30px;\">\n<table width=\"100%\" cellspacing=\"0\" cellpadding=\"0\">\n<tbody>\n<tr>\n<td valign=\"top\" width=\"52\"><img loading=\"lazy\" decoding=\"async\" src=\"http:\/\/dublineventguide.com\/dff\/admin\/images\/categories\/MARKETS.png\" alt=\"\" width=\"32\" height=\"32\" \/><\/td>\n<td>\n<h2 style=\"font-size: 16px; color: #534438; margin: 0 0 5px; font-weight: normal;\">Terenure Village Market<\/h2>\n<h3 style=\"font-size: 13px; margin: 0; padding: 0; line-height: 16px; color: #534438;\"><img loading=\"lazy\" decoding=\"async\" style=\"display: inline; float: left;\" src=\"http:\/\/dublineventguide.com\/dff\/admin\/images\/weekly.png\" alt=\"\" width=\"69\" height=\"16\" \/> 11:00 &#8211; 16:00, Sat 18 Jul<\/h3>\n<p style=\"font-size: 13px; color: #534438; line-height: 20px; margin: 0; padding-top: 0;\">Bushy Park, Tempelogue Road, Terenure, Dublin 6W<\/p>\n<table width=\"100%\" cellspacing=\"0\" cellpadding=\"0\">\n<tbody>\n<tr>\n<td valign=\"top\">\n<div style=\"font-size: 13px; color: #534438; line-height: 20px;\">\n<p style=\"margin: 10px 0;\">The Terenure Village Market has moved to Bushy Park and is from now on a weekly market.<\/p>\n<p style=\"margin: 10px 0;\">The market has now grown to 40 stalls offering a whole variety of foods and crafts.<\/p>\n<p style=\"margin: 10px 0;\">Admission is free.<\/p>\n<\/div>\n<div style=\"font-size: 13px; color: #534438; line-height: 20px;\"><\/div>\n<p style=\"font-size: 13px; color: #534438; line-height: 20px;\"><a style=\"color: #cc2979; text-decoration: none;\" href=\"https:\/\/www.facebook.com\/terenurevillagemarket\">https:\/\/www.facebook.com\/terenurevillagemarket<\/a><\/p>\n<\/td>\n<td valign=\"top\"><\/td>\n<\/tr>\n<\/tbody>\n<\/table>\n<\/td>\n<\/tr>\n<\/tbody>\n<\/table>\n<\/td>\n<\/tr>\n<\/tbody>\n<\/table>\n<table width=\"100%\" cellspacing=\"0\" cellpadding=\"0\">\n<tbody>\n<tr>\n<td style=\"padding: 10px 30px;\">\n<table width=\"100%\" cellspacing=\"0\" cellpadding=\"0\">\n<tbody>\n<tr>\n<td valign=\"top\" width=\"52\"><img loading=\"lazy\" decoding=\"async\" src=\"http:\/\/dublineventguide.com\/dff\/admin\/images\/categories\/TALKS.png\" alt=\"\" width=\"32\" height=\"32\" \/><\/td>\n<td>\n<h2 style=\"font-size: 16px; color: #534438; margin: 0 0 5px; font-weight: normal;\">National Gallery Talks<\/h2>\n<h3 style=\"font-size: 13px; margin: 0; padding: 0; line-height: 16px; color: #534438;\"><img loading=\"lazy\" decoding=\"async\" style=\"display: inline; float: left;\" src=\"http:\/\/dublineventguide.com\/dff\/admin\/images\/weekly.png\" alt=\"\" width=\"69\" height=\"16\" \/> 11:30 &#8211; 16:50, Sat 18 Jul<\/h3>\n<p style=\"font-size: 13px; color: #534438; line-height: 20px; margin: 0; padding-top: 0;\">National Gallery, Clare Street, Dublin 2<\/p>\n<table width=\"100%\" cellspacing=\"0\" cellpadding=\"0\">\n<tbody>\n<tr>\n<td valign=\"top\">\n<div style=\"font-size: 13px; color: #534438; line-height: 20px;\">\n<p style=\"margin: 10px 0;\">The National Gallery has an extensive programme of free talks, public tours and Art Documentary screenings focusing on highlights of the European and Irish Collection every day of the week. Check their website for details.<\/p>\n<\/div>\n<div style=\"font-size: 13px; color: #534438; line-height: 20px;\"><\/div>\n<p style=\"font-size: 13px; color: #534438; line-height: 20px;\"><a style=\"color: #cc2979; text-decoration: none;\" href=\"http:\/\/nationalgallery.ie\/whatson\">http:\/\/nationalgallery.ie\/whatson<\/a><\/p>\n<\/td>\n<td valign=\"top\"><\/td>\n<\/tr>\n<\/tbody>\n<\/table>\n<\/td>\n<\/tr>\n<\/tbody>\n<\/table>\n<\/td>\n<\/tr>\n<\/tbody>\n<\/table>\n<table width=\"100%\" cellspacing=\"0\" cellpadding=\"0\">\n<tbody>\n<tr>\n<td style=\"padding: 10px 30px;\">\n<table width=\"100%\" cellspacing=\"0\" cellpadding=\"0\">\n<tbody>\n<tr>\n<td valign=\"top\" width=\"52\"><img loading=\"lazy\" decoding=\"async\" src=\"http:\/\/dublineventguide.com\/dff\/admin\/images\/categories\/ACTIVITY.png\" alt=\"\" width=\"32\" height=\"32\" \/><\/td>\n<td>\n<h2 style=\"font-size: 16px; color: #534438; margin: 0 0 5px; font-weight: normal;\">Finglas Festival<\/h2>\n<h3 style=\"font-size: 13px; margin: 0; padding: 0; line-height: 16px; color: #534438;\">12:00, Sat 18 Jul<\/h3>\n<p style=\"font-size: 13px; color: #534438; line-height: 20px; margin: 0; padding-top: 0;\">Finglas (various locations)<\/p>\n<table width=\"100%\" cellspacing=\"0\" cellpadding=\"0\">\n<tbody>\n<tr>\n<td valign=\"top\">\n<div style=\"font-size: 13px; color: #534438; line-height: 20px;\">\n<p style=\"margin: 10px 0;\">The Finglas Festival takes place from Mon 13 &#8211; Sun 19 July. It is a community festival with History Talks, Walking Tours, Exhibitions, Opera in the Open performance (at the Civic Centre on Wed 15 July at 12:45), Musical Performances, Children&#8217;s Events,<\/p>\n<p style=\"margin: 10px 0;\">The main event of the festival is next Saturday 18 July from 12:00-17:00 in the Village Centre of Finglas.<\/p>\n<p>The website was quite good when I looked at it initially, but then it didn&#8217;t work for me anymore. It had a Schedule of all events on it and because I can&#8217;t use the website, I will have to ask you to check yourself. Maybe it will work for you. Check it out at <a style=\"color: #cc2979; text-decoration: none;\" href=\"http:\/\/www.finglasfestival.com\">http:\/\/www.finglasfestival.com<\/a><\/p>\n<\/div>\n<div style=\"font-size: 13px; color: #534438; line-height: 20px;\"><\/div>\n<p style=\"font-size: 13px; color: #534438; line-height: 20px;\"><a style=\"color: #cc2979; text-decoration: none;\" href=\"http:\/\/www.finglasfestival.com\">http:\/\/www.finglasfestival.com<\/a><\/p>\n<\/td>\n<td valign=\"top\"><\/td>\n<\/tr>\n<\/tbody>\n<\/table>\n<\/td>\n<\/tr>\n<\/tbody>\n<\/table>\n<\/td>\n<\/tr>\n<\/tbody>\n<\/table>\n<table width=\"100%\" cellspacing=\"0\" cellpadding=\"0\">\n<tbody>\n<tr>\n<td style=\"padding: 10px 30px;\">\n<table width=\"100%\" cellspacing=\"0\" cellpadding=\"0\">\n<tbody>\n<tr>\n<td valign=\"top\" width=\"52\"><img loading=\"lazy\" decoding=\"async\" src=\"http:\/\/dublineventguide.com\/dff\/admin\/images\/categories\/ACTIVITY.png\" alt=\"\" width=\"32\" height=\"32\" \/><\/td>\n<td>\n<h2 style=\"font-size: 16px; color: #534438; margin: 0 0 5px; font-weight: normal;\">Great Dublin Swim<\/h2>\n<h3 style=\"font-size: 13px; margin: 0; padding: 0; line-height: 16px; color: #534438;\">12:00, Sat 18 Jul<\/h3>\n<p style=\"font-size: 13px; color: #534438; line-height: 20px; margin: 0; padding-top: 0;\">CHQ Building, Customs House Quay, Dublin 1<\/p>\n<table width=\"100%\" cellspacing=\"0\" cellpadding=\"0\">\n<tbody>\n<tr>\n<td valign=\"top\">\n<div style=\"font-size: 13px; color: #534438; line-height: 20px;\">\n<p style=\"margin: 10px 0;\">The Great Dublin Swim (or Grand Dublin Swim) will happen on Saturday. From 12:00-16:00 every hour waves of swimmers will swim the distances of 750m or 1500m with wetsuit and non-wetsuit options.<\/p>\n<p style=\"margin: 10px 0;\">Over 500 swimmers are expected and for the people supporting the swimmers, there will be street performers, teddy bear picnic and face painting.<\/p>\n<p style=\"margin: 10px 0;\">By the way: The Great Dublin Swim is not the same as the Dublin City Liffey Swim despite the fact that they both take place in the same city and in the same river. ;-) The Dublin City Liffey Swim will be in September.<\/p>\n<\/div>\n<div style=\"font-size: 13px; color: #534438; line-height: 20px;\"><\/div>\n<p style=\"font-size: 13px; color: #534438; line-height: 20px;\"><a style=\"color: #cc2979; text-decoration: none;\" href=\"https:\/\/www.fitmagazine.ie\/events\/race\/j.f.dunne-insurances-great-dublin-swim-2015\">https:\/\/www.fitmagazine.ie\/events\/race\/j.f.dunne-insurances-great-dublin-swim-2015<\/a><\/p>\n<\/td>\n<td valign=\"top\"><\/td>\n<\/tr>\n<\/tbody>\n<\/table>\n<\/td>\n<\/tr>\n<\/tbody>\n<\/table>\n<\/td>\n<\/tr>\n<\/tbody>\n<\/table>\n<table width=\"100%\" cellspacing=\"0\" cellpadding=\"0\">\n<tbody>\n<tr>\n<td style=\"padding: 10px 30px;\">\n<table width=\"100%\" cellspacing=\"0\" cellpadding=\"0\">\n<tbody>\n<tr>\n<td valign=\"top\" width=\"52\"><img loading=\"lazy\" decoding=\"async\" src=\"http:\/\/dublineventguide.com\/dff\/admin\/images\/categories\/MARKETS.png\" alt=\"\" width=\"32\" height=\"32\" \/><\/td>\n<td>\n<h2 style=\"font-size: 16px; color: #534438; margin: 0 0 5px; font-weight: normal;\">Ha&#8217;penny Flea Market<\/h2>\n<h3 style=\"font-size: 13px; margin: 0; padding: 0; line-height: 16px; color: #534438;\"><img loading=\"lazy\" decoding=\"async\" style=\"display: inline; float: left;\" src=\"http:\/\/dublineventguide.com\/dff\/admin\/images\/weekly.png\" alt=\"\" width=\"69\" height=\"16\" \/> 12:00 &#8211; 18:00, Sat 18 Jul<\/h3>\n<p style=\"font-size: 13px; color: #534438; line-height: 20px; margin: 0; padding-top: 0;\">Grand Social, 35 Lower Liffey Street (near Ha&#8217;Penny Bridge), Dublin 1<\/p>\n<table width=\"100%\" cellspacing=\"0\" cellpadding=\"0\">\n<tbody>\n<tr>\n<td valign=\"top\">\n<div style=\"font-size: 13px; color: #534438; line-height: 20px;\">\n<p style=\"margin: 10px 0;\">The weekly Ha&#8217;penny Flea Market is an indoor market in the Grand Social Pub, which offers vintage Men and Women&#8217;s clothing, contemporary crafts, books, DVDs, vinyl records, vintage and handmade jewellery, vintage hair styles, art, photography and much more. Grand Social&#8217;s Bar and Gourmet Coffee options are available.<\/p>\n<\/div>\n<div style=\"font-size: 13px; color: #534438; line-height: 20px;\"><\/div>\n<p style=\"font-size: 13px; color: #534438; line-height: 20px;\"><a style=\"color: #cc2979; text-decoration: none;\" href=\"http:\/\/www.thegrandsocial.ie\/\">http:\/\/www.thegrandsocial.ie\/<\/a><\/p>\n<\/td>\n<td valign=\"top\"><\/td>\n<\/tr>\n<\/tbody>\n<\/table>\n<\/td>\n<\/tr>\n<\/tbody>\n<\/table>\n<\/td>\n<\/tr>\n<\/tbody>\n<\/table>\n<table width=\"100%\" cellspacing=\"0\" cellpadding=\"0\">\n<tbody>\n<tr>\n<td style=\"padding: 10px 30px;\">\n<table width=\"100%\" cellspacing=\"0\" cellpadding=\"0\">\n<tbody>\n<tr>\n<td valign=\"top\" width=\"52\"><img loading=\"lazy\" decoding=\"async\" src=\"http:\/\/dublineventguide.com\/dff\/admin\/images\/categories\/ACTIVITY.png\" alt=\"\" width=\"32\" height=\"32\" \/><\/td>\n<td>\n<h2 style=\"font-size: 16px; color: #534438; margin: 0 0 5px; font-weight: normal;\">HOME\\SICK &#8211; Science Gallery Exhibition<\/h2>\n<h3 style=\"font-size: 13px; margin: 0; padding: 0; line-height: 16px; color: #534438;\">12:00 &#8211; 18:00, Sat 18 Jul<\/h3>\n<p style=\"font-size: 13px; color: #534438; line-height: 20px; margin: 0; padding-top: 0;\">Science Gallery, Pearse Street, TCD, Dublin 2<\/p>\n<table width=\"100%\" cellspacing=\"0\" cellpadding=\"0\">\n<tbody>\n<tr>\n<td valign=\"top\">\n<div style=\"font-size: 13px; color: #534438; line-height: 20px;\">\n<p style=\"margin: 10px 0;\">This is the last Saturday of Home\\Sick, as the exhibition closes on Sunday (19 July):<\/p>\n<p style=\"margin: 10px 0;\">The Science Gallery exhibition &#8220;HOME\\SICK &#8211; Post-Domestic Bliss&#8221; looks at the Home and asks what &#8220;Home&#8221; really is and also how it could be improved. The word means something different to everyone, but how will the future of technology and design, communities, families, resources, and nations change the nature of what we define as &#8216;home&#8217;?<\/p>\n<p style=\"margin: 10px 0;\">HOME\\SICK is the summer exhibition of the Science Gallery, which usually is the exhibition that is the most accessible and understandable for all ages and that goal was achieved again. It is not the Science Gallery&#8217;s best exhibition, but it is still definitely worth a visit.<\/p>\n<p style=\"margin: 10px 0;\">The exhibition will run from 01 May until 19 July and is open from Tuesday-Sunday (Tues-Fri: 12:00-20:00, Sat+Sun 12:00-18:00). Admission is free.<\/p>\n<\/div>\n<div style=\"font-size: 13px; color: #534438; line-height: 20px;\"><\/div>\n<p style=\"font-size: 13px; color: #534438; line-height: 20px;\"><a style=\"color: #cc2979; text-decoration: none;\" href=\"https:\/\/dublin.sciencegallery.com\/\">https:\/\/dublin.sciencegallery.com\/<\/a><\/p>\n<\/td>\n<td valign=\"top\"><\/td>\n<\/tr>\n<\/tbody>\n<\/table>\n<\/td>\n<\/tr>\n<\/tbody>\n<\/table>\n<\/td>\n<\/tr>\n<\/tbody>\n<\/table>\n<table width=\"100%\" cellspacing=\"0\" cellpadding=\"0\">\n<tbody>\n<tr>\n<td style=\"padding: 10px 30px;\">\n<table width=\"100%\" cellspacing=\"0\" cellpadding=\"0\">\n<tbody>\n<tr>\n<td valign=\"top\" width=\"52\"><img loading=\"lazy\" decoding=\"async\" src=\"http:\/\/dublineventguide.com\/dff\/admin\/images\/categories\/ACTIVITY.png\" alt=\"\" width=\"32\" height=\"32\" \/><\/td>\n<td>\n<h2 style=\"font-size: 16px; color: #534438; margin: 0 0 5px; font-weight: normal;\">Military Guard Ceremony<\/h2>\n<h3 style=\"font-size: 13px; margin: 0; padding: 0; line-height: 16px; color: #534438;\">12:00 &#8211; 13:00, Sat 18 Jul<\/h3>\n<p style=\"font-size: 13px; color: #534438; line-height: 20px; margin: 0; padding-top: 0;\">Merrion Square, Dublin 2<\/p>\n<table width=\"100%\" cellspacing=\"0\" cellpadding=\"0\">\n<tbody>\n<tr>\n<td valign=\"top\">\n<div style=\"font-size: 13px; color: #534438; line-height: 20px;\">\n<p style=\"margin: 10px 0;\">Military Guard CeremonyThe National Monument<\/p>\n<p style=\"margin: 10px 0;\">A Ceremonial Military Guard will parade at the site of the &#8220;National Memorial to Members of the Defence Forces who died in the Service of the State&#8221;, at Merrion Square during July and August. Ceremonies will take place at the pyramid at Merrion Square opposite the back entrance to the Dail, every Saturday from 18 July to 22 August 2015.<\/p>\n<p style=\"margin: 10px 0;\">Units from different sections of the Defence Forces (Army, Air Corps and Naval Service) will participate in this Military Guard Ceremony to remember their comrades. Every week different units will be involved and the ceremony and the participating units are described on the website below.<\/p>\n<\/div>\n<div style=\"font-size: 13px; color: #534438; line-height: 20px;\"><\/div>\n<p style=\"font-size: 13px; color: #534438; line-height: 20px;\"><a style=\"color: #cc2979; text-decoration: none;\" href=\"http:\/\/www.military.ie\/en\/info-centre\/df-ceremonial\/ceremonial-military-guard\/\">http:\/\/www.military.ie\/en\/info-centre\/df-ceremonial\/ceremonial-military-guard\/<\/a><\/p>\n<\/td>\n<td valign=\"top\"><\/td>\n<\/tr>\n<\/tbody>\n<\/table>\n<\/td>\n<\/tr>\n<\/tbody>\n<\/table>\n<\/td>\n<\/tr>\n<\/tbody>\n<\/table>\n<table width=\"100%\" cellspacing=\"0\" cellpadding=\"0\">\n<tbody>\n<tr>\n<td style=\"padding: 10px 30px;\">\n<table width=\"100%\" cellspacing=\"0\" cellpadding=\"0\">\n<tbody>\n<tr>\n<td valign=\"top\" width=\"52\"><img loading=\"lazy\" decoding=\"async\" src=\"http:\/\/dublineventguide.com\/dff\/admin\/images\/categories\/FILM.png\" alt=\"\" width=\"32\" height=\"32\" \/><\/td>\n<td>\n<h2 style=\"font-size: 16px; color: #534438; margin: 0 0 5px; font-weight: normal;\">Archive at Lunchtime &#8211; IFI<\/h2>\n<h3 style=\"font-size: 13px; margin: 0; padding: 0; line-height: 16px; color: #534438;\"><img loading=\"lazy\" decoding=\"async\" style=\"display: inline; float: left;\" src=\"http:\/\/dublineventguide.com\/dff\/admin\/images\/weekly.png\" alt=\"\" width=\"69\" height=\"16\" \/> 13:00, Sat 18 Jul<\/h3>\n<p style=\"font-size: 13px; color: #534438; line-height: 20px; margin: 0; padding-top: 0;\">Irish Film Institute, 6 Eustace Street, Temple Bar, Dublin 2<\/p>\n<table width=\"100%\" cellspacing=\"0\" cellpadding=\"0\">\n<tbody>\n<tr>\n<td valign=\"top\">\n<div style=\"font-size: 13px; color: #534438; line-height: 20px;\">\n<p>Archive at Lunchtime screenings take place Saturdays (Double Bill), Mondays and Wednesdays. The programme is changing weekly now (instead of monthly as in the past). To find out what film(s) will be screened go to <a style=\"color: #cc2979; text-decoration: none;\" href=\"http:\/\/www.ifi.ie\/whatson\/now-showing-coming-soon\/\">http:\/\/www.ifi.ie\/whatson\/now-showing-coming-soon\/<\/a> and look for &#8220;Archive at Lunchtime&#8221; on the right. Admission is free.<\/p>\n<\/div>\n<div style=\"font-size: 13px; color: #534438; line-height: 20px;\"><\/div>\n<p style=\"font-size: 13px; color: #534438; line-height: 20px;\"><a style=\"color: #cc2979; text-decoration: none;\" href=\"http:\/\/www.ifi.ie\/\">http:\/\/www.ifi.ie\/<\/a><\/p>\n<\/td>\n<td valign=\"top\"><\/td>\n<\/tr>\n<\/tbody>\n<\/table>\n<\/td>\n<\/tr>\n<\/tbody>\n<\/table>\n<\/td>\n<\/tr>\n<\/tbody>\n<\/table>\n<table width=\"100%\" cellspacing=\"0\" cellpadding=\"0\">\n<tbody>\n<tr>\n<td style=\"padding: 10px 30px;\">\n<table width=\"100%\" cellspacing=\"0\" cellpadding=\"0\">\n<tbody>\n<tr>\n<td valign=\"top\" width=\"52\"><img loading=\"lazy\" decoding=\"async\" src=\"http:\/\/dublineventguide.com\/dff\/admin\/images\/categories\/FILM.png\" alt=\"\" width=\"32\" height=\"32\" \/><\/td>\n<td>\n<h2 style=\"font-size: 16px; color: #534438; margin: 0 0 5px; font-weight: normal;\">Film Screening and Book Launch: The Orchard Keepers<\/h2>\n<h3 style=\"font-size: 13px; margin: 0; padding: 0; line-height: 16px; color: #534438;\">13:00, Sat 18 Jul<\/h3>\n<p style=\"font-size: 13px; color: #534438; line-height: 20px; margin: 0; padding-top: 0;\">Chester Beatty Library, Gardens of Dublin Castle, Dublin 2<\/p>\n<table width=\"100%\" cellspacing=\"0\" cellpadding=\"0\">\n<tbody>\n<tr>\n<td valign=\"top\">\n<div style=\"font-size: 13px; color: #534438; line-height: 20px;\">\n<p style=\"margin: 10px 0;\">The Film Screening and Book Launch of &#8220;The Orchard Keepers&#8221; is taking place in the Chester Beatty Library.<\/p>\n<p style=\"margin: 10px 0;\">Against a backdrop of political upheaval, an island of green floats in the arid, Sinai desert; two Bedouin embark on a daily journey to keep their orchard alive. Photographer and filmmaker Bryony Dunne interweaves her own story, discovering the orchards during a time of volatility and the timeless stability they offer.<\/p>\n<p style=\"margin: 10px 0;\">The film is screened in Arabic with English subtitles. Running time: 28 minutes.<\/p>\n<p style=\"margin: 10px 0;\">There will be a Q and A with the artist and the launch of a self-published photography book.<\/p>\n<p style=\"margin: 10px 0;\">Admission is free and no booking is required.<\/p>\n<\/div>\n<div style=\"font-size: 13px; color: #534438; line-height: 20px;\"><\/div>\n<p style=\"font-size: 13px; color: #534438; line-height: 20px;\"><a style=\"color: #cc2979; text-decoration: none;\" href=\"http:\/\/www.cbl.ie\/Programme---Events\/Events-Schedule.aspx\">http:\/\/www.cbl.ie\/Programme&#8212;Events\/Events-Schedule.aspx<\/a><\/p>\n<\/td>\n<td valign=\"top\"><\/td>\n<\/tr>\n<\/tbody>\n<\/table>\n<\/td>\n<\/tr>\n<\/tbody>\n<\/table>\n<\/td>\n<\/tr>\n<\/tbody>\n<\/table>\n<table width=\"100%\" cellspacing=\"0\" cellpadding=\"0\">\n<tbody>\n<tr>\n<td style=\"padding: 10px 30px;\">\n<table width=\"100%\" cellspacing=\"0\" cellpadding=\"0\">\n<tbody>\n<tr>\n<td valign=\"top\" width=\"52\"><img loading=\"lazy\" decoding=\"async\" src=\"http:\/\/dublineventguide.com\/dff\/admin\/images\/categories\/ACTIVITY.png\" alt=\"\" width=\"32\" height=\"32\" \/><\/td>\n<td>\n<h2 style=\"font-size: 16px; color: #534438; margin: 0 0 5px; font-weight: normal;\">&#8220;My Favourites&#8221; &#8211; Dublin City Walking Tour<\/h2>\n<h3 style=\"font-size: 13px; margin: 0; padding: 0; line-height: 16px; color: #534438;\"><img loading=\"lazy\" decoding=\"async\" style=\"display: inline; float: left;\" src=\"http:\/\/dublineventguide.com\/dff\/admin\/images\/weekly.png\" alt=\"\" width=\"69\" height=\"16\" \/> 14:00 &#8211; 16:00, Sat 18 Jul<\/h3>\n<p style=\"font-size: 13px; color: #534438; line-height: 20px; margin: 0; padding-top: 0;\">Spire, O&#8217;Connell Street, Dublin 1<\/p>\n<table width=\"100%\" cellspacing=\"0\" cellpadding=\"0\">\n<tbody>\n<tr>\n<td valign=\"top\">\n<div style=\"font-size: 13px; color: #534438; line-height: 20px;\">\n<p style=\"margin: 10px 0;\">&#8220;These Are a Few of My Favourite Things&#8221; is the title of a Walking Tour that Emily Gallagher will run every Saturday. It will be an Alternative Arts and Culture Trail and she will bring you to &#8220;Dublin\u2019s Best Cafes, Bars, Markets, Unusual Stores, Galleries, Theatres, Arts Spaces, and more! And hear some tales you\u2019ve never heard before!&#8221;<\/p>\n<p style=\"margin: 10px 0;\">Meeting point is at the Spire. The tours are free but donations are welcome and booking is required via myfavouritesdublincitywalktour@gmail.com or 085-2725095<\/p>\n<\/div>\n<div style=\"font-size: 13px; color: #534438; line-height: 20px;\"><\/div>\n<p style=\"font-size: 13px; color: #534438; line-height: 20px;\"><a style=\"color: #cc2979; text-decoration: none;\" href=\"http:\/\/www.dublincitywalkingtours.com\/\">http:\/\/www.dublincitywalkingtours.com\/<\/a><\/p>\n<\/td>\n<td valign=\"top\"><\/td>\n<\/tr>\n<\/tbody>\n<\/table>\n<\/td>\n<\/tr>\n<\/tbody>\n<\/table>\n<\/td>\n<\/tr>\n<\/tbody>\n<\/table>\n<table width=\"100%\" cellspacing=\"0\" cellpadding=\"0\">\n<tbody>\n<tr>\n<td style=\"padding: 10px 30px;\">\n<table width=\"100%\" cellspacing=\"0\" cellpadding=\"0\">\n<tbody>\n<tr>\n<td valign=\"top\" width=\"52\"><img loading=\"lazy\" decoding=\"async\" src=\"http:\/\/dublineventguide.com\/dff\/admin\/images\/categories\/ACTIVITY.png\" alt=\"\" width=\"32\" height=\"32\" \/><\/td>\n<td>\n<h2 style=\"font-size: 16px; color: #534438; margin: 0 0 5px; font-weight: normal;\">Chester Beatty Library &#8211; Irish Language Tour<\/h2>\n<h3 style=\"font-size: 13px; margin: 0; padding: 0; line-height: 16px; color: #534438;\">14:00, Sat 18 Jul<\/h3>\n<p style=\"font-size: 13px; color: #534438; line-height: 20px; margin: 0; padding-top: 0;\">Chester Beatty Library, Gardens of Dublin Castle, Dublin 2<\/p>\n<table width=\"100%\" cellspacing=\"0\" cellpadding=\"0\">\n<tbody>\n<tr>\n<td valign=\"top\">\n<div style=\"font-size: 13px; color: #534438; line-height: 20px;\">\n<p style=\"margin: 10px 0;\">An Intercultural Tour in Irish Language with Community Ambassador Jack FitzGerald is taking place.<\/p>\n<p style=\"margin: 10px 0;\">Admission is free. Meeting point is in the atrium of the Library.<\/p>\n<\/div>\n<div style=\"font-size: 13px; color: #534438; line-height: 20px;\"><\/div>\n<p style=\"font-size: 13px; color: #534438; line-height: 20px;\"><a style=\"color: #cc2979; text-decoration: none;\" href=\"http:\/\/www.cbl.ie\/Programme---Events\/Events-Schedule.aspx\">http:\/\/www.cbl.ie\/Programme&#8212;Events\/Events-Schedule.aspx<\/a><\/p>\n<\/td>\n<td valign=\"top\"><\/td>\n<\/tr>\n<\/tbody>\n<\/table>\n<\/td>\n<\/tr>\n<\/tbody>\n<\/table>\n<\/td>\n<\/tr>\n<\/tbody>\n<\/table>\n<table width=\"100%\" cellspacing=\"0\" cellpadding=\"0\">\n<tbody>\n<tr>\n<td style=\"padding: 10px 30px;\">\n<table width=\"100%\" cellspacing=\"0\" cellpadding=\"0\">\n<tbody>\n<tr>\n<td valign=\"top\" width=\"52\"><img loading=\"lazy\" decoding=\"async\" src=\"http:\/\/dublineventguide.com\/dff\/admin\/images\/categories\/KIDS.png\" alt=\"\" width=\"32\" height=\"32\" \/><\/td>\n<td>\n<h2 style=\"font-size: 16px; color: #534438; margin: 0 0 5px; font-weight: normal;\">Summer Cinema for Kids<\/h2>\n<h3 style=\"font-size: 13px; margin: 0; padding: 0; line-height: 16px; color: #534438;\">14:00, Sat 18 Jul<\/h3>\n<p style=\"font-size: 13px; color: #534438; line-height: 20px; margin: 0; padding-top: 0;\">Pearse Street Library, 138-144 Pearse Street, Dublin 2<\/p>\n<table width=\"100%\" cellspacing=\"0\" cellpadding=\"0\">\n<tbody>\n<tr>\n<td valign=\"top\">\n<div style=\"font-size: 13px; color: #534438; line-height: 20px;\">\n<p style=\"margin: 10px 0;\">Pearse Street Library are increasing the monthly Kids Film Club to twice monthly: On Saturday 18+25 July and 08+22 August they will be showing a popular animated film.<\/p>\n<p style=\"margin: 10px 0;\">Admission is free and booking is not neccessary. For further information contact Pearse Street Library at T. 016744888 or pearsestreetlibrary@dublincity.ie<\/p>\n<\/div>\n<div style=\"font-size: 13px; color: #534438; line-height: 20px;\"><\/div>\n<p style=\"font-size: 13px; color: #534438; line-height: 20px;\"><a style=\"color: #cc2979; text-decoration: none;\" href=\"http:\/\/www.dublincity.ie\/main-menu-services-culture-dublin-city-public-libraries-and-archive-events\/summer-cinema-kids\">http:\/\/www.dublincity.ie\/main-menu-services-culture-dublin-city-public-libraries-and-archive-events\/summer-cinema-kids<\/a><\/p>\n<\/td>\n<td valign=\"top\"><\/td>\n<\/tr>\n<\/tbody>\n<\/table>\n<\/td>\n<\/tr>\n<\/tbody>\n<\/table>\n<\/td>\n<\/tr>\n<\/tbody>\n<\/table>\n<table width=\"100%\" cellspacing=\"0\" cellpadding=\"0\">\n<tbody>\n<tr>\n<td style=\"padding: 10px 30px;\">\n<table width=\"100%\" cellspacing=\"0\" cellpadding=\"0\">\n<tbody>\n<tr>\n<td valign=\"top\" width=\"52\"><img loading=\"lazy\" decoding=\"async\" src=\"http:\/\/dublineventguide.com\/dff\/admin\/images\/categories\/MUSIC.png\" alt=\"\" width=\"32\" height=\"32\" \/><\/td>\n<td>\n<h2 style=\"font-size: 16px; color: #534438; margin: 0 0 5px; font-weight: normal;\">Live in Sin \u00c9 &#8211; Gigs<\/h2>\n<h3 style=\"font-size: 13px; margin: 0; padding: 0; line-height: 16px; color: #534438;\"><img loading=\"lazy\" decoding=\"async\" style=\"display: inline; float: left;\" src=\"http:\/\/dublineventguide.com\/dff\/admin\/images\/weekly.png\" alt=\"\" width=\"69\" height=\"16\" \/> 20:00, Sat 18 Jul<\/h3>\n<p style=\"font-size: 13px; color: #534438; line-height: 20px; margin: 0; padding-top: 0;\">Sin \u00c9, 14 Ormond Quay, Dublin 1<\/p>\n<table width=\"100%\" cellspacing=\"0\" cellpadding=\"0\">\n<tbody>\n<tr>\n<td valign=\"top\">\n<div style=\"font-size: 13px; color: #534438; line-height: 20px;\">\n<p style=\"margin: 10px 0;\">Live in Sin \u00c9 will feature a variety of bands and musicians at this weekly gig night on Saturdays. The event is presented by Super Happy Funtimes. Admission is free and the line-up is can be found on the Facebook Page below.<\/p>\n<p style=\"margin: 10px 0;\">The line-up this Saturday is Vernon Jane, Magic Moogle, Stitch Jones<\/p>\n<\/div>\n<div style=\"font-size: 13px; color: #534438; line-height: 20px;\"><\/div>\n<p style=\"font-size: 13px; color: #534438; line-height: 20px;\"><a style=\"color: #cc2979; text-decoration: none;\" href=\"https:\/\/www.facebook.com\/events\/1129782883703922\/\">https:\/\/www.facebook.com\/events\/1129782883703922\/<\/a><\/p>\n<\/td>\n<td valign=\"top\"><\/td>\n<\/tr>\n<\/tbody>\n<\/table>\n<\/td>\n<\/tr>\n<\/tbody>\n<\/table>\n<\/td>\n<\/tr>\n<\/tbody>\n<\/table>\n<table width=\"100%\" cellspacing=\"0\" cellpadding=\"0\">\n<tbody>\n<tr>\n<td style=\"padding: 10px 30px;\">\n<table width=\"100%\" cellspacing=\"0\" cellpadding=\"0\">\n<tbody>\n<tr>\n<td valign=\"top\" width=\"52\"><img loading=\"lazy\" decoding=\"async\" src=\"http:\/\/dublineventguide.com\/dff\/admin\/images\/categories\/MUSIC.png\" alt=\"\" width=\"32\" height=\"32\" \/><\/td>\n<td>\n<h2 style=\"font-size: 16px; color: #534438; margin: 0 0 5px; font-weight: normal;\">Popgun Warfare &#8211; Gig<\/h2>\n<h3 style=\"font-size: 13px; margin: 0; padding: 0; line-height: 16px; color: #534438;\">20:00, Sat 18 Jul<\/h3>\n<p style=\"font-size: 13px; color: #534438; line-height: 20px; margin: 0; padding-top: 0;\">Mercantile, 28 Dame Street, Dublin 2<\/p>\n<table width=\"100%\" cellspacing=\"0\" cellpadding=\"0\">\n<tbody>\n<tr>\n<td valign=\"top\">\n<div style=\"font-size: 13px; color: #534438; line-height: 20px;\">\n<p style=\"margin: 10px 0;\">Popgun Warfare will be in the Mercantile for a gig. Admission is free.<\/p>\n<\/div>\n<div style=\"font-size: 13px; color: #534438; line-height: 20px;\"><\/div>\n<p style=\"font-size: 13px; color: #534438; line-height: 20px;\"><a style=\"color: #cc2979; text-decoration: none;\" href=\"https:\/\/www.facebook.com\/themercantile\">https:\/\/www.facebook.com\/themercantile<\/a><\/p>\n<\/td>\n<td valign=\"top\"><\/td>\n<\/tr>\n<\/tbody>\n<\/table>\n<\/td>\n<\/tr>\n<\/tbody>\n<\/table>\n<\/td>\n<\/tr>\n<\/tbody>\n<\/table>\n<table width=\"100%\" cellspacing=\"0\" cellpadding=\"0\">\n<tbody>\n<tr>\n<td style=\"padding: 10px 30px;\">\n<table width=\"100%\" cellspacing=\"0\" cellpadding=\"0\">\n<tbody>\n<tr>\n<td valign=\"top\" width=\"52\"><img loading=\"lazy\" decoding=\"async\" src=\"http:\/\/dublineventguide.com\/dff\/admin\/images\/categories\/MUSIC.png\" alt=\"\" width=\"32\" height=\"32\" \/><\/td>\n<td>\n<h2 style=\"font-size: 16px; color: #534438; margin: 0 0 5px; font-weight: normal;\">Saturday Night Live &#8211; The Wine Cave<\/h2>\n<h3 style=\"font-size: 13px; margin: 0; padding: 0; line-height: 16px; color: #534438;\"><img loading=\"lazy\" decoding=\"async\" style=\"display: inline; float: left;\" src=\"http:\/\/dublineventguide.com\/dff\/admin\/images\/weekly.png\" alt=\"\" width=\"69\" height=\"16\" \/> 20:00 &#8211; 22:30, Sat 18 Jul<\/h3>\n<p style=\"font-size: 13px; color: #534438; line-height: 20px; margin: 0; padding-top: 0;\">KC Peaches (Wine Cave), 28\/29 Nassau St., Dublin 2<\/p>\n<table width=\"100%\" cellspacing=\"0\" cellpadding=\"0\">\n<tbody>\n<tr>\n<td valign=\"top\">\n<div style=\"font-size: 13px; color: #534438; line-height: 20px;\">\n<p style=\"margin: 10px 0;\">This is a weekly Saturday night live music event event downstairs in the Wine Cave of KC Peaches Cafe. Food will be served until 21:30 and wine, minerals &amp; music will be available until later. Admission is free and a donation into a hat at the end of the evening is appreciated.<\/p>\n<\/div>\n<div style=\"font-size: 13px; color: #534438; line-height: 20px;\"><\/div>\n<p style=\"font-size: 13px; color: #534438; line-height: 20px;\"><a style=\"color: #cc2979; text-decoration: none;\" href=\"https:\/\/www.facebook.com\/KCPeachesWineCave\">https:\/\/www.facebook.com\/KCPeachesWineCave<\/a><\/p>\n<\/td>\n<td valign=\"top\"><\/td>\n<\/tr>\n<\/tbody>\n<\/table>\n<\/td>\n<\/tr>\n<\/tbody>\n<\/table>\n<\/td>\n<\/tr>\n<\/tbody>\n<\/table>\n<table width=\"100%\" cellspacing=\"0\" cellpadding=\"0\">\n<tbody>\n<tr>\n<td style=\"padding: 10px 30px;\">\n<table width=\"100%\" cellspacing=\"0\" cellpadding=\"0\">\n<tbody>\n<tr>\n<td valign=\"top\" width=\"52\"><img loading=\"lazy\" decoding=\"async\" src=\"http:\/\/dublineventguide.com\/dff\/admin\/images\/categories\/MUSIC.png\" alt=\"\" width=\"32\" height=\"32\" \/><\/td>\n<td>\n<h2 style=\"font-size: 16px; color: #534438; margin: 0 0 5px; font-weight: normal;\">The Retronauts &#8211; Gig<\/h2>\n<h3 style=\"font-size: 13px; margin: 0; padding: 0; line-height: 16px; color: #534438;\">20:00, Sat 18 Jul<\/h3>\n<p style=\"font-size: 13px; color: #534438; line-height: 20px; margin: 0; padding-top: 0;\">Harbour Bar, 1 Strand Road, Bray, Co. Wicklow<\/p>\n<table width=\"100%\" cellspacing=\"0\" cellpadding=\"0\">\n<tbody>\n<tr>\n<td valign=\"top\">\n<div style=\"font-size: 13px; color: #534438; line-height: 20px;\">\n<p style=\"margin: 10px 0;\">The Retronauts will play a mix of Funk, Disco, Rock and Reggae. Admission is free.<\/p>\n<\/div>\n<div style=\"font-size: 13px; color: #534438; line-height: 20px;\"><\/div>\n<p style=\"font-size: 13px; color: #534438; line-height: 20px;\"><a style=\"color: #cc2979; text-decoration: none;\" href=\"http:\/\/www.theharbourbar.ie\/whats-on\/event\/the-retronauts-event1\">http:\/\/www.theharbourbar.ie\/whats-on\/event\/the-retronauts-event1<\/a><\/p>\n<\/td>\n<td valign=\"top\"><\/td>\n<\/tr>\n<\/tbody>\n<\/table>\n<\/td>\n<\/tr>\n<\/tbody>\n<\/table>\n<\/td>\n<\/tr>\n<\/tbody>\n<\/table>\n<table width=\"100%\" cellspacing=\"0\" cellpadding=\"0\">\n<tbody>\n<tr>\n<td style=\"padding: 10px 30px;\">\n<table width=\"100%\" cellspacing=\"0\" cellpadding=\"0\">\n<tbody>\n<tr>\n<td valign=\"top\" width=\"52\"><img loading=\"lazy\" decoding=\"async\" src=\"http:\/\/dublineventguide.com\/dff\/admin\/images\/categories\/COMEDY.png\" alt=\"\" width=\"32\" height=\"32\" \/><\/td>\n<td>\n<h2 style=\"font-size: 16px; color: #534438; margin: 0 0 5px; font-weight: normal;\">Being Wrong is Right with Robert Coyle &#8211; Comedy<\/h2>\n<h3 style=\"font-size: 13px; margin: 0; padding: 0; line-height: 16px; color: #534438;\">20:30 &#8211; 21:30, Sat 18 Jul<\/h3>\n<p style=\"font-size: 13px; color: #534438; line-height: 20px; margin: 0; padding-top: 0;\">Accents Coffee &amp; Tea Lounge, 23 Stephen Street Lower, Dublin 2<\/p>\n<table width=\"100%\" cellspacing=\"0\" cellpadding=\"0\">\n<tbody>\n<tr>\n<td valign=\"top\">\n<div style=\"font-size: 13px; color: #534438; line-height: 20px;\">\n<p style=\"margin: 10px 0;\">Robert Coyle is performing his new show &#8220;Being Wrong is Right with Robert Coyle&#8221; in Accents Cafe.<\/p>\n<p style=\"margin: 10px 0;\">Doors open at 20:00, the show starts at 20:30 and finishes at 22:00.<\/p>\n<p style=\"margin: 10px 0;\">Admission is free, but donations are welcome.<\/p>\n<\/div>\n<div style=\"font-size: 13px; color: #534438; line-height: 20px;\"><\/div>\n<p style=\"font-size: 13px; color: #534438; line-height: 20px;\"><a style=\"color: #cc2979; text-decoration: none;\" href=\"https:\/\/www.facebook.com\/events\/1588321768097865\/\">https:\/\/www.facebook.com\/events\/1588321768097865\/<\/a><\/p>\n<\/td>\n<td valign=\"top\"><\/td>\n<\/tr>\n<\/tbody>\n<\/table>\n<\/td>\n<\/tr>\n<\/tbody>\n<\/table>\n<\/td>\n<\/tr>\n<\/tbody>\n<\/table>\n<table width=\"100%\" cellspacing=\"0\" cellpadding=\"0\">\n<tbody>\n<tr>\n<td style=\"padding: 10px 30px;\">\n<table width=\"100%\" cellspacing=\"0\" cellpadding=\"0\">\n<tbody>\n<tr>\n<td valign=\"top\" width=\"52\"><img loading=\"lazy\" decoding=\"async\" src=\"http:\/\/dublineventguide.com\/dff\/admin\/images\/categories\/MUSIC.png\" alt=\"\" width=\"32\" height=\"32\" \/><\/td>\n<td>\n<h2 style=\"font-size: 16px; color: #534438; margin: 0 0 5px; font-weight: normal;\">Dublin City Ramblers &#8211; Gig<\/h2>\n<h3 style=\"font-size: 13px; margin: 0; padding: 0; line-height: 16px; color: #534438;\">21:00, Sat 18 Jul<\/h3>\n<p style=\"font-size: 13px; color: #534438; line-height: 20px; margin: 0; padding-top: 0;\">The Mezz, 24\/25 Eustace Street, Temple Bar, Dublin 2<\/p>\n<table width=\"100%\" cellspacing=\"0\" cellpadding=\"0\">\n<tbody>\n<tr>\n<td valign=\"top\">\n<div style=\"font-size: 13px; color: #534438; line-height: 20px;\">\n<p style=\"margin: 10px 0;\">The Dublin City Ramblers will be in the Mezz for a free gig from 21:00.<\/p>\n<\/div>\n<div style=\"font-size: 13px; color: #534438; line-height: 20px;\"><\/div>\n<p style=\"font-size: 13px; color: #534438; line-height: 20px;\"><a style=\"color: #cc2979; text-decoration: none;\" href=\"https:\/\/www.facebook.com\/mezzdublin\">https:\/\/www.facebook.com\/mezzdublin<\/a><\/p>\n<\/td>\n<td valign=\"top\"><\/td>\n<\/tr>\n<\/tbody>\n<\/table>\n<\/td>\n<\/tr>\n<\/tbody>\n<\/table>\n<\/td>\n<\/tr>\n<\/tbody>\n<\/table>\n<table width=\"100%\" cellspacing=\"0\" cellpadding=\"0\">\n<tbody>\n<tr>\n<td style=\"padding: 10px 30px;\">\n<table width=\"100%\" cellspacing=\"0\" cellpadding=\"0\">\n<tbody>\n<tr>\n<td valign=\"top\" width=\"52\"><img loading=\"lazy\" decoding=\"async\" src=\"http:\/\/dublineventguide.com\/dff\/admin\/images\/categories\/MUSIC.png\" alt=\"\" width=\"32\" height=\"32\" \/><\/td>\n<td>\n<h2 style=\"font-size: 16px; color: #534438; margin: 0 0 5px; font-weight: normal;\">Jazz on the Green<\/h2>\n<h3 style=\"font-size: 13px; margin: 0; padding: 0; line-height: 16px; color: #534438;\">21:00 &#8211; 23:30, Sat 18 Jul<\/h3>\n<p style=\"font-size: 13px; color: #534438; line-height: 20px; margin: 0; padding-top: 0;\">The Fitzwilliam Hotel Dublin, St. Stephen&#8217;s Green<\/p>\n<table width=\"100%\" cellspacing=\"0\" cellpadding=\"0\">\n<tbody>\n<tr>\n<td valign=\"top\">\n<div style=\"font-size: 13px; color: #534438; line-height: 20px;\">\n<p style=\"margin: 10px 0;\">Jazz on the Green is now provided every Saturday in the bar of the Fitzwilliam Hotel. Admission is free.<\/p>\n<p style=\"margin: 10px 0;\">This week Liza Nelson (vocals) and Eanna Ryder (piano) will perform.<\/p>\n<\/div>\n<div style=\"font-size: 13px; color: #534438; line-height: 20px;\"><\/div>\n<p style=\"font-size: 13px; color: #534438; line-height: 20px;\"><a style=\"color: #cc2979; text-decoration: none;\" href=\"http:\/\/www.fitzwilliamhoteldublin.com\/\">http:\/\/www.fitzwilliamhoteldublin.com\/<\/a><\/p>\n<\/td>\n<td valign=\"top\"><\/td>\n<\/tr>\n<\/tbody>\n<\/table>\n<\/td>\n<\/tr>\n<\/tbody>\n<\/table>\n<\/td>\n<\/tr>\n<\/tbody>\n<\/table>\n<table width=\"100%\" cellspacing=\"0\" cellpadding=\"0\">\n<tbody>\n<tr>\n<td style=\"padding: 10px 30px;\">\n<table width=\"100%\" cellspacing=\"0\" cellpadding=\"0\">\n<tbody>\n<tr>\n<td valign=\"top\" width=\"52\"><img loading=\"lazy\" decoding=\"async\" src=\"http:\/\/dublineventguide.com\/dff\/admin\/images\/categories\/MUSIC.png\" alt=\"\" width=\"32\" height=\"32\" \/><\/td>\n<td>\n<h2 style=\"font-size: 16px; color: #534438; margin: 0 0 5px; font-weight: normal;\">Live Music &#8211; Stillorgan Orchard<\/h2>\n<h3 style=\"font-size: 13px; margin: 0; padding: 0; line-height: 16px; color: #534438;\"><img loading=\"lazy\" decoding=\"async\" style=\"display: inline; float: left;\" src=\"http:\/\/dublineventguide.com\/dff\/admin\/images\/weekly.png\" alt=\"\" width=\"69\" height=\"16\" \/> 21:00, Sat 18 Jul<\/h3>\n<p style=\"font-size: 13px; color: #534438; line-height: 20px; margin: 0; padding-top: 0;\">Stillorgan Orchard, The Hill, Stillorgan, Co. Dublin<\/p>\n<table width=\"100%\" cellspacing=\"0\" cellpadding=\"0\">\n<tbody>\n<tr>\n<td valign=\"top\">\n<div style=\"font-size: 13px; color: #534438; line-height: 20px;\">\n<p style=\"margin: 10px 0;\">The Stillorgan Orchard has live music every Friday and Saturday. Many of the performers are established and very good bands. The upcoming gigs are detailed on the website below. Admission is always free.<\/p>\n<\/div>\n<div style=\"font-size: 13px; color: #534438; line-height: 20px;\"><\/div>\n<p style=\"font-size: 13px; color: #534438; line-height: 20px;\"><a style=\"color: #cc2979; text-decoration: none;\" href=\"http:\/\/www.stillorganorchard.com\/live_music.html\">http:\/\/www.stillorganorchard.com\/live_music.html<\/a><\/p>\n<\/td>\n<td valign=\"top\"><\/td>\n<\/tr>\n<\/tbody>\n<\/table>\n<\/td>\n<\/tr>\n<\/tbody>\n<\/table>\n<\/td>\n<\/tr>\n<\/tbody>\n<\/table>\n<table width=\"100%\" cellspacing=\"0\" cellpadding=\"0\">\n<tbody>\n<tr>\n<td style=\"padding: 10px 30px;\">\n<table width=\"100%\" cellspacing=\"0\" cellpadding=\"0\">\n<tbody>\n<tr>\n<td valign=\"top\" width=\"52\"><img loading=\"lazy\" decoding=\"async\" src=\"http:\/\/dublineventguide.com\/dff\/admin\/images\/categories\/MUSIC.png\" alt=\"\" width=\"32\" height=\"32\" \/><\/td>\n<td>\n<h2 style=\"font-size: 16px; color: #534438; margin: 0 0 5px; font-weight: normal;\">One Horse Pony &#8211; Gig<\/h2>\n<h3 style=\"font-size: 13px; margin: 0; padding: 0; line-height: 16px; color: #534438;\">22:00, Sat 18 Jul<\/h3>\n<p style=\"font-size: 13px; color: #534438; line-height: 20px; margin: 0; padding-top: 0;\">Whelan&#8217;s, 25 Wexford Street, Dublin 2<\/p>\n<table width=\"100%\" cellspacing=\"0\" cellpadding=\"0\">\n<tbody>\n<tr>\n<td valign=\"top\">\n<div style=\"font-size: 13px; color: #534438; line-height: 20px;\">\n<p style=\"margin: 10px 0;\">One Horse Pony, an acoustic Blues band from Cork, will play a free gig in Whelan&#8217;s.<\/p>\n<\/div>\n<div style=\"font-size: 13px; color: #534438; line-height: 20px;\"><\/div>\n<p style=\"font-size: 13px; color: #534438; line-height: 20px;\"><a style=\"color: #cc2979; text-decoration: none;\" href=\"http:\/\/www.whelanslive.com\/index.php\/live-from-the-window-w-one-horse-pony-3\/\">http:\/\/www.whelanslive.com\/index.php\/live-from-the-window-w-one-horse-pony-3\/<\/a><\/p>\n<\/td>\n<td valign=\"top\"><\/td>\n<\/tr>\n<\/tbody>\n<\/table>\n<\/td>\n<\/tr>\n<\/tbody>\n<\/table>\n<\/td>\n<\/tr>\n<\/tbody>\n<\/table>\n<table width=\"100%\" cellspacing=\"0\" cellpadding=\"0\">\n<tbody>\n<tr>\n<td style=\"padding: 10px 30px;\">\n<table width=\"100%\" cellspacing=\"0\" cellpadding=\"0\">\n<tbody>\n<tr>\n<td valign=\"top\" width=\"52\"><img loading=\"lazy\" decoding=\"async\" src=\"http:\/\/dublineventguide.com\/dff\/admin\/images\/categories\/MUSIC.png\" alt=\"\" width=\"32\" height=\"32\" \/><\/td>\n<td>\n<h2 style=\"font-size: 16px; color: #534438; margin: 0 0 5px; font-weight: normal;\">The Bonnevilles &#8211; Gig<\/h2>\n<h3 style=\"font-size: 13px; margin: 0; padding: 0; line-height: 16px; color: #534438;\">23:55, Sat 18 Jul<\/h3>\n<p style=\"font-size: 13px; color: #534438; line-height: 20px; margin: 0; padding-top: 0;\">The Mezz, 24\/25 Eustace Street, Temple Bar, Dublin 2<\/p>\n<table width=\"100%\" cellspacing=\"0\" cellpadding=\"0\">\n<tbody>\n<tr>\n<td valign=\"top\">\n<div style=\"font-size: 13px; color: #534438; line-height: 20px;\">\n<p style=\"margin: 10px 0;\">The Bonnevilles will be in the Mezz for a gig from 01:00. Admission is free.<\/p>\n<\/div>\n<div style=\"font-size: 13px; color: #534438; line-height: 20px;\"><\/div>\n<p style=\"font-size: 13px; color: #534438; line-height: 20px;\"><a style=\"color: #cc2979; text-decoration: none;\" href=\"https:\/\/www.facebook.com\/mezzdublin\">https:\/\/www.facebook.com\/mezzdublin<\/a><\/p>\n<\/td>\n<td valign=\"top\"><\/td>\n<\/tr>\n<\/tbody>\n<\/table>\n<\/td>\n<\/tr>\n<\/tbody>\n<\/table>\n<\/td>\n<\/tr>\n<\/tbody>\n<\/table>\n<table id=\"day_1437260400\" style=\"margin-top: 10px;\" width=\"100%\" cellspacing=\"0\" cellpadding=\"0\">\n<tbody>\n<tr style=\"background-color: #c20162; color: #fff;\">\n<td style=\"padding: 0; line-height: 1; height: 34px; overflow: hidden;\">\n<p style=\"width: 630px; padding-left: 30px; margin: 0; height: 34px; overflow: hidden; line-height: 34px;\"><a name=\"day_1437260400\"><\/a><strong>Sunday <\/strong> 19 Jul<\/p>\n<\/td>\n<td>\n<p style=\"margin: 0; line-height: 34px; padding: 0; font-size: 13px;\"><a style=\"color: #fff; text-decoration: none;\" href=\"#dff_top\">back to top<\/a><\/p>\n<\/td>\n<td>\n<p style=\"margin: 0; padding: 0; font-size: 13px;\"><a style=\"color: #fff; text-decoration: none;\" href=\"#dff_top\"><img loading=\"lazy\" decoding=\"async\" src=\"http:\/\/dublineventguide.com\/dff\/admin\/images\/dividers\/date_toplink.png\" alt=\"Back to top\" width=\"38\" height=\"34\" \/><\/a><\/p>\n<\/td>\n<td width=\"50\"><\/td>\n<\/tr>\n<\/tbody>\n<\/table>\n<table width=\"100%\" cellspacing=\"0\" cellpadding=\"0\">\n<tbody>\n<tr>\n<td style=\"padding: 10px 30px;\">\n<table width=\"100%\" cellspacing=\"0\" cellpadding=\"0\">\n<tbody>\n<tr>\n<td valign=\"top\" width=\"52\"><img loading=\"lazy\" decoding=\"async\" src=\"http:\/\/dublineventguide.com\/dff\/admin\/images\/categories\/MARKETS.png\" alt=\"\" width=\"32\" height=\"32\" \/><\/td>\n<td>\n<h2 style=\"font-size: 16px; color: #534438; margin: 0 0 5px; font-weight: normal;\">Belgard Weekend Market<\/h2>\n<h3 style=\"font-size: 13px; margin: 0; padding: 0; line-height: 16px; color: #534438;\"><img loading=\"lazy\" decoding=\"async\" style=\"display: inline; float: left;\" src=\"http:\/\/dublineventguide.com\/dff\/admin\/images\/weekly.png\" alt=\"\" width=\"69\" height=\"16\" \/> 10:00 &#8211; 17:00, Sun 19 Jul<\/h3>\n<p style=\"font-size: 13px; color: #534438; line-height: 20px; margin: 0; padding-top: 0;\">Belgard Road, Dublin 24<\/p>\n<table width=\"100%\" cellspacing=\"0\" cellpadding=\"0\">\n<tbody>\n<tr>\n<td valign=\"top\">\n<div style=\"font-size: 13px; color: #534438; line-height: 20px;\">\n<p style=\"margin: 10px 0;\">The Belgard Weekend Market is an indoor market with stalls with handcraft (incl. designer jewellery, aran jumpers and wool, christening robes and shawls, cards and cross stitch), household items, bric and brac, furniture, flowers, make-up, clothes, shoes, showers, upholstery, toys, kitchens, cafe, army memorabilia, collectors items, sweets, handbags books, blinds, party shop, tools and more.<\/p>\n<p style=\"margin: 10px 0;\">It is open every Saturday and Sunday and is located in the Glen Abbey complex (opposite Jacobs) on Belgard Road.<\/p>\n<\/div>\n<div style=\"font-size: 13px; color: #534438; line-height: 20px;\"><\/div>\n<p style=\"font-size: 13px; color: #534438; line-height: 20px;\"><a style=\"color: #cc2979; text-decoration: none;\" href=\"https:\/\/www.facebook.com\/belgardmarket\">https:\/\/www.facebook.com\/belgardmarket<\/a><\/p>\n<\/td>\n<td valign=\"top\"><\/td>\n<\/tr>\n<\/tbody>\n<\/table>\n<\/td>\n<\/tr>\n<\/tbody>\n<\/table>\n<\/td>\n<\/tr>\n<\/tbody>\n<\/table>\n<table width=\"100%\" cellspacing=\"0\" cellpadding=\"0\">\n<tbody>\n<tr>\n<td style=\"padding: 10px 30px;\">\n<table width=\"100%\" cellspacing=\"0\" cellpadding=\"0\">\n<tbody>\n<tr>\n<td valign=\"top\" width=\"52\"><img loading=\"lazy\" decoding=\"async\" src=\"http:\/\/dublineventguide.com\/dff\/admin\/images\/categories\/ACTIVITY.png\" alt=\"\" width=\"32\" height=\"32\" \/><\/td>\n<td>\n<h2 style=\"font-size: 16px; color: #534438; margin: 0 0 5px; font-weight: normal;\">Fitminds &#8211; Training with a difference<\/h2>\n<h3 style=\"font-size: 13px; margin: 0; padding: 0; line-height: 16px; color: #534438;\">10:00 &#8211; 11:00, Sun 19 Jul<\/h3>\n<p style=\"font-size: 13px; color: #534438; line-height: 20px; margin: 0; padding-top: 0;\">Hampstead Avenue, Glasnevin, Dublin 9<\/p>\n<table width=\"100%\" cellspacing=\"0\" cellpadding=\"0\">\n<tbody>\n<tr>\n<td valign=\"top\">\n<div style=\"font-size: 13px; color: #534438; line-height: 20px;\">\n<p>Working towards &#8211; a fit mind. Fitminds is a new regular Sunday workshop which brings together the benefits of fitness &amp; Mindfulness training. Move your body first, then meditate&#8230; and see how your mind likes it.<br \/>\nAdmission is free, but donations are welcome (max EUR 10).<\/p>\n<p style=\"margin: 10px 0;\">There will be interval training (walk, job, sprint) with varying intensity to accommodate all levels of fitness, followed by meditation. The event is hosted by Backtobasics who are a team of health professionals, personal trainers and wellness practitioners.<\/p>\n<p>Fitminds takes place in the Gym on the Old Hampstead Hospital Grounds on Hampstead Avenue, Glasnevin, Dublin 9, just off Ballymun Road and adjacent to Albert College Park. For questions, ring Peter on <span data-reactid=\".1.0.0\">086 217 9917<\/span> .<\/p>\n<\/div>\n<div style=\"font-size: 13px; color: #534438; line-height: 20px;\"><\/div>\n<p style=\"font-size: 13px; color: #534438; line-height: 20px;\"><a style=\"color: #cc2979; text-decoration: none;\" href=\"https:\/\/www.facebook.com\/events\/1591693224415919\/\">https:\/\/www.facebook.com\/events\/1591693224415919\/<\/a><\/p>\n<\/td>\n<td valign=\"top\"><\/td>\n<\/tr>\n<\/tbody>\n<\/table>\n<\/td>\n<\/tr>\n<\/tbody>\n<\/table>\n<\/td>\n<\/tr>\n<\/tbody>\n<\/table>\n<table width=\"100%\" cellspacing=\"0\" cellpadding=\"0\">\n<tbody>\n<tr>\n<td style=\"padding: 10px 30px;\">\n<table width=\"100%\" cellspacing=\"0\" cellpadding=\"0\">\n<tbody>\n<tr>\n<td valign=\"top\" width=\"52\"><img loading=\"lazy\" decoding=\"async\" src=\"http:\/\/dublineventguide.com\/dff\/admin\/images\/categories\/MARKETS.png\" alt=\"\" width=\"32\" height=\"32\" \/><\/td>\n<td>\n<h2 style=\"font-size: 16px; color: #534438; margin: 0 0 5px; font-weight: normal;\">Jamestown Market<\/h2>\n<h3 style=\"font-size: 13px; margin: 0; padding: 0; line-height: 16px; color: #534438;\"><img loading=\"lazy\" decoding=\"async\" style=\"display: inline; float: left;\" src=\"http:\/\/dublineventguide.com\/dff\/admin\/images\/weekly.png\" alt=\"\" width=\"69\" height=\"16\" \/> 10:00 &#8211; 17:00, Sun 19 Jul<\/h3>\n<p style=\"font-size: 13px; color: #534438; line-height: 20px; margin: 0; padding-top: 0;\">Jamestown Market, 90 Jamestown Road, Inchicore, Dublin 8<\/p>\n<table width=\"100%\" cellspacing=\"0\" cellpadding=\"0\">\n<tbody>\n<tr>\n<td valign=\"top\">\n<div style=\"font-size: 13px; color: #534438; line-height: 20px;\">\n<p style=\"margin: 10px 0;\">Jamestown Flea Market + Car Boot Sale takes place every Sat+Sun from 10:00-17:00. You can reach it from Tyrconnell Road and from Kylemore Road and it is within 3 min from Black Horse stop on the red Luas line. There is free parking.<\/p>\n<\/div>\n<div style=\"font-size: 13px; color: #534438; line-height: 20px;\"><\/div>\n<p style=\"font-size: 13px; color: #534438; line-height: 20px;\"><a style=\"color: #cc2979; text-decoration: none;\" href=\"http:\/\/www.jamestownmarket.com\">http:\/\/www.jamestownmarket.com<\/a><\/p>\n<\/td>\n<td valign=\"top\"><\/td>\n<\/tr>\n<\/tbody>\n<\/table>\n<\/td>\n<\/tr>\n<\/tbody>\n<\/table>\n<\/td>\n<\/tr>\n<\/tbody>\n<\/table>\n<table width=\"100%\" cellspacing=\"0\" cellpadding=\"0\">\n<tbody>\n<tr>\n<td style=\"padding: 10px 30px;\">\n<table width=\"100%\" cellspacing=\"0\" cellpadding=\"0\">\n<tbody>\n<tr>\n<td valign=\"top\" width=\"52\"><img loading=\"lazy\" decoding=\"async\" src=\"http:\/\/dublineventguide.com\/dff\/admin\/images\/categories\/ART.png\" alt=\"\" width=\"32\" height=\"32\" \/><\/td>\n<td>\n<h2 style=\"font-size: 16px; color: #534438; margin: 0 0 5px; font-weight: normal;\">Merrion Square Open Air Gallery<\/h2>\n<h3 style=\"font-size: 13px; margin: 0; padding: 0; line-height: 16px; color: #534438;\"><img loading=\"lazy\" decoding=\"async\" style=\"display: inline; float: left;\" src=\"http:\/\/dublineventguide.com\/dff\/admin\/images\/weekly.png\" alt=\"\" width=\"69\" height=\"16\" \/> 10:00 &#8211; 18:30, Sun 19 Jul<\/h3>\n<p style=\"font-size: 13px; color: #534438; line-height: 20px; margin: 0; padding-top: 0;\">Merrion Square, Dublin 2<\/p>\n<table width=\"100%\" cellspacing=\"0\" cellpadding=\"0\">\n<tbody>\n<tr>\n<td valign=\"top\">\n<div style=\"font-size: 13px; color: #534438; line-height: 20px;\">\n<p style=\"margin: 10px 0;\">Every Sunday, the Merrion Square Open Air Art Gallery takes place. Up to 200 artists exhibit their paintings on the railings on three sides (West, North and East) of Merrion Square and you can just enjoy the exhibition or even buy.<\/p>\n<\/div>\n<div style=\"font-size: 13px; color: #534438; line-height: 20px;\"><\/div>\n<p style=\"font-size: 13px; color: #534438; line-height: 20px;\"><a style=\"color: #cc2979; text-decoration: none;\" href=\"http:\/\/www.merrionsquareart.com\/\">http:\/\/www.merrionsquareart.com\/<\/a><\/p>\n<\/td>\n<td valign=\"top\"><\/td>\n<\/tr>\n<\/tbody>\n<\/table>\n<\/td>\n<\/tr>\n<\/tbody>\n<\/table>\n<\/td>\n<\/tr>\n<\/tbody>\n<\/table>\n<table width=\"100%\" cellspacing=\"0\" cellpadding=\"0\">\n<tbody>\n<tr>\n<td style=\"padding: 10px 30px;\">\n<table width=\"100%\" cellspacing=\"0\" cellpadding=\"0\">\n<tbody>\n<tr>\n<td valign=\"top\" width=\"52\"><img loading=\"lazy\" decoding=\"async\" src=\"http:\/\/dublineventguide.com\/dff\/admin\/images\/categories\/ACTIVITY.png\" alt=\"\" width=\"32\" height=\"32\" \/><\/td>\n<td>\n<h2 style=\"font-size: 16px; color: #534438; margin: 0 0 5px; font-weight: normal;\">Rose Festival &#8211; St. Anne&#8217;s Park<\/h2>\n<h3 style=\"font-size: 13px; margin: 0; padding: 0; line-height: 16px; color: #534438;\">10:00 &#8211; 18:00, Sun 19 Jul<\/h3>\n<p style=\"font-size: 13px; color: #534438; line-height: 20px; margin: 0; padding-top: 0;\">St. Anne\u2019s Park, Raheny, Dublin 5<\/p>\n<table width=\"100%\" cellspacing=\"0\" cellpadding=\"0\">\n<tbody>\n<tr>\n<td valign=\"top\">\n<div style=\"font-size: 13px; color: #534438; line-height: 20px;\">\n<p style=\"margin: 10px 0;\">The Rose Festival is happening this weekend on Saturday and Sunday (18+19 July) in St. Anne&#8217;s Park in Raheny. I am not sure what the state the rose garden is in after the very mixed weather with heavy rain in recent days, but roses are only one reason to come to St. Anne&#8217;s Park.<\/p>\n<p style=\"margin: 10px 0;\">There will be a mix of food, arts&amp;crafts, music and family fun. Wolly Wards Farm will be there with all their cute animals, Silly Billy will entertain kids, A Biodiversity Village and the Big Dig Archaeology workshop will educate. Free horse and carriage rides, a Falconry Exhibition, flower growers and bee keepers will also help to make your afternoon special.<\/p>\n<p style=\"margin: 10px 0;\">The music programme is<\/p>\n<p>Saturday<br \/>\n12:00-14:00 Traditional Music<br \/>\n14:30-15:15 Ballet Fusion<br \/>\n16:00-18:00 Prairie Dawgs Sunday<br \/>\n&#8212;&#8212;&#8212;&#8212;-<br \/>\nSunday<br \/>\n12:00-13:00 Traditional Music<br \/>\n13:30-14:15 Ballet Fusion<br \/>\n15:00-16:30 The Army No.1 Band<br \/>\n16:30-18:00 Prairie Dawgs<\/p>\n<p style=\"margin: 10px 0;\">Admission is free.<\/p>\n<\/div>\n<div style=\"font-size: 13px; color: #534438; line-height: 20px;\"><\/div>\n<p style=\"font-size: 13px; color: #534438; line-height: 20px;\"><a style=\"color: #cc2979; text-decoration: none;\" href=\"http:\/\/www.dublincity.ie\/main-menu-services-culture-events-dublin-city-upcoming-events\/rose-festival\">http:\/\/www.dublincity.ie\/main-menu-services-culture-events-dublin-city-upcoming-events\/rose-festival<\/a><\/p>\n<\/td>\n<td style=\"padding: 16px 0 0 0;\" valign=\"top\" width=\"132\"><!-- EVENT PHOTO --><img decoding=\"async\" style=\"margin: 0 10px 0 0;\" src=\"http:\/\/dublineventguide.com\/dff\/admin\/api\/show\/29335\" alt=\"\" width=\"120\" \/><\/td>\n<\/tr>\n<\/tbody>\n<\/table>\n<\/td>\n<\/tr>\n<\/tbody>\n<\/table>\n<\/td>\n<\/tr>\n<\/tbody>\n<\/table>\n<table width=\"100%\" cellspacing=\"0\" cellpadding=\"0\">\n<tbody>\n<tr>\n<td style=\"padding: 10px 30px;\">\n<table width=\"100%\" cellspacing=\"0\" cellpadding=\"0\">\n<tbody>\n<tr>\n<td valign=\"top\" width=\"52\"><img loading=\"lazy\" decoding=\"async\" src=\"http:\/\/dublineventguide.com\/dff\/admin\/images\/categories\/ACTIVITY.png\" alt=\"\" width=\"32\" height=\"32\" \/><\/td>\n<td>\n<h2 style=\"font-size: 16px; color: #534438; margin: 0 0 5px; font-weight: normal;\">&#8220;Fairies in the Park&#8221; &#8211; Family Fun Day &#8211; Farmleigh House<\/h2>\n<h3 style=\"font-size: 13px; margin: 0; padding: 0; line-height: 16px; color: #534438;\">11:00, Sun 19 Jul<\/h3>\n<p style=\"font-size: 13px; color: #534438; line-height: 20px; margin: 0; padding-top: 0;\">Farmleigh House, Castleknock end of Phoenix Park, Dublin 15<\/p>\n<table width=\"100%\" cellspacing=\"0\" cellpadding=\"0\">\n<tbody>\n<tr>\n<td valign=\"top\">\n<div style=\"font-size: 13px; color: #534438; line-height: 20px;\">\n<p style=\"margin: 10px 0;\">Farmleigh House invites to their Summer Programme from 12 July where on all Sundays and some Saturdays in July &#8220;Fairies in the Park&#8221; feature through Storytelling and Workshops. Kids and parents are invited to hear the stories and to create magical fairy tools that can be brought home.<\/p>\n<p style=\"margin: 10px 0;\">This week the event takes place on Saturday AND Sunday. The Storytelling and Workshops alternate in one-hour slots from 11:00-17:00.<\/p>\n<p style=\"margin: 10px 0;\">Check the website below for all details. Admission is free.<\/p>\n<p style=\"margin: 10px 0;\">From 14:00-16:00, the Drogheda Brass Band will play in the Bandstand in the garden of Farmleigh House.<\/p>\n<\/div>\n<div style=\"font-size: 13px; color: #534438; line-height: 20px;\"><\/div>\n<p style=\"font-size: 13px; color: #534438; line-height: 20px;\"><a style=\"color: #cc2979; text-decoration: none;\" href=\"http:\/\/www.farmleigh.ie\/events\/Title,34467,en.html\">http:\/\/www.farmleigh.ie\/events\/Title,34467,en.html<\/a><\/p>\n<\/td>\n<td valign=\"top\"><\/td>\n<\/tr>\n<\/tbody>\n<\/table>\n<\/td>\n<\/tr>\n<\/tbody>\n<\/table>\n<\/td>\n<\/tr>\n<\/tbody>\n<\/table>\n<table width=\"100%\" cellspacing=\"0\" cellpadding=\"0\">\n<tbody>\n<tr>\n<td style=\"padding: 10px 30px;\">\n<table width=\"100%\" cellspacing=\"0\" cellpadding=\"0\">\n<tbody>\n<tr>\n<td valign=\"top\" width=\"52\"><img loading=\"lazy\" decoding=\"async\" src=\"http:\/\/dublineventguide.com\/dff\/admin\/images\/categories\/MARKETS.png\" alt=\"\" width=\"32\" height=\"32\" \/><\/td>\n<td>\n<h2 style=\"font-size: 16px; color: #534438; margin: 0 0 5px; font-weight: normal;\">Brocante Furniture &amp; Vintage Market<\/h2>\n<h3 style=\"font-size: 13px; margin: 0; padding: 0; line-height: 16px; color: #534438;\">11:00 &#8211; 17:00, Sun 19 Jul<\/h3>\n<p style=\"font-size: 13px; color: #534438; line-height: 20px; margin: 0; padding-top: 0;\">Dublin Food Co-op, 12 Newmarket Square, Dublin 8<\/p>\n<table width=\"100%\" cellspacing=\"0\" cellpadding=\"0\">\n<tbody>\n<tr>\n<td valign=\"top\">\n<div style=\"font-size: 13px; color: #534438; line-height: 20px;\">\n<p style=\"margin: 10px 0;\">The Brocante Market will take place on Sunday. It is a collection of antiques, furniture, vintage jewellery, collectables and curiosities from the past and present, second-hand, refurbished, antique and hand-crafted stuff for your house and garden. If you are an interior designer or just have and eye for style and are looking for a special piece or maybe a bargain then this is the market for you. The market is held every 3rd Sunday of the month.<\/p>\n<p style=\"margin: 10px 0;\">Admission is free.<\/p>\n<\/div>\n<div style=\"font-size: 13px; color: #534438; line-height: 20px;\"><\/div>\n<p style=\"font-size: 13px; color: #534438; line-height: 20px;\"><a style=\"color: #cc2979; text-decoration: none;\" href=\"https:\/\/www.facebook.com\/thebrocantemarket\">https:\/\/www.facebook.com\/thebrocantemarket<\/a><\/p>\n<\/td>\n<td valign=\"top\"><\/td>\n<\/tr>\n<\/tbody>\n<\/table>\n<\/td>\n<\/tr>\n<\/tbody>\n<\/table>\n<\/td>\n<\/tr>\n<\/tbody>\n<\/table>\n<table width=\"100%\" cellspacing=\"0\" cellpadding=\"0\">\n<tbody>\n<tr>\n<td style=\"padding: 10px 30px;\">\n<table width=\"100%\" cellspacing=\"0\" cellpadding=\"0\">\n<tbody>\n<tr>\n<td valign=\"top\" width=\"52\"><img loading=\"lazy\" decoding=\"async\" src=\"http:\/\/dublineventguide.com\/dff\/admin\/images\/categories\/MARKETS.png\" alt=\"\" width=\"32\" height=\"32\" \/><\/td>\n<td>\n<h2 style=\"font-size: 16px; color: #534438; margin: 0 0 5px; font-weight: normal;\">Dun Laoghaire Market<\/h2>\n<h3 style=\"font-size: 13px; margin: 0; padding: 0; line-height: 16px; color: #534438;\"><img loading=\"lazy\" decoding=\"async\" style=\"display: inline; float: left;\" src=\"http:\/\/dublineventguide.com\/dff\/admin\/images\/weekly.png\" alt=\"\" width=\"69\" height=\"16\" \/> 11:00 &#8211; 16:00, Sun 19 Jul<\/h3>\n<p style=\"font-size: 13px; color: #534438; line-height: 20px; margin: 0; padding-top: 0;\">People&#8217;s Park, Dun Laoghaire, Co. Dublin<\/p>\n<table width=\"100%\" cellspacing=\"0\" cellpadding=\"0\">\n<tbody>\n<tr>\n<td valign=\"top\">\n<div style=\"font-size: 13px; color: #534438; line-height: 20px;\">\n<p style=\"margin: 10px 0;\">A weekly market with lots of food, but also many other products (art &amp; crafts, books, etc) takes place every Sunday in the beautiful People&#8217;s Park in Dun Laoghaire. It is a very popular market and with around 50 vendors also one of the bigger markets.<\/p>\n<\/div>\n<div style=\"font-size: 13px; color: #534438; line-height: 20px;\"><\/div>\n<p style=\"font-size: 13px; color: #534438; line-height: 20px;\"><a style=\"color: #cc2979; text-decoration: none;\" href=\"http:\/\/www.dlrcoco.ie\/aboutus\/councildepartments\/environment\/findit\/markets\/\">http:\/\/www.dlrcoco.ie\/aboutus\/councildepartments\/environment\/findit\/markets\/<\/a><\/p>\n<\/td>\n<td valign=\"top\"><\/td>\n<\/tr>\n<\/tbody>\n<\/table>\n<\/td>\n<\/tr>\n<\/tbody>\n<\/table>\n<\/td>\n<\/tr>\n<\/tbody>\n<\/table>\n<table width=\"100%\" cellspacing=\"0\" cellpadding=\"0\">\n<tbody>\n<tr>\n<td style=\"padding: 10px 30px;\">\n<table width=\"100%\" cellspacing=\"0\" cellpadding=\"0\">\n<tbody>\n<tr>\n<td valign=\"top\" width=\"52\"><img loading=\"lazy\" decoding=\"async\" src=\"http:\/\/dublineventguide.com\/dff\/admin\/images\/categories\/MUSIC.png\" alt=\"\" width=\"32\" height=\"32\" \/><\/td>\n<td>\n<h2 style=\"font-size: 16px; color: #534438; margin: 0 0 5px; font-weight: normal;\">Palestrina Choir<\/h2>\n<h3 style=\"font-size: 13px; margin: 0; padding: 0; line-height: 16px; color: #534438;\"><img loading=\"lazy\" decoding=\"async\" style=\"display: inline; float: left;\" src=\"http:\/\/dublineventguide.com\/dff\/admin\/images\/weekly.png\" alt=\"\" width=\"69\" height=\"16\" \/> 11:00, Sun 19 Jul<\/h3>\n<p style=\"font-size: 13px; color: #534438; line-height: 20px; margin: 0; padding-top: 0;\">St. Mary&#8217;s Pro-Cathedral, 83 Marlborough Street, Dublin 1<\/p>\n<table width=\"100%\" cellspacing=\"0\" cellpadding=\"0\">\n<tbody>\n<tr>\n<td valign=\"top\">\n<div style=\"font-size: 13px; color: #534438; line-height: 20px;\">\n<p style=\"margin: 10px 0;\">The well known Palestrina Choir sing every Sunday at the mass in St Mary&#8217;s Pro-Cathedral. They sing complete masterworks by Mozart, Haydn, Dvorak, Palestrina, de Victoria, usually accompanied by Prof. Gerard Gillen on the organ, who often also plays a solo piece.<\/p>\n<\/div>\n<div style=\"font-size: 13px; color: #534438; line-height: 20px;\"><\/div>\n<p style=\"font-size: 13px; color: #534438; line-height: 20px;\"><a style=\"color: #cc2979; text-decoration: none;\" href=\"http:\/\/www.procathedral.ie\/music\/this-week\">http:\/\/www.procathedral.ie\/music\/this-week<\/a><\/p>\n<\/td>\n<td valign=\"top\"><\/td>\n<\/tr>\n<\/tbody>\n<\/table>\n<\/td>\n<\/tr>\n<\/tbody>\n<\/table>\n<\/td>\n<\/tr>\n<\/tbody>\n<\/table>\n<table width=\"100%\" cellspacing=\"0\" cellpadding=\"0\">\n<tbody>\n<tr>\n<td style=\"padding: 10px 30px;\">\n<table width=\"100%\" cellspacing=\"0\" cellpadding=\"0\">\n<tbody>\n<tr>\n<td valign=\"top\" width=\"52\"><img loading=\"lazy\" decoding=\"async\" src=\"http:\/\/dublineventguide.com\/dff\/admin\/images\/categories\/TALKS.png\" alt=\"\" width=\"32\" height=\"32\" \/><\/td>\n<td>\n<h2 style=\"font-size: 16px; color: #534438; margin: 0 0 5px; font-weight: normal;\">National Gallery Talks<\/h2>\n<h3 style=\"font-size: 13px; margin: 0; padding: 0; line-height: 16px; color: #534438;\"><img loading=\"lazy\" decoding=\"async\" style=\"display: inline; float: left;\" src=\"http:\/\/dublineventguide.com\/dff\/admin\/images\/weekly.png\" alt=\"\" width=\"69\" height=\"16\" \/> 11:30 &#8211; 16:50, Sun 19 Jul<\/h3>\n<p style=\"font-size: 13px; color: #534438; line-height: 20px; margin: 0; padding-top: 0;\">National Gallery, Clare Street, Dublin 2<\/p>\n<table width=\"100%\" cellspacing=\"0\" cellpadding=\"0\">\n<tbody>\n<tr>\n<td valign=\"top\">\n<div style=\"font-size: 13px; color: #534438; line-height: 20px;\">\n<p style=\"margin: 10px 0;\">The National Gallery has an extensive programme of free talks, public tours and Art Documentary screenings focusing on highlights of the European and Irish Collection every day of the week. Check their website for details.<\/p>\n<\/div>\n<div style=\"font-size: 13px; color: #534438; line-height: 20px;\"><\/div>\n<p style=\"font-size: 13px; color: #534438; line-height: 20px;\"><a style=\"color: #cc2979; text-decoration: none;\" href=\"http:\/\/nationalgallery.ie\/whatson\">http:\/\/nationalgallery.ie\/whatson<\/a><\/p>\n<\/td>\n<td valign=\"top\"><\/td>\n<\/tr>\n<\/tbody>\n<\/table>\n<\/td>\n<\/tr>\n<\/tbody>\n<\/table>\n<\/td>\n<\/tr>\n<\/tbody>\n<\/table>\n<table width=\"100%\" cellspacing=\"0\" cellpadding=\"0\">\n<tbody>\n<tr>\n<td style=\"padding: 10px 30px;\">\n<table width=\"100%\" cellspacing=\"0\" cellpadding=\"0\">\n<tbody>\n<tr>\n<td valign=\"top\" width=\"52\"><img loading=\"lazy\" decoding=\"async\" src=\"http:\/\/dublineventguide.com\/dff\/admin\/images\/categories\/MARKETS.png\" alt=\"\" width=\"32\" height=\"32\" \/><\/td>\n<td>\n<h2 style=\"font-size: 16px; color: #534438; margin: 0 0 5px; font-weight: normal;\">Blackrock Market<\/h2>\n<h3 style=\"font-size: 13px; margin: 0; padding: 0; line-height: 16px; color: #534438;\"><img loading=\"lazy\" decoding=\"async\" style=\"display: inline; float: left;\" src=\"http:\/\/dublineventguide.com\/dff\/admin\/images\/weekly.png\" alt=\"\" width=\"69\" height=\"16\" \/> 12:00 &#8211; 17:30, Sun 19 Jul<\/h3>\n<p style=\"font-size: 13px; color: #534438; line-height: 20px; margin: 0; padding-top: 0;\">Blackrock Market, 19 Main Street, Blackrock, Co. Dublin<\/p>\n<table width=\"100%\" cellspacing=\"0\" cellpadding=\"0\">\n<tbody>\n<tr>\n<td valign=\"top\">\n<div style=\"font-size: 13px; color: #534438; line-height: 20px;\">\n<p>At the Blackrock Market in the centre of Blackrock, you&#8217;ll find 50 stalls selling collectibles, antiques, handmade goods, books, food &amp; there&#8217;s free popcorn, ballons &amp; facepainting for the kids.<br \/>\nOpen on Sundays: 12:00-17:30. Open on Saturdays and Bank Holidays: 11:00-17:30.<\/p>\n<\/div>\n<div style=\"font-size: 13px; color: #534438; line-height: 20px;\"><\/div>\n<p style=\"font-size: 13px; color: #534438; line-height: 20px;\"><a style=\"color: #cc2979; text-decoration: none;\" href=\"http:\/\/www.blackrockmarket.com\/\">http:\/\/www.blackrockmarket.com\/<\/a><\/p>\n<\/td>\n<td valign=\"top\"><\/td>\n<\/tr>\n<\/tbody>\n<\/table>\n<\/td>\n<\/tr>\n<\/tbody>\n<\/table>\n<\/td>\n<\/tr>\n<\/tbody>\n<\/table>\n<table width=\"100%\" cellspacing=\"0\" cellpadding=\"0\">\n<tbody>\n<tr>\n<td style=\"padding: 10px 30px;\">\n<table width=\"100%\" cellspacing=\"0\" cellpadding=\"0\">\n<tbody>\n<tr>\n<td valign=\"top\" width=\"52\"><img loading=\"lazy\" decoding=\"async\" src=\"http:\/\/dublineventguide.com\/dff\/admin\/images\/categories\/ACTIVITY.png\" alt=\"\" width=\"32\" height=\"32\" \/><\/td>\n<td>\n<h2 style=\"font-size: 16px; color: #534438; margin: 0 0 5px; font-weight: normal;\">Finglas Festival<\/h2>\n<h3 style=\"font-size: 13px; margin: 0; padding: 0; line-height: 16px; color: #534438;\">12:00, Sun 19 Jul<\/h3>\n<p style=\"font-size: 13px; color: #534438; line-height: 20px; margin: 0; padding-top: 0;\">Finglas (various locations)<\/p>\n<table width=\"100%\" cellspacing=\"0\" cellpadding=\"0\">\n<tbody>\n<tr>\n<td valign=\"top\">\n<div style=\"font-size: 13px; color: #534438; line-height: 20px;\">\n<p style=\"margin: 10px 0;\">The Finglas Festival takes place from Mon 13 &#8211; Sun 19 July. It is a community festival with History Talks, Walking Tours, Exhibitions, Opera in the Open performance (at the Civic Centre on Wed 15 July at 12:45), Musical Performances, Children&#8217;s Events,<\/p>\n<p style=\"margin: 10px 0;\">The main event of the festival is next Saturday 18 July from 12:00-17:00 in the Village Centre of Finglas.<\/p>\n<p>The website was quite good when I looked at it initially, but then it didn&#8217;t work for me anymore. It had a Schedule of all events on it and because I can&#8217;t use the website, I will have to ask you to check yourself. Maybe it will work for you. Check it out at <a style=\"color: #cc2979; text-decoration: none;\" href=\"http:\/\/www.finglasfestival.com\">http:\/\/www.finglasfestival.com<\/a><\/p>\n<\/div>\n<div style=\"font-size: 13px; color: #534438; line-height: 20px;\"><\/div>\n<p style=\"font-size: 13px; color: #534438; line-height: 20px;\"><a style=\"color: #cc2979; text-decoration: none;\" href=\"http:\/\/www.finglasfestival.com\">http:\/\/www.finglasfestival.com<\/a><\/p>\n<\/td>\n<td valign=\"top\"><\/td>\n<\/tr>\n<\/tbody>\n<\/table>\n<\/td>\n<\/tr>\n<\/tbody>\n<\/table>\n<\/td>\n<\/tr>\n<\/tbody>\n<\/table>\n<table width=\"100%\" cellspacing=\"0\" cellpadding=\"0\">\n<tbody>\n<tr>\n<td style=\"padding: 10px 30px;\">\n<table width=\"100%\" cellspacing=\"0\" cellpadding=\"0\">\n<tbody>\n<tr>\n<td valign=\"top\" width=\"52\"><img loading=\"lazy\" decoding=\"async\" src=\"http:\/\/dublineventguide.com\/dff\/admin\/images\/categories\/ACTIVITY.png\" alt=\"\" width=\"32\" height=\"32\" \/><\/td>\n<td>\n<h2 style=\"font-size: 16px; color: #534438; margin: 0 0 5px; font-weight: normal;\">Guided Summer Walks &#8211; Botanic Gardens<\/h2>\n<h3 style=\"font-size: 13px; margin: 0; padding: 0; line-height: 16px; color: #534438;\">12:00 &#8211; 15:30, Sun 19 Jul<\/h3>\n<p style=\"font-size: 13px; color: #534438; line-height: 20px; margin: 0; padding-top: 0;\">National Botanic Gardens, Botanic Road, Glasnevin, Dublin 9<\/p>\n<table width=\"100%\" cellspacing=\"0\" cellpadding=\"0\">\n<tbody>\n<tr>\n<td valign=\"top\">\n<div style=\"font-size: 13px; color: #534438; line-height: 20px;\">\n<p style=\"margin: 10px 0;\">The National Botanic Garden wants to share the beauty of the gardens with you and invite you for a free guided tour viewing the Herbaceous Borders, Annual Bedding displays, the Rose Garden and more. Every Sunday at 12:00 and at 14:30. (Duration: 1hr)<\/p>\n<\/div>\n<div style=\"font-size: 13px; color: #534438; line-height: 20px;\"><\/div>\n<p style=\"font-size: 13px; color: #534438; line-height: 20px;\"><a style=\"color: #cc2979; text-decoration: none;\" href=\"http:\/\/www.botanicgardens.ie\/news\/events.htm\">http:\/\/www.botanicgardens.ie\/news\/events.htm<\/a><\/p>\n<\/td>\n<td valign=\"top\"><\/td>\n<\/tr>\n<\/tbody>\n<\/table>\n<\/td>\n<\/tr>\n<\/tbody>\n<\/table>\n<\/td>\n<\/tr>\n<\/tbody>\n<\/table>\n<table width=\"100%\" cellspacing=\"0\" cellpadding=\"0\">\n<tbody>\n<tr>\n<td style=\"padding: 10px 30px;\">\n<table width=\"100%\" cellspacing=\"0\" cellpadding=\"0\">\n<tbody>\n<tr>\n<td valign=\"top\" width=\"52\"><img loading=\"lazy\" decoding=\"async\" src=\"http:\/\/dublineventguide.com\/dff\/admin\/images\/categories\/ACTIVITY.png\" alt=\"\" width=\"32\" height=\"32\" \/><\/td>\n<td>\n<h2 style=\"font-size: 16px; color: #534438; margin: 0 0 5px; font-weight: normal;\">HOME\\SICK &#8211; Science Gallery Exhibition<\/h2>\n<h3 style=\"font-size: 13px; margin: 0; padding: 0; line-height: 16px; color: #534438;\">12:00 &#8211; 18:00, Sun 19 Jul<\/h3>\n<p style=\"font-size: 13px; color: #534438; line-height: 20px; margin: 0; padding-top: 0;\">Science Gallery, Pearse Street, TCD, Dublin 2<\/p>\n<table width=\"100%\" cellspacing=\"0\" cellpadding=\"0\">\n<tbody>\n<tr>\n<td valign=\"top\">\n<div style=\"font-size: 13px; color: #534438; line-height: 20px;\">\n<p style=\"margin: 10px 0;\">This is the very last day of HOME\\SICK! Last chance to see this exhibition:<\/p>\n<p style=\"margin: 10px 0;\">The Science Gallery exhibition &#8220;HOME\\SICK &#8211; Post-Domestic Bliss&#8221; looks at the Home and asks what &#8220;Home&#8221; really is and also how it could be improved. The word means something different to everyone, but how will the future of technology and design, communities, families, resources, and nations change the nature of what we define as &#8216;home&#8217;?<\/p>\n<p style=\"margin: 10px 0;\">HOME\\SICK is the summer exhibition of the Science Gallery, which usually is the exhibition that is the most accessible and understandable for all ages and that goal was achieved again. It is not the Science Gallery&#8217;s best exhibition, but it is still definitely worth a visit.<\/p>\n<p style=\"margin: 10px 0;\">The exhibition will run from 01 May until 19 July and is open from Tuesday-Sunday (Tues-Fri: 12:00-20:00, Sat+Sun 12:00-18:00). Admission is free.<\/p>\n<\/div>\n<div style=\"font-size: 13px; color: #534438; line-height: 20px;\"><\/div>\n<p style=\"font-size: 13px; color: #534438; line-height: 20px;\"><a style=\"color: #cc2979; text-decoration: none;\" href=\"https:\/\/dublin.sciencegallery.com\/\">https:\/\/dublin.sciencegallery.com\/<\/a><\/p>\n<\/td>\n<td valign=\"top\"><\/td>\n<\/tr>\n<\/tbody>\n<\/table>\n<\/td>\n<\/tr>\n<\/tbody>\n<\/table>\n<\/td>\n<\/tr>\n<\/tbody>\n<\/table>\n<table width=\"100%\" cellspacing=\"0\" cellpadding=\"0\">\n<tbody>\n<tr>\n<td style=\"padding: 10px 30px;\">\n<table width=\"100%\" cellspacing=\"0\" cellpadding=\"0\">\n<tbody>\n<tr>\n<td valign=\"top\" width=\"52\"><img loading=\"lazy\" decoding=\"async\" src=\"http:\/\/dublineventguide.com\/dff\/admin\/images\/categories\/ACTIVITY.png\" alt=\"\" width=\"32\" height=\"32\" \/><\/td>\n<td>\n<h2 style=\"font-size: 16px; color: #534438; margin: 0 0 5px; font-weight: normal;\">The Smithfield Summer Picnics<\/h2>\n<h3 style=\"font-size: 13px; margin: 0; padding: 0; line-height: 16px; color: #534438;\">12:00 &#8211; 15:00, Sun 19 Jul<\/h3>\n<p style=\"font-size: 13px; color: #534438; line-height: 20px; margin: 0; padding-top: 0;\">Smithfield Square, Dublin 7<\/p>\n<table width=\"100%\" cellspacing=\"0\" cellpadding=\"0\">\n<tbody>\n<tr>\n<td valign=\"top\">\n<div style=\"font-size: 13px; color: #534438; line-height: 20px;\">\n<p style=\"margin: 10px 0;\">From 28 June until 27 September, every Sunday from 12:00-15:00 BlueFire the people behind last years StreetFest at Smithfield are organising an afternoon of events. There will be at least two activities\/ workshops\/ games\/ live bands or performances of some sorts every week.<\/p>\n<p style=\"margin: 10px 0;\">You are invited to bring your blanket and picnic and have a great afternoon! Admission is free.<\/p>\n<p>The details for this Sunday&#8217;s events are planned to appear <a style=\"color: #cc2979; text-decoration: none;\" href=\"https:\/\/www.facebook.com\/events\/921631904575793\/\" target=\"_blank\">here<\/a> and it has already been announced that Kate Dineen, singer\/Songwriter from Tralee, will perform.<\/p>\n<p style=\"margin: 10px 0;\">Please note: The event it weather dependent, so check the Facebook page if it looks doubtful if the weather is good enough.<\/p>\n<\/div>\n<div style=\"font-size: 13px; color: #534438; line-height: 20px;\"><\/div>\n<p style=\"font-size: 13px; color: #534438; line-height: 20px;\"><a style=\"color: #cc2979; text-decoration: none;\" href=\"https:\/\/www.facebook.com\/SmithfieldPicnics\">https:\/\/www.facebook.com\/SmithfieldPicnics<\/a><\/p>\n<\/td>\n<td valign=\"top\"><\/td>\n<\/tr>\n<\/tbody>\n<\/table>\n<\/td>\n<\/tr>\n<\/tbody>\n<\/table>\n<\/td>\n<\/tr>\n<\/tbody>\n<\/table>\n<table width=\"100%\" cellspacing=\"0\" cellpadding=\"0\">\n<tbody>\n<tr>\n<td style=\"padding: 10px 30px;\">\n<table width=\"100%\" cellspacing=\"0\" cellpadding=\"0\">\n<tbody>\n<tr>\n<td valign=\"top\" width=\"52\"><img loading=\"lazy\" decoding=\"async\" src=\"http:\/\/dublineventguide.com\/dff\/admin\/images\/categories\/KIDS.png\" alt=\"\" width=\"32\" height=\"32\" \/><\/td>\n<td>\n<h2 style=\"font-size: 16px; color: #534438; margin: 0 0 5px; font-weight: normal;\">Teddy Bears Picnic &#8211; Blackrock Park<\/h2>\n<h3 style=\"font-size: 13px; margin: 0; padding: 0; line-height: 16px; color: #534438;\">13:00 &#8211; 17:00, Sun 19 Jul<\/h3>\n<p style=\"font-size: 13px; color: #534438; line-height: 20px; margin: 0; padding-top: 0;\">Blackrock Park, Rock Road, Blackrock, Co. Dublin<\/p>\n<table width=\"100%\" cellspacing=\"0\" cellpadding=\"0\">\n<tbody>\n<tr>\n<td valign=\"top\">\n<div style=\"font-size: 13px; color: #534438; line-height: 20px;\">\n<p style=\"margin: 10px 0;\">The Teddy Bears Picnic returns to Blackrock Park on Sunday.<\/p>\n<p style=\"margin: 10px 0;\">The Teddy Bears Picnic is one of the most popular events on the Dun Laoghaire Rathdown calendar and everyone is invited to bring their bears and blankets. There will be free bear care and checkups from the Bear Doctor and the Teddy Bears Hospital for minor repairs to give ailing Teddy Bears a new lease of life.<\/p>\n<p style=\"margin: 10px 0;\">A DJ, face painting, bouncy castles and inflatable games for all ages and entertainment on the Lake Stage, a \u201cmake &amp; do\u201d area and picnic facilities for your goodies galore will keep you busy.<\/p>\n<p style=\"margin: 10px 0;\">Admission is free.<\/p>\n<\/div>\n<div style=\"font-size: 13px; color: #534438; line-height: 20px;\"><\/div>\n<p style=\"font-size: 13px; color: #534438; line-height: 20px;\"><a style=\"color: #cc2979; text-decoration: none;\" href=\"http:\/\/www.dlrevents.ie\/tb15.html\">http:\/\/www.dlrevents.ie\/tb15.html<\/a><\/p>\n<\/td>\n<td style=\"padding: 16px 0 0 0;\" valign=\"top\" width=\"132\"><!-- EVENT PHOTO --><img decoding=\"async\" style=\"margin: 0 10px 0 0;\" src=\"http:\/\/dublineventguide.com\/dff\/admin\/api\/show\/29336\" alt=\"\" width=\"120\" \/><\/td>\n<\/tr>\n<\/tbody>\n<\/table>\n<\/td>\n<\/tr>\n<\/tbody>\n<\/table>\n<\/td>\n<\/tr>\n<\/tbody>\n<\/table>\n<table width=\"100%\" cellspacing=\"0\" cellpadding=\"0\">\n<tbody>\n<tr>\n<td style=\"padding: 10px 30px;\">\n<table width=\"100%\" cellspacing=\"0\" cellpadding=\"0\">\n<tbody>\n<tr>\n<td valign=\"top\" width=\"52\"><img loading=\"lazy\" decoding=\"async\" src=\"http:\/\/dublineventguide.com\/dff\/admin\/images\/categories\/MARKETS.png\" alt=\"\" width=\"32\" height=\"32\" \/><\/td>\n<td>\n<h2 style=\"font-size: 16px; color: #534438; margin: 0 0 5px; font-weight: normal;\">The Bernard Shaw Flea<\/h2>\n<h3 style=\"font-size: 13px; margin: 0; padding: 0; line-height: 16px; color: #534438;\">13:00, Sun 19 Jul<\/h3>\n<p style=\"font-size: 13px; color: #534438; line-height: 20px; margin: 0; padding-top: 0;\">The Bernard Shaw, 12 Richmond Street South, Dublin 8<\/p>\n<table width=\"100%\" cellspacing=\"0\" cellpadding=\"0\">\n<tbody>\n<tr>\n<td valign=\"top\">\n<div style=\"font-size: 13px; color: #534438; line-height: 20px;\">\n<p style=\"margin: 10px 0;\">The Bernard Shaw Flea Market is back in the backyard of the Bernard Shaw Pub. There will be a number of stalls selling a variety of goods and the Blue Bus will have Pizzas.<\/p>\n<p style=\"margin: 10px 0;\">This month the Bernard Shaw Flea will also feature the &#8220;National Irish Coffee Thowing Championships&#8221;. Read more about that on the website below. You can still enter the competition!<\/p>\n<\/div>\n<div style=\"font-size: 13px; color: #534438; line-height: 20px;\"><\/div>\n<p style=\"font-size: 13px; color: #534438; line-height: 20px;\"><a style=\"color: #cc2979; text-decoration: none;\" href=\"http:\/\/bodytonicmusic.com\/events\/the-bernard-shaw-flea-coffee-throwing-championships\/\">http:\/\/bodytonicmusic.com\/events\/the-bernard-shaw-flea-coffee-throwing-championships\/<\/a><\/p>\n<\/td>\n<td valign=\"top\"><\/td>\n<\/tr>\n<\/tbody>\n<\/table>\n<\/td>\n<\/tr>\n<\/tbody>\n<\/table>\n<\/td>\n<\/tr>\n<\/tbody>\n<\/table>\n<table width=\"100%\" cellspacing=\"0\" cellpadding=\"0\">\n<tbody>\n<tr>\n<td style=\"padding: 10px 30px;\">\n<table width=\"100%\" cellspacing=\"0\" cellpadding=\"0\">\n<tbody>\n<tr>\n<td valign=\"top\" width=\"52\"><img loading=\"lazy\" decoding=\"async\" src=\"http:\/\/dublineventguide.com\/dff\/admin\/images\/categories\/TALKS.png\" alt=\"\" width=\"32\" height=\"32\" \/><\/td>\n<td>\n<h2 style=\"font-size: 16px; color: #534438; margin: 0 0 5px; font-weight: normal;\">Biodiversity Monitoring Talks<\/h2>\n<h3 style=\"font-size: 13px; margin: 0; padding: 0; line-height: 16px; color: #534438;\">14:00, Sun 19 Jul<\/h3>\n<p style=\"font-size: 13px; color: #534438; line-height: 20px; margin: 0; padding-top: 0;\">Farmleigh House, Castleknock end of Phoenix Park, Dublin 15<\/p>\n<table width=\"100%\" cellspacing=\"0\" cellpadding=\"0\">\n<tbody>\n<tr>\n<td valign=\"top\">\n<div style=\"font-size: 13px; color: #534438; line-height: 20px;\">\n<p style=\"margin: 10px 0;\">More Biodiversity Monitoring Talks will take place in July on four Sundays (05+12+19+26 July) in the Arkle Room of Farmleigh House.<\/p>\n<p style=\"margin: 10px 0;\">This week&#8217;s talk is entitled: &#8220;Wild Flowers of Ireland and Farmleigh&#8221;<\/p>\n<p style=\"margin: 10px 0;\">As many species of pollinators (bees, wasps, etc) continue to decline around the world, the need to monitor them has increased. The pollinators now rely on us to provide them with a healthy habitat and in turn provide us with food and beauty. By learning a few simple steps to help provide a healthy environment, these species can then continue to provide us with useful functions such as pollination.<\/p>\n<p style=\"margin: 10px 0;\">The talks will cover various interesting aspects of Biodiversity Monitoring in Ireland including species identification, how to set up a monitoring transect &amp; how to increase pollen and nectar sources in you garden.<\/p>\n<p style=\"margin: 10px 0;\">The event will start with a 25 minute Biodiversity presentation in the Arkle room followed by a 25 minute outdoor exploration to view some species on Farmleigh grounds. (Weather Permitting).<\/p>\n<p>Admission is free and will be distributed on a first come first served basis at the guides reception desk of Farmleigh. For further information contact <a style=\"color: #cc2979; text-decoration: none;\" href=\"mailto:farmleightours@gmail.com\">farmleightours@gmail.com<\/a> or call 01 815 5914.<\/p>\n<\/div>\n<div style=\"font-size: 13px; color: #534438; line-height: 20px;\"><\/div>\n<p style=\"font-size: 13px; color: #534438; line-height: 20px;\"><a style=\"color: #cc2979; text-decoration: none;\" href=\"http:\/\/www.farmleigh.ie\/events\/Title,34474,en.html\">http:\/\/www.farmleigh.ie\/events\/Title,34474,en.html<\/a><\/p>\n<\/td>\n<td valign=\"top\"><\/td>\n<\/tr>\n<\/tbody>\n<\/table>\n<\/td>\n<\/tr>\n<\/tbody>\n<\/table>\n<\/td>\n<\/tr>\n<\/tbody>\n<\/table>\n<table width=\"100%\" cellspacing=\"0\" cellpadding=\"0\">\n<tbody>\n<tr>\n<td style=\"padding: 10px 30px;\">\n<table width=\"100%\" cellspacing=\"0\" cellpadding=\"0\">\n<tbody>\n<tr>\n<td valign=\"top\" width=\"52\"><img loading=\"lazy\" decoding=\"async\" src=\"http:\/\/dublineventguide.com\/dff\/admin\/images\/categories\/ACTIVITY.png\" alt=\"\" width=\"32\" height=\"32\" \/><\/td>\n<td>\n<h2 style=\"font-size: 16px; color: #534438; margin: 0 0 5px; font-weight: normal;\">Bray Air Display<\/h2>\n<h3 style=\"font-size: 13px; margin: 0; padding: 0; line-height: 16px; color: #534438;\">14:00, Sun 19 Jul<\/h3>\n<p style=\"font-size: 13px; color: #534438; line-height: 20px; margin: 0; padding-top: 0;\">Bray (various locations)<\/p>\n<table width=\"100%\" cellspacing=\"0\" cellpadding=\"0\">\n<tbody>\n<tr>\n<td valign=\"top\">\n<div style=\"font-size: 13px; color: #534438; line-height: 20px;\">\n<p>Over 80,000 people are expected to come to Bray for the Bray Air Display, a yearly air show over the strand promenade.<br \/>\nFrom Vintage Aircrafts to Jets from Aer Lingus and Ryanair and from the Black Knights Defence Forces Parachute Team to the Swiss Air Force Air Aerobatic team &#8220;Patrouille Suisse&#8221;, there will be lots of entertainment over your heads.<\/p>\n<p style=\"margin: 10px 0;\">Some of the popular planes flying over Bray are the Strikemaster, the Hawker Hunter, the vintage Aer Lingus Iolar and the MIG 15.<\/p>\n<p style=\"margin: 10px 0;\">On the ground, an artisan food and craft market will take place.<\/p>\n<p>Admission is free and more information is on the Facebook Page below and on the website here: <a style=\"color: #cc2979; text-decoration: none;\" href=\"http:\/\/www.brayairdisplay.com\/\">http:\/\/www.brayairdisplay.com\/<\/a><\/p>\n<\/div>\n<div style=\"font-size: 13px; color: #534438; line-height: 20px;\"><\/div>\n<p style=\"font-size: 13px; color: #534438; line-height: 20px;\"><a style=\"color: #cc2979; text-decoration: none;\" href=\"https:\/\/www.facebook.com\/BrayAirSpectacular\">https:\/\/www.facebook.com\/BrayAirSpectacular<\/a><\/p>\n<\/td>\n<td valign=\"top\"><\/td>\n<\/tr>\n<\/tbody>\n<\/table>\n<\/td>\n<\/tr>\n<\/tbody>\n<\/table>\n<\/td>\n<\/tr>\n<\/tbody>\n<\/table>\n<table width=\"100%\" cellspacing=\"0\" cellpadding=\"0\">\n<tbody>\n<tr>\n<td style=\"padding: 10px 30px;\">\n<table width=\"100%\" cellspacing=\"0\" cellpadding=\"0\">\n<tbody>\n<tr>\n<td valign=\"top\" width=\"52\"><img loading=\"lazy\" decoding=\"async\" src=\"http:\/\/dublineventguide.com\/dff\/admin\/images\/categories\/ART.png\" alt=\"\" width=\"32\" height=\"32\" \/><\/td>\n<td>\n<h2 style=\"font-size: 16px; color: #534438; margin: 0 0 5px; font-weight: normal;\">Dublin Sketchers &#8211; Sunday Meet-up<\/h2>\n<h3 style=\"font-size: 13px; margin: 0; padding: 0; line-height: 16px; color: #534438;\"><img loading=\"lazy\" decoding=\"async\" style=\"display: inline; float: left;\" src=\"http:\/\/dublineventguide.com\/dff\/admin\/images\/weekly.png\" alt=\"\" width=\"69\" height=\"16\" \/> 14:00, Sun 19 Jul<\/h3>\n<p style=\"font-size: 13px; color: #534438; line-height: 20px; margin: 0; padding-top: 0;\">Dublin (various locations)<\/p>\n<table width=\"100%\" cellspacing=\"0\" cellpadding=\"0\">\n<tbody>\n<tr>\n<td valign=\"top\">\n<div style=\"font-size: 13px; color: #534438; line-height: 20px;\">\n<p style=\"margin: 10px 0;\">The &#8220;Dublin Sketchers&#8221; is an informal group of (hobby) artists who go somewhere different in Dublin every Sunday (e.g. National Museum, Maritime Museum, Dublin Flea Market, Farmleigh, Botanic Gardens, Dublin Castle, Science Gallery, &#8230;), sketch for one to two hours and then meet up for coffee afterwards and discuss their sketches.<\/p>\n<p>There are some hugely talented people among them and it is a great idea to meet up with others who have the same hobby. Find out on their website below or on their <a style=\"color: #cc2979; text-decoration: none;\" href=\"https:\/\/www.facebook.com\/dublin.sketchers\" target=\"_blank\">Facebook Page<\/a> where they will meet and join them if you do some sketching\/drawing yourself. I know that the Dublin Sketchers often use the Dublin Event Guide to find interesting free events and I am delighted to be able to help!<\/p>\n<\/div>\n<div style=\"font-size: 13px; color: #534438; line-height: 20px;\"><\/div>\n<p style=\"font-size: 13px; color: #534438; line-height: 20px;\"><a style=\"color: #cc2979; text-decoration: none;\" href=\"http:\/\/www.dublinsketchers.blogspot.com\/\">http:\/\/www.dublinsketchers.blogspot.com\/<\/a><\/p>\n<\/td>\n<td valign=\"top\"><\/td>\n<\/tr>\n<\/tbody>\n<\/table>\n<\/td>\n<\/tr>\n<\/tbody>\n<\/table>\n<\/td>\n<\/tr>\n<\/tbody>\n<\/table>\n<table width=\"100%\" cellspacing=\"0\" cellpadding=\"0\">\n<tbody>\n<tr>\n<td style=\"padding: 10px 30px;\">\n<table width=\"100%\" cellspacing=\"0\" cellpadding=\"0\">\n<tbody>\n<tr>\n<td valign=\"top\" width=\"52\"><img loading=\"lazy\" decoding=\"async\" src=\"http:\/\/dublineventguide.com\/dff\/admin\/images\/categories\/MUSIC.png\" alt=\"\" width=\"32\" height=\"32\" \/><\/td>\n<td>\n<h2 style=\"font-size: 16px; color: #534438; margin: 0 0 5px; font-weight: normal;\">Hotter than July &#8211; World Music Event<\/h2>\n<h3 style=\"font-size: 13px; margin: 0; padding: 0; line-height: 16px; color: #534438;\">14:00 &#8211; 20:00, Sun 19 Jul<\/h3>\n<p style=\"font-size: 13px; color: #534438; line-height: 20px; margin: 0; padding-top: 0;\">Meeting House Square, Temple Bar, Dublin 2<\/p>\n<table width=\"100%\" cellspacing=\"0\" cellpadding=\"0\">\n<tbody>\n<tr>\n<td valign=\"top\">\n<div style=\"font-size: 13px; color: #534438; line-height: 20px;\">\n<p style=\"margin: 10px 0;\">&#8220;Hotter than July&#8221; is a World Music Event on Meeting House Square on Sunday.<\/p>\n<p style=\"margin: 10px 0;\">Organised by the Improvised Music Company in association with the Big Bang Festival and Dublin City Council, there will be live music from all over the world from 14:00-20:00. Admission is free<\/p>\n<p>The schedule on Sunday is<br \/>\n14:00 Big Bang African Dance project<br \/>\n14:30 Morro 160 &#8211; Samba percussion performance<br \/>\n15:00 Jiggy &#8211; Merging traditional Irish tunes with 90s hip-hop<br \/>\n15:45 Rithim &#8211; Percussion project influenced by African, Caribbean and Gaelic rhythms<br \/>\n16:30 Surprise Special Guest<br \/>\n17:15 Yurodny &#8211; 7-piece band influenced by Eastern European gypsy music and Jewish music merged with Irish jazz<br \/>\n18:15 Havana \u2018Che &#8211; Authentic 9-piece Cuban music band<br \/>\n19:00 Big Bang Festival Finale &#8211; The result from African dance and drumming workshops over the weekend<\/p>\n<\/div>\n<div style=\"font-size: 13px; color: #534438; line-height: 20px;\"><\/div>\n<p style=\"font-size: 13px; color: #534438; line-height: 20px;\"><a style=\"color: #cc2979; text-decoration: none;\" href=\"https:\/\/www.facebook.com\/events\/1481280388829854\/\">https:\/\/www.facebook.com\/events\/1481280388829854\/<\/a><\/p>\n<\/td>\n<td style=\"padding: 16px 0 0 0;\" valign=\"top\" width=\"132\"><!-- EVENT PHOTO --><img decoding=\"async\" style=\"margin: 0 10px 0 0;\" src=\"http:\/\/dublineventguide.com\/dff\/admin\/api\/show\/29341\" alt=\"\" width=\"120\" \/><\/td>\n<\/tr>\n<\/tbody>\n<\/table>\n<\/td>\n<\/tr>\n<\/tbody>\n<\/table>\n<\/td>\n<\/tr>\n<\/tbody>\n<\/table>\n<table width=\"100%\" cellspacing=\"0\" cellpadding=\"0\">\n<tbody>\n<tr>\n<td style=\"padding: 10px 30px;\">\n<table width=\"100%\" cellspacing=\"0\" cellpadding=\"0\">\n<tbody>\n<tr>\n<td valign=\"top\" width=\"52\"><img loading=\"lazy\" decoding=\"async\" src=\"http:\/\/dublineventguide.com\/dff\/admin\/images\/categories\/MUSIC.png\" alt=\"\" width=\"32\" height=\"32\" \/><\/td>\n<td>\n<h2 style=\"font-size: 16px; color: #534438; margin: 0 0 5px; font-weight: normal;\">Stella Bass Jazz Trio<\/h2>\n<h3 style=\"font-size: 13px; margin: 0; padding: 0; line-height: 16px; color: #534438;\"><img loading=\"lazy\" decoding=\"async\" style=\"display: inline; float: left;\" src=\"http:\/\/dublineventguide.com\/dff\/admin\/images\/weekly.png\" alt=\"\" width=\"69\" height=\"16\" \/> 14:00 &#8211; 16:00, Sun 19 Jul<\/h3>\n<p style=\"font-size: 13px; color: #534438; line-height: 20px; margin: 0; padding-top: 0;\">Caf\u00e9 en Seine, Dawson Street, Dublin 2<\/p>\n<table width=\"100%\" cellspacing=\"0\" cellpadding=\"0\">\n<tbody>\n<tr>\n<td valign=\"top\">\n<div style=\"font-size: 13px; color: #534438; line-height: 20px;\">\n<p>Afternoon Jazz in Caf\u00e9 en Seine. The Stella Bass Jazz Trio play every Sunday from 14:00-16:00 in Caf\u00e9 en Seine in Dawson Street. Admission is free. A video is here <a style=\"color: #cc2979; text-decoration: none;\" href=\"http:\/\/www.youtube.com\/watch?v=l8aKqtOB5S8\">http:\/\/www.youtube.com\/watch?v=l8aKqtOB5S8<\/a><\/p>\n<\/div>\n<div style=\"font-size: 13px; color: #534438; line-height: 20px;\"><\/div>\n<p style=\"font-size: 13px; color: #534438; line-height: 20px;\"><a style=\"color: #cc2979; text-decoration: none;\" href=\"http:\/\/www.stellabass.com\">http:\/\/www.stellabass.com<\/a><\/p>\n<\/td>\n<td valign=\"top\"><\/td>\n<\/tr>\n<\/tbody>\n<\/table>\n<\/td>\n<\/tr>\n<\/tbody>\n<\/table>\n<\/td>\n<\/tr>\n<\/tbody>\n<\/table>\n<table width=\"100%\" cellspacing=\"0\" cellpadding=\"0\">\n<tbody>\n<tr>\n<td style=\"padding: 10px 30px;\">\n<table width=\"100%\" cellspacing=\"0\" cellpadding=\"0\">\n<tbody>\n<tr>\n<td valign=\"top\" width=\"52\"><img loading=\"lazy\" decoding=\"async\" src=\"http:\/\/dublineventguide.com\/dff\/admin\/images\/categories\/KIDS.png\" alt=\"\" width=\"32\" height=\"32\" \/><\/td>\n<td>\n<h2 style=\"font-size: 16px; color: #534438; margin: 0 0 5px; font-weight: normal;\">Family Drawing Sundays<\/h2>\n<h3 style=\"font-size: 13px; margin: 0; padding: 0; line-height: 16px; color: #534438;\"><img loading=\"lazy\" decoding=\"async\" style=\"display: inline; float: left;\" src=\"http:\/\/dublineventguide.com\/dff\/admin\/images\/weekly.png\" alt=\"\" width=\"69\" height=\"16\" \/> 14:30 &#8211; 16:30, Sun 19 Jul<\/h3>\n<p style=\"font-size: 13px; color: #534438; line-height: 20px; margin: 0; padding-top: 0;\">Royal Hibernian Academy, 15 Ely Place, Dublin 2<\/p>\n<table width=\"100%\" cellspacing=\"0\" cellpadding=\"0\">\n<tbody>\n<tr>\n<td valign=\"top\">\n<div style=\"font-size: 13px; color: #534438; line-height: 20px;\">\n<p><span class=\"subheads\">Come to the Family Drawing Sundays<\/span> in the RHA. All children are welcome to use the RHA Art Cart, in the RHA Atrium. Admission is free. For further information, contact Ruth Carroll on 01 6612558 or via ruth@rhagallery.ie<\/p>\n<\/div>\n<div style=\"font-size: 13px; color: #534438; line-height: 20px;\"><\/div>\n<p style=\"font-size: 13px; color: #534438; line-height: 20px;\"><a style=\"color: #cc2979; text-decoration: none;\" href=\"http:\/\/www.rhagallery.ie\/html\/educate\/educate_family.html\">http:\/\/www.rhagallery.ie\/html\/educate\/educate_family.html<\/a><\/p>\n<\/td>\n<td valign=\"top\"><\/td>\n<\/tr>\n<\/tbody>\n<\/table>\n<\/td>\n<\/tr>\n<\/tbody>\n<\/table>\n<\/td>\n<\/tr>\n<\/tbody>\n<\/table>\n<table width=\"100%\" cellspacing=\"0\" cellpadding=\"0\">\n<tbody>\n<tr>\n<td style=\"padding: 10px 30px;\">\n<table width=\"100%\" cellspacing=\"0\" cellpadding=\"0\">\n<tbody>\n<tr>\n<td valign=\"top\" width=\"52\"><img loading=\"lazy\" decoding=\"async\" src=\"http:\/\/dublineventguide.com\/dff\/admin\/images\/categories\/TALKS.png\" alt=\"\" width=\"32\" height=\"32\" \/><\/td>\n<td>\n<h2 style=\"font-size: 16px; color: #534438; margin: 0 0 5px; font-weight: normal;\">Civil Defence Talk &#8211; Missing persons<\/h2>\n<h3 style=\"font-size: 13px; margin: 0; padding: 0; line-height: 16px; color: #534438;\">15:00, Sun 19 Jul<\/h3>\n<p style=\"font-size: 13px; color: #534438; line-height: 20px; margin: 0; padding-top: 0;\">Phoenix Park Visitor Centre, Phoenix Park, Dublin 8<\/p>\n<table width=\"100%\" cellspacing=\"0\" cellpadding=\"0\">\n<tbody>\n<tr>\n<td valign=\"top\">\n<div style=\"font-size: 13px; color: #534438; line-height: 20px;\">\n<p style=\"margin: 10px 0;\">The Civil Defence will give a free talk on its role in seeking missing persons on Sunday afternoon.<\/p>\n<\/div>\n<div style=\"font-size: 13px; color: #534438; line-height: 20px;\"><\/div>\n<p style=\"font-size: 13px; color: #534438; line-height: 20px;\"><a style=\"color: #cc2979; text-decoration: none;\" href=\"http:\/\/www.phoenixpark.ie\/newsevents\/title,34596,en.html\">http:\/\/www.phoenixpark.ie\/newsevents\/title,34596,en.html<\/a><\/p>\n<\/td>\n<td valign=\"top\"><\/td>\n<\/tr>\n<\/tbody>\n<\/table>\n<\/td>\n<\/tr>\n<\/tbody>\n<\/table>\n<\/td>\n<\/tr>\n<\/tbody>\n<\/table>\n<table width=\"100%\" cellspacing=\"0\" cellpadding=\"0\">\n<tbody>\n<tr>\n<td style=\"padding: 10px 30px;\">\n<table width=\"100%\" cellspacing=\"0\" cellpadding=\"0\">\n<tbody>\n<tr>\n<td valign=\"top\" width=\"52\"><img loading=\"lazy\" decoding=\"async\" src=\"http:\/\/dublineventguide.com\/dff\/admin\/images\/categories\/ACTIVITY.png\" alt=\"\" width=\"32\" height=\"32\" \/><\/td>\n<td>\n<h2 style=\"font-size: 16px; color: #534438; margin: 0 0 5px; font-weight: normal;\">Gallery Tour: Highlights of the Irish History exhibitions &#8211; National Museum<\/h2>\n<h3 style=\"font-size: 13px; margin: 0; padding: 0; line-height: 16px; color: #534438;\">15:00 &#8211; 16:00, Sun 19 Jul<\/h3>\n<p style=\"font-size: 13px; color: #534438; line-height: 20px; margin: 0; padding-top: 0;\">National Museum, Collins Barracks (Decorative Arts &amp; History), 7 Benburb Street, Dublin 7<\/p>\n<table width=\"100%\" cellspacing=\"0\" cellpadding=\"0\">\n<tbody>\n<tr>\n<td valign=\"top\">\n<div style=\"font-size: 13px; color: #534438; line-height: 20px;\">\n<p style=\"margin: 10px 0;\">The Museum\u2019s history galleries tell many stories about our political and military history, from 1916 to the role of the ordinary Irish soldier in the British Army in the 19th century. Join Museum educator Edith Andrees on a tour to discover some of the key artefacts on display.<\/p>\n<p style=\"margin: 10px 0;\">Places are allocated on a first-come basis 15 minutes before tour starts. Admission is free. The tour is suitable for adults and teenagers from 12.<\/p>\n<\/div>\n<div style=\"font-size: 13px; color: #534438; line-height: 20px;\"><\/div>\n<p style=\"font-size: 13px; color: #534438; line-height: 20px;\"><a style=\"color: #cc2979; text-decoration: none;\" href=\"http:\/\/www.museum.ie\/en\/list\/calendar-of-events.aspx?eventID=4691\">http:\/\/www.museum.ie\/en\/list\/calendar-of-events.aspx?eventID=4691<\/a><\/p>\n<\/td>\n<td valign=\"top\"><\/td>\n<\/tr>\n<\/tbody>\n<\/table>\n<\/td>\n<\/tr>\n<\/tbody>\n<\/table>\n<\/td>\n<\/tr>\n<\/tbody>\n<\/table>\n<table width=\"100%\" cellspacing=\"0\" cellpadding=\"0\">\n<tbody>\n<tr>\n<td style=\"padding: 10px 30px;\">\n<table width=\"100%\" cellspacing=\"0\" cellpadding=\"0\">\n<tbody>\n<tr>\n<td valign=\"top\" width=\"52\"><img loading=\"lazy\" decoding=\"async\" src=\"http:\/\/dublineventguide.com\/dff\/admin\/images\/categories\/ACTIVITY.png\" alt=\"\" width=\"32\" height=\"32\" \/><\/td>\n<td>\n<h2 style=\"font-size: 16px; color: #534438; margin: 0 0 5px; font-weight: normal;\">Museum Tour &#8211; National Print Museum<\/h2>\n<h3 style=\"font-size: 13px; margin: 0; padding: 0; line-height: 16px; color: #534438;\"><img loading=\"lazy\" decoding=\"async\" style=\"display: inline; float: left;\" src=\"http:\/\/dublineventguide.com\/dff\/admin\/images\/weekly.png\" alt=\"\" width=\"69\" height=\"16\" \/> 15:00 &#8211; 16:30, Sun 19 Jul<\/h3>\n<p style=\"font-size: 13px; color: #534438; line-height: 20px; margin: 0; padding-top: 0;\">National Print Museum, Beggars Bush, Haddington Road, Dublin 4<\/p>\n<table width=\"100%\" cellspacing=\"0\" cellpadding=\"0\">\n<tbody>\n<tr>\n<td valign=\"top\">\n<div style=\"font-size: 13px; color: #534438; line-height: 20px;\">\n<p style=\"margin: 10px 0;\">Unlike the three branches of the National Museum, the National Print Museum is normally not free, but every Sunday there is a free public tour for the next few weeks. Every visit begins with a short audio-visual presentation where the audience can observe active retired printers providing practical demonstrations of machines from the Museum\u2019s collection.<\/p>\n<\/div>\n<div style=\"font-size: 13px; color: #534438; line-height: 20px;\"><\/div>\n<p style=\"font-size: 13px; color: #534438; line-height: 20px;\"><a style=\"color: #cc2979; text-decoration: none;\" href=\"www.nationalprintmuseum.ie\/guided-tours.html\">www.nationalprintmuseum.ie\/guided-tours.html<\/a><\/p>\n<\/td>\n<td valign=\"top\"><\/td>\n<\/tr>\n<\/tbody>\n<\/table>\n<\/td>\n<\/tr>\n<\/tbody>\n<\/table>\n<\/td>\n<\/tr>\n<\/tbody>\n<\/table>\n<table width=\"100%\" cellspacing=\"0\" cellpadding=\"0\">\n<tbody>\n<tr>\n<td style=\"padding: 10px 30px;\">\n<table width=\"100%\" cellspacing=\"0\" cellpadding=\"0\">\n<tbody>\n<tr>\n<td valign=\"top\" width=\"52\"><img loading=\"lazy\" decoding=\"async\" src=\"http:\/\/dublineventguide.com\/dff\/admin\/images\/categories\/MUSIC.png\" alt=\"\" width=\"32\" height=\"32\" \/><\/td>\n<td>\n<h2 style=\"font-size: 16px; color: #534438; margin: 0 0 5px; font-weight: normal;\">Brian Keary plays Classical Guitar<\/h2>\n<h3 style=\"font-size: 13px; margin: 0; padding: 0; line-height: 16px; color: #534438;\"><img loading=\"lazy\" decoding=\"async\" style=\"display: inline; float: left;\" src=\"http:\/\/dublineventguide.com\/dff\/admin\/images\/weekly.png\" alt=\"\" width=\"69\" height=\"16\" \/> 16:00 &#8211; 17:00, Sun 19 Jul<\/h3>\n<p style=\"font-size: 13px; color: #534438; line-height: 20px; margin: 0; padding-top: 0;\">Sweeney Mongrel&#8217;s, 32 Dame Street, Dublin 2<\/p>\n<table width=\"100%\" cellspacing=\"0\" cellpadding=\"0\">\n<tbody>\n<tr>\n<td valign=\"top\">\n<div style=\"font-size: 13px; color: #534438; line-height: 20px;\">\n<p style=\"margin: 10px 0;\">Brian Keary is a classically trained guitar player who also has experience of different styles \/ genres of music ranging from ragtime and folk to baroque and contemporary. He will perform in Sweeney&#8217;s (Ground Floor) on Sunday afternoon.<\/p>\n<\/div>\n<div style=\"font-size: 13px; color: #534438; line-height: 20px;\"><\/div>\n<p style=\"font-size: 13px; color: #534438; line-height: 20px;\"><a style=\"color: #cc2979; text-decoration: none;\" href=\"http:\/\/www.sweeneysdublin.ie\/gigs.php\">http:\/\/www.sweeneysdublin.ie\/gigs.php<\/a><\/p>\n<\/td>\n<td valign=\"top\"><\/td>\n<\/tr>\n<\/tbody>\n<\/table>\n<\/td>\n<\/tr>\n<\/tbody>\n<\/table>\n<\/td>\n<\/tr>\n<\/tbody>\n<\/table>\n<table width=\"100%\" cellspacing=\"0\" cellpadding=\"0\">\n<tbody>\n<tr>\n<td style=\"padding: 10px 30px;\">\n<table width=\"100%\" cellspacing=\"0\" cellpadding=\"0\">\n<tbody>\n<tr>\n<td valign=\"top\" width=\"52\"><img loading=\"lazy\" decoding=\"async\" src=\"http:\/\/dublineventguide.com\/dff\/admin\/images\/categories\/MUSIC.png\" alt=\"\" width=\"32\" height=\"32\" \/><\/td>\n<td>\n<h2 style=\"font-size: 16px; color: #534438; margin: 0 0 5px; font-weight: normal;\">Jazz &amp; Tapas Dinner<\/h2>\n<h3 style=\"font-size: 13px; margin: 0; padding: 0; line-height: 16px; color: #534438;\">18:00 &#8211; 20:30, Sun 19 Jul<\/h3>\n<p style=\"font-size: 13px; color: #534438; line-height: 20px; margin: 0; padding-top: 0;\">Zaragoza, 18 South William Street, Dublin 2<\/p>\n<table width=\"100%\" cellspacing=\"0\" cellpadding=\"0\">\n<tbody>\n<tr>\n<td valign=\"top\">\n<div style=\"font-size: 13px; color: #534438; line-height: 20px;\">\n<p style=\"margin: 10px 0;\">The next Jazz&amp;Tapas Brunch\/Dinner in Zaragoza is this Sunday with Liza Nelson (vocals) and Eanna Ryder (piano) performing.<\/p>\n<\/div>\n<div style=\"font-size: 13px; color: #534438; line-height: 20px;\"><\/div>\n<p style=\"font-size: 13px; color: #534438; line-height: 20px;\"><a style=\"color: #cc2979; text-decoration: none;\" href=\"http:\/\/www.zaragozadublin.com\/\">http:\/\/www.zaragozadublin.com\/<\/a><\/p>\n<\/td>\n<td valign=\"top\"><\/td>\n<\/tr>\n<\/tbody>\n<\/table>\n<\/td>\n<\/tr>\n<\/tbody>\n<\/table>\n<\/td>\n<\/tr>\n<\/tbody>\n<\/table>\n<table width=\"100%\" cellspacing=\"0\" cellpadding=\"0\">\n<tbody>\n<tr>\n<td style=\"padding: 10px 30px;\">\n<table width=\"100%\" cellspacing=\"0\" cellpadding=\"0\">\n<tbody>\n<tr>\n<td valign=\"top\" width=\"52\"><img loading=\"lazy\" decoding=\"async\" src=\"http:\/\/dublineventguide.com\/dff\/admin\/images\/categories\/MUSIC.png\" alt=\"\" width=\"32\" height=\"32\" \/><\/td>\n<td>\n<h2 style=\"font-size: 16px; color: #534438; margin: 0 0 5px; font-weight: normal;\">LJJ Band &#8211; Cafe en Seine<\/h2>\n<h3 style=\"font-size: 13px; margin: 0; padding: 0; line-height: 16px; color: #534438;\"><img loading=\"lazy\" decoding=\"async\" style=\"display: inline; float: left;\" src=\"http:\/\/dublineventguide.com\/dff\/admin\/images\/weekly.png\" alt=\"\" width=\"69\" height=\"16\" \/> 18:00 &#8211; 20:00, Sun 19 Jul<\/h3>\n<p style=\"font-size: 13px; color: #534438; line-height: 20px; margin: 0; padding-top: 0;\">Caf\u00e9 en Seine, Dawson Street, Dublin 2<\/p>\n<table width=\"100%\" cellspacing=\"0\" cellpadding=\"0\">\n<tbody>\n<tr>\n<td valign=\"top\">\n<div style=\"font-size: 13px; color: #534438; line-height: 20px;\">\n<p style=\"margin: 10px 0;\">The wedding and party band The LJJ Band play every Sunday evening in Caf\u00e9 en Seine. Admission is free.<\/p>\n<\/div>\n<div style=\"font-size: 13px; color: #534438; line-height: 20px;\"><\/div>\n<p style=\"font-size: 13px; color: #534438; line-height: 20px;\"><a style=\"color: #cc2979; text-decoration: none;\" href=\"http:\/\/www.longjohnjumpband.com\/\">http:\/\/www.longjohnjumpband.com\/<\/a><\/p>\n<\/td>\n<td valign=\"top\"><\/td>\n<\/tr>\n<\/tbody>\n<\/table>\n<\/td>\n<\/tr>\n<\/tbody>\n<\/table>\n<\/td>\n<\/tr>\n<\/tbody>\n<\/table>\n<table width=\"100%\" cellspacing=\"0\" cellpadding=\"0\">\n<tbody>\n<tr>\n<td style=\"padding: 10px 30px;\">\n<table width=\"100%\" cellspacing=\"0\" cellpadding=\"0\">\n<tbody>\n<tr>\n<td valign=\"top\" width=\"52\"><img loading=\"lazy\" decoding=\"async\" src=\"http:\/\/dublineventguide.com\/dff\/admin\/images\/categories\/MUSIC.png\" alt=\"\" width=\"32\" height=\"32\" \/><\/td>\n<td>\n<h2 style=\"font-size: 16px; color: #534438; margin: 0 0 5px; font-weight: normal;\">Sweeney&#8217;s Dixieland Jazzmen<\/h2>\n<h3 style=\"font-size: 13px; margin: 0; padding: 0; line-height: 16px; color: #534438;\"><img loading=\"lazy\" decoding=\"async\" style=\"display: inline; float: left;\" src=\"http:\/\/dublineventguide.com\/dff\/admin\/images\/weekly.png\" alt=\"\" width=\"69\" height=\"16\" \/> 18:30 &#8211; 20:30, Sun 19 Jul<\/h3>\n<p style=\"font-size: 13px; color: #534438; line-height: 20px; margin: 0; padding-top: 0;\">Sweeney Mongrel&#8217;s, 32 Dame Street, Dublin 2<\/p>\n<table width=\"100%\" cellspacing=\"0\" cellpadding=\"0\">\n<tbody>\n<tr>\n<td valign=\"top\">\n<div style=\"font-size: 13px; color: #534438; line-height: 20px;\">\n<p style=\"margin: 10px 0;\">The Sweeney&#8217;s Dixeland Jazzmen play their weekly gig on the ground floor in Sweeney&#8217;s. Admission is free.<\/p>\n<\/div>\n<div style=\"font-size: 13px; color: #534438; line-height: 20px;\"><\/div>\n<p style=\"font-size: 13px; color: #534438; line-height: 20px;\"><a style=\"color: #cc2979; text-decoration: none;\" href=\"http:\/\/www.dublinsessions.ie\/sweeneys.html\">http:\/\/www.dublinsessions.ie\/sweeneys.html<\/a><\/p>\n<\/td>\n<td valign=\"top\"><\/td>\n<\/tr>\n<\/tbody>\n<\/table>\n<\/td>\n<\/tr>\n<\/tbody>\n<\/table>\n<\/td>\n<\/tr>\n<\/tbody>\n<\/table>\n<table width=\"100%\" cellspacing=\"0\" cellpadding=\"0\">\n<tbody>\n<tr>\n<td style=\"padding: 10px 30px;\">\n<table width=\"100%\" cellspacing=\"0\" cellpadding=\"0\">\n<tbody>\n<tr>\n<td valign=\"top\" width=\"52\"><img loading=\"lazy\" decoding=\"async\" src=\"http:\/\/dublineventguide.com\/dff\/admin\/images\/categories\/MUSIC.png\" alt=\"\" width=\"32\" height=\"32\" \/><\/td>\n<td>\n<h2 style=\"font-size: 16px; color: #534438; margin: 0 0 5px; font-weight: normal;\">Jawbone &#8211; Acoustic Folk &amp; Blues Night<\/h2>\n<h3 style=\"font-size: 13px; margin: 0; padding: 0; line-height: 16px; color: #534438;\"><img loading=\"lazy\" decoding=\"async\" style=\"display: inline; float: left;\" src=\"http:\/\/dublineventguide.com\/dff\/admin\/images\/weekly.png\" alt=\"\" width=\"69\" height=\"16\" \/> 19:00 &#8211; 21:00, Sun 19 Jul<\/h3>\n<p style=\"font-size: 13px; color: #534438; line-height: 20px; margin: 0; padding-top: 0;\">Arthur&#8217;s Pub, 28 Thomas Street, Dublin 8<\/p>\n<table width=\"100%\" cellspacing=\"0\" cellpadding=\"0\">\n<tbody>\n<tr>\n<td valign=\"top\">\n<div style=\"font-size: 13px; color: #534438; line-height: 20px;\">\n<p style=\"margin: 10px 0;\">At the Jawbone Gig night in Arthur&#8217;s Pub, Acoustic Folk &amp; Blues will be performed every Sunday. Admission is free.<\/p>\n<p><a style=\"color: #cc2979; text-decoration: none;\" href=\"https:\/\/www.facebook.com\/pages\/Jawbone-Dublin-Acoustic-Folk-Blues-Commune\/724102984268967\">https:\/\/www.facebook.com\/pages\/Jawbone-Dublin-Acoustic-Folk-Blues-Commune\/724102984268967<\/a><\/p>\n<\/div>\n<div style=\"font-size: 13px; color: #534438; line-height: 20px;\"><\/div>\n<p style=\"font-size: 13px; color: #534438; line-height: 20px;\"><a style=\"color: #cc2979; text-decoration: none;\" href=\"https:\/\/www.facebook.com\/ArthursPub\">https:\/\/www.facebook.com\/ArthursPub<\/a><\/p>\n<\/td>\n<td valign=\"top\"><\/td>\n<\/tr>\n<\/tbody>\n<\/table>\n<\/td>\n<\/tr>\n<\/tbody>\n<\/table>\n<\/td>\n<\/tr>\n<\/tbody>\n<\/table>\n<table width=\"100%\" cellspacing=\"0\" cellpadding=\"0\">\n<tbody>\n<tr>\n<td style=\"padding: 10px 30px;\">\n<table width=\"100%\" cellspacing=\"0\" cellpadding=\"0\">\n<tbody>\n<tr>\n<td valign=\"top\" width=\"52\"><img loading=\"lazy\" decoding=\"async\" src=\"http:\/\/dublineventguide.com\/dff\/admin\/images\/categories\/MUSIC.png\" alt=\"\" width=\"32\" height=\"32\" \/><\/td>\n<td>\n<h2 style=\"font-size: 16px; color: #534438; margin: 0 0 5px; font-weight: normal;\">Dermot Byrne &amp; Danny Tobin &#8211; Gig<\/h2>\n<h3 style=\"font-size: 13px; margin: 0; padding: 0; line-height: 16px; color: #534438;\">20:00, Sun 19 Jul<\/h3>\n<p style=\"font-size: 13px; color: #534438; line-height: 20px; margin: 0; padding-top: 0;\">Harbour Bar, 1 Strand Road, Bray, Co. Wicklow<\/p>\n<table width=\"100%\" cellspacing=\"0\" cellpadding=\"0\">\n<tbody>\n<tr>\n<td valign=\"top\">\n<div style=\"font-size: 13px; color: #534438; line-height: 20px;\">\n<p style=\"margin: 10px 0;\">Dermot Byrne and Danny Tobin, two of Ireland&#8217;s masters of Delta Blues will be in the Harbour Bar for a gig. Admission is free,<\/p>\n<\/div>\n<div style=\"font-size: 13px; color: #534438; line-height: 20px;\"><\/div>\n<p style=\"font-size: 13px; color: #534438; line-height: 20px;\"><a style=\"color: #cc2979; text-decoration: none;\" href=\"http:\/\/www.theharbourbar.ie\/whats-on\/event\/dermot-byrne-danny-tobin-event\">http:\/\/www.theharbourbar.ie\/whats-on\/event\/dermot-byrne-danny-tobin-event<\/a><\/p>\n<\/td>\n<td valign=\"top\"><\/td>\n<\/tr>\n<\/tbody>\n<\/table>\n<\/td>\n<\/tr>\n<\/tbody>\n<\/table>\n<\/td>\n<\/tr>\n<\/tbody>\n<\/table>\n<table width=\"100%\" cellspacing=\"0\" cellpadding=\"0\">\n<tbody>\n<tr>\n<td style=\"padding: 10px 30px;\">\n<table width=\"100%\" cellspacing=\"0\" cellpadding=\"0\">\n<tbody>\n<tr>\n<td valign=\"top\" width=\"52\"><img loading=\"lazy\" decoding=\"async\" src=\"http:\/\/dublineventguide.com\/dff\/admin\/images\/categories\/MUSIC.png\" alt=\"\" width=\"32\" height=\"32\" \/><\/td>\n<td>\n<h2 style=\"font-size: 16px; color: #534438; margin: 0 0 5px; font-weight: normal;\">Apollo Sessions<\/h2>\n<h3 style=\"font-size: 13px; margin: 0; padding: 0; line-height: 16px; color: #534438;\"><img loading=\"lazy\" decoding=\"async\" style=\"display: inline; float: left;\" src=\"http:\/\/dublineventguide.com\/dff\/admin\/images\/weekly.png\" alt=\"\" width=\"69\" height=\"16\" \/> 20:30, Sun 19 Jul<\/h3>\n<p style=\"font-size: 13px; color: #534438; line-height: 20px; margin: 0; padding-top: 0;\">Bleeding Horse, 24 Upper Camden St., Dublin 2<\/p>\n<table width=\"100%\" cellspacing=\"0\" cellpadding=\"0\">\n<tbody>\n<tr>\n<td valign=\"top\">\n<div style=\"font-size: 13px; color: #534438; line-height: 20px;\">\n<p style=\"margin: 10px 0;\">Every Sunday this singer-songwriter night takes place in the Bleeding Horse in Camden St. from 8.30pm. It is an Open mic night and performers can just turn up and put their name on the list for that night.<\/p>\n<\/div>\n<div style=\"font-size: 13px; color: #534438; line-height: 20px;\"><\/div>\n<p style=\"font-size: 13px; color: #534438; line-height: 20px;\"><a style=\"color: #cc2979; text-decoration: none;\" href=\"https:\/\/www.facebook.com\/apollosessions\">https:\/\/www.facebook.com\/apollosessions<\/a><\/p>\n<\/td>\n<td valign=\"top\"><\/td>\n<\/tr>\n<\/tbody>\n<\/table>\n<\/td>\n<\/tr>\n<\/tbody>\n<\/table>\n<\/td>\n<\/tr>\n<\/tbody>\n<\/table>\n<table width=\"100%\" cellspacing=\"0\" cellpadding=\"0\">\n<tbody>\n<tr>\n<td style=\"padding: 10px 30px;\">\n<table width=\"100%\" cellspacing=\"0\" cellpadding=\"0\">\n<tbody>\n<tr>\n<td valign=\"top\" width=\"52\"><img loading=\"lazy\" decoding=\"async\" src=\"http:\/\/dublineventguide.com\/dff\/admin\/images\/categories\/COMEDY.png\" alt=\"\" width=\"32\" height=\"32\" \/><\/td>\n<td>\n<h2 style=\"font-size: 16px; color: #534438; margin: 0 0 5px; font-weight: normal;\">Comedy Crunch<\/h2>\n<h3 style=\"font-size: 13px; margin: 0; padding: 0; line-height: 16px; color: #534438;\"><img loading=\"lazy\" decoding=\"async\" style=\"display: inline; float: left;\" src=\"http:\/\/dublineventguide.com\/dff\/admin\/images\/weekly.png\" alt=\"\" width=\"69\" height=\"16\" \/> 21:00 &#8211; 00:00, Sun 19 Jul<\/h3>\n<p style=\"font-size: 13px; color: #534438; line-height: 20px; margin: 0; padding-top: 0;\">Stag&#8217;s Head (downstairs), Dame Lane, Dublin 2<\/p>\n<table width=\"100%\" cellspacing=\"0\" cellpadding=\"0\">\n<tbody>\n<tr>\n<td valign=\"top\">\n<div style=\"font-size: 13px; color: #534438; line-height: 20px;\">\n<p style=\"margin: 10px 0;\">The Comedy Crunch is a free Stand Up comedy downstairs in Stag&#8217;s Head, Dame Lane from 21:00 every week on Sun+Mon. Every week different comedians entertain and on top of that there is some free ice cream. The line-up can be found via the Comedy Crunch Facebook Page (see link below).<\/p>\n<\/div>\n<div style=\"font-size: 13px; color: #534438; line-height: 20px;\"><\/div>\n<p style=\"font-size: 13px; color: #534438; line-height: 20px;\"><a style=\"color: #cc2979; text-decoration: none;\" href=\"http:\/\/www.facebook.com\/pages\/The-Comedy-Crunch\/83791357330\">http:\/\/www.facebook.com\/pages\/The-Comedy-Crunch\/83791357330<\/a><\/p>\n<\/td>\n<td valign=\"top\"><\/td>\n<\/tr>\n<\/tbody>\n<\/table>\n<\/td>\n<\/tr>\n<\/tbody>\n<\/table>\n<\/td>\n<\/tr>\n<\/tbody>\n<\/table>\n<table width=\"100%\" cellspacing=\"0\" cellpadding=\"0\">\n<tbody>\n<tr>\n<td style=\"padding: 10px 30px;\">\n<table width=\"100%\" cellspacing=\"0\" cellpadding=\"0\">\n<tbody>\n<tr>\n<td valign=\"top\" width=\"52\"><img loading=\"lazy\" decoding=\"async\" src=\"http:\/\/dublineventguide.com\/dff\/admin\/images\/categories\/MUSIC.png\" alt=\"\" width=\"32\" height=\"32\" \/><\/td>\n<td>\n<h2 style=\"font-size: 16px; color: #534438; margin: 0 0 5px; font-weight: normal;\">Rhythm Rocker<\/h2>\n<h3 style=\"font-size: 13px; margin: 0; padding: 0; line-height: 16px; color: #534438;\"><img loading=\"lazy\" decoding=\"async\" style=\"display: inline; float: left;\" src=\"http:\/\/dublineventguide.com\/dff\/admin\/images\/weekly.png\" alt=\"\" width=\"69\" height=\"16\" \/> 21:00, Sun 19 Jul<\/h3>\n<p style=\"font-size: 13px; color: #534438; line-height: 20px; margin: 0; padding-top: 0;\">The Globe, 11 South Great George&#8217;s Street, Dublin 2<\/p>\n<table width=\"100%\" cellspacing=\"0\" cellpadding=\"0\">\n<tbody>\n<tr>\n<td valign=\"top\">\n<div style=\"font-size: 13px; color: #534438; line-height: 20px;\">\n<p style=\"margin: 10px 0;\">&#8220;Rhythm Rocker at The Globe&#8221; is a weekly event on Sunday night in The Globe. Admission is free.<\/p>\n<p>The Pavement Kings play Rockabilly from 21:00 and<br \/>\nDJs Popocorn Peete and Little Dakota follow from 23:00-01:30 with a white variety of styles (Rockabilly, Calypso, Soul, Rock &#8216;n&#8217; Roll, etc).<\/p>\n<\/div>\n<div style=\"font-size: 13px; color: #534438; line-height: 20px;\"><\/div>\n<p style=\"font-size: 13px; color: #534438; line-height: 20px;\"><a style=\"color: #cc2979; text-decoration: none;\" href=\"http:\/\/www.facebook.com\/rhythmrocker\">http:\/\/www.facebook.com\/rhythmrocker<\/a><\/p>\n<\/td>\n<td valign=\"top\"><\/td>\n<\/tr>\n<\/tbody>\n<\/table>\n<\/td>\n<\/tr>\n<\/tbody>\n<\/table>\n<\/td>\n<\/tr>\n<\/tbody>\n<\/table>\n<table width=\"100%\" cellspacing=\"0\" cellpadding=\"0\">\n<tbody>\n<tr>\n<td style=\"padding: 10px 30px;\">\n<table width=\"100%\" cellspacing=\"0\" cellpadding=\"0\">\n<tbody>\n<tr>\n<td valign=\"top\" width=\"52\"><img loading=\"lazy\" decoding=\"async\" src=\"http:\/\/dublineventguide.com\/dff\/admin\/images\/categories\/MUSIC.png\" alt=\"\" width=\"32\" height=\"32\" \/><\/td>\n<td>\n<h2 style=\"font-size: 16px; color: #534438; margin: 0 0 5px; font-weight: normal;\">The Mighty Stef &#8211; Gig<\/h2>\n<h3 style=\"font-size: 13px; margin: 0; padding: 0; line-height: 16px; color: #534438;\">21:00, Sun 19 Jul<\/h3>\n<p style=\"font-size: 13px; color: #534438; line-height: 20px; margin: 0; padding-top: 0;\">The Mezz, 24\/25 Eustace Street, Temple Bar, Dublin 2<\/p>\n<table width=\"100%\" cellspacing=\"0\" cellpadding=\"0\">\n<tbody>\n<tr>\n<td valign=\"top\">\n<div style=\"font-size: 13px; color: #534438; line-height: 20px;\">\n<p style=\"margin: 10px 0;\">A Longitude Festival After Party will be in the Mezz and The Mighty Stef will perform. Admission is free.<\/p>\n<\/div>\n<div style=\"font-size: 13px; color: #534438; line-height: 20px;\"><\/div>\n<p style=\"font-size: 13px; color: #534438; line-height: 20px;\"><a style=\"color: #cc2979; text-decoration: none;\" href=\"https:\/\/www.facebook.com\/mezzdublin\">https:\/\/www.facebook.com\/mezzdublin<\/a><\/p>\n<\/td>\n<td valign=\"top\"><\/td>\n<\/tr>\n<\/tbody>\n<\/table>\n<\/td>\n<\/tr>\n<\/tbody>\n<\/table>\n<\/td>\n<\/tr>\n<\/tbody>\n<\/table>\n<table width=\"100%\" cellspacing=\"0\" cellpadding=\"0\">\n<tbody>\n<tr>\n<td style=\"padding: 10px 30px;\">\n<table width=\"100%\" cellspacing=\"0\" cellpadding=\"0\">\n<tbody>\n<tr>\n<td valign=\"top\" width=\"52\"><img loading=\"lazy\" decoding=\"async\" src=\"http:\/\/dublineventguide.com\/dff\/admin\/images\/categories\/MUSIC.png\" alt=\"\" width=\"32\" height=\"32\" \/><\/td>\n<td>\n<h2 style=\"font-size: 16px; color: #534438; margin: 0 0 5px; font-weight: normal;\">Billy Treacy &amp; The Ha&#8217;Penny Heads<\/h2>\n<h3 style=\"font-size: 13px; margin: 0; padding: 0; line-height: 16px; color: #534438;\"><img loading=\"lazy\" decoding=\"async\" style=\"display: inline; float: left;\" src=\"http:\/\/dublineventguide.com\/dff\/admin\/images\/weekly.png\" alt=\"\" width=\"69\" height=\"16\" \/> 21:30, Sun 19 Jul<\/h3>\n<p style=\"font-size: 13px; color: #534438; line-height: 20px; margin: 0; padding-top: 0;\">Ha&#8217;Penny Bridge Inn, 42 Wellington Quay Temple Bar, Dublin 2<\/p>\n<table width=\"100%\" cellspacing=\"0\" cellpadding=\"0\">\n<tbody>\n<tr>\n<td valign=\"top\">\n<div style=\"font-size: 13px; color: #534438; line-height: 20px;\">\n<p style=\"margin: 10px 0;\">Billy Treacy &amp; The Ha&#8217;Penny Heads are playing Ballads, Folk, Trad and Classic Country every Sunday. Featuring Guitar, Mandolin, Fiddle and Banjo.<\/p>\n<\/div>\n<div style=\"font-size: 13px; color: #534438; line-height: 20px;\"><\/div>\n<p style=\"font-size: 13px; color: #534438; line-height: 20px;\"><a style=\"color: #cc2979; text-decoration: none;\" href=\"http:\/\/www.billytreacy.com\/\">http:\/\/www.billytreacy.com\/<\/a><\/p>\n<\/td>\n<td valign=\"top\"><\/td>\n<\/tr>\n<\/tbody>\n<\/table>\n<\/td>\n<\/tr>\n<\/tbody>\n<\/table>\n<\/td>\n<\/tr>\n<\/tbody>\n<\/table>\n<table width=\"100%\" cellspacing=\"0\" cellpadding=\"0\">\n<tbody>\n<tr>\n<td style=\"padding: 10px 30px;\">\n<table width=\"100%\" cellspacing=\"0\" cellpadding=\"0\">\n<tbody>\n<tr>\n<td valign=\"top\" width=\"52\"><img loading=\"lazy\" decoding=\"async\" src=\"http:\/\/dublineventguide.com\/dff\/admin\/images\/categories\/MUSIC.png\" alt=\"\" width=\"32\" height=\"32\" \/><\/td>\n<td>\n<h2 style=\"font-size: 16px; color: #534438; margin: 0 0 5px; font-weight: normal;\">Cool Hand Dukes<\/h2>\n<h3 style=\"font-size: 13px; margin: 0; padding: 0; line-height: 16px; color: #534438;\"><img loading=\"lazy\" decoding=\"async\" style=\"display: inline; float: left;\" src=\"http:\/\/dublineventguide.com\/dff\/admin\/images\/weekly.png\" alt=\"\" width=\"69\" height=\"16\" \/> 22:00, Sun 19 Jul<\/h3>\n<p style=\"font-size: 13px; color: #534438; line-height: 20px; margin: 0; padding-top: 0;\">Porterhouse Central, 45-47 Nassau Street, Dublin 2<\/p>\n<table width=\"100%\" cellspacing=\"0\" cellpadding=\"0\">\n<tbody>\n<tr>\n<td valign=\"top\">\n<div style=\"font-size: 13px; color: #534438; line-height: 20px;\">\n<p style=\"margin: 10px 0;\">Every Sunday (except at Bank Holiday weekends), the Ragtime, Roots and Country Blues Band &#8220;Cool Hand Dukes&#8221; play in the Porterhouse near Grafton Street.<\/p>\n<\/div>\n<div style=\"font-size: 13px; color: #534438; line-height: 20px;\"><\/div>\n<p style=\"font-size: 13px; color: #534438; line-height: 20px;\"><a style=\"color: #cc2979; text-decoration: none;\" href=\"https:\/\/www.facebook.com\/coolhand.dukes.1\">https:\/\/www.facebook.com\/coolhand.dukes.1<\/a><\/p>\n<\/td>\n<td valign=\"top\"><\/td>\n<\/tr>\n<\/tbody>\n<\/table>\n<\/td>\n<\/tr>\n<\/tbody>\n<\/table>\n<\/td>\n<\/tr>\n<\/tbody>\n<\/table>\n<table width=\"100%\" cellspacing=\"0\" cellpadding=\"0\">\n<tbody>\n<tr>\n<td style=\"padding: 10px 30px;\">\n<table width=\"100%\" cellspacing=\"0\" cellpadding=\"0\">\n<tbody>\n<tr>\n<td valign=\"top\" width=\"52\"><img loading=\"lazy\" decoding=\"async\" src=\"http:\/\/dublineventguide.com\/dff\/admin\/images\/categories\/MUSIC.png\" alt=\"\" width=\"32\" height=\"32\" \/><\/td>\n<td>\n<h2 style=\"font-size: 16px; color: #534438; margin: 0 0 5px; font-weight: normal;\">The Dublin Blues Cartel &#8211; Gig<\/h2>\n<h3 style=\"font-size: 13px; margin: 0; padding: 0; line-height: 16px; color: #534438;\">22:30, Sun 19 Jul<\/h3>\n<p style=\"font-size: 13px; color: #534438; line-height: 20px; margin: 0; padding-top: 0;\">Whelan&#8217;s, 25 Wexford Street, Dublin 2<\/p>\n<table width=\"100%\" cellspacing=\"0\" cellpadding=\"0\">\n<tbody>\n<tr>\n<td valign=\"top\">\n<div style=\"font-size: 13px; color: #534438; line-height: 20px;\">\n<p style=\"margin: 10px 0;\">The Dublin Blues Cartel will be in Whelan&#8217;s again and will perform mostly a version of New Orleans R\u2019n&#8217;B with a classic rock twist, sandwiched with swing, Rock\u2019n\u2019Roll, Soul, Funk, Blues and rap of all eras. Admission is free.<\/p>\n<\/div>\n<div style=\"font-size: 13px; color: #534438; line-height: 20px;\"><\/div>\n<p style=\"font-size: 13px; color: #534438; line-height: 20px;\"><a style=\"color: #cc2979; text-decoration: none;\" href=\"http:\/\/www.whelanslive.com\/index.php\/live-from-the-window-w-the-dublin-blues-cartel-28\/\">http:\/\/www.whelanslive.com\/index.php\/live-from-the-window-w-the-dublin-blues-cartel-28\/<\/a><\/p>\n<\/td>\n<td valign=\"top\"><\/td>\n<\/tr>\n<\/tbody>\n<\/table>\n<\/td>\n<\/tr>\n<\/tbody>\n<\/table>\n<\/td>\n<\/tr>\n<\/tbody>\n<\/table>\n<table id=\"day_1437346800\" style=\"margin-top: 10px;\" width=\"100%\" cellspacing=\"0\" cellpadding=\"0\">\n<tbody>\n<tr style=\"background-color: #c20162; color: #fff;\">\n<td style=\"padding: 0; line-height: 1; height: 34px; overflow: hidden;\">\n<p style=\"width: 630px; padding-left: 30px; margin: 0; height: 34px; overflow: hidden; line-height: 34px;\"><a name=\"day_1437346800\"><\/a><strong>Monday <\/strong> 20 Jul<\/p>\n<\/td>\n<td>\n<p style=\"margin: 0; line-height: 34px; padding: 0; font-size: 13px;\"><a style=\"color: #fff; text-decoration: none;\" href=\"#dff_top\">back to top<\/a><\/p>\n<\/td>\n<td>\n<p style=\"margin: 0; padding: 0; font-size: 13px;\"><a style=\"color: #fff; text-decoration: none;\" href=\"#dff_top\"><img loading=\"lazy\" decoding=\"async\" src=\"http:\/\/dublineventguide.com\/dff\/admin\/images\/dividers\/date_toplink.png\" alt=\"Back to top\" width=\"38\" height=\"34\" \/><\/a><\/p>\n<\/td>\n<td width=\"50\"><\/td>\n<\/tr>\n<\/tbody>\n<\/table>\n<table width=\"100%\" cellspacing=\"0\" cellpadding=\"0\">\n<tbody>\n<tr>\n<td style=\"padding: 10px 30px;\">\n<table width=\"100%\" cellspacing=\"0\" cellpadding=\"0\">\n<tbody>\n<tr>\n<td valign=\"top\" width=\"52\"><img loading=\"lazy\" decoding=\"async\" src=\"http:\/\/dublineventguide.com\/dff\/admin\/images\/categories\/KIDS.png\" alt=\"\" width=\"32\" height=\"32\" \/><\/td>\n<td>\n<h2 style=\"font-size: 16px; color: #534438; margin: 0 0 5px; font-weight: normal;\">Family Workshop &#8211; National Gallery<\/h2>\n<h3 style=\"font-size: 13px; margin: 0; padding: 0; line-height: 16px; color: #534438;\">11:00 &#8211; 12:00, Mon 20 Jul<\/h3>\n<p style=\"font-size: 13px; color: #534438; line-height: 20px; margin: 0; padding-top: 0;\">National Gallery, Clare Street, Dublin 2<\/p>\n<table width=\"100%\" cellspacing=\"0\" cellpadding=\"0\">\n<tbody>\n<tr>\n<td valign=\"top\">\n<div style=\"font-size: 13px; color: #534438; line-height: 20px;\">\n<p style=\"margin: 10px 0;\">A free art-making workshop for families with children aged 4-10, entitled &#8220;Inspited by Renaissance&#8221; will take place. Admission is free and no booking required, but places are limited. Read all details on the site below.<\/p>\n<\/div>\n<div style=\"font-size: 13px; color: #534438; line-height: 20px;\"><\/div>\n<p style=\"font-size: 13px; color: #534438; line-height: 20px;\"><a style=\"color: #cc2979; text-decoration: none;\" href=\"http:\/\/nationalgallery.ie\/whatson\/Summer_2015\/Family_workshop\/July20_family.aspx\">http:\/\/nationalgallery.ie\/whatson\/Summer_2015\/Family_workshop\/July20_family.aspx<\/a><\/p>\n<\/td>\n<td valign=\"top\"><\/td>\n<\/tr>\n<\/tbody>\n<\/table>\n<\/td>\n<\/tr>\n<\/tbody>\n<\/table>\n<\/td>\n<\/tr>\n<\/tbody>\n<\/table>\n<table width=\"100%\" cellspacing=\"0\" cellpadding=\"0\">\n<tbody>\n<tr>\n<td style=\"padding: 10px 30px;\">\n<table width=\"100%\" cellspacing=\"0\" cellpadding=\"0\">\n<tbody>\n<tr>\n<td valign=\"top\" width=\"52\"><img loading=\"lazy\" decoding=\"async\" src=\"http:\/\/dublineventguide.com\/dff\/admin\/images\/categories\/TALKS.png\" alt=\"\" width=\"32\" height=\"32\" \/><\/td>\n<td>\n<h2 style=\"font-size: 16px; color: #534438; margin: 0 0 5px; font-weight: normal;\">National Gallery Talks<\/h2>\n<h3 style=\"font-size: 13px; margin: 0; padding: 0; line-height: 16px; color: #534438;\"><img loading=\"lazy\" decoding=\"async\" style=\"display: inline; float: left;\" src=\"http:\/\/dublineventguide.com\/dff\/admin\/images\/weekly.png\" alt=\"\" width=\"69\" height=\"16\" \/> 11:30 &#8211; 16:50, Mon 20 Jul<\/h3>\n<p style=\"font-size: 13px; color: #534438; line-height: 20px; margin: 0; padding-top: 0;\">National Gallery, Clare Street, Dublin 2<\/p>\n<table width=\"100%\" cellspacing=\"0\" cellpadding=\"0\">\n<tbody>\n<tr>\n<td valign=\"top\">\n<div style=\"font-size: 13px; color: #534438; line-height: 20px;\">\n<p style=\"margin: 10px 0;\">The National Gallery has an extensive programme of free talks, public tours and Art Documentary screenings focusing on highlights of the European and Irish Collection every day of the week. Check their website for details.<\/p>\n<\/div>\n<div style=\"font-size: 13px; color: #534438; line-height: 20px;\"><\/div>\n<p style=\"font-size: 13px; color: #534438; line-height: 20px;\"><a style=\"color: #cc2979; text-decoration: none;\" href=\"http:\/\/nationalgallery.ie\/whatson\">http:\/\/nationalgallery.ie\/whatson<\/a><\/p>\n<\/td>\n<td valign=\"top\"><\/td>\n<\/tr>\n<\/tbody>\n<\/table>\n<\/td>\n<\/tr>\n<\/tbody>\n<\/table>\n<\/td>\n<\/tr>\n<\/tbody>\n<\/table>\n<table width=\"100%\" cellspacing=\"0\" cellpadding=\"0\">\n<tbody>\n<tr>\n<td style=\"padding: 10px 30px;\">\n<table width=\"100%\" cellspacing=\"0\" cellpadding=\"0\">\n<tbody>\n<tr>\n<td valign=\"top\" width=\"52\"><img loading=\"lazy\" decoding=\"async\" src=\"http:\/\/dublineventguide.com\/dff\/admin\/images\/categories\/FILM.png\" alt=\"\" width=\"32\" height=\"32\" \/><\/td>\n<td>\n<h2 style=\"font-size: 16px; color: #534438; margin: 0 0 5px; font-weight: normal;\">Archive at Lunchtime &#8211; IFI<\/h2>\n<h3 style=\"font-size: 13px; margin: 0; padding: 0; line-height: 16px; color: #534438;\"><img loading=\"lazy\" decoding=\"async\" style=\"display: inline; float: left;\" src=\"http:\/\/dublineventguide.com\/dff\/admin\/images\/weekly.png\" alt=\"\" width=\"69\" height=\"16\" \/> 13:00, Mon 20 Jul<\/h3>\n<p style=\"font-size: 13px; color: #534438; line-height: 20px; margin: 0; padding-top: 0;\">Irish Film Institute, 6 Eustace Street, Temple Bar, Dublin 2<\/p>\n<table width=\"100%\" cellspacing=\"0\" cellpadding=\"0\">\n<tbody>\n<tr>\n<td valign=\"top\">\n<div style=\"font-size: 13px; color: #534438; line-height: 20px;\">\n<p>Archive at Lunchtime screenings take place Saturdays (Double Bill), Mondays and Wednesdays. The programme is changing weekly now (instead of monthly as in the past). To find out what film(s) will be screened go to <a style=\"color: #cc2979; text-decoration: none;\" href=\"http:\/\/www.ifi.ie\/whatson\/now-showing-coming-soon\/\">http:\/\/www.ifi.ie\/whatson\/now-showing-coming-soon\/<\/a> and look for &#8220;Archive at Lunchtime&#8221; on the right. Admission is free.<\/p>\n<\/div>\n<div style=\"font-size: 13px; color: #534438; line-height: 20px;\"><\/div>\n<p style=\"font-size: 13px; color: #534438; line-height: 20px;\"><a style=\"color: #cc2979; text-decoration: none;\" href=\"http:\/\/www.ifi.ie\/\">http:\/\/www.ifi.ie\/<\/a><\/p>\n<\/td>\n<td valign=\"top\"><\/td>\n<\/tr>\n<\/tbody>\n<\/table>\n<\/td>\n<\/tr>\n<\/tbody>\n<\/table>\n<\/td>\n<\/tr>\n<\/tbody>\n<\/table>\n<table width=\"100%\" cellspacing=\"0\" cellpadding=\"0\">\n<tbody>\n<tr>\n<td style=\"padding: 10px 30px;\">\n<table width=\"100%\" cellspacing=\"0\" cellpadding=\"0\">\n<tbody>\n<tr>\n<td valign=\"top\" width=\"52\"><img loading=\"lazy\" decoding=\"async\" src=\"http:\/\/dublineventguide.com\/dff\/admin\/images\/categories\/ACTIVITY.png\" alt=\"\" width=\"32\" height=\"32\" \/><\/td>\n<td>\n<h2 style=\"font-size: 16px; color: #534438; margin: 0 0 5px; font-weight: normal;\">Low priced books with free delivery!<\/h2>\n<h3 style=\"font-size: 13px; margin: 0; padding: 0; line-height: 16px; color: #534438;\">13:00, Mon 20 Jul<\/h3>\n<p style=\"font-size: 13px; color: #534438; line-height: 20px; margin: 0; padding-top: 0;\">Dublin (various locations)<\/p>\n<table width=\"100%\" cellspacing=\"0\" cellpadding=\"0\">\n<tbody>\n<tr>\n<td valign=\"top\">\n<div style=\"font-size: 13px; color: #534438; line-height: 20px;\">\n<p style=\"text-align: justify;\"><a href=\"http:\/\/www.bookdepository.com?a_aid=dubevg&amp;a_bid=ba35a05b\" target=\"_blank\"><img loading=\"lazy\" decoding=\"async\" style=\"float: left; margin: 4px;\" title=\"Free Delivery on all Books at the Book Depository\" src=\"http:\/\/banners1.bookdepository.com\/accounts\/default1\/banners\/P_Generic_125x125.gif\" alt=\"Free Delivery on all Books at the Book Depository\" width=\"125\" height=\"125\" \/><\/a><img loading=\"lazy\" decoding=\"async\" style=\"border: 0;\" src=\"https:\/\/affiliates.bookdepository.com\/scripts\/imp.php?a_aid=dubevg&amp;a_bid=ba35a05b\" alt=\"\" width=\"1\" height=\"1\" \/><\/p>\n<p style=\"text-align: left;\">If you regularly or occasionally buy books online, you can help the Dublin Event Guide hugely even without having to pay cent directly. In fact you even save money this way:<\/p>\n<p style=\"margin: 10px 0;\">Buy your books from The Book Depository and get better prices and free (!!) delivery for all orders independent from the volume and when you click on the picture here before you buy, then 5% of what normally The Book Depository would get, they give back to the Dublin Event Guide. Everybody wins!<\/p>\n<p><a style=\"color: #cc2979; text-decoration: none;\" href=\"http:\/\/www.bookdepository.com?a_aid=dubevg\">http:\/\/www.bookdepository.com?a_aid=dubevg<\/a><\/p>\n<p>If you prefer Amazon to buy your books (for free postage you need to order a minimum of GBP 25), then use this <a style=\"color: #cc2979; text-decoration: none;\" href=\"http:\/\/www.amazon.co.uk\/?tag=dubevg-21\" target=\"_blank\">Amazon link<\/a> to help the Dublin Event Guide. Thanks!<\/p>\n<\/div>\n<div style=\"font-size: 13px; color: #534438; line-height: 20px;\"><\/div>\n<\/td>\n<td valign=\"top\"><\/td>\n<\/tr>\n<\/tbody>\n<\/table>\n<\/td>\n<\/tr>\n<\/tbody>\n<\/table>\n<\/td>\n<\/tr>\n<\/tbody>\n<\/table>\n<table width=\"100%\" cellspacing=\"0\" cellpadding=\"0\">\n<tbody>\n<tr>\n<td style=\"padding: 10px 30px;\">\n<table width=\"100%\" cellspacing=\"0\" cellpadding=\"0\">\n<tbody>\n<tr>\n<td valign=\"top\" width=\"52\"><img loading=\"lazy\" decoding=\"async\" src=\"http:\/\/dublineventguide.com\/dff\/admin\/images\/categories\/TALKS.png\" alt=\"\" width=\"32\" height=\"32\" \/><\/td>\n<td>\n<h2 style=\"font-size: 16px; color: #534438; margin: 0 0 5px; font-weight: normal;\">The Importance of Cloth and Apparel &#8211; Talk<\/h2>\n<h3 style=\"font-size: 13px; margin: 0; padding: 0; line-height: 16px; color: #534438;\">14:00, Mon 20 Jul<\/h3>\n<p style=\"font-size: 13px; color: #534438; line-height: 20px; margin: 0; padding-top: 0;\">Trinity Long Room Hub, Fellows&#8217; Square, Trinity College, Dublin 2<\/p>\n<table width=\"100%\" cellspacing=\"0\" cellpadding=\"0\">\n<tbody>\n<tr>\n<td valign=\"top\">\n<div style=\"font-size: 13px; color: #534438; line-height: 20px;\">\n<p style=\"margin: 10px 0;\">Clothing is an integral part of everyday life and commerce. Textiles have long been a driving force behind trade, exploration and industrialisation.<\/p>\n<p style=\"margin: 10px 0;\">This seminar, organised by the School of Histories and Humanities will focus on the ways in which clothing and textiles have contributed to culture.<\/p>\n<p style=\"margin: 10px 0;\">It is not 100% clear if the seminar is free or not. You should be able to check via 01 896 1020.<\/p>\n<\/div>\n<div style=\"font-size: 13px; color: #534438; line-height: 20px;\"><\/div>\n<p style=\"font-size: 13px; color: #534438; line-height: 20px;\"><a style=\"color: #cc2979; text-decoration: none;\" href=\"https:\/\/www.tcd.ie\/trinitylongroomhub\/events\/details\/2015\/2015-07-20textiles_workshop.php\">https:\/\/www.tcd.ie\/trinitylongroomhub\/events\/details\/2015\/2015-07-20textiles_workshop.php<\/a><\/p>\n<\/td>\n<td valign=\"top\"><\/td>\n<\/tr>\n<\/tbody>\n<\/table>\n<\/td>\n<\/tr>\n<\/tbody>\n<\/table>\n<\/td>\n<\/tr>\n<\/tbody>\n<\/table>\n<table width=\"100%\" cellspacing=\"0\" cellpadding=\"0\">\n<tbody>\n<tr>\n<td style=\"padding: 10px 30px;\">\n<table width=\"100%\" cellspacing=\"0\" cellpadding=\"0\">\n<tbody>\n<tr>\n<td valign=\"top\" width=\"52\"><img loading=\"lazy\" decoding=\"async\" src=\"http:\/\/dublineventguide.com\/dff\/admin\/images\/categories\/TALKS.png\" alt=\"\" width=\"32\" height=\"32\" \/><\/td>\n<td>\n<h2 style=\"font-size: 16px; color: #534438; margin: 0 0 5px; font-weight: normal;\">Peter Galison &amp; Robb Moss &#8211; In Conversation<\/h2>\n<h3 style=\"font-size: 13px; margin: 0; padding: 0; line-height: 16px; color: #534438;\">18:00 &#8211; 20:00, Mon 20 Jul<\/h3>\n<p style=\"font-size: 13px; color: #534438; line-height: 20px; margin: 0; padding-top: 0;\">Science Gallery, Pearse Street, TCD, Dublin 2<\/p>\n<table width=\"100%\" cellspacing=\"0\" cellpadding=\"0\">\n<tbody>\n<tr>\n<td valign=\"top\">\n<div style=\"font-size: 13px; color: #534438; line-height: 20px;\">\n<p style=\"margin: 10px 0;\">This is a public talk by American historian of science Peter Galison, followed by a conversation with film-maker Robb Moss about their recent collaboration to research and produce their documentary film Containment.<\/p>\n<p style=\"margin: 10px 0;\">The event is a collaboration between the Science Gallery Dublin and the Project Arts Centre.<\/p>\n<p style=\"margin: 10px 0;\">Admission is free, but booking is required via the website below.<\/p>\n<\/div>\n<div style=\"font-size: 13px; color: #534438; line-height: 20px;\"><\/div>\n<p style=\"font-size: 13px; color: #534438; line-height: 20px;\"><a style=\"color: #cc2979; text-decoration: none;\" href=\"https:\/\/dublin.sciencegallery.com\/events\/2015\/06\/petergalisonrobbmossconversation\">https:\/\/dublin.sciencegallery.com\/events\/2015\/06\/petergalisonrobbmossconversation<\/a><\/p>\n<\/td>\n<td valign=\"top\"><\/td>\n<\/tr>\n<\/tbody>\n<\/table>\n<\/td>\n<\/tr>\n<\/tbody>\n<\/table>\n<\/td>\n<\/tr>\n<\/tbody>\n<\/table>\n<table width=\"100%\" cellspacing=\"0\" cellpadding=\"0\">\n<tbody>\n<tr>\n<td style=\"padding: 10px 30px;\">\n<table width=\"100%\" cellspacing=\"0\" cellpadding=\"0\">\n<tbody>\n<tr>\n<td valign=\"top\" width=\"52\"><img loading=\"lazy\" decoding=\"async\" src=\"http:\/\/dublineventguide.com\/dff\/admin\/images\/categories\/MUSIC.png\" alt=\"\" width=\"32\" height=\"32\" \/><\/td>\n<td>\n<h2 style=\"font-size: 16px; color: #534438; margin: 0 0 5px; font-weight: normal;\">Super Happy Fun Times &#8211; Open Mic<\/h2>\n<h3 style=\"font-size: 13px; margin: 0; padding: 0; line-height: 16px; color: #534438;\"><img loading=\"lazy\" decoding=\"async\" style=\"display: inline; float: left;\" src=\"http:\/\/dublineventguide.com\/dff\/admin\/images\/weekly.png\" alt=\"\" width=\"69\" height=\"16\" \/> 19:00, Mon 20 Jul<\/h3>\n<p style=\"font-size: 13px; color: #534438; line-height: 20px; margin: 0; padding-top: 0;\">Sin \u00c9, 14 Ormond Quay, Dublin 1<\/p>\n<table width=\"100%\" cellspacing=\"0\" cellpadding=\"0\">\n<tbody>\n<tr>\n<td valign=\"top\">\n<div style=\"font-size: 13px; color: #534438; line-height: 20px;\">\n<p style=\"margin: 10px 0;\">Super Happy Fun Times are running an Open Mic night for Music and Spoken Word every Monday in Sin \u00c9.<\/p>\n<p style=\"margin: 10px 0;\">Admission is free.<\/p>\n<\/div>\n<div style=\"font-size: 13px; color: #534438; line-height: 20px;\"><\/div>\n<p style=\"font-size: 13px; color: #534438; line-height: 20px;\"><a style=\"color: #cc2979; text-decoration: none;\" href=\"https:\/\/www.facebook.com\/shftimes\">https:\/\/www.facebook.com\/shftimes<\/a><\/p>\n<\/td>\n<td valign=\"top\"><\/td>\n<\/tr>\n<\/tbody>\n<\/table>\n<\/td>\n<\/tr>\n<\/tbody>\n<\/table>\n<\/td>\n<\/tr>\n<\/tbody>\n<\/table>\n<table width=\"100%\" cellspacing=\"0\" cellpadding=\"0\">\n<tbody>\n<tr>\n<td style=\"padding: 10px 30px;\">\n<table width=\"100%\" cellspacing=\"0\" cellpadding=\"0\">\n<tbody>\n<tr>\n<td valign=\"top\" width=\"52\"><img loading=\"lazy\" decoding=\"async\" src=\"http:\/\/dublineventguide.com\/dff\/admin\/images\/categories\/MUSIC.png\" alt=\"\" width=\"32\" height=\"32\" \/><\/td>\n<td>\n<h2 style=\"font-size: 16px; color: #534438; margin: 0 0 5px; font-weight: normal;\">Back Door Sessions &#8211; Open Mic Night<\/h2>\n<h3 style=\"font-size: 13px; margin: 0; padding: 0; line-height: 16px; color: #534438;\"><img loading=\"lazy\" decoding=\"async\" style=\"display: inline; float: left;\" src=\"http:\/\/dublineventguide.com\/dff\/admin\/images\/weekly.png\" alt=\"\" width=\"69\" height=\"16\" \/> 20:00, Mon 20 Jul<\/h3>\n<p style=\"font-size: 13px; color: #534438; line-height: 20px; margin: 0; padding-top: 0;\">Sweeney Mongrel&#8217;s, 32 Dame Street, Dublin 2<\/p>\n<table width=\"100%\" cellspacing=\"0\" cellpadding=\"0\">\n<tbody>\n<tr>\n<td valign=\"top\">\n<div style=\"font-size: 13px; color: #534438; line-height: 20px;\">\n<p style=\"margin: 10px 0;\">This is an open mic night with Special Guests every Monday. Arrive, sign in (from 19:00) and play. Admission is free.<\/p>\n<\/div>\n<div style=\"font-size: 13px; color: #534438; line-height: 20px;\"><\/div>\n<p style=\"font-size: 13px; color: #534438; line-height: 20px;\"><a style=\"color: #cc2979; text-decoration: none;\" href=\"https:\/\/www.facebook.com\/sweeneysbar\">https:\/\/www.facebook.com\/sweeneysbar<\/a><\/p>\n<\/td>\n<td valign=\"top\"><\/td>\n<\/tr>\n<\/tbody>\n<\/table>\n<\/td>\n<\/tr>\n<\/tbody>\n<\/table>\n<\/td>\n<\/tr>\n<\/tbody>\n<\/table>\n<table width=\"100%\" cellspacing=\"0\" cellpadding=\"0\">\n<tbody>\n<tr>\n<td style=\"padding: 10px 30px;\">\n<table width=\"100%\" cellspacing=\"0\" cellpadding=\"0\">\n<tbody>\n<tr>\n<td valign=\"top\" width=\"52\"><img loading=\"lazy\" decoding=\"async\" src=\"http:\/\/dublineventguide.com\/dff\/admin\/images\/categories\/MUSIC.png\" alt=\"\" width=\"32\" height=\"32\" \/><\/td>\n<td>\n<h2 style=\"font-size: 16px; color: #534438; margin: 0 0 5px; font-weight: normal;\">Song Cycle<\/h2>\n<h3 style=\"font-size: 13px; margin: 0; padding: 0; line-height: 16px; color: #534438;\"><img loading=\"lazy\" decoding=\"async\" style=\"display: inline; float: left;\" src=\"http:\/\/dublineventguide.com\/dff\/admin\/images\/weekly.png\" alt=\"\" width=\"69\" height=\"16\" \/> 20:00, Mon 20 Jul<\/h3>\n<p style=\"font-size: 13px; color: #534438; line-height: 20px; margin: 0; padding-top: 0;\">Whelan&#8217;s, 25 Wexford Street, Dublin 2<\/p>\n<table width=\"100%\" cellspacing=\"0\" cellpadding=\"0\">\n<tbody>\n<tr>\n<td valign=\"top\">\n<div style=\"font-size: 13px; color: #534438; line-height: 20px;\">\n<p style=\"margin: 10px 0;\">Song Cycle is a weekly Singer\/Songriter showcase. The line-up is not always easily findable on the Whelan&#8217;s website, but admission is always free.<\/p>\n<\/div>\n<div style=\"font-size: 13px; color: #534438; line-height: 20px;\"><\/div>\n<p style=\"font-size: 13px; color: #534438; line-height: 20px;\"><a style=\"color: #cc2979; text-decoration: none;\" href=\"http:\/\/www.whelanslive.com\">http:\/\/www.whelanslive.com<\/a><\/p>\n<\/td>\n<td valign=\"top\"><\/td>\n<\/tr>\n<\/tbody>\n<\/table>\n<\/td>\n<\/tr>\n<\/tbody>\n<\/table>\n<\/td>\n<\/tr>\n<\/tbody>\n<\/table>\n<table width=\"100%\" cellspacing=\"0\" cellpadding=\"0\">\n<tbody>\n<tr>\n<td style=\"padding: 10px 30px;\">\n<table width=\"100%\" cellspacing=\"0\" cellpadding=\"0\">\n<tbody>\n<tr>\n<td valign=\"top\" width=\"52\"><img loading=\"lazy\" decoding=\"async\" src=\"http:\/\/dublineventguide.com\/dff\/admin\/images\/categories\/COMEDY.png\" alt=\"\" width=\"32\" height=\"32\" \/><\/td>\n<td>\n<h2 style=\"font-size: 16px; color: #534438; margin: 0 0 5px; font-weight: normal;\">Al Porter&#8217;s Comedy Shed<\/h2>\n<h3 style=\"font-size: 13px; margin: 0; padding: 0; line-height: 16px; color: #534438;\">20:30, Mon 20 Jul<\/h3>\n<p style=\"font-size: 13px; color: #534438; line-height: 20px; margin: 0; padding-top: 0;\">Woolshed Bar &amp; Grill, Parnell Street, Dublin 1<\/p>\n<table width=\"100%\" cellspacing=\"0\" cellpadding=\"0\">\n<tbody>\n<tr>\n<td valign=\"top\">\n<div style=\"font-size: 13px; color: #534438; line-height: 20px;\">\n<p style=\"margin: 10px 0;\">Every Monday the Woolshed Bad hosts &#8220;Al Porter&#8217;s Comedy Shed&#8221;. Admission is free.<\/p>\n<\/div>\n<div style=\"font-size: 13px; color: #534438; line-height: 20px;\"><\/div>\n<p style=\"font-size: 13px; color: #534438; line-height: 20px;\"><a style=\"color: #cc2979; text-decoration: none;\" href=\"http:\/\/www.woolshedbaa.com\/dublin\/\">http:\/\/www.woolshedbaa.com\/dublin\/<\/a><\/p>\n<\/td>\n<td valign=\"top\"><\/td>\n<\/tr>\n<\/tbody>\n<\/table>\n<\/td>\n<\/tr>\n<\/tbody>\n<\/table>\n<\/td>\n<\/tr>\n<\/tbody>\n<\/table>\n<table width=\"100%\" cellspacing=\"0\" cellpadding=\"0\">\n<tbody>\n<tr>\n<td style=\"padding: 10px 30px;\">\n<table width=\"100%\" cellspacing=\"0\" cellpadding=\"0\">\n<tbody>\n<tr>\n<td valign=\"top\" width=\"52\"><img loading=\"lazy\" decoding=\"async\" src=\"http:\/\/dublineventguide.com\/dff\/admin\/images\/categories\/COMEDY.png\" alt=\"\" width=\"32\" height=\"32\" \/><\/td>\n<td>\n<h2 style=\"font-size: 16px; color: #534438; margin: 0 0 5px; font-weight: normal;\">Comedy Crunch<\/h2>\n<h3 style=\"font-size: 13px; margin: 0; padding: 0; line-height: 16px; color: #534438;\"><img loading=\"lazy\" decoding=\"async\" style=\"display: inline; float: left;\" src=\"http:\/\/dublineventguide.com\/dff\/admin\/images\/weekly.png\" alt=\"\" width=\"69\" height=\"16\" \/> 21:00 &#8211; 23:00, Mon 20 Jul<\/h3>\n<p style=\"font-size: 13px; color: #534438; line-height: 20px; margin: 0; padding-top: 0;\">Stag&#8217;s Head (downstairs), Dame Lane, Dublin 2<\/p>\n<table width=\"100%\" cellspacing=\"0\" cellpadding=\"0\">\n<tbody>\n<tr>\n<td valign=\"top\">\n<div style=\"font-size: 13px; color: #534438; line-height: 20px;\">\n<p style=\"margin: 10px 0;\">The Comedy Crunch is a free Stand Up comedy event every Sunday and Monday. Every week different comedians entertain and on top of good comedy you will get free ice cream. Admission is free. The line-up can be found via the Comedy Crunch Facebook Page (see link below).<\/p>\n<\/div>\n<div style=\"font-size: 13px; color: #534438; line-height: 20px;\"><\/div>\n<p style=\"font-size: 13px; color: #534438; line-height: 20px;\"><a style=\"color: #cc2979; text-decoration: none;\" href=\"http:\/\/www.facebook.com\/pages\/The-Comedy-Crunch\/83791357330\">http:\/\/www.facebook.com\/pages\/The-Comedy-Crunch\/83791357330<\/a><\/p>\n<\/td>\n<td valign=\"top\"><\/td>\n<\/tr>\n<\/tbody>\n<\/table>\n<\/td>\n<\/tr>\n<\/tbody>\n<\/table>\n<\/td>\n<\/tr>\n<\/tbody>\n<\/table>\n<table width=\"100%\" cellspacing=\"0\" cellpadding=\"0\">\n<tbody>\n<tr>\n<td style=\"padding: 10px 30px;\">\n<table width=\"100%\" cellspacing=\"0\" cellpadding=\"0\">\n<tbody>\n<tr>\n<td valign=\"top\" width=\"52\"><img loading=\"lazy\" decoding=\"async\" src=\"http:\/\/dublineventguide.com\/dff\/admin\/images\/categories\/MUSIC.png\" alt=\"\" width=\"32\" height=\"32\" \/><\/td>\n<td>\n<h2 style=\"font-size: 16px; color: #534438; margin: 0 0 5px; font-weight: normal;\">Jazz Jam Session &#8211; Grand Social<\/h2>\n<h3 style=\"font-size: 13px; margin: 0; padding: 0; line-height: 16px; color: #534438;\"><img loading=\"lazy\" decoding=\"async\" style=\"display: inline; float: left;\" src=\"http:\/\/dublineventguide.com\/dff\/admin\/images\/weekly.png\" alt=\"\" width=\"69\" height=\"16\" \/> 21:00, Mon 20 Jul<\/h3>\n<p style=\"font-size: 13px; color: #534438; line-height: 20px; margin: 0; padding-top: 0;\">Grand Social, 35 Lower Liffey Street (near Ha&#8217;Penny Bridge), Dublin 1<\/p>\n<table width=\"100%\" cellspacing=\"0\" cellpadding=\"0\">\n<tbody>\n<tr>\n<td valign=\"top\">\n<div style=\"font-size: 13px; color: #534438; line-height: 20px;\">\n<p style=\"margin: 10px 0;\">Every Monday a Jazz Jam Session will take place in the Grand Social and you are invited to listen or even to participate. Admission is free for musicians and audience.<\/p>\n<p style=\"margin: 10px 0;\">Instruments are supplied (drums (no cymbals), double bass, guitar amp, bass amp, PA system) and ideas and themes will be proposed prior to the session to the musicians who join the event on Facebook (see Facebook Page below).<\/p>\n<\/div>\n<div style=\"font-size: 13px; color: #534438; line-height: 20px;\"><\/div>\n<p style=\"font-size: 13px; color: #534438; line-height: 20px;\"><a style=\"color: #cc2979; text-decoration: none;\" href=\"https:\/\/www.facebook.com\/pages\/Jazz-Jam-Session-at-The-Grand-Social\/224553674385198\">https:\/\/www.facebook.com\/pages\/Jazz-Jam-Session-at-The-Grand-Social\/224553674385198<\/a><\/p>\n<\/td>\n<td valign=\"top\"><\/td>\n<\/tr>\n<\/tbody>\n<\/table>\n<\/td>\n<\/tr>\n<\/tbody>\n<\/table>\n<\/td>\n<\/tr>\n<\/tbody>\n<\/table>\n<table width=\"100%\" cellspacing=\"0\" cellpadding=\"0\">\n<tbody>\n<tr>\n<td style=\"padding: 10px 30px;\">\n<table width=\"100%\" cellspacing=\"0\" cellpadding=\"0\">\n<tbody>\n<tr>\n<td valign=\"top\" width=\"52\"><img loading=\"lazy\" decoding=\"async\" src=\"http:\/\/dublineventguide.com\/dff\/admin\/images\/categories\/MUSIC.png\" alt=\"\" width=\"32\" height=\"32\" \/><\/td>\n<td>\n<h2 style=\"font-size: 16px; color: #534438; margin: 0 0 5px; font-weight: normal;\">Loose &#8211; Trad Sessions<\/h2>\n<h3 style=\"font-size: 13px; margin: 0; padding: 0; line-height: 16px; color: #534438;\"><img loading=\"lazy\" decoding=\"async\" style=\"display: inline; float: left;\" src=\"http:\/\/dublineventguide.com\/dff\/admin\/images\/weekly.png\" alt=\"\" width=\"69\" height=\"16\" \/> 21:00 &#8211; 23:30, Mon 20 Jul<\/h3>\n<p style=\"font-size: 13px; color: #534438; line-height: 20px; margin: 0; padding-top: 0;\">Mother Reillys, 26\/28 Upper Rathmines Road, Rathmines, Dublin 6<\/p>\n<table width=\"100%\" cellspacing=\"0\" cellpadding=\"0\">\n<tbody>\n<tr>\n<td valign=\"top\">\n<div style=\"font-size: 13px; color: #534438; line-height: 20px;\">\n<p>The 4-piece band Loose Trad are performing every Monday in Mother Reilly&#8217;s. <a style=\"color: #cc2979; text-decoration: none;\" href=\"http:\/\/www.loosetrad.com\/\">http:\/\/www.loosetrad.com\/<\/a> Admission is free.<\/p>\n<\/div>\n<div style=\"font-size: 13px; color: #534438; line-height: 20px;\"><\/div>\n<p style=\"font-size: 13px; color: #534438; line-height: 20px;\"><a style=\"color: #cc2979; text-decoration: none;\" href=\"https:\/\/www.facebook.com\/motherreillysADMIN\">https:\/\/www.facebook.com\/motherreillysADMIN<\/a><\/p>\n<\/td>\n<td valign=\"top\"><\/td>\n<\/tr>\n<\/tbody>\n<\/table>\n<\/td>\n<\/tr>\n<\/tbody>\n<\/table>\n<\/td>\n<\/tr>\n<\/tbody>\n<\/table>\n<table width=\"100%\" cellspacing=\"0\" cellpadding=\"0\">\n<tbody>\n<tr>\n<td style=\"padding: 10px 30px;\">\n<table width=\"100%\" cellspacing=\"0\" cellpadding=\"0\">\n<tbody>\n<tr>\n<td valign=\"top\" width=\"52\"><img loading=\"lazy\" decoding=\"async\" src=\"http:\/\/dublineventguide.com\/dff\/admin\/images\/categories\/MUSIC.png\" alt=\"\" width=\"32\" height=\"32\" \/><\/td>\n<td>\n<h2 style=\"font-size: 16px; color: #534438; margin: 0 0 5px; font-weight: normal;\">Patrick Mahony sings Nostalgia<\/h2>\n<h3 style=\"font-size: 13px; margin: 0; padding: 0; line-height: 16px; color: #534438;\"><img loading=\"lazy\" decoding=\"async\" style=\"display: inline; float: left;\" src=\"http:\/\/dublineventguide.com\/dff\/admin\/images\/weekly.png\" alt=\"\" width=\"69\" height=\"16\" \/> 21:00 &#8211; 23:00, Mon 20 Jul<\/h3>\n<p style=\"font-size: 13px; color: #534438; line-height: 20px; margin: 0; padding-top: 0;\">Caf\u00e9 en Seine, Dawson Street, Dublin 2<\/p>\n<table width=\"100%\" cellspacing=\"0\" cellpadding=\"0\">\n<tbody>\n<tr>\n<td valign=\"top\">\n<div style=\"font-size: 13px; color: #534438; line-height: 20px;\">\n<p style=\"margin: 10px 0;\">Patrick Mahony sings songs from Nat King Cole, Dean Martin, Matt Monro and many more every Monday in the Cafe en Seine. Admission is free.<\/p>\n<\/div>\n<div style=\"font-size: 13px; color: #534438; line-height: 20px;\"><\/div>\n<\/td>\n<td valign=\"top\"><\/td>\n<\/tr>\n<\/tbody>\n<\/table>\n<\/td>\n<\/tr>\n<\/tbody>\n<\/table>\n<\/td>\n<\/tr>\n<\/tbody>\n<\/table>\n<table id=\"day_1437433200\" style=\"margin-top: 10px;\" width=\"100%\" cellspacing=\"0\" cellpadding=\"0\">\n<tbody>\n<tr style=\"background-color: #c20162; color: #fff;\">\n<td style=\"padding: 0; line-height: 1; height: 34px; overflow: hidden;\">\n<p style=\"width: 630px; padding-left: 30px; margin: 0; height: 34px; overflow: hidden; line-height: 34px;\"><a name=\"day_1437433200\"><\/a><strong>Tuesday <\/strong> 21 Jul<\/p>\n<\/td>\n<td>\n<p style=\"margin: 0; line-height: 34px; padding: 0; font-size: 13px;\"><a style=\"color: #fff; text-decoration: none;\" href=\"#dff_top\">back to top<\/a><\/p>\n<\/td>\n<td>\n<p style=\"margin: 0; padding: 0; font-size: 13px;\"><a style=\"color: #fff; text-decoration: none;\" href=\"#dff_top\"><img loading=\"lazy\" decoding=\"async\" src=\"http:\/\/dublineventguide.com\/dff\/admin\/images\/dividers\/date_toplink.png\" alt=\"Back to top\" width=\"38\" height=\"34\" \/><\/a><\/p>\n<\/td>\n<td width=\"50\"><\/td>\n<\/tr>\n<\/tbody>\n<\/table>\n<table width=\"100%\" cellspacing=\"0\" cellpadding=\"0\">\n<tbody>\n<tr>\n<td style=\"padding: 10px 30px;\">\n<table width=\"100%\" cellspacing=\"0\" cellpadding=\"0\">\n<tbody>\n<tr>\n<td valign=\"top\" width=\"52\"><img loading=\"lazy\" decoding=\"async\" src=\"http:\/\/dublineventguide.com\/dff\/admin\/images\/categories\/ACTIVITY.png\" alt=\"\" width=\"32\" height=\"32\" \/><\/td>\n<td>\n<h2 style=\"font-size: 16px; color: #534438; margin: 0 0 5px; font-weight: normal;\">&#8220;My Favourites&#8221; &#8211; Dublin City Walking Tour<\/h2>\n<h3 style=\"font-size: 13px; margin: 0; padding: 0; line-height: 16px; color: #534438;\"><img loading=\"lazy\" decoding=\"async\" style=\"display: inline; float: left;\" src=\"http:\/\/dublineventguide.com\/dff\/admin\/images\/weekly.png\" alt=\"\" width=\"69\" height=\"16\" \/> 11:00 &#8211; 13:00, Tue 21 Jul<\/h3>\n<p style=\"font-size: 13px; color: #534438; line-height: 20px; margin: 0; padding-top: 0;\">Spire, O&#8217;Connell Street, Dublin 1<\/p>\n<table width=\"100%\" cellspacing=\"0\" cellpadding=\"0\">\n<tbody>\n<tr>\n<td valign=\"top\">\n<div style=\"font-size: 13px; color: #534438; line-height: 20px;\">\n<p style=\"margin: 10px 0;\">&#8220;These Are a Few of My Favourite Things&#8221; is the title of a Walking Tour that Emily Gallagher runs on Tuesdays now as well. It will be an Alternative Arts and Culture Trail and she will bring you to &#8220;Dublin\u2019s Best Cafes, Bars, Markets, Unusual Stores, Galleries, Theatres, Arts Spaces, and more! And hear some tales you\u2019ve never heard before!&#8221;<\/p>\n<p style=\"margin: 10px 0;\">Meeting point is at the Spire. The tours are free but donations are welcome and booking is required via myfavouritesdublincitywalktour@gmail.com or 085-2725095<\/p>\n<\/div>\n<div style=\"font-size: 13px; color: #534438; line-height: 20px;\"><\/div>\n<p style=\"font-size: 13px; color: #534438; line-height: 20px;\"><a style=\"color: #cc2979; text-decoration: none;\" href=\"http:\/\/www.dublincitywalkingtours.com\/\">http:\/\/www.dublincitywalkingtours.com\/<\/a><\/p>\n<\/td>\n<td valign=\"top\"><\/td>\n<\/tr>\n<\/tbody>\n<\/table>\n<\/td>\n<\/tr>\n<\/tbody>\n<\/table>\n<\/td>\n<\/tr>\n<\/tbody>\n<\/table>\n<table width=\"100%\" cellspacing=\"0\" cellpadding=\"0\">\n<tbody>\n<tr>\n<td style=\"padding: 10px 30px;\">\n<table width=\"100%\" cellspacing=\"0\" cellpadding=\"0\">\n<tbody>\n<tr>\n<td valign=\"top\" width=\"52\"><img loading=\"lazy\" decoding=\"async\" src=\"http:\/\/dublineventguide.com\/dff\/admin\/images\/categories\/KIDS.png\" alt=\"\" width=\"32\" height=\"32\" \/><\/td>\n<td>\n<h2 style=\"font-size: 16px; color: #534438; margin: 0 0 5px; font-weight: normal;\">Patchwork Bags &#8211; Children Workshop<\/h2>\n<h3 style=\"font-size: 13px; margin: 0; padding: 0; line-height: 16px; color: #534438;\">11:00 &#8211; 13:00, Tue 21 Jul<\/h3>\n<p style=\"font-size: 13px; color: #534438; line-height: 20px; margin: 0; padding-top: 0;\">National Botanic Gardens, Botanic Road, Glasnevin, Dublin 9<\/p>\n<table width=\"100%\" cellspacing=\"0\" cellpadding=\"0\">\n<tbody>\n<tr>\n<td valign=\"top\">\n<div style=\"font-size: 13px; color: #534438; line-height: 20px;\">\n<p style=\"margin: 10px 0;\">Every Tuesday in July (07, 14, 21 + 28 July) , the Irish Patchwork Society is running a workshop for children. In a two hour session children will learn how to piece a patchwork block and then use it to construct a lined bag, using a sewing machine. Suitable for children aged 8 to 12 years.<\/p>\n<p style=\"margin: 10px 0;\">Admission is free, booking is required via 01 804 0300.<\/p>\n<p style=\"margin: 10px 0;\">Until 03 August there is also a Patchwork exhibition in the National Botanic Gardens. It is called &#8220;Hands across the Border&#8221; and is a co-operation between the Northern Ireland Patchwork Guild and the Irish Patchwork Society. Admission is free.<\/p>\n<\/div>\n<div style=\"font-size: 13px; color: #534438; line-height: 20px;\"><\/div>\n<p style=\"font-size: 13px; color: #534438; line-height: 20px;\"><a style=\"color: #cc2979; text-decoration: none;\" href=\"http:\/\/www.botanicgardens.ie\/news\/events.htm\">http:\/\/www.botanicgardens.ie\/news\/events.htm<\/a><\/p>\n<\/td>\n<td valign=\"top\"><\/td>\n<\/tr>\n<\/tbody>\n<\/table>\n<\/td>\n<\/tr>\n<\/tbody>\n<\/table>\n<\/td>\n<\/tr>\n<\/tbody>\n<\/table>\n<table width=\"100%\" cellspacing=\"0\" cellpadding=\"0\">\n<tbody>\n<tr>\n<td style=\"padding: 10px 30px;\">\n<table width=\"100%\" cellspacing=\"0\" cellpadding=\"0\">\n<tbody>\n<tr>\n<td valign=\"top\" width=\"52\"><img loading=\"lazy\" decoding=\"async\" src=\"http:\/\/dublineventguide.com\/dff\/admin\/images\/categories\/TALKS.png\" alt=\"\" width=\"32\" height=\"32\" \/><\/td>\n<td>\n<h2 style=\"font-size: 16px; color: #534438; margin: 0 0 5px; font-weight: normal;\">National Gallery Talks<\/h2>\n<h3 style=\"font-size: 13px; margin: 0; padding: 0; line-height: 16px; color: #534438;\"><img loading=\"lazy\" decoding=\"async\" style=\"display: inline; float: left;\" src=\"http:\/\/dublineventguide.com\/dff\/admin\/images\/weekly.png\" alt=\"\" width=\"69\" height=\"16\" \/> 11:30 &#8211; 16:50, Tue 21 Jul<\/h3>\n<p style=\"font-size: 13px; color: #534438; line-height: 20px; margin: 0; padding-top: 0;\">National Gallery, Clare Street, Dublin 2<\/p>\n<table width=\"100%\" cellspacing=\"0\" cellpadding=\"0\">\n<tbody>\n<tr>\n<td valign=\"top\">\n<div style=\"font-size: 13px; color: #534438; line-height: 20px;\">\n<p style=\"margin: 10px 0;\">The National Gallery has an extensive programme of free talks, public tours and Art Documentary screenings focusing on highlights of the European and Irish Collection every day of the week. Check their website for details.<\/p>\n<\/div>\n<div style=\"font-size: 13px; color: #534438; line-height: 20px;\"><\/div>\n<p style=\"font-size: 13px; color: #534438; line-height: 20px;\"><a style=\"color: #cc2979; text-decoration: none;\" href=\"http:\/\/nationalgallery.ie\/whatson\">http:\/\/nationalgallery.ie\/whatson<\/a><\/p>\n<\/td>\n<td valign=\"top\"><\/td>\n<\/tr>\n<\/tbody>\n<\/table>\n<\/td>\n<\/tr>\n<\/tbody>\n<\/table>\n<\/td>\n<\/tr>\n<\/tbody>\n<\/table>\n<table width=\"100%\" cellspacing=\"0\" cellpadding=\"0\">\n<tbody>\n<tr>\n<td style=\"padding: 10px 30px;\">\n<table width=\"100%\" cellspacing=\"0\" cellpadding=\"0\">\n<tbody>\n<tr>\n<td valign=\"top\" width=\"52\"><img loading=\"lazy\" decoding=\"async\" src=\"http:\/\/dublineventguide.com\/dff\/admin\/images\/categories\/TALKS.png\" alt=\"\" width=\"32\" height=\"32\" \/><\/td>\n<td>\n<h2 style=\"font-size: 16px; color: #534438; margin: 0 0 5px; font-weight: normal;\">Women and the Church &#8211; Lecture<\/h2>\n<h3 style=\"font-size: 13px; margin: 0; padding: 0; line-height: 16px; color: #534438;\">13:15, Tue 21 Jul<\/h3>\n<p style=\"font-size: 13px; color: #534438; line-height: 20px; margin: 0; padding-top: 0;\">Christ Church Cathedral, Christchurch Place, Dublin 8<\/p>\n<table width=\"100%\" cellspacing=\"0\" cellpadding=\"0\">\n<tbody>\n<tr>\n<td valign=\"top\">\n<div style=\"font-size: 13px; color: #534438; line-height: 20px;\">\n<p style=\"margin: 10px 0;\">The lecture &#8220;Women &amp; the Church: 25 years at the altar: Have women priests changed the church?&#8221; with Revd Canon Dr Virginia Kennerley who was one of the first women ordained in the Church of Ireland.<\/p>\n<p style=\"margin: 10px 0;\">Find more details on the Facebook Page below.<\/p>\n<\/div>\n<div style=\"font-size: 13px; color: #534438; line-height: 20px;\"><\/div>\n<p style=\"font-size: 13px; color: #534438; line-height: 20px;\"><a style=\"color: #cc2979; text-decoration: none;\" href=\"https:\/\/www.facebook.com\/events\/999219163435395\/\">https:\/\/www.facebook.com\/events\/999219163435395\/<\/a><\/p>\n<\/td>\n<td valign=\"top\"><\/td>\n<\/tr>\n<\/tbody>\n<\/table>\n<\/td>\n<\/tr>\n<\/tbody>\n<\/table>\n<\/td>\n<\/tr>\n<\/tbody>\n<\/table>\n<table width=\"100%\" cellspacing=\"0\" cellpadding=\"0\">\n<tbody>\n<tr>\n<td style=\"padding: 10px 30px;\">\n<table width=\"100%\" cellspacing=\"0\" cellpadding=\"0\">\n<tbody>\n<tr>\n<td valign=\"top\" width=\"52\"><img loading=\"lazy\" decoding=\"async\" src=\"http:\/\/dublineventguide.com\/dff\/admin\/images\/categories\/KIDS.png\" alt=\"\" width=\"32\" height=\"32\" \/><\/td>\n<td>\n<h2 style=\"font-size: 16px; color: #534438; margin: 0 0 5px; font-weight: normal;\">The Magic of Music<\/h2>\n<h3 style=\"font-size: 13px; margin: 0; padding: 0; line-height: 16px; color: #534438;\">14:30, Tue 21 Jul<\/h3>\n<p style=\"font-size: 13px; color: #534438; line-height: 20px; margin: 0; padding-top: 0;\">Pearse Street Library, 138-144 Pearse Street, Dublin 2<\/p>\n<table width=\"100%\" cellspacing=\"0\" cellpadding=\"0\">\n<tbody>\n<tr>\n<td valign=\"top\">\n<div style=\"font-size: 13px; color: #534438; line-height: 20px;\">\n<p style=\"margin: 10px 0;\">Take part in the Magic of Music event which includes the Carnival of the Animals, sports themes, action songs, percussion fun, the rhythm family &amp; Samba drumming. The programme teaches children aged between 3 and 8 years music through art, drama, movement, percussion instruments and singing.<\/p>\n<p style=\"margin: 10px 0;\">Admission is free, but booking is required via 01 6744888<\/p>\n<p style=\"margin: 10px 0;\">\n<\/div>\n<div style=\"font-size: 13px; color: #534438; line-height: 20px;\"><\/div>\n<p style=\"font-size: 13px; color: #534438; line-height: 20px;\"><a style=\"color: #cc2979; text-decoration: none;\" href=\"http:\/\/www.dublincity.ie\/main-menu-services-culture-dublin-city-public-libraries-and-archive-events\/magic-music\">http:\/\/www.dublincity.ie\/main-menu-services-culture-dublin-city-public-libraries-and-archive-events\/magic-music<\/a><\/p>\n<\/td>\n<td valign=\"top\"><\/td>\n<\/tr>\n<\/tbody>\n<\/table>\n<\/td>\n<\/tr>\n<\/tbody>\n<\/table>\n<\/td>\n<\/tr>\n<\/tbody>\n<\/table>\n<table width=\"100%\" cellspacing=\"0\" cellpadding=\"0\">\n<tbody>\n<tr>\n<td style=\"padding: 10px 30px;\">\n<table width=\"100%\" cellspacing=\"0\" cellpadding=\"0\">\n<tbody>\n<tr>\n<td valign=\"top\" width=\"52\"><img loading=\"lazy\" decoding=\"async\" src=\"http:\/\/dublineventguide.com\/dff\/admin\/images\/categories\/KIDS.png\" alt=\"\" width=\"32\" height=\"32\" \/><\/td>\n<td>\n<h2 style=\"font-size: 16px; color: #534438; margin: 0 0 5px; font-weight: normal;\">Musical Journeys with Sofia Arteaga<\/h2>\n<h3 style=\"font-size: 13px; margin: 0; padding: 0; line-height: 16px; color: #534438;\">15:00, Tue 21 Jul<\/h3>\n<p style=\"font-size: 13px; color: #534438; line-height: 20px; margin: 0; padding-top: 0;\">Charleville Mall Library, North Strand, Dublin 1<\/p>\n<table width=\"100%\" cellspacing=\"0\" cellpadding=\"0\">\n<tbody>\n<tr>\n<td valign=\"top\">\n<div style=\"font-size: 13px; color: #534438; line-height: 20px;\">\n<p style=\"margin: 10px 0;\">Come on a Musical Journey around the world, with singing, movement, listening and playing instruments. Suitable for children aged 7+. Admission is free but booking is required.<\/p>\n<p>Charleville Mall Library: Tue 21 July at 15:00 (Book via 01 8749619)<br \/>\nWalkinstown Library on Thurs 23 July at 14:30 (Book via 01 4558159)<\/p>\n<\/div>\n<div style=\"font-size: 13px; color: #534438; line-height: 20px;\"><\/div>\n<p style=\"font-size: 13px; color: #534438; line-height: 20px;\"><a style=\"color: #cc2979; text-decoration: none;\" href=\"http:\/\/www.dublincity.ie\/main-menu-services-culture-dublin-city-public-libraries-and-archive-events\/musical-journeys-sofia\">http:\/\/www.dublincity.ie\/main-menu-services-culture-dublin-city-public-libraries-and-archive-events\/musical-journeys-sofia<\/a><\/p>\n<\/td>\n<td valign=\"top\"><\/td>\n<\/tr>\n<\/tbody>\n<\/table>\n<\/td>\n<\/tr>\n<\/tbody>\n<\/table>\n<\/td>\n<\/tr>\n<\/tbody>\n<\/table>\n<table width=\"100%\" cellspacing=\"0\" cellpadding=\"0\">\n<tbody>\n<tr>\n<td style=\"padding: 10px 30px;\">\n<table width=\"100%\" cellspacing=\"0\" cellpadding=\"0\">\n<tbody>\n<tr>\n<td valign=\"top\" width=\"52\"><img loading=\"lazy\" decoding=\"async\" src=\"http:\/\/dublineventguide.com\/dff\/admin\/images\/categories\/KIDS.png\" alt=\"\" width=\"32\" height=\"32\" \/><\/td>\n<td>\n<h2 style=\"font-size: 16px; color: #534438; margin: 0 0 5px; font-weight: normal;\">Rainbow Music for Toddlers<\/h2>\n<h3 style=\"font-size: 13px; margin: 0; padding: 0; line-height: 16px; color: #534438;\">15:00, Tue 21 Jul<\/h3>\n<p style=\"font-size: 13px; color: #534438; line-height: 20px; margin: 0; padding-top: 0;\">Coolock Public Library, Barryscourt Road, Coolock, Dublin 17<\/p>\n<table width=\"100%\" cellspacing=\"0\" cellpadding=\"0\">\n<tbody>\n<tr>\n<td valign=\"top\">\n<div style=\"font-size: 13px; color: #534438; line-height: 20px;\">\n<p style=\"margin: 10px 0;\">Rainbow Music for Toddlers is a music workshop for 18month-6 year olds. The workshops allow kids to discover their own singing voice through fun games, dances and songs. They will learn beat and rhythm with singing games and explore their singing voice with folk and children\u2019s songs while using percussive instruments in a rhythmic way.<\/p>\n<p style=\"margin: 10px 0;\">Admission is free, but booking is required.<\/p>\n<p>The workshops take place in three libraries:<br \/>\nCoolock Library on Tues 21 July: 15:00 for 18 mth old to 3 years \/\/ 15:45 for 3 to 6 years (Book via: 01 8477781)<br \/>\nPembroke Library on Wed 22 July: 11:30+12:15 for 3 to 6 years (Book via: 01 6689575)<br \/>\nDonaghmede Library on Thurs 23 July: 14:00+14:45 for 3 to 6 years (Book via: 01 8482833)<\/p>\n<\/div>\n<div style=\"font-size: 13px; color: #534438; line-height: 20px;\"><\/div>\n<p style=\"font-size: 13px; color: #534438; line-height: 20px;\"><a style=\"color: #cc2979; text-decoration: none;\" href=\"http:\/\/www.dublincity.ie\/main-menu-services-culture-dublin-city-public-libraries-and-archive-events\/rainbow-music-toddlers\">http:\/\/www.dublincity.ie\/main-menu-services-culture-dublin-city-public-libraries-and-archive-events\/rainbow-music-toddlers<\/a><\/p>\n<\/td>\n<td valign=\"top\"><\/td>\n<\/tr>\n<\/tbody>\n<\/table>\n<\/td>\n<\/tr>\n<\/tbody>\n<\/table>\n<\/td>\n<\/tr>\n<\/tbody>\n<\/table>\n<table width=\"100%\" cellspacing=\"0\" cellpadding=\"0\">\n<tbody>\n<tr>\n<td style=\"padding: 10px 30px;\">\n<table width=\"100%\" cellspacing=\"0\" cellpadding=\"0\">\n<tbody>\n<tr>\n<td valign=\"top\" width=\"52\"><img loading=\"lazy\" decoding=\"async\" src=\"http:\/\/dublineventguide.com\/dff\/admin\/images\/categories\/FILM.png\" alt=\"\" width=\"32\" height=\"32\" \/><\/td>\n<td>\n<h2 style=\"font-size: 16px; color: #534438; margin: 0 0 5px; font-weight: normal;\">Artist Screen Series: Jim Ricks \u2018Stations of the Elevated\u2019<\/h2>\n<h3 style=\"font-size: 13px; margin: 0; padding: 0; line-height: 16px; color: #534438;\">18:00, Tue 21 Jul<\/h3>\n<p style=\"font-size: 13px; color: #534438; line-height: 20px; margin: 0; padding-top: 0;\">Temple Bar Gallery + Studios, 5-9 Temple Bar, Dublin 2<\/p>\n<table width=\"100%\" cellspacing=\"0\" cellpadding=\"0\">\n<tbody>\n<tr>\n<td valign=\"top\">\n<div style=\"font-size: 13px; color: #534438; line-height: 20px;\">\n<p style=\"margin: 10px 0;\">The Temple Bar Gallery + Studios invite to a screening of &#8220;Stations of the Elevated(&#8220;1981) a documentary by Manfred Kirchheimer about New York City. Check the website below for details.<\/p>\n<p>Admission is free, but booking is required <a style=\"color: #cc2979; text-decoration: none;\" href=\"http:\/\/www.eventbrite.ie\/e\/artist-screen-series-jim-ricks-stations-of-the-elevated-tickets-17582896918?ref=devg\" target=\"_blank\">here<\/a>.<\/p>\n<\/div>\n<div style=\"font-size: 13px; color: #534438; line-height: 20px;\"><\/div>\n<p style=\"font-size: 13px; color: #534438; line-height: 20px;\"><a style=\"color: #cc2979; text-decoration: none;\" href=\"http:\/\/www.templebargallery.com\/events\/event\/jim-ricks-studio-6-film-screening\">http:\/\/www.templebargallery.com\/events\/event\/jim-ricks-studio-6-film-screening<\/a><\/p>\n<\/td>\n<td valign=\"top\"><\/td>\n<\/tr>\n<\/tbody>\n<\/table>\n<\/td>\n<\/tr>\n<\/tbody>\n<\/table>\n<\/td>\n<\/tr>\n<\/tbody>\n<\/table>\n<table width=\"100%\" cellspacing=\"0\" cellpadding=\"0\">\n<tbody>\n<tr>\n<td style=\"padding: 10px 30px;\">\n<table width=\"100%\" cellspacing=\"0\" cellpadding=\"0\">\n<tbody>\n<tr>\n<td valign=\"top\" width=\"52\"><img loading=\"lazy\" decoding=\"async\" src=\"http:\/\/dublineventguide.com\/dff\/admin\/images\/categories\/TALKS.png\" alt=\"\" width=\"32\" height=\"32\" \/><\/td>\n<td>\n<h2 style=\"font-size: 16px; color: #534438; margin: 0 0 5px; font-weight: normal;\">Paul Murray in conversation with Arminta Wallace<\/h2>\n<h3 style=\"font-size: 13px; margin: 0; padding: 0; line-height: 16px; color: #534438;\">18:00, Tue 21 Jul<\/h3>\n<p style=\"font-size: 13px; color: #534438; line-height: 20px; margin: 0; padding-top: 0;\">Trinity Long Room Hub, Fellows&#8217; Square, Trinity College, Dublin 2<\/p>\n<table width=\"100%\" cellspacing=\"0\" cellpadding=\"0\">\n<tbody>\n<tr>\n<td valign=\"top\">\n<div style=\"font-size: 13px; color: #534438; line-height: 20px;\">\n<p style=\"margin: 10px 0;\">Author Paul Murray will be in conversation with Arminta Wallace (Irish Times) about his new book &#8216;The Mark and the Void&#8217;.<\/p>\n<p style=\"margin: 10px 0;\">Admission is free, but registration required via 01-6617695 or clewis@penguinrandomhouse.ie<\/p>\n<\/div>\n<div style=\"font-size: 13px; color: #534438; line-height: 20px;\"><\/div>\n<p style=\"font-size: 13px; color: #534438; line-height: 20px;\"><a style=\"color: #cc2979; text-decoration: none;\" href=\"https:\/\/www.tcd.ie\/trinitylongroomhub\/events\/\">https:\/\/www.tcd.ie\/trinitylongroomhub\/events\/<\/a><\/p>\n<\/td>\n<td valign=\"top\"><\/td>\n<\/tr>\n<\/tbody>\n<\/table>\n<\/td>\n<\/tr>\n<\/tbody>\n<\/table>\n<\/td>\n<\/tr>\n<\/tbody>\n<\/table>\n<table width=\"100%\" cellspacing=\"0\" cellpadding=\"0\">\n<tbody>\n<tr>\n<td style=\"padding: 10px 30px;\">\n<table width=\"100%\" cellspacing=\"0\" cellpadding=\"0\">\n<tbody>\n<tr>\n<td valign=\"top\" width=\"52\"><img loading=\"lazy\" decoding=\"async\" src=\"http:\/\/dublineventguide.com\/dff\/admin\/images\/categories\/ACTIVITY.png\" alt=\"\" width=\"32\" height=\"32\" \/><\/td>\n<td>\n<h2 style=\"font-size: 16px; color: #534438; margin: 0 0 5px; font-weight: normal;\">Seabird Watching<\/h2>\n<h3 style=\"font-size: 13px; margin: 0; padding: 0; line-height: 16px; color: #534438;\">18:30 &#8211; 20:00, Tue 21 Jul<\/h3>\n<p style=\"font-size: 13px; color: #534438; line-height: 20px; margin: 0; padding-top: 0;\">Coliemore Harbour, Dalkey, Co. Dublin<\/p>\n<table width=\"100%\" cellspacing=\"0\" cellpadding=\"0\">\n<tbody>\n<tr>\n<td valign=\"top\">\n<div style=\"font-size: 13px; color: #534438; line-height: 20px;\">\n<p style=\"margin: 10px 0;\">Every Tuesday evening in July (07, 14, 21+28 July) BirdWatch Ireland invites to a Seabird Watching at Coliemore Harbour. There will be experts available as you observe the breeding Terns and other sea birds. No walking required.<\/p>\n<p style=\"margin: 10px 0;\">Admission is free and no booking required.<\/p>\n<\/div>\n<div style=\"font-size: 13px; color: #534438; line-height: 20px;\"><\/div>\n<p style=\"font-size: 13px; color: #534438; line-height: 20px;\"><a style=\"color: #cc2979; text-decoration: none;\" href=\"http:\/\/events.dlrcoco.ie\/event\/biodiversity-events\">http:\/\/events.dlrcoco.ie\/event\/biodiversity-events<\/a><\/p>\n<\/td>\n<td valign=\"top\"><\/td>\n<\/tr>\n<\/tbody>\n<\/table>\n<\/td>\n<\/tr>\n<\/tbody>\n<\/table>\n<\/td>\n<\/tr>\n<\/tbody>\n<\/table>\n<table width=\"100%\" cellspacing=\"0\" cellpadding=\"0\">\n<tbody>\n<tr>\n<td style=\"padding: 10px 30px;\">\n<table width=\"100%\" cellspacing=\"0\" cellpadding=\"0\">\n<tbody>\n<tr>\n<td valign=\"top\" width=\"52\"><img loading=\"lazy\" decoding=\"async\" src=\"http:\/\/dublineventguide.com\/dff\/admin\/images\/categories\/MUSIC.png\" alt=\"\" width=\"32\" height=\"32\" \/><\/td>\n<td>\n<h2 style=\"font-size: 16px; color: #534438; margin: 0 0 5px; font-weight: normal;\">Dublin Bluegrass Collective &#8211; Gig<\/h2>\n<h3 style=\"font-size: 13px; margin: 0; padding: 0; line-height: 16px; color: #534438;\"><img loading=\"lazy\" decoding=\"async\" style=\"display: inline; float: left;\" src=\"http:\/\/dublineventguide.com\/dff\/admin\/images\/weekly.png\" alt=\"\" width=\"69\" height=\"16\" \/> 20:00, Tue 21 Jul<\/h3>\n<p style=\"font-size: 13px; color: #534438; line-height: 20px; margin: 0; padding-top: 0;\">Sin \u00c9, 14 Ormond Quay, Dublin 1<\/p>\n<table width=\"100%\" cellspacing=\"0\" cellpadding=\"0\">\n<tbody>\n<tr>\n<td valign=\"top\">\n<div style=\"font-size: 13px; color: #534438; line-height: 20px;\">\n<p style=\"margin: 10px 0;\">Rumours have it that the Bluegrass Collective will perform in Sin \u00c9 on Tuesday and there might even be an open Bluegrass Jam! Admission is free.<\/p>\n<\/div>\n<div style=\"font-size: 13px; color: #534438; line-height: 20px;\"><\/div>\n<p style=\"font-size: 13px; color: #534438; line-height: 20px;\"><a style=\"color: #cc2979; text-decoration: none;\" href=\"https:\/\/www.facebook.com\/Sin.E.Pub\">https:\/\/www.facebook.com\/Sin.E.Pub<\/a><\/p>\n<\/td>\n<td valign=\"top\"><\/td>\n<\/tr>\n<\/tbody>\n<\/table>\n<\/td>\n<\/tr>\n<\/tbody>\n<\/table>\n<\/td>\n<\/tr>\n<\/tbody>\n<\/table>\n<table width=\"100%\" cellspacing=\"0\" cellpadding=\"0\">\n<tbody>\n<tr>\n<td style=\"padding: 10px 30px;\">\n<table width=\"100%\" cellspacing=\"0\" cellpadding=\"0\">\n<tbody>\n<tr>\n<td valign=\"top\" width=\"52\"><img loading=\"lazy\" decoding=\"async\" src=\"http:\/\/dublineventguide.com\/dff\/admin\/images\/categories\/MUSIC.png\" alt=\"\" width=\"32\" height=\"32\" \/><\/td>\n<td>\n<h2 style=\"font-size: 16px; color: #534438; margin: 0 0 5px; font-weight: normal;\">Ukulele Tuesday<\/h2>\n<h3 style=\"font-size: 13px; margin: 0; padding: 0; line-height: 16px; color: #534438;\"><img loading=\"lazy\" decoding=\"async\" style=\"display: inline; float: left;\" src=\"http:\/\/dublineventguide.com\/dff\/admin\/images\/weekly.png\" alt=\"\" width=\"69\" height=\"16\" \/> 20:00 &#8211; 22:00, Tue 21 Jul<\/h3>\n<p style=\"font-size: 13px; color: #534438; line-height: 20px; margin: 0; padding-top: 0;\">Stag&#8217;s Head, Dame Lane, Dublin 2<\/p>\n<table width=\"100%\" cellspacing=\"0\" cellpadding=\"0\">\n<tbody>\n<tr>\n<td valign=\"top\">\n<div style=\"font-size: 13px; color: #534438; line-height: 20px;\">\n<p style=\"margin: 10px 0;\">Every Tuesday an informal sing along with Ukulele and Toy Musical Instruments takes place in the Stag&#8217;s Head. Just bring your instrument and come along. Beginners are welcome. Admission is free and further details (and a big book of songs) are available on the Facebook Page below. The get-together meets in the &#8220;snug&#8221; in Stag&#8217;s Head.<\/p>\n<\/div>\n<div style=\"font-size: 13px; color: #534438; line-height: 20px;\"><\/div>\n<p style=\"font-size: 13px; color: #534438; line-height: 20px;\"><a style=\"color: #cc2979; text-decoration: none;\" href=\"https:\/\/www.facebook.com\/UkuleleTuesday\">https:\/\/www.facebook.com\/UkuleleTuesday<\/a><\/p>\n<\/td>\n<td valign=\"top\"><\/td>\n<\/tr>\n<\/tbody>\n<\/table>\n<\/td>\n<\/tr>\n<\/tbody>\n<\/table>\n<\/td>\n<\/tr>\n<\/tbody>\n<\/table>\n<table width=\"100%\" cellspacing=\"0\" cellpadding=\"0\">\n<tbody>\n<tr>\n<td style=\"padding: 10px 30px;\">\n<table width=\"100%\" cellspacing=\"0\" cellpadding=\"0\">\n<tbody>\n<tr>\n<td valign=\"top\" width=\"52\"><img loading=\"lazy\" decoding=\"async\" src=\"http:\/\/dublineventguide.com\/dff\/admin\/images\/categories\/MUSIC.png\" alt=\"\" width=\"32\" height=\"32\" \/><\/td>\n<td>\n<h2 style=\"font-size: 16px; color: #534438; margin: 0 0 5px; font-weight: normal;\">Blue Moon Folk and Blues &#8211; Gig<\/h2>\n<h3 style=\"font-size: 13px; margin: 0; padding: 0; line-height: 16px; color: #534438;\"><img loading=\"lazy\" decoding=\"async\" style=\"display: inline; float: left;\" src=\"http:\/\/dublineventguide.com\/dff\/admin\/images\/weekly.png\" alt=\"\" width=\"69\" height=\"16\" \/> 20:30, Tue 21 Jul<\/h3>\n<p style=\"font-size: 13px; color: #534438; line-height: 20px; margin: 0; padding-top: 0;\">The Beerhouse, 84.5 Capel Street, Dublin 1<\/p>\n<table width=\"100%\" cellspacing=\"0\" cellpadding=\"0\">\n<tbody>\n<tr>\n<td valign=\"top\">\n<div style=\"font-size: 13px; color: #534438; line-height: 20px;\">\n<p style=\"margin: 10px 0;\">Live sessions with the Blue Moon Folk and Blues Collective are taking place every Tuesday at the Beerhouse. Admission is free.<\/p>\n<\/div>\n<div style=\"font-size: 13px; color: #534438; line-height: 20px;\"><\/div>\n<p style=\"font-size: 13px; color: #534438; line-height: 20px;\"><a style=\"color: #cc2979; text-decoration: none;\" href=\"http:\/\/www.beerhousedublin.com\/\">http:\/\/www.beerhousedublin.com\/<\/a><\/p>\n<\/td>\n<td valign=\"top\"><\/td>\n<\/tr>\n<\/tbody>\n<\/table>\n<\/td>\n<\/tr>\n<\/tbody>\n<\/table>\n<\/td>\n<\/tr>\n<\/tbody>\n<\/table>\n<table width=\"100%\" cellspacing=\"0\" cellpadding=\"0\">\n<tbody>\n<tr>\n<td style=\"padding: 10px 30px;\">\n<table width=\"100%\" cellspacing=\"0\" cellpadding=\"0\">\n<tbody>\n<tr>\n<td valign=\"top\" width=\"52\"><img loading=\"lazy\" decoding=\"async\" src=\"http:\/\/dublineventguide.com\/dff\/admin\/images\/categories\/MUSIC.png\" alt=\"\" width=\"32\" height=\"32\" \/><\/td>\n<td>\n<h2 style=\"font-size: 16px; color: #534438; margin: 0 0 5px; font-weight: normal;\">The Folk Club<\/h2>\n<h3 style=\"font-size: 13px; margin: 0; padding: 0; line-height: 16px; color: #534438;\"><img loading=\"lazy\" decoding=\"async\" style=\"display: inline; float: left;\" src=\"http:\/\/dublineventguide.com\/dff\/admin\/images\/weekly.png\" alt=\"\" width=\"69\" height=\"16\" \/> 20:30, Tue 21 Jul<\/h3>\n<p style=\"font-size: 13px; color: #534438; line-height: 20px; margin: 0; padding-top: 0;\">Whelan&#8217;s, 25 Wexford Street, Dublin 2<\/p>\n<table width=\"100%\" cellspacing=\"0\" cellpadding=\"0\">\n<tbody>\n<tr>\n<td valign=\"top\">\n<div style=\"font-size: 13px; color: #534438; line-height: 20px;\">\n<p style=\"margin: 10px 0;\">The Folk Club in Whelan&#8217;s will bring you the best in Trad, Ballads, Americana &amp; World Music every Tuesday. The line-up this week is on the Facebook Page below. Admission is free.<\/p>\n<\/div>\n<div style=\"font-size: 13px; color: #534438; line-height: 20px;\"><\/div>\n<p style=\"font-size: 13px; color: #534438; line-height: 20px;\"><a style=\"color: #cc2979; text-decoration: none;\" href=\"https:\/\/www.facebook.com\/TheGrandFolkClub\">https:\/\/www.facebook.com\/TheGrandFolkClub<\/a><\/p>\n<\/td>\n<td valign=\"top\"><\/td>\n<\/tr>\n<\/tbody>\n<\/table>\n<\/td>\n<\/tr>\n<\/tbody>\n<\/table>\n<\/td>\n<\/tr>\n<\/tbody>\n<\/table>\n<table width=\"100%\" cellspacing=\"0\" cellpadding=\"0\">\n<tbody>\n<tr>\n<td style=\"padding: 10px 30px;\">\n<table width=\"100%\" cellspacing=\"0\" cellpadding=\"0\">\n<tbody>\n<tr>\n<td valign=\"top\" width=\"52\"><img loading=\"lazy\" decoding=\"async\" src=\"http:\/\/dublineventguide.com\/dff\/admin\/images\/categories\/COMEDY.png\" alt=\"\" width=\"32\" height=\"32\" \/><\/td>\n<td>\n<h2 style=\"font-size: 16px; color: #534438; margin: 0 0 5px; font-weight: normal;\">Comedy Crunch<\/h2>\n<h3 style=\"font-size: 13px; margin: 0; padding: 0; line-height: 16px; color: #534438;\"><img loading=\"lazy\" decoding=\"async\" style=\"display: inline; float: left;\" src=\"http:\/\/dublineventguide.com\/dff\/admin\/images\/weekly.png\" alt=\"\" width=\"69\" height=\"16\" \/> 21:00 &#8211; 23:00, Tue 21 Jul<\/h3>\n<p style=\"font-size: 13px; color: #534438; line-height: 20px; margin: 0; padding-top: 0;\">Stag&#8217;s Head (downstairs), Dame Lane, Dublin 2<\/p>\n<table width=\"100%\" cellspacing=\"0\" cellpadding=\"0\">\n<tbody>\n<tr>\n<td valign=\"top\">\n<div style=\"font-size: 13px; color: #534438; line-height: 20px;\">\n<p style=\"margin: 10px 0;\">The Comedy Crunch is a free Stand Up comedy event every Sunday and Monday AND Tuesday. Every week different comedians entertain and on top of good comedy you will get free ice cream. Admission is free. The line-up can be found via the Comedy Crunch Facebook Page (see link below).<\/p>\n<\/div>\n<div style=\"font-size: 13px; color: #534438; line-height: 20px;\"><\/div>\n<p style=\"font-size: 13px; color: #534438; line-height: 20px;\"><a style=\"color: #cc2979; text-decoration: none;\" href=\"http:\/\/www.facebook.com\/pages\/The-Comedy-Crunch\/83791357330\">http:\/\/www.facebook.com\/pages\/The-Comedy-Crunch\/83791357330<\/a><\/p>\n<\/td>\n<td valign=\"top\"><\/td>\n<\/tr>\n<\/tbody>\n<\/table>\n<\/td>\n<\/tr>\n<\/tbody>\n<\/table>\n<\/td>\n<\/tr>\n<\/tbody>\n<\/table>\n<table width=\"100%\" cellspacing=\"0\" cellpadding=\"0\">\n<tbody>\n<tr>\n<td style=\"padding: 10px 30px;\">\n<table width=\"100%\" cellspacing=\"0\" cellpadding=\"0\">\n<tbody>\n<tr>\n<td valign=\"top\" width=\"52\"><img loading=\"lazy\" decoding=\"async\" src=\"http:\/\/dublineventguide.com\/dff\/admin\/images\/categories\/MUSIC.png\" alt=\"\" width=\"32\" height=\"32\" \/><\/td>\n<td>\n<h2 style=\"font-size: 16px; color: #534438; margin: 0 0 5px; font-weight: normal;\">Phoenix Big Band<\/h2>\n<h3 style=\"font-size: 13px; margin: 0; padding: 0; line-height: 16px; color: #534438;\"><img loading=\"lazy\" decoding=\"async\" style=\"display: inline; float: left;\" src=\"http:\/\/dublineventguide.com\/dff\/admin\/images\/weekly.png\" alt=\"\" width=\"69\" height=\"16\" \/> 21:00 &#8211; 23:00, Tue 21 Jul<\/h3>\n<p style=\"font-size: 13px; color: #534438; line-height: 20px; margin: 0; padding-top: 0;\">Tara Towers Hotel, Merrion Road, Dublin 4<\/p>\n<table width=\"100%\" cellspacing=\"0\" cellpadding=\"0\">\n<tbody>\n<tr>\n<td valign=\"top\">\n<div style=\"font-size: 13px; color: #534438; line-height: 20px;\">\n<p style=\"margin: 10px 0;\">The Phoenix Big Band is a 16 piece band playing songs of the 1930s, 1940s and other big band arrangements and they are playing every Tuesday in the Tara Tower Hotel (since 2012!) for adult dancing. If you like to waltz, cha cha or foxtrot, come and enjoy their performance.<\/p>\n<p style=\"margin: 10px 0;\">Admission is free.<\/p>\n<p style=\"margin: 10px 0;\">The band plays in the main function room which is occasionally booked, so to confirm that they are playing, please ring the hotel on the day: Phone 01-2694666<\/p>\n<\/div>\n<div style=\"font-size: 13px; color: #534438; line-height: 20px;\"><\/div>\n<\/td>\n<td valign=\"top\"><\/td>\n<\/tr>\n<\/tbody>\n<\/table>\n<\/td>\n<\/tr>\n<\/tbody>\n<\/table>\n<\/td>\n<\/tr>\n<\/tbody>\n<\/table>\n<table width=\"100%\" cellspacing=\"0\" cellpadding=\"0\">\n<tbody>\n<tr>\n<td style=\"padding: 10px 30px;\">\n<table width=\"100%\" cellspacing=\"0\" cellpadding=\"0\">\n<tbody>\n<tr>\n<td valign=\"top\" width=\"52\"><img loading=\"lazy\" decoding=\"async\" src=\"http:\/\/dublineventguide.com\/dff\/admin\/images\/categories\/COMEDY.png\" alt=\"\" width=\"32\" height=\"32\" \/><\/td>\n<td>\n<h2 style=\"font-size: 16px; color: #534438; margin: 0 0 5px; font-weight: normal;\">Wicked Wolf Comedy<\/h2>\n<h3 style=\"font-size: 13px; margin: 0; padding: 0; line-height: 16px; color: #534438;\">21:00, Tue 21 Jul<\/h3>\n<p style=\"font-size: 13px; color: #534438; line-height: 20px; margin: 0; padding-top: 0;\">Wicked Wolf, 2 Main Street, Blackrock, Co. Dublin<\/p>\n<table width=\"100%\" cellspacing=\"0\" cellpadding=\"0\">\n<tbody>\n<tr>\n<td valign=\"top\">\n<div style=\"font-size: 13px; color: #534438; line-height: 20px;\">\n<p style=\"margin: 10px 0;\">There will be free comedy upstairs in the Wicked Wolf in Blackrock on every second Tuesday. New acts and surprise guests will entertain you and the event is organised by Maxine Jones.<\/p>\n<p>The dates are <span>07+21 Jul, 04+18 Aug<\/span>. Put the dates in your calender as I will probably not be able to include the event every week.<\/p>\n<\/div>\n<div style=\"font-size: 13px; color: #534438; line-height: 20px;\"><\/div>\n<p style=\"font-size: 13px; color: #534438; line-height: 20px;\"><a style=\"color: #cc2979; text-decoration: none;\" href=\"http:\/\/www.wickedwolfcomedy.com\">http:\/\/www.wickedwolfcomedy.com<\/a><\/p>\n<\/td>\n<td valign=\"top\"><\/td>\n<\/tr>\n<\/tbody>\n<\/table>\n<\/td>\n<\/tr>\n<\/tbody>\n<\/table>\n<\/td>\n<\/tr>\n<\/tbody>\n<\/table>\n<table width=\"100%\" cellspacing=\"0\" cellpadding=\"0\">\n<tbody>\n<tr>\n<td style=\"padding: 10px 30px;\">\n<table width=\"100%\" cellspacing=\"0\" cellpadding=\"0\">\n<tbody>\n<tr>\n<td valign=\"top\" width=\"52\"><img loading=\"lazy\" decoding=\"async\" src=\"http:\/\/dublineventguide.com\/dff\/admin\/images\/categories\/MUSIC.png\" alt=\"\" width=\"32\" height=\"32\" \/><\/td>\n<td>\n<h2 style=\"font-size: 16px; color: #534438; margin: 0 0 5px; font-weight: normal;\">Camden Sessions &#8211; Singer\/Songwriter Night<\/h2>\n<h3 style=\"font-size: 13px; margin: 0; padding: 0; line-height: 16px; color: #534438;\"><img loading=\"lazy\" decoding=\"async\" style=\"display: inline; float: left;\" src=\"http:\/\/dublineventguide.com\/dff\/admin\/images\/weekly.png\" alt=\"\" width=\"69\" height=\"16\" \/> 21:30, Tue 21 Jul<\/h3>\n<p style=\"font-size: 13px; color: #534438; line-height: 20px; margin: 0; padding-top: 0;\">Anseo, 18 Camden Street Lower, Dublin 2<\/p>\n<table width=\"100%\" cellspacing=\"0\" cellpadding=\"0\">\n<tbody>\n<tr>\n<td valign=\"top\">\n<div style=\"font-size: 13px; color: #534438; line-height: 20px;\">\n<p style=\"margin: 10px 0;\">A totally unplugged Singer\/Songwriter night (no PA, no microphones) with original music is taking place upstairs in Anseo every Tuesday from 21:30.<\/p>\n<p style=\"margin: 10px 0;\">Please check on the Facebook Page below if the event is going ahead as it seems to get cancelled every now and then and if you want to play a 15-30 min set or just want to play one song make yourself heard via the same Facebook Page.<\/p>\n<p style=\"margin: 10px 0;\">Admission is free.<\/p>\n<\/div>\n<div style=\"font-size: 13px; color: #534438; line-height: 20px;\"><\/div>\n<p style=\"font-size: 13px; color: #534438; line-height: 20px;\"><a style=\"color: #cc2979; text-decoration: none;\" href=\"https:\/\/www.facebook.com\/TheCamdenSessions\">https:\/\/www.facebook.com\/TheCamdenSessions<\/a><\/p>\n<\/td>\n<td valign=\"top\"><\/td>\n<\/tr>\n<\/tbody>\n<\/table>\n<\/td>\n<\/tr>\n<\/tbody>\n<\/table>\n<\/td>\n<\/tr>\n<\/tbody>\n<\/table>\n<table width=\"100%\" cellspacing=\"0\" cellpadding=\"0\">\n<tbody>\n<tr>\n<td style=\"padding: 10px 30px;\">\n<table width=\"100%\" cellspacing=\"0\" cellpadding=\"0\">\n<tbody>\n<tr>\n<td valign=\"top\" width=\"52\"><img loading=\"lazy\" decoding=\"async\" src=\"http:\/\/dublineventguide.com\/dff\/admin\/images\/categories\/MUSIC.png\" alt=\"\" width=\"32\" height=\"32\" \/><\/td>\n<td>\n<h2 style=\"font-size: 16px; color: #534438; margin: 0 0 5px; font-weight: normal;\">International Bar Jazz Night<\/h2>\n<h3 style=\"font-size: 13px; margin: 0; padding: 0; line-height: 16px; color: #534438;\"><img loading=\"lazy\" decoding=\"async\" style=\"display: inline; float: left;\" src=\"http:\/\/dublineventguide.com\/dff\/admin\/images\/weekly.png\" alt=\"\" width=\"69\" height=\"16\" \/> 21:30, Tue 21 Jul<\/h3>\n<p style=\"font-size: 13px; color: #534438; line-height: 20px; margin: 0; padding-top: 0;\">The International Bar, 23 Wicklow Street, Dublin 2<\/p>\n<table width=\"100%\" cellspacing=\"0\" cellpadding=\"0\">\n<tbody>\n<tr>\n<td valign=\"top\">\n<div style=\"font-size: 13px; color: #534438; line-height: 20px;\">\n<p style=\"margin: 10px 0;\">Every Tuesday and Thursday the International Bar invites to a Jazz night in the Lounge.<\/p>\n<p style=\"margin: 10px 0;\">Groups led by Cote Calmet, Sean Maynard Smith, Dominic Mullan, Paddy Groenland, Georgia Cusack &amp; Alex Mathias are performing regularly with occasional guest players, but there are also other bands from all over.<\/p>\n<p style=\"margin: 10px 0;\">Admission is free, with a suggested donation of EUR 5. The website clearly says that there is no entry fee, but &#8211; and that makes a lot of sense &#8211; that your donations are very much appreciated (Musicians need to pay for rent and food too!) Be generous after the gig if you liked it, but if someone wants to charge an admission charge, please point out that the &#8220;rules&#8221; as described on their website are like I have explained.<\/p>\n<\/div>\n<div style=\"font-size: 13px; color: #534438; line-height: 20px;\"><\/div>\n<p style=\"font-size: 13px; color: #534438; line-height: 20px;\"><a style=\"color: #cc2979; text-decoration: none;\" href=\"http:\/\/www.international-bar.com\/jazz\/\">http:\/\/www.international-bar.com\/jazz\/<\/a><\/p>\n<\/td>\n<td valign=\"top\"><\/td>\n<\/tr>\n<\/tbody>\n<\/table>\n<\/td>\n<\/tr>\n<\/tbody>\n<\/table>\n<\/td>\n<\/tr>\n<\/tbody>\n<\/table>\n<table id=\"day_1437519600\" style=\"margin-top: 10px;\" width=\"100%\" cellspacing=\"0\" cellpadding=\"0\">\n<tbody>\n<tr style=\"background-color: #c20162; color: #fff;\">\n<td style=\"padding: 0; line-height: 1; height: 34px; overflow: hidden;\">\n<p style=\"width: 630px; padding-left: 30px; margin: 0; height: 34px; overflow: hidden; line-height: 34px;\"><a name=\"day_1437519600\"><\/a><strong>Wednesday <\/strong> 22 Jul<\/p>\n<\/td>\n<td>\n<p style=\"margin: 0; line-height: 34px; padding: 0; font-size: 13px;\"><a style=\"color: #fff; text-decoration: none;\" href=\"#dff_top\">back to top<\/a><\/p>\n<\/td>\n<td>\n<p style=\"margin: 0; padding: 0; font-size: 13px;\"><a style=\"color: #fff; text-decoration: none;\" href=\"#dff_top\"><img loading=\"lazy\" decoding=\"async\" src=\"http:\/\/dublineventguide.com\/dff\/admin\/images\/dividers\/date_toplink.png\" alt=\"Back to top\" width=\"38\" height=\"34\" \/><\/a><\/p>\n<\/td>\n<td width=\"50\"><\/td>\n<\/tr>\n<\/tbody>\n<\/table>\n<table width=\"100%\" cellspacing=\"0\" cellpadding=\"0\">\n<tbody>\n<tr>\n<td style=\"padding: 10px 30px;\">\n<table width=\"100%\" cellspacing=\"0\" cellpadding=\"0\">\n<tbody>\n<tr>\n<td valign=\"top\" width=\"52\"><img loading=\"lazy\" decoding=\"async\" src=\"http:\/\/dublineventguide.com\/dff\/admin\/images\/categories\/ART.png\" alt=\"\" width=\"32\" height=\"32\" \/><\/td>\n<td>\n<h2 style=\"font-size: 16px; color: #534438; margin: 0 0 5px; font-weight: normal;\">Cafe Drawing Session &#8211; Rua Red<\/h2>\n<h3 style=\"font-size: 13px; margin: 0; padding: 0; line-height: 16px; color: #534438;\">11:00, Wed 22 Jul<\/h3>\n<p style=\"font-size: 13px; color: #534438; line-height: 20px; margin: 0; padding-top: 0;\">Rua Red, South Dublin Arts Centre, Tallaght, D24<\/p>\n<table width=\"100%\" cellspacing=\"0\" cellpadding=\"0\">\n<tbody>\n<tr>\n<td valign=\"top\">\n<div style=\"font-size: 13px; color: #534438; line-height: 20px;\">\n<p style=\"margin: 10px 0;\">Have you ever wanted to give drawing a go? Or maybe you are a budding artist looking for like-minded people to draw with? Come to one of the Rua Red drawing sessions every week in RUA RED\u2019s Creative Den.<\/p>\n<p style=\"margin: 10px 0;\">Admisson is free.<\/p>\n<\/div>\n<div style=\"font-size: 13px; color: #534438; line-height: 20px;\"><\/div>\n<p style=\"font-size: 13px; color: #534438; line-height: 20px;\"><a style=\"color: #cc2979; text-decoration: none;\" href=\"http:\/\/ruared.ie\/\">http:\/\/ruared.ie\/<\/a><\/p>\n<\/td>\n<td valign=\"top\"><\/td>\n<\/tr>\n<\/tbody>\n<\/table>\n<\/td>\n<\/tr>\n<\/tbody>\n<\/table>\n<\/td>\n<\/tr>\n<\/tbody>\n<\/table>\n<table width=\"100%\" cellspacing=\"0\" cellpadding=\"0\">\n<tbody>\n<tr>\n<td style=\"padding: 10px 30px;\">\n<table width=\"100%\" cellspacing=\"0\" cellpadding=\"0\">\n<tbody>\n<tr>\n<td valign=\"top\" width=\"52\"><img loading=\"lazy\" decoding=\"async\" src=\"http:\/\/dublineventguide.com\/dff\/admin\/images\/categories\/ACTIVITY.png\" alt=\"\" width=\"32\" height=\"32\" \/><\/td>\n<td>\n<h2 style=\"font-size: 16px; color: #534438; margin: 0 0 5px; font-weight: normal;\">Phoenix Park Walled Garden &#8211; Tour<\/h2>\n<h3 style=\"font-size: 13px; margin: 0; padding: 0; line-height: 16px; color: #534438;\">11:00, Wed 22 Jul<\/h3>\n<p style=\"font-size: 13px; color: #534438; line-height: 20px; margin: 0; padding-top: 0;\">Phoenix Park Visitor Centre, Phoenix Park, Dublin 8<\/p>\n<table width=\"100%\" cellspacing=\"0\" cellpadding=\"0\">\n<tbody>\n<tr>\n<td valign=\"top\">\n<div style=\"font-size: 13px; color: #534438; line-height: 20px;\">\n<p style=\"margin: 10px 0;\">At this tour of the Victorian Walled Kitchen Garden, you can see what is growing there and find out about its history. Admission is free.<\/p>\n<\/div>\n<div style=\"font-size: 13px; color: #534438; line-height: 20px;\"><\/div>\n<p style=\"font-size: 13px; color: #534438; line-height: 20px;\"><a style=\"color: #cc2979; text-decoration: none;\" href=\"http:\/\/www.phoenixpark.ie\/newsevents\/title,34639,en.html\">http:\/\/www.phoenixpark.ie\/newsevents\/title,34639,en.html<\/a><\/p>\n<\/td>\n<td valign=\"top\"><\/td>\n<\/tr>\n<\/tbody>\n<\/table>\n<\/td>\n<\/tr>\n<\/tbody>\n<\/table>\n<\/td>\n<\/tr>\n<\/tbody>\n<\/table>\n<table width=\"100%\" cellspacing=\"0\" cellpadding=\"0\">\n<tbody>\n<tr>\n<td style=\"padding: 10px 30px;\">\n<table width=\"100%\" cellspacing=\"0\" cellpadding=\"0\">\n<tbody>\n<tr>\n<td valign=\"top\" width=\"52\"><img loading=\"lazy\" decoding=\"async\" src=\"http:\/\/dublineventguide.com\/dff\/admin\/images\/categories\/TALKS.png\" alt=\"\" width=\"32\" height=\"32\" \/><\/td>\n<td>\n<h2 style=\"font-size: 16px; color: #534438; margin: 0 0 5px; font-weight: normal;\">National Gallery Talks<\/h2>\n<h3 style=\"font-size: 13px; margin: 0; padding: 0; line-height: 16px; color: #534438;\"><img loading=\"lazy\" decoding=\"async\" style=\"display: inline; float: left;\" src=\"http:\/\/dublineventguide.com\/dff\/admin\/images\/weekly.png\" alt=\"\" width=\"69\" height=\"16\" \/> 11:30 &#8211; 16:50, Wed 22 Jul<\/h3>\n<p style=\"font-size: 13px; color: #534438; line-height: 20px; margin: 0; padding-top: 0;\">National Gallery, Clare Street, Dublin 2<\/p>\n<table width=\"100%\" cellspacing=\"0\" cellpadding=\"0\">\n<tbody>\n<tr>\n<td valign=\"top\">\n<div style=\"font-size: 13px; color: #534438; line-height: 20px;\">\n<p style=\"margin: 10px 0;\">The National Gallery has an extensive programme of free talks, public tours and Art Documentary screenings focusing on highlights of the European and Irish Collection every day of the week. Check their website for details.<\/p>\n<\/div>\n<div style=\"font-size: 13px; color: #534438; line-height: 20px;\"><\/div>\n<p style=\"font-size: 13px; color: #534438; line-height: 20px;\"><a style=\"color: #cc2979; text-decoration: none;\" href=\"http:\/\/nationalgallery.ie\/whatson\">http:\/\/nationalgallery.ie\/whatson<\/a><\/p>\n<\/td>\n<td valign=\"top\"><\/td>\n<\/tr>\n<\/tbody>\n<\/table>\n<\/td>\n<\/tr>\n<\/tbody>\n<\/table>\n<\/td>\n<\/tr>\n<\/tbody>\n<\/table>\n<table width=\"100%\" cellspacing=\"0\" cellpadding=\"0\">\n<tbody>\n<tr>\n<td style=\"padding: 10px 30px;\">\n<table width=\"100%\" cellspacing=\"0\" cellpadding=\"0\">\n<tbody>\n<tr>\n<td valign=\"top\" width=\"52\"><img loading=\"lazy\" decoding=\"async\" src=\"http:\/\/dublineventguide.com\/dff\/admin\/images\/categories\/FILM.png\" alt=\"\" width=\"32\" height=\"32\" \/><\/td>\n<td>\n<h2 style=\"font-size: 16px; color: #534438; margin: 0 0 5px; font-weight: normal;\">Archive at Lunchtime &#8211; IFI<\/h2>\n<h3 style=\"font-size: 13px; margin: 0; padding: 0; line-height: 16px; color: #534438;\"><img loading=\"lazy\" decoding=\"async\" style=\"display: inline; float: left;\" src=\"http:\/\/dublineventguide.com\/dff\/admin\/images\/weekly.png\" alt=\"\" width=\"69\" height=\"16\" \/> 13:00, Wed 22 Jul<\/h3>\n<p style=\"font-size: 13px; color: #534438; line-height: 20px; margin: 0; padding-top: 0;\">Irish Film Institute, 6 Eustace Street, Temple Bar, Dublin 2<\/p>\n<table width=\"100%\" cellspacing=\"0\" cellpadding=\"0\">\n<tbody>\n<tr>\n<td valign=\"top\">\n<div style=\"font-size: 13px; color: #534438; line-height: 20px;\">\n<p>Archive at Lunchtime screenings take place Saturdays (Double Bill), Mondays and Wednesdays. The programme is changing weekly now (instead of monthly as in the past). To find out what film(s) will be screened go to <a style=\"color: #cc2979; text-decoration: none;\" href=\"http:\/\/www.ifi.ie\/whatson\/now-showing-coming-soon\/\">http:\/\/www.ifi.ie\/whatson\/now-showing-coming-soon\/<\/a> and look for &#8220;Archive at Lunchtime&#8221; on the right. Admission is free.<\/p>\n<\/div>\n<div style=\"font-size: 13px; color: #534438; line-height: 20px;\"><\/div>\n<p style=\"font-size: 13px; color: #534438; line-height: 20px;\"><a style=\"color: #cc2979; text-decoration: none;\" href=\"http:\/\/www.ifi.ie\/\">http:\/\/www.ifi.ie\/<\/a><\/p>\n<\/td>\n<td valign=\"top\"><\/td>\n<\/tr>\n<\/tbody>\n<\/table>\n<\/td>\n<\/tr>\n<\/tbody>\n<\/table>\n<\/td>\n<\/tr>\n<\/tbody>\n<\/table>\n<table width=\"100%\" cellspacing=\"0\" cellpadding=\"0\">\n<tbody>\n<tr>\n<td style=\"padding: 10px 30px;\">\n<table width=\"100%\" cellspacing=\"0\" cellpadding=\"0\">\n<tbody>\n<tr>\n<td valign=\"top\" width=\"52\"><img loading=\"lazy\" decoding=\"async\" src=\"http:\/\/dublineventguide.com\/dff\/admin\/images\/categories\/ART.png\" alt=\"\" width=\"32\" height=\"32\" \/><\/td>\n<td>\n<h2 style=\"font-size: 16px; color: #534438; margin: 0 0 5px; font-weight: normal;\">Relatively Speaking &#8211; Guided Gallery Walking Tour<\/h2>\n<h3 style=\"font-size: 13px; margin: 0; padding: 0; line-height: 16px; color: #534438;\">13:00, Wed 22 Jul<\/h3>\n<p style=\"font-size: 13px; color: #534438; line-height: 20px; margin: 0; padding-top: 0;\">Project Arts Centre, 39 East Essex Street, Temple Bar, Dublin 2<\/p>\n<table width=\"100%\" cellspacing=\"0\" cellpadding=\"0\">\n<tbody>\n<tr>\n<td valign=\"top\">\n<div style=\"font-size: 13px; color: #534438; line-height: 20px;\">\n<p style=\"margin: 10px 0;\">Relatively Speaking is a guided walking tour across three city art galleries<\/p>\n<p style=\"margin: 10px 0;\">Three city centre contemporary art galleries, the Project Arts Centre, the Temple Bar Gallery + Studios and The Douglas Hyde Gallery are joining forces to offer a guided walking tour to these venues. The whole tour will take about 60 minutes with 15-20 minute tours taking place in each gallery.<\/p>\n<p style=\"margin: 10px 0;\">Beginning at Project Arts Centre, there will be a guided tour of the group exhibition &#8220;Riddle of the Burial Grounds&#8221;. In Temple Bar Gallery + Studios, Programme Curator Rayne Booth will give an introduction to the exhibition &#8220;Display Show&#8221;. And in The Douglas Hyde Gallery a tour of Sam Keogh&#8217;s solo exhibition Four Fold in Gallery 1 will conclude the tour.<\/p>\n<p>Meeting Point is at 13:00 at the Project Arts Centre. Admission is free, but booking is required <a style=\"color: #cc2979; text-decoration: none;\" href=\"https:\/\/projectartscentre.ticketsolve.com\/shows\/873537562\/events\" target=\"_blank\">here<\/a>.<\/p>\n<\/div>\n<div style=\"font-size: 13px; color: #534438; line-height: 20px;\"><\/div>\n<p style=\"font-size: 13px; color: #534438; line-height: 20px;\"><a style=\"color: #cc2979; text-decoration: none;\" href=\"http:\/\/projectartscentre.ie\/event\/relatively-speaking-gallery-tour-july-2015\/\">http:\/\/projectartscentre.ie\/event\/relatively-speaking-gallery-tour-july-2015\/<\/a><\/p>\n<\/td>\n<td valign=\"top\"><\/td>\n<\/tr>\n<\/tbody>\n<\/table>\n<\/td>\n<\/tr>\n<\/tbody>\n<\/table>\n<\/td>\n<\/tr>\n<\/tbody>\n<\/table>\n<table width=\"100%\" cellspacing=\"0\" cellpadding=\"0\">\n<tbody>\n<tr>\n<td style=\"padding: 10px 30px;\">\n<table width=\"100%\" cellspacing=\"0\" cellpadding=\"0\">\n<tbody>\n<tr>\n<td valign=\"top\" width=\"52\"><img loading=\"lazy\" decoding=\"async\" src=\"http:\/\/dublineventguide.com\/dff\/admin\/images\/categories\/KIDS.png\" alt=\"\" width=\"32\" height=\"32\" \/><\/td>\n<td>\n<h2 style=\"font-size: 16px; color: #534438; margin: 0 0 5px; font-weight: normal;\">Finding North with the Norse Men &#8211; Drop-in Acvtivity<\/h2>\n<h3 style=\"font-size: 13px; margin: 0; padding: 0; line-height: 16px; color: #534438;\">14:30 &#8211; 16:00, Wed 22 Jul<\/h3>\n<p style=\"font-size: 13px; color: #534438; line-height: 20px; margin: 0; padding-top: 0;\">National Museum, Kildare Street (Archaeology), Dublin 2<\/p>\n<table width=\"100%\" cellspacing=\"0\" cellpadding=\"0\">\n<tbody>\n<tr>\n<td valign=\"top\">\n<div style=\"font-size: 13px; color: #534438; line-height: 20px;\">\n<p style=\"margin: 10px 0;\">Discover the science behind Viking sea navigation and create your own mini sundial compass to take home.<\/p>\n<p style=\"margin: 10px 0;\">Admission is free and no booking required. Located next to the Treasury exhibition on the ground floor. Suitable for Age 6+<\/p>\n<\/div>\n<div style=\"font-size: 13px; color: #534438; line-height: 20px;\"><\/div>\n<p style=\"font-size: 13px; color: #534438; line-height: 20px;\"><a style=\"color: #cc2979; text-decoration: none;\" href=\"http:\/\/www.museum.ie\/en\/list\/calendar-of-events.aspx?eventID=4692\">http:\/\/www.museum.ie\/en\/list\/calendar-of-events.aspx?eventID=4692<\/a><\/p>\n<\/td>\n<td valign=\"top\"><\/td>\n<\/tr>\n<\/tbody>\n<\/table>\n<\/td>\n<\/tr>\n<\/tbody>\n<\/table>\n<\/td>\n<\/tr>\n<\/tbody>\n<\/table>\n<table width=\"100%\" cellspacing=\"0\" cellpadding=\"0\">\n<tbody>\n<tr>\n<td style=\"padding: 10px 30px;\">\n<table width=\"100%\" cellspacing=\"0\" cellpadding=\"0\">\n<tbody>\n<tr>\n<td valign=\"top\" width=\"52\"><img loading=\"lazy\" decoding=\"async\" src=\"http:\/\/dublineventguide.com\/dff\/admin\/images\/categories\/ACTIVITY.png\" alt=\"\" width=\"32\" height=\"32\" \/><\/td>\n<td>\n<h2 style=\"font-size: 16px; color: #534438; margin: 0 0 5px; font-weight: normal;\">Italian Quarter Day<\/h2>\n<h3 style=\"font-size: 13px; margin: 0; padding: 0; line-height: 16px; color: #534438;\">15:00 &#8211; 23:00, Wed 22 Jul<\/h3>\n<p style=\"font-size: 13px; color: #534438; line-height: 20px; margin: 0; padding-top: 0;\">Italian Quarter, Dublin 1<\/p>\n<table width=\"100%\" cellspacing=\"0\" cellpadding=\"0\">\n<tbody>\n<tr>\n<td valign=\"top\">\n<div style=\"font-size: 13px; color: #534438; line-height: 20px;\">\n<p style=\"margin: 10px 0;\">On Wednesday the Italian Quarter on the Northside at the Millenium Bridge is celebrating its 12th Birthday. There will be food, wine and music. DJ Pravda will mix while Chef Irina Moskovskaja will cook. And there are also three live acts: Kabash, Collectivo Pachedub and The Bernardos.<\/p>\n<p style=\"margin: 10px 0;\">Admission is free.<\/p>\n<\/div>\n<div style=\"font-size: 13px; color: #534438; line-height: 20px;\"><\/div>\n<p style=\"font-size: 13px; color: #534438; line-height: 20px;\"><a style=\"color: #cc2979; text-decoration: none;\" href=\"https:\/\/www.facebook.com\/events\/478673128981524\/\">https:\/\/www.facebook.com\/events\/478673128981524\/<\/a><\/p>\n<\/td>\n<td valign=\"top\"><\/td>\n<\/tr>\n<\/tbody>\n<\/table>\n<\/td>\n<\/tr>\n<\/tbody>\n<\/table>\n<\/td>\n<\/tr>\n<\/tbody>\n<\/table>\n<table width=\"100%\" cellspacing=\"0\" cellpadding=\"0\">\n<tbody>\n<tr>\n<td style=\"padding: 10px 30px;\">\n<table width=\"100%\" cellspacing=\"0\" cellpadding=\"0\">\n<tbody>\n<tr>\n<td valign=\"top\" width=\"52\"><img loading=\"lazy\" decoding=\"async\" src=\"http:\/\/dublineventguide.com\/dff\/admin\/images\/categories\/MARKETS.png\" alt=\"\" width=\"32\" height=\"32\" \/><\/td>\n<td>\n<h2 style=\"font-size: 16px; color: #534438; margin: 0 0 5px; font-weight: normal;\">Temple Bar &#8220;Night&#8221; Market<\/h2>\n<h3 style=\"font-size: 13px; margin: 0; padding: 0; line-height: 16px; color: #534438;\">15:00 &#8211; 20:00, Wed 22 Jul<\/h3>\n<p style=\"font-size: 13px; color: #534438; line-height: 20px; margin: 0; padding-top: 0;\">Temple Bar Square, Temple Bar, Dublin 2<\/p>\n<table width=\"100%\" cellspacing=\"0\" cellpadding=\"0\">\n<tbody>\n<tr>\n<td valign=\"top\">\n<div style=\"font-size: 13px; color: #534438; line-height: 20px;\">\n<p style=\"margin: 10px 0;\">The Temple Bar &#8220;Night&#8221; Market is more an afternoon and evening market (15:00-20:00) and it takes place every Wednesday until 19 August.<\/p>\n<p style=\"margin: 10px 0;\">You can buy Arts &amp; Crafts at this market. In previous years the missing food and drink stalls (probably to protect the pubs and restaurants in Temple Bar) was mentioned by visitors as a critique.<\/p>\n<\/div>\n<div style=\"font-size: 13px; color: #534438; line-height: 20px;\"><\/div>\n<p style=\"font-size: 13px; color: #534438; line-height: 20px;\"><a style=\"color: #cc2979; text-decoration: none;\" href=\"https:\/\/www.facebook.com\/LoveTempleBar\">https:\/\/www.facebook.com\/LoveTempleBar<\/a><\/p>\n<\/td>\n<td valign=\"top\"><\/td>\n<\/tr>\n<\/tbody>\n<\/table>\n<\/td>\n<\/tr>\n<\/tbody>\n<\/table>\n<\/td>\n<\/tr>\n<\/tbody>\n<\/table>\n<table width=\"100%\" cellspacing=\"0\" cellpadding=\"0\">\n<tbody>\n<tr>\n<td style=\"padding: 10px 30px;\">\n<table width=\"100%\" cellspacing=\"0\" cellpadding=\"0\">\n<tbody>\n<tr>\n<td valign=\"top\" width=\"52\"><img loading=\"lazy\" decoding=\"async\" src=\"http:\/\/dublineventguide.com\/dff\/admin\/images\/categories\/ACTIVITY.png\" alt=\"\" width=\"32\" height=\"32\" \/><\/td>\n<td>\n<h2 style=\"font-size: 16px; color: #534438; margin: 0 0 5px; font-weight: normal;\">Havana International Language Exchange<\/h2>\n<h3 style=\"font-size: 13px; margin: 0; padding: 0; line-height: 16px; color: #534438;\"><img loading=\"lazy\" decoding=\"async\" style=\"display: inline; float: left;\" src=\"http:\/\/dublineventguide.com\/dff\/admin\/images\/weekly.png\" alt=\"\" width=\"69\" height=\"16\" \/> 16:30 &#8211; 19:30, Wed 22 Jul<\/h3>\n<p style=\"font-size: 13px; color: #534438; line-height: 20px; margin: 0; padding-top: 0;\">Havana Tapas Bar, Georges St, Dublin 2<\/p>\n<table width=\"100%\" cellspacing=\"0\" cellpadding=\"0\">\n<tbody>\n<tr>\n<td valign=\"top\">\n<div style=\"font-size: 13px; color: #534438; line-height: 20px;\">\n<p style=\"margin: 10px 0;\">The &#8220;Havana International Language Exchange&#8221; is taking place every Wed from 16:30-19:30 in Havana Tapas Bar in George&#8217;s Street. There are many Spanish speakers and English-speakers are explicitly invited, but everyone else is certainly very welcome too, to meet for a chat to improve your Spanish or English.<\/p>\n<\/div>\n<div style=\"font-size: 13px; color: #534438; line-height: 20px;\"><\/div>\n<p style=\"font-size: 13px; color: #534438; line-height: 20px;\"><a style=\"color: #cc2979; text-decoration: none;\" href=\"http:\/\/www.facebook.com\/pages\/Havana-Tapas-Bar\/10503361821\">http:\/\/www.facebook.com\/pages\/Havana-Tapas-Bar\/10503361821<\/a><\/p>\n<\/td>\n<td valign=\"top\"><\/td>\n<\/tr>\n<\/tbody>\n<\/table>\n<\/td>\n<\/tr>\n<\/tbody>\n<\/table>\n<\/td>\n<\/tr>\n<\/tbody>\n<\/table>\n<table width=\"100%\" cellspacing=\"0\" cellpadding=\"0\">\n<tbody>\n<tr>\n<td style=\"padding: 10px 30px;\">\n<table width=\"100%\" cellspacing=\"0\" cellpadding=\"0\">\n<tbody>\n<tr>\n<td valign=\"top\" width=\"52\"><img loading=\"lazy\" decoding=\"async\" src=\"http:\/\/dublineventguide.com\/dff\/admin\/images\/categories\/TALKS.png\" alt=\"\" width=\"32\" height=\"32\" \/><\/td>\n<td>\n<h2 style=\"font-size: 16px; color: #534438; margin: 0 0 5px; font-weight: normal;\">Critical Response with Laura Rascaroli<\/h2>\n<h3 style=\"font-size: 13px; margin: 0; padding: 0; line-height: 16px; color: #534438;\">18:00 &#8211; 19:00, Wed 22 Jul<\/h3>\n<p style=\"font-size: 13px; color: #534438; line-height: 20px; margin: 0; padding-top: 0;\">Irish Museum of Modern Art, Royal Hospital Kilmainham, Dublin 8<\/p>\n<table width=\"100%\" cellspacing=\"0\" cellpadding=\"0\">\n<tbody>\n<tr>\n<td valign=\"top\">\n<div style=\"font-size: 13px; color: #534438; line-height: 20px;\">\n<p style=\"margin: 10px 0;\">Professor Laura Rascaroli (UCC) discusses her research interests in film and visual theory in response to a choice of works selected from the Stan Douglas exhibition Mise-en-Sc\u00e8ne at IMMA. She will explore ideas of time and temporality in photography, painting, and film, discussing work of filmmakers and artists such as Jean-Luc Godard, Pier Paolo Pasolini, Chris Marker, Derek Jarman, Andy Warhol, Martin Arnold.<\/p>\n<p style=\"margin: 10px 0;\">Admission is free, but booking is required via the website below.<\/p>\n<\/div>\n<div style=\"font-size: 13px; color: #534438; line-height: 20px;\"><\/div>\n<p style=\"font-size: 13px; color: #534438; line-height: 20px;\"><a style=\"color: #cc2979; text-decoration: none;\" href=\"http:\/\/www.imma.ie\/en\/page_236991.htm\">http:\/\/www.imma.ie\/en\/page_236991.htm<\/a><\/p>\n<\/td>\n<td valign=\"top\"><\/td>\n<\/tr>\n<\/tbody>\n<\/table>\n<\/td>\n<\/tr>\n<\/tbody>\n<\/table>\n<\/td>\n<\/tr>\n<\/tbody>\n<\/table>\n<table width=\"100%\" cellspacing=\"0\" cellpadding=\"0\">\n<tbody>\n<tr>\n<td style=\"padding: 10px 30px;\">\n<table width=\"100%\" cellspacing=\"0\" cellpadding=\"0\">\n<tbody>\n<tr>\n<td valign=\"top\" width=\"52\"><img loading=\"lazy\" decoding=\"async\" src=\"http:\/\/dublineventguide.com\/dff\/admin\/images\/categories\/TALKS.png\" alt=\"\" width=\"32\" height=\"32\" \/><\/td>\n<td>\n<h2 style=\"font-size: 16px; color: #534438; margin: 0 0 5px; font-weight: normal;\">Dublin Art &amp; Technology Talks<\/h2>\n<h3 style=\"font-size: 13px; margin: 0; padding: 0; line-height: 16px; color: #534438;\">19:00 &#8211; 21:00, Wed 22 Jul<\/h3>\n<p style=\"font-size: 13px; color: #534438; line-height: 20px; margin: 0; padding-top: 0;\">Dunlop Oriel House, Westland Row, Dublin 2<\/p>\n<table width=\"100%\" cellspacing=\"0\" cellpadding=\"0\">\n<tbody>\n<tr>\n<td valign=\"top\">\n<div style=\"font-size: 13px; color: #534438; line-height: 20px;\">\n<p style=\"margin: 10px 0;\">Nicolas Maigret and Sven Anderson talk at the next meeting of the Dublin Art &amp; Technology Association (D.A.T.A.).<\/p>\n<p style=\"margin: 10px 0;\">Nicolas Maigret exposes the internal workings of media, through an exploration of their dysfunctions, limitations or failure thresholds. After completing studies in intermedia art, Maigret joined the LocusSonus lab in Aix France, where he explored networks as a creative tool.<\/p>\n<p style=\"margin: 10px 0;\">Sven Anderson will speak about his project Continuous Drift, a public sound installation that launches this month and will be permanently integrated into Meeting House Square in Dublin. The installation acts as a framework for different sonic atmospheres that can be activated by members of the public via mobile devices, to be played back from eight loudspeakers integrated in the four retractable umbrellas that cover the square.<\/p>\n<p style=\"margin: 10px 0;\">Admission is free.<\/p>\n<\/div>\n<div style=\"font-size: 13px; color: #534438; line-height: 20px;\"><\/div>\n<p style=\"font-size: 13px; color: #534438; line-height: 20px;\"><a style=\"color: #cc2979; text-decoration: none;\" href=\"http:\/\/www.data.ie\/?p=2538\">http:\/\/www.data.ie\/?p=2538<\/a><\/p>\n<\/td>\n<td valign=\"top\"><\/td>\n<\/tr>\n<\/tbody>\n<\/table>\n<\/td>\n<\/tr>\n<\/tbody>\n<\/table>\n<\/td>\n<\/tr>\n<\/tbody>\n<\/table>\n<table width=\"100%\" cellspacing=\"0\" cellpadding=\"0\">\n<tbody>\n<tr>\n<td style=\"padding: 10px 30px;\">\n<table width=\"100%\" cellspacing=\"0\" cellpadding=\"0\">\n<tbody>\n<tr>\n<td valign=\"top\" width=\"52\"><img loading=\"lazy\" decoding=\"async\" src=\"http:\/\/dublineventguide.com\/dff\/admin\/images\/categories\/LITERATURE.png\" alt=\"\" width=\"32\" height=\"32\" \/><\/td>\n<td>\n<h2 style=\"font-size: 16px; color: #534438; margin: 0 0 5px; font-weight: normal;\">The Lestrygonian Sessions<\/h2>\n<h3 style=\"font-size: 13px; margin: 0; padding: 0; line-height: 16px; color: #534438;\">19:45, Wed 22 Jul<\/h3>\n<p style=\"font-size: 13px; color: #534438; line-height: 20px; margin: 0; padding-top: 0;\">Red Bank Wine Bar, Duke Street, Dublin 2<\/p>\n<table width=\"100%\" cellspacing=\"0\" cellpadding=\"0\">\n<tbody>\n<tr>\n<td valign=\"top\">\n<div style=\"font-size: 13px; color: #534438; line-height: 20px;\">\n<p style=\"margin: 10px 0;\">This is a spoken word and music event that leaves you confused when you read the description, but I guess you have to experience it to know what it is all about. :-)<\/p>\n<p style=\"margin: 10px 0;\">I get this: The event consists of different readings and music session trying to emulate turn of the century salons. Featuring ukulele music, a wine consultant, lecture on the rise of fairy tales, new short stories, experimental poetry, Beckettian play and more. Hosted by Jona Xhepa\/Chronic Jazz Flan<\/p>\n<p style=\"margin: 10px 0;\">Any questions? Check the Facebook Page to discover MORE questions. ;-)<\/p>\n<\/div>\n<div style=\"font-size: 13px; color: #534438; line-height: 20px;\"><\/div>\n<p style=\"font-size: 13px; color: #534438; line-height: 20px;\"><a style=\"color: #cc2979; text-decoration: none;\" href=\"https:\/\/www.facebook.com\/events\/946473462061352\/\">https:\/\/www.facebook.com\/events\/946473462061352\/<\/a><\/p>\n<\/td>\n<td valign=\"top\"><\/td>\n<\/tr>\n<\/tbody>\n<\/table>\n<\/td>\n<\/tr>\n<\/tbody>\n<\/table>\n<\/td>\n<\/tr>\n<\/tbody>\n<\/table>\n<table width=\"100%\" cellspacing=\"0\" cellpadding=\"0\">\n<tbody>\n<tr>\n<td style=\"padding: 10px 30px;\">\n<table width=\"100%\" cellspacing=\"0\" cellpadding=\"0\">\n<tbody>\n<tr>\n<td valign=\"top\" width=\"52\"><img loading=\"lazy\" decoding=\"async\" src=\"http:\/\/dublineventguide.com\/dff\/admin\/images\/categories\/MUSIC.png\" alt=\"\" width=\"32\" height=\"32\" \/><\/td>\n<td>\n<h2 style=\"font-size: 16px; color: #534438; margin: 0 0 5px; font-weight: normal;\">King Kong Club<\/h2>\n<h3 style=\"font-size: 13px; margin: 0; padding: 0; line-height: 16px; color: #534438;\"><img loading=\"lazy\" decoding=\"async\" style=\"display: inline; float: left;\" src=\"http:\/\/dublineventguide.com\/dff\/admin\/images\/weekly.png\" alt=\"\" width=\"69\" height=\"16\" \/> 20:00, Wed 22 Jul<\/h3>\n<p style=\"font-size: 13px; color: #534438; line-height: 20px; margin: 0; padding-top: 0;\">Mercantile, 28 Dame Street, Dublin 2<\/p>\n<table width=\"100%\" cellspacing=\"0\" cellpadding=\"0\">\n<tbody>\n<tr>\n<td valign=\"top\">\n<div style=\"font-size: 13px; color: #534438; line-height: 20px;\">\n<p style=\"margin: 10px 0;\">The King Kong Club is a weekly music game-show in the Mercantile. Each week 6-7 bands\/solo artists play three songs each. At the end of all the performances a clap-off with the King Kong Club Clap-o-Meter takes place and the winner goes through to a semi-final and it all culminates after six months of competition with The Grand Final, held in front of a panel of celebrity judges.<\/p>\n<p style=\"margin: 10px 0;\">Check the Facebook Page below for the line-up.<\/p>\n<\/div>\n<div style=\"font-size: 13px; color: #534438; line-height: 20px;\"><\/div>\n<p style=\"font-size: 13px; color: #534438; line-height: 20px;\"><a style=\"color: #cc2979; text-decoration: none;\" href=\"https:\/\/www.facebook.com\/TheKingKongClubDublin\">https:\/\/www.facebook.com\/TheKingKongClubDublin<\/a><\/p>\n<\/td>\n<td valign=\"top\"><\/td>\n<\/tr>\n<\/tbody>\n<\/table>\n<\/td>\n<\/tr>\n<\/tbody>\n<\/table>\n<\/td>\n<\/tr>\n<\/tbody>\n<\/table>\n<table width=\"100%\" cellspacing=\"0\" cellpadding=\"0\">\n<tbody>\n<tr>\n<td style=\"padding: 10px 30px;\">\n<table width=\"100%\" cellspacing=\"0\" cellpadding=\"0\">\n<tbody>\n<tr>\n<td valign=\"top\" width=\"52\"><img loading=\"lazy\" decoding=\"async\" src=\"http:\/\/dublineventguide.com\/dff\/admin\/images\/categories\/COMEDY.png\" alt=\"\" width=\"32\" height=\"32\" \/><\/td>\n<td>\n<h2 style=\"font-size: 16px; color: #534438; margin: 0 0 5px; font-weight: normal;\">Anseo Comedy Club<\/h2>\n<h3 style=\"font-size: 13px; margin: 0; padding: 0; line-height: 16px; color: #534438;\"><img loading=\"lazy\" decoding=\"async\" style=\"display: inline; float: left;\" src=\"http:\/\/dublineventguide.com\/dff\/admin\/images\/weekly.png\" alt=\"\" width=\"69\" height=\"16\" \/> 20:30, Wed 22 Jul<\/h3>\n<p style=\"font-size: 13px; color: #534438; line-height: 20px; margin: 0; padding-top: 0;\">Anseo, 18 Camden Street Lower, Dublin 2<\/p>\n<table width=\"100%\" cellspacing=\"0\" cellpadding=\"0\">\n<tbody>\n<tr>\n<td valign=\"top\">\n<div style=\"font-size: 13px; color: #534438; line-height: 20px;\">\n<p style=\"margin: 10px 0;\">The Anseo Comedy Club, run by comedian Aidan Killian, takes place every Wednesday in Anseo (upstairs).<\/p>\n<p style=\"margin: 10px 0;\">Admission is free, donations are welcome.<\/p>\n<\/div>\n<div style=\"font-size: 13px; color: #534438; line-height: 20px;\"><\/div>\n<p style=\"font-size: 13px; color: #534438; line-height: 20px;\"><a style=\"color: #cc2979; text-decoration: none;\" href=\"https:\/\/www.facebook.com\/StandUpComedyClub\">https:\/\/www.facebook.com\/StandUpComedyClub<\/a><\/p>\n<\/td>\n<td valign=\"top\"><\/td>\n<\/tr>\n<\/tbody>\n<\/table>\n<\/td>\n<\/tr>\n<\/tbody>\n<\/table>\n<\/td>\n<\/tr>\n<\/tbody>\n<\/table>\n<table width=\"100%\" cellspacing=\"0\" cellpadding=\"0\">\n<tbody>\n<tr>\n<td style=\"padding: 10px 30px;\">\n<table width=\"100%\" cellspacing=\"0\" cellpadding=\"0\">\n<tbody>\n<tr>\n<td valign=\"top\" width=\"52\"><img loading=\"lazy\" decoding=\"async\" src=\"http:\/\/dublineventguide.com\/dff\/admin\/images\/categories\/MUSIC.png\" alt=\"\" width=\"32\" height=\"32\" \/><\/td>\n<td>\n<h2 style=\"font-size: 16px; color: #534438; margin: 0 0 5px; font-weight: normal;\">The Song Room (open mic)<\/h2>\n<h3 style=\"font-size: 13px; margin: 0; padding: 0; line-height: 16px; color: #534438;\"><img loading=\"lazy\" decoding=\"async\" style=\"display: inline; float: left;\" src=\"http:\/\/dublineventguide.com\/dff\/admin\/images\/weekly.png\" alt=\"\" width=\"69\" height=\"16\" \/> 20:30, Wed 22 Jul<\/h3>\n<p style=\"font-size: 13px; color: #534438; line-height: 20px; margin: 0; padding-top: 0;\">The Globe, 11 South Great George&#8217;s Street, Dublin 2<\/p>\n<table width=\"100%\" cellspacing=\"0\" cellpadding=\"0\">\n<tbody>\n<tr>\n<td valign=\"top\">\n<div style=\"font-size: 13px; color: #534438; line-height: 20px;\">\n<p style=\"margin: 10px 0;\">&#8220;The Song Room&#8221; is another open mic event. It takes place in The Globe in George&#8217;s Street at 20:30 every Wednesday.<\/p>\n<\/div>\n<div style=\"font-size: 13px; color: #534438; line-height: 20px;\"><\/div>\n<p style=\"font-size: 13px; color: #534438; line-height: 20px;\"><a style=\"color: #cc2979; text-decoration: none;\" href=\"http:\/\/www.theglobe.ie\/events\">http:\/\/www.theglobe.ie\/events<\/a><\/p>\n<\/td>\n<td valign=\"top\"><\/td>\n<\/tr>\n<\/tbody>\n<\/table>\n<\/td>\n<\/tr>\n<\/tbody>\n<\/table>\n<\/td>\n<\/tr>\n<\/tbody>\n<\/table>\n<table width=\"100%\" cellspacing=\"0\" cellpadding=\"0\">\n<tbody>\n<tr>\n<td style=\"padding: 10px 30px;\">\n<table width=\"100%\" cellspacing=\"0\" cellpadding=\"0\">\n<tbody>\n<tr>\n<td valign=\"top\" width=\"52\"><img loading=\"lazy\" decoding=\"async\" src=\"http:\/\/dublineventguide.com\/dff\/admin\/images\/categories\/MUSIC.png\" alt=\"\" width=\"32\" height=\"32\" \/><\/td>\n<td>\n<h2 style=\"font-size: 16px; color: #534438; margin: 0 0 5px; font-weight: normal;\">The Zodiac Sessions (open mic)<\/h2>\n<h3 style=\"font-size: 13px; margin: 0; padding: 0; line-height: 16px; color: #534438;\"><img loading=\"lazy\" decoding=\"async\" style=\"display: inline; float: left;\" src=\"http:\/\/dublineventguide.com\/dff\/admin\/images\/weekly.png\" alt=\"\" width=\"69\" height=\"16\" \/> 20:30, Wed 22 Jul<\/h3>\n<p style=\"font-size: 13px; color: #534438; line-height: 20px; margin: 0; padding-top: 0;\">Bruxelles, Harry Street, Dublin 2<\/p>\n<table width=\"100%\" cellspacing=\"0\" cellpadding=\"0\">\n<tbody>\n<tr>\n<td valign=\"top\">\n<div style=\"font-size: 13px; color: #534438; line-height: 20px;\">\n<p style=\"margin: 10px 0;\">&#8220;The Zodiac Sessions&#8221; is a regular open mic event from 20:30 in Bruxelles (between Grafton Street and Westbury Hotel) for unsigned musicians. Admission is free and there is a different line-up every week.<\/p>\n<\/div>\n<div style=\"font-size: 13px; color: #534438; line-height: 20px;\"><\/div>\n<p style=\"font-size: 13px; color: #534438; line-height: 20px;\"><a style=\"color: #cc2979; text-decoration: none;\" href=\"https:\/\/www.facebook.com\/zodiacsessions\">https:\/\/www.facebook.com\/zodiacsessions<\/a><\/p>\n<\/td>\n<td valign=\"top\"><\/td>\n<\/tr>\n<\/tbody>\n<\/table>\n<\/td>\n<\/tr>\n<\/tbody>\n<\/table>\n<\/td>\n<\/tr>\n<\/tbody>\n<\/table>\n<table width=\"100%\" cellspacing=\"0\" cellpadding=\"0\">\n<tbody>\n<tr>\n<td style=\"padding: 10px 30px;\">\n<table width=\"100%\" cellspacing=\"0\" cellpadding=\"0\">\n<tbody>\n<tr>\n<td valign=\"top\" width=\"52\"><img loading=\"lazy\" decoding=\"async\" src=\"http:\/\/dublineventguide.com\/dff\/admin\/images\/categories\/MUSIC.png\" alt=\"\" width=\"32\" height=\"32\" \/><\/td>\n<td>\n<h2 style=\"font-size: 16px; color: #534438; margin: 0 0 5px; font-weight: normal;\">Bad Boy Jake<\/h2>\n<h3 style=\"font-size: 13px; margin: 0; padding: 0; line-height: 16px; color: #534438;\"><img loading=\"lazy\" decoding=\"async\" style=\"display: inline; float: left;\" src=\"http:\/\/dublineventguide.com\/dff\/admin\/images\/weekly.png\" alt=\"\" width=\"69\" height=\"16\" \/> 21:00, Wed 22 Jul<\/h3>\n<p style=\"font-size: 13px; color: #534438; line-height: 20px; margin: 0; padding-top: 0;\">Gypsy Rose Blues &amp; Rock Bar, 5 Aston Quay, Temple Bar, Dublin 2<\/p>\n<table width=\"100%\" cellspacing=\"0\" cellpadding=\"0\">\n<tbody>\n<tr>\n<td valign=\"top\">\n<div style=\"font-size: 13px; color: #534438; line-height: 20px;\">\n<p style=\"margin: 10px 0;\">Bad Boy Jake are every Wednesday in the Gypsy Rose Rock &amp; Blues Bar playing their rock, blues and American.<\/p>\n<\/div>\n<div style=\"font-size: 13px; color: #534438; line-height: 20px;\"><\/div>\n<p style=\"font-size: 13px; color: #534438; line-height: 20px;\"><a style=\"color: #cc2979; text-decoration: none;\" href=\"http:\/\/www.dublinsessions.ie\/gypsy.html\">http:\/\/www.dublinsessions.ie\/gypsy.html<\/a><\/p>\n<\/td>\n<td valign=\"top\"><\/td>\n<\/tr>\n<\/tbody>\n<\/table>\n<\/td>\n<\/tr>\n<\/tbody>\n<\/table>\n<\/td>\n<\/tr>\n<\/tbody>\n<\/table>\n<table width=\"100%\" cellspacing=\"0\" cellpadding=\"0\">\n<tbody>\n<tr>\n<td style=\"padding: 10px 30px;\">\n<table width=\"100%\" cellspacing=\"0\" cellpadding=\"0\">\n<tbody>\n<tr>\n<td valign=\"top\" width=\"52\"><img loading=\"lazy\" decoding=\"async\" src=\"http:\/\/dublineventguide.com\/dff\/admin\/images\/categories\/MUSIC.png\" alt=\"\" width=\"32\" height=\"32\" \/><\/td>\n<td>\n<h2 style=\"font-size: 16px; color: #534438; margin: 0 0 5px; font-weight: normal;\">Los Paradiso &#8211; Gig<\/h2>\n<h3 style=\"font-size: 13px; margin: 0; padding: 0; line-height: 16px; color: #534438;\">21:00, Wed 22 Jul<\/h3>\n<p style=\"font-size: 13px; color: #534438; line-height: 20px; margin: 0; padding-top: 0;\">Leeson Lounge, 148 Upper Leeson Street, Dublin 4<\/p>\n<table width=\"100%\" cellspacing=\"0\" cellpadding=\"0\">\n<tbody>\n<tr>\n<td valign=\"top\">\n<div style=\"font-size: 13px; color: #534438; line-height: 20px;\">\n<p style=\"margin: 10px 0;\">Los Paradiso are playing Rockabilly, Tex Mex, Western Swing, Surf in the Leeson Lounge. Admission is free, but donations are appreciated.<\/p>\n<\/div>\n<div style=\"font-size: 13px; color: #534438; line-height: 20px;\"><\/div>\n<p style=\"font-size: 13px; color: #534438; line-height: 20px;\"><a style=\"color: #cc2979; text-decoration: none;\" href=\"https:\/\/www.facebook.com\/pages\/The-Leeson-Lounge\/114810058553792\">https:\/\/www.facebook.com\/pages\/The-Leeson-Lounge\/114810058553792<\/a><\/p>\n<\/td>\n<td valign=\"top\"><\/td>\n<\/tr>\n<\/tbody>\n<\/table>\n<\/td>\n<\/tr>\n<\/tbody>\n<\/table>\n<\/td>\n<\/tr>\n<\/tbody>\n<\/table>\n<table width=\"100%\" cellspacing=\"0\" cellpadding=\"0\">\n<tbody>\n<tr>\n<td style=\"padding: 10px 30px;\">\n<table width=\"100%\" cellspacing=\"0\" cellpadding=\"0\">\n<tbody>\n<tr>\n<td valign=\"top\" width=\"52\"><img loading=\"lazy\" decoding=\"async\" src=\"http:\/\/dublineventguide.com\/dff\/admin\/images\/categories\/MUSIC.png\" alt=\"\" width=\"32\" height=\"32\" \/><\/td>\n<td>\n<h2 style=\"font-size: 16px; color: #534438; margin: 0 0 5px; font-weight: normal;\">Jazz Pigs &#8211; Gig<\/h2>\n<h3 style=\"font-size: 13px; margin: 0; padding: 0; line-height: 16px; color: #534438;\"><img loading=\"lazy\" decoding=\"async\" style=\"display: inline; float: left;\" src=\"http:\/\/dublineventguide.com\/dff\/admin\/images\/weekly.png\" alt=\"\" width=\"69\" height=\"16\" \/> 21:30, Wed 22 Jul<\/h3>\n<p style=\"font-size: 13px; color: #534438; line-height: 20px; margin: 0; padding-top: 0;\">4 Dame Lane, Dame Lane, Dublin 2<\/p>\n<table width=\"100%\" cellspacing=\"0\" cellpadding=\"0\">\n<tbody>\n<tr>\n<td valign=\"top\">\n<div style=\"font-size: 13px; color: #534438; line-height: 20px;\">\n<p style=\"margin: 10px 0;\">The Jazz Pigs with a classic multi-brass front line play a mix of Lounge, lively sixties Jazz and driving Funk. Every Wednesday downstairs in 4 Dame Lane. Admission is free.<\/p>\n<\/div>\n<div style=\"font-size: 13px; color: #534438; line-height: 20px;\"><\/div>\n<p style=\"font-size: 13px; color: #534438; line-height: 20px;\"><a style=\"color: #cc2979; text-decoration: none;\" href=\"https:\/\/www.facebook.com\/dublinjazzpigs\">https:\/\/www.facebook.com\/dublinjazzpigs<\/a><\/p>\n<\/td>\n<td valign=\"top\"><\/td>\n<\/tr>\n<\/tbody>\n<\/table>\n<\/td>\n<\/tr>\n<\/tbody>\n<\/table>\n<\/td>\n<\/tr>\n<\/tbody>\n<\/table>\n<table width=\"100%\" cellspacing=\"0\" cellpadding=\"0\">\n<tbody>\n<tr>\n<td style=\"padding: 10px 30px;\">\n<table width=\"100%\" cellspacing=\"0\" cellpadding=\"0\">\n<tbody>\n<tr>\n<td valign=\"top\" width=\"52\"><img loading=\"lazy\" decoding=\"async\" src=\"http:\/\/dublineventguide.com\/dff\/admin\/images\/categories\/MUSIC.png\" alt=\"\" width=\"32\" height=\"32\" \/><\/td>\n<td>\n<h2 style=\"font-size: 16px; color: #534438; margin: 0 0 5px; font-weight: normal;\">Trad Session<\/h2>\n<h3 style=\"font-size: 13px; margin: 0; padding: 0; line-height: 16px; color: #534438;\"><img loading=\"lazy\" decoding=\"async\" style=\"display: inline; float: left;\" src=\"http:\/\/dublineventguide.com\/dff\/admin\/images\/weekly.png\" alt=\"\" width=\"69\" height=\"16\" \/> 21:30, Wed 22 Jul<\/h3>\n<p style=\"font-size: 13px; color: #534438; line-height: 20px; margin: 0; padding-top: 0;\">Hedigan&#8217;s (The Brian Boru), 4 Prospect Road, Phibsborough, Dublin 11<\/p>\n<table width=\"100%\" cellspacing=\"0\" cellpadding=\"0\">\n<tbody>\n<tr>\n<td valign=\"top\">\n<div style=\"font-size: 13px; color: #534438; line-height: 20px;\">\n<p style=\"margin: 10px 0;\">Traditional Irish Music Session in Hedigan&#8217;s (The Brian Boru) in Phibsborough from 21:30 every Wednesday. If you play an instrument you are especially welcome (all levels are welcome).<\/p>\n<\/div>\n<div style=\"font-size: 13px; color: #534438; line-height: 20px;\"><\/div>\n<\/td>\n<td valign=\"top\"><\/td>\n<\/tr>\n<\/tbody>\n<\/table>\n<\/td>\n<\/tr>\n<\/tbody>\n<\/table>\n<\/td>\n<\/tr>\n<\/tbody>\n<\/table>\n<table id=\"day_1437606000\" style=\"margin-top: 10px;\" width=\"100%\" cellspacing=\"0\" cellpadding=\"0\">\n<tbody>\n<tr style=\"background-color: #c20162; color: #fff;\">\n<td style=\"padding: 0; line-height: 1; height: 34px; overflow: hidden;\">\n<p style=\"width: 630px; padding-left: 30px; margin: 0; height: 34px; overflow: hidden; line-height: 34px;\"><a name=\"day_1437606000\"><\/a><strong>Thursday <\/strong> 23 Jul<\/p>\n<\/td>\n<td>\n<p style=\"margin: 0; line-height: 34px; padding: 0; font-size: 13px;\"><a style=\"color: #fff; text-decoration: none;\" href=\"#dff_top\">back to top<\/a><\/p>\n<\/td>\n<td>\n<p style=\"margin: 0; padding: 0; font-size: 13px;\"><a style=\"color: #fff; text-decoration: none;\" href=\"#dff_top\"><img loading=\"lazy\" decoding=\"async\" src=\"http:\/\/dublineventguide.com\/dff\/admin\/images\/dividers\/date_toplink.png\" alt=\"Back to top\" width=\"38\" height=\"34\" \/><\/a><\/p>\n<\/td>\n<td width=\"50\"><\/td>\n<\/tr>\n<\/tbody>\n<\/table>\n<table width=\"100%\" cellspacing=\"0\" cellpadding=\"0\">\n<tbody>\n<tr>\n<td style=\"padding: 10px 30px;\">\n<table width=\"100%\" cellspacing=\"0\" cellpadding=\"0\">\n<tbody>\n<tr>\n<td valign=\"top\" width=\"52\"><img loading=\"lazy\" decoding=\"async\" src=\"http:\/\/dublineventguide.com\/dff\/admin\/images\/categories\/ACTIVITY.png\" alt=\"\" width=\"32\" height=\"32\" \/><\/td>\n<td>\n<h2 style=\"font-size: 16px; color: #534438; margin: 0 0 5px; font-weight: normal;\">Grangegorman Military Cemetery &#8211; Tour<\/h2>\n<h3 style=\"font-size: 13px; margin: 0; padding: 0; line-height: 16px; color: #534438;\">11:00, Thu 23 Jul<\/h3>\n<p style=\"font-size: 13px; color: #534438; line-height: 20px; margin: 0; padding-top: 0;\">Grangegorman Cemetery, Blackhorse Avenue, Dublin 7<\/p>\n<table width=\"100%\" cellspacing=\"0\" cellpadding=\"0\">\n<tbody>\n<tr>\n<td valign=\"top\">\n<div style=\"font-size: 13px; color: #534438; line-height: 20px;\">\n<p style=\"margin: 10px 0;\">Every Thursday, a free tour of Grangegorman Military Cemetery on Blackhorse Avenue takes place. Meet inside the Cemetery Gates. Admission is free and everybody is welcome.<\/p>\n<\/div>\n<div style=\"font-size: 13px; color: #534438; line-height: 20px;\"><\/div>\n<p style=\"font-size: 13px; color: #534438; line-height: 20px;\"><a style=\"color: #cc2979; text-decoration: none;\" href=\"http:\/\/www.phoenixpark.ie\/newsevents\/title,24861,en.html\">http:\/\/www.phoenixpark.ie\/newsevents\/title,24861,en.html<\/a><\/p>\n<\/td>\n<td valign=\"top\"><\/td>\n<\/tr>\n<\/tbody>\n<\/table>\n<\/td>\n<\/tr>\n<\/tbody>\n<\/table>\n<\/td>\n<\/tr>\n<\/tbody>\n<\/table>\n<table width=\"100%\" cellspacing=\"0\" cellpadding=\"0\">\n<tbody>\n<tr>\n<td style=\"padding: 10px 30px;\">\n<table width=\"100%\" cellspacing=\"0\" cellpadding=\"0\">\n<tbody>\n<tr>\n<td valign=\"top\" width=\"52\"><img loading=\"lazy\" decoding=\"async\" src=\"http:\/\/dublineventguide.com\/dff\/admin\/images\/categories\/TALKS.png\" alt=\"\" width=\"32\" height=\"32\" \/><\/td>\n<td>\n<h2 style=\"font-size: 16px; color: #534438; margin: 0 0 5px; font-weight: normal;\">National Gallery Talks<\/h2>\n<h3 style=\"font-size: 13px; margin: 0; padding: 0; line-height: 16px; color: #534438;\"><img loading=\"lazy\" decoding=\"async\" style=\"display: inline; float: left;\" src=\"http:\/\/dublineventguide.com\/dff\/admin\/images\/weekly.png\" alt=\"\" width=\"69\" height=\"16\" \/> 11:30 &#8211; 16:50, Thu 23 Jul<\/h3>\n<p style=\"font-size: 13px; color: #534438; line-height: 20px; margin: 0; padding-top: 0;\">National Gallery, Clare Street, Dublin 2<\/p>\n<table width=\"100%\" cellspacing=\"0\" cellpadding=\"0\">\n<tbody>\n<tr>\n<td valign=\"top\">\n<div style=\"font-size: 13px; color: #534438; line-height: 20px;\">\n<p style=\"margin: 10px 0;\">The National Gallery has an extensive programme of free talks, public tours and Art Documentary screenings focusing on highlights of the European and Irish Collection every day of the week. Check their website for details.<\/p>\n<\/div>\n<div style=\"font-size: 13px; color: #534438; line-height: 20px;\"><\/div>\n<p style=\"font-size: 13px; color: #534438; line-height: 20px;\"><a style=\"color: #cc2979; text-decoration: none;\" href=\"http:\/\/nationalgallery.ie\/whatson\">http:\/\/nationalgallery.ie\/whatson<\/a><\/p>\n<\/td>\n<td valign=\"top\"><\/td>\n<\/tr>\n<\/tbody>\n<\/table>\n<\/td>\n<\/tr>\n<\/tbody>\n<\/table>\n<\/td>\n<\/tr>\n<\/tbody>\n<\/table>\n<table width=\"100%\" cellspacing=\"0\" cellpadding=\"0\">\n<tbody>\n<tr>\n<td style=\"padding: 10px 30px;\">\n<table width=\"100%\" cellspacing=\"0\" cellpadding=\"0\">\n<tbody>\n<tr>\n<td valign=\"top\" width=\"52\"><img loading=\"lazy\" decoding=\"async\" src=\"http:\/\/dublineventguide.com\/dff\/admin\/images\/categories\/KIDS.png\" alt=\"\" width=\"32\" height=\"32\" \/><\/td>\n<td>\n<h2 style=\"font-size: 16px; color: #534438; margin: 0 0 5px; font-weight: normal;\">Picture This! &#8211; Children&#8217;s Art Programme<\/h2>\n<h3 style=\"font-size: 13px; margin: 0; padding: 0; line-height: 16px; color: #534438;\">11:30, Thu 23 Jul<\/h3>\n<p style=\"font-size: 13px; color: #534438; line-height: 20px; margin: 0; padding-top: 0;\">Central Library, Ilac Shopping Centre, Henry Street, Dublin 1<\/p>\n<table width=\"100%\" cellspacing=\"0\" cellpadding=\"0\">\n<tbody>\n<tr>\n<td valign=\"top\">\n<div style=\"font-size: 13px; color: #534438; line-height: 20px;\">\n<p style=\"margin: 10px 0;\">Theatre Lovett present Picture This! in three Libraries on 22\/23 and 24 July.<\/p>\n<p style=\"margin: 10px 0;\">Actor Louis Lovett will create sounds and images out of thin air. Come to Ballyfermot, Coolock and the Central Library when Louis Lovett explains his art of making pictures on stage.<\/p>\n<p style=\"margin: 10px 0;\">Children\u2019s Art in Libraries Programme is an initiative of Dublin City Council\u2019s Arts Office, in association with Dublin City Public Libraries. The events are free and are suitable for ages 7 years+. Booking is required at the respective library:<\/p>\n<p>Coolock Library on Wednesday 22 July at 12:15 and 14:15 (Book via 01 8477781)<br \/>\nCentral Library on Thursday 23 July at 11:45 and 14:30 (Book via 01 8734333)<br \/>\nBallyfermot Library on Friday 24 July at 12:00 (Book via 01 6269324)<\/p>\n<\/div>\n<div style=\"font-size: 13px; color: #534438; line-height: 20px;\"><\/div>\n<p style=\"font-size: 13px; color: #534438; line-height: 20px;\"><a style=\"color: #cc2979; text-decoration: none;\" href=\"http:\/\/www.dublincity.ie\/main-menu-services-culture-dublin-city-public-libraries-and-archive-events\/picture\">http:\/\/www.dublincity.ie\/main-menu-services-culture-dublin-city-public-libraries-and-archive-events\/picture<\/a><\/p>\n<\/td>\n<td valign=\"top\"><\/td>\n<\/tr>\n<\/tbody>\n<\/table>\n<\/td>\n<\/tr>\n<\/tbody>\n<\/table>\n<\/td>\n<\/tr>\n<\/tbody>\n<\/table>\n<table width=\"100%\" cellspacing=\"0\" cellpadding=\"0\">\n<tbody>\n<tr>\n<td style=\"padding: 10px 30px;\">\n<table width=\"100%\" cellspacing=\"0\" cellpadding=\"0\">\n<tbody>\n<tr>\n<td valign=\"top\" width=\"52\"><img loading=\"lazy\" decoding=\"async\" src=\"http:\/\/dublineventguide.com\/dff\/admin\/images\/categories\/MARKETS.png\" alt=\"\" width=\"32\" height=\"32\" \/><\/td>\n<td>\n<h2 style=\"font-size: 16px; color: #534438; margin: 0 0 5px; font-weight: normal;\">The Green Door Market<\/h2>\n<h3 style=\"font-size: 13px; margin: 0; padding: 0; line-height: 16px; color: #534438;\"><img loading=\"lazy\" decoding=\"async\" style=\"display: inline; float: left;\" src=\"http:\/\/dublineventguide.com\/dff\/admin\/images\/weekly.png\" alt=\"\" width=\"69\" height=\"16\" \/> 12:00 &#8211; 16:00, Thu 23 Jul<\/h3>\n<p style=\"font-size: 13px; color: #534438; line-height: 20px; margin: 0; padding-top: 0;\">18 Newmarket, Dublin 8<\/p>\n<table width=\"100%\" cellspacing=\"0\" cellpadding=\"0\">\n<tbody>\n<tr>\n<td valign=\"top\">\n<div style=\"font-size: 13px; color: #534438; line-height: 20px;\">\n<p style=\"margin: 10px 0;\">The Green Door Market is a new indoor food\/Farmer&#8217;s Market that takes place just a few doors down from the Dublin Food Co-op at Newmarket in Dublin 8. Admission is free.<\/p>\n<p style=\"margin: 10px 0;\">Opening hours are Thu-Fri 12:00-19:00 and Sat 09:30-16:00.<\/p>\n<\/div>\n<div style=\"font-size: 13px; color: #534438; line-height: 20px;\"><\/div>\n<p style=\"font-size: 13px; color: #534438; line-height: 20px;\"><a style=\"color: #cc2979; text-decoration: none;\" href=\"https:\/\/www.facebook.com\/thegreendoordublin\">https:\/\/www.facebook.com\/thegreendoordublin<\/a><\/p>\n<\/td>\n<td valign=\"top\"><\/td>\n<\/tr>\n<\/tbody>\n<\/table>\n<\/td>\n<\/tr>\n<\/tbody>\n<\/table>\n<\/td>\n<\/tr>\n<\/tbody>\n<\/table>\n<table width=\"100%\" cellspacing=\"0\" cellpadding=\"0\">\n<tbody>\n<tr>\n<td style=\"padding: 10px 30px;\">\n<table width=\"100%\" cellspacing=\"0\" cellpadding=\"0\">\n<tbody>\n<tr>\n<td valign=\"top\" width=\"52\"><img loading=\"lazy\" decoding=\"async\" src=\"http:\/\/dublineventguide.com\/dff\/admin\/images\/categories\/TALKS.png\" alt=\"\" width=\"32\" height=\"32\" \/><\/td>\n<td>\n<h2 style=\"font-size: 16px; color: #534438; margin: 0 0 5px; font-weight: normal;\">185th Annual Exhibition Lunchtime Talk<\/h2>\n<h3 style=\"font-size: 13px; margin: 0; padding: 0; line-height: 16px; color: #534438;\">13:00, Thu 23 Jul<\/h3>\n<p style=\"font-size: 13px; color: #534438; line-height: 20px; margin: 0; padding-top: 0;\">RHA Gallery, Ely Place, Dublin 2<\/p>\n<table width=\"100%\" cellspacing=\"0\" cellpadding=\"0\">\n<tbody>\n<tr>\n<td valign=\"top\">\n<div style=\"font-size: 13px; color: #534438; line-height: 20px;\">\n<p style=\"margin: 10px 0;\">Enjoy a walk and talk of the 185th Annual Exhibition with James English RHA, when he will share his highlights of the show.<\/p>\n<p style=\"margin: 10px 0;\">Admission is free with a suggested donation of EUR 5 into the donation box in the foyer. No booking required.<\/p>\n<\/div>\n<div style=\"font-size: 13px; color: #534438; line-height: 20px;\"><\/div>\n<p style=\"font-size: 13px; color: #534438; line-height: 20px;\"><a style=\"color: #cc2979; text-decoration: none;\" href=\"http:\/\/www.rhagallery.ie\/lectures\/185th-annual-exhibition-lunchtime-talk-9\/\">http:\/\/www.rhagallery.ie\/lectures\/185th-annual-exhibition-lunchtime-talk-9\/<\/a><\/p>\n<\/td>\n<td valign=\"top\"><\/td>\n<\/tr>\n<\/tbody>\n<\/table>\n<\/td>\n<\/tr>\n<\/tbody>\n<\/table>\n<\/td>\n<\/tr>\n<\/tbody>\n<\/table>\n<table width=\"100%\" cellspacing=\"0\" cellpadding=\"0\">\n<tbody>\n<tr>\n<td style=\"padding: 10px 30px;\">\n<table width=\"100%\" cellspacing=\"0\" cellpadding=\"0\">\n<tbody>\n<tr>\n<td valign=\"top\" width=\"52\"><img loading=\"lazy\" decoding=\"async\" src=\"http:\/\/dublineventguide.com\/dff\/admin\/images\/categories\/MUSIC.png\" alt=\"\" width=\"32\" height=\"32\" \/><\/td>\n<td>\n<h2 style=\"font-size: 16px; color: #534438; margin: 0 0 5px; font-weight: normal;\">Paganini to Piazzolla &#8211; Music in the Library<\/h2>\n<h3 style=\"font-size: 13px; margin: 0; padding: 0; line-height: 16px; color: #534438;\">13:00 &#8211; 14:00, Thu 23 Jul<\/h3>\n<p style=\"font-size: 13px; color: #534438; line-height: 20px; margin: 0; padding-top: 0;\">Pearse Street Library, 138-144 Pearse Street, Dublin 2<\/p>\n<table width=\"100%\" cellspacing=\"0\" cellpadding=\"0\">\n<tbody>\n<tr>\n<td valign=\"top\">\n<div style=\"font-size: 13px; color: #534438; line-height: 20px;\">\n<p style=\"margin: 10px 0;\">Music in Pearse Street Library will bring &#8220;Paganini to Piazzolla&#8221; with David Tobin on violin and Morgan Buckley on guitar to the library.<\/p>\n<p style=\"margin: 10px 0;\">Admission is free. Booking is recommended via 01 6744888 or pearsestreetlibrary@dublincity.ie<\/p>\n<\/div>\n<div style=\"font-size: 13px; color: #534438; line-height: 20px;\"><\/div>\n<p style=\"font-size: 13px; color: #534438; line-height: 20px;\"><a style=\"color: #cc2979; text-decoration: none;\" href=\"http:\/\/www.dublincity.ie\/main-menu-services-culture-dublin-city-public-libraries-and-archive-events\/music-pearse-street\">http:\/\/www.dublincity.ie\/main-menu-services-culture-dublin-city-public-libraries-and-archive-events\/music-pearse-street<\/a><\/p>\n<\/td>\n<td valign=\"top\"><\/td>\n<\/tr>\n<\/tbody>\n<\/table>\n<\/td>\n<\/tr>\n<\/tbody>\n<\/table>\n<\/td>\n<\/tr>\n<\/tbody>\n<\/table>\n<table width=\"100%\" cellspacing=\"0\" cellpadding=\"0\">\n<tbody>\n<tr>\n<td style=\"padding: 10px 30px;\">\n<table width=\"100%\" cellspacing=\"0\" cellpadding=\"0\">\n<tbody>\n<tr>\n<td valign=\"top\" width=\"52\"><img loading=\"lazy\" decoding=\"async\" src=\"http:\/\/dublineventguide.com\/dff\/admin\/images\/categories\/ACTIVITY.png\" alt=\"\" width=\"32\" height=\"32\" \/><\/td>\n<td>\n<h2 style=\"font-size: 16px; color: #534438; margin: 0 0 5px; font-weight: normal;\">Support the Dublin Event Guide &#8211; Buy your books here!<\/h2>\n<h3 style=\"font-size: 13px; margin: 0; padding: 0; line-height: 16px; color: #534438;\">13:00, Thu 23 Jul<\/h3>\n<p style=\"font-size: 13px; color: #534438; line-height: 20px; margin: 0; padding-top: 0;\">Dublin (various locations)<\/p>\n<table width=\"100%\" cellspacing=\"0\" cellpadding=\"0\">\n<tbody>\n<tr>\n<td valign=\"top\">\n<div style=\"font-size: 13px; color: #534438; line-height: 20px;\">\n<p style=\"text-align: justify;\"><a href=\"http:\/\/www.bookdepository.com?a_aid=dubevg&amp;a_bid=ba35a05b\" target=\"_blank\"><img loading=\"lazy\" decoding=\"async\" style=\"float: left; margin: 4px;\" title=\"Free Delivery on all Books at the Book Depository\" src=\"http:\/\/banners1.bookdepository.com\/accounts\/default1\/banners\/P_Generic_125x125.gif\" alt=\"Free Delivery on all Books at the Book Depository\" width=\"125\" height=\"125\" \/><\/a><img loading=\"lazy\" decoding=\"async\" style=\"border: 0;\" src=\"https:\/\/affiliates.bookdepository.com\/scripts\/imp.php?a_aid=dubevg&amp;a_bid=ba35a05b\" alt=\"\" width=\"1\" height=\"1\" \/><\/p>\n<p style=\"text-align: left;\">If you regularly or occasionally buy books online, you can help the Dublin Event Guide hugely even without having to pay cent directly. In fact you even save money this way:<\/p>\n<p style=\"margin: 10px 0;\">Buy your books from The Book Depository and get better prices and free (!!) delivery for all orders independent from the volume and when you click on the picture here before you buy, then 5% of what normally The Book Depository would get, they give back to the Dublin Event Guide. Everybody wins!<\/p>\n<p><a style=\"color: #cc2979; text-decoration: none;\" href=\"http:\/\/www.bookdepository.com?a_aid=dubevg\">http:\/\/www.bookdepository.com?a_aid=dubevg<\/a><\/p>\n<p>If you prefer Amazon to buy your books (for free postage you need to order a minimum of GBP 25), then use this <a style=\"color: #cc2979; text-decoration: none;\" href=\"http:\/\/www.amazon.co.uk\/?tag=dubevg-21\" target=\"_blank\">Amazon link<\/a> to help the Dublin Event Guide. Thanks!<\/p>\n<\/div>\n<div style=\"font-size: 13px; color: #534438; line-height: 20px;\"><\/div>\n<\/td>\n<td valign=\"top\"><\/td>\n<\/tr>\n<\/tbody>\n<\/table>\n<\/td>\n<\/tr>\n<\/tbody>\n<\/table>\n<\/td>\n<\/tr>\n<\/tbody>\n<\/table>\n<table width=\"100%\" cellspacing=\"0\" cellpadding=\"0\">\n<tbody>\n<tr>\n<td style=\"padding: 10px 30px;\">\n<table width=\"100%\" cellspacing=\"0\" cellpadding=\"0\">\n<tbody>\n<tr>\n<td valign=\"top\" width=\"52\"><img loading=\"lazy\" decoding=\"async\" src=\"http:\/\/dublineventguide.com\/dff\/admin\/images\/categories\/MUSIC.png\" alt=\"\" width=\"32\" height=\"32\" \/><\/td>\n<td>\n<h2 style=\"font-size: 16px; color: #534438; margin: 0 0 5px; font-weight: normal;\">Wood Quay Summer Sessions<\/h2>\n<h3 style=\"font-size: 13px; margin: 0; padding: 0; line-height: 16px; color: #534438;\">13:00 &#8211; 14:00, Thu 23 Jul<\/h3>\n<p style=\"font-size: 13px; color: #534438; line-height: 20px; margin: 0; padding-top: 0;\">Amphitheatre, Dublin City Civic Offices, Wood Quay, Dublin 8<\/p>\n<table width=\"100%\" cellspacing=\"0\" cellpadding=\"0\">\n<tbody>\n<tr>\n<td valign=\"top\">\n<div style=\"font-size: 13px; color: #534438; line-height: 20px;\">\n<p style=\"margin: 10px 0;\">The Wood Quay Summer Sessions, five 1-hour long open air gigs, will take place for the first time this year.<\/p>\n<p style=\"margin: 10px 0;\">Throughout July, Dublin City is inviting to this lunchtime event every Thursday at the outdoors &#8220;Amphitheatre&#8221; between Christ Church and the Dublin Civic Offices.<\/p>\n<p>The line-up for the remaining weeks is:<\/p>\n<p>+ 23 July: O Sister \/\/ Bunoscionn<br \/>\n+ 30 July: Elephant \/\/ The Flaws<\/p>\n<p style=\"margin: 10px 0;\">Admission is free.<\/p>\n<\/div>\n<div style=\"font-size: 13px; color: #534438; line-height: 20px;\"><\/div>\n<p style=\"font-size: 13px; color: #534438; line-height: 20px;\"><a style=\"color: #cc2979; text-decoration: none;\" href=\"https:\/\/www.facebook.com\/WoodQuaySummerSessions2015\">https:\/\/www.facebook.com\/WoodQuaySummerSessions2015<\/a><\/p>\n<\/td>\n<td valign=\"top\"><\/td>\n<\/tr>\n<\/tbody>\n<\/table>\n<\/td>\n<\/tr>\n<\/tbody>\n<\/table>\n<\/td>\n<\/tr>\n<\/tbody>\n<\/table>\n<table width=\"100%\" cellspacing=\"0\" cellpadding=\"0\">\n<tbody>\n<tr>\n<td style=\"padding: 10px 30px;\">\n<table width=\"100%\" cellspacing=\"0\" cellpadding=\"0\">\n<tbody>\n<tr>\n<td valign=\"top\" width=\"52\"><img loading=\"lazy\" decoding=\"async\" src=\"http:\/\/dublineventguide.com\/dff\/admin\/images\/categories\/KIDS.png\" alt=\"\" width=\"32\" height=\"32\" \/><\/td>\n<td>\n<h2 style=\"font-size: 16px; color: #534438; margin: 0 0 5px; font-weight: normal;\">Musical Journeys with Sofia Arteaga<\/h2>\n<h3 style=\"font-size: 13px; margin: 0; padding: 0; line-height: 16px; color: #534438;\">14:30, Thu 23 Jul<\/h3>\n<p style=\"font-size: 13px; color: #534438; line-height: 20px; margin: 0; padding-top: 0;\">Walkinstown Library, Percy French Road, Walkinstown, Dublin 12<\/p>\n<table width=\"100%\" cellspacing=\"0\" cellpadding=\"0\">\n<tbody>\n<tr>\n<td valign=\"top\">\n<div style=\"font-size: 13px; color: #534438; line-height: 20px;\">\n<p style=\"margin: 10px 0;\">Come on a Musical Journey around the world, with singing, movement, listening and playing instruments. Suitable for children aged 7+. Admission is free but booking is required.<\/p>\n<p>Charleville Mall Library: Tue 21 July at 15:00 (Book via 01 8749619)<br \/>\nWalkinstown Library on Thurs 23 July at 14:30 (Book via 01 4558159)<\/p>\n<\/div>\n<div style=\"font-size: 13px; color: #534438; line-height: 20px;\"><\/div>\n<p style=\"font-size: 13px; color: #534438; line-height: 20px;\"><a style=\"color: #cc2979; text-decoration: none;\" href=\"http:\/\/www.dublincity.ie\/main-menu-services-culture-dublin-city-public-libraries-and-archive-events\/musical-journeys-sofia\">http:\/\/www.dublincity.ie\/main-menu-services-culture-dublin-city-public-libraries-and-archive-events\/musical-journeys-sofia<\/a><\/p>\n<\/td>\n<td valign=\"top\"><\/td>\n<\/tr>\n<\/tbody>\n<\/table>\n<\/td>\n<\/tr>\n<\/tbody>\n<\/table>\n<\/td>\n<\/tr>\n<\/tbody>\n<\/table>\n<table width=\"100%\" cellspacing=\"0\" cellpadding=\"0\">\n<tbody>\n<tr>\n<td style=\"padding: 10px 30px;\">\n<table width=\"100%\" cellspacing=\"0\" cellpadding=\"0\">\n<tbody>\n<tr>\n<td valign=\"top\" width=\"52\"><img loading=\"lazy\" decoding=\"async\" src=\"http:\/\/dublineventguide.com\/dff\/admin\/images\/categories\/ACTIVITY.png\" alt=\"\" width=\"32\" height=\"32\" \/><\/td>\n<td>\n<h2 style=\"font-size: 16px; color: #534438; margin: 0 0 5px; font-weight: normal;\">Patchwork &#8211; Adult Beginners Workshop<\/h2>\n<h3 style=\"font-size: 13px; margin: 0; padding: 0; line-height: 16px; color: #534438;\">15:00, Thu 23 Jul<\/h3>\n<p style=\"font-size: 13px; color: #534438; line-height: 20px; margin: 0; padding-top: 0;\">National Botanic Gardens, Botanic Road, Glasnevin, Dublin 9<\/p>\n<table width=\"100%\" cellspacing=\"0\" cellpadding=\"0\">\n<tbody>\n<tr>\n<td valign=\"top\">\n<div style=\"font-size: 13px; color: #534438; line-height: 20px;\">\n<p style=\"margin: 10px 0;\">Every Thursday in July (09, 16, 23 + 30 July) the Irish Patchwork Society is running a beginners workshop for adults.<\/p>\n<p style=\"margin: 10px 0;\">You will learn simple patchwork techniques and will have the opportunity to work on a small piece of handwork.<\/p>\n<p style=\"margin: 10px 0;\">Admission is free, booking is required via 01 804 0300.<\/p>\n<p style=\"margin: 10px 0;\">Until 03 August there is also a Patchwork exhibition in the National Botanic Gardens. It is called &#8220;Hands across the Border&#8221; and is a co-operation between the Northern Ireland Patchwork Guild and the Irish Patchwork Society. Admission is free.<\/p>\n<\/div>\n<div style=\"font-size: 13px; color: #534438; line-height: 20px;\"><\/div>\n<p style=\"font-size: 13px; color: #534438; line-height: 20px;\"><a style=\"color: #cc2979; text-decoration: none;\" href=\"http:\/\/www.botanicgardens.ie\/news\/events.htm\">http:\/\/www.botanicgardens.ie\/news\/events.htm<\/a><\/p>\n<\/td>\n<td valign=\"top\"><\/td>\n<\/tr>\n<\/tbody>\n<\/table>\n<\/td>\n<\/tr>\n<\/tbody>\n<\/table>\n<\/td>\n<\/tr>\n<\/tbody>\n<\/table>\n<table width=\"100%\" cellspacing=\"0\" cellpadding=\"0\">\n<tbody>\n<tr>\n<td style=\"padding: 10px 30px;\">\n<table width=\"100%\" cellspacing=\"0\" cellpadding=\"0\">\n<tbody>\n<tr>\n<td valign=\"top\" width=\"52\"><img loading=\"lazy\" decoding=\"async\" src=\"http:\/\/dublineventguide.com\/dff\/admin\/images\/categories\/LITERATURE.png\" alt=\"\" width=\"32\" height=\"32\" \/><\/td>\n<td>\n<h2 style=\"font-size: 16px; color: #534438; margin: 0 0 5px; font-weight: normal;\">Putney Student Travel Reading<\/h2>\n<h3 style=\"font-size: 13px; margin: 0; padding: 0; line-height: 16px; color: #534438;\">17:00 &#8211; 19:00, Thu 23 Jul<\/h3>\n<p style=\"font-size: 13px; color: #534438; line-height: 20px; margin: 0; padding-top: 0;\">Irish Writers&#8217; Centre, 19 Parnell Square North, Dublin 1<\/p>\n<table width=\"100%\" cellspacing=\"0\" cellpadding=\"0\">\n<tbody>\n<tr>\n<td valign=\"top\">\n<div style=\"font-size: 13px; color: #534438; line-height: 20px;\">\n<p style=\"margin: 10px 0;\">This will be an open reading of work by the Putney Student Writers group.<\/p>\n<p style=\"margin: 10px 0;\">Secondary students from across the United States offer a final reading at the end of a two-week intensive travel writing workshop and everyone is invited to this poetry and prose reading inspired and informed by their travels in Dublin City and the Connemara coast.<\/p>\n<p style=\"margin: 10px 0;\">Admission is free.<\/p>\n<\/div>\n<div style=\"font-size: 13px; color: #534438; line-height: 20px;\"><\/div>\n<p style=\"font-size: 13px; color: #534438; line-height: 20px;\"><a style=\"color: #cc2979; text-decoration: none;\" href=\"http:\/\/irishwriterscentre.ie\/collections\/whats-on-at-the-centre\/products\/putney-student-travel-reading\">http:\/\/irishwriterscentre.ie\/collections\/whats-on-at-the-centre\/products\/putney-student-travel-reading<\/a><\/p>\n<\/td>\n<td valign=\"top\"><\/td>\n<\/tr>\n<\/tbody>\n<\/table>\n<\/td>\n<\/tr>\n<\/tbody>\n<\/table>\n<\/td>\n<\/tr>\n<\/tbody>\n<\/table>\n<table width=\"100%\" cellspacing=\"0\" cellpadding=\"0\">\n<tbody>\n<tr>\n<td style=\"padding: 10px 30px;\">\n<table width=\"100%\" cellspacing=\"0\" cellpadding=\"0\">\n<tbody>\n<tr>\n<td valign=\"top\" width=\"52\"><img loading=\"lazy\" decoding=\"async\" src=\"http:\/\/dublineventguide.com\/dff\/admin\/images\/categories\/ACTIVITY.png\" alt=\"\" width=\"32\" height=\"32\" \/><\/td>\n<td>\n<h2 style=\"font-size: 16px; color: #534438; margin: 0 0 5px; font-weight: normal;\">Adobe InDesign User Meetup<\/h2>\n<h3 style=\"font-size: 13px; margin: 0; padding: 0; line-height: 16px; color: #534438;\">18:00 &#8211; 20:00, Thu 23 Jul<\/h3>\n<p style=\"font-size: 13px; color: #534438; line-height: 20px; margin: 0; padding-top: 0;\">Toners Pub, 139 Lower Baggot Street, Dublin 2<\/p>\n<table width=\"100%\" cellspacing=\"0\" cellpadding=\"0\">\n<tbody>\n<tr>\n<td valign=\"top\">\n<div style=\"font-size: 13px; color: #534438; line-height: 20px;\">\n<p>This is a Adobe InDesign User Meetup and training. It will cover basic and pro techniques and will look at the new InDesign CC features. The event is organised by InDesign trainer Daniel Walter Scott and will be followed by a social get together afterwards. Admission is free, but registration is required via <a style=\"color: #cc2979; text-decoration: none;\" href=\"http:\/\/www.meetup.com\/Dublin-Adobe-User-Group\">http:\/\/www.meetup.com\/Dublin-Adobe-User-Group<\/a><\/p>\n<\/div>\n<div style=\"font-size: 13px; color: #534438; line-height: 20px;\"><\/div>\n<p style=\"font-size: 13px; color: #534438; line-height: 20px;\"><a style=\"color: #cc2979; text-decoration: none;\" href=\"http:\/\/www.byol.ie\/\">http:\/\/www.byol.ie\/<\/a><\/p>\n<\/td>\n<td valign=\"top\"><\/td>\n<\/tr>\n<\/tbody>\n<\/table>\n<\/td>\n<\/tr>\n<\/tbody>\n<\/table>\n<\/td>\n<\/tr>\n<\/tbody>\n<\/table>\n<table width=\"100%\" cellspacing=\"0\" cellpadding=\"0\">\n<tbody>\n<tr>\n<td style=\"padding: 10px 30px;\">\n<table width=\"100%\" cellspacing=\"0\" cellpadding=\"0\">\n<tbody>\n<tr>\n<td valign=\"top\" width=\"52\"><img loading=\"lazy\" decoding=\"async\" src=\"http:\/\/dublineventguide.com\/dff\/admin\/images\/categories\/DANCE.png\" alt=\"\" width=\"32\" height=\"32\" \/><\/td>\n<td>\n<h2 style=\"font-size: 16px; color: #534438; margin: 0 0 5px; font-weight: normal;\">Brazilian Dance &#8211; Forr\u00f3<\/h2>\n<h3 style=\"font-size: 13px; margin: 0; padding: 0; line-height: 16px; color: #534438;\"><img loading=\"lazy\" decoding=\"async\" style=\"display: inline; float: left;\" src=\"http:\/\/dublineventguide.com\/dff\/admin\/images\/weekly.png\" alt=\"\" width=\"69\" height=\"16\" \/> 18:00, Thu 23 Jul<\/h3>\n<p style=\"font-size: 13px; color: #534438; line-height: 20px; margin: 0; padding-top: 0;\">D-One Bar, 89 Capel Street, Dublin 1<\/p>\n<table width=\"100%\" cellspacing=\"0\" cellpadding=\"0\">\n<tbody>\n<tr>\n<td valign=\"top\">\n<div style=\"font-size: 13px; color: #534438; line-height: 20px;\">\n<p style=\"margin: 10px 0;\">A weekly Forro Night (Brazilian Dance) with a Forro Live Band takes place in the D-One Bar &amp; Brazilian Grill every Thursday.<\/p>\n<p style=\"margin: 10px 0;\">Admission is free.<\/p>\n<\/div>\n<div style=\"font-size: 13px; color: #534438; line-height: 20px;\"><\/div>\n<p style=\"font-size: 13px; color: #534438; line-height: 20px;\"><a style=\"color: #cc2979; text-decoration: none;\" href=\"https:\/\/www.facebook.com\/donebardublin\">https:\/\/www.facebook.com\/donebardublin<\/a><\/p>\n<\/td>\n<td valign=\"top\"><\/td>\n<\/tr>\n<\/tbody>\n<\/table>\n<\/td>\n<\/tr>\n<\/tbody>\n<\/table>\n<\/td>\n<\/tr>\n<\/tbody>\n<\/table>\n<table width=\"100%\" cellspacing=\"0\" cellpadding=\"0\">\n<tbody>\n<tr>\n<td style=\"padding: 10px 30px;\">\n<table width=\"100%\" cellspacing=\"0\" cellpadding=\"0\">\n<tbody>\n<tr>\n<td valign=\"top\" width=\"52\"><img loading=\"lazy\" decoding=\"async\" src=\"http:\/\/dublineventguide.com\/dff\/admin\/images\/categories\/ACTIVITY.png\" alt=\"\" width=\"32\" height=\"32\" \/><\/td>\n<td>\n<h2 style=\"font-size: 16px; color: #534438; margin: 0 0 5px; font-weight: normal;\">Little Museum of Dublin &#8211; Free Admission Thursday<\/h2>\n<h3 style=\"font-size: 13px; margin: 0; padding: 0; line-height: 16px; color: #534438;\">18:00 &#8211; 20:00, Thu 23 Jul<\/h3>\n<p style=\"font-size: 13px; color: #534438; line-height: 20px; margin: 0; padding-top: 0;\">Little Museum of Dublin, 15 St Stephen&#8217;s Green, Dublin 2<\/p>\n<table width=\"100%\" cellspacing=\"0\" cellpadding=\"0\">\n<tbody>\n<tr>\n<td valign=\"top\">\n<div style=\"font-size: 13px; color: #534438; line-height: 20px;\">\n<p style=\"margin: 10px 0;\">On Thursdays from 18:00-20:00, the Little Museum of Dublin waives all admission charges thanks to sponsor Guinness.<\/p>\n<p style=\"margin: 10px 0;\">Visit the museum and find out lots more about Dublin.<\/p>\n<\/div>\n<div style=\"font-size: 13px; color: #534438; line-height: 20px;\"><\/div>\n<p style=\"font-size: 13px; color: #534438; line-height: 20px;\"><a style=\"color: #cc2979; text-decoration: none;\" href=\"http:\/\/www.littlemuseum.ie\/\">http:\/\/www.littlemuseum.ie\/<\/a><\/p>\n<\/td>\n<td valign=\"top\"><\/td>\n<\/tr>\n<\/tbody>\n<\/table>\n<\/td>\n<\/tr>\n<\/tbody>\n<\/table>\n<\/td>\n<\/tr>\n<\/tbody>\n<\/table>\n<table width=\"100%\" cellspacing=\"0\" cellpadding=\"0\">\n<tbody>\n<tr>\n<td style=\"padding: 10px 30px;\">\n<table width=\"100%\" cellspacing=\"0\" cellpadding=\"0\">\n<tbody>\n<tr>\n<td valign=\"top\" width=\"52\"><img loading=\"lazy\" decoding=\"async\" src=\"http:\/\/dublineventguide.com\/dff\/admin\/images\/categories\/FILM.png\" alt=\"\" width=\"32\" height=\"32\" \/><\/td>\n<td>\n<h2 style=\"font-size: 16px; color: #534438; margin: 0 0 5px; font-weight: normal;\">Spanish Film Screening: La plaga<\/h2>\n<h3 style=\"font-size: 13px; margin: 0; padding: 0; line-height: 16px; color: #534438;\">18:00, Thu 23 Jul<\/h3>\n<p style=\"font-size: 13px; color: #534438; line-height: 20px; margin: 0; padding-top: 0;\">Instituto Cervantes, Lincoln House, Lincoln Place (near National Gallery), Dublin 2<\/p>\n<table width=\"100%\" cellspacing=\"0\" cellpadding=\"0\">\n<tbody>\n<tr>\n<td valign=\"top\">\n<div style=\"font-size: 13px; color: #534438; line-height: 20px;\">\n<p style=\"margin: 10px 0;\">The Spanish Film &#8220;La plaga \/ The Plague&#8221;, a documentary of seemingly unconnected stories in the ouskirts of Barcelona, will be screened in Spanish with English subtitles.<\/p>\n<p style=\"margin: 10px 0;\">Admission is free.<\/p>\n<\/div>\n<div style=\"font-size: 13px; color: #534438; line-height: 20px;\"><\/div>\n<p style=\"font-size: 13px; color: #534438; line-height: 20px;\"><a style=\"color: #cc2979; text-decoration: none;\" href=\"http:\/\/dublin.cervantes.es\/FichasCultura\/Ficha99681_16_2.htm\">http:\/\/dublin.cervantes.es\/FichasCultura\/Ficha99681_16_2.htm<\/a><\/p>\n<\/td>\n<td valign=\"top\"><\/td>\n<\/tr>\n<\/tbody>\n<\/table>\n<\/td>\n<\/tr>\n<\/tbody>\n<\/table>\n<\/td>\n<\/tr>\n<\/tbody>\n<\/table>\n<table width=\"100%\" cellspacing=\"0\" cellpadding=\"0\">\n<tbody>\n<tr>\n<td style=\"padding: 10px 30px;\">\n<table width=\"100%\" cellspacing=\"0\" cellpadding=\"0\">\n<tbody>\n<tr>\n<td valign=\"top\" width=\"52\"><img loading=\"lazy\" decoding=\"async\" src=\"http:\/\/dublineventguide.com\/dff\/admin\/images\/categories\/MARKETS.png\" alt=\"\" width=\"32\" height=\"32\" \/><\/td>\n<td>\n<h2 style=\"font-size: 16px; color: #534438; margin: 0 0 5px; font-weight: normal;\">Car Boot Sale &#8211; Tallaght<\/h2>\n<h3 style=\"font-size: 13px; margin: 0; padding: 0; line-height: 16px; color: #534438;\"><img loading=\"lazy\" decoding=\"async\" style=\"display: inline; float: left;\" src=\"http:\/\/dublineventguide.com\/dff\/admin\/images\/weekly.png\" alt=\"\" width=\"69\" height=\"16\" \/> 18:30 &#8211; 22:00, Thu 23 Jul<\/h3>\n<p style=\"font-size: 13px; color: #534438; line-height: 20px; margin: 0; padding-top: 0;\">Tallaght Stadium, Whitestown Way, Tallaght, Co. Dublin<\/p>\n<table width=\"100%\" cellspacing=\"0\" cellpadding=\"0\">\n<tbody>\n<tr>\n<td valign=\"top\">\n<div style=\"font-size: 13px; color: #534438; line-height: 20px;\">\n<p style=\"margin: 10px 0;\">In addition to the Saturday Car Boot Sale which starts so early (06:00!!) that you need to be an insomniac or a super early bird, there is now a Thursday evening Car Boot Sale in the same location. It starts at 18:30 and runs until 22:00. Late night car boot shopping. :-) Admission for buyers is free.<\/p>\n<\/div>\n<div style=\"font-size: 13px; color: #534438; line-height: 20px;\"><\/div>\n<p style=\"font-size: 13px; color: #534438; line-height: 20px;\"><a style=\"color: #cc2979; text-decoration: none;\" href=\"https:\/\/www.facebook.com\/irishcarboot\">https:\/\/www.facebook.com\/irishcarboot<\/a><\/p>\n<\/td>\n<td valign=\"top\"><\/td>\n<\/tr>\n<\/tbody>\n<\/table>\n<\/td>\n<\/tr>\n<\/tbody>\n<\/table>\n<\/td>\n<\/tr>\n<\/tbody>\n<\/table>\n<table width=\"100%\" cellspacing=\"0\" cellpadding=\"0\">\n<tbody>\n<tr>\n<td style=\"padding: 10px 30px;\">\n<table width=\"100%\" cellspacing=\"0\" cellpadding=\"0\">\n<tbody>\n<tr>\n<td valign=\"top\" width=\"52\"><img loading=\"lazy\" decoding=\"async\" src=\"http:\/\/dublineventguide.com\/dff\/admin\/images\/categories\/ACTIVITY.png\" alt=\"\" width=\"32\" height=\"32\" \/><\/td>\n<td>\n<h2 style=\"font-size: 16px; color: #534438; margin: 0 0 5px; font-weight: normal;\">&#8220;My Favourites&#8221; &#8211; Dublin City Walking Tour &#8211; Night Walk<\/h2>\n<h3 style=\"font-size: 13px; margin: 0; padding: 0; line-height: 16px; color: #534438;\"><img loading=\"lazy\" decoding=\"async\" style=\"display: inline; float: left;\" src=\"http:\/\/dublineventguide.com\/dff\/admin\/images\/weekly.png\" alt=\"\" width=\"69\" height=\"16\" \/> 19:00 &#8211; 21:00, Thu 23 Jul<\/h3>\n<p style=\"font-size: 13px; color: #534438; line-height: 20px; margin: 0; padding-top: 0;\">Spire, O&#8217;Connell Street, Dublin 1<\/p>\n<table width=\"100%\" cellspacing=\"0\" cellpadding=\"0\">\n<tbody>\n<tr>\n<td valign=\"top\">\n<div style=\"font-size: 13px; color: #534438; line-height: 20px;\">\n<p style=\"margin: 10px 0;\">&#8220;These Are a Few of My Favourite Things&#8221; is the title of a Walking Tour that Emily Gallagher will run next Thursday. It will be an Alternative Arts and Culture Trail and she will bring you to &#8220;Dublin\u2019s Best Cafes, Bars, Markets, Unusual Stores, Galleries, Theatres, Arts Spaces, and more! And hear some tales you\u2019ve never heard before!&#8221;<\/p>\n<p style=\"margin: 10px 0;\">Meeting point is at the Spire. The tours are free but donations are welcome and booking is required via myfavouritesdublincitywalktour@gmail.com or 085-2725095<\/p>\n<\/div>\n<div style=\"font-size: 13px; color: #534438; line-height: 20px;\"><\/div>\n<p style=\"font-size: 13px; color: #534438; line-height: 20px;\"><a style=\"color: #cc2979; text-decoration: none;\" href=\"http:\/\/www.dublincitywalkingtours.com\/\">http:\/\/www.dublincitywalkingtours.com\/<\/a><\/p>\n<\/td>\n<td valign=\"top\"><\/td>\n<\/tr>\n<\/tbody>\n<\/table>\n<\/td>\n<\/tr>\n<\/tbody>\n<\/table>\n<\/td>\n<\/tr>\n<\/tbody>\n<\/table>\n<table width=\"100%\" cellspacing=\"0\" cellpadding=\"0\">\n<tbody>\n<tr>\n<td style=\"padding: 10px 30px;\">\n<table width=\"100%\" cellspacing=\"0\" cellpadding=\"0\">\n<tbody>\n<tr>\n<td valign=\"top\" width=\"52\"><img loading=\"lazy\" decoding=\"async\" src=\"http:\/\/dublineventguide.com\/dff\/admin\/images\/categories\/MUSIC.png\" alt=\"\" width=\"32\" height=\"32\" \/><\/td>\n<td>\n<h2 style=\"font-size: 16px; color: #534438; margin: 0 0 5px; font-weight: normal;\">Blues\/Roots\/Rock\/Soul &#8211; Thursdays at Arthurs &#8211; Gig<\/h2>\n<h3 style=\"font-size: 13px; margin: 0; padding: 0; line-height: 16px; color: #534438;\"><img loading=\"lazy\" decoding=\"async\" style=\"display: inline; float: left;\" src=\"http:\/\/dublineventguide.com\/dff\/admin\/images\/weekly.png\" alt=\"\" width=\"69\" height=\"16\" \/> 19:00, Thu 23 Jul<\/h3>\n<p style=\"font-size: 13px; color: #534438; line-height: 20px; margin: 0; padding-top: 0;\">Arthur&#8217;s Pub, 28 Thomas Street, Dublin 8<\/p>\n<table width=\"100%\" cellspacing=\"0\" cellpadding=\"0\">\n<tbody>\n<tr>\n<td valign=\"top\">\n<div style=\"font-size: 13px; color: #534438; line-height: 20px;\">\n<p style=\"margin: 10px 0;\">A weekly live music gig of the genres Blues\/Roots\/Rock\/Soul will take place in Arthur&#8217;s Pub with weekly changing performers:<\/p>\n<p>+ 1st Thursday: Ben Prevo<br \/>\n+ 2nd Thursday: Declan Kennedy<br \/>\n+ 3rd Thursday: Dermot Byrne<br \/>\n+ 4th Thursday: Mick Pyro<\/p>\n<p style=\"margin: 10px 0;\">Admission is free.<\/p>\n<\/div>\n<div style=\"font-size: 13px; color: #534438; line-height: 20px;\"><\/div>\n<p style=\"font-size: 13px; color: #534438; line-height: 20px;\"><a style=\"color: #cc2979; text-decoration: none;\" href=\"https:\/\/www.facebook.com\/ArthursPub\">https:\/\/www.facebook.com\/ArthursPub<\/a><\/p>\n<\/td>\n<td valign=\"top\"><\/td>\n<\/tr>\n<\/tbody>\n<\/table>\n<\/td>\n<\/tr>\n<\/tbody>\n<\/table>\n<\/td>\n<\/tr>\n<\/tbody>\n<\/table>\n<table width=\"100%\" cellspacing=\"0\" cellpadding=\"0\">\n<tbody>\n<tr>\n<td style=\"padding: 10px 30px;\">\n<table width=\"100%\" cellspacing=\"0\" cellpadding=\"0\">\n<tbody>\n<tr>\n<td valign=\"top\" width=\"52\"><img loading=\"lazy\" decoding=\"async\" src=\"http:\/\/dublineventguide.com\/dff\/admin\/images\/categories\/ACTIVITY.png\" alt=\"\" width=\"32\" height=\"32\" \/><\/td>\n<td>\n<h2 style=\"font-size: 16px; color: #534438; margin: 0 0 5px; font-weight: normal;\">The Xchange &#8211; Language Exchange &amp; Music<\/h2>\n<h3 style=\"font-size: 13px; margin: 0; padding: 0; line-height: 16px; color: #534438;\"><img loading=\"lazy\" decoding=\"async\" style=\"display: inline; float: left;\" src=\"http:\/\/dublineventguide.com\/dff\/admin\/images\/weekly.png\" alt=\"\" width=\"69\" height=\"16\" \/> 19:00, Thu 23 Jul<\/h3>\n<p style=\"font-size: 13px; color: #534438; line-height: 20px; margin: 0; padding-top: 0;\">Slattery&#8217;s Bar, 129 Capel Street, Dublin 1<\/p>\n<table width=\"100%\" cellspacing=\"0\" cellpadding=\"0\">\n<tbody>\n<tr>\n<td valign=\"top\">\n<div style=\"font-size: 13px; color: #534438; line-height: 20px;\">\n<p style=\"margin: 10px 0;\">Every Thursday, the Xchange invites to a Language Exchange (19:00-20:30), followed by live music (21:00-23:30) by up and coming local and international artists.<\/p>\n<p style=\"margin: 10px 0;\">Admission is free before 20:00 and free finger food is provided.<\/p>\n<\/div>\n<div style=\"font-size: 13px; color: #534438; line-height: 20px;\"><\/div>\n<p style=\"font-size: 13px; color: #534438; line-height: 20px;\"><a style=\"color: #cc2979; text-decoration: none;\" href=\"https:\/\/www.facebook.com\/pages\/The-Xchange\/1472043553072435\">https:\/\/www.facebook.com\/pages\/The-Xchange\/1472043553072435<\/a><\/p>\n<\/td>\n<td valign=\"top\"><\/td>\n<\/tr>\n<\/tbody>\n<\/table>\n<\/td>\n<\/tr>\n<\/tbody>\n<\/table>\n<\/td>\n<\/tr>\n<\/tbody>\n<\/table>\n<table width=\"100%\" cellspacing=\"0\" cellpadding=\"0\">\n<tbody>\n<tr>\n<td style=\"padding: 10px 30px;\">\n<table width=\"100%\" cellspacing=\"0\" cellpadding=\"0\">\n<tbody>\n<tr>\n<td valign=\"top\" width=\"52\"><img loading=\"lazy\" decoding=\"async\" src=\"http:\/\/dublineventguide.com\/dff\/admin\/images\/categories\/TALKS.png\" alt=\"\" width=\"32\" height=\"32\" \/><\/td>\n<td>\n<h2 style=\"font-size: 16px; color: #534438; margin: 0 0 5px; font-weight: normal;\">Yemen: A War on Civilians? &#8211; Talk<\/h2>\n<h3 style=\"font-size: 13px; margin: 0; padding: 0; line-height: 16px; color: #534438;\">19:00, Thu 23 Jul<\/h3>\n<p style=\"font-size: 13px; color: #534438; line-height: 20px; margin: 0; padding-top: 0;\">Royal Irish Academy, 19 Dawson Street, Dublin 2<\/p>\n<table width=\"100%\" cellspacing=\"0\" cellpadding=\"0\">\n<tbody>\n<tr>\n<td valign=\"top\">\n<div style=\"font-size: 13px; color: #534438; line-height: 20px;\">\n<p style=\"margin: 10px 0;\">M\u00e9decins Sans Fronti\u00e8res (MSF) are hosting a public talk with Andr\u00e9 Heller Perache, MSF\u2019s Head Of Mission in Yemen, on Thursday.<\/p>\n<p style=\"margin: 10px 0;\">Andr\u00e9 will describe his experience of leading MSF\u2019s emergency response to the under-reported but brutal conflict in Yemen &#8211; where thousands have been injured or killed since March of this year due to relentless airstrikes and shelling. A trade embargo, fuel shortages and water insecurity further cripple the country. MSF has treated more than 4,000 war-wounded patients and has brought in over 105 tonnes of medical aid &#8211; but more must be done for the people of Yemen.<\/p>\n<p>Doors open at 18:30 and the talk will start at 19:00.<br \/>\nAdmission is free, but booking is required via Lucy Kelly at events@dublin.msf.org or on 01-6603337 by 20 July.<\/p>\n<\/div>\n<div style=\"font-size: 13px; color: #534438; line-height: 20px;\"><\/div>\n<p style=\"font-size: 13px; color: #534438; line-height: 20px;\"><a style=\"color: #cc2979; text-decoration: none;\" href=\"http:\/\/www.msf.ie\/event\/yemen-war-civilians \">http:\/\/www.msf.ie\/event\/yemen-war-civilians <\/a><\/p>\n<\/td>\n<td valign=\"top\"><\/td>\n<\/tr>\n<\/tbody>\n<\/table>\n<\/td>\n<\/tr>\n<\/tbody>\n<\/table>\n<\/td>\n<\/tr>\n<\/tbody>\n<\/table>\n<table width=\"100%\" cellspacing=\"0\" cellpadding=\"0\">\n<tbody>\n<tr>\n<td style=\"padding: 10px 30px;\">\n<table width=\"100%\" cellspacing=\"0\" cellpadding=\"0\">\n<tbody>\n<tr>\n<td valign=\"top\" width=\"52\"><img loading=\"lazy\" decoding=\"async\" src=\"http:\/\/dublineventguide.com\/dff\/admin\/images\/categories\/MUSIC.png\" alt=\"\" width=\"32\" height=\"32\" \/><\/td>\n<td>\n<h2 style=\"font-size: 16px; color: #534438; margin: 0 0 5px; font-weight: normal;\">Dimestore Recordings presents<\/h2>\n<h3 style=\"font-size: 13px; margin: 0; padding: 0; line-height: 16px; color: #534438;\"><img loading=\"lazy\" decoding=\"async\" style=\"display: inline; float: left;\" src=\"http:\/\/dublineventguide.com\/dff\/admin\/images\/weekly.png\" alt=\"\" width=\"69\" height=\"16\" \/> 20:00, Thu 23 Jul<\/h3>\n<p style=\"font-size: 13px; color: #534438; line-height: 20px; margin: 0; padding-top: 0;\">Sweeney Mongrel&#8217;s, 32 Dame Street, Dublin 2<\/p>\n<table width=\"100%\" cellspacing=\"0\" cellpadding=\"0\">\n<tbody>\n<tr>\n<td valign=\"top\">\n<div style=\"font-size: 13px; color: #534438; line-height: 20px;\">\n<p style=\"margin: 10px 0;\">Dimestore Recordings run a weekly event in Sweeney Mongrel&#8217;s with a variety of bands and performers. It starts at 20:00, follow the link for the line up.<\/p>\n<\/div>\n<div style=\"font-size: 13px; color: #534438; line-height: 20px;\"><\/div>\n<p style=\"font-size: 13px; color: #534438; line-height: 20px;\"><a style=\"color: #cc2979; text-decoration: none;\" href=\"https:\/\/www.facebook.com\/DimeStoreRecords\">https:\/\/www.facebook.com\/DimeStoreRecords<\/a><\/p>\n<\/td>\n<td valign=\"top\"><\/td>\n<\/tr>\n<\/tbody>\n<\/table>\n<\/td>\n<\/tr>\n<\/tbody>\n<\/table>\n<\/td>\n<\/tr>\n<\/tbody>\n<\/table>\n<table width=\"100%\" cellspacing=\"0\" cellpadding=\"0\">\n<tbody>\n<tr>\n<td style=\"padding: 10px 30px;\">\n<table width=\"100%\" cellspacing=\"0\" cellpadding=\"0\">\n<tbody>\n<tr>\n<td valign=\"top\" width=\"52\"><img loading=\"lazy\" decoding=\"async\" src=\"http:\/\/dublineventguide.com\/dff\/admin\/images\/categories\/MUSIC.png\" alt=\"\" width=\"32\" height=\"32\" \/><\/td>\n<td>\n<h2 style=\"font-size: 16px; color: #534438; margin: 0 0 5px; font-weight: normal;\">Good Name: Slow Riot \/\/ Fonda<\/h2>\n<h3 style=\"font-size: 13px; margin: 0; padding: 0; line-height: 16px; color: #534438;\">20:00, Thu 23 Jul<\/h3>\n<p style=\"font-size: 13px; color: #534438; line-height: 20px; margin: 0; padding-top: 0;\">The Bernard Shaw, 12 Richmond Street South, Dublin 8<\/p>\n<table width=\"100%\" cellspacing=\"0\" cellpadding=\"0\">\n<tbody>\n<tr>\n<td valign=\"top\">\n<div style=\"font-size: 13px; color: #534438; line-height: 20px;\">\n<p style=\"margin: 10px 0;\">Good Name wil feature Limerick bands &#8220;Slow Riot&#8221; and &#8220;Fonda&#8221; in the Bernard Shaw Pub. Admission is free.<\/p>\n<\/div>\n<div style=\"font-size: 13px; color: #534438; line-height: 20px;\"><\/div>\n<p style=\"font-size: 13px; color: #534438; line-height: 20px;\"><a style=\"color: #cc2979; text-decoration: none;\" href=\"http:\/\/bodytonicmusic.com\/events\/good-name-slow-riot-fonda\/\">http:\/\/bodytonicmusic.com\/events\/good-name-slow-riot-fonda\/<\/a><\/p>\n<\/td>\n<td valign=\"top\"><\/td>\n<\/tr>\n<\/tbody>\n<\/table>\n<\/td>\n<\/tr>\n<\/tbody>\n<\/table>\n<\/td>\n<\/tr>\n<\/tbody>\n<\/table>\n<table width=\"100%\" cellspacing=\"0\" cellpadding=\"0\">\n<tbody>\n<tr>\n<td style=\"padding: 10px 30px;\">\n<table width=\"100%\" cellspacing=\"0\" cellpadding=\"0\">\n<tbody>\n<tr>\n<td valign=\"top\" width=\"52\"><img loading=\"lazy\" decoding=\"async\" src=\"http:\/\/dublineventguide.com\/dff\/admin\/images\/categories\/MUSIC.png\" alt=\"\" width=\"32\" height=\"32\" \/><\/td>\n<td>\n<h2 style=\"font-size: 16px; color: #534438; margin: 0 0 5px; font-weight: normal;\">The Shoos &#8211; Gig<\/h2>\n<h3 style=\"font-size: 13px; margin: 0; padding: 0; line-height: 16px; color: #534438;\">20:00, Thu 23 Jul<\/h3>\n<p style=\"font-size: 13px; color: #534438; line-height: 20px; margin: 0; padding-top: 0;\">Harbour Bar, 1 Strand Road, Bray, Co. Wicklow<\/p>\n<table width=\"100%\" cellspacing=\"0\" cellpadding=\"0\">\n<tbody>\n<tr>\n<td valign=\"top\">\n<div style=\"font-size: 13px; color: #534438; line-height: 20px;\">\n<p style=\"margin: 10px 0;\">The Shoos will play soulful Rock &#8216;n&#8217; Roll at this free gig.<\/p>\n<\/div>\n<div style=\"font-size: 13px; color: #534438; line-height: 20px;\"><\/div>\n<p style=\"font-size: 13px; color: #534438; line-height: 20px;\"><a style=\"color: #cc2979; text-decoration: none;\" href=\"http:\/\/www.theharbourbar.ie\/whats-on\/event\/the-shoos-event\">http:\/\/www.theharbourbar.ie\/whats-on\/event\/the-shoos-event<\/a><\/p>\n<\/td>\n<td valign=\"top\"><\/td>\n<\/tr>\n<\/tbody>\n<\/table>\n<\/td>\n<\/tr>\n<\/tbody>\n<\/table>\n<\/td>\n<\/tr>\n<\/tbody>\n<\/table>\n<table width=\"100%\" cellspacing=\"0\" cellpadding=\"0\">\n<tbody>\n<tr>\n<td style=\"padding: 10px 30px;\">\n<table width=\"100%\" cellspacing=\"0\" cellpadding=\"0\">\n<tbody>\n<tr>\n<td valign=\"top\" width=\"52\"><img loading=\"lazy\" decoding=\"async\" src=\"http:\/\/dublineventguide.com\/dff\/admin\/images\/categories\/MUSIC.png\" alt=\"\" width=\"32\" height=\"32\" \/><\/td>\n<td>\n<h2 style=\"font-size: 16px; color: #534438; margin: 0 0 5px; font-weight: normal;\">Singer Songwriter Night &#8211; Mother Reilly&#8217;s<\/h2>\n<h3 style=\"font-size: 13px; margin: 0; padding: 0; line-height: 16px; color: #534438;\"><img loading=\"lazy\" decoding=\"async\" style=\"display: inline; float: left;\" src=\"http:\/\/dublineventguide.com\/dff\/admin\/images\/weekly.png\" alt=\"\" width=\"69\" height=\"16\" \/> 21:00, Thu 23 Jul<\/h3>\n<p style=\"font-size: 13px; color: #534438; line-height: 20px; margin: 0; padding-top: 0;\">Mother Reillys, 26\/28 Upper Rathmines Road, Rathmines, Dublin 6<\/p>\n<table width=\"100%\" cellspacing=\"0\" cellpadding=\"0\">\n<tbody>\n<tr>\n<td valign=\"top\">\n<div style=\"font-size: 13px; color: #534438; line-height: 20px;\">\n<p style=\"margin: 10px 0;\">Every Thursday a Singer Songwriter Night will take place in Mother Reilly&#8217;s in Rathmines. This is YOUR chance to show everyone what you can do, alternatively you can just listen to the talented Singer\/Songwriters. Admission is free.<\/p>\n<\/div>\n<div style=\"font-size: 13px; color: #534438; line-height: 20px;\"><\/div>\n<p style=\"font-size: 13px; color: #534438; line-height: 20px;\"><a style=\"color: #cc2979; text-decoration: none;\" href=\"https:\/\/www.facebook.com\/motherreillysADMIN\">https:\/\/www.facebook.com\/motherreillysADMIN<\/a><\/p>\n<\/td>\n<td valign=\"top\"><\/td>\n<\/tr>\n<\/tbody>\n<\/table>\n<\/td>\n<\/tr>\n<\/tbody>\n<\/table>\n<\/td>\n<\/tr>\n<\/tbody>\n<\/table>\n<table width=\"100%\" cellspacing=\"0\" cellpadding=\"0\">\n<tbody>\n<tr>\n<td style=\"padding: 10px 30px;\">\n<table width=\"100%\" cellspacing=\"0\" cellpadding=\"0\">\n<tbody>\n<tr>\n<td valign=\"top\" width=\"52\"><img loading=\"lazy\" decoding=\"async\" src=\"http:\/\/dublineventguide.com\/dff\/admin\/images\/categories\/ACTIVITY.png\" alt=\"\" width=\"32\" height=\"32\" \/><\/td>\n<td>\n<h2 style=\"font-size: 16px; color: #534438; margin: 0 0 5px; font-weight: normal;\">Brady&#8217;s Fun Pub Quiz<\/h2>\n<h3 style=\"font-size: 13px; margin: 0; padding: 0; line-height: 16px; color: #534438;\"><img loading=\"lazy\" decoding=\"async\" style=\"display: inline; float: left;\" src=\"http:\/\/dublineventguide.com\/dff\/admin\/images\/weekly.png\" alt=\"\" width=\"69\" height=\"16\" \/> 21:30, Thu 23 Jul<\/h3>\n<p style=\"font-size: 13px; color: #534438; line-height: 20px; margin: 0; padding-top: 0;\">Brady&#8217;s Pub, 5 Terenure Place, Terenure, Dublin 6<\/p>\n<table width=\"100%\" cellspacing=\"0\" cellpadding=\"0\">\n<tbody>\n<tr>\n<td valign=\"top\">\n<div style=\"font-size: 13px; color: #534438; line-height: 20px;\">\n<p style=\"margin: 10px 0;\">A Fun Pub Quiz takes place in Brady&#8217;s in Terenure on Thurs. The quiz will be on every Thursday night in the Lounge at Brady&#8217;s. Keith McLoughlin is the Quiz Master.<\/p>\n<p style=\"margin: 10px 0;\">There will be six rounds of the quiz with picture questions, audio questions and general knowledge questions. Admission to the quiz is free and therr will be free drink vouchers for the winning and runner up teams. (No phones to get answers allowed.)<\/p>\n<\/div>\n<div style=\"font-size: 13px; color: #534438; line-height: 20px;\"><\/div>\n<p style=\"font-size: 13px; color: #534438; line-height: 20px;\"><a style=\"color: #cc2979; text-decoration: none;\" href=\"https:\/\/www.facebook.com\/pages\/Bradys-Pub-Terenure\/138965189474826\">https:\/\/www.facebook.com\/pages\/Bradys-Pub-Terenure\/138965189474826<\/a><\/p>\n<\/td>\n<td valign=\"top\"><\/td>\n<\/tr>\n<\/tbody>\n<\/table>\n<\/td>\n<\/tr>\n<\/tbody>\n<\/table>\n<\/td>\n<\/tr>\n<\/tbody>\n<\/table>\n<table width=\"100%\" cellspacing=\"0\" cellpadding=\"0\">\n<tbody>\n<tr>\n<td style=\"padding: 10px 30px;\">\n<table width=\"100%\" cellspacing=\"0\" cellpadding=\"0\">\n<tbody>\n<tr>\n<td valign=\"top\" width=\"52\"><img loading=\"lazy\" decoding=\"async\" src=\"http:\/\/dublineventguide.com\/dff\/admin\/images\/categories\/MUSIC.png\" alt=\"\" width=\"32\" height=\"32\" \/><\/td>\n<td>\n<h2 style=\"font-size: 16px; color: #534438; margin: 0 0 5px; font-weight: normal;\">International Bar Jazz Night<\/h2>\n<h3 style=\"font-size: 13px; margin: 0; padding: 0; line-height: 16px; color: #534438;\"><img loading=\"lazy\" decoding=\"async\" style=\"display: inline; float: left;\" src=\"http:\/\/dublineventguide.com\/dff\/admin\/images\/weekly.png\" alt=\"\" width=\"69\" height=\"16\" \/> 21:30, Thu 23 Jul<\/h3>\n<p style=\"font-size: 13px; color: #534438; line-height: 20px; margin: 0; padding-top: 0;\">The International Bar, 23 Wicklow Street, Dublin 2<\/p>\n<table width=\"100%\" cellspacing=\"0\" cellpadding=\"0\">\n<tbody>\n<tr>\n<td valign=\"top\">\n<div style=\"font-size: 13px; color: #534438; line-height: 20px;\">\n<p style=\"margin: 10px 0;\">Every Tuesday and Thursday the International Bar invites to a Jazz night in the Lounge.<\/p>\n<p style=\"margin: 10px 0;\">Groups led by Cote Calmet, Sean Maynard Smith, Dominic Mullan, Paddy Groenland, Georgia Cusack &amp; Alex Mathias are performing regularly with occasional guest players, but there are also other bands from all over.<\/p>\n<p style=\"margin: 10px 0;\">Admission is free, with a suggested donation of EUR 5. The website clearly says that there is no entry fee, but &#8211; and that makes a lot of sense &#8211; that your donations are very much appreciated (Musicians need to pay for rent and food too!) Be generous after the gig if you liked it, but if someone wants to charge an admission charge, please point out that the &#8220;rules&#8221; as described on their website are like I have explained.<\/p>\n<\/div>\n<div style=\"font-size: 13px; color: #534438; line-height: 20px;\"><\/div>\n<p style=\"font-size: 13px; color: #534438; line-height: 20px;\"><a style=\"color: #cc2979; text-decoration: none;\" href=\"http:\/\/www.international-bar.com\/jazz\/\">http:\/\/www.international-bar.com\/jazz\/<\/a><\/p>\n<\/td>\n<td valign=\"top\"><\/td>\n<\/tr>\n<\/tbody>\n<\/table>\n<\/td>\n<\/tr>\n<\/tbody>\n<\/table>\n<\/td>\n<\/tr>\n<\/tbody>\n<\/table>\n<table width=\"100%\" cellspacing=\"0\" cellpadding=\"0\">\n<tbody>\n<tr>\n<td style=\"padding: 10px 30px;\">\n<table width=\"100%\" cellspacing=\"0\" cellpadding=\"0\">\n<tbody>\n<tr>\n<td valign=\"top\" width=\"52\"><img loading=\"lazy\" decoding=\"async\" src=\"http:\/\/dublineventguide.com\/dff\/admin\/images\/categories\/MUSIC.png\" alt=\"\" width=\"32\" height=\"32\" \/><\/td>\n<td>\n<h2 style=\"font-size: 16px; color: #534438; margin: 0 0 5px; font-weight: normal;\">Left, Right &amp; Centre &#8211; Blues+Soul<\/h2>\n<h3 style=\"font-size: 13px; margin: 0; padding: 0; line-height: 16px; color: #534438;\"><img loading=\"lazy\" decoding=\"async\" style=\"display: inline; float: left;\" src=\"http:\/\/dublineventguide.com\/dff\/admin\/images\/weekly.png\" alt=\"\" width=\"69\" height=\"16\" \/> 21:30, Thu 23 Jul<\/h3>\n<p style=\"font-size: 13px; color: #534438; line-height: 20px; margin: 0; padding-top: 0;\">Frank Ryan&#8217;s Bar, Queen Street, Smithfield, Dublin 7<\/p>\n<table width=\"100%\" cellspacing=\"0\" cellpadding=\"0\">\n<tbody>\n<tr>\n<td valign=\"top\">\n<div style=\"font-size: 13px; color: #534438; line-height: 20px;\">\n<p style=\"margin: 10px 0;\">Every Thursday &#8220;Left Right &amp; Centre&#8221; play a mix of blues &amp; soul with a bit of rock&amp;roll.<\/p>\n<\/div>\n<div style=\"font-size: 13px; color: #534438; line-height: 20px;\"><\/div>\n<p style=\"font-size: 13px; color: #534438; line-height: 20px;\"><a style=\"color: #cc2979; text-decoration: none;\" href=\"http:\/\/www.frankryans.com\">http:\/\/www.frankryans.com<\/a><\/p>\n<\/td>\n<td valign=\"top\"><\/td>\n<\/tr>\n<\/tbody>\n<\/table>\n<\/td>\n<\/tr>\n<\/tbody>\n<\/table>\n<\/td>\n<\/tr>\n<\/tbody>\n<\/table>\n<table width=\"100%\" cellspacing=\"0\" cellpadding=\"0\">\n<tbody>\n<tr>\n<td style=\"padding: 10px 30px;\">\n<table width=\"100%\" cellspacing=\"0\" cellpadding=\"0\">\n<tbody>\n<tr>\n<td valign=\"top\" width=\"52\"><img loading=\"lazy\" decoding=\"async\" src=\"http:\/\/dublineventguide.com\/dff\/admin\/images\/categories\/MUSIC.png\" alt=\"\" width=\"32\" height=\"32\" \/><\/td>\n<td>\n<h2 style=\"font-size: 16px; color: #534438; margin: 0 0 5px; font-weight: normal;\">McNeills Trad Music Pub Sessions<\/h2>\n<h3 style=\"font-size: 13px; margin: 0; padding: 0; line-height: 16px; color: #534438;\"><img loading=\"lazy\" decoding=\"async\" style=\"display: inline; float: left;\" src=\"http:\/\/dublineventguide.com\/dff\/admin\/images\/weekly.png\" alt=\"\" width=\"69\" height=\"16\" \/> 21:30, Thu 23 Jul<\/h3>\n<p style=\"font-size: 13px; color: #534438; line-height: 20px; margin: 0; padding-top: 0;\">J. McNeills, 140 Capel Street, Dublin 7<\/p>\n<table width=\"100%\" cellspacing=\"0\" cellpadding=\"0\">\n<tbody>\n<tr>\n<td valign=\"top\">\n<div style=\"font-size: 13px; color: #534438; line-height: 20px;\">\n<p style=\"margin: 10px 0;\">Every Thursday a free Trad Session takes place in McNeills and often there are high profile Trad musicians performing.<\/p>\n<\/div>\n<div style=\"font-size: 13px; color: #534438; line-height: 20px;\"><\/div>\n<p style=\"font-size: 13px; color: #534438; line-height: 20px;\"><a style=\"color: #cc2979; text-decoration: none;\" href=\"https:\/\/www.facebook.com\/McNeillsPubSessions\">https:\/\/www.facebook.com\/McNeillsPubSessions<\/a><\/p>\n<\/td>\n<td valign=\"top\"><\/td>\n<\/tr>\n<\/tbody>\n<\/table>\n<\/td>\n<\/tr>\n<\/tbody>\n<\/table>\n<\/td>\n<\/tr>\n<\/tbody>\n<\/table>\n<table width=\"100%\" cellspacing=\"0\" cellpadding=\"0\">\n<tbody>\n<tr>\n<td style=\"padding: 10px 30px;\">\n<table width=\"100%\" cellspacing=\"0\" cellpadding=\"0\">\n<tbody>\n<tr>\n<td valign=\"top\" width=\"52\"><img loading=\"lazy\" decoding=\"async\" src=\"http:\/\/dublineventguide.com\/dff\/admin\/images\/categories\/MUSIC.png\" alt=\"\" width=\"32\" height=\"32\" \/><\/td>\n<td>\n<h2 style=\"font-size: 16px; color: #534438; margin: 0 0 5px; font-weight: normal;\">Woolshed Karaoke<\/h2>\n<h3 style=\"font-size: 13px; margin: 0; padding: 0; line-height: 16px; color: #534438;\">21:30, Thu 23 Jul<\/h3>\n<p style=\"font-size: 13px; color: #534438; line-height: 20px; margin: 0; padding-top: 0;\">Woolshed Bar &amp; Grill, Parnell Street, Dublin 1<\/p>\n<table width=\"100%\" cellspacing=\"0\" cellpadding=\"0\">\n<tbody>\n<tr>\n<td valign=\"top\">\n<div style=\"font-size: 13px; color: #534438; line-height: 20px;\">\n<p style=\"margin: 10px 0;\">The Woolshed Karaoke is happening every Thursday from 21:30. Anyone can participate! Admission is free.<\/p>\n<\/div>\n<div style=\"font-size: 13px; color: #534438; line-height: 20px;\"><\/div>\n<p style=\"font-size: 13px; color: #534438; line-height: 20px;\"><a style=\"color: #cc2979; text-decoration: none;\" href=\"http:\/\/www.woolshedbaa.com\/dublin\/\">http:\/\/www.woolshedbaa.com\/dublin\/<\/a><\/p>\n<\/td>\n<td valign=\"top\"><\/td>\n<\/tr>\n<\/tbody>\n<\/table>\n<\/td>\n<\/tr>\n<\/tbody>\n<\/table>\n<\/td>\n<\/tr>\n<\/tbody>\n<\/table>\n<table id=\"day_1437692400\" style=\"margin-top: 10px;\" width=\"100%\" cellspacing=\"0\" cellpadding=\"0\">\n<tbody>\n<tr style=\"background-color: #c20162; color: #fff;\">\n<td style=\"padding: 0; line-height: 1; height: 34px; overflow: hidden;\">\n<p style=\"width: 630px; padding-left: 30px; margin: 0; height: 34px; overflow: hidden; line-height: 34px;\"><a name=\"day_1437692400\"><\/a><strong>Friday <\/strong> 24 Jul<\/p>\n<\/td>\n<td>\n<p style=\"margin: 0; line-height: 34px; padding: 0; font-size: 13px;\"><a style=\"color: #fff; text-decoration: none;\" href=\"#dff_top\">back to top<\/a><\/p>\n<\/td>\n<td>\n<p style=\"margin: 0; padding: 0; font-size: 13px;\"><a style=\"color: #fff; text-decoration: none;\" href=\"#dff_top\"><img loading=\"lazy\" decoding=\"async\" src=\"http:\/\/dublineventguide.com\/dff\/admin\/images\/dividers\/date_toplink.png\" alt=\"Back to top\" width=\"38\" height=\"34\" \/><\/a><\/p>\n<\/td>\n<td width=\"50\"><\/td>\n<\/tr>\n<\/tbody>\n<\/table>\n<table width=\"100%\" cellspacing=\"0\" cellpadding=\"0\">\n<tbody>\n<tr>\n<td style=\"padding: 10px 30px;\">\n<table width=\"100%\" cellspacing=\"0\" cellpadding=\"0\">\n<tbody>\n<tr>\n<td valign=\"top\" width=\"52\"><img loading=\"lazy\" decoding=\"async\" src=\"http:\/\/dublineventguide.com\/dff\/admin\/images\/categories\/TALKS.png\" alt=\"\" width=\"32\" height=\"32\" \/><\/td>\n<td>\n<h2 style=\"font-size: 16px; color: #534438; margin: 0 0 5px; font-weight: normal;\">National Gallery Talks<\/h2>\n<h3 style=\"font-size: 13px; margin: 0; padding: 0; line-height: 16px; color: #534438;\"><img loading=\"lazy\" decoding=\"async\" style=\"display: inline; float: left;\" src=\"http:\/\/dublineventguide.com\/dff\/admin\/images\/weekly.png\" alt=\"\" width=\"69\" height=\"16\" \/> 11:30 &#8211; 16:50, Fri 24 Jul<\/h3>\n<p style=\"font-size: 13px; color: #534438; line-height: 20px; margin: 0; padding-top: 0;\">National Gallery, Clare Street, Dublin 2<\/p>\n<table width=\"100%\" cellspacing=\"0\" cellpadding=\"0\">\n<tbody>\n<tr>\n<td valign=\"top\">\n<div style=\"font-size: 13px; color: #534438; line-height: 20px;\">\n<p style=\"margin: 10px 0;\">The National Gallery has an extensive programme of free talks, public tours and Art Documentary screenings focusing on highlights of the European and Irish Collection every day of the week. Check their website for details.<\/p>\n<\/div>\n<div style=\"font-size: 13px; color: #534438; line-height: 20px;\"><\/div>\n<p style=\"font-size: 13px; color: #534438; line-height: 20px;\"><a style=\"color: #cc2979; text-decoration: none;\" href=\"http:\/\/nationalgallery.ie\/whatson\">http:\/\/nationalgallery.ie\/whatson<\/a><\/p>\n<\/td>\n<td valign=\"top\"><\/td>\n<\/tr>\n<\/tbody>\n<\/table>\n<\/td>\n<\/tr>\n<\/tbody>\n<\/table>\n<\/td>\n<\/tr>\n<\/tbody>\n<\/table>\n<table width=\"100%\" cellspacing=\"0\" cellpadding=\"0\">\n<tbody>\n<tr>\n<td style=\"padding: 10px 30px;\">\n<table width=\"100%\" cellspacing=\"0\" cellpadding=\"0\">\n<tbody>\n<tr>\n<td valign=\"top\" width=\"52\"><img loading=\"lazy\" decoding=\"async\" src=\"http:\/\/dublineventguide.com\/dff\/admin\/images\/categories\/ACTIVITY.png\" alt=\"\" width=\"32\" height=\"32\" \/><\/td>\n<td>\n<h2 style=\"font-size: 16px; color: #534438; margin: 0 0 5px; font-weight: normal;\">The Festival of Curiosity<\/h2>\n<h3 style=\"font-size: 13px; margin: 0; padding: 0; line-height: 16px; color: #534438;\">11:30, Fri 24 Jul<\/h3>\n<p style=\"font-size: 13px; color: #534438; line-height: 20px; margin: 0; padding-top: 0;\">Coach House, Dublin Castle, Dame Street, Dublin 2<\/p>\n<table width=\"100%\" cellspacing=\"0\" cellpadding=\"0\">\n<tbody>\n<tr>\n<td valign=\"top\">\n<div style=\"font-size: 13px; color: #534438; line-height: 20px;\">\n<p style=\"margin: 10px 0;\">The Festival of Curiosity is a brilliant Science &amp; Art Festival in Dublin and I hope you saw it in the Upcoming Events section for the last two weeks, because the event is very very popular and the many (but not enough) free tickets for some of the events go like hot cakes.<\/p>\n<p style=\"margin: 10px 0;\">If you got your tickets in time, all is good, but if you didn&#8217;t, then the news is unfortunately not good: All free tickets are gone! There are still tickets for a few non-free events available and there are also some drop-in activities where you don&#8217;t need tickets.<\/p>\n<p>The full programme is here <a>https:\/\/festivalofcuriosity.ie\/index.php\/programme<\/a><\/p>\n<p style=\"margin: 10px 0;\">The Festival starts on Thursday, but the only free events this week that either don&#8217;t need any tickets or where free tickets are still available are<\/p>\n<p style=\"margin: 10px 0;\">+ Origami Zoo (Fri-Sun 11:30-16:30 in the Coach House, Dublin Castle Gardens). Curious Paper Creations with Akiko Kidokoro.<\/p>\n<p>+ Designing Reality: Creating the environments of the future (Fri 13:00-14:00 in the Coach House, Dublin Castle Gardens).<br \/>\nLunchtime session with Irish Times Journalist Claire O\u2019Connell and Alex Rothera (Artist, Designer &amp; Inventor, previous Disney Imagineer and Founder of Humane Engineering) , Abraham Campbell (UCD and Oculus Rift Researcher) and Hilary O\u2019 Shaughnessy (Pervasive Media Studio and Playable City, Bristol).<br \/>\nAdmission is free, but booking required <a style=\"color: #cc2979; text-decoration: none;\" href=\"http:\/\/festivalofcuriosity.ie\/index.php\/designing-reality-creating-the-environments-of-the-future\/\" target=\"_blank\">here<\/a>.<\/p>\n<\/div>\n<div style=\"font-size: 13px; color: #534438; line-height: 20px;\"><\/div>\n<p style=\"font-size: 13px; color: #534438; line-height: 20px;\"><a style=\"color: #cc2979; text-decoration: none;\" href=\"http:\/\/festivalofcuriosity.ie\/\">http:\/\/festivalofcuriosity.ie\/<\/a><\/p>\n<\/td>\n<td valign=\"top\"><\/td>\n<\/tr>\n<\/tbody>\n<\/table>\n<\/td>\n<\/tr>\n<\/tbody>\n<\/table>\n<\/td>\n<\/tr>\n<\/tbody>\n<\/table>\n<table width=\"100%\" cellspacing=\"0\" cellpadding=\"0\">\n<tbody>\n<tr>\n<td style=\"padding: 10px 30px;\">\n<table width=\"100%\" cellspacing=\"0\" cellpadding=\"0\">\n<tbody>\n<tr>\n<td valign=\"top\" width=\"52\"><img loading=\"lazy\" decoding=\"async\" src=\"http:\/\/dublineventguide.com\/dff\/admin\/images\/categories\/MARKETS.png\" alt=\"\" width=\"32\" height=\"32\" \/><\/td>\n<td>\n<h2 style=\"font-size: 16px; color: #534438; margin: 0 0 5px; font-weight: normal;\">The Green Door Market<\/h2>\n<h3 style=\"font-size: 13px; margin: 0; padding: 0; line-height: 16px; color: #534438;\"><img loading=\"lazy\" decoding=\"async\" style=\"display: inline; float: left;\" src=\"http:\/\/dublineventguide.com\/dff\/admin\/images\/weekly.png\" alt=\"\" width=\"69\" height=\"16\" \/> 12:00 &#8211; 19:00, Fri 24 Jul<\/h3>\n<p style=\"font-size: 13px; color: #534438; line-height: 20px; margin: 0; padding-top: 0;\">18 Newmarket, Dublin 8<\/p>\n<table width=\"100%\" cellspacing=\"0\" cellpadding=\"0\">\n<tbody>\n<tr>\n<td valign=\"top\">\n<div style=\"font-size: 13px; color: #534438; line-height: 20px;\">\n<p style=\"margin: 10px 0;\">The Green Door Market is a new indoor food\/Farmer&#8217;s Market that takes place just a few doors down from the Dublin Food Co-op at Newmarket in Dublin 8. Admission is free.<\/p>\n<p style=\"margin: 10px 0;\">Opening hours are Thu-Fri 12:00-19:00 and Sat 09:30-16:00.<\/p>\n<\/div>\n<div style=\"font-size: 13px; color: #534438; line-height: 20px;\"><\/div>\n<p style=\"font-size: 13px; color: #534438; line-height: 20px;\"><a style=\"color: #cc2979; text-decoration: none;\" href=\"https:\/\/www.facebook.com\/thegreendoordublin\">https:\/\/www.facebook.com\/thegreendoordublin<\/a><\/p>\n<\/td>\n<td valign=\"top\"><\/td>\n<\/tr>\n<\/tbody>\n<\/table>\n<\/td>\n<\/tr>\n<\/tbody>\n<\/table>\n<\/td>\n<\/tr>\n<\/tbody>\n<\/table>\n<table width=\"100%\" cellspacing=\"0\" cellpadding=\"0\">\n<tbody>\n<tr>\n<td style=\"padding: 10px 30px;\">\n<table width=\"100%\" cellspacing=\"0\" cellpadding=\"0\">\n<tbody>\n<tr>\n<td valign=\"top\" width=\"52\"><img loading=\"lazy\" decoding=\"async\" src=\"http:\/\/dublineventguide.com\/dff\/admin\/images\/categories\/TALKS.png\" alt=\"\" width=\"32\" height=\"32\" \/><\/td>\n<td>\n<h2 style=\"font-size: 16px; color: #534438; margin: 0 0 5px; font-weight: normal;\">Lunchtime GalleryTalk: Karla Black<\/h2>\n<h3 style=\"font-size: 13px; margin: 0; padding: 0; line-height: 16px; color: #534438;\">13:15 &#8211; 14:00, Fri 24 Jul<\/h3>\n<p style=\"font-size: 13px; color: #534438; line-height: 20px; margin: 0; padding-top: 0;\">Irish Museum of Modern Art, Royal Hospital Kilmainham, Dublin 8<\/p>\n<table width=\"100%\" cellspacing=\"0\" cellpadding=\"0\">\n<tbody>\n<tr>\n<td valign=\"top\">\n<div style=\"font-size: 13px; color: #534438; line-height: 20px;\">\n<p style=\"margin: 10px 0;\">Rachael Thomas (Head of Exhibitions, IMMA) leads a gallery talk on Karla Black\u2019s sculptural work created for the gallery spaces of IMMA.<\/p>\n<p style=\"margin: 10px 0;\">Admission is free, but booking is required via the website below.<\/p>\n<\/div>\n<div style=\"font-size: 13px; color: #534438; line-height: 20px;\"><\/div>\n<p style=\"font-size: 13px; color: #534438; line-height: 20px;\"><a style=\"color: #cc2979; text-decoration: none;\" href=\"http:\/\/www.imma.ie\/en\/page_236993.htm\">http:\/\/www.imma.ie\/en\/page_236993.htm<\/a><\/p>\n<\/td>\n<td valign=\"top\"><\/td>\n<\/tr>\n<\/tbody>\n<\/table>\n<\/td>\n<\/tr>\n<\/tbody>\n<\/table>\n<\/td>\n<\/tr>\n<\/tbody>\n<\/table>\n<table width=\"100%\" cellspacing=\"0\" cellpadding=\"0\">\n<tbody>\n<tr>\n<td style=\"padding: 10px 30px;\">\n<table width=\"100%\" cellspacing=\"0\" cellpadding=\"0\">\n<tbody>\n<tr>\n<td valign=\"top\" width=\"52\"><img loading=\"lazy\" decoding=\"async\" src=\"http:\/\/dublineventguide.com\/dff\/admin\/images\/categories\/TALKS.png\" alt=\"\" width=\"32\" height=\"32\" \/><\/td>\n<td>\n<h2 style=\"font-size: 16px; color: #534438; margin: 0 0 5px; font-weight: normal;\">Talks from the Margins &#8211; Panel Discussion<\/h2>\n<h3 style=\"font-size: 13px; margin: 0; padding: 0; line-height: 16px; color: #534438;\">13:15 &#8211; 14:15, Fri 24 Jul<\/h3>\n<p style=\"font-size: 13px; color: #534438; line-height: 20px; margin: 0; padding-top: 0;\">Gallery of Photography, Meeting House Square, Temple Bar, Dublin 2<\/p>\n<table width=\"100%\" cellspacing=\"0\" cellpadding=\"0\">\n<tbody>\n<tr>\n<td valign=\"top\">\n<div style=\"font-size: 13px; color: #534438; line-height: 20px;\">\n<p style=\"margin: 10px 0;\">Talks from the Margins is a Panel Discussion with Emma McGuire, Gavin Devine, Ciaran Dunbar, Rory O&#8217;Neill and Malcolm Craig Gilbert about the current exhibition &#8220;Notes from the Margins&#8221;. Five artists will discuss their work.<\/p>\n<p style=\"margin: 10px 0;\">Admission to event is free. Seating allocated on first come basis.<\/p>\n<\/div>\n<div style=\"font-size: 13px; color: #534438; line-height: 20px;\"><\/div>\n<p style=\"font-size: 13px; color: #534438; line-height: 20px;\"><a style=\"color: #cc2979; text-decoration: none;\" href=\"https:\/\/www.facebook.com\/events\/423607117841330\/\">https:\/\/www.facebook.com\/events\/423607117841330\/<\/a><\/p>\n<\/td>\n<td valign=\"top\"><\/td>\n<\/tr>\n<\/tbody>\n<\/table>\n<\/td>\n<\/tr>\n<\/tbody>\n<\/table>\n<\/td>\n<\/tr>\n<\/tbody>\n<\/table>\n<table width=\"100%\" cellspacing=\"0\" cellpadding=\"0\">\n<tbody>\n<tr>\n<td style=\"padding: 10px 30px;\">\n<table width=\"100%\" cellspacing=\"0\" cellpadding=\"0\">\n<tbody>\n<tr>\n<td valign=\"top\" width=\"52\"><img loading=\"lazy\" decoding=\"async\" src=\"http:\/\/dublineventguide.com\/dff\/admin\/images\/categories\/MUSIC.png\" alt=\"\" width=\"32\" height=\"32\" \/><\/td>\n<td>\n<h2 style=\"font-size: 16px; color: #534438; margin: 0 0 5px; font-weight: normal;\">Cornucopia &#8211; Live Music<\/h2>\n<h3 style=\"font-size: 13px; margin: 0; padding: 0; line-height: 16px; color: #534438;\"><img loading=\"lazy\" decoding=\"async\" style=\"display: inline; float: left;\" src=\"http:\/\/dublineventguide.com\/dff\/admin\/images\/weekly.png\" alt=\"\" width=\"69\" height=\"16\" \/> 19:30 &#8211; 21:30, Fri 24 Jul<\/h3>\n<p style=\"font-size: 13px; color: #534438; line-height: 20px; margin: 0; padding-top: 0;\">Cornucopia Caf\u00e9 &amp; Restaurant, 19\/20 Wicklow Street, Dublin 2<\/p>\n<table width=\"100%\" cellspacing=\"0\" cellpadding=\"0\">\n<tbody>\n<tr>\n<td valign=\"top\">\n<div style=\"font-size: 13px; color: #534438; line-height: 20px;\">\n<p>Cornucopia Caf\u00e9 &amp; Restaurant host live music three evenings a week (Thurs, Fri and Sat). The restaurant is a Wholefood &amp; Vegetarian Restaurant and is open until 22:15.<br \/>\n+ Every second Thursday N.C Lawlor, a songwriter, session player and troubadour plays a mix of country, bluegrass &amp; blues from 19:30-21:30.<br \/>\n+ Every Friday (19:30-21:30) Junshi Murakami plays Irish Harp.<br \/>\n+ Every Saturday (19:30-21:30) Nollaig Mann plays a collection of popular and jazz classics.<\/p>\n<\/div>\n<div style=\"font-size: 13px; color: #534438; line-height: 20px;\"><\/div>\n<p style=\"font-size: 13px; color: #534438; line-height: 20px;\"><a style=\"color: #cc2979; text-decoration: none;\" href=\"http:\/\/www.cornucopia.ie\">http:\/\/www.cornucopia.ie<\/a><\/p>\n<\/td>\n<td valign=\"top\"><\/td>\n<\/tr>\n<\/tbody>\n<\/table>\n<\/td>\n<\/tr>\n<\/tbody>\n<\/table>\n<\/td>\n<\/tr>\n<\/tbody>\n<\/table>\n<table width=\"100%\" cellspacing=\"0\" cellpadding=\"0\">\n<tbody>\n<tr>\n<td style=\"padding: 10px 30px;\">\n<table width=\"100%\" cellspacing=\"0\" cellpadding=\"0\">\n<tbody>\n<tr>\n<td valign=\"top\" width=\"52\"><img loading=\"lazy\" decoding=\"async\" src=\"http:\/\/dublineventguide.com\/dff\/admin\/images\/categories\/DANCE.png\" alt=\"\" width=\"32\" height=\"32\" \/><\/td>\n<td>\n<h2 style=\"font-size: 16px; color: #534438; margin: 0 0 5px; font-weight: normal;\">Bal Folk &#8211; European Folk Dance Session<\/h2>\n<h3 style=\"font-size: 13px; margin: 0; padding: 0; line-height: 16px; color: #534438;\"><img loading=\"lazy\" decoding=\"async\" style=\"display: inline; float: left;\" src=\"http:\/\/dublineventguide.com\/dff\/admin\/images\/weekly.png\" alt=\"\" width=\"69\" height=\"16\" \/> 20:00, Fri 24 Jul<\/h3>\n<p style=\"font-size: 13px; color: #534438; line-height: 20px; margin: 0; padding-top: 0;\">Tap Bar, 44 North King Street, Dublin 7<\/p>\n<table width=\"100%\" cellspacing=\"0\" cellpadding=\"0\">\n<tbody>\n<tr>\n<td valign=\"top\">\n<div style=\"font-size: 13px; color: #534438; line-height: 20px;\">\n<p style=\"margin: 10px 0;\">The weekly European Folk Dance Workshop\/Session takes place in the Tap Bar every Friday.<\/p>\n<p style=\"margin: 10px 0;\">The dances are French, Greek, Italian, Hungarian, Polish, Portuguese folk and traditional dances and everybody interested to join in or to learn is welcome. Admission is free, but donations (suggested: EUR 3) are very welcome<\/p>\n<\/div>\n<div style=\"font-size: 13px; color: #534438; line-height: 20px;\"><\/div>\n<p style=\"font-size: 13px; color: #534438; line-height: 20px;\"><a style=\"color: #cc2979; text-decoration: none;\" href=\"https:\/\/www.facebook.com\/pages\/Njoy-Dancing-Dublin\/251213698276941\">https:\/\/www.facebook.com\/pages\/Njoy-Dancing-Dublin\/251213698276941<\/a><\/p>\n<\/td>\n<td valign=\"top\"><\/td>\n<\/tr>\n<\/tbody>\n<\/table>\n<\/td>\n<\/tr>\n<\/tbody>\n<\/table>\n<\/td>\n<\/tr>\n<\/tbody>\n<\/table>\n<table width=\"100%\" cellspacing=\"0\" cellpadding=\"0\">\n<tbody>\n<tr>\n<td style=\"padding: 10px 30px;\">\n<table width=\"100%\" cellspacing=\"0\" cellpadding=\"0\">\n<tbody>\n<tr>\n<td valign=\"top\" width=\"52\"><img loading=\"lazy\" decoding=\"async\" src=\"http:\/\/dublineventguide.com\/dff\/admin\/images\/categories\/MUSIC.png\" alt=\"\" width=\"32\" height=\"32\" \/><\/td>\n<td>\n<h2 style=\"font-size: 16px; color: #534438; margin: 0 0 5px; font-weight: normal;\">Cocos Lovers &#8211; Gig<\/h2>\n<h3 style=\"font-size: 13px; margin: 0; padding: 0; line-height: 16px; color: #534438;\">20:00, Fri 24 Jul<\/h3>\n<p style=\"font-size: 13px; color: #534438; line-height: 20px; margin: 0; padding-top: 0;\">Harbour Bar, 1 Strand Road, Bray, Co. Wicklow<\/p>\n<table width=\"100%\" cellspacing=\"0\" cellpadding=\"0\">\n<tbody>\n<tr>\n<td valign=\"top\">\n<div style=\"font-size: 13px; color: #534438; line-height: 20px;\">\n<p style=\"margin: 10px 0;\">Cocos Lovery will play Roots and Folk at a free gig in the Harbour Bar.<\/p>\n<\/div>\n<div style=\"font-size: 13px; color: #534438; line-height: 20px;\"><\/div>\n<p style=\"font-size: 13px; color: #534438; line-height: 20px;\"><a style=\"color: #cc2979; text-decoration: none;\" href=\"http:\/\/www.theharbourbar.ie\/whats-on\/event\/cocos-lovers\">http:\/\/www.theharbourbar.ie\/whats-on\/event\/cocos-lovers<\/a><\/p>\n<\/td>\n<td valign=\"top\"><\/td>\n<\/tr>\n<\/tbody>\n<\/table>\n<\/td>\n<\/tr>\n<\/tbody>\n<\/table>\n<\/td>\n<\/tr>\n<\/tbody>\n<\/table>\n<table width=\"100%\" cellspacing=\"0\" cellpadding=\"0\">\n<tbody>\n<tr>\n<td style=\"padding: 10px 30px;\">\n<table width=\"100%\" cellspacing=\"0\" cellpadding=\"0\">\n<tbody>\n<tr>\n<td valign=\"top\" width=\"52\"><img loading=\"lazy\" decoding=\"async\" src=\"http:\/\/dublineventguide.com\/dff\/admin\/images\/categories\/MUSIC.png\" alt=\"\" width=\"32\" height=\"32\" \/><\/td>\n<td>\n<h2 style=\"font-size: 16px; color: #534438; margin: 0 0 5px; font-weight: normal;\">Live in Sin \u00c9 &#8211; Gigs<\/h2>\n<h3 style=\"font-size: 13px; margin: 0; padding: 0; line-height: 16px; color: #534438;\"><img loading=\"lazy\" decoding=\"async\" style=\"display: inline; float: left;\" src=\"http:\/\/dublineventguide.com\/dff\/admin\/images\/weekly.png\" alt=\"\" width=\"69\" height=\"16\" \/> 20:00, Fri 24 Jul<\/h3>\n<p style=\"font-size: 13px; color: #534438; line-height: 20px; margin: 0; padding-top: 0;\">Sin \u00c9, 14 Ormond Quay, Dublin 1<\/p>\n<table width=\"100%\" cellspacing=\"0\" cellpadding=\"0\">\n<tbody>\n<tr>\n<td valign=\"top\">\n<div style=\"font-size: 13px; color: #534438; line-height: 20px;\">\n<p style=\"margin: 10px 0;\">A weekly Gig Night in Sin \u00c9, organised and presented by Super Happy Fun Times takes place every Friday and admission is free. The line-up can be found on the Facebook Page below.<\/p>\n<\/div>\n<div style=\"font-size: 13px; color: #534438; line-height: 20px;\"><\/div>\n<p style=\"font-size: 13px; color: #534438; line-height: 20px;\"><a style=\"color: #cc2979; text-decoration: none;\" href=\"https:\/\/www.facebook.com\/shftimes\">https:\/\/www.facebook.com\/shftimes<\/a><\/p>\n<\/td>\n<td valign=\"top\"><\/td>\n<\/tr>\n<\/tbody>\n<\/table>\n<\/td>\n<\/tr>\n<\/tbody>\n<\/table>\n<\/td>\n<\/tr>\n<\/tbody>\n<\/table>\n<table width=\"100%\" cellspacing=\"0\" cellpadding=\"0\">\n<tbody>\n<tr>\n<td style=\"padding: 10px 30px;\">\n<table width=\"100%\" cellspacing=\"0\" cellpadding=\"0\">\n<tbody>\n<tr>\n<td valign=\"top\" width=\"52\"><img loading=\"lazy\" decoding=\"async\" src=\"http:\/\/dublineventguide.com\/dff\/admin\/images\/categories\/MUSIC.png\" alt=\"\" width=\"32\" height=\"32\" \/><\/td>\n<td>\n<h2 style=\"font-size: 16px; color: #534438; margin: 0 0 5px; font-weight: normal;\">Live Music &#8211; Stillorgan Orchard<\/h2>\n<h3 style=\"font-size: 13px; margin: 0; padding: 0; line-height: 16px; color: #534438;\"><img loading=\"lazy\" decoding=\"async\" style=\"display: inline; float: left;\" src=\"http:\/\/dublineventguide.com\/dff\/admin\/images\/weekly.png\" alt=\"\" width=\"69\" height=\"16\" \/> 21:00, Fri 24 Jul<\/h3>\n<p style=\"font-size: 13px; color: #534438; line-height: 20px; margin: 0; padding-top: 0;\">Stillorgan Orchard, The Hill, Stillorgan, Co. Dublin<\/p>\n<table width=\"100%\" cellspacing=\"0\" cellpadding=\"0\">\n<tbody>\n<tr>\n<td valign=\"top\">\n<div style=\"font-size: 13px; color: #534438; line-height: 20px;\">\n<p style=\"margin: 10px 0;\">The Stillorgan Orchard has live music every Friday and Saturday. Many of the performers are established and very good bands. The upcoming gigs are detailed on the website below. Admission is always free.<\/p>\n<\/div>\n<div style=\"font-size: 13px; color: #534438; line-height: 20px;\"><\/div>\n<p style=\"font-size: 13px; color: #534438; line-height: 20px;\"><a style=\"color: #cc2979; text-decoration: none;\" href=\"http:\/\/www.stillorganorchard.com\/live_music.html\">http:\/\/www.stillorganorchard.com\/live_music.html<\/a><\/p>\n<\/td>\n<td valign=\"top\"><\/td>\n<\/tr>\n<\/tbody>\n<\/table>\n<\/td>\n<\/tr>\n<\/tbody>\n<\/table>\n<\/td>\n<\/tr>\n<\/tbody>\n<\/table>\n<table width=\"100%\" cellspacing=\"0\" cellpadding=\"0\">\n<tbody>\n<tr>\n<td style=\"padding: 10px 30px;\">\n<table width=\"100%\" cellspacing=\"0\" cellpadding=\"0\">\n<tbody>\n<tr>\n<td valign=\"top\" width=\"52\"><img loading=\"lazy\" decoding=\"async\" src=\"http:\/\/dublineventguide.com\/dff\/admin\/images\/categories\/MUSIC.png\" alt=\"\" width=\"32\" height=\"32\" \/><\/td>\n<td>\n<h2 style=\"font-size: 16px; color: #534438; margin: 0 0 5px; font-weight: normal;\">Ska &#8216;n&#8217; Reggae with The Bionic Rats<\/h2>\n<h3 style=\"font-size: 13px; margin: 0; padding: 0; line-height: 16px; color: #534438;\"><img loading=\"lazy\" decoding=\"async\" style=\"display: inline; float: left;\" src=\"http:\/\/dublineventguide.com\/dff\/admin\/images\/weekly.png\" alt=\"\" width=\"69\" height=\"16\" \/> 21:00 &#8211; 02:30, Fri 24 Jul<\/h3>\n<p style=\"font-size: 13px; color: #534438; line-height: 20px; margin: 0; padding-top: 0;\">Turks Head, 27 Parliament St, Dublin 2<\/p>\n<table width=\"100%\" cellspacing=\"0\" cellpadding=\"0\">\n<tbody>\n<tr>\n<td valign=\"top\">\n<div style=\"font-size: 13px; color: #534438; line-height: 20px;\">\n<p style=\"margin: 10px 0;\">&#8220;Ska &#8216;n&#8217; Reggae&#8221; is the theme in the Dive Bar (downstairs in Turks Head) every Friday. The Bionic Rats play live. followed by DJs until late. Admission is free.<\/p>\n<\/div>\n<div style=\"font-size: 13px; color: #534438; line-height: 20px;\"><\/div>\n<p style=\"font-size: 13px; color: #534438; line-height: 20px;\"><a style=\"color: #cc2979; text-decoration: none;\" href=\"https:\/\/www.facebook.com\/TURKSHEADDUBLIN\">https:\/\/www.facebook.com\/TURKSHEADDUBLIN<\/a><\/p>\n<\/td>\n<td valign=\"top\"><\/td>\n<\/tr>\n<\/tbody>\n<\/table>\n<\/td>\n<\/tr>\n<\/tbody>\n<\/table>\n<\/td>\n<\/tr>\n<\/tbody>\n<\/table>\n<table style=\"height: 40px;\" width=\"100%\" cellspacing=\"0\" cellpadding=\"0\">\n<tbody>\n<tr>\n<td><\/td>\n<\/tr>\n<\/tbody>\n<\/table>\n<table id=\"coming\" width=\"100%\" cellspacing=\"0\" cellpadding=\"0\">\n<tbody>\n<tr>\n<td><a name=\"coming\"><\/a><a style=\"text-decoration: none;\" href=\"#dff_top\"><img decoding=\"async\" src=\"http:\/\/dublineventguide.com\/dff\/admin\/images\/dividers\/coming.png\" alt=\"Events Coming Up\" border=\"0\" \/><\/a><\/td>\n<\/tr>\n<\/tbody>\n<\/table>\n<table width=\"100%\" cellspacing=\"0\" cellpadding=\"0\">\n<tbody>\n<tr>\n<td style=\"padding: 10px 30px;\">\n<table width=\"100%\" cellspacing=\"0\" cellpadding=\"0\">\n<tbody>\n<tr>\n<td valign=\"top\" width=\"52\"><img loading=\"lazy\" decoding=\"async\" src=\"http:\/\/dublineventguide.com\/dff\/admin\/images\/upcoming_events.png\" alt=\"\" width=\"38\" height=\"39\" \/><\/td>\n<td>\n<h2 style=\"font-size: 16px; color: #534438; margin: 0 0 5px; font-weight: normal;\">Dublin Mountains Partnership &#8211; Guided Walks<\/h2>\n<h3 style=\"font-size: 13px; margin: 0; padding: 0; line-height: 16px; color: #534438;\">01+11+12+15+19+25 July<\/h3>\n<div style=\"font-size: 13px; color: #534438; line-height: 20px; margin: 0; padding-top: 0;\">\n<p>Every month the Dublin Mountain Partnership runs free guided walks in the Dublin Mountains on some Saturdays or Sundays during the month. The walks have varying difficulty and duration and the details can be found on the Dublin Mountain Partnership website: <a style=\"color: #cc2979; text-decoration: none;\" href=\"http:\/\/www.dublinmountains.ie\/news\/upcoming_events\/?no_cache=1\">http:\/\/www.dublinmountains.ie\/news\/upcoming_events\/?no_cache=1<\/a><\/p>\n<p style=\"margin: 10px 0;\">The next walks take place on 01+11+12+15+19+25 July.<\/p>\n<p style=\"margin: 10px 0;\">All walks are free, but pre-registration is required.<\/p>\n<p>In addition: From 05 July until 06 September a weekly Dublin Mountains Walk takes place as part of the Summer of Heritage programme in Dun Laoghaire-Rathdown. The walk starts at 11:00 (every Sunday) at the Barnaslingan Wood car park. It will have a 2 hour duration and max 20 people can take part. Pre book your place via heritage@dublinmountains.ie<br \/>\n<a style=\"color: #cc2979; text-decoration: none;\" href=\"http:\/\/www.dlrevents.ie\/soh15.html\">http:\/\/www.dlrevents.ie\/soh15.html<\/a><\/p>\n<p style=\"margin: 10px 0;\">http:\/\/www.irishexaminer.com\/ireland\/banned-drivers-face-arrest-if-caught-driving-338028.html<\/p>\n<\/div>\n<\/td>\n<\/tr>\n<\/tbody>\n<\/table>\n<\/td>\n<\/tr>\n<tr>\n<td style=\"padding: 10px 30px;\">\n<table width=\"100%\" cellspacing=\"0\" cellpadding=\"0\">\n<tbody>\n<tr>\n<td valign=\"top\" width=\"52\"><img loading=\"lazy\" decoding=\"async\" src=\"http:\/\/dublineventguide.com\/dff\/admin\/images\/upcoming_events.png\" alt=\"\" width=\"38\" height=\"39\" \/><\/td>\n<td>\n<h2 style=\"font-size: 16px; color: #534438; margin: 0 0 5px; font-weight: normal;\">Not free, but interesting nevertheless:<\/h2>\n<h3 style=\"font-size: 13px; margin: 0; padding: 0; line-height: 16px; color: #534438;\"><\/h3>\n<div style=\"font-size: 13px; color: #534438; line-height: 20px; margin: 0; padding-top: 0;\">\n<p style=\"margin: 10px 0;\">IFI Family Festival: 16-19 July<\/p>\n<p style=\"margin: 10px 0;\">Longitude Festival: 17-19 July<\/p>\n<\/div>\n<\/td>\n<\/tr>\n<\/tbody>\n<\/table>\n<\/td>\n<\/tr>\n<tr>\n<td style=\"padding: 0 30px 15px;\" colspan=\"2\">\n<p style=\"font-size: 13px; color: #534438; line-height: 20px;\">&#8211;Advertisement&#8212;&#8212;&#8212;&#8212;&#8212;&#8212;&#8212;&#8212;&#8212;&#8212;&#8212;&#8212;<\/p>\n<p style=\"font-size: 13px; color: #534438; line-height: 20px;\"><a href=\"http:\/\/www.bookdepository.com?a_aid=dubevg&amp;a_bid=c655baac\" target=\"_blank\"><img loading=\"lazy\" decoding=\"async\" title=\"Free Delivery on all Books at the Book Depository\" src=\"http:\/\/banners1.bookdepository.com\/accounts\/default1\/banners\/P_Generic_468x60.jpg\" alt=\"Free Delivery on all Books at the Book Depository\" width=\"468\" height=\"60\" \/><\/a><img loading=\"lazy\" decoding=\"async\" style=\"border: 0;\" src=\"https:\/\/affiliates.bookdepository.com\/scripts\/imp.php?a_aid=dubevg&amp;a_bid=c655baac\" alt=\"\" width=\"1\" height=\"1\" \/><\/p>\n<p>BOOK DEPOSITORY &#8211; BETTER THAN ANYBODY ELSE<\/p>\n<p>Books for lowest prices, sent to you with free worldwide delivery within 48 hours. And with every book you buy, you directly help the Dublin Event Guide (for Free Events) &#8230; if you click on the link below! <a style=\"color: #cc2979; text-decoration: none;\" href=\"http:\/\/www.bookdepository.com?a_aid=dubevg\">www.bookdepository.com<\/a><\/td>\n<\/tr>\n<\/tbody>\n<\/table>\n<table id=\"odd\" width=\"100%\" cellspacing=\"0\" cellpadding=\"0\">\n<tbody>\n<tr>\n<td><a name=\"odd\"><\/a><a style=\"text-decoration: none;\" href=\"#dff_top\"><img decoding=\"async\" src=\"http:\/\/dublineventguide.com\/dff\/admin\/images\/dividers\/odd.png\" alt=\"This is odd\" border=\"0\" \/><\/a><\/td>\n<\/tr>\n<\/tbody>\n<\/table>\n<table width=\"100%\" cellspacing=\"0\" cellpadding=\"0\">\n<tbody>\n<tr>\n<td style=\"padding: 0 30px 15px;\">\n<div style=\"font-size: 13px; color: #534438; line-height: 20px;\">\n<p style=\"margin: 10px 0;\">Please note: This section contains observations taken from the world I live in that strike me as odd. I express my personal opinion and you might not share it. ;-) If you are easily offended by opinions that are not identical with your own, please don&#8217;t read this section and I am VERY serious about that!<\/p>\n<p><strong>Eircode &#8211; the idiotic system that can only happen in Ireland<br \/>\n<\/strong><\/p>\n<p style=\"margin: 10px 0;\">I have to start with just one figure: 27 Million!! That&#8217;s the outrageously high amount you and I have to pay to some consultants for the idiotic Eircode system. But despite my best efforts, I still have not been able to see any justification\/explanation for such a crazy bill.<\/p>\n<p style=\"margin: 10px 0;\">The money goes to Capita Ireland, the Irish arm of a British Business Process Outsourcing company. Capita&#8217;s pays on average a salary of EUR 40,000 per person with the Chief Executive getting the mad amount of EUR 1.1mio per year. So the 27m that we have to pay, will cover the salary for 675 employees!! Does that really mean hundreds of people worked on this idiotic system? And they couldn&#8217;t come up with anything better? Shocking!<\/p>\n<p style=\"margin: 10px 0;\">But let me explain why it is so idiotic: The purpose of a Postcode system is to mae sure that TOGETHER with the address, you have a unique identification of the address. But the Irish system goes a number of steps further. The first three letters\/digits identify the area, starting with &#8220;D&#8221; for Dublin and oddly with totally random letters for the rest of the country. Instead of &#8220;G&#8221; for Galway and &#8220;C&#8221; for Cork, Galway got &#8220;H&#8221; and Cork got &#8220;T&#8221; as the leading letter. The remaining four letters and numbers identify the building exactly based on a latitude\/longitude system, not on an area system. That means that your postcode and your neighbour&#8217;s have are completely different.<\/p>\n<p style=\"margin: 10px 0;\">So if someone has to deliver 5 parcels in the area, he can&#8217;t use the four digits to guide him, instead he would have to look up each code separately and then see on a map where it is. Very complicated and time consuming and for that reason courier companies like DHL and UPS said they won&#8217;t use the system.<\/p>\n<p style=\"margin: 10px 0;\">Wait! You don&#8217;t have to use it? No, not at all! You are allowed to use it but it is not compulsory and there seems to be no plan in place to make it compulsory ever. So 27m was spent for something that we might never use!!<\/p>\n<p style=\"margin: 10px 0;\">Other madness: Approx. 50,000 Irish named addresses in the Gaeltacht were ignored. For us English-only speakers you could say that this makes sense. But in a country where there is a separate TV channel and even a minister for Gaelic speakers, it is odd to say the least. Other nonsense? Yes, many (nobody knows how many) postcodes and addresses were put in the wrong building, in some cases even in the wrong county. And also: In some apartment block every apartment has its own Eircode. Why? Nobody knows! In other apartment blocks the whole building is identified by one Eircode.<\/p>\n<p style=\"margin: 10px 0;\">Yes, Ireland needed a postcode system, but there are PLENTY of countries worldwide that have successfully working systems and it would have been perfect to adopt one of these successful systems instead of re-inventing the wheel!<\/p>\n<p>To find out your postcode you can go to <a style=\"color: #cc2979; text-decoration: none;\" href=\"http:\/\/www.eircode.ie\">www.eircode.ie<\/a> and type your address in. You can do that for a maximum of 15 addresses per day. Why that limitation? Nobody knows it is completely random! If you want to look up more than 15 addresses you are assumed to be a commercial operation and will have to pay for the use of the postcode system. WHAT? Yes, pay! On top of the 27m. Imagine you had to pay to use the house number in an address. It is THAT nonsensical!<\/p>\n<p style=\"margin: 10px 0;\">(By the way, the 15 address limit per day is Cookie controlled, so if you want you can modify your browser so that the limit will never be reached.)<\/p>\n<p style=\"margin: 10px 0;\">Why can this only happen in Ireland? Because it seems that Irish politicians always hide behind consultants who then screw up. So what happens in Ireland and the politicians let it happen: The wheel is re-invented, but this time we make it square because square is much better than round! That&#8217;s what we are told! Sure, Capita! Sure, Irish Government! Where can I pay? :-\/<\/p>\n<\/div>\n<p style=\"font-size: 13px; color: #534438; line-height: 20px; margin: 10px 0;\">&#8211;Advertisement&#8212;&#8212;&#8212;&#8212;&#8212;&#8212;&#8212;&#8212;&#8212;&#8212;&#8212;&#8212;<\/p>\n<p style=\"font-size: 13px; color: #534438; line-height: 20px; margin: 10px 0;\"><a href=\"http:\/\/clk.tradedoubler.com\/click?p=83237&amp;a=1719778&amp;g=17782526\" target=\"_BLANK\"><img decoding=\"async\" src=\"http:\/\/impie.tradedoubler.com\/imp?type(img)g(17782526)a(1719778)\" alt=\"\" border=\"0\" \/><\/a><\/p>\n<\/td>\n<\/tr>\n<\/tbody>\n<\/table>\n<table width=\"100%\" cellspacing=\"0\" cellpadding=\"0\">\n<tbody>\n<tr>\n<td style=\"padding: 0 30px 15px;\">\n<div style=\"font-size: 13px; color: #534438; line-height: 20px;\">\n<p style=\"margin: 10px 0;\">Have an event-full weekend and week,<\/p>\n<p style=\"margin: 10px 0;\">&#8211;Joerg<\/p>\n<p><a style=\"color: #cc2979; text-decoration: none;\" href=\"mailto:dublineventguide@gmail.com\">dublineventguide@gmail.com<\/a> | <a style=\"color: #cc2979; text-decoration: none;\" href=\"www.dublineventguide.com\">www.dublineventguide.com<\/a> | <a style=\"color: #cc2979; text-decoration: none;\" href=\"http:\/\/www.facebook.com\/DublinEventGuide\">www.facebook.com\/DublinEventGuide<\/a> | <a style=\"color: #cc2979; text-decoration: none;\" href=\"http:\/\/m.dublineventguide.com\">m.dublineventguide.com<\/a><\/p>\n<p>For much needed donations please go to <a style=\"color: #cc2979; text-decoration: none;\" href=\"http:\/\/www.perfectresults.info\/\/donation.htm\">http:\/\/www.perfectresults.info\/donation.htm<\/a><\/p>\n<p>+++++++++++++++++++++++++++++++++++++++++++<br \/>\n<strong>You are receiving this newsletter because you have subscribed to it!!<\/strong><\/p>\n<p>If you don&#8217;t want to receive this mail anymore, just click on the link at the bottom of this mail. It would help me if you told me in an e-mail why you decided to unsubscribe, but that is not a &#8220;Must&#8221;. If you only want to stop receiving the newsletter temporarily, you can &#8211; if you wish &#8211; discuss this with me by e-mail so that we find a solution that makes sense to you. If you unsubscribe using the link at the bottom of the mail and there is a chance that you &#8211; at some stage &#8211; want to re-subscribe, please make sure that you keep a mail with the &#8220;unsubscribe link&#8221; because I will not be able to add you anymore to the list once you have unsubscribed using this link. The only way you can re-subscribe is to follow that specific link and change the settings yourself.<br \/>\nThis Event Guide (the &#8220;Dublin Event Guide (for Free Events)&#8221;) is an Event Guide with a difference. It covers mostly free events based on the thinking that free events deserve additional support and that non-free events have the money to pay for advertisement. The Guide is a _Guide_ and not just a listing and is therefore at times quite extensive. It is sent for free to anybody who is interested and if you want to be added to the mailing list or know somebody who would like to receive this guide, just send them to <a style=\"color: #cc2979; text-decoration: none;\" href=\"http:\/\/www.dublineventguide.com\">http:\/\/www.dublineventguide.com<\/a>, where they can subscribe. If you have feedback &#8211; good or bad &#8211; PLEASE tell me via dublineventguide@gmail.com.<br \/>\nBTW: I am not paid or otherwise rewarded for compiling and distributing this Event Guide it is purely a hobby so your donations are needed: <a style=\"color: #cc2979; text-decoration: none;\" href=\"http:\/\/www.perfectresults.info\/donation.htm\">http:\/\/www.perfectresults.info\/donation.htm<\/a> . Advertisement in or sponsorship of the Dublin Event Guide (for Free Events) is possible and very welcome, please contact me for more information.<br \/>\nPlease note: The Dublin Event Guide (for Free Event) is not related or connected to the long gone fortnightly printed publication &#8220;the event guide&#8221; that you found until December 2008 in pubs and other venues.<br \/>\nCopyright 2015 by Joerg Steegmueller.<br \/>\n***********************************************<\/p>\n<\/div>\n<\/td>\n<\/tr>\n<\/tbody>\n<\/table>\n<\/td>\n<\/tr>\n<\/tbody>\n<\/table>\n","protected":false},"excerpt":{"rendered":"<p>No. 422 | 17 July 2015 Subscribers: 23,770 Dublin News &#8211; Competitions &#8211; Support the Guide &#8211; Joerg&#8217;s Picks &#8211; Feel Good &#8211; This is Odd Sat &#8211; Sun &#8211; Mon &#8211; Tue &#8211; Wed &#8211; Thu &#8211; Fri &#8211; Events Coming Up &#8211; Exhibitions Hi all! After a great City Spectacular last weekend, we [&hellip;]<\/p>\n","protected":false},"author":1,"featured_media":0,"comment_status":"open","ping_status":"closed","sticky":false,"template":"","format":"standard","meta":{"footnotes":""},"categories":[1],"tags":[],"class_list":["post-1568","post","type-post","status-publish","format-standard","hentry","category-allgemein"],"_links":{"self":[{"href":"https:\/\/www.dublineventguide.com\/blog\/index.php\/wp-json\/wp\/v2\/posts\/1568","targetHints":{"allow":["GET"]}}],"collection":[{"href":"https:\/\/www.dublineventguide.com\/blog\/index.php\/wp-json\/wp\/v2\/posts"}],"about":[{"href":"https:\/\/www.dublineventguide.com\/blog\/index.php\/wp-json\/wp\/v2\/types\/post"}],"author":[{"embeddable":true,"href":"https:\/\/www.dublineventguide.com\/blog\/index.php\/wp-json\/wp\/v2\/users\/1"}],"replies":[{"embeddable":true,"href":"https:\/\/www.dublineventguide.com\/blog\/index.php\/wp-json\/wp\/v2\/comments?post=1568"}],"version-history":[{"count":0,"href":"https:\/\/www.dublineventguide.com\/blog\/index.php\/wp-json\/wp\/v2\/posts\/1568\/revisions"}],"wp:attachment":[{"href":"https:\/\/www.dublineventguide.com\/blog\/index.php\/wp-json\/wp\/v2\/media?parent=1568"}],"wp:term":[{"taxonomy":"category","embeddable":true,"href":"https:\/\/www.dublineventguide.com\/blog\/index.php\/wp-json\/wp\/v2\/categories?post=1568"},{"taxonomy":"post_tag","embeddable":true,"href":"https:\/\/www.dublineventguide.com\/blog\/index.php\/wp-json\/wp\/v2\/tags?post=1568"}],"curies":[{"name":"wp","href":"https:\/\/api.w.org\/{rel}","templated":true}]}}