{"id":1529,"date":"2015-05-16T08:25:43","date_gmt":"2015-05-16T08:25:43","guid":{"rendered":"https:\/\/www.dublineventguide.com\/blog\/?p=1529"},"modified":"2015-05-16T10:00:36","modified_gmt":"2015-05-16T10:00:36","slug":"dublin-event-guide-413-docklands-summer-festival-family-day-festival-national-drawing-day-smithfield-fair","status":"publish","type":"post","link":"https:\/\/www.dublineventguide.com\/blog\/index.php\/allgemein\/dublin-event-guide-413-docklands-summer-festival-family-day-festival-national-drawing-day-smithfield-fair\/","title":{"rendered":"Dublin Event Guide 413: Dockland&#8217;s Summer Festival, Family Day Festival, National Drawing Day, Smithfield Fair"},"content":{"rendered":"<table style=\"background-color: #f4f4f4; font-family: Arial;\" width=\"817\" cellspacing=\"0\" cellpadding=\"0\">\n<tbody>\n<tr>\n<td>\n<table style=\"background-color: #d7006b;\" width=\"100%\" cellspacing=\"0\" cellpadding=\"0\">\n<tbody>\n<tr>\n<td width=\"30\"><a name=\"dff_top\"><\/a><\/td>\n<td width=\"105\"><\/td>\n<td width=\"480\"><\/td>\n<td width=\"175\"><\/td>\n<td width=\"30\"><\/td>\n<\/tr>\n<tr>\n<td><\/td>\n<td><img loading=\"lazy\" decoding=\"async\" src=\"http:\/\/dublineventguide.com\/dff\/admin\/images\/logo_email.png\" alt=\"DEG\" width=\"89\" height=\"88\" \/><\/td>\n<td><img loading=\"lazy\" decoding=\"async\" src=\"http:\/\/dublineventguide.com\/dff\/admin\/images\/dublinguide_eventbrite.png\" alt=\"Dublin Event Guide (for free events)\" width=\"445\" height=\"60\" \/><\/p>\n<p style=\"font-family: arial; font-size: 14px; color: #74073d; padding: 5px; margin: 0;\">No. <strong>413<\/strong> | 15 May 2015<\/p>\n<\/td>\n<td>\n<div style=\"background-color: #8d034a; border-radius: 5px; width: 160px; height: 75px; margin-left: 8px;\">\n<p style=\"font-family: arial; font-size: 15px; color: #fff; margin: 0; padding: 10px 0; text-align: center;\">Subscribers: 23,410<br \/>\n<a href=\"http:\/\/www.facebook.com\/DublinEventGuide\"><img loading=\"lazy\" decoding=\"async\" style=\"padding-top: 10px;\" src=\"http:\/\/dublineventguide.com\/dff\/admin\/images\/like.png\" alt=\"\" width=\"58\" height=\"22\" \/><\/a><\/p>\n<\/div>\n<\/td>\n<td><\/td>\n<\/tr>\n<tr>\n<td colspan=\"5\"><\/td>\n<\/tr>\n<tr style=\"line-height: 1px; font-size: 1px; overflow: hidden; height: 4px;\">\n<td style=\"font-size: 1px; line-height: 1px; height: 4px; overflow: hidden;\" colspan=\"5\"><img loading=\"lazy\" decoding=\"async\" src=\"http:\/\/dublineventguide.com\/dff\/admin\/images\/divider.png\" alt=\"\" width=\"817\" height=\"4\" \/><\/td>\n<\/tr>\n<\/tbody>\n<\/table>\n<table style=\"background-color: #8d034a;\" width=\"100%\" cellspacing=\"0\" cellpadding=\"0\">\n<tbody>\n<tr>\n<td>\n<p style=\"color: #fff; font-family: arial; font-size: 13px; text-align: center; padding: 0; line-height: 24px;\"><a style=\"color: #fff; text-decoration: none;\" href=\"#news\">Dublin News<\/a> &#8211; <a style=\"color: #fff; text-decoration: none;\" href=\"#competitions\">Competitions<\/a> &#8211; <a style=\"color: #fff; text-decoration: none;\" href=\"#support\">Support the Guide<\/a> &#8211; <a style=\"color: #fff; text-decoration: none;\" href=\"#picks\">Joerg&#8217;s Picks<\/a> &#8211; <a style=\"color: #fff; text-decoration: none;\" href=\"#feel\">Feel Good<\/a> &#8211; <a style=\"color: #fff; text-decoration: none;\" href=\"#odd\">This is Odd<\/a><br \/>\n<a style=\"color: #fff; text-decoration: none;\" href=\"#day_1431730800\">Sat<\/a> &#8211; <a style=\"color: #fff; text-decoration: none;\" href=\"#day_1431817200\">Sun<\/a> &#8211; <a style=\"color: #fff; text-decoration: none;\" href=\"#day_1431903600\">Mon<\/a> &#8211; <a style=\"color: #fff; text-decoration: none;\" href=\"#day_1431990000\">Tue<\/a> &#8211; <a style=\"color: #fff; text-decoration: none;\" href=\"#day_1432076400\">Wed<\/a> &#8211; <a style=\"color: #fff; text-decoration: none;\" href=\"#day_1432162800\">Thu<\/a> &#8211; <a style=\"color: #fff; text-decoration: none;\" href=\"#day_1432249200\">Fri<\/a> &#8211; <a style=\"color: #fff; text-decoration: none;\" href=\"#coming\">Events Coming Up<\/a> &#8211; <a style=\"color: #fff; text-decoration: none;\" href=\"#exhibitions\">Exhibitions<\/a><\/p>\n<\/td>\n<\/tr>\n<\/tbody>\n<\/table>\n<table width=\"100%\" cellspacing=\"0\" cellpadding=\"0\">\n<tbody>\n<tr>\n<td style=\"padding: 15px 30px;\">\n<div style=\"font-size: 13px; color: #534438; line-height: 20px;\">\n<p style=\"margin: 10px 0;\">Hi all!<\/p>\n<p style=\"margin: 10px 0;\">Last week I mentioned that we had reached 56,000 Likes and within a couple of days that number switftly grew to 57,000. Nice! You wonder what happened? Well, a lot actually. ;-)<\/p>\n<p>[ad]<\/p>\n<p style=\"margin: 10px 0;\">I asked on Facebook for suggestions how to increase our Dublin Event Guide Community on Facebook, but also in the people that have subscribed to the weekly e-mail magazine and I got a lot of good suggestions! Among them was a message from the people behind studynotes.ie, they had created a Facebook event called &#8220;Free events in Dublin: Summer2015&#8221; and it went absolutely viral! Within less than 24 hours the event notice reached more than 60,000 people! (Respect to the studynotes.ie team!!)<\/p>\n<p style=\"margin: 10px 0;\">I am sure many of you saw that event as well and three Dublin Event Guide supporters (A big thanks to Patricia Keane, Clodagh O&#8217;Connor and Martin O&#8217;Sullivan!!) mentioned that the &#8220;Dublin Event Guide (for Free Events)&#8221; brings you free events the whole year around. Just because of that within two two days our Facebook Community grew by about 1200 people and a few hundred new subscribers found us. Welcome everybody! ;-)<\/p>\n<p style=\"margin: 10px 0;\">Like a virus epidemic in real life (I learned that in the Science Gallery some while back!), the growth came soon after to a sudden halt at the nevertheless impressive number of 81.000 people. It&#8217;s a pity that not all 81,000 found us, but I am happy about every little direct or indirect success!<\/p>\n<p style=\"margin: 10px 0;\">For all the people that now found us, but also if you are with me on this path for some time, please know that you don&#8217;t HAVE to do anything of what I am asking you now here, but you also know that only with your help, the Dublin Event Guide will be able to continue:<\/p>\n<p>There are two areas the Dublin Event Guide needs your help with: Your <a style=\"color: #cc2979; text-decoration: none;\" href=\"http:\/\/www.perfectresults.info\/donate.htm\" target=\"_blank\">donations<\/a> help paying the bills for sending the Dublin Event Guide every week, so please help if you can. Just 1 Euro per month (12 Euro per year) would be great. Not very many subscribers are prepared to or able to help, so please don&#8217;t rely on others! Last week, for example, not a single person did give any donation. :-(<\/p>\n<p style=\"margin: 10px 0;\">And without you spreading the word we would have never reached 23,000 subscribers and 57,000 Facebook Likes. But it is just the start!! The goal is 50,000 subscribers and 100,000 Facebook Likes! Big goals, I know, but I believe we can achieve it! Imagine if everyone just got ONE additional person to subscribe to the Dublin Event Guide (for Free Events). That would be an immediate increase by a few thousand subscribers. Would be super!!!! Can you help?<\/p>\n<p>For donations go to <a style=\"color: #cc2979; text-decoration: none;\" href=\"http:\/\/www.perfectresults.info\/donate.htm\">http:\/\/www.perfectresults.info\/donate.htm<\/a> and the link to subscribe is here: <a style=\"color: #cc2979; text-decoration: none;\" href=\"http:\/\/www.dublineventguide.com\" target=\"_blank\">http:\/\/www.dublineventguide.com<\/a>.<\/p>\n<p style=\"margin: 10px 0;\">&#8212;-<\/p>\n<p>Here is the explanation regarding donations: To send the Dublin Event Guide and for domain names and for web hosting, I have a monthly bill of EUR 190 to cover. This is not for me, but all that money goes directly to external service providers. I am working approx. 35 hours on the Dublin Event Guide every week and don&#8217;t make any cent, that&#8217;s why I ask you to help with the cost if you can. If you can spare EUR 1 per month (that&#8217;s just 25 cent per edition!!) please donate EUR 12 for the year (or more if you can &#8230;or even less if you can&#8217;t). You can make your donation at <a style=\"color: #cc2979; text-decoration: none;\" href=\"http:\/\/www.perfectresults.info\/donate.htm\">http:\/\/www.perfectresults.info\/donate.htm<\/a> using Paypal or CreditCard or send me a mail <a style=\"color: #cc2979; text-decoration: none;\" href=\"mailto:dublineventguide@gmail.com\">dublineventguide@gmail.com<\/a> and I can suggest other ways. I am also looking for some corporate sponsors as well, if you know someone, send them my way. :-)<\/p>\n<p>And please help spreading the word about the Dublin Event Guide (for Free Events). Your friends can easily subscribe at <a style=\"color: #cc2979; text-decoration: none;\" href=\"http:\/\/www.dublineventguide.com\" target=\"_blank\">http:\/\/www.dublineventguide.com<\/a> and they will get a weekly e-mail magazine with all the free events in Dublin if they subscribe. They don&#8217;t have to pay a cent (but donations are very welcome!) for that and their e-mail address is completely safe with me! More than 23,000 people receive the Dublin Event Guide every week and we are more than 56,000 people at the Dublin Event Guide Facebook Page at <a style=\"color: #cc2979; text-decoration: none;\" href=\"http:\/\/www.facebook.com\/DublinEventGuide\" target=\"_blank\">www.facebook.com\/DublinEventGuide<\/a> Check it out and click on LIKE when you are there.<\/p>\n<p style=\"margin: 10px 0;\">And this is a great opportunity to help the Dublin Event Guide for absolutely no cost to you:<\/p>\n<p>Without putting your hand in your pocket (for the Dublin Event Guide) at all you can help by ALWAYS using the ad links in the Dublin News Section and the ads in the Dublin Event Guides when you buy\/order goods. If you buy goods immediately (in the same session) after clicking on a link\/ad that you find in this e-zine\/newsletter (<a style=\"color: #cc2979; text-decoration: none;\" href=\"http:\/\/www.awin1.com\/cread.php?s=344250&amp;v=4345&amp;q=162396&amp;r=140544\" target=\"_blank\">Groupon<\/a>, <a style=\"color: #cc2979; text-decoration: none;\" href=\"http:\/\/www.awin1.com\/awclick.php?mid=4319&amp;id=140544\" target=\"_blank\">LivingSocial<\/a>, <a style=\"color: #cc2979; text-decoration: none;\" href=\"http:\/\/www.amazon.co.uk\/?_encoding=UTF8&amp;camp=1634&amp;creative=6738&amp;linkCode=ur2&amp;tag=dubeveguiforf-21\" target=\"_blank\">Amazon<\/a>, <a style=\"color: #cc2979; text-decoration: none;\" href=\"http:\/\/www.bookdepository.com?a_aid=dubevg\" target=\"_blank\">Book Depository<\/a>, <a style=\"color: #cc2979; text-decoration: none;\" href=\"http:\/\/www.awin1.com\/cread.php?s=308748&amp;v=4363&amp;q=145658&amp;r=140544\" target=\"_blank\">LastMinute<\/a> etc), you help the Dublin Event Guide everytime. This is how it works: The company you buy from (Groupon, Amazon, LivingSocial, Book Depository etc) registers that you came to them via a link from the Dublin Event Guide and they show their appreciation by giving a small commission (5-8%) to the Dublin Event Guide. This might only be 30 cent a go, but if you did that for all online purchases and if lots of people used it, then it could make a big dent into the EUR 190 needed. Use these links as often as possible it doesn&#8217;t cost you a cent and you help big time!<\/p>\n<p style=\"margin: 10px 0;\">Have an event-full weekend and week,<\/p>\n<p style=\"margin: 10px 0;\">&#8211;Joerg<\/p>\n<p style=\"margin: 10px 0;\">Find the Dublin Event Guide (for Free Events) online presence here:<\/p>\n<p>Website: <a style=\"color: #cc2979; text-decoration: none;\" href=\"http:\/\/www.DublinEventGuide.com\" target=\"_blank\">http:\/\/www.DublinEventGuide.com<\/a><br \/>\nFacebook: <a style=\"color: #cc2979; text-decoration: none;\" href=\"http:\/\/www.facebook.com\/DublinEventGuide\" target=\"_blank\">http:\/\/www.facebook.com\/DublinEventGuide<\/a><br \/>\nMobile App: <a style=\"color: #cc2979; text-decoration: none;\" href=\"http:\/\/m.dublineventguide.com\" target=\"_blank\">http:\/\/m.dublineventguide.com<\/a><br \/>\nTwitter: <a style=\"color: #cc2979; text-decoration: none;\" href=\"http:\/\/www.twitter.com\/DublinEventG\" target=\"_blank\">http:\/\/www.twitter.com\/DublinEventG<\/a><\/p>\n<\/div>\n<p><a href=\"http:\/\/www.facebook.com\/DublinEventGuide\"><img loading=\"lazy\" decoding=\"async\" style=\"padding-top: 10px;\" src=\"http:\/\/dublineventguide.com\/dff\/admin\/images\/like.png\" alt=\"\" width=\"58\" height=\"22\" \/><\/a><\/p>\n<div style=\"font-size: 13px; color: #534438; line-height: 20px;\">\n<p>We are more than 57,000 people on the Dublin Event Guide &#8211; Facebook Page at <a style=\"color: #cc2979; text-decoration: none;\" href=\"http:\/\/www.facebook.com\/DublinEventGuide\" target=\"_blank\">http:\/\/www.facebook.com\/DublinEventGuide<\/a> and are growing every week. Join in and click LIKE on the Facebook page and tell your friends! You will get last minute updates and event reminders through the Facebook Page and you can share your free events directly there with the other people in the Dublin Event Guide Community.<\/p>\n<\/div>\n<p style=\"font-size: 13px; color: #534438; line-height: 20px; margin: 10px 0;\">&#8211;Advertisement&#8212;&#8212;&#8212;&#8212;&#8212;&#8212;&#8212;&#8212;&#8212;&#8212;&#8212;&#8212;<\/p>\n<p style=\"font-size: 13px; color: #534438; line-height: 20px; margin: 10px 0;\"><a href=\"http:\/\/ad.doubleclick.net\/jump\/N8755.1915945DUBLINEVENTGUIDE.CO\/B7608377.111885103;sz=728x90;ord=[timestamp]?\"><img decoding=\"async\" src=\"http:\/\/ad.doubleclick.net\/ad\/N8755.1915945DUBLINEVENTGUIDE.CO\/B7608377.111885103;sz=728x90;ord=[timestamp]?\" alt=\"\" \/><\/a><\/p>\n<\/td>\n<\/tr>\n<\/tbody>\n<\/table>\n<table id=\"feel\" width=\"100%\" cellspacing=\"0\" cellpadding=\"0\">\n<tbody>\n<tr>\n<td><a name=\"feel\"><\/a><a style=\"text-decoration: none;\" href=\"#dff_top\"><img decoding=\"async\" src=\"http:\/\/dublineventguide.com\/dff\/admin\/images\/dividers\/feelgood.png\" alt=\"Feel good slot\" border=\"0\" \/><\/a><\/td>\n<\/tr>\n<\/tbody>\n<\/table>\n<table width=\"100%\" cellspacing=\"0\" cellpadding=\"0\">\n<tbody>\n<tr>\n<td style=\"padding: 0 30px 15px;\">\n<div style=\"font-size: 13px; color: #534438; line-height: 20px;\">\n<p style=\"margin: 10px 0;\">The &#8220;Feel Good Slot&#8221; at this place in the Dublin Event Guide is to share some inspirational, motivational or thought provoking quotes, stories or video clips. You wonder why I added this section to this e-mail magazine? If your week was great, you might not need it, but most of us had some challenging moments in the last week and there could be more in the coming week and this section is for the people that want to overcome the hurdles, achieve more and remember that despite all, life is great!<\/p>\n<p style=\"margin: 10px 0;\">Today&#8217;s feel good slot is a video clip of a super-talented 11 year old. It just inspires and amazes me when I see what outstanding feats some kids are able to achieve. As grown ups we (often happily!) surround ourselves with limitations. &#8220;I can&#8217;t do this and can&#8217;t do that because&#8230;.&#8221; But when we were kids we originally didn&#8217;t have these limitations until someone GAVE you a limitation and you accepted to run with it, like &#8220;You are not good at maths.&#8221; or &#8220;You are not sporty!&#8221;.<\/p>\n<p style=\"margin: 10px 0;\">Look at 11 year old Joey Alexander who learned playing Jazz piano mainly by listening to records. He is absolutely amazing. A really interesting film clip and make sure you listen to what the grown-ups have to say about this kid!!<\/p>\n<p>The video clip is here: <a style=\"color: #cc2979; text-decoration: none;\" href=\"https:\/\/www.youtube.com\/watch?v=UCyfG9M5hz4\">https:\/\/www.youtube.com\/watch?v=UCyfG9M5hz4<\/a><\/p>\n<p>And if you want to know a bit more about Koey, you could read this: <a style=\"color: #cc2979; text-decoration: none;\" href=\"http:\/\/www.polishookstudio.com\/2014\/02\/interview-with-joey-alexander.html\">http:\/\/www.polishookstudio.com\/2014\/02\/interview-with-joey-alexander.html<\/a><\/p>\n<\/div>\n<p style=\"font-size: 13px; color: #534438; line-height: 20px; margin: 10px 0;\">&#8211;Advertisement&#8212;&#8212;&#8212;&#8212;&#8212;&#8212;&#8212;&#8212;&#8212;&#8212;&#8212;&#8212;<\/p>\n<p style=\"font-size: 13px; color: #534438; line-height: 20px; margin: 10px 0;\"><a href=\"http:\/\/www.bookdepository.com?a_aid=dubevg&amp;a_bid=fdd322a7\" target=\"_blank\"><img loading=\"lazy\" decoding=\"async\" title=\"Free Delivery on all Books at the Book Depository\" src=\"http:\/\/banners1.bookdepository.com\/accounts\/default1\/banners\/P_Generic_300x250.jpg\" alt=\"Free Delivery on all Books at the Book Depository\" width=\"300\" height=\"250\" \/><\/a><img loading=\"lazy\" decoding=\"async\" style=\"border: 0;\" src=\"https:\/\/affiliates.bookdepository.com\/scripts\/imp.php?a_aid=dubevg&amp;a_bid=fdd322a7\" alt=\"\" width=\"1\" height=\"1\" \/><\/p>\n<p>BOOK DEPOSITORY &#8211; BETTER THAN ANYBODY ELSE<\/p>\n<p>Books for lowest prices, sent to you with free worldwide delivery. And with every book you buy, you directly help the Dublin Event Guide (for Free Events) &#8230; IF you click on the link below! <a style=\"color: #cc2979; text-decoration: none;\" href=\"http:\/\/www.bookdepository.com?a_aid=dubevg\">www.bookdepository.com<\/a><\/p>\n<\/td>\n<\/tr>\n<\/tbody>\n<\/table>\n<table id=\"support\" width=\"100%\" cellspacing=\"0\" cellpadding=\"0\">\n<tbody>\n<tr>\n<td><a name=\"support\"><\/a><a style=\"text-decoration: none;\" href=\"#dff_top\"><img decoding=\"async\" src=\"http:\/\/dublineventguide.com\/dff\/admin\/images\/dividers\/support.png\" alt=\"Support\" border=\"0\" \/><\/a><\/td>\n<\/tr>\n<\/tbody>\n<\/table>\n<table width=\"100%\" cellspacing=\"0\" cellpadding=\"0\">\n<tbody>\n<tr>\n<td style=\"padding: 0 30px 15px;\">\n<div style=\"font-size: 13px; color: #534438; line-height: 20px;\">\n<p style=\"margin: 10px 0;\">This part is important to &#8220;keep the show on the road&#8221;:<\/p>\n<p>To cover the cost for the Dublin Event Guide I need your help and every week generous and nice Dublin Event Guide readers <a style=\"color: #cc2979; text-decoration: none;\" href=\"http:\/\/www.perfectresults.info\/donation.htm\" target=\"_blank\">help with a donation<\/a>.<\/p>\n<p style=\"margin: 10px 0;\">Last week not a single person was able or willing to support the Dublin Event Guide with a donation. :-( Please keep in mind that without donations there won&#8217;t be a Dublin Event Guide (for Free Events): Your donation will ensure that the Dublin Event Guide will continue arriving in your Inbox every week and every donation will benefit EVERY Dublin Event Guide reader!<\/p>\n<p>The cost for sending the weekly newsletter is approx. EUR 190 per month and a donation from you of just EUR 12 per year will ensure that I will be able to pay the bills.<br \/>\nHas the Dublin Event Guide helped you to find events that you otherwise wouldn&#8217;t have known about, or have you saved money by finding great free events? Then go to <a style=\"color: #cc2979; text-decoration: none;\" href=\"http:\/\/www.perfectresults.info\/donate.htm\" target=\"_blank\">here<\/a> and give something back!<\/p>\n<p style=\"margin: 10px 0;\">I appreciate ANY help: EUR 12 would be great (that&#8217;s just 25 cent per week!), but even if it is just the price of 2 pints it will help.<\/p>\n<p>You can donate online by following this link to the PayPal&amp;CreditCard <a style=\"color: #cc2979; text-decoration: none;\" href=\"http:\/\/www.perfectresults.info\/donation.htm\" target=\"_blank\">donation page<\/a>. If you want to transfer your donation directly to my account, just send a mail to dublineventguide@gmail.com and I will send you the details.<\/p>\n<p>In the last 12 months the following wonderful people have sponsored this Dublin Event Guide:<br \/>\nCaitriona NiL, Sheryl McG, Patrick O&#8217;C, Fillippo G, Amanda L, Mark C, Richard H, David H, Ryan M, Richard A, Arthur D, Feargal O&#8217;R, Scott P, Jackie C, David F, Belinda B, Sibylle D, Caroline D, Erinna B, Vicky L, Caoimhe A, Frank W, Ciara B, Isidro G, Rita B, Johan S, Clodagh O&#8217;C, Lorraine F, Irene C, Erzsebet H, George K, Bernadette B, Nicola S, Cathal L, Regina O&#8217;C, Justin M, Jaime M, Jef B,Susan F, Aine G, Deirdre G, John F, Mark G, Deborah B, Jane O&#8217;H, Fiona W, Pauline R, Stephen G, Morgan R, Genadil N, Esme E, Tim O&#8217;N, Natalie B, Eamonn U, Natalija B, Gerard P, Anabel PM, Fiona F, Eric C, Timothy McA, Gabriel K, Aoife M, Tara R, Aislinn T, Jennifer G, Claire D, Patricia O&#8217;D, Barry M, Sharon C, Sillybilly.ie, Emma G, Gerry T, Rebecca T, Comet Records, John F, Brian L, Joan S, Michael C, Aine Ni L, Fiona O&#8217;R, Noelle H, Paul M, Sarah S, Meav Ni M, Sin\u00e9ad J, GiveAffirmations.com, Sandra McD, Jutta B-S, Melanie B, Gwen M, Brian H.P., Anita W, Bairbre E, Carija I, Katarzyna C, Elaine K, Adriano G, Majella M, Eoin P, Catherine P, Arthur D, Elizabeth F, Mary C, Philippa F, Artem K, A C, Ann M, Brian R, Jake M, Mark G, Mark R, Shanel W, Luna B, Fiona D, Sean S, Zelie McG, Shona F, Serena F, Ann M, Nikki D, Christian K, Catherine E, Bridget W, Tania Z, Barbara Q-B, Tony B, Tom O&#8217;D, Sueanne O&#8217;H, Kay G, Laura S, Brian R, Sophie P-L, Eamonn H, Clarisa Sch, Clodagh O&#8217;C, Milena V, Lizzie B, Siobhan P, Susan B, Michelle M, Sharon K, Michele M, Bill G, Catherine O&#8217;S, Lisa O&#8217;B, Ivan S, Donald M, Martina D, Pascale M, Aishling B, Brendan M, Marta E, Rose P, Fiona D, Mark G, Majella M, Jennyfer P, Emeline J, Pauline R, Joe O&#8217;D, Clodagh C, Ellen B, Marsha L S, Geraldine C, Marta C L, Ana L, Tim O&#8217;N, Stephen McE, Aishling B, Ana R T, Clarissa de M A, Gordon S, Martin O&#8217;S, Keith O&#8217;B, Aaron D, Siobhan B, Vincent P, Carol McN, Nicola R, Marion K, Bernadette L, Stephen S, Joseph O&#8217;L, Roisin R, Maeve O&#8217;N, Jessica G, Monika K, Deirdre I, David S, Jurgen B, Claire D, Jenny H and Arthur&#8217;s Pub (<a style=\"color: #cc2979; text-decoration: none;\" href=\"http:\/\/www.arthurspub.ie\" target=\"_blank\">http:\/\/www.arthurspub.ie<\/a> A classic Dublin old-style pub in 28 Thomas Street with a new and buzzing music venue that runs lots of events), the Birdcage Bakery &amp; Cafe (<a style=\"color: #cc2979; text-decoration: none;\" href=\"https:\/\/www.facebook.com\/BirdcageBakery\" target=\"_blank\">https:\/\/www.facebook.com\/BirdcageBakery<\/a> An independent cafe and bakery in 23 Harcourt Road, Dublin 2), Cycling Campaign (<a style=\"color: #cc2979; text-decoration: none;\" href=\"http:\/\/www.dublincycling.ie\" target=\"_blank\">http:\/\/www.dublincycling.ie<\/a>), <a style=\"color: #cc2979; text-decoration: none;\" href=\"http:\/\/www.FlamencoIndalo.com\" target=\"_blank\">http:\/\/www.FlamencoIndalo.com<\/a> (A group that supports and promotes the art of Flamenco in Ireland), <a style=\"color: #cc2979; text-decoration: none;\" href=\"http:\/\/www.oliviercornetgallery.com\" target=\"_blank\">http:\/\/www.oliviercornetgallery.com<\/a> (An Art Gallery in 5 Cavendish Row), <a style=\"color: #cc2979; text-decoration: none;\" href=\"http:\/\/www.thepaulkanegallery.com\" target=\"_blank\">http:\/\/www.thepaulkanegallery.com<\/a> (A great Art Gallery, on the search for a new venue), <a style=\"color: #cc2979; text-decoration: none;\" href=\"http:\/\/www.cfcp.ie\" target=\"_blank\">http:\/\/www.cfcp.ie<\/a> (The Centre for Creative Practices is the the only arts centre in Ireland dedicated to connecting, integrating and promoting immigrant, experimental and emerging artists among the local arts scene and audiences) and <a style=\"color: #cc2979; text-decoration: none;\" href=\"http:\/\/www.KravMagaIreland.com\" target=\"_blank\">http:\/\/www.KravMagaIreland.com<\/a>, the self-defence training centre for everyone, which provides regular 12-week or 2-day self-defence training courses for beginners.<\/p>\n<p><a href=\"https:\/\/www.eventbrite.ie\/how-it-works\/\"><img decoding=\"async\" src=\"http:\/\/www.dublineventguide.com\/gif\/Eventbrite_Logo_Small.png\" alt=\"Eventbrite\" align=\"left\" \/><\/a>The main sponsor is <a style=\"color: #cc2979; text-decoration: none;\" href=\"https:\/\/www.eventbrite.ie\/how-it-works\/\" target=\"_blank\">Eventbrite<\/a> and their support is hugely appreciated! <strong>Eventbrite<\/strong> enables people all over the world to plan, promote, and sell out any event, and has sold over 200 million tickets and registrations worldwide, totalling more than $3 billion in gross ticket sales. <strong>Eventbrite<\/strong> is free for free events. The online event registration service makes it easy for everyone to discover events, and to share the events they are attending with the people they know. In this way, <strong>Eventbrite<\/strong> brings communities together by encouraging people to connect through live experiences.<\/p>\n<p style=\"margin: 10px 0;\">All events listed in this Event Guide are free of any admission charges (or at least appear to be free) unless otherwise stated. I try to find confirmation in all cases and do my best to double-check the information. However errors can happen and therefore no promise for correctness can be given.<\/p>\n<\/div>\n<p style=\"font-size: 13px; color: #534438; line-height: 20px; margin: 10px 0;\">&#8211;Advertisement&#8212;&#8212;&#8212;&#8212;&#8212;&#8212;&#8212;&#8212;&#8212;&#8212;&#8212;&#8212;<\/p>\n<p style=\"font-size: 13px; color: #534438; line-height: 20px; margin: 10px 0;\"><!--Groupon Ireland --><a href=\"http:\/\/www.awin1.com\/cread.php?s=344250&amp;v=4345&amp;q=162396&amp;r=140544\"><img decoding=\"async\" src=\"http:\/\/www.awin1.com\/cshow.php?s=344250&amp;v=4345&amp;q=162396&amp;r=140544\" alt=\"\" border=\"0\" \/><\/a><\/p>\n<\/td>\n<\/tr>\n<\/tbody>\n<\/table>\n<table id=\"picks\" width=\"100%\" cellspacing=\"0\" cellpadding=\"0\">\n<tbody>\n<tr>\n<td><a name=\"picks\"><\/a><a style=\"text-decoration: none;\" href=\"#dff_top\"><img decoding=\"async\" src=\"http:\/\/dublineventguide.com\/dff\/admin\/images\/dividers\/joergspicks.png\" alt=\"Joergs Picks\" border=\"0\" \/><\/a><\/td>\n<\/tr>\n<\/tbody>\n<\/table>\n<table width=\"100%\" cellspacing=\"0\" cellpadding=\"0\">\n<tbody>\n<tr>\n<td style=\"padding: 0 30px 15px;\">\n<div style=\"font-size: 13px; color: #534438; line-height: 20px;\">\n<p><em>This section is intended to provide some help in picking and choosing from the huge number of events by sharing with you what I will\/might or would do. This is not a &#8220;best of&#8230;&#8221; list and if an event is not listed here, it by no means implies that the event is not interesting. Instead my &#8220;picks&#8221; are just based on my personal preferences. All events mentioned here are described in detail further down.<\/em><\/p>\n<p style=\"margin: 10px 0;\">The big events this weekend are the Docklands Summer Festival at the Grand Canal Plaza on Saturday and Sunday, the Family Day Festival on Sunday and the Smithfield Market in the Generator Hostel in Sunday. I will definitely be at the Docklands Festival.<\/p>\n<\/div>\n<p style=\"font-size: 13px; color: #534438; line-height: 20px; margin: 10px 0;\">&#8211;Advertisement&#8212;&#8212;&#8212;&#8212;&#8212;&#8212;&#8212;&#8212;&#8212;&#8212;&#8212;&#8212;<\/p>\n<p style=\"font-size: 13px; color: #534438; line-height: 20px; margin: 10px 0;\"><a href=\"https:\/\/www.amazon.co.uk\/b?node=560798&amp;tag=dubeveguiforf-21&amp;camp=3294&amp;creative=22050&amp;linkCode=ur1&amp;adid=1BJB8D9XAB6M7P72RJX8&amp;\" target=\"_blank\"><img loading=\"lazy\" decoding=\"async\" src=\"http:\/\/www.dublineventguide.com\/gif\/amazonelec.jpg\" alt=\"\" width=\"728\" height=\"90\" \/><\/a><br \/>\nBUY FROM AMAZON VIA THIS LINK TO HELP THE DUBLIN EVENT GUIDE<\/p>\n<p>Postage to Ireland is free for most orders if you buy for more than GBP 25! And with every order via this link, the Dublin Event Guide (for Free Events) gets a small commission:<\/p>\n<\/td>\n<\/tr>\n<\/tbody>\n<\/table>\n<table id=\"competitions\" width=\"100%\" cellspacing=\"0\" cellpadding=\"0\">\n<tbody>\n<tr>\n<td><a name=\"competitions\"><\/a><a style=\"text-decoration: none;\" href=\"#dff_top\"><img decoding=\"async\" src=\"http:\/\/dublineventguide.com\/dff\/admin\/images\/dividers\/competitions.png\" alt=\"Competitions\" border=\"0\" \/><\/a><\/td>\n<\/tr>\n<\/tbody>\n<\/table>\n<table width=\"100%\" cellspacing=\"0\" cellpadding=\"0\">\n<tbody>\n<tr>\n<td style=\"padding: 0 30px; margin-bottom: 15px;\">\n<h2 style=\"font-size: 16px; color: #534438; margin: 0 0 5px; font-weight: normal; margin-top: 15px;\">Bloom Festival &#8211; Ticket Competition<\/h2>\n<h3 style=\"font-size: 13px; margin: 0; padding: 0; line-height: 16px; color: #534438;\"><\/h3>\n<div style=\"font-size: 13px; color: #534438; line-height: 20px; margin: 0; padding-top: 0;\">\n<p>Thurs 28 May &#8211; Mon 01 June (09:00-18:00)<br \/>\nPhoenix Park, Dublin 8<\/p>\n<p>One of the most popular yearly events is Bord Bia&#8217;s Bloom festival in Phoenix Park and it is back at the end of the month! Whether you want inspiration, education or entertainment, the place to be this June Bank Holiday weekend is the colourful Bloom Garden Festival in the Phoenix Park, Dublin. This year\u2019s event is five days long and packed with activities and things to see and experience. Kids go free and adults can buy their tickets on the website <a style=\"color: #cc2979; text-decoration: none;\" href=\"http:\/\/www.bloominthepark.com\">http:\/\/www.bloominthepark.com<\/a><\/p>\n<p style=\"margin: 10px 0;\">Bord Bia has 5 sets of 2 Bloom tickets to give away to Dublin Event Guide readers and if you would like to win this great price, send an e-mail to dublineventguide@gmail.com with BLOOM2015 in the subject line and your name and phone number in the body of the mail and importantly, also send your address, because the tickets will be sent to you. Your mail has to be with me by Wed 20 May at 12:00.<\/p>\n<p>In addition, Bord Bia is pleased to offer you all a very special ticket offer for 2015. Book on-line only on <a style=\"color: #cc2979; text-decoration: none;\" href=\"http:\/\/www.bloominthepark.com\">www.bloominthepark.com<\/a> before the event and use the promotional code DEG15 to get an extra EUR 2 discount off the advance ticket price to Bloom. This offer cannot be used in conjunction with any other offer.<\/p>\n<p style=\"margin: 10px 0;\">Bloom promises to be a great day out with something planned for all ages; it is a truly unique show, showcasing the finest Irish food, drink and of course horticulture. For any budding gardeners it will provide lots of inspiration and opportunities to pick up some beautiful plants, flowers, seeds and shrubs. Or if you want to explore growing your own fruit and vegetables then you\u2019ll get lots of tips on how to start growing at the show. But if gardening isn\u2019t your thing then you\u2019ll still have plenty to keep you busy including the Superb Food Village with plenty of artisan producers; the Best in Season marquees featuring growers of seasonal fruit and vegetables; the Chef&#8217;s Summer Kitchen will host cookery demonstrations from some of Ireland&#8217;s much loved chefs including Neven Maguire, Catherine Fulvio and Donal Skehan.<\/p>\n<p style=\"margin: 10px 0;\">With an outdoor music stage, picnic area, engaging spaces, kids playground and lots more besides, the Bloom festival really is the place to be this June bank holiday weekend. Have a wonderful day out and make sure you visit the Bord Bia Food Village which celebrates the best of Irish food, showcasing numerous aspects of horticulture and agriculture! If you don\u2019t fancy driving, use the train and avail of the courtesy shuttle bus from Heuston station to the 70 acre Bloom site.<\/p>\n<p><a style=\"color: #cc2979; text-decoration: none;\" href=\"http:\/\/www.bloominthepark.com\">http:\/\/www.bloominthepark.com<\/a><\/p>\n<\/div>\n<\/td>\n<\/tr>\n<tr>\n<td style=\"padding: 0 30px; margin-bottom: 15px;\">\n<h2 style=\"font-size: 16px; color: #534438; margin: 0 0 5px; font-weight: normal; margin-top: 15px;\">Singing Workshop with Jasmin Martorell \u2013 Ticket Competition<\/h2>\n<h3 style=\"font-size: 13px; margin: 0; padding: 0; line-height: 16px; color: #534438;\"><\/h3>\n<div style=\"font-size: 13px; color: #534438; line-height: 20px; margin: 0; padding-top: 0;\">\n<p>Sat 23 May + Sun 24 May &#8211; 11:00-18:00<br \/>\nHarbour Playhouse, 30 Avenue Road, Portobello, Dublin 8<\/p>\n<p style=\"margin: 10px 0;\">A weekend singing workshop with international vocal coach Jasmin Martorell will take place in the Harbour Playhouse. It is an intense and rewarding workshop suitable for non-singers to professionals.<\/p>\n<p style=\"margin: 10px 0;\">\u201cWith emphasis on breathing and vocal exercises, Jasmin\u2019s enthusiastic teaching and expert understanding of the vocal instrument give the participant the confidence and skill to develop their natural voice to its full potential. The work will be based on how to place your voice, how to breathe and how to reinforce the abdominal muscles, with development of the agility of vocal cords and awakening\/developing of the resonators. Participants will have the opportunity to work individually with Jasmin on a song of their choice.\u201d<\/p>\n<p style=\"margin: 10px 0;\">\u201cJasmin Martorell comes from France and is a highly skilled and inspired teacher of singing technique. He is a charismatic, enthusiastic and patient teacher who delights with his pupils in finding new and exciting possibilities for their voice. Head of vocal studies at the Centre de Musique Medievale de Paris since 1991, he is regularly invited to conduct Workshops in Singing in France, Brazil, Iran, India, Morocco, the Island of Reunion and Ireland.\u201d<\/p>\n<p style=\"margin: 10px 0;\">The fee for the two full days of training is EUR 100 and you can register with Luke Nelson via 083 1309030 or lukenelsonmusic@gmail.com<\/p>\n<p style=\"margin: 10px 0;\">And one reader of the Dublin Event Guide (for Free Events) will get the amazing opportunity to take part in this course for free: Luke has made one place available for a competition and if you want to be the winner, you will have to send a mail to dublineventguide@gmail.com with the subject MARTORELL_MAY and with your name and mobile phone number in the body of the mail. The winner will be chosen randomly from all entries, but you COULD tell me why you would like to win the course, if you feel like it. I appreciate reading the stories! Your e-mail has to be with me by 13:00 on Tues 19 May. Please only enter the competition if you are available on the course dates.<\/p>\n<p style=\"margin: 10px 0;\">Please note: You can book the course AND enter the competition and should you be the winner, you won\u2019t have to pay for the course. That way you won\u2019t have to wait until the draw before you book your place.<\/p>\n<p><a style=\"color: #cc2979; text-decoration: none;\" href=\"https:\/\/www.facebook.com\/events\/471648469654949\/\">https:\/\/www.facebook.com\/events\/471648469654949\/<\/a><\/p>\n<\/div>\n<\/td>\n<\/tr>\n<tr>\n<td style=\"padding: 0 30px; margin-bottom: 15px;\">\n<h2 style=\"font-size: 16px; color: #534438; margin: 0 0 5px; font-weight: normal; margin-top: 15px;\">Promote your product or event through a competition!<\/h2>\n<h3 style=\"font-size: 13px; margin: 0; padding: 0; line-height: 16px; color: #534438;\"><\/h3>\n<div style=\"font-size: 13px; color: #534438; line-height: 20px; margin: 0; padding-top: 0;\">\n<p style=\"margin: 10px 0;\">If you want to reach more than 23,000 people with a product promotion or an event promotion for a non-free event, contact me on dublineventguide@gmail.com and we can discuss the options. You provide the prize for the competition and the Dublin Event Guide (for Free Events) runs the competition for you. It couldn&#8217;t be simpler.<\/p>\n<p style=\"margin: 10px 0;\">And if you want me to use\/test a product you are selling and then share my assessment here in the Dublin Event Guide, we can talk about that too. I like testing out gear. ;-) [Currently I am looking to buy a high spec Android mobile phone and an action camera and would happily &#8220;test drive&#8221; some candidates.]<\/p>\n<\/div>\n<\/td>\n<\/tr>\n<tr>\n<td style=\"padding: 0 30px 15px;\">\n<p style=\"font-size: 13px; color: #534438; line-height: 20px; margin: 10px 0;\">&#8211;Advertisement&#8212;&#8212;&#8212;&#8212;&#8212;&#8212;&#8212;&#8212;&#8212;&#8212;&#8212;&#8212;<\/p>\n<p style=\"font-size: 13px; color: #534438; line-height: 20px; margin: 10px 0;\"><a href=\"http:\/\/www.awin1.com\/cread.php?s=517099&amp;v=4319&amp;q=252127&amp;r=140544\"><img decoding=\"async\" src=\"http:\/\/www.awin1.com\/cshow.php?s=517099&amp;v=4319&amp;q=252127&amp;r=140544\" alt=\"\" border=\"0\" \/><\/a><\/p>\n<\/td>\n<\/tr>\n<\/tbody>\n<\/table>\n<table id=\"news\" style=\"margin-top: 10px;\" width=\"100%\" cellspacing=\"0\" cellpadding=\"0\">\n<tbody>\n<tr>\n<td><a name=\"news\"><\/a><a style=\"text-decoration: none;\" href=\"#dff_top\"><img decoding=\"async\" src=\"http:\/\/dublineventguide.com\/dff\/admin\/images\/dividers\/news.png\" alt=\"Dublin news\" border=\"0\" \/><\/a><\/td>\n<\/tr>\n<\/tbody>\n<\/table>\n<table width=\"100%\" cellspacing=\"0\" cellpadding=\"0\">\n<tbody>\n<tr>\n<td style=\"padding: 0 30px; margin-bottom: 15px;\">\n<h2 style=\"font-size: 16px; color: #534438; margin: 0 0 5px; font-weight: normal; margin-top: 15px;\">Help the Dublin Event Guide! It won&#8217;t cost you a cent!<\/h2>\n<div style=\"font-size: 13px; color: #534438; line-height: 20px; margin: 0; padding-top: 0;\">\n<p style=\"margin: 10px 0;\">Do you enjoy free events? Does it help you to find out about all these free events simply in one e-mail magazine or on one website? Does the Dublin Event Guide (for Free Events) deliver all this for you and maybe even more? In that case, you probably also would want it to continue forever, right?<\/p>\n<p style=\"margin: 10px 0;\">To achieve that some money is needed. Donations are a great help, but not everyone feels they can donate at the moment. So here is the solution: If you could help with a donation without having to pay a cent from your own money wouldn&#8217;t that be cool? You can!!<\/p>\n<p style=\"margin: 10px 0;\">When you buy books online, buy them from Book Depository or from Amazon and use these links to go to the website:<\/p>\n<p><a style=\"color: #cc2979; text-decoration: none;\" href=\"http:\/\/www.bookdepository.com?a_aid=dubevg\" target=\"_blank\">Book Depository<\/a><br \/>\n<a style=\"color: #cc2979; text-decoration: none;\" href=\"http:\/\/www.amazon.co.uk\/?tag=dubevg-21\" target=\"_blank\">Amazon<\/a><\/p>\n<p style=\"margin: 10px 0;\">And when you buy from Living Social or Groupon use these links:<\/p>\n<p><a style=\"color: #cc2979; text-decoration: none;\" href=\"http:\/\/www.awin1.com\/cread.php?s=344250&amp;v=4345&amp;q=162396&amp;r=140544\" target=\"_blank\">Groupon <\/a><br \/>\n<a style=\"color: #cc2979; text-decoration: none;\" href=\"http:\/\/www.awin1.com\/awclick.php?mid=4319&amp;id=140544\" target=\"_blank\">LivingSocial <\/a><\/p>\n<p style=\"margin: 10px 0;\">When you buy holidays (from Lastminute.com, Expedia or Hotels.com) or other products buy them via clicking on the links below:<\/p>\n<p><a style=\"color: #cc2979; text-decoration: none;\" href=\"http:\/\/www.awin1.com\/awclick.php?mid=5963&amp;id=140544\" target=\"_blank\">HMV<\/a> | | <a style=\"color: #cc2979; text-decoration: none;\" href=\"http:\/\/clk.tradedoubler.com\/click?p=72121&amp;a=1719778&amp;g=19980094\">Vodafone<\/a> | <a style=\"color: #cc2979; text-decoration: none;\" href=\"http:\/\/clk.tradedoubler.com\/click?p=80221&amp;a=1719778&amp;g=18250508\">Pixmania<\/a><a href=\"http:\/\/clk.tradedoubler.com\/click?p=74700&amp;a=1719778&amp;g=18027174\"><br \/>\nExpedia<\/a> | <a style=\"color: #cc2979; text-decoration: none;\" href=\"http:\/\/www.awin1.com\/cread.php?s=308748&amp;v=4363&amp;q=145658&amp;r=140544\">Lastminute.com<\/a> | <a style=\"color: #cc2979; text-decoration: none;\" href=\"http:\/\/clk.tradedoubler.com\/click?p=24526&amp;a=1719778&amp;g=17946642\">Hotels.com<\/a><\/p>\n<p style=\"margin: 10px 0;\">When you click on the link and then buy, your books\/products\/holidays etc cost exactly the same as if you went to the website directly. But if you go via the links above, the Dublin Event Guide (for Free Events) will get 5-8% of what you spend as a commission. That&#8217;s not a lot, but if you and lots of other people used that link every time, it would amount to a fair amount of crucially important money. Use the links often, actually EVERY time you buy from the relevant site, not just once!<\/p>\n<p>Giving money for free! That&#8217;s how easy it is. ;-)<strong> THANK YOU!!!<\/strong><\/p>\n<p>And if you want to donate money directly, then you can do that here: <a style=\"color: #cc2979; text-decoration: none;\" href=\"http:\/\/www.perfectresults.info\/donation.htm\">http:\/\/www.perfectresults.info\/donation.htm<\/a><\/p>\n<h2 style=\"font-size: 16px; color: #534438; margin: 0 0 5px; font-weight: normal; margin-top: 15px;\">Dublin Event Guide Smartphone App &#8220;Dublin For Free&#8221;<\/h2>\n<p>Find all details on where to get and how to install the app at <a style=\"color: #cc2979; text-decoration: none;\" href=\"http:\/\/www.dublineventguide.com\/mobile.html\" target=\"_blank\">http:\/\/www.dublineventguide.com\/mobile.html<\/a><\/p>\n<p style=\"margin: 10px 0;\">*****************************************************************************<\/p>\n<\/div>\n<\/td>\n<\/tr>\n<tr>\n<td style=\"padding: 0 30px; margin-bottom: 15px;\">\n<h2 style=\"font-size: 16px; color: #534438; margin: 0 0 5px; font-weight: normal; margin-top: 15px;\">No Dublin City Soul Festival 2015! Festival got canceled.<\/h2>\n<div style=\"font-size: 13px; color: #534438; line-height: 20px; margin: 0; padding-top: 0;\">\n<p style=\"margin: 10px 0;\">Bad news reached me during the week: One of my most favourite festivals, the Dublin City Soul Festival will NOT happen this year. It was already very close last year, but the festival got saved in the last minute. This year the lack of funds meant that there was not enough money there to run it this year.<\/p>\n<p style=\"margin: 10px 0;\">Chris Maher and his team, who ran the festival for eight great years tried to reach out to all the Soul Festival fans through a crowd-funding campaign, but the response was very disappointing and stayed far below the amount that was required. And despite its clear popularity, the festival never managed to attract sufficient corporate sponsorship.<\/p>\n<p style=\"margin: 10px 0;\">Will it be back in 2016? Who knows! I&#8217;d say the Soul Festival Team will try their best, but without a miracle regarding funding, we can&#8217;t be too optimistic.<\/p>\n<p><a style=\"color: #cc2979; text-decoration: none;\" href=\"http:\/\/www.dublincitysoulfestival.ie\/\">http:\/\/www.dublincitysoulfestival.ie\/<\/a><\/p>\n<\/div>\n<\/td>\n<\/tr>\n<tr>\n<td style=\"padding: 0 30px; margin-bottom: 15px;\">\n<h2 style=\"font-size: 16px; color: #534438; margin: 0 0 5px; font-weight: normal; margin-top: 15px;\">Summer Job in Spain for Teachers<\/h2>\n<div style=\"font-size: 13px; color: #534438; line-height: 20px; margin: 0; padding-top: 0;\">\n<p style=\"margin: 10px 0;\">The Chester College in Santiago de Compostela is looking for a Director for Musical Theatre and an English &amp; Drama Teacher for their English Language Summer Camp for Spanish students in July 2015.<\/p>\n<p style=\"margin: 10px 0;\">Are you interested? You don&#8217;t need to speak Spanish! Send your CV (including contact details of 2 references) to employment@chestercollege.org as soon as possible!<\/p>\n<p><a style=\"color: #cc2979; text-decoration: none;\" href=\"http:\/\/www.chestercollege.org\/\">http:\/\/www.chestercollege.org\/<\/a><\/p>\n<\/div>\n<\/td>\n<\/tr>\n<tr>\n<td style=\"padding: 0 30px; margin-bottom: 15px;\">\n<h2 style=\"font-size: 16px; color: #534438; margin: 0 0 5px; font-weight: normal; margin-top: 15px;\">The Pint Bar closing<\/h2>\n<div style=\"font-size: 13px; color: #534438; line-height: 20px; margin: 0; padding-top: 0;\">\n<p style=\"margin: 10px 0;\">The Pint Bar &amp; Venue at 28 Eden Quay, Dublin 1 is closing down and will only operate for another short while to accommodate some bookings. The Pint ran a good few dance and DJ events, but seemingly that was not enough. No reason was given for the closure.<\/p>\n<p style=\"margin: 10px 0;\">The building is from 1768 and while in a somewhat tricky corner for attracting large amount of business, it would be surprising if not some other pub oftened in the premises soon again.<\/p>\n<\/div>\n<\/td>\n<\/tr>\n<tr>\n<td style=\"padding: 0 30px; margin-bottom: 15px;\">\n<h2 style=\"font-size: 16px; color: #534438; margin: 0 0 5px; font-weight: normal; margin-top: 15px;\"><\/h2>\n<div style=\"font-size: 13px; color: #534438; line-height: 20px; margin: 0; padding-top: 0;\">\n<p><a href=\"http:\/\/www.awin1.com\/cread.php?s=517089&amp;v=4319&amp;q=252125&amp;r=140544\"><img decoding=\"async\" src=\"http:\/\/www.awin1.com\/cshow.php?s=517089&amp;v=4319&amp;q=252125&amp;r=140544\" alt=\"\" border=\"0\" \/><\/a><\/p>\n<p><a href=\"http:\/\/www.awin1.com\/cread.php?s=517093&amp;v=4319&amp;q=252125&amp;r=140544\"><img decoding=\"async\" src=\"http:\/\/www.awin1.com\/cshow.php?s=517093&amp;v=4319&amp;q=252125&amp;r=140544\" alt=\"\" border=\"0\" \/><\/a><\/p>\n<p><a href=\"http:\/\/www.awin1.com\/cread.php?s=517095&amp;v=4319&amp;q=252125&amp;r=140544\"><img decoding=\"async\" src=\"http:\/\/www.awin1.com\/cshow.php?s=517095&amp;v=4319&amp;q=252125&amp;r=140544\" alt=\"\" border=\"0\" \/><\/a><\/p>\n<p style=\"margin: 10px 0;\">\n<\/div>\n<\/td>\n<\/tr>\n<tr>\n<td style=\"padding: 0 30px; margin-bottom: 15px;\">\n<h2 style=\"font-size: 16px; color: #534438; margin: 0 0 5px; font-weight: normal; margin-top: 15px;\">Bealtaine Festival + International Literature Festival Dublin in May<\/h2>\n<div style=\"font-size: 13px; color: #534438; line-height: 20px; margin: 0; padding-top: 0;\">\n<p>The Bealtaine Festival, the festival for older people (celebrating &#8220;creativity as we age&#8221;) is continuing and will run until the end of May. Nearly all events are free and if you are in the target age group of approx. above 55, then you should check the events out at <a style=\"color: #cc2979; text-decoration: none;\" href=\"http:\/\/www.bealtaine.com\/bealtaine-2015\/programme\/listing\/Dublin\">http:\/\/www.bealtaine.com\/bealtaine-2015\/programme\/listing\/Dublin<\/a> Dublin City is one of the biggest contributors to the Bealtaine Festival through a vast amount of events in Libraries and they have created a useful programme brochure that you can download <a style=\"color: #cc2979; text-decoration: none;\" href=\"http:\/\/dublincity.ie\/sites\/default\/files\/content\/RecreationandCulture\/libraries\/Events\/Documents\/Bealtaine-2015-Final-resized.pdf\" target=\"_blank\">here<\/a>.<\/p>\n<p>And from 16-24 May the International Literature Festival Dublin (ILFD), which is the renamed Dublin Writers Festival, will also take place. Most of the ILFD events incur an admission charge, so I was only able to include very few events in this Dublin Event Guide, but if you are interested in Literature, check the festival details at <a style=\"color: #cc2979; text-decoration: none;\" href=\"http:\/\/www.ilfdublin.com\">http:\/\/www.ilfdublin.com<\/a><\/p>\n<\/div>\n<\/td>\n<\/tr>\n<\/tbody>\n<\/table>\n<table width=\"100%\" cellspacing=\"0\" cellpadding=\"0\">\n<tbody>\n<tr>\n<td style=\"padding: 0 30px 15px;\">\n<p style=\"font-size: 13px; color: #534438; line-height: 20px; margin: 10px 0;\"><a href=\"https:\/\/www.amazon.co.uk\/b?node=266239&amp;tag=dubeveguiforf-21&amp;camp=3290&amp;creative=21954&amp;linkCode=ur1&amp;adid=07CA4B2Q4TCZZXWXN1W4&amp;\" target=\"_blank\"><img loading=\"lazy\" decoding=\"async\" src=\"http:\/\/www.dublineventguide.com\/gif\/amazonbooks.jpg\" alt=\"\" width=\"728\" height=\"90\" \/><\/a><\/p>\n<\/td>\n<\/tr>\n<\/tbody>\n<\/table>\n<table width=\"100%\" cellspacing=\"0\" cellpadding=\"0\">\n<tbody>\n<tr>\n<td><a style=\"text-decoration: none;\" href=\"#dff_top\"><img decoding=\"async\" src=\"http:\/\/dublineventguide.com\/dff\/admin\/images\/dividers\/opportunities.png\" alt=\"Opportunities\" border=\"0\" \/><\/a><\/td>\n<\/tr>\n<\/tbody>\n<\/table>\n<table width=\"100%\" cellspacing=\"0\" cellpadding=\"0\">\n<tbody>\n<tr>\n<td style=\"padding: 0 30px 15px;\">\n<div style=\"font-size: 13px; color: #534438; line-height: 20px;\">\n<p style=\"margin: 10px 0;\">The former &#8220;Opportunities&#8221; section is now Eventbrite&#8217;s section to highlight some of the events they &#8211; as the main sponsor of the Dublin Event Guide (for Free Events) &#8211; would particularly like to bring to your attention. Many events listed here will be free, but there will be a non-free event in the list as well and they will be marked as non-free. All information is supplied by Eventbrite:<\/p>\n<p style=\"margin: 10px 0;\">== EVENTBRITE PICKS ==<\/p>\n<p>WATERWAYS IRELAND DOCKLANDS SUMMER FESTIVAL- SATURDAY &amp; SUNDAY<br \/>\nThe Docklands Summer Festival takes place this Saturday and Sunday. You, your family and friends can expect to see Wakeboard Riders coming from the Netherlands, USA, Sweden, Belgium and Great Britain to take on Ireland&#8217;s Best.<br \/>\nThe spectacular Grand Canal Dock programme will run each day with open markets, entertainers, funfair, raft &amp; duck races and much more. <a style=\"color: #cc2979; text-decoration: none;\" href=\"http:\/\/www.eventbrite.ie\/e\/waterways-ireland-docklands-summer-festival-tickets-16119503870?aff=es2\" target=\"_blank\">Find out more here.<\/a><\/p>\n<p>JOBS EXPO DUBLIN 2015 &#8211; SATURDAY &amp; SUNDAY<br \/>\nThis weekend Jobs Expo Dublin returns to the RDS. From Interview Skills, how to write your CV, how to get yourself out of a rut and sales to self-employment, how to become an effective leader, exploring opportunities in today&#8217;s job market and skills and training for the pharmaceutical and medical device Industry &#8211; you&#8217;ll find it all at Jobs Expo this weekend.<a href=\"http:\/\/www.eventbrite.ie\/e\/jobs-expo-dublin-2015-saturday-tickets-15289317761?aff=es2\" target=\"_blank\"><br \/>\nBook your free place here.<\/a><\/p>\n<p>And you can find more events at <a style=\"color: #cc2979; text-decoration: none;\" href=\"http:\/\/www.eventbrite.ie\">www.eventbrite.ie<\/a> or <a style=\"color: #cc2979; text-decoration: none;\" href=\"https:\/\/www.eventbrite.ie\/eventbriteapp\/\" target=\"_blank\">download the Eventbrite app<\/a> to find events around you.<\/p>\n<\/div>\n<\/td>\n<\/tr>\n<\/tbody>\n<\/table>\n<table id=\"exhibitions\" style=\"margin-top: 10px;\" width=\"100%\" cellspacing=\"0\" cellpadding=\"0\">\n<tbody>\n<tr>\n<td><a name=\"exhibitions\"><\/a><a style=\"text-decoration: none;\" href=\"#dff_top\"><img decoding=\"async\" src=\"http:\/\/dublineventguide.com\/dff\/admin\/images\/dividers\/exhibitions.png\" alt=\"Exhibitions\" border=\"0\" \/><\/a><\/td>\n<\/tr>\n<\/tbody>\n<\/table>\n<table style=\"margin-bottom: 20px;\" width=\"100%\" cellspacing=\"0\" cellpadding=\"0\">\n<tbody>\n<tr>\n<td style=\"padding: 0 30px; margin-bottom: 15px;\">\n<div style=\"font-size: 13px; color: #534438; line-height: 20px;\">\n<p>Based on your feedback, I have decided to do the following with the Exhibition section in this newsletter from now on: I will provide you with a link to a near-comprehensive listing of exhibitions provided by <a style=\"color: #cc2979; text-decoration: none;\" href=\"http:\/\/www.visualartists.ie\">www.visualartists.ie<\/a> . For me to list all exhibitions would only be doubling their good work and would be an inefficient use of my resources. The link is <a style=\"color: #cc2979; text-decoration: none;\" href=\"http:\/\/www.visualartists.ie\/category\/listings\/dublin\/\">http:\/\/www.visualartists.ie\/category\/listings\/dublin\/<\/a><\/p>\n<p style=\"margin: 10px 0;\">On top of that I will every now and then include here a small selection of exhibitions that either are not mentioned in the Visual Artist listing or are note-worthy to be mentioned separately.<\/p>\n<div class=\"copyIcon copy0\"><\/div>\n<\/div>\n<\/td>\n<\/tr>\n<\/tbody>\n<\/table>\n<table width=\"100%\" cellspacing=\"0\" cellpadding=\"0\">\n<tbody>\n<tr>\n<td style=\"padding: 10px 30px;\">\n<table width=\"100%\" cellspacing=\"0\" cellpadding=\"0\">\n<tbody>\n<tr>\n<td valign=\"top\" width=\"52\"><img loading=\"lazy\" decoding=\"async\" src=\"http:\/\/dublineventguide.com\/dff\/admin\/images\/exhibition.png\" alt=\"\" width=\"40\" height=\"41\" \/><\/td>\n<td>\n<h2 style=\"font-size: 16px; color: #534438; margin: 0; font-weight: normal;\">Peachy Dublin<\/h2>\n<h3 style=\"font-size: 13px; margin: 0; padding: 0; line-height: 16px; color: #534438;\">14-16 May<\/h3>\n<p style=\"font-size: 13px; color: #534438; line-height: 20px; margin: 0; padding-top: 0;\">Temple Bar Gallery + Studios, 5-9 Temple Bar, Dublin 2<\/p>\n<div style=\"font-size: 13px; color: #534438; line-height: 20px; margin: 0; padding-top: 0;\">\n<p style=\"margin: 10px 0;\">Peachy Dublin is an art and documentary venture that has been running since January 2015. They now have curated an art exhibition made up of the public&#8217;s thoughts, hopes and dreams as interpreted by artists across the country. The sale of the artwork coupled with donations will all be going to the charity Aware Ireland.<\/p>\n<p>Find out more here <a style=\"color: #cc2979; text-decoration: none;\" href=\"https:\/\/www.facebook.com\/events\/1565707720359431\/\">https:\/\/www.facebook.com\/events\/1565707720359431\/<\/a> and have a look, maybe even buy some of the art.<\/p>\n<\/div>\n<\/td>\n<\/tr>\n<tr>\n<td valign=\"top\" width=\"52\"><img loading=\"lazy\" decoding=\"async\" src=\"http:\/\/dublineventguide.com\/dff\/admin\/images\/exhibition.png\" alt=\"\" width=\"40\" height=\"41\" \/><\/td>\n<td>\n<h2 style=\"font-size: 16px; color: #534438; margin: 0; font-weight: normal;\">Kaleidoscope End of Year Show 2015<\/h2>\n<h3 style=\"font-size: 13px; margin: 0; padding: 0; line-height: 16px; color: #534438;\">Thurs 21 May (17:30-21:00) + Fri 22 May (10:00-16:00)<\/h3>\n<p style=\"font-size: 13px; color: #534438; line-height: 20px; margin: 0; padding-top: 0;\">Block A, The Institute of Technology Blanchardstown, Dublin 15<\/p>\n<div style=\"font-size: 13px; color: #534438; line-height: 20px; margin: 0; padding-top: 0;\">\n<p style=\"margin: 10px 0;\">Join the Creative Digital Media students at the Institute of Technology Blanchardstown at the Kaleidoscope End of Year Show 2015, where a range of innovative and emerging talent will exhibit their projects. The final year students will be showing a range of work including documentaries, short films, mobile applications, games, branding and marketing projects and much more.<\/p>\n<p><a style=\"color: #cc2979; text-decoration: none;\" href=\"https:\/\/www.facebook.com\/events\/480146405469354\/\" target=\"_blank\"> https:\/\/www.facebook.com\/events\/480146405469354\/<\/a><\/p>\n<\/div>\n<\/td>\n<\/tr>\n<tr>\n<td valign=\"top\" width=\"52\"><img loading=\"lazy\" decoding=\"async\" src=\"http:\/\/dublineventguide.com\/dff\/admin\/images\/exhibition.png\" alt=\"\" width=\"40\" height=\"41\" \/><\/td>\n<td>\n<h2 style=\"font-size: 16px; color: #534438; margin: 0; font-weight: normal;\">Paula Pohli: Lino and Egg<\/h2>\n<h3 style=\"font-size: 13px; margin: 0; padding: 0; line-height: 16px; color: #534438;\">7-29 May (Opening on 07 May at 18:00)<\/h3>\n<p style=\"font-size: 13px; color: #534438; line-height: 20px; margin: 0; padding-top: 0;\">darc space Gallery, 26 North Great Georges Street, Dublin 1<\/p>\n<div style=\"font-size: 13px; color: #534438; line-height: 20px; margin: 0; padding-top: 0;\">\n<p style=\"margin: 10px 0;\">The exhibition includes new linocuts and egg tempera paintings by Paula Pohli. Egg tempera paintings are made with egg yolk, pigments and water.<\/p>\n<p style=\"margin: 10px 0;\">The exhibition will display over 40 framed works and the themse are nature, trees, fields, birds, animals, light on moss, etc to be found in the Mayo Abbey area of South County Mayo.<\/p>\n<p style=\"margin: 10px 0;\">Admission to opening and exhibition is free.<\/p>\n<p><a style=\"color: #cc2979; text-decoration: none;\" href=\"https:\/\/www.facebook.com\/pages\/darc-space\/106075889415648\">https:\/\/www.facebook.com\/pages\/darc-space\/106075889415648<\/a><\/p>\n<\/div>\n<\/td>\n<\/tr>\n<tr>\n<td valign=\"top\" width=\"52\"><img loading=\"lazy\" decoding=\"async\" src=\"http:\/\/dublineventguide.com\/dff\/admin\/images\/exhibition.png\" alt=\"\" width=\"40\" height=\"41\" \/><\/td>\n<td>\n<h2 style=\"font-size: 16px; color: #534438; margin: 0; font-weight: normal;\">Love&#8230; Italian Style<\/h2>\n<h3 style=\"font-size: 13px; margin: 0; padding: 0; line-height: 16px; color: #534438;\">14-22 May (Open: Mon-Fri 10:00-13:00 + 14:00-17:00)<\/h3>\n<p style=\"font-size: 13px; color: #534438; line-height: 20px; margin: 0; padding-top: 0;\">Italian Institute of Culture, 11 Fitzwilliam Square East, Dublin 2<\/p>\n<div style=\"font-size: 13px; color: #534438; line-height: 20px; margin: 0; padding-top: 0;\">\n<p style=\"margin: 10px 0;\">&#8220;Love&#8230;Italian Style &#8211; Changing Customs and Ideas and Love and Marriage in Italy between 1945 and 1974&#8221; is an exhibition curated by Dr Niamh Cullen (University College Dublin) that will uncover the reality behind the stereotype of the &#8220;Latin Lover&#8221;.<\/p>\n<p style=\"margin: 10px 0;\">The exhibition explores how ideas about courtship, love and marriage in Italy were changing in the 1950s and 1960s through the lens of popular magazines. The economic miracle of the late 1950s and 1960s also transformed Italian society, prompting widespread migration to the cities and the growth of a mass consumer society. The role of the family in Italian society, gender roles and relations were also changing, and as they did so, definitions of love and marriage themselves were being transformed.<\/p>\n<p style=\"margin: 10px 0;\">The exhibition will be opened at 18:30 on 14 May with a talk by Prof. Emanuela Scarpellini (Universit\u00e0 degli studi di Milano) entitled &#8220;A changing society: Family and consumer culture in Italy in the 1950s-1960s&#8221;.<\/p>\n<p><a style=\"color: #cc2979; text-decoration: none;\" href=\"http:\/\/www.loveitalianstyleexhibition.com\">http:\/\/www.loveitalianstyleexhibition.com<\/a><br \/>\n<a style=\"color: #cc2979; text-decoration: none;\" href=\"http:\/\/www.iicdublino.esteri.it\/IIC_Dublino\/webform\/SchedaEvento.aspx?id=632&amp;citta=Dublino\">http:\/\/www.iicdublino.esteri.it\/IIC_Dublino\/webform\/SchedaEvento.aspx?id=632&amp;citta=Dublino<\/a><\/p>\n<\/div>\n<\/td>\n<\/tr>\n<tr>\n<td valign=\"top\" width=\"52\"><img loading=\"lazy\" decoding=\"async\" src=\"http:\/\/dublineventguide.com\/dff\/admin\/images\/exhibition.png\" alt=\"\" width=\"40\" height=\"41\" \/><\/td>\n<td>\n<h2 style=\"font-size: 16px; color: #534438; margin: 0; font-weight: normal;\">La Cote d\u2019Azur &#8211; Photographic Exhibition<\/h2>\n<h3 style=\"font-size: 13px; margin: 0; padding: 0; line-height: 16px; color: #534438;\">13 May &#8211; 16 June<\/h3>\n<p style=\"font-size: 13px; color: #534438; line-height: 20px; margin: 0; padding-top: 0;\">Alliance Francaise, 1 Kildare Street, Dublin 2<\/p>\n<div style=\"font-size: 13px; color: #534438; line-height: 20px; margin: 0; padding-top: 0;\">\n<p style=\"margin: 10px 0;\">La Cote d&#8217;Azur is a photographic exhibition by Fares Fares of mainly landscapes and architecture with the goal to present the places along the Cote d&#8217;Azur in a different perspective than the post card images do.<\/p>\n<p><a style=\"color: #cc2979; text-decoration: none;\" href=\"http:\/\/www.alliance-francaise.ie\/culture\/\">http:\/\/www.alliance-francaise.ie\/culture\/<\/a><\/p>\n<\/div>\n<\/td>\n<\/tr>\n<tr>\n<td valign=\"top\" width=\"52\"><img loading=\"lazy\" decoding=\"async\" src=\"http:\/\/dublineventguide.com\/dff\/admin\/images\/exhibition.png\" alt=\"\" width=\"40\" height=\"41\" \/><\/td>\n<td>\n<h2 style=\"font-size: 16px; color: #534438; margin: 0; font-weight: normal;\">&#8220;Photoworks&#8221; &#8211; Griffith College 2nd Year Photography Students Showcase<\/h2>\n<h3 style=\"font-size: 13px; margin: 0; padding: 0; line-height: 16px; color: #534438;\">14-17 May<\/h3>\n<p style=\"font-size: 13px; color: #534438; line-height: 20px; margin: 0; padding-top: 0;\">Chocolate Factory, 26 King&#8217;s Inn Street, Dublin 1<\/p>\n<div style=\"font-size: 13px; color: #534438; line-height: 20px; margin: 0; padding-top: 0;\">\n<p style=\"margin: 10px 0;\">A showcase by the Griffith College 2nd Year Photography Students will be in the Chocolate Factory for one weekend only. The exhibition opens on Thursday at 19:00<\/p>\n<\/div>\n<\/td>\n<\/tr>\n<\/tbody>\n<\/table>\n<\/td>\n<\/tr>\n<\/tbody>\n<\/table>\n<table width=\"100%\" cellspacing=\"0\" cellpadding=\"0\">\n<tbody>\n<tr>\n<td style=\"padding: 0 30px 15px;\">\n<p style=\"font-size: 13px; color: #534438; line-height: 20px; margin: 10px 0;\"><!--START MERCHANT:merchant name Lastminute Ireland from affiliatewindow.com.--><a href=\"http:\/\/www.awin1.com\/cread.php?s=308748&amp;v=4363&amp;q=145658&amp;r=140544\"><img decoding=\"async\" src=\"http:\/\/www.awin1.com\/cshow.php?s=308748&amp;v=4363&amp;q=145658&amp;r=140544\" alt=\"\" border=\"0\" \/><\/a><!--END MERCHANT:merchant name Lastminute Ireland from affiliatewindow.com--><\/p>\n<\/td>\n<\/tr>\n<\/tbody>\n<\/table>\n<table id=\"day_1431730800\" style=\"margin-top: 10px;\" width=\"100%\" cellspacing=\"0\" cellpadding=\"0\">\n<tbody>\n<tr style=\"background-color: #c20162; color: #fff;\">\n<td style=\"padding: 0; line-height: 1; height: 34px; overflow: hidden;\">\n<p style=\"width: 630px; padding-left: 30px; margin: 0; height: 34px; overflow: hidden; line-height: 34px;\"><a name=\"day_1431730800\"><\/a><strong>Saturday <\/strong> 16 May<\/p>\n<\/td>\n<td>\n<p style=\"margin: 0; line-height: 34px; padding: 0; font-size: 13px;\"><a style=\"color: #fff; text-decoration: none;\" href=\"#dff_top\">back to top<\/a><\/p>\n<\/td>\n<td>\n<p style=\"margin: 0; padding: 0; font-size: 13px;\"><a style=\"color: #fff; text-decoration: none;\" href=\"#dff_top\"><img loading=\"lazy\" decoding=\"async\" src=\"http:\/\/dublineventguide.com\/dff\/admin\/images\/dividers\/date_toplink.png\" alt=\"Back to top\" width=\"38\" height=\"34\" \/><\/a><\/p>\n<\/td>\n<td width=\"50\"><\/td>\n<\/tr>\n<\/tbody>\n<\/table>\n<table width=\"100%\" cellspacing=\"0\" cellpadding=\"0\">\n<tbody>\n<tr>\n<td style=\"padding: 10px 30px;\">\n<table width=\"100%\" cellspacing=\"0\" cellpadding=\"0\">\n<tbody>\n<tr>\n<td valign=\"top\" width=\"52\"><img loading=\"lazy\" decoding=\"async\" src=\"http:\/\/dublineventguide.com\/dff\/admin\/images\/categories\/MARKETS.png\" alt=\"\" width=\"32\" height=\"32\" \/><\/td>\n<td>\n<h2 style=\"font-size: 16px; color: #534438; margin: 0 0 5px; font-weight: normal;\">Car Boot Sales &#8211; Tallaght<\/h2>\n<h3 style=\"font-size: 13px; margin: 0; padding: 0; line-height: 16px; color: #534438;\"><img loading=\"lazy\" decoding=\"async\" style=\"display: inline; float: left;\" src=\"http:\/\/dublineventguide.com\/dff\/admin\/images\/weekly.png\" alt=\"\" width=\"69\" height=\"16\" \/> 08:00 &#8211; 12:00, Sat 16 May<\/h3>\n<p style=\"font-size: 13px; color: #534438; line-height: 20px; margin: 0; padding-top: 0;\">Tallaght Stadium, Whitestown Way, Tallaght, Co. Dublin<\/p>\n<table width=\"100%\" cellspacing=\"0\" cellpadding=\"0\">\n<tbody>\n<tr>\n<td valign=\"top\">\n<div style=\"font-size: 13px; color: #534438; line-height: 20px;\">\n<p style=\"margin: 10px 0;\">A weekly car boot sale, one of less than a handful that is still reliably taking place, has up to 200 cars\/sellers. The stadium is just a few minutes walk from the Red LUAS line stop and numerous bus stops. For traders the Car Boot Sale opens at 06:30 for buyers from 08:00. If you are interested in selling, check the details and register on their website.<\/p>\n<\/div>\n<div style=\"font-size: 13px; color: #534438; line-height: 20px;\"><\/div>\n<p style=\"font-size: 13px; color: #534438; line-height: 20px;\"><a style=\"color: #cc2979; text-decoration: none;\" href=\"http:\/\/www.irishcarboot.ie\/\">http:\/\/www.irishcarboot.ie\/<\/a><\/p>\n<\/td>\n<td valign=\"top\"><\/td>\n<\/tr>\n<\/tbody>\n<\/table>\n<\/td>\n<\/tr>\n<\/tbody>\n<\/table>\n<\/td>\n<\/tr>\n<\/tbody>\n<\/table>\n<table width=\"100%\" cellspacing=\"0\" cellpadding=\"0\">\n<tbody>\n<tr>\n<td style=\"padding: 10px 30px;\">\n<table width=\"100%\" cellspacing=\"0\" cellpadding=\"0\">\n<tbody>\n<tr>\n<td valign=\"top\" width=\"52\"><img loading=\"lazy\" decoding=\"async\" src=\"http:\/\/dublineventguide.com\/dff\/admin\/images\/categories\/MARKETS.png\" alt=\"\" width=\"32\" height=\"32\" \/><\/td>\n<td>\n<h2 style=\"font-size: 16px; color: #534438; margin: 0 0 5px; font-weight: normal;\">Malahide Car Boot Sale<\/h2>\n<h3 style=\"font-size: 13px; margin: 0; padding: 0; line-height: 16px; color: #534438;\">09:00 &#8211; 13:00, Sat 16 May<\/h3>\n<p style=\"font-size: 13px; color: #534438; line-height: 20px; margin: 0; padding-top: 0;\">Malahide Rugby Club, Estuary Road, Malahide, Co. Dublin<\/p>\n<table width=\"100%\" cellspacing=\"0\" cellpadding=\"0\">\n<tbody>\n<tr>\n<td valign=\"top\">\n<div style=\"font-size: 13px; color: #534438; line-height: 20px;\">\n<p style=\"margin: 10px 0;\">The Malahide Car Boot Sale is running every Saturday at the Malahide Rugby Club. Admission is free for buyers.<\/p>\n<\/div>\n<div style=\"font-size: 13px; color: #534438; line-height: 20px;\"><\/div>\n<p style=\"font-size: 13px; color: #534438; line-height: 20px;\"><a style=\"color: #cc2979; text-decoration: none;\" href=\"https:\/\/www.facebook.com\/MalahideCarBoot\">https:\/\/www.facebook.com\/MalahideCarBoot<\/a><\/p>\n<\/td>\n<td valign=\"top\"><\/td>\n<\/tr>\n<\/tbody>\n<\/table>\n<\/td>\n<\/tr>\n<\/tbody>\n<\/table>\n<\/td>\n<\/tr>\n<\/tbody>\n<\/table>\n<table width=\"100%\" cellspacing=\"0\" cellpadding=\"0\">\n<tbody>\n<tr>\n<td style=\"padding: 10px 30px;\">\n<table width=\"100%\" cellspacing=\"0\" cellpadding=\"0\">\n<tbody>\n<tr>\n<td valign=\"top\" width=\"52\"><img loading=\"lazy\" decoding=\"async\" src=\"http:\/\/dublineventguide.com\/dff\/admin\/images\/categories\/MARKETS.png\" alt=\"\" width=\"32\" height=\"32\" \/><\/td>\n<td>\n<h2 style=\"font-size: 16px; color: #534438; margin: 0 0 5px; font-weight: normal;\">Honest2Goodness Food Market<\/h2>\n<h3 style=\"font-size: 13px; margin: 0; padding: 0; line-height: 16px; color: #534438;\"><img loading=\"lazy\" decoding=\"async\" style=\"display: inline; float: left;\" src=\"http:\/\/dublineventguide.com\/dff\/admin\/images\/weekly.png\" alt=\"\" width=\"69\" height=\"16\" \/> 09:30 &#8211; 16:00, Sat 16 May<\/h3>\n<p style=\"font-size: 13px; color: #534438; line-height: 20px; margin: 0; padding-top: 0;\">Honest2goodness, 136 Slaney Close, Dublin Industrial Estate, Glasnevin, Dublin 11<\/p>\n<table width=\"100%\" cellspacing=\"0\" cellpadding=\"0\">\n<tbody>\n<tr>\n<td valign=\"top\">\n<div style=\"font-size: 13px; color: #534438; line-height: 20px;\">\n<p style=\"margin: 10px 0;\">The weekly Honest2goodness food market in Glasnevin has fresh meat, vegetables, fish, baked goods, and wines. It is open from 09:30-16:00. It is behind Lidl in the Industrial Estate just after the Glasnevin Cemetary coming from the City Centre.<\/p>\n<\/div>\n<div style=\"font-size: 13px; color: #534438; line-height: 20px;\"><\/div>\n<p style=\"font-size: 13px; color: #534438; line-height: 20px;\"><a style=\"color: #cc2979; text-decoration: none;\" href=\"http:\/\/www.honest2goodness.ie\">http:\/\/www.honest2goodness.ie<\/a><\/p>\n<\/td>\n<td valign=\"top\"><\/td>\n<\/tr>\n<\/tbody>\n<\/table>\n<\/td>\n<\/tr>\n<\/tbody>\n<\/table>\n<\/td>\n<\/tr>\n<\/tbody>\n<\/table>\n<table width=\"100%\" cellspacing=\"0\" cellpadding=\"0\">\n<tbody>\n<tr>\n<td style=\"padding: 10px 30px;\">\n<table width=\"100%\" cellspacing=\"0\" cellpadding=\"0\">\n<tbody>\n<tr>\n<td valign=\"top\" width=\"52\"><img loading=\"lazy\" decoding=\"async\" src=\"http:\/\/dublineventguide.com\/dff\/admin\/images\/categories\/ACTIVITY.png\" alt=\"\" width=\"32\" height=\"32\" \/><\/td>\n<td>\n<h2 style=\"font-size: 16px; color: #534438; margin: 0 0 5px; font-weight: normal;\">Malahide Park Run (free)<\/h2>\n<h3 style=\"font-size: 13px; margin: 0; padding: 0; line-height: 16px; color: #534438;\"><img loading=\"lazy\" decoding=\"async\" style=\"display: inline; float: left;\" src=\"http:\/\/dublineventguide.com\/dff\/admin\/images\/weekly.png\" alt=\"\" width=\"69\" height=\"16\" \/> 09:30, Sat 16 May<\/h3>\n<p style=\"font-size: 13px; color: #534438; line-height: 20px; margin: 0; padding-top: 0;\">Malahide Park, Dublin Road, Malahide, Co. Dublin<\/p>\n<table width=\"100%\" cellspacing=\"0\" cellpadding=\"0\">\n<tbody>\n<tr>\n<td valign=\"top\">\n<div style=\"font-size: 13px; color: #534438; line-height: 20px;\">\n<p style=\"margin: 10px 0;\">Parkrun Ireland is organising free weekly runs in parks. It is a timed run over 5km and participation is completely free, but registration before your first parkrun is required.<\/p>\n<\/div>\n<div style=\"font-size: 13px; color: #534438; line-height: 20px;\"><\/div>\n<p style=\"font-size: 13px; color: #534438; line-height: 20px;\"><a style=\"color: #cc2979; text-decoration: none;\" href=\"http:\/\/www.parkrun.ie\/malahide\/\">http:\/\/www.parkrun.ie\/malahide\/<\/a><\/p>\n<\/td>\n<td valign=\"top\"><\/td>\n<\/tr>\n<\/tbody>\n<\/table>\n<\/td>\n<\/tr>\n<\/tbody>\n<\/table>\n<\/td>\n<\/tr>\n<\/tbody>\n<\/table>\n<table width=\"100%\" cellspacing=\"0\" cellpadding=\"0\">\n<tbody>\n<tr>\n<td style=\"padding: 10px 30px;\">\n<table width=\"100%\" cellspacing=\"0\" cellpadding=\"0\">\n<tbody>\n<tr>\n<td valign=\"top\" width=\"52\"><img loading=\"lazy\" decoding=\"async\" src=\"http:\/\/dublineventguide.com\/dff\/admin\/images\/categories\/MARKETS.png\" alt=\"\" width=\"32\" height=\"32\" \/><\/td>\n<td>\n<h2 style=\"font-size: 16px; color: #534438; margin: 0 0 5px; font-weight: normal;\">SuperNatural Food Market<\/h2>\n<h3 style=\"font-size: 13px; margin: 0; padding: 0; line-height: 16px; color: #534438;\"><img loading=\"lazy\" decoding=\"async\" style=\"display: inline; float: left;\" src=\"http:\/\/dublineventguide.com\/dff\/admin\/images\/weekly.png\" alt=\"\" width=\"69\" height=\"16\" \/> 09:30 &#8211; 15:30, Sat 16 May<\/h3>\n<p style=\"font-size: 13px; color: #534438; line-height: 20px; margin: 0; padding-top: 0;\">St. Andrews Resource Centre, 114 Pearse Street, Dublin 2<\/p>\n<table width=\"100%\" cellspacing=\"0\" cellpadding=\"0\">\n<tbody>\n<tr>\n<td valign=\"top\">\n<div style=\"font-size: 13px; color: #534438; line-height: 20px;\">\n<p style=\"margin: 10px 0;\">The SuperNatural Food Market is taking place every Saturday from 09:30-15:30 in St. Andrews Resource Centre in Pearse Street, Dublin 2.<\/p>\n<\/div>\n<div style=\"font-size: 13px; color: #534438; line-height: 20px;\"><\/div>\n<p style=\"font-size: 13px; color: #534438; line-height: 20px;\"><a style=\"color: #cc2979; text-decoration: none;\" href=\"http:\/\/www.supernatural.ie\">http:\/\/www.supernatural.ie<\/a><\/p>\n<\/td>\n<td valign=\"top\"><\/td>\n<\/tr>\n<\/tbody>\n<\/table>\n<\/td>\n<\/tr>\n<\/tbody>\n<\/table>\n<\/td>\n<\/tr>\n<\/tbody>\n<\/table>\n<table width=\"100%\" cellspacing=\"0\" cellpadding=\"0\">\n<tbody>\n<tr>\n<td style=\"padding: 10px 30px;\">\n<table width=\"100%\" cellspacing=\"0\" cellpadding=\"0\">\n<tbody>\n<tr>\n<td valign=\"top\" width=\"52\"><img loading=\"lazy\" decoding=\"async\" src=\"http:\/\/dublineventguide.com\/dff\/admin\/images\/categories\/MARKETS.png\" alt=\"\" width=\"32\" height=\"32\" \/><\/td>\n<td>\n<h2 style=\"font-size: 16px; color: #534438; margin: 0 0 5px; font-weight: normal;\">The Green Door Market<\/h2>\n<h3 style=\"font-size: 13px; margin: 0; padding: 0; line-height: 16px; color: #534438;\"><img loading=\"lazy\" decoding=\"async\" style=\"display: inline; float: left;\" src=\"http:\/\/dublineventguide.com\/dff\/admin\/images\/weekly.png\" alt=\"\" width=\"69\" height=\"16\" \/> 09:30 &#8211; 16:00, Sat 16 May<\/h3>\n<p style=\"font-size: 13px; color: #534438; line-height: 20px; margin: 0; padding-top: 0;\">18 Newmarket, Dublin 8<\/p>\n<table width=\"100%\" cellspacing=\"0\" cellpadding=\"0\">\n<tbody>\n<tr>\n<td valign=\"top\">\n<div style=\"font-size: 13px; color: #534438; line-height: 20px;\">\n<p style=\"margin: 10px 0;\">The Green Door Market is a new indoor food\/Farmer&#8217;s Market that takes place just a few doors down from the Dublin Food Co-op at Newmarket in Dublin 8. Admission is free.<\/p>\n<p style=\"margin: 10px 0;\">Opening hours are Thu-Fri 12:00-19:00 and Sat 09:30-16:00.<\/p>\n<\/div>\n<div style=\"font-size: 13px; color: #534438; line-height: 20px;\"><\/div>\n<p style=\"font-size: 13px; color: #534438; line-height: 20px;\"><a style=\"color: #cc2979; text-decoration: none;\" href=\"https:\/\/www.facebook.com\/thegreendoordublin\">https:\/\/www.facebook.com\/thegreendoordublin<\/a><\/p>\n<\/td>\n<td valign=\"top\"><\/td>\n<\/tr>\n<\/tbody>\n<\/table>\n<\/td>\n<\/tr>\n<\/tbody>\n<\/table>\n<\/td>\n<\/tr>\n<\/tbody>\n<\/table>\n<table width=\"100%\" cellspacing=\"0\" cellpadding=\"0\">\n<tbody>\n<tr>\n<td style=\"padding: 10px 30px;\">\n<table width=\"100%\" cellspacing=\"0\" cellpadding=\"0\">\n<tbody>\n<tr>\n<td valign=\"top\" width=\"52\"><img loading=\"lazy\" decoding=\"async\" src=\"http:\/\/dublineventguide.com\/dff\/admin\/images\/categories\/MARKETS.png\" alt=\"\" width=\"32\" height=\"32\" \/><\/td>\n<td>\n<h2 style=\"font-size: 16px; color: #534438; margin: 0 0 5px; font-weight: normal;\">Belgard Weekend Market<\/h2>\n<h3 style=\"font-size: 13px; margin: 0; padding: 0; line-height: 16px; color: #534438;\"><img loading=\"lazy\" decoding=\"async\" style=\"display: inline; float: left;\" src=\"http:\/\/dublineventguide.com\/dff\/admin\/images\/weekly.png\" alt=\"\" width=\"69\" height=\"16\" \/> 10:00 &#8211; 17:00, Sat 16 May<\/h3>\n<p style=\"font-size: 13px; color: #534438; line-height: 20px; margin: 0; padding-top: 0;\">Belgard Road, Dublin 24<\/p>\n<table width=\"100%\" cellspacing=\"0\" cellpadding=\"0\">\n<tbody>\n<tr>\n<td valign=\"top\">\n<div style=\"font-size: 13px; color: #534438; line-height: 20px;\">\n<p style=\"margin: 10px 0;\">The Belgard Weekend Market is an indoor market with stalls with handcraft (incl. designer jewellery, aran jumpers and wool, christening robes and shawls, cards and cross stitch), household items, bric and brac, furniture, flowers, make-up, clothes, shoes, showers, upholstery, toys, kitchens, cafe, army memorabilia, collectors items, sweets, handbags books, blinds, party shop, tools and more.<\/p>\n<p style=\"margin: 10px 0;\">It is open every Saturday and Sunday and is located in the Glen Abbey complex (opposite Jacobs) on Belgard Road.<\/p>\n<\/div>\n<div style=\"font-size: 13px; color: #534438; line-height: 20px;\"><\/div>\n<p style=\"font-size: 13px; color: #534438; line-height: 20px;\"><a style=\"color: #cc2979; text-decoration: none;\" href=\"https:\/\/www.facebook.com\/belgardmarket\">https:\/\/www.facebook.com\/belgardmarket<\/a><\/p>\n<\/td>\n<td valign=\"top\"><\/td>\n<\/tr>\n<\/tbody>\n<\/table>\n<\/td>\n<\/tr>\n<\/tbody>\n<\/table>\n<\/td>\n<\/tr>\n<\/tbody>\n<\/table>\n<table width=\"100%\" cellspacing=\"0\" cellpadding=\"0\">\n<tbody>\n<tr>\n<td style=\"padding: 10px 30px;\">\n<table width=\"100%\" cellspacing=\"0\" cellpadding=\"0\">\n<tbody>\n<tr>\n<td valign=\"top\" width=\"52\"><img loading=\"lazy\" decoding=\"async\" src=\"http:\/\/dublineventguide.com\/dff\/admin\/images\/categories\/MARKETS.png\" alt=\"\" width=\"32\" height=\"32\" \/><\/td>\n<td>\n<h2 style=\"font-size: 16px; color: #534438; margin: 0 0 5px; font-weight: normal;\">Drumcondra Village Market<\/h2>\n<h3 style=\"font-size: 13px; margin: 0; padding: 0; line-height: 16px; color: #534438;\"><img loading=\"lazy\" decoding=\"async\" style=\"display: inline; float: left;\" src=\"http:\/\/dublineventguide.com\/dff\/admin\/images\/weekly.png\" alt=\"\" width=\"69\" height=\"16\" \/> 10:00 &#8211; 17:00, Sat 16 May<\/h3>\n<p style=\"font-size: 13px; color: #534438; line-height: 20px; margin: 0; padding-top: 0;\">Arts and Business Campus, 40 Drumcondra Road Lower<\/p>\n<table width=\"100%\" cellspacing=\"0\" cellpadding=\"0\">\n<tbody>\n<tr>\n<td valign=\"top\">\n<div style=\"font-size: 13px; color: #534438; line-height: 20px;\">\n<p style=\"margin: 10px 0;\">The Drumcondra Village Market is an arts and crafts fair in the centre of Drumcondra. Admission is free.<\/p>\n<\/div>\n<div style=\"font-size: 13px; color: #534438; line-height: 20px;\"><\/div>\n<p style=\"font-size: 13px; color: #534438; line-height: 20px;\"><a style=\"color: #cc2979; text-decoration: none;\" href=\"https:\/\/www.facebook.com\/DrumcondraVillageMarket\">https:\/\/www.facebook.com\/DrumcondraVillageMarket<\/a><\/p>\n<\/td>\n<td valign=\"top\"><\/td>\n<\/tr>\n<\/tbody>\n<\/table>\n<\/td>\n<\/tr>\n<\/tbody>\n<\/table>\n<\/td>\n<\/tr>\n<\/tbody>\n<\/table>\n<table width=\"100%\" cellspacing=\"0\" cellpadding=\"0\">\n<tbody>\n<tr>\n<td style=\"padding: 10px 30px;\">\n<table width=\"100%\" cellspacing=\"0\" cellpadding=\"0\">\n<tbody>\n<tr>\n<td valign=\"top\" width=\"52\"><img loading=\"lazy\" decoding=\"async\" src=\"http:\/\/dublineventguide.com\/dff\/admin\/images\/categories\/MARKETS.png\" alt=\"\" width=\"32\" height=\"32\" \/><\/td>\n<td>\n<h2 style=\"font-size: 16px; color: #534438; margin: 0 0 5px; font-weight: normal;\">Jamestown Market<\/h2>\n<h3 style=\"font-size: 13px; margin: 0; padding: 0; line-height: 16px; color: #534438;\"><img loading=\"lazy\" decoding=\"async\" style=\"display: inline; float: left;\" src=\"http:\/\/dublineventguide.com\/dff\/admin\/images\/weekly.png\" alt=\"\" width=\"69\" height=\"16\" \/> 10:00 &#8211; 17:00, Sat 16 May<\/h3>\n<p style=\"font-size: 13px; color: #534438; line-height: 20px; margin: 0; padding-top: 0;\">Jamestown Market, 90 Jamestown Road, Inchicore, Dublin 8<\/p>\n<table width=\"100%\" cellspacing=\"0\" cellpadding=\"0\">\n<tbody>\n<tr>\n<td valign=\"top\">\n<div style=\"font-size: 13px; color: #534438; line-height: 20px;\">\n<p style=\"margin: 10px 0;\">Jamestown Flea Market + Car Boot Sale takes place every Sat+Sun from 10:00-17:00. You can reach it from Tyrconnell Road and from Kylemore Road and it is within 3 min from Black Horse stop on the red Luas line. There is free parking.<\/p>\n<\/div>\n<div style=\"font-size: 13px; color: #534438; line-height: 20px;\"><\/div>\n<p style=\"font-size: 13px; color: #534438; line-height: 20px;\"><a style=\"color: #cc2979; text-decoration: none;\" href=\"http:\/\/www.jamestownmarket.com\/\">http:\/\/www.jamestownmarket.com\/<\/a><\/p>\n<\/td>\n<td valign=\"top\"><\/td>\n<\/tr>\n<\/tbody>\n<\/table>\n<\/td>\n<\/tr>\n<\/tbody>\n<\/table>\n<\/td>\n<\/tr>\n<\/tbody>\n<\/table>\n<table width=\"100%\" cellspacing=\"0\" cellpadding=\"0\">\n<tbody>\n<tr>\n<td style=\"padding: 10px 30px;\">\n<table width=\"100%\" cellspacing=\"0\" cellpadding=\"0\">\n<tbody>\n<tr>\n<td valign=\"top\" width=\"52\"><img loading=\"lazy\" decoding=\"async\" src=\"http:\/\/dublineventguide.com\/dff\/admin\/images\/categories\/MARKETS.png\" alt=\"\" width=\"32\" height=\"32\" \/><\/td>\n<td>\n<h2 style=\"font-size: 16px; color: #534438; margin: 0 0 5px; font-weight: normal;\">Merchants Market<\/h2>\n<h3 style=\"font-size: 13px; margin: 0; padding: 0; line-height: 16px; color: #534438;\"><img loading=\"lazy\" decoding=\"async\" style=\"display: inline; float: left;\" src=\"http:\/\/dublineventguide.com\/dff\/admin\/images\/weekly.png\" alt=\"\" width=\"69\" height=\"16\" \/> 10:00 &#8211; 16:30, Sat 16 May<\/h3>\n<p style=\"font-size: 13px; color: #534438; line-height: 20px; margin: 0; padding-top: 0;\">Merchants Yard, East Wall Road, Dublin 3<\/p>\n<table width=\"100%\" cellspacing=\"0\" cellpadding=\"0\">\n<tbody>\n<tr>\n<td valign=\"top\">\n<div style=\"font-size: 13px; color: #534438; line-height: 20px;\">\n<p style=\"margin: 10px 0;\">The Merchants Market on East Wall Road is a weekly indoors flea market on Saturdays and Sundays with more than 80 stalls in a big industrial hall. There is everything from furniture and antiques to paintings and mirrors, electronics and hot food to bicycles and buns. It is just a few minutes walk away from the Point Theatre\/O2 (walk in the direction of the Port Tunnel).<\/p>\n<\/div>\n<div style=\"font-size: 13px; color: #534438; line-height: 20px;\"><\/div>\n<p style=\"font-size: 13px; color: #534438; line-height: 20px;\"><a style=\"color: #cc2979; text-decoration: none;\" href=\"http:\/\/www.merchantsmarket.ie\/\">http:\/\/www.merchantsmarket.ie\/<\/a><\/p>\n<\/td>\n<td valign=\"top\"><\/td>\n<\/tr>\n<\/tbody>\n<\/table>\n<\/td>\n<\/tr>\n<\/tbody>\n<\/table>\n<\/td>\n<\/tr>\n<\/tbody>\n<\/table>\n<table width=\"100%\" cellspacing=\"0\" cellpadding=\"0\">\n<tbody>\n<tr>\n<td style=\"padding: 10px 30px;\">\n<table width=\"100%\" cellspacing=\"0\" cellpadding=\"0\">\n<tbody>\n<tr>\n<td valign=\"top\" width=\"52\"><img loading=\"lazy\" decoding=\"async\" src=\"http:\/\/dublineventguide.com\/dff\/admin\/images\/categories\/MARKETS.png\" alt=\"\" width=\"32\" height=\"32\" \/><\/td>\n<td>\n<h2 style=\"font-size: 16px; color: #534438; margin: 0 0 5px; font-weight: normal;\">Saturday Market Dalkey<\/h2>\n<h3 style=\"font-size: 13px; margin: 0; padding: 0; line-height: 16px; color: #534438;\">10:00 &#8211; 17:00, Sat 16 May<\/h3>\n<p style=\"font-size: 13px; color: #534438; line-height: 20px; margin: 0; padding-top: 0;\">Tramyard, Dalkey, Co. Dublin<\/p>\n<table width=\"100%\" cellspacing=\"0\" cellpadding=\"0\">\n<tbody>\n<tr>\n<td valign=\"top\">\n<div style=\"font-size: 13px; color: #534438; line-height: 20px;\">\n<p style=\"margin: 10px 0;\">A new weekly Farmer&#8217;s Market is starting in Dalkey this week with over 20 vendors selling a wide variety of foods and an eclectic selection of arts and crafts. Admission is free.<\/p>\n<\/div>\n<div style=\"font-size: 13px; color: #534438; line-height: 20px;\"><\/div>\n<\/td>\n<td valign=\"top\"><\/td>\n<\/tr>\n<\/tbody>\n<\/table>\n<\/td>\n<\/tr>\n<\/tbody>\n<\/table>\n<\/td>\n<\/tr>\n<\/tbody>\n<\/table>\n<table width=\"100%\" cellspacing=\"0\" cellpadding=\"0\">\n<tbody>\n<tr>\n<td style=\"padding: 10px 30px;\">\n<table width=\"100%\" cellspacing=\"0\" cellpadding=\"0\">\n<tbody>\n<tr>\n<td valign=\"top\" width=\"52\"><img loading=\"lazy\" decoding=\"async\" src=\"http:\/\/dublineventguide.com\/dff\/admin\/images\/categories\/MARKETS.png\" alt=\"\" width=\"32\" height=\"32\" \/><\/td>\n<td>\n<h2 style=\"font-size: 16px; color: #534438; margin: 0 0 5px; font-weight: normal;\">Stables Market<\/h2>\n<h3 style=\"font-size: 13px; margin: 0; padding: 0; line-height: 16px; color: #534438;\"><img loading=\"lazy\" decoding=\"async\" style=\"display: inline; float: left;\" src=\"http:\/\/dublineventguide.com\/dff\/admin\/images\/weekly.png\" alt=\"\" width=\"69\" height=\"16\" \/> 10:00 &#8211; 18:00, Sat 16 May<\/h3>\n<p style=\"font-size: 13px; color: #534438; line-height: 20px; margin: 0; padding-top: 0;\">72 Thomas Street (between the Vicar St venue &amp; Cafe Notto), Dublin 8<\/p>\n<table width=\"100%\" cellspacing=\"0\" cellpadding=\"0\">\n<tbody>\n<tr>\n<td valign=\"top\">\n<div style=\"font-size: 13px; color: #534438; line-height: 20px;\">\n<p style=\"margin: 10px 0;\">A new market (flea\/vintage\/etc) with two caf\u00e9s has opened in the same location in Thomas Street where the Ferocious Mingle Market was before their move to Camden Street.<\/p>\n<p style=\"margin: 10px 0;\">The new market in 72 Thomas Street is called Stable Market and it is open from Thursday until Sunday from 10:00-18:00 every day. It seems there is neither a website nor a Facebook Page yet.<\/p>\n<\/div>\n<div style=\"font-size: 13px; color: #534438; line-height: 20px;\"><\/div>\n<\/td>\n<td valign=\"top\"><\/td>\n<\/tr>\n<\/tbody>\n<\/table>\n<\/td>\n<\/tr>\n<\/tbody>\n<\/table>\n<\/td>\n<\/tr>\n<\/tbody>\n<\/table>\n<table width=\"100%\" cellspacing=\"0\" cellpadding=\"0\">\n<tbody>\n<tr>\n<td style=\"padding: 10px 30px;\">\n<table width=\"100%\" cellspacing=\"0\" cellpadding=\"0\">\n<tbody>\n<tr>\n<td valign=\"top\" width=\"52\"><img loading=\"lazy\" decoding=\"async\" src=\"http:\/\/dublineventguide.com\/dff\/admin\/images\/categories\/MARKETS.png\" alt=\"\" width=\"32\" height=\"32\" \/><\/td>\n<td>\n<h2 style=\"font-size: 16px; color: #534438; margin: 0 0 5px; font-weight: normal;\">Temple Bar Markets<\/h2>\n<h3 style=\"font-size: 13px; margin: 0; padding: 0; line-height: 16px; color: #534438;\"><img loading=\"lazy\" decoding=\"async\" style=\"display: inline; float: left;\" src=\"http:\/\/dublineventguide.com\/dff\/admin\/images\/weekly.png\" alt=\"\" width=\"69\" height=\"16\" \/> 10:00 &#8211; 16:30, Sat 16 May<\/h3>\n<p style=\"font-size: 13px; color: #534438; line-height: 20px; margin: 0; padding-top: 0;\">Meeting House Square, Temple Bar, Dublin 2<\/p>\n<table width=\"100%\" cellspacing=\"0\" cellpadding=\"0\">\n<tbody>\n<tr>\n<td valign=\"top\">\n<div style=\"font-size: 13px; color: #534438; line-height: 20px;\">\n<p style=\"margin: 10px 0;\">The Temple Bar Markets (Food Market on Meeting House Square, Book Market on Temple Bar Square and the Designer Mart near Cow&#8217;s Lane) are taking place every Saturday from 10:00-16:30.<\/p>\n<\/div>\n<div style=\"font-size: 13px; color: #534438; line-height: 20px;\"><\/div>\n<p style=\"font-size: 13px; color: #534438; line-height: 20px;\"><a style=\"color: #cc2979; text-decoration: none;\" href=\"http:\/\/www.templebar.ie\">http:\/\/www.templebar.ie<\/a><\/p>\n<\/td>\n<td valign=\"top\"><\/td>\n<\/tr>\n<\/tbody>\n<\/table>\n<\/td>\n<\/tr>\n<\/tbody>\n<\/table>\n<\/td>\n<\/tr>\n<\/tbody>\n<\/table>\n<table width=\"100%\" cellspacing=\"0\" cellpadding=\"0\">\n<tbody>\n<tr>\n<td style=\"padding: 10px 30px;\">\n<table width=\"100%\" cellspacing=\"0\" cellpadding=\"0\">\n<tbody>\n<tr>\n<td valign=\"top\" width=\"52\"><img loading=\"lazy\" decoding=\"async\" src=\"http:\/\/dublineventguide.com\/dff\/admin\/images\/categories\/MARKETS.png\" alt=\"\" width=\"32\" height=\"32\" \/><\/td>\n<td>\n<h2 style=\"font-size: 16px; color: #534438; margin: 0 0 5px; font-weight: normal;\">Blackrock Market<\/h2>\n<h3 style=\"font-size: 13px; margin: 0; padding: 0; line-height: 16px; color: #534438;\"><img loading=\"lazy\" decoding=\"async\" style=\"display: inline; float: left;\" src=\"http:\/\/dublineventguide.com\/dff\/admin\/images\/weekly.png\" alt=\"\" width=\"69\" height=\"16\" \/> 11:00 &#8211; 17:30, Sat 16 May<\/h3>\n<p style=\"font-size: 13px; color: #534438; line-height: 20px; margin: 0; padding-top: 0;\">Blackrock Market, 19 Main Street, Blackrock, Co. Dublin<\/p>\n<table width=\"100%\" cellspacing=\"0\" cellpadding=\"0\">\n<tbody>\n<tr>\n<td valign=\"top\">\n<div style=\"font-size: 13px; color: #534438; line-height: 20px;\">\n<p>At the Blackrock Market in the centre of Blackrock, you&#8217;ll find 50 stalls selling collectibles, antiques, handmade goods, books, food &amp; there&#8217;s free popcorn, ballons &amp; facepainting for the kids.<br \/>\nOpen on Saturdays and Bank Holidays: 11:00-17:30, and Sundays: 12:00-17:30.<\/p>\n<\/div>\n<div style=\"font-size: 13px; color: #534438; line-height: 20px;\"><\/div>\n<p style=\"font-size: 13px; color: #534438; line-height: 20px;\"><a style=\"color: #cc2979; text-decoration: none;\" href=\"http:\/\/www.blackrockmarket.com\/\">http:\/\/www.blackrockmarket.com\/<\/a><\/p>\n<\/td>\n<td valign=\"top\"><\/td>\n<\/tr>\n<\/tbody>\n<\/table>\n<\/td>\n<\/tr>\n<\/tbody>\n<\/table>\n<\/td>\n<\/tr>\n<\/tbody>\n<\/table>\n<table width=\"100%\" cellspacing=\"0\" cellpadding=\"0\">\n<tbody>\n<tr>\n<td style=\"padding: 10px 30px;\">\n<table width=\"100%\" cellspacing=\"0\" cellpadding=\"0\">\n<tbody>\n<tr>\n<td valign=\"top\" width=\"52\"><img loading=\"lazy\" decoding=\"async\" src=\"http:\/\/dublineventguide.com\/dff\/admin\/images\/categories\/ACTIVITY.png\" alt=\"\" width=\"32\" height=\"32\" \/><\/td>\n<td>\n<h2 style=\"font-size: 16px; color: #534438; margin: 0 0 5px; font-weight: normal;\">Calcutta 10km Run<\/h2>\n<h3 style=\"font-size: 13px; margin: 0; padding: 0; line-height: 16px; color: #534438;\">11:00, Sat 16 May<\/h3>\n<p style=\"font-size: 13px; color: #534438; line-height: 20px; margin: 0; padding-top: 0;\">Law Society, Blackhall Place, Dublin 9<\/p>\n<table width=\"100%\" cellspacing=\"0\" cellpadding=\"0\">\n<tbody>\n<tr>\n<td valign=\"top\">\n<div style=\"font-size: 13px; color: #534438; line-height: 20px;\">\n<p style=\"margin: 10px 0;\">Every year in May a 10km fundraising run is organised for members of the legal professions in Ireland. It is called the &#8220;Calcutta Run&#8221;, a 5km and 10 km run where participants collect money of at least EUR 100 before the day. Last year about 1,100 people took part and since the first Calcutta Run about 17 years ago, more than 3 mio was raised for homeless youths in Dublin and Calcutta.<\/p>\n<p style=\"margin: 10px 0;\">You can&#8217;t take part in the race, but you can cheer the runners on and after the run there will be a BBQ, bar, live music, DJ and fun activities at the Finish Line Festival in the grounds of the Law Society at Blackhall Place. Because you pay for your burger etc, in previous years people that weren&#8217;t running weren&#8217;t kicked out but could also join the festivities and positive atmosphere.<\/p>\n<p style=\"margin: 10px 0;\">The start and finish of the race is at Blackhall Place and the race then goes to Phoenix Park and back.<\/p>\n<\/div>\n<div style=\"font-size: 13px; color: #534438; line-height: 20px;\"><\/div>\n<p style=\"font-size: 13px; color: #534438; line-height: 20px;\"><a style=\"color: #cc2979; text-decoration: none;\" href=\"http:\/\/www.calcuttarun.com\/\">http:\/\/www.calcuttarun.com\/<\/a><\/p>\n<\/td>\n<td valign=\"top\"><\/td>\n<\/tr>\n<\/tbody>\n<\/table>\n<\/td>\n<\/tr>\n<\/tbody>\n<\/table>\n<\/td>\n<\/tr>\n<\/tbody>\n<\/table>\n<table width=\"100%\" cellspacing=\"0\" cellpadding=\"0\">\n<tbody>\n<tr>\n<td style=\"padding: 10px 30px;\">\n<table width=\"100%\" cellspacing=\"0\" cellpadding=\"0\">\n<tbody>\n<tr>\n<td valign=\"top\" width=\"52\"><img loading=\"lazy\" decoding=\"async\" src=\"http:\/\/dublineventguide.com\/dff\/admin\/images\/categories\/ACTIVITY.png\" alt=\"\" width=\"32\" height=\"32\" \/><\/td>\n<td>\n<h2 style=\"font-size: 16px; color: #534438; margin: 0 0 5px; font-weight: normal;\">Dockland&#8217;s Summer Festival<\/h2>\n<h3 style=\"font-size: 13px; margin: 0; padding: 0; line-height: 16px; color: #534438;\">11:00 &#8211; 17:00, Sat 16 May<\/h3>\n<p style=\"font-size: 13px; color: #534438; line-height: 20px; margin: 0; padding-top: 0;\">Grand Canal Square, Dublin 2<\/p>\n<table width=\"100%\" cellspacing=\"0\" cellpadding=\"0\">\n<tbody>\n<tr>\n<td valign=\"top\">\n<div style=\"font-size: 13px; color: #534438; line-height: 20px;\">\n<p style=\"margin: 10px 0;\">On Saturday and Sunday the Dockland&#8217;s Summer Festival will happen again. There will be Food Market, Wakeboard Demos, Duck Race, Street Performers, Raft Challenge and DJs. Let&#8217;s hope for good weather!<\/p>\n<p style=\"margin: 10px 0;\">It&#8217;s a great event, an outdoor festival and based on the weather forecast, I would suggest that you go there on Saturday! I was once there in torrential rain and as you can imagine it is a lot less fun.<\/p>\n<p>The programme outline is here <a style=\"color: #cc2979; text-decoration: none;\" href=\"http:\/\/www.docklandssummerfestival.com\/festival-programme-3\/\">http:\/\/www.docklandssummerfestival.com\/festival-programme-3\/<\/a><\/p>\n<p style=\"margin: 10px 0;\">Admission is free.<\/p>\n<\/div>\n<div style=\"font-size: 13px; color: #534438; line-height: 20px;\"><\/div>\n<p style=\"font-size: 13px; color: #534438; line-height: 20px;\"><a style=\"color: #cc2979; text-decoration: none;\" href=\"http:\/\/www.docklandssummerfestival.com\/\">http:\/\/www.docklandssummerfestival.com\/<\/a><\/p>\n<\/td>\n<td valign=\"top\"><\/td>\n<\/tr>\n<\/tbody>\n<\/table>\n<\/td>\n<\/tr>\n<\/tbody>\n<\/table>\n<\/td>\n<\/tr>\n<\/tbody>\n<\/table>\n<table width=\"100%\" cellspacing=\"0\" cellpadding=\"0\">\n<tbody>\n<tr>\n<td style=\"padding: 10px 30px;\">\n<table width=\"100%\" cellspacing=\"0\" cellpadding=\"0\">\n<tbody>\n<tr>\n<td valign=\"top\" width=\"52\"><img loading=\"lazy\" decoding=\"async\" src=\"http:\/\/dublineventguide.com\/dff\/admin\/images\/categories\/ART.png\" alt=\"\" width=\"32\" height=\"32\" \/><\/td>\n<td>\n<h2 style=\"font-size: 16px; color: #534438; margin: 0 0 5px; font-weight: normal;\">National Drawing Day<\/h2>\n<h3 style=\"font-size: 13px; margin: 0; padding: 0; line-height: 16px; color: #534438;\">11:00, Sat 16 May<\/h3>\n<p style=\"font-size: 13px; color: #534438; line-height: 20px; margin: 0; padding-top: 0;\">National Gallery, Clare Street, Dublin 2<\/p>\n<table width=\"100%\" cellspacing=\"0\" cellpadding=\"0\">\n<tbody>\n<tr>\n<td valign=\"top\">\n<div style=\"font-size: 13px; color: #534438; line-height: 20px;\">\n<p style=\"margin: 10px 0;\">National Drawing Day is taking place this Saturday and under the leadership of the National Gallery over 170 Museums, Galleries, Libraries and Cultural Centres across Ireland are taking part.<\/p>\n<p style=\"margin: 10px 0;\">At the National Gallery, Donald Teskey will launch Drawing Day at 11:00 and he will lead a team of artists: Michelle Boyle, Comhghall Casey, Alan Daly, Mollie Douthit, Grainne Dowling, Vera Klute, Fintan Mahon, Cian McLoughlin, Dorothy Smyth and Saoirse Wall, who will tutor and draw in the galleries. It\u2019s the ideal opportunity to try your hand at sketching, and to pick up some valuable hints and tips.<\/p>\n<p style=\"margin: 10px 0;\">The events at the National Gallery are:<\/p>\n<p>+ 11:00-13:00: Drawing Sessions for Adults &amp; Drawing Demonstrations in the Galleries.<br \/>\n+ 12:00-15:00: The Bigger Picture: Still Lives and Artist Studios Project for Transition Year Students<br \/>\n+ 13:30: Dr Margarita Cappock, Head of Collections, Dublin City Gallery The Hugh Lane will lead a tour of the Sean Scully Exhibition. Meeting Point at the Millennium Wing Information Desk. Numbers are limited.<br \/>\n+ 15:00-16:00: Afternoon Family session: Modern Masterpieces &amp; Drawing Demonstrations in the Galleries.<\/p>\n<p style=\"margin: 10px 0;\">Admission to all events is free.<\/p>\n<\/div>\n<div style=\"font-size: 13px; color: #534438; line-height: 20px;\"><\/div>\n<p style=\"font-size: 13px; color: #534438; line-height: 20px;\"><a style=\"color: #cc2979; text-decoration: none;\" href=\"http:\/\/www.nationalgallery.ie\/en\/Learning\/Adult_Programmes\/Drawing_Courses\/Drawing_Day.aspx\">http:\/\/www.nationalgallery.ie\/en\/Learning\/Adult_Programmes\/Drawing_Courses\/Drawing_Day.aspx<\/a><\/p>\n<\/td>\n<td valign=\"top\"><\/td>\n<\/tr>\n<\/tbody>\n<\/table>\n<\/td>\n<\/tr>\n<\/tbody>\n<\/table>\n<\/td>\n<\/tr>\n<\/tbody>\n<\/table>\n<table width=\"100%\" cellspacing=\"0\" cellpadding=\"0\">\n<tbody>\n<tr>\n<td style=\"padding: 10px 30px;\">\n<table width=\"100%\" cellspacing=\"0\" cellpadding=\"0\">\n<tbody>\n<tr>\n<td valign=\"top\" width=\"52\"><img loading=\"lazy\" decoding=\"async\" src=\"http:\/\/dublineventguide.com\/dff\/admin\/images\/categories\/ART.png\" alt=\"\" width=\"32\" height=\"32\" \/><\/td>\n<td>\n<h2 style=\"font-size: 16px; color: #534438; margin: 0 0 5px; font-weight: normal;\">National Drawing Day &#8211; The Bigger Picture<\/h2>\n<h3 style=\"font-size: 13px; margin: 0; padding: 0; line-height: 16px; color: #534438;\">11:00, Sat 16 May<\/h3>\n<p style=\"font-size: 13px; color: #534438; line-height: 20px; margin: 0; padding-top: 0;\">The Lab, 1 Foley Street, Dublin 1<\/p>\n<table width=\"100%\" cellspacing=\"0\" cellpadding=\"0\">\n<tbody>\n<tr>\n<td valign=\"top\">\n<div style=\"font-size: 13px; color: #534438; line-height: 20px;\">\n<p style=\"margin: 10px 0;\">On the National Drawing Day, be part of Maeve Clancy&#8217;s &#8216;The Bigger Picture&#8217;.<\/p>\n<p style=\"margin: 10px 0;\">People from across Ireland will attend drawing workshops at the National Gallery of Ireland, the Hunt Museum, Limerick, Creative Spark, Louth and the LAB and will virtually combine their drawings to make one large art work.<\/p>\n<p style=\"margin: 10px 0;\">At the LAB, you will be drawing with the help of artist Gabhann Dunne, currently showing in the First Floor Gallery.<\/p>\n<p style=\"margin: 10px 0;\">Materials are provided and the event is free but places are limited. Book with Emma on 01 883 2123.<\/p>\n<\/div>\n<div style=\"font-size: 13px; color: #534438; line-height: 20px;\"><\/div>\n<p style=\"font-size: 13px; color: #534438; line-height: 20px;\"><a style=\"color: #cc2979; text-decoration: none;\" href=\"https:\/\/www.facebook.com\/events\/945305638824834\/\">https:\/\/www.facebook.com\/events\/945305638824834\/<\/a><\/p>\n<\/td>\n<td valign=\"top\"><\/td>\n<\/tr>\n<\/tbody>\n<\/table>\n<\/td>\n<\/tr>\n<\/tbody>\n<\/table>\n<\/td>\n<\/tr>\n<\/tbody>\n<\/table>\n<table width=\"100%\" cellspacing=\"0\" cellpadding=\"0\">\n<tbody>\n<tr>\n<td style=\"padding: 10px 30px;\">\n<table width=\"100%\" cellspacing=\"0\" cellpadding=\"0\">\n<tbody>\n<tr>\n<td valign=\"top\" width=\"52\"><img loading=\"lazy\" decoding=\"async\" src=\"http:\/\/dublineventguide.com\/dff\/admin\/images\/categories\/MARKETS.png\" alt=\"\" width=\"32\" height=\"32\" \/><\/td>\n<td>\n<h2 style=\"font-size: 16px; color: #534438; margin: 0 0 5px; font-weight: normal;\">Terenure Village Market<\/h2>\n<h3 style=\"font-size: 13px; margin: 0; padding: 0; line-height: 16px; color: #534438;\"><img loading=\"lazy\" decoding=\"async\" style=\"display: inline; float: left;\" src=\"http:\/\/dublineventguide.com\/dff\/admin\/images\/weekly.png\" alt=\"\" width=\"69\" height=\"16\" \/> 11:00 &#8211; 16:00, Sat 16 May<\/h3>\n<p style=\"font-size: 13px; color: #534438; line-height: 20px; margin: 0; padding-top: 0;\">Bushy Park, Tempelogue Road, Terenure, Dublin 6W<\/p>\n<table width=\"100%\" cellspacing=\"0\" cellpadding=\"0\">\n<tbody>\n<tr>\n<td valign=\"top\">\n<div style=\"font-size: 13px; color: #534438; line-height: 20px;\">\n<p style=\"margin: 10px 0;\">The Terenure Village Market has moved to Bushy Park and is from now on a weekly market.<\/p>\n<p style=\"margin: 10px 0;\">The market has now grown to 40 stalls offering a whole variety of foods and crafts.<\/p>\n<p style=\"margin: 10px 0;\">Admission is free.<\/p>\n<\/div>\n<div style=\"font-size: 13px; color: #534438; line-height: 20px;\"><\/div>\n<p style=\"font-size: 13px; color: #534438; line-height: 20px;\"><a style=\"color: #cc2979; text-decoration: none;\" href=\"https:\/\/www.facebook.com\/terenurevillagemarket\">https:\/\/www.facebook.com\/terenurevillagemarket<\/a><\/p>\n<\/td>\n<td valign=\"top\"><\/td>\n<\/tr>\n<\/tbody>\n<\/table>\n<\/td>\n<\/tr>\n<\/tbody>\n<\/table>\n<\/td>\n<\/tr>\n<\/tbody>\n<\/table>\n<table width=\"100%\" cellspacing=\"0\" cellpadding=\"0\">\n<tbody>\n<tr>\n<td style=\"padding: 10px 30px;\">\n<table width=\"100%\" cellspacing=\"0\" cellpadding=\"0\">\n<tbody>\n<tr>\n<td valign=\"top\" width=\"52\"><img loading=\"lazy\" decoding=\"async\" src=\"http:\/\/dublineventguide.com\/dff\/admin\/images\/categories\/KIDS.png\" alt=\"\" width=\"32\" height=\"32\" \/><\/td>\n<td>\n<h2 style=\"font-size: 16px; color: #534438; margin: 0 0 5px; font-weight: normal;\">National Drawing Day &#8211; Farmleigh House<\/h2>\n<h3 style=\"font-size: 13px; margin: 0; padding: 0; line-height: 16px; color: #534438;\">11:30 &#8211; 16:30, Sat 16 May<\/h3>\n<p style=\"font-size: 13px; color: #534438; line-height: 20px; margin: 0; padding-top: 0;\">Farmleigh House, Castleknock end of Phoenix Park, Dublin 15<\/p>\n<table width=\"100%\" cellspacing=\"0\" cellpadding=\"0\">\n<tbody>\n<tr>\n<td valign=\"top\">\n<div style=\"font-size: 13px; color: #534438; line-height: 20px;\">\n<p style=\"margin: 10px 0;\">Come and join Artzone at Farmleigh for some fun and challenging children&#8217;s visual art activities to celebrate National Drawing Day. Workshops run from 11:30 and the last workshop is at 16:30.<\/p>\n<p style=\"margin: 10px 0;\">All workshops are free and are run on a first come first served basis.<\/p>\n<\/div>\n<div style=\"font-size: 13px; color: #534438; line-height: 20px;\"><\/div>\n<p style=\"font-size: 13px; color: #534438; line-height: 20px;\"><a style=\"color: #cc2979; text-decoration: none;\" href=\"http:\/\/www.farmleigh.ie\/events\/Title,33918,en.html\">http:\/\/www.farmleigh.ie\/events\/Title,33918,en.html<\/a><\/p>\n<\/td>\n<td valign=\"top\"><\/td>\n<\/tr>\n<\/tbody>\n<\/table>\n<\/td>\n<\/tr>\n<\/tbody>\n<\/table>\n<\/td>\n<\/tr>\n<\/tbody>\n<\/table>\n<table width=\"100%\" cellspacing=\"0\" cellpadding=\"0\">\n<tbody>\n<tr>\n<td style=\"padding: 10px 30px;\">\n<table width=\"100%\" cellspacing=\"0\" cellpadding=\"0\">\n<tbody>\n<tr>\n<td valign=\"top\" width=\"52\"><img loading=\"lazy\" decoding=\"async\" src=\"http:\/\/dublineventguide.com\/dff\/admin\/images\/categories\/TALKS.png\" alt=\"\" width=\"32\" height=\"32\" \/><\/td>\n<td>\n<h2 style=\"font-size: 16px; color: #534438; margin: 0 0 5px; font-weight: normal;\">National Gallery Talks<\/h2>\n<h3 style=\"font-size: 13px; margin: 0; padding: 0; line-height: 16px; color: #534438;\"><img loading=\"lazy\" decoding=\"async\" style=\"display: inline; float: left;\" src=\"http:\/\/dublineventguide.com\/dff\/admin\/images\/weekly.png\" alt=\"\" width=\"69\" height=\"16\" \/> 11:30 &#8211; 16:50, Sat 16 May<\/h3>\n<p style=\"font-size: 13px; color: #534438; line-height: 20px; margin: 0; padding-top: 0;\">National Gallery, Clare Street, Dublin 2<\/p>\n<table width=\"100%\" cellspacing=\"0\" cellpadding=\"0\">\n<tbody>\n<tr>\n<td valign=\"top\">\n<div style=\"font-size: 13px; color: #534438; line-height: 20px;\">\n<p style=\"margin: 10px 0;\">The National Gallery has an extensive programme of free talks, public tours and Art Documentary screenings focusing on highlights of the European and Irish Collection every day of the week. Check their website for details.<\/p>\n<\/div>\n<div style=\"font-size: 13px; color: #534438; line-height: 20px;\"><\/div>\n<p style=\"font-size: 13px; color: #534438; line-height: 20px;\"><a style=\"color: #cc2979; text-decoration: none;\" href=\"http:\/\/nationalgallery.ie\/whatson\">http:\/\/nationalgallery.ie\/whatson<\/a><\/p>\n<\/td>\n<td valign=\"top\"><\/td>\n<\/tr>\n<\/tbody>\n<\/table>\n<\/td>\n<\/tr>\n<\/tbody>\n<\/table>\n<\/td>\n<\/tr>\n<\/tbody>\n<\/table>\n<table width=\"100%\" cellspacing=\"0\" cellpadding=\"0\">\n<tbody>\n<tr>\n<td style=\"padding: 10px 30px;\">\n<table width=\"100%\" cellspacing=\"0\" cellpadding=\"0\">\n<tbody>\n<tr>\n<td valign=\"top\" width=\"52\"><img loading=\"lazy\" decoding=\"async\" src=\"http:\/\/dublineventguide.com\/dff\/admin\/images\/categories\/MARKETS.png\" alt=\"\" width=\"32\" height=\"32\" \/><\/td>\n<td>\n<h2 style=\"font-size: 16px; color: #534438; margin: 0 0 5px; font-weight: normal;\">Ha&#8217;penny Flea Market<\/h2>\n<h3 style=\"font-size: 13px; margin: 0; padding: 0; line-height: 16px; color: #534438;\"><img loading=\"lazy\" decoding=\"async\" style=\"display: inline; float: left;\" src=\"http:\/\/dublineventguide.com\/dff\/admin\/images\/weekly.png\" alt=\"\" width=\"69\" height=\"16\" \/> 12:00 &#8211; 18:00, Sat 16 May<\/h3>\n<p style=\"font-size: 13px; color: #534438; line-height: 20px; margin: 0; padding-top: 0;\">Grand Social, 35 Lower Liffey Street (near Ha&#8217;Penny Bridge), Dublin 1<\/p>\n<table width=\"100%\" cellspacing=\"0\" cellpadding=\"0\">\n<tbody>\n<tr>\n<td valign=\"top\">\n<div style=\"font-size: 13px; color: #534438; line-height: 20px;\">\n<p style=\"margin: 10px 0;\">The weekly Ha&#8217;penny Flea Market is an indoor market in the Grand Social Pub, which offers vintage Men and Women&#8217;s clothing, contemporary crafts, books, DVDs, vinyl records, vintage and handmade jewellery, vintage hair styles, art, photography and much more. Grand Social&#8217;s Bar and Gourmet Coffee options are available.<\/p>\n<\/div>\n<div style=\"font-size: 13px; color: #534438; line-height: 20px;\"><\/div>\n<p style=\"font-size: 13px; color: #534438; line-height: 20px;\"><a style=\"color: #cc2979; text-decoration: none;\" href=\"http:\/\/www.thegrandsocial.ie\/\">http:\/\/www.thegrandsocial.ie\/<\/a><\/p>\n<\/td>\n<td valign=\"top\"><\/td>\n<\/tr>\n<\/tbody>\n<\/table>\n<\/td>\n<\/tr>\n<\/tbody>\n<\/table>\n<\/td>\n<\/tr>\n<\/tbody>\n<\/table>\n<table width=\"100%\" cellspacing=\"0\" cellpadding=\"0\">\n<tbody>\n<tr>\n<td style=\"padding: 10px 30px;\">\n<table width=\"100%\" cellspacing=\"0\" cellpadding=\"0\">\n<tbody>\n<tr>\n<td valign=\"top\" width=\"52\"><img loading=\"lazy\" decoding=\"async\" src=\"http:\/\/dublineventguide.com\/dff\/admin\/images\/categories\/ACTIVITY.png\" alt=\"\" width=\"32\" height=\"32\" \/><\/td>\n<td>\n<h2 style=\"font-size: 16px; color: #534438; margin: 0 0 5px; font-weight: normal;\">HOME\\SICK &#8211; Science Gallery Exhibition<\/h2>\n<h3 style=\"font-size: 13px; margin: 0; padding: 0; line-height: 16px; color: #534438;\">12:00 &#8211; 18:00, Sat 16 May<\/h3>\n<p style=\"font-size: 13px; color: #534438; line-height: 20px; margin: 0; padding-top: 0;\">Science Gallery, Pearse Street, TCD, Dublin 2<\/p>\n<table width=\"100%\" cellspacing=\"0\" cellpadding=\"0\">\n<tbody>\n<tr>\n<td valign=\"top\">\n<div style=\"font-size: 13px; color: #534438; line-height: 20px;\">\n<p style=\"margin: 10px 0;\">The Science Gallery exhibition &#8220;HOME\\SICK &#8211; Post-Domestic Bliss&#8221; looks at the Home and asks what &#8220;Home&#8221; really is and also how it could be improved. The word means something different to everyone, but how will the future of technology and design, communities, families, resources, and nations change the nature of what we define as &#8216;home&#8217;?<\/p>\n<p style=\"margin: 10px 0;\">HOME\\SICK is the summer exhibition of the Science Gallery, which usually is the exhibition that is the most accessible and understandable for all ages and that goal was achieved again. It is not the Science Gallery&#8217;s best exhibition, but it is still definitely worth a visit.<\/p>\n<p style=\"margin: 10px 0;\">The exhibition will run from 01 May until 19 July and is open from Tuesday-Sunday (Tues-Fri: 12:00-20:00, Sat+Sun 12:00-18:00). Admission is free.<\/p>\n<\/div>\n<div style=\"font-size: 13px; color: #534438; line-height: 20px;\"><\/div>\n<p style=\"font-size: 13px; color: #534438; line-height: 20px;\"><a style=\"color: #cc2979; text-decoration: none;\" href=\"https:\/\/dublin.sciencegallery.com\/\">https:\/\/dublin.sciencegallery.com\/<\/a><\/p>\n<\/td>\n<td valign=\"top\"><\/td>\n<\/tr>\n<\/tbody>\n<\/table>\n<\/td>\n<\/tr>\n<\/tbody>\n<\/table>\n<\/td>\n<\/tr>\n<\/tbody>\n<\/table>\n<table width=\"100%\" cellspacing=\"0\" cellpadding=\"0\">\n<tbody>\n<tr>\n<td style=\"padding: 10px 30px;\">\n<table width=\"100%\" cellspacing=\"0\" cellpadding=\"0\">\n<tbody>\n<tr>\n<td valign=\"top\" width=\"52\"><img loading=\"lazy\" decoding=\"async\" src=\"http:\/\/dublineventguide.com\/dff\/admin\/images\/categories\/MUSIC.png\" alt=\"\" width=\"32\" height=\"32\" \/><\/td>\n<td>\n<h2 style=\"font-size: 16px; color: #534438; margin: 0 0 5px; font-weight: normal;\">Skerries Traditional Music Festival<\/h2>\n<h3 style=\"font-size: 13px; margin: 0; padding: 0; line-height: 16px; color: #534438;\">12:00, Sat 16 May<\/h3>\n<p style=\"font-size: 13px; color: #534438; line-height: 20px; margin: 0; padding-top: 0;\">Skerries Village, Co. Dublin<\/p>\n<table width=\"100%\" cellspacing=\"0\" cellpadding=\"0\">\n<tbody>\n<tr>\n<td valign=\"top\">\n<div style=\"font-size: 13px; color: #534438; line-height: 20px;\">\n<p style=\"margin: 10px 0;\">The 14th Skerries Traditional Music Festival will take place from Fri 15 &#8211; Sun 17 May. There are a number of non-free events, but in the evenings and during the day outdoors there are a whole range of Sessions in the pubs\/venues of Skerries and they seem to be free.<\/p>\n<p>Have a look for all details on the website below or download the PDF brochure <a style=\"color: #cc2979; text-decoration: none;\" href=\"http:\/\/skerriestraditionalmusic.com\/wp-content\/uploads\/2015\/04\/Brochure-for-Website-SKERRIES-TRAD-BROCHURE-FINISHED.pdf\" target=\"_blank\">here<\/a>.<\/p>\n<p style=\"margin: 10px 0;\">On Saturday, for example, there will be Music on the Street from 12:00-17:00 and there are Sessions from 21:30. And on Sunday an event in the Skerries Mills might be free and Sessions in the evening from 21:30 are also free again.<\/p>\n<\/div>\n<div style=\"font-size: 13px; color: #534438; line-height: 20px;\"><\/div>\n<p style=\"font-size: 13px; color: #534438; line-height: 20px;\"><a style=\"color: #cc2979; text-decoration: none;\" href=\"http:\/\/skerriestraditionalmusic.com\/\">http:\/\/skerriestraditionalmusic.com\/<\/a><\/p>\n<\/td>\n<td valign=\"top\"><\/td>\n<\/tr>\n<\/tbody>\n<\/table>\n<\/td>\n<\/tr>\n<\/tbody>\n<\/table>\n<\/td>\n<\/tr>\n<\/tbody>\n<\/table>\n<table width=\"100%\" cellspacing=\"0\" cellpadding=\"0\">\n<tbody>\n<tr>\n<td style=\"padding: 10px 30px;\">\n<table width=\"100%\" cellspacing=\"0\" cellpadding=\"0\">\n<tbody>\n<tr>\n<td valign=\"top\" width=\"52\"><img loading=\"lazy\" decoding=\"async\" src=\"http:\/\/dublineventguide.com\/dff\/admin\/images\/categories\/FILM.png\" alt=\"\" width=\"32\" height=\"32\" \/><\/td>\n<td>\n<h2 style=\"font-size: 16px; color: #534438; margin: 0 0 5px; font-weight: normal;\">Archive at Lunchtime &#8211; IFI<\/h2>\n<h3 style=\"font-size: 13px; margin: 0; padding: 0; line-height: 16px; color: #534438;\"><img loading=\"lazy\" decoding=\"async\" style=\"display: inline; float: left;\" src=\"http:\/\/dublineventguide.com\/dff\/admin\/images\/weekly.png\" alt=\"\" width=\"69\" height=\"16\" \/> 13:00, Sat 16 May<\/h3>\n<p style=\"font-size: 13px; color: #534438; line-height: 20px; margin: 0; padding-top: 0;\">Irish Film Institute, 6 Eustace Street, Temple Bar, Dublin 2<\/p>\n<table width=\"100%\" cellspacing=\"0\" cellpadding=\"0\">\n<tbody>\n<tr>\n<td valign=\"top\">\n<div style=\"font-size: 13px; color: #534438; line-height: 20px;\">\n<p>Archive at Lunchtime screenings take place Saturdays (Double Bill), Mondays and Wednesdays. The programme is changing weekly now (instead of monthly as in the past). To find out what film(s) will be screened go to <a style=\"color: #cc2979; text-decoration: none;\" href=\"http:\/\/www.ifi.ie\/whatson\/now-showing-coming-soon\/\">http:\/\/www.ifi.ie\/whatson\/now-showing-coming-soon\/<\/a> and look for &#8220;Archive at Lunchtime&#8221; on the right. Admission is free.<\/p>\n<\/div>\n<div style=\"font-size: 13px; color: #534438; line-height: 20px;\"><\/div>\n<p style=\"font-size: 13px; color: #534438; line-height: 20px;\"><a style=\"color: #cc2979; text-decoration: none;\" href=\"http:\/\/www.ifi.ie\/\">http:\/\/www.ifi.ie\/<\/a><\/p>\n<\/td>\n<td valign=\"top\"><\/td>\n<\/tr>\n<\/tbody>\n<\/table>\n<\/td>\n<\/tr>\n<\/tbody>\n<\/table>\n<\/td>\n<\/tr>\n<\/tbody>\n<\/table>\n<table width=\"100%\" cellspacing=\"0\" cellpadding=\"0\">\n<tbody>\n<tr>\n<td style=\"padding: 10px 30px;\">\n<table width=\"100%\" cellspacing=\"0\" cellpadding=\"0\">\n<tbody>\n<tr>\n<td valign=\"top\" width=\"52\"><img loading=\"lazy\" decoding=\"async\" src=\"http:\/\/dublineventguide.com\/dff\/admin\/images\/categories\/ART.png\" alt=\"\" width=\"32\" height=\"32\" \/><\/td>\n<td>\n<h2 style=\"font-size: 16px; color: #534438; margin: 0 0 5px; font-weight: normal;\">Drop-In Drawing Session &#8211; Chester Beatty Library<\/h2>\n<h3 style=\"font-size: 13px; margin: 0; padding: 0; line-height: 16px; color: #534438;\">13:00 &#8211; 15:00, Sat 16 May<\/h3>\n<p style=\"font-size: 13px; color: #534438; line-height: 20px; margin: 0; padding-top: 0;\">Chester Beatty Library, Gardens of Dublin Castle, Dublin 2<\/p>\n<table width=\"100%\" cellspacing=\"0\" cellpadding=\"0\">\n<tbody>\n<tr>\n<td valign=\"top\">\n<div style=\"font-size: 13px; color: #534438; line-height: 20px;\">\n<p style=\"margin: 10px 0;\">At this Drop-in Drawing Session, meet artist Roxana Manouchehri and learn drawing techniques, including line drawing, shading, perspective and decoration during these relaxed and informal sessions.<\/p>\n<p style=\"margin: 10px 0;\">Admission is free, no booking required. Suitable for ages 13+. Materials are provided but feel free to bring your own sketchbook; dry materials only.<\/p>\n<\/div>\n<div style=\"font-size: 13px; color: #534438; line-height: 20px;\"><\/div>\n<p style=\"font-size: 13px; color: #534438; line-height: 20px;\"><a style=\"color: #cc2979; text-decoration: none;\" href=\"http:\/\/www.cbl.ie\/Programme---Events\/Events-Schedule.aspx\">http:\/\/www.cbl.ie\/Programme&#8212;Events\/Events-Schedule.aspx<\/a><\/p>\n<\/td>\n<td valign=\"top\"><\/td>\n<\/tr>\n<\/tbody>\n<\/table>\n<\/td>\n<\/tr>\n<\/tbody>\n<\/table>\n<\/td>\n<\/tr>\n<\/tbody>\n<\/table>\n<table width=\"100%\" cellspacing=\"0\" cellpadding=\"0\">\n<tbody>\n<tr>\n<td style=\"padding: 10px 30px;\">\n<table width=\"100%\" cellspacing=\"0\" cellpadding=\"0\">\n<tbody>\n<tr>\n<td valign=\"top\" width=\"52\"><img loading=\"lazy\" decoding=\"async\" src=\"http:\/\/dublineventguide.com\/dff\/admin\/images\/categories\/ACTIVITY.png\" alt=\"\" width=\"32\" height=\"32\" \/><\/td>\n<td>\n<h2 style=\"font-size: 16px; color: #534438; margin: 0 0 5px; font-weight: normal;\">National Drawing Day &#8211; Kildare Street (Archaeology)<\/h2>\n<h3 style=\"font-size: 13px; margin: 0; padding: 0; line-height: 16px; color: #534438;\">13:00 &#8211; 16:00, Sat 16 May<\/h3>\n<p style=\"font-size: 13px; color: #534438; line-height: 20px; margin: 0; padding-top: 0;\">National Museum, Kildare Street (Archaeology), Dublin 2<\/p>\n<table width=\"100%\" cellspacing=\"0\" cellpadding=\"0\">\n<tbody>\n<tr>\n<td valign=\"top\">\n<div style=\"font-size: 13px; color: #534438; line-height: 20px;\">\n<p style=\"margin: 10px 0;\">Observe and sketch the Museum&#8217;s collections and beautiful 19th century building with guidance from artist and tutor in Drawing and Painting at NCAD, Kenneth Donfield.<\/p>\n<p style=\"margin: 10px 0;\">Beginners and experienced artists are welcome at this free events, but booking is required via 01 6486339.<\/p>\n<\/div>\n<div style=\"font-size: 13px; color: #534438; line-height: 20px;\"><\/div>\n<p style=\"font-size: 13px; color: #534438; line-height: 20px;\"><a style=\"color: #cc2979; text-decoration: none;\" href=\"http:\/\/www.museum.ie\/en\/list\/calendar-of-events.aspx?eventID=4647\">http:\/\/www.museum.ie\/en\/list\/calendar-of-events.aspx?eventID=4647<\/a><\/p>\n<\/td>\n<td valign=\"top\"><\/td>\n<\/tr>\n<\/tbody>\n<\/table>\n<\/td>\n<\/tr>\n<\/tbody>\n<\/table>\n<\/td>\n<\/tr>\n<\/tbody>\n<\/table>\n<table width=\"100%\" cellspacing=\"0\" cellpadding=\"0\">\n<tbody>\n<tr>\n<td style=\"padding: 10px 30px;\">\n<table width=\"100%\" cellspacing=\"0\" cellpadding=\"0\">\n<tbody>\n<tr>\n<td valign=\"top\" width=\"52\"><img loading=\"lazy\" decoding=\"async\" src=\"http:\/\/dublineventguide.com\/dff\/admin\/images\/categories\/ART.png\" alt=\"\" width=\"32\" height=\"32\" \/><\/td>\n<td>\n<h2 style=\"font-size: 16px; color: #534438; margin: 0 0 5px; font-weight: normal;\">Manga for Beginners &#8211; Teen Workshop<\/h2>\n<h3 style=\"font-size: 13px; margin: 0; padding: 0; line-height: 16px; color: #534438;\">13:30 &#8211; 16:30, Sat 16 May<\/h3>\n<p style=\"font-size: 13px; color: #534438; line-height: 20px; margin: 0; padding-top: 0;\">Chester Beatty Library, Gardens of Dublin Castle, Dublin 2<\/p>\n<table width=\"100%\" cellspacing=\"0\" cellpadding=\"0\">\n<tbody>\n<tr>\n<td valign=\"top\">\n<div style=\"font-size: 13px; color: #534438; line-height: 20px;\">\n<p style=\"margin: 10px 0;\">The Chester Beatty Library runs a Creative Lab Club for Teens &#8220;Manga for Beginners&#8221;. Learn how to draw your manga characters with artist Lorraine Lawlor.<\/p>\n<p style=\"margin: 10px 0;\">Admission is free, but the workshop is limited to 15 teens aged 12-17 years and booking is required via the website below.<\/p>\n<p style=\"margin: 10px 0;\">Please note: This is a two day event on 16+23 May! Please book only if you are free to attend both days.<\/p>\n<\/div>\n<div style=\"font-size: 13px; color: #534438; line-height: 20px;\"><\/div>\n<p style=\"font-size: 13px; color: #534438; line-height: 20px;\"><a style=\"color: #cc2979; text-decoration: none;\" href=\"http:\/\/www.cbl.ie\/Programme---Events\/Events-Schedule.aspx\">http:\/\/www.cbl.ie\/Programme&#8212;Events\/Events-Schedule.aspx<\/a><\/p>\n<\/td>\n<td valign=\"top\"><\/td>\n<\/tr>\n<\/tbody>\n<\/table>\n<\/td>\n<\/tr>\n<\/tbody>\n<\/table>\n<\/td>\n<\/tr>\n<\/tbody>\n<\/table>\n<table width=\"100%\" cellspacing=\"0\" cellpadding=\"0\">\n<tbody>\n<tr>\n<td style=\"padding: 10px 30px;\">\n<table width=\"100%\" cellspacing=\"0\" cellpadding=\"0\">\n<tbody>\n<tr>\n<td valign=\"top\" width=\"52\"><img loading=\"lazy\" decoding=\"async\" src=\"http:\/\/dublineventguide.com\/dff\/admin\/images\/categories\/ACTIVITY.png\" alt=\"\" width=\"32\" height=\"32\" \/><\/td>\n<td>\n<h2 style=\"font-size: 16px; color: #534438; margin: 0 0 5px; font-weight: normal;\">&#8220;My Favourites&#8221; &#8211; Dublin City Walking Tour<\/h2>\n<h3 style=\"font-size: 13px; margin: 0; padding: 0; line-height: 16px; color: #534438;\"><img loading=\"lazy\" decoding=\"async\" style=\"display: inline; float: left;\" src=\"http:\/\/dublineventguide.com\/dff\/admin\/images\/weekly.png\" alt=\"\" width=\"69\" height=\"16\" \/> 14:00 &#8211; 16:00, Sat 16 May<\/h3>\n<p style=\"font-size: 13px; color: #534438; line-height: 20px; margin: 0; padding-top: 0;\">Spire, O&#8217;Connell Street, Dublin 1<\/p>\n<table width=\"100%\" cellspacing=\"0\" cellpadding=\"0\">\n<tbody>\n<tr>\n<td valign=\"top\">\n<div style=\"font-size: 13px; color: #534438; line-height: 20px;\">\n<p style=\"margin: 10px 0;\">&#8220;These Are a Few of My Favourite Things&#8221; is the title of a Walking Tour that Emily Gallagher will run every Saturday. It will be an Alternative Arts and Culture Trail and she will bring you to &#8220;Dublin\u2019s Best Cafes, Bars, Markets, Unusual Stores, Galleries, Theatres, Arts Spaces, and more! And hear some tales you\u2019ve never heard before!&#8221;<\/p>\n<p style=\"margin: 10px 0;\">Meeting point is at the Spire. The tours are free but donations are welcome and booking is required via myfavouritesdublincitywalktour@gmail.com or 085-2725095<\/p>\n<\/div>\n<div style=\"font-size: 13px; color: #534438; line-height: 20px;\"><\/div>\n<p style=\"font-size: 13px; color: #534438; line-height: 20px;\"><a style=\"color: #cc2979; text-decoration: none;\" href=\"http:\/\/www.dublincitywalkingtours.com\/\">http:\/\/www.dublincitywalkingtours.com\/<\/a><\/p>\n<\/td>\n<td valign=\"top\"><\/td>\n<\/tr>\n<\/tbody>\n<\/table>\n<\/td>\n<\/tr>\n<\/tbody>\n<\/table>\n<\/td>\n<\/tr>\n<\/tbody>\n<\/table>\n<table width=\"100%\" cellspacing=\"0\" cellpadding=\"0\">\n<tbody>\n<tr>\n<td style=\"padding: 10px 30px;\">\n<table width=\"100%\" cellspacing=\"0\" cellpadding=\"0\">\n<tbody>\n<tr>\n<td valign=\"top\" width=\"52\"><img loading=\"lazy\" decoding=\"async\" src=\"http:\/\/dublineventguide.com\/dff\/admin\/images\/categories\/ART.png\" alt=\"\" width=\"32\" height=\"32\" \/><\/td>\n<td>\n<h2 style=\"font-size: 16px; color: #534438; margin: 0 0 5px; font-weight: normal;\">National Drawing Day &#8211; Collins Barracks<\/h2>\n<h3 style=\"font-size: 13px; margin: 0; padding: 0; line-height: 16px; color: #534438;\">14:00 &#8211; 15:00, Sat 16 May<\/h3>\n<p style=\"font-size: 13px; color: #534438; line-height: 20px; margin: 0; padding-top: 0;\">National Museum, Collins Barracks (Decorative Arts &amp; History), 7 Benburb Street, Dublin 7<\/p>\n<table width=\"100%\" cellspacing=\"0\" cellpadding=\"0\">\n<tbody>\n<tr>\n<td valign=\"top\">\n<div style=\"font-size: 13px; color: #534438; line-height: 20px;\">\n<p style=\"margin: 10px 0;\">At the National Museum Drawing Day Drop-in event in Collins Barracks, discover what a source of inspiration the Museum can be for budding artists and designers of all ages. There\u2019s a free Drawing Day Pack you can pick up at the Museum\u2019s reception. Pencils are provided by the Museum, but bring along any other materials and sketchbooks you\u2019ll need. Drop in event, no booking required.<\/p>\n<p style=\"margin: 10px 0;\">Admission is free. Suitable for families with children of Age 7+.<\/p>\n<\/div>\n<div style=\"font-size: 13px; color: #534438; line-height: 20px;\"><\/div>\n<p style=\"font-size: 13px; color: #534438; line-height: 20px;\"><a style=\"color: #cc2979; text-decoration: none;\" href=\"http:\/\/www.museum.ie\/en\/list\/calendar-of-events.aspx?eventID=4646\">http:\/\/www.museum.ie\/en\/list\/calendar-of-events.aspx?eventID=4646<\/a><\/p>\n<\/td>\n<td valign=\"top\"><\/td>\n<\/tr>\n<\/tbody>\n<\/table>\n<\/td>\n<\/tr>\n<\/tbody>\n<\/table>\n<\/td>\n<\/tr>\n<\/tbody>\n<\/table>\n<table width=\"100%\" cellspacing=\"0\" cellpadding=\"0\">\n<tbody>\n<tr>\n<td style=\"padding: 10px 30px;\">\n<table width=\"100%\" cellspacing=\"0\" cellpadding=\"0\">\n<tbody>\n<tr>\n<td valign=\"top\" width=\"52\"><img loading=\"lazy\" decoding=\"async\" src=\"http:\/\/dublineventguide.com\/dff\/admin\/images\/categories\/LITERATURE.png\" alt=\"\" width=\"32\" height=\"32\" \/><\/td>\n<td>\n<h2 style=\"font-size: 16px; color: #534438; margin: 0 0 5px; font-weight: normal;\">An Afternoon with Diana Erskine-Hill<\/h2>\n<h3 style=\"font-size: 13px; margin: 0; padding: 0; line-height: 16px; color: #534438;\">14:30, Sat 16 May<\/h3>\n<p style=\"font-size: 13px; color: #534438; line-height: 20px; margin: 0; padding-top: 0;\">Dublin City Library &amp; Archive, 138-144 Pearse Street, Dublin 2<\/p>\n<table width=\"100%\" cellspacing=\"0\" cellpadding=\"0\">\n<tbody>\n<tr>\n<td valign=\"top\">\n<div style=\"font-size: 13px; color: #534438; line-height: 20px;\">\n<p style=\"margin: 10px 0;\">A collection of poetry by the late Diana Erskine-Hill will be recited. Her husband, Kenneth Edwards and a group of Diana&#8217;s friends will recite. Diana was herself deaf and she regularly recited at meetings with people with a hearing impairment. She lost most of her hearing when she was four years old at a time when young children weren\u2019t given hearing aids. She learned to lip read and eventually was given a hearing aid, life really began for her. She never gave up trying to overcome the difficulties posed by a hearing difficulty and spent much of her time helping others cope.<\/p>\n<p style=\"margin: 10px 0;\">Kenneth Edwards, Diana\u2019s husband, has published a collection of her poetry. The poems reflect her struggles with hearing impairment, her sensitivity to others as well as her love of nature, singing, chanting and drumming.<\/p>\n<p style=\"margin: 10px 0;\">Light refreshments will be served from 14:00. Admission is free and booking is not required.<\/p>\n<\/div>\n<div style=\"font-size: 13px; color: #534438; line-height: 20px;\"><\/div>\n<p style=\"font-size: 13px; color: #534438; line-height: 20px;\"><a style=\"color: #cc2979; text-decoration: none;\" href=\"http:\/\/www.dublincity.ie\/main-menu-services-culture-dublin-city-public-libraries-and-archive-events\/speaking-words-pearse\">http:\/\/www.dublincity.ie\/main-menu-services-culture-dublin-city-public-libraries-and-archive-events\/speaking-words-pearse<\/a><\/p>\n<\/td>\n<td valign=\"top\"><\/td>\n<\/tr>\n<\/tbody>\n<\/table>\n<\/td>\n<\/tr>\n<\/tbody>\n<\/table>\n<\/td>\n<\/tr>\n<\/tbody>\n<\/table>\n<table width=\"100%\" cellspacing=\"0\" cellpadding=\"0\">\n<tbody>\n<tr>\n<td style=\"padding: 10px 30px;\">\n<table width=\"100%\" cellspacing=\"0\" cellpadding=\"0\">\n<tbody>\n<tr>\n<td valign=\"top\" width=\"52\"><img loading=\"lazy\" decoding=\"async\" src=\"http:\/\/dublineventguide.com\/dff\/admin\/images\/categories\/MUSIC.png\" alt=\"\" width=\"32\" height=\"32\" \/><\/td>\n<td>\n<h2 style=\"font-size: 16px; color: #534438; margin: 0 0 5px; font-weight: normal;\">Jem Mitchell &#8211; Gig<\/h2>\n<h3 style=\"font-size: 13px; margin: 0; padding: 0; line-height: 16px; color: #534438;\">16:00 &#8211; 19:00, Sat 16 May<\/h3>\n<p style=\"font-size: 13px; color: #534438; line-height: 20px; margin: 0; padding-top: 0;\">Arthur&#8217;s Pub, 28 Thomas Street, Dublin 8<\/p>\n<table width=\"100%\" cellspacing=\"0\" cellpadding=\"0\">\n<tbody>\n<tr>\n<td valign=\"top\">\n<div style=\"font-size: 13px; color: #534438; line-height: 20px;\">\n<p style=\"margin: 10px 0;\">Jem Mitchell and guests will perform in Arthur&#8217;s Pub at a late afternoon gig.<\/p>\n<\/div>\n<div style=\"font-size: 13px; color: #534438; line-height: 20px;\"><\/div>\n<p style=\"font-size: 13px; color: #534438; line-height: 20px;\"><a style=\"color: #cc2979; text-decoration: none;\" href=\"https:\/\/www.facebook.com\/ArthursPub\">https:\/\/www.facebook.com\/ArthursPub<\/a><\/p>\n<\/td>\n<td valign=\"top\"><\/td>\n<\/tr>\n<\/tbody>\n<\/table>\n<\/td>\n<\/tr>\n<\/tbody>\n<\/table>\n<\/td>\n<\/tr>\n<\/tbody>\n<\/table>\n<table width=\"100%\" cellspacing=\"0\" cellpadding=\"0\">\n<tbody>\n<tr>\n<td style=\"padding: 10px 30px;\">\n<table width=\"100%\" cellspacing=\"0\" cellpadding=\"0\">\n<tbody>\n<tr>\n<td valign=\"top\" width=\"52\"><img loading=\"lazy\" decoding=\"async\" src=\"http:\/\/dublineventguide.com\/dff\/admin\/images\/categories\/FILM.png\" alt=\"\" width=\"32\" height=\"32\" \/><\/td>\n<td>\n<h2 style=\"font-size: 16px; color: #534438; margin: 0 0 5px; font-weight: normal;\">Foo Fighters Documentary &#8211; Screening<\/h2>\n<h3 style=\"font-size: 13px; margin: 0; padding: 0; line-height: 16px; color: #534438;\">19:00 &#8211; 20:30, Sat 16 May<\/h3>\n<p style=\"font-size: 13px; color: #534438; line-height: 20px; margin: 0; padding-top: 0;\">Grand Social, 35 Lower Liffey Street (near Ha&#8217;Penny Bridge), Dublin 1<\/p>\n<table width=\"100%\" cellspacing=\"0\" cellpadding=\"0\">\n<tbody>\n<tr>\n<td valign=\"top\">\n<div style=\"font-size: 13px; color: #534438; line-height: 20px;\">\n<p style=\"margin: 10px 0;\">From Sat 11 Apr until 29 May, the Grand Social will screen 8 episodes (one every Saturday) from the Foo Fighters Documentary &#8220;Sonic Highways&#8221;. Admission is free,<\/p>\n<\/div>\n<div style=\"font-size: 13px; color: #534438; line-height: 20px;\"><\/div>\n<p style=\"font-size: 13px; color: #534438; line-height: 20px;\"><a style=\"color: #cc2979; text-decoration: none;\" href=\"http:\/\/www.thegrandsocial.ie\/events\/foo-fighters-documentary\/\">http:\/\/www.thegrandsocial.ie\/events\/foo-fighters-documentary\/<\/a><\/p>\n<\/td>\n<td valign=\"top\"><\/td>\n<\/tr>\n<\/tbody>\n<\/table>\n<\/td>\n<\/tr>\n<\/tbody>\n<\/table>\n<\/td>\n<\/tr>\n<\/tbody>\n<\/table>\n<table width=\"100%\" cellspacing=\"0\" cellpadding=\"0\">\n<tbody>\n<tr>\n<td style=\"padding: 10px 30px;\">\n<table width=\"100%\" cellspacing=\"0\" cellpadding=\"0\">\n<tbody>\n<tr>\n<td valign=\"top\" width=\"52\"><img loading=\"lazy\" decoding=\"async\" src=\"http:\/\/dublineventguide.com\/dff\/admin\/images\/categories\/MUSIC.png\" alt=\"\" width=\"32\" height=\"32\" \/><\/td>\n<td>\n<h2 style=\"font-size: 16px; color: #534438; margin: 0 0 5px; font-weight: normal;\">Gin &#8216;n&#8217; Juice &#8211; Gig<\/h2>\n<h3 style=\"font-size: 13px; margin: 0; padding: 0; line-height: 16px; color: #534438;\">20:00, Sat 16 May<\/h3>\n<p style=\"font-size: 13px; color: #534438; line-height: 20px; margin: 0; padding-top: 0;\">Harbour Bar, 1 Strand Road, Bray, Co. Wicklow<\/p>\n<table width=\"100%\" cellspacing=\"0\" cellpadding=\"0\">\n<tbody>\n<tr>\n<td valign=\"top\">\n<div style=\"font-size: 13px; color: #534438; line-height: 20px;\">\n<p style=\"margin: 10px 0;\">Gin &#8216;n&#8217; Juice play Hip Hop, Funk and Dance and they cover the cream of Hip Hop from Snoop to Chic, Sugarhill Gang to Azelia Banks.<\/p>\n<p style=\"margin: 10px 0;\">Admission is free.<\/p>\n<\/div>\n<div style=\"font-size: 13px; color: #534438; line-height: 20px;\"><\/div>\n<p style=\"font-size: 13px; color: #534438; line-height: 20px;\"><a style=\"color: #cc2979; text-decoration: none;\" href=\"http:\/\/www.theharbourbar.ie\/whats-on\/event\/gin-n-juice-event\">http:\/\/www.theharbourbar.ie\/whats-on\/event\/gin-n-juice-event<\/a><\/p>\n<\/td>\n<td valign=\"top\"><\/td>\n<\/tr>\n<\/tbody>\n<\/table>\n<\/td>\n<\/tr>\n<\/tbody>\n<\/table>\n<\/td>\n<\/tr>\n<\/tbody>\n<\/table>\n<table width=\"100%\" cellspacing=\"0\" cellpadding=\"0\">\n<tbody>\n<tr>\n<td style=\"padding: 10px 30px;\">\n<table width=\"100%\" cellspacing=\"0\" cellpadding=\"0\">\n<tbody>\n<tr>\n<td valign=\"top\" width=\"52\"><img loading=\"lazy\" decoding=\"async\" src=\"http:\/\/dublineventguide.com\/dff\/admin\/images\/categories\/MUSIC.png\" alt=\"\" width=\"32\" height=\"32\" \/><\/td>\n<td>\n<h2 style=\"font-size: 16px; color: #534438; margin: 0 0 5px; font-weight: normal;\">Live in Sin \u00c9 &#8211; Gigs<\/h2>\n<h3 style=\"font-size: 13px; margin: 0; padding: 0; line-height: 16px; color: #534438;\"><img loading=\"lazy\" decoding=\"async\" style=\"display: inline; float: left;\" src=\"http:\/\/dublineventguide.com\/dff\/admin\/images\/weekly.png\" alt=\"\" width=\"69\" height=\"16\" \/> 20:00, Sat 16 May<\/h3>\n<p style=\"font-size: 13px; color: #534438; line-height: 20px; margin: 0; padding-top: 0;\">Sin \u00c9, 14 Ormond Quay, Dublin 1<\/p>\n<table width=\"100%\" cellspacing=\"0\" cellpadding=\"0\">\n<tbody>\n<tr>\n<td valign=\"top\">\n<div style=\"font-size: 13px; color: #534438; line-height: 20px;\">\n<p style=\"margin: 10px 0;\">Live in Sin \u00c9 will feature a variety of bands and musicians at this weekly gig night on Saturdays. The event is presented by Super Happy Funtimes. Admission is free and the line-up is can be found on the Facebook Page below.<\/p>\n<p style=\"margin: 10px 0;\">In short the line-up is Monsoon Season, Mr Winston Pinstripe, All We Need Is Love.<\/p>\n<\/div>\n<div style=\"font-size: 13px; color: #534438; line-height: 20px;\"><\/div>\n<p style=\"font-size: 13px; color: #534438; line-height: 20px;\"><a style=\"color: #cc2979; text-decoration: none;\" href=\"https:\/\/www.facebook.com\/shftimes\">https:\/\/www.facebook.com\/shftimes<\/a><\/p>\n<\/td>\n<td valign=\"top\"><\/td>\n<\/tr>\n<\/tbody>\n<\/table>\n<\/td>\n<\/tr>\n<\/tbody>\n<\/table>\n<\/td>\n<\/tr>\n<\/tbody>\n<\/table>\n<table width=\"100%\" cellspacing=\"0\" cellpadding=\"0\">\n<tbody>\n<tr>\n<td style=\"padding: 10px 30px;\">\n<table width=\"100%\" cellspacing=\"0\" cellpadding=\"0\">\n<tbody>\n<tr>\n<td valign=\"top\" width=\"52\"><img loading=\"lazy\" decoding=\"async\" src=\"http:\/\/dublineventguide.com\/dff\/admin\/images\/categories\/MUSIC.png\" alt=\"\" width=\"32\" height=\"32\" \/><\/td>\n<td>\n<h2 style=\"font-size: 16px; color: #534438; margin: 0 0 5px; font-weight: normal;\">Saturday Night Live<\/h2>\n<h3 style=\"font-size: 13px; margin: 0; padding: 0; line-height: 16px; color: #534438;\"><img loading=\"lazy\" decoding=\"async\" style=\"display: inline; float: left;\" src=\"http:\/\/dublineventguide.com\/dff\/admin\/images\/weekly.png\" alt=\"\" width=\"69\" height=\"16\" \/> 20:00 &#8211; 22:30, Sat 16 May<\/h3>\n<p style=\"font-size: 13px; color: #534438; line-height: 20px; margin: 0; padding-top: 0;\">KC Peaches (Wine Cave), 28\/29 Nassau St., Dublin 2<\/p>\n<table width=\"100%\" cellspacing=\"0\" cellpadding=\"0\">\n<tbody>\n<tr>\n<td valign=\"top\">\n<div style=\"font-size: 13px; color: #534438; line-height: 20px;\">\n<p style=\"margin: 10px 0;\">This is a weekly Saturday night live music event event in the basement Wine Cave of KC Peaches wholefood restaurant\/caf\u00e9. Food will be served until 22:00 and wine, minerals &amp; music will be available until later. Admission is free and a donation into a hat at the end of the evening is appreciated.<\/p>\n<\/div>\n<div style=\"font-size: 13px; color: #534438; line-height: 20px;\"><\/div>\n<p style=\"font-size: 13px; color: #534438; line-height: 20px;\"><a style=\"color: #cc2979; text-decoration: none;\" href=\"https:\/\/www.facebook.com\/KCPeachesWineCave\">https:\/\/www.facebook.com\/KCPeachesWineCave<\/a><\/p>\n<\/td>\n<td valign=\"top\"><\/td>\n<\/tr>\n<\/tbody>\n<\/table>\n<\/td>\n<\/tr>\n<\/tbody>\n<\/table>\n<\/td>\n<\/tr>\n<\/tbody>\n<\/table>\n<table width=\"100%\" cellspacing=\"0\" cellpadding=\"0\">\n<tbody>\n<tr>\n<td style=\"padding: 10px 30px;\">\n<table width=\"100%\" cellspacing=\"0\" cellpadding=\"0\">\n<tbody>\n<tr>\n<td valign=\"top\" width=\"52\"><img loading=\"lazy\" decoding=\"async\" src=\"http:\/\/dublineventguide.com\/dff\/admin\/images\/categories\/MUSIC.png\" alt=\"\" width=\"32\" height=\"32\" \/><\/td>\n<td>\n<h2 style=\"font-size: 16px; color: #534438; margin: 0 0 5px; font-weight: normal;\">Festival Club &#8211; Intern. Literature Festival<\/h2>\n<h3 style=\"font-size: 13px; margin: 0; padding: 0; line-height: 16px; color: #534438;\">21:00, Sat 16 May<\/h3>\n<p style=\"font-size: 13px; color: #534438; line-height: 20px; margin: 0; padding-top: 0;\">Oscar&#8217;s Cafe Bar, 16-18 Fishamble Street, Dublin 8<\/p>\n<table width=\"100%\" cellspacing=\"0\" cellpadding=\"0\">\n<tbody>\n<tr>\n<td valign=\"top\">\n<div style=\"font-size: 13px; color: #534438; line-height: 20px;\">\n<p style=\"margin: 10px 0;\">The International Literature Festival invites to a Festival Club on four nights in Oscar&#8217;s Bar and the event will feature:<\/p>\n<p>+ Sat 16 May: Anna Jordan and Dennis Cassidy<br \/>\n+ Thur 21 May: Isobel Anderson<br \/>\n+ Fri 22 May: Dylan Tighe<br \/>\n+ Sat 23 May: Lyrical Ballads with DJ Nialler9<\/p>\n<p style=\"margin: 10px 0;\">Admission is free.<\/p>\n<\/div>\n<div style=\"font-size: 13px; color: #534438; line-height: 20px;\"><\/div>\n<p style=\"font-size: 13px; color: #534438; line-height: 20px;\"><a style=\"color: #cc2979; text-decoration: none;\" href=\"http:\/\/ilfdublin.com\/programme\/\">http:\/\/ilfdublin.com\/programme\/<\/a><\/p>\n<\/td>\n<td valign=\"top\"><\/td>\n<\/tr>\n<\/tbody>\n<\/table>\n<\/td>\n<\/tr>\n<\/tbody>\n<\/table>\n<\/td>\n<\/tr>\n<\/tbody>\n<\/table>\n<table width=\"100%\" cellspacing=\"0\" cellpadding=\"0\">\n<tbody>\n<tr>\n<td style=\"padding: 10px 30px;\">\n<table width=\"100%\" cellspacing=\"0\" cellpadding=\"0\">\n<tbody>\n<tr>\n<td valign=\"top\" width=\"52\"><img loading=\"lazy\" decoding=\"async\" src=\"http:\/\/dublineventguide.com\/dff\/admin\/images\/categories\/MUSIC.png\" alt=\"\" width=\"32\" height=\"32\" \/><\/td>\n<td>\n<h2 style=\"font-size: 16px; color: #534438; margin: 0 0 5px; font-weight: normal;\">Live Music &#8211; Stillorgan Orchard<\/h2>\n<h3 style=\"font-size: 13px; margin: 0; padding: 0; line-height: 16px; color: #534438;\"><img loading=\"lazy\" decoding=\"async\" style=\"display: inline; float: left;\" src=\"http:\/\/dublineventguide.com\/dff\/admin\/images\/weekly.png\" alt=\"\" width=\"69\" height=\"16\" \/> 21:00, Sat 16 May<\/h3>\n<p style=\"font-size: 13px; color: #534438; line-height: 20px; margin: 0; padding-top: 0;\">Stillorgan Orchard, The Hill, Stillorgan, Co. Dublin<\/p>\n<table width=\"100%\" cellspacing=\"0\" cellpadding=\"0\">\n<tbody>\n<tr>\n<td valign=\"top\">\n<div style=\"font-size: 13px; color: #534438; line-height: 20px;\">\n<p style=\"margin: 10px 0;\">The Stillorgan Orchard has live music every Friday and Saturday. Many of the performers are established and very good bands. The upcoming gigs are detailed on the website below. Admission is always free.<\/p>\n<\/div>\n<div style=\"font-size: 13px; color: #534438; line-height: 20px;\"><\/div>\n<p style=\"font-size: 13px; color: #534438; line-height: 20px;\"><a style=\"color: #cc2979; text-decoration: none;\" href=\"http:\/\/www.stillorganorchard.com\/live_music.html\">http:\/\/www.stillorganorchard.com\/live_music.html<\/a><\/p>\n<\/td>\n<td valign=\"top\"><\/td>\n<\/tr>\n<\/tbody>\n<\/table>\n<\/td>\n<\/tr>\n<\/tbody>\n<\/table>\n<\/td>\n<\/tr>\n<\/tbody>\n<\/table>\n<table width=\"100%\" cellspacing=\"0\" cellpadding=\"0\">\n<tbody>\n<tr>\n<td style=\"padding: 10px 30px;\">\n<table width=\"100%\" cellspacing=\"0\" cellpadding=\"0\">\n<tbody>\n<tr>\n<td valign=\"top\" width=\"52\"><img loading=\"lazy\" decoding=\"async\" src=\"http:\/\/dublineventguide.com\/dff\/admin\/images\/categories\/MUSIC.png\" alt=\"\" width=\"32\" height=\"32\" \/><\/td>\n<td>\n<h2 style=\"font-size: 16px; color: #534438; margin: 0 0 5px; font-weight: normal;\">The Dodgy Few &#8211; Gig<\/h2>\n<h3 style=\"font-size: 13px; margin: 0; padding: 0; line-height: 16px; color: #534438;\">21:00, Sat 16 May<\/h3>\n<p style=\"font-size: 13px; color: #534438; line-height: 20px; margin: 0; padding-top: 0;\">The Mezz, 24\/25 Eustace Street, Temple Bar, Dublin 2<\/p>\n<table width=\"100%\" cellspacing=\"0\" cellpadding=\"0\">\n<tbody>\n<tr>\n<td valign=\"top\">\n<div style=\"font-size: 13px; color: #534438; line-height: 20px;\">\n<p style=\"margin: 10px 0;\">The Dodgy Few are in The Mezz for a gig. Admission is free.<\/p>\n<\/div>\n<div style=\"font-size: 13px; color: #534438; line-height: 20px;\"><\/div>\n<p style=\"font-size: 13px; color: #534438; line-height: 20px;\"><a style=\"color: #cc2979; text-decoration: none;\" href=\"https:\/\/www.facebook.com\/mezzdublin\">https:\/\/www.facebook.com\/mezzdublin<\/a><\/p>\n<\/td>\n<td valign=\"top\"><\/td>\n<\/tr>\n<\/tbody>\n<\/table>\n<\/td>\n<\/tr>\n<\/tbody>\n<\/table>\n<\/td>\n<\/tr>\n<\/tbody>\n<\/table>\n<table width=\"100%\" cellspacing=\"0\" cellpadding=\"0\">\n<tbody>\n<tr>\n<td style=\"padding: 10px 30px;\">\n<table width=\"100%\" cellspacing=\"0\" cellpadding=\"0\">\n<tbody>\n<tr>\n<td valign=\"top\" width=\"52\"><img loading=\"lazy\" decoding=\"async\" src=\"http:\/\/dublineventguide.com\/dff\/admin\/images\/categories\/MUSIC.png\" alt=\"\" width=\"32\" height=\"32\" \/><\/td>\n<td>\n<h2 style=\"font-size: 16px; color: #534438; margin: 0 0 5px; font-weight: normal;\">Higher Ground &#8211; Gig<\/h2>\n<h3 style=\"font-size: 13px; margin: 0; padding: 0; line-height: 16px; color: #534438;\">22:00, Sat 16 May<\/h3>\n<p style=\"font-size: 13px; color: #534438; line-height: 20px; margin: 0; padding-top: 0;\">Whelan&#8217;s, 25 Wexford Street, Dublin 2<\/p>\n<table width=\"100%\" cellspacing=\"0\" cellpadding=\"0\">\n<tbody>\n<tr>\n<td valign=\"top\">\n<div style=\"font-size: 13px; color: #534438; line-height: 20px;\">\n<p style=\"margin: 10px 0;\">Higher Ground will play from early rock\u2019n\u2019roll \/country, gritty 60s rock, reggae, harmony-filled 70s sounds, funk, soul, right up to today\u2019s edgy modern pop\/rock.<\/p>\n<p style=\"margin: 10px 0;\">Admission is free.<\/p>\n<\/div>\n<div style=\"font-size: 13px; color: #534438; line-height: 20px;\"><\/div>\n<p style=\"font-size: 13px; color: #534438; line-height: 20px;\"><a style=\"color: #cc2979; text-decoration: none;\" href=\"http:\/\/www.whelanslive.com\/index.php\/live-from-the-window-w-higher-ground\/\">http:\/\/www.whelanslive.com\/index.php\/live-from-the-window-w-higher-ground\/<\/a><\/p>\n<\/td>\n<td valign=\"top\"><\/td>\n<\/tr>\n<\/tbody>\n<\/table>\n<\/td>\n<\/tr>\n<\/tbody>\n<\/table>\n<\/td>\n<\/tr>\n<\/tbody>\n<\/table>\n<table width=\"100%\" cellspacing=\"0\" cellpadding=\"0\">\n<tbody>\n<tr>\n<td style=\"padding: 10px 30px;\">\n<table width=\"100%\" cellspacing=\"0\" cellpadding=\"0\">\n<tbody>\n<tr>\n<td valign=\"top\" width=\"52\"><img loading=\"lazy\" decoding=\"async\" src=\"http:\/\/dublineventguide.com\/dff\/admin\/images\/categories\/MUSIC.png\" alt=\"\" width=\"32\" height=\"32\" \/><\/td>\n<td>\n<h2 style=\"font-size: 16px; color: #534438; margin: 0 0 5px; font-weight: normal;\">The Cravingz &#8211; Gig<\/h2>\n<h3 style=\"font-size: 13px; margin: 0; padding: 0; line-height: 16px; color: #534438;\">23:55, Sat 16 May<\/h3>\n<p style=\"font-size: 13px; color: #534438; line-height: 20px; margin: 0; padding-top: 0;\">The Mezz, 24\/25 Eustace Street, Temple Bar, Dublin 2<\/p>\n<table width=\"100%\" cellspacing=\"0\" cellpadding=\"0\">\n<tbody>\n<tr>\n<td valign=\"top\">\n<div style=\"font-size: 13px; color: #534438; line-height: 20px;\">\n<p style=\"margin: 10px 0;\">After the Dodgy Few at 21:00, The Cravingz will play in the midnight slot in The Mezz. Admission is free.<\/p>\n<\/div>\n<div style=\"font-size: 13px; color: #534438; line-height: 20px;\"><\/div>\n<p style=\"font-size: 13px; color: #534438; line-height: 20px;\"><a style=\"color: #cc2979; text-decoration: none;\" href=\"https:\/\/www.facebook.com\/mezzdublin\">https:\/\/www.facebook.com\/mezzdublin<\/a><\/p>\n<\/td>\n<td valign=\"top\"><\/td>\n<\/tr>\n<\/tbody>\n<\/table>\n<\/td>\n<\/tr>\n<\/tbody>\n<\/table>\n<\/td>\n<\/tr>\n<\/tbody>\n<\/table>\n<table id=\"day_1431817200\" style=\"margin-top: 10px;\" width=\"100%\" cellspacing=\"0\" cellpadding=\"0\">\n<tbody>\n<tr style=\"background-color: #c20162; color: #fff;\">\n<td style=\"padding: 0; line-height: 1; height: 34px; overflow: hidden;\">\n<p style=\"width: 630px; padding-left: 30px; margin: 0; height: 34px; overflow: hidden; line-height: 34px;\"><a name=\"day_1431817200\"><\/a><strong>Sunday <\/strong> 17 May<\/p>\n<\/td>\n<td>\n<p style=\"margin: 0; line-height: 34px; padding: 0; font-size: 13px;\"><a style=\"color: #fff; text-decoration: none;\" href=\"#dff_top\">back to top<\/a><\/p>\n<\/td>\n<td>\n<p style=\"margin: 0; padding: 0; font-size: 13px;\"><a style=\"color: #fff; text-decoration: none;\" href=\"#dff_top\"><img loading=\"lazy\" decoding=\"async\" src=\"http:\/\/dublineventguide.com\/dff\/admin\/images\/dividers\/date_toplink.png\" alt=\"Back to top\" width=\"38\" height=\"34\" \/><\/a><\/p>\n<\/td>\n<td width=\"50\"><\/td>\n<\/tr>\n<\/tbody>\n<\/table>\n<table width=\"100%\" cellspacing=\"0\" cellpadding=\"0\">\n<tbody>\n<tr>\n<td style=\"padding: 10px 30px;\">\n<table width=\"100%\" cellspacing=\"0\" cellpadding=\"0\">\n<tbody>\n<tr>\n<td valign=\"top\" width=\"52\"><img loading=\"lazy\" decoding=\"async\" src=\"http:\/\/dublineventguide.com\/dff\/admin\/images\/categories\/MARKETS.png\" alt=\"\" width=\"32\" height=\"32\" \/><\/td>\n<td>\n<h2 style=\"font-size: 16px; color: #534438; margin: 0 0 5px; font-weight: normal;\">Belgard Weekend Market<\/h2>\n<h3 style=\"font-size: 13px; margin: 0; padding: 0; line-height: 16px; color: #534438;\"><img loading=\"lazy\" decoding=\"async\" style=\"display: inline; float: left;\" src=\"http:\/\/dublineventguide.com\/dff\/admin\/images\/weekly.png\" alt=\"\" width=\"69\" height=\"16\" \/> 10:00 &#8211; 17:00, Sun 17 May<\/h3>\n<p style=\"font-size: 13px; color: #534438; line-height: 20px; margin: 0; padding-top: 0;\">Belgard Road, Dublin 24<\/p>\n<table width=\"100%\" cellspacing=\"0\" cellpadding=\"0\">\n<tbody>\n<tr>\n<td valign=\"top\">\n<div style=\"font-size: 13px; color: #534438; line-height: 20px;\">\n<p style=\"margin: 10px 0;\">The Belgard Weekend Market is an indoor market with stalls with handcraft (incl. designer jewellery, aran jumpers and wool, christening robes and shawls, cards and cross stitch), household items, bric and brac, furniture, flowers, make-up, clothes, shoes, showers, upholstery, toys, kitchens, cafe, army memorabilia, collectors items, sweets, handbags books, blinds, party shop, tools and more.<\/p>\n<p style=\"margin: 10px 0;\">It is open every Saturday and Sunday and is located in the Glen Abbey complex (opposite Jacobs) on Belgard Road.<\/p>\n<\/div>\n<div style=\"font-size: 13px; color: #534438; line-height: 20px;\"><\/div>\n<p style=\"font-size: 13px; color: #534438; line-height: 20px;\"><a style=\"color: #cc2979; text-decoration: none;\" href=\"https:\/\/www.facebook.com\/belgardmarket\">https:\/\/www.facebook.com\/belgardmarket<\/a><\/p>\n<\/td>\n<td valign=\"top\"><\/td>\n<\/tr>\n<\/tbody>\n<\/table>\n<\/td>\n<\/tr>\n<\/tbody>\n<\/table>\n<\/td>\n<\/tr>\n<\/tbody>\n<\/table>\n<table width=\"100%\" cellspacing=\"0\" cellpadding=\"0\">\n<tbody>\n<tr>\n<td style=\"padding: 10px 30px;\">\n<table width=\"100%\" cellspacing=\"0\" cellpadding=\"0\">\n<tbody>\n<tr>\n<td valign=\"top\" width=\"52\"><img loading=\"lazy\" decoding=\"async\" src=\"http:\/\/dublineventguide.com\/dff\/admin\/images\/categories\/MARKETS.png\" alt=\"\" width=\"32\" height=\"32\" \/><\/td>\n<td>\n<h2 style=\"font-size: 16px; color: #534438; margin: 0 0 5px; font-weight: normal;\">Jamestown Market<\/h2>\n<h3 style=\"font-size: 13px; margin: 0; padding: 0; line-height: 16px; color: #534438;\"><img loading=\"lazy\" decoding=\"async\" style=\"display: inline; float: left;\" src=\"http:\/\/dublineventguide.com\/dff\/admin\/images\/weekly.png\" alt=\"\" width=\"69\" height=\"16\" \/> 10:00 &#8211; 17:00, Sun 17 May<\/h3>\n<p style=\"font-size: 13px; color: #534438; line-height: 20px; margin: 0; padding-top: 0;\">Jamestown Market, 90 Jamestown Road, Inchicore, Dublin 8<\/p>\n<table width=\"100%\" cellspacing=\"0\" cellpadding=\"0\">\n<tbody>\n<tr>\n<td valign=\"top\">\n<div style=\"font-size: 13px; color: #534438; line-height: 20px;\">\n<p style=\"margin: 10px 0;\">Jamestown Flea Market + Car Boot Sale takes place every Sat+Sun from 10:00-17:00. You can reach it from Tyrconnell Road and from Kylemore Road and it is within 3 min from Black Horse stop on the red Luas line. There is free parking.<\/p>\n<\/div>\n<div style=\"font-size: 13px; color: #534438; line-height: 20px;\"><\/div>\n<p style=\"font-size: 13px; color: #534438; line-height: 20px;\"><a style=\"color: #cc2979; text-decoration: none;\" href=\"http:\/\/www.jamestownmarket.com\">http:\/\/www.jamestownmarket.com<\/a><\/p>\n<\/td>\n<td valign=\"top\"><\/td>\n<\/tr>\n<\/tbody>\n<\/table>\n<\/td>\n<\/tr>\n<\/tbody>\n<\/table>\n<\/td>\n<\/tr>\n<\/tbody>\n<\/table>\n<table width=\"100%\" cellspacing=\"0\" cellpadding=\"0\">\n<tbody>\n<tr>\n<td style=\"padding: 10px 30px;\">\n<table width=\"100%\" cellspacing=\"0\" cellpadding=\"0\">\n<tbody>\n<tr>\n<td valign=\"top\" width=\"52\"><img loading=\"lazy\" decoding=\"async\" src=\"http:\/\/dublineventguide.com\/dff\/admin\/images\/categories\/MARKETS.png\" alt=\"\" width=\"32\" height=\"32\" \/><\/td>\n<td>\n<h2 style=\"font-size: 16px; color: #534438; margin: 0 0 5px; font-weight: normal;\">Merchants Market<\/h2>\n<h3 style=\"font-size: 13px; margin: 0; padding: 0; line-height: 16px; color: #534438;\"><img loading=\"lazy\" decoding=\"async\" style=\"display: inline; float: left;\" src=\"http:\/\/dublineventguide.com\/dff\/admin\/images\/weekly.png\" alt=\"\" width=\"69\" height=\"16\" \/> 10:00 &#8211; 16:30, Sun 17 May<\/h3>\n<p style=\"font-size: 13px; color: #534438; line-height: 20px; margin: 0; padding-top: 0;\">Merchants Yard, East Wall Road, Dublin 3<\/p>\n<table width=\"100%\" cellspacing=\"0\" cellpadding=\"0\">\n<tbody>\n<tr>\n<td valign=\"top\">\n<div style=\"font-size: 13px; color: #534438; line-height: 20px;\">\n<p style=\"margin: 10px 0;\">The Merchants Market on East Wall Road is a weekly indoors flea market on Saturdays and Sundays with more than 80 stalls in a big industrial hall. There is everything from furniture and antiques to paintings and mirrors, electronics and hot food to bicycles and buns. It is just a few minutes walk away from the Point Theatre\/O2 (walk in the direction of the Port Tunnel).<\/p>\n<\/div>\n<div style=\"font-size: 13px; color: #534438; line-height: 20px;\"><\/div>\n<p style=\"font-size: 13px; color: #534438; line-height: 20px;\"><a style=\"color: #cc2979; text-decoration: none;\" href=\"http:\/\/www.merchantsmarket.ie\/\">http:\/\/www.merchantsmarket.ie\/<\/a><\/p>\n<\/td>\n<td valign=\"top\"><\/td>\n<\/tr>\n<\/tbody>\n<\/table>\n<\/td>\n<\/tr>\n<\/tbody>\n<\/table>\n<\/td>\n<\/tr>\n<\/tbody>\n<\/table>\n<table width=\"100%\" cellspacing=\"0\" cellpadding=\"0\">\n<tbody>\n<tr>\n<td style=\"padding: 10px 30px;\">\n<table width=\"100%\" cellspacing=\"0\" cellpadding=\"0\">\n<tbody>\n<tr>\n<td valign=\"top\" width=\"52\"><img loading=\"lazy\" decoding=\"async\" src=\"http:\/\/dublineventguide.com\/dff\/admin\/images\/categories\/ART.png\" alt=\"\" width=\"32\" height=\"32\" \/><\/td>\n<td>\n<h2 style=\"font-size: 16px; color: #534438; margin: 0 0 5px; font-weight: normal;\">Merrion Square Open Air Gallery<\/h2>\n<h3 style=\"font-size: 13px; margin: 0; padding: 0; line-height: 16px; color: #534438;\"><img loading=\"lazy\" decoding=\"async\" style=\"display: inline; float: left;\" src=\"http:\/\/dublineventguide.com\/dff\/admin\/images\/weekly.png\" alt=\"\" width=\"69\" height=\"16\" \/> 10:00 &#8211; 18:30, Sun 17 May<\/h3>\n<p style=\"font-size: 13px; color: #534438; line-height: 20px; margin: 0; padding-top: 0;\">Merrion Square, Dublin 2<\/p>\n<table width=\"100%\" cellspacing=\"0\" cellpadding=\"0\">\n<tbody>\n<tr>\n<td valign=\"top\">\n<div style=\"font-size: 13px; color: #534438; line-height: 20px;\">\n<p style=\"margin: 10px 0;\">Every Sunday, the Merrion Square Open Air Art Gallery takes place. Up to 200 artists exhibit their paintings on the railings on three sides (West, North and East) of Merrion Square and you can just enjoy the exhibition or even buy.<\/p>\n<\/div>\n<div style=\"font-size: 13px; color: #534438; line-height: 20px;\"><\/div>\n<p style=\"font-size: 13px; color: #534438; line-height: 20px;\"><a style=\"color: #cc2979; text-decoration: none;\" href=\"http:\/\/www.merrionsquareart.com\/\">http:\/\/www.merrionsquareart.com\/<\/a><\/p>\n<\/td>\n<td valign=\"top\"><\/td>\n<\/tr>\n<\/tbody>\n<\/table>\n<\/td>\n<\/tr>\n<\/tbody>\n<\/table>\n<\/td>\n<\/tr>\n<\/tbody>\n<\/table>\n<table width=\"100%\" cellspacing=\"0\" cellpadding=\"0\">\n<tbody>\n<tr>\n<td style=\"padding: 10px 30px;\">\n<table width=\"100%\" cellspacing=\"0\" cellpadding=\"0\">\n<tbody>\n<tr>\n<td valign=\"top\" width=\"52\"><img loading=\"lazy\" decoding=\"async\" src=\"http:\/\/dublineventguide.com\/dff\/admin\/images\/categories\/MARKETS.png\" alt=\"\" width=\"32\" height=\"32\" \/><\/td>\n<td>\n<h2 style=\"font-size: 16px; color: #534438; margin: 0 0 5px; font-weight: normal;\">Stables Market<\/h2>\n<h3 style=\"font-size: 13px; margin: 0; padding: 0; line-height: 16px; color: #534438;\"><img loading=\"lazy\" decoding=\"async\" style=\"display: inline; float: left;\" src=\"http:\/\/dublineventguide.com\/dff\/admin\/images\/weekly.png\" alt=\"\" width=\"69\" height=\"16\" \/> 10:00 &#8211; 18:00, Sun 17 May<\/h3>\n<p style=\"font-size: 13px; color: #534438; line-height: 20px; margin: 0; padding-top: 0;\">72 Thomas Street (between the Vicar St venue &amp; Cafe Notto), Dublin 8<\/p>\n<table width=\"100%\" cellspacing=\"0\" cellpadding=\"0\">\n<tbody>\n<tr>\n<td valign=\"top\">\n<div style=\"font-size: 13px; color: #534438; line-height: 20px;\">\n<p style=\"margin: 10px 0;\">A new market (flea\/vintage\/etc) with two caf\u00e9s has opened in the same location in Thomas Street where the Ferocious Mingle Market was before their move to Camden Street.<\/p>\n<p style=\"margin: 10px 0;\">The new market in 72 Thomas Street is called Stable Market and it is open from Thursday until Sunday from 10:00-18:00 every day. It seems there is neither a website nor a Facebook Page yet.<\/p>\n<\/div>\n<div style=\"font-size: 13px; color: #534438; line-height: 20px;\"><\/div>\n<\/td>\n<td valign=\"top\"><\/td>\n<\/tr>\n<\/tbody>\n<\/table>\n<\/td>\n<\/tr>\n<\/tbody>\n<\/table>\n<\/td>\n<\/tr>\n<\/tbody>\n<\/table>\n<table width=\"100%\" cellspacing=\"0\" cellpadding=\"0\">\n<tbody>\n<tr>\n<td style=\"padding: 10px 30px;\">\n<table width=\"100%\" cellspacing=\"0\" cellpadding=\"0\">\n<tbody>\n<tr>\n<td valign=\"top\" width=\"52\"><img loading=\"lazy\" decoding=\"async\" src=\"http:\/\/dublineventguide.com\/dff\/admin\/images\/categories\/ACTIVITY.png\" alt=\"\" width=\"32\" height=\"32\" \/><\/td>\n<td>\n<h2 style=\"font-size: 16px; color: #534438; margin: 0 0 5px; font-weight: normal;\">Weddingoffers.ie Wedding Fair<\/h2>\n<h3 style=\"font-size: 13px; margin: 0; padding: 0; line-height: 16px; color: #534438;\">10:00 &#8211; 18:00, Sun 17 May<\/h3>\n<p style=\"font-size: 13px; color: #534438; line-height: 20px; margin: 0; padding-top: 0;\">Bewley&#8217;s Hotel, Merrion Road, Ballsbridge, Dublin 4<\/p>\n<table width=\"100%\" cellspacing=\"0\" cellpadding=\"0\">\n<tbody>\n<tr>\n<td valign=\"top\">\n<div style=\"font-size: 13px; color: #534438; line-height: 20px;\">\n<p style=\"margin: 10px 0;\">In the Thomas Prior Hall of Bewley&#8217;s Hotel, Merrion Road, Weddingoffers.ie will run their wedding fair on Sunday. Admission is free.<\/p>\n<\/div>\n<div style=\"font-size: 13px; color: #534438; line-height: 20px;\"><\/div>\n<p style=\"font-size: 13px; color: #534438; line-height: 20px;\"><a style=\"color: #cc2979; text-decoration: none;\" href=\"http:\/\/www.weddingoffers.ie\/\">http:\/\/www.weddingoffers.ie\/<\/a><\/p>\n<\/td>\n<td valign=\"top\"><\/td>\n<\/tr>\n<\/tbody>\n<\/table>\n<\/td>\n<\/tr>\n<\/tbody>\n<\/table>\n<\/td>\n<\/tr>\n<\/tbody>\n<\/table>\n<table width=\"100%\" cellspacing=\"0\" cellpadding=\"0\">\n<tbody>\n<tr>\n<td style=\"padding: 10px 30px;\">\n<table width=\"100%\" cellspacing=\"0\" cellpadding=\"0\">\n<tbody>\n<tr>\n<td valign=\"top\" width=\"52\"><img loading=\"lazy\" decoding=\"async\" src=\"http:\/\/dublineventguide.com\/dff\/admin\/images\/categories\/MARKETS.png\" alt=\"\" width=\"32\" height=\"32\" \/><\/td>\n<td>\n<h2 style=\"font-size: 16px; color: #534438; margin: 0 0 5px; font-weight: normal;\">Brocante Furniture &amp; Vintage Market<\/h2>\n<h3 style=\"font-size: 13px; margin: 0; padding: 0; line-height: 16px; color: #534438;\">11:00 &#8211; 17:00, Sun 17 May<\/h3>\n<p style=\"font-size: 13px; color: #534438; line-height: 20px; margin: 0; padding-top: 0;\">Dublin Food Co-op, 12 Newmarket Square, Dublin 8<\/p>\n<table width=\"100%\" cellspacing=\"0\" cellpadding=\"0\">\n<tbody>\n<tr>\n<td valign=\"top\">\n<div style=\"font-size: 13px; color: #534438; line-height: 20px;\">\n<p style=\"margin: 10px 0;\">The Brocante Market will take place on Sunday. It is a collection of antiques, furniture, vintage jewellery, collectables and curiosities from the past and present, second-hand, refurbished, antique and hand-crafted stuff for your house and garden. If you are an interior designer or just have and eye for style and are looking for a special piece or maybe a bargain then this is the market for you. The market is held every 3rd Sunday of the month.<\/p>\n<p style=\"margin: 10px 0;\">Admission is free.<\/p>\n<\/div>\n<div style=\"font-size: 13px; color: #534438; line-height: 20px;\"><\/div>\n<p style=\"font-size: 13px; color: #534438; line-height: 20px;\"><a style=\"color: #cc2979; text-decoration: none;\" href=\"https:\/\/www.facebook.com\/thebrocantemarket\">https:\/\/www.facebook.com\/thebrocantemarket<\/a><\/p>\n<\/td>\n<td valign=\"top\"><\/td>\n<\/tr>\n<\/tbody>\n<\/table>\n<\/td>\n<\/tr>\n<\/tbody>\n<\/table>\n<\/td>\n<\/tr>\n<\/tbody>\n<\/table>\n<table width=\"100%\" cellspacing=\"0\" cellpadding=\"0\">\n<tbody>\n<tr>\n<td style=\"padding: 10px 30px;\">\n<table width=\"100%\" cellspacing=\"0\" cellpadding=\"0\">\n<tbody>\n<tr>\n<td valign=\"top\" width=\"52\"><img loading=\"lazy\" decoding=\"async\" src=\"http:\/\/dublineventguide.com\/dff\/admin\/images\/categories\/ACTIVITY.png\" alt=\"\" width=\"32\" height=\"32\" \/><\/td>\n<td>\n<h2 style=\"font-size: 16px; color: #534438; margin: 0 0 5px; font-weight: normal;\">Dockland&#8217;s Summer Festival<\/h2>\n<h3 style=\"font-size: 13px; margin: 0; padding: 0; line-height: 16px; color: #534438;\">11:00 &#8211; 17:00, Sun 17 May<\/h3>\n<p style=\"font-size: 13px; color: #534438; line-height: 20px; margin: 0; padding-top: 0;\">Grand Canal Square, Dublin 2<\/p>\n<table width=\"100%\" cellspacing=\"0\" cellpadding=\"0\">\n<tbody>\n<tr>\n<td valign=\"top\">\n<div style=\"font-size: 13px; color: #534438; line-height: 20px;\">\n<p style=\"margin: 10px 0;\">On Saturday and Sunday the Dockland&#8217;s Summer Festival will happen again. There will be Food Market, Wakeboard Demos, Duck Race, Street Performers, Raft Challenge and DJs. Let&#8217;s hope for good weather!<\/p>\n<p style=\"margin: 10px 0;\">It&#8217;s a great event, an outdoor festival and based on the weather forecast, I would suggest that you go there on Saturday! I was once there in torrential rain and as you can imagine it is a lot less fun.<\/p>\n<p>The programme outline is here <a style=\"color: #cc2979; text-decoration: none;\" href=\"http:\/\/www.docklandssummerfestival.com\/festival-programme-3\/\">http:\/\/www.docklandssummerfestival.com\/festival-programme-3\/<\/a><\/p>\n<p style=\"margin: 10px 0;\">Admission is free.<\/p>\n<\/div>\n<div style=\"font-size: 13px; color: #534438; line-height: 20px;\"><\/div>\n<p style=\"font-size: 13px; color: #534438; line-height: 20px;\"><a style=\"color: #cc2979; text-decoration: none;\" href=\"http:\/\/www.docklandssummerfestival.com\/\">http:\/\/www.docklandssummerfestival.com\/<\/a><\/p>\n<\/td>\n<td valign=\"top\"><\/td>\n<\/tr>\n<\/tbody>\n<\/table>\n<\/td>\n<\/tr>\n<\/tbody>\n<\/table>\n<\/td>\n<\/tr>\n<\/tbody>\n<\/table>\n<table width=\"100%\" cellspacing=\"0\" cellpadding=\"0\">\n<tbody>\n<tr>\n<td style=\"padding: 10px 30px;\">\n<table width=\"100%\" cellspacing=\"0\" cellpadding=\"0\">\n<tbody>\n<tr>\n<td valign=\"top\" width=\"52\"><img loading=\"lazy\" decoding=\"async\" src=\"http:\/\/dublineventguide.com\/dff\/admin\/images\/categories\/MARKETS.png\" alt=\"\" width=\"32\" height=\"32\" \/><\/td>\n<td>\n<h2 style=\"font-size: 16px; color: #534438; margin: 0 0 5px; font-weight: normal;\">Dun Laoghaire Market<\/h2>\n<h3 style=\"font-size: 13px; margin: 0; padding: 0; line-height: 16px; color: #534438;\"><img loading=\"lazy\" decoding=\"async\" style=\"display: inline; float: left;\" src=\"http:\/\/dublineventguide.com\/dff\/admin\/images\/weekly.png\" alt=\"\" width=\"69\" height=\"16\" \/> 11:00 &#8211; 16:00, Sun 17 May<\/h3>\n<p style=\"font-size: 13px; color: #534438; line-height: 20px; margin: 0; padding-top: 0;\">People&#8217;s Park, Dun Laoghaire, Co. Dublin<\/p>\n<table width=\"100%\" cellspacing=\"0\" cellpadding=\"0\">\n<tbody>\n<tr>\n<td valign=\"top\">\n<div style=\"font-size: 13px; color: #534438; line-height: 20px;\">\n<p style=\"margin: 10px 0;\">A weekly market with lots of food, but also many other products (art &amp; crafts, books, etc) takes place every Sunday in the beautiful People&#8217;s Park in Dun Laoghaire. It is a very popular market and with around 50 vendors also one of the bigger markets.<\/p>\n<\/div>\n<div style=\"font-size: 13px; color: #534438; line-height: 20px;\"><\/div>\n<p style=\"font-size: 13px; color: #534438; line-height: 20px;\"><a style=\"color: #cc2979; text-decoration: none;\" href=\"http:\/\/www.dlrcoco.ie\/aboutus\/councildepartments\/environment\/findit\/markets\/\">http:\/\/www.dlrcoco.ie\/aboutus\/councildepartments\/environment\/findit\/markets\/<\/a><\/p>\n<\/td>\n<td valign=\"top\"><\/td>\n<\/tr>\n<\/tbody>\n<\/table>\n<\/td>\n<\/tr>\n<\/tbody>\n<\/table>\n<\/td>\n<\/tr>\n<\/tbody>\n<\/table>\n<table width=\"100%\" cellspacing=\"0\" cellpadding=\"0\">\n<tbody>\n<tr>\n<td style=\"padding: 10px 30px;\">\n<table width=\"100%\" cellspacing=\"0\" cellpadding=\"0\">\n<tbody>\n<tr>\n<td valign=\"top\" width=\"52\"><img loading=\"lazy\" decoding=\"async\" src=\"http:\/\/dublineventguide.com\/dff\/admin\/images\/categories\/KIDS.png\" alt=\"\" width=\"32\" height=\"32\" \/><\/td>\n<td>\n<h2 style=\"font-size: 16px; color: #534438; margin: 0 0 5px; font-weight: normal;\">Family Day Festival<\/h2>\n<h3 style=\"font-size: 13px; margin: 0; padding: 0; line-height: 16px; color: #534438;\">11:00 &#8211; 17:00, Sun 17 May<\/h3>\n<p style=\"font-size: 13px; color: #534438; line-height: 20px; margin: 0; padding-top: 0;\">Wolfe Tone Square, Jervis Street, Dublin 1<\/p>\n<table width=\"100%\" cellspacing=\"0\" cellpadding=\"0\">\n<tbody>\n<tr>\n<td valign=\"top\">\n<div style=\"font-size: 13px; color: #534438; line-height: 20px;\">\n<p style=\"margin: 10px 0;\">One Family is a one-parent family organisation in Dublin and every year they organise the Family Day Festival for everyone (not only one-parent families!). In previous years the event was in Iveagh Gardens, this year it will be on Wolfetone Square. There will be a packed programme of entertainment, games, workshops and performances to enjoy and it will be suitable for all ages.<\/p>\n<p style=\"margin: 10px 0;\">Admission is free.<\/p>\n<\/div>\n<div style=\"font-size: 13px; color: #534438; line-height: 20px;\"><\/div>\n<p style=\"font-size: 13px; color: #534438; line-height: 20px;\"><a style=\"color: #cc2979; text-decoration: none;\" href=\"https:\/\/www.facebook.com\/events\/1549774161911580\/\">https:\/\/www.facebook.com\/events\/1549774161911580\/<\/a><\/p>\n<\/td>\n<td valign=\"top\"><\/td>\n<\/tr>\n<\/tbody>\n<\/table>\n<\/td>\n<\/tr>\n<\/tbody>\n<\/table>\n<\/td>\n<\/tr>\n<\/tbody>\n<\/table>\n<table width=\"100%\" cellspacing=\"0\" cellpadding=\"0\">\n<tbody>\n<tr>\n<td style=\"padding: 10px 30px;\">\n<table width=\"100%\" cellspacing=\"0\" cellpadding=\"0\">\n<tbody>\n<tr>\n<td valign=\"top\" width=\"52\"><img loading=\"lazy\" decoding=\"async\" src=\"http:\/\/dublineventguide.com\/dff\/admin\/images\/categories\/MUSIC.png\" alt=\"\" width=\"32\" height=\"32\" \/><\/td>\n<td>\n<h2 style=\"font-size: 16px; color: #534438; margin: 0 0 5px; font-weight: normal;\">Palestrina Choir<\/h2>\n<h3 style=\"font-size: 13px; margin: 0; padding: 0; line-height: 16px; color: #534438;\"><img loading=\"lazy\" decoding=\"async\" style=\"display: inline; float: left;\" src=\"http:\/\/dublineventguide.com\/dff\/admin\/images\/weekly.png\" alt=\"\" width=\"69\" height=\"16\" \/> 11:00, Sun 17 May<\/h3>\n<p style=\"font-size: 13px; color: #534438; line-height: 20px; margin: 0; padding-top: 0;\">St. Mary&#8217;s Pro-Cathedral, 83 Marlborough Street, Dublin 1<\/p>\n<table width=\"100%\" cellspacing=\"0\" cellpadding=\"0\">\n<tbody>\n<tr>\n<td valign=\"top\">\n<div style=\"font-size: 13px; color: #534438; line-height: 20px;\">\n<p style=\"margin: 10px 0;\">The well known Palestrina Choir sing every Sunday at the mass in St Mary&#8217;s Pro-Cathedral. They sing complete masterworks by Mozart, Haydn, Dvorak, Palestrina, de Victoria, usually accompanied by Prof. Gerard Gillen on the organ, who often also plays a solo piece.<\/p>\n<\/div>\n<div style=\"font-size: 13px; color: #534438; line-height: 20px;\"><\/div>\n<p style=\"font-size: 13px; color: #534438; line-height: 20px;\"><a style=\"color: #cc2979; text-decoration: none;\" href=\"http:\/\/www.procathedral.ie\/music\/this-week\">http:\/\/www.procathedral.ie\/music\/this-week<\/a><\/p>\n<\/td>\n<td valign=\"top\"><\/td>\n<\/tr>\n<\/tbody>\n<\/table>\n<\/td>\n<\/tr>\n<\/tbody>\n<\/table>\n<\/td>\n<\/tr>\n<\/tbody>\n<\/table>\n<table width=\"100%\" cellspacing=\"0\" cellpadding=\"0\">\n<tbody>\n<tr>\n<td style=\"padding: 10px 30px;\">\n<table width=\"100%\" cellspacing=\"0\" cellpadding=\"0\">\n<tbody>\n<tr>\n<td valign=\"top\" width=\"52\"><img loading=\"lazy\" decoding=\"async\" src=\"http:\/\/dublineventguide.com\/dff\/admin\/images\/categories\/TALKS.png\" alt=\"\" width=\"32\" height=\"32\" \/><\/td>\n<td>\n<h2 style=\"font-size: 16px; color: #534438; margin: 0 0 5px; font-weight: normal;\">National Gallery Talks<\/h2>\n<h3 style=\"font-size: 13px; margin: 0; padding: 0; line-height: 16px; color: #534438;\"><img loading=\"lazy\" decoding=\"async\" style=\"display: inline; float: left;\" src=\"http:\/\/dublineventguide.com\/dff\/admin\/images\/weekly.png\" alt=\"\" width=\"69\" height=\"16\" \/> 11:30 &#8211; 16:50, Sun 17 May<\/h3>\n<p style=\"font-size: 13px; color: #534438; line-height: 20px; margin: 0; padding-top: 0;\">National Gallery, Clare Street, Dublin 2<\/p>\n<table width=\"100%\" cellspacing=\"0\" cellpadding=\"0\">\n<tbody>\n<tr>\n<td valign=\"top\">\n<div style=\"font-size: 13px; color: #534438; line-height: 20px;\">\n<p style=\"margin: 10px 0;\">The National Gallery has an extensive programme of free talks, public tours and Art Documentary screenings focusing on highlights of the European and Irish Collection every day of the week. Check their website for details.<\/p>\n<\/div>\n<div style=\"font-size: 13px; color: #534438; line-height: 20px;\"><\/div>\n<p style=\"font-size: 13px; color: #534438; line-height: 20px;\"><a style=\"color: #cc2979; text-decoration: none;\" href=\"http:\/\/nationalgallery.ie\/whatson\">http:\/\/nationalgallery.ie\/whatson<\/a><\/p>\n<\/td>\n<td valign=\"top\"><\/td>\n<\/tr>\n<\/tbody>\n<\/table>\n<\/td>\n<\/tr>\n<\/tbody>\n<\/table>\n<\/td>\n<\/tr>\n<\/tbody>\n<\/table>\n<table width=\"100%\" cellspacing=\"0\" cellpadding=\"0\">\n<tbody>\n<tr>\n<td style=\"padding: 10px 30px;\">\n<table width=\"100%\" cellspacing=\"0\" cellpadding=\"0\">\n<tbody>\n<tr>\n<td valign=\"top\" width=\"52\"><img loading=\"lazy\" decoding=\"async\" src=\"http:\/\/dublineventguide.com\/dff\/admin\/images\/categories\/MARKETS.png\" alt=\"\" width=\"32\" height=\"32\" \/><\/td>\n<td>\n<h2 style=\"font-size: 16px; color: #534438; margin: 0 0 5px; font-weight: normal;\">Blackrock Market<\/h2>\n<h3 style=\"font-size: 13px; margin: 0; padding: 0; line-height: 16px; color: #534438;\"><img loading=\"lazy\" decoding=\"async\" style=\"display: inline; float: left;\" src=\"http:\/\/dublineventguide.com\/dff\/admin\/images\/weekly.png\" alt=\"\" width=\"69\" height=\"16\" \/> 12:00 &#8211; 17:30, Sun 17 May<\/h3>\n<p style=\"font-size: 13px; color: #534438; line-height: 20px; margin: 0; padding-top: 0;\">Blackrock Market, 19 Main Street, Blackrock, Co. Dublin<\/p>\n<table width=\"100%\" cellspacing=\"0\" cellpadding=\"0\">\n<tbody>\n<tr>\n<td valign=\"top\">\n<div style=\"font-size: 13px; color: #534438; line-height: 20px;\">\n<p>At the Blackrock Market in the centre of Blackrock, you&#8217;ll find 50 stalls selling collectibles, antiques, handmade goods, books, food &amp; there&#8217;s free popcorn, ballons &amp; facepainting for the kids.<br \/>\nOpen on Sundays: 12:00-17:30. Open on Saturdays and Bank Holidays: 11:00-17:30.<\/p>\n<\/div>\n<div style=\"font-size: 13px; color: #534438; line-height: 20px;\"><\/div>\n<p style=\"font-size: 13px; color: #534438; line-height: 20px;\"><a style=\"color: #cc2979; text-decoration: none;\" href=\"http:\/\/www.blackrockmarket.com\/\">http:\/\/www.blackrockmarket.com\/<\/a><\/p>\n<\/td>\n<td valign=\"top\"><\/td>\n<\/tr>\n<\/tbody>\n<\/table>\n<\/td>\n<\/tr>\n<\/tbody>\n<\/table>\n<\/td>\n<\/tr>\n<\/tbody>\n<\/table>\n<table width=\"100%\" cellspacing=\"0\" cellpadding=\"0\">\n<tbody>\n<tr>\n<td style=\"padding: 10px 30px;\">\n<table width=\"100%\" cellspacing=\"0\" cellpadding=\"0\">\n<tbody>\n<tr>\n<td valign=\"top\" width=\"52\"><img loading=\"lazy\" decoding=\"async\" src=\"http:\/\/dublineventguide.com\/dff\/admin\/images\/categories\/ACTIVITY.png\" alt=\"\" width=\"32\" height=\"32\" \/><\/td>\n<td>\n<h2 style=\"font-size: 16px; color: #534438; margin: 0 0 5px; font-weight: normal;\">Guided Summer Walks &#8211; Botanic Gardens<\/h2>\n<h3 style=\"font-size: 13px; margin: 0; padding: 0; line-height: 16px; color: #534438;\">12:00 &#8211; 15:30, Sun 17 May<\/h3>\n<p style=\"font-size: 13px; color: #534438; line-height: 20px; margin: 0; padding-top: 0;\">National Botanic Gardens, Botanic Road, Glasnevin, Dublin 9<\/p>\n<table width=\"100%\" cellspacing=\"0\" cellpadding=\"0\">\n<tbody>\n<tr>\n<td valign=\"top\">\n<div style=\"font-size: 13px; color: #534438; line-height: 20px;\">\n<p style=\"margin: 10px 0;\">According to official Met Eireann information, it is not summer yet, despite the general misinformation that people in Ireland were taught in school, but it doesn&#8217;t really matter what you call this time of the year, it is a busy and beautiful time in the National Botanic Gardens.<\/p>\n<p style=\"margin: 10px 0;\">They want to share the beauty of the gardens with you and invite you for a free guided tour viewing the Herbaceous Borders, Annual Bedding displays, the Rose Garden and much more every Sunday at 12:00 and at 14:30.<\/p>\n<\/div>\n<div style=\"font-size: 13px; color: #534438; line-height: 20px;\"><\/div>\n<p style=\"font-size: 13px; color: #534438; line-height: 20px;\"><a style=\"color: #cc2979; text-decoration: none;\" href=\"http:\/\/www.botanicgardens.ie\/news\/events.htm\">http:\/\/www.botanicgardens.ie\/news\/events.htm<\/a><\/p>\n<\/td>\n<td valign=\"top\"><\/td>\n<\/tr>\n<\/tbody>\n<\/table>\n<\/td>\n<\/tr>\n<\/tbody>\n<\/table>\n<\/td>\n<\/tr>\n<\/tbody>\n<\/table>\n<table width=\"100%\" cellspacing=\"0\" cellpadding=\"0\">\n<tbody>\n<tr>\n<td style=\"padding: 10px 30px;\">\n<table width=\"100%\" cellspacing=\"0\" cellpadding=\"0\">\n<tbody>\n<tr>\n<td valign=\"top\" width=\"52\"><img loading=\"lazy\" decoding=\"async\" src=\"http:\/\/dublineventguide.com\/dff\/admin\/images\/categories\/ACTIVITY.png\" alt=\"\" width=\"32\" height=\"32\" \/><\/td>\n<td>\n<h2 style=\"font-size: 16px; color: #534438; margin: 0 0 5px; font-weight: normal;\">HOME\\SICK &#8211; Science Gallery Exhibition<\/h2>\n<h3 style=\"font-size: 13px; margin: 0; padding: 0; line-height: 16px; color: #534438;\">12:00 &#8211; 18:00, Sun 17 May<\/h3>\n<p style=\"font-size: 13px; color: #534438; line-height: 20px; margin: 0; padding-top: 0;\">Science Gallery, Pearse Street, TCD, Dublin 2<\/p>\n<table width=\"100%\" cellspacing=\"0\" cellpadding=\"0\">\n<tbody>\n<tr>\n<td valign=\"top\">\n<div style=\"font-size: 13px; color: #534438; line-height: 20px;\">\n<p style=\"margin: 10px 0;\">The Science Gallery exhibition &#8220;HOME\\SICK &#8211; Post-Domestic Bliss&#8221; looks at the Home and asks what &#8220;Home&#8221; really is and also how it could be improved. The word means something different to everyone, but how will the future of technology and design, communities, families, resources, and nations change the nature of what we define as &#8216;home&#8217;?<\/p>\n<p style=\"margin: 10px 0;\">HOME\\SICK is the summer exhibition of the Science Gallery, which usually is the exhibition that is the most accessible and understandable for all ages and that goal was achieved again. It is not the Science Gallery&#8217;s best exhibition, but it is still definitely worth a visit.<\/p>\n<p style=\"margin: 10px 0;\">The exhibition will run from 01 May until 19 July and is open from Tuesday-Sunday (Tues-Fri: 12:00-20:00, Sat+Sun 12:00-18:00). Admission is free.<\/p>\n<\/div>\n<div style=\"font-size: 13px; color: #534438; line-height: 20px;\"><\/div>\n<p style=\"font-size: 13px; color: #534438; line-height: 20px;\"><a style=\"color: #cc2979; text-decoration: none;\" href=\"https:\/\/dublin.sciencegallery.com\/\">https:\/\/dublin.sciencegallery.com\/<\/a><\/p>\n<\/td>\n<td valign=\"top\"><\/td>\n<\/tr>\n<\/tbody>\n<\/table>\n<\/td>\n<\/tr>\n<\/tbody>\n<\/table>\n<\/td>\n<\/tr>\n<\/tbody>\n<\/table>\n<table width=\"100%\" cellspacing=\"0\" cellpadding=\"0\">\n<tbody>\n<tr>\n<td style=\"padding: 10px 30px;\">\n<table width=\"100%\" cellspacing=\"0\" cellpadding=\"0\">\n<tbody>\n<tr>\n<td valign=\"top\" width=\"52\"><img loading=\"lazy\" decoding=\"async\" src=\"http:\/\/dublineventguide.com\/dff\/admin\/images\/categories\/MUSIC.png\" alt=\"\" width=\"32\" height=\"32\" \/><\/td>\n<td>\n<h2 style=\"font-size: 16px; color: #534438; margin: 0 0 5px; font-weight: normal;\">Skerries Traditional Music Festival<\/h2>\n<h3 style=\"font-size: 13px; margin: 0; padding: 0; line-height: 16px; color: #534438;\">12:00, Sun 17 May<\/h3>\n<p style=\"font-size: 13px; color: #534438; line-height: 20px; margin: 0; padding-top: 0;\">Skerries Village, Co. Dublin<\/p>\n<table width=\"100%\" cellspacing=\"0\" cellpadding=\"0\">\n<tbody>\n<tr>\n<td valign=\"top\">\n<div style=\"font-size: 13px; color: #534438; line-height: 20px;\">\n<p style=\"margin: 10px 0;\">The 14th Skerries Traditional Music Festival will take place from Fri 15 &#8211; Sun 17 May. There are a number of non-free events, but in the evenings and during the day outdoors there are a whole range of Sessions in the pubs\/venues of Skerries and they seem to be free.<\/p>\n<p>Have a look for all details on the website below or download the PDF brochure <a style=\"color: #cc2979; text-decoration: none;\" href=\"http:\/\/skerriestraditionalmusic.com\/wp-content\/uploads\/2015\/04\/Brochure-for-Website-SKERRIES-TRAD-BROCHURE-FINISHED.pdf\" target=\"_blank\">here<\/a>.<\/p>\n<p style=\"margin: 10px 0;\">On Saturday, for example, there will be Music on the Street from 12:00-17:00 and there are Sessions from 21:30. And on Sunday an event in the Skerries Mills might be free and Sessions in the evening from 21:30 are also free again.<\/p>\n<\/div>\n<div style=\"font-size: 13px; color: #534438; line-height: 20px;\"><\/div>\n<p style=\"font-size: 13px; color: #534438; line-height: 20px;\"><a style=\"color: #cc2979; text-decoration: none;\" href=\"http:\/\/skerriestraditionalmusic.com\/\">http:\/\/skerriestraditionalmusic.com\/<\/a><\/p>\n<\/td>\n<td valign=\"top\"><\/td>\n<\/tr>\n<\/tbody>\n<\/table>\n<\/td>\n<\/tr>\n<\/tbody>\n<\/table>\n<\/td>\n<\/tr>\n<\/tbody>\n<\/table>\n<table width=\"100%\" cellspacing=\"0\" cellpadding=\"0\">\n<tbody>\n<tr>\n<td style=\"padding: 10px 30px;\">\n<table width=\"100%\" cellspacing=\"0\" cellpadding=\"0\">\n<tbody>\n<tr>\n<td valign=\"top\" width=\"52\"><img loading=\"lazy\" decoding=\"async\" src=\"http:\/\/dublineventguide.com\/dff\/admin\/images\/categories\/MARKETS.png\" alt=\"\" width=\"32\" height=\"32\" \/><\/td>\n<td>\n<h2 style=\"font-size: 16px; color: #534438; margin: 0 0 5px; font-weight: normal;\">Smithfield Market Fair<\/h2>\n<h3 style=\"font-size: 13px; margin: 0; padding: 0; line-height: 16px; color: #534438;\">12:00 &#8211; 18:00, Sun 17 May<\/h3>\n<p style=\"font-size: 13px; color: #534438; line-height: 20px; margin: 0; padding-top: 0;\">Generator Hostel, Smithfield Square, Dublin 7<\/p>\n<table width=\"100%\" cellspacing=\"0\" cellpadding=\"0\">\n<tbody>\n<tr>\n<td valign=\"top\">\n<div style=\"font-size: 13px; color: #534438; line-height: 20px;\">\n<p style=\"margin: 10px 0;\">The Smithfield Market Fair will take place again in the Generator Hostel at Smithfield Plaza.<\/p>\n<p style=\"margin: 10px 0;\">Over 40 market stalls will be selling Vintage Clothes, Food, Vinyl records, Contemporary Arts, Jewellery pieces and much more and there will also be Live Music and DJs.<\/p>\n<p style=\"margin: 10px 0;\">Admission is free.<\/p>\n<\/div>\n<div style=\"font-size: 13px; color: #534438; line-height: 20px;\"><\/div>\n<p style=\"font-size: 13px; color: #534438; line-height: 20px;\"><a style=\"color: #cc2979; text-decoration: none;\" href=\"https:\/\/www.facebook.com\/events\/704791499630822\/\">https:\/\/www.facebook.com\/events\/704791499630822\/<\/a><\/p>\n<\/td>\n<td valign=\"top\"><\/td>\n<\/tr>\n<\/tbody>\n<\/table>\n<\/td>\n<\/tr>\n<\/tbody>\n<\/table>\n<\/td>\n<\/tr>\n<\/tbody>\n<\/table>\n<table width=\"100%\" cellspacing=\"0\" cellpadding=\"0\">\n<tbody>\n<tr>\n<td style=\"padding: 10px 30px;\">\n<table width=\"100%\" cellspacing=\"0\" cellpadding=\"0\">\n<tbody>\n<tr>\n<td valign=\"top\" width=\"52\"><img loading=\"lazy\" decoding=\"async\" src=\"http:\/\/dublineventguide.com\/dff\/admin\/images\/categories\/MUSIC.png\" alt=\"\" width=\"32\" height=\"32\" \/><\/td>\n<td>\n<h2 style=\"font-size: 16px; color: #534438; margin: 0 0 5px; font-weight: normal;\">Sunday at Noon<\/h2>\n<h3 style=\"font-size: 13px; margin: 0; padding: 0; line-height: 16px; color: #534438;\"><img loading=\"lazy\" decoding=\"async\" style=\"display: inline; float: left;\" src=\"http:\/\/dublineventguide.com\/dff\/admin\/images\/weekly.png\" alt=\"\" width=\"69\" height=\"16\" \/> 12:00 &#8211; 13:00, Sun 17 May<\/h3>\n<p style=\"font-size: 13px; color: #534438; line-height: 20px; margin: 0; padding-top: 0;\">Hugh Lane Gallery, Parnell Square North, Dublin 1<\/p>\n<table width=\"100%\" cellspacing=\"0\" cellpadding=\"0\">\n<tbody>\n<tr>\n<td valign=\"top\">\n<div style=\"font-size: 13px; color: #534438; line-height: 20px;\">\n<p style=\"margin: 10px 0;\">The Sundays at Noon Concert Series continues in the Sculpture Gallery at the Hugh Lane Gallery. This series of free (mainly classical) concerts continues to present the best of Irish and International music and musicians. Concerts run from September to June.<\/p>\n<p style=\"margin: 10px 0;\">The next concert will feature &#8220;Solo Piano Series 4&#8221; with Francesco Turrisi (piano).<\/p>\n<\/div>\n<div style=\"font-size: 13px; color: #534438; line-height: 20px;\"><\/div>\n<p style=\"font-size: 13px; color: #534438; line-height: 20px;\"><a style=\"color: #cc2979; text-decoration: none;\" href=\"http:\/\/www.hughlane.ie\/past-sunday-concerts\/1329-sundaysnoon-francesco-turissi-piano\">http:\/\/www.hughlane.ie\/past-sunday-concerts\/1329-sundaysnoon-francesco-turissi-piano<\/a><\/p>\n<\/td>\n<td valign=\"top\"><\/td>\n<\/tr>\n<\/tbody>\n<\/table>\n<\/td>\n<\/tr>\n<\/tbody>\n<\/table>\n<\/td>\n<\/tr>\n<\/tbody>\n<\/table>\n<table width=\"100%\" cellspacing=\"0\" cellpadding=\"0\">\n<tbody>\n<tr>\n<td style=\"padding: 10px 30px;\">\n<table width=\"100%\" cellspacing=\"0\" cellpadding=\"0\">\n<tbody>\n<tr>\n<td valign=\"top\" width=\"52\"><img loading=\"lazy\" decoding=\"async\" src=\"http:\/\/dublineventguide.com\/dff\/admin\/images\/categories\/KIDS.png\" alt=\"\" width=\"32\" height=\"32\" \/><\/td>\n<td>\n<h2 style=\"font-size: 16px; color: #534438; margin: 0 0 5px; font-weight: normal;\">Book Clinic: Meet the Book &amp; Doodle Doctors<\/h2>\n<h3 style=\"font-size: 13px; margin: 0; padding: 0; line-height: 16px; color: #534438;\">13:00 &#8211; 16:00, Sun 17 May<\/h3>\n<p style=\"font-size: 13px; color: #534438; line-height: 20px; margin: 0; padding-top: 0;\">The Ark, 11a Eustace Street, Temple Bar, Dublin 2<\/p>\n<table width=\"100%\" cellspacing=\"0\" cellpadding=\"0\">\n<tbody>\n<tr>\n<td valign=\"top\">\n<div style=\"font-size: 13px; color: #534438; line-height: 20px;\">\n<p style=\"margin: 10px 0;\">This Drop-in event is for young readers that feel uninspired by their books at home. Parents and children are invited to come to this Book Clinic for an informal consultation with one of Children&#8217;s Books Ireland&#8217;s friendly panel of Book Doctors, ready to offer the best advice to the young readers in your family.<\/p>\n<p style=\"margin: 10px 0;\">First families meet the Doodle Doctors, specialists in making the waiting room more fun. Then, when the Book Doctor is ready, the consultation begins. When the Book Doctor has made their diagnosis he\/she writes a prescription for your local library or bookshop, and every patient leaves with their own personalised Reading Passport.<\/p>\n<p style=\"margin: 10px 0;\">Admission is free.<\/p>\n<\/div>\n<div style=\"font-size: 13px; color: #534438; line-height: 20px;\"><\/div>\n<p style=\"font-size: 13px; color: #534438; line-height: 20px;\"><a style=\"color: #cc2979; text-decoration: none;\" href=\"http:\/\/ark.ie\/events\">http:\/\/ark.ie\/events<\/a><\/p>\n<\/td>\n<td valign=\"top\"><\/td>\n<\/tr>\n<\/tbody>\n<\/table>\n<\/td>\n<\/tr>\n<\/tbody>\n<\/table>\n<\/td>\n<\/tr>\n<\/tbody>\n<\/table>\n<table width=\"100%\" cellspacing=\"0\" cellpadding=\"0\">\n<tbody>\n<tr>\n<td style=\"padding: 10px 30px;\">\n<table width=\"100%\" cellspacing=\"0\" cellpadding=\"0\">\n<tbody>\n<tr>\n<td valign=\"top\" width=\"52\"><img loading=\"lazy\" decoding=\"async\" src=\"http:\/\/dublineventguide.com\/dff\/admin\/images\/categories\/KIDS.png\" alt=\"\" width=\"32\" height=\"32\" \/><\/td>\n<td>\n<h2 style=\"font-size: 16px; color: #534438; margin: 0 0 5px; font-weight: normal;\">Cuala My Fair Day &#8211; Cuala GAA Club Dalkey<\/h2>\n<h3 style=\"font-size: 13px; margin: 0; padding: 0; line-height: 16px; color: #534438;\">13:00 &#8211; 18:00, Sun 17 May<\/h3>\n<p style=\"font-size: 13px; color: #534438; line-height: 20px; margin: 0; padding-top: 0;\">Cuala Gaa Club, Hyde Park, Hyde Raod, Dalkey<\/p>\n<table width=\"100%\" cellspacing=\"0\" cellpadding=\"0\">\n<tbody>\n<tr>\n<td valign=\"top\">\n<div style=\"font-size: 13px; color: #534438; line-height: 20px;\">\n<p style=\"margin: 10px 0;\">The Cuala Gaa Club invites to a May Fair Day with fun for the whole family. There will be Bouncy Castles, Stalls, Hamster Run, Face Painting, Crazy Golf and lots more. Check the details on the website below. Admission is free.<\/p>\n<\/div>\n<div style=\"font-size: 13px; color: #534438; line-height: 20px;\"><\/div>\n<p style=\"font-size: 13px; color: #534438; line-height: 20px;\"><a style=\"color: #cc2979; text-decoration: none;\" href=\"http:\/\/www.cualagaa.ie\/2015\/04\/details-of-the-cuala-may-fair-day-announced\/\">http:\/\/www.cualagaa.ie\/2015\/04\/details-of-the-cuala-may-fair-day-announced\/<\/a><\/p>\n<\/td>\n<td valign=\"top\"><\/td>\n<\/tr>\n<\/tbody>\n<\/table>\n<\/td>\n<\/tr>\n<\/tbody>\n<\/table>\n<\/td>\n<\/tr>\n<\/tbody>\n<\/table>\n<table width=\"100%\" cellspacing=\"0\" cellpadding=\"0\">\n<tbody>\n<tr>\n<td style=\"padding: 10px 30px;\">\n<table width=\"100%\" cellspacing=\"0\" cellpadding=\"0\">\n<tbody>\n<tr>\n<td valign=\"top\" width=\"52\"><img loading=\"lazy\" decoding=\"async\" src=\"http:\/\/dublineventguide.com\/dff\/admin\/images\/categories\/ACTIVITY.png\" alt=\"\" width=\"32\" height=\"32\" \/><\/td>\n<td>\n<h2 style=\"font-size: 16px; color: #534438; margin: 0 0 5px; font-weight: normal;\">Low priced books with free delivery!<\/h2>\n<h3 style=\"font-size: 13px; margin: 0; padding: 0; line-height: 16px; color: #534438;\">13:00, Sun 17 May<\/h3>\n<p style=\"font-size: 13px; color: #534438; line-height: 20px; margin: 0; padding-top: 0;\">Dublin (various locations)<\/p>\n<table width=\"100%\" cellspacing=\"0\" cellpadding=\"0\">\n<tbody>\n<tr>\n<td valign=\"top\">\n<div style=\"font-size: 13px; color: #534438; line-height: 20px;\">\n<p style=\"text-align: justify;\"><a href=\"http:\/\/www.bookdepository.com?a_aid=dubevg&amp;a_bid=ba35a05b\" target=\"_blank\"><img loading=\"lazy\" decoding=\"async\" style=\"float: left; margin: 4px;\" title=\"Free Delivery on all Books at the Book Depository\" src=\"http:\/\/banners1.bookdepository.com\/accounts\/default1\/banners\/P_Generic_125x125.gif\" alt=\"Free Delivery on all Books at the Book Depository\" width=\"125\" height=\"125\" \/><\/a><img loading=\"lazy\" decoding=\"async\" style=\"border: 0;\" src=\"https:\/\/affiliates.bookdepository.com\/scripts\/imp.php?a_aid=dubevg&amp;a_bid=ba35a05b\" alt=\"\" width=\"1\" height=\"1\" \/><\/p>\n<p style=\"text-align: left;\">If you regularly or occasionally buy books online, you can help the Dublin Event Guide hugely even without having to pay cent directly. In fact you even save money this way:<\/p>\n<p style=\"margin: 10px 0;\">Buy your books from The Book Depository and get better prices and free (!!) delivery for all orders independent from the volume and when you click on the picture here before you buy, then 5% of what normally The Book Depository would get, they give back to the Dublin Event Guide. Everybody wins!<\/p>\n<p><a style=\"color: #cc2979; text-decoration: none;\" href=\"http:\/\/www.bookdepository.com?a_aid=dubevg\">http:\/\/www.bookdepository.com?a_aid=dubevg<\/a><\/p>\n<p>If you prefer Amazon to buy your books (for free postage you need to order a minimum of GBP 25), then use this <a style=\"color: #cc2979; text-decoration: none;\" href=\"http:\/\/www.amazon.co.uk\/?tag=dubevg-21\" target=\"_blank\">Amazon link<\/a> to help the Dublin Event Guide. Thanks!<\/p>\n<\/div>\n<div style=\"font-size: 13px; color: #534438; line-height: 20px;\"><\/div>\n<\/td>\n<td valign=\"top\"><\/td>\n<\/tr>\n<\/tbody>\n<\/table>\n<\/td>\n<\/tr>\n<\/tbody>\n<\/table>\n<\/td>\n<\/tr>\n<\/tbody>\n<\/table>\n<table width=\"100%\" cellspacing=\"0\" cellpadding=\"0\">\n<tbody>\n<tr>\n<td style=\"padding: 10px 30px;\">\n<table width=\"100%\" cellspacing=\"0\" cellpadding=\"0\">\n<tbody>\n<tr>\n<td valign=\"top\" width=\"52\"><img loading=\"lazy\" decoding=\"async\" src=\"http:\/\/dublineventguide.com\/dff\/admin\/images\/categories\/KIDS.png\" alt=\"\" width=\"32\" height=\"32\" \/><\/td>\n<td>\n<h2 style=\"font-size: 16px; color: #534438; margin: 0 0 5px; font-weight: normal;\">Trail Tales &#8211; Children&#8217;s Event<\/h2>\n<h3 style=\"font-size: 13px; margin: 0; padding: 0; line-height: 16px; color: #534438;\">13:00 &#8211; 16:00, Sun 17 May<\/h3>\n<p style=\"font-size: 13px; color: #534438; line-height: 20px; margin: 0; padding-top: 0;\">The Ark, 11a Eustace Street, Temple Bar, Dublin 2<\/p>\n<table width=\"100%\" cellspacing=\"0\" cellpadding=\"0\">\n<tbody>\n<tr>\n<td valign=\"top\">\n<div style=\"font-size: 13px; color: #534438; line-height: 20px;\">\n<p style=\"margin: 10px 0;\">At this drop-in activity for 3-9year olds, become part of a knee-high board game and create your own fairy tales. As you journey through a cardboard forest, watch out for The House of the Dwarf, Rapunzel\u2019s Tower and The Lost Mountain. Solve the story puzzle and get to the Treasure Chest to make a wish.<\/p>\n<p style=\"margin: 10px 0;\">Admission is free.<\/p>\n<\/div>\n<div style=\"font-size: 13px; color: #534438; line-height: 20px;\"><\/div>\n<p style=\"font-size: 13px; color: #534438; line-height: 20px;\"><a style=\"color: #cc2979; text-decoration: none;\" href=\"http:\/\/ark.ie\/events\">http:\/\/ark.ie\/events<\/a><\/p>\n<\/td>\n<td valign=\"top\"><\/td>\n<\/tr>\n<\/tbody>\n<\/table>\n<\/td>\n<\/tr>\n<\/tbody>\n<\/table>\n<\/td>\n<\/tr>\n<\/tbody>\n<\/table>\n<table width=\"100%\" cellspacing=\"0\" cellpadding=\"0\">\n<tbody>\n<tr>\n<td style=\"padding: 10px 30px;\">\n<table width=\"100%\" cellspacing=\"0\" cellpadding=\"0\">\n<tbody>\n<tr>\n<td valign=\"top\" width=\"52\"><img loading=\"lazy\" decoding=\"async\" src=\"http:\/\/dublineventguide.com\/dff\/admin\/images\/categories\/ACTIVITY.png\" alt=\"\" width=\"32\" height=\"32\" \/><\/td>\n<td>\n<h2 style=\"font-size: 16px; color: #534438; margin: 0 0 5px; font-weight: normal;\">Chester Beatty Library &#8211; Japanese Tour<\/h2>\n<h3 style=\"font-size: 13px; margin: 0; padding: 0; line-height: 16px; color: #534438;\">14:00, Sun 17 May<\/h3>\n<p style=\"font-size: 13px; color: #534438; line-height: 20px; margin: 0; padding-top: 0;\">Chester Beatty Library, Gardens of Dublin Castle, Dublin 2<\/p>\n<table width=\"100%\" cellspacing=\"0\" cellpadding=\"0\">\n<tbody>\n<tr>\n<td valign=\"top\">\n<div style=\"font-size: 13px; color: #534438; line-height: 20px;\">\n<p style=\"margin: 10px 0;\">An intercultural tour in Japanese with Community Ambassador Hiromi Anzai will take place.<\/p>\n<p style=\"margin: 10px 0;\">Meeting point is in the atrium of the Library. Admission is free and no booking required.<\/p>\n<\/div>\n<div style=\"font-size: 13px; color: #534438; line-height: 20px;\"><\/div>\n<p style=\"font-size: 13px; color: #534438; line-height: 20px;\"><a style=\"color: #cc2979; text-decoration: none;\" href=\"http:\/\/www.cbl.ie\/Programme---Events\/Events-Schedule.aspx\">http:\/\/www.cbl.ie\/Programme&#8212;Events\/Events-Schedule.aspx<\/a><\/p>\n<\/td>\n<td valign=\"top\"><\/td>\n<\/tr>\n<\/tbody>\n<\/table>\n<\/td>\n<\/tr>\n<\/tbody>\n<\/table>\n<\/td>\n<\/tr>\n<\/tbody>\n<\/table>\n<table width=\"100%\" cellspacing=\"0\" cellpadding=\"0\">\n<tbody>\n<tr>\n<td style=\"padding: 10px 30px;\">\n<table width=\"100%\" cellspacing=\"0\" cellpadding=\"0\">\n<tbody>\n<tr>\n<td valign=\"top\" width=\"52\"><img loading=\"lazy\" decoding=\"async\" src=\"http:\/\/dublineventguide.com\/dff\/admin\/images\/categories\/ART.png\" alt=\"\" width=\"32\" height=\"32\" \/><\/td>\n<td>\n<h2 style=\"font-size: 16px; color: #534438; margin: 0 0 5px; font-weight: normal;\">Dublin Sketchers &#8211; Sunday Meet-up<\/h2>\n<h3 style=\"font-size: 13px; margin: 0; padding: 0; line-height: 16px; color: #534438;\"><img loading=\"lazy\" decoding=\"async\" style=\"display: inline; float: left;\" src=\"http:\/\/dublineventguide.com\/dff\/admin\/images\/weekly.png\" alt=\"\" width=\"69\" height=\"16\" \/> 14:00, Sun 17 May<\/h3>\n<p style=\"font-size: 13px; color: #534438; line-height: 20px; margin: 0; padding-top: 0;\">Dublin (various locations)<\/p>\n<table width=\"100%\" cellspacing=\"0\" cellpadding=\"0\">\n<tbody>\n<tr>\n<td valign=\"top\">\n<div style=\"font-size: 13px; color: #534438; line-height: 20px;\">\n<p style=\"margin: 10px 0;\">The &#8220;Dublin Sketchers&#8221; is an informal group of (hobby) artists who go somewhere different in Dublin every Sunday (e.g. National Museum, Maritime Museum, Dublin Flea Market, Farmleigh, Botanic Gardens, Dublin Castle, Science Gallery, &#8230;), sketch for one to two hours and then meet up for coffee afterwards and discuss their sketches.<\/p>\n<p>There are some hugely talented people among them and it is a great idea to meet up with others who have the same hobby. Find out on their website below or on their <a style=\"color: #cc2979; text-decoration: none;\" href=\"https:\/\/www.facebook.com\/dublin.sketchers\" target=\"_blank\">Facebook Page<\/a> where they will meet and join them if you do some sketching\/drawing yourself. I know that the Dublin Sketchers often use the Dublin Event Guide to find interesting free events and I am delighted to be able to help!<\/p>\n<\/div>\n<div style=\"font-size: 13px; color: #534438; line-height: 20px;\"><\/div>\n<p style=\"font-size: 13px; color: #534438; line-height: 20px;\"><a style=\"color: #cc2979; text-decoration: none;\" href=\"http:\/\/www.dublinsketchers.blogspot.com\/\">http:\/\/www.dublinsketchers.blogspot.com\/<\/a><\/p>\n<\/td>\n<td valign=\"top\"><\/td>\n<\/tr>\n<\/tbody>\n<\/table>\n<\/td>\n<\/tr>\n<\/tbody>\n<\/table>\n<\/td>\n<\/tr>\n<\/tbody>\n<\/table>\n<table width=\"100%\" cellspacing=\"0\" cellpadding=\"0\">\n<tbody>\n<tr>\n<td style=\"padding: 10px 30px;\">\n<table width=\"100%\" cellspacing=\"0\" cellpadding=\"0\">\n<tbody>\n<tr>\n<td valign=\"top\" width=\"52\"><img loading=\"lazy\" decoding=\"async\" src=\"http:\/\/dublineventguide.com\/dff\/admin\/images\/categories\/MUSIC.png\" alt=\"\" width=\"32\" height=\"32\" \/><\/td>\n<td>\n<h2 style=\"font-size: 16px; color: #534438; margin: 0 0 5px; font-weight: normal;\">Stella Bass Jazz Trio<\/h2>\n<h3 style=\"font-size: 13px; margin: 0; padding: 0; line-height: 16px; color: #534438;\"><img loading=\"lazy\" decoding=\"async\" style=\"display: inline; float: left;\" src=\"http:\/\/dublineventguide.com\/dff\/admin\/images\/weekly.png\" alt=\"\" width=\"69\" height=\"16\" \/> 14:00 &#8211; 16:00, Sun 17 May<\/h3>\n<p style=\"font-size: 13px; color: #534438; line-height: 20px; margin: 0; padding-top: 0;\">Caf\u00e9 en Seine, Dawson Street, Dublin 2<\/p>\n<table width=\"100%\" cellspacing=\"0\" cellpadding=\"0\">\n<tbody>\n<tr>\n<td valign=\"top\">\n<div style=\"font-size: 13px; color: #534438; line-height: 20px;\">\n<p>Afternoon Jazz in Caf\u00e9 en Seine. The Stella Bass Jazz Trio play every Sunday from 14:00-16:00 in Caf\u00e9 en Seine in Dawson Street. Admission is free. A video is here <a style=\"color: #cc2979; text-decoration: none;\" href=\"http:\/\/www.youtube.com\/watch?v=l8aKqtOB5S8\">http:\/\/www.youtube.com\/watch?v=l8aKqtOB5S8<\/a><\/p>\n<\/div>\n<div style=\"font-size: 13px; color: #534438; line-height: 20px;\"><\/div>\n<p style=\"font-size: 13px; color: #534438; line-height: 20px;\"><a style=\"color: #cc2979; text-decoration: none;\" href=\"http:\/\/www.stellabass.com\">http:\/\/www.stellabass.com<\/a><\/p>\n<\/td>\n<td valign=\"top\"><\/td>\n<\/tr>\n<\/tbody>\n<\/table>\n<\/td>\n<\/tr>\n<\/tbody>\n<\/table>\n<\/td>\n<\/tr>\n<\/tbody>\n<\/table>\n<table width=\"100%\" cellspacing=\"0\" cellpadding=\"0\">\n<tbody>\n<tr>\n<td style=\"padding: 10px 30px;\">\n<table width=\"100%\" cellspacing=\"0\" cellpadding=\"0\">\n<tbody>\n<tr>\n<td valign=\"top\" width=\"52\"><img loading=\"lazy\" decoding=\"async\" src=\"http:\/\/dublineventguide.com\/dff\/admin\/images\/categories\/KIDS.png\" alt=\"\" width=\"32\" height=\"32\" \/><\/td>\n<td>\n<h2 style=\"font-size: 16px; color: #534438; margin: 0 0 5px; font-weight: normal;\">Family Drawing Sundays<\/h2>\n<h3 style=\"font-size: 13px; margin: 0; padding: 0; line-height: 16px; color: #534438;\"><img loading=\"lazy\" decoding=\"async\" style=\"display: inline; float: left;\" src=\"http:\/\/dublineventguide.com\/dff\/admin\/images\/weekly.png\" alt=\"\" width=\"69\" height=\"16\" \/> 14:30 &#8211; 16:30, Sun 17 May<\/h3>\n<p style=\"font-size: 13px; color: #534438; line-height: 20px; margin: 0; padding-top: 0;\">Royal Hibernian Academy, 15 Ely Place, Dublin 2<\/p>\n<table width=\"100%\" cellspacing=\"0\" cellpadding=\"0\">\n<tbody>\n<tr>\n<td valign=\"top\">\n<div style=\"font-size: 13px; color: #534438; line-height: 20px;\">\n<p><span class=\"subheads\">Come to the Family Drawing Sundays<\/span> in the RHA. All children are welcome to use the RHA Art Cart, in the RHA Atrium. Admission is free. For further information, contact Ruth Carroll on 01 6612558 or via ruth@rhagallery.ie<\/p>\n<\/div>\n<div style=\"font-size: 13px; color: #534438; line-height: 20px;\"><\/div>\n<p style=\"font-size: 13px; color: #534438; line-height: 20px;\"><a style=\"color: #cc2979; text-decoration: none;\" href=\"http:\/\/www.rhagallery.ie\/html\/educate\/educate_family.html\">http:\/\/www.rhagallery.ie\/html\/educate\/educate_family.html<\/a><\/p>\n<\/td>\n<td valign=\"top\"><\/td>\n<\/tr>\n<\/tbody>\n<\/table>\n<\/td>\n<\/tr>\n<\/tbody>\n<\/table>\n<\/td>\n<\/tr>\n<\/tbody>\n<\/table>\n<table width=\"100%\" cellspacing=\"0\" cellpadding=\"0\">\n<tbody>\n<tr>\n<td style=\"padding: 10px 30px;\">\n<table width=\"100%\" cellspacing=\"0\" cellpadding=\"0\">\n<tbody>\n<tr>\n<td valign=\"top\" width=\"52\"><img loading=\"lazy\" decoding=\"async\" src=\"http:\/\/dublineventguide.com\/dff\/admin\/images\/categories\/MUSIC.png\" alt=\"\" width=\"32\" height=\"32\" \/><\/td>\n<td>\n<h2 style=\"font-size: 16px; color: #534438; margin: 0 0 5px; font-weight: normal;\">Berlin International Brass &#8211; Music in the Gardens<\/h2>\n<h3 style=\"font-size: 13px; margin: 0; padding: 0; line-height: 16px; color: #534438;\">15:00 &#8211; 16:30, Sun 17 May<\/h3>\n<p style=\"font-size: 13px; color: #534438; line-height: 20px; margin: 0; padding-top: 0;\">National Botanic Gardens, Botanic Road, Glasnevin, Dublin 9<\/p>\n<table width=\"100%\" cellspacing=\"0\" cellpadding=\"0\">\n<tbody>\n<tr>\n<td valign=\"top\">\n<div style=\"font-size: 13px; color: #534438; line-height: 20px;\">\n<p style=\"margin: 10px 0;\">The brass chamber quartet &#8220;Berlin International Brass&#8221; will perform in the National Botanic Gardens from 15:00-15:30 and from 14:00-16:30.<\/p>\n<p>Admission is free, but booking is required via <span><span style=\"font-family: Arial,Helvetica,Geneva,Swiss,SunSans-Regular; font-size: small;\">01 804 0300<\/span><\/span>.<\/p>\n<\/div>\n<div style=\"font-size: 13px; color: #534438; line-height: 20px;\"><\/div>\n<p style=\"font-size: 13px; color: #534438; line-height: 20px;\"><a style=\"color: #cc2979; text-decoration: none;\" href=\"http:\/\/www.botanicgardens.ie\/news\/events.htm\">http:\/\/www.botanicgardens.ie\/news\/events.htm<\/a><\/p>\n<\/td>\n<td valign=\"top\"><\/td>\n<\/tr>\n<\/tbody>\n<\/table>\n<\/td>\n<\/tr>\n<\/tbody>\n<\/table>\n<\/td>\n<\/tr>\n<\/tbody>\n<\/table>\n<table width=\"100%\" cellspacing=\"0\" cellpadding=\"0\">\n<tbody>\n<tr>\n<td style=\"padding: 10px 30px;\">\n<table width=\"100%\" cellspacing=\"0\" cellpadding=\"0\">\n<tbody>\n<tr>\n<td valign=\"top\" width=\"52\"><img loading=\"lazy\" decoding=\"async\" src=\"http:\/\/dublineventguide.com\/dff\/admin\/images\/categories\/ACTIVITY.png\" alt=\"\" width=\"32\" height=\"32\" \/><\/td>\n<td>\n<h2 style=\"font-size: 16px; color: #534438; margin: 0 0 5px; font-weight: normal;\">Hands on History &#8211; National Museum<\/h2>\n<h3 style=\"font-size: 13px; margin: 0; padding: 0; line-height: 16px; color: #534438;\">15:00 &#8211; 16:00, Sun 17 May<\/h3>\n<p style=\"font-size: 13px; color: #534438; line-height: 20px; margin: 0; padding-top: 0;\">National Museum, Collins Barracks (Decorative Arts &amp; History), 7 Benburb Street, Dublin 7<\/p>\n<table width=\"100%\" cellspacing=\"0\" cellpadding=\"0\">\n<tbody>\n<tr>\n<td valign=\"top\">\n<div style=\"font-size: 13px; color: #534438; line-height: 20px;\">\n<p style=\"margin: 10px 0;\">At this drop-in event, you have a chance to explore some of the artefacts from the Museum&#8217;s collection. Suitable for all ages and no booking required.<\/p>\n<\/div>\n<div style=\"font-size: 13px; color: #534438; line-height: 20px;\"><\/div>\n<p style=\"font-size: 13px; color: #534438; line-height: 20px;\"><a style=\"color: #cc2979; text-decoration: none;\" href=\"http:\/\/www.museum.ie\/en\/list\/calendar-of-events.aspx?eventID=4649\">http:\/\/www.museum.ie\/en\/list\/calendar-of-events.aspx?eventID=4649<\/a><\/p>\n<\/td>\n<td valign=\"top\"><\/td>\n<\/tr>\n<\/tbody>\n<\/table>\n<\/td>\n<\/tr>\n<\/tbody>\n<\/table>\n<\/td>\n<\/tr>\n<\/tbody>\n<\/table>\n<table width=\"100%\" cellspacing=\"0\" cellpadding=\"0\">\n<tbody>\n<tr>\n<td style=\"padding: 10px 30px;\">\n<table width=\"100%\" cellspacing=\"0\" cellpadding=\"0\">\n<tbody>\n<tr>\n<td valign=\"top\" width=\"52\"><img loading=\"lazy\" decoding=\"async\" src=\"http:\/\/dublineventguide.com\/dff\/admin\/images\/categories\/ACTIVITY.png\" alt=\"\" width=\"32\" height=\"32\" \/><\/td>\n<td>\n<h2 style=\"font-size: 16px; color: #534438; margin: 0 0 5px; font-weight: normal;\">Japanese Origami for Families &#8211; Drop-in Activity<\/h2>\n<h3 style=\"font-size: 13px; margin: 0; padding: 0; line-height: 16px; color: #534438;\">15:00, Sun 17 May<\/h3>\n<p style=\"font-size: 13px; color: #534438; line-height: 20px; margin: 0; padding-top: 0;\">Chester Beatty Library, Gardens of Dublin Castle, Dublin 2<\/p>\n<table width=\"100%\" cellspacing=\"0\" cellpadding=\"0\">\n<tbody>\n<tr>\n<td valign=\"top\">\n<div style=\"font-size: 13px; color: #534438; line-height: 20px;\">\n<p style=\"margin: 10px 0;\">Make your own origami in the shape of animals, birds and fish with Akiko Kidokoro.<\/p>\n<p style=\"margin: 10px 0;\">Admission is free, no booking required.<\/p>\n<\/div>\n<div style=\"font-size: 13px; color: #534438; line-height: 20px;\"><\/div>\n<p style=\"font-size: 13px; color: #534438; line-height: 20px;\"><a style=\"color: #cc2979; text-decoration: none;\" href=\"http:\/\/www.cbl.ie\/Programme---Events\/Events-Schedule.aspx\">http:\/\/www.cbl.ie\/Programme&#8212;Events\/Events-Schedule.aspx<\/a><\/p>\n<\/td>\n<td valign=\"top\"><\/td>\n<\/tr>\n<\/tbody>\n<\/table>\n<\/td>\n<\/tr>\n<\/tbody>\n<\/table>\n<\/td>\n<\/tr>\n<\/tbody>\n<\/table>\n<table width=\"100%\" cellspacing=\"0\" cellpadding=\"0\">\n<tbody>\n<tr>\n<td style=\"padding: 10px 30px;\">\n<table width=\"100%\" cellspacing=\"0\" cellpadding=\"0\">\n<tbody>\n<tr>\n<td valign=\"top\" width=\"52\"><img loading=\"lazy\" decoding=\"async\" src=\"http:\/\/dublineventguide.com\/dff\/admin\/images\/categories\/ACTIVITY.png\" alt=\"\" width=\"32\" height=\"32\" \/><\/td>\n<td>\n<h2 style=\"font-size: 16px; color: #534438; margin: 0 0 5px; font-weight: normal;\">Museum Tour &#8211; National Print Museum<\/h2>\n<h3 style=\"font-size: 13px; margin: 0; padding: 0; line-height: 16px; color: #534438;\"><img loading=\"lazy\" decoding=\"async\" style=\"display: inline; float: left;\" src=\"http:\/\/dublineventguide.com\/dff\/admin\/images\/weekly.png\" alt=\"\" width=\"69\" height=\"16\" \/> 15:00 &#8211; 16:30, Sun 17 May<\/h3>\n<p style=\"font-size: 13px; color: #534438; line-height: 20px; margin: 0; padding-top: 0;\">National Print Museum, Beggars Bush, Haddington Road, Dublin 4<\/p>\n<table width=\"100%\" cellspacing=\"0\" cellpadding=\"0\">\n<tbody>\n<tr>\n<td valign=\"top\">\n<div style=\"font-size: 13px; color: #534438; line-height: 20px;\">\n<p style=\"margin: 10px 0;\">Unlike the three branches of the National Museum, the National Print Museum is normally not free, but every Sunday there is a free public tour for the next few weeks. Every visit begins with a short audio-visual presentation where the audience can observe active retired printers providing practical demonstrations of machines from the Museum\u2019s collection.<\/p>\n<\/div>\n<div style=\"font-size: 13px; color: #534438; line-height: 20px;\"><\/div>\n<p style=\"font-size: 13px; color: #534438; line-height: 20px;\"><a style=\"color: #cc2979; text-decoration: none;\" href=\"www.nationalprintmuseum.ie\/guided-tours.html\">www.nationalprintmuseum.ie\/guided-tours.html<\/a><\/p>\n<\/td>\n<td valign=\"top\"><\/td>\n<\/tr>\n<\/tbody>\n<\/table>\n<\/td>\n<\/tr>\n<\/tbody>\n<\/table>\n<\/td>\n<\/tr>\n<\/tbody>\n<\/table>\n<table width=\"100%\" cellspacing=\"0\" cellpadding=\"0\">\n<tbody>\n<tr>\n<td style=\"padding: 10px 30px;\">\n<table width=\"100%\" cellspacing=\"0\" cellpadding=\"0\">\n<tbody>\n<tr>\n<td valign=\"top\" width=\"52\"><img loading=\"lazy\" decoding=\"async\" src=\"http:\/\/dublineventguide.com\/dff\/admin\/images\/categories\/TALKS.png\" alt=\"\" width=\"32\" height=\"32\" \/><\/td>\n<td>\n<h2 style=\"font-size: 16px; color: #534438; margin: 0 0 5px; font-weight: normal;\">Sean Scully &#8211; Sunday Lecture in National Gallery<\/h2>\n<h3 style=\"font-size: 13px; margin: 0; padding: 0; line-height: 16px; color: #534438;\">15:00 &#8211; 15:45, Sun 17 May<\/h3>\n<p style=\"font-size: 13px; color: #534438; line-height: 20px; margin: 0; padding-top: 0;\">National Gallery, Clare Street, Dublin 2<\/p>\n<table width=\"100%\" cellspacing=\"0\" cellpadding=\"0\">\n<tbody>\n<tr>\n<td valign=\"top\">\n<div style=\"font-size: 13px; color: #534438; line-height: 20px;\">\n<p style=\"margin: 10px 0;\">&#8220;Sean Scully in context&#8221; with Dr Declan Long, NCAD is the Sunday Lecture in the National Gallery. It is part of a free series of talks in May on the theme of Sean Scully &amp; Contemporary Art.<\/p>\n<p style=\"margin: 10px 0;\">Admission is free and no booking necessary.<\/p>\n<\/div>\n<div style=\"font-size: 13px; color: #534438; line-height: 20px;\"><\/div>\n<p style=\"font-size: 13px; color: #534438; line-height: 20px;\"><a style=\"color: #cc2979; text-decoration: none;\" href=\"http:\/\/www.nationalgallery.ie\/en\/whatson\/Talks\/Sunday_Talks\/May-17.aspx\">http:\/\/www.nationalgallery.ie\/en\/whatson\/Talks\/Sunday_Talks\/May-17.aspx<\/a><\/p>\n<\/td>\n<td valign=\"top\"><\/td>\n<\/tr>\n<\/tbody>\n<\/table>\n<\/td>\n<\/tr>\n<\/tbody>\n<\/table>\n<\/td>\n<\/tr>\n<\/tbody>\n<\/table>\n<table width=\"100%\" cellspacing=\"0\" cellpadding=\"0\">\n<tbody>\n<tr>\n<td style=\"padding: 10px 30px;\">\n<table width=\"100%\" cellspacing=\"0\" cellpadding=\"0\">\n<tbody>\n<tr>\n<td valign=\"top\" width=\"52\"><img loading=\"lazy\" decoding=\"async\" src=\"http:\/\/dublineventguide.com\/dff\/admin\/images\/categories\/MUSIC.png\" alt=\"\" width=\"32\" height=\"32\" \/><\/td>\n<td>\n<h2 style=\"font-size: 16px; color: #534438; margin: 0 0 5px; font-weight: normal;\">Brian Keary plays Classical Guitar<\/h2>\n<h3 style=\"font-size: 13px; margin: 0; padding: 0; line-height: 16px; color: #534438;\"><img loading=\"lazy\" decoding=\"async\" style=\"display: inline; float: left;\" src=\"http:\/\/dublineventguide.com\/dff\/admin\/images\/weekly.png\" alt=\"\" width=\"69\" height=\"16\" \/> 16:00 &#8211; 17:00, Sun 17 May<\/h3>\n<p style=\"font-size: 13px; color: #534438; line-height: 20px; margin: 0; padding-top: 0;\">Sweeney Mongrel&#8217;s, 32 Dame Street, Dublin 2<\/p>\n<table width=\"100%\" cellspacing=\"0\" cellpadding=\"0\">\n<tbody>\n<tr>\n<td valign=\"top\">\n<div style=\"font-size: 13px; color: #534438; line-height: 20px;\">\n<p style=\"margin: 10px 0;\">Brian Keary is a classically trained guitar player who also has experience of different styles \/ genres of music ranging from ragtime and folk to baroque and contemporary. He will perform in Sweeney&#8217;s (Ground Floor) on Sunday afternoon.<\/p>\n<\/div>\n<div style=\"font-size: 13px; color: #534438; line-height: 20px;\"><\/div>\n<p style=\"font-size: 13px; color: #534438; line-height: 20px;\"><a style=\"color: #cc2979; text-decoration: none;\" href=\"http:\/\/www.sweeneysdublin.ie\/gigs.php\">http:\/\/www.sweeneysdublin.ie\/gigs.php<\/a><\/p>\n<\/td>\n<td valign=\"top\"><\/td>\n<\/tr>\n<\/tbody>\n<\/table>\n<\/td>\n<\/tr>\n<\/tbody>\n<\/table>\n<\/td>\n<\/tr>\n<\/tbody>\n<\/table>\n<table width=\"100%\" cellspacing=\"0\" cellpadding=\"0\">\n<tbody>\n<tr>\n<td style=\"padding: 10px 30px;\">\n<table width=\"100%\" cellspacing=\"0\" cellpadding=\"0\">\n<tbody>\n<tr>\n<td valign=\"top\" width=\"52\"><img loading=\"lazy\" decoding=\"async\" src=\"http:\/\/dublineventguide.com\/dff\/admin\/images\/categories\/MUSIC.png\" alt=\"\" width=\"32\" height=\"32\" \/><\/td>\n<td>\n<h2 style=\"font-size: 16px; color: #534438; margin: 0 0 5px; font-weight: normal;\">Jazz &amp; Tapas Dinner<\/h2>\n<h3 style=\"font-size: 13px; margin: 0; padding: 0; line-height: 16px; color: #534438;\">18:00 &#8211; 20:30, Sun 17 May<\/h3>\n<p style=\"font-size: 13px; color: #534438; line-height: 20px; margin: 0; padding-top: 0;\">Zaragoza, 18 South William Street, Dublin 2<\/p>\n<table width=\"100%\" cellspacing=\"0\" cellpadding=\"0\">\n<tbody>\n<tr>\n<td valign=\"top\">\n<div style=\"font-size: 13px; color: #534438; line-height: 20px;\">\n<p style=\"margin: 10px 0;\">The next Jazz&amp;Tapas Brunch\/Dinner in Zaragoza is this Sunday with Aleka and Orlando Molina (vocals + piano) performing.<\/p>\n<\/div>\n<div style=\"font-size: 13px; color: #534438; line-height: 20px;\"><\/div>\n<p style=\"font-size: 13px; color: #534438; line-height: 20px;\"><a style=\"color: #cc2979; text-decoration: none;\" href=\"http:\/\/www.zaragozadublin.com\/\">http:\/\/www.zaragozadublin.com\/<\/a><\/p>\n<\/td>\n<td valign=\"top\"><\/td>\n<\/tr>\n<\/tbody>\n<\/table>\n<\/td>\n<\/tr>\n<\/tbody>\n<\/table>\n<\/td>\n<\/tr>\n<\/tbody>\n<\/table>\n<table width=\"100%\" cellspacing=\"0\" cellpadding=\"0\">\n<tbody>\n<tr>\n<td style=\"padding: 10px 30px;\">\n<table width=\"100%\" cellspacing=\"0\" cellpadding=\"0\">\n<tbody>\n<tr>\n<td valign=\"top\" width=\"52\"><img loading=\"lazy\" decoding=\"async\" src=\"http:\/\/dublineventguide.com\/dff\/admin\/images\/categories\/MUSIC.png\" alt=\"\" width=\"32\" height=\"32\" \/><\/td>\n<td>\n<h2 style=\"font-size: 16px; color: #534438; margin: 0 0 5px; font-weight: normal;\">LJJ Band &#8211; Cafe en Seine<\/h2>\n<h3 style=\"font-size: 13px; margin: 0; padding: 0; line-height: 16px; color: #534438;\"><img loading=\"lazy\" decoding=\"async\" style=\"display: inline; float: left;\" src=\"http:\/\/dublineventguide.com\/dff\/admin\/images\/weekly.png\" alt=\"\" width=\"69\" height=\"16\" \/> 18:00 &#8211; 20:00, Sun 17 May<\/h3>\n<p style=\"font-size: 13px; color: #534438; line-height: 20px; margin: 0; padding-top: 0;\">Caf\u00e9 en Seine, Dawson Street, Dublin 2<\/p>\n<table width=\"100%\" cellspacing=\"0\" cellpadding=\"0\">\n<tbody>\n<tr>\n<td valign=\"top\">\n<div style=\"font-size: 13px; color: #534438; line-height: 20px;\">\n<p style=\"margin: 10px 0;\">The wedding and party band The LJJ Band play every Sunday evening in Caf\u00e9 en Seine. Admission is free.<\/p>\n<\/div>\n<div style=\"font-size: 13px; color: #534438; line-height: 20px;\"><\/div>\n<p style=\"font-size: 13px; color: #534438; line-height: 20px;\"><a style=\"color: #cc2979; text-decoration: none;\" href=\"http:\/\/www.longjohnjumpband.com\/\">http:\/\/www.longjohnjumpband.com\/<\/a><\/p>\n<\/td>\n<td valign=\"top\"><\/td>\n<\/tr>\n<\/tbody>\n<\/table>\n<\/td>\n<\/tr>\n<\/tbody>\n<\/table>\n<\/td>\n<\/tr>\n<\/tbody>\n<\/table>\n<table width=\"100%\" cellspacing=\"0\" cellpadding=\"0\">\n<tbody>\n<tr>\n<td style=\"padding: 10px 30px;\">\n<table width=\"100%\" cellspacing=\"0\" cellpadding=\"0\">\n<tbody>\n<tr>\n<td valign=\"top\" width=\"52\"><img loading=\"lazy\" decoding=\"async\" src=\"http:\/\/dublineventguide.com\/dff\/admin\/images\/categories\/MUSIC.png\" alt=\"\" width=\"32\" height=\"32\" \/><\/td>\n<td>\n<h2 style=\"font-size: 16px; color: #534438; margin: 0 0 5px; font-weight: normal;\">Sweeney&#8217;s Dixieland Jazzmen<\/h2>\n<h3 style=\"font-size: 13px; margin: 0; padding: 0; line-height: 16px; color: #534438;\"><img loading=\"lazy\" decoding=\"async\" style=\"display: inline; float: left;\" src=\"http:\/\/dublineventguide.com\/dff\/admin\/images\/weekly.png\" alt=\"\" width=\"69\" height=\"16\" \/> 18:30 &#8211; 20:30, Sun 17 May<\/h3>\n<p style=\"font-size: 13px; color: #534438; line-height: 20px; margin: 0; padding-top: 0;\">Sweeney Mongrel&#8217;s, 32 Dame Street, Dublin 2<\/p>\n<table width=\"100%\" cellspacing=\"0\" cellpadding=\"0\">\n<tbody>\n<tr>\n<td valign=\"top\">\n<div style=\"font-size: 13px; color: #534438; line-height: 20px;\">\n<p style=\"margin: 10px 0;\">The Sweeney&#8217;s Dixeland Jazzmen play their weekly gig on the ground floor in Sweeney&#8217;s. Admission is free.<\/p>\n<\/div>\n<div style=\"font-size: 13px; color: #534438; line-height: 20px;\"><\/div>\n<p style=\"font-size: 13px; color: #534438; line-height: 20px;\"><a style=\"color: #cc2979; text-decoration: none;\" href=\"http:\/\/www.dublinsessions.ie\/sweeneys.html\">http:\/\/www.dublinsessions.ie\/sweeneys.html<\/a><\/p>\n<\/td>\n<td valign=\"top\"><\/td>\n<\/tr>\n<\/tbody>\n<\/table>\n<\/td>\n<\/tr>\n<\/tbody>\n<\/table>\n<\/td>\n<\/tr>\n<\/tbody>\n<\/table>\n<table width=\"100%\" cellspacing=\"0\" cellpadding=\"0\">\n<tbody>\n<tr>\n<td style=\"padding: 10px 30px;\">\n<table width=\"100%\" cellspacing=\"0\" cellpadding=\"0\">\n<tbody>\n<tr>\n<td valign=\"top\" width=\"52\"><img loading=\"lazy\" decoding=\"async\" src=\"http:\/\/dublineventguide.com\/dff\/admin\/images\/categories\/MUSIC.png\" alt=\"\" width=\"32\" height=\"32\" \/><\/td>\n<td>\n<h2 style=\"font-size: 16px; color: #534438; margin: 0 0 5px; font-weight: normal;\">Jawbone &#8211; Acoustic Folk &amp; Blues Night<\/h2>\n<h3 style=\"font-size: 13px; margin: 0; padding: 0; line-height: 16px; color: #534438;\"><img loading=\"lazy\" decoding=\"async\" style=\"display: inline; float: left;\" src=\"http:\/\/dublineventguide.com\/dff\/admin\/images\/weekly.png\" alt=\"\" width=\"69\" height=\"16\" \/> 19:00 &#8211; 21:00, Sun 17 May<\/h3>\n<p style=\"font-size: 13px; color: #534438; line-height: 20px; margin: 0; padding-top: 0;\">Arthur&#8217;s Pub, 28 Thomas Street, Dublin 8<\/p>\n<table width=\"100%\" cellspacing=\"0\" cellpadding=\"0\">\n<tbody>\n<tr>\n<td valign=\"top\">\n<div style=\"font-size: 13px; color: #534438; line-height: 20px;\">\n<p style=\"margin: 10px 0;\">At the Jawbone Gig night in Arthur&#8217;s Pub, Acoustic Folk &amp; Blues will be performed every Sunday. Admission is free.<\/p>\n<p><a style=\"color: #cc2979; text-decoration: none;\" href=\"https:\/\/www.facebook.com\/pages\/Jawbone-Dublin-Acoustic-Folk-Blues-Commune\/724102984268967\">https:\/\/www.facebook.com\/pages\/Jawbone-Dublin-Acoustic-Folk-Blues-Commune\/724102984268967<\/a><\/p>\n<\/div>\n<div style=\"font-size: 13px; color: #534438; line-height: 20px;\"><\/div>\n<p style=\"font-size: 13px; color: #534438; line-height: 20px;\"><a style=\"color: #cc2979; text-decoration: none;\" href=\"https:\/\/www.facebook.com\/ArthursPub\">https:\/\/www.facebook.com\/ArthursPub<\/a><\/p>\n<\/td>\n<td valign=\"top\"><\/td>\n<\/tr>\n<\/tbody>\n<\/table>\n<\/td>\n<\/tr>\n<\/tbody>\n<\/table>\n<\/td>\n<\/tr>\n<\/tbody>\n<\/table>\n<table width=\"100%\" cellspacing=\"0\" cellpadding=\"0\">\n<tbody>\n<tr>\n<td style=\"padding: 10px 30px;\">\n<table width=\"100%\" cellspacing=\"0\" cellpadding=\"0\">\n<tbody>\n<tr>\n<td valign=\"top\" width=\"52\"><img loading=\"lazy\" decoding=\"async\" src=\"http:\/\/dublineventguide.com\/dff\/admin\/images\/categories\/MUSIC.png\" alt=\"\" width=\"32\" height=\"32\" \/><\/td>\n<td>\n<h2 style=\"font-size: 16px; color: #534438; margin: 0 0 5px; font-weight: normal;\">Gardiner Street Gospel Choir Mass<\/h2>\n<h3 style=\"font-size: 13px; margin: 0; padding: 0; line-height: 16px; color: #534438;\"><img loading=\"lazy\" decoding=\"async\" style=\"display: inline; float: left;\" src=\"http:\/\/dublineventguide.com\/dff\/admin\/images\/weekly.png\" alt=\"\" width=\"69\" height=\"16\" \/> 19:30 &#8211; 20:30, Sun 17 May<\/h3>\n<p style=\"font-size: 13px; color: #534438; line-height: 20px; margin: 0; padding-top: 0;\">St. Francis Xavier Church at the top of Gardiner Street, Dublin 1<\/p>\n<table width=\"100%\" cellspacing=\"0\" cellpadding=\"0\">\n<tbody>\n<tr>\n<td valign=\"top\">\n<div style=\"font-size: 13px; color: #534438; line-height: 20px;\">\n<p style=\"margin: 10px 0;\">The Gardiner Street Gospel Choir Mass is back after the summer break and invites you to a Mass in St. Francis Xavier Church at the top of Gardiner Street near the junction with Dorset Street every Sunday at 19:30.<\/p>\n<p style=\"margin: 10px 0;\">The Gardiner Street Gospel Choir, one of the best known gospel choirs in Ireland will give you a chance to experience a mass with a difference. It is uplifting and inspiring and everybody is welcome independent from your level of religiousness.<\/p>\n<p style=\"margin: 10px 0;\">Disclaimer: I am involved with the Gardiner Street Gospel Choir, so the description above MIGHT not be totally unbiased. But just take it from me, they are brilliant! ;-)<\/p>\n<\/div>\n<div style=\"font-size: 13px; color: #534438; line-height: 20px;\"><\/div>\n<p style=\"font-size: 13px; color: #534438; line-height: 20px;\"><a style=\"color: #cc2979; text-decoration: none;\" href=\"http:\/\/www.gardinerstreetgospelchoir.com\">http:\/\/www.gardinerstreetgospelchoir.com<\/a><\/p>\n<\/td>\n<td valign=\"top\"><\/td>\n<\/tr>\n<\/tbody>\n<\/table>\n<\/td>\n<\/tr>\n<\/tbody>\n<\/table>\n<\/td>\n<\/tr>\n<\/tbody>\n<\/table>\n<table width=\"100%\" cellspacing=\"0\" cellpadding=\"0\">\n<tbody>\n<tr>\n<td style=\"padding: 10px 30px;\">\n<table width=\"100%\" cellspacing=\"0\" cellpadding=\"0\">\n<tbody>\n<tr>\n<td valign=\"top\" width=\"52\"><img loading=\"lazy\" decoding=\"async\" src=\"http:\/\/dublineventguide.com\/dff\/admin\/images\/categories\/MUSIC.png\" alt=\"\" width=\"32\" height=\"32\" \/><\/td>\n<td>\n<h2 style=\"font-size: 16px; color: #534438; margin: 0 0 5px; font-weight: normal;\">The Song Room &#8211; Gig Night<\/h2>\n<h3 style=\"font-size: 13px; margin: 0; padding: 0; line-height: 16px; color: #534438;\">20:00, Sun 17 May<\/h3>\n<p style=\"font-size: 13px; color: #534438; line-height: 20px; margin: 0; padding-top: 0;\">Harbour Bar, 1 Strand Road, Bray, Co. Wicklow<\/p>\n<table width=\"100%\" cellspacing=\"0\" cellpadding=\"0\">\n<tbody>\n<tr>\n<td valign=\"top\">\n<div style=\"font-size: 13px; color: #534438; line-height: 20px;\">\n<p style=\"margin: 10px 0;\">The Harbour Bar are hosting the The Song Room again which will feature some of Ireland&#8217;s finest unsigned acoustic artists.<\/p>\n<p style=\"margin: 10px 0;\">Admission is free.<\/p>\n<\/div>\n<div style=\"font-size: 13px; color: #534438; line-height: 20px;\"><\/div>\n<p style=\"font-size: 13px; color: #534438; line-height: 20px;\"><a style=\"color: #cc2979; text-decoration: none;\" href=\"http:\/\/www.theharbourbar.ie\/whats-on\/event\/the-song-room-presents-event1\">http:\/\/www.theharbourbar.ie\/whats-on\/event\/the-song-room-presents-event1<\/a><\/p>\n<\/td>\n<td valign=\"top\"><\/td>\n<\/tr>\n<\/tbody>\n<\/table>\n<\/td>\n<\/tr>\n<\/tbody>\n<\/table>\n<\/td>\n<\/tr>\n<\/tbody>\n<\/table>\n<table width=\"100%\" cellspacing=\"0\" cellpadding=\"0\">\n<tbody>\n<tr>\n<td style=\"padding: 10px 30px;\">\n<table width=\"100%\" cellspacing=\"0\" cellpadding=\"0\">\n<tbody>\n<tr>\n<td valign=\"top\" width=\"52\"><img loading=\"lazy\" decoding=\"async\" src=\"http:\/\/dublineventguide.com\/dff\/admin\/images\/categories\/MUSIC.png\" alt=\"\" width=\"32\" height=\"32\" \/><\/td>\n<td>\n<h2 style=\"font-size: 16px; color: #534438; margin: 0 0 5px; font-weight: normal;\">Apollo Sessions<\/h2>\n<h3 style=\"font-size: 13px; margin: 0; padding: 0; line-height: 16px; color: #534438;\"><img loading=\"lazy\" decoding=\"async\" style=\"display: inline; float: left;\" src=\"http:\/\/dublineventguide.com\/dff\/admin\/images\/weekly.png\" alt=\"\" width=\"69\" height=\"16\" \/> 20:30, Sun 17 May<\/h3>\n<p style=\"font-size: 13px; color: #534438; line-height: 20px; margin: 0; padding-top: 0;\">Bleeding Horse, 24 Upper Camden St., Dublin 2<\/p>\n<table width=\"100%\" cellspacing=\"0\" cellpadding=\"0\">\n<tbody>\n<tr>\n<td valign=\"top\">\n<div style=\"font-size: 13px; color: #534438; line-height: 20px;\">\n<p style=\"margin: 10px 0;\">Every Sunday this singer-songwriter night takes place in the Bleeding Horse in Camden St. from 8.30pm. It is an Open mic night and performers can just turn up and put their name on the list for that night.<\/p>\n<\/div>\n<div style=\"font-size: 13px; color: #534438; line-height: 20px;\"><\/div>\n<p style=\"font-size: 13px; color: #534438; line-height: 20px;\"><a style=\"color: #cc2979; text-decoration: none;\" href=\"https:\/\/www.facebook.com\/apollosessions\">https:\/\/www.facebook.com\/apollosessions<\/a><\/p>\n<\/td>\n<td valign=\"top\"><\/td>\n<\/tr>\n<\/tbody>\n<\/table>\n<\/td>\n<\/tr>\n<\/tbody>\n<\/table>\n<\/td>\n<\/tr>\n<\/tbody>\n<\/table>\n<table width=\"100%\" cellspacing=\"0\" cellpadding=\"0\">\n<tbody>\n<tr>\n<td style=\"padding: 10px 30px;\">\n<table width=\"100%\" cellspacing=\"0\" cellpadding=\"0\">\n<tbody>\n<tr>\n<td valign=\"top\" width=\"52\"><img loading=\"lazy\" decoding=\"async\" src=\"http:\/\/dublineventguide.com\/dff\/admin\/images\/categories\/COMEDY.png\" alt=\"\" width=\"32\" height=\"32\" \/><\/td>\n<td>\n<h2 style=\"font-size: 16px; color: #534438; margin: 0 0 5px; font-weight: normal;\">Comedy Crunch<\/h2>\n<h3 style=\"font-size: 13px; margin: 0; padding: 0; line-height: 16px; color: #534438;\"><img loading=\"lazy\" decoding=\"async\" style=\"display: inline; float: left;\" src=\"http:\/\/dublineventguide.com\/dff\/admin\/images\/weekly.png\" alt=\"\" width=\"69\" height=\"16\" \/> 21:00 &#8211; 00:00, Sun 17 May<\/h3>\n<p style=\"font-size: 13px; color: #534438; line-height: 20px; margin: 0; padding-top: 0;\">Stag&#8217;s Head (downstairs), Dame Lane, Dublin 2<\/p>\n<table width=\"100%\" cellspacing=\"0\" cellpadding=\"0\">\n<tbody>\n<tr>\n<td valign=\"top\">\n<div style=\"font-size: 13px; color: #534438; line-height: 20px;\">\n<p style=\"margin: 10px 0;\">The Comedy Crunch is a free Stand Up comedy downstairs in Stag&#8217;s Head, Dame Lane from 21:00 every week on Sun+Mon. Every week different comedians entertain and on top of that there is some free ice cream. The line-up can be found via the Comedy Crunch Facebook Page (see link below).<\/p>\n<\/div>\n<div style=\"font-size: 13px; color: #534438; line-height: 20px;\"><\/div>\n<p style=\"font-size: 13px; color: #534438; line-height: 20px;\"><a style=\"color: #cc2979; text-decoration: none;\" href=\"http:\/\/www.facebook.com\/pages\/The-Comedy-Crunch\/83791357330\">http:\/\/www.facebook.com\/pages\/The-Comedy-Crunch\/83791357330<\/a><\/p>\n<\/td>\n<td valign=\"top\"><\/td>\n<\/tr>\n<\/tbody>\n<\/table>\n<\/td>\n<\/tr>\n<\/tbody>\n<\/table>\n<\/td>\n<\/tr>\n<\/tbody>\n<\/table>\n<table width=\"100%\" cellspacing=\"0\" cellpadding=\"0\">\n<tbody>\n<tr>\n<td style=\"padding: 10px 30px;\">\n<table width=\"100%\" cellspacing=\"0\" cellpadding=\"0\">\n<tbody>\n<tr>\n<td valign=\"top\" width=\"52\"><img loading=\"lazy\" decoding=\"async\" src=\"http:\/\/dublineventguide.com\/dff\/admin\/images\/categories\/MUSIC.png\" alt=\"\" width=\"32\" height=\"32\" \/><\/td>\n<td>\n<h2 style=\"font-size: 16px; color: #534438; margin: 0 0 5px; font-weight: normal;\">Rhythm Rocker<\/h2>\n<h3 style=\"font-size: 13px; margin: 0; padding: 0; line-height: 16px; color: #534438;\"><img loading=\"lazy\" decoding=\"async\" style=\"display: inline; float: left;\" src=\"http:\/\/dublineventguide.com\/dff\/admin\/images\/weekly.png\" alt=\"\" width=\"69\" height=\"16\" \/> 21:00, Sun 17 May<\/h3>\n<p style=\"font-size: 13px; color: #534438; line-height: 20px; margin: 0; padding-top: 0;\">The Globe, 11 South Great George&#8217;s Street, Dublin 2<\/p>\n<table width=\"100%\" cellspacing=\"0\" cellpadding=\"0\">\n<tbody>\n<tr>\n<td valign=\"top\">\n<div style=\"font-size: 13px; color: #534438; line-height: 20px;\">\n<p style=\"margin: 10px 0;\">&#8220;Rhythm Rocker at The Globe&#8221; is a weekly event on Sunday night in The Globe. Admission is free.<\/p>\n<p>The Pavement Kings play Rockabilly from 21:00 and<br \/>\nDJs Popocorn Peete and Little Dakota follow from 23:00-01:30 with a white variety of styles (Rockabilly, Calypso, Soul, Rock &#8216;n&#8217; Roll, etc).<\/p>\n<\/div>\n<div style=\"font-size: 13px; color: #534438; line-height: 20px;\"><\/div>\n<p style=\"font-size: 13px; color: #534438; line-height: 20px;\"><a style=\"color: #cc2979; text-decoration: none;\" href=\"http:\/\/www.facebook.com\/rhythmrocker\">http:\/\/www.facebook.com\/rhythmrocker<\/a><\/p>\n<\/td>\n<td valign=\"top\"><\/td>\n<\/tr>\n<\/tbody>\n<\/table>\n<\/td>\n<\/tr>\n<\/tbody>\n<\/table>\n<\/td>\n<\/tr>\n<\/tbody>\n<\/table>\n<table width=\"100%\" cellspacing=\"0\" cellpadding=\"0\">\n<tbody>\n<tr>\n<td style=\"padding: 10px 30px;\">\n<table width=\"100%\" cellspacing=\"0\" cellpadding=\"0\">\n<tbody>\n<tr>\n<td valign=\"top\" width=\"52\"><img loading=\"lazy\" decoding=\"async\" src=\"http:\/\/dublineventguide.com\/dff\/admin\/images\/categories\/MUSIC.png\" alt=\"\" width=\"32\" height=\"32\" \/><\/td>\n<td>\n<h2 style=\"font-size: 16px; color: #534438; margin: 0 0 5px; font-weight: normal;\">Weedway &#8211; Gig<\/h2>\n<h3 style=\"font-size: 13px; margin: 0; padding: 0; line-height: 16px; color: #534438;\">21:00, Sun 17 May<\/h3>\n<p style=\"font-size: 13px; color: #534438; line-height: 20px; margin: 0; padding-top: 0;\">The Mezz, 24\/25 Eustace Street, Temple Bar, Dublin 2<\/p>\n<table width=\"100%\" cellspacing=\"0\" cellpadding=\"0\">\n<tbody>\n<tr>\n<td valign=\"top\">\n<div style=\"font-size: 13px; color: #534438; line-height: 20px;\">\n<p style=\"margin: 10px 0;\">Weedway will perform a free gig in The Mezz.<\/p>\n<\/div>\n<div style=\"font-size: 13px; color: #534438; line-height: 20px;\"><\/div>\n<p style=\"font-size: 13px; color: #534438; line-height: 20px;\"><a style=\"color: #cc2979; text-decoration: none;\" href=\"https:\/\/www.facebook.com\/mezzdublin\">https:\/\/www.facebook.com\/mezzdublin<\/a><\/p>\n<\/td>\n<td valign=\"top\"><\/td>\n<\/tr>\n<\/tbody>\n<\/table>\n<\/td>\n<\/tr>\n<\/tbody>\n<\/table>\n<\/td>\n<\/tr>\n<\/tbody>\n<\/table>\n<table width=\"100%\" cellspacing=\"0\" cellpadding=\"0\">\n<tbody>\n<tr>\n<td style=\"padding: 10px 30px;\">\n<table width=\"100%\" cellspacing=\"0\" cellpadding=\"0\">\n<tbody>\n<tr>\n<td valign=\"top\" width=\"52\"><img loading=\"lazy\" decoding=\"async\" src=\"http:\/\/dublineventguide.com\/dff\/admin\/images\/categories\/MUSIC.png\" alt=\"\" width=\"32\" height=\"32\" \/><\/td>\n<td>\n<h2 style=\"font-size: 16px; color: #534438; margin: 0 0 5px; font-weight: normal;\">Billy Treacy &amp; The Ha&#8217;Penny Heads<\/h2>\n<h3 style=\"font-size: 13px; margin: 0; padding: 0; line-height: 16px; color: #534438;\"><img loading=\"lazy\" decoding=\"async\" style=\"display: inline; float: left;\" src=\"http:\/\/dublineventguide.com\/dff\/admin\/images\/weekly.png\" alt=\"\" width=\"69\" height=\"16\" \/> 21:30, Sun 17 May<\/h3>\n<p style=\"font-size: 13px; color: #534438; line-height: 20px; margin: 0; padding-top: 0;\">Ha&#8217;Penny Bridge Inn, 42 Wellington Quay Temple Bar, Dublin 2<\/p>\n<table width=\"100%\" cellspacing=\"0\" cellpadding=\"0\">\n<tbody>\n<tr>\n<td valign=\"top\">\n<div style=\"font-size: 13px; color: #534438; line-height: 20px;\">\n<p style=\"margin: 10px 0;\">Billy Treacy &amp; The Ha&#8217;Penny Heads are playing Ballads, Folk, Trad and Classic Country every Sunday. Featuring Guitar, Mandolin, Fiddle and Banjo.<\/p>\n<\/div>\n<div style=\"font-size: 13px; color: #534438; line-height: 20px;\"><\/div>\n<p style=\"font-size: 13px; color: #534438; line-height: 20px;\"><a style=\"color: #cc2979; text-decoration: none;\" href=\"http:\/\/www.billytreacy.com\/\">http:\/\/www.billytreacy.com\/<\/a><\/p>\n<\/td>\n<td valign=\"top\"><\/td>\n<\/tr>\n<\/tbody>\n<\/table>\n<\/td>\n<\/tr>\n<\/tbody>\n<\/table>\n<\/td>\n<\/tr>\n<\/tbody>\n<\/table>\n<table width=\"100%\" cellspacing=\"0\" cellpadding=\"0\">\n<tbody>\n<tr>\n<td style=\"padding: 10px 30px;\">\n<table width=\"100%\" cellspacing=\"0\" cellpadding=\"0\">\n<tbody>\n<tr>\n<td valign=\"top\" width=\"52\"><img loading=\"lazy\" decoding=\"async\" src=\"http:\/\/dublineventguide.com\/dff\/admin\/images\/categories\/MUSIC.png\" alt=\"\" width=\"32\" height=\"32\" \/><\/td>\n<td>\n<h2 style=\"font-size: 16px; color: #534438; margin: 0 0 5px; font-weight: normal;\">Cool Hand Dukes<\/h2>\n<h3 style=\"font-size: 13px; margin: 0; padding: 0; line-height: 16px; color: #534438;\"><img loading=\"lazy\" decoding=\"async\" style=\"display: inline; float: left;\" src=\"http:\/\/dublineventguide.com\/dff\/admin\/images\/weekly.png\" alt=\"\" width=\"69\" height=\"16\" \/> 22:00, Sun 17 May<\/h3>\n<p style=\"font-size: 13px; color: #534438; line-height: 20px; margin: 0; padding-top: 0;\">Porterhouse Central, 45-47 Nassau Street, Dublin 2<\/p>\n<table width=\"100%\" cellspacing=\"0\" cellpadding=\"0\">\n<tbody>\n<tr>\n<td valign=\"top\">\n<div style=\"font-size: 13px; color: #534438; line-height: 20px;\">\n<p style=\"margin: 10px 0;\">Every Sunday (except at Bank Holiday weekends), the Ragtime, Roots and Country Blues Band &#8220;Cool Hand Dukes&#8221; play in the Porterhouse near Grafton Street.<\/p>\n<\/div>\n<div style=\"font-size: 13px; color: #534438; line-height: 20px;\"><\/div>\n<p style=\"font-size: 13px; color: #534438; line-height: 20px;\"><a style=\"color: #cc2979; text-decoration: none;\" href=\"https:\/\/www.facebook.com\/coolhand.dukes.1\">https:\/\/www.facebook.com\/coolhand.dukes.1<\/a><\/p>\n<\/td>\n<td valign=\"top\"><\/td>\n<\/tr>\n<\/tbody>\n<\/table>\n<\/td>\n<\/tr>\n<\/tbody>\n<\/table>\n<\/td>\n<\/tr>\n<\/tbody>\n<\/table>\n<table id=\"day_1431903600\" style=\"margin-top: 10px;\" width=\"100%\" cellspacing=\"0\" cellpadding=\"0\">\n<tbody>\n<tr style=\"background-color: #c20162; color: #fff;\">\n<td style=\"padding: 0; line-height: 1; height: 34px; overflow: hidden;\">\n<p style=\"width: 630px; padding-left: 30px; margin: 0; height: 34px; overflow: hidden; line-height: 34px;\"><a name=\"day_1431903600\"><\/a><strong>Monday <\/strong> 18 May<\/p>\n<\/td>\n<td>\n<p style=\"margin: 0; line-height: 34px; padding: 0; font-size: 13px;\"><a style=\"color: #fff; text-decoration: none;\" href=\"#dff_top\">back to top<\/a><\/p>\n<\/td>\n<td>\n<p style=\"margin: 0; padding: 0; font-size: 13px;\"><a style=\"color: #fff; text-decoration: none;\" href=\"#dff_top\"><img loading=\"lazy\" decoding=\"async\" src=\"http:\/\/dublineventguide.com\/dff\/admin\/images\/dividers\/date_toplink.png\" alt=\"Back to top\" width=\"38\" height=\"34\" \/><\/a><\/p>\n<\/td>\n<td width=\"50\"><\/td>\n<\/tr>\n<\/tbody>\n<\/table>\n<table width=\"100%\" cellspacing=\"0\" cellpadding=\"0\">\n<tbody>\n<tr>\n<td style=\"padding: 10px 30px;\">\n<table width=\"100%\" cellspacing=\"0\" cellpadding=\"0\">\n<tbody>\n<tr>\n<td valign=\"top\" width=\"52\"><img loading=\"lazy\" decoding=\"async\" src=\"http:\/\/dublineventguide.com\/dff\/admin\/images\/categories\/TALKS.png\" alt=\"\" width=\"32\" height=\"32\" \/><\/td>\n<td>\n<h2 style=\"font-size: 16px; color: #534438; margin: 0 0 5px; font-weight: normal;\">National Gallery Talks<\/h2>\n<h3 style=\"font-size: 13px; margin: 0; padding: 0; line-height: 16px; color: #534438;\"><img loading=\"lazy\" decoding=\"async\" style=\"display: inline; float: left;\" src=\"http:\/\/dublineventguide.com\/dff\/admin\/images\/weekly.png\" alt=\"\" width=\"69\" height=\"16\" \/> 11:30 &#8211; 16:50, Mon 18 May<\/h3>\n<p style=\"font-size: 13px; color: #534438; line-height: 20px; margin: 0; padding-top: 0;\">National Gallery, Clare Street, Dublin 2<\/p>\n<table width=\"100%\" cellspacing=\"0\" cellpadding=\"0\">\n<tbody>\n<tr>\n<td valign=\"top\">\n<div style=\"font-size: 13px; color: #534438; line-height: 20px;\">\n<p style=\"margin: 10px 0;\">The National Gallery has an extensive programme of free talks, public tours and Art Documentary screenings focusing on highlights of the European and Irish Collection every day of the week. Check their website for details.<\/p>\n<\/div>\n<div style=\"font-size: 13px; color: #534438; line-height: 20px;\"><\/div>\n<p style=\"font-size: 13px; color: #534438; line-height: 20px;\"><a style=\"color: #cc2979; text-decoration: none;\" href=\"http:\/\/nationalgallery.ie\/whatson\">http:\/\/nationalgallery.ie\/whatson<\/a><\/p>\n<\/td>\n<td valign=\"top\"><\/td>\n<\/tr>\n<\/tbody>\n<\/table>\n<\/td>\n<\/tr>\n<\/tbody>\n<\/table>\n<\/td>\n<\/tr>\n<\/tbody>\n<\/table>\n<table width=\"100%\" cellspacing=\"0\" cellpadding=\"0\">\n<tbody>\n<tr>\n<td style=\"padding: 10px 30px;\">\n<table width=\"100%\" cellspacing=\"0\" cellpadding=\"0\">\n<tbody>\n<tr>\n<td valign=\"top\" width=\"52\"><img loading=\"lazy\" decoding=\"async\" src=\"http:\/\/dublineventguide.com\/dff\/admin\/images\/categories\/FILM.png\" alt=\"\" width=\"32\" height=\"32\" \/><\/td>\n<td>\n<h2 style=\"font-size: 16px; color: #534438; margin: 0 0 5px; font-weight: normal;\">Archive at Lunchtime &#8211; IFI<\/h2>\n<h3 style=\"font-size: 13px; margin: 0; padding: 0; line-height: 16px; color: #534438;\"><img loading=\"lazy\" decoding=\"async\" style=\"display: inline; float: left;\" src=\"http:\/\/dublineventguide.com\/dff\/admin\/images\/weekly.png\" alt=\"\" width=\"69\" height=\"16\" \/> 13:00, Mon 18 May<\/h3>\n<p style=\"font-size: 13px; color: #534438; line-height: 20px; margin: 0; padding-top: 0;\">Irish Film Institute, 6 Eustace Street, Temple Bar, Dublin 2<\/p>\n<table width=\"100%\" cellspacing=\"0\" cellpadding=\"0\">\n<tbody>\n<tr>\n<td valign=\"top\">\n<div style=\"font-size: 13px; color: #534438; line-height: 20px;\">\n<p>Archive at Lunchtime screenings take place Saturdays (Double Bill), Mondays and Wednesdays. The programme is changing weekly now (instead of monthly as in the past). To find out what film(s) will be screened go to <a style=\"color: #cc2979; text-decoration: none;\" href=\"http:\/\/www.ifi.ie\/whatson\/now-showing-coming-soon\/\">http:\/\/www.ifi.ie\/whatson\/now-showing-coming-soon\/<\/a> and look for &#8220;Archive at Lunchtime&#8221; on the right. Admission is free.<\/p>\n<\/div>\n<div style=\"font-size: 13px; color: #534438; line-height: 20px;\"><\/div>\n<p style=\"font-size: 13px; color: #534438; line-height: 20px;\"><a style=\"color: #cc2979; text-decoration: none;\" href=\"http:\/\/www.ifi.ie\/\">http:\/\/www.ifi.ie\/<\/a><\/p>\n<\/td>\n<td valign=\"top\"><\/td>\n<\/tr>\n<\/tbody>\n<\/table>\n<\/td>\n<\/tr>\n<\/tbody>\n<\/table>\n<\/td>\n<\/tr>\n<\/tbody>\n<\/table>\n<table width=\"100%\" cellspacing=\"0\" cellpadding=\"0\">\n<tbody>\n<tr>\n<td style=\"padding: 10px 30px;\">\n<table width=\"100%\" cellspacing=\"0\" cellpadding=\"0\">\n<tbody>\n<tr>\n<td valign=\"top\" width=\"52\"><img loading=\"lazy\" decoding=\"async\" src=\"http:\/\/dublineventguide.com\/dff\/admin\/images\/categories\/TALKS.png\" alt=\"\" width=\"32\" height=\"32\" \/><\/td>\n<td>\n<h2 style=\"font-size: 16px; color: #534438; margin: 0 0 5px; font-weight: normal;\">Impact of the Market on Australian Aboriginal Art &#8211; Lecture<\/h2>\n<h3 style=\"font-size: 13px; margin: 0; padding: 0; line-height: 16px; color: #534438;\">13:00, Mon 18 May<\/h3>\n<p style=\"font-size: 13px; color: #534438; line-height: 20px; margin: 0; padding-top: 0;\">Trinity Long Room Hub, Fellows&#8217; Square, Trinity College, Dublin 2<\/p>\n<table width=\"100%\" cellspacing=\"0\" cellpadding=\"0\">\n<tbody>\n<tr>\n<td valign=\"top\">\n<div style=\"font-size: 13px; color: #534438; line-height: 20px;\">\n<p style=\"margin: 10px 0;\">&#8220;The Impact of the Market on Australian Aboriginal Art: A Case Study&#8221; with Dr Mary Knights (University of South Australia) looks Irrunytju Arts between 2001 and 2006 and how the art market impacted of the art market on the production and distribution of Indigenous art in Australia.<\/p>\n<p style=\"margin: 10px 0;\">Admission is free.<\/p>\n<\/div>\n<div style=\"font-size: 13px; color: #534438; line-height: 20px;\"><\/div>\n<p style=\"font-size: 13px; color: #534438; line-height: 20px;\"><a style=\"color: #cc2979; text-decoration: none;\" href=\"http:\/\/www.tcd.ie\/trinitylongroomhub\/events\/details\/2015\/2015-05-18aboriginal_art.php\">http:\/\/www.tcd.ie\/trinitylongroomhub\/events\/details\/2015\/2015-05-18aboriginal_art.php<\/a><\/p>\n<\/td>\n<td valign=\"top\"><\/td>\n<\/tr>\n<\/tbody>\n<\/table>\n<\/td>\n<\/tr>\n<\/tbody>\n<\/table>\n<\/td>\n<\/tr>\n<\/tbody>\n<\/table>\n<table width=\"100%\" cellspacing=\"0\" cellpadding=\"0\">\n<tbody>\n<tr>\n<td style=\"padding: 10px 30px;\">\n<table width=\"100%\" cellspacing=\"0\" cellpadding=\"0\">\n<tbody>\n<tr>\n<td valign=\"top\" width=\"52\"><img loading=\"lazy\" decoding=\"async\" src=\"http:\/\/dublineventguide.com\/dff\/admin\/images\/categories\/TALKS.png\" alt=\"\" width=\"32\" height=\"32\" \/><\/td>\n<td>\n<h2 style=\"font-size: 16px; color: #534438; margin: 0 0 5px; font-weight: normal;\">Write a Winning CV: A Career Direction Workshop<\/h2>\n<h3 style=\"font-size: 13px; margin: 0; padding: 0; line-height: 16px; color: #534438;\">13:30 &#8211; 14:30, Mon 18 May<\/h3>\n<p style=\"font-size: 13px; color: #534438; line-height: 20px; margin: 0; padding-top: 0;\">Central Library, Ilac Shopping Centre, Henry Street, Dublin 1<\/p>\n<table width=\"100%\" cellspacing=\"0\" cellpadding=\"0\">\n<tbody>\n<tr>\n<td valign=\"top\">\n<div style=\"font-size: 13px; color: #534438; line-height: 20px;\">\n<p style=\"margin: 10px 0;\">The next Career Talk at the Business Information Centre in the Central Library is &#8220;Write a Winning CV: A Career Direction Workshop&#8221; with Barry McLoughlin, Communications Clinic.<\/p>\n<p>Admission is free, but booking is required via 01 6733996<strong><\/strong><\/p>\n<\/div>\n<div style=\"font-size: 13px; color: #534438; line-height: 20px;\"><\/div>\n<p style=\"font-size: 13px; color: #534438; line-height: 20px;\"><a style=\"color: #cc2979; text-decoration: none;\" href=\"http:\/\/www.dublincity.ie\/main-menu-services-culture-dublin-city-public-libraries-and-archive-events\/may-business-library\">http:\/\/www.dublincity.ie\/main-menu-services-culture-dublin-city-public-libraries-and-archive-events\/may-business-library<\/a><\/p>\n<\/td>\n<td valign=\"top\"><\/td>\n<\/tr>\n<\/tbody>\n<\/table>\n<\/td>\n<\/tr>\n<\/tbody>\n<\/table>\n<\/td>\n<\/tr>\n<\/tbody>\n<\/table>\n<table width=\"100%\" cellspacing=\"0\" cellpadding=\"0\">\n<tbody>\n<tr>\n<td style=\"padding: 10px 30px;\">\n<table width=\"100%\" cellspacing=\"0\" cellpadding=\"0\">\n<tbody>\n<tr>\n<td valign=\"top\" width=\"52\"><img loading=\"lazy\" decoding=\"async\" src=\"http:\/\/dublineventguide.com\/dff\/admin\/images\/categories\/FILM.png\" alt=\"\" width=\"32\" height=\"32\" \/><\/td>\n<td>\n<h2 style=\"font-size: 16px; color: #534438; margin: 0 0 5px; font-weight: normal;\">Gallipoli &#8211; Film Screening<\/h2>\n<h3 style=\"font-size: 13px; margin: 0; padding: 0; line-height: 16px; color: #534438;\">18:00, Mon 18 May<\/h3>\n<p style=\"font-size: 13px; color: #534438; line-height: 20px; margin: 0; padding-top: 0;\">Dublin City Library &amp; Archive, 138-144 Pearse Street, Dublin 2<\/p>\n<table width=\"100%\" cellspacing=\"0\" cellpadding=\"0\">\n<tbody>\n<tr>\n<td valign=\"top\">\n<div style=\"font-size: 13px; color: #534438; line-height: 20px;\">\n<p style=\"margin: 10px 0;\">On Monday Dublin City Library and Archive will screen a well-know film which shows two young patriotic Australians who join the Anzac army at outbreak of World War 1 and are drawn into disastrous Battle of Gallipoli in Turkey.<\/p>\n<p style=\"margin: 10px 0;\">Admission is free and no booking required. Seats are on a first come first served basis.<\/p>\n<p style=\"margin: 10px 0;\">For further details contact Dublin City Library and Archive at cityarchives@dublincity.ie<\/p>\n<\/div>\n<div style=\"font-size: 13px; color: #534438; line-height: 20px;\"><\/div>\n<p style=\"font-size: 13px; color: #534438; line-height: 20px;\"><a style=\"color: #cc2979; text-decoration: none;\" href=\"http:\/\/www.dublincity.ie\/main-menu-services-culture-dublin-city-public-libraries-and-archive-events\/gallipoli-film-screening\">http:\/\/www.dublincity.ie\/main-menu-services-culture-dublin-city-public-libraries-and-archive-events\/gallipoli-film-screening<\/a><\/p>\n<\/td>\n<td valign=\"top\"><\/td>\n<\/tr>\n<\/tbody>\n<\/table>\n<\/td>\n<\/tr>\n<\/tbody>\n<\/table>\n<\/td>\n<\/tr>\n<\/tbody>\n<\/table>\n<table width=\"100%\" cellspacing=\"0\" cellpadding=\"0\">\n<tbody>\n<tr>\n<td style=\"padding: 10px 30px;\">\n<table width=\"100%\" cellspacing=\"0\" cellpadding=\"0\">\n<tbody>\n<tr>\n<td valign=\"top\" width=\"52\"><img loading=\"lazy\" decoding=\"async\" src=\"http:\/\/dublineventguide.com\/dff\/admin\/images\/categories\/FILM.png\" alt=\"\" width=\"32\" height=\"32\" \/><\/td>\n<td>\n<h2 style=\"font-size: 16px; color: #534438; margin: 0 0 5px; font-weight: normal;\">Safe Cities for Women &#8211; Film Screening of Cairo 678<\/h2>\n<h3 style=\"font-size: 13px; margin: 0; padding: 0; line-height: 16px; color: #534438;\">18:00, Mon 18 May<\/h3>\n<p style=\"font-size: 13px; color: #534438; line-height: 20px; margin: 0; padding-top: 0;\">Filmbase, Curved Street, Temple Bar, Dublin 2<\/p>\n<table width=\"100%\" cellspacing=\"0\" cellpadding=\"0\">\n<tbody>\n<tr>\n<td valign=\"top\">\n<div style=\"font-size: 13px; color: #534438; line-height: 20px;\">\n<p style=\"margin: 10px 0;\">ActionAid is hosting a free screening of the film Cairo 678 in Filmbaseon Monday. The film tells the poignant story of three women and their search for justice from the daily plight of harassment in Egypt.<\/p>\n<p style=\"margin: 10px 0;\">Before the film ActionAid will also present the first performance of the play &#8220;Five Women&#8221;. Written by Irish playwright Alan Flanagan, Produced by No Drama and Directed by At Large Theatre; the play draws on five fictional women\u2019s stories to highlight everyday violence and harassment of women in public spaces.<\/p>\n<p>Admission is free and tickets are available <a style=\"color: #cc2979; text-decoration: none;\" href=\"http:\/\/www.eventbrite.ie\/e\/safe-cities-for-women-film-screening-of-cairo-678-tickets-16789474771?ref=devg\" target=\"_blank\">here<\/a>.<\/p>\n<\/div>\n<div style=\"font-size: 13px; color: #534438; line-height: 20px;\"><\/div>\n<\/td>\n<td valign=\"top\"><\/td>\n<\/tr>\n<\/tbody>\n<\/table>\n<\/td>\n<\/tr>\n<\/tbody>\n<\/table>\n<\/td>\n<\/tr>\n<\/tbody>\n<\/table>\n<table width=\"100%\" cellspacing=\"0\" cellpadding=\"0\">\n<tbody>\n<tr>\n<td style=\"padding: 10px 30px;\">\n<table width=\"100%\" cellspacing=\"0\" cellpadding=\"0\">\n<tbody>\n<tr>\n<td valign=\"top\" width=\"52\"><img loading=\"lazy\" decoding=\"async\" src=\"http:\/\/dublineventguide.com\/dff\/admin\/images\/categories\/TALKS.png\" alt=\"\" width=\"32\" height=\"32\" \/><\/td>\n<td>\n<h2 style=\"font-size: 16px; color: #534438; margin: 0 0 5px; font-weight: normal;\">Literacy and Irish Nationalism &#8211; Lecture<\/h2>\n<h3 style=\"font-size: 13px; margin: 0; padding: 0; line-height: 16px; color: #534438;\">18:15, Mon 18 May<\/h3>\n<p style=\"font-size: 13px; color: #534438; line-height: 20px; margin: 0; padding-top: 0;\">Trinity Long Room Hub, Fellows&#8217; Square, Trinity College, Dublin 2<\/p>\n<table width=\"100%\" cellspacing=\"0\" cellpadding=\"0\">\n<tbody>\n<tr>\n<td valign=\"top\">\n<div style=\"font-size: 13px; color: #534438; line-height: 20px;\">\n<p style=\"margin: 10px 0;\">&#8220;Bringing the Nation to Book: Literacy and Irish Nationalism&#8221; is a lecture by Prof Andrew Murphy (University of St. Andrews) during his term as a Visiting Research Fellow at the Trinity Long Room Hub.<\/p>\n<p style=\"margin: 10px 0;\">A very interesting topic! It looks at the literacy in Ireland in the 19th century and how the Irish nationalists reacted to the fact that mass literacy lead &#8211; in their eyes &#8211; to moral corruption. Find out more about the topic on the website below.<\/p>\n<p style=\"margin: 10px 0;\">Admission to the talk is free and no booking required.<\/p>\n<\/div>\n<div style=\"font-size: 13px; color: #534438; line-height: 20px;\"><\/div>\n<p style=\"font-size: 13px; color: #534438; line-height: 20px;\"><a style=\"color: #cc2979; text-decoration: none;\" href=\"http:\/\/www.tcd.ie\/trinitylongroomhub\/events\/details\/2015\/2015-05-18bringing_the_nation.php\">http:\/\/www.tcd.ie\/trinitylongroomhub\/events\/details\/2015\/2015-05-18bringing_the_nation.php<\/a><\/p>\n<\/td>\n<td valign=\"top\"><\/td>\n<\/tr>\n<\/tbody>\n<\/table>\n<\/td>\n<\/tr>\n<\/tbody>\n<\/table>\n<\/td>\n<\/tr>\n<\/tbody>\n<\/table>\n<table width=\"100%\" cellspacing=\"0\" cellpadding=\"0\">\n<tbody>\n<tr>\n<td style=\"padding: 10px 30px;\">\n<table width=\"100%\" cellspacing=\"0\" cellpadding=\"0\">\n<tbody>\n<tr>\n<td valign=\"top\" width=\"52\"><img loading=\"lazy\" decoding=\"async\" src=\"http:\/\/dublineventguide.com\/dff\/admin\/images\/categories\/ACTIVITY.png\" alt=\"\" width=\"32\" height=\"32\" \/><\/td>\n<td>\n<h2 style=\"font-size: 16px; color: #534438; margin: 0 0 5px; font-weight: normal;\">Drama Taster Workshop &#8211; Saor Drama School<\/h2>\n<h3 style=\"font-size: 13px; margin: 0; padding: 0; line-height: 16px; color: #534438;\">19:00, Mon 18 May<\/h3>\n<p style=\"font-size: 13px; color: #534438; line-height: 20px; margin: 0; padding-top: 0;\">The Lab, 1 Foley Street, Dublin 1<\/p>\n<table width=\"100%\" cellspacing=\"0\" cellpadding=\"0\">\n<tbody>\n<tr>\n<td valign=\"top\">\n<div style=\"font-size: 13px; color: #534438; line-height: 20px;\">\n<p style=\"margin: 10px 0;\">The Saor Drama School starts a new 8 week drama workshop on 25 May and if you are interested you are invited to come for a free taster class on Mon 18 May. You will learn about improvisation and performance.<\/p>\n<p style=\"margin: 10px 0;\">Find out more information via the website below. There is also a Drama Workshop in Irish and the taster class for it is on 20 May. More details are on the website as well.<\/p>\n<\/div>\n<div style=\"font-size: 13px; color: #534438; line-height: 20px;\"><\/div>\n<p style=\"font-size: 13px; color: #534438; line-height: 20px;\"><a style=\"color: #cc2979; text-decoration: none;\" href=\"http:\/\/saordramaschool.ie\/adult-drama-classes\/\">http:\/\/saordramaschool.ie\/adult-drama-classes\/<\/a><\/p>\n<\/td>\n<td valign=\"top\"><\/td>\n<\/tr>\n<\/tbody>\n<\/table>\n<\/td>\n<\/tr>\n<\/tbody>\n<\/table>\n<\/td>\n<\/tr>\n<\/tbody>\n<\/table>\n<table width=\"100%\" cellspacing=\"0\" cellpadding=\"0\">\n<tbody>\n<tr>\n<td style=\"padding: 10px 30px;\">\n<table width=\"100%\" cellspacing=\"0\" cellpadding=\"0\">\n<tbody>\n<tr>\n<td valign=\"top\" width=\"52\"><img loading=\"lazy\" decoding=\"async\" src=\"http:\/\/dublineventguide.com\/dff\/admin\/images\/categories\/MUSIC.png\" alt=\"\" width=\"32\" height=\"32\" \/><\/td>\n<td>\n<h2 style=\"font-size: 16px; color: #534438; margin: 0 0 5px; font-weight: normal;\">Super Happy Fun Times &#8211; Open Mic<\/h2>\n<h3 style=\"font-size: 13px; margin: 0; padding: 0; line-height: 16px; color: #534438;\"><img loading=\"lazy\" decoding=\"async\" style=\"display: inline; float: left;\" src=\"http:\/\/dublineventguide.com\/dff\/admin\/images\/weekly.png\" alt=\"\" width=\"69\" height=\"16\" \/> 19:00, Mon 18 May<\/h3>\n<p style=\"font-size: 13px; color: #534438; line-height: 20px; margin: 0; padding-top: 0;\">Sin \u00c9, 14 Ormond Quay, Dublin 1<\/p>\n<table width=\"100%\" cellspacing=\"0\" cellpadding=\"0\">\n<tbody>\n<tr>\n<td valign=\"top\">\n<div style=\"font-size: 13px; color: #534438; line-height: 20px;\">\n<p style=\"margin: 10px 0;\">Super Happy Fun Times are running an Open Mic night for Music and Spoken Word every Monday in Sin \u00c9.<\/p>\n<p style=\"margin: 10px 0;\">Admission is free.<\/p>\n<\/div>\n<div style=\"font-size: 13px; color: #534438; line-height: 20px;\"><\/div>\n<p style=\"font-size: 13px; color: #534438; line-height: 20px;\"><a style=\"color: #cc2979; text-decoration: none;\" href=\"https:\/\/www.facebook.com\/shftimes\">https:\/\/www.facebook.com\/shftimes<\/a><\/p>\n<\/td>\n<td valign=\"top\"><\/td>\n<\/tr>\n<\/tbody>\n<\/table>\n<\/td>\n<\/tr>\n<\/tbody>\n<\/table>\n<\/td>\n<\/tr>\n<\/tbody>\n<\/table>\n<table width=\"100%\" cellspacing=\"0\" cellpadding=\"0\">\n<tbody>\n<tr>\n<td style=\"padding: 10px 30px;\">\n<table width=\"100%\" cellspacing=\"0\" cellpadding=\"0\">\n<tbody>\n<tr>\n<td valign=\"top\" width=\"52\"><img loading=\"lazy\" decoding=\"async\" src=\"http:\/\/dublineventguide.com\/dff\/admin\/images\/categories\/MUSIC.png\" alt=\"\" width=\"32\" height=\"32\" \/><\/td>\n<td>\n<h2 style=\"font-size: 16px; color: #534438; margin: 0 0 5px; font-weight: normal;\">Back Door Sessions &#8211; Open Mic Night<\/h2>\n<h3 style=\"font-size: 13px; margin: 0; padding: 0; line-height: 16px; color: #534438;\"><img loading=\"lazy\" decoding=\"async\" style=\"display: inline; float: left;\" src=\"http:\/\/dublineventguide.com\/dff\/admin\/images\/weekly.png\" alt=\"\" width=\"69\" height=\"16\" \/> 20:00, Mon 18 May<\/h3>\n<p style=\"font-size: 13px; color: #534438; line-height: 20px; margin: 0; padding-top: 0;\">Sweeney Mongrel&#8217;s, 32 Dame Street, Dublin 2<\/p>\n<table width=\"100%\" cellspacing=\"0\" cellpadding=\"0\">\n<tbody>\n<tr>\n<td valign=\"top\">\n<div style=\"font-size: 13px; color: #534438; line-height: 20px;\">\n<p style=\"margin: 10px 0;\">This is an open mic night with Special Guests every Monday. Arrive, sign in (from 19:00) and play. Admission is free.<\/p>\n<\/div>\n<div style=\"font-size: 13px; color: #534438; line-height: 20px;\"><\/div>\n<p style=\"font-size: 13px; color: #534438; line-height: 20px;\"><a style=\"color: #cc2979; text-decoration: none;\" href=\"https:\/\/www.facebook.com\/sweeneysbar\">https:\/\/www.facebook.com\/sweeneysbar<\/a><\/p>\n<\/td>\n<td valign=\"top\"><\/td>\n<\/tr>\n<\/tbody>\n<\/table>\n<\/td>\n<\/tr>\n<\/tbody>\n<\/table>\n<\/td>\n<\/tr>\n<\/tbody>\n<\/table>\n<table width=\"100%\" cellspacing=\"0\" cellpadding=\"0\">\n<tbody>\n<tr>\n<td style=\"padding: 10px 30px;\">\n<table width=\"100%\" cellspacing=\"0\" cellpadding=\"0\">\n<tbody>\n<tr>\n<td valign=\"top\" width=\"52\"><img loading=\"lazy\" decoding=\"async\" src=\"http:\/\/dublineventguide.com\/dff\/admin\/images\/categories\/MUSIC.png\" alt=\"\" width=\"32\" height=\"32\" \/><\/td>\n<td>\n<h2 style=\"font-size: 16px; color: #534438; margin: 0 0 5px; font-weight: normal;\">Song Cycle<\/h2>\n<h3 style=\"font-size: 13px; margin: 0; padding: 0; line-height: 16px; color: #534438;\"><img loading=\"lazy\" decoding=\"async\" style=\"display: inline; float: left;\" src=\"http:\/\/dublineventguide.com\/dff\/admin\/images\/weekly.png\" alt=\"\" width=\"69\" height=\"16\" \/> 20:00, Mon 18 May<\/h3>\n<p style=\"font-size: 13px; color: #534438; line-height: 20px; margin: 0; padding-top: 0;\">Whelan&#8217;s, 25 Wexford Street, Dublin 2<\/p>\n<table width=\"100%\" cellspacing=\"0\" cellpadding=\"0\">\n<tbody>\n<tr>\n<td valign=\"top\">\n<div style=\"font-size: 13px; color: #534438; line-height: 20px;\">\n<p style=\"margin: 10px 0;\">Song Cycle is a weekly Singer\/Songriter showcase. The line-up is not always easily findable on the Whelan&#8217;s website, but admission is always free.<\/p>\n<\/div>\n<div style=\"font-size: 13px; color: #534438; line-height: 20px;\"><\/div>\n<p style=\"font-size: 13px; color: #534438; line-height: 20px;\"><a style=\"color: #cc2979; text-decoration: none;\" href=\"http:\/\/www.whelanslive.com\">http:\/\/www.whelanslive.com<\/a><\/p>\n<\/td>\n<td valign=\"top\"><\/td>\n<\/tr>\n<\/tbody>\n<\/table>\n<\/td>\n<\/tr>\n<\/tbody>\n<\/table>\n<\/td>\n<\/tr>\n<\/tbody>\n<\/table>\n<table width=\"100%\" cellspacing=\"0\" cellpadding=\"0\">\n<tbody>\n<tr>\n<td style=\"padding: 10px 30px;\">\n<table width=\"100%\" cellspacing=\"0\" cellpadding=\"0\">\n<tbody>\n<tr>\n<td valign=\"top\" width=\"52\"><img loading=\"lazy\" decoding=\"async\" src=\"http:\/\/dublineventguide.com\/dff\/admin\/images\/categories\/COMEDY.png\" alt=\"\" width=\"32\" height=\"32\" \/><\/td>\n<td>\n<h2 style=\"font-size: 16px; color: #534438; margin: 0 0 5px; font-weight: normal;\">Al Porter&#8217;s Comedy Shed<\/h2>\n<h3 style=\"font-size: 13px; margin: 0; padding: 0; line-height: 16px; color: #534438;\">20:30, Mon 18 May<\/h3>\n<p style=\"font-size: 13px; color: #534438; line-height: 20px; margin: 0; padding-top: 0;\">Woolshed Bar &amp; Grill, Parnell Street, Dublin 1<\/p>\n<table width=\"100%\" cellspacing=\"0\" cellpadding=\"0\">\n<tbody>\n<tr>\n<td valign=\"top\">\n<div style=\"font-size: 13px; color: #534438; line-height: 20px;\">\n<p style=\"margin: 10px 0;\">Every Monday the Woolshed Bad hosts &#8220;Al Porter&#8217;s Comedy Shed&#8221;. Admission is free.<\/p>\n<\/div>\n<div style=\"font-size: 13px; color: #534438; line-height: 20px;\"><\/div>\n<p style=\"font-size: 13px; color: #534438; line-height: 20px;\"><a style=\"color: #cc2979; text-decoration: none;\" href=\"http:\/\/www.woolshedbaa.com\/dublin\/\">http:\/\/www.woolshedbaa.com\/dublin\/<\/a><\/p>\n<\/td>\n<td valign=\"top\"><\/td>\n<\/tr>\n<\/tbody>\n<\/table>\n<\/td>\n<\/tr>\n<\/tbody>\n<\/table>\n<\/td>\n<\/tr>\n<\/tbody>\n<\/table>\n<table width=\"100%\" cellspacing=\"0\" cellpadding=\"0\">\n<tbody>\n<tr>\n<td style=\"padding: 10px 30px;\">\n<table width=\"100%\" cellspacing=\"0\" cellpadding=\"0\">\n<tbody>\n<tr>\n<td valign=\"top\" width=\"52\"><img loading=\"lazy\" decoding=\"async\" src=\"http:\/\/dublineventguide.com\/dff\/admin\/images\/categories\/COMEDY.png\" alt=\"\" width=\"32\" height=\"32\" \/><\/td>\n<td>\n<h2 style=\"font-size: 16px; color: #534438; margin: 0 0 5px; font-weight: normal;\">Comedy Crunch<\/h2>\n<h3 style=\"font-size: 13px; margin: 0; padding: 0; line-height: 16px; color: #534438;\"><img loading=\"lazy\" decoding=\"async\" style=\"display: inline; float: left;\" src=\"http:\/\/dublineventguide.com\/dff\/admin\/images\/weekly.png\" alt=\"\" width=\"69\" height=\"16\" \/> 21:00 &#8211; 23:00, Mon 18 May<\/h3>\n<p style=\"font-size: 13px; color: #534438; line-height: 20px; margin: 0; padding-top: 0;\">Stag&#8217;s Head (downstairs), Dame Lane, Dublin 2<\/p>\n<table width=\"100%\" cellspacing=\"0\" cellpadding=\"0\">\n<tbody>\n<tr>\n<td valign=\"top\">\n<div style=\"font-size: 13px; color: #534438; line-height: 20px;\">\n<p style=\"margin: 10px 0;\">The Comedy Crunch is a free Stand Up comedy event every Sunday and Monday. Every week different comedians entertain and on top of good comedy you will get free ice cream. Admission is free. The line-up can be found via the Comedy Crunch Facebook Page (see link below).<\/p>\n<\/div>\n<div style=\"font-size: 13px; color: #534438; line-height: 20px;\"><\/div>\n<p style=\"font-size: 13px; color: #534438; line-height: 20px;\"><a style=\"color: #cc2979; text-decoration: none;\" href=\"http:\/\/www.facebook.com\/pages\/The-Comedy-Crunch\/83791357330\">http:\/\/www.facebook.com\/pages\/The-Comedy-Crunch\/83791357330<\/a><\/p>\n<\/td>\n<td valign=\"top\"><\/td>\n<\/tr>\n<\/tbody>\n<\/table>\n<\/td>\n<\/tr>\n<\/tbody>\n<\/table>\n<\/td>\n<\/tr>\n<\/tbody>\n<\/table>\n<table width=\"100%\" cellspacing=\"0\" cellpadding=\"0\">\n<tbody>\n<tr>\n<td style=\"padding: 10px 30px;\">\n<table width=\"100%\" cellspacing=\"0\" cellpadding=\"0\">\n<tbody>\n<tr>\n<td valign=\"top\" width=\"52\"><img loading=\"lazy\" decoding=\"async\" src=\"http:\/\/dublineventguide.com\/dff\/admin\/images\/categories\/MUSIC.png\" alt=\"\" width=\"32\" height=\"32\" \/><\/td>\n<td>\n<h2 style=\"font-size: 16px; color: #534438; margin: 0 0 5px; font-weight: normal;\">Jazz Jam Session &#8211; Grand Social<\/h2>\n<h3 style=\"font-size: 13px; margin: 0; padding: 0; line-height: 16px; color: #534438;\"><img loading=\"lazy\" decoding=\"async\" style=\"display: inline; float: left;\" src=\"http:\/\/dublineventguide.com\/dff\/admin\/images\/weekly.png\" alt=\"\" width=\"69\" height=\"16\" \/> 21:00, Mon 18 May<\/h3>\n<p style=\"font-size: 13px; color: #534438; line-height: 20px; margin: 0; padding-top: 0;\">Grand Social, 35 Lower Liffey Street (near Ha&#8217;Penny Bridge), Dublin 1<\/p>\n<table width=\"100%\" cellspacing=\"0\" cellpadding=\"0\">\n<tbody>\n<tr>\n<td valign=\"top\">\n<div style=\"font-size: 13px; color: #534438; line-height: 20px;\">\n<p style=\"margin: 10px 0;\">Every Monday a Jazz Jam Session will take place in the Grand Social and you are invited to listen or even to participate. Admission is free for musicians and audience.<\/p>\n<p style=\"margin: 10px 0;\">Instruments are supplied (drums (no cymbals), double bass, guitar amp, bass amp, PA system) and ideas and themes will be proposed prior to the session to the musicians who join the event on Facebook (see Facebook Page below).<\/p>\n<\/div>\n<div style=\"font-size: 13px; color: #534438; line-height: 20px;\"><\/div>\n<p style=\"font-size: 13px; color: #534438; line-height: 20px;\"><a style=\"color: #cc2979; text-decoration: none;\" href=\"https:\/\/www.facebook.com\/pages\/Jazz-Jam-Session-at-The-Grand-Social\/224553674385198\">https:\/\/www.facebook.com\/pages\/Jazz-Jam-Session-at-The-Grand-Social\/224553674385198<\/a><\/p>\n<\/td>\n<td valign=\"top\"><\/td>\n<\/tr>\n<\/tbody>\n<\/table>\n<\/td>\n<\/tr>\n<\/tbody>\n<\/table>\n<\/td>\n<\/tr>\n<\/tbody>\n<\/table>\n<table width=\"100%\" cellspacing=\"0\" cellpadding=\"0\">\n<tbody>\n<tr>\n<td style=\"padding: 10px 30px;\">\n<table width=\"100%\" cellspacing=\"0\" cellpadding=\"0\">\n<tbody>\n<tr>\n<td valign=\"top\" width=\"52\"><img loading=\"lazy\" decoding=\"async\" src=\"http:\/\/dublineventguide.com\/dff\/admin\/images\/categories\/MUSIC.png\" alt=\"\" width=\"32\" height=\"32\" \/><\/td>\n<td>\n<h2 style=\"font-size: 16px; color: #534438; margin: 0 0 5px; font-weight: normal;\">Loose &#8211; Trad Sessions<\/h2>\n<h3 style=\"font-size: 13px; margin: 0; padding: 0; line-height: 16px; color: #534438;\"><img loading=\"lazy\" decoding=\"async\" style=\"display: inline; float: left;\" src=\"http:\/\/dublineventguide.com\/dff\/admin\/images\/weekly.png\" alt=\"\" width=\"69\" height=\"16\" \/> 21:00 &#8211; 23:30, Mon 18 May<\/h3>\n<p style=\"font-size: 13px; color: #534438; line-height: 20px; margin: 0; padding-top: 0;\">Mother Reillys, 26\/28 Upper Rathmines Road, Rathmines, Dublin 6<\/p>\n<table width=\"100%\" cellspacing=\"0\" cellpadding=\"0\">\n<tbody>\n<tr>\n<td valign=\"top\">\n<div style=\"font-size: 13px; color: #534438; line-height: 20px;\">\n<p>The 4-piece band Loose Trad are performing every Monday in Mother Reilly&#8217;s. <a style=\"color: #cc2979; text-decoration: none;\" href=\"http:\/\/www.loosetrad.com\/\">http:\/\/www.loosetrad.com\/<\/a> Admission is free.<\/p>\n<\/div>\n<div style=\"font-size: 13px; color: #534438; line-height: 20px;\"><\/div>\n<p style=\"font-size: 13px; color: #534438; line-height: 20px;\"><a style=\"color: #cc2979; text-decoration: none;\" href=\"https:\/\/www.facebook.com\/motherreillysADMIN\">https:\/\/www.facebook.com\/motherreillysADMIN<\/a><\/p>\n<\/td>\n<td valign=\"top\"><\/td>\n<\/tr>\n<\/tbody>\n<\/table>\n<\/td>\n<\/tr>\n<\/tbody>\n<\/table>\n<\/td>\n<\/tr>\n<\/tbody>\n<\/table>\n<table width=\"100%\" cellspacing=\"0\" cellpadding=\"0\">\n<tbody>\n<tr>\n<td style=\"padding: 10px 30px;\">\n<table width=\"100%\" cellspacing=\"0\" cellpadding=\"0\">\n<tbody>\n<tr>\n<td valign=\"top\" width=\"52\"><img loading=\"lazy\" decoding=\"async\" src=\"http:\/\/dublineventguide.com\/dff\/admin\/images\/categories\/MUSIC.png\" alt=\"\" width=\"32\" height=\"32\" \/><\/td>\n<td>\n<h2 style=\"font-size: 16px; color: #534438; margin: 0 0 5px; font-weight: normal;\">Patrick Mahony sings Nostalgia<\/h2>\n<h3 style=\"font-size: 13px; margin: 0; padding: 0; line-height: 16px; color: #534438;\"><img loading=\"lazy\" decoding=\"async\" style=\"display: inline; float: left;\" src=\"http:\/\/dublineventguide.com\/dff\/admin\/images\/weekly.png\" alt=\"\" width=\"69\" height=\"16\" \/> 21:00 &#8211; 23:00, Mon 18 May<\/h3>\n<p style=\"font-size: 13px; color: #534438; line-height: 20px; margin: 0; padding-top: 0;\">Caf\u00e9 en Seine, Dawson Street, Dublin 2<\/p>\n<table width=\"100%\" cellspacing=\"0\" cellpadding=\"0\">\n<tbody>\n<tr>\n<td valign=\"top\">\n<div style=\"font-size: 13px; color: #534438; line-height: 20px;\">\n<p style=\"margin: 10px 0;\">Patrick Mahony sings songs from Nat King Cole, Dean Martin, Matt Monro and many more every Monday in the Cafe en Seine. Admission is free.<\/p>\n<\/div>\n<div style=\"font-size: 13px; color: #534438; line-height: 20px;\"><\/div>\n<\/td>\n<td valign=\"top\"><\/td>\n<\/tr>\n<\/tbody>\n<\/table>\n<\/td>\n<\/tr>\n<\/tbody>\n<\/table>\n<\/td>\n<\/tr>\n<\/tbody>\n<\/table>\n<table id=\"day_1431990000\" style=\"margin-top: 10px;\" width=\"100%\" cellspacing=\"0\" cellpadding=\"0\">\n<tbody>\n<tr style=\"background-color: #c20162; color: #fff;\">\n<td style=\"padding: 0; line-height: 1; height: 34px; overflow: hidden;\">\n<p style=\"width: 630px; padding-left: 30px; margin: 0; height: 34px; overflow: hidden; line-height: 34px;\"><a name=\"day_1431990000\"><\/a><strong>Tuesday <\/strong> 19 May<\/p>\n<\/td>\n<td>\n<p style=\"margin: 0; line-height: 34px; padding: 0; font-size: 13px;\"><a style=\"color: #fff; text-decoration: none;\" href=\"#dff_top\">back to top<\/a><\/p>\n<\/td>\n<td>\n<p style=\"margin: 0; padding: 0; font-size: 13px;\"><a style=\"color: #fff; text-decoration: none;\" href=\"#dff_top\"><img loading=\"lazy\" decoding=\"async\" src=\"http:\/\/dublineventguide.com\/dff\/admin\/images\/dividers\/date_toplink.png\" alt=\"Back to top\" width=\"38\" height=\"34\" \/><\/a><\/p>\n<\/td>\n<td width=\"50\"><\/td>\n<\/tr>\n<\/tbody>\n<\/table>\n<table width=\"100%\" cellspacing=\"0\" cellpadding=\"0\">\n<tbody>\n<tr>\n<td style=\"padding: 10px 30px;\">\n<table width=\"100%\" cellspacing=\"0\" cellpadding=\"0\">\n<tbody>\n<tr>\n<td valign=\"top\" width=\"52\"><img loading=\"lazy\" decoding=\"async\" src=\"http:\/\/dublineventguide.com\/dff\/admin\/images\/categories\/TALKS.png\" alt=\"\" width=\"32\" height=\"32\" \/><\/td>\n<td>\n<h2 style=\"font-size: 16px; color: #534438; margin: 0 0 5px; font-weight: normal;\">The Work of Sean Scully &#8211; Panel Discussion<\/h2>\n<h3 style=\"font-size: 13px; margin: 0; padding: 0; line-height: 16px; color: #534438;\">10:30 &#8211; 11:15, Tue 19 May<\/h3>\n<p style=\"font-size: 13px; color: #534438; line-height: 20px; margin: 0; padding-top: 0;\">National Gallery, Clare Street, Dublin 2<\/p>\n<table width=\"100%\" cellspacing=\"0\" cellpadding=\"0\">\n<tbody>\n<tr>\n<td valign=\"top\">\n<div style=\"font-size: 13px; color: #534438; line-height: 20px;\">\n<p style=\"margin: 10px 0;\">The Panel Discussion &#8220;The Work of Sean Scully&#8221; with Kelly Grovier, poet and writer; Sean Rainbird, Director, NGI; Sarah Glennie, Director, IMMA; Aidan Dunne, art critic, The Irish Times will take place and is part of a free series of talks in May on the theme of Sean Scully &amp; Contemporary Art in conjunction with an exhibition of Sean Scully&#8217;s work at the NGI.<\/p>\n<p style=\"margin: 10px 0;\">Admission is free and no booking necessary.<\/p>\n<\/div>\n<div style=\"font-size: 13px; color: #534438; line-height: 20px;\"><\/div>\n<p style=\"font-size: 13px; color: #534438; line-height: 20px;\"><a style=\"color: #cc2979; text-decoration: none;\" href=\"http:\/\/www.nationalgallery.ie\/en\/whatson\/Talks\/Tuesday_Talks\/May-19.aspx\">http:\/\/www.nationalgallery.ie\/en\/whatson\/Talks\/Tuesday_Talks\/May-19.aspx<\/a><\/p>\n<\/td>\n<td valign=\"top\"><\/td>\n<\/tr>\n<\/tbody>\n<\/table>\n<\/td>\n<\/tr>\n<\/tbody>\n<\/table>\n<\/td>\n<\/tr>\n<\/tbody>\n<\/table>\n<table width=\"100%\" cellspacing=\"0\" cellpadding=\"0\">\n<tbody>\n<tr>\n<td style=\"padding: 10px 30px;\">\n<table width=\"100%\" cellspacing=\"0\" cellpadding=\"0\">\n<tbody>\n<tr>\n<td valign=\"top\" width=\"52\"><img loading=\"lazy\" decoding=\"async\" src=\"http:\/\/dublineventguide.com\/dff\/admin\/images\/categories\/ACTIVITY.png\" alt=\"\" width=\"32\" height=\"32\" \/><\/td>\n<td>\n<h2 style=\"font-size: 16px; color: #534438; margin: 0 0 5px; font-weight: normal;\">&#8220;My Favourites&#8221; &#8211; Dublin City Walking Tour<\/h2>\n<h3 style=\"font-size: 13px; margin: 0; padding: 0; line-height: 16px; color: #534438;\"><img loading=\"lazy\" decoding=\"async\" style=\"display: inline; float: left;\" src=\"http:\/\/dublineventguide.com\/dff\/admin\/images\/weekly.png\" alt=\"\" width=\"69\" height=\"16\" \/> 11:00 &#8211; 13:00, Tue 19 May<\/h3>\n<p style=\"font-size: 13px; color: #534438; line-height: 20px; margin: 0; padding-top: 0;\">Spire, O&#8217;Connell Street, Dublin 1<\/p>\n<table width=\"100%\" cellspacing=\"0\" cellpadding=\"0\">\n<tbody>\n<tr>\n<td valign=\"top\">\n<div style=\"font-size: 13px; color: #534438; line-height: 20px;\">\n<p style=\"margin: 10px 0;\">&#8220;These Are a Few of My Favourite Things&#8221; is the title of a Walking Tour that Emily Gallagher runs on Tuesdays now as well. It will be an Alternative Arts and Culture Trail and she will bring you to &#8220;Dublin\u2019s Best Cafes, Bars, Markets, Unusual Stores, Galleries, Theatres, Arts Spaces, and more! And hear some tales you\u2019ve never heard before!&#8221;<\/p>\n<p style=\"margin: 10px 0;\">Meeting point is at the Spire. The tours are free but donations are welcome and booking is required via myfavouritesdublincitywalktour@gmail.com or 085-2725095<\/p>\n<\/div>\n<div style=\"font-size: 13px; color: #534438; line-height: 20px;\"><\/div>\n<p style=\"font-size: 13px; color: #534438; line-height: 20px;\"><a style=\"color: #cc2979; text-decoration: none;\" href=\"http:\/\/www.dublincitywalkingtours.com\/\">http:\/\/www.dublincitywalkingtours.com\/<\/a><\/p>\n<\/td>\n<td valign=\"top\"><\/td>\n<\/tr>\n<\/tbody>\n<\/table>\n<\/td>\n<\/tr>\n<\/tbody>\n<\/table>\n<\/td>\n<\/tr>\n<\/tbody>\n<\/table>\n<table width=\"100%\" cellspacing=\"0\" cellpadding=\"0\">\n<tbody>\n<tr>\n<td style=\"padding: 10px 30px;\">\n<table width=\"100%\" cellspacing=\"0\" cellpadding=\"0\">\n<tbody>\n<tr>\n<td valign=\"top\" width=\"52\"><img loading=\"lazy\" decoding=\"async\" src=\"http:\/\/dublineventguide.com\/dff\/admin\/images\/categories\/ACTIVITY.png\" alt=\"\" width=\"32\" height=\"32\" \/><\/td>\n<td>\n<h2 style=\"font-size: 16px; color: #534438; margin: 0 0 5px; font-weight: normal;\">Irish Leather Craft &#8211; Bealtaine Workshop<\/h2>\n<h3 style=\"font-size: 13px; margin: 0; padding: 0; line-height: 16px; color: #534438;\">11:00 &#8211; 15:00, Tue 19 May<\/h3>\n<p style=\"font-size: 13px; color: #534438; line-height: 20px; margin: 0; padding-top: 0;\">National Museum, Kildare Street (Archaeology), Dublin 2<\/p>\n<table width=\"100%\" cellspacing=\"0\" cellpadding=\"0\">\n<tbody>\n<tr>\n<td valign=\"top\">\n<div style=\"font-size: 13px; color: #534438; line-height: 20px;\">\n<p style=\"margin: 10px 0;\">Designer and artist R\u00f3is\u00edn Gartland will facilitate a two-day workshop about Irish Leather Craft in conenction with the Bealtaine Festival. Participants will create their own leather object based on ancient examples of Irish leather design.<\/p>\n<p style=\"margin: 10px 0;\">Admission is free, but booking is required via 01 6486339 or email educationarch@museum.ie<\/p>\n<\/div>\n<div style=\"font-size: 13px; color: #534438; line-height: 20px;\"><\/div>\n<p style=\"font-size: 13px; color: #534438; line-height: 20px;\"><a style=\"color: #cc2979; text-decoration: none;\" href=\"http:\/\/www.museum.ie\/en\/list\/calendar-of-events.aspx?eventID=4650\">http:\/\/www.museum.ie\/en\/list\/calendar-of-events.aspx?eventID=4650<\/a><\/p>\n<\/td>\n<td valign=\"top\"><\/td>\n<\/tr>\n<\/tbody>\n<\/table>\n<\/td>\n<\/tr>\n<\/tbody>\n<\/table>\n<\/td>\n<\/tr>\n<\/tbody>\n<\/table>\n<table width=\"100%\" cellspacing=\"0\" cellpadding=\"0\">\n<tbody>\n<tr>\n<td style=\"padding: 10px 30px;\">\n<table width=\"100%\" cellspacing=\"0\" cellpadding=\"0\">\n<tbody>\n<tr>\n<td valign=\"top\" width=\"52\"><img loading=\"lazy\" decoding=\"async\" src=\"http:\/\/dublineventguide.com\/dff\/admin\/images\/categories\/TALKS.png\" alt=\"\" width=\"32\" height=\"32\" \/><\/td>\n<td>\n<h2 style=\"font-size: 16px; color: #534438; margin: 0 0 5px; font-weight: normal;\">National Gallery Talks<\/h2>\n<h3 style=\"font-size: 13px; margin: 0; padding: 0; line-height: 16px; color: #534438;\"><img loading=\"lazy\" decoding=\"async\" style=\"display: inline; float: left;\" src=\"http:\/\/dublineventguide.com\/dff\/admin\/images\/weekly.png\" alt=\"\" width=\"69\" height=\"16\" \/> 11:30 &#8211; 16:50, Tue 19 May<\/h3>\n<p style=\"font-size: 13px; color: #534438; line-height: 20px; margin: 0; padding-top: 0;\">National Gallery, Clare Street, Dublin 2<\/p>\n<table width=\"100%\" cellspacing=\"0\" cellpadding=\"0\">\n<tbody>\n<tr>\n<td valign=\"top\">\n<div style=\"font-size: 13px; color: #534438; line-height: 20px;\">\n<p style=\"margin: 10px 0;\">The National Gallery has an extensive programme of free talks, public tours and Art Documentary screenings focusing on highlights of the European and Irish Collection every day of the week. Check their website for details.<\/p>\n<\/div>\n<div style=\"font-size: 13px; color: #534438; line-height: 20px;\"><\/div>\n<p style=\"font-size: 13px; color: #534438; line-height: 20px;\"><a style=\"color: #cc2979; text-decoration: none;\" href=\"http:\/\/nationalgallery.ie\/whatson\">http:\/\/nationalgallery.ie\/whatson<\/a><\/p>\n<\/td>\n<td valign=\"top\"><\/td>\n<\/tr>\n<\/tbody>\n<\/table>\n<\/td>\n<\/tr>\n<\/tbody>\n<\/table>\n<\/td>\n<\/tr>\n<\/tbody>\n<\/table>\n<table width=\"100%\" cellspacing=\"0\" cellpadding=\"0\">\n<tbody>\n<tr>\n<td style=\"padding: 10px 30px;\">\n<table width=\"100%\" cellspacing=\"0\" cellpadding=\"0\">\n<tbody>\n<tr>\n<td valign=\"top\" width=\"52\"><img loading=\"lazy\" decoding=\"async\" src=\"http:\/\/dublineventguide.com\/dff\/admin\/images\/categories\/ACTIVITY.png\" alt=\"\" width=\"32\" height=\"32\" \/><\/td>\n<td>\n<h2 style=\"font-size: 16px; color: #534438; margin: 0 0 5px; font-weight: normal;\">Support the Dublin Event Guide &#8211; Buy your books here!<\/h2>\n<h3 style=\"font-size: 13px; margin: 0; padding: 0; line-height: 16px; color: #534438;\">13:00, Tue 19 May<\/h3>\n<p style=\"font-size: 13px; color: #534438; line-height: 20px; margin: 0; padding-top: 0;\">Dublin (various locations)<\/p>\n<table width=\"100%\" cellspacing=\"0\" cellpadding=\"0\">\n<tbody>\n<tr>\n<td valign=\"top\">\n<div style=\"font-size: 13px; color: #534438; line-height: 20px;\">\n<p style=\"text-align: justify;\"><a href=\"http:\/\/www.bookdepository.com?a_aid=dubevg&amp;a_bid=ba35a05b\" target=\"_blank\"><img loading=\"lazy\" decoding=\"async\" style=\"float: left; margin: 4px;\" title=\"Free Delivery on all Books at the Book Depository\" src=\"http:\/\/banners1.bookdepository.com\/accounts\/default1\/banners\/P_Generic_125x125.gif\" alt=\"Free Delivery on all Books at the Book Depository\" width=\"125\" height=\"125\" \/><\/a><img loading=\"lazy\" decoding=\"async\" style=\"border: 0;\" src=\"https:\/\/affiliates.bookdepository.com\/scripts\/imp.php?a_aid=dubevg&amp;a_bid=ba35a05b\" alt=\"\" width=\"1\" height=\"1\" \/><\/p>\n<p style=\"text-align: left;\">If you regularly or occasionally buy books online, you can help the Dublin Event Guide hugely even without having to pay cent directly. In fact you even save money this way:<\/p>\n<p style=\"margin: 10px 0;\">Buy your books from The Book Depository and get better prices and free (!!) delivery for all orders independent from the volume and when you click on the picture here before you buy, then 5% of what normally The Book Depository would get, they give back to the Dublin Event Guide. Everybody wins!<\/p>\n<p><a style=\"color: #cc2979; text-decoration: none;\" href=\"http:\/\/www.bookdepository.com?a_aid=dubevg\">http:\/\/www.bookdepository.com?a_aid=dubevg<\/a><\/p>\n<p>If you prefer Amazon to buy your books (for free postage you need to order a minimum of GBP 25), then use this <a style=\"color: #cc2979; text-decoration: none;\" href=\"http:\/\/www.amazon.co.uk\/?tag=dubevg-21\" target=\"_blank\">Amazon link<\/a> to help the Dublin Event Guide. Thanks!<\/p>\n<\/div>\n<div style=\"font-size: 13px; color: #534438; line-height: 20px;\"><\/div>\n<\/td>\n<td valign=\"top\"><\/td>\n<\/tr>\n<\/tbody>\n<\/table>\n<\/td>\n<\/tr>\n<\/tbody>\n<\/table>\n<\/td>\n<\/tr>\n<\/tbody>\n<\/table>\n<table width=\"100%\" cellspacing=\"0\" cellpadding=\"0\">\n<tbody>\n<tr>\n<td style=\"padding: 10px 30px;\">\n<table width=\"100%\" cellspacing=\"0\" cellpadding=\"0\">\n<tbody>\n<tr>\n<td valign=\"top\" width=\"52\"><img loading=\"lazy\" decoding=\"async\" src=\"http:\/\/dublineventguide.com\/dff\/admin\/images\/categories\/TALKS.png\" alt=\"\" width=\"32\" height=\"32\" \/><\/td>\n<td>\n<h2 style=\"font-size: 16px; color: #534438; margin: 0 0 5px; font-weight: normal;\">Thinking Historically about the Decade of Commemorations &#8211; Lecture<\/h2>\n<h3 style=\"font-size: 13px; margin: 0; padding: 0; line-height: 16px; color: #534438;\">18:15, Tue 19 May<\/h3>\n<p style=\"font-size: 13px; color: #534438; line-height: 20px; margin: 0; padding-top: 0;\">Trinity Long Room Hub, Fellows&#8217; Square, Trinity College, Dublin 2<\/p>\n<table width=\"100%\" cellspacing=\"0\" cellpadding=\"0\">\n<tbody>\n<tr>\n<td valign=\"top\">\n<div style=\"font-size: 13px; color: #534438; line-height: 20px;\">\n<p style=\"margin: 10px 0;\">&#8220;Thinking Historically about the Decade of Commemorations&#8221; is a public lecture by Prof Joseph Lee (New York University) during his term as a Visiting Research Fellow at the Trinity Long Room Hub.<\/p>\n<p style=\"margin: 10px 0;\">Admission is free.<\/p>\n<\/div>\n<div style=\"font-size: 13px; color: #534438; line-height: 20px;\"><\/div>\n<p style=\"font-size: 13px; color: #534438; line-height: 20px;\"><a style=\"color: #cc2979; text-decoration: none;\" href=\"http:\/\/www.tcd.ie\/Secretary\/Communications\/Noticeboard\/data\/33211.html\">http:\/\/www.tcd.ie\/Secretary\/Communications\/Noticeboard\/data\/33211.html<\/a><\/p>\n<\/td>\n<td valign=\"top\"><\/td>\n<\/tr>\n<\/tbody>\n<\/table>\n<\/td>\n<\/tr>\n<\/tbody>\n<\/table>\n<\/td>\n<\/tr>\n<\/tbody>\n<\/table>\n<table width=\"100%\" cellspacing=\"0\" cellpadding=\"0\">\n<tbody>\n<tr>\n<td style=\"padding: 10px 30px;\">\n<table width=\"100%\" cellspacing=\"0\" cellpadding=\"0\">\n<tbody>\n<tr>\n<td valign=\"top\" width=\"52\"><img loading=\"lazy\" decoding=\"async\" src=\"http:\/\/dublineventguide.com\/dff\/admin\/images\/categories\/MUSIC.png\" alt=\"\" width=\"32\" height=\"32\" \/><\/td>\n<td>\n<h2 style=\"font-size: 16px; color: #534438; margin: 0 0 5px; font-weight: normal;\">Ukulele Tuesday<\/h2>\n<h3 style=\"font-size: 13px; margin: 0; padding: 0; line-height: 16px; color: #534438;\"><img loading=\"lazy\" decoding=\"async\" style=\"display: inline; float: left;\" src=\"http:\/\/dublineventguide.com\/dff\/admin\/images\/weekly.png\" alt=\"\" width=\"69\" height=\"16\" \/> 19:45 &#8211; 22:00, Tue 19 May<\/h3>\n<p style=\"font-size: 13px; color: #534438; line-height: 20px; margin: 0; padding-top: 0;\">Stag&#8217;s Head, Dame Lane, Dublin 2<\/p>\n<table width=\"100%\" cellspacing=\"0\" cellpadding=\"0\">\n<tbody>\n<tr>\n<td valign=\"top\">\n<div style=\"font-size: 13px; color: #534438; line-height: 20px;\">\n<p style=\"margin: 10px 0;\">Every Tuesday an informal sing along with Ukulele and Toy Musical Instruments takes place in the Stag&#8217;s Head. Just bring your instrument and come along. Beginners are welcome. Admission is free and further details (and a big book of songs) are available on the Facebook Page below. The get-together meets in the &#8220;snug&#8221; in Stag&#8217;s Head.<\/p>\n<\/div>\n<div style=\"font-size: 13px; color: #534438; line-height: 20px;\"><\/div>\n<p style=\"font-size: 13px; color: #534438; line-height: 20px;\"><a style=\"color: #cc2979; text-decoration: none;\" href=\"https:\/\/www.facebook.com\/UkuleleTuesday\">https:\/\/www.facebook.com\/UkuleleTuesday<\/a><\/p>\n<\/td>\n<td valign=\"top\"><\/td>\n<\/tr>\n<\/tbody>\n<\/table>\n<\/td>\n<\/tr>\n<\/tbody>\n<\/table>\n<\/td>\n<\/tr>\n<\/tbody>\n<\/table>\n<table width=\"100%\" cellspacing=\"0\" cellpadding=\"0\">\n<tbody>\n<tr>\n<td style=\"padding: 10px 30px;\">\n<table width=\"100%\" cellspacing=\"0\" cellpadding=\"0\">\n<tbody>\n<tr>\n<td valign=\"top\" width=\"52\"><img loading=\"lazy\" decoding=\"async\" src=\"http:\/\/dublineventguide.com\/dff\/admin\/images\/categories\/MUSIC.png\" alt=\"\" width=\"32\" height=\"32\" \/><\/td>\n<td>\n<h2 style=\"font-size: 16px; color: #534438; margin: 0 0 5px; font-weight: normal;\">Dublin Bluegrass Collective &#8211; Gig<\/h2>\n<h3 style=\"font-size: 13px; margin: 0; padding: 0; line-height: 16px; color: #534438;\"><img loading=\"lazy\" decoding=\"async\" style=\"display: inline; float: left;\" src=\"http:\/\/dublineventguide.com\/dff\/admin\/images\/weekly.png\" alt=\"\" width=\"69\" height=\"16\" \/> 20:00, Tue 19 May<\/h3>\n<p style=\"font-size: 13px; color: #534438; line-height: 20px; margin: 0; padding-top: 0;\">Sin \u00c9, 14 Ormond Quay, Dublin 1<\/p>\n<table width=\"100%\" cellspacing=\"0\" cellpadding=\"0\">\n<tbody>\n<tr>\n<td valign=\"top\">\n<div style=\"font-size: 13px; color: #534438; line-height: 20px;\">\n<p style=\"margin: 10px 0;\">Rumours have it that the Bluegrass Collective will perform in Sin \u00c9 on Tuesday and there might even be an open Bluegrass Jam! Admission is free.<\/p>\n<\/div>\n<div style=\"font-size: 13px; color: #534438; line-height: 20px;\"><\/div>\n<p style=\"font-size: 13px; color: #534438; line-height: 20px;\"><a style=\"color: #cc2979; text-decoration: none;\" href=\"https:\/\/www.facebook.com\/Sin.E.Pub\">https:\/\/www.facebook.com\/Sin.E.Pub<\/a><\/p>\n<\/td>\n<td valign=\"top\"><\/td>\n<\/tr>\n<\/tbody>\n<\/table>\n<\/td>\n<\/tr>\n<\/tbody>\n<\/table>\n<\/td>\n<\/tr>\n<\/tbody>\n<\/table>\n<table width=\"100%\" cellspacing=\"0\" cellpadding=\"0\">\n<tbody>\n<tr>\n<td style=\"padding: 10px 30px;\">\n<table width=\"100%\" cellspacing=\"0\" cellpadding=\"0\">\n<tbody>\n<tr>\n<td valign=\"top\" width=\"52\"><img loading=\"lazy\" decoding=\"async\" src=\"http:\/\/dublineventguide.com\/dff\/admin\/images\/categories\/MUSIC.png\" alt=\"\" width=\"32\" height=\"32\" \/><\/td>\n<td>\n<h2 style=\"font-size: 16px; color: #534438; margin: 0 0 5px; font-weight: normal;\">Blue Moon Folk and Blues &#8211; Gig<\/h2>\n<h3 style=\"font-size: 13px; margin: 0; padding: 0; line-height: 16px; color: #534438;\"><img loading=\"lazy\" decoding=\"async\" style=\"display: inline; float: left;\" src=\"http:\/\/dublineventguide.com\/dff\/admin\/images\/weekly.png\" alt=\"\" width=\"69\" height=\"16\" \/> 20:30, Tue 19 May<\/h3>\n<p style=\"font-size: 13px; color: #534438; line-height: 20px; margin: 0; padding-top: 0;\">The Beerhouse, 84.5 Capel Street, Dublin 1<\/p>\n<table width=\"100%\" cellspacing=\"0\" cellpadding=\"0\">\n<tbody>\n<tr>\n<td valign=\"top\">\n<div style=\"font-size: 13px; color: #534438; line-height: 20px;\">\n<p style=\"margin: 10px 0;\">Live sessions with the Blue Moon Folk and Blues Collective are taking place every Tuesday at the Beerhouse. Admission is free.<\/p>\n<\/div>\n<div style=\"font-size: 13px; color: #534438; line-height: 20px;\"><\/div>\n<p style=\"font-size: 13px; color: #534438; line-height: 20px;\"><a style=\"color: #cc2979; text-decoration: none;\" href=\"http:\/\/www.beerhousedublin.com\/\">http:\/\/www.beerhousedublin.com\/<\/a><\/p>\n<\/td>\n<td valign=\"top\"><\/td>\n<\/tr>\n<\/tbody>\n<\/table>\n<\/td>\n<\/tr>\n<\/tbody>\n<\/table>\n<\/td>\n<\/tr>\n<\/tbody>\n<\/table>\n<table width=\"100%\" cellspacing=\"0\" cellpadding=\"0\">\n<tbody>\n<tr>\n<td style=\"padding: 10px 30px;\">\n<table width=\"100%\" cellspacing=\"0\" cellpadding=\"0\">\n<tbody>\n<tr>\n<td valign=\"top\" width=\"52\"><img loading=\"lazy\" decoding=\"async\" src=\"http:\/\/dublineventguide.com\/dff\/admin\/images\/categories\/MUSIC.png\" alt=\"\" width=\"32\" height=\"32\" \/><\/td>\n<td>\n<h2 style=\"font-size: 16px; color: #534438; margin: 0 0 5px; font-weight: normal;\">The Folk Club<\/h2>\n<h3 style=\"font-size: 13px; margin: 0; padding: 0; line-height: 16px; color: #534438;\"><img loading=\"lazy\" decoding=\"async\" style=\"display: inline; float: left;\" src=\"http:\/\/dublineventguide.com\/dff\/admin\/images\/weekly.png\" alt=\"\" width=\"69\" height=\"16\" \/> 20:30, Tue 19 May<\/h3>\n<p style=\"font-size: 13px; color: #534438; line-height: 20px; margin: 0; padding-top: 0;\">Whelan&#8217;s, 25 Wexford Street, Dublin 2<\/p>\n<table width=\"100%\" cellspacing=\"0\" cellpadding=\"0\">\n<tbody>\n<tr>\n<td valign=\"top\">\n<div style=\"font-size: 13px; color: #534438; line-height: 20px;\">\n<p style=\"margin: 10px 0;\">The Folk Club in Whelan&#8217;s will bring you the best in Trad, Ballads, Americana &amp; World Music every Tuesday. The line-up this week is on the Facebook Page below. Admission is free.<\/p>\n<\/div>\n<div style=\"font-size: 13px; color: #534438; line-height: 20px;\"><\/div>\n<p style=\"font-size: 13px; color: #534438; line-height: 20px;\"><a style=\"color: #cc2979; text-decoration: none;\" href=\"https:\/\/www.facebook.com\/TheGrandFolkClub\">https:\/\/www.facebook.com\/TheGrandFolkClub<\/a><\/p>\n<\/td>\n<td valign=\"top\"><\/td>\n<\/tr>\n<\/tbody>\n<\/table>\n<\/td>\n<\/tr>\n<\/tbody>\n<\/table>\n<\/td>\n<\/tr>\n<\/tbody>\n<\/table>\n<table width=\"100%\" cellspacing=\"0\" cellpadding=\"0\">\n<tbody>\n<tr>\n<td style=\"padding: 10px 30px;\">\n<table width=\"100%\" cellspacing=\"0\" cellpadding=\"0\">\n<tbody>\n<tr>\n<td valign=\"top\" width=\"52\"><img loading=\"lazy\" decoding=\"async\" src=\"http:\/\/dublineventguide.com\/dff\/admin\/images\/categories\/COMEDY.png\" alt=\"\" width=\"32\" height=\"32\" \/><\/td>\n<td>\n<h2 style=\"font-size: 16px; color: #534438; margin: 0 0 5px; font-weight: normal;\">Comedy Crunch<\/h2>\n<h3 style=\"font-size: 13px; margin: 0; padding: 0; line-height: 16px; color: #534438;\"><img loading=\"lazy\" decoding=\"async\" style=\"display: inline; float: left;\" src=\"http:\/\/dublineventguide.com\/dff\/admin\/images\/weekly.png\" alt=\"\" width=\"69\" height=\"16\" \/> 21:00 &#8211; 23:00, Tue 19 May<\/h3>\n<p style=\"font-size: 13px; color: #534438; line-height: 20px; margin: 0; padding-top: 0;\">Stag&#8217;s Head (downstairs), Dame Lane, Dublin 2<\/p>\n<table width=\"100%\" cellspacing=\"0\" cellpadding=\"0\">\n<tbody>\n<tr>\n<td valign=\"top\">\n<div style=\"font-size: 13px; color: #534438; line-height: 20px;\">\n<p style=\"margin: 10px 0;\">The Comedy Crunch is a free Stand Up comedy event every Sunday and Monday AND Tuesday. Every week different comedians entertain and on top of good comedy you will get free ice cream. Admission is free. The line-up can be found via the Comedy Crunch Facebook Page (see link below).<\/p>\n<\/div>\n<div style=\"font-size: 13px; color: #534438; line-height: 20px;\"><\/div>\n<p style=\"font-size: 13px; color: #534438; line-height: 20px;\"><a style=\"color: #cc2979; text-decoration: none;\" href=\"http:\/\/www.facebook.com\/pages\/The-Comedy-Crunch\/83791357330\">http:\/\/www.facebook.com\/pages\/The-Comedy-Crunch\/83791357330<\/a><\/p>\n<\/td>\n<td valign=\"top\"><\/td>\n<\/tr>\n<\/tbody>\n<\/table>\n<\/td>\n<\/tr>\n<\/tbody>\n<\/table>\n<\/td>\n<\/tr>\n<\/tbody>\n<\/table>\n<table width=\"100%\" cellspacing=\"0\" cellpadding=\"0\">\n<tbody>\n<tr>\n<td style=\"padding: 10px 30px;\">\n<table width=\"100%\" cellspacing=\"0\" cellpadding=\"0\">\n<tbody>\n<tr>\n<td valign=\"top\" width=\"52\"><img loading=\"lazy\" decoding=\"async\" src=\"http:\/\/dublineventguide.com\/dff\/admin\/images\/categories\/MUSIC.png\" alt=\"\" width=\"32\" height=\"32\" \/><\/td>\n<td>\n<h2 style=\"font-size: 16px; color: #534438; margin: 0 0 5px; font-weight: normal;\">Phoenix Big Band<\/h2>\n<h3 style=\"font-size: 13px; margin: 0; padding: 0; line-height: 16px; color: #534438;\"><img loading=\"lazy\" decoding=\"async\" style=\"display: inline; float: left;\" src=\"http:\/\/dublineventguide.com\/dff\/admin\/images\/weekly.png\" alt=\"\" width=\"69\" height=\"16\" \/> 21:00 &#8211; 23:00, Tue 19 May<\/h3>\n<p style=\"font-size: 13px; color: #534438; line-height: 20px; margin: 0; padding-top: 0;\">Tara Towers Hotel, Merrion Road, Dublin 4<\/p>\n<table width=\"100%\" cellspacing=\"0\" cellpadding=\"0\">\n<tbody>\n<tr>\n<td valign=\"top\">\n<div style=\"font-size: 13px; color: #534438; line-height: 20px;\">\n<p style=\"margin: 10px 0;\">The Phoenix Big Band is a 16 piece band playing songs of the 1930s, 1940s and other big band arrangements and they are playing every Tuesday in the Tara Tower Hotel (since 2012!) for adult dancing. If you like to waltz, cha cha or foxtrot, come and enjoy their performance.<\/p>\n<p style=\"margin: 10px 0;\">Admission is free.<\/p>\n<p style=\"margin: 10px 0;\">The band plays in the main function room which is occasionally booked, so to confirm that they are playing, please ring the hotel on the day: Phone 01-2694666<\/p>\n<\/div>\n<div style=\"font-size: 13px; color: #534438; line-height: 20px;\"><\/div>\n<\/td>\n<td valign=\"top\"><\/td>\n<\/tr>\n<\/tbody>\n<\/table>\n<\/td>\n<\/tr>\n<\/tbody>\n<\/table>\n<\/td>\n<\/tr>\n<\/tbody>\n<\/table>\n<table width=\"100%\" cellspacing=\"0\" cellpadding=\"0\">\n<tbody>\n<tr>\n<td style=\"padding: 10px 30px;\">\n<table width=\"100%\" cellspacing=\"0\" cellpadding=\"0\">\n<tbody>\n<tr>\n<td valign=\"top\" width=\"52\"><img loading=\"lazy\" decoding=\"async\" src=\"http:\/\/dublineventguide.com\/dff\/admin\/images\/categories\/MUSIC.png\" alt=\"\" width=\"32\" height=\"32\" \/><\/td>\n<td>\n<h2 style=\"font-size: 16px; color: #534438; margin: 0 0 5px; font-weight: normal;\">Camden Sessions &#8211; Singer\/Songwriter Night<\/h2>\n<h3 style=\"font-size: 13px; margin: 0; padding: 0; line-height: 16px; color: #534438;\"><img loading=\"lazy\" decoding=\"async\" style=\"display: inline; float: left;\" src=\"http:\/\/dublineventguide.com\/dff\/admin\/images\/weekly.png\" alt=\"\" width=\"69\" height=\"16\" \/> 21:30, Tue 19 May<\/h3>\n<p style=\"font-size: 13px; color: #534438; line-height: 20px; margin: 0; padding-top: 0;\">Anseo, 18 Camden Street Lower, Dublin 2<\/p>\n<table width=\"100%\" cellspacing=\"0\" cellpadding=\"0\">\n<tbody>\n<tr>\n<td valign=\"top\">\n<div style=\"font-size: 13px; color: #534438; line-height: 20px;\">\n<p style=\"margin: 10px 0;\">A totally unplugged Singer\/Songwriter night (no PA, no microphones) with original music is taking place upstairs in Anseo every Tuesday from 21:30.<\/p>\n<p style=\"margin: 10px 0;\">Please check on the Facebook Page below if the event is going ahead as it seems to get cancelled every now and then and if you want to play a 15-30 min set or just want to play one song make yourself heard via the same Facebook Page.<\/p>\n<p style=\"margin: 10px 0;\">Admission is free.<\/p>\n<\/div>\n<div style=\"font-size: 13px; color: #534438; line-height: 20px;\"><\/div>\n<p style=\"font-size: 13px; color: #534438; line-height: 20px;\"><a style=\"color: #cc2979; text-decoration: none;\" href=\"https:\/\/www.facebook.com\/TheCamdenSessions\">https:\/\/www.facebook.com\/TheCamdenSessions<\/a><\/p>\n<\/td>\n<td valign=\"top\"><\/td>\n<\/tr>\n<\/tbody>\n<\/table>\n<\/td>\n<\/tr>\n<\/tbody>\n<\/table>\n<\/td>\n<\/tr>\n<\/tbody>\n<\/table>\n<table width=\"100%\" cellspacing=\"0\" cellpadding=\"0\">\n<tbody>\n<tr>\n<td style=\"padding: 10px 30px;\">\n<table width=\"100%\" cellspacing=\"0\" cellpadding=\"0\">\n<tbody>\n<tr>\n<td valign=\"top\" width=\"52\"><img loading=\"lazy\" decoding=\"async\" src=\"http:\/\/dublineventguide.com\/dff\/admin\/images\/categories\/MUSIC.png\" alt=\"\" width=\"32\" height=\"32\" \/><\/td>\n<td>\n<h2 style=\"font-size: 16px; color: #534438; margin: 0 0 5px; font-weight: normal;\">International Bar Jazz Night<\/h2>\n<h3 style=\"font-size: 13px; margin: 0; padding: 0; line-height: 16px; color: #534438;\"><img loading=\"lazy\" decoding=\"async\" style=\"display: inline; float: left;\" src=\"http:\/\/dublineventguide.com\/dff\/admin\/images\/weekly.png\" alt=\"\" width=\"69\" height=\"16\" \/> 21:30, Tue 19 May<\/h3>\n<p style=\"font-size: 13px; color: #534438; line-height: 20px; margin: 0; padding-top: 0;\">The International Bar, 23 Wicklow Street, Dublin 2<\/p>\n<table width=\"100%\" cellspacing=\"0\" cellpadding=\"0\">\n<tbody>\n<tr>\n<td valign=\"top\">\n<div style=\"font-size: 13px; color: #534438; line-height: 20px;\">\n<p style=\"margin: 10px 0;\">Every Tuesday and Thursday the International Bar invites to a Jazz night in the Lounge.<\/p>\n<p style=\"margin: 10px 0;\">Groups led by Cote Calmet, Sean Maynard Smith, Dominic Mullan, Paddy Groenland, Georgia Cusack &amp; Alex Mathias are performing regularly with occasional guest players, but there are also other bands from all over.<\/p>\n<p style=\"margin: 10px 0;\">Admission is free, with a suggested donation of EUR 5. The website clearly says that there is no entry fee, but &#8211; and that makes a lot of sense &#8211; that your donations are very much appreciated (Musicians need to pay for rent and food too!) Be generous after the gig if you liked it, but if someone wants to charge an admission charge, please point out that the &#8220;rules&#8221; as described on their website are like I have explained.<\/p>\n<\/div>\n<div style=\"font-size: 13px; color: #534438; line-height: 20px;\"><\/div>\n<p style=\"font-size: 13px; color: #534438; line-height: 20px;\"><a style=\"color: #cc2979; text-decoration: none;\" href=\"http:\/\/www.international-bar.com\/jazz\/\">http:\/\/www.international-bar.com\/jazz\/<\/a><\/p>\n<\/td>\n<td valign=\"top\"><\/td>\n<\/tr>\n<\/tbody>\n<\/table>\n<\/td>\n<\/tr>\n<\/tbody>\n<\/table>\n<\/td>\n<\/tr>\n<\/tbody>\n<\/table>\n<table id=\"day_1432076400\" style=\"margin-top: 10px;\" width=\"100%\" cellspacing=\"0\" cellpadding=\"0\">\n<tbody>\n<tr style=\"background-color: #c20162; color: #fff;\">\n<td style=\"padding: 0; line-height: 1; height: 34px; overflow: hidden;\">\n<p style=\"width: 630px; padding-left: 30px; margin: 0; height: 34px; overflow: hidden; line-height: 34px;\"><a name=\"day_1432076400\"><\/a><strong>Wednesday <\/strong> 20 May<\/p>\n<\/td>\n<td>\n<p style=\"margin: 0; line-height: 34px; padding: 0; font-size: 13px;\"><a style=\"color: #fff; text-decoration: none;\" href=\"#dff_top\">back to top<\/a><\/p>\n<\/td>\n<td>\n<p style=\"margin: 0; padding: 0; font-size: 13px;\"><a style=\"color: #fff; text-decoration: none;\" href=\"#dff_top\"><img loading=\"lazy\" decoding=\"async\" src=\"http:\/\/dublineventguide.com\/dff\/admin\/images\/dividers\/date_toplink.png\" alt=\"Back to top\" width=\"38\" height=\"34\" \/><\/a><\/p>\n<\/td>\n<td width=\"50\"><\/td>\n<\/tr>\n<\/tbody>\n<\/table>\n<table width=\"100%\" cellspacing=\"0\" cellpadding=\"0\">\n<tbody>\n<tr>\n<td style=\"padding: 10px 30px;\">\n<table width=\"100%\" cellspacing=\"0\" cellpadding=\"0\">\n<tbody>\n<tr>\n<td valign=\"top\" width=\"52\"><img loading=\"lazy\" decoding=\"async\" src=\"http:\/\/dublineventguide.com\/dff\/admin\/images\/categories\/TALKS.png\" alt=\"\" width=\"32\" height=\"32\" \/><\/td>\n<td>\n<h2 style=\"font-size: 16px; color: #534438; margin: 0 0 5px; font-weight: normal;\">Carers for young people needed in the UK &#8211; Open Day<\/h2>\n<h3 style=\"font-size: 13px; margin: 0; padding: 0; line-height: 16px; color: #534438;\">09:00 &#8211; 17:00, Wed 20 May<\/h3>\n<p style=\"font-size: 13px; color: #534438; line-height: 20px; margin: 0; padding-top: 0;\">Academy Plaza Hotel, Findlater Place, Dublin 2<\/p>\n<table width=\"100%\" cellspacing=\"0\" cellpadding=\"0\">\n<tbody>\n<tr>\n<td valign=\"top\">\n<div style=\"font-size: 13px; color: #534438; line-height: 20px;\">\n<p style=\"margin: 10px 0;\">The &#8220;Cambian Dublin Careers Open Day for UK Carers&#8221; is a recruitment for residential carers for young people on Wednesday and Thursday.<\/p>\n<p style=\"margin: 10px 0;\">Do you feel you have the qualities to work with young people who have experienced challenges in their life? The Cambian Group is a leading provider of specialist services for young people who experience emotional and social difficulties.<\/p>\n<p style=\"margin: 10px 0;\">As a Residential Care Worker within this area, you&#8217;ll be responsible for providing day to day care for children with complex needs, supporting them in activities and education and generally helping them gain the most benefit from their time in our care.<\/p>\n<p style=\"margin: 10px 0;\">People with energy, patience, emotional resilience and dedication who genuinely wish to make a difference to a child&#8217;s life are needed. Previous experience is desired but not essential as training and mentoring will be provided, with a real opportunity to build a career and make a difference in children\u2019s lives.<\/p>\n<p style=\"margin: 10px 0;\">Staff Benefits: GBP 2000 towards accommodation, Free meals at work; Childcare vouchers; Employee discount scheme; Long service and recognition awards; Cycle to work scheme; Continuous professional development.<\/p>\n<p style=\"margin: 10px 0;\">Admission to this Open Day is free.<\/p>\n<\/div>\n<div style=\"font-size: 13px; color: #534438; line-height: 20px;\"><\/div>\n<p style=\"font-size: 13px; color: #534438; line-height: 20px;\"><a style=\"color: #cc2979; text-decoration: none;\" href=\"https:\/\/www.facebook.com\/events\/923534254354748\/\">https:\/\/www.facebook.com\/events\/923534254354748\/<\/a><\/p>\n<\/td>\n<td valign=\"top\"><\/td>\n<\/tr>\n<\/tbody>\n<\/table>\n<\/td>\n<\/tr>\n<\/tbody>\n<\/table>\n<\/td>\n<\/tr>\n<\/tbody>\n<\/table>\n<table width=\"100%\" cellspacing=\"0\" cellpadding=\"0\">\n<tbody>\n<tr>\n<td style=\"padding: 10px 30px;\">\n<table width=\"100%\" cellspacing=\"0\" cellpadding=\"0\">\n<tbody>\n<tr>\n<td valign=\"top\" width=\"52\"><img loading=\"lazy\" decoding=\"async\" src=\"http:\/\/dublineventguide.com\/dff\/admin\/images\/categories\/ACTIVITY.png\" alt=\"\" width=\"32\" height=\"32\" \/><\/td>\n<td>\n<h2 style=\"font-size: 16px; color: #534438; margin: 0 0 5px; font-weight: normal;\">Celtic Tree Trail &#8211; Walk<\/h2>\n<h3 style=\"font-size: 13px; margin: 0; padding: 0; line-height: 16px; color: #534438;\">11:00, Wed 20 May<\/h3>\n<p style=\"font-size: 13px; color: #534438; line-height: 20px; margin: 0; padding-top: 0;\">Phoenix Park Visitor Centre, Phoenix Park, Dublin 8<\/p>\n<table width=\"100%\" cellspacing=\"0\" cellpadding=\"0\">\n<tbody>\n<tr>\n<td valign=\"top\">\n<div style=\"font-size: 13px; color: #534438; line-height: 20px;\">\n<p style=\"margin: 10px 0;\">Come to this free Walk on the Celtic Tree Trail.<\/p>\n<p style=\"margin: 10px 0;\">The Celts believed each tree had its own personality and meaning. Learn about trees through history. Why are trees so important?<\/p>\n<p style=\"margin: 10px 0;\">Admission is free and no booking required. For more information please phone 01-6770095<\/p>\n<\/div>\n<div style=\"font-size: 13px; color: #534438; line-height: 20px;\"><\/div>\n<p style=\"font-size: 13px; color: #534438; line-height: 20px;\"><a style=\"color: #cc2979; text-decoration: none;\" href=\"http:\/\/www.phoenixpark.ie\/newsevents\/title,34031,en.html\">http:\/\/www.phoenixpark.ie\/newsevents\/title,34031,en.html<\/a><\/p>\n<\/td>\n<td valign=\"top\"><\/td>\n<\/tr>\n<\/tbody>\n<\/table>\n<\/td>\n<\/tr>\n<\/tbody>\n<\/table>\n<\/td>\n<\/tr>\n<\/tbody>\n<\/table>\n<table width=\"100%\" cellspacing=\"0\" cellpadding=\"0\">\n<tbody>\n<tr>\n<td style=\"padding: 10px 30px;\">\n<table width=\"100%\" cellspacing=\"0\" cellpadding=\"0\">\n<tbody>\n<tr>\n<td valign=\"top\" width=\"52\"><img loading=\"lazy\" decoding=\"async\" src=\"http:\/\/dublineventguide.com\/dff\/admin\/images\/categories\/TALKS.png\" alt=\"\" width=\"32\" height=\"32\" \/><\/td>\n<td>\n<h2 style=\"font-size: 16px; color: #534438; margin: 0 0 5px; font-weight: normal;\">National Gallery Talks<\/h2>\n<h3 style=\"font-size: 13px; margin: 0; padding: 0; line-height: 16px; color: #534438;\"><img loading=\"lazy\" decoding=\"async\" style=\"display: inline; float: left;\" src=\"http:\/\/dublineventguide.com\/dff\/admin\/images\/weekly.png\" alt=\"\" width=\"69\" height=\"16\" \/> 11:30 &#8211; 16:50, Wed 20 May<\/h3>\n<p style=\"font-size: 13px; color: #534438; line-height: 20px; margin: 0; padding-top: 0;\">National Gallery, Clare Street, Dublin 2<\/p>\n<table width=\"100%\" cellspacing=\"0\" cellpadding=\"0\">\n<tbody>\n<tr>\n<td valign=\"top\">\n<div style=\"font-size: 13px; color: #534438; line-height: 20px;\">\n<p style=\"margin: 10px 0;\">The National Gallery has an extensive programme of free talks, public tours and Art Documentary screenings focusing on highlights of the European and Irish Collection every day of the week. Check their website for details.<\/p>\n<\/div>\n<div style=\"font-size: 13px; color: #534438; line-height: 20px;\"><\/div>\n<p style=\"font-size: 13px; color: #534438; line-height: 20px;\"><a style=\"color: #cc2979; text-decoration: none;\" href=\"http:\/\/nationalgallery.ie\/whatson\">http:\/\/nationalgallery.ie\/whatson<\/a><\/p>\n<\/td>\n<td valign=\"top\"><\/td>\n<\/tr>\n<\/tbody>\n<\/table>\n<\/td>\n<\/tr>\n<\/tbody>\n<\/table>\n<\/td>\n<\/tr>\n<\/tbody>\n<\/table>\n<table width=\"100%\" cellspacing=\"0\" cellpadding=\"0\">\n<tbody>\n<tr>\n<td style=\"padding: 10px 30px;\">\n<table width=\"100%\" cellspacing=\"0\" cellpadding=\"0\">\n<tbody>\n<tr>\n<td valign=\"top\" width=\"52\"><img loading=\"lazy\" decoding=\"async\" src=\"http:\/\/dublineventguide.com\/dff\/admin\/images\/categories\/FILM.png\" alt=\"\" width=\"32\" height=\"32\" \/><\/td>\n<td>\n<h2 style=\"font-size: 16px; color: #534438; margin: 0 0 5px; font-weight: normal;\">Archive at Lunchtime &#8211; IFI<\/h2>\n<h3 style=\"font-size: 13px; margin: 0; padding: 0; line-height: 16px; color: #534438;\"><img loading=\"lazy\" decoding=\"async\" style=\"display: inline; float: left;\" src=\"http:\/\/dublineventguide.com\/dff\/admin\/images\/weekly.png\" alt=\"\" width=\"69\" height=\"16\" \/> 13:00, Wed 20 May<\/h3>\n<p style=\"font-size: 13px; color: #534438; line-height: 20px; margin: 0; padding-top: 0;\">Irish Film Institute, 6 Eustace Street, Temple Bar, Dublin 2<\/p>\n<table width=\"100%\" cellspacing=\"0\" cellpadding=\"0\">\n<tbody>\n<tr>\n<td valign=\"top\">\n<div style=\"font-size: 13px; color: #534438; line-height: 20px;\">\n<p>Archive at Lunchtime screenings take place Saturdays (Double Bill), Mondays and Wednesdays. The programme is changing weekly now (instead of monthly as in the past). To find out what film(s) will be screened go to <a style=\"color: #cc2979; text-decoration: none;\" href=\"http:\/\/www.ifi.ie\/whatson\/now-showing-coming-soon\/\">http:\/\/www.ifi.ie\/whatson\/now-showing-coming-soon\/<\/a> and look for &#8220;Archive at Lunchtime&#8221; on the right. Admission is free.<\/p>\n<\/div>\n<div style=\"font-size: 13px; color: #534438; line-height: 20px;\"><\/div>\n<p style=\"font-size: 13px; color: #534438; line-height: 20px;\"><a style=\"color: #cc2979; text-decoration: none;\" href=\"http:\/\/www.ifi.ie\/\">http:\/\/www.ifi.ie\/<\/a><\/p>\n<\/td>\n<td valign=\"top\"><\/td>\n<\/tr>\n<\/tbody>\n<\/table>\n<\/td>\n<\/tr>\n<\/tbody>\n<\/table>\n<\/td>\n<\/tr>\n<\/tbody>\n<\/table>\n<table width=\"100%\" cellspacing=\"0\" cellpadding=\"0\">\n<tbody>\n<tr>\n<td style=\"padding: 10px 30px;\">\n<table width=\"100%\" cellspacing=\"0\" cellpadding=\"0\">\n<tbody>\n<tr>\n<td valign=\"top\" width=\"52\"><img loading=\"lazy\" decoding=\"async\" src=\"http:\/\/dublineventguide.com\/dff\/admin\/images\/categories\/TALKS.png\" alt=\"\" width=\"32\" height=\"32\" \/><\/td>\n<td>\n<h2 style=\"font-size: 16px; color: #534438; margin: 0 0 5px; font-weight: normal;\">Gallery Talk: Karla Black<\/h2>\n<h3 style=\"font-size: 13px; margin: 0; padding: 0; line-height: 16px; color: #534438;\">13:15, Wed 20 May<\/h3>\n<p style=\"font-size: 13px; color: #534438; line-height: 20px; margin: 0; padding-top: 0;\">Irish Museum of Modern Art, Royal Hospital Kilmainham, Dublin 8<\/p>\n<table width=\"100%\" cellspacing=\"0\" cellpadding=\"0\">\n<tbody>\n<tr>\n<td valign=\"top\">\n<div style=\"font-size: 13px; color: #534438; line-height: 20px;\">\n<p style=\"margin: 10px 0;\">Karen Sweeney (Exhibitions, IMMA) leads a gallery talk on Karla Black&#8217;s dynamic new body of sculptural work created for the gallery spaces of IMMA. Black&#8217;s ideas, processes and unique sensibility with everyday materials will be explored.<\/p>\n<p style=\"margin: 10px 0;\">Admission is free, but booking is required via the website below.<\/p>\n<\/div>\n<div style=\"font-size: 13px; color: #534438; line-height: 20px;\"><\/div>\n<p style=\"font-size: 13px; color: #534438; line-height: 20px;\"><a style=\"color: #cc2979; text-decoration: none;\" href=\"http:\/\/www.imma.ie\/en\/page_236984.htm\">http:\/\/www.imma.ie\/en\/page_236984.htm<\/a><\/p>\n<\/td>\n<td valign=\"top\"><\/td>\n<\/tr>\n<\/tbody>\n<\/table>\n<\/td>\n<\/tr>\n<\/tbody>\n<\/table>\n<\/td>\n<\/tr>\n<\/tbody>\n<\/table>\n<table width=\"100%\" cellspacing=\"0\" cellpadding=\"0\">\n<tbody>\n<tr>\n<td style=\"padding: 10px 30px;\">\n<table width=\"100%\" cellspacing=\"0\" cellpadding=\"0\">\n<tbody>\n<tr>\n<td valign=\"top\" width=\"52\"><img loading=\"lazy\" decoding=\"async\" src=\"http:\/\/dublineventguide.com\/dff\/admin\/images\/categories\/ACTIVITY.png\" alt=\"\" width=\"32\" height=\"32\" \/><\/td>\n<td>\n<h2 style=\"font-size: 16px; color: #534438; margin: 0 0 5px; font-weight: normal;\">Bunting Workshop<\/h2>\n<h3 style=\"font-size: 13px; margin: 0; padding: 0; line-height: 16px; color: #534438;\">14:00 &#8211; 17:00, Wed 20 May<\/h3>\n<p style=\"font-size: 13px; color: #534438; line-height: 20px; margin: 0; padding-top: 0;\">The Constant Knitter, 88 Francis Street, Dublin 8<\/p>\n<table width=\"100%\" cellspacing=\"0\" cellpadding=\"0\">\n<tbody>\n<tr>\n<td valign=\"top\">\n<div style=\"font-size: 13px; color: #534438; line-height: 20px;\">\n<p style=\"margin: 10px 0;\">The Constant Knitter is hosting a free bunting workshop for Blooming Bunting.<\/p>\n<p style=\"margin: 10px 0;\">Would you like to donate bunting to the Blooming Bunting project but have no idea where to start? Do you have lots of fabrics but no sewing skills? Then this is the perfect creative session for you! All you need to do is bring your own scrap fabrics and nature inspired materials along to the Constant Knitter, and join expert designer, crafter, and facilitator Deirdre Harte who will show you how to create some Blooming Bunting.<\/p>\n<p style=\"margin: 10px 0;\">Admission is free, but booking is important via Rosemary on 087 996 7197 or info@theconstantknitter.ie<\/p>\n<p style=\"margin: 10px 0;\">Please note that the idea is that you donate the created bunting to Blooming Bunting. You won&#8217;t take it home with you. But you will take the newly learned skills with you! ;-)<\/p>\n<\/div>\n<div style=\"font-size: 13px; color: #534438; line-height: 20px;\"><\/div>\n<p style=\"font-size: 13px; color: #534438; line-height: 20px;\"><a style=\"color: #cc2979; text-decoration: none;\" href=\"https:\/\/www.facebook.com\/events\/1597951927137829\/\">https:\/\/www.facebook.com\/events\/1597951927137829\/<\/a><\/p>\n<\/td>\n<td valign=\"top\"><\/td>\n<\/tr>\n<\/tbody>\n<\/table>\n<\/td>\n<\/tr>\n<\/tbody>\n<\/table>\n<\/td>\n<\/tr>\n<\/tbody>\n<\/table>\n<table width=\"100%\" cellspacing=\"0\" cellpadding=\"0\">\n<tbody>\n<tr>\n<td style=\"padding: 10px 30px;\">\n<table width=\"100%\" cellspacing=\"0\" cellpadding=\"0\">\n<tbody>\n<tr>\n<td valign=\"top\" width=\"52\"><img loading=\"lazy\" decoding=\"async\" src=\"http:\/\/dublineventguide.com\/dff\/admin\/images\/categories\/ACTIVITY.png\" alt=\"\" width=\"32\" height=\"32\" \/><\/td>\n<td>\n<h2 style=\"font-size: 16px; color: #534438; margin: 0 0 5px; font-weight: normal;\">Havana International Language Exchange<\/h2>\n<h3 style=\"font-size: 13px; margin: 0; padding: 0; line-height: 16px; color: #534438;\"><img loading=\"lazy\" decoding=\"async\" style=\"display: inline; float: left;\" src=\"http:\/\/dublineventguide.com\/dff\/admin\/images\/weekly.png\" alt=\"\" width=\"69\" height=\"16\" \/> 16:30 &#8211; 19:30, Wed 20 May<\/h3>\n<p style=\"font-size: 13px; color: #534438; line-height: 20px; margin: 0; padding-top: 0;\">Havana Tapas Bar, Georges St, Dublin 2<\/p>\n<table width=\"100%\" cellspacing=\"0\" cellpadding=\"0\">\n<tbody>\n<tr>\n<td valign=\"top\">\n<div style=\"font-size: 13px; color: #534438; line-height: 20px;\">\n<p style=\"margin: 10px 0;\">The &#8220;Havana International Language Exchange&#8221; is taking place every Wed from 16:30-19:30 in Havana Tapas Bar in George&#8217;s Street. There are many Spanish speakers and English-speakers are explicitly invited, but everyone else is certainly very welcome too, to meet for a chat to improve your Spanish or English.<\/p>\n<\/div>\n<div style=\"font-size: 13px; color: #534438; line-height: 20px;\"><\/div>\n<p style=\"font-size: 13px; color: #534438; line-height: 20px;\"><a style=\"color: #cc2979; text-decoration: none;\" href=\"http:\/\/www.facebook.com\/pages\/Havana-Tapas-Bar\/10503361821\">http:\/\/www.facebook.com\/pages\/Havana-Tapas-Bar\/10503361821<\/a><\/p>\n<\/td>\n<td valign=\"top\"><\/td>\n<\/tr>\n<\/tbody>\n<\/table>\n<\/td>\n<\/tr>\n<\/tbody>\n<\/table>\n<\/td>\n<\/tr>\n<\/tbody>\n<\/table>\n<table width=\"100%\" cellspacing=\"0\" cellpadding=\"0\">\n<tbody>\n<tr>\n<td style=\"padding: 10px 30px;\">\n<table width=\"100%\" cellspacing=\"0\" cellpadding=\"0\">\n<tbody>\n<tr>\n<td valign=\"top\" width=\"52\"><img loading=\"lazy\" decoding=\"async\" src=\"http:\/\/dublineventguide.com\/dff\/admin\/images\/categories\/TALKS.png\" alt=\"\" width=\"32\" height=\"32\" \/><\/td>\n<td>\n<h2 style=\"font-size: 16px; color: #534438; margin: 0 0 5px; font-weight: normal;\">Austrralian-Irish Family History Talks<\/h2>\n<h3 style=\"font-size: 13px; margin: 0; padding: 0; line-height: 16px; color: #534438;\">18:00, Wed 20 May<\/h3>\n<p style=\"font-size: 13px; color: #534438; line-height: 20px; margin: 0; padding-top: 0;\">Robert Emmet Lecture Theatre, Room 2037, Arts Block, Trinity College Dublin, Dublin 2<\/p>\n<table width=\"100%\" cellspacing=\"0\" cellpadding=\"0\">\n<tbody>\n<tr>\n<td valign=\"top\">\n<div style=\"font-size: 13px; color: #534438; line-height: 20px;\">\n<p style=\"margin: 10px 0;\">An Australian Family History Seminar will take place in Trinity College Dulin with the folowing two talks:<\/p>\n<p>+ &#8220;Not Just Ned Kelly\u2019:the true story of the Irish in Australia, 1788 to 2011&#8221; by Richard Reid<br \/>\n+ &#8220;The infernal villain will be sent away&#8221; a convict case studies from the National Archives of Ireland by Perry McIntyre.<\/p>\n<p style=\"margin: 10px 0;\">Admission is free, but booking is required. All details about the event and the booking are on the website below.<\/p>\n<\/div>\n<div style=\"font-size: 13px; color: #534438; line-height: 20px;\"><\/div>\n<p style=\"font-size: 13px; color: #534438; line-height: 20px;\"><a style=\"color: #cc2979; text-decoration: none;\" href=\"http:\/\/www.eneclann.ie\/2015\/05\/expert-workshops-may-2015\/\">http:\/\/www.eneclann.ie\/2015\/05\/expert-workshops-may-2015\/<\/a><\/p>\n<\/td>\n<td valign=\"top\"><\/td>\n<\/tr>\n<\/tbody>\n<\/table>\n<\/td>\n<\/tr>\n<\/tbody>\n<\/table>\n<\/td>\n<\/tr>\n<\/tbody>\n<\/table>\n<table width=\"100%\" cellspacing=\"0\" cellpadding=\"0\">\n<tbody>\n<tr>\n<td style=\"padding: 10px 30px;\">\n<table width=\"100%\" cellspacing=\"0\" cellpadding=\"0\">\n<tbody>\n<tr>\n<td valign=\"top\" width=\"52\"><img loading=\"lazy\" decoding=\"async\" src=\"http:\/\/dublineventguide.com\/dff\/admin\/images\/categories\/MUSIC.png\" alt=\"\" width=\"32\" height=\"32\" \/><\/td>\n<td>\n<h2 style=\"font-size: 16px; color: #534438; margin: 0 0 5px; font-weight: normal;\">CMC Salon Concert<\/h2>\n<h3 style=\"font-size: 13px; margin: 0; padding: 0; line-height: 16px; color: #534438;\">18:00, Wed 20 May<\/h3>\n<p style=\"font-size: 13px; color: #534438; line-height: 20px; margin: 0; padding-top: 0;\">National Concert Hall, Earlsfort Terrace, Dublin 2<\/p>\n<table width=\"100%\" cellspacing=\"0\" cellpadding=\"0\">\n<tbody>\n<tr>\n<td valign=\"top\">\n<div style=\"font-size: 13px; color: #534438; line-height: 20px;\">\n<p style=\"margin: 10px 0;\">The next CMC Salon concert will be on Wednesday in the Kevin Barry Room of the National Concert Hall. Admission is free, but tickets are limited and need to be booked via the website below.<\/p>\n<p style=\"margin: 10px 0;\">The concert features Emma Llody (viola and viola d\u2019amore) and Matthew Whiteside (electronics).<\/p>\n<p>They will perform:<br \/>\nNew piece for viola d\u2019amore by Matthew Whiteside (Irish premiere)<br \/>\nGhosts by Ed Bennett for amplified viola d\u2019amore<br \/>\nDo You Remember the Planets\u2026? by Linda Buckley<\/p>\n<p style=\"margin: 10px 0;\">The Contemporary Music Centre\u2019s Salon series aims to encourage newcomers and enthusiasts alike to engage with the music of Irish composers. Each performance takes place in an informal atmosphere with dialogue encouraged between composers, performers and audience.<\/p>\n<\/div>\n<div style=\"font-size: 13px; color: #534438; line-height: 20px;\"><\/div>\n<p style=\"font-size: 13px; color: #534438; line-height: 20px;\"><a style=\"color: #cc2979; text-decoration: none;\" href=\"https:\/\/www.nch.ie\/Online\/Contemporary-Music-Centre-20May15\">https:\/\/www.nch.ie\/Online\/Contemporary-Music-Centre-20May15<\/a><\/p>\n<\/td>\n<td valign=\"top\"><\/td>\n<\/tr>\n<\/tbody>\n<\/table>\n<\/td>\n<\/tr>\n<\/tbody>\n<\/table>\n<\/td>\n<\/tr>\n<\/tbody>\n<\/table>\n<table width=\"100%\" cellspacing=\"0\" cellpadding=\"0\">\n<tbody>\n<tr>\n<td style=\"padding: 10px 30px;\">\n<table width=\"100%\" cellspacing=\"0\" cellpadding=\"0\">\n<tbody>\n<tr>\n<td valign=\"top\" width=\"52\"><img loading=\"lazy\" decoding=\"async\" src=\"http:\/\/dublineventguide.com\/dff\/admin\/images\/categories\/TALKS.png\" alt=\"\" width=\"32\" height=\"32\" \/><\/td>\n<td>\n<h2 style=\"font-size: 16px; color: #534438; margin: 0 0 5px; font-weight: normal;\">New Now Next: Andy Groarke &#8211; Architecture Talk<\/h2>\n<h3 style=\"font-size: 13px; margin: 0; padding: 0; line-height: 16px; color: #534438;\">18:00 &#8211; 21:00, Wed 20 May<\/h3>\n<p style=\"font-size: 13px; color: #534438; line-height: 20px; margin: 0; padding-top: 0;\">TCD Innovation Academy, 5 Foster Place, Dublin 2<\/p>\n<table width=\"100%\" cellspacing=\"0\" cellpadding=\"0\">\n<tbody>\n<tr>\n<td valign=\"top\">\n<div style=\"font-size: 13px; color: #534438; line-height: 20px;\">\n<p style=\"margin: 10px 0;\">NEWNOWNEXT is bringing world leading architects to Dublin to discuss innovative research, design and how we can go about transforming the built environment. The event series is organised by the Architecture Foundation.<\/p>\n<p style=\"margin: 10px 0;\">On 20 May, Andy Groarke from Carmody Groarke will talk. Find out more about his background and register for tickets on the Eventbrite website below,<\/p>\n<\/div>\n<div style=\"font-size: 13px; color: #534438; line-height: 20px;\"><\/div>\n<p style=\"font-size: 13px; color: #534438; line-height: 20px;\"><a style=\"color: #cc2979; text-decoration: none;\" href=\"https:\/\/www.eventbrite.ie\/e\/new-now-next-andy-groarke-tickets-5140072094?ref=devg\">https:\/\/www.eventbrite.ie\/e\/new-now-next-andy-groarke-tickets-5140072094?ref=devg<\/a><\/p>\n<\/td>\n<td valign=\"top\"><\/td>\n<\/tr>\n<\/tbody>\n<\/table>\n<\/td>\n<\/tr>\n<\/tbody>\n<\/table>\n<\/td>\n<\/tr>\n<\/tbody>\n<\/table>\n<table width=\"100%\" cellspacing=\"0\" cellpadding=\"0\">\n<tbody>\n<tr>\n<td style=\"padding: 10px 30px;\">\n<table width=\"100%\" cellspacing=\"0\" cellpadding=\"0\">\n<tbody>\n<tr>\n<td valign=\"top\" width=\"52\"><img loading=\"lazy\" decoding=\"async\" src=\"http:\/\/dublineventguide.com\/dff\/admin\/images\/categories\/TALKS.png\" alt=\"\" width=\"32\" height=\"32\" \/><\/td>\n<td>\n<h2 style=\"font-size: 16px; color: #534438; margin: 0 0 5px; font-weight: normal;\">14th Century Smithfield Decretals &#8211; Medieval Manuscripts Lecture<\/h2>\n<h3 style=\"font-size: 13px; margin: 0; padding: 0; line-height: 16px; color: #534438;\">18:30, Wed 20 May<\/h3>\n<p style=\"font-size: 13px; color: #534438; line-height: 20px; margin: 0; padding-top: 0;\">Trinity Long Room Hub, Fellows&#8217; Square, Trinity College, Dublin 2<\/p>\n<table width=\"100%\" cellspacing=\"0\" cellpadding=\"0\">\n<tbody>\n<tr>\n<td valign=\"top\">\n<div style=\"font-size: 13px; color: #534438; line-height: 20px;\">\n<p style=\"margin: 10px 0;\">The Centre for Medieval and Renaissance Studies Lecture Series continues with a lecture about Medieval Manuscripts: &#8220;Tales from the Margins of a 14th century London Lawbook: The Smithfield Decretals&#8221; by Dr Alixe Bovey (University of Kent).<\/p>\n<p style=\"margin: 10px 0;\">Admission is free.<\/p>\n<\/div>\n<div style=\"font-size: 13px; color: #534438; line-height: 20px;\"><\/div>\n<p style=\"font-size: 13px; color: #534438; line-height: 20px;\"><a style=\"color: #cc2979; text-decoration: none;\" href=\"http:\/\/www.tcd.ie\/trinitylongroomhub\/events\/details\/2014\/2014-12-03cmrs_lecture_series.php\">http:\/\/www.tcd.ie\/trinitylongroomhub\/events\/details\/2014\/2014-12-03cmrs_lecture_series.php<\/a><\/p>\n<\/td>\n<td valign=\"top\"><\/td>\n<\/tr>\n<\/tbody>\n<\/table>\n<\/td>\n<\/tr>\n<\/tbody>\n<\/table>\n<\/td>\n<\/tr>\n<\/tbody>\n<\/table>\n<table width=\"100%\" cellspacing=\"0\" cellpadding=\"0\">\n<tbody>\n<tr>\n<td style=\"padding: 10px 30px;\">\n<table width=\"100%\" cellspacing=\"0\" cellpadding=\"0\">\n<tbody>\n<tr>\n<td valign=\"top\" width=\"52\"><img loading=\"lazy\" decoding=\"async\" src=\"http:\/\/dublineventguide.com\/dff\/admin\/images\/categories\/LITERATURE.png\" alt=\"\" width=\"32\" height=\"32\" \/><\/td>\n<td>\n<h2 style=\"font-size: 16px; color: #534438; margin: 0 0 5px; font-weight: normal;\">Words on the Street &#8211; European Literature Night<\/h2>\n<h3 style=\"font-size: 13px; margin: 0; padding: 0; line-height: 16px; color: #534438;\">18:30 &#8211; 20:30, Wed 20 May<\/h3>\n<p style=\"font-size: 13px; color: #534438; line-height: 20px; margin: 0; padding-top: 0;\">Dublin (various locations)<\/p>\n<table width=\"100%\" cellspacing=\"0\" cellpadding=\"0\">\n<tbody>\n<tr>\n<td valign=\"top\">\n<div style=\"font-size: 13px; color: #534438; line-height: 20px;\">\n<p style=\"margin: 10px 0;\">On European Literature Night try a taste of contemporary European writing on a literary trail around architectural gems in the area around around Parnell Square to North Great George\u2019s Street.<\/p>\n<p style=\"margin: 10px 0;\">Listen to the best modern writing from 12 countries read by Stephen Jones (actor), Philip O&#8217;Sullivan (actor), S\u00edle Seoige (TV presenter), Lottie Ryan (Radio and TV presenter), Mary McEvoy (actor), Rick O&#8217;Shea (2FM DJ), Mary Kennedy (TV presenter), Peter Sheridan (actor), Don Wycerley (actor), Aidan Power (TV presenter) and Alexander McCall Smith (International bestselling author) will read in places such as Dublin City Gallery The Hugh Lane, Darc Space Gallery, Dublin Writers Museum, Irish Writers Centre, Club na M\u00fainteoir\u00ed, James Joyce Centre, ICTU Headquarters, The Cobalt Caf\u00e9, Belvedere College, The Old Music Shop Restaurant, Belvdere House and the Abbey Presbyterian Church (Findlater&#8217;s Church).<\/p>\n<p style=\"margin: 10px 0;\">Each reading is 15 minutes long and is translated into English. Every reading will be repeated every 30 minute (on the hour and on the half hour) with the last reading at 20:30.<\/p>\n<p>You can download the programme in PDF format<a style=\"color: #cc2979; text-decoration: none;\" href=\"http:\/\/dublincityofliterature.ie\/images\/words%20on%20the%20street%202015.pdf\" target=\"_blank\"> here<\/a> or pick up a programme from local libraries, venues and tourist offices.<\/p>\n<p style=\"margin: 10px 0;\">Admission is free.<\/p>\n<\/div>\n<div style=\"font-size: 13px; color: #534438; line-height: 20px;\"><\/div>\n<p style=\"font-size: 13px; color: #534438; line-height: 20px;\"><a style=\"color: #cc2979; text-decoration: none;\" href=\"http:\/\/dublincityofliterature.ie\/highlights.html#wordsonthestreeteuropeanliteraturenight\">http:\/\/dublincityofliterature.ie\/highlights.html#wordsonthestreeteuropeanliteraturenight<\/a><\/p>\n<\/td>\n<td valign=\"top\"><\/td>\n<\/tr>\n<\/tbody>\n<\/table>\n<\/td>\n<\/tr>\n<\/tbody>\n<\/table>\n<\/td>\n<\/tr>\n<\/tbody>\n<\/table>\n<table width=\"100%\" cellspacing=\"0\" cellpadding=\"0\">\n<tbody>\n<tr>\n<td style=\"padding: 10px 30px;\">\n<table width=\"100%\" cellspacing=\"0\" cellpadding=\"0\">\n<tbody>\n<tr>\n<td valign=\"top\" width=\"52\"><img loading=\"lazy\" decoding=\"async\" src=\"http:\/\/dublineventguide.com\/dff\/admin\/images\/categories\/TALKS.png\" alt=\"\" width=\"32\" height=\"32\" \/><\/td>\n<td>\n<h2 style=\"font-size: 16px; color: #534438; margin: 0 0 5px; font-weight: normal;\">Women\u2019s Magazines and Everyday Life in 1960s Ireland &#8211; Talk<\/h2>\n<h3 style=\"font-size: 13px; margin: 0; padding: 0; line-height: 16px; color: #534438;\">19:00, Wed 20 May<\/h3>\n<p style=\"font-size: 13px; color: #534438; line-height: 20px; margin: 0; padding-top: 0;\">National Library, Kildare Street, Dublin 2<\/p>\n<table width=\"100%\" cellspacing=\"0\" cellpadding=\"0\">\n<tbody>\n<tr>\n<td valign=\"top\">\n<div style=\"font-size: 13px; color: #534438; line-height: 20px;\">\n<p style=\"margin: 10px 0;\">The lecture &#8220;Publishing Values? Women\u2019s Magazines and Everyday Life in 1960s Ireland&#8221; with Dr Ciara Meehan (Senior Lecturer in History &amp; Associate Programme Tutor for Humanities, School of Humanities, University of Hertfordshire) will explore the representation and expectations of Irish women in the 1960s as seen through the pages of women&#8217;s magazines in the NLI\u2019s collections.<\/p>\n<p style=\"margin: 10px 0;\">Manuals on how to be a good wife had been widely available in Ireland at the start of the twentieth century. In the 1960s, women\u2019s magazines began to replace the traditional manual as a source for guidance. The message, driven by the advertisers, was clear: a \u2018good wife\u2019 was not just beautifully presented, but also used all the latest \u2018modern\u2019 devices. Her home \u2013 especially the kitchen \u2013 was an extension of her appearance and reputation. \u2018Modern life\u2019 and \u2018modern wife\u2019 became blended into the one ideal.<\/p>\n<p style=\"margin: 10px 0;\">Ciara Meehan is curator of the Modern Wife, Modern Life exhibition, which will open at the National Print Museum of Ireland in July 2015.<\/p>\n<p style=\"margin: 10px 0;\">Admission is free, booking not required.<\/p>\n<\/div>\n<div style=\"font-size: 13px; color: #534438; line-height: 20px;\"><\/div>\n<p style=\"font-size: 13px; color: #534438; line-height: 20px;\"><a style=\"color: #cc2979; text-decoration: none;\" href=\"http:\/\/www.nli.ie\/en\/list\/current-events.aspx\">http:\/\/www.nli.ie\/en\/list\/current-events.aspx<\/a><\/p>\n<\/td>\n<td valign=\"top\"><\/td>\n<\/tr>\n<\/tbody>\n<\/table>\n<\/td>\n<\/tr>\n<\/tbody>\n<\/table>\n<\/td>\n<\/tr>\n<\/tbody>\n<\/table>\n<table width=\"100%\" cellspacing=\"0\" cellpadding=\"0\">\n<tbody>\n<tr>\n<td style=\"padding: 10px 30px;\">\n<table width=\"100%\" cellspacing=\"0\" cellpadding=\"0\">\n<tbody>\n<tr>\n<td valign=\"top\" width=\"52\"><img loading=\"lazy\" decoding=\"async\" src=\"http:\/\/dublineventguide.com\/dff\/admin\/images\/categories\/MUSIC.png\" alt=\"\" width=\"32\" height=\"32\" \/><\/td>\n<td>\n<h2 style=\"font-size: 16px; color: #534438; margin: 0 0 5px; font-weight: normal;\">King Kong Club<\/h2>\n<h3 style=\"font-size: 13px; margin: 0; padding: 0; line-height: 16px; color: #534438;\"><img loading=\"lazy\" decoding=\"async\" style=\"display: inline; float: left;\" src=\"http:\/\/dublineventguide.com\/dff\/admin\/images\/weekly.png\" alt=\"\" width=\"69\" height=\"16\" \/> 20:00, Wed 20 May<\/h3>\n<p style=\"font-size: 13px; color: #534438; line-height: 20px; margin: 0; padding-top: 0;\">Mercantile, 28 Dame Street, Dublin 2<\/p>\n<table width=\"100%\" cellspacing=\"0\" cellpadding=\"0\">\n<tbody>\n<tr>\n<td valign=\"top\">\n<div style=\"font-size: 13px; color: #534438; line-height: 20px;\">\n<p style=\"margin: 10px 0;\">The King Kong Club is a weekly music game-show in the Mercantile. Each week 6-7 bands\/solo artists play three songs each. At the end of all the performances a clap-off with the King Kong Club Clap-o-Meter takes place and the winner goes through to a semi-final and it all culminates after six months of competition with The Grand Final, held in front of a panel of celebrity judges.<\/p>\n<p style=\"margin: 10px 0;\">Check the Facebook Page below for the line-up.<\/p>\n<\/div>\n<div style=\"font-size: 13px; color: #534438; line-height: 20px;\"><\/div>\n<p style=\"font-size: 13px; color: #534438; line-height: 20px;\"><a style=\"color: #cc2979; text-decoration: none;\" href=\"https:\/\/www.facebook.com\/TheKingKongClubDublin\">https:\/\/www.facebook.com\/TheKingKongClubDublin<\/a><\/p>\n<\/td>\n<td valign=\"top\"><\/td>\n<\/tr>\n<\/tbody>\n<\/table>\n<\/td>\n<\/tr>\n<\/tbody>\n<\/table>\n<\/td>\n<\/tr>\n<\/tbody>\n<\/table>\n<table width=\"100%\" cellspacing=\"0\" cellpadding=\"0\">\n<tbody>\n<tr>\n<td style=\"padding: 10px 30px;\">\n<table width=\"100%\" cellspacing=\"0\" cellpadding=\"0\">\n<tbody>\n<tr>\n<td valign=\"top\" width=\"52\"><img loading=\"lazy\" decoding=\"async\" src=\"http:\/\/dublineventguide.com\/dff\/admin\/images\/categories\/COMEDY.png\" alt=\"\" width=\"32\" height=\"32\" \/><\/td>\n<td>\n<h2 style=\"font-size: 16px; color: #534438; margin: 0 0 5px; font-weight: normal;\">Anseo Comedy Club<\/h2>\n<h3 style=\"font-size: 13px; margin: 0; padding: 0; line-height: 16px; color: #534438;\"><img loading=\"lazy\" decoding=\"async\" style=\"display: inline; float: left;\" src=\"http:\/\/dublineventguide.com\/dff\/admin\/images\/weekly.png\" alt=\"\" width=\"69\" height=\"16\" \/> 20:30, Wed 20 May<\/h3>\n<p style=\"font-size: 13px; color: #534438; line-height: 20px; margin: 0; padding-top: 0;\">Anseo, 18 Camden Street Lower, Dublin 2<\/p>\n<table width=\"100%\" cellspacing=\"0\" cellpadding=\"0\">\n<tbody>\n<tr>\n<td valign=\"top\">\n<div style=\"font-size: 13px; color: #534438; line-height: 20px;\">\n<p style=\"margin: 10px 0;\">The Anseo Comedy Club, run by comedian Aidan Killian, takes place every Wednesday in Anseo (upstairs).<\/p>\n<p style=\"margin: 10px 0;\">Admission is free, donations are welcome.<\/p>\n<\/div>\n<div style=\"font-size: 13px; color: #534438; line-height: 20px;\"><\/div>\n<p style=\"font-size: 13px; color: #534438; line-height: 20px;\"><a style=\"color: #cc2979; text-decoration: none;\" href=\"https:\/\/www.facebook.com\/StandUpComedyClub\">https:\/\/www.facebook.com\/StandUpComedyClub<\/a><\/p>\n<\/td>\n<td valign=\"top\"><\/td>\n<\/tr>\n<\/tbody>\n<\/table>\n<\/td>\n<\/tr>\n<\/tbody>\n<\/table>\n<\/td>\n<\/tr>\n<\/tbody>\n<\/table>\n<table width=\"100%\" cellspacing=\"0\" cellpadding=\"0\">\n<tbody>\n<tr>\n<td style=\"padding: 10px 30px;\">\n<table width=\"100%\" cellspacing=\"0\" cellpadding=\"0\">\n<tbody>\n<tr>\n<td valign=\"top\" width=\"52\"><img loading=\"lazy\" decoding=\"async\" src=\"http:\/\/dublineventguide.com\/dff\/admin\/images\/categories\/MUSIC.png\" alt=\"\" width=\"32\" height=\"32\" \/><\/td>\n<td>\n<h2 style=\"font-size: 16px; color: #534438; margin: 0 0 5px; font-weight: normal;\">The Song Room (open mic)<\/h2>\n<h3 style=\"font-size: 13px; margin: 0; padding: 0; line-height: 16px; color: #534438;\"><img loading=\"lazy\" decoding=\"async\" style=\"display: inline; float: left;\" src=\"http:\/\/dublineventguide.com\/dff\/admin\/images\/weekly.png\" alt=\"\" width=\"69\" height=\"16\" \/> 20:30, Wed 20 May<\/h3>\n<p style=\"font-size: 13px; color: #534438; line-height: 20px; margin: 0; padding-top: 0;\">The Globe, 11 South Great George&#8217;s Street, Dublin 2<\/p>\n<table width=\"100%\" cellspacing=\"0\" cellpadding=\"0\">\n<tbody>\n<tr>\n<td valign=\"top\">\n<div style=\"font-size: 13px; color: #534438; line-height: 20px;\">\n<p style=\"margin: 10px 0;\">&#8220;The Song Room&#8221; is another open mic event. It takes place in The Globe in George&#8217;s Street at 20:30 every Wednesday.<\/p>\n<\/div>\n<div style=\"font-size: 13px; color: #534438; line-height: 20px;\"><\/div>\n<p style=\"font-size: 13px; color: #534438; line-height: 20px;\"><a style=\"color: #cc2979; text-decoration: none;\" href=\"http:\/\/www.theglobe.ie\/events\">http:\/\/www.theglobe.ie\/events<\/a><\/p>\n<\/td>\n<td valign=\"top\"><\/td>\n<\/tr>\n<\/tbody>\n<\/table>\n<\/td>\n<\/tr>\n<\/tbody>\n<\/table>\n<\/td>\n<\/tr>\n<\/tbody>\n<\/table>\n<table width=\"100%\" cellspacing=\"0\" cellpadding=\"0\">\n<tbody>\n<tr>\n<td style=\"padding: 10px 30px;\">\n<table width=\"100%\" cellspacing=\"0\" cellpadding=\"0\">\n<tbody>\n<tr>\n<td valign=\"top\" width=\"52\"><img loading=\"lazy\" decoding=\"async\" src=\"http:\/\/dublineventguide.com\/dff\/admin\/images\/categories\/MUSIC.png\" alt=\"\" width=\"32\" height=\"32\" \/><\/td>\n<td>\n<h2 style=\"font-size: 16px; color: #534438; margin: 0 0 5px; font-weight: normal;\">The Zodiac Sessions (open mic)<\/h2>\n<h3 style=\"font-size: 13px; margin: 0; padding: 0; line-height: 16px; color: #534438;\"><img loading=\"lazy\" decoding=\"async\" style=\"display: inline; float: left;\" src=\"http:\/\/dublineventguide.com\/dff\/admin\/images\/weekly.png\" alt=\"\" width=\"69\" height=\"16\" \/> 20:30, Wed 20 May<\/h3>\n<p style=\"font-size: 13px; color: #534438; line-height: 20px; margin: 0; padding-top: 0;\">Bruxelles, Harry Street, Dublin 2<\/p>\n<table width=\"100%\" cellspacing=\"0\" cellpadding=\"0\">\n<tbody>\n<tr>\n<td valign=\"top\">\n<div style=\"font-size: 13px; color: #534438; line-height: 20px;\">\n<p style=\"margin: 10px 0;\">&#8220;The Zodiac Sessions&#8221; is a regular open mic event from 20:30 in Bruxelles (between Grafton Street and Westbury Hotel) for unsigned musicians. Admission is free and there is a different line-up every week.<\/p>\n<\/div>\n<div style=\"font-size: 13px; color: #534438; line-height: 20px;\"><\/div>\n<p style=\"font-size: 13px; color: #534438; line-height: 20px;\"><a style=\"color: #cc2979; text-decoration: none;\" href=\"https:\/\/www.facebook.com\/zodiacsessions\">https:\/\/www.facebook.com\/zodiacsessions<\/a><\/p>\n<\/td>\n<td valign=\"top\"><\/td>\n<\/tr>\n<\/tbody>\n<\/table>\n<\/td>\n<\/tr>\n<\/tbody>\n<\/table>\n<\/td>\n<\/tr>\n<\/tbody>\n<\/table>\n<table width=\"100%\" cellspacing=\"0\" cellpadding=\"0\">\n<tbody>\n<tr>\n<td style=\"padding: 10px 30px;\">\n<table width=\"100%\" cellspacing=\"0\" cellpadding=\"0\">\n<tbody>\n<tr>\n<td valign=\"top\" width=\"52\"><img loading=\"lazy\" decoding=\"async\" src=\"http:\/\/dublineventguide.com\/dff\/admin\/images\/categories\/MUSIC.png\" alt=\"\" width=\"32\" height=\"32\" \/><\/td>\n<td>\n<h2 style=\"font-size: 16px; color: #534438; margin: 0 0 5px; font-weight: normal;\">Bad Boy Jake<\/h2>\n<h3 style=\"font-size: 13px; margin: 0; padding: 0; line-height: 16px; color: #534438;\"><img loading=\"lazy\" decoding=\"async\" style=\"display: inline; float: left;\" src=\"http:\/\/dublineventguide.com\/dff\/admin\/images\/weekly.png\" alt=\"\" width=\"69\" height=\"16\" \/> 21:00, Wed 20 May<\/h3>\n<p style=\"font-size: 13px; color: #534438; line-height: 20px; margin: 0; padding-top: 0;\">Gypsy Rose Blues &amp; Rock Bar, 5 Aston Quay, Temple Bar, Dublin 2<\/p>\n<table width=\"100%\" cellspacing=\"0\" cellpadding=\"0\">\n<tbody>\n<tr>\n<td valign=\"top\">\n<div style=\"font-size: 13px; color: #534438; line-height: 20px;\">\n<p style=\"margin: 10px 0;\">Bad Boy Jake are every Wednesday in the Gypsy Rose Rock &amp; Blues Bar playing their rock, blues and American.<\/p>\n<\/div>\n<div style=\"font-size: 13px; color: #534438; line-height: 20px;\"><\/div>\n<p style=\"font-size: 13px; color: #534438; line-height: 20px;\"><a style=\"color: #cc2979; text-decoration: none;\" href=\"http:\/\/www.dublinsessions.ie\/gypsy.html\">http:\/\/www.dublinsessions.ie\/gypsy.html<\/a><\/p>\n<\/td>\n<td valign=\"top\"><\/td>\n<\/tr>\n<\/tbody>\n<\/table>\n<\/td>\n<\/tr>\n<\/tbody>\n<\/table>\n<\/td>\n<\/tr>\n<\/tbody>\n<\/table>\n<table width=\"100%\" cellspacing=\"0\" cellpadding=\"0\">\n<tbody>\n<tr>\n<td style=\"padding: 10px 30px;\">\n<table width=\"100%\" cellspacing=\"0\" cellpadding=\"0\">\n<tbody>\n<tr>\n<td valign=\"top\" width=\"52\"><img loading=\"lazy\" decoding=\"async\" src=\"http:\/\/dublineventguide.com\/dff\/admin\/images\/categories\/COMEDY.png\" alt=\"\" width=\"32\" height=\"32\" \/><\/td>\n<td>\n<h2 style=\"font-size: 16px; color: #534438; margin: 0 0 5px; font-weight: normal;\">Inn Jokes &#8211; Comedy Club<\/h2>\n<h3 style=\"font-size: 13px; margin: 0; padding: 0; line-height: 16px; color: #534438;\">21:00, Wed 20 May<\/h3>\n<p style=\"font-size: 13px; color: #534438; line-height: 20px; margin: 0; padding-top: 0;\">Patriot&#8217;s Inn, 760 South Circular Road, Kilmainham, Dublin 8<\/p>\n<table width=\"100%\" cellspacing=\"0\" cellpadding=\"0\">\n<tbody>\n<tr>\n<td valign=\"top\">\n<div style=\"font-size: 13px; color: #534438; line-height: 20px;\">\n<p style=\"margin: 10px 0;\">The next Inn Jokes Comedy Night will take place on Wednesday. The line-up is headed by a secret Special Guest and there will be Johnny Candon and Alan Hurley.<\/p>\n<p style=\"margin: 10px 0;\">Admission is free.<\/p>\n<\/div>\n<div style=\"font-size: 13px; color: #534438; line-height: 20px;\"><\/div>\n<p style=\"font-size: 13px; color: #534438; line-height: 20px;\"><a style=\"color: #cc2979; text-decoration: none;\" href=\"http:\/\/www.innjokes.com\/\">http:\/\/www.innjokes.com\/<\/a><\/p>\n<\/td>\n<td valign=\"top\"><\/td>\n<\/tr>\n<\/tbody>\n<\/table>\n<\/td>\n<\/tr>\n<\/tbody>\n<\/table>\n<\/td>\n<\/tr>\n<\/tbody>\n<\/table>\n<table width=\"100%\" cellspacing=\"0\" cellpadding=\"0\">\n<tbody>\n<tr>\n<td style=\"padding: 10px 30px;\">\n<table width=\"100%\" cellspacing=\"0\" cellpadding=\"0\">\n<tbody>\n<tr>\n<td valign=\"top\" width=\"52\"><img loading=\"lazy\" decoding=\"async\" src=\"http:\/\/dublineventguide.com\/dff\/admin\/images\/categories\/MUSIC.png\" alt=\"\" width=\"32\" height=\"32\" \/><\/td>\n<td>\n<h2 style=\"font-size: 16px; color: #534438; margin: 0 0 5px; font-weight: normal;\">Los Paradiso &#8211; Gig<\/h2>\n<h3 style=\"font-size: 13px; margin: 0; padding: 0; line-height: 16px; color: #534438;\">21:00, Wed 20 May<\/h3>\n<p style=\"font-size: 13px; color: #534438; line-height: 20px; margin: 0; padding-top: 0;\">Leeson Lounge, 148 Upper Leeson Street, Dublin 4<\/p>\n<table width=\"100%\" cellspacing=\"0\" cellpadding=\"0\">\n<tbody>\n<tr>\n<td valign=\"top\">\n<div style=\"font-size: 13px; color: #534438; line-height: 20px;\">\n<p style=\"margin: 10px 0;\">Los Paradiso are playing Rockabilly, Tex Mex, Western Swing, Surf in the Leeson Lounge. Admission is free, but donations are appreciated.<\/p>\n<\/div>\n<div style=\"font-size: 13px; color: #534438; line-height: 20px;\"><\/div>\n<p style=\"font-size: 13px; color: #534438; line-height: 20px;\"><a style=\"color: #cc2979; text-decoration: none;\" href=\"https:\/\/www.facebook.com\/pages\/The-Leeson-Lounge\/114810058553792\">https:\/\/www.facebook.com\/pages\/The-Leeson-Lounge\/114810058553792<\/a><\/p>\n<\/td>\n<td valign=\"top\"><\/td>\n<\/tr>\n<\/tbody>\n<\/table>\n<\/td>\n<\/tr>\n<\/tbody>\n<\/table>\n<\/td>\n<\/tr>\n<\/tbody>\n<\/table>\n<table width=\"100%\" cellspacing=\"0\" cellpadding=\"0\">\n<tbody>\n<tr>\n<td style=\"padding: 10px 30px;\">\n<table width=\"100%\" cellspacing=\"0\" cellpadding=\"0\">\n<tbody>\n<tr>\n<td valign=\"top\" width=\"52\"><img loading=\"lazy\" decoding=\"async\" src=\"http:\/\/dublineventguide.com\/dff\/admin\/images\/categories\/MUSIC.png\" alt=\"\" width=\"32\" height=\"32\" \/><\/td>\n<td>\n<h2 style=\"font-size: 16px; color: #534438; margin: 0 0 5px; font-weight: normal;\">Jazz Pigs &#8211; Gig<\/h2>\n<h3 style=\"font-size: 13px; margin: 0; padding: 0; line-height: 16px; color: #534438;\"><img loading=\"lazy\" decoding=\"async\" style=\"display: inline; float: left;\" src=\"http:\/\/dublineventguide.com\/dff\/admin\/images\/weekly.png\" alt=\"\" width=\"69\" height=\"16\" \/> 21:30, Wed 20 May<\/h3>\n<p style=\"font-size: 13px; color: #534438; line-height: 20px; margin: 0; padding-top: 0;\">4 Dame Lane, Dame Lane, Dublin 2<\/p>\n<table width=\"100%\" cellspacing=\"0\" cellpadding=\"0\">\n<tbody>\n<tr>\n<td valign=\"top\">\n<div style=\"font-size: 13px; color: #534438; line-height: 20px;\">\n<p style=\"margin: 10px 0;\">The Jazz Pigs with a classic multi-brass front line play a mix of Lounge, lively sixties Jazz and driving Funk. Every Wednesday downstairs in 4 Dame Lane. Admission is free.<\/p>\n<\/div>\n<div style=\"font-size: 13px; color: #534438; line-height: 20px;\"><\/div>\n<p style=\"font-size: 13px; color: #534438; line-height: 20px;\"><a style=\"color: #cc2979; text-decoration: none;\" href=\"https:\/\/www.facebook.com\/dublinjazzpigs\">https:\/\/www.facebook.com\/dublinjazzpigs<\/a><\/p>\n<\/td>\n<td valign=\"top\"><\/td>\n<\/tr>\n<\/tbody>\n<\/table>\n<\/td>\n<\/tr>\n<\/tbody>\n<\/table>\n<\/td>\n<\/tr>\n<\/tbody>\n<\/table>\n<table width=\"100%\" cellspacing=\"0\" cellpadding=\"0\">\n<tbody>\n<tr>\n<td style=\"padding: 10px 30px;\">\n<table width=\"100%\" cellspacing=\"0\" cellpadding=\"0\">\n<tbody>\n<tr>\n<td valign=\"top\" width=\"52\"><img loading=\"lazy\" decoding=\"async\" src=\"http:\/\/dublineventguide.com\/dff\/admin\/images\/categories\/MUSIC.png\" alt=\"\" width=\"32\" height=\"32\" \/><\/td>\n<td>\n<h2 style=\"font-size: 16px; color: #534438; margin: 0 0 5px; font-weight: normal;\">Trad Session<\/h2>\n<h3 style=\"font-size: 13px; margin: 0; padding: 0; line-height: 16px; color: #534438;\"><img loading=\"lazy\" decoding=\"async\" style=\"display: inline; float: left;\" src=\"http:\/\/dublineventguide.com\/dff\/admin\/images\/weekly.png\" alt=\"\" width=\"69\" height=\"16\" \/> 21:30, Wed 20 May<\/h3>\n<p style=\"font-size: 13px; color: #534438; line-height: 20px; margin: 0; padding-top: 0;\">Hedigan&#8217;s (The Brian Boru), 4 Prospect Road, Phibsborough, Dublin 11<\/p>\n<table width=\"100%\" cellspacing=\"0\" cellpadding=\"0\">\n<tbody>\n<tr>\n<td valign=\"top\">\n<div style=\"font-size: 13px; color: #534438; line-height: 20px;\">\n<p style=\"margin: 10px 0;\">Traditional Irish Music Session in Hedigan&#8217;s (The Brian Boru) in Phibsborough from 21:30 every Wednesday. If you play an instrument you are especially welcome (all levels are welcome).<\/p>\n<\/div>\n<div style=\"font-size: 13px; color: #534438; line-height: 20px;\"><\/div>\n<\/td>\n<td valign=\"top\"><\/td>\n<\/tr>\n<\/tbody>\n<\/table>\n<\/td>\n<\/tr>\n<\/tbody>\n<\/table>\n<\/td>\n<\/tr>\n<\/tbody>\n<\/table>\n<table id=\"day_1432162800\" style=\"margin-top: 10px;\" width=\"100%\" cellspacing=\"0\" cellpadding=\"0\">\n<tbody>\n<tr style=\"background-color: #c20162; color: #fff;\">\n<td style=\"padding: 0; line-height: 1; height: 34px; overflow: hidden;\">\n<p style=\"width: 630px; padding-left: 30px; margin: 0; height: 34px; overflow: hidden; line-height: 34px;\"><a name=\"day_1432162800\"><\/a><strong>Thursday <\/strong> 21 May<\/p>\n<\/td>\n<td>\n<p style=\"margin: 0; line-height: 34px; padding: 0; font-size: 13px;\"><a style=\"color: #fff; text-decoration: none;\" href=\"#dff_top\">back to top<\/a><\/p>\n<\/td>\n<td>\n<p style=\"margin: 0; padding: 0; font-size: 13px;\"><a style=\"color: #fff; text-decoration: none;\" href=\"#dff_top\"><img loading=\"lazy\" decoding=\"async\" src=\"http:\/\/dublineventguide.com\/dff\/admin\/images\/dividers\/date_toplink.png\" alt=\"Back to top\" width=\"38\" height=\"34\" \/><\/a><\/p>\n<\/td>\n<td width=\"50\"><\/td>\n<\/tr>\n<\/tbody>\n<\/table>\n<table width=\"100%\" cellspacing=\"0\" cellpadding=\"0\">\n<tbody>\n<tr>\n<td style=\"padding: 10px 30px;\">\n<table width=\"100%\" cellspacing=\"0\" cellpadding=\"0\">\n<tbody>\n<tr>\n<td valign=\"top\" width=\"52\"><img loading=\"lazy\" decoding=\"async\" src=\"http:\/\/dublineventguide.com\/dff\/admin\/images\/categories\/TALKS.png\" alt=\"\" width=\"32\" height=\"32\" \/><\/td>\n<td>\n<h2 style=\"font-size: 16px; color: #534438; margin: 0 0 5px; font-weight: normal;\">Carers for young people needed in the UK &#8211; Open Day<\/h2>\n<h3 style=\"font-size: 13px; margin: 0; padding: 0; line-height: 16px; color: #534438;\">09:00 &#8211; 17:00, Thu 21 May<\/h3>\n<p style=\"font-size: 13px; color: #534438; line-height: 20px; margin: 0; padding-top: 0;\">Academy Plaza Hotel, Findlater Place, Dublin 2<\/p>\n<table width=\"100%\" cellspacing=\"0\" cellpadding=\"0\">\n<tbody>\n<tr>\n<td valign=\"top\">\n<div style=\"font-size: 13px; color: #534438; line-height: 20px;\">\n<p style=\"margin: 10px 0;\">The &#8220;Cambian Dublin Careers Open Day for UK Carers&#8221; is a recruitment for residential carers for young people on Wednesday and Thursday.<\/p>\n<p style=\"margin: 10px 0;\">Do you feel you have the qualities to work with young people who have experienced challenges in their life? The Cambian Group is a leading provider of specialist services for young people who experience emotional and social difficulties.<\/p>\n<p style=\"margin: 10px 0;\">As a Residential Care Worker within this area, you&#8217;ll be responsible for providing day to day care for children with complex needs, supporting them in activities and education and generally helping them gain the most benefit from their time in our care.<\/p>\n<p style=\"margin: 10px 0;\">People with energy, patience, emotional resilience and dedication who genuinely wish to make a difference to a child&#8217;s life are needed. Previous experience is desired but not essential as training and mentoring will be provided, with a real opportunity to build a career and make a difference in children\u2019s lives.<\/p>\n<p style=\"margin: 10px 0;\">Staff Benefits: GBP 2000 towards accommodation, Free meals at work; Childcare vouchers; Employee discount scheme; Long service and recognition awards; Cycle to work scheme; Continuous professional development.<\/p>\n<p style=\"margin: 10px 0;\">Admission to this Open Day is free.<\/p>\n<\/div>\n<div style=\"font-size: 13px; color: #534438; line-height: 20px;\"><\/div>\n<p style=\"font-size: 13px; color: #534438; line-height: 20px;\"><a style=\"color: #cc2979; text-decoration: none;\" href=\"https:\/\/www.facebook.com\/events\/923534254354748\/\">https:\/\/www.facebook.com\/events\/923534254354748\/<\/a><\/p>\n<\/td>\n<td valign=\"top\"><\/td>\n<\/tr>\n<\/tbody>\n<\/table>\n<\/td>\n<\/tr>\n<\/tbody>\n<\/table>\n<\/td>\n<\/tr>\n<\/tbody>\n<\/table>\n<table width=\"100%\" cellspacing=\"0\" cellpadding=\"0\">\n<tbody>\n<tr>\n<td style=\"padding: 10px 30px;\">\n<table width=\"100%\" cellspacing=\"0\" cellpadding=\"0\">\n<tbody>\n<tr>\n<td valign=\"top\" width=\"52\"><img loading=\"lazy\" decoding=\"async\" src=\"http:\/\/dublineventguide.com\/dff\/admin\/images\/categories\/MARKETS.png\" alt=\"\" width=\"32\" height=\"32\" \/><\/td>\n<td>\n<h2 style=\"font-size: 16px; color: #534438; margin: 0 0 5px; font-weight: normal;\">The Green Door Market<\/h2>\n<h3 style=\"font-size: 13px; margin: 0; padding: 0; line-height: 16px; color: #534438;\"><img loading=\"lazy\" decoding=\"async\" style=\"display: inline; float: left;\" src=\"http:\/\/dublineventguide.com\/dff\/admin\/images\/weekly.png\" alt=\"\" width=\"69\" height=\"16\" \/> 09:30 &#8211; 16:00, Thu 21 May<\/h3>\n<p style=\"font-size: 13px; color: #534438; line-height: 20px; margin: 0; padding-top: 0;\">18 Newmarket, Dublin 8<\/p>\n<table width=\"100%\" cellspacing=\"0\" cellpadding=\"0\">\n<tbody>\n<tr>\n<td valign=\"top\">\n<div style=\"font-size: 13px; color: #534438; line-height: 20px;\">\n<p style=\"margin: 10px 0;\">The Green Door Market is a new indoor food\/Farmer&#8217;s Market that takes place just a few doors down from the Dublin Food Co-op at Newmarket in Dublin 8. Admission is free.<\/p>\n<p style=\"margin: 10px 0;\">Opening hours are Thu-Fri 12:00-19:00 and Sat 09:30-16:00.<\/p>\n<\/div>\n<div style=\"font-size: 13px; color: #534438; line-height: 20px;\"><\/div>\n<p style=\"font-size: 13px; color: #534438; line-height: 20px;\"><a style=\"color: #cc2979; text-decoration: none;\" href=\"https:\/\/www.facebook.com\/thegreendoordublin\">https:\/\/www.facebook.com\/thegreendoordublin<\/a><\/p>\n<\/td>\n<td valign=\"top\"><\/td>\n<\/tr>\n<\/tbody>\n<\/table>\n<\/td>\n<\/tr>\n<\/tbody>\n<\/table>\n<\/td>\n<\/tr>\n<\/tbody>\n<\/table>\n<table width=\"100%\" cellspacing=\"0\" cellpadding=\"0\">\n<tbody>\n<tr>\n<td style=\"padding: 10px 30px;\">\n<table width=\"100%\" cellspacing=\"0\" cellpadding=\"0\">\n<tbody>\n<tr>\n<td valign=\"top\" width=\"52\"><img loading=\"lazy\" decoding=\"async\" src=\"http:\/\/dublineventguide.com\/dff\/admin\/images\/categories\/ACTIVITY.png\" alt=\"\" width=\"32\" height=\"32\" \/><\/td>\n<td>\n<h2 style=\"font-size: 16px; color: #534438; margin: 0 0 5px; font-weight: normal;\">Grangegorman Military Cemetery &#8211; Tour<\/h2>\n<h3 style=\"font-size: 13px; margin: 0; padding: 0; line-height: 16px; color: #534438;\">11:00, Thu 21 May<\/h3>\n<p style=\"font-size: 13px; color: #534438; line-height: 20px; margin: 0; padding-top: 0;\">Grangegorman Cemetery, Blackhorse Avenue, Dublin 7<\/p>\n<table width=\"100%\" cellspacing=\"0\" cellpadding=\"0\">\n<tbody>\n<tr>\n<td valign=\"top\">\n<div style=\"font-size: 13px; color: #534438; line-height: 20px;\">\n<p style=\"margin: 10px 0;\">Every Thursday a free tour of Grangegorman Military Cemetery on Blackhorse Avenue takes place. Meet inside the Cemetery Gates. Admission is free and everybody is welcome.<\/p>\n<\/div>\n<div style=\"font-size: 13px; color: #534438; line-height: 20px;\"><\/div>\n<p style=\"font-size: 13px; color: #534438; line-height: 20px;\"><a style=\"color: #cc2979; text-decoration: none;\" href=\"http:\/\/www.phoenixpark.ie\/newsevents\/title,24861,en.html\">http:\/\/www.phoenixpark.ie\/newsevents\/title,24861,en.html<\/a><\/p>\n<\/td>\n<td valign=\"top\"><\/td>\n<\/tr>\n<\/tbody>\n<\/table>\n<\/td>\n<\/tr>\n<\/tbody>\n<\/table>\n<\/td>\n<\/tr>\n<\/tbody>\n<\/table>\n<table width=\"100%\" cellspacing=\"0\" cellpadding=\"0\">\n<tbody>\n<tr>\n<td style=\"padding: 10px 30px;\">\n<table width=\"100%\" cellspacing=\"0\" cellpadding=\"0\">\n<tbody>\n<tr>\n<td valign=\"top\" width=\"52\"><img loading=\"lazy\" decoding=\"async\" src=\"http:\/\/dublineventguide.com\/dff\/admin\/images\/categories\/TALKS.png\" alt=\"\" width=\"32\" height=\"32\" \/><\/td>\n<td>\n<h2 style=\"font-size: 16px; color: #534438; margin: 0 0 5px; font-weight: normal;\">National Gallery Talks<\/h2>\n<h3 style=\"font-size: 13px; margin: 0; padding: 0; line-height: 16px; color: #534438;\"><img loading=\"lazy\" decoding=\"async\" style=\"display: inline; float: left;\" src=\"http:\/\/dublineventguide.com\/dff\/admin\/images\/weekly.png\" alt=\"\" width=\"69\" height=\"16\" \/> 11:30 &#8211; 16:50, Thu 21 May<\/h3>\n<p style=\"font-size: 13px; color: #534438; line-height: 20px; margin: 0; padding-top: 0;\">National Gallery, Clare Street, Dublin 2<\/p>\n<table width=\"100%\" cellspacing=\"0\" cellpadding=\"0\">\n<tbody>\n<tr>\n<td valign=\"top\">\n<div style=\"font-size: 13px; color: #534438; line-height: 20px;\">\n<p style=\"margin: 10px 0;\">The National Gallery has an extensive programme of free talks, public tours and Art Documentary screenings focusing on highlights of the European and Irish Collection every day of the week. Check their website for details.<\/p>\n<\/div>\n<div style=\"font-size: 13px; color: #534438; line-height: 20px;\"><\/div>\n<p style=\"font-size: 13px; color: #534438; line-height: 20px;\"><a style=\"color: #cc2979; text-decoration: none;\" href=\"http:\/\/nationalgallery.ie\/whatson\">http:\/\/nationalgallery.ie\/whatson<\/a><\/p>\n<\/td>\n<td valign=\"top\"><\/td>\n<\/tr>\n<\/tbody>\n<\/table>\n<\/td>\n<\/tr>\n<\/tbody>\n<\/table>\n<\/td>\n<\/tr>\n<\/tbody>\n<\/table>\n<table width=\"100%\" cellspacing=\"0\" cellpadding=\"0\">\n<tbody>\n<tr>\n<td style=\"padding: 10px 30px;\">\n<table width=\"100%\" cellspacing=\"0\" cellpadding=\"0\">\n<tbody>\n<tr>\n<td valign=\"top\" width=\"52\"><img loading=\"lazy\" decoding=\"async\" src=\"http:\/\/dublineventguide.com\/dff\/admin\/images\/categories\/DANCE.png\" alt=\"\" width=\"32\" height=\"32\" \/><\/td>\n<td>\n<h2 style=\"font-size: 16px; color: #534438; margin: 0 0 5px; font-weight: normal;\">Dance Marathon for William Buttler Yeats<\/h2>\n<h3 style=\"font-size: 13px; margin: 0; padding: 0; line-height: 16px; color: #534438;\">12:00 &#8211; 20:00, Thu 21 May<\/h3>\n<p style=\"font-size: 13px; color: #534438; line-height: 20px; margin: 0; padding-top: 0;\">Henry Street, Dublin 1<\/p>\n<table width=\"100%\" cellspacing=\"0\" cellpadding=\"0\">\n<tbody>\n<tr>\n<td valign=\"top\">\n<div style=\"font-size: 13px; color: #534438; line-height: 20px;\">\n<p style=\"margin: 10px 0;\">The first of two events in honour of WB Yeats&#8217; 150th birthday is inspired by his famous lines: &#8220;That he follow with desire\/Bodies that can never tire&#8221;. The event is a whole-day Dance Marathon in Henry Street and is called &#8220;Bodies That Can Never Tire: The Whole City Must Dance \u2013 the Whole City Must Bid!&#8221;<\/p>\n<p style=\"margin: 10px 0;\">The event is also part of Dublin\u2019s bid to be European Capital of Culture 2020 and it invites Dublin&#8217;s dancers to mix contemporary, hip-hop, ballet, tap, jazz (and everything in between) in a celebration of movement, creativity and dance. All dance groups, amateur or professional, in any form, are welcome.<\/p>\n<p>Groups wishing to participate should contact dance@Dublin2020.ie. More details are on <a style=\"color: #cc2979; text-decoration: none;\" href=\"http:\/\/www.dublin2020.ie\">www.dublin2020.ie<\/a><\/p>\n<p style=\"margin: 10px 0;\">Admission is free. (Donations and fundraising proceeds go to Temple Street Children\u2019s Hospital.)<\/p>\n<\/div>\n<div style=\"font-size: 13px; color: #534438; line-height: 20px;\"><\/div>\n<p style=\"font-size: 13px; color: #534438; line-height: 20px;\"><a style=\"color: #cc2979; text-decoration: none;\" href=\"http:\/\/dublin2020.ie\/be-there-2\/dance-party\/\">http:\/\/dublin2020.ie\/be-there-2\/dance-party\/<\/a><\/p>\n<\/td>\n<td valign=\"top\"><\/td>\n<\/tr>\n<\/tbody>\n<\/table>\n<\/td>\n<\/tr>\n<\/tbody>\n<\/table>\n<\/td>\n<\/tr>\n<\/tbody>\n<\/table>\n<table width=\"100%\" cellspacing=\"0\" cellpadding=\"0\">\n<tbody>\n<tr>\n<td style=\"padding: 10px 30px;\">\n<table width=\"100%\" cellspacing=\"0\" cellpadding=\"0\">\n<tbody>\n<tr>\n<td valign=\"top\" width=\"52\"><img loading=\"lazy\" decoding=\"async\" src=\"http:\/\/dublineventguide.com\/dff\/admin\/images\/categories\/TALKS.png\" alt=\"\" width=\"32\" height=\"32\" \/><\/td>\n<td>\n<h2 style=\"font-size: 16px; color: #534438; margin: 0 0 5px; font-weight: normal;\">Housing &#8211; Lunchtime Seminar<\/h2>\n<h3 style=\"font-size: 13px; margin: 0; padding: 0; line-height: 16px; color: #534438;\">12:45 &#8211; 14:15, Thu 21 May<\/h3>\n<p style=\"font-size: 13px; color: #534438; line-height: 20px; margin: 0; padding-top: 0;\">TASC, 14 Parliament Street, Dublin 2<\/p>\n<table width=\"100%\" cellspacing=\"0\" cellpadding=\"0\">\n<tbody>\n<tr>\n<td valign=\"top\">\n<div style=\"font-size: 13px; color: #534438; line-height: 20px;\">\n<p style=\"margin: 10px 0;\">Professor P.J. Drudy, Emeritus Professor of Economics,TCD and Dr Michael Punch, Lecturer, School of Sociology, UCD will talk about housing at this Lunchtime Seminar of TASC (Think-tank for Action on Social Change).<\/p>\n<p style=\"margin: 10px 0;\">After the publication of their TASC book &#8216;Out of Reach&#8217; in 2005 the authors will explore what has happened since.<\/p>\n<p style=\"margin: 10px 0;\">The idea of the seminars is that you are free to bring your own \u2018brown bag\u2019 lunch to eat during the seminar. Tea and coffee will be available.<\/p>\n<p style=\"margin: 10px 0;\">Admission is free, but booking is required via Sylvia Byrne on 01 6169050 or by email to sbyrne@tasc.ie<\/p>\n<\/div>\n<div style=\"font-size: 13px; color: #534438; line-height: 20px;\"><\/div>\n<p style=\"font-size: 13px; color: #534438; line-height: 20px;\"><a style=\"color: #cc2979; text-decoration: none;\" href=\"http:\/\/www.tasc.ie\/events\/2015\/05\/21\/lunchtime-seminar-professor-pj-drudy-and-dr-michae\/\">http:\/\/www.tasc.ie\/events\/2015\/05\/21\/lunchtime-seminar-professor-pj-drudy-and-dr-michae\/<\/a><\/p>\n<\/td>\n<td valign=\"top\"><\/td>\n<\/tr>\n<\/tbody>\n<\/table>\n<\/td>\n<\/tr>\n<\/tbody>\n<\/table>\n<\/td>\n<\/tr>\n<\/tbody>\n<\/table>\n<table width=\"100%\" cellspacing=\"0\" cellpadding=\"0\">\n<tbody>\n<tr>\n<td style=\"padding: 10px 30px;\">\n<table width=\"100%\" cellspacing=\"0\" cellpadding=\"0\">\n<tbody>\n<tr>\n<td valign=\"top\" width=\"52\"><img loading=\"lazy\" decoding=\"async\" src=\"http:\/\/dublineventguide.com\/dff\/admin\/images\/categories\/MUSIC.png\" alt=\"\" width=\"32\" height=\"32\" \/><\/td>\n<td>\n<h2 style=\"font-size: 16px; color: #534438; margin: 0 0 5px; font-weight: normal;\">Singing Our Cares Away &#8211; Music Therapy workshop<\/h2>\n<h3 style=\"font-size: 13px; margin: 0; padding: 0; line-height: 16px; color: #534438;\">13:00, Thu 21 May<\/h3>\n<p style=\"font-size: 13px; color: #534438; line-height: 20px; margin: 0; padding-top: 0;\">Central Library, Ilac Shopping Centre, Henry Street, Dublin 1<\/p>\n<table width=\"100%\" cellspacing=\"0\" cellpadding=\"0\">\n<tbody>\n<tr>\n<td valign=\"top\">\n<div style=\"font-size: 13px; color: #534438; line-height: 20px;\">\n<p style=\"margin: 10px 0;\">\u201cSinging Our Cares Away\u201d is a Music Therapy workshop with Rachel Dempsey.<\/p>\n<p style=\"margin: 10px 0;\">The workshop is open to everyone, regardless of singing ability and age. Learn to sing a range of easy-to-learn, uplifting and inspiring songs from all over the world. You will also learn about some ways of using the voice to reduce stress and enhance wellbeing.<\/p>\n<p style=\"margin: 10px 0;\">There will be no solo singing and you don\u2019t need to be able to read music. Participants will learn two or three exercises to take away and try at home on a regular basis. Rachel will emphasise the fun, joy and sense of being uplifted that singing can bring.<\/p>\n<p style=\"margin: 10px 0;\">Admission is free, but booking is required via 01 8734333. The workshop is limited to 30 people.<\/p>\n<\/div>\n<div style=\"font-size: 13px; color: #534438; line-height: 20px;\"><\/div>\n<p style=\"font-size: 13px; color: #534438; line-height: 20px;\"><a style=\"color: #cc2979; text-decoration: none;\" href=\"http:\/\/www.dublincity.ie\/main-menu-services-culture-dublin-city-public-libraries-and-archive-events\/bealtaine-music-library\">http:\/\/www.dublincity.ie\/main-menu-services-culture-dublin-city-public-libraries-and-archive-events\/bealtaine-music-library<\/a><\/p>\n<\/td>\n<td valign=\"top\"><\/td>\n<\/tr>\n<\/tbody>\n<\/table>\n<\/td>\n<\/tr>\n<\/tbody>\n<\/table>\n<\/td>\n<\/tr>\n<\/tbody>\n<\/table>\n<table width=\"100%\" cellspacing=\"0\" cellpadding=\"0\">\n<tbody>\n<tr>\n<td style=\"padding: 10px 30px;\">\n<table width=\"100%\" cellspacing=\"0\" cellpadding=\"0\">\n<tbody>\n<tr>\n<td valign=\"top\" width=\"52\"><img loading=\"lazy\" decoding=\"async\" src=\"http:\/\/dublineventguide.com\/dff\/admin\/images\/categories\/TALKS.png\" alt=\"\" width=\"32\" height=\"32\" \/><\/td>\n<td>\n<h2 style=\"font-size: 16px; color: #534438; margin: 0 0 5px; font-weight: normal;\">WWI Ireland: Exploring the Irish experience &#8211; Talk<\/h2>\n<h3 style=\"font-size: 13px; margin: 0; padding: 0; line-height: 16px; color: #534438;\">13:00, Thu 21 May<\/h3>\n<p style=\"font-size: 13px; color: #534438; line-height: 20px; margin: 0; padding-top: 0;\">National Library, Kildare Street, Dublin 2<\/p>\n<table width=\"100%\" cellspacing=\"0\" cellpadding=\"0\">\n<tbody>\n<tr>\n<td valign=\"top\">\n<div style=\"font-size: 13px; color: #534438; line-height: 20px;\">\n<p style=\"margin: 10px 0;\">In this series of four lunch time talks, the speakers will look at individuals and how World War I affected them. The series of talks is in connection with the exhibition on the Irish experience of World War 1:<\/p>\n<p>+ Wed 06 May: &#8220;Norman Leslie and the Sword of Prince Arthur&#8221; by Mark Leslie<br \/>\n+ Wed 13 May: &#8220;Meeting Michael O\u2019Leary&#8221; with Nikki Ralston, Curator of the WWI exhibition<br \/>\n+ Thurs 21 May: &#8220;Lady Augusta Dillon and the women&#8217;s war effort in Galway&#8221; with Dr Emma Lyons, School of History and Archives, University College, Dublin<br \/>\n+ Thurs 28 May: &#8220;Mary Martin: Legacy from Loss&#8221; with Isabelle Smyth, Writer in Residence with the Medical Missionaries of Mary<\/p>\n<p style=\"margin: 10px 0;\">More detail about the topic of each talk can be found on the event page which you reach via the website below.<\/p>\n<\/div>\n<div style=\"font-size: 13px; color: #534438; line-height: 20px;\"><\/div>\n<p style=\"font-size: 13px; color: #534438; line-height: 20px;\"><a style=\"color: #cc2979; text-decoration: none;\" href=\"http:\/\/www.nli.ie\/en\/list\/current-events.aspx\">http:\/\/www.nli.ie\/en\/list\/current-events.aspx<\/a><\/p>\n<\/td>\n<td valign=\"top\"><\/td>\n<\/tr>\n<\/tbody>\n<\/table>\n<\/td>\n<\/tr>\n<\/tbody>\n<\/table>\n<\/td>\n<\/tr>\n<\/tbody>\n<\/table>\n<table width=\"100%\" cellspacing=\"0\" cellpadding=\"0\">\n<tbody>\n<tr>\n<td style=\"padding: 10px 30px;\">\n<table width=\"100%\" cellspacing=\"0\" cellpadding=\"0\">\n<tbody>\n<tr>\n<td valign=\"top\" width=\"52\"><img loading=\"lazy\" decoding=\"async\" src=\"http:\/\/dublineventguide.com\/dff\/admin\/images\/categories\/TALKS.png\" alt=\"\" width=\"32\" height=\"32\" \/><\/td>\n<td>\n<h2 style=\"font-size: 16px; color: #534438; margin: 0 0 5px; font-weight: normal;\">Japanese Decorative Arts: Enamel &#8211; Lecture<\/h2>\n<h3 style=\"font-size: 13px; margin: 0; padding: 0; line-height: 16px; color: #534438;\">13:10, Thu 21 May<\/h3>\n<p style=\"font-size: 13px; color: #534438; line-height: 20px; margin: 0; padding-top: 0;\">Chester Beatty Library, Gardens of Dublin Castle, Dublin 2<\/p>\n<table width=\"100%\" cellspacing=\"0\" cellpadding=\"0\">\n<tbody>\n<tr>\n<td valign=\"top\">\n<div style=\"font-size: 13px; color: #534438; line-height: 20px;\">\n<p style=\"margin: 10px 0;\">The Lunchtime Lecture &#8220;The Japanese Decorative Arts Collection of the National Museum of Ireland, with Particular Reference to Enamel&#8221; with Dr Audrey Whitty (Keeper, Art and Industrial Division, National Museum of Ireland &#8211; Decorative Arts and History) will take place.<\/p>\n<p style=\"margin: 10px 0;\">Admission is free and no booking required.<\/p>\n<\/div>\n<div style=\"font-size: 13px; color: #534438; line-height: 20px;\"><\/div>\n<p style=\"font-size: 13px; color: #534438; line-height: 20px;\"><a style=\"color: #cc2979; text-decoration: none;\" href=\"http:\/\/www.cbl.ie\/Programme---Events\/Events-Schedule.aspx\">http:\/\/www.cbl.ie\/Programme&#8212;Events\/Events-Schedule.aspx<\/a><\/p>\n<\/td>\n<td valign=\"top\"><\/td>\n<\/tr>\n<\/tbody>\n<\/table>\n<\/td>\n<\/tr>\n<\/tbody>\n<\/table>\n<\/td>\n<\/tr>\n<\/tbody>\n<\/table>\n<table width=\"100%\" cellspacing=\"0\" cellpadding=\"0\">\n<tbody>\n<tr>\n<td style=\"padding: 10px 30px;\">\n<table width=\"100%\" cellspacing=\"0\" cellpadding=\"0\">\n<tbody>\n<tr>\n<td valign=\"top\" width=\"52\"><img loading=\"lazy\" decoding=\"async\" src=\"http:\/\/dublineventguide.com\/dff\/admin\/images\/categories\/MUSIC.png\" alt=\"\" width=\"32\" height=\"32\" \/><\/td>\n<td>\n<h2 style=\"font-size: 16px; color: #534438; margin: 0 0 5px; font-weight: normal;\">Lunchtime Recital: Piano and Trumpet<\/h2>\n<h3 style=\"font-size: 13px; margin: 0; padding: 0; line-height: 16px; color: #534438;\">13:10, Thu 21 May<\/h3>\n<p style=\"font-size: 13px; color: #534438; line-height: 20px; margin: 0; padding-top: 0;\">St Stephen&#8217;s Church (The Pepper Canister), 2 Mount St Crescent, Dublin 2<\/p>\n<table width=\"100%\" cellspacing=\"0\" cellpadding=\"0\">\n<tbody>\n<tr>\n<td valign=\"top\">\n<div style=\"font-size: 13px; color: #534438; line-height: 20px;\">\n<p style=\"margin: 10px 0;\">In this two part concert, pianist Jimmy Goeijenbier performs Bach&#8217;s French Suite no 4 in Eb and Scriabin&#8217;s Sonata no 2.<\/p>\n<p style=\"margin: 10px 0;\">Part two of the concert features trumpeter Paul Kiernan playing Henri Tomasi&#8217;s Concerto for trumpet and orchestra. He is accompanied on piano by Edward Holly.<\/p>\n<p style=\"margin: 10px 0;\">Admission is free.<\/p>\n<\/div>\n<div style=\"font-size: 13px; color: #534438; line-height: 20px;\"><\/div>\n<p style=\"font-size: 13px; color: #534438; line-height: 20px;\"><a style=\"color: #cc2979; text-decoration: none;\" href=\"http:\/\/www.facebook.com\/lunchtimeatthepeppercanister\">http:\/\/www.facebook.com\/lunchtimeatthepeppercanister<\/a><\/p>\n<\/td>\n<td valign=\"top\"><\/td>\n<\/tr>\n<\/tbody>\n<\/table>\n<\/td>\n<\/tr>\n<\/tbody>\n<\/table>\n<\/td>\n<\/tr>\n<\/tbody>\n<\/table>\n<table width=\"100%\" cellspacing=\"0\" cellpadding=\"0\">\n<tbody>\n<tr>\n<td style=\"padding: 10px 30px;\">\n<table width=\"100%\" cellspacing=\"0\" cellpadding=\"0\">\n<tbody>\n<tr>\n<td valign=\"top\" width=\"52\"><img loading=\"lazy\" decoding=\"async\" src=\"http:\/\/dublineventguide.com\/dff\/admin\/images\/categories\/MUSIC.png\" alt=\"\" width=\"32\" height=\"32\" \/><\/td>\n<td>\n<h2 style=\"font-size: 16px; color: #534438; margin: 0 0 5px; font-weight: normal;\">Lunchtime Recital: Erin Dollard (soprano)<\/h2>\n<h3 style=\"font-size: 13px; margin: 0; padding: 0; line-height: 16px; color: #534438;\">13:15, Thu 21 May<\/h3>\n<p style=\"font-size: 13px; color: #534438; line-height: 20px; margin: 0; padding-top: 0;\">St Ann&#8217;s Church, Dawson Street, Dublin 2<\/p>\n<table width=\"100%\" cellspacing=\"0\" cellpadding=\"0\">\n<tbody>\n<tr>\n<td valign=\"top\">\n<div style=\"font-size: 13px; color: #534438; line-height: 20px;\">\n<p style=\"margin: 10px 0;\">A lunchtime Recital with Erin Dollard will take place. Admission is free.<\/p>\n<\/div>\n<div style=\"font-size: 13px; color: #534438; line-height: 20px;\"><\/div>\n<p style=\"font-size: 13px; color: #534438; line-height: 20px;\"><a style=\"color: #cc2979; text-decoration: none;\" href=\"http:\/\/stann.dublin.anglican.org\/concerts\/index.php\">http:\/\/stann.dublin.anglican.org\/concerts\/index.php<\/a><\/p>\n<\/td>\n<td valign=\"top\"><\/td>\n<\/tr>\n<\/tbody>\n<\/table>\n<\/td>\n<\/tr>\n<\/tbody>\n<\/table>\n<\/td>\n<\/tr>\n<\/tbody>\n<\/table>\n<table width=\"100%\" cellspacing=\"0\" cellpadding=\"0\">\n<tbody>\n<tr>\n<td style=\"padding: 10px 30px;\">\n<table width=\"100%\" cellspacing=\"0\" cellpadding=\"0\">\n<tbody>\n<tr>\n<td valign=\"top\" width=\"52\"><img loading=\"lazy\" decoding=\"async\" src=\"http:\/\/dublineventguide.com\/dff\/admin\/images\/categories\/TALKS.png\" alt=\"\" width=\"32\" height=\"32\" \/><\/td>\n<td>\n<h2 style=\"font-size: 16px; color: #534438; margin: 0 0 5px; font-weight: normal;\">St Patrick\u2019s Cathedral and Dublin &#8211; The unwanted Cathedral &#8211; Talk<\/h2>\n<h3 style=\"font-size: 13px; margin: 0; padding: 0; line-height: 16px; color: #534438;\">13:15, Thu 21 May<\/h3>\n<p style=\"font-size: 13px; color: #534438; line-height: 20px; margin: 0; padding-top: 0;\">Irish Architectural Archives, 45 Merrion Square, Dublin 2<\/p>\n<table width=\"100%\" cellspacing=\"0\" cellpadding=\"0\">\n<tbody>\n<tr>\n<td valign=\"top\">\n<div style=\"font-size: 13px; color: #534438; line-height: 20px;\">\n<p style=\"margin: 10px 0;\">The lecture &#8220;Decani: Some Cathedral Deans and their monuments&#8221; by Albert Fenton (Historian) is the next lecture of the series that accompaiesy the exhibition &#8220;St Patrick\u2019s Cathedral: an architectural exhibition&#8221; in the Gallery of the Architectural Archive. The exhibition will run from Wed 13 May to Fri 4 September.<\/p>\n<p style=\"margin: 10px 0;\">Admission is free to talk and exhibirion and everybody is welcome. Booking for the talk is required via 01 6633040 or slincoln@iarc.ie<\/p>\n<\/div>\n<div style=\"font-size: 13px; color: #534438; line-height: 20px;\"><\/div>\n<p style=\"font-size: 13px; color: #534438; line-height: 20px;\"><a style=\"color: #cc2979; text-decoration: none;\" href=\"http:\/\/www.iarc.ie\/wp-content\/uploads\/2015\/05\/St-Patricks-Lecture-List.pdf\">http:\/\/www.iarc.ie\/wp-content\/uploads\/2015\/05\/St-Patricks-Lecture-List.pdf<\/a><\/p>\n<\/td>\n<td valign=\"top\"><\/td>\n<\/tr>\n<\/tbody>\n<\/table>\n<\/td>\n<\/tr>\n<\/tbody>\n<\/table>\n<\/td>\n<\/tr>\n<\/tbody>\n<\/table>\n<table width=\"100%\" cellspacing=\"0\" cellpadding=\"0\">\n<tbody>\n<tr>\n<td style=\"padding: 10px 30px;\">\n<table width=\"100%\" cellspacing=\"0\" cellpadding=\"0\">\n<tbody>\n<tr>\n<td valign=\"top\" width=\"52\"><img loading=\"lazy\" decoding=\"async\" src=\"http:\/\/dublineventguide.com\/dff\/admin\/images\/categories\/DANCE.png\" alt=\"\" width=\"32\" height=\"32\" \/><\/td>\n<td>\n<h2 style=\"font-size: 16px; color: #534438; margin: 0 0 5px; font-weight: normal;\">Brazilian Dance &#8211; Forr\u00f3<\/h2>\n<h3 style=\"font-size: 13px; margin: 0; padding: 0; line-height: 16px; color: #534438;\"><img loading=\"lazy\" decoding=\"async\" style=\"display: inline; float: left;\" src=\"http:\/\/dublineventguide.com\/dff\/admin\/images\/weekly.png\" alt=\"\" width=\"69\" height=\"16\" \/> 18:00, Thu 21 May<\/h3>\n<p style=\"font-size: 13px; color: #534438; line-height: 20px; margin: 0; padding-top: 0;\">D-One Bar, 89 Capel Street, Dublin 1<\/p>\n<table width=\"100%\" cellspacing=\"0\" cellpadding=\"0\">\n<tbody>\n<tr>\n<td valign=\"top\">\n<div style=\"font-size: 13px; color: #534438; line-height: 20px;\">\n<p style=\"margin: 10px 0;\">A weekly Forro Night (Brazilian Dance) with a Forro Live Band takes place in the D-One Bar &amp; Brazilian Grill every Thursday.<\/p>\n<p style=\"margin: 10px 0;\">Admission is free.<\/p>\n<\/div>\n<div style=\"font-size: 13px; color: #534438; line-height: 20px;\"><\/div>\n<p style=\"font-size: 13px; color: #534438; line-height: 20px;\"><a style=\"color: #cc2979; text-decoration: none;\" href=\"https:\/\/www.facebook.com\/donebardublin\">https:\/\/www.facebook.com\/donebardublin<\/a><\/p>\n<\/td>\n<td valign=\"top\"><\/td>\n<\/tr>\n<\/tbody>\n<\/table>\n<\/td>\n<\/tr>\n<\/tbody>\n<\/table>\n<\/td>\n<\/tr>\n<\/tbody>\n<\/table>\n<table width=\"100%\" cellspacing=\"0\" cellpadding=\"0\">\n<tbody>\n<tr>\n<td style=\"padding: 10px 30px;\">\n<table width=\"100%\" cellspacing=\"0\" cellpadding=\"0\">\n<tbody>\n<tr>\n<td valign=\"top\" width=\"52\"><img loading=\"lazy\" decoding=\"async\" src=\"http:\/\/dublineventguide.com\/dff\/admin\/images\/categories\/FILM.png\" alt=\"\" width=\"32\" height=\"32\" \/><\/td>\n<td>\n<h2 style=\"font-size: 16px; color: #534438; margin: 0 0 5px; font-weight: normal;\">Spanish Film Screening: Gente en sitios<\/h2>\n<h3 style=\"font-size: 13px; margin: 0; padding: 0; line-height: 16px; color: #534438;\">18:00, Thu 21 May<\/h3>\n<p style=\"font-size: 13px; color: #534438; line-height: 20px; margin: 0; padding-top: 0;\">Instituto Cervantes, Lincoln House, Lincoln Place (near National Gallery), Dublin 2<\/p>\n<table width=\"100%\" cellspacing=\"0\" cellpadding=\"0\">\n<tbody>\n<tr>\n<td valign=\"top\">\n<div style=\"font-size: 13px; color: #534438; line-height: 20px;\">\n<p style=\"margin: 10px 0;\">The film &#8220;Gente en sitios \/ People in Places&#8221; by Juan Cavestany will be screened in the Instituto Cervantes (in Spanish with English subtitles). It is a film with 20 unconnected short comedy stories.<\/p>\n<p style=\"margin: 10px 0;\">Admission is free.<\/p>\n<\/div>\n<div style=\"font-size: 13px; color: #534438; line-height: 20px;\"><\/div>\n<p style=\"font-size: 13px; color: #534438; line-height: 20px;\"><a style=\"color: #cc2979; text-decoration: none;\" href=\"http:\/\/dublin.cervantes.es\/FichasCultura\/Ficha99595_16_2.htm\">http:\/\/dublin.cervantes.es\/FichasCultura\/Ficha99595_16_2.htm<\/a><\/p>\n<\/td>\n<td valign=\"top\"><\/td>\n<\/tr>\n<\/tbody>\n<\/table>\n<\/td>\n<\/tr>\n<\/tbody>\n<\/table>\n<\/td>\n<\/tr>\n<\/tbody>\n<\/table>\n<table width=\"100%\" cellspacing=\"0\" cellpadding=\"0\">\n<tbody>\n<tr>\n<td style=\"padding: 10px 30px;\">\n<table width=\"100%\" cellspacing=\"0\" cellpadding=\"0\">\n<tbody>\n<tr>\n<td valign=\"top\" width=\"52\"><img loading=\"lazy\" decoding=\"async\" src=\"http:\/\/dublineventguide.com\/dff\/admin\/images\/categories\/MARKETS.png\" alt=\"\" width=\"32\" height=\"32\" \/><\/td>\n<td>\n<h2 style=\"font-size: 16px; color: #534438; margin: 0 0 5px; font-weight: normal;\">Car Boot Sale &#8211; Tallaght<\/h2>\n<h3 style=\"font-size: 13px; margin: 0; padding: 0; line-height: 16px; color: #534438;\"><img loading=\"lazy\" decoding=\"async\" style=\"display: inline; float: left;\" src=\"http:\/\/dublineventguide.com\/dff\/admin\/images\/weekly.png\" alt=\"\" width=\"69\" height=\"16\" \/> 18:30 &#8211; 22:00, Thu 21 May<\/h3>\n<p style=\"font-size: 13px; color: #534438; line-height: 20px; margin: 0; padding-top: 0;\">Tallaght Stadium, Whitestown Way, Tallaght, Co. Dublin<\/p>\n<table width=\"100%\" cellspacing=\"0\" cellpadding=\"0\">\n<tbody>\n<tr>\n<td valign=\"top\">\n<div style=\"font-size: 13px; color: #534438; line-height: 20px;\">\n<p style=\"margin: 10px 0;\">In addition to the Saturday Car Boot Sale which starts so early (06:00!!) that you need to be an insomniac or a super early bird, there is now a Thursday evening Car Boot Sale in the same location. It starts at 18:30 and runs until 22:00. Late night car boot shopping. :-) Admission for buyers is free.<\/p>\n<\/div>\n<div style=\"font-size: 13px; color: #534438; line-height: 20px;\"><\/div>\n<p style=\"font-size: 13px; color: #534438; line-height: 20px;\"><a style=\"color: #cc2979; text-decoration: none;\" href=\"https:\/\/www.facebook.com\/irishcarboot\">https:\/\/www.facebook.com\/irishcarboot<\/a><\/p>\n<\/td>\n<td valign=\"top\"><\/td>\n<\/tr>\n<\/tbody>\n<\/table>\n<\/td>\n<\/tr>\n<\/tbody>\n<\/table>\n<\/td>\n<\/tr>\n<\/tbody>\n<\/table>\n<table width=\"100%\" cellspacing=\"0\" cellpadding=\"0\">\n<tbody>\n<tr>\n<td style=\"padding: 10px 30px;\">\n<table width=\"100%\" cellspacing=\"0\" cellpadding=\"0\">\n<tbody>\n<tr>\n<td valign=\"top\" width=\"52\"><img loading=\"lazy\" decoding=\"async\" src=\"http:\/\/dublineventguide.com\/dff\/admin\/images\/categories\/TALKS.png\" alt=\"\" width=\"32\" height=\"32\" \/><\/td>\n<td>\n<h2 style=\"font-size: 16px; color: #534438; margin: 0 0 5px; font-weight: normal;\">Commercial World of Sir Hugh Lane &#8211; Lecture<\/h2>\n<h3 style=\"font-size: 13px; margin: 0; padding: 0; line-height: 16px; color: #534438;\">18:45, Thu 21 May<\/h3>\n<p style=\"font-size: 13px; color: #534438; line-height: 20px; margin: 0; padding-top: 0;\">Hugh Lane Gallery, Parnell Square North, Dublin 1<\/p>\n<table width=\"100%\" cellspacing=\"0\" cellpadding=\"0\">\n<tbody>\n<tr>\n<td valign=\"top\">\n<div style=\"font-size: 13px; color: #534438; line-height: 20px;\">\n<p style=\"margin: 10px 0;\">The lecture &#8220;The Commercial World of Sir Hugh Lane, Art Dealer&#8221; with Robert O&#8217;Byrne (Vice President of the Irish Georgian Society) will take place and is part of the &#8220;Sir Hugh Lane (1875-1915): Dublin&#8217;s Legacy and Loss&#8221; Exhibition Lecture Series.<\/p>\n<p style=\"margin: 10px 0;\">Admission is free.<\/p>\n<\/div>\n<div style=\"font-size: 13px; color: #534438; line-height: 20px;\"><\/div>\n<p style=\"font-size: 13px; color: #534438; line-height: 20px;\"><a style=\"color: #cc2979; text-decoration: none;\" href=\"http:\/\/www.hughlane.ie\/lectures\/lectures-past\/1320-evening-lecture-the-commercial-world-of-sir-hugh-lane-art-dealer-with-robert-obyrne\">http:\/\/www.hughlane.ie\/lectures\/lectures-past\/1320-evening-lecture-the-commercial-world-of-sir-hugh-lane-art-dealer-with-robert-obyrne<\/a><\/p>\n<\/td>\n<td valign=\"top\"><\/td>\n<\/tr>\n<\/tbody>\n<\/table>\n<\/td>\n<\/tr>\n<\/tbody>\n<\/table>\n<\/td>\n<\/tr>\n<\/tbody>\n<\/table>\n<table width=\"100%\" cellspacing=\"0\" cellpadding=\"0\">\n<tbody>\n<tr>\n<td style=\"padding: 10px 30px;\">\n<table width=\"100%\" cellspacing=\"0\" cellpadding=\"0\">\n<tbody>\n<tr>\n<td valign=\"top\" width=\"52\"><img loading=\"lazy\" decoding=\"async\" src=\"http:\/\/dublineventguide.com\/dff\/admin\/images\/categories\/ACTIVITY.png\" alt=\"\" width=\"32\" height=\"32\" \/><\/td>\n<td>\n<h2 style=\"font-size: 16px; color: #534438; margin: 0 0 5px; font-weight: normal;\">&#8220;My Favourites&#8221; &#8211; Dublin City Walking Tour &#8211; Night Walk<\/h2>\n<h3 style=\"font-size: 13px; margin: 0; padding: 0; line-height: 16px; color: #534438;\"><img loading=\"lazy\" decoding=\"async\" style=\"display: inline; float: left;\" src=\"http:\/\/dublineventguide.com\/dff\/admin\/images\/weekly.png\" alt=\"\" width=\"69\" height=\"16\" \/> 19:00 &#8211; 21:00, Thu 21 May<\/h3>\n<p style=\"font-size: 13px; color: #534438; line-height: 20px; margin: 0; padding-top: 0;\">Spire, O&#8217;Connell Street, Dublin 1<\/p>\n<table width=\"100%\" cellspacing=\"0\" cellpadding=\"0\">\n<tbody>\n<tr>\n<td valign=\"top\">\n<div style=\"font-size: 13px; color: #534438; line-height: 20px;\">\n<p style=\"margin: 10px 0;\">&#8220;These Are a Few of My Favourite Things&#8221; is the title of a Walking Tour that Emily Gallagher will run next Thursday. It will be an Alternative Arts and Culture Trail and she will bring you to &#8220;Dublin\u2019s Best Cafes, Bars, Markets, Unusual Stores, Galleries, Theatres, Arts Spaces, and more! And hear some tales you\u2019ve never heard before!&#8221;<\/p>\n<p style=\"margin: 10px 0;\">Meeting point is at the Spire. The tours are free but donations are welcome and booking is required via myfavouritesdublincitywalktour@gmail.com or 085-2725095<\/p>\n<\/div>\n<div style=\"font-size: 13px; color: #534438; line-height: 20px;\"><\/div>\n<p style=\"font-size: 13px; color: #534438; line-height: 20px;\"><a style=\"color: #cc2979; text-decoration: none;\" href=\"http:\/\/www.dublincitywalkingtours.com\/\">http:\/\/www.dublincitywalkingtours.com\/<\/a><\/p>\n<\/td>\n<td valign=\"top\"><\/td>\n<\/tr>\n<\/tbody>\n<\/table>\n<\/td>\n<\/tr>\n<\/tbody>\n<\/table>\n<\/td>\n<\/tr>\n<\/tbody>\n<\/table>\n<table width=\"100%\" cellspacing=\"0\" cellpadding=\"0\">\n<tbody>\n<tr>\n<td style=\"padding: 10px 30px;\">\n<table width=\"100%\" cellspacing=\"0\" cellpadding=\"0\">\n<tbody>\n<tr>\n<td valign=\"top\" width=\"52\"><img loading=\"lazy\" decoding=\"async\" src=\"http:\/\/dublineventguide.com\/dff\/admin\/images\/categories\/MUSIC.png\" alt=\"\" width=\"32\" height=\"32\" \/><\/td>\n<td>\n<h2 style=\"font-size: 16px; color: #534438; margin: 0 0 5px; font-weight: normal;\">Blues\/Roots\/Rock\/Soul &#8211; Thursdays at Arthurs &#8211; Gig<\/h2>\n<h3 style=\"font-size: 13px; margin: 0; padding: 0; line-height: 16px; color: #534438;\"><img loading=\"lazy\" decoding=\"async\" style=\"display: inline; float: left;\" src=\"http:\/\/dublineventguide.com\/dff\/admin\/images\/weekly.png\" alt=\"\" width=\"69\" height=\"16\" \/> 19:00, Thu 21 May<\/h3>\n<p style=\"font-size: 13px; color: #534438; line-height: 20px; margin: 0; padding-top: 0;\">Arthur&#8217;s Pub, 28 Thomas Street, Dublin 8<\/p>\n<table width=\"100%\" cellspacing=\"0\" cellpadding=\"0\">\n<tbody>\n<tr>\n<td valign=\"top\">\n<div style=\"font-size: 13px; color: #534438; line-height: 20px;\">\n<p style=\"margin: 10px 0;\">A weekly live music gig of the genres Blues\/Roots\/Rock\/Soul will take place in Arthur&#8217;s Pub with weekly changing performers:<\/p>\n<p>+ 1st Thursday: Ben Prevo<br \/>\n+ 2nd Thursday: Declan Kennedy<br \/>\n+ 3rd Thursday: Dermot Byrne<br \/>\n+ 4th Thursday: Mick Pyro<\/p>\n<p style=\"margin: 10px 0;\">Admission is free.<\/p>\n<\/div>\n<div style=\"font-size: 13px; color: #534438; line-height: 20px;\"><\/div>\n<p style=\"font-size: 13px; color: #534438; line-height: 20px;\"><a style=\"color: #cc2979; text-decoration: none;\" href=\"https:\/\/www.facebook.com\/ArthursPub\">https:\/\/www.facebook.com\/ArthursPub<\/a><\/p>\n<\/td>\n<td valign=\"top\"><\/td>\n<\/tr>\n<\/tbody>\n<\/table>\n<\/td>\n<\/tr>\n<\/tbody>\n<\/table>\n<\/td>\n<\/tr>\n<\/tbody>\n<\/table>\n<table width=\"100%\" cellspacing=\"0\" cellpadding=\"0\">\n<tbody>\n<tr>\n<td style=\"padding: 10px 30px;\">\n<table width=\"100%\" cellspacing=\"0\" cellpadding=\"0\">\n<tbody>\n<tr>\n<td valign=\"top\" width=\"52\"><img loading=\"lazy\" decoding=\"async\" src=\"http:\/\/dublineventguide.com\/dff\/admin\/images\/categories\/LITERATURE.png\" alt=\"\" width=\"32\" height=\"32\" \/><\/td>\n<td>\n<h2 style=\"font-size: 16px; color: #534438; margin: 0 0 5px; font-weight: normal;\">L\u2019amour dans tous ses \u00e9tats &#8211; Alliance Francaise Drama Club<\/h2>\n<h3 style=\"font-size: 13px; margin: 0; padding: 0; line-height: 16px; color: #534438;\">19:00, Thu 21 May<\/h3>\n<p style=\"font-size: 13px; color: #534438; line-height: 20px; margin: 0; padding-top: 0;\">Alliance Francaise, 1 Kildare Street, Dublin 2<\/p>\n<table width=\"100%\" cellspacing=\"0\" cellpadding=\"0\">\n<tbody>\n<tr>\n<td valign=\"top\">\n<div style=\"font-size: 13px; color: #534438; line-height: 20px;\">\n<p style=\"margin: 10px 0;\">For the first time, the Alliance Fran\u00e7aise has assembled its Theatre troupe and invites you to a preview showing of its sketch show &#8220;L&#8217;amour dans tous ses \u00e9tats&#8221;.<\/p>\n<p style=\"margin: 10px 0;\">&#8220;Craziness of love, jealousy of love, everyday love, new love, opportunistic love, all are a good formula that will make our characters sink or swim as they declare their true feelings on stage!&#8221;<\/p>\n<p style=\"margin: 10px 0;\">Admission is free, but booking is required via e-mail to rsvp@alliance-francaise.ie with subject THEATRE.<\/p>\n<\/div>\n<div style=\"font-size: 13px; color: #534438; line-height: 20px;\"><\/div>\n<p style=\"font-size: 13px; color: #534438; line-height: 20px;\"><a style=\"color: #cc2979; text-decoration: none;\" href=\"http:\/\/alliance-francaise.ie\/culture\/\">http:\/\/alliance-francaise.ie\/culture\/<\/a><\/p>\n<\/td>\n<td valign=\"top\"><\/td>\n<\/tr>\n<\/tbody>\n<\/table>\n<\/td>\n<\/tr>\n<\/tbody>\n<\/table>\n<\/td>\n<\/tr>\n<\/tbody>\n<\/table>\n<table width=\"100%\" cellspacing=\"0\" cellpadding=\"0\">\n<tbody>\n<tr>\n<td style=\"padding: 10px 30px;\">\n<table width=\"100%\" cellspacing=\"0\" cellpadding=\"0\">\n<tbody>\n<tr>\n<td valign=\"top\" width=\"52\"><img loading=\"lazy\" decoding=\"async\" src=\"http:\/\/dublineventguide.com\/dff\/admin\/images\/categories\/LITERATURE.png\" alt=\"\" width=\"32\" height=\"32\" \/><\/td>\n<td>\n<h2 style=\"font-size: 16px; color: #534438; margin: 0 0 5px; font-weight: normal;\">Night Before Equality &#8211; LGBT Poetry Night<\/h2>\n<h3 style=\"font-size: 13px; margin: 0; padding: 0; line-height: 16px; color: #534438;\">19:00, Thu 21 May<\/h3>\n<p style=\"font-size: 13px; color: #534438; line-height: 20px; margin: 0; padding-top: 0;\">Outhouse, 105 Capel Street, Dublin 1<\/p>\n<table width=\"100%\" cellspacing=\"0\" cellpadding=\"0\">\n<tbody>\n<tr>\n<td valign=\"top\">\n<div style=\"font-size: 13px; color: #534438; line-height: 20px;\">\n<p style=\"margin: 10px 0;\">The Outhouse hosts a LGBT Poetry Night on Thursday with poets Mark Ward, Kit Fryatt and a number of OPen Mic slots. Admission seems free and booking via the Facebook Page below is requested.<\/p>\n<\/div>\n<div style=\"font-size: 13px; color: #534438; line-height: 20px;\"><\/div>\n<p style=\"font-size: 13px; color: #534438; line-height: 20px;\"><a style=\"color: #cc2979; text-decoration: none;\" href=\"https:\/\/www.facebook.com\/events\/891906737548098\/\">https:\/\/www.facebook.com\/events\/891906737548098\/<\/a><\/p>\n<\/td>\n<td valign=\"top\"><\/td>\n<\/tr>\n<\/tbody>\n<\/table>\n<\/td>\n<\/tr>\n<\/tbody>\n<\/table>\n<\/td>\n<\/tr>\n<\/tbody>\n<\/table>\n<table width=\"100%\" cellspacing=\"0\" cellpadding=\"0\">\n<tbody>\n<tr>\n<td style=\"padding: 10px 30px;\">\n<table width=\"100%\" cellspacing=\"0\" cellpadding=\"0\">\n<tbody>\n<tr>\n<td valign=\"top\" width=\"52\"><img loading=\"lazy\" decoding=\"async\" src=\"http:\/\/dublineventguide.com\/dff\/admin\/images\/categories\/TALKS.png\" alt=\"\" width=\"32\" height=\"32\" \/><\/td>\n<td>\n<h2 style=\"font-size: 16px; color: #534438; margin: 0 0 5px; font-weight: normal;\">Secure Yourself Online &#8211; Talk<\/h2>\n<h3 style=\"font-size: 13px; margin: 0; padding: 0; line-height: 16px; color: #534438;\">19:00, Thu 21 May<\/h3>\n<p style=\"font-size: 13px; color: #534438; line-height: 20px; margin: 0; padding-top: 0;\">TOG, Warehouse Unit C, Chancery Lane, Dublin 8<\/p>\n<table width=\"100%\" cellspacing=\"0\" cellpadding=\"0\">\n<tbody>\n<tr>\n<td valign=\"top\">\n<div style=\"font-size: 13px; color: #534438; line-height: 20px;\">\n<p style=\"margin: 10px 0;\">Martin Mitchell (@jayester) will be speaking about some best practices of securing yourself on-line:<\/p>\n<p style=\"margin: 10px 0;\">Whether you are a creator or user of on-line content, knowing how to secure yourself on-line is important. In a world that is becoming more and more digital, we are growing our digital footprint. During the talk Martin will go through the top 10 best security practices. It will be relevant to you whether you are using a laptop or smart device, getting on-line for work or personal use. You only need to be compromised once for an nefarious individual to make life awkward. Their intention may be for fun or profit, but I will give you the information to protect yourself on-line. The talk is suitable for everyone and you don&#8217;t need to have a certain skill level to understand Martin&#8217;s advise and recommendations.<\/p>\n<p>Admission is free, but booking is required <a style=\"color: #cc2979; text-decoration: none;\" href=\"http:\/\/www.tog.ie\/2015\/05\/evening-talk-secure-online-thursday-21st-2015-7pm\/#wpcf7-f8439-p8437-o1\" target=\"_blank\">here<\/a>.<\/p>\n<\/div>\n<div style=\"font-size: 13px; color: #534438; line-height: 20px;\"><\/div>\n<p style=\"font-size: 13px; color: #534438; line-height: 20px;\"><a style=\"color: #cc2979; text-decoration: none;\" href=\"http:\/\/www.tog.ie\/\">http:\/\/www.tog.ie\/<\/a><\/p>\n<\/td>\n<td valign=\"top\"><\/td>\n<\/tr>\n<\/tbody>\n<\/table>\n<\/td>\n<\/tr>\n<\/tbody>\n<\/table>\n<\/td>\n<\/tr>\n<\/tbody>\n<\/table>\n<table width=\"100%\" cellspacing=\"0\" cellpadding=\"0\">\n<tbody>\n<tr>\n<td style=\"padding: 10px 30px;\">\n<table width=\"100%\" cellspacing=\"0\" cellpadding=\"0\">\n<tbody>\n<tr>\n<td valign=\"top\" width=\"52\"><img loading=\"lazy\" decoding=\"async\" src=\"http:\/\/dublineventguide.com\/dff\/admin\/images\/categories\/ACTIVITY.png\" alt=\"\" width=\"32\" height=\"32\" \/><\/td>\n<td>\n<h2 style=\"font-size: 16px; color: #534438; margin: 0 0 5px; font-weight: normal;\">The Xchange &#8211; Language Exchange &amp; Music<\/h2>\n<h3 style=\"font-size: 13px; margin: 0; padding: 0; line-height: 16px; color: #534438;\"><img loading=\"lazy\" decoding=\"async\" style=\"display: inline; float: left;\" src=\"http:\/\/dublineventguide.com\/dff\/admin\/images\/weekly.png\" alt=\"\" width=\"69\" height=\"16\" \/> 19:00, Thu 21 May<\/h3>\n<p style=\"font-size: 13px; color: #534438; line-height: 20px; margin: 0; padding-top: 0;\">Slattery&#8217;s Bar, 129 Capel Street, Dublin 1<\/p>\n<table width=\"100%\" cellspacing=\"0\" cellpadding=\"0\">\n<tbody>\n<tr>\n<td valign=\"top\">\n<div style=\"font-size: 13px; color: #534438; line-height: 20px;\">\n<p style=\"margin: 10px 0;\">Every Thursday, the Xchange invites to a Language Exchange (19:00-20:30), followed by live music (21:00-23:30) by up and coming local and international artists.<\/p>\n<p style=\"margin: 10px 0;\">Admission is free before 20:00 and free finger food is provided.<\/p>\n<\/div>\n<div style=\"font-size: 13px; color: #534438; line-height: 20px;\"><\/div>\n<p style=\"font-size: 13px; color: #534438; line-height: 20px;\"><a style=\"color: #cc2979; text-decoration: none;\" href=\"https:\/\/www.facebook.com\/pages\/The-Xchange\/1472043553072435\">https:\/\/www.facebook.com\/pages\/The-Xchange\/1472043553072435<\/a><\/p>\n<\/td>\n<td valign=\"top\"><\/td>\n<\/tr>\n<\/tbody>\n<\/table>\n<\/td>\n<\/tr>\n<\/tbody>\n<\/table>\n<\/td>\n<\/tr>\n<\/tbody>\n<\/table>\n<table width=\"100%\" cellspacing=\"0\" cellpadding=\"0\">\n<tbody>\n<tr>\n<td style=\"padding: 10px 30px;\">\n<table width=\"100%\" cellspacing=\"0\" cellpadding=\"0\">\n<tbody>\n<tr>\n<td valign=\"top\" width=\"52\"><img loading=\"lazy\" decoding=\"async\" src=\"http:\/\/dublineventguide.com\/dff\/admin\/images\/categories\/TALKS.png\" alt=\"\" width=\"32\" height=\"32\" \/><\/td>\n<td>\n<h2 style=\"font-size: 16px; color: #534438; margin: 0 0 5px; font-weight: normal;\">Bird Migration in Ireland &#8211; Lecture<\/h2>\n<h3 style=\"font-size: 13px; margin: 0; padding: 0; line-height: 16px; color: #534438;\">20:00, Thu 21 May<\/h3>\n<p style=\"font-size: 13px; color: #534438; line-height: 20px; margin: 0; padding-top: 0;\">National Botanic Gardens, Botanic Road, Glasnevin, Dublin 9<\/p>\n<table width=\"100%\" cellspacing=\"0\" cellpadding=\"0\">\n<tbody>\n<tr>\n<td valign=\"top\">\n<div style=\"font-size: 13px; color: #534438; line-height: 20px;\">\n<p style=\"margin: 10px 0;\">The lecture &#8220;Bird Migration in Ireland, Still a Glorious Mystery&#8221; with Anthony McGeehan (Ornithologist, Journalist and Author) will take place in the Visitor Centre of the National Botanic Gardens. It is organised with the Tolka Branch of BirdWatch Ireland.<\/p>\n<p style=\"margin: 10px 0;\">Admission is free.<\/p>\n<\/div>\n<div style=\"font-size: 13px; color: #534438; line-height: 20px;\"><\/div>\n<p style=\"font-size: 13px; color: #534438; line-height: 20px;\"><a style=\"color: #cc2979; text-decoration: none;\" href=\"http:\/\/www.botanicgardens.ie\/news\/events.htm\">http:\/\/www.botanicgardens.ie\/news\/events.htm<\/a><\/p>\n<\/td>\n<td valign=\"top\"><\/td>\n<\/tr>\n<\/tbody>\n<\/table>\n<\/td>\n<\/tr>\n<\/tbody>\n<\/table>\n<\/td>\n<\/tr>\n<\/tbody>\n<\/table>\n<table width=\"100%\" cellspacing=\"0\" cellpadding=\"0\">\n<tbody>\n<tr>\n<td style=\"padding: 10px 30px;\">\n<table width=\"100%\" cellspacing=\"0\" cellpadding=\"0\">\n<tbody>\n<tr>\n<td valign=\"top\" width=\"52\"><img loading=\"lazy\" decoding=\"async\" src=\"http:\/\/dublineventguide.com\/dff\/admin\/images\/categories\/MUSIC.png\" alt=\"\" width=\"32\" height=\"32\" \/><\/td>\n<td>\n<h2 style=\"font-size: 16px; color: #534438; margin: 0 0 5px; font-weight: normal;\">Dimestore Recordings presents<\/h2>\n<h3 style=\"font-size: 13px; margin: 0; padding: 0; line-height: 16px; color: #534438;\"><img loading=\"lazy\" decoding=\"async\" style=\"display: inline; float: left;\" src=\"http:\/\/dublineventguide.com\/dff\/admin\/images\/weekly.png\" alt=\"\" width=\"69\" height=\"16\" \/> 20:00, Thu 21 May<\/h3>\n<p style=\"font-size: 13px; color: #534438; line-height: 20px; margin: 0; padding-top: 0;\">Sweeney Mongrel&#8217;s, 32 Dame Street, Dublin 2<\/p>\n<table width=\"100%\" cellspacing=\"0\" cellpadding=\"0\">\n<tbody>\n<tr>\n<td valign=\"top\">\n<div style=\"font-size: 13px; color: #534438; line-height: 20px;\">\n<p style=\"margin: 10px 0;\">Dimestore Recordings run a weekly event in Sweeney Mongrel&#8217;s with a variety of bands and performers. It starts at 20:00, follow the link for the line up.<\/p>\n<\/div>\n<div style=\"font-size: 13px; color: #534438; line-height: 20px;\"><\/div>\n<p style=\"font-size: 13px; color: #534438; line-height: 20px;\"><a style=\"color: #cc2979; text-decoration: none;\" href=\"https:\/\/www.facebook.com\/DimeStoreRecords\">https:\/\/www.facebook.com\/DimeStoreRecords<\/a><\/p>\n<\/td>\n<td valign=\"top\"><\/td>\n<\/tr>\n<\/tbody>\n<\/table>\n<\/td>\n<\/tr>\n<\/tbody>\n<\/table>\n<\/td>\n<\/tr>\n<\/tbody>\n<\/table>\n<table width=\"100%\" cellspacing=\"0\" cellpadding=\"0\">\n<tbody>\n<tr>\n<td style=\"padding: 10px 30px;\">\n<table width=\"100%\" cellspacing=\"0\" cellpadding=\"0\">\n<tbody>\n<tr>\n<td valign=\"top\" width=\"52\"><img loading=\"lazy\" decoding=\"async\" src=\"http:\/\/dublineventguide.com\/dff\/admin\/images\/categories\/MUSIC.png\" alt=\"\" width=\"32\" height=\"32\" \/><\/td>\n<td>\n<h2 style=\"font-size: 16px; color: #534438; margin: 0 0 5px; font-weight: normal;\">Scott Maher &#8211; Gig<\/h2>\n<h3 style=\"font-size: 13px; margin: 0; padding: 0; line-height: 16px; color: #534438;\">20:00, Thu 21 May<\/h3>\n<p style=\"font-size: 13px; color: #534438; line-height: 20px; margin: 0; padding-top: 0;\">Harbour Bar, 1 Strand Road, Bray, Co. Wicklow<\/p>\n<table width=\"100%\" cellspacing=\"0\" cellpadding=\"0\">\n<tbody>\n<tr>\n<td valign=\"top\">\n<div style=\"font-size: 13px; color: #534438; line-height: 20px;\">\n<p style=\"margin: 10px 0;\">Scott Maher launches his new album in the Harbour Bar. Expect Blues\/Pop\/Rock.<\/p>\n<p style=\"margin: 10px 0;\">Admission is free.<\/p>\n<\/div>\n<div style=\"font-size: 13px; color: #534438; line-height: 20px;\"><\/div>\n<p style=\"font-size: 13px; color: #534438; line-height: 20px;\"><a style=\"color: #cc2979; text-decoration: none;\" href=\"http:\/\/www.theharbourbar.ie\/whats-on\/event\/scott-maher-event1\">http:\/\/www.theharbourbar.ie\/whats-on\/event\/scott-maher-event1<\/a><\/p>\n<\/td>\n<td valign=\"top\"><\/td>\n<\/tr>\n<\/tbody>\n<\/table>\n<\/td>\n<\/tr>\n<\/tbody>\n<\/table>\n<\/td>\n<\/tr>\n<\/tbody>\n<\/table>\n<table width=\"100%\" cellspacing=\"0\" cellpadding=\"0\">\n<tbody>\n<tr>\n<td style=\"padding: 10px 30px;\">\n<table width=\"100%\" cellspacing=\"0\" cellpadding=\"0\">\n<tbody>\n<tr>\n<td valign=\"top\" width=\"52\"><img loading=\"lazy\" decoding=\"async\" src=\"http:\/\/dublineventguide.com\/dff\/admin\/images\/categories\/ACTIVITY.png\" alt=\"\" width=\"32\" height=\"32\" \/><\/td>\n<td>\n<h2 style=\"font-size: 16px; color: #534438; margin: 0 0 5px; font-weight: normal;\">Table Quiz Thursday &#8211; Grand Social<\/h2>\n<h3 style=\"font-size: 13px; margin: 0; padding: 0; line-height: 16px; color: #534438;\">20:00 &#8211; 23:00, Thu 21 May<\/h3>\n<p style=\"font-size: 13px; color: #534438; line-height: 20px; margin: 0; padding-top: 0;\">Grand Social, 35 Lower Liffey Street (near Ha&#8217;Penny Bridge), Dublin 1<\/p>\n<table width=\"100%\" cellspacing=\"0\" cellpadding=\"0\">\n<tbody>\n<tr>\n<td valign=\"top\">\n<div style=\"font-size: 13px; color: #534438; line-height: 20px;\">\n<p style=\"margin: 10px 0;\">A new weekly Table Quiz takes place in the Grand Social. Every Thursdayteams of 4 people (or at least 2 people) will compete against each other over questions from the areas of General Knowledge, Music, Film, Sports &amp; Entertainment.<\/p>\n<p style=\"margin: 10px 0;\">Admission is free.<\/p>\n<\/div>\n<div style=\"font-size: 13px; color: #534438; line-height: 20px;\"><\/div>\n<p style=\"font-size: 13px; color: #534438; line-height: 20px;\"><a style=\"color: #cc2979; text-decoration: none;\" href=\"http:\/\/www.thegrandsocial.ie\/event\/table-quiz-thursdays\/2015-02-12\/\">http:\/\/www.thegrandsocial.ie\/event\/table-quiz-thursdays\/2015-02-12\/<\/a><\/p>\n<\/td>\n<td valign=\"top\"><\/td>\n<\/tr>\n<\/tbody>\n<\/table>\n<\/td>\n<\/tr>\n<\/tbody>\n<\/table>\n<\/td>\n<\/tr>\n<\/tbody>\n<\/table>\n<table width=\"100%\" cellspacing=\"0\" cellpadding=\"0\">\n<tbody>\n<tr>\n<td style=\"padding: 10px 30px;\">\n<table width=\"100%\" cellspacing=\"0\" cellpadding=\"0\">\n<tbody>\n<tr>\n<td valign=\"top\" width=\"52\"><img loading=\"lazy\" decoding=\"async\" src=\"http:\/\/dublineventguide.com\/dff\/admin\/images\/categories\/MUSIC.png\" alt=\"\" width=\"32\" height=\"32\" \/><\/td>\n<td>\n<h2 style=\"font-size: 16px; color: #534438; margin: 0 0 5px; font-weight: normal;\">Whitefriar Street Church Organ Recital<\/h2>\n<h3 style=\"font-size: 13px; margin: 0; padding: 0; line-height: 16px; color: #534438;\">20:00, Thu 21 May<\/h3>\n<p style=\"font-size: 13px; color: #534438; line-height: 20px; margin: 0; padding-top: 0;\">Whitefriar St. Church, Aungier Street, Dublin 2<\/p>\n<table width=\"100%\" cellspacing=\"0\" cellpadding=\"0\">\n<tbody>\n<tr>\n<td valign=\"top\">\n<div style=\"font-size: 13px; color: #534438; line-height: 20px;\">\n<p style=\"margin: 10px 0;\">Following the success of the Organ Recital Series in Whitefriar Street Church over the last two years, another series of four concerts will be happening in May. The recitals will take place each Thursday at 20:00 and admission is free.<\/p>\n<p>The programme is:<br \/>\n07 May; John Dexter playing works by Bach, Couperin, Pachelbel, and Peeters.<br \/>\n14 May: Peter McBride playing works by Handel, Bach, B\u00e9dard, and Vierne.<br \/>\n21 May: Aleksandr Nisse playing works by Buxtehude, Bach, Saint-Sa\u00ebns, Salvignol-Nisse, Nisse, Florentz and Messiaen.<br \/>\n28 May: Simon Nolan playing works by Marchand, Sweelinck, Bach, Dupr\u00e9, Peeters and Vierne.<\/p>\n<\/div>\n<div style=\"font-size: 13px; color: #534438; line-height: 20px;\"><\/div>\n<p style=\"font-size: 13px; color: #534438; line-height: 20px;\"><a style=\"color: #cc2979; text-decoration: none;\" href=\"http:\/\/whitefriarstreetchurch.ie\/organrecitals.html\">http:\/\/whitefriarstreetchurch.ie\/organrecitals.html<\/a><\/p>\n<\/td>\n<td valign=\"top\"><\/td>\n<\/tr>\n<\/tbody>\n<\/table>\n<\/td>\n<\/tr>\n<\/tbody>\n<\/table>\n<\/td>\n<\/tr>\n<\/tbody>\n<\/table>\n<table width=\"100%\" cellspacing=\"0\" cellpadding=\"0\">\n<tbody>\n<tr>\n<td style=\"padding: 10px 30px;\">\n<table width=\"100%\" cellspacing=\"0\" cellpadding=\"0\">\n<tbody>\n<tr>\n<td valign=\"top\" width=\"52\"><img loading=\"lazy\" decoding=\"async\" src=\"http:\/\/dublineventguide.com\/dff\/admin\/images\/categories\/MUSIC.png\" alt=\"\" width=\"32\" height=\"32\" \/><\/td>\n<td>\n<h2 style=\"font-size: 16px; color: #534438; margin: 0 0 5px; font-weight: normal;\">Festival Club &#8211; Intern. Literature Festival<\/h2>\n<h3 style=\"font-size: 13px; margin: 0; padding: 0; line-height: 16px; color: #534438;\">21:00, Thu 21 May<\/h3>\n<p style=\"font-size: 13px; color: #534438; line-height: 20px; margin: 0; padding-top: 0;\">Oscar&#8217;s Cafe Bar, 16-18 Fishamble Street, Dublin 8<\/p>\n<table width=\"100%\" cellspacing=\"0\" cellpadding=\"0\">\n<tbody>\n<tr>\n<td valign=\"top\">\n<div style=\"font-size: 13px; color: #534438; line-height: 20px;\">\n<p style=\"margin: 10px 0;\">The International Literature Festival invites to a Festival Club on four nights in Oscar&#8217;s Bar and the event will feature:<\/p>\n<p>+ Sat 16 May: Anna Jordan and Dennis Cassidy<br \/>\n+ Thur 21 May: Isobel Anderson<br \/>\n+ Fri 22 May: Dylan Tighe<br \/>\n+ Sat 23 May: Lyrical Ballads with DJ Nialler9<\/p>\n<p style=\"margin: 10px 0;\">Admission is free.<\/p>\n<\/div>\n<div style=\"font-size: 13px; color: #534438; line-height: 20px;\"><\/div>\n<p style=\"font-size: 13px; color: #534438; line-height: 20px;\"><a style=\"color: #cc2979; text-decoration: none;\" href=\"http:\/\/ilfdublin.com\/programme\/\">http:\/\/ilfdublin.com\/programme\/<\/a><\/p>\n<\/td>\n<td valign=\"top\"><\/td>\n<\/tr>\n<\/tbody>\n<\/table>\n<\/td>\n<\/tr>\n<\/tbody>\n<\/table>\n<\/td>\n<\/tr>\n<\/tbody>\n<\/table>\n<table width=\"100%\" cellspacing=\"0\" cellpadding=\"0\">\n<tbody>\n<tr>\n<td style=\"padding: 10px 30px;\">\n<table width=\"100%\" cellspacing=\"0\" cellpadding=\"0\">\n<tbody>\n<tr>\n<td valign=\"top\" width=\"52\"><img loading=\"lazy\" decoding=\"async\" src=\"http:\/\/dublineventguide.com\/dff\/admin\/images\/categories\/COMEDY.png\" alt=\"\" width=\"32\" height=\"32\" \/><\/td>\n<td>\n<h2 style=\"font-size: 16px; color: #534438; margin: 0 0 5px; font-weight: normal;\">Hardy Har Comedy Club<\/h2>\n<h3 style=\"font-size: 13px; margin: 0; padding: 0; line-height: 16px; color: #534438;\">21:00, Thu 21 May<\/h3>\n<p style=\"font-size: 13px; color: #534438; line-height: 20px; margin: 0; padding-top: 0;\">Harbour Bar, 1 Strand Road, Bray, Co. Wicklow<\/p>\n<table width=\"100%\" cellspacing=\"0\" cellpadding=\"0\">\n<tbody>\n<tr>\n<td valign=\"top\">\n<div style=\"font-size: 13px; color: #534438; line-height: 20px;\">\n<p style=\"margin: 10px 0;\">Hardy Har Comedy Club present Willa White and Lisa Casey this month, presented by Adam Burke MC.<\/p>\n<p style=\"margin: 10px 0;\">Admission is free.<\/p>\n<\/div>\n<div style=\"font-size: 13px; color: #534438; line-height: 20px;\"><\/div>\n<p style=\"font-size: 13px; color: #534438; line-height: 20px;\"><a style=\"color: #cc2979; text-decoration: none;\" href=\"http:\/\/www.theharbourbar.ie\/whats-on\/event\/hardy-har-comedy-club-event\">http:\/\/www.theharbourbar.ie\/whats-on\/event\/hardy-har-comedy-club-event<\/a><\/p>\n<\/td>\n<td valign=\"top\"><\/td>\n<\/tr>\n<\/tbody>\n<\/table>\n<\/td>\n<\/tr>\n<\/tbody>\n<\/table>\n<\/td>\n<\/tr>\n<\/tbody>\n<\/table>\n<table width=\"100%\" cellspacing=\"0\" cellpadding=\"0\">\n<tbody>\n<tr>\n<td style=\"padding: 10px 30px;\">\n<table width=\"100%\" cellspacing=\"0\" cellpadding=\"0\">\n<tbody>\n<tr>\n<td valign=\"top\" width=\"52\"><img loading=\"lazy\" decoding=\"async\" src=\"http:\/\/dublineventguide.com\/dff\/admin\/images\/categories\/MUSIC.png\" alt=\"\" width=\"32\" height=\"32\" \/><\/td>\n<td>\n<h2 style=\"font-size: 16px; color: #534438; margin: 0 0 5px; font-weight: normal;\">Singer Songwriter Night &#8211; Mother Reilly&#8217;s<\/h2>\n<h3 style=\"font-size: 13px; margin: 0; padding: 0; line-height: 16px; color: #534438;\"><img loading=\"lazy\" decoding=\"async\" style=\"display: inline; float: left;\" src=\"http:\/\/dublineventguide.com\/dff\/admin\/images\/weekly.png\" alt=\"\" width=\"69\" height=\"16\" \/> 21:00, Thu 21 May<\/h3>\n<p style=\"font-size: 13px; color: #534438; line-height: 20px; margin: 0; padding-top: 0;\">Mother Reillys, 26\/28 Upper Rathmines Road, Rathmines, Dublin 6<\/p>\n<table width=\"100%\" cellspacing=\"0\" cellpadding=\"0\">\n<tbody>\n<tr>\n<td valign=\"top\">\n<div style=\"font-size: 13px; color: #534438; line-height: 20px;\">\n<p style=\"margin: 10px 0;\">Every Thursday a Singer Songwriter Night will take place in Mother Reilly&#8217;s in Rathmines. This is YOUR chance to show everyone what you can do, alternatively you can just listen to the talented Singer\/Songwriters. Admission is free.<\/p>\n<\/div>\n<div style=\"font-size: 13px; color: #534438; line-height: 20px;\"><\/div>\n<p style=\"font-size: 13px; color: #534438; line-height: 20px;\"><a style=\"color: #cc2979; text-decoration: none;\" href=\"https:\/\/www.facebook.com\/motherreillysADMIN\">https:\/\/www.facebook.com\/motherreillysADMIN<\/a><\/p>\n<\/td>\n<td valign=\"top\"><\/td>\n<\/tr>\n<\/tbody>\n<\/table>\n<\/td>\n<\/tr>\n<\/tbody>\n<\/table>\n<\/td>\n<\/tr>\n<\/tbody>\n<\/table>\n<table width=\"100%\" cellspacing=\"0\" cellpadding=\"0\">\n<tbody>\n<tr>\n<td style=\"padding: 10px 30px;\">\n<table width=\"100%\" cellspacing=\"0\" cellpadding=\"0\">\n<tbody>\n<tr>\n<td valign=\"top\" width=\"52\"><img loading=\"lazy\" decoding=\"async\" src=\"http:\/\/dublineventguide.com\/dff\/admin\/images\/categories\/ACTIVITY.png\" alt=\"\" width=\"32\" height=\"32\" \/><\/td>\n<td>\n<h2 style=\"font-size: 16px; color: #534438; margin: 0 0 5px; font-weight: normal;\">Brady&#8217;s Fun Pub Quiz<\/h2>\n<h3 style=\"font-size: 13px; margin: 0; padding: 0; line-height: 16px; color: #534438;\"><img loading=\"lazy\" decoding=\"async\" style=\"display: inline; float: left;\" src=\"http:\/\/dublineventguide.com\/dff\/admin\/images\/weekly.png\" alt=\"\" width=\"69\" height=\"16\" \/> 21:30, Thu 21 May<\/h3>\n<p style=\"font-size: 13px; color: #534438; line-height: 20px; margin: 0; padding-top: 0;\">Brady&#8217;s Pub, 5 Terenure Place, Terenure, Dublin 6<\/p>\n<table width=\"100%\" cellspacing=\"0\" cellpadding=\"0\">\n<tbody>\n<tr>\n<td valign=\"top\">\n<div style=\"font-size: 13px; color: #534438; line-height: 20px;\">\n<p style=\"margin: 10px 0;\">A Fun Pub Quiz takes place in Brady&#8217;s in Terenure on Thurs. The quiz will be on every Thursday night in the Lounge at Brady&#8217;s. Keith McLoughlin is the Quiz Master.<\/p>\n<p style=\"margin: 10px 0;\">There will be six rounds of the quiz with picture questions, audio questions and general knowledge questions. Admission to the quiz is free and therr will be free drink vouchers for the winning and runner up teams. (No phones to get answers allowed.)<\/p>\n<\/div>\n<div style=\"font-size: 13px; color: #534438; line-height: 20px;\"><\/div>\n<p style=\"font-size: 13px; color: #534438; line-height: 20px;\"><a style=\"color: #cc2979; text-decoration: none;\" href=\"http:\/\/www.gumtree.ie\/a-events-gigs-nightlife\/dublin\/brady-s-fun-pub-quiz-back-thursday-8th-jan-2015\/1001225919300910319322809\">http:\/\/www.gumtree.ie\/a-events-gigs-nightlife\/dublin\/brady-s-fun-pub-quiz-back-thursday-8th-jan-2015\/1001225919300910319322809<\/a><\/p>\n<\/td>\n<td valign=\"top\"><\/td>\n<\/tr>\n<\/tbody>\n<\/table>\n<\/td>\n<\/tr>\n<\/tbody>\n<\/table>\n<\/td>\n<\/tr>\n<\/tbody>\n<\/table>\n<table width=\"100%\" cellspacing=\"0\" cellpadding=\"0\">\n<tbody>\n<tr>\n<td style=\"padding: 10px 30px;\">\n<table width=\"100%\" cellspacing=\"0\" cellpadding=\"0\">\n<tbody>\n<tr>\n<td valign=\"top\" width=\"52\"><img loading=\"lazy\" decoding=\"async\" src=\"http:\/\/dublineventguide.com\/dff\/admin\/images\/categories\/MUSIC.png\" alt=\"\" width=\"32\" height=\"32\" \/><\/td>\n<td>\n<h2 style=\"font-size: 16px; color: #534438; margin: 0 0 5px; font-weight: normal;\">International Bar Jazz Night<\/h2>\n<h3 style=\"font-size: 13px; margin: 0; padding: 0; line-height: 16px; color: #534438;\"><img loading=\"lazy\" decoding=\"async\" style=\"display: inline; float: left;\" src=\"http:\/\/dublineventguide.com\/dff\/admin\/images\/weekly.png\" alt=\"\" width=\"69\" height=\"16\" \/> 21:30, Thu 21 May<\/h3>\n<p style=\"font-size: 13px; color: #534438; line-height: 20px; margin: 0; padding-top: 0;\">The International Bar, 23 Wicklow Street, Dublin 2<\/p>\n<table width=\"100%\" cellspacing=\"0\" cellpadding=\"0\">\n<tbody>\n<tr>\n<td valign=\"top\">\n<div style=\"font-size: 13px; color: #534438; line-height: 20px;\">\n<p style=\"margin: 10px 0;\">Every Tuesday and Thursday the International Bar invites to a Jazz night in the Lounge.<\/p>\n<p style=\"margin: 10px 0;\">Groups led by Cote Calmet, Sean Maynard Smith, Dominic Mullan, Paddy Groenland, Georgia Cusack &amp; Alex Mathias are performing regularly with occasional guest players, but there are also other bands from all over.<\/p>\n<p style=\"margin: 10px 0;\">Admission is free, with a suggested donation of EUR 5. The website clearly says that there is no entry fee, but &#8211; and that makes a lot of sense &#8211; that your donations are very much appreciated (Musicians need to pay for rent and food too!) Be generous after the gig if you liked it, but if someone wants to charge an admission charge, please point out that the &#8220;rules&#8221; as described on their website are like I have explained.<\/p>\n<\/div>\n<div style=\"font-size: 13px; color: #534438; line-height: 20px;\"><\/div>\n<p style=\"font-size: 13px; color: #534438; line-height: 20px;\"><a style=\"color: #cc2979; text-decoration: none;\" href=\"http:\/\/www.international-bar.com\/jazz\/\">http:\/\/www.international-bar.com\/jazz\/<\/a><\/p>\n<\/td>\n<td valign=\"top\"><\/td>\n<\/tr>\n<\/tbody>\n<\/table>\n<\/td>\n<\/tr>\n<\/tbody>\n<\/table>\n<\/td>\n<\/tr>\n<\/tbody>\n<\/table>\n<table width=\"100%\" cellspacing=\"0\" cellpadding=\"0\">\n<tbody>\n<tr>\n<td style=\"padding: 10px 30px;\">\n<table width=\"100%\" cellspacing=\"0\" cellpadding=\"0\">\n<tbody>\n<tr>\n<td valign=\"top\" width=\"52\"><img loading=\"lazy\" decoding=\"async\" src=\"http:\/\/dublineventguide.com\/dff\/admin\/images\/categories\/MUSIC.png\" alt=\"\" width=\"32\" height=\"32\" \/><\/td>\n<td>\n<h2 style=\"font-size: 16px; color: #534438; margin: 0 0 5px; font-weight: normal;\">Left, Right &amp; Centre &#8211; Blues+Soul<\/h2>\n<h3 style=\"font-size: 13px; margin: 0; padding: 0; line-height: 16px; color: #534438;\"><img loading=\"lazy\" decoding=\"async\" style=\"display: inline; float: left;\" src=\"http:\/\/dublineventguide.com\/dff\/admin\/images\/weekly.png\" alt=\"\" width=\"69\" height=\"16\" \/> 21:30, Thu 21 May<\/h3>\n<p style=\"font-size: 13px; color: #534438; line-height: 20px; margin: 0; padding-top: 0;\">Frank Ryan&#8217;s Bar, Queen Street, Smithfield, Dublin 7<\/p>\n<table width=\"100%\" cellspacing=\"0\" cellpadding=\"0\">\n<tbody>\n<tr>\n<td valign=\"top\">\n<div style=\"font-size: 13px; color: #534438; line-height: 20px;\">\n<p style=\"margin: 10px 0;\">Every Thursday &#8220;Left Right &amp; Centre&#8221; play a mix of blues &amp; soul with a bit of rock&amp;roll.<\/p>\n<\/div>\n<div style=\"font-size: 13px; color: #534438; line-height: 20px;\"><\/div>\n<p style=\"font-size: 13px; color: #534438; line-height: 20px;\"><a style=\"color: #cc2979; text-decoration: none;\" href=\"http:\/\/www.frankryans.com\">http:\/\/www.frankryans.com<\/a><\/p>\n<\/td>\n<td valign=\"top\"><\/td>\n<\/tr>\n<\/tbody>\n<\/table>\n<\/td>\n<\/tr>\n<\/tbody>\n<\/table>\n<\/td>\n<\/tr>\n<\/tbody>\n<\/table>\n<table width=\"100%\" cellspacing=\"0\" cellpadding=\"0\">\n<tbody>\n<tr>\n<td style=\"padding: 10px 30px;\">\n<table width=\"100%\" cellspacing=\"0\" cellpadding=\"0\">\n<tbody>\n<tr>\n<td valign=\"top\" width=\"52\"><img loading=\"lazy\" decoding=\"async\" src=\"http:\/\/dublineventguide.com\/dff\/admin\/images\/categories\/MUSIC.png\" alt=\"\" width=\"32\" height=\"32\" \/><\/td>\n<td>\n<h2 style=\"font-size: 16px; color: #534438; margin: 0 0 5px; font-weight: normal;\">McNeills Trad Music Pub Sessions<\/h2>\n<h3 style=\"font-size: 13px; margin: 0; padding: 0; line-height: 16px; color: #534438;\"><img loading=\"lazy\" decoding=\"async\" style=\"display: inline; float: left;\" src=\"http:\/\/dublineventguide.com\/dff\/admin\/images\/weekly.png\" alt=\"\" width=\"69\" height=\"16\" \/> 21:30, Thu 21 May<\/h3>\n<p style=\"font-size: 13px; color: #534438; line-height: 20px; margin: 0; padding-top: 0;\">J. McNeills, 140 Capel Street, Dublin 7<\/p>\n<table width=\"100%\" cellspacing=\"0\" cellpadding=\"0\">\n<tbody>\n<tr>\n<td valign=\"top\">\n<div style=\"font-size: 13px; color: #534438; line-height: 20px;\">\n<p style=\"margin: 10px 0;\">Every Thursday a free Trad Session takes place in McNeills and often there are high profile Trad musicians performing.<\/p>\n<\/div>\n<div style=\"font-size: 13px; color: #534438; line-height: 20px;\"><\/div>\n<p style=\"font-size: 13px; color: #534438; line-height: 20px;\"><a style=\"color: #cc2979; text-decoration: none;\" href=\"https:\/\/www.facebook.com\/McNeillsPubSessions\">https:\/\/www.facebook.com\/McNeillsPubSessions<\/a><\/p>\n<\/td>\n<td valign=\"top\"><\/td>\n<\/tr>\n<\/tbody>\n<\/table>\n<\/td>\n<\/tr>\n<\/tbody>\n<\/table>\n<\/td>\n<\/tr>\n<\/tbody>\n<\/table>\n<table width=\"100%\" cellspacing=\"0\" cellpadding=\"0\">\n<tbody>\n<tr>\n<td style=\"padding: 10px 30px;\">\n<table width=\"100%\" cellspacing=\"0\" cellpadding=\"0\">\n<tbody>\n<tr>\n<td valign=\"top\" width=\"52\"><img loading=\"lazy\" decoding=\"async\" src=\"http:\/\/dublineventguide.com\/dff\/admin\/images\/categories\/MUSIC.png\" alt=\"\" width=\"32\" height=\"32\" \/><\/td>\n<td>\n<h2 style=\"font-size: 16px; color: #534438; margin: 0 0 5px; font-weight: normal;\">Woolshed Karaoke &#8211; Semi Final<\/h2>\n<h3 style=\"font-size: 13px; margin: 0; padding: 0; line-height: 16px; color: #534438;\">21:30, Thu 21 May<\/h3>\n<p style=\"font-size: 13px; color: #534438; line-height: 20px; margin: 0; padding-top: 0;\">Woolshed Bar &amp; Grill, Parnell Street, Dublin 1<\/p>\n<table width=\"100%\" cellspacing=\"0\" cellpadding=\"0\">\n<tbody>\n<tr>\n<td valign=\"top\">\n<div style=\"font-size: 13px; color: #534438; line-height: 20px;\">\n<p style=\"margin: 10px 0;\">The yearly Woolshed Karaoke Competition is running from 23 Apr-30 May. The heats are happening every Thursday and the semi finals are on 14+21 May, with the Grand Final being held on 30 May.<\/p>\n<p style=\"margin: 10px 0;\">Entry to the competition is free and anyone can participate. Just put your name down on the night. The overall winner will get to record a CD at Temple Lane Studios in Dublin.<\/p>\n<p style=\"margin: 10px 0;\">If you don\u2019t want to enter the competition you can still come along and sing for fun. Every singer will get a free drink.<\/p>\n<p style=\"margin: 10px 0;\">Admission is free.<\/p>\n<\/div>\n<div style=\"font-size: 13px; color: #534438; line-height: 20px;\"><\/div>\n<p style=\"font-size: 13px; color: #534438; line-height: 20px;\"><a style=\"color: #cc2979; text-decoration: none;\" href=\"http:\/\/www.woolshedbaa.com\/dublin\/\">http:\/\/www.woolshedbaa.com\/dublin\/<\/a><\/p>\n<\/td>\n<td valign=\"top\"><\/td>\n<\/tr>\n<\/tbody>\n<\/table>\n<\/td>\n<\/tr>\n<\/tbody>\n<\/table>\n<\/td>\n<\/tr>\n<\/tbody>\n<\/table>\n<table id=\"day_1432249200\" style=\"margin-top: 10px;\" width=\"100%\" cellspacing=\"0\" cellpadding=\"0\">\n<tbody>\n<tr style=\"background-color: #c20162; color: #fff;\">\n<td style=\"padding: 0; line-height: 1; height: 34px; overflow: hidden;\">\n<p style=\"width: 630px; padding-left: 30px; margin: 0; height: 34px; overflow: hidden; line-height: 34px;\"><a name=\"day_1432249200\"><\/a><strong>Friday <\/strong> 22 May<\/p>\n<\/td>\n<td>\n<p style=\"margin: 0; line-height: 34px; padding: 0; font-size: 13px;\"><a style=\"color: #fff; text-decoration: none;\" href=\"#dff_top\">back to top<\/a><\/p>\n<\/td>\n<td>\n<p style=\"margin: 0; padding: 0; font-size: 13px;\"><a style=\"color: #fff; text-decoration: none;\" href=\"#dff_top\"><img loading=\"lazy\" decoding=\"async\" src=\"http:\/\/dublineventguide.com\/dff\/admin\/images\/dividers\/date_toplink.png\" alt=\"Back to top\" width=\"38\" height=\"34\" \/><\/a><\/p>\n<\/td>\n<td width=\"50\"><\/td>\n<\/tr>\n<\/tbody>\n<\/table>\n<table width=\"100%\" cellspacing=\"0\" cellpadding=\"0\">\n<tbody>\n<tr>\n<td style=\"padding: 10px 30px;\">\n<table width=\"100%\" cellspacing=\"0\" cellpadding=\"0\">\n<tbody>\n<tr>\n<td valign=\"top\" width=\"52\"><img loading=\"lazy\" decoding=\"async\" src=\"http:\/\/dublineventguide.com\/dff\/admin\/images\/categories\/ACTIVITY.png\" alt=\"\" width=\"32\" height=\"32\" \/><\/td>\n<td>\n<h2 style=\"font-size: 16px; color: #534438; margin: 0 0 5px; font-weight: normal;\">Marriage Equality Referendum &#8211; Please vote!!!<\/h2>\n<h3 style=\"font-size: 13px; margin: 0; padding: 0; line-height: 16px; color: #534438;\">07:00 &#8211; 22:00, Fri 22 May<\/h3>\n<p style=\"font-size: 13px; color: #534438; line-height: 20px; margin: 0; padding-top: 0;\">Dublin (various locations)<\/p>\n<table width=\"100%\" cellspacing=\"0\" cellpadding=\"0\">\n<tbody>\n<tr>\n<td valign=\"top\">\n<div style=\"font-size: 13px; color: #534438; line-height: 20px;\">\n<p style=\"margin: 10px 0;\">It doesn&#8217;t matter what your opinion is about this important referendum, the appeal is the same to both sides:<\/p>\n<p style=\"margin: 10px 0;\">Please vote today in the Marriage Equality Referendum!<\/p>\n<p style=\"margin: 10px 0;\">Don&#8217;t rely on other people speaking for you. You have to speak for yourself and don&#8217;t want to regret it afterwards if the opinion that you have is not heard. Polling stations are open from 07:00-22:00 and while it is shockingly undemocratic that letter ballots for people who can&#8217;t be at home for whatever reason are still not permitted in Ireland, at least the hours are quite long so that you have a good chance to vote.<\/p>\n<p>If you are not too sure yet about the Referendum you can read the (unbiased) facts here <a style=\"color: #cc2979; text-decoration: none;\" href=\"http:\/\/www.refcom2015.ie\/marriage\/\">http:\/\/www.refcom2015.ie\/marriage\/<\/a><\/p>\n<p>Also remember that there is a second Referendum today about the oh-so-not-important minimum age for presidential candidates. Not important at all, as I said, but while you are there, use your democratic right and vote in that referendum as well. ( <a style=\"color: #cc2979; text-decoration: none;\" href=\"http:\/\/www.refcom2015.ie\/presidential-age\/\">http:\/\/www.refcom2015.ie\/presidential-age\/<\/a> )<\/p>\n<\/div>\n<div style=\"font-size: 13px; color: #534438; line-height: 20px;\"><\/div>\n<\/td>\n<td valign=\"top\"><\/td>\n<\/tr>\n<\/tbody>\n<\/table>\n<\/td>\n<\/tr>\n<\/tbody>\n<\/table>\n<\/td>\n<\/tr>\n<\/tbody>\n<\/table>\n<table width=\"100%\" cellspacing=\"0\" cellpadding=\"0\">\n<tbody>\n<tr>\n<td style=\"padding: 10px 30px;\">\n<table width=\"100%\" cellspacing=\"0\" cellpadding=\"0\">\n<tbody>\n<tr>\n<td valign=\"top\" width=\"52\"><img loading=\"lazy\" decoding=\"async\" src=\"http:\/\/dublineventguide.com\/dff\/admin\/images\/categories\/MARKETS.png\" alt=\"\" width=\"32\" height=\"32\" \/><\/td>\n<td>\n<h2 style=\"font-size: 16px; color: #534438; margin: 0 0 5px; font-weight: normal;\">The Green Door Market<\/h2>\n<h3 style=\"font-size: 13px; margin: 0; padding: 0; line-height: 16px; color: #534438;\"><img loading=\"lazy\" decoding=\"async\" style=\"display: inline; float: left;\" src=\"http:\/\/dublineventguide.com\/dff\/admin\/images\/weekly.png\" alt=\"\" width=\"69\" height=\"16\" \/> 09:30 &#8211; 16:00, Fri 22 May<\/h3>\n<p style=\"font-size: 13px; color: #534438; line-height: 20px; margin: 0; padding-top: 0;\">18 Newmarket, Dublin 8<\/p>\n<table width=\"100%\" cellspacing=\"0\" cellpadding=\"0\">\n<tbody>\n<tr>\n<td valign=\"top\">\n<div style=\"font-size: 13px; color: #534438; line-height: 20px;\">\n<p style=\"margin: 10px 0;\">The Green Door Market is a new indoor food\/Farmer&#8217;s Market that takes place just a few doors down from the Dublin Food Co-op at Newmarket in Dublin 8. Admission is free.<\/p>\n<p style=\"margin: 10px 0;\">Opening hours are Thu-Fri 12:00-19:00 and Sat 09:30-16:00.<\/p>\n<\/div>\n<div style=\"font-size: 13px; color: #534438; line-height: 20px;\"><\/div>\n<p style=\"font-size: 13px; color: #534438; line-height: 20px;\"><a style=\"color: #cc2979; text-decoration: none;\" href=\"https:\/\/www.facebook.com\/thegreendoordublin\">https:\/\/www.facebook.com\/thegreendoordublin<\/a><\/p>\n<\/td>\n<td valign=\"top\"><\/td>\n<\/tr>\n<\/tbody>\n<\/table>\n<\/td>\n<\/tr>\n<\/tbody>\n<\/table>\n<\/td>\n<\/tr>\n<\/tbody>\n<\/table>\n<table width=\"100%\" cellspacing=\"0\" cellpadding=\"0\">\n<tbody>\n<tr>\n<td style=\"padding: 10px 30px;\">\n<table width=\"100%\" cellspacing=\"0\" cellpadding=\"0\">\n<tbody>\n<tr>\n<td valign=\"top\" width=\"52\"><img loading=\"lazy\" decoding=\"async\" src=\"http:\/\/dublineventguide.com\/dff\/admin\/images\/categories\/TALKS.png\" alt=\"\" width=\"32\" height=\"32\" \/><\/td>\n<td>\n<h2 style=\"font-size: 16px; color: #534438; margin: 0 0 5px; font-weight: normal;\">Irish Towns as Shared European Heritage &#8211; Seminar<\/h2>\n<h3 style=\"font-size: 13px; margin: 0; padding: 0; line-height: 16px; color: #534438;\">09:45 &#8211; 00:00, Fri 22 May<\/h3>\n<p style=\"font-size: 13px; color: #534438; line-height: 20px; margin: 0; padding-top: 0;\">Royal Irish Academy, 19 Dawson Street, Dublin 2<\/p>\n<table width=\"100%\" cellspacing=\"0\" cellpadding=\"0\">\n<tbody>\n<tr>\n<td valign=\"top\">\n<div style=\"font-size: 13px; color: #534438; line-height: 20px;\">\n<p style=\"margin: 10px 0;\">This is the first in a new set of annual Irish Historic Towns Atlas (IHTA) seminars that will explore Irish towns and cities within the European context. Irish towns will be compared with counterparts in Austria, Finland, France, Poland and Ukraine. The plenary paper will be presented by Professor Michael Conzen, University of Chicago, who will look at the challenges of comparative urban history.<\/p>\n<p>For the full seminar programme please click <a style=\"color: #cc2979; text-decoration: none;\" href=\"http:\/\/www.ria.ie\/getmedia\/a7684d5d-ee14-41b2-a569-0fb987d39669\/IHTA-seminar-2015_for-email.pdf.aspx\" target=\"_blank\">here<\/a>. Attendance is free but booking is essential: Please email ihtaseminar@ria.ie or phone 01 6762570 ext. 207 to reserve a space.<\/p>\n<\/div>\n<div style=\"font-size: 13px; color: #534438; line-height: 20px;\"><\/div>\n<p style=\"font-size: 13px; color: #534438; line-height: 20px;\"><a style=\"color: #cc2979; text-decoration: none;\" href=\"http:\/\/www.ria.ie\/Events\/Events-Listing\/Irish-Towns-as-Shared-European-Heritage\">http:\/\/www.ria.ie\/Events\/Events-Listing\/Irish-Towns-as-Shared-European-Heritage<\/a><\/p>\n<\/td>\n<td valign=\"top\"><\/td>\n<\/tr>\n<\/tbody>\n<\/table>\n<\/td>\n<\/tr>\n<\/tbody>\n<\/table>\n<\/td>\n<\/tr>\n<\/tbody>\n<\/table>\n<table width=\"100%\" cellspacing=\"0\" cellpadding=\"0\">\n<tbody>\n<tr>\n<td style=\"padding: 10px 30px;\">\n<table width=\"100%\" cellspacing=\"0\" cellpadding=\"0\">\n<tbody>\n<tr>\n<td valign=\"top\" width=\"52\"><img loading=\"lazy\" decoding=\"async\" src=\"http:\/\/dublineventguide.com\/dff\/admin\/images\/categories\/TALKS.png\" alt=\"\" width=\"32\" height=\"32\" \/><\/td>\n<td>\n<h2 style=\"font-size: 16px; color: #534438; margin: 0 0 5px; font-weight: normal;\">National Gallery Talks<\/h2>\n<h3 style=\"font-size: 13px; margin: 0; padding: 0; line-height: 16px; color: #534438;\"><img loading=\"lazy\" decoding=\"async\" style=\"display: inline; float: left;\" src=\"http:\/\/dublineventguide.com\/dff\/admin\/images\/weekly.png\" alt=\"\" width=\"69\" height=\"16\" \/> 11:30 &#8211; 16:50, Fri 22 May<\/h3>\n<p style=\"font-size: 13px; color: #534438; line-height: 20px; margin: 0; padding-top: 0;\">National Gallery, Clare Street, Dublin 2<\/p>\n<table width=\"100%\" cellspacing=\"0\" cellpadding=\"0\">\n<tbody>\n<tr>\n<td valign=\"top\">\n<div style=\"font-size: 13px; color: #534438; line-height: 20px;\">\n<p style=\"margin: 10px 0;\">The National Gallery has an extensive programme of free talks, public tours and Art Documentary screenings focusing on highlights of the European and Irish Collection every day of the week. Check their website for details.<\/p>\n<\/div>\n<div style=\"font-size: 13px; color: #534438; line-height: 20px;\"><\/div>\n<p style=\"font-size: 13px; color: #534438; line-height: 20px;\"><a style=\"color: #cc2979; text-decoration: none;\" href=\"http:\/\/nationalgallery.ie\/whatson\">http:\/\/nationalgallery.ie\/whatson<\/a><\/p>\n<\/td>\n<td valign=\"top\"><\/td>\n<\/tr>\n<\/tbody>\n<\/table>\n<\/td>\n<\/tr>\n<\/tbody>\n<\/table>\n<\/td>\n<\/tr>\n<\/tbody>\n<\/table>\n<table width=\"100%\" cellspacing=\"0\" cellpadding=\"0\">\n<tbody>\n<tr>\n<td style=\"padding: 10px 30px;\">\n<table width=\"100%\" cellspacing=\"0\" cellpadding=\"0\">\n<tbody>\n<tr>\n<td valign=\"top\" width=\"52\"><img loading=\"lazy\" decoding=\"async\" src=\"http:\/\/dublineventguide.com\/dff\/admin\/images\/categories\/TALKS.png\" alt=\"\" width=\"32\" height=\"32\" \/><\/td>\n<td>\n<h2 style=\"font-size: 16px; color: #534438; margin: 0 0 5px; font-weight: normal;\">Biodiversity in Dublin &#8211; Talk<\/h2>\n<h3 style=\"font-size: 13px; margin: 0; padding: 0; line-height: 16px; color: #534438;\">13:00, Fri 22 May<\/h3>\n<p style=\"font-size: 13px; color: #534438; line-height: 20px; margin: 0; padding-top: 0;\">Dublin City Library &amp; Archive, 138-144 Pearse Street, Dublin 2<\/p>\n<table width=\"100%\" cellspacing=\"0\" cellpadding=\"0\">\n<tbody>\n<tr>\n<td valign=\"top\">\n<div style=\"font-size: 13px; color: #534438; line-height: 20px;\">\n<p style=\"margin: 10px 0;\">This is an introductory, illustrated talk showcasing some of Dublin\u2019s fairest and rarest plants and animals, to mark National Biodiversity Week.<\/p>\n<p style=\"margin: 10px 0;\">From hairy violets and glutinous snails, to Marsh Fritillarys and Golden Plovers. Look beyond the daisies and dandelions and discover some of the City\u2019s true treasures.<\/p>\n<p style=\"margin: 10px 0;\">Admission is free and no booking required. There will be some light refreshments.<\/p>\n<\/div>\n<div style=\"font-size: 13px; color: #534438; line-height: 20px;\"><\/div>\n<p style=\"font-size: 13px; color: #534438; line-height: 20px;\"><a style=\"color: #cc2979; text-decoration: none;\" href=\"http:\/\/www.dublincity.ie\/main-menu-services-culture-dublin-city-public-libraries-and-archive-events\/biodiversity-dublin\">http:\/\/www.dublincity.ie\/main-menu-services-culture-dublin-city-public-libraries-and-archive-events\/biodiversity-dublin<\/a><\/p>\n<\/td>\n<td valign=\"top\"><\/td>\n<\/tr>\n<\/tbody>\n<\/table>\n<\/td>\n<\/tr>\n<\/tbody>\n<\/table>\n<\/td>\n<\/tr>\n<\/tbody>\n<\/table>\n<table width=\"100%\" cellspacing=\"0\" cellpadding=\"0\">\n<tbody>\n<tr>\n<td style=\"padding: 10px 30px;\">\n<table width=\"100%\" cellspacing=\"0\" cellpadding=\"0\">\n<tbody>\n<tr>\n<td valign=\"top\" width=\"52\"><img loading=\"lazy\" decoding=\"async\" src=\"http:\/\/dublineventguide.com\/dff\/admin\/images\/categories\/MUSIC.png\" alt=\"\" width=\"32\" height=\"32\" \/><\/td>\n<td>\n<h2 style=\"font-size: 16px; color: #534438; margin: 0 0 5px; font-weight: normal;\">Cornucopia &#8211; Live Music<\/h2>\n<h3 style=\"font-size: 13px; margin: 0; padding: 0; line-height: 16px; color: #534438;\"><img loading=\"lazy\" decoding=\"async\" style=\"display: inline; float: left;\" src=\"http:\/\/dublineventguide.com\/dff\/admin\/images\/weekly.png\" alt=\"\" width=\"69\" height=\"16\" \/> 19:30 &#8211; 21:30, Fri 22 May<\/h3>\n<p style=\"font-size: 13px; color: #534438; line-height: 20px; margin: 0; padding-top: 0;\">Cornucopia Caf\u00e9 &amp; Restaurant, 19\/20 Wicklow Street, Dublin 2<\/p>\n<table width=\"100%\" cellspacing=\"0\" cellpadding=\"0\">\n<tbody>\n<tr>\n<td valign=\"top\">\n<div style=\"font-size: 13px; color: #534438; line-height: 20px;\">\n<p>Cornucopia Caf\u00e9 &amp; Restaurant host live music three evenings a week (Thurs, Fri and Sat). The restaurant is a Wholefood &amp; Vegetarian Restaurant and is open until 22:15.<br \/>\n+ Every second Thursday N.C Lawlor, a songwriter, session player and troubadour plays a mix of country, bluegrass &amp; blues from 19:30-21:30.<br \/>\n+ Every Friday (19:30-21:30) Junshi Murakami plays Irish Harp.<br \/>\n+ Every Saturday (19:30-21:30) Nollaig Mann plays a collection of popular and jazz classics.<\/p>\n<\/div>\n<div style=\"font-size: 13px; color: #534438; line-height: 20px;\"><\/div>\n<p style=\"font-size: 13px; color: #534438; line-height: 20px;\"><a style=\"color: #cc2979; text-decoration: none;\" href=\"http:\/\/www.cornucopia.ie\">http:\/\/www.cornucopia.ie<\/a><\/p>\n<\/td>\n<td valign=\"top\"><\/td>\n<\/tr>\n<\/tbody>\n<\/table>\n<\/td>\n<\/tr>\n<\/tbody>\n<\/table>\n<\/td>\n<\/tr>\n<\/tbody>\n<\/table>\n<table width=\"100%\" cellspacing=\"0\" cellpadding=\"0\">\n<tbody>\n<tr>\n<td style=\"padding: 10px 30px;\">\n<table width=\"100%\" cellspacing=\"0\" cellpadding=\"0\">\n<tbody>\n<tr>\n<td valign=\"top\" width=\"52\"><img loading=\"lazy\" decoding=\"async\" src=\"http:\/\/dublineventguide.com\/dff\/admin\/images\/categories\/DANCE.png\" alt=\"\" width=\"32\" height=\"32\" \/><\/td>\n<td>\n<h2 style=\"font-size: 16px; color: #534438; margin: 0 0 5px; font-weight: normal;\">Bal Folk &#8211; European Folk Dance Session<\/h2>\n<h3 style=\"font-size: 13px; margin: 0; padding: 0; line-height: 16px; color: #534438;\"><img loading=\"lazy\" decoding=\"async\" style=\"display: inline; float: left;\" src=\"http:\/\/dublineventguide.com\/dff\/admin\/images\/weekly.png\" alt=\"\" width=\"69\" height=\"16\" \/> 20:00, Fri 22 May<\/h3>\n<p style=\"font-size: 13px; color: #534438; line-height: 20px; margin: 0; padding-top: 0;\">Tap Bar, 44 North King Street, Dublin 7<\/p>\n<table width=\"100%\" cellspacing=\"0\" cellpadding=\"0\">\n<tbody>\n<tr>\n<td valign=\"top\">\n<div style=\"font-size: 13px; color: #534438; line-height: 20px;\">\n<p style=\"margin: 10px 0;\">The weekly European Folk Dance Workshop\/Session takes place in the Tap Bar every Friday.<\/p>\n<p style=\"margin: 10px 0;\">The dances are French, Greek, Italian, Hungarian, Polish, Portuguese folk and traditional dances and everybody interested to join in or to learn is welcome. Admission is free, but donations (suggested: EUR 3) are very welcome<\/p>\n<\/div>\n<div style=\"font-size: 13px; color: #534438; line-height: 20px;\"><\/div>\n<p style=\"font-size: 13px; color: #534438; line-height: 20px;\"><a style=\"color: #cc2979; text-decoration: none;\" href=\"https:\/\/www.facebook.com\/pages\/Njoy-Dancing-Dublin\/251213698276941\">https:\/\/www.facebook.com\/pages\/Njoy-Dancing-Dublin\/251213698276941<\/a><\/p>\n<\/td>\n<td valign=\"top\"><\/td>\n<\/tr>\n<\/tbody>\n<\/table>\n<\/td>\n<\/tr>\n<\/tbody>\n<\/table>\n<\/td>\n<\/tr>\n<\/tbody>\n<\/table>\n<table width=\"100%\" cellspacing=\"0\" cellpadding=\"0\">\n<tbody>\n<tr>\n<td style=\"padding: 10px 30px;\">\n<table width=\"100%\" cellspacing=\"0\" cellpadding=\"0\">\n<tbody>\n<tr>\n<td valign=\"top\" width=\"52\"><img loading=\"lazy\" decoding=\"async\" src=\"http:\/\/dublineventguide.com\/dff\/admin\/images\/categories\/MUSIC.png\" alt=\"\" width=\"32\" height=\"32\" \/><\/td>\n<td>\n<h2 style=\"font-size: 16px; color: #534438; margin: 0 0 5px; font-weight: normal;\">Full House &#8211; Gig<\/h2>\n<h3 style=\"font-size: 13px; margin: 0; padding: 0; line-height: 16px; color: #534438;\">20:00, Fri 22 May<\/h3>\n<p style=\"font-size: 13px; color: #534438; line-height: 20px; margin: 0; padding-top: 0;\">Harbour Bar, 1 Strand Road, Bray, Co. Wicklow<\/p>\n<table width=\"100%\" cellspacing=\"0\" cellpadding=\"0\">\n<tbody>\n<tr>\n<td valign=\"top\">\n<div style=\"font-size: 13px; color: #534438; line-height: 20px;\">\n<p style=\"margin: 10px 0;\">Cover Band Full House are bringing you their Funky Bluesey Rock covers.<\/p>\n<p style=\"margin: 10px 0;\">Admission is free,<\/p>\n<\/div>\n<div style=\"font-size: 13px; color: #534438; line-height: 20px;\"><\/div>\n<p style=\"font-size: 13px; color: #534438; line-height: 20px;\"><a style=\"color: #cc2979; text-decoration: none;\" href=\"http:\/\/www.theharbourbar.ie\/whats-on\/event\/full-house-event\">http:\/\/www.theharbourbar.ie\/whats-on\/event\/full-house-event<\/a><\/p>\n<\/td>\n<td valign=\"top\"><\/td>\n<\/tr>\n<\/tbody>\n<\/table>\n<\/td>\n<\/tr>\n<\/tbody>\n<\/table>\n<\/td>\n<\/tr>\n<\/tbody>\n<\/table>\n<table width=\"100%\" cellspacing=\"0\" cellpadding=\"0\">\n<tbody>\n<tr>\n<td style=\"padding: 10px 30px;\">\n<table width=\"100%\" cellspacing=\"0\" cellpadding=\"0\">\n<tbody>\n<tr>\n<td valign=\"top\" width=\"52\"><img loading=\"lazy\" decoding=\"async\" src=\"http:\/\/dublineventguide.com\/dff\/admin\/images\/categories\/MUSIC.png\" alt=\"\" width=\"32\" height=\"32\" \/><\/td>\n<td>\n<h2 style=\"font-size: 16px; color: #534438; margin: 0 0 5px; font-weight: normal;\">Live in Sin \u00c9 &#8211; Gigs<\/h2>\n<h3 style=\"font-size: 13px; margin: 0; padding: 0; line-height: 16px; color: #534438;\"><img loading=\"lazy\" decoding=\"async\" style=\"display: inline; float: left;\" src=\"http:\/\/dublineventguide.com\/dff\/admin\/images\/weekly.png\" alt=\"\" width=\"69\" height=\"16\" \/> 20:00, Fri 22 May<\/h3>\n<p style=\"font-size: 13px; color: #534438; line-height: 20px; margin: 0; padding-top: 0;\">Sin \u00c9, 14 Ormond Quay, Dublin 1<\/p>\n<table width=\"100%\" cellspacing=\"0\" cellpadding=\"0\">\n<tbody>\n<tr>\n<td valign=\"top\">\n<div style=\"font-size: 13px; color: #534438; line-height: 20px;\">\n<p style=\"margin: 10px 0;\">A weekly Gig Night in Sin \u00c9, organised and presented by Super Happy Fun Times takes place every Friday and admission is free. The line-up can be found on the Facebook Page below.<\/p>\n<\/div>\n<div style=\"font-size: 13px; color: #534438; line-height: 20px;\"><\/div>\n<p style=\"font-size: 13px; color: #534438; line-height: 20px;\"><a style=\"color: #cc2979; text-decoration: none;\" href=\"https:\/\/www.facebook.com\/shftimes\">https:\/\/www.facebook.com\/shftimes<\/a><\/p>\n<\/td>\n<td valign=\"top\"><\/td>\n<\/tr>\n<\/tbody>\n<\/table>\n<\/td>\n<\/tr>\n<\/tbody>\n<\/table>\n<\/td>\n<\/tr>\n<\/tbody>\n<\/table>\n<table width=\"100%\" cellspacing=\"0\" cellpadding=\"0\">\n<tbody>\n<tr>\n<td style=\"padding: 10px 30px;\">\n<table width=\"100%\" cellspacing=\"0\" cellpadding=\"0\">\n<tbody>\n<tr>\n<td valign=\"top\" width=\"52\"><img loading=\"lazy\" decoding=\"async\" src=\"http:\/\/dublineventguide.com\/dff\/admin\/images\/categories\/MUSIC.png\" alt=\"\" width=\"32\" height=\"32\" \/><\/td>\n<td>\n<h2 style=\"font-size: 16px; color: #534438; margin: 0 0 5px; font-weight: normal;\">Scribble: Fletch presents Vote Yes &#8211; Post Referendum Party<\/h2>\n<h3 style=\"font-size: 13px; margin: 0; padding: 0; line-height: 16px; color: #534438;\">20:00, Fri 22 May<\/h3>\n<p style=\"font-size: 13px; color: #534438; line-height: 20px; margin: 0; padding-top: 0;\">The Bernard Shaw, 12 Richmond Street South, Dublin 8<\/p>\n<table width=\"100%\" cellspacing=\"0\" cellpadding=\"0\">\n<tbody>\n<tr>\n<td valign=\"top\">\n<div style=\"font-size: 13px; color: #534438; line-height: 20px;\">\n<p style=\"margin: 10px 0;\">The Bernard Shaw invites to the Post-Referendum Party &#8220;Scribble: Fletch Presents Vote Yes &amp; Party!&#8221; with the following line-up: Bantum, Stacey (Ocho), Baby Dave (Mother), Ruth (Mother), Sol (Mother), Patrick Kelleher &amp; the Cold Dead Hands, Midnight Singers: Jess Kav &amp; Nicola Hegarty.<\/p>\n<p style=\"margin: 10px 0;\">Admission is free.<\/p>\n<\/div>\n<div style=\"font-size: 13px; color: #534438; line-height: 20px;\"><\/div>\n<p style=\"font-size: 13px; color: #534438; line-height: 20px;\"><a style=\"color: #cc2979; text-decoration: none;\" href=\"http:\/\/bodytonicmusic.com\/events\/scribble-fletch-1\/\">http:\/\/bodytonicmusic.com\/events\/scribble-fletch-1\/<\/a><\/p>\n<\/td>\n<td valign=\"top\"><\/td>\n<\/tr>\n<\/tbody>\n<\/table>\n<\/td>\n<\/tr>\n<\/tbody>\n<\/table>\n<\/td>\n<\/tr>\n<\/tbody>\n<\/table>\n<table width=\"100%\" cellspacing=\"0\" cellpadding=\"0\">\n<tbody>\n<tr>\n<td style=\"padding: 10px 30px;\">\n<table width=\"100%\" cellspacing=\"0\" cellpadding=\"0\">\n<tbody>\n<tr>\n<td valign=\"top\" width=\"52\"><img loading=\"lazy\" decoding=\"async\" src=\"http:\/\/dublineventguide.com\/dff\/admin\/images\/categories\/MUSIC.png\" alt=\"\" width=\"32\" height=\"32\" \/><\/td>\n<td>\n<h2 style=\"font-size: 16px; color: #534438; margin: 0 0 5px; font-weight: normal;\">After-Vote Burlesque, Comedy &amp; Music Show<\/h2>\n<h3 style=\"font-size: 13px; margin: 0; padding: 0; line-height: 16px; color: #534438;\">21:00, Fri 22 May<\/h3>\n<p style=\"font-size: 13px; color: #534438; line-height: 20px; margin: 0; padding-top: 0;\">Sweeney Mongrel&#8217;s, 32 Dame Street, Dublin 2<\/p>\n<table width=\"100%\" cellspacing=\"0\" cellpadding=\"0\">\n<tbody>\n<tr>\n<td valign=\"top\">\n<div style=\"font-size: 13px; color: #534438; line-height: 20px;\">\n<p style=\"margin: 10px 0;\">Kora Elle and Scarlett Van Tassel will perform their Burlesque Show. Singer-Songwriter Gr\u00e1inne Conaty will be showcasing her work. Lady Drag performer Enda Danite will perform and so will Billy De Courcy. Karina Kavanagh will bring her Cork comedy to Dublin, Mark Cahill is doing comedy as well.<\/p>\n<p style=\"margin: 10px 0;\">Admission is free, but donations are very welcome after the show.<\/p>\n<\/div>\n<div style=\"font-size: 13px; color: #534438; line-height: 20px;\"><\/div>\n<p style=\"font-size: 13px; color: #534438; line-height: 20px;\"><a style=\"color: #cc2979; text-decoration: none;\" href=\"https:\/\/www.facebook.com\/events\/1415886645399341\/\">https:\/\/www.facebook.com\/events\/1415886645399341\/<\/a><\/p>\n<\/td>\n<td valign=\"top\"><\/td>\n<\/tr>\n<\/tbody>\n<\/table>\n<\/td>\n<\/tr>\n<\/tbody>\n<\/table>\n<\/td>\n<\/tr>\n<\/tbody>\n<\/table>\n<table width=\"100%\" cellspacing=\"0\" cellpadding=\"0\">\n<tbody>\n<tr>\n<td style=\"padding: 10px 30px;\">\n<table width=\"100%\" cellspacing=\"0\" cellpadding=\"0\">\n<tbody>\n<tr>\n<td valign=\"top\" width=\"52\"><img loading=\"lazy\" decoding=\"async\" src=\"http:\/\/dublineventguide.com\/dff\/admin\/images\/categories\/MUSIC.png\" alt=\"\" width=\"32\" height=\"32\" \/><\/td>\n<td>\n<h2 style=\"font-size: 16px; color: #534438; margin: 0 0 5px; font-weight: normal;\">Davie Furey &#8211; Gig<\/h2>\n<h3 style=\"font-size: 13px; margin: 0; padding: 0; line-height: 16px; color: #534438;\">21:00, Fri 22 May<\/h3>\n<p style=\"font-size: 13px; color: #534438; line-height: 20px; margin: 0; padding-top: 0;\">Mother Reilly&#8217;s, 26\/28 Upper Rathmines Road, Rathmines, Dublin 6<\/p>\n<table width=\"100%\" cellspacing=\"0\" cellpadding=\"0\">\n<tbody>\n<tr>\n<td valign=\"top\">\n<div style=\"font-size: 13px; color: #534438; line-height: 20px;\">\n<p style=\"margin: 10px 0;\">Davie Furey will be in Mother Reilly&#8217;s for a gig. He is fusing traditional roots with contemporary folk and rock and is influenced by Christy Moore, Luke Kelly, Pearl Jam and Bruce Springsteen.<\/p>\n<p style=\"margin: 10px 0;\">Admission is free.<\/p>\n<\/div>\n<div style=\"font-size: 13px; color: #534438; line-height: 20px;\"><\/div>\n<p style=\"font-size: 13px; color: #534438; line-height: 20px;\"><a style=\"color: #cc2979; text-decoration: none;\" href=\"http:\/\/dublinsessions.ie\/mother-reillys\/\">http:\/\/dublinsessions.ie\/mother-reillys\/<\/a><\/p>\n<\/td>\n<td valign=\"top\"><\/td>\n<\/tr>\n<\/tbody>\n<\/table>\n<\/td>\n<\/tr>\n<\/tbody>\n<\/table>\n<\/td>\n<\/tr>\n<\/tbody>\n<\/table>\n<table width=\"100%\" cellspacing=\"0\" cellpadding=\"0\">\n<tbody>\n<tr>\n<td style=\"padding: 10px 30px;\">\n<table width=\"100%\" cellspacing=\"0\" cellpadding=\"0\">\n<tbody>\n<tr>\n<td valign=\"top\" width=\"52\"><img loading=\"lazy\" decoding=\"async\" src=\"http:\/\/dublineventguide.com\/dff\/admin\/images\/categories\/MUSIC.png\" alt=\"\" width=\"32\" height=\"32\" \/><\/td>\n<td>\n<h2 style=\"font-size: 16px; color: #534438; margin: 0 0 5px; font-weight: normal;\">Festival Club &#8211; Intern. Literature Festival<\/h2>\n<h3 style=\"font-size: 13px; margin: 0; padding: 0; line-height: 16px; color: #534438;\">21:00, Fri 22 May<\/h3>\n<p style=\"font-size: 13px; color: #534438; line-height: 20px; margin: 0; padding-top: 0;\">Oscar&#8217;s Cafe Bar, 16-18 Fishamble Street, Dublin 8<\/p>\n<table width=\"100%\" cellspacing=\"0\" cellpadding=\"0\">\n<tbody>\n<tr>\n<td valign=\"top\">\n<div style=\"font-size: 13px; color: #534438; line-height: 20px;\">\n<p style=\"margin: 10px 0;\">The International Literature Festival invites to a Festival Club on four nights in Oscar&#8217;s Bar and the event will feature:<\/p>\n<p>+ Sat 16 May: Anna Jordan and Dennis Cassidy<br \/>\n+ Thur 21 May: Isobel Anderson<br \/>\n+ Fri 22 May: Dylan Tighe<br \/>\n+ Sat 23 May: Lyrical Ballads with DJ Nialler9<\/p>\n<p style=\"margin: 10px 0;\">Admission is free.<\/p>\n<\/div>\n<div style=\"font-size: 13px; color: #534438; line-height: 20px;\"><\/div>\n<p style=\"font-size: 13px; color: #534438; line-height: 20px;\"><a style=\"color: #cc2979; text-decoration: none;\" href=\"http:\/\/ilfdublin.com\/programme\/\">http:\/\/ilfdublin.com\/programme\/<\/a><\/p>\n<\/td>\n<td valign=\"top\"><\/td>\n<\/tr>\n<\/tbody>\n<\/table>\n<\/td>\n<\/tr>\n<\/tbody>\n<\/table>\n<\/td>\n<\/tr>\n<\/tbody>\n<\/table>\n<table width=\"100%\" cellspacing=\"0\" cellpadding=\"0\">\n<tbody>\n<tr>\n<td style=\"padding: 10px 30px;\">\n<table width=\"100%\" cellspacing=\"0\" cellpadding=\"0\">\n<tbody>\n<tr>\n<td valign=\"top\" width=\"52\"><img loading=\"lazy\" decoding=\"async\" src=\"http:\/\/dublineventguide.com\/dff\/admin\/images\/categories\/MUSIC.png\" alt=\"\" width=\"32\" height=\"32\" \/><\/td>\n<td>\n<h2 style=\"font-size: 16px; color: #534438; margin: 0 0 5px; font-weight: normal;\">Live Music &#8211; Stillorgan Orchard<\/h2>\n<h3 style=\"font-size: 13px; margin: 0; padding: 0; line-height: 16px; color: #534438;\"><img loading=\"lazy\" decoding=\"async\" style=\"display: inline; float: left;\" src=\"http:\/\/dublineventguide.com\/dff\/admin\/images\/weekly.png\" alt=\"\" width=\"69\" height=\"16\" \/> 21:00, Fri 22 May<\/h3>\n<p style=\"font-size: 13px; color: #534438; line-height: 20px; margin: 0; padding-top: 0;\">Stillorgan Orchard, The Hill, Stillorgan, Co. Dublin<\/p>\n<table width=\"100%\" cellspacing=\"0\" cellpadding=\"0\">\n<tbody>\n<tr>\n<td valign=\"top\">\n<div style=\"font-size: 13px; color: #534438; line-height: 20px;\">\n<p style=\"margin: 10px 0;\">The Stillorgan Orchard has live music every Friday and Saturday. Many of the performers are established and very good bands. The upcoming gigs are detailed on the website below. Admission is always free.<\/p>\n<\/div>\n<div style=\"font-size: 13px; color: #534438; line-height: 20px;\"><\/div>\n<p style=\"font-size: 13px; color: #534438; line-height: 20px;\"><a style=\"color: #cc2979; text-decoration: none;\" href=\"http:\/\/www.stillorganorchard.com\/live_music.html\">http:\/\/www.stillorganorchard.com\/live_music.html<\/a><\/p>\n<\/td>\n<td valign=\"top\"><\/td>\n<\/tr>\n<\/tbody>\n<\/table>\n<\/td>\n<\/tr>\n<\/tbody>\n<\/table>\n<\/td>\n<\/tr>\n<\/tbody>\n<\/table>\n<table width=\"100%\" cellspacing=\"0\" cellpadding=\"0\">\n<tbody>\n<tr>\n<td style=\"padding: 10px 30px;\">\n<table width=\"100%\" cellspacing=\"0\" cellpadding=\"0\">\n<tbody>\n<tr>\n<td valign=\"top\" width=\"52\"><img loading=\"lazy\" decoding=\"async\" src=\"http:\/\/dublineventguide.com\/dff\/admin\/images\/categories\/MUSIC.png\" alt=\"\" width=\"32\" height=\"32\" \/><\/td>\n<td>\n<h2 style=\"font-size: 16px; color: #534438; margin: 0 0 5px; font-weight: normal;\">Ska &#8216;n&#8217; Reggae with The Bionic Rats<\/h2>\n<h3 style=\"font-size: 13px; margin: 0; padding: 0; line-height: 16px; color: #534438;\"><img loading=\"lazy\" decoding=\"async\" style=\"display: inline; float: left;\" src=\"http:\/\/dublineventguide.com\/dff\/admin\/images\/weekly.png\" alt=\"\" width=\"69\" height=\"16\" \/> 21:00 &#8211; 02:30, Fri 22 May<\/h3>\n<p style=\"font-size: 13px; color: #534438; line-height: 20px; margin: 0; padding-top: 0;\">Turks Head, 27 Parliament St, Dublin 2<\/p>\n<table width=\"100%\" cellspacing=\"0\" cellpadding=\"0\">\n<tbody>\n<tr>\n<td valign=\"top\">\n<div style=\"font-size: 13px; color: #534438; line-height: 20px;\">\n<p style=\"margin: 10px 0;\">&#8220;Ska &#8216;n&#8217; Reggae&#8221; is the theme in the Dive Bar (downstairs in Turks Head) every Friday. The Bionic Rats play live. followed by DJs until late. Admission is free.<\/p>\n<\/div>\n<div style=\"font-size: 13px; color: #534438; line-height: 20px;\"><\/div>\n<p style=\"font-size: 13px; color: #534438; line-height: 20px;\"><a style=\"color: #cc2979; text-decoration: none;\" href=\"https:\/\/www.facebook.com\/TURKSHEADDUBLIN\">https:\/\/www.facebook.com\/TURKSHEADDUBLIN<\/a><\/p>\n<\/td>\n<td valign=\"top\"><\/td>\n<\/tr>\n<\/tbody>\n<\/table>\n<\/td>\n<\/tr>\n<\/tbody>\n<\/table>\n<\/td>\n<\/tr>\n<\/tbody>\n<\/table>\n<table width=\"100%\" cellspacing=\"0\" cellpadding=\"0\">\n<tbody>\n<tr>\n<td style=\"padding: 10px 30px;\">\n<table width=\"100%\" cellspacing=\"0\" cellpadding=\"0\">\n<tbody>\n<tr>\n<td valign=\"top\" width=\"52\"><img loading=\"lazy\" decoding=\"async\" src=\"http:\/\/dublineventguide.com\/dff\/admin\/images\/categories\/MUSIC.png\" alt=\"\" width=\"32\" height=\"32\" \/><\/td>\n<td>\n<h2 style=\"font-size: 16px; color: #534438; margin: 0 0 5px; font-weight: normal;\">Susan Tomelty Band &#8211; Gig<\/h2>\n<h3 style=\"font-size: 13px; margin: 0; padding: 0; line-height: 16px; color: #534438;\">21:30, Fri 22 May<\/h3>\n<p style=\"font-size: 13px; color: #534438; line-height: 20px; margin: 0; padding-top: 0;\">Arthur&#8217;s Pub, 28 Thomas Street, Dublin 8<\/p>\n<table width=\"100%\" cellspacing=\"0\" cellpadding=\"0\">\n<tbody>\n<tr>\n<td valign=\"top\">\n<div style=\"font-size: 13px; color: #534438; line-height: 20px;\">\n<p style=\"margin: 10px 0;\">The Susan Tomelty Band will play a free gig in Arthur&#8217;s Pub.<\/p>\n<\/div>\n<div style=\"font-size: 13px; color: #534438; line-height: 20px;\"><\/div>\n<p style=\"font-size: 13px; color: #534438; line-height: 20px;\"><a style=\"color: #cc2979; text-decoration: none;\" href=\"https:\/\/www.facebook.com\/ArthursPub\">https:\/\/www.facebook.com\/ArthursPub<\/a><\/p>\n<\/td>\n<td valign=\"top\"><\/td>\n<\/tr>\n<\/tbody>\n<\/table>\n<\/td>\n<\/tr>\n<\/tbody>\n<\/table>\n<\/td>\n<\/tr>\n<\/tbody>\n<\/table>\n<table width=\"100%\" cellspacing=\"0\" cellpadding=\"0\">\n<tbody>\n<tr>\n<td style=\"padding: 10px 30px;\">\n<table width=\"100%\" cellspacing=\"0\" cellpadding=\"0\">\n<tbody>\n<tr>\n<td valign=\"top\" width=\"52\"><img loading=\"lazy\" decoding=\"async\" src=\"http:\/\/dublineventguide.com\/dff\/admin\/images\/categories\/MUSIC.png\" alt=\"\" width=\"32\" height=\"32\" \/><\/td>\n<td>\n<h2 style=\"font-size: 16px; color: #534438; margin: 0 0 5px; font-weight: normal;\">Donna Dunne and Band &#8211; Gig<\/h2>\n<h3 style=\"font-size: 13px; margin: 0; padding: 0; line-height: 16px; color: #534438;\">22:00, Fri 22 May<\/h3>\n<p style=\"font-size: 13px; color: #534438; line-height: 20px; margin: 0; padding-top: 0;\">The Mezz, 24\/25 Eustace Street, Temple Bar, Dublin 2<\/p>\n<table width=\"100%\" cellspacing=\"0\" cellpadding=\"0\">\n<tbody>\n<tr>\n<td valign=\"top\">\n<div style=\"font-size: 13px; color: #534438; line-height: 20px;\">\n<p style=\"margin: 10px 0;\">Donna Dunne and Band will perform a live gig in The Mezz in Friday.<\/p>\n<p style=\"margin: 10px 0;\">Admission is free.<\/p>\n<\/div>\n<div style=\"font-size: 13px; color: #534438; line-height: 20px;\"><\/div>\n<p style=\"font-size: 13px; color: #534438; line-height: 20px;\"><a style=\"color: #cc2979; text-decoration: none;\" href=\"https:\/\/www.facebook.com\/mezzdublin\">https:\/\/www.facebook.com\/mezzdublin<\/a><\/p>\n<\/td>\n<td valign=\"top\"><\/td>\n<\/tr>\n<\/tbody>\n<\/table>\n<\/td>\n<\/tr>\n<\/tbody>\n<\/table>\n<\/td>\n<\/tr>\n<\/tbody>\n<\/table>\n<table width=\"100%\" cellspacing=\"0\" cellpadding=\"0\">\n<tbody>\n<tr>\n<td style=\"padding: 10px 30px;\">\n<table width=\"100%\" cellspacing=\"0\" cellpadding=\"0\">\n<tbody>\n<tr>\n<td valign=\"top\" width=\"52\"><img loading=\"lazy\" decoding=\"async\" src=\"http:\/\/dublineventguide.com\/dff\/admin\/images\/categories\/MUSIC.png\" alt=\"\" width=\"32\" height=\"32\" \/><\/td>\n<td>\n<h2 style=\"font-size: 16px; color: #534438; margin: 0 0 5px; font-weight: normal;\">The Guilty Party &#8211; Gig<\/h2>\n<h3 style=\"font-size: 13px; margin: 0; padding: 0; line-height: 16px; color: #534438;\">22:00, Fri 22 May<\/h3>\n<p style=\"font-size: 13px; color: #534438; line-height: 20px; margin: 0; padding-top: 0;\">Whelan&#8217;s, 25 Wexford Street, Dublin 2<\/p>\n<table width=\"100%\" cellspacing=\"0\" cellpadding=\"0\">\n<tbody>\n<tr>\n<td valign=\"top\">\n<div style=\"font-size: 13px; color: #534438; line-height: 20px;\">\n<p style=\"margin: 10px 0;\">The Guilty Party are a Rock\u2019n\u2019Roll band playing an eclectic mix of rocked up funk and soul from the evergreen hits of The Beatles, Stones, Bowie and Roxy Music to unique versions of songs by Marvin Gaye, Curtis Mayfield and Stevie Wonder to classic rock tracks by Deep Purple, ZZ Top and AC\/DC.<\/p>\n<p style=\"margin: 10px 0;\">Admission is free.<\/p>\n<\/div>\n<div style=\"font-size: 13px; color: #534438; line-height: 20px;\"><\/div>\n<p style=\"font-size: 13px; color: #534438; line-height: 20px;\"><a style=\"color: #cc2979; text-decoration: none;\" href=\"http:\/\/www.whelanslive.com\/index.php\/live-from-the-window-w-the-guilty-party\/\">http:\/\/www.whelanslive.com\/index.php\/live-from-the-window-w-the-guilty-party\/<\/a><\/p>\n<\/td>\n<td valign=\"top\"><\/td>\n<\/tr>\n<\/tbody>\n<\/table>\n<\/td>\n<\/tr>\n<\/tbody>\n<\/table>\n<\/td>\n<\/tr>\n<\/tbody>\n<\/table>\n<table style=\"height: 40px;\" width=\"100%\" cellspacing=\"0\" cellpadding=\"0\">\n<tbody>\n<tr>\n<td><\/td>\n<\/tr>\n<\/tbody>\n<\/table>\n<table id=\"coming\" width=\"100%\" cellspacing=\"0\" cellpadding=\"0\">\n<tbody>\n<tr>\n<td><a name=\"coming\"><\/a><a style=\"text-decoration: none;\" href=\"#dff_top\"><img decoding=\"async\" src=\"http:\/\/dublineventguide.com\/dff\/admin\/images\/dividers\/coming.png\" alt=\"Events Coming Up\" border=\"0\" \/><\/a><\/td>\n<\/tr>\n<\/tbody>\n<\/table>\n<table width=\"100%\" cellspacing=\"0\" cellpadding=\"0\">\n<tbody>\n<tr>\n<td style=\"padding: 10px 30px;\">\n<table width=\"100%\" cellspacing=\"0\" cellpadding=\"0\">\n<tbody>\n<tr>\n<td valign=\"top\" width=\"52\"><img loading=\"lazy\" decoding=\"async\" src=\"http:\/\/dublineventguide.com\/dff\/admin\/images\/upcoming_events.png\" alt=\"\" width=\"38\" height=\"39\" \/><\/td>\n<td>\n<h2 style=\"font-size: 16px; color: #534438; margin: 0 0 5px; font-weight: normal;\">Light &amp; Shadow<\/h2>\n<h3 style=\"font-size: 13px; margin: 0; padding: 0; line-height: 16px; color: #534438;\">23 May 11:00-15:00<\/h3>\n<p style=\"font-size: 13px; color: #534438; line-height: 20px; margin: 0; padding-top: 0;\">UCD, Belfield, Dublin 4<\/p>\n<div style=\"font-size: 13px; color: #534438; line-height: 20px; margin: 0; padding-top: 0;\">\n<p style=\"margin: 10px 0;\">Light &amp; Shadow looks like a really interesting programme of events that will celebrate the International Year of Light.<\/p>\n<p style=\"margin: 10px 0;\">Find out how light influences all aspects of your life through an exciting programme of talks, demonstrations, displays, installations and film screenings. Ireland\u2019s favourite weather presenter RTE\u2019s Evelyn Cusack will deliver the key note public address to get the day started with \u2018Light(s), Camera, Action\u2026\u2019.<\/p>\n<p style=\"margin: 10px 0;\">The event is suitable for all ages and all levels of scientific knowledge.<\/p>\n<p style=\"margin: 10px 0;\">Admission is free, but tickets need to be booked so hurry over to<\/p>\n<p><a style=\"color: #cc2979; text-decoration: none;\" href=\"http:\/\/www.eventbrite.ie\/e\/light-shadow-tickets-16035504626?ref=devg\">http:\/\/www.eventbrite.ie\/e\/light-shadow-tickets-16035504626?ref=devg<\/a><\/p>\n<p style=\"margin: 10px 0;\">to bag these tickets. I&#8217;d say the event will be a very good one!! You will find a link to the full programme on the same website.<\/p>\n<\/div>\n<\/td>\n<\/tr>\n<\/tbody>\n<\/table>\n<\/td>\n<\/tr>\n<tr>\n<td style=\"padding: 10px 30px;\">\n<table width=\"100%\" cellspacing=\"0\" cellpadding=\"0\">\n<tbody>\n<tr>\n<td valign=\"top\" width=\"52\"><img loading=\"lazy\" decoding=\"async\" src=\"http:\/\/dublineventguide.com\/dff\/admin\/images\/upcoming_events.png\" alt=\"\" width=\"38\" height=\"39\" \/><\/td>\n<td>\n<h2 style=\"font-size: 16px; color: #534438; margin: 0 0 5px; font-weight: normal;\">Monkeyshine Theatre at the International Literature Festival Dublin<\/h2>\n<h3 style=\"font-size: 13px; margin: 0; padding: 0; line-height: 16px; color: #534438;\">Sat 23 May 11:00-16:00<\/h3>\n<p style=\"font-size: 13px; color: #534438; line-height: 20px; margin: 0; padding-top: 0;\">St. Patrick&#8217;s Patrick (next to St. Patrick&#8217;s Cathedral), Dublin 8<\/p>\n<div style=\"font-size: 13px; color: #534438; line-height: 20px; margin: 0; padding-top: 0;\">\n<p style=\"margin: 10px 0;\">Irish Theatre Company Monkeyshine will come to St. Patrick&#8217;s Park next weekend for a whole range of free activities and performances as part of the International Literature Festival Dublin (ILFD).<\/p>\n<p style=\"margin: 10px 0;\">They are bringing The Vagabond, the company&#8217;s wonderful wandering venue, to Dublin, for a day of free story-telling activities in St Patrick\u2019s Park on Saturday 23 May. From this magical space they will be telling tales of Alice in Wonderland, and &#8211; working with Mr Leon, a flamboyant Parisian taxi driver &#8211; they will help their audience to tell their own stories of taxi rides &#8211; real or imaginary. Monkeyshine\u2019s \u201cStory Weavers\u201d events will also invite all listeners to hunt for their own story &#8211; in the park foraging for materials, and then back to the tent to weave their own tale from the ingredients they have found.<\/p>\n<p style=\"margin: 10px 0;\">The performances on Saturday are:<\/p>\n<p>+ Story Weavers: Find Your Own Wonderland (11:00+15:00)<br \/>\n+ A Re-Telling of Alice in Wonderland (13:00)<br \/>\n+ Mr Leon\u2019s Taxi: Sarah Ardizzone (14:00)<\/p>\n<p>All events are free but have to be booked via the Festival website at http:\/\/www.ilfdublin.com<\/p>\n<\/div>\n<\/td>\n<\/tr>\n<\/tbody>\n<\/table>\n<\/td>\n<\/tr>\n<tr>\n<td style=\"padding: 10px 30px;\">\n<table width=\"100%\" cellspacing=\"0\" cellpadding=\"0\">\n<tbody>\n<tr>\n<td valign=\"top\" width=\"52\"><img loading=\"lazy\" decoding=\"async\" src=\"http:\/\/dublineventguide.com\/dff\/admin\/images\/upcoming_events.png\" alt=\"\" width=\"38\" height=\"39\" \/><\/td>\n<td>\n<h2 style=\"font-size: 16px; color: #534438; margin: 0 0 5px; font-weight: normal;\">World Airlines Volleyball Tournament<\/h2>\n<h3 style=\"font-size: 13px; margin: 0; padding: 0; line-height: 16px; color: #534438;\">22-24 May<\/h3>\n<p style=\"font-size: 13px; color: #534438; line-height: 20px; margin: 0; padding-top: 0;\">Alsaa, Old Airport Road, Toberbunny, Co. Dublin (next to Dublin Airport)<\/p>\n<div style=\"font-size: 13px; color: #534438; line-height: 20px; margin: 0; padding-top: 0;\">\n<p style=\"margin: 10px 0;\">The Aer Lingus Volleyball Club is celebrating its 30th anniversary this year and to mark this they are organizing a World Airlines Volleyball Tournament on the weekend of 22-24 May 2015.<\/p>\n<p style=\"margin: 10px 0;\">17 teams from all around the world will participate. They are coming from Australia, Hong Kong, Dubai, Amsterdam, Cologne, Frankfurt, Hamburg, Paris, Lisbon, London, Nice, Poland, Zurich, Vienna and Dublin.<\/p>\n<p style=\"margin: 10px 0;\">The main day of the tournament is on Saturday 23 May, with matches starting at 09:00 and the final is scheduled to start at 17:20. The event is free and everyone is welcome to come and watch volleyball while meeting people from different parts of the world.<\/p>\n<p><a style=\"color: #cc2979; text-decoration: none;\" href=\"https:\/\/www.facebook.com\/dublinaerlingustournament\">https:\/\/www.facebook.com\/dublinaerlingustournament<\/a><\/p>\n<\/div>\n<\/td>\n<\/tr>\n<\/tbody>\n<\/table>\n<\/td>\n<\/tr>\n<tr>\n<td style=\"padding: 10px 30px;\">\n<table width=\"100%\" cellspacing=\"0\" cellpadding=\"0\">\n<tbody>\n<tr>\n<td valign=\"top\" width=\"52\"><img loading=\"lazy\" decoding=\"async\" src=\"http:\/\/dublineventguide.com\/dff\/admin\/images\/upcoming_events.png\" alt=\"\" width=\"38\" height=\"39\" \/><\/td>\n<td>\n<h2 style=\"font-size: 16px; color: #534438; margin: 0 0 5px; font-weight: normal;\">Dublin Mountains Partnership &#8211; Guided Walks<\/h2>\n<h3 style=\"font-size: 13px; margin: 0; padding: 0; line-height: 16px; color: #534438;\">09+17 May<\/h3>\n<div style=\"font-size: 13px; color: #534438; line-height: 20px; margin: 0; padding-top: 0;\">\n<p>Every month the Dublin Mountain Partnership runs free guided walks in the Dublin Mountains on some Saturdays or Sundays during the month. The walks have varying difficulty and duration and the details can be found on the Dublin Mountain Partnership website: <a style=\"color: #cc2979; text-decoration: none;\" href=\"http:\/\/www.dublinmountains.ie\/news\/upcoming_events\/?no_cache=1\">http:\/\/www.dublinmountains.ie\/news\/upcoming_events\/?no_cache=1<\/a><\/p>\n<p style=\"margin: 10px 0;\">The next walks take place on 09+17 May.<\/p>\n<p style=\"margin: 10px 0;\">All walks are free, but pre-registration is required.<\/p>\n<\/div>\n<\/td>\n<\/tr>\n<\/tbody>\n<\/table>\n<\/td>\n<\/tr>\n<tr>\n<td style=\"padding: 10px 30px;\">\n<table width=\"100%\" cellspacing=\"0\" cellpadding=\"0\">\n<tbody>\n<tr>\n<td valign=\"top\" width=\"52\"><img loading=\"lazy\" decoding=\"async\" src=\"http:\/\/dublineventguide.com\/dff\/admin\/images\/upcoming_events.png\" alt=\"\" width=\"38\" height=\"39\" \/><\/td>\n<td>\n<h2 style=\"font-size: 16px; color: #534438; margin: 0 0 5px; font-weight: normal;\">Not free, but interesting nevertheless:<\/h2>\n<h3 style=\"font-size: 13px; margin: 0; padding: 0; line-height: 16px; color: #534438;\"><\/h3>\n<div style=\"font-size: 13px; color: #534438; line-height: 20px; margin: 0; padding-top: 0;\">\n<p style=\"margin: 10px 0;\">International Dublin Ga y Theatre Festival: 04-17 May<\/p>\n<p style=\"margin: 10px 0;\">International Literature Festival Dublin: 16-24 May<\/p>\n<p style=\"margin: 10px 0;\">Dublin Dance Festival: 19-30 May<\/p>\n<p style=\"margin: 10px 0;\">\n<\/div>\n<\/td>\n<\/tr>\n<\/tbody>\n<\/table>\n<\/td>\n<\/tr>\n<tr>\n<td style=\"padding: 0 30px 15px;\" colspan=\"2\">\n<p style=\"font-size: 13px; color: #534438; line-height: 20px;\">&#8211;Advertisement&#8212;&#8212;&#8212;&#8212;&#8212;&#8212;&#8212;&#8212;&#8212;&#8212;&#8212;&#8212;<\/p>\n<p style=\"font-size: 13px; color: #534438; line-height: 20px;\"><a href=\"http:\/\/www.bookdepository.com?a_aid=dubevg&amp;a_bid=c655baac\" target=\"_blank\"><img loading=\"lazy\" decoding=\"async\" title=\"Free Delivery on all Books at the Book Depository\" src=\"http:\/\/banners1.bookdepository.com\/accounts\/default1\/banners\/P_Generic_468x60.jpg\" alt=\"Free Delivery on all Books at the Book Depository\" width=\"468\" height=\"60\" \/><\/a><img loading=\"lazy\" decoding=\"async\" style=\"border: 0;\" src=\"https:\/\/affiliates.bookdepository.com\/scripts\/imp.php?a_aid=dubevg&amp;a_bid=c655baac\" alt=\"\" width=\"1\" height=\"1\" \/><\/p>\n<p>BOOK DEPOSITORY &#8211; BETTER THAN ANYBODY ELSE<\/p>\n<p>Books for lowest prices, sent to you with free worldwide delivery within 48 hours. And with every book you buy, you directly help the Dublin Event Guide (for Free Events) &#8230; if you click on the link below! <a style=\"color: #cc2979; text-decoration: none;\" href=\"http:\/\/www.bookdepository.com?a_aid=dubevg\">www.bookdepository.com<\/a><\/td>\n<\/tr>\n<\/tbody>\n<\/table>\n<table id=\"odd\" width=\"100%\" cellspacing=\"0\" cellpadding=\"0\">\n<tbody>\n<tr>\n<td><a name=\"odd\"><\/a><a style=\"text-decoration: none;\" href=\"#dff_top\"><img decoding=\"async\" src=\"http:\/\/dublineventguide.com\/dff\/admin\/images\/dividers\/odd.png\" alt=\"This is odd\" border=\"0\" \/><\/a><\/td>\n<\/tr>\n<\/tbody>\n<\/table>\n<table width=\"100%\" cellspacing=\"0\" cellpadding=\"0\">\n<tbody>\n<tr>\n<td style=\"padding: 0 30px 15px;\">\n<div style=\"font-size: 13px; color: #534438; line-height: 20px;\">\n<p style=\"margin: 10px 0;\">Please note: This section contains observations taken from the world I live in that strike me as odd. I express my personal opinion and you might not share it. ;-) If you are easily offended by opinions that are not identical with your own, please don&#8217;t read this section and I am VERY serious about that!<\/p>\n<p><strong>Marriage Equality Referendum &#8211; I changed my opinion!<\/strong><\/p>\n<p><strong><\/strong>Just a few more days and I&#8217;d say both sides are by now happy when the whole process is over. But it ain&#8217;t over yet and I am not allowed to vote on it so I will blatantly use this platform to tell you what my opinion is about this whole issue. And it might surprise you to hear that I changed my opinion some months back!<\/p>\n<p style=\"margin: 10px 0;\">I grew up in a village in Germany and all people around where I grew up were white, so I never experienced &#8220;tolerance&#8221; or &#8220;equality&#8221; in that respect. I had no clue what g ay people are, but there was one thing in my village that I was very aware of. That elephant in the room was RELIGION! There were Catholic people and Protestant people in our village. And there was a catholic choir and a protestant choir and catholic farmers would sell land only to other catholic farmers and the same on the protestant side. There was no discrimination in the form of bad behaviour towards each other, but people had their preferences and lived by them, so the boundaries were clearly defined. Odd you think? And I thought so too!<\/p>\n<p style=\"margin: 10px 0;\">The separation NEVER made sense to me despite the fact that my catholic parents also clearly lived by these unwritten rules. My mother separated from a boyfriend because in their opinion there was no chance that they could get married because he was Protestant!! Imagine! And that wasn&#8217;t in the stone ages, that was in the early 60s.<\/p>\n<p style=\"margin: 10px 0;\">Now where am I going with that? There are a number of aspects to it. First of all, to most of us this religion based separation sounds totally crazy to us nowadays because we have moved on and the second aspect: From early on I realised that arbitrary boundaries don&#8217;t make sense. But I also learned why people are soooo much against tolerance and equality: They are afraid!! Afraid that there world would be turned upside down, that they might be told do do something they don&#8217;t want to do. That they might have to change.<\/p>\n<p style=\"margin: 10px 0;\">Interestingly and importantly though, this referendum does not require anybody to change!! No straight man (or woman) will ever be forced to marry another straight man or woman! So people relax! No need to start panicking when you think about two women or two men loving and caring about each other!<\/p>\n<p style=\"margin: 10px 0;\">And in my opinion that is what this referendum is about: Allowing two people who feel strongly for each other to be there for each other in ALL aspects.<\/p>\n<p style=\"margin: 10px 0;\">This referendum will NOT change how people might or might not behave in their bedroom (or elsewhere), it will not force anybody to do anything against their will AND it will have no impact on adoptions or surrogacy. So forget that straight away.<\/p>\n<p style=\"margin: 10px 0;\">Vote YES and allow these two people to love each other if they want or just care for each other into high age and in all aspects.<\/p>\n<p style=\"margin: 10px 0;\">In the intro I said that I changed my opinion, so what is that all about?<\/p>\n<p>I was never against Marriage Equality, but I have to admit that I don&#8217;t like the term &#8220;marriage&#8221; for a civil union of two people and initially I was of the opinion that the Civil Partnership was already there, so why do we need a Marriage Equality Referendum?! But then I found <a style=\"color: #cc2979; text-decoration: none;\" href=\"http:\/\/www.marriagequality.ie\/getinformed\/mythbusters.html\" target=\"_blank\">here<\/a> that currently there are 160 differences between the rights of two people who are married vs the rights of two people in a civil partnership. That was the decider. Either you have full rights or you don&#8217;t.<\/p>\n<p style=\"margin: 10px 0;\">I still would prefer if we changed some significant aspects of the marriage procedures, but that&#8217;s not really relevant for this referendum: All marriages should take place in a registry office and then afterwards people can opt to get married in a church if they want. The church should not be allowed to stand in for the state, instead the two procedures should bee totally separated. But as I said, that is not really relevant in this referendum. Mind you, I hope the catholic church will refuse to do the civil marriage part after the referendum!<\/p>\n<p style=\"margin: 10px 0;\">So, if I was allowed to vote, I would vote YES! If you are allowed to vote, please vote for me!!!<\/p>\n<p style=\"margin: 10px 0;\">\n<\/div>\n<p style=\"font-size: 13px; color: #534438; line-height: 20px; margin: 10px 0;\">&#8211;Advertisement&#8212;&#8212;&#8212;&#8212;&#8212;&#8212;&#8212;&#8212;&#8212;&#8212;&#8212;&#8212;<\/p>\n<p style=\"font-size: 13px; color: #534438; line-height: 20px; margin: 10px 0;\"><a href=\"http:\/\/clk.tradedoubler.com\/click?p=83237&amp;a=1719778&amp;g=17782526\" target=\"_BLANK\"><img decoding=\"async\" src=\"http:\/\/impie.tradedoubler.com\/imp?type(img)g(17782526)a(1719778)\" alt=\"\" border=\"0\" \/><\/a><\/p>\n<\/td>\n<\/tr>\n<\/tbody>\n<\/table>\n<table width=\"100%\" cellspacing=\"0\" cellpadding=\"0\">\n<tbody>\n<tr>\n<td style=\"padding: 0 30px 15px;\">\n<div style=\"font-size: 13px; color: #534438; line-height: 20px;\">\n<p style=\"margin: 10px 0;\">Have an event-full weekend and week,<\/p>\n<p style=\"margin: 10px 0;\">&#8211;Joerg<\/p>\n<p><a style=\"color: #cc2979; text-decoration: none;\" href=\"mailto:dublineventguide@gmail.com\">dublineventguide@gmail.com<\/a> | <a style=\"color: #cc2979; text-decoration: none;\" href=\"www.dublineventguide.com\">www.dublineventguide.com<\/a> | <a style=\"color: #cc2979; text-decoration: none;\" href=\"http:\/\/www.facebook.com\/DublinEventGuide\">www.facebook.com\/DublinEventGuide<\/a> | <a style=\"color: #cc2979; text-decoration: none;\" href=\"http:\/\/m.dublineventguide.com\">m.dublineventguide.com<\/a><\/p>\n<p>For much needed donations please go to <a style=\"color: #cc2979; text-decoration: none;\" href=\"http:\/\/www.perfectresults.info\/\/donation.htm\">http:\/\/www.perfectresults.info\/donation.htm<\/a><\/p>\n<p>+++++++++++++++++++++++++++++++++++++++++++<br \/>\n<strong>You are receiving this newsletter because you have subscribed to it!!<\/strong><\/p>\n<p>If you don&#8217;t want to receive this mail anymore, just click on the link at the bottom of this mail. It would help me if you told me in an e-mail why you decided to unsubscribe, but that is not a &#8220;Must&#8221;. If you only want to stop receiving the newsletter temporarily, you can &#8211; if you wish &#8211; discuss this with me by e-mail so that we find a solution that makes sense to you. If you unsubscribe using the link at the bottom of the mail and there is a chance that you &#8211; at some stage &#8211; want to re-subscribe, please make sure that you keep a mail with the &#8220;unsubscribe link&#8221; because I will not be able to add you anymore to the list once you have unsubscribed using this link. The only way you can re-subscribe is to follow that specific link and change the settings yourself.<br \/>\nThis Event Guide (the &#8220;Dublin Event Guide (for Free Events)&#8221;) is an Event Guide with a difference. It covers mostly free events based on the thinking that free events deserve additional support and that non-free events have the money to pay for advertisement. The Guide is a _Guide_ and not just a listing and is therefore at times quite extensive. It is sent for free to anybody who is interested and if you want to be added to the mailing list or know somebody who would like to receive this guide, just send them to <a style=\"color: #cc2979; text-decoration: none;\" href=\"http:\/\/www.dublineventguide.com\">http:\/\/www.dublineventguide.com<\/a>, where they can subscribe. If you have feedback &#8211; good or bad &#8211; PLEASE tell me via dublineventguide@gmail.com.<br \/>\nBTW: I am not paid or otherwise rewarded for compiling and distributing this Event Guide it is purely a hobby so your donations are needed: <a style=\"color: #cc2979; text-decoration: none;\" href=\"http:\/\/www.perfectresults.info\/donation.htm\">http:\/\/www.perfectresults.info\/donation.htm<\/a> . Advertisement in or sponsorship of the Dublin Event Guide (for Free Events) is possible and very welcome, please contact me for more information.<br \/>\nPlease note: The Dublin Event Guide (for Free Event) is not related or connected to the long gone fortnightly printed publication &#8220;the event guide&#8221; that you found until December 2008 in pubs and other venues.<br \/>\nCopyright 2015 by Joerg Steegmueller.<br \/>\n***********************************************<\/p>\n<\/div>\n<\/td>\n<\/tr>\n<\/tbody>\n<\/table>\n<\/td>\n<\/tr>\n<\/tbody>\n<\/table>\n","protected":false},"excerpt":{"rendered":"<p>No. 413 | 15 May 2015 Subscribers: 23,410 Dublin News &#8211; Competitions &#8211; Support the Guide &#8211; Joerg&#8217;s Picks &#8211; Feel Good &#8211; This is Odd Sat &#8211; Sun &#8211; Mon &#8211; Tue &#8211; Wed &#8211; Thu &#8211; Fri &#8211; Events Coming Up &#8211; Exhibitions Hi all! Last week I mentioned that we had reached [&hellip;]<\/p>\n","protected":false},"author":1,"featured_media":0,"comment_status":"open","ping_status":"closed","sticky":false,"template":"","format":"standard","meta":{"footnotes":""},"categories":[1],"tags":[],"class_list":["post-1529","post","type-post","status-publish","format-standard","hentry","category-allgemein"],"_links":{"self":[{"href":"https:\/\/www.dublineventguide.com\/blog\/index.php\/wp-json\/wp\/v2\/posts\/1529","targetHints":{"allow":["GET"]}}],"collection":[{"href":"https:\/\/www.dublineventguide.com\/blog\/index.php\/wp-json\/wp\/v2\/posts"}],"about":[{"href":"https:\/\/www.dublineventguide.com\/blog\/index.php\/wp-json\/wp\/v2\/types\/post"}],"author":[{"embeddable":true,"href":"https:\/\/www.dublineventguide.com\/blog\/index.php\/wp-json\/wp\/v2\/users\/1"}],"replies":[{"embeddable":true,"href":"https:\/\/www.dublineventguide.com\/blog\/index.php\/wp-json\/wp\/v2\/comments?post=1529"}],"version-history":[{"count":0,"href":"https:\/\/www.dublineventguide.com\/blog\/index.php\/wp-json\/wp\/v2\/posts\/1529\/revisions"}],"wp:attachment":[{"href":"https:\/\/www.dublineventguide.com\/blog\/index.php\/wp-json\/wp\/v2\/media?parent=1529"}],"wp:term":[{"taxonomy":"category","embeddable":true,"href":"https:\/\/www.dublineventguide.com\/blog\/index.php\/wp-json\/wp\/v2\/categories?post=1529"},{"taxonomy":"post_tag","embeddable":true,"href":"https:\/\/www.dublineventguide.com\/blog\/index.php\/wp-json\/wp\/v2\/tags?post=1529"}],"curies":[{"name":"wp","href":"https:\/\/api.w.org\/{rel}","templated":true}]}}