{"id":1314,"date":"2014-03-29T07:36:20","date_gmt":"2014-03-29T07:36:20","guid":{"rendered":"https:\/\/www.dublineventguide.com\/blog\/?p=1314"},"modified":"2014-04-26T06:09:14","modified_gmt":"2014-04-26T06:09:14","slug":"event-guide-354-five-lamps-art-festival-dublin-flea-market-one-city-one-book-green-drinks-dublin","status":"publish","type":"post","link":"https:\/\/www.dublineventguide.com\/blog\/index.php\/allgemein\/event-guide-354-five-lamps-art-festival-dublin-flea-market-one-city-one-book-green-drinks-dublin\/","title":{"rendered":"Dublin Event Guide 354: Five Lamps Art Festival, Dublin Flea Market, One City One Book, Green Drinks Dublin"},"content":{"rendered":"<table style=\"background-color: #f4f4f4; font-family: Arial;\" width=\"817\" cellspacing=\"0\" cellpadding=\"0\">\n<tbody>\n<tr>\n<td>\n<table style=\"background-color: #d7006b;\" width=\"100%\" cellspacing=\"0\" cellpadding=\"0\">\n<tbody>\n<tr>\n<td width=\"30\"><a name=\"dff_top\"><\/a><\/td>\n<td width=\"105\"><\/td>\n<td width=\"480\"><\/td>\n<td width=\"175\"><\/td>\n<td width=\"30\"><\/td>\n<\/tr>\n<tr>\n<td><\/td>\n<td><img loading=\"lazy\" decoding=\"async\" src=\"http:\/\/dublineventguide.com\/dff\/admin\/images\/logo_email.png\" alt=\"DEG\" width=\"89\" height=\"88\" \/><\/td>\n<td><img loading=\"lazy\" decoding=\"async\" src=\"http:\/\/dublineventguide.com\/dff\/admin\/images\/dublinguide.png\" alt=\"Dublin Event Guide (for free events)\" width=\"445\" height=\"25\" \/><\/p>\n<p style=\"font-family: arial; font-size: 14px; color: #74073d; padding: 5px; margin: 0;\">No. <strong>354<\/strong> | 28 March 2014<\/p>\n<\/td>\n<td>\n<div style=\"background-color: #8d034a; border-radius: 5px; width: 160px; height: 75px; margin-left: 8px;\">\n<p style=\"font-family: arial; font-size: 15px; color: #fff; margin: 0; padding: 10px 0; text-align: center;\">Subscribers: 20,255<br \/>\n<a href=\"http:\/\/www.facebook.com\/DublinEventGuide\"><img loading=\"lazy\" decoding=\"async\" style=\"padding-top: 10px;\" src=\"http:\/\/dublineventguide.com\/dff\/admin\/images\/like.png\" alt=\"\" width=\"58\" height=\"22\" \/><\/a><\/p>\n<\/div>\n<\/td>\n<td><\/td>\n<\/tr>\n<tr>\n<td colspan=\"5\"><\/td>\n<\/tr>\n<tr style=\"line-height: 1px; font-size: 1px; overflow: hidden; height: 4px;\">\n<td style=\"font-size: 1px; line-height: 1px; height: 4px; overflow: hidden;\" colspan=\"5\"><img loading=\"lazy\" decoding=\"async\" src=\"http:\/\/dublineventguide.com\/dff\/admin\/images\/divider.png\" alt=\"\" width=\"817\" height=\"4\" \/><\/td>\n<\/tr>\n<\/tbody>\n<\/table>\n<table style=\"background-color: #8d034a;\" width=\"100%\" cellspacing=\"0\" cellpadding=\"0\">\n<tbody>\n<tr>\n<td>\n<p style=\"color: #fff; font-family: arial; font-size: 13px; text-align: center; padding: 0; line-height: 24px;\"><a style=\"color: #fff; text-decoration: none;\" href=\"#news\">Dublin News<\/a> &#8211; <a style=\"color: #fff; text-decoration: none;\" href=\"#competitions\">Competitions<\/a> &#8211; <a style=\"color: #fff; text-decoration: none;\" href=\"#support\">Support the Guide<\/a> &#8211; <a style=\"color: #fff; text-decoration: none;\" href=\"#picks\">Joerg&#8217;s Picks<\/a> &#8211; <a style=\"color: #fff; text-decoration: none;\" href=\"#feel\">Feel Good<\/a> &#8211; <a style=\"color: #fff; text-decoration: none;\" href=\"#odd\">This is Odd<\/a><br \/>\n<a style=\"color: #fff; text-decoration: none;\" href=\"#day_1396051200\">Sat<\/a> &#8211; <a style=\"color: #fff; text-decoration: none;\" href=\"#day_1396137600\">Sun<\/a> &#8211; <a style=\"color: #fff; text-decoration: none;\" href=\"#day_1396220400\">Mon<\/a> &#8211; <a style=\"color: #fff; text-decoration: none;\" href=\"#day_1396306800\">Tue<\/a> &#8211; <a style=\"color: #fff; text-decoration: none;\" href=\"#day_1396393200\">Wed<\/a> &#8211; <a style=\"color: #fff; text-decoration: none;\" href=\"#day_1396479600\">Thu<\/a> &#8211; <a style=\"color: #fff; text-decoration: none;\" href=\"#day_1396566000\">Fri<\/a> &#8211; <a style=\"color: #fff; text-decoration: none;\" href=\"#coming\">Events Coming Up<\/a> &#8211; <a style=\"color: #fff; text-decoration: none;\" href=\"#exhibitions\">Exhibitions<\/a><\/p>\n<\/td>\n<\/tr>\n<\/tbody>\n<\/table>\n<table width=\"100%\" cellspacing=\"0\" cellpadding=\"0\">\n<tbody>\n<tr>\n<td style=\"padding: 15px 30px;\">\n<div style=\"font-size: 13px; color: #534438; line-height: 20px;\">\n<p style=\"margin: 10px 0;\">Hi all!<\/p>\n<p style=\"margin: 10px 0;\">This Saturday we will enter Summertime again when the clock will be put an hour forward at 01:00 on Saturday night. The weather doesn&#8217;t play along yet, we are still waiting for Spring, but hopefully it will catch up soon and give us some warmth again. All event organiser still do the wise &#8211; and safe &#8211; thing and keep the events in doors for another little while, but it won&#8217;t be much longer.<\/p>\n<p>[ad]<\/p>\n<p style=\"margin: 10px 0;\">Two things dominated the week for me. One was that Facebook has indicated that they will change their algorithm again and where Facebook in the past was the main channel to reach out to people that hadn&#8217;t heard about the Dublin Event Guide yet, now this route will become less and less successful. If anybody has a good idea how we can reach lots of people to tell them about the Dublin Event Guide (for Free Events), please let me know.<\/p>\n<p>The other issue that occupied my mind is money. March was a bad month. Less of you donated and so only EUR 100 came together. That means I will have to take EUR 70 from my salary to pay so that I can send the weekly e-mail magazine to you. And it is getting worse. For the first time in the history of the Dublin Event Guide, there were two consecutive weeks were not a single person supported my work with a donation. You can help here: <a style=\"color: #cc2979; text-decoration: none;\" href=\"http:\/\/www.perfectresults.info\/donate.htm\">www.perfectresults.info\/donate.htm<\/a><\/p>\n<p style=\"margin: 10px 0;\">So this week, I have to do what I really really don&#8217;t like: I have to beg for money. Please, dear readers, help the Dublin Event Guide with a donation. If EVERY subscriber gave just one Euro per year, this would not only cover the cost but also give me the chance to turn this weekly publication into something even better and more helpful. Unfortunately it won&#8217;t ever happen that every body will help, so that means the heavy lifting has to be done by a small minority.<\/p>\n<p>If you are one of the people that your friends and family know as a do-er, not a talker, as someone others trust and call reliable, then you are the one who can help the Dublin Event Guide! Please go to: <a style=\"color: #cc2979; text-decoration: none;\" href=\"http:\/\/www.perfectresults.info\/donate.htm\">http:\/\/www.perfectresults.info\/donate.htm<\/a> A donation of EUR 12 to EUR 20 per year would be super, that&#8217;s just 25 cent per weekly edition. If you have more, that&#8217;s even better. If you have less, believe me, I appreciate every cent. If you or your company want to sponsor the Dublin Event Guide in return for advertisement or other help, then lets talk! Contact me at dublineventguide@gmail.com<\/p>\n<p>And finally: Please help spreading the word about the Dublin Event Guide (for Free Events). Your friends can easily subscribe at <a style=\"color: #cc2979; text-decoration: none;\" href=\"http:\/\/www.dublineventguide.com\">http:\/\/www.dublineventguide.com<\/a> and they will get a weekly e-mail magazine with all the free events in Dublin if they subscribe. They don&#8217;t have to pay a cent for that and their e-mail address is completely safe with me! More than 20,000 people receive the Dublin Event Guide every week and we are more than 44,000 people at the Dublin Event Guide Facebook Page at <a style=\"color: #cc2979; text-decoration: none;\" href=\"http:\/\/www.facebook.com\/DublinEventGuide\">www.facebook.com\/DublinEventGuide<\/a> Check it out and click on LIKE when you are there.<\/p>\n<p style=\"margin: 10px 0;\">And this is a great opportunity to help the Dublin Event Guide for absolutely no cost to you:<\/p>\n<p>Without putting your hand in your pocket (for the Dublin Event Guide) at all you can help by ALWAYS using the ad links in the Dublin News Section and the ads in the Dublin Event Guides when you buy\/order goods. If you buy goods immediately (in the same session) after clicking on a link\/ad that you find in this e-zine\/newsletter (<a style=\"color: #cc2979; text-decoration: none;\" href=\"http:\/\/www.awin1.com\/cread.php?s=344250&amp;v=4345&amp;q=162396&amp;r=140544\" target=\"_blank\">Groupon<\/a>, <a style=\"color: #cc2979; text-decoration: none;\" href=\"http:\/\/www.awin1.com\/awclick.php?mid=4319&amp;id=140544\" target=\"_blank\">LivingSocial<\/a>, <a style=\"color: #cc2979; text-decoration: none;\" href=\"http:\/\/www.amazon.co.uk\/?_encoding=UTF8&amp;camp=1634&amp;creative=6738&amp;linkCode=ur2&amp;tag=dubeveguiforf-21\" target=\"_blank\">Amazon<\/a>, <a style=\"color: #cc2979; text-decoration: none;\" href=\"http:\/\/www.bookdepository.com?a_aid=dubevg\" target=\"_blank\">Book Depository<\/a>, <a style=\"color: #cc2979; text-decoration: none;\" href=\"http:\/\/www.awin1.com\/cread.php?s=308748&amp;v=4363&amp;q=145658&amp;r=140544\">LastMinute<\/a> etc), you help the Dublin Event Guide everytime. This is how it works: The company you buy from (Groupon, Amazon, Living Social, Book Depository etc) registers that you came to them via a link from the Dublin Event Guide and they show their appreciation by giving a small commission (5-8%) to the Dublin Event Guide. This might only be 30 cent a go, but if you did that for all online purchases and if lots of people used it, then it could make a big dent into the EUR 170 needed. Use these links as often as possible it doesn&#8217;t cost you a cent and you help big time!<\/p>\n<p style=\"margin: 10px 0;\">Have an event-full weekend and week,<\/p>\n<p style=\"margin: 10px 0;\">&#8211;Joerg<\/p>\n<p style=\"margin: 10px 0;\">Find the Dublin Event Guide (for Free Events) online presence here:<\/p>\n<p>Website: <a style=\"color: #cc2979; text-decoration: none;\" href=\"http:\/\/www.DublinEventGuide.com\">http:\/\/www.DublinEventGuide.com<\/a><br \/>\nFacebook: <a style=\"color: #cc2979; text-decoration: none;\" href=\"http:\/\/www.facebook.com\/DublinEventGuide\">http:\/\/www.facebook.com\/DublinEventGuide<\/a><br \/>\nMobile App: <a style=\"color: #cc2979; text-decoration: none;\" href=\"http:\/\/m.dublineventguide.com\">http:\/\/m.dublineventguide.com<\/a><br \/>\nTwitter: <a style=\"color: #cc2979; text-decoration: none;\" href=\"http:\/\/www.twitter.com\/JoergSt\">http:\/\/www.twitter.com\/JoergSt<\/a><\/p>\n<\/div>\n<p><a href=\"http:\/\/www.facebook.com\/DublinEventGuide\"><img loading=\"lazy\" decoding=\"async\" style=\"padding-top: 10px;\" src=\"http:\/\/dublineventguide.com\/dff\/admin\/images\/like.png\" alt=\"\" width=\"58\" height=\"22\" \/><\/a><\/p>\n<div style=\"font-size: 13px; color: #534438; line-height: 20px;\">\n<p>We are more than 44,000 people on the Dublin Event Guide &#8211; Facebook Page at <a style=\"color: #cc2979; text-decoration: none;\" href=\"http:\/\/www.facebook.com\/DublinEventGuide\">http:\/\/www.facebook.com\/DublinEventGuide<\/a> and are growing every week. Join in and click LIKE on the facebook page and tell your friends! You will get last minute updates and event reminders through the Facebook Page and you can share your free events directly there with the other people in the Dublin Event Guide Community.<\/p>\n<\/div>\n<p style=\"font-size: 13px; color: #534438; line-height: 20px; margin: 10px 0;\">&#8211;Advertisement&#8212;&#8212;&#8212;&#8212;&#8212;&#8212;&#8212;&#8212;&#8212;&#8212;&#8212;&#8212;<\/p>\n<p style=\"font-size: 13px; color: #534438; line-height: 20px; margin: 10px 0;\"><a href=\"http:\/\/www.bookdepository.com?a_aid=dubevg&amp;a_bid=fdd322a7\" target=\"_blank\"><img loading=\"lazy\" decoding=\"async\" title=\"Free Delivery on all Books at the Book Depository\" src=\"http:\/\/banners1.bookdepository.com\/accounts\/default1\/banners\/P_Generic_300x250.jpg\" alt=\"Free Delivery on all Books at the Book Depository\" width=\"300\" height=\"250\" \/><\/a><img loading=\"lazy\" decoding=\"async\" style=\"border: 0;\" src=\"https:\/\/affiliates.bookdepository.com\/scripts\/imp.php?a_aid=dubevg&amp;a_bid=fdd322a7\" alt=\"\" width=\"1\" height=\"1\" \/><\/p>\n<p>BOOK DEPOSITORY &#8211; BETTER THAN ANYBODY ELSE<\/p>\n<p>Books for lowest prices, sent to you with free worldwide delivery. And with every book you buy, you directly help the Dublin Event Guide (for Free Events) &#8230; IF you click on the link below! <a style=\"color: #cc2979; text-decoration: none;\" href=\"http:\/\/www.bookdepository.com?a_aid=dubevg\">www.bookdepository.com<\/a><\/p>\n<\/td>\n<\/tr>\n<\/tbody>\n<\/table>\n<table id=\"feel\" width=\"100%\" cellspacing=\"0\" cellpadding=\"0\">\n<tbody>\n<tr>\n<td><a name=\"feel\"><\/a><a style=\"text-decoration: none;\" href=\"#dff_top\"><img decoding=\"async\" src=\"http:\/\/dublineventguide.com\/dff\/admin\/images\/dividers\/feelgood.png\" alt=\"Feel good slot\" border=\"0\" \/><\/a><\/td>\n<\/tr>\n<\/tbody>\n<\/table>\n<table width=\"100%\" cellspacing=\"0\" cellpadding=\"0\">\n<tbody>\n<tr>\n<td style=\"padding: 0 30px 15px;\">\n<div style=\"font-size: 13px; color: #534438; line-height: 20px;\">\n<p style=\"margin: 10px 0;\">The &#8220;Feel Good Slot&#8221; at this place in the Dublin Event Guide is to share some inspirational, motivational or thought provoking quotes, stories or video clips. You wonder why I added this section to this e-mail magazine? If your week was great, you might not need it, but most of us had some challenging moments in the last week and there could be more in the coming week and this section is for the people that want to overcome the hurdles, achieve more and remember that despite all, life is great!<\/p>\n<p style=\"margin: 10px 0;\">This week&#8217;s Feel Good Slot is a very short video clip. Elvis de Leon tells his story and asks what would you do if you got every day $84,600 but all the money would be gone the next day and you will get another $84,600. Would you every day try to make best use of it? You can&#8217;t keep it, you can&#8217;t carry it over.<\/p>\n<p style=\"margin: 10px 0;\">84,600 is the number of seconds we have every day! Do you make the most of it? You know can&#8217;t carry it over. You get another 84k the next day, but the ones from the previous day are gone forever. Make good use of them!!<\/p>\n<p><a style=\"color: #cc2979; text-decoration: none;\" href=\"https:\/\/www.youtube.com\/watch?v=FA4Ce1qOSXw\">https:\/\/www.youtube.com\/watch?v=FA4Ce1qOSXw<\/a><\/p>\n<p style=\"margin: 10px 0;\">Thanks to Barry R for sending this clip to me! If you also come across something, a thought, an idea, a question, a saying or a videclip or a song that could fit here, send it to dublineventguide@gmail.com<\/p>\n<\/div>\n<p style=\"font-size: 13px; color: #534438; line-height: 20px; margin: 10px 0;\">&#8211;Advertisement&#8212;&#8212;&#8212;&#8212;&#8212;&#8212;&#8212;&#8212;&#8212;&#8212;&#8212;&#8212;<\/p>\n<p style=\"font-size: 13px; color: #534438; line-height: 20px; margin: 10px 0;\"><!--START MERCHANT:merchant name Groupon Ireland from affiliatewindow.com.--><a href=\"http:\/\/www.awin1.com\/cread.php?s=344250&amp;v=4345&amp;q=162396&amp;r=140544\"><img decoding=\"async\" src=\"http:\/\/www.awin1.com\/cshow.php?s=344250&amp;v=4345&amp;q=162396&amp;r=140544\" alt=\"\" border=\"0\" \/><\/a><!--END MERCHANT:merchant name Groupon Ireland from affiliatewindow.com--><\/p>\n<\/td>\n<\/tr>\n<\/tbody>\n<\/table>\n<table id=\"support\" width=\"100%\" cellspacing=\"0\" cellpadding=\"0\">\n<tbody>\n<tr>\n<td><a name=\"support\"><\/a><a style=\"text-decoration: none;\" href=\"#dff_top\"><img decoding=\"async\" src=\"http:\/\/dublineventguide.com\/dff\/admin\/images\/dividers\/support.png\" alt=\"Support\" border=\"0\" \/><\/a><\/td>\n<\/tr>\n<\/tbody>\n<\/table>\n<table width=\"100%\" cellspacing=\"0\" cellpadding=\"0\">\n<tbody>\n<tr>\n<td style=\"padding: 0 30px 15px;\">\n<div style=\"font-size: 13px; color: #534438; line-height: 20px;\">\n<p style=\"margin: 10px 0;\">This part is important to &#8220;keep the show on the road&#8221;:<\/p>\n<p style=\"margin: 10px 0;\">For the second week in a row, not a single person helped with a donation. :-( This is getting serious!<\/p>\n<p style=\"margin: 10px 0;\">Every bit counts and YOUR help is absolutely needed too to ensure that you &#8211; and everyone else &#8211; will continue to get the Dublin Event Guide every week.<\/p>\n<p>The cost for sending the weekly newsletter is approx. EUR 170 per month and a donation from you of just EUR 12 per year will ensure that I will be able to pay the bills.<br \/>\nHas the Dublin Event Guide helped you to find events that you otherwise wouldn&#8217;t have known about, or have you saved money by finding great free events? Then go to <a style=\"color: #cc2979; text-decoration: none;\" href=\"http:\/\/www.perfectresults.info\/donate.htm\">http:\/\/www.perfectresults.info\/donate.htm<\/a> and give something back!<\/p>\n<p style=\"margin: 10px 0;\">I appreciate ANY help: EUR 12 would be great (that&#8217;s just 25 cent per week!), but even if it is just the price of 2 pints it will help.<\/p>\n<p>You can donate online by following this link to the PayPal&amp;CreditCard donation page <a style=\"color: #cc2979; text-decoration: none;\" href=\"http:\/\/www.perfectresults.info\/donation.htm\">http:\/\/www.perfectresults.info\/donation.htm<\/a> If you want to transfer your donation directly to my account, just send a mail to dublineventguide@gmail.com and I will send you the details.<\/p>\n<p>In the last 12 months the following wonderful people have sponsored this Dublin Event Guide: Margaret B, Sinead D, Nicola R, Marta T, Adeline P, Clodagh O&#8217;C, Roisin R, Martin O&#8217;S, Aisling L, Ruth G, Marian T, David S, Christina M, Claire F, Peter D, Emma N, Agnes C, Flora F, Karl F, Raymond M, Rafika K, Natalija B, Nicola WN, A C, Hazel L, Amanda L, Brendan McC, Filippo G, Laura B, Lucas C, Colin B, Brendan H, Valentina B, Mark R, Jun S, Joe G, Helen G, Eoin O&#8217;B, Clodagh O&#8217;C, Aine G, Majella M, Gareth N, Pat M, Conor O&#8217;H, Torlach OC, Belinda B, Paul B, Daire McC, Tom McI, Mary B, Rita B, Kostas R, Derek L, Johan S, Sheila H, Joseph O&#8217;L, Hoai L, Elizabeth P, Hugh C, Lorraine F, Frieda K, George K, Tony B, Peter B, Seamus C, Jenny M, Tara R, Deirdre G, John F, Mark G, Orlagh O&#8217;F, M\u00e9abh C, Meav NiM, Anna P, Vera G, John R, Nicole W, Margo C, Eamonn U, Pamela McH, Joel B, Gerard Ph, Fiona F, Yvonne O&#8217;S, Gabriel K, Luis F, Claire D, Nicola F, Eimear MacH and Barry M, Kirsten D, Roisin K, Sharon C, Thomas S, Cyril M, Patricia O&#8217;N, Ju Yearn S, Clodagh C, Caitriona L, Brian O&#8217;C, Geraldine R, Aiden B, Jacinta O&#8217;B, Sophie P-L, Mairin M, Wendy C, Seamus C, Mary K, Carla B, Fiona O&#8217;R, Karen O&#8217;G, Emeline J, Noelle H, Sean N, Marta T, Aine C, Sabrina L, Brian H P, Fiona M, Bridget W, Paul M, Sarah S, Pam C, Colette C, Paul A, Brian C, Anne R, Deirdre B, Oliver M, Kostas R, Elaine K, Mark C, James E, Sarah H, Karl C, Melanie B, Donna M, Kathleen S, Arthur D, Stephen H, Karen H, Nikki D, Mark G, Margaret W, Serena F, Mark R, Zelie McG, Sean S, Caroline S, Patrick O&#8217;C, Christian K, Magdalena S, Fidelma M, Tania Z, Louise Q, Barbara Q-B, Catherine G, Tony B, Yvonne C, Mark G, Bridget W, Catherine E, Michelle M, Eoin O&#8217;S, Adeline P, Kay G, Claire F, Anto K, Sebastian B, Justin McC, Sophie P-L, David M, Mark G, Eamonn H, Sharon K, Michele M, Joseph F, Siobhann Q, Clodagh O&#8217;C, Susan B, Bill G, Joe R, Catherine O&#8217;S, Tom McM, Donald M, Martina D, Pascale N, Carol McN and Meret C, Linda T, Mark G, Cathal F, Brendan M, Mary F, Dermot N, Emma S, Fiona D, Joan S and the Dublin Cycling Campaign (<a style=\"color: #cc2979; text-decoration: none;\" href=\"http:\/\/www.dublincycling.ie\">http:\/\/www.dublincycling.ie<\/a>), <a style=\"color: #cc2979; text-decoration: none;\" href=\"http:\/\/www.GravitationalFX.ie\">http:\/\/www.GravitationalFX.ie<\/a> (An Irish Web Design, SEO and Internet Marketing who offer affordable web design), <a style=\"color: #cc2979; text-decoration: none;\" href=\"http:\/\/www.FlamencoIndalo.com\">http:\/\/www.FlamencoIndalo.com<\/a> (A group that supports and promotes the art of Flamenco in Ireland.), <a style=\"color: #cc2979; text-decoration: none;\" href=\"http:\/\/www.oliviercornetgallery.com\">http:\/\/www.oliviercornetgallery.com<\/a> (A brand new Art Gallery in Temple Bar), www.Festivals.ie (Ireland&#8217;s festivals website, with key information on <a style=\"color: #cc2979; text-decoration: none;\" href=\"http:\/\/www.Festivals.ie\">festivals in Ireland<\/a>, UK and Europe), <a style=\"color: #cc2979; text-decoration: none;\" href=\"http:\/\/www.thepaulkanegallery.com\">http:\/\/www.thepaulkanegallery.com<\/a> (A great Art Gallery, on the search for a new venue), <a style=\"color: #cc2979; text-decoration: none;\" href=\"http:\/\/www.cfcp.ie\">http:\/\/www.cfcp.ie<\/a> (The Centre for Creative Practices is the the only arts centre in Ireland dedicated to connecting, integrating and promoting immigrant, experimental and emerging artists among the local arts scene and audiences). The main sponsor is <a style=\"color: #cc2979; text-decoration: none;\" href=\"http:\/\/www.KravMagaIreland.com\">http:\/\/www.KravMagaIreland.com<\/a>, the self-defence training centre for everyone, which provides regular 12-week or 2-day self-defence training courses for beginners.<\/p>\n<p style=\"margin: 10px 0;\">All events listed in this Event Guide are free of any admission charges (or at least appear to be free) unless otherwise stated. I try to find confirmation in all cases and do my best to double-check the information. However errors can happen and therefore no promise for correctness can be given.<\/p>\n<\/div>\n<p style=\"font-size: 13px; color: #534438; line-height: 20px; margin: 10px 0;\">&#8211;Advertisement&#8212;&#8212;&#8212;&#8212;&#8212;&#8212;&#8212;&#8212;&#8212;&#8212;&#8212;&#8212;<\/p>\n<p><center><a href=\"http:\/\/www.dpbolvw.net\/click-7485012-10799758\" target=\"_blank\"><img loading=\"lazy\" decoding=\"async\" src=\"http:\/\/www.lduhtrp.net\/image-7485012-10799758\" alt=\"Match.com Ireland\" width=\"468\" height=\"60\" border=\"0\" \/><\/a><\/center><\/td>\n<\/tr>\n<\/tbody>\n<\/table>\n<table id=\"picks\" width=\"100%\" cellspacing=\"0\" cellpadding=\"0\">\n<tbody>\n<tr>\n<td><a name=\"picks\"><\/a><a style=\"text-decoration: none;\" href=\"#dff_top\"><img decoding=\"async\" src=\"http:\/\/dublineventguide.com\/dff\/admin\/images\/dividers\/joergspicks.png\" alt=\"Joergs Picks\" border=\"0\" \/><\/a><\/td>\n<\/tr>\n<\/tbody>\n<\/table>\n<table width=\"100%\" cellspacing=\"0\" cellpadding=\"0\">\n<tbody>\n<tr>\n<td style=\"padding: 0 30px 15px;\">\n<div style=\"font-size: 13px; color: #534438; line-height: 20px;\">\n<p><em>This section is intended to provide some help in picking and choosing from the huge number of events by sharing with you what I will\/might or would do. This is not a &#8220;best of&#8230;&#8221; list and if an event is not listed here, it by no means implies that the event is not interesting. Instead my &#8220;picks&#8221; are just based on my personal preferences. All events mentioned here are described in detail further down.<\/em><\/p>\n<p style=\"margin: 10px 0;\">This week you should check out the Five Lamps Art Festival, Dublin Flea Market, Dublin: One City One Book and Green Drinks Dublin.<\/p>\n<p style=\"margin: 10px 0;\">There are lots and lots of other events, but for a change and because I am running out of time, I will let you have a look through them this week.<\/p>\n<\/div>\n<p style=\"font-size: 13px; color: #534438; line-height: 20px; margin: 10px 0;\">&#8211;Advertisement&#8212;&#8212;&#8212;&#8212;&#8212;&#8212;&#8212;&#8212;&#8212;&#8212;&#8212;&#8212;<\/p>\n<p style=\"font-size: 13px; color: #534438; line-height: 20px; margin: 10px 0;\"><a href=\"https:\/\/www.amazon.co.uk\/b?node=266239&amp;tag=dubeveguiforf-21&amp;camp=3290&amp;creative=21954&amp;linkCode=ur1&amp;adid=07CA4B2Q4TCZZXWXN1W4&amp;\" target=\"_blank\"><img loading=\"lazy\" decoding=\"async\" src=\"http:\/\/www.dublineventguide.com\/gif\/amazonbooks.jpg\" alt=\"\" width=\"728\" height=\"90\" \/><\/a><\/p>\n<\/td>\n<\/tr>\n<\/tbody>\n<\/table>\n<table id=\"competitions\" width=\"100%\" cellspacing=\"0\" cellpadding=\"0\">\n<tbody>\n<tr>\n<td><a name=\"competitions\"><\/a><a style=\"text-decoration: none;\" href=\"#dff_top\"><img decoding=\"async\" src=\"http:\/\/dublineventguide.com\/dff\/admin\/images\/dividers\/competitions.png\" alt=\"Competitions\" border=\"0\" \/><\/a><\/td>\n<\/tr>\n<\/tbody>\n<\/table>\n<table width=\"100%\" cellspacing=\"0\" cellpadding=\"0\">\n<tbody>\n<tr>\n<td style=\"padding: 0 30px; margin-bottom: 15px;\">\n<h2 style=\"font-size: 16px; color: #534438; margin: 0 0 5px; font-weight: normal; margin-top: 15px;\">Retro Toons &#8211; Cartoon Screening<\/h2>\n<h3 style=\"font-size: 13px; margin: 0; padding: 0; line-height: 16px; color: #534438;\"><\/h3>\n<div style=\"font-size: 13px; color: #534438; line-height: 20px; margin: 0; padding-top: 0;\">\n<p>Sat 05 April &#8211; 12:00<br \/>\nThe Harbour Playhouse, 30 Avenue Road, Portobello, Dublin 8<\/p>\n<p style=\"margin: 10px 0;\">A &#8220;Retro Toons&#8221; morning will take place in the Harbour Playhouse on Sat 05 April. Watch old cartoons like The Turtles, Animaniacs, Road Runner, Looney Tunes, etc.! This a WYOP event: Wear your own Pyjamas! You can chill out on the cartoon decorated duvets and enjoy the free cereal (e.g. Choco Pops, Frosties,, etc). Bring your own juice (BYOJ) and get in for just EUR 3 admission.<\/p>\n<p style=\"margin: 10px 0;\">One Dublin Event Guide reader can win a pair of tickets for this event, so if you always wanted to turn the time back and enjoy these great old cartoons again in the right atmosphere, then this event is made for you. To enter the competition, send an e-mail with subject TOONS to dublineventguide@gmail.com Make sure that the body of the mail contains your full name and your mobile phone number. Your e-mail has to be with me by 13:00 on Thurs 27 March.<\/p>\n<p><a style=\"color: #cc2979; text-decoration: none;\" href=\"https:\/\/www.facebook.com\/events\/738709759486313\/\" target=\"_blank\">https:\/\/www.facebook.com\/events\/738709759486313\/<\/a><\/p>\n<\/div>\n<\/td>\n<\/tr>\n<tr>\n<td style=\"padding: 0 30px; margin-bottom: 15px;\">\n<h2 style=\"font-size: 16px; color: #534438; margin: 0 0 5px; font-weight: normal; margin-top: 15px;\">Promote your product or (non-free) event through a competition!<\/h2>\n<h3 style=\"font-size: 13px; margin: 0; padding: 0; line-height: 16px; color: #534438;\"><\/h3>\n<div style=\"font-size: 13px; color: #534438; line-height: 20px; margin: 0; padding-top: 0;\">\n<p style=\"margin: 10px 0;\">If you want to reach more than 20,000 people with your product promotion or your event promotion for a non-free event, contact me on dublineventguide@gmail.com and we can discuss the options.<\/p>\n<p style=\"margin: 10px 0;\">And if you want me to do product testing, followed by an assessment here in the Dublin Event Guide, we can talk about that too.<\/p>\n<\/div>\n<\/td>\n<\/tr>\n<tr>\n<td style=\"padding: 0 30px 15px;\">\n<p style=\"font-size: 13px; color: #534438; line-height: 20px; margin: 10px 0;\">&#8211;Advertisement&#8212;&#8212;&#8212;&#8212;&#8212;&#8212;&#8212;&#8212;&#8212;&#8212;&#8212;&#8212;<\/p>\n<p style=\"font-size: 13px; color: #534438; line-height: 20px; margin: 10px 0;\"><a href=\"http:\/\/clk.tradedoubler.com\/click?p=83237&amp;a=1719778&amp;g=20747140\" target=\"_BLANK\"><img decoding=\"async\" src=\"http:\/\/impie.tradedoubler.com\/imp?type(img)g(20747140)a(1719778)\" alt=\"\" border=\"0\" \/><\/a><\/p>\n<\/td>\n<\/tr>\n<\/tbody>\n<\/table>\n<table id=\"news\" style=\"margin-top: 10px;\" width=\"100%\" cellspacing=\"0\" cellpadding=\"0\">\n<tbody>\n<tr>\n<td><a name=\"news\"><\/a><a style=\"text-decoration: none;\" href=\"#dff_top\"><img decoding=\"async\" src=\"http:\/\/dublineventguide.com\/dff\/admin\/images\/dividers\/news.png\" alt=\"Dublin news\" border=\"0\" \/><\/a><\/td>\n<\/tr>\n<\/tbody>\n<\/table>\n<table width=\"100%\" cellspacing=\"0\" cellpadding=\"0\">\n<tbody>\n<tr>\n<td style=\"padding: 0 30px; margin-bottom: 15px;\">\n<h2 style=\"font-size: 16px; color: #534438; margin: 0 0 5px; font-weight: normal; margin-top: 15px;\">Support the Dublin Event Guide for free when you buy!<\/h2>\n<div style=\"font-size: 13px; color: #534438; line-height: 20px; margin: 0; padding-top: 0;\">\n<p>By always clicking on the links below before you buy a product from these traders, you hugely help the Dublin Event Guide! Every time you buy something, approx 5% of the total amount will be given to the Dublin Event Guide as a reward for promoting the trader. Importantly, you don&#8217;t pay a cent more than normal! So you can help without having to put your hand in your own pocket! ;-) These are the links, use them often (EVERY time you buy from the relevant site!) <strong>THANK YOU!!!<\/strong><\/p>\n<p><a style=\"color: #cc2979; text-decoration: none;\" href=\"http:\/\/www.amazon.co.uk\/?_encoding=UTF8&amp;camp=1634&amp;creative=6738&amp;linkCode=ur2&amp;tag=dubeveguiforf-21\">Amazon.co.uk<\/a> | <a style=\"color: #cc2979; text-decoration: none;\" href=\"http:\/\/www.bookdepository.com?a_aid=dubevg\" target=\"_blank\">Book Depository<\/a> | <a style=\"color: #cc2979; text-decoration: none;\" href=\"http:\/\/www.awin1.com\/cread.php?s=344250&amp;v=4345&amp;q=162396&amp;r=140544\">Groupon<\/a> | <a style=\"color: #cc2979; text-decoration: none;\" href=\"http:\/\/www.awin1.com\/awclick.php?mid=4319&amp;id=140544\">Living Social<\/a> | <a style=\"color: #cc2979; text-decoration: none;\" href=\"http:\/\/clk.tradedoubler.com\/click?p=197223&amp;a=1719778&amp;g=19453640\">Pigsback<\/a> | <a style=\"color: #cc2979; text-decoration: none;\" href=\"http:\/\/clk.tradedoubler.com\/click?p=76521&amp;a=1719778&amp;g=17656420\">O2<\/a> | <a style=\"color: #cc2979; text-decoration: none;\" href=\"http:\/\/clk.tradedoubler.com\/click?p=72121&amp;a=1719778&amp;g=19980094\">Vodafone<\/a> | <a style=\"color: #cc2979; text-decoration: none;\" href=\"http:\/\/clk.tradedoubler.com\/click?p=214850&amp;a=1719778&amp;g=20132020\">Firebox<\/a> | <a style=\"color: #cc2979; text-decoration: none;\" href=\"http:\/\/clk.tradedoubler.com\/click?p=80221&amp;a=1719778&amp;g=18250508\">Pixmania<\/a><a href=\"http:\/\/clk.tradedoubler.com\/click?p=74700&amp;a=1719778&amp;g=18027174\"><br \/>\nExpedia<\/a> | <a style=\"color: #cc2979; text-decoration: none;\" href=\"http:\/\/www.awin1.com\/cread.php?s=308748&amp;v=4363&amp;q=145658&amp;r=140544\">Lastminute.com<\/a> | <a style=\"color: #cc2979; text-decoration: none;\" href=\"http:\/\/clk.tradedoubler.com\/click?p=24526&amp;a=1719778&amp;g=17946642\">Hotels.com<\/a><\/p>\n<p>And if you prefer to donate money directly, then you can do that here: <a style=\"color: #cc2979; text-decoration: none;\" href=\"http:\/\/www.perfectresults.info\/\/donation.htm\">http:\/\/www.perfectresults.info\/\/donation.htm<\/a><\/p>\n<h2 style=\"font-size: 16px; color: #534438; margin: 0 0 5px; font-weight: normal; margin-top: 15px;\">Dublin Event Guide Smartphone App &#8220;Dublin For Free&#8221;<\/h2>\n<p>Find all details on where to get and how to install the app at <a style=\"color: #cc2979; text-decoration: none;\" href=\"http:\/\/www.dublineventguide.com\/mobile.html\">http:\/\/www.dublineventguide.com\/mobile.html<\/a><\/p>\n<p style=\"margin: 10px 0;\">\n<\/div>\n<\/td>\n<\/tr>\n<tr>\n<td style=\"padding: 0 30px; margin-bottom: 15px;\">\n<h2 style=\"font-size: 16px; color: #534438; margin: 0 0 5px; font-weight: normal; margin-top: 15px;\">Dublin One City One Book<\/h2>\n<div style=\"font-size: 13px; color: #534438; line-height: 20px; margin: 0; padding-top: 0;\">\n<p style=\"margin: 10px 0;\">Dublin One City One Book is a yearly project that is meant to encourage everyone in the city to read the same book during the month of April.<\/p>\n<p style=\"margin: 10px 0;\">In the past books like James Plunkett&#8217;s &#8220;Strumpet City&#8221;, &#8220;Dubliners&#8221; by James Joyce or &#8220;Dracula&#8221; by Bram Stoker were the chosen books. This year, however, a completely different type of book was selected: &#8220;If Ever You Go: a map of Dublin in poetry and song&#8221; will be the One City One Book choice for April 2014 and it seemingly was published just in time for the event. [Are we running out of good books??]<\/p>\n<p style=\"margin: 10px 0;\">It is a collection of poems, ballads and songs (edited by Pat Boran and Gerard Smyth) from a range of literary luminaries connected with Dublin. The book is arranged street by street &#8220;so the reader is continually making new connections and discoveries on a virtual tour of the City of Words.&#8221;<\/p>\n<p style=\"margin: 10px 0;\">It includes writing by Swift, Synge, Yeats, Joyce, Kavanagh and \u00d3 Dire\u00e1in as well as Seamus Heaney, Eavan Boland, Dermot Bolger, Paula Meehan, Nuala N\u00ed Dhomhnaill and Derek Mahon. There are also songs and ballads from Dublin&#8217;s colonial past, verses by leaders of the 1916 Rising, and portraits of the modern city with Spire and Luas tram.<\/p>\n<p style=\"margin: 10px 0;\">I haven&#8217;t seen the book yet, so can&#8217;t assess it, but from the description it sounds a little like the desperate search for a book resulted in the creation of a hotchpotch of writings. Let&#8217;s hope the first impression is completely wrong!<\/p>\n<p>All events, that are part of One City One Book, are listed here <a style=\"color: #cc2979; text-decoration: none;\" href=\"http:\/\/www.dublinonecityonebook.ie\/events-2014\">http:\/\/www.dublinonecityonebook.ie\/events-2014<\/a><\/p>\n<\/div>\n<\/td>\n<\/tr>\n<tr>\n<td style=\"padding: 0 30px; margin-bottom: 15px;\">\n<h2 style=\"font-size: 16px; color: #534438; margin: 0 0 5px; font-weight: normal; margin-top: 15px;\">Newest biggest Attraction in Dublin: Whiskey!?<\/h2>\n<div style=\"font-size: 13px; color: #534438; line-height: 20px; margin: 0; padding-top: 0;\">\n<p style=\"margin: 10px 0;\">It seems that the newest biggest attraction in Dublin is &#8230;. Whiskey! Soon there will be THREE or even four &#8220;Whiskey visitor places&#8221; in Dublin. The Jameson Old Distillery near Smithfield Plaza is already well established and gets lots of visitors.<\/p>\n<p>Now a planning permission for opening a <a style=\"color: #cc2979; text-decoration: none;\" href=\"http:\/\/businessetc.thejournal.ie\/distillery-dublin-liberties-st-james-church-1379008-Mar2014\/\" target=\"_blank\">new distillery<\/a> and a visitor centre in historic St James&#8217;s Church in the Liberties has been lodged by Alltech, an animal food company that also produces Kentucky Bourbon.<\/p>\n<p>Teelings, already a whiskey producer, also wants to open a distillery in the Liberties, together with a &#8220;<a style=\"color: #cc2979; text-decoration: none;\" href=\"http:\/\/businessetc.thejournal.ie\/teeling-whiskey-distillery-1286732-Jan2014\/\" target=\"_blank\">tourist experience<\/a>&#8220;, which is expected to attract up to 100,000 visitors annually.<\/p>\n<p>And elsewhere a distillery-less <a style=\"color: #cc2979; text-decoration: none;\" href=\"http:\/\/businessetc.thejournal.ie\/whiskey-museum-dublin-college-green-1378132-Mar2014\/\" target=\"_blank\">Whiskey museum<\/a> will open in August: <a style=\"color: #cc2979; text-decoration: none;\" href=\"http:\/\/www.irishwhiskeymuseum.ie\/\" target=\"_blank\">Extreme Ireland<\/a>, a company that also runs Tourism Offices and Day Tours is turning five rooms above the James Fox cigar shop (and above their Toursit Office) at College Green into a Whiskey museum<\/p>\n<\/div>\n<\/td>\n<\/tr>\n<tr>\n<td style=\"padding: 0 30px; margin-bottom: 15px;\">\n<h2 style=\"font-size: 16px; color: #534438; margin: 0 0 5px; font-weight: normal; margin-top: 15px;\">Phoenix Park Visitor Centre open 7 days again<\/h2>\n<div style=\"font-size: 13px; color: #534438; line-height: 20px; margin: 0; padding-top: 0;\">\n<p>The Phoenix Park Visitor Centre was closed on Mondays and Tuesdays from January until now, but from 01 April it will be open 7 days every week again. So, if you are in Phoenix Park during the week, you can drop in again. ;-) <a style=\"color: #cc2979; text-decoration: none;\" href=\"http:\/\/www.phoenixpark.ie\/visitorcentre\/\">http:\/\/www.phoenixpark.ie\/visitorcentre\/<\/a><\/p>\n<\/div>\n<\/td>\n<\/tr>\n<tr>\n<td style=\"padding: 0 30px; margin-bottom: 15px;\">\n<h2 style=\"font-size: 16px; color: #534438; margin: 0 0 5px; font-weight: normal; margin-top: 15px;\">Eventbrite adds feature for selling Reserved Seating<\/h2>\n<div style=\"font-size: 13px; color: #534438; line-height: 20px; margin: 0; padding-top: 0;\">\n<p><a style=\"color: #cc2979; text-decoration: none;\" href=\"http:\/\/www.eventbrite.ie\/r\/devg\" target=\"_blank\">Eventbrite<\/a> is a great self-service ticketing platform, but fo venues where you want to have reserved\/assigned seating they couldn&#8217;t really provide a suitable solution. This has changed now with a great new feature: Eventbrite&#8217;s Seat Designer, is a new interface that provides organizers easy-to-use seat planning. In other words, you create the layout of the seating in the way you know it from seating plans for big concert venues and can then sell different levels of seating for different prices and can assign seats at the time tickets are bought.<\/p>\n<p style=\"margin: 10px 0;\">And remember that until 15 April Eventbrite will charge no ticketing fees for new organisers in Ireland. Publish any 2014 event before 15 April and you pay no service charges to Eventbrite (online payment processing fees are out of Eventbrite&#8217;s control and therefore will still apply).<\/p>\n<p>Register before 15 April and start using Eventbrite&#8217;s service here: <a style=\"color: #cc2979; text-decoration: none;\" href=\"http:\/\/www.eventbrite.ie\/r\/devg\" target=\"_blank\">http:\/\/www.eventbrite.ie\/r\/devg<\/a><\/p>\n<p>A short video clip shows how powerful the Seat Designer is: <a style=\"color: #cc2979; text-decoration: none;\" href=\"http:\/\/vimeo.com\/87748222\" target=\"_blank\">http:\/\/vimeo.com\/87748222<\/a><\/p>\n<\/div>\n<\/td>\n<\/tr>\n<tr>\n<td style=\"padding: 0 30px; margin-bottom: 15px;\">\n<h2 style=\"font-size: 16px; color: #534438; margin: 0 0 5px; font-weight: normal; margin-top: 15px;\">Donating to the Dublin Event Guide for free!?<\/h2>\n<div style=\"font-size: 13px; color: #534438; line-height: 20px; margin: 0; padding-top: 0;\">\n<p style=\"margin: 10px 0;\">Do you happily receive the Dublin Event Guide (for Free Events) every week? And do you make use of it at least sometimes? And would you like to help to keep it going? If you read this, then the answer is probably three times YES!<\/p>\n<p style=\"margin: 10px 0;\">But I understand that giving a donation is not everybody&#8217;s thing. I can assure you that it will only be used to cover the cost for the Dublin Event Guide, but wouldn&#8217;t it be even neater if you could give money without having to use your own?<\/p>\n<p style=\"margin: 10px 0;\">This is indeed possible! When you buy books online, buy them from Book Depository or from Amazon and use these links to go to the website:<\/p>\n<p><a style=\"color: #cc2979; text-decoration: none;\" href=\"http:\/\/www.bookdepository.co.uk?a_aid=dubevg\">http:\/\/www.bookdepository.com?a_aid=dubevg<\/a> for Book Depository and<br \/>\n<a style=\"color: #cc2979; text-decoration: none;\" href=\"http:\/\/www.amazon.co.uk\/?_encoding=UTF8&amp;camp=1634&amp;creative=6738&amp;linkCode=ur2&amp;tag=dubeveguiforf-21\">http:\/\/www.amazon.co.uk\/?_encoding=UTF8&amp;camp=1634&amp;creative=6738&amp;linkCode=ur2&amp;tag=dubeveguiforf-21<\/a> for Amazon<\/p>\n<p style=\"margin: 10px 0;\">You can also copy these links and send them to your friends. When you click on the link you books cost exactly the same as if you went to the Amazon or Book Depository website directly. But if you go via my links above, the Dublin Event Guide (for Free Events) will get 5-8%. That&#8217;s not a lot, but if you and lots of other people used that link every time, it still would amount to a fair amount.<\/p>\n<p>And if you want to buy from<br \/>\nGroupon use this <a style=\"color: #cc2979; text-decoration: none;\" href=\"http:\/\/www.awin1.com\/cread.php?s=344250&amp;v=4345&amp;q=162396&amp;r=140544\">http:\/\/www.awin1.com\/cread.php?s=344250&amp;v=4345&amp;q=162396&amp;r=140544<\/a> or for<br \/>\nLivingSocial use this <a style=\"color: #cc2979; text-decoration: none;\" href=\"http:\/\/www.awin1.com\/awclick.php?mid=4319&amp;id=140544\">http:\/\/www.awin1.com\/awclick.php?mid=4319&amp;id=140544<\/a><\/p>\n<p style=\"margin: 10px 0;\">Giving money for free! That&#8217;s how easy it is. ;-) Thanks!<\/p>\n<\/div>\n<\/td>\n<\/tr>\n<\/tbody>\n<\/table>\n<table width=\"100%\" cellspacing=\"0\" cellpadding=\"0\">\n<tbody>\n<tr>\n<td style=\"padding: 0 30px 15px;\">\n<p style=\"font-size: 13px; color: #534438; line-height: 20px; margin: 10px 0;\"><a href=\"http:\/\/www.jdoqocy.com\/click-7485012-11075951\" target=\"_top\"><img loading=\"lazy\" decoding=\"async\" src=\"http:\/\/www.ftjcfx.com\/image-7485012-11075951\" alt=\"\" width=\"728\" height=\"90\" border=\"0\" \/><\/a><\/p>\n<\/td>\n<\/tr>\n<\/tbody>\n<\/table>\n<table width=\"100%\" cellspacing=\"0\" cellpadding=\"0\">\n<tbody>\n<tr>\n<td><a style=\"text-decoration: none;\" href=\"#dff_top\"><img decoding=\"async\" src=\"http:\/\/dublineventguide.com\/dff\/admin\/images\/dividers\/opportunities.png\" alt=\"Opportunities\" border=\"0\" \/><\/a><\/td>\n<\/tr>\n<\/tbody>\n<\/table>\n<table width=\"100%\" cellspacing=\"0\" cellpadding=\"0\">\n<tbody>\n<tr>\n<td style=\"padding: 0 30px 15px;\">\n<div style=\"font-size: 13px; color: #534438; line-height: 20px;\">\n<p style=\"margin: 10px 0;\">This section is intended to feature new startup companies and projects. Opportunities that people saw and that they chose not to ignore. I am, however, experiencing a little technical problem with this section, so for now I won&#8217;t be able to use it. I will keep you posted.<\/p>\n<\/div>\n<\/td>\n<\/tr>\n<\/tbody>\n<\/table>\n<table id=\"exhibitions\" style=\"margin-top: 10px;\" width=\"100%\" cellspacing=\"0\" cellpadding=\"0\">\n<tbody>\n<tr>\n<td><a name=\"exhibitions\"><\/a><a style=\"text-decoration: none;\" href=\"#dff_top\"><img decoding=\"async\" src=\"http:\/\/dublineventguide.com\/dff\/admin\/images\/dividers\/exhibitions.png\" alt=\"Exhibitions\" border=\"0\" \/><\/a><\/td>\n<\/tr>\n<\/tbody>\n<\/table>\n<table style=\"margin-bottom: 20px;\" width=\"100%\" cellspacing=\"0\" cellpadding=\"0\">\n<tbody>\n<tr>\n<td style=\"padding: 0 30px; margin-bottom: 15px;\">\n<div style=\"font-size: 13px; color: #534438; line-height: 20px;\">\n<p>Based on your feedback, I have decided to do the following with the Exhibition section in this newsletter from now on: I will provide you with a link to a near-comprehensive listing of exhibitions provided by <a style=\"color: #cc2979; text-decoration: none;\" href=\"http:\/\/www.visualartists.ie\">www.visualartists.ie<\/a> . For me to list all exhibitions would only be doubling their good work and would be an inefficient use of my resources. The link is <a style=\"color: #cc2979; text-decoration: none;\" href=\"http:\/\/www.visualartists.ie\/category\/listings\/dublin\/\">http:\/\/www.visualartists.ie\/category\/listings\/dublin\/<\/a><\/p>\n<p style=\"margin: 10px 0;\">On top of that I will every now and then include here a small selection of exhibitions that either are not mentioned in the Visual Artist listing or are note-worthy to be mentioned separately.<\/p>\n<\/div>\n<\/td>\n<\/tr>\n<\/tbody>\n<\/table>\n<table width=\"100%\" cellspacing=\"0\" cellpadding=\"0\">\n<tbody>\n<tr>\n<td style=\"padding: 10px 30px;\">\n<table width=\"100%\" cellspacing=\"0\" cellpadding=\"0\">\n<tbody>\n<tr>\n<td valign=\"top\" width=\"52\"><img loading=\"lazy\" decoding=\"async\" src=\"http:\/\/dublineventguide.com\/dff\/admin\/images\/exhibition.png\" alt=\"\" width=\"40\" height=\"41\" \/><\/td>\n<td>\n<h2 style=\"font-size: 16px; color: #534438; margin: 0; font-weight: normal;\">Bonsai at the Botanic Gardens<\/h2>\n<h3 style=\"font-size: 13px; margin: 0; padding: 0; line-height: 16px; color: #534438;\">Daily until 23 April<\/h3>\n<p style=\"font-size: 13px; color: #534438; line-height: 20px; margin: 0; padding-top: 0;\">National Botanic Garden, Glasnevin, Dublin 9<\/p>\n<div style=\"font-size: 13px; color: #534438; line-height: 20px; margin: 0; padding-top: 0;\">\n<p>An extensive exhibition of Bonsai from Andrew J Murray&#8217;s collection will be on display in the Teak House throughout April. Watch the Bonsai burst back into life, displaying the spring foliage of maples, cherries and many other interesting plants. Admission is free. <a style=\"color: #cc2979; text-decoration: none;\" href=\"http:\/\/www.botanicgardens.ie\/news\/events.htm\">http:\/\/www.botanicgardens.ie\/news\/events.htm<\/a><\/p>\n<\/div>\n<\/td>\n<\/tr>\n<tr>\n<td valign=\"top\" width=\"52\"><img loading=\"lazy\" decoding=\"async\" src=\"http:\/\/dublineventguide.com\/dff\/admin\/images\/exhibition.png\" alt=\"\" width=\"40\" height=\"41\" \/><\/td>\n<td>\n<h2 style=\"font-size: 16px; color: #534438; margin: 0; font-weight: normal;\">Celtic Legend by Iwona Nartowska O&#8217;Reilly<\/h2>\n<h3 style=\"font-size: 13px; margin: 0; padding: 0; line-height: 16px; color: #534438;\">27 Mar &#8211; 24 Apr (12:00-18:00)<\/h3>\n<p style=\"font-size: 13px; color: #534438; line-height: 20px; margin: 0; padding-top: 0;\">Doorway Gallery, 24 South Frederick Street, Dublin 2<\/p>\n<div style=\"font-size: 13px; color: #534438; line-height: 20px; margin: 0; padding-top: 0;\">\n<p style=\"margin: 10px 0;\">The Doorway Gallery isinviting to an exhibition by Iwona Nartowska O&#8217;Reilly called &#8216;Celtic Legend&#8217;. There will be a &#8216;Meet and Greet&#8217; with the artist on Saturday 29 March.<\/p>\n<p><a style=\"color: #cc2979; text-decoration: none;\" href=\"http:\/\/www.thedoorwaygallery.com\/\">http:\/\/www.thedoorwaygallery.com\/<\/a><\/p>\n<\/div>\n<\/td>\n<\/tr>\n<tr>\n<td valign=\"top\" width=\"52\"><img loading=\"lazy\" decoding=\"async\" src=\"http:\/\/dublineventguide.com\/dff\/admin\/images\/exhibition.png\" alt=\"\" width=\"40\" height=\"41\" \/><\/td>\n<td>\n<h2 style=\"font-size: 16px; color: #534438; margin: 0; font-weight: normal;\">Surrealist Paintings &#8211; Tom Mathews<\/h2>\n<h3 style=\"font-size: 13px; margin: 0; padding: 0; line-height: 16px; color: #534438;\">03-19 April (Opening Thurs 03 April 18:30.20:30)<\/h3>\n<p style=\"font-size: 13px; color: #534438; line-height: 20px; margin: 0; padding-top: 0;\">Ranelagh Arts Centre, 26 Ranelagh Road, Dublin 6<\/p>\n<div style=\"font-size: 13px; color: #534438; line-height: 20px; margin: 0; padding-top: 0;\">\n<p style=\"margin: 10px 0;\">The Ranelagh Arts Centre are inviting to an exhibition of new work by Tom Mathews, entitled Surrealist Paintings. Tom Mathews has had over thirty solo exhibitions of his work, and his paintings have been exhibited widely. The show will be launched by James Hanley RHA and will run from 03-19 April. Admission is free.<\/p>\n<\/div>\n<\/td>\n<\/tr>\n<\/tbody>\n<\/table>\n<\/td>\n<\/tr>\n<\/tbody>\n<\/table>\n<table width=\"100%\" cellspacing=\"0\" cellpadding=\"0\">\n<tbody>\n<tr>\n<td style=\"padding: 0 30px 15px;\">\n<p style=\"font-size: 13px; color: #534438; line-height: 20px; margin: 10px 0;\"><!--START MERCHANT:merchant name Lastminute Ireland from affiliatewindow.com.--><a href=\"http:\/\/www.awin1.com\/cread.php?s=308748&amp;v=4363&amp;q=145658&amp;r=140544\"><img decoding=\"async\" src=\"http:\/\/www.awin1.com\/cshow.php?s=308748&amp;v=4363&amp;q=145658&amp;r=140544\" alt=\"\" border=\"0\" \/><\/a><!--END MERCHANT:merchant name Lastminute Ireland from affiliatewindow.com--><\/p>\n<\/td>\n<\/tr>\n<\/tbody>\n<\/table>\n<table id=\"day_1396051200\" style=\"margin-top: 10px;\" width=\"100%\" cellspacing=\"0\" cellpadding=\"0\">\n<tbody>\n<tr style=\"background-color: #c20162; color: #fff;\">\n<td style=\"padding: 0; line-height: 1; height: 34px; overflow: hidden;\">\n<p style=\"width: 630px; padding-left: 30px; margin: 0; height: 34px; overflow: hidden; line-height: 34px;\"><a name=\"day_1396051200\"><\/a><strong>Saturday <\/strong> 29 Mar<\/p>\n<\/td>\n<td>\n<p style=\"margin: 0; line-height: 34px; padding: 0; font-size: 13px;\"><a style=\"color: #fff; text-decoration: none;\" href=\"#dff_top\">back to top<\/a><\/p>\n<\/td>\n<td>\n<p style=\"margin: 0; padding: 0; font-size: 13px;\"><a style=\"color: #fff; text-decoration: none;\" href=\"#dff_top\"><img loading=\"lazy\" decoding=\"async\" src=\"http:\/\/dublineventguide.com\/dff\/admin\/images\/dividers\/date_toplink.png\" alt=\"Back to top\" width=\"38\" height=\"34\" \/><\/a><\/p>\n<\/td>\n<td width=\"50\"><\/td>\n<\/tr>\n<\/tbody>\n<\/table>\n<table width=\"100%\" cellspacing=\"0\" cellpadding=\"0\">\n<tbody>\n<tr>\n<td style=\"padding: 10px 30px;\">\n<table width=\"100%\" cellspacing=\"0\" cellpadding=\"0\">\n<tbody>\n<tr>\n<td valign=\"top\" width=\"52\"><img loading=\"lazy\" decoding=\"async\" src=\"http:\/\/dublineventguide.com\/dff\/admin\/images\/categories\/MARKETS.png\" alt=\"\" width=\"32\" height=\"32\" \/><\/td>\n<td>\n<h2 style=\"font-size: 16px; color: #534438; margin: 0 0 5px; font-weight: normal;\">Car Boot Sales &#8211; Tallaght<\/h2>\n<h3 style=\"font-size: 13px; margin: 0; padding: 0; line-height: 16px; color: #534438;\"><img loading=\"lazy\" decoding=\"async\" style=\"display: inline; float: left;\" src=\"http:\/\/dublineventguide.com\/dff\/admin\/images\/weekly.png\" alt=\"\" width=\"69\" height=\"16\" \/> 08:00 &#8211; 12:00, Sat 29 Mar<\/h3>\n<p style=\"font-size: 13px; color: #534438; line-height: 20px; margin: 0; padding-top: 0;\">Tallaght Stadium, Whitestown Way, Tallaght, Co. Dublin<\/p>\n<table width=\"100%\" cellspacing=\"0\" cellpadding=\"0\">\n<tbody>\n<tr>\n<td valign=\"top\">\n<div style=\"font-size: 13px; color: #534438; line-height: 20px;\">\n<p style=\"margin: 10px 0;\">A weekly car boot sale, one of less than a handful that is still reliably taking place, has up to 200 cars\/sellers. The stadium is just a few minutes walk from the Red LUAS line stop and numerous bus stops. For traders the Car Boot Sale opens at 06:30 for buyers from 08:00. If you are interested in selling, check the details and register on their website.<\/p>\n<\/div>\n<div style=\"font-size: 13px; color: #534438; line-height: 20px;\"><\/div>\n<p style=\"font-size: 13px; color: #534438; line-height: 20px;\"><a style=\"color: #cc2979; text-decoration: none;\" href=\"http:\/\/www.irishcarboot.ie\/\">http:\/\/www.irishcarboot.ie\/<\/a><\/p>\n<\/td>\n<td valign=\"top\"><\/td>\n<\/tr>\n<\/tbody>\n<\/table>\n<\/td>\n<\/tr>\n<\/tbody>\n<\/table>\n<\/td>\n<\/tr>\n<\/tbody>\n<\/table>\n<table width=\"100%\" cellspacing=\"0\" cellpadding=\"0\">\n<tbody>\n<tr>\n<td style=\"padding: 10px 30px;\">\n<table width=\"100%\" cellspacing=\"0\" cellpadding=\"0\">\n<tbody>\n<tr>\n<td valign=\"top\" width=\"52\"><img loading=\"lazy\" decoding=\"async\" src=\"http:\/\/dublineventguide.com\/dff\/admin\/images\/categories\/ACTIVITY.png\" alt=\"\" width=\"32\" height=\"32\" \/><\/td>\n<td>\n<h2 style=\"font-size: 16px; color: #534438; margin: 0 0 5px; font-weight: normal;\">Five Lamps Arts Festival<\/h2>\n<h3 style=\"font-size: 13px; margin: 0; padding: 0; line-height: 16px; color: #534438;\">09:00, Sat 29 Mar<\/h3>\n<p style=\"font-size: 13px; color: #534438; line-height: 20px; margin: 0; padding-top: 0;\">Dublin (various locations)<\/p>\n<table width=\"100%\" cellspacing=\"0\" cellpadding=\"0\">\n<tbody>\n<tr>\n<td valign=\"top\">\n<div style=\"font-size: 13px; color: #534438; line-height: 20px;\">\n<p style=\"margin: 10px 0;\">The Five Lamps Arts Festival is a great and very successful local festival of the wider area around the &#8220;Five Lamps&#8221; on Amiens Street and North Strand Road. The festival is in its 7th year and events include a music and fire dance, puppet shows, a Georgian choir, jazz music, combinations of theatre and community art performances, interior design exhibitions, walk and talk events, poetry readings and storytelling, dance, visual art and much more.<\/p>\n<p>Many events are free and the complete list of free and non-free events is here: <a style=\"color: #cc2979; text-decoration: none;\" href=\"http:\/\/www.fivelampsarts.ie\/new\/all-events\/\">http:\/\/www.fivelampsarts.ie\/new\/all-events\/<\/a><\/p>\n<p style=\"margin: 10px 0;\">Here are some of the free events (the details you will find on the website), I am only listing the headlines here:<\/p>\n<p>Body and Soul:<br \/>\n31 March: A Conversation Salon: meet other curious, open-minded, open-hearted people and have conversations that challenge<\/p>\n<p>Children:<br \/>\n29 March: Professor Plunger &#8211; Street Show<br \/>\n29 March: H\u00e4nsel und Gretel &#8211; Puppet Show<\/p>\n<p>Dance:<br \/>\n01 April: Day of Dance<\/p>\n<p>Exploration:<br \/>\n29 March: Walk with Terry Fagan &#8211; Story\u2019s from around Dublin\u2019s famous Red-Light district known as Monto.<br \/>\n30 March: Key monuments on Dublin\u2019s O\u2019Connell Street<\/p>\n<p>Literature:<br \/>\n31 March: Growing up at the Five Lamps &#8211; Talk<br \/>\n02 April: Temper-Mental MissElayneous &amp; Andre K\u2019por<br \/>\n02 April: Tree Tales<\/p>\n<p>Music:<br \/>\n30 March: Flute Concert with Julie Maisel<\/p>\n<p>Theater:<br \/>\n03 April: The Merchant of Ennis<\/p>\n<p style=\"margin: 10px 0;\">And on top of that there are a number of exhibitions.<\/p>\n<\/div>\n<div style=\"font-size: 13px; color: #534438; line-height: 20px;\"><\/div>\n<p style=\"font-size: 13px; color: #534438; line-height: 20px;\"><a style=\"color: #cc2979; text-decoration: none;\" href=\"http:\/\/www.fivelampsarts.ie\/\">http:\/\/www.fivelampsarts.ie\/<\/a><\/p>\n<\/td>\n<td valign=\"top\"><\/td>\n<\/tr>\n<\/tbody>\n<\/table>\n<\/td>\n<\/tr>\n<\/tbody>\n<\/table>\n<\/td>\n<\/tr>\n<\/tbody>\n<\/table>\n<table width=\"100%\" cellspacing=\"0\" cellpadding=\"0\">\n<tbody>\n<tr>\n<td style=\"padding: 10px 30px;\">\n<table width=\"100%\" cellspacing=\"0\" cellpadding=\"0\">\n<tbody>\n<tr>\n<td valign=\"top\" width=\"52\"><img loading=\"lazy\" decoding=\"async\" src=\"http:\/\/dublineventguide.com\/dff\/admin\/images\/categories\/ACTIVITY.png\" alt=\"\" width=\"32\" height=\"32\" \/><\/td>\n<td>\n<h2 style=\"font-size: 16px; color: #534438; margin: 0 0 5px; font-weight: normal;\">Family History Day<\/h2>\n<h3 style=\"font-size: 13px; margin: 0; padding: 0; line-height: 16px; color: #534438;\">09:30 &#8211; 16:30, Sat 29 Mar<\/h3>\n<p style=\"font-size: 13px; color: #534438; line-height: 20px; margin: 0; padding-top: 0;\">Dublin City Library &amp; Archive, 138-144 Pearse Street, Dublin 2<\/p>\n<table width=\"100%\" cellspacing=\"0\" cellpadding=\"0\">\n<tbody>\n<tr>\n<td valign=\"top\">\n<div style=\"font-size: 13px; color: #534438; line-height: 20px;\">\n<p style=\"margin: 10px 0;\">The annual Family History Day is a full day of lectures for everybody interested in family history. There will be a mix of practical information and case studies suitable for beginners and if you are more experienced in genealogical research.<\/p>\n<p style=\"margin: 10px 0;\">Admission is free and booking is not required, but come early to get your place. Find all details at<\/p>\n<p><a style=\"color: #cc2979; text-decoration: none;\" href=\"http:\/\/www.dublincity.ie\/RecreationandCulture\/libraries\/library_events\/Pages\/family_history_2014.aspx\">http:\/\/www.dublincity.ie\/RecreationandCulture\/libraries\/library_events\/Pages\/family_history_2014.aspx<\/a><\/p>\n<\/div>\n<div style=\"font-size: 13px; color: #534438; line-height: 20px;\"><\/div>\n<\/td>\n<td valign=\"top\"><\/td>\n<\/tr>\n<\/tbody>\n<\/table>\n<\/td>\n<\/tr>\n<\/tbody>\n<\/table>\n<\/td>\n<\/tr>\n<\/tbody>\n<\/table>\n<table width=\"100%\" cellspacing=\"0\" cellpadding=\"0\">\n<tbody>\n<tr>\n<td style=\"padding: 10px 30px;\">\n<table width=\"100%\" cellspacing=\"0\" cellpadding=\"0\">\n<tbody>\n<tr>\n<td valign=\"top\" width=\"52\"><img loading=\"lazy\" decoding=\"async\" src=\"http:\/\/dublineventguide.com\/dff\/admin\/images\/categories\/MARKETS.png\" alt=\"\" width=\"32\" height=\"32\" \/><\/td>\n<td>\n<h2 style=\"font-size: 16px; color: #534438; margin: 0 0 5px; font-weight: normal;\">Honest2Goodness Food Market<\/h2>\n<h3 style=\"font-size: 13px; margin: 0; padding: 0; line-height: 16px; color: #534438;\"><img loading=\"lazy\" decoding=\"async\" style=\"display: inline; float: left;\" src=\"http:\/\/dublineventguide.com\/dff\/admin\/images\/weekly.png\" alt=\"\" width=\"69\" height=\"16\" \/> 09:30 &#8211; 16:00, Sat 29 Mar<\/h3>\n<p style=\"font-size: 13px; color: #534438; line-height: 20px; margin: 0; padding-top: 0;\">Honest2goodness, 136 Slaney Close, Dublin Industrial Estate, Glasnevin, Dublin 11<\/p>\n<table width=\"100%\" cellspacing=\"0\" cellpadding=\"0\">\n<tbody>\n<tr>\n<td valign=\"top\">\n<div style=\"font-size: 13px; color: #534438; line-height: 20px;\">\n<p style=\"margin: 10px 0;\">The weekly Honest2goodness food market in Glasnevin has fresh meat, vegetables, fish, baked goods, and wines. It is open from 09:30-16:00. It is behind Lidl in the Industrial Estate just after the Glasnevin Cemetary coming from the City Centre.<\/p>\n<\/div>\n<div style=\"font-size: 13px; color: #534438; line-height: 20px;\"><\/div>\n<p style=\"font-size: 13px; color: #534438; line-height: 20px;\"><a style=\"color: #cc2979; text-decoration: none;\" href=\"http:\/\/www.honest2goodness.ie\">http:\/\/www.honest2goodness.ie<\/a><\/p>\n<\/td>\n<td valign=\"top\"><\/td>\n<\/tr>\n<\/tbody>\n<\/table>\n<\/td>\n<\/tr>\n<\/tbody>\n<\/table>\n<\/td>\n<\/tr>\n<\/tbody>\n<\/table>\n<table width=\"100%\" cellspacing=\"0\" cellpadding=\"0\">\n<tbody>\n<tr>\n<td style=\"padding: 10px 30px;\">\n<table width=\"100%\" cellspacing=\"0\" cellpadding=\"0\">\n<tbody>\n<tr>\n<td valign=\"top\" width=\"52\"><img loading=\"lazy\" decoding=\"async\" src=\"http:\/\/dublineventguide.com\/dff\/admin\/images\/categories\/ACTIVITY.png\" alt=\"\" width=\"32\" height=\"32\" \/><\/td>\n<td>\n<h2 style=\"font-size: 16px; color: #534438; margin: 0 0 5px; font-weight: normal;\">Malahide Park Run (free)<\/h2>\n<h3 style=\"font-size: 13px; margin: 0; padding: 0; line-height: 16px; color: #534438;\"><img loading=\"lazy\" decoding=\"async\" style=\"display: inline; float: left;\" src=\"http:\/\/dublineventguide.com\/dff\/admin\/images\/weekly.png\" alt=\"\" width=\"69\" height=\"16\" \/> 09:30, Sat 29 Mar<\/h3>\n<p style=\"font-size: 13px; color: #534438; line-height: 20px; margin: 0; padding-top: 0;\">Malahide Park, Dublin Road, Malahide, Co. Dublin<\/p>\n<table width=\"100%\" cellspacing=\"0\" cellpadding=\"0\">\n<tbody>\n<tr>\n<td valign=\"top\">\n<div style=\"font-size: 13px; color: #534438; line-height: 20px;\">\n<p style=\"margin: 10px 0;\">Parkrun Ireland is organising free weekly runs in parks. It is a timed run over 5km and participation is completely free, but registration before your first parkrun is required.<\/p>\n<\/div>\n<div style=\"font-size: 13px; color: #534438; line-height: 20px;\"><\/div>\n<p style=\"font-size: 13px; color: #534438; line-height: 20px;\"><a style=\"color: #cc2979; text-decoration: none;\" href=\"http:\/\/www.parkrun.ie\/malahide\/\">http:\/\/www.parkrun.ie\/malahide\/<\/a><\/p>\n<\/td>\n<td valign=\"top\"><\/td>\n<\/tr>\n<\/tbody>\n<\/table>\n<\/td>\n<\/tr>\n<\/tbody>\n<\/table>\n<\/td>\n<\/tr>\n<\/tbody>\n<\/table>\n<table width=\"100%\" cellspacing=\"0\" cellpadding=\"0\">\n<tbody>\n<tr>\n<td style=\"padding: 10px 30px;\">\n<table width=\"100%\" cellspacing=\"0\" cellpadding=\"0\">\n<tbody>\n<tr>\n<td valign=\"top\" width=\"52\"><img loading=\"lazy\" decoding=\"async\" src=\"http:\/\/dublineventguide.com\/dff\/admin\/images\/categories\/MARKETS.png\" alt=\"\" width=\"32\" height=\"32\" \/><\/td>\n<td>\n<h2 style=\"font-size: 16px; color: #534438; margin: 0 0 5px; font-weight: normal;\">SuperNatural Food Market<\/h2>\n<h3 style=\"font-size: 13px; margin: 0; padding: 0; line-height: 16px; color: #534438;\"><img loading=\"lazy\" decoding=\"async\" style=\"display: inline; float: left;\" src=\"http:\/\/dublineventguide.com\/dff\/admin\/images\/weekly.png\" alt=\"\" width=\"69\" height=\"16\" \/> 09:30 &#8211; 15:30, Sat 29 Mar<\/h3>\n<p style=\"font-size: 13px; color: #534438; line-height: 20px; margin: 0; padding-top: 0;\">St. Andrews Resource Centre, 114 Pearse Street, Dublin 2<\/p>\n<table width=\"100%\" cellspacing=\"0\" cellpadding=\"0\">\n<tbody>\n<tr>\n<td valign=\"top\">\n<div style=\"font-size: 13px; color: #534438; line-height: 20px;\">\n<p style=\"margin: 10px 0;\">The SuperNatural Food Market is taking place every Saturday from 09:30-15:30 in St. Andrews Resource Centre in Pearse Street, Dublin 2.<\/p>\n<\/div>\n<div style=\"font-size: 13px; color: #534438; line-height: 20px;\"><\/div>\n<p style=\"font-size: 13px; color: #534438; line-height: 20px;\"><a style=\"color: #cc2979; text-decoration: none;\" href=\"http:\/\/www.supernatural.ie\">http:\/\/www.supernatural.ie<\/a><\/p>\n<\/td>\n<td valign=\"top\"><\/td>\n<\/tr>\n<\/tbody>\n<\/table>\n<\/td>\n<\/tr>\n<\/tbody>\n<\/table>\n<\/td>\n<\/tr>\n<\/tbody>\n<\/table>\n<table width=\"100%\" cellspacing=\"0\" cellpadding=\"0\">\n<tbody>\n<tr>\n<td style=\"padding: 10px 30px;\">\n<table width=\"100%\" cellspacing=\"0\" cellpadding=\"0\">\n<tbody>\n<tr>\n<td valign=\"top\" width=\"52\"><img loading=\"lazy\" decoding=\"async\" src=\"http:\/\/dublineventguide.com\/dff\/admin\/images\/categories\/MARKETS.png\" alt=\"\" width=\"32\" height=\"32\" \/><\/td>\n<td>\n<h2 style=\"font-size: 16px; color: #534438; margin: 0 0 5px; font-weight: normal;\">Belgard Weekend Market<\/h2>\n<h3 style=\"font-size: 13px; margin: 0; padding: 0; line-height: 16px; color: #534438;\"><img loading=\"lazy\" decoding=\"async\" style=\"display: inline; float: left;\" src=\"http:\/\/dublineventguide.com\/dff\/admin\/images\/weekly.png\" alt=\"\" width=\"69\" height=\"16\" \/> 10:00 &#8211; 17:00, Sat 29 Mar<\/h3>\n<p style=\"font-size: 13px; color: #534438; line-height: 20px; margin: 0; padding-top: 0;\">Belgard Road, Dublin 24<\/p>\n<table width=\"100%\" cellspacing=\"0\" cellpadding=\"0\">\n<tbody>\n<tr>\n<td valign=\"top\">\n<div style=\"font-size: 13px; color: #534438; line-height: 20px;\">\n<p style=\"margin: 10px 0;\">The Belgard Weekend Market is an indoor market with stalls with handcraft (incl. designer jewellery, aran jumpers and wool, christening robes and shawls, cards and cross stitch), household items, bric and brac, furniture, flowers, make-up, clothes, shoes, showers, upholstery, toys, kitchens, cafe, army memorabilia, collectors items, sweets, handbags books, blinds, party shop, tools and more.<\/p>\n<p style=\"margin: 10px 0;\">It is open every Saturday and Sunday and is located in the Glen Abbey complex (opposite Jacobs) on Belgard Road.<\/p>\n<\/div>\n<div style=\"font-size: 13px; color: #534438; line-height: 20px;\"><\/div>\n<p style=\"font-size: 13px; color: #534438; line-height: 20px;\"><a style=\"color: #cc2979; text-decoration: none;\" href=\"https:\/\/www.facebook.com\/belgardmarket\">https:\/\/www.facebook.com\/belgardmarket<\/a><\/p>\n<\/td>\n<td valign=\"top\"><\/td>\n<\/tr>\n<\/tbody>\n<\/table>\n<\/td>\n<\/tr>\n<\/tbody>\n<\/table>\n<\/td>\n<\/tr>\n<\/tbody>\n<\/table>\n<table width=\"100%\" cellspacing=\"0\" cellpadding=\"0\">\n<tbody>\n<tr>\n<td style=\"padding: 10px 30px;\">\n<table width=\"100%\" cellspacing=\"0\" cellpadding=\"0\">\n<tbody>\n<tr>\n<td valign=\"top\" width=\"52\"><img loading=\"lazy\" decoding=\"async\" src=\"http:\/\/dublineventguide.com\/dff\/admin\/images\/categories\/MARKETS.png\" alt=\"\" width=\"32\" height=\"32\" \/><\/td>\n<td>\n<h2 style=\"font-size: 16px; color: #534438; margin: 0 0 5px; font-weight: normal;\">Jamestown Market<\/h2>\n<h3 style=\"font-size: 13px; margin: 0; padding: 0; line-height: 16px; color: #534438;\"><img loading=\"lazy\" decoding=\"async\" style=\"display: inline; float: left;\" src=\"http:\/\/dublineventguide.com\/dff\/admin\/images\/weekly.png\" alt=\"\" width=\"69\" height=\"16\" \/> 10:00 &#8211; 17:00, Sat 29 Mar<\/h3>\n<p style=\"font-size: 13px; color: #534438; line-height: 20px; margin: 0; padding-top: 0;\">Jamestown Market, 90 Jamestown Road, Inchicore, Dublin 8<\/p>\n<table width=\"100%\" cellspacing=\"0\" cellpadding=\"0\">\n<tbody>\n<tr>\n<td valign=\"top\">\n<div style=\"font-size: 13px; color: #534438; line-height: 20px;\">\n<p style=\"margin: 10px 0;\">Jamestown Flea Market + Car Boot Sale takes place every Sat+Sun from 10:00-17:00. You can reach it from Tyrconnell Road and from Kylemore Road and it is within 3 min from Black Horse stop on the red Luas line. There is free parking.<\/p>\n<\/div>\n<div style=\"font-size: 13px; color: #534438; line-height: 20px;\"><\/div>\n<p style=\"font-size: 13px; color: #534438; line-height: 20px;\"><a style=\"color: #cc2979; text-decoration: none;\" href=\"http:\/\/www.jamestownmarket.com\/\">http:\/\/www.jamestownmarket.com\/<\/a><\/p>\n<\/td>\n<td valign=\"top\"><\/td>\n<\/tr>\n<\/tbody>\n<\/table>\n<\/td>\n<\/tr>\n<\/tbody>\n<\/table>\n<\/td>\n<\/tr>\n<\/tbody>\n<\/table>\n<table width=\"100%\" cellspacing=\"0\" cellpadding=\"0\">\n<tbody>\n<tr>\n<td style=\"padding: 10px 30px;\">\n<table width=\"100%\" cellspacing=\"0\" cellpadding=\"0\">\n<tbody>\n<tr>\n<td valign=\"top\" width=\"52\"><img loading=\"lazy\" decoding=\"async\" src=\"http:\/\/dublineventguide.com\/dff\/admin\/images\/categories\/MARKETS.png\" alt=\"\" width=\"32\" height=\"32\" \/><\/td>\n<td>\n<h2 style=\"font-size: 16px; color: #534438; margin: 0 0 5px; font-weight: normal;\">Merchants Market<\/h2>\n<h3 style=\"font-size: 13px; margin: 0; padding: 0; line-height: 16px; color: #534438;\"><img loading=\"lazy\" decoding=\"async\" style=\"display: inline; float: left;\" src=\"http:\/\/dublineventguide.com\/dff\/admin\/images\/weekly.png\" alt=\"\" width=\"69\" height=\"16\" \/> 10:00 &#8211; 16:30, Sat 29 Mar<\/h3>\n<p style=\"font-size: 13px; color: #534438; line-height: 20px; margin: 0; padding-top: 0;\">Merchants Yard, East Wall Road, Dublin 3<\/p>\n<table width=\"100%\" cellspacing=\"0\" cellpadding=\"0\">\n<tbody>\n<tr>\n<td valign=\"top\">\n<div style=\"font-size: 13px; color: #534438; line-height: 20px;\">\n<p style=\"margin: 10px 0;\">The Merchants Market on East Wall Road is a weekly indoors flea market on Saturdays and Sundays with more than 80 stalls in a big industrial hall. There is everything from furniture and antiques to paintings and mirrors, electronics and hot food to bicycles and buns. It is just a few minutes walk away from the Point Theatre\/O2 (walk in the direction of the Port Tunnel).<\/p>\n<\/div>\n<div style=\"font-size: 13px; color: #534438; line-height: 20px;\"><\/div>\n<p style=\"font-size: 13px; color: #534438; line-height: 20px;\"><a style=\"color: #cc2979; text-decoration: none;\" href=\"http:\/\/www.merchantsmarket.ie\/\">http:\/\/www.merchantsmarket.ie\/<\/a><\/p>\n<\/td>\n<td valign=\"top\"><\/td>\n<\/tr>\n<\/tbody>\n<\/table>\n<\/td>\n<\/tr>\n<\/tbody>\n<\/table>\n<\/td>\n<\/tr>\n<\/tbody>\n<\/table>\n<table width=\"100%\" cellspacing=\"0\" cellpadding=\"0\">\n<tbody>\n<tr>\n<td style=\"padding: 10px 30px;\">\n<table width=\"100%\" cellspacing=\"0\" cellpadding=\"0\">\n<tbody>\n<tr>\n<td valign=\"top\" width=\"52\"><img loading=\"lazy\" decoding=\"async\" src=\"http:\/\/dublineventguide.com\/dff\/admin\/images\/categories\/MARKETS.png\" alt=\"\" width=\"32\" height=\"32\" \/><\/td>\n<td>\n<h2 style=\"font-size: 16px; color: #534438; margin: 0 0 5px; font-weight: normal;\">Mother Redcap&#8217;s Indoor Market<\/h2>\n<h3 style=\"font-size: 13px; margin: 0; padding: 0; line-height: 16px; color: #534438;\"><img loading=\"lazy\" decoding=\"async\" style=\"display: inline; float: left;\" src=\"http:\/\/dublineventguide.com\/dff\/admin\/images\/weekly.png\" alt=\"\" width=\"69\" height=\"16\" \/> 10:00 &#8211; 17:30, Sat 29 Mar<\/h3>\n<p style=\"font-size: 13px; color: #534438; line-height: 20px; margin: 0; padding-top: 0;\">Unit 95, Malahide Road Industrial Park, Malahide Road, Coolock, Dublin 17<\/p>\n<table width=\"100%\" cellspacing=\"0\" cellpadding=\"0\">\n<tbody>\n<tr>\n<td valign=\"top\">\n<div style=\"font-size: 13px; color: #534438; line-height: 20px;\">\n<p style=\"margin: 10px 0;\">An indoor market in Coolock with over 40 traders with a wide range of goods and a caf\u00e9 on site as well.<\/p>\n<\/div>\n<div style=\"font-size: 13px; color: #534438; line-height: 20px;\"><\/div>\n<p style=\"font-size: 13px; color: #534438; line-height: 20px;\"><a style=\"color: #cc2979; text-decoration: none;\" href=\"https:\/\/www.facebook.com\/MotherRedcaps.Market\">https:\/\/www.facebook.com\/MotherRedcaps.Market<\/a><\/p>\n<\/td>\n<td valign=\"top\"><\/td>\n<\/tr>\n<\/tbody>\n<\/table>\n<\/td>\n<\/tr>\n<\/tbody>\n<\/table>\n<\/td>\n<\/tr>\n<\/tbody>\n<\/table>\n<table width=\"100%\" cellspacing=\"0\" cellpadding=\"0\">\n<tbody>\n<tr>\n<td style=\"padding: 10px 30px;\">\n<table width=\"100%\" cellspacing=\"0\" cellpadding=\"0\">\n<tbody>\n<tr>\n<td valign=\"top\" width=\"52\"><img loading=\"lazy\" decoding=\"async\" src=\"http:\/\/dublineventguide.com\/dff\/admin\/images\/categories\/MARKETS.png\" alt=\"\" width=\"32\" height=\"32\" \/><\/td>\n<td>\n<h2 style=\"font-size: 16px; color: #534438; margin: 0 0 5px; font-weight: normal;\">Stables Market<\/h2>\n<h3 style=\"font-size: 13px; margin: 0; padding: 0; line-height: 16px; color: #534438;\"><img loading=\"lazy\" decoding=\"async\" style=\"display: inline; float: left;\" src=\"http:\/\/dublineventguide.com\/dff\/admin\/images\/weekly.png\" alt=\"\" width=\"69\" height=\"16\" \/> 10:00 &#8211; 18:00, Sat 29 Mar<\/h3>\n<p style=\"font-size: 13px; color: #534438; line-height: 20px; margin: 0; padding-top: 0;\">72 Thomas Street (between the Vicar St venue &amp; Cafe Notto), Dublin 8<\/p>\n<table width=\"100%\" cellspacing=\"0\" cellpadding=\"0\">\n<tbody>\n<tr>\n<td valign=\"top\">\n<div style=\"font-size: 13px; color: #534438; line-height: 20px;\">\n<p style=\"margin: 10px 0;\">A new market (flea\/vintage\/etc) with two caf\u00e9s has opened in the same location in Thomas Street where the Ferocious Mingle Market was before their move to Camden Street.<\/p>\n<p style=\"margin: 10px 0;\">The new market in 72 Thomas Street is called Stable Market and it is open from Thursday until Sunday from 10:00-18:00 every day. It seems there is neither a website nor a Facebook Page yet.<\/p>\n<\/div>\n<div style=\"font-size: 13px; color: #534438; line-height: 20px;\"><\/div>\n<\/td>\n<td valign=\"top\"><\/td>\n<\/tr>\n<\/tbody>\n<\/table>\n<\/td>\n<\/tr>\n<\/tbody>\n<\/table>\n<\/td>\n<\/tr>\n<\/tbody>\n<\/table>\n<table width=\"100%\" cellspacing=\"0\" cellpadding=\"0\">\n<tbody>\n<tr>\n<td style=\"padding: 10px 30px;\">\n<table width=\"100%\" cellspacing=\"0\" cellpadding=\"0\">\n<tbody>\n<tr>\n<td valign=\"top\" width=\"52\"><img loading=\"lazy\" decoding=\"async\" src=\"http:\/\/dublineventguide.com\/dff\/admin\/images\/categories\/MARKETS.png\" alt=\"\" width=\"32\" height=\"32\" \/><\/td>\n<td>\n<h2 style=\"font-size: 16px; color: #534438; margin: 0 0 5px; font-weight: normal;\">Temple Bar Markets<\/h2>\n<h3 style=\"font-size: 13px; margin: 0; padding: 0; line-height: 16px; color: #534438;\"><img loading=\"lazy\" decoding=\"async\" style=\"display: inline; float: left;\" src=\"http:\/\/dublineventguide.com\/dff\/admin\/images\/weekly.png\" alt=\"\" width=\"69\" height=\"16\" \/> 10:00 &#8211; 16:30, Sat 29 Mar<\/h3>\n<p style=\"font-size: 13px; color: #534438; line-height: 20px; margin: 0; padding-top: 0;\">Meeting House Square, Temple Bar, Dublin 2<\/p>\n<table width=\"100%\" cellspacing=\"0\" cellpadding=\"0\">\n<tbody>\n<tr>\n<td valign=\"top\">\n<div style=\"font-size: 13px; color: #534438; line-height: 20px;\">\n<p style=\"margin: 10px 0;\">The Temple Bar Markets (Food Market on Meeting House Square, Book Market on Temple Bar Square and the Designer Mart near Cow&#8217;s Lane) are taking place every Saturday from 10:00-16:30.<\/p>\n<\/div>\n<div style=\"font-size: 13px; color: #534438; line-height: 20px;\"><\/div>\n<p style=\"font-size: 13px; color: #534438; line-height: 20px;\"><a style=\"color: #cc2979; text-decoration: none;\" href=\"http:\/\/www.templebar.ie\">http:\/\/www.templebar.ie<\/a><\/p>\n<\/td>\n<td valign=\"top\"><\/td>\n<\/tr>\n<\/tbody>\n<\/table>\n<\/td>\n<\/tr>\n<\/tbody>\n<\/table>\n<\/td>\n<\/tr>\n<\/tbody>\n<\/table>\n<table width=\"100%\" cellspacing=\"0\" cellpadding=\"0\">\n<tbody>\n<tr>\n<td style=\"padding: 10px 30px;\">\n<table width=\"100%\" cellspacing=\"0\" cellpadding=\"0\">\n<tbody>\n<tr>\n<td valign=\"top\" width=\"52\"><img loading=\"lazy\" decoding=\"async\" src=\"http:\/\/dublineventguide.com\/dff\/admin\/images\/categories\/TALKS.png\" alt=\"\" width=\"32\" height=\"32\" \/><\/td>\n<td>\n<h2 style=\"font-size: 16px; color: #534438; margin: 0 0 5px; font-weight: normal;\">Developing a \u2018Declaration for a New Republic&#8217;<\/h2>\n<h3 style=\"font-size: 13px; margin: 0; padding: 0; line-height: 16px; color: #534438;\">10:30 &#8211; 12:30, Sat 29 Mar<\/h3>\n<p style=\"font-size: 13px; color: #534438; line-height: 20px; margin: 0; padding-top: 0;\">Liberty Hall, 33 Eden Quay, Dublin 1<\/p>\n<table width=\"100%\" cellspacing=\"0\" cellpadding=\"0\">\n<tbody>\n<tr>\n<td valign=\"top\">\n<div style=\"font-size: 13px; color: #534438; line-height: 20px;\">\n<p style=\"margin: 10px 0;\">&#8220;&#8221;Claiming Our Future&#8221; is a national broad based non-party political network made up of individuals and organisations across civil society. At our inaugural conference in the RDS in 2010 over 1000 participants identified the values of equality, environmental sustainability, participation, accountability and solidarity that should be at the heart of a new Ireland.Building on the commitment to these core values, Claiming Our Future is planning to develop a \u2018Declaration for a New Republic\u2019. The development of this will take place between now and 2016 and will involve as many people as possible.&#8221;<\/p>\n<p style=\"margin: 10px 0;\">The event in Liberty Hall will be an Open Meeting about this declaration. Admission is free.<\/p>\n<\/div>\n<div style=\"font-size: 13px; color: #534438; line-height: 20px;\"><\/div>\n<p style=\"font-size: 13px; color: #534438; line-height: 20px;\"><a style=\"color: #cc2979; text-decoration: none;\" href=\"http:\/\/www.claimingourfuture.ie\/events\/2014\/03\/29\/dublin-open-meeting-developing-a-declaration-for-a\/\">http:\/\/www.claimingourfuture.ie\/events\/2014\/03\/29\/dublin-open-meeting-developing-a-declaration-for-a\/<\/a><\/p>\n<\/td>\n<td valign=\"top\"><\/td>\n<\/tr>\n<\/tbody>\n<\/table>\n<\/td>\n<\/tr>\n<\/tbody>\n<\/table>\n<\/td>\n<\/tr>\n<\/tbody>\n<\/table>\n<table width=\"100%\" cellspacing=\"0\" cellpadding=\"0\">\n<tbody>\n<tr>\n<td style=\"padding: 10px 30px;\">\n<table width=\"100%\" cellspacing=\"0\" cellpadding=\"0\">\n<tbody>\n<tr>\n<td valign=\"top\" width=\"52\"><img loading=\"lazy\" decoding=\"async\" src=\"http:\/\/dublineventguide.com\/dff\/admin\/images\/categories\/MARKETS.png\" alt=\"\" width=\"32\" height=\"32\" \/><\/td>\n<td>\n<h2 style=\"font-size: 16px; color: #534438; margin: 0 0 5px; font-weight: normal;\">Blackrock Market<\/h2>\n<h3 style=\"font-size: 13px; margin: 0; padding: 0; line-height: 16px; color: #534438;\"><img loading=\"lazy\" decoding=\"async\" style=\"display: inline; float: left;\" src=\"http:\/\/dublineventguide.com\/dff\/admin\/images\/weekly.png\" alt=\"\" width=\"69\" height=\"16\" \/> 11:00 &#8211; 17:30, Sat 29 Mar<\/h3>\n<p style=\"font-size: 13px; color: #534438; line-height: 20px; margin: 0; padding-top: 0;\">Blackrock Market, 19 Main Street, Blackrock, Co. Dublin<\/p>\n<table width=\"100%\" cellspacing=\"0\" cellpadding=\"0\">\n<tbody>\n<tr>\n<td valign=\"top\">\n<div style=\"font-size: 13px; color: #534438; line-height: 20px;\">\n<p>At the Blackrock Market in the centre of Blackrock, you&#8217;ll find 50 stalls selling collectibles, antiques, handmade goods, books, food &amp; there&#8217;s free popcorn, ballons &amp; facepainting for the kids.<br \/>\nOpen on Saturdays and Bank Holidays: 11:00-17:30, and Sundays: 12:00-17:30.<\/p>\n<\/div>\n<div style=\"font-size: 13px; color: #534438; line-height: 20px;\"><\/div>\n<p style=\"font-size: 13px; color: #534438; line-height: 20px;\"><a style=\"color: #cc2979; text-decoration: none;\" href=\"http:\/\/www.blackrockmarket.com\/\">http:\/\/www.blackrockmarket.com\/<\/a><\/p>\n<\/td>\n<td valign=\"top\"><\/td>\n<\/tr>\n<\/tbody>\n<\/table>\n<\/td>\n<\/tr>\n<\/tbody>\n<\/table>\n<\/td>\n<\/tr>\n<\/tbody>\n<\/table>\n<table width=\"100%\" cellspacing=\"0\" cellpadding=\"0\">\n<tbody>\n<tr>\n<td style=\"padding: 10px 30px;\">\n<table width=\"100%\" cellspacing=\"0\" cellpadding=\"0\">\n<tbody>\n<tr>\n<td valign=\"top\" width=\"52\"><img loading=\"lazy\" decoding=\"async\" src=\"http:\/\/dublineventguide.com\/dff\/admin\/images\/categories\/ACTIVITY.png\" alt=\"\" width=\"32\" height=\"32\" \/><\/td>\n<td>\n<h2 style=\"font-size: 16px; color: #534438; margin: 0 0 5px; font-weight: normal;\">Oxendales Beauty &amp; Style Workshops &amp; Fashion Shows<\/h2>\n<h3 style=\"font-size: 13px; margin: 0; padding: 0; line-height: 16px; color: #534438;\">11:00 &#8211; 18:00, Sat 29 Mar<\/h3>\n<p style=\"font-size: 13px; color: #534438; line-height: 20px; margin: 0; padding-top: 0;\">RDS (Concert Hall), Merrion Road, Ballsbridge, Dublin 4<\/p>\n<table width=\"100%\" cellspacing=\"0\" cellpadding=\"0\">\n<tbody>\n<tr>\n<td valign=\"top\">\n<div style=\"font-size: 13px; color: #534438; line-height: 20px;\">\n<p>The &#8220;What&#8217;s Your Style?&#8221; Oxendale Beauty\/Style\/Fashion event takes place in the RDS on Saturday and Sunday. Admission is free but you have to register on the website here <a style=\"color: #cc2979; text-decoration: none;\" href=\"http:\/\/www.oxendalesevents.com\/\" target=\"_blank\">http:\/\/www.oxendalesevents.com\/<\/a> the event schedule is <a style=\"color: #cc2979; text-decoration: none;\" href=\"http:\/\/oxendalesevents.com\/event-schedule.jpeg\">http:\/\/oxendalesevents.com\/event-schedule.jpeg<\/a><\/p>\n<\/div>\n<div style=\"font-size: 13px; color: #534438; line-height: 20px;\"><\/div>\n<p style=\"font-size: 13px; color: #534438; line-height: 20px;\"><a style=\"color: #cc2979; text-decoration: none;\" href=\"http:\/\/www.rds.ie\/cat_event_detail.jsp?itemID=1103541\">http:\/\/www.rds.ie\/cat_event_detail.jsp?itemID=1103541<\/a><\/p>\n<\/td>\n<td valign=\"top\"><\/td>\n<\/tr>\n<\/tbody>\n<\/table>\n<\/td>\n<\/tr>\n<\/tbody>\n<\/table>\n<\/td>\n<\/tr>\n<\/tbody>\n<\/table>\n<table width=\"100%\" cellspacing=\"0\" cellpadding=\"0\">\n<tbody>\n<tr>\n<td style=\"padding: 10px 30px;\">\n<table width=\"100%\" cellspacing=\"0\" cellpadding=\"0\">\n<tbody>\n<tr>\n<td valign=\"top\" width=\"52\"><img loading=\"lazy\" decoding=\"async\" src=\"http:\/\/dublineventguide.com\/dff\/admin\/images\/categories\/MARKETS.png\" alt=\"\" width=\"32\" height=\"32\" \/><\/td>\n<td>\n<h2 style=\"font-size: 16px; color: #534438; margin: 0 0 5px; font-weight: normal;\">The Ferocious Mingle Marcade<\/h2>\n<h3 style=\"font-size: 13px; margin: 0; padding: 0; line-height: 16px; color: #534438;\"><img loading=\"lazy\" decoding=\"async\" style=\"display: inline; float: left;\" src=\"http:\/\/dublineventguide.com\/dff\/admin\/images\/weekly.png\" alt=\"\" width=\"69\" height=\"16\" \/> 11:00 &#8211; 18:00, Sat 29 Mar<\/h3>\n<p style=\"font-size: 13px; color: #534438; line-height: 20px; margin: 0; padding-top: 0;\">60 Camden Street, Dublin 2<\/p>\n<table width=\"100%\" cellspacing=\"0\" cellpadding=\"0\">\n<tbody>\n<tr>\n<td valign=\"top\">\n<div style=\"font-size: 13px; color: #534438; line-height: 20px;\">\n<p style=\"margin: 10px 0;\">The Ferocious Mingle Marcade (Market and Arcade) is back in a new location. The Marcade is now in Camden Street next to Daintree Paper and opposite the Centra and off-license there. It takes place every Thurs-Sun and is a flea-market-type permanent market with stalls and &#8220;chalets&#8221; for traders.<\/p>\n<\/div>\n<div style=\"font-size: 13px; color: #534438; line-height: 20px;\"><\/div>\n<p style=\"font-size: 13px; color: #534438; line-height: 20px;\"><a style=\"color: #cc2979; text-decoration: none;\" href=\"https:\/\/www.facebook.com\/pages\/The-Ferocious-Mingle-Marcade\/232446616822953\">https:\/\/www.facebook.com\/pages\/The-Ferocious-Mingle-Marcade\/232446616822953<\/a><\/p>\n<\/td>\n<td valign=\"top\"><\/td>\n<\/tr>\n<\/tbody>\n<\/table>\n<\/td>\n<\/tr>\n<\/tbody>\n<\/table>\n<\/td>\n<\/tr>\n<\/tbody>\n<\/table>\n<table width=\"100%\" cellspacing=\"0\" cellpadding=\"0\">\n<tbody>\n<tr>\n<td style=\"padding: 10px 30px;\">\n<table width=\"100%\" cellspacing=\"0\" cellpadding=\"0\">\n<tbody>\n<tr>\n<td valign=\"top\" width=\"52\"><img loading=\"lazy\" decoding=\"async\" src=\"http:\/\/dublineventguide.com\/dff\/admin\/images\/categories\/TALKS.png\" alt=\"\" width=\"32\" height=\"32\" \/><\/td>\n<td>\n<h2 style=\"font-size: 16px; color: #534438; margin: 0 0 5px; font-weight: normal;\">National Gallery Talks<\/h2>\n<h3 style=\"font-size: 13px; margin: 0; padding: 0; line-height: 16px; color: #534438;\"><img loading=\"lazy\" decoding=\"async\" style=\"display: inline; float: left;\" src=\"http:\/\/dublineventguide.com\/dff\/admin\/images\/weekly.png\" alt=\"\" width=\"69\" height=\"16\" \/> 11:30 &#8211; 16:50, Sat 29 Mar<\/h3>\n<p style=\"font-size: 13px; color: #534438; line-height: 20px; margin: 0; padding-top: 0;\">National Gallery, Clare Street, Dublin 2<\/p>\n<table width=\"100%\" cellspacing=\"0\" cellpadding=\"0\">\n<tbody>\n<tr>\n<td valign=\"top\">\n<div style=\"font-size: 13px; color: #534438; line-height: 20px;\">\n<p style=\"margin: 10px 0;\">The National Gallery has an extensive programme of free talks, public tours and Art Documentary screenings focusing on highlights of the European and Irish Collection every day of the week. Check their website for details.<\/p>\n<\/div>\n<div style=\"font-size: 13px; color: #534438; line-height: 20px;\"><\/div>\n<p style=\"font-size: 13px; color: #534438; line-height: 20px;\"><a style=\"color: #cc2979; text-decoration: none;\" href=\"http:\/\/nationalgallery.ie\/whatson\">http:\/\/nationalgallery.ie\/whatson<\/a><\/p>\n<\/td>\n<td valign=\"top\"><\/td>\n<\/tr>\n<\/tbody>\n<\/table>\n<\/td>\n<\/tr>\n<\/tbody>\n<\/table>\n<\/td>\n<\/tr>\n<\/tbody>\n<\/table>\n<table width=\"100%\" cellspacing=\"0\" cellpadding=\"0\">\n<tbody>\n<tr>\n<td style=\"padding: 10px 30px;\">\n<table width=\"100%\" cellspacing=\"0\" cellpadding=\"0\">\n<tbody>\n<tr>\n<td valign=\"top\" width=\"52\"><img loading=\"lazy\" decoding=\"async\" src=\"http:\/\/dublineventguide.com\/dff\/admin\/images\/categories\/ACTIVITY.png\" alt=\"\" width=\"32\" height=\"32\" \/><\/td>\n<td>\n<h2 style=\"font-size: 16px; color: #534438; margin: 0 0 5px; font-weight: normal;\">Fail Better &#8211; Science Gallery Exhibition<\/h2>\n<h3 style=\"font-size: 13px; margin: 0; padding: 0; line-height: 16px; color: #534438;\"><img loading=\"lazy\" decoding=\"async\" style=\"display: inline; float: left;\" src=\"http:\/\/dublineventguide.com\/dff\/admin\/images\/weekly.png\" alt=\"\" width=\"69\" height=\"16\" \/> 12:00 &#8211; 18:00, Sat 29 Mar<\/h3>\n<p style=\"font-size: 13px; color: #534438; line-height: 20px; margin: 0; padding-top: 0;\">Science Gallery, Pearse Street, TCD, Dublin 2<\/p>\n<table width=\"100%\" cellspacing=\"0\" cellpadding=\"0\">\n<tbody>\n<tr>\n<td valign=\"top\">\n<div style=\"font-size: 13px; color: #534438; line-height: 20px;\">\n<p style=\"margin: 10px 0;\">The newest Science Gallery exhibition has the theme &#8220;Fail Better&#8221; and it will run from 07 Feb &#8211; 27 Apr. The title comes from Samuel Beckett&#8217;s &#8220;Ever tried. Ever failed. No matter. Try again. Fail again. Fail better.&#8221; and the exhibition looks at beautiful and instructive failures. The purpose is to open up a debate on the essential role of failure in human creativity, in technology, science, design, business and sport.<\/p>\n<p style=\"margin: 10px 0;\">20 unique exhibits, from a pair of explorer boots that caused Ranulph Fiennes to fail in an Everest attempt, via Christopher Reeve&#8217;s (Superman) original wheelchair, to a full-scale reconstruction of the the world&#8217;s worst or maddest invention: a big table that is meant to assist childbirth using centrifugal force.<\/p>\n<p style=\"margin: 10px 0;\">I visited the exhibition and I definitely recommend it. Age-wise, I would think that it is suitable for children from Age 12\/13 as long as the parents are prepared to read a good bit of explanatory text and then &#8220;translate&#8221; it for their children. There is no overly complicated stuff, but most of the exhibits are not self-explanatory. But there is a strong reason for bringing your kids: We have in general a negative attitude to Failure. This exhibition will help you to change that!<\/p>\n<p style=\"margin: 10px 0;\">Admission is free and opening hours are Tues-Fri 12:00-20:00 and Sat+Sun 12:00-18:00.<\/p>\n<\/div>\n<div style=\"font-size: 13px; color: #534438; line-height: 20px;\"><\/div>\n<p style=\"font-size: 13px; color: #534438; line-height: 20px;\"><a style=\"color: #cc2979; text-decoration: none;\" href=\"http:\/\/www.sciencegallery.com\/failbetter\">http:\/\/www.sciencegallery.com\/failbetter<\/a><\/p>\n<\/td>\n<td valign=\"top\"><\/td>\n<\/tr>\n<\/tbody>\n<\/table>\n<\/td>\n<\/tr>\n<\/tbody>\n<\/table>\n<\/td>\n<\/tr>\n<\/tbody>\n<\/table>\n<table width=\"100%\" cellspacing=\"0\" cellpadding=\"0\">\n<tbody>\n<tr>\n<td style=\"padding: 10px 30px;\">\n<table width=\"100%\" cellspacing=\"0\" cellpadding=\"0\">\n<tbody>\n<tr>\n<td valign=\"top\" width=\"52\"><img loading=\"lazy\" decoding=\"async\" src=\"http:\/\/dublineventguide.com\/dff\/admin\/images\/categories\/ACTIVITY.png\" alt=\"\" width=\"32\" height=\"32\" \/><\/td>\n<td>\n<h2 style=\"font-size: 16px; color: #534438; margin: 0 0 5px; font-weight: normal;\">Fun Fact or Fiction? &#8211; Family Tour<\/h2>\n<h3 style=\"font-size: 13px; margin: 0; padding: 0; line-height: 16px; color: #534438;\">12:00 &#8211; 15:00, Sat 29 Mar<\/h3>\n<p style=\"font-size: 13px; color: #534438; line-height: 20px; margin: 0; padding-top: 0;\">National Museum, Merrion Street (Natural History), Dublin 2<\/p>\n<table width=\"100%\" cellspacing=\"0\" cellpadding=\"0\">\n<tbody>\n<tr>\n<td valign=\"top\">\n<div style=\"font-size: 13px; color: #534438; line-height: 20px;\">\n<p style=\"margin: 10px 0;\">Join zoologist Catherine McGuinness to hear some weird and wonderful stories about the animals on display, like the eel that choked on a frog, and other fun facts. The tour takes place twice (12:00-13:00 and 14:00-15:00) and is suitable for adults and children from Age 6. Admission is free and booking is not required.<\/p>\n<\/div>\n<div style=\"font-size: 13px; color: #534438; line-height: 20px;\"><\/div>\n<p style=\"font-size: 13px; color: #534438; line-height: 20px;\"><a style=\"color: #cc2979; text-decoration: none;\" href=\"http:\/\/www.museum.ie\/en\/list\/calendar-of-events.aspx\">http:\/\/www.museum.ie\/en\/list\/calendar-of-events.aspx<\/a><\/p>\n<\/td>\n<td valign=\"top\"><\/td>\n<\/tr>\n<\/tbody>\n<\/table>\n<\/td>\n<\/tr>\n<\/tbody>\n<\/table>\n<\/td>\n<\/tr>\n<\/tbody>\n<\/table>\n<table width=\"100%\" cellspacing=\"0\" cellpadding=\"0\">\n<tbody>\n<tr>\n<td style=\"padding: 10px 30px;\">\n<table width=\"100%\" cellspacing=\"0\" cellpadding=\"0\">\n<tbody>\n<tr>\n<td valign=\"top\" width=\"52\"><img loading=\"lazy\" decoding=\"async\" src=\"http:\/\/dublineventguide.com\/dff\/admin\/images\/categories\/MARKETS.png\" alt=\"\" width=\"32\" height=\"32\" \/><\/td>\n<td>\n<h2 style=\"font-size: 16px; color: #534438; margin: 0 0 5px; font-weight: normal;\">Ha&#8217;penny Flea Market<\/h2>\n<h3 style=\"font-size: 13px; margin: 0; padding: 0; line-height: 16px; color: #534438;\"><img loading=\"lazy\" decoding=\"async\" style=\"display: inline; float: left;\" src=\"http:\/\/dublineventguide.com\/dff\/admin\/images\/weekly.png\" alt=\"\" width=\"69\" height=\"16\" \/> 12:00 &#8211; 18:00, Sat 29 Mar<\/h3>\n<p style=\"font-size: 13px; color: #534438; line-height: 20px; margin: 0; padding-top: 0;\">Grand Social, 35 Lower Liffey Street (near Ha&#8217;Penny Bridge), Dublin 1<\/p>\n<table width=\"100%\" cellspacing=\"0\" cellpadding=\"0\">\n<tbody>\n<tr>\n<td valign=\"top\">\n<div style=\"font-size: 13px; color: #534438; line-height: 20px;\">\n<p style=\"margin: 10px 0;\">The weekly Ha&#8217;penny Flea Market is an indoor market in the Grand Social Pub, which offers vintage Men and Women&#8217;s clothing, contemporary crafts, books, DVDs, vinyl records, vintage and handmade jewellery, vintage hair styles, art, photography and much more. Grand Social&#8217;s Bar and Gourmet Coffee options are available.<\/p>\n<\/div>\n<div style=\"font-size: 13px; color: #534438; line-height: 20px;\"><\/div>\n<p style=\"font-size: 13px; color: #534438; line-height: 20px;\"><a style=\"color: #cc2979; text-decoration: none;\" href=\"http:\/\/www.thegrandsocial.ie\/\">http:\/\/www.thegrandsocial.ie\/<\/a><\/p>\n<\/td>\n<td valign=\"top\"><\/td>\n<\/tr>\n<\/tbody>\n<\/table>\n<\/td>\n<\/tr>\n<\/tbody>\n<\/table>\n<\/td>\n<\/tr>\n<\/tbody>\n<\/table>\n<table width=\"100%\" cellspacing=\"0\" cellpadding=\"0\">\n<tbody>\n<tr>\n<td style=\"padding: 10px 30px;\">\n<table width=\"100%\" cellspacing=\"0\" cellpadding=\"0\">\n<tbody>\n<tr>\n<td valign=\"top\" width=\"52\"><img loading=\"lazy\" decoding=\"async\" src=\"http:\/\/dublineventguide.com\/dff\/admin\/images\/categories\/ACTIVITY.png\" alt=\"\" width=\"32\" height=\"32\" \/><\/td>\n<td>\n<h2 style=\"font-size: 16px; color: #534438; margin: 0 0 5px; font-weight: normal;\">Lady&amp;trans* Fest Dublin 2014<\/h2>\n<h3 style=\"font-size: 13px; margin: 0; padding: 0; line-height: 16px; color: #534438;\">12:00, Sat 29 Mar<\/h3>\n<p style=\"font-size: 13px; color: #534438; line-height: 20px; margin: 0; padding-top: 0;\">Dublin (various locations)<\/p>\n<table width=\"100%\" cellspacing=\"0\" cellpadding=\"0\">\n<tbody>\n<tr>\n<td valign=\"top\">\n<div style=\"font-size: 13px; color: #534438; line-height: 20px;\">\n<p style=\"margin: 10px 0;\">The Lady&amp;trans* Fest 2014 takes place from Fri 28 to Sun 30 March and there will be performances (music, theater, films, spoken word, and discussions) and workshops for all genders.<\/p>\n<p style=\"margin: 10px 0;\">The festival is a &#8220;qu eer\/feminist D.I.Y. weekender festival&#8221; with the goal to &#8220;help create a safer space for que ers and rebels&#8221; and to &#8220;help foster an environment of inclusivity, and awareness of intersectionality&#8221;.<\/p>\n<p style=\"margin: 10px 0;\">All events over the weekend are free.<\/p>\n<p style=\"margin: 10px 0;\">Venues are Seomra Spraoi (10 Belvedere Court), The Outhouse (105 Capel Street).<\/p>\n<p style=\"margin: 10px 0;\">Check out all events and workshops on the website below.<\/p>\n<\/div>\n<div style=\"font-size: 13px; color: #534438; line-height: 20px;\"><\/div>\n<p style=\"font-size: 13px; color: #534438; line-height: 20px;\"><a style=\"color: #cc2979; text-decoration: none;\" href=\"http:\/\/www.ladyfestdublin.wordpress.com\">http:\/\/www.ladyfestdublin.wordpress.com<\/a><\/p>\n<\/td>\n<td valign=\"top\"><\/td>\n<\/tr>\n<\/tbody>\n<\/table>\n<\/td>\n<\/tr>\n<\/tbody>\n<\/table>\n<\/td>\n<\/tr>\n<\/tbody>\n<\/table>\n<table width=\"100%\" cellspacing=\"0\" cellpadding=\"0\">\n<tbody>\n<tr>\n<td style=\"padding: 10px 30px;\">\n<table width=\"100%\" cellspacing=\"0\" cellpadding=\"0\">\n<tbody>\n<tr>\n<td valign=\"top\" width=\"52\"><img loading=\"lazy\" decoding=\"async\" src=\"http:\/\/dublineventguide.com\/dff\/admin\/images\/categories\/ACTIVITY.png\" alt=\"\" width=\"32\" height=\"32\" \/><\/td>\n<td>\n<h2 style=\"font-size: 16px; color: #534438; margin: 0 0 5px; font-weight: normal;\">Let&#8217;s Walk &amp; Talk: Terenure to Templeogue<\/h2>\n<h3 style=\"font-size: 13px; margin: 0; padding: 0; line-height: 16px; color: #534438;\">12:00 &#8211; 13:30, Sat 29 Mar<\/h3>\n<p style=\"font-size: 13px; color: #534438; line-height: 20px; margin: 0; padding-top: 0;\">1 Rathfarnham Road, Dublin 6w<\/p>\n<table width=\"100%\" cellspacing=\"0\" cellpadding=\"0\">\n<tbody>\n<tr>\n<td valign=\"top\">\n<div style=\"font-size: 13px; color: #534438; line-height: 20px;\">\n<p style=\"margin: 10px 0;\">The next Let&#8217;s Talk &amp; Walk event is called &#8220;Terenure to Templeogue Road &#8211; And all because a river&#8221;. The tour will be led by historian Pat Liddy.<\/p>\n<p style=\"margin: 10px 0;\">&#8220;The Dodder has played a pivotal role in the origin of various villages in South Dublin. This walk will take in Terenure Village before meandering through Bushy Park and exploring, among other things, the role of the Dodder River in the area&#8217;s history.&#8221;<\/p>\n<p style=\"margin: 10px 0;\">Meeting point is outside of the Bank of Ireland, 1 Rathfarnham Road, Terenure Crossroads, Dublin 6W.<\/p>\n<p style=\"margin: 10px 0;\">Admission is free and no booking is required.<\/p>\n<\/div>\n<div style=\"font-size: 13px; color: #534438; line-height: 20px;\"><\/div>\n<p style=\"font-size: 13px; color: #534438; line-height: 20px;\"><a style=\"color: #cc2979; text-decoration: none;\" href=\"http:\/\/www.dublincity.ie\/Community\/CommunityandSocialDevelopmentService\/Pages\/LetsWalkandTalk.aspx\">http:\/\/www.dublincity.ie\/Community\/CommunityandSocialDevelopmentService\/Pages\/LetsWalkandTalk.aspx<\/a><\/p>\n<\/td>\n<td valign=\"top\"><\/td>\n<\/tr>\n<\/tbody>\n<\/table>\n<\/td>\n<\/tr>\n<\/tbody>\n<\/table>\n<\/td>\n<\/tr>\n<\/tbody>\n<\/table>\n<table width=\"100%\" cellspacing=\"0\" cellpadding=\"0\">\n<tbody>\n<tr>\n<td style=\"padding: 10px 30px;\">\n<table width=\"100%\" cellspacing=\"0\" cellpadding=\"0\">\n<tbody>\n<tr>\n<td valign=\"top\" width=\"52\"><img loading=\"lazy\" decoding=\"async\" src=\"http:\/\/dublineventguide.com\/dff\/admin\/images\/categories\/FILM.png\" alt=\"\" width=\"32\" height=\"32\" \/><\/td>\n<td>\n<h2 style=\"font-size: 16px; color: #534438; margin: 0 0 5px; font-weight: normal;\">Las aventuras de Tadeo Jones &#8211; Animated Film<\/h2>\n<h3 style=\"font-size: 13px; margin: 0; padding: 0; line-height: 16px; color: #534438;\">12:15, Sat 29 Mar<\/h3>\n<p style=\"font-size: 13px; color: #534438; line-height: 20px; margin: 0; padding-top: 0;\">Instituto Cervantes, Lincoln House, Lincoln Place (near National Gallery), Dublin 2<\/p>\n<table width=\"100%\" cellspacing=\"0\" cellpadding=\"0\">\n<tbody>\n<tr>\n<td valign=\"top\">\n<div style=\"font-size: 13px; color: #534438; line-height: 20px;\">\n<p style=\"margin: 10px 0;\">The Animated Film &#8220;Las aventuras de Tadeo Jones \/ The Adventures of Tadeo Jones&#8221; will be screened in the Instituto Cervantes (in Spanish with English subtitles). The film is suitable for children.<\/p>\n<p style=\"margin: 10px 0;\">Admission is free.<\/p>\n<\/div>\n<div style=\"font-size: 13px; color: #534438; line-height: 20px;\"><\/div>\n<p style=\"font-size: 13px; color: #534438; line-height: 20px;\"><a style=\"color: #cc2979; text-decoration: none;\" href=\"http:\/\/dublin.cervantes.es\/FichasCultura\/Ficha92655_16_2.htm\">http:\/\/dublin.cervantes.es\/FichasCultura\/Ficha92655_16_2.htm<\/a><\/p>\n<\/td>\n<td valign=\"top\"><\/td>\n<\/tr>\n<\/tbody>\n<\/table>\n<\/td>\n<\/tr>\n<\/tbody>\n<\/table>\n<\/td>\n<\/tr>\n<\/tbody>\n<\/table>\n<table width=\"100%\" cellspacing=\"0\" cellpadding=\"0\">\n<tbody>\n<tr>\n<td style=\"padding: 10px 30px;\">\n<table width=\"100%\" cellspacing=\"0\" cellpadding=\"0\">\n<tbody>\n<tr>\n<td valign=\"top\" width=\"52\"><img loading=\"lazy\" decoding=\"async\" src=\"http:\/\/dublineventguide.com\/dff\/admin\/images\/categories\/FILM.png\" alt=\"\" width=\"32\" height=\"32\" \/><\/td>\n<td>\n<h2 style=\"font-size: 16px; color: #534438; margin: 0 0 5px; font-weight: normal;\">Archive at Lunchtime &#8211; IFI<\/h2>\n<h3 style=\"font-size: 13px; margin: 0; padding: 0; line-height: 16px; color: #534438;\"><img loading=\"lazy\" decoding=\"async\" style=\"display: inline; float: left;\" src=\"http:\/\/dublineventguide.com\/dff\/admin\/images\/weekly.png\" alt=\"\" width=\"69\" height=\"16\" \/> 13:00, Sat 29 Mar<\/h3>\n<p style=\"font-size: 13px; color: #534438; line-height: 20px; margin: 0; padding-top: 0;\">Irish Film Institute, 6 Eustace Street, Temple Bar, Dublin 2<\/p>\n<table width=\"100%\" cellspacing=\"0\" cellpadding=\"0\">\n<tbody>\n<tr>\n<td valign=\"top\">\n<div style=\"font-size: 13px; color: #534438; line-height: 20px;\">\n<p>Archive at Lunchtime screenings take place Saturdays (Double Bill), Mondays and Wednesdays. The programme is changing weekly now (instead of monthly as in the past). To find out what film(s) will be screened go to <a style=\"color: #cc2979; text-decoration: none;\" href=\"http:\/\/www.ifi.ie\/whatson\/now-showing-coming-soon\/\">http:\/\/www.ifi.ie\/whatson\/now-showing-coming-soon\/<\/a> and look for &#8220;Archive at Lunchtime&#8221; on the right. Admission is free.<\/p>\n<\/div>\n<div style=\"font-size: 13px; color: #534438; line-height: 20px;\"><\/div>\n<p style=\"font-size: 13px; color: #534438; line-height: 20px;\"><a style=\"color: #cc2979; text-decoration: none;\" href=\"http:\/\/www.ifi.ie\/\">http:\/\/www.ifi.ie\/<\/a><\/p>\n<\/td>\n<td valign=\"top\"><\/td>\n<\/tr>\n<\/tbody>\n<\/table>\n<\/td>\n<\/tr>\n<\/tbody>\n<\/table>\n<\/td>\n<\/tr>\n<\/tbody>\n<\/table>\n<table width=\"100%\" cellspacing=\"0\" cellpadding=\"0\">\n<tbody>\n<tr>\n<td style=\"padding: 10px 30px;\">\n<table width=\"100%\" cellspacing=\"0\" cellpadding=\"0\">\n<tbody>\n<tr>\n<td valign=\"top\" width=\"52\"><img loading=\"lazy\" decoding=\"async\" src=\"http:\/\/dublineventguide.com\/dff\/admin\/images\/categories\/ACTIVITY.png\" alt=\"\" width=\"32\" height=\"32\" \/><\/td>\n<td>\n<h2 style=\"font-size: 16px; color: #534438; margin: 0 0 5px; font-weight: normal;\">&#8220;My Favourites&#8221; &#8211; Walking Tour<\/h2>\n<h3 style=\"font-size: 13px; margin: 0; padding: 0; line-height: 16px; color: #534438;\"><img loading=\"lazy\" decoding=\"async\" style=\"display: inline; float: left;\" src=\"http:\/\/dublineventguide.com\/dff\/admin\/images\/weekly.png\" alt=\"\" width=\"69\" height=\"16\" \/> 14:00 &#8211; 16:30, Sat 29 Mar<\/h3>\n<p style=\"font-size: 13px; color: #534438; line-height: 20px; margin: 0; padding-top: 0;\">Spire, O&#8217;Connell Street, Dublin 1<\/p>\n<table width=\"100%\" cellspacing=\"0\" cellpadding=\"0\">\n<tbody>\n<tr>\n<td valign=\"top\">\n<div style=\"font-size: 13px; color: #534438; line-height: 20px;\">\n<p style=\"margin: 10px 0;\">&#8220;These Are a Few of My Favourite Things&#8221; is the title of a Walking Tour that Emily Gallagher will run every Saturday. It will be an Alternative Arts and Culture Trail and she will bring you to &#8220;Dublin\u2019s Best Cafes, Bars, Markets, Unusual Stores, Galleries, Theatres, Arts Spaces, and more! And hear some tales you\u2019ve never heard before!&#8221;<\/p>\n<p style=\"margin: 10px 0;\">Meeting point is at the Spire. The tours are free but donations are welcome and booking is required via egaldog@gmail.com or 085-2725095<\/p>\n<\/div>\n<div style=\"font-size: 13px; color: #534438; line-height: 20px;\"><\/div>\n<\/td>\n<td valign=\"top\"><\/td>\n<\/tr>\n<\/tbody>\n<\/table>\n<\/td>\n<\/tr>\n<\/tbody>\n<\/table>\n<\/td>\n<\/tr>\n<\/tbody>\n<\/table>\n<table width=\"100%\" cellspacing=\"0\" cellpadding=\"0\">\n<tbody>\n<tr>\n<td style=\"padding: 10px 30px;\">\n<table width=\"100%\" cellspacing=\"0\" cellpadding=\"0\">\n<tbody>\n<tr>\n<td valign=\"top\" width=\"52\"><img loading=\"lazy\" decoding=\"async\" src=\"http:\/\/dublineventguide.com\/dff\/admin\/images\/categories\/KIDS.png\" alt=\"\" width=\"32\" height=\"32\" \/><\/td>\n<td>\n<h2 style=\"font-size: 16px; color: #534438; margin: 0 0 5px; font-weight: normal;\">Artefact Detective<\/h2>\n<h3 style=\"font-size: 13px; margin: 0; padding: 0; line-height: 16px; color: #534438;\">14:00 &#8211; 16:00, Sat 29 Mar<\/h3>\n<p style=\"font-size: 13px; color: #534438; line-height: 20px; margin: 0; padding-top: 0;\">National Museum, Collins Barracks (Decorative Arts &amp; History), 7 Benburb Street, Dublin 7<\/p>\n<table width=\"100%\" cellspacing=\"0\" cellpadding=\"0\">\n<tbody>\n<tr>\n<td valign=\"top\">\n<div style=\"font-size: 13px; color: #534438; line-height: 20px;\">\n<p style=\"margin: 10px 0;\">Drop-in event for Ages 6+ to learn how to think like an archaeologist and try to solve the puzzle of some mystery objects. The event takes place in the Learning Resource Room, first floor. Admission is free and no booking required.<\/p>\n<\/div>\n<div style=\"font-size: 13px; color: #534438; line-height: 20px;\"><\/div>\n<p style=\"font-size: 13px; color: #534438; line-height: 20px;\"><a style=\"color: #cc2979; text-decoration: none;\" href=\"http:\/\/www.museum.ie\/en\/list\/calendar-of-events.aspx\">http:\/\/www.museum.ie\/en\/list\/calendar-of-events.aspx<\/a><\/p>\n<\/td>\n<td valign=\"top\"><\/td>\n<\/tr>\n<\/tbody>\n<\/table>\n<\/td>\n<\/tr>\n<\/tbody>\n<\/table>\n<\/td>\n<\/tr>\n<\/tbody>\n<\/table>\n<table width=\"100%\" cellspacing=\"0\" cellpadding=\"0\">\n<tbody>\n<tr>\n<td style=\"padding: 10px 30px;\">\n<table width=\"100%\" cellspacing=\"0\" cellpadding=\"0\">\n<tbody>\n<tr>\n<td valign=\"top\" width=\"52\"><img loading=\"lazy\" decoding=\"async\" src=\"http:\/\/dublineventguide.com\/dff\/admin\/images\/categories\/TALKS.png\" alt=\"\" width=\"32\" height=\"32\" \/><\/td>\n<td>\n<h2 style=\"font-size: 16px; color: #534438; margin: 0 0 5px; font-weight: normal;\">The Siege of the Four Courts &#8211; Talk<\/h2>\n<h3 style=\"font-size: 13px; margin: 0; padding: 0; line-height: 16px; color: #534438;\">16:30, Sat 29 Mar<\/h3>\n<p style=\"font-size: 13px; color: #534438; line-height: 20px; margin: 0; padding-top: 0;\">The Cobblestone, 77 North King Street, Smithfield, Dublin 7<\/p>\n<table width=\"100%\" cellspacing=\"0\" cellpadding=\"0\">\n<tbody>\n<tr>\n<td valign=\"top\">\n<div style=\"font-size: 13px; color: #534438; line-height: 20px;\">\n<p style=\"margin: 10px 0;\">On 28th June 1922 artillery shells rained down on the Four Courts, which had been occupied by the IRA for over two months in opposition to the Treaty and marking the commencement of the Civil War.<\/p>\n<p style=\"margin: 10px 0;\">At this public talk about the &#8220;The Siege of the Four Courts&#8221;, Liz Gillis, author of the Fall of Dublin, will tell the story of the attack on the Four Courts.<\/p>\n<p style=\"margin: 10px 0;\">&#8220;During the battle some key buildings around the Smithfield area such as St. Michan&#8217;s Church and the Jameson Distillery were occupied by snipers from the Free State army. The fighting around Dublin went on for one week with considerable loss of life. Liz has written the definitive account of the battle for Dublin and this promises to be a fascinating talk. Copies of Liz&#8217;s book &#8216;The Fall of Dublin&#8217; will be available for sale at the meeting.&#8221;<\/p>\n<\/div>\n<div style=\"font-size: 13px; color: #534438; line-height: 20px;\"><\/div>\n<p style=\"font-size: 13px; color: #534438; line-height: 20px;\"><a style=\"color: #cc2979; text-decoration: none;\" href=\"https:\/\/www.facebook.com\/events\/655079181225206\/\">https:\/\/www.facebook.com\/events\/655079181225206\/<\/a><\/p>\n<\/td>\n<td valign=\"top\"><\/td>\n<\/tr>\n<\/tbody>\n<\/table>\n<\/td>\n<\/tr>\n<\/tbody>\n<\/table>\n<\/td>\n<\/tr>\n<\/tbody>\n<\/table>\n<table width=\"100%\" cellspacing=\"0\" cellpadding=\"0\">\n<tbody>\n<tr>\n<td style=\"padding: 10px 30px;\">\n<table width=\"100%\" cellspacing=\"0\" cellpadding=\"0\">\n<tbody>\n<tr>\n<td valign=\"top\" width=\"52\"><img loading=\"lazy\" decoding=\"async\" src=\"http:\/\/dublineventguide.com\/dff\/admin\/images\/categories\/MUSIC.png\" alt=\"\" width=\"32\" height=\"32\" \/><\/td>\n<td>\n<h2 style=\"font-size: 16px; color: #534438; margin: 0 0 5px; font-weight: normal;\">The Poor Boys &#8211; Gig<\/h2>\n<h3 style=\"font-size: 13px; margin: 0; padding: 0; line-height: 16px; color: #534438;\">19:00, Sat 29 Mar<\/h3>\n<p style=\"font-size: 13px; color: #534438; line-height: 20px; margin: 0; padding-top: 0;\">Whelan&#8217;s, 25 Wexford Street, Dublin 2<\/p>\n<table width=\"100%\" cellspacing=\"0\" cellpadding=\"0\">\n<tbody>\n<tr>\n<td valign=\"top\">\n<div style=\"font-size: 13px; color: #534438; line-height: 20px;\">\n<p style=\"margin: 10px 0;\">The Poor Boys wil perform in the &#8220;Live from the Window&#8221; slot. Admission is free.<\/p>\n<\/div>\n<div style=\"font-size: 13px; color: #534438; line-height: 20px;\"><\/div>\n<p style=\"font-size: 13px; color: #534438; line-height: 20px;\"><a style=\"color: #cc2979; text-decoration: none;\" href=\"http:\/\/www.whelanslive.com\/index.php\/live-from-the-window-w-the-poor-boys-5\/\">http:\/\/www.whelanslive.com\/index.php\/live-from-the-window-w-the-poor-boys-5\/<\/a><\/p>\n<\/td>\n<td valign=\"top\"><\/td>\n<\/tr>\n<\/tbody>\n<\/table>\n<\/td>\n<\/tr>\n<\/tbody>\n<\/table>\n<\/td>\n<\/tr>\n<\/tbody>\n<\/table>\n<table width=\"100%\" cellspacing=\"0\" cellpadding=\"0\">\n<tbody>\n<tr>\n<td style=\"padding: 10px 30px;\">\n<table width=\"100%\" cellspacing=\"0\" cellpadding=\"0\">\n<tbody>\n<tr>\n<td valign=\"top\" width=\"52\"><img loading=\"lazy\" decoding=\"async\" src=\"http:\/\/dublineventguide.com\/dff\/admin\/images\/categories\/MUSIC.png\" alt=\"\" width=\"32\" height=\"32\" \/><\/td>\n<td>\n<h2 style=\"font-size: 16px; color: #534438; margin: 0 0 5px; font-weight: normal;\">Cornucopia &#8211; Live Music<\/h2>\n<h3 style=\"font-size: 13px; margin: 0; padding: 0; line-height: 16px; color: #534438;\"><img loading=\"lazy\" decoding=\"async\" style=\"display: inline; float: left;\" src=\"http:\/\/dublineventguide.com\/dff\/admin\/images\/weekly.png\" alt=\"\" width=\"69\" height=\"16\" \/> 19:30 &#8211; 21:30, Sat 29 Mar<\/h3>\n<p style=\"font-size: 13px; color: #534438; line-height: 20px; margin: 0; padding-top: 0;\">Cornucopia Caf\u00e9 &amp; Restaurant, 19\/20 Wicklow Street, Dublin 2<\/p>\n<table width=\"100%\" cellspacing=\"0\" cellpadding=\"0\">\n<tbody>\n<tr>\n<td valign=\"top\">\n<div style=\"font-size: 13px; color: #534438; line-height: 20px;\">\n<p>Cornucopia Caf\u00e9 &amp; Restaurant host live music three evenings a week (Thurs, Fri and Sat). The restaurant is a Wholefood &amp; Vegetarian Restaurant and is open until 22:15.<br \/>\n+ Every second Thursday N.C Lawlor, a songwriter, session player and troubadour plays a mix of country, bluegrass &amp; blues from 19:30-21:30.<br \/>\n+ Every Friday (19:30-21:30) Junshi Murakami plays Irish Harp.<br \/>\n+ Every Saturday (19:30-21:30) Nollaig Mann plays a collection of popular and jazz classics.<\/p>\n<\/div>\n<div style=\"font-size: 13px; color: #534438; line-height: 20px;\"><\/div>\n<p style=\"font-size: 13px; color: #534438; line-height: 20px;\"><a style=\"color: #cc2979; text-decoration: none;\" href=\"http:\/\/www.cornucopia.ie\">http:\/\/www.cornucopia.ie<\/a><\/p>\n<\/td>\n<td valign=\"top\"><\/td>\n<\/tr>\n<\/tbody>\n<\/table>\n<\/td>\n<\/tr>\n<\/tbody>\n<\/table>\n<\/td>\n<\/tr>\n<\/tbody>\n<\/table>\n<table width=\"100%\" cellspacing=\"0\" cellpadding=\"0\">\n<tbody>\n<tr>\n<td style=\"padding: 10px 30px;\">\n<table width=\"100%\" cellspacing=\"0\" cellpadding=\"0\">\n<tbody>\n<tr>\n<td valign=\"top\" width=\"52\"><img loading=\"lazy\" decoding=\"async\" src=\"http:\/\/dublineventguide.com\/dff\/admin\/images\/categories\/MUSIC.png\" alt=\"\" width=\"32\" height=\"32\" \/><\/td>\n<td>\n<h2 style=\"font-size: 16px; color: #534438; margin: 0 0 5px; font-weight: normal;\">Frank Durand Jazz Trio (Cuba)<\/h2>\n<h3 style=\"font-size: 13px; margin: 0; padding: 0; line-height: 16px; color: #534438;\">20:00, Sat 29 Mar<\/h3>\n<p style=\"font-size: 13px; color: #534438; line-height: 20px; margin: 0; padding-top: 0;\">12 Rutland Place, Dublin 1<\/p>\n<table width=\"100%\" cellspacing=\"0\" cellpadding=\"0\">\n<tbody>\n<tr>\n<td valign=\"top\">\n<div style=\"font-size: 13px; color: #534438; line-height: 20px;\">\n<p style=\"margin: 10px 0;\">Cuban drummer Frank Durand joins Leopoldo Osio (keys) and Cormac O&#8217;Brien (upright bass) for a jazz gig. Frank is an internationally in-demand jazz and session drummer and this is a great opportunity to see him live alongside some of Dublin&#8217;s finest musicians. Here you can watch him: https:\/\/www.youtube.com\/watch?v=gelK1cgK_B0<\/p>\n<p style=\"margin: 10px 0;\">Admission is free and a donation of EUR 5 is recommended. (Doors at 20:00, Gig starts at 20:45)<\/p>\n<\/div>\n<div style=\"font-size: 13px; color: #534438; line-height: 20px;\"><\/div>\n<p style=\"font-size: 13px; color: #534438; line-height: 20px;\"><a style=\"color: #cc2979; text-decoration: none;\" href=\"https:\/\/www.facebook.com\/12Rutland#!\/events\/1479096005638942\/\">https:\/\/www.facebook.com\/12Rutland#!\/events\/1479096005638942\/<\/a><\/p>\n<\/td>\n<td valign=\"top\"><\/td>\n<\/tr>\n<\/tbody>\n<\/table>\n<\/td>\n<\/tr>\n<\/tbody>\n<\/table>\n<\/td>\n<\/tr>\n<\/tbody>\n<\/table>\n<table width=\"100%\" cellspacing=\"0\" cellpadding=\"0\">\n<tbody>\n<tr>\n<td style=\"padding: 10px 30px;\">\n<table width=\"100%\" cellspacing=\"0\" cellpadding=\"0\">\n<tbody>\n<tr>\n<td valign=\"top\" width=\"52\"><img loading=\"lazy\" decoding=\"async\" src=\"http:\/\/dublineventguide.com\/dff\/admin\/images\/categories\/MUSIC.png\" alt=\"\" width=\"32\" height=\"32\" \/><\/td>\n<td>\n<h2 style=\"font-size: 16px; color: #534438; margin: 0 0 5px; font-weight: normal;\">Galants \/\/ The Dead Beat &#8211; Gig<\/h2>\n<h3 style=\"font-size: 13px; margin: 0; padding: 0; line-height: 16px; color: #534438;\">20:00, Sat 29 Mar<\/h3>\n<p style=\"font-size: 13px; color: #534438; line-height: 20px; margin: 0; padding-top: 0;\">Mercantile, 28 Dame Street, Dublin 2<\/p>\n<table width=\"100%\" cellspacing=\"0\" cellpadding=\"0\">\n<tbody>\n<tr>\n<td valign=\"top\">\n<div style=\"font-size: 13px; color: #534438; line-height: 20px;\">\n<p style=\"margin: 10px 0;\">The Galants are performing in the Mercantile on Saturday and they will be supported by The Dead Beat. Admission is free.<\/p>\n<\/div>\n<div style=\"font-size: 13px; color: #534438; line-height: 20px;\"><\/div>\n<\/td>\n<td valign=\"top\"><\/td>\n<\/tr>\n<\/tbody>\n<\/table>\n<\/td>\n<\/tr>\n<\/tbody>\n<\/table>\n<\/td>\n<\/tr>\n<\/tbody>\n<\/table>\n<table width=\"100%\" cellspacing=\"0\" cellpadding=\"0\">\n<tbody>\n<tr>\n<td style=\"padding: 10px 30px;\">\n<table width=\"100%\" cellspacing=\"0\" cellpadding=\"0\">\n<tbody>\n<tr>\n<td valign=\"top\" width=\"52\"><img loading=\"lazy\" decoding=\"async\" src=\"http:\/\/dublineventguide.com\/dff\/admin\/images\/categories\/MUSIC.png\" alt=\"\" width=\"32\" height=\"32\" \/><\/td>\n<td>\n<h2 style=\"font-size: 16px; color: #534438; margin: 0 0 5px; font-weight: normal;\">Saturday Night Live<\/h2>\n<h3 style=\"font-size: 13px; margin: 0; padding: 0; line-height: 16px; color: #534438;\"><img loading=\"lazy\" decoding=\"async\" style=\"display: inline; float: left;\" src=\"http:\/\/dublineventguide.com\/dff\/admin\/images\/weekly.png\" alt=\"\" width=\"69\" height=\"16\" \/> 20:00 &#8211; 22:30, Sat 29 Mar<\/h3>\n<p style=\"font-size: 13px; color: #534438; line-height: 20px; margin: 0; padding-top: 0;\">KC Peaches (Wine Cave), 28\/29 Nassau St., Dublin 2<\/p>\n<table width=\"100%\" cellspacing=\"0\" cellpadding=\"0\">\n<tbody>\n<tr>\n<td valign=\"top\">\n<div style=\"font-size: 13px; color: #534438; line-height: 20px;\">\n<p style=\"margin: 10px 0;\">This is a weekly Saturday night live music event event in the basement Wine Cave of KC Peaches wholefood restaurant\/caf\u00e9. Food will be served until 22:00 and wine, minerals &amp; music will be available until later. Admission is free and a donation into a hat at the end of the evening is appreciated.<\/p>\n<\/div>\n<div style=\"font-size: 13px; color: #534438; line-height: 20px;\"><\/div>\n<p style=\"font-size: 13px; color: #534438; line-height: 20px;\"><a style=\"color: #cc2979; text-decoration: none;\" href=\"https:\/\/www.facebook.com\/KCPeachesWineCave\">https:\/\/www.facebook.com\/KCPeachesWineCave<\/a><\/p>\n<\/td>\n<td valign=\"top\"><\/td>\n<\/tr>\n<\/tbody>\n<\/table>\n<\/td>\n<\/tr>\n<\/tbody>\n<\/table>\n<\/td>\n<\/tr>\n<\/tbody>\n<\/table>\n<table width=\"100%\" cellspacing=\"0\" cellpadding=\"0\">\n<tbody>\n<tr>\n<td style=\"padding: 10px 30px;\">\n<table width=\"100%\" cellspacing=\"0\" cellpadding=\"0\">\n<tbody>\n<tr>\n<td valign=\"top\" width=\"52\"><img loading=\"lazy\" decoding=\"async\" src=\"http:\/\/dublineventguide.com\/dff\/admin\/images\/categories\/MUSIC.png\" alt=\"\" width=\"32\" height=\"32\" \/><\/td>\n<td>\n<h2 style=\"font-size: 16px; color: #534438; margin: 0 0 5px; font-weight: normal;\">The Devils Jukebox &#8211; Gigs + DJs<\/h2>\n<h3 style=\"font-size: 13px; margin: 0; padding: 0; line-height: 16px; color: #534438;\"><img loading=\"lazy\" decoding=\"async\" style=\"display: inline; float: left;\" src=\"http:\/\/dublineventguide.com\/dff\/admin\/images\/weekly.png\" alt=\"\" width=\"69\" height=\"16\" \/> 20:00, Sat 29 Mar<\/h3>\n<p style=\"font-size: 13px; color: #534438; line-height: 20px; margin: 0; padding-top: 0;\">Sin \u00c9, 14 Ormond Quay, Dublin 1<\/p>\n<table width=\"100%\" cellspacing=\"0\" cellpadding=\"0\">\n<tbody>\n<tr>\n<td valign=\"top\">\n<div style=\"font-size: 13px; color: #534438; line-height: 20px;\">\n<p style=\"margin: 10px 0;\">The Devils Jukebox is live music from 20:00-23:00 and DJs with Alternative, Punk, Rock, Metal &amp; Garage after that. Every Saturday! Admission is free.<\/p>\n<\/div>\n<div style=\"font-size: 13px; color: #534438; line-height: 20px;\"><\/div>\n<p style=\"font-size: 13px; color: #534438; line-height: 20px;\"><a style=\"color: #cc2979; text-decoration: none;\" href=\"https:\/\/www.facebook.com\/Sin.E.Pub\">https:\/\/www.facebook.com\/Sin.E.Pub<\/a><\/p>\n<\/td>\n<td valign=\"top\"><\/td>\n<\/tr>\n<\/tbody>\n<\/table>\n<\/td>\n<\/tr>\n<\/tbody>\n<\/table>\n<\/td>\n<\/tr>\n<\/tbody>\n<\/table>\n<table width=\"100%\" cellspacing=\"0\" cellpadding=\"0\">\n<tbody>\n<tr>\n<td style=\"padding: 10px 30px;\">\n<table width=\"100%\" cellspacing=\"0\" cellpadding=\"0\">\n<tbody>\n<tr>\n<td valign=\"top\" width=\"52\"><img loading=\"lazy\" decoding=\"async\" src=\"http:\/\/dublineventguide.com\/dff\/admin\/images\/categories\/ACTIVITY.png\" alt=\"\" width=\"32\" height=\"32\" \/><\/td>\n<td>\n<h2 style=\"font-size: 16px; color: #534438; margin: 0 0 5px; font-weight: normal;\">Earth Hour<\/h2>\n<h3 style=\"font-size: 13px; margin: 0; padding: 0; line-height: 16px; color: #534438;\">20:30 &#8211; 21:30, Sat 29 Mar<\/h3>\n<p style=\"font-size: 13px; color: #534438; line-height: 20px; margin: 0; padding-top: 0;\">Dublin (various locations)<\/p>\n<table width=\"100%\" cellspacing=\"0\" cellpadding=\"0\">\n<tbody>\n<tr>\n<td valign=\"top\">\n<div style=\"font-size: 13px; color: #534438; line-height: 20px;\">\n<p style=\"margin: 10px 0;\">Earth Hour is a worldwide movement for our planet organised by the World Wide Fund for Nature (WWF). During Earth Hour from 20:30-21:30 on Saturday, you are asked to turn off all non-essential lights for one hour as a symbol for your commitment to the planet.<\/p>\n<p style=\"margin: 10px 0;\">Some years ago, the lights at Customs House and some other public buildings were switched off in Ierland too, but since then the event is duly ignored by the state and relies on your support.<\/p>\n<\/div>\n<div style=\"font-size: 13px; color: #534438; line-height: 20px;\"><\/div>\n<p style=\"font-size: 13px; color: #534438; line-height: 20px;\"><a style=\"color: #cc2979; text-decoration: none;\" href=\"http:\/\/www.friendsoftheirishenvironment.net\/?id=26\">http:\/\/www.friendsoftheirishenvironment.net\/?id=26<\/a><\/p>\n<\/td>\n<td valign=\"top\"><\/td>\n<\/tr>\n<\/tbody>\n<\/table>\n<\/td>\n<\/tr>\n<\/tbody>\n<\/table>\n<\/td>\n<\/tr>\n<\/tbody>\n<\/table>\n<table width=\"100%\" cellspacing=\"0\" cellpadding=\"0\">\n<tbody>\n<tr>\n<td style=\"padding: 10px 30px;\">\n<table width=\"100%\" cellspacing=\"0\" cellpadding=\"0\">\n<tbody>\n<tr>\n<td valign=\"top\" width=\"52\"><img loading=\"lazy\" decoding=\"async\" src=\"http:\/\/dublineventguide.com\/dff\/admin\/images\/categories\/MUSIC.png\" alt=\"\" width=\"32\" height=\"32\" \/><\/td>\n<td>\n<h2 style=\"font-size: 16px; color: #534438; margin: 0 0 5px; font-weight: normal;\">D-Riculous All Stars &#8211; Gig<\/h2>\n<h3 style=\"font-size: 13px; margin: 0; padding: 0; line-height: 16px; color: #534438;\">21:00, Sat 29 Mar<\/h3>\n<p style=\"font-size: 13px; color: #534438; line-height: 20px; margin: 0; padding-top: 0;\">Sweeney Mongrel&#8217;s, 32 Dame Street, Dublin 2<\/p>\n<table width=\"100%\" cellspacing=\"0\" cellpadding=\"0\">\n<tbody>\n<tr>\n<td valign=\"top\">\n<div style=\"font-size: 13px; color: #534438; line-height: 20px;\">\n<p style=\"margin: 10px 0;\">D-Riculous All Stars are performing in Sweeney&#8217;s. I still have no idea what type of music they play, they don&#8217;t like telling people anythign about themselves. :-) I guess, though, that it is Indie Rock,<\/p>\n<\/div>\n<div style=\"font-size: 13px; color: #534438; line-height: 20px;\"><\/div>\n<p style=\"font-size: 13px; color: #534438; line-height: 20px;\"><a style=\"color: #cc2979; text-decoration: none;\" href=\"http:\/\/www.sweeneysdublin.ie\/gigs.php\">http:\/\/www.sweeneysdublin.ie\/gigs.php<\/a><\/p>\n<\/td>\n<td valign=\"top\"><\/td>\n<\/tr>\n<\/tbody>\n<\/table>\n<\/td>\n<\/tr>\n<\/tbody>\n<\/table>\n<\/td>\n<\/tr>\n<\/tbody>\n<\/table>\n<table width=\"100%\" cellspacing=\"0\" cellpadding=\"0\">\n<tbody>\n<tr>\n<td style=\"padding: 10px 30px;\">\n<table width=\"100%\" cellspacing=\"0\" cellpadding=\"0\">\n<tbody>\n<tr>\n<td valign=\"top\" width=\"52\"><img loading=\"lazy\" decoding=\"async\" src=\"http:\/\/dublineventguide.com\/dff\/admin\/images\/categories\/MUSIC.png\" alt=\"\" width=\"32\" height=\"32\" \/><\/td>\n<td>\n<h2 style=\"font-size: 16px; color: #534438; margin: 0 0 5px; font-weight: normal;\">Live Music &#8211; Stillorgan Orchard<\/h2>\n<h3 style=\"font-size: 13px; margin: 0; padding: 0; line-height: 16px; color: #534438;\"><img loading=\"lazy\" decoding=\"async\" style=\"display: inline; float: left;\" src=\"http:\/\/dublineventguide.com\/dff\/admin\/images\/weekly.png\" alt=\"\" width=\"69\" height=\"16\" \/> 21:00, Sat 29 Mar<\/h3>\n<p style=\"font-size: 13px; color: #534438; line-height: 20px; margin: 0; padding-top: 0;\">Stillorgan Orchard, The Hill, Stillorgan, Co. Dublin<\/p>\n<table width=\"100%\" cellspacing=\"0\" cellpadding=\"0\">\n<tbody>\n<tr>\n<td valign=\"top\">\n<div style=\"font-size: 13px; color: #534438; line-height: 20px;\">\n<p style=\"margin: 10px 0;\">The Stillorgan Orchard has live music every Friday and Saturday. Many of the performers are established and very good bands. The upcoming gigs are detailed on the website below. Admission is always free.<\/p>\n<\/div>\n<div style=\"font-size: 13px; color: #534438; line-height: 20px;\"><\/div>\n<p style=\"font-size: 13px; color: #534438; line-height: 20px;\"><a style=\"color: #cc2979; text-decoration: none;\" href=\"http:\/\/www.stillorganorchard.com\/live_music.html\">http:\/\/www.stillorganorchard.com\/live_music.html<\/a><\/p>\n<\/td>\n<td valign=\"top\"><\/td>\n<\/tr>\n<\/tbody>\n<\/table>\n<\/td>\n<\/tr>\n<\/tbody>\n<\/table>\n<\/td>\n<\/tr>\n<\/tbody>\n<\/table>\n<table width=\"100%\" cellspacing=\"0\" cellpadding=\"0\">\n<tbody>\n<tr>\n<td style=\"padding: 10px 30px;\">\n<table width=\"100%\" cellspacing=\"0\" cellpadding=\"0\">\n<tbody>\n<tr>\n<td valign=\"top\" width=\"52\"><img loading=\"lazy\" decoding=\"async\" src=\"http:\/\/dublineventguide.com\/dff\/admin\/images\/categories\/MUSIC.png\" alt=\"\" width=\"32\" height=\"32\" \/><\/td>\n<td>\n<h2 style=\"font-size: 16px; color: #534438; margin: 0 0 5px; font-weight: normal;\">Ray Scully &#8211; Gig<\/h2>\n<h3 style=\"font-size: 13px; margin: 0; padding: 0; line-height: 16px; color: #534438;\">21:00, Sat 29 Mar<\/h3>\n<p style=\"font-size: 13px; color: #534438; line-height: 20px; margin: 0; padding-top: 0;\">Mother Reilly&#8217;s, 26\/28 Upper Rathmines Road, Rathmines, Dublin 6<\/p>\n<table width=\"100%\" cellspacing=\"0\" cellpadding=\"0\">\n<tbody>\n<tr>\n<td valign=\"top\">\n<div style=\"font-size: 13px; color: #534438; line-height: 20px;\">\n<p style=\"margin: 10px 0;\">Ray Scully will play soul, blues and rock in Mother Reilly&#8217;s. Special guest will be Wilbury.<\/p>\n<\/div>\n<div style=\"font-size: 13px; color: #534438; line-height: 20px;\"><\/div>\n<p style=\"font-size: 13px; color: #534438; line-height: 20px;\"><a style=\"color: #cc2979; text-decoration: none;\" href=\"http:\/\/www.dublinsessions.ie\/motherreillys.html\">http:\/\/www.dublinsessions.ie\/motherreillys.html<\/a><\/p>\n<\/td>\n<td valign=\"top\"><\/td>\n<\/tr>\n<\/tbody>\n<\/table>\n<\/td>\n<\/tr>\n<\/tbody>\n<\/table>\n<\/td>\n<\/tr>\n<\/tbody>\n<\/table>\n<table width=\"100%\" cellspacing=\"0\" cellpadding=\"0\">\n<tbody>\n<tr>\n<td style=\"padding: 10px 30px;\">\n<table width=\"100%\" cellspacing=\"0\" cellpadding=\"0\">\n<tbody>\n<tr>\n<td valign=\"top\" width=\"52\"><img loading=\"lazy\" decoding=\"async\" src=\"http:\/\/dublineventguide.com\/dff\/admin\/images\/categories\/MUSIC.png\" alt=\"\" width=\"32\" height=\"32\" \/><\/td>\n<td>\n<h2 style=\"font-size: 16px; color: #534438; margin: 0 0 5px; font-weight: normal;\">My Tribe your Tribe \/\/ Cove<\/h2>\n<h3 style=\"font-size: 13px; margin: 0; padding: 0; line-height: 16px; color: #534438;\">22:30, Sat 29 Mar<\/h3>\n<p style=\"font-size: 13px; color: #534438; line-height: 20px; margin: 0; padding-top: 0;\">Whelan&#8217;s, 25 Wexford Street, Dublin 2<\/p>\n<table width=\"100%\" cellspacing=\"0\" cellpadding=\"0\">\n<tbody>\n<tr>\n<td valign=\"top\">\n<div style=\"font-size: 13px; color: #534438; line-height: 20px;\">\n<p style=\"margin: 10px 0;\">&#8220;My Tribe Your Tribe&#8221; and &#8220;Cove&#8221; will perform in the Midnight Hour. The gig starts at midnight and admission is free if you arrive before 22:30.<\/p>\n<\/div>\n<div style=\"font-size: 13px; color: #534438; line-height: 20px;\"><\/div>\n<p style=\"font-size: 13px; color: #534438; line-height: 20px;\"><a style=\"color: #cc2979; text-decoration: none;\" href=\"http:\/\/www.whelanslive.com\/index.php\/midnight-hour-w-my-tribe-your-tribe-cove\/\">http:\/\/www.whelanslive.com\/index.php\/midnight-hour-w-my-tribe-your-tribe-cove\/<\/a><\/p>\n<\/td>\n<td valign=\"top\"><\/td>\n<\/tr>\n<\/tbody>\n<\/table>\n<\/td>\n<\/tr>\n<\/tbody>\n<\/table>\n<\/td>\n<\/tr>\n<\/tbody>\n<\/table>\n<table id=\"day_1396137600\" style=\"margin-top: 10px;\" width=\"100%\" cellspacing=\"0\" cellpadding=\"0\">\n<tbody>\n<tr style=\"background-color: #c20162; color: #fff;\">\n<td style=\"padding: 0; line-height: 1; height: 34px; overflow: hidden;\">\n<p style=\"width: 630px; padding-left: 30px; margin: 0; height: 34px; overflow: hidden; line-height: 34px;\"><a name=\"day_1396137600\"><\/a><strong>Sunday <\/strong> 30 Mar<\/p>\n<\/td>\n<td>\n<p style=\"margin: 0; line-height: 34px; padding: 0; font-size: 13px;\"><a style=\"color: #fff; text-decoration: none;\" href=\"#dff_top\">back to top<\/a><\/p>\n<\/td>\n<td>\n<p style=\"margin: 0; padding: 0; font-size: 13px;\"><a style=\"color: #fff; text-decoration: none;\" href=\"#dff_top\"><img loading=\"lazy\" decoding=\"async\" src=\"http:\/\/dublineventguide.com\/dff\/admin\/images\/dividers\/date_toplink.png\" alt=\"Back to top\" width=\"38\" height=\"34\" \/><\/a><\/p>\n<\/td>\n<td width=\"50\"><\/td>\n<\/tr>\n<\/tbody>\n<\/table>\n<table width=\"100%\" cellspacing=\"0\" cellpadding=\"0\">\n<tbody>\n<tr>\n<td style=\"padding: 10px 30px;\">\n<table width=\"100%\" cellspacing=\"0\" cellpadding=\"0\">\n<tbody>\n<tr>\n<td valign=\"top\" width=\"52\"><img loading=\"lazy\" decoding=\"async\" src=\"http:\/\/dublineventguide.com\/dff\/admin\/images\/categories\/ACTIVITY.png\" alt=\"\" width=\"32\" height=\"32\" \/><\/td>\n<td>\n<h2 style=\"font-size: 16px; color: #534438; margin: 0 0 5px; font-weight: normal;\">Wintertime &#8211;&gt; Summertime<\/h2>\n<h3 style=\"font-size: 13px; margin: 0; padding: 0; line-height: 16px; color: #534438;\">08:00, Sun 30 Mar<\/h3>\n<p style=\"font-size: 13px; color: #534438; line-height: 20px; margin: 0; padding-top: 0;\">Dublin (various locations)<\/p>\n<table width=\"100%\" cellspacing=\"0\" cellpadding=\"0\">\n<tbody>\n<tr>\n<td valign=\"top\">\n<div style=\"font-size: 13px; color: #534438; line-height: 20px;\">\n<p style=\"margin: 10px 0;\">Did you change your clocks last night? You should have put the clock one hour FORWARD, which means that you lost an hour of sleep. We are now in Summertime until the end of October with the great bonus of longer brightness in the evenings,<\/p>\n<\/div>\n<div style=\"font-size: 13px; color: #534438; line-height: 20px;\"><\/div>\n<\/td>\n<td valign=\"top\"><\/td>\n<\/tr>\n<\/tbody>\n<\/table>\n<\/td>\n<\/tr>\n<\/tbody>\n<\/table>\n<\/td>\n<\/tr>\n<\/tbody>\n<\/table>\n<table width=\"100%\" cellspacing=\"0\" cellpadding=\"0\">\n<tbody>\n<tr>\n<td style=\"padding: 10px 30px;\">\n<table width=\"100%\" cellspacing=\"0\" cellpadding=\"0\">\n<tbody>\n<tr>\n<td valign=\"top\" width=\"52\"><img loading=\"lazy\" decoding=\"async\" src=\"http:\/\/dublineventguide.com\/dff\/admin\/images\/categories\/ACTIVITY.png\" alt=\"\" width=\"32\" height=\"32\" \/><\/td>\n<td>\n<h2 style=\"font-size: 16px; color: #534438; margin: 0 0 5px; font-weight: normal;\">Five Lamps Arts Festival<\/h2>\n<h3 style=\"font-size: 13px; margin: 0; padding: 0; line-height: 16px; color: #534438;\">09:00, Sun 30 Mar<\/h3>\n<p style=\"font-size: 13px; color: #534438; line-height: 20px; margin: 0; padding-top: 0;\">Dublin (various locations)<\/p>\n<table width=\"100%\" cellspacing=\"0\" cellpadding=\"0\">\n<tbody>\n<tr>\n<td valign=\"top\">\n<div style=\"font-size: 13px; color: #534438; line-height: 20px;\">\n<p style=\"margin: 10px 0;\">The Five Lamps Arts Festival is a great and very successful local festival of the wider area around the &#8220;Five Lamps&#8221; on Amiens Street and North Strand Road. The festival is in its 7th year and events include a music and fire dance, puppet shows, a Georgian choir, jazz music, combinations of theatre and community art performances, interior design exhibitions, walk and talk events, poetry readings and storytelling, dance, visual art and much more.<\/p>\n<p>Many events are free and the complete list of free and non-free events is here: <a style=\"color: #cc2979; text-decoration: none;\" href=\"http:\/\/www.fivelampsarts.ie\/new\/all-events\/\">http:\/\/www.fivelampsarts.ie\/new\/all-events\/<\/a><\/p>\n<p style=\"margin: 10px 0;\">Here are some of the free events (the details you will find on the website), I am only listing the headlines here:<\/p>\n<p>Body and Soul:<br \/>\n31 March: A Conversation Salon: meet other curious, open-minded, open-hearted people and have conversations that challenge<\/p>\n<p>Children:<br \/>\n29 March: Professor Plunger &#8211; Street Show<br \/>\n29 March: H\u00e4nsel und Gretel &#8211; Puppet Show<\/p>\n<p>Dance:<br \/>\n01 April: Day of Dance<\/p>\n<p>Exploration:<br \/>\n29 March: Walk with Terry Fagan &#8211; Story\u2019s from around Dublin\u2019s famous Red-Light district known as Monto.<br \/>\n30 March: Key monuments on Dublin\u2019s O\u2019Connell Street<\/p>\n<p>Literature:<br \/>\n31 March: Growing up at the Five Lamps &#8211; Talk<br \/>\n02 April: Temper-Mental MissElayneous &amp; Andre K\u2019por<br \/>\n02 April: Tree Tales<\/p>\n<p>Music:<br \/>\n30 March: Flute Concert with Julie Maisel<\/p>\n<p>Theater:<br \/>\n03 April: The Merchant of Ennis<\/p>\n<p style=\"margin: 10px 0;\">And on top of that there are a number of exhibitions.<\/p>\n<\/div>\n<div style=\"font-size: 13px; color: #534438; line-height: 20px;\"><\/div>\n<p style=\"font-size: 13px; color: #534438; line-height: 20px;\"><a style=\"color: #cc2979; text-decoration: none;\" href=\"http:\/\/www.fivelampsarts.ie\/\">http:\/\/www.fivelampsarts.ie\/<\/a><\/p>\n<\/td>\n<td valign=\"top\"><\/td>\n<\/tr>\n<\/tbody>\n<\/table>\n<\/td>\n<\/tr>\n<\/tbody>\n<\/table>\n<\/td>\n<\/tr>\n<\/tbody>\n<\/table>\n<table width=\"100%\" cellspacing=\"0\" cellpadding=\"0\">\n<tbody>\n<tr>\n<td style=\"padding: 10px 30px;\">\n<table width=\"100%\" cellspacing=\"0\" cellpadding=\"0\">\n<tbody>\n<tr>\n<td valign=\"top\" width=\"52\"><img loading=\"lazy\" decoding=\"async\" src=\"http:\/\/dublineventguide.com\/dff\/admin\/images\/categories\/ACTIVITY.png\" alt=\"\" width=\"32\" height=\"32\" \/><\/td>\n<td>\n<h2 style=\"font-size: 16px; color: #534438; margin: 0 0 5px; font-weight: normal;\">Mother&#8217;s Day<\/h2>\n<h3 style=\"font-size: 13px; margin: 0; padding: 0; line-height: 16px; color: #534438;\">09:00, Sun 30 Mar<\/h3>\n<p style=\"font-size: 13px; color: #534438; line-height: 20px; margin: 0; padding-top: 0;\">Dublin (various locations)<\/p>\n<table width=\"100%\" cellspacing=\"0\" cellpadding=\"0\">\n<tbody>\n<tr>\n<td valign=\"top\">\n<div style=\"font-size: 13px; color: #534438; line-height: 20px;\">\n<p style=\"margin: 10px 0;\">On Sunday is Mother&#8217;s Day in Ireland!<\/p>\n<p style=\"margin: 10px 0;\">If your mother lives in Ireland, don&#8217;t forget her if you don&#8217;t want any trouble.<\/p>\n<p style=\"margin: 10px 0;\">If she lives aborad, she won&#8217;t expect you to ring because in most other countries Mother&#8217;s Day will take place a few weeks later (often in May). But maybe just ring her anyway. She will most likely appreciate the thought that you think of her on BOTH Mother&#8217;s Days.<\/p>\n<\/div>\n<div style=\"font-size: 13px; color: #534438; line-height: 20px;\"><\/div>\n<\/td>\n<td valign=\"top\"><\/td>\n<\/tr>\n<\/tbody>\n<\/table>\n<\/td>\n<\/tr>\n<\/tbody>\n<\/table>\n<\/td>\n<\/tr>\n<\/tbody>\n<\/table>\n<table width=\"100%\" cellspacing=\"0\" cellpadding=\"0\">\n<tbody>\n<tr>\n<td style=\"padding: 10px 30px;\">\n<table width=\"100%\" cellspacing=\"0\" cellpadding=\"0\">\n<tbody>\n<tr>\n<td valign=\"top\" width=\"52\"><img loading=\"lazy\" decoding=\"async\" src=\"http:\/\/dublineventguide.com\/dff\/admin\/images\/categories\/MARKETS.png\" alt=\"\" width=\"32\" height=\"32\" \/><\/td>\n<td>\n<h2 style=\"font-size: 16px; color: #534438; margin: 0 0 5px; font-weight: normal;\">Jamestown Market<\/h2>\n<h3 style=\"font-size: 13px; margin: 0; padding: 0; line-height: 16px; color: #534438;\"><img loading=\"lazy\" decoding=\"async\" style=\"display: inline; float: left;\" src=\"http:\/\/dublineventguide.com\/dff\/admin\/images\/weekly.png\" alt=\"\" width=\"69\" height=\"16\" \/> 10:00 &#8211; 17:00, Sun 30 Mar<\/h3>\n<p style=\"font-size: 13px; color: #534438; line-height: 20px; margin: 0; padding-top: 0;\">Jamestown Market, 90 Jamestown Road, Inchicore, Dublin 8<\/p>\n<table width=\"100%\" cellspacing=\"0\" cellpadding=\"0\">\n<tbody>\n<tr>\n<td valign=\"top\">\n<div style=\"font-size: 13px; color: #534438; line-height: 20px;\">\n<p style=\"margin: 10px 0;\">Jamestown Flea Market + Car Boot Sale takes place every Sat+Sun from 10:00-17:00. You can reach it from Tyrconnell Road and from Kylemore Road and it is within 3 min from Black Horse stop on the red Luas line. There is free parking.<\/p>\n<\/div>\n<div style=\"font-size: 13px; color: #534438; line-height: 20px;\"><\/div>\n<p style=\"font-size: 13px; color: #534438; line-height: 20px;\"><a style=\"color: #cc2979; text-decoration: none;\" href=\"http:\/\/www.jamestownmarket.com\">http:\/\/www.jamestownmarket.com<\/a><\/p>\n<\/td>\n<td valign=\"top\"><\/td>\n<\/tr>\n<\/tbody>\n<\/table>\n<\/td>\n<\/tr>\n<\/tbody>\n<\/table>\n<\/td>\n<\/tr>\n<\/tbody>\n<\/table>\n<table width=\"100%\" cellspacing=\"0\" cellpadding=\"0\">\n<tbody>\n<tr>\n<td style=\"padding: 10px 30px;\">\n<table width=\"100%\" cellspacing=\"0\" cellpadding=\"0\">\n<tbody>\n<tr>\n<td valign=\"top\" width=\"52\"><img loading=\"lazy\" decoding=\"async\" src=\"http:\/\/dublineventguide.com\/dff\/admin\/images\/categories\/MARKETS.png\" alt=\"\" width=\"32\" height=\"32\" \/><\/td>\n<td>\n<h2 style=\"font-size: 16px; color: #534438; margin: 0 0 5px; font-weight: normal;\">Merchants Market<\/h2>\n<h3 style=\"font-size: 13px; margin: 0; padding: 0; line-height: 16px; color: #534438;\"><img loading=\"lazy\" decoding=\"async\" style=\"display: inline; float: left;\" src=\"http:\/\/dublineventguide.com\/dff\/admin\/images\/weekly.png\" alt=\"\" width=\"69\" height=\"16\" \/> 10:00 &#8211; 16:30, Sun 30 Mar<\/h3>\n<p style=\"font-size: 13px; color: #534438; line-height: 20px; margin: 0; padding-top: 0;\">Merchants Yard, East Wall Road, Dublin 3<\/p>\n<table width=\"100%\" cellspacing=\"0\" cellpadding=\"0\">\n<tbody>\n<tr>\n<td valign=\"top\">\n<div style=\"font-size: 13px; color: #534438; line-height: 20px;\">\n<p style=\"margin: 10px 0;\">The Merchants Market on East Wall Road is a weekly indoors flea market on Saturdays and Sundays with more than 80 stalls in a big industrial hall. There is everything from furniture and antiques to paintings and mirrors, electronics and hot food to bicycles and buns. It is just a few minutes walk away from the Point Theatre\/O2 (walk in the direction of the Port Tunnel).<\/p>\n<\/div>\n<div style=\"font-size: 13px; color: #534438; line-height: 20px;\"><\/div>\n<p style=\"font-size: 13px; color: #534438; line-height: 20px;\"><a style=\"color: #cc2979; text-decoration: none;\" href=\"http:\/\/www.merchantsmarket.ie\/\">http:\/\/www.merchantsmarket.ie\/<\/a><\/p>\n<\/td>\n<td valign=\"top\"><\/td>\n<\/tr>\n<\/tbody>\n<\/table>\n<\/td>\n<\/tr>\n<\/tbody>\n<\/table>\n<\/td>\n<\/tr>\n<\/tbody>\n<\/table>\n<table width=\"100%\" cellspacing=\"0\" cellpadding=\"0\">\n<tbody>\n<tr>\n<td style=\"padding: 10px 30px;\">\n<table width=\"100%\" cellspacing=\"0\" cellpadding=\"0\">\n<tbody>\n<tr>\n<td valign=\"top\" width=\"52\"><img loading=\"lazy\" decoding=\"async\" src=\"http:\/\/dublineventguide.com\/dff\/admin\/images\/categories\/ART.png\" alt=\"\" width=\"32\" height=\"32\" \/><\/td>\n<td>\n<h2 style=\"font-size: 16px; color: #534438; margin: 0 0 5px; font-weight: normal;\">Merrion Square Open Air Gallery<\/h2>\n<h3 style=\"font-size: 13px; margin: 0; padding: 0; line-height: 16px; color: #534438;\"><img loading=\"lazy\" decoding=\"async\" style=\"display: inline; float: left;\" src=\"http:\/\/dublineventguide.com\/dff\/admin\/images\/weekly.png\" alt=\"\" width=\"69\" height=\"16\" \/> 10:00 &#8211; 18:30, Sun 30 Mar<\/h3>\n<p style=\"font-size: 13px; color: #534438; line-height: 20px; margin: 0; padding-top: 0;\">Merrion Square, Dublin 2<\/p>\n<table width=\"100%\" cellspacing=\"0\" cellpadding=\"0\">\n<tbody>\n<tr>\n<td valign=\"top\">\n<div style=\"font-size: 13px; color: #534438; line-height: 20px;\">\n<p style=\"margin: 10px 0;\">Every Sunday, the Merrion Square Open Air Art Gallery takes place. Up to 200 artists exhibit their paintings on the railings on three sides (West, North and East) of Merrion Square and you can just enjoy the exhibition or even buy.<\/p>\n<\/div>\n<div style=\"font-size: 13px; color: #534438; line-height: 20px;\"><\/div>\n<p style=\"font-size: 13px; color: #534438; line-height: 20px;\"><a style=\"color: #cc2979; text-decoration: none;\" href=\"http:\/\/www.merrionsquareart.com\/\">http:\/\/www.merrionsquareart.com\/<\/a><\/p>\n<\/td>\n<td valign=\"top\"><\/td>\n<\/tr>\n<\/tbody>\n<\/table>\n<\/td>\n<\/tr>\n<\/tbody>\n<\/table>\n<\/td>\n<\/tr>\n<\/tbody>\n<\/table>\n<table width=\"100%\" cellspacing=\"0\" cellpadding=\"0\">\n<tbody>\n<tr>\n<td style=\"padding: 10px 30px;\">\n<table width=\"100%\" cellspacing=\"0\" cellpadding=\"0\">\n<tbody>\n<tr>\n<td valign=\"top\" width=\"52\"><img loading=\"lazy\" decoding=\"async\" src=\"http:\/\/dublineventguide.com\/dff\/admin\/images\/categories\/MARKETS.png\" alt=\"\" width=\"32\" height=\"32\" \/><\/td>\n<td>\n<h2 style=\"font-size: 16px; color: #534438; margin: 0 0 5px; font-weight: normal;\">Stables Market<\/h2>\n<h3 style=\"font-size: 13px; margin: 0; padding: 0; line-height: 16px; color: #534438;\"><img loading=\"lazy\" decoding=\"async\" style=\"display: inline; float: left;\" src=\"http:\/\/dublineventguide.com\/dff\/admin\/images\/weekly.png\" alt=\"\" width=\"69\" height=\"16\" \/> 10:00 &#8211; 18:00, Sun 30 Mar<\/h3>\n<p style=\"font-size: 13px; color: #534438; line-height: 20px; margin: 0; padding-top: 0;\">72 Thomas Street (between the Vicar St venue &amp; Cafe Notto), Dublin 8<\/p>\n<table width=\"100%\" cellspacing=\"0\" cellpadding=\"0\">\n<tbody>\n<tr>\n<td valign=\"top\">\n<div style=\"font-size: 13px; color: #534438; line-height: 20px;\">\n<p style=\"margin: 10px 0;\">A new market (flea\/vintage\/etc) with two caf\u00e9s has opened in the same location in Thomas Street where the Ferocious Mingle Market was before their move to Camden Street.<\/p>\n<p style=\"margin: 10px 0;\">The new market in 72 Thomas Street is called Stable Market and it is open from Thursday until Sunday from 10:00-18:00 every day. It seems there is neither a website nor a Facebook Page yet.<\/p>\n<\/div>\n<div style=\"font-size: 13px; color: #534438; line-height: 20px;\"><\/div>\n<\/td>\n<td valign=\"top\"><\/td>\n<\/tr>\n<\/tbody>\n<\/table>\n<\/td>\n<\/tr>\n<\/tbody>\n<\/table>\n<\/td>\n<\/tr>\n<\/tbody>\n<\/table>\n<table width=\"100%\" cellspacing=\"0\" cellpadding=\"0\">\n<tbody>\n<tr>\n<td style=\"padding: 10px 30px;\">\n<table width=\"100%\" cellspacing=\"0\" cellpadding=\"0\">\n<tbody>\n<tr>\n<td valign=\"top\" width=\"52\"><img loading=\"lazy\" decoding=\"async\" src=\"http:\/\/dublineventguide.com\/dff\/admin\/images\/categories\/ACTIVITY.png\" alt=\"\" width=\"32\" height=\"32\" \/><\/td>\n<td>\n<h2 style=\"font-size: 16px; color: #534438; margin: 0 0 5px; font-weight: normal;\">Oxendales Beauty &amp; Style Workshops &amp; Fashion Shows<\/h2>\n<h3 style=\"font-size: 13px; margin: 0; padding: 0; line-height: 16px; color: #534438;\">10:30 &#8211; 17:30, Sun 30 Mar<\/h3>\n<p style=\"font-size: 13px; color: #534438; line-height: 20px; margin: 0; padding-top: 0;\">RDS (Concert Hall), Merrion Road, Ballsbridge, Dublin 4<\/p>\n<table width=\"100%\" cellspacing=\"0\" cellpadding=\"0\">\n<tbody>\n<tr>\n<td valign=\"top\">\n<div style=\"font-size: 13px; color: #534438; line-height: 20px;\">\n<p>The &#8220;What&#8217;s Your Style?&#8221; Oxendale Beauty\/Style\/Fashion event takes place in the RDS on Saturday and Sunday. Admission is free but you have to register on the website here <a style=\"color: #cc2979; text-decoration: none;\" href=\"http:\/\/www.oxendalesevents.com\/\" target=\"_blank\">http:\/\/www.oxendalesevents.com\/<\/a> the event schedule is <a style=\"color: #cc2979; text-decoration: none;\" href=\"http:\/\/oxendalesevents.com\/event-schedule.jpeg\">http:\/\/oxendalesevents.com\/event-schedule.jpeg<\/a><\/p>\n<\/div>\n<div style=\"font-size: 13px; color: #534438; line-height: 20px;\"><\/div>\n<p style=\"font-size: 13px; color: #534438; line-height: 20px;\"><a style=\"color: #cc2979; text-decoration: none;\" href=\"http:\/\/www.rds.ie\/cat_event_detail.jsp?itemID=1103541\">http:\/\/www.rds.ie\/cat_event_detail.jsp?itemID=1103541<\/a><\/p>\n<\/td>\n<td valign=\"top\"><\/td>\n<\/tr>\n<\/tbody>\n<\/table>\n<\/td>\n<\/tr>\n<\/tbody>\n<\/table>\n<\/td>\n<\/tr>\n<\/tbody>\n<\/table>\n<table width=\"100%\" cellspacing=\"0\" cellpadding=\"0\">\n<tbody>\n<tr>\n<td style=\"padding: 10px 30px;\">\n<table width=\"100%\" cellspacing=\"0\" cellpadding=\"0\">\n<tbody>\n<tr>\n<td valign=\"top\" width=\"52\"><img loading=\"lazy\" decoding=\"async\" src=\"http:\/\/dublineventguide.com\/dff\/admin\/images\/categories\/MARKETS.png\" alt=\"\" width=\"32\" height=\"32\" \/><\/td>\n<td>\n<h2 style=\"font-size: 16px; color: #534438; margin: 0 0 5px; font-weight: normal;\">Dublin Flea Market<\/h2>\n<h3 style=\"font-size: 13px; margin: 0; padding: 0; line-height: 16px; color: #534438;\">11:00 &#8211; 17:00, Sun 30 Mar<\/h3>\n<p style=\"font-size: 13px; color: #534438; line-height: 20px; margin: 0; padding-top: 0;\">Dublin Food Co-op, 12 Newmarket Square, Dublin 8<\/p>\n<table width=\"100%\" cellspacing=\"0\" cellpadding=\"0\">\n<tbody>\n<tr>\n<td valign=\"top\">\n<div style=\"font-size: 13px; color: #534438; line-height: 20px;\">\n<p>The next Dublin Flea Market is taking place in the Food Coop, 12 Newmarket, just off Cork Street, Dublin 8 on Sun from 11:00-17:00. The flea market takes place every last Sunday of the month. For more information or if you want to sell your own stuff, check out <a style=\"color: #cc2979; text-decoration: none;\" href=\"http:\/\/www.dublinflea.ie.%20\">http:\/\/www.dublinflea.ie <\/a>&#8220;A bizarre bazaar of vintage clothing, bric-a-brac and what nots, old and new. Stalls include hand-made goods, art, jewelry, furniture, records and lots more unwanted items that may just be your treasure!&#8221;<br \/>\nThe Coop Hall is wheelchair accessible and lots of free parking spaces are right outside the door.<\/p>\n<\/div>\n<div style=\"font-size: 13px; color: #534438; line-height: 20px;\"><\/div>\n<p style=\"font-size: 13px; color: #534438; line-height: 20px;\"><a style=\"color: #cc2979; text-decoration: none;\" href=\"https:\/\/www.facebook.com\/pages\/The-Dublin-Flea-Market\/144081015625205\">https:\/\/www.facebook.com\/pages\/The-Dublin-Flea-Market\/144081015625205<\/a><\/p>\n<\/td>\n<td valign=\"top\"><\/td>\n<\/tr>\n<\/tbody>\n<\/table>\n<\/td>\n<\/tr>\n<\/tbody>\n<\/table>\n<\/td>\n<\/tr>\n<\/tbody>\n<\/table>\n<table width=\"100%\" cellspacing=\"0\" cellpadding=\"0\">\n<tbody>\n<tr>\n<td style=\"padding: 10px 30px;\">\n<table width=\"100%\" cellspacing=\"0\" cellpadding=\"0\">\n<tbody>\n<tr>\n<td valign=\"top\" width=\"52\"><img loading=\"lazy\" decoding=\"async\" src=\"http:\/\/dublineventguide.com\/dff\/admin\/images\/categories\/MARKETS.png\" alt=\"\" width=\"32\" height=\"32\" \/><\/td>\n<td>\n<h2 style=\"font-size: 16px; color: #534438; margin: 0 0 5px; font-weight: normal;\">Dun Laoghaire Market<\/h2>\n<h3 style=\"font-size: 13px; margin: 0; padding: 0; line-height: 16px; color: #534438;\"><img loading=\"lazy\" decoding=\"async\" style=\"display: inline; float: left;\" src=\"http:\/\/dublineventguide.com\/dff\/admin\/images\/weekly.png\" alt=\"\" width=\"69\" height=\"16\" \/> 11:00 &#8211; 16:00, Sun 30 Mar<\/h3>\n<p style=\"font-size: 13px; color: #534438; line-height: 20px; margin: 0; padding-top: 0;\">People&#8217;s Park, Dun Laoghaire, Co. Dublin<\/p>\n<table width=\"100%\" cellspacing=\"0\" cellpadding=\"0\">\n<tbody>\n<tr>\n<td valign=\"top\">\n<div style=\"font-size: 13px; color: #534438; line-height: 20px;\">\n<p style=\"margin: 10px 0;\">A weekly market with lots of food, but also many other products (art &amp; crafts, books, etc) takes place every Sunday in the beautiful People&#8217;s Park in Dun Laoghaire. It is a very popular market and with around 50 vendors also one of the bigger markets.<\/p>\n<\/div>\n<div style=\"font-size: 13px; color: #534438; line-height: 20px;\"><\/div>\n<p style=\"font-size: 13px; color: #534438; line-height: 20px;\"><a style=\"color: #cc2979; text-decoration: none;\" href=\"http:\/\/www.dlrcoco.ie\/aboutus\/councildepartments\/environment\/findit\/markets\/\">http:\/\/www.dlrcoco.ie\/aboutus\/councildepartments\/environment\/findit\/markets\/<\/a><\/p>\n<\/td>\n<td valign=\"top\"><\/td>\n<\/tr>\n<\/tbody>\n<\/table>\n<\/td>\n<\/tr>\n<\/tbody>\n<\/table>\n<\/td>\n<\/tr>\n<\/tbody>\n<\/table>\n<table width=\"100%\" cellspacing=\"0\" cellpadding=\"0\">\n<tbody>\n<tr>\n<td style=\"padding: 10px 30px;\">\n<table width=\"100%\" cellspacing=\"0\" cellpadding=\"0\">\n<tbody>\n<tr>\n<td valign=\"top\" width=\"52\"><img loading=\"lazy\" decoding=\"async\" src=\"http:\/\/dublineventguide.com\/dff\/admin\/images\/categories\/MARKETS.png\" alt=\"\" width=\"32\" height=\"32\" \/><\/td>\n<td>\n<h2 style=\"font-size: 16px; color: #534438; margin: 0 0 5px; font-weight: normal;\">Longmile Road Markets<\/h2>\n<h3 style=\"font-size: 13px; margin: 0; padding: 0; line-height: 16px; color: #534438;\"><img loading=\"lazy\" decoding=\"async\" style=\"display: inline; float: left;\" src=\"http:\/\/dublineventguide.com\/dff\/admin\/images\/weekly.png\" alt=\"\" width=\"69\" height=\"16\" \/> 11:00 &#8211; 17:00, Sun 30 Mar<\/h3>\n<p style=\"font-size: 13px; color: #534438; line-height: 20px; margin: 0; padding-top: 0;\">Long Mile Road, Dublin 12<\/p>\n<table width=\"100%\" cellspacing=\"0\" cellpadding=\"0\">\n<tbody>\n<tr>\n<td valign=\"top\">\n<div style=\"font-size: 13px; color: #534438; line-height: 20px;\">\n<p>There seem to be TWO weekly markets on Long Mile Road and both are very close to each other. One is behind Wigoders on Long Mile Road (across the road from Aldi). It hosts more than 50 stalls and there is also a Cafe on site. <a style=\"color: #cc2979; text-decoration: none;\" href=\"https:\/\/www.facebook.com\/WigodersLongmileMarket\">https:\/\/www.facebook.com\/WigodersLongmileMarket<\/a> And the other one is just on the other side of the road, next to Aldi. <a style=\"color: #cc2979; text-decoration: none;\" href=\"https:\/\/www.facebook.com\/TheLongMileRdMarket\">https:\/\/www.facebook.com\/TheLongMileRdMarket<\/a><\/p>\n<\/div>\n<div style=\"font-size: 13px; color: #534438; line-height: 20px;\"><\/div>\n<\/td>\n<td valign=\"top\"><\/td>\n<\/tr>\n<\/tbody>\n<\/table>\n<\/td>\n<\/tr>\n<\/tbody>\n<\/table>\n<\/td>\n<\/tr>\n<\/tbody>\n<\/table>\n<table width=\"100%\" cellspacing=\"0\" cellpadding=\"0\">\n<tbody>\n<tr>\n<td style=\"padding: 10px 30px;\">\n<table width=\"100%\" cellspacing=\"0\" cellpadding=\"0\">\n<tbody>\n<tr>\n<td valign=\"top\" width=\"52\"><img loading=\"lazy\" decoding=\"async\" src=\"http:\/\/dublineventguide.com\/dff\/admin\/images\/categories\/MUSIC.png\" alt=\"\" width=\"32\" height=\"32\" \/><\/td>\n<td>\n<h2 style=\"font-size: 16px; color: #534438; margin: 0 0 5px; font-weight: normal;\">Palestrina Choir<\/h2>\n<h3 style=\"font-size: 13px; margin: 0; padding: 0; line-height: 16px; color: #534438;\"><img loading=\"lazy\" decoding=\"async\" style=\"display: inline; float: left;\" src=\"http:\/\/dublineventguide.com\/dff\/admin\/images\/weekly.png\" alt=\"\" width=\"69\" height=\"16\" \/> 11:00, Sun 30 Mar<\/h3>\n<p style=\"font-size: 13px; color: #534438; line-height: 20px; margin: 0; padding-top: 0;\">St. Mary&#8217;s Pro-Cathedral, 83 Marlborough Street, Dublin 1<\/p>\n<table width=\"100%\" cellspacing=\"0\" cellpadding=\"0\">\n<tbody>\n<tr>\n<td valign=\"top\">\n<div style=\"font-size: 13px; color: #534438; line-height: 20px;\">\n<p style=\"margin: 10px 0;\">The well known Palestrina Choir sing every Sunday at the mass in St Mary&#8217;s Pro-Cathedral. They sing complete masterworks by Mozart, Haydn, Dvorak, Palestrina, de Victoria, usually accompanied by Prof. Gerard Gillen on the organ, who often also plays a solo piece.<\/p>\n<\/div>\n<div style=\"font-size: 13px; color: #534438; line-height: 20px;\"><\/div>\n<p style=\"font-size: 13px; color: #534438; line-height: 20px;\"><a style=\"color: #cc2979; text-decoration: none;\" href=\"http:\/\/www.procathedral.ie\/music\/this-week\">http:\/\/www.procathedral.ie\/music\/this-week<\/a><\/p>\n<\/td>\n<td valign=\"top\"><\/td>\n<\/tr>\n<\/tbody>\n<\/table>\n<\/td>\n<\/tr>\n<\/tbody>\n<\/table>\n<\/td>\n<\/tr>\n<\/tbody>\n<\/table>\n<table width=\"100%\" cellspacing=\"0\" cellpadding=\"0\">\n<tbody>\n<tr>\n<td style=\"padding: 10px 30px;\">\n<table width=\"100%\" cellspacing=\"0\" cellpadding=\"0\">\n<tbody>\n<tr>\n<td valign=\"top\" width=\"52\"><img loading=\"lazy\" decoding=\"async\" src=\"http:\/\/dublineventguide.com\/dff\/admin\/images\/categories\/MARKETS.png\" alt=\"\" width=\"32\" height=\"32\" \/><\/td>\n<td>\n<h2 style=\"font-size: 16px; color: #534438; margin: 0 0 5px; font-weight: normal;\">The Ferocious Mingle Marcade<\/h2>\n<h3 style=\"font-size: 13px; margin: 0; padding: 0; line-height: 16px; color: #534438;\"><img loading=\"lazy\" decoding=\"async\" style=\"display: inline; float: left;\" src=\"http:\/\/dublineventguide.com\/dff\/admin\/images\/weekly.png\" alt=\"\" width=\"69\" height=\"16\" \/> 11:00 &#8211; 18:00, Sun 30 Mar<\/h3>\n<p style=\"font-size: 13px; color: #534438; line-height: 20px; margin: 0; padding-top: 0;\">60 Camden Street, Dublin 2<\/p>\n<table width=\"100%\" cellspacing=\"0\" cellpadding=\"0\">\n<tbody>\n<tr>\n<td valign=\"top\">\n<div style=\"font-size: 13px; color: #534438; line-height: 20px;\">\n<p style=\"margin: 10px 0;\">The Ferocious Mingle Marcade (Market and Arcade) is back in a new location. The Marcade is now in Camden Street next to Daintree Paper and opposite the Centra and off-license there. It takes place every Thurs-Sun and is a flea-market-type permanent market with stalls and &#8220;chalets&#8221; for traders.<\/p>\n<\/div>\n<div style=\"font-size: 13px; color: #534438; line-height: 20px;\"><\/div>\n<p style=\"font-size: 13px; color: #534438; line-height: 20px;\"><a style=\"color: #cc2979; text-decoration: none;\" href=\"https:\/\/www.facebook.com\/pages\/The-Ferocious-Mingle-Marcade\/232446616822953\">https:\/\/www.facebook.com\/pages\/The-Ferocious-Mingle-Marcade\/232446616822953<\/a><\/p>\n<\/td>\n<td valign=\"top\"><\/td>\n<\/tr>\n<\/tbody>\n<\/table>\n<\/td>\n<\/tr>\n<\/tbody>\n<\/table>\n<\/td>\n<\/tr>\n<\/tbody>\n<\/table>\n<table width=\"100%\" cellspacing=\"0\" cellpadding=\"0\">\n<tbody>\n<tr>\n<td style=\"padding: 10px 30px;\">\n<table width=\"100%\" cellspacing=\"0\" cellpadding=\"0\">\n<tbody>\n<tr>\n<td valign=\"top\" width=\"52\"><img loading=\"lazy\" decoding=\"async\" src=\"http:\/\/dublineventguide.com\/dff\/admin\/images\/categories\/TALKS.png\" alt=\"\" width=\"32\" height=\"32\" \/><\/td>\n<td>\n<h2 style=\"font-size: 16px; color: #534438; margin: 0 0 5px; font-weight: normal;\">National Gallery Talks<\/h2>\n<h3 style=\"font-size: 13px; margin: 0; padding: 0; line-height: 16px; color: #534438;\"><img loading=\"lazy\" decoding=\"async\" style=\"display: inline; float: left;\" src=\"http:\/\/dublineventguide.com\/dff\/admin\/images\/weekly.png\" alt=\"\" width=\"69\" height=\"16\" \/> 11:30 &#8211; 16:50, Sun 30 Mar<\/h3>\n<p style=\"font-size: 13px; color: #534438; line-height: 20px; margin: 0; padding-top: 0;\">National Gallery, Clare Street, Dublin 2<\/p>\n<table width=\"100%\" cellspacing=\"0\" cellpadding=\"0\">\n<tbody>\n<tr>\n<td valign=\"top\">\n<div style=\"font-size: 13px; color: #534438; line-height: 20px;\">\n<p style=\"margin: 10px 0;\">The National Gallery has an extensive programme of free talks, public tours and Art Documentary screenings focusing on highlights of the European and Irish Collection every day of the week. Check their website for details.<\/p>\n<\/div>\n<div style=\"font-size: 13px; color: #534438; line-height: 20px;\"><\/div>\n<p style=\"font-size: 13px; color: #534438; line-height: 20px;\"><a style=\"color: #cc2979; text-decoration: none;\" href=\"http:\/\/nationalgallery.ie\/whatson\">http:\/\/nationalgallery.ie\/whatson<\/a><\/p>\n<\/td>\n<td valign=\"top\"><\/td>\n<\/tr>\n<\/tbody>\n<\/table>\n<\/td>\n<\/tr>\n<\/tbody>\n<\/table>\n<\/td>\n<\/tr>\n<\/tbody>\n<\/table>\n<table width=\"100%\" cellspacing=\"0\" cellpadding=\"0\">\n<tbody>\n<tr>\n<td style=\"padding: 10px 30px;\">\n<table width=\"100%\" cellspacing=\"0\" cellpadding=\"0\">\n<tbody>\n<tr>\n<td valign=\"top\" width=\"52\"><img loading=\"lazy\" decoding=\"async\" src=\"http:\/\/dublineventguide.com\/dff\/admin\/images\/categories\/MARKETS.png\" alt=\"\" width=\"32\" height=\"32\" \/><\/td>\n<td>\n<h2 style=\"font-size: 16px; color: #534438; margin: 0 0 5px; font-weight: normal;\">Blackrock Market<\/h2>\n<h3 style=\"font-size: 13px; margin: 0; padding: 0; line-height: 16px; color: #534438;\"><img loading=\"lazy\" decoding=\"async\" style=\"display: inline; float: left;\" src=\"http:\/\/dublineventguide.com\/dff\/admin\/images\/weekly.png\" alt=\"\" width=\"69\" height=\"16\" \/> 12:00 &#8211; 17:30, Sun 30 Mar<\/h3>\n<p style=\"font-size: 13px; color: #534438; line-height: 20px; margin: 0; padding-top: 0;\">Blackrock Market, 19 Main Street, Blackrock, Co. Dublin<\/p>\n<table width=\"100%\" cellspacing=\"0\" cellpadding=\"0\">\n<tbody>\n<tr>\n<td valign=\"top\">\n<div style=\"font-size: 13px; color: #534438; line-height: 20px;\">\n<p>At the Blackrock Market in the centre of Blackrock, you&#8217;ll find 50 stalls selling collectibles, antiques, handmade goods, books, food &amp; there&#8217;s free popcorn, ballons &amp; facepainting for the kids.<br \/>\nOpen on Sundays: 12:00-17:30. Open on Saturdays and Bank Holidays: 11:00-17:30.<\/p>\n<\/div>\n<div style=\"font-size: 13px; color: #534438; line-height: 20px;\"><\/div>\n<p style=\"font-size: 13px; color: #534438; line-height: 20px;\"><a style=\"color: #cc2979; text-decoration: none;\" href=\"http:\/\/www.blackrockmarket.com\/\">http:\/\/www.blackrockmarket.com\/<\/a><\/p>\n<\/td>\n<td valign=\"top\"><\/td>\n<\/tr>\n<\/tbody>\n<\/table>\n<\/td>\n<\/tr>\n<\/tbody>\n<\/table>\n<\/td>\n<\/tr>\n<\/tbody>\n<\/table>\n<table width=\"100%\" cellspacing=\"0\" cellpadding=\"0\">\n<tbody>\n<tr>\n<td style=\"padding: 10px 30px;\">\n<table width=\"100%\" cellspacing=\"0\" cellpadding=\"0\">\n<tbody>\n<tr>\n<td valign=\"top\" width=\"52\"><img loading=\"lazy\" decoding=\"async\" src=\"http:\/\/dublineventguide.com\/dff\/admin\/images\/categories\/ACTIVITY.png\" alt=\"\" width=\"32\" height=\"32\" \/><\/td>\n<td>\n<h2 style=\"font-size: 16px; color: #534438; margin: 0 0 5px; font-weight: normal;\">Fail Better &#8211; Science Gallery Exhibition<\/h2>\n<h3 style=\"font-size: 13px; margin: 0; padding: 0; line-height: 16px; color: #534438;\"><img loading=\"lazy\" decoding=\"async\" style=\"display: inline; float: left;\" src=\"http:\/\/dublineventguide.com\/dff\/admin\/images\/weekly.png\" alt=\"\" width=\"69\" height=\"16\" \/> 12:00 &#8211; 18:00, Sun 30 Mar<\/h3>\n<p style=\"font-size: 13px; color: #534438; line-height: 20px; margin: 0; padding-top: 0;\">Science Gallery, Pearse Street, TCD, Dublin 2<\/p>\n<table width=\"100%\" cellspacing=\"0\" cellpadding=\"0\">\n<tbody>\n<tr>\n<td valign=\"top\">\n<div style=\"font-size: 13px; color: #534438; line-height: 20px;\">\n<p style=\"margin: 10px 0;\">The newest Science Gallery exhibition has the theme &#8220;Fail Better&#8221; and it will run from 07 Feb &#8211; 27 Apr. The title comes from Samuel Beckett&#8217;s &#8220;Ever tried. Ever failed. No matter. Try again. Fail again. Fail better.&#8221; and the exhibition looks at beautiful and instructive failures. The purpose is to open up a debate on the essential role of failure in human creativity, in technology, science, design, business and sport.<\/p>\n<p style=\"margin: 10px 0;\">20 unique exhibits, from a pair of explorer boots that caused Ranulph Fiennes to fail in an Everest attempt, via Christopher Reeve&#8217;s (Superman) original wheelchair, to a full-scale reconstruction of the the world&#8217;s worst or maddest invention: a big table that is meant to assist childbirth using centrifugal force.<\/p>\n<p style=\"margin: 10px 0;\">I visited the exhibition and I definitely recommend it. Age-wise, I would think that it is suitable for children from Age 12\/13 as long as the parents are prepared to read a good bit of explanatory text and then &#8220;translate&#8221; it for their children. There is no overly complicated stuff, but most of the exhibits are not self-explanatory. But there is a strong reason for bringing your kids: We have in general a negative attitude to Failure. This exhibition will help you to change that!<\/p>\n<p style=\"margin: 10px 0;\">Admission is free and opening hours are Tues-Fri 12:00-20:00 and Sat+Sun 12:00-18:00.<\/p>\n<\/div>\n<div style=\"font-size: 13px; color: #534438; line-height: 20px;\"><\/div>\n<p style=\"font-size: 13px; color: #534438; line-height: 20px;\"><a style=\"color: #cc2979; text-decoration: none;\" href=\"http:\/\/www.sciencegallery.com\/failbetter\">http:\/\/www.sciencegallery.com\/failbetter<\/a><\/p>\n<\/td>\n<td valign=\"top\"><\/td>\n<\/tr>\n<\/tbody>\n<\/table>\n<\/td>\n<\/tr>\n<\/tbody>\n<\/table>\n<\/td>\n<\/tr>\n<\/tbody>\n<\/table>\n<table width=\"100%\" cellspacing=\"0\" cellpadding=\"0\">\n<tbody>\n<tr>\n<td style=\"padding: 10px 30px;\">\n<table width=\"100%\" cellspacing=\"0\" cellpadding=\"0\">\n<tbody>\n<tr>\n<td valign=\"top\" width=\"52\"><img loading=\"lazy\" decoding=\"async\" src=\"http:\/\/dublineventguide.com\/dff\/admin\/images\/categories\/ACTIVITY.png\" alt=\"\" width=\"32\" height=\"32\" \/><\/td>\n<td>\n<h2 style=\"font-size: 16px; color: #534438; margin: 0 0 5px; font-weight: normal;\">Lady&amp;trans* Fest Dublin 2014<\/h2>\n<h3 style=\"font-size: 13px; margin: 0; padding: 0; line-height: 16px; color: #534438;\">12:00, Sun 30 Mar<\/h3>\n<p style=\"font-size: 13px; color: #534438; line-height: 20px; margin: 0; padding-top: 0;\">Dublin (various locations)<\/p>\n<table width=\"100%\" cellspacing=\"0\" cellpadding=\"0\">\n<tbody>\n<tr>\n<td valign=\"top\">\n<div style=\"font-size: 13px; color: #534438; line-height: 20px;\">\n<p style=\"margin: 10px 0;\">The Lady&amp;trans* Fest 2014 takes place from Fri 28 to Sun 30 March and there will be performances (music, theater, films, spoken word, and discussions) and workshops for all genders.<\/p>\n<p style=\"margin: 10px 0;\">The festival is a &#8220;qu eer\/feminist D.I.Y. weekender festival&#8221; with the goal to &#8220;help create a safer space for que ers and rebels&#8221; and to &#8220;help foster an environment of inclusivity, and awareness of intersectionality&#8221;.<\/p>\n<p style=\"margin: 10px 0;\">All events over the weekend are free.<\/p>\n<p style=\"margin: 10px 0;\">Venues are Seomra Spraoi (10 Belvedere Court), The Outhouse (105 Capel Street).<\/p>\n<p style=\"margin: 10px 0;\">Check out all events and workshops on the website below.<\/p>\n<\/div>\n<div style=\"font-size: 13px; color: #534438; line-height: 20px;\"><\/div>\n<p style=\"font-size: 13px; color: #534438; line-height: 20px;\"><a style=\"color: #cc2979; text-decoration: none;\" href=\"http:\/\/www.ladyfestdublin.wordpress.com\">http:\/\/www.ladyfestdublin.wordpress.com<\/a><\/p>\n<\/td>\n<td valign=\"top\"><\/td>\n<\/tr>\n<\/tbody>\n<\/table>\n<\/td>\n<\/tr>\n<\/tbody>\n<\/table>\n<\/td>\n<\/tr>\n<\/tbody>\n<\/table>\n<table width=\"100%\" cellspacing=\"0\" cellpadding=\"0\">\n<tbody>\n<tr>\n<td style=\"padding: 10px 30px;\">\n<table width=\"100%\" cellspacing=\"0\" cellpadding=\"0\">\n<tbody>\n<tr>\n<td valign=\"top\" width=\"52\"><img loading=\"lazy\" decoding=\"async\" src=\"http:\/\/dublineventguide.com\/dff\/admin\/images\/categories\/MARKETS.png\" alt=\"\" width=\"32\" height=\"32\" \/><\/td>\n<td>\n<h2 style=\"font-size: 16px; color: #534438; margin: 0 0 5px; font-weight: normal;\">Made by Hand &#8211; Market<\/h2>\n<h3 style=\"font-size: 13px; margin: 0; padding: 0; line-height: 16px; color: #534438;\"><img loading=\"lazy\" decoding=\"async\" style=\"display: inline; float: left;\" src=\"http:\/\/dublineventguide.com\/dff\/admin\/images\/weekly.png\" alt=\"\" width=\"69\" height=\"16\" \/> 12:00 &#8211; 17:00, Sun 30 Mar<\/h3>\n<p style=\"font-size: 13px; color: #534438; line-height: 20px; margin: 0; padding-top: 0;\">Viva, 27 South Richmond Street, Portobello<\/p>\n<table width=\"100%\" cellspacing=\"0\" cellpadding=\"0\">\n<tbody>\n<tr>\n<td valign=\"top\">\n<div style=\"font-size: 13px; color: #534438; line-height: 20px;\">\n<p style=\"margin: 10px 0;\">&#8220;Made by Hand&#8221; or &#8220;Hecho a manos&#8221; is a new Sunday weekly market in Viva, Portobello with most things made by hand and some vintage clothing and curiosities too. Admission is free.<\/p>\n<\/div>\n<div style=\"font-size: 13px; color: #534438; line-height: 20px;\"><\/div>\n<p style=\"font-size: 13px; color: #534438; line-height: 20px;\"><a style=\"color: #cc2979; text-decoration: none;\" href=\"https:\/\/www.facebook.com\/events\/623874574328582\">https:\/\/www.facebook.com\/events\/623874574328582<\/a><\/p>\n<\/td>\n<td valign=\"top\"><\/td>\n<\/tr>\n<\/tbody>\n<\/table>\n<\/td>\n<\/tr>\n<\/tbody>\n<\/table>\n<\/td>\n<\/tr>\n<\/tbody>\n<\/table>\n<table width=\"100%\" cellspacing=\"0\" cellpadding=\"0\">\n<tbody>\n<tr>\n<td style=\"padding: 10px 30px;\">\n<table width=\"100%\" cellspacing=\"0\" cellpadding=\"0\">\n<tbody>\n<tr>\n<td valign=\"top\" width=\"52\"><img loading=\"lazy\" decoding=\"async\" src=\"http:\/\/dublineventguide.com\/dff\/admin\/images\/categories\/MARKETS.png\" alt=\"\" width=\"32\" height=\"32\" \/><\/td>\n<td>\n<h2 style=\"font-size: 16px; color: #534438; margin: 0 0 5px; font-weight: normal;\">Mother Redcap&#8217;s Indoor Market<\/h2>\n<h3 style=\"font-size: 13px; margin: 0; padding: 0; line-height: 16px; color: #534438;\"><img loading=\"lazy\" decoding=\"async\" style=\"display: inline; float: left;\" src=\"http:\/\/dublineventguide.com\/dff\/admin\/images\/weekly.png\" alt=\"\" width=\"69\" height=\"16\" \/> 12:00 &#8211; 17:30, Sun 30 Mar<\/h3>\n<p style=\"font-size: 13px; color: #534438; line-height: 20px; margin: 0; padding-top: 0;\">Unit 95, Malahide Road Industrial Park, Malahide Road, Coolock, Dublin 17<\/p>\n<table width=\"100%\" cellspacing=\"0\" cellpadding=\"0\">\n<tbody>\n<tr>\n<td valign=\"top\">\n<div style=\"font-size: 13px; color: #534438; line-height: 20px;\">\n<p style=\"margin: 10px 0;\">An indoor market in Coolock with over 40 traders with a wide range of goods and a caf\u00e9 on site as well.<\/p>\n<\/div>\n<div style=\"font-size: 13px; color: #534438; line-height: 20px;\"><\/div>\n<p style=\"font-size: 13px; color: #534438; line-height: 20px;\"><a style=\"color: #cc2979; text-decoration: none;\" href=\"https:\/\/www.facebook.com\/MotherRedcaps.Market\">https:\/\/www.facebook.com\/MotherRedcaps.Market<\/a><\/p>\n<\/td>\n<td valign=\"top\"><\/td>\n<\/tr>\n<\/tbody>\n<\/table>\n<\/td>\n<\/tr>\n<\/tbody>\n<\/table>\n<\/td>\n<\/tr>\n<\/tbody>\n<\/table>\n<table width=\"100%\" cellspacing=\"0\" cellpadding=\"0\">\n<tbody>\n<tr>\n<td style=\"padding: 10px 30px;\">\n<table width=\"100%\" cellspacing=\"0\" cellpadding=\"0\">\n<tbody>\n<tr>\n<td valign=\"top\" width=\"52\"><img loading=\"lazy\" decoding=\"async\" src=\"http:\/\/dublineventguide.com\/dff\/admin\/images\/categories\/MUSIC.png\" alt=\"\" width=\"32\" height=\"32\" \/><\/td>\n<td>\n<h2 style=\"font-size: 16px; color: #534438; margin: 0 0 5px; font-weight: normal;\">Sunday at Noon<\/h2>\n<h3 style=\"font-size: 13px; margin: 0; padding: 0; line-height: 16px; color: #534438;\"><img loading=\"lazy\" decoding=\"async\" style=\"display: inline; float: left;\" src=\"http:\/\/dublineventguide.com\/dff\/admin\/images\/weekly.png\" alt=\"\" width=\"69\" height=\"16\" \/> 12:00 &#8211; 13:00, Sun 30 Mar<\/h3>\n<p style=\"font-size: 13px; color: #534438; line-height: 20px; margin: 0; padding-top: 0;\">Hugh Lane Gallery, Parnell Square North, Dublin 1<\/p>\n<table width=\"100%\" cellspacing=\"0\" cellpadding=\"0\">\n<tbody>\n<tr>\n<td valign=\"top\">\n<div style=\"font-size: 13px; color: #534438; line-height: 20px;\">\n<p style=\"margin: 10px 0;\">The Sundays at Noon Concert Series continues in the Sculpture Gallery at the Hugh Lane Gallery. This series of free (mainly classical) concerts continues to present the best of Irish and International music and musicians. Concerts run from September to June. The next concert will be part of the Five Lamps Festival: Julie Maisel, Flute, Edward Holley. Piano and Alan Grundy, Guitar will perform with a Flute Quartet.<\/p>\n<\/div>\n<div style=\"font-size: 13px; color: #534438; line-height: 20px;\"><\/div>\n<p style=\"font-size: 13px; color: #534438; line-height: 20px;\"><a style=\"color: #cc2979; text-decoration: none;\" href=\"http:\/\/www.hughlane.ie\/past-sunday-concerts\/1108-sundaysnoon-5-lamps-festival\">http:\/\/www.hughlane.ie\/past-sunday-concerts\/1108-sundaysnoon-5-lamps-festival<\/a><\/p>\n<\/td>\n<td valign=\"top\"><\/td>\n<\/tr>\n<\/tbody>\n<\/table>\n<\/td>\n<\/tr>\n<\/tbody>\n<\/table>\n<\/td>\n<\/tr>\n<\/tbody>\n<\/table>\n<table width=\"100%\" cellspacing=\"0\" cellpadding=\"0\">\n<tbody>\n<tr>\n<td style=\"padding: 10px 30px;\">\n<table width=\"100%\" cellspacing=\"0\" cellpadding=\"0\">\n<tbody>\n<tr>\n<td valign=\"top\" width=\"52\"><img loading=\"lazy\" decoding=\"async\" src=\"http:\/\/dublineventguide.com\/dff\/admin\/images\/categories\/ART.png\" alt=\"\" width=\"32\" height=\"32\" \/><\/td>\n<td>\n<h2 style=\"font-size: 16px; color: #534438; margin: 0 0 5px; font-weight: normal;\">Dublin Sketchers &#8211; Sunday Meet-up<\/h2>\n<h3 style=\"font-size: 13px; margin: 0; padding: 0; line-height: 16px; color: #534438;\"><img loading=\"lazy\" decoding=\"async\" style=\"display: inline; float: left;\" src=\"http:\/\/dublineventguide.com\/dff\/admin\/images\/weekly.png\" alt=\"\" width=\"69\" height=\"16\" \/> 14:00, Sun 30 Mar<\/h3>\n<p style=\"font-size: 13px; color: #534438; line-height: 20px; margin: 0; padding-top: 0;\">Dublin (various locations)<\/p>\n<table width=\"100%\" cellspacing=\"0\" cellpadding=\"0\">\n<tbody>\n<tr>\n<td valign=\"top\">\n<div style=\"font-size: 13px; color: #534438; line-height: 20px;\">\n<p style=\"margin: 10px 0;\">The &#8220;Dublin Sketchers&#8221; is an informal group of (hobby) artists who go somewhere different in Dublin every Sunday (e.g. National Museum, Maritime Museum, Dublin Flea Market, Farmleigh, Botanic Gardens, Dublin Castle, Science Gallery, &#8230;), sketch for one to two hours and then meet up for coffee afterwards and discuss their sketches.<\/p>\n<p>There are some hugely talented people among them and it is a great idea to meet up with others who have the same hobby. Find out on their website below or on their <a style=\"color: #cc2979; text-decoration: none;\" href=\"https:\/\/www.facebook.com\/dublin.sketchers\" target=\"_blank\">Facebook Page<\/a> where they will meet and join them if you do some sketching\/drawing yourself. I know that the Dublin Sketchers often use the Dublin Event Guide to find interesting free events and I am delighted to be able to help!<\/p>\n<\/div>\n<div style=\"font-size: 13px; color: #534438; line-height: 20px;\"><\/div>\n<p style=\"font-size: 13px; color: #534438; line-height: 20px;\"><a style=\"color: #cc2979; text-decoration: none;\" href=\"http:\/\/www.dublinsketchers.blogspot.com\/\">http:\/\/www.dublinsketchers.blogspot.com\/<\/a><\/p>\n<\/td>\n<td valign=\"top\"><\/td>\n<\/tr>\n<\/tbody>\n<\/table>\n<\/td>\n<\/tr>\n<\/tbody>\n<\/table>\n<\/td>\n<\/tr>\n<\/tbody>\n<\/table>\n<table width=\"100%\" cellspacing=\"0\" cellpadding=\"0\">\n<tbody>\n<tr>\n<td style=\"padding: 10px 30px;\">\n<table width=\"100%\" cellspacing=\"0\" cellpadding=\"0\">\n<tbody>\n<tr>\n<td valign=\"top\" width=\"52\"><img loading=\"lazy\" decoding=\"async\" src=\"http:\/\/dublineventguide.com\/dff\/admin\/images\/categories\/MUSIC.png\" alt=\"\" width=\"32\" height=\"32\" \/><\/td>\n<td>\n<h2 style=\"font-size: 16px; color: #534438; margin: 0 0 5px; font-weight: normal;\">Jazz for Mother&#8217;s Day<\/h2>\n<h3 style=\"font-size: 13px; margin: 0; padding: 0; line-height: 16px; color: #534438;\">14:00 &#8211; 16:30, Sun 30 Mar<\/h3>\n<p style=\"font-size: 13px; color: #534438; line-height: 20px; margin: 0; padding-top: 0;\">Powerscourt Centre, 59 South William Street, Dublin 2<\/p>\n<table width=\"100%\" cellspacing=\"0\" cellpadding=\"0\">\n<tbody>\n<tr>\n<td valign=\"top\">\n<div style=\"font-size: 13px; color: #534438; line-height: 20px;\">\n<p style=\"margin: 10px 0;\">Kevin Morrow (vocals) and Luke Dunford (piano) will perform Jazz in the Powerscourt Centre. Admission is free.<\/p>\n<\/div>\n<div style=\"font-size: 13px; color: #534438; line-height: 20px;\"><\/div>\n<p style=\"font-size: 13px; color: #534438; line-height: 20px;\"><a style=\"color: #cc2979; text-decoration: none;\" href=\"http:\/\/www.powerscourtcentre.com\/\">http:\/\/www.powerscourtcentre.com\/<\/a><\/p>\n<\/td>\n<td valign=\"top\"><\/td>\n<\/tr>\n<\/tbody>\n<\/table>\n<\/td>\n<\/tr>\n<\/tbody>\n<\/table>\n<\/td>\n<\/tr>\n<\/tbody>\n<\/table>\n<table width=\"100%\" cellspacing=\"0\" cellpadding=\"0\">\n<tbody>\n<tr>\n<td style=\"padding: 10px 30px;\">\n<table width=\"100%\" cellspacing=\"0\" cellpadding=\"0\">\n<tbody>\n<tr>\n<td valign=\"top\" width=\"52\"><img loading=\"lazy\" decoding=\"async\" src=\"http:\/\/dublineventguide.com\/dff\/admin\/images\/categories\/ACTIVITY.png\" alt=\"\" width=\"32\" height=\"32\" \/><\/td>\n<td>\n<h2 style=\"font-size: 16px; color: #534438; margin: 0 0 5px; font-weight: normal;\">Polish Guided Tour &#8211; National Print Museum<\/h2>\n<h3 style=\"font-size: 13px; margin: 0; padding: 0; line-height: 16px; color: #534438;\">14:00 &#8211; 15:00, Sun 30 Mar<\/h3>\n<p style=\"font-size: 13px; color: #534438; line-height: 20px; margin: 0; padding-top: 0;\">National Print Museum, Beggars Bush, Haddington Road, Dublin 4<\/p>\n<table width=\"100%\" cellspacing=\"0\" cellpadding=\"0\">\n<tbody>\n<tr>\n<td valign=\"top\">\n<div style=\"font-size: 13px; color: #534438; line-height: 20px;\">\n<p style=\"margin: 10px 0;\">A free guided tour in Polish will take place at the National Print Museum. No booking required.<\/p>\n<\/div>\n<div style=\"font-size: 13px; color: #534438; line-height: 20px;\"><\/div>\n<p style=\"font-size: 13px; color: #534438; line-height: 20px;\"><a style=\"color: #cc2979; text-decoration: none;\" href=\"http:\/\/www.nationalprintmuseum.ie\/\">http:\/\/www.nationalprintmuseum.ie\/<\/a><\/p>\n<\/td>\n<td valign=\"top\"><\/td>\n<\/tr>\n<\/tbody>\n<\/table>\n<\/td>\n<\/tr>\n<\/tbody>\n<\/table>\n<\/td>\n<\/tr>\n<\/tbody>\n<\/table>\n<table width=\"100%\" cellspacing=\"0\" cellpadding=\"0\">\n<tbody>\n<tr>\n<td style=\"padding: 10px 30px;\">\n<table width=\"100%\" cellspacing=\"0\" cellpadding=\"0\">\n<tbody>\n<tr>\n<td valign=\"top\" width=\"52\"><img loading=\"lazy\" decoding=\"async\" src=\"http:\/\/dublineventguide.com\/dff\/admin\/images\/categories\/MUSIC.png\" alt=\"\" width=\"32\" height=\"32\" \/><\/td>\n<td>\n<h2 style=\"font-size: 16px; color: #534438; margin: 0 0 5px; font-weight: normal;\">Stella Bass Jazz Trio<\/h2>\n<h3 style=\"font-size: 13px; margin: 0; padding: 0; line-height: 16px; color: #534438;\"><img loading=\"lazy\" decoding=\"async\" style=\"display: inline; float: left;\" src=\"http:\/\/dublineventguide.com\/dff\/admin\/images\/weekly.png\" alt=\"\" width=\"69\" height=\"16\" \/> 14:00 &#8211; 16:00, Sun 30 Mar<\/h3>\n<p style=\"font-size: 13px; color: #534438; line-height: 20px; margin: 0; padding-top: 0;\">Caf\u00e9 en Seine, Dawson Street, Dublin 2<\/p>\n<table width=\"100%\" cellspacing=\"0\" cellpadding=\"0\">\n<tbody>\n<tr>\n<td valign=\"top\">\n<div style=\"font-size: 13px; color: #534438; line-height: 20px;\">\n<p>Afternoon Jazz in Caf\u00e9 en Seine. The Stella Bass Jazz Trio play every Sunday from 14:00-16:00 in Caf\u00e9 en Seine in Dawson Street. Admission is free. A video is here <a style=\"color: #cc2979; text-decoration: none;\" href=\"http:\/\/www.youtube.com\/watch?v=l8aKqtOB5S8\">http:\/\/www.youtube.com\/watch?v=l8aKqtOB5S8<\/a><\/p>\n<\/div>\n<div style=\"font-size: 13px; color: #534438; line-height: 20px;\"><\/div>\n<p style=\"font-size: 13px; color: #534438; line-height: 20px;\"><a style=\"color: #cc2979; text-decoration: none;\" href=\"http:\/\/www.stellabass.com\">http:\/\/www.stellabass.com<\/a><\/p>\n<\/td>\n<td valign=\"top\"><\/td>\n<\/tr>\n<\/tbody>\n<\/table>\n<\/td>\n<\/tr>\n<\/tbody>\n<\/table>\n<\/td>\n<\/tr>\n<\/tbody>\n<\/table>\n<table width=\"100%\" cellspacing=\"0\" cellpadding=\"0\">\n<tbody>\n<tr>\n<td style=\"padding: 10px 30px;\">\n<table width=\"100%\" cellspacing=\"0\" cellpadding=\"0\">\n<tbody>\n<tr>\n<td valign=\"top\" width=\"52\"><img loading=\"lazy\" decoding=\"async\" src=\"http:\/\/dublineventguide.com\/dff\/admin\/images\/categories\/ACTIVITY.png\" alt=\"\" width=\"32\" height=\"32\" \/><\/td>\n<td>\n<h2 style=\"font-size: 16px; color: #534438; margin: 0 0 5px; font-weight: normal;\">Wild Play &#8211; Muddy, messy and fun!<\/h2>\n<h3 style=\"font-size: 13px; margin: 0; padding: 0; line-height: 16px; color: #534438;\">14:00 &#8211; 15:30, Sun 30 Mar<\/h3>\n<p style=\"font-size: 13px; color: #534438; line-height: 20px; margin: 0; padding-top: 0;\">Marlay Park, Rathfarnham, Dublin 16<\/p>\n<table width=\"100%\" cellspacing=\"0\" cellpadding=\"0\">\n<tbody>\n<tr>\n<td valign=\"top\">\n<div style=\"font-size: 13px; color: #534438; line-height: 20px;\">\n<p>&#8220;Wild Play&#8221; will take place on Sunday. And the event is described likes this &#8220;For the wild at heart. Join us as we naturally play in the<br \/>\nwoods, climbing over trees, jumping across logs, wading through ditches. For the children who like to get wet and muddy.&#8221;<\/p>\n<p style=\"margin: 10px 0;\">Admission is free, but booking is required as spaces are limited. Contact Andrew on 087 3299936 or email info@owls.ie<\/p>\n<\/div>\n<div style=\"font-size: 13px; color: #534438; line-height: 20px;\"><\/div>\n<p style=\"font-size: 13px; color: #534438; line-height: 20px;\"><a style=\"color: #cc2979; text-decoration: none;\" href=\"http:\/\/www.dlrevents.ie\/bio114.html\">http:\/\/www.dlrevents.ie\/bio114.html<\/a><\/p>\n<\/td>\n<td valign=\"top\"><\/td>\n<\/tr>\n<\/tbody>\n<\/table>\n<\/td>\n<\/tr>\n<\/tbody>\n<\/table>\n<\/td>\n<\/tr>\n<\/tbody>\n<\/table>\n<table width=\"100%\" cellspacing=\"0\" cellpadding=\"0\">\n<tbody>\n<tr>\n<td style=\"padding: 10px 30px;\">\n<table width=\"100%\" cellspacing=\"0\" cellpadding=\"0\">\n<tbody>\n<tr>\n<td valign=\"top\" width=\"52\"><img loading=\"lazy\" decoding=\"async\" src=\"http:\/\/dublineventguide.com\/dff\/admin\/images\/categories\/KIDS.png\" alt=\"\" width=\"32\" height=\"32\" \/><\/td>\n<td>\n<h2 style=\"font-size: 16px; color: #534438; margin: 0 0 5px; font-weight: normal;\">Family Drawing Sundays<\/h2>\n<h3 style=\"font-size: 13px; margin: 0; padding: 0; line-height: 16px; color: #534438;\"><img loading=\"lazy\" decoding=\"async\" style=\"display: inline; float: left;\" src=\"http:\/\/dublineventguide.com\/dff\/admin\/images\/weekly.png\" alt=\"\" width=\"69\" height=\"16\" \/> 14:30 &#8211; 16:30, Sun 30 Mar<\/h3>\n<p style=\"font-size: 13px; color: #534438; line-height: 20px; margin: 0; padding-top: 0;\">Royal Hibernian Academy, 15 Ely Place, Dublin 2<\/p>\n<table width=\"100%\" cellspacing=\"0\" cellpadding=\"0\">\n<tbody>\n<tr>\n<td valign=\"top\">\n<div style=\"font-size: 13px; color: #534438; line-height: 20px;\">\n<p><span class=\"subheads\">Come to the Family Drawing Sundays<\/span> in the RHA. All children are welcome to use the RHA Art Cart, in the RHA Atrium. Admission is free. For further information, contact Ruth Carroll on 01 6612558 or via ruth@rhagallery.ie<\/p>\n<\/div>\n<div style=\"font-size: 13px; color: #534438; line-height: 20px;\"><\/div>\n<p style=\"font-size: 13px; color: #534438; line-height: 20px;\"><a style=\"color: #cc2979; text-decoration: none;\" href=\"http:\/\/www.rhagallery.ie\/html\/educate\/educate_family.html\">http:\/\/www.rhagallery.ie\/html\/educate\/educate_family.html<\/a><\/p>\n<\/td>\n<td valign=\"top\"><\/td>\n<\/tr>\n<\/tbody>\n<\/table>\n<\/td>\n<\/tr>\n<\/tbody>\n<\/table>\n<\/td>\n<\/tr>\n<\/tbody>\n<\/table>\n<table width=\"100%\" cellspacing=\"0\" cellpadding=\"0\">\n<tbody>\n<tr>\n<td style=\"padding: 10px 30px;\">\n<table width=\"100%\" cellspacing=\"0\" cellpadding=\"0\">\n<tbody>\n<tr>\n<td valign=\"top\" width=\"52\"><img loading=\"lazy\" decoding=\"async\" src=\"http:\/\/dublineventguide.com\/dff\/admin\/images\/categories\/MUSIC.png\" alt=\"\" width=\"32\" height=\"32\" \/><\/td>\n<td>\n<h2 style=\"font-size: 16px; color: #534438; margin: 0 0 5px; font-weight: normal;\">Up close with Music 2014<\/h2>\n<h3 style=\"font-size: 13px; margin: 0; padding: 0; line-height: 16px; color: #534438;\">14:30 &#8211; 16:30, Sun 30 Mar<\/h3>\n<p style=\"font-size: 13px; color: #534438; line-height: 20px; margin: 0; padding-top: 0;\">RHA Gallery, Ely Place, Dublin 2<\/p>\n<table width=\"100%\" cellspacing=\"0\" cellpadding=\"0\">\n<tbody>\n<tr>\n<td valign=\"top\">\n<div style=\"font-size: 13px; color: #534438; line-height: 20px;\">\n<p style=\"margin: 10px 0;\">Up Close with Music features new Irish music in an international context. The Galway Ensemble in Residence: ConTempo Quartet join Concorde in a collaboration between the two ensembles.<\/p>\n<p style=\"margin: 10px 0;\">Performances take place at 14:30 and at 15:45. All details about this free event are on the website below.<\/p>\n<\/div>\n<div style=\"font-size: 13px; color: #534438; line-height: 20px;\"><\/div>\n<p style=\"font-size: 13px; color: #534438; line-height: 20px;\"><a style=\"color: #cc2979; text-decoration: none;\" href=\"http:\/\/cmcireland.wordpress.com\/2014\/03\/11\/up-close-with-music-march-2\/\">http:\/\/cmcireland.wordpress.com\/2014\/03\/11\/up-close-with-music-march-2\/<\/a><\/p>\n<\/td>\n<td valign=\"top\"><\/td>\n<\/tr>\n<\/tbody>\n<\/table>\n<\/td>\n<\/tr>\n<\/tbody>\n<\/table>\n<\/td>\n<\/tr>\n<\/tbody>\n<\/table>\n<table width=\"100%\" cellspacing=\"0\" cellpadding=\"0\">\n<tbody>\n<tr>\n<td style=\"padding: 10px 30px;\">\n<table width=\"100%\" cellspacing=\"0\" cellpadding=\"0\">\n<tbody>\n<tr>\n<td valign=\"top\" width=\"52\"><img loading=\"lazy\" decoding=\"async\" src=\"http:\/\/dublineventguide.com\/dff\/admin\/images\/categories\/ACTIVITY.png\" alt=\"\" width=\"32\" height=\"32\" \/><\/td>\n<td>\n<h2 style=\"font-size: 16px; color: #534438; margin: 0 0 5px; font-weight: normal;\">Museum Tour &#8211; National Print Museum<\/h2>\n<h3 style=\"font-size: 13px; margin: 0; padding: 0; line-height: 16px; color: #534438;\"><img loading=\"lazy\" decoding=\"async\" style=\"display: inline; float: left;\" src=\"http:\/\/dublineventguide.com\/dff\/admin\/images\/weekly.png\" alt=\"\" width=\"69\" height=\"16\" \/> 15:00 &#8211; 16:30, Sun 30 Mar<\/h3>\n<p style=\"font-size: 13px; color: #534438; line-height: 20px; margin: 0; padding-top: 0;\">National Print Museum, Beggars Bush, Haddington Road, Dublin 4<\/p>\n<table width=\"100%\" cellspacing=\"0\" cellpadding=\"0\">\n<tbody>\n<tr>\n<td valign=\"top\">\n<div style=\"font-size: 13px; color: #534438; line-height: 20px;\">\n<p style=\"margin: 10px 0;\">Unlike the three branches of the National Museum, the National Print Museum is normally not free, but every Sunday there is a free public tour for the next few weeks. Every visit begins with a short audio-visual presentation where the audience can observe active retired printers providing practical demonstrations of machines from the Museum\u2019s collection.<\/p>\n<\/div>\n<div style=\"font-size: 13px; color: #534438; line-height: 20px;\"><\/div>\n<p style=\"font-size: 13px; color: #534438; line-height: 20px;\"><a style=\"color: #cc2979; text-decoration: none;\" href=\"www.nationalprintmuseum.ie\/guided-tours.html\">www.nationalprintmuseum.ie\/guided-tours.html<\/a><\/p>\n<\/td>\n<td valign=\"top\"><\/td>\n<\/tr>\n<\/tbody>\n<\/table>\n<\/td>\n<\/tr>\n<\/tbody>\n<\/table>\n<\/td>\n<\/tr>\n<\/tbody>\n<\/table>\n<table width=\"100%\" cellspacing=\"0\" cellpadding=\"0\">\n<tbody>\n<tr>\n<td style=\"padding: 10px 30px;\">\n<table width=\"100%\" cellspacing=\"0\" cellpadding=\"0\">\n<tbody>\n<tr>\n<td valign=\"top\" width=\"52\"><img loading=\"lazy\" decoding=\"async\" src=\"http:\/\/dublineventguide.com\/dff\/admin\/images\/categories\/MUSIC.png\" alt=\"\" width=\"32\" height=\"32\" \/><\/td>\n<td>\n<h2 style=\"font-size: 16px; color: #534438; margin: 0 0 5px; font-weight: normal;\">Sunshine Cafe &#8211; Sunday Jazz<\/h2>\n<h3 style=\"font-size: 13px; margin: 0; padding: 0; line-height: 16px; color: #534438;\"><img loading=\"lazy\" decoding=\"async\" style=\"display: inline; float: left;\" src=\"http:\/\/dublineventguide.com\/dff\/admin\/images\/weekly.png\" alt=\"\" width=\"69\" height=\"16\" \/> 15:00 &#8211; 18:00, Sun 30 Mar<\/h3>\n<p style=\"font-size: 13px; color: #534438; line-height: 20px; margin: 0; padding-top: 0;\">Sunshine Cafe, 107 Lower George&#8217;s St, Dun Laoghaire, Co. Dublin<\/p>\n<table width=\"100%\" cellspacing=\"0\" cellpadding=\"0\">\n<tbody>\n<tr>\n<td valign=\"top\">\n<div style=\"font-size: 13px; color: #534438; line-height: 20px;\">\n<p style=\"margin: 10px 0;\">A weekly Jazz gig will take place in the Sunshine Cafe for your Sunday afternoon entertainment. The Jazzwise Duo (piano and double bass) play classic jazz including Broadway standards, Bossa Nova, Blues etc<\/p>\n<\/div>\n<div style=\"font-size: 13px; color: #534438; line-height: 20px;\"><\/div>\n<\/td>\n<td valign=\"top\"><\/td>\n<\/tr>\n<\/tbody>\n<\/table>\n<\/td>\n<\/tr>\n<\/tbody>\n<\/table>\n<\/td>\n<\/tr>\n<\/tbody>\n<\/table>\n<table width=\"100%\" cellspacing=\"0\" cellpadding=\"0\">\n<tbody>\n<tr>\n<td style=\"padding: 10px 30px;\">\n<table width=\"100%\" cellspacing=\"0\" cellpadding=\"0\">\n<tbody>\n<tr>\n<td valign=\"top\" width=\"52\"><img loading=\"lazy\" decoding=\"async\" src=\"http:\/\/dublineventguide.com\/dff\/admin\/images\/categories\/MUSIC.png\" alt=\"\" width=\"32\" height=\"32\" \/><\/td>\n<td>\n<h2 style=\"font-size: 16px; color: #534438; margin: 0 0 5px; font-weight: normal;\">LJJ Band &#8211; Cafe en Seine<\/h2>\n<h3 style=\"font-size: 13px; margin: 0; padding: 0; line-height: 16px; color: #534438;\"><img loading=\"lazy\" decoding=\"async\" style=\"display: inline; float: left;\" src=\"http:\/\/dublineventguide.com\/dff\/admin\/images\/weekly.png\" alt=\"\" width=\"69\" height=\"16\" \/> 18:00 &#8211; 20:00, Sun 30 Mar<\/h3>\n<p style=\"font-size: 13px; color: #534438; line-height: 20px; margin: 0; padding-top: 0;\">Caf\u00e9 en Seine, Dawson Street, Dublin 2<\/p>\n<table width=\"100%\" cellspacing=\"0\" cellpadding=\"0\">\n<tbody>\n<tr>\n<td valign=\"top\">\n<div style=\"font-size: 13px; color: #534438; line-height: 20px;\">\n<p style=\"margin: 10px 0;\">The wedding and party band The LJJ Band play every Sunday evening in Caf\u00e9 en Seine. Admission is free.<\/p>\n<\/div>\n<div style=\"font-size: 13px; color: #534438; line-height: 20px;\"><\/div>\n<p style=\"font-size: 13px; color: #534438; line-height: 20px;\"><a style=\"color: #cc2979; text-decoration: none;\" href=\"http:\/\/www.longjohnjumpband.com\/\">http:\/\/www.longjohnjumpband.com\/<\/a><\/p>\n<\/td>\n<td valign=\"top\"><\/td>\n<\/tr>\n<\/tbody>\n<\/table>\n<\/td>\n<\/tr>\n<\/tbody>\n<\/table>\n<\/td>\n<\/tr>\n<\/tbody>\n<\/table>\n<table width=\"100%\" cellspacing=\"0\" cellpadding=\"0\">\n<tbody>\n<tr>\n<td style=\"padding: 10px 30px;\">\n<table width=\"100%\" cellspacing=\"0\" cellpadding=\"0\">\n<tbody>\n<tr>\n<td valign=\"top\" width=\"52\"><img loading=\"lazy\" decoding=\"async\" src=\"http:\/\/dublineventguide.com\/dff\/admin\/images\/categories\/MUSIC.png\" alt=\"\" width=\"32\" height=\"32\" \/><\/td>\n<td>\n<h2 style=\"font-size: 16px; color: #534438; margin: 0 0 5px; font-weight: normal;\">Sweeney&#8217;s Dixieland Jazzmen<\/h2>\n<h3 style=\"font-size: 13px; margin: 0; padding: 0; line-height: 16px; color: #534438;\"><img loading=\"lazy\" decoding=\"async\" style=\"display: inline; float: left;\" src=\"http:\/\/dublineventguide.com\/dff\/admin\/images\/weekly.png\" alt=\"\" width=\"69\" height=\"16\" \/> 18:30 &#8211; 20:30, Sun 30 Mar<\/h3>\n<p style=\"font-size: 13px; color: #534438; line-height: 20px; margin: 0; padding-top: 0;\">Sweeney Mongrel&#8217;s, 32 Dame Street, Dublin 2<\/p>\n<table width=\"100%\" cellspacing=\"0\" cellpadding=\"0\">\n<tbody>\n<tr>\n<td valign=\"top\">\n<div style=\"font-size: 13px; color: #534438; line-height: 20px;\">\n<p style=\"margin: 10px 0;\">The Sweeney&#8217;s Dixeland Jazzmen play their weekly gig on the ground floor in Sweeney&#8217;s. Admission is free.<\/p>\n<\/div>\n<div style=\"font-size: 13px; color: #534438; line-height: 20px;\"><\/div>\n<p style=\"font-size: 13px; color: #534438; line-height: 20px;\"><a style=\"color: #cc2979; text-decoration: none;\" href=\"http:\/\/www.dublinsessions.ie\/sweeneys.html\">http:\/\/www.dublinsessions.ie\/sweeneys.html<\/a><\/p>\n<\/td>\n<td valign=\"top\"><\/td>\n<\/tr>\n<\/tbody>\n<\/table>\n<\/td>\n<\/tr>\n<\/tbody>\n<\/table>\n<\/td>\n<\/tr>\n<\/tbody>\n<\/table>\n<table width=\"100%\" cellspacing=\"0\" cellpadding=\"0\">\n<tbody>\n<tr>\n<td style=\"padding: 10px 30px;\">\n<table width=\"100%\" cellspacing=\"0\" cellpadding=\"0\">\n<tbody>\n<tr>\n<td valign=\"top\" width=\"52\"><img loading=\"lazy\" decoding=\"async\" src=\"http:\/\/dublineventguide.com\/dff\/admin\/images\/categories\/MUSIC.png\" alt=\"\" width=\"32\" height=\"32\" \/><\/td>\n<td>\n<h2 style=\"font-size: 16px; color: #534438; margin: 0 0 5px; font-weight: normal;\">Saucy Sundays<\/h2>\n<h3 style=\"font-size: 13px; margin: 0; padding: 0; line-height: 16px; color: #534438;\"><img loading=\"lazy\" decoding=\"async\" style=\"display: inline; float: left;\" src=\"http:\/\/dublineventguide.com\/dff\/admin\/images\/weekly.png\" alt=\"\" width=\"69\" height=\"16\" \/> 19:00 &#8211; 23:00, Sun 30 Mar<\/h3>\n<p style=\"font-size: 13px; color: #534438; line-height: 20px; margin: 0; padding-top: 0;\">Grand Social, Lower Liffey Street (near Ha&#8217;Penny Bridge), Dublin 1<\/p>\n<table width=\"100%\" cellspacing=\"0\" cellpadding=\"0\">\n<tbody>\n<tr>\n<td valign=\"top\">\n<div style=\"font-size: 13px; color: #534438; line-height: 20px;\">\n<p style=\"margin: 10px 0;\">Saucy Sundays is a weekly free live music afternoon and evening in the Grand Social. The line-up and links to all bands\/performers are available via the Saucy Sundays Facebook Page (see link below). Im short, the line-up is Sarah Something, Cash is King, Silences, B &amp; The Honey Boy, White Rash &amp; The Spear Headed Sparrow Hawks, Karencia.<\/p>\n<p><a style=\"color: #cc2979; text-decoration: none;\" href=\"https:\/\/www.facebook.com\/events\/1396012280672720\/\" target=\"_blank\">https:\/\/www.facebook.com\/events\/1396012280672720\/<\/a><\/p>\n<\/div>\n<div style=\"font-size: 13px; color: #534438; line-height: 20px;\"><\/div>\n<p style=\"font-size: 13px; color: #534438; line-height: 20px;\"><a style=\"color: #cc2979; text-decoration: none;\" href=\"https:\/\/www.facebook.com\/saucy.sundays\">https:\/\/www.facebook.com\/saucy.sundays<\/a><\/p>\n<\/td>\n<td valign=\"top\"><\/td>\n<\/tr>\n<\/tbody>\n<\/table>\n<\/td>\n<\/tr>\n<\/tbody>\n<\/table>\n<\/td>\n<\/tr>\n<\/tbody>\n<\/table>\n<table width=\"100%\" cellspacing=\"0\" cellpadding=\"0\">\n<tbody>\n<tr>\n<td style=\"padding: 10px 30px;\">\n<table width=\"100%\" cellspacing=\"0\" cellpadding=\"0\">\n<tbody>\n<tr>\n<td valign=\"top\" width=\"52\"><img loading=\"lazy\" decoding=\"async\" src=\"http:\/\/dublineventguide.com\/dff\/admin\/images\/categories\/MUSIC.png\" alt=\"\" width=\"32\" height=\"32\" \/><\/td>\n<td>\n<h2 style=\"font-size: 16px; color: #534438; margin: 0 0 5px; font-weight: normal;\">The Dublin Blues Cartel &#8211; Gig<\/h2>\n<h3 style=\"font-size: 13px; margin: 0; padding: 0; line-height: 16px; color: #534438;\">19:00, Sun 30 Mar<\/h3>\n<p style=\"font-size: 13px; color: #534438; line-height: 20px; margin: 0; padding-top: 0;\">Whelan&#8217;s, 25 Wexford Street, Dublin 2<\/p>\n<table width=\"100%\" cellspacing=\"0\" cellpadding=\"0\">\n<tbody>\n<tr>\n<td valign=\"top\">\n<div style=\"font-size: 13px; color: #534438; line-height: 20px;\">\n<p style=\"margin: 10px 0;\">The Dublin Blues Cartel will be in Whelan&#8217;s again and will perform mostly a version of New Orleans R\u2019n&#8217;B with a classic rock twist, sandwiched with swing, Rock\u2019n\u2019Roll, Soul, Funk, Blues and rap of all eras. Admission is free.<\/p>\n<\/div>\n<div style=\"font-size: 13px; color: #534438; line-height: 20px;\"><\/div>\n<p style=\"font-size: 13px; color: #534438; line-height: 20px;\"><a style=\"color: #cc2979; text-decoration: none;\" href=\"http:\/\/www.whelanslive.com\/index.php\/live-from-the-window-w-the-dublin-blues-cartel-18\/\">http:\/\/www.whelanslive.com\/index.php\/live-from-the-window-w-the-dublin-blues-cartel-18\/<\/a><\/p>\n<\/td>\n<td valign=\"top\"><\/td>\n<\/tr>\n<\/tbody>\n<\/table>\n<\/td>\n<\/tr>\n<\/tbody>\n<\/table>\n<\/td>\n<\/tr>\n<\/tbody>\n<\/table>\n<table width=\"100%\" cellspacing=\"0\" cellpadding=\"0\">\n<tbody>\n<tr>\n<td style=\"padding: 10px 30px;\">\n<table width=\"100%\" cellspacing=\"0\" cellpadding=\"0\">\n<tbody>\n<tr>\n<td valign=\"top\" width=\"52\"><img loading=\"lazy\" decoding=\"async\" src=\"http:\/\/dublineventguide.com\/dff\/admin\/images\/categories\/MUSIC.png\" alt=\"\" width=\"32\" height=\"32\" \/><\/td>\n<td>\n<h2 style=\"font-size: 16px; color: #534438; margin: 0 0 5px; font-weight: normal;\">Gardiner Street Gospel Choir Mass<\/h2>\n<h3 style=\"font-size: 13px; margin: 0; padding: 0; line-height: 16px; color: #534438;\"><img loading=\"lazy\" decoding=\"async\" style=\"display: inline; float: left;\" src=\"http:\/\/dublineventguide.com\/dff\/admin\/images\/weekly.png\" alt=\"\" width=\"69\" height=\"16\" \/> 19:30 &#8211; 20:30, Sun 30 Mar<\/h3>\n<p style=\"font-size: 13px; color: #534438; line-height: 20px; margin: 0; padding-top: 0;\">St. Francis Xavier Church at the top of Gardiner Street, Dublin 1<\/p>\n<table width=\"100%\" cellspacing=\"0\" cellpadding=\"0\">\n<tbody>\n<tr>\n<td valign=\"top\">\n<div style=\"font-size: 13px; color: #534438; line-height: 20px;\">\n<p style=\"margin: 10px 0;\">The Gardiner Street Gospel Choir Mass invites to a Mass in St. Francis Xavier Church at the top of Gardiner Street near the junction with Dorset Street every Sunday at 19:30. The Gardiner Street Gospel Choir, one of the best known choirs in Ireland will sing during the mass and everybody is welcome independent from your level of religiousness.<\/p>\n<\/div>\n<div style=\"font-size: 13px; color: #534438; line-height: 20px;\"><\/div>\n<p style=\"font-size: 13px; color: #534438; line-height: 20px;\"><a style=\"color: #cc2979; text-decoration: none;\" href=\"http:\/\/www.gardinerstreetgospelchoir.com\">http:\/\/www.gardinerstreetgospelchoir.com<\/a><\/p>\n<\/td>\n<td valign=\"top\"><\/td>\n<\/tr>\n<\/tbody>\n<\/table>\n<\/td>\n<\/tr>\n<\/tbody>\n<\/table>\n<\/td>\n<\/tr>\n<\/tbody>\n<\/table>\n<table width=\"100%\" cellspacing=\"0\" cellpadding=\"0\">\n<tbody>\n<tr>\n<td style=\"padding: 10px 30px;\">\n<table width=\"100%\" cellspacing=\"0\" cellpadding=\"0\">\n<tbody>\n<tr>\n<td valign=\"top\" width=\"52\"><img loading=\"lazy\" decoding=\"async\" src=\"http:\/\/dublineventguide.com\/dff\/admin\/images\/categories\/MUSIC.png\" alt=\"\" width=\"32\" height=\"32\" \/><\/td>\n<td>\n<h2 style=\"font-size: 16px; color: #534438; margin: 0 0 5px; font-weight: normal;\">Sunday Roast<\/h2>\n<h3 style=\"font-size: 13px; margin: 0; padding: 0; line-height: 16px; color: #534438;\"><img loading=\"lazy\" decoding=\"async\" style=\"display: inline; float: left;\" src=\"http:\/\/dublineventguide.com\/dff\/admin\/images\/weekly.png\" alt=\"\" width=\"69\" height=\"16\" \/> 20:00, Sun 30 Mar<\/h3>\n<p style=\"font-size: 13px; color: #534438; line-height: 20px; margin: 0; padding-top: 0;\">Mercantile, 28 Dame Street, Dublin 2<\/p>\n<table width=\"100%\" cellspacing=\"0\" cellpadding=\"0\">\n<tbody>\n<tr>\n<td valign=\"top\">\n<div style=\"font-size: 13px; color: #534438; line-height: 20px;\">\n<p style=\"margin: 10px 0;\">The weekly Sunday Roast is a free event in the Mercantile where live music is combined with free roast potatoes. The line-up for the upcoming Sunday Roast is available via the Sunday Roast Facebook Page (see link below). In short the line-up is Sinead White, Whitetrash &amp; The Spear Headed Sparraw Hawks, Reclaim, Pharaoh Trade<\/p>\n<p><a style=\"color: #cc2979; text-decoration: none;\" href=\"https:\/\/www.facebook.com\/events\/408310882646239\" target=\"_blank\">https:\/\/www.facebook.com\/events\/408310882646239<\/a><\/p>\n<\/div>\n<div style=\"font-size: 13px; color: #534438; line-height: 20px;\"><\/div>\n<p style=\"font-size: 13px; color: #534438; line-height: 20px;\"><a style=\"color: #cc2979; text-decoration: none;\" href=\"https:\/\/www.facebook.com\/thesundayroast\">https:\/\/www.facebook.com\/thesundayroast<\/a><\/p>\n<\/td>\n<td valign=\"top\"><\/td>\n<\/tr>\n<\/tbody>\n<\/table>\n<\/td>\n<\/tr>\n<\/tbody>\n<\/table>\n<\/td>\n<\/tr>\n<\/tbody>\n<\/table>\n<table width=\"100%\" cellspacing=\"0\" cellpadding=\"0\">\n<tbody>\n<tr>\n<td style=\"padding: 10px 30px;\">\n<table width=\"100%\" cellspacing=\"0\" cellpadding=\"0\">\n<tbody>\n<tr>\n<td valign=\"top\" width=\"52\"><img loading=\"lazy\" decoding=\"async\" src=\"http:\/\/dublineventguide.com\/dff\/admin\/images\/categories\/MUSIC.png\" alt=\"\" width=\"32\" height=\"32\" \/><\/td>\n<td>\n<h2 style=\"font-size: 16px; color: #534438; margin: 0 0 5px; font-weight: normal;\">Apollo Sessions<\/h2>\n<h3 style=\"font-size: 13px; margin: 0; padding: 0; line-height: 16px; color: #534438;\"><img loading=\"lazy\" decoding=\"async\" style=\"display: inline; float: left;\" src=\"http:\/\/dublineventguide.com\/dff\/admin\/images\/weekly.png\" alt=\"\" width=\"69\" height=\"16\" \/> 20:30, Sun 30 Mar<\/h3>\n<p style=\"font-size: 13px; color: #534438; line-height: 20px; margin: 0; padding-top: 0;\">Bleeding Horse, 24 Upper Camden St., Dublin 2<\/p>\n<table width=\"100%\" cellspacing=\"0\" cellpadding=\"0\">\n<tbody>\n<tr>\n<td valign=\"top\">\n<div style=\"font-size: 13px; color: #534438; line-height: 20px;\">\n<p style=\"margin: 10px 0;\">Every Sunday this singer-songwriter night takes place in the Bleeding Horse in Camden St. from 8.30pm. It is an Open mic night and performers can just turn up and put their name on the list for that night.<\/p>\n<\/div>\n<div style=\"font-size: 13px; color: #534438; line-height: 20px;\"><\/div>\n<p style=\"font-size: 13px; color: #534438; line-height: 20px;\"><a style=\"color: #cc2979; text-decoration: none;\" href=\"https:\/\/www.facebook.com\/apollosessions\">https:\/\/www.facebook.com\/apollosessions<\/a><\/p>\n<\/td>\n<td valign=\"top\"><\/td>\n<\/tr>\n<\/tbody>\n<\/table>\n<\/td>\n<\/tr>\n<\/tbody>\n<\/table>\n<\/td>\n<\/tr>\n<\/tbody>\n<\/table>\n<table width=\"100%\" cellspacing=\"0\" cellpadding=\"0\">\n<tbody>\n<tr>\n<td style=\"padding: 10px 30px;\">\n<table width=\"100%\" cellspacing=\"0\" cellpadding=\"0\">\n<tbody>\n<tr>\n<td valign=\"top\" width=\"52\"><img loading=\"lazy\" decoding=\"async\" src=\"http:\/\/dublineventguide.com\/dff\/admin\/images\/categories\/MUSIC.png\" alt=\"\" width=\"32\" height=\"32\" \/><\/td>\n<td>\n<h2 style=\"font-size: 16px; color: #534438; margin: 0 0 5px; font-weight: normal;\">Jawbone &#8211; Accoustic Folk &amp; Blues Night<\/h2>\n<h3 style=\"font-size: 13px; margin: 0; padding: 0; line-height: 16px; color: #534438;\"><img loading=\"lazy\" decoding=\"async\" style=\"display: inline; float: left;\" src=\"http:\/\/dublineventguide.com\/dff\/admin\/images\/weekly.png\" alt=\"\" width=\"69\" height=\"16\" \/> 20:30, Sun 30 Mar<\/h3>\n<p style=\"font-size: 13px; color: #534438; line-height: 20px; margin: 0; padding-top: 0;\">Sin \u00c9, 14 Ormond Quay, Dublin 1<\/p>\n<table width=\"100%\" cellspacing=\"0\" cellpadding=\"0\">\n<tbody>\n<tr>\n<td valign=\"top\">\n<div style=\"font-size: 13px; color: #534438; line-height: 20px;\">\n<p>At the Jawbone Gig night in Sin \u00c9, Acoustic Folk &amp; Blues will be performed every Sunday. Admission is free. For the line-up check here <a style=\"color: #cc2979; text-decoration: none;\" href=\"https:\/\/www.facebook.com\/pages\/Jawbone-Dublin-Acoustic-Folk-Blues-Commune\/724102984268967\">https:\/\/www.facebook.com\/pages\/Jawbone-Dublin-Acoustic-Folk-Blues-Commune\/724102984268967<\/a><\/p>\n<\/div>\n<div style=\"font-size: 13px; color: #534438; line-height: 20px;\"><\/div>\n<p style=\"font-size: 13px; color: #534438; line-height: 20px;\"><a style=\"color: #cc2979; text-decoration: none;\" href=\"https:\/\/www.facebook.com\/Sin.E.Pub\">https:\/\/www.facebook.com\/Sin.E.Pub<\/a><\/p>\n<\/td>\n<td valign=\"top\"><\/td>\n<\/tr>\n<\/tbody>\n<\/table>\n<\/td>\n<\/tr>\n<\/tbody>\n<\/table>\n<\/td>\n<\/tr>\n<\/tbody>\n<\/table>\n<table width=\"100%\" cellspacing=\"0\" cellpadding=\"0\">\n<tbody>\n<tr>\n<td style=\"padding: 10px 30px;\">\n<table width=\"100%\" cellspacing=\"0\" cellpadding=\"0\">\n<tbody>\n<tr>\n<td valign=\"top\" width=\"52\"><img loading=\"lazy\" decoding=\"async\" src=\"http:\/\/dublineventguide.com\/dff\/admin\/images\/categories\/COMEDY.png\" alt=\"\" width=\"32\" height=\"32\" \/><\/td>\n<td>\n<h2 style=\"font-size: 16px; color: #534438; margin: 0 0 5px; font-weight: normal;\">Comedy Crunch<\/h2>\n<h3 style=\"font-size: 13px; margin: 0; padding: 0; line-height: 16px; color: #534438;\"><img loading=\"lazy\" decoding=\"async\" style=\"display: inline; float: left;\" src=\"http:\/\/dublineventguide.com\/dff\/admin\/images\/weekly.png\" alt=\"\" width=\"69\" height=\"16\" \/> 21:00 &#8211; 00:00, Sun 30 Mar<\/h3>\n<p style=\"font-size: 13px; color: #534438; line-height: 20px; margin: 0; padding-top: 0;\">Stag&#8217;s Head (downstairs), Dame Lane, Dublin 2<\/p>\n<table width=\"100%\" cellspacing=\"0\" cellpadding=\"0\">\n<tbody>\n<tr>\n<td valign=\"top\">\n<div style=\"font-size: 13px; color: #534438; line-height: 20px;\">\n<p style=\"margin: 10px 0;\">The Comedy Crunch is a free Stand Up comedy downstairs in Stag&#8217;s Head, Dame Lane from 21:00 every week on Sun+Mon. Every week different comedians entertain and on top of that there is some free ice cream. The line-up can be found via the Comedy Crunch Facebook Page (see link below).<\/p>\n<\/div>\n<div style=\"font-size: 13px; color: #534438; line-height: 20px;\"><\/div>\n<p style=\"font-size: 13px; color: #534438; line-height: 20px;\"><a style=\"color: #cc2979; text-decoration: none;\" href=\"http:\/\/www.facebook.com\/pages\/The-Comedy-Crunch\/83791357330\">http:\/\/www.facebook.com\/pages\/The-Comedy-Crunch\/83791357330<\/a><\/p>\n<\/td>\n<td valign=\"top\"><\/td>\n<\/tr>\n<\/tbody>\n<\/table>\n<\/td>\n<\/tr>\n<\/tbody>\n<\/table>\n<\/td>\n<\/tr>\n<\/tbody>\n<\/table>\n<table width=\"100%\" cellspacing=\"0\" cellpadding=\"0\">\n<tbody>\n<tr>\n<td style=\"padding: 10px 30px;\">\n<table width=\"100%\" cellspacing=\"0\" cellpadding=\"0\">\n<tbody>\n<tr>\n<td valign=\"top\" width=\"52\"><img loading=\"lazy\" decoding=\"async\" src=\"http:\/\/dublineventguide.com\/dff\/admin\/images\/categories\/DANCE.png\" alt=\"\" width=\"32\" height=\"32\" \/><\/td>\n<td>\n<h2 style=\"font-size: 16px; color: #534438; margin: 0 0 5px; font-weight: normal;\">Forro de Lampiao &#8211; Brazilian Dance<\/h2>\n<h3 style=\"font-size: 13px; margin: 0; padding: 0; line-height: 16px; color: #534438;\"><img loading=\"lazy\" decoding=\"async\" style=\"display: inline; float: left;\" src=\"http:\/\/dublineventguide.com\/dff\/admin\/images\/weekly.png\" alt=\"\" width=\"69\" height=\"16\" \/> 21:00 &#8211; 23:00, Sun 30 Mar<\/h3>\n<p style=\"font-size: 13px; color: #534438; line-height: 20px; margin: 0; padding-top: 0;\">Grand Social, 35 Lower Liffey Street (near Ha&#8217;Penny Bridge), Dublin 1<\/p>\n<table width=\"100%\" cellspacing=\"0\" cellpadding=\"0\">\n<tbody>\n<tr>\n<td valign=\"top\">\n<div style=\"font-size: 13px; color: #534438; line-height: 20px;\">\n<p style=\"margin: 10px 0;\">Rog\u00e9rio from the Brazilian dance project &#8220;Forr\u00f3 de Lampi\u00e3o&#8221; in Dublin tells me: Forr\u00f3 de Lampi\u00e3o is Brazilian music that has the same roots as Samba and there is a whole culture that has developed around &#8220;forro&#8221;. Every Sunday, free dance classes take place in the Grand Social (new loation!) and if you are interested, just turn up one Sunday.<\/p>\n<\/div>\n<div style=\"font-size: 13px; color: #534438; line-height: 20px;\"><\/div>\n<p style=\"font-size: 13px; color: #534438; line-height: 20px;\"><a style=\"color: #cc2979; text-decoration: none;\" href=\"http:\/\/www.facebook.com\/groups\/forrodelampiaodublin\/\">http:\/\/www.facebook.com\/groups\/forrodelampiaodublin\/<\/a><\/p>\n<\/td>\n<td valign=\"top\"><\/td>\n<\/tr>\n<\/tbody>\n<\/table>\n<\/td>\n<\/tr>\n<\/tbody>\n<\/table>\n<\/td>\n<\/tr>\n<\/tbody>\n<\/table>\n<table width=\"100%\" cellspacing=\"0\" cellpadding=\"0\">\n<tbody>\n<tr>\n<td style=\"padding: 10px 30px;\">\n<table width=\"100%\" cellspacing=\"0\" cellpadding=\"0\">\n<tbody>\n<tr>\n<td valign=\"top\" width=\"52\"><img loading=\"lazy\" decoding=\"async\" src=\"http:\/\/dublineventguide.com\/dff\/admin\/images\/categories\/MUSIC.png\" alt=\"\" width=\"32\" height=\"32\" \/><\/td>\n<td>\n<h2 style=\"font-size: 16px; color: #534438; margin: 0 0 5px; font-weight: normal;\">Rhythm Rocker<\/h2>\n<h3 style=\"font-size: 13px; margin: 0; padding: 0; line-height: 16px; color: #534438;\"><img loading=\"lazy\" decoding=\"async\" style=\"display: inline; float: left;\" src=\"http:\/\/dublineventguide.com\/dff\/admin\/images\/weekly.png\" alt=\"\" width=\"69\" height=\"16\" \/> 21:00, Sun 30 Mar<\/h3>\n<p style=\"font-size: 13px; color: #534438; line-height: 20px; margin: 0; padding-top: 0;\">The Globe, 11 South Great George&#8217;s Street, Dublin 2<\/p>\n<table width=\"100%\" cellspacing=\"0\" cellpadding=\"0\">\n<tbody>\n<tr>\n<td valign=\"top\">\n<div style=\"font-size: 13px; color: #534438; line-height: 20px;\">\n<p style=\"margin: 10px 0;\">&#8220;Rhythm Rocker at The Globe&#8221; is a weekly event on Sunday night in The Globe in Sth Great Georges Street, Dublin 2. It is a Rockabilly, R&#8217;n&#8217;R, Roots night with alternating (week by week) live bands Pavement Kings, Donna &amp; The Sazzy Catz, The Mosquitoes and The Pacifics from 21:00 and with DJs from 23:00-01:30. Admission is free.<\/p>\n<\/div>\n<div style=\"font-size: 13px; color: #534438; line-height: 20px;\"><\/div>\n<p style=\"font-size: 13px; color: #534438; line-height: 20px;\"><a style=\"color: #cc2979; text-decoration: none;\" href=\"http:\/\/www.globe.ie\/events.php\">http:\/\/www.globe.ie\/events.php<\/a><\/p>\n<\/td>\n<td valign=\"top\"><\/td>\n<\/tr>\n<\/tbody>\n<\/table>\n<\/td>\n<\/tr>\n<\/tbody>\n<\/table>\n<\/td>\n<\/tr>\n<\/tbody>\n<\/table>\n<table width=\"100%\" cellspacing=\"0\" cellpadding=\"0\">\n<tbody>\n<tr>\n<td style=\"padding: 10px 30px;\">\n<table width=\"100%\" cellspacing=\"0\" cellpadding=\"0\">\n<tbody>\n<tr>\n<td valign=\"top\" width=\"52\"><img loading=\"lazy\" decoding=\"async\" src=\"http:\/\/dublineventguide.com\/dff\/admin\/images\/categories\/MUSIC.png\" alt=\"\" width=\"32\" height=\"32\" \/><\/td>\n<td>\n<h2 style=\"font-size: 16px; color: #534438; margin: 0 0 5px; font-weight: normal;\">Billy Treacy &amp; The Ha&#8217;Penny Heads<\/h2>\n<h3 style=\"font-size: 13px; margin: 0; padding: 0; line-height: 16px; color: #534438;\"><img loading=\"lazy\" decoding=\"async\" style=\"display: inline; float: left;\" src=\"http:\/\/dublineventguide.com\/dff\/admin\/images\/weekly.png\" alt=\"\" width=\"69\" height=\"16\" \/> 21:30, Sun 30 Mar<\/h3>\n<p style=\"font-size: 13px; color: #534438; line-height: 20px; margin: 0; padding-top: 0;\">Ha&#8217;Penny Bridge Inn, 42 Wellington Quay Temple Bar, Dublin 2<\/p>\n<table width=\"100%\" cellspacing=\"0\" cellpadding=\"0\">\n<tbody>\n<tr>\n<td valign=\"top\">\n<div style=\"font-size: 13px; color: #534438; line-height: 20px;\">\n<p style=\"margin: 10px 0;\">Billy Treacy &amp; The Ha&#8217;Penny Heads are playing Ballads, Folk, Trad and Classic Country every Sunday. Featuring Guitar, Mandolin, Fiddle and Banjo.<\/p>\n<\/div>\n<div style=\"font-size: 13px; color: #534438; line-height: 20px;\"><\/div>\n<p style=\"font-size: 13px; color: #534438; line-height: 20px;\"><a style=\"color: #cc2979; text-decoration: none;\" href=\"http:\/\/www.billytreacy.com\/\">http:\/\/www.billytreacy.com\/<\/a><\/p>\n<\/td>\n<td valign=\"top\"><\/td>\n<\/tr>\n<\/tbody>\n<\/table>\n<\/td>\n<\/tr>\n<\/tbody>\n<\/table>\n<\/td>\n<\/tr>\n<\/tbody>\n<\/table>\n<table width=\"100%\" cellspacing=\"0\" cellpadding=\"0\">\n<tbody>\n<tr>\n<td style=\"padding: 10px 30px;\">\n<table width=\"100%\" cellspacing=\"0\" cellpadding=\"0\">\n<tbody>\n<tr>\n<td valign=\"top\" width=\"52\"><img loading=\"lazy\" decoding=\"async\" src=\"http:\/\/dublineventguide.com\/dff\/admin\/images\/categories\/MUSIC.png\" alt=\"\" width=\"32\" height=\"32\" \/><\/td>\n<td>\n<h2 style=\"font-size: 16px; color: #534438; margin: 0 0 5px; font-weight: normal;\">Cool Hand Dukes<\/h2>\n<h3 style=\"font-size: 13px; margin: 0; padding: 0; line-height: 16px; color: #534438;\"><img loading=\"lazy\" decoding=\"async\" style=\"display: inline; float: left;\" src=\"http:\/\/dublineventguide.com\/dff\/admin\/images\/weekly.png\" alt=\"\" width=\"69\" height=\"16\" \/> 22:00, Sun 30 Mar<\/h3>\n<p style=\"font-size: 13px; color: #534438; line-height: 20px; margin: 0; padding-top: 0;\">Porterhouse Central, 45-47 Nassau Street, Dublin 2<\/p>\n<table width=\"100%\" cellspacing=\"0\" cellpadding=\"0\">\n<tbody>\n<tr>\n<td valign=\"top\">\n<div style=\"font-size: 13px; color: #534438; line-height: 20px;\">\n<p style=\"margin: 10px 0;\">Every Sunday (except at Bank Holiday weekends), the Ragtime, Roots and Country Blues Band &#8220;Cool Hand Dukes&#8221; play in the Porterhouse near Grafton Street.<\/p>\n<\/div>\n<div style=\"font-size: 13px; color: #534438; line-height: 20px;\"><\/div>\n<p style=\"font-size: 13px; color: #534438; line-height: 20px;\"><a style=\"color: #cc2979; text-decoration: none;\" href=\"https:\/\/www.facebook.com\/coolhand.dukes.1\">https:\/\/www.facebook.com\/coolhand.dukes.1<\/a><\/p>\n<\/td>\n<td valign=\"top\"><\/td>\n<\/tr>\n<\/tbody>\n<\/table>\n<\/td>\n<\/tr>\n<\/tbody>\n<\/table>\n<\/td>\n<\/tr>\n<\/tbody>\n<\/table>\n<table id=\"day_1396220400\" style=\"margin-top: 10px;\" width=\"100%\" cellspacing=\"0\" cellpadding=\"0\">\n<tbody>\n<tr style=\"background-color: #c20162; color: #fff;\">\n<td style=\"padding: 0; line-height: 1; height: 34px; overflow: hidden;\">\n<p style=\"width: 630px; padding-left: 30px; margin: 0; height: 34px; overflow: hidden; line-height: 34px;\"><a name=\"day_1396220400\"><\/a><strong>Monday <\/strong> 31 Mar<\/p>\n<\/td>\n<td>\n<p style=\"margin: 0; line-height: 34px; padding: 0; font-size: 13px;\"><a style=\"color: #fff; text-decoration: none;\" href=\"#dff_top\">back to top<\/a><\/p>\n<\/td>\n<td>\n<p style=\"margin: 0; padding: 0; font-size: 13px;\"><a style=\"color: #fff; text-decoration: none;\" href=\"#dff_top\"><img loading=\"lazy\" decoding=\"async\" src=\"http:\/\/dublineventguide.com\/dff\/admin\/images\/dividers\/date_toplink.png\" alt=\"Back to top\" width=\"38\" height=\"34\" \/><\/a><\/p>\n<\/td>\n<td width=\"50\"><\/td>\n<\/tr>\n<\/tbody>\n<\/table>\n<table width=\"100%\" cellspacing=\"0\" cellpadding=\"0\">\n<tbody>\n<tr>\n<td style=\"padding: 10px 30px;\">\n<table width=\"100%\" cellspacing=\"0\" cellpadding=\"0\">\n<tbody>\n<tr>\n<td valign=\"top\" width=\"52\"><img loading=\"lazy\" decoding=\"async\" src=\"http:\/\/dublineventguide.com\/dff\/admin\/images\/categories\/ACTIVITY.png\" alt=\"\" width=\"32\" height=\"32\" \/><\/td>\n<td>\n<h2 style=\"font-size: 16px; color: #534438; margin: 0 0 5px; font-weight: normal;\">Eco Week South Dublin Libraries<\/h2>\n<h3 style=\"font-size: 13px; margin: 0; padding: 0; line-height: 16px; color: #534438;\">09:00, Mon 31 Mar<\/h3>\n<p style=\"font-size: 13px; color: #534438; line-height: 20px; margin: 0; padding-top: 0;\">Dublin (various locations)<\/p>\n<table width=\"100%\" cellspacing=\"0\" cellpadding=\"0\">\n<tbody>\n<tr>\n<td valign=\"top\">\n<div style=\"font-size: 13px; color: #534438; line-height: 20px;\">\n<p>The Eco Week of the South Dublin Libraries will take place from 31 March &#8211; 04 April. About 20 events for adults are planned (in addition to lots of School events) and you will find a detailed programme and more information for booking etc here: <a style=\"color: #cc2979; text-decoration: none;\" href=\"http:\/\/www.southdublinlibraries.ie\/news\/2014\/03\/eco-week-31st-march-4th-april-2014\" target=\"_blank\">http:\/\/www.southdublinlibraries.ie\/news\/2014\/03\/eco-week-31st-march-4th-april-2014<\/a><\/p>\n<\/div>\n<div style=\"font-size: 13px; color: #534438; line-height: 20px;\"><\/div>\n<\/td>\n<td valign=\"top\"><\/td>\n<\/tr>\n<\/tbody>\n<\/table>\n<\/td>\n<\/tr>\n<\/tbody>\n<\/table>\n<\/td>\n<\/tr>\n<\/tbody>\n<\/table>\n<table width=\"100%\" cellspacing=\"0\" cellpadding=\"0\">\n<tbody>\n<tr>\n<td style=\"padding: 10px 30px;\">\n<table width=\"100%\" cellspacing=\"0\" cellpadding=\"0\">\n<tbody>\n<tr>\n<td valign=\"top\" width=\"52\"><img loading=\"lazy\" decoding=\"async\" src=\"http:\/\/dublineventguide.com\/dff\/admin\/images\/categories\/ACTIVITY.png\" alt=\"\" width=\"32\" height=\"32\" \/><\/td>\n<td>\n<h2 style=\"font-size: 16px; color: #534438; margin: 0 0 5px; font-weight: normal;\">Five Lamps Arts Festival<\/h2>\n<h3 style=\"font-size: 13px; margin: 0; padding: 0; line-height: 16px; color: #534438;\">09:00, Mon 31 Mar<\/h3>\n<p style=\"font-size: 13px; color: #534438; line-height: 20px; margin: 0; padding-top: 0;\">Dublin (various locations)<\/p>\n<table width=\"100%\" cellspacing=\"0\" cellpadding=\"0\">\n<tbody>\n<tr>\n<td valign=\"top\">\n<div style=\"font-size: 13px; color: #534438; line-height: 20px;\">\n<p style=\"margin: 10px 0;\">The Five Lamps Arts Festival is a great and very successful local festival of the wider area around the &#8220;Five Lamps&#8221; on Amiens Street and North Strand Road. The festival is in its 7th year and events include a music and fire dance, puppet shows, a Georgian choir, jazz music, combinations of theatre and community art performances, interior design exhibitions, walk and talk events, poetry readings and storytelling, dance, visual art and much more.<\/p>\n<p>Many events are free and the complete list of free and non-free events is here: <a style=\"color: #cc2979; text-decoration: none;\" href=\"http:\/\/www.fivelampsarts.ie\/new\/all-events\/\">http:\/\/www.fivelampsarts.ie\/new\/all-events\/<\/a><\/p>\n<p style=\"margin: 10px 0;\">Here are some of the free events (the details you will find on the website), I am only listing the headlines here:<\/p>\n<p>Body and Soul:<br \/>\n31 March: A Conversation Salon: meet other curious, open-minded, open-hearted people and have conversations that challenge<\/p>\n<p>Children:<br \/>\n29 March: Professor Plunger &#8211; Street Show<br \/>\n29 March: H\u00e4nsel und Gretel &#8211; Puppet Show<\/p>\n<p>Dance:<br \/>\n01 April: Day of Dance<\/p>\n<p>Exploration:<br \/>\n29 March: Walk with Terry Fagan &#8211; Story\u2019s from around Dublin\u2019s famous Red-Light district known as Monto.<br \/>\n30 March: Key monuments on Dublin\u2019s O\u2019Connell Street<\/p>\n<p>Literature:<br \/>\n31 March: Growing up at the Five Lamps &#8211; Talk<br \/>\n02 April: Temper-Mental MissElayneous &amp; Andre K\u2019por<br \/>\n02 April: Tree Tales<\/p>\n<p>Music:<br \/>\n30 March: Flute Concert with Julie Maisel<\/p>\n<p>Theater:<br \/>\n03 April: The Merchant of Ennis<\/p>\n<p style=\"margin: 10px 0;\">And on top of that there are a number of exhibitions.<\/p>\n<\/div>\n<div style=\"font-size: 13px; color: #534438; line-height: 20px;\"><\/div>\n<p style=\"font-size: 13px; color: #534438; line-height: 20px;\"><a style=\"color: #cc2979; text-decoration: none;\" href=\"http:\/\/www.fivelampsarts.ie\/\">http:\/\/www.fivelampsarts.ie\/<\/a><\/p>\n<\/td>\n<td valign=\"top\"><\/td>\n<\/tr>\n<\/tbody>\n<\/table>\n<\/td>\n<\/tr>\n<\/tbody>\n<\/table>\n<\/td>\n<\/tr>\n<\/tbody>\n<\/table>\n<table width=\"100%\" cellspacing=\"0\" cellpadding=\"0\">\n<tbody>\n<tr>\n<td style=\"padding: 10px 30px;\">\n<table width=\"100%\" cellspacing=\"0\" cellpadding=\"0\">\n<tbody>\n<tr>\n<td valign=\"top\" width=\"52\"><img loading=\"lazy\" decoding=\"async\" src=\"http:\/\/dublineventguide.com\/dff\/admin\/images\/categories\/TALKS.png\" alt=\"\" width=\"32\" height=\"32\" \/><\/td>\n<td>\n<h2 style=\"font-size: 16px; color: #534438; margin: 0 0 5px; font-weight: normal;\">National Gallery Talks<\/h2>\n<h3 style=\"font-size: 13px; margin: 0; padding: 0; line-height: 16px; color: #534438;\"><img loading=\"lazy\" decoding=\"async\" style=\"display: inline; float: left;\" src=\"http:\/\/dublineventguide.com\/dff\/admin\/images\/weekly.png\" alt=\"\" width=\"69\" height=\"16\" \/> 11:30 &#8211; 16:50, Mon 31 Mar<\/h3>\n<p style=\"font-size: 13px; color: #534438; line-height: 20px; margin: 0; padding-top: 0;\">National Gallery, Clare Street, Dublin 2<\/p>\n<table width=\"100%\" cellspacing=\"0\" cellpadding=\"0\">\n<tbody>\n<tr>\n<td valign=\"top\">\n<div style=\"font-size: 13px; color: #534438; line-height: 20px;\">\n<p style=\"margin: 10px 0;\">The National Gallery has an extensive programme of free talks, public tours and Art Documentary screenings focusing on highlights of the European and Irish Collection every day of the week. Check their website for details.<\/p>\n<\/div>\n<div style=\"font-size: 13px; color: #534438; line-height: 20px;\"><\/div>\n<p style=\"font-size: 13px; color: #534438; line-height: 20px;\"><a style=\"color: #cc2979; text-decoration: none;\" href=\"http:\/\/nationalgallery.ie\/whatson\">http:\/\/nationalgallery.ie\/whatson<\/a><\/p>\n<\/td>\n<td valign=\"top\"><\/td>\n<\/tr>\n<\/tbody>\n<\/table>\n<\/td>\n<\/tr>\n<\/tbody>\n<\/table>\n<\/td>\n<\/tr>\n<\/tbody>\n<\/table>\n<table width=\"100%\" cellspacing=\"0\" cellpadding=\"0\">\n<tbody>\n<tr>\n<td style=\"padding: 10px 30px;\">\n<table width=\"100%\" cellspacing=\"0\" cellpadding=\"0\">\n<tbody>\n<tr>\n<td valign=\"top\" width=\"52\"><img loading=\"lazy\" decoding=\"async\" src=\"http:\/\/dublineventguide.com\/dff\/admin\/images\/categories\/FILM.png\" alt=\"\" width=\"32\" height=\"32\" \/><\/td>\n<td>\n<h2 style=\"font-size: 16px; color: #534438; margin: 0 0 5px; font-weight: normal;\">Archive at Lunchtime &#8211; IFI<\/h2>\n<h3 style=\"font-size: 13px; margin: 0; padding: 0; line-height: 16px; color: #534438;\"><img loading=\"lazy\" decoding=\"async\" style=\"display: inline; float: left;\" src=\"http:\/\/dublineventguide.com\/dff\/admin\/images\/weekly.png\" alt=\"\" width=\"69\" height=\"16\" \/> 13:00, Mon 31 Mar<\/h3>\n<p style=\"font-size: 13px; color: #534438; line-height: 20px; margin: 0; padding-top: 0;\">Irish Film Institute, 6 Eustace Street, Temple Bar, Dublin 2<\/p>\n<table width=\"100%\" cellspacing=\"0\" cellpadding=\"0\">\n<tbody>\n<tr>\n<td valign=\"top\">\n<div style=\"font-size: 13px; color: #534438; line-height: 20px;\">\n<p>Archive at Lunchtime screenings take place Saturdays (Double Bill), Mondays and Wednesdays. The programme is changing weekly now (instead of monthly as in the past). To find out what film(s) will be screened go to <a style=\"color: #cc2979; text-decoration: none;\" href=\"http:\/\/www.ifi.ie\/whatson\/now-showing-coming-soon\/\">http:\/\/www.ifi.ie\/whatson\/now-showing-coming-soon\/<\/a> and look for &#8220;Archive at Lunchtime&#8221; on the right. Admission is free.<\/p>\n<\/div>\n<div style=\"font-size: 13px; color: #534438; line-height: 20px;\"><\/div>\n<p style=\"font-size: 13px; color: #534438; line-height: 20px;\"><a style=\"color: #cc2979; text-decoration: none;\" href=\"http:\/\/www.ifi.ie\/\">http:\/\/www.ifi.ie\/<\/a><\/p>\n<\/td>\n<td valign=\"top\"><\/td>\n<\/tr>\n<\/tbody>\n<\/table>\n<\/td>\n<\/tr>\n<\/tbody>\n<\/table>\n<\/td>\n<\/tr>\n<\/tbody>\n<\/table>\n<table width=\"100%\" cellspacing=\"0\" cellpadding=\"0\">\n<tbody>\n<tr>\n<td style=\"padding: 10px 30px;\">\n<table width=\"100%\" cellspacing=\"0\" cellpadding=\"0\">\n<tbody>\n<tr>\n<td valign=\"top\" width=\"52\"><img loading=\"lazy\" decoding=\"async\" src=\"http:\/\/dublineventguide.com\/dff\/admin\/images\/categories\/TALKS.png\" alt=\"\" width=\"32\" height=\"32\" \/><\/td>\n<td>\n<h2 style=\"font-size: 16px; color: #534438; margin: 0 0 5px; font-weight: normal;\">Nelson &amp; Company &#8211; The Moving Statues of Dublin<\/h2>\n<h3 style=\"font-size: 13px; margin: 0; padding: 0; line-height: 16px; color: #534438;\">13:00, Mon 31 Mar<\/h3>\n<p style=\"font-size: 13px; color: #534438; line-height: 20px; margin: 0; padding-top: 0;\">Central Library, Ilac Shopping Centre, Henry Street, Dublin 1<\/p>\n<table width=\"100%\" cellspacing=\"0\" cellpadding=\"0\">\n<tbody>\n<tr>\n<td valign=\"top\">\n<div style=\"font-size: 13px; color: #534438; line-height: 20px;\">\n<p style=\"margin: 10px 0;\">&#8220;Nelson and Company &#8211; The Moving Statues of Dublin&#8221; is an illustrated presentation by Maeve L&#8217;estrange.<\/p>\n<p style=\"margin: 10px 0;\">Admission is free, you can book at 01-8734333 or centrallibrary@dublincity.ie<\/p>\n<p style=\"margin: 10px 0;\">\n<\/div>\n<div style=\"font-size: 13px; color: #534438; line-height: 20px;\"><\/div>\n<p style=\"font-size: 13px; color: #534438; line-height: 20px;\"><a style=\"color: #cc2979; text-decoration: none;\" href=\"http:\/\/www.dublincity.ie\/RecreationandCulture\/libraries\/library_events\/Pages\/nelson_digital.aspx\">http:\/\/www.dublincity.ie\/RecreationandCulture\/libraries\/library_events\/Pages\/nelson_digital.aspx<\/a><\/p>\n<\/td>\n<td valign=\"top\"><\/td>\n<\/tr>\n<\/tbody>\n<\/table>\n<\/td>\n<\/tr>\n<\/tbody>\n<\/table>\n<\/td>\n<\/tr>\n<\/tbody>\n<\/table>\n<table width=\"100%\" cellspacing=\"0\" cellpadding=\"0\">\n<tbody>\n<tr>\n<td style=\"padding: 10px 30px;\">\n<table width=\"100%\" cellspacing=\"0\" cellpadding=\"0\">\n<tbody>\n<tr>\n<td valign=\"top\" width=\"52\"><img loading=\"lazy\" decoding=\"async\" src=\"http:\/\/dublineventguide.com\/dff\/admin\/images\/categories\/ART.png\" alt=\"\" width=\"32\" height=\"32\" \/><\/td>\n<td>\n<h2 style=\"font-size: 16px; color: #534438; margin: 0 0 5px; font-weight: normal;\">Cinephonic &#8211; Live Video and Music Art<\/h2>\n<h3 style=\"font-size: 13px; margin: 0; padding: 0; line-height: 16px; color: #534438;\">19:00, Mon 31 Mar<\/h3>\n<p style=\"font-size: 13px; color: #534438; line-height: 20px; margin: 0; padding-top: 0;\">Old Fire Station, 190a Lower Rathmines Road, Rathmines, Dublin 6<\/p>\n<table width=\"100%\" cellspacing=\"0\" cellpadding=\"0\">\n<tbody>\n<tr>\n<td valign=\"top\">\n<div style=\"font-size: 13px; color: #534438; line-height: 20px;\">\n<p style=\"margin: 10px 0;\">\u201cCinephonic\u201d is an arts event where is a group of emerging arts managers plan to stimulate minds using a dynamic collaboration of live video and music technology. They are interested in the creative relationship between music and video and are inviting to this event in MART in the Old Fire Station, Ratmines.<\/p>\n<p style=\"margin: 10px 0;\">Expect &#8220;an imersive cinemasque live show&#8221; and &#8220;electronic soundscapes combined with alternative and experimental video artworks&#8221;.<\/p>\n<p style=\"margin: 10px 0;\">Visuals by The Standing Wave Collective and live music by Cult Clone, Thomas Garrett, Dave Flood, David Courtney, Live DJs pbear and dots.<\/p>\n<p style=\"margin: 10px 0;\">Admission is free and you can bring your own drink (BYOB).<\/p>\n<\/div>\n<div style=\"font-size: 13px; color: #534438; line-height: 20px;\"><\/div>\n<p style=\"font-size: 13px; color: #534438; line-height: 20px;\"><a style=\"color: #cc2979; text-decoration: none;\" href=\"https:\/\/www.facebook.com\/events\/1433520390227182\/?fref=ts\">https:\/\/www.facebook.com\/events\/1433520390227182\/?fref=ts<\/a><\/p>\n<\/td>\n<td valign=\"top\"><\/td>\n<\/tr>\n<\/tbody>\n<\/table>\n<\/td>\n<\/tr>\n<\/tbody>\n<\/table>\n<\/td>\n<\/tr>\n<\/tbody>\n<\/table>\n<table width=\"100%\" cellspacing=\"0\" cellpadding=\"0\">\n<tbody>\n<tr>\n<td style=\"padding: 10px 30px;\">\n<table width=\"100%\" cellspacing=\"0\" cellpadding=\"0\">\n<tbody>\n<tr>\n<td valign=\"top\" width=\"52\"><img loading=\"lazy\" decoding=\"async\" src=\"http:\/\/dublineventguide.com\/dff\/admin\/images\/categories\/FOOD_DRINK.png\" alt=\"\" width=\"32\" height=\"32\" \/><\/td>\n<td>\n<h2 style=\"font-size: 16px; color: #534438; margin: 0 0 5px; font-weight: normal;\">Craft Beer Walking Tour<\/h2>\n<h3 style=\"font-size: 13px; margin: 0; padding: 0; line-height: 16px; color: #534438;\"><img loading=\"lazy\" decoding=\"async\" style=\"display: inline; float: left;\" src=\"http:\/\/dublineventguide.com\/dff\/admin\/images\/weekly.png\" alt=\"\" width=\"69\" height=\"16\" \/> 19:30, Mon 31 Mar<\/h3>\n<p style=\"font-size: 13px; color: #534438; line-height: 20px; margin: 0; padding-top: 0;\">The Beerhouse, 84.5 Capel Street, Dublin 1<\/p>\n<table width=\"100%\" cellspacing=\"0\" cellpadding=\"0\">\n<tbody>\n<tr>\n<td valign=\"top\">\n<div style=\"font-size: 13px; color: #534438; line-height: 20px;\">\n<p style=\"margin: 10px 0;\">A weekly free Craft Beer Walking Tour started last Monday in Dublin. Meeting Point is in the Beerhouse and during the evening you will visit four Craft Beer Pubs. The tour is free and you pay for your own beer.<\/p>\n<\/div>\n<div style=\"font-size: 13px; color: #534438; line-height: 20px;\"><\/div>\n<p style=\"font-size: 13px; color: #534438; line-height: 20px;\"><a style=\"color: #cc2979; text-decoration: none;\" href=\"https:\/\/www.facebook.com\/craftbeerdublin\">https:\/\/www.facebook.com\/craftbeerdublin<\/a><\/p>\n<\/td>\n<td valign=\"top\"><\/td>\n<\/tr>\n<\/tbody>\n<\/table>\n<\/td>\n<\/tr>\n<\/tbody>\n<\/table>\n<\/td>\n<\/tr>\n<\/tbody>\n<\/table>\n<table width=\"100%\" cellspacing=\"0\" cellpadding=\"0\">\n<tbody>\n<tr>\n<td style=\"padding: 10px 30px;\">\n<table width=\"100%\" cellspacing=\"0\" cellpadding=\"0\">\n<tbody>\n<tr>\n<td valign=\"top\" width=\"52\"><img loading=\"lazy\" decoding=\"async\" src=\"http:\/\/dublineventguide.com\/dff\/admin\/images\/categories\/MUSIC.png\" alt=\"\" width=\"32\" height=\"32\" \/><\/td>\n<td>\n<h2 style=\"font-size: 16px; color: #534438; margin: 0 0 5px; font-weight: normal;\">Back Door Sessions &#8211; Open Mic Night<\/h2>\n<h3 style=\"font-size: 13px; margin: 0; padding: 0; line-height: 16px; color: #534438;\"><img loading=\"lazy\" decoding=\"async\" style=\"display: inline; float: left;\" src=\"http:\/\/dublineventguide.com\/dff\/admin\/images\/weekly.png\" alt=\"\" width=\"69\" height=\"16\" \/> 20:00, Mon 31 Mar<\/h3>\n<p style=\"font-size: 13px; color: #534438; line-height: 20px; margin: 0; padding-top: 0;\">Sweeney Mongrel&#8217;s, 32 Dame Street, Dublin 2<\/p>\n<table width=\"100%\" cellspacing=\"0\" cellpadding=\"0\">\n<tbody>\n<tr>\n<td valign=\"top\">\n<div style=\"font-size: 13px; color: #534438; line-height: 20px;\">\n<p style=\"margin: 10px 0;\">This is an open mic night with Special Guests every Monday. Arrive, sign in (from 19:00) and play. Admission is free.<\/p>\n<\/div>\n<div style=\"font-size: 13px; color: #534438; line-height: 20px;\"><\/div>\n<p style=\"font-size: 13px; color: #534438; line-height: 20px;\"><a style=\"color: #cc2979; text-decoration: none;\" href=\"https:\/\/www.facebook.com\/sweeneysbar\">https:\/\/www.facebook.com\/sweeneysbar<\/a><\/p>\n<\/td>\n<td valign=\"top\"><\/td>\n<\/tr>\n<\/tbody>\n<\/table>\n<\/td>\n<\/tr>\n<\/tbody>\n<\/table>\n<\/td>\n<\/tr>\n<\/tbody>\n<\/table>\n<table width=\"100%\" cellspacing=\"0\" cellpadding=\"0\">\n<tbody>\n<tr>\n<td style=\"padding: 10px 30px;\">\n<table width=\"100%\" cellspacing=\"0\" cellpadding=\"0\">\n<tbody>\n<tr>\n<td valign=\"top\" width=\"52\"><img loading=\"lazy\" decoding=\"async\" src=\"http:\/\/dublineventguide.com\/dff\/admin\/images\/categories\/TALKS.png\" alt=\"\" width=\"32\" height=\"32\" \/><\/td>\n<td>\n<h2 style=\"font-size: 16px; color: #534438; margin: 0 0 5px; font-weight: normal;\">Exploring Mars, discovering Earth &#8211; Talk<\/h2>\n<h3 style=\"font-size: 13px; margin: 0; padding: 0; line-height: 16px; color: #534438;\">20:00, Mon 31 Mar<\/h3>\n<p style=\"font-size: 13px; color: #534438; line-height: 20px; margin: 0; padding-top: 0;\">Ely House, 8 Ely Place, Dublin 2<\/p>\n<table width=\"100%\" cellspacing=\"0\" cellpadding=\"0\">\n<tbody>\n<tr>\n<td valign=\"top\">\n<div style=\"font-size: 13px; color: #534438; line-height: 20px;\">\n<p style=\"margin: 10px 0;\">The lecture &#8220;Exploring Mars, discovering Earth&#8221; by Kevin Nolan, Planetary Society will take place on Monday. It is an event of the Irish Astronomical Society. Admission is free.<\/p>\n<\/div>\n<div style=\"font-size: 13px; color: #534438; line-height: 20px;\"><\/div>\n<p style=\"font-size: 13px; color: #534438; line-height: 20px;\"><a style=\"color: #cc2979; text-decoration: none;\" href=\"http:\/\/www.irishastrosoc.org\/events\/events.htm\">http:\/\/www.irishastrosoc.org\/events\/events.htm<\/a><\/p>\n<\/td>\n<td valign=\"top\"><\/td>\n<\/tr>\n<\/tbody>\n<\/table>\n<\/td>\n<\/tr>\n<\/tbody>\n<\/table>\n<\/td>\n<\/tr>\n<\/tbody>\n<\/table>\n<table width=\"100%\" cellspacing=\"0\" cellpadding=\"0\">\n<tbody>\n<tr>\n<td style=\"padding: 10px 30px;\">\n<table width=\"100%\" cellspacing=\"0\" cellpadding=\"0\">\n<tbody>\n<tr>\n<td valign=\"top\" width=\"52\"><img loading=\"lazy\" decoding=\"async\" src=\"http:\/\/dublineventguide.com\/dff\/admin\/images\/categories\/TALKS.png\" alt=\"\" width=\"32\" height=\"32\" \/><\/td>\n<td>\n<h2 style=\"font-size: 16px; color: #534438; margin: 0 0 5px; font-weight: normal;\">Minding the Mind &#8211; Lecture Series<\/h2>\n<h3 style=\"font-size: 13px; margin: 0; padding: 0; line-height: 16px; color: #534438;\">20:00 &#8211; 21:30, Mon 31 Mar<\/h3>\n<p style=\"font-size: 13px; color: #534438; line-height: 20px; margin: 0; padding-top: 0;\">St. John of God Hospital, Stillorgan Road, Stillorgan Co. Dublin<\/p>\n<table width=\"100%\" cellspacing=\"0\" cellpadding=\"0\">\n<tbody>\n<tr>\n<td valign=\"top\">\n<div style=\"font-size: 13px; color: #534438; line-height: 20px;\">\n<p style=\"margin: 10px 0;\">Minding the Mind is the title of a public lecture series of the Saint John of God Hospital.<\/p>\n<p>The topics are<br \/>\n* Positive Ageing: A Realistic View.<br \/>\n* What is it About Modern Life that makes us Depressed?<br \/>\n* Insights and Helpful Hints on Managing the Impact on Social Media on Relationships.<br \/>\n* Motivation and Change: What Happens when your Sweet Tooth says Yes and your Wisdom Tooth says No?<br \/>\n* Living Mindfully in a Material World.<\/p>\n<p style=\"margin: 10px 0;\">The lectures take place on Mondays from 20:00-21:30.<\/p>\n<p style=\"margin: 10px 0;\">The next one is &#8221; Insights and Helpful Hints on Managing the Impact on Social Media on Relationships&#8221; on Monday 31 March with Fergal Rooney (Senior Counselling Psychologist, St. John of God Hospital).<\/p>\n<p>Admission is free. Find the event poster via this link below:<br \/>\n<a style=\"color: #cc2979; text-decoration: none;\" href=\"http:\/\/www.stjohnofgodhospital.ie\/images\/documents\/SJOG_MTM_Lectures_2014.pdf\">http:\/\/www.stjohnofgodhospital.ie\/images\/documents\/SJOG_MTM_Lectures_2014.pdf<\/a><\/p>\n<\/div>\n<div style=\"font-size: 13px; color: #534438; line-height: 20px;\"><\/div>\n<p style=\"font-size: 13px; color: #534438; line-height: 20px;\"><a style=\"color: #cc2979; text-decoration: none;\" href=\"http:\/\/stjohnofgodhospital.ie\/index.php\/news-events\/73-minding-the-mind-public-lecture-series-2014\">http:\/\/stjohnofgodhospital.ie\/index.php\/news-events\/73-minding-the-mind-public-lecture-series-2014<\/a><\/p>\n<\/td>\n<td valign=\"top\"><\/td>\n<\/tr>\n<\/tbody>\n<\/table>\n<\/td>\n<\/tr>\n<\/tbody>\n<\/table>\n<\/td>\n<\/tr>\n<\/tbody>\n<\/table>\n<table width=\"100%\" cellspacing=\"0\" cellpadding=\"0\">\n<tbody>\n<tr>\n<td style=\"padding: 10px 30px;\">\n<table width=\"100%\" cellspacing=\"0\" cellpadding=\"0\">\n<tbody>\n<tr>\n<td valign=\"top\" width=\"52\"><img loading=\"lazy\" decoding=\"async\" src=\"http:\/\/dublineventguide.com\/dff\/admin\/images\/categories\/MUSIC.png\" alt=\"\" width=\"32\" height=\"32\" \/><\/td>\n<td>\n<h2 style=\"font-size: 16px; color: #534438; margin: 0 0 5px; font-weight: normal;\">Song Cycle<\/h2>\n<h3 style=\"font-size: 13px; margin: 0; padding: 0; line-height: 16px; color: #534438;\"><img loading=\"lazy\" decoding=\"async\" style=\"display: inline; float: left;\" src=\"http:\/\/dublineventguide.com\/dff\/admin\/images\/weekly.png\" alt=\"\" width=\"69\" height=\"16\" \/> 20:00, Mon 31 Mar<\/h3>\n<p style=\"font-size: 13px; color: #534438; line-height: 20px; margin: 0; padding-top: 0;\">Whelan&#8217;s, 25 Wexford Street, Dublin 2<\/p>\n<table width=\"100%\" cellspacing=\"0\" cellpadding=\"0\">\n<tbody>\n<tr>\n<td valign=\"top\">\n<div style=\"font-size: 13px; color: #534438; line-height: 20px;\">\n<p style=\"margin: 10px 0;\">Song Cycle is a weekly Singer\/Songriter showcase. The line-up is not always easily findable on the Whelan&#8217;s website, but admission is always free.<\/p>\n<\/div>\n<div style=\"font-size: 13px; color: #534438; line-height: 20px;\"><\/div>\n<p style=\"font-size: 13px; color: #534438; line-height: 20px;\"><a style=\"color: #cc2979; text-decoration: none;\" href=\"http:\/\/www.whelanslive.com\">http:\/\/www.whelanslive.com<\/a><\/p>\n<\/td>\n<td valign=\"top\"><\/td>\n<\/tr>\n<\/tbody>\n<\/table>\n<\/td>\n<\/tr>\n<\/tbody>\n<\/table>\n<\/td>\n<\/tr>\n<\/tbody>\n<\/table>\n<table width=\"100%\" cellspacing=\"0\" cellpadding=\"0\">\n<tbody>\n<tr>\n<td style=\"padding: 10px 30px;\">\n<table width=\"100%\" cellspacing=\"0\" cellpadding=\"0\">\n<tbody>\n<tr>\n<td valign=\"top\" width=\"52\"><img loading=\"lazy\" decoding=\"async\" src=\"http:\/\/dublineventguide.com\/dff\/admin\/images\/categories\/MUSIC.png\" alt=\"\" width=\"32\" height=\"32\" \/><\/td>\n<td>\n<h2 style=\"font-size: 16px; color: #534438; margin: 0 0 5px; font-weight: normal;\">The Monday Echo<\/h2>\n<h3 style=\"font-size: 13px; margin: 0; padding: 0; line-height: 16px; color: #534438;\"><img loading=\"lazy\" decoding=\"async\" style=\"display: inline; float: left;\" src=\"http:\/\/dublineventguide.com\/dff\/admin\/images\/weekly.png\" alt=\"\" width=\"69\" height=\"16\" \/> 20:00 &#8211; 22:30, Mon 31 Mar<\/h3>\n<p style=\"font-size: 13px; color: #534438; line-height: 20px; margin: 0; padding-top: 0;\">The International Bar, 23 Wicklow Street, Dublin 2<\/p>\n<table width=\"100%\" cellspacing=\"0\" cellpadding=\"0\">\n<tbody>\n<tr>\n<td valign=\"top\">\n<div style=\"font-size: 13px; color: #534438; line-height: 20px;\">\n<p>The Monday Echo is a weekly songwriter and poetry live showcase held on Mondays in the basement of The International Bar. Usually, the show has 3 songwriters and 3 poets who perform for roughly 20 minutes each. Admission is free.<br \/>\nThe weekly line-up can be found via the Facebook Page below.<\/p>\n<\/div>\n<div style=\"font-size: 13px; color: #534438; line-height: 20px;\"><\/div>\n<p style=\"font-size: 13px; color: #534438; line-height: 20px;\"><a style=\"color: #cc2979; text-decoration: none;\" href=\"https:\/\/www.facebook.com\/themondayecho\">https:\/\/www.facebook.com\/themondayecho<\/a><\/p>\n<\/td>\n<td valign=\"top\"><\/td>\n<\/tr>\n<\/tbody>\n<\/table>\n<\/td>\n<\/tr>\n<\/tbody>\n<\/table>\n<\/td>\n<\/tr>\n<\/tbody>\n<\/table>\n<table width=\"100%\" cellspacing=\"0\" cellpadding=\"0\">\n<tbody>\n<tr>\n<td style=\"padding: 10px 30px;\">\n<table width=\"100%\" cellspacing=\"0\" cellpadding=\"0\">\n<tbody>\n<tr>\n<td valign=\"top\" width=\"52\"><img loading=\"lazy\" decoding=\"async\" src=\"http:\/\/dublineventguide.com\/dff\/admin\/images\/categories\/COMEDY.png\" alt=\"\" width=\"32\" height=\"32\" \/><\/td>\n<td>\n<h2 style=\"font-size: 16px; color: #534438; margin: 0 0 5px; font-weight: normal;\">Comedy Crunch<\/h2>\n<h3 style=\"font-size: 13px; margin: 0; padding: 0; line-height: 16px; color: #534438;\"><img loading=\"lazy\" decoding=\"async\" style=\"display: inline; float: left;\" src=\"http:\/\/dublineventguide.com\/dff\/admin\/images\/weekly.png\" alt=\"\" width=\"69\" height=\"16\" \/> 21:00 &#8211; 23:00, Mon 31 Mar<\/h3>\n<p style=\"font-size: 13px; color: #534438; line-height: 20px; margin: 0; padding-top: 0;\">Stag&#8217;s Head (downstairs), Dame Lane, Dublin 2<\/p>\n<table width=\"100%\" cellspacing=\"0\" cellpadding=\"0\">\n<tbody>\n<tr>\n<td valign=\"top\">\n<div style=\"font-size: 13px; color: #534438; line-height: 20px;\">\n<p style=\"margin: 10px 0;\">The Comedy Crunch is a free Stand Up comedy event every Sunday and Monday. Every week different comedians entertain and on top of good comedy you will get free ice cream. Admission is free. The line-up can be found via the Comedy Crunch Facebook Page (see link below).<\/p>\n<\/div>\n<div style=\"font-size: 13px; color: #534438; line-height: 20px;\"><\/div>\n<p style=\"font-size: 13px; color: #534438; line-height: 20px;\"><a style=\"color: #cc2979; text-decoration: none;\" href=\"http:\/\/www.facebook.com\/pages\/The-Comedy-Crunch\/83791357330\">http:\/\/www.facebook.com\/pages\/The-Comedy-Crunch\/83791357330<\/a><\/p>\n<\/td>\n<td valign=\"top\"><\/td>\n<\/tr>\n<\/tbody>\n<\/table>\n<\/td>\n<\/tr>\n<\/tbody>\n<\/table>\n<\/td>\n<\/tr>\n<\/tbody>\n<\/table>\n<table width=\"100%\" cellspacing=\"0\" cellpadding=\"0\">\n<tbody>\n<tr>\n<td style=\"padding: 10px 30px;\">\n<table width=\"100%\" cellspacing=\"0\" cellpadding=\"0\">\n<tbody>\n<tr>\n<td valign=\"top\" width=\"52\"><img loading=\"lazy\" decoding=\"async\" src=\"http:\/\/dublineventguide.com\/dff\/admin\/images\/categories\/MUSIC.png\" alt=\"\" width=\"32\" height=\"32\" \/><\/td>\n<td>\n<h2 style=\"font-size: 16px; color: #534438; margin: 0 0 5px; font-weight: normal;\">Crafty Mondays &#8211; Open Mic<\/h2>\n<h3 style=\"font-size: 13px; margin: 0; padding: 0; line-height: 16px; color: #534438;\"><img loading=\"lazy\" decoding=\"async\" style=\"display: inline; float: left;\" src=\"http:\/\/dublineventguide.com\/dff\/admin\/images\/weekly.png\" alt=\"\" width=\"69\" height=\"16\" \/> 21:00, Mon 31 Mar<\/h3>\n<p style=\"font-size: 13px; color: #534438; line-height: 20px; margin: 0; padding-top: 0;\">Sin \u00c9, 14 Ormond Quay, Dublin 1<\/p>\n<table width=\"100%\" cellspacing=\"0\" cellpadding=\"0\">\n<tbody>\n<tr>\n<td valign=\"top\">\n<div style=\"font-size: 13px; color: #534438; line-height: 20px;\">\n<p style=\"margin: 10px 0;\">The Crafty Monday Sessions is an Open Mic night for acoustic singer\/songwriters and original bands. Admission is free.<\/p>\n<\/div>\n<div style=\"font-size: 13px; color: #534438; line-height: 20px;\"><\/div>\n<p style=\"font-size: 13px; color: #534438; line-height: 20px;\"><a style=\"color: #cc2979; text-decoration: none;\" href=\"https:\/\/www.facebook.com\/TheCraftyMondaySessions\">https:\/\/www.facebook.com\/TheCraftyMondaySessions<\/a><\/p>\n<\/td>\n<td valign=\"top\"><\/td>\n<\/tr>\n<\/tbody>\n<\/table>\n<\/td>\n<\/tr>\n<\/tbody>\n<\/table>\n<\/td>\n<\/tr>\n<\/tbody>\n<\/table>\n<table width=\"100%\" cellspacing=\"0\" cellpadding=\"0\">\n<tbody>\n<tr>\n<td style=\"padding: 10px 30px;\">\n<table width=\"100%\" cellspacing=\"0\" cellpadding=\"0\">\n<tbody>\n<tr>\n<td valign=\"top\" width=\"52\"><img loading=\"lazy\" decoding=\"async\" src=\"http:\/\/dublineventguide.com\/dff\/admin\/images\/categories\/MUSIC.png\" alt=\"\" width=\"32\" height=\"32\" \/><\/td>\n<td>\n<h2 style=\"font-size: 16px; color: #534438; margin: 0 0 5px; font-weight: normal;\">Loose &#8211; Trad Sessions<\/h2>\n<h3 style=\"font-size: 13px; margin: 0; padding: 0; line-height: 16px; color: #534438;\"><img loading=\"lazy\" decoding=\"async\" style=\"display: inline; float: left;\" src=\"http:\/\/dublineventguide.com\/dff\/admin\/images\/weekly.png\" alt=\"\" width=\"69\" height=\"16\" \/> 21:00 &#8211; 23:30, Mon 31 Mar<\/h3>\n<p style=\"font-size: 13px; color: #534438; line-height: 20px; margin: 0; padding-top: 0;\">Mother Reillys, 26\/28 Upper Rathmines Road, Rathmines, Dublin 6<\/p>\n<table width=\"100%\" cellspacing=\"0\" cellpadding=\"0\">\n<tbody>\n<tr>\n<td valign=\"top\">\n<div style=\"font-size: 13px; color: #534438; line-height: 20px;\">\n<p>The 4-piece band Loose Trad are performing every Monday in Mother Reilly&#8217;s. <a style=\"color: #cc2979; text-decoration: none;\" href=\"http:\/\/www.loosetrad.com\/\">http:\/\/www.loosetrad.com\/<\/a> Admission is free.<\/p>\n<\/div>\n<div style=\"font-size: 13px; color: #534438; line-height: 20px;\"><\/div>\n<p style=\"font-size: 13px; color: #534438; line-height: 20px;\"><a style=\"color: #cc2979; text-decoration: none;\" href=\"https:\/\/www.facebook.com\/motherreillysADMIN\">https:\/\/www.facebook.com\/motherreillysADMIN<\/a><\/p>\n<\/td>\n<td valign=\"top\"><\/td>\n<\/tr>\n<\/tbody>\n<\/table>\n<\/td>\n<\/tr>\n<\/tbody>\n<\/table>\n<\/td>\n<\/tr>\n<\/tbody>\n<\/table>\n<table id=\"day_1396306800\" style=\"margin-top: 10px;\" width=\"100%\" cellspacing=\"0\" cellpadding=\"0\">\n<tbody>\n<tr style=\"background-color: #c20162; color: #fff;\">\n<td style=\"padding: 0; line-height: 1; height: 34px; overflow: hidden;\">\n<p style=\"width: 630px; padding-left: 30px; margin: 0; height: 34px; overflow: hidden; line-height: 34px;\"><a name=\"day_1396306800\"><\/a><strong>Tuesday <\/strong> 01 Apr<\/p>\n<\/td>\n<td>\n<p style=\"margin: 0; line-height: 34px; padding: 0; font-size: 13px;\"><a style=\"color: #fff; text-decoration: none;\" href=\"#dff_top\">back to top<\/a><\/p>\n<\/td>\n<td>\n<p style=\"margin: 0; padding: 0; font-size: 13px;\"><a style=\"color: #fff; text-decoration: none;\" href=\"#dff_top\"><img loading=\"lazy\" decoding=\"async\" src=\"http:\/\/dublineventguide.com\/dff\/admin\/images\/dividers\/date_toplink.png\" alt=\"Back to top\" width=\"38\" height=\"34\" \/><\/a><\/p>\n<\/td>\n<td width=\"50\"><\/td>\n<\/tr>\n<\/tbody>\n<\/table>\n<table width=\"100%\" cellspacing=\"0\" cellpadding=\"0\">\n<tbody>\n<tr>\n<td style=\"padding: 10px 30px;\">\n<table width=\"100%\" cellspacing=\"0\" cellpadding=\"0\">\n<tbody>\n<tr>\n<td valign=\"top\" width=\"52\"><img loading=\"lazy\" decoding=\"async\" src=\"http:\/\/dublineventguide.com\/dff\/admin\/images\/categories\/ACTIVITY.png\" alt=\"\" width=\"32\" height=\"32\" \/><\/td>\n<td>\n<h2 style=\"font-size: 16px; color: #534438; margin: 0 0 5px; font-weight: normal;\">April Fool&#8217;s Day<\/h2>\n<h3 style=\"font-size: 13px; margin: 0; padding: 0; line-height: 16px; color: #534438;\">09:00, Tue 01 Apr<\/h3>\n<p style=\"font-size: 13px; color: #534438; line-height: 20px; margin: 0; padding-top: 0;\">Dublin (various locations)<\/p>\n<table width=\"100%\" cellspacing=\"0\" cellpadding=\"0\">\n<tbody>\n<tr>\n<td valign=\"top\">\n<div style=\"font-size: 13px; color: #534438; line-height: 20px;\">\n<p>Warning:<br \/>\nAs a principle don&#8217;t believe anything you read today in a newspaper or online. Once you read it, analyse it and if it sounds slightly farfetched then there is a high April Fool&#8217;s risk. ;-)<\/p>\n<\/div>\n<div style=\"font-size: 13px; color: #534438; line-height: 20px;\"><\/div>\n<\/td>\n<td valign=\"top\"><\/td>\n<\/tr>\n<\/tbody>\n<\/table>\n<\/td>\n<\/tr>\n<\/tbody>\n<\/table>\n<\/td>\n<\/tr>\n<\/tbody>\n<\/table>\n<table width=\"100%\" cellspacing=\"0\" cellpadding=\"0\">\n<tbody>\n<tr>\n<td style=\"padding: 10px 30px;\">\n<table width=\"100%\" cellspacing=\"0\" cellpadding=\"0\">\n<tbody>\n<tr>\n<td valign=\"top\" width=\"52\"><img loading=\"lazy\" decoding=\"async\" src=\"http:\/\/dublineventguide.com\/dff\/admin\/images\/categories\/ACTIVITY.png\" alt=\"\" width=\"32\" height=\"32\" \/><\/td>\n<td>\n<h2 style=\"font-size: 16px; color: #534438; margin: 0 0 5px; font-weight: normal;\">Eco Week South Dublin Libraries<\/h2>\n<h3 style=\"font-size: 13px; margin: 0; padding: 0; line-height: 16px; color: #534438;\">09:00, Tue 01 Apr<\/h3>\n<p style=\"font-size: 13px; color: #534438; line-height: 20px; margin: 0; padding-top: 0;\">Dublin (various locations)<\/p>\n<table width=\"100%\" cellspacing=\"0\" cellpadding=\"0\">\n<tbody>\n<tr>\n<td valign=\"top\">\n<div style=\"font-size: 13px; color: #534438; line-height: 20px;\">\n<p>The Eco Week of the South Dublin Libraries will take place from 31 March &#8211; 04 April. About 20 events for adults are planned (in addition to lots of School events) and you will find a detailed programme and more information for booking etc here: <a style=\"color: #cc2979; text-decoration: none;\" href=\"http:\/\/www.southdublinlibraries.ie\/news\/2014\/03\/eco-week-31st-march-4th-april-2014\" target=\"_blank\">http:\/\/www.southdublinlibraries.ie\/news\/2014\/03\/eco-week-31st-march-4th-april-2014<\/a><\/p>\n<\/div>\n<div style=\"font-size: 13px; color: #534438; line-height: 20px;\"><\/div>\n<\/td>\n<td valign=\"top\"><\/td>\n<\/tr>\n<\/tbody>\n<\/table>\n<\/td>\n<\/tr>\n<\/tbody>\n<\/table>\n<\/td>\n<\/tr>\n<\/tbody>\n<\/table>\n<table width=\"100%\" cellspacing=\"0\" cellpadding=\"0\">\n<tbody>\n<tr>\n<td style=\"padding: 10px 30px;\">\n<table width=\"100%\" cellspacing=\"0\" cellpadding=\"0\">\n<tbody>\n<tr>\n<td valign=\"top\" width=\"52\"><img loading=\"lazy\" decoding=\"async\" src=\"http:\/\/dublineventguide.com\/dff\/admin\/images\/categories\/ACTIVITY.png\" alt=\"\" width=\"32\" height=\"32\" \/><\/td>\n<td>\n<h2 style=\"font-size: 16px; color: #534438; margin: 0 0 5px; font-weight: normal;\">Five Lamps Arts Festival<\/h2>\n<h3 style=\"font-size: 13px; margin: 0; padding: 0; line-height: 16px; color: #534438;\">09:00, Tue 01 Apr<\/h3>\n<p style=\"font-size: 13px; color: #534438; line-height: 20px; margin: 0; padding-top: 0;\">Dublin (various locations)<\/p>\n<table width=\"100%\" cellspacing=\"0\" cellpadding=\"0\">\n<tbody>\n<tr>\n<td valign=\"top\">\n<div style=\"font-size: 13px; color: #534438; line-height: 20px;\">\n<p style=\"margin: 10px 0;\">The Five Lamps Arts Festival is a great and very successful local festival of the wider area around the &#8220;Five Lamps&#8221; on Amiens Street and North Strand Road. The festival is in its 7th year and events include a music and fire dance, puppet shows, a Georgian choir, jazz music, combinations of theatre and community art performances, interior design exhibitions, walk and talk events, poetry readings and storytelling, dance, visual art and much more.<\/p>\n<p>Many events are free and the complete list of free and non-free events is here: <a style=\"color: #cc2979; text-decoration: none;\" href=\"http:\/\/www.fivelampsarts.ie\/new\/all-events\/\">http:\/\/www.fivelampsarts.ie\/new\/all-events\/<\/a><\/p>\n<p style=\"margin: 10px 0;\">Here are some of the free events (the details you will find on the website), I am only listing the headlines here:<\/p>\n<p>Body and Soul:<br \/>\n31 March: A Conversation Salon: meet other curious, open-minded, open-hearted people and have conversations that challenge<\/p>\n<p>Children:<br \/>\n29 March: Professor Plunger &#8211; Street Show<br \/>\n29 March: H\u00e4nsel und Gretel &#8211; Puppet Show<\/p>\n<p>Dance:<br \/>\n01 April: Day of Dance<\/p>\n<p>Exploration:<br \/>\n29 March: Walk with Terry Fagan &#8211; Story\u2019s from around Dublin\u2019s famous Red-Light district known as Monto.<br \/>\n30 March: Key monuments on Dublin\u2019s O\u2019Connell Street<\/p>\n<p>Literature:<br \/>\n31 March: Growing up at the Five Lamps &#8211; Talk<br \/>\n02 April: Temper-Mental MissElayneous &amp; Andre K\u2019por<br \/>\n02 April: Tree Tales<\/p>\n<p>Music:<br \/>\n30 March: Flute Concert with Julie Maisel<\/p>\n<p>Theater:<br \/>\n03 April: The Merchant of Ennis<\/p>\n<p style=\"margin: 10px 0;\">And on top of that there are a number of exhibitions.<\/p>\n<\/div>\n<div style=\"font-size: 13px; color: #534438; line-height: 20px;\"><\/div>\n<p style=\"font-size: 13px; color: #534438; line-height: 20px;\"><a style=\"color: #cc2979; text-decoration: none;\" href=\"http:\/\/www.fivelampsarts.ie\/\">http:\/\/www.fivelampsarts.ie\/<\/a><\/p>\n<\/td>\n<td valign=\"top\"><\/td>\n<\/tr>\n<\/tbody>\n<\/table>\n<\/td>\n<\/tr>\n<\/tbody>\n<\/table>\n<\/td>\n<\/tr>\n<\/tbody>\n<\/table>\n<table width=\"100%\" cellspacing=\"0\" cellpadding=\"0\">\n<tbody>\n<tr>\n<td style=\"padding: 10px 30px;\">\n<table width=\"100%\" cellspacing=\"0\" cellpadding=\"0\">\n<tbody>\n<tr>\n<td valign=\"top\" width=\"52\"><img loading=\"lazy\" decoding=\"async\" src=\"http:\/\/dublineventguide.com\/dff\/admin\/images\/categories\/ACTIVITY.png\" alt=\"\" width=\"32\" height=\"32\" \/><\/td>\n<td>\n<h2 style=\"font-size: 16px; color: #534438; margin: 0 0 5px; font-weight: normal;\">&#8220;My Favourites&#8221; &#8211; Walking Tour<\/h2>\n<h3 style=\"font-size: 13px; margin: 0; padding: 0; line-height: 16px; color: #534438;\"><img loading=\"lazy\" decoding=\"async\" style=\"display: inline; float: left;\" src=\"http:\/\/dublineventguide.com\/dff\/admin\/images\/weekly.png\" alt=\"\" width=\"69\" height=\"16\" \/> 11:00 &#8211; 13:00, Tue 01 Apr<\/h3>\n<p style=\"font-size: 13px; color: #534438; line-height: 20px; margin: 0; padding-top: 0;\">Spire, O&#8217;Connell Street, Dublin 1<\/p>\n<table width=\"100%\" cellspacing=\"0\" cellpadding=\"0\">\n<tbody>\n<tr>\n<td valign=\"top\">\n<div style=\"font-size: 13px; color: #534438; line-height: 20px;\">\n<p style=\"margin: 10px 0;\">&#8220;These Are a Few of My Favourite Things&#8221; is the title of a Walking Tour that Emily Gallagher will on Tuesday now as well. It will be an Alternative Arts and Culture Trail and she will bring you to &#8220;Dublin\u2019s Best Cafes, Bars, Markets, Unusual Stores, Galleries, Theatres, Arts Spaces, and more! And hear some tales you\u2019ve never heard before!&#8221;<\/p>\n<p style=\"margin: 10px 0;\">Meeting point is at the Spire. The tours are free but donations are welcome and booking is required via egaldog@gmail.com or 085-2725095<\/p>\n<\/div>\n<div style=\"font-size: 13px; color: #534438; line-height: 20px;\"><\/div>\n<\/td>\n<td valign=\"top\"><\/td>\n<\/tr>\n<\/tbody>\n<\/table>\n<\/td>\n<\/tr>\n<\/tbody>\n<\/table>\n<\/td>\n<\/tr>\n<\/tbody>\n<\/table>\n<table width=\"100%\" cellspacing=\"0\" cellpadding=\"0\">\n<tbody>\n<tr>\n<td style=\"padding: 10px 30px;\">\n<table width=\"100%\" cellspacing=\"0\" cellpadding=\"0\">\n<tbody>\n<tr>\n<td valign=\"top\" width=\"52\"><img loading=\"lazy\" decoding=\"async\" src=\"http:\/\/dublineventguide.com\/dff\/admin\/images\/categories\/TALKS.png\" alt=\"\" width=\"32\" height=\"32\" \/><\/td>\n<td>\n<h2 style=\"font-size: 16px; color: #534438; margin: 0 0 5px; font-weight: normal;\">National Gallery Talks<\/h2>\n<h3 style=\"font-size: 13px; margin: 0; padding: 0; line-height: 16px; color: #534438;\"><img loading=\"lazy\" decoding=\"async\" style=\"display: inline; float: left;\" src=\"http:\/\/dublineventguide.com\/dff\/admin\/images\/weekly.png\" alt=\"\" width=\"69\" height=\"16\" \/> 11:30 &#8211; 16:50, Tue 01 Apr<\/h3>\n<p style=\"font-size: 13px; color: #534438; line-height: 20px; margin: 0; padding-top: 0;\">National Gallery, Clare Street, Dublin 2<\/p>\n<table width=\"100%\" cellspacing=\"0\" cellpadding=\"0\">\n<tbody>\n<tr>\n<td valign=\"top\">\n<div style=\"font-size: 13px; color: #534438; line-height: 20px;\">\n<p style=\"margin: 10px 0;\">The National Gallery has an extensive programme of free talks, public tours and Art Documentary screenings focusing on highlights of the European and Irish Collection every day of the week. Check their website for details.<\/p>\n<\/div>\n<div style=\"font-size: 13px; color: #534438; line-height: 20px;\"><\/div>\n<p style=\"font-size: 13px; color: #534438; line-height: 20px;\"><a style=\"color: #cc2979; text-decoration: none;\" href=\"http:\/\/nationalgallery.ie\/whatson\">http:\/\/nationalgallery.ie\/whatson<\/a><\/p>\n<\/td>\n<td valign=\"top\"><\/td>\n<\/tr>\n<\/tbody>\n<\/table>\n<\/td>\n<\/tr>\n<\/tbody>\n<\/table>\n<\/td>\n<\/tr>\n<\/tbody>\n<\/table>\n<table width=\"100%\" cellspacing=\"0\" cellpadding=\"0\">\n<tbody>\n<tr>\n<td style=\"padding: 10px 30px;\">\n<table width=\"100%\" cellspacing=\"0\" cellpadding=\"0\">\n<tbody>\n<tr>\n<td valign=\"top\" width=\"52\"><img loading=\"lazy\" decoding=\"async\" src=\"http:\/\/dublineventguide.com\/dff\/admin\/images\/categories\/TALKS.png\" alt=\"\" width=\"32\" height=\"32\" \/><\/td>\n<td>\n<h2 style=\"font-size: 16px; color: #534438; margin: 0 0 5px; font-weight: normal;\">Being a Man in a Transnational World<\/h2>\n<h3 style=\"font-size: 13px; margin: 0; padding: 0; line-height: 16px; color: #534438;\">13:00, Tue 01 Apr<\/h3>\n<p style=\"font-size: 13px; color: #534438; line-height: 20px; margin: 0; padding-top: 0;\">Newman Building, UCD Campus, Belfield, Dublin 4<\/p>\n<table width=\"100%\" cellspacing=\"0\" cellpadding=\"0\">\n<tbody>\n<tr>\n<td valign=\"top\">\n<div style=\"font-size: 13px; color: #534438; line-height: 20px;\">\n<p style=\"margin: 10px 0;\">Dr. Ernesto Vasquez del Aguila is the author of &#8220;Being a Man in a Transnational World&#8221;, which analyses the complex processes of becoming a man and the strategies used by men to reconcile paradoxes and contradictions that coexist between multiple masculinities and contradictory models of being a man.<\/p>\n<p style=\"margin: 10px 0;\">Admission is free to this talk and all are welcome.<\/p>\n<\/div>\n<div style=\"font-size: 13px; color: #534438; line-height: 20px;\"><\/div>\n<p style=\"font-size: 13px; color: #534438; line-height: 20px;\"><a style=\"color: #cc2979; text-decoration: none;\" href=\"http:\/\/www.ucd.ie\/events\/calendar?lang=en&amp;dt=d.en.200951&amp;f=week&amp;d=04\/04\/2014&amp;sd=Tuesday,01April2014\">http:\/\/www.ucd.ie\/events\/calendar?lang=en&amp;dt=d.en.200951&amp;f=week&amp;d=04\/04\/2014&amp;sd=Tuesday,01April2014<\/a><\/p>\n<\/td>\n<td valign=\"top\"><\/td>\n<\/tr>\n<\/tbody>\n<\/table>\n<\/td>\n<\/tr>\n<\/tbody>\n<\/table>\n<\/td>\n<\/tr>\n<\/tbody>\n<\/table>\n<table width=\"100%\" cellspacing=\"0\" cellpadding=\"0\">\n<tbody>\n<tr>\n<td style=\"padding: 10px 30px;\">\n<table width=\"100%\" cellspacing=\"0\" cellpadding=\"0\">\n<tbody>\n<tr>\n<td valign=\"top\" width=\"52\"><img loading=\"lazy\" decoding=\"async\" src=\"http:\/\/dublineventguide.com\/dff\/admin\/images\/categories\/TALKS.png\" alt=\"\" width=\"32\" height=\"32\" \/><\/td>\n<td>\n<h2 style=\"font-size: 16px; color: #534438; margin: 0 0 5px; font-weight: normal;\">The Battle of Clontarf in Irish history and legend<\/h2>\n<h3 style=\"font-size: 13px; margin: 0; padding: 0; line-height: 16px; color: #534438;\">13:00 &#8211; 14:00, Tue 01 Apr<\/h3>\n<p style=\"font-size: 13px; color: #534438; line-height: 20px; margin: 0; padding-top: 0;\">Royal Irish Academy, 19 Dawson Street, Dublin 2<\/p>\n<table width=\"100%\" cellspacing=\"0\" cellpadding=\"0\">\n<tbody>\n<tr>\n<td valign=\"top\">\n<div style=\"font-size: 13px; color: #534438; line-height: 20px;\">\n<p style=\"margin: 10px 0;\">The Library Lunch Time Lecture Series that accompanies the current &#8220;Battle of Clontarf&#8221; exhibition in the Library of the Royal Irish Academy continues with a talk by Donnchadh \u00d3 Corr\u00e1in, MRIA, UCC.<\/p>\n<p style=\"margin: 10px 0;\">He will discuss &#8220;D\u00e1l Cais, D\u00e9is, \u00d3 Briain &#8211; changing places, changing identities&#8221; on Tuesday.<\/p>\n<p style=\"margin: 10px 0;\">Admission is free and no booking is required.<\/p>\n<\/div>\n<div style=\"font-size: 13px; color: #534438; line-height: 20px;\"><\/div>\n<p style=\"font-size: 13px; color: #534438; line-height: 20px;\"><a style=\"color: #cc2979; text-decoration: none;\" href=\"http:\/\/www.ria.ie\/Events\/Events-Listing\/Library-Lunch-Time-Lecture-Series-%284%29\">http:\/\/www.ria.ie\/Events\/Events-Listing\/Library-Lunch-Time-Lecture-Series-%284%29<\/a><\/p>\n<\/td>\n<td valign=\"top\"><\/td>\n<\/tr>\n<\/tbody>\n<\/table>\n<\/td>\n<\/tr>\n<\/tbody>\n<\/table>\n<\/td>\n<\/tr>\n<\/tbody>\n<\/table>\n<table width=\"100%\" cellspacing=\"0\" cellpadding=\"0\">\n<tbody>\n<tr>\n<td style=\"padding: 10px 30px;\">\n<table width=\"100%\" cellspacing=\"0\" cellpadding=\"0\">\n<tbody>\n<tr>\n<td valign=\"top\" width=\"52\"><img loading=\"lazy\" decoding=\"async\" src=\"http:\/\/dublineventguide.com\/dff\/admin\/images\/categories\/TALKS.png\" alt=\"\" width=\"32\" height=\"32\" \/><\/td>\n<td>\n<h2 style=\"font-size: 16px; color: #534438; margin: 0 0 5px; font-weight: normal;\">Battle of Clontarf 1014-2014 &#8211; City Hall Lectures<\/h2>\n<h3 style=\"font-size: 13px; margin: 0; padding: 0; line-height: 16px; color: #534438;\">13:10, Tue 01 Apr<\/h3>\n<p style=\"font-size: 13px; color: #534438; line-height: 20px; margin: 0; padding-top: 0;\">Council Chamber, City Hall, Dames Street, Dublin 2<\/p>\n<table width=\"100%\" cellspacing=\"0\" cellpadding=\"0\">\n<tbody>\n<tr>\n<td valign=\"top\">\n<div style=\"font-size: 13px; color: #534438; line-height: 20px;\">\n<p style=\"margin: 10px 0;\">The Battle of Clontarf will be the theme of these lunchtime lectures in City Hall. They will take place every Tuesday in April from 13:10-13:50:<\/p>\n<p>+ 01 April: &#8220;That Field of Glory: Historical and Antiquarian Perspectives on The Battle of Clontarf&#8221; with Dr. Colm Lennon (Emeritus Professor, Department of History, NUI Maynooth)<br \/>\n+ 08 April: &#8220;Queen Gormlaith, Brian Boru and The Northmen of Dublin&#8221; with Dr. Howard B. Clarke (Emeritus Professor, Department of Medieval History, UCD)<br \/>\n+ 15 April: &#8220;Picturing the Battle of Clontarf: James Ward\u2019s Murals in Dublin\u2019s City Hall&#8221; with Dr. Joseph McBrinn (Lecturer in History of Design and Applied Arts Belfast School of Art University of Ulster)<br \/>\n+ 22 April: &#8220;Commemorating Clontarf in 1914: The Clancy Chain and the Celtic Revival&#8221; with Dr. Nicola Gordon Bowe (Associate Fellow, Faculty of Visual Culture National College of Art and Design)<br \/>\n+ 29 April: &#8220;The Brian Boru Harp and its Musical Legacy&#8221; with Dr. Janet Harbison (Irish Harp Centre and Irish Harp College, Limerick)<\/p>\n<p style=\"margin: 10px 0;\">Admission is free and booking is not required. Come early to get a seat (max number of people: 110), doors open at 12:30.<\/p>\n<p style=\"margin: 10px 0;\">\n<\/div>\n<div style=\"font-size: 13px; color: #534438; line-height: 20px;\"><\/div>\n<p style=\"font-size: 13px; color: #534438; line-height: 20px;\"><a style=\"color: #cc2979; text-decoration: none;\" href=\"http:\/\/www.dublincity.ie\/RecreationandCulture\/libraries\/library_events\/Pages\/City_hall_lectures_2014.aspx\">http:\/\/www.dublincity.ie\/RecreationandCulture\/libraries\/library_events\/Pages\/City_hall_lectures_2014.aspx<\/a><\/p>\n<\/td>\n<td valign=\"top\"><\/td>\n<\/tr>\n<\/tbody>\n<\/table>\n<\/td>\n<\/tr>\n<\/tbody>\n<\/table>\n<\/td>\n<\/tr>\n<\/tbody>\n<\/table>\n<table width=\"100%\" cellspacing=\"0\" cellpadding=\"0\">\n<tbody>\n<tr>\n<td style=\"padding: 10px 30px;\">\n<table width=\"100%\" cellspacing=\"0\" cellpadding=\"0\">\n<tbody>\n<tr>\n<td valign=\"top\" width=\"52\"><img loading=\"lazy\" decoding=\"async\" src=\"http:\/\/dublineventguide.com\/dff\/admin\/images\/categories\/MUSIC.png\" alt=\"\" width=\"32\" height=\"32\" \/><\/td>\n<td>\n<h2 style=\"font-size: 16px; color: #534438; margin: 0 0 5px; font-weight: normal;\">Southampton University Concert Band<\/h2>\n<h3 style=\"font-size: 13px; margin: 0; padding: 0; line-height: 16px; color: #534438;\">13:15, Tue 01 Apr<\/h3>\n<p style=\"font-size: 13px; color: #534438; line-height: 20px; margin: 0; padding-top: 0;\">St Ann&#8217;s Church, Dawson Street, Dublin 2<\/p>\n<table width=\"100%\" cellspacing=\"0\" cellpadding=\"0\">\n<tbody>\n<tr>\n<td valign=\"top\">\n<div style=\"font-size: 13px; color: #534438; line-height: 20px;\">\n<p style=\"margin: 10px 0;\">The Southampton University Concert Band will perform popular hits by John Williams, Adele, Stevie Wonder &amp; JS. Bach at St. Ann&#8217;s Church. Admission is free, but your donations for Age Action Ireland are appreciated.<\/p>\n<\/div>\n<div style=\"font-size: 13px; color: #534438; line-height: 20px;\"><\/div>\n<p style=\"font-size: 13px; color: #534438; line-height: 20px;\"><a style=\"color: #cc2979; text-decoration: none;\" href=\"http:\/\/stann.dublin.anglican.org\/concerts\/index.php\">http:\/\/stann.dublin.anglican.org\/concerts\/index.php<\/a><\/p>\n<\/td>\n<td valign=\"top\"><\/td>\n<\/tr>\n<\/tbody>\n<\/table>\n<\/td>\n<\/tr>\n<\/tbody>\n<\/table>\n<\/td>\n<\/tr>\n<\/tbody>\n<\/table>\n<table width=\"100%\" cellspacing=\"0\" cellpadding=\"0\">\n<tbody>\n<tr>\n<td style=\"padding: 10px 30px;\">\n<table width=\"100%\" cellspacing=\"0\" cellpadding=\"0\">\n<tbody>\n<tr>\n<td valign=\"top\" width=\"52\"><img loading=\"lazy\" decoding=\"async\" src=\"http:\/\/dublineventguide.com\/dff\/admin\/images\/categories\/LITERATURE.png\" alt=\"\" width=\"32\" height=\"32\" \/><\/td>\n<td>\n<h2 style=\"font-size: 16px; color: #534438; margin: 0 0 5px; font-weight: normal;\">Dublin: One City One Book<\/h2>\n<h3 style=\"font-size: 13px; margin: 0; padding: 0; line-height: 16px; color: #534438;\">14:00, Tue 01 Apr<\/h3>\n<p style=\"font-size: 13px; color: #534438; line-height: 20px; margin: 0; padding-top: 0;\">Dublin (various locations)<\/p>\n<table width=\"100%\" cellspacing=\"0\" cellpadding=\"0\">\n<tbody>\n<tr>\n<td valign=\"top\">\n<div style=\"font-size: 13px; color: #534438; line-height: 20px;\">\n<p>The Dublin: One City One Book events continue for the whole month and there are lots of events taking place in connection with it too. A website here <a style=\"color: #cc2979; text-decoration: none;\" href=\"http:\/\/www.dublinonecityonebook.ie\/events-2014\">http:\/\/www.dublinonecityonebook.ie\/events-2014<\/a> lists all the events and it would be silly if just copied them.<\/p>\n<p style=\"margin: 10px 0;\">So, if you are interested in this topic, go to the website mentioned above to find all details.<\/p>\n<\/div>\n<div style=\"font-size: 13px; color: #534438; line-height: 20px;\"><\/div>\n<p style=\"font-size: 13px; color: #534438; line-height: 20px;\"><a style=\"color: #cc2979; text-decoration: none;\" href=\"http:\/\/www.dublinonecityonebook.ie\/events-2014\">http:\/\/www.dublinonecityonebook.ie\/events-2014<\/a><\/p>\n<\/td>\n<td valign=\"top\"><\/td>\n<\/tr>\n<\/tbody>\n<\/table>\n<\/td>\n<\/tr>\n<\/tbody>\n<\/table>\n<\/td>\n<\/tr>\n<\/tbody>\n<\/table>\n<table width=\"100%\" cellspacing=\"0\" cellpadding=\"0\">\n<tbody>\n<tr>\n<td style=\"padding: 10px 30px;\">\n<table width=\"100%\" cellspacing=\"0\" cellpadding=\"0\">\n<tbody>\n<tr>\n<td valign=\"top\" width=\"52\"><img loading=\"lazy\" decoding=\"async\" src=\"http:\/\/dublineventguide.com\/dff\/admin\/images\/categories\/TALKS.png\" alt=\"\" width=\"32\" height=\"32\" \/><\/td>\n<td>\n<h2 style=\"font-size: 16px; color: #534438; margin: 0 0 5px; font-weight: normal;\">Irish Export Success &#8211; Dawn Farm Foods &#8211; Talk<\/h2>\n<h3 style=\"font-size: 13px; margin: 0; padding: 0; line-height: 16px; color: #534438;\">18:00, Tue 01 Apr<\/h3>\n<p style=\"font-size: 13px; color: #534438; line-height: 20px; margin: 0; padding-top: 0;\">RDS, Merrion Road, Ballsbridge, Dublin 4<\/p>\n<table width=\"100%\" cellspacing=\"0\" cellpadding=\"0\">\n<tbody>\n<tr>\n<td valign=\"top\">\n<div style=\"font-size: 13px; color: #534438; line-height: 20px;\">\n<p style=\"margin: 10px 0;\">The next event in the RDS Economic Recovery Lecture Series iw with Larry Murrin, CEO, Dawn Farm Foods. He will talk about &#8220;Irish Export Success &#8211; A case study of Dawn Farm Foods&#8221;. More information about the topic can be found on the website below.<\/p>\n<p style=\"margin: 10px 0;\">Admission is free. The talk will take place in the Merrion Room.<\/p>\n<\/div>\n<div style=\"font-size: 13px; color: #534438; line-height: 20px;\"><\/div>\n<p style=\"font-size: 13px; color: #534438; line-height: 20px;\"><a style=\"color: #cc2979; text-decoration: none;\" href=\"http:\/\/www.rds.ie\/cat_event_detail.jsp?itemID=1103544\">http:\/\/www.rds.ie\/cat_event_detail.jsp?itemID=1103544<\/a><\/p>\n<\/td>\n<td valign=\"top\"><\/td>\n<\/tr>\n<\/tbody>\n<\/table>\n<\/td>\n<\/tr>\n<\/tbody>\n<\/table>\n<\/td>\n<\/tr>\n<\/tbody>\n<\/table>\n<table width=\"100%\" cellspacing=\"0\" cellpadding=\"0\">\n<tbody>\n<tr>\n<td style=\"padding: 10px 30px;\">\n<table width=\"100%\" cellspacing=\"0\" cellpadding=\"0\">\n<tbody>\n<tr>\n<td valign=\"top\" width=\"52\"><img loading=\"lazy\" decoding=\"async\" src=\"http:\/\/dublineventguide.com\/dff\/admin\/images\/categories\/TALKS.png\" alt=\"\" width=\"32\" height=\"32\" \/><\/td>\n<td>\n<h2 style=\"font-size: 16px; color: #534438; margin: 0 0 5px; font-weight: normal;\">Quantified Self Meet Up<\/h2>\n<h3 style=\"font-size: 13px; margin: 0; padding: 0; line-height: 16px; color: #534438;\">18:00 &#8211; 20:00, Tue 01 Apr<\/h3>\n<p style=\"font-size: 13px; color: #534438; line-height: 20px; margin: 0; padding-top: 0;\">Science Gallery, Pearse Street, TCD, Dublin 2<\/p>\n<table width=\"100%\" cellspacing=\"0\" cellpadding=\"0\">\n<tbody>\n<tr>\n<td valign=\"top\">\n<div style=\"font-size: 13px; color: #534438; line-height: 20px;\">\n<p style=\"margin: 10px 0;\">The Dublin Quantified Self group is for anyone interested in self-tracking. Do you record your jogging times? Or how often you communicate with friends? Or how you are feeling? If you track personal information, hoping to gain insights into yourself or your surrounding world, then this group is for you.<\/p>\n<p>Admission is free, but you have to book at: <a style=\"color: #cc2979; text-decoration: none;\" href=\"http:\/\/www.meetup.com\/Quantified-Self-Dublin\/events\/160877252\/\">http:\/\/www.meetup.com\/Quantified-Self-Dublin\/events\/160877252\/<\/a><\/p>\n<\/div>\n<div style=\"font-size: 13px; color: #534438; line-height: 20px;\"><\/div>\n<p style=\"font-size: 13px; color: #534438; line-height: 20px;\"><a style=\"color: #cc2979; text-decoration: none;\" href=\"https:\/\/dublin.sciencegallery.com\/events\/2014\/02\/quantifiedselfmeet\">https:\/\/dublin.sciencegallery.com\/events\/2014\/02\/quantifiedselfmeet<\/a><\/p>\n<\/td>\n<td valign=\"top\"><\/td>\n<\/tr>\n<\/tbody>\n<\/table>\n<\/td>\n<\/tr>\n<\/tbody>\n<\/table>\n<\/td>\n<\/tr>\n<\/tbody>\n<\/table>\n<table width=\"100%\" cellspacing=\"0\" cellpadding=\"0\">\n<tbody>\n<tr>\n<td style=\"padding: 10px 30px;\">\n<table width=\"100%\" cellspacing=\"0\" cellpadding=\"0\">\n<tbody>\n<tr>\n<td valign=\"top\" width=\"52\"><img loading=\"lazy\" decoding=\"async\" src=\"http:\/\/dublineventguide.com\/dff\/admin\/images\/categories\/TALKS.png\" alt=\"\" width=\"32\" height=\"32\" \/><\/td>\n<td>\n<h2 style=\"font-size: 16px; color: #534438; margin: 0 0 5px; font-weight: normal;\">Central Catholic Library &#8211; Lecture<\/h2>\n<h3 style=\"font-size: 13px; margin: 0; padding: 0; line-height: 16px; color: #534438;\">18:30, Tue 01 Apr<\/h3>\n<p style=\"font-size: 13px; color: #534438; line-height: 20px; margin: 0; padding-top: 0;\">Central Catholic Library, 74 Merrion Square, Dublin 2<\/p>\n<table width=\"100%\" cellspacing=\"0\" cellpadding=\"0\">\n<tbody>\n<tr>\n<td valign=\"top\">\n<div style=\"font-size: 13px; color: #534438; line-height: 20px;\">\n<p style=\"margin: 10px 0;\">Brendan P. O\u2019Reilly will talk about &#8220;The New Irish Catholic Catechism for Adults&#8221;. Admission is free.<\/p>\n<\/div>\n<div style=\"font-size: 13px; color: #534438; line-height: 20px;\"><\/div>\n<p style=\"font-size: 13px; color: #534438; line-height: 20px;\"><a style=\"color: #cc2979; text-decoration: none;\" href=\"http:\/\/merrionsquare.ie\/index.php\/spring-lectures-in-the-central-catholic-library\/\">http:\/\/merrionsquare.ie\/index.php\/spring-lectures-in-the-central-catholic-library\/<\/a><\/p>\n<\/td>\n<td valign=\"top\"><\/td>\n<\/tr>\n<\/tbody>\n<\/table>\n<\/td>\n<\/tr>\n<\/tbody>\n<\/table>\n<\/td>\n<\/tr>\n<\/tbody>\n<\/table>\n<table width=\"100%\" cellspacing=\"0\" cellpadding=\"0\">\n<tbody>\n<tr>\n<td style=\"padding: 10px 30px;\">\n<table width=\"100%\" cellspacing=\"0\" cellpadding=\"0\">\n<tbody>\n<tr>\n<td valign=\"top\" width=\"52\"><img loading=\"lazy\" decoding=\"async\" src=\"http:\/\/dublineventguide.com\/dff\/admin\/images\/categories\/TALKS.png\" alt=\"\" width=\"32\" height=\"32\" \/><\/td>\n<td>\n<h2 style=\"font-size: 16px; color: #534438; margin: 0 0 5px; font-weight: normal;\">Green Drinks Dublin &#8211; Energy Efficiency in Public Sector<\/h2>\n<h3 style=\"font-size: 13px; margin: 0; padding: 0; line-height: 16px; color: #534438;\">18:30, Tue 01 Apr<\/h3>\n<p style=\"font-size: 13px; color: #534438; line-height: 20px; margin: 0; padding-top: 0;\">J.W. Sweetman, 2 Burgh Quay, Dublin 2<\/p>\n<table width=\"100%\" cellspacing=\"0\" cellpadding=\"0\">\n<tbody>\n<tr>\n<td valign=\"top\">\n<div style=\"font-size: 13px; color: #534438; line-height: 20px;\">\n<p style=\"margin: 10px 0;\">The monthly Green Drinks Dublin will take place in Sweetman&#8217;s on Monday (top floor). The event is organised by the Irish Wildlife Trust and is a monthly get-together of people that care about green\/environmental issues. This time the talk is about &#8220;Energy Efficiency in the Public Sector- the Cuts that Don&#8217;t Hurt&#8221; with Anna Heussaff from Dublin Friends of the Earth.<\/p>\n<\/div>\n<div style=\"font-size: 13px; color: #534438; line-height: 20px;\"><\/div>\n<p style=\"font-size: 13px; color: #534438; line-height: 20px;\"><a style=\"color: #cc2979; text-decoration: none;\" href=\"https:\/\/www.facebook.com\/events\/632222886852524\/\">https:\/\/www.facebook.com\/events\/632222886852524\/<\/a><\/p>\n<\/td>\n<td valign=\"top\"><\/td>\n<\/tr>\n<\/tbody>\n<\/table>\n<\/td>\n<\/tr>\n<\/tbody>\n<\/table>\n<\/td>\n<\/tr>\n<\/tbody>\n<\/table>\n<table width=\"100%\" cellspacing=\"0\" cellpadding=\"0\">\n<tbody>\n<tr>\n<td style=\"padding: 10px 30px;\">\n<table width=\"100%\" cellspacing=\"0\" cellpadding=\"0\">\n<tbody>\n<tr>\n<td valign=\"top\" width=\"52\"><img loading=\"lazy\" decoding=\"async\" src=\"http:\/\/dublineventguide.com\/dff\/admin\/images\/categories\/TALKS.png\" alt=\"\" width=\"32\" height=\"32\" \/><\/td>\n<td>\n<h2 style=\"font-size: 16px; color: #534438; margin: 0 0 5px; font-weight: normal;\">Music at the Abbey Theatre, 1904-1965<\/h2>\n<h3 style=\"font-size: 13px; margin: 0; padding: 0; line-height: 16px; color: #534438;\">18:30, Tue 01 Apr<\/h3>\n<p style=\"font-size: 13px; color: #534438; line-height: 20px; margin: 0; padding-top: 0;\">Dublin City Library &amp; Archive, 138-144 Pearse Street, Dublin 2<\/p>\n<table width=\"100%\" cellspacing=\"0\" cellpadding=\"0\">\n<tbody>\n<tr>\n<td valign=\"top\">\n<div style=\"font-size: 13px; color: #534438; line-height: 20px;\">\n<p style=\"margin: 10px 0;\">The Irish Society for Archives presents &#8220;Music at the Abbey Theatre, 1904-1965&#8221; with Dr. Maria McHale (Conservatory of Music and Drama, Dublin Institute of Technology). A wine reception will preceed the event. Admission is free.<\/p>\n<p style=\"margin: 10px 0;\">\n<\/div>\n<div style=\"font-size: 13px; color: #534438; line-height: 20px;\"><\/div>\n<p style=\"font-size: 13px; color: #534438; line-height: 20px;\"><a style=\"color: #cc2979; text-decoration: none;\" href=\"http:\/\/www.dublincity.ie\/RecreationandCulture\/libraries\/library_events\/Pages\/isa_public_lecture.aspx\">http:\/\/www.dublincity.ie\/RecreationandCulture\/libraries\/library_events\/Pages\/isa_public_lecture.aspx<\/a><\/p>\n<\/td>\n<td valign=\"top\"><\/td>\n<\/tr>\n<\/tbody>\n<\/table>\n<\/td>\n<\/tr>\n<\/tbody>\n<\/table>\n<\/td>\n<\/tr>\n<\/tbody>\n<\/table>\n<table width=\"100%\" cellspacing=\"0\" cellpadding=\"0\">\n<tbody>\n<tr>\n<td style=\"padding: 10px 30px;\">\n<table width=\"100%\" cellspacing=\"0\" cellpadding=\"0\">\n<tbody>\n<tr>\n<td valign=\"top\" width=\"52\"><img loading=\"lazy\" decoding=\"async\" src=\"http:\/\/dublineventguide.com\/dff\/admin\/images\/categories\/LITERATURE.png\" alt=\"\" width=\"32\" height=\"32\" \/><\/td>\n<td>\n<h2 style=\"font-size: 16px; color: #534438; margin: 0 0 5px; font-weight: normal;\">Celia de Fr\u00e9ine &#8211; Poetry Launch<\/h2>\n<h3 style=\"font-size: 13px; margin: 0; padding: 0; line-height: 16px; color: #534438;\">19:00 &#8211; 21:00, Tue 01 Apr<\/h3>\n<p style=\"font-size: 13px; color: #534438; line-height: 20px; margin: 0; padding-top: 0;\">Irish Writers&#8217; Centre, 19 Parnell Square North, Dublin 1<\/p>\n<table width=\"100%\" cellspacing=\"0\" cellpadding=\"0\">\n<tbody>\n<tr>\n<td valign=\"top\">\n<div style=\"font-size: 13px; color: #534438; line-height: 20px;\">\n<p style=\"margin: 10px 0;\">The Launch of Celia de Fr\u00e9ine\u2019s poetry collection &#8220;cuir amach seo dom: riddle me this&#8221; will take place. It will be launched by Miche\u00e1l \u00d3 Ruairc. Admission is free.<\/p>\n<\/div>\n<div style=\"font-size: 13px; color: #534438; line-height: 20px;\"><\/div>\n<p style=\"font-size: 13px; color: #534438; line-height: 20px;\"><a style=\"color: #cc2979; text-decoration: none;\" href=\"http:\/\/www.writerscentre.ie\/html\/events\/atthecentre.html\">http:\/\/www.writerscentre.ie\/html\/events\/atthecentre.html<\/a><\/p>\n<\/td>\n<td valign=\"top\"><\/td>\n<\/tr>\n<\/tbody>\n<\/table>\n<\/td>\n<\/tr>\n<\/tbody>\n<\/table>\n<\/td>\n<\/tr>\n<\/tbody>\n<\/table>\n<table width=\"100%\" cellspacing=\"0\" cellpadding=\"0\">\n<tbody>\n<tr>\n<td style=\"padding: 10px 30px;\">\n<table width=\"100%\" cellspacing=\"0\" cellpadding=\"0\">\n<tbody>\n<tr>\n<td valign=\"top\" width=\"52\"><img loading=\"lazy\" decoding=\"async\" src=\"http:\/\/dublineventguide.com\/dff\/admin\/images\/categories\/FILM.png\" alt=\"\" width=\"32\" height=\"32\" \/><\/td>\n<td>\n<h2 style=\"font-size: 16px; color: #534438; margin: 0 0 5px; font-weight: normal;\">Pulp Fiction &#8211; Screening<\/h2>\n<h3 style=\"font-size: 13px; margin: 0; padding: 0; line-height: 16px; color: #534438;\">19:00, Tue 01 Apr<\/h3>\n<p style=\"font-size: 13px; color: #534438; line-height: 20px; margin: 0; padding-top: 0;\">Workman&#8217;s Club, 10 Wellington Quay, Dublin 2<\/p>\n<table width=\"100%\" cellspacing=\"0\" cellpadding=\"0\">\n<tbody>\n<tr>\n<td valign=\"top\">\n<div style=\"font-size: 13px; color: #534438; line-height: 20px;\">\n<p style=\"margin: 10px 0;\">The Workman&#8217;s Den Cinema Club presents &#8220;Pulp Fiction&#8221; and also the Irish Independent short film &#8220;Anna&#8221; by Director Eamonn. Admission is free.<\/p>\n<\/div>\n<div style=\"font-size: 13px; color: #534438; line-height: 20px;\"><\/div>\n<p style=\"font-size: 13px; color: #534438; line-height: 20px;\"><a style=\"color: #cc2979; text-decoration: none;\" href=\"http:\/\/theworkmansclub.com\/index.php\/events\/2372\/\">http:\/\/theworkmansclub.com\/index.php\/events\/2372\/<\/a><\/p>\n<\/td>\n<td valign=\"top\"><\/td>\n<\/tr>\n<\/tbody>\n<\/table>\n<\/td>\n<\/tr>\n<\/tbody>\n<\/table>\n<\/td>\n<\/tr>\n<\/tbody>\n<\/table>\n<table width=\"100%\" cellspacing=\"0\" cellpadding=\"0\">\n<tbody>\n<tr>\n<td style=\"padding: 10px 30px;\">\n<table width=\"100%\" cellspacing=\"0\" cellpadding=\"0\">\n<tbody>\n<tr>\n<td valign=\"top\" width=\"52\"><img loading=\"lazy\" decoding=\"async\" src=\"http:\/\/dublineventguide.com\/dff\/admin\/images\/categories\/MUSIC.png\" alt=\"\" width=\"32\" height=\"32\" \/><\/td>\n<td>\n<h2 style=\"font-size: 16px; color: #534438; margin: 0 0 5px; font-weight: normal;\">Ukulele Tuesday<\/h2>\n<h3 style=\"font-size: 13px; margin: 0; padding: 0; line-height: 16px; color: #534438;\"><img loading=\"lazy\" decoding=\"async\" style=\"display: inline; float: left;\" src=\"http:\/\/dublineventguide.com\/dff\/admin\/images\/weekly.png\" alt=\"\" width=\"69\" height=\"16\" \/> 19:45 &#8211; 22:00, Tue 01 Apr<\/h3>\n<p style=\"font-size: 13px; color: #534438; line-height: 20px; margin: 0; padding-top: 0;\">Stag&#8217;s Head, Dame Lane, Dublin 2<\/p>\n<table width=\"100%\" cellspacing=\"0\" cellpadding=\"0\">\n<tbody>\n<tr>\n<td valign=\"top\">\n<div style=\"font-size: 13px; color: #534438; line-height: 20px;\">\n<p style=\"margin: 10px 0;\">Every Tuesday an informal sing along with Ukulele and Toy Musical Instruments takes place in the Stag&#8217;s Head. Just bring your instrument and come along. Beginners are welcome. Admission is free and further details (and a big book of songs) are available on the Facebook Page below. The get-together meets in the &#8220;snug&#8221; in Stag&#8217;s Head.<\/p>\n<\/div>\n<div style=\"font-size: 13px; color: #534438; line-height: 20px;\"><\/div>\n<p style=\"font-size: 13px; color: #534438; line-height: 20px;\"><a style=\"color: #cc2979; text-decoration: none;\" href=\"https:\/\/www.facebook.com\/UkuleleTuesday\">https:\/\/www.facebook.com\/UkuleleTuesday<\/a><\/p>\n<\/td>\n<td valign=\"top\"><\/td>\n<\/tr>\n<\/tbody>\n<\/table>\n<\/td>\n<\/tr>\n<\/tbody>\n<\/table>\n<\/td>\n<\/tr>\n<\/tbody>\n<\/table>\n<table width=\"100%\" cellspacing=\"0\" cellpadding=\"0\">\n<tbody>\n<tr>\n<td style=\"padding: 10px 30px;\">\n<table width=\"100%\" cellspacing=\"0\" cellpadding=\"0\">\n<tbody>\n<tr>\n<td valign=\"top\" width=\"52\"><img loading=\"lazy\" decoding=\"async\" src=\"http:\/\/dublineventguide.com\/dff\/admin\/images\/categories\/MUSIC.png\" alt=\"\" width=\"32\" height=\"32\" \/><\/td>\n<td>\n<h2 style=\"font-size: 16px; color: #534438; margin: 0 0 5px; font-weight: normal;\">Ben Prevos Blue Tuesdays<\/h2>\n<h3 style=\"font-size: 13px; margin: 0; padding: 0; line-height: 16px; color: #534438;\"><img loading=\"lazy\" decoding=\"async\" style=\"display: inline; float: left;\" src=\"http:\/\/dublineventguide.com\/dff\/admin\/images\/weekly.png\" alt=\"\" width=\"69\" height=\"16\" \/> 20:00 &#8211; 23:30, Tue 01 Apr<\/h3>\n<p style=\"font-size: 13px; color: #534438; line-height: 20px; margin: 0; padding-top: 0;\">Sweeney Mongrel&#8217;s, 32 Dame Street, Dublin 2<\/p>\n<table width=\"100%\" cellspacing=\"0\" cellpadding=\"0\">\n<tbody>\n<tr>\n<td valign=\"top\">\n<div style=\"font-size: 13px; color: #534438; line-height: 20px;\">\n<p style=\"margin: 10px 0;\">Ben Prevo &amp; friends play saucy Blues &amp; soul every Tuesday<\/p>\n<\/div>\n<div style=\"font-size: 13px; color: #534438; line-height: 20px;\"><\/div>\n<p style=\"font-size: 13px; color: #534438; line-height: 20px;\"><a style=\"color: #cc2979; text-decoration: none;\" href=\"http:\/\/www.sweeneysdublin.ie\">http:\/\/www.sweeneysdublin.ie<\/a><\/p>\n<\/td>\n<td valign=\"top\"><\/td>\n<\/tr>\n<\/tbody>\n<\/table>\n<\/td>\n<\/tr>\n<\/tbody>\n<\/table>\n<\/td>\n<\/tr>\n<\/tbody>\n<\/table>\n<table width=\"100%\" cellspacing=\"0\" cellpadding=\"0\">\n<tbody>\n<tr>\n<td style=\"padding: 10px 30px;\">\n<table width=\"100%\" cellspacing=\"0\" cellpadding=\"0\">\n<tbody>\n<tr>\n<td valign=\"top\" width=\"52\"><img loading=\"lazy\" decoding=\"async\" src=\"http:\/\/dublineventguide.com\/dff\/admin\/images\/categories\/MUSIC.png\" alt=\"\" width=\"32\" height=\"32\" \/><\/td>\n<td>\n<h2 style=\"font-size: 16px; color: #534438; margin: 0 0 5px; font-weight: normal;\">Dublin Bluegrass Collective &#8211; Gig<\/h2>\n<h3 style=\"font-size: 13px; margin: 0; padding: 0; line-height: 16px; color: #534438;\"><img loading=\"lazy\" decoding=\"async\" style=\"display: inline; float: left;\" src=\"http:\/\/dublineventguide.com\/dff\/admin\/images\/weekly.png\" alt=\"\" width=\"69\" height=\"16\" \/> 20:00, Tue 01 Apr<\/h3>\n<p style=\"font-size: 13px; color: #534438; line-height: 20px; margin: 0; padding-top: 0;\">Sin \u00c9, 14 Ormond Quay, Dublin 1<\/p>\n<table width=\"100%\" cellspacing=\"0\" cellpadding=\"0\">\n<tbody>\n<tr>\n<td valign=\"top\">\n<div style=\"font-size: 13px; color: #534438; line-height: 20px;\">\n<p style=\"margin: 10px 0;\">Rumours have it that the Bluegrass Collective will perform in Sin \u00c9 on Tuesday and there might even be an open Bluegrass Jam! Admission is free.<\/p>\n<\/div>\n<div style=\"font-size: 13px; color: #534438; line-height: 20px;\"><\/div>\n<p style=\"font-size: 13px; color: #534438; line-height: 20px;\"><a style=\"color: #cc2979; text-decoration: none;\" href=\"https:\/\/www.facebook.com\/Sin.E.Pub\">https:\/\/www.facebook.com\/Sin.E.Pub<\/a><\/p>\n<\/td>\n<td valign=\"top\"><\/td>\n<\/tr>\n<\/tbody>\n<\/table>\n<\/td>\n<\/tr>\n<\/tbody>\n<\/table>\n<\/td>\n<\/tr>\n<\/tbody>\n<\/table>\n<table width=\"100%\" cellspacing=\"0\" cellpadding=\"0\">\n<tbody>\n<tr>\n<td style=\"padding: 10px 30px;\">\n<table width=\"100%\" cellspacing=\"0\" cellpadding=\"0\">\n<tbody>\n<tr>\n<td valign=\"top\" width=\"52\"><img loading=\"lazy\" decoding=\"async\" src=\"http:\/\/dublineventguide.com\/dff\/admin\/images\/categories\/COMEDY.png\" alt=\"\" width=\"32\" height=\"32\" \/><\/td>\n<td>\n<h2 style=\"font-size: 16px; color: #534438; margin: 0 0 5px; font-weight: normal;\">The Improrphans &#8211; Improv Comedy<\/h2>\n<h3 style=\"font-size: 13px; margin: 0; padding: 0; line-height: 16px; color: #534438;\">20:00 &#8211; 22:30, Tue 01 Apr<\/h3>\n<p style=\"font-size: 13px; color: #534438; line-height: 20px; margin: 0; padding-top: 0;\">Workman&#8217;s Club, 10 Wellington Quay, Dublin 2<\/p>\n<table width=\"100%\" cellspacing=\"0\" cellpadding=\"0\">\n<tbody>\n<tr>\n<td valign=\"top\">\n<div style=\"font-size: 13px; color: #534438; line-height: 20px;\">\n<p style=\"margin: 10px 0;\">The Improrphans are regularly performing Improv Comedy troupe in the Workman&#8217;s Club and I hear lots of good things about them. Admission to their performance is free, and donations at the end are very much welcome.<\/p>\n<p style=\"margin: 10px 0;\">The website of the Workman&#8217;s Club doesn&#8217;t list this gig, but I am assured it will take place.<\/p>\n<\/div>\n<div style=\"font-size: 13px; color: #534438; line-height: 20px;\"><\/div>\n<\/td>\n<td valign=\"top\"><\/td>\n<\/tr>\n<\/tbody>\n<\/table>\n<\/td>\n<\/tr>\n<\/tbody>\n<\/table>\n<\/td>\n<\/tr>\n<\/tbody>\n<\/table>\n<table width=\"100%\" cellspacing=\"0\" cellpadding=\"0\">\n<tbody>\n<tr>\n<td style=\"padding: 10px 30px;\">\n<table width=\"100%\" cellspacing=\"0\" cellpadding=\"0\">\n<tbody>\n<tr>\n<td valign=\"top\" width=\"52\"><img loading=\"lazy\" decoding=\"async\" src=\"http:\/\/dublineventguide.com\/dff\/admin\/images\/categories\/MUSIC.png\" alt=\"\" width=\"32\" height=\"32\" \/><\/td>\n<td>\n<h2 style=\"font-size: 16px; color: #534438; margin: 0 0 5px; font-weight: normal;\">The Folk Club<\/h2>\n<h3 style=\"font-size: 13px; margin: 0; padding: 0; line-height: 16px; color: #534438;\"><img loading=\"lazy\" decoding=\"async\" style=\"display: inline; float: left;\" src=\"http:\/\/dublineventguide.com\/dff\/admin\/images\/weekly.png\" alt=\"\" width=\"69\" height=\"16\" \/> 20:30, Tue 01 Apr<\/h3>\n<p style=\"font-size: 13px; color: #534438; line-height: 20px; margin: 0; padding-top: 0;\">Whelan&#8217;s, 25 Wexford Street, Dublin 2<\/p>\n<table width=\"100%\" cellspacing=\"0\" cellpadding=\"0\">\n<tbody>\n<tr>\n<td valign=\"top\">\n<div style=\"font-size: 13px; color: #534438; line-height: 20px;\">\n<p style=\"margin: 10px 0;\">The Folk Club in Whelan&#8217;s will bring you the best in Trad, Ballads, Americana &amp; World Music every Tuesday. The line-up this week is on the Facebook Page below. Admission is free.<\/p>\n<\/div>\n<div style=\"font-size: 13px; color: #534438; line-height: 20px;\"><\/div>\n<p style=\"font-size: 13px; color: #534438; line-height: 20px;\"><a style=\"color: #cc2979; text-decoration: none;\" href=\"https:\/\/www.facebook.com\/TheGrandFolkClub\">https:\/\/www.facebook.com\/TheGrandFolkClub<\/a><\/p>\n<\/td>\n<td valign=\"top\"><\/td>\n<\/tr>\n<\/tbody>\n<\/table>\n<\/td>\n<\/tr>\n<\/tbody>\n<\/table>\n<\/td>\n<\/tr>\n<\/tbody>\n<\/table>\n<table width=\"100%\" cellspacing=\"0\" cellpadding=\"0\">\n<tbody>\n<tr>\n<td style=\"padding: 10px 30px;\">\n<table width=\"100%\" cellspacing=\"0\" cellpadding=\"0\">\n<tbody>\n<tr>\n<td valign=\"top\" width=\"52\"><img loading=\"lazy\" decoding=\"async\" src=\"http:\/\/dublineventguide.com\/dff\/admin\/images\/categories\/MUSIC.png\" alt=\"\" width=\"32\" height=\"32\" \/><\/td>\n<td>\n<h2 style=\"font-size: 16px; color: #534438; margin: 0 0 5px; font-weight: normal;\">Jazz Jam Session &#8211; Grand Social<\/h2>\n<h3 style=\"font-size: 13px; margin: 0; padding: 0; line-height: 16px; color: #534438;\"><img loading=\"lazy\" decoding=\"async\" style=\"display: inline; float: left;\" src=\"http:\/\/dublineventguide.com\/dff\/admin\/images\/weekly.png\" alt=\"\" width=\"69\" height=\"16\" \/> 21:00, Tue 01 Apr<\/h3>\n<p style=\"font-size: 13px; color: #534438; line-height: 20px; margin: 0; padding-top: 0;\">Grand Social, 35 Lower Liffey Street (near Ha&#8217;Penny Bridge), Dublin 1<\/p>\n<table width=\"100%\" cellspacing=\"0\" cellpadding=\"0\">\n<tbody>\n<tr>\n<td valign=\"top\">\n<div style=\"font-size: 13px; color: #534438; line-height: 20px;\">\n<p style=\"margin: 10px 0;\">Every Tuesday a Jazz Jam Session will take place in the Grand Social and you are invited to listen or even to participate. Admission is free for musicians and audience.<\/p>\n<p style=\"margin: 10px 0;\">Instruments are supplied (drums (no cymbals), double bass, guitar amp, bass amp, PA system) and ideas and themes will be proposed prior to the session to the musicians who join the event on Facebook (see Facebook Page below).<\/p>\n<\/div>\n<div style=\"font-size: 13px; color: #534438; line-height: 20px;\"><\/div>\n<p style=\"font-size: 13px; color: #534438; line-height: 20px;\"><a style=\"color: #cc2979; text-decoration: none;\" href=\"https:\/\/www.facebook.com\/pages\/Jazz-Jam-Session-at-The-Grand-Social\/224553674385198\">https:\/\/www.facebook.com\/pages\/Jazz-Jam-Session-at-The-Grand-Social\/224553674385198<\/a><\/p>\n<\/td>\n<td valign=\"top\"><\/td>\n<\/tr>\n<\/tbody>\n<\/table>\n<\/td>\n<\/tr>\n<\/tbody>\n<\/table>\n<\/td>\n<\/tr>\n<\/tbody>\n<\/table>\n<table width=\"100%\" cellspacing=\"0\" cellpadding=\"0\">\n<tbody>\n<tr>\n<td style=\"padding: 10px 30px;\">\n<table width=\"100%\" cellspacing=\"0\" cellpadding=\"0\">\n<tbody>\n<tr>\n<td valign=\"top\" width=\"52\"><img loading=\"lazy\" decoding=\"async\" src=\"http:\/\/dublineventguide.com\/dff\/admin\/images\/categories\/MUSIC.png\" alt=\"\" width=\"32\" height=\"32\" \/><\/td>\n<td>\n<h2 style=\"font-size: 16px; color: #534438; margin: 0 0 5px; font-weight: normal;\">Phoenix Big Band<\/h2>\n<h3 style=\"font-size: 13px; margin: 0; padding: 0; line-height: 16px; color: #534438;\"><img loading=\"lazy\" decoding=\"async\" style=\"display: inline; float: left;\" src=\"http:\/\/dublineventguide.com\/dff\/admin\/images\/weekly.png\" alt=\"\" width=\"69\" height=\"16\" \/> 21:00 &#8211; 23:00, Tue 01 Apr<\/h3>\n<p style=\"font-size: 13px; color: #534438; line-height: 20px; margin: 0; padding-top: 0;\">Tara Towers Hotel, Merrion Road, Dublin 4<\/p>\n<table width=\"100%\" cellspacing=\"0\" cellpadding=\"0\">\n<tbody>\n<tr>\n<td valign=\"top\">\n<div style=\"font-size: 13px; color: #534438; line-height: 20px;\">\n<p style=\"margin: 10px 0;\">The Phoenix Big Band is a 16 piece band playing songs of the 1930s, 1940s and other big band arrangements and they are playing every Tuesday in the Tara Tower Hotel (since 2012!) for adult dancing. If you like to waltz, cha cha or foxtrot, come and enjoy their performance.<\/p>\n<p style=\"margin: 10px 0;\">Admission is free.<\/p>\n<p style=\"margin: 10px 0;\">The band plays in the main function room which is occasionally booked, so to confirm that they are playing, please ring the hotel on the day: Phone 01-2694666<\/p>\n<\/div>\n<div style=\"font-size: 13px; color: #534438; line-height: 20px;\"><\/div>\n<\/td>\n<td valign=\"top\"><\/td>\n<\/tr>\n<\/tbody>\n<\/table>\n<\/td>\n<\/tr>\n<\/tbody>\n<\/table>\n<\/td>\n<\/tr>\n<\/tbody>\n<\/table>\n<table id=\"day_1396393200\" style=\"margin-top: 10px;\" width=\"100%\" cellspacing=\"0\" cellpadding=\"0\">\n<tbody>\n<tr style=\"background-color: #c20162; color: #fff;\">\n<td style=\"padding: 0; line-height: 1; height: 34px; overflow: hidden;\">\n<p style=\"width: 630px; padding-left: 30px; margin: 0; height: 34px; overflow: hidden; line-height: 34px;\"><a name=\"day_1396393200\"><\/a><strong>Wednesday <\/strong> 02 Apr<\/p>\n<\/td>\n<td>\n<p style=\"margin: 0; line-height: 34px; padding: 0; font-size: 13px;\"><a style=\"color: #fff; text-decoration: none;\" href=\"#dff_top\">back to top<\/a><\/p>\n<\/td>\n<td>\n<p style=\"margin: 0; padding: 0; font-size: 13px;\"><a style=\"color: #fff; text-decoration: none;\" href=\"#dff_top\"><img loading=\"lazy\" decoding=\"async\" src=\"http:\/\/dublineventguide.com\/dff\/admin\/images\/dividers\/date_toplink.png\" alt=\"Back to top\" width=\"38\" height=\"34\" \/><\/a><\/p>\n<\/td>\n<td width=\"50\"><\/td>\n<\/tr>\n<\/tbody>\n<\/table>\n<table width=\"100%\" cellspacing=\"0\" cellpadding=\"0\">\n<tbody>\n<tr>\n<td style=\"padding: 10px 30px;\">\n<table width=\"100%\" cellspacing=\"0\" cellpadding=\"0\">\n<tbody>\n<tr>\n<td valign=\"top\" width=\"52\"><img loading=\"lazy\" decoding=\"async\" src=\"http:\/\/dublineventguide.com\/dff\/admin\/images\/categories\/LITERATURE.png\" alt=\"\" width=\"32\" height=\"32\" \/><\/td>\n<td>\n<h2 style=\"font-size: 16px; color: #534438; margin: 0 0 5px; font-weight: normal;\">Dublin: One City One Book<\/h2>\n<h3 style=\"font-size: 13px; margin: 0; padding: 0; line-height: 16px; color: #534438;\">09:00, Wed 02 Apr<\/h3>\n<p style=\"font-size: 13px; color: #534438; line-height: 20px; margin: 0; padding-top: 0;\">Dublin (various locations)<\/p>\n<table width=\"100%\" cellspacing=\"0\" cellpadding=\"0\">\n<tbody>\n<tr>\n<td valign=\"top\">\n<div style=\"font-size: 13px; color: #534438; line-height: 20px;\">\n<p>The Dublin: One City One Book events continue for the whole month and there are lots of events taking place in connection with it too. A website here <a style=\"color: #cc2979; text-decoration: none;\" href=\"http:\/\/www.dublinonecityonebook.ie\/events-2014\">http:\/\/www.dublinonecityonebook.ie\/events-2014<\/a> lists all the events and it would be silly if just copied them.<\/p>\n<p style=\"margin: 10px 0;\">So, if you are interested in this topic, go to the website mentioned above to find all details.<\/p>\n<\/div>\n<div style=\"font-size: 13px; color: #534438; line-height: 20px;\"><\/div>\n<p style=\"font-size: 13px; color: #534438; line-height: 20px;\"><a style=\"color: #cc2979; text-decoration: none;\" href=\"http:\/\/www.dublinonecityonebook.ie\/events-2014\">http:\/\/www.dublinonecityonebook.ie\/events-2014<\/a><\/p>\n<\/td>\n<td valign=\"top\"><\/td>\n<\/tr>\n<\/tbody>\n<\/table>\n<\/td>\n<\/tr>\n<\/tbody>\n<\/table>\n<\/td>\n<\/tr>\n<\/tbody>\n<\/table>\n<table width=\"100%\" cellspacing=\"0\" cellpadding=\"0\">\n<tbody>\n<tr>\n<td style=\"padding: 10px 30px;\">\n<table width=\"100%\" cellspacing=\"0\" cellpadding=\"0\">\n<tbody>\n<tr>\n<td valign=\"top\" width=\"52\"><img loading=\"lazy\" decoding=\"async\" src=\"http:\/\/dublineventguide.com\/dff\/admin\/images\/categories\/ACTIVITY.png\" alt=\"\" width=\"32\" height=\"32\" \/><\/td>\n<td>\n<h2 style=\"font-size: 16px; color: #534438; margin: 0 0 5px; font-weight: normal;\">Eco Week South Dublin Libraries<\/h2>\n<h3 style=\"font-size: 13px; margin: 0; padding: 0; line-height: 16px; color: #534438;\">09:00, Wed 02 Apr<\/h3>\n<p style=\"font-size: 13px; color: #534438; line-height: 20px; margin: 0; padding-top: 0;\">Dublin (various locations)<\/p>\n<table width=\"100%\" cellspacing=\"0\" cellpadding=\"0\">\n<tbody>\n<tr>\n<td valign=\"top\">\n<div style=\"font-size: 13px; color: #534438; line-height: 20px;\">\n<p>The Eco Week of the South Dublin Libraries will take place from 31 March &#8211; 04 April. About 20 events for adults are planned (in addition to lots of School events) and you will find a detailed programme and more information for booking etc here: <a style=\"color: #cc2979; text-decoration: none;\" href=\"http:\/\/www.southdublinlibraries.ie\/news\/2014\/03\/eco-week-31st-march-4th-april-2014\" target=\"_blank\">http:\/\/www.southdublinlibraries.ie\/news\/2014\/03\/eco-week-31st-march-4th-april-2014<\/a><\/p>\n<\/div>\n<div style=\"font-size: 13px; color: #534438; line-height: 20px;\"><\/div>\n<\/td>\n<td valign=\"top\"><\/td>\n<\/tr>\n<\/tbody>\n<\/table>\n<\/td>\n<\/tr>\n<\/tbody>\n<\/table>\n<\/td>\n<\/tr>\n<\/tbody>\n<\/table>\n<table width=\"100%\" cellspacing=\"0\" cellpadding=\"0\">\n<tbody>\n<tr>\n<td style=\"padding: 10px 30px;\">\n<table width=\"100%\" cellspacing=\"0\" cellpadding=\"0\">\n<tbody>\n<tr>\n<td valign=\"top\" width=\"52\"><img loading=\"lazy\" decoding=\"async\" src=\"http:\/\/dublineventguide.com\/dff\/admin\/images\/categories\/ACTIVITY.png\" alt=\"\" width=\"32\" height=\"32\" \/><\/td>\n<td>\n<h2 style=\"font-size: 16px; color: #534438; margin: 0 0 5px; font-weight: normal;\">First Wednesday &#8211; Free Entrance to OPW Sites<\/h2>\n<h3 style=\"font-size: 13px; margin: 0; padding: 0; line-height: 16px; color: #534438;\">09:00, Wed 02 Apr<\/h3>\n<p style=\"font-size: 13px; color: #534438; line-height: 20px; margin: 0; padding-top: 0;\">Various OPW locations in Dublin<\/p>\n<table width=\"100%\" cellspacing=\"0\" cellpadding=\"0\">\n<tbody>\n<tr>\n<td valign=\"top\">\n<div style=\"font-size: 13px; color: #534438; line-height: 20px;\">\n<p style=\"margin: 10px 0;\">Entry charges at nearly all OPW sites are waived once a month. The Office of Public Works (OPW) wants to encourage people to visit the historic sites that it manages and has therfore started this initiative in 2011.<\/p>\n<p>Most OPW owned sites can already be visited for free, but the sites that normally charge a fee will be free every first Wednesday as well. In the (extended) Greater Dublin Area this means you can visit the following sites for free:<br \/>\n+ The Casino, Marino<br \/>\n+ Dublin Castle, State Apartments<br \/>\n+ Kilmainham Gaol<br \/>\n+ Br\u00fa na B\u00f3inne Visitor Centre at Newgrange<br \/>\n+ Glendalough Visitor Centre in Wicklow<\/p>\n<p style=\"margin: 10px 0;\">As you can imagine, this event is very popular and therfore it is strongly recommended to arrive early at the venues. Once the day&#8217;s tickets are given out, you will not get access anymore.<\/p>\n<\/div>\n<div style=\"font-size: 13px; color: #534438; line-height: 20px;\"><\/div>\n<p style=\"font-size: 13px; color: #534438; line-height: 20px;\"><a style=\"color: #cc2979; text-decoration: none;\" href=\"http:\/\/www.heritageireland.ie\/en\/media\/Free%20Wednesdays.pdf\">http:\/\/www.heritageireland.ie\/en\/media\/Free%20Wednesdays.pdf<\/a><\/p>\n<\/td>\n<td valign=\"top\"><\/td>\n<\/tr>\n<\/tbody>\n<\/table>\n<\/td>\n<\/tr>\n<\/tbody>\n<\/table>\n<\/td>\n<\/tr>\n<\/tbody>\n<\/table>\n<table width=\"100%\" cellspacing=\"0\" cellpadding=\"0\">\n<tbody>\n<tr>\n<td style=\"padding: 10px 30px;\">\n<table width=\"100%\" cellspacing=\"0\" cellpadding=\"0\">\n<tbody>\n<tr>\n<td valign=\"top\" width=\"52\"><img loading=\"lazy\" decoding=\"async\" src=\"http:\/\/dublineventguide.com\/dff\/admin\/images\/categories\/ACTIVITY.png\" alt=\"\" width=\"32\" height=\"32\" \/><\/td>\n<td>\n<h2 style=\"font-size: 16px; color: #534438; margin: 0 0 5px; font-weight: normal;\">Five Lamps Arts Festival<\/h2>\n<h3 style=\"font-size: 13px; margin: 0; padding: 0; line-height: 16px; color: #534438;\">09:00, Wed 02 Apr<\/h3>\n<p style=\"font-size: 13px; color: #534438; line-height: 20px; margin: 0; padding-top: 0;\">Dublin (various locations)<\/p>\n<table width=\"100%\" cellspacing=\"0\" cellpadding=\"0\">\n<tbody>\n<tr>\n<td valign=\"top\">\n<div style=\"font-size: 13px; color: #534438; line-height: 20px;\">\n<p style=\"margin: 10px 0;\">The Five Lamps Arts Festival is a great and very successful local festival of the wider area around the &#8220;Five Lamps&#8221; on Amiens Street and North Strand Road. The festival is in its 7th year and events include a music and fire dance, puppet shows, a Georgian choir, jazz music, combinations of theatre and community art performances, interior design exhibitions, walk and talk events, poetry readings and storytelling, dance, visual art and much more.<\/p>\n<p>Many events are free and the complete list of free and non-free events is here: <a style=\"color: #cc2979; text-decoration: none;\" href=\"http:\/\/www.fivelampsarts.ie\/new\/all-events\/\">http:\/\/www.fivelampsarts.ie\/new\/all-events\/<\/a><\/p>\n<p style=\"margin: 10px 0;\">Here are some of the free events (the details you will find on the website), I am only listing the headlines here:<\/p>\n<p>Body and Soul:<br \/>\n31 March: A Conversation Salon: meet other curious, open-minded, open-hearted people and have conversations that challenge<\/p>\n<p>Children:<br \/>\n29 March: Professor Plunger &#8211; Street Show<br \/>\n29 March: H\u00e4nsel und Gretel &#8211; Puppet Show<\/p>\n<p>Dance:<br \/>\n01 April: Day of Dance<\/p>\n<p>Exploration:<br \/>\n29 March: Walk with Terry Fagan &#8211; Story\u2019s from around Dublin\u2019s famous Red-Light district known as Monto.<br \/>\n30 March: Key monuments on Dublin\u2019s O\u2019Connell Street<\/p>\n<p>Literature:<br \/>\n31 March: Growing up at the Five Lamps &#8211; Talk<br \/>\n02 April: Temper-Mental MissElayneous &amp; Andre K\u2019por<br \/>\n02 April: Tree Tales<\/p>\n<p>Music:<br \/>\n30 March: Flute Concert with Julie Maisel<\/p>\n<p>Theater:<br \/>\n03 April: The Merchant of Ennis<\/p>\n<p style=\"margin: 10px 0;\">And on top of that there are a number of exhibitions.<\/p>\n<\/div>\n<div style=\"font-size: 13px; color: #534438; line-height: 20px;\"><\/div>\n<p style=\"font-size: 13px; color: #534438; line-height: 20px;\"><a style=\"color: #cc2979; text-decoration: none;\" href=\"http:\/\/www.fivelampsarts.ie\/\">http:\/\/www.fivelampsarts.ie\/<\/a><\/p>\n<\/td>\n<td valign=\"top\"><\/td>\n<\/tr>\n<\/tbody>\n<\/table>\n<\/td>\n<\/tr>\n<\/tbody>\n<\/table>\n<\/td>\n<\/tr>\n<\/tbody>\n<\/table>\n<table width=\"100%\" cellspacing=\"0\" cellpadding=\"0\">\n<tbody>\n<tr>\n<td style=\"padding: 10px 30px;\">\n<table width=\"100%\" cellspacing=\"0\" cellpadding=\"0\">\n<tbody>\n<tr>\n<td valign=\"top\" width=\"52\"><img loading=\"lazy\" decoding=\"async\" src=\"http:\/\/dublineventguide.com\/dff\/admin\/images\/categories\/ACTIVITY.png\" alt=\"\" width=\"32\" height=\"32\" \/><\/td>\n<td>\n<h2 style=\"font-size: 16px; color: #534438; margin: 0 0 5px; font-weight: normal;\">Dublin Women for One City One People<\/h2>\n<h3 style=\"font-size: 13px; margin: 0; padding: 0; line-height: 16px; color: #534438;\">09:30 &#8211; 12:00, Wed 02 Apr<\/h3>\n<p style=\"font-size: 13px; color: #534438; line-height: 20px; margin: 0; padding-top: 0;\">Unit 2 Killarney Court, Buckingham Street, Dublin 1<\/p>\n<table width=\"100%\" cellspacing=\"0\" cellpadding=\"0\">\n<tbody>\n<tr>\n<td valign=\"top\">\n<div style=\"font-size: 13px; color: #534438; line-height: 20px;\">\n<p style=\"margin: 10px 0;\">AkiDwA, the national network of migrant women living in Ireland, explains that in some areas of the city live now more non Irish than Irish born people and this requires people with different cultures to enter into a conversation to avoid misunderstandings. To initiate such a conversation they are launching &#8220;Dublin Women for One City One People&#8221;. This project will involve people living in the north inner city area.<\/p>\n<p style=\"margin: 10px 0;\">You are invited to come to a meeting to hear the ideas of AkiDwA on initiating this conversation between people of different cultural backgrounds. Admission is free and light refreshments will be served.<\/p>\n<p style=\"margin: 10px 0;\">To register your interest e-mail info@akidwa.ie or call Barbra at 01-8349851<\/p>\n<\/div>\n<div style=\"font-size: 13px; color: #534438; line-height: 20px;\"><\/div>\n<\/td>\n<td valign=\"top\"><\/td>\n<\/tr>\n<\/tbody>\n<\/table>\n<\/td>\n<\/tr>\n<\/tbody>\n<\/table>\n<\/td>\n<\/tr>\n<\/tbody>\n<\/table>\n<table width=\"100%\" cellspacing=\"0\" cellpadding=\"0\">\n<tbody>\n<tr>\n<td style=\"padding: 10px 30px;\">\n<table width=\"100%\" cellspacing=\"0\" cellpadding=\"0\">\n<tbody>\n<tr>\n<td valign=\"top\" width=\"52\"><img loading=\"lazy\" decoding=\"async\" src=\"http:\/\/dublineventguide.com\/dff\/admin\/images\/categories\/TALKS.png\" alt=\"\" width=\"32\" height=\"32\" \/><\/td>\n<td>\n<h2 style=\"font-size: 16px; color: #534438; margin: 0 0 5px; font-weight: normal;\">National Gallery Talks<\/h2>\n<h3 style=\"font-size: 13px; margin: 0; padding: 0; line-height: 16px; color: #534438;\"><img loading=\"lazy\" decoding=\"async\" style=\"display: inline; float: left;\" src=\"http:\/\/dublineventguide.com\/dff\/admin\/images\/weekly.png\" alt=\"\" width=\"69\" height=\"16\" \/> 11:30 &#8211; 16:50, Wed 02 Apr<\/h3>\n<p style=\"font-size: 13px; color: #534438; line-height: 20px; margin: 0; padding-top: 0;\">National Gallery, Clare Street, Dublin 2<\/p>\n<table width=\"100%\" cellspacing=\"0\" cellpadding=\"0\">\n<tbody>\n<tr>\n<td valign=\"top\">\n<div style=\"font-size: 13px; color: #534438; line-height: 20px;\">\n<p style=\"margin: 10px 0;\">The National Gallery has an extensive programme of free talks, public tours and Art Documentary screenings focusing on highlights of the European and Irish Collection every day of the week. Check their website for details.<\/p>\n<\/div>\n<div style=\"font-size: 13px; color: #534438; line-height: 20px;\"><\/div>\n<p style=\"font-size: 13px; color: #534438; line-height: 20px;\"><a style=\"color: #cc2979; text-decoration: none;\" href=\"http:\/\/nationalgallery.ie\/whatson\">http:\/\/nationalgallery.ie\/whatson<\/a><\/p>\n<\/td>\n<td valign=\"top\"><\/td>\n<\/tr>\n<\/tbody>\n<\/table>\n<\/td>\n<\/tr>\n<\/tbody>\n<\/table>\n<\/td>\n<\/tr>\n<\/tbody>\n<\/table>\n<table width=\"100%\" cellspacing=\"0\" cellpadding=\"0\">\n<tbody>\n<tr>\n<td style=\"padding: 10px 30px;\">\n<table width=\"100%\" cellspacing=\"0\" cellpadding=\"0\">\n<tbody>\n<tr>\n<td valign=\"top\" width=\"52\"><img loading=\"lazy\" decoding=\"async\" src=\"http:\/\/dublineventguide.com\/dff\/admin\/images\/categories\/ACTIVITY.png\" alt=\"\" width=\"32\" height=\"32\" \/><\/td>\n<td>\n<h2 style=\"font-size: 16px; color: #534438; margin: 0 0 5px; font-weight: normal;\">Little Museum &#8211; Big J Wednesday<\/h2>\n<h3 style=\"font-size: 13px; margin: 0; padding: 0; line-height: 16px; color: #534438;\"><img loading=\"lazy\" decoding=\"async\" style=\"display: inline; float: left;\" src=\"http:\/\/dublineventguide.com\/dff\/admin\/images\/weekly.png\" alt=\"\" width=\"69\" height=\"16\" \/> 12:00 &#8211; 17:00, Wed 02 Apr<\/h3>\n<p style=\"font-size: 13px; color: #534438; line-height: 20px; margin: 0; padding-top: 0;\">Little Museum of Dublin, 15 St Stephen&#8217;s Green, Dublin 2<\/p>\n<table width=\"100%\" cellspacing=\"0\" cellpadding=\"0\">\n<tbody>\n<tr>\n<td valign=\"top\">\n<div style=\"font-size: 13px; color: #534438; line-height: 20px;\">\n<p style=\"margin: 10px 0;\">The Little Museum of Dublin secured sponsorship from Johnston, Mooney &amp; O\u2019Brien until October 2014 and will therefore be able to continue the Big J Wednesday: Every Wednesday from 12:00-17:00 admission into the museum is free thanks to the bread company. There are free guided tours every hour.<\/p>\n<\/div>\n<div style=\"font-size: 13px; color: #534438; line-height: 20px;\"><\/div>\n<p style=\"font-size: 13px; color: #534438; line-height: 20px;\"><a style=\"color: #cc2979; text-decoration: none;\" href=\"http:\/\/www.littlemuseum.ie\/\">http:\/\/www.littlemuseum.ie\/<\/a><\/p>\n<\/td>\n<td valign=\"top\"><\/td>\n<\/tr>\n<\/tbody>\n<\/table>\n<\/td>\n<\/tr>\n<\/tbody>\n<\/table>\n<\/td>\n<\/tr>\n<\/tbody>\n<\/table>\n<table width=\"100%\" cellspacing=\"0\" cellpadding=\"0\">\n<tbody>\n<tr>\n<td style=\"padding: 10px 30px;\">\n<table width=\"100%\" cellspacing=\"0\" cellpadding=\"0\">\n<tbody>\n<tr>\n<td valign=\"top\" width=\"52\"><img loading=\"lazy\" decoding=\"async\" src=\"http:\/\/dublineventguide.com\/dff\/admin\/images\/categories\/FILM.png\" alt=\"\" width=\"32\" height=\"32\" \/><\/td>\n<td>\n<h2 style=\"font-size: 16px; color: #534438; margin: 0 0 5px; font-weight: normal;\">Archive at Lunchtime &#8211; IFI<\/h2>\n<h3 style=\"font-size: 13px; margin: 0; padding: 0; line-height: 16px; color: #534438;\"><img loading=\"lazy\" decoding=\"async\" style=\"display: inline; float: left;\" src=\"http:\/\/dublineventguide.com\/dff\/admin\/images\/weekly.png\" alt=\"\" width=\"69\" height=\"16\" \/> 13:00, Wed 02 Apr<\/h3>\n<p style=\"font-size: 13px; color: #534438; line-height: 20px; margin: 0; padding-top: 0;\">Irish Film Institute, 6 Eustace Street, Temple Bar, Dublin 2<\/p>\n<table width=\"100%\" cellspacing=\"0\" cellpadding=\"0\">\n<tbody>\n<tr>\n<td valign=\"top\">\n<div style=\"font-size: 13px; color: #534438; line-height: 20px;\">\n<p>Archive at Lunchtime screenings take place Saturdays (Double Bill), Mondays and Wednesdays. The programme is changing weekly now (instead of monthly as in the past). To find out what film(s) will be screened go to <a style=\"color: #cc2979; text-decoration: none;\" href=\"http:\/\/www.ifi.ie\/whatson\/now-showing-coming-soon\/\">http:\/\/www.ifi.ie\/whatson\/now-showing-coming-soon\/<\/a> and look for &#8220;Archive at Lunchtime&#8221; on the right. Admission is free.<\/p>\n<\/div>\n<div style=\"font-size: 13px; color: #534438; line-height: 20px;\"><\/div>\n<p style=\"font-size: 13px; color: #534438; line-height: 20px;\"><a style=\"color: #cc2979; text-decoration: none;\" href=\"http:\/\/www.ifi.ie\/\">http:\/\/www.ifi.ie\/<\/a><\/p>\n<\/td>\n<td valign=\"top\"><\/td>\n<\/tr>\n<\/tbody>\n<\/table>\n<\/td>\n<\/tr>\n<\/tbody>\n<\/table>\n<\/td>\n<\/tr>\n<\/tbody>\n<\/table>\n<table width=\"100%\" cellspacing=\"0\" cellpadding=\"0\">\n<tbody>\n<tr>\n<td style=\"padding: 10px 30px;\">\n<table width=\"100%\" cellspacing=\"0\" cellpadding=\"0\">\n<tbody>\n<tr>\n<td valign=\"top\" width=\"52\"><img loading=\"lazy\" decoding=\"async\" src=\"http:\/\/dublineventguide.com\/dff\/admin\/images\/categories\/TALKS.png\" alt=\"\" width=\"32\" height=\"32\" \/><\/td>\n<td>\n<h2 style=\"font-size: 16px; color: #534438; margin: 0 0 5px; font-weight: normal;\">As Easy As (Raspberry) Pi &#8211; Talk<\/h2>\n<h3 style=\"font-size: 13px; margin: 0; padding: 0; line-height: 16px; color: #534438;\">13:00 &#8211; 17:00, Wed 02 Apr<\/h3>\n<p style=\"font-size: 13px; color: #534438; line-height: 20px; margin: 0; padding-top: 0;\">Astra Hall, UCD Student Centre, UCD Campus, Belfield, Dublin 4<\/p>\n<table width=\"100%\" cellspacing=\"0\" cellpadding=\"0\">\n<tbody>\n<tr>\n<td valign=\"top\">\n<div style=\"font-size: 13px; color: #534438; line-height: 20px;\">\n<p style=\"margin: 10px 0;\">Dr. Eben Upton, creator of the palm-sized Raspberry Pi computer, will talk about the future of innovative technology in society and the important role of information professionals and educators as intermediaries facilitating technological adoption among young people.<\/p>\n<p style=\"margin: 10px 0;\">Interactive demonstrations of the Raspberry Pi will take place as well and prizes will be given away during the event. The event is hosted by UCD&#8217;s Mature Students Society and supported by RS Components UCD School of Information &amp; Library Studies (SILS)School Libraries Association of the Republic of Ireland (SLARI).<\/p>\n<p>This event is appropriate for both young people and adults. Admission is free, bu tbooking is required via the link here:<br \/>\n<a style=\"color: #cc2979; text-decoration: none;\" href=\"https:\/\/www.eventbrite.ie\/e\/as-easy-as-raspberry-pi-tickets-10889104605?ref=devg\">https:\/\/www.eventbrite.ie\/e\/as-easy-as-raspberry-pi-tickets-10889104605?ref=devg<\/a><\/p>\n<\/div>\n<div style=\"font-size: 13px; color: #534438; line-height: 20px;\"><\/div>\n<p style=\"font-size: 13px; color: #534438; line-height: 20px;\"><a style=\"color: #cc2979; text-decoration: none;\" href=\"http:\/\/www.ucd.ie\/events\/calendar?lang=en&amp;dt=d.en.200166&amp;f=week&amp;d=04\/04\/2014&amp;sd=Wed,02April2014\">http:\/\/www.ucd.ie\/events\/calendar?lang=en&amp;dt=d.en.200166&amp;f=week&amp;d=04\/04\/2014&amp;sd=Wed,02April2014<\/a><\/p>\n<\/td>\n<td valign=\"top\"><\/td>\n<\/tr>\n<\/tbody>\n<\/table>\n<\/td>\n<\/tr>\n<\/tbody>\n<\/table>\n<\/td>\n<\/tr>\n<\/tbody>\n<\/table>\n<table width=\"100%\" cellspacing=\"0\" cellpadding=\"0\">\n<tbody>\n<tr>\n<td style=\"padding: 10px 30px;\">\n<table width=\"100%\" cellspacing=\"0\" cellpadding=\"0\">\n<tbody>\n<tr>\n<td valign=\"top\" width=\"52\"><img loading=\"lazy\" decoding=\"async\" src=\"http:\/\/dublineventguide.com\/dff\/admin\/images\/categories\/FILM.png\" alt=\"\" width=\"32\" height=\"32\" \/><\/td>\n<td>\n<h2 style=\"font-size: 16px; color: #534438; margin: 0 0 5px; font-weight: normal;\">Children&#8217;s Films and Fairy Tales from Germany<\/h2>\n<h3 style=\"font-size: 13px; margin: 0; padding: 0; line-height: 16px; color: #534438;\">14:00, Wed 02 Apr<\/h3>\n<p style=\"font-size: 13px; color: #534438; line-height: 20px; margin: 0; padding-top: 0;\">Dublin City University, Glasnevin, Dublin 9<\/p>\n<table width=\"100%\" cellspacing=\"0\" cellpadding=\"0\">\n<tbody>\n<tr>\n<td valign=\"top\">\n<div style=\"font-size: 13px; color: #534438; line-height: 20px;\">\n<p style=\"margin: 10px 0;\">&#8220;Children&#8217;s Films and Fairy Tales from Germany&#8221; is a series of film screenings at the DCU Filmclub &#8211; School of Applied Languages and Intercultural Studies (SALIS) and it will take place in the Languaculture Space CG08c.<\/p>\n<p>The film on Wednesday is &#8220;Frau Holle \/ Mother Hulda&#8221; (2008), it will be screened in German with English subtitles.<br \/>\nAdmission is free.<\/p>\n<p>Find all details here <a style=\"color: #cc2979; text-decoration: none;\" href=\"http:\/\/www.goethe.de\/ins\/ie\/dub\/ver\/en11677531v.htm\">http:\/\/www.goethe.de\/ins\/ie\/dub\/ver\/en11677531v.htm<\/a><\/p>\n<\/div>\n<div style=\"font-size: 13px; color: #534438; line-height: 20px;\"><\/div>\n<\/td>\n<td valign=\"top\"><\/td>\n<\/tr>\n<\/tbody>\n<\/table>\n<\/td>\n<\/tr>\n<\/tbody>\n<\/table>\n<\/td>\n<\/tr>\n<\/tbody>\n<\/table>\n<table width=\"100%\" cellspacing=\"0\" cellpadding=\"0\">\n<tbody>\n<tr>\n<td style=\"padding: 10px 30px;\">\n<table width=\"100%\" cellspacing=\"0\" cellpadding=\"0\">\n<tbody>\n<tr>\n<td valign=\"top\" width=\"52\"><img loading=\"lazy\" decoding=\"async\" src=\"http:\/\/dublineventguide.com\/dff\/admin\/images\/categories\/KIDS.png\" alt=\"\" width=\"32\" height=\"32\" \/><\/td>\n<td>\n<h2 style=\"font-size: 16px; color: #534438; margin: 0 0 5px; font-weight: normal;\">International Children&#8217;s Book Day<\/h2>\n<h3 style=\"font-size: 13px; margin: 0; padding: 0; line-height: 16px; color: #534438;\">15:00 &#8211; 16:30, Wed 02 Apr<\/h3>\n<p style=\"font-size: 13px; color: #534438; line-height: 20px; margin: 0; padding-top: 0;\">Central Library, Ilac Shopping Centre, Henry Street, Dublin 1<\/p>\n<table width=\"100%\" cellspacing=\"0\" cellpadding=\"0\">\n<tbody>\n<tr>\n<td valign=\"top\">\n<div style=\"font-size: 13px; color: #534438; line-height: 20px;\">\n<p style=\"margin: 10px 0;\">To celebrate the International Children&#8217;s Book Day on Wed and Thurs, the Central Library runs two events after school:<\/p>\n<p style=\"margin: 10px 0;\">On Wednesday &#8220;LORE: Irish Legends and Folk Tales&#8221; will be performed by actor and storyteller Sinead O&#8217;Brien accompanied by a Dutch storyteller. (Time TBC) The event is suitable for 6-7 year olds.<\/p>\n<p style=\"margin: 10px 0;\">On Thursday from 15:00-16:30 an Arts &amp; Crafts Workshop inspired by Mr Miniscule and the Whale, a Polish children&#8217;s classic by Julian Tuwim and Bohdan Butenko published by Book Island will take place. Admission is free, for children aged 4-7<\/p>\n<p style=\"margin: 10px 0;\">Booking is strongly recommended: 01-8734333<\/p>\n<\/div>\n<div style=\"font-size: 13px; color: #534438; line-height: 20px;\"><\/div>\n<p style=\"font-size: 13px; color: #534438; line-height: 20px;\"><a style=\"color: #cc2979; text-decoration: none;\" href=\"http:\/\/www.dublincity.ie\/RecreationandCulture\/libraries\/library_events\/Pages\/international_childrens_book_day.aspx\">http:\/\/www.dublincity.ie\/RecreationandCulture\/libraries\/library_events\/Pages\/international_childrens_book_day.aspx<\/a><\/p>\n<\/td>\n<td valign=\"top\"><\/td>\n<\/tr>\n<\/tbody>\n<\/table>\n<\/td>\n<\/tr>\n<\/tbody>\n<\/table>\n<\/td>\n<\/tr>\n<\/tbody>\n<\/table>\n<table width=\"100%\" cellspacing=\"0\" cellpadding=\"0\">\n<tbody>\n<tr>\n<td style=\"padding: 10px 30px;\">\n<table width=\"100%\" cellspacing=\"0\" cellpadding=\"0\">\n<tbody>\n<tr>\n<td valign=\"top\" width=\"52\"><img loading=\"lazy\" decoding=\"async\" src=\"http:\/\/dublineventguide.com\/dff\/admin\/images\/categories\/ACTIVITY.png\" alt=\"\" width=\"32\" height=\"32\" \/><\/td>\n<td>\n<h2 style=\"font-size: 16px; color: #534438; margin: 0 0 5px; font-weight: normal;\">Havana International Language Exchange<\/h2>\n<h3 style=\"font-size: 13px; margin: 0; padding: 0; line-height: 16px; color: #534438;\"><img loading=\"lazy\" decoding=\"async\" style=\"display: inline; float: left;\" src=\"http:\/\/dublineventguide.com\/dff\/admin\/images\/weekly.png\" alt=\"\" width=\"69\" height=\"16\" \/> 16:30 &#8211; 19:30, Wed 02 Apr<\/h3>\n<p style=\"font-size: 13px; color: #534438; line-height: 20px; margin: 0; padding-top: 0;\">Havana Tapas Bar, Georges St, Dublin 2<\/p>\n<table width=\"100%\" cellspacing=\"0\" cellpadding=\"0\">\n<tbody>\n<tr>\n<td valign=\"top\">\n<div style=\"font-size: 13px; color: #534438; line-height: 20px;\">\n<p style=\"margin: 10px 0;\">The &#8220;Havana International Language Exchange&#8221; is taking place every Wed from 16:30-19:30 in Havana Tapas Bar in George&#8217;s Street. There are many Spanish speakers and English-speakers are explicitly invited, but everyone else is certainly very welcome too, to meet for a chat to improve your Spanish or English.<\/p>\n<\/div>\n<div style=\"font-size: 13px; color: #534438; line-height: 20px;\"><\/div>\n<p style=\"font-size: 13px; color: #534438; line-height: 20px;\"><a style=\"color: #cc2979; text-decoration: none;\" href=\"http:\/\/www.facebook.com\/pages\/Havana-Tapas-Bar\/10503361821\">http:\/\/www.facebook.com\/pages\/Havana-Tapas-Bar\/10503361821<\/a><\/p>\n<\/td>\n<td valign=\"top\"><\/td>\n<\/tr>\n<\/tbody>\n<\/table>\n<\/td>\n<\/tr>\n<\/tbody>\n<\/table>\n<\/td>\n<\/tr>\n<\/tbody>\n<\/table>\n<table width=\"100%\" cellspacing=\"0\" cellpadding=\"0\">\n<tbody>\n<tr>\n<td style=\"padding: 10px 30px;\">\n<table width=\"100%\" cellspacing=\"0\" cellpadding=\"0\">\n<tbody>\n<tr>\n<td valign=\"top\" width=\"52\"><img loading=\"lazy\" decoding=\"async\" src=\"http:\/\/dublineventguide.com\/dff\/admin\/images\/categories\/TALKS.png\" alt=\"\" width=\"32\" height=\"32\" \/><\/td>\n<td>\n<h2 style=\"font-size: 16px; color: #534438; margin: 0 0 5px; font-weight: normal;\">A Journey in Art, Science and Self Publishing &#8211; Talk<\/h2>\n<h3 style=\"font-size: 13px; margin: 0; padding: 0; line-height: 16px; color: #534438;\">18:00, Wed 02 Apr<\/h3>\n<p style=\"font-size: 13px; color: #534438; line-height: 20px; margin: 0; padding-top: 0;\">RDS (Minerva Suite), Merrion Road, Ballsbridge, Dublin 4<\/p>\n<table width=\"100%\" cellspacing=\"0\" cellpadding=\"0\">\n<tbody>\n<tr>\n<td valign=\"top\">\n<div style=\"font-size: 13px; color: #534438; line-height: 20px;\">\n<p style=\"margin: 10px 0;\">The next event in the RDS Library Speaker Series is with Alison Hackett, the author of &#8220;The Visual Time Traveller&#8221;. She will talk about &#8220;A Journey in Art, Science and Self Publishing&#8221;<\/p>\n<p style=\"margin: 10px 0;\">Alison\u2019s talk will cover aspects of the development of her book, the engagement and motivation to create it and the challenges faced by self-publishing. This talk will link in with an exhibition of a selection of designs from the book that will take place in the RDS Library.<\/p>\n<\/div>\n<div style=\"font-size: 13px; color: #534438; line-height: 20px;\"><\/div>\n<p style=\"font-size: 13px; color: #534438; line-height: 20px;\"><a style=\"color: #cc2979; text-decoration: none;\" href=\"http:\/\/www.rds.ie\/cat_event_detail.jsp?itemID=1103464\">http:\/\/www.rds.ie\/cat_event_detail.jsp?itemID=1103464<\/a><\/p>\n<\/td>\n<td valign=\"top\"><\/td>\n<\/tr>\n<\/tbody>\n<\/table>\n<\/td>\n<\/tr>\n<\/tbody>\n<\/table>\n<\/td>\n<\/tr>\n<\/tbody>\n<\/table>\n<table width=\"100%\" cellspacing=\"0\" cellpadding=\"0\">\n<tbody>\n<tr>\n<td style=\"padding: 10px 30px;\">\n<table width=\"100%\" cellspacing=\"0\" cellpadding=\"0\">\n<tbody>\n<tr>\n<td valign=\"top\" width=\"52\"><img loading=\"lazy\" decoding=\"async\" src=\"http:\/\/dublineventguide.com\/dff\/admin\/images\/categories\/LITERATURE.png\" alt=\"\" width=\"32\" height=\"32\" \/><\/td>\n<td>\n<h2 style=\"font-size: 16px; color: #534438; margin: 0 0 5px; font-weight: normal;\">One City One Book Reading<\/h2>\n<h3 style=\"font-size: 13px; margin: 0; padding: 0; line-height: 16px; color: #534438;\">18:00, Wed 02 Apr<\/h3>\n<p style=\"font-size: 13px; color: #534438; line-height: 20px; margin: 0; padding-top: 0;\">Brooks Hotel, 59 Drury Street, Dublin 2<\/p>\n<table width=\"100%\" cellspacing=\"0\" cellpadding=\"0\">\n<tbody>\n<tr>\n<td valign=\"top\">\n<div style=\"font-size: 13px; color: #534438; line-height: 20px;\">\n<p style=\"margin: 10px 0;\">The One City One Book initiative which takes place again throughout whole April, encourages everyone to read a specific book that has a connection to Dublin.<\/p>\n<p style=\"margin: 10px 0;\">At the reading in Brooks Hotel, actor Jim Roche will be reading a selection of extracts from the official book for One City One Book, &#8220;If Ever You Go: A Map of Dublin in Poetry and Song&#8221; edited by Pat Boran and Gerald Smyth. The book features a collection of Irish poetry and songs written by authors like Yeats, Boland and Swift and lesser known writers.<\/p>\n<p style=\"margin: 10px 0;\">The venue will be the Caf\u00e9 Lounge area of Brooks Hotel and the reading will be accompanied by a classical pianist.<\/p>\n<p style=\"margin: 10px 0;\">Admission is free, but booking is required via 01-670 4000 or leslieprendergast@brookshotel.ie<\/p>\n<\/div>\n<div style=\"font-size: 13px; color: #534438; line-height: 20px;\"><\/div>\n<\/td>\n<td valign=\"top\"><\/td>\n<\/tr>\n<\/tbody>\n<\/table>\n<\/td>\n<\/tr>\n<\/tbody>\n<\/table>\n<\/td>\n<\/tr>\n<\/tbody>\n<\/table>\n<table width=\"100%\" cellspacing=\"0\" cellpadding=\"0\">\n<tbody>\n<tr>\n<td style=\"padding: 10px 30px;\">\n<table width=\"100%\" cellspacing=\"0\" cellpadding=\"0\">\n<tbody>\n<tr>\n<td valign=\"top\" width=\"52\"><img loading=\"lazy\" decoding=\"async\" src=\"http:\/\/dublineventguide.com\/dff\/admin\/images\/categories\/ART.png\" alt=\"\" width=\"32\" height=\"32\" \/><\/td>\n<td>\n<h2 style=\"font-size: 16px; color: #534438; margin: 0 0 5px; font-weight: normal;\">Beyond Noise and Silence &#8211; Symposium<\/h2>\n<h3 style=\"font-size: 13px; margin: 0; padding: 0; line-height: 16px; color: #534438;\">19:00, Wed 02 Apr<\/h3>\n<p style=\"font-size: 13px; color: #534438; line-height: 20px; margin: 0; padding-top: 0;\">NCAD, 100 Thomas Street, Dublin 8<\/p>\n<table width=\"100%\" cellspacing=\"0\" cellpadding=\"0\">\n<tbody>\n<tr>\n<td valign=\"top\">\n<div style=\"font-size: 13px; color: #534438; line-height: 20px;\">\n<p style=\"margin: 10px 0;\">The public symposium &#8220;Beyond Noise and Silence&#8221; at the National College of Art &amp; Design will explore the intersection of sound art, public space and urban design. The event is presented by Dublin City Council in partnership with the Goethe Institut, Ireland and The National College of Art and Design (NCAD) and it consists of three sessions<\/p>\n<p>Tickets are free, but registration is required. The detailed programme and information on how to register can be found here: <a style=\"color: #cc2979; text-decoration: none;\" href=\"http:\/\/map.minorarchitecture.org\/listening-for-the-city\/\">http:\/\/map.minorarchitecture.org\/listening-for-the-city\/<\/a><\/p>\n<p>On 02 April the Symposium will take place in the Harry Clarke Lecture Theatre in NCAD from 19:00-21:00.<br \/>\nOn 03 April the Symposium will take place in The Lab, Foley Street, Dublin 1, from 14:00-17:00.<\/p>\n<\/div>\n<div style=\"font-size: 13px; color: #534438; line-height: 20px;\"><\/div>\n<\/td>\n<td valign=\"top\"><\/td>\n<\/tr>\n<\/tbody>\n<\/table>\n<\/td>\n<\/tr>\n<\/tbody>\n<\/table>\n<\/td>\n<\/tr>\n<\/tbody>\n<\/table>\n<table width=\"100%\" cellspacing=\"0\" cellpadding=\"0\">\n<tbody>\n<tr>\n<td style=\"padding: 10px 30px;\">\n<table width=\"100%\" cellspacing=\"0\" cellpadding=\"0\">\n<tbody>\n<tr>\n<td valign=\"top\" width=\"52\"><img loading=\"lazy\" decoding=\"async\" src=\"http:\/\/dublineventguide.com\/dff\/admin\/images\/categories\/LITERATURE.png\" alt=\"\" width=\"32\" height=\"32\" \/><\/td>\n<td>\n<h2 style=\"font-size: 16px; color: #534438; margin: 0 0 5px; font-weight: normal;\">H\u00e9ctor Castells &#8211; Book Launch<\/h2>\n<h3 style=\"font-size: 13px; margin: 0; padding: 0; line-height: 16px; color: #534438;\">19:00, Wed 02 Apr<\/h3>\n<p style=\"font-size: 13px; color: #534438; line-height: 20px; margin: 0; padding-top: 0;\">Instituto Cervantes, Lincoln House, Lincoln Place (near National Gallery), Dublin 2<\/p>\n<table width=\"100%\" cellspacing=\"0\" cellpadding=\"0\">\n<tbody>\n<tr>\n<td valign=\"top\">\n<div style=\"font-size: 13px; color: #534438; line-height: 20px;\">\n<p style=\"margin: 10px 0;\">The book launch for &#8220;Sideral, Estrella Fugada&#8221; by H\u00e9ctor Castells will take place. The book tells the story of the turbulent life of Aleix Verg\u00e9s, DJ Sideral (Barcelona, 1973-2006). Hector Castells will be launching his book. The launch is in English.<\/p>\n<p style=\"margin: 10px 0;\">Admission is free.<\/p>\n<\/div>\n<div style=\"font-size: 13px; color: #534438; line-height: 20px;\"><\/div>\n<p style=\"font-size: 13px; color: #534438; line-height: 20px;\"><a style=\"color: #cc2979; text-decoration: none;\" href=\"http:\/\/dublin.cervantes.es\/FichasCultura\/Ficha94242_16_2.htm\">http:\/\/dublin.cervantes.es\/FichasCultura\/Ficha94242_16_2.htm<\/a><\/p>\n<\/td>\n<td valign=\"top\"><\/td>\n<\/tr>\n<\/tbody>\n<\/table>\n<\/td>\n<\/tr>\n<\/tbody>\n<\/table>\n<\/td>\n<\/tr>\n<\/tbody>\n<\/table>\n<table width=\"100%\" cellspacing=\"0\" cellpadding=\"0\">\n<tbody>\n<tr>\n<td style=\"padding: 10px 30px;\">\n<table width=\"100%\" cellspacing=\"0\" cellpadding=\"0\">\n<tbody>\n<tr>\n<td valign=\"top\" width=\"52\"><img loading=\"lazy\" decoding=\"async\" src=\"http:\/\/dublineventguide.com\/dff\/admin\/images\/categories\/MUSIC.png\" alt=\"\" width=\"32\" height=\"32\" \/><\/td>\n<td>\n<h2 style=\"font-size: 16px; color: #534438; margin: 0 0 5px; font-weight: normal;\">King Kong Club<\/h2>\n<h3 style=\"font-size: 13px; margin: 0; padding: 0; line-height: 16px; color: #534438;\"><img loading=\"lazy\" decoding=\"async\" style=\"display: inline; float: left;\" src=\"http:\/\/dublineventguide.com\/dff\/admin\/images\/weekly.png\" alt=\"\" width=\"69\" height=\"16\" \/> 20:00, Wed 02 Apr<\/h3>\n<p style=\"font-size: 13px; color: #534438; line-height: 20px; margin: 0; padding-top: 0;\">Mercantile, 28 Dame Street, Dublin 2<\/p>\n<table width=\"100%\" cellspacing=\"0\" cellpadding=\"0\">\n<tbody>\n<tr>\n<td valign=\"top\">\n<div style=\"font-size: 13px; color: #534438; line-height: 20px;\">\n<p style=\"margin: 10px 0;\">The King Kong Club is a weekly music game-show in the Mercantile. Each week 6-7 bands\/solo artists play three songs each. At the end of all the performances a clap-off with the King Kong Club Clap-o-Meter takes place and the winner goes through to a semi-final and it all culminates after six months of competition with The Grand Final, held in front of a panel of celebrity judges.<\/p>\n<p style=\"margin: 10px 0;\">The list of performers is not yet announced on their Facebook Page and I am not sure if it will be put up there, but check it anyway.<\/p>\n<\/div>\n<div style=\"font-size: 13px; color: #534438; line-height: 20px;\"><\/div>\n<p style=\"font-size: 13px; color: #534438; line-height: 20px;\"><a style=\"color: #cc2979; text-decoration: none;\" href=\"https:\/\/www.facebook.com\/TheKingKongClubDublin\">https:\/\/www.facebook.com\/TheKingKongClubDublin<\/a><\/p>\n<\/td>\n<td valign=\"top\"><\/td>\n<\/tr>\n<\/tbody>\n<\/table>\n<\/td>\n<\/tr>\n<\/tbody>\n<\/table>\n<\/td>\n<\/tr>\n<\/tbody>\n<\/table>\n<table width=\"100%\" cellspacing=\"0\" cellpadding=\"0\">\n<tbody>\n<tr>\n<td style=\"padding: 10px 30px;\">\n<table width=\"100%\" cellspacing=\"0\" cellpadding=\"0\">\n<tbody>\n<tr>\n<td valign=\"top\" width=\"52\"><img loading=\"lazy\" decoding=\"async\" src=\"http:\/\/dublineventguide.com\/dff\/admin\/images\/categories\/MUSIC.png\" alt=\"\" width=\"32\" height=\"32\" \/><\/td>\n<td>\n<h2 style=\"font-size: 16px; color: #534438; margin: 0 0 5px; font-weight: normal;\">The Song Room (open mic)<\/h2>\n<h3 style=\"font-size: 13px; margin: 0; padding: 0; line-height: 16px; color: #534438;\"><img loading=\"lazy\" decoding=\"async\" style=\"display: inline; float: left;\" src=\"http:\/\/dublineventguide.com\/dff\/admin\/images\/weekly.png\" alt=\"\" width=\"69\" height=\"16\" \/> 20:30, Wed 02 Apr<\/h3>\n<p style=\"font-size: 13px; color: #534438; line-height: 20px; margin: 0; padding-top: 0;\">The Globe, 11 South Great George&#8217;s Street, Dublin 2<\/p>\n<table width=\"100%\" cellspacing=\"0\" cellpadding=\"0\">\n<tbody>\n<tr>\n<td valign=\"top\">\n<div style=\"font-size: 13px; color: #534438; line-height: 20px;\">\n<p style=\"margin: 10px 0;\">&#8220;The Song Room&#8221; is another open mic event. It takes place in The Globe in George&#8217;s Street at 20:30 every Wednesday.<\/p>\n<\/div>\n<div style=\"font-size: 13px; color: #534438; line-height: 20px;\"><\/div>\n<p style=\"font-size: 13px; color: #534438; line-height: 20px;\"><a style=\"color: #cc2979; text-decoration: none;\" href=\"http:\/\/www.theglobe.ie\/events\">http:\/\/www.theglobe.ie\/events<\/a><\/p>\n<\/td>\n<td valign=\"top\"><\/td>\n<\/tr>\n<\/tbody>\n<\/table>\n<\/td>\n<\/tr>\n<\/tbody>\n<\/table>\n<\/td>\n<\/tr>\n<\/tbody>\n<\/table>\n<table width=\"100%\" cellspacing=\"0\" cellpadding=\"0\">\n<tbody>\n<tr>\n<td style=\"padding: 10px 30px;\">\n<table width=\"100%\" cellspacing=\"0\" cellpadding=\"0\">\n<tbody>\n<tr>\n<td valign=\"top\" width=\"52\"><img loading=\"lazy\" decoding=\"async\" src=\"http:\/\/dublineventguide.com\/dff\/admin\/images\/categories\/MUSIC.png\" alt=\"\" width=\"32\" height=\"32\" \/><\/td>\n<td>\n<h2 style=\"font-size: 16px; color: #534438; margin: 0 0 5px; font-weight: normal;\">The Zodiac Sessions (open mic)<\/h2>\n<h3 style=\"font-size: 13px; margin: 0; padding: 0; line-height: 16px; color: #534438;\"><img loading=\"lazy\" decoding=\"async\" style=\"display: inline; float: left;\" src=\"http:\/\/dublineventguide.com\/dff\/admin\/images\/weekly.png\" alt=\"\" width=\"69\" height=\"16\" \/> 20:30, Wed 02 Apr<\/h3>\n<p style=\"font-size: 13px; color: #534438; line-height: 20px; margin: 0; padding-top: 0;\">Bruxelles, Harry Street, Dublin 2<\/p>\n<table width=\"100%\" cellspacing=\"0\" cellpadding=\"0\">\n<tbody>\n<tr>\n<td valign=\"top\">\n<div style=\"font-size: 13px; color: #534438; line-height: 20px;\">\n<p style=\"margin: 10px 0;\">&#8220;The Zodiac Sessions&#8221; is a regular open mic event from 20:30 in Bruxelles (between Grafton Street and Westbury Hotel) for unsigned musicians. Admission is free and there is a different line-up every week.<\/p>\n<\/div>\n<div style=\"font-size: 13px; color: #534438; line-height: 20px;\"><\/div>\n<p style=\"font-size: 13px; color: #534438; line-height: 20px;\"><a style=\"color: #cc2979; text-decoration: none;\" href=\"https:\/\/www.facebook.com\/zodiacsessions\">https:\/\/www.facebook.com\/zodiacsessions<\/a><\/p>\n<\/td>\n<td valign=\"top\"><\/td>\n<\/tr>\n<\/tbody>\n<\/table>\n<\/td>\n<\/tr>\n<\/tbody>\n<\/table>\n<\/td>\n<\/tr>\n<\/tbody>\n<\/table>\n<table width=\"100%\" cellspacing=\"0\" cellpadding=\"0\">\n<tbody>\n<tr>\n<td style=\"padding: 10px 30px;\">\n<table width=\"100%\" cellspacing=\"0\" cellpadding=\"0\">\n<tbody>\n<tr>\n<td valign=\"top\" width=\"52\"><img loading=\"lazy\" decoding=\"async\" src=\"http:\/\/dublineventguide.com\/dff\/admin\/images\/categories\/MUSIC.png\" alt=\"\" width=\"32\" height=\"32\" \/><\/td>\n<td>\n<h2 style=\"font-size: 16px; color: #534438; margin: 0 0 5px; font-weight: normal;\">Bad Boy Jake<\/h2>\n<h3 style=\"font-size: 13px; margin: 0; padding: 0; line-height: 16px; color: #534438;\"><img loading=\"lazy\" decoding=\"async\" style=\"display: inline; float: left;\" src=\"http:\/\/dublineventguide.com\/dff\/admin\/images\/weekly.png\" alt=\"\" width=\"69\" height=\"16\" \/> 21:00, Wed 02 Apr<\/h3>\n<p style=\"font-size: 13px; color: #534438; line-height: 20px; margin: 0; padding-top: 0;\">Gypsy Rose Blues &amp; Rock Bar, 5 Aston Quay, Temple Bar, Dublin 2<\/p>\n<table width=\"100%\" cellspacing=\"0\" cellpadding=\"0\">\n<tbody>\n<tr>\n<td valign=\"top\">\n<div style=\"font-size: 13px; color: #534438; line-height: 20px;\">\n<p style=\"margin: 10px 0;\">Bad Boy Jake are every Wednesday in the Gypsy Rose Rock &amp; Blues Bar playing their rock, blues and American.<\/p>\n<\/div>\n<div style=\"font-size: 13px; color: #534438; line-height: 20px;\"><\/div>\n<p style=\"font-size: 13px; color: #534438; line-height: 20px;\"><a style=\"color: #cc2979; text-decoration: none;\" href=\"http:\/\/www.dublinsessions.ie\/gypsy.html\">http:\/\/www.dublinsessions.ie\/gypsy.html<\/a><\/p>\n<\/td>\n<td valign=\"top\"><\/td>\n<\/tr>\n<\/tbody>\n<\/table>\n<\/td>\n<\/tr>\n<\/tbody>\n<\/table>\n<\/td>\n<\/tr>\n<\/tbody>\n<\/table>\n<table width=\"100%\" cellspacing=\"0\" cellpadding=\"0\">\n<tbody>\n<tr>\n<td style=\"padding: 10px 30px;\">\n<table width=\"100%\" cellspacing=\"0\" cellpadding=\"0\">\n<tbody>\n<tr>\n<td valign=\"top\" width=\"52\"><img loading=\"lazy\" decoding=\"async\" src=\"http:\/\/dublineventguide.com\/dff\/admin\/images\/categories\/MUSIC.png\" alt=\"\" width=\"32\" height=\"32\" \/><\/td>\n<td>\n<h2 style=\"font-size: 16px; color: #534438; margin: 0 0 5px; font-weight: normal;\">Singer Songwriter Night &#8211; Mother Reilly&#8217;s<\/h2>\n<h3 style=\"font-size: 13px; margin: 0; padding: 0; line-height: 16px; color: #534438;\"><img loading=\"lazy\" decoding=\"async\" style=\"display: inline; float: left;\" src=\"http:\/\/dublineventguide.com\/dff\/admin\/images\/weekly.png\" alt=\"\" width=\"69\" height=\"16\" \/> 21:00, Wed 02 Apr<\/h3>\n<p style=\"font-size: 13px; color: #534438; line-height: 20px; margin: 0; padding-top: 0;\">Mother Reillys, 26\/28 Upper Rathmines Road, Rathmines, Dublin 6<\/p>\n<table width=\"100%\" cellspacing=\"0\" cellpadding=\"0\">\n<tbody>\n<tr>\n<td valign=\"top\">\n<div style=\"font-size: 13px; color: #534438; line-height: 20px;\">\n<p style=\"margin: 10px 0;\">Every Wednesday a Singer Songwriter Night will take place in Mother Reilly&#8217;s in Rathmines. This is YOUR chance to show everyone what you can do, alternatively you can just listen to the talented Singer\/Songwriters. Admission is free.<\/p>\n<\/div>\n<div style=\"font-size: 13px; color: #534438; line-height: 20px;\"><\/div>\n<p style=\"font-size: 13px; color: #534438; line-height: 20px;\"><a style=\"color: #cc2979; text-decoration: none;\" href=\"https:\/\/www.facebook.com\/motherreillysADMIN\">https:\/\/www.facebook.com\/motherreillysADMIN<\/a><\/p>\n<\/td>\n<td valign=\"top\"><\/td>\n<\/tr>\n<\/tbody>\n<\/table>\n<\/td>\n<\/tr>\n<\/tbody>\n<\/table>\n<\/td>\n<\/tr>\n<\/tbody>\n<\/table>\n<table width=\"100%\" cellspacing=\"0\" cellpadding=\"0\">\n<tbody>\n<tr>\n<td style=\"padding: 10px 30px;\">\n<table width=\"100%\" cellspacing=\"0\" cellpadding=\"0\">\n<tbody>\n<tr>\n<td valign=\"top\" width=\"52\"><img loading=\"lazy\" decoding=\"async\" src=\"http:\/\/dublineventguide.com\/dff\/admin\/images\/categories\/MUSIC.png\" alt=\"\" width=\"32\" height=\"32\" \/><\/td>\n<td>\n<h2 style=\"font-size: 16px; color: #534438; margin: 0 0 5px; font-weight: normal;\">Trad Session<\/h2>\n<h3 style=\"font-size: 13px; margin: 0; padding: 0; line-height: 16px; color: #534438;\"><img loading=\"lazy\" decoding=\"async\" style=\"display: inline; float: left;\" src=\"http:\/\/dublineventguide.com\/dff\/admin\/images\/weekly.png\" alt=\"\" width=\"69\" height=\"16\" \/> 21:30, Wed 02 Apr<\/h3>\n<p style=\"font-size: 13px; color: #534438; line-height: 20px; margin: 0; padding-top: 0;\">Hedigan&#8217;s (The Brian Boru), 4 Prospect Road, Phibsborough, Dublin 11<\/p>\n<table width=\"100%\" cellspacing=\"0\" cellpadding=\"0\">\n<tbody>\n<tr>\n<td valign=\"top\">\n<div style=\"font-size: 13px; color: #534438; line-height: 20px;\">\n<p style=\"margin: 10px 0;\">Traditional Irish Music Session in Hedigan&#8217;s (The Brian Boru) in Phibsborough from 21:30 every Wednesday. If you play an instrument you are especially welcome (all levels are welcome).<\/p>\n<\/div>\n<div style=\"font-size: 13px; color: #534438; line-height: 20px;\"><\/div>\n<\/td>\n<td valign=\"top\"><\/td>\n<\/tr>\n<\/tbody>\n<\/table>\n<\/td>\n<\/tr>\n<\/tbody>\n<\/table>\n<\/td>\n<\/tr>\n<\/tbody>\n<\/table>\n<table id=\"day_1396479600\" style=\"margin-top: 10px;\" width=\"100%\" cellspacing=\"0\" cellpadding=\"0\">\n<tbody>\n<tr style=\"background-color: #c20162; color: #fff;\">\n<td style=\"padding: 0; line-height: 1; height: 34px; overflow: hidden;\">\n<p style=\"width: 630px; padding-left: 30px; margin: 0; height: 34px; overflow: hidden; line-height: 34px;\"><a name=\"day_1396479600\"><\/a><strong>Thursday <\/strong> 03 Apr<\/p>\n<\/td>\n<td>\n<p style=\"margin: 0; line-height: 34px; padding: 0; font-size: 13px;\"><a style=\"color: #fff; text-decoration: none;\" href=\"#dff_top\">back to top<\/a><\/p>\n<\/td>\n<td>\n<p style=\"margin: 0; padding: 0; font-size: 13px;\"><a style=\"color: #fff; text-decoration: none;\" href=\"#dff_top\"><img loading=\"lazy\" decoding=\"async\" src=\"http:\/\/dublineventguide.com\/dff\/admin\/images\/dividers\/date_toplink.png\" alt=\"Back to top\" width=\"38\" height=\"34\" \/><\/a><\/p>\n<\/td>\n<td width=\"50\"><\/td>\n<\/tr>\n<\/tbody>\n<\/table>\n<table width=\"100%\" cellspacing=\"0\" cellpadding=\"0\">\n<tbody>\n<tr>\n<td style=\"padding: 10px 30px;\">\n<table width=\"100%\" cellspacing=\"0\" cellpadding=\"0\">\n<tbody>\n<tr>\n<td valign=\"top\" width=\"52\"><img loading=\"lazy\" decoding=\"async\" src=\"http:\/\/dublineventguide.com\/dff\/admin\/images\/categories\/LITERATURE.png\" alt=\"\" width=\"32\" height=\"32\" \/><\/td>\n<td>\n<h2 style=\"font-size: 16px; color: #534438; margin: 0 0 5px; font-weight: normal;\">Dublin: One City One Book<\/h2>\n<h3 style=\"font-size: 13px; margin: 0; padding: 0; line-height: 16px; color: #534438;\">09:00, Thu 03 Apr<\/h3>\n<p style=\"font-size: 13px; color: #534438; line-height: 20px; margin: 0; padding-top: 0;\">Dublin (various locations)<\/p>\n<table width=\"100%\" cellspacing=\"0\" cellpadding=\"0\">\n<tbody>\n<tr>\n<td valign=\"top\">\n<div style=\"font-size: 13px; color: #534438; line-height: 20px;\">\n<p>The Dublin: One City One Book events continue for the whole month and there are lots of events taking place in connection with it too. A website here <a style=\"color: #cc2979; text-decoration: none;\" href=\"http:\/\/www.dublinonecityonebook.ie\/events-2014\">http:\/\/www.dublinonecityonebook.ie\/events-2014<\/a> lists all the events and it would be silly if just copied them.<\/p>\n<p style=\"margin: 10px 0;\">So, if you are interested in this topic, go to the website mentioned above to find all details.<\/p>\n<\/div>\n<div style=\"font-size: 13px; color: #534438; line-height: 20px;\"><\/div>\n<p style=\"font-size: 13px; color: #534438; line-height: 20px;\"><a style=\"color: #cc2979; text-decoration: none;\" href=\"http:\/\/www.dublinonecityonebook.ie\/events-2014\">http:\/\/www.dublinonecityonebook.ie\/events-2014<\/a><\/p>\n<\/td>\n<td valign=\"top\"><\/td>\n<\/tr>\n<\/tbody>\n<\/table>\n<\/td>\n<\/tr>\n<\/tbody>\n<\/table>\n<\/td>\n<\/tr>\n<\/tbody>\n<\/table>\n<table width=\"100%\" cellspacing=\"0\" cellpadding=\"0\">\n<tbody>\n<tr>\n<td style=\"padding: 10px 30px;\">\n<table width=\"100%\" cellspacing=\"0\" cellpadding=\"0\">\n<tbody>\n<tr>\n<td valign=\"top\" width=\"52\"><img loading=\"lazy\" decoding=\"async\" src=\"http:\/\/dublineventguide.com\/dff\/admin\/images\/categories\/ACTIVITY.png\" alt=\"\" width=\"32\" height=\"32\" \/><\/td>\n<td>\n<h2 style=\"font-size: 16px; color: #534438; margin: 0 0 5px; font-weight: normal;\">Eco Week South Dublin Libraries<\/h2>\n<h3 style=\"font-size: 13px; margin: 0; padding: 0; line-height: 16px; color: #534438;\">09:00, Thu 03 Apr<\/h3>\n<p style=\"font-size: 13px; color: #534438; line-height: 20px; margin: 0; padding-top: 0;\">Dublin (various locations)<\/p>\n<table width=\"100%\" cellspacing=\"0\" cellpadding=\"0\">\n<tbody>\n<tr>\n<td valign=\"top\">\n<div style=\"font-size: 13px; color: #534438; line-height: 20px;\">\n<p>The Eco Week of the South Dublin Libraries will take place from 31 March &#8211; 04 April. About 20 events for adults are planned (in addition to lots of School events) and you will find a detailed programme and more information for booking etc here: <a style=\"color: #cc2979; text-decoration: none;\" href=\"http:\/\/www.southdublinlibraries.ie\/news\/2014\/03\/eco-week-31st-march-4th-april-2014\" target=\"_blank\">http:\/\/www.southdublinlibraries.ie\/news\/2014\/03\/eco-week-31st-march-4th-april-2014<\/a><\/p>\n<\/div>\n<div style=\"font-size: 13px; color: #534438; line-height: 20px;\"><\/div>\n<\/td>\n<td valign=\"top\"><\/td>\n<\/tr>\n<\/tbody>\n<\/table>\n<\/td>\n<\/tr>\n<\/tbody>\n<\/table>\n<\/td>\n<\/tr>\n<\/tbody>\n<\/table>\n<table width=\"100%\" cellspacing=\"0\" cellpadding=\"0\">\n<tbody>\n<tr>\n<td style=\"padding: 10px 30px;\">\n<table width=\"100%\" cellspacing=\"0\" cellpadding=\"0\">\n<tbody>\n<tr>\n<td valign=\"top\" width=\"52\"><img loading=\"lazy\" decoding=\"async\" src=\"http:\/\/dublineventguide.com\/dff\/admin\/images\/categories\/ACTIVITY.png\" alt=\"\" width=\"32\" height=\"32\" \/><\/td>\n<td>\n<h2 style=\"font-size: 16px; color: #534438; margin: 0 0 5px; font-weight: normal;\">Five Lamps Arts Festival<\/h2>\n<h3 style=\"font-size: 13px; margin: 0; padding: 0; line-height: 16px; color: #534438;\">09:00, Thu 03 Apr<\/h3>\n<p style=\"font-size: 13px; color: #534438; line-height: 20px; margin: 0; padding-top: 0;\">Dublin (various locations)<\/p>\n<table width=\"100%\" cellspacing=\"0\" cellpadding=\"0\">\n<tbody>\n<tr>\n<td valign=\"top\">\n<div style=\"font-size: 13px; color: #534438; line-height: 20px;\">\n<p style=\"margin: 10px 0;\">The Five Lamps Arts Festival is a great and very successful local festival of the wider area around the &#8220;Five Lamps&#8221; on Amiens Street and North Strand Road. The festival is in its 7th year and events include a music and fire dance, puppet shows, a Georgian choir, jazz music, combinations of theatre and community art performances, interior design exhibitions, walk and talk events, poetry readings and storytelling, dance, visual art and much more.<\/p>\n<p>Many events are free and the complete list of free and non-free events is here: <a style=\"color: #cc2979; text-decoration: none;\" href=\"http:\/\/www.fivelampsarts.ie\/new\/all-events\/\">http:\/\/www.fivelampsarts.ie\/new\/all-events\/<\/a><\/p>\n<p style=\"margin: 10px 0;\">Here are some of the free events (the details you will find on the website), I am only listing the headlines here:<\/p>\n<p>Body and Soul:<br \/>\n31 March: A Conversation Salon: meet other curious, open-minded, open-hearted people and have conversations that challenge<\/p>\n<p>Children:<br \/>\n29 March: Professor Plunger &#8211; Street Show<br \/>\n29 March: H\u00e4nsel und Gretel &#8211; Puppet Show<\/p>\n<p>Dance:<br \/>\n01 April: Day of Dance<\/p>\n<p>Exploration:<br \/>\n29 March: Walk with Terry Fagan &#8211; Story\u2019s from around Dublin\u2019s famous Red-Light district known as Monto.<br \/>\n30 March: Key monuments on Dublin\u2019s O\u2019Connell Street<\/p>\n<p>Literature:<br \/>\n31 March: Growing up at the Five Lamps &#8211; Talk<br \/>\n02 April: Temper-Mental MissElayneous &amp; Andre K\u2019por<br \/>\n02 April: Tree Tales<\/p>\n<p>Music:<br \/>\n30 March: Flute Concert with Julie Maisel<\/p>\n<p>Theater:<br \/>\n03 April: The Merchant of Ennis<\/p>\n<p style=\"margin: 10px 0;\">And on top of that there are a number of exhibitions.<\/p>\n<\/div>\n<div style=\"font-size: 13px; color: #534438; line-height: 20px;\"><\/div>\n<p style=\"font-size: 13px; color: #534438; line-height: 20px;\"><a style=\"color: #cc2979; text-decoration: none;\" href=\"http:\/\/www.fivelampsarts.ie\/\">http:\/\/www.fivelampsarts.ie\/<\/a><\/p>\n<\/td>\n<td valign=\"top\"><\/td>\n<\/tr>\n<\/tbody>\n<\/table>\n<\/td>\n<\/tr>\n<\/tbody>\n<\/table>\n<\/td>\n<\/tr>\n<\/tbody>\n<\/table>\n<table width=\"100%\" cellspacing=\"0\" cellpadding=\"0\">\n<tbody>\n<tr>\n<td style=\"padding: 10px 30px;\">\n<table width=\"100%\" cellspacing=\"0\" cellpadding=\"0\">\n<tbody>\n<tr>\n<td valign=\"top\" width=\"52\"><img loading=\"lazy\" decoding=\"async\" src=\"http:\/\/dublineventguide.com\/dff\/admin\/images\/categories\/ACTIVITY.png\" alt=\"\" width=\"32\" height=\"32\" \/><\/td>\n<td>\n<h2 style=\"font-size: 16px; color: #534438; margin: 0 0 5px; font-weight: normal;\">Grangegorman Military Cemetery &#8211; Tour<\/h2>\n<h3 style=\"font-size: 13px; margin: 0; padding: 0; line-height: 16px; color: #534438;\">11:00, Thu 03 Apr<\/h3>\n<p style=\"font-size: 13px; color: #534438; line-height: 20px; margin: 0; padding-top: 0;\">Grangegorman Cemetery, Blackhorse Avenue, Dublin 7<\/p>\n<table width=\"100%\" cellspacing=\"0\" cellpadding=\"0\">\n<tbody>\n<tr>\n<td valign=\"top\">\n<div style=\"font-size: 13px; color: #534438; line-height: 20px;\">\n<p style=\"margin: 10px 0;\">Every Thursday, free tours of Grangegorman Military Cemetery on Blackhorse Avenue take place. Meet inside the Cemetery Gates. Admission is free and everybody is welcome.<\/p>\n<p style=\"margin: 10px 0;\">This event has been advertised every month, but I was told that it would be suspended over the colder months and only resume in April. Nevertheless I strongly suggest that you check if it is going ahead if you are interested. The Phoenix Park Visitor Centre will be able to tell you: 01-677 0095<\/p>\n<\/div>\n<div style=\"font-size: 13px; color: #534438; line-height: 20px;\"><\/div>\n<p style=\"font-size: 13px; color: #534438; line-height: 20px;\"><a style=\"color: #cc2979; text-decoration: none;\" href=\"http:\/\/www.phoenixpark.ie\/newsevents\/title,24861,en.html\">http:\/\/www.phoenixpark.ie\/newsevents\/title,24861,en.html<\/a><\/p>\n<\/td>\n<td valign=\"top\"><\/td>\n<\/tr>\n<\/tbody>\n<\/table>\n<\/td>\n<\/tr>\n<\/tbody>\n<\/table>\n<\/td>\n<\/tr>\n<\/tbody>\n<\/table>\n<table width=\"100%\" cellspacing=\"0\" cellpadding=\"0\">\n<tbody>\n<tr>\n<td style=\"padding: 10px 30px;\">\n<table width=\"100%\" cellspacing=\"0\" cellpadding=\"0\">\n<tbody>\n<tr>\n<td valign=\"top\" width=\"52\"><img loading=\"lazy\" decoding=\"async\" src=\"http:\/\/dublineventguide.com\/dff\/admin\/images\/categories\/MARKETS.png\" alt=\"\" width=\"32\" height=\"32\" \/><\/td>\n<td>\n<h2 style=\"font-size: 16px; color: #534438; margin: 0 0 5px; font-weight: normal;\">The Ferocious Mingle Marcade<\/h2>\n<h3 style=\"font-size: 13px; margin: 0; padding: 0; line-height: 16px; color: #534438;\"><img loading=\"lazy\" decoding=\"async\" style=\"display: inline; float: left;\" src=\"http:\/\/dublineventguide.com\/dff\/admin\/images\/weekly.png\" alt=\"\" width=\"69\" height=\"16\" \/> 11:00 &#8211; 18:00, Thu 03 Apr<\/h3>\n<p style=\"font-size: 13px; color: #534438; line-height: 20px; margin: 0; padding-top: 0;\">60 Camden Street, Dublin 2<\/p>\n<table width=\"100%\" cellspacing=\"0\" cellpadding=\"0\">\n<tbody>\n<tr>\n<td valign=\"top\">\n<div style=\"font-size: 13px; color: #534438; line-height: 20px;\">\n<p style=\"margin: 10px 0;\">The Ferocious Mingle Marcade (Market and Arcade) is back in a new location. The Marcade is now in Camden Street next to Daintree Paper and opposite the Centra and off-license there. It takes place every Thurs-Sun and is a flea-market-type permanent market with stalls and &#8220;chalets&#8221; for traders.<\/p>\n<\/div>\n<div style=\"font-size: 13px; color: #534438; line-height: 20px;\"><\/div>\n<p style=\"font-size: 13px; color: #534438; line-height: 20px;\"><a style=\"color: #cc2979; text-decoration: none;\" href=\"https:\/\/www.facebook.com\/pages\/The-Ferocious-Mingle-Marcade\/232446616822953\">https:\/\/www.facebook.com\/pages\/The-Ferocious-Mingle-Marcade\/232446616822953<\/a><\/p>\n<\/td>\n<td valign=\"top\"><\/td>\n<\/tr>\n<\/tbody>\n<\/table>\n<\/td>\n<\/tr>\n<\/tbody>\n<\/table>\n<\/td>\n<\/tr>\n<\/tbody>\n<\/table>\n<table width=\"100%\" cellspacing=\"0\" cellpadding=\"0\">\n<tbody>\n<tr>\n<td style=\"padding: 10px 30px;\">\n<table width=\"100%\" cellspacing=\"0\" cellpadding=\"0\">\n<tbody>\n<tr>\n<td valign=\"top\" width=\"52\"><img loading=\"lazy\" decoding=\"async\" src=\"http:\/\/dublineventguide.com\/dff\/admin\/images\/categories\/TALKS.png\" alt=\"\" width=\"32\" height=\"32\" \/><\/td>\n<td>\n<h2 style=\"font-size: 16px; color: #534438; margin: 0 0 5px; font-weight: normal;\">National Gallery Talks<\/h2>\n<h3 style=\"font-size: 13px; margin: 0; padding: 0; line-height: 16px; color: #534438;\"><img loading=\"lazy\" decoding=\"async\" style=\"display: inline; float: left;\" src=\"http:\/\/dublineventguide.com\/dff\/admin\/images\/weekly.png\" alt=\"\" width=\"69\" height=\"16\" \/> 11:30 &#8211; 16:50, Thu 03 Apr<\/h3>\n<p style=\"font-size: 13px; color: #534438; line-height: 20px; margin: 0; padding-top: 0;\">National Gallery, Clare Street, Dublin 2<\/p>\n<table width=\"100%\" cellspacing=\"0\" cellpadding=\"0\">\n<tbody>\n<tr>\n<td valign=\"top\">\n<div style=\"font-size: 13px; color: #534438; line-height: 20px;\">\n<p style=\"margin: 10px 0;\">The National Gallery has an extensive programme of free talks, public tours and Art Documentary screenings focusing on highlights of the European and Irish Collection every day of the week. Check their website for details.<\/p>\n<\/div>\n<div style=\"font-size: 13px; color: #534438; line-height: 20px;\"><\/div>\n<p style=\"font-size: 13px; color: #534438; line-height: 20px;\"><a style=\"color: #cc2979; text-decoration: none;\" href=\"http:\/\/nationalgallery.ie\/whatson\">http:\/\/nationalgallery.ie\/whatson<\/a><\/p>\n<\/td>\n<td valign=\"top\"><\/td>\n<\/tr>\n<\/tbody>\n<\/table>\n<\/td>\n<\/tr>\n<\/tbody>\n<\/table>\n<\/td>\n<\/tr>\n<\/tbody>\n<\/table>\n<table width=\"100%\" cellspacing=\"0\" cellpadding=\"0\">\n<tbody>\n<tr>\n<td style=\"padding: 10px 30px;\">\n<table width=\"100%\" cellspacing=\"0\" cellpadding=\"0\">\n<tbody>\n<tr>\n<td valign=\"top\" width=\"52\"><img loading=\"lazy\" decoding=\"async\" src=\"http:\/\/dublineventguide.com\/dff\/admin\/images\/categories\/TALKS.png\" alt=\"\" width=\"32\" height=\"32\" \/><\/td>\n<td>\n<h2 style=\"font-size: 16px; color: #534438; margin: 0 0 5px; font-weight: normal;\">Idea Translation Lab &#8211; Weather &#8211; Showcase<\/h2>\n<h3 style=\"font-size: 13px; margin: 0; padding: 0; line-height: 16px; color: #534438;\">13:00 &#8211; 15:00, Thu 03 Apr<\/h3>\n<p style=\"font-size: 13px; color: #534438; line-height: 20px; margin: 0; padding-top: 0;\">Science Gallery, Pearse Street, TCD, Dublin 2<\/p>\n<table width=\"100%\" cellspacing=\"0\" cellpadding=\"0\">\n<tbody>\n<tr>\n<td valign=\"top\">\n<div style=\"font-size: 13px; color: #534438; line-height: 20px;\">\n<p style=\"margin: 10px 0;\">The class of 2014 Idea Translation Lab Presentations &amp; Showcase takes place. It is a unique opportunity to view TCD &amp; NCAD undergraduate projects &amp; ideas concerning &#8220;Strange Weather&#8221;. A public showcase and Dragon\u2019s Den-style pitch presentation will result in a winner and the winning student project will go forward to a week-long intensive workshop at Le Laboratoire, Paris.<\/p>\n<p style=\"margin: 10px 0;\">Admission is free, but booking is required. Check the website for further information and to book.<\/p>\n<\/div>\n<div style=\"font-size: 13px; color: #534438; line-height: 20px;\"><\/div>\n<p style=\"font-size: 13px; color: #534438; line-height: 20px;\"><a style=\"color: #cc2979; text-decoration: none;\" href=\"https:\/\/dublin.sciencegallery.com\/events\/2014\/03\/itlshowcase\">https:\/\/dublin.sciencegallery.com\/events\/2014\/03\/itlshowcase<\/a><\/p>\n<\/td>\n<td valign=\"top\"><\/td>\n<\/tr>\n<\/tbody>\n<\/table>\n<\/td>\n<\/tr>\n<\/tbody>\n<\/table>\n<\/td>\n<\/tr>\n<\/tbody>\n<\/table>\n<table width=\"100%\" cellspacing=\"0\" cellpadding=\"0\">\n<tbody>\n<tr>\n<td style=\"padding: 10px 30px;\">\n<table width=\"100%\" cellspacing=\"0\" cellpadding=\"0\">\n<tbody>\n<tr>\n<td valign=\"top\" width=\"52\"><img loading=\"lazy\" decoding=\"async\" src=\"http:\/\/dublineventguide.com\/dff\/admin\/images\/categories\/TALKS.png\" alt=\"\" width=\"32\" height=\"32\" \/><\/td>\n<td>\n<h2 style=\"font-size: 16px; color: #534438; margin: 0 0 5px; font-weight: normal;\">In the Psychologists&#8217; Chair &#8211; Childhood Development<\/h2>\n<h3 style=\"font-size: 13px; margin: 0; padding: 0; line-height: 16px; color: #534438;\">13:00 &#8211; 14:00, Thu 03 Apr<\/h3>\n<p style=\"font-size: 13px; color: #534438; line-height: 20px; margin: 0; padding-top: 0;\">National College of Ireland, IFSC, Mayor Street, Dublin 1<\/p>\n<table width=\"100%\" cellspacing=\"0\" cellpadding=\"0\">\n<tbody>\n<tr>\n<td valign=\"top\">\n<div style=\"font-size: 13px; color: #534438; line-height: 20px;\">\n<p style=\"margin: 10px 0;\">The National College of Ireland are running a series of talks that delve into the different, fascinating areas of psychology.<\/p>\n<p style=\"margin: 10px 0;\">The next talk will deal with &#8220;Childhood Development. Just how important are the early years?&#8221; with Sheila Greene (Professor Emeritus of Childhood Research, Trinity College Dublin)<\/p>\n<p style=\"margin: 10px 0;\">Admission is free, but booking is required on the website below.<\/p>\n<\/div>\n<div style=\"font-size: 13px; color: #534438; line-height: 20px;\"><\/div>\n<p style=\"font-size: 13px; color: #534438; line-height: 20px;\"><a style=\"color: #cc2979; text-decoration: none;\" href=\"http:\/\/www.ncirl.ie\/NewsEvents\/Events\/tabid\/493\/eventid\/68\/Default.aspx\">http:\/\/www.ncirl.ie\/NewsEvents\/Events\/tabid\/493\/eventid\/68\/Default.aspx<\/a><\/p>\n<\/td>\n<td valign=\"top\"><\/td>\n<\/tr>\n<\/tbody>\n<\/table>\n<\/td>\n<\/tr>\n<\/tbody>\n<\/table>\n<\/td>\n<\/tr>\n<\/tbody>\n<\/table>\n<table width=\"100%\" cellspacing=\"0\" cellpadding=\"0\">\n<tbody>\n<tr>\n<td style=\"padding: 10px 30px;\">\n<table width=\"100%\" cellspacing=\"0\" cellpadding=\"0\">\n<tbody>\n<tr>\n<td valign=\"top\" width=\"52\"><img loading=\"lazy\" decoding=\"async\" src=\"http:\/\/dublineventguide.com\/dff\/admin\/images\/categories\/ART.png\" alt=\"\" width=\"32\" height=\"32\" \/><\/td>\n<td>\n<h2 style=\"font-size: 16px; color: #534438; margin: 0 0 5px; font-weight: normal;\">Beautiful Book Bindings &#8211; Tour<\/h2>\n<h3 style=\"font-size: 13px; margin: 0; padding: 0; line-height: 16px; color: #534438;\">13:10, Thu 03 Apr<\/h3>\n<p style=\"font-size: 13px; color: #534438; line-height: 20px; margin: 0; padding-top: 0;\">Chester Beatty Library, Gardens of Dublin Castle, Dublin 2<\/p>\n<table width=\"100%\" cellspacing=\"0\" cellpadding=\"0\">\n<tbody>\n<tr>\n<td valign=\"top\">\n<div style=\"font-size: 13px; color: #534438; line-height: 20px;\">\n<p style=\"margin: 10px 0;\">The In Focus Tour &#8220;Judging a Book by Its Cover: Beautiful Bindings in the Chester Beatty&#8217;s Collection&#8221; with Mary O&#8217;Riordan will take place.<\/p>\n<\/div>\n<div style=\"font-size: 13px; color: #534438; line-height: 20px;\"><\/div>\n<p style=\"font-size: 13px; color: #534438; line-height: 20px;\"><a style=\"color: #cc2979; text-decoration: none;\" href=\"http:\/\/www.cbl.ie\/Programme---Events\/Events-Schedule.aspx\">http:\/\/www.cbl.ie\/Programme&#8212;Events\/Events-Schedule.aspx<\/a><\/p>\n<\/td>\n<td valign=\"top\"><\/td>\n<\/tr>\n<\/tbody>\n<\/table>\n<\/td>\n<\/tr>\n<\/tbody>\n<\/table>\n<\/td>\n<\/tr>\n<\/tbody>\n<\/table>\n<table width=\"100%\" cellspacing=\"0\" cellpadding=\"0\">\n<tbody>\n<tr>\n<td style=\"padding: 10px 30px;\">\n<table width=\"100%\" cellspacing=\"0\" cellpadding=\"0\">\n<tbody>\n<tr>\n<td valign=\"top\" width=\"52\"><img loading=\"lazy\" decoding=\"async\" src=\"http:\/\/dublineventguide.com\/dff\/admin\/images\/categories\/MUSIC.png\" alt=\"\" width=\"32\" height=\"32\" \/><\/td>\n<td>\n<h2 style=\"font-size: 16px; color: #534438; margin: 0 0 5px; font-weight: normal;\">Lunchtime Recital &#8211; Piano &#8211; St. Ann&#8217;s Church<\/h2>\n<h3 style=\"font-size: 13px; margin: 0; padding: 0; line-height: 16px; color: #534438;\">13:15, Thu 03 Apr<\/h3>\n<p style=\"font-size: 13px; color: #534438; line-height: 20px; margin: 0; padding-top: 0;\">St Ann&#8217;s Church, Dawson Street, Dublin 2<\/p>\n<table width=\"100%\" cellspacing=\"0\" cellpadding=\"0\">\n<tbody>\n<tr>\n<td valign=\"top\">\n<div style=\"font-size: 13px; color: #534438; line-height: 20px;\">\n<p style=\"margin: 10px 0;\">Rena Ammor (piano) performs J.S. Bach\u2019s Partita no 2 in C minor and Busoni\u2019s arrangement of Bach\u2019s Chaconne in D minor.<\/p>\n<p style=\"margin: 10px 0;\">Admission is free. Donations are welcome.<\/p>\n<\/div>\n<div style=\"font-size: 13px; color: #534438; line-height: 20px;\"><\/div>\n<p style=\"font-size: 13px; color: #534438; line-height: 20px;\"><a style=\"color: #cc2979; text-decoration: none;\" href=\"http:\/\/stann.dublin.anglican.org\/concerts\/index.php\">http:\/\/stann.dublin.anglican.org\/concerts\/index.php<\/a><\/p>\n<\/td>\n<td valign=\"top\"><\/td>\n<\/tr>\n<\/tbody>\n<\/table>\n<\/td>\n<\/tr>\n<\/tbody>\n<\/table>\n<\/td>\n<\/tr>\n<\/tbody>\n<\/table>\n<table width=\"100%\" cellspacing=\"0\" cellpadding=\"0\">\n<tbody>\n<tr>\n<td style=\"padding: 10px 30px;\">\n<table width=\"100%\" cellspacing=\"0\" cellpadding=\"0\">\n<tbody>\n<tr>\n<td valign=\"top\" width=\"52\"><img loading=\"lazy\" decoding=\"async\" src=\"http:\/\/dublineventguide.com\/dff\/admin\/images\/categories\/KIDS.png\" alt=\"\" width=\"32\" height=\"32\" \/><\/td>\n<td>\n<h2 style=\"font-size: 16px; color: #534438; margin: 0 0 5px; font-weight: normal;\">International Children&#8217;s Book Day<\/h2>\n<h3 style=\"font-size: 13px; margin: 0; padding: 0; line-height: 16px; color: #534438;\">15:00 &#8211; 16:30, Thu 03 Apr<\/h3>\n<p style=\"font-size: 13px; color: #534438; line-height: 20px; margin: 0; padding-top: 0;\">Central Library, Ilac Shopping Centre, Henry Street, Dublin 1<\/p>\n<table width=\"100%\" cellspacing=\"0\" cellpadding=\"0\">\n<tbody>\n<tr>\n<td valign=\"top\">\n<div style=\"font-size: 13px; color: #534438; line-height: 20px;\">\n<p style=\"margin: 10px 0;\">To celebrate the International Children&#8217;s Book Day on Wed and Thurs, the Central Library runs two events after school:<\/p>\n<p style=\"margin: 10px 0;\">On Wednesday &#8220;LORE: Irish Legends and Folk Tales&#8221; will be performed by actor and storyteller Sinead O&#8217;Brien accompanied by a Dutch storyteller. (Time TBC) The event is suitable for 6-7 year olds.<\/p>\n<p style=\"margin: 10px 0;\">On Thursday from 15:00-16:30 an Arts &amp; Crafts Workshop inspired by Mr Miniscule and the Whale, a Polish children&#8217;s classic by Julian Tuwim and Bohdan Butenko published by Book Island will take place. Admission is free, for children aged 4-7<\/p>\n<p style=\"margin: 10px 0;\">Booking is strongly recommended: 01-8734333<\/p>\n<\/div>\n<div style=\"font-size: 13px; color: #534438; line-height: 20px;\"><\/div>\n<p style=\"font-size: 13px; color: #534438; line-height: 20px;\"><a style=\"color: #cc2979; text-decoration: none;\" href=\"http:\/\/www.dublincity.ie\/RecreationandCulture\/libraries\/library_events\/Pages\/international_childrens_book_day.aspx\">http:\/\/www.dublincity.ie\/RecreationandCulture\/libraries\/library_events\/Pages\/international_childrens_book_day.aspx<\/a><\/p>\n<\/td>\n<td valign=\"top\"><\/td>\n<\/tr>\n<\/tbody>\n<\/table>\n<\/td>\n<\/tr>\n<\/tbody>\n<\/table>\n<\/td>\n<\/tr>\n<\/tbody>\n<\/table>\n<table width=\"100%\" cellspacing=\"0\" cellpadding=\"0\">\n<tbody>\n<tr>\n<td style=\"padding: 10px 30px;\">\n<table width=\"100%\" cellspacing=\"0\" cellpadding=\"0\">\n<tbody>\n<tr>\n<td valign=\"top\" width=\"52\"><img loading=\"lazy\" decoding=\"async\" src=\"http:\/\/dublineventguide.com\/dff\/admin\/images\/categories\/TALKS.png\" alt=\"\" width=\"32\" height=\"32\" \/><\/td>\n<td>\n<h2 style=\"font-size: 16px; color: #534438; margin: 0 0 5px; font-weight: normal;\">Chilean Artist Carlos Araya Vargas &#8211; In Conversation<\/h2>\n<h3 style=\"font-size: 13px; margin: 0; padding: 0; line-height: 16px; color: #534438;\">18:00, Thu 03 Apr<\/h3>\n<p style=\"font-size: 13px; color: #534438; line-height: 20px; margin: 0; padding-top: 0;\">Instituto Cervantes, Lincoln House, Lincoln Place (near National Gallery), Dublin 2<\/p>\n<table width=\"100%\" cellspacing=\"0\" cellpadding=\"0\">\n<tbody>\n<tr>\n<td valign=\"top\">\n<div style=\"font-size: 13px; color: #534438; line-height: 20px;\">\n<p>A Conversation with Chilean Painter Carlos Araya Vargas \u201cCarlanga\u201d takes place about the evolution and trends of recent Contemporary Art in Chile. This event is in context with the closure (on 05 April) of the First Chilean Contemporary Art Exhibition in Dublin in the Instituto Cervantes (Exhibition: <a style=\"color: #cc2979; text-decoration: none;\" href=\"http:\/\/dublin.cervantes.es\/FichasCultura\/Ficha93274_16_2.htm\" target=\"_blank\">http:\/\/dublin.cervantes.es\/FichasCultura\/Ficha93274_16_2.htm<\/a> )<\/p>\n<p style=\"margin: 10px 0;\">Admission is free. The conversation will be in Spanish with English translation.<\/p>\n<\/div>\n<div style=\"font-size: 13px; color: #534438; line-height: 20px;\"><\/div>\n<p style=\"font-size: 13px; color: #534438; line-height: 20px;\"><a style=\"color: #cc2979; text-decoration: none;\" href=\"http:\/\/dublin.cervantes.es\/FichasCultura\/Ficha93887_16_2.htm\">http:\/\/dublin.cervantes.es\/FichasCultura\/Ficha93887_16_2.htm<\/a><\/p>\n<\/td>\n<td valign=\"top\"><\/td>\n<\/tr>\n<\/tbody>\n<\/table>\n<\/td>\n<\/tr>\n<\/tbody>\n<\/table>\n<\/td>\n<\/tr>\n<\/tbody>\n<\/table>\n<table width=\"100%\" cellspacing=\"0\" cellpadding=\"0\">\n<tbody>\n<tr>\n<td style=\"padding: 10px 30px;\">\n<table width=\"100%\" cellspacing=\"0\" cellpadding=\"0\">\n<tbody>\n<tr>\n<td valign=\"top\" width=\"52\"><img loading=\"lazy\" decoding=\"async\" src=\"http:\/\/dublineventguide.com\/dff\/admin\/images\/categories\/ACTIVITY.png\" alt=\"\" width=\"32\" height=\"32\" \/><\/td>\n<td>\n<h2 style=\"font-size: 16px; color: #534438; margin: 0 0 5px; font-weight: normal;\">Girl Geek Dinner<\/h2>\n<h3 style=\"font-size: 13px; margin: 0; padding: 0; line-height: 16px; color: #534438;\">18:00 &#8211; 20:00, Thu 03 Apr<\/h3>\n<p style=\"font-size: 13px; color: #534438; line-height: 20px; margin: 0; padding-top: 0;\">Science Gallery, Pearse Street, TCD, Dublin 2<\/p>\n<table width=\"100%\" cellspacing=\"0\" cellpadding=\"0\">\n<tbody>\n<tr>\n<td valign=\"top\">\n<div style=\"font-size: 13px; color: #534438; line-height: 20px;\">\n<p style=\"margin: 10px 0;\">Girl Geek Dinners are a chance for ladies in technology to get together, enjoy some nice food and drinks, and have fun meeting other women in their field. Men are welcome to attend, but only at the invitation of a woman &#8211; if you are bringing someone or are looking for an invitation, please send on an email.<\/p>\n<p style=\"margin: 10px 0;\">To register and for a link to the blog and the e-mail to bring guests, check the website below.<\/p>\n<\/div>\n<div style=\"font-size: 13px; color: #534438; line-height: 20px;\"><\/div>\n<p style=\"font-size: 13px; color: #534438; line-height: 20px;\"><a style=\"color: #cc2979; text-decoration: none;\" href=\"https:\/\/dublin.sciencegallery.com\/events\/2014\/03\/girlgeekdinners\">https:\/\/dublin.sciencegallery.com\/events\/2014\/03\/girlgeekdinners<\/a><\/p>\n<\/td>\n<td valign=\"top\"><\/td>\n<\/tr>\n<\/tbody>\n<\/table>\n<\/td>\n<\/tr>\n<\/tbody>\n<\/table>\n<\/td>\n<\/tr>\n<\/tbody>\n<\/table>\n<table width=\"100%\" cellspacing=\"0\" cellpadding=\"0\">\n<tbody>\n<tr>\n<td style=\"padding: 10px 30px;\">\n<table width=\"100%\" cellspacing=\"0\" cellpadding=\"0\">\n<tbody>\n<tr>\n<td valign=\"top\" width=\"52\"><img loading=\"lazy\" decoding=\"async\" src=\"http:\/\/dublineventguide.com\/dff\/admin\/images\/categories\/LITERATURE.png\" alt=\"\" width=\"32\" height=\"32\" \/><\/td>\n<td>\n<h2 style=\"font-size: 16px; color: #534438; margin: 0 0 5px; font-weight: normal;\">Lane Ashfeldt &#8211; Book Launch<\/h2>\n<h3 style=\"font-size: 13px; margin: 0; padding: 0; line-height: 16px; color: #534438;\">18:30 &#8211; 20:00, Thu 03 Apr<\/h3>\n<p style=\"font-size: 13px; color: #534438; line-height: 20px; margin: 0; padding-top: 0;\">Gutter Bookshop, Cow&#8217;s Lane, Temple Bar, Dublin 8<\/p>\n<table width=\"100%\" cellspacing=\"0\" cellpadding=\"0\">\n<tbody>\n<tr>\n<td valign=\"top\">\n<div style=\"font-size: 13px; color: #534438; line-height: 20px;\">\n<p style=\"margin: 10px 0;\">Lane Ashfeldt will launch her new book of short stories &#8220;SaltWater&#8221; and will read from the book. The publisher of Liberties Press will be attending, so if you always wanted to get connected, this might be the perfect opportunity.<\/p>\n<p style=\"margin: 10px 0;\">Admission is free.<\/p>\n<\/div>\n<div style=\"font-size: 13px; color: #534438; line-height: 20px;\"><\/div>\n<\/td>\n<td valign=\"top\"><\/td>\n<\/tr>\n<\/tbody>\n<\/table>\n<\/td>\n<\/tr>\n<\/tbody>\n<\/table>\n<\/td>\n<\/tr>\n<\/tbody>\n<\/table>\n<table width=\"100%\" cellspacing=\"0\" cellpadding=\"0\">\n<tbody>\n<tr>\n<td style=\"padding: 10px 30px;\">\n<table width=\"100%\" cellspacing=\"0\" cellpadding=\"0\">\n<tbody>\n<tr>\n<td valign=\"top\" width=\"52\"><img loading=\"lazy\" decoding=\"async\" src=\"http:\/\/dublineventguide.com\/dff\/admin\/images\/categories\/LITERATURE.png\" alt=\"\" width=\"32\" height=\"32\" \/><\/td>\n<td>\n<h2 style=\"font-size: 16px; color: #534438; margin: 0 0 5px; font-weight: normal;\">The Books That Define Ireland &#8211; Talk<\/h2>\n<h3 style=\"font-size: 13px; margin: 0; padding: 0; line-height: 16px; color: #534438;\">18:30, Thu 03 Apr<\/h3>\n<p style=\"font-size: 13px; color: #534438; line-height: 20px; margin: 0; padding-top: 0;\">Hodges Figgis, 56-58 Dawson Street, Dublin 2<\/p>\n<table width=\"100%\" cellspacing=\"0\" cellpadding=\"0\">\n<tbody>\n<tr>\n<td valign=\"top\">\n<div style=\"font-size: 13px; color: #534438; line-height: 20px;\">\n<p style=\"margin: 10px 0;\">Bryan Fanning &amp; Tom Garvin will be &#8216;In Conversation&#8217; debating &#8220;The Books That Define Ireland&#8221;. Guest compere is Dr Maurice Mannin\u00ad\u00ad\u00adg. Admission is free.<\/p>\n<\/div>\n<div style=\"font-size: 13px; color: #534438; line-height: 20px;\"><\/div>\n<\/td>\n<td valign=\"top\"><\/td>\n<\/tr>\n<\/tbody>\n<\/table>\n<\/td>\n<\/tr>\n<\/tbody>\n<\/table>\n<\/td>\n<\/tr>\n<\/tbody>\n<\/table>\n<table width=\"100%\" cellspacing=\"0\" cellpadding=\"0\">\n<tbody>\n<tr>\n<td style=\"padding: 10px 30px;\">\n<table width=\"100%\" cellspacing=\"0\" cellpadding=\"0\">\n<tbody>\n<tr>\n<td valign=\"top\" width=\"52\"><img loading=\"lazy\" decoding=\"async\" src=\"http:\/\/dublineventguide.com\/dff\/admin\/images\/categories\/ART.png\" alt=\"\" width=\"32\" height=\"32\" \/><\/td>\n<td>\n<h2 style=\"font-size: 16px; color: #534438; margin: 0 0 5px; font-weight: normal;\">What you maybe meant to keep &#8211; Talks &amp; Tours<\/h2>\n<h3 style=\"font-size: 13px; margin: 0; padding: 0; line-height: 16px; color: #534438;\">18:30, Thu 03 Apr<\/h3>\n<p style=\"font-size: 13px; color: #534438; line-height: 20px; margin: 0; padding-top: 0;\">National Print Museum, Beggars Bush, Haddington Road, Dublin 4<\/p>\n<table width=\"100%\" cellspacing=\"0\" cellpadding=\"0\">\n<tbody>\n<tr>\n<td valign=\"top\">\n<div style=\"font-size: 13px; color: #534438; line-height: 20px;\">\n<p>The National Print Museum hosts an exhibition (25 March-27 May) of Irish political ephemera (<span>things that exist or are used or enjoyed for only a short time)<\/span> covering general and local elections, referendums European and presidential elections from the 1970s to the early 2010s. The exhibition includes ballot papers, election leaflets, posters, and pamphlets.<\/p>\n<p style=\"margin: 10px 0;\">The exhibition will be accompanied by a short tour and lecture series with its curators (Dr Ciaran Swan (NCAD) and Alan Kinsella) on the following dates: Thursday 03 April at 18.30; Thursday 10 April at 18.30; Sunday 13 April at 11.00 and Thursday 01 May at 18.30.<\/p>\n<p>Admission is free, but booking is essential for tours and lectures as capacity is limited. To book a place, contact<br \/>\neducation@nationalprintmuseum.ie<\/p>\n<\/div>\n<div style=\"font-size: 13px; color: #534438; line-height: 20px;\"><\/div>\n<p style=\"font-size: 13px; color: #534438; line-height: 20px;\"><a style=\"color: #cc2979; text-decoration: none;\" href=\"http:\/\/www.nationalprintmuseum.ie\/collection-and-permanent-exhibition\/temporary\/current-upcoming-exhibitions\/\">http:\/\/www.nationalprintmuseum.ie\/collection-and-permanent-exhibition\/temporary\/current-upcoming-exhibitions\/<\/a><\/p>\n<\/td>\n<td valign=\"top\"><\/td>\n<\/tr>\n<\/tbody>\n<\/table>\n<\/td>\n<\/tr>\n<\/tbody>\n<\/table>\n<\/td>\n<\/tr>\n<\/tbody>\n<\/table>\n<table width=\"100%\" cellspacing=\"0\" cellpadding=\"0\">\n<tbody>\n<tr>\n<td style=\"padding: 10px 30px;\">\n<table width=\"100%\" cellspacing=\"0\" cellpadding=\"0\">\n<tbody>\n<tr>\n<td valign=\"top\" width=\"52\"><img loading=\"lazy\" decoding=\"async\" src=\"http:\/\/dublineventguide.com\/dff\/admin\/images\/categories\/ACTIVITY.png\" alt=\"\" width=\"32\" height=\"32\" \/><\/td>\n<td>\n<h2 style=\"font-size: 16px; color: #534438; margin: 0 0 5px; font-weight: normal;\">&#8220;My Favourites&#8221; &#8211; Walking Tour &#8211; Night Walk<\/h2>\n<h3 style=\"font-size: 13px; margin: 0; padding: 0; line-height: 16px; color: #534438;\"><img loading=\"lazy\" decoding=\"async\" style=\"display: inline; float: left;\" src=\"http:\/\/dublineventguide.com\/dff\/admin\/images\/weekly.png\" alt=\"\" width=\"69\" height=\"16\" \/> 19:00 &#8211; 21:00, Thu 03 Apr<\/h3>\n<p style=\"font-size: 13px; color: #534438; line-height: 20px; margin: 0; padding-top: 0;\">Spire, O&#8217;Connell Street, Dublin 1<\/p>\n<table width=\"100%\" cellspacing=\"0\" cellpadding=\"0\">\n<tbody>\n<tr>\n<td valign=\"top\">\n<div style=\"font-size: 13px; color: #534438; line-height: 20px;\">\n<p style=\"margin: 10px 0;\">&#8220;These Are a Few of My Favourite Things&#8221; is the title of a Walking Tour that Emily Gallagher will run next Thursday. It will be an Alternative Arts and Culture Trail and she will bring you to &#8220;Dublin\u2019s Best Cafes, Bars, Markets, Unusual Stores, Galleries, Theatres, Arts Spaces, and more! And hear some tales you\u2019ve never heard before!&#8221;<\/p>\n<p style=\"margin: 10px 0;\">Meeting point is at the Spire. The tours are free but donations are welcome and booking is required via egaldog@gmail.com or 085-2725095<\/p>\n<\/div>\n<div style=\"font-size: 13px; color: #534438; line-height: 20px;\"><\/div>\n<\/td>\n<td valign=\"top\"><\/td>\n<\/tr>\n<\/tbody>\n<\/table>\n<\/td>\n<\/tr>\n<\/tbody>\n<\/table>\n<\/td>\n<\/tr>\n<\/tbody>\n<\/table>\n<table width=\"100%\" cellspacing=\"0\" cellpadding=\"0\">\n<tbody>\n<tr>\n<td style=\"padding: 10px 30px;\">\n<table width=\"100%\" cellspacing=\"0\" cellpadding=\"0\">\n<tbody>\n<tr>\n<td valign=\"top\" width=\"52\"><img loading=\"lazy\" decoding=\"async\" src=\"http:\/\/dublineventguide.com\/dff\/admin\/images\/categories\/DANCE.png\" alt=\"\" width=\"32\" height=\"32\" \/><\/td>\n<td>\n<h2 style=\"font-size: 16px; color: #534438; margin: 0 0 5px; font-weight: normal;\">Bal Folk &#8211; European Folk Dance Session<\/h2>\n<h3 style=\"font-size: 13px; margin: 0; padding: 0; line-height: 16px; color: #534438;\"><img loading=\"lazy\" decoding=\"async\" style=\"display: inline; float: left;\" src=\"http:\/\/dublineventguide.com\/dff\/admin\/images\/weekly.png\" alt=\"\" width=\"69\" height=\"16\" \/> 20:00, Thu 03 Apr<\/h3>\n<p style=\"font-size: 13px; color: #534438; line-height: 20px; margin: 0; padding-top: 0;\">Tap Bar, 44 North King Street, Dublin 7<\/p>\n<table width=\"100%\" cellspacing=\"0\" cellpadding=\"0\">\n<tbody>\n<tr>\n<td valign=\"top\">\n<div style=\"font-size: 13px; color: #534438; line-height: 20px;\">\n<p style=\"margin: 10px 0;\">The weekly European Folk Dance Workshop\/Session takes place in the Tap Bar every Thursday.<\/p>\n<p style=\"margin: 10px 0;\">The dances are French, Greek, Italian, Hungarian, Polish, Portuguese folk and traditional dances and everybody interested to join in or to learn is welcome. Admission is free, but donations (suggested: EUR 3) are very welcome<\/p>\n<\/div>\n<div style=\"font-size: 13px; color: #534438; line-height: 20px;\"><\/div>\n<p style=\"font-size: 13px; color: #534438; line-height: 20px;\"><a style=\"color: #cc2979; text-decoration: none;\" href=\"https:\/\/www.facebook.com\/pages\/Njoy-Dancing-Dublin\/251213698276941\">https:\/\/www.facebook.com\/pages\/Njoy-Dancing-Dublin\/251213698276941<\/a><\/p>\n<\/td>\n<td valign=\"top\"><\/td>\n<\/tr>\n<\/tbody>\n<\/table>\n<\/td>\n<\/tr>\n<\/tbody>\n<\/table>\n<\/td>\n<\/tr>\n<\/tbody>\n<\/table>\n<table width=\"100%\" cellspacing=\"0\" cellpadding=\"0\">\n<tbody>\n<tr>\n<td style=\"padding: 10px 30px;\">\n<table width=\"100%\" cellspacing=\"0\" cellpadding=\"0\">\n<tbody>\n<tr>\n<td valign=\"top\" width=\"52\"><img loading=\"lazy\" decoding=\"async\" src=\"http:\/\/dublineventguide.com\/dff\/admin\/images\/categories\/MUSIC.png\" alt=\"\" width=\"32\" height=\"32\" \/><\/td>\n<td>\n<h2 style=\"font-size: 16px; color: #534438; margin: 0 0 5px; font-weight: normal;\">Dimestore Recordings presents<\/h2>\n<h3 style=\"font-size: 13px; margin: 0; padding: 0; line-height: 16px; color: #534438;\"><img loading=\"lazy\" decoding=\"async\" style=\"display: inline; float: left;\" src=\"http:\/\/dublineventguide.com\/dff\/admin\/images\/weekly.png\" alt=\"\" width=\"69\" height=\"16\" \/> 20:00, Thu 03 Apr<\/h3>\n<p style=\"font-size: 13px; color: #534438; line-height: 20px; margin: 0; padding-top: 0;\">Sweeney Mongrel&#8217;s, 32 Dame Street, Dublin 2<\/p>\n<table width=\"100%\" cellspacing=\"0\" cellpadding=\"0\">\n<tbody>\n<tr>\n<td valign=\"top\">\n<div style=\"font-size: 13px; color: #534438; line-height: 20px;\">\n<p style=\"margin: 10px 0;\">Dimestore Recordings run a weekly event in Sweeney Mongrel&#8217;s with a variety of bands and performers. It starts at 20:00, follow the link for the line up.<\/p>\n<\/div>\n<div style=\"font-size: 13px; color: #534438; line-height: 20px;\"><\/div>\n<p style=\"font-size: 13px; color: #534438; line-height: 20px;\"><a style=\"color: #cc2979; text-decoration: none;\" href=\"https:\/\/www.facebook.com\/DimeStoreRecords\">https:\/\/www.facebook.com\/DimeStoreRecords<\/a><\/p>\n<\/td>\n<td valign=\"top\"><\/td>\n<\/tr>\n<\/tbody>\n<\/table>\n<\/td>\n<\/tr>\n<\/tbody>\n<\/table>\n<\/td>\n<\/tr>\n<\/tbody>\n<\/table>\n<table width=\"100%\" cellspacing=\"0\" cellpadding=\"0\">\n<tbody>\n<tr>\n<td style=\"padding: 10px 30px;\">\n<table width=\"100%\" cellspacing=\"0\" cellpadding=\"0\">\n<tbody>\n<tr>\n<td valign=\"top\" width=\"52\"><img loading=\"lazy\" decoding=\"async\" src=\"http:\/\/dublineventguide.com\/dff\/admin\/images\/categories\/MUSIC.png\" alt=\"\" width=\"32\" height=\"32\" \/><\/td>\n<td>\n<h2 style=\"font-size: 16px; color: #534438; margin: 0 0 5px; font-weight: normal;\">Max Zaska \/ Patrick Groenland<\/h2>\n<h3 style=\"font-size: 13px; margin: 0; padding: 0; line-height: 16px; color: #534438;\"><img loading=\"lazy\" decoding=\"async\" style=\"display: inline; float: left;\" src=\"http:\/\/dublineventguide.com\/dff\/admin\/images\/weekly.png\" alt=\"\" width=\"69\" height=\"16\" \/> 21:00, Thu 03 Apr<\/h3>\n<p style=\"font-size: 13px; color: #534438; line-height: 20px; margin: 0; padding-top: 0;\">The International Bar, 23 Wicklow Street, Dublin 2<\/p>\n<table width=\"100%\" cellspacing=\"0\" cellpadding=\"0\">\n<tbody>\n<tr>\n<td valign=\"top\">\n<div style=\"font-size: 13px; color: #534438; line-height: 20px;\">\n<p style=\"margin: 10px 0;\">The Max Zaska group and the Patrick Groenland group will perform on alternating Thursdays from 21:00 in the International Bar on 23 Wicklow Street.<\/p>\n<\/div>\n<div style=\"font-size: 13px; color: #534438; line-height: 20px;\"><\/div>\n<p style=\"font-size: 13px; color: #534438; line-height: 20px;\"><a style=\"color: #cc2979; text-decoration: none;\" href=\"http:\/\/www.international-bar.com\/music.html\">http:\/\/www.international-bar.com\/music.html<\/a><\/p>\n<\/td>\n<td valign=\"top\"><\/td>\n<\/tr>\n<\/tbody>\n<\/table>\n<\/td>\n<\/tr>\n<\/tbody>\n<\/table>\n<\/td>\n<\/tr>\n<\/tbody>\n<\/table>\n<table width=\"100%\" cellspacing=\"0\" cellpadding=\"0\">\n<tbody>\n<tr>\n<td style=\"padding: 10px 30px;\">\n<table width=\"100%\" cellspacing=\"0\" cellpadding=\"0\">\n<tbody>\n<tr>\n<td valign=\"top\" width=\"52\"><img loading=\"lazy\" decoding=\"async\" src=\"http:\/\/dublineventguide.com\/dff\/admin\/images\/categories\/MUSIC.png\" alt=\"\" width=\"32\" height=\"32\" \/><\/td>\n<td>\n<h2 style=\"font-size: 16px; color: #534438; margin: 0 0 5px; font-weight: normal;\">Left, Right &amp; Centre &#8211; Blues+Soul<\/h2>\n<h3 style=\"font-size: 13px; margin: 0; padding: 0; line-height: 16px; color: #534438;\"><img loading=\"lazy\" decoding=\"async\" style=\"display: inline; float: left;\" src=\"http:\/\/dublineventguide.com\/dff\/admin\/images\/weekly.png\" alt=\"\" width=\"69\" height=\"16\" \/> 21:30, Thu 03 Apr<\/h3>\n<p style=\"font-size: 13px; color: #534438; line-height: 20px; margin: 0; padding-top: 0;\">Frank Ryan&#8217;s Bar, Queen Street, Smithfield, Dublin 7<\/p>\n<table width=\"100%\" cellspacing=\"0\" cellpadding=\"0\">\n<tbody>\n<tr>\n<td valign=\"top\">\n<div style=\"font-size: 13px; color: #534438; line-height: 20px;\">\n<p style=\"margin: 10px 0;\">Every Thursday &#8220;Left Right &amp; Centre&#8221; play a mix of blues &amp; soul with a bit of rock&amp;roll.<\/p>\n<\/div>\n<div style=\"font-size: 13px; color: #534438; line-height: 20px;\"><\/div>\n<p style=\"font-size: 13px; color: #534438; line-height: 20px;\"><a style=\"color: #cc2979; text-decoration: none;\" href=\"http:\/\/www.frankryans.com\">http:\/\/www.frankryans.com<\/a><\/p>\n<\/td>\n<td valign=\"top\"><\/td>\n<\/tr>\n<\/tbody>\n<\/table>\n<\/td>\n<\/tr>\n<\/tbody>\n<\/table>\n<\/td>\n<\/tr>\n<\/tbody>\n<\/table>\n<table width=\"100%\" cellspacing=\"0\" cellpadding=\"0\">\n<tbody>\n<tr>\n<td style=\"padding: 10px 30px;\">\n<table width=\"100%\" cellspacing=\"0\" cellpadding=\"0\">\n<tbody>\n<tr>\n<td valign=\"top\" width=\"52\"><img loading=\"lazy\" decoding=\"async\" src=\"http:\/\/dublineventguide.com\/dff\/admin\/images\/categories\/MUSIC.png\" alt=\"\" width=\"32\" height=\"32\" \/><\/td>\n<td>\n<h2 style=\"font-size: 16px; color: #534438; margin: 0 0 5px; font-weight: normal;\">McNeills Trad Music Pub Sessions<\/h2>\n<h3 style=\"font-size: 13px; margin: 0; padding: 0; line-height: 16px; color: #534438;\"><img loading=\"lazy\" decoding=\"async\" style=\"display: inline; float: left;\" src=\"http:\/\/dublineventguide.com\/dff\/admin\/images\/weekly.png\" alt=\"\" width=\"69\" height=\"16\" \/> 21:30, Thu 03 Apr<\/h3>\n<p style=\"font-size: 13px; color: #534438; line-height: 20px; margin: 0; padding-top: 0;\">J. McNeills, 140 Capel Street, Dublin 7<\/p>\n<table width=\"100%\" cellspacing=\"0\" cellpadding=\"0\">\n<tbody>\n<tr>\n<td valign=\"top\">\n<div style=\"font-size: 13px; color: #534438; line-height: 20px;\">\n<p style=\"margin: 10px 0;\">Every Thursday a free Trad Session takes place in McNeills and often there are high profile Trad musicians performing.<\/p>\n<\/div>\n<div style=\"font-size: 13px; color: #534438; line-height: 20px;\"><\/div>\n<p style=\"font-size: 13px; color: #534438; line-height: 20px;\"><a style=\"color: #cc2979; text-decoration: none;\" href=\"https:\/\/www.facebook.com\/McNeillsPubSessions\">https:\/\/www.facebook.com\/McNeillsPubSessions<\/a><\/p>\n<\/td>\n<td valign=\"top\"><\/td>\n<\/tr>\n<\/tbody>\n<\/table>\n<\/td>\n<\/tr>\n<\/tbody>\n<\/table>\n<\/td>\n<\/tr>\n<\/tbody>\n<\/table>\n<table id=\"day_1396566000\" style=\"margin-top: 10px;\" width=\"100%\" cellspacing=\"0\" cellpadding=\"0\">\n<tbody>\n<tr style=\"background-color: #c20162; color: #fff;\">\n<td style=\"padding: 0; line-height: 1; height: 34px; overflow: hidden;\">\n<p style=\"width: 630px; padding-left: 30px; margin: 0; height: 34px; overflow: hidden; line-height: 34px;\"><a name=\"day_1396566000\"><\/a><strong>Friday <\/strong> 04 Apr<\/p>\n<\/td>\n<td>\n<p style=\"margin: 0; line-height: 34px; padding: 0; font-size: 13px;\"><a style=\"color: #fff; text-decoration: none;\" href=\"#dff_top\">back to top<\/a><\/p>\n<\/td>\n<td>\n<p style=\"margin: 0; padding: 0; font-size: 13px;\"><a style=\"color: #fff; text-decoration: none;\" href=\"#dff_top\"><img loading=\"lazy\" decoding=\"async\" src=\"http:\/\/dublineventguide.com\/dff\/admin\/images\/dividers\/date_toplink.png\" alt=\"Back to top\" width=\"38\" height=\"34\" \/><\/a><\/p>\n<\/td>\n<td width=\"50\"><\/td>\n<\/tr>\n<\/tbody>\n<\/table>\n<table width=\"100%\" cellspacing=\"0\" cellpadding=\"0\">\n<tbody>\n<tr>\n<td style=\"padding: 10px 30px;\">\n<table width=\"100%\" cellspacing=\"0\" cellpadding=\"0\">\n<tbody>\n<tr>\n<td valign=\"top\" width=\"52\"><img loading=\"lazy\" decoding=\"async\" src=\"http:\/\/dublineventguide.com\/dff\/admin\/images\/categories\/LITERATURE.png\" alt=\"\" width=\"32\" height=\"32\" \/><\/td>\n<td>\n<h2 style=\"font-size: 16px; color: #534438; margin: 0 0 5px; font-weight: normal;\">Dublin: One City One Book<\/h2>\n<h3 style=\"font-size: 13px; margin: 0; padding: 0; line-height: 16px; color: #534438;\">09:00, Fri 04 Apr<\/h3>\n<p style=\"font-size: 13px; color: #534438; line-height: 20px; margin: 0; padding-top: 0;\">Dublin (various locations)<\/p>\n<table width=\"100%\" cellspacing=\"0\" cellpadding=\"0\">\n<tbody>\n<tr>\n<td valign=\"top\">\n<div style=\"font-size: 13px; color: #534438; line-height: 20px;\">\n<p>The Dublin: One City One Book events continue for the whole month and there are lots of events taking place in connection with it too. A website here <a style=\"color: #cc2979; text-decoration: none;\" href=\"http:\/\/www.dublinonecityonebook.ie\/events-2014\">http:\/\/www.dublinonecityonebook.ie\/events-2014<\/a> lists all the events and it would be silly if just copied them.<\/p>\n<p style=\"margin: 10px 0;\">So, if you are interested in this topic, go to the website mentioned above to find all details.<\/p>\n<\/div>\n<div style=\"font-size: 13px; color: #534438; line-height: 20px;\"><\/div>\n<p style=\"font-size: 13px; color: #534438; line-height: 20px;\"><a style=\"color: #cc2979; text-decoration: none;\" href=\"http:\/\/www.dublinonecityonebook.ie\/events-2014\">http:\/\/www.dublinonecityonebook.ie\/events-2014<\/a><\/p>\n<\/td>\n<td valign=\"top\"><\/td>\n<\/tr>\n<\/tbody>\n<\/table>\n<\/td>\n<\/tr>\n<\/tbody>\n<\/table>\n<\/td>\n<\/tr>\n<\/tbody>\n<\/table>\n<table width=\"100%\" cellspacing=\"0\" cellpadding=\"0\">\n<tbody>\n<tr>\n<td style=\"padding: 10px 30px;\">\n<table width=\"100%\" cellspacing=\"0\" cellpadding=\"0\">\n<tbody>\n<tr>\n<td valign=\"top\" width=\"52\"><img loading=\"lazy\" decoding=\"async\" src=\"http:\/\/dublineventguide.com\/dff\/admin\/images\/categories\/ACTIVITY.png\" alt=\"\" width=\"32\" height=\"32\" \/><\/td>\n<td>\n<h2 style=\"font-size: 16px; color: #534438; margin: 0 0 5px; font-weight: normal;\">Eco Week South Dublin Libraries<\/h2>\n<h3 style=\"font-size: 13px; margin: 0; padding: 0; line-height: 16px; color: #534438;\">09:00, Fri 04 Apr<\/h3>\n<p style=\"font-size: 13px; color: #534438; line-height: 20px; margin: 0; padding-top: 0;\">Dublin (various locations)<\/p>\n<table width=\"100%\" cellspacing=\"0\" cellpadding=\"0\">\n<tbody>\n<tr>\n<td valign=\"top\">\n<div style=\"font-size: 13px; color: #534438; line-height: 20px;\">\n<p>The Eco Week of the South Dublin Libraries will take place from 31 March &#8211; 04 April. About 20 events for adults are planned (in addition to lots of School events) and you will find a detailed programme and more information for booking etc here: <a style=\"color: #cc2979; text-decoration: none;\" href=\"http:\/\/www.southdublinlibraries.ie\/news\/2014\/03\/eco-week-31st-march-4th-april-2014\" target=\"_blank\">http:\/\/www.southdublinlibraries.ie\/news\/2014\/03\/eco-week-31st-march-4th-april-2014<\/a><\/p>\n<\/div>\n<div style=\"font-size: 13px; color: #534438; line-height: 20px;\"><\/div>\n<\/td>\n<td valign=\"top\"><\/td>\n<\/tr>\n<\/tbody>\n<\/table>\n<\/td>\n<\/tr>\n<\/tbody>\n<\/table>\n<\/td>\n<\/tr>\n<\/tbody>\n<\/table>\n<table width=\"100%\" cellspacing=\"0\" cellpadding=\"0\">\n<tbody>\n<tr>\n<td style=\"padding: 10px 30px;\">\n<table width=\"100%\" cellspacing=\"0\" cellpadding=\"0\">\n<tbody>\n<tr>\n<td valign=\"top\" width=\"52\"><img loading=\"lazy\" decoding=\"async\" src=\"http:\/\/dublineventguide.com\/dff\/admin\/images\/categories\/ACTIVITY.png\" alt=\"\" width=\"32\" height=\"32\" \/><\/td>\n<td>\n<h2 style=\"font-size: 16px; color: #534438; margin: 0 0 5px; font-weight: normal;\">Five Lamps Arts Festival<\/h2>\n<h3 style=\"font-size: 13px; margin: 0; padding: 0; line-height: 16px; color: #534438;\">09:00, Fri 04 Apr<\/h3>\n<p style=\"font-size: 13px; color: #534438; line-height: 20px; margin: 0; padding-top: 0;\">Dublin (various locations)<\/p>\n<table width=\"100%\" cellspacing=\"0\" cellpadding=\"0\">\n<tbody>\n<tr>\n<td valign=\"top\">\n<div style=\"font-size: 13px; color: #534438; line-height: 20px;\">\n<p style=\"margin: 10px 0;\">The Five Lamps Arts Festival is a great and very successful local festival of the wider area around the &#8220;Five Lamps&#8221; on Amiens Street and North Strand Road. The festival is in its 7th year and events include a music and fire dance, puppet shows, a Georgian choir, jazz music, combinations of theatre and community art performances, interior design exhibitions, walk and talk events, poetry readings and storytelling, dance, visual art and much more.<\/p>\n<p>Many events are free and the complete list of free and non-free events is here: <a style=\"color: #cc2979; text-decoration: none;\" href=\"http:\/\/www.fivelampsarts.ie\/new\/all-events\/\">http:\/\/www.fivelampsarts.ie\/new\/all-events\/<\/a><\/p>\n<p style=\"margin: 10px 0;\">Here are some of the free events (the details you will find on the website), I am only listing the headlines here:<\/p>\n<p>Body and Soul:<br \/>\n31 March: A Conversation Salon: meet other curious, open-minded, open-hearted people and have conversations that challenge<\/p>\n<p>Children:<br \/>\n29 March: Professor Plunger &#8211; Street Show<br \/>\n29 March: H\u00e4nsel und Gretel &#8211; Puppet Show<\/p>\n<p>Dance:<br \/>\n01 April: Day of Dance<\/p>\n<p>Exploration:<br \/>\n29 March: Walk with Terry Fagan &#8211; Story\u2019s from around Dublin\u2019s famous Red-Light district known as Monto.<br \/>\n30 March: Key monuments on Dublin\u2019s O\u2019Connell Street<\/p>\n<p>Literature:<br \/>\n31 March: Growing up at the Five Lamps &#8211; Talk<br \/>\n02 April: Temper-Mental MissElayneous &amp; Andre K\u2019por<br \/>\n02 April: Tree Tales<\/p>\n<p>Music:<br \/>\n30 March: Flute Concert with Julie Maisel<\/p>\n<p>Theater:<br \/>\n03 April: The Merchant of Ennis<\/p>\n<p style=\"margin: 10px 0;\">And on top of that there are a number of exhibitions.<\/p>\n<\/div>\n<div style=\"font-size: 13px; color: #534438; line-height: 20px;\"><\/div>\n<p style=\"font-size: 13px; color: #534438; line-height: 20px;\"><a style=\"color: #cc2979; text-decoration: none;\" href=\"http:\/\/www.fivelampsarts.ie\/\">http:\/\/www.fivelampsarts.ie\/<\/a><\/p>\n<\/td>\n<td valign=\"top\"><\/td>\n<\/tr>\n<\/tbody>\n<\/table>\n<\/td>\n<\/tr>\n<\/tbody>\n<\/table>\n<\/td>\n<\/tr>\n<\/tbody>\n<\/table>\n<table width=\"100%\" cellspacing=\"0\" cellpadding=\"0\">\n<tbody>\n<tr>\n<td style=\"padding: 10px 30px;\">\n<table width=\"100%\" cellspacing=\"0\" cellpadding=\"0\">\n<tbody>\n<tr>\n<td valign=\"top\" width=\"52\"><img loading=\"lazy\" decoding=\"async\" src=\"http:\/\/dublineventguide.com\/dff\/admin\/images\/categories\/MARKETS.png\" alt=\"\" width=\"32\" height=\"32\" \/><\/td>\n<td>\n<h2 style=\"font-size: 16px; color: #534438; margin: 0 0 5px; font-weight: normal;\">The Ferocious Mingle Marcade<\/h2>\n<h3 style=\"font-size: 13px; margin: 0; padding: 0; line-height: 16px; color: #534438;\"><img loading=\"lazy\" decoding=\"async\" style=\"display: inline; float: left;\" src=\"http:\/\/dublineventguide.com\/dff\/admin\/images\/weekly.png\" alt=\"\" width=\"69\" height=\"16\" \/> 11:00 &#8211; 18:00, Fri 04 Apr<\/h3>\n<p style=\"font-size: 13px; color: #534438; line-height: 20px; margin: 0; padding-top: 0;\">60 Camden Street, Dublin 2<\/p>\n<table width=\"100%\" cellspacing=\"0\" cellpadding=\"0\">\n<tbody>\n<tr>\n<td valign=\"top\">\n<div style=\"font-size: 13px; color: #534438; line-height: 20px;\">\n<p style=\"margin: 10px 0;\">The Ferocious Mingle Marcade (Market and Arcade) is back in a new location. The Marcade is now in Camden Street next to Daintree Paper and opposite the Centra and off-license there. It takes place every Thurs-Sun and is a flea-market-type permanent market with stalls and &#8220;chalets&#8221; for traders.<\/p>\n<\/div>\n<div style=\"font-size: 13px; color: #534438; line-height: 20px;\"><\/div>\n<p style=\"font-size: 13px; color: #534438; line-height: 20px;\"><a style=\"color: #cc2979; text-decoration: none;\" href=\"https:\/\/www.facebook.com\/pages\/The-Ferocious-Mingle-Marcade\/232446616822953\">https:\/\/www.facebook.com\/pages\/The-Ferocious-Mingle-Marcade\/232446616822953<\/a><\/p>\n<\/td>\n<td valign=\"top\"><\/td>\n<\/tr>\n<\/tbody>\n<\/table>\n<\/td>\n<\/tr>\n<\/tbody>\n<\/table>\n<\/td>\n<\/tr>\n<\/tbody>\n<\/table>\n<table width=\"100%\" cellspacing=\"0\" cellpadding=\"0\">\n<tbody>\n<tr>\n<td style=\"padding: 10px 30px;\">\n<table width=\"100%\" cellspacing=\"0\" cellpadding=\"0\">\n<tbody>\n<tr>\n<td valign=\"top\" width=\"52\"><img loading=\"lazy\" decoding=\"async\" src=\"http:\/\/dublineventguide.com\/dff\/admin\/images\/categories\/TALKS.png\" alt=\"\" width=\"32\" height=\"32\" \/><\/td>\n<td>\n<h2 style=\"font-size: 16px; color: #534438; margin: 0 0 5px; font-weight: normal;\">National Gallery Talks<\/h2>\n<h3 style=\"font-size: 13px; margin: 0; padding: 0; line-height: 16px; color: #534438;\"><img loading=\"lazy\" decoding=\"async\" style=\"display: inline; float: left;\" src=\"http:\/\/dublineventguide.com\/dff\/admin\/images\/weekly.png\" alt=\"\" width=\"69\" height=\"16\" \/> 11:30 &#8211; 16:50, Fri 04 Apr<\/h3>\n<p style=\"font-size: 13px; color: #534438; line-height: 20px; margin: 0; padding-top: 0;\">National Gallery, Clare Street, Dublin 2<\/p>\n<table width=\"100%\" cellspacing=\"0\" cellpadding=\"0\">\n<tbody>\n<tr>\n<td valign=\"top\">\n<div style=\"font-size: 13px; color: #534438; line-height: 20px;\">\n<p style=\"margin: 10px 0;\">The National Gallery has an extensive programme of free talks, public tours and Art Documentary screenings focusing on highlights of the European and Irish Collection every day of the week. Check their website for details.<\/p>\n<\/div>\n<div style=\"font-size: 13px; color: #534438; line-height: 20px;\"><\/div>\n<p style=\"font-size: 13px; color: #534438; line-height: 20px;\"><a style=\"color: #cc2979; text-decoration: none;\" href=\"http:\/\/nationalgallery.ie\/whatson\">http:\/\/nationalgallery.ie\/whatson<\/a><\/p>\n<\/td>\n<td valign=\"top\"><\/td>\n<\/tr>\n<\/tbody>\n<\/table>\n<\/td>\n<\/tr>\n<\/tbody>\n<\/table>\n<\/td>\n<\/tr>\n<\/tbody>\n<\/table>\n<table width=\"100%\" cellspacing=\"0\" cellpadding=\"0\">\n<tbody>\n<tr>\n<td style=\"padding: 10px 30px;\">\n<table width=\"100%\" cellspacing=\"0\" cellpadding=\"0\">\n<tbody>\n<tr>\n<td valign=\"top\" width=\"52\"><img loading=\"lazy\" decoding=\"async\" src=\"http:\/\/dublineventguide.com\/dff\/admin\/images\/categories\/TALKS.png\" alt=\"\" width=\"32\" height=\"32\" \/><\/td>\n<td>\n<h2 style=\"font-size: 16px; color: #534438; margin: 0 0 5px; font-weight: normal;\">Exhibition Prelude &#8211; Grant Watson<\/h2>\n<h3 style=\"font-size: 13px; margin: 0; padding: 0; line-height: 16px; color: #534438;\">13:15 &#8211; 14:00, Fri 04 Apr<\/h3>\n<p style=\"font-size: 13px; color: #534438; line-height: 20px; margin: 0; padding-top: 0;\">Irish Museum of Modern Art, Royal Hospital Kilmainham, Dublin 8<\/p>\n<table width=\"100%\" cellspacing=\"0\" cellpadding=\"0\">\n<tbody>\n<tr>\n<td valign=\"top\">\n<div style=\"font-size: 13px; color: #534438; line-height: 20px;\">\n<p style=\"margin: 10px 0;\">&#8220;As a prelude to the exhibition opening of Sheela Gowda&#8217;s &#8220;Open Eye Policy&#8221;, Grant Watson (curator, writer) discusses his curatorial interests on the various contexts that inform Indian contemporary art, and explores the cultural, social and political fabric that surrounds a reading of Gowda\u2019s work.&#8221;<\/p>\n<p style=\"margin: 10px 0;\">Admission is free, but booking is required.<\/p>\n<\/div>\n<div style=\"font-size: 13px; color: #534438; line-height: 20px;\"><\/div>\n<p style=\"font-size: 13px; color: #534438; line-height: 20px;\"><a style=\"color: #cc2979; text-decoration: none;\" href=\"http:\/\/www.imma.ie\/en\/page_236831.htm\">http:\/\/www.imma.ie\/en\/page_236831.htm<\/a><\/p>\n<\/td>\n<td valign=\"top\"><\/td>\n<\/tr>\n<\/tbody>\n<\/table>\n<\/td>\n<\/tr>\n<\/tbody>\n<\/table>\n<\/td>\n<\/tr>\n<\/tbody>\n<\/table>\n<table width=\"100%\" cellspacing=\"0\" cellpadding=\"0\">\n<tbody>\n<tr>\n<td style=\"padding: 10px 30px;\">\n<table width=\"100%\" cellspacing=\"0\" cellpadding=\"0\">\n<tbody>\n<tr>\n<td valign=\"top\" width=\"52\"><img loading=\"lazy\" decoding=\"async\" src=\"http:\/\/dublineventguide.com\/dff\/admin\/images\/categories\/LITERATURE.png\" alt=\"\" width=\"32\" height=\"32\" \/><\/td>\n<td>\n<h2 style=\"font-size: 16px; color: #534438; margin: 0 0 5px; font-weight: normal;\">Franco-Irish Literary Festival<\/h2>\n<h3 style=\"font-size: 13px; margin: 0; padding: 0; line-height: 16px; color: #534438;\">14:00 &#8211; 19:00, Fri 04 Apr<\/h3>\n<p style=\"font-size: 13px; color: #534438; line-height: 20px; margin: 0; padding-top: 0;\">Dublin Castle, Dame Street, Dublin 2<\/p>\n<table width=\"100%\" cellspacing=\"0\" cellpadding=\"0\">\n<tbody>\n<tr>\n<td valign=\"top\">\n<div style=\"font-size: 13px; color: #534438; line-height: 20px;\">\n<p style=\"margin: 10px 0;\">The Franco-Irish Literature Festival takes place from 04-06 April. On the first two days (04+05 April) it will be in George&#8217;s Hall in Dublin Castle and on the last day Sun 06 April, the last event will take place in the Alliance Francaise.<\/p>\n<p style=\"margin: 10px 0;\">All events are free and open to everyone, but places are limited and first come, first served will apply. There will be simultaneous interpreting in English and French.<\/p>\n<p>The programme timetable is here: <a style=\"color: #cc2979; text-decoration: none;\" href=\"http:\/\/www.francoirishliteraryfestival.com\/2014\/timetable.htm\">http:\/\/www.francoirishliteraryfestival.com\/2014\/timetable.htm<\/a><br \/>\nOn Friday, the festival will open at 14:00 and after that, a Panel Discussion, Readings, a Caf\u00e9 Litt\u00e9raire and more readings will take place. On Saturday the day starts at 10:30 with a Panel discussion, followed by an interview with Yannick Haenel. In the afternoon, Panel discussion, Readings and Caf\u00e9 Litt\u00e9raire will be on the programme.<br \/>\nOn Sunday, only a Literary Brunch (11:00-13:00) will take place.<\/p>\n<p style=\"margin: 10px 0;\">The Franco-Irish Literary Festival is in its 14th year and has become a fixture on Dublin&#8217;s Event Calender for all francophiles. The theme this year is &#8220;Changing Lives&#8221; and the website below contains all details about participants and programme.<\/p>\n<p>If you want to download the programme brochure, you can do that here <a style=\"color: #cc2979; text-decoration: none;\" href=\"http:\/\/www.francoirishliteraryfestival.com\/2014\/FILF14.pdf\">http:\/\/www.francoirishliteraryfestival.com\/2014\/FILF14.pdf<\/a><\/p>\n<\/div>\n<div style=\"font-size: 13px; color: #534438; line-height: 20px;\"><\/div>\n<p style=\"font-size: 13px; color: #534438; line-height: 20px;\"><a style=\"color: #cc2979; text-decoration: none;\" href=\"http:\/\/www.francoirishliteraryfestival.com\">http:\/\/www.francoirishliteraryfestival.com<\/a><\/p>\n<\/td>\n<td valign=\"top\"><\/td>\n<\/tr>\n<\/tbody>\n<\/table>\n<\/td>\n<\/tr>\n<\/tbody>\n<\/table>\n<\/td>\n<\/tr>\n<\/tbody>\n<\/table>\n<table width=\"100%\" cellspacing=\"0\" cellpadding=\"0\">\n<tbody>\n<tr>\n<td style=\"padding: 10px 30px;\">\n<table width=\"100%\" cellspacing=\"0\" cellpadding=\"0\">\n<tbody>\n<tr>\n<td valign=\"top\" width=\"52\"><img loading=\"lazy\" decoding=\"async\" src=\"http:\/\/dublineventguide.com\/dff\/admin\/images\/categories\/MUSIC.png\" alt=\"\" width=\"32\" height=\"32\" \/><\/td>\n<td>\n<h2 style=\"font-size: 16px; color: #534438; margin: 0 0 5px; font-weight: normal;\">Riptide Movement &#8211; In-Store Gig<\/h2>\n<h3 style=\"font-size: 13px; margin: 0; padding: 0; line-height: 16px; color: #534438;\">16:00, Fri 04 Apr<\/h3>\n<p style=\"font-size: 13px; color: #534438; line-height: 20px; margin: 0; padding-top: 0;\">HMV, 18 Henry Street, Dublin 1<\/p>\n<table width=\"100%\" cellspacing=\"0\" cellpadding=\"0\">\n<tbody>\n<tr>\n<td valign=\"top\">\n<div style=\"font-size: 13px; color: #534438; line-height: 20px;\">\n<p style=\"margin: 10px 0;\">The Riptide Movement are for a gig in HMV Henry Street,<\/p>\n<\/div>\n<div style=\"font-size: 13px; color: #534438; line-height: 20px;\"><\/div>\n<p style=\"font-size: 13px; color: #534438; line-height: 20px;\"><a style=\"color: #cc2979; text-decoration: none;\" href=\"http:\/\/www.hmv.ie\/events\">http:\/\/www.hmv.ie\/events<\/a><\/p>\n<\/td>\n<td valign=\"top\"><\/td>\n<\/tr>\n<\/tbody>\n<\/table>\n<\/td>\n<\/tr>\n<\/tbody>\n<\/table>\n<\/td>\n<\/tr>\n<\/tbody>\n<\/table>\n<table width=\"100%\" cellspacing=\"0\" cellpadding=\"0\">\n<tbody>\n<tr>\n<td style=\"padding: 10px 30px;\">\n<table width=\"100%\" cellspacing=\"0\" cellpadding=\"0\">\n<tbody>\n<tr>\n<td valign=\"top\" width=\"52\"><img loading=\"lazy\" decoding=\"async\" src=\"http:\/\/dublineventguide.com\/dff\/admin\/images\/categories\/MUSIC.png\" alt=\"\" width=\"32\" height=\"32\" \/><\/td>\n<td>\n<h2 style=\"font-size: 16px; color: #534438; margin: 0 0 5px; font-weight: normal;\">Pipeworks Organ Recital with David Leigh<\/h2>\n<h3 style=\"font-size: 13px; margin: 0; padding: 0; line-height: 16px; color: #534438;\">18:45 &#8211; 19:15, Fri 04 Apr<\/h3>\n<p style=\"font-size: 13px; color: #534438; line-height: 20px; margin: 0; padding-top: 0;\">National Concert Hall, Earlsfort Terrace, Dublin 2<\/p>\n<table width=\"100%\" cellspacing=\"0\" cellpadding=\"0\">\n<tbody>\n<tr>\n<td valign=\"top\">\n<div style=\"font-size: 13px; color: #534438; line-height: 20px;\">\n<p style=\"margin: 10px 0;\">A organ recital with David Leigh will take place in the NCH. He will perform works from Reger and Locklair.<\/p>\n<p style=\"margin: 10px 0;\">Admission is free but booking is required via the website below.<\/p>\n<\/div>\n<div style=\"font-size: 13px; color: #534438; line-height: 20px;\"><\/div>\n<p style=\"font-size: 13px; color: #534438; line-height: 20px;\"><a style=\"color: #cc2979; text-decoration: none;\" href=\"https:\/\/www.nch.ie\/Online\/RTENSOPipeworks4Apr14\">https:\/\/www.nch.ie\/Online\/RTENSOPipeworks4Apr14<\/a><\/p>\n<\/td>\n<td valign=\"top\"><\/td>\n<\/tr>\n<\/tbody>\n<\/table>\n<\/td>\n<\/tr>\n<\/tbody>\n<\/table>\n<\/td>\n<\/tr>\n<\/tbody>\n<\/table>\n<table width=\"100%\" cellspacing=\"0\" cellpadding=\"0\">\n<tbody>\n<tr>\n<td style=\"padding: 10px 30px;\">\n<table width=\"100%\" cellspacing=\"0\" cellpadding=\"0\">\n<tbody>\n<tr>\n<td valign=\"top\" width=\"52\"><img loading=\"lazy\" decoding=\"async\" src=\"http:\/\/dublineventguide.com\/dff\/admin\/images\/categories\/MUSIC.png\" alt=\"\" width=\"32\" height=\"32\" \/><\/td>\n<td>\n<h2 style=\"font-size: 16px; color: #534438; margin: 0 0 5px; font-weight: normal;\">Otis &#8211; Gig<\/h2>\n<h3 style=\"font-size: 13px; margin: 0; padding: 0; line-height: 16px; color: #534438;\">19:00, Fri 04 Apr<\/h3>\n<p style=\"font-size: 13px; color: #534438; line-height: 20px; margin: 0; padding-top: 0;\">Whelan&#8217;s, 25 Wexford Street, Dublin 2<\/p>\n<table width=\"100%\" cellspacing=\"0\" cellpadding=\"0\">\n<tbody>\n<tr>\n<td valign=\"top\">\n<div style=\"font-size: 13px; color: #534438; line-height: 20px;\">\n<p style=\"margin: 10px 0;\">Otis will perform in Whelan&#8217;s. Admission is free.<\/p>\n<\/div>\n<div style=\"font-size: 13px; color: #534438; line-height: 20px;\"><\/div>\n<p style=\"font-size: 13px; color: #534438; line-height: 20px;\"><a style=\"color: #cc2979; text-decoration: none;\" href=\"http:\/\/www.whelanslive.com\/index.php\/live-from-the-window-w-otis-3\/\">http:\/\/www.whelanslive.com\/index.php\/live-from-the-window-w-otis-3\/<\/a><\/p>\n<\/td>\n<td valign=\"top\"><\/td>\n<\/tr>\n<\/tbody>\n<\/table>\n<\/td>\n<\/tr>\n<\/tbody>\n<\/table>\n<\/td>\n<\/tr>\n<\/tbody>\n<\/table>\n<table width=\"100%\" cellspacing=\"0\" cellpadding=\"0\">\n<tbody>\n<tr>\n<td style=\"padding: 10px 30px;\">\n<table width=\"100%\" cellspacing=\"0\" cellpadding=\"0\">\n<tbody>\n<tr>\n<td valign=\"top\" width=\"52\"><img loading=\"lazy\" decoding=\"async\" src=\"http:\/\/dublineventguide.com\/dff\/admin\/images\/categories\/MUSIC.png\" alt=\"\" width=\"32\" height=\"32\" \/><\/td>\n<td>\n<h2 style=\"font-size: 16px; color: #534438; margin: 0 0 5px; font-weight: normal;\">Songwriter Club &#8211; Meeting + Open Mic<\/h2>\n<h3 style=\"font-size: 13px; margin: 0; padding: 0; line-height: 16px; color: #534438;\">19:00 &#8211; 23:30, Fri 04 Apr<\/h3>\n<p style=\"font-size: 13px; color: #534438; line-height: 20px; margin: 0; padding-top: 0;\">5 Gardiner Row, Dublin 1<\/p>\n<table width=\"100%\" cellspacing=\"0\" cellpadding=\"0\">\n<tbody>\n<tr>\n<td valign=\"top\">\n<div style=\"font-size: 13px; color: #534438; line-height: 20px;\">\n<p style=\"margin: 10px 0;\">The Songwriter Club is meeting again this week: On Friday 04 April at the &#8220;Friday Arts at No 5&#8221; in Gardiner Row. Doors open at 19:00. From 19:30-21:30 a Songwriter Club Meeting with guest speaker Stephen Brett (Emeraz) will take place and from 21:45-23:30 you can sing some songs at an Open Mic event in the same venue.<\/p>\n<p style=\"margin: 10px 0;\">&#8220;The idea behind the club is to bring songwriters together every couple of months to chat about all sorts of songwriting stuff, share ideas, set up collaborating groups and also to have fun getting to know each other. [&#8230;] All songwriters, whatever the genre, whatever the standard are welcome to attend.&#8221;<\/p>\n<p style=\"margin: 10px 0;\">Admission is free to both meeting and Open Mic event.<\/p>\n<\/div>\n<div style=\"font-size: 13px; color: #534438; line-height: 20px;\"><\/div>\n<p style=\"font-size: 13px; color: #534438; line-height: 20px;\"><a style=\"color: #cc2979; text-decoration: none;\" href=\"https:\/\/www.facebook.com\/events\/607589672662332\/\">https:\/\/www.facebook.com\/events\/607589672662332\/<\/a><\/p>\n<\/td>\n<td valign=\"top\"><\/td>\n<\/tr>\n<\/tbody>\n<\/table>\n<\/td>\n<\/tr>\n<\/tbody>\n<\/table>\n<\/td>\n<\/tr>\n<\/tbody>\n<\/table>\n<table width=\"100%\" cellspacing=\"0\" cellpadding=\"0\">\n<tbody>\n<tr>\n<td style=\"padding: 10px 30px;\">\n<table width=\"100%\" cellspacing=\"0\" cellpadding=\"0\">\n<tbody>\n<tr>\n<td valign=\"top\" width=\"52\"><img loading=\"lazy\" decoding=\"async\" src=\"http:\/\/dublineventguide.com\/dff\/admin\/images\/categories\/MUSIC.png\" alt=\"\" width=\"32\" height=\"32\" \/><\/td>\n<td>\n<h2 style=\"font-size: 16px; color: #534438; margin: 0 0 5px; font-weight: normal;\">Cornucopia &#8211; Live Music<\/h2>\n<h3 style=\"font-size: 13px; margin: 0; padding: 0; line-height: 16px; color: #534438;\"><img loading=\"lazy\" decoding=\"async\" style=\"display: inline; float: left;\" src=\"http:\/\/dublineventguide.com\/dff\/admin\/images\/weekly.png\" alt=\"\" width=\"69\" height=\"16\" \/> 19:30 &#8211; 21:30, Fri 04 Apr<\/h3>\n<p style=\"font-size: 13px; color: #534438; line-height: 20px; margin: 0; padding-top: 0;\">Cornucopia Caf\u00e9 &amp; Restaurant, 19\/20 Wicklow Street, Dublin 2<\/p>\n<table width=\"100%\" cellspacing=\"0\" cellpadding=\"0\">\n<tbody>\n<tr>\n<td valign=\"top\">\n<div style=\"font-size: 13px; color: #534438; line-height: 20px;\">\n<p>Cornucopia Caf\u00e9 &amp; Restaurant host live music three evenings a week (Thurs, Fri and Sat). The restaurant is a Wholefood &amp; Vegetarian Restaurant and is open until 22:15.<br \/>\n+ Every second Thursday N.C Lawlor, a songwriter, session player and troubadour plays a mix of country, bluegrass &amp; blues from 19:30-21:30.<br \/>\n+ Every Friday (19:30-21:30) Junshi Murakami plays Irish Harp.<br \/>\n+ Every Saturday (19:30-21:30) Nollaig Mann plays a collection of popular and jazz classics.<\/p>\n<\/div>\n<div style=\"font-size: 13px; color: #534438; line-height: 20px;\"><\/div>\n<p style=\"font-size: 13px; color: #534438; line-height: 20px;\"><a style=\"color: #cc2979; text-decoration: none;\" href=\"http:\/\/www.cornucopia.ie\">http:\/\/www.cornucopia.ie<\/a><\/p>\n<\/td>\n<td valign=\"top\"><\/td>\n<\/tr>\n<\/tbody>\n<\/table>\n<\/td>\n<\/tr>\n<\/tbody>\n<\/table>\n<\/td>\n<\/tr>\n<\/tbody>\n<\/table>\n<table width=\"100%\" cellspacing=\"0\" cellpadding=\"0\">\n<tbody>\n<tr>\n<td style=\"padding: 10px 30px;\">\n<table width=\"100%\" cellspacing=\"0\" cellpadding=\"0\">\n<tbody>\n<tr>\n<td valign=\"top\" width=\"52\"><img loading=\"lazy\" decoding=\"async\" src=\"http:\/\/dublineventguide.com\/dff\/admin\/images\/categories\/ACTIVITY.png\" alt=\"\" width=\"32\" height=\"32\" \/><\/td>\n<td>\n<h2 style=\"font-size: 16px; color: #534438; margin: 0 0 5px; font-weight: normal;\">Dublin Sidewalk Astronomers &#8211; Star Party<\/h2>\n<h3 style=\"font-size: 13px; margin: 0; padding: 0; line-height: 16px; color: #534438;\">20:00, Fri 04 Apr<\/h3>\n<p style=\"font-size: 13px; color: #534438; line-height: 20px; margin: 0; padding-top: 0;\">Martello Tower Car Park, Sandymount<\/p>\n<table width=\"100%\" cellspacing=\"0\" cellpadding=\"0\">\n<tbody>\n<tr>\n<td valign=\"top\">\n<div style=\"font-size: 13px; color: #534438; line-height: 20px;\">\n<p style=\"margin: 10px 0;\">The Dublin Sidewalk Astronomers are back with their popular public star-gazing event at the Martello Tower car park in Sandymount. The new name is now &#8220;IAS Public Star Parties&#8221;. ;-) Members bring along their telescopes and share the wonders of the night-sky with you. Admission is free.<\/p>\n<p style=\"margin: 10px 0;\">The moon, Jupiter and its Galiilean Moons are on view and later in the evening you will see the red Mars.<\/p>\n<p>The event is weather dependent, so check <a style=\"color: #cc2979; text-decoration: none;\" href=\"http:\/\/www.irishastrosoc.org\/events\/events.htm#dsa\">http:\/\/www.irishastrosoc.org\/events\/events.htm#dsa<\/a> after 18:00 on Friday in case of poor weather, to check if it is going ahead.<\/p>\n<\/div>\n<div style=\"font-size: 13px; color: #534438; line-height: 20px;\"><\/div>\n<p style=\"font-size: 13px; color: #534438; line-height: 20px;\"><a style=\"color: #cc2979; text-decoration: none;\" href=\"http:\/\/www.irishastrosoc.org\/events\/events.htm\">http:\/\/www.irishastrosoc.org\/events\/events.htm<\/a><\/p>\n<\/td>\n<td valign=\"top\"><\/td>\n<\/tr>\n<\/tbody>\n<\/table>\n<\/td>\n<\/tr>\n<\/tbody>\n<\/table>\n<\/td>\n<\/tr>\n<\/tbody>\n<\/table>\n<table width=\"100%\" cellspacing=\"0\" cellpadding=\"0\">\n<tbody>\n<tr>\n<td style=\"padding: 10px 30px;\">\n<table width=\"100%\" cellspacing=\"0\" cellpadding=\"0\">\n<tbody>\n<tr>\n<td valign=\"top\" width=\"52\"><img loading=\"lazy\" decoding=\"async\" src=\"http:\/\/dublineventguide.com\/dff\/admin\/images\/categories\/FILM.png\" alt=\"\" width=\"32\" height=\"32\" \/><\/td>\n<td>\n<h2 style=\"font-size: 16px; color: #534438; margin: 0 0 5px; font-weight: normal;\">Progressive Film Club Film Festival<\/h2>\n<h3 style=\"font-size: 13px; margin: 0; padding: 0; line-height: 16px; color: #534438;\">20:00, Fri 04 Apr<\/h3>\n<p style=\"font-size: 13px; color: #534438; line-height: 20px; margin: 0; padding-top: 0;\">Pearse Centre, 27 Pearse Street, Dublin 2<\/p>\n<table width=\"100%\" cellspacing=\"0\" cellpadding=\"0\">\n<tbody>\n<tr>\n<td valign=\"top\">\n<div style=\"font-size: 13px; color: #534438; line-height: 20px;\">\n<p style=\"margin: 10px 0;\">The Progressive Film Club is inviting to a Film Festival from 04-06 April. 21 films, documentaries and short films will be screened over the three days. The festival takes place in the Pearse Centre and admission to all screenings is free.<\/p>\n<p style=\"margin: 10px 0;\">The general theme will be &#8220;Global Justice&#8221; and the opening film on Friday is &#8220;Peripheral Vision&#8221; by film maker Donnacha O&#8217;Briain. It is a documentary, filmed over 12 months, that chronicles the experiences of a small group that attempted to mobilize the Irish public against the bank bailouts &amp; austerity.<\/p>\n<p>The festival continues on Saturday from 15:00-21:45 and on Sunday from 15:00-20:00. The full programme is here <a style=\"color: #cc2979; text-decoration: none;\" href=\"http:\/\/www.progressivefilmclub.ie\/Fest.pdf\">http:\/\/www.progressivefilmclub.ie\/Fest.pdf<\/a><\/p>\n<\/div>\n<div style=\"font-size: 13px; color: #534438; line-height: 20px;\"><\/div>\n<p style=\"font-size: 13px; color: #534438; line-height: 20px;\"><a style=\"color: #cc2979; text-decoration: none;\" href=\"http:\/\/www.progressivefilmclub.ie\/\">http:\/\/www.progressivefilmclub.ie\/<\/a><\/p>\n<\/td>\n<td valign=\"top\"><\/td>\n<\/tr>\n<\/tbody>\n<\/table>\n<\/td>\n<\/tr>\n<\/tbody>\n<\/table>\n<\/td>\n<\/tr>\n<\/tbody>\n<\/table>\n<table width=\"100%\" cellspacing=\"0\" cellpadding=\"0\">\n<tbody>\n<tr>\n<td style=\"padding: 10px 30px;\">\n<table width=\"100%\" cellspacing=\"0\" cellpadding=\"0\">\n<tbody>\n<tr>\n<td valign=\"top\" width=\"52\"><img loading=\"lazy\" decoding=\"async\" src=\"http:\/\/dublineventguide.com\/dff\/admin\/images\/categories\/MUSIC.png\" alt=\"\" width=\"32\" height=\"32\" \/><\/td>\n<td>\n<h2 style=\"font-size: 16px; color: #534438; margin: 0 0 5px; font-weight: normal;\">Billy&#8217;s Boots &#8211; Gig<\/h2>\n<h3 style=\"font-size: 13px; margin: 0; padding: 0; line-height: 16px; color: #534438;\">21:00, Fri 04 Apr<\/h3>\n<p style=\"font-size: 13px; color: #534438; line-height: 20px; margin: 0; padding-top: 0;\">Mother Reilly&#8217;s, 26\/28 Upper Rathmines Road, Rathmines, Dublin 6<\/p>\n<table width=\"100%\" cellspacing=\"0\" cellpadding=\"0\">\n<tbody>\n<tr>\n<td valign=\"top\">\n<div style=\"font-size: 13px; color: #534438; line-height: 20px;\">\n<p style=\"margin: 10px 0;\">Billy&#8217;s Boots are playing Rock\/Soul\/Blues\/Motown\/Funk.<\/p>\n<\/div>\n<div style=\"font-size: 13px; color: #534438; line-height: 20px;\"><\/div>\n<p style=\"font-size: 13px; color: #534438; line-height: 20px;\"><a style=\"color: #cc2979; text-decoration: none;\" href=\"http:\/\/www.dublinsessions.ie\/motherreillys.html\">http:\/\/www.dublinsessions.ie\/motherreillys.html<\/a><\/p>\n<\/td>\n<td valign=\"top\"><\/td>\n<\/tr>\n<\/tbody>\n<\/table>\n<\/td>\n<\/tr>\n<\/tbody>\n<\/table>\n<\/td>\n<\/tr>\n<\/tbody>\n<\/table>\n<table width=\"100%\" cellspacing=\"0\" cellpadding=\"0\">\n<tbody>\n<tr>\n<td style=\"padding: 10px 30px;\">\n<table width=\"100%\" cellspacing=\"0\" cellpadding=\"0\">\n<tbody>\n<tr>\n<td valign=\"top\" width=\"52\"><img loading=\"lazy\" decoding=\"async\" src=\"http:\/\/dublineventguide.com\/dff\/admin\/images\/categories\/MUSIC.png\" alt=\"\" width=\"32\" height=\"32\" \/><\/td>\n<td>\n<h2 style=\"font-size: 16px; color: #534438; margin: 0 0 5px; font-weight: normal;\">Conectors &#8211; Urban Street Ska &#8211; Gig<\/h2>\n<h3 style=\"font-size: 13px; margin: 0; padding: 0; line-height: 16px; color: #534438;\">21:00, Fri 04 Apr<\/h3>\n<p style=\"font-size: 13px; color: #534438; line-height: 20px; margin: 0; padding-top: 0;\">Sweeney Mongrel&#8217;s, 32 Dame Street, Dublin 2<\/p>\n<table width=\"100%\" cellspacing=\"0\" cellpadding=\"0\">\n<tbody>\n<tr>\n<td valign=\"top\">\n<div style=\"font-size: 13px; color: #534438; line-height: 20px;\">\n<p style=\"margin: 10px 0;\">The Conectors are from Clare and they play &#8220;street ska and urban sounds&#8221;. Admission is free.<\/p>\n<p style=\"margin: 10px 0;\">\n<\/div>\n<div style=\"font-size: 13px; color: #534438; line-height: 20px;\"><\/div>\n<p style=\"font-size: 13px; color: #534438; line-height: 20px;\"><a style=\"color: #cc2979; text-decoration: none;\" href=\"http:\/\/www.sweeneysdublin.ie\/gigs.php\">http:\/\/www.sweeneysdublin.ie\/gigs.php<\/a><\/p>\n<\/td>\n<td valign=\"top\"><\/td>\n<\/tr>\n<\/tbody>\n<\/table>\n<\/td>\n<\/tr>\n<\/tbody>\n<\/table>\n<\/td>\n<\/tr>\n<\/tbody>\n<\/table>\n<table width=\"100%\" cellspacing=\"0\" cellpadding=\"0\">\n<tbody>\n<tr>\n<td style=\"padding: 10px 30px;\">\n<table width=\"100%\" cellspacing=\"0\" cellpadding=\"0\">\n<tbody>\n<tr>\n<td valign=\"top\" width=\"52\"><img loading=\"lazy\" decoding=\"async\" src=\"http:\/\/dublineventguide.com\/dff\/admin\/images\/categories\/MUSIC.png\" alt=\"\" width=\"32\" height=\"32\" \/><\/td>\n<td>\n<h2 style=\"font-size: 16px; color: #534438; margin: 0 0 5px; font-weight: normal;\">Live Music &#8211; Stillorgan Orchard<\/h2>\n<h3 style=\"font-size: 13px; margin: 0; padding: 0; line-height: 16px; color: #534438;\"><img loading=\"lazy\" decoding=\"async\" style=\"display: inline; float: left;\" src=\"http:\/\/dublineventguide.com\/dff\/admin\/images\/weekly.png\" alt=\"\" width=\"69\" height=\"16\" \/> 21:00, Fri 04 Apr<\/h3>\n<p style=\"font-size: 13px; color: #534438; line-height: 20px; margin: 0; padding-top: 0;\">Stillorgan Orchard, The Hill, Stillorgan, Co. Dublin<\/p>\n<table width=\"100%\" cellspacing=\"0\" cellpadding=\"0\">\n<tbody>\n<tr>\n<td valign=\"top\">\n<div style=\"font-size: 13px; color: #534438; line-height: 20px;\">\n<p style=\"margin: 10px 0;\">The Stillorgan Orchard has live music every Friday and Saturday. Many of the performers are established and very good bands. The upcoming gigs are detailed on the website below. Admission is always free.<\/p>\n<\/div>\n<div style=\"font-size: 13px; color: #534438; line-height: 20px;\"><\/div>\n<p style=\"font-size: 13px; color: #534438; line-height: 20px;\"><a style=\"color: #cc2979; text-decoration: none;\" href=\"http:\/\/www.stillorganorchard.com\/live_music.html\">http:\/\/www.stillorganorchard.com\/live_music.html<\/a><\/p>\n<\/td>\n<td valign=\"top\"><\/td>\n<\/tr>\n<\/tbody>\n<\/table>\n<\/td>\n<\/tr>\n<\/tbody>\n<\/table>\n<\/td>\n<\/tr>\n<\/tbody>\n<\/table>\n<table width=\"100%\" cellspacing=\"0\" cellpadding=\"0\">\n<tbody>\n<tr>\n<td style=\"padding: 10px 30px;\">\n<table width=\"100%\" cellspacing=\"0\" cellpadding=\"0\">\n<tbody>\n<tr>\n<td valign=\"top\" width=\"52\"><img loading=\"lazy\" decoding=\"async\" src=\"http:\/\/dublineventguide.com\/dff\/admin\/images\/categories\/MUSIC.png\" alt=\"\" width=\"32\" height=\"32\" \/><\/td>\n<td>\n<h2 style=\"font-size: 16px; color: #534438; margin: 0 0 5px; font-weight: normal;\">Ska &#8216;n&#8217; Reggae with The Bionic Rats<\/h2>\n<h3 style=\"font-size: 13px; margin: 0; padding: 0; line-height: 16px; color: #534438;\"><img loading=\"lazy\" decoding=\"async\" style=\"display: inline; float: left;\" src=\"http:\/\/dublineventguide.com\/dff\/admin\/images\/weekly.png\" alt=\"\" width=\"69\" height=\"16\" \/> 21:00 &#8211; 02:30, Fri 04 Apr<\/h3>\n<p style=\"font-size: 13px; color: #534438; line-height: 20px; margin: 0; padding-top: 0;\">Turks Head, 27 Parliament St, Dublin 2<\/p>\n<table width=\"100%\" cellspacing=\"0\" cellpadding=\"0\">\n<tbody>\n<tr>\n<td valign=\"top\">\n<div style=\"font-size: 13px; color: #534438; line-height: 20px;\">\n<p style=\"margin: 10px 0;\">&#8220;Ska &#8216;n&#8217; Reggae&#8221; is the theme in the Dive Bar (downstairs in Turks Head) every Friday. The Bionic Rats play live and the DJs Tommy Rash and Fukszy are on the decks until late. Admission is free.<\/p>\n<\/div>\n<div style=\"font-size: 13px; color: #534438; line-height: 20px;\"><\/div>\n<p style=\"font-size: 13px; color: #534438; line-height: 20px;\"><a style=\"color: #cc2979; text-decoration: none;\" href=\"https:\/\/www.facebook.com\/photo.php?fbid=10152000572877753\">https:\/\/www.facebook.com\/photo.php?fbid=10152000572877753<\/a><\/p>\n<\/td>\n<td valign=\"top\"><\/td>\n<\/tr>\n<\/tbody>\n<\/table>\n<\/td>\n<\/tr>\n<\/tbody>\n<\/table>\n<\/td>\n<\/tr>\n<\/tbody>\n<\/table>\n<table width=\"100%\" cellspacing=\"0\" cellpadding=\"0\">\n<tbody>\n<tr>\n<td style=\"padding: 10px 30px;\">\n<table width=\"100%\" cellspacing=\"0\" cellpadding=\"0\">\n<tbody>\n<tr>\n<td valign=\"top\" width=\"52\"><img loading=\"lazy\" decoding=\"async\" src=\"http:\/\/dublineventguide.com\/dff\/admin\/images\/categories\/MUSIC.png\" alt=\"\" width=\"32\" height=\"32\" \/><\/td>\n<td>\n<h2 style=\"font-size: 16px; color: #534438; margin: 0 0 5px; font-weight: normal;\">The Floors &#8211; Gig<\/h2>\n<h3 style=\"font-size: 13px; margin: 0; padding: 0; line-height: 16px; color: #534438;\">21:30, Fri 04 Apr<\/h3>\n<p style=\"font-size: 13px; color: #534438; line-height: 20px; margin: 0; padding-top: 0;\">The Mezz, 24\/25 Eustace Street, Temple Bar, Dublin 2<\/p>\n<table width=\"100%\" cellspacing=\"0\" cellpadding=\"0\">\n<tbody>\n<tr>\n<td valign=\"top\">\n<div style=\"font-size: 13px; color: #534438; line-height: 20px;\">\n<p style=\"margin: 10px 0;\">The Floors, a 5 piece band from Dublin covering the musical stylings of the legendary band The Doors, will perform in The Mezz. Admission is free and the gig has been hotly recommended to me!<\/p>\n<\/div>\n<div style=\"font-size: 13px; color: #534438; line-height: 20px;\"><\/div>\n<p style=\"font-size: 13px; color: #534438; line-height: 20px;\"><a style=\"color: #cc2979; text-decoration: none;\" href=\"https:\/\/www.facebook.com\/mezzdublin\">https:\/\/www.facebook.com\/mezzdublin<\/a><\/p>\n<\/td>\n<td valign=\"top\"><\/td>\n<\/tr>\n<\/tbody>\n<\/table>\n<\/td>\n<\/tr>\n<\/tbody>\n<\/table>\n<\/td>\n<\/tr>\n<\/tbody>\n<\/table>\n<table width=\"100%\" cellspacing=\"0\" cellpadding=\"0\">\n<tbody>\n<tr>\n<td style=\"padding: 10px 30px;\">\n<table width=\"100%\" cellspacing=\"0\" cellpadding=\"0\">\n<tbody>\n<tr>\n<td valign=\"top\" width=\"52\"><img loading=\"lazy\" decoding=\"async\" src=\"http:\/\/dublineventguide.com\/dff\/admin\/images\/categories\/MUSIC.png\" alt=\"\" width=\"32\" height=\"32\" \/><\/td>\n<td>\n<h2 style=\"font-size: 16px; color: #534438; margin: 0 0 5px; font-weight: normal;\">Alias Empire &#8211; Gig<\/h2>\n<h3 style=\"font-size: 13px; margin: 0; padding: 0; line-height: 16px; color: #534438;\">22:30, Fri 04 Apr<\/h3>\n<p style=\"font-size: 13px; color: #534438; line-height: 20px; margin: 0; padding-top: 0;\">Whelan&#8217;s, 25 Wexford Street, Dublin 2<\/p>\n<table width=\"100%\" cellspacing=\"0\" cellpadding=\"0\">\n<tbody>\n<tr>\n<td valign=\"top\">\n<div style=\"font-size: 13px; color: #534438; line-height: 20px;\">\n<p style=\"margin: 10px 0;\">Alias Empire will perform in Whelan&#8217;s Midnight Hour. The gig will start at midnight and admission will be free as long as you arrive before 22:30.<\/p>\n<\/div>\n<div style=\"font-size: 13px; color: #534438; line-height: 20px;\"><\/div>\n<p style=\"font-size: 13px; color: #534438; line-height: 20px;\"><a style=\"color: #cc2979; text-decoration: none;\" href=\"http:\/\/www.whelanslive.com\/index.php\/the-midnight-hour-presents-alias-empire\/\">http:\/\/www.whelanslive.com\/index.php\/the-midnight-hour-presents-alias-empire\/<\/a><\/p>\n<\/td>\n<td valign=\"top\"><\/td>\n<\/tr>\n<\/tbody>\n<\/table>\n<\/td>\n<\/tr>\n<\/tbody>\n<\/table>\n<\/td>\n<\/tr>\n<\/tbody>\n<\/table>\n<table style=\"height: 40px;\" width=\"100%\" cellspacing=\"0\" cellpadding=\"0\">\n<tbody>\n<tr>\n<td><\/td>\n<\/tr>\n<\/tbody>\n<\/table>\n<table id=\"coming\" width=\"100%\" cellspacing=\"0\" cellpadding=\"0\">\n<tbody>\n<tr>\n<td><a name=\"coming\"><\/a><a style=\"text-decoration: none;\" href=\"#dff_top\"><img decoding=\"async\" src=\"http:\/\/dublineventguide.com\/dff\/admin\/images\/dividers\/coming.png\" alt=\"Events Coming Up\" border=\"0\" \/><\/a><\/td>\n<\/tr>\n<\/tbody>\n<\/table>\n<table width=\"100%\" cellspacing=\"0\" cellpadding=\"0\">\n<tbody>\n<tr>\n<td style=\"padding: 10px 30px;\">\n<table width=\"100%\" cellspacing=\"0\" cellpadding=\"0\">\n<tbody>\n<tr>\n<td valign=\"top\" width=\"52\"><img loading=\"lazy\" decoding=\"async\" src=\"http:\/\/dublineventguide.com\/dff\/admin\/images\/upcoming_events.png\" alt=\"\" width=\"38\" height=\"39\" \/><\/td>\n<td>\n<h2 style=\"font-size: 16px; color: #534438; margin: 0 0 5px; font-weight: normal;\">Lighting up the Park in Poetry and Song<\/h2>\n<h3 style=\"font-size: 13px; margin: 0; padding: 0; line-height: 16px; color: #534438;\">Wed 16 April &#8211; 20:00<\/h3>\n<p style=\"font-size: 13px; color: #534438; line-height: 20px; margin: 0; padding-top: 0;\">Farmleigh House, Phoenix Park<\/p>\n<div style=\"font-size: 13px; color: #534438; line-height: 20px; margin: 0; padding-top: 0;\">\n<p style=\"margin: 10px 0;\">It is still a while to this event, but to enter the lottery for free tickets, you need to send a mail to info@farmleigh.ie with the subject LIGHTING before 02 April at 17:00:<\/p>\n<p style=\"margin: 10px 0;\">&#8220;Lighting up the Park in Poetry and Song&#8221; is a night of poetry, drama, song and general craic across the theme of the Phoenix Park. The event is programmed to coincide with Dublin: One City, One Book.<\/p>\n<p>Performing poets will be Paula Meehan, Theo Dorgan and Dermot Bolger,<br \/>\nMusic will be provided by Jerry O&#8217;Reilly, Eilish Moore, Noel O&#8217;Grady, Peter Byrne, Fergus Russel and others and<br \/>\nDrama will come from the RADE group from the south inner city.<br \/>\nFormer Farmleigh Writer-in-Residence Peter Sheridan is curating this event and will also contribute.<\/p>\n<p style=\"margin: 10px 0;\">Audience participation will also be greatly encouraged: Bring your singing voices and don&#8217;t be shy.<\/p>\n<p><a style=\"color: #cc2979; text-decoration: none;\" href=\"http:\/\/www.farmleigh.ie\/events\/Title,30544,en.html\">http:\/\/www.farmleigh.ie\/events\/Title,30544,en.html<\/a><\/p>\n<\/div>\n<\/td>\n<\/tr>\n<\/tbody>\n<\/table>\n<\/td>\n<\/tr>\n<tr>\n<td style=\"padding: 10px 30px;\">\n<table width=\"100%\" cellspacing=\"0\" cellpadding=\"0\">\n<tbody>\n<tr>\n<td valign=\"top\" width=\"52\"><img loading=\"lazy\" decoding=\"async\" src=\"http:\/\/dublineventguide.com\/dff\/admin\/images\/upcoming_events.png\" alt=\"\" width=\"38\" height=\"39\" \/><\/td>\n<td>\n<h2 style=\"font-size: 16px; color: #534438; margin: 0 0 5px; font-weight: normal;\">Dublin Mountains Partnership &#8211; Guided Walks<\/h2>\n<h3 style=\"font-size: 13px; margin: 0; padding: 0; line-height: 16px; color: #534438;\">15+23+30 March<\/h3>\n<div style=\"font-size: 13px; color: #534438; line-height: 20px; margin: 0; padding-top: 0;\">\n<p>There will be 3 guided walks in the Dublin Mountains in March. The walks are organised by the Dublin Mountain partnership and are all of moderate difficulty. Have a look at their webpage for all details and make sure you register in time if you want to take part.<br \/>\nAll details can be found on the website <a style=\"color: #cc2979; text-decoration: none;\" href=\"http:\/\/www.dublinmountains.ie\/news\/upcoming_events\/?no_cache=1\">http:\/\/www.dublinmountains.ie\/news\/upcoming_events\/?no_cache=1<\/a> All walks are free, but pre-registration is required.<\/p>\n<\/div>\n<\/td>\n<\/tr>\n<\/tbody>\n<\/table>\n<\/td>\n<\/tr>\n<tr>\n<td style=\"padding: 10px 30px;\">\n<table width=\"100%\" cellspacing=\"0\" cellpadding=\"0\">\n<tbody>\n<tr>\n<td valign=\"top\" width=\"52\"><img loading=\"lazy\" decoding=\"async\" src=\"http:\/\/dublineventguide.com\/dff\/admin\/images\/upcoming_events.png\" alt=\"\" width=\"38\" height=\"39\" \/><\/td>\n<td>\n<h2 style=\"font-size: 16px; color: #534438; margin: 0 0 5px; font-weight: normal;\">Not free, but interesting nevertheless:<\/h2>\n<h3 style=\"font-size: 13px; margin: 0; padding: 0; line-height: 16px; color: #534438;\"><\/h3>\n<div style=\"font-size: 13px; color: #534438; line-height: 20px; margin: 0; padding-top: 0;\">\n<p style=\"margin: 10px 0;\">\n<p style=\"margin: 10px 0;\">\n<\/div>\n<\/td>\n<\/tr>\n<\/tbody>\n<\/table>\n<\/td>\n<\/tr>\n<tr>\n<td style=\"padding: 0 30px 15px;\" colspan=\"2\">\n<p style=\"font-size: 13px; color: #534438; line-height: 20px;\">&#8211;Advertisement&#8212;&#8212;&#8212;&#8212;&#8212;&#8212;&#8212;&#8212;&#8212;&#8212;&#8212;&#8212;<\/p>\n<p style=\"font-size: 13px; color: #534438; line-height: 20px;\"><a href=\"http:\/\/www.bookdepository.com?a_aid=dubevg&amp;a_bid=c655baac\" target=\"_blank\"><img loading=\"lazy\" decoding=\"async\" title=\"Free Delivery on all Books at the Book Depository\" src=\"http:\/\/banners1.bookdepository.com\/accounts\/default1\/banners\/P_Generic_468x60.jpg\" alt=\"Free Delivery on all Books at the Book Depository\" width=\"468\" height=\"60\" \/><\/a><img loading=\"lazy\" decoding=\"async\" style=\"border: 0;\" src=\"https:\/\/affiliates.bookdepository.com\/scripts\/imp.php?a_aid=dubevg&amp;a_bid=c655baac\" alt=\"\" width=\"1\" height=\"1\" \/><\/p>\n<p>BOOK DEPOSITORY &#8211; BETTER THAN ANYBODY ELSE<\/p>\n<p>Books for lowest prices, sent to you with free worldwide delivery within 48 hours. And with every book you buy, you directly help the Dublin Event Guide (for Free Events) &#8230; if you click on the link below! <a style=\"color: #cc2979; text-decoration: none;\" href=\"http:\/\/www.bookdepository.com?a_aid=dubevg\">www.bookdepository.com<\/a><\/td>\n<\/tr>\n<\/tbody>\n<\/table>\n<table id=\"odd\" width=\"100%\" cellspacing=\"0\" cellpadding=\"0\">\n<tbody>\n<tr>\n<td><a name=\"odd\"><\/a><a style=\"text-decoration: none;\" href=\"#dff_top\"><img decoding=\"async\" src=\"http:\/\/dublineventguide.com\/dff\/admin\/images\/dividers\/odd.png\" alt=\"This is odd\" border=\"0\" \/><\/a><\/td>\n<\/tr>\n<\/tbody>\n<\/table>\n<table width=\"100%\" cellspacing=\"0\" cellpadding=\"0\">\n<tbody>\n<tr>\n<td style=\"padding: 0 30px 15px;\">\n<div style=\"font-size: 13px; color: #534438; line-height: 20px;\">\n<p style=\"margin: 10px 0;\">Please note: This section contains observations taken from the world I live in that strike me as odd. I express my personal opinion and you might not share it. If you are easily offended by opinions that are not identical with your own, please don&#8217;t read this section. ;-)<\/p>\n<p><strong>Arghhh! Event Organising can&#8217;t be THAT difficult!?<\/strong><\/p>\n<p style=\"margin: 10px 0;\">Warning: This is a rant after I have wasted a huge amount of time trying to find out information about some really interesting-sounding event.<\/p>\n<p style=\"margin: 10px 0;\">When I compile the Dublin Event Guide every week, I only got about 10-15% of the event information directly from event organisers. All the other events, I come across when searching through approx. 400 web pages every week. This process is quite work and time intensive and it could be made soo much easier if event organisers remembered the absolute basics about event information.<\/p>\n<p style=\"margin: 10px 0;\">Just four pieces of information are needed: What? When? Where? How much?<\/p>\n<p style=\"margin: 10px 0;\">All event organisers manage to mention the WHAT?, but after that it gets really difficult it seems! :-\/ I have received event notices where the organisers forgot to tell me WHEN the event takes place! But the most annoying is when they don&#8217;t tell you how much it is? And unfortunately this seems to be an omission that extends from inexperienced to VERY experienced event organisers.<\/p>\n<p style=\"margin: 10px 0;\">I don&#8217;t know why they do that! If an event is free, you would think that an organiser wants to tell EVERYBODY and as loud as possible. After all, it is a great thing! If an event is not free, you would also expect that they are ok to tell their audience because at some point the audience will arrive at the point where someone expects money.<\/p>\n<p style=\"margin: 10px 0;\">I don&#8217;t think event organisers are so cunning that they think &#8220;I better keep the admission charge a secret, cause if I tell my audience that there is a charge they won&#8217;t come. If they don&#8217;t know, they will come and then I can force them to pay.&#8221; So why then can&#8217;t they just include it in the information about the event?<\/p>\n<p style=\"margin: 10px 0;\">When doing my event search for this week&#8217;s Dublin Event Guide, I found a really interesting event, but there was NO information about any admission charges or that the event might be free. I searched four websites, two event notice pages, two Facebook event pages, the Twitter account of the main person, &#8230;.and then I gave up!<\/p>\n<p style=\"margin: 10px 0;\">Please, dear event organisers, give us all four pieces of information: What? When? Where? and How much? Thanks!!<\/p>\n<p style=\"margin: 10px 0;\">*Rant over!*<\/p>\n<p style=\"margin: 10px 0;\">\n<\/div>\n<p style=\"font-size: 13px; color: #534438; line-height: 20px; margin: 10px 0;\">&#8211;Advertisement&#8212;&#8212;&#8212;&#8212;&#8212;&#8212;&#8212;&#8212;&#8212;&#8212;&#8212;&#8212;<\/p>\n<p style=\"font-size: 13px; color: #534438; line-height: 20px; margin: 10px 0;\"><a href=\"http:\/\/clk.tradedoubler.com\/click?p=83237&amp;a=1719778&amp;g=17782526\" target=\"_BLANK\"><img decoding=\"async\" src=\"http:\/\/impie.tradedoubler.com\/imp?type(img)g(17782526)a(1719778)\" alt=\"\" border=\"0\" \/><\/a><\/p>\n<\/td>\n<\/tr>\n<\/tbody>\n<\/table>\n<table width=\"100%\" cellspacing=\"0\" cellpadding=\"0\">\n<tbody>\n<tr>\n<td style=\"padding: 0 30px 15px;\">\n<div style=\"font-size: 13px; color: #534438; line-height: 20px;\">\n<p style=\"margin: 10px 0;\">Have an event-full weekend and week,<\/p>\n<p style=\"margin: 10px 0;\">&#8211;Joerg<\/p>\n<p><a style=\"color: #cc2979; text-decoration: none;\" href=\"mailto:dublineventguide@gmail.com\">dublineventguide@gmail.com<\/a> | <a style=\"color: #cc2979; text-decoration: none;\" href=\"www.dublineventguide.com\">www.dublineventguide.com<\/a> | <a style=\"color: #cc2979; text-decoration: none;\" href=\"http:\/\/www.facebook.com\/DublinEventGuide\">www.facebook.com\/DublinEventGuide<\/a> | <a style=\"color: #cc2979; text-decoration: none;\" href=\"http:\/\/m.dublineventguide.com\">m.dublineventguide.com<\/a><\/p>\n<p>For much needed donations please go to <a style=\"color: #cc2979; text-decoration: none;\" href=\"http:\/\/www.perfectresults.info\/\/donation.htm\">http:\/\/www.perfectresults.info\/donation.htm<\/a><\/p>\n<p>+++++++++++++++++++++++++++++++++++++++++++<br \/>\n<strong>You are receiving this newsletter because you have subscribed to it!!<\/strong><\/p>\n<p>If you don&#8217;t want to receive this mail anymore, just click on the link at the bottom of this mail. It would help me if you told me in an e-mail why you decided to unsubscribe, but that is not a &#8220;Must&#8221;. If you only want to stop receiving the newsletter temporarily, you can &#8211; if you wish &#8211; discuss this with me by e-mail so that we find a solution that makes sense to you. If you unsubscribe using the link at the bottom of the mail and there is a chance that you &#8211; at some stage &#8211; want to re-subscribe, please make sure that you keep a mail with the &#8220;unsubscribe link&#8221; because I will not be able to add you anymore to the list once you have unsubscribed using this link. The only way you can re-subscribe is to follow that specific link and change the settings yourself.<br \/>\nThis Event Guide (the &#8220;Dublin Event Guide (for Free Events)&#8221;) is an Event Guide with a difference. It covers mostly free events based on the thinking that free events deserve additional support and that non-free events have the money to pay for advertisement. The Guide is a _Guide_ and not just a listing and is therefore at times quite extensive. It is sent for free to anybody who is interested and if you want to be added to the mailing list or know somebody who would like to receive this guide, just send them to <a style=\"color: #cc2979; text-decoration: none;\" href=\"http:\/\/www.dublineventguide.com\">http:\/\/www.dublineventguide.com<\/a>, where they can subscribe. If you have feedback &#8211; good or bad &#8211; PLEASE tell me via dublineventguide@gmail.com.<br \/>\nBTW: I am not paid or otherwise rewarded for compiling and distributing this Event Guide it is purely a hobby so your donations are needed: <a style=\"color: #cc2979; text-decoration: none;\" href=\"http:\/\/www.perfectresults.info\/donation.htm\">http:\/\/www.perfectresults.info\/donation.htm<\/a> . Advertisement in or sponsorship of the Dublin Event Guide (for Free Events) is possible and very welcome, please contact me for more information.<br \/>\nPlease note: The Dublin Event Guide (for Free Event) is not related or connected to the long gone fortnightly printed publication &#8220;the event guide&#8221; that you found until December 2008 in pubs and other venues.<br \/>\nCopyright 2014 by Joerg Steegmueller.<br \/>\n***********************************************<\/p>\n<\/div>\n<\/td>\n<\/tr>\n<\/tbody>\n<\/table>\n<\/td>\n<\/tr>\n<\/tbody>\n<\/table>\n","protected":false},"excerpt":{"rendered":"<p>No. 354 | 28 March 2014 Subscribers: 20,255 Dublin News &#8211; Competitions &#8211; Support the Guide &#8211; Joerg&#8217;s Picks &#8211; Feel Good &#8211; This is Odd Sat &#8211; Sun &#8211; Mon &#8211; Tue &#8211; Wed &#8211; Thu &#8211; Fri &#8211; Events Coming Up &#8211; Exhibitions Hi all! This Saturday we will enter Summertime again when [&hellip;]<\/p>\n","protected":false},"author":1,"featured_media":0,"comment_status":"open","ping_status":"closed","sticky":false,"template":"","format":"standard","meta":{"footnotes":""},"categories":[1],"tags":[],"class_list":["post-1314","post","type-post","status-publish","format-standard","hentry","category-allgemein"],"_links":{"self":[{"href":"https:\/\/www.dublineventguide.com\/blog\/index.php\/wp-json\/wp\/v2\/posts\/1314","targetHints":{"allow":["GET"]}}],"collection":[{"href":"https:\/\/www.dublineventguide.com\/blog\/index.php\/wp-json\/wp\/v2\/posts"}],"about":[{"href":"https:\/\/www.dublineventguide.com\/blog\/index.php\/wp-json\/wp\/v2\/types\/post"}],"author":[{"embeddable":true,"href":"https:\/\/www.dublineventguide.com\/blog\/index.php\/wp-json\/wp\/v2\/users\/1"}],"replies":[{"embeddable":true,"href":"https:\/\/www.dublineventguide.com\/blog\/index.php\/wp-json\/wp\/v2\/comments?post=1314"}],"version-history":[{"count":0,"href":"https:\/\/www.dublineventguide.com\/blog\/index.php\/wp-json\/wp\/v2\/posts\/1314\/revisions"}],"wp:attachment":[{"href":"https:\/\/www.dublineventguide.com\/blog\/index.php\/wp-json\/wp\/v2\/media?parent=1314"}],"wp:term":[{"taxonomy":"category","embeddable":true,"href":"https:\/\/www.dublineventguide.com\/blog\/index.php\/wp-json\/wp\/v2\/categories?post=1314"},{"taxonomy":"post_tag","embeddable":true,"href":"https:\/\/www.dublineventguide.com\/blog\/index.php\/wp-json\/wp\/v2\/tags?post=1314"}],"curies":[{"name":"wp","href":"https:\/\/api.w.org\/{rel}","templated":true}]}}