{"id":1306,"date":"2014-03-15T07:12:54","date_gmt":"2014-03-15T07:12:54","guid":{"rendered":"https:\/\/www.dublineventguide.com\/blog\/?p=1306"},"modified":"2014-03-15T07:14:52","modified_gmt":"2014-03-15T07:14:52","slug":"dublin-event-guide-no-352-st-patricks-festival-treasure-hunt-big-day-out-parade-i-love-my-city","status":"publish","type":"post","link":"https:\/\/www.dublineventguide.com\/blog\/index.php\/allgemein\/dublin-event-guide-no-352-st-patricks-festival-treasure-hunt-big-day-out-parade-i-love-my-city\/","title":{"rendered":"Dublin Event Guide 352: St Patrick&#8217;s Festival: Treasure Hunt, Big Day Out, Parade, I Love My City"},"content":{"rendered":"<table style=\"background-color: #f4f4f4; font-family: Arial;\" width=\"817\" cellspacing=\"0\" cellpadding=\"0\">\n<tbody>\n<tr>\n<td>\n<table style=\"background-color: #d7006b;\" width=\"100%\" cellspacing=\"0\" cellpadding=\"0\">\n<tbody>\n<tr>\n<td width=\"30\"><a name=\"dff_top\"><\/a><\/td>\n<td width=\"105\"><\/td>\n<td width=\"480\"><\/td>\n<td width=\"175\"><\/td>\n<td width=\"30\"><\/td>\n<\/tr>\n<tr>\n<td><\/td>\n<td><img loading=\"lazy\" decoding=\"async\" src=\"http:\/\/dublineventguide.com\/dff\/admin\/images\/logo_email.png\" alt=\"DEG\" width=\"89\" height=\"88\" \/><\/td>\n<td><img loading=\"lazy\" decoding=\"async\" src=\"http:\/\/dublineventguide.com\/dff\/admin\/images\/dublinguide.png\" alt=\"Dublin Event Guide (for free events)\" width=\"445\" height=\"25\" \/><\/p>\n<p style=\"font-family: arial; font-size: 14px; color: #74073d; padding: 5px; margin: 0;\">No. <strong>352<\/strong> | 14 March 2014<\/p>\n<\/td>\n<td>\n<div style=\"background-color: #8d034a; border-radius: 5px; width: 160px; height: 75px; margin-left: 8px;\">\n<p style=\"font-family: arial; font-size: 15px; color: #fff; margin: 0; padding: 10px 0; text-align: center;\">Subscribers: 20,123<br \/>\n<a href=\"http:\/\/www.facebook.com\/DublinEventGuide\"><img loading=\"lazy\" decoding=\"async\" style=\"padding-top: 10px;\" src=\"http:\/\/dublineventguide.com\/dff\/admin\/images\/like.png\" alt=\"\" width=\"58\" height=\"22\" \/><\/a><\/p>\n<\/div>\n<\/td>\n<td><\/td>\n<\/tr>\n<tr>\n<td colspan=\"5\"><\/td>\n<\/tr>\n<tr style=\"line-height: 1px; font-size: 1px; overflow: hidden; height: 4px;\">\n<td style=\"font-size: 1px; line-height: 1px; height: 4px; overflow: hidden;\" colspan=\"5\"><img loading=\"lazy\" decoding=\"async\" src=\"http:\/\/dublineventguide.com\/dff\/admin\/images\/divider.png\" alt=\"\" width=\"817\" height=\"4\" \/><\/td>\n<\/tr>\n<\/tbody>\n<\/table>\n<table style=\"background-color: #8d034a;\" width=\"100%\" cellspacing=\"0\" cellpadding=\"0\">\n<tbody>\n<tr>\n<td>\n<p style=\"color: #fff; font-family: arial; font-size: 13px; text-align: center; padding: 0; line-height: 24px;\"><a style=\"color: #fff; text-decoration: none;\" href=\"#news\">Dublin News<\/a> &#8211; <a style=\"color: #fff; text-decoration: none;\" href=\"#competitions\">Competitions<\/a> &#8211; <a style=\"color: #fff; text-decoration: none;\" href=\"#support\">Support the Guide<\/a> &#8211; <a style=\"color: #fff; text-decoration: none;\" href=\"#picks\">Joerg&#8217;s Picks<\/a> &#8211; <a style=\"color: #fff; text-decoration: none;\" href=\"#feel\">Feel Good<\/a> &#8211; <a style=\"color: #fff; text-decoration: none;\" href=\"#odd\">This is Odd<\/a><br \/>\n<a style=\"color: #fff; text-decoration: none;\" href=\"#day_1394496000\">Tue<\/a> &#8211; <a style=\"color: #fff; text-decoration: none;\" href=\"#day_1394755200\">Fri<\/a> &#8211; <a style=\"color: #fff; text-decoration: none;\" href=\"#day_1394841600\">Sat<\/a> &#8211; <a style=\"color: #fff; text-decoration: none;\" href=\"#day_1394928000\">Sun<\/a> &#8211; <a style=\"color: #fff; text-decoration: none;\" href=\"#day_1395014400\">Mon<\/a> &#8211; <a style=\"color: #fff; text-decoration: none;\" href=\"#day_1395100800\">Tue<\/a> &#8211; <a style=\"color: #fff; text-decoration: none;\" href=\"#day_1395187200\">Wed<\/a> &#8211; <a style=\"color: #fff; text-decoration: none;\" href=\"#day_1395273600\">Thu<\/a> &#8211; <a style=\"color: #fff; text-decoration: none;\" href=\"#day_1395360000\">Fri<\/a> &#8211; <a style=\"color: #fff; text-decoration: none;\" href=\"#coming\">Events Coming Up<\/a> &#8211; <a style=\"color: #fff; text-decoration: none;\" href=\"#exhibitions\">Exhibitions<\/a><\/p>\n<\/td>\n<\/tr>\n<\/tbody>\n<\/table>\n<table width=\"100%\" cellspacing=\"0\" cellpadding=\"0\">\n<tbody>\n<tr>\n<td style=\"padding: 15px 30px;\">\n<div style=\"font-size: 13px; color: #534438; line-height: 20px;\">\n<p style=\"margin: 10px 0;\">Hi all!<\/p>\n<p style=\"margin: 10px 0;\">The St. Patrick&#8217;s Weekend edition of the Dublin Event Guide (for Free Events) is finally finished and has arrived in your Inbox. It is FULL of events and there are a whole range of really interesting events part of the programme this year. The new live music stage at St. Stephen&#8217;s Green seems like a great addition and the I Love My City programme is also an inspired idea. So a few nice new things. The parade is the same as for the the last 5 or so years and needs some work, but maybe some think that it is a great parade? Some aspects are good. Many are not.<\/p>\n<p>[ad]<\/p>\n<p style=\"margin: 10px 0;\">Either way, enjoy the weekend and enjoy the day off on Monday. For many the Monday is used for other things rather than St. Patrick related things. If you have a garden, it seems to be the day\/weekend to get your garden sorted for spring and I guess it is good that many people do other things than going to the city centre. Imagine how full it would be otherwise!<\/p>\n<p style=\"margin: 10px 0;\">The one thing that I still miss sorely is the St: Patrick&#8217;s Day Fireworks Display. For a number of years there was a brilliant Fireworks Display on the Liffey at the St. Patrick&#8217;s Weekend and it was synchronised to music. Then they moved the fireworks away from Dublin to the regions and then it was silently buried. Big big pity! Bring it back, please! ;-)<\/p>\n<p style=\"margin: 10px 0;\">Have a great week!<\/p>\n<p style=\"margin: 10px 0;\">Here are the weekly pleas for your help and then let&#8217;s get started with the events:<\/p>\n<p>The bill for sending the Dublin Event Guide (for Free Events) week after week through a professional E-mail sending company is a relatively low EUR 170 every month, but because I am not earning a cent from this work, I need your help with that. If you can help with a donation or maybe through your company with sponsorship, I appreciate it hugely. ANY amount is appreciated, but I suggest a donation of between EUR 12 and EUR 20. At EUR 12, that&#8217;s just EUR 1 per month! If you don&#8217;t have EUR 1 per month, then this weekly e-mail magazine is my gift for you. I can imagine how tough it is being in financial difficulties and I hope your situation will improve soon. If you do have EUR 1 per month to help keeping the Dublin Event Guide going, please do so at <a style=\"color: #cc2979; text-decoration: none;\" href=\"http:\/\/www.perfectresults.info\/donate.htm\">www.perfectresults.info\/donate.htm<\/a> Thanks!<\/p>\n<p>And finally: Please help spreading the word about the Dublin Event Guide (for Free Events). Your friends can easily subscribe at <a style=\"color: #cc2979; text-decoration: none;\" href=\"http:\/\/www.dublineventguide.com\">http:\/\/www.dublineventguide.com<\/a> and they will get a weekly e-mail magazine with all the free events in Dublin if they subscribe. They don&#8217;t have to pay a cent for that and their e-mail address is completely safe with me! More than 19,800 people receive the Dublin Event Guide every week and we are more than 43,000 people at the Dublin Event Guide Facebook Page at <a style=\"color: #cc2979; text-decoration: none;\" href=\"http:\/\/www.facebook.com\/DublinEventGuide\">www.facebook.com\/DublinEventGuide<\/a> Check it out and click on LIKE when you are there.<\/p>\n<p style=\"margin: 10px 0;\">And this is a great opportunity to help the Dublin Event Guide for absolutely no cost to you:<\/p>\n<p>Without putting your hand in your pocket (for the Dublin Event Guide) at all you can help by ALWAYS using the ad links in the Dublin News Section and the ads in the Dublin Event Guides when you buy\/order goods. If you buy goods immediately (in the same session) after clicking on a link\/ad that you find in this e-zine\/newsletter (<a style=\"color: #cc2979; text-decoration: none;\" href=\"http:\/\/www.awin1.com\/cread.php?s=344250&amp;v=4345&amp;q=162396&amp;r=140544\">Groupon<\/a>, <a style=\"color: #cc2979; text-decoration: none;\" href=\"http:\/\/www.awin1.com\/awclick.php?mid=4319&amp;id=140544\">LivingSocial<\/a>, <a style=\"color: #cc2979; text-decoration: none;\" href=\"http:\/\/www.amazon.co.uk\/?_encoding=UTF8&amp;camp=1634&amp;creative=6738&amp;linkCode=ur2&amp;tag=dubeveguiforf-21\">Amazon<\/a>, <a style=\"color: #cc2979; text-decoration: none;\" href=\"http:\/\/www.bookdepository.co.uk?a_aid=dubevg\">Book Depository<\/a>, <a style=\"color: #cc2979; text-decoration: none;\" href=\"http:\/\/www.awin1.com\/cread.php?s=308748&amp;v=4363&amp;q=145658&amp;r=140544\">LastMinute<\/a> etc), you help the Dublin Event Guide everytime. This is how it works: The company you buy from (Groupon, Amazon, Living Social, Book Depository etc) registers that you came to them via a link from the Dublin Event Guide and they show their appreciation by giving a small commission (5-8%) to the Dublin Event Guide. This might only be 30 cent a go, but if you did that for all online purchases and if lots of people used it, then it could make a big dent into the EUR 170 needed. Use these links as often as possible it doesn&#8217;t cost you a cent and you help big time!<\/p>\n<p style=\"margin: 10px 0;\">Have an event-full weekend and week,<\/p>\n<p style=\"margin: 10px 0;\">&#8211;Joerg<\/p>\n<p style=\"margin: 10px 0;\">Find the Dublin Event Guide (for Free Events) online presence here:<\/p>\n<p>Website: <a style=\"color: #cc2979; text-decoration: none;\" href=\"http:\/\/www.DublinEventGuide.com\">http:\/\/www.DublinEventGuide.com<\/a><br \/>\nFacebook: <a style=\"color: #cc2979; text-decoration: none;\" href=\"http:\/\/www.facebook.com\/DublinEventGuide\">http:\/\/www.facebook.com\/DublinEventGuide<\/a><br \/>\nMobile App: <a style=\"color: #cc2979; text-decoration: none;\" href=\"http:\/\/m.dublineventguide.com\">http:\/\/m.dublineventguide.com<\/a><br \/>\nTwitter: <a style=\"color: #cc2979; text-decoration: none;\" href=\"http:\/\/www.twitter.com\/JoergSt\">http:\/\/www.twitter.com\/JoergSt<\/a><\/p>\n<\/div>\n<p><a href=\"http:\/\/www.facebook.com\/DublinEventGuide\"><img loading=\"lazy\" decoding=\"async\" style=\"padding-top: 10px;\" src=\"http:\/\/dublineventguide.com\/dff\/admin\/images\/like.png\" alt=\"\" width=\"58\" height=\"22\" \/><\/a><\/p>\n<div style=\"font-size: 13px; color: #534438; line-height: 20px;\">\n<p>We are more than 44,000 people on the Dublin Event Guide &#8211; Facebook Page at <a style=\"color: #cc2979; text-decoration: none;\" href=\"http:\/\/www.facebook.com\/DublinEventGuide\">http:\/\/www.facebook.com\/DublinEventGuide<\/a> and are growing every week. Join in and click LIKE on the facebook page and tell your friends! You will get last minute updates and event reminders through the Facebook Page and you can share your free events directly there with the other people in the Dublin Event Guide Community.<\/p>\n<\/div>\n<p style=\"font-size: 13px; color: #534438; line-height: 20px; margin: 10px 0;\">&#8211;Advertisement&#8212;&#8212;&#8212;&#8212;&#8212;&#8212;&#8212;&#8212;&#8212;&#8212;&#8212;&#8212;<\/p>\n<p style=\"font-size: 13px; color: #534438; line-height: 20px; margin: 10px 0;\"><a href=\"http:\/\/www.bookdepository.co.uk?a_aid=dubevg&amp;a_bid=59fa9b16\" target=\"_blank\"><img loading=\"lazy\" decoding=\"async\" title=\"Free Delivery on all Books at the Book Depository\" src=\"http:\/\/banners1.bookdepository.co.uk\/accounts\/default1\/banners\/G-728x90.jpg\" alt=\"Free Delivery on all Books at the Book Depository\" width=\"728\" height=\"90\" \/><\/a><img loading=\"lazy\" decoding=\"async\" style=\"border: 0;\" src=\"http:\/\/affiliates.bookdepository.co.uk\/scripts\/imp.php?a_aid=dubevg&amp;a_bid=59fa9b16\" alt=\"\" width=\"1\" height=\"1\" \/><\/p>\n<p>BOOK DEPOSITORY &#8211; BETTER THAN ANYBODY ELSE<\/p>\n<p>Books for lowest prices, sent to you with free worldwide delivery. And with every book you buy, you directly help the Dublin Event Guide (for Free Events) &#8230; IF you click on the link below! <a style=\"color: #cc2979; text-decoration: none;\" href=\"http:\/\/www.bookdepository.co.uk?a_aid=dubevg\">www.bookdepository.co.uk<\/a><\/td>\n<\/tr>\n<\/tbody>\n<\/table>\n<table id=\"feel\" width=\"100%\" cellspacing=\"0\" cellpadding=\"0\">\n<tbody>\n<tr>\n<td><a name=\"feel\"><\/a><a style=\"text-decoration: none;\" href=\"#dff_top\"><img decoding=\"async\" src=\"http:\/\/dublineventguide.com\/dff\/admin\/images\/dividers\/feelgood.png\" alt=\"Feel good slot\" border=\"0\" \/><\/a><\/td>\n<\/tr>\n<\/tbody>\n<\/table>\n<table width=\"100%\" cellspacing=\"0\" cellpadding=\"0\">\n<tbody>\n<tr>\n<td style=\"padding: 0 30px 15px;\">\n<div style=\"font-size: 13px; color: #534438; line-height: 20px;\">\n<p style=\"margin: 10px 0;\">The &#8220;Feel Good Slot&#8221; at this place in the Dublin Event Guide is to share some inspirational, motivational or thought provoking quotes, stories or video clips. You wonder why I added this section to this e-mail magazine? If your week was great, you might not need it, but most of us had some challenging moments in the last week and there could be more in the coming week and this section is for the people that want to overcome the hurdles, achieve more and remember that despite all, life is great!<\/p>\n<p>Fairness and honesty is a trait that most of us not just appreciate, but we expect it from people we deal with. In competitive sports these traits are sometimes easily forgotten and then it impresses even more if honesty prevails. Have a look at this <a style=\"color: #cc2979; text-decoration: none;\" href=\"http:\/\/www.youtube.com\/watch?v=6TPjx1DMaEw\">http:\/\/www.youtube.com\/watch?v=6TPjx1DMaEw<\/a> I like it!<\/p>\n<\/div>\n<p style=\"font-size: 13px; color: #534438; line-height: 20px; margin: 10px 0;\">&#8211;Advertisement&#8212;&#8212;&#8212;&#8212;&#8212;&#8212;&#8212;&#8212;&#8212;&#8212;&#8212;&#8212;<\/p>\n<p style=\"font-size: 13px; color: #534438; line-height: 20px; margin: 10px 0;\"><!--START MERCHANT:merchant name Groupon Ireland from affiliatewindow.com.--><a href=\"http:\/\/www.awin1.com\/cread.php?s=344250&amp;v=4345&amp;q=162396&amp;r=140544\"><img decoding=\"async\" src=\"http:\/\/www.awin1.com\/cshow.php?s=344250&amp;v=4345&amp;q=162396&amp;r=140544\" alt=\"\" border=\"0\" \/><\/a><!--END MERCHANT:merchant name Groupon Ireland from affiliatewindow.com--><\/p>\n<\/td>\n<\/tr>\n<\/tbody>\n<\/table>\n<table id=\"support\" width=\"100%\" cellspacing=\"0\" cellpadding=\"0\">\n<tbody>\n<tr>\n<td><a name=\"support\"><\/a><a style=\"text-decoration: none;\" href=\"#dff_top\"><img decoding=\"async\" src=\"http:\/\/dublineventguide.com\/dff\/admin\/images\/dividers\/support.png\" alt=\"Support\" border=\"0\" \/><\/a><\/td>\n<\/tr>\n<\/tbody>\n<\/table>\n<table width=\"100%\" cellspacing=\"0\" cellpadding=\"0\">\n<tbody>\n<tr>\n<td style=\"padding: 0 30px 15px;\">\n<div style=\"font-size: 13px; color: #534438; line-height: 20px;\">\n<p style=\"margin: 10px 0;\">This part is important to &#8220;keep the show on the road&#8221;:<\/p>\n<p style=\"margin: 10px 0;\">Last week the wonderful people that helped with a donation were Dermot N, Emma S, Fiona D, Joan S. Thanks a lot for your help! Every bit counts and YOUR help is absolutely needed too to ensure that you &#8211; and everyone else &#8211; will continue to get the Dublin Event Guide every week.<\/p>\n<p>The cost for sending the weekly newsletter is approx. EUR 170 per month and a donation from you of just EUR 12 per year will ensure that I will be able to pay the bills.<br \/>\nHas the Dublin Event Guide helped you to find events that you otherwise wouldn&#8217;t have known about, or have you saved money by finding great free events? Then go to <a style=\"color: #cc2979; text-decoration: none;\" href=\"http:\/\/www.perfectresults.info\/donate.htm\">http:\/\/www.perfectresults.info\/donate.htm<\/a> and give something back!<\/p>\n<p style=\"margin: 10px 0;\">I appreciate ANY help: EUR 12 would be great (that&#8217;s just 25 cent per week!), but even if it is just the price of 2 pints it will help.<\/p>\n<p>You can donate online by following this link to the PayPal&amp;CreditCard donation page <a style=\"color: #cc2979; text-decoration: none;\" href=\"http:\/\/www.perfectresults.info\/donation.htm\">http:\/\/www.perfectresults.info\/donation.htm<\/a> If you want to transfer your donation directly to my account, just send a mail to dublineventguide@gmail.com and I will send you the details.<\/p>\n<p>In the last 12 months the following wonderful people have sponsored this Dublin Event Guide: Eva H M, Stephen S, Mary Ph, Rory McG, Deirdre M, Corinna R, Frances L, Colm O&#8217;R, Brian L, Judit S, Margaret B, Sinead D, Nicola R, Marta T, Adeline P, Clodagh O&#8217;C, Roisin R, Martin O&#8217;S, Aisling L, Ruth G, Marian T, David S, Christina M, Claire F, Peter D, Emma N, Agnes C, Flora F, Karl F, Raymond M, Rafika K, Natalija B, Nicola WN, A C, Hazel L, Amanda L, Brendan McC, Filippo G, Laura B, Lucas C, Colin B, Brendan H, Valentina B, Mark R, Jun S, Joe G, Helen G, Eoin O&#8217;B, Clodagh O&#8217;C, Aine G, Majella M, Gareth N, Pat M, Conor O&#8217;H, Torlach OC, Belinda B, Paul B, Daire McC, Tom McI, Mary B, Rita B, Kostas R, Derek L, Johan S, Sheila H, Joseph O&#8217;L, Hoai L, Elizabeth P, Hugh C, Lorraine F, Frieda K, George K, Tony B, Peter B, Seamus C, Jenny M, Tara R, Deirdre G, John F, Mark G, Orlagh O&#8217;F, M\u00e9abh C, Meav NiM, Anna P, Vera G, John R, Nicole W, Margo C, Eamonn U, Pamela McH, Joel B, Gerard Ph, Fiona F, Yvonne O&#8217;S, Gabriel K, Luis F, Claire D, Nicola F, Eimear MacH and Barry M, Kirsten D, Roisin K, Sharon C, Thomas S, Cyril M, Patricia O&#8217;N, Ju Yearn S, Clodagh C, Caitriona L, Brian O&#8217;C, Geraldine R, Aiden B, Jacinta O&#8217;B, Sophie P-L, Mairin M, Wendy C, Seamus C, Mary K, Carla B, Fiona O&#8217;R, Karen O&#8217;G, Emeline J, Noelle H, Sean N, Marta T, Aine C, Sabrina L, Brian H P, Fiona M, Bridget W, Paul M, Sarah S, Pam C, Colette C, Paul A, Brian C, Anne R, Deirdre B, Oliver M, Kostas R, Elaine K, Mark C, James E, Sarah H, Karl C, Melanie B, Donna M, Kathleen S, Arthur D, Stephen H, Karen H, Nikki D, Mark G, Margaret W, Serena F, Mark R, Zelie McG, Sean S, Caroline S, Patrick O&#8217;C, Christian K, Magdalena S, Fidelma M, Tania Z, Louise Q, Barbara Q-B, Catherine G, Tony B, Yvonne C, Mark G, Bridget W, Catherine E, Michelle M, Eoin O&#8217;S, Adeline P, Kay G, Claire F, Anto K, Sebastian B, Justin McC, Sophie P-L, David M, Mark G, Eamonn H, Sharon K, Michele M, Joseph F, Siobhann Q, Clodagh O&#8217;C, Susan B, Bill G, Joe R, Catherine O&#8217;S, Tom McM, Donald M, Martina D, Pascale N, Carol McN and Meret C, Linda T, Mark G, Cathal F, Brendan M, Mary F, Dermot N, Emma S, Fiona D, Joan S and the Dublin Cycling Campaign (<a style=\"color: #cc2979; text-decoration: none;\" href=\"http:\/\/www.dublincycling.ie\">http:\/\/www.dublincycling.ie<\/a>), <a style=\"color: #cc2979; text-decoration: none;\" href=\"http:\/\/www.GravitationalFX.ie\">http:\/\/www.GravitationalFX.ie<\/a> (An Irish Web Design, SEO and Internet Marketing who offer affordable web design), <a style=\"color: #cc2979; text-decoration: none;\" href=\"http:\/\/www.FlamencoIndalo.com\">http:\/\/www.FlamencoIndalo.com<\/a> (A group that supports and promotes the art of Flamenco in Ireland.), <a style=\"color: #cc2979; text-decoration: none;\" href=\"http:\/\/www.oliviercornetgallery.com\">http:\/\/www.oliviercornetgallery.com<\/a> (A brand new Art Gallery in Temple Bar), www.Festivals.ie (Ireland&#8217;s festivals website, with key information on <a style=\"color: #cc2979; text-decoration: none;\" href=\"http:\/\/www.Festivals.ie\">festivals in Ireland<\/a>, UK and Europe), <a style=\"color: #cc2979; text-decoration: none;\" href=\"http:\/\/www.thepaulkanegallery.com\">http:\/\/www.thepaulkanegallery.com<\/a> (A great Art Gallery, on the search for a new venue), <a style=\"color: #cc2979; text-decoration: none;\" href=\"http:\/\/www.cfcp.ie\">http:\/\/www.cfcp.ie<\/a> (The Centre for Creative Practices is the the only arts centre in Ireland dedicated to connecting, integrating and promoting immigrant, experimental and emerging artists among the local arts scene and audiences). The main sponsor is <a style=\"color: #cc2979; text-decoration: none;\" href=\"http:\/\/www.KravMagaIreland.com\">http:\/\/www.KravMagaIreland.com<\/a>, the self-defence training centre for everyone, which provides regular 12-week or 2-day self-defence training courses for beginners.<\/p>\n<p style=\"margin: 10px 0;\">All events listed in this Event Guide are free of any admission charges (or at least appear to be free) unless otherwise stated. I try to find confirmation in all cases and do my best to double-check the information. However errors can happen and therefore no promise for correctness can be given.<\/p>\n<\/div>\n<p style=\"font-size: 13px; color: #534438; line-height: 20px; margin: 10px 0;\">&#8211;Advertisement&#8212;&#8212;&#8212;&#8212;&#8212;&#8212;&#8212;&#8212;&#8212;&#8212;&#8212;&#8212;<\/p>\n<p style=\"font-size: 13px; color: #534438; line-height: 20px; margin: 10px 0;\"><a href=\"http:\/\/www.bookdepository.co.uk?a_aid=dubevg\" target=\"_top\"><img loading=\"lazy\" decoding=\"async\" title=\"Free Delivery on all Books at the Book Depository\" src=\"http:\/\/affiliates.bookdepository.co.uk\/accounts\/default1\/banners\/plain_genric_468x60.jpg\" alt=\"Free Delivery on all Books at the Book Depository\" width=\"468\" height=\"60\" \/><\/a><img loading=\"lazy\" decoding=\"async\" style=\"border: 0;\" src=\"http:\/\/affiliates.bookdepository.co.uk\/scripts\/imp.php?a_aid=dubevg\" alt=\"\" width=\"1\" height=\"1\" \/><\/p>\n<p>BOOK DEPOSITORY &#8211; BETTER THAN ANYBODY ELSE<\/p>\n<p>Books for lowest prices, sent to you in Ireland for free. And with every book you buy, the Dublin Event Guide (for Free Events) gets a small commission if you buy via the link below<\/td>\n<\/tr>\n<\/tbody>\n<\/table>\n<table id=\"picks\" width=\"100%\" cellspacing=\"0\" cellpadding=\"0\">\n<tbody>\n<tr>\n<td><a name=\"picks\"><\/a><a style=\"text-decoration: none;\" href=\"#dff_top\"><img decoding=\"async\" src=\"http:\/\/dublineventguide.com\/dff\/admin\/images\/dividers\/joergspicks.png\" alt=\"Joergs Picks\" border=\"0\" \/><\/a><\/td>\n<\/tr>\n<\/tbody>\n<\/table>\n<table width=\"100%\" cellspacing=\"0\" cellpadding=\"0\">\n<tbody>\n<tr>\n<td style=\"padding: 0 30px 15px;\">\n<div style=\"font-size: 13px; color: #534438; line-height: 20px;\">\n<p><em>This section is intended to provide some help in picking and choosing from the huge number of events by sharing with you what I will\/might or would do. This is not a &#8220;best of&#8230;&#8221; list and if an event is not listed here, it by no means implies that the event is not interesting. Instead my &#8220;picks&#8221; are just based on my personal preferences. All events mentioned here are described in detail further down.<\/em><\/p>\n<p style=\"margin: 10px 0;\">This week my pick list would be sooooo long, that I won&#8217;t even write it down. There is on Saturday the Festival Treasure Hunt and on Saturday afternoon\/evening the Live Stage at St. Stephen&#8217;s Green. Then on Sunday you have the Big Day Out (let&#8217;s hope for nice weather) and on Monday maybe the parade (if you get there REALLY early, otherwise stay away).<\/p>\n<p style=\"margin: 10px 0;\">But these are just the big events! Have a look at the &#8220;I Love My City&#8221; programme with lots of small-ish but really interesting events. And then there is street performance and music on the streets and there are events\/gigs in pubs.<\/p>\n<p style=\"margin: 10px 0;\">Lots of things to do and if the weather is ok-ish, it could be a super weekend. Just do yourself one favour and leave the City Centre before 18:00 on Monday. It gets very very messy after that and I wish the St. Patrick&#8217;s Festival organisers would spend some time on coming up with ideas that would change that yearly problem.<\/p>\n<\/div>\n<p style=\"font-size: 13px; color: #534438; line-height: 20px; margin: 10px 0;\">&#8211;Advertisement&#8212;&#8212;&#8212;&#8212;&#8212;&#8212;&#8212;&#8212;&#8212;&#8212;&#8212;&#8212;<\/p>\n<p style=\"font-size: 13px; color: #534438; line-height: 20px; margin: 10px 0;\"><a href=\"https:\/\/www.amazon.co.uk\/b?node=266239&amp;tag=dubeveguiforf-21&amp;camp=3290&amp;creative=21954&amp;linkCode=ur1&amp;adid=07CA4B2Q4TCZZXWXN1W4&amp;\" target=\"_blank\"><img loading=\"lazy\" decoding=\"async\" src=\"http:\/\/www.dublineventguide.com\/gif\/amazonbooks.jpg\" alt=\"\" width=\"728\" height=\"90\" \/><\/a><\/p>\n<\/td>\n<\/tr>\n<\/tbody>\n<\/table>\n<table id=\"competitions\" width=\"100%\" cellspacing=\"0\" cellpadding=\"0\">\n<tbody>\n<tr>\n<td><a name=\"competitions\"><\/a><a style=\"text-decoration: none;\" href=\"#dff_top\"><img decoding=\"async\" src=\"http:\/\/dublineventguide.com\/dff\/admin\/images\/dividers\/competitions.png\" alt=\"Competitions\" border=\"0\" \/><\/a><\/td>\n<\/tr>\n<\/tbody>\n<\/table>\n<table width=\"100%\" cellspacing=\"0\" cellpadding=\"0\">\n<tbody>\n<tr>\n<td style=\"padding: 0 30px; margin-bottom: 15px;\">\n<h2 style=\"font-size: 16px; color: #534438; margin: 0 0 5px; font-weight: normal; margin-top: 15px;\">The Master and Margarita: A Fairy Tale of Dublin &#8211; Ticket Competition<\/h2>\n<h3 style=\"font-size: 13px; margin: 0; padding: 0; line-height: 16px; color: #534438;\"><\/h3>\n<div style=\"font-size: 13px; color: #534438; line-height: 20px; margin: 0; padding-top: 0;\">\n<p>Wed 19 &#8211; Sat 22 March (19-22 Mar: 19:30 \/\/ 21 Mar: 19:30+21:30 \/\/ 22 Mar: 14:30+19:30)<br \/>\nSmock Alley Boys&#8217; School, Smock Alley Theatre, 6\/7 Exchange Street Lower, Dublin 8<\/p>\n<p style=\"margin: 10px 0;\">The Seventh Land Theatre Company are performing &#8220;The Master and Margarita&#8221; in Smock Alley from 19-22 March:<\/p>\n<p style=\"margin: 10px 0;\">It is a fairy tale of Dublin. A tale of love. A tale of poverty. A tale of madness. A tale of magic. Come and dance with the Devil, if you dare &#8230; based on the novel by Mikhail Bulgakov, directed by Aggie Bryly with music composed by Eamonn Murphy.<\/p>\n<p>Find more details at <a style=\"color: #cc2979; text-decoration: none;\" href=\"http:\/\/smockalley.com\/master-margarita-fairytale-dublin\/\">http:\/\/smockalley.com\/master-margarita-fairytale-dublin\/<\/a> where you also can book your tickets (EUR 12\/10).<\/p>\n<p style=\"margin: 10px 0;\">Seventh Land have made a pair of tickets available for a Dublin Event Guide reader and all you have to do to have a chance to win that pair is this: Send a mail to dublineventguide@gmail.com with MARGARITA in the subject of the mail and your name and mobile phone number in the body of the mail. Your mail has to be with me on Tues at 15:00 and I will inform the winner on the same day. Please note: The tickets are for he 19:30 show on Friday 21 March.<\/p>\n<p>And here is more information about Seventh Land: <a style=\"color: #cc2979; text-decoration: none;\" href=\"https:\/\/www.facebook.com\/SeventhLand\">https:\/\/www.facebook.com\/SeventhLand<\/a><\/p>\n<\/div>\n<\/td>\n<\/tr>\n<tr>\n<td style=\"padding: 0 30px; margin-bottom: 15px;\">\n<h2 style=\"font-size: 16px; color: #534438; margin: 0 0 5px; font-weight: normal; margin-top: 15px;\">Promote your product or (non-free) event through a competition!<\/h2>\n<h3 style=\"font-size: 13px; margin: 0; padding: 0; line-height: 16px; color: #534438;\"><\/h3>\n<div style=\"font-size: 13px; color: #534438; line-height: 20px; margin: 0; padding-top: 0;\">\n<p style=\"margin: 10px 0;\">If you want to reach more than 20,000 people with your product promotion or your event promotion for a non-free event, contact me on dublineventguide@gmail.com and we can discuss the options.<\/p>\n<p style=\"margin: 10px 0;\">And if you want me to do product testing, followed by an assessment here in the Dublin Event Guide, we can talk about that too.<\/p>\n<\/div>\n<\/td>\n<\/tr>\n<tr>\n<td style=\"padding: 0 30px 15px;\">\n<p style=\"font-size: 13px; color: #534438; line-height: 20px; margin: 10px 0;\">&#8211;Advertisement&#8212;&#8212;&#8212;&#8212;&#8212;&#8212;&#8212;&#8212;&#8212;&#8212;&#8212;&#8212;<\/p>\n<p style=\"font-size: 13px; color: #534438; line-height: 20px; margin: 10px 0;\"><a href=\"http:\/\/clk.tradedoubler.com\/click?p=83237&amp;a=1719778&amp;g=20747140\" target=\"_BLANK\"><img decoding=\"async\" src=\"http:\/\/impie.tradedoubler.com\/imp?type(img)g(20747140)a(1719778)\" alt=\"\" border=\"0\" \/><\/a><\/p>\n<\/td>\n<\/tr>\n<\/tbody>\n<\/table>\n<table id=\"news\" style=\"margin-top: 10px;\" width=\"100%\" cellspacing=\"0\" cellpadding=\"0\">\n<tbody>\n<tr>\n<td><a name=\"news\"><\/a><a style=\"text-decoration: none;\" href=\"#dff_top\"><img decoding=\"async\" src=\"http:\/\/dublineventguide.com\/dff\/admin\/images\/dividers\/news.png\" alt=\"Dublin news\" border=\"0\" \/><\/a><\/td>\n<\/tr>\n<\/tbody>\n<\/table>\n<table width=\"100%\" cellspacing=\"0\" cellpadding=\"0\">\n<tbody>\n<tr>\n<td style=\"padding: 0 30px; margin-bottom: 15px;\">\n<h2 style=\"font-size: 16px; color: #534438; margin: 0 0 5px; font-weight: normal; margin-top: 15px;\">Support the Dublin Event Guide for free when you buy!<\/h2>\n<div style=\"font-size: 13px; color: #534438; line-height: 20px; margin: 0; padding-top: 0;\">\n<p>By always clicking on the links below before you buy a product from these traders, you hugely help the Dublin Event Guide! Every time you buy something, approx 5% of the total amount will be given to the Dublin Event Guide as a reward for promoting the trader. Importantly, you don&#8217;t pay a cent more than normal! So you can help without having to put your hand in your own pocket! ;-) These are the links, use them often (EVERY time you buy from the relevant site!) <strong>THANK YOU!!!<\/strong><\/p>\n<p><a style=\"color: #cc2979; text-decoration: none;\" href=\"http:\/\/www.amazon.co.uk\/?_encoding=UTF8&amp;camp=1634&amp;creative=6738&amp;linkCode=ur2&amp;tag=dubeveguiforf-21\">Amazon.co.uk<\/a> | <a style=\"color: #cc2979; text-decoration: none;\" href=\"http:\/\/www.bookdepository.co.uk?a_aid=dubevg\">Book Depository<\/a> | <a style=\"color: #cc2979; text-decoration: none;\" href=\"http:\/\/www.awin1.com\/cread.php?s=344250&amp;v=4345&amp;q=162396&amp;r=140544\">Groupon<\/a> | <a style=\"color: #cc2979; text-decoration: none;\" href=\"http:\/\/www.awin1.com\/awclick.php?mid=4319&amp;id=140544\">Living Social<\/a> | <a style=\"color: #cc2979; text-decoration: none;\" href=\"http:\/\/clk.tradedoubler.com\/click?p=197223&amp;a=1719778&amp;g=19453640\">Pigsback<\/a> | <a style=\"color: #cc2979; text-decoration: none;\" href=\"http:\/\/clk.tradedoubler.com\/click?p=76521&amp;a=1719778&amp;g=17656420\">O2<\/a> | <a style=\"color: #cc2979; text-decoration: none;\" href=\"http:\/\/clk.tradedoubler.com\/click?p=72121&amp;a=1719778&amp;g=19980094\">Vodafone<\/a> | <a style=\"color: #cc2979; text-decoration: none;\" href=\"http:\/\/clk.tradedoubler.com\/click?p=214850&amp;a=1719778&amp;g=20132020\">Firebox<\/a> | <a style=\"color: #cc2979; text-decoration: none;\" href=\"http:\/\/clk.tradedoubler.com\/click?p=80221&amp;a=1719778&amp;g=18250508\">Pixmania<\/a><a href=\"http:\/\/clk.tradedoubler.com\/click?p=74700&amp;a=1719778&amp;g=18027174\"><br \/>\nExpedia<\/a> | <a style=\"color: #cc2979; text-decoration: none;\" href=\"http:\/\/www.awin1.com\/cread.php?s=308748&amp;v=4363&amp;q=145658&amp;r=140544\">Lastminute.com<\/a> | <a style=\"color: #cc2979; text-decoration: none;\" href=\"http:\/\/clk.tradedoubler.com\/click?p=24526&amp;a=1719778&amp;g=17946642\">Hotels.com<\/a><\/p>\n<p>And if you prefer to donate money directly, then you can do that here: <a style=\"color: #cc2979; text-decoration: none;\" href=\"http:\/\/www.perfectresults.info\/\/donation.htm\">http:\/\/www.perfectresults.info\/\/donation.htm<\/a><\/p>\n<h2 style=\"font-size: 16px; color: #534438; margin: 0 0 5px; font-weight: normal; margin-top: 15px;\">Dublin Event Guide Smartphone App &#8220;Dublin For Free&#8221;<\/h2>\n<p>Find all details on where to get and how to install the app at <a style=\"color: #cc2979; text-decoration: none;\" href=\"http:\/\/www.dublineventguide.com\/mobile.html\">http:\/\/www.dublineventguide.com\/mobile.html<\/a><\/p>\n<p style=\"margin: 10px 0;\">\n<\/div>\n<\/td>\n<\/tr>\n<tr>\n<td style=\"padding: 0 30px; margin-bottom: 15px;\">\n<h2 style=\"font-size: 16px; color: #534438; margin: 0 0 5px; font-weight: normal; margin-top: 15px;\">Donate a Drink Campaign at St. Patrick&#8217;s Festival<\/h2>\n<div style=\"font-size: 13px; color: #534438; line-height: 20px; margin: 0; padding-top: 0;\">\n<p style=\"margin: 10px 0;\">&#8220;Donate a Drink&#8221; is appealing to you to donate the cost of just one drink to charity this St. Patrick&#8217;s Festival. You will be able to have a great time with one drink less and it will make a huge different to a charity. And the great thing is that you can even choose which charity you want to help. The charities you can choose from are Laura Lynn, Make-a-Wish and The Umbrella Foundation.<\/p>\n<p>You can donate easily through the DonateaDrink page at <a style=\"color: #cc2979; text-decoration: none;\" href=\"http:\/\/www.mycharity.ie\/event\/donateadrink\" target=\"_blank\">http:\/\/www.mycharity.ie\/event\/donateadrink<\/a> or via text message: Text DADLAURA, or DADWISH, or DADUMBRELLA to 50300 to give EUR 4 (deducted from your bill\/credit).<\/p>\n<p>If you think this is a good initiative, spread the word! Like the DonateaDrink Facebook page <a style=\"color: #cc2979; text-decoration: none;\" href=\"http:\/\/www.facebook.com\/DonateaDrink\" target=\"_blank\">http:\/\/www.facebook.com\/DonateaDrink<\/a> and use the hashtags #just1drink or #DonateaDrink on Facebook or Twitter (@DonateADrink).<\/p>\n<p style=\"margin: 10px 0;\">Make a difference this St. Patricks Festival!<\/p>\n<p style=\"margin: 10px 0;\">\n<\/div>\n<\/td>\n<\/tr>\n<tr>\n<td style=\"padding: 0 30px; margin-bottom: 15px;\">\n<h2 style=\"font-size: 16px; color: #534438; margin: 0 0 5px; font-weight: normal; margin-top: 15px;\">Patricks and Patricias are in in luck &#8211; Guinness Storehouse<\/h2>\n<div style=\"font-size: 13px; color: #534438; line-height: 20px; margin: 0; padding-top: 0;\">\n<p style=\"margin: 10px 0;\">The Guinness Storehouse is planning concerts and Rugby related events and all kind of other festivities this weekend, but because normal admission charges apply you want to have a good look at what you get in return for your EUR 15.<\/p>\n<p>If you are called Patrick or Patricia (or a variant of it, check <a style=\"color: #cc2979; text-decoration: none;\" href=\"http:\/\/www.guinness-storehouse.com\/en\/docs\/name_variantions.pdf\">http:\/\/www.guinness-storehouse.com\/en\/docs\/name_variantions.pdf<\/a> ) then you don&#8217;t have to worry on Monday. All Patrick and derivatives will get in for free on Monday. (ID required).<\/p>\n<p>Have a look here <a style=\"color: #cc2979; text-decoration: none;\" href=\"http:\/\/www.guinness-storehouse.com\">http:\/\/www.guinness-storehouse.com<\/a><\/p>\n<\/div>\n<\/td>\n<\/tr>\n<tr>\n<td style=\"padding: 0 30px; margin-bottom: 15px;\">\n<h2 style=\"font-size: 16px; color: #534438; margin: 0 0 5px; font-weight: normal; margin-top: 15px;\">Software Usability Test &#8211; Paid testers needed<\/h2>\n<div style=\"font-size: 13px; color: #534438; line-height: 20px; margin: 0; padding-top: 0;\">\n<p>Are you reliable and know how to use a computer? YakPact (<a style=\"color: #cc2979; text-decoration: none;\" href=\"http:\/\/www.yakpact.com\">www.yakpact.com<\/a>) needs you and pays for your time. YakPact is a company in Dun Laoghaire that helps other companies to improve the behaviour and skills of customer-facing staff and they are running usability tests for software they are developing.<\/p>\n<p style=\"margin: 10px 0;\">Cognitive Psychologist Dr. Christof van Nimwegen from Holland is running the tests and you are needed for 3 hours (2 hours on the first day and another 1 hour a few days later) and you will get EUR 30 for your time and help. The tests are running in assigned time slots during the day between 24 March and 27 March, in Dun Laoghaire.<\/p>\n<p style=\"margin: 10px 0;\">If you are interested in helping &#8211; and to earn the EUR 30 &#8211; you don&#8217;t need any particular skills, just contact Margaret at participate@yakpact.com and tell her your name and your phone number in an e-mail and she will contact you either by e-mail or by phone.<\/p>\n<p style=\"margin: 10px 0;\">Margaret is a long-time friend and supporter of the Dublin Event Guide (for Free Events).<\/p>\n<\/div>\n<\/td>\n<\/tr>\n<tr>\n<td style=\"padding: 0 30px; margin-bottom: 15px;\">\n<h2 style=\"font-size: 16px; color: #534438; margin: 0 0 5px; font-weight: normal; margin-top: 15px;\">Suas &#8211; Shamrocks for Schools &#8211; Volunteers Needed for St. Patrick&#8217;s Day<\/h2>\n<div style=\"font-size: 13px; color: #534438; line-height: 20px; margin: 0; padding-top: 0;\">\n<p>Suas is a charity that provides children in disadvantaged communities the opportunity of a quality education and the potential to improve their chances in life and Suas needs your help!<br \/>\nIf you could help by spending an hour or two painting shamrocks on people around Dublin city on S- Patrick&#8217;s Day, you will help the Suas Literacy Support Programme. The &#8216;Shamrocks for Schools&#8217; campaign is taking place again if you want to be part of it, register here <a style=\"color: #cc2979; text-decoration: none;\" href=\"http:\/\/www.suas.ie\/sign-suas-shamrocks-schools\">http:\/\/www.suas.ie\/sign-suas-shamrocks-schools<\/a><\/p>\n<\/div>\n<\/td>\n<\/tr>\n<tr>\n<td style=\"padding: 0 30px; margin-bottom: 15px;\">\n<h2 style=\"font-size: 16px; color: #534438; margin: 0 0 5px; font-weight: normal; margin-top: 15px;\">Donating to the Dublin Event Guide for free!?<\/h2>\n<div style=\"font-size: 13px; color: #534438; line-height: 20px; margin: 0; padding-top: 0;\">\n<p style=\"margin: 10px 0;\">Do you happily receive the Dublin Event Guide (for Free Events) every week? And do you make use of it at least sometimes? And would you like to help to keep it going? If you read this, then the answer is probably three times YES!<\/p>\n<p style=\"margin: 10px 0;\">But I understand that giving a donation is not everybody&#8217;s thing. I can assure you that it will only be used to cover the cost for the Dublin Event Guide, but wouldn&#8217;t it be even neater if you could give money without having to use your own?<\/p>\n<p style=\"margin: 10px 0;\">This is indeed possible! When you buy books online, buy them from Book Depository or from Amazon and use these links to go to the website:<\/p>\n<p><a style=\"color: #cc2979; text-decoration: none;\" href=\"http:\/\/www.bookdepository.co.uk?a_aid=dubevg\">http:\/\/www.bookdepository.co.uk?a_aid=dubevg<\/a> for Book Depository and<br \/>\n<a style=\"color: #cc2979; text-decoration: none;\" href=\"http:\/\/www.amazon.co.uk\/?_encoding=UTF8&amp;camp=1634&amp;creative=6738&amp;linkCode=ur2&amp;tag=dubeveguiforf-21\">http:\/\/www.amazon.co.uk\/?_encoding=UTF8&amp;camp=1634&amp;creative=6738&amp;linkCode=ur2&amp;tag=dubeveguiforf-21<\/a> for Amazon<\/p>\n<p style=\"margin: 10px 0;\">You can also copy these links and send them to your friends. When you click on the link you books cost exactly the same as if you went to the Amazon or Book Depository website directly. But if you go via my links above, the Dublin Event Guide (for Free Events) will get 5-8%. That&#8217;s not a lot, but if you and lots of other people used that link every time, it still would amount to a fair amount.<\/p>\n<p>And if you want to buy from<br \/>\nGroupon use this <a style=\"color: #cc2979; text-decoration: none;\" href=\"http:\/\/www.awin1.com\/cread.php?s=344250&amp;v=4345&amp;q=162396&amp;r=140544\">http:\/\/www.awin1.com\/cread.php?s=344250&amp;v=4345&amp;q=162396&amp;r=140544<\/a> or for<br \/>\nLivingSocial use this <a style=\"color: #cc2979; text-decoration: none;\" href=\"http:\/\/www.awin1.com\/awclick.php?mid=4319&amp;id=140544\">http:\/\/www.awin1.com\/awclick.php?mid=4319&amp;id=140544<\/a><\/p>\n<p style=\"margin: 10px 0;\">Giving money for free! That&#8217;s how easy it is. ;-) Thanks!<\/p>\n<\/div>\n<\/td>\n<\/tr>\n<\/tbody>\n<\/table>\n<table width=\"100%\" cellspacing=\"0\" cellpadding=\"0\">\n<tbody>\n<tr>\n<td style=\"padding: 0 30px 15px;\">\n<p style=\"font-size: 13px; color: #534438; line-height: 20px; margin: 10px 0;\"><a href=\"http:\/\/tracking.simpl.ie\/aff_c?offer_id=34&amp;aff_id=1032&amp;file_id=622\" target=\"_blank\"><img loading=\"lazy\" decoding=\"async\" src=\"http:\/\/media.go2speed.org\/brand\/files\/simpl\/34\/6385HomeInsurPayments728x90.gif\" alt=\"\" width=\"728\" height=\"90\" border=\"0\" \/><\/a><\/p>\n<\/td>\n<\/tr>\n<\/tbody>\n<\/table>\n<table width=\"100%\" cellspacing=\"0\" cellpadding=\"0\">\n<tbody>\n<tr>\n<td><a style=\"text-decoration: none;\" href=\"#dff_top\"><img decoding=\"async\" src=\"http:\/\/dublineventguide.com\/dff\/admin\/images\/dividers\/opportunities.png\" alt=\"Opportunities\" border=\"0\" \/><\/a><\/td>\n<\/tr>\n<\/tbody>\n<\/table>\n<table width=\"100%\" cellspacing=\"0\" cellpadding=\"0\">\n<tbody>\n<tr>\n<td style=\"padding: 0 30px 15px;\">\n<div style=\"font-size: 13px; color: #534438; line-height: 20px;\">\n<p style=\"margin: 10px 0;\">This section is intended to feature new startup companies and projects. Opportunities that people saw and that they chose not to ignore. I am, however, experiencing a little technical problem with this section, so for now I won&#8217;t be able to use it. I will keep you posted.<\/p>\n<\/div>\n<\/td>\n<\/tr>\n<\/tbody>\n<\/table>\n<table id=\"exhibitions\" style=\"margin-top: 10px;\" width=\"100%\" cellspacing=\"0\" cellpadding=\"0\">\n<tbody>\n<tr>\n<td><a name=\"exhibitions\"><\/a><a style=\"text-decoration: none;\" href=\"#dff_top\"><img decoding=\"async\" src=\"http:\/\/dublineventguide.com\/dff\/admin\/images\/dividers\/exhibitions.png\" alt=\"Exhibitions\" border=\"0\" \/><\/a><\/td>\n<\/tr>\n<\/tbody>\n<\/table>\n<table style=\"margin-bottom: 20px;\" width=\"100%\" cellspacing=\"0\" cellpadding=\"0\">\n<tbody>\n<tr>\n<td style=\"padding: 0 30px; margin-bottom: 15px;\">\n<div style=\"font-size: 13px; color: #534438; line-height: 20px;\">\n<p>Based on your feedback, I have decided to do the following with the Exhibition section in this newsletter from now on: I will provide you with a link to a near-comprehensive listing of exhibitions provided by <a style=\"color: #cc2979; text-decoration: none;\" href=\"http:\/\/www.visualartists.ie\">www.visualartists.ie<\/a> . For me to list all exhibitions would only be doubling their good work and would be an inefficient use of my resources. The link is <a style=\"color: #cc2979; text-decoration: none;\" href=\"http:\/\/www.visualartists.ie\/category\/listings\/dublin\/\">http:\/\/www.visualartists.ie\/category\/listings\/dublin\/<\/a><\/p>\n<p style=\"margin: 10px 0;\">On top of that I will every now and then include here a small selection of exhibitions that either are not mentioned in the Visual Artist listing or are note-worthy to be mentioned separately.<\/p>\n<\/div>\n<\/td>\n<\/tr>\n<\/tbody>\n<\/table>\n<table width=\"100%\" cellspacing=\"0\" cellpadding=\"0\">\n<tbody>\n<tr>\n<td style=\"padding: 10px 30px;\">\n<table width=\"100%\" cellspacing=\"0\" cellpadding=\"0\">\n<tbody>\n<tr>\n<td valign=\"top\" width=\"52\"><img loading=\"lazy\" decoding=\"async\" src=\"http:\/\/dublineventguide.com\/dff\/admin\/images\/exhibition.png\" alt=\"\" width=\"40\" height=\"41\" \/><\/td>\n<td>\n<h2 style=\"font-size: 16px; color: #534438; margin: 0; font-weight: normal;\">Landscape Of The Soul: Adam Kos &amp; Andrzej Mazur<\/h2>\n<h3 style=\"font-size: 13px; margin: 0; padding: 0; line-height: 16px; color: #534438;\">06-27 March (11:00-16:00)<\/h3>\n<p style=\"font-size: 13px; color: #534438; line-height: 20px; margin: 0; padding-top: 0;\">Culture Box, 12 East Essex Street, Temple Bar, Dublin 2<\/p>\n<div style=\"font-size: 13px; color: #534438; line-height: 20px; margin: 0; padding-top: 0;\">\n<p style=\"margin: 10px 0;\">&#8220;Landscape Of The Soul&#8221; by Adam Kos &amp; Andrzej Mazur is a collaborative show exploring the complexity and paradoxical nature of existence. Admission is free. The opening takes place on Thurs 06 March from 19:00.<\/p>\n<p><a style=\"color: #cc2979; text-decoration: none;\" href=\"http:\/\/www.templebar.ie\/calendar\/event\/landscape-of-the-soul\">http:\/\/www.templebar.ie\/calendar\/event\/landscape-of-the-soul<\/a><\/p>\n<\/div>\n<\/td>\n<\/tr>\n<tr>\n<td valign=\"top\" width=\"52\"><img loading=\"lazy\" decoding=\"async\" src=\"http:\/\/dublineventguide.com\/dff\/admin\/images\/exhibition.png\" alt=\"\" width=\"40\" height=\"41\" \/><\/td>\n<td>\n<h2 style=\"font-size: 16px; color: #534438; margin: 0; font-weight: normal;\">Urban Perspectives \u2013 Lynda Cosgrave \u2013 Fine Art Photography Exhibition<\/h2>\n<h3 style=\"font-size: 13px; margin: 0; padding: 0; line-height: 16px; color: #534438;\">13 Mar \u2013 18 Apr<\/h3>\n<p style=\"font-size: 13px; color: #534438; line-height: 20px; margin: 0; padding-top: 0;\">Bleeding Horse Creative Space, 24\/25 Camden Street, Dublin 2. (Noon till late)<\/p>\n<div style=\"font-size: 13px; color: #534438; line-height: 20px; margin: 0; padding-top: 0;\">\n<p>Lynda Cosgrave&#8217;s fine art photography in &#8220;Urban Perspectives&#8221; examines the inherent colour and light that permeate city streets through the eyes of the two places she called home, New York City and Dublin. Lynda is a category winner of the National Geographic Traveller 2014 Photo Competition. <a style=\"color: #cc2979; text-decoration: none;\" href=\"http:\/\/www.lyndacosgrave.com\">www.lyndacosgrave.com<\/a><\/p>\n<\/div>\n<\/td>\n<\/tr>\n<tr>\n<td valign=\"top\" width=\"52\"><img loading=\"lazy\" decoding=\"async\" src=\"http:\/\/dublineventguide.com\/dff\/admin\/images\/exhibition.png\" alt=\"\" width=\"40\" height=\"41\" \/><\/td>\n<td>\n<h2 style=\"font-size: 16px; color: #534438; margin: 0; font-weight: normal;\">Drawing Inspiration &#8211; An Exhibition of Framed Drawings<\/h2>\n<h3 style=\"font-size: 13px; margin: 0; padding: 0; line-height: 16px; color: #534438;\">01-27 March<\/h3>\n<p style=\"font-size: 13px; color: #534438; line-height: 20px; margin: 0; padding-top: 0;\">White Lady Art Gallery, 14 Wellington Quay, Dublin 2<\/p>\n<div style=\"font-size: 13px; color: #534438; line-height: 20px; margin: 0; padding-top: 0;\">\n<p style=\"margin: 10px 0;\">&#8220;Drawing Inspiration &#8211; An Exhibition of Framed Drawings&#8221; will take place throughout March and the opening event is on Sat 01 March from 18:00-22:00. There will be live music and refreshments and you are invited to BYOB. Over 18s only (ID required).<\/p>\n<p style=\"margin: 10px 0;\">&#8220;This exhibition aims to highlight the drawing skills and imagination of artists whose work is usually done in paint and other mediums. Drawing is often the starting point for many aspiring artists, so we decided to try and inspire those who admire the work of these artists by showing what can be achieved with pencils, ink and pen.&#8221;<\/p>\n<p><a style=\"color: #cc2979; text-decoration: none;\" href=\"http:\/\/www.whiteladyart.com\/\">http:\/\/www.whiteladyart.com\/<\/a><\/p>\n<\/div>\n<\/td>\n<\/tr>\n<\/tbody>\n<\/table>\n<\/td>\n<\/tr>\n<\/tbody>\n<\/table>\n<table width=\"100%\" cellspacing=\"0\" cellpadding=\"0\">\n<tbody>\n<tr>\n<td style=\"padding: 0 30px 15px;\">\n<p style=\"font-size: 13px; color: #534438; line-height: 20px; margin: 10px 0;\"><!--START MERCHANT:merchant name Lastminute Ireland from affiliatewindow.com.--><a href=\"http:\/\/www.awin1.com\/cread.php?s=308748&amp;v=4363&amp;q=145658&amp;r=140544\"><img decoding=\"async\" src=\"http:\/\/www.awin1.com\/cshow.php?s=308748&amp;v=4363&amp;q=145658&amp;r=140544\" alt=\"\" border=\"0\" \/><\/a><!--END MERCHANT:merchant name Lastminute Ireland from affiliatewindow.com--><\/p>\n<\/td>\n<\/tr>\n<\/tbody>\n<\/table>\n<table id=\"day_1394496000\" style=\"margin-top: 10px;\" width=\"100%\" cellspacing=\"0\" cellpadding=\"0\">\n<tbody>\n<tr style=\"background-color: #c20162; color: #fff;\">\n<td style=\"padding: 0; line-height: 1; height: 34px; overflow: hidden;\">\n<p style=\"width: 630px; padding-left: 30px; margin: 0; height: 34px; overflow: hidden; line-height: 34px;\"><a name=\"day_1394496000\"><\/a><strong>Tuesday <\/strong> 11 Mar<\/p>\n<\/td>\n<td>\n<p style=\"margin: 0; line-height: 34px; padding: 0; font-size: 13px;\"><a style=\"color: #fff; text-decoration: none;\" href=\"#dff_top\">back to top<\/a><\/p>\n<\/td>\n<td>\n<p style=\"margin: 0; padding: 0; font-size: 13px;\"><a style=\"color: #fff; text-decoration: none;\" href=\"#dff_top\"><img loading=\"lazy\" decoding=\"async\" src=\"http:\/\/dublineventguide.com\/dff\/admin\/images\/dividers\/date_toplink.png\" alt=\"Back to top\" width=\"38\" height=\"34\" \/><\/a><\/p>\n<\/td>\n<td width=\"50\"><\/td>\n<\/tr>\n<\/tbody>\n<\/table>\n<table width=\"100%\" cellspacing=\"0\" cellpadding=\"0\">\n<tbody>\n<tr>\n<td style=\"padding: 10px 30px;\">\n<table width=\"100%\" cellspacing=\"0\" cellpadding=\"0\">\n<tbody>\n<tr>\n<td valign=\"top\" width=\"52\"><img loading=\"lazy\" decoding=\"async\" src=\"http:\/\/dublineventguide.com\/dff\/admin\/images\/categories\/TALKS.png\" alt=\"\" width=\"32\" height=\"32\" \/><\/td>\n<td>\n<h2 style=\"font-size: 16px; color: #534438; margin: 0 0 5px; font-weight: normal;\">The Battle of Clontarf<\/h2>\n<h3 style=\"font-size: 13px; margin: 0; padding: 0; line-height: 16px; color: #534438;\">13:00 &#8211; 14:00, Tue 11 Mar<\/h3>\n<p style=\"font-size: 13px; color: #534438; line-height: 20px; margin: 0; padding-top: 0;\">Royal Irish Academy, 19 Dawson Street, Dublin 2<\/p>\n<table width=\"100%\" cellspacing=\"0\" cellpadding=\"0\">\n<tbody>\n<tr>\n<td valign=\"top\">\n<div style=\"font-size: 13px; color: #534438; line-height: 20px;\">\n<p style=\"margin: 10px 0;\">The Library Lunch Time Lecture Series that accompanies the current &#8220;Battle of Clontarf&#8221; exhibition in the Library of the Royal Irish Academy continues with a talk by Meidhbh\u00edn N\u00ed Urdail, UCD &#8220;The Battle of Clontarf story in eighteenth- and nineteenth-century Irish manuscripts&#8221; on Tuesday. Admission is free and no booking is required.<\/p>\n<\/div>\n<div style=\"font-size: 13px; color: #534438; line-height: 20px;\"><\/div>\n<p style=\"font-size: 13px; color: #534438; line-height: 20px;\"><a style=\"color: #cc2979; text-decoration: none;\" href=\"http:\/\/www.ria.ie\/Events\/Events-Listing\/Library-Lunch-Time-Lecture-Series-%283%29\">http:\/\/www.ria.ie\/Events\/Events-Listing\/Library-Lunch-Time-Lecture-Series-%283%29<\/a><\/p>\n<\/td>\n<td valign=\"top\"><\/td>\n<\/tr>\n<\/tbody>\n<\/table>\n<\/td>\n<\/tr>\n<\/tbody>\n<\/table>\n<\/td>\n<\/tr>\n<\/tbody>\n<\/table>\n<table id=\"day_1394755200\" style=\"margin-top: 10px;\" width=\"100%\" cellspacing=\"0\" cellpadding=\"0\">\n<tbody>\n<tr style=\"background-color: #c20162; color: #fff;\">\n<td style=\"padding: 0; line-height: 1; height: 34px; overflow: hidden;\">\n<p style=\"width: 630px; padding-left: 30px; margin: 0; height: 34px; overflow: hidden; line-height: 34px;\"><a name=\"day_1394755200\"><\/a><strong>Friday <\/strong> 14 Mar<\/p>\n<\/td>\n<td>\n<p style=\"margin: 0; line-height: 34px; padding: 0; font-size: 13px;\"><a style=\"color: #fff; text-decoration: none;\" href=\"#dff_top\">back to top<\/a><\/p>\n<\/td>\n<td>\n<p style=\"margin: 0; padding: 0; font-size: 13px;\"><a style=\"color: #fff; text-decoration: none;\" href=\"#dff_top\"><img loading=\"lazy\" decoding=\"async\" src=\"http:\/\/dublineventguide.com\/dff\/admin\/images\/dividers\/date_toplink.png\" alt=\"Back to top\" width=\"38\" height=\"34\" \/><\/a><\/p>\n<\/td>\n<td width=\"50\"><\/td>\n<\/tr>\n<\/tbody>\n<\/table>\n<table width=\"100%\" cellspacing=\"0\" cellpadding=\"0\">\n<tbody>\n<tr>\n<td style=\"padding: 10px 30px;\">\n<table width=\"100%\" cellspacing=\"0\" cellpadding=\"0\">\n<tbody>\n<tr>\n<td valign=\"top\" width=\"52\"><img loading=\"lazy\" decoding=\"async\" src=\"http:\/\/dublineventguide.com\/dff\/admin\/images\/categories\/MUSIC.png\" alt=\"\" width=\"32\" height=\"32\" \/><\/td>\n<td>\n<h2 style=\"font-size: 16px; color: #534438; margin: 0 0 5px; font-weight: normal;\">Cornucopia &#8211; Live Music<\/h2>\n<h3 style=\"font-size: 13px; margin: 0; padding: 0; line-height: 16px; color: #534438;\"><img loading=\"lazy\" decoding=\"async\" style=\"display: inline; float: left;\" src=\"http:\/\/dublineventguide.com\/dff\/admin\/images\/weekly.png\" alt=\"\" width=\"69\" height=\"16\" \/> 19:30 &#8211; 21:30, Fri 14 Mar<\/h3>\n<p style=\"font-size: 13px; color: #534438; line-height: 20px; margin: 0; padding-top: 0;\">Cornucopia Caf\u00e9 &amp; Restaurant, 19\/20 Wicklow Street, Dublin 2<\/p>\n<table width=\"100%\" cellspacing=\"0\" cellpadding=\"0\">\n<tbody>\n<tr>\n<td valign=\"top\">\n<div style=\"font-size: 13px; color: #534438; line-height: 20px;\">\n<p>Cornucopia Caf\u00e9 &amp; Restaurant host live music three evenings a week (Thurs, Fri and Sat). The restaurant is a Wholefood &amp; Vegetarian Restaurant and is open until 22:15.<br \/>\n+ Every second Thursday N.C Lawlor, a songwriter, session player and troubadour plays a mix of country, bluegrass &amp; blues from 19:30-21:30.<br \/>\n+ Every Friday (19:30-21:30) Junshi Murakami plays Irish Harp.<br \/>\n+ Every Saturday (19:30-21:30) Nollaig Mann plays a collection of popular and jazz classics.<\/p>\n<\/div>\n<div style=\"font-size: 13px; color: #534438; line-height: 20px;\"><\/div>\n<p style=\"font-size: 13px; color: #534438; line-height: 20px;\"><a style=\"color: #cc2979; text-decoration: none;\" href=\"http:\/\/www.cornucopia.ie\">http:\/\/www.cornucopia.ie<\/a><\/p>\n<\/td>\n<td valign=\"top\"><\/td>\n<\/tr>\n<\/tbody>\n<\/table>\n<\/td>\n<\/tr>\n<\/tbody>\n<\/table>\n<\/td>\n<\/tr>\n<\/tbody>\n<\/table>\n<table width=\"100%\" cellspacing=\"0\" cellpadding=\"0\">\n<tbody>\n<tr>\n<td style=\"padding: 10px 30px;\">\n<table width=\"100%\" cellspacing=\"0\" cellpadding=\"0\">\n<tbody>\n<tr>\n<td valign=\"top\" width=\"52\"><img loading=\"lazy\" decoding=\"async\" src=\"http:\/\/dublineventguide.com\/dff\/admin\/images\/categories\/MUSIC.png\" alt=\"\" width=\"32\" height=\"32\" \/><\/td>\n<td>\n<h2 style=\"font-size: 16px; color: #534438; margin: 0 0 5px; font-weight: normal;\">Live Music &#8211; Stillorgan Orchard<\/h2>\n<h3 style=\"font-size: 13px; margin: 0; padding: 0; line-height: 16px; color: #534438;\"><img loading=\"lazy\" decoding=\"async\" style=\"display: inline; float: left;\" src=\"http:\/\/dublineventguide.com\/dff\/admin\/images\/weekly.png\" alt=\"\" width=\"69\" height=\"16\" \/> 21:00, Fri 14 Mar<\/h3>\n<p style=\"font-size: 13px; color: #534438; line-height: 20px; margin: 0; padding-top: 0;\">Stillorgan Orchard, The Hill, Stillorgan, Co. Dublin<\/p>\n<table width=\"100%\" cellspacing=\"0\" cellpadding=\"0\">\n<tbody>\n<tr>\n<td valign=\"top\">\n<div style=\"font-size: 13px; color: #534438; line-height: 20px;\">\n<p style=\"margin: 10px 0;\">The Stillorgan Orchard has live music every Friday and Saturday. Many of the performers are established and very good bands. The upcoming gigs are detailed on the website below. Admission is always free.<\/p>\n<\/div>\n<div style=\"font-size: 13px; color: #534438; line-height: 20px;\"><\/div>\n<p style=\"font-size: 13px; color: #534438; line-height: 20px;\"><a style=\"color: #cc2979; text-decoration: none;\" href=\"http:\/\/www.stillorganorchard.com\/live_music.html\">http:\/\/www.stillorganorchard.com\/live_music.html<\/a><\/p>\n<\/td>\n<td valign=\"top\"><\/td>\n<\/tr>\n<\/tbody>\n<\/table>\n<\/td>\n<\/tr>\n<\/tbody>\n<\/table>\n<\/td>\n<\/tr>\n<\/tbody>\n<\/table>\n<table width=\"100%\" cellspacing=\"0\" cellpadding=\"0\">\n<tbody>\n<tr>\n<td style=\"padding: 10px 30px;\">\n<table width=\"100%\" cellspacing=\"0\" cellpadding=\"0\">\n<tbody>\n<tr>\n<td valign=\"top\" width=\"52\"><img loading=\"lazy\" decoding=\"async\" src=\"http:\/\/dublineventguide.com\/dff\/admin\/images\/categories\/MUSIC.png\" alt=\"\" width=\"32\" height=\"32\" \/><\/td>\n<td>\n<h2 style=\"font-size: 16px; color: #534438; margin: 0 0 5px; font-weight: normal;\">Ska &#8216;n&#8217; Reggae with The Bionic Rats<\/h2>\n<h3 style=\"font-size: 13px; margin: 0; padding: 0; line-height: 16px; color: #534438;\"><img loading=\"lazy\" decoding=\"async\" style=\"display: inline; float: left;\" src=\"http:\/\/dublineventguide.com\/dff\/admin\/images\/weekly.png\" alt=\"\" width=\"69\" height=\"16\" \/> 21:00 &#8211; 02:30, Fri 14 Mar<\/h3>\n<p style=\"font-size: 13px; color: #534438; line-height: 20px; margin: 0; padding-top: 0;\">Turks Head, 27 Parliament St, Dublin 2<\/p>\n<table width=\"100%\" cellspacing=\"0\" cellpadding=\"0\">\n<tbody>\n<tr>\n<td valign=\"top\">\n<div style=\"font-size: 13px; color: #534438; line-height: 20px;\">\n<p style=\"margin: 10px 0;\">&#8220;Ska &#8216;n&#8217; Reggae&#8221; is the theme in the Dive Bar (downstairs in Turks Head) every Friday. The Bionic Rats play live and the DJs Tommy Rash and Fukszy are on the decks until late. Admission is free.<\/p>\n<\/div>\n<div style=\"font-size: 13px; color: #534438; line-height: 20px;\"><\/div>\n<p style=\"font-size: 13px; color: #534438; line-height: 20px;\"><a style=\"color: #cc2979; text-decoration: none;\" href=\"https:\/\/www.facebook.com\/photo.php?fbid=10152000572877753\">https:\/\/www.facebook.com\/photo.php?fbid=10152000572877753<\/a><\/p>\n<\/td>\n<td valign=\"top\"><\/td>\n<\/tr>\n<\/tbody>\n<\/table>\n<\/td>\n<\/tr>\n<\/tbody>\n<\/table>\n<\/td>\n<\/tr>\n<\/tbody>\n<\/table>\n<table id=\"day_1394841600\" style=\"margin-top: 10px;\" width=\"100%\" cellspacing=\"0\" cellpadding=\"0\">\n<tbody>\n<tr style=\"background-color: #c20162; color: #fff;\">\n<td style=\"padding: 0; line-height: 1; height: 34px; overflow: hidden;\">\n<p style=\"width: 630px; padding-left: 30px; margin: 0; height: 34px; overflow: hidden; line-height: 34px;\"><a name=\"day_1394841600\"><\/a><strong>Saturday <\/strong> 15 Mar<\/p>\n<\/td>\n<td>\n<p style=\"margin: 0; line-height: 34px; padding: 0; font-size: 13px;\"><a style=\"color: #fff; text-decoration: none;\" href=\"#dff_top\">back to top<\/a><\/p>\n<\/td>\n<td>\n<p style=\"margin: 0; padding: 0; font-size: 13px;\"><a style=\"color: #fff; text-decoration: none;\" href=\"#dff_top\"><img loading=\"lazy\" decoding=\"async\" src=\"http:\/\/dublineventguide.com\/dff\/admin\/images\/dividers\/date_toplink.png\" alt=\"Back to top\" width=\"38\" height=\"34\" \/><\/a><\/p>\n<\/td>\n<td width=\"50\"><\/td>\n<\/tr>\n<\/tbody>\n<\/table>\n<table width=\"100%\" cellspacing=\"0\" cellpadding=\"0\">\n<tbody>\n<tr>\n<td style=\"padding: 10px 30px;\">\n<table width=\"100%\" cellspacing=\"0\" cellpadding=\"0\">\n<tbody>\n<tr>\n<td valign=\"top\" width=\"52\"><img loading=\"lazy\" decoding=\"async\" src=\"http:\/\/dublineventguide.com\/dff\/admin\/images\/categories\/MARKETS.png\" alt=\"\" width=\"32\" height=\"32\" \/><\/td>\n<td>\n<h2 style=\"font-size: 16px; color: #534438; margin: 0 0 5px; font-weight: normal;\">Car Boot Sales &#8211; Tallaght<\/h2>\n<h3 style=\"font-size: 13px; margin: 0; padding: 0; line-height: 16px; color: #534438;\"><img loading=\"lazy\" decoding=\"async\" style=\"display: inline; float: left;\" src=\"http:\/\/dublineventguide.com\/dff\/admin\/images\/weekly.png\" alt=\"\" width=\"69\" height=\"16\" \/> 08:00 &#8211; 12:00, Sat 15 Mar<\/h3>\n<p style=\"font-size: 13px; color: #534438; line-height: 20px; margin: 0; padding-top: 0;\">Tallaght Stadium, Whitestown Way, Tallaght, Co. Dublin<\/p>\n<table width=\"100%\" cellspacing=\"0\" cellpadding=\"0\">\n<tbody>\n<tr>\n<td valign=\"top\">\n<div style=\"font-size: 13px; color: #534438; line-height: 20px;\">\n<p style=\"margin: 10px 0;\">A weekly car boot sale, one of less than a handful that is still reliably taking place, has up to 200 cars\/sellers. The stadium is just a few minutes walk from the Red LUAS line stop and numerous bus stops. For traders the Car Boot Sale opens at 06:30 for buyers from 08:00. If you are interested in selling, check the details and register on their website.<\/p>\n<\/div>\n<div style=\"font-size: 13px; color: #534438; line-height: 20px;\"><\/div>\n<p style=\"font-size: 13px; color: #534438; line-height: 20px;\"><a style=\"color: #cc2979; text-decoration: none;\" href=\"http:\/\/www.irishcarboot.ie\/\">http:\/\/www.irishcarboot.ie\/<\/a><\/p>\n<\/td>\n<td valign=\"top\"><\/td>\n<\/tr>\n<\/tbody>\n<\/table>\n<\/td>\n<\/tr>\n<\/tbody>\n<\/table>\n<\/td>\n<\/tr>\n<\/tbody>\n<\/table>\n<table width=\"100%\" cellspacing=\"0\" cellpadding=\"0\">\n<tbody>\n<tr>\n<td style=\"padding: 10px 30px;\">\n<table width=\"100%\" cellspacing=\"0\" cellpadding=\"0\">\n<tbody>\n<tr>\n<td valign=\"top\" width=\"52\"><img loading=\"lazy\" decoding=\"async\" src=\"http:\/\/dublineventguide.com\/dff\/admin\/images\/categories\/MARKETS.png\" alt=\"\" width=\"32\" height=\"32\" \/><\/td>\n<td>\n<h2 style=\"font-size: 16px; color: #534438; margin: 0 0 5px; font-weight: normal;\">Honest2Goodness Food Market<\/h2>\n<h3 style=\"font-size: 13px; margin: 0; padding: 0; line-height: 16px; color: #534438;\"><img loading=\"lazy\" decoding=\"async\" style=\"display: inline; float: left;\" src=\"http:\/\/dublineventguide.com\/dff\/admin\/images\/weekly.png\" alt=\"\" width=\"69\" height=\"16\" \/> 09:30 &#8211; 16:00, Sat 15 Mar<\/h3>\n<p style=\"font-size: 13px; color: #534438; line-height: 20px; margin: 0; padding-top: 0;\">Honest2goodness, 136 Slaney Close, Dublin Industrial Estate, Glasnevin, Dublin 11<\/p>\n<table width=\"100%\" cellspacing=\"0\" cellpadding=\"0\">\n<tbody>\n<tr>\n<td valign=\"top\">\n<div style=\"font-size: 13px; color: #534438; line-height: 20px;\">\n<p style=\"margin: 10px 0;\">The weekly Honest2goodness food market in Glasnevin has fresh meat, vegetables, fish, baked goods, and wines. It is open from 09:30-16:00. It is behind Lidl in the Industrial Estate just after the Glasnevin Cemetary coming from the City Centre.<\/p>\n<\/div>\n<div style=\"font-size: 13px; color: #534438; line-height: 20px;\"><\/div>\n<p style=\"font-size: 13px; color: #534438; line-height: 20px;\"><a style=\"color: #cc2979; text-decoration: none;\" href=\"http:\/\/www.honest2goodness.ie\">http:\/\/www.honest2goodness.ie<\/a><\/p>\n<\/td>\n<td valign=\"top\"><\/td>\n<\/tr>\n<\/tbody>\n<\/table>\n<\/td>\n<\/tr>\n<\/tbody>\n<\/table>\n<\/td>\n<\/tr>\n<\/tbody>\n<\/table>\n<table width=\"100%\" cellspacing=\"0\" cellpadding=\"0\">\n<tbody>\n<tr>\n<td style=\"padding: 10px 30px;\">\n<table width=\"100%\" cellspacing=\"0\" cellpadding=\"0\">\n<tbody>\n<tr>\n<td valign=\"top\" width=\"52\"><img loading=\"lazy\" decoding=\"async\" src=\"http:\/\/dublineventguide.com\/dff\/admin\/images\/categories\/ACTIVITY.png\" alt=\"\" width=\"32\" height=\"32\" \/><\/td>\n<td>\n<h2 style=\"font-size: 16px; color: #534438; margin: 0 0 5px; font-weight: normal;\">Malahide Park Run (free)<\/h2>\n<h3 style=\"font-size: 13px; margin: 0; padding: 0; line-height: 16px; color: #534438;\"><img loading=\"lazy\" decoding=\"async\" style=\"display: inline; float: left;\" src=\"http:\/\/dublineventguide.com\/dff\/admin\/images\/weekly.png\" alt=\"\" width=\"69\" height=\"16\" \/> 09:30, Sat 15 Mar<\/h3>\n<p style=\"font-size: 13px; color: #534438; line-height: 20px; margin: 0; padding-top: 0;\">Malahide Park, Dublin Road, Malahide, Co. Dublin<\/p>\n<table width=\"100%\" cellspacing=\"0\" cellpadding=\"0\">\n<tbody>\n<tr>\n<td valign=\"top\">\n<div style=\"font-size: 13px; color: #534438; line-height: 20px;\">\n<p style=\"margin: 10px 0;\">Parkrun Ireland is organising free weekly runs in parks. It is a timed run over 5km and participation is completely free, but registration before your first parkrun is required.<\/p>\n<\/div>\n<div style=\"font-size: 13px; color: #534438; line-height: 20px;\"><\/div>\n<p style=\"font-size: 13px; color: #534438; line-height: 20px;\"><a style=\"color: #cc2979; text-decoration: none;\" href=\"http:\/\/www.parkrun.ie\/malahide\/\">http:\/\/www.parkrun.ie\/malahide\/<\/a><\/p>\n<\/td>\n<td valign=\"top\"><\/td>\n<\/tr>\n<\/tbody>\n<\/table>\n<\/td>\n<\/tr>\n<\/tbody>\n<\/table>\n<\/td>\n<\/tr>\n<\/tbody>\n<\/table>\n<table width=\"100%\" cellspacing=\"0\" cellpadding=\"0\">\n<tbody>\n<tr>\n<td style=\"padding: 10px 30px;\">\n<table width=\"100%\" cellspacing=\"0\" cellpadding=\"0\">\n<tbody>\n<tr>\n<td valign=\"top\" width=\"52\"><img loading=\"lazy\" decoding=\"async\" src=\"http:\/\/dublineventguide.com\/dff\/admin\/images\/categories\/MARKETS.png\" alt=\"\" width=\"32\" height=\"32\" \/><\/td>\n<td>\n<h2 style=\"font-size: 16px; color: #534438; margin: 0 0 5px; font-weight: normal;\">SuperNatural Food Market<\/h2>\n<h3 style=\"font-size: 13px; margin: 0; padding: 0; line-height: 16px; color: #534438;\"><img loading=\"lazy\" decoding=\"async\" style=\"display: inline; float: left;\" src=\"http:\/\/dublineventguide.com\/dff\/admin\/images\/weekly.png\" alt=\"\" width=\"69\" height=\"16\" \/> 09:30 &#8211; 15:30, Sat 15 Mar<\/h3>\n<p style=\"font-size: 13px; color: #534438; line-height: 20px; margin: 0; padding-top: 0;\">St. Andrews Resource Centre, 114 Pearse Street, Dublin 2<\/p>\n<table width=\"100%\" cellspacing=\"0\" cellpadding=\"0\">\n<tbody>\n<tr>\n<td valign=\"top\">\n<div style=\"font-size: 13px; color: #534438; line-height: 20px;\">\n<p style=\"margin: 10px 0;\">The SuperNatural Food Market is taking place every Saturday from 09:30-15:30 in St. Andrews Resource Centre in Pearse Street, Dublin 2.<\/p>\n<\/div>\n<div style=\"font-size: 13px; color: #534438; line-height: 20px;\"><\/div>\n<p style=\"font-size: 13px; color: #534438; line-height: 20px;\"><a style=\"color: #cc2979; text-decoration: none;\" href=\"http:\/\/www.supernatural.ie\">http:\/\/www.supernatural.ie<\/a><\/p>\n<\/td>\n<td valign=\"top\"><\/td>\n<\/tr>\n<\/tbody>\n<\/table>\n<\/td>\n<\/tr>\n<\/tbody>\n<\/table>\n<\/td>\n<\/tr>\n<\/tbody>\n<\/table>\n<table width=\"100%\" cellspacing=\"0\" cellpadding=\"0\">\n<tbody>\n<tr>\n<td style=\"padding: 10px 30px;\">\n<table width=\"100%\" cellspacing=\"0\" cellpadding=\"0\">\n<tbody>\n<tr>\n<td valign=\"top\" width=\"52\"><img loading=\"lazy\" decoding=\"async\" src=\"http:\/\/dublineventguide.com\/dff\/admin\/images\/categories\/MARKETS.png\" alt=\"\" width=\"32\" height=\"32\" \/><\/td>\n<td>\n<h2 style=\"font-size: 16px; color: #534438; margin: 0 0 5px; font-weight: normal;\">Belgard Weekend Market<\/h2>\n<h3 style=\"font-size: 13px; margin: 0; padding: 0; line-height: 16px; color: #534438;\"><img loading=\"lazy\" decoding=\"async\" style=\"display: inline; float: left;\" src=\"http:\/\/dublineventguide.com\/dff\/admin\/images\/weekly.png\" alt=\"\" width=\"69\" height=\"16\" \/> 10:00 &#8211; 17:00, Sat 15 Mar<\/h3>\n<p style=\"font-size: 13px; color: #534438; line-height: 20px; margin: 0; padding-top: 0;\">Belgard Road, Dublin 24<\/p>\n<table width=\"100%\" cellspacing=\"0\" cellpadding=\"0\">\n<tbody>\n<tr>\n<td valign=\"top\">\n<div style=\"font-size: 13px; color: #534438; line-height: 20px;\">\n<p style=\"margin: 10px 0;\">The Belgard Weekend Market is an indoor market with stalls with handcraft (incl. designer jewellery, aran jumpers and wool, christening robes and shawls, cards and cross stitch), household items, bric and brac, furniture, flowers, make-up, clothes, shoes, showers, upholstery, toys, kitchens, cafe, army memorabilia, collectors items, sweets, handbags books, blinds, party shop, tools and more.<\/p>\n<p style=\"margin: 10px 0;\">It is open every Saturday and Sunday and is located in the Glen Abbey complex (opposite Jacobs) on Belgard Road.<\/p>\n<\/div>\n<div style=\"font-size: 13px; color: #534438; line-height: 20px;\"><\/div>\n<p style=\"font-size: 13px; color: #534438; line-height: 20px;\"><a style=\"color: #cc2979; text-decoration: none;\" href=\"https:\/\/www.facebook.com\/belgardmarket\">https:\/\/www.facebook.com\/belgardmarket<\/a><\/p>\n<\/td>\n<td valign=\"top\"><\/td>\n<\/tr>\n<\/tbody>\n<\/table>\n<\/td>\n<\/tr>\n<\/tbody>\n<\/table>\n<\/td>\n<\/tr>\n<\/tbody>\n<\/table>\n<table width=\"100%\" cellspacing=\"0\" cellpadding=\"0\">\n<tbody>\n<tr>\n<td style=\"padding: 10px 30px;\">\n<table width=\"100%\" cellspacing=\"0\" cellpadding=\"0\">\n<tbody>\n<tr>\n<td valign=\"top\" width=\"52\"><img loading=\"lazy\" decoding=\"async\" src=\"http:\/\/dublineventguide.com\/dff\/admin\/images\/categories\/ACTIVITY.png\" alt=\"\" width=\"32\" height=\"32\" \/><\/td>\n<td>\n<h2 style=\"font-size: 16px; color: #534438; margin: 0 0 5px; font-weight: normal;\">Festival Treasure Hunt<\/h2>\n<h3 style=\"font-size: 13px; margin: 0; padding: 0; line-height: 16px; color: #534438;\">10:00 &#8211; 18:00, Sat 15 Mar<\/h3>\n<p style=\"font-size: 13px; color: #534438; line-height: 20px; margin: 0; padding-top: 0;\">Dublin (various locations)<\/p>\n<table width=\"100%\" cellspacing=\"0\" cellpadding=\"0\">\n<tbody>\n<tr>\n<td valign=\"top\">\n<div style=\"font-size: 13px; color: #534438; line-height: 20px;\">\n<p style=\"margin: 10px 0;\">The yearly Treasure Hunt for the whole family takes place again and has the theme &#8220;Explorers&#8221;. Discover Dublin on foot by solving clues while visiting Dublin sites. The Treasure Hunt takes about 2 hours to complete and the questions are usually super easy so that nobody is too challenged but can still have a bit of fun around Dublin. For families with younger kids a mini hunt is available (70min to complete).<\/p>\n<p style=\"margin: 10px 0;\">I took part a few times and enjoyed it much. The event is definitely suitable for the whole family, but I recommend that you plan in a lot more time than 2 hours if you want to spend a bit of time in the different locations that you visit (e.g. museums etc) to get your stamps.<\/p>\n<p style=\"margin: 10px 0;\">You can win some prizes, but I am still not certain HOW you win the prizes. It is NOT the first teams that win, it seems, but there are no explanations anywhere as to how you can win.<\/p>\n<p style=\"margin: 10px 0;\">You can register your team of four at City Hall on Sat between 10:00 and 14:00 (the website says 13:00, but the printed festival programme says 14:00) and you have then until 18:00 to finish it. Online registration is also possible.<\/p>\n<\/div>\n<div style=\"font-size: 13px; color: #534438; line-height: 20px;\"><\/div>\n<p style=\"font-size: 13px; color: #534438; line-height: 20px;\"><a style=\"color: #cc2979; text-decoration: none;\" href=\"http:\/\/www.stpatricksfestival.ie\/events\/event\/festival_treasure_hunt\">http:\/\/www.stpatricksfestival.ie\/events\/event\/festival_treasure_hunt<\/a><\/p>\n<\/td>\n<td valign=\"top\"><\/td>\n<\/tr>\n<\/tbody>\n<\/table>\n<\/td>\n<\/tr>\n<\/tbody>\n<\/table>\n<\/td>\n<\/tr>\n<\/tbody>\n<\/table>\n<table width=\"100%\" cellspacing=\"0\" cellpadding=\"0\">\n<tbody>\n<tr>\n<td style=\"padding: 10px 30px;\">\n<table width=\"100%\" cellspacing=\"0\" cellpadding=\"0\">\n<tbody>\n<tr>\n<td valign=\"top\" width=\"52\"><img loading=\"lazy\" decoding=\"async\" src=\"http:\/\/dublineventguide.com\/dff\/admin\/images\/categories\/ACTIVITY.png\" alt=\"\" width=\"32\" height=\"32\" \/><\/td>\n<td>\n<h2 style=\"font-size: 16px; color: #534438; margin: 0 0 5px; font-weight: normal;\">GPO Museum<\/h2>\n<h3 style=\"font-size: 13px; margin: 0; padding: 0; line-height: 16px; color: #534438;\">10:00 &#8211; 17:00, Sat 15 Mar<\/h3>\n<p style=\"font-size: 13px; color: #534438; line-height: 20px; margin: 0; padding-top: 0;\">GPO, O&#8217;Connell Street, Dublin 1<\/p>\n<table width=\"100%\" cellspacing=\"0\" cellpadding=\"0\">\n<tbody>\n<tr>\n<td valign=\"top\">\n<div style=\"font-size: 13px; color: #534438; line-height: 20px;\">\n<p style=\"margin: 10px 0;\">This Saturday admission to the GPO Museum will be free. (The musuem will be closed on Monday.)<\/p>\n<p style=\"margin: 10px 0;\">\n<\/div>\n<div style=\"font-size: 13px; color: #534438; line-height: 20px;\"><\/div>\n<p style=\"font-size: 13px; color: #534438; line-height: 20px;\"><a style=\"color: #cc2979; text-decoration: none;\" href=\"https:\/\/www.facebook.com\/pages\/An-Post-Museum-GPO-Dublin\/191139910918700\">https:\/\/www.facebook.com\/pages\/An-Post-Museum-GPO-Dublin\/191139910918700<\/a><\/p>\n<\/td>\n<td valign=\"top\"><\/td>\n<\/tr>\n<\/tbody>\n<\/table>\n<\/td>\n<\/tr>\n<\/tbody>\n<\/table>\n<\/td>\n<\/tr>\n<\/tbody>\n<\/table>\n<table width=\"100%\" cellspacing=\"0\" cellpadding=\"0\">\n<tbody>\n<tr>\n<td style=\"padding: 10px 30px;\">\n<table width=\"100%\" cellspacing=\"0\" cellpadding=\"0\">\n<tbody>\n<tr>\n<td valign=\"top\" width=\"52\"><img loading=\"lazy\" decoding=\"async\" src=\"http:\/\/dublineventguide.com\/dff\/admin\/images\/categories\/MARKETS.png\" alt=\"\" width=\"32\" height=\"32\" \/><\/td>\n<td>\n<h2 style=\"font-size: 16px; color: #534438; margin: 0 0 5px; font-weight: normal;\">Jamestown Market<\/h2>\n<h3 style=\"font-size: 13px; margin: 0; padding: 0; line-height: 16px; color: #534438;\"><img loading=\"lazy\" decoding=\"async\" style=\"display: inline; float: left;\" src=\"http:\/\/dublineventguide.com\/dff\/admin\/images\/weekly.png\" alt=\"\" width=\"69\" height=\"16\" \/> 10:00 &#8211; 17:00, Sat 15 Mar<\/h3>\n<p style=\"font-size: 13px; color: #534438; line-height: 20px; margin: 0; padding-top: 0;\">Jamestown Market, 90 Jamestown Road, Inchicore, Dublin 8<\/p>\n<table width=\"100%\" cellspacing=\"0\" cellpadding=\"0\">\n<tbody>\n<tr>\n<td valign=\"top\">\n<div style=\"font-size: 13px; color: #534438; line-height: 20px;\">\n<p style=\"margin: 10px 0;\">Jamestown Flea Market + Car Boot Sale takes place every Sat+Sun from 10:00-17:00. You can reach it from Tyrconnell Road and from Kylemore Road and it is within 3 min from Black Horse stop on the red Luas line. There is free parking.<\/p>\n<\/div>\n<div style=\"font-size: 13px; color: #534438; line-height: 20px;\"><\/div>\n<p style=\"font-size: 13px; color: #534438; line-height: 20px;\"><a style=\"color: #cc2979; text-decoration: none;\" href=\"http:\/\/www.jamestownmarket.com\/\">http:\/\/www.jamestownmarket.com\/<\/a><\/p>\n<\/td>\n<td valign=\"top\"><\/td>\n<\/tr>\n<\/tbody>\n<\/table>\n<\/td>\n<\/tr>\n<\/tbody>\n<\/table>\n<\/td>\n<\/tr>\n<\/tbody>\n<\/table>\n<table width=\"100%\" cellspacing=\"0\" cellpadding=\"0\">\n<tbody>\n<tr>\n<td style=\"padding: 10px 30px;\">\n<table width=\"100%\" cellspacing=\"0\" cellpadding=\"0\">\n<tbody>\n<tr>\n<td valign=\"top\" width=\"52\"><img loading=\"lazy\" decoding=\"async\" src=\"http:\/\/dublineventguide.com\/dff\/admin\/images\/categories\/MARKETS.png\" alt=\"\" width=\"32\" height=\"32\" \/><\/td>\n<td>\n<h2 style=\"font-size: 16px; color: #534438; margin: 0 0 5px; font-weight: normal;\">Merchants Market<\/h2>\n<h3 style=\"font-size: 13px; margin: 0; padding: 0; line-height: 16px; color: #534438;\"><img loading=\"lazy\" decoding=\"async\" style=\"display: inline; float: left;\" src=\"http:\/\/dublineventguide.com\/dff\/admin\/images\/weekly.png\" alt=\"\" width=\"69\" height=\"16\" \/> 10:00 &#8211; 16:30, Sat 15 Mar<\/h3>\n<p style=\"font-size: 13px; color: #534438; line-height: 20px; margin: 0; padding-top: 0;\">Merchants Yard, East Wall Road, Dublin 3<\/p>\n<table width=\"100%\" cellspacing=\"0\" cellpadding=\"0\">\n<tbody>\n<tr>\n<td valign=\"top\">\n<div style=\"font-size: 13px; color: #534438; line-height: 20px;\">\n<p style=\"margin: 10px 0;\">The Merchants Market on East Wall Road is a weekly indoors flea market on Saturdays and Sundays with more than 80 stalls in a big industrial hall. There is everything from furniture and antiques to paintings and mirrors, electronics and hot food to bicycles and buns. It is just a few minutes walk away from the Point Theatre\/O2 (walk in the direction of the Port Tunnel).<\/p>\n<\/div>\n<div style=\"font-size: 13px; color: #534438; line-height: 20px;\"><\/div>\n<p style=\"font-size: 13px; color: #534438; line-height: 20px;\"><a style=\"color: #cc2979; text-decoration: none;\" href=\"http:\/\/www.merchantsmarket.ie\/\">http:\/\/www.merchantsmarket.ie\/<\/a><\/p>\n<\/td>\n<td valign=\"top\"><\/td>\n<\/tr>\n<\/tbody>\n<\/table>\n<\/td>\n<\/tr>\n<\/tbody>\n<\/table>\n<\/td>\n<\/tr>\n<\/tbody>\n<\/table>\n<table width=\"100%\" cellspacing=\"0\" cellpadding=\"0\">\n<tbody>\n<tr>\n<td style=\"padding: 10px 30px;\">\n<table width=\"100%\" cellspacing=\"0\" cellpadding=\"0\">\n<tbody>\n<tr>\n<td valign=\"top\" width=\"52\"><img loading=\"lazy\" decoding=\"async\" src=\"http:\/\/dublineventguide.com\/dff\/admin\/images\/categories\/MARKETS.png\" alt=\"\" width=\"32\" height=\"32\" \/><\/td>\n<td>\n<h2 style=\"font-size: 16px; color: #534438; margin: 0 0 5px; font-weight: normal;\">Mother Redcap&#8217;s Indoor Market<\/h2>\n<h3 style=\"font-size: 13px; margin: 0; padding: 0; line-height: 16px; color: #534438;\"><img loading=\"lazy\" decoding=\"async\" style=\"display: inline; float: left;\" src=\"http:\/\/dublineventguide.com\/dff\/admin\/images\/weekly.png\" alt=\"\" width=\"69\" height=\"16\" \/> 10:00 &#8211; 17:30, Sat 15 Mar<\/h3>\n<p style=\"font-size: 13px; color: #534438; line-height: 20px; margin: 0; padding-top: 0;\">Unit 95, Malahide Road Industrial Park, Malahide Road, Coolock, Dublin 17<\/p>\n<table width=\"100%\" cellspacing=\"0\" cellpadding=\"0\">\n<tbody>\n<tr>\n<td valign=\"top\">\n<div style=\"font-size: 13px; color: #534438; line-height: 20px;\">\n<p style=\"margin: 10px 0;\">An indoor market in Coolock with over 40 traders with a wide range of goods and a caf\u00e9 on site as well.<\/p>\n<\/div>\n<div style=\"font-size: 13px; color: #534438; line-height: 20px;\"><\/div>\n<p style=\"font-size: 13px; color: #534438; line-height: 20px;\"><a style=\"color: #cc2979; text-decoration: none;\" href=\"https:\/\/www.facebook.com\/MotherRedcaps.Market\">https:\/\/www.facebook.com\/MotherRedcaps.Market<\/a><\/p>\n<\/td>\n<td valign=\"top\"><\/td>\n<\/tr>\n<\/tbody>\n<\/table>\n<\/td>\n<\/tr>\n<\/tbody>\n<\/table>\n<\/td>\n<\/tr>\n<\/tbody>\n<\/table>\n<table width=\"100%\" cellspacing=\"0\" cellpadding=\"0\">\n<tbody>\n<tr>\n<td style=\"padding: 10px 30px;\">\n<table width=\"100%\" cellspacing=\"0\" cellpadding=\"0\">\n<tbody>\n<tr>\n<td valign=\"top\" width=\"52\"><img loading=\"lazy\" decoding=\"async\" src=\"http:\/\/dublineventguide.com\/dff\/admin\/images\/categories\/ACTIVITY.png\" alt=\"\" width=\"32\" height=\"32\" \/><\/td>\n<td>\n<h2 style=\"font-size: 16px; color: #534438; margin: 0 0 5px; font-weight: normal;\">St. Patrick&#8217;s Weekend &#8211; I Love My City<\/h2>\n<h3 style=\"font-size: 13px; margin: 0; padding: 0; line-height: 16px; color: #534438;\">10:00, Sat 15 Mar<\/h3>\n<p style=\"font-size: 13px; color: #534438; line-height: 20px; margin: 0; padding-top: 0;\">Dublin (various locations)<\/p>\n<table width=\"100%\" cellspacing=\"0\" cellpadding=\"0\">\n<tbody>\n<tr>\n<td valign=\"top\">\n<div style=\"font-size: 13px; color: #534438; line-height: 20px;\">\n<p style=\"margin: 10px 0;\">The St. Patrick&#8217;s Festival takes place from 14-17 March and over the full four days the cultural programme &#8220;I Love My City&#8221; will run. There is a wide variety of events from music, via talks&amp;discussions to performances and screenings. I am listing all the events here (even for Sat, Sun and Mon) because places are limited and you need to register for many of them.<\/p>\n<p style=\"margin: 10px 0;\">The events are:<\/p>\n<p>Fri-Mon<br \/>\n+ &#8220;Dublin Then &amp; Now&#8221; &#8211; Exhibition of Dublin Painting &amp; Sketching Club &#8211; City Assembly House from 10:00<br \/>\n+ &#8220;Street Feelings&#8221; &#8211; Documentary Screening about Donal Dineen&#8217;s 1986 move from Kerry to Dublin &#8211; Hugh Lane Gallery at 10:00<br \/>\n+ &#8220;i&#8221; &#8211; Exhibition of work from photographer Eamonn Doyle about Dublin &#8211; The Library Project at 11:00<br \/>\n(No booking required for these three events! &#8220;Street Feelings&#8221; will not take place on Monday.)<\/p>\n<p>Friday 14 March<br \/>\n+ &#8220;One City, Many Cultures&#8221; &#8211; Milk &amp; Cookie Stories storytelling evening &#8211; National Gallery at 19:00<br \/>\n+ &#8220;Jape at the RHA&#8221; &#8211; Performance by Irish electronic-rock band Jape &#8211; RHA Gallery at 19:30<\/p>\n<p>Sat 15 March<br \/>\n+ &#8220;Remembering Luke Kelly&#8221; &#8211; Documentary Screening &#8211; O&#8217;Donoghues Bar at 10:00\/12:00<br \/>\n+ &#8220;Past Times&#8221; &#8211; Tour about literary figures &#8211; Marsh&#8217;s Library at 11:00\/12:00\/13:30\/15:00<br \/>\n+ &#8220;Dabledoo Music&#8221; &#8211; Multimedia experience for children &#8211; Little Museum of Dublin at 11:00\/12:15\/13:30<br \/>\n+ &#8220;I a Beckett Clown&#8221; &#8211; Workshop &#8211; The Warehouse at 11:00<br \/>\n+ &#8220;Banter: Irish Identity, Past, Present &amp; Future&#8221; &#8211; Discussion &#8211; Freemason&#8217;s Hall at 16:00<br \/>\n+ &#8220;The Enchanted Banquet&#8221; &#8211; Food, Music and performances &#8211; National Concert Hall at 19:00<br \/>\n+ &#8220;Dh\u00fais\u00edos Ar Maidin \/ Woke Up This Morning&#8221; &#8211; Imram Blues Poetry Project &#8211; RHA Gallery at 20:30<\/p>\n<p>Sun 16 Mar<br \/>\n+ &#8220;Document this&#8230;&#8221; &#8211; short documentaries, exploring the role of film as part of history &#8211; National Library at 18:00<br \/>\n+ &#8220;Waking Ned&#8221; &#8211; Film Screening &#8211; Grand Canal Dock at 19:30<\/p>\n<p>Mon 17 Mar<br \/>\n+ Solo Space &#8211; Concert with voice, clarinet and fiddle &#8211; Chapel Royal at 17:00\/19:00<br \/>\n+ Trad Trio &#8211; National Concert Hall at 19:30<\/p>\n<p style=\"margin: 10px 0;\">Admission to all events (except the Enchanted Banquet) is free, but places are limited and for many booking is required via the website below.<\/p>\n<\/div>\n<div style=\"font-size: 13px; color: #534438; line-height: 20px;\"><\/div>\n<p style=\"font-size: 13px; color: #534438; line-height: 20px;\"><a style=\"color: #cc2979; text-decoration: none;\" href=\"http:\/\/www.stpatricksfestival.ie\/events\/love-my-city\">http:\/\/www.stpatricksfestival.ie\/events\/love-my-city<\/a><\/p>\n<\/td>\n<td valign=\"top\"><\/td>\n<\/tr>\n<\/tbody>\n<\/table>\n<\/td>\n<\/tr>\n<\/tbody>\n<\/table>\n<\/td>\n<\/tr>\n<\/tbody>\n<\/table>\n<table width=\"100%\" cellspacing=\"0\" cellpadding=\"0\">\n<tbody>\n<tr>\n<td style=\"padding: 10px 30px;\">\n<table width=\"100%\" cellspacing=\"0\" cellpadding=\"0\">\n<tbody>\n<tr>\n<td valign=\"top\" width=\"52\"><img loading=\"lazy\" decoding=\"async\" src=\"http:\/\/dublineventguide.com\/dff\/admin\/images\/categories\/MARKETS.png\" alt=\"\" width=\"32\" height=\"32\" \/><\/td>\n<td>\n<h2 style=\"font-size: 16px; color: #534438; margin: 0 0 5px; font-weight: normal;\">Stables Market<\/h2>\n<h3 style=\"font-size: 13px; margin: 0; padding: 0; line-height: 16px; color: #534438;\"><img loading=\"lazy\" decoding=\"async\" style=\"display: inline; float: left;\" src=\"http:\/\/dublineventguide.com\/dff\/admin\/images\/weekly.png\" alt=\"\" width=\"69\" height=\"16\" \/> 10:00 &#8211; 18:00, Sat 15 Mar<\/h3>\n<p style=\"font-size: 13px; color: #534438; line-height: 20px; margin: 0; padding-top: 0;\">72 Thomas Street (between the Vicar St venue &amp; Cafe Notto), Dublin 8<\/p>\n<table width=\"100%\" cellspacing=\"0\" cellpadding=\"0\">\n<tbody>\n<tr>\n<td valign=\"top\">\n<div style=\"font-size: 13px; color: #534438; line-height: 20px;\">\n<p style=\"margin: 10px 0;\">A new market (flea\/vintage\/etc) with two caf\u00e9s has opened in the same location in Thomas Street where the Ferocious Mingle Market was before their move to Camden Street.<\/p>\n<p style=\"margin: 10px 0;\">The new market in 72 Thomas Street is called Stable Market and it is open from Thursday until Sunday from 10:00-18:00 every day. It seems there is neither a website nor a Facebook Page yet.<\/p>\n<\/div>\n<div style=\"font-size: 13px; color: #534438; line-height: 20px;\"><\/div>\n<\/td>\n<td valign=\"top\"><\/td>\n<\/tr>\n<\/tbody>\n<\/table>\n<\/td>\n<\/tr>\n<\/tbody>\n<\/table>\n<\/td>\n<\/tr>\n<\/tbody>\n<\/table>\n<table width=\"100%\" cellspacing=\"0\" cellpadding=\"0\">\n<tbody>\n<tr>\n<td style=\"padding: 10px 30px;\">\n<table width=\"100%\" cellspacing=\"0\" cellpadding=\"0\">\n<tbody>\n<tr>\n<td valign=\"top\" width=\"52\"><img loading=\"lazy\" decoding=\"async\" src=\"http:\/\/dublineventguide.com\/dff\/admin\/images\/categories\/MARKETS.png\" alt=\"\" width=\"32\" height=\"32\" \/><\/td>\n<td>\n<h2 style=\"font-size: 16px; color: #534438; margin: 0 0 5px; font-weight: normal;\">Temple Bar Food Market<\/h2>\n<h3 style=\"font-size: 13px; margin: 0; padding: 0; line-height: 16px; color: #534438;\"><img loading=\"lazy\" decoding=\"async\" style=\"display: inline; float: left;\" src=\"http:\/\/dublineventguide.com\/dff\/admin\/images\/weekly.png\" alt=\"\" width=\"69\" height=\"16\" \/> 10:00 &#8211; 16:30, Sat 15 Mar<\/h3>\n<p style=\"font-size: 13px; color: #534438; line-height: 20px; margin: 0; padding-top: 0;\">Meeting House Square, Temple Bar, Dublin 2<\/p>\n<table width=\"100%\" cellspacing=\"0\" cellpadding=\"0\">\n<tbody>\n<tr>\n<td valign=\"top\">\n<div style=\"font-size: 13px; color: #534438; line-height: 20px;\">\n<p style=\"margin: 10px 0;\">The Temple Bar Markets (Food Market on Meeting House Square, Book Market on Temple Bar Square and the Designer Mart near Cow&#8217;s Lane) are taking place every Saturday from 10:00-16:30.<\/p>\n<\/div>\n<div style=\"font-size: 13px; color: #534438; line-height: 20px;\"><\/div>\n<p style=\"font-size: 13px; color: #534438; line-height: 20px;\"><a style=\"color: #cc2979; text-decoration: none;\" href=\"http:\/\/www.templebar.ie\">http:\/\/www.templebar.ie<\/a><\/p>\n<\/td>\n<td valign=\"top\"><\/td>\n<\/tr>\n<\/tbody>\n<\/table>\n<\/td>\n<\/tr>\n<\/tbody>\n<\/table>\n<\/td>\n<\/tr>\n<\/tbody>\n<\/table>\n<table width=\"100%\" cellspacing=\"0\" cellpadding=\"0\">\n<tbody>\n<tr>\n<td style=\"padding: 10px 30px;\">\n<table width=\"100%\" cellspacing=\"0\" cellpadding=\"0\">\n<tbody>\n<tr>\n<td valign=\"top\" width=\"52\"><img loading=\"lazy\" decoding=\"async\" src=\"http:\/\/dublineventguide.com\/dff\/admin\/images\/categories\/TALKS.png\" alt=\"\" width=\"32\" height=\"32\" \/><\/td>\n<td>\n<h2 style=\"font-size: 16px; color: #534438; margin: 0 0 5px; font-weight: normal;\">Jobs Expo Dublin<\/h2>\n<h3 style=\"font-size: 13px; margin: 0; padding: 0; line-height: 16px; color: #534438;\">10:30 &#8211; 15:30, Sat 15 Mar<\/h3>\n<p style=\"font-size: 13px; color: #534438; line-height: 20px; margin: 0; padding-top: 0;\">Croke Park, Jones&#8217; Road, Dublin 3<\/p>\n<table width=\"100%\" cellspacing=\"0\" cellpadding=\"0\">\n<tbody>\n<tr>\n<td valign=\"top\">\n<div style=\"font-size: 13px; color: #534438; line-height: 20px;\">\n<p style=\"margin: 10px 0;\">A Jobs Expo will take place in Croke Park (Hogan Suite) on 14+15 March. There will be Career and CV advice, seminars, immigration advice and a whole range of employers will be represented.<\/p>\n<p style=\"margin: 10px 0;\">Admission is free and you can preregister here:<\/p>\n<p>+ Saturday: <a style=\"color: #cc2979; text-decoration: none;\" href=\"https:\/\/www.eventbrite.ie\/e\/jobs-expo-dublin-2014-saturday-tickets-8733164129?ref=devg\" target=\"_blank\">https:\/\/www.eventbrite.ie\/e\/jobs-expo-dublin-2014-saturday-tickets-8733164129?ref=devg<\/a><\/p>\n<\/div>\n<div style=\"font-size: 13px; color: #534438; line-height: 20px;\"><\/div>\n<p style=\"font-size: 13px; color: #534438; line-height: 20px;\"><a style=\"color: #cc2979; text-decoration: none;\" href=\"http:\/\/www.jobsexpo.ie\/\">http:\/\/www.jobsexpo.ie\/<\/a><\/p>\n<\/td>\n<td valign=\"top\"><\/td>\n<\/tr>\n<\/tbody>\n<\/table>\n<\/td>\n<\/tr>\n<\/tbody>\n<\/table>\n<\/td>\n<\/tr>\n<\/tbody>\n<\/table>\n<table width=\"100%\" cellspacing=\"0\" cellpadding=\"0\">\n<tbody>\n<tr>\n<td style=\"padding: 10px 30px;\">\n<table width=\"100%\" cellspacing=\"0\" cellpadding=\"0\">\n<tbody>\n<tr>\n<td valign=\"top\" width=\"52\"><img loading=\"lazy\" decoding=\"async\" src=\"http:\/\/dublineventguide.com\/dff\/admin\/images\/categories\/MARKETS.png\" alt=\"\" width=\"32\" height=\"32\" \/><\/td>\n<td>\n<h2 style=\"font-size: 16px; color: #534438; margin: 0 0 5px; font-weight: normal;\">Blackrock Market<\/h2>\n<h3 style=\"font-size: 13px; margin: 0; padding: 0; line-height: 16px; color: #534438;\"><img loading=\"lazy\" decoding=\"async\" style=\"display: inline; float: left;\" src=\"http:\/\/dublineventguide.com\/dff\/admin\/images\/weekly.png\" alt=\"\" width=\"69\" height=\"16\" \/> 11:00 &#8211; 17:30, Sat 15 Mar<\/h3>\n<p style=\"font-size: 13px; color: #534438; line-height: 20px; margin: 0; padding-top: 0;\">Blackrock Market, 19 Main Street, Blackrock, Co. Dublin<\/p>\n<table width=\"100%\" cellspacing=\"0\" cellpadding=\"0\">\n<tbody>\n<tr>\n<td valign=\"top\">\n<div style=\"font-size: 13px; color: #534438; line-height: 20px;\">\n<p>At the Blackrock Market in the centre of Blackrock, you&#8217;ll find 50 stalls selling collectibles, antiques, handmade goods, books, food &amp; there&#8217;s free popcorn, ballons &amp; facepainting for the kids.<br \/>\nOpen on Saturdays and Bank Holidays: 11:00-17:30, and Sundays: 12:00-17:30.<\/p>\n<\/div>\n<div style=\"font-size: 13px; color: #534438; line-height: 20px;\"><\/div>\n<p style=\"font-size: 13px; color: #534438; line-height: 20px;\"><a style=\"color: #cc2979; text-decoration: none;\" href=\"http:\/\/www.blackrockmarket.com\/\">http:\/\/www.blackrockmarket.com\/<\/a><\/p>\n<\/td>\n<td valign=\"top\"><\/td>\n<\/tr>\n<\/tbody>\n<\/table>\n<\/td>\n<\/tr>\n<\/tbody>\n<\/table>\n<\/td>\n<\/tr>\n<\/tbody>\n<\/table>\n<table width=\"100%\" cellspacing=\"0\" cellpadding=\"0\">\n<tbody>\n<tr>\n<td style=\"padding: 10px 30px;\">\n<table width=\"100%\" cellspacing=\"0\" cellpadding=\"0\">\n<tbody>\n<tr>\n<td valign=\"top\" width=\"52\"><img loading=\"lazy\" decoding=\"async\" src=\"http:\/\/dublineventguide.com\/dff\/admin\/images\/categories\/ACTIVITY.png\" alt=\"\" width=\"32\" height=\"32\" \/><\/td>\n<td>\n<h2 style=\"font-size: 16px; color: #534438; margin: 0 0 5px; font-weight: normal;\">Festival Funfairs<\/h2>\n<h3 style=\"font-size: 13px; margin: 0; padding: 0; line-height: 16px; color: #534438;\">11:00 &#8211; 22:00, Sat 15 Mar<\/h3>\n<p style=\"font-size: 13px; color: #534438; line-height: 20px; margin: 0; padding-top: 0;\">Dublin (various locations)<\/p>\n<table width=\"100%\" cellspacing=\"0\" cellpadding=\"0\">\n<tbody>\n<tr>\n<td valign=\"top\">\n<div style=\"font-size: 13px; color: #534438; line-height: 20px;\">\n<p style=\"margin: 10px 0;\">At Merrion Square and at Customs House Quay two St. Patrick&#8217;s Festival Funfairs will take place. Admission to the funfairs is free, but you obviously pay for the different activities\/rides.<\/p>\n<\/div>\n<div style=\"font-size: 13px; color: #534438; line-height: 20px;\"><\/div>\n<p style=\"font-size: 13px; color: #534438; line-height: 20px;\"><a style=\"color: #cc2979; text-decoration: none;\" href=\"http:\/\/www.stpatricksfestival.ie\/events\/event\/city_at_play_funfairs6\">http:\/\/www.stpatricksfestival.ie\/events\/event\/city_at_play_funfairs6<\/a><\/p>\n<\/td>\n<td valign=\"top\"><\/td>\n<\/tr>\n<\/tbody>\n<\/table>\n<\/td>\n<\/tr>\n<\/tbody>\n<\/table>\n<\/td>\n<\/tr>\n<\/tbody>\n<\/table>\n<table width=\"100%\" cellspacing=\"0\" cellpadding=\"0\">\n<tbody>\n<tr>\n<td style=\"padding: 10px 30px;\">\n<table width=\"100%\" cellspacing=\"0\" cellpadding=\"0\">\n<tbody>\n<tr>\n<td valign=\"top\" width=\"52\"><img loading=\"lazy\" decoding=\"async\" src=\"http:\/\/dublineventguide.com\/dff\/admin\/images\/categories\/MARKETS.png\" alt=\"\" width=\"32\" height=\"32\" \/><\/td>\n<td>\n<h2 style=\"font-size: 16px; color: #534438; margin: 0 0 5px; font-weight: normal;\">The Big Upcycle Pop Up Market<\/h2>\n<h3 style=\"font-size: 13px; margin: 0; padding: 0; line-height: 16px; color: #534438;\">11:00 &#8211; 18:00, Sat 15 Mar<\/h3>\n<p style=\"font-size: 13px; color: #534438; line-height: 20px; margin: 0; padding-top: 0;\">Old Fire Station, 190a Lower Rathmines Road, Rathmines, Dublin 6<\/p>\n<table width=\"100%\" cellspacing=\"0\" cellpadding=\"0\">\n<tbody>\n<tr>\n<td valign=\"top\">\n<div style=\"font-size: 13px; color: #534438; line-height: 20px;\">\n<p style=\"margin: 10px 0;\">The BIG Upcycle Pop Up Market showcases the best of Irelands Upcyclers under one roof.<\/p>\n<p style=\"margin: 10px 0;\">From fashion to furniture, gifts to art, everything for sale has been made from materials that may otherwise be considered useless but with a creativity, imagination and skill they have been transformed into high quality, high end products.<\/p>\n<p style=\"margin: 10px 0;\">The Mart in the Old Fire Station in Rathmines is hosting this market. Admission is free.<\/p>\n<\/div>\n<div style=\"font-size: 13px; color: #534438; line-height: 20px;\"><\/div>\n<p style=\"font-size: 13px; color: #534438; line-height: 20px;\"><a style=\"color: #cc2979; text-decoration: none;\" href=\"https:\/\/www.facebook.com\/events\/647071375349245\">https:\/\/www.facebook.com\/events\/647071375349245<\/a><\/p>\n<\/td>\n<td valign=\"top\"><\/td>\n<\/tr>\n<\/tbody>\n<\/table>\n<\/td>\n<\/tr>\n<\/tbody>\n<\/table>\n<\/td>\n<\/tr>\n<\/tbody>\n<\/table>\n<table width=\"100%\" cellspacing=\"0\" cellpadding=\"0\">\n<tbody>\n<tr>\n<td style=\"padding: 10px 30px;\">\n<table width=\"100%\" cellspacing=\"0\" cellpadding=\"0\">\n<tbody>\n<tr>\n<td valign=\"top\" width=\"52\"><img loading=\"lazy\" decoding=\"async\" src=\"http:\/\/dublineventguide.com\/dff\/admin\/images\/categories\/MARKETS.png\" alt=\"\" width=\"32\" height=\"32\" \/><\/td>\n<td>\n<h2 style=\"font-size: 16px; color: #534438; margin: 0 0 5px; font-weight: normal;\">The Ferocious Mingle Marcade<\/h2>\n<h3 style=\"font-size: 13px; margin: 0; padding: 0; line-height: 16px; color: #534438;\"><img loading=\"lazy\" decoding=\"async\" style=\"display: inline; float: left;\" src=\"http:\/\/dublineventguide.com\/dff\/admin\/images\/weekly.png\" alt=\"\" width=\"69\" height=\"16\" \/> 11:00 &#8211; 18:00, Sat 15 Mar<\/h3>\n<p style=\"font-size: 13px; color: #534438; line-height: 20px; margin: 0; padding-top: 0;\">60 Camden Street, Dublin 2<\/p>\n<table width=\"100%\" cellspacing=\"0\" cellpadding=\"0\">\n<tbody>\n<tr>\n<td valign=\"top\">\n<div style=\"font-size: 13px; color: #534438; line-height: 20px;\">\n<p style=\"margin: 10px 0;\">The Ferocious Mingle Marcade (Market and Arcade) is back in a new location. The Marcade is now in Camden Street next to Daintree Paper and opposite the Centra and off-license there. It takes place every Thurs-Sun and is a flea-market-type permanent market with stalls and &#8220;chalets&#8221; for traders.<\/p>\n<\/div>\n<div style=\"font-size: 13px; color: #534438; line-height: 20px;\"><\/div>\n<p style=\"font-size: 13px; color: #534438; line-height: 20px;\"><a style=\"color: #cc2979; text-decoration: none;\" href=\"https:\/\/www.facebook.com\/pages\/The-Ferocious-Mingle-Marcade\/232446616822953\">https:\/\/www.facebook.com\/pages\/The-Ferocious-Mingle-Marcade\/232446616822953<\/a><\/p>\n<\/td>\n<td valign=\"top\"><\/td>\n<\/tr>\n<\/tbody>\n<\/table>\n<\/td>\n<\/tr>\n<\/tbody>\n<\/table>\n<\/td>\n<\/tr>\n<\/tbody>\n<\/table>\n<table width=\"100%\" cellspacing=\"0\" cellpadding=\"0\">\n<tbody>\n<tr>\n<td style=\"padding: 10px 30px;\">\n<table width=\"100%\" cellspacing=\"0\" cellpadding=\"0\">\n<tbody>\n<tr>\n<td valign=\"top\" width=\"52\"><img loading=\"lazy\" decoding=\"async\" src=\"http:\/\/dublineventguide.com\/dff\/admin\/images\/categories\/TALKS.png\" alt=\"\" width=\"32\" height=\"32\" \/><\/td>\n<td>\n<h2 style=\"font-size: 16px; color: #534438; margin: 0 0 5px; font-weight: normal;\">National Gallery Talks<\/h2>\n<h3 style=\"font-size: 13px; margin: 0; padding: 0; line-height: 16px; color: #534438;\"><img loading=\"lazy\" decoding=\"async\" style=\"display: inline; float: left;\" src=\"http:\/\/dublineventguide.com\/dff\/admin\/images\/weekly.png\" alt=\"\" width=\"69\" height=\"16\" \/> 11:30 &#8211; 16:50, Sat 15 Mar<\/h3>\n<p style=\"font-size: 13px; color: #534438; line-height: 20px; margin: 0; padding-top: 0;\">National Gallery, Clare Street, Dublin 2<\/p>\n<table width=\"100%\" cellspacing=\"0\" cellpadding=\"0\">\n<tbody>\n<tr>\n<td valign=\"top\">\n<div style=\"font-size: 13px; color: #534438; line-height: 20px;\">\n<p style=\"margin: 10px 0;\">The National Gallery has an extensive programme of free talks, public tours and Art Documentary screenings focusing on highlights of the European and Irish Collection every day of the week. Check their website for details.<\/p>\n<\/div>\n<div style=\"font-size: 13px; color: #534438; line-height: 20px;\"><\/div>\n<p style=\"font-size: 13px; color: #534438; line-height: 20px;\"><a style=\"color: #cc2979; text-decoration: none;\" href=\"http:\/\/nationalgallery.ie\/whatson\">http:\/\/nationalgallery.ie\/whatson<\/a><\/p>\n<\/td>\n<td valign=\"top\"><\/td>\n<\/tr>\n<\/tbody>\n<\/table>\n<\/td>\n<\/tr>\n<\/tbody>\n<\/table>\n<\/td>\n<\/tr>\n<\/tbody>\n<\/table>\n<table width=\"100%\" cellspacing=\"0\" cellpadding=\"0\">\n<tbody>\n<tr>\n<td style=\"padding: 10px 30px;\">\n<table width=\"100%\" cellspacing=\"0\" cellpadding=\"0\">\n<tbody>\n<tr>\n<td valign=\"top\" width=\"52\"><img loading=\"lazy\" decoding=\"async\" src=\"http:\/\/dublineventguide.com\/dff\/admin\/images\/categories\/ACTIVITY.png\" alt=\"\" width=\"32\" height=\"32\" \/><\/td>\n<td>\n<h2 style=\"font-size: 16px; color: #534438; margin: 0 0 5px; font-weight: normal;\">Powerscourt Townhouse St. Patrick&#8217;s Festival<\/h2>\n<h3 style=\"font-size: 13px; margin: 0; padding: 0; line-height: 16px; color: #534438;\">11:30, Sat 15 Mar<\/h3>\n<p style=\"font-size: 13px; color: #534438; line-height: 20px; margin: 0; padding-top: 0;\">Powerscourt Centre, 59 South William Street, Dublin 2<\/p>\n<table width=\"100%\" cellspacing=\"0\" cellpadding=\"0\">\n<tbody>\n<tr>\n<td valign=\"top\">\n<div style=\"font-size: 13px; color: #534438; line-height: 20px;\">\n<p style=\"margin: 10px 0;\">A number of St. Patrick&#8217;s Festival events take place in the Powerscourt Townhouse:<\/p>\n<p>Sat: 15 March:<br \/>\n11:30 Free Tour of the Centre (meet at information desk)<br \/>\n12:30 Corus Choir<br \/>\n14:30 Hop Up Irish Dancing in Powerscourt Theatre (2nd floor)<\/p>\n<p>Sun 16 March:<br \/>\n12:30 Corus Choir<br \/>\n15:00 Hop Up Irish Dancing in Powerscourt Theatre (2nd floor)<br \/>\n14:30-16:30 Traditional Irish Music<\/p>\n<p>Mon 17 March:<br \/>\n13:00+15:00 Mo Hat Mo Gheansai &#8211; Performance<br \/>\n12:30-16:00 Face Painting &amp; Balloon Sculpting<br \/>\n13:00+15:00 Free Tours of the Centre (meet at information desk)<br \/>\n14:30 +16:30 Irish Dancing (couryard stage)<br \/>\n15:00 Hop Up Irish Dancing in Powerscourt Theatre (2nd floor)<\/p>\n<p style=\"margin: 10px 0;\">Admission is free to all events.<\/p>\n<\/div>\n<div style=\"font-size: 13px; color: #534438; line-height: 20px;\"><\/div>\n<p style=\"font-size: 13px; color: #534438; line-height: 20px;\"><a style=\"color: #cc2979; text-decoration: none;\" href=\"http:\/\/www.powerscourtcentre.ie\/category\/events\/\">http:\/\/www.powerscourtcentre.ie\/category\/events\/<\/a><\/p>\n<\/td>\n<td valign=\"top\"><\/td>\n<\/tr>\n<\/tbody>\n<\/table>\n<\/td>\n<\/tr>\n<\/tbody>\n<\/table>\n<\/td>\n<\/tr>\n<\/tbody>\n<\/table>\n<table width=\"100%\" cellspacing=\"0\" cellpadding=\"0\">\n<tbody>\n<tr>\n<td style=\"padding: 10px 30px;\">\n<table width=\"100%\" cellspacing=\"0\" cellpadding=\"0\">\n<tbody>\n<tr>\n<td valign=\"top\" width=\"52\"><img loading=\"lazy\" decoding=\"async\" src=\"http:\/\/dublineventguide.com\/dff\/admin\/images\/categories\/ACTIVITY.png\" alt=\"\" width=\"32\" height=\"32\" \/><\/td>\n<td>\n<h2 style=\"font-size: 16px; color: #534438; margin: 0 0 5px; font-weight: normal;\">Clerys Heritage Gallery &#8211; Launch<\/h2>\n<h3 style=\"font-size: 13px; margin: 0; padding: 0; line-height: 16px; color: #534438;\">12:00, Sat 15 Mar<\/h3>\n<p style=\"font-size: 13px; color: #534438; line-height: 20px; margin: 0; padding-top: 0;\">Clerys Department Store, O&#8217;Connell Street, Dublin 1<\/p>\n<table width=\"100%\" cellspacing=\"0\" cellpadding=\"0\">\n<tbody>\n<tr>\n<td valign=\"top\">\n<div style=\"font-size: 13px; color: #534438; line-height: 20px;\">\n<p style=\"margin: 10px 0;\">Clerys are officially opening their new Heritage Gallery on the 2nd floor of the department store in O&#8217;Connell Street and you are invited to the opening. The gallery pays homage to the rich and illustrious 160 year history of the iconic Dublin department store.<\/p>\n<p style=\"margin: 10px 0;\">Admission to the gallery on Sunday and afterwards is free.<\/p>\n<\/div>\n<div style=\"font-size: 13px; color: #534438; line-height: 20px;\"><\/div>\n<p style=\"font-size: 13px; color: #534438; line-height: 20px;\"><a style=\"color: #cc2979; text-decoration: none;\" href=\"https:\/\/www.facebook.com\/clerysdepartmentstore\">https:\/\/www.facebook.com\/clerysdepartmentstore<\/a><\/p>\n<\/td>\n<td valign=\"top\"><\/td>\n<\/tr>\n<\/tbody>\n<\/table>\n<\/td>\n<\/tr>\n<\/tbody>\n<\/table>\n<\/td>\n<\/tr>\n<\/tbody>\n<\/table>\n<table width=\"100%\" cellspacing=\"0\" cellpadding=\"0\">\n<tbody>\n<tr>\n<td style=\"padding: 10px 30px;\">\n<table width=\"100%\" cellspacing=\"0\" cellpadding=\"0\">\n<tbody>\n<tr>\n<td valign=\"top\" width=\"52\"><img loading=\"lazy\" decoding=\"async\" src=\"http:\/\/dublineventguide.com\/dff\/admin\/images\/categories\/ACTIVITY.png\" alt=\"\" width=\"32\" height=\"32\" \/><\/td>\n<td>\n<h2 style=\"font-size: 16px; color: #534438; margin: 0 0 5px; font-weight: normal;\">Fail Better &#8211; Science Gallery Exhibition<\/h2>\n<h3 style=\"font-size: 13px; margin: 0; padding: 0; line-height: 16px; color: #534438;\"><img loading=\"lazy\" decoding=\"async\" style=\"display: inline; float: left;\" src=\"http:\/\/dublineventguide.com\/dff\/admin\/images\/weekly.png\" alt=\"\" width=\"69\" height=\"16\" \/> 12:00 &#8211; 18:00, Sat 15 Mar<\/h3>\n<p style=\"font-size: 13px; color: #534438; line-height: 20px; margin: 0; padding-top: 0;\">Science Gallery, Pearse Street, TCD, Dublin 2<\/p>\n<table width=\"100%\" cellspacing=\"0\" cellpadding=\"0\">\n<tbody>\n<tr>\n<td valign=\"top\">\n<div style=\"font-size: 13px; color: #534438; line-height: 20px;\">\n<p style=\"margin: 10px 0;\">The newest Science Gallery exhibition has the theme &#8220;Fail Better&#8221; and it will run from 07 Feb &#8211; 27 Apr. The title comes from Samuel Beckett&#8217;s &#8220;Ever tried. Ever failed. No matter. Try again. Fail again. Fail better.&#8221; and the exhibition looks at beautiful and instructive failures. The purpose is to open up a debate on the essential role of failure in human creativity, in technology, science, design, business and sport.<\/p>\n<p style=\"margin: 10px 0;\">20 unique exhibits, from a pair of explorer boots that caused Ranulph Fiennes to fail in an Everest attempt, via Christopher Reeve&#8217;s (Superman) original wheelchair, to a full-scale reconstruction of the the world&#8217;s worst or maddest invention: a big table that is meant to assist childbirth using centrifugal force.<\/p>\n<p style=\"margin: 10px 0;\">I visited the exhibition and I definitely recommend it. Age-wise, I would think that it is suitable for children from Age 12\/13 as long as the parents are prepared to read a good bit of explanatory text and then &#8220;translate&#8221; it for their children. There is no overly complicated stuff, but most of the exhibits are not self-explanatory. But there is a strong reason for bringing your kids: We have in general a negative attitude to Failure. This exhibition will help you to change that!<\/p>\n<p style=\"margin: 10px 0;\">Admission is free and opening hours are Tues-Fri 12:00-20:00 and Sat+Sun 12:00-18:00.<\/p>\n<\/div>\n<div style=\"font-size: 13px; color: #534438; line-height: 20px;\"><\/div>\n<p style=\"font-size: 13px; color: #534438; line-height: 20px;\"><a style=\"color: #cc2979; text-decoration: none;\" href=\"http:\/\/www.sciencegallery.com\/failbetter\">http:\/\/www.sciencegallery.com\/failbetter<\/a><\/p>\n<\/td>\n<td valign=\"top\"><\/td>\n<\/tr>\n<\/tbody>\n<\/table>\n<\/td>\n<\/tr>\n<\/tbody>\n<\/table>\n<\/td>\n<\/tr>\n<\/tbody>\n<\/table>\n<table width=\"100%\" cellspacing=\"0\" cellpadding=\"0\">\n<tbody>\n<tr>\n<td style=\"padding: 10px 30px;\">\n<table width=\"100%\" cellspacing=\"0\" cellpadding=\"0\">\n<tbody>\n<tr>\n<td valign=\"top\" width=\"52\"><img loading=\"lazy\" decoding=\"async\" src=\"http:\/\/dublineventguide.com\/dff\/admin\/images\/categories\/MARKETS.png\" alt=\"\" width=\"32\" height=\"32\" \/><\/td>\n<td>\n<h2 style=\"font-size: 16px; color: #534438; margin: 0 0 5px; font-weight: normal;\">Ha&#8217;penny Flea Market<\/h2>\n<h3 style=\"font-size: 13px; margin: 0; padding: 0; line-height: 16px; color: #534438;\"><img loading=\"lazy\" decoding=\"async\" style=\"display: inline; float: left;\" src=\"http:\/\/dublineventguide.com\/dff\/admin\/images\/weekly.png\" alt=\"\" width=\"69\" height=\"16\" \/> 12:00 &#8211; 18:00, Sat 15 Mar<\/h3>\n<p style=\"font-size: 13px; color: #534438; line-height: 20px; margin: 0; padding-top: 0;\">Grand Social, 35 Lower Liffey Street (near Ha&#8217;Penny Bridge), Dublin 1<\/p>\n<table width=\"100%\" cellspacing=\"0\" cellpadding=\"0\">\n<tbody>\n<tr>\n<td valign=\"top\">\n<div style=\"font-size: 13px; color: #534438; line-height: 20px;\">\n<p style=\"margin: 10px 0;\">The weekly Ha&#8217;penny Flea Market is an indoor market in the Grand Social Pub, which offers vintage Men and Women&#8217;s clothing, contemporary crafts, books, DVDs, vinyl records, vintage and handmade jewellery, vintage hair styles, art, photography and much more. Grand Social&#8217;s Bar and Gourmet Coffee options are available.<\/p>\n<\/div>\n<div style=\"font-size: 13px; color: #534438; line-height: 20px;\"><\/div>\n<p style=\"font-size: 13px; color: #534438; line-height: 20px;\"><a style=\"color: #cc2979; text-decoration: none;\" href=\"http:\/\/www.thegrandsocial.ie\/\">http:\/\/www.thegrandsocial.ie\/<\/a><\/p>\n<\/td>\n<td valign=\"top\"><\/td>\n<\/tr>\n<\/tbody>\n<\/table>\n<\/td>\n<\/tr>\n<\/tbody>\n<\/table>\n<\/td>\n<\/tr>\n<\/tbody>\n<\/table>\n<table width=\"100%\" cellspacing=\"0\" cellpadding=\"0\">\n<tbody>\n<tr>\n<td style=\"padding: 10px 30px;\">\n<table width=\"100%\" cellspacing=\"0\" cellpadding=\"0\">\n<tbody>\n<tr>\n<td valign=\"top\" width=\"52\"><img loading=\"lazy\" decoding=\"async\" src=\"http:\/\/dublineventguide.com\/dff\/admin\/images\/categories\/ACTIVITY.png\" alt=\"\" width=\"32\" height=\"32\" \/><\/td>\n<td>\n<h2 style=\"font-size: 16px; color: #534438; margin: 0 0 5px; font-weight: normal;\">Music &amp; Street Performances<\/h2>\n<h3 style=\"font-size: 13px; margin: 0; padding: 0; line-height: 16px; color: #534438;\">12:30 &#8211; 20:00, Sat 15 Mar<\/h3>\n<p style=\"font-size: 13px; color: #534438; line-height: 20px; margin: 0; padding-top: 0;\">Dublin (various locations)<\/p>\n<table width=\"100%\" cellspacing=\"0\" cellpadding=\"0\">\n<tbody>\n<tr>\n<td valign=\"top\">\n<div style=\"font-size: 13px; color: #534438; line-height: 20px;\">\n<p style=\"margin: 10px 0;\">On Sat + Sun Music and Street Performances will take place in a variety of locations throughout Dublin:<\/p>\n<p>Powerscourt Centre: 12:30-13:15 (Sat+Sun)<br \/>\nSouth King Street: 13:30-18:30 (Sat+Sun)<br \/>\nStephen&#8217;s Green Shopping Centre: 14:00-14:45 (Sat+Sun)<\/p>\n<p>St. Stephen&#8217;s Green North: 13:30-14:00 + 14:30-15:00 (Saturday only)<br \/>\nDame Court Music Stage: 15:00-20:00 (Sunday only)<\/p>\n<\/div>\n<div style=\"font-size: 13px; color: #534438; line-height: 20px;\"><\/div>\n<p style=\"font-size: 13px; color: #534438; line-height: 20px;\"><a style=\"color: #cc2979; text-decoration: none;\" href=\"http:\/\/www.stpatricksfestival.ie\/events\/event\/music_street_performance21\">http:\/\/www.stpatricksfestival.ie\/events\/event\/music_street_performance21<\/a><\/p>\n<\/td>\n<td valign=\"top\"><\/td>\n<\/tr>\n<\/tbody>\n<\/table>\n<\/td>\n<\/tr>\n<\/tbody>\n<\/table>\n<\/td>\n<\/tr>\n<\/tbody>\n<\/table>\n<table width=\"100%\" cellspacing=\"0\" cellpadding=\"0\">\n<tbody>\n<tr>\n<td style=\"padding: 10px 30px;\">\n<table width=\"100%\" cellspacing=\"0\" cellpadding=\"0\">\n<tbody>\n<tr>\n<td valign=\"top\" width=\"52\"><img loading=\"lazy\" decoding=\"async\" src=\"http:\/\/dublineventguide.com\/dff\/admin\/images\/categories\/FILM.png\" alt=\"\" width=\"32\" height=\"32\" \/><\/td>\n<td>\n<h2 style=\"font-size: 16px; color: #534438; margin: 0 0 5px; font-weight: normal;\">Archive at Lunchtime &#8211; IFI<\/h2>\n<h3 style=\"font-size: 13px; margin: 0; padding: 0; line-height: 16px; color: #534438;\"><img loading=\"lazy\" decoding=\"async\" style=\"display: inline; float: left;\" src=\"http:\/\/dublineventguide.com\/dff\/admin\/images\/weekly.png\" alt=\"\" width=\"69\" height=\"16\" \/> 13:00, Sat 15 Mar<\/h3>\n<p style=\"font-size: 13px; color: #534438; line-height: 20px; margin: 0; padding-top: 0;\">Irish Film Institute, 6 Eustace Street, Temple Bar, Dublin 2<\/p>\n<table width=\"100%\" cellspacing=\"0\" cellpadding=\"0\">\n<tbody>\n<tr>\n<td valign=\"top\">\n<div style=\"font-size: 13px; color: #534438; line-height: 20px;\">\n<p>Archive at Lunchtime screenings take place Saturdays (Double Bill), Mondays and Wednesdays. The programme is changing weekly now (instead of monthly as in the past). To find out what film(s) will be screened go to <a style=\"color: #cc2979; text-decoration: none;\" href=\"http:\/\/www.ifi.ie\/whatson\/now-showing-coming-soon\/\">http:\/\/www.ifi.ie\/whatson\/now-showing-coming-soon\/<\/a> and look for &#8220;Archive at Lunchtime&#8221; on the right. Admission is free.<\/p>\n<\/div>\n<div style=\"font-size: 13px; color: #534438; line-height: 20px;\"><\/div>\n<p style=\"font-size: 13px; color: #534438; line-height: 20px;\"><a style=\"color: #cc2979; text-decoration: none;\" href=\"http:\/\/www.ifi.ie\/\">http:\/\/www.ifi.ie\/<\/a><\/p>\n<\/td>\n<td valign=\"top\"><\/td>\n<\/tr>\n<\/tbody>\n<\/table>\n<\/td>\n<\/tr>\n<\/tbody>\n<\/table>\n<\/td>\n<\/tr>\n<\/tbody>\n<\/table>\n<table width=\"100%\" cellspacing=\"0\" cellpadding=\"0\">\n<tbody>\n<tr>\n<td style=\"padding: 10px 30px;\">\n<table width=\"100%\" cellspacing=\"0\" cellpadding=\"0\">\n<tbody>\n<tr>\n<td valign=\"top\" width=\"52\"><img loading=\"lazy\" decoding=\"async\" src=\"http:\/\/dublineventguide.com\/dff\/admin\/images\/categories\/ACTIVITY.png\" alt=\"\" width=\"32\" height=\"32\" \/><\/td>\n<td>\n<h2 style=\"font-size: 16px; color: #534438; margin: 0 0 5px; font-weight: normal;\">Chester Beatty &#8211; Irish Tour<\/h2>\n<h3 style=\"font-size: 13px; margin: 0; padding: 0; line-height: 16px; color: #534438;\">14:00, Sat 15 Mar<\/h3>\n<p style=\"font-size: 13px; color: #534438; line-height: 20px; margin: 0; padding-top: 0;\">Chester Beatty Library, Gardens of Dublin Castle, Dublin 2<\/p>\n<table width=\"100%\" cellspacing=\"0\" cellpadding=\"0\">\n<tbody>\n<tr>\n<td valign=\"top\">\n<div style=\"font-size: 13px; color: #534438; line-height: 20px;\">\n<p style=\"margin: 10px 0;\">An Irish language tour with Jack Fitzgerald takes place. Admission is free and no booking is required.<\/p>\n<\/div>\n<div style=\"font-size: 13px; color: #534438; line-height: 20px;\"><\/div>\n<p style=\"font-size: 13px; color: #534438; line-height: 20px;\"><a style=\"color: #cc2979; text-decoration: none;\" href=\"http:\/\/www.cbl.ie\/Programme---Events\/Events-Schedule.aspx\">http:\/\/www.cbl.ie\/Programme&#8212;Events\/Events-Schedule.aspx<\/a><\/p>\n<\/td>\n<td valign=\"top\"><\/td>\n<\/tr>\n<\/tbody>\n<\/table>\n<\/td>\n<\/tr>\n<\/tbody>\n<\/table>\n<\/td>\n<\/tr>\n<\/tbody>\n<\/table>\n<table width=\"100%\" cellspacing=\"0\" cellpadding=\"0\">\n<tbody>\n<tr>\n<td style=\"padding: 10px 30px;\">\n<table width=\"100%\" cellspacing=\"0\" cellpadding=\"0\">\n<tbody>\n<tr>\n<td valign=\"top\" width=\"52\"><img loading=\"lazy\" decoding=\"async\" src=\"http:\/\/dublineventguide.com\/dff\/admin\/images\/categories\/ACTIVITY.png\" alt=\"\" width=\"32\" height=\"32\" \/><\/td>\n<td>\n<h2 style=\"font-size: 16px; color: #534438; margin: 0 0 5px; font-weight: normal;\">St. Patrick Weekend Poker Festival<\/h2>\n<h3 style=\"font-size: 13px; margin: 0; padding: 0; line-height: 16px; color: #534438;\">14:00, Sat 15 Mar<\/h3>\n<p style=\"font-size: 13px; color: #534438; line-height: 20px; margin: 0; padding-top: 0;\">Regency Airport Hotel, Swords Road, Whitehall, Dublin 9<\/p>\n<table width=\"100%\" cellspacing=\"0\" cellpadding=\"0\">\n<tbody>\n<tr>\n<td valign=\"top\">\n<div style=\"font-size: 13px; color: #534438; line-height: 20px;\">\n<p style=\"margin: 10px 0;\">No no, a Poker Festival is not a new addition dreamt up by the St. Patrick&#8217;s Day Festival organisers, it is a separate event, but with so many Poker enthusiasts in Ireland, it could be quite popular. Now, you don&#8217;t imagine that a Poker Festival would be free, but I am assure that the viewing part is free. So if you want to go to the festival and view and experiece you doN#t have to pay anything, but if you want to play, obviously there are charges.<\/p>\n<p style=\"margin: 10px 0;\">Between 100-250 players will take part in this 2-day festival from 14:00 each day. Check the details out on the websites here:<\/p>\n<p><a style=\"color: #cc2979; text-decoration: none;\" href=\"https:\/\/www.facebook.com\/LsEventsPromotions\">https:\/\/www.facebook.com\/LsEventsPromotions<\/a><br \/>\n<a style=\"color: #cc2979; text-decoration: none;\" href=\"http:\/\/www.irishpokerboards.com\/forum\/showthread.php?t=18503\">http:\/\/www.irishpokerboards.com\/forum\/showthread.php?t=18503<\/a><\/p>\n<\/div>\n<div style=\"font-size: 13px; color: #534438; line-height: 20px;\"><\/div>\n<\/td>\n<td valign=\"top\"><\/td>\n<\/tr>\n<\/tbody>\n<\/table>\n<\/td>\n<\/tr>\n<\/tbody>\n<\/table>\n<\/td>\n<\/tr>\n<\/tbody>\n<\/table>\n<table width=\"100%\" cellspacing=\"0\" cellpadding=\"0\">\n<tbody>\n<tr>\n<td style=\"padding: 10px 30px;\">\n<table width=\"100%\" cellspacing=\"0\" cellpadding=\"0\">\n<tbody>\n<tr>\n<td valign=\"top\" width=\"52\"><img loading=\"lazy\" decoding=\"async\" src=\"http:\/\/dublineventguide.com\/dff\/admin\/images\/categories\/ACTIVITY.png\" alt=\"\" width=\"32\" height=\"32\" \/><\/td>\n<td>\n<h2 style=\"font-size: 16px; color: #534438; margin: 0 0 5px; font-weight: normal;\">&#8220;My Favourites&#8221; &#8211; Walking Tour<\/h2>\n<h3 style=\"font-size: 13px; margin: 0; padding: 0; line-height: 16px; color: #534438;\"><img loading=\"lazy\" decoding=\"async\" style=\"display: inline; float: left;\" src=\"http:\/\/dublineventguide.com\/dff\/admin\/images\/weekly.png\" alt=\"\" width=\"69\" height=\"16\" \/> 14:30 &#8211; 16:30, Sat 15 Mar<\/h3>\n<p style=\"font-size: 13px; color: #534438; line-height: 20px; margin: 0; padding-top: 0;\">Spire, O&#8217;Connell Street, Dublin 1<\/p>\n<table width=\"100%\" cellspacing=\"0\" cellpadding=\"0\">\n<tbody>\n<tr>\n<td valign=\"top\">\n<div style=\"font-size: 13px; color: #534438; line-height: 20px;\">\n<p style=\"margin: 10px 0;\">&#8220;These Are a Few of My Favourite Things&#8221; is the title of a Walking Tour that Emily Gallagher will run every Saturday. It will be an Alternative Arts and Culture Trail and she will bring you to &#8220;Dublin\u2019s Best Cafes, Bars, Markets, Unusual Stores, Galleries, Theatres, Arts Spaces, and more! And hear some tales you\u2019ve never heard before!&#8221;<\/p>\n<p style=\"margin: 10px 0;\">Meeting point is at the Spire. The tours are free but donations are welcome and booking is required via egaldog@gmail.com or 085-2725095<\/p>\n<\/div>\n<div style=\"font-size: 13px; color: #534438; line-height: 20px;\"><\/div>\n<\/td>\n<td valign=\"top\"><\/td>\n<\/tr>\n<\/tbody>\n<\/table>\n<\/td>\n<\/tr>\n<\/tbody>\n<\/table>\n<\/td>\n<\/tr>\n<\/tbody>\n<\/table>\n<table width=\"100%\" cellspacing=\"0\" cellpadding=\"0\">\n<tbody>\n<tr>\n<td style=\"padding: 10px 30px;\">\n<table width=\"100%\" cellspacing=\"0\" cellpadding=\"0\">\n<tbody>\n<tr>\n<td valign=\"top\" width=\"52\"><img loading=\"lazy\" decoding=\"async\" src=\"http:\/\/dublineventguide.com\/dff\/admin\/images\/categories\/MUSIC.png\" alt=\"\" width=\"32\" height=\"32\" \/><\/td>\n<td>\n<h2 style=\"font-size: 16px; color: #534438; margin: 0 0 5px; font-weight: normal;\">Live on the Green<\/h2>\n<h3 style=\"font-size: 13px; margin: 0; padding: 0; line-height: 16px; color: #534438;\">16:30 &#8211; 19:30, Sat 15 Mar<\/h3>\n<p style=\"font-size: 13px; color: #534438; line-height: 20px; margin: 0; padding-top: 0;\">St. Stephen&#8217;s Green, Dublin 2<\/p>\n<table width=\"100%\" cellspacing=\"0\" cellpadding=\"0\">\n<tbody>\n<tr>\n<td valign=\"top\">\n<div style=\"font-size: 13px; color: #534438; line-height: 20px;\">\n<p style=\"margin: 10px 0;\">&#8220;Live on the Green&#8221; is a new event in the St. Patrick&#8217;s Festival line-up. It is a music stage at St. Stephen&#8217;s Green North (the side where Dawson Street is) and the line-up will be:<\/p>\n<p>16:45-17:15: Booka Brass Band (New Orleans-style Brass Band)<br \/>\n17:30-18:00: Interskalactic (10 piece ska and reggae band)<br \/>\n18:15-19:30: Jerry Fish<\/p>\n<\/div>\n<div style=\"font-size: 13px; color: #534438; line-height: 20px;\"><\/div>\n<p style=\"font-size: 13px; color: #534438; line-height: 20px;\"><a style=\"color: #cc2979; text-decoration: none;\" href=\"http:\/\/www.stpatricksfestival.ie\/events\/event\/live_on_the_green\">http:\/\/www.stpatricksfestival.ie\/events\/event\/live_on_the_green<\/a><\/p>\n<\/td>\n<td valign=\"top\"><\/td>\n<\/tr>\n<\/tbody>\n<\/table>\n<\/td>\n<\/tr>\n<\/tbody>\n<\/table>\n<\/td>\n<\/tr>\n<\/tbody>\n<\/table>\n<table width=\"100%\" cellspacing=\"0\" cellpadding=\"0\">\n<tbody>\n<tr>\n<td style=\"padding: 10px 30px;\">\n<table width=\"100%\" cellspacing=\"0\" cellpadding=\"0\">\n<tbody>\n<tr>\n<td valign=\"top\" width=\"52\"><img loading=\"lazy\" decoding=\"async\" src=\"http:\/\/dublineventguide.com\/dff\/admin\/images\/categories\/ACTIVITY.png\" alt=\"\" width=\"32\" height=\"32\" \/><\/td>\n<td>\n<h2 style=\"font-size: 16px; color: #534438; margin: 0 0 5px; font-weight: normal;\">Ireland 6 Nations Rugby (France vs Ireland)<\/h2>\n<h3 style=\"font-size: 13px; margin: 0; padding: 0; line-height: 16px; color: #534438;\">17:00, Sat 15 Mar<\/h3>\n<p style=\"font-size: 13px; color: #534438; line-height: 20px; margin: 0; padding-top: 0;\">Dublin (various locations)<\/p>\n<table width=\"100%\" cellspacing=\"0\" cellpadding=\"0\">\n<tbody>\n<tr>\n<td valign=\"top\">\n<div style=\"font-size: 13px; color: #534438; line-height: 20px;\">\n<p style=\"margin: 10px 0;\">Ireland&#8217;s Final 6 Nations Rugby will take place on Saturday and with the significance of this game, don&#8217;t be surprised if the majority of the Irish population disappears behind TVs from 17:00.<\/p>\n<p>One of the more unusual locations to watch the match is in the cinema in Dundrum (Movies@Dundrum). Admission is free, but the event is ticketed. Check all details here <a style=\"color: #cc2979; text-decoration: none;\" href=\"http:\/\/www.movies-at.ie\/article.php?sec=EXTRAS&amp;_aid=3220\">http:\/\/www.movies-at.ie\/article.php?sec=EXTRAS&amp;_aid=3220<\/a><\/p>\n<\/div>\n<div style=\"font-size: 13px; color: #534438; line-height: 20px;\"><\/div>\n<\/td>\n<td valign=\"top\"><\/td>\n<\/tr>\n<\/tbody>\n<\/table>\n<\/td>\n<\/tr>\n<\/tbody>\n<\/table>\n<\/td>\n<\/tr>\n<\/tbody>\n<\/table>\n<table width=\"100%\" cellspacing=\"0\" cellpadding=\"0\">\n<tbody>\n<tr>\n<td style=\"padding: 10px 30px;\">\n<table width=\"100%\" cellspacing=\"0\" cellpadding=\"0\">\n<tbody>\n<tr>\n<td valign=\"top\" width=\"52\"><img loading=\"lazy\" decoding=\"async\" src=\"http:\/\/dublineventguide.com\/dff\/admin\/images\/categories\/MUSIC.png\" alt=\"\" width=\"32\" height=\"32\" \/><\/td>\n<td>\n<h2 style=\"font-size: 16px; color: #534438; margin: 0 0 5px; font-weight: normal;\">Cornucopia &#8211; Live Music<\/h2>\n<h3 style=\"font-size: 13px; margin: 0; padding: 0; line-height: 16px; color: #534438;\"><img loading=\"lazy\" decoding=\"async\" style=\"display: inline; float: left;\" src=\"http:\/\/dublineventguide.com\/dff\/admin\/images\/weekly.png\" alt=\"\" width=\"69\" height=\"16\" \/> 19:30 &#8211; 21:30, Sat 15 Mar<\/h3>\n<p style=\"font-size: 13px; color: #534438; line-height: 20px; margin: 0; padding-top: 0;\">Cornucopia Caf\u00e9 &amp; Restaurant, 19\/20 Wicklow Street, Dublin 2<\/p>\n<table width=\"100%\" cellspacing=\"0\" cellpadding=\"0\">\n<tbody>\n<tr>\n<td valign=\"top\">\n<div style=\"font-size: 13px; color: #534438; line-height: 20px;\">\n<p>Cornucopia Caf\u00e9 &amp; Restaurant host live music three evenings a week (Thurs, Fri and Sat). The restaurant is a Wholefood &amp; Vegetarian Restaurant and is open until 22:15.<br \/>\n+ Every second Thursday N.C Lawlor, a songwriter, session player and troubadour plays a mix of country, bluegrass &amp; blues from 19:30-21:30.<br \/>\n+ Every Friday (19:30-21:30) Junshi Murakami plays Irish Harp.<br \/>\n+ Every Saturday (19:30-21:30) Nollaig Mann plays a collection of popular and jazz classics.<\/p>\n<\/div>\n<div style=\"font-size: 13px; color: #534438; line-height: 20px;\"><\/div>\n<p style=\"font-size: 13px; color: #534438; line-height: 20px;\"><a style=\"color: #cc2979; text-decoration: none;\" href=\"http:\/\/www.cornucopia.ie\">http:\/\/www.cornucopia.ie<\/a><\/p>\n<\/td>\n<td valign=\"top\"><\/td>\n<\/tr>\n<\/tbody>\n<\/table>\n<\/td>\n<\/tr>\n<\/tbody>\n<\/table>\n<\/td>\n<\/tr>\n<\/tbody>\n<\/table>\n<table width=\"100%\" cellspacing=\"0\" cellpadding=\"0\">\n<tbody>\n<tr>\n<td style=\"padding: 10px 30px;\">\n<table width=\"100%\" cellspacing=\"0\" cellpadding=\"0\">\n<tbody>\n<tr>\n<td valign=\"top\" width=\"52\"><img loading=\"lazy\" decoding=\"async\" src=\"http:\/\/dublineventguide.com\/dff\/admin\/images\/categories\/MUSIC.png\" alt=\"\" width=\"32\" height=\"32\" \/><\/td>\n<td>\n<h2 style=\"font-size: 16px; color: #534438; margin: 0 0 5px; font-weight: normal;\">A Taste of Music &#8211; Night of rock, ballads and covers<\/h2>\n<h3 style=\"font-size: 13px; margin: 0; padding: 0; line-height: 16px; color: #534438;\">20:00, Sat 15 Mar<\/h3>\n<p style=\"font-size: 13px; color: #534438; line-height: 20px; margin: 0; padding-top: 0;\">Arthur&#8217;s Pub, 28 Thomas Street, Dublin 8<\/p>\n<table width=\"100%\" cellspacing=\"0\" cellpadding=\"0\">\n<tbody>\n<tr>\n<td valign=\"top\">\n<div style=\"font-size: 13px; color: #534438; line-height: 20px;\">\n<p style=\"margin: 10px 0;\">A Taste of Music takes place on Saturday.<\/p>\n<p>A Taste of Music is a Night of rock, ballads and covers with an international feel.<br \/>\nWith Hector Castillo(Venezuela), Tony Floyd Kenna and Micheal O&#8217;Brien(Ireland),, The Mona Lisa Twins(Austria), V?tra Trink?nait? (Lithuania), Susan Jannasch(Germany), Jinyeoung Jeong(South Korea)<\/p>\n<p style=\"margin: 10px 0;\">Admission is free.<\/p>\n<\/div>\n<div style=\"font-size: 13px; color: #534438; line-height: 20px;\"><\/div>\n<p style=\"font-size: 13px; color: #534438; line-height: 20px;\"><a style=\"color: #cc2979; text-decoration: none;\" href=\"https:\/\/www.facebook.com\/events\/1458032357759778\/\">https:\/\/www.facebook.com\/events\/1458032357759778\/<\/a><\/p>\n<\/td>\n<td valign=\"top\"><\/td>\n<\/tr>\n<\/tbody>\n<\/table>\n<\/td>\n<\/tr>\n<\/tbody>\n<\/table>\n<\/td>\n<\/tr>\n<\/tbody>\n<\/table>\n<table width=\"100%\" cellspacing=\"0\" cellpadding=\"0\">\n<tbody>\n<tr>\n<td style=\"padding: 10px 30px;\">\n<table width=\"100%\" cellspacing=\"0\" cellpadding=\"0\">\n<tbody>\n<tr>\n<td valign=\"top\" width=\"52\"><img loading=\"lazy\" decoding=\"async\" src=\"http:\/\/dublineventguide.com\/dff\/admin\/images\/categories\/MUSIC.png\" alt=\"\" width=\"32\" height=\"32\" \/><\/td>\n<td>\n<h2 style=\"font-size: 16px; color: #534438; margin: 0 0 5px; font-weight: normal;\">Alias Empire + Guests &#8211; Gigs<\/h2>\n<h3 style=\"font-size: 13px; margin: 0; padding: 0; line-height: 16px; color: #534438;\">20:00, Sat 15 Mar<\/h3>\n<p style=\"font-size: 13px; color: #534438; line-height: 20px; margin: 0; padding-top: 0;\">Workman&#8217;s Club, 10 Wellington Quay, Dublin 2<\/p>\n<table width=\"100%\" cellspacing=\"0\" cellpadding=\"0\">\n<tbody>\n<tr>\n<td valign=\"top\">\n<div style=\"font-size: 13px; color: #534438; line-height: 20px;\">\n<p style=\"margin: 10px 0;\">Alias Empire (and guests) will perform in the Workman&#8217;s Club and admission is free.<\/p>\n<\/div>\n<div style=\"font-size: 13px; color: #534438; line-height: 20px;\"><\/div>\n<p style=\"font-size: 13px; color: #534438; line-height: 20px;\"><a style=\"color: #cc2979; text-decoration: none;\" href=\"http:\/\/theworkmansclub.com\/index.php\/events\/alias-empire-guests\/\">http:\/\/theworkmansclub.com\/index.php\/events\/alias-empire-guests\/<\/a><\/p>\n<\/td>\n<td valign=\"top\"><\/td>\n<\/tr>\n<\/tbody>\n<\/table>\n<\/td>\n<\/tr>\n<\/tbody>\n<\/table>\n<\/td>\n<\/tr>\n<\/tbody>\n<\/table>\n<table width=\"100%\" cellspacing=\"0\" cellpadding=\"0\">\n<tbody>\n<tr>\n<td style=\"padding: 10px 30px;\">\n<table width=\"100%\" cellspacing=\"0\" cellpadding=\"0\">\n<tbody>\n<tr>\n<td valign=\"top\" width=\"52\"><img loading=\"lazy\" decoding=\"async\" src=\"http:\/\/dublineventguide.com\/dff\/admin\/images\/categories\/MUSIC.png\" alt=\"\" width=\"32\" height=\"32\" \/><\/td>\n<td>\n<h2 style=\"font-size: 16px; color: #534438; margin: 0 0 5px; font-weight: normal;\">Reekus presents in Mercantile &#8211; Gigs<\/h2>\n<h3 style=\"font-size: 13px; margin: 0; padding: 0; line-height: 16px; color: #534438;\">20:00, Sat 15 Mar<\/h3>\n<p style=\"font-size: 13px; color: #534438; line-height: 20px; margin: 0; padding-top: 0;\">Mercantile, 28 Dame Street, Dublin 2<\/p>\n<table width=\"100%\" cellspacing=\"0\" cellpadding=\"0\">\n<tbody>\n<tr>\n<td valign=\"top\">\n<div style=\"font-size: 13px; color: #534438; line-height: 20px;\">\n<p style=\"margin: 10px 0;\">Reekus Records present a gig night in the Mercantile with the following line-up:<\/p>\n<p style=\"margin: 10px 0;\">Buffalo Sunn, Keith Moss and the Tightrope Walkers, Death In The Sickroom<\/p>\n<p style=\"margin: 10px 0;\">Admission is free and doors open at 20:00<\/p>\n<\/div>\n<div style=\"font-size: 13px; color: #534438; line-height: 20px;\"><\/div>\n<p style=\"font-size: 13px; color: #534438; line-height: 20px;\"><a style=\"color: #cc2979; text-decoration: none;\" href=\"https:\/\/www.facebook.com\/events\/1460260960857447\">https:\/\/www.facebook.com\/events\/1460260960857447<\/a><\/p>\n<\/td>\n<td valign=\"top\"><\/td>\n<\/tr>\n<\/tbody>\n<\/table>\n<\/td>\n<\/tr>\n<\/tbody>\n<\/table>\n<\/td>\n<\/tr>\n<\/tbody>\n<\/table>\n<table width=\"100%\" cellspacing=\"0\" cellpadding=\"0\">\n<tbody>\n<tr>\n<td style=\"padding: 10px 30px;\">\n<table width=\"100%\" cellspacing=\"0\" cellpadding=\"0\">\n<tbody>\n<tr>\n<td valign=\"top\" width=\"52\"><img loading=\"lazy\" decoding=\"async\" src=\"http:\/\/dublineventguide.com\/dff\/admin\/images\/categories\/MUSIC.png\" alt=\"\" width=\"32\" height=\"32\" \/><\/td>\n<td>\n<h2 style=\"font-size: 16px; color: #534438; margin: 0 0 5px; font-weight: normal;\">Saturday Night Live<\/h2>\n<h3 style=\"font-size: 13px; margin: 0; padding: 0; line-height: 16px; color: #534438;\"><img loading=\"lazy\" decoding=\"async\" style=\"display: inline; float: left;\" src=\"http:\/\/dublineventguide.com\/dff\/admin\/images\/weekly.png\" alt=\"\" width=\"69\" height=\"16\" \/> 20:00 &#8211; 22:30, Sat 15 Mar<\/h3>\n<p style=\"font-size: 13px; color: #534438; line-height: 20px; margin: 0; padding-top: 0;\">KC Peaches (Wine Cave), 28\/29 Nassau St., Dublin 2<\/p>\n<table width=\"100%\" cellspacing=\"0\" cellpadding=\"0\">\n<tbody>\n<tr>\n<td valign=\"top\">\n<div style=\"font-size: 13px; color: #534438; line-height: 20px;\">\n<p style=\"margin: 10px 0;\">This is a weekly Saturday night live music event event in the basement Wine Cave of KC Peaches wholefood restaurant\/caf\u00e9. Food will be served until 22:00 and wine, minerals &amp; music will be available until later. Admission is free and a donation into a hat at the end of the evening is appreciated.<\/p>\n<\/div>\n<div style=\"font-size: 13px; color: #534438; line-height: 20px;\"><\/div>\n<p style=\"font-size: 13px; color: #534438; line-height: 20px;\"><a style=\"color: #cc2979; text-decoration: none;\" href=\"https:\/\/www.facebook.com\/KCPeachesWineCave\">https:\/\/www.facebook.com\/KCPeachesWineCave<\/a><\/p>\n<\/td>\n<td valign=\"top\"><\/td>\n<\/tr>\n<\/tbody>\n<\/table>\n<\/td>\n<\/tr>\n<\/tbody>\n<\/table>\n<\/td>\n<\/tr>\n<\/tbody>\n<\/table>\n<table width=\"100%\" cellspacing=\"0\" cellpadding=\"0\">\n<tbody>\n<tr>\n<td style=\"padding: 10px 30px;\">\n<table width=\"100%\" cellspacing=\"0\" cellpadding=\"0\">\n<tbody>\n<tr>\n<td valign=\"top\" width=\"52\"><img loading=\"lazy\" decoding=\"async\" src=\"http:\/\/dublineventguide.com\/dff\/admin\/images\/categories\/MUSIC.png\" alt=\"\" width=\"32\" height=\"32\" \/><\/td>\n<td>\n<h2 style=\"font-size: 16px; color: #534438; margin: 0 0 5px; font-weight: normal;\">The Devils Jukebox &#8211; Gigs + DJs<\/h2>\n<h3 style=\"font-size: 13px; margin: 0; padding: 0; line-height: 16px; color: #534438;\"><img loading=\"lazy\" decoding=\"async\" style=\"display: inline; float: left;\" src=\"http:\/\/dublineventguide.com\/dff\/admin\/images\/weekly.png\" alt=\"\" width=\"69\" height=\"16\" \/> 20:00, Sat 15 Mar<\/h3>\n<p style=\"font-size: 13px; color: #534438; line-height: 20px; margin: 0; padding-top: 0;\">Sin \u00c9, 14 Ormond Quay, Dublin 1<\/p>\n<table width=\"100%\" cellspacing=\"0\" cellpadding=\"0\">\n<tbody>\n<tr>\n<td valign=\"top\">\n<div style=\"font-size: 13px; color: #534438; line-height: 20px;\">\n<p style=\"margin: 10px 0;\">The Devils Jukebox is live music from 20:00-23:00 and DJs with Alternative, Punk, Rock, Metal &amp; Garage after that. Every Saturday! Admission is free.<\/p>\n<\/div>\n<div style=\"font-size: 13px; color: #534438; line-height: 20px;\"><\/div>\n<p style=\"font-size: 13px; color: #534438; line-height: 20px;\"><a style=\"color: #cc2979; text-decoration: none;\" href=\"https:\/\/www.facebook.com\/Sin.E.Pub\">https:\/\/www.facebook.com\/Sin.E.Pub<\/a><\/p>\n<\/td>\n<td valign=\"top\"><\/td>\n<\/tr>\n<\/tbody>\n<\/table>\n<\/td>\n<\/tr>\n<\/tbody>\n<\/table>\n<\/td>\n<\/tr>\n<\/tbody>\n<\/table>\n<table width=\"100%\" cellspacing=\"0\" cellpadding=\"0\">\n<tbody>\n<tr>\n<td style=\"padding: 10px 30px;\">\n<table width=\"100%\" cellspacing=\"0\" cellpadding=\"0\">\n<tbody>\n<tr>\n<td valign=\"top\" width=\"52\"><img loading=\"lazy\" decoding=\"async\" src=\"http:\/\/dublineventguide.com\/dff\/admin\/images\/categories\/MUSIC.png\" alt=\"\" width=\"32\" height=\"32\" \/><\/td>\n<td>\n<h2 style=\"font-size: 16px; color: #534438; margin: 0 0 5px; font-weight: normal;\">Singer\/Songwriter Melanie O&#8217;Reilly &#8211; Celtic Jazz<\/h2>\n<h3 style=\"font-size: 13px; margin: 0; padding: 0; line-height: 16px; color: #534438;\">20:30 &#8211; 22:00, Sat 15 Mar<\/h3>\n<p style=\"font-size: 13px; color: #534438; line-height: 20px; margin: 0; padding-top: 0;\">Meeting House Square, Temple Bar, Dublin 2<\/p>\n<table width=\"100%\" cellspacing=\"0\" cellpadding=\"0\">\n<tbody>\n<tr>\n<td valign=\"top\">\n<div style=\"font-size: 13px; color: #534438; line-height: 20px;\">\n<p style=\"margin: 10px 0;\">On Saturday Celtic Jazz Singer-songwriter Melanie O&#8217;Reilly will perform a special concert as part of the St Patrick&#8217;s Day celebrations for Seachtain na Gaeilge. She will be joined by a Jazz Trio.<\/p>\n<p style=\"margin: 10px 0;\">Admission to the event is free, but tickets are required and at the time of writing this, there were still some tickets available.<\/p>\n<\/div>\n<div style=\"font-size: 13px; color: #534438; line-height: 20px;\"><\/div>\n<p style=\"font-size: 13px; color: #534438; line-height: 20px;\"><a style=\"color: #cc2979; text-decoration: none;\" href=\"http:\/\/www.templebar.ie\/calendar\/event\/melanie-oreilly\">http:\/\/www.templebar.ie\/calendar\/event\/melanie-oreilly<\/a><\/p>\n<\/td>\n<td valign=\"top\"><\/td>\n<\/tr>\n<\/tbody>\n<\/table>\n<\/td>\n<\/tr>\n<\/tbody>\n<\/table>\n<\/td>\n<\/tr>\n<\/tbody>\n<\/table>\n<table width=\"100%\" cellspacing=\"0\" cellpadding=\"0\">\n<tbody>\n<tr>\n<td style=\"padding: 10px 30px;\">\n<table width=\"100%\" cellspacing=\"0\" cellpadding=\"0\">\n<tbody>\n<tr>\n<td valign=\"top\" width=\"52\"><img loading=\"lazy\" decoding=\"async\" src=\"http:\/\/dublineventguide.com\/dff\/admin\/images\/categories\/MUSIC.png\" alt=\"\" width=\"32\" height=\"32\" \/><\/td>\n<td>\n<h2 style=\"font-size: 16px; color: #534438; margin: 0 0 5px; font-weight: normal;\">Walking Stone Giants &#8211; Gigs<\/h2>\n<h3 style=\"font-size: 13px; margin: 0; padding: 0; line-height: 16px; color: #534438;\">20:30, Sat 15 Mar<\/h3>\n<p style=\"font-size: 13px; color: #534438; line-height: 20px; margin: 0; padding-top: 0;\">Gypsy Rose Blues &amp; Rock Bar, 5 Aston Quay, Temple Bar, Dublin 2<\/p>\n<table width=\"100%\" cellspacing=\"0\" cellpadding=\"0\">\n<tbody>\n<tr>\n<td valign=\"top\">\n<div style=\"font-size: 13px; color: #534438; line-height: 20px;\">\n<p style=\"margin: 10px 0;\">Walking Stone Giants are a four piece heavy rock band from Greece with influences ranging from Black Sabbath to Rage Against The Machine. They will be in Dublin for three days on a Mint Tour. Support will come from the bands on the Face Melter Records roster over the three nights. The gigs are:<\/p>\n<p>+ Thurs 13 Mar: 20:30 &#8211; Fibber Magee&#8217;s<br \/>\n+ Fr 14 Mar: 20:30 The Voodooo Lounge<br \/>\n+ Sat 15 Mar: 20:30 &#8211; Gypsy Rose Rock and Blues Bar<\/p>\n<p style=\"margin: 10px 0;\">Admission to all gigs is free.<\/p>\n<\/div>\n<div style=\"font-size: 13px; color: #534438; line-height: 20px;\"><\/div>\n<p style=\"font-size: 13px; color: #534438; line-height: 20px;\"><a style=\"color: #cc2979; text-decoration: none;\" href=\"http:\/\/www.facemelterrecords.com\/\">http:\/\/www.facemelterrecords.com\/<\/a><\/p>\n<\/td>\n<td valign=\"top\"><\/td>\n<\/tr>\n<\/tbody>\n<\/table>\n<\/td>\n<\/tr>\n<\/tbody>\n<\/table>\n<\/td>\n<\/tr>\n<\/tbody>\n<\/table>\n<table width=\"100%\" cellspacing=\"0\" cellpadding=\"0\">\n<tbody>\n<tr>\n<td style=\"padding: 10px 30px;\">\n<table width=\"100%\" cellspacing=\"0\" cellpadding=\"0\">\n<tbody>\n<tr>\n<td valign=\"top\" width=\"52\"><img loading=\"lazy\" decoding=\"async\" src=\"http:\/\/dublineventguide.com\/dff\/admin\/images\/categories\/MUSIC.png\" alt=\"\" width=\"32\" height=\"32\" \/><\/td>\n<td>\n<h2 style=\"font-size: 16px; color: #534438; margin: 0 0 5px; font-weight: normal;\">Live Music &#8211; Stillorgan Orchard<\/h2>\n<h3 style=\"font-size: 13px; margin: 0; padding: 0; line-height: 16px; color: #534438;\"><img loading=\"lazy\" decoding=\"async\" style=\"display: inline; float: left;\" src=\"http:\/\/dublineventguide.com\/dff\/admin\/images\/weekly.png\" alt=\"\" width=\"69\" height=\"16\" \/> 21:00, Sat 15 Mar<\/h3>\n<p style=\"font-size: 13px; color: #534438; line-height: 20px; margin: 0; padding-top: 0;\">Stillorgan Orchard, The Hill, Stillorgan, Co. Dublin<\/p>\n<table width=\"100%\" cellspacing=\"0\" cellpadding=\"0\">\n<tbody>\n<tr>\n<td valign=\"top\">\n<div style=\"font-size: 13px; color: #534438; line-height: 20px;\">\n<p style=\"margin: 10px 0;\">The Stillorgan Orchard has live music every Friday and Saturday. Many of the performers are established and very good bands. The upcoming gigs are detailed on the website below. Admission is always free.<\/p>\n<\/div>\n<div style=\"font-size: 13px; color: #534438; line-height: 20px;\"><\/div>\n<p style=\"font-size: 13px; color: #534438; line-height: 20px;\"><a style=\"color: #cc2979; text-decoration: none;\" href=\"http:\/\/www.stillorganorchard.com\/live_music.html\">http:\/\/www.stillorganorchard.com\/live_music.html<\/a><\/p>\n<\/td>\n<td valign=\"top\"><\/td>\n<\/tr>\n<\/tbody>\n<\/table>\n<\/td>\n<\/tr>\n<\/tbody>\n<\/table>\n<\/td>\n<\/tr>\n<\/tbody>\n<\/table>\n<table width=\"100%\" cellspacing=\"0\" cellpadding=\"0\">\n<tbody>\n<tr>\n<td style=\"padding: 10px 30px;\">\n<table width=\"100%\" cellspacing=\"0\" cellpadding=\"0\">\n<tbody>\n<tr>\n<td valign=\"top\" width=\"52\"><img loading=\"lazy\" decoding=\"async\" src=\"http:\/\/dublineventguide.com\/dff\/admin\/images\/categories\/MUSIC.png\" alt=\"\" width=\"32\" height=\"32\" \/><\/td>\n<td>\n<h2 style=\"font-size: 16px; color: #534438; margin: 0 0 5px; font-weight: normal;\">Echotape \/ Beach &#8211; Gigs<\/h2>\n<h3 style=\"font-size: 13px; margin: 0; padding: 0; line-height: 16px; color: #534438;\">23:55, Sat 15 Mar<\/h3>\n<p style=\"font-size: 13px; color: #534438; line-height: 20px; margin: 0; padding-top: 0;\">Whelan&#8217;s, 25 Wexford Street, Dublin 2<\/p>\n<table width=\"100%\" cellspacing=\"0\" cellpadding=\"0\">\n<tbody>\n<tr>\n<td valign=\"top\">\n<div style=\"font-size: 13px; color: #534438; line-height: 20px;\">\n<p style=\"margin: 10px 0;\">Echotape (Indie Rock from Hamshire) and Beach (psychedelic spage grunge) are performing in Whelan&#8217;s Midnight Hour. Admission is free if you are there before 22:30.<\/p>\n<\/div>\n<div style=\"font-size: 13px; color: #534438; line-height: 20px;\"><\/div>\n<p style=\"font-size: 13px; color: #534438; line-height: 20px;\"><a style=\"color: #cc2979; text-decoration: none;\" href=\"http:\/\/www.whelanslive.com\/index.php\/midnight-hour-w-echotape-beach\/\">http:\/\/www.whelanslive.com\/index.php\/midnight-hour-w-echotape-beach\/<\/a><\/p>\n<\/td>\n<td valign=\"top\"><\/td>\n<\/tr>\n<\/tbody>\n<\/table>\n<\/td>\n<\/tr>\n<\/tbody>\n<\/table>\n<\/td>\n<\/tr>\n<\/tbody>\n<\/table>\n<table id=\"day_1394928000\" style=\"margin-top: 10px;\" width=\"100%\" cellspacing=\"0\" cellpadding=\"0\">\n<tbody>\n<tr style=\"background-color: #c20162; color: #fff;\">\n<td style=\"padding: 0; line-height: 1; height: 34px; overflow: hidden;\">\n<p style=\"width: 630px; padding-left: 30px; margin: 0; height: 34px; overflow: hidden; line-height: 34px;\"><a name=\"day_1394928000\"><\/a><strong>Sunday <\/strong> 16 Mar<\/p>\n<\/td>\n<td>\n<p style=\"margin: 0; line-height: 34px; padding: 0; font-size: 13px;\"><a style=\"color: #fff; text-decoration: none;\" href=\"#dff_top\">back to top<\/a><\/p>\n<\/td>\n<td>\n<p style=\"margin: 0; padding: 0; font-size: 13px;\"><a style=\"color: #fff; text-decoration: none;\" href=\"#dff_top\"><img loading=\"lazy\" decoding=\"async\" src=\"http:\/\/dublineventguide.com\/dff\/admin\/images\/dividers\/date_toplink.png\" alt=\"Back to top\" width=\"38\" height=\"34\" \/><\/a><\/p>\n<\/td>\n<td width=\"50\"><\/td>\n<\/tr>\n<\/tbody>\n<\/table>\n<table width=\"100%\" cellspacing=\"0\" cellpadding=\"0\">\n<tbody>\n<tr>\n<td style=\"padding: 10px 30px;\">\n<table width=\"100%\" cellspacing=\"0\" cellpadding=\"0\">\n<tbody>\n<tr>\n<td valign=\"top\" width=\"52\"><img loading=\"lazy\" decoding=\"async\" src=\"http:\/\/dublineventguide.com\/dff\/admin\/images\/categories\/ACTIVITY.png\" alt=\"\" width=\"32\" height=\"32\" \/><\/td>\n<td>\n<h2 style=\"font-size: 16px; color: #534438; margin: 0 0 5px; font-weight: normal;\">Irish University Boat Races<\/h2>\n<h3 style=\"font-size: 13px; margin: 0; padding: 0; line-height: 16px; color: #534438;\">09:30, Sun 16 Mar<\/h3>\n<p style=\"font-size: 13px; color: #534438; line-height: 20px; margin: 0; padding-top: 0;\">O&#8217;Connell Bridge, Dublin 1<\/p>\n<table width=\"100%\" cellspacing=\"0\" cellpadding=\"0\">\n<tbody>\n<tr>\n<td valign=\"top\">\n<div style=\"font-size: 13px; color: #534438; line-height: 20px;\">\n<p style=\"margin: 10px 0;\">It is not Oxford against Cambridge, but the Irish Universities are also competing in the water against each other:<\/p>\n<p style=\"margin: 10px 0;\">The Irish University Boat Races will take place on the Liffey, between rivals University College Dublin (UCD) and Dublin University (Trinity College). The 2km rowing course, will start at O\u2019Connell Bridge and finishes at St. James\u2019 Gate.<\/p>\n<p style=\"margin: 10px 0;\">The main race (Gannon Cup) will start at 11:00 and the full schedule is<\/p>\n<p>09:30 Sally Moorhead Trophy &#8211; Novice Women<br \/>\n10:00 Dan Quinn Shield &#8211; Novice Men<br \/>\n10:30 Corcoran Cup &#8211; Senior Women<br \/>\n11:00 Gannon Cup &#8211; Senior Men<\/p>\n<\/div>\n<div style=\"font-size: 13px; color: #534438; line-height: 20px;\"><\/div>\n<p style=\"font-size: 13px; color: #534438; line-height: 20px;\"><a style=\"color: #cc2979; text-decoration: none;\" href=\"http:\/\/www.stpatricksfestival.ie\/events\/event\/the_gannon_cup_irish_university_boat_races\">http:\/\/www.stpatricksfestival.ie\/events\/event\/the_gannon_cup_irish_university_boat_races<\/a><\/p>\n<\/td>\n<td valign=\"top\"><\/td>\n<\/tr>\n<\/tbody>\n<\/table>\n<\/td>\n<\/tr>\n<\/tbody>\n<\/table>\n<\/td>\n<\/tr>\n<\/tbody>\n<\/table>\n<table width=\"100%\" cellspacing=\"0\" cellpadding=\"0\">\n<tbody>\n<tr>\n<td style=\"padding: 10px 30px;\">\n<table width=\"100%\" cellspacing=\"0\" cellpadding=\"0\">\n<tbody>\n<tr>\n<td valign=\"top\" width=\"52\"><img loading=\"lazy\" decoding=\"async\" src=\"http:\/\/dublineventguide.com\/dff\/admin\/images\/categories\/MARKETS.png\" alt=\"\" width=\"32\" height=\"32\" \/><\/td>\n<td>\n<h2 style=\"font-size: 16px; color: #534438; margin: 0 0 5px; font-weight: normal;\">Jamestown Market<\/h2>\n<h3 style=\"font-size: 13px; margin: 0; padding: 0; line-height: 16px; color: #534438;\"><img loading=\"lazy\" decoding=\"async\" style=\"display: inline; float: left;\" src=\"http:\/\/dublineventguide.com\/dff\/admin\/images\/weekly.png\" alt=\"\" width=\"69\" height=\"16\" \/> 10:00 &#8211; 17:00, Sun 16 Mar<\/h3>\n<p style=\"font-size: 13px; color: #534438; line-height: 20px; margin: 0; padding-top: 0;\">Jamestown Market, 90 Jamestown Road, Inchicore, Dublin 8<\/p>\n<table width=\"100%\" cellspacing=\"0\" cellpadding=\"0\">\n<tbody>\n<tr>\n<td valign=\"top\">\n<div style=\"font-size: 13px; color: #534438; line-height: 20px;\">\n<p style=\"margin: 10px 0;\">Jamestown Flea Market + Car Boot Sale takes place every Sat+Sun from 10:00-17:00. You can reach it from Tyrconnell Road and from Kylemore Road and it is within 3 min from Black Horse stop on the red Luas line. There is free parking.<\/p>\n<\/div>\n<div style=\"font-size: 13px; color: #534438; line-height: 20px;\"><\/div>\n<p style=\"font-size: 13px; color: #534438; line-height: 20px;\"><a style=\"color: #cc2979; text-decoration: none;\" href=\"http:\/\/www.jamestownmarket.com\">http:\/\/www.jamestownmarket.com<\/a><\/p>\n<\/td>\n<td valign=\"top\"><\/td>\n<\/tr>\n<\/tbody>\n<\/table>\n<\/td>\n<\/tr>\n<\/tbody>\n<\/table>\n<\/td>\n<\/tr>\n<\/tbody>\n<\/table>\n<table width=\"100%\" cellspacing=\"0\" cellpadding=\"0\">\n<tbody>\n<tr>\n<td style=\"padding: 10px 30px;\">\n<table width=\"100%\" cellspacing=\"0\" cellpadding=\"0\">\n<tbody>\n<tr>\n<td valign=\"top\" width=\"52\"><img loading=\"lazy\" decoding=\"async\" src=\"http:\/\/dublineventguide.com\/dff\/admin\/images\/categories\/MARKETS.png\" alt=\"\" width=\"32\" height=\"32\" \/><\/td>\n<td>\n<h2 style=\"font-size: 16px; color: #534438; margin: 0 0 5px; font-weight: normal;\">Merchants Market<\/h2>\n<h3 style=\"font-size: 13px; margin: 0; padding: 0; line-height: 16px; color: #534438;\"><img loading=\"lazy\" decoding=\"async\" style=\"display: inline; float: left;\" src=\"http:\/\/dublineventguide.com\/dff\/admin\/images\/weekly.png\" alt=\"\" width=\"69\" height=\"16\" \/> 10:00 &#8211; 16:30, Sun 16 Mar<\/h3>\n<p style=\"font-size: 13px; color: #534438; line-height: 20px; margin: 0; padding-top: 0;\">Merchants Yard, East Wall Road, Dublin 3<\/p>\n<table width=\"100%\" cellspacing=\"0\" cellpadding=\"0\">\n<tbody>\n<tr>\n<td valign=\"top\">\n<div style=\"font-size: 13px; color: #534438; line-height: 20px;\">\n<p style=\"margin: 10px 0;\">The Merchants Market on East Wall Road is a weekly indoors flea market on Saturdays and Sundays with more than 80 stalls in a big industrial hall. There is everything from furniture and antiques to paintings and mirrors, electronics and hot food to bicycles and buns. It is just a few minutes walk away from the Point Theatre\/O2 (walk in the direction of the Port Tunnel).<\/p>\n<\/div>\n<div style=\"font-size: 13px; color: #534438; line-height: 20px;\"><\/div>\n<p style=\"font-size: 13px; color: #534438; line-height: 20px;\"><a style=\"color: #cc2979; text-decoration: none;\" href=\"http:\/\/www.merchantsmarket.ie\/\">http:\/\/www.merchantsmarket.ie\/<\/a><\/p>\n<\/td>\n<td valign=\"top\"><\/td>\n<\/tr>\n<\/tbody>\n<\/table>\n<\/td>\n<\/tr>\n<\/tbody>\n<\/table>\n<\/td>\n<\/tr>\n<\/tbody>\n<\/table>\n<table width=\"100%\" cellspacing=\"0\" cellpadding=\"0\">\n<tbody>\n<tr>\n<td style=\"padding: 10px 30px;\">\n<table width=\"100%\" cellspacing=\"0\" cellpadding=\"0\">\n<tbody>\n<tr>\n<td valign=\"top\" width=\"52\"><img loading=\"lazy\" decoding=\"async\" src=\"http:\/\/dublineventguide.com\/dff\/admin\/images\/categories\/ART.png\" alt=\"\" width=\"32\" height=\"32\" \/><\/td>\n<td>\n<h2 style=\"font-size: 16px; color: #534438; margin: 0 0 5px; font-weight: normal;\">Merrion Square Open Air Gallery<\/h2>\n<h3 style=\"font-size: 13px; margin: 0; padding: 0; line-height: 16px; color: #534438;\"><img loading=\"lazy\" decoding=\"async\" style=\"display: inline; float: left;\" src=\"http:\/\/dublineventguide.com\/dff\/admin\/images\/weekly.png\" alt=\"\" width=\"69\" height=\"16\" \/> 10:00 &#8211; 18:30, Sun 16 Mar<\/h3>\n<p style=\"font-size: 13px; color: #534438; line-height: 20px; margin: 0; padding-top: 0;\">Merrion Square, Dublin 2<\/p>\n<table width=\"100%\" cellspacing=\"0\" cellpadding=\"0\">\n<tbody>\n<tr>\n<td valign=\"top\">\n<div style=\"font-size: 13px; color: #534438; line-height: 20px;\">\n<p style=\"margin: 10px 0;\">Every Sunday, the Merrion Square Open Air Art Gallery takes place. Up to 200 artists exhibit their paintings on the railings on three sides (West, North and East) of Merrion Square and you can just enjoy the exhibition or even buy.<\/p>\n<\/div>\n<div style=\"font-size: 13px; color: #534438; line-height: 20px;\"><\/div>\n<p style=\"font-size: 13px; color: #534438; line-height: 20px;\"><a style=\"color: #cc2979; text-decoration: none;\" href=\"http:\/\/www.merrionsquareart.com\/\">http:\/\/www.merrionsquareart.com\/<\/a><\/p>\n<\/td>\n<td valign=\"top\"><\/td>\n<\/tr>\n<\/tbody>\n<\/table>\n<\/td>\n<\/tr>\n<\/tbody>\n<\/table>\n<\/td>\n<\/tr>\n<\/tbody>\n<\/table>\n<table width=\"100%\" cellspacing=\"0\" cellpadding=\"0\">\n<tbody>\n<tr>\n<td style=\"padding: 10px 30px;\">\n<table width=\"100%\" cellspacing=\"0\" cellpadding=\"0\">\n<tbody>\n<tr>\n<td valign=\"top\" width=\"52\"><img loading=\"lazy\" decoding=\"async\" src=\"http:\/\/dublineventguide.com\/dff\/admin\/images\/categories\/ACTIVITY.png\" alt=\"\" width=\"32\" height=\"32\" \/><\/td>\n<td>\n<h2 style=\"font-size: 16px; color: #534438; margin: 0 0 5px; font-weight: normal;\">St. Patrick&#8217;s Weekend &#8211; I Love My City<\/h2>\n<h3 style=\"font-size: 13px; margin: 0; padding: 0; line-height: 16px; color: #534438;\">10:00, Sun 16 Mar<\/h3>\n<p style=\"font-size: 13px; color: #534438; line-height: 20px; margin: 0; padding-top: 0;\">Dublin (various locations)<\/p>\n<table width=\"100%\" cellspacing=\"0\" cellpadding=\"0\">\n<tbody>\n<tr>\n<td valign=\"top\">\n<div style=\"font-size: 13px; color: #534438; line-height: 20px;\">\n<p style=\"margin: 10px 0;\">The St. Patrick&#8217;s Festival takes place from 14-17 March and over the full four days the cultural programme &#8220;I Love My City&#8221; will run. There is a wide variety of events from music, via talks&amp;discussions to performances and screenings. I am listing all the events here (even for Sat, Sun and Mon) because places are limited and you need to register for many of them.<\/p>\n<p style=\"margin: 10px 0;\">The events are:<\/p>\n<p>Fri-Mon<br \/>\n+ &#8220;Dublin Then &amp; Now&#8221; &#8211; Exhibition of Dublin Painting &amp; Sketching Club &#8211; City Assembly House from 10:00<br \/>\n+ &#8220;Street Feelings&#8221; &#8211; Documentary Screening about Donal Dineen&#8217;s 1986 move from Kerry to Dublin &#8211; Hugh Lane Gallery at 10:00<br \/>\n+ &#8220;i&#8221; &#8211; Exhibition of work from photographer Eamonn Doyle about Dublin &#8211; The Library Project at 11:00<br \/>\n(No booking required for these three events! &#8220;Street Feelings&#8221; will not take place on Monday.)<\/p>\n<p>Friday 14 March<br \/>\n+ &#8220;One City, Many Cultures&#8221; &#8211; Milk &amp; Cookie Stories storytelling evening &#8211; National Gallery at 19:00<br \/>\n+ &#8220;Jape at the RHA&#8221; &#8211; Performance by Irish electronic-rock band Jape &#8211; RHA Gallery at 19:30<\/p>\n<p>Sat 15 March<br \/>\n+ &#8220;Remembering Luke Kelly&#8221; &#8211; Documentary Screening &#8211; O&#8217;Donoghues Bar at 10:00\/12:00<br \/>\n+ &#8220;Past Times&#8221; &#8211; Tour about literary figures &#8211; Marsh&#8217;s Library at 11:00\/12:00\/13:30\/15:00<br \/>\n+ &#8220;Dabledoo Music&#8221; &#8211; Multimedia experience for children &#8211; Little Museum of Dublin at 11:00\/12:15\/13:30<br \/>\n+ &#8220;I a Beckett Clown&#8221; &#8211; Workshop &#8211; The Warehouse at 11:00<br \/>\n+ &#8220;Banter: Irish Identity, Past, Present &amp; Future&#8221; &#8211; Discussion &#8211; Freemason&#8217;s Hall at 16:00<br \/>\n+ &#8220;The Enchanted Banquet&#8221; &#8211; Food, Music and performances &#8211; National Concert Hall at 19:00<br \/>\n+ &#8220;Dh\u00fais\u00edos Ar Maidin \/ Woke Up This Morning&#8221; &#8211; Imram Blues Poetry Project &#8211; RHA Gallery at 20:30<\/p>\n<p>Sun 16 Mar<br \/>\n+ &#8220;Document this&#8230;&#8221; &#8211; short documentaries, exploring the role of film as part of history &#8211; National Library at 18:00<br \/>\n+ &#8220;Waking Ned&#8221; &#8211; Film Screening &#8211; Grand Canal Dock at 19:30<\/p>\n<p>Mon 17 Mar<br \/>\n+ Solo Space &#8211; Concert with voice, clarinet and fiddle &#8211; Chapel Royal at 17:00\/19:00<br \/>\n+ Trad Trio &#8211; National Concert Hall at 19:30<\/p>\n<p style=\"margin: 10px 0;\">Admission to all events (except the Enchanted Banquet) is free, but places are limited and for many booking is required via the website below.<\/p>\n<\/div>\n<div style=\"font-size: 13px; color: #534438; line-height: 20px;\"><\/div>\n<p style=\"font-size: 13px; color: #534438; line-height: 20px;\"><a style=\"color: #cc2979; text-decoration: none;\" href=\"http:\/\/www.stpatricksfestival.ie\/events\/love-my-city\">http:\/\/www.stpatricksfestival.ie\/events\/love-my-city<\/a><\/p>\n<\/td>\n<td valign=\"top\"><\/td>\n<\/tr>\n<\/tbody>\n<\/table>\n<\/td>\n<\/tr>\n<\/tbody>\n<\/table>\n<\/td>\n<\/tr>\n<\/tbody>\n<\/table>\n<table width=\"100%\" cellspacing=\"0\" cellpadding=\"0\">\n<tbody>\n<tr>\n<td style=\"padding: 10px 30px;\">\n<table width=\"100%\" cellspacing=\"0\" cellpadding=\"0\">\n<tbody>\n<tr>\n<td valign=\"top\" width=\"52\"><img loading=\"lazy\" decoding=\"async\" src=\"http:\/\/dublineventguide.com\/dff\/admin\/images\/categories\/MARKETS.png\" alt=\"\" width=\"32\" height=\"32\" \/><\/td>\n<td>\n<h2 style=\"font-size: 16px; color: #534438; margin: 0 0 5px; font-weight: normal;\">Stables Market<\/h2>\n<h3 style=\"font-size: 13px; margin: 0; padding: 0; line-height: 16px; color: #534438;\"><img loading=\"lazy\" decoding=\"async\" style=\"display: inline; float: left;\" src=\"http:\/\/dublineventguide.com\/dff\/admin\/images\/weekly.png\" alt=\"\" width=\"69\" height=\"16\" \/> 10:00 &#8211; 18:00, Sun 16 Mar<\/h3>\n<p style=\"font-size: 13px; color: #534438; line-height: 20px; margin: 0; padding-top: 0;\">72 Thomas Street (between the Vicar St venue &amp; Cafe Notto), Dublin 8<\/p>\n<table width=\"100%\" cellspacing=\"0\" cellpadding=\"0\">\n<tbody>\n<tr>\n<td valign=\"top\">\n<div style=\"font-size: 13px; color: #534438; line-height: 20px;\">\n<p style=\"margin: 10px 0;\">A new market (flea\/vintage\/etc) with two caf\u00e9s has opened in the same location in Thomas Street where the Ferocious Mingle Market was before their move to Camden Street.<\/p>\n<p style=\"margin: 10px 0;\">The new market in 72 Thomas Street is called Stable Market and it is open from Thursday until Sunday from 10:00-18:00 every day. It seems there is neither a website nor a Facebook Page yet.<\/p>\n<\/div>\n<div style=\"font-size: 13px; color: #534438; line-height: 20px;\"><\/div>\n<\/td>\n<td valign=\"top\"><\/td>\n<\/tr>\n<\/tbody>\n<\/table>\n<\/td>\n<\/tr>\n<\/tbody>\n<\/table>\n<\/td>\n<\/tr>\n<\/tbody>\n<\/table>\n<table width=\"100%\" cellspacing=\"0\" cellpadding=\"0\">\n<tbody>\n<tr>\n<td style=\"padding: 10px 30px;\">\n<table width=\"100%\" cellspacing=\"0\" cellpadding=\"0\">\n<tbody>\n<tr>\n<td valign=\"top\" width=\"52\"><img loading=\"lazy\" decoding=\"async\" src=\"http:\/\/dublineventguide.com\/dff\/admin\/images\/categories\/MARKETS.png\" alt=\"\" width=\"32\" height=\"32\" \/><\/td>\n<td>\n<h2 style=\"font-size: 16px; color: #534438; margin: 0 0 5px; font-weight: normal;\">Irish Record Fairs<\/h2>\n<h3 style=\"font-size: 13px; margin: 0; padding: 0; line-height: 16px; color: #534438;\">10:30 &#8211; 18:00, Sun 16 Mar<\/h3>\n<p style=\"font-size: 13px; color: #534438; line-height: 20px; margin: 0; padding-top: 0;\">Filmbase, Curved Street, Temple Bar, Dublin 2<\/p>\n<table width=\"100%\" cellspacing=\"0\" cellpadding=\"0\">\n<tbody>\n<tr>\n<td valign=\"top\">\n<div style=\"font-size: 13px; color: #534438; line-height: 20px;\">\n<p>This weekend the Music, CD &amp; Record Fair takes place in Dublin again. The venue is Filmbase and the times are Sat 10:30-18:00 and Sun 10:30-18:00. There will be 45 tables full of vinyl and CDs of all genres. There is an admission charge of EUR 2, but especially for all Dublin Event Guide readers there is free admission on Sunday if you show this concession voucher: <a style=\"color: #cc2979; text-decoration: none;\" href=\"http:\/\/www.irishrecordfairs.com\/concession%20page.htm\">http:\/\/www.irishrecordfairs.com\/concession%20page.htm<\/a> You can print it or show it on the phone.<\/p>\n<p>Check all other detail on the facebook page at <a style=\"color: #cc2979; text-decoration: none;\" href=\"https:\/\/www.facebook.com\/irishrecordfairs\">https:\/\/www.facebook.com\/irishrecordfairs<\/a> or on the website below.<\/p>\n<\/div>\n<div style=\"font-size: 13px; color: #534438; line-height: 20px;\"><\/div>\n<p style=\"font-size: 13px; color: #534438; line-height: 20px;\"><a style=\"color: #cc2979; text-decoration: none;\" href=\"http:\/\/www.irishrecordfairs.com\/\">http:\/\/www.irishrecordfairs.com\/<\/a><\/p>\n<\/td>\n<td valign=\"top\"><\/td>\n<\/tr>\n<\/tbody>\n<\/table>\n<\/td>\n<\/tr>\n<\/tbody>\n<\/table>\n<\/td>\n<\/tr>\n<\/tbody>\n<\/table>\n<table width=\"100%\" cellspacing=\"0\" cellpadding=\"0\">\n<tbody>\n<tr>\n<td style=\"padding: 10px 30px;\">\n<table width=\"100%\" cellspacing=\"0\" cellpadding=\"0\">\n<tbody>\n<tr>\n<td valign=\"top\" width=\"52\"><img loading=\"lazy\" decoding=\"async\" src=\"http:\/\/dublineventguide.com\/dff\/admin\/images\/categories\/MARKETS.png\" alt=\"\" width=\"32\" height=\"32\" \/><\/td>\n<td>\n<h2 style=\"font-size: 16px; color: #534438; margin: 0 0 5px; font-weight: normal;\">Brocante Furniture &amp; Vintage Market<\/h2>\n<h3 style=\"font-size: 13px; margin: 0; padding: 0; line-height: 16px; color: #534438;\">11:00 &#8211; 17:00, Sun 16 Mar<\/h3>\n<p style=\"font-size: 13px; color: #534438; line-height: 20px; margin: 0; padding-top: 0;\">Dublin Food Co-op, 12 Newmarket Square, Dublin 8<\/p>\n<table width=\"100%\" cellspacing=\"0\" cellpadding=\"0\">\n<tbody>\n<tr>\n<td valign=\"top\">\n<div style=\"font-size: 13px; color: #534438; line-height: 20px;\">\n<p style=\"margin: 10px 0;\">The Brocante Market will take place on Sun. It is a collection of antiques, furniture, vintage jewellery, collectables and curiosities from the past and present, second-hand, refurbished, antique and hand-crafted stuff for your house and garden. If you are an interior designer or just have and eye for style and are looking for a special piece or maybe a bargain then this is the market for you. The market is held every 3rd Sunday of the month.<\/p>\n<\/div>\n<div style=\"font-size: 13px; color: #534438; line-height: 20px;\"><\/div>\n<p style=\"font-size: 13px; color: #534438; line-height: 20px;\"><a style=\"color: #cc2979; text-decoration: none;\" href=\"https:\/\/www.facebook.com\/thebrocantemarket\">https:\/\/www.facebook.com\/thebrocantemarket<\/a><\/p>\n<\/td>\n<td valign=\"top\"><\/td>\n<\/tr>\n<\/tbody>\n<\/table>\n<\/td>\n<\/tr>\n<\/tbody>\n<\/table>\n<\/td>\n<\/tr>\n<\/tbody>\n<\/table>\n<table width=\"100%\" cellspacing=\"0\" cellpadding=\"0\">\n<tbody>\n<tr>\n<td style=\"padding: 10px 30px;\">\n<table width=\"100%\" cellspacing=\"0\" cellpadding=\"0\">\n<tbody>\n<tr>\n<td valign=\"top\" width=\"52\"><img loading=\"lazy\" decoding=\"async\" src=\"http:\/\/dublineventguide.com\/dff\/admin\/images\/categories\/MARKETS.png\" alt=\"\" width=\"32\" height=\"32\" \/><\/td>\n<td>\n<h2 style=\"font-size: 16px; color: #534438; margin: 0 0 5px; font-weight: normal;\">Dun Laoghaire Market<\/h2>\n<h3 style=\"font-size: 13px; margin: 0; padding: 0; line-height: 16px; color: #534438;\"><img loading=\"lazy\" decoding=\"async\" style=\"display: inline; float: left;\" src=\"http:\/\/dublineventguide.com\/dff\/admin\/images\/weekly.png\" alt=\"\" width=\"69\" height=\"16\" \/> 11:00 &#8211; 16:00, Sun 16 Mar<\/h3>\n<p style=\"font-size: 13px; color: #534438; line-height: 20px; margin: 0; padding-top: 0;\">People&#8217;s Park, Dun Laoghaire, Co. Dublin<\/p>\n<table width=\"100%\" cellspacing=\"0\" cellpadding=\"0\">\n<tbody>\n<tr>\n<td valign=\"top\">\n<div style=\"font-size: 13px; color: #534438; line-height: 20px;\">\n<p style=\"margin: 10px 0;\">A weekly market with lots of food, but also many other products (art &amp; crafts, books, etc) takes place every Sunday in the beautiful People&#8217;s Park in Dun Laoghaire. It is a very popular market and with around 50 vendors also one of the bigger markets.<\/p>\n<\/div>\n<div style=\"font-size: 13px; color: #534438; line-height: 20px;\"><\/div>\n<p style=\"font-size: 13px; color: #534438; line-height: 20px;\"><a style=\"color: #cc2979; text-decoration: none;\" href=\"http:\/\/www.dlrcoco.ie\/aboutus\/councildepartments\/environment\/findit\/markets\/\">http:\/\/www.dlrcoco.ie\/aboutus\/councildepartments\/environment\/findit\/markets\/<\/a><\/p>\n<\/td>\n<td valign=\"top\"><\/td>\n<\/tr>\n<\/tbody>\n<\/table>\n<\/td>\n<\/tr>\n<\/tbody>\n<\/table>\n<\/td>\n<\/tr>\n<\/tbody>\n<\/table>\n<table width=\"100%\" cellspacing=\"0\" cellpadding=\"0\">\n<tbody>\n<tr>\n<td style=\"padding: 10px 30px;\">\n<table width=\"100%\" cellspacing=\"0\" cellpadding=\"0\">\n<tbody>\n<tr>\n<td valign=\"top\" width=\"52\"><img loading=\"lazy\" decoding=\"async\" src=\"http:\/\/dublineventguide.com\/dff\/admin\/images\/categories\/ACTIVITY.png\" alt=\"\" width=\"32\" height=\"32\" \/><\/td>\n<td>\n<h2 style=\"font-size: 16px; color: #534438; margin: 0 0 5px; font-weight: normal;\">Festival Funfairs<\/h2>\n<h3 style=\"font-size: 13px; margin: 0; padding: 0; line-height: 16px; color: #534438;\">11:00 &#8211; 22:00, Sun 16 Mar<\/h3>\n<p style=\"font-size: 13px; color: #534438; line-height: 20px; margin: 0; padding-top: 0;\">Dublin (various locations)<\/p>\n<table width=\"100%\" cellspacing=\"0\" cellpadding=\"0\">\n<tbody>\n<tr>\n<td valign=\"top\">\n<div style=\"font-size: 13px; color: #534438; line-height: 20px;\">\n<p style=\"margin: 10px 0;\">At Merrion Square and at Customs House Quay two St. Patrick&#8217;s Festival Funfairs will take place. Admission to the funfairs is free, but you obviously pay for the different activities\/rides.<\/p>\n<\/div>\n<div style=\"font-size: 13px; color: #534438; line-height: 20px;\"><\/div>\n<p style=\"font-size: 13px; color: #534438; line-height: 20px;\"><a style=\"color: #cc2979; text-decoration: none;\" href=\"http:\/\/www.stpatricksfestival.ie\/events\/event\/city_at_play_funfairs6\">http:\/\/www.stpatricksfestival.ie\/events\/event\/city_at_play_funfairs6<\/a><\/p>\n<\/td>\n<td valign=\"top\"><\/td>\n<\/tr>\n<\/tbody>\n<\/table>\n<\/td>\n<\/tr>\n<\/tbody>\n<\/table>\n<\/td>\n<\/tr>\n<\/tbody>\n<\/table>\n<table width=\"100%\" cellspacing=\"0\" cellpadding=\"0\">\n<tbody>\n<tr>\n<td style=\"padding: 10px 30px;\">\n<table width=\"100%\" cellspacing=\"0\" cellpadding=\"0\">\n<tbody>\n<tr>\n<td valign=\"top\" width=\"52\"><img loading=\"lazy\" decoding=\"async\" src=\"http:\/\/dublineventguide.com\/dff\/admin\/images\/categories\/MARKETS.png\" alt=\"\" width=\"32\" height=\"32\" \/><\/td>\n<td>\n<h2 style=\"font-size: 16px; color: #534438; margin: 0 0 5px; font-weight: normal;\">Longmile Road Markets<\/h2>\n<h3 style=\"font-size: 13px; margin: 0; padding: 0; line-height: 16px; color: #534438;\"><img loading=\"lazy\" decoding=\"async\" style=\"display: inline; float: left;\" src=\"http:\/\/dublineventguide.com\/dff\/admin\/images\/weekly.png\" alt=\"\" width=\"69\" height=\"16\" \/> 11:00 &#8211; 17:00, Sun 16 Mar<\/h3>\n<p style=\"font-size: 13px; color: #534438; line-height: 20px; margin: 0; padding-top: 0;\">Long Mile Road, Dublin 12<\/p>\n<table width=\"100%\" cellspacing=\"0\" cellpadding=\"0\">\n<tbody>\n<tr>\n<td valign=\"top\">\n<div style=\"font-size: 13px; color: #534438; line-height: 20px;\">\n<p>There seem to be TWO weekly markets on Long Mile Road and both are very close to each other. One is behind Wigoders on Long Mile Road (across the road from Aldi). It hosts more than 50 stalls and there is also a Cafe on site. <a style=\"color: #cc2979; text-decoration: none;\" href=\"https:\/\/www.facebook.com\/WigodersLongmileMarket\">https:\/\/www.facebook.com\/WigodersLongmileMarket<\/a> And the other one is just on the other side of the road, next to Aldi. <a style=\"color: #cc2979; text-decoration: none;\" href=\"https:\/\/www.facebook.com\/TheLongMileRdMarket\">https:\/\/www.facebook.com\/TheLongMileRdMarket<\/a><\/p>\n<\/div>\n<div style=\"font-size: 13px; color: #534438; line-height: 20px;\"><\/div>\n<\/td>\n<td valign=\"top\"><\/td>\n<\/tr>\n<\/tbody>\n<\/table>\n<\/td>\n<\/tr>\n<\/tbody>\n<\/table>\n<\/td>\n<\/tr>\n<\/tbody>\n<\/table>\n<table width=\"100%\" cellspacing=\"0\" cellpadding=\"0\">\n<tbody>\n<tr>\n<td style=\"padding: 10px 30px;\">\n<table width=\"100%\" cellspacing=\"0\" cellpadding=\"0\">\n<tbody>\n<tr>\n<td valign=\"top\" width=\"52\"><img loading=\"lazy\" decoding=\"async\" src=\"http:\/\/dublineventguide.com\/dff\/admin\/images\/categories\/MUSIC.png\" alt=\"\" width=\"32\" height=\"32\" \/><\/td>\n<td>\n<h2 style=\"font-size: 16px; color: #534438; margin: 0 0 5px; font-weight: normal;\">Palestrina Choir<\/h2>\n<h3 style=\"font-size: 13px; margin: 0; padding: 0; line-height: 16px; color: #534438;\"><img loading=\"lazy\" decoding=\"async\" style=\"display: inline; float: left;\" src=\"http:\/\/dublineventguide.com\/dff\/admin\/images\/weekly.png\" alt=\"\" width=\"69\" height=\"16\" \/> 11:00, Sun 16 Mar<\/h3>\n<p style=\"font-size: 13px; color: #534438; line-height: 20px; margin: 0; padding-top: 0;\">St. Mary&#8217;s Pro-Cathedral, 83 Marlborough Street, Dublin 1<\/p>\n<table width=\"100%\" cellspacing=\"0\" cellpadding=\"0\">\n<tbody>\n<tr>\n<td valign=\"top\">\n<div style=\"font-size: 13px; color: #534438; line-height: 20px;\">\n<p style=\"margin: 10px 0;\">The well known Palestrina Choir sing every Sunday at the mass in St Mary&#8217;s Pro-Cathedral. They sing complete masterworks by Mozart, Haydn, Dvorak, Palestrina, de Victoria, usually accompanied by Prof. Gerard Gillen on the organ, who often also plays a solo piece.<\/p>\n<\/div>\n<div style=\"font-size: 13px; color: #534438; line-height: 20px;\"><\/div>\n<p style=\"font-size: 13px; color: #534438; line-height: 20px;\"><a style=\"color: #cc2979; text-decoration: none;\" href=\"http:\/\/www.procathedral.ie\/music\/this-week\">http:\/\/www.procathedral.ie\/music\/this-week<\/a><\/p>\n<\/td>\n<td valign=\"top\"><\/td>\n<\/tr>\n<\/tbody>\n<\/table>\n<\/td>\n<\/tr>\n<\/tbody>\n<\/table>\n<\/td>\n<\/tr>\n<\/tbody>\n<\/table>\n<table width=\"100%\" cellspacing=\"0\" cellpadding=\"0\">\n<tbody>\n<tr>\n<td style=\"padding: 10px 30px;\">\n<table width=\"100%\" cellspacing=\"0\" cellpadding=\"0\">\n<tbody>\n<tr>\n<td valign=\"top\" width=\"52\"><img loading=\"lazy\" decoding=\"async\" src=\"http:\/\/dublineventguide.com\/dff\/admin\/images\/categories\/MARKETS.png\" alt=\"\" width=\"32\" height=\"32\" \/><\/td>\n<td>\n<h2 style=\"font-size: 16px; color: #534438; margin: 0 0 5px; font-weight: normal;\">The Big Upcycle Pop Up Market<\/h2>\n<h3 style=\"font-size: 13px; margin: 0; padding: 0; line-height: 16px; color: #534438;\">11:00 &#8211; 18:00, Sun 16 Mar<\/h3>\n<p style=\"font-size: 13px; color: #534438; line-height: 20px; margin: 0; padding-top: 0;\">Old Fire Station, 190a Lower Rathmines Road, Rathmines, Dublin 6<\/p>\n<table width=\"100%\" cellspacing=\"0\" cellpadding=\"0\">\n<tbody>\n<tr>\n<td valign=\"top\">\n<div style=\"font-size: 13px; color: #534438; line-height: 20px;\">\n<p style=\"margin: 10px 0;\">The BIG Upcycle Pop Up Market showcases the best of Irelands Upcyclers under one roof.<\/p>\n<p style=\"margin: 10px 0;\">From fashion to furniture, gifts to art, everything for sale has been made from materials that may otherwise be considered useless but with a creativity, imagination and skill they have been transformed into high quality, high end products.<\/p>\n<p style=\"margin: 10px 0;\">The Mart in the Old Fire Station in Rathmines is hosting this market. Admission is free.<\/p>\n<\/div>\n<div style=\"font-size: 13px; color: #534438; line-height: 20px;\"><\/div>\n<p style=\"font-size: 13px; color: #534438; line-height: 20px;\"><a style=\"color: #cc2979; text-decoration: none;\" href=\"https:\/\/www.facebook.com\/events\/647071375349245\">https:\/\/www.facebook.com\/events\/647071375349245<\/a><\/p>\n<\/td>\n<td valign=\"top\"><\/td>\n<\/tr>\n<\/tbody>\n<\/table>\n<\/td>\n<\/tr>\n<\/tbody>\n<\/table>\n<\/td>\n<\/tr>\n<\/tbody>\n<\/table>\n<table width=\"100%\" cellspacing=\"0\" cellpadding=\"0\">\n<tbody>\n<tr>\n<td style=\"padding: 10px 30px;\">\n<table width=\"100%\" cellspacing=\"0\" cellpadding=\"0\">\n<tbody>\n<tr>\n<td valign=\"top\" width=\"52\"><img loading=\"lazy\" decoding=\"async\" src=\"http:\/\/dublineventguide.com\/dff\/admin\/images\/categories\/MARKETS.png\" alt=\"\" width=\"32\" height=\"32\" \/><\/td>\n<td>\n<h2 style=\"font-size: 16px; color: #534438; margin: 0 0 5px; font-weight: normal;\">The Ferocious Mingle Marcade<\/h2>\n<h3 style=\"font-size: 13px; margin: 0; padding: 0; line-height: 16px; color: #534438;\"><img loading=\"lazy\" decoding=\"async\" style=\"display: inline; float: left;\" src=\"http:\/\/dublineventguide.com\/dff\/admin\/images\/weekly.png\" alt=\"\" width=\"69\" height=\"16\" \/> 11:00 &#8211; 18:00, Sun 16 Mar<\/h3>\n<p style=\"font-size: 13px; color: #534438; line-height: 20px; margin: 0; padding-top: 0;\">60 Camden Street, Dublin 2<\/p>\n<table width=\"100%\" cellspacing=\"0\" cellpadding=\"0\">\n<tbody>\n<tr>\n<td valign=\"top\">\n<div style=\"font-size: 13px; color: #534438; line-height: 20px;\">\n<p style=\"margin: 10px 0;\">The Ferocious Mingle Marcade (Market and Arcade) is back in a new location. The Marcade is now in Camden Street next to Daintree Paper and opposite the Centra and off-license there. It takes place every Thurs-Sun and is a flea-market-type permanent market with stalls and &#8220;chalets&#8221; for traders.<\/p>\n<\/div>\n<div style=\"font-size: 13px; color: #534438; line-height: 20px;\"><\/div>\n<p style=\"font-size: 13px; color: #534438; line-height: 20px;\"><a style=\"color: #cc2979; text-decoration: none;\" href=\"https:\/\/www.facebook.com\/pages\/The-Ferocious-Mingle-Marcade\/232446616822953\">https:\/\/www.facebook.com\/pages\/The-Ferocious-Mingle-Marcade\/232446616822953<\/a><\/p>\n<\/td>\n<td valign=\"top\"><\/td>\n<\/tr>\n<\/tbody>\n<\/table>\n<\/td>\n<\/tr>\n<\/tbody>\n<\/table>\n<\/td>\n<\/tr>\n<\/tbody>\n<\/table>\n<table width=\"100%\" cellspacing=\"0\" cellpadding=\"0\">\n<tbody>\n<tr>\n<td style=\"padding: 10px 30px;\">\n<table width=\"100%\" cellspacing=\"0\" cellpadding=\"0\">\n<tbody>\n<tr>\n<td valign=\"top\" width=\"52\"><img loading=\"lazy\" decoding=\"async\" src=\"http:\/\/dublineventguide.com\/dff\/admin\/images\/categories\/TALKS.png\" alt=\"\" width=\"32\" height=\"32\" \/><\/td>\n<td>\n<h2 style=\"font-size: 16px; color: #534438; margin: 0 0 5px; font-weight: normal;\">National Gallery Talks<\/h2>\n<h3 style=\"font-size: 13px; margin: 0; padding: 0; line-height: 16px; color: #534438;\"><img loading=\"lazy\" decoding=\"async\" style=\"display: inline; float: left;\" src=\"http:\/\/dublineventguide.com\/dff\/admin\/images\/weekly.png\" alt=\"\" width=\"69\" height=\"16\" \/> 11:30 &#8211; 16:50, Sun 16 Mar<\/h3>\n<p style=\"font-size: 13px; color: #534438; line-height: 20px; margin: 0; padding-top: 0;\">National Gallery, Clare Street, Dublin 2<\/p>\n<table width=\"100%\" cellspacing=\"0\" cellpadding=\"0\">\n<tbody>\n<tr>\n<td valign=\"top\">\n<div style=\"font-size: 13px; color: #534438; line-height: 20px;\">\n<p style=\"margin: 10px 0;\">The National Gallery has an extensive programme of free talks, public tours and Art Documentary screenings focusing on highlights of the European and Irish Collection every day of the week. Check their website for details.<\/p>\n<\/div>\n<div style=\"font-size: 13px; color: #534438; line-height: 20px;\"><\/div>\n<p style=\"font-size: 13px; color: #534438; line-height: 20px;\"><a style=\"color: #cc2979; text-decoration: none;\" href=\"http:\/\/nationalgallery.ie\/whatson\">http:\/\/nationalgallery.ie\/whatson<\/a><\/p>\n<\/td>\n<td valign=\"top\"><\/td>\n<\/tr>\n<\/tbody>\n<\/table>\n<\/td>\n<\/tr>\n<\/tbody>\n<\/table>\n<\/td>\n<\/tr>\n<\/tbody>\n<\/table>\n<table width=\"100%\" cellspacing=\"0\" cellpadding=\"0\">\n<tbody>\n<tr>\n<td style=\"padding: 10px 30px;\">\n<table width=\"100%\" cellspacing=\"0\" cellpadding=\"0\">\n<tbody>\n<tr>\n<td valign=\"top\" width=\"52\"><img loading=\"lazy\" decoding=\"async\" src=\"http:\/\/dublineventguide.com\/dff\/admin\/images\/categories\/ACTIVITY.png\" alt=\"\" width=\"32\" height=\"32\" \/><\/td>\n<td>\n<h2 style=\"font-size: 16px; color: #534438; margin: 0 0 5px; font-weight: normal;\">Powerscourt Townhouse St. Patrick&#8217;s Festival<\/h2>\n<h3 style=\"font-size: 13px; margin: 0; padding: 0; line-height: 16px; color: #534438;\">11:30, Sun 16 Mar<\/h3>\n<p style=\"font-size: 13px; color: #534438; line-height: 20px; margin: 0; padding-top: 0;\">Powerscourt Centre, 59 South William Street, Dublin 2<\/p>\n<table width=\"100%\" cellspacing=\"0\" cellpadding=\"0\">\n<tbody>\n<tr>\n<td valign=\"top\">\n<div style=\"font-size: 13px; color: #534438; line-height: 20px;\">\n<p style=\"margin: 10px 0;\">A number of St. Patrick&#8217;s Festival events take place in the Powerscourt Townhouse:<\/p>\n<p>Sat: 15 March:<br \/>\n11:30 Free Tour of the Centre (meet at information desk)<br \/>\n12:30 Corus Choir<br \/>\n14:30 Hop Up Irish Dancing in Powerscourt Theatre (2nd floor)<\/p>\n<p>Sun 16 March:<br \/>\n12:30 Corus Choir<br \/>\n15:00 Hop Up Irish Dancing in Powerscourt Theatre (2nd floor)<br \/>\n14:30-16:30 Traditional Irish Music<\/p>\n<p>Mon 17 March:<br \/>\n13:00+15:00 Mo Hat Mo Gheansai &#8211; Performance<br \/>\n12:30-16:00 Face Painting &amp; Balloon Sculpting<br \/>\n13:00+15:00 Free Tours of the Centre (meet at information desk)<br \/>\n14:30 +16:30 Irish Dancing (couryard stage)<br \/>\n15:00 Hop Up Irish Dancing in Powerscourt Theatre (2nd floor)<\/p>\n<p style=\"margin: 10px 0;\">Admission is free to all events.<\/p>\n<\/div>\n<div style=\"font-size: 13px; color: #534438; line-height: 20px;\"><\/div>\n<p style=\"font-size: 13px; color: #534438; line-height: 20px;\"><a style=\"color: #cc2979; text-decoration: none;\" href=\"http:\/\/www.powerscourtcentre.ie\/category\/events\/\">http:\/\/www.powerscourtcentre.ie\/category\/events\/<\/a><\/p>\n<\/td>\n<td valign=\"top\"><\/td>\n<\/tr>\n<\/tbody>\n<\/table>\n<\/td>\n<\/tr>\n<\/tbody>\n<\/table>\n<\/td>\n<\/tr>\n<\/tbody>\n<\/table>\n<table width=\"100%\" cellspacing=\"0\" cellpadding=\"0\">\n<tbody>\n<tr>\n<td style=\"padding: 10px 30px;\">\n<table width=\"100%\" cellspacing=\"0\" cellpadding=\"0\">\n<tbody>\n<tr>\n<td valign=\"top\" width=\"52\"><img loading=\"lazy\" decoding=\"async\" src=\"http:\/\/dublineventguide.com\/dff\/admin\/images\/categories\/MARKETS.png\" alt=\"\" width=\"32\" height=\"32\" \/><\/td>\n<td>\n<h2 style=\"font-size: 16px; color: #534438; margin: 0 0 5px; font-weight: normal;\">Blackrock Market<\/h2>\n<h3 style=\"font-size: 13px; margin: 0; padding: 0; line-height: 16px; color: #534438;\"><img loading=\"lazy\" decoding=\"async\" style=\"display: inline; float: left;\" src=\"http:\/\/dublineventguide.com\/dff\/admin\/images\/weekly.png\" alt=\"\" width=\"69\" height=\"16\" \/> 12:00 &#8211; 17:30, Sun 16 Mar<\/h3>\n<p style=\"font-size: 13px; color: #534438; line-height: 20px; margin: 0; padding-top: 0;\">Blackrock Market, 19 Main Street, Blackrock, Co. Dublin<\/p>\n<table width=\"100%\" cellspacing=\"0\" cellpadding=\"0\">\n<tbody>\n<tr>\n<td valign=\"top\">\n<div style=\"font-size: 13px; color: #534438; line-height: 20px;\">\n<p>At the Blackrock Market in the centre of Blackrock, you&#8217;ll find 50 stalls selling collectibles, antiques, handmade goods, books, food &amp; there&#8217;s free popcorn, ballons &amp; facepainting for the kids.<br \/>\nOpen on Sundays: 12:00-17:30. Open on Saturdays and Bank Holidays: 11:00-17:30.<\/p>\n<\/div>\n<div style=\"font-size: 13px; color: #534438; line-height: 20px;\"><\/div>\n<p style=\"font-size: 13px; color: #534438; line-height: 20px;\"><a style=\"color: #cc2979; text-decoration: none;\" href=\"http:\/\/www.blackrockmarket.com\/\">http:\/\/www.blackrockmarket.com\/<\/a><\/p>\n<\/td>\n<td valign=\"top\"><\/td>\n<\/tr>\n<\/tbody>\n<\/table>\n<\/td>\n<\/tr>\n<\/tbody>\n<\/table>\n<\/td>\n<\/tr>\n<\/tbody>\n<\/table>\n<table width=\"100%\" cellspacing=\"0\" cellpadding=\"0\">\n<tbody>\n<tr>\n<td style=\"padding: 10px 30px;\">\n<table width=\"100%\" cellspacing=\"0\" cellpadding=\"0\">\n<tbody>\n<tr>\n<td valign=\"top\" width=\"52\"><img loading=\"lazy\" decoding=\"async\" src=\"http:\/\/dublineventguide.com\/dff\/admin\/images\/categories\/ACTIVITY.png\" alt=\"\" width=\"32\" height=\"32\" \/><\/td>\n<td>\n<h2 style=\"font-size: 16px; color: #534438; margin: 0 0 5px; font-weight: normal;\">Fail Better &#8211; Science Gallery Exhibition<\/h2>\n<h3 style=\"font-size: 13px; margin: 0; padding: 0; line-height: 16px; color: #534438;\"><img loading=\"lazy\" decoding=\"async\" style=\"display: inline; float: left;\" src=\"http:\/\/dublineventguide.com\/dff\/admin\/images\/weekly.png\" alt=\"\" width=\"69\" height=\"16\" \/> 12:00 &#8211; 18:00, Sun 16 Mar<\/h3>\n<p style=\"font-size: 13px; color: #534438; line-height: 20px; margin: 0; padding-top: 0;\">Science Gallery, Pearse Street, TCD, Dublin 2<\/p>\n<table width=\"100%\" cellspacing=\"0\" cellpadding=\"0\">\n<tbody>\n<tr>\n<td valign=\"top\">\n<div style=\"font-size: 13px; color: #534438; line-height: 20px;\">\n<p style=\"margin: 10px 0;\">The newest Science Gallery exhibition has the theme &#8220;Fail Better&#8221; and it will run from 07 Feb &#8211; 27 Apr. The title comes from Samuel Beckett&#8217;s &#8220;Ever tried. Ever failed. No matter. Try again. Fail again. Fail better.&#8221; and the exhibition looks at beautiful and instructive failures. The purpose is to open up a debate on the essential role of failure in human creativity, in technology, science, design, business and sport.<\/p>\n<p style=\"margin: 10px 0;\">20 unique exhibits, from a pair of explorer boots that caused Ranulph Fiennes to fail in an Everest attempt, via Christopher Reeve&#8217;s (Superman) original wheelchair, to a full-scale reconstruction of the the world&#8217;s worst or maddest invention: a big table that is meant to assist childbirth using centrifugal force.<\/p>\n<p style=\"margin: 10px 0;\">I visited the exhibition and I definitely recommend it. Age-wise, I would think that it is suitable for children from Age 12\/13 as long as the parents are prepared to read a good bit of explanatory text and then &#8220;translate&#8221; it for their children. There is no overly complicated stuff, but most of the exhibits are not self-explanatory. But there is a strong reason for bringing your kids: We have in general a negative attitude to Failure. This exhibition will help you to change that!<\/p>\n<p style=\"margin: 10px 0;\">Admission is free and opening hours are Tues-Fri 12:00-20:00 and Sat+Sun 12:00-18:00.<\/p>\n<\/div>\n<div style=\"font-size: 13px; color: #534438; line-height: 20px;\"><\/div>\n<p style=\"font-size: 13px; color: #534438; line-height: 20px;\"><a style=\"color: #cc2979; text-decoration: none;\" href=\"http:\/\/www.sciencegallery.com\/failbetter\">http:\/\/www.sciencegallery.com\/failbetter<\/a><\/p>\n<\/td>\n<td valign=\"top\"><\/td>\n<\/tr>\n<\/tbody>\n<\/table>\n<\/td>\n<\/tr>\n<\/tbody>\n<\/table>\n<\/td>\n<\/tr>\n<\/tbody>\n<\/table>\n<table width=\"100%\" cellspacing=\"0\" cellpadding=\"0\">\n<tbody>\n<tr>\n<td style=\"padding: 10px 30px;\">\n<table width=\"100%\" cellspacing=\"0\" cellpadding=\"0\">\n<tbody>\n<tr>\n<td valign=\"top\" width=\"52\"><img loading=\"lazy\" decoding=\"async\" src=\"http:\/\/dublineventguide.com\/dff\/admin\/images\/categories\/ACTIVITY.png\" alt=\"\" width=\"32\" height=\"32\" \/><\/td>\n<td>\n<h2 style=\"font-size: 16px; color: #534438; margin: 0 0 5px; font-weight: normal;\">Festival 5 km Road Race<\/h2>\n<h3 style=\"font-size: 13px; margin: 0; padding: 0; line-height: 16px; color: #534438;\">12:00, Sun 16 Mar<\/h3>\n<p style=\"font-size: 13px; color: #534438; line-height: 20px; margin: 0; padding-top: 0;\">St. Stephen&#8217;s Green, Dublin 2<\/p>\n<table width=\"100%\" cellspacing=\"0\" cellpadding=\"0\">\n<tbody>\n<tr>\n<td valign=\"top\">\n<div style=\"font-size: 13px; color: #534438; line-height: 20px;\">\n<p>A 5km Road Race takes place from 12:00 on Sunday. Participation is not free, but you can cheer on the runners for free if you wish. Start and finish is on St. Stephen&#8217;s Green North and in between they are zig-zagging and criss-crossing the small area between St. Stephen&#8217;s Green and the Canal\/Mespil Road like an escaping rabbit. Have a look at the map here <a style=\"color: #cc2979; text-decoration: none;\" href=\"http:\/\/www.msbac.ie\/images\/stories\/Images\/StPats5KMap.pdf\">http:\/\/www.msbac.ie\/images\/stories\/Images\/StPats5KMap.pdf<\/a><\/p>\n<\/div>\n<div style=\"font-size: 13px; color: #534438; line-height: 20px;\"><\/div>\n<p style=\"font-size: 13px; color: #534438; line-height: 20px;\"><a style=\"color: #cc2979; text-decoration: none;\" href=\"http:\/\/www.stpatricksfestival.ie\/events\/event\/st._patricks_5km_festival_road_race\">http:\/\/www.stpatricksfestival.ie\/events\/event\/st._patricks_5km_festival_road_race<\/a><\/p>\n<\/td>\n<td valign=\"top\"><\/td>\n<\/tr>\n<\/tbody>\n<\/table>\n<\/td>\n<\/tr>\n<\/tbody>\n<\/table>\n<\/td>\n<\/tr>\n<\/tbody>\n<\/table>\n<table width=\"100%\" cellspacing=\"0\" cellpadding=\"0\">\n<tbody>\n<tr>\n<td style=\"padding: 10px 30px;\">\n<table width=\"100%\" cellspacing=\"0\" cellpadding=\"0\">\n<tbody>\n<tr>\n<td valign=\"top\" width=\"52\"><img loading=\"lazy\" decoding=\"async\" src=\"http:\/\/dublineventguide.com\/dff\/admin\/images\/categories\/ACTIVITY.png\" alt=\"\" width=\"32\" height=\"32\" \/><\/td>\n<td>\n<h2 style=\"font-size: 16px; color: #534438; margin: 0 0 5px; font-weight: normal;\">Festival Big Day Out &#8211; Family Day<\/h2>\n<h3 style=\"font-size: 13px; margin: 0; padding: 0; line-height: 16px; color: #534438;\">12:00 &#8211; 18:00, Sun 16 Mar<\/h3>\n<p style=\"font-size: 13px; color: #534438; line-height: 20px; margin: 0; padding-top: 0;\">Merrion Square, Dublin 2<\/p>\n<table width=\"100%\" cellspacing=\"0\" cellpadding=\"0\">\n<tbody>\n<tr>\n<td valign=\"top\">\n<div style=\"font-size: 13px; color: #534438; line-height: 20px;\">\n<p style=\"margin: 10px 0;\">One of the highlights of the St. Patrick&#8217;s Festival is the Big Day Out. It is a relaxed day around Merrion Square with street carnival, street performances, theatre, workshops, open-air shows, music, the SFI Discover Acience Zone, the UNESCO Literary Zone, a Gaeilge zone, art zones and more. Admission is free.<\/p>\n<\/div>\n<div style=\"font-size: 13px; color: #534438; line-height: 20px;\"><\/div>\n<p style=\"font-size: 13px; color: #534438; line-height: 20px;\"><a style=\"color: #cc2979; text-decoration: none;\" href=\"http:\/\/www.stpatricksfestival.ie\/events\/event\/big_day_out2\">http:\/\/www.stpatricksfestival.ie\/events\/event\/big_day_out2<\/a><\/p>\n<\/td>\n<td valign=\"top\"><\/td>\n<\/tr>\n<\/tbody>\n<\/table>\n<\/td>\n<\/tr>\n<\/tbody>\n<\/table>\n<\/td>\n<\/tr>\n<\/tbody>\n<\/table>\n<table width=\"100%\" cellspacing=\"0\" cellpadding=\"0\">\n<tbody>\n<tr>\n<td style=\"padding: 10px 30px;\">\n<table width=\"100%\" cellspacing=\"0\" cellpadding=\"0\">\n<tbody>\n<tr>\n<td valign=\"top\" width=\"52\"><img loading=\"lazy\" decoding=\"async\" src=\"http:\/\/dublineventguide.com\/dff\/admin\/images\/categories\/MARKETS.png\" alt=\"\" width=\"32\" height=\"32\" \/><\/td>\n<td>\n<h2 style=\"font-size: 16px; color: #534438; margin: 0 0 5px; font-weight: normal;\">Made by Hand &#8211; Market<\/h2>\n<h3 style=\"font-size: 13px; margin: 0; padding: 0; line-height: 16px; color: #534438;\">12:00 &#8211; 17:00, Sun 16 Mar<\/h3>\n<p style=\"font-size: 13px; color: #534438; line-height: 20px; margin: 0; padding-top: 0;\">Viva, 27 South Richmond Street, Portobello<\/p>\n<table width=\"100%\" cellspacing=\"0\" cellpadding=\"0\">\n<tbody>\n<tr>\n<td valign=\"top\">\n<div style=\"font-size: 13px; color: #534438; line-height: 20px;\">\n<p style=\"margin: 10px 0;\">&#8220;Made by Hand&#8221; or &#8220;Hecho a manos&#8221; is a new Sunday weekly market in Viva, Portobello with most things made by hand and some vintage clothing and curiosities too. Admission is free.<\/p>\n<\/div>\n<div style=\"font-size: 13px; color: #534438; line-height: 20px;\"><\/div>\n<p style=\"font-size: 13px; color: #534438; line-height: 20px;\"><a style=\"color: #cc2979; text-decoration: none;\" href=\"https:\/\/www.facebook.com\/events\/623874574328582\">https:\/\/www.facebook.com\/events\/623874574328582<\/a><\/p>\n<\/td>\n<td valign=\"top\"><\/td>\n<\/tr>\n<\/tbody>\n<\/table>\n<\/td>\n<\/tr>\n<\/tbody>\n<\/table>\n<\/td>\n<\/tr>\n<\/tbody>\n<\/table>\n<table width=\"100%\" cellspacing=\"0\" cellpadding=\"0\">\n<tbody>\n<tr>\n<td style=\"padding: 10px 30px;\">\n<table width=\"100%\" cellspacing=\"0\" cellpadding=\"0\">\n<tbody>\n<tr>\n<td valign=\"top\" width=\"52\"><img loading=\"lazy\" decoding=\"async\" src=\"http:\/\/dublineventguide.com\/dff\/admin\/images\/categories\/MARKETS.png\" alt=\"\" width=\"32\" height=\"32\" \/><\/td>\n<td>\n<h2 style=\"font-size: 16px; color: #534438; margin: 0 0 5px; font-weight: normal;\">Mother Redcap&#8217;s Indoor Market<\/h2>\n<h3 style=\"font-size: 13px; margin: 0; padding: 0; line-height: 16px; color: #534438;\"><img loading=\"lazy\" decoding=\"async\" style=\"display: inline; float: left;\" src=\"http:\/\/dublineventguide.com\/dff\/admin\/images\/weekly.png\" alt=\"\" width=\"69\" height=\"16\" \/> 12:00 &#8211; 17:30, Sun 16 Mar<\/h3>\n<p style=\"font-size: 13px; color: #534438; line-height: 20px; margin: 0; padding-top: 0;\">Unit 95, Malahide Road Industrial Park, Malahide Road, Coolock, Dublin 17<\/p>\n<table width=\"100%\" cellspacing=\"0\" cellpadding=\"0\">\n<tbody>\n<tr>\n<td valign=\"top\">\n<div style=\"font-size: 13px; color: #534438; line-height: 20px;\">\n<p style=\"margin: 10px 0;\">An indoor market in Coolock with over 40 traders with a wide range of goods and a caf\u00e9 on site as well.<\/p>\n<\/div>\n<div style=\"font-size: 13px; color: #534438; line-height: 20px;\"><\/div>\n<p style=\"font-size: 13px; color: #534438; line-height: 20px;\"><a style=\"color: #cc2979; text-decoration: none;\" href=\"https:\/\/www.facebook.com\/MotherRedcaps.Market\">https:\/\/www.facebook.com\/MotherRedcaps.Market<\/a><\/p>\n<\/td>\n<td valign=\"top\"><\/td>\n<\/tr>\n<\/tbody>\n<\/table>\n<\/td>\n<\/tr>\n<\/tbody>\n<\/table>\n<\/td>\n<\/tr>\n<\/tbody>\n<\/table>\n<table width=\"100%\" cellspacing=\"0\" cellpadding=\"0\">\n<tbody>\n<tr>\n<td style=\"padding: 10px 30px;\">\n<table width=\"100%\" cellspacing=\"0\" cellpadding=\"0\">\n<tbody>\n<tr>\n<td valign=\"top\" width=\"52\"><img loading=\"lazy\" decoding=\"async\" src=\"http:\/\/dublineventguide.com\/dff\/admin\/images\/categories\/MUSIC.png\" alt=\"\" width=\"32\" height=\"32\" \/><\/td>\n<td>\n<h2 style=\"font-size: 16px; color: #534438; margin: 0 0 5px; font-weight: normal;\">Sunday at Noon &#8211; Classic Music<\/h2>\n<h3 style=\"font-size: 13px; margin: 0; padding: 0; line-height: 16px; color: #534438;\"><img loading=\"lazy\" decoding=\"async\" style=\"display: inline; float: left;\" src=\"http:\/\/dublineventguide.com\/dff\/admin\/images\/weekly.png\" alt=\"\" width=\"69\" height=\"16\" \/> 12:00 &#8211; 13:00, Sun 16 Mar<\/h3>\n<p style=\"font-size: 13px; color: #534438; line-height: 20px; margin: 0; padding-top: 0;\">Hugh Lane Gallery, Parnell Square North, Dublin 1<\/p>\n<table width=\"100%\" cellspacing=\"0\" cellpadding=\"0\">\n<tbody>\n<tr>\n<td valign=\"top\">\n<div style=\"font-size: 13px; color: #534438; line-height: 20px;\">\n<p style=\"margin: 10px 0;\">The Sundays at Noon Concert Series continues in the Sculpture Gallery at the Hugh Lane Gallery. This series of free (mainly classical) concerts continues to present the best of Irish and International music and musicians. Concerts run from September to June. The next concert will feature Elizabeth Cooney-violin, Marc Coppey-cello and Finghin Collins-piano performing Haydn, Copland, Shostakovich.<\/p>\n<\/div>\n<div style=\"font-size: 13px; color: #534438; line-height: 20px;\"><\/div>\n<p style=\"font-size: 13px; color: #534438; line-height: 20px;\"><a style=\"color: #cc2979; text-decoration: none;\" href=\"http:\/\/www.hughlane.ie\/past-sunday-concerts\/1104-sundaysnoon-haydn-copland-shostakovich\">http:\/\/www.hughlane.ie\/past-sunday-concerts\/1104-sundaysnoon-haydn-copland-shostakovich<\/a><\/p>\n<\/td>\n<td valign=\"top\"><\/td>\n<\/tr>\n<\/tbody>\n<\/table>\n<\/td>\n<\/tr>\n<\/tbody>\n<\/table>\n<\/td>\n<\/tr>\n<\/tbody>\n<\/table>\n<table width=\"100%\" cellspacing=\"0\" cellpadding=\"0\">\n<tbody>\n<tr>\n<td style=\"padding: 10px 30px;\">\n<table width=\"100%\" cellspacing=\"0\" cellpadding=\"0\">\n<tbody>\n<tr>\n<td valign=\"top\" width=\"52\"><img loading=\"lazy\" decoding=\"async\" src=\"http:\/\/dublineventguide.com\/dff\/admin\/images\/categories\/ACTIVITY.png\" alt=\"\" width=\"32\" height=\"32\" \/><\/td>\n<td>\n<h2 style=\"font-size: 16px; color: #534438; margin: 0 0 5px; font-weight: normal;\">Music &amp; Street Performances<\/h2>\n<h3 style=\"font-size: 13px; margin: 0; padding: 0; line-height: 16px; color: #534438;\">12:30 &#8211; 20:00, Sun 16 Mar<\/h3>\n<p style=\"font-size: 13px; color: #534438; line-height: 20px; margin: 0; padding-top: 0;\">Dublin (various locations)<\/p>\n<table width=\"100%\" cellspacing=\"0\" cellpadding=\"0\">\n<tbody>\n<tr>\n<td valign=\"top\">\n<div style=\"font-size: 13px; color: #534438; line-height: 20px;\">\n<p style=\"margin: 10px 0;\">On Sat + Sun Music and Street Performances will take place in a variety of locations throughout Dublin:<\/p>\n<p>Powerscourt Centre: 12:30-13:15 (Sat+Sun)<br \/>\nSouth King Street: 13:30-18:30 (Sat+Sun)<br \/>\nStephen&#8217;s Green Shopping Centre: 14:00-14:45 (Sat+Sun)<\/p>\n<p>St. Stephen&#8217;s Green North: 13:30-14:00 + 14:30-15:00 (Saturday only)<br \/>\nDame Court Music Stage: 15:00-20:00 (Sunday only)<\/p>\n<\/div>\n<div style=\"font-size: 13px; color: #534438; line-height: 20px;\"><\/div>\n<p style=\"font-size: 13px; color: #534438; line-height: 20px;\"><a style=\"color: #cc2979; text-decoration: none;\" href=\"http:\/\/www.stpatricksfestival.ie\/events\/event\/music_street_performance21\">http:\/\/www.stpatricksfestival.ie\/events\/event\/music_street_performance21<\/a><\/p>\n<\/td>\n<td valign=\"top\"><\/td>\n<\/tr>\n<\/tbody>\n<\/table>\n<\/td>\n<\/tr>\n<\/tbody>\n<\/table>\n<\/td>\n<\/tr>\n<\/tbody>\n<\/table>\n<table width=\"100%\" cellspacing=\"0\" cellpadding=\"0\">\n<tbody>\n<tr>\n<td style=\"padding: 10px 30px;\">\n<table width=\"100%\" cellspacing=\"0\" cellpadding=\"0\">\n<tbody>\n<tr>\n<td valign=\"top\" width=\"52\"><img loading=\"lazy\" decoding=\"async\" src=\"http:\/\/dublineventguide.com\/dff\/admin\/images\/categories\/ACTIVITY.png\" alt=\"\" width=\"32\" height=\"32\" \/><\/td>\n<td>\n<h2 style=\"font-size: 16px; color: #534438; margin: 0 0 5px; font-weight: normal;\">Badge Making &#8211; Chester Beatty Library<\/h2>\n<h3 style=\"font-size: 13px; margin: 0; padding: 0; line-height: 16px; color: #534438;\">13:00 &#8211; 15:00, Sun 16 Mar<\/h3>\n<p style=\"font-size: 13px; color: #534438; line-height: 20px; margin: 0; padding-top: 0;\">Chester Beatty Library, Gardens of Dublin Castle, Dublin 2<\/p>\n<table width=\"100%\" cellspacing=\"0\" cellpadding=\"0\">\n<tbody>\n<tr>\n<td valign=\"top\">\n<div style=\"font-size: 13px; color: #534438; line-height: 20px;\">\n<p style=\"margin: 10px 0;\">Join members of the Maker Faire Community and make your own badges based on patterns found in the &#8220;Costumes Parisiens&#8221; exhibition. Artist Niall de Buitlear will run this event from Monday 11 Mar until Friday 14 March and on Sunday 16 March. Admission is free and no booking is required.<\/p>\n<\/div>\n<div style=\"font-size: 13px; color: #534438; line-height: 20px;\"><\/div>\n<p style=\"font-size: 13px; color: #534438; line-height: 20px;\"><a style=\"color: #cc2979; text-decoration: none;\" href=\"http:\/\/www.cbl.ie\/Programme---Events\/Events-Schedule.aspx\">http:\/\/www.cbl.ie\/Programme&#8212;Events\/Events-Schedule.aspx<\/a><\/p>\n<\/td>\n<td valign=\"top\"><\/td>\n<\/tr>\n<\/tbody>\n<\/table>\n<\/td>\n<\/tr>\n<\/tbody>\n<\/table>\n<\/td>\n<\/tr>\n<\/tbody>\n<\/table>\n<table width=\"100%\" cellspacing=\"0\" cellpadding=\"0\">\n<tbody>\n<tr>\n<td style=\"padding: 10px 30px;\">\n<table width=\"100%\" cellspacing=\"0\" cellpadding=\"0\">\n<tbody>\n<tr>\n<td valign=\"top\" width=\"52\"><img loading=\"lazy\" decoding=\"async\" src=\"http:\/\/dublineventguide.com\/dff\/admin\/images\/categories\/ACTIVITY.png\" alt=\"\" width=\"32\" height=\"32\" \/><\/td>\n<td>\n<h2 style=\"font-size: 16px; color: #534438; margin: 0 0 5px; font-weight: normal;\">National Volleyball Match<\/h2>\n<h3 style=\"font-size: 13px; margin: 0; padding: 0; line-height: 16px; color: #534438;\">13:30, Sun 16 Mar<\/h3>\n<p style=\"font-size: 13px; color: #534438; line-height: 20px; margin: 0; padding-top: 0;\">Trinity College, Dublin 2<\/p>\n<table width=\"100%\" cellspacing=\"0\" cellpadding=\"0\">\n<tbody>\n<tr>\n<td valign=\"top\">\n<div style=\"font-size: 13px; color: #534438; line-height: 20px;\">\n<p style=\"margin: 10px 0;\">A Women&#8217;s International Volleyball Friendly will take place between the Irish National Volleyball Team and the Northern Irish Women&#8217;s Volleyball Team. The match will take place in the Sports Centre of Trinity College.<\/p>\n<p style=\"margin: 10px 0;\">Admission is free.<\/p>\n<\/div>\n<div style=\"font-size: 13px; color: #534438; line-height: 20px;\"><\/div>\n<p style=\"font-size: 13px; color: #534438; line-height: 20px;\"><a style=\"color: #cc2979; text-decoration: none;\" href=\"http:\/\/www.facebook.com\/IrishWomensVolleyball\">http:\/\/www.facebook.com\/IrishWomensVolleyball<\/a><\/p>\n<\/td>\n<td valign=\"top\"><\/td>\n<\/tr>\n<\/tbody>\n<\/table>\n<\/td>\n<\/tr>\n<\/tbody>\n<\/table>\n<\/td>\n<\/tr>\n<\/tbody>\n<\/table>\n<table width=\"100%\" cellspacing=\"0\" cellpadding=\"0\">\n<tbody>\n<tr>\n<td style=\"padding: 10px 30px;\">\n<table width=\"100%\" cellspacing=\"0\" cellpadding=\"0\">\n<tbody>\n<tr>\n<td valign=\"top\" width=\"52\"><img loading=\"lazy\" decoding=\"async\" src=\"http:\/\/dublineventguide.com\/dff\/admin\/images\/categories\/ART.png\" alt=\"\" width=\"32\" height=\"32\" \/><\/td>\n<td>\n<h2 style=\"font-size: 16px; color: #534438; margin: 0 0 5px; font-weight: normal;\">Dublin Sketchers &#8211; Sunday Meet-up<\/h2>\n<h3 style=\"font-size: 13px; margin: 0; padding: 0; line-height: 16px; color: #534438;\"><img loading=\"lazy\" decoding=\"async\" style=\"display: inline; float: left;\" src=\"http:\/\/dublineventguide.com\/dff\/admin\/images\/weekly.png\" alt=\"\" width=\"69\" height=\"16\" \/> 14:00, Sun 16 Mar<\/h3>\n<p style=\"font-size: 13px; color: #534438; line-height: 20px; margin: 0; padding-top: 0;\">Dublin (various locations)<\/p>\n<table width=\"100%\" cellspacing=\"0\" cellpadding=\"0\">\n<tbody>\n<tr>\n<td valign=\"top\">\n<div style=\"font-size: 13px; color: #534438; line-height: 20px;\">\n<p style=\"margin: 10px 0;\">The &#8220;Dublin Sketchers&#8221; is an informal group of (hobby) artists who go somewhere different in Dublin every Sunday (e.g. National Museum, Maritime Museum, Dublin Flea Market, Farmleigh, Botanic Gardens, Dublin Castle, Science Gallery, &#8230;), sketch for one to two hours and then meet up for coffee afterwards and discuss their sketches.<\/p>\n<p>There are some hugely talented people among them and it is a great idea to meet up with others who have the same hobby. Find out on their website below or on their <a style=\"color: #cc2979; text-decoration: none;\" href=\"https:\/\/www.facebook.com\/dublin.sketchers\" target=\"_blank\">Facebook Page<\/a> where they will meet and join them if you do some sketching\/drawing yourself. I know that the Dublin Sketchers often use the Dublin Event Guide to find interesting free events and I am delighted to be able to help!<\/p>\n<\/div>\n<div style=\"font-size: 13px; color: #534438; line-height: 20px;\"><\/div>\n<p style=\"font-size: 13px; color: #534438; line-height: 20px;\"><a style=\"color: #cc2979; text-decoration: none;\" href=\"http:\/\/www.dublinsketchers.blogspot.com\/\">http:\/\/www.dublinsketchers.blogspot.com\/<\/a><\/p>\n<\/td>\n<td valign=\"top\"><\/td>\n<\/tr>\n<\/tbody>\n<\/table>\n<\/td>\n<\/tr>\n<\/tbody>\n<\/table>\n<\/td>\n<\/tr>\n<\/tbody>\n<\/table>\n<table width=\"100%\" cellspacing=\"0\" cellpadding=\"0\">\n<tbody>\n<tr>\n<td style=\"padding: 10px 30px;\">\n<table width=\"100%\" cellspacing=\"0\" cellpadding=\"0\">\n<tbody>\n<tr>\n<td valign=\"top\" width=\"52\"><img loading=\"lazy\" decoding=\"async\" src=\"http:\/\/dublineventguide.com\/dff\/admin\/images\/categories\/ACTIVITY.png\" alt=\"\" width=\"32\" height=\"32\" \/><\/td>\n<td>\n<h2 style=\"font-size: 16px; color: #534438; margin: 0 0 5px; font-weight: normal;\">St. Patrick Weekend Poker Festival<\/h2>\n<h3 style=\"font-size: 13px; margin: 0; padding: 0; line-height: 16px; color: #534438;\">14:00, Sun 16 Mar<\/h3>\n<p style=\"font-size: 13px; color: #534438; line-height: 20px; margin: 0; padding-top: 0;\">Regency Airport Hotel, Swords Road, Whitehall, Dublin 9<\/p>\n<table width=\"100%\" cellspacing=\"0\" cellpadding=\"0\">\n<tbody>\n<tr>\n<td valign=\"top\">\n<div style=\"font-size: 13px; color: #534438; line-height: 20px;\">\n<p style=\"margin: 10px 0;\">No no, a Poker Festival is not a new addition dreamt up by the St. Patrick&#8217;s Day Festival organisers, it is a separate event, but with so many Poker enthusiasts in Ireland, it could be quite popular. Now, you don&#8217;t imagine that a Poker Festival would be free, but I am assure that the viewing part is free. So if you want to go to the festival and view and experiece you doN#t have to pay anything, but if you want to play, obviously there are charges.<\/p>\n<p style=\"margin: 10px 0;\">Between 100-250 players will take part in this 2-day festival from 14:00 each day. Check the details out on the websites here:<\/p>\n<p><a style=\"color: #cc2979; text-decoration: none;\" href=\"https:\/\/www.facebook.com\/LsEventsPromotions\">https:\/\/www.facebook.com\/LsEventsPromotions<\/a><br \/>\n<a style=\"color: #cc2979; text-decoration: none;\" href=\"http:\/\/www.irishpokerboards.com\/forum\/showthread.php?t=18503\">http:\/\/www.irishpokerboards.com\/forum\/showthread.php?t=18503<\/a><\/p>\n<\/div>\n<div style=\"font-size: 13px; color: #534438; line-height: 20px;\"><\/div>\n<\/td>\n<td valign=\"top\"><\/td>\n<\/tr>\n<\/tbody>\n<\/table>\n<\/td>\n<\/tr>\n<\/tbody>\n<\/table>\n<\/td>\n<\/tr>\n<\/tbody>\n<\/table>\n<table width=\"100%\" cellspacing=\"0\" cellpadding=\"0\">\n<tbody>\n<tr>\n<td style=\"padding: 10px 30px;\">\n<table width=\"100%\" cellspacing=\"0\" cellpadding=\"0\">\n<tbody>\n<tr>\n<td valign=\"top\" width=\"52\"><img loading=\"lazy\" decoding=\"async\" src=\"http:\/\/dublineventguide.com\/dff\/admin\/images\/categories\/MUSIC.png\" alt=\"\" width=\"32\" height=\"32\" \/><\/td>\n<td>\n<h2 style=\"font-size: 16px; color: #534438; margin: 0 0 5px; font-weight: normal;\">Stella Bass Jazz Trio<\/h2>\n<h3 style=\"font-size: 13px; margin: 0; padding: 0; line-height: 16px; color: #534438;\"><img loading=\"lazy\" decoding=\"async\" style=\"display: inline; float: left;\" src=\"http:\/\/dublineventguide.com\/dff\/admin\/images\/weekly.png\" alt=\"\" width=\"69\" height=\"16\" \/> 14:00 &#8211; 16:00, Sun 16 Mar<\/h3>\n<p style=\"font-size: 13px; color: #534438; line-height: 20px; margin: 0; padding-top: 0;\">Caf\u00e9 en Seine, Dawson Street, Dublin 2<\/p>\n<table width=\"100%\" cellspacing=\"0\" cellpadding=\"0\">\n<tbody>\n<tr>\n<td valign=\"top\">\n<div style=\"font-size: 13px; color: #534438; line-height: 20px;\">\n<p>Afternoon Jazz in Caf\u00e9 en Seine. The Stella Bass Jazz Trio play every Sunday from 14:00-16:00 in Caf\u00e9 en Seine in Dawson Street. Admission is free. A video is here <a style=\"color: #cc2979; text-decoration: none;\" href=\"http:\/\/www.youtube.com\/watch?v=l8aKqtOB5S8\">http:\/\/www.youtube.com\/watch?v=l8aKqtOB5S8<\/a><\/p>\n<\/div>\n<div style=\"font-size: 13px; color: #534438; line-height: 20px;\"><\/div>\n<p style=\"font-size: 13px; color: #534438; line-height: 20px;\"><a style=\"color: #cc2979; text-decoration: none;\" href=\"http:\/\/www.stellabass.com\">http:\/\/www.stellabass.com<\/a><\/p>\n<\/td>\n<td valign=\"top\"><\/td>\n<\/tr>\n<\/tbody>\n<\/table>\n<\/td>\n<\/tr>\n<\/tbody>\n<\/table>\n<\/td>\n<\/tr>\n<\/tbody>\n<\/table>\n<table width=\"100%\" cellspacing=\"0\" cellpadding=\"0\">\n<tbody>\n<tr>\n<td style=\"padding: 10px 30px;\">\n<table width=\"100%\" cellspacing=\"0\" cellpadding=\"0\">\n<tbody>\n<tr>\n<td valign=\"top\" width=\"52\"><img loading=\"lazy\" decoding=\"async\" src=\"http:\/\/dublineventguide.com\/dff\/admin\/images\/categories\/KIDS.png\" alt=\"\" width=\"32\" height=\"32\" \/><\/td>\n<td>\n<h2 style=\"font-size: 16px; color: #534438; margin: 0 0 5px; font-weight: normal;\">Family Drawing Sundays<\/h2>\n<h3 style=\"font-size: 13px; margin: 0; padding: 0; line-height: 16px; color: #534438;\"><img loading=\"lazy\" decoding=\"async\" style=\"display: inline; float: left;\" src=\"http:\/\/dublineventguide.com\/dff\/admin\/images\/weekly.png\" alt=\"\" width=\"69\" height=\"16\" \/> 14:30 &#8211; 16:30, Sun 16 Mar<\/h3>\n<p style=\"font-size: 13px; color: #534438; line-height: 20px; margin: 0; padding-top: 0;\">Royal Hibernian Academy, 15 Ely Place, Dublin 2<\/p>\n<table width=\"100%\" cellspacing=\"0\" cellpadding=\"0\">\n<tbody>\n<tr>\n<td valign=\"top\">\n<div style=\"font-size: 13px; color: #534438; line-height: 20px;\">\n<p><span class=\"subheads\">Come to the Family Drawing Sundays<\/span> in the RHA. All children are welcome to use the RHA Art Cart, in the RHA Atrium. Admission is free. For further information, contact Ruth Carroll on 01 6612558 or via ruth@rhagallery.ie<\/p>\n<\/div>\n<div style=\"font-size: 13px; color: #534438; line-height: 20px;\"><\/div>\n<p style=\"font-size: 13px; color: #534438; line-height: 20px;\"><a style=\"color: #cc2979; text-decoration: none;\" href=\"http:\/\/www.rhagallery.ie\/html\/educate\/educate_family.html\">http:\/\/www.rhagallery.ie\/html\/educate\/educate_family.html<\/a><\/p>\n<\/td>\n<td valign=\"top\"><\/td>\n<\/tr>\n<\/tbody>\n<\/table>\n<\/td>\n<\/tr>\n<\/tbody>\n<\/table>\n<\/td>\n<\/tr>\n<\/tbody>\n<\/table>\n<table width=\"100%\" cellspacing=\"0\" cellpadding=\"0\">\n<tbody>\n<tr>\n<td style=\"padding: 10px 30px;\">\n<table width=\"100%\" cellspacing=\"0\" cellpadding=\"0\">\n<tbody>\n<tr>\n<td valign=\"top\" width=\"52\"><img loading=\"lazy\" decoding=\"async\" src=\"http:\/\/dublineventguide.com\/dff\/admin\/images\/categories\/ACTIVITY.png\" alt=\"\" width=\"32\" height=\"32\" \/><\/td>\n<td>\n<h2 style=\"font-size: 16px; color: #534438; margin: 0 0 5px; font-weight: normal;\">St. Patrick\u2019s Day Tour<\/h2>\n<h3 style=\"font-size: 13px; margin: 0; padding: 0; line-height: 16px; color: #534438;\">14:30 &#8211; 16:30, Sun 16 Mar<\/h3>\n<p style=\"font-size: 13px; color: #534438; line-height: 20px; margin: 0; padding-top: 0;\">National Museum, Kildare Street (Archaeology), Dublin 2<\/p>\n<table width=\"100%\" cellspacing=\"0\" cellpadding=\"0\">\n<tbody>\n<tr>\n<td valign=\"top\">\n<div style=\"font-size: 13px; color: #534438; line-height: 20px;\">\n<p style=\"margin: 10px 0;\">A St. Patrick&#8217;s Day Tour in the National Museum will let you examine artefacts in the collection which tell the story of Ireland from prehistory to the Early Christian period. Admission is free and no booking required. Places limited, first come first served basis. Meet at Reception.<\/p>\n<p style=\"margin: 10px 0;\">The tour will take place from 14:30-15:30 and from 15:30-16:30.<\/p>\n<\/div>\n<div style=\"font-size: 13px; color: #534438; line-height: 20px;\"><\/div>\n<p style=\"font-size: 13px; color: #534438; line-height: 20px;\"><a style=\"color: #cc2979; text-decoration: none;\" href=\"http:\/\/www.museum.ie\/en\/list\/calendar-of-events.aspx?eventID=4189\">http:\/\/www.museum.ie\/en\/list\/calendar-of-events.aspx?eventID=4189<\/a><\/p>\n<\/td>\n<td valign=\"top\"><\/td>\n<\/tr>\n<\/tbody>\n<\/table>\n<\/td>\n<\/tr>\n<\/tbody>\n<\/table>\n<\/td>\n<\/tr>\n<\/tbody>\n<\/table>\n<table width=\"100%\" cellspacing=\"0\" cellpadding=\"0\">\n<tbody>\n<tr>\n<td style=\"padding: 10px 30px;\">\n<table width=\"100%\" cellspacing=\"0\" cellpadding=\"0\">\n<tbody>\n<tr>\n<td valign=\"top\" width=\"52\"><img loading=\"lazy\" decoding=\"async\" src=\"http:\/\/dublineventguide.com\/dff\/admin\/images\/categories\/ACTIVITY.png\" alt=\"\" width=\"32\" height=\"32\" \/><\/td>\n<td>\n<h2 style=\"font-size: 16px; color: #534438; margin: 0 0 5px; font-weight: normal;\">Museum Tour &#8211; National Print Museum<\/h2>\n<h3 style=\"font-size: 13px; margin: 0; padding: 0; line-height: 16px; color: #534438;\"><img loading=\"lazy\" decoding=\"async\" style=\"display: inline; float: left;\" src=\"http:\/\/dublineventguide.com\/dff\/admin\/images\/weekly.png\" alt=\"\" width=\"69\" height=\"16\" \/> 15:00 &#8211; 16:30, Sun 16 Mar<\/h3>\n<p style=\"font-size: 13px; color: #534438; line-height: 20px; margin: 0; padding-top: 0;\">National Print Museum, Beggars Bush, Haddington Road, Dublin 4<\/p>\n<table width=\"100%\" cellspacing=\"0\" cellpadding=\"0\">\n<tbody>\n<tr>\n<td valign=\"top\">\n<div style=\"font-size: 13px; color: #534438; line-height: 20px;\">\n<p style=\"margin: 10px 0;\">Unlike the three branches of the National Museum, the National Print Museum is normally not free, but every Sunday there is a free public tour for the next few weeks. Every visit begins with a short audio-visual presentation where the audience can observe active retired printers providing practical demonstrations of machines from the Museum\u2019s collection.<\/p>\n<\/div>\n<div style=\"font-size: 13px; color: #534438; line-height: 20px;\"><\/div>\n<p style=\"font-size: 13px; color: #534438; line-height: 20px;\"><a style=\"color: #cc2979; text-decoration: none;\" href=\"www.nationalprintmuseum.ie\/guided-tours.html\">www.nationalprintmuseum.ie\/guided-tours.html<\/a><\/p>\n<\/td>\n<td valign=\"top\"><\/td>\n<\/tr>\n<\/tbody>\n<\/table>\n<\/td>\n<\/tr>\n<\/tbody>\n<\/table>\n<\/td>\n<\/tr>\n<\/tbody>\n<\/table>\n<table width=\"100%\" cellspacing=\"0\" cellpadding=\"0\">\n<tbody>\n<tr>\n<td style=\"padding: 10px 30px;\">\n<table width=\"100%\" cellspacing=\"0\" cellpadding=\"0\">\n<tbody>\n<tr>\n<td valign=\"top\" width=\"52\"><img loading=\"lazy\" decoding=\"async\" src=\"http:\/\/dublineventguide.com\/dff\/admin\/images\/categories\/MUSIC.png\" alt=\"\" width=\"32\" height=\"32\" \/><\/td>\n<td>\n<h2 style=\"font-size: 16px; color: #534438; margin: 0 0 5px; font-weight: normal;\">Sunshine Cafe &#8211; Sunday Jazz<\/h2>\n<h3 style=\"font-size: 13px; margin: 0; padding: 0; line-height: 16px; color: #534438;\"><img loading=\"lazy\" decoding=\"async\" style=\"display: inline; float: left;\" src=\"http:\/\/dublineventguide.com\/dff\/admin\/images\/weekly.png\" alt=\"\" width=\"69\" height=\"16\" \/> 15:00 &#8211; 18:00, Sun 16 Mar<\/h3>\n<p style=\"font-size: 13px; color: #534438; line-height: 20px; margin: 0; padding-top: 0;\">Sunshine Cafe, 107 Lower George&#8217;s St, Dun Laoghaire, Co. Dublin<\/p>\n<table width=\"100%\" cellspacing=\"0\" cellpadding=\"0\">\n<tbody>\n<tr>\n<td valign=\"top\">\n<div style=\"font-size: 13px; color: #534438; line-height: 20px;\">\n<p style=\"margin: 10px 0;\">A weekly Jazz gig will take place in the Sunshine Cafe for your Sunday afternoon entertainment. The Jazzwise Duo (piano and double bass) play classic jazz including Broadway standards, Bossa Nova, Blues etc<\/p>\n<\/div>\n<div style=\"font-size: 13px; color: #534438; line-height: 20px;\"><\/div>\n<\/td>\n<td valign=\"top\"><\/td>\n<\/tr>\n<\/tbody>\n<\/table>\n<\/td>\n<\/tr>\n<\/tbody>\n<\/table>\n<\/td>\n<\/tr>\n<\/tbody>\n<\/table>\n<table width=\"100%\" cellspacing=\"0\" cellpadding=\"0\">\n<tbody>\n<tr>\n<td style=\"padding: 10px 30px;\">\n<table width=\"100%\" cellspacing=\"0\" cellpadding=\"0\">\n<tbody>\n<tr>\n<td valign=\"top\" width=\"52\"><img loading=\"lazy\" decoding=\"async\" src=\"http:\/\/dublineventguide.com\/dff\/admin\/images\/categories\/MUSIC.png\" alt=\"\" width=\"32\" height=\"32\" \/><\/td>\n<td>\n<h2 style=\"font-size: 16px; color: #534438; margin: 0 0 5px; font-weight: normal;\">Paddy&#8217;s Weekender<\/h2>\n<h3 style=\"font-size: 13px; margin: 0; padding: 0; line-height: 16px; color: #534438;\">17:00, Sun 16 Mar<\/h3>\n<p style=\"font-size: 13px; color: #534438; line-height: 20px; margin: 0; padding-top: 0;\">Workman&#8217;s Club, 10 Wellington Quay, Dublin 2<\/p>\n<table width=\"100%\" cellspacing=\"0\" cellpadding=\"0\">\n<tbody>\n<tr>\n<td valign=\"top\">\n<div style=\"font-size: 13px; color: #534438; line-height: 20px;\">\n<p style=\"margin: 10px 0;\">A 2-day Paddy&#8217;s Day Weekender takes place in the Workman&#8217;s Club and the Garage.<\/p>\n<p style=\"margin: 10px 0;\">The line-up is Overhead, The Albatross \/ Squarehead \/ The Notas \/ Other Creatures \/ Exploding Eyes \/ Otherkin \/ Death In The Sickroom \/ Jetsetter \/ Beach \/ Late City Edition \/ Galants \/ Gav &amp; Thee Icons \/ Ad Ateris and lots of DJs.<\/p>\n<p style=\"margin: 10px 0;\">The Sunday schedule is (copied and pasted from the Facebook Page):<\/p>\n<p>SQUAREHEAD&#8230;&#8230;&#8230;&#8230;&#8230;&#8230; 11.10-12<br \/>\nOTHER CREATURES &#8230;&#8230;&#8230;.10.15-10.50<br \/>\nJETSETTER &#8230;&#8230;&#8230;&#8230;&#8230;&#8230;&#8230;&#8230;9.20-9.55<br \/>\nBEACH &#8230;&#8230;&#8230;&#8230;&#8230;&#8230;&#8230;&#8230;&#8230;..8.25-9.00<br \/>\nWOMEN&#8217;S CHRISTMAS &#8230;.7.35-8.05<br \/>\nGALANTS&#8230;&#8230;&#8230;&#8230;&#8230;&#8230;&#8230;&#8230;. 6.40-7.15<br \/>\nAD ASTERIS &#8230;&#8230;&#8230;&#8230;&#8230;&#8230;&#8230;5.50-6.20<br \/>\nfollowed by the Workman&#8217;s Karaoke Club until 03:00<br \/>\nOn the first floor Sr Lisa Marie&#8217;s Guilty Pleas ures will be on from 23:00-03:00<\/p>\n<p style=\"margin: 10px 0;\">In the Garage Bar a Rude Boys vs Soul Boys event with Ken Mooney (The Urges) and Fuxy (Dance Craze) will take place from 21:00-03:00.<\/p>\n<\/div>\n<div style=\"font-size: 13px; color: #534438; line-height: 20px;\"><\/div>\n<p style=\"font-size: 13px; color: #534438; line-height: 20px;\"><a style=\"color: #cc2979; text-decoration: none;\" href=\"https:\/\/www.facebook.com\/events\/218500388354621\">https:\/\/www.facebook.com\/events\/218500388354621<\/a><\/p>\n<\/td>\n<td valign=\"top\"><\/td>\n<\/tr>\n<\/tbody>\n<\/table>\n<\/td>\n<\/tr>\n<\/tbody>\n<\/table>\n<\/td>\n<\/tr>\n<\/tbody>\n<\/table>\n<table width=\"100%\" cellspacing=\"0\" cellpadding=\"0\">\n<tbody>\n<tr>\n<td style=\"padding: 10px 30px;\">\n<table width=\"100%\" cellspacing=\"0\" cellpadding=\"0\">\n<tbody>\n<tr>\n<td valign=\"top\" width=\"52\"><img loading=\"lazy\" decoding=\"async\" src=\"http:\/\/dublineventguide.com\/dff\/admin\/images\/categories\/MUSIC.png\" alt=\"\" width=\"32\" height=\"32\" \/><\/td>\n<td>\n<h2 style=\"font-size: 16px; color: #534438; margin: 0 0 5px; font-weight: normal;\">LJJ Band &#8211; Cafe en Seine<\/h2>\n<h3 style=\"font-size: 13px; margin: 0; padding: 0; line-height: 16px; color: #534438;\"><img loading=\"lazy\" decoding=\"async\" style=\"display: inline; float: left;\" src=\"http:\/\/dublineventguide.com\/dff\/admin\/images\/weekly.png\" alt=\"\" width=\"69\" height=\"16\" \/> 18:00 &#8211; 20:00, Sun 16 Mar<\/h3>\n<p style=\"font-size: 13px; color: #534438; line-height: 20px; margin: 0; padding-top: 0;\">Caf\u00e9 en Seine, Dawson Street, Dublin 2<\/p>\n<table width=\"100%\" cellspacing=\"0\" cellpadding=\"0\">\n<tbody>\n<tr>\n<td valign=\"top\">\n<div style=\"font-size: 13px; color: #534438; line-height: 20px;\">\n<p style=\"margin: 10px 0;\">The wedding and party band The LJJ Band play every Sunday evening in Caf\u00e9 en Seine. Admission is free.<\/p>\n<\/div>\n<div style=\"font-size: 13px; color: #534438; line-height: 20px;\"><\/div>\n<p style=\"font-size: 13px; color: #534438; line-height: 20px;\"><a style=\"color: #cc2979; text-decoration: none;\" href=\"http:\/\/www.longjohnjumpband.com\/\">http:\/\/www.longjohnjumpband.com\/<\/a><\/p>\n<\/td>\n<td valign=\"top\"><\/td>\n<\/tr>\n<\/tbody>\n<\/table>\n<\/td>\n<\/tr>\n<\/tbody>\n<\/table>\n<\/td>\n<\/tr>\n<\/tbody>\n<\/table>\n<table width=\"100%\" cellspacing=\"0\" cellpadding=\"0\">\n<tbody>\n<tr>\n<td style=\"padding: 10px 30px;\">\n<table width=\"100%\" cellspacing=\"0\" cellpadding=\"0\">\n<tbody>\n<tr>\n<td valign=\"top\" width=\"52\"><img loading=\"lazy\" decoding=\"async\" src=\"http:\/\/dublineventguide.com\/dff\/admin\/images\/categories\/MUSIC.png\" alt=\"\" width=\"32\" height=\"32\" \/><\/td>\n<td>\n<h2 style=\"font-size: 16px; color: #534438; margin: 0 0 5px; font-weight: normal;\">Mutefish &#8211; Gig<\/h2>\n<h3 style=\"font-size: 13px; margin: 0; padding: 0; line-height: 16px; color: #534438;\">18:00, Sun 16 Mar<\/h3>\n<p style=\"font-size: 13px; color: #534438; line-height: 20px; margin: 0; padding-top: 0;\">Sweeney Mongrel&#8217;s, 32 Dame Street, Dublin 2<\/p>\n<table width=\"100%\" cellspacing=\"0\" cellpadding=\"0\">\n<tbody>\n<tr>\n<td valign=\"top\">\n<div style=\"font-size: 13px; color: #534438; line-height: 20px;\">\n<p style=\"margin: 10px 0;\">Mutefish, a great band that attracted big crowds everytime they busked in Temple Bar, has moved indoors and is still great! They will will perform on the 3rd floor. Admission is free.<\/p>\n<\/div>\n<div style=\"font-size: 13px; color: #534438; line-height: 20px;\"><\/div>\n<p style=\"font-size: 13px; color: #534438; line-height: 20px;\"><a style=\"color: #cc2979; text-decoration: none;\" href=\"http:\/\/www.sweeneysdublin.ie\/gigs.php\">http:\/\/www.sweeneysdublin.ie\/gigs.php<\/a><\/p>\n<\/td>\n<td valign=\"top\"><\/td>\n<\/tr>\n<\/tbody>\n<\/table>\n<\/td>\n<\/tr>\n<\/tbody>\n<\/table>\n<\/td>\n<\/tr>\n<\/tbody>\n<\/table>\n<table width=\"100%\" cellspacing=\"0\" cellpadding=\"0\">\n<tbody>\n<tr>\n<td style=\"padding: 10px 30px;\">\n<table width=\"100%\" cellspacing=\"0\" cellpadding=\"0\">\n<tbody>\n<tr>\n<td valign=\"top\" width=\"52\"><img loading=\"lazy\" decoding=\"async\" src=\"http:\/\/dublineventguide.com\/dff\/admin\/images\/categories\/MUSIC.png\" alt=\"\" width=\"32\" height=\"32\" \/><\/td>\n<td>\n<h2 style=\"font-size: 16px; color: #534438; margin: 0 0 5px; font-weight: normal;\">Sweeney&#8217;s Dixieland Jazzmen<\/h2>\n<h3 style=\"font-size: 13px; margin: 0; padding: 0; line-height: 16px; color: #534438;\"><img loading=\"lazy\" decoding=\"async\" style=\"display: inline; float: left;\" src=\"http:\/\/dublineventguide.com\/dff\/admin\/images\/weekly.png\" alt=\"\" width=\"69\" height=\"16\" \/> 18:30 &#8211; 20:30, Sun 16 Mar<\/h3>\n<p style=\"font-size: 13px; color: #534438; line-height: 20px; margin: 0; padding-top: 0;\">Sweeney Mongrel&#8217;s, 32 Dame Street, Dublin 2<\/p>\n<table width=\"100%\" cellspacing=\"0\" cellpadding=\"0\">\n<tbody>\n<tr>\n<td valign=\"top\">\n<div style=\"font-size: 13px; color: #534438; line-height: 20px;\">\n<p style=\"margin: 10px 0;\">The Sweeney&#8217;s Dixeland Jazzmen play their weekly gig on the ground floor in Sweeney&#8217;s. Admission is free.<\/p>\n<\/div>\n<div style=\"font-size: 13px; color: #534438; line-height: 20px;\"><\/div>\n<p style=\"font-size: 13px; color: #534438; line-height: 20px;\"><a style=\"color: #cc2979; text-decoration: none;\" href=\"http:\/\/www.dublinsessions.ie\/sweeneys.html\">http:\/\/www.dublinsessions.ie\/sweeneys.html<\/a><\/p>\n<\/td>\n<td valign=\"top\"><\/td>\n<\/tr>\n<\/tbody>\n<\/table>\n<\/td>\n<\/tr>\n<\/tbody>\n<\/table>\n<\/td>\n<\/tr>\n<\/tbody>\n<\/table>\n<table width=\"100%\" cellspacing=\"0\" cellpadding=\"0\">\n<tbody>\n<tr>\n<td style=\"padding: 10px 30px;\">\n<table width=\"100%\" cellspacing=\"0\" cellpadding=\"0\">\n<tbody>\n<tr>\n<td valign=\"top\" width=\"52\"><img loading=\"lazy\" decoding=\"async\" src=\"http:\/\/dublineventguide.com\/dff\/admin\/images\/categories\/MUSIC.png\" alt=\"\" width=\"32\" height=\"32\" \/><\/td>\n<td>\n<h2 style=\"font-size: 16px; color: #534438; margin: 0 0 5px; font-weight: normal;\">Saucy Sundays<\/h2>\n<h3 style=\"font-size: 13px; margin: 0; padding: 0; line-height: 16px; color: #534438;\"><img loading=\"lazy\" decoding=\"async\" style=\"display: inline; float: left;\" src=\"http:\/\/dublineventguide.com\/dff\/admin\/images\/weekly.png\" alt=\"\" width=\"69\" height=\"16\" \/> 19:00 &#8211; 23:00, Sun 16 Mar<\/h3>\n<p style=\"font-size: 13px; color: #534438; line-height: 20px; margin: 0; padding-top: 0;\">Grand Social, Lower Liffey Street (near Ha&#8217;Penny Bridge), Dublin 1<\/p>\n<table width=\"100%\" cellspacing=\"0\" cellpadding=\"0\">\n<tbody>\n<tr>\n<td valign=\"top\">\n<div style=\"font-size: 13px; color: #534438; line-height: 20px;\">\n<p style=\"margin: 10px 0;\">Saucy Sundays is a weekly free live music afternoon and evening in the Grand Social. The line-up and links to all bands\/performers are available via the Saucy Sundays Facebook Page (see link below).<\/p>\n<\/div>\n<div style=\"font-size: 13px; color: #534438; line-height: 20px;\"><\/div>\n<p style=\"font-size: 13px; color: #534438; line-height: 20px;\"><a style=\"color: #cc2979; text-decoration: none;\" href=\"http:\/\/www.facebook.com\/profile.php?id=100001494016795&amp;v=wall\">http:\/\/www.facebook.com\/profile.php?id=100001494016795&amp;v=wall<\/a><\/p>\n<\/td>\n<td valign=\"top\"><\/td>\n<\/tr>\n<\/tbody>\n<\/table>\n<\/td>\n<\/tr>\n<\/tbody>\n<\/table>\n<\/td>\n<\/tr>\n<\/tbody>\n<\/table>\n<table width=\"100%\" cellspacing=\"0\" cellpadding=\"0\">\n<tbody>\n<tr>\n<td style=\"padding: 10px 30px;\">\n<table width=\"100%\" cellspacing=\"0\" cellpadding=\"0\">\n<tbody>\n<tr>\n<td valign=\"top\" width=\"52\"><img loading=\"lazy\" decoding=\"async\" src=\"http:\/\/dublineventguide.com\/dff\/admin\/images\/categories\/MUSIC.png\" alt=\"\" width=\"32\" height=\"32\" \/><\/td>\n<td>\n<h2 style=\"font-size: 16px; color: #534438; margin: 0 0 5px; font-weight: normal;\">The Dublin Blues Cartel &#8211; Gig<\/h2>\n<h3 style=\"font-size: 13px; margin: 0; padding: 0; line-height: 16px; color: #534438;\">19:00, Sun 16 Mar<\/h3>\n<p style=\"font-size: 13px; color: #534438; line-height: 20px; margin: 0; padding-top: 0;\">Whelan&#8217;s, 25 Wexford Street, Dublin 2<\/p>\n<table width=\"100%\" cellspacing=\"0\" cellpadding=\"0\">\n<tbody>\n<tr>\n<td valign=\"top\">\n<div style=\"font-size: 13px; color: #534438; line-height: 20px;\">\n<p style=\"margin: 10px 0;\">The Dublin Blues Cartel will be in Whelan&#8217;s again and will perform mostly a version of New Orleans R\u2019n&#8217;B with a classic rock twist, sandwiched with swing, Rock\u2019n\u2019Roll, Soul, Funk, Blues and rap of all eras. Admission is free.<\/p>\n<\/div>\n<div style=\"font-size: 13px; color: #534438; line-height: 20px;\"><\/div>\n<p style=\"font-size: 13px; color: #534438; line-height: 20px;\"><a style=\"color: #cc2979; text-decoration: none;\" href=\"http:\/\/www.whelanslive.com\/index.php\/live-from-the-window-w-the-dublin-blues-cartel-14\/\">http:\/\/www.whelanslive.com\/index.php\/live-from-the-window-w-the-dublin-blues-cartel-14\/<\/a><\/p>\n<\/td>\n<td valign=\"top\"><\/td>\n<\/tr>\n<\/tbody>\n<\/table>\n<\/td>\n<\/tr>\n<\/tbody>\n<\/table>\n<\/td>\n<\/tr>\n<\/tbody>\n<\/table>\n<table width=\"100%\" cellspacing=\"0\" cellpadding=\"0\">\n<tbody>\n<tr>\n<td style=\"padding: 10px 30px;\">\n<table width=\"100%\" cellspacing=\"0\" cellpadding=\"0\">\n<tbody>\n<tr>\n<td valign=\"top\" width=\"52\"><img loading=\"lazy\" decoding=\"async\" src=\"http:\/\/dublineventguide.com\/dff\/admin\/images\/categories\/MUSIC.png\" alt=\"\" width=\"32\" height=\"32\" \/><\/td>\n<td>\n<h2 style=\"font-size: 16px; color: #534438; margin: 0 0 5px; font-weight: normal;\">Sunday Roast<\/h2>\n<h3 style=\"font-size: 13px; margin: 0; padding: 0; line-height: 16px; color: #534438;\"><img loading=\"lazy\" decoding=\"async\" style=\"display: inline; float: left;\" src=\"http:\/\/dublineventguide.com\/dff\/admin\/images\/weekly.png\" alt=\"\" width=\"69\" height=\"16\" \/> 20:00, Sun 16 Mar<\/h3>\n<p style=\"font-size: 13px; color: #534438; line-height: 20px; margin: 0; padding-top: 0;\">Mercantile, 28 Dame Street, Dublin 2<\/p>\n<table width=\"100%\" cellspacing=\"0\" cellpadding=\"0\">\n<tbody>\n<tr>\n<td valign=\"top\">\n<div style=\"font-size: 13px; color: #534438; line-height: 20px;\">\n<p style=\"margin: 10px 0;\">The weekly Sunday Roast is a free event in the Mercantile where live music is combined with free roast potatoes.<\/p>\n<p style=\"margin: 10px 0;\">The line-up for the upcoming Sunday Roast is surprisingly NOT available via the Sunday Roast Facebook Page this week. Instead, the organisers claim that &#8220;All acts are wonderful and special, so good we can&#8217;t tell you who&#8217;s playing cos it&#8217;ll blow your mind before you even appear.&#8221;<\/p>\n<\/div>\n<div style=\"font-size: 13px; color: #534438; line-height: 20px;\"><\/div>\n<p style=\"font-size: 13px; color: #534438; line-height: 20px;\"><a style=\"color: #cc2979; text-decoration: none;\" href=\"https:\/\/www.facebook.com\/thesundayroast\">https:\/\/www.facebook.com\/thesundayroast<\/a><\/p>\n<\/td>\n<td valign=\"top\"><\/td>\n<\/tr>\n<\/tbody>\n<\/table>\n<\/td>\n<\/tr>\n<\/tbody>\n<\/table>\n<\/td>\n<\/tr>\n<\/tbody>\n<\/table>\n<table width=\"100%\" cellspacing=\"0\" cellpadding=\"0\">\n<tbody>\n<tr>\n<td style=\"padding: 10px 30px;\">\n<table width=\"100%\" cellspacing=\"0\" cellpadding=\"0\">\n<tbody>\n<tr>\n<td valign=\"top\" width=\"52\"><img loading=\"lazy\" decoding=\"async\" src=\"http:\/\/dublineventguide.com\/dff\/admin\/images\/categories\/MUSIC.png\" alt=\"\" width=\"32\" height=\"32\" \/><\/td>\n<td>\n<h2 style=\"font-size: 16px; color: #534438; margin: 0 0 5px; font-weight: normal;\">Apollo Sessions<\/h2>\n<h3 style=\"font-size: 13px; margin: 0; padding: 0; line-height: 16px; color: #534438;\"><img loading=\"lazy\" decoding=\"async\" style=\"display: inline; float: left;\" src=\"http:\/\/dublineventguide.com\/dff\/admin\/images\/weekly.png\" alt=\"\" width=\"69\" height=\"16\" \/> 20:30, Sun 16 Mar<\/h3>\n<p style=\"font-size: 13px; color: #534438; line-height: 20px; margin: 0; padding-top: 0;\">Bleeding Horse, 24 Upper Camden St., Dublin 2<\/p>\n<table width=\"100%\" cellspacing=\"0\" cellpadding=\"0\">\n<tbody>\n<tr>\n<td valign=\"top\">\n<div style=\"font-size: 13px; color: #534438; line-height: 20px;\">\n<p style=\"margin: 10px 0;\">Every Sunday this singer-songwriter night takes place in the Bleeding Horse in Camden St. from 8.30pm. It is an Open mic night and performers can just turn up and put their name on the list for that night.<\/p>\n<\/div>\n<div style=\"font-size: 13px; color: #534438; line-height: 20px;\"><\/div>\n<p style=\"font-size: 13px; color: #534438; line-height: 20px;\"><a style=\"color: #cc2979; text-decoration: none;\" href=\"https:\/\/www.facebook.com\/apollosessions\">https:\/\/www.facebook.com\/apollosessions<\/a><\/p>\n<\/td>\n<td valign=\"top\"><\/td>\n<\/tr>\n<\/tbody>\n<\/table>\n<\/td>\n<\/tr>\n<\/tbody>\n<\/table>\n<\/td>\n<\/tr>\n<\/tbody>\n<\/table>\n<table width=\"100%\" cellspacing=\"0\" cellpadding=\"0\">\n<tbody>\n<tr>\n<td style=\"padding: 10px 30px;\">\n<table width=\"100%\" cellspacing=\"0\" cellpadding=\"0\">\n<tbody>\n<tr>\n<td valign=\"top\" width=\"52\"><img loading=\"lazy\" decoding=\"async\" src=\"http:\/\/dublineventguide.com\/dff\/admin\/images\/categories\/MUSIC.png\" alt=\"\" width=\"32\" height=\"32\" \/><\/td>\n<td>\n<h2 style=\"font-size: 16px; color: #534438; margin: 0 0 5px; font-weight: normal;\">Jawbone &#8211; Accoustic Folk &amp; Blues Night<\/h2>\n<h3 style=\"font-size: 13px; margin: 0; padding: 0; line-height: 16px; color: #534438;\"><img loading=\"lazy\" decoding=\"async\" style=\"display: inline; float: left;\" src=\"http:\/\/dublineventguide.com\/dff\/admin\/images\/weekly.png\" alt=\"\" width=\"69\" height=\"16\" \/> 20:30, Sun 16 Mar<\/h3>\n<p style=\"font-size: 13px; color: #534438; line-height: 20px; margin: 0; padding-top: 0;\">Sin \u00c9, 14 Ormond Quay, Dublin 1<\/p>\n<table width=\"100%\" cellspacing=\"0\" cellpadding=\"0\">\n<tbody>\n<tr>\n<td valign=\"top\">\n<div style=\"font-size: 13px; color: #534438; line-height: 20px;\">\n<p>At the Jawbone Gig night in Sin \u00c9, Acoustic Folk &amp; Blues will be performed every Sunday. Admission is free. For the line-up check here <a style=\"color: #cc2979; text-decoration: none;\" href=\"https:\/\/www.facebook.com\/pages\/Jawbone-Dublin-Acoustic-Folk-Blues-Commune\/724102984268967\">https:\/\/www.facebook.com\/pages\/Jawbone-Dublin-Acoustic-Folk-Blues-Commune\/724102984268967<\/a><\/p>\n<\/div>\n<div style=\"font-size: 13px; color: #534438; line-height: 20px;\"><\/div>\n<p style=\"font-size: 13px; color: #534438; line-height: 20px;\"><a style=\"color: #cc2979; text-decoration: none;\" href=\"https:\/\/www.facebook.com\/Sin.E.Pub\">https:\/\/www.facebook.com\/Sin.E.Pub<\/a><\/p>\n<\/td>\n<td valign=\"top\"><\/td>\n<\/tr>\n<\/tbody>\n<\/table>\n<\/td>\n<\/tr>\n<\/tbody>\n<\/table>\n<\/td>\n<\/tr>\n<\/tbody>\n<\/table>\n<table width=\"100%\" cellspacing=\"0\" cellpadding=\"0\">\n<tbody>\n<tr>\n<td style=\"padding: 10px 30px;\">\n<table width=\"100%\" cellspacing=\"0\" cellpadding=\"0\">\n<tbody>\n<tr>\n<td valign=\"top\" width=\"52\"><img loading=\"lazy\" decoding=\"async\" src=\"http:\/\/dublineventguide.com\/dff\/admin\/images\/categories\/COMEDY.png\" alt=\"\" width=\"32\" height=\"32\" \/><\/td>\n<td>\n<h2 style=\"font-size: 16px; color: #534438; margin: 0 0 5px; font-weight: normal;\">Comedy Crunch<\/h2>\n<h3 style=\"font-size: 13px; margin: 0; padding: 0; line-height: 16px; color: #534438;\"><img loading=\"lazy\" decoding=\"async\" style=\"display: inline; float: left;\" src=\"http:\/\/dublineventguide.com\/dff\/admin\/images\/weekly.png\" alt=\"\" width=\"69\" height=\"16\" \/> 21:00 &#8211; 00:00, Sun 16 Mar<\/h3>\n<p style=\"font-size: 13px; color: #534438; line-height: 20px; margin: 0; padding-top: 0;\">Stag&#8217;s Head (downstairs), Dame Lane, Dublin 2<\/p>\n<table width=\"100%\" cellspacing=\"0\" cellpadding=\"0\">\n<tbody>\n<tr>\n<td valign=\"top\">\n<div style=\"font-size: 13px; color: #534438; line-height: 20px;\">\n<p style=\"margin: 10px 0;\">The Comedy Crunch is a free Stand Up comedy downstairs in Stag&#8217;s Head, Dame Lane from 21:00 every week on Sun+Mon. Every week different comedians entertain and on top of that there is some free ice cream. The line-up can be found via the Comedy Crunch Facebook Page (see link below).<\/p>\n<\/div>\n<div style=\"font-size: 13px; color: #534438; line-height: 20px;\"><\/div>\n<p style=\"font-size: 13px; color: #534438; line-height: 20px;\"><a style=\"color: #cc2979; text-decoration: none;\" href=\"http:\/\/www.facebook.com\/pages\/The-Comedy-Crunch\/83791357330\">http:\/\/www.facebook.com\/pages\/The-Comedy-Crunch\/83791357330<\/a><\/p>\n<\/td>\n<td valign=\"top\"><\/td>\n<\/tr>\n<\/tbody>\n<\/table>\n<\/td>\n<\/tr>\n<\/tbody>\n<\/table>\n<\/td>\n<\/tr>\n<\/tbody>\n<\/table>\n<table width=\"100%\" cellspacing=\"0\" cellpadding=\"0\">\n<tbody>\n<tr>\n<td style=\"padding: 10px 30px;\">\n<table width=\"100%\" cellspacing=\"0\" cellpadding=\"0\">\n<tbody>\n<tr>\n<td valign=\"top\" width=\"52\"><img loading=\"lazy\" decoding=\"async\" src=\"http:\/\/dublineventguide.com\/dff\/admin\/images\/categories\/DANCE.png\" alt=\"\" width=\"32\" height=\"32\" \/><\/td>\n<td>\n<h2 style=\"font-size: 16px; color: #534438; margin: 0 0 5px; font-weight: normal;\">Forro de Lampiao &#8211; Brazilian Dance<\/h2>\n<h3 style=\"font-size: 13px; margin: 0; padding: 0; line-height: 16px; color: #534438;\"><img loading=\"lazy\" decoding=\"async\" style=\"display: inline; float: left;\" src=\"http:\/\/dublineventguide.com\/dff\/admin\/images\/weekly.png\" alt=\"\" width=\"69\" height=\"16\" \/> 21:00 &#8211; 23:00, Sun 16 Mar<\/h3>\n<p style=\"font-size: 13px; color: #534438; line-height: 20px; margin: 0; padding-top: 0;\">Grand Social, 35 Lower Liffey Street (near Ha&#8217;Penny Bridge), Dublin 1<\/p>\n<table width=\"100%\" cellspacing=\"0\" cellpadding=\"0\">\n<tbody>\n<tr>\n<td valign=\"top\">\n<div style=\"font-size: 13px; color: #534438; line-height: 20px;\">\n<p style=\"margin: 10px 0;\">Rog\u00e9rio from the Brazilian dance project &#8220;Forr\u00f3 de Lampi\u00e3o&#8221; in Dublin tells me: Forr\u00f3 de Lampi\u00e3o is Brazilian music that has the same roots as Samba and there is a whole culture that has developed around &#8220;forro&#8221;. Every Sunday, free dance classes take place in the Grand Social (new loation!) and if you are interested, just turn up one Sunday.<\/p>\n<\/div>\n<div style=\"font-size: 13px; color: #534438; line-height: 20px;\"><\/div>\n<p style=\"font-size: 13px; color: #534438; line-height: 20px;\"><a style=\"color: #cc2979; text-decoration: none;\" href=\"http:\/\/www.facebook.com\/groups\/forrodelampiaodublin\/\">http:\/\/www.facebook.com\/groups\/forrodelampiaodublin\/<\/a><\/p>\n<\/td>\n<td valign=\"top\"><\/td>\n<\/tr>\n<\/tbody>\n<\/table>\n<\/td>\n<\/tr>\n<\/tbody>\n<\/table>\n<\/td>\n<\/tr>\n<\/tbody>\n<\/table>\n<table width=\"100%\" cellspacing=\"0\" cellpadding=\"0\">\n<tbody>\n<tr>\n<td style=\"padding: 10px 30px;\">\n<table width=\"100%\" cellspacing=\"0\" cellpadding=\"0\">\n<tbody>\n<tr>\n<td valign=\"top\" width=\"52\"><img loading=\"lazy\" decoding=\"async\" src=\"http:\/\/dublineventguide.com\/dff\/admin\/images\/categories\/MUSIC.png\" alt=\"\" width=\"32\" height=\"32\" \/><\/td>\n<td>\n<h2 style=\"font-size: 16px; color: #534438; margin: 0 0 5px; font-weight: normal;\">Rhythm Rocker<\/h2>\n<h3 style=\"font-size: 13px; margin: 0; padding: 0; line-height: 16px; color: #534438;\"><img loading=\"lazy\" decoding=\"async\" style=\"display: inline; float: left;\" src=\"http:\/\/dublineventguide.com\/dff\/admin\/images\/weekly.png\" alt=\"\" width=\"69\" height=\"16\" \/> 21:00, Sun 16 Mar<\/h3>\n<p style=\"font-size: 13px; color: #534438; line-height: 20px; margin: 0; padding-top: 0;\">The Globe, 11 South Great George&#8217;s Street, Dublin 2<\/p>\n<table width=\"100%\" cellspacing=\"0\" cellpadding=\"0\">\n<tbody>\n<tr>\n<td valign=\"top\">\n<div style=\"font-size: 13px; color: #534438; line-height: 20px;\">\n<p style=\"margin: 10px 0;\">&#8220;Rhythm Rocker at The Globe&#8221; is a weekly event on Sunday night in The Globe in Sth Great Georges Street, Dublin 2. It is a Rockabilly, R&#8217;n&#8217;R, Roots night with alternating (week by week) live bands Pavement Kings, Donna &amp; The Sazzy Catz, The Mosquitoes and The Pacifics from 21:00 and with DJs from 23:00-01:30. Admission is free.<\/p>\n<\/div>\n<div style=\"font-size: 13px; color: #534438; line-height: 20px;\"><\/div>\n<p style=\"font-size: 13px; color: #534438; line-height: 20px;\"><a style=\"color: #cc2979; text-decoration: none;\" href=\"http:\/\/www.globe.ie\/events.php\">http:\/\/www.globe.ie\/events.php<\/a><\/p>\n<\/td>\n<td valign=\"top\"><\/td>\n<\/tr>\n<\/tbody>\n<\/table>\n<\/td>\n<\/tr>\n<\/tbody>\n<\/table>\n<\/td>\n<\/tr>\n<\/tbody>\n<\/table>\n<table width=\"100%\" cellspacing=\"0\" cellpadding=\"0\">\n<tbody>\n<tr>\n<td style=\"padding: 10px 30px;\">\n<table width=\"100%\" cellspacing=\"0\" cellpadding=\"0\">\n<tbody>\n<tr>\n<td valign=\"top\" width=\"52\"><img loading=\"lazy\" decoding=\"async\" src=\"http:\/\/dublineventguide.com\/dff\/admin\/images\/categories\/MUSIC.png\" alt=\"\" width=\"32\" height=\"32\" \/><\/td>\n<td>\n<h2 style=\"font-size: 16px; color: #534438; margin: 0 0 5px; font-weight: normal;\">Billy Treacy &amp; The Ha&#8217;Penny Heads<\/h2>\n<h3 style=\"font-size: 13px; margin: 0; padding: 0; line-height: 16px; color: #534438;\"><img loading=\"lazy\" decoding=\"async\" style=\"display: inline; float: left;\" src=\"http:\/\/dublineventguide.com\/dff\/admin\/images\/weekly.png\" alt=\"\" width=\"69\" height=\"16\" \/> 21:30, Sun 16 Mar<\/h3>\n<p style=\"font-size: 13px; color: #534438; line-height: 20px; margin: 0; padding-top: 0;\">Ha&#8217;Penny Bridge Inn, 42 Wellington Quay Temple Bar, Dublin 2<\/p>\n<table width=\"100%\" cellspacing=\"0\" cellpadding=\"0\">\n<tbody>\n<tr>\n<td valign=\"top\">\n<div style=\"font-size: 13px; color: #534438; line-height: 20px;\">\n<p style=\"margin: 10px 0;\">Billy Treacy &amp; The Ha&#8217;Penny Heads are playing Ballads, Folk, Trad and Classic Country every Sunday. Featuring Guitar, Mandolin, Fiddle and Banjo.<\/p>\n<\/div>\n<div style=\"font-size: 13px; color: #534438; line-height: 20px;\"><\/div>\n<p style=\"font-size: 13px; color: #534438; line-height: 20px;\"><a style=\"color: #cc2979; text-decoration: none;\" href=\"http:\/\/www.billytreacy.com\/\">http:\/\/www.billytreacy.com\/<\/a><\/p>\n<\/td>\n<td valign=\"top\"><\/td>\n<\/tr>\n<\/tbody>\n<\/table>\n<\/td>\n<\/tr>\n<\/tbody>\n<\/table>\n<\/td>\n<\/tr>\n<\/tbody>\n<\/table>\n<table width=\"100%\" cellspacing=\"0\" cellpadding=\"0\">\n<tbody>\n<tr>\n<td style=\"padding: 10px 30px;\">\n<table width=\"100%\" cellspacing=\"0\" cellpadding=\"0\">\n<tbody>\n<tr>\n<td valign=\"top\" width=\"52\"><img loading=\"lazy\" decoding=\"async\" src=\"http:\/\/dublineventguide.com\/dff\/admin\/images\/categories\/MUSIC.png\" alt=\"\" width=\"32\" height=\"32\" \/><\/td>\n<td>\n<h2 style=\"font-size: 16px; color: #534438; margin: 0 0 5px; font-weight: normal;\">Cool Hand Dukes<\/h2>\n<h3 style=\"font-size: 13px; margin: 0; padding: 0; line-height: 16px; color: #534438;\"><img loading=\"lazy\" decoding=\"async\" style=\"display: inline; float: left;\" src=\"http:\/\/dublineventguide.com\/dff\/admin\/images\/weekly.png\" alt=\"\" width=\"69\" height=\"16\" \/> 22:00, Sun 16 Mar<\/h3>\n<p style=\"font-size: 13px; color: #534438; line-height: 20px; margin: 0; padding-top: 0;\">Porterhouse Central, 45-47 Nassau Street, Dublin 2<\/p>\n<table width=\"100%\" cellspacing=\"0\" cellpadding=\"0\">\n<tbody>\n<tr>\n<td valign=\"top\">\n<div style=\"font-size: 13px; color: #534438; line-height: 20px;\">\n<p style=\"margin: 10px 0;\">Every Sunday (except at Bank Holiday weekends), the Ragtime, Roots and Country Blues Band &#8220;Cool Hand Dukes&#8221; play in the Porterhouse near Grafton Street.<\/p>\n<\/div>\n<div style=\"font-size: 13px; color: #534438; line-height: 20px;\"><\/div>\n<p style=\"font-size: 13px; color: #534438; line-height: 20px;\"><a style=\"color: #cc2979; text-decoration: none;\" href=\"https:\/\/www.facebook.com\/coolhand.dukes.1\">https:\/\/www.facebook.com\/coolhand.dukes.1<\/a><\/p>\n<\/td>\n<td valign=\"top\"><\/td>\n<\/tr>\n<\/tbody>\n<\/table>\n<\/td>\n<\/tr>\n<\/tbody>\n<\/table>\n<\/td>\n<\/tr>\n<\/tbody>\n<\/table>\n<table id=\"day_1395014400\" style=\"margin-top: 10px;\" width=\"100%\" cellspacing=\"0\" cellpadding=\"0\">\n<tbody>\n<tr style=\"background-color: #c20162; color: #fff;\">\n<td style=\"padding: 0; line-height: 1; height: 34px; overflow: hidden;\">\n<p style=\"width: 630px; padding-left: 30px; margin: 0; height: 34px; overflow: hidden; line-height: 34px;\"><a name=\"day_1395014400\"><\/a><strong>Monday <\/strong> 17 Mar<\/p>\n<\/td>\n<td>\n<p style=\"margin: 0; line-height: 34px; padding: 0; font-size: 13px;\"><a style=\"color: #fff; text-decoration: none;\" href=\"#dff_top\">back to top<\/a><\/p>\n<\/td>\n<td>\n<p style=\"margin: 0; padding: 0; font-size: 13px;\"><a style=\"color: #fff; text-decoration: none;\" href=\"#dff_top\"><img loading=\"lazy\" decoding=\"async\" src=\"http:\/\/dublineventguide.com\/dff\/admin\/images\/dividers\/date_toplink.png\" alt=\"Back to top\" width=\"38\" height=\"34\" \/><\/a><\/p>\n<\/td>\n<td width=\"50\"><\/td>\n<\/tr>\n<\/tbody>\n<\/table>\n<table width=\"100%\" cellspacing=\"0\" cellpadding=\"0\">\n<tbody>\n<tr>\n<td style=\"padding: 10px 30px;\">\n<table width=\"100%\" cellspacing=\"0\" cellpadding=\"0\">\n<tbody>\n<tr>\n<td valign=\"top\" width=\"52\"><img loading=\"lazy\" decoding=\"async\" src=\"http:\/\/dublineventguide.com\/dff\/admin\/images\/categories\/ACTIVITY.png\" alt=\"\" width=\"32\" height=\"32\" \/><\/td>\n<td>\n<h2 style=\"font-size: 16px; color: #534438; margin: 0 0 5px; font-weight: normal;\">St. Patrick&#8217;s Day<\/h2>\n<h3 style=\"font-size: 13px; margin: 0; padding: 0; line-height: 16px; color: #534438;\">09:00, Mon 17 Mar<\/h3>\n<p style=\"font-size: 13px; color: #534438; line-height: 20px; margin: 0; padding-top: 0;\">Dublin (various locations)<\/p>\n<table width=\"100%\" cellspacing=\"0\" cellpadding=\"0\">\n<tbody>\n<tr>\n<td valign=\"top\">\n<div style=\"font-size: 13px; color: #534438; line-height: 20px;\">\n<p style=\"margin: 10px 0;\">Monday is St. Patrick&#8217;s Day but it is the day with the least amount of activities at the St. Patrick&#8217;s Festival. Apart from the Parade there is not much else taking place. Unfortunately the City Centre will become quite uncomfortable after the parade with drunken teenagers everywhere already early in the day.<\/p>\n<p style=\"margin: 10px 0;\">For years I am saying that some events should be provided after the parade so that people have something to do instead of just drinking but it is as if the organisations that are responsible for Dublin and for the festival just close their eyes. The Guards who are on duty on that day have the worst job.<\/p>\n<p style=\"margin: 10px 0;\">So the good thing about St. Patrick&#8217;s Day are the days leading up to it, so make sure you enjoy the Saturday and Sunday and maybe even stay out of the City Centre on Monday.<\/p>\n<p>By the way, the story around St. Patrick seems quite a bit more aventerous that you might expect and maybe it wasn&#8217;t even him, but it should be a St. Palladius Day? Check it out here <a style=\"color: #cc2979; text-decoration: none;\" href=\"http:\/\/en.wikipedia.org\/wiki\/Saint_Patrick\">http:\/\/en.wikipedia.org\/wiki\/Saint_Patrick<\/a><\/p>\n<\/div>\n<div style=\"font-size: 13px; color: #534438; line-height: 20px;\"><\/div>\n<\/td>\n<td valign=\"top\"><\/td>\n<\/tr>\n<\/tbody>\n<\/table>\n<\/td>\n<\/tr>\n<\/tbody>\n<\/table>\n<\/td>\n<\/tr>\n<\/tbody>\n<\/table>\n<table width=\"100%\" cellspacing=\"0\" cellpadding=\"0\">\n<tbody>\n<tr>\n<td style=\"padding: 10px 30px;\">\n<table width=\"100%\" cellspacing=\"0\" cellpadding=\"0\">\n<tbody>\n<tr>\n<td valign=\"top\" width=\"52\"><img loading=\"lazy\" decoding=\"async\" src=\"http:\/\/dublineventguide.com\/dff\/admin\/images\/categories\/ACTIVITY.png\" alt=\"\" width=\"32\" height=\"32\" \/><\/td>\n<td>\n<h2 style=\"font-size: 16px; color: #534438; margin: 0 0 5px; font-weight: normal;\">St. Patrick&#8217;s Weekend &#8211; I Love My City<\/h2>\n<h3 style=\"font-size: 13px; margin: 0; padding: 0; line-height: 16px; color: #534438;\">10:00, Mon 17 Mar<\/h3>\n<p style=\"font-size: 13px; color: #534438; line-height: 20px; margin: 0; padding-top: 0;\">Dublin (various locations)<\/p>\n<table width=\"100%\" cellspacing=\"0\" cellpadding=\"0\">\n<tbody>\n<tr>\n<td valign=\"top\">\n<div style=\"font-size: 13px; color: #534438; line-height: 20px;\">\n<p style=\"margin: 10px 0;\">The St. Patrick&#8217;s Festival takes place from 14-17 March and over the full four days the cultural programme &#8220;I Love My City&#8221; will run. There is a wide variety of events from music, via talks&amp;discussions to performances and screenings. I am listing all the events here (even for Sat, Sun and Mon) because places are limited and you need to register for many of them.<\/p>\n<p style=\"margin: 10px 0;\">The events are:<\/p>\n<p>Fri-Mon<br \/>\n+ &#8220;Dublin Then &amp; Now&#8221; &#8211; Exhibition of Dublin Painting &amp; Sketching Club &#8211; City Assembly House from 10:00<br \/>\n+ &#8220;Street Feelings&#8221; &#8211; Documentary Screening about Donal Dineen&#8217;s 1986 move from Kerry to Dublin &#8211; Hugh Lane Gallery at 10:00<br \/>\n+ &#8220;i&#8221; &#8211; Exhibition of work from photographer Eamonn Doyle about Dublin &#8211; The Library Project at 11:00<br \/>\n(No booking required for these three events! &#8220;Street Feelings&#8221; will not take place on Monday.)<\/p>\n<p>Friday 14 March<br \/>\n+ &#8220;One City, Many Cultures&#8221; &#8211; Milk &amp; Cookie Stories storytelling evening &#8211; National Gallery at 19:00<br \/>\n+ &#8220;Jape at the RHA&#8221; &#8211; Performance by Irish electronic-rock band Jape &#8211; RHA Gallery at 19:30<\/p>\n<p>Sat 15 March<br \/>\n+ &#8220;Remembering Luke Kelly&#8221; &#8211; Documentary Screening &#8211; O&#8217;Donoghues Bar at 10:00\/12:00<br \/>\n+ &#8220;Past Times&#8221; &#8211; Tour about literary figures &#8211; Marsh&#8217;s Library at 11:00\/12:00\/13:30\/15:00<br \/>\n+ &#8220;Dabledoo Music&#8221; &#8211; Multimedia experience for children &#8211; Little Museum of Dublin at 11:00\/12:15\/13:30<br \/>\n+ &#8220;I a Beckett Clown&#8221; &#8211; Workshop &#8211; The Warehouse at 11:00<br \/>\n+ &#8220;Banter: Irish Identity, Past, Present &amp; Future&#8221; &#8211; Discussion &#8211; Freemason&#8217;s Hall at 16:00<br \/>\n+ &#8220;The Enchanted Banquet&#8221; &#8211; Food, Music and performances &#8211; National Concert Hall at 19:00<br \/>\n+ &#8220;Dh\u00fais\u00edos Ar Maidin \/ Woke Up This Morning&#8221; &#8211; Imram Blues Poetry Project &#8211; RHA Gallery at 20:30<\/p>\n<p>Sun 16 Mar<br \/>\n+ &#8220;Document this&#8230;&#8221; &#8211; short documentaries, exploring the role of film as part of history &#8211; National Library at 18:00<br \/>\n+ &#8220;Waking Ned&#8221; &#8211; Film Screening &#8211; Grand Canal Dock at 19:30<\/p>\n<p>Mon 17 Mar<br \/>\n+ Solo Space &#8211; Concert with voice, clarinet and fiddle &#8211; Chapel Royal at 17:00\/19:00<br \/>\n+ Trad Trio &#8211; National Concert Hall at 19:30<\/p>\n<p style=\"margin: 10px 0;\">Admission to all events (except the Enchanted Banquet) is free, but places are limited and for many booking is required via the website below.<\/p>\n<\/div>\n<div style=\"font-size: 13px; color: #534438; line-height: 20px;\"><\/div>\n<p style=\"font-size: 13px; color: #534438; line-height: 20px;\"><a style=\"color: #cc2979; text-decoration: none;\" href=\"http:\/\/www.stpatricksfestival.ie\/events\/love-my-city\">http:\/\/www.stpatricksfestival.ie\/events\/love-my-city<\/a><\/p>\n<\/td>\n<td valign=\"top\"><\/td>\n<\/tr>\n<\/tbody>\n<\/table>\n<\/td>\n<\/tr>\n<\/tbody>\n<\/table>\n<\/td>\n<\/tr>\n<\/tbody>\n<\/table>\n<table width=\"100%\" cellspacing=\"0\" cellpadding=\"0\">\n<tbody>\n<tr>\n<td style=\"padding: 10px 30px;\">\n<table width=\"100%\" cellspacing=\"0\" cellpadding=\"0\">\n<tbody>\n<tr>\n<td valign=\"top\" width=\"52\"><img loading=\"lazy\" decoding=\"async\" src=\"http:\/\/dublineventguide.com\/dff\/admin\/images\/categories\/ACTIVITY.png\" alt=\"\" width=\"32\" height=\"32\" \/><\/td>\n<td>\n<h2 style=\"font-size: 16px; color: #534438; margin: 0 0 5px; font-weight: normal;\">Festival Funfairs<\/h2>\n<h3 style=\"font-size: 13px; margin: 0; padding: 0; line-height: 16px; color: #534438;\">11:00 &#8211; 21:00, Mon 17 Mar<\/h3>\n<p style=\"font-size: 13px; color: #534438; line-height: 20px; margin: 0; padding-top: 0;\">Dublin (various locations)<\/p>\n<table width=\"100%\" cellspacing=\"0\" cellpadding=\"0\">\n<tbody>\n<tr>\n<td valign=\"top\">\n<div style=\"font-size: 13px; color: #534438; line-height: 20px;\">\n<p style=\"margin: 10px 0;\">At Merrion Square and at Customs House Quay two St. Patrick&#8217;s Festival Funfairs will take place. Admission to the funfairs is free, but you obviously pay for the different activities\/rides.<\/p>\n<\/div>\n<div style=\"font-size: 13px; color: #534438; line-height: 20px;\"><\/div>\n<p style=\"font-size: 13px; color: #534438; line-height: 20px;\"><a style=\"color: #cc2979; text-decoration: none;\" href=\"http:\/\/www.stpatricksfestival.ie\/events\/event\/city_at_play_funfairs6\">http:\/\/www.stpatricksfestival.ie\/events\/event\/city_at_play_funfairs6<\/a><\/p>\n<\/td>\n<td valign=\"top\"><\/td>\n<\/tr>\n<\/tbody>\n<\/table>\n<\/td>\n<\/tr>\n<\/tbody>\n<\/table>\n<\/td>\n<\/tr>\n<\/tbody>\n<\/table>\n<table width=\"100%\" cellspacing=\"0\" cellpadding=\"0\">\n<tbody>\n<tr>\n<td style=\"padding: 10px 30px;\">\n<table width=\"100%\" cellspacing=\"0\" cellpadding=\"0\">\n<tbody>\n<tr>\n<td valign=\"top\" width=\"52\"><img loading=\"lazy\" decoding=\"async\" src=\"http:\/\/dublineventguide.com\/dff\/admin\/images\/categories\/TALKS.png\" alt=\"\" width=\"32\" height=\"32\" \/><\/td>\n<td>\n<h2 style=\"font-size: 16px; color: #534438; margin: 0 0 5px; font-weight: normal;\">National Gallery Talks<\/h2>\n<h3 style=\"font-size: 13px; margin: 0; padding: 0; line-height: 16px; color: #534438;\"><img loading=\"lazy\" decoding=\"async\" style=\"display: inline; float: left;\" src=\"http:\/\/dublineventguide.com\/dff\/admin\/images\/weekly.png\" alt=\"\" width=\"69\" height=\"16\" \/> 11:30 &#8211; 16:50, Mon 17 Mar<\/h3>\n<p style=\"font-size: 13px; color: #534438; line-height: 20px; margin: 0; padding-top: 0;\">National Gallery, Clare Street, Dublin 2<\/p>\n<table width=\"100%\" cellspacing=\"0\" cellpadding=\"0\">\n<tbody>\n<tr>\n<td valign=\"top\">\n<div style=\"font-size: 13px; color: #534438; line-height: 20px;\">\n<p style=\"margin: 10px 0;\">The National Gallery has an extensive programme of free talks, public tours and Art Documentary screenings focusing on highlights of the European and Irish Collection every day of the week. Check their website for details.<\/p>\n<\/div>\n<div style=\"font-size: 13px; color: #534438; line-height: 20px;\"><\/div>\n<p style=\"font-size: 13px; color: #534438; line-height: 20px;\"><a style=\"color: #cc2979; text-decoration: none;\" href=\"http:\/\/nationalgallery.ie\/whatson\">http:\/\/nationalgallery.ie\/whatson<\/a><\/p>\n<\/td>\n<td valign=\"top\"><\/td>\n<\/tr>\n<\/tbody>\n<\/table>\n<\/td>\n<\/tr>\n<\/tbody>\n<\/table>\n<\/td>\n<\/tr>\n<\/tbody>\n<\/table>\n<table width=\"100%\" cellspacing=\"0\" cellpadding=\"0\">\n<tbody>\n<tr>\n<td style=\"padding: 10px 30px;\">\n<table width=\"100%\" cellspacing=\"0\" cellpadding=\"0\">\n<tbody>\n<tr>\n<td valign=\"top\" width=\"52\"><img loading=\"lazy\" decoding=\"async\" src=\"http:\/\/dublineventguide.com\/dff\/admin\/images\/categories\/ACTIVITY.png\" alt=\"\" width=\"32\" height=\"32\" \/><\/td>\n<td>\n<h2 style=\"font-size: 16px; color: #534438; margin: 0 0 5px; font-weight: normal;\">Powerscourt Townhouse St. Patrick&#8217;s Festival<\/h2>\n<h3 style=\"font-size: 13px; margin: 0; padding: 0; line-height: 16px; color: #534438;\">11:30, Mon 17 Mar<\/h3>\n<p style=\"font-size: 13px; color: #534438; line-height: 20px; margin: 0; padding-top: 0;\">Powerscourt Centre, 59 South William Street, Dublin 2<\/p>\n<table width=\"100%\" cellspacing=\"0\" cellpadding=\"0\">\n<tbody>\n<tr>\n<td valign=\"top\">\n<div style=\"font-size: 13px; color: #534438; line-height: 20px;\">\n<p style=\"margin: 10px 0;\">A number of St. Patrick&#8217;s Festival events take place in the Powerscourt Townhouse:<\/p>\n<p>Sat: 15 March:<br \/>\n11:30 Free Tour of the Centre (meet at information desk)<br \/>\n12:30 Corus Choir<br \/>\n14:30 Hop Up Irish Dancing in Powerscourt Theatre (2nd floor)<\/p>\n<p>Sun 16 March:<br \/>\n12:30 Corus Choir<br \/>\n15:00 Hop Up Irish Dancing in Powerscourt Theatre (2nd floor)<br \/>\n14:30-16:30 Traditional Irish Music<\/p>\n<p>Mon 17 March:<br \/>\n13:00+15:00 Mo Hat Mo Gheansai &#8211; Performance<br \/>\n12:30-16:00 Face Painting &amp; Balloon Sculpting<br \/>\n13:00+15:00 Free Tours of the Centre (meet at information desk)<br \/>\n14:30 +16:30 Irish Dancing (couryard stage)<br \/>\n15:00 Hop Up Irish Dancing in Powerscourt Theatre (2nd floor)<\/p>\n<p style=\"margin: 10px 0;\">Admission is free to all events.<\/p>\n<\/div>\n<div style=\"font-size: 13px; color: #534438; line-height: 20px;\"><\/div>\n<p style=\"font-size: 13px; color: #534438; line-height: 20px;\"><a style=\"color: #cc2979; text-decoration: none;\" href=\"http:\/\/www.powerscourtcentre.ie\/category\/events\/\">http:\/\/www.powerscourtcentre.ie\/category\/events\/<\/a><\/p>\n<\/td>\n<td valign=\"top\"><\/td>\n<\/tr>\n<\/tbody>\n<\/table>\n<\/td>\n<\/tr>\n<\/tbody>\n<\/table>\n<\/td>\n<\/tr>\n<\/tbody>\n<\/table>\n<table width=\"100%\" cellspacing=\"0\" cellpadding=\"0\">\n<tbody>\n<tr>\n<td style=\"padding: 10px 30px;\">\n<table width=\"100%\" cellspacing=\"0\" cellpadding=\"0\">\n<tbody>\n<tr>\n<td valign=\"top\" width=\"52\"><img loading=\"lazy\" decoding=\"async\" src=\"http:\/\/dublineventguide.com\/dff\/admin\/images\/categories\/ACTIVITY.png\" alt=\"\" width=\"32\" height=\"32\" \/><\/td>\n<td>\n<h2 style=\"font-size: 16px; color: #534438; margin: 0 0 5px; font-weight: normal;\">St. Patrick&#8217;s Festival Parade<\/h2>\n<h3 style=\"font-size: 13px; margin: 0; padding: 0; line-height: 16px; color: #534438;\">12:00 &#8211; 14:00, Mon 17 Mar<\/h3>\n<p style=\"font-size: 13px; color: #534438; line-height: 20px; margin: 0; padding-top: 0;\">Dublin (various locations)<\/p>\n<table width=\"100%\" cellspacing=\"0\" cellpadding=\"0\">\n<tbody>\n<tr>\n<td valign=\"top\">\n<div style=\"font-size: 13px; color: #534438; line-height: 20px;\">\n<p style=\"margin: 10px 0;\">The St. Patrick&#8217;s Day Parade will take on Monday from 12:00. The theme is this year &#8220;Past&#8221; out of a three year &#8220;Let&#8217;s Make History&#8221; sequence, but I have to admit that in previous years themes didn&#8217;t mean much. The floats and walking groups were a little disappointing last year and (for me) the highlight are the marching bands, but the theme doesn&#8217;t play a role to them anyway.<\/p>\n<p style=\"margin: 10px 0;\">What&#8217;s good about the parade? &#8211; If you get a good viewing position, you will have an hour of nice entertainment, Nothing that will blow you away, but still good entertainment and a generally fun atmosphere in the City Centre. Look out (or rather listen out) for the marching bands, especially the Louisiana State University Tiger Marching Band will probably impress. Eight Pageant Companies and 11 Marching Bands (6 less than last year) will take part.<\/p>\n<p style=\"margin: 10px 0;\">What&#8217;s bad about the parade? &#8211; Unless you arrive extremely early, you will have serious difficulty getting a good viewing position and if you are in the fourth row or even further back, then you will miss most. Small people are extremely disadvantaged and please leave your buggy\/pram\/etc at home, there is really no room for it. The parade route is much too short to give people a chance to see it. You will read afterwards that more than 500,000 people saw the parade, but that is all nonsense. Nevertheless about 200k people could be there and that amount on a route of just 2.7km is just too high. which means that only half of the 200k actually see the parade.<\/p>\n<p style=\"margin: 10px 0;\">Some people think the parade is an unmissable highlight of the St. Patrick&#8217;s Festival, others think it is the worst part of it. I think it has improved a lot from the 80s and 90s, but last year was not that great and in general I have been more often disappointed than not. So, if you want to SEE the parade, come REALLY early (people at the front arrive at 08:00!!) or consider watching it on TV. If you come to town for the atmosphere, then do that but don&#8217;t be disappointed if you only see masses of mad Leprechauns.<\/p>\n<p style=\"margin: 10px 0;\">The parade will start at Parnell Square then go down O&#8217;Connell Street, cross the Liffey, go along College Green, Dame Street to Christ Church and then end at St. Patrick&#8217;s Cathedral.<\/p>\n<p style=\"margin: 10px 0;\">After the parade, avoid Grafton Street, Temple Bar and many other City Centre locations, it ain&#8217;t pretty. And it is a pity that nothing is done about the post-parade madness.<\/p>\n<\/div>\n<div style=\"font-size: 13px; color: #534438; line-height: 20px;\"><\/div>\n<p style=\"font-size: 13px; color: #534438; line-height: 20px;\"><a style=\"color: #cc2979; text-decoration: none;\" href=\"http:\/\/www.stpatricksfestival.ie\/parade\">http:\/\/www.stpatricksfestival.ie\/parade<\/a><\/p>\n<\/td>\n<td valign=\"top\"><\/td>\n<\/tr>\n<\/tbody>\n<\/table>\n<\/td>\n<\/tr>\n<\/tbody>\n<\/table>\n<\/td>\n<\/tr>\n<\/tbody>\n<\/table>\n<table width=\"100%\" cellspacing=\"0\" cellpadding=\"0\">\n<tbody>\n<tr>\n<td style=\"padding: 10px 30px;\">\n<table width=\"100%\" cellspacing=\"0\" cellpadding=\"0\">\n<tbody>\n<tr>\n<td valign=\"top\" width=\"52\"><img loading=\"lazy\" decoding=\"async\" src=\"http:\/\/dublineventguide.com\/dff\/admin\/images\/categories\/ACTIVITY.png\" alt=\"\" width=\"32\" height=\"32\" \/><\/td>\n<td>\n<h2 style=\"font-size: 16px; color: #534438; margin: 0 0 5px; font-weight: normal;\">Stepaside St Patrick&#8217;s Festival Parade<\/h2>\n<h3 style=\"font-size: 13px; margin: 0; padding: 0; line-height: 16px; color: #534438;\">12:30, Mon 17 Mar<\/h3>\n<p style=\"font-size: 13px; color: #534438; line-height: 20px; margin: 0; padding-top: 0;\">Kilgobbin Lane, Stepaside, Dublin 18<\/p>\n<table width=\"100%\" cellspacing=\"0\" cellpadding=\"0\">\n<tbody>\n<tr>\n<td valign=\"top\">\n<div style=\"font-size: 13px; color: #534438; line-height: 20px;\">\n<p style=\"margin: 10px 0;\">The tiny village of Stepaside, on the southern fringes of Dublin, will have their own St. Patrick&#8217;s Day Parade. It will start at Kilgobbin Lane and end at St. Patrick&#8217;s Park.<\/p>\n<\/div>\n<div style=\"font-size: 13px; color: #534438; line-height: 20px;\"><\/div>\n<p style=\"font-size: 13px; color: #534438; line-height: 20px;\"><a style=\"color: #cc2979; text-decoration: none;\" href=\"https:\/\/www.facebook.com\/stepasidevillage.dublin\">https:\/\/www.facebook.com\/stepasidevillage.dublin<\/a><\/p>\n<\/td>\n<td valign=\"top\"><\/td>\n<\/tr>\n<\/tbody>\n<\/table>\n<\/td>\n<\/tr>\n<\/tbody>\n<\/table>\n<\/td>\n<\/tr>\n<\/tbody>\n<\/table>\n<table width=\"100%\" cellspacing=\"0\" cellpadding=\"0\">\n<tbody>\n<tr>\n<td style=\"padding: 10px 30px;\">\n<table width=\"100%\" cellspacing=\"0\" cellpadding=\"0\">\n<tbody>\n<tr>\n<td valign=\"top\" width=\"52\"><img loading=\"lazy\" decoding=\"async\" src=\"http:\/\/dublineventguide.com\/dff\/admin\/images\/categories\/FILM.png\" alt=\"\" width=\"32\" height=\"32\" \/><\/td>\n<td>\n<h2 style=\"font-size: 16px; color: #534438; margin: 0 0 5px; font-weight: normal;\">Archive at Lunchtime &#8211; IFI<\/h2>\n<h3 style=\"font-size: 13px; margin: 0; padding: 0; line-height: 16px; color: #534438;\"><img loading=\"lazy\" decoding=\"async\" style=\"display: inline; float: left;\" src=\"http:\/\/dublineventguide.com\/dff\/admin\/images\/weekly.png\" alt=\"\" width=\"69\" height=\"16\" \/> 13:00, Mon 17 Mar<\/h3>\n<p style=\"font-size: 13px; color: #534438; line-height: 20px; margin: 0; padding-top: 0;\">Irish Film Institute, 6 Eustace Street, Temple Bar, Dublin 2<\/p>\n<table width=\"100%\" cellspacing=\"0\" cellpadding=\"0\">\n<tbody>\n<tr>\n<td valign=\"top\">\n<div style=\"font-size: 13px; color: #534438; line-height: 20px;\">\n<p>Archive at Lunchtime screenings take place Saturdays (Double Bill), Mondays and Wednesdays. The programme is changing weekly now (instead of monthly as in the past). To find out what film(s) will be screened go to <a style=\"color: #cc2979; text-decoration: none;\" href=\"http:\/\/www.ifi.ie\/whatson\/now-showing-coming-soon\/\">http:\/\/www.ifi.ie\/whatson\/now-showing-coming-soon\/<\/a> and look for &#8220;Archive at Lunchtime&#8221; on the right. Admission is free.<\/p>\n<\/div>\n<div style=\"font-size: 13px; color: #534438; line-height: 20px;\"><\/div>\n<p style=\"font-size: 13px; color: #534438; line-height: 20px;\"><a style=\"color: #cc2979; text-decoration: none;\" href=\"http:\/\/www.ifi.ie\/\">http:\/\/www.ifi.ie\/<\/a><\/p>\n<\/td>\n<td valign=\"top\"><\/td>\n<\/tr>\n<\/tbody>\n<\/table>\n<\/td>\n<\/tr>\n<\/tbody>\n<\/table>\n<\/td>\n<\/tr>\n<\/tbody>\n<\/table>\n<table width=\"100%\" cellspacing=\"0\" cellpadding=\"0\">\n<tbody>\n<tr>\n<td style=\"padding: 10px 30px;\">\n<table width=\"100%\" cellspacing=\"0\" cellpadding=\"0\">\n<tbody>\n<tr>\n<td valign=\"top\" width=\"52\"><img loading=\"lazy\" decoding=\"async\" src=\"http:\/\/dublineventguide.com\/dff\/admin\/images\/categories\/MUSIC.png\" alt=\"\" width=\"32\" height=\"32\" \/><\/td>\n<td>\n<h2 style=\"font-size: 16px; color: #534438; margin: 0 0 5px; font-weight: normal;\">Sweeney&#8217;s St. Patrick&#8217;s Day<\/h2>\n<h3 style=\"font-size: 13px; margin: 0; padding: 0; line-height: 16px; color: #534438;\">13:00, Mon 17 Mar<\/h3>\n<p style=\"font-size: 13px; color: #534438; line-height: 20px; margin: 0; padding-top: 0;\">Sweeney Mongrel&#8217;s, 32 Dame Street, Dublin 2<\/p>\n<table width=\"100%\" cellspacing=\"0\" cellpadding=\"0\">\n<tbody>\n<tr>\n<td valign=\"top\">\n<div style=\"font-size: 13px; color: #534438; line-height: 20px;\">\n<p style=\"margin: 10px 0;\">St Patricks Day BEGORRAH! &#8211; is the all day music event in Sweeney&#8217;s. Music kicks off at 13:00 and will continue until 02:30.<\/p>\n<p style=\"margin: 10px 0;\">The line-up is Crow Black Chicken | Cold Comfort | Lightning Kids | Ben Prevo | Black Bottle String Band | The Boneyard DJS<\/p>\n<p style=\"margin: 10px 0;\">Admission is free.<\/p>\n<\/div>\n<div style=\"font-size: 13px; color: #534438; line-height: 20px;\"><\/div>\n<p style=\"font-size: 13px; color: #534438; line-height: 20px;\"><a style=\"color: #cc2979; text-decoration: none;\" href=\"http:\/\/www.sweeneysdublin.ie\/gigs.php\">http:\/\/www.sweeneysdublin.ie\/gigs.php<\/a><\/p>\n<\/td>\n<td valign=\"top\"><\/td>\n<\/tr>\n<\/tbody>\n<\/table>\n<\/td>\n<\/tr>\n<\/tbody>\n<\/table>\n<\/td>\n<\/tr>\n<\/tbody>\n<\/table>\n<table width=\"100%\" cellspacing=\"0\" cellpadding=\"0\">\n<tbody>\n<tr>\n<td style=\"padding: 10px 30px;\">\n<table width=\"100%\" cellspacing=\"0\" cellpadding=\"0\">\n<tbody>\n<tr>\n<td valign=\"top\" width=\"52\"><img loading=\"lazy\" decoding=\"async\" src=\"http:\/\/dublineventguide.com\/dff\/admin\/images\/categories\/ACTIVITY.png\" alt=\"\" width=\"32\" height=\"32\" \/><\/td>\n<td>\n<h2 style=\"font-size: 16px; color: #534438; margin: 0 0 5px; font-weight: normal;\">St. Patrick&#8217;s Day Catwalk<\/h2>\n<h3 style=\"font-size: 13px; margin: 0; padding: 0; line-height: 16px; color: #534438;\">14:00, Mon 17 Mar<\/h3>\n<p style=\"font-size: 13px; color: #534438; line-height: 20px; margin: 0; padding-top: 0;\">Wolfe Tone Square, Jervis Street, Dublin 1<\/p>\n<table width=\"100%\" cellspacing=\"0\" cellpadding=\"0\">\n<tbody>\n<tr>\n<td valign=\"top\">\n<div style=\"font-size: 13px; color: #534438; line-height: 20px;\">\n<p style=\"margin: 10px 0;\">Once the St. Patrick&#8217;s Day Parade is over, the celebrations in the City Centre come to a dramatic and pre-mature end. This year, you can continue showing your St. Patrick&#8217;s Day outfit at the St. Patrick&#8217;s Day Catwalk on Wolfe Tone Square.<\/p>\n<p style=\"margin: 10px 0;\">Organised by the Lerechaun Museumin Jervis Street, this catwalk continues the festivities, gives all the Leprechauns in Dublin another chance to display their cool clothes or just watch others doing the catwalk.<\/p>\n<p style=\"margin: 10px 0;\">There will be a Ceili Band performing and Catwalk Participants can win prizes for Best-Dressed, Most Creative, No Help from Mammy, Most Embarrased Friend, Cutest, Most &#8220;Out There&#8221; &amp; Best Presentation. MC will be comedienne Katherine Lynch.<\/p>\n<\/div>\n<div style=\"font-size: 13px; color: #534438; line-height: 20px;\"><\/div>\n<p style=\"font-size: 13px; color: #534438; line-height: 20px;\"><a style=\"color: #cc2979; text-decoration: none;\" href=\"http:\/\/www.leprechaunmuseum.ie\/news\/patricks2014\/\">http:\/\/www.leprechaunmuseum.ie\/news\/patricks2014\/<\/a><\/p>\n<\/td>\n<td valign=\"top\"><\/td>\n<\/tr>\n<\/tbody>\n<\/table>\n<\/td>\n<\/tr>\n<\/tbody>\n<\/table>\n<\/td>\n<\/tr>\n<\/tbody>\n<\/table>\n<table width=\"100%\" cellspacing=\"0\" cellpadding=\"0\">\n<tbody>\n<tr>\n<td style=\"padding: 10px 30px;\">\n<table width=\"100%\" cellspacing=\"0\" cellpadding=\"0\">\n<tbody>\n<tr>\n<td valign=\"top\" width=\"52\"><img loading=\"lazy\" decoding=\"async\" src=\"http:\/\/dublineventguide.com\/dff\/admin\/images\/categories\/MUSIC.png\" alt=\"\" width=\"32\" height=\"32\" \/><\/td>\n<td>\n<h2 style=\"font-size: 16px; color: #534438; margin: 0 0 5px; font-weight: normal;\">St. Patrick&#8217;s Day Live Music Party<\/h2>\n<h3 style=\"font-size: 13px; margin: 0; padding: 0; line-height: 16px; color: #534438;\">14:00 &#8211; 02:30, Mon 17 Mar<\/h3>\n<p style=\"font-size: 13px; color: #534438; line-height: 20px; margin: 0; padding-top: 0;\">Whelan&#8217;s, 25 Wexford Street, Dublin 2<\/p>\n<table width=\"100%\" cellspacing=\"0\" cellpadding=\"0\">\n<tbody>\n<tr>\n<td valign=\"top\">\n<div style=\"font-size: 13px; color: #534438; line-height: 20px;\">\n<p style=\"margin: 10px 0;\">A St. Patrick&#8217;s Day Live Music Party is taking place in Whelan&#8217;s with 11 bands.<\/p>\n<p style=\"margin: 10px 0;\">The line-up is Segrasso, Thieves, Houdini, Silent Noise Parade, Soldiers Can\u2019t Dance, Loop Culture, Whitetrash &amp; The Spear Headed, Sparraw Hawks, Watch the Sky, Galants, Bear Plays Spoons, Birds<\/p>\n<p>Admission is free when you register your attendance via the Facebook Page here <a style=\"color: #cc2979; text-decoration: none;\" href=\"https:\/\/www.facebook.com\/events\/245637562285046\/\">https:\/\/www.facebook.com\/events\/245637562285046\/<\/a><\/p>\n<\/div>\n<div style=\"font-size: 13px; color: #534438; line-height: 20px;\"><\/div>\n<p style=\"font-size: 13px; color: #534438; line-height: 20px;\"><a style=\"color: #cc2979; text-decoration: none;\" href=\"http:\/\/www.whelanslive.com\/index.php\/st-patricks-day-live-music-party\/\">http:\/\/www.whelanslive.com\/index.php\/st-patricks-day-live-music-party\/<\/a><\/p>\n<\/td>\n<td valign=\"top\"><\/td>\n<\/tr>\n<\/tbody>\n<\/table>\n<\/td>\n<\/tr>\n<\/tbody>\n<\/table>\n<\/td>\n<\/tr>\n<\/tbody>\n<\/table>\n<table width=\"100%\" cellspacing=\"0\" cellpadding=\"0\">\n<tbody>\n<tr>\n<td style=\"padding: 10px 30px;\">\n<table width=\"100%\" cellspacing=\"0\" cellpadding=\"0\">\n<tbody>\n<tr>\n<td valign=\"top\" width=\"52\"><img loading=\"lazy\" decoding=\"async\" src=\"http:\/\/dublineventguide.com\/dff\/admin\/images\/categories\/MUSIC.png\" alt=\"\" width=\"32\" height=\"32\" \/><\/td>\n<td>\n<h2 style=\"font-size: 16px; color: #534438; margin: 0 0 5px; font-weight: normal;\">Paddy&#8217;s Weekender<\/h2>\n<h3 style=\"font-size: 13px; margin: 0; padding: 0; line-height: 16px; color: #534438;\">15:00, Mon 17 Mar<\/h3>\n<p style=\"font-size: 13px; color: #534438; line-height: 20px; margin: 0; padding-top: 0;\">Workman&#8217;s Club, 10 Wellington Quay, Dublin 2<\/p>\n<table width=\"100%\" cellspacing=\"0\" cellpadding=\"0\">\n<tbody>\n<tr>\n<td valign=\"top\">\n<div style=\"font-size: 13px; color: #534438; line-height: 20px;\">\n<p style=\"margin: 10px 0;\">A 2-day Paddy&#8217;s Day Weekender takes place in the Workman&#8217;s Club and the Garage.<\/p>\n<p style=\"margin: 10px 0;\">The line-up is Overhead, The Albatross \/ Squarehead \/ The Notas \/ Other Creatures \/ Exploding Eyes \/ Otherkin \/ Death In The Sickroom \/ Jetsetter \/ Beach \/ Late City Edition \/ Galants \/ Gav &amp; Thee Icons \/ Ad Ateris and lots of DJs.<\/p>\n<p style=\"margin: 10px 0;\">The Sunday schedule is (copied and pasted from the Facebook Page &#8211; Apologies for the shouting and odd time notations):<\/p>\n<p>OVERHEAD, THE ALBATROSS&#8230;. 11.30-12.30<br \/>\nTHE NOTAS&#8230;&#8230;&#8230;&#8230;&#8230;&#8230;&#8230;&#8230;&#8230;&#8230; 10.30-11.10<br \/>\nEXPLODING EYES&#8230;&#8230;&#8230;&#8230;&#8230;&#8230;&#8230; 9.35-10.10<br \/>\nOTHERKIN&#8230;&#8230;&#8230;&#8230;&#8230;&#8230;&#8230;&#8230;&#8230;&#8230;. 8.40-9.15<br \/>\nSONANCE HOTEL&#8230;&#8230;&#8230;&#8230;&#8230;&#8230;.. 7.45-8.20<br \/>\nDEATH IN THE SICKROOM&#8230;&#8230;. 6.50-7.25<br \/>\nLATE CITY EDITION&#8230;&#8230;&#8230;&#8230;&#8230;&#8230; 5.55-6.30<br \/>\nGAV AND THEE ICONS&#8230;&#8230;&#8230;&#8230;. 5.05-5.35<br \/>\nFollowed by Workman&#8217;s Saturday Residents Trev Radiator\/Gav xmas and Brian Ashe (Leaders of Men)<br \/>\nOn the first floor (22:30-03:30) Seany Bee + Niall D&#8217;Arcy will play House and Disco<\/p>\n<p style=\"margin: 10px 0;\">In the Garage Bar a 12 hour Rock and Roll Party will take place with<\/p>\n<p>Lisa Moore&#8230;&#8230;&#8230;&#8230;&#8230;&#8230;&#8230;&#8230;&#8230;&#8230;&#8230;&#8230; 3-5<br \/>\nSean Goucher (#1s\/The Pacifics)&#8230;..5-7<br \/>\nRob Gilligan+Michelle Farley&#8230;&#8230;&#8230;.7-9<br \/>\nGav Icon (Gav and Thee Icon&#8217;s)&#8230;&#8230;.9-11<br \/>\nThe Rev. Tony Bones&#8230;&#8230;&#8230;&#8230;&#8230;&#8230;&#8230;..11-1<br \/>\nKen Mooney (The Urges)&#8230;&#8230;&#8230;&#8230;&#8230;.1-3<\/p>\n<\/div>\n<div style=\"font-size: 13px; color: #534438; line-height: 20px;\"><\/div>\n<p style=\"font-size: 13px; color: #534438; line-height: 20px;\"><a style=\"color: #cc2979; text-decoration: none;\" href=\"https:\/\/www.facebook.com\/events\/218500388354621\">https:\/\/www.facebook.com\/events\/218500388354621<\/a><\/p>\n<\/td>\n<td valign=\"top\"><\/td>\n<\/tr>\n<\/tbody>\n<\/table>\n<\/td>\n<\/tr>\n<\/tbody>\n<\/table>\n<\/td>\n<\/tr>\n<\/tbody>\n<\/table>\n<table width=\"100%\" cellspacing=\"0\" cellpadding=\"0\">\n<tbody>\n<tr>\n<td style=\"padding: 10px 30px;\">\n<table width=\"100%\" cellspacing=\"0\" cellpadding=\"0\">\n<tbody>\n<tr>\n<td valign=\"top\" width=\"52\"><img loading=\"lazy\" decoding=\"async\" src=\"http:\/\/dublineventguide.com\/dff\/admin\/images\/categories\/FOOD_DRINK.png\" alt=\"\" width=\"32\" height=\"32\" \/><\/td>\n<td>\n<h2 style=\"font-size: 16px; color: #534438; margin: 0 0 5px; font-weight: normal;\">Craft Beer Walking Tour<\/h2>\n<h3 style=\"font-size: 13px; margin: 0; padding: 0; line-height: 16px; color: #534438;\"><img loading=\"lazy\" decoding=\"async\" style=\"display: inline; float: left;\" src=\"http:\/\/dublineventguide.com\/dff\/admin\/images\/weekly.png\" alt=\"\" width=\"69\" height=\"16\" \/> 19:30, Mon 17 Mar<\/h3>\n<p style=\"font-size: 13px; color: #534438; line-height: 20px; margin: 0; padding-top: 0;\">The Beerhouse, 84.5 Capel Street, Dublin 1<\/p>\n<table width=\"100%\" cellspacing=\"0\" cellpadding=\"0\">\n<tbody>\n<tr>\n<td valign=\"top\">\n<div style=\"font-size: 13px; color: #534438; line-height: 20px;\">\n<p style=\"margin: 10px 0;\">A weekly free Craft Beer Walking Tour started last Monday in Dublin. Meeting Point is in the Beerhouse and during the evening you will visit four Craft Beer Pubs. The tour is free and you pay for your own beer.<\/p>\n<\/div>\n<div style=\"font-size: 13px; color: #534438; line-height: 20px;\"><\/div>\n<p style=\"font-size: 13px; color: #534438; line-height: 20px;\"><a style=\"color: #cc2979; text-decoration: none;\" href=\"https:\/\/www.facebook.com\/craftbeerdublin\">https:\/\/www.facebook.com\/craftbeerdublin<\/a><\/p>\n<\/td>\n<td valign=\"top\"><\/td>\n<\/tr>\n<\/tbody>\n<\/table>\n<\/td>\n<\/tr>\n<\/tbody>\n<\/table>\n<\/td>\n<\/tr>\n<\/tbody>\n<\/table>\n<table width=\"100%\" cellspacing=\"0\" cellpadding=\"0\">\n<tbody>\n<tr>\n<td style=\"padding: 10px 30px;\">\n<table width=\"100%\" cellspacing=\"0\" cellpadding=\"0\">\n<tbody>\n<tr>\n<td valign=\"top\" width=\"52\"><img loading=\"lazy\" decoding=\"async\" src=\"http:\/\/dublineventguide.com\/dff\/admin\/images\/categories\/MUSIC.png\" alt=\"\" width=\"32\" height=\"32\" \/><\/td>\n<td>\n<h2 style=\"font-size: 16px; color: #534438; margin: 0 0 5px; font-weight: normal;\">Back Door Sessions &#8211; Open Mic Night<\/h2>\n<h3 style=\"font-size: 13px; margin: 0; padding: 0; line-height: 16px; color: #534438;\"><img loading=\"lazy\" decoding=\"async\" style=\"display: inline; float: left;\" src=\"http:\/\/dublineventguide.com\/dff\/admin\/images\/weekly.png\" alt=\"\" width=\"69\" height=\"16\" \/> 20:00, Mon 17 Mar<\/h3>\n<p style=\"font-size: 13px; color: #534438; line-height: 20px; margin: 0; padding-top: 0;\">Sweeney Mongrel&#8217;s, 32 Dame Street, Dublin 2<\/p>\n<table width=\"100%\" cellspacing=\"0\" cellpadding=\"0\">\n<tbody>\n<tr>\n<td valign=\"top\">\n<div style=\"font-size: 13px; color: #534438; line-height: 20px;\">\n<p style=\"margin: 10px 0;\">This is an open mic night with Special Guests every Monday. Arrive, sign in (from 19:00) and play. Admission is free.<\/p>\n<\/div>\n<div style=\"font-size: 13px; color: #534438; line-height: 20px;\"><\/div>\n<p style=\"font-size: 13px; color: #534438; line-height: 20px;\"><a style=\"color: #cc2979; text-decoration: none;\" href=\"https:\/\/www.facebook.com\/sweeneysbar\">https:\/\/www.facebook.com\/sweeneysbar<\/a><\/p>\n<\/td>\n<td valign=\"top\"><\/td>\n<\/tr>\n<\/tbody>\n<\/table>\n<\/td>\n<\/tr>\n<\/tbody>\n<\/table>\n<\/td>\n<\/tr>\n<\/tbody>\n<\/table>\n<table width=\"100%\" cellspacing=\"0\" cellpadding=\"0\">\n<tbody>\n<tr>\n<td style=\"padding: 10px 30px;\">\n<table width=\"100%\" cellspacing=\"0\" cellpadding=\"0\">\n<tbody>\n<tr>\n<td valign=\"top\" width=\"52\"><img loading=\"lazy\" decoding=\"async\" src=\"http:\/\/dublineventguide.com\/dff\/admin\/images\/categories\/MUSIC.png\" alt=\"\" width=\"32\" height=\"32\" \/><\/td>\n<td>\n<h2 style=\"font-size: 16px; color: #534438; margin: 0 0 5px; font-weight: normal;\">Song Cycle<\/h2>\n<h3 style=\"font-size: 13px; margin: 0; padding: 0; line-height: 16px; color: #534438;\"><img loading=\"lazy\" decoding=\"async\" style=\"display: inline; float: left;\" src=\"http:\/\/dublineventguide.com\/dff\/admin\/images\/weekly.png\" alt=\"\" width=\"69\" height=\"16\" \/> 20:00, Mon 17 Mar<\/h3>\n<p style=\"font-size: 13px; color: #534438; line-height: 20px; margin: 0; padding-top: 0;\">Whelan&#8217;s, 25 Wexford Street, Dublin 2<\/p>\n<table width=\"100%\" cellspacing=\"0\" cellpadding=\"0\">\n<tbody>\n<tr>\n<td valign=\"top\">\n<div style=\"font-size: 13px; color: #534438; line-height: 20px;\">\n<p style=\"margin: 10px 0;\">Song Cycle is a weekly Singer\/Songriter showcase. The line-up is not always easily findable on the Whelan&#8217;s website, but admission is always free.<\/p>\n<\/div>\n<div style=\"font-size: 13px; color: #534438; line-height: 20px;\"><\/div>\n<p style=\"font-size: 13px; color: #534438; line-height: 20px;\"><a style=\"color: #cc2979; text-decoration: none;\" href=\"http:\/\/www.whelanslive.com\">http:\/\/www.whelanslive.com<\/a><\/p>\n<\/td>\n<td valign=\"top\"><\/td>\n<\/tr>\n<\/tbody>\n<\/table>\n<\/td>\n<\/tr>\n<\/tbody>\n<\/table>\n<\/td>\n<\/tr>\n<\/tbody>\n<\/table>\n<table width=\"100%\" cellspacing=\"0\" cellpadding=\"0\">\n<tbody>\n<tr>\n<td style=\"padding: 10px 30px;\">\n<table width=\"100%\" cellspacing=\"0\" cellpadding=\"0\">\n<tbody>\n<tr>\n<td valign=\"top\" width=\"52\"><img loading=\"lazy\" decoding=\"async\" src=\"http:\/\/dublineventguide.com\/dff\/admin\/images\/categories\/MUSIC.png\" alt=\"\" width=\"32\" height=\"32\" \/><\/td>\n<td>\n<h2 style=\"font-size: 16px; color: #534438; margin: 0 0 5px; font-weight: normal;\">The Monday Echo<\/h2>\n<h3 style=\"font-size: 13px; margin: 0; padding: 0; line-height: 16px; color: #534438;\"><img loading=\"lazy\" decoding=\"async\" style=\"display: inline; float: left;\" src=\"http:\/\/dublineventguide.com\/dff\/admin\/images\/weekly.png\" alt=\"\" width=\"69\" height=\"16\" \/> 20:00 &#8211; 22:30, Mon 17 Mar<\/h3>\n<p style=\"font-size: 13px; color: #534438; line-height: 20px; margin: 0; padding-top: 0;\">The International Bar, 23 Wicklow Street, Dublin 2<\/p>\n<table width=\"100%\" cellspacing=\"0\" cellpadding=\"0\">\n<tbody>\n<tr>\n<td valign=\"top\">\n<div style=\"font-size: 13px; color: #534438; line-height: 20px;\">\n<p>The Monday Echo is a weekly songwriter and poetry live showcase held on Mondays in the basement of The International Bar. Usually, the show has 3 songwriters and 3 poets who perform for roughly 20 minutes each. Admission is free.<br \/>\nThe weekly line-up can be found via the Facebook Page below.<\/p>\n<\/div>\n<div style=\"font-size: 13px; color: #534438; line-height: 20px;\"><\/div>\n<p style=\"font-size: 13px; color: #534438; line-height: 20px;\"><a style=\"color: #cc2979; text-decoration: none;\" href=\"https:\/\/www.facebook.com\/themondayecho\">https:\/\/www.facebook.com\/themondayecho<\/a><\/p>\n<\/td>\n<td valign=\"top\"><\/td>\n<\/tr>\n<\/tbody>\n<\/table>\n<\/td>\n<\/tr>\n<\/tbody>\n<\/table>\n<\/td>\n<\/tr>\n<\/tbody>\n<\/table>\n<table width=\"100%\" cellspacing=\"0\" cellpadding=\"0\">\n<tbody>\n<tr>\n<td style=\"padding: 10px 30px;\">\n<table width=\"100%\" cellspacing=\"0\" cellpadding=\"0\">\n<tbody>\n<tr>\n<td valign=\"top\" width=\"52\"><img loading=\"lazy\" decoding=\"async\" src=\"http:\/\/dublineventguide.com\/dff\/admin\/images\/categories\/COMEDY.png\" alt=\"\" width=\"32\" height=\"32\" \/><\/td>\n<td>\n<h2 style=\"font-size: 16px; color: #534438; margin: 0 0 5px; font-weight: normal;\">Comedy Crunch<\/h2>\n<h3 style=\"font-size: 13px; margin: 0; padding: 0; line-height: 16px; color: #534438;\"><img loading=\"lazy\" decoding=\"async\" style=\"display: inline; float: left;\" src=\"http:\/\/dublineventguide.com\/dff\/admin\/images\/weekly.png\" alt=\"\" width=\"69\" height=\"16\" \/> 21:00 &#8211; 23:00, Mon 17 Mar<\/h3>\n<p style=\"font-size: 13px; color: #534438; line-height: 20px; margin: 0; padding-top: 0;\">Stag&#8217;s Head (downstairs), Dame Lane, Dublin 2<\/p>\n<table width=\"100%\" cellspacing=\"0\" cellpadding=\"0\">\n<tbody>\n<tr>\n<td valign=\"top\">\n<div style=\"font-size: 13px; color: #534438; line-height: 20px;\">\n<p style=\"margin: 10px 0;\">The Comedy Crunch is a free Stand Up comedy event every Sunday and Monday. Every week different comedians entertain and on top of good comedy you will get free ice cream. Admission is free. The line-up can be found via the Comedy Crunch Facebook Page (see link below).<\/p>\n<\/div>\n<div style=\"font-size: 13px; color: #534438; line-height: 20px;\"><\/div>\n<p style=\"font-size: 13px; color: #534438; line-height: 20px;\"><a style=\"color: #cc2979; text-decoration: none;\" href=\"http:\/\/www.facebook.com\/pages\/The-Comedy-Crunch\/83791357330\">http:\/\/www.facebook.com\/pages\/The-Comedy-Crunch\/83791357330<\/a><\/p>\n<\/td>\n<td valign=\"top\"><\/td>\n<\/tr>\n<\/tbody>\n<\/table>\n<\/td>\n<\/tr>\n<\/tbody>\n<\/table>\n<\/td>\n<\/tr>\n<\/tbody>\n<\/table>\n<table width=\"100%\" cellspacing=\"0\" cellpadding=\"0\">\n<tbody>\n<tr>\n<td style=\"padding: 10px 30px;\">\n<table width=\"100%\" cellspacing=\"0\" cellpadding=\"0\">\n<tbody>\n<tr>\n<td valign=\"top\" width=\"52\"><img loading=\"lazy\" decoding=\"async\" src=\"http:\/\/dublineventguide.com\/dff\/admin\/images\/categories\/MUSIC.png\" alt=\"\" width=\"32\" height=\"32\" \/><\/td>\n<td>\n<h2 style=\"font-size: 16px; color: #534438; margin: 0 0 5px; font-weight: normal;\">Crafty Mondays &#8211; Open Mic<\/h2>\n<h3 style=\"font-size: 13px; margin: 0; padding: 0; line-height: 16px; color: #534438;\"><img loading=\"lazy\" decoding=\"async\" style=\"display: inline; float: left;\" src=\"http:\/\/dublineventguide.com\/dff\/admin\/images\/weekly.png\" alt=\"\" width=\"69\" height=\"16\" \/> 21:00, Mon 17 Mar<\/h3>\n<p style=\"font-size: 13px; color: #534438; line-height: 20px; margin: 0; padding-top: 0;\">Sin \u00c9, 14 Ormond Quay, Dublin 1<\/p>\n<table width=\"100%\" cellspacing=\"0\" cellpadding=\"0\">\n<tbody>\n<tr>\n<td valign=\"top\">\n<div style=\"font-size: 13px; color: #534438; line-height: 20px;\">\n<p style=\"margin: 10px 0;\">The Crafty Monday Sessions is an Open Mic night for acoustic singer\/songwriters and original bands. Admission is free.<\/p>\n<\/div>\n<div style=\"font-size: 13px; color: #534438; line-height: 20px;\"><\/div>\n<p style=\"font-size: 13px; color: #534438; line-height: 20px;\"><a style=\"color: #cc2979; text-decoration: none;\" href=\"https:\/\/www.facebook.com\/TheCraftyMondaySessions\">https:\/\/www.facebook.com\/TheCraftyMondaySessions<\/a><\/p>\n<\/td>\n<td valign=\"top\"><\/td>\n<\/tr>\n<\/tbody>\n<\/table>\n<\/td>\n<\/tr>\n<\/tbody>\n<\/table>\n<\/td>\n<\/tr>\n<\/tbody>\n<\/table>\n<table width=\"100%\" cellspacing=\"0\" cellpadding=\"0\">\n<tbody>\n<tr>\n<td style=\"padding: 10px 30px;\">\n<table width=\"100%\" cellspacing=\"0\" cellpadding=\"0\">\n<tbody>\n<tr>\n<td valign=\"top\" width=\"52\"><img loading=\"lazy\" decoding=\"async\" src=\"http:\/\/dublineventguide.com\/dff\/admin\/images\/categories\/MUSIC.png\" alt=\"\" width=\"32\" height=\"32\" \/><\/td>\n<td>\n<h2 style=\"font-size: 16px; color: #534438; margin: 0 0 5px; font-weight: normal;\">Loose &#8211; Trad Sessions<\/h2>\n<h3 style=\"font-size: 13px; margin: 0; padding: 0; line-height: 16px; color: #534438;\"><img loading=\"lazy\" decoding=\"async\" style=\"display: inline; float: left;\" src=\"http:\/\/dublineventguide.com\/dff\/admin\/images\/weekly.png\" alt=\"\" width=\"69\" height=\"16\" \/> 21:00 &#8211; 23:30, Mon 17 Mar<\/h3>\n<p style=\"font-size: 13px; color: #534438; line-height: 20px; margin: 0; padding-top: 0;\">Mother Reillys, 26\/28 Upper Rathmines Road, Rathmines, Dublin 6<\/p>\n<table width=\"100%\" cellspacing=\"0\" cellpadding=\"0\">\n<tbody>\n<tr>\n<td valign=\"top\">\n<div style=\"font-size: 13px; color: #534438; line-height: 20px;\">\n<p>The 4-piece band Loose Trad are performing every Monday in Mother Reilly&#8217;s. <a style=\"color: #cc2979; text-decoration: none;\" href=\"http:\/\/www.loosetrad.com\/\">http:\/\/www.loosetrad.com\/<\/a> Admission is free.<\/p>\n<\/div>\n<div style=\"font-size: 13px; color: #534438; line-height: 20px;\"><\/div>\n<p style=\"font-size: 13px; color: #534438; line-height: 20px;\"><a style=\"color: #cc2979; text-decoration: none;\" href=\"https:\/\/www.facebook.com\/motherreillysADMIN\">https:\/\/www.facebook.com\/motherreillysADMIN<\/a><\/p>\n<\/td>\n<td valign=\"top\"><\/td>\n<\/tr>\n<\/tbody>\n<\/table>\n<\/td>\n<\/tr>\n<\/tbody>\n<\/table>\n<\/td>\n<\/tr>\n<\/tbody>\n<\/table>\n<table id=\"day_1395100800\" style=\"margin-top: 10px;\" width=\"100%\" cellspacing=\"0\" cellpadding=\"0\">\n<tbody>\n<tr style=\"background-color: #c20162; color: #fff;\">\n<td style=\"padding: 0; line-height: 1; height: 34px; overflow: hidden;\">\n<p style=\"width: 630px; padding-left: 30px; margin: 0; height: 34px; overflow: hidden; line-height: 34px;\"><a name=\"day_1395100800\"><\/a><strong>Tuesday <\/strong> 18 Mar<\/p>\n<\/td>\n<td>\n<p style=\"margin: 0; line-height: 34px; padding: 0; font-size: 13px;\"><a style=\"color: #fff; text-decoration: none;\" href=\"#dff_top\">back to top<\/a><\/p>\n<\/td>\n<td>\n<p style=\"margin: 0; padding: 0; font-size: 13px;\"><a style=\"color: #fff; text-decoration: none;\" href=\"#dff_top\"><img loading=\"lazy\" decoding=\"async\" src=\"http:\/\/dublineventguide.com\/dff\/admin\/images\/dividers\/date_toplink.png\" alt=\"Back to top\" width=\"38\" height=\"34\" \/><\/a><\/p>\n<\/td>\n<td width=\"50\"><\/td>\n<\/tr>\n<\/tbody>\n<\/table>\n<table width=\"100%\" cellspacing=\"0\" cellpadding=\"0\">\n<tbody>\n<tr>\n<td style=\"padding: 10px 30px;\">\n<table width=\"100%\" cellspacing=\"0\" cellpadding=\"0\">\n<tbody>\n<tr>\n<td valign=\"top\" width=\"52\"><img loading=\"lazy\" decoding=\"async\" src=\"http:\/\/dublineventguide.com\/dff\/admin\/images\/categories\/ACTIVITY.png\" alt=\"\" width=\"32\" height=\"32\" \/><\/td>\n<td>\n<h2 style=\"font-size: 16px; color: #534438; margin: 0 0 5px; font-weight: normal;\">&#8220;My Favourites&#8221; &#8211; Walking Tour<\/h2>\n<h3 style=\"font-size: 13px; margin: 0; padding: 0; line-height: 16px; color: #534438;\"><img loading=\"lazy\" decoding=\"async\" style=\"display: inline; float: left;\" src=\"http:\/\/dublineventguide.com\/dff\/admin\/images\/weekly.png\" alt=\"\" width=\"69\" height=\"16\" \/> 11:00 &#8211; 13:00, Tue 18 Mar<\/h3>\n<p style=\"font-size: 13px; color: #534438; line-height: 20px; margin: 0; padding-top: 0;\">Spire, O&#8217;Connell Street, Dublin 1<\/p>\n<table width=\"100%\" cellspacing=\"0\" cellpadding=\"0\">\n<tbody>\n<tr>\n<td valign=\"top\">\n<div style=\"font-size: 13px; color: #534438; line-height: 20px;\">\n<p style=\"margin: 10px 0;\">&#8220;These Are a Few of My Favourite Things&#8221; is the title of a Walking Tour that Emily Gallagher will on Tuesday now as well. It will be an Alternative Arts and Culture Trail and she will bring you to &#8220;Dublin\u2019s Best Cafes, Bars, Markets, Unusual Stores, Galleries, Theatres, Arts Spaces, and more! And hear some tales you\u2019ve never heard before!&#8221;<\/p>\n<p style=\"margin: 10px 0;\">Meeting point is at the Spire. The tours are free but donations are welcome and booking is required via egaldog@gmail.com or 085-2725095<\/p>\n<\/div>\n<div style=\"font-size: 13px; color: #534438; line-height: 20px;\"><\/div>\n<\/td>\n<td valign=\"top\"><\/td>\n<\/tr>\n<\/tbody>\n<\/table>\n<\/td>\n<\/tr>\n<\/tbody>\n<\/table>\n<\/td>\n<\/tr>\n<\/tbody>\n<\/table>\n<table width=\"100%\" cellspacing=\"0\" cellpadding=\"0\">\n<tbody>\n<tr>\n<td style=\"padding: 10px 30px;\">\n<table width=\"100%\" cellspacing=\"0\" cellpadding=\"0\">\n<tbody>\n<tr>\n<td valign=\"top\" width=\"52\"><img loading=\"lazy\" decoding=\"async\" src=\"http:\/\/dublineventguide.com\/dff\/admin\/images\/categories\/TALKS.png\" alt=\"\" width=\"32\" height=\"32\" \/><\/td>\n<td>\n<h2 style=\"font-size: 16px; color: #534438; margin: 0 0 5px; font-weight: normal;\">National Gallery Talks<\/h2>\n<h3 style=\"font-size: 13px; margin: 0; padding: 0; line-height: 16px; color: #534438;\"><img loading=\"lazy\" decoding=\"async\" style=\"display: inline; float: left;\" src=\"http:\/\/dublineventguide.com\/dff\/admin\/images\/weekly.png\" alt=\"\" width=\"69\" height=\"16\" \/> 11:30 &#8211; 16:50, Tue 18 Mar<\/h3>\n<p style=\"font-size: 13px; color: #534438; line-height: 20px; margin: 0; padding-top: 0;\">National Gallery, Clare Street, Dublin 2<\/p>\n<table width=\"100%\" cellspacing=\"0\" cellpadding=\"0\">\n<tbody>\n<tr>\n<td valign=\"top\">\n<div style=\"font-size: 13px; color: #534438; line-height: 20px;\">\n<p style=\"margin: 10px 0;\">The National Gallery has an extensive programme of free talks, public tours and Art Documentary screenings focusing on highlights of the European and Irish Collection every day of the week. Check their website for details.<\/p>\n<\/div>\n<div style=\"font-size: 13px; color: #534438; line-height: 20px;\"><\/div>\n<p style=\"font-size: 13px; color: #534438; line-height: 20px;\"><a style=\"color: #cc2979; text-decoration: none;\" href=\"http:\/\/nationalgallery.ie\/whatson\">http:\/\/nationalgallery.ie\/whatson<\/a><\/p>\n<\/td>\n<td valign=\"top\"><\/td>\n<\/tr>\n<\/tbody>\n<\/table>\n<\/td>\n<\/tr>\n<\/tbody>\n<\/table>\n<\/td>\n<\/tr>\n<\/tbody>\n<\/table>\n<table width=\"100%\" cellspacing=\"0\" cellpadding=\"0\">\n<tbody>\n<tr>\n<td style=\"padding: 10px 30px;\">\n<table width=\"100%\" cellspacing=\"0\" cellpadding=\"0\">\n<tbody>\n<tr>\n<td valign=\"top\" width=\"52\"><img loading=\"lazy\" decoding=\"async\" src=\"http:\/\/dublineventguide.com\/dff\/admin\/images\/categories\/TALKS.png\" alt=\"\" width=\"32\" height=\"32\" \/><\/td>\n<td>\n<h2 style=\"font-size: 16px; color: #534438; margin: 0 0 5px; font-weight: normal;\">Introducing Christ Church &#8211; Talks<\/h2>\n<h3 style=\"font-size: 13px; margin: 0; padding: 0; line-height: 16px; color: #534438;\">13:00 &#8211; 14:00, Tue 18 Mar<\/h3>\n<p style=\"font-size: 13px; color: #534438; line-height: 20px; margin: 0; padding-top: 0;\">Christ Church Cathedral, Christchurch Place, Dublin 8<\/p>\n<table width=\"100%\" cellspacing=\"0\" cellpadding=\"0\">\n<tbody>\n<tr>\n<td valign=\"top\">\n<div style=\"font-size: 13px; color: #534438; line-height: 20px;\">\n<p style=\"margin: 10px 0;\">A new series of lunchtime lectures entitled &#8220;Introducing Christ Church&#8221; takes place each Tuesday in March. Each session will feature a different speaker. The lectures last about half an hour and will be followed by a short break for tea and coffee and discussion.<\/p>\n<p style=\"margin: 10px 0;\">The topics are<\/p>\n<p>+ Tues 04 March: Canon Kenneth Kearon: &#8220;What are Cathedrals For?&#8221;<br \/>\n+ Tues 11 March: Ian Keatley, Director of Music: &#8220;Music at Christ Church Cathedral&#8221;<br \/>\n+ Tues 18 March: Professor Raymond Gillespie &#8220;Christ Church and its History&#8221;<br \/>\n+ Tues 25 March: Canon Roy Byrne: &#8220;The Silver of Christ Church&#8221;<\/p>\n<p style=\"margin: 10px 0;\">Admission to the lectures is free and the series is supported by the Friends of Christ Church.<\/p>\n<\/div>\n<div style=\"font-size: 13px; color: #534438; line-height: 20px;\"><\/div>\n<p style=\"font-size: 13px; color: #534438; line-height: 20px;\"><a style=\"color: #cc2979; text-decoration: none;\" href=\"http:\/\/www.christchurchdublin.ie\">http:\/\/www.christchurchdublin.ie<\/a><\/p>\n<\/td>\n<td valign=\"top\"><\/td>\n<\/tr>\n<\/tbody>\n<\/table>\n<\/td>\n<\/tr>\n<\/tbody>\n<\/table>\n<\/td>\n<\/tr>\n<\/tbody>\n<\/table>\n<table width=\"100%\" cellspacing=\"0\" cellpadding=\"0\">\n<tbody>\n<tr>\n<td style=\"padding: 10px 30px;\">\n<table width=\"100%\" cellspacing=\"0\" cellpadding=\"0\">\n<tbody>\n<tr>\n<td valign=\"top\" width=\"52\"><img loading=\"lazy\" decoding=\"async\" src=\"http:\/\/dublineventguide.com\/dff\/admin\/images\/categories\/TALKS.png\" alt=\"\" width=\"32\" height=\"32\" \/><\/td>\n<td>\n<h2 style=\"font-size: 16px; color: #534438; margin: 0 0 5px; font-weight: normal;\">Music at Christ Church Cathedral &#8211; Talk<\/h2>\n<h3 style=\"font-size: 13px; margin: 0; padding: 0; line-height: 16px; color: #534438;\">13:00 &#8211; 14:00, Tue 18 Mar<\/h3>\n<p style=\"font-size: 13px; color: #534438; line-height: 20px; margin: 0; padding-top: 0;\">Christ Church Cathedral, Christchurch Place, Dublin 8<\/p>\n<table width=\"100%\" cellspacing=\"0\" cellpadding=\"0\">\n<tbody>\n<tr>\n<td valign=\"top\">\n<div style=\"font-size: 13px; color: #534438; line-height: 20px;\">\n<p style=\"margin: 10px 0;\">A new series of lunchtime lectures entitled &#8220;Introducing Christ Church&#8221; takes place each Tuesday in March. Each session will feature a different speaker. The lectures last about half an hour and will be followed by a short break for tea and coffee and discussion.<\/p>\n<p style=\"margin: 10px 0;\">The topics are<\/p>\n<p>+ Tues 11 March: Ian Keatley, Director of Music: &#8220;Music at Christ Church Cathedral&#8221;<br \/>\n+ Tues 18 March: Professor Raymond Gillespie &#8220;Christ Church and its History&#8221;<br \/>\n+ Tues 25 March: Canon Roy Byrne: &#8220;The Silver of Christ Church&#8221;<\/p>\n<p style=\"margin: 10px 0;\">Admission to the lectures is free and the series is supported by the Friends of Christ Church.<\/p>\n<\/div>\n<div style=\"font-size: 13px; color: #534438; line-height: 20px;\"><\/div>\n<p style=\"font-size: 13px; color: #534438; line-height: 20px;\"><a style=\"color: #cc2979; text-decoration: none;\" href=\"http:\/\/www.christchurchdublin.ie\">http:\/\/www.christchurchdublin.ie<\/a><\/p>\n<\/td>\n<td valign=\"top\"><\/td>\n<\/tr>\n<\/tbody>\n<\/table>\n<\/td>\n<\/tr>\n<\/tbody>\n<\/table>\n<\/td>\n<\/tr>\n<\/tbody>\n<\/table>\n<table width=\"100%\" cellspacing=\"0\" cellpadding=\"0\">\n<tbody>\n<tr>\n<td style=\"padding: 10px 30px;\">\n<table width=\"100%\" cellspacing=\"0\" cellpadding=\"0\">\n<tbody>\n<tr>\n<td valign=\"top\" width=\"52\"><img loading=\"lazy\" decoding=\"async\" src=\"http:\/\/dublineventguide.com\/dff\/admin\/images\/categories\/ACTIVITY.png\" alt=\"\" width=\"32\" height=\"32\" \/><\/td>\n<td>\n<h2 style=\"font-size: 16px; color: #534438; margin: 0 0 5px; font-weight: normal;\">Fall Out Boy &#8211; In-Store Event<\/h2>\n<h3 style=\"font-size: 13px; margin: 0; padding: 0; line-height: 16px; color: #534438;\">14:00, Tue 18 Mar<\/h3>\n<p style=\"font-size: 13px; color: #534438; line-height: 20px; margin: 0; padding-top: 0;\">Tower Records Ireland, 7 Dawson Street, Dublin 2<\/p>\n<table width=\"100%\" cellspacing=\"0\" cellpadding=\"0\">\n<tbody>\n<tr>\n<td valign=\"top\">\n<div style=\"font-size: 13px; color: #534438; line-height: 20px;\">\n<p style=\"margin: 10px 0;\">Fall Out Boy will be in Tower Records for a signing and to meet their fans. The Chicago rockers will be in Dublin to perform in the Olympia that night.<\/p>\n<p style=\"margin: 10px 0;\">The first 150 people to get to the store on Tuesday will get a wristband and will get to meet the band and have their record signed. Wristbands will be given out on a first come first served basis. One wristband per person.<\/p>\n<\/div>\n<div style=\"font-size: 13px; color: #534438; line-height: 20px;\"><\/div>\n<p style=\"font-size: 13px; color: #534438; line-height: 20px;\"><a style=\"color: #cc2979; text-decoration: none;\" href=\"https:\/\/www.facebook.com\/TowerRecordsDublin\">https:\/\/www.facebook.com\/TowerRecordsDublin<\/a><\/p>\n<\/td>\n<td valign=\"top\"><\/td>\n<\/tr>\n<\/tbody>\n<\/table>\n<\/td>\n<\/tr>\n<\/tbody>\n<\/table>\n<\/td>\n<\/tr>\n<\/tbody>\n<\/table>\n<table width=\"100%\" cellspacing=\"0\" cellpadding=\"0\">\n<tbody>\n<tr>\n<td style=\"padding: 10px 30px;\">\n<table width=\"100%\" cellspacing=\"0\" cellpadding=\"0\">\n<tbody>\n<tr>\n<td valign=\"top\" width=\"52\"><img loading=\"lazy\" decoding=\"async\" src=\"http:\/\/dublineventguide.com\/dff\/admin\/images\/categories\/FILM.png\" alt=\"\" width=\"32\" height=\"32\" \/><\/td>\n<td>\n<h2 style=\"font-size: 16px; color: #534438; margin: 0 0 5px; font-weight: normal;\">Spanish Film Screening: Trabajando con la muerte<\/h2>\n<h3 style=\"font-size: 13px; margin: 0; padding: 0; line-height: 16px; color: #534438;\">18:00, Tue 18 Mar<\/h3>\n<p style=\"font-size: 13px; color: #534438; line-height: 20px; margin: 0; padding-top: 0;\">Instituto Cervantes, Lincoln House, Lincoln Place (near National Gallery), Dublin 2<\/p>\n<table width=\"100%\" cellspacing=\"0\" cellpadding=\"0\">\n<tbody>\n<tr>\n<td valign=\"top\">\n<div style=\"font-size: 13px; color: #534438; line-height: 20px;\">\n<p style=\"margin: 10px 0;\">The spanish documentary &#8220;Trabajando con la muerte \/ Working with Death&#8221; by Svillian director Miguel Olid will take place. After the screening there will be a debate with Miguel Olid and Spanish journalist Aurora Mart\u00ednez. The documentary will be in Spanish with English subtitles.<\/p>\n<p style=\"margin: 10px 0;\">Each year 55 million people die in the world, this is the equivalent of the population of France. The goal of this documentary is to investigate the reasons that make some people choose a profession in direct and tie relationship with the death. These professionals deal with persons that are going to die or just died. They are forensics, funeral housed employed or graveyard employed.<\/p>\n<p style=\"margin: 10px 0;\">Admission is free.<\/p>\n<\/div>\n<div style=\"font-size: 13px; color: #534438; line-height: 20px;\"><\/div>\n<p style=\"font-size: 13px; color: #534438; line-height: 20px;\"><a style=\"color: #cc2979; text-decoration: none;\" href=\"http:\/\/dublin.cervantes.es\/FichasCultura\/Ficha92658_16_2.htm\">http:\/\/dublin.cervantes.es\/FichasCultura\/Ficha92658_16_2.htm<\/a><\/p>\n<\/td>\n<td valign=\"top\"><\/td>\n<\/tr>\n<\/tbody>\n<\/table>\n<\/td>\n<\/tr>\n<\/tbody>\n<\/table>\n<\/td>\n<\/tr>\n<\/tbody>\n<\/table>\n<table width=\"100%\" cellspacing=\"0\" cellpadding=\"0\">\n<tbody>\n<tr>\n<td style=\"padding: 10px 30px;\">\n<table width=\"100%\" cellspacing=\"0\" cellpadding=\"0\">\n<tbody>\n<tr>\n<td valign=\"top\" width=\"52\"><img loading=\"lazy\" decoding=\"async\" src=\"http:\/\/dublineventguide.com\/dff\/admin\/images\/categories\/TALKS.png\" alt=\"\" width=\"32\" height=\"32\" \/><\/td>\n<td>\n<h2 style=\"font-size: 16px; color: #534438; margin: 0 0 5px; font-weight: normal;\">Central Catholic Library &#8211; Lecture<\/h2>\n<h3 style=\"font-size: 13px; margin: 0; padding: 0; line-height: 16px; color: #534438;\">18:30, Tue 18 Mar<\/h3>\n<p style=\"font-size: 13px; color: #534438; line-height: 20px; margin: 0; padding-top: 0;\">Central Catholic Library, 74 Merrion Square, Dublin 2<\/p>\n<table width=\"100%\" cellspacing=\"0\" cellpadding=\"0\">\n<tbody>\n<tr>\n<td valign=\"top\">\n<div style=\"font-size: 13px; color: #534438; line-height: 20px;\">\n<p style=\"margin: 10px 0;\">The Central Catholic Library invites to a lecture by Stephen J. McCormac with the title \u201cIrish Clerics and their Churches from Earliest Times to 1050?.<\/p>\n<p style=\"margin: 10px 0;\">Admission is free.<\/p>\n<\/div>\n<div style=\"font-size: 13px; color: #534438; line-height: 20px;\"><\/div>\n<p style=\"font-size: 13px; color: #534438; line-height: 20px;\"><a style=\"color: #cc2979; text-decoration: none;\" href=\"http:\/\/merrionsquare.ie\/index.php\/spring-lectures-in-the-central-catholic-library\/\">http:\/\/merrionsquare.ie\/index.php\/spring-lectures-in-the-central-catholic-library\/<\/a><\/p>\n<\/td>\n<td valign=\"top\"><\/td>\n<\/tr>\n<\/tbody>\n<\/table>\n<\/td>\n<\/tr>\n<\/tbody>\n<\/table>\n<\/td>\n<\/tr>\n<\/tbody>\n<\/table>\n<table width=\"100%\" cellspacing=\"0\" cellpadding=\"0\">\n<tbody>\n<tr>\n<td style=\"padding: 10px 30px;\">\n<table width=\"100%\" cellspacing=\"0\" cellpadding=\"0\">\n<tbody>\n<tr>\n<td valign=\"top\" width=\"52\"><img loading=\"lazy\" decoding=\"async\" src=\"http:\/\/dublineventguide.com\/dff\/admin\/images\/categories\/TALKS.png\" alt=\"\" width=\"32\" height=\"32\" \/><\/td>\n<td>\n<h2 style=\"font-size: 16px; color: #534438; margin: 0 0 5px; font-weight: normal;\">The Irish genealogies \u2013 Irish history\u2019s poor relation?<\/h2>\n<h3 style=\"font-size: 13px; margin: 0; padding: 0; line-height: 16px; color: #534438;\">18:30, Tue 18 Mar<\/h3>\n<p style=\"font-size: 13px; color: #534438; line-height: 20px; margin: 0; padding-top: 0;\">National Library, Kildare Street, Dublin 2<\/p>\n<table width=\"100%\" cellspacing=\"0\" cellpadding=\"0\">\n<tbody>\n<tr>\n<td valign=\"top\">\n<div style=\"font-size: 13px; color: #534438; line-height: 20px;\">\n<p style=\"margin: 10px 0;\">Lecturer Dr Nollaig \u00d3 Mura\u00edle, Roinn na Gaeilge, NUI Galway will talk about &#8220;The Irish genealogies \u2013 Irish history\u2019s poor relation?&#8221;, a lecture of the Irish Texts Society.<\/p>\n<p style=\"margin: 10px 0;\">The lecture will begin with an account of the early and medieval Irish\/Gaelic genealogies, before looking at the pioneering efforts to edit genealogical texts, beginning with John O&#8217;Donovan in the nineteenth century. It will be noted that the Irish annals have fared better in editorial terms than the genealogies and consideration will also be given on how the genealogies are viewed by historians. The lecture will conclude with an overview of the genealogical texts produced over the past century and of what remains to be done in an area of scholarship that has been neglected and misunderstood.<\/p>\n<p style=\"margin: 10px 0;\">Admission is free and no booking is required.<\/p>\n<\/div>\n<div style=\"font-size: 13px; color: #534438; line-height: 20px;\"><\/div>\n<p style=\"font-size: 13px; color: #534438; line-height: 20px;\"><a style=\"color: #cc2979; text-decoration: none;\" href=\"http:\/\/www.nli.ie\/en\/list\/current-events.aspx\">http:\/\/www.nli.ie\/en\/list\/current-events.aspx<\/a><\/p>\n<\/td>\n<td valign=\"top\"><\/td>\n<\/tr>\n<\/tbody>\n<\/table>\n<\/td>\n<\/tr>\n<\/tbody>\n<\/table>\n<\/td>\n<\/tr>\n<\/tbody>\n<\/table>\n<table width=\"100%\" cellspacing=\"0\" cellpadding=\"0\">\n<tbody>\n<tr>\n<td style=\"padding: 10px 30px;\">\n<table width=\"100%\" cellspacing=\"0\" cellpadding=\"0\">\n<tbody>\n<tr>\n<td valign=\"top\" width=\"52\"><img loading=\"lazy\" decoding=\"async\" src=\"http:\/\/dublineventguide.com\/dff\/admin\/images\/categories\/ACTIVITY.png\" alt=\"\" width=\"32\" height=\"32\" \/><\/td>\n<td>\n<h2 style=\"font-size: 16px; color: #534438; margin: 0 0 5px; font-weight: normal;\">Law of Attraction &#8211; Workshop<\/h2>\n<h3 style=\"font-size: 13px; margin: 0; padding: 0; line-height: 16px; color: #534438;\">19:15, Tue 18 Mar<\/h3>\n<p style=\"font-size: 13px; color: #534438; line-height: 20px; margin: 0; padding-top: 0;\">Lantern Centre, 17 Synge Street, Dublin 8<\/p>\n<table width=\"100%\" cellspacing=\"0\" cellpadding=\"0\">\n<tbody>\n<tr>\n<td valign=\"top\">\n<div style=\"font-size: 13px; color: #534438; line-height: 20px;\">\n<p style=\"margin: 10px 0;\">This Free workshop will teach people how to develop a positive mental attitude, enhance their communication skills and attract positive people into their lives. Each attendee will also receive a voucher for a free Life coaching session.<\/p>\n<p style=\"margin: 10px 0;\">The law of attraction is the name given to the belief that &#8220;like attracts like&#8221; and that by focusing on positive or negative thoughts, one can bring about positive or negative results. The group exercises will gently take you out of your comfort zone. So come along for a night of fun learning and positivity.<\/p>\n<\/div>\n<div style=\"font-size: 13px; color: #534438; line-height: 20px;\"><\/div>\n<p style=\"font-size: 13px; color: #534438; line-height: 20px;\"><a style=\"color: #cc2979; text-decoration: none;\" href=\"https:\/\/www.facebook.com\/events\/217678621761369\">https:\/\/www.facebook.com\/events\/217678621761369<\/a><\/p>\n<\/td>\n<td valign=\"top\"><\/td>\n<\/tr>\n<\/tbody>\n<\/table>\n<\/td>\n<\/tr>\n<\/tbody>\n<\/table>\n<\/td>\n<\/tr>\n<\/tbody>\n<\/table>\n<table width=\"100%\" cellspacing=\"0\" cellpadding=\"0\">\n<tbody>\n<tr>\n<td style=\"padding: 10px 30px;\">\n<table width=\"100%\" cellspacing=\"0\" cellpadding=\"0\">\n<tbody>\n<tr>\n<td valign=\"top\" width=\"52\"><img loading=\"lazy\" decoding=\"async\" src=\"http:\/\/dublineventguide.com\/dff\/admin\/images\/categories\/ACTIVITY.png\" alt=\"\" width=\"32\" height=\"32\" \/><\/td>\n<td>\n<h2 style=\"font-size: 16px; color: #534438; margin: 0 0 5px; font-weight: normal;\">Atheists in the Pub<\/h2>\n<h3 style=\"font-size: 13px; margin: 0; padding: 0; line-height: 16px; color: #534438;\">19:30, Tue 18 Mar<\/h3>\n<p style=\"font-size: 13px; color: #534438; line-height: 20px; margin: 0; padding-top: 0;\">Workman&#8217;s Club, 10 Wellington Quay, Dublin 2<\/p>\n<table width=\"100%\" cellspacing=\"0\" cellpadding=\"0\">\n<tbody>\n<tr>\n<td valign=\"top\">\n<div style=\"font-size: 13px; color: #534438; line-height: 20px;\">\n<p style=\"margin: 10px 0;\">A social event for atheists and anyone else who is interested wil take place.<\/p>\n<p style=\"margin: 10px 0;\">This month&#8217;s speaker is Gary Keogh, a theologian and lecturer at All Hallows College, DCU and Hibernia College. He is the author of numerous articles on religion in Ireland and recently published a book on Richard Dawkins &#8211; &#8216;Reading Richard Dawkins: A Theological Dialogue with New Atheism&#8217; &#8211; in which he argues that theology needs to test its boundaries and venture into dialogue with those with antithetical positions.<\/p>\n<p style=\"margin: 10px 0;\">\n<\/div>\n<div style=\"font-size: 13px; color: #534438; line-height: 20px;\"><\/div>\n<p style=\"font-size: 13px; color: #534438; line-height: 20px;\"><a style=\"color: #cc2979; text-decoration: none;\" href=\"http:\/\/www.atheist.ie\/information\/about\/\">http:\/\/www.atheist.ie\/information\/about\/<\/a><\/p>\n<\/td>\n<td valign=\"top\"><\/td>\n<\/tr>\n<\/tbody>\n<\/table>\n<\/td>\n<\/tr>\n<\/tbody>\n<\/table>\n<\/td>\n<\/tr>\n<\/tbody>\n<\/table>\n<table width=\"100%\" cellspacing=\"0\" cellpadding=\"0\">\n<tbody>\n<tr>\n<td style=\"padding: 10px 30px;\">\n<table width=\"100%\" cellspacing=\"0\" cellpadding=\"0\">\n<tbody>\n<tr>\n<td valign=\"top\" width=\"52\"><img loading=\"lazy\" decoding=\"async\" src=\"http:\/\/dublineventguide.com\/dff\/admin\/images\/categories\/FOOD_DRINK.png\" alt=\"\" width=\"32\" height=\"32\" \/><\/td>\n<td>\n<h2 style=\"font-size: 16px; color: #534438; margin: 0 0 5px; font-weight: normal;\">Raw Food Cooking Demo<\/h2>\n<h3 style=\"font-size: 13px; margin: 0; padding: 0; line-height: 16px; color: #534438;\">19:30, Tue 18 Mar<\/h3>\n<p style=\"font-size: 13px; color: #534438; line-height: 20px; margin: 0; padding-top: 0;\">Sseduced, 20 Cecilia Street, Temple Bar, Dublin 2<\/p>\n<table width=\"100%\" cellspacing=\"0\" cellpadding=\"0\">\n<tbody>\n<tr>\n<td valign=\"top\">\n<div style=\"font-size: 13px; color: #534438; line-height: 20px;\">\n<p style=\"margin: 10px 0;\">Sseduced is a brilliant Raw Food restaurant in Temple Bar and to make raw food you need to ensure that your food is never warmer than 42 degrees. Sseduced does this using some kitchen equipment that is called Thermomix. It is one of these machines that does just everything for you (not only raw food!), but that also has a price according to the richness of functionality.<\/p>\n<p style=\"margin: 10px 0;\">On Tuesday a Themomix representative will be in Sseduced to give a live demo. She will show you the functions of the Thermomix, while teaching you how to avoid harmful additives in your food and save money on your shopping bills.<\/p>\n<p style=\"margin: 10px 0;\">During the demo, you will be taken through a delicious menu from entr\u00e9e to dessert, all in the space of two hours. You won\u2019t even need to clean up afterwards; the preparation and cooking are done in the Thermomix, which washes itself when it\u2019s finished.<\/p>\n<p>The following dishes will be prepared:<br \/>\nCashew Cream And Milk<br \/>\nBlack Olive Tapenade<br \/>\nCarrot And Celeriac Salad With Cranberries<br \/>\nSpinach And Avocado Raw Soup<br \/>\nVegan Fruit Sorbet<\/p>\n<p style=\"margin: 10px 0;\">Admission to the demo event will be free.<\/p>\n<\/div>\n<div style=\"font-size: 13px; color: #534438; line-height: 20px;\"><\/div>\n<p style=\"font-size: 13px; color: #534438; line-height: 20px;\"><a style=\"color: #cc2979; text-decoration: none;\" href=\"https:\/\/www.facebook.com\/events\/540033559444183\">https:\/\/www.facebook.com\/events\/540033559444183<\/a><\/p>\n<\/td>\n<td valign=\"top\"><\/td>\n<\/tr>\n<\/tbody>\n<\/table>\n<\/td>\n<\/tr>\n<\/tbody>\n<\/table>\n<\/td>\n<\/tr>\n<\/tbody>\n<\/table>\n<table width=\"100%\" cellspacing=\"0\" cellpadding=\"0\">\n<tbody>\n<tr>\n<td style=\"padding: 10px 30px;\">\n<table width=\"100%\" cellspacing=\"0\" cellpadding=\"0\">\n<tbody>\n<tr>\n<td valign=\"top\" width=\"52\"><img loading=\"lazy\" decoding=\"async\" src=\"http:\/\/dublineventguide.com\/dff\/admin\/images\/categories\/MUSIC.png\" alt=\"\" width=\"32\" height=\"32\" \/><\/td>\n<td>\n<h2 style=\"font-size: 16px; color: #534438; margin: 0 0 5px; font-weight: normal;\">Ukulele Tuesday<\/h2>\n<h3 style=\"font-size: 13px; margin: 0; padding: 0; line-height: 16px; color: #534438;\"><img loading=\"lazy\" decoding=\"async\" style=\"display: inline; float: left;\" src=\"http:\/\/dublineventguide.com\/dff\/admin\/images\/weekly.png\" alt=\"\" width=\"69\" height=\"16\" \/> 19:45 &#8211; 22:00, Tue 18 Mar<\/h3>\n<p style=\"font-size: 13px; color: #534438; line-height: 20px; margin: 0; padding-top: 0;\">Stag&#8217;s Head, Dame Lane, Dublin 2<\/p>\n<table width=\"100%\" cellspacing=\"0\" cellpadding=\"0\">\n<tbody>\n<tr>\n<td valign=\"top\">\n<div style=\"font-size: 13px; color: #534438; line-height: 20px;\">\n<p style=\"margin: 10px 0;\">Every Tuesday an informal sing along with Ukulele and Toy Musical Instruments takes place in the Stag&#8217;s Head. Just bring your instrument and come along. Beginners are welcome. Admission is free and further details (and a big book of songs) are available on the Facebook Page below. The get-together meets in the &#8220;snug&#8221; in Stag&#8217;s Head.<\/p>\n<\/div>\n<div style=\"font-size: 13px; color: #534438; line-height: 20px;\"><\/div>\n<p style=\"font-size: 13px; color: #534438; line-height: 20px;\"><a style=\"color: #cc2979; text-decoration: none;\" href=\"https:\/\/www.facebook.com\/UkuleleTuesday\">https:\/\/www.facebook.com\/UkuleleTuesday<\/a><\/p>\n<\/td>\n<td valign=\"top\"><\/td>\n<\/tr>\n<\/tbody>\n<\/table>\n<\/td>\n<\/tr>\n<\/tbody>\n<\/table>\n<\/td>\n<\/tr>\n<\/tbody>\n<\/table>\n<table width=\"100%\" cellspacing=\"0\" cellpadding=\"0\">\n<tbody>\n<tr>\n<td style=\"padding: 10px 30px;\">\n<table width=\"100%\" cellspacing=\"0\" cellpadding=\"0\">\n<tbody>\n<tr>\n<td valign=\"top\" width=\"52\"><img loading=\"lazy\" decoding=\"async\" src=\"http:\/\/dublineventguide.com\/dff\/admin\/images\/categories\/MUSIC.png\" alt=\"\" width=\"32\" height=\"32\" \/><\/td>\n<td>\n<h2 style=\"font-size: 16px; color: #534438; margin: 0 0 5px; font-weight: normal;\">Ben Prevos Blue Tuesdays<\/h2>\n<h3 style=\"font-size: 13px; margin: 0; padding: 0; line-height: 16px; color: #534438;\"><img loading=\"lazy\" decoding=\"async\" style=\"display: inline; float: left;\" src=\"http:\/\/dublineventguide.com\/dff\/admin\/images\/weekly.png\" alt=\"\" width=\"69\" height=\"16\" \/> 20:00 &#8211; 23:30, Tue 18 Mar<\/h3>\n<p style=\"font-size: 13px; color: #534438; line-height: 20px; margin: 0; padding-top: 0;\">Sweeney Mongrel&#8217;s, 32 Dame Street, Dublin 2<\/p>\n<table width=\"100%\" cellspacing=\"0\" cellpadding=\"0\">\n<tbody>\n<tr>\n<td valign=\"top\">\n<div style=\"font-size: 13px; color: #534438; line-height: 20px;\">\n<p style=\"margin: 10px 0;\">Ben Prevo &amp; friends play saucy Blues &amp; soul every Tuesday<\/p>\n<\/div>\n<div style=\"font-size: 13px; color: #534438; line-height: 20px;\"><\/div>\n<p style=\"font-size: 13px; color: #534438; line-height: 20px;\"><a style=\"color: #cc2979; text-decoration: none;\" href=\"http:\/\/www.sweeneysdublin.ie\">http:\/\/www.sweeneysdublin.ie<\/a><\/p>\n<\/td>\n<td valign=\"top\"><\/td>\n<\/tr>\n<\/tbody>\n<\/table>\n<\/td>\n<\/tr>\n<\/tbody>\n<\/table>\n<\/td>\n<\/tr>\n<\/tbody>\n<\/table>\n<table width=\"100%\" cellspacing=\"0\" cellpadding=\"0\">\n<tbody>\n<tr>\n<td style=\"padding: 10px 30px;\">\n<table width=\"100%\" cellspacing=\"0\" cellpadding=\"0\">\n<tbody>\n<tr>\n<td valign=\"top\" width=\"52\"><img loading=\"lazy\" decoding=\"async\" src=\"http:\/\/dublineventguide.com\/dff\/admin\/images\/categories\/MUSIC.png\" alt=\"\" width=\"32\" height=\"32\" \/><\/td>\n<td>\n<h2 style=\"font-size: 16px; color: #534438; margin: 0 0 5px; font-weight: normal;\">Dublin Bluegrass Collective &#8211; Gig<\/h2>\n<h3 style=\"font-size: 13px; margin: 0; padding: 0; line-height: 16px; color: #534438;\"><img loading=\"lazy\" decoding=\"async\" style=\"display: inline; float: left;\" src=\"http:\/\/dublineventguide.com\/dff\/admin\/images\/weekly.png\" alt=\"\" width=\"69\" height=\"16\" \/> 20:00, Tue 18 Mar<\/h3>\n<p style=\"font-size: 13px; color: #534438; line-height: 20px; margin: 0; padding-top: 0;\">Sin \u00c9, 14 Ormond Quay, Dublin 1<\/p>\n<table width=\"100%\" cellspacing=\"0\" cellpadding=\"0\">\n<tbody>\n<tr>\n<td valign=\"top\">\n<div style=\"font-size: 13px; color: #534438; line-height: 20px;\">\n<p style=\"margin: 10px 0;\">Rumours have it that the Bluegrass Collective will perform in Sin \u00c9 on Tuesday and there might even be an open Bluegrass Jam! Admission is free.<\/p>\n<\/div>\n<div style=\"font-size: 13px; color: #534438; line-height: 20px;\"><\/div>\n<p style=\"font-size: 13px; color: #534438; line-height: 20px;\"><a style=\"color: #cc2979; text-decoration: none;\" href=\"https:\/\/www.facebook.com\/Sin.E.Pub\">https:\/\/www.facebook.com\/Sin.E.Pub<\/a><\/p>\n<\/td>\n<td valign=\"top\"><\/td>\n<\/tr>\n<\/tbody>\n<\/table>\n<\/td>\n<\/tr>\n<\/tbody>\n<\/table>\n<\/td>\n<\/tr>\n<\/tbody>\n<\/table>\n<table width=\"100%\" cellspacing=\"0\" cellpadding=\"0\">\n<tbody>\n<tr>\n<td style=\"padding: 10px 30px;\">\n<table width=\"100%\" cellspacing=\"0\" cellpadding=\"0\">\n<tbody>\n<tr>\n<td valign=\"top\" width=\"52\"><img loading=\"lazy\" decoding=\"async\" src=\"http:\/\/dublineventguide.com\/dff\/admin\/images\/categories\/MUSIC.png\" alt=\"\" width=\"32\" height=\"32\" \/><\/td>\n<td>\n<h2 style=\"font-size: 16px; color: #534438; margin: 0 0 5px; font-weight: normal;\">Plateau Sessions &#8211; Gigs<\/h2>\n<h3 style=\"font-size: 13px; margin: 0; padding: 0; line-height: 16px; color: #534438;\">20:00, Tue 18 Mar<\/h3>\n<p style=\"font-size: 13px; color: #534438; line-height: 20px; margin: 0; padding-top: 0;\">Workman&#8217;s Club, 10 Wellington Quay, Dublin 2<\/p>\n<table width=\"100%\" cellspacing=\"0\" cellpadding=\"0\">\n<tbody>\n<tr>\n<td valign=\"top\">\n<div style=\"font-size: 13px; color: #534438; line-height: 20px;\">\n<p style=\"margin: 10px 0;\">The Plateau Sessions is an open mic night that features some special guest acts from all over Ireland.<\/p>\n<p style=\"margin: 10px 0;\">The line-up this week is Meridian Sway, Trampoline Scene, Okis Wagon plus more.<\/p>\n<\/div>\n<div style=\"font-size: 13px; color: #534438; line-height: 20px;\"><\/div>\n<p style=\"font-size: 13px; color: #534438; line-height: 20px;\"><a style=\"color: #cc2979; text-decoration: none;\" href=\"https:\/\/www.facebook.com\/ctrlpromotions\">https:\/\/www.facebook.com\/ctrlpromotions<\/a><\/p>\n<\/td>\n<td valign=\"top\"><\/td>\n<\/tr>\n<\/tbody>\n<\/table>\n<\/td>\n<\/tr>\n<\/tbody>\n<\/table>\n<\/td>\n<\/tr>\n<\/tbody>\n<\/table>\n<table width=\"100%\" cellspacing=\"0\" cellpadding=\"0\">\n<tbody>\n<tr>\n<td style=\"padding: 10px 30px;\">\n<table width=\"100%\" cellspacing=\"0\" cellpadding=\"0\">\n<tbody>\n<tr>\n<td valign=\"top\" width=\"52\"><img loading=\"lazy\" decoding=\"async\" src=\"http:\/\/dublineventguide.com\/dff\/admin\/images\/categories\/MUSIC.png\" alt=\"\" width=\"32\" height=\"32\" \/><\/td>\n<td>\n<h2 style=\"font-size: 16px; color: #534438; margin: 0 0 5px; font-weight: normal;\">The Folk Club<\/h2>\n<h3 style=\"font-size: 13px; margin: 0; padding: 0; line-height: 16px; color: #534438;\"><img loading=\"lazy\" decoding=\"async\" style=\"display: inline; float: left;\" src=\"http:\/\/dublineventguide.com\/dff\/admin\/images\/weekly.png\" alt=\"\" width=\"69\" height=\"16\" \/> 20:30, Tue 18 Mar<\/h3>\n<p style=\"font-size: 13px; color: #534438; line-height: 20px; margin: 0; padding-top: 0;\">Whelan&#8217;s, 25 Wexford Street, Dublin 2<\/p>\n<table width=\"100%\" cellspacing=\"0\" cellpadding=\"0\">\n<tbody>\n<tr>\n<td valign=\"top\">\n<div style=\"font-size: 13px; color: #534438; line-height: 20px;\">\n<p style=\"margin: 10px 0;\">The Folk Club in Whelan&#8217;s will bring you the best in Trad, Ballads, Americana &amp; World Music every Tuesday. The line-up this week is on the Facebook Page below. Admission is free.<\/p>\n<\/div>\n<div style=\"font-size: 13px; color: #534438; line-height: 20px;\"><\/div>\n<p style=\"font-size: 13px; color: #534438; line-height: 20px;\"><a style=\"color: #cc2979; text-decoration: none;\" href=\"https:\/\/www.facebook.com\/TheGrandFolkClub\">https:\/\/www.facebook.com\/TheGrandFolkClub<\/a><\/p>\n<\/td>\n<td valign=\"top\"><\/td>\n<\/tr>\n<\/tbody>\n<\/table>\n<\/td>\n<\/tr>\n<\/tbody>\n<\/table>\n<\/td>\n<\/tr>\n<\/tbody>\n<\/table>\n<table width=\"100%\" cellspacing=\"0\" cellpadding=\"0\">\n<tbody>\n<tr>\n<td style=\"padding: 10px 30px;\">\n<table width=\"100%\" cellspacing=\"0\" cellpadding=\"0\">\n<tbody>\n<tr>\n<td valign=\"top\" width=\"52\"><img loading=\"lazy\" decoding=\"async\" src=\"http:\/\/dublineventguide.com\/dff\/admin\/images\/categories\/COMEDY.png\" alt=\"\" width=\"32\" height=\"32\" \/><\/td>\n<td>\n<h2 style=\"font-size: 16px; color: #534438; margin: 0 0 5px; font-weight: normal;\">The Improrphans &#8211; Improv Comedy<\/h2>\n<h3 style=\"font-size: 13px; margin: 0; padding: 0; line-height: 16px; color: #534438;\">20:30 &#8211; 22:30, Tue 18 Mar<\/h3>\n<p style=\"font-size: 13px; color: #534438; line-height: 20px; margin: 0; padding-top: 0;\">Workman&#8217;s Club, 10 Wellington Quay, Dublin 2<\/p>\n<table width=\"100%\" cellspacing=\"0\" cellpadding=\"0\">\n<tbody>\n<tr>\n<td valign=\"top\">\n<div style=\"font-size: 13px; color: #534438; line-height: 20px;\">\n<p style=\"margin: 10px 0;\">A free improv comedy night with the Improrphans takes place.<\/p>\n<\/div>\n<div style=\"font-size: 13px; color: #534438; line-height: 20px;\"><\/div>\n<p style=\"font-size: 13px; color: #534438; line-height: 20px;\"><a style=\"color: #cc2979; text-decoration: none;\" href=\"https:\/\/www.facebook.com\/events\/616189921767376\/\">https:\/\/www.facebook.com\/events\/616189921767376\/<\/a><\/p>\n<\/td>\n<td valign=\"top\"><\/td>\n<\/tr>\n<\/tbody>\n<\/table>\n<\/td>\n<\/tr>\n<\/tbody>\n<\/table>\n<\/td>\n<\/tr>\n<\/tbody>\n<\/table>\n<table width=\"100%\" cellspacing=\"0\" cellpadding=\"0\">\n<tbody>\n<tr>\n<td style=\"padding: 10px 30px;\">\n<table width=\"100%\" cellspacing=\"0\" cellpadding=\"0\">\n<tbody>\n<tr>\n<td valign=\"top\" width=\"52\"><img loading=\"lazy\" decoding=\"async\" src=\"http:\/\/dublineventguide.com\/dff\/admin\/images\/categories\/MUSIC.png\" alt=\"\" width=\"32\" height=\"32\" \/><\/td>\n<td>\n<h2 style=\"font-size: 16px; color: #534438; margin: 0 0 5px; font-weight: normal;\">Jazz Jam Session &#8211; Grand Social<\/h2>\n<h3 style=\"font-size: 13px; margin: 0; padding: 0; line-height: 16px; color: #534438;\"><img loading=\"lazy\" decoding=\"async\" style=\"display: inline; float: left;\" src=\"http:\/\/dublineventguide.com\/dff\/admin\/images\/weekly.png\" alt=\"\" width=\"69\" height=\"16\" \/> 21:00, Tue 18 Mar<\/h3>\n<p style=\"font-size: 13px; color: #534438; line-height: 20px; margin: 0; padding-top: 0;\">Grand Social, 35 Lower Liffey Street (near Ha&#8217;Penny Bridge), Dublin 1<\/p>\n<table width=\"100%\" cellspacing=\"0\" cellpadding=\"0\">\n<tbody>\n<tr>\n<td valign=\"top\">\n<div style=\"font-size: 13px; color: #534438; line-height: 20px;\">\n<p style=\"margin: 10px 0;\">Every Tuesday a Jazz Jam Session will take place in the Grand Social and you are invited to listen or even to participate. Admission is free for musicians and audience.<\/p>\n<p style=\"margin: 10px 0;\">Instruments are supplied (drums (no cymbals), double bass, guitar amp, bass amp, PA system) and ideas and themes will be proposed prior to the session to the musicians who join the event on Facebook (see Facebook Page below).<\/p>\n<\/div>\n<div style=\"font-size: 13px; color: #534438; line-height: 20px;\"><\/div>\n<p style=\"font-size: 13px; color: #534438; line-height: 20px;\"><a style=\"color: #cc2979; text-decoration: none;\" href=\"https:\/\/www.facebook.com\/pages\/Jazz-Jam-Session-at-The-Grand-Social\/224553674385198\">https:\/\/www.facebook.com\/pages\/Jazz-Jam-Session-at-The-Grand-Social\/224553674385198<\/a><\/p>\n<\/td>\n<td valign=\"top\"><\/td>\n<\/tr>\n<\/tbody>\n<\/table>\n<\/td>\n<\/tr>\n<\/tbody>\n<\/table>\n<\/td>\n<\/tr>\n<\/tbody>\n<\/table>\n<table width=\"100%\" cellspacing=\"0\" cellpadding=\"0\">\n<tbody>\n<tr>\n<td style=\"padding: 10px 30px;\">\n<table width=\"100%\" cellspacing=\"0\" cellpadding=\"0\">\n<tbody>\n<tr>\n<td valign=\"top\" width=\"52\"><img loading=\"lazy\" decoding=\"async\" src=\"http:\/\/dublineventguide.com\/dff\/admin\/images\/categories\/MUSIC.png\" alt=\"\" width=\"32\" height=\"32\" \/><\/td>\n<td>\n<h2 style=\"font-size: 16px; color: #534438; margin: 0 0 5px; font-weight: normal;\">Phoenix Big Band<\/h2>\n<h3 style=\"font-size: 13px; margin: 0; padding: 0; line-height: 16px; color: #534438;\"><img loading=\"lazy\" decoding=\"async\" style=\"display: inline; float: left;\" src=\"http:\/\/dublineventguide.com\/dff\/admin\/images\/weekly.png\" alt=\"\" width=\"69\" height=\"16\" \/> 21:00 &#8211; 23:00, Tue 18 Mar<\/h3>\n<p style=\"font-size: 13px; color: #534438; line-height: 20px; margin: 0; padding-top: 0;\">Tara Towers Hotel, Merrion Road, Dublin 4<\/p>\n<table width=\"100%\" cellspacing=\"0\" cellpadding=\"0\">\n<tbody>\n<tr>\n<td valign=\"top\">\n<div style=\"font-size: 13px; color: #534438; line-height: 20px;\">\n<p style=\"margin: 10px 0;\">The Phoenix Big Band is a 16 piece band playing songs of the 1930s, 1940s and other big band arrangements and they are playing every Tuesday in the Tara Tower Hotel (since 2012!) for adult dancing. If you like to waltz, cha cha or foxtrot, come and enjoy their performance.<\/p>\n<p style=\"margin: 10px 0;\">Admission is free.<\/p>\n<p style=\"margin: 10px 0;\">The band plays in the main function room which is occasionally booked, so to confirm that they are playing, please ring the hotel on the day: Phone 01-2694666<\/p>\n<\/div>\n<div style=\"font-size: 13px; color: #534438; line-height: 20px;\"><\/div>\n<\/td>\n<td valign=\"top\"><\/td>\n<\/tr>\n<\/tbody>\n<\/table>\n<\/td>\n<\/tr>\n<\/tbody>\n<\/table>\n<\/td>\n<\/tr>\n<\/tbody>\n<\/table>\n<table id=\"day_1395187200\" style=\"margin-top: 10px;\" width=\"100%\" cellspacing=\"0\" cellpadding=\"0\">\n<tbody>\n<tr style=\"background-color: #c20162; color: #fff;\">\n<td style=\"padding: 0; line-height: 1; height: 34px; overflow: hidden;\">\n<p style=\"width: 630px; padding-left: 30px; margin: 0; height: 34px; overflow: hidden; line-height: 34px;\"><a name=\"day_1395187200\"><\/a><strong>Wednesday <\/strong> 19 Mar<\/p>\n<\/td>\n<td>\n<p style=\"margin: 0; line-height: 34px; padding: 0; font-size: 13px;\"><a style=\"color: #fff; text-decoration: none;\" href=\"#dff_top\">back to top<\/a><\/p>\n<\/td>\n<td>\n<p style=\"margin: 0; padding: 0; font-size: 13px;\"><a style=\"color: #fff; text-decoration: none;\" href=\"#dff_top\"><img loading=\"lazy\" decoding=\"async\" src=\"http:\/\/dublineventguide.com\/dff\/admin\/images\/dividers\/date_toplink.png\" alt=\"Back to top\" width=\"38\" height=\"34\" \/><\/a><\/p>\n<\/td>\n<td width=\"50\"><\/td>\n<\/tr>\n<\/tbody>\n<\/table>\n<table width=\"100%\" cellspacing=\"0\" cellpadding=\"0\">\n<tbody>\n<tr>\n<td style=\"padding: 10px 30px;\">\n<table width=\"100%\" cellspacing=\"0\" cellpadding=\"0\">\n<tbody>\n<tr>\n<td valign=\"top\" width=\"52\"><img loading=\"lazy\" decoding=\"async\" src=\"http:\/\/dublineventguide.com\/dff\/admin\/images\/categories\/TALKS.png\" alt=\"\" width=\"32\" height=\"32\" \/><\/td>\n<td>\n<h2 style=\"font-size: 16px; color: #534438; margin: 0 0 5px; font-weight: normal;\">National Gallery Talks<\/h2>\n<h3 style=\"font-size: 13px; margin: 0; padding: 0; line-height: 16px; color: #534438;\"><img loading=\"lazy\" decoding=\"async\" style=\"display: inline; float: left;\" src=\"http:\/\/dublineventguide.com\/dff\/admin\/images\/weekly.png\" alt=\"\" width=\"69\" height=\"16\" \/> 11:30 &#8211; 16:50, Wed 19 Mar<\/h3>\n<p style=\"font-size: 13px; color: #534438; line-height: 20px; margin: 0; padding-top: 0;\">National Gallery, Clare Street, Dublin 2<\/p>\n<table width=\"100%\" cellspacing=\"0\" cellpadding=\"0\">\n<tbody>\n<tr>\n<td valign=\"top\">\n<div style=\"font-size: 13px; color: #534438; line-height: 20px;\">\n<p style=\"margin: 10px 0;\">The National Gallery has an extensive programme of free talks, public tours and Art Documentary screenings focusing on highlights of the European and Irish Collection every day of the week. Check their website for details.<\/p>\n<\/div>\n<div style=\"font-size: 13px; color: #534438; line-height: 20px;\"><\/div>\n<p style=\"font-size: 13px; color: #534438; line-height: 20px;\"><a style=\"color: #cc2979; text-decoration: none;\" href=\"http:\/\/nationalgallery.ie\/whatson\">http:\/\/nationalgallery.ie\/whatson<\/a><\/p>\n<\/td>\n<td valign=\"top\"><\/td>\n<\/tr>\n<\/tbody>\n<\/table>\n<\/td>\n<\/tr>\n<\/tbody>\n<\/table>\n<\/td>\n<\/tr>\n<\/tbody>\n<\/table>\n<table width=\"100%\" cellspacing=\"0\" cellpadding=\"0\">\n<tbody>\n<tr>\n<td style=\"padding: 10px 30px;\">\n<table width=\"100%\" cellspacing=\"0\" cellpadding=\"0\">\n<tbody>\n<tr>\n<td valign=\"top\" width=\"52\"><img loading=\"lazy\" decoding=\"async\" src=\"http:\/\/dublineventguide.com\/dff\/admin\/images\/categories\/ACTIVITY.png\" alt=\"\" width=\"32\" height=\"32\" \/><\/td>\n<td>\n<h2 style=\"font-size: 16px; color: #534438; margin: 0 0 5px; font-weight: normal;\">Little Museum &#8211; Big J Wednesday<\/h2>\n<h3 style=\"font-size: 13px; margin: 0; padding: 0; line-height: 16px; color: #534438;\"><img loading=\"lazy\" decoding=\"async\" style=\"display: inline; float: left;\" src=\"http:\/\/dublineventguide.com\/dff\/admin\/images\/weekly.png\" alt=\"\" width=\"69\" height=\"16\" \/> 12:00 &#8211; 17:00, Wed 19 Mar<\/h3>\n<p style=\"font-size: 13px; color: #534438; line-height: 20px; margin: 0; padding-top: 0;\">Little Museum of Dublin, 15 St Stephen&#8217;s Green, Dublin 2<\/p>\n<table width=\"100%\" cellspacing=\"0\" cellpadding=\"0\">\n<tbody>\n<tr>\n<td valign=\"top\">\n<div style=\"font-size: 13px; color: #534438; line-height: 20px;\">\n<p style=\"margin: 10px 0;\">The Little Museum of Dublin secured sponsorship from Johnston, Mooney &amp; O\u2019Brien until October 2014 and will therefore be able to continue the Big J Wednesday: Every Wednesday from 12:00-17:00 admission into the museum is free thanks to the bread company. There are free guided tours every hour.<\/p>\n<\/div>\n<div style=\"font-size: 13px; color: #534438; line-height: 20px;\"><\/div>\n<p style=\"font-size: 13px; color: #534438; line-height: 20px;\"><a style=\"color: #cc2979; text-decoration: none;\" href=\"http:\/\/www.littlemuseum.ie\/\">http:\/\/www.littlemuseum.ie\/<\/a><\/p>\n<\/td>\n<td valign=\"top\"><\/td>\n<\/tr>\n<\/tbody>\n<\/table>\n<\/td>\n<\/tr>\n<\/tbody>\n<\/table>\n<\/td>\n<\/tr>\n<\/tbody>\n<\/table>\n<table width=\"100%\" cellspacing=\"0\" cellpadding=\"0\">\n<tbody>\n<tr>\n<td style=\"padding: 10px 30px;\">\n<table width=\"100%\" cellspacing=\"0\" cellpadding=\"0\">\n<tbody>\n<tr>\n<td valign=\"top\" width=\"52\"><img loading=\"lazy\" decoding=\"async\" src=\"http:\/\/dublineventguide.com\/dff\/admin\/images\/categories\/FILM.png\" alt=\"\" width=\"32\" height=\"32\" \/><\/td>\n<td>\n<h2 style=\"font-size: 16px; color: #534438; margin: 0 0 5px; font-weight: normal;\">Archive at Lunchtime &#8211; IFI<\/h2>\n<h3 style=\"font-size: 13px; margin: 0; padding: 0; line-height: 16px; color: #534438;\"><img loading=\"lazy\" decoding=\"async\" style=\"display: inline; float: left;\" src=\"http:\/\/dublineventguide.com\/dff\/admin\/images\/weekly.png\" alt=\"\" width=\"69\" height=\"16\" \/> 13:00, Wed 19 Mar<\/h3>\n<p style=\"font-size: 13px; color: #534438; line-height: 20px; margin: 0; padding-top: 0;\">Irish Film Institute, 6 Eustace Street, Temple Bar, Dublin 2<\/p>\n<table width=\"100%\" cellspacing=\"0\" cellpadding=\"0\">\n<tbody>\n<tr>\n<td valign=\"top\">\n<div style=\"font-size: 13px; color: #534438; line-height: 20px;\">\n<p>Archive at Lunchtime screenings take place Saturdays (Double Bill), Mondays and Wednesdays. The programme is changing weekly now (instead of monthly as in the past). To find out what film(s) will be screened go to <a style=\"color: #cc2979; text-decoration: none;\" href=\"http:\/\/www.ifi.ie\/whatson\/now-showing-coming-soon\/\">http:\/\/www.ifi.ie\/whatson\/now-showing-coming-soon\/<\/a> and look for &#8220;Archive at Lunchtime&#8221; on the right. Admission is free.<\/p>\n<\/div>\n<div style=\"font-size: 13px; color: #534438; line-height: 20px;\"><\/div>\n<p style=\"font-size: 13px; color: #534438; line-height: 20px;\"><a style=\"color: #cc2979; text-decoration: none;\" href=\"http:\/\/www.ifi.ie\/\">http:\/\/www.ifi.ie\/<\/a><\/p>\n<\/td>\n<td valign=\"top\"><\/td>\n<\/tr>\n<\/tbody>\n<\/table>\n<\/td>\n<\/tr>\n<\/tbody>\n<\/table>\n<\/td>\n<\/tr>\n<\/tbody>\n<\/table>\n<table width=\"100%\" cellspacing=\"0\" cellpadding=\"0\">\n<tbody>\n<tr>\n<td style=\"padding: 10px 30px;\">\n<table width=\"100%\" cellspacing=\"0\" cellpadding=\"0\">\n<tbody>\n<tr>\n<td valign=\"top\" width=\"52\"><img loading=\"lazy\" decoding=\"async\" src=\"http:\/\/dublineventguide.com\/dff\/admin\/images\/categories\/MUSIC.png\" alt=\"\" width=\"32\" height=\"32\" \/><\/td>\n<td>\n<h2 style=\"font-size: 16px; color: #534438; margin: 0 0 5px; font-weight: normal;\">Prof. Michael Spitzer \u2013 RIAM Guest Lecture<\/h2>\n<h3 style=\"font-size: 13px; margin: 0; padding: 0; line-height: 16px; color: #534438;\">13:00, Wed 19 Mar<\/h3>\n<p style=\"font-size: 13px; color: #534438; line-height: 20px; margin: 0; padding-top: 0;\">Royal Irish Academy of Music, 38 Westland Row, Dublin 2<\/p>\n<table width=\"100%\" cellspacing=\"0\" cellpadding=\"0\">\n<tbody>\n<tr>\n<td valign=\"top\">\n<div style=\"font-size: 13px; color: #534438; line-height: 20px;\">\n<p style=\"margin: 10px 0;\">Michael Spitzer is Professor of Music and Head of School at the University of Liverpool where he leads the Department\u2019s work on Classical music.<\/p>\n<p style=\"margin: 10px 0;\">A music theorist and musicologist, he is an authority on Beethoven, with interests in aesthetics and critical theory, cognitive metaphor, and music and affect. His RIAM lecture \u2018Analysing Emotion in Bach\u2019s Sonata for Unaccompanied Violin in G minor\u2019 will examine one of the composer\u2019s great works for solo violin.<\/p>\n<p style=\"margin: 10px 0;\">Admission is free.<\/p>\n<\/div>\n<div style=\"font-size: 13px; color: #534438; line-height: 20px;\"><\/div>\n<p style=\"font-size: 13px; color: #534438; line-height: 20px;\"><a style=\"color: #cc2979; text-decoration: none;\" href=\"http:\/\/www.riam.ie\/professor-michael-spitzer-guest-lecture-series\/\">http:\/\/www.riam.ie\/professor-michael-spitzer-guest-lecture-series\/<\/a><\/p>\n<\/td>\n<td valign=\"top\"><\/td>\n<\/tr>\n<\/tbody>\n<\/table>\n<\/td>\n<\/tr>\n<\/tbody>\n<\/table>\n<\/td>\n<\/tr>\n<\/tbody>\n<\/table>\n<table width=\"100%\" cellspacing=\"0\" cellpadding=\"0\">\n<tbody>\n<tr>\n<td style=\"padding: 10px 30px;\">\n<table width=\"100%\" cellspacing=\"0\" cellpadding=\"0\">\n<tbody>\n<tr>\n<td valign=\"top\" width=\"52\"><img loading=\"lazy\" decoding=\"async\" src=\"http:\/\/dublineventguide.com\/dff\/admin\/images\/categories\/TALKS.png\" alt=\"\" width=\"32\" height=\"32\" \/><\/td>\n<td>\n<h2 style=\"font-size: 16px; color: #534438; margin: 0 0 5px; font-weight: normal;\">Working in Europe &#8211; Talk<\/h2>\n<h3 style=\"font-size: 13px; margin: 0; padding: 0; line-height: 16px; color: #534438;\">13:30, Wed 19 Mar<\/h3>\n<p style=\"font-size: 13px; color: #534438; line-height: 20px; margin: 0; padding-top: 0;\">Central Library, Ilac Shopping Centre, Henry Street, Dublin 1<\/p>\n<table width=\"100%\" cellspacing=\"0\" cellpadding=\"0\">\n<tbody>\n<tr>\n<td valign=\"top\">\n<div style=\"font-size: 13px; color: #534438; line-height: 20px;\">\n<p style=\"margin: 10px 0;\">&#8220;Working in Europe&#8221; is a talk on current career opportunities in the European institutions with Joan Flanagan (Education Officer, European Commission). Admission is free and all are welcome. Booking though 01-8733996 is recommended.<\/p>\n<\/div>\n<div style=\"font-size: 13px; color: #534438; line-height: 20px;\"><\/div>\n<p style=\"font-size: 13px; color: #534438; line-height: 20px;\"><a style=\"color: #cc2979; text-decoration: none;\" href=\"www.dublincitypubliclibraries.ie\">www.dublincitypubliclibraries.ie<\/a><\/p>\n<\/td>\n<td valign=\"top\"><\/td>\n<\/tr>\n<\/tbody>\n<\/table>\n<\/td>\n<\/tr>\n<\/tbody>\n<\/table>\n<\/td>\n<\/tr>\n<\/tbody>\n<\/table>\n<table width=\"100%\" cellspacing=\"0\" cellpadding=\"0\">\n<tbody>\n<tr>\n<td style=\"padding: 10px 30px;\">\n<table width=\"100%\" cellspacing=\"0\" cellpadding=\"0\">\n<tbody>\n<tr>\n<td valign=\"top\" width=\"52\"><img loading=\"lazy\" decoding=\"async\" src=\"http:\/\/dublineventguide.com\/dff\/admin\/images\/categories\/ACTIVITY.png\" alt=\"\" width=\"32\" height=\"32\" \/><\/td>\n<td>\n<h2 style=\"font-size: 16px; color: #534438; margin: 0 0 5px; font-weight: normal;\">Havana International Language Exchange<\/h2>\n<h3 style=\"font-size: 13px; margin: 0; padding: 0; line-height: 16px; color: #534438;\"><img loading=\"lazy\" decoding=\"async\" style=\"display: inline; float: left;\" src=\"http:\/\/dublineventguide.com\/dff\/admin\/images\/weekly.png\" alt=\"\" width=\"69\" height=\"16\" \/> 16:30 &#8211; 19:30, Wed 19 Mar<\/h3>\n<p style=\"font-size: 13px; color: #534438; line-height: 20px; margin: 0; padding-top: 0;\">Havana Tapas Bar, Georges St, Dublin 2<\/p>\n<table width=\"100%\" cellspacing=\"0\" cellpadding=\"0\">\n<tbody>\n<tr>\n<td valign=\"top\">\n<div style=\"font-size: 13px; color: #534438; line-height: 20px;\">\n<p style=\"margin: 10px 0;\">The &#8220;Havana International Language Exchange&#8221; is taking place every Wed from 16:30-19:30 in Havana Tapas Bar in George&#8217;s Street. There are many Spanish speakers and English-speakers are explicitly invited, but everyone else is certainly very welcome too, to meet for a chat to improve your Spanish or English.<\/p>\n<\/div>\n<div style=\"font-size: 13px; color: #534438; line-height: 20px;\"><\/div>\n<p style=\"font-size: 13px; color: #534438; line-height: 20px;\"><a style=\"color: #cc2979; text-decoration: none;\" href=\"http:\/\/www.facebook.com\/pages\/Havana-Tapas-Bar\/10503361821\">http:\/\/www.facebook.com\/pages\/Havana-Tapas-Bar\/10503361821<\/a><\/p>\n<\/td>\n<td valign=\"top\"><\/td>\n<\/tr>\n<\/tbody>\n<\/table>\n<\/td>\n<\/tr>\n<\/tbody>\n<\/table>\n<\/td>\n<\/tr>\n<\/tbody>\n<\/table>\n<table width=\"100%\" cellspacing=\"0\" cellpadding=\"0\">\n<tbody>\n<tr>\n<td style=\"padding: 10px 30px;\">\n<table width=\"100%\" cellspacing=\"0\" cellpadding=\"0\">\n<tbody>\n<tr>\n<td valign=\"top\" width=\"52\"><img loading=\"lazy\" decoding=\"async\" src=\"http:\/\/dublineventguide.com\/dff\/admin\/images\/categories\/TALKS.png\" alt=\"\" width=\"32\" height=\"32\" \/><\/td>\n<td>\n<h2 style=\"font-size: 16px; color: #534438; margin: 0 0 5px; font-weight: normal;\">Mapping Ireland Two Hundred Years Ago &#8211; Talk<\/h2>\n<h3 style=\"font-size: 13px; margin: 0; padding: 0; line-height: 16px; color: #534438;\">18:00 &#8211; 20:00, Wed 19 Mar<\/h3>\n<p style=\"font-size: 13px; color: #534438; line-height: 20px; margin: 0; padding-top: 0;\">RDS (Minerva Suite), Merrion Road, Ballsbridge, Dublin 4<\/p>\n<table width=\"100%\" cellspacing=\"0\" cellpadding=\"0\">\n<tbody>\n<tr>\n<td valign=\"top\">\n<div style=\"font-size: 13px; color: #534438; line-height: 20px;\">\n<p style=\"margin: 10px 0;\">The RDS Library Speaker Series continues with Dr Arnold Horner (Specialist on the geography of Ireland) talking about &#8216;Mapping Ireland Two Hundred Years Ago&#8217;<\/p>\n<p style=\"margin: 10px 0;\">&#8220;A generation before the great famine, a small group of engineers and their survey staff, set out to map and report on much of Ireland\u2019s extensive bog-lands. The \u2018Bog Commissioners\u2019 were based at the Dublin Society headquarters, and their engineers included men of the calibre of Richard Griffith, Alexander Nimmo and William Bald. This talk tells the story of a remarkable enterprise and the resultant maps of the landscape of early nineteenth-century Ireland.&#8221;<\/p>\n<p style=\"margin: 10px 0;\">\n<\/div>\n<div style=\"font-size: 13px; color: #534438; line-height: 20px;\"><\/div>\n<p style=\"font-size: 13px; color: #534438; line-height: 20px;\"><a style=\"color: #cc2979; text-decoration: none;\" href=\"http:\/\/www.rds.ie\/cat_event_detail.jsp?itemID=1103461\">http:\/\/www.rds.ie\/cat_event_detail.jsp?itemID=1103461<\/a><\/p>\n<\/td>\n<td valign=\"top\"><\/td>\n<\/tr>\n<\/tbody>\n<\/table>\n<\/td>\n<\/tr>\n<\/tbody>\n<\/table>\n<\/td>\n<\/tr>\n<\/tbody>\n<\/table>\n<table width=\"100%\" cellspacing=\"0\" cellpadding=\"0\">\n<tbody>\n<tr>\n<td style=\"padding: 10px 30px;\">\n<table width=\"100%\" cellspacing=\"0\" cellpadding=\"0\">\n<tbody>\n<tr>\n<td valign=\"top\" width=\"52\"><img loading=\"lazy\" decoding=\"async\" src=\"http:\/\/dublineventguide.com\/dff\/admin\/images\/categories\/MUSIC.png\" alt=\"\" width=\"32\" height=\"32\" \/><\/td>\n<td>\n<h2 style=\"font-size: 16px; color: #534438; margin: 0 0 5px; font-weight: normal;\">Dublin Laptop Orchestra &#8211; Recital<\/h2>\n<h3 style=\"font-size: 13px; margin: 0; padding: 0; line-height: 16px; color: #534438;\">18:30, Wed 19 Mar<\/h3>\n<p style=\"font-size: 13px; color: #534438; line-height: 20px; margin: 0; padding-top: 0;\">Boydell Recital Room, House 5, TCD, Dublin 2<\/p>\n<table width=\"100%\" cellspacing=\"0\" cellpadding=\"0\">\n<tbody>\n<tr>\n<td valign=\"top\">\n<div style=\"font-size: 13px; color: #534438; line-height: 20px;\">\n<p style=\"margin: 10px 0;\">The Dublin Laptop Orchestra present the recital &#8216;The Laptop as an Instrument&#8217; on Wednesday. The event is organised by the Music Composition Centre. Admission is free and all are welcome.<\/p>\n<p style=\"margin: 10px 0;\">The Dublin Laptop Orchestra make music with laptops, built-in cameras, motion sensors, golf controllers, and anyone that plays anything. Their aim is to bring some theatricality and &#8216;physical presence&#8217; into electronic music performance<\/p>\n<p style=\"margin: 10px 0;\">\n<\/div>\n<div style=\"font-size: 13px; color: #534438; line-height: 20px;\"><\/div>\n<p style=\"font-size: 13px; color: #534438; line-height: 20px;\"><a style=\"color: #cc2979; text-decoration: none;\" href=\"http:\/\/www.tcd.ie\/music-composition\/events\">http:\/\/www.tcd.ie\/music-composition\/events<\/a><\/p>\n<\/td>\n<td valign=\"top\"><\/td>\n<\/tr>\n<\/tbody>\n<\/table>\n<\/td>\n<\/tr>\n<\/tbody>\n<\/table>\n<\/td>\n<\/tr>\n<\/tbody>\n<\/table>\n<table width=\"100%\" cellspacing=\"0\" cellpadding=\"0\">\n<tbody>\n<tr>\n<td style=\"padding: 10px 30px;\">\n<table width=\"100%\" cellspacing=\"0\" cellpadding=\"0\">\n<tbody>\n<tr>\n<td valign=\"top\" width=\"52\"><img loading=\"lazy\" decoding=\"async\" src=\"http:\/\/dublineventguide.com\/dff\/admin\/images\/categories\/TALKS.png\" alt=\"\" width=\"32\" height=\"32\" \/><\/td>\n<td>\n<h2 style=\"font-size: 16px; color: #534438; margin: 0 0 5px; font-weight: normal;\">The Open Society and Its Immigrants &#8211; Talk<\/h2>\n<h3 style=\"font-size: 13px; margin: 0; padding: 0; line-height: 16px; color: #534438;\">19:00 &#8211; 20:30, Wed 19 Mar<\/h3>\n<p style=\"font-size: 13px; color: #534438; line-height: 20px; margin: 0; padding-top: 0;\">JM Synge Theatre, Arts Building, Trinity College, Dublin 2<\/p>\n<table width=\"100%\" cellspacing=\"0\" cellpadding=\"0\">\n<tbody>\n<tr>\n<td valign=\"top\">\n<div style=\"font-size: 13px; color: #534438; line-height: 20px;\">\n<p style=\"margin: 10px 0;\">The public lecture &#8220;The Open Society and Its Immigrants &#8211; A Story of Avoidance, Conflict and Accommodation&#8221; by Professor Paul Scheffer, Tilburg University discusses that migrants from every corner of the world have changed the urban communities in Europe in the post-war era.<\/p>\n<p style=\"margin: 10px 0;\">&#8220;The deficit of most studies in the field of migration is that the interaction of natives and newcomers is not analyzed, but moralized. What we need is a more open-minded view of the frictions and clashes characteristic of any mass migration process. In the 1920s, the founder of the Chicago school of sociology, Robert Park described a cycle of ethnic relations that progressed from \u2018isolation through competition, conflict and accommodation to assimilation\u2019. The history of migration in America and Europe shows us that most integration processes entail avoidance, conflict and accommodation. The conflicts surrounding immigration can be productive, if we succeed in rethinking the idea of an open society,&#8221;<\/p>\n<\/div>\n<div style=\"font-size: 13px; color: #534438; line-height: 20px;\"><\/div>\n<p style=\"font-size: 13px; color: #534438; line-height: 20px;\"><a style=\"color: #cc2979; text-decoration: none;\" href=\"http:\/\/www.tcd.ie\/sociology\/events\/public-lecture-series\/#speaker4\">http:\/\/www.tcd.ie\/sociology\/events\/public-lecture-series\/#speaker4<\/a><\/p>\n<\/td>\n<td valign=\"top\"><\/td>\n<\/tr>\n<\/tbody>\n<\/table>\n<\/td>\n<\/tr>\n<\/tbody>\n<\/table>\n<\/td>\n<\/tr>\n<\/tbody>\n<\/table>\n<table width=\"100%\" cellspacing=\"0\" cellpadding=\"0\">\n<tbody>\n<tr>\n<td style=\"padding: 10px 30px;\">\n<table width=\"100%\" cellspacing=\"0\" cellpadding=\"0\">\n<tbody>\n<tr>\n<td valign=\"top\" width=\"52\"><img loading=\"lazy\" decoding=\"async\" src=\"http:\/\/dublineventguide.com\/dff\/admin\/images\/categories\/TALKS.png\" alt=\"\" width=\"32\" height=\"32\" \/><\/td>\n<td>\n<h2 style=\"font-size: 16px; color: #534438; margin: 0 0 5px; font-weight: normal;\">The Open Society and Its Immigrants &#8211; Talk<\/h2>\n<h3 style=\"font-size: 13px; margin: 0; padding: 0; line-height: 16px; color: #534438;\">19:00 &#8211; 20:30, Wed 19 Mar<\/h3>\n<p style=\"font-size: 13px; color: #534438; line-height: 20px; margin: 0; padding-top: 0;\">JM Synge Theatre, Arts Building, Trinity College, Dublin 2<\/p>\n<table width=\"100%\" cellspacing=\"0\" cellpadding=\"0\">\n<tbody>\n<tr>\n<td valign=\"top\">\n<div style=\"font-size: 13px; color: #534438; line-height: 20px;\">\n<p style=\"margin: 10px 0;\">The public lecture &#8220;The Open Society and Its Immigrants &#8211; A Story of Avoidance, Conflict and Accommodation&#8221; by Professor Paul Scheffer, Tilburg University discusses that migrants from every corner of the world have changed the urban communities in Europe in the post-war era.<\/p>\n<p style=\"margin: 10px 0;\">&#8220;The deficit of most studies in the field of migration is that the interaction of natives and newcomers is not analyzed, but moralized. What we need is a more open-minded view of the frictions and clashes characteristic of any mass migration process. In the 1920s, the founder of the Chicago school of sociology, Robert Park described a cycle of ethnic relations that progressed from \u2018isolation through competition, conflict and accommodation to assimilation\u2019. The history of migration in America and Europe shows us that most integration processes entail avoidance, conflict and accommodation. The conflicts surrounding immigration can be productive, if we succeed in rethinking the idea of an open society,&#8221;<\/p>\n<p style=\"margin: 10px 0;\">Admission is free, but places are limited.<\/p>\n<\/div>\n<div style=\"font-size: 13px; color: #534438; line-height: 20px;\"><\/div>\n<p style=\"font-size: 13px; color: #534438; line-height: 20px;\"><a style=\"color: #cc2979; text-decoration: none;\" href=\"http:\/\/www.tcd.ie\/sociology\/events\/public-lecture-series\/#speaker4\">http:\/\/www.tcd.ie\/sociology\/events\/public-lecture-series\/#speaker4<\/a><\/p>\n<\/td>\n<td valign=\"top\"><\/td>\n<\/tr>\n<\/tbody>\n<\/table>\n<\/td>\n<\/tr>\n<\/tbody>\n<\/table>\n<\/td>\n<\/tr>\n<\/tbody>\n<\/table>\n<table width=\"100%\" cellspacing=\"0\" cellpadding=\"0\">\n<tbody>\n<tr>\n<td style=\"padding: 10px 30px;\">\n<table width=\"100%\" cellspacing=\"0\" cellpadding=\"0\">\n<tbody>\n<tr>\n<td valign=\"top\" width=\"52\"><img loading=\"lazy\" decoding=\"async\" src=\"http:\/\/dublineventguide.com\/dff\/admin\/images\/categories\/TALKS.png\" alt=\"\" width=\"32\" height=\"32\" \/><\/td>\n<td>\n<h2 style=\"font-size: 16px; color: #534438; margin: 0 0 5px; font-weight: normal;\">Seamus Heaney and Catholicism<\/h2>\n<h3 style=\"font-size: 13px; margin: 0; padding: 0; line-height: 16px; color: #534438;\">19:30 &#8211; 20:30, Wed 19 Mar<\/h3>\n<p style=\"font-size: 13px; color: #534438; line-height: 20px; margin: 0; padding-top: 0;\">Loyola Institute\/ISE Building, Trinity College Dublin, Dublin 2<\/p>\n<table width=\"100%\" cellspacing=\"0\" cellpadding=\"0\">\n<tbody>\n<tr>\n<td valign=\"top\">\n<div style=\"font-size: 13px; color: #534438; line-height: 20px;\">\n<p style=\"margin: 10px 0;\">&#8220;Seamus Heaney and Catholicism&#8221; with Prof Eamon Duffy is a talk in the series &#8220;Raids on the Articulate: Theology and Poetry&#8221;<\/p>\n<p>It will take place in Theatre G15 in the Irish School of Ecumenics, Loyola Institute Building, TCD.<br \/>\nAdmission is free.<\/p>\n<\/div>\n<div style=\"font-size: 13px; color: #534438; line-height: 20px;\"><\/div>\n<p style=\"font-size: 13px; color: #534438; line-height: 20px;\"><a style=\"color: #cc2979; text-decoration: none;\" href=\"http:\/\/www.tcd.ie\/loyola-institute\">http:\/\/www.tcd.ie\/loyola-institute<\/a><\/p>\n<\/td>\n<td valign=\"top\"><\/td>\n<\/tr>\n<\/tbody>\n<\/table>\n<\/td>\n<\/tr>\n<\/tbody>\n<\/table>\n<\/td>\n<\/tr>\n<\/tbody>\n<\/table>\n<table width=\"100%\" cellspacing=\"0\" cellpadding=\"0\">\n<tbody>\n<tr>\n<td style=\"padding: 10px 30px;\">\n<table width=\"100%\" cellspacing=\"0\" cellpadding=\"0\">\n<tbody>\n<tr>\n<td valign=\"top\" width=\"52\"><img loading=\"lazy\" decoding=\"async\" src=\"http:\/\/dublineventguide.com\/dff\/admin\/images\/categories\/MUSIC.png\" alt=\"\" width=\"32\" height=\"32\" \/><\/td>\n<td>\n<h2 style=\"font-size: 16px; color: #534438; margin: 0 0 5px; font-weight: normal;\">King Kong Club<\/h2>\n<h3 style=\"font-size: 13px; margin: 0; padding: 0; line-height: 16px; color: #534438;\"><img loading=\"lazy\" decoding=\"async\" style=\"display: inline; float: left;\" src=\"http:\/\/dublineventguide.com\/dff\/admin\/images\/weekly.png\" alt=\"\" width=\"69\" height=\"16\" \/> 20:00, Wed 19 Mar<\/h3>\n<p style=\"font-size: 13px; color: #534438; line-height: 20px; margin: 0; padding-top: 0;\">Mercantile, 28 Dame Street, Dublin 2<\/p>\n<table width=\"100%\" cellspacing=\"0\" cellpadding=\"0\">\n<tbody>\n<tr>\n<td valign=\"top\">\n<div style=\"font-size: 13px; color: #534438; line-height: 20px;\">\n<p style=\"margin: 10px 0;\">The King Kong Club is a weekly music game-show in the Mercantile. Each week 6-7 bands\/solo artists play three songs each. At the end of all the performances a clap-off with the King Kong Club Clap-o-Meter takes place and the winner goes through to a semi-final and it all culminates after six months of competition with The Grand Final, held in front of a panel of celebrity judges.<\/p>\n<p style=\"margin: 10px 0;\">The list of performers is not yet announced on their Facebook Page and I am not sure if it will be put up there, but check it anyway.<\/p>\n<\/div>\n<div style=\"font-size: 13px; color: #534438; line-height: 20px;\"><\/div>\n<p style=\"font-size: 13px; color: #534438; line-height: 20px;\"><a style=\"color: #cc2979; text-decoration: none;\" href=\"https:\/\/www.facebook.com\/TheKingKongClubDublin\">https:\/\/www.facebook.com\/TheKingKongClubDublin<\/a><\/p>\n<\/td>\n<td valign=\"top\"><\/td>\n<\/tr>\n<\/tbody>\n<\/table>\n<\/td>\n<\/tr>\n<\/tbody>\n<\/table>\n<\/td>\n<\/tr>\n<\/tbody>\n<\/table>\n<table width=\"100%\" cellspacing=\"0\" cellpadding=\"0\">\n<tbody>\n<tr>\n<td style=\"padding: 10px 30px;\">\n<table width=\"100%\" cellspacing=\"0\" cellpadding=\"0\">\n<tbody>\n<tr>\n<td valign=\"top\" width=\"52\"><img loading=\"lazy\" decoding=\"async\" src=\"http:\/\/dublineventguide.com\/dff\/admin\/images\/categories\/COMEDY.png\" alt=\"\" width=\"32\" height=\"32\" \/><\/td>\n<td>\n<h2 style=\"font-size: 16px; color: #534438; margin: 0 0 5px; font-weight: normal;\">Laughter Lines Comedy Improv<\/h2>\n<h3 style=\"font-size: 13px; margin: 0; padding: 0; line-height: 16px; color: #534438;\">20:30, Wed 19 Mar<\/h3>\n<p style=\"font-size: 13px; color: #534438; line-height: 20px; margin: 0; padding-top: 0;\">The Duke, 8 Duke Street<\/p>\n<table width=\"100%\" cellspacing=\"0\" cellpadding=\"0\">\n<tbody>\n<tr>\n<td valign=\"top\">\n<div style=\"font-size: 13px; color: #534438; line-height: 20px;\">\n<p style=\"margin: 10px 0;\">Every Wednesday the Comedy Improv show &#8220;Laughter Lines&#8221; takes place in The Duke (between Grafton Street and Dawson Street). Normally admission is EUR 8, but for the next two Wednesdays admission is free.<\/p>\n<\/div>\n<div style=\"font-size: 13px; color: #534438; line-height: 20px;\"><\/div>\n<p style=\"font-size: 13px; color: #534438; line-height: 20px;\"><a style=\"color: #cc2979; text-decoration: none;\" href=\"https:\/\/www.facebook.com\/LaughterLinesDublin\">https:\/\/www.facebook.com\/LaughterLinesDublin<\/a><\/p>\n<\/td>\n<td valign=\"top\"><\/td>\n<\/tr>\n<\/tbody>\n<\/table>\n<\/td>\n<\/tr>\n<\/tbody>\n<\/table>\n<\/td>\n<\/tr>\n<\/tbody>\n<\/table>\n<table width=\"100%\" cellspacing=\"0\" cellpadding=\"0\">\n<tbody>\n<tr>\n<td style=\"padding: 10px 30px;\">\n<table width=\"100%\" cellspacing=\"0\" cellpadding=\"0\">\n<tbody>\n<tr>\n<td valign=\"top\" width=\"52\"><img loading=\"lazy\" decoding=\"async\" src=\"http:\/\/dublineventguide.com\/dff\/admin\/images\/categories\/MUSIC.png\" alt=\"\" width=\"32\" height=\"32\" \/><\/td>\n<td>\n<h2 style=\"font-size: 16px; color: #534438; margin: 0 0 5px; font-weight: normal;\">The Song Room (open mic)<\/h2>\n<h3 style=\"font-size: 13px; margin: 0; padding: 0; line-height: 16px; color: #534438;\"><img loading=\"lazy\" decoding=\"async\" style=\"display: inline; float: left;\" src=\"http:\/\/dublineventguide.com\/dff\/admin\/images\/weekly.png\" alt=\"\" width=\"69\" height=\"16\" \/> 20:30, Wed 19 Mar<\/h3>\n<p style=\"font-size: 13px; color: #534438; line-height: 20px; margin: 0; padding-top: 0;\">The Globe, 11 South Great George&#8217;s Street, Dublin 2<\/p>\n<table width=\"100%\" cellspacing=\"0\" cellpadding=\"0\">\n<tbody>\n<tr>\n<td valign=\"top\">\n<div style=\"font-size: 13px; color: #534438; line-height: 20px;\">\n<p style=\"margin: 10px 0;\">&#8220;The Song Room&#8221; is another open mic event. It takes place in The Globe in George&#8217;s Street at 20:30 every Wednesday.<\/p>\n<\/div>\n<div style=\"font-size: 13px; color: #534438; line-height: 20px;\"><\/div>\n<p style=\"font-size: 13px; color: #534438; line-height: 20px;\"><a style=\"color: #cc2979; text-decoration: none;\" href=\"http:\/\/www.theglobe.ie\/events\">http:\/\/www.theglobe.ie\/events<\/a><\/p>\n<\/td>\n<td valign=\"top\"><\/td>\n<\/tr>\n<\/tbody>\n<\/table>\n<\/td>\n<\/tr>\n<\/tbody>\n<\/table>\n<\/td>\n<\/tr>\n<\/tbody>\n<\/table>\n<table width=\"100%\" cellspacing=\"0\" cellpadding=\"0\">\n<tbody>\n<tr>\n<td style=\"padding: 10px 30px;\">\n<table width=\"100%\" cellspacing=\"0\" cellpadding=\"0\">\n<tbody>\n<tr>\n<td valign=\"top\" width=\"52\"><img loading=\"lazy\" decoding=\"async\" src=\"http:\/\/dublineventguide.com\/dff\/admin\/images\/categories\/MUSIC.png\" alt=\"\" width=\"32\" height=\"32\" \/><\/td>\n<td>\n<h2 style=\"font-size: 16px; color: #534438; margin: 0 0 5px; font-weight: normal;\">The Zodiac Sessions (open mic)<\/h2>\n<h3 style=\"font-size: 13px; margin: 0; padding: 0; line-height: 16px; color: #534438;\"><img loading=\"lazy\" decoding=\"async\" style=\"display: inline; float: left;\" src=\"http:\/\/dublineventguide.com\/dff\/admin\/images\/weekly.png\" alt=\"\" width=\"69\" height=\"16\" \/> 20:30, Wed 19 Mar<\/h3>\n<p style=\"font-size: 13px; color: #534438; line-height: 20px; margin: 0; padding-top: 0;\">Bruxelles, Harry Street, Dublin 2<\/p>\n<table width=\"100%\" cellspacing=\"0\" cellpadding=\"0\">\n<tbody>\n<tr>\n<td valign=\"top\">\n<div style=\"font-size: 13px; color: #534438; line-height: 20px;\">\n<p style=\"margin: 10px 0;\">&#8220;The Zodiac Sessions&#8221; is a regular open mic event from 20:30 in Bruxelles (between Grafton Street and Westbury Hotel) for unsigned musicians. Admission is free and there is a different line-up every week.<\/p>\n<\/div>\n<div style=\"font-size: 13px; color: #534438; line-height: 20px;\"><\/div>\n<p style=\"font-size: 13px; color: #534438; line-height: 20px;\"><a style=\"color: #cc2979; text-decoration: none;\" href=\"https:\/\/www.facebook.com\/zodiacsessions\">https:\/\/www.facebook.com\/zodiacsessions<\/a><\/p>\n<\/td>\n<td valign=\"top\"><\/td>\n<\/tr>\n<\/tbody>\n<\/table>\n<\/td>\n<\/tr>\n<\/tbody>\n<\/table>\n<\/td>\n<\/tr>\n<\/tbody>\n<\/table>\n<table width=\"100%\" cellspacing=\"0\" cellpadding=\"0\">\n<tbody>\n<tr>\n<td style=\"padding: 10px 30px;\">\n<table width=\"100%\" cellspacing=\"0\" cellpadding=\"0\">\n<tbody>\n<tr>\n<td valign=\"top\" width=\"52\"><img loading=\"lazy\" decoding=\"async\" src=\"http:\/\/dublineventguide.com\/dff\/admin\/images\/categories\/MUSIC.png\" alt=\"\" width=\"32\" height=\"32\" \/><\/td>\n<td>\n<h2 style=\"font-size: 16px; color: #534438; margin: 0 0 5px; font-weight: normal;\">Bad Boy Jake<\/h2>\n<h3 style=\"font-size: 13px; margin: 0; padding: 0; line-height: 16px; color: #534438;\"><img loading=\"lazy\" decoding=\"async\" style=\"display: inline; float: left;\" src=\"http:\/\/dublineventguide.com\/dff\/admin\/images\/weekly.png\" alt=\"\" width=\"69\" height=\"16\" \/> 21:00, Wed 19 Mar<\/h3>\n<p style=\"font-size: 13px; color: #534438; line-height: 20px; margin: 0; padding-top: 0;\">Gypsy Rose Blues &amp; Rock Bar, 5 Aston Quay, Temple Bar, Dublin 2<\/p>\n<table width=\"100%\" cellspacing=\"0\" cellpadding=\"0\">\n<tbody>\n<tr>\n<td valign=\"top\">\n<div style=\"font-size: 13px; color: #534438; line-height: 20px;\">\n<p style=\"margin: 10px 0;\">Bad Boy Jake are every Wednesday in the Gypsy Rose Rock &amp; Blues Bar playing their rock, blues and American.<\/p>\n<\/div>\n<div style=\"font-size: 13px; color: #534438; line-height: 20px;\"><\/div>\n<p style=\"font-size: 13px; color: #534438; line-height: 20px;\"><a style=\"color: #cc2979; text-decoration: none;\" href=\"http:\/\/www.dublinsessions.ie\/gypsy.html\">http:\/\/www.dublinsessions.ie\/gypsy.html<\/a><\/p>\n<\/td>\n<td valign=\"top\"><\/td>\n<\/tr>\n<\/tbody>\n<\/table>\n<\/td>\n<\/tr>\n<\/tbody>\n<\/table>\n<\/td>\n<\/tr>\n<\/tbody>\n<\/table>\n<table width=\"100%\" cellspacing=\"0\" cellpadding=\"0\">\n<tbody>\n<tr>\n<td style=\"padding: 10px 30px;\">\n<table width=\"100%\" cellspacing=\"0\" cellpadding=\"0\">\n<tbody>\n<tr>\n<td valign=\"top\" width=\"52\"><img loading=\"lazy\" decoding=\"async\" src=\"http:\/\/dublineventguide.com\/dff\/admin\/images\/categories\/MUSIC.png\" alt=\"\" width=\"32\" height=\"32\" \/><\/td>\n<td>\n<h2 style=\"font-size: 16px; color: #534438; margin: 0 0 5px; font-weight: normal;\">Singer Songwriter Night &#8211; Mother Reilly&#8217;s<\/h2>\n<h3 style=\"font-size: 13px; margin: 0; padding: 0; line-height: 16px; color: #534438;\"><img loading=\"lazy\" decoding=\"async\" style=\"display: inline; float: left;\" src=\"http:\/\/dublineventguide.com\/dff\/admin\/images\/weekly.png\" alt=\"\" width=\"69\" height=\"16\" \/> 21:00, Wed 19 Mar<\/h3>\n<p style=\"font-size: 13px; color: #534438; line-height: 20px; margin: 0; padding-top: 0;\">Mother Reillys, 26\/28 Upper Rathmines Road, Rathmines, Dublin 6<\/p>\n<table width=\"100%\" cellspacing=\"0\" cellpadding=\"0\">\n<tbody>\n<tr>\n<td valign=\"top\">\n<div style=\"font-size: 13px; color: #534438; line-height: 20px;\">\n<p style=\"margin: 10px 0;\">Every Wednesday a Singer Songwriter Night will take place in Mother Reilly&#8217;s in Rathmines. This is YOUR chance to show everyone what you can do, alternatively you can just listen to the talented Singer\/Songwriters. Admission is free.<\/p>\n<\/div>\n<div style=\"font-size: 13px; color: #534438; line-height: 20px;\"><\/div>\n<p style=\"font-size: 13px; color: #534438; line-height: 20px;\"><a style=\"color: #cc2979; text-decoration: none;\" href=\"https:\/\/www.facebook.com\/motherreillysADMIN\">https:\/\/www.facebook.com\/motherreillysADMIN<\/a><\/p>\n<\/td>\n<td valign=\"top\"><\/td>\n<\/tr>\n<\/tbody>\n<\/table>\n<\/td>\n<\/tr>\n<\/tbody>\n<\/table>\n<\/td>\n<\/tr>\n<\/tbody>\n<\/table>\n<table width=\"100%\" cellspacing=\"0\" cellpadding=\"0\">\n<tbody>\n<tr>\n<td style=\"padding: 10px 30px;\">\n<table width=\"100%\" cellspacing=\"0\" cellpadding=\"0\">\n<tbody>\n<tr>\n<td valign=\"top\" width=\"52\"><img loading=\"lazy\" decoding=\"async\" src=\"http:\/\/dublineventguide.com\/dff\/admin\/images\/categories\/COMEDY.png\" alt=\"\" width=\"32\" height=\"32\" \/><\/td>\n<td>\n<h2 style=\"font-size: 16px; color: #534438; margin: 0 0 5px; font-weight: normal;\">Inn Jokes &#8211; Comedy Club<\/h2>\n<h3 style=\"font-size: 13px; margin: 0; padding: 0; line-height: 16px; color: #534438;\">21:30, Wed 19 Mar<\/h3>\n<p style=\"font-size: 13px; color: #534438; line-height: 20px; margin: 0; padding-top: 0;\">Patriot&#8217;s Inn, 760 South Circular Road, Kilmainham, Dublin 8<\/p>\n<table width=\"100%\" cellspacing=\"0\" cellpadding=\"0\">\n<tbody>\n<tr>\n<td valign=\"top\">\n<div style=\"font-size: 13px; color: #534438; line-height: 20px;\">\n<p style=\"margin: 10px 0;\">The March edition of the Inn Jokes Comedy Club will be on Wednesday. Colm O&#8217;Regan is the MC and organsier and he will feature Kevin Gildea, Michael Mee and Ronan Grace.<\/p>\n<p style=\"margin: 10px 0;\">Admission is free.<\/p>\n<\/div>\n<div style=\"font-size: 13px; color: #534438; line-height: 20px;\"><\/div>\n<p style=\"font-size: 13px; color: #534438; line-height: 20px;\"><a style=\"color: #cc2979; text-decoration: none;\" href=\"http:\/\/www.innjokes.com\/\">http:\/\/www.innjokes.com\/<\/a><\/p>\n<\/td>\n<td valign=\"top\"><\/td>\n<\/tr>\n<\/tbody>\n<\/table>\n<\/td>\n<\/tr>\n<\/tbody>\n<\/table>\n<\/td>\n<\/tr>\n<\/tbody>\n<\/table>\n<table width=\"100%\" cellspacing=\"0\" cellpadding=\"0\">\n<tbody>\n<tr>\n<td style=\"padding: 10px 30px;\">\n<table width=\"100%\" cellspacing=\"0\" cellpadding=\"0\">\n<tbody>\n<tr>\n<td valign=\"top\" width=\"52\"><img loading=\"lazy\" decoding=\"async\" src=\"http:\/\/dublineventguide.com\/dff\/admin\/images\/categories\/MUSIC.png\" alt=\"\" width=\"32\" height=\"32\" \/><\/td>\n<td>\n<h2 style=\"font-size: 16px; color: #534438; margin: 0 0 5px; font-weight: normal;\">Trad Session<\/h2>\n<h3 style=\"font-size: 13px; margin: 0; padding: 0; line-height: 16px; color: #534438;\"><img loading=\"lazy\" decoding=\"async\" style=\"display: inline; float: left;\" src=\"http:\/\/dublineventguide.com\/dff\/admin\/images\/weekly.png\" alt=\"\" width=\"69\" height=\"16\" \/> 21:30, Wed 19 Mar<\/h3>\n<p style=\"font-size: 13px; color: #534438; line-height: 20px; margin: 0; padding-top: 0;\">Hedigan&#8217;s (The Brian Boru), 4 Prospect Road, Phibsborough, Dublin 11<\/p>\n<table width=\"100%\" cellspacing=\"0\" cellpadding=\"0\">\n<tbody>\n<tr>\n<td valign=\"top\">\n<div style=\"font-size: 13px; color: #534438; line-height: 20px;\">\n<p style=\"margin: 10px 0;\">Traditional Irish Music Session in Hedigan&#8217;s (The Brian Boru) in Phibsborough from 21:30 every Wednesday. If you play an instrument you are especially welcome (all levels are welcome).<\/p>\n<\/div>\n<div style=\"font-size: 13px; color: #534438; line-height: 20px;\"><\/div>\n<\/td>\n<td valign=\"top\"><\/td>\n<\/tr>\n<\/tbody>\n<\/table>\n<\/td>\n<\/tr>\n<\/tbody>\n<\/table>\n<\/td>\n<\/tr>\n<\/tbody>\n<\/table>\n<table id=\"day_1395273600\" style=\"margin-top: 10px;\" width=\"100%\" cellspacing=\"0\" cellpadding=\"0\">\n<tbody>\n<tr style=\"background-color: #c20162; color: #fff;\">\n<td style=\"padding: 0; line-height: 1; height: 34px; overflow: hidden;\">\n<p style=\"width: 630px; padding-left: 30px; margin: 0; height: 34px; overflow: hidden; line-height: 34px;\"><a name=\"day_1395273600\"><\/a><strong>Thursday <\/strong> 20 Mar<\/p>\n<\/td>\n<td>\n<p style=\"margin: 0; line-height: 34px; padding: 0; font-size: 13px;\"><a style=\"color: #fff; text-decoration: none;\" href=\"#dff_top\">back to top<\/a><\/p>\n<\/td>\n<td>\n<p style=\"margin: 0; padding: 0; font-size: 13px;\"><a style=\"color: #fff; text-decoration: none;\" href=\"#dff_top\"><img loading=\"lazy\" decoding=\"async\" src=\"http:\/\/dublineventguide.com\/dff\/admin\/images\/dividers\/date_toplink.png\" alt=\"Back to top\" width=\"38\" height=\"34\" \/><\/a><\/p>\n<\/td>\n<td width=\"50\"><\/td>\n<\/tr>\n<\/tbody>\n<\/table>\n<table width=\"100%\" cellspacing=\"0\" cellpadding=\"0\">\n<tbody>\n<tr>\n<td style=\"padding: 10px 30px;\">\n<table width=\"100%\" cellspacing=\"0\" cellpadding=\"0\">\n<tbody>\n<tr>\n<td valign=\"top\" width=\"52\"><img loading=\"lazy\" decoding=\"async\" src=\"http:\/\/dublineventguide.com\/dff\/admin\/images\/categories\/MARKETS.png\" alt=\"\" width=\"32\" height=\"32\" \/><\/td>\n<td>\n<h2 style=\"font-size: 16px; color: #534438; margin: 0 0 5px; font-weight: normal;\">The Ferocious Mingle Marcade<\/h2>\n<h3 style=\"font-size: 13px; margin: 0; padding: 0; line-height: 16px; color: #534438;\"><img loading=\"lazy\" decoding=\"async\" style=\"display: inline; float: left;\" src=\"http:\/\/dublineventguide.com\/dff\/admin\/images\/weekly.png\" alt=\"\" width=\"69\" height=\"16\" \/> 11:00 &#8211; 18:00, Thu 20 Mar<\/h3>\n<p style=\"font-size: 13px; color: #534438; line-height: 20px; margin: 0; padding-top: 0;\">60 Camden Street, Dublin 2<\/p>\n<table width=\"100%\" cellspacing=\"0\" cellpadding=\"0\">\n<tbody>\n<tr>\n<td valign=\"top\">\n<div style=\"font-size: 13px; color: #534438; line-height: 20px;\">\n<p style=\"margin: 10px 0;\">The Ferocious Mingle Marcade (Market and Arcade) is back in a new location. The Marcade is now in Camden Street next to Daintree Paper and opposite the Centra and off-license there. It takes place every Thurs-Sun and is a flea-market-type permanent market with stalls and &#8220;chalets&#8221; for traders.<\/p>\n<\/div>\n<div style=\"font-size: 13px; color: #534438; line-height: 20px;\"><\/div>\n<p style=\"font-size: 13px; color: #534438; line-height: 20px;\"><a style=\"color: #cc2979; text-decoration: none;\" href=\"https:\/\/www.facebook.com\/pages\/The-Ferocious-Mingle-Marcade\/232446616822953\">https:\/\/www.facebook.com\/pages\/The-Ferocious-Mingle-Marcade\/232446616822953<\/a><\/p>\n<\/td>\n<td valign=\"top\"><\/td>\n<\/tr>\n<\/tbody>\n<\/table>\n<\/td>\n<\/tr>\n<\/tbody>\n<\/table>\n<\/td>\n<\/tr>\n<\/tbody>\n<\/table>\n<table width=\"100%\" cellspacing=\"0\" cellpadding=\"0\">\n<tbody>\n<tr>\n<td style=\"padding: 10px 30px;\">\n<table width=\"100%\" cellspacing=\"0\" cellpadding=\"0\">\n<tbody>\n<tr>\n<td valign=\"top\" width=\"52\"><img loading=\"lazy\" decoding=\"async\" src=\"http:\/\/dublineventguide.com\/dff\/admin\/images\/categories\/TALKS.png\" alt=\"\" width=\"32\" height=\"32\" \/><\/td>\n<td>\n<h2 style=\"font-size: 16px; color: #534438; margin: 0 0 5px; font-weight: normal;\">National Gallery Talks<\/h2>\n<h3 style=\"font-size: 13px; margin: 0; padding: 0; line-height: 16px; color: #534438;\"><img loading=\"lazy\" decoding=\"async\" style=\"display: inline; float: left;\" src=\"http:\/\/dublineventguide.com\/dff\/admin\/images\/weekly.png\" alt=\"\" width=\"69\" height=\"16\" \/> 11:30 &#8211; 16:50, Thu 20 Mar<\/h3>\n<p style=\"font-size: 13px; color: #534438; line-height: 20px; margin: 0; padding-top: 0;\">National Gallery, Clare Street, Dublin 2<\/p>\n<table width=\"100%\" cellspacing=\"0\" cellpadding=\"0\">\n<tbody>\n<tr>\n<td valign=\"top\">\n<div style=\"font-size: 13px; color: #534438; line-height: 20px;\">\n<p style=\"margin: 10px 0;\">The National Gallery has an extensive programme of free talks, public tours and Art Documentary screenings focusing on highlights of the European and Irish Collection every day of the week. Check their website for details.<\/p>\n<\/div>\n<div style=\"font-size: 13px; color: #534438; line-height: 20px;\"><\/div>\n<p style=\"font-size: 13px; color: #534438; line-height: 20px;\"><a style=\"color: #cc2979; text-decoration: none;\" href=\"http:\/\/nationalgallery.ie\/whatson\">http:\/\/nationalgallery.ie\/whatson<\/a><\/p>\n<\/td>\n<td valign=\"top\"><\/td>\n<\/tr>\n<\/tbody>\n<\/table>\n<\/td>\n<\/tr>\n<\/tbody>\n<\/table>\n<\/td>\n<\/tr>\n<\/tbody>\n<\/table>\n<table width=\"100%\" cellspacing=\"0\" cellpadding=\"0\">\n<tbody>\n<tr>\n<td style=\"padding: 10px 30px;\">\n<table width=\"100%\" cellspacing=\"0\" cellpadding=\"0\">\n<tbody>\n<tr>\n<td valign=\"top\" width=\"52\"><img loading=\"lazy\" decoding=\"async\" src=\"http:\/\/dublineventguide.com\/dff\/admin\/images\/categories\/TALKS.png\" alt=\"\" width=\"32\" height=\"32\" \/><\/td>\n<td>\n<h2 style=\"font-size: 16px; color: #534438; margin: 0 0 5px; font-weight: normal;\">Dublin Shops Lecture<\/h2>\n<h3 style=\"font-size: 13px; margin: 0; padding: 0; line-height: 16px; color: #534438;\">13:15 &#8211; 14:00, Thu 20 Mar<\/h3>\n<p style=\"font-size: 13px; color: #534438; line-height: 20px; margin: 0; padding-top: 0;\">Irish Architectural Archives, 45 Merrion Square, Dublin 2<\/p>\n<table width=\"100%\" cellspacing=\"0\" cellpadding=\"0\">\n<tbody>\n<tr>\n<td valign=\"top\">\n<div style=\"font-size: 13px; color: #534438; line-height: 20px;\">\n<p style=\"margin: 10px 0;\">In conjunction with the Dublin Shops photography exhibition by Paul Tierney, the Irish Architectural Archive is running a series of lunchtime lectures.<\/p>\n<p style=\"margin: 10px 0;\">The next one will take place on Thurs 20 March: &#8220;Cathedrals of Consumption: Department Stores in 19th Century Dublin&#8221; with Dr Stephanie Rains, NUI Maynooth.<\/p>\n<p><a style=\"color: #cc2979; text-decoration: none;\" href=\"http:\/\/www.iarc.ie\/wp-content\/uploads\/2014\/03\/Dublin-Shops-Lecture-Series1.pdf\">http:\/\/www.iarc.ie\/wp-content\/uploads\/2014\/03\/Dublin-Shops-Lecture-Series1.pdf<\/a><\/p>\n<\/div>\n<div style=\"font-size: 13px; color: #534438; line-height: 20px;\"><\/div>\n<p style=\"font-size: 13px; color: #534438; line-height: 20px;\"><a style=\"color: #cc2979; text-decoration: none;\" href=\"http:\/\/www.iarc.ie\/dublin-shops-exhibition-and-lecture-series\/\">http:\/\/www.iarc.ie\/dublin-shops-exhibition-and-lecture-series\/<\/a><\/p>\n<\/td>\n<td valign=\"top\"><\/td>\n<\/tr>\n<\/tbody>\n<\/table>\n<\/td>\n<\/tr>\n<\/tbody>\n<\/table>\n<\/td>\n<\/tr>\n<\/tbody>\n<\/table>\n<table width=\"100%\" cellspacing=\"0\" cellpadding=\"0\">\n<tbody>\n<tr>\n<td style=\"padding: 10px 30px;\">\n<table width=\"100%\" cellspacing=\"0\" cellpadding=\"0\">\n<tbody>\n<tr>\n<td valign=\"top\" width=\"52\"><img loading=\"lazy\" decoding=\"async\" src=\"http:\/\/dublineventguide.com\/dff\/admin\/images\/categories\/TALKS.png\" alt=\"\" width=\"32\" height=\"32\" \/><\/td>\n<td>\n<h2 style=\"font-size: 16px; color: #534438; margin: 0 0 5px; font-weight: normal;\">European Democracy in Crisis<\/h2>\n<h3 style=\"font-size: 13px; margin: 0; padding: 0; line-height: 16px; color: #534438;\">14:00 &#8211; 17:00, Thu 20 Mar<\/h3>\n<p style=\"font-size: 13px; color: #534438; line-height: 20px; margin: 0; padding-top: 0;\">Newman House, 85 St. Stephen&#8217;s Green, Dublin 2<\/p>\n<table width=\"100%\" cellspacing=\"0\" cellpadding=\"0\">\n<tbody>\n<tr>\n<td valign=\"top\">\n<div style=\"font-size: 13px; color: #534438; line-height: 20px;\">\n<p>The Dublin European Institute invites to the seminar &#8220;European Democracy in Crisis&#8221;. The key-note speaker will be President Michael D. Higgins and the speakers are Prof. Brigid Laffan (European University Insitute), Prof. Kevin O&#8217;Rourke (Oxford), Prof. Linda Senden (Utrecht). To attend, RSVP by 18 March to dei@ucd.ie. The event will also be live-streamed at <a style=\"color: #cc2979; text-decoration: none;\" href=\"http:\/\/www.europedebate.ie%20\">www.europedebate.ie <\/a><\/p>\n<p style=\"margin: 10px 0;\">Admission is free.<\/p>\n<\/div>\n<div style=\"font-size: 13px; color: #534438; line-height: 20px;\"><\/div>\n<p style=\"font-size: 13px; color: #534438; line-height: 20px;\"><a style=\"color: #cc2979; text-decoration: none;\" href=\"http:\/\/www.ucd.ie\/dei\/newsevents\/\">http:\/\/www.ucd.ie\/dei\/newsevents\/<\/a><\/p>\n<\/td>\n<td valign=\"top\"><\/td>\n<\/tr>\n<\/tbody>\n<\/table>\n<\/td>\n<\/tr>\n<\/tbody>\n<\/table>\n<\/td>\n<\/tr>\n<\/tbody>\n<\/table>\n<table width=\"100%\" cellspacing=\"0\" cellpadding=\"0\">\n<tbody>\n<tr>\n<td style=\"padding: 10px 30px;\">\n<table width=\"100%\" cellspacing=\"0\" cellpadding=\"0\">\n<tbody>\n<tr>\n<td valign=\"top\" width=\"52\"><img loading=\"lazy\" decoding=\"async\" src=\"http:\/\/dublineventguide.com\/dff\/admin\/images\/categories\/TALKS.png\" alt=\"\" width=\"32\" height=\"32\" \/><\/td>\n<td>\n<h2 style=\"font-size: 16px; color: #534438; margin: 0 0 5px; font-weight: normal;\">20th Century Isirh Composers<\/h2>\n<h3 style=\"font-size: 13px; margin: 0; padding: 0; line-height: 16px; color: #534438;\">18:00 &#8211; 20:00, Thu 20 Mar<\/h3>\n<p style=\"font-size: 13px; color: #534438; line-height: 20px; margin: 0; padding-top: 0;\">Neill\/Hoey Lecture Theatre, Trinity Long Room Hub, Fellows\u2019 Square, Trinity College Dublin, Dublin 2<\/p>\n<table width=\"100%\" cellspacing=\"0\" cellpadding=\"0\">\n<tbody>\n<tr>\n<td valign=\"top\">\n<div style=\"font-size: 13px; color: #534438; line-height: 20px;\">\n<p style=\"margin: 10px 0;\">&#8217;20th-century Irish composers&#8217; a lecture by Dr Mark Fitzgerald (DIT Conservatory of Music and Drama) is part of the &#8216;In Tune: A Millenium of Music at Trinity College&#8217; Lecture Series.<\/p>\n<p style=\"margin: 10px 0;\">For more details check the website below.<\/p>\n<p style=\"margin: 10px 0;\">Admission is free.<\/p>\n<\/div>\n<div style=\"font-size: 13px; color: #534438; line-height: 20px;\"><\/div>\n<p style=\"font-size: 13px; color: #534438; line-height: 20px;\"><a style=\"color: #cc2979; text-decoration: none;\" href=\"http:\/\/www.tcd.ie\/trinitylongroomhub\/events\/details\/2013-11-20intune.php \">http:\/\/www.tcd.ie\/trinitylongroomhub\/events\/details\/2013-11-20intune.php <\/a><\/p>\n<\/td>\n<td valign=\"top\"><\/td>\n<\/tr>\n<\/tbody>\n<\/table>\n<\/td>\n<\/tr>\n<\/tbody>\n<\/table>\n<\/td>\n<\/tr>\n<\/tbody>\n<\/table>\n<table width=\"100%\" cellspacing=\"0\" cellpadding=\"0\">\n<tbody>\n<tr>\n<td style=\"padding: 10px 30px;\">\n<table width=\"100%\" cellspacing=\"0\" cellpadding=\"0\">\n<tbody>\n<tr>\n<td valign=\"top\" width=\"52\"><img loading=\"lazy\" decoding=\"async\" src=\"http:\/\/dublineventguide.com\/dff\/admin\/images\/categories\/LITERATURE.png\" alt=\"\" width=\"32\" height=\"32\" \/><\/td>\n<td>\n<h2 style=\"font-size: 16px; color: #534438; margin: 0 0 5px; font-weight: normal;\">John Connolly &#8211; Book Launch<\/h2>\n<h3 style=\"font-size: 13px; margin: 0; padding: 0; line-height: 16px; color: #534438;\">18:30 &#8211; 20:00, Thu 20 Mar<\/h3>\n<p style=\"font-size: 13px; color: #534438; line-height: 20px; margin: 0; padding-top: 0;\">Smock Alley Theatre, 7 Exchange Street Lwr, Temple Bar, Dublin 2<\/p>\n<table width=\"100%\" cellspacing=\"0\" cellpadding=\"0\">\n<tbody>\n<tr>\n<td valign=\"top\">\n<div style=\"font-size: 13px; color: #534438; line-height: 20px;\">\n<p style=\"margin: 10px 0;\">&#8220;The Wolf in Winter&#8221; by John Connolly will be launched and musicians Jonny Kearney and Lucy Farrell will perform. Admission is free, but ticketed and you can get free tickets only when you collect them in person at Smock Alley Theatre or at the Gutter Bookshop. If you book online you have to pay a EUR 1 fee.<\/p>\n<p style=\"margin: 10px 0;\">(Maybe the organisers should explore some other ticket services. I hear there is at least one that provides a free service for free events. ;-) )<\/p>\n<\/div>\n<div style=\"font-size: 13px; color: #534438; line-height: 20px;\"><\/div>\n<p style=\"font-size: 13px; color: #534438; line-height: 20px;\"><a style=\"color: #cc2979; text-decoration: none;\" href=\"http:\/\/smockalley.com\/writers-at-smock-alley\/\">http:\/\/smockalley.com\/writers-at-smock-alley\/<\/a><\/p>\n<\/td>\n<td valign=\"top\"><\/td>\n<\/tr>\n<\/tbody>\n<\/table>\n<\/td>\n<\/tr>\n<\/tbody>\n<\/table>\n<\/td>\n<\/tr>\n<\/tbody>\n<\/table>\n<table width=\"100%\" cellspacing=\"0\" cellpadding=\"0\">\n<tbody>\n<tr>\n<td style=\"padding: 10px 30px;\">\n<table width=\"100%\" cellspacing=\"0\" cellpadding=\"0\">\n<tbody>\n<tr>\n<td valign=\"top\" width=\"52\"><img loading=\"lazy\" decoding=\"async\" src=\"http:\/\/dublineventguide.com\/dff\/admin\/images\/categories\/ACTIVITY.png\" alt=\"\" width=\"32\" height=\"32\" \/><\/td>\n<td>\n<h2 style=\"font-size: 16px; color: #534438; margin: 0 0 5px; font-weight: normal;\">&#8220;My Favourites&#8221; &#8211; Walking Tour &#8211; Night Walk<\/h2>\n<h3 style=\"font-size: 13px; margin: 0; padding: 0; line-height: 16px; color: #534438;\"><img loading=\"lazy\" decoding=\"async\" style=\"display: inline; float: left;\" src=\"http:\/\/dublineventguide.com\/dff\/admin\/images\/weekly.png\" alt=\"\" width=\"69\" height=\"16\" \/> 19:00 &#8211; 21:00, Thu 20 Mar<\/h3>\n<p style=\"font-size: 13px; color: #534438; line-height: 20px; margin: 0; padding-top: 0;\">Spire, O&#8217;Connell Street, Dublin 1<\/p>\n<table width=\"100%\" cellspacing=\"0\" cellpadding=\"0\">\n<tbody>\n<tr>\n<td valign=\"top\">\n<div style=\"font-size: 13px; color: #534438; line-height: 20px;\">\n<p style=\"margin: 10px 0;\">&#8220;These Are a Few of My Favourite Things&#8221; is the title of a Walking Tour that Emily Gallagher will run next Thursday. It will be an Alternative Arts and Culture Trail and she will bring you to &#8220;Dublin\u2019s Best Cafes, Bars, Markets, Unusual Stores, Galleries, Theatres, Arts Spaces, and more! And hear some tales you\u2019ve never heard before!&#8221;<\/p>\n<p style=\"margin: 10px 0;\">Meeting point is at the Spire. The tours are free but donations are welcome and booking is required via egaldog@gmail.com or 085-2725095<\/p>\n<\/div>\n<div style=\"font-size: 13px; color: #534438; line-height: 20px;\"><\/div>\n<\/td>\n<td valign=\"top\"><\/td>\n<\/tr>\n<\/tbody>\n<\/table>\n<\/td>\n<\/tr>\n<\/tbody>\n<\/table>\n<\/td>\n<\/tr>\n<\/tbody>\n<\/table>\n<table width=\"100%\" cellspacing=\"0\" cellpadding=\"0\">\n<tbody>\n<tr>\n<td style=\"padding: 10px 30px;\">\n<table width=\"100%\" cellspacing=\"0\" cellpadding=\"0\">\n<tbody>\n<tr>\n<td valign=\"top\" width=\"52\"><img loading=\"lazy\" decoding=\"async\" src=\"http:\/\/dublineventguide.com\/dff\/admin\/images\/categories\/TALKS.png\" alt=\"\" width=\"32\" height=\"32\" \/><\/td>\n<td>\n<h2 style=\"font-size: 16px; color: #534438; margin: 0 0 5px; font-weight: normal;\">TTT \u2013 (thirtythreetrees) &#8211; Talk<\/h2>\n<h3 style=\"font-size: 13px; margin: 0; padding: 0; line-height: 16px; color: #534438;\">19:15, Thu 20 Mar<\/h3>\n<p style=\"font-size: 13px; color: #534438; line-height: 20px; margin: 0; padding-top: 0;\">Arts Building, Trinity College, Dublin 2<\/p>\n<table width=\"100%\" cellspacing=\"0\" cellpadding=\"0\">\n<tbody>\n<tr>\n<td valign=\"top\">\n<div style=\"font-size: 13px; color: #534438; line-height: 20px;\">\n<p style=\"margin: 10px 0;\">TTT is a multi-disciplinary practice with particular emphasis on landscape architecture and garden design. Jimi Shields + Maria Vlahos will talk about TTT. Admission seems free, but we can&#8217;t be completely certain.<\/p>\n<\/div>\n<div style=\"font-size: 13px; color: #534438; line-height: 20px;\"><\/div>\n<p style=\"font-size: 13px; color: #534438; line-height: 20px;\"><a style=\"color: #cc2979; text-decoration: none;\" href=\"http:\/\/architecturalassociation.ie\/ttt-thirtythreetrees\/\">http:\/\/architecturalassociation.ie\/ttt-thirtythreetrees\/<\/a><\/p>\n<\/td>\n<td valign=\"top\"><\/td>\n<\/tr>\n<\/tbody>\n<\/table>\n<\/td>\n<\/tr>\n<\/tbody>\n<\/table>\n<\/td>\n<\/tr>\n<\/tbody>\n<\/table>\n<table width=\"100%\" cellspacing=\"0\" cellpadding=\"0\">\n<tbody>\n<tr>\n<td style=\"padding: 10px 30px;\">\n<table width=\"100%\" cellspacing=\"0\" cellpadding=\"0\">\n<tbody>\n<tr>\n<td valign=\"top\" width=\"52\"><img loading=\"lazy\" decoding=\"async\" src=\"http:\/\/dublineventguide.com\/dff\/admin\/images\/categories\/TALKS.png\" alt=\"\" width=\"32\" height=\"32\" \/><\/td>\n<td>\n<h2 style=\"font-size: 16px; color: #534438; margin: 0 0 5px; font-weight: normal;\">Birds, migration and weather &#8211; Lecture<\/h2>\n<h3 style=\"font-size: 13px; margin: 0; padding: 0; line-height: 16px; color: #534438;\">19:30, Thu 20 Mar<\/h3>\n<p style=\"font-size: 13px; color: #534438; line-height: 20px; margin: 0; padding-top: 0;\">National Botanic Gardens, Botanic Road, Glasnevin, Dublin 9<\/p>\n<table width=\"100%\" cellspacing=\"0\" cellpadding=\"0\">\n<tbody>\n<tr>\n<td valign=\"top\">\n<div style=\"font-size: 13px; color: #534438; line-height: 20px;\">\n<p style=\"margin: 10px 0;\">The Lecture &#8220;Birds, migration and weather&#8221; with Dick Coombes (BirdWatch Ireland) is an illustrated talk for Springtime. Admission is free.<\/p>\n<p style=\"margin: 10px 0;\">\n<\/div>\n<div style=\"font-size: 13px; color: #534438; line-height: 20px;\"><\/div>\n<p style=\"font-size: 13px; color: #534438; line-height: 20px;\"><a style=\"color: #cc2979; text-decoration: none;\" href=\"http:\/\/www.botanicgardens.ie\/news\/events.htm\">http:\/\/www.botanicgardens.ie\/news\/events.htm<\/a><\/p>\n<\/td>\n<td valign=\"top\"><\/td>\n<\/tr>\n<\/tbody>\n<\/table>\n<\/td>\n<\/tr>\n<\/tbody>\n<\/table>\n<\/td>\n<\/tr>\n<\/tbody>\n<\/table>\n<table width=\"100%\" cellspacing=\"0\" cellpadding=\"0\">\n<tbody>\n<tr>\n<td style=\"padding: 10px 30px;\">\n<table width=\"100%\" cellspacing=\"0\" cellpadding=\"0\">\n<tbody>\n<tr>\n<td valign=\"top\" width=\"52\"><img loading=\"lazy\" decoding=\"async\" src=\"http:\/\/dublineventguide.com\/dff\/admin\/images\/categories\/DANCE.png\" alt=\"\" width=\"32\" height=\"32\" \/><\/td>\n<td>\n<h2 style=\"font-size: 16px; color: #534438; margin: 0 0 5px; font-weight: normal;\">Bal Folk &#8211; European Folk Dance Session<\/h2>\n<h3 style=\"font-size: 13px; margin: 0; padding: 0; line-height: 16px; color: #534438;\"><img loading=\"lazy\" decoding=\"async\" style=\"display: inline; float: left;\" src=\"http:\/\/dublineventguide.com\/dff\/admin\/images\/weekly.png\" alt=\"\" width=\"69\" height=\"16\" \/> 20:00, Thu 20 Mar<\/h3>\n<p style=\"font-size: 13px; color: #534438; line-height: 20px; margin: 0; padding-top: 0;\">Tap Bar, 44 North King Street, Dublin 7<\/p>\n<table width=\"100%\" cellspacing=\"0\" cellpadding=\"0\">\n<tbody>\n<tr>\n<td valign=\"top\">\n<div style=\"font-size: 13px; color: #534438; line-height: 20px;\">\n<p style=\"margin: 10px 0;\">The weekly European Folk Dance Workshop\/Session takes place in the Tap Bar every Thursday.<\/p>\n<p style=\"margin: 10px 0;\">The dances are French, Greek, Italian, Hungarian, Polish, Portuguese folk and traditional dances and everybody interested to join in or to learn is welcome. Admission is free, but donations (suggested: EUR 3) are very welcome<\/p>\n<\/div>\n<div style=\"font-size: 13px; color: #534438; line-height: 20px;\"><\/div>\n<p style=\"font-size: 13px; color: #534438; line-height: 20px;\"><a style=\"color: #cc2979; text-decoration: none;\" href=\"https:\/\/www.facebook.com\/pages\/Njoy-Dancing-Dublin\/251213698276941\">https:\/\/www.facebook.com\/pages\/Njoy-Dancing-Dublin\/251213698276941<\/a><\/p>\n<\/td>\n<td valign=\"top\"><\/td>\n<\/tr>\n<\/tbody>\n<\/table>\n<\/td>\n<\/tr>\n<\/tbody>\n<\/table>\n<\/td>\n<\/tr>\n<\/tbody>\n<\/table>\n<table width=\"100%\" cellspacing=\"0\" cellpadding=\"0\">\n<tbody>\n<tr>\n<td style=\"padding: 10px 30px;\">\n<table width=\"100%\" cellspacing=\"0\" cellpadding=\"0\">\n<tbody>\n<tr>\n<td valign=\"top\" width=\"52\"><img loading=\"lazy\" decoding=\"async\" src=\"http:\/\/dublineventguide.com\/dff\/admin\/images\/categories\/MUSIC.png\" alt=\"\" width=\"32\" height=\"32\" \/><\/td>\n<td>\n<h2 style=\"font-size: 16px; color: #534438; margin: 0 0 5px; font-weight: normal;\">Dimestore Recordings presents<\/h2>\n<h3 style=\"font-size: 13px; margin: 0; padding: 0; line-height: 16px; color: #534438;\"><img loading=\"lazy\" decoding=\"async\" style=\"display: inline; float: left;\" src=\"http:\/\/dublineventguide.com\/dff\/admin\/images\/weekly.png\" alt=\"\" width=\"69\" height=\"16\" \/> 20:00, Thu 20 Mar<\/h3>\n<p style=\"font-size: 13px; color: #534438; line-height: 20px; margin: 0; padding-top: 0;\">Sweeney Mongrel&#8217;s, 32 Dame Street, Dublin 2<\/p>\n<table width=\"100%\" cellspacing=\"0\" cellpadding=\"0\">\n<tbody>\n<tr>\n<td valign=\"top\">\n<div style=\"font-size: 13px; color: #534438; line-height: 20px;\">\n<p style=\"margin: 10px 0;\">Dimestore Recordings run a weekly event in Sweeney Mongrel&#8217;s with a variety of bands and performers. It starts at 20:00, follow the link for the line up.<\/p>\n<\/div>\n<div style=\"font-size: 13px; color: #534438; line-height: 20px;\"><\/div>\n<p style=\"font-size: 13px; color: #534438; line-height: 20px;\"><a style=\"color: #cc2979; text-decoration: none;\" href=\"https:\/\/www.facebook.com\/DimeStoreRecords\">https:\/\/www.facebook.com\/DimeStoreRecords<\/a><\/p>\n<\/td>\n<td valign=\"top\"><\/td>\n<\/tr>\n<\/tbody>\n<\/table>\n<\/td>\n<\/tr>\n<\/tbody>\n<\/table>\n<\/td>\n<\/tr>\n<\/tbody>\n<\/table>\n<table width=\"100%\" cellspacing=\"0\" cellpadding=\"0\">\n<tbody>\n<tr>\n<td style=\"padding: 10px 30px;\">\n<table width=\"100%\" cellspacing=\"0\" cellpadding=\"0\">\n<tbody>\n<tr>\n<td valign=\"top\" width=\"52\"><img loading=\"lazy\" decoding=\"async\" src=\"http:\/\/dublineventguide.com\/dff\/admin\/images\/categories\/MUSIC.png\" alt=\"\" width=\"32\" height=\"32\" \/><\/td>\n<td>\n<h2 style=\"font-size: 16px; color: #534438; margin: 0 0 5px; font-weight: normal;\">Max Zaska \/ Patrick Groenland<\/h2>\n<h3 style=\"font-size: 13px; margin: 0; padding: 0; line-height: 16px; color: #534438;\"><img loading=\"lazy\" decoding=\"async\" style=\"display: inline; float: left;\" src=\"http:\/\/dublineventguide.com\/dff\/admin\/images\/weekly.png\" alt=\"\" width=\"69\" height=\"16\" \/> 21:00, Thu 20 Mar<\/h3>\n<p style=\"font-size: 13px; color: #534438; line-height: 20px; margin: 0; padding-top: 0;\">The International Bar, 23 Wicklow Street, Dublin 2<\/p>\n<table width=\"100%\" cellspacing=\"0\" cellpadding=\"0\">\n<tbody>\n<tr>\n<td valign=\"top\">\n<div style=\"font-size: 13px; color: #534438; line-height: 20px;\">\n<p style=\"margin: 10px 0;\">The Max Zaska group and the Patrick Groenland group will perform on alternating Thursdays from 21:00 in the International Bar on 23 Wicklow Street.<\/p>\n<\/div>\n<div style=\"font-size: 13px; color: #534438; line-height: 20px;\"><\/div>\n<p style=\"font-size: 13px; color: #534438; line-height: 20px;\"><a style=\"color: #cc2979; text-decoration: none;\" href=\"http:\/\/www.international-bar.com\/music.html\">http:\/\/www.international-bar.com\/music.html<\/a><\/p>\n<\/td>\n<td valign=\"top\"><\/td>\n<\/tr>\n<\/tbody>\n<\/table>\n<\/td>\n<\/tr>\n<\/tbody>\n<\/table>\n<\/td>\n<\/tr>\n<\/tbody>\n<\/table>\n<table width=\"100%\" cellspacing=\"0\" cellpadding=\"0\">\n<tbody>\n<tr>\n<td style=\"padding: 10px 30px;\">\n<table width=\"100%\" cellspacing=\"0\" cellpadding=\"0\">\n<tbody>\n<tr>\n<td valign=\"top\" width=\"52\"><img loading=\"lazy\" decoding=\"async\" src=\"http:\/\/dublineventguide.com\/dff\/admin\/images\/categories\/MUSIC.png\" alt=\"\" width=\"32\" height=\"32\" \/><\/td>\n<td>\n<h2 style=\"font-size: 16px; color: #534438; margin: 0 0 5px; font-weight: normal;\">Left, Right &amp; Centre &#8211; Blues+Soul<\/h2>\n<h3 style=\"font-size: 13px; margin: 0; padding: 0; line-height: 16px; color: #534438;\"><img loading=\"lazy\" decoding=\"async\" style=\"display: inline; float: left;\" src=\"http:\/\/dublineventguide.com\/dff\/admin\/images\/weekly.png\" alt=\"\" width=\"69\" height=\"16\" \/> 21:30, Thu 20 Mar<\/h3>\n<p style=\"font-size: 13px; color: #534438; line-height: 20px; margin: 0; padding-top: 0;\">Frank Ryan&#8217;s Bar, Queen Street, Smithfield, Dublin 7<\/p>\n<table width=\"100%\" cellspacing=\"0\" cellpadding=\"0\">\n<tbody>\n<tr>\n<td valign=\"top\">\n<div style=\"font-size: 13px; color: #534438; line-height: 20px;\">\n<p style=\"margin: 10px 0;\">Every Thursday &#8220;Left Right &amp; Centre&#8221; play a mix of blues &amp; soul with a bit of rock&amp;roll.<\/p>\n<\/div>\n<div style=\"font-size: 13px; color: #534438; line-height: 20px;\"><\/div>\n<p style=\"font-size: 13px; color: #534438; line-height: 20px;\"><a style=\"color: #cc2979; text-decoration: none;\" href=\"http:\/\/www.frankryans.com\">http:\/\/www.frankryans.com<\/a><\/p>\n<\/td>\n<td valign=\"top\"><\/td>\n<\/tr>\n<\/tbody>\n<\/table>\n<\/td>\n<\/tr>\n<\/tbody>\n<\/table>\n<\/td>\n<\/tr>\n<\/tbody>\n<\/table>\n<table width=\"100%\" cellspacing=\"0\" cellpadding=\"0\">\n<tbody>\n<tr>\n<td style=\"padding: 10px 30px;\">\n<table width=\"100%\" cellspacing=\"0\" cellpadding=\"0\">\n<tbody>\n<tr>\n<td valign=\"top\" width=\"52\"><img loading=\"lazy\" decoding=\"async\" src=\"http:\/\/dublineventguide.com\/dff\/admin\/images\/categories\/MUSIC.png\" alt=\"\" width=\"32\" height=\"32\" \/><\/td>\n<td>\n<h2 style=\"font-size: 16px; color: #534438; margin: 0 0 5px; font-weight: normal;\">McNeills Trad Music Pub Sessions<\/h2>\n<h3 style=\"font-size: 13px; margin: 0; padding: 0; line-height: 16px; color: #534438;\"><img loading=\"lazy\" decoding=\"async\" style=\"display: inline; float: left;\" src=\"http:\/\/dublineventguide.com\/dff\/admin\/images\/weekly.png\" alt=\"\" width=\"69\" height=\"16\" \/> 21:30, Thu 20 Mar<\/h3>\n<p style=\"font-size: 13px; color: #534438; line-height: 20px; margin: 0; padding-top: 0;\">J. McNeills, 140 Capel Street, Dublin 7<\/p>\n<table width=\"100%\" cellspacing=\"0\" cellpadding=\"0\">\n<tbody>\n<tr>\n<td valign=\"top\">\n<div style=\"font-size: 13px; color: #534438; line-height: 20px;\">\n<p style=\"margin: 10px 0;\">Every Thursday a free Trad Session takes place in McNeills and often there are high profile Trad musicians performing.<\/p>\n<\/div>\n<div style=\"font-size: 13px; color: #534438; line-height: 20px;\"><\/div>\n<p style=\"font-size: 13px; color: #534438; line-height: 20px;\"><a style=\"color: #cc2979; text-decoration: none;\" href=\"https:\/\/www.facebook.com\/McNeillsPubSessions\">https:\/\/www.facebook.com\/McNeillsPubSessions<\/a><\/p>\n<\/td>\n<td valign=\"top\"><\/td>\n<\/tr>\n<\/tbody>\n<\/table>\n<\/td>\n<\/tr>\n<\/tbody>\n<\/table>\n<\/td>\n<\/tr>\n<\/tbody>\n<\/table>\n<table id=\"day_1395360000\" style=\"margin-top: 10px;\" width=\"100%\" cellspacing=\"0\" cellpadding=\"0\">\n<tbody>\n<tr style=\"background-color: #c20162; color: #fff;\">\n<td style=\"padding: 0; line-height: 1; height: 34px; overflow: hidden;\">\n<p style=\"width: 630px; padding-left: 30px; margin: 0; height: 34px; overflow: hidden; line-height: 34px;\"><a name=\"day_1395360000\"><\/a><strong>Friday <\/strong> 21 Mar<\/p>\n<\/td>\n<td>\n<p style=\"margin: 0; line-height: 34px; padding: 0; font-size: 13px;\"><a style=\"color: #fff; text-decoration: none;\" href=\"#dff_top\">back to top<\/a><\/p>\n<\/td>\n<td>\n<p style=\"margin: 0; padding: 0; font-size: 13px;\"><a style=\"color: #fff; text-decoration: none;\" href=\"#dff_top\"><img loading=\"lazy\" decoding=\"async\" src=\"http:\/\/dublineventguide.com\/dff\/admin\/images\/dividers\/date_toplink.png\" alt=\"Back to top\" width=\"38\" height=\"34\" \/><\/a><\/p>\n<\/td>\n<td width=\"50\"><\/td>\n<\/tr>\n<\/tbody>\n<\/table>\n<table width=\"100%\" cellspacing=\"0\" cellpadding=\"0\">\n<tbody>\n<tr>\n<td style=\"padding: 10px 30px;\">\n<table width=\"100%\" cellspacing=\"0\" cellpadding=\"0\">\n<tbody>\n<tr>\n<td valign=\"top\" width=\"52\"><img loading=\"lazy\" decoding=\"async\" src=\"http:\/\/dublineventguide.com\/dff\/admin\/images\/categories\/MARKETS.png\" alt=\"\" width=\"32\" height=\"32\" \/><\/td>\n<td>\n<h2 style=\"font-size: 16px; color: #534438; margin: 0 0 5px; font-weight: normal;\">The Ferocious Mingle Marcade<\/h2>\n<h3 style=\"font-size: 13px; margin: 0; padding: 0; line-height: 16px; color: #534438;\"><img loading=\"lazy\" decoding=\"async\" style=\"display: inline; float: left;\" src=\"http:\/\/dublineventguide.com\/dff\/admin\/images\/weekly.png\" alt=\"\" width=\"69\" height=\"16\" \/> 11:00 &#8211; 18:00, Fri 21 Mar<\/h3>\n<p style=\"font-size: 13px; color: #534438; line-height: 20px; margin: 0; padding-top: 0;\">60 Camden Street, Dublin 2<\/p>\n<table width=\"100%\" cellspacing=\"0\" cellpadding=\"0\">\n<tbody>\n<tr>\n<td valign=\"top\">\n<div style=\"font-size: 13px; color: #534438; line-height: 20px;\">\n<p style=\"margin: 10px 0;\">The Ferocious Mingle Marcade (Market and Arcade) is back in a new location. The Marcade is now in Camden Street next to Daintree Paper and opposite the Centra and off-license there. It takes place every Thurs-Sun and is a flea-market-type permanent market with stalls and &#8220;chalets&#8221; for traders.<\/p>\n<\/div>\n<div style=\"font-size: 13px; color: #534438; line-height: 20px;\"><\/div>\n<p style=\"font-size: 13px; color: #534438; line-height: 20px;\"><a style=\"color: #cc2979; text-decoration: none;\" href=\"https:\/\/www.facebook.com\/pages\/The-Ferocious-Mingle-Marcade\/232446616822953\">https:\/\/www.facebook.com\/pages\/The-Ferocious-Mingle-Marcade\/232446616822953<\/a><\/p>\n<\/td>\n<td valign=\"top\"><\/td>\n<\/tr>\n<\/tbody>\n<\/table>\n<\/td>\n<\/tr>\n<\/tbody>\n<\/table>\n<\/td>\n<\/tr>\n<\/tbody>\n<\/table>\n<table width=\"100%\" cellspacing=\"0\" cellpadding=\"0\">\n<tbody>\n<tr>\n<td style=\"padding: 10px 30px;\">\n<table width=\"100%\" cellspacing=\"0\" cellpadding=\"0\">\n<tbody>\n<tr>\n<td valign=\"top\" width=\"52\"><img loading=\"lazy\" decoding=\"async\" src=\"http:\/\/dublineventguide.com\/dff\/admin\/images\/categories\/TALKS.png\" alt=\"\" width=\"32\" height=\"32\" \/><\/td>\n<td>\n<h2 style=\"font-size: 16px; color: #534438; margin: 0 0 5px; font-weight: normal;\">National Gallery Talks<\/h2>\n<h3 style=\"font-size: 13px; margin: 0; padding: 0; line-height: 16px; color: #534438;\"><img loading=\"lazy\" decoding=\"async\" style=\"display: inline; float: left;\" src=\"http:\/\/dublineventguide.com\/dff\/admin\/images\/weekly.png\" alt=\"\" width=\"69\" height=\"16\" \/> 11:30 &#8211; 16:50, Fri 21 Mar<\/h3>\n<p style=\"font-size: 13px; color: #534438; line-height: 20px; margin: 0; padding-top: 0;\">National Gallery, Clare Street, Dublin 2<\/p>\n<table width=\"100%\" cellspacing=\"0\" cellpadding=\"0\">\n<tbody>\n<tr>\n<td valign=\"top\">\n<div style=\"font-size: 13px; color: #534438; line-height: 20px;\">\n<p style=\"margin: 10px 0;\">The National Gallery has an extensive programme of free talks, public tours and Art Documentary screenings focusing on highlights of the European and Irish Collection every day of the week. Check their website for details.<\/p>\n<\/div>\n<div style=\"font-size: 13px; color: #534438; line-height: 20px;\"><\/div>\n<p style=\"font-size: 13px; color: #534438; line-height: 20px;\"><a style=\"color: #cc2979; text-decoration: none;\" href=\"http:\/\/nationalgallery.ie\/whatson\">http:\/\/nationalgallery.ie\/whatson<\/a><\/p>\n<\/td>\n<td valign=\"top\"><\/td>\n<\/tr>\n<\/tbody>\n<\/table>\n<\/td>\n<\/tr>\n<\/tbody>\n<\/table>\n<\/td>\n<\/tr>\n<\/tbody>\n<\/table>\n<table width=\"100%\" cellspacing=\"0\" cellpadding=\"0\">\n<tbody>\n<tr>\n<td style=\"padding: 10px 30px;\">\n<table width=\"100%\" cellspacing=\"0\" cellpadding=\"0\">\n<tbody>\n<tr>\n<td valign=\"top\" width=\"52\"><img loading=\"lazy\" decoding=\"async\" src=\"http:\/\/dublineventguide.com\/dff\/admin\/images\/categories\/TALKS.png\" alt=\"\" width=\"32\" height=\"32\" \/><\/td>\n<td>\n<h2 style=\"font-size: 16px; color: #534438; margin: 0 0 5px; font-weight: normal;\">IMMA Lunchtime Discussion<\/h2>\n<h3 style=\"font-size: 13px; margin: 0; padding: 0; line-height: 16px; color: #534438;\">13:15 &#8211; 14:00, Fri 21 Mar<\/h3>\n<p style=\"font-size: 13px; color: #534438; line-height: 20px; margin: 0; padding-top: 0;\">Irish Museum of Modern Art, Royal Hospital Kilmainham, Dublin 8<\/p>\n<table width=\"100%\" cellspacing=\"0\" cellpadding=\"0\">\n<tbody>\n<tr>\n<td valign=\"top\">\n<div style=\"font-size: 13px; color: #534438; line-height: 20px;\">\n<p style=\"margin: 10px 0;\">P\u00e1draic E. Moore (writer and independent curator) leads an informal and speculative discussion on the art-historical context of Patrick Scott\u2019s work. In this talk Moore will focus in particular upon a series of artworks Scott produced over many years which have become known as The Gestural Drawings.<\/p>\n<p style=\"margin: 10px 0;\">Admission is free, but you have to book on the site below.<\/p>\n<\/div>\n<div style=\"font-size: 13px; color: #534438; line-height: 20px;\"><\/div>\n<p style=\"font-size: 13px; color: #534438; line-height: 20px;\"><a style=\"color: #cc2979; text-decoration: none;\" href=\"http:\/\/www.imma.ie\/en\/subnav_50.htm\">http:\/\/www.imma.ie\/en\/subnav_50.htm<\/a><\/p>\n<\/td>\n<td valign=\"top\"><\/td>\n<\/tr>\n<\/tbody>\n<\/table>\n<\/td>\n<\/tr>\n<\/tbody>\n<\/table>\n<\/td>\n<\/tr>\n<\/tbody>\n<\/table>\n<table width=\"100%\" cellspacing=\"0\" cellpadding=\"0\">\n<tbody>\n<tr>\n<td style=\"padding: 10px 30px;\">\n<table width=\"100%\" cellspacing=\"0\" cellpadding=\"0\">\n<tbody>\n<tr>\n<td valign=\"top\" width=\"52\"><img loading=\"lazy\" decoding=\"async\" src=\"http:\/\/dublineventguide.com\/dff\/admin\/images\/categories\/MUSIC.png\" alt=\"\" width=\"32\" height=\"32\" \/><\/td>\n<td>\n<h2 style=\"font-size: 16px; color: #534438; margin: 0 0 5px; font-weight: normal;\">The Diaspora of Afghan Musicians &#8211; Book Launch<\/h2>\n<h3 style=\"font-size: 13px; margin: 0; padding: 0; line-height: 16px; color: #534438;\">17:00 &#8211; 18:30, Fri 21 Mar<\/h3>\n<p style=\"font-size: 13px; color: #534438; line-height: 20px; margin: 0; padding-top: 0;\">Irish Writers&#8217; Centre, 19 Parnell Square North, Dublin 1<\/p>\n<table width=\"100%\" cellspacing=\"0\" cellpadding=\"0\">\n<tbody>\n<tr>\n<td valign=\"top\">\n<div style=\"font-size: 13px; color: #534438; line-height: 20px;\">\n<p style=\"margin: 10px 0;\">The Book Launch for &#8220;From Dubura to Guitar: The Diaspora of Afghan Musicians&#8221; takes place and admission will be free.<\/p>\n<p style=\"margin: 10px 0;\">Nasruddin Saljuqi, a leader of the Afghan community , wrote the book for everyone who is interested in the history, organology and social context of Afghanistan music; and who hopes to build an artistic relationship among Afghan Diaspora and western countries. The book promotes integration via music nationally and internationally, develop the skills of Afghan immigrant musicians who were displaced during war to western countries, shares example of integration by learning and performing music, and gives cultural awareness of diverse ethnic backgrounds and indigenous communities.<\/p>\n<p style=\"margin: 10px 0;\">Speakers at the launch will be Sheryl Lynch, ethnomusicology lecturer at St. Patrick College, Dublin; Professor John Baily, musician and reader at Goldsmith University; Dr Muhammad Umar Al-Qaderi, Islamic Theologian, who will speak on Music in Islam as well as the author Nasruddin Saljuqi.<\/p>\n<p style=\"margin: 10px 0;\">You can enjoy a performance of traditional Afghan music given by John Baily, Emeritus Professor of Ethnomusicology at Goldsmith College London, and Veronica Doubleday, accomplished musician and music researcher. John and Veronica are a married couple and performed together at concerts and festivals throughout Europe and the US.<\/p>\n<\/div>\n<div style=\"font-size: 13px; color: #534438; line-height: 20px;\"><\/div>\n<p style=\"font-size: 13px; color: #534438; line-height: 20px;\"><a style=\"color: #cc2979; text-decoration: none;\" href=\"http:\/\/www.writerscentre.ie\/html\/events\/atthecentre.html\">http:\/\/www.writerscentre.ie\/html\/events\/atthecentre.html<\/a><\/p>\n<\/td>\n<td valign=\"top\"><\/td>\n<\/tr>\n<\/tbody>\n<\/table>\n<\/td>\n<\/tr>\n<\/tbody>\n<\/table>\n<\/td>\n<\/tr>\n<\/tbody>\n<\/table>\n<table width=\"100%\" cellspacing=\"0\" cellpadding=\"0\">\n<tbody>\n<tr>\n<td style=\"padding: 10px 30px;\">\n<table width=\"100%\" cellspacing=\"0\" cellpadding=\"0\">\n<tbody>\n<tr>\n<td valign=\"top\" width=\"52\"><img loading=\"lazy\" decoding=\"async\" src=\"http:\/\/dublineventguide.com\/dff\/admin\/images\/categories\/MUSIC.png\" alt=\"\" width=\"32\" height=\"32\" \/><\/td>\n<td>\n<h2 style=\"font-size: 16px; color: #534438; margin: 0 0 5px; font-weight: normal;\">Cornucopia &#8211; Live Music<\/h2>\n<h3 style=\"font-size: 13px; margin: 0; padding: 0; line-height: 16px; color: #534438;\"><img loading=\"lazy\" decoding=\"async\" style=\"display: inline; float: left;\" src=\"http:\/\/dublineventguide.com\/dff\/admin\/images\/weekly.png\" alt=\"\" width=\"69\" height=\"16\" \/> 19:30 &#8211; 21:30, Fri 21 Mar<\/h3>\n<p style=\"font-size: 13px; color: #534438; line-height: 20px; margin: 0; padding-top: 0;\">Cornucopia Caf\u00e9 &amp; Restaurant, 19\/20 Wicklow Street, Dublin 2<\/p>\n<table width=\"100%\" cellspacing=\"0\" cellpadding=\"0\">\n<tbody>\n<tr>\n<td valign=\"top\">\n<div style=\"font-size: 13px; color: #534438; line-height: 20px;\">\n<p>Cornucopia Caf\u00e9 &amp; Restaurant host live music three evenings a week (Thurs, Fri and Sat). The restaurant is a Wholefood &amp; Vegetarian Restaurant and is open until 22:15.<br \/>\n+ Every second Thursday N.C Lawlor, a songwriter, session player and troubadour plays a mix of country, bluegrass &amp; blues from 19:30-21:30.<br \/>\n+ Every Friday (19:30-21:30) Junshi Murakami plays Irish Harp.<br \/>\n+ Every Saturday (19:30-21:30) Nollaig Mann plays a collection of popular and jazz classics.<\/p>\n<\/div>\n<div style=\"font-size: 13px; color: #534438; line-height: 20px;\"><\/div>\n<p style=\"font-size: 13px; color: #534438; line-height: 20px;\"><a style=\"color: #cc2979; text-decoration: none;\" href=\"http:\/\/www.cornucopia.ie\">http:\/\/www.cornucopia.ie<\/a><\/p>\n<\/td>\n<td valign=\"top\"><\/td>\n<\/tr>\n<\/tbody>\n<\/table>\n<\/td>\n<\/tr>\n<\/tbody>\n<\/table>\n<\/td>\n<\/tr>\n<\/tbody>\n<\/table>\n<table width=\"100%\" cellspacing=\"0\" cellpadding=\"0\">\n<tbody>\n<tr>\n<td style=\"padding: 10px 30px;\">\n<table width=\"100%\" cellspacing=\"0\" cellpadding=\"0\">\n<tbody>\n<tr>\n<td valign=\"top\" width=\"52\"><img loading=\"lazy\" decoding=\"async\" src=\"http:\/\/dublineventguide.com\/dff\/admin\/images\/categories\/MUSIC.png\" alt=\"\" width=\"32\" height=\"32\" \/><\/td>\n<td>\n<h2 style=\"font-size: 16px; color: #534438; margin: 0 0 5px; font-weight: normal;\">Live Music &#8211; Stillorgan Orchard<\/h2>\n<h3 style=\"font-size: 13px; margin: 0; padding: 0; line-height: 16px; color: #534438;\"><img loading=\"lazy\" decoding=\"async\" style=\"display: inline; float: left;\" src=\"http:\/\/dublineventguide.com\/dff\/admin\/images\/weekly.png\" alt=\"\" width=\"69\" height=\"16\" \/> 21:00, Fri 21 Mar<\/h3>\n<p style=\"font-size: 13px; color: #534438; line-height: 20px; margin: 0; padding-top: 0;\">Stillorgan Orchard, The Hill, Stillorgan, Co. Dublin<\/p>\n<table width=\"100%\" cellspacing=\"0\" cellpadding=\"0\">\n<tbody>\n<tr>\n<td valign=\"top\">\n<div style=\"font-size: 13px; color: #534438; line-height: 20px;\">\n<p style=\"margin: 10px 0;\">The Stillorgan Orchard has live music every Friday and Saturday. Many of the performers are established and very good bands. The upcoming gigs are detailed on the website below. Admission is always free.<\/p>\n<\/div>\n<div style=\"font-size: 13px; color: #534438; line-height: 20px;\"><\/div>\n<p style=\"font-size: 13px; color: #534438; line-height: 20px;\"><a style=\"color: #cc2979; text-decoration: none;\" href=\"http:\/\/www.stillorganorchard.com\/live_music.html\">http:\/\/www.stillorganorchard.com\/live_music.html<\/a><\/p>\n<\/td>\n<td valign=\"top\"><\/td>\n<\/tr>\n<\/tbody>\n<\/table>\n<\/td>\n<\/tr>\n<\/tbody>\n<\/table>\n<\/td>\n<\/tr>\n<\/tbody>\n<\/table>\n<table width=\"100%\" cellspacing=\"0\" cellpadding=\"0\">\n<tbody>\n<tr>\n<td style=\"padding: 10px 30px;\">\n<table width=\"100%\" cellspacing=\"0\" cellpadding=\"0\">\n<tbody>\n<tr>\n<td valign=\"top\" width=\"52\"><img loading=\"lazy\" decoding=\"async\" src=\"http:\/\/dublineventguide.com\/dff\/admin\/images\/categories\/MUSIC.png\" alt=\"\" width=\"32\" height=\"32\" \/><\/td>\n<td>\n<h2 style=\"font-size: 16px; color: #534438; margin: 0 0 5px; font-weight: normal;\">Ska &#8216;n&#8217; Reggae with The Bionic Rats<\/h2>\n<h3 style=\"font-size: 13px; margin: 0; padding: 0; line-height: 16px; color: #534438;\"><img loading=\"lazy\" decoding=\"async\" style=\"display: inline; float: left;\" src=\"http:\/\/dublineventguide.com\/dff\/admin\/images\/weekly.png\" alt=\"\" width=\"69\" height=\"16\" \/> 21:00 &#8211; 02:30, Fri 21 Mar<\/h3>\n<p style=\"font-size: 13px; color: #534438; line-height: 20px; margin: 0; padding-top: 0;\">Turks Head, 27 Parliament St, Dublin 2<\/p>\n<table width=\"100%\" cellspacing=\"0\" cellpadding=\"0\">\n<tbody>\n<tr>\n<td valign=\"top\">\n<div style=\"font-size: 13px; color: #534438; line-height: 20px;\">\n<p style=\"margin: 10px 0;\">&#8220;Ska &#8216;n&#8217; Reggae&#8221; is the theme in the Dive Bar (downstairs in Turks Head) every Friday. The Bionic Rats play live and the DJs Tommy Rash and Fukszy are on the decks until late. Admission is free.<\/p>\n<\/div>\n<div style=\"font-size: 13px; color: #534438; line-height: 20px;\"><\/div>\n<p style=\"font-size: 13px; color: #534438; line-height: 20px;\"><a style=\"color: #cc2979; text-decoration: none;\" href=\"https:\/\/www.facebook.com\/photo.php?fbid=10152000572877753\">https:\/\/www.facebook.com\/photo.php?fbid=10152000572877753<\/a><\/p>\n<\/td>\n<td valign=\"top\"><\/td>\n<\/tr>\n<\/tbody>\n<\/table>\n<\/td>\n<\/tr>\n<\/tbody>\n<\/table>\n<\/td>\n<\/tr>\n<\/tbody>\n<\/table>\n<table width=\"100%\" cellspacing=\"0\" cellpadding=\"0\">\n<tbody>\n<tr>\n<td style=\"padding: 10px 30px;\">\n<table width=\"100%\" cellspacing=\"0\" cellpadding=\"0\">\n<tbody>\n<tr>\n<td valign=\"top\" width=\"52\"><img loading=\"lazy\" decoding=\"async\" src=\"http:\/\/dublineventguide.com\/dff\/admin\/images\/categories\/MUSIC.png\" alt=\"\" width=\"32\" height=\"32\" \/><\/td>\n<td>\n<h2 style=\"font-size: 16px; color: #534438; margin: 0 0 5px; font-weight: normal;\">The Cravingz &#8211; Gig<\/h2>\n<h3 style=\"font-size: 13px; margin: 0; padding: 0; line-height: 16px; color: #534438;\">21:00, Fri 21 Mar<\/h3>\n<p style=\"font-size: 13px; color: #534438; line-height: 20px; margin: 0; padding-top: 0;\">Mother Reilly&#8217;s, 26\/28 Upper Rathmines Road, Rathmines, Dublin 6<\/p>\n<table width=\"100%\" cellspacing=\"0\" cellpadding=\"0\">\n<tbody>\n<tr>\n<td valign=\"top\">\n<div style=\"font-size: 13px; color: #534438; line-height: 20px;\">\n<p style=\"margin: 10px 0;\">The Cravingz, a 4-piece rockabilly band from Dublin, will perform.<\/p>\n<\/div>\n<div style=\"font-size: 13px; color: #534438; line-height: 20px;\"><\/div>\n<p style=\"font-size: 13px; color: #534438; line-height: 20px;\"><a style=\"color: #cc2979; text-decoration: none;\" href=\"http:\/\/www.dublinsessions.ie\/motherreillys.html\">http:\/\/www.dublinsessions.ie\/motherreillys.html<\/a><\/p>\n<\/td>\n<td valign=\"top\"><\/td>\n<\/tr>\n<\/tbody>\n<\/table>\n<\/td>\n<\/tr>\n<\/tbody>\n<\/table>\n<\/td>\n<\/tr>\n<\/tbody>\n<\/table>\n<table style=\"height: 40px;\" width=\"100%\" cellspacing=\"0\" cellpadding=\"0\">\n<tbody>\n<tr>\n<td><\/td>\n<\/tr>\n<\/tbody>\n<\/table>\n<table id=\"coming\" width=\"100%\" cellspacing=\"0\" cellpadding=\"0\">\n<tbody>\n<tr>\n<td><a name=\"coming\"><\/a><a style=\"text-decoration: none;\" href=\"#dff_top\"><img decoding=\"async\" src=\"http:\/\/dublineventguide.com\/dff\/admin\/images\/dividers\/coming.png\" alt=\"Events Coming Up\" border=\"0\" \/><\/a><\/td>\n<\/tr>\n<\/tbody>\n<\/table>\n<table width=\"100%\" cellspacing=\"0\" cellpadding=\"0\">\n<tbody>\n<tr>\n<td style=\"padding: 10px 30px;\">\n<table width=\"100%\" cellspacing=\"0\" cellpadding=\"0\">\n<tbody>\n<tr>\n<td valign=\"top\" width=\"52\"><img loading=\"lazy\" decoding=\"async\" src=\"http:\/\/dublineventguide.com\/dff\/admin\/images\/upcoming_events.png\" alt=\"\" width=\"38\" height=\"39\" \/><\/td>\n<td>\n<h2 style=\"font-size: 16px; color: #534438; margin: 0 0 5px; font-weight: normal;\">Dublin Mountains Partnership &#8211; Guided Walks<\/h2>\n<h3 style=\"font-size: 13px; margin: 0; padding: 0; line-height: 16px; color: #534438;\">15+23+30 March<\/h3>\n<div style=\"font-size: 13px; color: #534438; line-height: 20px; margin: 0; padding-top: 0;\">\n<p>There will be 3 guided walks in the Dublin Mountains in March. The walks are organised by the Dublin Mountain partnership and are all of moderate difficulty. Have a look at their webpage for all details and make sure you register in time if you want to take part.<br \/>\nAll details can be found on the website <a style=\"color: #cc2979; text-decoration: none;\" href=\"http:\/\/www.dublinmountains.ie\/news\/upcoming_events\/?no_cache=1\">http:\/\/www.dublinmountains.ie\/news\/upcoming_events\/?no_cache=1<\/a> All walks are free, but pre-registration is required.<\/p>\n<\/div>\n<\/td>\n<\/tr>\n<\/tbody>\n<\/table>\n<\/td>\n<\/tr>\n<tr>\n<td style=\"padding: 10px 30px;\">\n<table width=\"100%\" cellspacing=\"0\" cellpadding=\"0\">\n<tbody>\n<tr>\n<td valign=\"top\" width=\"52\"><img loading=\"lazy\" decoding=\"async\" src=\"http:\/\/dublineventguide.com\/dff\/admin\/images\/upcoming_events.png\" alt=\"\" width=\"38\" height=\"39\" \/><\/td>\n<td>\n<h2 style=\"font-size: 16px; color: #534438; margin: 0 0 5px; font-weight: normal;\">Not free, but interesting nevertheless:<\/h2>\n<h3 style=\"font-size: 13px; margin: 0; padding: 0; line-height: 16px; color: #534438;\"><\/h3>\n<div style=\"font-size: 13px; color: #534438; line-height: 20px; margin: 0; padding-top: 0;\">\n<p style=\"margin: 10px 0;\">Offset 2014<\/p>\n<p style=\"margin: 10px 0;\">A creative event with presentations, interviews, panel discussions and debates and with up to 2000 delegates (Irish and International designers, animators, illustrators, advertisers, artists, photographers). will take place. A very interesting event running from 21-23 March, but it is not free. So check it out directly on their website. http:\/\/www.iloveoffset.com\/about\/<\/p>\n<p style=\"margin: 10px 0;\">\n<\/div>\n<\/td>\n<\/tr>\n<\/tbody>\n<\/table>\n<\/td>\n<\/tr>\n<tr>\n<td style=\"padding: 0 30px 15px;\" colspan=\"2\">\n<p style=\"font-size: 13px; color: #534438; line-height: 20px;\">&#8211;Advertisement&#8212;&#8212;&#8212;&#8212;&#8212;&#8212;&#8212;&#8212;&#8212;&#8212;&#8212;&#8212;<\/p>\n<p style=\"font-size: 13px; color: #534438; line-height: 20px;\"><a href=\"http:\/\/www.bookdepository.co.uk?a_aid=dubevg&amp;a_bid=f1cb7955\" target=\"_top\"><img loading=\"lazy\" decoding=\"async\" title=\"Free Delivery on all Books at the Book Depository\" src=\"http:\/\/affiliates.bookdepository.co.uk\/accounts\/default1\/banners\/plain_genric_468x60.jpg\" alt=\"Free Delivery on all Books at the Book Depository\" width=\"468\" height=\"60\" \/><\/a><img loading=\"lazy\" decoding=\"async\" style=\"border: 0;\" src=\"http:\/\/affiliates.bookdepository.co.uk\/scripts\/imp.php?a_aid=dubevg&amp;a_bid=f1cb7955\" alt=\"\" width=\"1\" height=\"1\" \/><\/p>\n<p>BOOK DEPOSITORY &#8211; BETTER THAN ANYBODY ELSE<\/p>\n<p>Books for lowest prices, sent to you with free worldwide delivery within 48 hours. And with every book you buy, you directly help the Dublin Event Guide (for Free Events) &#8230; if you click on the link below! <a style=\"color: #cc2979; text-decoration: none;\" href=\"http:\/\/www.bookdepository.co.uk?a_aid=dubevg\">www.bookdepository.co.uk<\/a><\/td>\n<\/tr>\n<\/tbody>\n<\/table>\n<table id=\"odd\" width=\"100%\" cellspacing=\"0\" cellpadding=\"0\">\n<tbody>\n<tr>\n<td><a name=\"odd\"><\/a><a style=\"text-decoration: none;\" href=\"#dff_top\"><img decoding=\"async\" src=\"http:\/\/dublineventguide.com\/dff\/admin\/images\/dividers\/odd.png\" alt=\"This is odd\" border=\"0\" \/><\/a><\/td>\n<\/tr>\n<\/tbody>\n<\/table>\n<table width=\"100%\" cellspacing=\"0\" cellpadding=\"0\">\n<tbody>\n<tr>\n<td style=\"padding: 0 30px 15px;\">\n<div style=\"font-size: 13px; color: #534438; line-height: 20px;\">\n<p style=\"margin: 10px 0;\">Please note: This section contains observations taken from the world I live in that strike me as odd. I express my personal opinion and you might not share it. If you are easily offended by opinions that are not identical with your own, please don&#8217;t read this section. ;-)<\/p>\n<p><strong>Unsuitable (for a) Taoiseach &#8211; Enda Kenny<\/strong><\/p>\n<p style=\"margin: 10px 0;\">Enda Kenny is in the USA at the moment and has a busy programme. St. Patrick&#8217;s Day and the Irish heritage is so important to many Americans, that everyone is very happy to meet him and for a small-time politician from Mayo you could easily start to think that you are a really important person. But you can take the man out of Mayo, but I guess you can never take Mayo out of the man.<\/p>\n<p>Why? What happened? Well, go to this page and listen to the audio: <a style=\"color: #cc2979; text-decoration: none;\" href=\"http:\/\/www.newstalk.ie\/Call-me-anytime--Taoiseach-promises-hell-try-and-answer-the-phone\">http:\/\/www.newstalk.ie\/Call-me-anytime&#8211;Taoiseach-promises-hell-try-and-answer-the-phone<\/a><\/p>\n<p style=\"margin: 10px 0;\">Kenny says &#8220;If you got a problem, have an issue, an anxiety or a concern, or a proposition or proposal, I want to hear it. My number is a public number, you can call me anytime. Citizens in other countries find it difficult to figure out how anybody can ring the prime minister or the taoiseach, in my case,&#8230;.&#8221; and he rambles on. Interestingly none of this was in his official speech to the US Chamber of Commerce (all official speeches are on the Government website, but this &#8220;phone a friend&#8221; offer is not what his speech writers told him to say.)<\/p>\n<p style=\"margin: 10px 0;\">Why is it so odd or even outrageous? Is it not just a great offer? Direct access to the political leader of a country. Should the Americans not be impressed by that?<\/p>\n<p style=\"margin: 10px 0;\">Think about it this way: A lot of the problems in Irish politics come from the fact that politicians stupidly are too busy to run the country because they have to get someone to fix the street light outside of Mrs Smith bungalow in the back of beyonds or they have to help Jimmy to fast track the renewal of his passport because Jimmy&#8217;s dad is a big party supporter and Jimmy was too ignorant to realise that for his holiday in Greece next week a passport is needed. This thinking is ingrained in Irish politicians and it is exactly the same offer that he made to the assembled members of the US Chamber of Commerce.<\/p>\n<p style=\"margin: 10px 0;\">He stopped short of reading out his mobile phone number, but I didn&#8217;t realise that we all could or should have his number and imagine anyone who has &#8220;a problem, an issue, an anxiety, a concern, or a proposition or proposal&#8221; would ring the Taoiseach!? His performance would even be worse.<\/p>\n<p style=\"margin: 10px 0;\">What he said in this meeting was stupid parish pump-type politician nonsense.<\/p>\n<p style=\"margin: 10px 0;\">\n<\/div>\n<p style=\"font-size: 13px; color: #534438; line-height: 20px; margin: 10px 0;\">&#8211;Advertisement&#8212;&#8212;&#8212;&#8212;&#8212;&#8212;&#8212;&#8212;&#8212;&#8212;&#8212;&#8212;<\/p>\n<p style=\"font-size: 13px; color: #534438; line-height: 20px; margin: 10px 0;\"><a href=\"http:\/\/clk.tradedoubler.com\/click?p=83237&amp;a=1719778&amp;g=17782526\" target=\"_BLANK\"><img decoding=\"async\" src=\"http:\/\/impie.tradedoubler.com\/imp?type(img)g(17782526)a(1719778)\" alt=\"\" border=\"0\" \/><\/a><\/p>\n<\/td>\n<\/tr>\n<\/tbody>\n<\/table>\n<table width=\"100%\" cellspacing=\"0\" cellpadding=\"0\">\n<tbody>\n<tr>\n<td style=\"padding: 0 30px 15px;\">\n<div style=\"font-size: 13px; color: #534438; line-height: 20px;\">\n<p style=\"margin: 10px 0;\">Have an event-full weekend and week,<\/p>\n<p style=\"margin: 10px 0;\">&#8211;Joerg<\/p>\n<p><a style=\"color: #cc2979; text-decoration: none;\" href=\"mailto:dublineventguide@gmail.com\">dublineventguide@gmail.com<\/a> | <a style=\"color: #cc2979; text-decoration: none;\" href=\"www.dublineventguide.com\">www.dublineventguide.com<\/a> | <a style=\"color: #cc2979; text-decoration: none;\" href=\"http:\/\/www.facebook.com\/DublinEventGuide\">www.facebook.com\/DublinEventGuide<\/a> | <a style=\"color: #cc2979; text-decoration: none;\" href=\"http:\/\/m.dublineventguide.com\">m.dublineventguide.com<\/a><\/p>\n<p>For much needed donations please go to <a style=\"color: #cc2979; text-decoration: none;\" href=\"http:\/\/www.perfectresults.info\/\/donation.htm\">http:\/\/www.perfectresults.info\/donation.htm<\/a><\/p>\n<p>+++++++++++++++++++++++++++++++++++++++++++<br \/>\n<strong>You are receiving this newsletter because you have subscribed to it!!<\/strong><\/p>\n<p>If you don&#8217;t want to receive this mail anymore, just click on the link at the bottom of this mail. It would help me if you told me in an e-mail why you decided to unsubscribe, but that is not a &#8220;Must&#8221;. If you only want to stop receiving the newsletter temporarily, you can &#8211; if you wish &#8211; discuss this with me by e-mail so that we find a solution that makes sense to you. If you unsubscribe using the link at the bottom of the mail and there is a chance that you &#8211; at some stage &#8211; want to re-subscribe, please make sure that you keep a mail with the &#8220;unsubscribe link&#8221; because I will not be able to add you anymore to the list once you have unsubscribed using this link. The only way you can re-subscribe is to follow that specific link and change the settings yourself.<br \/>\nThis Event Guide (the &#8220;Dublin Event Guide (for Free Events)&#8221;) is an Event Guide with a difference. It covers mostly free events based on the thinking that free events deserve additional support and that non-free events have the money to pay for advertisement. The Guide is a _Guide_ and not just a listing and is therefore at times quite extensive. It is sent for free to anybody who is interested and if you want to be added to the mailing list or know somebody who would like to receive this guide, just send them to <a style=\"color: #cc2979; text-decoration: none;\" href=\"http:\/\/www.dublineventguide.com\">http:\/\/www.dublineventguide.com<\/a>, where they can subscribe. If you have feedback &#8211; good or bad &#8211; PLEASE tell me via dublineventguide@gmail.com.<br \/>\nBTW: I am not paid or otherwise rewarded for compiling and distributing this Event Guide it is purely a hobby so your donations are needed: <a style=\"color: #cc2979; text-decoration: none;\" href=\"http:\/\/www.perfectresults.info\/donation.htm\">http:\/\/www.perfectresults.info\/donation.htm<\/a> . Advertisement in or sponsorship of the Dublin Event Guide (for Free Events) is possible and very welcome, please contact me for more information.<br \/>\nPlease note: The Dublin Event Guide (for Free Event) is not related or connected to the long gone fortnightly printed publication &#8220;the event guide&#8221; that you found until December 2008 in pubs and other venues.<br \/>\nCopyright 2014 by Joerg Steegmueller.<br \/>\n***********************************************<\/p>\n<\/div>\n<\/td>\n<\/tr>\n<\/tbody>\n<\/table>\n<\/td>\n<\/tr>\n<\/tbody>\n<\/table>\n","protected":false},"excerpt":{"rendered":"<p>No. 352 | 14 March 2014 Subscribers: 20,123 Dublin News &#8211; Competitions &#8211; Support the Guide &#8211; Joerg&#8217;s Picks &#8211; Feel Good &#8211; This is Odd Tue &#8211; Fri &#8211; Sat &#8211; Sun &#8211; Mon &#8211; Tue &#8211; Wed &#8211; Thu &#8211; Fri &#8211; Events Coming Up &#8211; Exhibitions Hi all! The St. Patrick&#8217;s Weekend [&hellip;]<\/p>\n","protected":false},"author":1,"featured_media":0,"comment_status":"open","ping_status":"closed","sticky":false,"template":"","format":"standard","meta":{"footnotes":""},"categories":[1],"tags":[],"class_list":["post-1306","post","type-post","status-publish","format-standard","hentry","category-allgemein"],"_links":{"self":[{"href":"https:\/\/www.dublineventguide.com\/blog\/index.php\/wp-json\/wp\/v2\/posts\/1306","targetHints":{"allow":["GET"]}}],"collection":[{"href":"https:\/\/www.dublineventguide.com\/blog\/index.php\/wp-json\/wp\/v2\/posts"}],"about":[{"href":"https:\/\/www.dublineventguide.com\/blog\/index.php\/wp-json\/wp\/v2\/types\/post"}],"author":[{"embeddable":true,"href":"https:\/\/www.dublineventguide.com\/blog\/index.php\/wp-json\/wp\/v2\/users\/1"}],"replies":[{"embeddable":true,"href":"https:\/\/www.dublineventguide.com\/blog\/index.php\/wp-json\/wp\/v2\/comments?post=1306"}],"version-history":[{"count":0,"href":"https:\/\/www.dublineventguide.com\/blog\/index.php\/wp-json\/wp\/v2\/posts\/1306\/revisions"}],"wp:attachment":[{"href":"https:\/\/www.dublineventguide.com\/blog\/index.php\/wp-json\/wp\/v2\/media?parent=1306"}],"wp:term":[{"taxonomy":"category","embeddable":true,"href":"https:\/\/www.dublineventguide.com\/blog\/index.php\/wp-json\/wp\/v2\/categories?post=1306"},{"taxonomy":"post_tag","embeddable":true,"href":"https:\/\/www.dublineventguide.com\/blog\/index.php\/wp-json\/wp\/v2\/tags?post=1306"}],"curies":[{"name":"wp","href":"https:\/\/api.w.org\/{rel}","templated":true}]}}