{"id":1032,"date":"2012-11-30T20:06:26","date_gmt":"2012-11-30T20:06:26","guid":{"rendered":"https:\/\/www.dublineventguide.com\/blog\/?p=1032"},"modified":"2012-11-30T20:07:32","modified_gmt":"2012-11-30T20:07:32","slug":"dublin-event-guide-285-christmas-on-merrion-square-farmleigh-house-christmas-peoples-art-exhibition-festive-first-thursday","status":"publish","type":"post","link":"https:\/\/www.dublineventguide.com\/blog\/index.php\/allgemein\/dublin-event-guide-285-christmas-on-merrion-square-farmleigh-house-christmas-peoples-art-exhibition-festive-first-thursday\/","title":{"rendered":"Dublin Event Guide 285:  Christmas on Merrion Square, Farmleigh House Christmas, People&#8217;s Art Exhibition, Festive First Thursday"},"content":{"rendered":"<table style=\"background-color: #f4f4f4; font-family: Arial;\" width=\"817\" cellspacing=\"0\" cellpadding=\"0\">\n<tbody>\n<tr>\n<td>\n<table style=\"background-color: #d7006b;\" width=\"100%\" cellspacing=\"0\" cellpadding=\"0\">\n<tbody>\n<tr>\n<td width=\"30\"><a name=\"dff_top\"><\/a><\/td>\n<td width=\"105\"><\/td>\n<td width=\"480\"><\/td>\n<td width=\"175\"><\/td>\n<td width=\"30\"><\/td>\n<\/tr>\n<tr>\n<td><\/td>\n<td><img loading=\"lazy\" decoding=\"async\" src=\"http:\/\/dublineventguide.com\/dff\/admin\/images\/logo_email.png\" alt=\"DEG\" width=\"89\" height=\"88\" \/><\/td>\n<td><img loading=\"lazy\" decoding=\"async\" src=\"http:\/\/dublineventguide.com\/dff\/admin\/images\/dublinguide.png\" alt=\"Dublin Event Guide (for free events)\" width=\"445\" height=\"25\" \/><\/p>\n<p style=\"font-family: arial; font-size: 14px; color: #74073d; padding: 5px; margin: 0;\">No. <strong>285<\/strong> | 30 November 2012<\/p>\n<\/td>\n<td>\n<div style=\"background-color: #8d034a; border-radius: 5px; width: 160px; height: 75px; margin-left: 8px;\">\n<p style=\"font-family: arial; font-size: 15px; color: #fff; margin: 0; padding: 10px 0; text-align: center;\">Subscribers: 12,668<br \/>\n<a href=\"http:\/\/www.facebook.com\/DublinEventGuide\"><img loading=\"lazy\" decoding=\"async\" style=\"padding-top: 10px;\" src=\"http:\/\/dublineventguide.com\/dff\/admin\/images\/like.png\" alt=\"\" width=\"58\" height=\"22\" \/><\/a><\/p>\n<\/div>\n<\/td>\n<td><\/td>\n<\/tr>\n<tr>\n<td colspan=\"5\"><\/td>\n<\/tr>\n<tr style=\"line-height: 1px; font-size: 1px; overflow: hidden; height: 4px;\">\n<td style=\"font-size: 1px; line-height: 1px; height: 4px; overflow: hidden;\" colspan=\"5\"><img loading=\"lazy\" decoding=\"async\" src=\"http:\/\/dublineventguide.com\/dff\/admin\/images\/divider.png\" alt=\"\" width=\"817\" height=\"4\" \/><\/td>\n<\/tr>\n<\/tbody>\n<\/table>\n<table style=\"background-color: #8d034a;\" width=\"100%\" cellspacing=\"0\" cellpadding=\"0\">\n<tbody>\n<tr>\n<td>\n<p style=\"color: #fff; font-family: arial; font-size: 13px; text-align: center; padding: 0; line-height: 24px;\"><a style=\"color: #fff; text-decoration: none;\" href=\"#news\">Dublin News<\/a> &#8211; <a style=\"color: #fff; text-decoration: none;\" href=\"#competitions\">Competitions<\/a> &#8211; <a style=\"color: #fff; text-decoration: none;\" href=\"#support\">Support the Guide<\/a> &#8211; <a style=\"color: #fff; text-decoration: none;\" href=\"#picks\">Joerg&#8217;s Picks<\/a> &#8211; <a style=\"color: #fff; text-decoration: none;\" href=\"#feel\">Feel Good<\/a> &#8211; <a style=\"color: #fff; text-decoration: none;\" href=\"#odd\">This is Odd<\/a><br \/>\n<a style=\"color: #fff; text-decoration: none;\" href=\"#day_1351900800\">Sat<\/a> &#8211; <a style=\"color: #fff; text-decoration: none;\" href=\"#day_1354233600\">Fri<\/a> &#8211; <a style=\"color: #fff; text-decoration: none;\" href=\"#day_1354320000\">Sat<\/a> &#8211; <a style=\"color: #fff; text-decoration: none;\" href=\"#day_1354406400\">Sun<\/a> &#8211; <a style=\"color: #fff; text-decoration: none;\" href=\"#day_1354492800\">Mon<\/a> &#8211; <a style=\"color: #fff; text-decoration: none;\" href=\"#day_1354579200\">Tue<\/a> &#8211; <a style=\"color: #fff; text-decoration: none;\" href=\"#day_1354665600\">Wed<\/a> &#8211; <a style=\"color: #fff; text-decoration: none;\" href=\"#day_1354752000\">Thu<\/a> &#8211; <a style=\"color: #fff; text-decoration: none;\" href=\"#day_1354838400\">Fri<\/a> &#8211; <a style=\"color: #fff; text-decoration: none;\" href=\"#coming\">Events Coming Up<\/a> &#8211; <a style=\"color: #fff; text-decoration: none;\" href=\"#exhibitions\">Exhibitions<\/a><\/p>\n<\/td>\n<\/tr>\n<\/tbody>\n<\/table>\n<table width=\"100%\" cellspacing=\"0\" cellpadding=\"0\">\n<tbody>\n<tr>\n<td style=\"padding: 15px 30px;\">\n<div style=\"font-size: 13px; color: #534438; line-height: 20px;\">\n<p style=\"margin: 10px 0;\">Hi all!<\/p>\n<p style=\"margin: 10px 0;\">It is cold outside, it is dark early and people talk a lot about parties, so Christmas MUST be around the corner. :-) Isn&#8217;t it interesting how we all have just a few memories and parameters that make Christmas really good. Is it the Toy Show for you, which is on tonight? If you don&#8217;t know what the Toy Show is, what the Late Late Show tonight on RTE and you will not understand, but see! :-) Or is it the partying? Or the coldness or the trees or the Gluehwein or the buying of presents or the Christmas Markets?<\/p>\n<p>[ad]<\/p>\n<p style=\"margin: 10px 0;\">I definitely love a good Christmas market! But we are still served badly in that respect! Sometimes I wonder if I should organise a Christmas Market, but then who would write the Dublin Event Guide! :-) So I better remain a passionate Christmas Market customer instead of an organiser.<\/p>\n<p style=\"margin: 10px 0;\">What would you love to do if you were daring enough? Have you ever thought about that? maybe you have started something at some point and then gave up? Check the Feel Good Slot today if you need a bit of a push to achieve something that you want! It is good!<\/p>\n<p style=\"margin: 10px 0;\">My short term goal is to get this Dublin Event Guide to you soon. :-) Then I want to get 13,000 subscribers by the end of this year and lots more in 2013. But another bit issue is to work on a better financing model for the Dublin Event Guide. Hoping from month to month that some great people among you will put their hand in their pocket to help with another bit to gather the EUR 170 is not the best way. Your input and ideas with these plans is much appreciated!<\/p>\n<p>Until then, please keep spreading the word about the DUblin Event Guide. Tell people that they should subscribe at <a style=\"color: #cc2979; text-decoration: none;\" href=\"http:\/\/www.dublineventguide.com\">http:\/\/www.dublineventguide.com<\/a> (on the right hand side) and then also LIKE the Dublin Event Guide on Facebook at <a style=\"color: #cc2979; text-decoration: none;\" href=\"http:\/\/www.facebook.com\/DublinEventGuide\">http:\/\/www.facebook.com\/DublinEventGuide<\/a> . Donations are happily received here: <a style=\"color: #cc2979; text-decoration: none;\" href=\"http:\/\/www.perfectresults.info\/donate.htm\">http:\/\/www.perfectresults.info\/donate.htm<\/a> Any amount helps!<\/p>\n<p style=\"margin: 10px 0;\">And one other thing, if you plan to buy books now or for Christmas, please buy them by clicking on the Book Depository link in the add below. You get the best price and don&#8217;t pay any postage if you buy from Book Depository and you also (without having to pay a cent more!) contribute 5% of your book purchase to the Dublin Event Guide if you use that link EVERY time before you buy! That might only be 50 cent if you buy a 10 Euro book, but it adds up if you buy all your books from Book Depository!<\/p>\n<p style=\"margin: 10px 0;\">And if you want to buy from Groupon scroll a little further down and click on the Groupon Banner EVERY TIME before you. You don&#8217;t have to pay anything more, but you help the Dublin Event Guide to the tune of 6- 8% of your purchase. So please use the ad links in this e-mail plentiful! Thanks!<\/p>\n<p style=\"margin: 10px 0;\">Find the Dublin Event Guide (for Free Events) online presence here:<\/p>\n<p>Website: <a style=\"color: #cc2979; text-decoration: none;\" href=\"http:\/\/www.DublinEventGuide.com\">http:\/\/www.DublinEventGuide.com<\/a><br \/>\nFacebook: <a style=\"color: #cc2979; text-decoration: none;\" href=\"http:\/\/www.facebook.com\/DublinEventGuide\">http:\/\/www.facebook.com\/DublinEventGuide<\/a><br \/>\nMobile App: <a style=\"color: #cc2979; text-decoration: none;\" href=\"http:\/\/m.dublineventguide.com\">http:\/\/m.dublineventguide.com<\/a><br \/>\nTwitter: JoergSt<\/p>\n<\/div>\n<p><a href=\"http:\/\/www.facebook.com\/DublinEventGuide\"><img loading=\"lazy\" decoding=\"async\" style=\"padding-top: 10px;\" src=\"http:\/\/dublineventguide.com\/dff\/admin\/images\/like.png\" alt=\"\" width=\"58\" height=\"22\" \/><\/a><\/p>\n<div style=\"font-size: 13px; color: #534438; line-height: 20px;\">\n<p>We are more than 11,100 people on the Dublin Event Guide &#8211; Facebook Page at <a style=\"color: #cc2979; text-decoration: none;\" href=\"http:\/\/www.facebook.com\/DublinEventGuide\">http:\/\/www.facebook.com\/DublinEventGuide<\/a> and are growing every week. Join in and click LIKE on the facebook page and tell your friends! You will get last minute updates and event reminders through the Facebook Page and you can share your free events directly there with the other people in the Dublin Event Guide Community.<\/p>\n<\/div>\n<p style=\"font-size: 13px; color: #534438; line-height: 20px; margin: 10px 0;\">&#8211;Advertisement&#8212;&#8212;&#8212;&#8212;&#8212;&#8212;&#8212;&#8212;&#8212;&#8212;&#8212;&#8212;<\/p>\n<p style=\"font-size: 13px; color: #534438; line-height: 20px; margin: 10px 0;\"><a href=\"http:\/\/www.bookdepository.co.uk?a_aid=dubevg&amp;a_bid=f1cb7955\" target=\"_top\"><img loading=\"lazy\" decoding=\"async\" title=\"Free Delivery on all Books at the Book Depository\" src=\"http:\/\/affiliates.bookdepository.co.uk\/accounts\/default1\/banners\/plain_genric_468x60.jpg\" alt=\"Free Delivery on all Books at the Book Depository\" width=\"468\" height=\"60\" \/><\/a><img loading=\"lazy\" decoding=\"async\" style=\"border: 0;\" src=\"http:\/\/affiliates.bookdepository.co.uk\/scripts\/imp.php?a_aid=dubevg&amp;a_bid=f1cb7955\" alt=\"\" width=\"1\" height=\"1\" \/><\/p>\n<p>BOOK DEPOSITORY &#8211; BETTER THAN ANYBODY ELSE<\/p>\n<p>Books for lowest prices, sent to you with free worldwide delivery within 48 hours. And with every book you buy, you directly help the Dublin Event Guide (for Free Events) &#8230; if you click on the link below! <a style=\"color: #cc2979; text-decoration: none;\" href=\"http:\/\/www.bookdepository.co.uk?a_aid=dubevg\">www.bookdepository.co.uk<\/a><\/td>\n<\/tr>\n<\/tbody>\n<\/table>\n<table id=\"feel\" width=\"100%\" cellspacing=\"0\" cellpadding=\"0\">\n<tbody>\n<tr>\n<td><a name=\"feel\"><\/a><a style=\"text-decoration: none;\" href=\"#dff_top\"><img decoding=\"async\" src=\"http:\/\/dublineventguide.com\/dff\/admin\/images\/dividers\/feelgood.png\" alt=\"Feel good slot\" border=\"0\" \/><\/a><\/td>\n<\/tr>\n<\/tbody>\n<\/table>\n<table width=\"100%\" cellspacing=\"0\" cellpadding=\"0\">\n<tbody>\n<tr>\n<td style=\"padding: 0 30px 15px;\">\n<div style=\"font-size: 13px; color: #534438; line-height: 20px;\">\n<p style=\"margin: 10px 0;\">The &#8220;Feel Good Slot&#8221; at this place in the Dublin Event Guide is to share some inspirational, motivational or thought provoking quotes, stories or video clips. You wonder why I added this section to this e-zine? If your week was great, you might not need it, but most of us had some challenging moments in the last week and this section is for the people that want to remind that despite all, life is great and it is important to be alive.<\/p>\n<p>Sometimes I find quotes, sometimes video clips and often these clips or quotes are making the rounds on Facebook or Twitter when I pick them up. This week&#8217;s video clip is one that I found on Facebook, so maybe you have seen it already. But make sure you check it out, because if you h ave NOT seen it, you do not want to miss it! It is about an American war veteran who had nearly given up until one person believed in him and gave him the self-belief back that he needed to achieve OUTSTANDING results! He did NOT give up and the video clip shows what you can achieve if you not give up! <a style=\"color: #cc2979; text-decoration: none;\" href=\"http:\/\/www.youtube.com\/watch?v=j2laIPeiMtE\">http:\/\/www.youtube.com\/watch?v=j2laIPeiMtE<\/a><\/p>\n<\/div>\n<p style=\"font-size: 13px; color: #534438; line-height: 20px; margin: 10px 0;\">&#8211;Advertisement&#8212;&#8212;&#8212;&#8212;&#8212;&#8212;&#8212;&#8212;&#8212;&#8212;&#8212;&#8212;<\/p>\n<p style=\"font-size: 13px; color: #534438; line-height: 20px; margin: 10px 0;\"><!--START MERCHANT:merchant name Groupon Ireland from affiliatewindow.com.--><a href=\"http:\/\/www.awin1.com\/cread.php?s=344250&amp;v=4345&amp;q=162396&amp;r=140544\"><img decoding=\"async\" src=\"http:\/\/www.awin1.com\/cshow.php?s=344250&amp;v=4345&amp;q=162396&amp;r=140544\" alt=\"\" border=\"0\" \/><\/a><!--END MERCHANT:merchant name Groupon Ireland from affiliatewindow.com--><\/p>\n<\/td>\n<\/tr>\n<\/tbody>\n<\/table>\n<table id=\"support\" width=\"100%\" cellspacing=\"0\" cellpadding=\"0\">\n<tbody>\n<tr>\n<td><a name=\"support\"><\/a><a style=\"text-decoration: none;\" href=\"#dff_top\"><img decoding=\"async\" src=\"http:\/\/dublineventguide.com\/dff\/admin\/images\/dividers\/support.png\" alt=\"Support\" border=\"0\" \/><\/a><\/td>\n<\/tr>\n<\/tbody>\n<\/table>\n<table width=\"100%\" cellspacing=\"0\" cellpadding=\"0\">\n<tbody>\n<tr>\n<td style=\"padding: 0 30px 15px;\">\n<div style=\"font-size: 13px; color: #534438; line-height: 20px;\">\n<p style=\"margin: 10px 0;\">This part is important to &#8220;keep the show on the road&#8221;:<\/p>\n<p>Last week Clodagh O&#8217;C, Ava S, Conor R and Ann M were so wonderful to help with a donation. With their help I was able to fill the gap and there is even 7 Euro left over. So I only need to find another EUR 163 this month! All the support is much appreciated!<br \/>\nHave you helped? Your help is absolutely needed too to ensure that everyone will continue to get the Dublin Event Guide every week. The cost for sending the weekly newsletter is approx. EUR 170 per month and I need your help!<br \/>\nHas the Dublin Event Guide helped you to find events that you otherwise wouldn&#8217;t have known about, or have you saved money by finding great free events? Then go to <a style=\"color: #cc2979; text-decoration: none;\" href=\"http:\/\/www.perfectresults.info\/donate.htm\">http:\/\/www.perfectresults.info\/donate.htm<\/a> and give something back!<\/p>\n<p style=\"margin: 10px 0;\">I appreciate ANY help: EUR 12 would be great (that&#8217;s only 25 cent per week!), but even if it is just the price of 2 pints it will help.<\/p>\n<p>You can donate online by following this link to the PayPal&amp;CreditCard donation page <a style=\"color: #cc2979; text-decoration: none;\" href=\"http:\/\/www.perfectresults.info\/donation.htm\">http:\/\/www.perfectresults.info\/donation.htm<\/a> If you want to transfer your donation directly to my account, just send a mail to dublineventguide@gmail.com and I will send you the details.<\/p>\n<p>In the last 12 months the following wonderful people have sponsored this Dublin Event Guide: Therese O&#8217;R, Sean S, Zelie McG, Christian K, Esme E, Vincent R, Sophie P, Tom B, Barbara Q-B, Joan S, Catherine E, Deirdre I, Donna M, Conor R, Tom McM, Anna F, Corina R, Maite L-Sch, Aine C, Justin McC, Paul A, Enrique P, Kiera M, Sinead D and Sarah C, Anto K, A C, Lorraine M, Nikodem R, Stefanie N, Emma L, Brendan M, Margaret B, Karen D, Clare D, Paula R, Selina McC, Darragh D, Marta T, Rebecca T, Celina N, Caroline K, Nicola R, Brendan M, Carmel M, Wanda J, Clodagh C, Martin O&#8217;S, Orla K, Franziska B, Pawel B, Rosemarie L, Aisling S, Clodagh O&#8217;C, Aine G, Pauline R, Patricia O&#8217;N, Ryan M, Niamh S, Lesley C, Daniel C L, Nora O&#8217;K, Maureen P, Francesca F, Chantal S, Monika E, Anindya M, Carolyn McQ, William C, Pilar G, Susan D, Gordon S,Susan B, Rainey D-G, Johan S, Susanne B, Lorraine F, Fionn O&#8217;D, Frances K, Aidan G, Clodagh O&#8217;C, Tara R, Tracey O&#8217;C, Elaine B, John F, Trish C, Alexander F,Sophie L, Katie G, Ciaran O&#8217;C, Vick R, Lotte Ch, Rosemary K, Patrick O&#8217;C, Claire D, Eamonn U, Gerard Ph, Fiona F, Yvonne O&#8217;S, Sarah McC, Barry P, Stephanie C, Doreen K, William McC, Saoirse O&#8217;T, Geraldine R, Stephen-Eamonn D, Rhona D, Paul D, Jasmin B, Caroline M, Stephen S, Miriam B, Roslyn M, Nathalie M, Siobhan B, Eric O&#8217;F, Brian O&#8217;C, Caitriona McG, Mairin M, Beatrix K, Hans Martin W, Brian P, Adrian P, Anthony K, Fiona O&#8217;R, Erica N, Aine C, Deirdre E, Valerie A, Stephen-Eamonn D, Doreen K, Paul M, Elaine K, Sarah S, Fiona F, Maria P, Tom McM, Victoria M. C, Padraig K, Melanie B, Anna-Lena F, Margaret G, Margarita G, Martin O&#8217;M, Arthur D, Serena F, Clodagh O&#8217;C, Ava S, Conor R, Ann M and <a style=\"color: #cc2979; text-decoration: none;\" href=\"http:\/\/www.GravitationalFX.ie\">http:\/\/www.GravitationalFX.ie<\/a> (An Irish Web Design, SEO and Internet Marketing who offer affordable web design), <a style=\"color: #cc2979; text-decoration: none;\" href=\"http:\/\/www.FlamencoIndalo.com\">http:\/\/www.FlamencoIndalo.com<\/a> (A group that supports and promotes the art of Flamenco in Ireland.), <a style=\"color: #cc2979; text-decoration: none;\" href=\"http:\/\/www.oliviercornetgallery.com\">http:\/\/www.oliviercornetgallery.com<\/a> (A brand new Art Gallery in Temple Bar), www.Festivals.ie (Ireland&#8217;s festivals website, with key information on <a style=\"color: #cc2979; text-decoration: none;\" href=\"http:\/\/www.Festivals.ie\">festivals in Ireland<\/a>, UK and Europe), <a style=\"color: #cc2979; text-decoration: none;\" href=\"http:\/\/www.thepaulkanegallery.com\">http:\/\/www.thepaulkanegallery.com<\/a> (A great Art Gallery, on the search for a new venue) and <a style=\"color: #cc2979; text-decoration: none;\" href=\"http:\/\/www.a1computers.ie\">http:\/\/www.a1computers.ie<\/a> in Dun Laoghaire\/Cabinteely (The Computer Repair Company that fixes computers, laptops, phones and Internet problems fast. Their Computer Shop sells computers, laptops and lo w priced printer cartridges). The main sponsor is <a style=\"color: #cc2979; text-decoration: none;\" href=\"http:\/\/www.KravMagaIreland.com\">http:\/\/www.KravMagaIreland.com<\/a>, the self-defence training centre for everyone, which provides regular 12-week or 2-day self-defence training courses for beginners.<\/p>\n<p style=\"margin: 10px 0;\">All events listed in this Event Guide are free of any admission charges (or at least appear to be free) unless otherwise stated. I try to find confirmation in all cases and do my best to double-check the information. However errors can happen and therefore no promise for correctness can be given.<\/p>\n<\/div>\n<\/td>\n<\/tr>\n<\/tbody>\n<\/table>\n<table id=\"picks\" width=\"100%\" cellspacing=\"0\" cellpadding=\"0\">\n<tbody>\n<tr>\n<td><a name=\"picks\"><\/a><a style=\"text-decoration: none;\" href=\"#dff_top\"><img decoding=\"async\" src=\"http:\/\/dublineventguide.com\/dff\/admin\/images\/dividers\/joergspicks.png\" alt=\"Joergs Picks\" border=\"0\" \/><\/a><\/td>\n<\/tr>\n<\/tbody>\n<\/table>\n<table width=\"100%\" cellspacing=\"0\" cellpadding=\"0\">\n<tbody>\n<tr>\n<td style=\"padding: 0 30px 15px;\">\n<div style=\"font-size: 13px; color: #534438; line-height: 20px;\">\n<p><em>This section is intended to provide some help in picking and choosing from the huge number of events by sharing with you what I will\/might or would do. This is not a &#8220;best of\u2026&#8221; list and if an event is not listed here, it by no means implies that the event is not interesting. Instead my &#8220;picks&#8221; are just based on my personal preferences. All events mentioned here are described in detail further down<\/em><\/p>\n<p style=\"margin: 10px 0;\">This week it is obviously lots of Christmas related events that make the cut. But there is an odd one to start the Saturday. I am not sure if I will make it, but I would love to see the Deutsch fuer Anfaenger exhibition in Dun Laoghaire. Then it is definitely Christmas on the Square the 1-day pop-up market on Merrion Square. The Christchurch Christmas Market, the Farmleigh House Christmas events and the Hungarian Culture Festival compete with each other then. In the evening, I recommend you go to the Mint Bar to see The Ratzingers.<\/p>\n<p style=\"margin: 10px 0;\">On Sunday the Pure Vintage Christmas Market and the Christmas Events in the National Museum in Collins Barracks are on my list before I can be found at the Gardiner Street Gospel Choir Mass again.<\/p>\n<p style=\"margin: 10px 0;\">During the week I will definitely go to the RDS Library Book Sale. Then in Thursday the National Print Museum Christmas Fair will start and on Friday the Docklands Christmas Festival will begin. Have a look at the Festive First Thursday on Thursday and the Damn Fine Print event on the same day.<\/p>\n<p style=\"margin: 10px 0;\">I think that is definitely enough to do for one week!! ;-)<\/p>\n<\/div>\n<p style=\"font-size: 13px; color: #534438; line-height: 20px; margin: 10px 0;\">&#8211;Advertisement&#8212;&#8212;&#8212;&#8212;&#8212;&#8212;&#8212;&#8212;&#8212;&#8212;&#8212;&#8212;<\/p>\n<p style=\"font-size: 13px; color: #534438; line-height: 20px; margin: 10px 0;\">OVERWHELMED AND UNABLE TO COPE?<br \/>\nAre you overwhelmed by the pace of life, feeling unable to cope with the changes and challenges thrown your way? Marie Walshe, MA, is a trained, experienced psychoanalytic psychotherapist with rooms in Glasnevin and Rathgar. To make an appointment with Marie, please call 087 234 3514 or e-mail marie@agalma.ie. Her fees are appropriate to circumstances, so call now if you are an individual or couple who would like some help and support. <a style=\"color: #cc2979; text-decoration: none;\" href=\"http:\/\/www.agalma.ie\/therapists\/mary-walshe\">http:\/\/www.agalma.ie\/therapists\/mary-walshe<\/a><\/p>\n<\/td>\n<\/tr>\n<\/tbody>\n<\/table>\n<table id=\"competitions\" width=\"100%\" cellspacing=\"0\" cellpadding=\"0\">\n<tbody>\n<tr>\n<td><a name=\"competitions\"><\/a><a style=\"text-decoration: none;\" href=\"#dff_top\"><img decoding=\"async\" src=\"http:\/\/dublineventguide.com\/dff\/admin\/images\/dividers\/competitions.png\" alt=\"Competitions\" border=\"0\" \/><\/a><\/td>\n<\/tr>\n<\/tbody>\n<\/table>\n<table width=\"100%\" cellspacing=\"0\" cellpadding=\"0\">\n<tbody>\n<tr>\n<td style=\"padding: 0 30px; margin-bottom: 15px;\">\n<h2 style=\"font-size: 16px; color: #534438; margin: 0 0 5px; font-weight: normal; margin-top: 15px;\">Bean Bag Cinema &#8211; Ticket Competition<\/h2>\n<h3 style=\"font-size: 13px; margin: 0; padding: 0; line-height: 16px; color: #534438;\"><\/h3>\n<div style=\"font-size: 13px; color: #534438; line-height: 20px; margin: 0; padding-top: 0;\">\n<p>Bean Bag Cinema, are a new company, who will bring movie screenings to venues around Dublin in November and December. They will also bring Bean Bags (you guessed it!) and Popcorn and the first movie is Anchorman. It will be screened in the Hampton Hotel, 19-29 Morehampton Road, Donnybrook, Dublin 4. Anchorman will be screened on Sun 25, Mon 26, Tues 27 and Wed 28 Nov and all proceeds from Tuesday will go to the Movember Charity.A single bean bag is EUR 10 and a double bean bag (2 people) is EUR 15. You can book on <a style=\"color: #cc2979; text-decoration: none;\" href=\"http:\/\/www.thebeanbagcinema.com\/\">http:\/\/www.thebeanbagcinema.com\/<\/a> and you will see there that the next movies after Anchorman are Elf and Scrooged.<\/p>\n<p style=\"margin: 10px 0;\">The winner of the Bean Bag Competition was Rebecca Ellis! Congratulations!<\/p>\n<p style=\"margin: 10px 0;\">More films will be screened in the coming weeks, so check their website if you are interested.<\/p>\n<\/div>\n<\/td>\n<\/tr>\n<tr>\n<td style=\"padding: 0 30px; margin-bottom: 15px;\">\n<h2 style=\"font-size: 16px; color: #534438; margin: 0 0 5px; font-weight: normal; margin-top: 15px;\">Raffle for Scuba Diving and Phone<\/h2>\n<h3 style=\"font-size: 13px; margin: 0; padding: 0; line-height: 16px; color: #534438;\"><\/h3>\n<div style=\"font-size: 13px; color: #534438; line-height: 20px; margin: 0; padding-top: 0;\">\n<p>I don&#8217;t usually do that, but a few good friends will go to Haiti soon to stay in tents without water and electricity for two weeks to build houses with the Haven Partnership for people that are STILL living in temporary huts after the earthquake in Haiti more than 2 years ago. In addition to a week of hard work, everybody who is prepared to help, has to bring EUR 4,500 for building materials. So my friends have to raise funds and one of the ideas is a raffle. You buy a ticket for EUR 5 and have a very good chance to win a Scuba Diving course or a high-quality Nokia phone. Click on the yellow-ish banner below to enter! <a style=\"color: #cc2979; text-decoration: none;\" href=\"http:\/\/www.dalkeyscubadivers.com\/scuba_competition\/scuba_competition.html\">http:\/\/www.dalkeyscubadivers.com\/scuba_competition\/scuba_competition.html<\/a><\/p>\n<\/div>\n<\/td>\n<\/tr>\n<tr>\n<td style=\"padding: 0 30px; margin-bottom: 15px;\">\n<h2 style=\"font-size: 16px; color: #534438; margin: 0 0 5px; font-weight: normal; margin-top: 15px;\">More competitions<\/h2>\n<h3 style=\"font-size: 13px; margin: 0; padding: 0; line-height: 16px; color: #534438;\"><\/h3>\n<div style=\"font-size: 13px; color: #534438; line-height: 20px; margin: 0; padding-top: 0;\">\n<p>If you run an event or sell a product and you would like to run a competition in the Dublin Event Guide to promote your event or product or service, contact me on <a style=\"color: #cc2979; text-decoration: none;\" href=\"mailto:dublineventguide@gmail.com\">dublineventguide@gmail.com<\/a><\/p>\n<\/div>\n<\/td>\n<\/tr>\n<tr>\n<td style=\"padding: 0 30px 15px;\">\n<p style=\"font-size: 13px; color: #534438; line-height: 20px; margin: 10px 0;\">&#8211;Advertisement&#8212;&#8212;&#8212;&#8212;&#8212;&#8212;&#8212;&#8212;&#8212;&#8212;&#8212;&#8212;<\/p>\n<p style=\"font-size: 13px; color: #534438; line-height: 20px; margin: 10px 0;\"><a href=\"http:\/\/www.dalkeyscubadivers.com\/scuba_competition\/scuba_competition.html\"><img decoding=\"async\" src=\"http:\/\/www.dublineventguide.com\/gif\/scuba.jpg\" alt=\"\" border=\"0\" \/><\/a><\/p>\n<\/td>\n<\/tr>\n<\/tbody>\n<\/table>\n<table id=\"news\" style=\"margin-top: 10px;\" width=\"100%\" cellspacing=\"0\" cellpadding=\"0\">\n<tbody>\n<tr>\n<td><a name=\"news\"><\/a><a style=\"text-decoration: none;\" href=\"#dff_top\"><img decoding=\"async\" src=\"http:\/\/dublineventguide.com\/dff\/admin\/images\/dividers\/news.png\" alt=\"Dublin news\" border=\"0\" \/><\/a><\/td>\n<\/tr>\n<\/tbody>\n<\/table>\n<table width=\"100%\" cellspacing=\"0\" cellpadding=\"0\">\n<tbody>\n<tr>\n<td style=\"padding: 0 30px; margin-bottom: 15px;\">\n<h2 style=\"font-size: 16px; color: #534438; margin: 0 0 5px; font-weight: normal; margin-top: 15px;\">Christmas FM back on air<\/h2>\n<div style=\"font-size: 13px; color: #534438; line-height: 20px; margin: 0; padding-top: 0;\">\n<p>Great news for all fans of Christmas and Christmas Music! Christmas FM is back on air. They will be broadcasting from 28 Nov until 26 Dec and this year&#8217;s charity is the children&#8217;s charity ISPCC \/ Childline. The programmes are done by well known radio DJs from all the other radio stations who volunteer for Christmas FM. You can listen online at <a style=\"color: #cc2979; text-decoration: none;\" href=\"http:\/\/www.christmasfm.com\">http:\/\/www.christmasfm.com<\/a> or on your radio on 94.3 in Dublin City &amp; County or on 88.1 in the Dublin Commuter Belt (wherever that is!).<\/p>\n<\/div>\n<\/td>\n<\/tr>\n<tr>\n<td style=\"padding: 0 30px; margin-bottom: 15px;\">\n<h2 style=\"font-size: 16px; color: #534438; margin: 0 0 5px; font-weight: normal; margin-top: 15px;\">No &#8220;Winter Wonderland&#8221; and no &#8220;Christmas on Ice&#8221; in Dublin<\/h2>\n<div style=\"font-size: 13px; color: #534438; line-height: 20px; margin: 0; padding-top: 0;\">\n<p style=\"margin: 10px 0;\">After a big entrance into the Christmas Market world, last year, it already came to a crashing end: The Winter Wonderland at the Royal Hospital Kilmainham will NOT take place this year or ever again! Originally planned for 5 years, the organiser Anschuetz Entertainemnt Group (AEG), who are the second largest concert promoters in the world decided to pull the plug and to cancel the next four years of events. Last year they invested EUR 2 mio in the event, that had a small Christmas Market and a big ice rink, fun fair and circus, but they didn&#8217;t get the expected revnue from it. 7Up was the naming sponsor and the event was called &#8220;7UP WinterWonderland&#8221;.<\/p>\n<p>Christmas on Ice, which took place in the RDS in Ballsbridge for 8 years and who also had ice rinks in Smithfield, Liffey Valley and a dry (i.e. plastic) &#8220;ice&#8221; rink on the roof of Arnotts, is also gone. It seems the operating company &#8220;Sage Creek&#8221;, which traded as &#8220;Synergy Project Management&#8221; when running the ice rinks, has been closed down. <a style=\"color: #cc2979; text-decoration: none;\" href=\"http:\/\/www.irishtimes.com\/newspaper\/finance\/2012\/0405\/1224314387603.html\">http:\/\/www.irishtimes.com\/newspaper\/finance\/2012\/0405\/1224314387603.html<\/a> ON top of all that, it seems also that the organisers of the (not so great) Christmas Market at the Square in Tallaght, who ran the unsuccessful Fitzwilliam Square Christmas Market in 2010, also gave up.<\/p>\n<p style=\"margin: 10px 0;\">That leaves two big (and one small) gaps in the Christmas events list! Do you want to organise a market for 2013? There is a need for it! ;-) Luckily the Docklands Christmas Market will take place again and there will also be events at Merrion Square this weekend and in Farmleigh House every weekend until Christmas. A different ice skating rink organiser at the RDS is running &#8220;I Skate&#8221; and Dun Laoghaire is running an impressive Christmas events programme.<\/p>\n<\/div>\n<\/td>\n<\/tr>\n<tr>\n<td style=\"padding: 0 30px; margin-bottom: 15px;\">\n<h2 style=\"font-size: 16px; color: #534438; margin: 0 0 5px; font-weight: normal; margin-top: 15px;\">Spar-Pest in Dame Street<\/h2>\n<div style=\"font-size: 13px; color: #534438; line-height: 20px; margin: 0; padding-top: 0;\">\n<p style=\"margin: 10px 0;\">The Spars and Centras in Dublin are even worse than the mobile phone shops and the pest\/disease has claimed another life. Do you remember the Philips shop at the corner of Dame Street and George&#8217;s Street? It didn&#8217;t close too long ago. The building is really a very pretty building when you have a closer look and the shop had some impressive features. Guess who has moved in there? Yep! With regret I have to report that Spar, the blight of Dublin&#8217;s shop premises has taken it over now.<\/p>\n<p style=\"margin: 10px 0;\">I know, some of you might say that it is better to have Spar in there than to have the place vacant and the rental for that location must be mad high so that it could have stayed empty for quite some time. I accept that point, but I wonder if Spar is helping if they are prepared to pay very high rents.<\/p>\n<\/div>\n<\/td>\n<\/tr>\n<tr>\n<td style=\"padding: 0 30px; margin-bottom: 15px;\">\n<h2 style=\"font-size: 16px; color: #534438; margin: 0 0 5px; font-weight: normal; margin-top: 15px;\">New Nightclub in Harcourt Street<\/h2>\n<div style=\"font-size: 13px; color: #534438; line-height: 20px; margin: 0; padding-top: 0;\">\n<p>On Fri 07 Dec at 23:00 a new nightclub, called Everleigh Garden, will open at 33 Harcourt Street and will compete with Copper Face Jacks and Krystle. The facebook page of the club went live only 9 days ago and they already have more than 2300 Likes. I have to admit that I am a little envious on that. The Dublin Event Guide (for Free Events) Facebook Page is currently still ahead with more than 11,100 Likes, but I can&#8217;t offer free launch party invites (&#8220;Like our page and we&#8217;ll invite you to the opening.&#8221;) to people that like the Dublin Event Guide page, so Everleigh will probably win. However, do the people that like a nightclub that hasn&#8217;t even opened the door realise that there is NO way that 2300 people will get an invite to the launch, but that instead everyone is invited?? Just wondering. ;-) <a style=\"color: #cc2979; text-decoration: none;\" href=\"https:\/\/www.facebook.com\/everleigh.garden\">https:\/\/www.facebook.com\/everleigh.garden<\/a> Interestingly, 70% of the nightclub will be outdoors with a &#8220;Mediterranean atmosphere&#8221;!! Ireland and outdoors? Nightclub noise levels and outdoors?<\/p>\n<\/div>\n<\/td>\n<\/tr>\n<tr>\n<td style=\"padding: 0 30px; margin-bottom: 15px;\">\n<h2 style=\"font-size: 16px; color: #534438; margin: 0 0 5px; font-weight: normal; margin-top: 15px;\">Dublin Event Guide Smartphone App &#8220;Dublin For Free&#8221;<\/h2>\n<div style=\"font-size: 13px; color: #534438; line-height: 20px; margin: 0; padding-top: 0;\">\n<p>Find all details on where to get and how to install the app at <a style=\"color: #cc2979; text-decoration: none;\" href=\"..\/..\/..\/..\/..\/..\/mobile\">http:\/\/www.dublineventguide.com\/mobile<\/a><\/p>\n<\/div>\n<\/td>\n<\/tr>\n<\/tbody>\n<\/table>\n<table width=\"100%\" cellspacing=\"0\" cellpadding=\"0\">\n<tbody>\n<tr>\n<td style=\"padding: 0 30px 15px;\">\n<p style=\"font-size: 13px; color: #534438; line-height: 20px; margin: 10px 0;\"><a href=\"http:\/\/clk.tradedoubler.com\/click?p=197223&amp;a=1719778&amp;g=19453640\" target=\"_BLANK\"><img decoding=\"async\" src=\"http:\/\/impie.tradedoubler.com\/imp?type(img)g(19453640)a(1719778)\" alt=\"\" border=\"0\" \/><\/a><\/p>\n<\/td>\n<\/tr>\n<\/tbody>\n<\/table>\n<table width=\"100%\" cellspacing=\"0\" cellpadding=\"0\">\n<tbody>\n<tr>\n<td><a style=\"text-decoration: none;\" href=\"#dff_top\"><img decoding=\"async\" src=\"http:\/\/dublineventguide.com\/dff\/admin\/images\/dividers\/opportunities.png\" alt=\"Opportunities\" border=\"0\" \/><\/a><\/td>\n<\/tr>\n<\/tbody>\n<\/table>\n<table width=\"100%\" cellspacing=\"0\" cellpadding=\"0\">\n<tbody>\n<tr>\n<td style=\"padding: 0 30px 15px;\">\n<div style=\"font-size: 13px; color: #534438; line-height: 20px;\">\n<p style=\"margin: 10px 0;\">I have some small technical problems with this section, so there will be a bit of a further delay, but the next company introductions will be here soon!<\/p>\n<\/div>\n<\/td>\n<\/tr>\n<\/tbody>\n<\/table>\n<table id=\"exhibitions\" style=\"margin-top: 10px;\" width=\"100%\" cellspacing=\"0\" cellpadding=\"0\">\n<tbody>\n<tr>\n<td><a name=\"exhibitions\"><\/a><a style=\"text-decoration: none;\" href=\"#dff_top\"><img decoding=\"async\" src=\"http:\/\/dublineventguide.com\/dff\/admin\/images\/dividers\/exhibitions.png\" alt=\"Exhibitions\" border=\"0\" \/><\/a><\/td>\n<\/tr>\n<\/tbody>\n<\/table>\n<table style=\"margin-bottom: 20px;\" width=\"100%\" cellspacing=\"0\" cellpadding=\"0\">\n<tbody>\n<tr>\n<td style=\"padding: 0 30px; margin-bottom: 15px;\">\n<div style=\"font-size: 13px; color: #534438; line-height: 20px;\">\n<p>Based on your feedback, I have decided to do the following with the Exhibition section in this newsletter from now on: I will provide you with a link to a near-comprehensive listing of exhibitions provided by <a style=\"color: #cc2979; text-decoration: none;\" href=\"http:\/\/www.visualartists.ie\">www.visualartists.ie<\/a> . For me to list all exhibitions would only be doubling their good work and would be an inefficient use of my resources. The link is <a style=\"color: #cc2979; text-decoration: none;\" href=\"http:\/\/visualartists.ie\/category\/listings\/dublin\/\">http:\/\/visualartists.ie\/category\/listings\/dublin\/<\/a><\/p>\n<p style=\"margin: 10px 0;\">On top of that I will every now and then include here a small selection of exhibitions that either are not mentioned in the Visual Artist listing or are note-worthy to be mentioned separately.<\/p>\n<\/div>\n<\/td>\n<\/tr>\n<\/tbody>\n<\/table>\n<table width=\"100%\" cellspacing=\"0\" cellpadding=\"0\">\n<tbody>\n<tr>\n<td style=\"padding: 10px 30px;\">\n<table width=\"100%\" cellspacing=\"0\" cellpadding=\"0\">\n<tbody>\n<tr>\n<td valign=\"top\" width=\"52\"><img loading=\"lazy\" decoding=\"async\" src=\"http:\/\/dublineventguide.com\/dff\/admin\/images\/exhibition.png\" alt=\"\" width=\"40\" height=\"41\" \/><\/td>\n<td>\n<h2 style=\"font-size: 16px; color: #534438; margin: 0; font-weight: normal;\">Better &#8211; Janet Williams<\/h2>\n<h3 style=\"font-size: 13px; margin: 0; padding: 0; line-height: 16px; color: #534438;\">08-12 Dec &#8211; 12:00-18:00 (Tues-Sun)<\/h3>\n<p style=\"font-size: 13px; color: #534438; line-height: 20px; margin: 0; padding-top: 0;\">Avenue Road Gallery, 30 Avenue Road, Portobello, Dublin 8<\/p>\n<div style=\"font-size: 13px; color: #534438; line-height: 20px; margin: 0; padding-top: 0;\">\n<p style=\"margin: 10px 0;\">Janet Williams, Dublin based artist and photographer is inviting to her first solo exhibition. Two photo series make up the exhibition. The first series, Better City contains fifteen photo montages of Dublin city-scapes with surreal modifications made to them. The second series, Better Faces, is made up of of fifty portraits of people from Janet&#8217;s generation whom she feels are making things better for themselves and better for the society they live in.<\/p>\n<p>There is participatory element to it: All visitors are invited to have their portraits taken on the opening night (07 Dec from 18:00) to be part of an optimistic group who are energized to make life better in this city. <a style=\"color: #cc2979; text-decoration: none;\" href=\"http:\/\/www.blackbirdboulevard.com\/\">http:\/\/www.blackbirdboulevard.com\/<\/a><\/p>\n<\/div>\n<\/td>\n<\/tr>\n<tr>\n<td valign=\"top\" width=\"52\"><img loading=\"lazy\" decoding=\"async\" src=\"http:\/\/dublineventguide.com\/dff\/admin\/images\/exhibition.png\" alt=\"\" width=\"40\" height=\"41\" \/><\/td>\n<td>\n<h2 style=\"font-size: 16px; color: #534438; margin: 0; font-weight: normal;\">Debbie Chapman \u2013 New Work at \u2018Tamp &amp; Stitch\u2019<\/h2>\n<h3 style=\"font-size: 13px; margin: 0; padding: 0; line-height: 16px; color: #534438;\">06 Dec &#8211; end of Dec<\/h3>\n<p style=\"font-size: 13px; color: #534438; line-height: 20px; margin: 0; padding-top: 0;\">Tamp &amp; Stitch, Unit 3, Scarlet Row, Essex Street West, Temple Bar, Dublin 2<\/p>\n<div style=\"font-size: 13px; color: #534438; line-height: 20px; margin: 0; padding-top: 0;\">\n<p style=\"margin: 10px 0;\">Boutique caf\u00e9 gallery,\u2018Tamp &amp; Stitch\u2019 exhibits Debbie Chapman&#8217;s new body of work.<\/p>\n<p>These paintings have been inspired by her recent period of time spent away from home. The often stark and brutal paintings suggest a gradual loss of identity and are informed by a hugely personal narrative. The opening event will take place on Thursday from 18:00-20:00 htp:\/\/<a style=\"color: #cc2979; text-decoration: none;\" href=\"http:\/\/www.facebook.com\/events\/133856533431916\/\">www.facebook.com\/events\/133856533431916\/<\/a><\/p>\n<\/div>\n<\/td>\n<\/tr>\n<tr>\n<td valign=\"top\" width=\"52\"><img loading=\"lazy\" decoding=\"async\" src=\"http:\/\/dublineventguide.com\/dff\/admin\/images\/exhibition.png\" alt=\"\" width=\"40\" height=\"41\" \/><\/td>\n<td>\n<h2 style=\"font-size: 16px; color: #534438; margin: 0; font-weight: normal;\">Trinity Exhibition<\/h2>\n<h3 style=\"font-size: 13px; margin: 0; padding: 0; line-height: 16px; color: #534438;\">04-06 Dec<\/h3>\n<p style=\"font-size: 13px; color: #534438; line-height: 20px; margin: 0; padding-top: 0;\">Twisted Pepper, Middle Abbey Street, Dublin 1<\/p>\n<div style=\"font-size: 13px; color: #534438; line-height: 20px; margin: 0; padding-top: 0;\">\n<p style=\"margin: 10px 0;\">The Trinity Exhibition 2012 is the largest exhibition of its kind in Trinity College Dublin and attracts submissions from students and staff of all disciplines. This year, out of all the submissions, 28 works have been chosen to be displayed in Twisted Pepper.<\/p>\n<p>Trinity Exhibition 2012 will be launched on Tues 04 Dec at 19:30 by renowned visual artist and photographer Kevin Abosch. Abosch is known for his &#8216;Faces&#8217; series and also for his portraits of Stephen Spielberg, Dustin Hoffman, Meryl Streep, Aung San Suu Kyi, Seamus Heaney and Yoko Ono and others. <a style=\"color: #cc2979; text-decoration: none;\" href=\"http:\/\/www.facebook.com\/TCDVisartsSociety\">http:\/\/www.facebook.com\/TCDVisartsSociety<\/a><\/p>\n<\/div>\n<\/td>\n<\/tr>\n<\/tbody>\n<\/table>\n<\/td>\n<\/tr>\n<\/tbody>\n<\/table>\n<table width=\"100%\" cellspacing=\"0\" cellpadding=\"0\">\n<tbody>\n<tr>\n<td style=\"padding: 0 30px 15px;\">\n<p style=\"font-size: 13px; color: #534438; line-height: 20px; margin: 10px 0;\"><!--START MERCHANT:merchant name Lastminute Ireland from affiliatewindow.com.--><a href=\"http:\/\/www.awin1.com\/cread.php?s=308748&amp;v=4363&amp;q=145658&amp;r=140544\"><img decoding=\"async\" src=\"http:\/\/www.awin1.com\/cshow.php?s=308748&amp;v=4363&amp;q=145658&amp;r=140544\" alt=\"\" border=\"0\" \/><\/a><!--END MERCHANT:merchant name Lastminute Ireland from affiliatewindow.com--><\/p>\n<\/td>\n<\/tr>\n<\/tbody>\n<\/table>\n<table id=\"day_1351900800\" style=\"margin-top: 10px;\" width=\"100%\" cellspacing=\"0\" cellpadding=\"0\">\n<tbody>\n<tr style=\"background-color: #c20162; color: #fff;\">\n<td style=\"padding: 0; line-height: 1; height: 34px; overflow: hidden;\">\n<p style=\"width: 630px; padding-left: 30px; margin: 0; height: 34px; overflow: hidden; line-height: 34px;\"><a name=\"day_1351900800\"><\/a><strong>Saturday <\/strong> 03 Nov<\/p>\n<\/td>\n<td>\n<p style=\"margin: 0; line-height: 34px; padding: 0; font-size: 13px;\"><a style=\"color: #fff; text-decoration: none;\" href=\"#dff_top\">back to top<\/a><\/p>\n<\/td>\n<td>\n<p style=\"margin: 0; padding: 0; font-size: 13px;\"><a style=\"color: #fff; text-decoration: none;\" href=\"#dff_top\"><img loading=\"lazy\" decoding=\"async\" src=\"http:\/\/dublineventguide.com\/dff\/admin\/images\/dividers\/date_toplink.png\" alt=\"Back to top\" width=\"38\" height=\"34\" \/><\/a><\/p>\n<\/td>\n<td width=\"50\"><\/td>\n<\/tr>\n<\/tbody>\n<\/table>\n<table width=\"100%\" cellspacing=\"0\" cellpadding=\"0\">\n<tbody>\n<tr>\n<td style=\"padding: 10px 30px;\">\n<table width=\"100%\" cellspacing=\"0\" cellpadding=\"0\">\n<tbody>\n<tr>\n<td valign=\"top\" width=\"52\"><img loading=\"lazy\" decoding=\"async\" src=\"http:\/\/dublineventguide.com\/dff\/admin\/images\/categories\/TALKS.png\" alt=\"\" width=\"32\" height=\"32\" \/><\/td>\n<td>\n<h2 style=\"font-size: 16px; color: #534438; margin: 0 0 5px; font-weight: normal;\">Mafia: Fiction and Reality<\/h2>\n<h3 style=\"font-size: 13px; margin: 0; padding: 0; line-height: 16px; color: #534438;\">19:15, Sat 03 Nov<\/h3>\n<p style=\"font-size: 13px; color: #534438; line-height: 20px; margin: 0; padding-top: 0;\">Robert Emmet Lecture Theatre, Room 2037, Arts Block, Trinity College Dublin, Dublin 2<\/p>\n<table width=\"100%\" cellspacing=\"0\" cellpadding=\"0\">\n<tbody>\n<tr>\n<td valign=\"top\">\n<div style=\"font-size: 13px; color: #534438; line-height: 20px;\">\n<p style=\"margin: 10px 0;\">Antonio Nicaso will talk about &#8220;Mafia: Fiction and Reality&#8221;. He is an award-winning journalist, a bestselling author and an internationally recognized expert on organized crime. He has written 23 books and he is a regular consultant and lecturer to universities, governments and law-enforcement agencies around the world.<\/p>\n<p style=\"margin: 10px 0;\">Admission is free and all are welcome. The talk will be in English. The event is organised by the Italian Department of the School of Languages, Literatures &amp; Cultural Studies in TCD.<\/p>\n<\/div>\n<div style=\"font-size: 13px; color: #534438; line-height: 20px;\"><\/div>\n<p style=\"font-size: 13px; color: #534438; line-height: 20px;\"><a style=\"color: #cc2979; text-decoration: none;\" href=\"http:\/\/www.tcd.ie\/Italian\/\">http:\/\/www.tcd.ie\/Italian\/<\/a><\/p>\n<\/td>\n<td valign=\"top\"><\/td>\n<\/tr>\n<\/tbody>\n<\/table>\n<\/td>\n<\/tr>\n<\/tbody>\n<\/table>\n<\/td>\n<\/tr>\n<\/tbody>\n<\/table>\n<table id=\"day_1354233600\" style=\"margin-top: 10px;\" width=\"100%\" cellspacing=\"0\" cellpadding=\"0\">\n<tbody>\n<tr style=\"background-color: #c20162; color: #fff;\">\n<td style=\"padding: 0; line-height: 1; height: 34px; overflow: hidden;\">\n<p style=\"width: 630px; padding-left: 30px; margin: 0; height: 34px; overflow: hidden; line-height: 34px;\"><a name=\"day_1354233600\"><\/a><strong>Friday <\/strong> 30 Nov<\/p>\n<\/td>\n<td>\n<p style=\"margin: 0; line-height: 34px; padding: 0; font-size: 13px;\"><a style=\"color: #fff; text-decoration: none;\" href=\"#dff_top\">back to top<\/a><\/p>\n<\/td>\n<td>\n<p style=\"margin: 0; padding: 0; font-size: 13px;\"><a style=\"color: #fff; text-decoration: none;\" href=\"#dff_top\"><img loading=\"lazy\" decoding=\"async\" src=\"http:\/\/dublineventguide.com\/dff\/admin\/images\/dividers\/date_toplink.png\" alt=\"Back to top\" width=\"38\" height=\"34\" \/><\/a><\/p>\n<\/td>\n<td width=\"50\"><\/td>\n<\/tr>\n<\/tbody>\n<\/table>\n<table width=\"100%\" cellspacing=\"0\" cellpadding=\"0\">\n<tbody>\n<tr>\n<td style=\"padding: 10px 30px;\">\n<table width=\"100%\" cellspacing=\"0\" cellpadding=\"0\">\n<tbody>\n<tr>\n<td valign=\"top\" width=\"52\"><img loading=\"lazy\" decoding=\"async\" src=\"http:\/\/dublineventguide.com\/dff\/admin\/images\/categories\/MARKETS.png\" alt=\"\" width=\"32\" height=\"32\" \/><\/td>\n<td>\n<h2 style=\"font-size: 16px; color: #534438; margin: 0 0 5px; font-weight: normal;\">Christmas Craft Fair<\/h2>\n<h3 style=\"font-size: 13px; margin: 0; padding: 0; line-height: 16px; color: #534438;\">10:00 &#8211; 16:00, Fri 30 Nov<\/h3>\n<p style=\"font-size: 13px; color: #534438; line-height: 20px; margin: 0; padding-top: 0;\">South County Dublin Library, The Square, Tallaght, Dublin 24<\/p>\n<table width=\"100%\" cellspacing=\"0\" cellpadding=\"0\">\n<tbody>\n<tr>\n<td valign=\"top\">\n<div style=\"font-size: 13px; color: #534438; line-height: 20px;\">\n<p style=\"margin: 10px 0;\">A Christmas Craft Fair at the County Library is takin gplace this weekend with over 35 stalls\/tables.<\/p>\n<p style=\"margin: 10px 0;\">Among others, the craft tables include: homemade ice-cream, fresh cakes, beauty products, on site manicures, patchwork, crochet &amp; knitted items, pixie pots, woodturning, jewellery, framing, fresh flowers and hand painted glassware.<\/p>\n<\/div>\n<div style=\"font-size: 13px; color: #534438; line-height: 20px;\"><\/div>\n<p style=\"font-size: 13px; color: #534438; line-height: 20px;\"><a style=\"color: #cc2979; text-decoration: none;\" href=\"http:\/\/www.southdublinlibraries.ie\/news\/2012\/11\/christmas-craft-fair-county-library\">http:\/\/www.southdublinlibraries.ie\/news\/2012\/11\/christmas-craft-fair-county-library<\/a><\/p>\n<\/td>\n<td valign=\"top\"><\/td>\n<\/tr>\n<\/tbody>\n<\/table>\n<\/td>\n<\/tr>\n<\/tbody>\n<\/table>\n<\/td>\n<\/tr>\n<\/tbody>\n<\/table>\n<table width=\"100%\" cellspacing=\"0\" cellpadding=\"0\">\n<tbody>\n<tr>\n<td style=\"padding: 10px 30px;\">\n<table width=\"100%\" cellspacing=\"0\" cellpadding=\"0\">\n<tbody>\n<tr>\n<td valign=\"top\" width=\"52\"><img loading=\"lazy\" decoding=\"async\" src=\"http:\/\/dublineventguide.com\/dff\/admin\/images\/categories\/MARKETS.png\" alt=\"\" width=\"32\" height=\"32\" \/><\/td>\n<td>\n<h2 style=\"font-size: 16px; color: #534438; margin: 0 0 5px; font-weight: normal;\">The Ferocious Mingle Market<\/h2>\n<h3 style=\"font-size: 13px; margin: 0; padding: 0; line-height: 16px; color: #534438;\"><img loading=\"lazy\" decoding=\"async\" style=\"display: inline; float: left;\" src=\"http:\/\/dublineventguide.com\/dff\/admin\/images\/weekly.png\" alt=\"\" width=\"69\" height=\"16\" \/> 11:00 &#8211; 18:00, Fri 30 Nov<\/h3>\n<p style=\"font-size: 13px; color: #534438; line-height: 20px; margin: 0; padding-top: 0;\">72 Thomas Street (between the Vicar St venue &amp; Cafe Notto), Dublin 8<\/p>\n<table width=\"100%\" cellspacing=\"0\" cellpadding=\"0\">\n<tbody>\n<tr>\n<td valign=\"top\">\n<div style=\"font-size: 13px; color: #534438; line-height: 20px;\">\n<p style=\"margin: 10px 0;\">The Ferocious Mingle Market takes place every Thursday, Friday, Saturday AND Sunday. On Sunday it is a fancy dress market. It&#8217;s a flea-market type permanent market with stalls and &#8220;chalets&#8221; for traders. The Oscar Verne Caf\u00e9 and (at least at the weekends) live music adds even more character.<\/p>\n<p style=\"margin: 10px 0;\">The location of the new indoor market is 72 Thomas Street (between the Vicar St venue &amp; Cafe Notto) an opening hours are 11:00-18:00. There is also a Caf\u00e9, the Oscar Verne Caf\u00e9, open for business at the market.<\/p>\n<\/div>\n<div style=\"font-size: 13px; color: #534438; line-height: 20px;\"><\/div>\n<p style=\"font-size: 13px; color: #534438; line-height: 20px;\"><a style=\"color: #cc2979; text-decoration: none;\" href=\"https:\/\/www.facebook.com\/mingle.mkt\">https:\/\/www.facebook.com\/mingle.mkt<\/a><\/p>\n<\/td>\n<td valign=\"top\"><\/td>\n<\/tr>\n<\/tbody>\n<\/table>\n<\/td>\n<\/tr>\n<\/tbody>\n<\/table>\n<\/td>\n<\/tr>\n<\/tbody>\n<\/table>\n<table width=\"100%\" cellspacing=\"0\" cellpadding=\"0\">\n<tbody>\n<tr>\n<td style=\"padding: 10px 30px;\">\n<table width=\"100%\" cellspacing=\"0\" cellpadding=\"0\">\n<tbody>\n<tr>\n<td valign=\"top\" width=\"52\"><img loading=\"lazy\" decoding=\"async\" src=\"http:\/\/dublineventguide.com\/dff\/admin\/images\/categories\/TALKS.png\" alt=\"\" width=\"32\" height=\"32\" \/><\/td>\n<td>\n<h2 style=\"font-size: 16px; color: #534438; margin: 0 0 5px; font-weight: normal;\">National Gallery Talks<\/h2>\n<h3 style=\"font-size: 13px; margin: 0; padding: 0; line-height: 16px; color: #534438;\"><img loading=\"lazy\" decoding=\"async\" style=\"display: inline; float: left;\" src=\"http:\/\/dublineventguide.com\/dff\/admin\/images\/weekly.png\" alt=\"\" width=\"69\" height=\"16\" \/> 11:30 &#8211; 16:50, Fri 30 Nov<\/h3>\n<p style=\"font-size: 13px; color: #534438; line-height: 20px; margin: 0; padding-top: 0;\">National Gallery, Clare Street, Dublin 2<\/p>\n<table width=\"100%\" cellspacing=\"0\" cellpadding=\"0\">\n<tbody>\n<tr>\n<td valign=\"top\">\n<div style=\"font-size: 13px; color: #534438; line-height: 20px;\">\n<p style=\"margin: 10px 0;\">The National Gallery has an extensive programme of free talks, public tours and Art Documentary screenings focusing on highlights of the European and Irish Collection every day of the week. Check their website for details.<\/p>\n<\/div>\n<div style=\"font-size: 13px; color: #534438; line-height: 20px;\"><\/div>\n<p style=\"font-size: 13px; color: #534438; line-height: 20px;\"><a style=\"color: #cc2979; text-decoration: none;\" href=\"http:\/\/nationalgallery.ie\/whatson\">http:\/\/nationalgallery.ie\/whatson<\/a><\/p>\n<\/td>\n<td valign=\"top\"><\/td>\n<\/tr>\n<\/tbody>\n<\/table>\n<\/td>\n<\/tr>\n<\/tbody>\n<\/table>\n<\/td>\n<\/tr>\n<\/tbody>\n<\/table>\n<table width=\"100%\" cellspacing=\"0\" cellpadding=\"0\">\n<tbody>\n<tr>\n<td style=\"padding: 10px 30px;\">\n<table width=\"100%\" cellspacing=\"0\" cellpadding=\"0\">\n<tbody>\n<tr>\n<td valign=\"top\" width=\"52\"><img loading=\"lazy\" decoding=\"async\" src=\"http:\/\/dublineventguide.com\/dff\/admin\/images\/categories\/ACTIVITY.png\" alt=\"\" width=\"32\" height=\"32\" \/><\/td>\n<td>\n<h2 style=\"font-size: 16px; color: #534438; margin: 0 0 5px; font-weight: normal;\">Friday Night Game Social<\/h2>\n<h3 style=\"font-size: 13px; margin: 0; padding: 0; line-height: 16px; color: #534438;\">18:00 &#8211; 20:00, Fri 30 Nov<\/h3>\n<p style=\"font-size: 13px; color: #534438; line-height: 20px; margin: 0; padding-top: 0;\">Science Gallery, Pearse Street, TCD, Dublin 2<\/p>\n<table width=\"100%\" cellspacing=\"0\" cellpadding=\"0\">\n<tbody>\n<tr>\n<td valign=\"top\">\n<div style=\"font-size: 13px; color: #534438; line-height: 20px;\">\n<p style=\"margin: 10px 0;\">A series of Friday-night GAME socials will take place in the Science Gallery with some old-school analogue games, plus a few new ones you&#8217;ve probably never heard of. Come along and learn new tricks with new friends in the Science Gallery cafe over some drinks or food, every Friday up to Christmas. This games at this Friday&#8217;s event will be:<\/p>\n<p style=\"margin: 10px 0;\">Settlers of Catan, Carcassone, Forbidden Isle, Talisman, Munchkin Quest, 7 Wonders, Small World, Race for the Galaxy. And there will be some quick games like &#8220;Hey, That&#8217;s my fish!&#8221;, &#8220;Ark&#8221;, &#8220;Bang!&#8221; and &#8220;King of Tokyo&#8221;<\/p>\n<p style=\"margin: 10px 0;\">Admission is free, but booking is recommended.<\/p>\n<\/div>\n<div style=\"font-size: 13px; color: #534438; line-height: 20px;\"><\/div>\n<p style=\"font-size: 13px; color: #534438; line-height: 20px;\"><a style=\"color: #cc2979; text-decoration: none;\" href=\"http:\/\/sciencegallery.com\/events\/2012\/11\/friday-night-game-social-analogue-games-spirit-adventure\">http:\/\/sciencegallery.com\/events\/2012\/11\/friday-night-game-social-analogue-games-spirit-adventure<\/a><\/p>\n<\/td>\n<td valign=\"top\"><\/td>\n<\/tr>\n<\/tbody>\n<\/table>\n<\/td>\n<\/tr>\n<\/tbody>\n<\/table>\n<\/td>\n<\/tr>\n<\/tbody>\n<\/table>\n<table width=\"100%\" cellspacing=\"0\" cellpadding=\"0\">\n<tbody>\n<tr>\n<td style=\"padding: 10px 30px;\">\n<table width=\"100%\" cellspacing=\"0\" cellpadding=\"0\">\n<tbody>\n<tr>\n<td valign=\"top\" width=\"52\"><img loading=\"lazy\" decoding=\"async\" src=\"http:\/\/dublineventguide.com\/dff\/admin\/images\/categories\/ACTIVITY.png\" alt=\"\" width=\"32\" height=\"32\" \/><\/td>\n<td>\n<h2 style=\"font-size: 16px; color: #534438; margin: 0 0 5px; font-weight: normal;\">Sahaja Yoga Meditation<\/h2>\n<h3 style=\"font-size: 13px; margin: 0; padding: 0; line-height: 16px; color: #534438;\"><img loading=\"lazy\" decoding=\"async\" style=\"display: inline; float: left;\" src=\"http:\/\/dublineventguide.com\/dff\/admin\/images\/weekly.png\" alt=\"\" width=\"69\" height=\"16\" \/> 19:30, Fri 30 Nov<\/h3>\n<p style=\"font-size: 13px; color: #534438; line-height: 20px; margin: 0; padding-top: 0;\">4\/5 Eustace Street, Temple Bar (next to IFI, ring bell no. 3)<\/p>\n<table width=\"100%\" cellspacing=\"0\" cellpadding=\"0\">\n<tbody>\n<tr>\n<td valign=\"top\">\n<div style=\"font-size: 13px; color: #534438; line-height: 20px;\">\n<p style=\"margin: 10px 0;\">Need to wind down after a tiring week? Free Sahaja Yoga Meditation (not physical yoga, but &#8220;yoga meditation&#8221;!) classes every Friday at 19:30 at 4\/5 Eustace Street, Temple Bar (next to IFI, ring bell no. 3)<\/p>\n<p style=\"margin: 10px 0;\">A drop in class, with newcomers welcome.<\/p>\n<\/div>\n<div style=\"font-size: 13px; color: #534438; line-height: 20px;\"><\/div>\n<p style=\"font-size: 13px; color: #534438; line-height: 20px;\"><a style=\"color: #cc2979; text-decoration: none;\" href=\"http:\/\/www.sahajayoga.ie\">http:\/\/www.sahajayoga.ie<\/a><\/p>\n<\/td>\n<td valign=\"top\"><\/td>\n<\/tr>\n<\/tbody>\n<\/table>\n<\/td>\n<\/tr>\n<\/tbody>\n<\/table>\n<\/td>\n<\/tr>\n<\/tbody>\n<\/table>\n<table width=\"100%\" cellspacing=\"0\" cellpadding=\"0\">\n<tbody>\n<tr>\n<td style=\"padding: 10px 30px;\">\n<table width=\"100%\" cellspacing=\"0\" cellpadding=\"0\">\n<tbody>\n<tr>\n<td valign=\"top\" width=\"52\"><img loading=\"lazy\" decoding=\"async\" src=\"http:\/\/dublineventguide.com\/dff\/admin\/images\/categories\/MUSIC.png\" alt=\"\" width=\"32\" height=\"32\" \/><\/td>\n<td>\n<h2 style=\"font-size: 16px; color: #534438; margin: 0 0 5px; font-weight: normal;\">Cornucopia &#8211; Live Music<\/h2>\n<h3 style=\"font-size: 13px; margin: 0; padding: 0; line-height: 16px; color: #534438;\"><img loading=\"lazy\" decoding=\"async\" style=\"display: inline; float: left;\" src=\"http:\/\/dublineventguide.com\/dff\/admin\/images\/weekly.png\" alt=\"\" width=\"69\" height=\"16\" \/> 19:30 &#8211; 21:30, Fri 30 Nov<\/h3>\n<p style=\"font-size: 13px; color: #534438; line-height: 20px; margin: 0; padding-top: 0;\">Cornucopia Caf\u00e9 &amp; Restaurant, 19\/20 Wicklow Street, Dublin 2<\/p>\n<table width=\"100%\" cellspacing=\"0\" cellpadding=\"0\">\n<tbody>\n<tr>\n<td valign=\"top\">\n<div style=\"font-size: 13px; color: #534438; line-height: 20px;\">\n<p>Cornucopia Caf\u00e9 &amp; Restaurant host live music three evenings a week (Thurs, Fri and Sat). The restaurant is a Wholefood &amp; Vegetarian Restaurant and is open until 22:15.<br \/>\n+ Every second Thursday N.C Lawlor, a songwriter, session player and troubadour plays a mix of country, bluegrass &amp; blues from 19:30-21:30.<br \/>\n+ Every Friday (19:30-21:30) Junshi Murakami plays Irish Harp.<br \/>\n+ Every Saturday (19:30-21:30) Nollaig Mann plays a collection of popular and jazz classics.<\/p>\n<\/div>\n<div style=\"font-size: 13px; color: #534438; line-height: 20px;\"><\/div>\n<p style=\"font-size: 13px; color: #534438; line-height: 20px;\"><a style=\"color: #cc2979; text-decoration: none;\" href=\"http:\/\/www.cornucopia.ie\">http:\/\/www.cornucopia.ie<\/a><\/p>\n<\/td>\n<td valign=\"top\"><\/td>\n<\/tr>\n<\/tbody>\n<\/table>\n<\/td>\n<\/tr>\n<\/tbody>\n<\/table>\n<\/td>\n<\/tr>\n<\/tbody>\n<\/table>\n<table width=\"100%\" cellspacing=\"0\" cellpadding=\"0\">\n<tbody>\n<tr>\n<td style=\"padding: 10px 30px;\">\n<table width=\"100%\" cellspacing=\"0\" cellpadding=\"0\">\n<tbody>\n<tr>\n<td valign=\"top\" width=\"52\"><img loading=\"lazy\" decoding=\"async\" src=\"http:\/\/dublineventguide.com\/dff\/admin\/images\/categories\/MUSIC.png\" alt=\"\" width=\"32\" height=\"32\" \/><\/td>\n<td>\n<h2 style=\"font-size: 16px; color: #534438; margin: 0 0 5px; font-weight: normal;\">Dublin City FM 20th Anniversary<\/h2>\n<h3 style=\"font-size: 13px; margin: 0; padding: 0; line-height: 16px; color: #534438;\">19:30, Fri 30 Nov<\/h3>\n<p style=\"font-size: 13px; color: #534438; line-height: 20px; margin: 0; padding-top: 0;\">Mercantile, 28 Dame Street, Dublin 2<\/p>\n<table width=\"100%\" cellspacing=\"0\" cellpadding=\"0\">\n<tbody>\n<tr>\n<td valign=\"top\">\n<div style=\"font-size: 13px; color: #534438; line-height: 20px;\">\n<p style=\"margin: 10px 0;\">Dublin City FM is celebrating their birthday in the Mercantile and admission to the event is free. The line-up is The Young Folk, Saint John the Gambler, Roisin O and more. The Facebook Page asks for e-mails to request tickets, but it is a little late for that, so you might want to see if they have some space and let you in. Just be nice and accept it if you are not let in. ;-)<\/p>\n<\/div>\n<div style=\"font-size: 13px; color: #534438; line-height: 20px;\"><\/div>\n<p style=\"font-size: 13px; color: #534438; line-height: 20px;\"><a style=\"color: #cc2979; text-decoration: none;\" href=\"https:\/\/www.facebook.com\/events\/434496653265648\/\">https:\/\/www.facebook.com\/events\/434496653265648\/<\/a><\/p>\n<\/td>\n<td valign=\"top\"><\/td>\n<\/tr>\n<\/tbody>\n<\/table>\n<\/td>\n<\/tr>\n<\/tbody>\n<\/table>\n<\/td>\n<\/tr>\n<\/tbody>\n<\/table>\n<table width=\"100%\" cellspacing=\"0\" cellpadding=\"0\">\n<tbody>\n<tr>\n<td style=\"padding: 10px 30px;\">\n<table width=\"100%\" cellspacing=\"0\" cellpadding=\"0\">\n<tbody>\n<tr>\n<td valign=\"top\" width=\"52\"><img loading=\"lazy\" decoding=\"async\" src=\"http:\/\/dublineventguide.com\/dff\/admin\/images\/categories\/MUSIC.png\" alt=\"\" width=\"32\" height=\"32\" \/><\/td>\n<td>\n<h2 style=\"font-size: 16px; color: #534438; margin: 0 0 5px; font-weight: normal;\">Jazz at Cucina Restaurant<\/h2>\n<h3 style=\"font-size: 13px; margin: 0; padding: 0; line-height: 16px; color: #534438;\"><img loading=\"lazy\" decoding=\"async\" style=\"display: inline; float: left;\" src=\"http:\/\/dublineventguide.com\/dff\/admin\/images\/weekly.png\" alt=\"\" width=\"69\" height=\"16\" \/> 19:30 &#8211; 22:00, Fri 30 Nov<\/h3>\n<p style=\"font-size: 13px; color: #534438; line-height: 20px; margin: 0; padding-top: 0;\">Cucina Italian Restaurant, Kings Court, Parnell Street, Dublin 1<\/p>\n<table width=\"100%\" cellspacing=\"0\" cellpadding=\"0\">\n<tbody>\n<tr>\n<td valign=\"top\">\n<div style=\"font-size: 13px; color: #534438; line-height: 20px;\">\n<p style=\"margin: 10px 0;\">A weekly Jazz gig takes place on Fridays and on Saturdays in the Italian Restaurant Cucina. Cucina has only 35 seats, so table bookings are advisable. This Friday: Declan Murray<\/p>\n<\/div>\n<div style=\"font-size: 13px; color: #534438; line-height: 20px;\"><\/div>\n<p style=\"font-size: 13px; color: #534438; line-height: 20px;\"><a style=\"color: #cc2979; text-decoration: none;\" href=\"http:\/\/www.cucinarestaurant.ie\/\">http:\/\/www.cucinarestaurant.ie\/<\/a><\/p>\n<\/td>\n<td valign=\"top\"><\/td>\n<\/tr>\n<\/tbody>\n<\/table>\n<\/td>\n<\/tr>\n<\/tbody>\n<\/table>\n<\/td>\n<\/tr>\n<\/tbody>\n<\/table>\n<table width=\"100%\" cellspacing=\"0\" cellpadding=\"0\">\n<tbody>\n<tr>\n<td style=\"padding: 10px 30px;\">\n<table width=\"100%\" cellspacing=\"0\" cellpadding=\"0\">\n<tbody>\n<tr>\n<td valign=\"top\" width=\"52\"><img loading=\"lazy\" decoding=\"async\" src=\"http:\/\/dublineventguide.com\/dff\/admin\/images\/categories\/MUSIC.png\" alt=\"\" width=\"32\" height=\"32\" \/><\/td>\n<td>\n<h2 style=\"font-size: 16px; color: #534438; margin: 0 0 5px; font-weight: normal;\">Jazz at the Radisson<\/h2>\n<h3 style=\"font-size: 13px; margin: 0; padding: 0; line-height: 16px; color: #534438;\"><img loading=\"lazy\" decoding=\"async\" style=\"display: inline; float: left;\" src=\"http:\/\/dublineventguide.com\/dff\/admin\/images\/weekly.png\" alt=\"\" width=\"69\" height=\"16\" \/> 19:30 &#8211; 21:30, Fri 30 Nov<\/h3>\n<p style=\"font-size: 13px; color: #534438; line-height: 20px; margin: 0; padding-top: 0;\">Radisson Hotel, Golden Lane, Dublin 2<\/p>\n<table width=\"100%\" cellspacing=\"0\" cellpadding=\"0\">\n<tbody>\n<tr>\n<td valign=\"top\">\n<div style=\"font-size: 13px; color: #534438; line-height: 20px;\">\n<p style=\"margin: 10px 0;\">A Jazz Session will take place in the in the Radisson Hotel. This Friday: KEvin Morrow Duo<\/p>\n<\/div>\n<div style=\"font-size: 13px; color: #534438; line-height: 20px;\"><\/div>\n<\/td>\n<td valign=\"top\"><\/td>\n<\/tr>\n<\/tbody>\n<\/table>\n<\/td>\n<\/tr>\n<\/tbody>\n<\/table>\n<\/td>\n<\/tr>\n<\/tbody>\n<\/table>\n<table width=\"100%\" cellspacing=\"0\" cellpadding=\"0\">\n<tbody>\n<tr>\n<td style=\"padding: 10px 30px;\">\n<table width=\"100%\" cellspacing=\"0\" cellpadding=\"0\">\n<tbody>\n<tr>\n<td valign=\"top\" width=\"52\"><img loading=\"lazy\" decoding=\"async\" src=\"http:\/\/dublineventguide.com\/dff\/admin\/images\/categories\/ACTIVITY.png\" alt=\"\" width=\"32\" height=\"32\" \/><\/td>\n<td>\n<h2 style=\"font-size: 16px; color: #534438; margin: 0 0 5px; font-weight: normal;\">Astronomy Ireland Telescope Nights<\/h2>\n<h3 style=\"font-size: 13px; margin: 0; padding: 0; line-height: 16px; color: #534438;\"><img loading=\"lazy\" decoding=\"async\" style=\"display: inline; float: left;\" src=\"http:\/\/dublineventguide.com\/dff\/admin\/images\/weekly.png\" alt=\"\" width=\"69\" height=\"16\" \/> 20:00, Fri 30 Nov<\/h3>\n<p style=\"font-size: 13px; color: #534438; line-height: 20px; margin: 0; padding-top: 0;\">Astronomy Ireland, Unit A8 Airside Enterprise Park, Swords, Co Dublin<\/p>\n<table width=\"100%\" cellspacing=\"0\" cellpadding=\"0\">\n<tbody>\n<tr>\n<td valign=\"top\">\n<div style=\"font-size: 13px; color: #534438; line-height: 20px;\">\n<p style=\"margin: 10px 0;\">Astronomy Ireland&#8217;s weekly free telescope nights are beginning again, and will take place each Friday night at 20:00 if the weather permits. Check the website below for a weather forecast and to find out what you will be able to see at the telescope night. The focus will be on Jupiter and Moon.<\/p>\n<\/div>\n<div style=\"font-size: 13px; color: #534438; line-height: 20px;\"><\/div>\n<p style=\"font-size: 13px; color: #534438; line-height: 20px;\"><a style=\"color: #cc2979; text-decoration: none;\" href=\"http:\/\/astronomy.ie\/scopenight.php\">http:\/\/astronomy.ie\/scopenight.php<\/a><\/p>\n<\/td>\n<td valign=\"top\"><\/td>\n<\/tr>\n<\/tbody>\n<\/table>\n<\/td>\n<\/tr>\n<\/tbody>\n<\/table>\n<\/td>\n<\/tr>\n<\/tbody>\n<\/table>\n<table width=\"100%\" cellspacing=\"0\" cellpadding=\"0\">\n<tbody>\n<tr>\n<td style=\"padding: 10px 30px;\">\n<table width=\"100%\" cellspacing=\"0\" cellpadding=\"0\">\n<tbody>\n<tr>\n<td valign=\"top\" width=\"52\"><img loading=\"lazy\" decoding=\"async\" src=\"http:\/\/dublineventguide.com\/dff\/admin\/images\/categories\/MUSIC.png\" alt=\"\" width=\"32\" height=\"32\" \/><\/td>\n<td>\n<h2 style=\"font-size: 16px; color: #534438; margin: 0 0 5px; font-weight: normal;\">Hotclub of Dublin<\/h2>\n<h3 style=\"font-size: 13px; margin: 0; padding: 0; line-height: 16px; color: #534438;\">21:00, Fri 30 Nov<\/h3>\n<p style=\"font-size: 13px; color: #534438; line-height: 20px; margin: 0; padding-top: 0;\">Patriot&#8217;s Inn, 760 South Circular Road, Kilmainham, Dublin 8<\/p>\n<table width=\"100%\" cellspacing=\"0\" cellpadding=\"0\">\n<tbody>\n<tr>\n<td valign=\"top\">\n<div style=\"font-size: 13px; color: #534438; line-height: 20px;\">\n<p style=\"margin: 10px 0;\">A Django Reinhardt-style band<\/p>\n<\/div>\n<div style=\"font-size: 13px; color: #534438; line-height: 20px;\"><\/div>\n<p style=\"font-size: 13px; color: #534438; line-height: 20px;\"><a style=\"color: #cc2979; text-decoration: none;\" href=\"http:\/\/patriotsinn.com\/extcal\/calendar.php#\">http:\/\/patriotsinn.com\/extcal\/calendar.php#<\/a><\/p>\n<\/td>\n<td valign=\"top\"><\/td>\n<\/tr>\n<\/tbody>\n<\/table>\n<\/td>\n<\/tr>\n<\/tbody>\n<\/table>\n<\/td>\n<\/tr>\n<\/tbody>\n<\/table>\n<table width=\"100%\" cellspacing=\"0\" cellpadding=\"0\">\n<tbody>\n<tr>\n<td style=\"padding: 10px 30px;\">\n<table width=\"100%\" cellspacing=\"0\" cellpadding=\"0\">\n<tbody>\n<tr>\n<td valign=\"top\" width=\"52\"><img loading=\"lazy\" decoding=\"async\" src=\"http:\/\/dublineventguide.com\/dff\/admin\/images\/categories\/MUSIC.png\" alt=\"\" width=\"32\" height=\"32\" \/><\/td>\n<td>\n<h2 style=\"font-size: 16px; color: #534438; margin: 0 0 5px; font-weight: normal;\">Live Music &#8211; Stillorgan Orchard<\/h2>\n<h3 style=\"font-size: 13px; margin: 0; padding: 0; line-height: 16px; color: #534438;\"><img loading=\"lazy\" decoding=\"async\" style=\"display: inline; float: left;\" src=\"http:\/\/dublineventguide.com\/dff\/admin\/images\/weekly.png\" alt=\"\" width=\"69\" height=\"16\" \/> 21:00, Fri 30 Nov<\/h3>\n<p style=\"font-size: 13px; color: #534438; line-height: 20px; margin: 0; padding-top: 0;\">Stillorgan Orchard, The Hill, Stillorgan, Co. Dublin<\/p>\n<table width=\"100%\" cellspacing=\"0\" cellpadding=\"0\">\n<tbody>\n<tr>\n<td valign=\"top\">\n<div style=\"font-size: 13px; color: #534438; line-height: 20px;\">\n<p style=\"margin: 10px 0;\">The Stillorgan Orchard provides regular live music. The upcoming gigs are: Fri 30 Nov: Eades &amp; Redmond, Sat 01 Dec: Dead Ringer.<\/p>\n<\/div>\n<div style=\"font-size: 13px; color: #534438; line-height: 20px;\"><\/div>\n<p style=\"font-size: 13px; color: #534438; line-height: 20px;\"><a style=\"color: #cc2979; text-decoration: none;\" href=\"http:\/\/www.stillorganorchard.com\/live_music.html\">http:\/\/www.stillorganorchard.com\/live_music.html<\/a><\/p>\n<\/td>\n<td valign=\"top\"><\/td>\n<\/tr>\n<\/tbody>\n<\/table>\n<\/td>\n<\/tr>\n<\/tbody>\n<\/table>\n<\/td>\n<\/tr>\n<\/tbody>\n<\/table>\n<table width=\"100%\" cellspacing=\"0\" cellpadding=\"0\">\n<tbody>\n<tr>\n<td style=\"padding: 10px 30px;\">\n<table width=\"100%\" cellspacing=\"0\" cellpadding=\"0\">\n<tbody>\n<tr>\n<td valign=\"top\" width=\"52\"><img loading=\"lazy\" decoding=\"async\" src=\"http:\/\/dublineventguide.com\/dff\/admin\/images\/categories\/MUSIC.png\" alt=\"\" width=\"32\" height=\"32\" \/><\/td>\n<td>\n<h2 style=\"font-size: 16px; color: #534438; margin: 0 0 5px; font-weight: normal;\">The Bionic Rats<\/h2>\n<h3 style=\"font-size: 13px; margin: 0; padding: 0; line-height: 16px; color: #534438;\"><img loading=\"lazy\" decoding=\"async\" style=\"display: inline; float: left;\" src=\"http:\/\/dublineventguide.com\/dff\/admin\/images\/weekly.png\" alt=\"\" width=\"69\" height=\"16\" \/> 21:00, Fri 30 Nov<\/h3>\n<p style=\"font-size: 13px; color: #534438; line-height: 20px; margin: 0; padding-top: 0;\">Sin \u00c9, 14 Ormond Quay, Dublin 1<\/p>\n<table width=\"100%\" cellspacing=\"0\" cellpadding=\"0\">\n<tbody>\n<tr>\n<td valign=\"top\">\n<div style=\"font-size: 13px; color: #534438; line-height: 20px;\">\n<p style=\"margin: 10px 0;\">The Bionic Rats play live Reggae and Ska every Friday in Sin \u00c9. Admission is free.<\/p>\n<\/div>\n<div style=\"font-size: 13px; color: #534438; line-height: 20px;\"><\/div>\n<p style=\"font-size: 13px; color: #534438; line-height: 20px;\"><a style=\"color: #cc2979; text-decoration: none;\" href=\"http:\/\/thebionicrats.bandcamp.com\/\">http:\/\/thebionicrats.bandcamp.com\/<\/a><\/p>\n<\/td>\n<td valign=\"top\"><\/td>\n<\/tr>\n<\/tbody>\n<\/table>\n<\/td>\n<\/tr>\n<\/tbody>\n<\/table>\n<\/td>\n<\/tr>\n<\/tbody>\n<\/table>\n<table id=\"day_1354320000\" style=\"margin-top: 10px;\" width=\"100%\" cellspacing=\"0\" cellpadding=\"0\">\n<tbody>\n<tr style=\"background-color: #c20162; color: #fff;\">\n<td style=\"padding: 0; line-height: 1; height: 34px; overflow: hidden;\">\n<p style=\"width: 630px; padding-left: 30px; margin: 0; height: 34px; overflow: hidden; line-height: 34px;\"><a name=\"day_1354320000\"><\/a><strong>Saturday <\/strong> 01 Dec<\/p>\n<\/td>\n<td>\n<p style=\"margin: 0; line-height: 34px; padding: 0; font-size: 13px;\"><a style=\"color: #fff; text-decoration: none;\" href=\"#dff_top\">back to top<\/a><\/p>\n<\/td>\n<td>\n<p style=\"margin: 0; padding: 0; font-size: 13px;\"><a style=\"color: #fff; text-decoration: none;\" href=\"#dff_top\"><img loading=\"lazy\" decoding=\"async\" src=\"http:\/\/dublineventguide.com\/dff\/admin\/images\/dividers\/date_toplink.png\" alt=\"Back to top\" width=\"38\" height=\"34\" \/><\/a><\/p>\n<\/td>\n<td width=\"50\"><\/td>\n<\/tr>\n<\/tbody>\n<\/table>\n<table width=\"100%\" cellspacing=\"0\" cellpadding=\"0\">\n<tbody>\n<tr>\n<td style=\"padding: 10px 30px;\">\n<table width=\"100%\" cellspacing=\"0\" cellpadding=\"0\">\n<tbody>\n<tr>\n<td valign=\"top\" width=\"52\"><img loading=\"lazy\" decoding=\"async\" src=\"http:\/\/dublineventguide.com\/dff\/admin\/images\/categories\/MARKETS.png\" alt=\"\" width=\"32\" height=\"32\" \/><\/td>\n<td>\n<h2 style=\"font-size: 16px; color: #534438; margin: 0 0 5px; font-weight: normal;\">Car Boot Sales &#8211; Tallaght<\/h2>\n<h3 style=\"font-size: 13px; margin: 0; padding: 0; line-height: 16px; color: #534438;\"><img loading=\"lazy\" decoding=\"async\" style=\"display: inline; float: left;\" src=\"http:\/\/dublineventguide.com\/dff\/admin\/images\/weekly.png\" alt=\"\" width=\"69\" height=\"16\" \/> 08:00 &#8211; 12:00, Sat 01 Dec<\/h3>\n<p style=\"font-size: 13px; color: #534438; line-height: 20px; margin: 0; padding-top: 0;\">Tallaght Stadium, Whitestown Way, Tallaght, Co. Dublin<\/p>\n<table width=\"100%\" cellspacing=\"0\" cellpadding=\"0\">\n<tbody>\n<tr>\n<td valign=\"top\">\n<div style=\"font-size: 13px; color: #534438; line-height: 20px;\">\n<p style=\"margin: 10px 0;\">A weekly car boot sale, one of less than a handful that is still reliably taking place, has up to 200 cars\/sellers. The stadium is just a few minutes walk from the Red LUAS line stop and numerous bus stops. For traders the Car Boot Sale opens at 06:30 for buyers from 08:00. If you are interested in selling, check the details and register on their website.<\/p>\n<\/div>\n<div style=\"font-size: 13px; color: #534438; line-height: 20px;\"><\/div>\n<p style=\"font-size: 13px; color: #534438; line-height: 20px;\"><a style=\"color: #cc2979; text-decoration: none;\" href=\"http:\/\/www.irishcarboot.ie\/\">http:\/\/www.irishcarboot.ie\/<\/a><\/p>\n<\/td>\n<td valign=\"top\"><\/td>\n<\/tr>\n<\/tbody>\n<\/table>\n<\/td>\n<\/tr>\n<\/tbody>\n<\/table>\n<\/td>\n<\/tr>\n<\/tbody>\n<\/table>\n<table width=\"100%\" cellspacing=\"0\" cellpadding=\"0\">\n<tbody>\n<tr>\n<td style=\"padding: 10px 30px;\">\n<table width=\"100%\" cellspacing=\"0\" cellpadding=\"0\">\n<tbody>\n<tr>\n<td valign=\"top\" width=\"52\"><img loading=\"lazy\" decoding=\"async\" src=\"http:\/\/dublineventguide.com\/dff\/admin\/images\/categories\/ACTIVITY.png\" alt=\"\" width=\"32\" height=\"32\" \/><\/td>\n<td>\n<h2 style=\"font-size: 16px; color: #534438; margin: 0 0 5px; font-weight: normal;\">Deutschland f\u00fcr Anf\u00e4nger \/ Germany for Beginners<\/h2>\n<h3 style=\"font-size: 13px; margin: 0; padding: 0; line-height: 16px; color: #534438;\">09:00 &#8211; 17:00, Sat 01 Dec<\/h3>\n<p style=\"font-size: 13px; color: #534438; line-height: 20px; margin: 0; padding-top: 0;\">County Hall, Marine Road, Dun Laoghaire, Co. Dublin<\/p>\n<table width=\"100%\" cellspacing=\"0\" cellpadding=\"0\">\n<tbody>\n<tr>\n<td valign=\"top\">\n<div style=\"font-size: 13px; color: #534438; line-height: 20px;\">\n<p style=\"margin: 10px 0;\">This is a exhibition for students learning German at schools and universities. The exhibition is structured around the 26 letters of the alphabet with each of them representing something typical from Germany. During the week the exhibition is available for students and there are only two public viewing dates, this Sat and again on 08 Dec.<\/p>\n<\/div>\n<div style=\"font-size: 13px; color: #534438; line-height: 20px;\"><\/div>\n<p style=\"font-size: 13px; color: #534438; line-height: 20px;\"><a style=\"color: #cc2979; text-decoration: none;\" href=\"http:\/\/www.goethe.de\/ins\/ie\/dub\/ver\/en10142191v.htm\">http:\/\/www.goethe.de\/ins\/ie\/dub\/ver\/en10142191v.htm<\/a><\/p>\n<\/td>\n<td valign=\"top\"><\/td>\n<\/tr>\n<\/tbody>\n<\/table>\n<\/td>\n<\/tr>\n<\/tbody>\n<\/table>\n<\/td>\n<\/tr>\n<\/tbody>\n<\/table>\n<table width=\"100%\" cellspacing=\"0\" cellpadding=\"0\">\n<tbody>\n<tr>\n<td style=\"padding: 10px 30px;\">\n<table width=\"100%\" cellspacing=\"0\" cellpadding=\"0\">\n<tbody>\n<tr>\n<td valign=\"top\" width=\"52\"><img loading=\"lazy\" decoding=\"async\" src=\"http:\/\/dublineventguide.com\/dff\/admin\/images\/categories\/MARKETS.png\" alt=\"\" width=\"32\" height=\"32\" \/><\/td>\n<td>\n<h2 style=\"font-size: 16px; color: #534438; margin: 0 0 5px; font-weight: normal;\">Dublin Food Co-op<\/h2>\n<h3 style=\"font-size: 13px; margin: 0; padding: 0; line-height: 16px; color: #534438;\"><img loading=\"lazy\" decoding=\"async\" style=\"display: inline; float: left;\" src=\"http:\/\/dublineventguide.com\/dff\/admin\/images\/weekly.png\" alt=\"\" width=\"69\" height=\"16\" \/> 09:30 &#8211; 16:30, Sat 01 Dec<\/h3>\n<p style=\"font-size: 13px; color: #534438; line-height: 20px; margin: 0; padding-top: 0;\">Dublin Food Co-op, 12 Newmarket Square, Dublin 8<\/p>\n<table width=\"100%\" cellspacing=\"0\" cellpadding=\"0\">\n<tbody>\n<tr>\n<td valign=\"top\">\n<div style=\"font-size: 13px; color: #534438; line-height: 20px;\">\n<p style=\"margin: 10px 0;\">The Dublin Food Co-op is open every Saturday at Newmarket for organic wholefoods and sustainable household products, plus over a dozen producer stalls offering organic fruit and veg., baked goods, dairy produce, wines, hot and cold food, etc. The Co-op is also open on Thursdays 12:00-20:00.<\/p>\n<\/div>\n<div style=\"font-size: 13px; color: #534438; line-height: 20px;\"><\/div>\n<p style=\"font-size: 13px; color: #534438; line-height: 20px;\"><a style=\"color: #cc2979; text-decoration: none;\" href=\"http:\/\/www.dublinfood.coop\">http:\/\/www.dublinfood.coop<\/a><\/p>\n<\/td>\n<td valign=\"top\"><\/td>\n<\/tr>\n<\/tbody>\n<\/table>\n<\/td>\n<\/tr>\n<\/tbody>\n<\/table>\n<\/td>\n<\/tr>\n<\/tbody>\n<\/table>\n<table width=\"100%\" cellspacing=\"0\" cellpadding=\"0\">\n<tbody>\n<tr>\n<td style=\"padding: 10px 30px;\">\n<table width=\"100%\" cellspacing=\"0\" cellpadding=\"0\">\n<tbody>\n<tr>\n<td valign=\"top\" width=\"52\"><img loading=\"lazy\" decoding=\"async\" src=\"http:\/\/dublineventguide.com\/dff\/admin\/images\/categories\/MARKETS.png\" alt=\"\" width=\"32\" height=\"32\" \/><\/td>\n<td>\n<h2 style=\"font-size: 16px; color: #534438; margin: 0 0 5px; font-weight: normal;\">Honest2Goodness Food Market<\/h2>\n<h3 style=\"font-size: 13px; margin: 0; padding: 0; line-height: 16px; color: #534438;\"><img loading=\"lazy\" decoding=\"async\" style=\"display: inline; float: left;\" src=\"http:\/\/dublineventguide.com\/dff\/admin\/images\/weekly.png\" alt=\"\" width=\"69\" height=\"16\" \/> 09:30 &#8211; 16:00, Sat 01 Dec<\/h3>\n<p style=\"font-size: 13px; color: #534438; line-height: 20px; margin: 0; padding-top: 0;\">Honest2goodness, 136 Slaney Close, Dublin Industrial Estate, Glasnevin, Dublin 11<\/p>\n<table width=\"100%\" cellspacing=\"0\" cellpadding=\"0\">\n<tbody>\n<tr>\n<td valign=\"top\">\n<div style=\"font-size: 13px; color: #534438; line-height: 20px;\">\n<p style=\"margin: 10px 0;\">The weekly Honest2goodness food market in Glasnevin has fresh meat, vegetables, fish, baked goods, and wines. It is open from 09:30-16:00. It is behind Lidl in the Industrial Estate just after the Glasnevin Cemetary coming from the City Centre.<\/p>\n<\/div>\n<div style=\"font-size: 13px; color: #534438; line-height: 20px;\"><\/div>\n<p style=\"font-size: 13px; color: #534438; line-height: 20px;\"><a style=\"color: #cc2979; text-decoration: none;\" href=\"http:\/\/www.honest2goodness.ie\">http:\/\/www.honest2goodness.ie<\/a><\/p>\n<\/td>\n<td valign=\"top\"><\/td>\n<\/tr>\n<\/tbody>\n<\/table>\n<\/td>\n<\/tr>\n<\/tbody>\n<\/table>\n<\/td>\n<\/tr>\n<\/tbody>\n<\/table>\n<table width=\"100%\" cellspacing=\"0\" cellpadding=\"0\">\n<tbody>\n<tr>\n<td style=\"padding: 10px 30px;\">\n<table width=\"100%\" cellspacing=\"0\" cellpadding=\"0\">\n<tbody>\n<tr>\n<td valign=\"top\" width=\"52\"><img loading=\"lazy\" decoding=\"async\" src=\"http:\/\/dublineventguide.com\/dff\/admin\/images\/categories\/MARKETS.png\" alt=\"\" width=\"32\" height=\"32\" \/><\/td>\n<td>\n<h2 style=\"font-size: 16px; color: #534438; margin: 0 0 5px; font-weight: normal;\">SuperNatural Food Market<\/h2>\n<h3 style=\"font-size: 13px; margin: 0; padding: 0; line-height: 16px; color: #534438;\"><img loading=\"lazy\" decoding=\"async\" style=\"display: inline; float: left;\" src=\"http:\/\/dublineventguide.com\/dff\/admin\/images\/weekly.png\" alt=\"\" width=\"69\" height=\"16\" \/> 09:30 &#8211; 15:30, Sat 01 Dec<\/h3>\n<p style=\"font-size: 13px; color: #534438; line-height: 20px; margin: 0; padding-top: 0;\">St. Andrews Resource Centre, 114 Pearse Street, Dublin 2<\/p>\n<table width=\"100%\" cellspacing=\"0\" cellpadding=\"0\">\n<tbody>\n<tr>\n<td valign=\"top\">\n<div style=\"font-size: 13px; color: #534438; line-height: 20px;\">\n<p style=\"margin: 10px 0;\">The SuperNatural Food Market is taking place every Saturday from 09:30-15:30 in St. Andrews Resource Centre in Pearse Street, Dublin 2.<\/p>\n<\/div>\n<div style=\"font-size: 13px; color: #534438; line-height: 20px;\"><\/div>\n<p style=\"font-size: 13px; color: #534438; line-height: 20px;\"><a style=\"color: #cc2979; text-decoration: none;\" href=\"http:\/\/www.supernatural.ie\">http:\/\/www.supernatural.ie<\/a><\/p>\n<\/td>\n<td valign=\"top\"><\/td>\n<\/tr>\n<\/tbody>\n<\/table>\n<\/td>\n<\/tr>\n<\/tbody>\n<\/table>\n<\/td>\n<\/tr>\n<\/tbody>\n<\/table>\n<table width=\"100%\" cellspacing=\"0\" cellpadding=\"0\">\n<tbody>\n<tr>\n<td style=\"padding: 10px 30px;\">\n<table width=\"100%\" cellspacing=\"0\" cellpadding=\"0\">\n<tbody>\n<tr>\n<td valign=\"top\" width=\"52\"><img loading=\"lazy\" decoding=\"async\" src=\"http:\/\/dublineventguide.com\/dff\/admin\/images\/categories\/MARKETS.png\" alt=\"\" width=\"32\" height=\"32\" \/><\/td>\n<td>\n<h2 style=\"font-size: 16px; color: #534438; margin: 0 0 5px; font-weight: normal;\">Christmas Craft Fair<\/h2>\n<h3 style=\"font-size: 13px; margin: 0; padding: 0; line-height: 16px; color: #534438;\">10:00 &#8211; 16:00, Sat 01 Dec<\/h3>\n<p style=\"font-size: 13px; color: #534438; line-height: 20px; margin: 0; padding-top: 0;\">South County Dublin Library, The Square, Tallaght, Dublin 24<\/p>\n<table width=\"100%\" cellspacing=\"0\" cellpadding=\"0\">\n<tbody>\n<tr>\n<td valign=\"top\">\n<div style=\"font-size: 13px; color: #534438; line-height: 20px;\">\n<p style=\"margin: 10px 0;\">A Christmas Craft Fair at the County Library is takin gplace this weekend with over 35 stalls\/tables.<\/p>\n<p style=\"margin: 10px 0;\">Among others, the craft tables include: homemade ice-cream, fresh cakes, beauty products, on site manicures, patchwork, crochet &amp; knitted items, pixie pots, woodturning, jewellery, framing, fresh flowers and hand painted glassware.<\/p>\n<\/div>\n<div style=\"font-size: 13px; color: #534438; line-height: 20px;\"><\/div>\n<p style=\"font-size: 13px; color: #534438; line-height: 20px;\"><a style=\"color: #cc2979; text-decoration: none;\" href=\"http:\/\/www.southdublinlibraries.ie\/news\/2012\/11\/christmas-craft-fair-county-library\">http:\/\/www.southdublinlibraries.ie\/news\/2012\/11\/christmas-craft-fair-county-library<\/a><\/p>\n<\/td>\n<td valign=\"top\"><\/td>\n<\/tr>\n<\/tbody>\n<\/table>\n<\/td>\n<\/tr>\n<\/tbody>\n<\/table>\n<\/td>\n<\/tr>\n<\/tbody>\n<\/table>\n<table width=\"100%\" cellspacing=\"0\" cellpadding=\"0\">\n<tbody>\n<tr>\n<td style=\"padding: 10px 30px;\">\n<table width=\"100%\" cellspacing=\"0\" cellpadding=\"0\">\n<tbody>\n<tr>\n<td valign=\"top\" width=\"52\"><img loading=\"lazy\" decoding=\"async\" src=\"http:\/\/dublineventguide.com\/dff\/admin\/images\/categories\/MARKETS.png\" alt=\"\" width=\"32\" height=\"32\" \/><\/td>\n<td>\n<h2 style=\"font-size: 16px; color: #534438; margin: 0 0 5px; font-weight: normal;\">Christmas on the Square<\/h2>\n<h3 style=\"font-size: 13px; margin: 0; padding: 0; line-height: 16px; color: #534438;\">10:00 &#8211; 18:00, Sat 01 Dec<\/h3>\n<p style=\"font-size: 13px; color: #534438; line-height: 20px; margin: 0; padding-top: 0;\">Irish Architectural Archives, 45 Merrion Square, Dublin 2<\/p>\n<table width=\"100%\" cellspacing=\"0\" cellpadding=\"0\">\n<tbody>\n<tr>\n<td valign=\"top\">\n<div style=\"font-size: 13px; color: #534438; line-height: 20px;\">\n<p style=\"margin: 10px 0;\">The Irish Architectural Archive will be the venue for the &#8220;Christmas on the Square&#8221; Pop-up market, which will be run for one day only. More than 25 stalls will sell gifts, seasonal treats and artisan food. Admission is free.<\/p>\n<\/div>\n<div style=\"font-size: 13px; color: #534438; line-height: 20px;\"><\/div>\n<p style=\"font-size: 13px; color: #534438; line-height: 20px;\"><a style=\"color: #cc2979; text-decoration: none;\" href=\"http:\/\/merrionsquare.ie\/index.php\/merrion-square-pop-up-shop\/\">http:\/\/merrionsquare.ie\/index.php\/merrion-square-pop-up-shop\/<\/a><\/p>\n<\/td>\n<td valign=\"top\"><\/td>\n<\/tr>\n<\/tbody>\n<\/table>\n<\/td>\n<\/tr>\n<\/tbody>\n<\/table>\n<\/td>\n<\/tr>\n<\/tbody>\n<\/table>\n<table width=\"100%\" cellspacing=\"0\" cellpadding=\"0\">\n<tbody>\n<tr>\n<td style=\"padding: 10px 30px;\">\n<table width=\"100%\" cellspacing=\"0\" cellpadding=\"0\">\n<tbody>\n<tr>\n<td valign=\"top\" width=\"52\"><img loading=\"lazy\" decoding=\"async\" src=\"http:\/\/dublineventguide.com\/dff\/admin\/images\/categories\/ACTIVITY.png\" alt=\"\" width=\"32\" height=\"32\" \/><\/td>\n<td>\n<h2 style=\"font-size: 16px; color: #534438; margin: 0 0 5px; font-weight: normal;\">Farmleigh House Christmas Events<\/h2>\n<h3 style=\"font-size: 13px; margin: 0; padding: 0; line-height: 16px; color: #534438;\">10:00 &#8211; 17:00, Sat 01 Dec<\/h3>\n<p style=\"font-size: 13px; color: #534438; line-height: 20px; margin: 0; padding-top: 0;\">Farmleigh House, Castleknock end of Phoenix Park, Dublin 15<\/p>\n<table width=\"100%\" cellspacing=\"0\" cellpadding=\"0\">\n<tbody>\n<tr>\n<td valign=\"top\">\n<div style=\"font-size: 13px; color: #534438; line-height: 20px;\">\n<p style=\"margin: 10px 0;\">Farmleigh House is celebrating Christmas with a whole range of events at every weekend in December.<\/p>\n<p style=\"margin: 10px 0;\">This Saturday the Food Market will take place from 10:00-17:00 and there is a Festive Crib. In addition there are Muppet Shows (12:00+13:45+15:30) and Storytelling events (12:45+14:30+16:15) for children and Carol Singing with the choir of the Alliance Francaise (13:30-15:30) and Barbershop Melodies with The Mellowchords (14:00-16:00) for the whole family.<\/p>\n<p style=\"margin: 10px 0;\">Admission to all events is free.<\/p>\n<\/div>\n<div style=\"font-size: 13px; color: #534438; line-height: 20px;\"><\/div>\n<p style=\"font-size: 13px; color: #534438; line-height: 20px;\"><a style=\"color: #cc2979; text-decoration: none;\" href=\"http:\/\/www.farmleigh.ie\/Events\/Title,22813,en.html\">http:\/\/www.farmleigh.ie\/Events\/Title,22813,en.html<\/a><\/p>\n<\/td>\n<td valign=\"top\"><\/td>\n<\/tr>\n<\/tbody>\n<\/table>\n<\/td>\n<\/tr>\n<\/tbody>\n<\/table>\n<\/td>\n<\/tr>\n<\/tbody>\n<\/table>\n<table width=\"100%\" cellspacing=\"0\" cellpadding=\"0\">\n<tbody>\n<tr>\n<td style=\"padding: 10px 30px;\">\n<table width=\"100%\" cellspacing=\"0\" cellpadding=\"0\">\n<tbody>\n<tr>\n<td valign=\"top\" width=\"52\"><img loading=\"lazy\" decoding=\"async\" src=\"http:\/\/dublineventguide.com\/dff\/admin\/images\/categories\/MARKETS.png\" alt=\"\" width=\"32\" height=\"32\" \/><\/td>\n<td>\n<h2 style=\"font-size: 16px; color: #534438; margin: 0 0 5px; font-weight: normal;\">Jamestown Market<\/h2>\n<h3 style=\"font-size: 13px; margin: 0; padding: 0; line-height: 16px; color: #534438;\"><img loading=\"lazy\" decoding=\"async\" style=\"display: inline; float: left;\" src=\"http:\/\/dublineventguide.com\/dff\/admin\/images\/weekly.png\" alt=\"\" width=\"69\" height=\"16\" \/> 10:00 &#8211; 17:00, Sat 01 Dec<\/h3>\n<p style=\"font-size: 13px; color: #534438; line-height: 20px; margin: 0; padding-top: 0;\">Jamestown Market, 90 Jamestown Road, Inchicore, Dublin 8<\/p>\n<table width=\"100%\" cellspacing=\"0\" cellpadding=\"0\">\n<tbody>\n<tr>\n<td valign=\"top\">\n<div style=\"font-size: 13px; color: #534438; line-height: 20px;\">\n<p style=\"margin: 10px 0;\">Jamestown Flea Market + Car Boot Sale takes place every Sat+Sun from 10:00-17:00. You can reach it from Tyrconnell Road and from Kylemore Road and it is within 3 min from Black Horse stop on the red Luas line. There is free parking.<\/p>\n<\/div>\n<div style=\"font-size: 13px; color: #534438; line-height: 20px;\"><\/div>\n<p style=\"font-size: 13px; color: #534438; line-height: 20px;\"><a style=\"color: #cc2979; text-decoration: none;\" href=\"http:\/\/www.jamestownmarket.com\/\">http:\/\/www.jamestownmarket.com\/<\/a><\/p>\n<\/td>\n<td valign=\"top\"><\/td>\n<\/tr>\n<\/tbody>\n<\/table>\n<\/td>\n<\/tr>\n<\/tbody>\n<\/table>\n<\/td>\n<\/tr>\n<\/tbody>\n<\/table>\n<table width=\"100%\" cellspacing=\"0\" cellpadding=\"0\">\n<tbody>\n<tr>\n<td style=\"padding: 10px 30px;\">\n<table width=\"100%\" cellspacing=\"0\" cellpadding=\"0\">\n<tbody>\n<tr>\n<td valign=\"top\" width=\"52\"><img loading=\"lazy\" decoding=\"async\" src=\"http:\/\/dublineventguide.com\/dff\/admin\/images\/categories\/MARKETS.png\" alt=\"\" width=\"32\" height=\"32\" \/><\/td>\n<td>\n<h2 style=\"font-size: 16px; color: #534438; margin: 0 0 5px; font-weight: normal;\">Merchants Market<\/h2>\n<h3 style=\"font-size: 13px; margin: 0; padding: 0; line-height: 16px; color: #534438;\"><img loading=\"lazy\" decoding=\"async\" style=\"display: inline; float: left;\" src=\"http:\/\/dublineventguide.com\/dff\/admin\/images\/weekly.png\" alt=\"\" width=\"69\" height=\"16\" \/> 10:00 &#8211; 16:00, Sat 01 Dec<\/h3>\n<p style=\"font-size: 13px; color: #534438; line-height: 20px; margin: 0; padding-top: 0;\">Merchants Yard, East Wall Road, Dublin 3<\/p>\n<table width=\"100%\" cellspacing=\"0\" cellpadding=\"0\">\n<tbody>\n<tr>\n<td valign=\"top\">\n<div style=\"font-size: 13px; color: #534438; line-height: 20px;\">\n<p style=\"margin: 10px 0;\">The Merchants Market on East Wall Road is a relatively new weekly market on Saturdays and Sundays with more than 80 stalls. There is everything from furniture and antiques to paintings and mirrors, electronics and hot food to bicycles and buns. Sounds interesting and I will check it out over the coming weeks. It is just a few minutes walk away from the Point Theatre\/O2 (walk in the direction of the Port Tunnel). http:\/\/www.facebook.com\/merchantsindoormarket<\/p>\n<\/div>\n<div style=\"font-size: 13px; color: #534438; line-height: 20px;\"><\/div>\n<p style=\"font-size: 13px; color: #534438; line-height: 20px;\"><a style=\"color: #cc2979; text-decoration: none;\" href=\"http:\/\/www.merchantsmarket.ie\/\">http:\/\/www.merchantsmarket.ie\/<\/a><\/p>\n<\/td>\n<td valign=\"top\"><\/td>\n<\/tr>\n<\/tbody>\n<\/table>\n<\/td>\n<\/tr>\n<\/tbody>\n<\/table>\n<\/td>\n<\/tr>\n<\/tbody>\n<\/table>\n<table width=\"100%\" cellspacing=\"0\" cellpadding=\"0\">\n<tbody>\n<tr>\n<td style=\"padding: 10px 30px;\">\n<table width=\"100%\" cellspacing=\"0\" cellpadding=\"0\">\n<tbody>\n<tr>\n<td valign=\"top\" width=\"52\"><img loading=\"lazy\" decoding=\"async\" src=\"http:\/\/dublineventguide.com\/dff\/admin\/images\/categories\/MARKETS.png\" alt=\"\" width=\"32\" height=\"32\" \/><\/td>\n<td>\n<h2 style=\"font-size: 16px; color: #534438; margin: 0 0 5px; font-weight: normal;\">Mother Redcap&#8217;s Indoor Market<\/h2>\n<h3 style=\"font-size: 13px; margin: 0; padding: 0; line-height: 16px; color: #534438;\"><img loading=\"lazy\" decoding=\"async\" style=\"display: inline; float: left;\" src=\"http:\/\/dublineventguide.com\/dff\/admin\/images\/weekly.png\" alt=\"\" width=\"69\" height=\"16\" \/> 10:00 &#8211; 17:30, Sat 01 Dec<\/h3>\n<p style=\"font-size: 13px; color: #534438; line-height: 20px; margin: 0; padding-top: 0;\">Unit 95, Malahide Road Industrial Park, Malahide Road, Coolock, Dublin 17<\/p>\n<table width=\"100%\" cellspacing=\"0\" cellpadding=\"0\">\n<tbody>\n<tr>\n<td valign=\"top\">\n<div style=\"font-size: 13px; color: #534438; line-height: 20px;\">\n<p style=\"margin: 10px 0;\">An indoor market in Coolock with over 40 traders with a wide range of goods and a caf\u00e9 on site as well.<\/p>\n<\/div>\n<div style=\"font-size: 13px; color: #534438; line-height: 20px;\"><\/div>\n<p style=\"font-size: 13px; color: #534438; line-height: 20px;\"><a style=\"color: #cc2979; text-decoration: none;\" href=\"https:\/\/www.facebook.com\/MotherRedcaps.Market\">https:\/\/www.facebook.com\/MotherRedcaps.Market<\/a><\/p>\n<\/td>\n<td valign=\"top\"><\/td>\n<\/tr>\n<\/tbody>\n<\/table>\n<\/td>\n<\/tr>\n<\/tbody>\n<\/table>\n<\/td>\n<\/tr>\n<\/tbody>\n<\/table>\n<table width=\"100%\" cellspacing=\"0\" cellpadding=\"0\">\n<tbody>\n<tr>\n<td style=\"padding: 10px 30px;\">\n<table width=\"100%\" cellspacing=\"0\" cellpadding=\"0\">\n<tbody>\n<tr>\n<td valign=\"top\" width=\"52\"><img loading=\"lazy\" decoding=\"async\" src=\"http:\/\/dublineventguide.com\/dff\/admin\/images\/categories\/MARKETS.png\" alt=\"\" width=\"32\" height=\"32\" \/><\/td>\n<td>\n<h2 style=\"font-size: 16px; color: #534438; margin: 0 0 5px; font-weight: normal;\">Temple Bar Food Market<\/h2>\n<h3 style=\"font-size: 13px; margin: 0; padding: 0; line-height: 16px; color: #534438;\"><img loading=\"lazy\" decoding=\"async\" style=\"display: inline; float: left;\" src=\"http:\/\/dublineventguide.com\/dff\/admin\/images\/weekly.png\" alt=\"\" width=\"69\" height=\"16\" \/> 10:00 &#8211; 16:30, Sat 01 Dec<\/h3>\n<p style=\"font-size: 13px; color: #534438; line-height: 20px; margin: 0; padding-top: 0;\">Meeting House Square, Temple Bar, Dublin 2<\/p>\n<table width=\"100%\" cellspacing=\"0\" cellpadding=\"0\">\n<tbody>\n<tr>\n<td valign=\"top\">\n<div style=\"font-size: 13px; color: #534438; line-height: 20px;\">\n<p style=\"margin: 10px 0;\">The Temple Bar Markets (Food Market on Meeting House Square, Book Market on Temple Bar Square and the Designer Mart near Cow&#8217;s Lane) are taking place every Saturday from 10:00-16:30.<\/p>\n<\/div>\n<div style=\"font-size: 13px; color: #534438; line-height: 20px;\"><\/div>\n<p style=\"font-size: 13px; color: #534438; line-height: 20px;\"><a style=\"color: #cc2979; text-decoration: none;\" href=\"http:\/\/www.templebar.ie\">http:\/\/www.templebar.ie<\/a><\/p>\n<\/td>\n<td valign=\"top\"><\/td>\n<\/tr>\n<\/tbody>\n<\/table>\n<\/td>\n<\/tr>\n<\/tbody>\n<\/table>\n<\/td>\n<\/tr>\n<\/tbody>\n<\/table>\n<table width=\"100%\" cellspacing=\"0\" cellpadding=\"0\">\n<tbody>\n<tr>\n<td style=\"padding: 10px 30px;\">\n<table width=\"100%\" cellspacing=\"0\" cellpadding=\"0\">\n<tbody>\n<tr>\n<td valign=\"top\" width=\"52\"><img loading=\"lazy\" decoding=\"async\" src=\"http:\/\/dublineventguide.com\/dff\/admin\/images\/categories\/ACTIVITY.png\" alt=\"\" width=\"32\" height=\"32\" \/><\/td>\n<td>\n<h2 style=\"font-size: 16px; color: #534438; margin: 0 0 5px; font-weight: normal;\">&#8220;My Favourites&#8221; &#8211; Walking Tour<\/h2>\n<h3 style=\"font-size: 13px; margin: 0; padding: 0; line-height: 16px; color: #534438;\"><img loading=\"lazy\" decoding=\"async\" style=\"display: inline; float: left;\" src=\"http:\/\/dublineventguide.com\/dff\/admin\/images\/weekly.png\" alt=\"\" width=\"69\" height=\"16\" \/> 11:00 &#8211; 13:00, Sat 01 Dec<\/h3>\n<p style=\"font-size: 13px; color: #534438; line-height: 20px; margin: 0; padding-top: 0;\">Spire, O&#8217;Connell Street, Dublin 1<\/p>\n<table width=\"100%\" cellspacing=\"0\" cellpadding=\"0\">\n<tbody>\n<tr>\n<td valign=\"top\">\n<div style=\"font-size: 13px; color: #534438; line-height: 20px;\">\n<p style=\"margin: 10px 0;\">&#8220;These Are a Few of My Favourite Things&#8221; is the title of a Walking Tour that Emily Gallagher will run every Saturday. It will be an Alternative Arts and Culture Trail and she will bring you to &#8220;Dublin\u2019s Best Cafes, Bars, Markets, Unusual Stores, Galleries, Theatres, Arts Spaces, and more! And hear some tales you\u2019ve never heard before!&#8221;<\/p>\n<p style=\"margin: 10px 0;\">Meeting point is at the Spire. The tours are free but donations are welcome and booking is recommended via egaldog@gmail.com or 085-2725095<\/p>\n<\/div>\n<div style=\"font-size: 13px; color: #534438; line-height: 20px;\"><\/div>\n<\/td>\n<td valign=\"top\"><\/td>\n<\/tr>\n<\/tbody>\n<\/table>\n<\/td>\n<\/tr>\n<\/tbody>\n<\/table>\n<\/td>\n<\/tr>\n<\/tbody>\n<\/table>\n<table width=\"100%\" cellspacing=\"0\" cellpadding=\"0\">\n<tbody>\n<tr>\n<td style=\"padding: 10px 30px;\">\n<table width=\"100%\" cellspacing=\"0\" cellpadding=\"0\">\n<tbody>\n<tr>\n<td valign=\"top\" width=\"52\"><img loading=\"lazy\" decoding=\"async\" src=\"http:\/\/dublineventguide.com\/dff\/admin\/images\/categories\/MARKETS.png\" alt=\"\" width=\"32\" height=\"32\" \/><\/td>\n<td>\n<h2 style=\"font-size: 16px; color: #534438; margin: 0 0 5px; font-weight: normal;\">Blackrock Market<\/h2>\n<h3 style=\"font-size: 13px; margin: 0; padding: 0; line-height: 16px; color: #534438;\"><img loading=\"lazy\" decoding=\"async\" style=\"display: inline; float: left;\" src=\"http:\/\/dublineventguide.com\/dff\/admin\/images\/weekly.png\" alt=\"\" width=\"69\" height=\"16\" \/> 11:00 &#8211; 17:30, Sat 01 Dec<\/h3>\n<p style=\"font-size: 13px; color: #534438; line-height: 20px; margin: 0; padding-top: 0;\">Blackrock Market, 19 Main Street, Blackrock, Co. Dublin<\/p>\n<table width=\"100%\" cellspacing=\"0\" cellpadding=\"0\">\n<tbody>\n<tr>\n<td valign=\"top\">\n<div style=\"font-size: 13px; color: #534438; line-height: 20px;\">\n<p>At the Blackrock Market in the centre of Blackrock, you&#8217;ll find 50 stalls selling collectibles, antiques, handmade goods, books, food &amp; there&#8217;s free popcorn, ballons &amp; facepainting for the kids.<br \/>\nOpen on Saturdays and Bank Holidays: 11:00-17:30, and Sundays: 12:00-17:30.<\/p>\n<\/div>\n<div style=\"font-size: 13px; color: #534438; line-height: 20px;\"><\/div>\n<p style=\"font-size: 13px; color: #534438; line-height: 20px;\"><a style=\"color: #cc2979; text-decoration: none;\" href=\"http:\/\/www.blackrockmarket.com\/\">http:\/\/www.blackrockmarket.com\/<\/a><\/p>\n<\/td>\n<td valign=\"top\"><\/td>\n<\/tr>\n<\/tbody>\n<\/table>\n<\/td>\n<\/tr>\n<\/tbody>\n<\/table>\n<\/td>\n<\/tr>\n<\/tbody>\n<\/table>\n<table width=\"100%\" cellspacing=\"0\" cellpadding=\"0\">\n<tbody>\n<tr>\n<td style=\"padding: 10px 30px;\">\n<table width=\"100%\" cellspacing=\"0\" cellpadding=\"0\">\n<tbody>\n<tr>\n<td valign=\"top\" width=\"52\"><img loading=\"lazy\" decoding=\"async\" src=\"http:\/\/dublineventguide.com\/dff\/admin\/images\/categories\/LITERATURE.png\" alt=\"\" width=\"32\" height=\"32\" \/><\/td>\n<td>\n<h2 style=\"font-size: 16px; color: #534438; margin: 0 0 5px; font-weight: normal;\">Brent Pope &#8211; Book Signing<\/h2>\n<h3 style=\"font-size: 13px; margin: 0; padding: 0; line-height: 16px; color: #534438;\">11:00, Sat 01 Dec<\/h3>\n<p style=\"font-size: 13px; color: #534438; line-height: 20px; margin: 0; padding-top: 0;\">Dubray Books, 36 Grafton Street, Dublin 2<\/p>\n<table width=\"100%\" cellspacing=\"0\" cellpadding=\"0\">\n<tbody>\n<tr>\n<td valign=\"top\">\n<div style=\"font-size: 13px; color: #534438; line-height: 20px;\">\n<p style=\"margin: 10px 0;\">Brent Pope will be signing copies of his new autobiography &#8220;If You Really Knew Me&#8221; at Dubray Books. All are welcome.<\/p>\n<\/div>\n<div style=\"font-size: 13px; color: #534438; line-height: 20px;\"><\/div>\n<p style=\"font-size: 13px; color: #534438; line-height: 20px;\"><a style=\"color: #cc2979; text-decoration: none;\" href=\"http:\/\/www.dubraybooks.ie\/news.asp?\">http:\/\/www.dubraybooks.ie\/news.asp?<\/a><\/p>\n<\/td>\n<td valign=\"top\"><\/td>\n<\/tr>\n<\/tbody>\n<\/table>\n<\/td>\n<\/tr>\n<\/tbody>\n<\/table>\n<\/td>\n<\/tr>\n<\/tbody>\n<\/table>\n<table width=\"100%\" cellspacing=\"0\" cellpadding=\"0\">\n<tbody>\n<tr>\n<td style=\"padding: 10px 30px;\">\n<table width=\"100%\" cellspacing=\"0\" cellpadding=\"0\">\n<tbody>\n<tr>\n<td valign=\"top\" width=\"52\"><img loading=\"lazy\" decoding=\"async\" src=\"http:\/\/dublineventguide.com\/dff\/admin\/images\/categories\/MARKETS.png\" alt=\"\" width=\"32\" height=\"32\" \/><\/td>\n<td>\n<h2 style=\"font-size: 16px; color: #534438; margin: 0 0 5px; font-weight: normal;\">Christ Church Christmas Market<\/h2>\n<h3 style=\"font-size: 13px; margin: 0; padding: 0; line-height: 16px; color: #534438;\">11:00 &#8211; 17:00, Sat 01 Dec<\/h3>\n<p style=\"font-size: 13px; color: #534438; line-height: 20px; margin: 0; padding-top: 0;\">Christ Church Cathedral, Christchurch Place, Dublin 8<\/p>\n<table width=\"100%\" cellspacing=\"0\" cellpadding=\"0\">\n<tbody>\n<tr>\n<td valign=\"top\">\n<div style=\"font-size: 13px; color: #534438; line-height: 20px;\">\n<p style=\"margin: 10px 0;\">The crypt of Christ Church will be the venue for the probably smallest Christmas market in Dublin again. But nevertheless there is something special about this market. It is a cool venue and if you have a few minutes, give it a go.There will be craft produce and presents and the crypt also has the Christ Church Cafe where you can warm up between your different Christmas Market visits. Admission is free. The Christmas market will take place on the four Saturdays before Christmas.<\/p>\n<\/div>\n<div style=\"font-size: 13px; color: #534438; line-height: 20px;\"><\/div>\n<p style=\"font-size: 13px; color: #534438; line-height: 20px;\"><a style=\"color: #cc2979; text-decoration: none;\" href=\"http:\/\/www.christchurchdublin.ie\/News---Events\/Christmas-Market-2012.htm\">http:\/\/www.christchurchdublin.ie\/News&#8212;Events\/Christmas-Market-2012.htm<\/a><\/p>\n<\/td>\n<td valign=\"top\"><\/td>\n<\/tr>\n<\/tbody>\n<\/table>\n<\/td>\n<\/tr>\n<\/tbody>\n<\/table>\n<\/td>\n<\/tr>\n<\/tbody>\n<\/table>\n<table width=\"100%\" cellspacing=\"0\" cellpadding=\"0\">\n<tbody>\n<tr>\n<td style=\"padding: 10px 30px;\">\n<table width=\"100%\" cellspacing=\"0\" cellpadding=\"0\">\n<tbody>\n<tr>\n<td valign=\"top\" width=\"52\"><img loading=\"lazy\" decoding=\"async\" src=\"http:\/\/dublineventguide.com\/dff\/admin\/images\/categories\/MARKETS.png\" alt=\"\" width=\"32\" height=\"32\" \/><\/td>\n<td>\n<h2 style=\"font-size: 16px; color: #534438; margin: 0 0 5px; font-weight: normal;\">Dublin Art Book Fair<\/h2>\n<h3 style=\"font-size: 13px; margin: 0; padding: 0; line-height: 16px; color: #534438;\">11:00 &#8211; 18:00, Sat 01 Dec<\/h3>\n<p style=\"font-size: 13px; color: #534438; line-height: 20px; margin: 0; padding-top: 0;\">Temple Bar Gallery + Studios, 5-9 Temple Bar, Dublin 2<\/p>\n<table width=\"100%\" cellspacing=\"0\" cellpadding=\"0\">\n<tbody>\n<tr>\n<td valign=\"top\">\n<div style=\"font-size: 13px; color: #534438; line-height: 20px;\">\n<p style=\"margin: 10px 0;\">Temple Bar Gallery + Studios has invited 30 of the most exciting publishers of art books from around the world to take part in the second edition of the Dublin Art Book Fair. The Fair will feature Irish and internationally based art book publishers, including publishers from Germany, Norway, UK, USA, Canada, Korea and Luxembourg.<\/p>\n<p style=\"margin: 10px 0;\">The fair presents a chance for art book lovers to find unusual \u2018zines, catalogues and artist books that are not normally found in Ireland. A special section of artists\u2019 books will feature self-published texts, catalogues and projects including handmade books, alongside a programme of daily readings and talks by invited speakers and publishers.<\/p>\n<\/div>\n<div style=\"font-size: 13px; color: #534438; line-height: 20px;\"><\/div>\n<p style=\"font-size: 13px; color: #534438; line-height: 20px;\"><a style=\"color: #cc2979; text-decoration: none;\" href=\"http:\/\/www.templebargallery.com\/gallery\/exhibition\/dublin-art-book-fair-2012\">http:\/\/www.templebargallery.com\/gallery\/exhibition\/dublin-art-book-fair-2012<\/a><\/p>\n<\/td>\n<td valign=\"top\"><\/td>\n<\/tr>\n<\/tbody>\n<\/table>\n<\/td>\n<\/tr>\n<\/tbody>\n<\/table>\n<\/td>\n<\/tr>\n<\/tbody>\n<\/table>\n<table width=\"100%\" cellspacing=\"0\" cellpadding=\"0\">\n<tbody>\n<tr>\n<td style=\"padding: 10px 30px;\">\n<table width=\"100%\" cellspacing=\"0\" cellpadding=\"0\">\n<tbody>\n<tr>\n<td valign=\"top\" width=\"52\"><img loading=\"lazy\" decoding=\"async\" src=\"http:\/\/dublineventguide.com\/dff\/admin\/images\/categories\/ACTIVITY.png\" alt=\"\" width=\"32\" height=\"32\" \/><\/td>\n<td>\n<h2 style=\"font-size: 16px; color: #534438; margin: 0 0 5px; font-weight: normal;\">Jingle Bells 5k Run<\/h2>\n<h3 style=\"font-size: 13px; margin: 0; padding: 0; line-height: 16px; color: #534438;\">11:00, Sat 01 Dec<\/h3>\n<p style=\"font-size: 13px; color: #534438; line-height: 20px; margin: 0; padding-top: 0;\">Phoenix Park, Dublin 8<\/p>\n<table width=\"100%\" cellspacing=\"0\" cellpadding=\"0\">\n<tbody>\n<tr>\n<td valign=\"top\">\n<div style=\"font-size: 13px; color: #534438; line-height: 20px;\">\n<p style=\"margin: 10px 0;\">Like all runs, the Jingle Bell Run is not a free event, but it might be a spectacle that you want to watch. Expect 1,500 runners, many of them in Santa gear or with Santa hats.The race starts on Acres Road and finishes very near Chapelizod Gates. Start and Finish are very close to each other. There don&#8217;t seem to be any other events around the race. All sponsorship from this charity run goes to Debra Ireland.<\/p>\n<p style=\"margin: 10px 0;\">There will be road closures in Phoenix Park between 10:00 and 12:30.<\/p>\n<\/div>\n<div style=\"font-size: 13px; color: #534438; line-height: 20px;\"><\/div>\n<p style=\"font-size: 13px; color: #534438; line-height: 20px;\"><a style=\"color: #cc2979; text-decoration: none;\" href=\"http:\/\/www.donoreharriers.com\/home_nav_9.html\">http:\/\/www.donoreharriers.com\/home_nav_9.html<\/a><\/p>\n<\/td>\n<td valign=\"top\"><\/td>\n<\/tr>\n<\/tbody>\n<\/table>\n<\/td>\n<\/tr>\n<\/tbody>\n<\/table>\n<\/td>\n<\/tr>\n<\/tbody>\n<\/table>\n<table width=\"100%\" cellspacing=\"0\" cellpadding=\"0\">\n<tbody>\n<tr>\n<td style=\"padding: 10px 30px;\">\n<table width=\"100%\" cellspacing=\"0\" cellpadding=\"0\">\n<tbody>\n<tr>\n<td valign=\"top\" width=\"52\"><img loading=\"lazy\" decoding=\"async\" src=\"http:\/\/dublineventguide.com\/dff\/admin\/images\/categories\/ART.png\" alt=\"\" width=\"32\" height=\"32\" \/><\/td>\n<td>\n<h2 style=\"font-size: 16px; color: #534438; margin: 0 0 5px; font-weight: normal;\">People&#8217;s Art Exhibition<\/h2>\n<h3 style=\"font-size: 13px; margin: 0; padding: 0; line-height: 16px; color: #534438;\">11:00 &#8211; 17:00, Sat 01 Dec<\/h3>\n<p style=\"font-size: 13px; color: #534438; line-height: 20px; margin: 0; padding-top: 0;\">St. Stephen&#8217;s Green, Dublin 2<\/p>\n<table width=\"100%\" cellspacing=\"0\" cellpadding=\"0\">\n<tbody>\n<tr>\n<td valign=\"top\">\n<div style=\"font-size: 13px; color: #534438; line-height: 20px;\">\n<p style=\"margin: 10px 0;\">Five times this year the \u201cPeople\u2019s Art 2012&#8243; exhibition will take place. It is an art exhibition on the rails\/fence of St. Stephen\u2019s Green. If you want to exhibit at one of the events in the future, check the website for cost and conditions. Visiting the People\u2019s Art Exhibition is free. Specific start and end times are not defined, but exhibition space has to be occupied by 11:00, so 11:00 is the latest start time. The event runs from Friday until Sunday, but Sat+Sun will most likely be the main days. THis exhibition is the last for the year and is specifically targetting the Christmas customer. There will be all kinds or paintings and other \u201changable\u201d art for sale.<\/p>\n<p style=\"margin: 10px 0;\">People\u2019s Art Dublin is a voluntary, part time, non profit making group, brought together by Dublin City Council to promote the visual arts to the public of Dublin. A huge variety of art\/paintings are displayed and if the weather is nice it is a great art-filled stroll around Stephen\u2019s Green. Definitely recommended!<\/p>\n<\/div>\n<div style=\"font-size: 13px; color: #534438; line-height: 20px;\"><\/div>\n<p style=\"font-size: 13px; color: #534438; line-height: 20px;\"><a style=\"color: #cc2979; text-decoration: none;\" href=\"http:\/\/www.peoplesart.ie\/\">http:\/\/www.peoplesart.ie\/<\/a><\/p>\n<\/td>\n<td valign=\"top\"><\/td>\n<\/tr>\n<\/tbody>\n<\/table>\n<\/td>\n<\/tr>\n<\/tbody>\n<\/table>\n<\/td>\n<\/tr>\n<\/tbody>\n<\/table>\n<table width=\"100%\" cellspacing=\"0\" cellpadding=\"0\">\n<tbody>\n<tr>\n<td style=\"padding: 10px 30px;\">\n<table width=\"100%\" cellspacing=\"0\" cellpadding=\"0\">\n<tbody>\n<tr>\n<td valign=\"top\" width=\"52\"><img loading=\"lazy\" decoding=\"async\" src=\"http:\/\/dublineventguide.com\/dff\/admin\/images\/categories\/MARKETS.png\" alt=\"\" width=\"32\" height=\"32\" \/><\/td>\n<td>\n<h2 style=\"font-size: 16px; color: #534438; margin: 0 0 5px; font-weight: normal;\">The Ferocious Mingle Market<\/h2>\n<h3 style=\"font-size: 13px; margin: 0; padding: 0; line-height: 16px; color: #534438;\"><img loading=\"lazy\" decoding=\"async\" style=\"display: inline; float: left;\" src=\"http:\/\/dublineventguide.com\/dff\/admin\/images\/weekly.png\" alt=\"\" width=\"69\" height=\"16\" \/> 11:00 &#8211; 18:00, Sat 01 Dec<\/h3>\n<p style=\"font-size: 13px; color: #534438; line-height: 20px; margin: 0; padding-top: 0;\">72 Thomas Street (between the Vicar St venue &amp; Cafe Notto), Dublin 8<\/p>\n<table width=\"100%\" cellspacing=\"0\" cellpadding=\"0\">\n<tbody>\n<tr>\n<td valign=\"top\">\n<div style=\"font-size: 13px; color: #534438; line-height: 20px;\">\n<p style=\"margin: 10px 0;\">The Ferocious Mingle Market takes place every Thursday, Friday, Saturday AND Sunday. On Sunday it is a fancy dress market. It&#8217;s a flea-market type permanent market with stalls and &#8220;chalets&#8221; for traders. The Oscar Verne Caf\u00e9 and (at least at the weekends) live music adds even more character.<\/p>\n<p style=\"margin: 10px 0;\">The location of the new indoor market is 72 Thomas Street (between the Vicar St venue &amp; Cafe Notto) an opening hours are 11:00-18:00. There is also a Caf\u00e9, the Oscar Verne Caf\u00e9, open for business at the market.<\/p>\n<\/div>\n<div style=\"font-size: 13px; color: #534438; line-height: 20px;\"><\/div>\n<p style=\"font-size: 13px; color: #534438; line-height: 20px;\"><a style=\"color: #cc2979; text-decoration: none;\" href=\"https:\/\/www.facebook.com\/mingle.mkt\">https:\/\/www.facebook.com\/mingle.mkt<\/a><\/p>\n<\/td>\n<td valign=\"top\"><\/td>\n<\/tr>\n<\/tbody>\n<\/table>\n<\/td>\n<\/tr>\n<\/tbody>\n<\/table>\n<\/td>\n<\/tr>\n<\/tbody>\n<\/table>\n<table width=\"100%\" cellspacing=\"0\" cellpadding=\"0\">\n<tbody>\n<tr>\n<td style=\"padding: 10px 30px;\">\n<table width=\"100%\" cellspacing=\"0\" cellpadding=\"0\">\n<tbody>\n<tr>\n<td valign=\"top\" width=\"52\"><img loading=\"lazy\" decoding=\"async\" src=\"http:\/\/dublineventguide.com\/dff\/admin\/images\/categories\/ACTIVITY.png\" alt=\"\" width=\"32\" height=\"32\" \/><\/td>\n<td>\n<h2 style=\"font-size: 16px; color: #534438; margin: 0 0 5px; font-weight: normal;\">Moving Crib<\/h2>\n<h3 style=\"font-size: 13px; margin: 0; padding: 0; line-height: 16px; color: #534438;\">11:30 &#8211; 18:00, Sat 01 Dec<\/h3>\n<p style=\"font-size: 13px; color: #534438; line-height: 20px; margin: 0; padding-top: 0;\">Saint Martin\u2019s Apostolate, 42 Parnell Square, Dublin 1<\/p>\n<table width=\"100%\" cellspacing=\"0\" cellpadding=\"0\">\n<tbody>\n<tr>\n<td valign=\"top\">\n<div style=\"font-size: 13px; color: #534438; line-height: 20px;\">\n<p style=\"margin: 10px 0;\">The Moving Crib in St. Martin Apostolate has fascinated generations of children from Dublin and all over Ireland and 50 years after it first began, it still draws the crowds. The Moving Crib is like an expanded Nativity Play going back to Adam and Eve and finishing after the crib scene with the young Jesus teaching the Doctors in the Temple. There are over 100 figures in the Crib arranged in 14 different tableaux. They cover various episodes of the Old and New Testament. The figures are about a metre high, moulded in papier-mache and dressed in miniature clothes. Concealed motors control the movements of the arms, head and legs. All figures, motors, clothing etc. come from a firm in Germany.<\/p>\n<p style=\"margin: 10px 0;\">Four events take place each day, running for 30 minutes. Unfortunately I wasn&#8217;t able to find out yet when these four events take place. The opening hours are Weekdays: 14:00-18:00 and Weekends: 11:30-18:00 from 26 Nov-06 Jan. Admission is free.<\/p>\n<\/div>\n<div style=\"font-size: 13px; color: #534438; line-height: 20px;\"><\/div>\n<p style=\"font-size: 13px; color: #534438; line-height: 20px;\"><a style=\"color: #cc2979; text-decoration: none;\" href=\"http:\/\/www.stmartin.ie\">http:\/\/www.stmartin.ie<\/a><\/p>\n<\/td>\n<td valign=\"top\"><\/td>\n<\/tr>\n<\/tbody>\n<\/table>\n<\/td>\n<\/tr>\n<\/tbody>\n<\/table>\n<\/td>\n<\/tr>\n<\/tbody>\n<\/table>\n<table width=\"100%\" cellspacing=\"0\" cellpadding=\"0\">\n<tbody>\n<tr>\n<td style=\"padding: 10px 30px;\">\n<table width=\"100%\" cellspacing=\"0\" cellpadding=\"0\">\n<tbody>\n<tr>\n<td valign=\"top\" width=\"52\"><img loading=\"lazy\" decoding=\"async\" src=\"http:\/\/dublineventguide.com\/dff\/admin\/images\/categories\/TALKS.png\" alt=\"\" width=\"32\" height=\"32\" \/><\/td>\n<td>\n<h2 style=\"font-size: 16px; color: #534438; margin: 0 0 5px; font-weight: normal;\">National Gallery Talks<\/h2>\n<h3 style=\"font-size: 13px; margin: 0; padding: 0; line-height: 16px; color: #534438;\"><img loading=\"lazy\" decoding=\"async\" style=\"display: inline; float: left;\" src=\"http:\/\/dublineventguide.com\/dff\/admin\/images\/weekly.png\" alt=\"\" width=\"69\" height=\"16\" \/> 11:30 &#8211; 16:50, Sat 01 Dec<\/h3>\n<p style=\"font-size: 13px; color: #534438; line-height: 20px; margin: 0; padding-top: 0;\">National Gallery, Clare Street, Dublin 2<\/p>\n<table width=\"100%\" cellspacing=\"0\" cellpadding=\"0\">\n<tbody>\n<tr>\n<td valign=\"top\">\n<div style=\"font-size: 13px; color: #534438; line-height: 20px;\">\n<p style=\"margin: 10px 0;\">The National Gallery has an extensive programme of free talks, public tours and Art Documentary screenings focusing on highlights of the European and Irish Collection every day of the week. Check their website for details.<\/p>\n<\/div>\n<div style=\"font-size: 13px; color: #534438; line-height: 20px;\"><\/div>\n<p style=\"font-size: 13px; color: #534438; line-height: 20px;\"><a style=\"color: #cc2979; text-decoration: none;\" href=\"http:\/\/nationalgallery.ie\/whatson\">http:\/\/nationalgallery.ie\/whatson<\/a><\/p>\n<\/td>\n<td valign=\"top\"><\/td>\n<\/tr>\n<\/tbody>\n<\/table>\n<\/td>\n<\/tr>\n<\/tbody>\n<\/table>\n<\/td>\n<\/tr>\n<\/tbody>\n<\/table>\n<table width=\"100%\" cellspacing=\"0\" cellpadding=\"0\">\n<tbody>\n<tr>\n<td style=\"padding: 10px 30px;\">\n<table width=\"100%\" cellspacing=\"0\" cellpadding=\"0\">\n<tbody>\n<tr>\n<td valign=\"top\" width=\"52\"><img loading=\"lazy\" decoding=\"async\" src=\"http:\/\/dublineventguide.com\/dff\/admin\/images\/categories\/MARKETS.png\" alt=\"\" width=\"32\" height=\"32\" \/><\/td>\n<td>\n<h2 style=\"font-size: 16px; color: #534438; margin: 0 0 5px; font-weight: normal;\">Christmas Market &#8211; Alliance Francaise<\/h2>\n<h3 style=\"font-size: 13px; margin: 0; padding: 0; line-height: 16px; color: #534438;\">12:00 &#8211; 17:00, Sat 01 Dec<\/h3>\n<p style=\"font-size: 13px; color: #534438; line-height: 20px; margin: 0; padding-top: 0;\">Alliance Francaise, 1 Kildare Street, Dublin 2<\/p>\n<table width=\"100%\" cellspacing=\"0\" cellpadding=\"0\">\n<tbody>\n<tr>\n<td valign=\"top\">\n<div style=\"font-size: 13px; color: #534438; line-height: 20px;\">\n<p style=\"margin: 10px 0;\">The 5th French Christmas Market will take place at the Alliance Fran\u00e7aise this Saturday. Stands will be selling an array of Christmas presents: wine, chocolates, foie gras, biscuits from Brittany, B\u00fbche de No\u00ebl &#8211; the traditional yule log, French delicatessen, jewellery, cosmetics, accessories, books, magazines and more. And the Alliance Francaise cafe &#8220;La Cocotte&#8221; will serve vin chaud and a special Christmas menu.<\/p>\n<p style=\"margin: 10px 0;\">Admission is free and all are welcome.<\/p>\n<\/div>\n<div style=\"font-size: 13px; color: #534438; line-height: 20px;\"><\/div>\n<p style=\"font-size: 13px; color: #534438; line-height: 20px;\"><a style=\"color: #cc2979; text-decoration: none;\" href=\"http:\/\/alliance-francaise.ie\/culture\/\">http:\/\/alliance-francaise.ie\/culture\/<\/a><\/p>\n<\/td>\n<td valign=\"top\"><\/td>\n<\/tr>\n<\/tbody>\n<\/table>\n<\/td>\n<\/tr>\n<\/tbody>\n<\/table>\n<\/td>\n<\/tr>\n<\/tbody>\n<\/table>\n<table width=\"100%\" cellspacing=\"0\" cellpadding=\"0\">\n<tbody>\n<tr>\n<td style=\"padding: 10px 30px;\">\n<table width=\"100%\" cellspacing=\"0\" cellpadding=\"0\">\n<tbody>\n<tr>\n<td valign=\"top\" width=\"52\"><img loading=\"lazy\" decoding=\"async\" src=\"http:\/\/dublineventguide.com\/dff\/admin\/images\/categories\/KIDS.png\" alt=\"\" width=\"32\" height=\"32\" \/><\/td>\n<td>\n<h2 style=\"font-size: 16px; color: #534438; margin: 0 0 5px; font-weight: normal;\">Dun Laoghaire Christmas Festival &#8211; Fireworks<\/h2>\n<h3 style=\"font-size: 13px; margin: 0; padding: 0; line-height: 16px; color: #534438;\">12:00, Sat 01 Dec<\/h3>\n<p style=\"font-size: 13px; color: #534438; line-height: 20px; margin: 0; padding-top: 0;\">Dun Laoghaire (various locations)<\/p>\n<table width=\"100%\" cellspacing=\"0\" cellpadding=\"0\">\n<tbody>\n<tr>\n<td valign=\"top\">\n<div style=\"font-size: 13px; color: #534438; line-height: 20px;\">\n<p style=\"margin: 10px 0;\">The Dun Laoghaire Christmas Festival will run from Sat 01 Dec until 01 Jan. It starts on Saturday at 12:00 with the opening of &#8220;Santa&#8217;s Arctic Kingdom&#8221; in the Dun Laoghaire Shopping Centre. The Arctic Kingodm (EUR 10 per child &#8211; includes gift and photo) is an adventure trip for children from the South Pole to the North Pole to help Santa in his workshop.<\/p>\n<p style=\"margin: 10px 0;\">At 17:15 the Christmas Festival will be launched officially on the Harbour Plaza (Santa will arrive on a Harley Davidson) and this will be followed by a Fireworks display. (no admission charge)<\/p>\n<p style=\"margin: 10px 0;\">Other events over the next weeks: On 07 Dec a huge Ice Slide opens at the Harbour Plaza, on Sun 08 Dec Ice Sculptures will be carved live and on 13 Dec the Christmas Market opens. There will be numerous other events (FOUR fireworks display in total) and I will include them all here in the next few weeks when they happen!<\/p>\n<\/div>\n<div style=\"font-size: 13px; color: #534438; line-height: 20px;\"><\/div>\n<p style=\"font-size: 13px; color: #534438; line-height: 20px;\"><a style=\"color: #cc2979; text-decoration: none;\" href=\"http:\/\/www.dunlaoghaire.ie\/christmas-festival\/\">http:\/\/www.dunlaoghaire.ie\/christmas-festival\/<\/a><\/p>\n<\/td>\n<td valign=\"top\"><\/td>\n<\/tr>\n<\/tbody>\n<\/table>\n<\/td>\n<\/tr>\n<\/tbody>\n<\/table>\n<\/td>\n<\/tr>\n<\/tbody>\n<\/table>\n<table width=\"100%\" cellspacing=\"0\" cellpadding=\"0\">\n<tbody>\n<tr>\n<td style=\"padding: 10px 30px;\">\n<table width=\"100%\" cellspacing=\"0\" cellpadding=\"0\">\n<tbody>\n<tr>\n<td valign=\"top\" width=\"52\"><img loading=\"lazy\" decoding=\"async\" src=\"http:\/\/dublineventguide.com\/dff\/admin\/images\/categories\/KIDS.png\" alt=\"\" width=\"32\" height=\"32\" \/><\/td>\n<td>\n<h2 style=\"font-size: 16px; color: #534438; margin: 0 0 5px; font-weight: normal;\">Festive Family Fun Day<\/h2>\n<h3 style=\"font-size: 13px; margin: 0; padding: 0; line-height: 16px; color: #534438;\">12:00 &#8211; 16:00, Sat 01 Dec<\/h3>\n<p style=\"font-size: 13px; color: #534438; line-height: 20px; margin: 0; padding-top: 0;\">Pembroke Cricket Club, Park Avenue, Sandymount, Dublin 4<\/p>\n<table width=\"100%\" cellspacing=\"0\" cellpadding=\"0\">\n<tbody>\n<tr>\n<td valign=\"top\">\n<div style=\"font-size: 13px; color: #534438; line-height: 20px;\">\n<p style=\"margin: 10px 0;\">Dublin 4 Educate Together have received confirmation that a new primary school will be provided by the Department of Education and they are inviting to a Family Fun Day to spread the word and to allow parents to pre-enrol their children and to learn about the campaign for a an opening day of September 2014.<\/p>\n<p style=\"margin: 10px 0;\">At the Fun Day there will be Live Music, Kids Arts &amp; Crafts, Santa, Creative Dance, Raffle, Food and Drink, Face Painting and you can buy your Christmas Tree there. Admission is free.<\/p>\n<\/div>\n<div style=\"font-size: 13px; color: #534438; line-height: 20px;\"><\/div>\n<p style=\"font-size: 13px; color: #534438; line-height: 20px;\"><a style=\"color: #cc2979; text-decoration: none;\" href=\"http:\/\/dublin4educatetogether.ie\/\">http:\/\/dublin4educatetogether.ie\/<\/a><\/p>\n<\/td>\n<td valign=\"top\"><\/td>\n<\/tr>\n<\/tbody>\n<\/table>\n<\/td>\n<\/tr>\n<\/tbody>\n<\/table>\n<\/td>\n<\/tr>\n<\/tbody>\n<\/table>\n<table width=\"100%\" cellspacing=\"0\" cellpadding=\"0\">\n<tbody>\n<tr>\n<td style=\"padding: 10px 30px;\">\n<table width=\"100%\" cellspacing=\"0\" cellpadding=\"0\">\n<tbody>\n<tr>\n<td valign=\"top\" width=\"52\"><img loading=\"lazy\" decoding=\"async\" src=\"http:\/\/dublineventguide.com\/dff\/admin\/images\/categories\/MARKETS.png\" alt=\"\" width=\"32\" height=\"32\" \/><\/td>\n<td>\n<h2 style=\"font-size: 16px; color: #534438; margin: 0 0 5px; font-weight: normal;\">Ha&#8217;penny Flea Market<\/h2>\n<h3 style=\"font-size: 13px; margin: 0; padding: 0; line-height: 16px; color: #534438;\"><img loading=\"lazy\" decoding=\"async\" style=\"display: inline; float: left;\" src=\"http:\/\/dublineventguide.com\/dff\/admin\/images\/weekly.png\" alt=\"\" width=\"69\" height=\"16\" \/> 12:00 &#8211; 18:00, Sat 01 Dec<\/h3>\n<p style=\"font-size: 13px; color: #534438; line-height: 20px; margin: 0; padding-top: 0;\">Grand Social, 35 Lower Liffey Street (near Ha&#8217;Penny Bridge), Dublin 1<\/p>\n<table width=\"100%\" cellspacing=\"0\" cellpadding=\"0\">\n<tbody>\n<tr>\n<td valign=\"top\">\n<div style=\"font-size: 13px; color: #534438; line-height: 20px;\">\n<p style=\"margin: 10px 0;\">The weekly Ha&#8217;penny Flea Market is an indoor market in the Grand Social Pub, which offers vintage Men and Women&#8217;s clothing, contemporary crafts, books, DVDs, vinyl records, vintage and handmade jewellery, vintage hair styles, art, photography and much more. Dux &amp; Co will offer food and the Grand Social&#8217;s Bar and Gourmet Coffee options are available.<\/p>\n<\/div>\n<div style=\"font-size: 13px; color: #534438; line-height: 20px;\"><\/div>\n<p style=\"font-size: 13px; color: #534438; line-height: 20px;\"><a style=\"color: #cc2979; text-decoration: none;\" href=\"http:\/\/www.thegrandsocial.ie\/\">http:\/\/www.thegrandsocial.ie\/<\/a><\/p>\n<\/td>\n<td valign=\"top\"><\/td>\n<\/tr>\n<\/tbody>\n<\/table>\n<\/td>\n<\/tr>\n<\/tbody>\n<\/table>\n<\/td>\n<\/tr>\n<\/tbody>\n<\/table>\n<table width=\"100%\" cellspacing=\"0\" cellpadding=\"0\">\n<tbody>\n<tr>\n<td style=\"padding: 10px 30px;\">\n<table width=\"100%\" cellspacing=\"0\" cellpadding=\"0\">\n<tbody>\n<tr>\n<td valign=\"top\" width=\"52\"><img loading=\"lazy\" decoding=\"async\" src=\"http:\/\/dublineventguide.com\/dff\/admin\/images\/categories\/ACTIVITY.png\" alt=\"\" width=\"32\" height=\"32\" \/><\/td>\n<td>\n<h2 style=\"font-size: 16px; color: #534438; margin: 0 0 5px; font-weight: normal;\">Hungarian Cultural Festival<\/h2>\n<h3 style=\"font-size: 13px; margin: 0; padding: 0; line-height: 16px; color: #534438;\">12:00 &#8211; 20:00, Sat 01 Dec<\/h3>\n<p style=\"font-size: 13px; color: #534438; line-height: 20px; margin: 0; padding-top: 0;\">Exchange Dublin, Upper Exchange Street, Temple Bar, Dublin 2<\/p>\n<table width=\"100%\" cellspacing=\"0\" cellpadding=\"0\">\n<tbody>\n<tr>\n<td valign=\"top\">\n<div style=\"font-size: 13px; color: #534438; line-height: 20px;\">\n<p style=\"margin: 10px 0;\">A celebration of Hungarian Culture takes place in the Exchange Dublin on Saturday and Sunday.<\/p>\n<p>Have a look at the detailed programme here <a style=\"color: #cc2979; text-decoration: none;\" href=\"https:\/\/www.facebook.com\/events\/190682557734689\/\">https:\/\/www.facebook.com\/events\/190682557734689\/<\/a><\/p>\n<\/div>\n<div style=\"font-size: 13px; color: #534438; line-height: 20px;\"><\/div>\n<p style=\"font-size: 13px; color: #534438; line-height: 20px;\"><a style=\"color: #cc2979; text-decoration: none;\" href=\"http:\/\/www.hungarianculturedays.com\">http:\/\/www.hungarianculturedays.com<\/a><\/p>\n<\/td>\n<td valign=\"top\"><\/td>\n<\/tr>\n<\/tbody>\n<\/table>\n<\/td>\n<\/tr>\n<\/tbody>\n<\/table>\n<\/td>\n<\/tr>\n<\/tbody>\n<\/table>\n<table width=\"100%\" cellspacing=\"0\" cellpadding=\"0\">\n<tbody>\n<tr>\n<td style=\"padding: 10px 30px;\">\n<table width=\"100%\" cellspacing=\"0\" cellpadding=\"0\">\n<tbody>\n<tr>\n<td valign=\"top\" width=\"52\"><img loading=\"lazy\" decoding=\"async\" src=\"http:\/\/dublineventguide.com\/dff\/admin\/images\/categories\/KIDS.png\" alt=\"\" width=\"32\" height=\"32\" \/><\/td>\n<td>\n<h2 style=\"font-size: 16px; color: #534438; margin: 0 0 5px; font-weight: normal;\">Santa&#8217;s Arrival at Powerscourt Townhouse<\/h2>\n<h3 style=\"font-size: 13px; margin: 0; padding: 0; line-height: 16px; color: #534438;\">12:00, Sat 01 Dec<\/h3>\n<p style=\"font-size: 13px; color: #534438; line-height: 20px; margin: 0; padding-top: 0;\">Powerscourt Centre, 59 South William Street, Dublin 2<\/p>\n<table width=\"100%\" cellspacing=\"0\" cellpadding=\"0\">\n<tbody>\n<tr>\n<td valign=\"top\">\n<div style=\"font-size: 13px; color: #534438; line-height: 20px;\">\n<p style=\"margin: 10px 0;\">Santa will arrive at Powercourt Town House Centre and will move into his 18th century style workshop. You are invited to come to celebrate the opening and this celebration seems free. A visit to the workshop, however is not free (EUR 12) and the other Christmas related events for children in the Powerscourt Town House Centre are not free either. A number of choirs will make an appearance in the shopping centre over the next 24 days.<\/p>\n<p style=\"margin: 10px 0;\">Only the choir performances 01 Dec: School choir and 08 Dec (14:00-16:00): Il Coro Italiano di Dublino seem to be free. There are a lot of other promises on the website, but no times seem to be available.<\/p>\n<\/div>\n<div style=\"font-size: 13px; color: #534438; line-height: 20px;\"><\/div>\n<p style=\"font-size: 13px; color: #534438; line-height: 20px;\"><a style=\"color: #cc2979; text-decoration: none;\" href=\"http:\/\/www.powerscourtcentre.ie\/2012\/11\/powerscourt-townhouse-centre-welcomes-father-christmas-2\/\">http:\/\/www.powerscourtcentre.ie\/2012\/11\/powerscourt-townhouse-centre-welcomes-father-christmas-2\/<\/a><\/p>\n<\/td>\n<td valign=\"top\"><\/td>\n<\/tr>\n<\/tbody>\n<\/table>\n<\/td>\n<\/tr>\n<\/tbody>\n<\/table>\n<\/td>\n<\/tr>\n<\/tbody>\n<\/table>\n<table width=\"100%\" cellspacing=\"0\" cellpadding=\"0\">\n<tbody>\n<tr>\n<td style=\"padding: 10px 30px;\">\n<table width=\"100%\" cellspacing=\"0\" cellpadding=\"0\">\n<tbody>\n<tr>\n<td valign=\"top\" width=\"52\"><img loading=\"lazy\" decoding=\"async\" src=\"http:\/\/dublineventguide.com\/dff\/admin\/images\/categories\/MUSIC.png\" alt=\"\" width=\"32\" height=\"32\" \/><\/td>\n<td>\n<h2 style=\"font-size: 16px; color: #534438; margin: 0 0 5px; font-weight: normal;\">Nobuko Imai + RTE Vanbrugh Quartet<\/h2>\n<h3 style=\"font-size: 13px; margin: 0; padding: 0; line-height: 16px; color: #534438;\">12:30 &#8211; 14:00, Sat 01 Dec<\/h3>\n<p style=\"font-size: 13px; color: #534438; line-height: 20px; margin: 0; padding-top: 0;\">Royal Irish Academy of Music, 38 Westland Row, Dublin 2<\/p>\n<table width=\"100%\" cellspacing=\"0\" cellpadding=\"0\">\n<tbody>\n<tr>\n<td valign=\"top\">\n<div style=\"font-size: 13px; color: #534438; line-height: 20px;\">\n<p style=\"margin: 10px 0;\">The Royal Irish Academy of Music invite to a Public Masterclass and workshop with Nobuko Imai and the RT\u00c9 Vanbrugh Quartet. Admission is free and all are welcome.<\/p>\n<\/div>\n<div style=\"font-size: 13px; color: #534438; line-height: 20px;\"><\/div>\n<p style=\"font-size: 13px; color: #534438; line-height: 20px;\"><a style=\"color: #cc2979; text-decoration: none;\" href=\"http:\/\/www.riam.ie\/workshop-with-nobuko-imai-and-the-rte-vanbrugh-quartet\/\">http:\/\/www.riam.ie\/workshop-with-nobuko-imai-and-the-rte-vanbrugh-quartet\/<\/a><\/p>\n<\/td>\n<td valign=\"top\"><\/td>\n<\/tr>\n<\/tbody>\n<\/table>\n<\/td>\n<\/tr>\n<\/tbody>\n<\/table>\n<\/td>\n<\/tr>\n<\/tbody>\n<\/table>\n<table width=\"100%\" cellspacing=\"0\" cellpadding=\"0\">\n<tbody>\n<tr>\n<td style=\"padding: 10px 30px;\">\n<table width=\"100%\" cellspacing=\"0\" cellpadding=\"0\">\n<tbody>\n<tr>\n<td valign=\"top\" width=\"52\"><img loading=\"lazy\" decoding=\"async\" src=\"http:\/\/dublineventguide.com\/dff\/admin\/images\/categories\/ACTIVITY.png\" alt=\"\" width=\"32\" height=\"32\" \/><\/td>\n<td>\n<h2 style=\"font-size: 16px; color: #534438; margin: 0 0 5px; font-weight: normal;\">Santa&#8217;s City Centre Roadshow<\/h2>\n<h3 style=\"font-size: 13px; margin: 0; padding: 0; line-height: 16px; color: #534438;\">12:30 &#8211; 14:30, Sat 01 Dec<\/h3>\n<p style=\"font-size: 13px; color: #534438; line-height: 20px; margin: 0; padding-top: 0;\">Dublin (various locations)<\/p>\n<table width=\"100%\" cellspacing=\"0\" cellpadding=\"0\">\n<tbody>\n<tr>\n<td valign=\"top\">\n<div style=\"font-size: 13px; color: #534438; line-height: 20px;\">\n<p style=\"margin: 10px 0;\">Over the next two weekends, Santa and entourage will visit different parts of Dublin. There will be music, giant games, on-street entertainers, face painters and local businesses will be getting involved<\/p>\n<p>Sat 01 Dec: North Earl St &amp; Talbot St Area<br \/>\nSun 02 Dec: Wolfe Tone Sq &amp; Mary St Area<br \/>\nSat 08 Dec: Chatham St Area<br \/>\nSun 09 Dec: George\u2019s Arcade area &amp; Sth Anne St<\/p>\n<\/div>\n<div style=\"font-size: 13px; color: #534438; line-height: 20px;\"><\/div>\n<p style=\"font-size: 13px; color: #534438; line-height: 20px;\"><a style=\"color: #cc2979; text-decoration: none;\" href=\"http:\/\/www.dublinatchristmas.ie\/events\/santa-roadshow\/\">http:\/\/www.dublinatchristmas.ie\/events\/santa-roadshow\/<\/a><\/p>\n<\/td>\n<td valign=\"top\"><\/td>\n<\/tr>\n<\/tbody>\n<\/table>\n<\/td>\n<\/tr>\n<\/tbody>\n<\/table>\n<\/td>\n<\/tr>\n<\/tbody>\n<\/table>\n<table width=\"100%\" cellspacing=\"0\" cellpadding=\"0\">\n<tbody>\n<tr>\n<td style=\"padding: 10px 30px;\">\n<table width=\"100%\" cellspacing=\"0\" cellpadding=\"0\">\n<tbody>\n<tr>\n<td valign=\"top\" width=\"52\"><img loading=\"lazy\" decoding=\"async\" src=\"http:\/\/dublineventguide.com\/dff\/admin\/images\/categories\/MUSIC.png\" alt=\"\" width=\"32\" height=\"32\" \/><\/td>\n<td>\n<h2 style=\"font-size: 16px; color: #534438; margin: 0 0 5px; font-weight: normal;\">Junior\/Intermediate Orchestras &amp; Prelude Winds Concert<\/h2>\n<h3 style=\"font-size: 13px; margin: 0; padding: 0; line-height: 16px; color: #534438;\">13:00, Sat 01 Dec<\/h3>\n<p style=\"font-size: 13px; color: #534438; line-height: 20px; margin: 0; padding-top: 0;\">Gleeson Theatre, DIT Kevin Street, Kevin Street, Dublin 8<\/p>\n<table width=\"100%\" cellspacing=\"0\" cellpadding=\"0\">\n<tbody>\n<tr>\n<td valign=\"top\">\n<div style=\"font-size: 13px; color: #534438; line-height: 20px;\">\n<p style=\"margin: 10px 0;\">The DIT Conservatory&#8217;s Junior Ensembles Concert, featuring: Junior Strings, Intermediate Orchestra and Prelude Winds<\/p>\n<\/div>\n<div style=\"font-size: 13px; color: #534438; line-height: 20px;\"><\/div>\n<p style=\"font-size: 13px; color: #534438; line-height: 20px;\"><a style=\"color: #cc2979; text-decoration: none;\" href=\"http:\/\/www.dit.ie\/conservatory\/\">http:\/\/www.dit.ie\/conservatory\/<\/a><\/p>\n<\/td>\n<td valign=\"top\"><\/td>\n<\/tr>\n<\/tbody>\n<\/table>\n<\/td>\n<\/tr>\n<\/tbody>\n<\/table>\n<\/td>\n<\/tr>\n<\/tbody>\n<\/table>\n<table width=\"100%\" cellspacing=\"0\" cellpadding=\"0\">\n<tbody>\n<tr>\n<td style=\"padding: 10px 30px;\">\n<table width=\"100%\" cellspacing=\"0\" cellpadding=\"0\">\n<tbody>\n<tr>\n<td valign=\"top\" width=\"52\"><img loading=\"lazy\" decoding=\"async\" src=\"http:\/\/dublineventguide.com\/dff\/admin\/images\/categories\/FILM.png\" alt=\"\" width=\"32\" height=\"32\" \/><\/td>\n<td>\n<h2 style=\"font-size: 16px; color: #534438; margin: 0 0 5px; font-weight: normal;\">Palestinian Film Festival<\/h2>\n<h3 style=\"font-size: 13px; margin: 0; padding: 0; line-height: 16px; color: #534438;\">13:00 &#8211; 16:30, Sat 01 Dec<\/h3>\n<p style=\"font-size: 13px; color: #534438; line-height: 20px; margin: 0; padding-top: 0;\">New Theatre, 43 East Essex St, Temple Bar, Dublin 2<\/p>\n<table width=\"100%\" cellspacing=\"0\" cellpadding=\"0\">\n<tbody>\n<tr>\n<td valign=\"top\">\n<div style=\"font-size: 13px; color: #534438; line-height: 20px;\">\n<p style=\"margin: 10px 0;\">To mark International Day of Solidarity with the Palestinian People (29 November), and to coincide with the &#8216;World Social Forum \u2013 Free Palestine&#8217; in Brazil, the Progressive Film Club and the Ireland-Palestine Solidarity Campaign bring you a one-day Palestinian film festival.<\/p>\n<p style=\"margin: 10px 0;\">Three films will be screened at 13:00, 14:30 and 15:05 and admission is free. The film titles and descriptions acan be found on the website below.<\/p>\n<\/div>\n<div style=\"font-size: 13px; color: #534438; line-height: 20px;\"><\/div>\n<p style=\"font-size: 13px; color: #534438; line-height: 20px;\"><a style=\"color: #cc2979; text-decoration: none;\" href=\"http:\/\/www.progressivefilmclub.ie\/\">http:\/\/www.progressivefilmclub.ie\/<\/a><\/p>\n<\/td>\n<td valign=\"top\"><\/td>\n<\/tr>\n<\/tbody>\n<\/table>\n<\/td>\n<\/tr>\n<\/tbody>\n<\/table>\n<\/td>\n<\/tr>\n<\/tbody>\n<\/table>\n<table width=\"100%\" cellspacing=\"0\" cellpadding=\"0\">\n<tbody>\n<tr>\n<td style=\"padding: 10px 30px;\">\n<table width=\"100%\" cellspacing=\"0\" cellpadding=\"0\">\n<tbody>\n<tr>\n<td valign=\"top\" width=\"52\"><img loading=\"lazy\" decoding=\"async\" src=\"http:\/\/dublineventguide.com\/dff\/admin\/images\/categories\/FILM.png\" alt=\"\" width=\"32\" height=\"32\" \/><\/td>\n<td>\n<h2 style=\"font-size: 16px; color: #534438; margin: 0 0 5px; font-weight: normal;\">Archive at Lunchtime &#8211; December &#8211; IFI<\/h2>\n<h3 style=\"font-size: 13px; margin: 0; padding: 0; line-height: 16px; color: #534438;\"><img loading=\"lazy\" decoding=\"async\" style=\"display: inline; float: left;\" src=\"http:\/\/dublineventguide.com\/dff\/admin\/images\/weekly.png\" alt=\"\" width=\"69\" height=\"16\" \/> 13:10, Sat 01 Dec<\/h3>\n<p style=\"font-size: 13px; color: #534438; line-height: 20px; margin: 0; padding-top: 0;\">Irish Film Institute, 6 Eustace Street, Temple Bar, Dublin 2<\/p>\n<table width=\"100%\" cellspacing=\"0\" cellpadding=\"0\">\n<tbody>\n<tr>\n<td valign=\"top\">\n<div style=\"font-size: 13px; color: #534438; line-height: 20px;\">\n<p style=\"margin: 10px 0;\">The IFI continues with its free Archive at Lunchtime screenings on three days every week in December.<\/p>\n<p>The Double Bill on Saturdays is described here: <a style=\"color: #cc2979; text-decoration: none;\" href=\"http:\/\/www.ifi.ie\/film\/archive-at-lunchtime-dbl-bill-dec-2012\/\">http:\/\/www.ifi.ie\/film\/archive-at-lunchtime-dbl-bill-dec-2012\/<\/a><br \/>\nThe Monday\/Wednesday programme is here <a style=\"color: #cc2979; text-decoration: none;\" href=\"http:\/\/www.ifi.ie\/film\/archive-at-lunchtime-programme-1-dec-2012\/\">http:\/\/www.ifi.ie\/film\/archive-at-lunchtime-programme-1-dec-2012\/<\/a> and here <a style=\"color: #cc2979; text-decoration: none;\" href=\"http:\/\/www.ifi.ie\/film\/archive-at-lunchtime-prog-2-dec-2012\/\">http:\/\/www.ifi.ie\/film\/archive-at-lunchtime-prog-2-dec-2012\/<\/a><\/p>\n<\/div>\n<div style=\"font-size: 13px; color: #534438; line-height: 20px;\"><\/div>\n<p style=\"font-size: 13px; color: #534438; line-height: 20px;\"><a style=\"color: #cc2979; text-decoration: none;\" href=\"http:\/\/www.ifi.ie\/\">http:\/\/www.ifi.ie\/<\/a><\/p>\n<\/td>\n<td valign=\"top\"><\/td>\n<\/tr>\n<\/tbody>\n<\/table>\n<\/td>\n<\/tr>\n<\/tbody>\n<\/table>\n<\/td>\n<\/tr>\n<\/tbody>\n<\/table>\n<table width=\"100%\" cellspacing=\"0\" cellpadding=\"0\">\n<tbody>\n<tr>\n<td style=\"padding: 10px 30px;\">\n<table width=\"100%\" cellspacing=\"0\" cellpadding=\"0\">\n<tbody>\n<tr>\n<td valign=\"top\" width=\"52\"><img loading=\"lazy\" decoding=\"async\" src=\"http:\/\/dublineventguide.com\/dff\/admin\/images\/categories\/LITERATURE.png\" alt=\"\" width=\"32\" height=\"32\" \/><\/td>\n<td>\n<h2 style=\"font-size: 16px; color: #534438; margin: 0 0 5px; font-weight: normal;\">Creative Writing Hour<\/h2>\n<h3 style=\"font-size: 13px; margin: 0; padding: 0; line-height: 16px; color: #534438;\"><img loading=\"lazy\" decoding=\"async\" style=\"display: inline; float: left;\" src=\"http:\/\/dublineventguide.com\/dff\/admin\/images\/weekly.png\" alt=\"\" width=\"69\" height=\"16\" \/> 13:30, Sat 01 Dec<\/h3>\n<p style=\"font-size: 13px; color: #534438; line-height: 20px; margin: 0; padding-top: 0;\">Irish Writers&#8217; Centre, Parnell Square North, Dublin 1<\/p>\n<table width=\"100%\" cellspacing=\"0\" cellpadding=\"0\">\n<tbody>\n<tr>\n<td valign=\"top\">\n<div style=\"font-size: 13px; color: #534438; line-height: 20px;\">\n<p style=\"margin: 10px 0;\">The Ink Slingers Creative Writing Hour takes place every Saturday at the Irish Writers&#8217; Centre. It is a free creative writing session that is organised and led by the Centre&#8217;s voluntary arts administrators. The hour includes writing exercises and prompts to get ideas flowing. It is open to everyone and is suitable for all levels of experience.<\/p>\n<\/div>\n<div style=\"font-size: 13px; color: #534438; line-height: 20px;\"><\/div>\n<p style=\"font-size: 13px; color: #534438; line-height: 20px;\"><a style=\"color: #cc2979; text-decoration: none;\" href=\"http:\/\/www.writerscentre.ie\/html\/events\/atthecentre.html\">http:\/\/www.writerscentre.ie\/html\/events\/atthecentre.html<\/a><\/p>\n<\/td>\n<td valign=\"top\"><\/td>\n<\/tr>\n<\/tbody>\n<\/table>\n<\/td>\n<\/tr>\n<\/tbody>\n<\/table>\n<\/td>\n<\/tr>\n<\/tbody>\n<\/table>\n<table width=\"100%\" cellspacing=\"0\" cellpadding=\"0\">\n<tbody>\n<tr>\n<td style=\"padding: 10px 30px;\">\n<table width=\"100%\" cellspacing=\"0\" cellpadding=\"0\">\n<tbody>\n<tr>\n<td valign=\"top\" width=\"52\"><img loading=\"lazy\" decoding=\"async\" src=\"http:\/\/dublineventguide.com\/dff\/admin\/images\/categories\/KIDS.png\" alt=\"\" width=\"32\" height=\"32\" \/><\/td>\n<td>\n<h2 style=\"font-size: 16px; color: #534438; margin: 0 0 5px; font-weight: normal;\">Castles and Catapults<\/h2>\n<h3 style=\"font-size: 13px; margin: 0; padding: 0; line-height: 16px; color: #534438;\">14:00 &#8211; 16:00, Sat 01 Dec<\/h3>\n<p style=\"font-size: 13px; color: #534438; line-height: 20px; margin: 0; padding-top: 0;\">National Museum, Kildare Street (Archaeology), Dublin 2<\/p>\n<table width=\"100%\" cellspacing=\"0\" cellpadding=\"0\">\n<tbody>\n<tr>\n<td valign=\"top\">\n<div style=\"font-size: 13px; color: #534438; line-height: 20px;\">\n<p style=\"margin: 10px 0;\">Join historian Caoimhe Leppard to learn how catapults were used to conquer castles and make your own mini catapult. Suitable for Ages 6+. Admission is free and no booking required.<\/p>\n<\/div>\n<div style=\"font-size: 13px; color: #534438; line-height: 20px;\"><\/div>\n<p style=\"font-size: 13px; color: #534438; line-height: 20px;\"><a style=\"color: #cc2979; text-decoration: none;\" href=\"http:\/\/www.museum.ie\/en\/list\/calendar-of-events.aspx?eventID=3568\">http:\/\/www.museum.ie\/en\/list\/calendar-of-events.aspx?eventID=3568<\/a><\/p>\n<\/td>\n<td valign=\"top\"><\/td>\n<\/tr>\n<\/tbody>\n<\/table>\n<\/td>\n<\/tr>\n<\/tbody>\n<\/table>\n<\/td>\n<\/tr>\n<\/tbody>\n<\/table>\n<table width=\"100%\" cellspacing=\"0\" cellpadding=\"0\">\n<tbody>\n<tr>\n<td style=\"padding: 10px 30px;\">\n<table width=\"100%\" cellspacing=\"0\" cellpadding=\"0\">\n<tbody>\n<tr>\n<td valign=\"top\" width=\"52\"><img loading=\"lazy\" decoding=\"async\" src=\"http:\/\/dublineventguide.com\/dff\/admin\/images\/categories\/ACTIVITY.png\" alt=\"\" width=\"32\" height=\"32\" \/><\/td>\n<td>\n<h2 style=\"font-size: 16px; color: #534438; margin: 0 0 5px; font-weight: normal;\">DIT Conservatory of Music and Drama &#8211; Open Day<\/h2>\n<h3 style=\"font-size: 13px; margin: 0; padding: 0; line-height: 16px; color: #534438;\">14:00 &#8211; 16:30, Sat 01 Dec<\/h3>\n<p style=\"font-size: 13px; color: #534438; line-height: 20px; margin: 0; padding-top: 0;\">DIT Conservatory of Music and Drama, Chatham Row, Dublin 2<\/p>\n<table width=\"100%\" cellspacing=\"0\" cellpadding=\"0\">\n<tbody>\n<tr>\n<td valign=\"top\">\n<div style=\"font-size: 13px; color: #534438; line-height: 20px;\">\n<p style=\"margin: 10px 0;\">A Third Level Open Day will take place in the DIT Conservatory of Music and Drama. It will feature performances, demonstration lessons, information sessions and opportunities to meet students and ask questions.<\/p>\n<\/div>\n<div style=\"font-size: 13px; color: #534438; line-height: 20px;\"><\/div>\n<p style=\"font-size: 13px; color: #534438; line-height: 20px;\"><a style=\"color: #cc2979; text-decoration: none;\" href=\"http:\/\/www.dit.ie\/conservatory\">http:\/\/www.dit.ie\/conservatory<\/a><\/p>\n<\/td>\n<td valign=\"top\"><\/td>\n<\/tr>\n<\/tbody>\n<\/table>\n<\/td>\n<\/tr>\n<\/tbody>\n<\/table>\n<\/td>\n<\/tr>\n<\/tbody>\n<\/table>\n<table width=\"100%\" cellspacing=\"0\" cellpadding=\"0\">\n<tbody>\n<tr>\n<td style=\"padding: 10px 30px;\">\n<table width=\"100%\" cellspacing=\"0\" cellpadding=\"0\">\n<tbody>\n<tr>\n<td valign=\"top\" width=\"52\"><img loading=\"lazy\" decoding=\"async\" src=\"http:\/\/dublineventguide.com\/dff\/admin\/images\/categories\/KIDS.png\" alt=\"\" width=\"32\" height=\"32\" \/><\/td>\n<td>\n<h2 style=\"font-size: 16px; color: #534438; margin: 0 0 5px; font-weight: normal;\">Eco Christmas Crafts<\/h2>\n<h3 style=\"font-size: 13px; margin: 0; padding: 0; line-height: 16px; color: #534438;\">14:00 &#8211; 16:00, Sat 01 Dec<\/h3>\n<p style=\"font-size: 13px; color: #534438; line-height: 20px; margin: 0; padding-top: 0;\">National Botanic Gardens, Botanic Road, Glasnevin, Dublin 9<\/p>\n<table width=\"100%\" cellspacing=\"0\" cellpadding=\"0\">\n<tbody>\n<tr>\n<td valign=\"top\">\n<div style=\"font-size: 13px; color: #534438; line-height: 20px;\">\n<p style=\"margin: 10px 0;\">At the Children\u2019s event &#8220;Eco Christmas Crafts&#8221; children can make Christmas Decorations from recycled bits and pieces (old card, paper, string and plant material from the garden). Admission is free, but advance booking is required via 01 857 0909.<\/p>\n<\/div>\n<div style=\"font-size: 13px; color: #534438; line-height: 20px;\"><\/div>\n<p style=\"font-size: 13px; color: #534438; line-height: 20px;\"><a style=\"color: #cc2979; text-decoration: none;\" href=\"http:\/\/www.botanicgardens.ie\/news\/events.htm\">http:\/\/www.botanicgardens.ie\/news\/events.htm<\/a><\/p>\n<\/td>\n<td valign=\"top\"><\/td>\n<\/tr>\n<\/tbody>\n<\/table>\n<\/td>\n<\/tr>\n<\/tbody>\n<\/table>\n<\/td>\n<\/tr>\n<\/tbody>\n<\/table>\n<table width=\"100%\" cellspacing=\"0\" cellpadding=\"0\">\n<tbody>\n<tr>\n<td style=\"padding: 10px 30px;\">\n<table width=\"100%\" cellspacing=\"0\" cellpadding=\"0\">\n<tbody>\n<tr>\n<td valign=\"top\" width=\"52\"><img loading=\"lazy\" decoding=\"async\" src=\"http:\/\/dublineventguide.com\/dff\/admin\/images\/categories\/KIDS.png\" alt=\"\" width=\"32\" height=\"32\" \/><\/td>\n<td>\n<h2 style=\"font-size: 16px; color: #534438; margin: 0 0 5px; font-weight: normal;\">Gloria Christmas Family Party<\/h2>\n<h3 style=\"font-size: 13px; margin: 0; padding: 0; line-height: 16px; color: #534438;\">14:00, Sat 01 Dec<\/h3>\n<p style=\"font-size: 13px; color: #534438; line-height: 20px; margin: 0; padding-top: 0;\">Rotunda Hospital, 1 Parnell Street, Dublin 1<\/p>\n<table width=\"100%\" cellspacing=\"0\" cellpadding=\"0\">\n<tbody>\n<tr>\n<td valign=\"top\">\n<div style=\"font-size: 13px; color: #534438; line-height: 20px;\">\n<p style=\"margin: 10px 0;\">Gloria, Dublin&#8217;s LBGTQ choir, are holding their 2nd Children&#8217;s party following the success of the event last year. Parents, grandparents, uncles and aunties can bring their young ones to an informal gathering which will involve the choir singing a few songs, getting the young people involved and having a special visit from Santa Claus. You are asked to bring a wrapped gift for each child you are bringing along and Santa will hand it to them.<\/p>\n<p style=\"margin: 10px 0;\">You are also invited to give time, refreshments, home baking or sponsorship if you can help out in any way. The Gloria website is currently down because the bandwidth limit has been exceeded. Seems to be a busy period! ;-) so I am linking to an alternative site<\/p>\n<\/div>\n<div style=\"font-size: 13px; color: #534438; line-height: 20px;\"><\/div>\n<p style=\"font-size: 13px; color: #534438; line-height: 20px;\"><a style=\"color: #cc2979; text-decoration: none;\" href=\"http:\/\/www.marriagequality.ie\/events\/2012\/12\/01\/gloria-christmas-family-party\/\">http:\/\/www.marriagequality.ie\/events\/2012\/12\/01\/gloria-christmas-family-party\/<\/a><\/p>\n<\/td>\n<td valign=\"top\"><\/td>\n<\/tr>\n<\/tbody>\n<\/table>\n<\/td>\n<\/tr>\n<\/tbody>\n<\/table>\n<\/td>\n<\/tr>\n<\/tbody>\n<\/table>\n<table width=\"100%\" cellspacing=\"0\" cellpadding=\"0\">\n<tbody>\n<tr>\n<td style=\"padding: 10px 30px;\">\n<table width=\"100%\" cellspacing=\"0\" cellpadding=\"0\">\n<tbody>\n<tr>\n<td valign=\"top\" width=\"52\"><img loading=\"lazy\" decoding=\"async\" src=\"http:\/\/dublineventguide.com\/dff\/admin\/images\/categories\/TALKS.png\" alt=\"\" width=\"32\" height=\"32\" \/><\/td>\n<td>\n<h2 style=\"font-size: 16px; color: #534438; margin: 0 0 5px; font-weight: normal;\">CND: The Story of a Peace Movement<\/h2>\n<h3 style=\"font-size: 13px; margin: 0; padding: 0; line-height: 16px; color: #534438;\">14:30, Sat 01 Dec<\/h3>\n<p style=\"font-size: 13px; color: #534438; line-height: 20px; margin: 0; padding-top: 0;\">Ireland Institute, Pearse Centre, 27 Pearse Street, Dublin 2<\/p>\n<table width=\"100%\" cellspacing=\"0\" cellpadding=\"0\">\n<tbody>\n<tr>\n<td valign=\"top\">\n<div style=\"font-size: 13px; color: #534438; line-height: 20px;\">\n<p style=\"margin: 10px 0;\">Dr. Kate Hudson CND General Secretary and author of &#8216;CND Now More than Ever: The Story of a Peace Movement&#8217; will be for a public talk in the Ireland Institute. Kate Hudson was chair of the Campaign for Nuclear Disarmament from 2003 to September 2010 when she became General Secretary. She is a leading anti-nuclear and anti-war campaigner nationally and internationally.<\/p>\n<\/div>\n<div style=\"font-size: 13px; color: #534438; line-height: 20px;\"><\/div>\n<\/td>\n<td valign=\"top\"><\/td>\n<\/tr>\n<\/tbody>\n<\/table>\n<\/td>\n<\/tr>\n<\/tbody>\n<\/table>\n<\/td>\n<\/tr>\n<\/tbody>\n<\/table>\n<table width=\"100%\" cellspacing=\"0\" cellpadding=\"0\">\n<tbody>\n<tr>\n<td style=\"padding: 10px 30px;\">\n<table width=\"100%\" cellspacing=\"0\" cellpadding=\"0\">\n<tbody>\n<tr>\n<td valign=\"top\" width=\"52\"><img loading=\"lazy\" decoding=\"async\" src=\"http:\/\/dublineventguide.com\/dff\/admin\/images\/categories\/LITERATURE.png\" alt=\"\" width=\"32\" height=\"32\" \/><\/td>\n<td>\n<h2 style=\"font-size: 16px; color: #534438; margin: 0 0 5px; font-weight: normal;\">Goblin Market: Book &amp; Exhibition Launch<\/h2>\n<h3 style=\"font-size: 13px; margin: 0; padding: 0; line-height: 16px; color: #534438;\">18:00 &#8211; 22:30, Sat 01 Dec<\/h3>\n<p style=\"font-size: 13px; color: #534438; line-height: 20px; margin: 0; padding-top: 0;\">White Lady Art, 14 Wellington Quay, Dublin 2<\/p>\n<table width=\"100%\" cellspacing=\"0\" cellpadding=\"0\">\n<tbody>\n<tr>\n<td valign=\"top\">\n<div style=\"font-size: 13px; color: #534438; line-height: 20px;\">\n<p style=\"margin: 10px 0;\">Goblin Market is the first publication from White Lady Art Books, featuring work from 35 of Ireland&#8217;s finest New Contemporary artists. These artists are working and exhibiting in Ireland, and their artwork will be displayed in the White Lady Art gallery for two week from 01-15 Dec.<\/p>\n<p style=\"margin: 10px 0;\">The Book &amp; Exhibition launch will take place from 18:00 Admission is free. Bring your own beer.<\/p>\n<\/div>\n<div style=\"font-size: 13px; color: #534438; line-height: 20px;\"><\/div>\n<p style=\"font-size: 13px; color: #534438; line-height: 20px;\"><a style=\"color: #cc2979; text-decoration: none;\" href=\"https:\/\/www.facebook.com\/events\/381813395234376\/\">https:\/\/www.facebook.com\/events\/381813395234376\/<\/a><\/p>\n<\/td>\n<td valign=\"top\"><\/td>\n<\/tr>\n<\/tbody>\n<\/table>\n<\/td>\n<\/tr>\n<\/tbody>\n<\/table>\n<\/td>\n<\/tr>\n<\/tbody>\n<\/table>\n<table width=\"100%\" cellspacing=\"0\" cellpadding=\"0\">\n<tbody>\n<tr>\n<td style=\"padding: 10px 30px;\">\n<table width=\"100%\" cellspacing=\"0\" cellpadding=\"0\">\n<tbody>\n<tr>\n<td valign=\"top\" width=\"52\"><img loading=\"lazy\" decoding=\"async\" src=\"http:\/\/dublineventguide.com\/dff\/admin\/images\/categories\/MUSIC.png\" alt=\"\" width=\"32\" height=\"32\" \/><\/td>\n<td>\n<h2 style=\"font-size: 16px; color: #534438; margin: 0 0 5px; font-weight: normal;\">Cornucopia &#8211; Live Music<\/h2>\n<h3 style=\"font-size: 13px; margin: 0; padding: 0; line-height: 16px; color: #534438;\"><img loading=\"lazy\" decoding=\"async\" style=\"display: inline; float: left;\" src=\"http:\/\/dublineventguide.com\/dff\/admin\/images\/weekly.png\" alt=\"\" width=\"69\" height=\"16\" \/> 19:30 &#8211; 21:30, Sat 01 Dec<\/h3>\n<p style=\"font-size: 13px; color: #534438; line-height: 20px; margin: 0; padding-top: 0;\">Cornucopia Caf\u00e9 &amp; Restaurant, 19\/20 Wicklow Street, Dublin 2<\/p>\n<table width=\"100%\" cellspacing=\"0\" cellpadding=\"0\">\n<tbody>\n<tr>\n<td valign=\"top\">\n<div style=\"font-size: 13px; color: #534438; line-height: 20px;\">\n<p>Cornucopia Caf\u00e9 &amp; Restaurant host live music three evenings a week (Thurs, Fri and Sat). The restaurant is a Wholefood &amp; Vegetarian Restaurant and is open until 22:15.<br \/>\n+ Every second Thursday N.C Lawlor, a songwriter, session player and troubadour plays a mix of country, bluegrass &amp; blues from 19:30-21:30.<br \/>\n+ Every Friday (19:30-21:30) Junshi Murakami plays Irish Harp.<br \/>\n+ Every Saturday (19:30-21:30) Nollaig Mann plays a collection of popular and jazz classics.<\/p>\n<\/div>\n<div style=\"font-size: 13px; color: #534438; line-height: 20px;\"><\/div>\n<p style=\"font-size: 13px; color: #534438; line-height: 20px;\"><a style=\"color: #cc2979; text-decoration: none;\" href=\"http:\/\/www.cornucopia.ie\">http:\/\/www.cornucopia.ie<\/a><\/p>\n<\/td>\n<td valign=\"top\"><\/td>\n<\/tr>\n<\/tbody>\n<\/table>\n<\/td>\n<\/tr>\n<\/tbody>\n<\/table>\n<\/td>\n<\/tr>\n<\/tbody>\n<\/table>\n<table width=\"100%\" cellspacing=\"0\" cellpadding=\"0\">\n<tbody>\n<tr>\n<td style=\"padding: 10px 30px;\">\n<table width=\"100%\" cellspacing=\"0\" cellpadding=\"0\">\n<tbody>\n<tr>\n<td valign=\"top\" width=\"52\"><img loading=\"lazy\" decoding=\"async\" src=\"http:\/\/dublineventguide.com\/dff\/admin\/images\/categories\/MUSIC.png\" alt=\"\" width=\"32\" height=\"32\" \/><\/td>\n<td>\n<h2 style=\"font-size: 16px; color: #534438; margin: 0 0 5px; font-weight: normal;\">Jazz at Cucina Restaurant<\/h2>\n<h3 style=\"font-size: 13px; margin: 0; padding: 0; line-height: 16px; color: #534438;\"><img loading=\"lazy\" decoding=\"async\" style=\"display: inline; float: left;\" src=\"http:\/\/dublineventguide.com\/dff\/admin\/images\/weekly.png\" alt=\"\" width=\"69\" height=\"16\" \/> 19:30 &#8211; 22:00, Sat 01 Dec<\/h3>\n<p style=\"font-size: 13px; color: #534438; line-height: 20px; margin: 0; padding-top: 0;\">Cucina Italian Restaurant, Kings Court, Parnell Street, Dublin 1<\/p>\n<table width=\"100%\" cellspacing=\"0\" cellpadding=\"0\">\n<tbody>\n<tr>\n<td valign=\"top\">\n<div style=\"font-size: 13px; color: #534438; line-height: 20px;\">\n<p style=\"margin: 10px 0;\">A weekly Jazz gig takes place on Fridays and on Saturdays in the Italian Restaurant Cucina. Cucina has only 35 seats, so table bookings are advisable. This Saturday: Kevin Morrow<\/p>\n<\/div>\n<div style=\"font-size: 13px; color: #534438; line-height: 20px;\"><\/div>\n<p style=\"font-size: 13px; color: #534438; line-height: 20px;\"><a style=\"color: #cc2979; text-decoration: none;\" href=\"http:\/\/www.cucinarestaurant.ie\/\">http:\/\/www.cucinarestaurant.ie\/<\/a><\/p>\n<\/td>\n<td valign=\"top\"><\/td>\n<\/tr>\n<\/tbody>\n<\/table>\n<\/td>\n<\/tr>\n<\/tbody>\n<\/table>\n<\/td>\n<\/tr>\n<\/tbody>\n<\/table>\n<table width=\"100%\" cellspacing=\"0\" cellpadding=\"0\">\n<tbody>\n<tr>\n<td style=\"padding: 10px 30px;\">\n<table width=\"100%\" cellspacing=\"0\" cellpadding=\"0\">\n<tbody>\n<tr>\n<td valign=\"top\" width=\"52\"><img loading=\"lazy\" decoding=\"async\" src=\"http:\/\/dublineventguide.com\/dff\/admin\/images\/categories\/MUSIC.png\" alt=\"\" width=\"32\" height=\"32\" \/><\/td>\n<td>\n<h2 style=\"font-size: 16px; color: #534438; margin: 0 0 5px; font-weight: normal;\">Saturday Night Live Jazz<\/h2>\n<h3 style=\"font-size: 13px; margin: 0; padding: 0; line-height: 16px; color: #534438;\"><img loading=\"lazy\" decoding=\"async\" style=\"display: inline; float: left;\" src=\"http:\/\/dublineventguide.com\/dff\/admin\/images\/weekly.png\" alt=\"\" width=\"69\" height=\"16\" \/> 20:00 &#8211; 22:30, Sat 01 Dec<\/h3>\n<p style=\"font-size: 13px; color: #534438; line-height: 20px; margin: 0; padding-top: 0;\">KC Peaches (Wine Cave), 28\/29 Nassau St., Dublin 2<\/p>\n<table width=\"100%\" cellspacing=\"0\" cellpadding=\"0\">\n<tbody>\n<tr>\n<td valign=\"top\">\n<div style=\"font-size: 13px; color: #534438; line-height: 20px;\">\n<p style=\"margin: 10px 0;\">This is a weekly Saturday night jazz event in the basement Wine Cave of KC Peaches wholefood restaurant\/caf\u00e9. Food will be served until 22:00 and wine, minerals &amp; music will be available until later. Admission is free and a donation into a hat at the end of the evening is appreciated.<\/p>\n<\/div>\n<div style=\"font-size: 13px; color: #534438; line-height: 20px;\"><\/div>\n<p style=\"font-size: 13px; color: #534438; line-height: 20px;\"><a style=\"color: #cc2979; text-decoration: none;\" href=\"http:\/\/www.facebook.com\/KCPeaches\">http:\/\/www.facebook.com\/KCPeaches<\/a><\/p>\n<\/td>\n<td valign=\"top\"><\/td>\n<\/tr>\n<\/tbody>\n<\/table>\n<\/td>\n<\/tr>\n<\/tbody>\n<\/table>\n<\/td>\n<\/tr>\n<\/tbody>\n<\/table>\n<table width=\"100%\" cellspacing=\"0\" cellpadding=\"0\">\n<tbody>\n<tr>\n<td style=\"padding: 10px 30px;\">\n<table width=\"100%\" cellspacing=\"0\" cellpadding=\"0\">\n<tbody>\n<tr>\n<td valign=\"top\" width=\"52\"><img loading=\"lazy\" decoding=\"async\" src=\"http:\/\/dublineventguide.com\/dff\/admin\/images\/categories\/MUSIC.png\" alt=\"\" width=\"32\" height=\"32\" \/><\/td>\n<td>\n<h2 style=\"font-size: 16px; color: #534438; margin: 0 0 5px; font-weight: normal;\">Thought Fox<\/h2>\n<h3 style=\"font-size: 13px; margin: 0; padding: 0; line-height: 16px; color: #534438;\">20:00 &#8211; 23:00, Sat 01 Dec<\/h3>\n<p style=\"font-size: 13px; color: #534438; line-height: 20px; margin: 0; padding-top: 0;\">Grand Social, 35 Lower Liffey Street (near Ha&#8217;Penny Bridge), Dublin 1<\/p>\n<table width=\"100%\" cellspacing=\"0\" cellpadding=\"0\">\n<tbody>\n<tr>\n<td valign=\"top\">\n<div style=\"font-size: 13px; color: #534438; line-height: 20px;\">\n<p style=\"margin: 10px 0;\">The Jazz Quintet &#8220;Thought Fox&#8221; will perform in the Grand Social to launch their debut CD. Admission is free.<\/p>\n<\/div>\n<div style=\"font-size: 13px; color: #534438; line-height: 20px;\"><\/div>\n<p style=\"font-size: 13px; color: #534438; line-height: 20px;\"><a style=\"color: #cc2979; text-decoration: none;\" href=\"http:\/\/www.thegrandsocial.ie\/event\/thought-fox\">http:\/\/www.thegrandsocial.ie\/event\/thought-fox<\/a><\/p>\n<\/td>\n<td valign=\"top\"><\/td>\n<\/tr>\n<\/tbody>\n<\/table>\n<\/td>\n<\/tr>\n<\/tbody>\n<\/table>\n<\/td>\n<\/tr>\n<\/tbody>\n<\/table>\n<table width=\"100%\" cellspacing=\"0\" cellpadding=\"0\">\n<tbody>\n<tr>\n<td style=\"padding: 10px 30px;\">\n<table width=\"100%\" cellspacing=\"0\" cellpadding=\"0\">\n<tbody>\n<tr>\n<td valign=\"top\" width=\"52\"><img loading=\"lazy\" decoding=\"async\" src=\"http:\/\/dublineventguide.com\/dff\/admin\/images\/categories\/MUSIC.png\" alt=\"\" width=\"32\" height=\"32\" \/><\/td>\n<td>\n<h2 style=\"font-size: 16px; color: #534438; margin: 0 0 5px; font-weight: normal;\">Faerylights &amp; Faerytales<\/h2>\n<h3 style=\"font-size: 13px; margin: 0; padding: 0; line-height: 16px; color: #534438;\">20:30 &#8211; 22:00, Sat 01 Dec<\/h3>\n<p style=\"font-size: 13px; color: #534438; line-height: 20px; margin: 0; padding-top: 0;\">Centre for Creative Practices, 15 Pembroke Street Lower, Dublin 2<\/p>\n<table width=\"100%\" cellspacing=\"0\" cellpadding=\"0\">\n<tbody>\n<tr>\n<td valign=\"top\">\n<div style=\"font-size: 13px; color: #534438; line-height: 20px;\">\n<p style=\"margin: 10px 0;\">Singer Shaz Oye will be in the CFCP for a concert. Admission is free.<\/p>\n<\/div>\n<div style=\"font-size: 13px; color: #534438; line-height: 20px;\"><\/div>\n<p style=\"font-size: 13px; color: #534438; line-height: 20px;\"><a style=\"color: #cc2979; text-decoration: none;\" href=\"http:\/\/cfcp.ie\/events\/377\">http:\/\/cfcp.ie\/events\/377<\/a><\/p>\n<\/td>\n<td valign=\"top\"><\/td>\n<\/tr>\n<\/tbody>\n<\/table>\n<\/td>\n<\/tr>\n<\/tbody>\n<\/table>\n<\/td>\n<\/tr>\n<\/tbody>\n<\/table>\n<table width=\"100%\" cellspacing=\"0\" cellpadding=\"0\">\n<tbody>\n<tr>\n<td style=\"padding: 10px 30px;\">\n<table width=\"100%\" cellspacing=\"0\" cellpadding=\"0\">\n<tbody>\n<tr>\n<td valign=\"top\" width=\"52\"><img loading=\"lazy\" decoding=\"async\" src=\"http:\/\/dublineventguide.com\/dff\/admin\/images\/categories\/MUSIC.png\" alt=\"\" width=\"32\" height=\"32\" \/><\/td>\n<td>\n<h2 style=\"font-size: 16px; color: #534438; margin: 0 0 5px; font-weight: normal;\">Live Music &#8211; Stillorgan Orchard<\/h2>\n<h3 style=\"font-size: 13px; margin: 0; padding: 0; line-height: 16px; color: #534438;\"><img loading=\"lazy\" decoding=\"async\" style=\"display: inline; float: left;\" src=\"http:\/\/dublineventguide.com\/dff\/admin\/images\/weekly.png\" alt=\"\" width=\"69\" height=\"16\" \/> 21:00, Sat 01 Dec<\/h3>\n<p style=\"font-size: 13px; color: #534438; line-height: 20px; margin: 0; padding-top: 0;\">Stillorgan Orchard, The Hill, Stillorgan, Co. Dublin<\/p>\n<table width=\"100%\" cellspacing=\"0\" cellpadding=\"0\">\n<tbody>\n<tr>\n<td valign=\"top\">\n<div style=\"font-size: 13px; color: #534438; line-height: 20px;\">\n<p style=\"margin: 10px 0;\">The Stillorgan Orchard provides regular live music. The upcoming gigs are: Fri 30 Nov: Eades &amp; Redmond, Sat 01 Dec: Dead Ringer.<\/p>\n<\/div>\n<div style=\"font-size: 13px; color: #534438; line-height: 20px;\"><\/div>\n<p style=\"font-size: 13px; color: #534438; line-height: 20px;\"><a style=\"color: #cc2979; text-decoration: none;\" href=\"http:\/\/www.stillorganorchard.com\/live_music.html\">http:\/\/www.stillorganorchard.com\/live_music.html<\/a><\/p>\n<\/td>\n<td valign=\"top\"><\/td>\n<\/tr>\n<\/tbody>\n<\/table>\n<\/td>\n<\/tr>\n<\/tbody>\n<\/table>\n<\/td>\n<\/tr>\n<\/tbody>\n<\/table>\n<table width=\"100%\" cellspacing=\"0\" cellpadding=\"0\">\n<tbody>\n<tr>\n<td style=\"padding: 10px 30px;\">\n<table width=\"100%\" cellspacing=\"0\" cellpadding=\"0\">\n<tbody>\n<tr>\n<td valign=\"top\" width=\"52\"><img loading=\"lazy\" decoding=\"async\" src=\"http:\/\/dublineventguide.com\/dff\/admin\/images\/categories\/MUSIC.png\" alt=\"\" width=\"32\" height=\"32\" \/><\/td>\n<td>\n<h2 style=\"font-size: 16px; color: #534438; margin: 0 0 5px; font-weight: normal;\">The Ratzingers<\/h2>\n<h3 style=\"font-size: 13px; margin: 0; padding: 0; line-height: 16px; color: #534438;\">22:30, Sat 01 Dec<\/h3>\n<p style=\"font-size: 13px; color: #534438; line-height: 20px; margin: 0; padding-top: 0;\">Mint Bar, Westin Hotel, 35-39 Westmoreland Street, Dublin 2<\/p>\n<table width=\"100%\" cellspacing=\"0\" cellpadding=\"0\">\n<tbody>\n<tr>\n<td valign=\"top\">\n<div style=\"font-size: 13px; color: #534438; line-height: 20px;\">\n<p style=\"margin: 10px 0;\">The Ratzingers, one of the best, if not THE best party, wedding and soul band I have ever heard, will be in Mint Bar for a free gig. If you like good music performed superbly, you will like this band!<\/p>\n<\/div>\n<div style=\"font-size: 13px; color: #534438; line-height: 20px;\"><\/div>\n<p style=\"font-size: 13px; color: #534438; line-height: 20px;\"><a style=\"color: #cc2979; text-decoration: none;\" href=\"https:\/\/www.facebook.com\/events\/247973165329810\/\">https:\/\/www.facebook.com\/events\/247973165329810\/<\/a><\/p>\n<\/td>\n<td valign=\"top\"><\/td>\n<\/tr>\n<\/tbody>\n<\/table>\n<\/td>\n<\/tr>\n<\/tbody>\n<\/table>\n<\/td>\n<\/tr>\n<\/tbody>\n<\/table>\n<table id=\"day_1354406400\" style=\"margin-top: 10px;\" width=\"100%\" cellspacing=\"0\" cellpadding=\"0\">\n<tbody>\n<tr style=\"background-color: #c20162; color: #fff;\">\n<td style=\"padding: 0; line-height: 1; height: 34px; overflow: hidden;\">\n<p style=\"width: 630px; padding-left: 30px; margin: 0; height: 34px; overflow: hidden; line-height: 34px;\"><a name=\"day_1354406400\"><\/a><strong>Sunday <\/strong> 02 Dec<\/p>\n<\/td>\n<td>\n<p style=\"margin: 0; line-height: 34px; padding: 0; font-size: 13px;\"><a style=\"color: #fff; text-decoration: none;\" href=\"#dff_top\">back to top<\/a><\/p>\n<\/td>\n<td>\n<p style=\"margin: 0; padding: 0; font-size: 13px;\"><a style=\"color: #fff; text-decoration: none;\" href=\"#dff_top\"><img loading=\"lazy\" decoding=\"async\" src=\"http:\/\/dublineventguide.com\/dff\/admin\/images\/dividers\/date_toplink.png\" alt=\"Back to top\" width=\"38\" height=\"34\" \/><\/a><\/p>\n<\/td>\n<td width=\"50\"><\/td>\n<\/tr>\n<\/tbody>\n<\/table>\n<table width=\"100%\" cellspacing=\"0\" cellpadding=\"0\">\n<tbody>\n<tr>\n<td style=\"padding: 10px 30px;\">\n<table width=\"100%\" cellspacing=\"0\" cellpadding=\"0\">\n<tbody>\n<tr>\n<td valign=\"top\" width=\"52\"><img loading=\"lazy\" decoding=\"async\" src=\"http:\/\/dublineventguide.com\/dff\/admin\/images\/categories\/ACTIVITY.png\" alt=\"\" width=\"32\" height=\"32\" \/><\/td>\n<td>\n<h2 style=\"font-size: 16px; color: #534438; margin: 0 0 5px; font-weight: normal;\">Farmleigh House Christmas Events<\/h2>\n<h3 style=\"font-size: 13px; margin: 0; padding: 0; line-height: 16px; color: #534438;\">10:00 &#8211; 17:00, Sun 02 Dec<\/h3>\n<p style=\"font-size: 13px; color: #534438; line-height: 20px; margin: 0; padding-top: 0;\">Farmleigh House, Castleknock end of Phoenix Park, Dublin 15<\/p>\n<table width=\"100%\" cellspacing=\"0\" cellpadding=\"0\">\n<tbody>\n<tr>\n<td valign=\"top\">\n<div style=\"font-size: 13px; color: #534438; line-height: 20px;\">\n<p style=\"margin: 10px 0;\">Farmleigh House is celebrating Christmas with a whole range of events at every weekend in December.<\/p>\n<p style=\"margin: 10px 0;\">This Sunday the Food Market will take place from 10:00-17:00 and there is a Festive Crib. In addition there is &#8220;Mr Punch&#8217;s Christmas Carol&#8221; (12:00+13:45+15:30) and Storytelling events (12:45+14:30+16:15) for children and Carol Singing with the Portmarnock Singers (14:30-15:15) and Barbershop Melodies with The Mellowchords (12:00-16:00) for the whole family. Horse and Carriage Rides will take place between 13:00 and 16:00.<\/p>\n<p style=\"margin: 10px 0;\">Admission to all events is free.<\/p>\n<\/div>\n<div style=\"font-size: 13px; color: #534438; line-height: 20px;\"><\/div>\n<p style=\"font-size: 13px; color: #534438; line-height: 20px;\"><a style=\"color: #cc2979; text-decoration: none;\" href=\"http:\/\/www.farmleigh.ie\/Events\/Title,22813,en.html\">http:\/\/www.farmleigh.ie\/Events\/Title,22813,en.html<\/a><\/p>\n<\/td>\n<td valign=\"top\"><\/td>\n<\/tr>\n<\/tbody>\n<\/table>\n<\/td>\n<\/tr>\n<\/tbody>\n<\/table>\n<\/td>\n<\/tr>\n<\/tbody>\n<\/table>\n<table width=\"100%\" cellspacing=\"0\" cellpadding=\"0\">\n<tbody>\n<tr>\n<td style=\"padding: 10px 30px;\">\n<table width=\"100%\" cellspacing=\"0\" cellpadding=\"0\">\n<tbody>\n<tr>\n<td valign=\"top\" width=\"52\"><img loading=\"lazy\" decoding=\"async\" src=\"http:\/\/dublineventguide.com\/dff\/admin\/images\/categories\/MARKETS.png\" alt=\"\" width=\"32\" height=\"32\" \/><\/td>\n<td>\n<h2 style=\"font-size: 16px; color: #534438; margin: 0 0 5px; font-weight: normal;\">Jamestown Market<\/h2>\n<h3 style=\"font-size: 13px; margin: 0; padding: 0; line-height: 16px; color: #534438;\"><img loading=\"lazy\" decoding=\"async\" style=\"display: inline; float: left;\" src=\"http:\/\/dublineventguide.com\/dff\/admin\/images\/weekly.png\" alt=\"\" width=\"69\" height=\"16\" \/> 10:00 &#8211; 17:00, Sun 02 Dec<\/h3>\n<p style=\"font-size: 13px; color: #534438; line-height: 20px; margin: 0; padding-top: 0;\">Jamestown Market, 90 Jamestown Road, Inchicore, Dublin 8<\/p>\n<table width=\"100%\" cellspacing=\"0\" cellpadding=\"0\">\n<tbody>\n<tr>\n<td valign=\"top\">\n<div style=\"font-size: 13px; color: #534438; line-height: 20px;\">\n<p style=\"margin: 10px 0;\">Jamestown Flea Market + Car Boot Sale takes place every Sat+Sun from 10:00-17:00. You can reach it from Tyrconnell Road and from Kylemore Road and it is within 3 min from Black Horse stop on the red Luas line. There is free parking.<\/p>\n<\/div>\n<div style=\"font-size: 13px; color: #534438; line-height: 20px;\"><\/div>\n<p style=\"font-size: 13px; color: #534438; line-height: 20px;\"><a style=\"color: #cc2979; text-decoration: none;\" href=\"http:\/\/www.jamestownmarket.com\">http:\/\/www.jamestownmarket.com<\/a><\/p>\n<\/td>\n<td valign=\"top\"><\/td>\n<\/tr>\n<\/tbody>\n<\/table>\n<\/td>\n<\/tr>\n<\/tbody>\n<\/table>\n<\/td>\n<\/tr>\n<\/tbody>\n<\/table>\n<table width=\"100%\" cellspacing=\"0\" cellpadding=\"0\">\n<tbody>\n<tr>\n<td style=\"padding: 10px 30px;\">\n<table width=\"100%\" cellspacing=\"0\" cellpadding=\"0\">\n<tbody>\n<tr>\n<td valign=\"top\" width=\"52\"><img loading=\"lazy\" decoding=\"async\" src=\"http:\/\/dublineventguide.com\/dff\/admin\/images\/categories\/MARKETS.png\" alt=\"\" width=\"32\" height=\"32\" \/><\/td>\n<td>\n<h2 style=\"font-size: 16px; color: #534438; margin: 0 0 5px; font-weight: normal;\">Longmile Road Market<\/h2>\n<h3 style=\"font-size: 13px; margin: 0; padding: 0; line-height: 16px; color: #534438;\">10:00 &#8211; 17:00, Sun 02 Dec<\/h3>\n<p style=\"font-size: 13px; color: #534438; line-height: 20px; margin: 0; padding-top: 0;\">Wigoders, Long Mile Road, Dublin 12<\/p>\n<table width=\"100%\" cellspacing=\"0\" cellpadding=\"0\">\n<tbody>\n<tr>\n<td valign=\"top\">\n<div style=\"font-size: 13px; color: #534438; line-height: 20px;\">\n<p style=\"margin: 10px 0;\">The Long Mile Road Market behind Wigoders on Long Mile Road (across the road from Aldi) hosts more than 50 stalls and there is also a Cafe on site.<\/p>\n<\/div>\n<div style=\"font-size: 13px; color: #534438; line-height: 20px;\"><\/div>\n<p style=\"font-size: 13px; color: #534438; line-height: 20px;\"><a style=\"color: #cc2979; text-decoration: none;\" href=\"http:\/\/www.gumtree.ie\/cp-events-gigs-nightlife-in-dublin\/longmile-road-market-433320933\">http:\/\/www.gumtree.ie\/cp-events-gigs-nightlife-in-dublin\/longmile-road-market-433320933<\/a><\/p>\n<\/td>\n<td valign=\"top\"><\/td>\n<\/tr>\n<\/tbody>\n<\/table>\n<\/td>\n<\/tr>\n<\/tbody>\n<\/table>\n<\/td>\n<\/tr>\n<\/tbody>\n<\/table>\n<table width=\"100%\" cellspacing=\"0\" cellpadding=\"0\">\n<tbody>\n<tr>\n<td style=\"padding: 10px 30px;\">\n<table width=\"100%\" cellspacing=\"0\" cellpadding=\"0\">\n<tbody>\n<tr>\n<td valign=\"top\" width=\"52\"><img loading=\"lazy\" decoding=\"async\" src=\"http:\/\/dublineventguide.com\/dff\/admin\/images\/categories\/MARKETS.png\" alt=\"\" width=\"32\" height=\"32\" \/><\/td>\n<td>\n<h2 style=\"font-size: 16px; color: #534438; margin: 0 0 5px; font-weight: normal;\">Merchants Market<\/h2>\n<h3 style=\"font-size: 13px; margin: 0; padding: 0; line-height: 16px; color: #534438;\"><img loading=\"lazy\" decoding=\"async\" style=\"display: inline; float: left;\" src=\"http:\/\/dublineventguide.com\/dff\/admin\/images\/weekly.png\" alt=\"\" width=\"69\" height=\"16\" \/> 10:00 &#8211; 16:00, Sun 02 Dec<\/h3>\n<p style=\"font-size: 13px; color: #534438; line-height: 20px; margin: 0; padding-top: 0;\">Merchants Yard, East Wall Road, Dublin 3<\/p>\n<table width=\"100%\" cellspacing=\"0\" cellpadding=\"0\">\n<tbody>\n<tr>\n<td valign=\"top\">\n<div style=\"font-size: 13px; color: #534438; line-height: 20px;\">\n<p style=\"margin: 10px 0;\">The Merchants Market on East Wall Road is a relatively new weekly market on Saturdays and Sundays with more than 80 stalls. There is everything from furniture and antiques to paintings and mirrors, electronics and hot food to bicycles and buns. Sounds interesting and I will check it out over the coming weeks. It is just a few minutes walk away from the Point Theatre\/O2 (walk in the direction of the Port Tunnel). http:\/\/www.facebook.com\/merchantsindoormarket<\/p>\n<\/div>\n<div style=\"font-size: 13px; color: #534438; line-height: 20px;\"><\/div>\n<p style=\"font-size: 13px; color: #534438; line-height: 20px;\"><a style=\"color: #cc2979; text-decoration: none;\" href=\"http:\/\/www.merchantsmarket.ie\/\">http:\/\/www.merchantsmarket.ie\/<\/a><\/p>\n<\/td>\n<td valign=\"top\"><\/td>\n<\/tr>\n<\/tbody>\n<\/table>\n<\/td>\n<\/tr>\n<\/tbody>\n<\/table>\n<\/td>\n<\/tr>\n<\/tbody>\n<\/table>\n<table width=\"100%\" cellspacing=\"0\" cellpadding=\"0\">\n<tbody>\n<tr>\n<td style=\"padding: 10px 30px;\">\n<table width=\"100%\" cellspacing=\"0\" cellpadding=\"0\">\n<tbody>\n<tr>\n<td valign=\"top\" width=\"52\"><img loading=\"lazy\" decoding=\"async\" src=\"http:\/\/dublineventguide.com\/dff\/admin\/images\/categories\/ART.png\" alt=\"\" width=\"32\" height=\"32\" \/><\/td>\n<td>\n<h2 style=\"font-size: 16px; color: #534438; margin: 0 0 5px; font-weight: normal;\">Merrion Square Open Air Gallery<\/h2>\n<h3 style=\"font-size: 13px; margin: 0; padding: 0; line-height: 16px; color: #534438;\"><img loading=\"lazy\" decoding=\"async\" style=\"display: inline; float: left;\" src=\"http:\/\/dublineventguide.com\/dff\/admin\/images\/weekly.png\" alt=\"\" width=\"69\" height=\"16\" \/> 10:00 &#8211; 18:30, Sun 02 Dec<\/h3>\n<p style=\"font-size: 13px; color: #534438; line-height: 20px; margin: 0; padding-top: 0;\">Merrion Square, Dublin 2<\/p>\n<table width=\"100%\" cellspacing=\"0\" cellpadding=\"0\">\n<tbody>\n<tr>\n<td valign=\"top\">\n<div style=\"font-size: 13px; color: #534438; line-height: 20px;\">\n<p style=\"margin: 10px 0;\">Every Sunday, the Merrion Square Open Air Art Gallery takes place. Up to 200 artists exhibit their paintings on the railings on three sides (West, North and East) of Merrion Square and you can just enjoy the exhibition or even buy.<\/p>\n<\/div>\n<div style=\"font-size: 13px; color: #534438; line-height: 20px;\"><\/div>\n<p style=\"font-size: 13px; color: #534438; line-height: 20px;\"><a style=\"color: #cc2979; text-decoration: none;\" href=\"http:\/\/www.merrionsquareart.com\/\">http:\/\/www.merrionsquareart.com\/<\/a><\/p>\n<\/td>\n<td valign=\"top\"><\/td>\n<\/tr>\n<\/tbody>\n<\/table>\n<\/td>\n<\/tr>\n<\/tbody>\n<\/table>\n<\/td>\n<\/tr>\n<\/tbody>\n<\/table>\n<table width=\"100%\" cellspacing=\"0\" cellpadding=\"0\">\n<tbody>\n<tr>\n<td style=\"padding: 10px 30px;\">\n<table width=\"100%\" cellspacing=\"0\" cellpadding=\"0\">\n<tbody>\n<tr>\n<td valign=\"top\" width=\"52\"><img loading=\"lazy\" decoding=\"async\" src=\"http:\/\/dublineventguide.com\/dff\/admin\/images\/categories\/MARKETS.png\" alt=\"\" width=\"32\" height=\"32\" \/><\/td>\n<td>\n<h2 style=\"font-size: 16px; color: #534438; margin: 0 0 5px; font-weight: normal;\">Dublin Art Book Fair<\/h2>\n<h3 style=\"font-size: 13px; margin: 0; padding: 0; line-height: 16px; color: #534438;\">11:00 &#8211; 18:00, Sun 02 Dec<\/h3>\n<p style=\"font-size: 13px; color: #534438; line-height: 20px; margin: 0; padding-top: 0;\">Temple Bar Gallery + Studios, 5-9 Temple Bar, Dublin 2<\/p>\n<table width=\"100%\" cellspacing=\"0\" cellpadding=\"0\">\n<tbody>\n<tr>\n<td valign=\"top\">\n<div style=\"font-size: 13px; color: #534438; line-height: 20px;\">\n<p style=\"margin: 10px 0;\">Temple Bar Gallery + Studios has invited 30 of the most exciting publishers of art books from around the world to take part in the second edition of the Dublin Art Book Fair. The Fair will feature Irish and internationally based art book publishers, including publishers from Germany, Norway, UK, USA, Canada, Korea and Luxembourg.<\/p>\n<p style=\"margin: 10px 0;\">The fair presents a chance for art book lovers to find unusual \u2018zines, catalogues and artist books that are not normally found in Ireland. A special section of artists\u2019 books will feature self-published texts, catalogues and projects including handmade books, alongside a programme of daily readings and talks by invited speakers and publishers.<\/p>\n<\/div>\n<div style=\"font-size: 13px; color: #534438; line-height: 20px;\"><\/div>\n<p style=\"font-size: 13px; color: #534438; line-height: 20px;\"><a style=\"color: #cc2979; text-decoration: none;\" href=\"http:\/\/www.templebargallery.com\/gallery\/exhibition\/dublin-art-book-fair-2012\">http:\/\/www.templebargallery.com\/gallery\/exhibition\/dublin-art-book-fair-2012<\/a><\/p>\n<\/td>\n<td valign=\"top\"><\/td>\n<\/tr>\n<\/tbody>\n<\/table>\n<\/td>\n<\/tr>\n<\/tbody>\n<\/table>\n<\/td>\n<\/tr>\n<\/tbody>\n<\/table>\n<table width=\"100%\" cellspacing=\"0\" cellpadding=\"0\">\n<tbody>\n<tr>\n<td style=\"padding: 10px 30px;\">\n<table width=\"100%\" cellspacing=\"0\" cellpadding=\"0\">\n<tbody>\n<tr>\n<td valign=\"top\" width=\"52\"><img loading=\"lazy\" decoding=\"async\" src=\"http:\/\/dublineventguide.com\/dff\/admin\/images\/categories\/MUSIC.png\" alt=\"\" width=\"32\" height=\"32\" \/><\/td>\n<td>\n<h2 style=\"font-size: 16px; color: #534438; margin: 0 0 5px; font-weight: normal;\">Palestrina Choir<\/h2>\n<h3 style=\"font-size: 13px; margin: 0; padding: 0; line-height: 16px; color: #534438;\"><img loading=\"lazy\" decoding=\"async\" style=\"display: inline; float: left;\" src=\"http:\/\/dublineventguide.com\/dff\/admin\/images\/weekly.png\" alt=\"\" width=\"69\" height=\"16\" \/> 11:00, Sun 02 Dec<\/h3>\n<p style=\"font-size: 13px; color: #534438; line-height: 20px; margin: 0; padding-top: 0;\">St. Mary&#8217;s Pro-Cathedral, 83 Marlborough Street, Dublin 1<\/p>\n<table width=\"100%\" cellspacing=\"0\" cellpadding=\"0\">\n<tbody>\n<tr>\n<td valign=\"top\">\n<div style=\"font-size: 13px; color: #534438; line-height: 20px;\">\n<p style=\"margin: 10px 0;\">The well known Palestrina Choir sing every Sunday at the mass in St Mary&#8217;s Pro-Cathedral. They sing complete masterworks by Mozart, Haydn, Dvorak, Palestrina, de Victoria, usually accompanied by Prof. Gerard Gillen on the organ, who often also plays a solo piece.<\/p>\n<\/div>\n<div style=\"font-size: 13px; color: #534438; line-height: 20px;\"><\/div>\n<p style=\"font-size: 13px; color: #534438; line-height: 20px;\"><a style=\"color: #cc2979; text-decoration: none;\" href=\"http:\/\/www.procathedral.ie\/music\/this-week\">http:\/\/www.procathedral.ie\/music\/this-week<\/a><\/p>\n<\/td>\n<td valign=\"top\"><\/td>\n<\/tr>\n<\/tbody>\n<\/table>\n<\/td>\n<\/tr>\n<\/tbody>\n<\/table>\n<\/td>\n<\/tr>\n<\/tbody>\n<\/table>\n<table width=\"100%\" cellspacing=\"0\" cellpadding=\"0\">\n<tbody>\n<tr>\n<td style=\"padding: 10px 30px;\">\n<table width=\"100%\" cellspacing=\"0\" cellpadding=\"0\">\n<tbody>\n<tr>\n<td valign=\"top\" width=\"52\"><img loading=\"lazy\" decoding=\"async\" src=\"http:\/\/dublineventguide.com\/dff\/admin\/images\/categories\/ART.png\" alt=\"\" width=\"32\" height=\"32\" \/><\/td>\n<td>\n<h2 style=\"font-size: 16px; color: #534438; margin: 0 0 5px; font-weight: normal;\">People&#8217;s Art Exhibition<\/h2>\n<h3 style=\"font-size: 13px; margin: 0; padding: 0; line-height: 16px; color: #534438;\">11:00 &#8211; 17:00, Sun 02 Dec<\/h3>\n<p style=\"font-size: 13px; color: #534438; line-height: 20px; margin: 0; padding-top: 0;\">St. Stephen&#8217;s Green, Dublin 2<\/p>\n<table width=\"100%\" cellspacing=\"0\" cellpadding=\"0\">\n<tbody>\n<tr>\n<td valign=\"top\">\n<div style=\"font-size: 13px; color: #534438; line-height: 20px;\">\n<p style=\"margin: 10px 0;\">Five times this year the \u201cPeople\u2019s Art 2012&#8243; exhibition will take place. It is an art exhibition on the rails\/fence of St. Stephen\u2019s Green. If you want to exhibit at one of the events in the future, check the website for cost and conditions. Visiting the People\u2019s Art Exhibition is free. Specific start and end times are not defined, but exhibition space has to be occupied by 11:00, so 11:00 is the latest start time. The event runs from Friday until Sunday, but Sat+Sun will most likely be the main days. THis exhibition is the last for the year and is specifically targetting the Christmas customer. There will be all kinds or paintings and other \u201changable\u201d art for sale.<\/p>\n<p style=\"margin: 10px 0;\">People\u2019s Art Dublin is a voluntary, part time, non profit making group, brought together by Dublin City Council to promote the visual arts to the public of Dublin. A huge variety of art\/paintings are displayed and if the weather is nice it is a great art-filled stroll around Stephen\u2019s Green. Definitely recommended!<\/p>\n<\/div>\n<div style=\"font-size: 13px; color: #534438; line-height: 20px;\"><\/div>\n<p style=\"font-size: 13px; color: #534438; line-height: 20px;\"><a style=\"color: #cc2979; text-decoration: none;\" href=\"http:\/\/www.peoplesart.ie\/\">http:\/\/www.peoplesart.ie\/<\/a><\/p>\n<\/td>\n<td valign=\"top\"><\/td>\n<\/tr>\n<\/tbody>\n<\/table>\n<\/td>\n<\/tr>\n<\/tbody>\n<\/table>\n<\/td>\n<\/tr>\n<\/tbody>\n<\/table>\n<table width=\"100%\" cellspacing=\"0\" cellpadding=\"0\">\n<tbody>\n<tr>\n<td style=\"padding: 10px 30px;\">\n<table width=\"100%\" cellspacing=\"0\" cellpadding=\"0\">\n<tbody>\n<tr>\n<td valign=\"top\" width=\"52\"><img loading=\"lazy\" decoding=\"async\" src=\"http:\/\/dublineventguide.com\/dff\/admin\/images\/categories\/MARKETS.png\" alt=\"\" width=\"32\" height=\"32\" \/><\/td>\n<td>\n<h2 style=\"font-size: 16px; color: #534438; margin: 0 0 5px; font-weight: normal;\">Pure Vintage Fair<\/h2>\n<h3 style=\"font-size: 13px; margin: 0; padding: 0; line-height: 16px; color: #534438;\">11:00 &#8211; 17:30, Sun 02 Dec<\/h3>\n<p style=\"font-size: 13px; color: #534438; line-height: 20px; margin: 0; padding-top: 0;\">Dublin Food Co-op, 12 Newmarket Square, Dublin 8<\/p>\n<table width=\"100%\" cellspacing=\"0\" cellpadding=\"0\">\n<tbody>\n<tr>\n<td valign=\"top\">\n<div style=\"font-size: 13px; color: #534438; line-height: 20px;\">\n<p style=\"margin: 10px 0;\">The next Pure Vintage Fair &#8220;A Vintage Christmas&#8221; will take place this week and it is what it says on the tin. A market\/flea market for vintage items, which will take place on the first Sunday of every month. There will be vintage clothes, furniture, collectibles, jewellery and many more vintage items. Sounds interesting and with 30 stalls, it is well worth a visit. There will also be food, hot drinks and a DJ.<\/p>\n<\/div>\n<div style=\"font-size: 13px; color: #534438; line-height: 20px;\"><\/div>\n<p style=\"font-size: 13px; color: #534438; line-height: 20px;\"><a style=\"color: #cc2979; text-decoration: none;\" href=\"https:\/\/www.facebook.com\/purevintagefair\">https:\/\/www.facebook.com\/purevintagefair<\/a><\/p>\n<\/td>\n<td valign=\"top\"><\/td>\n<\/tr>\n<\/tbody>\n<\/table>\n<\/td>\n<\/tr>\n<\/tbody>\n<\/table>\n<\/td>\n<\/tr>\n<\/tbody>\n<\/table>\n<table width=\"100%\" cellspacing=\"0\" cellpadding=\"0\">\n<tbody>\n<tr>\n<td style=\"padding: 10px 30px;\">\n<table width=\"100%\" cellspacing=\"0\" cellpadding=\"0\">\n<tbody>\n<tr>\n<td valign=\"top\" width=\"52\"><img loading=\"lazy\" decoding=\"async\" src=\"http:\/\/dublineventguide.com\/dff\/admin\/images\/categories\/MARKETS.png\" alt=\"\" width=\"32\" height=\"32\" \/><\/td>\n<td>\n<h2 style=\"font-size: 16px; color: #534438; margin: 0 0 5px; font-weight: normal;\">The Ferocious Mingle Market<\/h2>\n<h3 style=\"font-size: 13px; margin: 0; padding: 0; line-height: 16px; color: #534438;\"><img loading=\"lazy\" decoding=\"async\" style=\"display: inline; float: left;\" src=\"http:\/\/dublineventguide.com\/dff\/admin\/images\/weekly.png\" alt=\"\" width=\"69\" height=\"16\" \/> 11:00 &#8211; 18:00, Sun 02 Dec<\/h3>\n<p style=\"font-size: 13px; color: #534438; line-height: 20px; margin: 0; padding-top: 0;\">72 Thomas Street (between the Vicar St venue &amp; Cafe Notto), Dublin 8<\/p>\n<table width=\"100%\" cellspacing=\"0\" cellpadding=\"0\">\n<tbody>\n<tr>\n<td valign=\"top\">\n<div style=\"font-size: 13px; color: #534438; line-height: 20px;\">\n<p style=\"margin: 10px 0;\">The Ferocious Mingle Market takes place every Thursday, Friday, Saturday AND Sunday. On Sunday it is a fancy dress market. It&#8217;s a flea-market type permanent market with stalls and &#8220;chalets&#8221; for traders. The Oscar Verne Caf\u00e9 and (at least at the weekends) live music adds even more character.<\/p>\n<p style=\"margin: 10px 0;\">The location of the new indoor market is 72 Thomas Street (between the Vicar St venue &amp; Cafe Notto) an opening hours are 11:00-18:00. There is also a Caf\u00e9, the Oscar Verne Caf\u00e9, open for business at the market.<\/p>\n<\/div>\n<div style=\"font-size: 13px; color: #534438; line-height: 20px;\"><\/div>\n<p style=\"font-size: 13px; color: #534438; line-height: 20px;\"><a style=\"color: #cc2979; text-decoration: none;\" href=\"https:\/\/www.facebook.com\/mingle.mkt\">https:\/\/www.facebook.com\/mingle.mkt<\/a><\/p>\n<\/td>\n<td valign=\"top\"><\/td>\n<\/tr>\n<\/tbody>\n<\/table>\n<\/td>\n<\/tr>\n<\/tbody>\n<\/table>\n<\/td>\n<\/tr>\n<\/tbody>\n<\/table>\n<table width=\"100%\" cellspacing=\"0\" cellpadding=\"0\">\n<tbody>\n<tr>\n<td style=\"padding: 10px 30px;\">\n<table width=\"100%\" cellspacing=\"0\" cellpadding=\"0\">\n<tbody>\n<tr>\n<td valign=\"top\" width=\"52\"><img loading=\"lazy\" decoding=\"async\" src=\"http:\/\/dublineventguide.com\/dff\/admin\/images\/categories\/ACTIVITY.png\" alt=\"\" width=\"32\" height=\"32\" \/><\/td>\n<td>\n<h2 style=\"font-size: 16px; color: #534438; margin: 0 0 5px; font-weight: normal;\">Moving Crib<\/h2>\n<h3 style=\"font-size: 13px; margin: 0; padding: 0; line-height: 16px; color: #534438;\">11:30 &#8211; 18:00, Sun 02 Dec<\/h3>\n<p style=\"font-size: 13px; color: #534438; line-height: 20px; margin: 0; padding-top: 0;\">Saint Martin\u2019s Apostolate, 42 Parnell Square, Dublin 1<\/p>\n<table width=\"100%\" cellspacing=\"0\" cellpadding=\"0\">\n<tbody>\n<tr>\n<td valign=\"top\">\n<div style=\"font-size: 13px; color: #534438; line-height: 20px;\">\n<p style=\"margin: 10px 0;\">The Moving Crib in St. Martin Apostolate has fascinated generations of children from Dublin and all over Ireland and 50 years after it first began, it still draws the crowds. The Moving Crib is like an expanded Nativity Play going back to Adam and Eve and finishing after the crib scene with the young Jesus teaching the Doctors in the Temple. There are over 100 figures in the Crib arranged in 14 different tableaux. They cover various episodes of the Old and New Testament. The figures are about a metre high, moulded in papier-mache and dressed in miniature clothes. Concealed motors control the movements of the arms, head and legs. All figures, motors, clothing etc. come from a firm in Germany.<\/p>\n<p style=\"margin: 10px 0;\">Four events take place each day, running for 30 minutes. Unfortunately I wasn&#8217;t able to find out yet when these four events take place. The opening hours are Weekdays: 14:00-18:00 and Weekends: 11:30-18:00 from 26 Nov-06 Jan. Admission is free.<\/p>\n<\/div>\n<div style=\"font-size: 13px; color: #534438; line-height: 20px;\"><\/div>\n<p style=\"font-size: 13px; color: #534438; line-height: 20px;\"><a style=\"color: #cc2979; text-decoration: none;\" href=\"http:\/\/www.stmartin.ie\">http:\/\/www.stmartin.ie<\/a><\/p>\n<\/td>\n<td valign=\"top\"><\/td>\n<\/tr>\n<\/tbody>\n<\/table>\n<\/td>\n<\/tr>\n<\/tbody>\n<\/table>\n<\/td>\n<\/tr>\n<\/tbody>\n<\/table>\n<table width=\"100%\" cellspacing=\"0\" cellpadding=\"0\">\n<tbody>\n<tr>\n<td style=\"padding: 10px 30px;\">\n<table width=\"100%\" cellspacing=\"0\" cellpadding=\"0\">\n<tbody>\n<tr>\n<td valign=\"top\" width=\"52\"><img loading=\"lazy\" decoding=\"async\" src=\"http:\/\/dublineventguide.com\/dff\/admin\/images\/categories\/TALKS.png\" alt=\"\" width=\"32\" height=\"32\" \/><\/td>\n<td>\n<h2 style=\"font-size: 16px; color: #534438; margin: 0 0 5px; font-weight: normal;\">National Gallery Talks<\/h2>\n<h3 style=\"font-size: 13px; margin: 0; padding: 0; line-height: 16px; color: #534438;\"><img loading=\"lazy\" decoding=\"async\" style=\"display: inline; float: left;\" src=\"http:\/\/dublineventguide.com\/dff\/admin\/images\/weekly.png\" alt=\"\" width=\"69\" height=\"16\" \/> 11:30 &#8211; 16:50, Sun 02 Dec<\/h3>\n<p style=\"font-size: 13px; color: #534438; line-height: 20px; margin: 0; padding-top: 0;\">National Gallery, Clare Street, Dublin 2<\/p>\n<table width=\"100%\" cellspacing=\"0\" cellpadding=\"0\">\n<tbody>\n<tr>\n<td valign=\"top\">\n<div style=\"font-size: 13px; color: #534438; line-height: 20px;\">\n<p style=\"margin: 10px 0;\">The National Gallery has an extensive programme of free talks, public tours and Art Documentary screenings focusing on highlights of the European and Irish Collection every day of the week. Check their website for details.<\/p>\n<\/div>\n<div style=\"font-size: 13px; color: #534438; line-height: 20px;\"><\/div>\n<p style=\"font-size: 13px; color: #534438; line-height: 20px;\"><a style=\"color: #cc2979; text-decoration: none;\" href=\"http:\/\/nationalgallery.ie\/whatson\">http:\/\/nationalgallery.ie\/whatson<\/a><\/p>\n<\/td>\n<td valign=\"top\"><\/td>\n<\/tr>\n<\/tbody>\n<\/table>\n<\/td>\n<\/tr>\n<\/tbody>\n<\/table>\n<\/td>\n<\/tr>\n<\/tbody>\n<\/table>\n<table width=\"100%\" cellspacing=\"0\" cellpadding=\"0\">\n<tbody>\n<tr>\n<td style=\"padding: 10px 30px;\">\n<table width=\"100%\" cellspacing=\"0\" cellpadding=\"0\">\n<tbody>\n<tr>\n<td valign=\"top\" width=\"52\"><img loading=\"lazy\" decoding=\"async\" src=\"http:\/\/dublineventguide.com\/dff\/admin\/images\/categories\/MARKETS.png\" alt=\"\" width=\"32\" height=\"32\" \/><\/td>\n<td>\n<h2 style=\"font-size: 16px; color: #534438; margin: 0 0 5px; font-weight: normal;\">Blackrock Market<\/h2>\n<h3 style=\"font-size: 13px; margin: 0; padding: 0; line-height: 16px; color: #534438;\"><img loading=\"lazy\" decoding=\"async\" style=\"display: inline; float: left;\" src=\"http:\/\/dublineventguide.com\/dff\/admin\/images\/weekly.png\" alt=\"\" width=\"69\" height=\"16\" \/> 12:00 &#8211; 17:30, Sun 02 Dec<\/h3>\n<p style=\"font-size: 13px; color: #534438; line-height: 20px; margin: 0; padding-top: 0;\">Blackrock Market, 19 Main Street, Blackrock, Co. Dublin<\/p>\n<table width=\"100%\" cellspacing=\"0\" cellpadding=\"0\">\n<tbody>\n<tr>\n<td valign=\"top\">\n<div style=\"font-size: 13px; color: #534438; line-height: 20px;\">\n<p>At the Blackrock Market in the centre of Blackrock, you&#8217;ll find 50 stalls selling collectibles, antiques, handmade goods, books, food &amp; there&#8217;s free popcorn, ballons &amp; facepainting for the kids.<br \/>\nOpen on Sundays: 12:00-17:30. Open on Saturdays and Bank Holidays: 11:00-17:30.<\/p>\n<\/div>\n<div style=\"font-size: 13px; color: #534438; line-height: 20px;\"><\/div>\n<p style=\"font-size: 13px; color: #534438; line-height: 20px;\"><a style=\"color: #cc2979; text-decoration: none;\" href=\"http:\/\/www.blackrockmarket.com\/\">http:\/\/www.blackrockmarket.com\/<\/a><\/p>\n<\/td>\n<td valign=\"top\"><\/td>\n<\/tr>\n<\/tbody>\n<\/table>\n<\/td>\n<\/tr>\n<\/tbody>\n<\/table>\n<\/td>\n<\/tr>\n<\/tbody>\n<\/table>\n<table width=\"100%\" cellspacing=\"0\" cellpadding=\"0\">\n<tbody>\n<tr>\n<td style=\"padding: 10px 30px;\">\n<table width=\"100%\" cellspacing=\"0\" cellpadding=\"0\">\n<tbody>\n<tr>\n<td valign=\"top\" width=\"52\"><img loading=\"lazy\" decoding=\"async\" src=\"http:\/\/dublineventguide.com\/dff\/admin\/images\/categories\/ACTIVITY.png\" alt=\"\" width=\"32\" height=\"32\" \/><\/td>\n<td>\n<h2 style=\"font-size: 16px; color: #534438; margin: 0 0 5px; font-weight: normal;\">Hungarian Cultural Festival<\/h2>\n<h3 style=\"font-size: 13px; margin: 0; padding: 0; line-height: 16px; color: #534438;\">12:00 &#8211; 19:00, Sun 02 Dec<\/h3>\n<p style=\"font-size: 13px; color: #534438; line-height: 20px; margin: 0; padding-top: 0;\">Exchange Dublin, Upper Exchange Street, Temple Bar, Dublin 2<\/p>\n<table width=\"100%\" cellspacing=\"0\" cellpadding=\"0\">\n<tbody>\n<tr>\n<td valign=\"top\">\n<div style=\"font-size: 13px; color: #534438; line-height: 20px;\">\n<p style=\"margin: 10px 0;\">A celebration of Hungarian Culture takes place in the Exchange Dublin on Saturday and Sunday.<\/p>\n<p>Have a look at the detailed programme here <a style=\"color: #cc2979; text-decoration: none;\" href=\"https:\/\/www.facebook.com\/events\/190682557734689\/\">https:\/\/www.facebook.com\/events\/190682557734689\/<\/a><\/p>\n<\/div>\n<div style=\"font-size: 13px; color: #534438; line-height: 20px;\"><\/div>\n<p style=\"font-size: 13px; color: #534438; line-height: 20px;\"><a style=\"color: #cc2979; text-decoration: none;\" href=\"http:\/\/www.hungarianculturedays.com\">http:\/\/www.hungarianculturedays.com<\/a><\/p>\n<\/td>\n<td valign=\"top\"><\/td>\n<\/tr>\n<\/tbody>\n<\/table>\n<\/td>\n<\/tr>\n<\/tbody>\n<\/table>\n<\/td>\n<\/tr>\n<\/tbody>\n<\/table>\n<table width=\"100%\" cellspacing=\"0\" cellpadding=\"0\">\n<tbody>\n<tr>\n<td style=\"padding: 10px 30px;\">\n<table width=\"100%\" cellspacing=\"0\" cellpadding=\"0\">\n<tbody>\n<tr>\n<td valign=\"top\" width=\"52\"><img loading=\"lazy\" decoding=\"async\" src=\"http:\/\/dublineventguide.com\/dff\/admin\/images\/categories\/MARKETS.png\" alt=\"\" width=\"32\" height=\"32\" \/><\/td>\n<td>\n<h2 style=\"font-size: 16px; color: #534438; margin: 0 0 5px; font-weight: normal;\">Mother Redcap&#8217;s Indoor Market<\/h2>\n<h3 style=\"font-size: 13px; margin: 0; padding: 0; line-height: 16px; color: #534438;\"><img loading=\"lazy\" decoding=\"async\" style=\"display: inline; float: left;\" src=\"http:\/\/dublineventguide.com\/dff\/admin\/images\/weekly.png\" alt=\"\" width=\"69\" height=\"16\" \/> 12:00 &#8211; 17:30, Sun 02 Dec<\/h3>\n<p style=\"font-size: 13px; color: #534438; line-height: 20px; margin: 0; padding-top: 0;\">Unit 95, Malahide Road Industrial Park, Malahide Road, Coolock, Dublin 17<\/p>\n<table width=\"100%\" cellspacing=\"0\" cellpadding=\"0\">\n<tbody>\n<tr>\n<td valign=\"top\">\n<div style=\"font-size: 13px; color: #534438; line-height: 20px;\">\n<p style=\"margin: 10px 0;\">An indoor market in Coolock with over 40 traders with a wide range of goods and a caf\u00e9 on site as well.<\/p>\n<\/div>\n<div style=\"font-size: 13px; color: #534438; line-height: 20px;\"><\/div>\n<p style=\"font-size: 13px; color: #534438; line-height: 20px;\"><a style=\"color: #cc2979; text-decoration: none;\" href=\"https:\/\/www.facebook.com\/MotherRedcaps.Market\">https:\/\/www.facebook.com\/MotherRedcaps.Market<\/a><\/p>\n<\/td>\n<td valign=\"top\"><\/td>\n<\/tr>\n<\/tbody>\n<\/table>\n<\/td>\n<\/tr>\n<\/tbody>\n<\/table>\n<\/td>\n<\/tr>\n<\/tbody>\n<\/table>\n<table width=\"100%\" cellspacing=\"0\" cellpadding=\"0\">\n<tbody>\n<tr>\n<td style=\"padding: 10px 30px;\">\n<table width=\"100%\" cellspacing=\"0\" cellpadding=\"0\">\n<tbody>\n<tr>\n<td valign=\"top\" width=\"52\"><img loading=\"lazy\" decoding=\"async\" src=\"http:\/\/dublineventguide.com\/dff\/admin\/images\/categories\/MUSIC.png\" alt=\"\" width=\"32\" height=\"32\" \/><\/td>\n<td>\n<h2 style=\"font-size: 16px; color: #534438; margin: 0 0 5px; font-weight: normal;\">Sunday at Noon<\/h2>\n<h3 style=\"font-size: 13px; margin: 0; padding: 0; line-height: 16px; color: #534438;\"><img loading=\"lazy\" decoding=\"async\" style=\"display: inline; float: left;\" src=\"http:\/\/dublineventguide.com\/dff\/admin\/images\/weekly.png\" alt=\"\" width=\"69\" height=\"16\" \/> 12:00 &#8211; 13:00, Sun 02 Dec<\/h3>\n<p style=\"font-size: 13px; color: #534438; line-height: 20px; margin: 0; padding-top: 0;\">Hugh Lane Gallery, Parnell Square North, Dublin 1<\/p>\n<table width=\"100%\" cellspacing=\"0\" cellpadding=\"0\">\n<tbody>\n<tr>\n<td valign=\"top\">\n<div style=\"font-size: 13px; color: #534438; line-height: 20px;\">\n<p>The Sundays at Noon Concert Series is back after the summer break and takes place again in the Sculpture Gallery at the Hugh Lane Gallery. Now in its 36th year, this series of free (mainly classical) concerts continues to present the best of Irish and International music and musicians. Concerts run from September to June.<br \/>\nThe next concert will feature Peter Tuite, piano with the next installment of Haydn&#8217;s piano sonatas: The Complete Haydn Piano Sonatas Concert VI<\/p>\n<\/div>\n<div style=\"font-size: 13px; color: #534438; line-height: 20px;\"><\/div>\n<p style=\"font-size: 13px; color: #534438; line-height: 20px;\"><a style=\"color: #cc2979; text-decoration: none;\" href=\"http:\/\/www.hughlane.ie\/past-sunday-concerts\/735-sundaysnoon-complete-haydn-sonatas-vi\">http:\/\/www.hughlane.ie\/past-sunday-concerts\/735-sundaysnoon-complete-haydn-sonatas-vi<\/a><\/p>\n<\/td>\n<td valign=\"top\"><\/td>\n<\/tr>\n<\/tbody>\n<\/table>\n<\/td>\n<\/tr>\n<\/tbody>\n<\/table>\n<\/td>\n<\/tr>\n<\/tbody>\n<\/table>\n<table width=\"100%\" cellspacing=\"0\" cellpadding=\"0\">\n<tbody>\n<tr>\n<td style=\"padding: 10px 30px;\">\n<table width=\"100%\" cellspacing=\"0\" cellpadding=\"0\">\n<tbody>\n<tr>\n<td valign=\"top\" width=\"52\"><img loading=\"lazy\" decoding=\"async\" src=\"http:\/\/dublineventguide.com\/dff\/admin\/images\/categories\/MARKETS.png\" alt=\"\" width=\"32\" height=\"32\" \/><\/td>\n<td>\n<h2 style=\"font-size: 16px; color: #534438; margin: 0 0 5px; font-weight: normal;\">Christmas Market &#8211; Gaelscoil Lucan<\/h2>\n<h3 style=\"font-size: 13px; margin: 0; padding: 0; line-height: 16px; color: #534438;\">13:00 &#8211; 18:00, Sun 02 Dec<\/h3>\n<p style=\"font-size: 13px; color: #534438; line-height: 20px; margin: 0; padding-top: 0;\">Gaelscoil Eiscir Riada, Lucan<\/p>\n<table width=\"100%\" cellspacing=\"0\" cellpadding=\"0\">\n<tbody>\n<tr>\n<td valign=\"top\">\n<div style=\"font-size: 13px; color: #534438; line-height: 20px;\">\n<p style=\"margin: 10px 0;\">The Christmas Fair will have professional stall holders selling products including homemade cakes, jams and fudges and also flowers, bikes. For the kids there will be Santa, face painting and other fun stalls. There will also be a raffle with great prizes. Admission is free.<\/p>\n<\/div>\n<div style=\"font-size: 13px; color: #534438; line-height: 20px;\"><\/div>\n<\/td>\n<td valign=\"top\"><\/td>\n<\/tr>\n<\/tbody>\n<\/table>\n<\/td>\n<\/tr>\n<\/tbody>\n<\/table>\n<\/td>\n<\/tr>\n<\/tbody>\n<\/table>\n<table width=\"100%\" cellspacing=\"0\" cellpadding=\"0\">\n<tbody>\n<tr>\n<td style=\"padding: 10px 30px;\">\n<table width=\"100%\" cellspacing=\"0\" cellpadding=\"0\">\n<tbody>\n<tr>\n<td valign=\"top\" width=\"52\"><img loading=\"lazy\" decoding=\"async\" src=\"http:\/\/dublineventguide.com\/dff\/admin\/images\/categories\/KIDS.png\" alt=\"\" width=\"32\" height=\"32\" \/><\/td>\n<td>\n<h2 style=\"font-size: 16px; color: #534438; margin: 0 0 5px; font-weight: normal;\">Christmas Open Day &#8211; National Museum<\/h2>\n<h3 style=\"font-size: 13px; margin: 0; padding: 0; line-height: 16px; color: #534438;\">14:00 &#8211; 17:00, Sun 02 Dec<\/h3>\n<p style=\"font-size: 13px; color: #534438; line-height: 20px; margin: 0; padding-top: 0;\">National Museum, Collins Barracks (Decorative Arts &amp; History), 7 Benburb Street, Dublin 7<\/p>\n<table width=\"100%\" cellspacing=\"0\" cellpadding=\"0\">\n<tbody>\n<tr>\n<td valign=\"top\">\n<div style=\"font-size: 13px; color: #534438; line-height: 20px;\">\n<p>Christmas starts at Collins Barracks with the Christmas Open Day on Sunday. Listen to carol-singing with Latvian choir Elve, make a Christmas candle, or take a Christmassy trail around the Museum.The deailed programme is at <a style=\"color: #cc2979; text-decoration: none;\" href=\"http:\/\/www.museum.ie\/en\/list\/featuredevents.aspx\">http:\/\/www.museum.ie\/en\/list\/featuredevents.aspx<\/a><\/p>\n<\/div>\n<div style=\"font-size: 13px; color: #534438; line-height: 20px;\"><\/div>\n<p style=\"font-size: 13px; color: #534438; line-height: 20px;\"><a style=\"color: #cc2979; text-decoration: none;\" href=\"http:\/\/www.museum.ie\/en\/list\/calendar-of-events.aspx?eventID=3571\">http:\/\/www.museum.ie\/en\/list\/calendar-of-events.aspx?eventID=3571<\/a><\/p>\n<\/td>\n<td valign=\"top\"><\/td>\n<\/tr>\n<\/tbody>\n<\/table>\n<\/td>\n<\/tr>\n<\/tbody>\n<\/table>\n<\/td>\n<\/tr>\n<\/tbody>\n<\/table>\n<table width=\"100%\" cellspacing=\"0\" cellpadding=\"0\">\n<tbody>\n<tr>\n<td style=\"padding: 10px 30px;\">\n<table width=\"100%\" cellspacing=\"0\" cellpadding=\"0\">\n<tbody>\n<tr>\n<td valign=\"top\" width=\"52\"><img loading=\"lazy\" decoding=\"async\" src=\"http:\/\/dublineventguide.com\/dff\/admin\/images\/categories\/ART.png\" alt=\"\" width=\"32\" height=\"32\" \/><\/td>\n<td>\n<h2 style=\"font-size: 16px; color: #534438; margin: 0 0 5px; font-weight: normal;\">Dublin Sketchers &#8211; Sunday Meet-up<\/h2>\n<h3 style=\"font-size: 13px; margin: 0; padding: 0; line-height: 16px; color: #534438;\"><img loading=\"lazy\" decoding=\"async\" style=\"display: inline; float: left;\" src=\"http:\/\/dublineventguide.com\/dff\/admin\/images\/weekly.png\" alt=\"\" width=\"69\" height=\"16\" \/> 14:00, Sun 02 Dec<\/h3>\n<p style=\"font-size: 13px; color: #534438; line-height: 20px; margin: 0; padding-top: 0;\">Dublin (various locations)<\/p>\n<table width=\"100%\" cellspacing=\"0\" cellpadding=\"0\">\n<tbody>\n<tr>\n<td valign=\"top\">\n<div style=\"font-size: 13px; color: #534438; line-height: 20px;\">\n<p style=\"margin: 10px 0;\">The &#8220;Dublin Sketchers&#8221; is an informal group of typically hobby artists who go somewhere different in Dublin every Sunday (e.g. National Museum, Maritime Museum, Dublin Flea Market, Farmleigh, Botanic Gardens, Dublin Castle), sketch for one to two hours and then meet up for coffee afterwards and discuss their sketches. There are some hugely talented people among them and it is a great idea to meet up with others who have the same hobby. Find out on their website where they will meet and join them if you do some sketching\/drawing yourself. I know that the Dublin Sketchers often use the Dublin Event Guide to find interesting free events and I am delighted to be able to help!<\/p>\n<\/div>\n<div style=\"font-size: 13px; color: #534438; line-height: 20px;\"><\/div>\n<p style=\"font-size: 13px; color: #534438; line-height: 20px;\"><a style=\"color: #cc2979; text-decoration: none;\" href=\"http:\/\/www.dublinsketchers.blogspot.com\/\">http:\/\/www.dublinsketchers.blogspot.com\/<\/a><\/p>\n<\/td>\n<td valign=\"top\"><\/td>\n<\/tr>\n<\/tbody>\n<\/table>\n<\/td>\n<\/tr>\n<\/tbody>\n<\/table>\n<\/td>\n<\/tr>\n<\/tbody>\n<\/table>\n<table width=\"100%\" cellspacing=\"0\" cellpadding=\"0\">\n<tbody>\n<tr>\n<td style=\"padding: 10px 30px;\">\n<table width=\"100%\" cellspacing=\"0\" cellpadding=\"0\">\n<tbody>\n<tr>\n<td valign=\"top\" width=\"52\"><img loading=\"lazy\" decoding=\"async\" src=\"http:\/\/dublineventguide.com\/dff\/admin\/images\/categories\/MUSIC.png\" alt=\"\" width=\"32\" height=\"32\" \/><\/td>\n<td>\n<h2 style=\"font-size: 16px; color: #534438; margin: 0 0 5px; font-weight: normal;\">Stella Bass Jazz Trio<\/h2>\n<h3 style=\"font-size: 13px; margin: 0; padding: 0; line-height: 16px; color: #534438;\"><img loading=\"lazy\" decoding=\"async\" style=\"display: inline; float: left;\" src=\"http:\/\/dublineventguide.com\/dff\/admin\/images\/weekly.png\" alt=\"\" width=\"69\" height=\"16\" \/> 14:00 &#8211; 16:00, Sun 02 Dec<\/h3>\n<p style=\"font-size: 13px; color: #534438; line-height: 20px; margin: 0; padding-top: 0;\">Caf\u00e9 en Seine, Dawson Street, Dublin 2<\/p>\n<table width=\"100%\" cellspacing=\"0\" cellpadding=\"0\">\n<tbody>\n<tr>\n<td valign=\"top\">\n<div style=\"font-size: 13px; color: #534438; line-height: 20px;\">\n<p>Afternoon Jazz in Caf\u00e9 en Seine. The Stella Bass Jazz Trio play every Sunday from 14:00-16:00 in Caf\u00e9 en Seine in Dawson Street. Admission is free. A video is here <a style=\"color: #cc2979; text-decoration: none;\" href=\"http:\/\/www.youtube.com\/watch?v=l8aKqtOB5S8\">http:\/\/www.youtube.com\/watch?v=l8aKqtOB5S8<\/a><\/p>\n<\/div>\n<div style=\"font-size: 13px; color: #534438; line-height: 20px;\"><\/div>\n<p style=\"font-size: 13px; color: #534438; line-height: 20px;\"><a style=\"color: #cc2979; text-decoration: none;\" href=\"http:\/\/www.stellabass.com\">http:\/\/www.stellabass.com<\/a><\/p>\n<\/td>\n<td valign=\"top\"><\/td>\n<\/tr>\n<\/tbody>\n<\/table>\n<\/td>\n<\/tr>\n<\/tbody>\n<\/table>\n<\/td>\n<\/tr>\n<\/tbody>\n<\/table>\n<table width=\"100%\" cellspacing=\"0\" cellpadding=\"0\">\n<tbody>\n<tr>\n<td style=\"padding: 10px 30px;\">\n<table width=\"100%\" cellspacing=\"0\" cellpadding=\"0\">\n<tbody>\n<tr>\n<td valign=\"top\" width=\"52\"><img loading=\"lazy\" decoding=\"async\" src=\"http:\/\/dublineventguide.com\/dff\/admin\/images\/categories\/KIDS.png\" alt=\"\" width=\"32\" height=\"32\" \/><\/td>\n<td>\n<h2 style=\"font-size: 16px; color: #534438; margin: 0 0 5px; font-weight: normal;\">Family Drawing Sundays<\/h2>\n<h3 style=\"font-size: 13px; margin: 0; padding: 0; line-height: 16px; color: #534438;\"><img loading=\"lazy\" decoding=\"async\" style=\"display: inline; float: left;\" src=\"http:\/\/dublineventguide.com\/dff\/admin\/images\/weekly.png\" alt=\"\" width=\"69\" height=\"16\" \/> 14:30 &#8211; 16:30, Sun 02 Dec<\/h3>\n<p style=\"font-size: 13px; color: #534438; line-height: 20px; margin: 0; padding-top: 0;\">Royal Hibernian Academy, 15 Ely Place, Dublin 2<\/p>\n<table width=\"100%\" cellspacing=\"0\" cellpadding=\"0\">\n<tbody>\n<tr>\n<td valign=\"top\">\n<div style=\"font-size: 13px; color: #534438; line-height: 20px;\">\n<p><span class=\"subheads\">Come to the Family Drawing Sundays<\/span> in the RHA. All children are welcome to use the RHA Art Cart, in the RHA Atrium. Admission is free. For further information, contact Ruth Carroll on 01 6612558 or via ruth@rhagallery.ie<\/p>\n<\/div>\n<div style=\"font-size: 13px; color: #534438; line-height: 20px;\"><\/div>\n<p style=\"font-size: 13px; color: #534438; line-height: 20px;\"><a style=\"color: #cc2979; text-decoration: none;\" href=\"http:\/\/www.rhagallery.ie\/html\/educate\/educate_family.html\">http:\/\/www.rhagallery.ie\/html\/educate\/educate_family.html<\/a><\/p>\n<\/td>\n<td valign=\"top\"><\/td>\n<\/tr>\n<\/tbody>\n<\/table>\n<\/td>\n<\/tr>\n<\/tbody>\n<\/table>\n<\/td>\n<\/tr>\n<\/tbody>\n<\/table>\n<table width=\"100%\" cellspacing=\"0\" cellpadding=\"0\">\n<tbody>\n<tr>\n<td style=\"padding: 10px 30px;\">\n<table width=\"100%\" cellspacing=\"0\" cellpadding=\"0\">\n<tbody>\n<tr>\n<td valign=\"top\" width=\"52\"><img loading=\"lazy\" decoding=\"async\" src=\"http:\/\/dublineventguide.com\/dff\/admin\/images\/categories\/TALKS.png\" alt=\"\" width=\"32\" height=\"32\" \/><\/td>\n<td>\n<h2 style=\"font-size: 16px; color: #534438; margin: 0 0 5px; font-weight: normal;\">Casimir Dunin Markievicz &#8211; Talk &amp; Song Recital<\/h2>\n<h3 style=\"font-size: 13px; margin: 0; padding: 0; line-height: 16px; color: #534438;\">15:00, Sun 02 Dec<\/h3>\n<p style=\"font-size: 13px; color: #534438; line-height: 20px; margin: 0; padding-top: 0;\">Hugh Lane Gallery, Parnell Square North, Dublin 1<\/p>\n<table width=\"100%\" cellspacing=\"0\" cellpadding=\"0\">\n<tbody>\n<tr>\n<td valign=\"top\">\n<div style=\"font-size: 13px; color: #534438; line-height: 20px;\">\n<p style=\"margin: 10px 0;\">The Irish Polish Society invites to a celebration of Casimir Dunin Markievicz, husband to Countess Markievicz, on the 80th anniversary of his death. A lecture by Patrick Quigley, author of &#8216;The Polish Irishman &#8211; the life and times of Count Casimir Markievicz.&#8217; and a song recital by Professor Maciej Smolenski who will sing Irish and Polish songs of the period with Rosemary Hill on piano will take place. Admission is free, but places are limited.<\/p>\n<\/div>\n<div style=\"font-size: 13px; color: #534438; line-height: 20px;\"><\/div>\n<p style=\"font-size: 13px; color: #534438; line-height: 20px;\"><a style=\"color: #cc2979; text-decoration: none;\" href=\"http:\/\/www.hughlane.ie\/lectures\/lectures-past\/705-irish-polish-society\">http:\/\/www.hughlane.ie\/lectures\/lectures-past\/705-irish-polish-society<\/a><\/p>\n<\/td>\n<td valign=\"top\"><\/td>\n<\/tr>\n<\/tbody>\n<\/table>\n<\/td>\n<\/tr>\n<\/tbody>\n<\/table>\n<\/td>\n<\/tr>\n<\/tbody>\n<\/table>\n<table width=\"100%\" cellspacing=\"0\" cellpadding=\"0\">\n<tbody>\n<tr>\n<td style=\"padding: 10px 30px;\">\n<table width=\"100%\" cellspacing=\"0\" cellpadding=\"0\">\n<tbody>\n<tr>\n<td valign=\"top\" width=\"52\"><img loading=\"lazy\" decoding=\"async\" src=\"http:\/\/dublineventguide.com\/dff\/admin\/images\/categories\/ACTIVITY.png\" alt=\"\" width=\"32\" height=\"32\" \/><\/td>\n<td>\n<h2 style=\"font-size: 16px; color: #534438; margin: 0 0 5px; font-weight: normal;\">Museum Tour &#8211; National Print Museum<\/h2>\n<h3 style=\"font-size: 13px; margin: 0; padding: 0; line-height: 16px; color: #534438;\"><img loading=\"lazy\" decoding=\"async\" style=\"display: inline; float: left;\" src=\"http:\/\/dublineventguide.com\/dff\/admin\/images\/weekly.png\" alt=\"\" width=\"69\" height=\"16\" \/> 15:00 &#8211; 16:30, Sun 02 Dec<\/h3>\n<p style=\"font-size: 13px; color: #534438; line-height: 20px; margin: 0; padding-top: 0;\">National Print Museum, Beggars Bush, Haddington Road, Dublin 4<\/p>\n<table width=\"100%\" cellspacing=\"0\" cellpadding=\"0\">\n<tbody>\n<tr>\n<td valign=\"top\">\n<div style=\"font-size: 13px; color: #534438; line-height: 20px;\">\n<p style=\"margin: 10px 0;\">Unlike the three branches of the National Museum, the National Print Museum is normally not free, but every Sunday there is a free public tour for the next few weeks. Every visit begins with a short audio-visual presentation where the audience can observe active retired printers providing practical demonstrations of machines from the Museum\u2019s collection.<\/p>\n<\/div>\n<div style=\"font-size: 13px; color: #534438; line-height: 20px;\"><\/div>\n<p style=\"font-size: 13px; color: #534438; line-height: 20px;\"><a style=\"color: #cc2979; text-decoration: none;\" href=\"www.nationalprintmuseum.ie\/guided-tours.html\">www.nationalprintmuseum.ie\/guided-tours.html<\/a><\/p>\n<\/td>\n<td valign=\"top\"><\/td>\n<\/tr>\n<\/tbody>\n<\/table>\n<\/td>\n<\/tr>\n<\/tbody>\n<\/table>\n<\/td>\n<\/tr>\n<\/tbody>\n<\/table>\n<table width=\"100%\" cellspacing=\"0\" cellpadding=\"0\">\n<tbody>\n<tr>\n<td style=\"padding: 10px 30px;\">\n<table width=\"100%\" cellspacing=\"0\" cellpadding=\"0\">\n<tbody>\n<tr>\n<td valign=\"top\" width=\"52\"><img loading=\"lazy\" decoding=\"async\" src=\"http:\/\/dublineventguide.com\/dff\/admin\/images\/categories\/KIDS.png\" alt=\"\" width=\"32\" height=\"32\" \/><\/td>\n<td>\n<h2 style=\"font-size: 16px; color: #534438; margin: 0 0 5px; font-weight: normal;\">Sunday Sketching &#8211; Hugh Lane<\/h2>\n<h3 style=\"font-size: 13px; margin: 0; padding: 0; line-height: 16px; color: #534438;\"><img loading=\"lazy\" decoding=\"async\" style=\"display: inline; float: left;\" src=\"http:\/\/dublineventguide.com\/dff\/admin\/images\/weekly.png\" alt=\"\" width=\"69\" height=\"16\" \/> 15:00 &#8211; 16:00, Sun 02 Dec<\/h3>\n<p style=\"font-size: 13px; color: #534438; line-height: 20px; margin: 0; padding-top: 0;\">Hugh Lane Gallery, Parnell Square North, Dublin 1<\/p>\n<table width=\"100%\" cellspacing=\"0\" cellpadding=\"0\">\n<tbody>\n<tr>\n<td valign=\"top\">\n<div style=\"font-size: 13px; color: #534438; line-height: 20px;\">\n<p style=\"margin: 10px 0;\">The next Sunday Sketching for 7+ Year olds has the title &#8220;Bronze Horses&#8221;. No booking necessary. Admission is free and early arrival is recommended.<\/p>\n<\/div>\n<div style=\"font-size: 13px; color: #534438; line-height: 20px;\"><\/div>\n<p style=\"font-size: 13px; color: #534438; line-height: 20px;\"><a style=\"color: #cc2979; text-decoration: none;\" href=\"http:\/\/www.hughlane.ie\/childrens-workshops\/forthcoming\">http:\/\/www.hughlane.ie\/childrens-workshops\/forthcoming<\/a><\/p>\n<\/td>\n<td valign=\"top\"><\/td>\n<\/tr>\n<\/tbody>\n<\/table>\n<\/td>\n<\/tr>\n<\/tbody>\n<\/table>\n<\/td>\n<\/tr>\n<\/tbody>\n<\/table>\n<table width=\"100%\" cellspacing=\"0\" cellpadding=\"0\">\n<tbody>\n<tr>\n<td style=\"padding: 10px 30px;\">\n<table width=\"100%\" cellspacing=\"0\" cellpadding=\"0\">\n<tbody>\n<tr>\n<td valign=\"top\" width=\"52\"><img loading=\"lazy\" decoding=\"async\" src=\"http:\/\/dublineventguide.com\/dff\/admin\/images\/categories\/MUSIC.png\" alt=\"\" width=\"32\" height=\"32\" \/><\/td>\n<td>\n<h2 style=\"font-size: 16px; color: #534438; margin: 0 0 5px; font-weight: normal;\">Christmas Carols &#8211; Dublin Welsh Male Choir<\/h2>\n<h3 style=\"font-size: 13px; margin: 0; padding: 0; line-height: 16px; color: #534438;\">16:00, Sun 02 Dec<\/h3>\n<p style=\"font-size: 13px; color: #534438; line-height: 20px; margin: 0; padding-top: 0;\">Adam and Eve\u2019s Church, 4 Merchant&#8217;s Quay, Dublin 8<\/p>\n<table width=\"100%\" cellspacing=\"0\" cellpadding=\"0\">\n<tbody>\n<tr>\n<td valign=\"top\">\n<div style=\"font-size: 13px; color: #534438; line-height: 20px;\">\n<p style=\"margin: 10px 0;\">A Celebration of Christmas Carols &amp; Readings with the Dublin Welsh Male Choir will take place. Admission is free.<\/p>\n<\/div>\n<div style=\"font-size: 13px; color: #534438; line-height: 20px;\"><\/div>\n<p style=\"font-size: 13px; color: #534438; line-height: 20px;\"><a style=\"color: #cc2979; text-decoration: none;\" href=\"http:\/\/www.mqi.ie\">http:\/\/www.mqi.ie<\/a><\/p>\n<\/td>\n<td valign=\"top\"><\/td>\n<\/tr>\n<\/tbody>\n<\/table>\n<\/td>\n<\/tr>\n<\/tbody>\n<\/table>\n<\/td>\n<\/tr>\n<\/tbody>\n<\/table>\n<table width=\"100%\" cellspacing=\"0\" cellpadding=\"0\">\n<tbody>\n<tr>\n<td style=\"padding: 10px 30px;\">\n<table width=\"100%\" cellspacing=\"0\" cellpadding=\"0\">\n<tbody>\n<tr>\n<td valign=\"top\" width=\"52\"><img loading=\"lazy\" decoding=\"async\" src=\"http:\/\/dublineventguide.com\/dff\/admin\/images\/categories\/MUSIC.png\" alt=\"\" width=\"32\" height=\"32\" \/><\/td>\n<td>\n<h2 style=\"font-size: 16px; color: #534438; margin: 0 0 5px; font-weight: normal;\">Jazz at 37 Dawson Street<\/h2>\n<h3 style=\"font-size: 13px; margin: 0; padding: 0; line-height: 16px; color: #534438;\"><img loading=\"lazy\" decoding=\"async\" style=\"display: inline; float: left;\" src=\"http:\/\/dublineventguide.com\/dff\/admin\/images\/weekly.png\" alt=\"\" width=\"69\" height=\"16\" \/> 16:00 &#8211; 18:30, Sun 02 Dec<\/h3>\n<p style=\"font-size: 13px; color: #534438; line-height: 20px; margin: 0; padding-top: 0;\">37, 37 Dawson Street, Dublin 2<\/p>\n<table width=\"100%\" cellspacing=\"0\" cellpadding=\"0\">\n<tbody>\n<tr>\n<td valign=\"top\">\n<div style=\"font-size: 13px; color: #534438; line-height: 20px;\">\n<p>37 Dawson Street is still one of the newsest pubs in Dublin and for the month of December, they are adding a weekly vocal jazz gig to their Sunday attractions.<br \/>\nThe upcoming gigs are 02 Dec: Cary Posavitz Quartet, 09 Dec: Karen Cowley Trio, 16 Dec: Clare Finegan Quartet, 23 Dec: Emilie Conway Quartet, 30 Dec: Anne Marie Williams Quartet.<\/p>\n<\/div>\n<div style=\"font-size: 13px; color: #534438; line-height: 20px;\"><\/div>\n<p style=\"font-size: 13px; color: #534438; line-height: 20px;\"><a style=\"color: #cc2979; text-decoration: none;\" href=\"http:\/\/www.37dawsonstreet.ie\/\">http:\/\/www.37dawsonstreet.ie\/<\/a><\/p>\n<\/td>\n<td valign=\"top\"><\/td>\n<\/tr>\n<\/tbody>\n<\/table>\n<\/td>\n<\/tr>\n<\/tbody>\n<\/table>\n<\/td>\n<\/tr>\n<\/tbody>\n<\/table>\n<table width=\"100%\" cellspacing=\"0\" cellpadding=\"0\">\n<tbody>\n<tr>\n<td style=\"padding: 10px 30px;\">\n<table width=\"100%\" cellspacing=\"0\" cellpadding=\"0\">\n<tbody>\n<tr>\n<td valign=\"top\" width=\"52\"><img loading=\"lazy\" decoding=\"async\" src=\"http:\/\/dublineventguide.com\/dff\/admin\/images\/categories\/MUSIC.png\" alt=\"\" width=\"32\" height=\"32\" \/><\/td>\n<td>\n<h2 style=\"font-size: 16px; color: #534438; margin: 0 0 5px; font-weight: normal;\">Saucy Sundays<\/h2>\n<h3 style=\"font-size: 13px; margin: 0; padding: 0; line-height: 16px; color: #534438;\"><img loading=\"lazy\" decoding=\"async\" style=\"display: inline; float: left;\" src=\"http:\/\/dublineventguide.com\/dff\/admin\/images\/weekly.png\" alt=\"\" width=\"69\" height=\"16\" \/> 16:00 &#8211; 22:00, Sun 02 Dec<\/h3>\n<p style=\"font-size: 13px; color: #534438; line-height: 20px; margin: 0; padding-top: 0;\">Grand Social, Lower Liffey Street (near Ha&#8217;Penny Bridge), Dublin 1<\/p>\n<table width=\"100%\" cellspacing=\"0\" cellpadding=\"0\">\n<tbody>\n<tr>\n<td valign=\"top\">\n<div style=\"font-size: 13px; color: #534438; line-height: 20px;\">\n<p style=\"margin: 10px 0;\">Saucy Sundays is a weekly free live music afternoon and evening in the Grand Social. This week&#8217;s line up is The Lazy Band, The Blood Red Mountain Band, The Prairie Dawgs, The Tim HartBand, Elder Roche, Herons, Enda Reilly, The Gospel Project and Mossy Nolan.<\/p>\n<\/div>\n<div style=\"font-size: 13px; color: #534438; line-height: 20px;\"><\/div>\n<p style=\"font-size: 13px; color: #534438; line-height: 20px;\"><a style=\"color: #cc2979; text-decoration: none;\" href=\"http:\/\/www.facebook.com\/profile.php?id=100001494016795&amp;v=wall\">http:\/\/www.facebook.com\/profile.php?id=100001494016795&amp;v=wall<\/a><\/p>\n<\/td>\n<td valign=\"top\"><\/td>\n<\/tr>\n<\/tbody>\n<\/table>\n<\/td>\n<\/tr>\n<\/tbody>\n<\/table>\n<\/td>\n<\/tr>\n<\/tbody>\n<\/table>\n<table width=\"100%\" cellspacing=\"0\" cellpadding=\"0\">\n<tbody>\n<tr>\n<td style=\"padding: 10px 30px;\">\n<table width=\"100%\" cellspacing=\"0\" cellpadding=\"0\">\n<tbody>\n<tr>\n<td valign=\"top\" width=\"52\"><img loading=\"lazy\" decoding=\"async\" src=\"http:\/\/dublineventguide.com\/dff\/admin\/images\/categories\/MUSIC.png\" alt=\"\" width=\"32\" height=\"32\" \/><\/td>\n<td>\n<h2 style=\"font-size: 16px; color: #534438; margin: 0 0 5px; font-weight: normal;\">Christmas Karaoke with Dublin Simon Community<\/h2>\n<h3 style=\"font-size: 13px; margin: 0; padding: 0; line-height: 16px; color: #534438;\">16:30 &#8211; 18:00, Sun 02 Dec<\/h3>\n<p style=\"font-size: 13px; color: #534438; line-height: 20px; margin: 0; padding-top: 0;\">Temple Bar, Dublin 2<\/p>\n<table width=\"100%\" cellspacing=\"0\" cellpadding=\"0\">\n<tbody>\n<tr>\n<td valign=\"top\">\n<div style=\"font-size: 13px; color: #534438; line-height: 20px;\">\n<p style=\"margin: 10px 0;\">Meeting House Square will be the venue for a Christmas Carol charity event for the Dublin Simon Community. Admission is free.<\/p>\n<\/div>\n<div style=\"font-size: 13px; color: #534438; line-height: 20px;\"><\/div>\n<p style=\"font-size: 13px; color: #534438; line-height: 20px;\"><a style=\"color: #cc2979; text-decoration: none;\" href=\"http:\/\/templebar.ie\/EventsDetail\/SimonChoir\">http:\/\/templebar.ie\/EventsDetail\/SimonChoir<\/a><\/p>\n<\/td>\n<td valign=\"top\"><\/td>\n<\/tr>\n<\/tbody>\n<\/table>\n<\/td>\n<\/tr>\n<\/tbody>\n<\/table>\n<\/td>\n<\/tr>\n<\/tbody>\n<\/table>\n<table width=\"100%\" cellspacing=\"0\" cellpadding=\"0\">\n<tbody>\n<tr>\n<td style=\"padding: 10px 30px;\">\n<table width=\"100%\" cellspacing=\"0\" cellpadding=\"0\">\n<tbody>\n<tr>\n<td valign=\"top\" width=\"52\"><img loading=\"lazy\" decoding=\"async\" src=\"http:\/\/dublineventguide.com\/dff\/admin\/images\/categories\/LITERATURE.png\" alt=\"\" width=\"32\" height=\"32\" \/><\/td>\n<td>\n<h2 style=\"font-size: 16px; color: #534438; margin: 0 0 5px; font-weight: normal;\">Exchange Words &#8211; Scriptwriting Workshop<\/h2>\n<h3 style=\"font-size: 13px; margin: 0; padding: 0; line-height: 16px; color: #534438;\">17:30 &#8211; 19:30, Sun 02 Dec<\/h3>\n<p style=\"font-size: 13px; color: #534438; line-height: 20px; margin: 0; padding-top: 0;\">Exchange Dublin, Upper Exchange Street, Temple Bar, Dublin 2<\/p>\n<table width=\"100%\" cellspacing=\"0\" cellpadding=\"0\">\n<tbody>\n<tr>\n<td valign=\"top\">\n<div style=\"font-size: 13px; color: #534438; line-height: 20px;\">\n<p style=\"margin: 10px 0;\">This is the next meeting of Exchange Words, a new scriptwriting (film and theatre) group. A safe space where writers and actors can come together to collaborate, create and have fun. It will feature drama games, writing discussion and script readthroughs. Writers can bring a few copies of script, 1-4 pages in length, for the actors to perform as part of the workshop. The workshop is free and open to all.<\/p>\n<\/div>\n<div style=\"font-size: 13px; color: #534438; line-height: 20px;\"><\/div>\n<p style=\"font-size: 13px; color: #534438; line-height: 20px;\"><a style=\"color: #cc2979; text-decoration: none;\" href=\"http:\/\/www.exchangedublin.ie\/calendar\">http:\/\/www.exchangedublin.ie\/calendar<\/a><\/p>\n<\/td>\n<td valign=\"top\"><\/td>\n<\/tr>\n<\/tbody>\n<\/table>\n<\/td>\n<\/tr>\n<\/tbody>\n<\/table>\n<\/td>\n<\/tr>\n<\/tbody>\n<\/table>\n<table width=\"100%\" cellspacing=\"0\" cellpadding=\"0\">\n<tbody>\n<tr>\n<td style=\"padding: 10px 30px;\">\n<table width=\"100%\" cellspacing=\"0\" cellpadding=\"0\">\n<tbody>\n<tr>\n<td valign=\"top\" width=\"52\"><img loading=\"lazy\" decoding=\"async\" src=\"http:\/\/dublineventguide.com\/dff\/admin\/images\/categories\/LITERATURE.png\" alt=\"\" width=\"32\" height=\"32\" \/><\/td>\n<td>\n<h2 style=\"font-size: 16px; color: #534438; margin: 0 0 5px; font-weight: normal;\">Big Smoke Writing Factory&#8217;s Winter Literary Caf\u00e9<\/h2>\n<h3 style=\"font-size: 13px; margin: 0; padding: 0; line-height: 16px; color: #534438;\">18:00 &#8211; 21:00, Sun 02 Dec<\/h3>\n<p style=\"font-size: 13px; color: #534438; line-height: 20px; margin: 0; padding-top: 0;\">La Catedral Studios, 7-11 St. Augustine Street, Dublin 8<\/p>\n<table width=\"100%\" cellspacing=\"0\" cellpadding=\"0\">\n<tbody>\n<tr>\n<td valign=\"top\">\n<div style=\"font-size: 13px; color: #534438; line-height: 20px;\">\n<p style=\"margin: 10px 0;\">Big Smoke Writing Factory&#8217;s Winter Literary Caf\u00e9 with readings from the Big Smoke Students and guests, live music, mulled wine etc will take place this Sunday in the Back Loft in La Cathedral Studios.<\/p>\n<\/div>\n<div style=\"font-size: 13px; color: #534438; line-height: 20px;\"><\/div>\n<p style=\"font-size: 13px; color: #534438; line-height: 20px;\"><a style=\"color: #cc2979; text-decoration: none;\" href=\"http:\/\/www.bigsmokewritingfactory.com\/\">http:\/\/www.bigsmokewritingfactory.com\/<\/a><\/p>\n<\/td>\n<td valign=\"top\"><\/td>\n<\/tr>\n<\/tbody>\n<\/table>\n<\/td>\n<\/tr>\n<\/tbody>\n<\/table>\n<\/td>\n<\/tr>\n<\/tbody>\n<\/table>\n<table width=\"100%\" cellspacing=\"0\" cellpadding=\"0\">\n<tbody>\n<tr>\n<td style=\"padding: 10px 30px;\">\n<table width=\"100%\" cellspacing=\"0\" cellpadding=\"0\">\n<tbody>\n<tr>\n<td valign=\"top\" width=\"52\"><img loading=\"lazy\" decoding=\"async\" src=\"http:\/\/dublineventguide.com\/dff\/admin\/images\/categories\/MUSIC.png\" alt=\"\" width=\"32\" height=\"32\" \/><\/td>\n<td>\n<h2 style=\"font-size: 16px; color: #534438; margin: 0 0 5px; font-weight: normal;\">Gardiner Street Gospel Choir Mass<\/h2>\n<h3 style=\"font-size: 13px; margin: 0; padding: 0; line-height: 16px; color: #534438;\"><img loading=\"lazy\" decoding=\"async\" style=\"display: inline; float: left;\" src=\"http:\/\/dublineventguide.com\/dff\/admin\/images\/weekly.png\" alt=\"\" width=\"69\" height=\"16\" \/> 19:30 &#8211; 20:30, Sun 02 Dec<\/h3>\n<p style=\"font-size: 13px; color: #534438; line-height: 20px; margin: 0; padding-top: 0;\">St. Francis Xavier Church at the top of Gardiner Street, Dublin 1<\/p>\n<table width=\"100%\" cellspacing=\"0\" cellpadding=\"0\">\n<tbody>\n<tr>\n<td valign=\"top\">\n<div style=\"font-size: 13px; color: #534438; line-height: 20px;\">\n<p style=\"margin: 10px 0;\">The Gardiner Street Gospel Choir Mass invites to a Mass in St. Francis Xavier Church at the top of Gardiner Street near the junction with Dorset Street every Sunday at 19:30. The Gardiner Street Gospel Choir, one of the best known choirs in Ireland will sing during the mass and everybody is welcome independent from your level of religiousness.<\/p>\n<\/div>\n<div style=\"font-size: 13px; color: #534438; line-height: 20px;\"><\/div>\n<p style=\"font-size: 13px; color: #534438; line-height: 20px;\"><a style=\"color: #cc2979; text-decoration: none;\" href=\"http:\/\/www.gardinerstreetgospelchoir.com\">http:\/\/www.gardinerstreetgospelchoir.com<\/a><\/p>\n<\/td>\n<td valign=\"top\"><\/td>\n<\/tr>\n<\/tbody>\n<\/table>\n<\/td>\n<\/tr>\n<\/tbody>\n<\/table>\n<\/td>\n<\/tr>\n<\/tbody>\n<\/table>\n<table width=\"100%\" cellspacing=\"0\" cellpadding=\"0\">\n<tbody>\n<tr>\n<td style=\"padding: 10px 30px;\">\n<table width=\"100%\" cellspacing=\"0\" cellpadding=\"0\">\n<tbody>\n<tr>\n<td valign=\"top\" width=\"52\"><img loading=\"lazy\" decoding=\"async\" src=\"http:\/\/dublineventguide.com\/dff\/admin\/images\/categories\/MUSIC.png\" alt=\"\" width=\"32\" height=\"32\" \/><\/td>\n<td>\n<h2 style=\"font-size: 16px; color: #534438; margin: 0 0 5px; font-weight: normal;\">Latin Ireland<\/h2>\n<h3 style=\"font-size: 13px; margin: 0; padding: 0; line-height: 16px; color: #534438;\"><img loading=\"lazy\" decoding=\"async\" style=\"display: inline; float: left;\" src=\"http:\/\/dublineventguide.com\/dff\/admin\/images\/weekly.png\" alt=\"\" width=\"69\" height=\"16\" \/> 20:00 &#8211; 02:00, Sun 02 Dec<\/h3>\n<p style=\"font-size: 13px; color: #534438; line-height: 20px; margin: 0; padding-top: 0;\">4 Dame Lane, Dame Lane, Dublin 2<\/p>\n<table width=\"100%\" cellspacing=\"0\" cellpadding=\"0\">\n<tbody>\n<tr>\n<td valign=\"top\">\n<div style=\"font-size: 13px; color: #534438; line-height: 20px;\">\n<p style=\"margin: 10px 0;\">Every Sunday a band will play from 21:00-22:30, a Latin Beat Club, Brazilian DJs and Salsa Classes (from 18:00) are additional features. Admission is free.<\/p>\n<\/div>\n<div style=\"font-size: 13px; color: #534438; line-height: 20px;\"><\/div>\n<p style=\"font-size: 13px; color: #534438; line-height: 20px;\"><a style=\"color: #cc2979; text-decoration: none;\" href=\"http:\/\/www.4damelane.ie\/\">http:\/\/www.4damelane.ie\/<\/a><\/p>\n<\/td>\n<td valign=\"top\"><\/td>\n<\/tr>\n<\/tbody>\n<\/table>\n<\/td>\n<\/tr>\n<\/tbody>\n<\/table>\n<\/td>\n<\/tr>\n<\/tbody>\n<\/table>\n<table width=\"100%\" cellspacing=\"0\" cellpadding=\"0\">\n<tbody>\n<tr>\n<td style=\"padding: 10px 30px;\">\n<table width=\"100%\" cellspacing=\"0\" cellpadding=\"0\">\n<tbody>\n<tr>\n<td valign=\"top\" width=\"52\"><img loading=\"lazy\" decoding=\"async\" src=\"http:\/\/dublineventguide.com\/dff\/admin\/images\/categories\/MUSIC.png\" alt=\"\" width=\"32\" height=\"32\" \/><\/td>\n<td>\n<h2 style=\"font-size: 16px; color: #534438; margin: 0 0 5px; font-weight: normal;\">World Art and Music Club &#8211; Jazz<\/h2>\n<h3 style=\"font-size: 13px; margin: 0; padding: 0; line-height: 16px; color: #534438;\">20:00 &#8211; 21:30, Sun 02 Dec<\/h3>\n<p style=\"font-size: 13px; color: #534438; line-height: 20px; margin: 0; padding-top: 0;\">Exchange Dublin, Upper Exchange Street, Temple Bar, Dublin 2<\/p>\n<table width=\"100%\" cellspacing=\"0\" cellpadding=\"0\">\n<tbody>\n<tr>\n<td valign=\"top\">\n<div style=\"font-size: 13px; color: #534438; line-height: 20px;\">\n<p style=\"margin: 10px 0;\">A free performance by 12 year old jazz sax player Denny Stupakov.<\/p>\n<\/div>\n<div style=\"font-size: 13px; color: #534438; line-height: 20px;\"><\/div>\n<p style=\"font-size: 13px; color: #534438; line-height: 20px;\"><a style=\"color: #cc2979; text-decoration: none;\" href=\"http:\/\/www.exchangedublin.ie\/ai1ec_event\/world-art-and-music-club-studio-eire-jazz-set-strolling-in-dublin?instance_id=330810\">http:\/\/www.exchangedublin.ie\/ai1ec_event\/world-art-and-music-club-studio-eire-jazz-set-strolling-in-dublin?instance_id=330810<\/a><\/p>\n<\/td>\n<td valign=\"top\"><\/td>\n<\/tr>\n<\/tbody>\n<\/table>\n<\/td>\n<\/tr>\n<\/tbody>\n<\/table>\n<\/td>\n<\/tr>\n<\/tbody>\n<\/table>\n<table width=\"100%\" cellspacing=\"0\" cellpadding=\"0\">\n<tbody>\n<tr>\n<td style=\"padding: 10px 30px;\">\n<table width=\"100%\" cellspacing=\"0\" cellpadding=\"0\">\n<tbody>\n<tr>\n<td valign=\"top\" width=\"52\"><img loading=\"lazy\" decoding=\"async\" src=\"http:\/\/dublineventguide.com\/dff\/admin\/images\/categories\/COMEDY.png\" alt=\"\" width=\"32\" height=\"32\" \/><\/td>\n<td>\n<h2 style=\"font-size: 16px; color: #534438; margin: 0 0 5px; font-weight: normal;\">Comedy Crunch<\/h2>\n<h3 style=\"font-size: 13px; margin: 0; padding: 0; line-height: 16px; color: #534438;\"><img loading=\"lazy\" decoding=\"async\" style=\"display: inline; float: left;\" src=\"http:\/\/dublineventguide.com\/dff\/admin\/images\/weekly.png\" alt=\"\" width=\"69\" height=\"16\" \/> 21:00 &#8211; 00:00, Sun 02 Dec<\/h3>\n<p style=\"font-size: 13px; color: #534438; line-height: 20px; margin: 0; padding-top: 0;\">Stag&#8217;s Head (downstairs), Dame Lane, Dublin 2<\/p>\n<table width=\"100%\" cellspacing=\"0\" cellpadding=\"0\">\n<tbody>\n<tr>\n<td valign=\"top\">\n<div style=\"font-size: 13px; color: #534438; line-height: 20px;\">\n<p style=\"margin: 10px 0;\">The Comedy Crunch is a free Stand Up comedy downstairs in Stag&#8217;s Head, Dame Lane from 21:00 every week on Sun+Mon. Every week different comedians entertain and on top of that there is some free ice cream. This Sunday&#8217;s line up is Paul Currie as the headliner with Kevin McGahern.<\/p>\n<\/div>\n<div style=\"font-size: 13px; color: #534438; line-height: 20px;\"><\/div>\n<p style=\"font-size: 13px; color: #534438; line-height: 20px;\"><a style=\"color: #cc2979; text-decoration: none;\" href=\"http:\/\/www.facebook.com\/pages\/The-Comedy-Crunch\/83791357330\">http:\/\/www.facebook.com\/pages\/The-Comedy-Crunch\/83791357330<\/a><\/p>\n<\/td>\n<td valign=\"top\"><\/td>\n<\/tr>\n<\/tbody>\n<\/table>\n<\/td>\n<\/tr>\n<\/tbody>\n<\/table>\n<\/td>\n<\/tr>\n<\/tbody>\n<\/table>\n<table width=\"100%\" cellspacing=\"0\" cellpadding=\"0\">\n<tbody>\n<tr>\n<td style=\"padding: 10px 30px;\">\n<table width=\"100%\" cellspacing=\"0\" cellpadding=\"0\">\n<tbody>\n<tr>\n<td valign=\"top\" width=\"52\"><img loading=\"lazy\" decoding=\"async\" src=\"http:\/\/dublineventguide.com\/dff\/admin\/images\/categories\/DANCE.png\" alt=\"\" width=\"32\" height=\"32\" \/><\/td>\n<td>\n<h2 style=\"font-size: 16px; color: #534438; margin: 0 0 5px; font-weight: normal;\">Forro de Lampiao &#8211; Brazilian Dance<\/h2>\n<h3 style=\"font-size: 13px; margin: 0; padding: 0; line-height: 16px; color: #534438;\"><img loading=\"lazy\" decoding=\"async\" style=\"display: inline; float: left;\" src=\"http:\/\/dublineventguide.com\/dff\/admin\/images\/weekly.png\" alt=\"\" width=\"69\" height=\"16\" \/> 21:00 &#8211; 02:30, Sun 02 Dec<\/h3>\n<p style=\"font-size: 13px; color: #534438; line-height: 20px; margin: 0; padding-top: 0;\">Grand Social, 35 Lower Liffey Street (near Ha&#8217;Penny Bridge), Dublin 1<\/p>\n<table width=\"100%\" cellspacing=\"0\" cellpadding=\"0\">\n<tbody>\n<tr>\n<td valign=\"top\">\n<div style=\"font-size: 13px; color: #534438; line-height: 20px;\">\n<p style=\"margin: 10px 0;\">Rog\u00e9rio from the Brazilian dance project &#8220;Forr\u00f3 de Lampi\u00e3o&#8221; in Dublin tells me: Forr\u00f3 de Lampi\u00e3o is Brazilian music that has the same roots as Samba and there is a whole culture that has developed around &#8220;forro&#8221;. Every Sunday, free dance classes take place in the Grand Social (new loation!) and if you are interested, just turn up one Sunday.<\/p>\n<\/div>\n<div style=\"font-size: 13px; color: #534438; line-height: 20px;\"><\/div>\n<p style=\"font-size: 13px; color: #534438; line-height: 20px;\"><a style=\"color: #cc2979; text-decoration: none;\" href=\"http:\/\/www.facebook.com\/groups\/forrodelampiaodublin\/\">http:\/\/www.facebook.com\/groups\/forrodelampiaodublin\/<\/a><\/p>\n<\/td>\n<td valign=\"top\"><\/td>\n<\/tr>\n<\/tbody>\n<\/table>\n<\/td>\n<\/tr>\n<\/tbody>\n<\/table>\n<\/td>\n<\/tr>\n<\/tbody>\n<\/table>\n<table width=\"100%\" cellspacing=\"0\" cellpadding=\"0\">\n<tbody>\n<tr>\n<td style=\"padding: 10px 30px;\">\n<table width=\"100%\" cellspacing=\"0\" cellpadding=\"0\">\n<tbody>\n<tr>\n<td valign=\"top\" width=\"52\"><img loading=\"lazy\" decoding=\"async\" src=\"http:\/\/dublineventguide.com\/dff\/admin\/images\/categories\/MUSIC.png\" alt=\"\" width=\"32\" height=\"32\" \/><\/td>\n<td>\n<h2 style=\"font-size: 16px; color: #534438; margin: 0 0 5px; font-weight: normal;\">Rhythm Rocker<\/h2>\n<h3 style=\"font-size: 13px; margin: 0; padding: 0; line-height: 16px; color: #534438;\"><img loading=\"lazy\" decoding=\"async\" style=\"display: inline; float: left;\" src=\"http:\/\/dublineventguide.com\/dff\/admin\/images\/weekly.png\" alt=\"\" width=\"69\" height=\"16\" \/> 21:00, Sun 02 Dec<\/h3>\n<p style=\"font-size: 13px; color: #534438; line-height: 20px; margin: 0; padding-top: 0;\">The Globe, 11 South Great George&#8217;s Street, Dublin 2<\/p>\n<table width=\"100%\" cellspacing=\"0\" cellpadding=\"0\">\n<tbody>\n<tr>\n<td valign=\"top\">\n<div style=\"font-size: 13px; color: #534438; line-height: 20px;\">\n<p style=\"margin: 10px 0;\">&#8220;Rhythm Rocker at The Globe&#8221; is a weekly event on Sunday night in The Globe in Sth Great Georges Street, Dublin 2. It is a Rockabilly, R&#8217;n&#8217;R, Roots night with alternating (week by week) live bands Pavement Kings, Donna &amp; The Sazzy Catz, The Mosquitoes and The Pacifics from 21:00 and with DJs from 23:00-01:30. Admission is free.<\/p>\n<\/div>\n<div style=\"font-size: 13px; color: #534438; line-height: 20px;\"><\/div>\n<p style=\"font-size: 13px; color: #534438; line-height: 20px;\"><a style=\"color: #cc2979; text-decoration: none;\" href=\"http:\/\/www.globe.ie\/events.php\">http:\/\/www.globe.ie\/events.php<\/a><\/p>\n<\/td>\n<td valign=\"top\"><\/td>\n<\/tr>\n<\/tbody>\n<\/table>\n<\/td>\n<\/tr>\n<\/tbody>\n<\/table>\n<\/td>\n<\/tr>\n<\/tbody>\n<\/table>\n<table width=\"100%\" cellspacing=\"0\" cellpadding=\"0\">\n<tbody>\n<tr>\n<td style=\"padding: 10px 30px;\">\n<table width=\"100%\" cellspacing=\"0\" cellpadding=\"0\">\n<tbody>\n<tr>\n<td valign=\"top\" width=\"52\"><img loading=\"lazy\" decoding=\"async\" src=\"http:\/\/dublineventguide.com\/dff\/admin\/images\/categories\/MUSIC.png\" alt=\"\" width=\"32\" height=\"32\" \/><\/td>\n<td>\n<h2 style=\"font-size: 16px; color: #534438; margin: 0 0 5px; font-weight: normal;\">Billy Treacy &amp; The Ha&#8217;Penny Heads<\/h2>\n<h3 style=\"font-size: 13px; margin: 0; padding: 0; line-height: 16px; color: #534438;\"><img loading=\"lazy\" decoding=\"async\" style=\"display: inline; float: left;\" src=\"http:\/\/dublineventguide.com\/dff\/admin\/images\/weekly.png\" alt=\"\" width=\"69\" height=\"16\" \/> 21:30, Sun 02 Dec<\/h3>\n<p style=\"font-size: 13px; color: #534438; line-height: 20px; margin: 0; padding-top: 0;\">Ha&#8217;Penny Bridge Inn, 42 Wellington Quay Temple Bar, Dublin 2<\/p>\n<table width=\"100%\" cellspacing=\"0\" cellpadding=\"0\">\n<tbody>\n<tr>\n<td valign=\"top\">\n<div style=\"font-size: 13px; color: #534438; line-height: 20px;\">\n<p style=\"margin: 10px 0;\">Billy Treacy &amp; The Ha&#8217;Penny Heads are playing Ballads, Folk, Trad and Classic Country every Sunday. Featuring Guitar, Mandolin, Fiddle and Banjo.<\/p>\n<\/div>\n<div style=\"font-size: 13px; color: #534438; line-height: 20px;\"><\/div>\n<p style=\"font-size: 13px; color: #534438; line-height: 20px;\"><a style=\"color: #cc2979; text-decoration: none;\" href=\"http:\/\/www.billytreacy.com\/\">http:\/\/www.billytreacy.com\/<\/a><\/p>\n<\/td>\n<td valign=\"top\"><\/td>\n<\/tr>\n<\/tbody>\n<\/table>\n<\/td>\n<\/tr>\n<\/tbody>\n<\/table>\n<\/td>\n<\/tr>\n<\/tbody>\n<\/table>\n<table width=\"100%\" cellspacing=\"0\" cellpadding=\"0\">\n<tbody>\n<tr>\n<td style=\"padding: 10px 30px;\">\n<table width=\"100%\" cellspacing=\"0\" cellpadding=\"0\">\n<tbody>\n<tr>\n<td valign=\"top\" width=\"52\"><img loading=\"lazy\" decoding=\"async\" src=\"http:\/\/dublineventguide.com\/dff\/admin\/images\/categories\/MUSIC.png\" alt=\"\" width=\"32\" height=\"32\" \/><\/td>\n<td>\n<h2 style=\"font-size: 16px; color: #534438; margin: 0 0 5px; font-weight: normal;\">Sunday Roast<\/h2>\n<h3 style=\"font-size: 13px; margin: 0; padding: 0; line-height: 16px; color: #534438;\"><img loading=\"lazy\" decoding=\"async\" style=\"display: inline; float: left;\" src=\"http:\/\/dublineventguide.com\/dff\/admin\/images\/weekly.png\" alt=\"\" width=\"69\" height=\"16\" \/> 21:45 &#8211; 01:00, Sun 02 Dec<\/h3>\n<p style=\"font-size: 13px; color: #534438; line-height: 20px; margin: 0; padding-top: 0;\">Mercantile, 28 Dame Street, Dublin 2<\/p>\n<table width=\"100%\" cellspacing=\"0\" cellpadding=\"0\">\n<tbody>\n<tr>\n<td valign=\"top\">\n<div style=\"font-size: 13px; color: #534438; line-height: 20px;\">\n<p style=\"margin: 10px 0;\">The weekly Sunday Roast is an event in the Mercantile where live music is combined with free roast potatoes. The next Sunday Roast line up is Nella Dwyer, The Statics, Franko Franko, River City Public.<\/p>\n<p style=\"margin: 10px 0;\">\n<\/div>\n<div style=\"font-size: 13px; color: #534438; line-height: 20px;\"><\/div>\n<p style=\"font-size: 13px; color: #534438; line-height: 20px;\"><a style=\"color: #cc2979; text-decoration: none;\" href=\"https:\/\/www.facebook.com\/thesundayroast\">https:\/\/www.facebook.com\/thesundayroast<\/a><\/p>\n<\/td>\n<td valign=\"top\"><\/td>\n<\/tr>\n<\/tbody>\n<\/table>\n<\/td>\n<\/tr>\n<\/tbody>\n<\/table>\n<\/td>\n<\/tr>\n<\/tbody>\n<\/table>\n<table width=\"100%\" cellspacing=\"0\" cellpadding=\"0\">\n<tbody>\n<tr>\n<td style=\"padding: 10px 30px;\">\n<table width=\"100%\" cellspacing=\"0\" cellpadding=\"0\">\n<tbody>\n<tr>\n<td valign=\"top\" width=\"52\"><img loading=\"lazy\" decoding=\"async\" src=\"http:\/\/dublineventguide.com\/dff\/admin\/images\/categories\/MUSIC.png\" alt=\"\" width=\"32\" height=\"32\" \/><\/td>\n<td>\n<h2 style=\"font-size: 16px; color: #534438; margin: 0 0 5px; font-weight: normal;\">Cool Hand Dukes<\/h2>\n<h3 style=\"font-size: 13px; margin: 0; padding: 0; line-height: 16px; color: #534438;\"><img loading=\"lazy\" decoding=\"async\" style=\"display: inline; float: left;\" src=\"http:\/\/dublineventguide.com\/dff\/admin\/images\/weekly.png\" alt=\"\" width=\"69\" height=\"16\" \/> 22:00, Sun 02 Dec<\/h3>\n<p style=\"font-size: 13px; color: #534438; line-height: 20px; margin: 0; padding-top: 0;\">Porterhouse Central, 45-47 Nassau Street, Dublin 2<\/p>\n<table width=\"100%\" cellspacing=\"0\" cellpadding=\"0\">\n<tbody>\n<tr>\n<td valign=\"top\">\n<div style=\"font-size: 13px; color: #534438; line-height: 20px;\">\n<p style=\"margin: 10px 0;\">Every Sunday (except at Bank Holiday weekends), the Ragtime, Roots and Country Blues Band &#8220;Cool Hand Dukes&#8221; play in the Porterhouse near Grafton Street.<\/p>\n<\/div>\n<div style=\"font-size: 13px; color: #534438; line-height: 20px;\"><\/div>\n<p style=\"font-size: 13px; color: #534438; line-height: 20px;\"><a style=\"color: #cc2979; text-decoration: none;\" href=\"https:\/\/www.facebook.com\/coolhand.dukes.1\">https:\/\/www.facebook.com\/coolhand.dukes.1<\/a><\/p>\n<\/td>\n<td valign=\"top\"><\/td>\n<\/tr>\n<\/tbody>\n<\/table>\n<\/td>\n<\/tr>\n<\/tbody>\n<\/table>\n<\/td>\n<\/tr>\n<\/tbody>\n<\/table>\n<table id=\"day_1354492800\" style=\"margin-top: 10px;\" width=\"100%\" cellspacing=\"0\" cellpadding=\"0\">\n<tbody>\n<tr style=\"background-color: #c20162; color: #fff;\">\n<td style=\"padding: 0; line-height: 1; height: 34px; overflow: hidden;\">\n<p style=\"width: 630px; padding-left: 30px; margin: 0; height: 34px; overflow: hidden; line-height: 34px;\"><a name=\"day_1354492800\"><\/a><strong>Monday <\/strong> 03 Dec<\/p>\n<\/td>\n<td>\n<p style=\"margin: 0; line-height: 34px; padding: 0; font-size: 13px;\"><a style=\"color: #fff; text-decoration: none;\" href=\"#dff_top\">back to top<\/a><\/p>\n<\/td>\n<td>\n<p style=\"margin: 0; padding: 0; font-size: 13px;\"><a style=\"color: #fff; text-decoration: none;\" href=\"#dff_top\"><img loading=\"lazy\" decoding=\"async\" src=\"http:\/\/dublineventguide.com\/dff\/admin\/images\/dividers\/date_toplink.png\" alt=\"Back to top\" width=\"38\" height=\"34\" \/><\/a><\/p>\n<\/td>\n<td width=\"50\"><\/td>\n<\/tr>\n<\/tbody>\n<\/table>\n<table width=\"100%\" cellspacing=\"0\" cellpadding=\"0\">\n<tbody>\n<tr>\n<td style=\"padding: 10px 30px;\">\n<table width=\"100%\" cellspacing=\"0\" cellpadding=\"0\">\n<tbody>\n<tr>\n<td valign=\"top\" width=\"52\"><img loading=\"lazy\" decoding=\"async\" src=\"http:\/\/dublineventguide.com\/dff\/admin\/images\/categories\/MARKETS.png\" alt=\"\" width=\"32\" height=\"32\" \/><\/td>\n<td>\n<h2 style=\"font-size: 16px; color: #534438; margin: 0 0 5px; font-weight: normal;\">RDS Library Book Sale<\/h2>\n<h3 style=\"font-size: 13px; margin: 0; padding: 0; line-height: 16px; color: #534438;\">10:00 &#8211; 17:00, Mon 03 Dec<\/h3>\n<p style=\"font-size: 13px; color: #534438; line-height: 20px; margin: 0; padding-top: 0;\">RDS, Merrion Road, Ballsbridge, Dublin 4<\/p>\n<table width=\"100%\" cellspacing=\"0\" cellpadding=\"0\">\n<tbody>\n<tr>\n<td valign=\"top\">\n<div style=\"font-size: 13px; color: #534438; line-height: 20px;\">\n<p style=\"margin: 10px 0;\">The 6th yearly RDS Library Book Sale will take place in the RDS Library from 03-07 December. The Library will be selling duplicate copies and out of date books. RDS Members have also donated books for the sale. Admission is free and everybody is welcome.<\/p>\n<\/div>\n<div style=\"font-size: 13px; color: #534438; line-height: 20px;\"><\/div>\n<p style=\"font-size: 13px; color: #534438; line-height: 20px;\"><a style=\"color: #cc2979; text-decoration: none;\" href=\"http:\/\/www.rds.ie\/cat_event_detail.jsp?itemID=1100038\">http:\/\/www.rds.ie\/cat_event_detail.jsp?itemID=1100038<\/a><\/p>\n<\/td>\n<td valign=\"top\"><\/td>\n<\/tr>\n<\/tbody>\n<\/table>\n<\/td>\n<\/tr>\n<\/tbody>\n<\/table>\n<\/td>\n<\/tr>\n<\/tbody>\n<\/table>\n<table width=\"100%\" cellspacing=\"0\" cellpadding=\"0\">\n<tbody>\n<tr>\n<td style=\"padding: 10px 30px;\">\n<table width=\"100%\" cellspacing=\"0\" cellpadding=\"0\">\n<tbody>\n<tr>\n<td valign=\"top\" width=\"52\"><img loading=\"lazy\" decoding=\"async\" src=\"http:\/\/dublineventguide.com\/dff\/admin\/images\/categories\/TALKS.png\" alt=\"\" width=\"32\" height=\"32\" \/><\/td>\n<td>\n<h2 style=\"font-size: 16px; color: #534438; margin: 0 0 5px; font-weight: normal;\">National Gallery Talks<\/h2>\n<h3 style=\"font-size: 13px; margin: 0; padding: 0; line-height: 16px; color: #534438;\"><img loading=\"lazy\" decoding=\"async\" style=\"display: inline; float: left;\" src=\"http:\/\/dublineventguide.com\/dff\/admin\/images\/weekly.png\" alt=\"\" width=\"69\" height=\"16\" \/> 11:30 &#8211; 16:50, Mon 03 Dec<\/h3>\n<p style=\"font-size: 13px; color: #534438; line-height: 20px; margin: 0; padding-top: 0;\">National Gallery, Clare Street, Dublin 2<\/p>\n<table width=\"100%\" cellspacing=\"0\" cellpadding=\"0\">\n<tbody>\n<tr>\n<td valign=\"top\">\n<div style=\"font-size: 13px; color: #534438; line-height: 20px;\">\n<p style=\"margin: 10px 0;\">The National Gallery has an extensive programme of free talks, public tours and Art Documentary screenings focusing on highlights of the European and Irish Collection every day of the week. Check their website for details.<\/p>\n<\/div>\n<div style=\"font-size: 13px; color: #534438; line-height: 20px;\"><\/div>\n<p style=\"font-size: 13px; color: #534438; line-height: 20px;\"><a style=\"color: #cc2979; text-decoration: none;\" href=\"http:\/\/nationalgallery.ie\/whatson\">http:\/\/nationalgallery.ie\/whatson<\/a><\/p>\n<\/td>\n<td valign=\"top\"><\/td>\n<\/tr>\n<\/tbody>\n<\/table>\n<\/td>\n<\/tr>\n<\/tbody>\n<\/table>\n<\/td>\n<\/tr>\n<\/tbody>\n<\/table>\n<table width=\"100%\" cellspacing=\"0\" cellpadding=\"0\">\n<tbody>\n<tr>\n<td style=\"padding: 10px 30px;\">\n<table width=\"100%\" cellspacing=\"0\" cellpadding=\"0\">\n<tbody>\n<tr>\n<td valign=\"top\" width=\"52\"><img loading=\"lazy\" decoding=\"async\" src=\"http:\/\/dublineventguide.com\/dff\/admin\/images\/categories\/MUSIC.png\" alt=\"\" width=\"32\" height=\"32\" \/><\/td>\n<td>\n<h2 style=\"font-size: 16px; color: #534438; margin: 0 0 5px; font-weight: normal;\">RDS Rising Stars Recital Series &#8211; Autumn 2012<\/h2>\n<h3 style=\"font-size: 13px; margin: 0; padding: 0; line-height: 16px; color: #534438;\">13:00 &#8211; 14:00, Mon 03 Dec<\/h3>\n<p style=\"font-size: 13px; color: #534438; line-height: 20px; margin: 0; padding-top: 0;\">RDS (Concert Hall), Merrion Road, Ballsbridge, Dublin 4<\/p>\n<table width=\"100%\" cellspacing=\"0\" cellpadding=\"0\">\n<tbody>\n<tr>\n<td valign=\"top\">\n<div style=\"font-size: 13px; color: #534438; line-height: 20px;\">\n<p style=\"margin: 10px 0;\">The next Rising Stars Recital takes place on Monday, but the website doesn&#8217;t reveal yet who the rising star is. Admission is free.<\/p>\n<\/div>\n<div style=\"font-size: 13px; color: #534438; line-height: 20px;\"><\/div>\n<p style=\"font-size: 13px; color: #534438; line-height: 20px;\"><a style=\"color: #cc2979; text-decoration: none;\" href=\"http:\/\/www.rds.ie\/cat_event_detail.jsp?itemID=1099948\">http:\/\/www.rds.ie\/cat_event_detail.jsp?itemID=1099948<\/a><\/p>\n<\/td>\n<td valign=\"top\"><\/td>\n<\/tr>\n<\/tbody>\n<\/table>\n<\/td>\n<\/tr>\n<\/tbody>\n<\/table>\n<\/td>\n<\/tr>\n<\/tbody>\n<\/table>\n<table width=\"100%\" cellspacing=\"0\" cellpadding=\"0\">\n<tbody>\n<tr>\n<td style=\"padding: 10px 30px;\">\n<table width=\"100%\" cellspacing=\"0\" cellpadding=\"0\">\n<tbody>\n<tr>\n<td valign=\"top\" width=\"52\"><img loading=\"lazy\" decoding=\"async\" src=\"http:\/\/dublineventguide.com\/dff\/admin\/images\/categories\/FILM.png\" alt=\"\" width=\"32\" height=\"32\" \/><\/td>\n<td>\n<h2 style=\"font-size: 16px; color: #534438; margin: 0 0 5px; font-weight: normal;\">Archive at Lunchtime &#8211; December &#8211; IFI<\/h2>\n<h3 style=\"font-size: 13px; margin: 0; padding: 0; line-height: 16px; color: #534438;\"><img loading=\"lazy\" decoding=\"async\" style=\"display: inline; float: left;\" src=\"http:\/\/dublineventguide.com\/dff\/admin\/images\/weekly.png\" alt=\"\" width=\"69\" height=\"16\" \/> 13:10, Mon 03 Dec<\/h3>\n<p style=\"font-size: 13px; color: #534438; line-height: 20px; margin: 0; padding-top: 0;\">Irish Film Institute, 6 Eustace Street, Temple Bar, Dublin 2<\/p>\n<table width=\"100%\" cellspacing=\"0\" cellpadding=\"0\">\n<tbody>\n<tr>\n<td valign=\"top\">\n<div style=\"font-size: 13px; color: #534438; line-height: 20px;\">\n<p style=\"margin: 10px 0;\">The IFI continues with its free Archive at Lunchtime screenings on three days every week in December.<\/p>\n<p>The Double Bill on Saturdays is described here: <a style=\"color: #cc2979; text-decoration: none;\" href=\"http:\/\/www.ifi.ie\/film\/archive-at-lunchtime-dbl-bill-dec-2012\/\">http:\/\/www.ifi.ie\/film\/archive-at-lunchtime-dbl-bill-dec-2012\/<\/a><br \/>\nThe Monday\/Wednesday programme is here <a style=\"color: #cc2979; text-decoration: none;\" href=\"http:\/\/www.ifi.ie\/film\/archive-at-lunchtime-programme-1-dec-2012\/\">http:\/\/www.ifi.ie\/film\/archive-at-lunchtime-programme-1-dec-2012\/<\/a> and here <a style=\"color: #cc2979; text-decoration: none;\" href=\"http:\/\/www.ifi.ie\/film\/archive-at-lunchtime-prog-2-dec-2012\/\">http:\/\/www.ifi.ie\/film\/archive-at-lunchtime-prog-2-dec-2012\/<\/a><\/p>\n<\/div>\n<div style=\"font-size: 13px; color: #534438; line-height: 20px;\"><\/div>\n<p style=\"font-size: 13px; color: #534438; line-height: 20px;\"><a style=\"color: #cc2979; text-decoration: none;\" href=\"http:\/\/www.ifi.ie\/\">http:\/\/www.ifi.ie\/<\/a><\/p>\n<\/td>\n<td valign=\"top\"><\/td>\n<\/tr>\n<\/tbody>\n<\/table>\n<\/td>\n<\/tr>\n<\/tbody>\n<\/table>\n<\/td>\n<\/tr>\n<\/tbody>\n<\/table>\n<table width=\"100%\" cellspacing=\"0\" cellpadding=\"0\">\n<tbody>\n<tr>\n<td style=\"padding: 10px 30px;\">\n<table width=\"100%\" cellspacing=\"0\" cellpadding=\"0\">\n<tbody>\n<tr>\n<td valign=\"top\" width=\"52\"><img loading=\"lazy\" decoding=\"async\" src=\"http:\/\/dublineventguide.com\/dff\/admin\/images\/categories\/LITERATURE.png\" alt=\"\" width=\"32\" height=\"32\" \/><\/td>\n<td>\n<h2 style=\"font-size: 16px; color: #534438; margin: 0 0 5px; font-weight: normal;\">First Monday Literary Reading<\/h2>\n<h3 style=\"font-size: 13px; margin: 0; padding: 0; line-height: 16px; color: #534438;\">15:00 &#8211; 18:00, Mon 03 Dec<\/h3>\n<p style=\"font-size: 13px; color: #534438; line-height: 20px; margin: 0; padding-top: 0;\">Exchange Dublin, Upper Exchange Street, Temple Bar, Dublin 2<\/p>\n<table width=\"100%\" cellspacing=\"0\" cellpadding=\"0\">\n<tbody>\n<tr>\n<td valign=\"top\">\n<div style=\"font-size: 13px; color: #534438; line-height: 20px;\">\n<p style=\"margin: 10px 0;\">This regular open-mic literary event is held on the first Monday of every month and anyone can come along to read aloud one or more of your favourite pieces from literature at the event or you can even request that someone else reads your favourite piece, if you don\u2019t want to. The literary pieces don\u2019t have to be in English or in Irish. Recently an extract from Dante\u2019s \u2018Inferno\u2019 was read in the original Italian and some piece from Lorca was first read in Spanish and then translated into English. Admission is free.<\/p>\n<p style=\"margin: 10px 0;\">For further information contact Howard, who organises the event, on 085 2350530.<\/p>\n<\/div>\n<div style=\"font-size: 13px; color: #534438; line-height: 20px;\"><\/div>\n<p style=\"font-size: 13px; color: #534438; line-height: 20px;\"><a style=\"color: #cc2979; text-decoration: none;\" href=\"https:\/\/www.facebook.com\/CINECAFE.PictureShow\">https:\/\/www.facebook.com\/CINECAFE.PictureShow<\/a><\/p>\n<\/td>\n<td valign=\"top\"><\/td>\n<\/tr>\n<\/tbody>\n<\/table>\n<\/td>\n<\/tr>\n<\/tbody>\n<\/table>\n<\/td>\n<\/tr>\n<\/tbody>\n<\/table>\n<table width=\"100%\" cellspacing=\"0\" cellpadding=\"0\">\n<tbody>\n<tr>\n<td style=\"padding: 10px 30px;\">\n<table width=\"100%\" cellspacing=\"0\" cellpadding=\"0\">\n<tbody>\n<tr>\n<td valign=\"top\" width=\"52\"><img loading=\"lazy\" decoding=\"async\" src=\"http:\/\/dublineventguide.com\/dff\/admin\/images\/categories\/MUSIC.png\" alt=\"\" width=\"32\" height=\"32\" \/><\/td>\n<td>\n<h2 style=\"font-size: 16px; color: #534438; margin: 0 0 5px; font-weight: normal;\">Babylon Sisters &#8211; EP Launch<\/h2>\n<h3 style=\"font-size: 13px; margin: 0; padding: 0; line-height: 16px; color: #534438;\">18:00 &#8211; 23:00, Mon 03 Dec<\/h3>\n<p style=\"font-size: 13px; color: #534438; line-height: 20px; margin: 0; padding-top: 0;\">Wilde Venue, 6-8 Wicklow Street, Dublin 2<\/p>\n<table width=\"100%\" cellspacing=\"0\" cellpadding=\"0\">\n<tbody>\n<tr>\n<td valign=\"top\">\n<div style=\"font-size: 13px; color: #534438; line-height: 20px;\">\n<p>Babylon Sisters are launching their new EP in the Wilde Venue. Lynn Hilary, Lisa Nolan and Rebecca Winckworth will showcase songs from musical legends such as Frank Sinatra, Michael Jackson, Stevie Wonder, the Foo Fighters and Metallica. Doors will open at 18:00 and admission is free. The Babylon Sisters will perform from 21:00-23:00 <a style=\"color: #cc2979; text-decoration: none;\" href=\"http:\/\/www.babylonsisters.net\/\">http:\/\/www.babylonsisters.net\/<\/a><\/p>\n<\/div>\n<div style=\"font-size: 13px; color: #534438; line-height: 20px;\"><\/div>\n<p style=\"font-size: 13px; color: #534438; line-height: 20px;\"><a style=\"color: #cc2979; text-decoration: none;\" href=\"http:\/\/www.facebook.com\/BabylonSistersMusic\">http:\/\/www.facebook.com\/BabylonSistersMusic<\/a><\/p>\n<\/td>\n<td valign=\"top\"><\/td>\n<\/tr>\n<\/tbody>\n<\/table>\n<\/td>\n<\/tr>\n<\/tbody>\n<\/table>\n<\/td>\n<\/tr>\n<\/tbody>\n<\/table>\n<table width=\"100%\" cellspacing=\"0\" cellpadding=\"0\">\n<tbody>\n<tr>\n<td style=\"padding: 10px 30px;\">\n<table width=\"100%\" cellspacing=\"0\" cellpadding=\"0\">\n<tbody>\n<tr>\n<td valign=\"top\" width=\"52\"><img loading=\"lazy\" decoding=\"async\" src=\"http:\/\/dublineventguide.com\/dff\/admin\/images\/categories\/LITERATURE.png\" alt=\"\" width=\"32\" height=\"32\" \/><\/td>\n<td>\n<h2 style=\"font-size: 16px; color: #534438; margin: 0 0 5px; font-weight: normal;\">Sean Moncrieff &#8211; Book Launch<\/h2>\n<h3 style=\"font-size: 13px; margin: 0; padding: 0; line-height: 16px; color: #534438;\">18:30, Mon 03 Dec<\/h3>\n<p style=\"font-size: 13px; color: #534438; line-height: 20px; margin: 0; padding-top: 0;\">Hughes &amp; Hughes, St. Stephen&#8217;s Green Shopping Centre, Dublin 2<\/p>\n<table width=\"100%\" cellspacing=\"0\" cellpadding=\"0\">\n<tbody>\n<tr>\n<td valign=\"top\">\n<div style=\"font-size: 13px; color: #534438; line-height: 20px;\">\n<p style=\"margin: 10px 0;\">Sean Moncrieff, known to many through his Newstalk radio show &#8220;Moncrieff&#8221;, is launching his new book &#8220;Angel of the Streetlamps&#8221; about a economically devastated Ireland. Admission is free, but you need to download your invitation via the website below.<\/p>\n<\/div>\n<div style=\"font-size: 13px; color: #534438; line-height: 20px;\"><\/div>\n<p style=\"font-size: 13px; color: #534438; line-height: 20px;\"><a style=\"color: #cc2979; text-decoration: none;\" href=\"http:\/\/www.hughesandhughes.ie\/content\/book-launch-sean-moncrieff\">http:\/\/www.hughesandhughes.ie\/content\/book-launch-sean-moncrieff<\/a><\/p>\n<\/td>\n<td valign=\"top\"><\/td>\n<\/tr>\n<\/tbody>\n<\/table>\n<\/td>\n<\/tr>\n<\/tbody>\n<\/table>\n<\/td>\n<\/tr>\n<\/tbody>\n<\/table>\n<table width=\"100%\" cellspacing=\"0\" cellpadding=\"0\">\n<tbody>\n<tr>\n<td style=\"padding: 10px 30px;\">\n<table width=\"100%\" cellspacing=\"0\" cellpadding=\"0\">\n<tbody>\n<tr>\n<td valign=\"top\" width=\"52\"><img loading=\"lazy\" decoding=\"async\" src=\"http:\/\/dublineventguide.com\/dff\/admin\/images\/categories\/ACTIVITY.png\" alt=\"\" width=\"32\" height=\"32\" \/><\/td>\n<td>\n<h2 style=\"font-size: 16px; color: #534438; margin: 0 0 5px; font-weight: normal;\">Sahaja Yoga Meditation<\/h2>\n<h3 style=\"font-size: 13px; margin: 0; padding: 0; line-height: 16px; color: #534438;\"><img loading=\"lazy\" decoding=\"async\" style=\"display: inline; float: left;\" src=\"http:\/\/dublineventguide.com\/dff\/admin\/images\/weekly.png\" alt=\"\" width=\"69\" height=\"16\" \/> 19:00, Mon 03 Dec<\/h3>\n<p style=\"font-size: 13px; color: #534438; line-height: 20px; margin: 0; padding-top: 0;\">Blakestown Community Resource Centre (next to Lidl), Blakestown Way, Dublin 15<\/p>\n<table width=\"100%\" cellspacing=\"0\" cellpadding=\"0\">\n<tbody>\n<tr>\n<td valign=\"top\">\n<div style=\"font-size: 13px; color: #534438; line-height: 20px;\">\n<p style=\"margin: 10px 0;\">Need to wind down after a tiring week? Free Sahaja Yoga Meditation (not physical yoga, but &#8220;yoga meditation&#8221;!) classes every Monday from 19:00 in Blakestown Community Resource Centre (next to Lidl).<\/p>\n<p style=\"margin: 10px 0;\">This is a drop in class, with newcomers are welcome.<\/p>\n<\/div>\n<div style=\"font-size: 13px; color: #534438; line-height: 20px;\"><\/div>\n<p style=\"font-size: 13px; color: #534438; line-height: 20px;\"><a style=\"color: #cc2979; text-decoration: none;\" href=\"http:\/\/www.sahajayoga.ie\">http:\/\/www.sahajayoga.ie<\/a><\/p>\n<\/td>\n<td valign=\"top\"><\/td>\n<\/tr>\n<\/tbody>\n<\/table>\n<\/td>\n<\/tr>\n<\/tbody>\n<\/table>\n<\/td>\n<\/tr>\n<\/tbody>\n<\/table>\n<table width=\"100%\" cellspacing=\"0\" cellpadding=\"0\">\n<tbody>\n<tr>\n<td style=\"padding: 10px 30px;\">\n<table width=\"100%\" cellspacing=\"0\" cellpadding=\"0\">\n<tbody>\n<tr>\n<td valign=\"top\" width=\"52\"><img loading=\"lazy\" decoding=\"async\" src=\"http:\/\/dublineventguide.com\/dff\/admin\/images\/categories\/ACTIVITY.png\" alt=\"\" width=\"32\" height=\"32\" \/><\/td>\n<td>\n<h2 style=\"font-size: 16px; color: #534438; margin: 0 0 5px; font-weight: normal;\">Irish Astronomical Society &#8211; Christmas Party<\/h2>\n<h3 style=\"font-size: 13px; margin: 0; padding: 0; line-height: 16px; color: #534438;\">20:00, Mon 03 Dec<\/h3>\n<p style=\"font-size: 13px; color: #534438; line-height: 20px; margin: 0; padding-top: 0;\">Gonzaga College, Sandford Road, Ranelagh, Dublin 6<\/p>\n<table width=\"100%\" cellspacing=\"0\" cellpadding=\"0\">\n<tbody>\n<tr>\n<td valign=\"top\">\n<div style=\"font-size: 13px; color: #534438; line-height: 20px;\">\n<p style=\"margin: 10px 0;\">The Irish Astronomical Society is celebrating their Christmas Party and will show a video by the European Space Organisation (ESO) about its first 50 years. Admission is free and all are welcome.<\/p>\n<\/div>\n<div style=\"font-size: 13px; color: #534438; line-height: 20px;\"><\/div>\n<p style=\"font-size: 13px; color: #534438; line-height: 20px;\"><a style=\"color: #cc2979; text-decoration: none;\" href=\"http:\/\/www.irishastrosoc.org\/wordpress\/\">http:\/\/www.irishastrosoc.org\/wordpress\/<\/a><\/p>\n<\/td>\n<td valign=\"top\"><\/td>\n<\/tr>\n<\/tbody>\n<\/table>\n<\/td>\n<\/tr>\n<\/tbody>\n<\/table>\n<\/td>\n<\/tr>\n<\/tbody>\n<\/table>\n<table width=\"100%\" cellspacing=\"0\" cellpadding=\"0\">\n<tbody>\n<tr>\n<td style=\"padding: 10px 30px;\">\n<table width=\"100%\" cellspacing=\"0\" cellpadding=\"0\">\n<tbody>\n<tr>\n<td valign=\"top\" width=\"52\"><img loading=\"lazy\" decoding=\"async\" src=\"http:\/\/dublineventguide.com\/dff\/admin\/images\/categories\/ART.png\" alt=\"\" width=\"32\" height=\"32\" \/><\/td>\n<td>\n<h2 style=\"font-size: 16px; color: #534438; margin: 0 0 5px; font-weight: normal;\">Exchange Focus &#8211; Photography Workshop<\/h2>\n<h3 style=\"font-size: 13px; margin: 0; padding: 0; line-height: 16px; color: #534438;\">20:30 &#8211; 23:00, Mon 03 Dec<\/h3>\n<p style=\"font-size: 13px; color: #534438; line-height: 20px; margin: 0; padding-top: 0;\">Exchange Dublin, Upper Exchange Street, Temple Bar, Dublin 2<\/p>\n<table width=\"100%\" cellspacing=\"0\" cellpadding=\"0\">\n<tbody>\n<tr>\n<td valign=\"top\">\n<div style=\"font-size: 13px; color: #534438; line-height: 20px;\">\n<p style=\"margin: 10px 0;\">Exchange Focus is a collective photography group. They act as a forum and meeting point for Dublin photographers to share techniques and collaborate on projects and they regularly exhibit their work and run free workshops in all aspects of photography. The group meets every second week on Monday nights and is open to everyone. All levels of experience are catered for.<\/p>\n<\/div>\n<div style=\"font-size: 13px; color: #534438; line-height: 20px;\"><\/div>\n<p style=\"font-size: 13px; color: #534438; line-height: 20px;\"><a style=\"color: #cc2979; text-decoration: none;\" href=\"http:\/\/www.exchangedublin.ie\/calendar\">http:\/\/www.exchangedublin.ie\/calendar<\/a><\/p>\n<\/td>\n<td valign=\"top\"><\/td>\n<\/tr>\n<\/tbody>\n<\/table>\n<\/td>\n<\/tr>\n<\/tbody>\n<\/table>\n<\/td>\n<\/tr>\n<\/tbody>\n<\/table>\n<table width=\"100%\" cellspacing=\"0\" cellpadding=\"0\">\n<tbody>\n<tr>\n<td style=\"padding: 10px 30px;\">\n<table width=\"100%\" cellspacing=\"0\" cellpadding=\"0\">\n<tbody>\n<tr>\n<td valign=\"top\" width=\"52\"><img loading=\"lazy\" decoding=\"async\" src=\"http:\/\/dublineventguide.com\/dff\/admin\/images\/categories\/COMEDY.png\" alt=\"\" width=\"32\" height=\"32\" \/><\/td>\n<td>\n<h2 style=\"font-size: 16px; color: #534438; margin: 0 0 5px; font-weight: normal;\">Comedy Crunch<\/h2>\n<h3 style=\"font-size: 13px; margin: 0; padding: 0; line-height: 16px; color: #534438;\"><img loading=\"lazy\" decoding=\"async\" style=\"display: inline; float: left;\" src=\"http:\/\/dublineventguide.com\/dff\/admin\/images\/weekly.png\" alt=\"\" width=\"69\" height=\"16\" \/> 21:00 &#8211; 23:00, Mon 03 Dec<\/h3>\n<p style=\"font-size: 13px; color: #534438; line-height: 20px; margin: 0; padding-top: 0;\">Stag&#8217;s Head (downstairs), Dame Lane, Dublin 2<\/p>\n<table width=\"100%\" cellspacing=\"0\" cellpadding=\"0\">\n<tbody>\n<tr>\n<td valign=\"top\">\n<div style=\"font-size: 13px; color: #534438; line-height: 20px;\">\n<p>The Comedy Crunch is a free Stand Up comedy event every Sunday and Monday. Every week different comedians entertain and on top of good comedy you will get free ice cream. Admission is free. This Monday&#8217;s line up is <span>Jim Elliott &amp; Derek Ryan <\/span><span>with support from Eve Darcy &amp; Elaine Gallgher. <\/span><\/p>\n<\/div>\n<div style=\"font-size: 13px; color: #534438; line-height: 20px;\"><\/div>\n<p style=\"font-size: 13px; color: #534438; line-height: 20px;\"><a style=\"color: #cc2979; text-decoration: none;\" href=\"http:\/\/www.facebook.com\/pages\/The-Comedy-Crunch\/83791357330\">http:\/\/www.facebook.com\/pages\/The-Comedy-Crunch\/83791357330<\/a><\/p>\n<\/td>\n<td valign=\"top\"><\/td>\n<\/tr>\n<\/tbody>\n<\/table>\n<\/td>\n<\/tr>\n<\/tbody>\n<\/table>\n<\/td>\n<\/tr>\n<\/tbody>\n<\/table>\n<table width=\"100%\" cellspacing=\"0\" cellpadding=\"0\">\n<tbody>\n<tr>\n<td style=\"padding: 10px 30px;\">\n<table width=\"100%\" cellspacing=\"0\" cellpadding=\"0\">\n<tbody>\n<tr>\n<td valign=\"top\" width=\"52\"><img loading=\"lazy\" decoding=\"async\" src=\"http:\/\/dublineventguide.com\/dff\/admin\/images\/categories\/MUSIC.png\" alt=\"\" width=\"32\" height=\"32\" \/><\/td>\n<td>\n<h2 style=\"font-size: 16px; color: #534438; margin: 0 0 5px; font-weight: normal;\">Rock &amp; Reggae Night &#8211; Hangover Club<\/h2>\n<h3 style=\"font-size: 13px; margin: 0; padding: 0; line-height: 16px; color: #534438;\"><img loading=\"lazy\" decoding=\"async\" style=\"display: inline; float: left;\" src=\"http:\/\/dublineventguide.com\/dff\/admin\/images\/weekly.png\" alt=\"\" width=\"69\" height=\"16\" \/> 21:45 &#8211; 02:30, Mon 03 Dec<\/h3>\n<p style=\"font-size: 13px; color: #534438; line-height: 20px; margin: 0; padding-top: 0;\">Fibber Magee&#8217;s, Parnell Street, Dublin 1<\/p>\n<table width=\"100%\" cellspacing=\"0\" cellpadding=\"0\">\n<tbody>\n<tr>\n<td valign=\"top\">\n<div style=\"font-size: 13px; color: #534438; line-height: 20px;\">\n<p style=\"margin: 10px 0;\">Every Monday, a mix of musicians from bands like The Seven Deadly Skins \/ Animal Cracker \/ Upbeat Generation \/ Crete Boom &amp; more come together to play a free night of Rock &amp; Reggae.<\/p>\n<\/div>\n<div style=\"font-size: 13px; color: #534438; line-height: 20px;\"><\/div>\n<p style=\"font-size: 13px; color: #534438; line-height: 20px;\"><a style=\"color: #cc2979; text-decoration: none;\" href=\"http:\/\/www.facebook.com\/TheHangoverClub\">http:\/\/www.facebook.com\/TheHangoverClub<\/a><\/p>\n<\/td>\n<td valign=\"top\"><\/td>\n<\/tr>\n<\/tbody>\n<\/table>\n<\/td>\n<\/tr>\n<\/tbody>\n<\/table>\n<\/td>\n<\/tr>\n<\/tbody>\n<\/table>\n<table id=\"day_1354579200\" style=\"margin-top: 10px;\" width=\"100%\" cellspacing=\"0\" cellpadding=\"0\">\n<tbody>\n<tr style=\"background-color: #c20162; color: #fff;\">\n<td style=\"padding: 0; line-height: 1; height: 34px; overflow: hidden;\">\n<p style=\"width: 630px; padding-left: 30px; margin: 0; height: 34px; overflow: hidden; line-height: 34px;\"><a name=\"day_1354579200\"><\/a><strong>Tuesday <\/strong> 04 Dec<\/p>\n<\/td>\n<td>\n<p style=\"margin: 0; line-height: 34px; padding: 0; font-size: 13px;\"><a style=\"color: #fff; text-decoration: none;\" href=\"#dff_top\">back to top<\/a><\/p>\n<\/td>\n<td>\n<p style=\"margin: 0; padding: 0; font-size: 13px;\"><a style=\"color: #fff; text-decoration: none;\" href=\"#dff_top\"><img loading=\"lazy\" decoding=\"async\" src=\"http:\/\/dublineventguide.com\/dff\/admin\/images\/dividers\/date_toplink.png\" alt=\"Back to top\" width=\"38\" height=\"34\" \/><\/a><\/p>\n<\/td>\n<td width=\"50\"><\/td>\n<\/tr>\n<\/tbody>\n<\/table>\n<table width=\"100%\" cellspacing=\"0\" cellpadding=\"0\">\n<tbody>\n<tr>\n<td style=\"padding: 10px 30px;\">\n<table width=\"100%\" cellspacing=\"0\" cellpadding=\"0\">\n<tbody>\n<tr>\n<td valign=\"top\" width=\"52\"><img loading=\"lazy\" decoding=\"async\" src=\"http:\/\/dublineventguide.com\/dff\/admin\/images\/categories\/MARKETS.png\" alt=\"\" width=\"32\" height=\"32\" \/><\/td>\n<td>\n<h2 style=\"font-size: 16px; color: #534438; margin: 0 0 5px; font-weight: normal;\">RDS Library Book Sale<\/h2>\n<h3 style=\"font-size: 13px; margin: 0; padding: 0; line-height: 16px; color: #534438;\">10:00 &#8211; 17:00, Tue 04 Dec<\/h3>\n<p style=\"font-size: 13px; color: #534438; line-height: 20px; margin: 0; padding-top: 0;\">RDS, Merrion Road, Ballsbridge, Dublin 4<\/p>\n<table width=\"100%\" cellspacing=\"0\" cellpadding=\"0\">\n<tbody>\n<tr>\n<td valign=\"top\">\n<div style=\"font-size: 13px; color: #534438; line-height: 20px;\">\n<p style=\"margin: 10px 0;\">The 6th yearly RDS Library Book Sale will take place in the RDS Library from 03-07 December. The Library will be selling duplicate copies and out of date books. RDS Members have also donated books for the sale. Admission is free and everybody is welcome.<\/p>\n<\/div>\n<div style=\"font-size: 13px; color: #534438; line-height: 20px;\"><\/div>\n<p style=\"font-size: 13px; color: #534438; line-height: 20px;\"><a style=\"color: #cc2979; text-decoration: none;\" href=\"http:\/\/www.rds.ie\/cat_event_detail.jsp?itemID=1100038\">http:\/\/www.rds.ie\/cat_event_detail.jsp?itemID=1100038<\/a><\/p>\n<\/td>\n<td valign=\"top\"><\/td>\n<\/tr>\n<\/tbody>\n<\/table>\n<\/td>\n<\/tr>\n<\/tbody>\n<\/table>\n<\/td>\n<\/tr>\n<\/tbody>\n<\/table>\n<table width=\"100%\" cellspacing=\"0\" cellpadding=\"0\">\n<tbody>\n<tr>\n<td style=\"padding: 10px 30px;\">\n<table width=\"100%\" cellspacing=\"0\" cellpadding=\"0\">\n<tbody>\n<tr>\n<td valign=\"top\" width=\"52\"><img loading=\"lazy\" decoding=\"async\" src=\"http:\/\/dublineventguide.com\/dff\/admin\/images\/categories\/TALKS.png\" alt=\"\" width=\"32\" height=\"32\" \/><\/td>\n<td>\n<h2 style=\"font-size: 16px; color: #534438; margin: 0 0 5px; font-weight: normal;\">National Gallery Talks<\/h2>\n<h3 style=\"font-size: 13px; margin: 0; padding: 0; line-height: 16px; color: #534438;\"><img loading=\"lazy\" decoding=\"async\" style=\"display: inline; float: left;\" src=\"http:\/\/dublineventguide.com\/dff\/admin\/images\/weekly.png\" alt=\"\" width=\"69\" height=\"16\" \/> 11:30 &#8211; 16:50, Tue 04 Dec<\/h3>\n<p style=\"font-size: 13px; color: #534438; line-height: 20px; margin: 0; padding-top: 0;\">National Gallery, Clare Street, Dublin 2<\/p>\n<table width=\"100%\" cellspacing=\"0\" cellpadding=\"0\">\n<tbody>\n<tr>\n<td valign=\"top\">\n<div style=\"font-size: 13px; color: #534438; line-height: 20px;\">\n<p style=\"margin: 10px 0;\">The National Gallery has an extensive programme of free talks, public tours and Art Documentary screenings focusing on highlights of the European and Irish Collection every day of the week. Check their website for details.<\/p>\n<\/div>\n<div style=\"font-size: 13px; color: #534438; line-height: 20px;\"><\/div>\n<p style=\"font-size: 13px; color: #534438; line-height: 20px;\"><a style=\"color: #cc2979; text-decoration: none;\" href=\"http:\/\/nationalgallery.ie\/whatson\">http:\/\/nationalgallery.ie\/whatson<\/a><\/p>\n<\/td>\n<td valign=\"top\"><\/td>\n<\/tr>\n<\/tbody>\n<\/table>\n<\/td>\n<\/tr>\n<\/tbody>\n<\/table>\n<\/td>\n<\/tr>\n<\/tbody>\n<\/table>\n<table width=\"100%\" cellspacing=\"0\" cellpadding=\"0\">\n<tbody>\n<tr>\n<td style=\"padding: 10px 30px;\">\n<table width=\"100%\" cellspacing=\"0\" cellpadding=\"0\">\n<tbody>\n<tr>\n<td valign=\"top\" width=\"52\"><img loading=\"lazy\" decoding=\"async\" src=\"http:\/\/dublineventguide.com\/dff\/admin\/images\/categories\/ACTIVITY.png\" alt=\"\" width=\"32\" height=\"32\" \/><\/td>\n<td>\n<h2 style=\"font-size: 16px; color: #534438; margin: 0 0 5px; font-weight: normal;\">Sackville Place Bombing Anniversary<\/h2>\n<h3 style=\"font-size: 13px; margin: 0; padding: 0; line-height: 16px; color: #534438;\">11:30, Tue 04 Dec<\/h3>\n<p style=\"font-size: 13px; color: #534438; line-height: 20px; margin: 0; padding-top: 0;\">Sackville Place, Dublin 1<\/p>\n<table width=\"100%\" cellspacing=\"0\" cellpadding=\"0\">\n<tbody>\n<tr>\n<td valign=\"top\">\n<div style=\"font-size: 13px; color: #534438; line-height: 20px;\">\n<p style=\"margin: 10px 0;\">The 40th Anniversary of the Dublin Bombings in Dec 1972 and Jan 1973 is on Tuesday and a wreath-laying ceremony to honour and remember the three bus men who were killed will take place in Sackville Place at the site of the pavement memorial: \u2018A Fallen Bouquet\u2019. The Lord Mayor of Dublin, the CEO of Dublin Bus, Justice for the Forgotten and family members will lay wreaths. The oration will be given by Mr. Jack O\u2019Connor, General President of SIPTU.<\/p>\n<p style=\"margin: 10px 0;\">The CIE Male Voice Choir and Ms Grace Bradshaw, grand-daughter of the late Tommy Duffy (killed on 1st December 1972) will provide the music. Everyone is welcome at this event.<\/p>\n<\/div>\n<div style=\"font-size: 13px; color: #534438; line-height: 20px;\"><\/div>\n<p style=\"font-size: 13px; color: #534438; line-height: 20px;\"><a style=\"color: #cc2979; text-decoration: none;\" href=\"http:\/\/www.indymedia.ie\/article\/102793\">http:\/\/www.indymedia.ie\/article\/102793<\/a><\/p>\n<\/td>\n<td valign=\"top\"><\/td>\n<\/tr>\n<\/tbody>\n<\/table>\n<\/td>\n<\/tr>\n<\/tbody>\n<\/table>\n<\/td>\n<\/tr>\n<\/tbody>\n<\/table>\n<table width=\"100%\" cellspacing=\"0\" cellpadding=\"0\">\n<tbody>\n<tr>\n<td style=\"padding: 10px 30px;\">\n<table width=\"100%\" cellspacing=\"0\" cellpadding=\"0\">\n<tbody>\n<tr>\n<td valign=\"top\" width=\"52\"><img loading=\"lazy\" decoding=\"async\" src=\"http:\/\/dublineventguide.com\/dff\/admin\/images\/categories\/ACTIVITY.png\" alt=\"\" width=\"32\" height=\"32\" \/><\/td>\n<td>\n<h2 style=\"font-size: 16px; color: #534438; margin: 0 0 5px; font-weight: normal;\">Royal Irish Academy of Music &#8211; Open Day<\/h2>\n<h3 style=\"font-size: 13px; margin: 0; padding: 0; line-height: 16px; color: #534438;\">15:00 &#8211; 18:00, Tue 04 Dec<\/h3>\n<p style=\"font-size: 13px; color: #534438; line-height: 20px; margin: 0; padding-top: 0;\">Royal Irish Academy of Music, 38 Westland Row, Dublin 2<\/p>\n<table width=\"100%\" cellspacing=\"0\" cellpadding=\"0\">\n<tbody>\n<tr>\n<td valign=\"top\">\n<div style=\"font-size: 13px; color: #534438; line-height: 20px;\">\n<p style=\"margin: 10px 0;\">A Third Level Open Day will take place in the RIAM. There will be musical performances, advice and tips from staff and students, in addition to a variety of consultation lessons.<\/p>\n<\/div>\n<div style=\"font-size: 13px; color: #534438; line-height: 20px;\"><\/div>\n<p style=\"font-size: 13px; color: #534438; line-height: 20px;\"><a style=\"color: #cc2979; text-decoration: none;\" href=\"http:\/\/www.riam.ie\/third-level-open-day\/\">http:\/\/www.riam.ie\/third-level-open-day\/<\/a><\/p>\n<\/td>\n<td valign=\"top\"><\/td>\n<\/tr>\n<\/tbody>\n<\/table>\n<\/td>\n<\/tr>\n<\/tbody>\n<\/table>\n<\/td>\n<\/tr>\n<\/tbody>\n<\/table>\n<table width=\"100%\" cellspacing=\"0\" cellpadding=\"0\">\n<tbody>\n<tr>\n<td style=\"padding: 10px 30px;\">\n<table width=\"100%\" cellspacing=\"0\" cellpadding=\"0\">\n<tbody>\n<tr>\n<td valign=\"top\" width=\"52\"><img loading=\"lazy\" decoding=\"async\" src=\"http:\/\/dublineventguide.com\/dff\/admin\/images\/categories\/TALKS.png\" alt=\"\" width=\"32\" height=\"32\" \/><\/td>\n<td>\n<h2 style=\"font-size: 16px; color: #534438; margin: 0 0 5px; font-weight: normal;\">Irish Convict Life in Australia<\/h2>\n<h3 style=\"font-size: 13px; margin: 0; padding: 0; line-height: 16px; color: #534438;\">16:00 &#8211; 17:00, Tue 04 Dec<\/h3>\n<p style=\"font-size: 13px; color: #534438; line-height: 20px; margin: 0; padding-top: 0;\">Irish Museum of Modern Art, Royal Hospital Kilmainham, Dublin 8<\/p>\n<table width=\"100%\" cellspacing=\"0\" cellpadding=\"0\">\n<tbody>\n<tr>\n<td valign=\"top\">\n<div style=\"font-size: 13px; color: #534438; line-height: 20px;\">\n<p style=\"margin: 10px 0;\">Professor Hamish Maxwell-Stewart is an expert on convict life in Australia. He will discuss the political and social significance of the life of the Irish Australian bushranger Ned Kelly executed in Melbourne in 1880. He will conclude by looking at the way in which Sidney Nolan and other Australians have chosen to interpret the Kelly legend.<\/p>\n<p style=\"margin: 10px 0;\">Admission is free, but booking is required.<\/p>\n<\/div>\n<div style=\"font-size: 13px; color: #534438; line-height: 20px;\"><\/div>\n<p style=\"font-size: 13px; color: #534438; line-height: 20px;\"><a style=\"color: #cc2979; text-decoration: none;\" href=\"http:\/\/www.imma.ie\/en\/page_212715.htm\">http:\/\/www.imma.ie\/en\/page_212715.htm<\/a><\/p>\n<\/td>\n<td valign=\"top\"><\/td>\n<\/tr>\n<\/tbody>\n<\/table>\n<\/td>\n<\/tr>\n<\/tbody>\n<\/table>\n<\/td>\n<\/tr>\n<\/tbody>\n<\/table>\n<table width=\"100%\" cellspacing=\"0\" cellpadding=\"0\">\n<tbody>\n<tr>\n<td style=\"padding: 10px 30px;\">\n<table width=\"100%\" cellspacing=\"0\" cellpadding=\"0\">\n<tbody>\n<tr>\n<td valign=\"top\" width=\"52\"><img loading=\"lazy\" decoding=\"async\" src=\"http:\/\/dublineventguide.com\/dff\/admin\/images\/categories\/TALKS.png\" alt=\"\" width=\"32\" height=\"32\" \/><\/td>\n<td>\n<h2 style=\"font-size: 16px; color: #534438; margin: 0 0 5px; font-weight: normal;\">When Christians Were Jews<\/h2>\n<h3 style=\"font-size: 13px; margin: 0; padding: 0; line-height: 16px; color: #534438;\">17:00, Tue 04 Dec<\/h3>\n<p style=\"font-size: 13px; color: #534438; line-height: 20px; margin: 0; padding-top: 0;\">Trinity Long Room Hub, Fellows&#8217; Square, Trinity College, Dublin 2<\/p>\n<table width=\"100%\" cellspacing=\"0\" cellpadding=\"0\">\n<tbody>\n<tr>\n<td valign=\"top\">\n<div style=\"font-size: 13px; color: #534438; line-height: 20px;\">\n<p style=\"margin: 10px 0;\">&#8220;When Christians Were Jews: The New Jewish Annotated New Testament and its Goal&#8221; is a talk in the Long Room Hub by Prof Paula Frederiksen. Admission is free and all are welcome.<\/p>\n<\/div>\n<div style=\"font-size: 13px; color: #534438; line-height: 20px;\"><\/div>\n<p style=\"font-size: 13px; color: #534438; line-height: 20px;\"><a style=\"color: #cc2979; text-decoration: none;\" href=\"http:\/\/www.tcd.ie\/Secretary\/Communications\/Noticeboard\/data\/24594.html\">http:\/\/www.tcd.ie\/Secretary\/Communications\/Noticeboard\/data\/24594.html<\/a><\/p>\n<\/td>\n<td valign=\"top\"><\/td>\n<\/tr>\n<\/tbody>\n<\/table>\n<\/td>\n<\/tr>\n<\/tbody>\n<\/table>\n<\/td>\n<\/tr>\n<\/tbody>\n<\/table>\n<table width=\"100%\" cellspacing=\"0\" cellpadding=\"0\">\n<tbody>\n<tr>\n<td style=\"padding: 10px 30px;\">\n<table width=\"100%\" cellspacing=\"0\" cellpadding=\"0\">\n<tbody>\n<tr>\n<td valign=\"top\" width=\"52\"><img loading=\"lazy\" decoding=\"async\" src=\"http:\/\/dublineventguide.com\/dff\/admin\/images\/categories\/MUSIC.png\" alt=\"\" width=\"32\" height=\"32\" \/><\/td>\n<td>\n<h2 style=\"font-size: 16px; color: #534438; margin: 0 0 5px; font-weight: normal;\">DIT Choral Society\/Opera Ensemble &#8211; Christmas Concert<\/h2>\n<h3 style=\"font-size: 13px; margin: 0; padding: 0; line-height: 16px; color: #534438;\">18:00, Tue 04 Dec<\/h3>\n<p style=\"font-size: 13px; color: #534438; line-height: 20px; margin: 0; padding-top: 0;\">Aughrim Street Parish Church (Holy Family), 34 Aughrim Street, Stoneybatter, Dublin 7<\/p>\n<table width=\"100%\" cellspacing=\"0\" cellpadding=\"0\">\n<tbody>\n<tr>\n<td valign=\"top\">\n<div style=\"font-size: 13px; color: #534438; line-height: 20px;\">\n<p style=\"margin: 10px 0;\">The DIT Choral Society and Opera Ensemble are inviting to their Christmas Concert which consits of two parts. The first part is Part I of Handel&#8217;s Messiah and the second part is American composer Gian Carlo Menotti&#8217;s one-act opera &#8220;Amahl and the Night Visitors&#8221;. It tells the story of a boy visited one night by three kings, on a long journey to visit the Christ child.<\/p>\n<p style=\"margin: 10px 0;\">The concert will be performed twice. The first time on 04 Dec in Aughrim Street Church and the second time on 06 Dec in Rathmines Church. Admission is free.<\/p>\n<\/div>\n<div style=\"font-size: 13px; color: #534438; line-height: 20px;\"><\/div>\n<p style=\"font-size: 13px; color: #534438; line-height: 20px;\"><a style=\"color: #cc2979; text-decoration: none;\" href=\"http:\/\/www.dit.ie\/conservatory\/events\/\">http:\/\/www.dit.ie\/conservatory\/events\/<\/a><\/p>\n<\/td>\n<td valign=\"top\"><\/td>\n<\/tr>\n<\/tbody>\n<\/table>\n<\/td>\n<\/tr>\n<\/tbody>\n<\/table>\n<\/td>\n<\/tr>\n<\/tbody>\n<\/table>\n<table width=\"100%\" cellspacing=\"0\" cellpadding=\"0\">\n<tbody>\n<tr>\n<td style=\"padding: 10px 30px;\">\n<table width=\"100%\" cellspacing=\"0\" cellpadding=\"0\">\n<tbody>\n<tr>\n<td valign=\"top\" width=\"52\"><img loading=\"lazy\" decoding=\"async\" src=\"http:\/\/dublineventguide.com\/dff\/admin\/images\/categories\/TALKS.png\" alt=\"\" width=\"32\" height=\"32\" \/><\/td>\n<td>\n<h2 style=\"font-size: 16px; color: #534438; margin: 0 0 5px; font-weight: normal;\">Green Drinks Dublin<\/h2>\n<h3 style=\"font-size: 13px; margin: 0; padding: 0; line-height: 16px; color: #534438;\">19:00, Tue 04 Dec<\/h3>\n<p style=\"font-size: 13px; color: #534438; line-height: 20px; margin: 0; padding-top: 0;\">Messrs Maguire, 2 Burgh Quay, Dublin 2<\/p>\n<table width=\"100%\" cellspacing=\"0\" cellpadding=\"0\">\n<tbody>\n<tr>\n<td valign=\"top\">\n<div style=\"font-size: 13px; color: #534438; line-height: 20px;\">\n<p style=\"margin: 10px 0;\">The Irish Wildlife Trust (IWT) continues to bring you Dublin Green Drinks on the first Tuesday of every month in Messrs Maguire. Green Drinks is a monthly event in 711 cities around the world to bring people with an interest in green issues together.<\/p>\n<p style=\"margin: 10px 0;\">This month hear about green, ethical, sustainable and wildlife friendly gifts and options for Christmas, and even have a chance to purchase some of the items. &#8220;Who says is aint easy being Green?&#8221;<\/p>\n<p style=\"margin: 10px 0;\">Meet up on the top floor of Messrs Maguire. Doors open at 18:30 and the talk is at 19:00. Admission is free.<\/p>\n<\/div>\n<div style=\"font-size: 13px; color: #534438; line-height: 20px;\"><\/div>\n<p style=\"font-size: 13px; color: #534438; line-height: 20px;\"><a style=\"color: #cc2979; text-decoration: none;\" href=\"http:\/\/iwt.ie\/events\/\">http:\/\/iwt.ie\/events\/<\/a><\/p>\n<\/td>\n<td valign=\"top\"><\/td>\n<\/tr>\n<\/tbody>\n<\/table>\n<\/td>\n<\/tr>\n<\/tbody>\n<\/table>\n<\/td>\n<\/tr>\n<\/tbody>\n<\/table>\n<table width=\"100%\" cellspacing=\"0\" cellpadding=\"0\">\n<tbody>\n<tr>\n<td style=\"padding: 10px 30px;\">\n<table width=\"100%\" cellspacing=\"0\" cellpadding=\"0\">\n<tbody>\n<tr>\n<td valign=\"top\" width=\"52\"><img loading=\"lazy\" decoding=\"async\" src=\"http:\/\/dublineventguide.com\/dff\/admin\/images\/categories\/MUSIC.png\" alt=\"\" width=\"32\" height=\"32\" \/><\/td>\n<td>\n<h2 style=\"font-size: 16px; color: #534438; margin: 0 0 5px; font-weight: normal;\">The Accused<\/h2>\n<h3 style=\"font-size: 13px; margin: 0; padding: 0; line-height: 16px; color: #534438;\">19:00, Tue 04 Dec<\/h3>\n<p style=\"font-size: 13px; color: #534438; line-height: 20px; margin: 0; padding-top: 0;\">Whelan&#8217;s, 25 Wexford Street, Dublin 2<\/p>\n<table width=\"100%\" cellspacing=\"0\" cellpadding=\"0\">\n<tbody>\n<tr>\n<td valign=\"top\">\n<div style=\"font-size: 13px; color: #534438; line-height: 20px;\">\n<p style=\"margin: 10px 0;\">&#8220;The Accused&#8221; will perform in the Front Bar of Whelan&#8217;s. Admission is free.<\/p>\n<\/div>\n<div style=\"font-size: 13px; color: #534438; line-height: 20px;\"><\/div>\n<p style=\"font-size: 13px; color: #534438; line-height: 20px;\"><a style=\"color: #cc2979; text-decoration: none;\" href=\"http:\/\/www.whelanslive.com\/index.php\/archives\/16431\">http:\/\/www.whelanslive.com\/index.php\/archives\/16431<\/a><\/p>\n<\/td>\n<td valign=\"top\"><\/td>\n<\/tr>\n<\/tbody>\n<\/table>\n<\/td>\n<\/tr>\n<\/tbody>\n<\/table>\n<\/td>\n<\/tr>\n<\/tbody>\n<\/table>\n<table width=\"100%\" cellspacing=\"0\" cellpadding=\"0\">\n<tbody>\n<tr>\n<td style=\"padding: 10px 30px;\">\n<table width=\"100%\" cellspacing=\"0\" cellpadding=\"0\">\n<tbody>\n<tr>\n<td valign=\"top\" width=\"52\"><img loading=\"lazy\" decoding=\"async\" src=\"http:\/\/dublineventguide.com\/dff\/admin\/images\/categories\/TALKS.png\" alt=\"\" width=\"32\" height=\"32\" \/><\/td>\n<td>\n<h2 style=\"font-size: 16px; color: #534438; margin: 0 0 5px; font-weight: normal;\">Why don\u2019t the people decide state policy?<\/h2>\n<h3 style=\"font-size: 13px; margin: 0; padding: 0; line-height: 16px; color: #534438;\">19:00, Tue 04 Dec<\/h3>\n<p style=\"font-size: 13px; color: #534438; line-height: 20px; margin: 0; padding-top: 0;\">Central Hotel, Exchequer Street, Dublin 2<\/p>\n<table width=\"100%\" cellspacing=\"0\" cellpadding=\"0\">\n<tbody>\n<tr>\n<td valign=\"top\">\n<div style=\"font-size: 13px; color: #534438; line-height: 20px;\">\n<p style=\"margin: 10px 0;\">A public meeting of the People Convention (An Chomhdh\u00e1il Phobail &#8211; The People\u2019s Convention (CPPC)) will take place and the topic &#8220;Why don\u2019t the people decide state policy?&#8221; will be discussed. The CPPC is of the opinion that every Irish citizen should be asked for their opinion about issues like the national budget and therefore they run this event on the evening before Budget Day.<\/p>\n<p style=\"margin: 10px 0;\">The People Convention invites everybody &#8220;regardless of policy preferences, regardless of ideological differences, regardless of party allegiance&#8221; to come. Admission is free.<\/p>\n<p style=\"margin: 10px 0;\">Imagine, if every decision of the parliament would first have to get checked with every citizen in Ireland. Could that work? I can see how that would work in a small organisation with maybe 100 members, but in a country with 4.8 mio people?<\/p>\n<\/div>\n<div style=\"font-size: 13px; color: #534438; line-height: 20px;\"><\/div>\n<p style=\"font-size: 13px; color: #534438; line-height: 20px;\"><a style=\"color: #cc2979; text-decoration: none;\" href=\"http:\/\/www.cppc.ie\/\">http:\/\/www.cppc.ie\/<\/a><\/p>\n<\/td>\n<td valign=\"top\"><\/td>\n<\/tr>\n<\/tbody>\n<\/table>\n<\/td>\n<\/tr>\n<\/tbody>\n<\/table>\n<\/td>\n<\/tr>\n<\/tbody>\n<\/table>\n<table width=\"100%\" cellspacing=\"0\" cellpadding=\"0\">\n<tbody>\n<tr>\n<td style=\"padding: 10px 30px;\">\n<table width=\"100%\" cellspacing=\"0\" cellpadding=\"0\">\n<tbody>\n<tr>\n<td valign=\"top\" width=\"52\"><img loading=\"lazy\" decoding=\"async\" src=\"http:\/\/dublineventguide.com\/dff\/admin\/images\/categories\/FILM.png\" alt=\"\" width=\"32\" height=\"32\" \/><\/td>\n<td>\n<h2 style=\"font-size: 16px; color: #534438; margin: 0 0 5px; font-weight: normal;\">Willy Wonka and The Chocolate Factory &#8211; Film Screening<\/h2>\n<h3 style=\"font-size: 13px; margin: 0; padding: 0; line-height: 16px; color: #534438;\">19:30, Tue 04 Dec<\/h3>\n<p style=\"font-size: 13px; color: #534438; line-height: 20px; margin: 0; padding-top: 0;\">Workman&#8217;s Club, 10 Wellington Quay, Dublin 2<\/p>\n<table width=\"100%\" cellspacing=\"0\" cellpadding=\"0\">\n<tbody>\n<tr>\n<td valign=\"top\">\n<div style=\"font-size: 13px; color: #534438; line-height: 20px;\">\n<p style=\"margin: 10px 0;\">The Workman&#8217;s Club will screen the original Willy Wonka film and you are invited to this free event.<\/p>\n<\/div>\n<div style=\"font-size: 13px; color: #534438; line-height: 20px;\"><\/div>\n<p style=\"font-size: 13px; color: #534438; line-height: 20px;\"><a style=\"color: #cc2979; text-decoration: none;\" href=\"http:\/\/www.theworkmansclub.com\/2012\/11\/09\/the-workmans-den-presents-willy-wonka-and-the-chocolate-factory-041212\/\">http:\/\/www.theworkmansclub.com\/2012\/11\/09\/the-workmans-den-presents-willy-wonka-and-the-chocolate-factory-041212\/<\/a><\/p>\n<\/td>\n<td valign=\"top\"><\/td>\n<\/tr>\n<\/tbody>\n<\/table>\n<\/td>\n<\/tr>\n<\/tbody>\n<\/table>\n<\/td>\n<\/tr>\n<\/tbody>\n<\/table>\n<table width=\"100%\" cellspacing=\"0\" cellpadding=\"0\">\n<tbody>\n<tr>\n<td style=\"padding: 10px 30px;\">\n<table width=\"100%\" cellspacing=\"0\" cellpadding=\"0\">\n<tbody>\n<tr>\n<td valign=\"top\" width=\"52\"><img loading=\"lazy\" decoding=\"async\" src=\"http:\/\/dublineventguide.com\/dff\/admin\/images\/categories\/TALKS.png\" alt=\"\" width=\"32\" height=\"32\" \/><\/td>\n<td>\n<h2 style=\"font-size: 16px; color: #534438; margin: 0 0 5px; font-weight: normal;\">Fracking: fact and friction<\/h2>\n<h3 style=\"font-size: 13px; margin: 0; padding: 0; line-height: 16px; color: #534438;\">20:00, Tue 04 Dec<\/h3>\n<p style=\"font-size: 13px; color: #534438; line-height: 20px; margin: 0; padding-top: 0;\">Room 4, Museum Building, Trinity College Dublin, Dublin 2<\/p>\n<table width=\"100%\" cellspacing=\"0\" cellpadding=\"0\">\n<tbody>\n<tr>\n<td valign=\"top\">\n<div style=\"font-size: 13px; color: #534438; line-height: 20px;\">\n<p style=\"margin: 10px 0;\">A free lecture &#8220;Fracking: fact and friction&#8221; wiht David Chew will take place in TCD.<\/p>\n<\/div>\n<div style=\"font-size: 13px; color: #534438; line-height: 20px;\"><\/div>\n<\/td>\n<td valign=\"top\"><\/td>\n<\/tr>\n<\/tbody>\n<\/table>\n<\/td>\n<\/tr>\n<\/tbody>\n<\/table>\n<\/td>\n<\/tr>\n<\/tbody>\n<\/table>\n<table width=\"100%\" cellspacing=\"0\" cellpadding=\"0\">\n<tbody>\n<tr>\n<td style=\"padding: 10px 30px;\">\n<table width=\"100%\" cellspacing=\"0\" cellpadding=\"0\">\n<tbody>\n<tr>\n<td valign=\"top\" width=\"52\"><img loading=\"lazy\" decoding=\"async\" src=\"http:\/\/dublineventguide.com\/dff\/admin\/images\/categories\/MUSIC.png\" alt=\"\" width=\"32\" height=\"32\" \/><\/td>\n<td>\n<h2 style=\"font-size: 16px; color: #534438; margin: 0 0 5px; font-weight: normal;\">The Last Tycoons (open mic)<\/h2>\n<h3 style=\"font-size: 13px; margin: 0; padding: 0; line-height: 16px; color: #534438;\"><img loading=\"lazy\" decoding=\"async\" style=\"display: inline; float: left;\" src=\"http:\/\/dublineventguide.com\/dff\/admin\/images\/weekly.png\" alt=\"\" width=\"69\" height=\"16\" \/> 20:00, Tue 04 Dec<\/h3>\n<p style=\"font-size: 13px; color: #534438; line-height: 20px; margin: 0; padding-top: 0;\">O&#8217;Donoghue&#8217;s, Suffolk Street, Dublin 2<\/p>\n<table width=\"100%\" cellspacing=\"0\" cellpadding=\"0\">\n<tbody>\n<tr>\n<td valign=\"top\">\n<div style=\"font-size: 13px; color: #534438; line-height: 20px;\">\n<p style=\"margin: 10px 0;\">Open Mic Night with The Last Tycoons in O&#8217;Donoghue&#8217;s on Suffolk Street every Tues from 20:00. It&#8217;s free and anyone can get up, sing a song or do whatever they like.<\/p>\n<\/div>\n<div style=\"font-size: 13px; color: #534438; line-height: 20px;\"><\/div>\n<p style=\"font-size: 13px; color: #534438; line-height: 20px;\"><a style=\"color: #cc2979; text-decoration: none;\" href=\"http:\/\/www.facebook.com\/pages\/ODonoghues-Open-Mic\/71834618844\">http:\/\/www.facebook.com\/pages\/ODonoghues-Open-Mic\/71834618844<\/a><\/p>\n<\/td>\n<td valign=\"top\"><\/td>\n<\/tr>\n<\/tbody>\n<\/table>\n<\/td>\n<\/tr>\n<\/tbody>\n<\/table>\n<\/td>\n<\/tr>\n<\/tbody>\n<\/table>\n<table width=\"100%\" cellspacing=\"0\" cellpadding=\"0\">\n<tbody>\n<tr>\n<td style=\"padding: 10px 30px;\">\n<table width=\"100%\" cellspacing=\"0\" cellpadding=\"0\">\n<tbody>\n<tr>\n<td valign=\"top\" width=\"52\"><img loading=\"lazy\" decoding=\"async\" src=\"http:\/\/dublineventguide.com\/dff\/admin\/images\/categories\/MUSIC.png\" alt=\"\" width=\"32\" height=\"32\" \/><\/td>\n<td>\n<h2 style=\"font-size: 16px; color: #534438; margin: 0 0 5px; font-weight: normal;\">Joan Shields Trio &amp; Allison Sleator<\/h2>\n<h3 style=\"font-size: 13px; margin: 0; padding: 0; line-height: 16px; color: #534438;\">20:30, Tue 04 Dec<\/h3>\n<p style=\"font-size: 13px; color: #534438; line-height: 20px; margin: 0; padding-top: 0;\">The Bernard Shaw, 12 Richmond Street South, Dublin 8<\/p>\n<table width=\"100%\" cellspacing=\"0\" cellpadding=\"0\">\n<tbody>\n<tr>\n<td valign=\"top\">\n<div style=\"font-size: 13px; color: #534438; line-height: 20px;\">\n<p style=\"margin: 10px 0;\">Joan Shields Trio (Classic &amp; Latin Jazz) &amp; Allison Sleator (Folk and Contemporary) will perfrom in the Pizza Bus in the backyard of the Bernard Shaw Pub. Admission is free, but a donation of EUR 5 is suggested.<\/p>\n<\/div>\n<div style=\"font-size: 13px; color: #534438; line-height: 20px;\"><\/div>\n<\/td>\n<td valign=\"top\"><\/td>\n<\/tr>\n<\/tbody>\n<\/table>\n<\/td>\n<\/tr>\n<\/tbody>\n<\/table>\n<\/td>\n<\/tr>\n<\/tbody>\n<\/table>\n<table width=\"100%\" cellspacing=\"0\" cellpadding=\"0\">\n<tbody>\n<tr>\n<td style=\"padding: 10px 30px;\">\n<table width=\"100%\" cellspacing=\"0\" cellpadding=\"0\">\n<tbody>\n<tr>\n<td valign=\"top\" width=\"52\"><img loading=\"lazy\" decoding=\"async\" src=\"http:\/\/dublineventguide.com\/dff\/admin\/images\/categories\/MUSIC.png\" alt=\"\" width=\"32\" height=\"32\" \/><\/td>\n<td>\n<h2 style=\"font-size: 16px; color: #534438; margin: 0 0 5px; font-weight: normal;\">Plateau Sessions &#8211; Biggles Flys Again &amp; Gillian Tuite<\/h2>\n<h3 style=\"font-size: 13px; margin: 0; padding: 0; line-height: 16px; color: #534438;\">20:30, Tue 04 Dec<\/h3>\n<p style=\"font-size: 13px; color: #534438; line-height: 20px; margin: 0; padding-top: 0;\">Workman&#8217;s Club, 10 Wellington Quay, Dublin 2<\/p>\n<table width=\"100%\" cellspacing=\"0\" cellpadding=\"0\">\n<tbody>\n<tr>\n<td valign=\"top\">\n<div style=\"font-size: 13px; color: #534438; line-height: 20px;\">\n<p style=\"margin: 10px 0;\">The Plateau Sessions is an open mic night that features acts from all over Ireland. This week&#8217;s guest acts are Biggles Flys Again and Gillian Tuite. Admission is free.<\/p>\n<\/div>\n<div style=\"font-size: 13px; color: #534438; line-height: 20px;\"><\/div>\n<p style=\"font-size: 13px; color: #534438; line-height: 20px;\"><a style=\"color: #cc2979; text-decoration: none;\" href=\"http:\/\/www.theworkmansclub.com\/2012\/11\/26\/the-plateau-sessions-with-biggles-flys-again-and-gillian-tuite-041212\/\">http:\/\/www.theworkmansclub.com\/2012\/11\/26\/the-plateau-sessions-with-biggles-flys-again-and-gillian-tuite-041212\/<\/a><\/p>\n<\/td>\n<td valign=\"top\"><\/td>\n<\/tr>\n<\/tbody>\n<\/table>\n<\/td>\n<\/tr>\n<\/tbody>\n<\/table>\n<\/td>\n<\/tr>\n<\/tbody>\n<\/table>\n<table width=\"100%\" cellspacing=\"0\" cellpadding=\"0\">\n<tbody>\n<tr>\n<td style=\"padding: 10px 30px;\">\n<table width=\"100%\" cellspacing=\"0\" cellpadding=\"0\">\n<tbody>\n<tr>\n<td valign=\"top\" width=\"52\"><img loading=\"lazy\" decoding=\"async\" src=\"http:\/\/dublineventguide.com\/dff\/admin\/images\/categories\/MUSIC.png\" alt=\"\" width=\"32\" height=\"32\" \/><\/td>\n<td>\n<h2 style=\"font-size: 16px; color: #534438; margin: 0 0 5px; font-weight: normal;\">White Chocolate<\/h2>\n<h3 style=\"font-size: 13px; margin: 0; padding: 0; line-height: 16px; color: #534438;\"><img loading=\"lazy\" decoding=\"async\" style=\"display: inline; float: left;\" src=\"http:\/\/dublineventguide.com\/dff\/admin\/images\/weekly.png\" alt=\"\" width=\"69\" height=\"16\" \/> 23:30, Tue 04 Dec<\/h3>\n<p style=\"font-size: 13px; color: #534438; line-height: 20px; margin: 0; padding-top: 0;\">The Mezz, 24\/25 Eustace Street, Temple Bar, Dublin 2<\/p>\n<table width=\"100%\" cellspacing=\"0\" cellpadding=\"0\">\n<tbody>\n<tr>\n<td valign=\"top\">\n<div style=\"font-size: 13px; color: #534438; line-height: 20px;\">\n<p style=\"margin: 10px 0;\">White Chocolate is playing Rock Covers from 23:30 in The Mezz in Temple Bar.<\/p>\n<\/div>\n<div style=\"font-size: 13px; color: #534438; line-height: 20px;\"><\/div>\n<\/td>\n<td valign=\"top\"><\/td>\n<\/tr>\n<\/tbody>\n<\/table>\n<\/td>\n<\/tr>\n<\/tbody>\n<\/table>\n<\/td>\n<\/tr>\n<\/tbody>\n<\/table>\n<table id=\"day_1354665600\" style=\"margin-top: 10px;\" width=\"100%\" cellspacing=\"0\" cellpadding=\"0\">\n<tbody>\n<tr style=\"background-color: #c20162; color: #fff;\">\n<td style=\"padding: 0; line-height: 1; height: 34px; overflow: hidden;\">\n<p style=\"width: 630px; padding-left: 30px; margin: 0; height: 34px; overflow: hidden; line-height: 34px;\"><a name=\"day_1354665600\"><\/a><strong>Wednesday <\/strong> 05 Dec<\/p>\n<\/td>\n<td>\n<p style=\"margin: 0; line-height: 34px; padding: 0; font-size: 13px;\"><a style=\"color: #fff; text-decoration: none;\" href=\"#dff_top\">back to top<\/a><\/p>\n<\/td>\n<td>\n<p style=\"margin: 0; padding: 0; font-size: 13px;\"><a style=\"color: #fff; text-decoration: none;\" href=\"#dff_top\"><img loading=\"lazy\" decoding=\"async\" src=\"http:\/\/dublineventguide.com\/dff\/admin\/images\/dividers\/date_toplink.png\" alt=\"Back to top\" width=\"38\" height=\"34\" \/><\/a><\/p>\n<\/td>\n<td width=\"50\"><\/td>\n<\/tr>\n<\/tbody>\n<\/table>\n<table width=\"100%\" cellspacing=\"0\" cellpadding=\"0\">\n<tbody>\n<tr>\n<td style=\"padding: 10px 30px;\">\n<table width=\"100%\" cellspacing=\"0\" cellpadding=\"0\">\n<tbody>\n<tr>\n<td valign=\"top\" width=\"52\"><img loading=\"lazy\" decoding=\"async\" src=\"http:\/\/dublineventguide.com\/dff\/admin\/images\/categories\/TALKS.png\" alt=\"\" width=\"32\" height=\"32\" \/><\/td>\n<td>\n<h2 style=\"font-size: 16px; color: #534438; margin: 0 0 5px; font-weight: normal;\">Budget Day<\/h2>\n<h3 style=\"font-size: 13px; margin: 0; padding: 0; line-height: 16px; color: #534438;\">09:00, Wed 05 Dec<\/h3>\n<p style=\"font-size: 13px; color: #534438; line-height: 20px; margin: 0; padding-top: 0;\">Dublin (various locations)<\/p>\n<table width=\"100%\" cellspacing=\"0\" cellpadding=\"0\">\n<tbody>\n<tr>\n<td valign=\"top\">\n<div style=\"font-size: 13px; color: #534438; line-height: 20px;\">\n<p style=\"margin: 10px 0;\">Today is Budget Day, which means that the Irish Government will announce the budget for 2013. It won&#8217;t be pretty and we all can look forward to having less after the announcement. Some taxes will increase by midnight on Wednesday, so if you are a smoker, drink alcohol or drive a car, make sure that you either buy a supply in the days before Budget Day or immediately after the announcement. Other taxes and cost will increase only by 01 January so you have a few weeks to get ready for it.<\/p>\n<p style=\"margin: 10px 0;\">The speeches in the Dail will start at 14:30 and there will be two speeches that outline everything. Around 16:00 all will be said and newspapers and websites will analyse the impact of all the changes.<\/p>\n<p>Some websites to follow or to check for announcements and analysis are:<br \/>\n<a style=\"color: #cc2979; text-decoration: none;\" href=\"http:\/\/www.irishtimes.com\/topics\/budget-2013\/\">http:\/\/www.irishtimes.com\/topics\/budget-2013\/<\/a><br \/>\n<a style=\"color: #cc2979; text-decoration: none;\" href=\"http:\/\/www.independent.ie\/national-news\/budget\/\">http:\/\/www.independent.ie\/national-news\/budget\/<\/a><br \/>\n<a style=\"color: #cc2979; text-decoration: none;\" href=\"http:\/\/www.kpmg.ie\/budget2013\/overview\/index.htm\">http:\/\/www.kpmg.ie\/budget2013\/overview\/index.htm<\/a><br \/>\n<a style=\"color: #cc2979; text-decoration: none;\" href=\"http:\/\/www.deloitte.com\/view\/en_IE\/ie\/insights\">http:\/\/www.deloitte.com\/view\/en_IE\/ie\/insights<\/a><\/p>\n<\/div>\n<div style=\"font-size: 13px; color: #534438; line-height: 20px;\"><\/div>\n<\/td>\n<td valign=\"top\"><\/td>\n<\/tr>\n<\/tbody>\n<\/table>\n<\/td>\n<\/tr>\n<\/tbody>\n<\/table>\n<\/td>\n<\/tr>\n<\/tbody>\n<\/table>\n<table width=\"100%\" cellspacing=\"0\" cellpadding=\"0\">\n<tbody>\n<tr>\n<td style=\"padding: 10px 30px;\">\n<table width=\"100%\" cellspacing=\"0\" cellpadding=\"0\">\n<tbody>\n<tr>\n<td valign=\"top\" width=\"52\"><img loading=\"lazy\" decoding=\"async\" src=\"http:\/\/dublineventguide.com\/dff\/admin\/images\/categories\/ACTIVITY.png\" alt=\"\" width=\"32\" height=\"32\" \/><\/td>\n<td>\n<h2 style=\"font-size: 16px; color: #534438; margin: 0 0 5px; font-weight: normal;\">First Wednesday &#8211; Free Entrance to OPW Sites<\/h2>\n<h3 style=\"font-size: 13px; margin: 0; padding: 0; line-height: 16px; color: #534438;\">09:00, Wed 05 Dec<\/h3>\n<p style=\"font-size: 13px; color: #534438; line-height: 20px; margin: 0; padding-top: 0;\">Various OPW locations in Dublin<\/p>\n<table width=\"100%\" cellspacing=\"0\" cellpadding=\"0\">\n<tbody>\n<tr>\n<td valign=\"top\">\n<div style=\"font-size: 13px; color: #534438; line-height: 20px;\">\n<p>Entry charges at nearly all OPW sites are waived once a month. The Office of Public Works (OPW) launched an initiative last year to encourage more people to visit the historic sites that it manages and this initiative is continuing on all First Wednesdays in 2012. Most sites can already be visited for free, but the sites that normally charge a fee will now be free every first Wednesday until the end of the year.<br \/>\nIn the (extended) Greater Dublin Area this will affect the following sites:<br \/>\n+ The Casino, Marino<br \/>\n+ Dublin Castle, State Apartments<br \/>\n+ Kilmainham Gaol<br \/>\n+ Br\u00fa na B\u00f3inne Visitor Centre at Newgrange<br \/>\n+ Glendalough Visitor Centre in Wicklow<\/p>\n<\/div>\n<div style=\"font-size: 13px; color: #534438; line-height: 20px;\"><\/div>\n<p style=\"font-size: 13px; color: #534438; line-height: 20px;\"><a style=\"color: #cc2979; text-decoration: none;\" href=\"http:\/\/www.heritageireland.ie\/en\/media\/Free%20Wednesdays.pdf\">http:\/\/www.heritageireland.ie\/en\/media\/Free%20Wednesdays.pdf<\/a><\/p>\n<\/td>\n<td valign=\"top\"><\/td>\n<\/tr>\n<\/tbody>\n<\/table>\n<\/td>\n<\/tr>\n<\/tbody>\n<\/table>\n<\/td>\n<\/tr>\n<\/tbody>\n<\/table>\n<table width=\"100%\" cellspacing=\"0\" cellpadding=\"0\">\n<tbody>\n<tr>\n<td style=\"padding: 10px 30px;\">\n<table width=\"100%\" cellspacing=\"0\" cellpadding=\"0\">\n<tbody>\n<tr>\n<td valign=\"top\" width=\"52\"><img loading=\"lazy\" decoding=\"async\" src=\"http:\/\/dublineventguide.com\/dff\/admin\/images\/categories\/TALKS.png\" alt=\"\" width=\"32\" height=\"32\" \/><\/td>\n<td>\n<h2 style=\"font-size: 16px; color: #534438; margin: 0 0 5px; font-weight: normal;\">Foot In The Door To Finance &#8211; Jobseeker event<\/h2>\n<h3 style=\"font-size: 13px; margin: 0; padding: 0; line-height: 16px; color: #534438;\">09:30 &#8211; 13:30, Wed 05 Dec<\/h3>\n<p style=\"font-size: 13px; color: #534438; line-height: 20px; margin: 0; padding-top: 0;\">National College of Ireland, IFSC, Mayor Street, Dublin 1<\/p>\n<table width=\"100%\" cellspacing=\"0\" cellpadding=\"0\">\n<tbody>\n<tr>\n<td valign=\"top\">\n<div style=\"font-size: 13px; color: #534438; line-height: 20px;\">\n<p style=\"margin: 10px 0;\">National College of Ireland has partnered with The Summit Finuas Network to hold this free event for jobseekers who wish to break into the world of financial services. The aim is to give practical help in the current employment market and provide advice and information about getting your &#8220;foot in the door&#8221;. Find all further details on the website and makes sure that you book your place as soon as possible. Admission is free, but booking is required.<\/p>\n<\/div>\n<div style=\"font-size: 13px; color: #534438; line-height: 20px;\"><\/div>\n<p style=\"font-size: 13px; color: #534438; line-height: 20px;\"><a style=\"color: #cc2979; text-decoration: none;\" href=\"http:\/\/www.ncirl.ie\/Events\/Foot_In_The_Door_To_Finance\">http:\/\/www.ncirl.ie\/Events\/Foot_In_The_Door_To_Finance<\/a><\/p>\n<\/td>\n<td valign=\"top\"><\/td>\n<\/tr>\n<\/tbody>\n<\/table>\n<\/td>\n<\/tr>\n<\/tbody>\n<\/table>\n<\/td>\n<\/tr>\n<\/tbody>\n<\/table>\n<table width=\"100%\" cellspacing=\"0\" cellpadding=\"0\">\n<tbody>\n<tr>\n<td style=\"padding: 10px 30px;\">\n<table width=\"100%\" cellspacing=\"0\" cellpadding=\"0\">\n<tbody>\n<tr>\n<td valign=\"top\" width=\"52\"><img loading=\"lazy\" decoding=\"async\" src=\"http:\/\/dublineventguide.com\/dff\/admin\/images\/categories\/MARKETS.png\" alt=\"\" width=\"32\" height=\"32\" \/><\/td>\n<td>\n<h2 style=\"font-size: 16px; color: #534438; margin: 0 0 5px; font-weight: normal;\">RDS Library Book Sale<\/h2>\n<h3 style=\"font-size: 13px; margin: 0; padding: 0; line-height: 16px; color: #534438;\">10:00 &#8211; 17:00, Wed 05 Dec<\/h3>\n<p style=\"font-size: 13px; color: #534438; line-height: 20px; margin: 0; padding-top: 0;\">RDS, Merrion Road, Ballsbridge, Dublin 4<\/p>\n<table width=\"100%\" cellspacing=\"0\" cellpadding=\"0\">\n<tbody>\n<tr>\n<td valign=\"top\">\n<div style=\"font-size: 13px; color: #534438; line-height: 20px;\">\n<p style=\"margin: 10px 0;\">The 6th yearly RDS Library Book Sale will take place in the RDS Library from 03-07 December. The Library will be selling duplicate copies and out of date books. RDS Members have also donated books for the sale. Admission is free and everybody is welcome.<\/p>\n<\/div>\n<div style=\"font-size: 13px; color: #534438; line-height: 20px;\"><\/div>\n<p style=\"font-size: 13px; color: #534438; line-height: 20px;\"><a style=\"color: #cc2979; text-decoration: none;\" href=\"http:\/\/www.rds.ie\/cat_event_detail.jsp?itemID=1100038\">http:\/\/www.rds.ie\/cat_event_detail.jsp?itemID=1100038<\/a><\/p>\n<\/td>\n<td valign=\"top\"><\/td>\n<\/tr>\n<\/tbody>\n<\/table>\n<\/td>\n<\/tr>\n<\/tbody>\n<\/table>\n<\/td>\n<\/tr>\n<\/tbody>\n<\/table>\n<table width=\"100%\" cellspacing=\"0\" cellpadding=\"0\">\n<tbody>\n<tr>\n<td style=\"padding: 10px 30px;\">\n<table width=\"100%\" cellspacing=\"0\" cellpadding=\"0\">\n<tbody>\n<tr>\n<td valign=\"top\" width=\"52\"><img loading=\"lazy\" decoding=\"async\" src=\"http:\/\/dublineventguide.com\/dff\/admin\/images\/categories\/ACTIVITY.png\" alt=\"\" width=\"32\" height=\"32\" \/><\/td>\n<td>\n<h2 style=\"font-size: 16px; color: #534438; margin: 0 0 5px; font-weight: normal;\">Carol Bone &#8211; Christmas From the Garden<\/h2>\n<h3 style=\"font-size: 13px; margin: 0; padding: 0; line-height: 16px; color: #534438;\">10:30 &#8211; 12:00, Wed 05 Dec<\/h3>\n<p style=\"font-size: 13px; color: #534438; line-height: 20px; margin: 0; padding-top: 0;\">Powerscourt Garden, Enniskerry, Co. Wicklow<\/p>\n<table width=\"100%\" cellspacing=\"0\" cellpadding=\"0\">\n<tbody>\n<tr>\n<td valign=\"top\">\n<div style=\"font-size: 13px; color: #534438; line-height: 20px;\">\n<p style=\"margin: 10px 0;\">A Christmas decoration demo with floral artist Carol Bone is taking place in Powerscourt Gardens in Wicklow. Carol will create Christmas floral arrangements so that you can get some great ideas for your home and for Christmas gifts. Admission is free.<\/p>\n<\/div>\n<div style=\"font-size: 13px; color: #534438; line-height: 20px;\"><\/div>\n<p style=\"font-size: 13px; color: #534438; line-height: 20px;\"><a style=\"color: #cc2979; text-decoration: none;\" href=\"http:\/\/www.powerscourt.ie\/events\">http:\/\/www.powerscourt.ie\/events<\/a><\/p>\n<\/td>\n<td valign=\"top\"><\/td>\n<\/tr>\n<\/tbody>\n<\/table>\n<\/td>\n<\/tr>\n<\/tbody>\n<\/table>\n<\/td>\n<\/tr>\n<\/tbody>\n<\/table>\n<table width=\"100%\" cellspacing=\"0\" cellpadding=\"0\">\n<tbody>\n<tr>\n<td style=\"padding: 10px 30px;\">\n<table width=\"100%\" cellspacing=\"0\" cellpadding=\"0\">\n<tbody>\n<tr>\n<td valign=\"top\" width=\"52\"><img loading=\"lazy\" decoding=\"async\" src=\"http:\/\/dublineventguide.com\/dff\/admin\/images\/categories\/TALKS.png\" alt=\"\" width=\"32\" height=\"32\" \/><\/td>\n<td>\n<h2 style=\"font-size: 16px; color: #534438; margin: 0 0 5px; font-weight: normal;\">National Gallery Talks<\/h2>\n<h3 style=\"font-size: 13px; margin: 0; padding: 0; line-height: 16px; color: #534438;\"><img loading=\"lazy\" decoding=\"async\" style=\"display: inline; float: left;\" src=\"http:\/\/dublineventguide.com\/dff\/admin\/images\/weekly.png\" alt=\"\" width=\"69\" height=\"16\" \/> 11:30 &#8211; 16:50, Wed 05 Dec<\/h3>\n<p style=\"font-size: 13px; color: #534438; line-height: 20px; margin: 0; padding-top: 0;\">National Gallery, Clare Street, Dublin 2<\/p>\n<table width=\"100%\" cellspacing=\"0\" cellpadding=\"0\">\n<tbody>\n<tr>\n<td valign=\"top\">\n<div style=\"font-size: 13px; color: #534438; line-height: 20px;\">\n<p style=\"margin: 10px 0;\">The National Gallery has an extensive programme of free talks, public tours and Art Documentary screenings focusing on highlights of the European and Irish Collection every day of the week. Check their website for details.<\/p>\n<\/div>\n<div style=\"font-size: 13px; color: #534438; line-height: 20px;\"><\/div>\n<p style=\"font-size: 13px; color: #534438; line-height: 20px;\"><a style=\"color: #cc2979; text-decoration: none;\" href=\"http:\/\/nationalgallery.ie\/whatson\">http:\/\/nationalgallery.ie\/whatson<\/a><\/p>\n<\/td>\n<td valign=\"top\"><\/td>\n<\/tr>\n<\/tbody>\n<\/table>\n<\/td>\n<\/tr>\n<\/tbody>\n<\/table>\n<\/td>\n<\/tr>\n<\/tbody>\n<\/table>\n<table width=\"100%\" cellspacing=\"0\" cellpadding=\"0\">\n<tbody>\n<tr>\n<td style=\"padding: 10px 30px;\">\n<table width=\"100%\" cellspacing=\"0\" cellpadding=\"0\">\n<tbody>\n<tr>\n<td valign=\"top\" width=\"52\"><img loading=\"lazy\" decoding=\"async\" src=\"http:\/\/dublineventguide.com\/dff\/admin\/images\/categories\/FILM.png\" alt=\"\" width=\"32\" height=\"32\" \/><\/td>\n<td>\n<h2 style=\"font-size: 16px; color: #534438; margin: 0 0 5px; font-weight: normal;\">Archive at Lunchtime &#8211; December &#8211; IFI<\/h2>\n<h3 style=\"font-size: 13px; margin: 0; padding: 0; line-height: 16px; color: #534438;\"><img loading=\"lazy\" decoding=\"async\" style=\"display: inline; float: left;\" src=\"http:\/\/dublineventguide.com\/dff\/admin\/images\/weekly.png\" alt=\"\" width=\"69\" height=\"16\" \/> 13:10, Wed 05 Dec<\/h3>\n<p style=\"font-size: 13px; color: #534438; line-height: 20px; margin: 0; padding-top: 0;\">Irish Film Institute, 6 Eustace Street, Temple Bar, Dublin 2<\/p>\n<table width=\"100%\" cellspacing=\"0\" cellpadding=\"0\">\n<tbody>\n<tr>\n<td valign=\"top\">\n<div style=\"font-size: 13px; color: #534438; line-height: 20px;\">\n<p style=\"margin: 10px 0;\">The IFI continues with its free Archive at Lunchtime screenings on three days every week in December.<\/p>\n<p>The Double Bill on Saturdays is described here: <a style=\"color: #cc2979; text-decoration: none;\" href=\"http:\/\/www.ifi.ie\/film\/archive-at-lunchtime-dbl-bill-dec-2012\/\">http:\/\/www.ifi.ie\/film\/archive-at-lunchtime-dbl-bill-dec-2012\/<\/a><br \/>\nThe Monday\/Wednesday programme is here <a style=\"color: #cc2979; text-decoration: none;\" href=\"http:\/\/www.ifi.ie\/film\/archive-at-lunchtime-programme-1-dec-2012\/\">http:\/\/www.ifi.ie\/film\/archive-at-lunchtime-programme-1-dec-2012\/<\/a> and here <a style=\"color: #cc2979; text-decoration: none;\" href=\"http:\/\/www.ifi.ie\/film\/archive-at-lunchtime-prog-2-dec-2012\/\">http:\/\/www.ifi.ie\/film\/archive-at-lunchtime-prog-2-dec-2012\/<\/a><\/p>\n<\/div>\n<div style=\"font-size: 13px; color: #534438; line-height: 20px;\"><\/div>\n<p style=\"font-size: 13px; color: #534438; line-height: 20px;\"><a style=\"color: #cc2979; text-decoration: none;\" href=\"http:\/\/www.ifi.ie\/\">http:\/\/www.ifi.ie\/<\/a><\/p>\n<\/td>\n<td valign=\"top\"><\/td>\n<\/tr>\n<\/tbody>\n<\/table>\n<\/td>\n<\/tr>\n<\/tbody>\n<\/table>\n<\/td>\n<\/tr>\n<\/tbody>\n<\/table>\n<table width=\"100%\" cellspacing=\"0\" cellpadding=\"0\">\n<tbody>\n<tr>\n<td style=\"padding: 10px 30px;\">\n<table width=\"100%\" cellspacing=\"0\" cellpadding=\"0\">\n<tbody>\n<tr>\n<td valign=\"top\" width=\"52\"><img loading=\"lazy\" decoding=\"async\" src=\"http:\/\/dublineventguide.com\/dff\/admin\/images\/categories\/MUSIC.png\" alt=\"\" width=\"32\" height=\"32\" \/><\/td>\n<td>\n<h2 style=\"font-size: 16px; color: #534438; margin: 0 0 5px; font-weight: normal;\">Robert Dean Vocal Masterclass<\/h2>\n<h3 style=\"font-size: 13px; margin: 0; padding: 0; line-height: 16px; color: #534438;\">13:30 &#8211; 17:30, Wed 05 Dec<\/h3>\n<p style=\"font-size: 13px; color: #534438; line-height: 20px; margin: 0; padding-top: 0;\">DIT Conservatory of Music and Drama, 163-67 Rathmines Road, Dublin 6<\/p>\n<table width=\"100%\" cellspacing=\"0\" cellpadding=\"0\">\n<tbody>\n<tr>\n<td valign=\"top\">\n<div style=\"font-size: 13px; color: #534438; line-height: 20px;\">\n<p style=\"margin: 10px 0;\">The DIT Conservatory of Music and Drama International Masterclass Series will run a vocal masterclass with baritone and choral conductor Robert Dean.<\/p>\n<\/div>\n<div style=\"font-size: 13px; color: #534438; line-height: 20px;\"><\/div>\n<p style=\"font-size: 13px; color: #534438; line-height: 20px;\"><a style=\"color: #cc2979; text-decoration: none;\" href=\"http:\/\/www.dit.ie\/conservatory\">http:\/\/www.dit.ie\/conservatory<\/a><\/p>\n<\/td>\n<td valign=\"top\"><\/td>\n<\/tr>\n<\/tbody>\n<\/table>\n<\/td>\n<\/tr>\n<\/tbody>\n<\/table>\n<\/td>\n<\/tr>\n<\/tbody>\n<\/table>\n<table width=\"100%\" cellspacing=\"0\" cellpadding=\"0\">\n<tbody>\n<tr>\n<td style=\"padding: 10px 30px;\">\n<table width=\"100%\" cellspacing=\"0\" cellpadding=\"0\">\n<tbody>\n<tr>\n<td valign=\"top\" width=\"52\"><img loading=\"lazy\" decoding=\"async\" src=\"http:\/\/dublineventguide.com\/dff\/admin\/images\/categories\/FILM.png\" alt=\"\" width=\"32\" height=\"32\" \/><\/td>\n<td>\n<h2 style=\"font-size: 16px; color: #534438; margin: 0 0 5px; font-weight: normal;\">ecofilmfest<\/h2>\n<h3 style=\"font-size: 13px; margin: 0; padding: 0; line-height: 16px; color: #534438;\">14:00, Wed 05 Dec<\/h3>\n<p style=\"font-size: 13px; color: #534438; line-height: 20px; margin: 0; padding-top: 0;\">Exchange Dublin, Upper Exchange Street, Temple Bar, Dublin 2<\/p>\n<table width=\"100%\" cellspacing=\"0\" cellpadding=\"0\">\n<tbody>\n<tr>\n<td valign=\"top\">\n<div style=\"font-size: 13px; color: #534438; line-height: 20px;\">\n<p style=\"margin: 10px 0;\">The ecofilmfest is a Cine-Cafe film screening that focuses exclusively on environmental themes and consists of a selection of Irish short films.<\/p>\n<\/div>\n<div style=\"font-size: 13px; color: #534438; line-height: 20px;\"><\/div>\n<p style=\"font-size: 13px; color: #534438; line-height: 20px;\"><a style=\"color: #cc2979; text-decoration: none;\" href=\"https:\/\/www.facebook.com\/CINECAFE.PictureShow\">https:\/\/www.facebook.com\/CINECAFE.PictureShow<\/a><\/p>\n<\/td>\n<td valign=\"top\"><\/td>\n<\/tr>\n<\/tbody>\n<\/table>\n<\/td>\n<\/tr>\n<\/tbody>\n<\/table>\n<\/td>\n<\/tr>\n<\/tbody>\n<\/table>\n<table width=\"100%\" cellspacing=\"0\" cellpadding=\"0\">\n<tbody>\n<tr>\n<td style=\"padding: 10px 30px;\">\n<table width=\"100%\" cellspacing=\"0\" cellpadding=\"0\">\n<tbody>\n<tr>\n<td valign=\"top\" width=\"52\"><img loading=\"lazy\" decoding=\"async\" src=\"http:\/\/dublineventguide.com\/dff\/admin\/images\/categories\/TALKS.png\" alt=\"\" width=\"32\" height=\"32\" \/><\/td>\n<td>\n<h2 style=\"font-size: 16px; color: #534438; margin: 0 0 5px; font-weight: normal;\">Cottage Gardens &amp; Allotments in Ireland since 1750<\/h2>\n<h3 style=\"font-size: 13px; margin: 0; padding: 0; line-height: 16px; color: #534438;\">15:00, Wed 05 Dec<\/h3>\n<p style=\"font-size: 13px; color: #534438; line-height: 20px; margin: 0; padding-top: 0;\">National Botanic Gardens, Botanic Road, Glasnevin, Dublin 9<\/p>\n<table width=\"100%\" cellspacing=\"0\" cellpadding=\"0\">\n<tbody>\n<tr>\n<td valign=\"top\">\n<div style=\"font-size: 13px; color: #534438; line-height: 20px;\">\n<p style=\"margin: 10px 0;\">Jonathan Bell &amp; Mervyn Watson will talk about &#8220;Rooted in the soil: Cottage Gardens &amp; Allotments in Ireland since 1750&#8221;. In this lecture they will discuss the cultivation of vegetables and fruit and keeping of livestock in Irish cottage gardens and urban allotments since the mid-eighteenth century.<\/p>\n<\/div>\n<div style=\"font-size: 13px; color: #534438; line-height: 20px;\"><\/div>\n<p style=\"font-size: 13px; color: #534438; line-height: 20px;\"><a style=\"color: #cc2979; text-decoration: none;\" href=\"http:\/\/www.botanicgardens.ie\/news\/events.htm\">http:\/\/www.botanicgardens.ie\/news\/events.htm<\/a><\/p>\n<\/td>\n<td valign=\"top\"><\/td>\n<\/tr>\n<\/tbody>\n<\/table>\n<\/td>\n<\/tr>\n<\/tbody>\n<\/table>\n<\/td>\n<\/tr>\n<\/tbody>\n<\/table>\n<table width=\"100%\" cellspacing=\"0\" cellpadding=\"0\">\n<tbody>\n<tr>\n<td style=\"padding: 10px 30px;\">\n<table width=\"100%\" cellspacing=\"0\" cellpadding=\"0\">\n<tbody>\n<tr>\n<td valign=\"top\" width=\"52\"><img loading=\"lazy\" decoding=\"async\" src=\"http:\/\/dublineventguide.com\/dff\/admin\/images\/categories\/TALKS.png\" alt=\"\" width=\"32\" height=\"32\" \/><\/td>\n<td>\n<h2 style=\"font-size: 16px; color: #534438; margin: 0 0 5px; font-weight: normal;\">The Cinema of Striking Back<\/h2>\n<h3 style=\"font-size: 13px; margin: 0; padding: 0; line-height: 16px; color: #534438;\">16:00, Wed 05 Dec<\/h3>\n<p style=\"font-size: 13px; color: #534438; line-height: 20px; margin: 0; padding-top: 0;\">Irish Film Institute, 6 Eustace Street, Temple Bar, Dublin 2<\/p>\n<table width=\"100%\" cellspacing=\"0\" cellpadding=\"0\">\n<tbody>\n<tr>\n<td valign=\"top\">\n<div style=\"font-size: 13px; color: #534438; line-height: 20px;\">\n<p style=\"margin: 10px 0;\">Dr. Harvey O\u2019Brien, of the UCD School of English, Drama, and Film, and author of the new book Action Movies: The Cinema of Striking Back (Columbia University Press, 2012), will discuss the genre of action movies.<\/p>\n<p style=\"margin: 10px 0;\">Admission is free, but tickets are required: Contact the IFI Box Office on 01 679 3477 to book.<\/p>\n<\/div>\n<div style=\"font-size: 13px; color: #534438; line-height: 20px;\"><\/div>\n<p style=\"font-size: 13px; color: #534438; line-height: 20px;\"><a style=\"color: #cc2979; text-decoration: none;\" href=\"http:\/\/www.ifi.ie\/film\/afternoon-talk-the-cinema-of-striking-back\/\">http:\/\/www.ifi.ie\/film\/afternoon-talk-the-cinema-of-striking-back\/<\/a><\/p>\n<\/td>\n<td valign=\"top\"><\/td>\n<\/tr>\n<\/tbody>\n<\/table>\n<\/td>\n<\/tr>\n<\/tbody>\n<\/table>\n<\/td>\n<\/tr>\n<\/tbody>\n<\/table>\n<table width=\"100%\" cellspacing=\"0\" cellpadding=\"0\">\n<tbody>\n<tr>\n<td style=\"padding: 10px 30px;\">\n<table width=\"100%\" cellspacing=\"0\" cellpadding=\"0\">\n<tbody>\n<tr>\n<td valign=\"top\" width=\"52\"><img loading=\"lazy\" decoding=\"async\" src=\"http:\/\/dublineventguide.com\/dff\/admin\/images\/categories\/ACTIVITY.png\" alt=\"\" width=\"32\" height=\"32\" \/><\/td>\n<td>\n<h2 style=\"font-size: 16px; color: #534438; margin: 0 0 5px; font-weight: normal;\">Havana International Language Exchange<\/h2>\n<h3 style=\"font-size: 13px; margin: 0; padding: 0; line-height: 16px; color: #534438;\"><img loading=\"lazy\" decoding=\"async\" style=\"display: inline; float: left;\" src=\"http:\/\/dublineventguide.com\/dff\/admin\/images\/weekly.png\" alt=\"\" width=\"69\" height=\"16\" \/> 16:30 &#8211; 19:30, Wed 05 Dec<\/h3>\n<p style=\"font-size: 13px; color: #534438; line-height: 20px; margin: 0; padding-top: 0;\">Havana Tapas Bar, Georges St, Dublin 2<\/p>\n<table width=\"100%\" cellspacing=\"0\" cellpadding=\"0\">\n<tbody>\n<tr>\n<td valign=\"top\">\n<div style=\"font-size: 13px; color: #534438; line-height: 20px;\">\n<p style=\"margin: 10px 0;\">The &#8220;Havana International Language Exchange&#8221; is taking place every Wed from 16:30-19:30 in Havana Tapas Bar in George&#8217;s Street. There are many Spanish speakers and English-speakers are explicitly invited, but everyone else is certainly very welcome too, to meet for a chat to improve your Spanish or English.<\/p>\n<\/div>\n<div style=\"font-size: 13px; color: #534438; line-height: 20px;\"><\/div>\n<p style=\"font-size: 13px; color: #534438; line-height: 20px;\"><a style=\"color: #cc2979; text-decoration: none;\" href=\"http:\/\/www.facebook.com\/pages\/Havana-Tapas-Bar\/10503361821\">http:\/\/www.facebook.com\/pages\/Havana-Tapas-Bar\/10503361821<\/a><\/p>\n<\/td>\n<td valign=\"top\"><\/td>\n<\/tr>\n<\/tbody>\n<\/table>\n<\/td>\n<\/tr>\n<\/tbody>\n<\/table>\n<\/td>\n<\/tr>\n<\/tbody>\n<\/table>\n<table width=\"100%\" cellspacing=\"0\" cellpadding=\"0\">\n<tbody>\n<tr>\n<td style=\"padding: 10px 30px;\">\n<table width=\"100%\" cellspacing=\"0\" cellpadding=\"0\">\n<tbody>\n<tr>\n<td valign=\"top\" width=\"52\"><img loading=\"lazy\" decoding=\"async\" src=\"http:\/\/dublineventguide.com\/dff\/admin\/images\/categories\/LITERATURE.png\" alt=\"\" width=\"32\" height=\"32\" \/><\/td>\n<td>\n<h2 style=\"font-size: 16px; color: #534438; margin: 0 0 5px; font-weight: normal;\">Barry Kennerk &#8211; Book Signing<\/h2>\n<h3 style=\"font-size: 13px; margin: 0; padding: 0; line-height: 16px; color: #534438;\">18:00 &#8211; 20:00, Wed 05 Dec<\/h3>\n<p style=\"font-size: 13px; color: #534438; line-height: 20px; margin: 0; padding-top: 0;\">Hughes &amp; Hughes, Omni Park Shopping Centre, Santry, Dublin 9<\/p>\n<table width=\"100%\" cellspacing=\"0\" cellpadding=\"0\">\n<tbody>\n<tr>\n<td valign=\"top\">\n<div style=\"font-size: 13px; color: #534438; line-height: 20px;\">\n<p style=\"margin: 10px 0;\">A &#8220;Christmas Customer Evening&#8221; with 20% off on all books, toys, games and stationary is taking place in Hughes &amp; Hughes in Santry.<\/p>\n<p style=\"margin: 10px 0;\">Barry Kennerk will sign his book &#8220;Moore Street &#8211; The Story of Dublin&#8217;s Market District&#8221;.<\/p>\n<\/div>\n<div style=\"font-size: 13px; color: #534438; line-height: 20px;\"><\/div>\n<p style=\"font-size: 13px; color: #534438; line-height: 20px;\"><a style=\"color: #cc2979; text-decoration: none;\" href=\"http:\/\/www.hughesandhughes.ie\/content\/customer-evening-santry\">http:\/\/www.hughesandhughes.ie\/content\/customer-evening-santry<\/a><\/p>\n<\/td>\n<td valign=\"top\"><\/td>\n<\/tr>\n<\/tbody>\n<\/table>\n<\/td>\n<\/tr>\n<\/tbody>\n<\/table>\n<\/td>\n<\/tr>\n<\/tbody>\n<\/table>\n<table width=\"100%\" cellspacing=\"0\" cellpadding=\"0\">\n<tbody>\n<tr>\n<td style=\"padding: 10px 30px;\">\n<table width=\"100%\" cellspacing=\"0\" cellpadding=\"0\">\n<tbody>\n<tr>\n<td valign=\"top\" width=\"52\"><img loading=\"lazy\" decoding=\"async\" src=\"http:\/\/dublineventguide.com\/dff\/admin\/images\/categories\/FILM.png\" alt=\"\" width=\"32\" height=\"32\" \/><\/td>\n<td>\n<h2 style=\"font-size: 16px; color: #534438; margin: 0 0 5px; font-weight: normal;\">Film Screening &#8211; Instituto Cervantes<\/h2>\n<h3 style=\"font-size: 13px; margin: 0; padding: 0; line-height: 16px; color: #534438;\">18:00, Wed 05 Dec<\/h3>\n<p style=\"font-size: 13px; color: #534438; line-height: 20px; margin: 0; padding-top: 0;\">Instituto Cervantes, Lincoln House, Lincoln Place (near National Gallery), Dublin 2<\/p>\n<table width=\"100%\" cellspacing=\"0\" cellpadding=\"0\">\n<tbody>\n<tr>\n<td valign=\"top\">\n<div style=\"font-size: 13px; color: #534438; line-height: 20px;\">\n<p style=\"margin: 10px 0;\">You are the one (Una historia de entonces) is the next Jos\u00e9 Luis Garci film that will be screened in the Instituto Cervantes. Admission is free. The film is in Spanish with English subtitles.<\/p>\n<\/div>\n<div style=\"font-size: 13px; color: #534438; line-height: 20px;\"><\/div>\n<p style=\"font-size: 13px; color: #534438; line-height: 20px;\"><a style=\"color: #cc2979; text-decoration: none;\" href=\"http:\/\/dublin.cervantes.es\/FichasCultura\/Ficha85496_16_2.htm\">http:\/\/dublin.cervantes.es\/FichasCultura\/Ficha85496_16_2.htm<\/a><\/p>\n<\/td>\n<td valign=\"top\"><\/td>\n<\/tr>\n<\/tbody>\n<\/table>\n<\/td>\n<\/tr>\n<\/tbody>\n<\/table>\n<\/td>\n<\/tr>\n<\/tbody>\n<\/table>\n<table width=\"100%\" cellspacing=\"0\" cellpadding=\"0\">\n<tbody>\n<tr>\n<td style=\"padding: 10px 30px;\">\n<table width=\"100%\" cellspacing=\"0\" cellpadding=\"0\">\n<tbody>\n<tr>\n<td valign=\"top\" width=\"52\"><img loading=\"lazy\" decoding=\"async\" src=\"http:\/\/dublineventguide.com\/dff\/admin\/images\/categories\/MUSIC.png\" alt=\"\" width=\"32\" height=\"32\" \/><\/td>\n<td>\n<h2 style=\"font-size: 16px; color: #534438; margin: 0 0 5px; font-weight: normal;\">Guitar Masterclass &#8211; Nicholas Goluses<\/h2>\n<h3 style=\"font-size: 13px; margin: 0; padding: 0; line-height: 16px; color: #534438;\">18:00 &#8211; 21:00, Wed 05 Dec<\/h3>\n<p style=\"font-size: 13px; color: #534438; line-height: 20px; margin: 0; padding-top: 0;\">Royal Irish Academy of Music, 38 Westland Row, Dublin 2<\/p>\n<table width=\"100%\" cellspacing=\"0\" cellpadding=\"0\">\n<tbody>\n<tr>\n<td valign=\"top\">\n<div style=\"font-size: 13px; color: #534438; line-height: 20px;\">\n<p style=\"margin: 10px 0;\">Nicholas Goluses will conduct a Guitar Masterclass in the Recital Room of the RIAM. Admission is free.<\/p>\n<\/div>\n<div style=\"font-size: 13px; color: #534438; line-height: 20px;\"><\/div>\n<p style=\"font-size: 13px; color: #534438; line-height: 20px;\"><a style=\"color: #cc2979; text-decoration: none;\" href=\"http:\/\/www.riam.ie\/guitar-masterclass-with-nicholas-goluses\/\">http:\/\/www.riam.ie\/guitar-masterclass-with-nicholas-goluses\/<\/a><\/p>\n<\/td>\n<td valign=\"top\"><\/td>\n<\/tr>\n<\/tbody>\n<\/table>\n<\/td>\n<\/tr>\n<\/tbody>\n<\/table>\n<\/td>\n<\/tr>\n<\/tbody>\n<\/table>\n<table width=\"100%\" cellspacing=\"0\" cellpadding=\"0\">\n<tbody>\n<tr>\n<td style=\"padding: 10px 30px;\">\n<table width=\"100%\" cellspacing=\"0\" cellpadding=\"0\">\n<tbody>\n<tr>\n<td valign=\"top\" width=\"52\"><img loading=\"lazy\" decoding=\"async\" src=\"http:\/\/dublineventguide.com\/dff\/admin\/images\/categories\/LITERATURE.png\" alt=\"\" width=\"32\" height=\"32\" \/><\/td>\n<td>\n<h2 style=\"font-size: 16px; color: #534438; margin: 0 0 5px; font-weight: normal;\">Nuala Lyons &#8211; Book Launch<\/h2>\n<h3 style=\"font-size: 13px; margin: 0; padding: 0; line-height: 16px; color: #534438;\">18:00 &#8211; 19:30, Wed 05 Dec<\/h3>\n<p style=\"font-size: 13px; color: #534438; line-height: 20px; margin: 0; padding-top: 0;\">Gutter Bookshop, Cow&#8217;s Lane, Temple Bar, Dublin 8<\/p>\n<table width=\"100%\" cellspacing=\"0\" cellpadding=\"0\">\n<tbody>\n<tr>\n<td valign=\"top\">\n<div style=\"font-size: 13px; color: #534438; line-height: 20px;\">\n<p style=\"margin: 10px 0;\">Nuala Lyons will launch her book &#8220;Movie Fan&#8221; in the Gutter Bookshop. Admission is free and all are welcome.<\/p>\n<\/div>\n<div style=\"font-size: 13px; color: #534438; line-height: 20px;\"><\/div>\n<p style=\"font-size: 13px; color: #534438; line-height: 20px;\"><a style=\"color: #cc2979; text-decoration: none;\" href=\"http:\/\/gutterbookshop.com\/events.html\">http:\/\/gutterbookshop.com\/events.html<\/a><\/p>\n<\/td>\n<td valign=\"top\"><\/td>\n<\/tr>\n<\/tbody>\n<\/table>\n<\/td>\n<\/tr>\n<\/tbody>\n<\/table>\n<\/td>\n<\/tr>\n<\/tbody>\n<\/table>\n<table width=\"100%\" cellspacing=\"0\" cellpadding=\"0\">\n<tbody>\n<tr>\n<td style=\"padding: 10px 30px;\">\n<table width=\"100%\" cellspacing=\"0\" cellpadding=\"0\">\n<tbody>\n<tr>\n<td valign=\"top\" width=\"52\"><img loading=\"lazy\" decoding=\"async\" src=\"http:\/\/dublineventguide.com\/dff\/admin\/images\/categories\/MUSIC.png\" alt=\"\" width=\"32\" height=\"32\" \/><\/td>\n<td>\n<h2 style=\"font-size: 16px; color: #534438; margin: 0 0 5px; font-weight: normal;\">The Song Room (open mic)<\/h2>\n<h3 style=\"font-size: 13px; margin: 0; padding: 0; line-height: 16px; color: #534438;\"><img loading=\"lazy\" decoding=\"async\" style=\"display: inline; float: left;\" src=\"http:\/\/dublineventguide.com\/dff\/admin\/images\/weekly.png\" alt=\"\" width=\"69\" height=\"16\" \/> 20:30, Wed 05 Dec<\/h3>\n<p style=\"font-size: 13px; color: #534438; line-height: 20px; margin: 0; padding-top: 0;\">The Globe, 11 South Great George&#8217;s Street, Dublin 2<\/p>\n<table width=\"100%\" cellspacing=\"0\" cellpadding=\"0\">\n<tbody>\n<tr>\n<td valign=\"top\">\n<div style=\"font-size: 13px; color: #534438; line-height: 20px;\">\n<p style=\"margin: 10px 0;\">&#8220;The Song Room&#8221; is another open mic event. It takes place in The Globe in George&#8217;s Street at 20:30 every Wednesday.<\/p>\n<\/div>\n<div style=\"font-size: 13px; color: #534438; line-height: 20px;\"><\/div>\n<p style=\"font-size: 13px; color: #534438; line-height: 20px;\"><a style=\"color: #cc2979; text-decoration: none;\" href=\"http:\/\/www.hamletsweeney.com\/events\/\">http:\/\/www.hamletsweeney.com\/events\/<\/a><\/p>\n<\/td>\n<td valign=\"top\"><\/td>\n<\/tr>\n<\/tbody>\n<\/table>\n<\/td>\n<\/tr>\n<\/tbody>\n<\/table>\n<\/td>\n<\/tr>\n<\/tbody>\n<\/table>\n<table width=\"100%\" cellspacing=\"0\" cellpadding=\"0\">\n<tbody>\n<tr>\n<td style=\"padding: 10px 30px;\">\n<table width=\"100%\" cellspacing=\"0\" cellpadding=\"0\">\n<tbody>\n<tr>\n<td valign=\"top\" width=\"52\"><img loading=\"lazy\" decoding=\"async\" src=\"http:\/\/dublineventguide.com\/dff\/admin\/images\/categories\/MUSIC.png\" alt=\"\" width=\"32\" height=\"32\" \/><\/td>\n<td>\n<h2 style=\"font-size: 16px; color: #534438; margin: 0 0 5px; font-weight: normal;\">The Zodiac Sessions (open mic)<\/h2>\n<h3 style=\"font-size: 13px; margin: 0; padding: 0; line-height: 16px; color: #534438;\"><img loading=\"lazy\" decoding=\"async\" style=\"display: inline; float: left;\" src=\"http:\/\/dublineventguide.com\/dff\/admin\/images\/weekly.png\" alt=\"\" width=\"69\" height=\"16\" \/> 20:30, Wed 05 Dec<\/h3>\n<p style=\"font-size: 13px; color: #534438; line-height: 20px; margin: 0; padding-top: 0;\">Bruxelles, Harry Street, Dublin 2<\/p>\n<table width=\"100%\" cellspacing=\"0\" cellpadding=\"0\">\n<tbody>\n<tr>\n<td valign=\"top\">\n<div style=\"font-size: 13px; color: #534438; line-height: 20px;\">\n<p style=\"margin: 10px 0;\">&#8220;The Zodiac Sessions&#8221; is a regular open mic event from 20:30 in Bruxelles (between Grafton Street and Westbury Hotel) for unsigned musicians. Admission is free and there is a different line-up every week.<\/p>\n<\/div>\n<div style=\"font-size: 13px; color: #534438; line-height: 20px;\"><\/div>\n<p style=\"font-size: 13px; color: #534438; line-height: 20px;\"><a style=\"color: #cc2979; text-decoration: none;\" href=\"http:\/\/www.thezodiacsessions.com\/\">http:\/\/www.thezodiacsessions.com\/<\/a><\/p>\n<\/td>\n<td valign=\"top\"><\/td>\n<\/tr>\n<\/tbody>\n<\/table>\n<\/td>\n<\/tr>\n<\/tbody>\n<\/table>\n<\/td>\n<\/tr>\n<\/tbody>\n<\/table>\n<table width=\"100%\" cellspacing=\"0\" cellpadding=\"0\">\n<tbody>\n<tr>\n<td style=\"padding: 10px 30px;\">\n<table width=\"100%\" cellspacing=\"0\" cellpadding=\"0\">\n<tbody>\n<tr>\n<td valign=\"top\" width=\"52\"><img loading=\"lazy\" decoding=\"async\" src=\"http:\/\/dublineventguide.com\/dff\/admin\/images\/categories\/MUSIC.png\" alt=\"\" width=\"32\" height=\"32\" \/><\/td>\n<td>\n<h2 style=\"font-size: 16px; color: #534438; margin: 0 0 5px; font-weight: normal;\">Trad Session<\/h2>\n<h3 style=\"font-size: 13px; margin: 0; padding: 0; line-height: 16px; color: #534438;\"><img loading=\"lazy\" decoding=\"async\" style=\"display: inline; float: left;\" src=\"http:\/\/dublineventguide.com\/dff\/admin\/images\/weekly.png\" alt=\"\" width=\"69\" height=\"16\" \/> 21:30, Wed 05 Dec<\/h3>\n<p style=\"font-size: 13px; color: #534438; line-height: 20px; margin: 0; padding-top: 0;\">Hedigan&#8217;s (The Brian Boru), 4 Prospect Road, Phibsborough, Dublin 11<\/p>\n<table width=\"100%\" cellspacing=\"0\" cellpadding=\"0\">\n<tbody>\n<tr>\n<td valign=\"top\">\n<div style=\"font-size: 13px; color: #534438; line-height: 20px;\">\n<p style=\"margin: 10px 0;\">Traditional Irish Music Session in Hedigan&#8217;s (The Brian Boru) in Phibsborough from 21:30 every Wednesday. If you play an instrument you are especially welcome (all levels are welcome).<\/p>\n<\/div>\n<div style=\"font-size: 13px; color: #534438; line-height: 20px;\"><\/div>\n<\/td>\n<td valign=\"top\"><\/td>\n<\/tr>\n<\/tbody>\n<\/table>\n<\/td>\n<\/tr>\n<\/tbody>\n<\/table>\n<\/td>\n<\/tr>\n<\/tbody>\n<\/table>\n<table id=\"day_1354752000\" style=\"margin-top: 10px;\" width=\"100%\" cellspacing=\"0\" cellpadding=\"0\">\n<tbody>\n<tr style=\"background-color: #c20162; color: #fff;\">\n<td style=\"padding: 0; line-height: 1; height: 34px; overflow: hidden;\">\n<p style=\"width: 630px; padding-left: 30px; margin: 0; height: 34px; overflow: hidden; line-height: 34px;\"><a name=\"day_1354752000\"><\/a><strong>Thursday <\/strong> 06 Dec<\/p>\n<\/td>\n<td>\n<p style=\"margin: 0; line-height: 34px; padding: 0; font-size: 13px;\"><a style=\"color: #fff; text-decoration: none;\" href=\"#dff_top\">back to top<\/a><\/p>\n<\/td>\n<td>\n<p style=\"margin: 0; padding: 0; font-size: 13px;\"><a style=\"color: #fff; text-decoration: none;\" href=\"#dff_top\"><img loading=\"lazy\" decoding=\"async\" src=\"http:\/\/dublineventguide.com\/dff\/admin\/images\/dividers\/date_toplink.png\" alt=\"Back to top\" width=\"38\" height=\"34\" \/><\/a><\/p>\n<\/td>\n<td width=\"50\"><\/td>\n<\/tr>\n<\/tbody>\n<\/table>\n<table width=\"100%\" cellspacing=\"0\" cellpadding=\"0\">\n<tbody>\n<tr>\n<td style=\"padding: 10px 30px;\">\n<table width=\"100%\" cellspacing=\"0\" cellpadding=\"0\">\n<tbody>\n<tr>\n<td valign=\"top\" width=\"52\"><img loading=\"lazy\" decoding=\"async\" src=\"http:\/\/dublineventguide.com\/dff\/admin\/images\/categories\/ART.png\" alt=\"\" width=\"32\" height=\"32\" \/><\/td>\n<td>\n<h2 style=\"font-size: 16px; color: #534438; margin: 0 0 5px; font-weight: normal;\">Picture Clinic<\/h2>\n<h3 style=\"font-size: 13px; margin: 0; padding: 0; line-height: 16px; color: #534438;\">10:00 &#8211; 12:00, Thu 06 Dec<\/h3>\n<p style=\"font-size: 13px; color: #534438; line-height: 20px; margin: 0; padding-top: 0;\">National Gallery, Clare Street, Dublin 2<\/p>\n<table width=\"100%\" cellspacing=\"0\" cellpadding=\"0\">\n<tbody>\n<tr>\n<td valign=\"top\">\n<div style=\"font-size: 13px; color: #534438; line-height: 20px;\">\n<p style=\"margin: 10px 0;\">Once a month National Gallery Curators appraise paintings, prints and drawings brought into the Gallery. No appointment is necessary and you can just turn up with your piece of art and get an estimate for it.<\/p>\n<\/div>\n<div style=\"font-size: 13px; color: #534438; line-height: 20px;\"><\/div>\n<p style=\"font-size: 13px; color: #534438; line-height: 20px;\"><a style=\"color: #cc2979; text-decoration: none;\" href=\"http:\/\/www.nationalgallery.ie\/whatson\">http:\/\/www.nationalgallery.ie\/whatson<\/a><\/p>\n<\/td>\n<td valign=\"top\"><\/td>\n<\/tr>\n<\/tbody>\n<\/table>\n<\/td>\n<\/tr>\n<\/tbody>\n<\/table>\n<\/td>\n<\/tr>\n<\/tbody>\n<\/table>\n<table width=\"100%\" cellspacing=\"0\" cellpadding=\"0\">\n<tbody>\n<tr>\n<td style=\"padding: 10px 30px;\">\n<table width=\"100%\" cellspacing=\"0\" cellpadding=\"0\">\n<tbody>\n<tr>\n<td valign=\"top\" width=\"52\"><img loading=\"lazy\" decoding=\"async\" src=\"http:\/\/dublineventguide.com\/dff\/admin\/images\/categories\/MARKETS.png\" alt=\"\" width=\"32\" height=\"32\" \/><\/td>\n<td>\n<h2 style=\"font-size: 16px; color: #534438; margin: 0 0 5px; font-weight: normal;\">RDS Library Book Sale<\/h2>\n<h3 style=\"font-size: 13px; margin: 0; padding: 0; line-height: 16px; color: #534438;\">10:00 &#8211; 17:00, Thu 06 Dec<\/h3>\n<p style=\"font-size: 13px; color: #534438; line-height: 20px; margin: 0; padding-top: 0;\">RDS, Merrion Road, Ballsbridge, Dublin 4<\/p>\n<table width=\"100%\" cellspacing=\"0\" cellpadding=\"0\">\n<tbody>\n<tr>\n<td valign=\"top\">\n<div style=\"font-size: 13px; color: #534438; line-height: 20px;\">\n<p style=\"margin: 10px 0;\">The 6th yearly RDS Library Book Sale will take place in the RDS Library from 03-07 December. The Library will be selling duplicate copies and out of date books. RDS Members have also donated books for the sale. Admission is free and everybody is welcome.<\/p>\n<\/div>\n<div style=\"font-size: 13px; color: #534438; line-height: 20px;\"><\/div>\n<p style=\"font-size: 13px; color: #534438; line-height: 20px;\"><a style=\"color: #cc2979; text-decoration: none;\" href=\"http:\/\/www.rds.ie\/cat_event_detail.jsp?itemID=1100038\">http:\/\/www.rds.ie\/cat_event_detail.jsp?itemID=1100038<\/a><\/p>\n<\/td>\n<td valign=\"top\"><\/td>\n<\/tr>\n<\/tbody>\n<\/table>\n<\/td>\n<\/tr>\n<\/tbody>\n<\/table>\n<\/td>\n<\/tr>\n<\/tbody>\n<\/table>\n<table width=\"100%\" cellspacing=\"0\" cellpadding=\"0\">\n<tbody>\n<tr>\n<td style=\"padding: 10px 30px;\">\n<table width=\"100%\" cellspacing=\"0\" cellpadding=\"0\">\n<tbody>\n<tr>\n<td valign=\"top\" width=\"52\"><img loading=\"lazy\" decoding=\"async\" src=\"http:\/\/dublineventguide.com\/dff\/admin\/images\/categories\/MARKETS.png\" alt=\"\" width=\"32\" height=\"32\" \/><\/td>\n<td>\n<h2 style=\"font-size: 16px; color: #534438; margin: 0 0 5px; font-weight: normal;\">The Ferocious Mingle Market<\/h2>\n<h3 style=\"font-size: 13px; margin: 0; padding: 0; line-height: 16px; color: #534438;\"><img loading=\"lazy\" decoding=\"async\" style=\"display: inline; float: left;\" src=\"http:\/\/dublineventguide.com\/dff\/admin\/images\/weekly.png\" alt=\"\" width=\"69\" height=\"16\" \/> 11:00 &#8211; 18:00, Thu 06 Dec<\/h3>\n<p style=\"font-size: 13px; color: #534438; line-height: 20px; margin: 0; padding-top: 0;\">72 Thomas Street (between the Vicar St venue &amp; Cafe Notto), Dublin 8<\/p>\n<table width=\"100%\" cellspacing=\"0\" cellpadding=\"0\">\n<tbody>\n<tr>\n<td valign=\"top\">\n<div style=\"font-size: 13px; color: #534438; line-height: 20px;\">\n<p style=\"margin: 10px 0;\">The Ferocious Mingle Market takes place every Thursday, Friday, Saturday AND Sunday. On Sunday it is a fancy dress market. It&#8217;s a flea-market type permanent market with stalls and &#8220;chalets&#8221; for traders. The Oscar Verne Caf\u00e9 and (at least at the weekends) live music adds even more character.<\/p>\n<p style=\"margin: 10px 0;\">The location of the new indoor market is 72 Thomas Street (between the Vicar St venue &amp; Cafe Notto) an opening hours are 11:00-18:00. There is also a Caf\u00e9, the Oscar Verne Caf\u00e9, open for business at the market.<\/p>\n<\/div>\n<div style=\"font-size: 13px; color: #534438; line-height: 20px;\"><\/div>\n<p style=\"font-size: 13px; color: #534438; line-height: 20px;\"><a style=\"color: #cc2979; text-decoration: none;\" href=\"https:\/\/www.facebook.com\/mingle.mkt\">https:\/\/www.facebook.com\/mingle.mkt<\/a><\/p>\n<\/td>\n<td valign=\"top\"><\/td>\n<\/tr>\n<\/tbody>\n<\/table>\n<\/td>\n<\/tr>\n<\/tbody>\n<\/table>\n<\/td>\n<\/tr>\n<\/tbody>\n<\/table>\n<table width=\"100%\" cellspacing=\"0\" cellpadding=\"0\">\n<tbody>\n<tr>\n<td style=\"padding: 10px 30px;\">\n<table width=\"100%\" cellspacing=\"0\" cellpadding=\"0\">\n<tbody>\n<tr>\n<td valign=\"top\" width=\"52\"><img loading=\"lazy\" decoding=\"async\" src=\"http:\/\/dublineventguide.com\/dff\/admin\/images\/categories\/TALKS.png\" alt=\"\" width=\"32\" height=\"32\" \/><\/td>\n<td>\n<h2 style=\"font-size: 16px; color: #534438; margin: 0 0 5px; font-weight: normal;\">National Gallery Talks<\/h2>\n<h3 style=\"font-size: 13px; margin: 0; padding: 0; line-height: 16px; color: #534438;\"><img loading=\"lazy\" decoding=\"async\" style=\"display: inline; float: left;\" src=\"http:\/\/dublineventguide.com\/dff\/admin\/images\/weekly.png\" alt=\"\" width=\"69\" height=\"16\" \/> 11:30 &#8211; 16:50, Thu 06 Dec<\/h3>\n<p style=\"font-size: 13px; color: #534438; line-height: 20px; margin: 0; padding-top: 0;\">National Gallery, Clare Street, Dublin 2<\/p>\n<table width=\"100%\" cellspacing=\"0\" cellpadding=\"0\">\n<tbody>\n<tr>\n<td valign=\"top\">\n<div style=\"font-size: 13px; color: #534438; line-height: 20px;\">\n<p style=\"margin: 10px 0;\">The National Gallery has an extensive programme of free talks, public tours and Art Documentary screenings focusing on highlights of the European and Irish Collection every day of the week. Check their website for details.<\/p>\n<\/div>\n<div style=\"font-size: 13px; color: #534438; line-height: 20px;\"><\/div>\n<p style=\"font-size: 13px; color: #534438; line-height: 20px;\"><a style=\"color: #cc2979; text-decoration: none;\" href=\"http:\/\/nationalgallery.ie\/whatson\">http:\/\/nationalgallery.ie\/whatson<\/a><\/p>\n<\/td>\n<td valign=\"top\"><\/td>\n<\/tr>\n<\/tbody>\n<\/table>\n<\/td>\n<\/tr>\n<\/tbody>\n<\/table>\n<\/td>\n<\/tr>\n<\/tbody>\n<\/table>\n<table width=\"100%\" cellspacing=\"0\" cellpadding=\"0\">\n<tbody>\n<tr>\n<td style=\"padding: 10px 30px;\">\n<table width=\"100%\" cellspacing=\"0\" cellpadding=\"0\">\n<tbody>\n<tr>\n<td valign=\"top\" width=\"52\"><img loading=\"lazy\" decoding=\"async\" src=\"http:\/\/dublineventguide.com\/dff\/admin\/images\/categories\/MARKETS.png\" alt=\"\" width=\"32\" height=\"32\" \/><\/td>\n<td>\n<h2 style=\"font-size: 16px; color: #534438; margin: 0 0 5px; font-weight: normal;\">Dublin Food Co-op<\/h2>\n<h3 style=\"font-size: 13px; margin: 0; padding: 0; line-height: 16px; color: #534438;\"><img loading=\"lazy\" decoding=\"async\" style=\"display: inline; float: left;\" src=\"http:\/\/dublineventguide.com\/dff\/admin\/images\/weekly.png\" alt=\"\" width=\"69\" height=\"16\" \/> 12:00 &#8211; 20:00, Thu 06 Dec<\/h3>\n<p style=\"font-size: 13px; color: #534438; line-height: 20px; margin: 0; padding-top: 0;\">Dublin Food Co-op, Newmarket, Dublin 8<\/p>\n<table width=\"100%\" cellspacing=\"0\" cellpadding=\"0\">\n<tbody>\n<tr>\n<td valign=\"top\">\n<div style=\"font-size: 13px; color: #534438; line-height: 20px;\">\n<p>The Dublin Food Co-op is open every Thursday at Newmarket for organic wholefoods and sustainable household products, plus over a dozen producer stalls offering organic fruit and veg., baked goods, dairy produce, wines, hot and cold food, etc.<br \/>\nThe Co-op is also opened on Saturdays 09:30 &#8211; 16:30. 12:00-20:00.<\/p>\n<\/div>\n<div style=\"font-size: 13px; color: #534438; line-height: 20px;\"><\/div>\n<p style=\"font-size: 13px; color: #534438; line-height: 20px;\"><a style=\"color: #cc2979; text-decoration: none;\" href=\"http:\/\/www.dublinfood.coop\">http:\/\/www.dublinfood.coop<\/a><\/p>\n<\/td>\n<td valign=\"top\"><\/td>\n<\/tr>\n<\/tbody>\n<\/table>\n<\/td>\n<\/tr>\n<\/tbody>\n<\/table>\n<\/td>\n<\/tr>\n<\/tbody>\n<\/table>\n<table width=\"100%\" cellspacing=\"0\" cellpadding=\"0\">\n<tbody>\n<tr>\n<td style=\"padding: 10px 30px;\">\n<table width=\"100%\" cellspacing=\"0\" cellpadding=\"0\">\n<tbody>\n<tr>\n<td valign=\"top\" width=\"52\"><img loading=\"lazy\" decoding=\"async\" src=\"http:\/\/dublineventguide.com\/dff\/admin\/images\/categories\/MARKETS.png\" alt=\"\" width=\"32\" height=\"32\" \/><\/td>\n<td>\n<h2 style=\"font-size: 16px; color: #534438; margin: 0 0 5px; font-weight: normal;\">Lunchtime Market<\/h2>\n<h3 style=\"font-size: 13px; margin: 0; padding: 0; line-height: 16px; color: #534438;\"><img loading=\"lazy\" decoding=\"async\" style=\"display: inline; float: left;\" src=\"http:\/\/dublineventguide.com\/dff\/admin\/images\/weekly.png\" alt=\"\" width=\"69\" height=\"16\" \/> 12:00 &#8211; 15:00, Thu 06 Dec<\/h3>\n<p style=\"font-size: 13px; color: #534438; line-height: 20px; margin: 0; padding-top: 0;\">Christ Church Cathedral, Christchurch Place, Dublin 8<\/p>\n<table width=\"100%\" cellspacing=\"0\" cellpadding=\"0\">\n<tbody>\n<tr>\n<td valign=\"top\">\n<div style=\"font-size: 13px; color: #534438; line-height: 20px;\">\n<p style=\"margin: 10px 0;\">Lunchtime Market at Christ Church Cathedral from 12:00-15:00.<\/p>\n<\/div>\n<div style=\"font-size: 13px; color: #534438; line-height: 20px;\"><\/div>\n<p style=\"font-size: 13px; color: #534438; line-height: 20px;\"><a style=\"color: #cc2979; text-decoration: none;\" href=\"http:\/\/www.irishvillagemarkets.ie\/christchurch.php\">http:\/\/www.irishvillagemarkets.ie\/christchurch.php<\/a><\/p>\n<\/td>\n<td valign=\"top\"><\/td>\n<\/tr>\n<\/tbody>\n<\/table>\n<\/td>\n<\/tr>\n<\/tbody>\n<\/table>\n<\/td>\n<\/tr>\n<\/tbody>\n<\/table>\n<table width=\"100%\" cellspacing=\"0\" cellpadding=\"0\">\n<tbody>\n<tr>\n<td style=\"padding: 10px 30px;\">\n<table width=\"100%\" cellspacing=\"0\" cellpadding=\"0\">\n<tbody>\n<tr>\n<td valign=\"top\" width=\"52\"><img loading=\"lazy\" decoding=\"async\" src=\"http:\/\/dublineventguide.com\/dff\/admin\/images\/categories\/MARKETS.png\" alt=\"\" width=\"32\" height=\"32\" \/><\/td>\n<td>\n<h2 style=\"font-size: 16px; color: #534438; margin: 0 0 5px; font-weight: normal;\">Christmas Fair &#8211; Print Museum<\/h2>\n<h3 style=\"font-size: 13px; margin: 0; padding: 0; line-height: 16px; color: #534438;\">16:00 &#8211; 20:00, Thu 06 Dec<\/h3>\n<p style=\"font-size: 13px; color: #534438; line-height: 20px; margin: 0; padding-top: 0;\">National Print Museum, Beggars Bush, Haddington Road, Dublin 4<\/p>\n<table width=\"100%\" cellspacing=\"0\" cellpadding=\"0\">\n<tbody>\n<tr>\n<td valign=\"top\">\n<div style=\"font-size: 13px; color: #534438; line-height: 20px;\">\n<p style=\"margin: 10px 0;\">The mezzanine level of the Print Museum is turned into a Christmas Market with stalls selling crafts and gifts. There will also be a number of self-guided arts and crafts activities for families and the Gutenberg Cafe will be open.<\/p>\n<p style=\"margin: 10px 0;\">The market will continue on Fri, Sat and Sun. Admission is free.<\/p>\n<\/div>\n<div style=\"font-size: 13px; color: #534438; line-height: 20px;\"><\/div>\n<p style=\"font-size: 13px; color: #534438; line-height: 20px;\"><a style=\"color: #cc2979; text-decoration: none;\" href=\"http:\/\/www.nationalprintmuseum.ie\/\">http:\/\/www.nationalprintmuseum.ie\/<\/a><\/p>\n<\/td>\n<td valign=\"top\"><\/td>\n<\/tr>\n<\/tbody>\n<\/table>\n<\/td>\n<\/tr>\n<\/tbody>\n<\/table>\n<\/td>\n<\/tr>\n<\/tbody>\n<\/table>\n<table width=\"100%\" cellspacing=\"0\" cellpadding=\"0\">\n<tbody>\n<tr>\n<td style=\"padding: 10px 30px;\">\n<table width=\"100%\" cellspacing=\"0\" cellpadding=\"0\">\n<tbody>\n<tr>\n<td valign=\"top\" width=\"52\"><img loading=\"lazy\" decoding=\"async\" src=\"http:\/\/dublineventguide.com\/dff\/admin\/images\/categories\/MUSIC.png\" alt=\"\" width=\"32\" height=\"32\" \/><\/td>\n<td>\n<h2 style=\"font-size: 16px; color: #534438; margin: 0 0 5px; font-weight: normal;\">Carols by Candlelight: Words and Music for the Season of Advent<\/h2>\n<h3 style=\"font-size: 13px; margin: 0; padding: 0; line-height: 16px; color: #534438;\">17:15, Thu 06 Dec<\/h3>\n<p style=\"font-size: 13px; color: #534438; line-height: 20px; margin: 0; padding-top: 0;\">Trinity College Chapel, Trinity College, Dublin 2<\/p>\n<table width=\"100%\" cellspacing=\"0\" cellpadding=\"0\">\n<tbody>\n<tr>\n<td valign=\"top\">\n<div style=\"font-size: 13px; color: #534438; line-height: 20px;\">\n<p style=\"margin: 10px 0;\">The yearly service \u2018Carols by Candlelight: Words and Music for the Season of Advent\u2019 will be held in College Chapel on Thursday<\/p>\n<\/div>\n<div style=\"font-size: 13px; color: #534438; line-height: 20px;\"><\/div>\n<p style=\"font-size: 13px; color: #534438; line-height: 20px;\"><a style=\"color: #cc2979; text-decoration: none;\" href=\"http:\/\/www.tcd.ie\/Secretary\/Communications\/Noticeboard\/data\/24571.html\">http:\/\/www.tcd.ie\/Secretary\/Communications\/Noticeboard\/data\/24571.html<\/a><\/p>\n<\/td>\n<td valign=\"top\"><\/td>\n<\/tr>\n<\/tbody>\n<\/table>\n<\/td>\n<\/tr>\n<\/tbody>\n<\/table>\n<\/td>\n<\/tr>\n<\/tbody>\n<\/table>\n<table width=\"100%\" cellspacing=\"0\" cellpadding=\"0\">\n<tbody>\n<tr>\n<td style=\"padding: 10px 30px;\">\n<table width=\"100%\" cellspacing=\"0\" cellpadding=\"0\">\n<tbody>\n<tr>\n<td valign=\"top\" width=\"52\"><img loading=\"lazy\" decoding=\"async\" src=\"http:\/\/dublineventguide.com\/dff\/admin\/images\/categories\/ACTIVITY.png\" alt=\"\" width=\"32\" height=\"32\" \/><\/td>\n<td>\n<h2 style=\"font-size: 16px; color: #534438; margin: 0 0 5px; font-weight: normal;\">Festive First Thursday<\/h2>\n<h3 style=\"font-size: 13px; margin: 0; padding: 0; line-height: 16px; color: #534438;\">17:30 &#8211; 20:30, Thu 06 Dec<\/h3>\n<p style=\"font-size: 13px; color: #534438; line-height: 20px; margin: 0; padding-top: 0;\">Temple Bar, Dublin 2<\/p>\n<table width=\"100%\" cellspacing=\"0\" cellpadding=\"0\">\n<tbody>\n<tr>\n<td valign=\"top\">\n<div style=\"font-size: 13px; color: #534438; line-height: 20px;\">\n<p style=\"margin: 10px 0;\">The First Thursday is normally a monthly event when lots of galleries in and around Temple Bar stay open late on a Thursday night. In December the First Thursday gets a whole other dimension.<\/p>\n<p style=\"margin: 10px 0;\">At 17:30 the Christmas Light sin Temple Bar&#8217;s Old City will be switched on and mulled wine and mince pies are available. A special outdoor projection by Melimage on to the Smock Alley Theatre building on West Essex Street in the Old City will be something to look at.<\/p>\n<p>From 18:00 the normal First Thursday Programme will take place in 49 (!) galleries and the full programme of the Tour is described here: <a style=\"color: #cc2979; text-decoration: none;\" href=\"http:\/\/templebar.ie\/Event\/First_Thursdays_Dublin\">http:\/\/www.templebar.ie\/Event\/First_Thursdays_Dublin<\/a><\/p>\n<p style=\"margin: 10px 0;\">Then from 20:30 an outdoor film screening of Elf will take place. However this is a free, but ticketed event and all tickets are gone.<\/p>\n<\/div>\n<div style=\"font-size: 13px; color: #534438; line-height: 20px;\"><\/div>\n<p style=\"font-size: 13px; color: #534438; line-height: 20px;\"><a style=\"color: #cc2979; text-decoration: none;\" href=\"http:\/\/blog.templebar.ie\/?p=6777\">http:\/\/blog.templebar.ie\/?p=6777<\/a><\/p>\n<\/td>\n<td valign=\"top\"><\/td>\n<\/tr>\n<\/tbody>\n<\/table>\n<\/td>\n<\/tr>\n<\/tbody>\n<\/table>\n<\/td>\n<\/tr>\n<\/tbody>\n<\/table>\n<table width=\"100%\" cellspacing=\"0\" cellpadding=\"0\">\n<tbody>\n<tr>\n<td style=\"padding: 10px 30px;\">\n<table width=\"100%\" cellspacing=\"0\" cellpadding=\"0\">\n<tbody>\n<tr>\n<td valign=\"top\" width=\"52\"><img loading=\"lazy\" decoding=\"async\" src=\"http:\/\/dublineventguide.com\/dff\/admin\/images\/categories\/ART.png\" alt=\"\" width=\"32\" height=\"32\" \/><\/td>\n<td>\n<h2 style=\"font-size: 16px; color: #534438; margin: 0 0 5px; font-weight: normal;\">Damn Fine Dublin &#8211; Mega Screen-Print<\/h2>\n<h3 style=\"font-size: 13px; margin: 0; padding: 0; line-height: 16px; color: #534438;\">18:00 &#8211; 23:30, Thu 06 Dec<\/h3>\n<p style=\"font-size: 13px; color: #534438; line-height: 20px; margin: 0; padding-top: 0;\">Block T, 1\/6 Haymarket, Smithfield, Dublin 7<\/p>\n<table width=\"100%\" cellspacing=\"0\" cellpadding=\"0\">\n<tbody>\n<tr>\n<td valign=\"top\">\n<div style=\"font-size: 13px; color: #534438; line-height: 20px;\">\n<p style=\"margin: 10px 0;\">Brand new Damn Fine Print Studio is showcasing a mega screen-print spectacular featuring Dublin\u2019s hottest artists and musicians. The exhibition, themed \u2018Damn Fine Dublin\u2019 will take place on 06 December at Block T, Smithfield, Dublin 7 to launch their new screen printing facility. It will be an affordable, accessible and creative print hub for people living and working in the City \u2013 a place to create, collaborate and learn.<\/p>\n<p style=\"margin: 10px 0;\">There\u2019ll be music from DJs, visuals from VJ Slip Draft and some beverages and nibbles. Admission is free.<\/p>\n<p style=\"margin: 10px 0;\">The show will feature 30 hand-pulled screen prints inspired by the phrase \u2018Damn Fine Dublin\u2019 from artists including Jim Fitzpatrick, Chris Judge, Steve Simpson, Alan Clarke, Fergal Brennan, Mick Minogue, Alan Hynes, Ursula Celano, Brian Coldrick, Fuchsia Macare and many more.<\/p>\n<\/div>\n<div style=\"font-size: 13px; color: #534438; line-height: 20px;\"><\/div>\n<p style=\"font-size: 13px; color: #534438; line-height: 20px;\"><a style=\"color: #cc2979; text-decoration: none;\" href=\"http:\/\/www.damnfineprintstudio.com\/\">http:\/\/www.damnfineprintstudio.com\/<\/a><\/p>\n<\/td>\n<td valign=\"top\"><\/td>\n<\/tr>\n<\/tbody>\n<\/table>\n<\/td>\n<\/tr>\n<\/tbody>\n<\/table>\n<\/td>\n<\/tr>\n<\/tbody>\n<\/table>\n<table width=\"100%\" cellspacing=\"0\" cellpadding=\"0\">\n<tbody>\n<tr>\n<td style=\"padding: 10px 30px;\">\n<table width=\"100%\" cellspacing=\"0\" cellpadding=\"0\">\n<tbody>\n<tr>\n<td valign=\"top\" width=\"52\"><img loading=\"lazy\" decoding=\"async\" src=\"http:\/\/dublineventguide.com\/dff\/admin\/images\/categories\/MUSIC.png\" alt=\"\" width=\"32\" height=\"32\" \/><\/td>\n<td>\n<h2 style=\"font-size: 16px; color: #534438; margin: 0 0 5px; font-weight: normal;\">DIT Choral Society\/Opera Ensemble &#8211; Christmas Concert<\/h2>\n<h3 style=\"font-size: 13px; margin: 0; padding: 0; line-height: 16px; color: #534438;\">18:00, Thu 06 Dec<\/h3>\n<p style=\"font-size: 13px; color: #534438; line-height: 20px; margin: 0; padding-top: 0;\">Rathmines Church, Lower Rathmines Road, Rathmines, Dublin 6<\/p>\n<table width=\"100%\" cellspacing=\"0\" cellpadding=\"0\">\n<tbody>\n<tr>\n<td valign=\"top\">\n<div style=\"font-size: 13px; color: #534438; line-height: 20px;\">\n<p style=\"margin: 10px 0;\">The DIT Choral Society and Opera Ensemble are inviting to their Christmas Concert which consits of two parts. The first part is Part I of Handel&#8217;s Messiah and the second part is American composer Gian Carlo Menotti&#8217;s one-act opera &#8220;Amahl and the Night Visitors&#8221;. It tells the story of a boy visited one night by three kings, on a long journey to visit the Christ child.<\/p>\n<p style=\"margin: 10px 0;\">The concert will be performed twice. The first time on 04 Dec in Aughrim Street Church and the second time on 06 Dec in Rathmines Church. Admission is free.<\/p>\n<\/div>\n<div style=\"font-size: 13px; color: #534438; line-height: 20px;\"><\/div>\n<p style=\"font-size: 13px; color: #534438; line-height: 20px;\"><a style=\"color: #cc2979; text-decoration: none;\" href=\"http:\/\/www.dit.ie\/conservatory\/events\/\">http:\/\/www.dit.ie\/conservatory\/events\/<\/a><\/p>\n<\/td>\n<td valign=\"top\"><\/td>\n<\/tr>\n<\/tbody>\n<\/table>\n<\/td>\n<\/tr>\n<\/tbody>\n<\/table>\n<\/td>\n<\/tr>\n<\/tbody>\n<\/table>\n<table width=\"100%\" cellspacing=\"0\" cellpadding=\"0\">\n<tbody>\n<tr>\n<td style=\"padding: 10px 30px;\">\n<table width=\"100%\" cellspacing=\"0\" cellpadding=\"0\">\n<tbody>\n<tr>\n<td valign=\"top\" width=\"52\"><img loading=\"lazy\" decoding=\"async\" src=\"http:\/\/dublineventguide.com\/dff\/admin\/images\/categories\/FILM.png\" alt=\"\" width=\"32\" height=\"32\" \/><\/td>\n<td>\n<h2 style=\"font-size: 16px; color: #534438; margin: 0 0 5px; font-weight: normal;\">Film Screening \u2013 Instituto Cervantes<\/h2>\n<h3 style=\"font-size: 13px; margin: 0; padding: 0; line-height: 16px; color: #534438;\">18:00, Thu 06 Dec<\/h3>\n<p style=\"font-size: 13px; color: #534438; line-height: 20px; margin: 0; padding-top: 0;\">Instituto Cervantes, Lincoln House, Lincoln Place (near National Gallery), Dublin 2<\/p>\n<table width=\"100%\" cellspacing=\"0\" cellpadding=\"0\">\n<tbody>\n<tr>\n<td valign=\"top\">\n<div style=\"font-size: 13px; color: #534438; line-height: 20px;\">\n<p style=\"margin: 10px 0;\">&#8220;Ninette&#8221; is the next film by Director Jos\u00e9 Luis Garci that will be screened in the Instituto Cervantes. Admission is free and film will be in Spanish with English subtitles.<\/p>\n<\/div>\n<div style=\"font-size: 13px; color: #534438; line-height: 20px;\"><\/div>\n<p style=\"font-size: 13px; color: #534438; line-height: 20px;\"><a style=\"color: #cc2979; text-decoration: none;\" href=\"http:\/\/dublin.cervantes.es\/FichasCultura\/Ficha85497_16_2.htm\">http:\/\/dublin.cervantes.es\/FichasCultura\/Ficha85497_16_2.htm<\/a><\/p>\n<\/td>\n<td valign=\"top\"><\/td>\n<\/tr>\n<\/tbody>\n<\/table>\n<\/td>\n<\/tr>\n<\/tbody>\n<\/table>\n<\/td>\n<\/tr>\n<\/tbody>\n<\/table>\n<table width=\"100%\" cellspacing=\"0\" cellpadding=\"0\">\n<tbody>\n<tr>\n<td style=\"padding: 10px 30px;\">\n<table width=\"100%\" cellspacing=\"0\" cellpadding=\"0\">\n<tbody>\n<tr>\n<td valign=\"top\" width=\"52\"><img loading=\"lazy\" decoding=\"async\" src=\"http:\/\/dublineventguide.com\/dff\/admin\/images\/categories\/LITERATURE.png\" alt=\"\" width=\"32\" height=\"32\" \/><\/td>\n<td>\n<h2 style=\"font-size: 16px; color: #534438; margin: 0 0 5px; font-weight: normal;\">Meet the Sportswriters<\/h2>\n<h3 style=\"font-size: 13px; margin: 0; padding: 0; line-height: 16px; color: #534438;\">19:15, Thu 06 Dec<\/h3>\n<p style=\"font-size: 13px; color: #534438; line-height: 20px; margin: 0; padding-top: 0;\">dlr Leisure Services, Meadowbrook, Ballinteer, Stillorgan, Co. Dublin<\/p>\n<table width=\"100%\" cellspacing=\"0\" cellpadding=\"0\">\n<tbody>\n<tr>\n<td valign=\"top\">\n<div style=\"font-size: 13px; color: #534438; line-height: 20px;\">\n<p style=\"margin: 10px 0;\">This free event is organised as part of the D\u00fan Laoghaire-Rathdown County Council Writer in Residence Programme. The event will be hosted by Katy Hayes, dlr County Council Writer in Residence 2012-2013, and will give the audience the opportunity to hear authors and journalists John Breen, Declan Lynch and Johnny Watterson read from their work and talk about their relationship with sport as writers.<\/p>\n<p style=\"margin: 10px 0;\">Further information or to reserve your place, contact Ciara King on cking@dlrcoco.ie or on 01-271 9529.<\/p>\n<\/div>\n<div style=\"font-size: 13px; color: #534438; line-height: 20px;\"><\/div>\n<p style=\"font-size: 13px; color: #534438; line-height: 20px;\"><a style=\"color: #cc2979; text-decoration: none;\" href=\"http:\/\/www.dlrcoco.ie\/library\/sportswriters.pdf\">http:\/\/www.dlrcoco.ie\/library\/sportswriters.pdf<\/a><\/p>\n<\/td>\n<td valign=\"top\"><\/td>\n<\/tr>\n<\/tbody>\n<\/table>\n<\/td>\n<\/tr>\n<\/tbody>\n<\/table>\n<\/td>\n<\/tr>\n<\/tbody>\n<\/table>\n<table width=\"100%\" cellspacing=\"0\" cellpadding=\"0\">\n<tbody>\n<tr>\n<td style=\"padding: 10px 30px;\">\n<table width=\"100%\" cellspacing=\"0\" cellpadding=\"0\">\n<tbody>\n<tr>\n<td valign=\"top\" width=\"52\"><img loading=\"lazy\" decoding=\"async\" src=\"http:\/\/dublineventguide.com\/dff\/admin\/images\/categories\/LITERATURE.png\" alt=\"\" width=\"32\" height=\"32\" \/><\/td>\n<td>\n<h2 style=\"font-size: 16px; color: #534438; margin: 0 0 5px; font-weight: normal;\">Dublin Writers&#8217; Forum<\/h2>\n<h3 style=\"font-size: 13px; margin: 0; padding: 0; line-height: 16px; color: #534438;\"><img loading=\"lazy\" decoding=\"async\" style=\"display: inline; float: left;\" src=\"http:\/\/dublineventguide.com\/dff\/admin\/images\/weekly.png\" alt=\"\" width=\"69\" height=\"16\" \/> 19:30, Thu 06 Dec<\/h3>\n<p style=\"font-size: 13px; color: #534438; line-height: 20px; margin: 0; padding-top: 0;\">Twisted Pepper, 54 Middle Abbey Street, Dublin 1<\/p>\n<table width=\"100%\" cellspacing=\"0\" cellpadding=\"0\">\n<tbody>\n<tr>\n<td valign=\"top\">\n<div style=\"font-size: 13px; color: #534438; line-height: 20px;\">\n<p style=\"margin: 10px 0;\">The Dublin Writers&#8217; Forum welcomes writers of all genres, of all ages and all levels of experience. DWF is an open group of writers who share a common passion for all things literary. It is a safe \u2018working space\u2019 where on a weekly basis writers can bring their work to be critiqued by other writers.<\/p>\n<\/div>\n<div style=\"font-size: 13px; color: #534438; line-height: 20px;\"><\/div>\n<p style=\"font-size: 13px; color: #534438; line-height: 20px;\"><a style=\"color: #cc2979; text-decoration: none;\" href=\"https:\/\/www.facebook.com\/DublinWritersForum\">https:\/\/www.facebook.com\/DublinWritersForum<\/a><\/p>\n<\/td>\n<td valign=\"top\"><\/td>\n<\/tr>\n<\/tbody>\n<\/table>\n<\/td>\n<\/tr>\n<\/tbody>\n<\/table>\n<\/td>\n<\/tr>\n<\/tbody>\n<\/table>\n<table width=\"100%\" cellspacing=\"0\" cellpadding=\"0\">\n<tbody>\n<tr>\n<td style=\"padding: 10px 30px;\">\n<table width=\"100%\" cellspacing=\"0\" cellpadding=\"0\">\n<tbody>\n<tr>\n<td valign=\"top\" width=\"52\"><img loading=\"lazy\" decoding=\"async\" src=\"http:\/\/dublineventguide.com\/dff\/admin\/images\/categories\/TALKS.png\" alt=\"\" width=\"32\" height=\"32\" \/><\/td>\n<td>\n<h2 style=\"font-size: 16px; color: #534438; margin: 0 0 5px; font-weight: normal;\">Toastmasters Meeting<\/h2>\n<h3 style=\"font-size: 13px; margin: 0; padding: 0; line-height: 16px; color: #534438;\">19:30, Thu 06 Dec<\/h3>\n<p style=\"font-size: 13px; color: #534438; line-height: 20px; margin: 0; padding-top: 0;\">Freemason&#8217;s Hall, 17 Molesworth Street, Dublin 2<\/p>\n<table width=\"100%\" cellspacing=\"0\" cellpadding=\"0\">\n<tbody>\n<tr>\n<td valign=\"top\">\n<div style=\"font-size: 13px; color: #534438; line-height: 20px;\">\n<p style=\"margin: 10px 0;\">The Eblana Toastmasters are holding a joint Toastmasters meeting with the Dublin Club in the Freemasons Hall. Everyone is welcome in particular anyone interested in developing public speaking skills.<\/p>\n<\/div>\n<div style=\"font-size: 13px; color: #534438; line-height: 20px;\"><\/div>\n<\/td>\n<td valign=\"top\"><\/td>\n<\/tr>\n<\/tbody>\n<\/table>\n<\/td>\n<\/tr>\n<\/tbody>\n<\/table>\n<\/td>\n<\/tr>\n<\/tbody>\n<\/table>\n<table width=\"100%\" cellspacing=\"0\" cellpadding=\"0\">\n<tbody>\n<tr>\n<td style=\"padding: 10px 30px;\">\n<table width=\"100%\" cellspacing=\"0\" cellpadding=\"0\">\n<tbody>\n<tr>\n<td valign=\"top\" width=\"52\"><img loading=\"lazy\" decoding=\"async\" src=\"http:\/\/dublineventguide.com\/dff\/admin\/images\/categories\/MUSIC.png\" alt=\"\" width=\"32\" height=\"32\" \/><\/td>\n<td>\n<h2 style=\"font-size: 16px; color: #534438; margin: 0 0 5px; font-weight: normal;\">Dimestore Recordings presents<\/h2>\n<h3 style=\"font-size: 13px; margin: 0; padding: 0; line-height: 16px; color: #534438;\"><img loading=\"lazy\" decoding=\"async\" style=\"display: inline; float: left;\" src=\"http:\/\/dublineventguide.com\/dff\/admin\/images\/weekly.png\" alt=\"\" width=\"69\" height=\"16\" \/> 20:00, Thu 06 Dec<\/h3>\n<p style=\"font-size: 13px; color: #534438; line-height: 20px; margin: 0; padding-top: 0;\">Sweeney Mongrel&#8217;s, 32 Dame Street, Dublin 2<\/p>\n<table width=\"100%\" cellspacing=\"0\" cellpadding=\"0\">\n<tbody>\n<tr>\n<td valign=\"top\">\n<div style=\"font-size: 13px; color: #534438; line-height: 20px;\">\n<p style=\"margin: 10px 0;\">Dimestore Recordings run a weekly event in Sweeney Mongrel&#8217;s, Dame Street (formerly Le Cirk) with a variety of bands and performers. It starts at 20:00, follow the link for the line up.<\/p>\n<\/div>\n<div style=\"font-size: 13px; color: #534438; line-height: 20px;\"><\/div>\n<p style=\"font-size: 13px; color: #534438; line-height: 20px;\"><a style=\"color: #cc2979; text-decoration: none;\" href=\"http:\/\/www.facebook.com\/profile.php?id=100000163463304&amp;sk=wall\">http:\/\/www.facebook.com\/profile.php?id=100000163463304&amp;sk=wall<\/a><\/p>\n<\/td>\n<td valign=\"top\"><\/td>\n<\/tr>\n<\/tbody>\n<\/table>\n<\/td>\n<\/tr>\n<\/tbody>\n<\/table>\n<\/td>\n<\/tr>\n<\/tbody>\n<\/table>\n<table width=\"100%\" cellspacing=\"0\" cellpadding=\"0\">\n<tbody>\n<tr>\n<td style=\"padding: 10px 30px;\">\n<table width=\"100%\" cellspacing=\"0\" cellpadding=\"0\">\n<tbody>\n<tr>\n<td valign=\"top\" width=\"52\"><img loading=\"lazy\" decoding=\"async\" src=\"http:\/\/dublineventguide.com\/dff\/admin\/images\/categories\/TALKS.png\" alt=\"\" width=\"32\" height=\"32\" \/><\/td>\n<td>\n<h2 style=\"font-size: 16px; color: #534438; margin: 0 0 5px; font-weight: normal;\">Sanctuary Gardens<\/h2>\n<h3 style=\"font-size: 13px; margin: 0; padding: 0; line-height: 16px; color: #534438;\">20:00, Thu 06 Dec<\/h3>\n<p style=\"font-size: 13px; color: #534438; line-height: 20px; margin: 0; padding-top: 0;\">National Botanic Gardens, Botanic Road, Glasnevin, Dublin 9<\/p>\n<table width=\"100%\" cellspacing=\"0\" cellpadding=\"0\">\n<tbody>\n<tr>\n<td valign=\"top\">\n<div style=\"font-size: 13px; color: #534438; line-height: 20px;\">\n<p style=\"margin: 10px 0;\">&#8220;Sanctuary Gardens&#8221; by Patrick Quigley is a lecture in the Botanic Gardens. This talk looks at the need we have to create a garden, how it is a refuge, a place where we connect with the natural world with increasing emphasis on organic gardening and ecological balance.<\/p>\n<\/div>\n<div style=\"font-size: 13px; color: #534438; line-height: 20px;\"><\/div>\n<p style=\"font-size: 13px; color: #534438; line-height: 20px;\"><a style=\"color: #cc2979; text-decoration: none;\" href=\"http:\/\/www.botanicgardens.ie\/news\/events.htm\">http:\/\/www.botanicgardens.ie\/news\/events.htm<\/a><\/p>\n<\/td>\n<td valign=\"top\"><\/td>\n<\/tr>\n<\/tbody>\n<\/table>\n<\/td>\n<\/tr>\n<\/tbody>\n<\/table>\n<\/td>\n<\/tr>\n<\/tbody>\n<\/table>\n<table width=\"100%\" cellspacing=\"0\" cellpadding=\"0\">\n<tbody>\n<tr>\n<td style=\"padding: 10px 30px;\">\n<table width=\"100%\" cellspacing=\"0\" cellpadding=\"0\">\n<tbody>\n<tr>\n<td valign=\"top\" width=\"52\"><img loading=\"lazy\" decoding=\"async\" src=\"http:\/\/dublineventguide.com\/dff\/admin\/images\/categories\/TALKS.png\" alt=\"\" width=\"32\" height=\"32\" \/><\/td>\n<td>\n<h2 style=\"font-size: 16px; color: #534438; margin: 0 0 5px; font-weight: normal;\">War, Media and WikiLeaks<\/h2>\n<h3 style=\"font-size: 13px; margin: 0; padding: 0; line-height: 16px; color: #534438;\">20:00, Thu 06 Dec<\/h3>\n<p style=\"font-size: 13px; color: #534438; line-height: 20px; margin: 0; padding-top: 0;\">Central Hotel, Exchequer Street, Dublin 2<\/p>\n<table width=\"100%\" cellspacing=\"0\" cellpadding=\"0\">\n<tbody>\n<tr>\n<td valign=\"top\">\n<div style=\"font-size: 13px; color: #534438; line-height: 20px;\">\n<p style=\"margin: 10px 0;\">A public meeting about &#8220;War, Media and Wikileaks&#8221; is taking place on Thursday. Find all details about the event on the website below. Event Organisers are AfrI: Action from Ireland.<\/p>\n<\/div>\n<div style=\"font-size: 13px; color: #534438; line-height: 20px;\"><\/div>\n<p style=\"font-size: 13px; color: #534438; line-height: 20px;\"><a style=\"color: #cc2979; text-decoration: none;\" href=\"https:\/\/www.facebook.com\/events\/273178662805281\/\">https:\/\/www.facebook.com\/events\/273178662805281\/<\/a><\/p>\n<\/td>\n<td valign=\"top\"><\/td>\n<\/tr>\n<\/tbody>\n<\/table>\n<\/td>\n<\/tr>\n<\/tbody>\n<\/table>\n<\/td>\n<\/tr>\n<\/tbody>\n<\/table>\n<table width=\"100%\" cellspacing=\"0\" cellpadding=\"0\">\n<tbody>\n<tr>\n<td style=\"padding: 10px 30px;\">\n<table width=\"100%\" cellspacing=\"0\" cellpadding=\"0\">\n<tbody>\n<tr>\n<td valign=\"top\" width=\"52\"><img loading=\"lazy\" decoding=\"async\" src=\"http:\/\/dublineventguide.com\/dff\/admin\/images\/categories\/MUSIC.png\" alt=\"\" width=\"32\" height=\"32\" \/><\/td>\n<td>\n<h2 style=\"font-size: 16px; color: #534438; margin: 0 0 5px; font-weight: normal;\">Jaime Nanci &amp; The Blue Boys<\/h2>\n<h3 style=\"font-size: 13px; margin: 0; padding: 0; line-height: 16px; color: #534438;\"><img loading=\"lazy\" decoding=\"async\" style=\"display: inline; float: left;\" src=\"http:\/\/dublineventguide.com\/dff\/admin\/images\/weekly.png\" alt=\"\" width=\"69\" height=\"16\" \/> 21:00, Thu 06 Dec<\/h3>\n<p style=\"font-size: 13px; color: #534438; line-height: 20px; margin: 0; padding-top: 0;\">Mercantile, 28 Dame Street, Dublin 2<\/p>\n<table width=\"100%\" cellspacing=\"0\" cellpadding=\"0\">\n<tbody>\n<tr>\n<td valign=\"top\">\n<div style=\"font-size: 13px; color: #534438; line-height: 20px;\">\n<p style=\"margin: 10px 0;\">Jaime Nanci &amp; The Blue Boys are playing a weekly gig in the Mercantile Hotel on Thursdays. Their music is swing, blues, bebop and doo wop. Admission is free.<\/p>\n<\/div>\n<div style=\"font-size: 13px; color: #534438; line-height: 20px;\"><\/div>\n<p style=\"font-size: 13px; color: #534438; line-height: 20px;\"><a style=\"color: #cc2979; text-decoration: none;\" href=\"https:\/\/www.facebook.com\/jaimenanciandtheblueboys\">https:\/\/www.facebook.com\/jaimenanciandtheblueboys<\/a><\/p>\n<\/td>\n<td valign=\"top\"><\/td>\n<\/tr>\n<\/tbody>\n<\/table>\n<\/td>\n<\/tr>\n<\/tbody>\n<\/table>\n<\/td>\n<\/tr>\n<\/tbody>\n<\/table>\n<table width=\"100%\" cellspacing=\"0\" cellpadding=\"0\">\n<tbody>\n<tr>\n<td style=\"padding: 10px 30px;\">\n<table width=\"100%\" cellspacing=\"0\" cellpadding=\"0\">\n<tbody>\n<tr>\n<td valign=\"top\" width=\"52\"><img loading=\"lazy\" decoding=\"async\" src=\"http:\/\/dublineventguide.com\/dff\/admin\/images\/categories\/MUSIC.png\" alt=\"\" width=\"32\" height=\"32\" \/><\/td>\n<td>\n<h2 style=\"font-size: 16px; color: #534438; margin: 0 0 5px; font-weight: normal;\">Max Zaska \/ Patrick Groenland<\/h2>\n<h3 style=\"font-size: 13px; margin: 0; padding: 0; line-height: 16px; color: #534438;\"><img loading=\"lazy\" decoding=\"async\" style=\"display: inline; float: left;\" src=\"http:\/\/dublineventguide.com\/dff\/admin\/images\/weekly.png\" alt=\"\" width=\"69\" height=\"16\" \/> 21:00, Thu 06 Dec<\/h3>\n<p style=\"font-size: 13px; color: #534438; line-height: 20px; margin: 0; padding-top: 0;\">The International Bar, 23 Wicklow Street, Dublin 2<\/p>\n<table width=\"100%\" cellspacing=\"0\" cellpadding=\"0\">\n<tbody>\n<tr>\n<td valign=\"top\">\n<div style=\"font-size: 13px; color: #534438; line-height: 20px;\">\n<p style=\"margin: 10px 0;\">The Max Zaska group and the Patrick Groenland group will perform on alternating Thursdays from 21:00 in the International Bar on 23 Wicklow Street.<\/p>\n<\/div>\n<div style=\"font-size: 13px; color: #534438; line-height: 20px;\"><\/div>\n<\/td>\n<td valign=\"top\"><\/td>\n<\/tr>\n<\/tbody>\n<\/table>\n<\/td>\n<\/tr>\n<\/tbody>\n<\/table>\n<\/td>\n<\/tr>\n<\/tbody>\n<\/table>\n<table width=\"100%\" cellspacing=\"0\" cellpadding=\"0\">\n<tbody>\n<tr>\n<td style=\"padding: 10px 30px;\">\n<table width=\"100%\" cellspacing=\"0\" cellpadding=\"0\">\n<tbody>\n<tr>\n<td valign=\"top\" width=\"52\"><img loading=\"lazy\" decoding=\"async\" src=\"http:\/\/dublineventguide.com\/dff\/admin\/images\/categories\/MUSIC.png\" alt=\"\" width=\"32\" height=\"32\" \/><\/td>\n<td>\n<h2 style=\"font-size: 16px; color: #534438; margin: 0 0 5px; font-weight: normal;\">Thirsty Thursday (open mic)<\/h2>\n<h3 style=\"font-size: 13px; margin: 0; padding: 0; line-height: 16px; color: #534438;\"><img loading=\"lazy\" decoding=\"async\" style=\"display: inline; float: left;\" src=\"http:\/\/dublineventguide.com\/dff\/admin\/images\/weekly.png\" alt=\"\" width=\"69\" height=\"16\" \/> 21:00, Thu 06 Dec<\/h3>\n<p style=\"font-size: 13px; color: #534438; line-height: 20px; margin: 0; padding-top: 0;\">The Bridge Inn, 22 Temple Hill, Chapelizod, Dublin 20<\/p>\n<table width=\"100%\" cellspacing=\"0\" cellpadding=\"0\">\n<tbody>\n<tr>\n<td valign=\"top\">\n<div style=\"font-size: 13px; color: #534438; line-height: 20px;\">\n<p style=\"margin: 10px 0;\">&#8220;Thirsty Thursday&#8221; Open Mic Night from 21:00 in the Bridge Inn in Chapelizod Village.<\/p>\n<\/div>\n<div style=\"font-size: 13px; color: #534438; line-height: 20px;\"><\/div>\n<p style=\"font-size: 13px; color: #534438; line-height: 20px;\"><a style=\"color: #cc2979; text-decoration: none;\" href=\"http:\/\/www.facebook.com\/pages\/The-Bridge-Inn-Chapelizod\/350005960758\">http:\/\/www.facebook.com\/pages\/The-Bridge-Inn-Chapelizod\/350005960758<\/a><\/p>\n<\/td>\n<td valign=\"top\"><\/td>\n<\/tr>\n<\/tbody>\n<\/table>\n<\/td>\n<\/tr>\n<\/tbody>\n<\/table>\n<\/td>\n<\/tr>\n<\/tbody>\n<\/table>\n<table width=\"100%\" cellspacing=\"0\" cellpadding=\"0\">\n<tbody>\n<tr>\n<td style=\"padding: 10px 30px;\">\n<table width=\"100%\" cellspacing=\"0\" cellpadding=\"0\">\n<tbody>\n<tr>\n<td valign=\"top\" width=\"52\"><img loading=\"lazy\" decoding=\"async\" src=\"http:\/\/dublineventguide.com\/dff\/admin\/images\/categories\/MUSIC.png\" alt=\"\" width=\"32\" height=\"32\" \/><\/td>\n<td>\n<h2 style=\"font-size: 16px; color: #534438; margin: 0 0 5px; font-weight: normal;\">Left, Right &amp; Centre &#8211; Blues+Soul<\/h2>\n<h3 style=\"font-size: 13px; margin: 0; padding: 0; line-height: 16px; color: #534438;\"><img loading=\"lazy\" decoding=\"async\" style=\"display: inline; float: left;\" src=\"http:\/\/dublineventguide.com\/dff\/admin\/images\/weekly.png\" alt=\"\" width=\"69\" height=\"16\" \/> 21:30, Thu 06 Dec<\/h3>\n<p style=\"font-size: 13px; color: #534438; line-height: 20px; margin: 0; padding-top: 0;\">Frank Ryan&#8217;s Bar, Queen Street, Smithfield, Dublin 7<\/p>\n<table width=\"100%\" cellspacing=\"0\" cellpadding=\"0\">\n<tbody>\n<tr>\n<td valign=\"top\">\n<div style=\"font-size: 13px; color: #534438; line-height: 20px;\">\n<p style=\"margin: 10px 0;\">Every Thursday &#8220;Left Right &amp; Centre&#8221; play a mix of blues &amp; soul with a bit of rock&amp;roll.<\/p>\n<\/div>\n<div style=\"font-size: 13px; color: #534438; line-height: 20px;\"><\/div>\n<p style=\"font-size: 13px; color: #534438; line-height: 20px;\"><a style=\"color: #cc2979; text-decoration: none;\" href=\"http:\/\/www.frankryans.com\">http:\/\/www.frankryans.com<\/a><\/p>\n<\/td>\n<td valign=\"top\"><\/td>\n<\/tr>\n<\/tbody>\n<\/table>\n<\/td>\n<\/tr>\n<\/tbody>\n<\/table>\n<\/td>\n<\/tr>\n<\/tbody>\n<\/table>\n<table width=\"100%\" cellspacing=\"0\" cellpadding=\"0\">\n<tbody>\n<tr>\n<td style=\"padding: 10px 30px;\">\n<table width=\"100%\" cellspacing=\"0\" cellpadding=\"0\">\n<tbody>\n<tr>\n<td valign=\"top\" width=\"52\"><img loading=\"lazy\" decoding=\"async\" src=\"http:\/\/dublineventguide.com\/dff\/admin\/images\/categories\/MUSIC.png\" alt=\"\" width=\"32\" height=\"32\" \/><\/td>\n<td>\n<h2 style=\"font-size: 16px; color: #534438; margin: 0 0 5px; font-weight: normal;\">Banda Baque Sol<\/h2>\n<h3 style=\"font-size: 13px; margin: 0; padding: 0; line-height: 16px; color: #534438;\"><img loading=\"lazy\" decoding=\"async\" style=\"display: inline; float: left;\" src=\"http:\/\/dublineventguide.com\/dff\/admin\/images\/weekly.png\" alt=\"\" width=\"69\" height=\"16\" \/> 22:00, Thu 06 Dec<\/h3>\n<p style=\"font-size: 13px; color: #534438; line-height: 20px; margin: 0; padding-top: 0;\">Sin \u00c9, 14 Ormond Quay, Dublin 1<\/p>\n<table width=\"100%\" cellspacing=\"0\" cellpadding=\"0\">\n<tbody>\n<tr>\n<td valign=\"top\">\n<div style=\"font-size: 13px; color: #534438; line-height: 20px;\">\n<p style=\"margin: 10px 0;\">Banda Baque Sol play every Thursday funl, soul and samba.<\/p>\n<\/div>\n<div style=\"font-size: 13px; color: #534438; line-height: 20px;\"><\/div>\n<p style=\"font-size: 13px; color: #534438; line-height: 20px;\"><a style=\"color: #cc2979; text-decoration: none;\" href=\"https:\/\/www.facebook.com\/BaqueSoul\">https:\/\/www.facebook.com\/BaqueSoul<\/a><\/p>\n<\/td>\n<td valign=\"top\"><\/td>\n<\/tr>\n<\/tbody>\n<\/table>\n<\/td>\n<\/tr>\n<\/tbody>\n<\/table>\n<\/td>\n<\/tr>\n<\/tbody>\n<\/table>\n<table id=\"day_1354838400\" style=\"margin-top: 10px;\" width=\"100%\" cellspacing=\"0\" cellpadding=\"0\">\n<tbody>\n<tr style=\"background-color: #c20162; color: #fff;\">\n<td style=\"padding: 0; line-height: 1; height: 34px; overflow: hidden;\">\n<p style=\"width: 630px; padding-left: 30px; margin: 0; height: 34px; overflow: hidden; line-height: 34px;\"><a name=\"day_1354838400\"><\/a><strong>Friday <\/strong> 07 Dec<\/p>\n<\/td>\n<td>\n<p style=\"margin: 0; line-height: 34px; padding: 0; font-size: 13px;\"><a style=\"color: #fff; text-decoration: none;\" href=\"#dff_top\">back to top<\/a><\/p>\n<\/td>\n<td>\n<p style=\"margin: 0; padding: 0; font-size: 13px;\"><a style=\"color: #fff; text-decoration: none;\" href=\"#dff_top\"><img loading=\"lazy\" decoding=\"async\" src=\"http:\/\/dublineventguide.com\/dff\/admin\/images\/dividers\/date_toplink.png\" alt=\"Back to top\" width=\"38\" height=\"34\" \/><\/a><\/p>\n<\/td>\n<td width=\"50\"><\/td>\n<\/tr>\n<\/tbody>\n<\/table>\n<table width=\"100%\" cellspacing=\"0\" cellpadding=\"0\">\n<tbody>\n<tr>\n<td style=\"padding: 10px 30px;\">\n<table width=\"100%\" cellspacing=\"0\" cellpadding=\"0\">\n<tbody>\n<tr>\n<td valign=\"top\" width=\"52\"><img loading=\"lazy\" decoding=\"async\" src=\"http:\/\/dublineventguide.com\/dff\/admin\/images\/categories\/MARKETS.png\" alt=\"\" width=\"32\" height=\"32\" \/><\/td>\n<td>\n<h2 style=\"font-size: 16px; color: #534438; margin: 0 0 5px; font-weight: normal;\">RDS Library Book Sale<\/h2>\n<h3 style=\"font-size: 13px; margin: 0; padding: 0; line-height: 16px; color: #534438;\">10:00 &#8211; 17:00, Fri 07 Dec<\/h3>\n<p style=\"font-size: 13px; color: #534438; line-height: 20px; margin: 0; padding-top: 0;\">RDS, Merrion Road, Ballsbridge, Dublin 4<\/p>\n<table width=\"100%\" cellspacing=\"0\" cellpadding=\"0\">\n<tbody>\n<tr>\n<td valign=\"top\">\n<div style=\"font-size: 13px; color: #534438; line-height: 20px;\">\n<p style=\"margin: 10px 0;\">The 6th yearly RDS Library Book Sale will take place in the RDS Library from 03-07 December. The Library will be selling duplicate copies and out of date books. RDS Members have also donated books for the sale. Admission is free and everybody is welcome.<\/p>\n<\/div>\n<div style=\"font-size: 13px; color: #534438; line-height: 20px;\"><\/div>\n<p style=\"font-size: 13px; color: #534438; line-height: 20px;\"><a style=\"color: #cc2979; text-decoration: none;\" href=\"http:\/\/www.rds.ie\/cat_event_detail.jsp?itemID=1100038\">http:\/\/www.rds.ie\/cat_event_detail.jsp?itemID=1100038<\/a><\/p>\n<\/td>\n<td valign=\"top\"><\/td>\n<\/tr>\n<\/tbody>\n<\/table>\n<\/td>\n<\/tr>\n<\/tbody>\n<\/table>\n<\/td>\n<\/tr>\n<\/tbody>\n<\/table>\n<table width=\"100%\" cellspacing=\"0\" cellpadding=\"0\">\n<tbody>\n<tr>\n<td style=\"padding: 10px 30px;\">\n<table width=\"100%\" cellspacing=\"0\" cellpadding=\"0\">\n<tbody>\n<tr>\n<td valign=\"top\" width=\"52\"><img loading=\"lazy\" decoding=\"async\" src=\"http:\/\/dublineventguide.com\/dff\/admin\/images\/categories\/MARKETS.png\" alt=\"\" width=\"32\" height=\"32\" \/><\/td>\n<td>\n<h2 style=\"font-size: 16px; color: #534438; margin: 0 0 5px; font-weight: normal;\">Christmas Fair &#8211; Print Museum<\/h2>\n<h3 style=\"font-size: 13px; margin: 0; padding: 0; line-height: 16px; color: #534438;\">11:00 &#8211; 16:00, Fri 07 Dec<\/h3>\n<p style=\"font-size: 13px; color: #534438; line-height: 20px; margin: 0; padding-top: 0;\">National Print Museum, Beggars Bush, Haddington Road, Dublin 4<\/p>\n<table width=\"100%\" cellspacing=\"0\" cellpadding=\"0\">\n<tbody>\n<tr>\n<td valign=\"top\">\n<div style=\"font-size: 13px; color: #534438; line-height: 20px;\">\n<p style=\"margin: 10px 0;\">The mezzanine level of the Print Museum is turned into a Christmas Market with stalls selling crafts and gifts. There will also be a number of self-guided arts and crafts activities for families and the Gutenberg Cafe will be open.<\/p>\n<p style=\"margin: 10px 0;\">The market will continue on Sat and Sun. Admission is free.<\/p>\n<\/div>\n<div style=\"font-size: 13px; color: #534438; line-height: 20px;\"><\/div>\n<p style=\"font-size: 13px; color: #534438; line-height: 20px;\"><a style=\"color: #cc2979; text-decoration: none;\" href=\"http:\/\/www.nationalprintmuseum.ie\/\">http:\/\/www.nationalprintmuseum.ie\/<\/a><\/p>\n<\/td>\n<td valign=\"top\"><\/td>\n<\/tr>\n<\/tbody>\n<\/table>\n<\/td>\n<\/tr>\n<\/tbody>\n<\/table>\n<\/td>\n<\/tr>\n<\/tbody>\n<\/table>\n<table width=\"100%\" cellspacing=\"0\" cellpadding=\"0\">\n<tbody>\n<tr>\n<td style=\"padding: 10px 30px;\">\n<table width=\"100%\" cellspacing=\"0\" cellpadding=\"0\">\n<tbody>\n<tr>\n<td valign=\"top\" width=\"52\"><img loading=\"lazy\" decoding=\"async\" src=\"http:\/\/dublineventguide.com\/dff\/admin\/images\/categories\/ACTIVITY.png\" alt=\"\" width=\"32\" height=\"32\" \/><\/td>\n<td>\n<h2 style=\"font-size: 16px; color: #534438; margin: 0 0 5px; font-weight: normal;\">Ice Slide Launch &#8211; Dun Laoghaire<\/h2>\n<h3 style=\"font-size: 13px; margin: 0; padding: 0; line-height: 16px; color: #534438;\">11:00 &#8211; 19:00, Fri 07 Dec<\/h3>\n<p style=\"font-size: 13px; color: #534438; line-height: 20px; margin: 0; padding-top: 0;\">Dun Laoghaire (various locations)<\/p>\n<table width=\"100%\" cellspacing=\"0\" cellpadding=\"0\">\n<tbody>\n<tr>\n<td valign=\"top\">\n<div style=\"font-size: 13px; color: #534438; line-height: 20px;\">\n<p style=\"margin: 10px 0;\">A 60-metre ice slide is being set up in Dun Laoghaire for a fun experience for adults and children alike on D\u00fan Laoghaire Harbour Plaza. There will be hot chocolate and crepe stalls, an inflatable village and carousel and children\u2019s entertainment.<\/p>\n<p style=\"margin: 10px 0;\">The ice slide is EUR 2 per go, but I expect that access to the Christmas Viallg around it is free.<\/p>\n<\/div>\n<div style=\"font-size: 13px; color: #534438; line-height: 20px;\"><\/div>\n<p style=\"font-size: 13px; color: #534438; line-height: 20px;\"><a style=\"color: #cc2979; text-decoration: none;\" href=\"http:\/\/www.dunlaoghaire.ie\/christmas-festival\/\">http:\/\/www.dunlaoghaire.ie\/christmas-festival\/<\/a><\/p>\n<\/td>\n<td valign=\"top\"><\/td>\n<\/tr>\n<\/tbody>\n<\/table>\n<\/td>\n<\/tr>\n<\/tbody>\n<\/table>\n<\/td>\n<\/tr>\n<\/tbody>\n<\/table>\n<table width=\"100%\" cellspacing=\"0\" cellpadding=\"0\">\n<tbody>\n<tr>\n<td style=\"padding: 10px 30px;\">\n<table width=\"100%\" cellspacing=\"0\" cellpadding=\"0\">\n<tbody>\n<tr>\n<td valign=\"top\" width=\"52\"><img loading=\"lazy\" decoding=\"async\" src=\"http:\/\/dublineventguide.com\/dff\/admin\/images\/categories\/MARKETS.png\" alt=\"\" width=\"32\" height=\"32\" \/><\/td>\n<td>\n<h2 style=\"font-size: 16px; color: #534438; margin: 0 0 5px; font-weight: normal;\">Docklands Christmas Festival<\/h2>\n<h3 style=\"font-size: 13px; margin: 0; padding: 0; line-height: 16px; color: #534438;\">12:00 &#8211; 20:00, Fri 07 Dec<\/h3>\n<p style=\"font-size: 13px; color: #534438; line-height: 20px; margin: 0; padding-top: 0;\">George&#8217;s Dock, IFSC, Dublin 1<\/p>\n<table width=\"100%\" cellspacing=\"0\" cellpadding=\"0\">\n<tbody>\n<tr>\n<td valign=\"top\">\n<div style=\"font-size: 13px; color: #534438; line-height: 20px;\">\n<p style=\"margin: 10px 0;\">The Docklands Christmas Festival will start on Friday 07 Dec and will continue until 23 Dec. The Festival is in its 8th year and while it is the best and most &#8220;christmassy&#8221; market in Dublin it still could do with some significant improvements. Or at least that was the case in previous years. This year there will be improvements claim the organisers, so let&#8217;s see! And let&#8217;s hope that the ugly white plastic tents have been replaced with something that has more of a Christmas-feel.<\/p>\n<p style=\"margin: 10px 0;\">80 traders are selling their goods and there will be stalls with food and mulled wine, hot chocolate, roasted chestnuts etc. A carousel and &#8220;Vitorian fairground attractions&#8221; will also be there. The market is open until 20:00 on weekdays and until 22:00 on Saturdays and Sundays. Admission is free.<\/p>\n<p style=\"margin: 10px 0;\">I love Christmas markets and am looking forward to the Docklands Christmas Market!<\/p>\n<p style=\"margin: 10px 0;\">On Friday from 16:00-18:00 the Christmas Lighting celebration will take place and from Saturday 08 Dec, Santa will meet children every Sat+Sun from 12:00-19:00 for free.<\/p>\n<\/div>\n<div style=\"font-size: 13px; color: #534438; line-height: 20px;\"><\/div>\n<p style=\"font-size: 13px; color: #534438; line-height: 20px;\"><a style=\"color: #cc2979; text-decoration: none;\" href=\"http:\/\/www.dublindocklandschristmasfestival.ie\/\">http:\/\/www.dublindocklandschristmasfestival.ie\/<\/a><\/p>\n<\/td>\n<td valign=\"top\"><\/td>\n<\/tr>\n<\/tbody>\n<\/table>\n<\/td>\n<\/tr>\n<\/tbody>\n<\/table>\n<\/td>\n<\/tr>\n<\/tbody>\n<\/table>\n<table width=\"100%\" cellspacing=\"0\" cellpadding=\"0\">\n<tbody>\n<tr>\n<td style=\"padding: 10px 30px;\">\n<table width=\"100%\" cellspacing=\"0\" cellpadding=\"0\">\n<tbody>\n<tr>\n<td valign=\"top\" width=\"52\"><img loading=\"lazy\" decoding=\"async\" src=\"http:\/\/dublineventguide.com\/dff\/admin\/images\/categories\/ART.png\" alt=\"\" width=\"32\" height=\"32\" \/><\/td>\n<td>\n<h2 style=\"font-size: 16px; color: #534438; margin: 0 0 5px; font-weight: normal;\">Surrealism &#8211; Lunchtime Lecture<\/h2>\n<h3 style=\"font-size: 13px; margin: 0; padding: 0; line-height: 16px; color: #534438;\">13:15, Fri 07 Dec<\/h3>\n<p style=\"font-size: 13px; color: #534438; line-height: 20px; margin: 0; padding-top: 0;\">IMMA at National Concert Hall, Earlsfort Terrace, Dublin 2<\/p>\n<table width=\"100%\" cellspacing=\"0\" cellpadding=\"0\">\n<tbody>\n<tr>\n<td valign=\"top\">\n<div style=\"font-size: 13px; color: #534438; line-height: 20px;\">\n<p style=\"margin: 10px 0;\">Fiona Loughnane (Associate Lecturer, NCAD) discusses the legacy and lineage of Surrealism in the visual arts from forebearers such as artists Hieronymus Bosch and Pieter Bruegel to the French Surrealist movement.<\/p>\n<p style=\"margin: 10px 0;\">Admission is free, but booking is required.<\/p>\n<\/div>\n<div style=\"font-size: 13px; color: #534438; line-height: 20px;\"><\/div>\n<p style=\"font-size: 13px; color: #534438; line-height: 20px;\"><a style=\"color: #cc2979; text-decoration: none;\" href=\"http:\/\/www.imma.ie\/en\/page_212708.htm\">http:\/\/www.imma.ie\/en\/page_212708.htm<\/a><\/p>\n<\/td>\n<td valign=\"top\"><\/td>\n<\/tr>\n<\/tbody>\n<\/table>\n<\/td>\n<\/tr>\n<\/tbody>\n<\/table>\n<\/td>\n<\/tr>\n<\/tbody>\n<\/table>\n<table width=\"100%\" cellspacing=\"0\" cellpadding=\"0\">\n<tbody>\n<tr>\n<td style=\"padding: 10px 30px;\">\n<table width=\"100%\" cellspacing=\"0\" cellpadding=\"0\">\n<tbody>\n<tr>\n<td valign=\"top\" width=\"52\"><img loading=\"lazy\" decoding=\"async\" src=\"http:\/\/dublineventguide.com\/dff\/admin\/images\/categories\/TALKS.png\" alt=\"\" width=\"32\" height=\"32\" \/><\/td>\n<td>\n<h2 style=\"font-size: 16px; color: #534438; margin: 0 0 5px; font-weight: normal;\">Socialists grappling with the Shoah<\/h2>\n<h3 style=\"font-size: 13px; margin: 0; padding: 0; line-height: 16px; color: #534438;\">13:30, Fri 07 Dec<\/h3>\n<p style=\"font-size: 13px; color: #534438; line-height: 20px; margin: 0; padding-top: 0;\">Trinity Long Room Hub, Fellows&#8217; Square, Trinity College, Dublin 2<\/p>\n<table width=\"100%\" cellspacing=\"0\" cellpadding=\"0\">\n<tbody>\n<tr>\n<td valign=\"top\">\n<div style=\"font-size: 13px; color: #534438; line-height: 20px;\">\n<p style=\"margin: 10px 0;\">The next lecture in the Hertzog Centre Jewish Studies Lecture Seriesis Dr Lars Fischer who will talk about &#8220;Socialists grappling with the Shoah: Early Post-War Responses&#8221;.<\/p>\n<\/div>\n<div style=\"font-size: 13px; color: #534438; line-height: 20px;\"><\/div>\n<p style=\"font-size: 13px; color: #534438; line-height: 20px;\"><a style=\"color: #cc2979; text-decoration: none;\" href=\"http:\/\/www.tcd.ie\/longroomhub\/events\/forthcoming\/index.php\">http:\/\/www.tcd.ie\/longroomhub\/events\/forthcoming\/index.php<\/a><\/p>\n<\/td>\n<td valign=\"top\"><\/td>\n<\/tr>\n<\/tbody>\n<\/table>\n<\/td>\n<\/tr>\n<\/tbody>\n<\/table>\n<\/td>\n<\/tr>\n<\/tbody>\n<\/table>\n<table width=\"100%\" cellspacing=\"0\" cellpadding=\"0\">\n<tbody>\n<tr>\n<td style=\"padding: 10px 30px;\">\n<table width=\"100%\" cellspacing=\"0\" cellpadding=\"0\">\n<tbody>\n<tr>\n<td valign=\"top\" width=\"52\"><img loading=\"lazy\" decoding=\"async\" src=\"http:\/\/dublineventguide.com\/dff\/admin\/images\/categories\/DANCE.png\" alt=\"\" width=\"32\" height=\"32\" \/><\/td>\n<td>\n<h2 style=\"font-size: 16px; color: #534438; margin: 0 0 5px; font-weight: normal;\">Greek Folk Dance<\/h2>\n<h3 style=\"font-size: 13px; margin: 0; padding: 0; line-height: 16px; color: #534438;\">18:00 &#8211; 20:00, Fri 07 Dec<\/h3>\n<p style=\"font-size: 13px; color: #534438; line-height: 20px; margin: 0; padding-top: 0;\">Exchange Dublin, Upper Exchange Street, Temple Bar, Dublin 2<\/p>\n<table width=\"100%\" cellspacing=\"0\" cellpadding=\"0\">\n<tbody>\n<tr>\n<td valign=\"top\">\n<div style=\"font-size: 13px; color: #534438; line-height: 20px;\">\n<p style=\"margin: 10px 0;\">A free Greek Folk Dance class open to all. Contact Katerini Papathanasiou on papath.kat@gmail.com<\/p>\n<\/div>\n<div style=\"font-size: 13px; color: #534438; line-height: 20px;\"><\/div>\n<p style=\"font-size: 13px; color: #534438; line-height: 20px;\"><a style=\"color: #cc2979; text-decoration: none;\" href=\"http:\/\/www.exchangedublin.ie\/calendar\">http:\/\/www.exchangedublin.ie\/calendar<\/a><\/p>\n<\/td>\n<td valign=\"top\"><\/td>\n<\/tr>\n<\/tbody>\n<\/table>\n<\/td>\n<\/tr>\n<\/tbody>\n<\/table>\n<\/td>\n<\/tr>\n<\/tbody>\n<\/table>\n<table width=\"100%\" cellspacing=\"0\" cellpadding=\"0\">\n<tbody>\n<tr>\n<td style=\"padding: 10px 30px;\">\n<table width=\"100%\" cellspacing=\"0\" cellpadding=\"0\">\n<tbody>\n<tr>\n<td valign=\"top\" width=\"52\"><img loading=\"lazy\" decoding=\"async\" src=\"http:\/\/dublineventguide.com\/dff\/admin\/images\/categories\/ART.png\" alt=\"\" width=\"32\" height=\"32\" \/><\/td>\n<td>\n<h2 style=\"font-size: 16px; color: #534438; margin: 0 0 5px; font-weight: normal;\">Bernard Shaw Christmas Exhibition<\/h2>\n<h3 style=\"font-size: 13px; margin: 0; padding: 0; line-height: 16px; color: #534438;\">18:30, Fri 07 Dec<\/h3>\n<p style=\"font-size: 13px; color: #534438; line-height: 20px; margin: 0; padding-top: 0;\">The Bernard Shaw, 12 Richmond Street South, Dublin 8<\/p>\n<table width=\"100%\" cellspacing=\"0\" cellpadding=\"0\">\n<tbody>\n<tr>\n<td valign=\"top\">\n<div style=\"font-size: 13px; color: #534438; line-height: 20px;\">\n<p style=\"margin: 10px 0;\">The Sixth Bernard Shaw Xmas Exhibition featuring a host of Irish artists, designers, photographers and creatives will launch on Fri with a drinks reception and music from \u2018Orlando &amp; Cait\u2019.<\/p>\n<\/div>\n<div style=\"font-size: 13px; color: #534438; line-height: 20px;\"><\/div>\n<p style=\"font-size: 13px; color: #534438; line-height: 20px;\"><a style=\"color: #cc2979; text-decoration: none;\" href=\"http:\/\/www.bodytonicmusic.com\/thebernardshaw\/xmas-exhibition-2012\/\">http:\/\/www.bodytonicmusic.com\/thebernardshaw\/xmas-exhibition-2012\/<\/a><\/p>\n<\/td>\n<td valign=\"top\"><\/td>\n<\/tr>\n<\/tbody>\n<\/table>\n<\/td>\n<\/tr>\n<\/tbody>\n<\/table>\n<\/td>\n<\/tr>\n<\/tbody>\n<\/table>\n<table width=\"100%\" cellspacing=\"0\" cellpadding=\"0\">\n<tbody>\n<tr>\n<td style=\"padding: 10px 30px;\">\n<table width=\"100%\" cellspacing=\"0\" cellpadding=\"0\">\n<tbody>\n<tr>\n<td valign=\"top\" width=\"52\"><img loading=\"lazy\" decoding=\"async\" src=\"http:\/\/dublineventguide.com\/dff\/admin\/images\/categories\/MUSIC.png\" alt=\"\" width=\"32\" height=\"32\" \/><\/td>\n<td>\n<h2 style=\"font-size: 16px; color: #534438; margin: 0 0 5px; font-weight: normal;\">Jazz at the Radisson<\/h2>\n<h3 style=\"font-size: 13px; margin: 0; padding: 0; line-height: 16px; color: #534438;\"><img loading=\"lazy\" decoding=\"async\" style=\"display: inline; float: left;\" src=\"http:\/\/dublineventguide.com\/dff\/admin\/images\/weekly.png\" alt=\"\" width=\"69\" height=\"16\" \/> 19:30 &#8211; 21:30, Fri 07 Dec<\/h3>\n<p style=\"font-size: 13px; color: #534438; line-height: 20px; margin: 0; padding-top: 0;\">Radisson Hotel, Golden Lane, Dublin 2<\/p>\n<table width=\"100%\" cellspacing=\"0\" cellpadding=\"0\">\n<tbody>\n<tr>\n<td valign=\"top\">\n<div style=\"font-size: 13px; color: #534438; line-height: 20px;\">\n<p style=\"margin: 10px 0;\">A Jazz Session will take place in the in the Radisson Hotel.<\/p>\n<\/div>\n<div style=\"font-size: 13px; color: #534438; line-height: 20px;\"><\/div>\n<\/td>\n<td valign=\"top\"><\/td>\n<\/tr>\n<\/tbody>\n<\/table>\n<\/td>\n<\/tr>\n<\/tbody>\n<\/table>\n<\/td>\n<\/tr>\n<\/tbody>\n<\/table>\n<table width=\"100%\" cellspacing=\"0\" cellpadding=\"0\">\n<tbody>\n<tr>\n<td style=\"padding: 10px 30px;\">\n<table width=\"100%\" cellspacing=\"0\" cellpadding=\"0\">\n<tbody>\n<tr>\n<td valign=\"top\" width=\"52\"><img loading=\"lazy\" decoding=\"async\" src=\"http:\/\/dublineventguide.com\/dff\/admin\/images\/categories\/ACTIVITY.png\" alt=\"\" width=\"32\" height=\"32\" \/><\/td>\n<td>\n<h2 style=\"font-size: 16px; color: #534438; margin: 0 0 5px; font-weight: normal;\">Astronomy Ireland Telescope Nights<\/h2>\n<h3 style=\"font-size: 13px; margin: 0; padding: 0; line-height: 16px; color: #534438;\"><img loading=\"lazy\" decoding=\"async\" style=\"display: inline; float: left;\" src=\"http:\/\/dublineventguide.com\/dff\/admin\/images\/weekly.png\" alt=\"\" width=\"69\" height=\"16\" \/> 20:00, Fri 07 Dec<\/h3>\n<p style=\"font-size: 13px; color: #534438; line-height: 20px; margin: 0; padding-top: 0;\">Astronomy Ireland, Unit A8 Airside Enterprise Park, Swords, Co Dublin<\/p>\n<table width=\"100%\" cellspacing=\"0\" cellpadding=\"0\">\n<tbody>\n<tr>\n<td valign=\"top\">\n<div style=\"font-size: 13px; color: #534438; line-height: 20px;\">\n<p style=\"margin: 10px 0;\">Astronomy Ireland&#8217;s weekly free telescope nights are beginning again, and will take place each Friday night at 20:00 if the weather permits. Check the website below for a weather forecast and to find out what you will be able to see at the telescope night. The focus will be on Jupiter and Moon.<\/p>\n<\/div>\n<div style=\"font-size: 13px; color: #534438; line-height: 20px;\"><\/div>\n<p style=\"font-size: 13px; color: #534438; line-height: 20px;\"><a style=\"color: #cc2979; text-decoration: none;\" href=\"http:\/\/astronomy.ie\/scopenight.php\">http:\/\/astronomy.ie\/scopenight.php<\/a><\/p>\n<\/td>\n<td valign=\"top\"><\/td>\n<\/tr>\n<\/tbody>\n<\/table>\n<\/td>\n<\/tr>\n<\/tbody>\n<\/table>\n<\/td>\n<\/tr>\n<\/tbody>\n<\/table>\n<table width=\"100%\" cellspacing=\"0\" cellpadding=\"0\">\n<tbody>\n<tr>\n<td style=\"padding: 10px 30px;\">\n<table width=\"100%\" cellspacing=\"0\" cellpadding=\"0\">\n<tbody>\n<tr>\n<td valign=\"top\" width=\"52\"><img loading=\"lazy\" decoding=\"async\" src=\"http:\/\/dublineventguide.com\/dff\/admin\/images\/categories\/TALKS.png\" alt=\"\" width=\"32\" height=\"32\" \/><\/td>\n<td>\n<h2 style=\"font-size: 16px; color: #534438; margin: 0 0 5px; font-weight: normal;\">Gravity and the Cosmos<\/h2>\n<h3 style=\"font-size: 13px; margin: 0; padding: 0; line-height: 16px; color: #534438;\">20:00, Fri 07 Dec<\/h3>\n<p style=\"font-size: 13px; color: #534438; line-height: 20px; margin: 0; padding-top: 0;\">MacNeill Lecture Theatre, Hamilton Building, Trinity College Dublin, Dublin 2<\/p>\n<table width=\"100%\" cellspacing=\"0\" cellpadding=\"0\">\n<tbody>\n<tr>\n<td valign=\"top\">\n<div style=\"font-size: 13px; color: #534438; line-height: 20px;\">\n<p style=\"margin: 10px 0;\">&#8220;From Here To Infinity: Gravity and the Cosmos&#8221; by Prof Lord Martin J. Rees is the 11th John Lighton Synge Public Lecture in TCD.<\/p>\n<\/div>\n<div style=\"font-size: 13px; color: #534438; line-height: 20px;\"><\/div>\n<p style=\"font-size: 13px; color: #534438; line-height: 20px;\"><a style=\"color: #cc2979; text-decoration: none;\" href=\"http:\/\/www.tcd.ie\/Secretary\/Communications\/Noticeboard\/data\/24598.html\">http:\/\/www.tcd.ie\/Secretary\/Communications\/Noticeboard\/data\/24598.html<\/a><\/p>\n<\/td>\n<td valign=\"top\"><\/td>\n<\/tr>\n<\/tbody>\n<\/table>\n<\/td>\n<\/tr>\n<\/tbody>\n<\/table>\n<\/td>\n<\/tr>\n<\/tbody>\n<\/table>\n<table style=\"height: 40px;\" width=\"100%\" cellspacing=\"0\" cellpadding=\"0\">\n<tbody>\n<tr>\n<td><\/td>\n<\/tr>\n<\/tbody>\n<\/table>\n<table id=\"coming\" width=\"100%\" cellspacing=\"0\" cellpadding=\"0\">\n<tbody>\n<tr>\n<td><a name=\"coming\"><\/a><a style=\"text-decoration: none;\" href=\"#dff_top\"><img decoding=\"async\" src=\"http:\/\/dublineventguide.com\/dff\/admin\/images\/dividers\/coming.png\" alt=\"Events Coming Up\" border=\"0\" \/><\/a><\/td>\n<\/tr>\n<\/tbody>\n<\/table>\n<table width=\"100%\" cellspacing=\"0\" cellpadding=\"0\">\n<tbody>\n<tr>\n<td style=\"padding: 10px 30px;\">\n<table width=\"100%\" cellspacing=\"0\" cellpadding=\"0\">\n<tbody>\n<tr>\n<td valign=\"top\" width=\"52\"><img loading=\"lazy\" decoding=\"async\" src=\"http:\/\/dublineventguide.com\/dff\/admin\/images\/upcoming_events.png\" alt=\"\" width=\"38\" height=\"39\" \/><\/td>\n<td>\n<h2 style=\"font-size: 16px; color: #534438; margin: 0 0 5px; font-weight: normal;\">Farmleigh Writer In Residence<\/h2>\n<h3 style=\"font-size: 13px; margin: 0; padding: 0; line-height: 16px; color: #534438;\"><\/h3>\n<p style=\"font-size: 13px; color: #534438; line-height: 20px; margin: 0; padding-top: 0;\">Farmleigh House, Castleknock end of Phoenix Park, Dublin 15<\/p>\n<div style=\"font-size: 13px; color: #534438; line-height: 20px; margin: 0; padding-top: 0;\">\n<p style=\"margin: 10px 0;\">Writer in Residence at Farmleigh this Autumn will be Dublin-born novelist, broadcaster and playwright Joseph O&#8217;Connor. He will be organising and participating in a series of events at Farmleigh, including an evening of live music and readings and a workshop for writers. He is the author of the novels &#8216;Star of the Sea&#8217;, and &#8216;Ghost Light&#8217;, and his stage version of Daphne Du Maurier&#8217;s novel &#8216;My Cousin Rachel&#8217; recently played at Dublin&#8217;s Gate Theatre.<\/p>\n<p>The upcoming event is<br \/>\n+ Thurs 13 Dec -19:30: Words and Music of Hope for Christmas: Jospeh O&#8217;Connor and Friends.<br \/>\nIn this uplifting and special evening of poetry, storytelling, prose and live music for the season of hope, writer in residence, Joseph O\u2019Connor, is joined on stage by a range of musical guests, including Philip King, Scullion, Eimear Quinn and Ciara Sidine. Admission is free, but early booking is strongly advised. Send a mail to farmleighinfo@opw.ie with the subject &#8220;Thursday December 13th event&#8221;<br \/>\n<a style=\"color: #cc2979; text-decoration: none;\" href=\"http:\/\/www.farmleigh.ie\/Events\/Title,18587,en.html\">http:\/\/www.farmleigh.ie\/Events\/Title,18587,en.html<\/a><\/p>\n<\/div>\n<\/td>\n<\/tr>\n<\/tbody>\n<\/table>\n<\/td>\n<\/tr>\n<tr>\n<td style=\"padding: 0 30px 15px;\" colspan=\"2\">\n<p style=\"font-size: 13px; color: #534438; line-height: 20px;\">&#8211;Advertisement&#8212;&#8212;&#8212;&#8212;&#8212;&#8212;&#8212;&#8212;&#8212;&#8212;&#8212;&#8212;<\/p>\n<p style=\"font-size: 13px; color: #534438; line-height: 20px;\"><a href=\"http:\/\/clk.tradedoubler.com\/click?p=212208&amp;a=1719778&amp;g=20175436\" target=\"_BLANK\"><img decoding=\"async\" src=\"http:\/\/impie.tradedoubler.com\/imp?type(img)g(20175436)a(1719778)\" alt=\"\" border=\"0\" \/><\/a><\/p>\n<\/td>\n<\/tr>\n<\/tbody>\n<\/table>\n<table id=\"odd\" width=\"100%\" cellspacing=\"0\" cellpadding=\"0\">\n<tbody>\n<tr>\n<td><a name=\"odd\"><\/a><a style=\"text-decoration: none;\" href=\"#dff_top\"><img decoding=\"async\" src=\"http:\/\/dublineventguide.com\/dff\/admin\/images\/dividers\/odd.png\" alt=\"This is odd\" border=\"0\" \/><\/a><\/td>\n<\/tr>\n<\/tbody>\n<\/table>\n<table width=\"100%\" cellspacing=\"0\" cellpadding=\"0\">\n<tbody>\n<tr>\n<td style=\"padding: 0 30px 15px;\">\n<div style=\"font-size: 13px; color: #534438; line-height: 20px;\">\n<p style=\"margin: 10px 0;\">Please note: This section contains observations taken from the world I live in that strike me as odd. I express my personal opinion and you might not share it. If you are easily offended by opinions that are not identical with your own, please don&#8217;t read this section. ;-)<\/p>\n<p><strong>No! It is not a Winter Wonderland in your basement!<\/strong><\/p>\n<p>It is very odd that just any type of Christmas Market in Dublin allegedly takes place in a Winter Wonderland. Going through lots and lots of events, I found basements that are turned in Winter Wonderlands and I found and I found First Floors of buildings that are turned in to Winter Wonderlands along the lines of &#8220;The first floor of our building will transform into a winter wonderland with market stalls\u2026&#8221; (I could mention names, but I won&#8217;t! :-) ) The people writing this CLEARLY never saw a Winter Wonderland! It looks maybe like this: <a style=\"color: #cc2979; text-decoration: none;\" href=\"http:\/\/www.wallpowper.com\/wallpaper-downloads-87934.html\">http:\/\/www.wallpowper.com\/wallpaper-downloads-87934.html<\/a> but definitely NOT like a basement with a few tables from which crafts are sold!!<\/p>\n<\/div>\n<p style=\"font-size: 13px; color: #534438; line-height: 20px; margin: 10px 0;\">&#8211;Advertisement&#8212;&#8212;&#8212;&#8212;&#8212;&#8212;&#8212;&#8212;&#8212;&#8212;&#8212;&#8212;<\/p>\n<p style=\"font-size: 13px; color: #534438; line-height: 20px; margin: 10px 0;\"><a href=\"http:\/\/clk.tradedoubler.com\/click?p=83237&amp;a=1719778&amp;g=17782526\" target=\"_BLANK\"><img decoding=\"async\" src=\"http:\/\/impie.tradedoubler.com\/imp?type(img)g(17782526)a(1719778)\" alt=\"\" border=\"0\" \/><\/a><\/p>\n<\/td>\n<\/tr>\n<\/tbody>\n<\/table>\n<table width=\"100%\" cellspacing=\"0\" cellpadding=\"0\">\n<tbody>\n<tr>\n<td style=\"padding: 0 30px 15px;\">\n<div style=\"font-size: 13px; color: #534438; line-height: 20px;\">\n<p style=\"margin: 10px 0;\">Christmas Markets and Christmas Events are here and loads of them! Have a great week and enjoy some of these fine free events! I will go for the REAL thing again next weekend and will be in Germany for a few days. That means that either you will get the next Dublin Event Guide a good bit earlier because I already need to start working on it on Monday and need to have it finished by Thursday night\/Friday morning. OR there will be some disaster and you won&#8217;t get a Dublin Event Guide at all. Keep your fingers crossed that I can avoid the latter! ;-)<\/p>\n<\/div>\n<\/td>\n<\/tr>\n<\/tbody>\n<\/table>\n<table width=\"100%\" cellspacing=\"0\" cellpadding=\"0\">\n<tbody>\n<tr>\n<td style=\"padding: 0 30px 15px;\">\n<div style=\"font-size: 13px; color: #534438; line-height: 20px;\">\n<p style=\"margin: 10px 0;\">Have an event-full time,<\/p>\n<p style=\"margin: 10px 0;\">&#8211;Joerg<\/p>\n<p><a style=\"color: #cc2979; text-decoration: none;\" href=\"mailto:dublineventguide@gmail.com\">dublineventguide@gmail.com<\/a> | <a style=\"color: #cc2979; text-decoration: none;\" href=\"www.dublineventguide.com\">www.dublineventguide.com<\/a> | <a style=\"color: #cc2979; text-decoration: none;\" href=\"http:\/\/www.facebook.com\/DublinEventGuide\">www.facebook.com\/DublinEventGuide<\/a> | <a style=\"color: #cc2979; text-decoration: none;\" href=\"http:\/\/m.dublineventguide.com\">m.dublineventguide.com<\/a><\/p>\n<p>For much needed donations please go to <a style=\"color: #cc2979; text-decoration: none;\" href=\"http:\/\/www.perfectresults.info\/\/donation.htm\">http:\/\/www.perfectresults.info\/donation.htm<\/a><\/p>\n<p>+++++++++++++++++++++++++++++++++++++++++++<br \/>\n<strong>You are receiving this newsletter because you have subscribed to it!!<\/strong><\/p>\n<p>If you don&#8217;t want to receive this mail anymore, just click on the link at the bottom of this mail. It would help me if you told me in an e-mail why you decided to unsubscribe, but that is not a &#8220;Must&#8221;. If you only want to stop receiving the newsletter temporarily, you can &#8211; if you wish &#8211; discuss this with me by e-mail so that we find a solution that makes sense to you. If you unsubscribe using the link at the bottom of the mail and there is a chance that you &#8211; at some stage &#8211; want to re-subscribe, please make sure that you keep a mail with the &#8220;unsubscribe link&#8221; because I will not be able to add you anymore to the list once you have unsubscribed using this link. The only way you can re-subscribe is to follow that specific link and change the settings yourself.<br \/>\nThis Event Guide (the &#8220;Dublin Event Guide (for Free Events)&#8221;) is an Event Guide with a difference. It covers mostly free events based on the thinking that free events deserve additional support and that non-free events have the money to pay for advertisement. The Guide is a _Guide_ and not just a listing and is therefore at times quite extensive. It is sent for free to anybody who is interested and if you want to be added to the mailing list or know somebody who would like to receive this guide, just send them to <a style=\"color: #cc2979; text-decoration: none;\" href=\"http:\/\/www.dublineventguide.com\">http:\/\/www.dublineventguide.com<\/a>, where they can subscribe. If you have feedback &#8211; good or bad &#8211; PLEASE tell me via dublineventguide@gmail.com.<br \/>\nBTW: I am not paid or otherwise rewarded for compiling and distributing this Event Guide it is purely a hobby so your donations are needed: <a style=\"color: #cc2979; text-decoration: none;\" href=\"http:\/\/www.perfectresults.info\/donation.htm\">http:\/\/www.perfectresults.info\/donation.htm<\/a> . Advertisement in or sponsorship of the Dublin Event Guide (for Free Events) is possible and very welcome, please contact me for more information.<br \/>\nPlease note: The Dublin Event Guide (for Free Event) is not related or connected to the long gone fortnightly printed publication &#8220;the event guide&#8221; that you found until December 2008 in pubs and other venues.<br \/>\nCopyright 2012 by Joerg Steegmueller.<\/p>\n<p style=\"margin: 10px 0;\">***********************************************<\/p>\n<\/div>\n<\/td>\n<\/tr>\n<\/tbody>\n<\/table>\n<\/td>\n<\/tr>\n<\/tbody>\n<\/table>\n","protected":false},"excerpt":{"rendered":"<p>No. 285 | 30 November 2012 Subscribers: 12,668 Dublin News &#8211; Competitions &#8211; Support the Guide &#8211; Joerg&#8217;s Picks &#8211; Feel Good &#8211; This is Odd Sat &#8211; Fri &#8211; Sat &#8211; Sun &#8211; Mon &#8211; Tue &#8211; Wed &#8211; Thu &#8211; Fri &#8211; Events Coming Up &#8211; Exhibitions Hi all! It is cold outside, [&hellip;]<\/p>\n","protected":false},"author":1,"featured_media":0,"comment_status":"open","ping_status":"closed","sticky":false,"template":"","format":"standard","meta":{"footnotes":""},"categories":[1],"tags":[],"class_list":["post-1032","post","type-post","status-publish","format-standard","hentry","category-allgemein"],"_links":{"self":[{"href":"https:\/\/www.dublineventguide.com\/blog\/index.php\/wp-json\/wp\/v2\/posts\/1032","targetHints":{"allow":["GET"]}}],"collection":[{"href":"https:\/\/www.dublineventguide.com\/blog\/index.php\/wp-json\/wp\/v2\/posts"}],"about":[{"href":"https:\/\/www.dublineventguide.com\/blog\/index.php\/wp-json\/wp\/v2\/types\/post"}],"author":[{"embeddable":true,"href":"https:\/\/www.dublineventguide.com\/blog\/index.php\/wp-json\/wp\/v2\/users\/1"}],"replies":[{"embeddable":true,"href":"https:\/\/www.dublineventguide.com\/blog\/index.php\/wp-json\/wp\/v2\/comments?post=1032"}],"version-history":[{"count":0,"href":"https:\/\/www.dublineventguide.com\/blog\/index.php\/wp-json\/wp\/v2\/posts\/1032\/revisions"}],"wp:attachment":[{"href":"https:\/\/www.dublineventguide.com\/blog\/index.php\/wp-json\/wp\/v2\/media?parent=1032"}],"wp:term":[{"taxonomy":"category","embeddable":true,"href":"https:\/\/www.dublineventguide.com\/blog\/index.php\/wp-json\/wp\/v2\/categories?post=1032"},{"taxonomy":"post_tag","embeddable":true,"href":"https:\/\/www.dublineventguide.com\/blog\/index.php\/wp-json\/wp\/v2\/tags?post=1032"}],"curies":[{"name":"wp","href":"https:\/\/api.w.org\/{rel}","templated":true}]}}